{"id":603,"date":"2019-01-09T13:57:45","date_gmt":"2019-01-09T13:57:45","guid":{"rendered":"https:\/\/www.atelier-reklama.sk\/blog\/?p=603"},"modified":"2024-10-22T13:14:40","modified_gmt":"2024-10-22T13:14:40","slug":"zoznam-prispevkov","status":"publish","type":"post","link":"https:\/\/www.atelier-reklama.sk\/blog\/zoznam-prispevkov\/","title":{"rendered":"Zoznam pr\u00edspevkov"},"content":{"rendered":"\n<p>2024\/7\/167 Kr\u00e1sa krek\u00e1\u010dskej v\u00fd\u0161ivky-v\u00fdstava<\/p>\n\n\n\n<p>2024\/6\/166 Andrej Kme\u0165: O&nbsp;v\u00fd\u0161ivk\u00e1ch a&nbsp;\u010dipk\u00e1ch v&nbsp;Honte<\/p>\n\n\n\n<p>2024\/5\/165 Horniack\u00fd, krek\u00e1\u010dsk\u00fd kroj a&nbsp;polokroj v&nbsp;severov\u00fdch. Honte<\/p>\n\n\n\n<p>2024\/4\/164 Senohradsk\u00fd kroj v Bratislave<\/p>\n\n\n\n<p>2024\/3\/163 Opleck\u00e1 z&nbsp;Kozieho Vrbovka, Dol. Bad\u00edna a&nbsp;Senohradu vy\u0161it\u00e9 krivou ihlou<\/p>\n\n\n\n<p>2024\/7\/167 Kr\u00e1sa krek\u00e1\u010dskej v\u00fd\u0161ivky-v\u00fdstava<\/p>\n\n\n\n<p>2024\/6\/166 Andrej Kme\u0165: O v\u00fd\u0161ivk\u00e1ch a \u010dipk\u00e1ch v Honte<\/p>\n\n\n\n<p>2024\/5\/165 Horniacky, krek\u00e1\u010dsky kroj a polokroj<\/p>\n\n\n\n<p>2024\/4\/164 Senohradsk\u00fd kroj v Bratislave<\/p>\n\n\n\n<p>2024\/3\/163 Oplecko z Kozieho Vrbovka<\/p>\n\n\n\n<p>2024\/2\/162 Krek\u00e1\u010dske opleck\u00e1 zo Senohradu vy\u0161it\u00e9 hladkovan\u00edm<\/p>\n\n\n\n<p>2024\/1\/161 Krek\u00e1\u010di v&nbsp;SV Honte<\/p>\n\n\n\n<p>2023\/11\/160 \u010cerven\u00fd brusliak z&nbsp;Podpo\u013eania<\/p>\n\n\n\n<p>2023\/10\/159 \u0160atka z&nbsp;Litavy na \u010diernom zamate<\/p>\n\n\n\n<p>2023\/9\/158 Z\u00e1stera pre mlad\u00fa nevestu zo Senohradu<\/p>\n\n\n\n<p>2023\/8\/157 Suk\u0148a zo Senohradu pre mlad\u00fa nevestu<\/p>\n\n\n\n<p>2023\/7\/156 \u010cepiec zo Senohradu pre mlad\u00fa nevestu<\/p>\n\n\n\n<p>2023\/6\/155 \u0160atka z&nbsp;Litavy vy\u0161it\u00e1 pln\u00fdm stehom na bielom<\/p>\n\n\n\n<p>2023\/5\/154 \u013dudov\u00fd odev\/kroj z&nbsp;okolia Bzov\u00edka<\/p>\n\n\n\n<p>2023\/4\/153 Oma\u013eov\u00e1nka<\/p>\n\n\n\n<p>2023\/3\/152 Rub\u00e1\u0161 z&nbsp;Litavy<\/p>\n\n\n\n<p>2023\/2\/151 Z\u00e1stera z&nbsp;Jal\u0161ov\u00edka vy\u0161it\u00e1 na \u010diernom<\/p>\n\n\n\n<p>2023\/1\/150 Z\u00e1stera z&nbsp;Litavy kvety a&nbsp;lastovi\u010dky vy\u0161it\u00e1 na bielom<\/p>\n\n\n\n<p>2022\/22\/149 Podobn\u00e9 \u0161tyri st\u00e1nky z Jal\u0161ov\u00edka a z Litavy<\/p>\n\n\n\n<p>2022\/21\/148 Krek\u00e1\u010dska st\u00e1nka pre star\u0161iu \u017eenu<\/p>\n\n\n\n<p>2022\/20\/147 Diev\u010densk\u00e1 krek\u00e1\u010dska z\u00e1stera<\/p>\n\n\n\n<figure class=\"wp-block-table\"><table><tbody><tr><td>2022\/19\/146<\/td><td>Z\u00e1stera z&nbsp;Litavy vy\u0161\u00edvan\u00e1 krivou ihlou <a href=\"http:\/\/www.atelier-reklama.sk\/blog\/zastera-z-litavy-vysivana-krivou-ihlou\/\" target=\"_blank\" rel=\"noreferrer noopener\">www.atelier-reklama.sk\/blog\/zastera-z-litavy-vysivana-krivou-ihlou\/<\/a><\/td><\/tr><tr><td>2022\/18\/145<\/td><td>Mu\u017esk\u00e1 kek\u00e1\u010dska z\u00e1stera zo Senohradu <a href=\"http:\/\/www.atelier-reklama.sk\/blog\/muzska-krekacska-zastera-zo-senohradu\/\" target=\"_blank\" rel=\"noreferrer noopener\">www.atelier-reklama.sk\/blog\/muzska-krekacska-zastera-zo-senohradu\/<\/a><\/td><\/tr><tr><td>2022\/17\/144<\/td><td>\u010cerveno-\u010dierna st\u00e1nka zo Bzov\u00edka <a href=\"http:\/\/www.atelier-reklama.sk\/blog\/cerveno-cierna-stanka-zo-bzovika\/\" target=\"_blank\" rel=\"noreferrer noopener\">www.atelier-reklama.sk\/blog\/cerveno-cierna-stanka-zo-bzovika\/<\/a><\/td><\/tr><tr><td>2022\/16\/143<\/td><td>Perk\u00e1lov\u00e1 \u0161ata zo Senohradu, spojovac\u00ed \u0161v\u00edk vy\u0161it\u00fd krivou ihlou <a href=\"http:\/\/www.atelier-reklama.sk\/blog\/perkalova-sata-zo-senohradu-spojovaci-svik-vysity-krivou-ihlou\/\" target=\"_blank\" rel=\"noreferrer noopener\">www.atelier-reklama.sk\/blog\/perkalova-sata-zo-senohradu-spojovaci-svik-vysity-krivou-ihlou\/<\/a><\/td><\/tr><tr><td>2022\/15\/142<\/td><td>Z\u00e1stera zo Senohradu vy\u0161\u00edvan\u00e1 kr\u00ed\u017eikmi na bielom pl\u00e1tne &nbsp;<a href=\"http:\/\/www.atelier-reklama.sk\/blog\/zastera-zo-senohradu-vysivana-krizikmi-na-bielom-platne\/\">www.atelier-reklama.sk\/blog\/zastera-zo-senohradu-vysivana-krizikmi-na-bielom-platne\/<\/a><\/td><\/tr><tr><td>2022\/14\/141<\/td><td>\u0160atka z&nbsp;Litavy <a href=\"http:\/\/www.atelier-reklama.sk\/blog\/satka-z-litavy\/\">www.atelier-reklama.sk\/blog\/satka-z-litavy\/<\/a><\/td><\/tr><tr><td>2022\/13\/140<\/td><td>Krek\u00e1\u010dska odiedzka\/p\u00f4lka pre mlad\u00fa nevestu <a href=\"http:\/\/www.atelier-reklama.sk\/blog\/krekacska-odiedzka-pre-mladu-nevestu\/\">www.atelier-reklama.sk\/blog\/krekacska-odiedzka-pre-mladu-nevestu\/<\/a><\/td><\/tr><tr><td>2022\/12\/139<\/td><td>\u201cKece\u013ea\u201d zo Senohradu vy\u0161\u00edvan\u00e1 krivou ihlou <a href=\"http:\/\/www.atelier-reklama.sk\/blog\/kecela-zo-senohradu-vysivana-krivou-ihlou\/\">www.atelier-reklama.sk\/blog\/kecela-zo-senohradu-vysivana-krivou-ihlou\/<\/a><\/td><\/tr><tr><td>2022\/11\/138<\/td><td>Svadobn\u00fd krek\u00e1\u010dsky kab\u00e1tik <a href=\"http:\/\/www.atelier-reklama.sk\/blog\/svadobny-krekacsky-kabatik\/\">www.atelier-reklama.sk\/blog\/svadobny-krekacsky-kabatik\/<\/a><\/td><\/tr><tr><td>2022\/10\/137<\/td><td>Z\u00e1stera\/\u0161ata pre mlad\u00fa \u017eenu ku tzv. krek\u00e1\u010dskemu kroju <a href=\"http:\/\/www.atelier-reklama.sk\/blog\/zastera-sata-pre-mladu-zenu\/\">www.atelier-reklama.sk\/blog\/zastera-sata-pre-mladu-zenu\/<\/a><\/td><\/tr><tr><td>2022\/9\/136<\/td><td>Z\u00e1stera zo Senohradu vy\u0161\u00edvan\u00e1 krivou ihlou na bielom <a href=\"http:\/\/www.atelier-reklama.sk\/blog\/zastera-zo-senohradu-vysivana-krivou-ihlou-na-bielom\/\">www.atelier-reklama.sk\/blog\/zastera-zo-senohradu-vysivana-krivou-ihlou-na-bielom\/<\/a> &nbsp;<\/td><\/tr><tr><td>2022\/8\/135<\/td><td>Perk\u00e1lov\u00e9 \u0161aty (z\u00e1stery) zo Senohradu <a href=\"http:\/\/www.atelier-reklama.sk\/blog\/perkalove-saty-zastery-zo-senohradu\/\">www.atelier-reklama.sk\/blog\/perkalove-saty-zastery-zo-senohradu\/<\/a><\/td><\/tr><tr><td>2022\/7\/134<\/td><td>Mu\u017esk\u00e9 krek\u00e1\u010dske z\u00e1stery zo Senohradu <a href=\"http:\/\/www.atelier-reklama.sk\/blog\/muzske-krekacske-zastery-zo-senohradu\/\">www.atelier-reklama.sk\/blog\/muzske-krekacske-zastery-zo-senohradu\/<\/a><\/td><\/tr><tr><td>2022\/6\/133<\/td><td>Sm\u00fato\u010dn\u00e1 \u0161ata zo Senohradu <a href=\"http:\/\/www.atelier-reklama.sk\/blog\/smutocna-sata-zo-senohradu\/\">www.atelier-reklama.sk\/blog\/smutocna-sata-zo-senohradu\/<\/a><\/td><\/tr><\/tbody><\/table><\/figure>\n\n\n\n<figure class=\"wp-block-table\"><table><tbody><tr><td>2022\/5\/132<\/td><td>&nbsp;Star\u00e9 fotografie &nbsp;<a rel=\"noreferrer noopener\" href=\"http:\/\/www.atelier-reklama.sk\/blog\/stare-fotografie\/\" target=\"_blank\">www.atelier-reklama.sk\/blog\/stare-fotografie\/<\/a><\/td><\/tr><tr><td>2022\/4\/131<\/td><td>Mu\u017esk\u00e1 modrobiela n\u00e1prsenka vzor zo Senohradu&nbsp;<a href=\"http:\/\/www.atelier-reklama.sk\/blog\/muzska-modro-biela-naprsenka-vzor-zo-senohradu\/\" target=\"_blank\" rel=\"noreferrer noopener\">www.atelier-reklama.sk\/blog\/muzska-modro-biela-naprsenka-vzor-zo-senohradu\/<\/a><\/td><\/tr><tr><td>2022\/3\/130<\/td><td>Krek\u00e1\u010dsk\u00fd \u010depiec vy\u0161\u00edvan\u00fd krivou ihlou&nbsp;<a href=\"http:\/\/www.atelier-reklama.sk\/blog\/krekacsky-cepiec-zo-senohradu-vysivany-krivou-ihlou\/\" target=\"_blank\" rel=\"noreferrer noopener\">www.atelier-reklama.sk\/blog\/krekacsky-cepiec-zo-senohradu-vysivany-krivou-ihlou\/<\/a><\/td><\/tr><tr><td>2022\/2\/129<\/td><td>Krek\u00e1\u010dsk\u00fd \u010depiec vy\u0161\u00edvan\u00fd kr\u00ed\u017eikmi&nbsp;<a href=\"http:\/\/www.atelier-reklama.sk\/blog\/krekacsky-cepiec-vysivany-krizikmi\/\" target=\"_blank\" rel=\"noreferrer noopener\">www.atelier-reklama.sk\/blog\/krekacsky-cepiec-vysivany-krizikmi\/<\/a><\/td><\/tr><tr><td>2022\/1\/128<\/td><td>Kinte\u0161 z&nbsp;Doln\u00fdch Mladon\u00edc&nbsp;<a href=\"http:\/\/www.atelier-reklama.sk\/blog\/kintes-vrchna-sukna-z-dolnych-mladonic\/\" target=\"_blank\" rel=\"noreferrer noopener\">www.atelier-reklama.sk\/blog\/kintes-vrchna-sukna-z-dolnych-mladonic\/<\/a><\/td><\/tr><tr><td>2022\/16\/127<\/td><td>Krek\u00e1\u010dsk\u00e1 mu\u017esk\u00e1 ko\u0161e\u013ea&nbsp;<a href=\"http:\/\/www.atelier-reklama.sk\/blog\/krekacska-muzska-kosela\/\" target=\"_blank\" rel=\"noreferrer noopener\">www.atelier-reklama.sk\/blog\/krekacska-muzska-kosela\/<\/a><\/td><\/tr><tr><td>2021\/15\/126<\/td><td>Krek\u00e1\u010dsk\u00e1 nevesta&nbsp;<a href=\"http:\/\/www.atelier-reklama.sk\/blog\/krekacska-nevesta\/\" target=\"_blank\" rel=\"noreferrer noopener\">www.atelier-reklama.sk\/blog\/krekacska-nevesta\/<\/a><\/td><\/tr><tr><td>2021\/14\/125<\/td><td>Plie\u0161ovsk\u00e1 z\u00e1stera z&nbsp;Jal\u0161ov\u00edka&nbsp;<a href=\"http:\/\/www.atelier-reklama.sk\/blog\/pliesovska-zastera-z-jalsovika\/\" target=\"_blank\" rel=\"noreferrer noopener\">www.atelier-reklama.sk\/blog\/pliesovska-zastera-z-jalsovika\/<\/a><\/td><\/tr><tr><td>2021\/13\/124<\/td><td>Biela vyrez\u00e1van\u00e1 \u0161atka z&nbsp;Detvy-Pie\u0161\u0165&nbsp;<a href=\"http:\/\/www.atelier-reklama.sk\/blog\/biela-vyrezavana-satka-z-detvy-piest\/\" target=\"_blank\" rel=\"noreferrer noopener\">www.atelier-reklama.sk\/blog\/biela-vyrezavana-satka-z-detvy-piest\/<\/a><\/td><\/tr><tr><td>2021\/12\/123<\/td><td>Hontiansk\u00e1 \u010dipka, kroj zo Such\u00e1\u0148a a&nbsp;Da\u010dovho Lomu&nbsp;<a href=\"http:\/\/www.atelier-reklama.sk\/blog\/hontianska-cipka-a-kroj-zo-suchana\/\" target=\"_blank\" rel=\"noreferrer noopener\">www.atelier-reklama.sk\/blog\/hontianska-cipka-a-kroj-zo-suchana\/<\/a><\/td><\/tr><tr><td>2021\/11\/122<\/td><td>Kroj z&nbsp;Turieho po\u013ea&nbsp;<a href=\"http:\/\/www.atelier-reklama.sk\/blog\/kroj-z-turieho-pola\/\" target=\"_blank\" rel=\"noreferrer noopener\">www.atelier-reklama.sk\/blog\/kroj-z-turieho-pola\/<\/a><\/td><\/tr><tr><td>2021\/10\/121<\/td><td>Kroj z&nbsp;tekovskej truhlice&nbsp;<a href=\"http:\/\/www.atelier-reklama.sk\/blog\/kroj-z-tekovskej-truhlice\/\" target=\"_blank\" rel=\"noreferrer noopener\">www.atelier-reklama.sk\/blog\/kroj-z-tekovskej-truhlice\/<\/a><\/td><\/tr><tr><td>2021\/9\/120<\/td><td>\u0160atky vy\u0161\u00edvan\u00e9 na bielom pl\u00e1tne&nbsp;<a href=\"http:\/\/www.atelier-reklama.sk\/blog\/satky-vysivane-na-bielom-platne\/\" target=\"_blank\" rel=\"noreferrer noopener\">www.atelier-reklama.sk\/blog\/satky-vysivane-na-bielom-platne\/<\/a><\/td><\/tr><tr><td>2021\/8\/119<\/td><td>Kab\u00e1tik 6.&nbsp;<a href=\"http:\/\/www.atelier-reklama.sk\/blog\/kabatik-6\/\" target=\"_blank\" rel=\"noreferrer noopener\">www.atelier-reklama.sk\/blog\/kabatik-6\/<\/a><\/td><\/tr><tr><td>2021\/7\/118<\/td><td>Krek\u00e1\u010dsk\u00e9 sukne&nbsp;<a href=\"http:\/\/www.atelier-reklama.sk\/blog\/krekacske-sukne-kintese-kecele\/\" target=\"_blank\" rel=\"noreferrer noopener\">www.atelier-reklama.sk\/blog\/krekacske-sukne-kintese-kecele\/<\/a><\/td><\/tr><tr><td>2021\/6\/117<\/td><td>Jarab\u00e1 \u0161ata z&nbsp;novej modrotla\u010de&nbsp;<a href=\"http:\/\/www.atelier-reklama.sk\/blog\/jaraba-sata-z-novej-modrotlace\/\" target=\"_blank\" rel=\"noreferrer noopener\">www.atelier-reklama.sk\/blog\/jaraba-sata-z-novej-modrotlace\/<\/a><\/td><\/tr><tr><td>2021\/5\/116<\/td><td>\u010cepiec z&nbsp;Doln\u00fdch Mladon\u00edc&nbsp;<a href=\"http:\/\/www.atelier-reklama.sk\/blog\/cepiec-z-dolnych-mladonic\/\" target=\"_blank\" rel=\"noreferrer noopener\">www.atelier-reklama.sk\/blog\/cepiec-z-dolnych-mladonic\/<\/a><\/td><\/tr><tr><td>2021\/4\/115<\/td><td>O\u010dovsk\u00e9 gate s&nbsp;ko\u0161e\u013eou&nbsp;<a href=\"http:\/\/www.atelier-reklama.sk\/blog\/ocovske-gate-s-koselou\/\" target=\"_blank\" rel=\"noreferrer noopener\">www.atelier-reklama.sk\/blog\/ocovske-gate-s-koselou\/<\/a><\/td><\/tr><tr><td>2021\/3\/114<\/td><td>Vy\u0161\u00edvan\u00e9 ko\u0161ele z&nbsp;Jal\u0161ov\u00edka (J\u00e1n Alak\u0161a)&nbsp;<a href=\"http:\/\/www.atelier-reklama.sk\/blog\/vysivana-kosela-z-jalsovika\/\" target=\"_blank\" rel=\"noreferrer noopener\">www.atelier-reklama.sk\/blog\/vysivana-kosela-z-jalsovika\/<\/a><\/td><\/tr><tr><td>2021\/2\/113<\/td><td>Krek\u00e1\u010dska st\u00e1nka z&nbsp;Jal\u0161ov\u00edka&nbsp;<a href=\"http:\/\/www.atelier-reklama.sk\/blog\/krekacska-stanka-z-jalsovika-severovychodny-hont\/\" target=\"_blank\" rel=\"noreferrer noopener\">www.atelier-reklama.sk\/blog\/krekacska-stanka-z-jalsovika-severovychodny-hont\/<\/a><\/td><\/tr><tr><td>2021\/1\/112<\/td><td>Podpolianske \u0161atky&nbsp;<a href=\"http:\/\/www.atelier-reklama.sk\/blog\/podpolianske-satky\/\" target=\"_blank\" rel=\"noreferrer noopener\">www.atelier-reklama.sk\/blog\/podpolianske-satky\/<\/a><\/td><\/tr><tr><td>2020\/19\/111<\/td><td>Krek\u00e1\u010dsk\u00e1 \u010dierna z\u00e1stera vy\u0161\u00edvan\u00e1 bielym&nbsp;<a href=\"http:\/\/www.atelier-reklama.sk\/blog\/krekacska-cierna-zastera-vysivana-bielym\/\" target=\"_blank\" rel=\"noreferrer noopener\">www.atelier-reklama.sk\/blog\/krekacska-cierna-zastera-vysivana-bielym\/<\/a><\/td><\/tr><tr><td>2020\/18\/110<\/td><td>Zamatov\u00e1 z\u00e1stera zo severov\u00fdchodn\u00e9ho Hontu&nbsp;<a href=\"http:\/\/www.atelier-reklama.sk\/blog\/horniacka-zamatova-zastera-zo-severovychodneho-hontu\/\" target=\"_blank\" rel=\"noreferrer noopener\">www.atelier-reklama.sk\/blog\/horniacka-zamatova-zastera-zo-severovychodneho-hontu\/<\/a><\/td><\/tr><tr><td>2020\/17\/109<\/td><td>Krek\u00e1\u010dsk\u00e9 opleck\u00e1 II.&nbsp;<a href=\"http:\/\/www.atelier-reklama.sk\/blog\/krekacske-oplecka-ii\/\" target=\"_blank\" rel=\"noreferrer noopener\">www.atelier-reklama.sk\/blog\/krekacske-oplecka-ii\/<\/a><\/td><\/tr><tr><td>2020\/16\/108<\/td><td>Mu\u017esk\u00e1 vy\u0161\u00edvan\u00e1 ko\u0161e\u013ea zo Senohradu&nbsp;<a href=\"http:\/\/www.atelier-reklama.sk\/blog\/muzska-vysivana-kosela-zo-senohradu\/\" target=\"_blank\" rel=\"noreferrer noopener\">www.atelier-reklama.sk\/blog\/muzska-vysivana-kosela-zo-senohradu\/<\/a><\/td><\/tr><tr><td>2020\/15\/107<\/td><td>Monika Kme\u0165ov\u00e1 a&nbsp;jej prekreslen\u00e9 vzory v\u00fd\u0161iviek&nbsp;<a href=\"http:\/\/www.atelier-reklama.sk\/blog\/monika-kmetova-a-jej-prekreslene-vzory-vysiviek\/\" target=\"_blank\" rel=\"noreferrer noopener\">www.atelier-reklama.sk\/blog\/monika-kmetova-a-jej-prekreslene-vzory-vysiviek\/<\/a><\/td><\/tr><tr><td>2020\/14\/106<\/td><td>\u010cerven\u00e1 suk\u0148a so zamatovou z\u00e1sterou ( horniacko-krek\u00e1\u010dska?)&nbsp;<a href=\"http:\/\/www.atelier-reklama.sk\/blog\/cervena-krekacska-sukna-so-zamatovou-zasterou\/\" target=\"_blank\" rel=\"noreferrer noopener\">www.atelier-reklama.sk\/blog\/cervena-krekacska-sukna-so-zamatovou-zasterou\/<\/a><\/td><\/tr><tr><td>2020\/13\/105<\/td><td>Ru\u010dn\u00edk vy\u0161\u00edvan\u00fd na bielom pl\u00e1tne od Agnesky Kon\u00f4pkovej zo Bzov\u00edka&nbsp;<a href=\"http:\/\/www.atelier-reklama.sk\/blog\/rucnik-vysivany-na-bielom-platne-od-agnesky-konopkovej-zo-bzovika\/\" target=\"_blank\" rel=\"noreferrer noopener\">www.atelier-reklama.sk\/blog\/rucnik-vysivany-na-bielom-platne-od-agnesky-konopkovej-zo-bzovika\/<\/a><\/td><\/tr><tr><td>2020\/12\/104<\/td><td>Krek\u00e1\u010dsk\u00e1 suk\u0148a so z\u00e1sterou vy\u0161\u00edvan\u00e1 na bielom pl\u00e1tne&nbsp;<a href=\"http:\/\/www.atelier-reklama.sk\/blog\/krekacska-sukna-so-zasterou-vysivana-krizikmi-na-bielom-platne\/\" target=\"_blank\" rel=\"noreferrer noopener\">www.atelier-reklama.sk\/blog\/krekacska-sukna-so-zasterou-vysivana-krizikmi-na-bielom-platne\/<\/a><\/td><\/tr><tr><td>2020\/11\/103<\/td><td>Veniec na hlavu zo Senohradu&nbsp;<a href=\"http:\/\/www.atelier-reklama.sk\/blog\/veniec-na-hlavu-zo-senohradu\/\" target=\"_blank\" rel=\"noreferrer noopener\">www.atelier-reklama.sk\/blog\/veniec-na-hlavu-zo-senohradu\/<\/a><\/td><\/tr><tr><td>2020\/10\/102<\/td><td>Ozdobn\u00fd uter\u00e1k na stenu&nbsp;<a href=\"http:\/\/www.atelier-reklama.sk\/blog\/ozdobny-uterak-na-stenu-uterac\/\" target=\"_blank\" rel=\"noreferrer noopener\">www.atelier-reklama.sk\/blog\/ozdobny-uterak-na-stenu-uterac\/<\/a><\/td><\/tr><tr><td>2020\/9\/101<\/td><td>Spodn\u00e1 suk\u0148a renov\u00e1cia&nbsp;<a href=\"http:\/\/www.atelier-reklama.sk\/blog\/spodna-sukna-renovacia\/\" target=\"_blank\" rel=\"noreferrer noopener\">www.atelier-reklama.sk\/blog\/spodna-sukna-renovacia\/<\/a><\/td><\/tr><tr><td>2020\/8\/100<\/td><td>Kroj z&nbsp;U\u0148at\u00edna, severov\u00fdchodn\u00fd Hont&nbsp;<a href=\"http:\/\/www.atelier-reklama.sk\/blog\/kroj-z-unatina-severovychodny-hont\/\" target=\"_blank\" rel=\"noreferrer noopener\">www.atelier-reklama.sk\/blog\/kroj-z-unatina-severovychodny-hont\/<\/a><\/td><\/tr><tr><td>2020\/7\/99<\/td><td>Jarab\u00e9\/tarkav\u00e9 \u0161aty&nbsp;<a href=\"http:\/\/www.atelier-reklama.sk\/blog\/jarabe-tarkave-saty\/\" target=\"_blank\" rel=\"noreferrer noopener\">www.atelier-reklama.sk\/blog\/jarabe-tarkave-saty\/<\/a><\/td><\/tr><tr><td>2020\/6\/98<\/td><td>Z\u00e1stera horniacko-krek\u00e1\u010dsk\u00e1&nbsp;<a href=\"http:\/\/www.atelier-reklama.sk\/blog\/zastera-horniacko-krekacska\/\" target=\"_blank\" rel=\"noreferrer noopener\">www.atelier-reklama.sk\/blog\/zastera-horniacko-krekacska\/<\/a><\/td><\/tr><tr><td>2020\/5\/97<\/td><td>Kinte\u0161\/kece\u013ea zo severov\u00fdchodn\u00e9ho Hontu&nbsp;<a href=\"http:\/\/www.atelier-reklama.sk\/blog\/kintes-kecela-z-hontu\/\" target=\"_blank\" rel=\"noreferrer noopener\">www.atelier-reklama.sk\/blog\/kintes-kecela-z-hontu\/<\/a><\/td><\/tr><tr><td>2020\/4\/96<\/td><td>S\u00fakenn\u00fd krek\u00e1\u010dsk\u00fd \u017eiv\u00f4tik zo severov\u00fdchodn\u00e9ho Hontu&nbsp;<a href=\"http:\/\/www.atelier-reklama.sk\/blog\/sukenny-krekacsky-zivotik-zo-severovychodneho-hontu\/\" target=\"_blank\" rel=\"noreferrer noopener\">www.atelier-reklama.sk\/blog\/sukenny-krekacsky-zivotik-zo-severovychodneho-hontu\/<\/a><\/td><\/tr><tr><td>2020\/3\/95<\/td><td>\u0160ata zo Senohradu, severov\u00fdchodn\u00fd Hont&nbsp;<a href=\"http:\/\/www.atelier-reklama.sk\/blog\/zastera-sata-zo-senohradu\/\" target=\"_blank\" rel=\"noreferrer noopener\">www.atelier-reklama.sk\/blog\/zastera-sata-zo-senohradu\/<\/a><\/td><\/tr><tr><td>2020\/2\/94<\/td><td>Mu\u017esk\u00e1 ko\u0161e\u013ea z&nbsp;Dobrej Nivy 2.&nbsp;<a href=\"http:\/\/www.atelier-reklama.sk\/blog\/muzska-kosela-z-dobrej-nivy-2\/\" target=\"_blank\" rel=\"noreferrer noopener\">www.atelier-reklama.sk\/blog\/muzska-kosela-z-dobrej-nivy-2\/<\/a><\/td><\/tr><tr><td>2020\/1\/93<\/td><td>Ru\u010dn\u00ed\u010dky vy\u0161\u00edvan\u00e9 za p\u00e1s&nbsp;<a href=\"http:\/\/www.atelier-reklama.sk\/blog\/rucnicky-vysivane\/\" target=\"_blank\" rel=\"noreferrer noopener\">www.atelier-reklama.sk\/blog\/rucnicky-vysivane\/<\/a><\/td><\/tr><tr><td>2019\/83\/92<\/td><td>M\u00e1ria Trub\u00ednyov\u00e1 R\u00e1dio Lumen: Fujar\u00f4\u010dka moja&nbsp;<a href=\"http:\/\/www.atelier-reklama.sk\/blog\/maria-trubinyova-radio-lumen-fujarocka-moja\/\" target=\"_blank\" rel=\"noreferrer noopener\">www.atelier-reklama.sk\/blog\/maria-trubinyova-radio-lumen-fujarocka-moja\/<\/a>&nbsp;&nbsp;&nbsp;&nbsp;&nbsp;&nbsp;&nbsp;&nbsp;&nbsp;&nbsp;&nbsp;&nbsp;&nbsp;&nbsp;&nbsp;&nbsp;&nbsp;&nbsp;&nbsp;&nbsp;&nbsp;&nbsp;&nbsp;&nbsp;&nbsp;&nbsp;&nbsp;&nbsp;&nbsp;&nbsp;&nbsp;&nbsp;&nbsp;<\/td><\/tr><tr><td>2019\/82\/91<\/td><td>Plie\u0161ovsk\u00e1 mu\u017esk\u00e1 ko\u0161e\u013ea 2.&nbsp;<a href=\"http:\/\/www.atelier-reklama.sk\/blog\/pliesovska-muzska-kosela-2\/\" target=\"_blank\" rel=\"noreferrer noopener\">www.atelier-reklama.sk\/blog\/pliesovska-muzska-kosela-2\/<\/a><\/td><\/tr><tr><td>2019\/81\/90<\/td><td>Mu\u017esk\u00e9 a&nbsp;chlap\u010densk\u00e9 ko\u0161ele, n\u00e1prsenky z&nbsp;mojej zbierky&nbsp;<a href=\"http:\/\/www.atelier-reklama.sk\/blog\/muzske-a-chlapcenske-kosele-naprsenky-z-mojej-zbierky\/\" target=\"_blank\" rel=\"noreferrer noopener\">www.atelier-reklama.sk\/blog\/muzske-a-chlapcenske-kosele-naprsenky-z-mojej-zbierky\/<\/a>&nbsp;&nbsp;&nbsp;&nbsp;<\/td><\/tr><tr><td>2019\/80\/89<\/td><td>V\u00fd\u0161ivky&nbsp;<a href=\"http:\/\/www.atelier-reklama.sk\/blog\/category\/vysivky\/\" target=\"_blank\" rel=\"noreferrer noopener\">www.atelier-reklama.sk\/blog\/category\/vysivky\/<\/a><\/td><\/tr><tr><td>2019\/79\/88<\/td><td>Agneska Fabianov\u00e1 z Doln\u00e9ho Bad\u00edna a jej kroj&nbsp;<a href=\"https:\/\/www.atelier-reklama.sk\/blog\/agneska-fabianova-z-dolneho-badina-a-jej-kroj\/\" target=\"_blank\" rel=\"noreferrer noopener\">https:\/\/www.atelier-reklama.sk\/blog\/agneska-fabianova-z-dolneho-badina-a-jej-kroj\/<\/a><\/td><\/tr><tr><td>2019\/78\/87<\/td><td>Krek\u00e1\u010dsky kroj z Jal\u0161ov\u00edka na fotografi\u00e1ch Martina Haba Hab\u00e1nka&nbsp;<a href=\"https:\/\/www.atelier-reklama.sk\/blog\/krekacsky-kroj-z-jalsovika-na-fotografiach-martina-haba-habanka\/\" target=\"_blank\" rel=\"noreferrer noopener\">https:\/\/www.atelier-reklama.sk\/blog\/krekacsky-kroj-z-jalsovika-na-fotografiach-martina-haba-habanka\/<\/a><\/td><\/tr><tr><td>2019\/77\/86<\/td><td>Janka Be\u0148ov\u00e1 zo Zvolenskej Slatiny a jej kr\u00e1sne v\u00fd\u0161ivky krivou ihlou&nbsp;<a href=\"https:\/\/www.atelier-reklama.sk\/blog\/janka-benova-zo-zvolenskej-slatiny-a-jej-krasne-vysivky-krivou-ihlou\/\" target=\"_blank\" rel=\"noreferrer noopener\">https:\/\/www.atelier-reklama.sk\/blog\/janka-benova-zo-zvolenskej-slatiny-a-jej-krasne-vysivky-krivou-ihlou\/<\/a><\/td><\/tr><tr><td>2019\/76\/85<\/td><td>Krek\u00e1\u010dsky kab\u00e1tik a&nbsp;z\u00e1stera&nbsp;<a href=\"https:\/\/www.atelier-reklama.sk\/blog\/krekacsky-kabatik-a-zastera\/\" target=\"_blank\" rel=\"noreferrer noopener\">https:\/\/www.atelier-reklama.sk\/blog\/krekacsky-kabatik-a-zastera\/<\/a><\/td><\/tr><tr><td>2019\/75\/84<\/td><td>Svadba v kroji Pe\u0165ky a R\u00f3berta Kart\u00e1\u010dov\u00fdch na Litave&nbsp;<a href=\"https:\/\/www.atelier-reklama.sk\/blog\/svadba-v-kroji-petky-a-roberta-kartacovych-na-litave\/\" target=\"_blank\" rel=\"noreferrer noopener\">https:\/\/www.atelier-reklama.sk\/blog\/svadba-v-kroji-petky-a-roberta-kartacovych-na-litave\/<\/a><\/td><\/tr><tr><td>2019\/74\/83<\/td><td>Krek\u00e1\u010dska \u010dierna sat\u00e9nov\u00e1 z\u00e1stera z Hontu vy\u0161\u00edvan\u00e1 kr\u00ed\u017eikmi&nbsp;<a href=\"https:\/\/www.atelier-reklama.sk\/blog\/krekacska-cierna-satenova-zastera-vysivana-krizikmi\/\" target=\"_blank\" rel=\"noreferrer noopener\">https:\/\/www.atelier-reklama.sk\/blog\/krekacska-cierna-satenova-zastera-vysivana-krizikmi\/<\/a><\/td><\/tr><tr><td>2019\/73\/82<\/td><td>Krek\u00e1\u010dske st\u00e1nky z&nbsp;Hontu&nbsp;<a href=\"https:\/\/www.atelier-reklama.sk\/blog\/krekacske-stanky-z-hontu\/\" target=\"_blank\" rel=\"noreferrer noopener\">https:\/\/www.atelier-reklama.sk\/blog\/krekacske-stanky-z-hontu\/<\/a><\/td><\/tr><tr><td>2019\/72\/81<\/td><td>Krek\u00e1\u010dsk\u00e1 z\u00e1stera vy\u0161\u00edvan\u00e1 kr\u00ed\u017eikmi na bielom pl\u00e1tne&nbsp;<a href=\"https:\/\/www.atelier-reklama.sk\/blog\/krekacska-zastera-vysivana-krizikmi-na-bielom-platne\" target=\"_blank\" rel=\"noreferrer noopener\">https:\/\/www.atelier-reklama.sk\/blog\/krekacska-zastera-vysivana-krizikmi-na-bielom-platne<\/a><\/td><\/tr><tr><td>2019\/71\/80<\/td><td>Monika Bal\u00e1\u017eov\u00e1 zo Zvolenskej Slatiny a jej kroj&nbsp;<a href=\"https:\/\/www.atelier-reklama.sk\/blog\/monika-balazova-zo-zvolenskej-slatiny-a-jej-kroj\/\" target=\"_blank\" rel=\"noreferrer noopener\">https:\/\/www.atelier-reklama.sk\/blog\/monika-balazova-zo-zvolenskej-slatiny-a-jej-kroj\/<\/a><\/td><\/tr><tr><td>2019\/70\/79<\/td><td>Kroj Anny Alak\u0161ovej-Ja\u010fu\u010fovej z Jal\u0161ov\u00edka&nbsp;<a href=\"https:\/\/www.atelier-reklama.sk\/blog\/kroj-anny-alaksovej-jadudovej-z-jalsovika\/\" target=\"_blank\" rel=\"noreferrer noopener\">https:\/\/www.atelier-reklama.sk\/blog\/kroj-anny-alaksovej-jadudovej-z-jalsovika\/<\/a><\/td><\/tr><tr><td>2019\/69\/78<\/td><td>\u0160ikovn\u00e9 ruky Vierky \u0160m\u00e1lovej z&nbsp;D\u00fabrav&nbsp;<a href=\"https:\/\/www.atelier-reklama.sk\/blog\/sikovne-ruky-vierky-smalovej-z-dubravy-okres-detva\/\" target=\"_blank\" rel=\"noreferrer noopener\">https:\/\/www.atelier-reklama.sk\/blog\/sikovne-ruky-vierky-smalovej-z-dubravy-okres-detva\/<\/a><\/td><\/tr><tr><td>2019\/68\/77<\/td><td>Moja rodina v krojihttps:\/\/<a href=\"https:\/\/www.atelier-reklama.sk\/blog\/moja-rodina-v-kroji\/\" target=\"_blank\" rel=\"noreferrer noopener\">www.atelier-reklama.sk\/blog\/moja-rodina-v-kroji\/<\/a><\/td><\/tr><tr><td>2019\/67\/76<\/td><td>\u010cepiec zo Bzov\u00edka&nbsp;<a href=\"https:\/\/www.atelier-reklama.sk\/blog\/cepiec-zo-bzovika-sev-hont\/\" target=\"_blank\" rel=\"noreferrer noopener\">https:\/\/www.atelier-reklama.sk\/blog\/cepiec-zo-bzovika-sev-hont\/<\/a><\/td><\/tr><tr><td>2019\/66\/75<\/td><td>Kroj Anny Alak\u0161ovej-Hnilicovej&nbsp;<a href=\"https:\/\/www.atelier-reklama.sk\/blog\/kroj-anny-alaksovej-hnilicovej-z-jalsovika\/\" target=\"_blank\" rel=\"noreferrer noopener\">https:\/\/www.atelier-reklama.sk\/blog\/kroj-anny-alaksovej-hnilicovej-z-jalsovika\/<\/a><\/td><\/tr><tr><td>2019\/65\/74<\/td><td>Diev\u010densk\u00fd a mu\u017esk\u00fd kroj&nbsp;<a href=\"https:\/\/www.atelier-reklama.sk\/blog\/surodenci-ninka-a-martin-fekiacovi-v-krekacskom-kroji\/\" target=\"_blank\" rel=\"noreferrer noopener\">https:\/\/www.atelier-reklama.sk\/blog\/surodenci-ninka-a-martin-fekiacovi-v-krekacskom-kroji\/<\/a><\/td><\/tr><tr><td>2019\/64\/73<\/td><td>R\u00facanie m\u00e1jov&nbsp;<a href=\"https:\/\/www.atelier-reklama.sk\/blog\/rucanie-majov-na-jalsoviku-okr-krupina-sev-hont\/\" target=\"_blank\" rel=\"noreferrer noopener\">https:\/\/www.atelier-reklama.sk\/blog\/rucanie-majov-na-jalsoviku-okr-krupina-sev-hont\/<\/a><\/td><\/tr><tr><td>2019\/63\/72<\/td><td>Kroj Margity Sedm\u00e1kovej z Jal\u0161ov\u00edka&nbsp;<a href=\"https:\/\/www.atelier-reklama.sk\/blog\/kroj-margity-sedmakovej-z-jalsovika\/\" target=\"_blank\" rel=\"noreferrer noopener\">https:\/\/www.atelier-reklama.sk\/blog\/kroj-margity-sedmakovej-z-Jalsovika\/<\/a><\/td><\/tr><tr><td>2019\/62\/71<\/td><td>Kroj M\u00e1rie Kme\u0165ovej z Jal\u0161ov\u00edka&nbsp;<a href=\"https:\/\/www.atelier-reklama.sk\/blog\/kroj-marii-kmetovej-z-jalsovika\/\" target=\"_blank\" rel=\"noreferrer noopener\">https:\/\/www.atelier-reklama.sk\/blog\/kroj-marii-kmetovej-z-jalsovika\/<\/a><\/td><\/tr><tr><td>2019\/61\/70<\/td><td>Kroj Angely Kov\u00e1\u010dovej z&nbsp;Jal\u0161ov\u00edka&nbsp;<a href=\"https:\/\/www.atelier-reklama.sk\/blog\/kroj-angely-kovacovej-z-jalsovika\/\" target=\"_blank\" rel=\"noreferrer noopener\">https:\/\/www.atelier-reklama.sk\/blog\/kroj-angely-kovacovej-z-jalsovika\/<\/a><\/td><\/tr><tr><td>2019\/60\/69<\/td><td>Kroj a&nbsp;\u013eudov\u00e9 piesne z&nbsp;Jal\u0161ov\u00edka&nbsp;<a href=\"https:\/\/www.atelier-reklama.sk\/blog\/kroj-a-ludove-piesne-z-jalsovika\/\" target=\"_blank\" rel=\"noreferrer noopener\">https:\/\/www.atelier-reklama.sk\/blog\/kroj-a-ludove-piesne-z-jalsovika\/<\/a><\/td><\/tr><tr><td>2019\/59\/68<\/td><td>Kroj Margity Pavlendovej zo Bzov\u00edka&nbsp;<a href=\"https:\/\/www.atelier-reklama.sk\/blog\/kroj-margity-pavlendovej-zo-bzovika\/\" target=\"_blank\" rel=\"noreferrer noopener\">https:\/\/www.atelier-reklama.sk\/blog\/kroj-margity-pavlendovej-zo-bzovika\/<\/a><\/td><\/tr><tr><td>2019\/58\/67<\/td><td>Suk\u0148a a&nbsp;vzor vytvoren\u00fd O\u013egou Vilhanovou z&nbsp;Detvy&nbsp;<a href=\"https:\/\/www.atelier-reklama.sk\/blog\/sukna-a-vzor-vytvoreny-olgou-vilhanovou-z-detvy\/\" target=\"_blank\" rel=\"noreferrer noopener\">https:\/\/www.atelier-reklama.sk\/blog\/sukna-a-vzor-vytvoreny-olgou-vilhanovou-z-detvy\/<\/a><\/td><\/tr><tr><td>2019\/57\/66&nbsp;&nbsp;&nbsp;&nbsp;&nbsp;&nbsp;&nbsp;&nbsp;&nbsp;&nbsp;&nbsp;&nbsp;&nbsp;&nbsp;&nbsp;&nbsp;&nbsp;&nbsp;&nbsp;&nbsp;<\/td><td>Krek\u00e1\u010dsk\u00fd kroj, sev. Hont&nbsp;<a href=\"https:\/\/www.atelier-reklama.sk\/blog\/krekacsky-kroj-sev-hont\/\" target=\"_blank\" rel=\"noreferrer noopener\">https:\/\/www.atelier-reklama.sk\/blog\/krekacsky-kroj-sev-hont\/<\/a><\/td><\/tr><tr><td>2019\/56\/65<\/td><td>Kroj z \u010cekoviec, sev. Hont&nbsp;<a href=\"https:\/\/www.atelier-reklama.sk\/blog\/kroj-z-cekoviec-sev-hont\/\" target=\"_blank\" rel=\"noreferrer noopener\">https:\/\/www.atelier-reklama.sk\/blog\/kroj-z-cekoviec-sev-hont\/<\/a><\/td><\/tr><tr><td>2019\/55\/64<\/td><td>Ke\u010f rozpr\u00e1va stark\u00e1 o kroji z Dobrej Nivy&nbsp;<a href=\"https:\/\/www.atelier-reklama.sk\/blog\/ked-rozprava-starka\/\" target=\"_blank\" rel=\"noreferrer noopener\">https:\/\/www.atelier-reklama.sk\/blog\/ked-rozprava-starka\/<\/a><\/td><\/tr><tr><td>2019\/54\/63<\/td><td>Simonka \u0160tefkov\u00e1&nbsp;<a href=\"https:\/\/www.atelier-reklama.sk\/blog\/simonka-stefkova-v-kroji-z-babinej\/\" target=\"_blank\" rel=\"noreferrer noopener\">https:\/\/www.atelier-reklama.sk\/blog\/simonka-stefkova-v-kroji-z-babinej\/<\/a><\/td><\/tr><tr><td>2019\/53\/62<\/td><td>Diev\u010densk\u00fd kroj z Dobrej Nivy&nbsp;<a href=\"https:\/\/www.atelier-reklama.sk\/blog\/dievcensky-kroj-z-dobrej-nivy\/\" target=\"_blank\" rel=\"noreferrer noopener\">https:\/\/www.atelier-reklama.sk\/blog\/dievcensky-kroj-z-dobrej-nivy\/<\/a><\/td><\/tr><tr><td>2019\/52\/61<\/td><td>Chlap\u010densk\u00e1 ko\u0161e\u013ea z Krupinyhttps:\/\/<a href=\"http:\/\/www.atelier-reklama.sk\/blog\/chlapcenska-kosela-z-krupiny\/\" target=\"_blank\" rel=\"noreferrer noopener\">www.atelier-reklama.sk\/blog\/chlapcenska-kosela-z-krupiny\/<\/a><\/td><\/tr><tr><td>2019\/51\/60<\/td><td>V\u0161etky moje z\u00e1stery a prekreslen\u00e9 vzory v\u00fd\u0161iviek&nbsp;<a href=\"https:\/\/www.atelier-reklama.sk\/blog\/vsetky-moje-zastery-a-prekreslene-vzory-vysiviek\/\" target=\"_blank\" rel=\"noreferrer noopener\">https:\/\/www.atelier-reklama.sk\/blog\/vsetky-moje-zastery-a-prekreslene-vzory-vysiviek\/<\/a><\/td><\/tr><tr><td>2019\/50\/59<\/td><td>Z\u00e1stera star\u00e1 tintov\u00e1 a nov\u00e1 glotov\u00e1, sev. Honthttps:\/\/<a href=\"http:\/\/www.atelier-reklama.sk\/blog\/zastera-stara-tintova-a-nova-glotova-sev-hont\/\" target=\"_blank\" rel=\"noreferrer noopener\">www.atelier-reklama.sk\/blog\/zastera-stara-tintova-a-nova-glotova-sev-hont\/<\/a><\/td><\/tr><tr><td>2019\/49\/58<\/td><td>Z\u00e1stera z \u010cekoviec&nbsp;<a href=\"https:\/\/www.atelier-reklama.sk\/blog\/zastera-z-cekoviec-sev-hont\/\" target=\"_blank\" rel=\"noreferrer noopener\">https:\/\/www.atelier-reklama.sk\/blog\/zastera-z-cekoviec-sev-hont\/<\/a><\/td><\/tr><tr><td>2019\/48\/57<\/td><td>Biela z\u00e1stera, vzor ko\u0161\u00edky s kvetmi&nbsp;<a href=\"https:\/\/www.atelier-reklama.sk\/blog\/biela-zastera-vzor-kosiky-s-kvetmi\/\" target=\"_blank\" rel=\"noreferrer noopener\">https:\/\/www.atelier-reklama.sk\/blog\/biela-zastera-vzor-kosiky-s-kvetmi\/<\/a><\/td><\/tr><tr><td>2019\/47\/56<\/td><td>Z\u00e1stera zamatov\u00e1, vy\u0161\u00edvan\u00e1 kr\u00ed\u017eikmi, Doln\u00e9 Mladonice, sev. Hont&nbsp;<a href=\"https:\/\/www.atelier-reklama.sk\/blog\/zastera-dolne-mladonice-sev-hont\/\" target=\"_blank\" rel=\"noreferrer noopener\">https:\/\/www.atelier-reklama.sk\/blog\/zastera-dolne-mladonice-sev-hont\/<\/a><\/td><\/tr><tr><td>2019\/46\/55<\/td><td>Biela z\u00e1stera 2., Senohrad, sev. Hont <a href=\"https:\/\/www.atelier-reklama.sk\/blog\/zastera-senohrad-sev-hont\/\" target=\"_blank\" rel=\"noreferrer noopener\">https:\/\/www.atelier-reklama.sk\/blog\/zastera-senohrad-sev-hont\/<\/a><\/td><\/tr><tr><td>2019\/45\/54<\/td><td>Oplecko zo Bzov\u00edka<a href=\"https:\/\/www.atelier-reklama.sk\/blog\/oplecko-zo-bzovika\/\" target=\"_blank\" rel=\"noreferrer noopener\">https:\/\/www.atelier-reklama.sk\/blog\/oplecko-zo-bzovika\/<\/a><\/td><\/tr><tr><td>2019\/44\/53<\/td><td>V\u00fdstava krojov na Jal\u0161ov\u00edku, sev. Hont&nbsp;<a href=\"https:\/\/www.atelier-reklama.sk\/blog\/vystava-krojov-jalsovik\/\" target=\"_blank\" rel=\"noreferrer noopener\">https:\/\/www.atelier-reklama.sk\/blog\/vystava-krojov-jalsovik\/<\/a><\/td><\/tr><tr><td>2019\/43\/52<\/td><td>N\u00e1uka o&nbsp;krojoch a&nbsp;vkuse&nbsp;<a href=\"https:\/\/www.atelier-reklama.sk\/blog\/nauka-o-krojoch-a-vkuse\/\" target=\"_blank\" rel=\"noreferrer noopener\">https:\/\/www.atelier-reklama.sk\/blog\/nauka-o-krojoch-a-vkuse\/<\/a><\/td><\/tr><tr><td>2019\/42\/51<\/td><td>Drahot\u00edna Kri\u017eko-Kardossov\u00e1, vz\u00e1cne vzory v\u00fd\u0161iviek z&nbsp;Hontu&nbsp;&nbsp;<a href=\"https:\/\/www.atelier-reklama.sk\/blog\/drahotina-krizko-kardossova\/\" target=\"_blank\" rel=\"noreferrer noopener\">https:\/\/www.atelier-reklama.sk\/blog\/drahotina-krizko-kardossova\/<\/a><\/td><\/tr><tr><td>2019\/41\/50<\/td><td>V\u0161etky moje \u010depce&nbsp;<a href=\"https:\/\/www.atelier-reklama.sk\/blog\/vsetky-moje-cepce\/\" target=\"_blank\" rel=\"noreferrer noopener\">https:\/\/www.atelier-reklama.sk\/blog\/vsetky-moje-cepce\/<\/a><\/td><\/tr><tr><td>2019\/40\/49<\/td><td>Podpolianske \u010depce&nbsp;<a href=\"https:\/\/www.atelier-reklama.sk\/blog\/cepce-podpolianske\/\" target=\"_blank\" rel=\"noreferrer noopener\">https:\/\/www.atelier-reklama.sk\/blog\/cepce-podpolianske\/<\/a><\/td><\/tr><tr><td>2019\/39\/48<\/td><td>\u010cepiec 14., sev. Hont-horniacky&nbsp;<a href=\"https:\/\/www.atelier-reklama.sk\/blog\/cepiec-14-hontiansky-horniacky\/\" target=\"_blank\" rel=\"noreferrer noopener\">https:\/\/www.atelier-reklama.sk\/blog\/cepiec-14-hontiansky-horniacky\/<\/a><\/td><\/tr><tr><td>2019\/38\/47<\/td><td>\u010cepiec 13., sev. Hont&nbsp;<a href=\"https:\/\/www.atelier-reklama.sk\/blog\/cepiec-13\/\" target=\"_blank\" rel=\"noreferrer noopener\">https:\/\/www.atelier-reklama.sk\/blog\/cepiec-13\/<\/a><\/td><\/tr><tr><td>2019\/37\/46<\/td><td>\u010cepiec 12., sev. Hont&nbsp;<a href=\"https:\/\/www.atelier-reklama.sk\/blog\/cepiec-12\/\" target=\"_blank\" rel=\"noreferrer noopener\">https:\/\/www.atelier-reklama.sk\/blog\/cepiec-12\/<\/a><\/td><\/tr><tr><td>2019\/36\/45<\/td><td>\u010cepiec 11., sev. Hont&nbsp;<a href=\"https:\/\/www.atelier-reklama.sk\/blog\/cepiec-11\/\" target=\"_blank\" rel=\"noreferrer noopener\">https:\/\/www.atelier-reklama.sk\/blog\/cepiec-11\/<\/a><\/td><\/tr><tr><td>2019\/35\/44<\/td><td>\u010cepiec 10.sev.Hont<a href=\"https:\/\/www.atelier-reklama.sk\/blog\/cepiec-10\/\" target=\"_blank\" rel=\"noreferrer noopener\">https:\/\/www.atelier-reklama.sk\/blog\/cepiec-10\/<\/a><\/td><\/tr><tr><td>2019\/34\/43<\/td><td>\u010cepiec 9.sev.Hont&nbsp;<a href=\"https:\/\/www.atelier-reklama.sk\/blog\/cepiec-9\/\" target=\"_blank\" rel=\"noreferrer noopener\">https:\/\/www.atelier-reklama.sk\/blog\/cepiec-9\/<\/a><\/td><\/tr><tr><td>2019\/33\/42<\/td><td>\u010cepiec 8.sev.Hont&nbsp;<a href=\"https:\/\/www.atelier-reklama.sk\/blog\/cepiec-8\/\" target=\"_blank\" rel=\"noreferrer noopener\">https:\/\/www.atelier-reklama.sk\/blog\/cepiec-8\/<\/a><\/td><\/tr><tr><td>2019\/32\/41<\/td><td>\u010cepiec 7.,sev.Hont&nbsp;<a href=\"https:\/\/www.atelier-reklama.sk\/blog\/cepiec-7\/\" target=\"_blank\" rel=\"noreferrer noopener\">https:\/\/www.atelier-reklama.sk\/blog\/cepiec-7\/<\/a><\/td><\/tr><tr><td>2019\/31\/40<\/td><td>\u010cepiec 6.,sev.Hont&nbsp;<a href=\"https:\/\/www.atelier-reklama.sk\/blog\/cepiec-6\/\" target=\"_blank\" rel=\"noreferrer noopener\">https:\/\/www.atelier-reklama.sk\/blog\/cepiec-6\/<\/a><\/td><\/tr><tr><td>2019\/30\/39<\/td><td>\u010cepiec 4.,sev.Hont&nbsp;<a href=\"https:\/\/www.atelier-reklama.sk\/blog\/cepiec-4\/\" target=\"_blank\" rel=\"noreferrer noopener\">https:\/\/www.atelier-reklama.sk\/blog\/cepiec-4\/<\/a><\/td><\/tr><tr><td>2019\/29\/38<\/td><td>\u010cepiec 3.,sev.Hont&nbsp;<a href=\"https:\/\/www.atelier-reklama.sk\/blog\/cepiec-3\/\" target=\"_blank\" rel=\"noreferrer noopener\">https:\/\/www.atelier-reklama.sk\/blog\/cepiec-3\/<\/a><\/td><\/tr><tr><td>2019\/28\/37<\/td><td>\u010cepiec 2.,sev.Hont&nbsp;<a href=\"https:\/\/www.atelier-reklama.sk\/blog\/cepiec-2-2\/\" target=\"_blank\" rel=\"noreferrer noopener\">https:\/\/www.atelier-reklama.sk\/blog\/cepiec-2-2\/<\/a><\/td><\/tr><tr><td>2019\/27\/36<\/td><td>Zbierka \u010depcov, \u010depiec 1.<a href=\"https:\/\/www.atelier-reklama.sk\/blog\/cepiec-2\/\" target=\"_blank\" rel=\"noreferrer noopener\">https:\/\/www.atelier-reklama.sk\/blog\/cepiec-2\/\ufeff<\/a><\/td><\/tr><tr><td>2019\/26\/35<\/td><td>K\u00fatna plachta, Petrovce, Gemer<a href=\"https:\/\/www.atelier-reklama.sk\/blog\/kutna-plachta\/\" target=\"_blank\" rel=\"noreferrer noopener\">https:\/\/www.atelier-reklama.sk\/blog\/kutna-plachta\/<\/a><\/td><\/tr><tr><td>2019\/25\/34<\/td><td>Uter\u00e1ky vy\u0161\u00edvan\u00e9 kr\u00ed\u017eikmi <a href=\"https:\/\/www.atelier-reklama.sk\/blog\/uteraky-vysivane-krizikmi\/\" target=\"_blank\" rel=\"noreferrer noopener\">https:\/\/www.atelier-reklama.sk\/blog\/uteraky-vysivane-krizikmi\/<\/a><\/td><\/tr><tr><td>2019\/24\/33<\/td><td>Renov\u00e1cia z\u00e1stery vy\u0161\u00edvanej kr\u00ed\u017eikmi z Jal\u0161ov\u00edka&nbsp;<a href=\"https:\/\/www.atelier-reklama.sk\/blog\/renovacia-zastery-vysivanej-krizikmi\/\" target=\"_blank\" rel=\"noreferrer noopener\">https:\/\/www.atelier-reklama.sk\/blog\/renovacia-zastery-vysivanej-krizikmi\/<\/a><\/td><\/tr><tr><td>2019\/23\/32<\/td><td>Renov\u00e1cia z\u00e1stery vy\u0161\u00edvanej krivou ihlou zo Senohradu&nbsp;<a href=\"https:\/\/www.atelier-reklama.sk\/blog\/renovacia-zastery-vysivanej-krivou-ihlou-zo-senohradu\/\" target=\"_blank\" rel=\"noreferrer noopener\">https:\/\/www.atelier-reklama.sk\/blog\/renovacia-zastery-vysivanej-krivou-ihlou-zo-senohradu\/<\/a><\/td><\/tr><tr><td>2019\/22\/31<\/td><td>Mu\u017esk\u00e1 ko\u0161e\u013ea z Detvy <a href=\"https:\/\/www.atelier-reklama.sk\/blog\/muzska-kosela-z-detvy\/\" target=\"_blank\" rel=\"noreferrer noopener\">https:\/\/www.atelier-reklama.sk\/blog\/muzska-kosela-z-detvy\/<\/a><\/td><\/tr><tr><td>2019\/21\/30<\/td><td>Mu\u017esk\u00e1 ko\u0161e\u013ea z Budinej<a href=\"https:\/\/www.atelier-reklama.sk\/blog\/muzska-kosela-z-budinej\/\" target=\"_blank\" rel=\"noreferrer noopener\">https:\/\/www.atelier-reklama.sk\/blog\/muzska-kosela-z-budinej\/<\/a><\/td><\/tr><tr><td>2019\/20\/29<\/td><td>Mu\u017esk\u00e1 ko\u0161e\u013ea z Pohorelej<a href=\"https:\/\/www.atelier-reklama.sk\/blog\/muzska-kosela-z-pohorelej\/\" target=\"_blank\" rel=\"noreferrer noopener\">https:\/\/www.atelier-reklama.sk\/blog\/muzska-kosela-z-pohorelej\/<\/a><\/td><\/tr><tr><td>2019<\/td><td>N\u00e1uka o&nbsp;krojoch a vkusehttps:\/\/<a href=\"http:\/\/www.atelier-reklama.sk\/blog\/nauka-o-krojoch-a-vkuse\/\" target=\"_blank\" rel=\"noreferrer noopener\">www.atelier-reklama.sk\/blog\/nauka-o-krojoch-a-vkuse\/<\/a><\/td><\/tr><tr><td>2019\/19\/28<\/td><td>Mu\u017esk\u00e1 ko\u0161e\u013ea z He\u013epy<a href=\"https:\/\/www.atelier-reklama.sk\/blog\/muzska-kosela-z-helpy\/\" target=\"_blank\" rel=\"noreferrer noopener\">https:\/\/www.atelier-reklama.sk\/blog\/muzska-kosela-z-helpy\/<\/a><\/td><\/tr><tr><td>2019\/18\/27<\/td><td>Mu\u017esk\u00e1 ko\u0161e\u013ea z Tisovn\u00edka<a href=\"https:\/\/www.atelier-reklama.sk\/blog\/muzska-kosela-z-tisovnika\/\" target=\"_blank\" rel=\"noreferrer noopener\">https:\/\/www.atelier-reklama.sk\/blog\/muzska-kosela-z-tisovnika\/<\/a><\/td><\/tr><tr><td>2019\/17\/26<\/td><td>Mu\u017esk\u00e1 ko\u0161e\u013ea z Plie\u0161oviec&nbsp;<a href=\"https:\/\/www.atelier-reklama.sk\/blog\/muzska-kosela-z-dobrej-nivy-pliesoviec-2\/\" target=\"_blank\" rel=\"noreferrer noopener\">https:\/\/www.atelier-reklama.sk\/blog\/muzska-kosela-z-dobrej-nivy-pliesoviec-2\/<\/a><\/td><\/tr><tr><td>2019\/16\/25<\/td><td>Mu\u017esk\u00e9 ko\u0161ele od zberate\u013ea krojov a folkloristu Juraja Vedeja. Mu\u017esk\u00e1 ko\u0161e\u013ea z Dobrej Nivy.<a href=\"https:\/\/www.atelier-reklama.sk\/blog\/muzske-kosele-od-zberatela-krojov-a-folkloristu-juraja-vedeja\/\" target=\"_blank\" rel=\"noreferrer noopener\">https:\/\/www.atelier-reklama.sk\/blog\/muzske-kosele-od-zberatela-krojov-a-folkloristu-juraja-vedeja\/<\/a><\/td><\/tr><tr><td>2019\/15\/24<\/td><td>Detsk\u00e1 z\u00e1stera vy\u0161\u00edvan\u00e1 krivou ihlou<a href=\"https:\/\/www.atelier-reklama.sk\/blog\/detska-zastera-vysivana-krivou-ihlou\/\" target=\"_blank\" rel=\"noreferrer noopener\">https:\/\/www.atelier-reklama.sk\/blog\/detska-zastera-vysivana-krivou-ihlou\/<\/a><\/td><\/tr><tr><td>2019\/14\/23<\/td><td>Detsk\u00e1 z\u00e1stera, kr\u00ed\u017eikov\u00e1 v\u00fd\u0161ivka na \u010diernom sat\u00e9ne<a href=\"https:\/\/www.atelier-reklama.sk\/blog\/detska-zastera-krizikova-vysivka-na-ciernom-satene\/\" target=\"_blank\" rel=\"noreferrer noopener\">https:\/\/www.atelier-reklama.sk\/blog\/detska-zastera-krizikova-vysivka-na-ciernom-satene\/<\/a><\/td><\/tr><tr><td>2019\/13\/22<\/td><td>Z\u00e1sterka detsk\u00e1, pln\u00e1 v\u00fd\u0161ivka na bielom pl\u00e1tne<a href=\"https:\/\/www.atelier-reklama.sk\/blog\/zasterka-detska-plna-vysivka-na-bielom-platne\/\" target=\"_blank\" rel=\"noreferrer noopener\">https:\/\/www.atelier-reklama.sk\/blog\/zasterka-detska-plna-vysivka-na-bielom-platne\/<\/a><\/td><\/tr><tr><td>2019\/12\/21<\/td><td>Z\u00e1stera vy\u0161\u00edvan\u00e1 krivou ihlou na bielom pl\u00e1tne<a href=\"https:\/\/www.atelier-reklama.sk\/blog\/zastera-vysivana-krivou-ihlou-na-bielom-platne\/\" target=\"_blank\" rel=\"noreferrer noopener\">https:\/\/www.atelier-reklama.sk\/blog\/zastera-vysivana-krivou-ihlou-na-bielom-platne\/<\/a><\/td><\/tr><tr><td>2019\/11\/20<\/td><td>\u0160atka vy\u0161\u00edvan\u00e1 krivou ihlou na bielom pl\u00e1tne&nbsp;<a href=\"https:\/\/www.atelier-reklama.sk\/blog\/satka-vysivana-krivou-ihlou-na-bielom-platne\/\" target=\"_blank\" rel=\"noreferrer noopener\">https:\/\/www.atelier-reklama.sk\/blog\/satka-vysivana-krivou-ihlou-na-bielom-platne\/<\/a><\/td><\/tr><tr><td>2019\/10\/19<\/td><td>\u0160atka, pln\u00e1 v\u00fd\u0161ivka na bielom pl\u00e1tne&nbsp;<a href=\"https:\/\/www.atelier-reklama.sk\/blog\/satka-plna-vysivka-na-bielom-platne\/\" target=\"_blank\" rel=\"noreferrer noopener\">https:\/\/www.atelier-reklama.sk\/blog\/satka-plna-vysivka-na-bielom-platne\/<\/a><\/td><\/tr><tr><td>2019\/9\/18<\/td><td>\u0160atky vy\u0161\u00edvan\u00e9 na zamate kr\u00ed\u017eikami a krivou ihlou &nbsp;<a href=\"https:\/\/www.atelier-reklama.sk\/blog\/satka-vysivana-na-bordovom-zamate\/\" target=\"_blank\" rel=\"noreferrer noopener\">https:\/\/www.atelier-reklama.sk\/blog\/satka-vysivana-na-bordovom-zamate\/<\/a><\/td><\/tr><tr><td>2019\/8\/17<\/td><td>\u017div\u00f4tik, lajbl\u00edk, prus\u013eak, horniacky kroj v sev. Honte&nbsp;<a href=\"https:\/\/www.atelier-reklama.sk\/blog\/zivotik-horniacky-kroj-v-sev-honte\/\" target=\"_blank\" rel=\"noreferrer noopener\">https:\/\/www.atelier-reklama.sk\/blog\/zivotik-horniacky-kroj-v-sev-honte\/<\/a><\/td><\/tr><tr><td>2019\/7\/16<\/td><td>Podpo\u013eanie, z\u00e1stera,&nbsp;<a href=\"https:\/\/www.atelier-reklama.sk\/blog\/podpolanie-krasny-kroj\/\" target=\"_blank\" rel=\"noreferrer noopener\">https:\/\/www.atelier-reklama.sk\/blog\/podpolanie-krasny-kroj\/<\/a><\/td><\/tr><tr><td>2019\/6\/15<\/td><td>Vzory v\u00fd\u0161iviek od J. \u0160imovej, \u010cekovce, sev. Hont,<a href=\"https:\/\/www.atelier-reklama.sk\/blog\/vzory-vysiviek-od-jolany-simovej-z-bratislavy\/\" target=\"_blank\" rel=\"noreferrer noopener\">https:\/\/www.atelier-reklama.sk\/blog\/vzory-vysiviek-od-jolany-simovej-z-bratislavy\/<\/a><\/td><\/tr><tr><td>2019\/5\/14<\/td><td>Kroj od J. \u0160imovej, \u010cekovce, sev. Hont,&nbsp;<a href=\"https:\/\/www.atelier-reklama.sk\/blog\/cepiec-od-jolany-simovej\/\" target=\"_blank\" rel=\"noreferrer noopener\">https:\/\/www.atelier-reklama.sk\/blog\/cepiec-od-jolany-simovej\/<\/a><\/td><\/tr><tr><td>2019\/4\/13<\/td><td>Kab\u00e1tik 5., sev. Hont,&nbsp;<a href=\"https:\/\/www.atelier-reklama.sk\/blog\/kabatik-5\/\" target=\"_blank\" rel=\"noreferrer noopener\">https:\/\/www.atelier-reklama.sk\/blog\/kabatik-5\/<\/a><\/td><\/tr><tr><td>2019\/3\/12<\/td><td>Kab\u00e1tik 4., sev. Hont,&nbsp;<a href=\"https:\/\/www.atelier-reklama.sk\/blog\/kabatik-4\/\" target=\"_blank\" rel=\"noreferrer noopener\">https:\/\/www.atelier-reklama.sk\/blog\/kabatik-4\/<\/a><\/td><\/tr><tr><td>2019\/2\/11<\/td><td>Kab\u00e1tik 3., sev. Hont,&nbsp;<a href=\"https:\/\/www.atelier-reklama.sk\/blog\/kabatik-3\/\" target=\"_blank\" rel=\"noreferrer noopener\">https:\/\/www.atelier-reklama.sk\/blog\/kabatik-3\/<\/a><\/td><\/tr><tr><td>2019\/1\/10<\/td><td>Kab\u00e1tik 2., sev. Hont,&nbsp;<a href=\"https:\/\/www.atelier-reklama.sk\/blog\/kabatik-2\/\" target=\"_blank\" rel=\"noreferrer noopener\">https:\/\/www.atelier-reklama.sk\/blog\/kabatik-2\/<\/a><\/td><\/tr><tr><td>2018<\/td><td>V\u00fdstava krojov, Jal\u0161ov\u00edk, sev. Hont,&nbsp;<a href=\"https:\/\/www.atelier-reklama.sk\/blog\/vystava-krojov-jalsovik\/\" target=\"_blank\" rel=\"noreferrer noopener\">https:\/\/www.atelier-reklama.sk\/blog\/vystava-krojov-jalsovik\/<\/a><\/td><\/tr><tr><td>2018\/9<\/td><td>Mu\u017esk\u00e1 ko\u0161e\u013ea, Jal\u0161ov\u00edk, sev. Hont,&nbsp;<a href=\"https:\/\/www.atelier-reklama.sk\/blog\/muzska-kosela-jalsovik\/\" target=\"_blank\" rel=\"noreferrer noopener\">https:\/\/www.atelier-reklama.sk\/blog\/muzska-kosela-jalsovik\/<\/a><\/td><\/tr><tr><td>2018\/8<\/td><td>V\u00fd\u0161ivka na bordovom zamate, Dobr\u00e1 Niva, Podpo\u013eanie,<a href=\"https:\/\/www.atelier-reklama.sk\/blog\/bordovy-zamat-dobra-niva\/\" target=\"_blank\" rel=\"noreferrer noopener\">https:\/\/www.atelier-reklama.sk\/blog\/bordovy-zamat-dobra-niva\/<\/a><\/td><\/tr><tr><td>2018\/7<\/td><td>Z\u00e1stera zo Senohradu, sev. Hont,&nbsp;<a href=\"https:\/\/www.atelier-reklama.sk\/blog\/biela-zastera-senohrad\/\" target=\"_blank\" rel=\"noreferrer noopener\">https:\/\/www.atelier-reklama.sk\/blog\/biela-zastera-senohrad\/<\/a><\/td><\/tr><tr><td>2018\/6<\/td><td>Kab\u00e1tik 1., sev. Hont,&nbsp;<a href=\"https:\/\/www.atelier-reklama.sk\/blog\/kabatik-1\/\" target=\"_blank\" rel=\"noreferrer noopener\">https:\/\/www.atelier-reklama.sk\/blog\/kabatik-1\/<\/a><\/td><\/tr><tr><td>2018\/5<\/td><td>Oplecko, ruk\u00e1vce, sev. Hont,&nbsp;<a href=\"https:\/\/www.atelier-reklama.sk\/blog\/rukavce-oplecko\/\" target=\"_blank\" rel=\"noreferrer noopener\">https:\/\/www.atelier-reklama.sk\/blog\/rukavce-oplecko\/<\/a><\/td><\/tr><tr><td>2018\/4<\/td><td>Rub\u00e1\u0161, sev. Hont,&nbsp;<a href=\"https:\/\/www.atelier-reklama.sk\/blog\/rubas\/\" target=\"_blank\" rel=\"noreferrer noopener\">https:\/\/www.atelier-reklama.sk\/blog\/rubas\/<\/a><\/td><\/tr><tr><td>2018\/3<\/td><td>\u010cepiec 5.,sev. Hont,&nbsp;<a href=\"https:\/\/www.atelier-reklama.sk\/blog\/cepiec\/\" target=\"_blank\" rel=\"noreferrer noopener\">https:\/\/www.atelier-reklama.sk\/blog\/cepiec\/<\/a><\/td><\/tr><tr><td>2018\/2<\/td><td>Vrchn\u00e1 suk\u0148a-rub\u00e1\u0161, sev. Hont,&nbsp;<a href=\"https:\/\/www.atelier-reklama.sk\/blog\/kyntes-vrchna-sukna\/\" target=\"_blank\" rel=\"noreferrer noopener\">https:\/\/www.atelier-reklama.sk\/blog\/kyntes-vrchna-sukna\/<\/a><\/td><\/tr><tr><td>2018\/1<\/td><td>Glotov\u00e1 z\u00e1stera, sev. Hont&nbsp;<a href=\"https:\/\/www.atelier-reklama.sk\/blog\/glotova-zastera\/\" target=\"_blank\" rel=\"noreferrer noopener\">https:\/\/www.atelier-reklama.sk\/blog\/glotova-zastera\/<\/a><\/td><\/tr><\/tbody><\/table><\/figure>\n","protected":false},"excerpt":{"rendered":"<p>2024\/7\/167 Kr\u00e1sa krek\u00e1\u010dskej v\u00fd\u0161ivky-v\u00fdstava 2024\/6\/166 Andrej Kme\u0165: O&nbsp;v\u00fd\u0161ivk\u00e1ch a&nbsp;\u010dipk\u00e1ch v&nbsp;Honte 2024\/5\/165 Horniack\u00fd, krek\u00e1\u010dsk\u00fd kroj a&nbsp;polokroj v&nbsp;severov\u00fdch. Honte 2024\/4\/164 Senohradsk\u00fd kroj<\/p>\n","protected":false},"author":1,"featured_media":0,"comment_status":"open","ping_status":"open","sticky":false,"template":"","format":"standard","meta":{"_exactmetrics_skip_tracking":false,"_exactmetrics_sitenote_active":false,"_exactmetrics_sitenote_note":"","_exactmetrics_sitenote_category":0,"jetpack_post_was_ever_published":false,"_jetpack_newsletter_access":"","_jetpack_dont_email_post_to_subs":false,"_jetpack_newsletter_tier_id":0,"_jetpack_memberships_contains_paywalled_content":false,"_jetpack_memberships_contains_paid_content":false,"footnotes":"","jetpack_publicize_message":"","jetpack_publicize_feature_enabled":true,"jetpack_social_post_already_shared":false,"jetpack_social_options":{"image_generator_settings":{"template":"highway","enabled":false},"version":2}},"categories":[14],"tags":[],"class_list":["post-603","post","type-post","status-publish","format-standard","hentry","category-zoznam-prispevkov"],"jetpack_publicize_connections":[],"jetpack_featured_media_url":"","jetpack_sharing_enabled":true,"jetpack_shortlink":"https:\/\/wp.me\/paKGI9-9J","jetpack-related-posts":[],"_links":{"self":[{"href":"https:\/\/www.atelier-reklama.sk\/blog\/wp-json\/wp\/v2\/posts\/603","targetHints":{"allow":["GET"]}}],"collection":[{"href":"https:\/\/www.atelier-reklama.sk\/blog\/wp-json\/wp\/v2\/posts"}],"about":[{"href":"https:\/\/www.atelier-reklama.sk\/blog\/wp-json\/wp\/v2\/types\/post"}],"author":[{"embeddable":true,"href":"https:\/\/www.atelier-reklama.sk\/blog\/wp-json\/wp\/v2\/users\/1"}],"replies":[{"embeddable":true,"href":"https:\/\/www.atelier-reklama.sk\/blog\/wp-json\/wp\/v2\/comments?post=603"}],"version-history":[{"count":111,"href":"https:\/\/www.atelier-reklama.sk\/blog\/wp-json\/wp\/v2\/posts\/603\/revisions"}],"predecessor-version":[{"id":15349,"href":"https:\/\/www.atelier-reklama.sk\/blog\/wp-json\/wp\/v2\/posts\/603\/revisions\/15349"}],"wp:attachment":[{"href":"https:\/\/www.atelier-reklama.sk\/blog\/wp-json\/wp\/v2\/media?parent=603"}],"wp:term":[{"taxonomy":"category","embeddable":true,"href":"https:\/\/www.atelier-reklama.sk\/blog\/wp-json\/wp\/v2\/categories?post=603"},{"taxonomy":"post_tag","embeddable":true,"href":"https:\/\/www.atelier-reklama.sk\/blog\/wp-json\/wp\/v2\/tags?post=603"}],"curies":[{"name":"wp","href":"https:\/\/api.w.org\/{rel}","templated":true}]}}