{"id":16147,"date":"2026-03-13T14:46:50","date_gmt":"2026-03-13T14:46:50","guid":{"rendered":"https:\/\/www.atelier-reklama.sk\/blog\/?p=16147"},"modified":"2026-03-26T07:48:20","modified_gmt":"2026-03-26T07:48:20","slug":"moj-rodostrom","status":"publish","type":"post","link":"https:\/\/www.atelier-reklama.sk\/blog\/moj-rodostrom\/","title":{"rendered":"M\u00f4j rodostrom"},"content":{"rendered":"\n<p>Anna \u010cep\u00e1kov\u00e1, \u010d\u00edslo z\u00e1znamu 2026\/1\/174, pr\u00e1vo pou\u017eitia-nekomer\u010dn\u00e9 \u00fa\u010dely.<\/p>\n\n\n\n<figure class=\"wp-block-image size-large is-resized\"><a href=\"https:\/\/i0.wp.com\/www.atelier-reklama.sk\/blog\/wp-content\/uploads\/2026\/03\/2.-RODOSTROM-moj-Stefan-pra-prastary-otec.png?ssl=1\"><img data-recalc-dims=\"1\" loading=\"lazy\" decoding=\"async\" width=\"800\" height=\"559\" data-attachment-id=\"16148\" data-permalink=\"https:\/\/www.atelier-reklama.sk\/blog\/moj-rodostrom\/2-rodostrom-moj-stefan-pra-prastary-otec\/\" data-orig-file=\"https:\/\/i0.wp.com\/www.atelier-reklama.sk\/blog\/wp-content\/uploads\/2026\/03\/2.-RODOSTROM-moj-Stefan-pra-prastary-otec.png?fit=4882%2C3415&amp;ssl=1\" data-orig-size=\"4882,3415\" data-comments-opened=\"1\" data-image-meta=\"{&quot;aperture&quot;:&quot;0&quot;,&quot;credit&quot;:&quot;&quot;,&quot;camera&quot;:&quot;&quot;,&quot;caption&quot;:&quot;&quot;,&quot;created_timestamp&quot;:&quot;0&quot;,&quot;copyright&quot;:&quot;&quot;,&quot;focal_length&quot;:&quot;0&quot;,&quot;iso&quot;:&quot;0&quot;,&quot;shutter_speed&quot;:&quot;0&quot;,&quot;title&quot;:&quot;&quot;,&quot;orientation&quot;:&quot;0&quot;}\" data-image-title=\"2. RODOSTROM m\u00f4j \u0160tefan pra-prastar\u00fd otec\" data-image-description=\"\" data-image-caption=\"\" data-medium-file=\"https:\/\/i0.wp.com\/www.atelier-reklama.sk\/blog\/wp-content\/uploads\/2026\/03\/2.-RODOSTROM-moj-Stefan-pra-prastary-otec.png?fit=300%2C210&amp;ssl=1\" data-large-file=\"https:\/\/i0.wp.com\/www.atelier-reklama.sk\/blog\/wp-content\/uploads\/2026\/03\/2.-RODOSTROM-moj-Stefan-pra-prastary-otec.png?fit=800%2C559&amp;ssl=1\" src=\"https:\/\/i0.wp.com\/www.atelier-reklama.sk\/blog\/wp-content\/uploads\/2026\/03\/2.-RODOSTROM-moj-Stefan-pra-prastary-otec.png?resize=800%2C559&#038;ssl=1\" alt=\"\" class=\"wp-image-16148\" style=\"width:1140px;height:auto\" srcset=\"https:\/\/i0.wp.com\/www.atelier-reklama.sk\/blog\/wp-content\/uploads\/2026\/03\/2.-RODOSTROM-moj-Stefan-pra-prastary-otec.png?resize=1024%2C716&amp;ssl=1 1024w, https:\/\/i0.wp.com\/www.atelier-reklama.sk\/blog\/wp-content\/uploads\/2026\/03\/2.-RODOSTROM-moj-Stefan-pra-prastary-otec.png?resize=300%2C210&amp;ssl=1 300w, https:\/\/i0.wp.com\/www.atelier-reklama.sk\/blog\/wp-content\/uploads\/2026\/03\/2.-RODOSTROM-moj-Stefan-pra-prastary-otec.png?resize=768%2C537&amp;ssl=1 768w, https:\/\/i0.wp.com\/www.atelier-reklama.sk\/blog\/wp-content\/uploads\/2026\/03\/2.-RODOSTROM-moj-Stefan-pra-prastary-otec.png?resize=1536%2C1074&amp;ssl=1 1536w, https:\/\/i0.wp.com\/www.atelier-reklama.sk\/blog\/wp-content\/uploads\/2026\/03\/2.-RODOSTROM-moj-Stefan-pra-prastary-otec.png?resize=2048%2C1433&amp;ssl=1 2048w, https:\/\/i0.wp.com\/www.atelier-reklama.sk\/blog\/wp-content\/uploads\/2026\/03\/2.-RODOSTROM-moj-Stefan-pra-prastary-otec.png?resize=130%2C90&amp;ssl=1 130w, https:\/\/i0.wp.com\/www.atelier-reklama.sk\/blog\/wp-content\/uploads\/2026\/03\/2.-RODOSTROM-moj-Stefan-pra-prastary-otec.png?w=1600&amp;ssl=1 1600w, https:\/\/i0.wp.com\/www.atelier-reklama.sk\/blog\/wp-content\/uploads\/2026\/03\/2.-RODOSTROM-moj-Stefan-pra-prastary-otec.png?w=2400&amp;ssl=1 2400w\" sizes=\"auto, (max-width: 800px) 100vw, 800px\" \/><\/a><\/figure>\n\n\n\n<p>Oprava: m\u00f4j pra-prastar\u00fd otec \u0160tefan Bart\u00edk sa narodil 8.12. 1842, nie 8.2.1842.<\/p>\n\n\n\n<figure class=\"wp-block-image aligncenter size-large is-resized\"><a href=\"https:\/\/i0.wp.com\/www.atelier-reklama.sk\/blog\/wp-content\/uploads\/2026\/03\/Rodostrom-cista-tabulka.jpg?ssl=1\"><img data-recalc-dims=\"1\" loading=\"lazy\" decoding=\"async\" width=\"800\" height=\"566\" data-attachment-id=\"16286\" data-permalink=\"https:\/\/www.atelier-reklama.sk\/blog\/moj-rodostrom\/rodostrom-cista-tabulka\/\" data-orig-file=\"https:\/\/i0.wp.com\/www.atelier-reklama.sk\/blog\/wp-content\/uploads\/2026\/03\/Rodostrom-cista-tabulka.jpg?fit=2338%2C1654&amp;ssl=1\" data-orig-size=\"2338,1654\" data-comments-opened=\"1\" data-image-meta=\"{&quot;aperture&quot;:&quot;0&quot;,&quot;credit&quot;:&quot;&quot;,&quot;camera&quot;:&quot;&quot;,&quot;caption&quot;:&quot;&quot;,&quot;created_timestamp&quot;:&quot;0&quot;,&quot;copyright&quot;:&quot;&quot;,&quot;focal_length&quot;:&quot;0&quot;,&quot;iso&quot;:&quot;0&quot;,&quot;shutter_speed&quot;:&quot;0&quot;,&quot;title&quot;:&quot;&quot;,&quot;orientation&quot;:&quot;1&quot;}\" data-image-title=\"Rodostrom \u010dist\u00e1 tabu\u013eka\" data-image-description=\"\" data-image-caption=\"\" data-medium-file=\"https:\/\/i0.wp.com\/www.atelier-reklama.sk\/blog\/wp-content\/uploads\/2026\/03\/Rodostrom-cista-tabulka.jpg?fit=300%2C212&amp;ssl=1\" data-large-file=\"https:\/\/i0.wp.com\/www.atelier-reklama.sk\/blog\/wp-content\/uploads\/2026\/03\/Rodostrom-cista-tabulka.jpg?fit=800%2C566&amp;ssl=1\" src=\"https:\/\/i0.wp.com\/www.atelier-reklama.sk\/blog\/wp-content\/uploads\/2026\/03\/Rodostrom-cista-tabulka.jpg?resize=800%2C566&#038;ssl=1\" alt=\"\" class=\"wp-image-16286\" style=\"width:1024px;height:auto\" srcset=\"https:\/\/i0.wp.com\/www.atelier-reklama.sk\/blog\/wp-content\/uploads\/2026\/03\/Rodostrom-cista-tabulka.jpg?resize=1024%2C724&amp;ssl=1 1024w, https:\/\/i0.wp.com\/www.atelier-reklama.sk\/blog\/wp-content\/uploads\/2026\/03\/Rodostrom-cista-tabulka.jpg?resize=300%2C212&amp;ssl=1 300w, https:\/\/i0.wp.com\/www.atelier-reklama.sk\/blog\/wp-content\/uploads\/2026\/03\/Rodostrom-cista-tabulka.jpg?resize=768%2C543&amp;ssl=1 768w, https:\/\/i0.wp.com\/www.atelier-reklama.sk\/blog\/wp-content\/uploads\/2026\/03\/Rodostrom-cista-tabulka.jpg?resize=1536%2C1087&amp;ssl=1 1536w, https:\/\/i0.wp.com\/www.atelier-reklama.sk\/blog\/wp-content\/uploads\/2026\/03\/Rodostrom-cista-tabulka.jpg?resize=2048%2C1449&amp;ssl=1 2048w, https:\/\/i0.wp.com\/www.atelier-reklama.sk\/blog\/wp-content\/uploads\/2026\/03\/Rodostrom-cista-tabulka.jpg?w=1600&amp;ssl=1 1600w\" sizes=\"auto, (max-width: 800px) 100vw, 800px\" \/><\/a><\/figure>\n\n\n\n<h2 class=\"wp-block-heading has-text-align-center has-light-green-cyan-background-color has-background has-large-font-size\">OTCOVA VETVA<\/h2>\n\n\n\n<figure class=\"wp-block-image aligncenter size-large\"><a href=\"https:\/\/i0.wp.com\/www.atelier-reklama.sk\/blog\/wp-content\/uploads\/2026\/03\/Scan-Otcova-vetva-poznamky-k-rodostromu.jpg?ssl=1\"><img data-recalc-dims=\"1\" loading=\"lazy\" decoding=\"async\" width=\"800\" height=\"566\" data-attachment-id=\"16296\" data-permalink=\"https:\/\/www.atelier-reklama.sk\/blog\/moj-rodostrom\/scan-otcova-vetva-poznamky-k-rodostromu\/\" data-orig-file=\"https:\/\/i0.wp.com\/www.atelier-reklama.sk\/blog\/wp-content\/uploads\/2026\/03\/Scan-Otcova-vetva-poznamky-k-rodostromu.jpg?fit=2338%2C1654&amp;ssl=1\" data-orig-size=\"2338,1654\" data-comments-opened=\"1\" data-image-meta=\"{&quot;aperture&quot;:&quot;0&quot;,&quot;credit&quot;:&quot;&quot;,&quot;camera&quot;:&quot;&quot;,&quot;caption&quot;:&quot;&quot;,&quot;created_timestamp&quot;:&quot;0&quot;,&quot;copyright&quot;:&quot;&quot;,&quot;focal_length&quot;:&quot;0&quot;,&quot;iso&quot;:&quot;0&quot;,&quot;shutter_speed&quot;:&quot;0&quot;,&quot;title&quot;:&quot;&quot;,&quot;orientation&quot;:&quot;0&quot;}\" data-image-title=\"Scan Otcova vetva pozn\u00e1mky k rodostromu\" data-image-description=\"\" data-image-caption=\"\" data-medium-file=\"https:\/\/i0.wp.com\/www.atelier-reklama.sk\/blog\/wp-content\/uploads\/2026\/03\/Scan-Otcova-vetva-poznamky-k-rodostromu.jpg?fit=300%2C212&amp;ssl=1\" data-large-file=\"https:\/\/i0.wp.com\/www.atelier-reklama.sk\/blog\/wp-content\/uploads\/2026\/03\/Scan-Otcova-vetva-poznamky-k-rodostromu.jpg?fit=800%2C566&amp;ssl=1\" src=\"https:\/\/i0.wp.com\/www.atelier-reklama.sk\/blog\/wp-content\/uploads\/2026\/03\/Scan-Otcova-vetva-poznamky-k-rodostromu.jpg?resize=800%2C566&#038;ssl=1\" alt=\"\" class=\"wp-image-16296\" srcset=\"https:\/\/i0.wp.com\/www.atelier-reklama.sk\/blog\/wp-content\/uploads\/2026\/03\/Scan-Otcova-vetva-poznamky-k-rodostromu.jpg?resize=1024%2C724&amp;ssl=1 1024w, https:\/\/i0.wp.com\/www.atelier-reklama.sk\/blog\/wp-content\/uploads\/2026\/03\/Scan-Otcova-vetva-poznamky-k-rodostromu.jpg?resize=300%2C212&amp;ssl=1 300w, https:\/\/i0.wp.com\/www.atelier-reklama.sk\/blog\/wp-content\/uploads\/2026\/03\/Scan-Otcova-vetva-poznamky-k-rodostromu.jpg?resize=768%2C543&amp;ssl=1 768w, https:\/\/i0.wp.com\/www.atelier-reklama.sk\/blog\/wp-content\/uploads\/2026\/03\/Scan-Otcova-vetva-poznamky-k-rodostromu.jpg?resize=1536%2C1087&amp;ssl=1 1536w, https:\/\/i0.wp.com\/www.atelier-reklama.sk\/blog\/wp-content\/uploads\/2026\/03\/Scan-Otcova-vetva-poznamky-k-rodostromu.jpg?resize=2048%2C1449&amp;ssl=1 2048w, https:\/\/i0.wp.com\/www.atelier-reklama.sk\/blog\/wp-content\/uploads\/2026\/03\/Scan-Otcova-vetva-poznamky-k-rodostromu.jpg?w=1600&amp;ssl=1 1600w\" sizes=\"auto, (max-width: 800px) 100vw, 800px\" \/><\/a><\/figure>\n\n\n\n<h2 class=\"wp-block-heading has-text-align-center has-medium-font-size\">Na vz\u00e1cnej fotografii je rodina Mat\u00fa\u0161a O\u010den\u00e1\u0161a (nar.1.2.1874 na Kalinke, zomrel 9.11.1949 na O\u010den\u00e1\u0161ovom majeri K\u00da Jal\u0161ov\u00edk, okr. Krupina, severov\u00fdchodn\u00fd Hont) a M\u00e1rie rod. Kon\u00f4pkov\u00e1 ( nar. 19.3.1875 v Sto\u017eku, zomrela 18.11.1942 na O\u010den\u00e1\u0161ovom majeri) Mali spolu 8 det\u00ed, 3 dc\u00e9ry a 5 synov<\/h2>\n\n\n\n<p class=\"has-text-align-center has-small-font-size\">V mojom rodostrome je m\u00f4j otec \u0160tefan O\u010den\u00e1\u0161 *16.7.1929 sed\u00ed tret\u00ed sprava, jeho rodi\u010dia s\u00fa \u0161tvrt\u00fd man\u017eelsk\u00fd p\u00e1r z\u013eava a prastar\u00ed rodi\u010dia Mat\u00fa\u0161 O\u010den\u00e1\u0161 a M\u00e1ria, r. Kon\u00f4pkov\u00e1 sedia v strede. <\/p>\n\n\n\n<figure class=\"wp-block-image aligncenter size-large\"><a href=\"https:\/\/i0.wp.com\/www.atelier-reklama.sk\/blog\/wp-content\/uploads\/2026\/03\/Ocenasovci-s-menami-rok-1934.jpg?ssl=1\"><img data-recalc-dims=\"1\" loading=\"lazy\" decoding=\"async\" width=\"800\" height=\"582\" data-attachment-id=\"16157\" data-permalink=\"https:\/\/www.atelier-reklama.sk\/blog\/moj-rodostrom\/ocenasovci-s-menami-rok-1934\/\" data-orig-file=\"https:\/\/i0.wp.com\/www.atelier-reklama.sk\/blog\/wp-content\/uploads\/2026\/03\/Ocenasovci-s-menami-rok-1934.jpg?fit=2338%2C1700&amp;ssl=1\" data-orig-size=\"2338,1700\" data-comments-opened=\"1\" data-image-meta=\"{&quot;aperture&quot;:&quot;0&quot;,&quot;credit&quot;:&quot;&quot;,&quot;camera&quot;:&quot;&quot;,&quot;caption&quot;:&quot;&quot;,&quot;created_timestamp&quot;:&quot;0&quot;,&quot;copyright&quot;:&quot;&quot;,&quot;focal_length&quot;:&quot;0&quot;,&quot;iso&quot;:&quot;0&quot;,&quot;shutter_speed&quot;:&quot;0&quot;,&quot;title&quot;:&quot;&quot;,&quot;orientation&quot;:&quot;0&quot;}\" data-image-title=\"O\u010den\u00e1\u0161ovci-s-menami rok 1934\" data-image-description=\"\" data-image-caption=\"\" data-medium-file=\"https:\/\/i0.wp.com\/www.atelier-reklama.sk\/blog\/wp-content\/uploads\/2026\/03\/Ocenasovci-s-menami-rok-1934.jpg?fit=300%2C218&amp;ssl=1\" data-large-file=\"https:\/\/i0.wp.com\/www.atelier-reklama.sk\/blog\/wp-content\/uploads\/2026\/03\/Ocenasovci-s-menami-rok-1934.jpg?fit=800%2C582&amp;ssl=1\" src=\"https:\/\/i0.wp.com\/www.atelier-reklama.sk\/blog\/wp-content\/uploads\/2026\/03\/Ocenasovci-s-menami-rok-1934.jpg?resize=800%2C582&#038;ssl=1\" alt=\"\" class=\"wp-image-16157\" srcset=\"https:\/\/i0.wp.com\/www.atelier-reklama.sk\/blog\/wp-content\/uploads\/2026\/03\/Ocenasovci-s-menami-rok-1934.jpg?resize=1024%2C745&amp;ssl=1 1024w, https:\/\/i0.wp.com\/www.atelier-reklama.sk\/blog\/wp-content\/uploads\/2026\/03\/Ocenasovci-s-menami-rok-1934.jpg?resize=300%2C218&amp;ssl=1 300w, https:\/\/i0.wp.com\/www.atelier-reklama.sk\/blog\/wp-content\/uploads\/2026\/03\/Ocenasovci-s-menami-rok-1934.jpg?resize=768%2C558&amp;ssl=1 768w, https:\/\/i0.wp.com\/www.atelier-reklama.sk\/blog\/wp-content\/uploads\/2026\/03\/Ocenasovci-s-menami-rok-1934.jpg?resize=1536%2C1117&amp;ssl=1 1536w, https:\/\/i0.wp.com\/www.atelier-reklama.sk\/blog\/wp-content\/uploads\/2026\/03\/Ocenasovci-s-menami-rok-1934.jpg?resize=2048%2C1489&amp;ssl=1 2048w, https:\/\/i0.wp.com\/www.atelier-reklama.sk\/blog\/wp-content\/uploads\/2026\/03\/Ocenasovci-s-menami-rok-1934.jpg?w=1600&amp;ssl=1 1600w\" sizes=\"auto, (max-width: 800px) 100vw, 800px\" \/><\/a><\/figure>\n\n\n\n<h2 class=\"wp-block-heading\"><strong>B\u00e1danie po mojich predkoch<\/strong><\/h2>\n\n\n\n<p>Zdroje k&nbsp;tvorbe rodostromu<\/p>\n\n\n\n<p>RODINN\u00dd ARCH\u00cdV<\/p>\n\n\n\n<p>N\u00c1HROBN\u00c9 TABULE<\/p>\n\n\n\n<p>MATRIKY<\/p>\n\n\n\n<p><a href=\"http:\/\/www.familysearch.org\/sk\/global\">www.familysearch.org\/sk\/global<\/a><\/p>\n\n\n\n<p><a href=\"http:\/\/www.slovakiana.sk\">www.slovakiana.sk<\/a> (s\u010d\u00edtacie h\u00e1rky rok 1930)<\/p>\n\n\n\n<p>VED\u013dAJ\u0160\u00cd DOPLNKOV\u00dd ZDROJ, UMEL\u00c1 INTELIGENCIA (\u00fadaje nepresn\u00e9, s&nbsp;ot\u00e1znikom)<\/p>\n\n\n\n<p class=\"has-text-align-center has-large-font-size\">MAT\u00da\u0160 O\u010cEN\u00c1\u0160 a man\u017eelka M\u00e1ria, r. Kon\u00f4pkov\u00e1, z\u00e1pis zo sob\u00e1\u0161a<\/p>\n\n\n\n<figure class=\"wp-block-image aligncenter size-large\"><a href=\"https:\/\/i0.wp.com\/www.atelier-reklama.sk\/blog\/wp-content\/uploads\/2026\/03\/Matus-Ocenas-zaznam-family.jpg?ssl=1\"><img data-recalc-dims=\"1\" loading=\"lazy\" decoding=\"async\" width=\"724\" height=\"1024\" data-attachment-id=\"16161\" data-permalink=\"https:\/\/www.atelier-reklama.sk\/blog\/moj-rodostrom\/matus-ocenas-zaznam-family\/\" data-orig-file=\"https:\/\/i0.wp.com\/www.atelier-reklama.sk\/blog\/wp-content\/uploads\/2026\/03\/Matus-Ocenas-zaznam-family.jpg?fit=1654%2C2338&amp;ssl=1\" data-orig-size=\"1654,2338\" data-comments-opened=\"1\" data-image-meta=\"{&quot;aperture&quot;:&quot;0&quot;,&quot;credit&quot;:&quot;&quot;,&quot;camera&quot;:&quot;&quot;,&quot;caption&quot;:&quot;&quot;,&quot;created_timestamp&quot;:&quot;0&quot;,&quot;copyright&quot;:&quot;&quot;,&quot;focal_length&quot;:&quot;0&quot;,&quot;iso&quot;:&quot;0&quot;,&quot;shutter_speed&quot;:&quot;0&quot;,&quot;title&quot;:&quot;&quot;,&quot;orientation&quot;:&quot;0&quot;}\" data-image-title=\"Mat\u00fa\u0161 O\u010den\u00e1\u0161 zaznam family\" data-image-description=\"\" data-image-caption=\"\" data-medium-file=\"https:\/\/i0.wp.com\/www.atelier-reklama.sk\/blog\/wp-content\/uploads\/2026\/03\/Matus-Ocenas-zaznam-family.jpg?fit=212%2C300&amp;ssl=1\" data-large-file=\"https:\/\/i0.wp.com\/www.atelier-reklama.sk\/blog\/wp-content\/uploads\/2026\/03\/Matus-Ocenas-zaznam-family.jpg?fit=724%2C1024&amp;ssl=1\" src=\"https:\/\/i0.wp.com\/www.atelier-reklama.sk\/blog\/wp-content\/uploads\/2026\/03\/Matus-Ocenas-zaznam-family.jpg?resize=724%2C1024&#038;ssl=1\" alt=\"\" class=\"wp-image-16161\" srcset=\"https:\/\/i0.wp.com\/www.atelier-reklama.sk\/blog\/wp-content\/uploads\/2026\/03\/Matus-Ocenas-zaznam-family.jpg?resize=724%2C1024&amp;ssl=1 724w, https:\/\/i0.wp.com\/www.atelier-reklama.sk\/blog\/wp-content\/uploads\/2026\/03\/Matus-Ocenas-zaznam-family.jpg?resize=212%2C300&amp;ssl=1 212w, https:\/\/i0.wp.com\/www.atelier-reklama.sk\/blog\/wp-content\/uploads\/2026\/03\/Matus-Ocenas-zaznam-family.jpg?resize=768%2C1086&amp;ssl=1 768w, https:\/\/i0.wp.com\/www.atelier-reklama.sk\/blog\/wp-content\/uploads\/2026\/03\/Matus-Ocenas-zaznam-family.jpg?resize=1087%2C1536&amp;ssl=1 1087w, https:\/\/i0.wp.com\/www.atelier-reklama.sk\/blog\/wp-content\/uploads\/2026\/03\/Matus-Ocenas-zaznam-family.jpg?resize=1449%2C2048&amp;ssl=1 1449w, https:\/\/i0.wp.com\/www.atelier-reklama.sk\/blog\/wp-content\/uploads\/2026\/03\/Matus-Ocenas-zaznam-family.jpg?w=1654&amp;ssl=1 1654w, https:\/\/i0.wp.com\/www.atelier-reklama.sk\/blog\/wp-content\/uploads\/2026\/03\/Matus-Ocenas-zaznam-family.jpg?w=1600&amp;ssl=1 1600w\" sizes=\"auto, (max-width: 724px) 100vw, 724px\" \/><\/a><\/figure>\n\n\n\n<figure class=\"wp-block-image aligncenter size-large\"><a href=\"https:\/\/i0.wp.com\/www.atelier-reklama.sk\/blog\/wp-content\/uploads\/2026\/03\/SOBAS-Matusa-Ocenasa-a-Marie-r.Konopkova_0003.jpg?ssl=1\"><img data-recalc-dims=\"1\" loading=\"lazy\" decoding=\"async\" width=\"781\" height=\"1024\" data-attachment-id=\"16165\" data-permalink=\"https:\/\/www.atelier-reklama.sk\/blog\/moj-rodostrom\/sobas-matusa-ocenasa-a-marie-r-konopkova_0003\/\" data-orig-file=\"https:\/\/i0.wp.com\/www.atelier-reklama.sk\/blog\/wp-content\/uploads\/2026\/03\/SOBAS-Matusa-Ocenasa-a-Marie-r.Konopkova_0003.jpg?fit=1650%2C2164&amp;ssl=1\" data-orig-size=\"1650,2164\" data-comments-opened=\"1\" data-image-meta=\"{&quot;aperture&quot;:&quot;0&quot;,&quot;credit&quot;:&quot;&quot;,&quot;camera&quot;:&quot;&quot;,&quot;caption&quot;:&quot;&quot;,&quot;created_timestamp&quot;:&quot;0&quot;,&quot;copyright&quot;:&quot;&quot;,&quot;focal_length&quot;:&quot;0&quot;,&quot;iso&quot;:&quot;0&quot;,&quot;shutter_speed&quot;:&quot;0&quot;,&quot;title&quot;:&quot;&quot;,&quot;orientation&quot;:&quot;0&quot;}\" data-image-title=\"SOB\u00c1\u0160 Mat\u00fa\u0161a O\u010den\u00e1\u0161a a M\u00e1rie r.Kon\u00f4pkov\u00e1_0003\" data-image-description=\"\" data-image-caption=\"\" data-medium-file=\"https:\/\/i0.wp.com\/www.atelier-reklama.sk\/blog\/wp-content\/uploads\/2026\/03\/SOBAS-Matusa-Ocenasa-a-Marie-r.Konopkova_0003.jpg?fit=229%2C300&amp;ssl=1\" data-large-file=\"https:\/\/i0.wp.com\/www.atelier-reklama.sk\/blog\/wp-content\/uploads\/2026\/03\/SOBAS-Matusa-Ocenasa-a-Marie-r.Konopkova_0003.jpg?fit=781%2C1024&amp;ssl=1\" src=\"https:\/\/i0.wp.com\/www.atelier-reklama.sk\/blog\/wp-content\/uploads\/2026\/03\/SOBAS-Matusa-Ocenasa-a-Marie-r.Konopkova_0003.jpg?resize=781%2C1024&#038;ssl=1\" alt=\"\" class=\"wp-image-16165\" srcset=\"https:\/\/i0.wp.com\/www.atelier-reklama.sk\/blog\/wp-content\/uploads\/2026\/03\/SOBAS-Matusa-Ocenasa-a-Marie-r.Konopkova_0003.jpg?resize=781%2C1024&amp;ssl=1 781w, https:\/\/i0.wp.com\/www.atelier-reklama.sk\/blog\/wp-content\/uploads\/2026\/03\/SOBAS-Matusa-Ocenasa-a-Marie-r.Konopkova_0003.jpg?resize=229%2C300&amp;ssl=1 229w, https:\/\/i0.wp.com\/www.atelier-reklama.sk\/blog\/wp-content\/uploads\/2026\/03\/SOBAS-Matusa-Ocenasa-a-Marie-r.Konopkova_0003.jpg?resize=768%2C1007&amp;ssl=1 768w, https:\/\/i0.wp.com\/www.atelier-reklama.sk\/blog\/wp-content\/uploads\/2026\/03\/SOBAS-Matusa-Ocenasa-a-Marie-r.Konopkova_0003.jpg?resize=1171%2C1536&amp;ssl=1 1171w, https:\/\/i0.wp.com\/www.atelier-reklama.sk\/blog\/wp-content\/uploads\/2026\/03\/SOBAS-Matusa-Ocenasa-a-Marie-r.Konopkova_0003.jpg?resize=1562%2C2048&amp;ssl=1 1562w, https:\/\/i0.wp.com\/www.atelier-reklama.sk\/blog\/wp-content\/uploads\/2026\/03\/SOBAS-Matusa-Ocenasa-a-Marie-r.Konopkova_0003.jpg?w=1650&amp;ssl=1 1650w\" sizes=\"auto, (max-width: 781px) 100vw, 781px\" \/><\/a><\/figure>\n\n\n\n<figure class=\"wp-block-image aligncenter size-large\"><a href=\"https:\/\/i0.wp.com\/www.atelier-reklama.sk\/blog\/wp-content\/uploads\/2026\/03\/SOBAS-Matusa-Ocenasa-a-Marie-r.Konopkova_0001.jpg?ssl=1\"><img data-recalc-dims=\"1\" loading=\"lazy\" decoding=\"async\" width=\"724\" height=\"1024\" data-attachment-id=\"16162\" data-permalink=\"https:\/\/www.atelier-reklama.sk\/blog\/moj-rodostrom\/sobas-matusa-ocenasa-a-marie-r-konopkova_0001\/\" data-orig-file=\"https:\/\/i0.wp.com\/www.atelier-reklama.sk\/blog\/wp-content\/uploads\/2026\/03\/SOBAS-Matusa-Ocenasa-a-Marie-r.Konopkova_0001.jpg?fit=1654%2C2338&amp;ssl=1\" data-orig-size=\"1654,2338\" data-comments-opened=\"1\" data-image-meta=\"{&quot;aperture&quot;:&quot;0&quot;,&quot;credit&quot;:&quot;&quot;,&quot;camera&quot;:&quot;&quot;,&quot;caption&quot;:&quot;&quot;,&quot;created_timestamp&quot;:&quot;0&quot;,&quot;copyright&quot;:&quot;&quot;,&quot;focal_length&quot;:&quot;0&quot;,&quot;iso&quot;:&quot;0&quot;,&quot;shutter_speed&quot;:&quot;0&quot;,&quot;title&quot;:&quot;&quot;,&quot;orientation&quot;:&quot;0&quot;}\" data-image-title=\"SOB\u00c1\u0160 Mat\u00fa\u0161a O\u010den\u00e1\u0161a a M\u00e1rie r.Kon\u00f4pkov\u00e1_0001\" data-image-description=\"\" data-image-caption=\"\" data-medium-file=\"https:\/\/i0.wp.com\/www.atelier-reklama.sk\/blog\/wp-content\/uploads\/2026\/03\/SOBAS-Matusa-Ocenasa-a-Marie-r.Konopkova_0001.jpg?fit=212%2C300&amp;ssl=1\" data-large-file=\"https:\/\/i0.wp.com\/www.atelier-reklama.sk\/blog\/wp-content\/uploads\/2026\/03\/SOBAS-Matusa-Ocenasa-a-Marie-r.Konopkova_0001.jpg?fit=724%2C1024&amp;ssl=1\" src=\"https:\/\/i0.wp.com\/www.atelier-reklama.sk\/blog\/wp-content\/uploads\/2026\/03\/SOBAS-Matusa-Ocenasa-a-Marie-r.Konopkova_0001.jpg?resize=724%2C1024&#038;ssl=1\" alt=\"\" class=\"wp-image-16162\" srcset=\"https:\/\/i0.wp.com\/www.atelier-reklama.sk\/blog\/wp-content\/uploads\/2026\/03\/SOBAS-Matusa-Ocenasa-a-Marie-r.Konopkova_0001.jpg?resize=724%2C1024&amp;ssl=1 724w, https:\/\/i0.wp.com\/www.atelier-reklama.sk\/blog\/wp-content\/uploads\/2026\/03\/SOBAS-Matusa-Ocenasa-a-Marie-r.Konopkova_0001.jpg?resize=212%2C300&amp;ssl=1 212w, https:\/\/i0.wp.com\/www.atelier-reklama.sk\/blog\/wp-content\/uploads\/2026\/03\/SOBAS-Matusa-Ocenasa-a-Marie-r.Konopkova_0001.jpg?resize=768%2C1086&amp;ssl=1 768w, https:\/\/i0.wp.com\/www.atelier-reklama.sk\/blog\/wp-content\/uploads\/2026\/03\/SOBAS-Matusa-Ocenasa-a-Marie-r.Konopkova_0001.jpg?resize=1087%2C1536&amp;ssl=1 1087w, https:\/\/i0.wp.com\/www.atelier-reklama.sk\/blog\/wp-content\/uploads\/2026\/03\/SOBAS-Matusa-Ocenasa-a-Marie-r.Konopkova_0001.jpg?resize=1449%2C2048&amp;ssl=1 1449w, https:\/\/i0.wp.com\/www.atelier-reklama.sk\/blog\/wp-content\/uploads\/2026\/03\/SOBAS-Matusa-Ocenasa-a-Marie-r.Konopkova_0001.jpg?w=1654&amp;ssl=1 1654w, https:\/\/i0.wp.com\/www.atelier-reklama.sk\/blog\/wp-content\/uploads\/2026\/03\/SOBAS-Matusa-Ocenasa-a-Marie-r.Konopkova_0001.jpg?w=1600&amp;ssl=1 1600w\" sizes=\"auto, (max-width: 724px) 100vw, 724px\" \/><\/a><\/figure>\n\n\n\n<figure class=\"wp-block-image aligncenter size-large\"><a href=\"https:\/\/i0.wp.com\/www.atelier-reklama.sk\/blog\/wp-content\/uploads\/2026\/03\/SOBAS-Matusa-Ocenasa-a-Marie-r.Konopkova_0002.jpg?ssl=1\"><img data-recalc-dims=\"1\" loading=\"lazy\" decoding=\"async\" width=\"724\" height=\"1024\" data-attachment-id=\"16163\" data-permalink=\"https:\/\/www.atelier-reklama.sk\/blog\/moj-rodostrom\/sobas-matusa-ocenasa-a-marie-r-konopkova_0002\/\" data-orig-file=\"https:\/\/i0.wp.com\/www.atelier-reklama.sk\/blog\/wp-content\/uploads\/2026\/03\/SOBAS-Matusa-Ocenasa-a-Marie-r.Konopkova_0002.jpg?fit=1654%2C2338&amp;ssl=1\" data-orig-size=\"1654,2338\" data-comments-opened=\"1\" data-image-meta=\"{&quot;aperture&quot;:&quot;0&quot;,&quot;credit&quot;:&quot;&quot;,&quot;camera&quot;:&quot;&quot;,&quot;caption&quot;:&quot;&quot;,&quot;created_timestamp&quot;:&quot;0&quot;,&quot;copyright&quot;:&quot;&quot;,&quot;focal_length&quot;:&quot;0&quot;,&quot;iso&quot;:&quot;0&quot;,&quot;shutter_speed&quot;:&quot;0&quot;,&quot;title&quot;:&quot;&quot;,&quot;orientation&quot;:&quot;0&quot;}\" data-image-title=\"SOB\u00c1\u0160 Mat\u00fa\u0161a O\u010den\u00e1\u0161a a M\u00e1rie r.Kon\u00f4pkov\u00e1_0002\" data-image-description=\"\" data-image-caption=\"\" data-medium-file=\"https:\/\/i0.wp.com\/www.atelier-reklama.sk\/blog\/wp-content\/uploads\/2026\/03\/SOBAS-Matusa-Ocenasa-a-Marie-r.Konopkova_0002.jpg?fit=212%2C300&amp;ssl=1\" data-large-file=\"https:\/\/i0.wp.com\/www.atelier-reklama.sk\/blog\/wp-content\/uploads\/2026\/03\/SOBAS-Matusa-Ocenasa-a-Marie-r.Konopkova_0002.jpg?fit=724%2C1024&amp;ssl=1\" src=\"https:\/\/i0.wp.com\/www.atelier-reklama.sk\/blog\/wp-content\/uploads\/2026\/03\/SOBAS-Matusa-Ocenasa-a-Marie-r.Konopkova_0002.jpg?resize=724%2C1024&#038;ssl=1\" alt=\"\" class=\"wp-image-16163\" srcset=\"https:\/\/i0.wp.com\/www.atelier-reklama.sk\/blog\/wp-content\/uploads\/2026\/03\/SOBAS-Matusa-Ocenasa-a-Marie-r.Konopkova_0002.jpg?resize=724%2C1024&amp;ssl=1 724w, https:\/\/i0.wp.com\/www.atelier-reklama.sk\/blog\/wp-content\/uploads\/2026\/03\/SOBAS-Matusa-Ocenasa-a-Marie-r.Konopkova_0002.jpg?resize=212%2C300&amp;ssl=1 212w, https:\/\/i0.wp.com\/www.atelier-reklama.sk\/blog\/wp-content\/uploads\/2026\/03\/SOBAS-Matusa-Ocenasa-a-Marie-r.Konopkova_0002.jpg?resize=768%2C1086&amp;ssl=1 768w, https:\/\/i0.wp.com\/www.atelier-reklama.sk\/blog\/wp-content\/uploads\/2026\/03\/SOBAS-Matusa-Ocenasa-a-Marie-r.Konopkova_0002.jpg?resize=1087%2C1536&amp;ssl=1 1087w, https:\/\/i0.wp.com\/www.atelier-reklama.sk\/blog\/wp-content\/uploads\/2026\/03\/SOBAS-Matusa-Ocenasa-a-Marie-r.Konopkova_0002.jpg?resize=1449%2C2048&amp;ssl=1 1449w, https:\/\/i0.wp.com\/www.atelier-reklama.sk\/blog\/wp-content\/uploads\/2026\/03\/SOBAS-Matusa-Ocenasa-a-Marie-r.Konopkova_0002.jpg?w=1654&amp;ssl=1 1654w, https:\/\/i0.wp.com\/www.atelier-reklama.sk\/blog\/wp-content\/uploads\/2026\/03\/SOBAS-Matusa-Ocenasa-a-Marie-r.Konopkova_0002.jpg?w=1600&amp;ssl=1 1600w\" sizes=\"auto, (max-width: 724px) 100vw, 724px\" \/><\/a><\/figure>\n\n\n\n<p class=\"has-large-font-size\">Z\u00e1pis v sob\u00e1\u0161nej matrike vo V\u00edg\u013ea\u0161skej Hute.<\/p>\n\n\n\n<figure class=\"wp-block-image aligncenter size-large\"><a href=\"https:\/\/i0.wp.com\/www.atelier-reklama.sk\/blog\/wp-content\/uploads\/2026\/03\/SOBAS-Matusa-Ocenasa-a-Marie-r.Konopkova.jpg?ssl=1\"><img data-recalc-dims=\"1\" loading=\"lazy\" decoding=\"async\" width=\"800\" height=\"345\" data-attachment-id=\"16160\" data-permalink=\"https:\/\/www.atelier-reklama.sk\/blog\/moj-rodostrom\/sobas-matusa-ocenasa-a-marie-r-konopkova\/\" data-orig-file=\"https:\/\/i0.wp.com\/www.atelier-reklama.sk\/blog\/wp-content\/uploads\/2026\/03\/SOBAS-Matusa-Ocenasa-a-Marie-r.Konopkova.jpg?fit=1999%2C861&amp;ssl=1\" data-orig-size=\"1999,861\" data-comments-opened=\"1\" data-image-meta=\"{&quot;aperture&quot;:&quot;0&quot;,&quot;credit&quot;:&quot;&quot;,&quot;camera&quot;:&quot;&quot;,&quot;caption&quot;:&quot;&quot;,&quot;created_timestamp&quot;:&quot;0&quot;,&quot;copyright&quot;:&quot;&quot;,&quot;focal_length&quot;:&quot;0&quot;,&quot;iso&quot;:&quot;0&quot;,&quot;shutter_speed&quot;:&quot;0&quot;,&quot;title&quot;:&quot;&quot;,&quot;orientation&quot;:&quot;0&quot;}\" data-image-title=\"SOB\u00c1\u0160 Mat\u00fa\u0161a O\u010den\u00e1\u0161a a M\u00e1rie r.Kon\u00f4pkov\u00e1.\" data-image-description=\"\" data-image-caption=\"\" data-medium-file=\"https:\/\/i0.wp.com\/www.atelier-reklama.sk\/blog\/wp-content\/uploads\/2026\/03\/SOBAS-Matusa-Ocenasa-a-Marie-r.Konopkova.jpg?fit=300%2C129&amp;ssl=1\" data-large-file=\"https:\/\/i0.wp.com\/www.atelier-reklama.sk\/blog\/wp-content\/uploads\/2026\/03\/SOBAS-Matusa-Ocenasa-a-Marie-r.Konopkova.jpg?fit=800%2C345&amp;ssl=1\" src=\"https:\/\/i0.wp.com\/www.atelier-reklama.sk\/blog\/wp-content\/uploads\/2026\/03\/SOBAS-Matusa-Ocenasa-a-Marie-r.Konopkova.jpg?resize=800%2C345&#038;ssl=1\" alt=\"\" class=\"wp-image-16160\" srcset=\"https:\/\/i0.wp.com\/www.atelier-reklama.sk\/blog\/wp-content\/uploads\/2026\/03\/SOBAS-Matusa-Ocenasa-a-Marie-r.Konopkova.jpg?resize=1024%2C441&amp;ssl=1 1024w, https:\/\/i0.wp.com\/www.atelier-reklama.sk\/blog\/wp-content\/uploads\/2026\/03\/SOBAS-Matusa-Ocenasa-a-Marie-r.Konopkova.jpg?resize=300%2C129&amp;ssl=1 300w, https:\/\/i0.wp.com\/www.atelier-reklama.sk\/blog\/wp-content\/uploads\/2026\/03\/SOBAS-Matusa-Ocenasa-a-Marie-r.Konopkova.jpg?resize=768%2C331&amp;ssl=1 768w, https:\/\/i0.wp.com\/www.atelier-reklama.sk\/blog\/wp-content\/uploads\/2026\/03\/SOBAS-Matusa-Ocenasa-a-Marie-r.Konopkova.jpg?resize=1536%2C662&amp;ssl=1 1536w, https:\/\/i0.wp.com\/www.atelier-reklama.sk\/blog\/wp-content\/uploads\/2026\/03\/SOBAS-Matusa-Ocenasa-a-Marie-r.Konopkova.jpg?w=1999&amp;ssl=1 1999w, https:\/\/i0.wp.com\/www.atelier-reklama.sk\/blog\/wp-content\/uploads\/2026\/03\/SOBAS-Matusa-Ocenasa-a-Marie-r.Konopkova.jpg?w=1600&amp;ssl=1 1600w\" sizes=\"auto, (max-width: 800px) 100vw, 800px\" \/><\/a><\/figure>\n\n\n\n<p>Z\u00e1pis sob\u00e1\u0161a Anny Kon\u00f4pkovej rodenej Sliacka, nar. 1850 na Slia\u010dskej Po\u013eane a J\u00e1na Kon\u00f4pku nar. 1845. Z\u00e1pis som na\u0161la v Hornom Tisovn\u00edku, aj stru\u010dn\u00fd z\u00e1znam v Detve<\/p>\n\n\n\n<figure class=\"wp-block-image aligncenter size-large is-resized\"><a href=\"https:\/\/i0.wp.com\/www.atelier-reklama.sk\/blog\/wp-content\/uploads\/2026\/03\/Sobas-rodicov-Marie-r.Konopova-gazdina_0003.jpg?ssl=1\"><img data-recalc-dims=\"1\" loading=\"lazy\" decoding=\"async\" width=\"800\" height=\"634\" data-attachment-id=\"16167\" data-permalink=\"https:\/\/www.atelier-reklama.sk\/blog\/moj-rodostrom\/sobas-rodicov-marie-r-konopova-gazdina_0003\/\" data-orig-file=\"https:\/\/i0.wp.com\/www.atelier-reklama.sk\/blog\/wp-content\/uploads\/2026\/03\/Sobas-rodicov-Marie-r.Konopova-gazdina_0003.jpg?fit=1485%2C1177&amp;ssl=1\" data-orig-size=\"1485,1177\" data-comments-opened=\"1\" data-image-meta=\"{&quot;aperture&quot;:&quot;0&quot;,&quot;credit&quot;:&quot;&quot;,&quot;camera&quot;:&quot;&quot;,&quot;caption&quot;:&quot;&quot;,&quot;created_timestamp&quot;:&quot;0&quot;,&quot;copyright&quot;:&quot;&quot;,&quot;focal_length&quot;:&quot;0&quot;,&quot;iso&quot;:&quot;0&quot;,&quot;shutter_speed&quot;:&quot;0&quot;,&quot;title&quot;:&quot;&quot;,&quot;orientation&quot;:&quot;0&quot;}\" data-image-title=\"Sob\u00e1\u0161 rodicov M\u00e1rie r.Kon\u00f4pov\u00e1 gazdin\u00e1_0003\" data-image-description=\"\" data-image-caption=\"\" data-medium-file=\"https:\/\/i0.wp.com\/www.atelier-reklama.sk\/blog\/wp-content\/uploads\/2026\/03\/Sobas-rodicov-Marie-r.Konopova-gazdina_0003.jpg?fit=300%2C238&amp;ssl=1\" data-large-file=\"https:\/\/i0.wp.com\/www.atelier-reklama.sk\/blog\/wp-content\/uploads\/2026\/03\/Sobas-rodicov-Marie-r.Konopova-gazdina_0003.jpg?fit=800%2C634&amp;ssl=1\" src=\"https:\/\/i0.wp.com\/www.atelier-reklama.sk\/blog\/wp-content\/uploads\/2026\/03\/Sobas-rodicov-Marie-r.Konopova-gazdina_0003.jpg?resize=800%2C634&#038;ssl=1\" alt=\"\" class=\"wp-image-16167\" style=\"width:1024px;height:auto\" srcset=\"https:\/\/i0.wp.com\/www.atelier-reklama.sk\/blog\/wp-content\/uploads\/2026\/03\/Sobas-rodicov-Marie-r.Konopova-gazdina_0003.jpg?resize=1024%2C812&amp;ssl=1 1024w, https:\/\/i0.wp.com\/www.atelier-reklama.sk\/blog\/wp-content\/uploads\/2026\/03\/Sobas-rodicov-Marie-r.Konopova-gazdina_0003.jpg?resize=300%2C238&amp;ssl=1 300w, https:\/\/i0.wp.com\/www.atelier-reklama.sk\/blog\/wp-content\/uploads\/2026\/03\/Sobas-rodicov-Marie-r.Konopova-gazdina_0003.jpg?resize=768%2C609&amp;ssl=1 768w, https:\/\/i0.wp.com\/www.atelier-reklama.sk\/blog\/wp-content\/uploads\/2026\/03\/Sobas-rodicov-Marie-r.Konopova-gazdina_0003.jpg?w=1485&amp;ssl=1 1485w\" sizes=\"auto, (max-width: 800px) 100vw, 800px\" \/><\/a><\/figure>\n\n\n\n<figure class=\"wp-block-image aligncenter size-large is-resized\"><a href=\"https:\/\/i0.wp.com\/www.atelier-reklama.sk\/blog\/wp-content\/uploads\/2026\/03\/Sobas-rodicov-Marie-r.Konopova-gazdina_0001.jpg?ssl=1\"><img data-recalc-dims=\"1\" loading=\"lazy\" decoding=\"async\" width=\"759\" height=\"1024\" data-attachment-id=\"16169\" data-permalink=\"https:\/\/www.atelier-reklama.sk\/blog\/moj-rodostrom\/sobas-rodicov-marie-r-konopova-gazdina_0001\/\" data-orig-file=\"https:\/\/i0.wp.com\/www.atelier-reklama.sk\/blog\/wp-content\/uploads\/2026\/03\/Sobas-rodicov-Marie-r.Konopova-gazdina_0001.jpg?fit=1650%2C2227&amp;ssl=1\" data-orig-size=\"1650,2227\" data-comments-opened=\"1\" data-image-meta=\"{&quot;aperture&quot;:&quot;0&quot;,&quot;credit&quot;:&quot;&quot;,&quot;camera&quot;:&quot;&quot;,&quot;caption&quot;:&quot;&quot;,&quot;created_timestamp&quot;:&quot;0&quot;,&quot;copyright&quot;:&quot;&quot;,&quot;focal_length&quot;:&quot;0&quot;,&quot;iso&quot;:&quot;0&quot;,&quot;shutter_speed&quot;:&quot;0&quot;,&quot;title&quot;:&quot;&quot;,&quot;orientation&quot;:&quot;0&quot;}\" data-image-title=\"Sob\u00e1\u0161 rodicov M\u00e1rie r.Kon\u00f4pov\u00e1 gazdin\u00e1_0001\" data-image-description=\"\" data-image-caption=\"\" data-medium-file=\"https:\/\/i0.wp.com\/www.atelier-reklama.sk\/blog\/wp-content\/uploads\/2026\/03\/Sobas-rodicov-Marie-r.Konopova-gazdina_0001.jpg?fit=222%2C300&amp;ssl=1\" data-large-file=\"https:\/\/i0.wp.com\/www.atelier-reklama.sk\/blog\/wp-content\/uploads\/2026\/03\/Sobas-rodicov-Marie-r.Konopova-gazdina_0001.jpg?fit=759%2C1024&amp;ssl=1\" src=\"https:\/\/i0.wp.com\/www.atelier-reklama.sk\/blog\/wp-content\/uploads\/2026\/03\/Sobas-rodicov-Marie-r.Konopova-gazdina_0001.jpg?resize=759%2C1024&#038;ssl=1\" alt=\"\" class=\"wp-image-16169\" style=\"width:759px;height:auto\" srcset=\"https:\/\/i0.wp.com\/www.atelier-reklama.sk\/blog\/wp-content\/uploads\/2026\/03\/Sobas-rodicov-Marie-r.Konopova-gazdina_0001.jpg?resize=759%2C1024&amp;ssl=1 759w, https:\/\/i0.wp.com\/www.atelier-reklama.sk\/blog\/wp-content\/uploads\/2026\/03\/Sobas-rodicov-Marie-r.Konopova-gazdina_0001.jpg?resize=222%2C300&amp;ssl=1 222w, https:\/\/i0.wp.com\/www.atelier-reklama.sk\/blog\/wp-content\/uploads\/2026\/03\/Sobas-rodicov-Marie-r.Konopova-gazdina_0001.jpg?resize=768%2C1037&amp;ssl=1 768w, https:\/\/i0.wp.com\/www.atelier-reklama.sk\/blog\/wp-content\/uploads\/2026\/03\/Sobas-rodicov-Marie-r.Konopova-gazdina_0001.jpg?resize=1138%2C1536&amp;ssl=1 1138w, https:\/\/i0.wp.com\/www.atelier-reklama.sk\/blog\/wp-content\/uploads\/2026\/03\/Sobas-rodicov-Marie-r.Konopova-gazdina_0001.jpg?resize=1517%2C2048&amp;ssl=1 1517w, https:\/\/i0.wp.com\/www.atelier-reklama.sk\/blog\/wp-content\/uploads\/2026\/03\/Sobas-rodicov-Marie-r.Konopova-gazdina_0001.jpg?w=1650&amp;ssl=1 1650w, https:\/\/i0.wp.com\/www.atelier-reklama.sk\/blog\/wp-content\/uploads\/2026\/03\/Sobas-rodicov-Marie-r.Konopova-gazdina_0001.jpg?w=1600&amp;ssl=1 1600w\" sizes=\"auto, (max-width: 759px) 100vw, 759px\" \/><\/a><\/figure>\n\n\n\n<figure class=\"wp-block-image aligncenter size-large\"><a href=\"https:\/\/i0.wp.com\/www.atelier-reklama.sk\/blog\/wp-content\/uploads\/2026\/03\/Sobas-rodicov-Marie-r.Konopova-gazdina_0002.jpg?ssl=1\"><img data-recalc-dims=\"1\" loading=\"lazy\" decoding=\"async\" width=\"724\" height=\"1024\" data-attachment-id=\"16170\" data-permalink=\"https:\/\/www.atelier-reklama.sk\/blog\/moj-rodostrom\/sobas-rodicov-marie-r-konopova-gazdina_0002\/\" data-orig-file=\"https:\/\/i0.wp.com\/www.atelier-reklama.sk\/blog\/wp-content\/uploads\/2026\/03\/Sobas-rodicov-Marie-r.Konopova-gazdina_0002.jpg?fit=1654%2C2338&amp;ssl=1\" data-orig-size=\"1654,2338\" data-comments-opened=\"1\" data-image-meta=\"{&quot;aperture&quot;:&quot;0&quot;,&quot;credit&quot;:&quot;&quot;,&quot;camera&quot;:&quot;&quot;,&quot;caption&quot;:&quot;&quot;,&quot;created_timestamp&quot;:&quot;0&quot;,&quot;copyright&quot;:&quot;&quot;,&quot;focal_length&quot;:&quot;0&quot;,&quot;iso&quot;:&quot;0&quot;,&quot;shutter_speed&quot;:&quot;0&quot;,&quot;title&quot;:&quot;&quot;,&quot;orientation&quot;:&quot;0&quot;}\" data-image-title=\"Sob\u00e1\u0161 rodicov M\u00e1rie r.Kon\u00f4pov\u00e1 gazdin\u00e1_0002\" data-image-description=\"\" data-image-caption=\"\" data-medium-file=\"https:\/\/i0.wp.com\/www.atelier-reklama.sk\/blog\/wp-content\/uploads\/2026\/03\/Sobas-rodicov-Marie-r.Konopova-gazdina_0002.jpg?fit=212%2C300&amp;ssl=1\" data-large-file=\"https:\/\/i0.wp.com\/www.atelier-reklama.sk\/blog\/wp-content\/uploads\/2026\/03\/Sobas-rodicov-Marie-r.Konopova-gazdina_0002.jpg?fit=724%2C1024&amp;ssl=1\" src=\"https:\/\/i0.wp.com\/www.atelier-reklama.sk\/blog\/wp-content\/uploads\/2026\/03\/Sobas-rodicov-Marie-r.Konopova-gazdina_0002.jpg?resize=724%2C1024&#038;ssl=1\" alt=\"\" class=\"wp-image-16170\" srcset=\"https:\/\/i0.wp.com\/www.atelier-reklama.sk\/blog\/wp-content\/uploads\/2026\/03\/Sobas-rodicov-Marie-r.Konopova-gazdina_0002.jpg?resize=724%2C1024&amp;ssl=1 724w, https:\/\/i0.wp.com\/www.atelier-reklama.sk\/blog\/wp-content\/uploads\/2026\/03\/Sobas-rodicov-Marie-r.Konopova-gazdina_0002.jpg?resize=212%2C300&amp;ssl=1 212w, https:\/\/i0.wp.com\/www.atelier-reklama.sk\/blog\/wp-content\/uploads\/2026\/03\/Sobas-rodicov-Marie-r.Konopova-gazdina_0002.jpg?resize=768%2C1086&amp;ssl=1 768w, https:\/\/i0.wp.com\/www.atelier-reklama.sk\/blog\/wp-content\/uploads\/2026\/03\/Sobas-rodicov-Marie-r.Konopova-gazdina_0002.jpg?resize=1087%2C1536&amp;ssl=1 1087w, https:\/\/i0.wp.com\/www.atelier-reklama.sk\/blog\/wp-content\/uploads\/2026\/03\/Sobas-rodicov-Marie-r.Konopova-gazdina_0002.jpg?resize=1449%2C2048&amp;ssl=1 1449w, https:\/\/i0.wp.com\/www.atelier-reklama.sk\/blog\/wp-content\/uploads\/2026\/03\/Sobas-rodicov-Marie-r.Konopova-gazdina_0002.jpg?w=1654&amp;ssl=1 1654w, https:\/\/i0.wp.com\/www.atelier-reklama.sk\/blog\/wp-content\/uploads\/2026\/03\/Sobas-rodicov-Marie-r.Konopova-gazdina_0002.jpg?w=1600&amp;ssl=1 1600w\" sizes=\"auto, (max-width: 724px) 100vw, 724px\" \/><\/a><\/figure>\n\n\n\n<p class=\"has-medium-font-size\">Z\u00e1znam zo sob\u00e1\u0161a J\u00e1na Kon\u00f4pku a Anny Sliackej aj v Detve<\/p>\n\n\n\n<figure class=\"wp-block-image size-large is-resized\"><a href=\"https:\/\/i0.wp.com\/www.atelier-reklama.sk\/blog\/wp-content\/uploads\/2026\/03\/Zaznam-o-sobasi-aj-v-Detve-.jpg?ssl=1\"><img data-recalc-dims=\"1\" loading=\"lazy\" decoding=\"async\" width=\"800\" height=\"309\" data-attachment-id=\"16171\" data-permalink=\"https:\/\/www.atelier-reklama.sk\/blog\/moj-rodostrom\/zaznam-o-sobasi-aj-v-detve\/\" data-orig-file=\"https:\/\/i0.wp.com\/www.atelier-reklama.sk\/blog\/wp-content\/uploads\/2026\/03\/Zaznam-o-sobasi-aj-v-Detve-.jpg?fit=2014%2C777&amp;ssl=1\" data-orig-size=\"2014,777\" data-comments-opened=\"1\" data-image-meta=\"{&quot;aperture&quot;:&quot;0&quot;,&quot;credit&quot;:&quot;&quot;,&quot;camera&quot;:&quot;&quot;,&quot;caption&quot;:&quot;&quot;,&quot;created_timestamp&quot;:&quot;0&quot;,&quot;copyright&quot;:&quot;&quot;,&quot;focal_length&quot;:&quot;0&quot;,&quot;iso&quot;:&quot;0&quot;,&quot;shutter_speed&quot;:&quot;0&quot;,&quot;title&quot;:&quot;&quot;,&quot;orientation&quot;:&quot;0&quot;}\" data-image-title=\"Z\u00e1znam o sob\u00e1\u0161i  aj v Detve .\" data-image-description=\"\" data-image-caption=\"\" data-medium-file=\"https:\/\/i0.wp.com\/www.atelier-reklama.sk\/blog\/wp-content\/uploads\/2026\/03\/Zaznam-o-sobasi-aj-v-Detve-.jpg?fit=300%2C116&amp;ssl=1\" data-large-file=\"https:\/\/i0.wp.com\/www.atelier-reklama.sk\/blog\/wp-content\/uploads\/2026\/03\/Zaznam-o-sobasi-aj-v-Detve-.jpg?fit=800%2C309&amp;ssl=1\" src=\"https:\/\/i0.wp.com\/www.atelier-reklama.sk\/blog\/wp-content\/uploads\/2026\/03\/Zaznam-o-sobasi-aj-v-Detve-.jpg?resize=800%2C309&#038;ssl=1\" alt=\"\" class=\"wp-image-16171\" style=\"width:1140px;height:auto\" srcset=\"https:\/\/i0.wp.com\/www.atelier-reklama.sk\/blog\/wp-content\/uploads\/2026\/03\/Zaznam-o-sobasi-aj-v-Detve-.jpg?resize=1024%2C395&amp;ssl=1 1024w, https:\/\/i0.wp.com\/www.atelier-reklama.sk\/blog\/wp-content\/uploads\/2026\/03\/Zaznam-o-sobasi-aj-v-Detve-.jpg?resize=300%2C116&amp;ssl=1 300w, https:\/\/i0.wp.com\/www.atelier-reklama.sk\/blog\/wp-content\/uploads\/2026\/03\/Zaznam-o-sobasi-aj-v-Detve-.jpg?resize=768%2C296&amp;ssl=1 768w, https:\/\/i0.wp.com\/www.atelier-reklama.sk\/blog\/wp-content\/uploads\/2026\/03\/Zaznam-o-sobasi-aj-v-Detve-.jpg?resize=1536%2C593&amp;ssl=1 1536w, https:\/\/i0.wp.com\/www.atelier-reklama.sk\/blog\/wp-content\/uploads\/2026\/03\/Zaznam-o-sobasi-aj-v-Detve-.jpg?w=2014&amp;ssl=1 2014w, https:\/\/i0.wp.com\/www.atelier-reklama.sk\/blog\/wp-content\/uploads\/2026\/03\/Zaznam-o-sobasi-aj-v-Detve-.jpg?w=1600&amp;ssl=1 1600w\" sizes=\"auto, (max-width: 800px) 100vw, 800px\" \/><\/a><\/figure>\n\n\n\n<p><\/p>\n\n\n\n<h2 class=\"wp-block-heading has-text-align-center has-medium-font-size\">S\u010c\u00cdTACIE H\u00c1RKY ROK 1930. Mat\u00fa\u0161 O\u010den\u00e1\u0161 s rodinou, od 1.3.1913 b\u00fdval v K\u00da Doln\u00fd Jal\u0161ov\u00edk na O\u010den\u00e1\u0161ovom laze, na mieste s kr\u00e1snym v\u00fdh\u013eadom na Sitno (nesk\u00f4r O\u010den\u00e1\u0161ov majer, na niektor\u00fdch star\u00fdch map\u00e1ch je uveden\u00fd O\u010den\u00e1\u0161ov dvor.  O\u010den\u00e1\u0161ov laz je pomenovanie pre dva domy a na\u0161u chatu v doline, ktor\u00e9 boli postaven\u00e9 nesk\u00f4r).<\/h2>\n\n\n\n<figure class=\"wp-block-image aligncenter size-large\"><a href=\"https:\/\/i0.wp.com\/www.atelier-reklama.sk\/blog\/wp-content\/uploads\/2026\/03\/Jalsovik-scitaci-harok-1930-1.-strana-tabulky.jpg?ssl=1\"><img data-recalc-dims=\"1\" loading=\"lazy\" decoding=\"async\" width=\"800\" height=\"600\" data-attachment-id=\"16175\" data-permalink=\"https:\/\/www.atelier-reklama.sk\/blog\/moj-rodostrom\/jalsovik-scitaci-harok-1930-1-strana-tabulky\/\" data-orig-file=\"https:\/\/i0.wp.com\/www.atelier-reklama.sk\/blog\/wp-content\/uploads\/2026\/03\/Jalsovik-scitaci-harok-1930-1.-strana-tabulky.jpg?fit=2048%2C1536&amp;ssl=1\" data-orig-size=\"2048,1536\" data-comments-opened=\"1\" data-image-meta=\"{&quot;aperture&quot;:&quot;0&quot;,&quot;credit&quot;:&quot;&quot;,&quot;camera&quot;:&quot;&quot;,&quot;caption&quot;:&quot;&quot;,&quot;created_timestamp&quot;:&quot;0&quot;,&quot;copyright&quot;:&quot;&quot;,&quot;focal_length&quot;:&quot;0&quot;,&quot;iso&quot;:&quot;0&quot;,&quot;shutter_speed&quot;:&quot;0&quot;,&quot;title&quot;:&quot;&quot;,&quot;orientation&quot;:&quot;0&quot;}\" data-image-title=\"Jal\u0161ov\u00edk s\u010d\u00edtac\u00ed harok 1930 1. strana tabulky\" data-image-description=\"\" data-image-caption=\"\" data-medium-file=\"https:\/\/i0.wp.com\/www.atelier-reklama.sk\/blog\/wp-content\/uploads\/2026\/03\/Jalsovik-scitaci-harok-1930-1.-strana-tabulky.jpg?fit=300%2C225&amp;ssl=1\" data-large-file=\"https:\/\/i0.wp.com\/www.atelier-reklama.sk\/blog\/wp-content\/uploads\/2026\/03\/Jalsovik-scitaci-harok-1930-1.-strana-tabulky.jpg?fit=800%2C600&amp;ssl=1\" src=\"https:\/\/i0.wp.com\/www.atelier-reklama.sk\/blog\/wp-content\/uploads\/2026\/03\/Jalsovik-scitaci-harok-1930-1.-strana-tabulky.jpg?resize=800%2C600&#038;ssl=1\" alt=\"\" class=\"wp-image-16175\" srcset=\"https:\/\/i0.wp.com\/www.atelier-reklama.sk\/blog\/wp-content\/uploads\/2026\/03\/Jalsovik-scitaci-harok-1930-1.-strana-tabulky.jpg?resize=1024%2C768&amp;ssl=1 1024w, https:\/\/i0.wp.com\/www.atelier-reklama.sk\/blog\/wp-content\/uploads\/2026\/03\/Jalsovik-scitaci-harok-1930-1.-strana-tabulky.jpg?resize=300%2C225&amp;ssl=1 300w, https:\/\/i0.wp.com\/www.atelier-reklama.sk\/blog\/wp-content\/uploads\/2026\/03\/Jalsovik-scitaci-harok-1930-1.-strana-tabulky.jpg?resize=768%2C576&amp;ssl=1 768w, https:\/\/i0.wp.com\/www.atelier-reklama.sk\/blog\/wp-content\/uploads\/2026\/03\/Jalsovik-scitaci-harok-1930-1.-strana-tabulky.jpg?resize=1536%2C1152&amp;ssl=1 1536w, https:\/\/i0.wp.com\/www.atelier-reklama.sk\/blog\/wp-content\/uploads\/2026\/03\/Jalsovik-scitaci-harok-1930-1.-strana-tabulky.jpg?w=2048&amp;ssl=1 2048w, https:\/\/i0.wp.com\/www.atelier-reklama.sk\/blog\/wp-content\/uploads\/2026\/03\/Jalsovik-scitaci-harok-1930-1.-strana-tabulky.jpg?w=1600&amp;ssl=1 1600w\" sizes=\"auto, (max-width: 800px) 100vw, 800px\" \/><\/a><\/figure>\n\n\n\n<figure class=\"wp-block-image aligncenter size-large\"><a href=\"https:\/\/i0.wp.com\/www.atelier-reklama.sk\/blog\/wp-content\/uploads\/2026\/03\/Jalsovik-scitaci-harok-1930-uvod-tabulka-2.-strana.jpg?ssl=1\"><img data-recalc-dims=\"1\" loading=\"lazy\" decoding=\"async\" width=\"800\" height=\"600\" data-attachment-id=\"16174\" data-permalink=\"https:\/\/www.atelier-reklama.sk\/blog\/moj-rodostrom\/jalsovik-scitaci-harok-1930-uvod-tabulka-2-strana\/\" data-orig-file=\"https:\/\/i0.wp.com\/www.atelier-reklama.sk\/blog\/wp-content\/uploads\/2026\/03\/Jalsovik-scitaci-harok-1930-uvod-tabulka-2.-strana.jpg?fit=2048%2C1536&amp;ssl=1\" data-orig-size=\"2048,1536\" data-comments-opened=\"1\" data-image-meta=\"{&quot;aperture&quot;:&quot;0&quot;,&quot;credit&quot;:&quot;&quot;,&quot;camera&quot;:&quot;&quot;,&quot;caption&quot;:&quot;&quot;,&quot;created_timestamp&quot;:&quot;0&quot;,&quot;copyright&quot;:&quot;&quot;,&quot;focal_length&quot;:&quot;0&quot;,&quot;iso&quot;:&quot;0&quot;,&quot;shutter_speed&quot;:&quot;0&quot;,&quot;title&quot;:&quot;&quot;,&quot;orientation&quot;:&quot;0&quot;}\" data-image-title=\"Jal\u0161ov\u00edk s\u010d\u00edtac\u00ed harok 1930 uvod tabulka 2. strana\" data-image-description=\"\" data-image-caption=\"\" data-medium-file=\"https:\/\/i0.wp.com\/www.atelier-reklama.sk\/blog\/wp-content\/uploads\/2026\/03\/Jalsovik-scitaci-harok-1930-uvod-tabulka-2.-strana.jpg?fit=300%2C225&amp;ssl=1\" data-large-file=\"https:\/\/i0.wp.com\/www.atelier-reklama.sk\/blog\/wp-content\/uploads\/2026\/03\/Jalsovik-scitaci-harok-1930-uvod-tabulka-2.-strana.jpg?fit=800%2C600&amp;ssl=1\" src=\"https:\/\/i0.wp.com\/www.atelier-reklama.sk\/blog\/wp-content\/uploads\/2026\/03\/Jalsovik-scitaci-harok-1930-uvod-tabulka-2.-strana.jpg?resize=800%2C600&#038;ssl=1\" alt=\"\" class=\"wp-image-16174\" srcset=\"https:\/\/i0.wp.com\/www.atelier-reklama.sk\/blog\/wp-content\/uploads\/2026\/03\/Jalsovik-scitaci-harok-1930-uvod-tabulka-2.-strana.jpg?resize=1024%2C768&amp;ssl=1 1024w, https:\/\/i0.wp.com\/www.atelier-reklama.sk\/blog\/wp-content\/uploads\/2026\/03\/Jalsovik-scitaci-harok-1930-uvod-tabulka-2.-strana.jpg?resize=300%2C225&amp;ssl=1 300w, https:\/\/i0.wp.com\/www.atelier-reklama.sk\/blog\/wp-content\/uploads\/2026\/03\/Jalsovik-scitaci-harok-1930-uvod-tabulka-2.-strana.jpg?resize=768%2C576&amp;ssl=1 768w, https:\/\/i0.wp.com\/www.atelier-reklama.sk\/blog\/wp-content\/uploads\/2026\/03\/Jalsovik-scitaci-harok-1930-uvod-tabulka-2.-strana.jpg?resize=1536%2C1152&amp;ssl=1 1536w, https:\/\/i0.wp.com\/www.atelier-reklama.sk\/blog\/wp-content\/uploads\/2026\/03\/Jalsovik-scitaci-harok-1930-uvod-tabulka-2.-strana.jpg?w=2048&amp;ssl=1 2048w, https:\/\/i0.wp.com\/www.atelier-reklama.sk\/blog\/wp-content\/uploads\/2026\/03\/Jalsovik-scitaci-harok-1930-uvod-tabulka-2.-strana.jpg?w=1600&amp;ssl=1 1600w\" sizes=\"auto, (max-width: 800px) 100vw, 800px\" \/><\/a><\/figure>\n\n\n\n<figure class=\"wp-block-image aligncenter size-large\"><a href=\"https:\/\/i0.wp.com\/www.atelier-reklama.sk\/blog\/wp-content\/uploads\/2026\/03\/Scitaci-harok-Ocenas-majer-1930-1.-strana-1.jpg?ssl=1\"><img data-recalc-dims=\"1\" loading=\"lazy\" decoding=\"async\" width=\"800\" height=\"598\" data-attachment-id=\"16176\" data-permalink=\"https:\/\/www.atelier-reklama.sk\/blog\/moj-rodostrom\/scitaci-harok-ocenas-majer-1930-1-strana-2\/\" data-orig-file=\"https:\/\/i0.wp.com\/www.atelier-reklama.sk\/blog\/wp-content\/uploads\/2026\/03\/Scitaci-harok-Ocenas-majer-1930-1.-strana-1.jpg?fit=1795%2C1343&amp;ssl=1\" data-orig-size=\"1795,1343\" data-comments-opened=\"1\" data-image-meta=\"{&quot;aperture&quot;:&quot;0&quot;,&quot;credit&quot;:&quot;&quot;,&quot;camera&quot;:&quot;&quot;,&quot;caption&quot;:&quot;&quot;,&quot;created_timestamp&quot;:&quot;0&quot;,&quot;copyright&quot;:&quot;&quot;,&quot;focal_length&quot;:&quot;0&quot;,&quot;iso&quot;:&quot;0&quot;,&quot;shutter_speed&quot;:&quot;0&quot;,&quot;title&quot;:&quot;&quot;,&quot;orientation&quot;:&quot;0&quot;}\" data-image-title=\"S\u010d\u00edtac\u00ed h\u00e1rok O\u010den\u00e1\u0161 majer 1930 1. strana+\" data-image-description=\"\" data-image-caption=\"\" data-medium-file=\"https:\/\/i0.wp.com\/www.atelier-reklama.sk\/blog\/wp-content\/uploads\/2026\/03\/Scitaci-harok-Ocenas-majer-1930-1.-strana-1.jpg?fit=300%2C224&amp;ssl=1\" data-large-file=\"https:\/\/i0.wp.com\/www.atelier-reklama.sk\/blog\/wp-content\/uploads\/2026\/03\/Scitaci-harok-Ocenas-majer-1930-1.-strana-1.jpg?fit=800%2C598&amp;ssl=1\" src=\"https:\/\/i0.wp.com\/www.atelier-reklama.sk\/blog\/wp-content\/uploads\/2026\/03\/Scitaci-harok-Ocenas-majer-1930-1.-strana-1.jpg?resize=800%2C598&#038;ssl=1\" alt=\"\" class=\"wp-image-16176\" srcset=\"https:\/\/i0.wp.com\/www.atelier-reklama.sk\/blog\/wp-content\/uploads\/2026\/03\/Scitaci-harok-Ocenas-majer-1930-1.-strana-1.jpg?resize=1024%2C766&amp;ssl=1 1024w, https:\/\/i0.wp.com\/www.atelier-reklama.sk\/blog\/wp-content\/uploads\/2026\/03\/Scitaci-harok-Ocenas-majer-1930-1.-strana-1.jpg?resize=300%2C224&amp;ssl=1 300w, https:\/\/i0.wp.com\/www.atelier-reklama.sk\/blog\/wp-content\/uploads\/2026\/03\/Scitaci-harok-Ocenas-majer-1930-1.-strana-1.jpg?resize=768%2C575&amp;ssl=1 768w, https:\/\/i0.wp.com\/www.atelier-reklama.sk\/blog\/wp-content\/uploads\/2026\/03\/Scitaci-harok-Ocenas-majer-1930-1.-strana-1.jpg?resize=1536%2C1149&amp;ssl=1 1536w, https:\/\/i0.wp.com\/www.atelier-reklama.sk\/blog\/wp-content\/uploads\/2026\/03\/Scitaci-harok-Ocenas-majer-1930-1.-strana-1.jpg?w=1795&amp;ssl=1 1795w, https:\/\/i0.wp.com\/www.atelier-reklama.sk\/blog\/wp-content\/uploads\/2026\/03\/Scitaci-harok-Ocenas-majer-1930-1.-strana-1.jpg?w=1600&amp;ssl=1 1600w\" sizes=\"auto, (max-width: 800px) 100vw, 800px\" \/><\/a><\/figure>\n\n\n\n<figure class=\"wp-block-image size-large is-resized\"><a href=\"https:\/\/i0.wp.com\/www.atelier-reklama.sk\/blog\/wp-content\/uploads\/2026\/03\/Scitaci-harok-2.-strana-Ocenas-majer-1930.jpg?ssl=1\"><img data-recalc-dims=\"1\" loading=\"lazy\" decoding=\"async\" width=\"800\" height=\"456\" data-attachment-id=\"16177\" data-permalink=\"https:\/\/www.atelier-reklama.sk\/blog\/moj-rodostrom\/scitaci-harok-2-strana-ocenas-majer-1930\/\" data-orig-file=\"https:\/\/i0.wp.com\/www.atelier-reklama.sk\/blog\/wp-content\/uploads\/2026\/03\/Scitaci-harok-2.-strana-Ocenas-majer-1930.jpg?fit=2048%2C1167&amp;ssl=1\" data-orig-size=\"2048,1167\" data-comments-opened=\"1\" data-image-meta=\"{&quot;aperture&quot;:&quot;0&quot;,&quot;credit&quot;:&quot;&quot;,&quot;camera&quot;:&quot;&quot;,&quot;caption&quot;:&quot;&quot;,&quot;created_timestamp&quot;:&quot;0&quot;,&quot;copyright&quot;:&quot;&quot;,&quot;focal_length&quot;:&quot;0&quot;,&quot;iso&quot;:&quot;0&quot;,&quot;shutter_speed&quot;:&quot;0&quot;,&quot;title&quot;:&quot;&quot;,&quot;orientation&quot;:&quot;0&quot;}\" data-image-title=\"S\u010d\u00edtac\u00ed h\u00e1rok 2. strana O\u010den\u00e1\u0161 majer 1930\" data-image-description=\"\" data-image-caption=\"\" data-medium-file=\"https:\/\/i0.wp.com\/www.atelier-reklama.sk\/blog\/wp-content\/uploads\/2026\/03\/Scitaci-harok-2.-strana-Ocenas-majer-1930.jpg?fit=300%2C171&amp;ssl=1\" data-large-file=\"https:\/\/i0.wp.com\/www.atelier-reklama.sk\/blog\/wp-content\/uploads\/2026\/03\/Scitaci-harok-2.-strana-Ocenas-majer-1930.jpg?fit=800%2C456&amp;ssl=1\" src=\"https:\/\/i0.wp.com\/www.atelier-reklama.sk\/blog\/wp-content\/uploads\/2026\/03\/Scitaci-harok-2.-strana-Ocenas-majer-1930.jpg?resize=800%2C456&#038;ssl=1\" alt=\"\" class=\"wp-image-16177\" style=\"width:1140px;height:auto\" srcset=\"https:\/\/i0.wp.com\/www.atelier-reklama.sk\/blog\/wp-content\/uploads\/2026\/03\/Scitaci-harok-2.-strana-Ocenas-majer-1930.jpg?resize=1024%2C584&amp;ssl=1 1024w, https:\/\/i0.wp.com\/www.atelier-reklama.sk\/blog\/wp-content\/uploads\/2026\/03\/Scitaci-harok-2.-strana-Ocenas-majer-1930.jpg?resize=300%2C171&amp;ssl=1 300w, https:\/\/i0.wp.com\/www.atelier-reklama.sk\/blog\/wp-content\/uploads\/2026\/03\/Scitaci-harok-2.-strana-Ocenas-majer-1930.jpg?resize=768%2C438&amp;ssl=1 768w, https:\/\/i0.wp.com\/www.atelier-reklama.sk\/blog\/wp-content\/uploads\/2026\/03\/Scitaci-harok-2.-strana-Ocenas-majer-1930.jpg?resize=1536%2C875&amp;ssl=1 1536w, https:\/\/i0.wp.com\/www.atelier-reklama.sk\/blog\/wp-content\/uploads\/2026\/03\/Scitaci-harok-2.-strana-Ocenas-majer-1930.jpg?w=2048&amp;ssl=1 2048w, https:\/\/i0.wp.com\/www.atelier-reklama.sk\/blog\/wp-content\/uploads\/2026\/03\/Scitaci-harok-2.-strana-Ocenas-majer-1930.jpg?w=1600&amp;ssl=1 1600w\" sizes=\"auto, (max-width: 800px) 100vw, 800px\" \/><\/a><\/figure>\n\n\n\n<figure class=\"wp-block-image aligncenter size-large\"><a href=\"https:\/\/i0.wp.com\/www.atelier-reklama.sk\/blog\/wp-content\/uploads\/2026\/03\/Scitaci-harok-Ocenas-majer-1930-prvy-4.jpg?ssl=1\"><img data-recalc-dims=\"1\" loading=\"lazy\" decoding=\"async\" width=\"800\" height=\"600\" data-attachment-id=\"16179\" data-permalink=\"https:\/\/www.atelier-reklama.sk\/blog\/moj-rodostrom\/scitaci-harok-ocenas-majer-1930-prvy-4\/\" data-orig-file=\"https:\/\/i0.wp.com\/www.atelier-reklama.sk\/blog\/wp-content\/uploads\/2026\/03\/Scitaci-harok-Ocenas-majer-1930-prvy-4.jpg?fit=2048%2C1536&amp;ssl=1\" data-orig-size=\"2048,1536\" data-comments-opened=\"1\" data-image-meta=\"{&quot;aperture&quot;:&quot;0&quot;,&quot;credit&quot;:&quot;&quot;,&quot;camera&quot;:&quot;&quot;,&quot;caption&quot;:&quot;&quot;,&quot;created_timestamp&quot;:&quot;0&quot;,&quot;copyright&quot;:&quot;&quot;,&quot;focal_length&quot;:&quot;0&quot;,&quot;iso&quot;:&quot;0&quot;,&quot;shutter_speed&quot;:&quot;0&quot;,&quot;title&quot;:&quot;&quot;,&quot;orientation&quot;:&quot;0&quot;}\" data-image-title=\"S\u010d\u00edtac\u00ed h\u00e1rok O\u010den\u00e1\u0161 majer 1930 prv\u00fd 4\" data-image-description=\"\" data-image-caption=\"\" data-medium-file=\"https:\/\/i0.wp.com\/www.atelier-reklama.sk\/blog\/wp-content\/uploads\/2026\/03\/Scitaci-harok-Ocenas-majer-1930-prvy-4.jpg?fit=300%2C225&amp;ssl=1\" data-large-file=\"https:\/\/i0.wp.com\/www.atelier-reklama.sk\/blog\/wp-content\/uploads\/2026\/03\/Scitaci-harok-Ocenas-majer-1930-prvy-4.jpg?fit=800%2C600&amp;ssl=1\" src=\"https:\/\/i0.wp.com\/www.atelier-reklama.sk\/blog\/wp-content\/uploads\/2026\/03\/Scitaci-harok-Ocenas-majer-1930-prvy-4.jpg?resize=800%2C600&#038;ssl=1\" alt=\"\" class=\"wp-image-16179\" srcset=\"https:\/\/i0.wp.com\/www.atelier-reklama.sk\/blog\/wp-content\/uploads\/2026\/03\/Scitaci-harok-Ocenas-majer-1930-prvy-4.jpg?resize=1024%2C768&amp;ssl=1 1024w, https:\/\/i0.wp.com\/www.atelier-reklama.sk\/blog\/wp-content\/uploads\/2026\/03\/Scitaci-harok-Ocenas-majer-1930-prvy-4.jpg?resize=300%2C225&amp;ssl=1 300w, https:\/\/i0.wp.com\/www.atelier-reklama.sk\/blog\/wp-content\/uploads\/2026\/03\/Scitaci-harok-Ocenas-majer-1930-prvy-4.jpg?resize=768%2C576&amp;ssl=1 768w, https:\/\/i0.wp.com\/www.atelier-reklama.sk\/blog\/wp-content\/uploads\/2026\/03\/Scitaci-harok-Ocenas-majer-1930-prvy-4.jpg?resize=1536%2C1152&amp;ssl=1 1536w, https:\/\/i0.wp.com\/www.atelier-reklama.sk\/blog\/wp-content\/uploads\/2026\/03\/Scitaci-harok-Ocenas-majer-1930-prvy-4.jpg?w=2048&amp;ssl=1 2048w, https:\/\/i0.wp.com\/www.atelier-reklama.sk\/blog\/wp-content\/uploads\/2026\/03\/Scitaci-harok-Ocenas-majer-1930-prvy-4.jpg?w=1600&amp;ssl=1 1600w\" sizes=\"auto, (max-width: 800px) 100vw, 800px\" \/><\/a><\/figure>\n\n\n\n<figure class=\"wp-block-image aligncenter size-large\"><a href=\"https:\/\/i0.wp.com\/www.atelier-reklama.sk\/blog\/wp-content\/uploads\/2026\/03\/Jalsovik-scitaci-harok-uvod.jpg?ssl=1\"><img data-recalc-dims=\"1\" loading=\"lazy\" decoding=\"async\" width=\"800\" height=\"1000\" data-attachment-id=\"16182\" data-permalink=\"https:\/\/www.atelier-reklama.sk\/blog\/moj-rodostrom\/jalsovik-scitaci-harok-uvod\/\" data-orig-file=\"https:\/\/i0.wp.com\/www.atelier-reklama.sk\/blog\/wp-content\/uploads\/2026\/03\/Jalsovik-scitaci-harok-uvod.jpg?fit=1638%2C2048&amp;ssl=1\" data-orig-size=\"1638,2048\" data-comments-opened=\"1\" data-image-meta=\"{&quot;aperture&quot;:&quot;0&quot;,&quot;credit&quot;:&quot;&quot;,&quot;camera&quot;:&quot;&quot;,&quot;caption&quot;:&quot;&quot;,&quot;created_timestamp&quot;:&quot;0&quot;,&quot;copyright&quot;:&quot;&quot;,&quot;focal_length&quot;:&quot;0&quot;,&quot;iso&quot;:&quot;0&quot;,&quot;shutter_speed&quot;:&quot;0&quot;,&quot;title&quot;:&quot;&quot;,&quot;orientation&quot;:&quot;0&quot;}\" data-image-title=\"Jal\u0161ov\u00edk s\u010d\u00edtac\u00ed harok uvod\" data-image-description=\"\" data-image-caption=\"\" data-medium-file=\"https:\/\/i0.wp.com\/www.atelier-reklama.sk\/blog\/wp-content\/uploads\/2026\/03\/Jalsovik-scitaci-harok-uvod.jpg?fit=240%2C300&amp;ssl=1\" data-large-file=\"https:\/\/i0.wp.com\/www.atelier-reklama.sk\/blog\/wp-content\/uploads\/2026\/03\/Jalsovik-scitaci-harok-uvod.jpg?fit=800%2C1000&amp;ssl=1\" src=\"https:\/\/i0.wp.com\/www.atelier-reklama.sk\/blog\/wp-content\/uploads\/2026\/03\/Jalsovik-scitaci-harok-uvod.jpg?resize=800%2C1000&#038;ssl=1\" alt=\"\" class=\"wp-image-16182\" srcset=\"https:\/\/i0.wp.com\/www.atelier-reklama.sk\/blog\/wp-content\/uploads\/2026\/03\/Jalsovik-scitaci-harok-uvod.jpg?resize=819%2C1024&amp;ssl=1 819w, https:\/\/i0.wp.com\/www.atelier-reklama.sk\/blog\/wp-content\/uploads\/2026\/03\/Jalsovik-scitaci-harok-uvod.jpg?resize=240%2C300&amp;ssl=1 240w, https:\/\/i0.wp.com\/www.atelier-reklama.sk\/blog\/wp-content\/uploads\/2026\/03\/Jalsovik-scitaci-harok-uvod.jpg?resize=768%2C960&amp;ssl=1 768w, https:\/\/i0.wp.com\/www.atelier-reklama.sk\/blog\/wp-content\/uploads\/2026\/03\/Jalsovik-scitaci-harok-uvod.jpg?resize=1229%2C1536&amp;ssl=1 1229w, https:\/\/i0.wp.com\/www.atelier-reklama.sk\/blog\/wp-content\/uploads\/2026\/03\/Jalsovik-scitaci-harok-uvod.jpg?w=1638&amp;ssl=1 1638w\" sizes=\"auto, (max-width: 800px) 100vw, 800px\" \/><\/a><\/figure>\n\n\n\n<figure class=\"wp-block-image aligncenter size-large\"><a href=\"https:\/\/i0.wp.com\/www.atelier-reklama.sk\/blog\/wp-content\/uploads\/2026\/03\/Jalsovik-scitaci-harok-1930-zaver-prehlad.jpg?ssl=1\"><img data-recalc-dims=\"1\" loading=\"lazy\" decoding=\"async\" width=\"800\" height=\"619\" data-attachment-id=\"16184\" data-permalink=\"https:\/\/www.atelier-reklama.sk\/blog\/moj-rodostrom\/jalsovik-scitaci-harok-1930-zaver-prehlad\/\" data-orig-file=\"https:\/\/i0.wp.com\/www.atelier-reklama.sk\/blog\/wp-content\/uploads\/2026\/03\/Jalsovik-scitaci-harok-1930-zaver-prehlad.jpg?fit=2048%2C1583&amp;ssl=1\" data-orig-size=\"2048,1583\" data-comments-opened=\"1\" data-image-meta=\"{&quot;aperture&quot;:&quot;0&quot;,&quot;credit&quot;:&quot;&quot;,&quot;camera&quot;:&quot;&quot;,&quot;caption&quot;:&quot;&quot;,&quot;created_timestamp&quot;:&quot;0&quot;,&quot;copyright&quot;:&quot;&quot;,&quot;focal_length&quot;:&quot;0&quot;,&quot;iso&quot;:&quot;0&quot;,&quot;shutter_speed&quot;:&quot;0&quot;,&quot;title&quot;:&quot;&quot;,&quot;orientation&quot;:&quot;0&quot;}\" data-image-title=\"Jal\u0161ov\u00edk s\u010d\u00edtac\u00ed harok 1930 z\u00e1ver prehlad\" data-image-description=\"\" data-image-caption=\"\" data-medium-file=\"https:\/\/i0.wp.com\/www.atelier-reklama.sk\/blog\/wp-content\/uploads\/2026\/03\/Jalsovik-scitaci-harok-1930-zaver-prehlad.jpg?fit=300%2C232&amp;ssl=1\" data-large-file=\"https:\/\/i0.wp.com\/www.atelier-reklama.sk\/blog\/wp-content\/uploads\/2026\/03\/Jalsovik-scitaci-harok-1930-zaver-prehlad.jpg?fit=800%2C619&amp;ssl=1\" src=\"https:\/\/i0.wp.com\/www.atelier-reklama.sk\/blog\/wp-content\/uploads\/2026\/03\/Jalsovik-scitaci-harok-1930-zaver-prehlad.jpg?resize=800%2C619&#038;ssl=1\" alt=\"\" class=\"wp-image-16184\" srcset=\"https:\/\/i0.wp.com\/www.atelier-reklama.sk\/blog\/wp-content\/uploads\/2026\/03\/Jalsovik-scitaci-harok-1930-zaver-prehlad.jpg?resize=1024%2C792&amp;ssl=1 1024w, https:\/\/i0.wp.com\/www.atelier-reklama.sk\/blog\/wp-content\/uploads\/2026\/03\/Jalsovik-scitaci-harok-1930-zaver-prehlad.jpg?resize=300%2C232&amp;ssl=1 300w, https:\/\/i0.wp.com\/www.atelier-reklama.sk\/blog\/wp-content\/uploads\/2026\/03\/Jalsovik-scitaci-harok-1930-zaver-prehlad.jpg?resize=768%2C594&amp;ssl=1 768w, https:\/\/i0.wp.com\/www.atelier-reklama.sk\/blog\/wp-content\/uploads\/2026\/03\/Jalsovik-scitaci-harok-1930-zaver-prehlad.jpg?resize=1536%2C1187&amp;ssl=1 1536w, https:\/\/i0.wp.com\/www.atelier-reklama.sk\/blog\/wp-content\/uploads\/2026\/03\/Jalsovik-scitaci-harok-1930-zaver-prehlad.jpg?w=2048&amp;ssl=1 2048w, https:\/\/i0.wp.com\/www.atelier-reklama.sk\/blog\/wp-content\/uploads\/2026\/03\/Jalsovik-scitaci-harok-1930-zaver-prehlad.jpg?w=1600&amp;ssl=1 1600w\" sizes=\"auto, (max-width: 800px) 100vw, 800px\" \/><\/a><\/figure>\n\n\n\n<h2 class=\"wp-block-heading has-medium-font-size\">Otcova mama Margita O\u010den\u00e1\u0161ov\u00e1, roden\u00e1 Stehl\u00edkov\u00e1 sa narodila v Detve-Pie\u0161\u0165 8.8.1898, potom sa so svojimi rodi\u010dmi pres\u0165ahovala do \u010cekoviec, v \u010dase s\u010ditovania v roku 1930 u\u017e bola vydat\u00e1 a \u017eila na O\u010den\u00e1\u0161ovom laze\/majeri, vtom \u010dase v \u010cekovciach \u017eila jej mama M\u00e1ria Stehl\u00edkov\u00e1, r. Kulichov\u00e1 * 12.10.1878, vdova. Man\u017eel J\u00e1n Stehl\u00edk padol v 1. svet. vojne asi 16.10.1914 v bitke pri Starom Sambore.<\/h2>\n\n\n\n<figure class=\"wp-block-image size-large\"><a href=\"https:\/\/i0.wp.com\/www.atelier-reklama.sk\/blog\/wp-content\/uploads\/2026\/03\/Stehlik-Andrej-majitel-domu-prastarkeho-brat.jpg?ssl=1\"><img data-recalc-dims=\"1\" loading=\"lazy\" decoding=\"async\" width=\"800\" height=\"361\" data-attachment-id=\"16188\" data-permalink=\"https:\/\/www.atelier-reklama.sk\/blog\/moj-rodostrom\/stehlik-andrej-majitel-domu-prastarkeho-brat\/\" data-orig-file=\"https:\/\/i0.wp.com\/www.atelier-reklama.sk\/blog\/wp-content\/uploads\/2026\/03\/Stehlik-Andrej-majitel-domu-prastarkeho-brat.jpg?fit=2048%2C923&amp;ssl=1\" data-orig-size=\"2048,923\" data-comments-opened=\"1\" data-image-meta=\"{&quot;aperture&quot;:&quot;0&quot;,&quot;credit&quot;:&quot;&quot;,&quot;camera&quot;:&quot;&quot;,&quot;caption&quot;:&quot;&quot;,&quot;created_timestamp&quot;:&quot;0&quot;,&quot;copyright&quot;:&quot;&quot;,&quot;focal_length&quot;:&quot;0&quot;,&quot;iso&quot;:&quot;0&quot;,&quot;shutter_speed&quot;:&quot;0&quot;,&quot;title&quot;:&quot;&quot;,&quot;orientation&quot;:&quot;0&quot;}\" data-image-title=\"Stehlik Andrej majitel domu prastark\u00e9ho brat\" data-image-description=\"\" data-image-caption=\"\" data-medium-file=\"https:\/\/i0.wp.com\/www.atelier-reklama.sk\/blog\/wp-content\/uploads\/2026\/03\/Stehlik-Andrej-majitel-domu-prastarkeho-brat.jpg?fit=300%2C135&amp;ssl=1\" data-large-file=\"https:\/\/i0.wp.com\/www.atelier-reklama.sk\/blog\/wp-content\/uploads\/2026\/03\/Stehlik-Andrej-majitel-domu-prastarkeho-brat.jpg?fit=800%2C361&amp;ssl=1\" src=\"https:\/\/i0.wp.com\/www.atelier-reklama.sk\/blog\/wp-content\/uploads\/2026\/03\/Stehlik-Andrej-majitel-domu-prastarkeho-brat.jpg?resize=800%2C361&#038;ssl=1\" alt=\"\" class=\"wp-image-16188\" srcset=\"https:\/\/i0.wp.com\/www.atelier-reklama.sk\/blog\/wp-content\/uploads\/2026\/03\/Stehlik-Andrej-majitel-domu-prastarkeho-brat.jpg?resize=1024%2C462&amp;ssl=1 1024w, https:\/\/i0.wp.com\/www.atelier-reklama.sk\/blog\/wp-content\/uploads\/2026\/03\/Stehlik-Andrej-majitel-domu-prastarkeho-brat.jpg?resize=300%2C135&amp;ssl=1 300w, https:\/\/i0.wp.com\/www.atelier-reklama.sk\/blog\/wp-content\/uploads\/2026\/03\/Stehlik-Andrej-majitel-domu-prastarkeho-brat.jpg?resize=768%2C346&amp;ssl=1 768w, https:\/\/i0.wp.com\/www.atelier-reklama.sk\/blog\/wp-content\/uploads\/2026\/03\/Stehlik-Andrej-majitel-domu-prastarkeho-brat.jpg?resize=1536%2C692&amp;ssl=1 1536w, https:\/\/i0.wp.com\/www.atelier-reklama.sk\/blog\/wp-content\/uploads\/2026\/03\/Stehlik-Andrej-majitel-domu-prastarkeho-brat.jpg?w=2048&amp;ssl=1 2048w, https:\/\/i0.wp.com\/www.atelier-reklama.sk\/blog\/wp-content\/uploads\/2026\/03\/Stehlik-Andrej-majitel-domu-prastarkeho-brat.jpg?w=1600&amp;ssl=1 1600w\" sizes=\"auto, (max-width: 800px) 100vw, 800px\" \/><\/a><\/figure>\n\n\n\n<figure class=\"wp-block-image size-large\"><a href=\"https:\/\/i0.wp.com\/www.atelier-reklama.sk\/blog\/wp-content\/uploads\/2026\/03\/Stehlik-scitaci-harok-1930-1.-strana.jpg?ssl=1\"><img data-recalc-dims=\"1\" loading=\"lazy\" decoding=\"async\" width=\"800\" height=\"453\" data-attachment-id=\"16189\" data-permalink=\"https:\/\/www.atelier-reklama.sk\/blog\/moj-rodostrom\/stehlik-scitaci-harok-1930-1-strana\/\" data-orig-file=\"https:\/\/i0.wp.com\/www.atelier-reklama.sk\/blog\/wp-content\/uploads\/2026\/03\/Stehlik-scitaci-harok-1930-1.-strana.jpg?fit=2048%2C1160&amp;ssl=1\" data-orig-size=\"2048,1160\" data-comments-opened=\"1\" data-image-meta=\"{&quot;aperture&quot;:&quot;0&quot;,&quot;credit&quot;:&quot;&quot;,&quot;camera&quot;:&quot;&quot;,&quot;caption&quot;:&quot;&quot;,&quot;created_timestamp&quot;:&quot;0&quot;,&quot;copyright&quot;:&quot;&quot;,&quot;focal_length&quot;:&quot;0&quot;,&quot;iso&quot;:&quot;0&quot;,&quot;shutter_speed&quot;:&quot;0&quot;,&quot;title&quot;:&quot;&quot;,&quot;orientation&quot;:&quot;0&quot;}\" data-image-title=\"Stehl\u00edk s\u010d\u00edtaci h\u00e1rok 1930 1. strana\" data-image-description=\"\" data-image-caption=\"\" data-medium-file=\"https:\/\/i0.wp.com\/www.atelier-reklama.sk\/blog\/wp-content\/uploads\/2026\/03\/Stehlik-scitaci-harok-1930-1.-strana.jpg?fit=300%2C170&amp;ssl=1\" data-large-file=\"https:\/\/i0.wp.com\/www.atelier-reklama.sk\/blog\/wp-content\/uploads\/2026\/03\/Stehlik-scitaci-harok-1930-1.-strana.jpg?fit=800%2C453&amp;ssl=1\" src=\"https:\/\/i0.wp.com\/www.atelier-reklama.sk\/blog\/wp-content\/uploads\/2026\/03\/Stehlik-scitaci-harok-1930-1.-strana.jpg?resize=800%2C453&#038;ssl=1\" alt=\"\" class=\"wp-image-16189\" srcset=\"https:\/\/i0.wp.com\/www.atelier-reklama.sk\/blog\/wp-content\/uploads\/2026\/03\/Stehlik-scitaci-harok-1930-1.-strana.jpg?resize=1024%2C580&amp;ssl=1 1024w, https:\/\/i0.wp.com\/www.atelier-reklama.sk\/blog\/wp-content\/uploads\/2026\/03\/Stehlik-scitaci-harok-1930-1.-strana.jpg?resize=300%2C170&amp;ssl=1 300w, https:\/\/i0.wp.com\/www.atelier-reklama.sk\/blog\/wp-content\/uploads\/2026\/03\/Stehlik-scitaci-harok-1930-1.-strana.jpg?resize=768%2C435&amp;ssl=1 768w, https:\/\/i0.wp.com\/www.atelier-reklama.sk\/blog\/wp-content\/uploads\/2026\/03\/Stehlik-scitaci-harok-1930-1.-strana.jpg?resize=1536%2C870&amp;ssl=1 1536w, https:\/\/i0.wp.com\/www.atelier-reklama.sk\/blog\/wp-content\/uploads\/2026\/03\/Stehlik-scitaci-harok-1930-1.-strana.jpg?w=2048&amp;ssl=1 2048w, https:\/\/i0.wp.com\/www.atelier-reklama.sk\/blog\/wp-content\/uploads\/2026\/03\/Stehlik-scitaci-harok-1930-1.-strana.jpg?w=1600&amp;ssl=1 1600w\" sizes=\"auto, (max-width: 800px) 100vw, 800px\" \/><\/a><\/figure>\n\n\n\n<figure class=\"wp-block-image aligncenter size-large\"><a href=\"https:\/\/i0.wp.com\/www.atelier-reklama.sk\/blog\/wp-content\/uploads\/2026\/03\/Stehlik-scitaci-harok-cela-1.strana.jpg?ssl=1\"><img data-recalc-dims=\"1\" loading=\"lazy\" decoding=\"async\" width=\"800\" height=\"502\" data-attachment-id=\"16191\" data-permalink=\"https:\/\/www.atelier-reklama.sk\/blog\/moj-rodostrom\/stehlik-scitaci-harok-cela-1-strana\/\" data-orig-file=\"https:\/\/i0.wp.com\/www.atelier-reklama.sk\/blog\/wp-content\/uploads\/2026\/03\/Stehlik-scitaci-harok-cela-1.strana.jpg?fit=2048%2C1286&amp;ssl=1\" data-orig-size=\"2048,1286\" data-comments-opened=\"1\" data-image-meta=\"{&quot;aperture&quot;:&quot;0&quot;,&quot;credit&quot;:&quot;&quot;,&quot;camera&quot;:&quot;&quot;,&quot;caption&quot;:&quot;&quot;,&quot;created_timestamp&quot;:&quot;0&quot;,&quot;copyright&quot;:&quot;&quot;,&quot;focal_length&quot;:&quot;0&quot;,&quot;iso&quot;:&quot;0&quot;,&quot;shutter_speed&quot;:&quot;0&quot;,&quot;title&quot;:&quot;&quot;,&quot;orientation&quot;:&quot;0&quot;}\" data-image-title=\"Stehl\u00edk s\u010d\u00edtaci h\u00e1rok cel\u00e1 1.strana\" data-image-description=\"\" data-image-caption=\"\" data-medium-file=\"https:\/\/i0.wp.com\/www.atelier-reklama.sk\/blog\/wp-content\/uploads\/2026\/03\/Stehlik-scitaci-harok-cela-1.strana.jpg?fit=300%2C188&amp;ssl=1\" data-large-file=\"https:\/\/i0.wp.com\/www.atelier-reklama.sk\/blog\/wp-content\/uploads\/2026\/03\/Stehlik-scitaci-harok-cela-1.strana.jpg?fit=800%2C502&amp;ssl=1\" src=\"https:\/\/i0.wp.com\/www.atelier-reklama.sk\/blog\/wp-content\/uploads\/2026\/03\/Stehlik-scitaci-harok-cela-1.strana.jpg?resize=800%2C502&#038;ssl=1\" alt=\"\" class=\"wp-image-16191\" srcset=\"https:\/\/i0.wp.com\/www.atelier-reklama.sk\/blog\/wp-content\/uploads\/2026\/03\/Stehlik-scitaci-harok-cela-1.strana.jpg?resize=1024%2C643&amp;ssl=1 1024w, https:\/\/i0.wp.com\/www.atelier-reklama.sk\/blog\/wp-content\/uploads\/2026\/03\/Stehlik-scitaci-harok-cela-1.strana.jpg?resize=300%2C188&amp;ssl=1 300w, https:\/\/i0.wp.com\/www.atelier-reklama.sk\/blog\/wp-content\/uploads\/2026\/03\/Stehlik-scitaci-harok-cela-1.strana.jpg?resize=768%2C482&amp;ssl=1 768w, https:\/\/i0.wp.com\/www.atelier-reklama.sk\/blog\/wp-content\/uploads\/2026\/03\/Stehlik-scitaci-harok-cela-1.strana.jpg?resize=1536%2C965&amp;ssl=1 1536w, https:\/\/i0.wp.com\/www.atelier-reklama.sk\/blog\/wp-content\/uploads\/2026\/03\/Stehlik-scitaci-harok-cela-1.strana.jpg?w=2048&amp;ssl=1 2048w, https:\/\/i0.wp.com\/www.atelier-reklama.sk\/blog\/wp-content\/uploads\/2026\/03\/Stehlik-scitaci-harok-cela-1.strana.jpg?w=1600&amp;ssl=1 1600w\" sizes=\"auto, (max-width: 800px) 100vw, 800px\" \/><\/a><\/figure>\n\n\n\n<p>Moja prastar\u00e1 mama M\u00e1ria Stehl\u00edkov\u00e1, vdova, je zap\u00edsan\u00e1 v tre\u0165om riadku ( je  tam  uveden\u00fd d\u00e1tum sob\u00e1\u0161a a d\u00e1tum ovdovenia, pod\u013ea slov pr\u00edbuzn\u00fdch s\u00fa \u00fadaje nepresn\u00e9).<\/p>\n\n\n\n<figure class=\"wp-block-image aligncenter size-large\"><a href=\"https:\/\/i0.wp.com\/www.atelier-reklama.sk\/blog\/wp-content\/uploads\/2026\/03\/Stehlik-scitacie-harky-1930.jpg?ssl=1\"><img data-recalc-dims=\"1\" loading=\"lazy\" decoding=\"async\" width=\"800\" height=\"625\" data-attachment-id=\"16195\" data-permalink=\"https:\/\/www.atelier-reklama.sk\/blog\/moj-rodostrom\/stehlik-scitacie-harky-1930-2\/\" data-orig-file=\"https:\/\/i0.wp.com\/www.atelier-reklama.sk\/blog\/wp-content\/uploads\/2026\/03\/Stehlik-scitacie-harky-1930.jpg?fit=1965%2C1536&amp;ssl=1\" data-orig-size=\"1965,1536\" data-comments-opened=\"1\" data-image-meta=\"{&quot;aperture&quot;:&quot;0&quot;,&quot;credit&quot;:&quot;&quot;,&quot;camera&quot;:&quot;&quot;,&quot;caption&quot;:&quot;&quot;,&quot;created_timestamp&quot;:&quot;0&quot;,&quot;copyright&quot;:&quot;&quot;,&quot;focal_length&quot;:&quot;0&quot;,&quot;iso&quot;:&quot;0&quot;,&quot;shutter_speed&quot;:&quot;0&quot;,&quot;title&quot;:&quot;&quot;,&quot;orientation&quot;:&quot;0&quot;}\" data-image-title=\"Stehl\u00edk s\u010d\u00edtacie h\u00e1rky 1930\" data-image-description=\"\" data-image-caption=\"\" data-medium-file=\"https:\/\/i0.wp.com\/www.atelier-reklama.sk\/blog\/wp-content\/uploads\/2026\/03\/Stehlik-scitacie-harky-1930.jpg?fit=300%2C235&amp;ssl=1\" data-large-file=\"https:\/\/i0.wp.com\/www.atelier-reklama.sk\/blog\/wp-content\/uploads\/2026\/03\/Stehlik-scitacie-harky-1930.jpg?fit=800%2C625&amp;ssl=1\" src=\"https:\/\/i0.wp.com\/www.atelier-reklama.sk\/blog\/wp-content\/uploads\/2026\/03\/Stehlik-scitacie-harky-1930.jpg?resize=800%2C625&#038;ssl=1\" alt=\"\" class=\"wp-image-16195\" srcset=\"https:\/\/i0.wp.com\/www.atelier-reklama.sk\/blog\/wp-content\/uploads\/2026\/03\/Stehlik-scitacie-harky-1930.jpg?resize=1024%2C800&amp;ssl=1 1024w, https:\/\/i0.wp.com\/www.atelier-reklama.sk\/blog\/wp-content\/uploads\/2026\/03\/Stehlik-scitacie-harky-1930.jpg?resize=300%2C235&amp;ssl=1 300w, https:\/\/i0.wp.com\/www.atelier-reklama.sk\/blog\/wp-content\/uploads\/2026\/03\/Stehlik-scitacie-harky-1930.jpg?resize=768%2C600&amp;ssl=1 768w, https:\/\/i0.wp.com\/www.atelier-reklama.sk\/blog\/wp-content\/uploads\/2026\/03\/Stehlik-scitacie-harky-1930.jpg?resize=1536%2C1201&amp;ssl=1 1536w, https:\/\/i0.wp.com\/www.atelier-reklama.sk\/blog\/wp-content\/uploads\/2026\/03\/Stehlik-scitacie-harky-1930.jpg?w=1965&amp;ssl=1 1965w, https:\/\/i0.wp.com\/www.atelier-reklama.sk\/blog\/wp-content\/uploads\/2026\/03\/Stehlik-scitacie-harky-1930.jpg?w=1600&amp;ssl=1 1600w\" sizes=\"auto, (max-width: 800px) 100vw, 800px\" \/><\/a><\/figure>\n\n\n\n<figure class=\"wp-block-image aligncenter size-large\"><a href=\"https:\/\/i0.wp.com\/www.atelier-reklama.sk\/blog\/wp-content\/uploads\/2026\/03\/Stehlik-scitacie-harky-1930.-.jpg?ssl=1\"><img data-recalc-dims=\"1\" loading=\"lazy\" decoding=\"async\" width=\"800\" height=\"639\" data-attachment-id=\"16192\" data-permalink=\"https:\/\/www.atelier-reklama.sk\/blog\/moj-rodostrom\/stehlik-scitacie-harky-1930\/\" data-orig-file=\"https:\/\/i0.wp.com\/www.atelier-reklama.sk\/blog\/wp-content\/uploads\/2026\/03\/Stehlik-scitacie-harky-1930.-.jpg?fit=1802%2C1440&amp;ssl=1\" data-orig-size=\"1802,1440\" data-comments-opened=\"1\" data-image-meta=\"{&quot;aperture&quot;:&quot;0&quot;,&quot;credit&quot;:&quot;&quot;,&quot;camera&quot;:&quot;&quot;,&quot;caption&quot;:&quot;&quot;,&quot;created_timestamp&quot;:&quot;0&quot;,&quot;copyright&quot;:&quot;&quot;,&quot;focal_length&quot;:&quot;0&quot;,&quot;iso&quot;:&quot;0&quot;,&quot;shutter_speed&quot;:&quot;0&quot;,&quot;title&quot;:&quot;&quot;,&quot;orientation&quot;:&quot;0&quot;}\" data-image-title=\"Stehl\u00edk s\u010d\u00edtacie h\u00e1rky 1930. ,\" data-image-description=\"\" data-image-caption=\"\" data-medium-file=\"https:\/\/i0.wp.com\/www.atelier-reklama.sk\/blog\/wp-content\/uploads\/2026\/03\/Stehlik-scitacie-harky-1930.-.jpg?fit=300%2C240&amp;ssl=1\" data-large-file=\"https:\/\/i0.wp.com\/www.atelier-reklama.sk\/blog\/wp-content\/uploads\/2026\/03\/Stehlik-scitacie-harky-1930.-.jpg?fit=800%2C639&amp;ssl=1\" src=\"https:\/\/i0.wp.com\/www.atelier-reklama.sk\/blog\/wp-content\/uploads\/2026\/03\/Stehlik-scitacie-harky-1930.-.jpg?resize=800%2C639&#038;ssl=1\" alt=\"\" class=\"wp-image-16192\" srcset=\"https:\/\/i0.wp.com\/www.atelier-reklama.sk\/blog\/wp-content\/uploads\/2026\/03\/Stehlik-scitacie-harky-1930.-.jpg?resize=1024%2C818&amp;ssl=1 1024w, https:\/\/i0.wp.com\/www.atelier-reklama.sk\/blog\/wp-content\/uploads\/2026\/03\/Stehlik-scitacie-harky-1930.-.jpg?resize=300%2C240&amp;ssl=1 300w, https:\/\/i0.wp.com\/www.atelier-reklama.sk\/blog\/wp-content\/uploads\/2026\/03\/Stehlik-scitacie-harky-1930.-.jpg?resize=768%2C614&amp;ssl=1 768w, https:\/\/i0.wp.com\/www.atelier-reklama.sk\/blog\/wp-content\/uploads\/2026\/03\/Stehlik-scitacie-harky-1930.-.jpg?resize=1536%2C1227&amp;ssl=1 1536w, https:\/\/i0.wp.com\/www.atelier-reklama.sk\/blog\/wp-content\/uploads\/2026\/03\/Stehlik-scitacie-harky-1930.-.jpg?w=1802&amp;ssl=1 1802w, https:\/\/i0.wp.com\/www.atelier-reklama.sk\/blog\/wp-content\/uploads\/2026\/03\/Stehlik-scitacie-harky-1930.-.jpg?w=1600&amp;ssl=1 1600w\" sizes=\"auto, (max-width: 800px) 100vw, 800px\" \/><\/a><\/figure>\n\n\n\n<p class=\"has-text-align-center has-light-green-cyan-background-color has-background has-large-font-size\">MAMINA VETVA<\/p>\n\n\n\n<figure class=\"wp-block-image aligncenter size-large\"><a href=\"https:\/\/i0.wp.com\/www.atelier-reklama.sk\/blog\/wp-content\/uploads\/2026\/03\/Starka-Dorka-Durko-Jozko-mama.jpg?ssl=1\"><img data-recalc-dims=\"1\" loading=\"lazy\" decoding=\"async\" width=\"644\" height=\"1024\" data-attachment-id=\"16209\" data-permalink=\"https:\/\/www.atelier-reklama.sk\/blog\/moj-rodostrom\/starka-dorka-durko-jozko-mama\/\" data-orig-file=\"https:\/\/i0.wp.com\/www.atelier-reklama.sk\/blog\/wp-content\/uploads\/2026\/03\/Starka-Dorka-Durko-Jozko-mama.jpg?fit=768%2C1221&amp;ssl=1\" data-orig-size=\"768,1221\" data-comments-opened=\"1\" data-image-meta=\"{&quot;aperture&quot;:&quot;0&quot;,&quot;credit&quot;:&quot;&quot;,&quot;camera&quot;:&quot;&quot;,&quot;caption&quot;:&quot;&quot;,&quot;created_timestamp&quot;:&quot;0&quot;,&quot;copyright&quot;:&quot;&quot;,&quot;focal_length&quot;:&quot;0&quot;,&quot;iso&quot;:&quot;0&quot;,&quot;shutter_speed&quot;:&quot;0&quot;,&quot;title&quot;:&quot;&quot;,&quot;orientation&quot;:&quot;0&quot;}\" data-image-title=\"Stark\u00e1 Dorka, Durko Jozko, mama\" data-image-description=\"\" data-image-caption=\"\" data-medium-file=\"https:\/\/i0.wp.com\/www.atelier-reklama.sk\/blog\/wp-content\/uploads\/2026\/03\/Starka-Dorka-Durko-Jozko-mama.jpg?fit=189%2C300&amp;ssl=1\" data-large-file=\"https:\/\/i0.wp.com\/www.atelier-reklama.sk\/blog\/wp-content\/uploads\/2026\/03\/Starka-Dorka-Durko-Jozko-mama.jpg?fit=644%2C1024&amp;ssl=1\" src=\"https:\/\/i0.wp.com\/www.atelier-reklama.sk\/blog\/wp-content\/uploads\/2026\/03\/Starka-Dorka-Durko-Jozko-mama.jpg?resize=644%2C1024&#038;ssl=1\" alt=\"\" class=\"wp-image-16209\" srcset=\"https:\/\/i0.wp.com\/www.atelier-reklama.sk\/blog\/wp-content\/uploads\/2026\/03\/Starka-Dorka-Durko-Jozko-mama.jpg?resize=644%2C1024&amp;ssl=1 644w, https:\/\/i0.wp.com\/www.atelier-reklama.sk\/blog\/wp-content\/uploads\/2026\/03\/Starka-Dorka-Durko-Jozko-mama.jpg?resize=189%2C300&amp;ssl=1 189w, https:\/\/i0.wp.com\/www.atelier-reklama.sk\/blog\/wp-content\/uploads\/2026\/03\/Starka-Dorka-Durko-Jozko-mama.jpg?w=768&amp;ssl=1 768w\" sizes=\"auto, (max-width: 644px) 100vw, 644px\" \/><\/a><\/figure>\n\n\n\n<p class=\"has-text-align-center\">Moji star\u00ed rodi\u010dia, mama a jej brat.<\/p>\n\n\n\n<p> Juraj Bartik-stark\u00fd *7.2.1906 Dol. Mladonice, zomrel 14.1.1994 na Dol. Jal\u0161ov\u00edku, stark\u00e1 Dorota Bart\u00edkov\u00e1, r. Guttenov\u00e1 * 14.2.1910 Senohrad-Koz\u00ed laz, zomrela 7.2.1981 v Dol. Mladoniciach, mama Anna Bart\u00edkov\u00e1, nesk\u00f4r O\u010den\u00e1\u0161ov\u00e1 * 29.5.1930 na Senohrade-Koz\u00ed laz, zomrela v Krupine 23.11. 2013, ujo Jozef Bart\u00edk *16.3.1935 Senohrad-Koz\u00ed laz, zomrel 6.8.2009 vo Zvolene.<\/p>\n\n\n\n<figure class=\"wp-block-image aligncenter size-large is-resized\"><a href=\"https:\/\/i0.wp.com\/www.atelier-reklama.sk\/blog\/wp-content\/uploads\/2026\/03\/Scan-MAMINA-VETVA-POZNAMKY.jpg?ssl=1\"><img data-recalc-dims=\"1\" loading=\"lazy\" decoding=\"async\" width=\"800\" height=\"566\" data-attachment-id=\"16297\" data-permalink=\"https:\/\/www.atelier-reklama.sk\/blog\/moj-rodostrom\/scan-mamina-vetva-poznamky\/\" data-orig-file=\"https:\/\/i0.wp.com\/www.atelier-reklama.sk\/blog\/wp-content\/uploads\/2026\/03\/Scan-MAMINA-VETVA-POZNAMKY.jpg?fit=2338%2C1654&amp;ssl=1\" data-orig-size=\"2338,1654\" data-comments-opened=\"1\" data-image-meta=\"{&quot;aperture&quot;:&quot;0&quot;,&quot;credit&quot;:&quot;&quot;,&quot;camera&quot;:&quot;&quot;,&quot;caption&quot;:&quot;&quot;,&quot;created_timestamp&quot;:&quot;0&quot;,&quot;copyright&quot;:&quot;&quot;,&quot;focal_length&quot;:&quot;0&quot;,&quot;iso&quot;:&quot;0&quot;,&quot;shutter_speed&quot;:&quot;0&quot;,&quot;title&quot;:&quot;&quot;,&quot;orientation&quot;:&quot;0&quot;}\" data-image-title=\"Scan MAMINA VETVA POZN\u00c1MKY\" data-image-description=\"\" data-image-caption=\"\" data-medium-file=\"https:\/\/i0.wp.com\/www.atelier-reklama.sk\/blog\/wp-content\/uploads\/2026\/03\/Scan-MAMINA-VETVA-POZNAMKY.jpg?fit=300%2C212&amp;ssl=1\" data-large-file=\"https:\/\/i0.wp.com\/www.atelier-reklama.sk\/blog\/wp-content\/uploads\/2026\/03\/Scan-MAMINA-VETVA-POZNAMKY.jpg?fit=800%2C566&amp;ssl=1\" src=\"https:\/\/i0.wp.com\/www.atelier-reklama.sk\/blog\/wp-content\/uploads\/2026\/03\/Scan-MAMINA-VETVA-POZNAMKY.jpg?resize=800%2C566&#038;ssl=1\" alt=\"\" class=\"wp-image-16297\" style=\"width:1024px;height:auto\" srcset=\"https:\/\/i0.wp.com\/www.atelier-reklama.sk\/blog\/wp-content\/uploads\/2026\/03\/Scan-MAMINA-VETVA-POZNAMKY.jpg?resize=1024%2C724&amp;ssl=1 1024w, https:\/\/i0.wp.com\/www.atelier-reklama.sk\/blog\/wp-content\/uploads\/2026\/03\/Scan-MAMINA-VETVA-POZNAMKY.jpg?resize=300%2C212&amp;ssl=1 300w, https:\/\/i0.wp.com\/www.atelier-reklama.sk\/blog\/wp-content\/uploads\/2026\/03\/Scan-MAMINA-VETVA-POZNAMKY.jpg?resize=768%2C543&amp;ssl=1 768w, https:\/\/i0.wp.com\/www.atelier-reklama.sk\/blog\/wp-content\/uploads\/2026\/03\/Scan-MAMINA-VETVA-POZNAMKY.jpg?resize=1536%2C1087&amp;ssl=1 1536w, https:\/\/i0.wp.com\/www.atelier-reklama.sk\/blog\/wp-content\/uploads\/2026\/03\/Scan-MAMINA-VETVA-POZNAMKY.jpg?resize=2048%2C1449&amp;ssl=1 2048w, https:\/\/i0.wp.com\/www.atelier-reklama.sk\/blog\/wp-content\/uploads\/2026\/03\/Scan-MAMINA-VETVA-POZNAMKY.jpg?w=1600&amp;ssl=1 1600w\" sizes=\"auto, (max-width: 800px) 100vw, 800px\" \/><\/a><\/figure>\n\n\n\n<figure class=\"wp-block-image aligncenter size-large is-resized\"><a href=\"https:\/\/i0.wp.com\/www.atelier-reklama.sk\/blog\/wp-content\/uploads\/2026\/03\/4A-Scan-Bartikovci-muzi-a-manzelky-do-r.-1670-2.jpg?ssl=1\"><img data-recalc-dims=\"1\" loading=\"lazy\" decoding=\"async\" width=\"800\" height=\"959\" data-attachment-id=\"16235\" data-permalink=\"https:\/\/www.atelier-reklama.sk\/blog\/moj-rodostrom\/4a-scan-bartikovci-muzi-a-manzelky-do-r-1670-3\/\" data-orig-file=\"https:\/\/i0.wp.com\/www.atelier-reklama.sk\/blog\/wp-content\/uploads\/2026\/03\/4A-Scan-Bartikovci-muzi-a-manzelky-do-r.-1670-2.jpg?fit=1613%2C1933&amp;ssl=1\" data-orig-size=\"1613,1933\" data-comments-opened=\"1\" data-image-meta=\"{&quot;aperture&quot;:&quot;0&quot;,&quot;credit&quot;:&quot;&quot;,&quot;camera&quot;:&quot;&quot;,&quot;caption&quot;:&quot;&quot;,&quot;created_timestamp&quot;:&quot;0&quot;,&quot;copyright&quot;:&quot;&quot;,&quot;focal_length&quot;:&quot;0&quot;,&quot;iso&quot;:&quot;0&quot;,&quot;shutter_speed&quot;:&quot;0&quot;,&quot;title&quot;:&quot;&quot;,&quot;orientation&quot;:&quot;0&quot;}\" data-image-title=\"4A Scan Bart\u00edkovci  mu\u017ei a man\u017eelky do r. 1670\" data-image-description=\"\" data-image-caption=\"\" data-medium-file=\"https:\/\/i0.wp.com\/www.atelier-reklama.sk\/blog\/wp-content\/uploads\/2026\/03\/4A-Scan-Bartikovci-muzi-a-manzelky-do-r.-1670-2.jpg?fit=250%2C300&amp;ssl=1\" data-large-file=\"https:\/\/i0.wp.com\/www.atelier-reklama.sk\/blog\/wp-content\/uploads\/2026\/03\/4A-Scan-Bartikovci-muzi-a-manzelky-do-r.-1670-2.jpg?fit=800%2C959&amp;ssl=1\" src=\"https:\/\/i0.wp.com\/www.atelier-reklama.sk\/blog\/wp-content\/uploads\/2026\/03\/4A-Scan-Bartikovci-muzi-a-manzelky-do-r.-1670-2.jpg?resize=800%2C959&#038;ssl=1\" alt=\"\" class=\"wp-image-16235\" style=\"width:713px;height:auto\" srcset=\"https:\/\/i0.wp.com\/www.atelier-reklama.sk\/blog\/wp-content\/uploads\/2026\/03\/4A-Scan-Bartikovci-muzi-a-manzelky-do-r.-1670-2.jpg?resize=854%2C1024&amp;ssl=1 854w, https:\/\/i0.wp.com\/www.atelier-reklama.sk\/blog\/wp-content\/uploads\/2026\/03\/4A-Scan-Bartikovci-muzi-a-manzelky-do-r.-1670-2.jpg?resize=250%2C300&amp;ssl=1 250w, https:\/\/i0.wp.com\/www.atelier-reklama.sk\/blog\/wp-content\/uploads\/2026\/03\/4A-Scan-Bartikovci-muzi-a-manzelky-do-r.-1670-2.jpg?resize=768%2C920&amp;ssl=1 768w, https:\/\/i0.wp.com\/www.atelier-reklama.sk\/blog\/wp-content\/uploads\/2026\/03\/4A-Scan-Bartikovci-muzi-a-manzelky-do-r.-1670-2.jpg?resize=1282%2C1536&amp;ssl=1 1282w, https:\/\/i0.wp.com\/www.atelier-reklama.sk\/blog\/wp-content\/uploads\/2026\/03\/4A-Scan-Bartikovci-muzi-a-manzelky-do-r.-1670-2.jpg?w=1613&amp;ssl=1 1613w\" sizes=\"auto, (max-width: 800px) 100vw, 800px\" \/><\/a><\/figure>\n\n\n\n<h2 class=\"wp-block-heading has-text-align-center has-medium-font-size\">Podklady k vytvoreniu tohto z\u00e1znamu mi poskytla moja pr\u00edbuzn\u00e1 Marienka Pavl\u00edkov\u00e1, jej pra-pra-prastar\u00ed rodi\u010dia a moji pra-prastar\u00ed rodi\u010dia boli \u0160tefan Bart\u00edk *8.12.1842 a Katar\u00edna Bart\u00edkov\u00e1, r. Hnilicov\u00e1 z Dol. Mladon\u00edc.<\/h2>\n\n\n\n<figure class=\"wp-block-image size-large\"><a href=\"https:\/\/i0.wp.com\/www.atelier-reklama.sk\/blog\/wp-content\/uploads\/2026\/03\/Martin-otec-Stefan-a-Katarina-Hnilicova.jpg?ssl=1\"><img data-recalc-dims=\"1\" loading=\"lazy\" decoding=\"async\" width=\"800\" height=\"858\" data-attachment-id=\"16199\" data-permalink=\"https:\/\/www.atelier-reklama.sk\/blog\/moj-rodostrom\/martin-otec-stefan-a-katarina-hnilicova\/\" data-orig-file=\"https:\/\/i0.wp.com\/www.atelier-reklama.sk\/blog\/wp-content\/uploads\/2026\/03\/Martin-otec-Stefan-a-Katarina-Hnilicova.jpg?fit=1536%2C1647&amp;ssl=1\" data-orig-size=\"1536,1647\" data-comments-opened=\"1\" data-image-meta=\"{&quot;aperture&quot;:&quot;0&quot;,&quot;credit&quot;:&quot;&quot;,&quot;camera&quot;:&quot;&quot;,&quot;caption&quot;:&quot;&quot;,&quot;created_timestamp&quot;:&quot;0&quot;,&quot;copyright&quot;:&quot;&quot;,&quot;focal_length&quot;:&quot;0&quot;,&quot;iso&quot;:&quot;0&quot;,&quot;shutter_speed&quot;:&quot;0&quot;,&quot;title&quot;:&quot;&quot;,&quot;orientation&quot;:&quot;0&quot;}\" data-image-title=\"Martin otec \u0160tefan a Katarina Hnilicov\u00e1..\" data-image-description=\"\" data-image-caption=\"\" data-medium-file=\"https:\/\/i0.wp.com\/www.atelier-reklama.sk\/blog\/wp-content\/uploads\/2026\/03\/Martin-otec-Stefan-a-Katarina-Hnilicova.jpg?fit=280%2C300&amp;ssl=1\" data-large-file=\"https:\/\/i0.wp.com\/www.atelier-reklama.sk\/blog\/wp-content\/uploads\/2026\/03\/Martin-otec-Stefan-a-Katarina-Hnilicova.jpg?fit=800%2C858&amp;ssl=1\" src=\"https:\/\/i0.wp.com\/www.atelier-reklama.sk\/blog\/wp-content\/uploads\/2026\/03\/Martin-otec-Stefan-a-Katarina-Hnilicova.jpg?resize=800%2C858&#038;ssl=1\" alt=\"\" class=\"wp-image-16199\" srcset=\"https:\/\/i0.wp.com\/www.atelier-reklama.sk\/blog\/wp-content\/uploads\/2026\/03\/Martin-otec-Stefan-a-Katarina-Hnilicova.jpg?resize=955%2C1024&amp;ssl=1 955w, https:\/\/i0.wp.com\/www.atelier-reklama.sk\/blog\/wp-content\/uploads\/2026\/03\/Martin-otec-Stefan-a-Katarina-Hnilicova.jpg?resize=280%2C300&amp;ssl=1 280w, https:\/\/i0.wp.com\/www.atelier-reklama.sk\/blog\/wp-content\/uploads\/2026\/03\/Martin-otec-Stefan-a-Katarina-Hnilicova.jpg?resize=768%2C824&amp;ssl=1 768w, https:\/\/i0.wp.com\/www.atelier-reklama.sk\/blog\/wp-content\/uploads\/2026\/03\/Martin-otec-Stefan-a-Katarina-Hnilicova.jpg?resize=1432%2C1536&amp;ssl=1 1432w, https:\/\/i0.wp.com\/www.atelier-reklama.sk\/blog\/wp-content\/uploads\/2026\/03\/Martin-otec-Stefan-a-Katarina-Hnilicova.jpg?w=1536&amp;ssl=1 1536w\" sizes=\"auto, (max-width: 800px) 100vw, 800px\" \/><\/a><\/figure>\n\n\n\n<h2 class=\"wp-block-heading has-medium-font-size\">Z\u00e1znam o naroden\u00ed m\u00f4jho prastar\u00e9ho otca Martina Bart\u00edka 31.10.1862 v Dol. Mladoniciach, ktor\u00fd padol v 1. svet. vojne, pravdepodobne 16.10.1914 pri Starom Sambore. Martinov syn, m\u00f4j stark\u00fd \u010eurko ( nar. 1906) hovoril, \u017ee ke\u010f mal 8 rokov mu zomrel otec a ke\u010f mal 12, tak zomrela aj mama a zostal \u00fapln\u00e1 sirota. <\/h2>\n\n\n\n<figure class=\"wp-block-image size-large is-resized\"><a href=\"https:\/\/i0.wp.com\/www.atelier-reklama.sk\/blog\/wp-content\/uploads\/2026\/03\/Martin-otec-Stefan-a-Katarina-Hnilicova-1.jpg?ssl=1\"><img data-recalc-dims=\"1\" loading=\"lazy\" decoding=\"async\" width=\"800\" height=\"207\" data-attachment-id=\"16200\" data-permalink=\"https:\/\/www.atelier-reklama.sk\/blog\/moj-rodostrom\/martin-otec-stefan-a-katarina-hnilicova-2\/\" data-orig-file=\"https:\/\/i0.wp.com\/www.atelier-reklama.sk\/blog\/wp-content\/uploads\/2026\/03\/Martin-otec-Stefan-a-Katarina-Hnilicova-1.jpg?fit=2026%2C525&amp;ssl=1\" data-orig-size=\"2026,525\" data-comments-opened=\"1\" data-image-meta=\"{&quot;aperture&quot;:&quot;0&quot;,&quot;credit&quot;:&quot;&quot;,&quot;camera&quot;:&quot;&quot;,&quot;caption&quot;:&quot;&quot;,&quot;created_timestamp&quot;:&quot;0&quot;,&quot;copyright&quot;:&quot;&quot;,&quot;focal_length&quot;:&quot;0&quot;,&quot;iso&quot;:&quot;0&quot;,&quot;shutter_speed&quot;:&quot;0&quot;,&quot;title&quot;:&quot;&quot;,&quot;orientation&quot;:&quot;0&quot;}\" data-image-title=\"Martin otec \u0160tefan a Katarina Hnilicov\u00e1\" data-image-description=\"\" data-image-caption=\"\" data-medium-file=\"https:\/\/i0.wp.com\/www.atelier-reklama.sk\/blog\/wp-content\/uploads\/2026\/03\/Martin-otec-Stefan-a-Katarina-Hnilicova-1.jpg?fit=300%2C78&amp;ssl=1\" data-large-file=\"https:\/\/i0.wp.com\/www.atelier-reklama.sk\/blog\/wp-content\/uploads\/2026\/03\/Martin-otec-Stefan-a-Katarina-Hnilicova-1.jpg?fit=800%2C207&amp;ssl=1\" src=\"https:\/\/i0.wp.com\/www.atelier-reklama.sk\/blog\/wp-content\/uploads\/2026\/03\/Martin-otec-Stefan-a-Katarina-Hnilicova-1.jpg?resize=800%2C207&#038;ssl=1\" alt=\"\" class=\"wp-image-16200\" style=\"width:1140px;height:auto\" srcset=\"https:\/\/i0.wp.com\/www.atelier-reklama.sk\/blog\/wp-content\/uploads\/2026\/03\/Martin-otec-Stefan-a-Katarina-Hnilicova-1.jpg?resize=1024%2C265&amp;ssl=1 1024w, https:\/\/i0.wp.com\/www.atelier-reklama.sk\/blog\/wp-content\/uploads\/2026\/03\/Martin-otec-Stefan-a-Katarina-Hnilicova-1.jpg?resize=300%2C78&amp;ssl=1 300w, https:\/\/i0.wp.com\/www.atelier-reklama.sk\/blog\/wp-content\/uploads\/2026\/03\/Martin-otec-Stefan-a-Katarina-Hnilicova-1.jpg?resize=768%2C199&amp;ssl=1 768w, https:\/\/i0.wp.com\/www.atelier-reklama.sk\/blog\/wp-content\/uploads\/2026\/03\/Martin-otec-Stefan-a-Katarina-Hnilicova-1.jpg?resize=1536%2C398&amp;ssl=1 1536w, https:\/\/i0.wp.com\/www.atelier-reklama.sk\/blog\/wp-content\/uploads\/2026\/03\/Martin-otec-Stefan-a-Katarina-Hnilicova-1.jpg?w=2026&amp;ssl=1 2026w, https:\/\/i0.wp.com\/www.atelier-reklama.sk\/blog\/wp-content\/uploads\/2026\/03\/Martin-otec-Stefan-a-Katarina-Hnilicova-1.jpg?w=1600&amp;ssl=1 1600w\" sizes=\"auto, (max-width: 800px) 100vw, 800px\" \/><\/a><\/figure>\n\n\n\n<figure class=\"wp-block-image size-large\"><a href=\"https:\/\/i0.wp.com\/www.atelier-reklama.sk\/blog\/wp-content\/uploads\/2026\/03\/Sobas-Martina-a-Michala-Bartika-v-jeden-den-rodicia-Stefan-Bartik-a-Katarina-Hnilicova.jpg?ssl=1\"><img data-recalc-dims=\"1\" loading=\"lazy\" decoding=\"async\" width=\"800\" height=\"352\" data-attachment-id=\"16201\" data-permalink=\"https:\/\/www.atelier-reklama.sk\/blog\/moj-rodostrom\/sobas-martina-a-michala-bartika-v-jeden-den-rodicia-stefan-bartik-a-katarina-hnilicova\/\" data-orig-file=\"https:\/\/i0.wp.com\/www.atelier-reklama.sk\/blog\/wp-content\/uploads\/2026\/03\/Sobas-Martina-a-Michala-Bartika-v-jeden-den-rodicia-Stefan-Bartik-a-Katarina-Hnilicova.jpg?fit=2048%2C899&amp;ssl=1\" data-orig-size=\"2048,899\" data-comments-opened=\"1\" data-image-meta=\"{&quot;aperture&quot;:&quot;0&quot;,&quot;credit&quot;:&quot;&quot;,&quot;camera&quot;:&quot;&quot;,&quot;caption&quot;:&quot;&quot;,&quot;created_timestamp&quot;:&quot;0&quot;,&quot;copyright&quot;:&quot;&quot;,&quot;focal_length&quot;:&quot;0&quot;,&quot;iso&quot;:&quot;0&quot;,&quot;shutter_speed&quot;:&quot;0&quot;,&quot;title&quot;:&quot;&quot;,&quot;orientation&quot;:&quot;0&quot;}\" data-image-title=\"Sob\u00e1\u0161 Martina a Michala Bartika v jeden den rodicia Stefan Bartik a Katar\u00edna Hnilicov\u00e1\" data-image-description=\"\" data-image-caption=\"\" data-medium-file=\"https:\/\/i0.wp.com\/www.atelier-reklama.sk\/blog\/wp-content\/uploads\/2026\/03\/Sobas-Martina-a-Michala-Bartika-v-jeden-den-rodicia-Stefan-Bartik-a-Katarina-Hnilicova.jpg?fit=300%2C132&amp;ssl=1\" data-large-file=\"https:\/\/i0.wp.com\/www.atelier-reklama.sk\/blog\/wp-content\/uploads\/2026\/03\/Sobas-Martina-a-Michala-Bartika-v-jeden-den-rodicia-Stefan-Bartik-a-Katarina-Hnilicova.jpg?fit=800%2C352&amp;ssl=1\" src=\"https:\/\/i0.wp.com\/www.atelier-reklama.sk\/blog\/wp-content\/uploads\/2026\/03\/Sobas-Martina-a-Michala-Bartika-v-jeden-den-rodicia-Stefan-Bartik-a-Katarina-Hnilicova.jpg?resize=800%2C352&#038;ssl=1\" alt=\"\" class=\"wp-image-16201\" srcset=\"https:\/\/i0.wp.com\/www.atelier-reklama.sk\/blog\/wp-content\/uploads\/2026\/03\/Sobas-Martina-a-Michala-Bartika-v-jeden-den-rodicia-Stefan-Bartik-a-Katarina-Hnilicova.jpg?resize=1024%2C450&amp;ssl=1 1024w, https:\/\/i0.wp.com\/www.atelier-reklama.sk\/blog\/wp-content\/uploads\/2026\/03\/Sobas-Martina-a-Michala-Bartika-v-jeden-den-rodicia-Stefan-Bartik-a-Katarina-Hnilicova.jpg?resize=300%2C132&amp;ssl=1 300w, https:\/\/i0.wp.com\/www.atelier-reklama.sk\/blog\/wp-content\/uploads\/2026\/03\/Sobas-Martina-a-Michala-Bartika-v-jeden-den-rodicia-Stefan-Bartik-a-Katarina-Hnilicova.jpg?resize=768%2C337&amp;ssl=1 768w, https:\/\/i0.wp.com\/www.atelier-reklama.sk\/blog\/wp-content\/uploads\/2026\/03\/Sobas-Martina-a-Michala-Bartika-v-jeden-den-rodicia-Stefan-Bartik-a-Katarina-Hnilicova.jpg?resize=1536%2C674&amp;ssl=1 1536w, https:\/\/i0.wp.com\/www.atelier-reklama.sk\/blog\/wp-content\/uploads\/2026\/03\/Sobas-Martina-a-Michala-Bartika-v-jeden-den-rodicia-Stefan-Bartik-a-Katarina-Hnilicova.jpg?w=2048&amp;ssl=1 2048w, https:\/\/i0.wp.com\/www.atelier-reklama.sk\/blog\/wp-content\/uploads\/2026\/03\/Sobas-Martina-a-Michala-Bartika-v-jeden-den-rodicia-Stefan-Bartik-a-Katarina-Hnilicova.jpg?w=1600&amp;ssl=1 1600w\" sizes=\"auto, (max-width: 800px) 100vw, 800px\" \/><\/a><\/figure>\n\n\n\n<p class=\"has-text-align-center has-medium-font-size\">M\u00f4j prastar\u00fd otec Martin Bart\u00edk z Dol. Mladon\u00edc mal aj brata Michala, svadbu mali v jeden de\u0148 6.2.1887 na Bzov\u00edku<\/p>\n\n\n\n<figure class=\"wp-block-image aligncenter size-large\"><a href=\"https:\/\/i0.wp.com\/www.atelier-reklama.sk\/blog\/wp-content\/uploads\/2026\/03\/Anna-Gazova-mama-Marii-Krizkovej-matrika-Suchan_0002-1.jpg?ssl=1\"><img data-recalc-dims=\"1\" loading=\"lazy\" decoding=\"async\" width=\"800\" height=\"848\" data-attachment-id=\"16253\" data-permalink=\"https:\/\/www.atelier-reklama.sk\/blog\/moj-rodostrom\/anna-gazova-mama-marii-krizkovej-matrika-suchan_0002-2\/\" data-orig-file=\"https:\/\/i0.wp.com\/www.atelier-reklama.sk\/blog\/wp-content\/uploads\/2026\/03\/Anna-Gazova-mama-Marii-Krizkovej-matrika-Suchan_0002-1.jpg?fit=1641%2C1739&amp;ssl=1\" data-orig-size=\"1641,1739\" data-comments-opened=\"1\" data-image-meta=\"{&quot;aperture&quot;:&quot;0&quot;,&quot;credit&quot;:&quot;&quot;,&quot;camera&quot;:&quot;&quot;,&quot;caption&quot;:&quot;&quot;,&quot;created_timestamp&quot;:&quot;0&quot;,&quot;copyright&quot;:&quot;&quot;,&quot;focal_length&quot;:&quot;0&quot;,&quot;iso&quot;:&quot;0&quot;,&quot;shutter_speed&quot;:&quot;0&quot;,&quot;title&quot;:&quot;&quot;,&quot;orientation&quot;:&quot;0&quot;}\" data-image-title=\"Anna Ga\u017eov\u00e1 mama M\u00e1rii Kri\u017ekovej matrika Such\u00e1\u0148+_0002\" data-image-description=\"\" data-image-caption=\"\" data-medium-file=\"https:\/\/i0.wp.com\/www.atelier-reklama.sk\/blog\/wp-content\/uploads\/2026\/03\/Anna-Gazova-mama-Marii-Krizkovej-matrika-Suchan_0002-1.jpg?fit=283%2C300&amp;ssl=1\" data-large-file=\"https:\/\/i0.wp.com\/www.atelier-reklama.sk\/blog\/wp-content\/uploads\/2026\/03\/Anna-Gazova-mama-Marii-Krizkovej-matrika-Suchan_0002-1.jpg?fit=800%2C848&amp;ssl=1\" src=\"https:\/\/i0.wp.com\/www.atelier-reklama.sk\/blog\/wp-content\/uploads\/2026\/03\/Anna-Gazova-mama-Marii-Krizkovej-matrika-Suchan_0002-1.jpg?resize=800%2C848&#038;ssl=1\" alt=\"\" class=\"wp-image-16253\" srcset=\"https:\/\/i0.wp.com\/www.atelier-reklama.sk\/blog\/wp-content\/uploads\/2026\/03\/Anna-Gazova-mama-Marii-Krizkovej-matrika-Suchan_0002-1.jpg?resize=966%2C1024&amp;ssl=1 966w, https:\/\/i0.wp.com\/www.atelier-reklama.sk\/blog\/wp-content\/uploads\/2026\/03\/Anna-Gazova-mama-Marii-Krizkovej-matrika-Suchan_0002-1.jpg?resize=283%2C300&amp;ssl=1 283w, https:\/\/i0.wp.com\/www.atelier-reklama.sk\/blog\/wp-content\/uploads\/2026\/03\/Anna-Gazova-mama-Marii-Krizkovej-matrika-Suchan_0002-1.jpg?resize=768%2C814&amp;ssl=1 768w, https:\/\/i0.wp.com\/www.atelier-reklama.sk\/blog\/wp-content\/uploads\/2026\/03\/Anna-Gazova-mama-Marii-Krizkovej-matrika-Suchan_0002-1.jpg?resize=1449%2C1536&amp;ssl=1 1449w, https:\/\/i0.wp.com\/www.atelier-reklama.sk\/blog\/wp-content\/uploads\/2026\/03\/Anna-Gazova-mama-Marii-Krizkovej-matrika-Suchan_0002-1.jpg?w=1641&amp;ssl=1 1641w\" sizes=\"auto, (max-width: 800px) 100vw, 800px\" \/><\/a><\/figure>\n\n\n\n<figure class=\"wp-block-image aligncenter size-large is-resized\"><a href=\"https:\/\/i0.wp.com\/www.atelier-reklama.sk\/blog\/wp-content\/uploads\/2026\/03\/Maria-Krizkova-Durkova-mama-a-stary-otec_0002-1.jpg?ssl=1\"><img data-recalc-dims=\"1\" loading=\"lazy\" decoding=\"async\" width=\"800\" height=\"675\" data-attachment-id=\"16208\" data-permalink=\"https:\/\/www.atelier-reklama.sk\/blog\/moj-rodostrom\/maria-krizkova-durkova-mama-a-stary-otec_0002-2\/\" data-orig-file=\"https:\/\/i0.wp.com\/www.atelier-reklama.sk\/blog\/wp-content\/uploads\/2026\/03\/Maria-Krizkova-Durkova-mama-a-stary-otec_0002-1.jpg?fit=1608%2C1356&amp;ssl=1\" data-orig-size=\"1608,1356\" data-comments-opened=\"1\" data-image-meta=\"{&quot;aperture&quot;:&quot;0&quot;,&quot;credit&quot;:&quot;&quot;,&quot;camera&quot;:&quot;&quot;,&quot;caption&quot;:&quot;&quot;,&quot;created_timestamp&quot;:&quot;0&quot;,&quot;copyright&quot;:&quot;&quot;,&quot;focal_length&quot;:&quot;0&quot;,&quot;iso&quot;:&quot;0&quot;,&quot;shutter_speed&quot;:&quot;0&quot;,&quot;title&quot;:&quot;&quot;,&quot;orientation&quot;:&quot;0&quot;}\" data-image-title=\"M\u00e1ria Kri\u017ekov\u00e1 \u010eurkova mama a star\u00fd otec_0002\" data-image-description=\"\" data-image-caption=\"\" data-medium-file=\"https:\/\/i0.wp.com\/www.atelier-reklama.sk\/blog\/wp-content\/uploads\/2026\/03\/Maria-Krizkova-Durkova-mama-a-stary-otec_0002-1.jpg?fit=300%2C253&amp;ssl=1\" data-large-file=\"https:\/\/i0.wp.com\/www.atelier-reklama.sk\/blog\/wp-content\/uploads\/2026\/03\/Maria-Krizkova-Durkova-mama-a-stary-otec_0002-1.jpg?fit=800%2C675&amp;ssl=1\" src=\"https:\/\/i0.wp.com\/www.atelier-reklama.sk\/blog\/wp-content\/uploads\/2026\/03\/Maria-Krizkova-Durkova-mama-a-stary-otec_0002-1.jpg?resize=800%2C675&#038;ssl=1\" alt=\"\" class=\"wp-image-16208\" style=\"width:1024px;height:auto\" srcset=\"https:\/\/i0.wp.com\/www.atelier-reklama.sk\/blog\/wp-content\/uploads\/2026\/03\/Maria-Krizkova-Durkova-mama-a-stary-otec_0002-1.jpg?resize=1024%2C864&amp;ssl=1 1024w, https:\/\/i0.wp.com\/www.atelier-reklama.sk\/blog\/wp-content\/uploads\/2026\/03\/Maria-Krizkova-Durkova-mama-a-stary-otec_0002-1.jpg?resize=300%2C253&amp;ssl=1 300w, https:\/\/i0.wp.com\/www.atelier-reklama.sk\/blog\/wp-content\/uploads\/2026\/03\/Maria-Krizkova-Durkova-mama-a-stary-otec_0002-1.jpg?resize=768%2C648&amp;ssl=1 768w, https:\/\/i0.wp.com\/www.atelier-reklama.sk\/blog\/wp-content\/uploads\/2026\/03\/Maria-Krizkova-Durkova-mama-a-stary-otec_0002-1.jpg?resize=1536%2C1295&amp;ssl=1 1536w, https:\/\/i0.wp.com\/www.atelier-reklama.sk\/blog\/wp-content\/uploads\/2026\/03\/Maria-Krizkova-Durkova-mama-a-stary-otec_0002-1.jpg?w=1608&amp;ssl=1 1608w\" sizes=\"auto, (max-width: 800px) 100vw, 800px\" \/><\/a><\/figure>\n\n\n\n<figure class=\"wp-block-image size-large\"><a href=\"https:\/\/i0.wp.com\/www.atelier-reklama.sk\/blog\/wp-content\/uploads\/2026\/03\/Anna-Gazova-mama-Marii-Krizkovej-matrika-Suchan_0001.jpg?ssl=1\"><img data-recalc-dims=\"1\" loading=\"lazy\" decoding=\"async\" width=\"800\" height=\"609\" data-attachment-id=\"16214\" data-permalink=\"https:\/\/www.atelier-reklama.sk\/blog\/moj-rodostrom\/anna-gazova-mama-marii-krizkovej-matrika-suchan_0001\/\" data-orig-file=\"https:\/\/i0.wp.com\/www.atelier-reklama.sk\/blog\/wp-content\/uploads\/2026\/03\/Anna-Gazova-mama-Marii-Krizkovej-matrika-Suchan_0001.jpg?fit=1650%2C1257&amp;ssl=1\" data-orig-size=\"1650,1257\" data-comments-opened=\"1\" data-image-meta=\"{&quot;aperture&quot;:&quot;0&quot;,&quot;credit&quot;:&quot;&quot;,&quot;camera&quot;:&quot;&quot;,&quot;caption&quot;:&quot;&quot;,&quot;created_timestamp&quot;:&quot;0&quot;,&quot;copyright&quot;:&quot;&quot;,&quot;focal_length&quot;:&quot;0&quot;,&quot;iso&quot;:&quot;0&quot;,&quot;shutter_speed&quot;:&quot;0&quot;,&quot;title&quot;:&quot;&quot;,&quot;orientation&quot;:&quot;0&quot;}\" data-image-title=\"Anna Ga\u017eov\u00e1 mama M\u00e1rii Kri\u017ekovej matrika Such\u00e1\u0148+_0001\" data-image-description=\"\" data-image-caption=\"\" data-medium-file=\"https:\/\/i0.wp.com\/www.atelier-reklama.sk\/blog\/wp-content\/uploads\/2026\/03\/Anna-Gazova-mama-Marii-Krizkovej-matrika-Suchan_0001.jpg?fit=300%2C229&amp;ssl=1\" data-large-file=\"https:\/\/i0.wp.com\/www.atelier-reklama.sk\/blog\/wp-content\/uploads\/2026\/03\/Anna-Gazova-mama-Marii-Krizkovej-matrika-Suchan_0001.jpg?fit=800%2C609&amp;ssl=1\" src=\"https:\/\/i0.wp.com\/www.atelier-reklama.sk\/blog\/wp-content\/uploads\/2026\/03\/Anna-Gazova-mama-Marii-Krizkovej-matrika-Suchan_0001.jpg?resize=800%2C609&#038;ssl=1\" alt=\"\" class=\"wp-image-16214\" srcset=\"https:\/\/i0.wp.com\/www.atelier-reklama.sk\/blog\/wp-content\/uploads\/2026\/03\/Anna-Gazova-mama-Marii-Krizkovej-matrika-Suchan_0001.jpg?resize=1024%2C780&amp;ssl=1 1024w, https:\/\/i0.wp.com\/www.atelier-reklama.sk\/blog\/wp-content\/uploads\/2026\/03\/Anna-Gazova-mama-Marii-Krizkovej-matrika-Suchan_0001.jpg?resize=300%2C229&amp;ssl=1 300w, https:\/\/i0.wp.com\/www.atelier-reklama.sk\/blog\/wp-content\/uploads\/2026\/03\/Anna-Gazova-mama-Marii-Krizkovej-matrika-Suchan_0001.jpg?resize=768%2C585&amp;ssl=1 768w, https:\/\/i0.wp.com\/www.atelier-reklama.sk\/blog\/wp-content\/uploads\/2026\/03\/Anna-Gazova-mama-Marii-Krizkovej-matrika-Suchan_0001.jpg?resize=1536%2C1170&amp;ssl=1 1536w, https:\/\/i0.wp.com\/www.atelier-reklama.sk\/blog\/wp-content\/uploads\/2026\/03\/Anna-Gazova-mama-Marii-Krizkovej-matrika-Suchan_0001.jpg?w=1650&amp;ssl=1 1650w, https:\/\/i0.wp.com\/www.atelier-reklama.sk\/blog\/wp-content\/uploads\/2026\/03\/Anna-Gazova-mama-Marii-Krizkovej-matrika-Suchan_0001.jpg?w=1600&amp;ssl=1 1600w\" sizes=\"auto, (max-width: 800px) 100vw, 800px\" \/><\/a><\/figure>\n\n\n\n<p>Z\u00e1pis o naroden\u00ed mojej prastarej mamy M\u00e1rie Kri\u017ekovej (*3.5.1862 v \u010cekovciach, zomrela na konci 1. svet. vojny 21.7.1918 v Dol. Mladoniciach na t\u00fdfus). Jej man\u017eel Martin Bart\u00edk padol v 1. svet. vojne. Ich syn, m\u00f4j stark\u00fd \u010eurko, Juraj Bart\u00edk zostal \u00fapln\u00e1 sirota, mal len 12 rokov. <\/p>\n\n\n\n<figure class=\"wp-block-image size-large\"><a href=\"https:\/\/i0.wp.com\/www.atelier-reklama.sk\/blog\/wp-content\/uploads\/2026\/03\/Maria-r.-Krizkova-Durkova-mama-matrika-.jpg?ssl=1\"><img data-recalc-dims=\"1\" loading=\"lazy\" decoding=\"async\" width=\"800\" height=\"364\" data-attachment-id=\"16216\" data-permalink=\"https:\/\/www.atelier-reklama.sk\/blog\/moj-rodostrom\/maria-r-krizkova-durkova-mama-matrika-3\/\" data-orig-file=\"https:\/\/i0.wp.com\/www.atelier-reklama.sk\/blog\/wp-content\/uploads\/2026\/03\/Maria-r.-Krizkova-Durkova-mama-matrika-.jpg?fit=2005%2C912&amp;ssl=1\" data-orig-size=\"2005,912\" data-comments-opened=\"1\" data-image-meta=\"{&quot;aperture&quot;:&quot;0&quot;,&quot;credit&quot;:&quot;&quot;,&quot;camera&quot;:&quot;&quot;,&quot;caption&quot;:&quot;&quot;,&quot;created_timestamp&quot;:&quot;0&quot;,&quot;copyright&quot;:&quot;&quot;,&quot;focal_length&quot;:&quot;0&quot;,&quot;iso&quot;:&quot;0&quot;,&quot;shutter_speed&quot;:&quot;0&quot;,&quot;title&quot;:&quot;&quot;,&quot;orientation&quot;:&quot;0&quot;}\" data-image-title=\"M\u00e1ria r. Kri\u017ekova \u010eurkova mama matrika-+\" data-image-description=\"\" data-image-caption=\"\" data-medium-file=\"https:\/\/i0.wp.com\/www.atelier-reklama.sk\/blog\/wp-content\/uploads\/2026\/03\/Maria-r.-Krizkova-Durkova-mama-matrika-.jpg?fit=300%2C136&amp;ssl=1\" data-large-file=\"https:\/\/i0.wp.com\/www.atelier-reklama.sk\/blog\/wp-content\/uploads\/2026\/03\/Maria-r.-Krizkova-Durkova-mama-matrika-.jpg?fit=800%2C364&amp;ssl=1\" src=\"https:\/\/i0.wp.com\/www.atelier-reklama.sk\/blog\/wp-content\/uploads\/2026\/03\/Maria-r.-Krizkova-Durkova-mama-matrika-.jpg?resize=800%2C364&#038;ssl=1\" alt=\"\" class=\"wp-image-16216\" srcset=\"https:\/\/i0.wp.com\/www.atelier-reklama.sk\/blog\/wp-content\/uploads\/2026\/03\/Maria-r.-Krizkova-Durkova-mama-matrika-.jpg?resize=1024%2C466&amp;ssl=1 1024w, https:\/\/i0.wp.com\/www.atelier-reklama.sk\/blog\/wp-content\/uploads\/2026\/03\/Maria-r.-Krizkova-Durkova-mama-matrika-.jpg?resize=300%2C136&amp;ssl=1 300w, https:\/\/i0.wp.com\/www.atelier-reklama.sk\/blog\/wp-content\/uploads\/2026\/03\/Maria-r.-Krizkova-Durkova-mama-matrika-.jpg?resize=768%2C349&amp;ssl=1 768w, https:\/\/i0.wp.com\/www.atelier-reklama.sk\/blog\/wp-content\/uploads\/2026\/03\/Maria-r.-Krizkova-Durkova-mama-matrika-.jpg?resize=1536%2C699&amp;ssl=1 1536w, https:\/\/i0.wp.com\/www.atelier-reklama.sk\/blog\/wp-content\/uploads\/2026\/03\/Maria-r.-Krizkova-Durkova-mama-matrika-.jpg?w=2005&amp;ssl=1 2005w, https:\/\/i0.wp.com\/www.atelier-reklama.sk\/blog\/wp-content\/uploads\/2026\/03\/Maria-r.-Krizkova-Durkova-mama-matrika-.jpg?w=1600&amp;ssl=1 1600w\" sizes=\"auto, (max-width: 800px) 100vw, 800px\" \/><\/a><\/figure>\n\n\n\n<figure class=\"wp-block-image size-large is-resized\"><a href=\"https:\/\/i0.wp.com\/www.atelier-reklama.sk\/blog\/wp-content\/uploads\/2026\/03\/Maria-r.-Krizkova-Durkova-mama-matrika-1.jpg?ssl=1\"><img data-recalc-dims=\"1\" loading=\"lazy\" decoding=\"async\" width=\"800\" height=\"379\" data-attachment-id=\"16215\" data-permalink=\"https:\/\/www.atelier-reklama.sk\/blog\/moj-rodostrom\/maria-r-krizkova-durkova-mama-matrika-2\/\" data-orig-file=\"https:\/\/i0.wp.com\/www.atelier-reklama.sk\/blog\/wp-content\/uploads\/2026\/03\/Maria-r.-Krizkova-Durkova-mama-matrika-1.jpg?fit=1964%2C931&amp;ssl=1\" data-orig-size=\"1964,931\" data-comments-opened=\"1\" data-image-meta=\"{&quot;aperture&quot;:&quot;0&quot;,&quot;credit&quot;:&quot;&quot;,&quot;camera&quot;:&quot;&quot;,&quot;caption&quot;:&quot;&quot;,&quot;created_timestamp&quot;:&quot;0&quot;,&quot;copyright&quot;:&quot;&quot;,&quot;focal_length&quot;:&quot;0&quot;,&quot;iso&quot;:&quot;0&quot;,&quot;shutter_speed&quot;:&quot;0&quot;,&quot;title&quot;:&quot;&quot;,&quot;orientation&quot;:&quot;0&quot;}\" data-image-title=\"M\u00e1ria r. Kri\u017ekova \u010eurkova mama matrika\" data-image-description=\"\" data-image-caption=\"\" data-medium-file=\"https:\/\/i0.wp.com\/www.atelier-reklama.sk\/blog\/wp-content\/uploads\/2026\/03\/Maria-r.-Krizkova-Durkova-mama-matrika-1.jpg?fit=300%2C142&amp;ssl=1\" data-large-file=\"https:\/\/i0.wp.com\/www.atelier-reklama.sk\/blog\/wp-content\/uploads\/2026\/03\/Maria-r.-Krizkova-Durkova-mama-matrika-1.jpg?fit=800%2C379&amp;ssl=1\" src=\"https:\/\/i0.wp.com\/www.atelier-reklama.sk\/blog\/wp-content\/uploads\/2026\/03\/Maria-r.-Krizkova-Durkova-mama-matrika-1.jpg?resize=800%2C379&#038;ssl=1\" alt=\"\" class=\"wp-image-16215\" style=\"width:1140px;height:auto\" srcset=\"https:\/\/i0.wp.com\/www.atelier-reklama.sk\/blog\/wp-content\/uploads\/2026\/03\/Maria-r.-Krizkova-Durkova-mama-matrika-1.jpg?resize=1024%2C485&amp;ssl=1 1024w, https:\/\/i0.wp.com\/www.atelier-reklama.sk\/blog\/wp-content\/uploads\/2026\/03\/Maria-r.-Krizkova-Durkova-mama-matrika-1.jpg?resize=300%2C142&amp;ssl=1 300w, https:\/\/i0.wp.com\/www.atelier-reklama.sk\/blog\/wp-content\/uploads\/2026\/03\/Maria-r.-Krizkova-Durkova-mama-matrika-1.jpg?resize=768%2C364&amp;ssl=1 768w, https:\/\/i0.wp.com\/www.atelier-reklama.sk\/blog\/wp-content\/uploads\/2026\/03\/Maria-r.-Krizkova-Durkova-mama-matrika-1.jpg?resize=1536%2C728&amp;ssl=1 1536w, https:\/\/i0.wp.com\/www.atelier-reklama.sk\/blog\/wp-content\/uploads\/2026\/03\/Maria-r.-Krizkova-Durkova-mama-matrika-1.jpg?w=1964&amp;ssl=1 1964w, https:\/\/i0.wp.com\/www.atelier-reklama.sk\/blog\/wp-content\/uploads\/2026\/03\/Maria-r.-Krizkova-Durkova-mama-matrika-1.jpg?w=1600&amp;ssl=1 1600w\" sizes=\"auto, (max-width: 800px) 100vw, 800px\" \/><\/a><\/figure>\n\n\n\n<p>S\u010d\u00edtac\u00ed h\u00e1rok z roku 1930 v Dol. MLadoniciach. V rodi\u010dovskom dome m\u00f4jho stark\u00e9ho Juraja Bart\u00edka b\u00fdval v \u010dase s\u010d\u00edtania jeho otcov brat Michal, nako\u013eko stark\u00e9ho otec Martin padol v 1. svet. vojne. \u010eurko, Juraj Bart\u00edk sa vr\u00e1til do tohto domu a\u017e v roku 1937 s rodinou. V \u010dase s\u010d\u00edtania bol na Senohrade-Kozom laze a tam je aj po\u010das s\u010d\u00edtania zap\u00edsan\u00fd. <\/p>\n\n\n\n<figure class=\"wp-block-image aligncenter size-large\"><a href=\"https:\/\/i0.wp.com\/www.atelier-reklama.sk\/blog\/wp-content\/uploads\/2026\/03\/1.-A-dom-Michal-Bartik-D.-Mladonice-brat-Martina-Durkovho-otca.jpg?ssl=1\"><img data-recalc-dims=\"1\" loading=\"lazy\" decoding=\"async\" width=\"800\" height=\"622\" data-attachment-id=\"16226\" data-permalink=\"https:\/\/www.atelier-reklama.sk\/blog\/moj-rodostrom\/1-a-dom-michal-bartik-d-mladonice-brat-martina-durkovho-otca\/\" data-orig-file=\"https:\/\/i0.wp.com\/www.atelier-reklama.sk\/blog\/wp-content\/uploads\/2026\/03\/1.-A-dom-Michal-Bartik-D.-Mladonice-brat-Martina-Durkovho-otca.jpg?fit=1972%2C1533&amp;ssl=1\" data-orig-size=\"1972,1533\" data-comments-opened=\"1\" data-image-meta=\"{&quot;aperture&quot;:&quot;0&quot;,&quot;credit&quot;:&quot;&quot;,&quot;camera&quot;:&quot;&quot;,&quot;caption&quot;:&quot;&quot;,&quot;created_timestamp&quot;:&quot;0&quot;,&quot;copyright&quot;:&quot;&quot;,&quot;focal_length&quot;:&quot;0&quot;,&quot;iso&quot;:&quot;0&quot;,&quot;shutter_speed&quot;:&quot;0&quot;,&quot;title&quot;:&quot;&quot;,&quot;orientation&quot;:&quot;0&quot;}\" data-image-title=\"1. A dom Michal  Bartik D. Mladonice brat Martina, \u010eurkovho otca.\" data-image-description=\"\" data-image-caption=\"\" data-medium-file=\"https:\/\/i0.wp.com\/www.atelier-reklama.sk\/blog\/wp-content\/uploads\/2026\/03\/1.-A-dom-Michal-Bartik-D.-Mladonice-brat-Martina-Durkovho-otca.jpg?fit=300%2C233&amp;ssl=1\" data-large-file=\"https:\/\/i0.wp.com\/www.atelier-reklama.sk\/blog\/wp-content\/uploads\/2026\/03\/1.-A-dom-Michal-Bartik-D.-Mladonice-brat-Martina-Durkovho-otca.jpg?fit=800%2C622&amp;ssl=1\" src=\"https:\/\/i0.wp.com\/www.atelier-reklama.sk\/blog\/wp-content\/uploads\/2026\/03\/1.-A-dom-Michal-Bartik-D.-Mladonice-brat-Martina-Durkovho-otca.jpg?resize=800%2C622&#038;ssl=1\" alt=\"\" class=\"wp-image-16226\" srcset=\"https:\/\/i0.wp.com\/www.atelier-reklama.sk\/blog\/wp-content\/uploads\/2026\/03\/1.-A-dom-Michal-Bartik-D.-Mladonice-brat-Martina-Durkovho-otca.jpg?resize=1024%2C796&amp;ssl=1 1024w, https:\/\/i0.wp.com\/www.atelier-reklama.sk\/blog\/wp-content\/uploads\/2026\/03\/1.-A-dom-Michal-Bartik-D.-Mladonice-brat-Martina-Durkovho-otca.jpg?resize=300%2C233&amp;ssl=1 300w, https:\/\/i0.wp.com\/www.atelier-reklama.sk\/blog\/wp-content\/uploads\/2026\/03\/1.-A-dom-Michal-Bartik-D.-Mladonice-brat-Martina-Durkovho-otca.jpg?resize=768%2C597&amp;ssl=1 768w, https:\/\/i0.wp.com\/www.atelier-reklama.sk\/blog\/wp-content\/uploads\/2026\/03\/1.-A-dom-Michal-Bartik-D.-Mladonice-brat-Martina-Durkovho-otca.jpg?resize=1536%2C1194&amp;ssl=1 1536w, https:\/\/i0.wp.com\/www.atelier-reklama.sk\/blog\/wp-content\/uploads\/2026\/03\/1.-A-dom-Michal-Bartik-D.-Mladonice-brat-Martina-Durkovho-otca.jpg?w=1972&amp;ssl=1 1972w, https:\/\/i0.wp.com\/www.atelier-reklama.sk\/blog\/wp-content\/uploads\/2026\/03\/1.-A-dom-Michal-Bartik-D.-Mladonice-brat-Martina-Durkovho-otca.jpg?w=1600&amp;ssl=1 1600w\" sizes=\"auto, (max-width: 800px) 100vw, 800px\" \/><\/a><\/figure>\n\n\n\n<figure class=\"wp-block-image aligncenter size-large\"><a href=\"https:\/\/i0.wp.com\/www.atelier-reklama.sk\/blog\/wp-content\/uploads\/2026\/03\/Prehlad-scitania-1930-D.-Mladonice-1.-strana.jpg?ssl=1\"><img data-recalc-dims=\"1\" loading=\"lazy\" decoding=\"async\" width=\"800\" height=\"914\" data-attachment-id=\"16229\" data-permalink=\"https:\/\/www.atelier-reklama.sk\/blog\/moj-rodostrom\/prehlad-scitania-1930-d-mladonice-1-strana\/\" data-orig-file=\"https:\/\/i0.wp.com\/www.atelier-reklama.sk\/blog\/wp-content\/uploads\/2026\/03\/Prehlad-scitania-1930-D.-Mladonice-1.-strana.jpg?fit=1375%2C1572&amp;ssl=1\" data-orig-size=\"1375,1572\" data-comments-opened=\"1\" data-image-meta=\"{&quot;aperture&quot;:&quot;0&quot;,&quot;credit&quot;:&quot;&quot;,&quot;camera&quot;:&quot;&quot;,&quot;caption&quot;:&quot;&quot;,&quot;created_timestamp&quot;:&quot;0&quot;,&quot;copyright&quot;:&quot;&quot;,&quot;focal_length&quot;:&quot;0&quot;,&quot;iso&quot;:&quot;0&quot;,&quot;shutter_speed&quot;:&quot;0&quot;,&quot;title&quot;:&quot;&quot;,&quot;orientation&quot;:&quot;0&quot;}\" data-image-title=\"Prehlad sc\u00edtania 1930 D. Mladonice 1. strana\" data-image-description=\"\" data-image-caption=\"\" data-medium-file=\"https:\/\/i0.wp.com\/www.atelier-reklama.sk\/blog\/wp-content\/uploads\/2026\/03\/Prehlad-scitania-1930-D.-Mladonice-1.-strana.jpg?fit=262%2C300&amp;ssl=1\" data-large-file=\"https:\/\/i0.wp.com\/www.atelier-reklama.sk\/blog\/wp-content\/uploads\/2026\/03\/Prehlad-scitania-1930-D.-Mladonice-1.-strana.jpg?fit=800%2C914&amp;ssl=1\" src=\"https:\/\/i0.wp.com\/www.atelier-reklama.sk\/blog\/wp-content\/uploads\/2026\/03\/Prehlad-scitania-1930-D.-Mladonice-1.-strana.jpg?resize=800%2C914&#038;ssl=1\" alt=\"\" class=\"wp-image-16229\" srcset=\"https:\/\/i0.wp.com\/www.atelier-reklama.sk\/blog\/wp-content\/uploads\/2026\/03\/Prehlad-scitania-1930-D.-Mladonice-1.-strana.jpg?resize=896%2C1024&amp;ssl=1 896w, https:\/\/i0.wp.com\/www.atelier-reklama.sk\/blog\/wp-content\/uploads\/2026\/03\/Prehlad-scitania-1930-D.-Mladonice-1.-strana.jpg?resize=262%2C300&amp;ssl=1 262w, https:\/\/i0.wp.com\/www.atelier-reklama.sk\/blog\/wp-content\/uploads\/2026\/03\/Prehlad-scitania-1930-D.-Mladonice-1.-strana.jpg?resize=768%2C878&amp;ssl=1 768w, https:\/\/i0.wp.com\/www.atelier-reklama.sk\/blog\/wp-content\/uploads\/2026\/03\/Prehlad-scitania-1930-D.-Mladonice-1.-strana.jpg?resize=1344%2C1536&amp;ssl=1 1344w, https:\/\/i0.wp.com\/www.atelier-reklama.sk\/blog\/wp-content\/uploads\/2026\/03\/Prehlad-scitania-1930-D.-Mladonice-1.-strana.jpg?w=1375&amp;ssl=1 1375w\" sizes=\"auto, (max-width: 800px) 100vw, 800px\" \/><\/a><\/figure>\n\n\n\n<figure class=\"wp-block-image aligncenter size-large\"><a href=\"https:\/\/i0.wp.com\/www.atelier-reklama.sk\/blog\/wp-content\/uploads\/2026\/03\/Prehlad-scitania-1930-D.-Mladonice-12-3.-strana.jpg?ssl=1\"><img data-recalc-dims=\"1\" loading=\"lazy\" decoding=\"async\" width=\"800\" height=\"600\" data-attachment-id=\"16230\" data-permalink=\"https:\/\/www.atelier-reklama.sk\/blog\/moj-rodostrom\/prehlad-scitania-1930-d-mladonice-12-3-strana\/\" data-orig-file=\"https:\/\/i0.wp.com\/www.atelier-reklama.sk\/blog\/wp-content\/uploads\/2026\/03\/Prehlad-scitania-1930-D.-Mladonice-12-3.-strana.jpg?fit=2048%2C1536&amp;ssl=1\" data-orig-size=\"2048,1536\" data-comments-opened=\"1\" data-image-meta=\"{&quot;aperture&quot;:&quot;0&quot;,&quot;credit&quot;:&quot;&quot;,&quot;camera&quot;:&quot;&quot;,&quot;caption&quot;:&quot;&quot;,&quot;created_timestamp&quot;:&quot;0&quot;,&quot;copyright&quot;:&quot;&quot;,&quot;focal_length&quot;:&quot;0&quot;,&quot;iso&quot;:&quot;0&quot;,&quot;shutter_speed&quot;:&quot;0&quot;,&quot;title&quot;:&quot;&quot;,&quot;orientation&quot;:&quot;0&quot;}\" data-image-title=\"Prehlad sc\u00edtania 1930 D. Mladonice 12-3. strana.\" data-image-description=\"\" data-image-caption=\"\" data-medium-file=\"https:\/\/i0.wp.com\/www.atelier-reklama.sk\/blog\/wp-content\/uploads\/2026\/03\/Prehlad-scitania-1930-D.-Mladonice-12-3.-strana.jpg?fit=300%2C225&amp;ssl=1\" data-large-file=\"https:\/\/i0.wp.com\/www.atelier-reklama.sk\/blog\/wp-content\/uploads\/2026\/03\/Prehlad-scitania-1930-D.-Mladonice-12-3.-strana.jpg?fit=800%2C600&amp;ssl=1\" src=\"https:\/\/i0.wp.com\/www.atelier-reklama.sk\/blog\/wp-content\/uploads\/2026\/03\/Prehlad-scitania-1930-D.-Mladonice-12-3.-strana.jpg?resize=800%2C600&#038;ssl=1\" alt=\"\" class=\"wp-image-16230\" srcset=\"https:\/\/i0.wp.com\/www.atelier-reklama.sk\/blog\/wp-content\/uploads\/2026\/03\/Prehlad-scitania-1930-D.-Mladonice-12-3.-strana.jpg?resize=1024%2C768&amp;ssl=1 1024w, https:\/\/i0.wp.com\/www.atelier-reklama.sk\/blog\/wp-content\/uploads\/2026\/03\/Prehlad-scitania-1930-D.-Mladonice-12-3.-strana.jpg?resize=300%2C225&amp;ssl=1 300w, https:\/\/i0.wp.com\/www.atelier-reklama.sk\/blog\/wp-content\/uploads\/2026\/03\/Prehlad-scitania-1930-D.-Mladonice-12-3.-strana.jpg?resize=768%2C576&amp;ssl=1 768w, https:\/\/i0.wp.com\/www.atelier-reklama.sk\/blog\/wp-content\/uploads\/2026\/03\/Prehlad-scitania-1930-D.-Mladonice-12-3.-strana.jpg?resize=1536%2C1152&amp;ssl=1 1536w, https:\/\/i0.wp.com\/www.atelier-reklama.sk\/blog\/wp-content\/uploads\/2026\/03\/Prehlad-scitania-1930-D.-Mladonice-12-3.-strana.jpg?w=2048&amp;ssl=1 2048w, https:\/\/i0.wp.com\/www.atelier-reklama.sk\/blog\/wp-content\/uploads\/2026\/03\/Prehlad-scitania-1930-D.-Mladonice-12-3.-strana.jpg?w=1600&amp;ssl=1 1600w\" sizes=\"auto, (max-width: 800px) 100vw, 800px\" \/><\/a><\/figure>\n\n\n\n<p class=\"has-text-align-center has-medium-font-size\">Rodina Guttenov\u00e1 \u017eila na Senohrade pri Vidovom Vrchu, na KOZOM LAZE, ne\u010faleko je Koz\u00ed vrch, niekedy uv\u00e1dzan\u00fd Koz\u00ed hrb ( pohorie Javorie) m\u00e1 pod\u013ea AI nadmorsk\u00fa v\u00fd\u0161ku 874 metrov, nach\u00e1dza sa v priestore Le\u0161\u0165\/Oremov laz.<\/p>\n\n\n\n<p class=\"has-text-align-center\">TU SA NARODILA MOJA MAMA, STAR\u00c1 MAMA DOROTA, PRASTAR\u00dd OTEC J\u00c1N GUTTEN A JEHO PREDCHODCOVIA. Ned\u00e1vno som tam bola s mojimi de\u0165mi a vn\u00fa\u010datami, \u017eia\u013e  na oblas\u0165, kde \u017eili moji predkovia sme sa mohli pozera\u0165 len z cesty.<\/p>\n\n\n\n<p class=\"has-text-align-center\">Fotografia zo s\u00fa\u010dasnosti, teraz na mieste ich hospod\u00e1rstva je tankodrom. <\/p>\n\n\n\n<figure class=\"wp-block-image aligncenter size-large\"><a href=\"https:\/\/i0.wp.com\/www.atelier-reklama.sk\/blog\/wp-content\/uploads\/2026\/03\/Kozi-laz-miesto-kde-zili-Jan-Gutten-s-rodinou-do-1937.jpg?ssl=1\"><img data-recalc-dims=\"1\" loading=\"lazy\" decoding=\"async\" width=\"800\" height=\"452\" data-attachment-id=\"16219\" data-permalink=\"https:\/\/www.atelier-reklama.sk\/blog\/moj-rodostrom\/kozi-laz-miesto-kde-zili-jan-gutten-s-rodinou-do-1937\/\" data-orig-file=\"https:\/\/i0.wp.com\/www.atelier-reklama.sk\/blog\/wp-content\/uploads\/2026\/03\/Kozi-laz-miesto-kde-zili-Jan-Gutten-s-rodinou-do-1937.jpg?fit=1537%2C867&amp;ssl=1\" data-orig-size=\"1537,867\" data-comments-opened=\"1\" data-image-meta=\"{&quot;aperture&quot;:&quot;0&quot;,&quot;credit&quot;:&quot;&quot;,&quot;camera&quot;:&quot;&quot;,&quot;caption&quot;:&quot;&quot;,&quot;created_timestamp&quot;:&quot;0&quot;,&quot;copyright&quot;:&quot;&quot;,&quot;focal_length&quot;:&quot;0&quot;,&quot;iso&quot;:&quot;0&quot;,&quot;shutter_speed&quot;:&quot;0&quot;,&quot;title&quot;:&quot;&quot;,&quot;orientation&quot;:&quot;0&quot;}\" data-image-title=\"Koz\u00ed laz miesto, kde \u017eili J\u00e1n Gutten s rodinou do 1937\" data-image-description=\"\" data-image-caption=\"\" data-medium-file=\"https:\/\/i0.wp.com\/www.atelier-reklama.sk\/blog\/wp-content\/uploads\/2026\/03\/Kozi-laz-miesto-kde-zili-Jan-Gutten-s-rodinou-do-1937.jpg?fit=300%2C169&amp;ssl=1\" data-large-file=\"https:\/\/i0.wp.com\/www.atelier-reklama.sk\/blog\/wp-content\/uploads\/2026\/03\/Kozi-laz-miesto-kde-zili-Jan-Gutten-s-rodinou-do-1937.jpg?fit=800%2C452&amp;ssl=1\" src=\"https:\/\/i0.wp.com\/www.atelier-reklama.sk\/blog\/wp-content\/uploads\/2026\/03\/Kozi-laz-miesto-kde-zili-Jan-Gutten-s-rodinou-do-1937.jpg?resize=800%2C452&#038;ssl=1\" alt=\"\" class=\"wp-image-16219\" srcset=\"https:\/\/i0.wp.com\/www.atelier-reklama.sk\/blog\/wp-content\/uploads\/2026\/03\/Kozi-laz-miesto-kde-zili-Jan-Gutten-s-rodinou-do-1937.jpg?resize=1024%2C578&amp;ssl=1 1024w, https:\/\/i0.wp.com\/www.atelier-reklama.sk\/blog\/wp-content\/uploads\/2026\/03\/Kozi-laz-miesto-kde-zili-Jan-Gutten-s-rodinou-do-1937.jpg?resize=300%2C169&amp;ssl=1 300w, https:\/\/i0.wp.com\/www.atelier-reklama.sk\/blog\/wp-content\/uploads\/2026\/03\/Kozi-laz-miesto-kde-zili-Jan-Gutten-s-rodinou-do-1937.jpg?resize=768%2C433&amp;ssl=1 768w, https:\/\/i0.wp.com\/www.atelier-reklama.sk\/blog\/wp-content\/uploads\/2026\/03\/Kozi-laz-miesto-kde-zili-Jan-Gutten-s-rodinou-do-1937.jpg?w=1537&amp;ssl=1 1537w\" sizes=\"auto, (max-width: 800px) 100vw, 800px\" \/><\/a><\/figure>\n\n\n\n<figure class=\"wp-block-image size-large\"><a href=\"https:\/\/i0.wp.com\/www.atelier-reklama.sk\/blog\/wp-content\/uploads\/2026\/03\/Kozi-laz-miesto-kde-zili-Jan-Gutten-s-rodinou.jpg?ssl=1\"><img data-recalc-dims=\"1\" loading=\"lazy\" decoding=\"async\" width=\"800\" height=\"600\" data-attachment-id=\"16220\" data-permalink=\"https:\/\/www.atelier-reklama.sk\/blog\/moj-rodostrom\/kozi-laz-miesto-kde-zili-jan-gutten-s-rodinou\/\" data-orig-file=\"https:\/\/i0.wp.com\/www.atelier-reklama.sk\/blog\/wp-content\/uploads\/2026\/03\/Kozi-laz-miesto-kde-zili-Jan-Gutten-s-rodinou.jpg?fit=2048%2C1536&amp;ssl=1\" data-orig-size=\"2048,1536\" data-comments-opened=\"1\" data-image-meta=\"{&quot;aperture&quot;:&quot;0&quot;,&quot;credit&quot;:&quot;&quot;,&quot;camera&quot;:&quot;&quot;,&quot;caption&quot;:&quot;&quot;,&quot;created_timestamp&quot;:&quot;0&quot;,&quot;copyright&quot;:&quot;&quot;,&quot;focal_length&quot;:&quot;0&quot;,&quot;iso&quot;:&quot;0&quot;,&quot;shutter_speed&quot;:&quot;0&quot;,&quot;title&quot;:&quot;&quot;,&quot;orientation&quot;:&quot;0&quot;}\" data-image-title=\"Koz\u00ed laz miesto, kde \u017eili J\u00e1n Gutten s rodinou\" data-image-description=\"\" data-image-caption=\"\" data-medium-file=\"https:\/\/i0.wp.com\/www.atelier-reklama.sk\/blog\/wp-content\/uploads\/2026\/03\/Kozi-laz-miesto-kde-zili-Jan-Gutten-s-rodinou.jpg?fit=300%2C225&amp;ssl=1\" data-large-file=\"https:\/\/i0.wp.com\/www.atelier-reklama.sk\/blog\/wp-content\/uploads\/2026\/03\/Kozi-laz-miesto-kde-zili-Jan-Gutten-s-rodinou.jpg?fit=800%2C600&amp;ssl=1\" src=\"https:\/\/i0.wp.com\/www.atelier-reklama.sk\/blog\/wp-content\/uploads\/2026\/03\/Kozi-laz-miesto-kde-zili-Jan-Gutten-s-rodinou.jpg?resize=800%2C600&#038;ssl=1\" alt=\"\" class=\"wp-image-16220\" srcset=\"https:\/\/i0.wp.com\/www.atelier-reklama.sk\/blog\/wp-content\/uploads\/2026\/03\/Kozi-laz-miesto-kde-zili-Jan-Gutten-s-rodinou.jpg?resize=1024%2C768&amp;ssl=1 1024w, https:\/\/i0.wp.com\/www.atelier-reklama.sk\/blog\/wp-content\/uploads\/2026\/03\/Kozi-laz-miesto-kde-zili-Jan-Gutten-s-rodinou.jpg?resize=300%2C225&amp;ssl=1 300w, https:\/\/i0.wp.com\/www.atelier-reklama.sk\/blog\/wp-content\/uploads\/2026\/03\/Kozi-laz-miesto-kde-zili-Jan-Gutten-s-rodinou.jpg?resize=768%2C576&amp;ssl=1 768w, https:\/\/i0.wp.com\/www.atelier-reklama.sk\/blog\/wp-content\/uploads\/2026\/03\/Kozi-laz-miesto-kde-zili-Jan-Gutten-s-rodinou.jpg?resize=1536%2C1152&amp;ssl=1 1536w, https:\/\/i0.wp.com\/www.atelier-reklama.sk\/blog\/wp-content\/uploads\/2026\/03\/Kozi-laz-miesto-kde-zili-Jan-Gutten-s-rodinou.jpg?w=2048&amp;ssl=1 2048w, https:\/\/i0.wp.com\/www.atelier-reklama.sk\/blog\/wp-content\/uploads\/2026\/03\/Kozi-laz-miesto-kde-zili-Jan-Gutten-s-rodinou.jpg?w=1600&amp;ssl=1 1600w\" sizes=\"auto, (max-width: 800px) 100vw, 800px\" \/><\/a><\/figure>\n\n\n\n<figure class=\"wp-block-image size-large\"><a href=\"https:\/\/i0.wp.com\/www.atelier-reklama.sk\/blog\/wp-content\/uploads\/2026\/03\/Gutten-zili-na-Kozom-laze-pri-Senohrade-stara-mapa-rok-1889-vojenske-mapovanie-3-2.jpg?ssl=1\"><img data-recalc-dims=\"1\" loading=\"lazy\" decoding=\"async\" width=\"800\" height=\"334\" data-attachment-id=\"16279\" data-permalink=\"https:\/\/www.atelier-reklama.sk\/blog\/moj-rodostrom\/gutten-zili-na-kozom-laze-pri-senohrade-stara-mapa-rok-1889-vojenske-mapovanie-3-3\/\" data-orig-file=\"https:\/\/i0.wp.com\/www.atelier-reklama.sk\/blog\/wp-content\/uploads\/2026\/03\/Gutten-zili-na-Kozom-laze-pri-Senohrade-stara-mapa-rok-1889-vojenske-mapovanie-3-2.jpg?fit=1925%2C804&amp;ssl=1\" data-orig-size=\"1925,804\" data-comments-opened=\"1\" data-image-meta=\"{&quot;aperture&quot;:&quot;0&quot;,&quot;credit&quot;:&quot;&quot;,&quot;camera&quot;:&quot;&quot;,&quot;caption&quot;:&quot;&quot;,&quot;created_timestamp&quot;:&quot;0&quot;,&quot;copyright&quot;:&quot;&quot;,&quot;focal_length&quot;:&quot;0&quot;,&quot;iso&quot;:&quot;0&quot;,&quot;shutter_speed&quot;:&quot;0&quot;,&quot;title&quot;:&quot;&quot;,&quot;orientation&quot;:&quot;0&quot;}\" data-image-title=\"Gutten \u017eili na Kozom laze pri Senohrade star\u00e1 mapa rok 1889 vojensk\u00e9 mapovanie 3\" data-image-description=\"\" data-image-caption=\"\" data-medium-file=\"https:\/\/i0.wp.com\/www.atelier-reklama.sk\/blog\/wp-content\/uploads\/2026\/03\/Gutten-zili-na-Kozom-laze-pri-Senohrade-stara-mapa-rok-1889-vojenske-mapovanie-3-2.jpg?fit=300%2C125&amp;ssl=1\" data-large-file=\"https:\/\/i0.wp.com\/www.atelier-reklama.sk\/blog\/wp-content\/uploads\/2026\/03\/Gutten-zili-na-Kozom-laze-pri-Senohrade-stara-mapa-rok-1889-vojenske-mapovanie-3-2.jpg?fit=800%2C334&amp;ssl=1\" src=\"https:\/\/i0.wp.com\/www.atelier-reklama.sk\/blog\/wp-content\/uploads\/2026\/03\/Gutten-zili-na-Kozom-laze-pri-Senohrade-stara-mapa-rok-1889-vojenske-mapovanie-3-2.jpg?resize=800%2C334&#038;ssl=1\" alt=\"\" class=\"wp-image-16279\" srcset=\"https:\/\/i0.wp.com\/www.atelier-reklama.sk\/blog\/wp-content\/uploads\/2026\/03\/Gutten-zili-na-Kozom-laze-pri-Senohrade-stara-mapa-rok-1889-vojenske-mapovanie-3-2.jpg?resize=1024%2C428&amp;ssl=1 1024w, https:\/\/i0.wp.com\/www.atelier-reklama.sk\/blog\/wp-content\/uploads\/2026\/03\/Gutten-zili-na-Kozom-laze-pri-Senohrade-stara-mapa-rok-1889-vojenske-mapovanie-3-2.jpg?resize=300%2C125&amp;ssl=1 300w, https:\/\/i0.wp.com\/www.atelier-reklama.sk\/blog\/wp-content\/uploads\/2026\/03\/Gutten-zili-na-Kozom-laze-pri-Senohrade-stara-mapa-rok-1889-vojenske-mapovanie-3-2.jpg?resize=768%2C321&amp;ssl=1 768w, https:\/\/i0.wp.com\/www.atelier-reklama.sk\/blog\/wp-content\/uploads\/2026\/03\/Gutten-zili-na-Kozom-laze-pri-Senohrade-stara-mapa-rok-1889-vojenske-mapovanie-3-2.jpg?resize=1536%2C642&amp;ssl=1 1536w, https:\/\/i0.wp.com\/www.atelier-reklama.sk\/blog\/wp-content\/uploads\/2026\/03\/Gutten-zili-na-Kozom-laze-pri-Senohrade-stara-mapa-rok-1889-vojenske-mapovanie-3-2.jpg?w=1925&amp;ssl=1 1925w, https:\/\/i0.wp.com\/www.atelier-reklama.sk\/blog\/wp-content\/uploads\/2026\/03\/Gutten-zili-na-Kozom-laze-pri-Senohrade-stara-mapa-rok-1889-vojenske-mapovanie-3-2.jpg?w=1600&amp;ssl=1 1600w\" sizes=\"auto, (max-width: 800px) 100vw, 800px\" \/><\/a><\/figure>\n\n\n\n<p>Mapa z roku 1889, u\u017e vtedy \u017eili na Kozom laze moji predkovia.<\/p>\n\n\n\n<h2 class=\"wp-block-heading has-text-align-center has-pale-cyan-blue-background-color has-background has-large-font-size\">V \u010dase s\u010d\u00edtania v roku 1930 v dome na Kozom laze \u017eili t\u00edto moji predkovia<\/h2>\n\n\n\n<p>J\u00e1n Gutten m\u00f4j prastark\u00fd, Katar\u00edna Guttenov\u00e1, prastark\u00e1, Bart\u00edkov\u00e1 M\u00e1ria, matka Katar\u00edny, ktor\u00e1 mala po man\u017eelovi priezvisko Bart\u00edkov\u00e1, ako jej za\u0165, neviem ako sa volala za slobodna, moja pra-prastark\u00e1, Juraj Bart\u00edk za\u0165 J\u00e1na a Katar\u00edny Guttenovej, Dorotin man\u017eel, otec mojej mamy. Moja mama v \u010dase s\u010ditovania mala len p\u00e1r mesiacov, nako\u013eko sa narodila 29.5.1930. Jej brat Jozef sa tam tie\u017e narodil v roku 1935.<\/p>\n\n\n\n<figure class=\"wp-block-image size-large is-resized\"><a href=\"https:\/\/i0.wp.com\/www.atelier-reklama.sk\/blog\/wp-content\/uploads\/2026\/03\/Gutten-Bartik-scitaci-harok-1930.jpg?ssl=1\"><img data-recalc-dims=\"1\" loading=\"lazy\" decoding=\"async\" width=\"800\" height=\"600\" data-attachment-id=\"16221\" data-permalink=\"https:\/\/www.atelier-reklama.sk\/blog\/moj-rodostrom\/gutten-bartik-scitaci-harok-1930\/\" data-orig-file=\"https:\/\/i0.wp.com\/www.atelier-reklama.sk\/blog\/wp-content\/uploads\/2026\/03\/Gutten-Bartik-scitaci-harok-1930.jpg?fit=2048%2C1536&amp;ssl=1\" data-orig-size=\"2048,1536\" data-comments-opened=\"1\" data-image-meta=\"{&quot;aperture&quot;:&quot;0&quot;,&quot;credit&quot;:&quot;&quot;,&quot;camera&quot;:&quot;&quot;,&quot;caption&quot;:&quot;&quot;,&quot;created_timestamp&quot;:&quot;0&quot;,&quot;copyright&quot;:&quot;&quot;,&quot;focal_length&quot;:&quot;0&quot;,&quot;iso&quot;:&quot;0&quot;,&quot;shutter_speed&quot;:&quot;0&quot;,&quot;title&quot;:&quot;&quot;,&quot;orientation&quot;:&quot;0&quot;}\" data-image-title=\"Gutten Bart\u00edk s\u010d\u00edtac\u00ed h\u00e1rok 1930,\" data-image-description=\"\" data-image-caption=\"\" data-medium-file=\"https:\/\/i0.wp.com\/www.atelier-reklama.sk\/blog\/wp-content\/uploads\/2026\/03\/Gutten-Bartik-scitaci-harok-1930.jpg?fit=300%2C225&amp;ssl=1\" data-large-file=\"https:\/\/i0.wp.com\/www.atelier-reklama.sk\/blog\/wp-content\/uploads\/2026\/03\/Gutten-Bartik-scitaci-harok-1930.jpg?fit=800%2C600&amp;ssl=1\" src=\"https:\/\/i0.wp.com\/www.atelier-reklama.sk\/blog\/wp-content\/uploads\/2026\/03\/Gutten-Bartik-scitaci-harok-1930.jpg?resize=800%2C600&#038;ssl=1\" alt=\"\" class=\"wp-image-16221\" style=\"width:1140px;height:auto\" srcset=\"https:\/\/i0.wp.com\/www.atelier-reklama.sk\/blog\/wp-content\/uploads\/2026\/03\/Gutten-Bartik-scitaci-harok-1930.jpg?resize=1024%2C768&amp;ssl=1 1024w, https:\/\/i0.wp.com\/www.atelier-reklama.sk\/blog\/wp-content\/uploads\/2026\/03\/Gutten-Bartik-scitaci-harok-1930.jpg?resize=300%2C225&amp;ssl=1 300w, https:\/\/i0.wp.com\/www.atelier-reklama.sk\/blog\/wp-content\/uploads\/2026\/03\/Gutten-Bartik-scitaci-harok-1930.jpg?resize=768%2C576&amp;ssl=1 768w, https:\/\/i0.wp.com\/www.atelier-reklama.sk\/blog\/wp-content\/uploads\/2026\/03\/Gutten-Bartik-scitaci-harok-1930.jpg?resize=1536%2C1152&amp;ssl=1 1536w, https:\/\/i0.wp.com\/www.atelier-reklama.sk\/blog\/wp-content\/uploads\/2026\/03\/Gutten-Bartik-scitaci-harok-1930.jpg?w=2048&amp;ssl=1 2048w, https:\/\/i0.wp.com\/www.atelier-reklama.sk\/blog\/wp-content\/uploads\/2026\/03\/Gutten-Bartik-scitaci-harok-1930.jpg?w=1600&amp;ssl=1 1600w\" sizes=\"auto, (max-width: 800px) 100vw, 800px\" \/><\/a><\/figure>\n\n\n\n<h2 class=\"wp-block-heading\">ZDROJ A POPIS: M\u00e1ria Pavl\u00edkov\u00e1, rod. \u0160ufliarska, jej pra-pra-prastar\u00fd otec a m\u00f4j pra-prastar\u00fd otec bol \u0160tefan Bart\u00edk nar. 8.12.1842 v Doln\u00fdch Mladoniciach.<\/h2>\n\n\n\n<figure class=\"wp-block-image aligncenter size-large is-resized\"><a href=\"https:\/\/i0.wp.com\/www.atelier-reklama.sk\/blog\/wp-content\/uploads\/2026\/03\/Marienkin-Pavlikovej-praprastarky-Stefan-Bartik-nar.-20.2.-1877-umrel-7.1.1962.jpg?ssl=1\"><img data-recalc-dims=\"1\" loading=\"lazy\" decoding=\"async\" width=\"765\" height=\"1024\" data-attachment-id=\"16310\" data-permalink=\"https:\/\/www.atelier-reklama.sk\/blog\/moj-rodostrom\/marienkin-pavlikovej-praprastarky-stefan-bartik-nar-20-2-1877-umrel-7-1-1962\/\" data-orig-file=\"https:\/\/i0.wp.com\/www.atelier-reklama.sk\/blog\/wp-content\/uploads\/2026\/03\/Marienkin-Pavlikovej-praprastarky-Stefan-Bartik-nar.-20.2.-1877-umrel-7.1.1962.jpg?fit=1141%2C1527&amp;ssl=1\" data-orig-size=\"1141,1527\" data-comments-opened=\"1\" data-image-meta=\"{&quot;aperture&quot;:&quot;0&quot;,&quot;credit&quot;:&quot;&quot;,&quot;camera&quot;:&quot;&quot;,&quot;caption&quot;:&quot;&quot;,&quot;created_timestamp&quot;:&quot;0&quot;,&quot;copyright&quot;:&quot;&quot;,&quot;focal_length&quot;:&quot;0&quot;,&quot;iso&quot;:&quot;0&quot;,&quot;shutter_speed&quot;:&quot;0&quot;,&quot;title&quot;:&quot;&quot;,&quot;orientation&quot;:&quot;0&quot;}\" data-image-title=\"Marienkin Pavl\u00edkovej praprastark\u00fd \u0160tefan Bartik, nar. 20.2. 1877, umrel 7.1.1962..\" data-image-description=\"\" data-image-caption=\"\" data-medium-file=\"https:\/\/i0.wp.com\/www.atelier-reklama.sk\/blog\/wp-content\/uploads\/2026\/03\/Marienkin-Pavlikovej-praprastarky-Stefan-Bartik-nar.-20.2.-1877-umrel-7.1.1962.jpg?fit=224%2C300&amp;ssl=1\" data-large-file=\"https:\/\/i0.wp.com\/www.atelier-reklama.sk\/blog\/wp-content\/uploads\/2026\/03\/Marienkin-Pavlikovej-praprastarky-Stefan-Bartik-nar.-20.2.-1877-umrel-7.1.1962.jpg?fit=765%2C1024&amp;ssl=1\" src=\"https:\/\/i0.wp.com\/www.atelier-reklama.sk\/blog\/wp-content\/uploads\/2026\/03\/Marienkin-Pavlikovej-praprastarky-Stefan-Bartik-nar.-20.2.-1877-umrel-7.1.1962.jpg?resize=765%2C1024&#038;ssl=1\" alt=\"\" class=\"wp-image-16310\" style=\"width:765px;height:auto\" srcset=\"https:\/\/i0.wp.com\/www.atelier-reklama.sk\/blog\/wp-content\/uploads\/2026\/03\/Marienkin-Pavlikovej-praprastarky-Stefan-Bartik-nar.-20.2.-1877-umrel-7.1.1962.jpg?resize=765%2C1024&amp;ssl=1 765w, https:\/\/i0.wp.com\/www.atelier-reklama.sk\/blog\/wp-content\/uploads\/2026\/03\/Marienkin-Pavlikovej-praprastarky-Stefan-Bartik-nar.-20.2.-1877-umrel-7.1.1962.jpg?resize=224%2C300&amp;ssl=1 224w, https:\/\/i0.wp.com\/www.atelier-reklama.sk\/blog\/wp-content\/uploads\/2026\/03\/Marienkin-Pavlikovej-praprastarky-Stefan-Bartik-nar.-20.2.-1877-umrel-7.1.1962.jpg?resize=768%2C1028&amp;ssl=1 768w, https:\/\/i0.wp.com\/www.atelier-reklama.sk\/blog\/wp-content\/uploads\/2026\/03\/Marienkin-Pavlikovej-praprastarky-Stefan-Bartik-nar.-20.2.-1877-umrel-7.1.1962.jpg?w=1141&amp;ssl=1 1141w\" sizes=\"auto, (max-width: 765px) 100vw, 765px\" \/><\/a><\/figure>\n\n\n\n<p class=\"has-text-align-center\">Ve\u013emi vz\u00e1cna fotka na ktorej je \u0160tefan Bart\u00edk, nar. 20.2.1877 v Dol. Mladoniciach, zomrel 7.1.1962, bol bratom m\u00f4jho prastar\u00e9ho otca Martina Bartika, ktor\u00e9ho fotku som nikdy nevidela, padol v 1. svet. vojne asi pri Starom Sambore. <\/p>\n\n\n\n<figure class=\"wp-block-image aligncenter size-large is-resized\"><a href=\"https:\/\/i0.wp.com\/www.atelier-reklama.sk\/blog\/wp-content\/uploads\/2026\/03\/Stefanov-syn-ako-vojak-1.-svet.-vojna-Marienkin-prastary-otec-Stefan-zahynul-v-Kanade-pochovany-Vencouer.jpg?ssl=1\"><img data-recalc-dims=\"1\" loading=\"lazy\" decoding=\"async\" width=\"723\" height=\"1024\" data-attachment-id=\"16315\" data-permalink=\"https:\/\/www.atelier-reklama.sk\/blog\/moj-rodostrom\/stefanov-syn-ako-vojak-1-svet-vojna-marienkin-prastary-otec-stefan-zahynul-v-kanade-pochovany-vencouer\/\" data-orig-file=\"https:\/\/i0.wp.com\/www.atelier-reklama.sk\/blog\/wp-content\/uploads\/2026\/03\/Stefanov-syn-ako-vojak-1.-svet.-vojna-Marienkin-prastary-otec-Stefan-zahynul-v-Kanade-pochovany-Vencouer.jpg?fit=982%2C1390&amp;ssl=1\" data-orig-size=\"982,1390\" data-comments-opened=\"1\" data-image-meta=\"{&quot;aperture&quot;:&quot;0&quot;,&quot;credit&quot;:&quot;&quot;,&quot;camera&quot;:&quot;&quot;,&quot;caption&quot;:&quot;&quot;,&quot;created_timestamp&quot;:&quot;0&quot;,&quot;copyright&quot;:&quot;&quot;,&quot;focal_length&quot;:&quot;0&quot;,&quot;iso&quot;:&quot;0&quot;,&quot;shutter_speed&quot;:&quot;0&quot;,&quot;title&quot;:&quot;&quot;,&quot;orientation&quot;:&quot;0&quot;}\" data-image-title=\"\u0160tefanov syn ako vojak 1. svet. vojna, Marienkin prastar\u00fd otec \u0160tefan zahynul v Kanade, pochovan\u00fd Vencouer\" data-image-description=\"\" data-image-caption=\"\" data-medium-file=\"https:\/\/i0.wp.com\/www.atelier-reklama.sk\/blog\/wp-content\/uploads\/2026\/03\/Stefanov-syn-ako-vojak-1.-svet.-vojna-Marienkin-prastary-otec-Stefan-zahynul-v-Kanade-pochovany-Vencouer.jpg?fit=212%2C300&amp;ssl=1\" data-large-file=\"https:\/\/i0.wp.com\/www.atelier-reklama.sk\/blog\/wp-content\/uploads\/2026\/03\/Stefanov-syn-ako-vojak-1.-svet.-vojna-Marienkin-prastary-otec-Stefan-zahynul-v-Kanade-pochovany-Vencouer.jpg?fit=723%2C1024&amp;ssl=1\" src=\"https:\/\/i0.wp.com\/www.atelier-reklama.sk\/blog\/wp-content\/uploads\/2026\/03\/Stefanov-syn-ako-vojak-1.-svet.-vojna-Marienkin-prastary-otec-Stefan-zahynul-v-Kanade-pochovany-Vencouer.jpg?resize=723%2C1024&#038;ssl=1\" alt=\"\" class=\"wp-image-16315\" style=\"width:723px;height:auto\" srcset=\"https:\/\/i0.wp.com\/www.atelier-reklama.sk\/blog\/wp-content\/uploads\/2026\/03\/Stefanov-syn-ako-vojak-1.-svet.-vojna-Marienkin-prastary-otec-Stefan-zahynul-v-Kanade-pochovany-Vencouer.jpg?resize=723%2C1024&amp;ssl=1 723w, https:\/\/i0.wp.com\/www.atelier-reklama.sk\/blog\/wp-content\/uploads\/2026\/03\/Stefanov-syn-ako-vojak-1.-svet.-vojna-Marienkin-prastary-otec-Stefan-zahynul-v-Kanade-pochovany-Vencouer.jpg?resize=212%2C300&amp;ssl=1 212w, https:\/\/i0.wp.com\/www.atelier-reklama.sk\/blog\/wp-content\/uploads\/2026\/03\/Stefanov-syn-ako-vojak-1.-svet.-vojna-Marienkin-prastary-otec-Stefan-zahynul-v-Kanade-pochovany-Vencouer.jpg?resize=768%2C1087&amp;ssl=1 768w, https:\/\/i0.wp.com\/www.atelier-reklama.sk\/blog\/wp-content\/uploads\/2026\/03\/Stefanov-syn-ako-vojak-1.-svet.-vojna-Marienkin-prastary-otec-Stefan-zahynul-v-Kanade-pochovany-Vencouer.jpg?w=982&amp;ssl=1 982w\" sizes=\"auto, (max-width: 723px) 100vw, 723px\" \/><\/a><\/figure>\n\n\n\n<p>\u0160tefanov syn bol tie\u017e \u0160tefan Bart\u00edk, na fotke ako vojak v 1. svet. vojne. Nesk\u00f4r sa o\u017eenil a mal troch synov, v roku 1926 odi\u0161iel do Kanady,  pracoval v lese, utrpel \u00faraz a zomrel. Pochovan\u00fd je vo Vancouveri. <\/p>\n\n\n\n<figure class=\"wp-block-image aligncenter size-large\"><a href=\"https:\/\/i0.wp.com\/www.atelier-reklama.sk\/blog\/wp-content\/uploads\/2026\/03\/Stefanova-zena-najstarsi-syn-Jan-stredny-Pavol-najmladsi-zomrel-23-vojnove-zranenie-mama-Stefan-bol-v-Kanade-od-roku-1926.jpg?ssl=1\"><img data-recalc-dims=\"1\" loading=\"lazy\" decoding=\"async\" width=\"756\" height=\"1024\" data-attachment-id=\"16314\" data-permalink=\"https:\/\/www.atelier-reklama.sk\/blog\/moj-rodostrom\/stefanova-zena-najstarsi-syn-jan-stredny-pavol-najmladsi-zomrel-23-vojnove-zranenie-mama-stefan-bol-v-kanade-od-roku-1926\/\" data-orig-file=\"https:\/\/i0.wp.com\/www.atelier-reklama.sk\/blog\/wp-content\/uploads\/2026\/03\/Stefanova-zena-najstarsi-syn-Jan-stredny-Pavol-najmladsi-zomrel-23-vojnove-zranenie-mama-Stefan-bol-v-Kanade-od-roku-1926.jpg?fit=1175%2C1592&amp;ssl=1\" data-orig-size=\"1175,1592\" data-comments-opened=\"1\" data-image-meta=\"{&quot;aperture&quot;:&quot;0&quot;,&quot;credit&quot;:&quot;&quot;,&quot;camera&quot;:&quot;&quot;,&quot;caption&quot;:&quot;&quot;,&quot;created_timestamp&quot;:&quot;0&quot;,&quot;copyright&quot;:&quot;&quot;,&quot;focal_length&quot;:&quot;0&quot;,&quot;iso&quot;:&quot;0&quot;,&quot;shutter_speed&quot;:&quot;0&quot;,&quot;title&quot;:&quot;&quot;,&quot;orientation&quot;:&quot;0&quot;}\" data-image-title=\"\u0160tefanova \u017eena,  najstar\u0161\u00ed syn J\u00e1n, stredn\u00fd Pavol, najmlad\u0161\u00ed  zomrel 23 vojnov\u00e9 zranenie, mama, \u0160tefan bol v Kanade od roku 1926\" data-image-description=\"\" data-image-caption=\"\" data-medium-file=\"https:\/\/i0.wp.com\/www.atelier-reklama.sk\/blog\/wp-content\/uploads\/2026\/03\/Stefanova-zena-najstarsi-syn-Jan-stredny-Pavol-najmladsi-zomrel-23-vojnove-zranenie-mama-Stefan-bol-v-Kanade-od-roku-1926.jpg?fit=221%2C300&amp;ssl=1\" data-large-file=\"https:\/\/i0.wp.com\/www.atelier-reklama.sk\/blog\/wp-content\/uploads\/2026\/03\/Stefanova-zena-najstarsi-syn-Jan-stredny-Pavol-najmladsi-zomrel-23-vojnove-zranenie-mama-Stefan-bol-v-Kanade-od-roku-1926.jpg?fit=756%2C1024&amp;ssl=1\" src=\"https:\/\/i0.wp.com\/www.atelier-reklama.sk\/blog\/wp-content\/uploads\/2026\/03\/Stefanova-zena-najstarsi-syn-Jan-stredny-Pavol-najmladsi-zomrel-23-vojnove-zranenie-mama-Stefan-bol-v-Kanade-od-roku-1926.jpg?resize=756%2C1024&#038;ssl=1\" alt=\"\" class=\"wp-image-16314\" srcset=\"https:\/\/i0.wp.com\/www.atelier-reklama.sk\/blog\/wp-content\/uploads\/2026\/03\/Stefanova-zena-najstarsi-syn-Jan-stredny-Pavol-najmladsi-zomrel-23-vojnove-zranenie-mama-Stefan-bol-v-Kanade-od-roku-1926.jpg?resize=756%2C1024&amp;ssl=1 756w, https:\/\/i0.wp.com\/www.atelier-reklama.sk\/blog\/wp-content\/uploads\/2026\/03\/Stefanova-zena-najstarsi-syn-Jan-stredny-Pavol-najmladsi-zomrel-23-vojnove-zranenie-mama-Stefan-bol-v-Kanade-od-roku-1926.jpg?resize=221%2C300&amp;ssl=1 221w, https:\/\/i0.wp.com\/www.atelier-reklama.sk\/blog\/wp-content\/uploads\/2026\/03\/Stefanova-zena-najstarsi-syn-Jan-stredny-Pavol-najmladsi-zomrel-23-vojnove-zranenie-mama-Stefan-bol-v-Kanade-od-roku-1926.jpg?resize=768%2C1041&amp;ssl=1 768w, https:\/\/i0.wp.com\/www.atelier-reklama.sk\/blog\/wp-content\/uploads\/2026\/03\/Stefanova-zena-najstarsi-syn-Jan-stredny-Pavol-najmladsi-zomrel-23-vojnove-zranenie-mama-Stefan-bol-v-Kanade-od-roku-1926.jpg?resize=1134%2C1536&amp;ssl=1 1134w, https:\/\/i0.wp.com\/www.atelier-reklama.sk\/blog\/wp-content\/uploads\/2026\/03\/Stefanova-zena-najstarsi-syn-Jan-stredny-Pavol-najmladsi-zomrel-23-vojnove-zranenie-mama-Stefan-bol-v-Kanade-od-roku-1926.jpg?w=1175&amp;ssl=1 1175w\" sizes=\"auto, (max-width: 756px) 100vw, 756px\" \/><\/a><\/figure>\n\n\n\n<p class=\"has-text-align-center\"> \u0160tefanova Bart\u00edkova ( zomrel v Kanade) mama, man\u017eelka, najstar\u0161\u00ed syn J\u00e1n, stredn\u00fd Pavol, najmlad\u0161\u00ed \u0160tefan zomrel ako 23 ro\u010dn\u00fd na  vojnov\u00e9 zranenie. <\/p>\n\n\n\n<figure class=\"wp-block-image aligncenter size-full\"><a href=\"https:\/\/i0.wp.com\/www.atelier-reklama.sk\/blog\/wp-content\/uploads\/2026\/03\/Janov-Bartikov-prostredny-brat-Pavol-ozenil-sa-na-Litavu-manzelka-Anna-Slavkova-syn-Stefan-saxofonista-H.-Nemce-jeho-brat-Jan-Unatin-sestra-Anna-Litava.jpg?ssl=1\"><img data-recalc-dims=\"1\" loading=\"lazy\" decoding=\"async\" width=\"400\" height=\"616\" data-attachment-id=\"16307\" data-permalink=\"https:\/\/www.atelier-reklama.sk\/blog\/moj-rodostrom\/janov-bartikov-prostredny-brat-pavol-ozenil-sa-na-litavu-manzelka-anna-slavkova-syn-stefan-saxofonista-h-nemce-jeho-brat-jan-unatin-sestra-anna-litava\/\" data-orig-file=\"https:\/\/i0.wp.com\/www.atelier-reklama.sk\/blog\/wp-content\/uploads\/2026\/03\/Janov-Bartikov-prostredny-brat-Pavol-ozenil-sa-na-Litavu-manzelka-Anna-Slavkova-syn-Stefan-saxofonista-H.-Nemce-jeho-brat-Jan-Unatin-sestra-Anna-Litava.jpg?fit=400%2C616&amp;ssl=1\" data-orig-size=\"400,616\" data-comments-opened=\"1\" data-image-meta=\"{&quot;aperture&quot;:&quot;0&quot;,&quot;credit&quot;:&quot;&quot;,&quot;camera&quot;:&quot;&quot;,&quot;caption&quot;:&quot;&quot;,&quot;created_timestamp&quot;:&quot;0&quot;,&quot;copyright&quot;:&quot;&quot;,&quot;focal_length&quot;:&quot;0&quot;,&quot;iso&quot;:&quot;0&quot;,&quot;shutter_speed&quot;:&quot;0&quot;,&quot;title&quot;:&quot;&quot;,&quot;orientation&quot;:&quot;0&quot;}\" data-image-title=\"J\u00e1nov Bartikov prostredn\u00fd brat Pavol, o\u017eenil sa na Litavu, man\u017eelka Anna Slavkov\u00e1, syn \u0160tefan saxofonista H. Nemce, jeho brat J\u00e1n U\u0148at\u00edn, sestra Anna Litava\" data-image-description=\"\" data-image-caption=\"\" data-medium-file=\"https:\/\/i0.wp.com\/www.atelier-reklama.sk\/blog\/wp-content\/uploads\/2026\/03\/Janov-Bartikov-prostredny-brat-Pavol-ozenil-sa-na-Litavu-manzelka-Anna-Slavkova-syn-Stefan-saxofonista-H.-Nemce-jeho-brat-Jan-Unatin-sestra-Anna-Litava.jpg?fit=195%2C300&amp;ssl=1\" data-large-file=\"https:\/\/i0.wp.com\/www.atelier-reklama.sk\/blog\/wp-content\/uploads\/2026\/03\/Janov-Bartikov-prostredny-brat-Pavol-ozenil-sa-na-Litavu-manzelka-Anna-Slavkova-syn-Stefan-saxofonista-H.-Nemce-jeho-brat-Jan-Unatin-sestra-Anna-Litava.jpg?fit=400%2C616&amp;ssl=1\" src=\"https:\/\/i0.wp.com\/www.atelier-reklama.sk\/blog\/wp-content\/uploads\/2026\/03\/Janov-Bartikov-prostredny-brat-Pavol-ozenil-sa-na-Litavu-manzelka-Anna-Slavkova-syn-Stefan-saxofonista-H.-Nemce-jeho-brat-Jan-Unatin-sestra-Anna-Litava.jpg?resize=400%2C616&#038;ssl=1\" alt=\"\" class=\"wp-image-16307\" srcset=\"https:\/\/i0.wp.com\/www.atelier-reklama.sk\/blog\/wp-content\/uploads\/2026\/03\/Janov-Bartikov-prostredny-brat-Pavol-ozenil-sa-na-Litavu-manzelka-Anna-Slavkova-syn-Stefan-saxofonista-H.-Nemce-jeho-brat-Jan-Unatin-sestra-Anna-Litava.jpg?w=400&amp;ssl=1 400w, https:\/\/i0.wp.com\/www.atelier-reklama.sk\/blog\/wp-content\/uploads\/2026\/03\/Janov-Bartikov-prostredny-brat-Pavol-ozenil-sa-na-Litavu-manzelka-Anna-Slavkova-syn-Stefan-saxofonista-H.-Nemce-jeho-brat-Jan-Unatin-sestra-Anna-Litava.jpg?resize=195%2C300&amp;ssl=1 195w\" sizes=\"auto, (max-width: 400px) 100vw, 400px\" \/><\/a><\/figure>\n\n\n\n<p class=\"has-text-align-center\">Prostredn\u00fd syn \u0160tefana Bart\u00edka Pavol, sa o\u017eenil na Litavu, zobral si za man\u017eelku Annu Slavkov\u00fa, mali syna \u0160tefana (saxofonista), \u017eil v  H. Nemciach,  jeho brat J\u00e1n na  U\u0148at\u00edne a sestra Anna zostala na Litave.<\/p>\n\n\n\n<figure class=\"wp-block-image aligncenter size-full is-resized\"><a href=\"https:\/\/i0.wp.com\/www.atelier-reklama.sk\/blog\/wp-content\/uploads\/2026\/03\/Zeny-z-Dolneho-Badina-v-bielych-lajblikoch-prva-vlavo-manzelka-Pavla-Bartika-Anna-r.-Slavkova-z-Litavy.webp?ssl=1\"><img data-recalc-dims=\"1\" loading=\"lazy\" decoding=\"async\" width=\"800\" height=\"492\" data-attachment-id=\"16319\" data-permalink=\"https:\/\/www.atelier-reklama.sk\/blog\/moj-rodostrom\/zeny-z-dolneho-badina-v-bielych-lajblikoch-prva-vlavo-manzelka-pavla-bartika-anna-r-slavkova-z-litavy\/\" data-orig-file=\"https:\/\/i0.wp.com\/www.atelier-reklama.sk\/blog\/wp-content\/uploads\/2026\/03\/Zeny-z-Dolneho-Badina-v-bielych-lajblikoch-prva-vlavo-manzelka-Pavla-Bartika-Anna-r.-Slavkova-z-Litavy.webp?fit=835%2C514&amp;ssl=1\" data-orig-size=\"835,514\" data-comments-opened=\"1\" data-image-meta=\"{&quot;aperture&quot;:&quot;0&quot;,&quot;credit&quot;:&quot;&quot;,&quot;camera&quot;:&quot;&quot;,&quot;caption&quot;:&quot;&quot;,&quot;created_timestamp&quot;:&quot;0&quot;,&quot;copyright&quot;:&quot;&quot;,&quot;focal_length&quot;:&quot;0&quot;,&quot;iso&quot;:&quot;0&quot;,&quot;shutter_speed&quot;:&quot;0&quot;,&quot;title&quot;:&quot;&quot;,&quot;orientation&quot;:&quot;0&quot;}\" data-image-title=\"\u017deny-z-Doln\u00e9ho-Bad\u00edna-v-bielych-lajbl\u00edkoch prv\u00e1 v\u013eavo man\u017eelka Pavla Bart\u00edka Anna r. Slavkov\u00e1 z Litavy\" data-image-description=\"\" data-image-caption=\"\" data-medium-file=\"https:\/\/i0.wp.com\/www.atelier-reklama.sk\/blog\/wp-content\/uploads\/2026\/03\/Zeny-z-Dolneho-Badina-v-bielych-lajblikoch-prva-vlavo-manzelka-Pavla-Bartika-Anna-r.-Slavkova-z-Litavy.webp?fit=300%2C185&amp;ssl=1\" data-large-file=\"https:\/\/i0.wp.com\/www.atelier-reklama.sk\/blog\/wp-content\/uploads\/2026\/03\/Zeny-z-Dolneho-Badina-v-bielych-lajblikoch-prva-vlavo-manzelka-Pavla-Bartika-Anna-r.-Slavkova-z-Litavy.webp?fit=800%2C492&amp;ssl=1\" src=\"https:\/\/i0.wp.com\/www.atelier-reklama.sk\/blog\/wp-content\/uploads\/2026\/03\/Zeny-z-Dolneho-Badina-v-bielych-lajblikoch-prva-vlavo-manzelka-Pavla-Bartika-Anna-r.-Slavkova-z-Litavy.webp?resize=800%2C492&#038;ssl=1\" alt=\"\" class=\"wp-image-16319\" style=\"width:835px;height:auto\" srcset=\"https:\/\/i0.wp.com\/www.atelier-reklama.sk\/blog\/wp-content\/uploads\/2026\/03\/Zeny-z-Dolneho-Badina-v-bielych-lajblikoch-prva-vlavo-manzelka-Pavla-Bartika-Anna-r.-Slavkova-z-Litavy.webp?w=835&amp;ssl=1 835w, https:\/\/i0.wp.com\/www.atelier-reklama.sk\/blog\/wp-content\/uploads\/2026\/03\/Zeny-z-Dolneho-Badina-v-bielych-lajblikoch-prva-vlavo-manzelka-Pavla-Bartika-Anna-r.-Slavkova-z-Litavy.webp?resize=300%2C185&amp;ssl=1 300w, https:\/\/i0.wp.com\/www.atelier-reklama.sk\/blog\/wp-content\/uploads\/2026\/03\/Zeny-z-Dolneho-Badina-v-bielych-lajblikoch-prva-vlavo-manzelka-Pavla-Bartika-Anna-r.-Slavkova-z-Litavy.webp?resize=768%2C473&amp;ssl=1 768w\" sizes=\"auto, (max-width: 800px) 100vw, 800px\" \/><\/a><\/figure>\n\n\n\n<p class=\"has-text-align-center\">Anna Bart\u00edkov\u00e1, roden\u00e1 Slavkov\u00e1 z Litavy, man\u017eelka Pavla Bart\u00edka z Dol. Mladon\u00edc stoj\u00ed prv\u00e1 z\u013eava. Fotografia sa na\u0161la v rodnom dome Pavla Bart\u00edka v Dol. Mladoniciach. <\/p>\n\n\n\n<figure class=\"wp-block-image aligncenter size-full is-resized\"><a href=\"https:\/\/i0.wp.com\/www.atelier-reklama.sk\/blog\/wp-content\/uploads\/2026\/03\/Matka-s-dcerou-cestou-z-kostola-D.-Mladonice-1947.jpg?ssl=1\"><img data-recalc-dims=\"1\" loading=\"lazy\" decoding=\"async\" width=\"526\" height=\"789\" data-attachment-id=\"16316\" data-permalink=\"https:\/\/www.atelier-reklama.sk\/blog\/moj-rodostrom\/matka-s-dcerou-cestou-z-kostola-d-mladonice-1947\/\" data-orig-file=\"https:\/\/i0.wp.com\/www.atelier-reklama.sk\/blog\/wp-content\/uploads\/2026\/03\/Matka-s-dcerou-cestou-z-kostola-D.-Mladonice-1947.jpg?fit=526%2C789&amp;ssl=1\" data-orig-size=\"526,789\" data-comments-opened=\"1\" data-image-meta=\"{&quot;aperture&quot;:&quot;0&quot;,&quot;credit&quot;:&quot;&quot;,&quot;camera&quot;:&quot;&quot;,&quot;caption&quot;:&quot;&quot;,&quot;created_timestamp&quot;:&quot;0&quot;,&quot;copyright&quot;:&quot;&quot;,&quot;focal_length&quot;:&quot;0&quot;,&quot;iso&quot;:&quot;0&quot;,&quot;shutter_speed&quot;:&quot;0&quot;,&quot;title&quot;:&quot;&quot;,&quot;orientation&quot;:&quot;0&quot;}\" data-image-title=\"Matka s dc\u00e9rou cestou z kostola D. Mladonice 1947\" data-image-description=\"\" data-image-caption=\"\" data-medium-file=\"https:\/\/i0.wp.com\/www.atelier-reklama.sk\/blog\/wp-content\/uploads\/2026\/03\/Matka-s-dcerou-cestou-z-kostola-D.-Mladonice-1947.jpg?fit=200%2C300&amp;ssl=1\" data-large-file=\"https:\/\/i0.wp.com\/www.atelier-reklama.sk\/blog\/wp-content\/uploads\/2026\/03\/Matka-s-dcerou-cestou-z-kostola-D.-Mladonice-1947.jpg?fit=526%2C789&amp;ssl=1\" src=\"https:\/\/i0.wp.com\/www.atelier-reklama.sk\/blog\/wp-content\/uploads\/2026\/03\/Matka-s-dcerou-cestou-z-kostola-D.-Mladonice-1947.jpg?resize=526%2C789&#038;ssl=1\" alt=\"\" class=\"wp-image-16316\" style=\"width:526px;height:auto\" srcset=\"https:\/\/i0.wp.com\/www.atelier-reklama.sk\/blog\/wp-content\/uploads\/2026\/03\/Matka-s-dcerou-cestou-z-kostola-D.-Mladonice-1947.jpg?w=526&amp;ssl=1 526w, https:\/\/i0.wp.com\/www.atelier-reklama.sk\/blog\/wp-content\/uploads\/2026\/03\/Matka-s-dcerou-cestou-z-kostola-D.-Mladonice-1947.jpg?resize=200%2C300&amp;ssl=1 200w\" sizes=\"auto, (max-width: 526px) 100vw, 526px\" \/><\/a><\/figure>\n\n\n\n<p class=\"has-text-align-center\">\u0160tefanova nevesta, J\u00e1nova Bart\u00edkova man\u017eelka s dc\u00e9rkou, cestou z kostola, rok 1947.<\/p>\n\n\n\n<figure class=\"wp-block-image aligncenter size-large\"><a href=\"https:\/\/i0.wp.com\/www.atelier-reklama.sk\/blog\/wp-content\/uploads\/2026\/03\/Scitanie-1930-D.-Mladonice-c.30-dom-Stefana-Bartika-.jpg?ssl=1\"><img data-recalc-dims=\"1\" loading=\"lazy\" decoding=\"async\" width=\"800\" height=\"430\" data-attachment-id=\"16325\" data-permalink=\"https:\/\/www.atelier-reklama.sk\/blog\/moj-rodostrom\/scitanie-1930-d-mladonice-c-30-dom-stefana-bartika\/\" data-orig-file=\"https:\/\/i0.wp.com\/www.atelier-reklama.sk\/blog\/wp-content\/uploads\/2026\/03\/Scitanie-1930-D.-Mladonice-c.30-dom-Stefana-Bartika-.jpg?fit=2048%2C1101&amp;ssl=1\" data-orig-size=\"2048,1101\" data-comments-opened=\"1\" data-image-meta=\"{&quot;aperture&quot;:&quot;0&quot;,&quot;credit&quot;:&quot;&quot;,&quot;camera&quot;:&quot;&quot;,&quot;caption&quot;:&quot;&quot;,&quot;created_timestamp&quot;:&quot;0&quot;,&quot;copyright&quot;:&quot;&quot;,&quot;focal_length&quot;:&quot;0&quot;,&quot;iso&quot;:&quot;0&quot;,&quot;shutter_speed&quot;:&quot;0&quot;,&quot;title&quot;:&quot;&quot;,&quot;orientation&quot;:&quot;0&quot;}\" data-image-title=\"S\u010ditanie 1930 D. Mladonice c.30 dom \u0160tefana Bart\u00edka &#8230;\" data-image-description=\"\" data-image-caption=\"\" data-medium-file=\"https:\/\/i0.wp.com\/www.atelier-reklama.sk\/blog\/wp-content\/uploads\/2026\/03\/Scitanie-1930-D.-Mladonice-c.30-dom-Stefana-Bartika-.jpg?fit=300%2C161&amp;ssl=1\" data-large-file=\"https:\/\/i0.wp.com\/www.atelier-reklama.sk\/blog\/wp-content\/uploads\/2026\/03\/Scitanie-1930-D.-Mladonice-c.30-dom-Stefana-Bartika-.jpg?fit=800%2C430&amp;ssl=1\" src=\"https:\/\/i0.wp.com\/www.atelier-reklama.sk\/blog\/wp-content\/uploads\/2026\/03\/Scitanie-1930-D.-Mladonice-c.30-dom-Stefana-Bartika-.jpg?resize=800%2C430&#038;ssl=1\" alt=\"\" class=\"wp-image-16325\" srcset=\"https:\/\/i0.wp.com\/www.atelier-reklama.sk\/blog\/wp-content\/uploads\/2026\/03\/Scitanie-1930-D.-Mladonice-c.30-dom-Stefana-Bartika-.jpg?resize=1024%2C551&amp;ssl=1 1024w, https:\/\/i0.wp.com\/www.atelier-reklama.sk\/blog\/wp-content\/uploads\/2026\/03\/Scitanie-1930-D.-Mladonice-c.30-dom-Stefana-Bartika-.jpg?resize=300%2C161&amp;ssl=1 300w, https:\/\/i0.wp.com\/www.atelier-reklama.sk\/blog\/wp-content\/uploads\/2026\/03\/Scitanie-1930-D.-Mladonice-c.30-dom-Stefana-Bartika-.jpg?resize=768%2C413&amp;ssl=1 768w, https:\/\/i0.wp.com\/www.atelier-reklama.sk\/blog\/wp-content\/uploads\/2026\/03\/Scitanie-1930-D.-Mladonice-c.30-dom-Stefana-Bartika-.jpg?resize=1536%2C826&amp;ssl=1 1536w, https:\/\/i0.wp.com\/www.atelier-reklama.sk\/blog\/wp-content\/uploads\/2026\/03\/Scitanie-1930-D.-Mladonice-c.30-dom-Stefana-Bartika-.jpg?w=2048&amp;ssl=1 2048w, https:\/\/i0.wp.com\/www.atelier-reklama.sk\/blog\/wp-content\/uploads\/2026\/03\/Scitanie-1930-D.-Mladonice-c.30-dom-Stefana-Bartika-.jpg?w=1600&amp;ssl=1 1600w\" sizes=\"auto, (max-width: 800px) 100vw, 800px\" \/><\/a><\/figure>\n\n\n\n<p class=\"has-text-align-center\">S\u010d\u00edtac\u00ed h\u00e1rok z roku 1930, Doln\u00e9 Mladonice, dom \u010d\u00edslo 30, vtom \u010dase b\u00fdvali v peknom dome, ktor\u00e9mu hovorili &#8222;horn\u00e1 chy\u017ea&#8220;<\/p>\n\n\n\n<figure class=\"wp-block-image aligncenter size-large\"><a href=\"https:\/\/i0.wp.com\/www.atelier-reklama.sk\/blog\/wp-content\/uploads\/2026\/03\/Scitanie-1930-D.-Mladonice-c.30-dom-Stefana-Bartika-1-1.jpg?ssl=1\"><img data-recalc-dims=\"1\" loading=\"lazy\" decoding=\"async\" width=\"800\" height=\"837\" data-attachment-id=\"16326\" data-permalink=\"https:\/\/www.atelier-reklama.sk\/blog\/moj-rodostrom\/scitanie-1930-d-mladonice-c-30-dom-stefana-bartika-2\/\" data-orig-file=\"https:\/\/i0.wp.com\/www.atelier-reklama.sk\/blog\/wp-content\/uploads\/2026\/03\/Scitanie-1930-D.-Mladonice-c.30-dom-Stefana-Bartika-1-1.jpg?fit=1496%2C1564&amp;ssl=1\" data-orig-size=\"1496,1564\" data-comments-opened=\"1\" data-image-meta=\"{&quot;aperture&quot;:&quot;0&quot;,&quot;credit&quot;:&quot;&quot;,&quot;camera&quot;:&quot;&quot;,&quot;caption&quot;:&quot;&quot;,&quot;created_timestamp&quot;:&quot;0&quot;,&quot;copyright&quot;:&quot;&quot;,&quot;focal_length&quot;:&quot;0&quot;,&quot;iso&quot;:&quot;0&quot;,&quot;shutter_speed&quot;:&quot;0&quot;,&quot;title&quot;:&quot;&quot;,&quot;orientation&quot;:&quot;0&quot;}\" data-image-title=\"S\u010ditanie 1930 D. Mladonice c.30 dom \u0160tefana Bart\u00edka\" data-image-description=\"\" data-image-caption=\"\" data-medium-file=\"https:\/\/i0.wp.com\/www.atelier-reklama.sk\/blog\/wp-content\/uploads\/2026\/03\/Scitanie-1930-D.-Mladonice-c.30-dom-Stefana-Bartika-1-1.jpg?fit=287%2C300&amp;ssl=1\" data-large-file=\"https:\/\/i0.wp.com\/www.atelier-reklama.sk\/blog\/wp-content\/uploads\/2026\/03\/Scitanie-1930-D.-Mladonice-c.30-dom-Stefana-Bartika-1-1.jpg?fit=800%2C837&amp;ssl=1\" src=\"https:\/\/i0.wp.com\/www.atelier-reklama.sk\/blog\/wp-content\/uploads\/2026\/03\/Scitanie-1930-D.-Mladonice-c.30-dom-Stefana-Bartika-1-1.jpg?resize=800%2C837&#038;ssl=1\" alt=\"\" class=\"wp-image-16326\" srcset=\"https:\/\/i0.wp.com\/www.atelier-reklama.sk\/blog\/wp-content\/uploads\/2026\/03\/Scitanie-1930-D.-Mladonice-c.30-dom-Stefana-Bartika-1-1.jpg?resize=979%2C1024&amp;ssl=1 979w, https:\/\/i0.wp.com\/www.atelier-reklama.sk\/blog\/wp-content\/uploads\/2026\/03\/Scitanie-1930-D.-Mladonice-c.30-dom-Stefana-Bartika-1-1.jpg?resize=287%2C300&amp;ssl=1 287w, https:\/\/i0.wp.com\/www.atelier-reklama.sk\/blog\/wp-content\/uploads\/2026\/03\/Scitanie-1930-D.-Mladonice-c.30-dom-Stefana-Bartika-1-1.jpg?resize=768%2C803&amp;ssl=1 768w, https:\/\/i0.wp.com\/www.atelier-reklama.sk\/blog\/wp-content\/uploads\/2026\/03\/Scitanie-1930-D.-Mladonice-c.30-dom-Stefana-Bartika-1-1.jpg?resize=1469%2C1536&amp;ssl=1 1469w, https:\/\/i0.wp.com\/www.atelier-reklama.sk\/blog\/wp-content\/uploads\/2026\/03\/Scitanie-1930-D.-Mladonice-c.30-dom-Stefana-Bartika-1-1.jpg?w=1496&amp;ssl=1 1496w\" sizes=\"auto, (max-width: 800px) 100vw, 800px\" \/><\/a><\/figure>\n\n\n\n<p class=\"has-text-align-center\">Niektor\u00e9 d\u00e1tumy sa nezhoduj\u00fa s d\u00e1tumami zap\u00edsan\u00fdmi v matrik\u00e1ch. Napr. majite\u013e domu \u0160tefan Bart\u00edk je na s\u010d\u00edtacom h\u00e1rku uveden\u00fd d\u00e1tum narodenia 13.3.1877, v matrike 20.2.1877.<\/p>\n\n\n\n<p class=\"has-light-green-cyan-background-color has-background has-medium-font-size\">Preh\u013ead historick\u00fdch udalost\u00ed, ktor\u00e9 za\u017eili moji predkovia pod\u013ea AI: Dejiny Slovenska od roku 1740 s\u00fa pr\u00edbehom cesty od feud\u00e1lnej provincie cez n\u00e1rodn\u00e9 obrodenie a\u017e po modern\u00fa republiku.<\/p>\n\n\n\n<p>Tu je preh\u013ead k\u013e\u00fa\u010dov\u00fdch zlomov:<\/p>\n\n\n\n<hr class=\"wp-block-separator has-alpha-channel-opacity\"\/>\n\n\n\n<p><strong>1. Reformy a n\u00e1rodn\u00e9 prebudenie (1740 \u2013 1848)<\/strong><\/p>\n\n\n\n<ul class=\"wp-block-list\">\n<li><strong>1740 \u2013 1780<\/strong>: Vl\u00e1da&nbsp;M\u00e1rie Ter\u00e9zie&nbsp;prin\u00e1\u0161a moderniz\u00e1ciu (\u0161kolstvo, zdravotn\u00edctvo,&nbsp;<strong>Terezi\u00e1nsky urb\u00e1r<\/strong>&nbsp;upravuj\u00faci povinnosti poddan\u00fdch).<\/li>\n\n\n\n<li><strong>1787<\/strong>:&nbsp;<strong>Anton Bernol\u00e1k<\/strong>&nbsp;kodifikuje prv\u00fa spisovn\u00fa sloven\u010dinu na b\u00e1ze kult\u00farnej z\u00e1padosloven\u010diny.<\/li>\n\n\n\n<li><strong>1843<\/strong>:&nbsp;\u013dudov\u00edt \u0160t\u00far&nbsp;a jeho spolupracovn\u00edci na fare v Hlbokom kodifikuj\u00fa modern\u00fa spisovn\u00fa sloven\u010dinu na b\u00e1ze stredoslovensk\u00fdch n\u00e1re\u010d\u00ed.<\/li>\n\n\n\n<li><strong>1848<\/strong>: Vyhl\u00e1senie&nbsp;\u017diadost\u00ed slovensk\u00e9ho n\u00e1roda&nbsp;v Liptovskom Mikul\u00e1\u0161i \u2013 prv\u00fd ucelen\u00fd politick\u00fd program Slov\u00e1kov.<\/li>\n<\/ul>\n\n\n\n<p><strong>2. Formovanie n\u00e1roda v Uhorsku (1849 \u2013 1918)<\/strong><\/p>\n\n\n\n<ul class=\"wp-block-list\">\n<li><strong>1861<\/strong>:&nbsp;Memorandum n\u00e1roda slovensk\u00e9ho&nbsp;\u017eiada auton\u00f3miu (Okolie) a uznanie slovenskej svojbytnosti.<\/li>\n\n\n\n<li><strong>1863<\/strong>: Zalo\u017eenie&nbsp;Matice slovenskej&nbsp;v Martine, ktor\u00e1 sa stala centrom kult\u00farneho \u017eivota.<\/li>\n\n\n\n<li><strong>1875 \u2013 1918<\/strong>: Obdobie tvrdej&nbsp;<strong>ma\u010fariz\u00e1cie<\/strong>; zatvorenie slovensk\u00fdch gymn\u00e1zi\u00ed a Matice slovenskej (Apponyiho \u0161kolsk\u00e9 z\u00e1kony).<\/li>\n\n\n\n<li><strong>1907<\/strong>:&nbsp;<strong>\u010cernovsk\u00e1 trag\u00e9dia<\/strong>&nbsp;\u2013 stre\u013eba do dedin\u010danov v \u010cernovej pritiahla pozornos\u0165 sveta k \u00fatlaku Slov\u00e1kov v Uhorsku.<\/li>\n<\/ul>\n\n\n\n<p><strong>3. Spolo\u010dn\u00fd \u0161t\u00e1t a totalitn\u00e9 re\u017eimy (1918 \u2013 1989)<\/strong><\/p>\n\n\n\n<ul class=\"wp-block-list\">\n<li><strong>1918 (30. okt\u00f3ber)<\/strong>:&nbsp;Martinsk\u00e1 deklar\u00e1cia&nbsp;potvrdzuje rozchod s Uhorskom a vznik&nbsp;<strong>\u010ceskoslovenskej republiky<\/strong>.<\/li>\n\n\n\n<li><strong>1939 \u2013 1945<\/strong>: Vznik prvej&nbsp;<strong>Slovenskej republiky<\/strong>&nbsp;(satelit nacistick\u00e9ho Nemecka) a n\u00e1sledn\u00e9&nbsp;<strong>Slovensk\u00e9 n\u00e1rodn\u00e9 povstanie (1944)<\/strong>&nbsp;proti nacizmu.<\/li>\n\n\n\n<li><strong>1948 (Febru\u00e1r)<\/strong>: Komunistick\u00fd prevrat, za\u010diatok totality a zn\u00e1rod\u0148ovania pod vplyvom ZSSR.<\/li>\n\n\n\n<li><strong>1968<\/strong>: Pokus o reformu socializmu (<strong>Pra\u017esk\u00e1 jar<\/strong>) zastaven\u00fd inv\u00e1ziou vojsk Var\u0161avskej zmluvy; n\u00e1sledn\u00e1 federat\u00edvna \u00faprava \u0161t\u00e1tu.<\/li>\n\n\n\n<li><strong>1989 (November)<\/strong>:&nbsp;Ne\u017en\u00e1 revol\u00facia&nbsp;ukon\u010duje vl\u00e1du komunistickej strany a otv\u00e1ra cestu k demokracii.<\/li>\n<\/ul>\n\n\n\n<p>Celosvetov\u00fd preh\u013ead udalost\u00ed<\/p>\n\n\n\n<p class=\"has-light-green-cyan-background-color has-background has-medium-font-size\">Svetov\u00e9 historick\u00e9 udalosti od roku 1740 do 2026, od AI<\/p>\n\n\n\n<p>Od roku 1790 pre\u0161iel svet b\u00farliv\u00fdmi zmenami, od p\u00e1dov monarchi\u00ed a\u017e po digit\u00e1lnu revol\u00faciu.<\/p>\n\n\n\n<p>Tu je v\u00fdber k\u013e\u00fa\u010dov\u00fdch m\u00ed\u013enikov, ktor\u00e9 formovali modern\u00e9 dejiny:<\/p>\n\n\n\n<hr class=\"wp-block-separator has-alpha-channel-opacity\"\/>\n\n\n\n<p><strong>18. a 19. storo\u010die: Vek revol\u00faci\u00ed a emp\u00edria<\/strong><\/p>\n\n\n\n<p class=\"has-pale-cyan-blue-background-color has-background\">Jozef II. zru\u0161il nevo\u013en\u00edctvo v Uhorsku (v r\u00e1tane \u00fazemia Slovenska) 22.8.1785. Poddan\u00ed sa stali osobne slobodn\u00fdmi, mohli sa s\u0165ahova\u0165, uzatv\u00e1ra\u0165 man\u017eelstv\u00e1 bez s\u00fahlasu zemep\u00e1na a d\u00e1va\u0165 deti na remesl\u00e1. \u00dapln\u00e9 zru\u0161enie poddanstva pri\u0161lo a\u017e v roku 1848.<\/p>\n\n\n\n<ul class=\"wp-block-list\">\n<li><strong>1790<\/strong>: Zomiera osvietensk\u00fd panovn\u00edk&nbsp;<a href=\"https:\/\/sk.wikipedia.org\/wiki\/Jozef_II._(Sv%C3%A4t%C3%A1_r%C3%ADmska_r%C3%AD%C5%A1a)\" target=\"_blank\" rel=\"noreferrer noopener\">Jozef II.<\/a>, \u010d\u00edm sa kon\u010d\u00ed \u00e9ra radik\u00e1lnych reforiem v Habsburskej monarchii.<\/li>\n\n\n\n<li><strong>1792 \u2013 1815<\/strong>:&nbsp;<a href=\"https:\/\/sk.wikipedia.org\/wiki\/Napoleon_Bonaparte\" target=\"_blank\" rel=\"noreferrer noopener\">Napoleonsk\u00e9 vojny<\/a>&nbsp;prekres\u013euj\u00fa mapu Eur\u00f3py a \u0161\u00edria ide\u00e1ly&nbsp;<a href=\"https:\/\/mreferaty.aktuality.sk\/velka-francuzska-revolucia\/referat-4386\" target=\"_blank\" rel=\"noreferrer noopener\">Ve\u013ekej franc\u00fazskej revol\u00facie<\/a>.<\/li>\n\n\n\n<li><strong>1848 \u2013 1849<\/strong>: \u201eJar n\u00e1rodov\u201c \u2013 s\u00e9ria revol\u00faci\u00ed v Eur\u00f3pe za ob\u010dianske slobody a n\u00e1rodn\u00e9 sebaur\u010denie.<\/li>\n\n\n\n<li><strong>1861 \u2013 1865<\/strong>: Americk\u00e1 ob\u010dianska vojna vedie k zru\u0161eniu otroctva v USA.<\/li>\n\n\n\n<li><strong>1871<\/strong>: Zjednotenie Nemecka a vznik Nemeck\u00e9ho cis\u00e1rstva, \u010do z\u00e1sadne men\u00ed rovnov\u00e1hu s\u00edl v Eur\u00f3pe.&nbsp;<\/li>\n\n\n\n<li>K\u013e\u00fa\u010dov\u00e9 inform\u00e1cie o zru\u0161en\u00ed poddanstva:<\/li>\n\n\n\n<li class=\"has-luminous-vivid-amber-color has-text-color has-link-color has-medium-font-size wp-elements-e76c253912c320bce9df159d7a2d9bb6\"><strong>Marcov\u00e9 z\u00e1kony (1848):<\/strong>&nbsp;Zru\u0161enie poddanstva, urb\u00e1rskej povinnosti, rob\u00f4t a d\u00e1vok priniesli tzv. marcov\u00e9 z\u00e1kony prijat\u00e9 po\u010das revolu\u010dn\u00fdch udalost\u00ed v roku 1848.<\/li>\n\n\n\n<li><strong>D\u00f4sledky:<\/strong>&nbsp;Poddan\u00fd sa stal plnopr\u00e1vnym ob\u010danom a vlastn\u00edkom p\u00f4dy, ktor\u00fa dovtedy len u\u017e\u00edval.<\/li>\n<\/ul>\n\n\n\n<p><strong>20. storo\u010die: Svetov\u00e9 vojny a ideol\u00f3gie<\/strong><\/p>\n\n\n\n<ul class=\"wp-block-list\">\n<li><strong>1914 \u2013 1918<\/strong>:&nbsp;<a href=\"https:\/\/ssag.sk\/studovna\/files\/7---Koniec-19.storo-ia-a-za-iatok-20.storo-ia.pdf\" target=\"_blank\" rel=\"noreferrer noopener\">Prv\u00e1 svetov\u00e1 vojna<\/a>&nbsp;prin\u00e1\u0161a rozpad imp\u00e9ri\u00ed (vr\u00e1tane Rak\u00fasko-Uhorska) a vznik nov\u00fdch \u0161t\u00e1tov ako \u010ceskoslovensko.<\/li>\n\n\n\n<li><strong>1939 \u2013 1945<\/strong>:&nbsp;<a href=\"https:\/\/www.zones.sk\/studentske-prace\/dejepis\/7613-20-storocie-vsetko-dolezite-co-sa-udialo\/\" target=\"_blank\" rel=\"noreferrer noopener\">Druh\u00e1 svetov\u00e1 vojna<\/a>, najkrvavej\u0161\u00ed konflikt v dejin\u00e1ch, kon\u010d\u00ed por\u00e1\u017ekou nacizmu a n\u00e1stupom jadrovej \u00e9ry.<\/li>\n\n\n\n<li><strong>1947 \u2013 1991<\/strong>: Studen\u00e1 vojna \u2013 glob\u00e1lne s\u00faperenie medzi USA a ZSSR, rozdelenie sveta na dva bloky.<\/li>\n\n\n\n<li><strong>1969<\/strong>: Prist\u00e1tie \u010dloveka na Mesiaci (misia Apollo 11) symbolizuje vrchol vesm\u00edrnych pretekov.<\/li>\n\n\n\n<li><strong>1989<\/strong>:&nbsp;<a href=\"https:\/\/matica.sk\/category\/udalosti-slovenskych-dejin\/\" target=\"_blank\" rel=\"noreferrer noopener\">Ne\u017en\u00e1 revol\u00facia<\/a>&nbsp;a p\u00e1d Berl\u00ednsk\u00e9ho m\u00faru predznamen\u00e1vaj\u00fa koniec komunistick\u00fdch re\u017eimov v Eur\u00f3pe.&nbsp;<\/li>\n<\/ul>\n\n\n\n<p><strong>21. storo\u010die: Globaliz\u00e1cia a technol\u00f3gie<\/strong><\/p>\n\n\n\n<ul class=\"wp-block-list\">\n<li><strong>2001<\/strong>: Teroristick\u00e9 \u00fatoky 11. septembra v USA menia glob\u00e1lnu bezpe\u010dnostn\u00fa politiku.<\/li>\n\n\n\n<li><strong>2004<\/strong>: Najv\u00e4\u010d\u0161ie roz\u0161\u00edrenie Eur\u00f3pskej \u00fanie, ku ktor\u00e9mu sa pripojilo aj Slovensko.<\/li>\n\n\n\n<li><strong>2020<\/strong>: Pand\u00e9mia COVID-19 zasiahla cel\u00fd svet a ur\u00fdchlila digit\u00e1lnu transform\u00e1ciu spolo\u010dnosti.<\/li>\n<\/ul>\n\n\n\n<hr class=\"wp-block-separator has-alpha-channel-opacity\"\/>\n\n\n\n<p class=\"has-light-green-cyan-background-color has-background has-medium-font-size\">Historick\u00e9 udalosti v Rak\u00fasko-Uhorskej monarchii od roku 1740?<\/p>\n\n\n\n<p>Hist\u00f3ria habsburskej monarchie od roku 1740 zah\u0155\u0148a prechod od absolutizmu k reform\u00e1m, vznik Rak\u00faskeho cis\u00e1rstva a nakoniec vytvorenie du\u00e1lnej monarchie Rak\u00fasko-Uhorsko v roku 1867.<\/p>\n\n\n\n<p>Tu s\u00fa k\u013e\u00fa\u010dov\u00e9 historick\u00e9 udalosti zoraden\u00e9 chronologicky:<\/p>\n\n\n\n<p><strong>\u00c9ra osvietensk\u00e9ho absolutizmu (1740 \u2013 1792)<\/strong><\/p>\n\n\n\n<ul class=\"wp-block-list\">\n<li><strong>1740<\/strong>: Nast\u00fapenie&nbsp;<strong>M\u00e1rie Ter\u00e9zie<\/strong>&nbsp;na tr\u00f3n po smrti Karola VI. na z\u00e1klade Pragmatickej sankcie.<\/li>\n\n\n\n<li><strong>1740 \u2013 1748<\/strong>:&nbsp;<strong>Vojna o rak\u00faske dedi\u010dstvo<\/strong>, v ktorej musela M\u00e1ria Ter\u00e9zia obh\u00e1ji\u0165 svoje pr\u00e1vo na tr\u00f3n; strata Sliezska v prospech Pruska.<\/li>\n\n\n\n<li class=\"has-luminous-vivid-amber-color has-text-color has-link-color has-medium-font-size wp-elements-bec0dd80297e2618efc35cda2520bef5\"><strong>1780 \u2013 1790<\/strong>: Vl\u00e1da&nbsp;<strong>Jozefa II.<\/strong>, syna M\u00e1rie Ter\u00e9zie, zn\u00e1meho radik\u00e1lnymi reformami, ako bol Toleran\u010dn\u00fd patent (n\u00e1bo\u017eensk\u00e1 sloboda) a zru\u0161enie nevo\u013en\u00edctva v rak\u00faskych krajin\u00e1ch.&nbsp;<\/li>\n<\/ul>\n\n\n\n<p><strong>Napoleonsk\u00e9 vojny a Rak\u00faske cis\u00e1rstvo (1792 \u2013 1848)<\/strong><\/p>\n\n\n\n<ul class=\"wp-block-list\">\n<li><strong>1804<\/strong>: Franti\u0161ek II. vyhlasuje&nbsp;<strong>Rak\u00faske cis\u00e1rstvo<\/strong>&nbsp;(ako reakciu na Napoleonov titul cis\u00e1ra).<\/li>\n\n\n\n<li><strong>1806<\/strong>: Z\u00e1nik Sv\u00e4tej r\u00ed\u0161e r\u00edmskej n\u00e1roda nemeck\u00e9ho pod tlakom Napoleona; rak\u00faski panovn\u00edci u\u017e pou\u017e\u00edvaj\u00fa len titul rak\u00faskeho cis\u00e1ra.<\/li>\n\n\n\n<li><strong>1814 \u2013 1815<\/strong>:&nbsp;<strong>Viedensk\u00fd kongres<\/strong>, ktor\u00fd po por\u00e1\u017eke Napoleona ur\u010dil nov\u00e9 hranice Eur\u00f3py a upevnil postavenie Rak\u00faska ako ve\u013emoci.<\/li>\n\n\n\n<li><strong>1848 \u2013 1849<\/strong>: Revolu\u010dn\u00e9 hnutia v celej monarchii; p\u00e1d Metternichovho re\u017eimu a n\u00e1stup mlad\u00e9ho&nbsp;<strong>Franti\u0161ka Jozefa I.<\/strong>&nbsp;na tr\u00f3n.&nbsp;<\/li>\n<\/ul>\n\n\n\n<p><strong>Rak\u00fasko-Uhorsko a cesta k z\u00e1niku (1867 \u2013 1918)<\/strong><\/p>\n\n\n\n<ul class=\"wp-block-list\">\n<li><strong>1867<\/strong>:&nbsp;<strong>Rak\u00fasko-ma\u010farsk\u00e9 vyrovnanie<\/strong>&nbsp;\u2013 vznik du\u00e1lneho \u0161t\u00e1tneho \u00fatvaru&nbsp;<strong>Rak\u00fasko-Uhorsko<\/strong>, spojen\u00e9ho osobou panovn\u00edka, zahrani\u010dnou politikou, arm\u00e1dou a financiami.<\/li>\n\n\n\n<li><strong>1879<\/strong>: Vznik Trojspolku (spojenectvo s Nemeckom a Talianskom), \u010do predur\u010dilo smerovanie zahrani\u010dnej politiky.<\/li>\n\n\n\n<li><strong>1914<\/strong>: Atent\u00e1t na arcivojvodu&nbsp;<strong>Franti\u0161ka Ferdinanda d\u2019Este<\/strong>&nbsp;v Sarajeve, ktor\u00fd sa stal z\u00e1mienkou pre vypuknutie prvej svetovej vojny.<\/li>\n\n\n\n<li><strong>1916<\/strong>: Smr\u0165 dlhoro\u010dn\u00e9ho cis\u00e1ra Franti\u0161ka Jozefa I.; na tr\u00f3n nastupuje Karol I..<\/li>\n\n\n\n<li><strong>1918<\/strong>: Por\u00e1\u017eka v prvej svetovej vojne a n\u00e1sledn\u00fd&nbsp;<strong>rozpad monarchie<\/strong>&nbsp;v okt\u00f3bri a novembri, \u010do viedlo k vzniku n\u00e1stupn\u00edckych \u0161t\u00e1tov vr\u00e1tane \u010ceskoslovenska.&nbsp;<\/li>\n<\/ul>\n\n\n\n<p class=\"has-pale-cyan-blue-background-color has-background has-medium-font-size\">Oremov laz patril pod panstvo v Modrom Kameni, Senohrad patril panstvu na Bzov\u00edku. Viac na AI<\/p>\n\n\n\n<p><strong><u>Pod ak\u00e9 panstvo patril Oremov laz?<\/u><\/strong><strong><u><\/u><\/strong><\/p>\n\n\n\n<p>Oremov Laz (dnes s\u00fa\u010das\u0165&nbsp;<a href=\"https:\/\/sk.wikipedia.org\/wiki\/Le%C5%A1%C5%A5_(vojensk%C3%BD_obvod)\" target=\"_blank\" rel=\"noreferrer noopener\">Vojensk\u00e9ho obvodu Le\u0161\u0165<\/a>) historicky patril pod&nbsp;<strong>Modrokamensk\u00e9 panstvo<\/strong>&nbsp;(zn\u00e1me aj ako panstvo Modr\u00fd Kame\u0148), ktor\u00e9 vlastnil v\u00fdznamn\u00fd rod&nbsp;<strong>Bala\u0161ovcov<\/strong>&nbsp;(Balassa).&nbsp;<\/p>\n\n\n\n<p>Tu je nieko\u013eko k\u013e\u00fa\u010dov\u00fdch historick\u00fdch faktov o tejto oblasti:<\/p>\n\n\n\n<ul class=\"wp-block-list\">\n<li><strong>Poddansk\u00e1 pr\u00edslu\u0161nos\u0165:<\/strong>&nbsp;Obec Le\u0161\u0165, ku ktorej Oremov Laz patril, sa v historick\u00fdch z\u00e1znamoch uv\u00e1dza ako poddansk\u00e1 obec hradu Modr\u00fd Kame\u0148.<\/li>\n\n\n\n<li><strong>Majitelia:<\/strong>&nbsp;Od 16. storo\u010dia bolo \u00fazemie v ruk\u00e1ch rodiny Bala\u0161ovcov. Po\u010das tureckej okup\u00e1cie v 16. a 17. storo\u010d\u00ed bolo \u00fazemie \u010diasto\u010dne kontrolovan\u00e9 aj Osmanmi, no po ich vyhnan\u00ed sa vr\u00e1tilo pod spr\u00e1vu modrokamensk\u00e9ho panstva.<\/li>\n<\/ul>\n\n\n\n<ul class=\"wp-block-list\">\n<li><strong>Vznik vojensk\u00e9ho priestoru:<\/strong>&nbsp;\u00c9ra panstiev sa skon\u010dila zru\u0161en\u00edm poddanstva v roku 1848. Samotn\u00fd Oremov Laz sa za\u010dal meni\u0165 na vojensk\u00fd objekt po roku 1932, kedy tu vznikol vojensk\u00fd t\u00e1bor. Definit\u00edvny z\u00e1nik civiln\u00e9ho os\u00eddlenia a vznik uzavret\u00e9ho vojensk\u00e9ho obvodu nastal v roku 1950.&nbsp;<\/li>\n<\/ul>\n\n\n\n<p>Senohrad patril pod Bzov\u00edcke panstvo?<\/p>\n\n\n\n<p>\u00c1no, obec&nbsp;<strong>Senohrad<\/strong>&nbsp;historicky patrila pod&nbsp;<strong>Bzov\u00edcke panstvo<\/strong>.&nbsp;<\/p>\n\n\n\n<p>Tu je stru\u010dn\u00fd preh\u013ead jej historickej pr\u00edslu\u0161nosti:<\/p>\n\n\n\n<ul class=\"wp-block-list\">\n<li><strong>P\u00f4vodn\u00ed majitelia:<\/strong>&nbsp;Obec sa v listin\u00e1ch spom\u00edna u\u017e v roku 1135 (ako&nbsp;<em>Zenerag<\/em>). P\u00f4vodne bola majetkom rodu&nbsp;<strong>Hunt-Poznanovcov<\/strong>, ktor\u00ed boli zakladate\u013emi bzov\u00edckeho kl\u00e1\u0161tora.<\/li>\n\n\n\n<li><strong>Kl\u00e1\u0161torn\u00e9 panstvo:<\/strong>&nbsp;Nesk\u00f4r sa Senohrad stal s\u00fa\u010das\u0165ou majetkov bzov\u00edckeho op\u00e1tstva (kl\u00e1\u0161torn\u00e9ho panstva).<\/li>\n\n\n\n<li><strong>Zmena spr\u00e1vy:<\/strong>&nbsp;Po reform\u00e1cii a neskor\u0161\u00edch zmen\u00e1ch v dr\u017ebe majetkov bzov\u00edcke panstvo spravovali r\u00f4zni vlastn\u00edci, vr\u00e1tane jezuitov a nesk\u00f4r ostrihomsk\u00e9ho semin\u00e1ra. Pod bzov\u00edcke panstvo patrila obec a\u017e do jeho definit\u00edvneho z\u00e1niku v roku 1925.&nbsp;<\/li>\n<\/ul>\n\n\n\n<p><\/p>\n","protected":false},"excerpt":{"rendered":"<p>Anna \u010cep\u00e1kov\u00e1, \u010d\u00edslo z\u00e1znamu 2026\/1\/174, pr\u00e1vo pou\u017eitia-nekomer\u010dn\u00e9 \u00fa\u010dely. Oprava: m\u00f4j pra-prastar\u00fd otec \u0160tefan Bart\u00edk sa narodil 8.12. 1842, nie 8.2.1842.<\/p>\n","protected":false},"author":1,"featured_media":16265,"comment_status":"open","ping_status":"open","sticky":false,"template":"","format":"standard","meta":{"_exactmetrics_skip_tracking":false,"_exactmetrics_sitenote_active":false,"_exactmetrics_sitenote_note":"","_exactmetrics_sitenote_category":0,"jetpack_post_was_ever_published":false,"_jetpack_newsletter_access":"","_jetpack_dont_email_post_to_subs":false,"_jetpack_newsletter_tier_id":0,"_jetpack_memberships_contains_paywalled_content":false,"_jetpack_memberships_contains_paid_content":false,"footnotes":"","jetpack_publicize_message":"","jetpack_publicize_feature_enabled":true,"jetpack_social_post_already_shared":true,"jetpack_social_options":{"image_generator_settings":{"template":"highway","enabled":false},"version":2}},"categories":[4],"tags":[],"class_list":["post-16147","post","type-post","status-publish","format-standard","has-post-thumbnail","hentry","category-zaujimavosti"],"jetpack_publicize_connections":[],"jetpack_featured_media_url":"https:\/\/i0.wp.com\/www.atelier-reklama.sk\/blog\/wp-content\/uploads\/2026\/03\/3.-RODOSTROM-PRAZDNY-S-ORNAMENTOM-OKOLO-scaled.jpg?fit=2560%2C1810&ssl=1","jetpack_sharing_enabled":true,"jetpack_shortlink":"https:\/\/wp.me\/paKGI9-4cr","jetpack-related-posts":[],"_links":{"self":[{"href":"https:\/\/www.atelier-reklama.sk\/blog\/wp-json\/wp\/v2\/posts\/16147","targetHints":{"allow":["GET"]}}],"collection":[{"href":"https:\/\/www.atelier-reklama.sk\/blog\/wp-json\/wp\/v2\/posts"}],"about":[{"href":"https:\/\/www.atelier-reklama.sk\/blog\/wp-json\/wp\/v2\/types\/post"}],"author":[{"embeddable":true,"href":"https:\/\/www.atelier-reklama.sk\/blog\/wp-json\/wp\/v2\/users\/1"}],"replies":[{"embeddable":true,"href":"https:\/\/www.atelier-reklama.sk\/blog\/wp-json\/wp\/v2\/comments?post=16147"}],"version-history":[{"count":56,"href":"https:\/\/www.atelier-reklama.sk\/blog\/wp-json\/wp\/v2\/posts\/16147\/revisions"}],"predecessor-version":[{"id":16354,"href":"https:\/\/www.atelier-reklama.sk\/blog\/wp-json\/wp\/v2\/posts\/16147\/revisions\/16354"}],"wp:featuredmedia":[{"embeddable":true,"href":"https:\/\/www.atelier-reklama.sk\/blog\/wp-json\/wp\/v2\/media\/16265"}],"wp:attachment":[{"href":"https:\/\/www.atelier-reklama.sk\/blog\/wp-json\/wp\/v2\/media?parent=16147"}],"wp:term":[{"taxonomy":"category","embeddable":true,"href":"https:\/\/www.atelier-reklama.sk\/blog\/wp-json\/wp\/v2\/categories?post=16147"},{"taxonomy":"post_tag","embeddable":true,"href":"https:\/\/www.atelier-reklama.sk\/blog\/wp-json\/wp\/v2\/tags?post=16147"}],"curies":[{"name":"wp","href":"https:\/\/api.w.org\/{rel}","templated":true}]}}