{"id":12544,"date":"2023-03-03T15:00:00","date_gmt":"2023-03-03T15:00:00","guid":{"rendered":"https:\/\/www.atelier-reklama.sk\/blog\/?p=12544"},"modified":"2026-03-25T09:23:03","modified_gmt":"2026-03-25T09:23:03","slug":"moj-krekacsky-kroj-a-jeho-prekreslene-vzory-spolu","status":"publish","type":"post","link":"https:\/\/www.atelier-reklama.sk\/blog\/moj-krekacsky-kroj-a-jeho-prekreslene-vzory-spolu\/","title":{"rendered":"\u013dUDOV\u00dd ODEV\/KROJ Z OKOLIA BZOV\u00cdKA"},"content":{"rendered":"\n<p>Anna \u010cep\u00e1kov\u00e1, \u010d\u00edslo z\u00e1znamu 2023\/5\/154, pr\u00e1vo pou\u017eitia nekomer\u010dn\u00e9 \u00fa\u010dely<\/p>\n\n\n\n<p>VZORY SOM PREKRES\u013dOVALA NA FORM\u00c1T A3, PO VYTLA\u010cEN\u00cd BUD\u00da V POMERE 1:1<\/p>\n\n\n\n<h2 class=\"wp-block-heading\">P\u00e1r slov na \u00favod<\/h2>\n\n\n\n<p>\u010casto v mojom blogu pou\u017e\u00edvam term\u00edn KROJ, viem, \u017ee v roku 1953 sa odborn\u00edci dohodli na v\u00fdsti\u017enej\u0161om pomenovan\u00ed tradi\u010dn\u00e9ho odevu a to je \u013dUDOV\u00dd ODEV. V hovorovej re\u010di sa st\u00e1le pou\u017e\u00edva p\u00f4vodn\u00fd n\u00e1zov KROJ, aj mne sa tento v\u00fdraz viac p\u00e1\u010di. <\/p>\n\n\n\n<p>V s\u00fa\u010dasnosti na Slovensku rastie z\u00e1ujem o \u013eudov\u00e9 umenie a aj o \u013eudov\u00e9 v\u00fd\u0161ivky. Do skupiny obdivovate\u013eov patr\u00edm aj ja. Obdivujem r\u00f4znorodos\u0165 prvkov, mot\u00edvov, techn\u00edk, farieb a to ako oby\u010dajn\u00ed \u013eudia, bez v\u00fdtvarn\u00e9ho vzdelania, mnoh\u00ed nevedeli ani \u010d\u00edta\u0165, p\u00edsa\u0165 a aj napriek tomu dok\u00e1zali vytvori\u0165 prekr\u00e1sne &#8222;umeleck\u00e9 diela,&#8220; dok\u00e1zali ka\u017ed\u00fa s\u00fa\u010diastku dokonale zladi\u0165 do prekr\u00e1sneho celku, boli v\u017edy upraven\u00ed od hlavy a\u017e po p\u00e4ty dodr\u017eiavaj\u00fac pr\u00edsne pravidl\u00e1,  ustrojen\u00ed pod\u013ea pohlavia, veku, pr\u00edle\u017eitosti. Fascinuj\u00fa ma drobulink\u00e9 kr\u00ed\u017eiky vy\u0161it\u00e9 cez dve tenk\u00e9 nite, ktor\u00fdmi vy\u0161\u00edvali z rubovej strany, zdobili svoj odev.<\/p>\n\n\n\n<p>Postupne \u013eudia na dedin\u00e1ch, samot\u00e1ch odkladali svoj kroj a preberali mestsk\u00fd odev, ktor\u00fd nemal tak\u00fa hodnotu ako p\u00f4vodn\u00fd \u013eudov\u00fd, no \u013eah\u0161ie sa udr\u017eiaval, bol praktickej\u0161\u00ed na nosenie. <\/p>\n\n\n\n<p>Patr\u00edm do skupiny \u013eud\u00ed, ktor\u00ed zdedili mal\u00fa \u010das\u0165 kroja, druh\u00fa \u010das\u0165 mojej zbierky tvoria k\u00fapen\u00e9 odevn\u00e9 s\u00fa\u010diastky, v\u00e4\u010d\u0161inou na baz\u00e1re, z druhej ruky.  \u017dia\u013e pred\u00e1vaj\u00faci mi vedel poveda\u0165 len to z akej dediny vec poch\u00e1dza a aj to nie v\u017edy spr\u00e1vne, p\u00f4vodn\u00fd tvorca, vlastn\u00edk  tak zost\u00e1va  nezn\u00e1my. \u010eal\u0161\u00ed probl\u00e9m je aj vtom, \u017ee miesto n\u00e1lezu nemus\u00ed by\u0165 toto\u017en\u00e9 s miestom, kde odevn\u00e1 s\u00fa\u010diastka bola p\u00f4vodne vytvoren\u00e1. <\/p>\n\n\n\n<p>Ke\u010f prekres\u013eujem tak\u00e9to v\u00fd\u0161ivky, aby som vedela pre\u010d\u00edta\u0165 kr\u00ed\u017eiky, tak potrebujem lupu, alebo si vzor odfot\u00edm, n\u00e1sledne stiahnem do po\u010d\u00edta\u010da, pribl\u00ed\u017eim, zv\u00e4\u010d\u0161\u00edm a n\u00e1sledne zazna\u010d\u00edm do \u0161tvorcov 3x3mm na \u0161tvor\u010dekov\u00fd papier, form\u00e1t A3, aby sa mi vmestil ucelen\u00fd vzor, ktor\u00fd sa potom opakuje. Pln\u00fa v\u00fd\u0161ivku prekres\u013eujem na pauzovac\u00ed papier priamo z odevu najsk\u00f4r na &#8222;ne\u010disto&#8220; a potom e\u0161te raz, niekedy aj viackr\u00e1t s nezm\u00fdvate\u013enou fixkou s najten\u0161\u00edm hrotom. Takto prekreslen\u00e9 vzory obohacuj\u00fa moju zbierku krojov, ich vzorov, no z\u00e1rove\u0148 prostredn\u00edctvom tohto blogu pon\u00fakam \u013eu\u010fom, ktor\u00ed radi vy\u0161\u00edvaj\u00fa, na nekomer\u010dn\u00e9 \u00fa\u010dely, mo\u017enos\u0165 pod\u013ea mnou prekreslen\u00fdch vzorov vy\u0161\u00edva\u0165. <\/p>\n\n\n\n<p>Budem rada, ak prostredn\u00edctvom tohto blogu vzbud\u00edm z\u00e1ujem o vy\u0161\u00edvanie a t\u00fdm sa napln\u00ed moje poslanie (rob\u00edm to bez finan\u010dnej odmeny). Do dne\u0161n\u00e9ho d\u0148a je na mojom blogu skoro 140 tis\u00edc vzhliadnut\u00ed a ja m\u00e1m z toho ve\u013ek\u00fa rados\u0165.<\/p>\n\n\n\n<h2 class=\"wp-block-heading has-text-align-center\">Moji predkovia, sedliaci<\/h2>\n\n\n\n<figure class=\"wp-block-image aligncenter\"><img decoding=\"async\" data-attachment-id=\"8913\" data-permalink=\"https:\/\/www.atelier-reklama.sk\/blog\/about\/ocenasovci\/\" data-orig-file=\"https:\/\/i0.wp.com\/www.atelier-reklama.sk\/blog\/wp-content\/uploads\/2020\/04\/O%C4%8Den%C3%A1%C5%A1ovci.png?fit=800%2C505&amp;ssl=1\" data-orig-size=\"800,505\" data-comments-opened=\"1\" data-image-meta=\"{&quot;aperture&quot;:&quot;0&quot;,&quot;credit&quot;:&quot;&quot;,&quot;camera&quot;:&quot;&quot;,&quot;caption&quot;:&quot;&quot;,&quot;created_timestamp&quot;:&quot;0&quot;,&quot;copyright&quot;:&quot;&quot;,&quot;focal_length&quot;:&quot;0&quot;,&quot;iso&quot;:&quot;0&quot;,&quot;shutter_speed&quot;:&quot;0&quot;,&quot;title&quot;:&quot;&quot;,&quot;orientation&quot;:&quot;0&quot;}\" data-image-title=\"O\u010den\u00e1\u0161ovci\" data-image-description=\"\" data-image-caption=\"\" data-medium-file=\"https:\/\/i0.wp.com\/www.atelier-reklama.sk\/blog\/wp-content\/uploads\/2020\/04\/O%C4%8Den%C3%A1%C5%A1ovci.png?fit=300%2C189&amp;ssl=1\" data-large-file=\"https:\/\/i0.wp.com\/www.atelier-reklama.sk\/blog\/wp-content\/uploads\/2020\/04\/O%C4%8Den%C3%A1%C5%A1ovci.png?fit=800%2C505&amp;ssl=1\" src=\"https:\/\/i1.wp.com\/www.atelier-reklama.sk\/blog\/wp-content\/uploads\/2020\/04\/O%C4%8Den%C3%A1%C5%A1ovci.png?w=800&amp;ssl=1\" alt=\"\" class=\"wp-image-8913\"\/><figcaption class=\"wp-element-caption\">O\u010den\u00e1\u0161ovci, gazdovia, rok 1934, dc\u00e9ry, vnu\u010dky s\u00fa hornia\u010dky, 2 nevesty krek\u00e1\u010dky (v tomto obdob\u00ed sa len v\u00fdnimo\u010dne sob\u00e1\u0161ili horniaci s krk\u00e1\u010dkami a opa\u010dne, po 2. svet. vojne to bolo be\u017en\u00e9). Na fotografii sediaci chlap\u010dek tret\u00ed sprava je m\u00f4j otec \u0160tefan O\u010den\u00e1\u0161, ke\u010f mal 5 rokov.<\/figcaption><\/figure>\n\n\n\n<figure class=\"wp-block-image aligncenter size-large\"><a href=\"https:\/\/i0.wp.com\/www.atelier-reklama.sk\/blog\/wp-content\/uploads\/2023\/03\/Ocenasovci-s-menami-rok-1934.jpg?ssl=1\"><img data-recalc-dims=\"1\" loading=\"lazy\" decoding=\"async\" width=\"800\" height=\"582\" data-attachment-id=\"16346\" data-permalink=\"https:\/\/www.atelier-reklama.sk\/blog\/moj-krekacsky-kroj-a-jeho-prekreslene-vzory-spolu\/ocenasovci-s-menami-rok-1934-2\/\" data-orig-file=\"https:\/\/i0.wp.com\/www.atelier-reklama.sk\/blog\/wp-content\/uploads\/2023\/03\/Ocenasovci-s-menami-rok-1934.jpg?fit=2338%2C1700&amp;ssl=1\" data-orig-size=\"2338,1700\" data-comments-opened=\"1\" data-image-meta=\"{&quot;aperture&quot;:&quot;0&quot;,&quot;credit&quot;:&quot;&quot;,&quot;camera&quot;:&quot;&quot;,&quot;caption&quot;:&quot;&quot;,&quot;created_timestamp&quot;:&quot;0&quot;,&quot;copyright&quot;:&quot;&quot;,&quot;focal_length&quot;:&quot;0&quot;,&quot;iso&quot;:&quot;0&quot;,&quot;shutter_speed&quot;:&quot;0&quot;,&quot;title&quot;:&quot;&quot;,&quot;orientation&quot;:&quot;0&quot;}\" data-image-title=\"O\u010den\u00e1\u0161ovci-s-menami rok 1934\" data-image-description=\"\" data-image-caption=\"\" data-medium-file=\"https:\/\/i0.wp.com\/www.atelier-reklama.sk\/blog\/wp-content\/uploads\/2023\/03\/Ocenasovci-s-menami-rok-1934.jpg?fit=300%2C218&amp;ssl=1\" data-large-file=\"https:\/\/i0.wp.com\/www.atelier-reklama.sk\/blog\/wp-content\/uploads\/2023\/03\/Ocenasovci-s-menami-rok-1934.jpg?fit=800%2C582&amp;ssl=1\" src=\"https:\/\/i0.wp.com\/www.atelier-reklama.sk\/blog\/wp-content\/uploads\/2023\/03\/Ocenasovci-s-menami-rok-1934.jpg?resize=800%2C582&#038;ssl=1\" alt=\"\" class=\"wp-image-16346\" srcset=\"https:\/\/i0.wp.com\/www.atelier-reklama.sk\/blog\/wp-content\/uploads\/2023\/03\/Ocenasovci-s-menami-rok-1934.jpg?resize=1024%2C745&amp;ssl=1 1024w, https:\/\/i0.wp.com\/www.atelier-reklama.sk\/blog\/wp-content\/uploads\/2023\/03\/Ocenasovci-s-menami-rok-1934.jpg?resize=300%2C218&amp;ssl=1 300w, https:\/\/i0.wp.com\/www.atelier-reklama.sk\/blog\/wp-content\/uploads\/2023\/03\/Ocenasovci-s-menami-rok-1934.jpg?resize=768%2C558&amp;ssl=1 768w, https:\/\/i0.wp.com\/www.atelier-reklama.sk\/blog\/wp-content\/uploads\/2023\/03\/Ocenasovci-s-menami-rok-1934.jpg?resize=1536%2C1117&amp;ssl=1 1536w, https:\/\/i0.wp.com\/www.atelier-reklama.sk\/blog\/wp-content\/uploads\/2023\/03\/Ocenasovci-s-menami-rok-1934.jpg?resize=2048%2C1489&amp;ssl=1 2048w, https:\/\/i0.wp.com\/www.atelier-reklama.sk\/blog\/wp-content\/uploads\/2023\/03\/Ocenasovci-s-menami-rok-1934.jpg?w=1600&amp;ssl=1 1600w\" sizes=\"auto, (max-width: 800px) 100vw, 800px\" \/><\/a><\/figure>\n\n\n\n<figure class=\"wp-block-image aligncenter\"><img decoding=\"async\" data-attachment-id=\"12479\" data-permalink=\"https:\/\/www.atelier-reklama.sk\/blog\/about\/sinfo19032010220_0015\/\" data-orig-file=\"https:\/\/i0.wp.com\/www.atelier-reklama.sk\/blog\/wp-content\/uploads\/2023\/03\/Sinfo19032010220_0015-scaled.jpg?fit=2560%2C1707&amp;ssl=1\" data-orig-size=\"2560,1707\" data-comments-opened=\"1\" data-image-meta=\"{&quot;aperture&quot;:&quot;0&quot;,&quot;credit&quot;:&quot;&quot;,&quot;camera&quot;:&quot;&quot;,&quot;caption&quot;:&quot;&quot;,&quot;created_timestamp&quot;:&quot;0&quot;,&quot;copyright&quot;:&quot;&quot;,&quot;focal_length&quot;:&quot;0&quot;,&quot;iso&quot;:&quot;0&quot;,&quot;shutter_speed&quot;:&quot;0&quot;,&quot;title&quot;:&quot;&quot;,&quot;orientation&quot;:&quot;1&quot;}\" data-image-title=\"Sinfo19032010220_0015\" data-image-description=\"\" data-image-caption=\"\" data-medium-file=\"https:\/\/i0.wp.com\/www.atelier-reklama.sk\/blog\/wp-content\/uploads\/2023\/03\/Sinfo19032010220_0015-scaled.jpg?fit=300%2C200&amp;ssl=1\" data-large-file=\"https:\/\/i0.wp.com\/www.atelier-reklama.sk\/blog\/wp-content\/uploads\/2023\/03\/Sinfo19032010220_0015-scaled.jpg?fit=800%2C534&amp;ssl=1\" src=\"https:\/\/i0.wp.com\/www.atelier-reklama.sk\/blog\/wp-content\/uploads\/2023\/03\/Sinfo19032010220_0015.jpg?resize=800%2C534&amp;ssl=1\" alt=\"\" class=\"wp-image-12479\"\/><figcaption class=\"wp-element-caption\">O\u010den\u00e1\u0161ovci na majeri ( v katastri Doln\u00fd Jal\u0161ov\u00edk, okr. Krupina), fotografia vznikla asi v roku 1939, m\u00f4j otec vpredu druh\u00fd sprava, jeho mama, moja stark\u00e1 Margita O\u010den\u00e1\u0161ov\u00e1, rod. Stehl\u00edkov\u00e1 je tretia z\u013eava<\/figcaption><\/figure>\n\n\n\n<figure class=\"wp-block-image aligncenter\"><img decoding=\"async\" data-attachment-id=\"12478\" data-permalink=\"https:\/\/www.atelier-reklama.sk\/blog\/about\/starka-margita-ocenasova\/\" data-orig-file=\"https:\/\/i0.wp.com\/www.atelier-reklama.sk\/blog\/wp-content\/uploads\/2023\/03\/Stark%C3%A1-Margita-O%C4%8Den%C3%A1%C5%A1ov%C3%A1.jpg?fit=267%2C369&amp;ssl=1\" data-orig-size=\"267,369\" data-comments-opened=\"1\" data-image-meta=\"{&quot;aperture&quot;:&quot;0&quot;,&quot;credit&quot;:&quot;&quot;,&quot;camera&quot;:&quot;&quot;,&quot;caption&quot;:&quot;&quot;,&quot;created_timestamp&quot;:&quot;1677054170&quot;,&quot;copyright&quot;:&quot;&quot;,&quot;focal_length&quot;:&quot;0&quot;,&quot;iso&quot;:&quot;0&quot;,&quot;shutter_speed&quot;:&quot;0&quot;,&quot;title&quot;:&quot;&quot;,&quot;orientation&quot;:&quot;1&quot;}\" data-image-title=\"Stark\u00e1-Margita-O\u010den\u00e1\u0161ov\u00e1\" data-image-description=\"\" data-image-caption=\"\" data-medium-file=\"https:\/\/i0.wp.com\/www.atelier-reklama.sk\/blog\/wp-content\/uploads\/2023\/03\/Stark%C3%A1-Margita-O%C4%8Den%C3%A1%C5%A1ov%C3%A1.jpg?fit=217%2C300&amp;ssl=1\" data-large-file=\"https:\/\/i0.wp.com\/www.atelier-reklama.sk\/blog\/wp-content\/uploads\/2023\/03\/Stark%C3%A1-Margita-O%C4%8Den%C3%A1%C5%A1ov%C3%A1.jpg?fit=267%2C369&amp;ssl=1\" src=\"https:\/\/i2.wp.com\/www.atelier-reklama.sk\/blog\/wp-content\/uploads\/2023\/03\/Stark%C3%A1-Margita-O%C4%8Den%C3%A1%C5%A1ov%C3%A1.jpg?w=800&amp;ssl=1\" alt=\"\" class=\"wp-image-12478\"\/><figcaption class=\"wp-element-caption\">Moja stark\u00e1 Margita O\u010den\u00e1\u0161ov\u00e1, rod. Stehl\u00edkov\u00e1, nar. 8.8.1898 Detva-Pie\u0161\u0165, ke\u010f mala 10 rokov sa pres\u0165ahovala s rodi\u010dmi do \u010cekoviec, vydala sa na O\u010den\u00e1\u0161ov majer, zomrela 16.6.1974 na Bov\u00edku-O\u010den\u00e1\u0161ovom laze,  bola hornia\u010dka. <\/figcaption><\/figure>\n\n\n\n<figure class=\"wp-block-image aligncenter\"><img loading=\"lazy\" decoding=\"async\" width=\"1600\" height=\"2543\" data-attachment-id=\"8902\" data-permalink=\"https:\/\/www.atelier-reklama.sk\/blog\/sken-10092018-juraj-1906-dorota-bartik-a-deti-jozef-a-anna-2\/\" data-orig-file=\"https:\/\/i0.wp.com\/www.atelier-reklama.sk\/blog\/wp-content\/uploads\/2020\/04\/Sken-10092018-Juraj-1906-Dorota-Bartik-a-deti-Jozef-a-Anna.jpg?fit=1600%2C2543&amp;ssl=1\" data-orig-size=\"1600,2543\" data-comments-opened=\"1\" data-image-meta=\"{&quot;aperture&quot;:&quot;0&quot;,&quot;credit&quot;:&quot;&quot;,&quot;camera&quot;:&quot;&quot;,&quot;caption&quot;:&quot;&quot;,&quot;created_timestamp&quot;:&quot;0&quot;,&quot;copyright&quot;:&quot;&quot;,&quot;focal_length&quot;:&quot;0&quot;,&quot;iso&quot;:&quot;0&quot;,&quot;shutter_speed&quot;:&quot;0&quot;,&quot;title&quot;:&quot;&quot;,&quot;orientation&quot;:&quot;1&quot;}\" data-image-title=\"Sken-10092018-Juraj-1906-Dorota-Bartik-a-deti-Jozef-a-Anna\" data-image-description=\"\" data-image-caption=\"\" data-medium-file=\"https:\/\/i0.wp.com\/www.atelier-reklama.sk\/blog\/wp-content\/uploads\/2020\/04\/Sken-10092018-Juraj-1906-Dorota-Bartik-a-deti-Jozef-a-Anna.jpg?fit=189%2C300&amp;ssl=1\" data-large-file=\"https:\/\/i0.wp.com\/www.atelier-reklama.sk\/blog\/wp-content\/uploads\/2020\/04\/Sken-10092018-Juraj-1906-Dorota-Bartik-a-deti-Jozef-a-Anna.jpg?fit=644%2C1024&amp;ssl=1\" src=\"https:\/\/i1.wp.com\/www.atelier-reklama.sk\/blog\/wp-content\/uploads\/2020\/04\/Sken-10092018-Juraj-1906-Dorota-Bartik-a-deti-Jozef-a-Anna.jpg?resize=644%2C1024&amp;ssl=1\" alt=\"\" class=\"wp-image-8902\" srcset=\"https:\/\/i0.wp.com\/www.atelier-reklama.sk\/blog\/wp-content\/uploads\/2020\/04\/Sken-10092018-Juraj-1906-Dorota-Bartik-a-deti-Jozef-a-Anna.jpg?w=1600&amp;ssl=1 1600w, https:\/\/i0.wp.com\/www.atelier-reklama.sk\/blog\/wp-content\/uploads\/2020\/04\/Sken-10092018-Juraj-1906-Dorota-Bartik-a-deti-Jozef-a-Anna.jpg?resize=189%2C300&amp;ssl=1 189w, https:\/\/i0.wp.com\/www.atelier-reklama.sk\/blog\/wp-content\/uploads\/2020\/04\/Sken-10092018-Juraj-1906-Dorota-Bartik-a-deti-Jozef-a-Anna.jpg?resize=768%2C1221&amp;ssl=1 768w, https:\/\/i0.wp.com\/www.atelier-reklama.sk\/blog\/wp-content\/uploads\/2020\/04\/Sken-10092018-Juraj-1906-Dorota-Bartik-a-deti-Jozef-a-Anna.jpg?resize=644%2C1024&amp;ssl=1 644w\" sizes=\"auto, (max-width: 800px) 100vw, 800px\" \/><figcaption class=\"wp-element-caption\">Moja mama v hontianskom, krek\u00e1\u010dskom kroji ako 10 ro\u010dn\u00e1, v roku 1940 (na za\u010diatku II. svet. vojny). Je to jedin\u00e1 spolo\u010dn\u00e1 fotka rodiny s rodi\u010dmi a bratom. <\/figcaption><\/figure>\n\n\n\n<figure class=\"wp-block-image aligncenter\"><img decoding=\"async\" data-attachment-id=\"1776\" data-permalink=\"https:\/\/www.atelier-reklama.sk\/blog\/anna-ocenasova-rod-bartikova-mala-10-rokov\/\" data-orig-file=\"https:\/\/i0.wp.com\/www.atelier-reklama.sk\/blog\/wp-content\/uploads\/2019\/02\/Anna-O%C4%8Den%C3%A1%C5%A1ov%C3%A1-rod.-Bart%C3%ADkov%C3%A1-mala-10-rokov.jpg?fit=985%2C2079&amp;ssl=1\" data-orig-size=\"985,2079\" data-comments-opened=\"1\" data-image-meta=\"{&quot;aperture&quot;:&quot;0&quot;,&quot;credit&quot;:&quot;&quot;,&quot;camera&quot;:&quot;&quot;,&quot;caption&quot;:&quot;&quot;,&quot;created_timestamp&quot;:&quot;1536696038&quot;,&quot;copyright&quot;:&quot;&quot;,&quot;focal_length&quot;:&quot;0&quot;,&quot;iso&quot;:&quot;0&quot;,&quot;shutter_speed&quot;:&quot;0&quot;,&quot;title&quot;:&quot;&quot;,&quot;orientation&quot;:&quot;1&quot;}\" data-image-title=\"Anna O\u010den\u00e1\u0161ov\u00e1, rod. Bart\u00edkov\u00e1 mala 10 rokov\" data-image-description=\"\" data-image-caption=\"\" data-medium-file=\"https:\/\/i0.wp.com\/www.atelier-reklama.sk\/blog\/wp-content\/uploads\/2019\/02\/Anna-O%C4%8Den%C3%A1%C5%A1ov%C3%A1-rod.-Bart%C3%ADkov%C3%A1-mala-10-rokov.jpg?fit=142%2C300&amp;ssl=1\" data-large-file=\"https:\/\/i0.wp.com\/www.atelier-reklama.sk\/blog\/wp-content\/uploads\/2019\/02\/Anna-O%C4%8Den%C3%A1%C5%A1ov%C3%A1-rod.-Bart%C3%ADkov%C3%A1-mala-10-rokov.jpg?fit=485%2C1024&amp;ssl=1\" src=\"https:\/\/i2.wp.com\/www.atelier-reklama.sk\/blog\/wp-content\/uploads\/2019\/02\/Anna-O%C4%8Den%C3%A1%C5%A1ov%C3%A1-rod.-Bart%C3%ADkov%C3%A1-mala-10-rokov.jpg?resize=485%2C1024&amp;ssl=1\" alt=\"\" class=\"wp-image-1776\"\/><\/figure>\n\n\n\n<figure class=\"wp-block-image aligncenter\"><img loading=\"lazy\" decoding=\"async\" width=\"207\" height=\"318\" data-attachment-id=\"8905\" data-permalink=\"https:\/\/www.atelier-reklama.sk\/blog\/mama-farba\/\" data-orig-file=\"https:\/\/i0.wp.com\/www.atelier-reklama.sk\/blog\/wp-content\/uploads\/2020\/04\/mama-farba.png?fit=207%2C318&amp;ssl=1\" data-orig-size=\"207,318\" data-comments-opened=\"1\" data-image-meta=\"{&quot;aperture&quot;:&quot;0&quot;,&quot;credit&quot;:&quot;&quot;,&quot;camera&quot;:&quot;&quot;,&quot;caption&quot;:&quot;&quot;,&quot;created_timestamp&quot;:&quot;0&quot;,&quot;copyright&quot;:&quot;&quot;,&quot;focal_length&quot;:&quot;0&quot;,&quot;iso&quot;:&quot;0&quot;,&quot;shutter_speed&quot;:&quot;0&quot;,&quot;title&quot;:&quot;&quot;,&quot;orientation&quot;:&quot;0&quot;}\" data-image-title=\"mama farba\" data-image-description=\"\" data-image-caption=\"\" data-medium-file=\"https:\/\/i0.wp.com\/www.atelier-reklama.sk\/blog\/wp-content\/uploads\/2020\/04\/mama-farba.png?fit=195%2C300&amp;ssl=1\" data-large-file=\"https:\/\/i0.wp.com\/www.atelier-reklama.sk\/blog\/wp-content\/uploads\/2020\/04\/mama-farba.png?fit=207%2C318&amp;ssl=1\" src=\"https:\/\/i2.wp.com\/www.atelier-reklama.sk\/blog\/wp-content\/uploads\/2020\/04\/mama-farba.png?resize=315%2C483&amp;ssl=1\" alt=\"\" class=\"wp-image-8905\" srcset=\"https:\/\/i0.wp.com\/www.atelier-reklama.sk\/blog\/wp-content\/uploads\/2020\/04\/mama-farba.png?w=207&amp;ssl=1 207w, https:\/\/i0.wp.com\/www.atelier-reklama.sk\/blog\/wp-content\/uploads\/2020\/04\/mama-farba.png?resize=195%2C300&amp;ssl=1 195w\" sizes=\"auto, (max-width: 207px) 100vw, 207px\" \/><figcaption class=\"wp-element-caption\">Mama Anna O\u010den\u00e1\u0161ov\u00e1, roden\u00e1 Bart\u00edkov\u00e1 (29.5.1930-23.11.2013) v polokroji, fotografia vznikla asi v roku 1949-1950, mama ju mala aj v ob\u010dianskom preukaze. <\/figcaption><\/figure>\n\n\n\n<figure class=\"wp-block-image aligncenter\"><img decoding=\"async\" data-attachment-id=\"12486\" data-permalink=\"https:\/\/www.atelier-reklama.sk\/blog\/about\/sinfo19032010220_0025-2\/\" data-orig-file=\"https:\/\/i0.wp.com\/www.atelier-reklama.sk\/blog\/wp-content\/uploads\/2023\/03\/Sinfo19032010220_0025-2-scaled.jpg?fit=1627%2C2560&amp;ssl=1\" data-orig-size=\"1627,2560\" data-comments-opened=\"1\" data-image-meta=\"{&quot;aperture&quot;:&quot;0&quot;,&quot;credit&quot;:&quot;&quot;,&quot;camera&quot;:&quot;&quot;,&quot;caption&quot;:&quot;&quot;,&quot;created_timestamp&quot;:&quot;1677069822&quot;,&quot;copyright&quot;:&quot;&quot;,&quot;focal_length&quot;:&quot;0&quot;,&quot;iso&quot;:&quot;0&quot;,&quot;shutter_speed&quot;:&quot;0&quot;,&quot;title&quot;:&quot;&quot;,&quot;orientation&quot;:&quot;1&quot;}\" data-image-title=\"Sinfo19032010220_0025-2\" data-image-description=\"\" data-image-caption=\"\" data-medium-file=\"https:\/\/i0.wp.com\/www.atelier-reklama.sk\/blog\/wp-content\/uploads\/2023\/03\/Sinfo19032010220_0025-2-scaled.jpg?fit=191%2C300&amp;ssl=1\" data-large-file=\"https:\/\/i0.wp.com\/www.atelier-reklama.sk\/blog\/wp-content\/uploads\/2023\/03\/Sinfo19032010220_0025-2-scaled.jpg?fit=651%2C1024&amp;ssl=1\" src=\"https:\/\/i0.wp.com\/www.atelier-reklama.sk\/blog\/wp-content\/uploads\/2023\/03\/Sinfo19032010220_0025-2.jpg?resize=651%2C1024&amp;ssl=1\" alt=\"\" class=\"wp-image-12486\"\/><figcaption class=\"wp-element-caption\">Moji rodi\u010dia v roku 1952<\/figcaption><\/figure>\n\n\n\n<figure class=\"wp-block-image aligncenter\"><img decoding=\"async\" data-attachment-id=\"12484\" data-permalink=\"https:\/\/www.atelier-reklama.sk\/blog\/about\/starka-margita-anicka-gitka-marka\/\" data-orig-file=\"https:\/\/i0.wp.com\/www.atelier-reklama.sk\/blog\/wp-content\/uploads\/2023\/03\/Starka-Margita-Ani%C4%8Dka-Gitka-Marka.jpg?fit=706%2C984&amp;ssl=1\" data-orig-size=\"706,984\" data-comments-opened=\"1\" data-image-meta=\"{&quot;aperture&quot;:&quot;0&quot;,&quot;credit&quot;:&quot;&quot;,&quot;camera&quot;:&quot;&quot;,&quot;caption&quot;:&quot;&quot;,&quot;created_timestamp&quot;:&quot;1677445850&quot;,&quot;copyright&quot;:&quot;&quot;,&quot;focal_length&quot;:&quot;0&quot;,&quot;iso&quot;:&quot;0&quot;,&quot;shutter_speed&quot;:&quot;0&quot;,&quot;title&quot;:&quot;&quot;,&quot;orientation&quot;:&quot;1&quot;}\" data-image-title=\"Starka-Margita-Ani\u010dka-Gitka-Marka\" data-image-description=\"\" data-image-caption=\"\" data-medium-file=\"https:\/\/i0.wp.com\/www.atelier-reklama.sk\/blog\/wp-content\/uploads\/2023\/03\/Starka-Margita-Ani%C4%8Dka-Gitka-Marka.jpg?fit=215%2C300&amp;ssl=1\" data-large-file=\"https:\/\/i0.wp.com\/www.atelier-reklama.sk\/blog\/wp-content\/uploads\/2023\/03\/Starka-Margita-Ani%C4%8Dka-Gitka-Marka.jpg?fit=706%2C984&amp;ssl=1\" src=\"https:\/\/i2.wp.com\/www.atelier-reklama.sk\/blog\/wp-content\/uploads\/2023\/03\/Starka-Margita-Ani%C4%8Dka-Gitka-Marka.jpg?w=800&amp;ssl=1\" alt=\"\" class=\"wp-image-12484\"\/><figcaption class=\"wp-element-caption\">Moja stark\u00e1  hornia\u010dka Margita O\u010den\u00e1\u0161ov\u00e1, roden\u00e1 Kon\u00f4pkov\u00e1 so svojimi vnu\u010dkami, mojimi sesternicami  Ani\u010dkou Mozo\u013eovou a Gitkou Tane\u010dkovou, v lone sed\u00ed moja sestri\u010dka Marienka. Fotka vznikla v roku 1952.<\/figcaption><\/figure>\n\n\n\n<figure class=\"wp-block-image aligncenter size-large\"><img data-recalc-dims=\"1\" loading=\"lazy\" decoding=\"async\" width=\"745\" height=\"1024\" data-attachment-id=\"13333\" data-permalink=\"https:\/\/www.atelier-reklama.sk\/blog\/moj-krekacsky-kroj-a-jeho-prekreslene-vzory-spolu\/2-8\/\" data-orig-file=\"https:\/\/i0.wp.com\/www.atelier-reklama.sk\/blog\/wp-content\/uploads\/2023\/03\/2.jpg?fit=1700%2C2338&amp;ssl=1\" data-orig-size=\"1700,2338\" data-comments-opened=\"1\" data-image-meta=\"{&quot;aperture&quot;:&quot;0&quot;,&quot;credit&quot;:&quot;&quot;,&quot;camera&quot;:&quot;&quot;,&quot;caption&quot;:&quot;&quot;,&quot;created_timestamp&quot;:&quot;0&quot;,&quot;copyright&quot;:&quot;&quot;,&quot;focal_length&quot;:&quot;0&quot;,&quot;iso&quot;:&quot;0&quot;,&quot;shutter_speed&quot;:&quot;0&quot;,&quot;title&quot;:&quot;&quot;,&quot;orientation&quot;:&quot;0&quot;}\" data-image-title=\"2\" data-image-description=\"\" data-image-caption=\"\" data-medium-file=\"https:\/\/i0.wp.com\/www.atelier-reklama.sk\/blog\/wp-content\/uploads\/2023\/03\/2.jpg?fit=218%2C300&amp;ssl=1\" data-large-file=\"https:\/\/i0.wp.com\/www.atelier-reklama.sk\/blog\/wp-content\/uploads\/2023\/03\/2.jpg?fit=745%2C1024&amp;ssl=1\" src=\"https:\/\/i0.wp.com\/www.atelier-reklama.sk\/blog\/wp-content\/uploads\/2023\/03\/2.jpg?resize=745%2C1024&#038;ssl=1\" alt=\"\" class=\"wp-image-13333\" srcset=\"https:\/\/i0.wp.com\/www.atelier-reklama.sk\/blog\/wp-content\/uploads\/2023\/03\/2.jpg?resize=745%2C1024&amp;ssl=1 745w, https:\/\/i0.wp.com\/www.atelier-reklama.sk\/blog\/wp-content\/uploads\/2023\/03\/2.jpg?resize=218%2C300&amp;ssl=1 218w, https:\/\/i0.wp.com\/www.atelier-reklama.sk\/blog\/wp-content\/uploads\/2023\/03\/2.jpg?resize=768%2C1056&amp;ssl=1 768w, https:\/\/i0.wp.com\/www.atelier-reklama.sk\/blog\/wp-content\/uploads\/2023\/03\/2.jpg?resize=1117%2C1536&amp;ssl=1 1117w, https:\/\/i0.wp.com\/www.atelier-reklama.sk\/blog\/wp-content\/uploads\/2023\/03\/2.jpg?resize=1489%2C2048&amp;ssl=1 1489w, https:\/\/i0.wp.com\/www.atelier-reklama.sk\/blog\/wp-content\/uploads\/2023\/03\/2.jpg?w=1700&amp;ssl=1 1700w, https:\/\/i0.wp.com\/www.atelier-reklama.sk\/blog\/wp-content\/uploads\/2023\/03\/2.jpg?w=1600&amp;ssl=1 1600w\" sizes=\"auto, (max-width: 745px) 100vw, 745px\" \/><\/figure>\n\n\n\n<figure class=\"wp-block-image aligncenter size-large\"><img data-recalc-dims=\"1\" loading=\"lazy\" decoding=\"async\" width=\"800\" height=\"1100\" data-attachment-id=\"13335\" data-permalink=\"https:\/\/www.atelier-reklama.sk\/blog\/moj-krekacsky-kroj-a-jeho-prekreslene-vzory-spolu\/4-6\/\" data-orig-file=\"https:\/\/i0.wp.com\/www.atelier-reklama.sk\/blog\/wp-content\/uploads\/2023\/03\/4.jpg?fit=1700%2C2338&amp;ssl=1\" data-orig-size=\"1700,2338\" data-comments-opened=\"1\" data-image-meta=\"{&quot;aperture&quot;:&quot;0&quot;,&quot;credit&quot;:&quot;&quot;,&quot;camera&quot;:&quot;&quot;,&quot;caption&quot;:&quot;&quot;,&quot;created_timestamp&quot;:&quot;0&quot;,&quot;copyright&quot;:&quot;&quot;,&quot;focal_length&quot;:&quot;0&quot;,&quot;iso&quot;:&quot;0&quot;,&quot;shutter_speed&quot;:&quot;0&quot;,&quot;title&quot;:&quot;&quot;,&quot;orientation&quot;:&quot;0&quot;}\" data-image-title=\"4\" data-image-description=\"\" data-image-caption=\"\" data-medium-file=\"https:\/\/i0.wp.com\/www.atelier-reklama.sk\/blog\/wp-content\/uploads\/2023\/03\/4.jpg?fit=218%2C300&amp;ssl=1\" data-large-file=\"https:\/\/i0.wp.com\/www.atelier-reklama.sk\/blog\/wp-content\/uploads\/2023\/03\/4.jpg?fit=745%2C1024&amp;ssl=1\" src=\"https:\/\/i0.wp.com\/www.atelier-reklama.sk\/blog\/wp-content\/uploads\/2023\/03\/4.jpg?resize=800%2C1100&#038;ssl=1\" alt=\"\" class=\"wp-image-13335\" srcset=\"https:\/\/i0.wp.com\/www.atelier-reklama.sk\/blog\/wp-content\/uploads\/2023\/03\/4.jpg?resize=745%2C1024&amp;ssl=1 745w, https:\/\/i0.wp.com\/www.atelier-reklama.sk\/blog\/wp-content\/uploads\/2023\/03\/4.jpg?resize=218%2C300&amp;ssl=1 218w, https:\/\/i0.wp.com\/www.atelier-reklama.sk\/blog\/wp-content\/uploads\/2023\/03\/4.jpg?resize=768%2C1056&amp;ssl=1 768w, https:\/\/i0.wp.com\/www.atelier-reklama.sk\/blog\/wp-content\/uploads\/2023\/03\/4.jpg?resize=1117%2C1536&amp;ssl=1 1117w, https:\/\/i0.wp.com\/www.atelier-reklama.sk\/blog\/wp-content\/uploads\/2023\/03\/4.jpg?resize=1489%2C2048&amp;ssl=1 1489w, https:\/\/i0.wp.com\/www.atelier-reklama.sk\/blog\/wp-content\/uploads\/2023\/03\/4.jpg?w=1700&amp;ssl=1 1700w, https:\/\/i0.wp.com\/www.atelier-reklama.sk\/blog\/wp-content\/uploads\/2023\/03\/4.jpg?w=1600&amp;ssl=1 1600w\" sizes=\"auto, (max-width: 800px) 100vw, 800px\" \/><\/figure>\n\n\n\n<figure class=\"wp-block-image aligncenter is-resized\"><img loading=\"lazy\" decoding=\"async\" width=\"1700\" height=\"2338\" data-attachment-id=\"709\" data-permalink=\"https:\/\/www.atelier-reklama.sk\/blog\/about\/attachment\/1\/\" data-orig-file=\"https:\/\/i0.wp.com\/www.atelier-reklama.sk\/blog\/wp-content\/uploads\/2019\/01\/1.jpg?fit=1700%2C2338&amp;ssl=1\" data-orig-size=\"1700,2338\" data-comments-opened=\"1\" data-image-meta=\"{&quot;aperture&quot;:&quot;0&quot;,&quot;credit&quot;:&quot;&quot;,&quot;camera&quot;:&quot;&quot;,&quot;caption&quot;:&quot;&quot;,&quot;created_timestamp&quot;:&quot;0&quot;,&quot;copyright&quot;:&quot;&quot;,&quot;focal_length&quot;:&quot;0&quot;,&quot;iso&quot;:&quot;0&quot;,&quot;shutter_speed&quot;:&quot;0&quot;,&quot;title&quot;:&quot;&quot;,&quot;orientation&quot;:&quot;0&quot;}\" data-image-title=\"1\" data-image-description=\"\" data-image-caption=\"\" data-medium-file=\"https:\/\/i0.wp.com\/www.atelier-reklama.sk\/blog\/wp-content\/uploads\/2019\/01\/1.jpg?fit=218%2C300&amp;ssl=1\" data-large-file=\"https:\/\/i0.wp.com\/www.atelier-reklama.sk\/blog\/wp-content\/uploads\/2019\/01\/1.jpg?fit=745%2C1024&amp;ssl=1\" src=\"https:\/\/i1.wp.com\/www.atelier-reklama.sk\/blog\/wp-content\/uploads\/2019\/01\/1.jpg?resize=745%2C1024&amp;ssl=1\" alt=\"\" class=\"wp-image-709\" style=\"width:509px;height:699px\" srcset=\"https:\/\/i0.wp.com\/www.atelier-reklama.sk\/blog\/wp-content\/uploads\/2019\/01\/1.jpg?w=1700&amp;ssl=1 1700w, https:\/\/i0.wp.com\/www.atelier-reklama.sk\/blog\/wp-content\/uploads\/2019\/01\/1.jpg?resize=218%2C300&amp;ssl=1 218w, https:\/\/i0.wp.com\/www.atelier-reklama.sk\/blog\/wp-content\/uploads\/2019\/01\/1.jpg?resize=768%2C1056&amp;ssl=1 768w, https:\/\/i0.wp.com\/www.atelier-reklama.sk\/blog\/wp-content\/uploads\/2019\/01\/1.jpg?resize=745%2C1024&amp;ssl=1 745w, https:\/\/i0.wp.com\/www.atelier-reklama.sk\/blog\/wp-content\/uploads\/2019\/01\/1.jpg?w=1600&amp;ssl=1 1600w\" sizes=\"auto, (max-width: 800px) 100vw, 800px\" \/><figcaption class=\"wp-element-caption\">Tieto voskov\u00e9 (?) papieriky so vzorkami na vy\u0161\u00edvanie s\u00fa pre m\u0148a ve\u013emi vz\u00e1cne. S\u00fa od mojej mamy (1930-2013), ktor\u00e1 ich kreslila. Maj\u00fa viac ako 70 rokov a patria medzi moje poklady.<\/figcaption><\/figure>\n\n\n\n<h5 class=\"wp-block-heading\">Nie som fotografka, ale fot\u00edm rada. Nie som etnografka, ale m\u00e1m rada kroje. Obdivujem n\u00e1dhern\u00e9 v\u00fd\u0161ivky, \u013eud\u00ed, ktor\u00ed ich vytvorili, prekres\u013eujem vzory, vytv\u00e1ram z nich zbierku, ktor\u00e1 tu po mne zostane.<\/h5>\n\n\n\n<figure class=\"wp-block-image aligncenter\"><img decoding=\"async\" data-attachment-id=\"5557\" data-permalink=\"https:\/\/www.atelier-reklama.sk\/blog\/ajka-s-fotakom-cela\/\" data-orig-file=\"https:\/\/i0.wp.com\/www.atelier-reklama.sk\/blog\/wp-content\/uploads\/2019\/06\/Ajka-s-fot%C3%A1kom-cel%C3%A1.jpg?fit=390%2C1207&amp;ssl=1\" data-orig-size=\"390,1207\" data-comments-opened=\"1\" data-image-meta=\"{&quot;aperture&quot;:&quot;1.4&quot;,&quot;credit&quot;:&quot;&quot;,&quot;camera&quot;:&quot;DMC-LX7&quot;,&quot;caption&quot;:&quot;&quot;,&quot;created_timestamp&quot;:&quot;1559206783&quot;,&quot;copyright&quot;:&quot;&quot;,&quot;focal_length&quot;:&quot;4.7&quot;,&quot;iso&quot;:&quot;80&quot;,&quot;shutter_speed&quot;:&quot;0.016666666666667&quot;,&quot;title&quot;:&quot;&quot;,&quot;orientation&quot;:&quot;1&quot;}\" data-image-title=\"Ajka s fot\u00e1kom cel\u00e1\" data-image-description=\"\" data-image-caption=\"\" data-medium-file=\"https:\/\/i0.wp.com\/www.atelier-reklama.sk\/blog\/wp-content\/uploads\/2019\/06\/Ajka-s-fot%C3%A1kom-cel%C3%A1.jpg?fit=97%2C300&amp;ssl=1\" data-large-file=\"https:\/\/i0.wp.com\/www.atelier-reklama.sk\/blog\/wp-content\/uploads\/2019\/06\/Ajka-s-fot%C3%A1kom-cel%C3%A1.jpg?fit=331%2C1024&amp;ssl=1\" src=\"https:\/\/i1.wp.com\/www.atelier-reklama.sk\/blog\/wp-content\/uploads\/2019\/06\/Ajka-s-fot%C3%A1kom-cel%C3%A1.jpg?resize=331%2C1024&amp;ssl=1\" alt=\"\" class=\"wp-image-5557\"\/><figcaption class=\"wp-element-caption\">Foto rok 2019<\/figcaption><\/figure>\n\n\n\n<p><strong>KREK\u00c1\u010cSKY KROJ\/\u013eudov\u00fd odev<\/strong><\/p>\n\n\n\n<p>Prezentovan\u00fd \u013eudov\u00fd odev v tomto pr\u00edspevku patr\u00ed do krek\u00e1\u010dskeho kroja. Obliekali sa do neho moji predkovia z maminej strany, boli krek\u00e1\u010di a aj preva\u017en\u00e1 \u010das\u0165 obyvate\u013eov severov\u00fdchodn\u00e9ho Hontu v okrese Krupina. Tu \u017eili aj pris\u0165ahovalci z oblasti Podpo\u013eania a t\u00fdm hovorili horniaci. T\u00ed sa obliekali podobne ako \u013eudia z okolia Dobrej Nivy, Plie\u0161oviec. Mu\u017ei sk\u00f4r, \u017eeny po druhej svetovej vojne sa za\u010dali oblieka\u0165 do polokroja, opleck\u00e1 vymenili za ko\u0161ie\u013eky a rozdiel medzi krek\u00e1\u010dkami a hornia\u010dkami sa str\u00e1cal.<\/p>\n\n\n\n<p>V mojej zbierke pri niektor\u00fdch krojov\u00fdch s\u00fa\u010diastkach neviem presne ur\u010di\u0165 p\u00f4vod, spolieham sa na vyjadrenie pred\u00e1vaj\u00facich. Aj pri kroji ktor\u00fd som zdedila sa \u0165a\u017eko ur\u010duje p\u00f4vodn\u00fd vlastn\u00edk a obdobie vzniku len typujem, \u017ee \u010do asi a kedy vy\u0161ila moja mama, prastar\u00e1 mama, mo\u017eno aj stark\u00e1, ktor\u00e1 pri\u0161la v detstve o prav\u00fa ruku a nau\u010dila sa dokonca aj vy\u0161\u00edva\u0165 \u013eavou. Mama sa narodila na Senohrade pri Vidovom vrchu, stark\u00e1 tie\u017e, prastark\u00e1 za Senohradom smer Rie\u010dky, potom sa pres\u0165ahovali do Doln\u00fdch Mladon\u00edc, mama sa vydala na Bzov\u00edk-O\u010den\u00e1\u0161ov laz do horniackej rodiny. Nesk\u00f4r si rodi\u010dia postavili dom v susednej dedine Jal\u0161ov\u00edk. Toto v\u0161etko mohlo ovplyvni\u0165 aj ich kroj, ktor\u00fd s l\u00e1skou opatrujem, prekres\u013eujem, renovujem a vy\u0161\u00edvam, zverej\u0148ujem, informujem, poukazujem na jeho v\u00fdnimo\u010dn\u00fa kr\u00e1su vzorov a farieb.<\/p>\n\n\n\n<p><strong>Moja zbierka krojov a ich prekreslen\u00fdch vzorov<\/strong><\/p>\n\n\n\n<p><strong>Prekres\u013eovala som na form\u00e1t A3, tla\u010di\u0165 vzory z plnej v\u00fd\u0161ivky mus\u00edte na A3, len tak bud\u00fa v skuto\u010dnej ve\u013ekosti 1:1, v\u00fd\u0161ivky vy\u0161it\u00e9 kr\u00ed\u017eikmi m\u00f4\u017eete vytla\u010di\u0165 na ak\u00fdko\u013evek form\u00e1t.<\/strong><\/p>\n\n\n\n<p><strong>Preh\u013ead<\/strong><\/p>\n\n\n\n<figure class=\"wp-block-table\"><table><tbody><tr><td>N\u00e1zov kroja<\/td><td>krek\u00e1\u010dsky<\/td><\/tr><tr><td>Oblas\u0165<\/td><td>severov\u00fdchodn\u00fd Hont, okr. Krupina<\/td><\/tr><tr><td>Obce s&nbsp;podobn\u00fdm tradi\u010dn\u00fdm odevom<\/td><td>Bzov\u00edk, Senohrad, Litava, Lackov, Trp\u00edn, Koz\u00ed Vrbovok, Jal\u0161ov\u00edk, Doln\u00e9 a&nbsp;Horn\u00e9 Mladonice, \u010cekovce, Horn\u00fd a&nbsp;Doln\u00fd Bad\u00edn, Selce, U\u0148at\u00edn<\/td><\/tr><tr><td>P\u00f4vodn\u00fd vlastn\u00edk a&nbsp;tvorca krojov\u00fdch s\u00fa\u010diastok ktor\u00e9 som zdedila<\/td><td>Katar\u00edna Guttenov\u00e1, r. Bart\u00edkov\u00e1 (1884-1962), Dorota Bart\u00edkov\u00e1, r. Guttenov\u00e1 (1910-1981), Anna O\u010den\u00e1\u0161ov\u00e1, r. Bart\u00edkov\u00e1 (1930-2013)<\/td><\/tr><tr><td>P\u00f4vod k\u00fapen\u00fdch krojov\u00fdch s\u00fa\u010diastok<\/td><td>Pri k\u00fape zis\u0165ujem p\u00f4vod, \u017eia\u013e nikdy sa nedozviem, kto bol p\u00f4vodn\u00fd vlastn\u00edk, len z&nbsp;akej dediny krojov\u00e1 s\u00fa\u010diastka poch\u00e1dza, niekedy ani to nie.<\/td><\/tr><tr><td>Krojov\u00e9 s\u00fa\u010diastky poch\u00e1dzaj\u00fa z obdobia<\/td><td>Od za\u010diatku 20. stor. a\u017e po druh\u00fa pol. 20. storo\u010dia<\/td><\/tr><tr><td>S\u00fa\u010dasn\u00fd majite\u013e<\/td><td>Anna \u010cep\u00e1kov\u00e1, r. O\u010den\u00e1\u0161ov\u00e1 (nar. 1956)<\/td><\/tr><tr><td>Pod\u013ea origin\u00e1lu prekreslila\/odfotila\/rok<\/td><td>Anna \u010cep\u00e1kov\u00e1, r. O\u010den\u00e1\u0161ov\u00e1 2018-2023<\/td><\/tr><tr><td>\u010co patr\u00ed k&nbsp;sebe v&nbsp;krek\u00e1\u010dskom kroji<\/td><td><strong><u>&nbsp;Diev\u010densk\u00fd a&nbsp;\u017eensk\u00fd odev<\/u><\/strong> <strong><u>&nbsp;<\/u><\/strong> \u010depiec ( k&nbsp;nemu kot\u00fa\u010dka, stuhy), \u0161atka, vy\u0161\u00edvan\u00fd ru\u010dn\u00ed\u010dek do ruky alebo za p\u00e1s, &nbsp;st\u00e1nka, rub\u00e1\u0161 \u201erub\u00e1\u010d,\u201c \u201eritn\u00edk\u201c na roz\u0161\u00edrenie bokov, ruk\u00e1vce \u201eop\u013eecko,\u201c spodn\u00e1&nbsp; suk\u0148a,&nbsp; na bielom vy\u0161\u00edvan\u00e1 vrchn\u00e1 suk\u0148a, alebo suk\u0148a ozdoben\u00e1 v\u0161it\u00fdmi \u010dipkami \u201erackami,\u201c je \u201ekinte\u0161\/kece\u013ea,\u201c suk\u0148a zo zamatu, brok\u00e1tu, ka\u0161m\u00edru \u201ekit\u013ea\/kid\u013ea\u201c,&nbsp; tkanica\/stuhy na ovinutie p\u00e1sa, (zatv\u00e1rac\u00ed \u0161pendl\u00edk \u201ezicherka\u201c na zapnutie tkanice), z\u00e1stera z&nbsp;modrotla\u010de, glotu, perk\u00e1lu \u201e\u0161ata,\u201c \u010derveno \u010dierna glotov\u00e1 z\u00e1stera \u201efu\u0165ienka,\u201c kab\u00e1tik \u201evizitka\/\u013eipi\u0165inka,\u201c&nbsp; v&nbsp;zime ko\u017euch, vlniak \u201eodev\u00e1k,\u201c diev\u010dat\u00e1 do vrko\u010da tr\u00e1\u010dok (3 bmbolce), ozdobn\u00fd kr\u00fa\u017eok-n\u00e1ta\u010dka (na Bzov\u00edku), 1-2 bro\u0161ne (pripn\u00fa\u0165 na r\u00e1zporok oplecka), garole na konci \u010diernej tenkej stu\u017eky, obuv \u010dierne \u010di\u017emy, nov\u0161\u00ed variant \u010dierne poltop\u00e1nky na n\u00edzkom podp\u00e4tku s&nbsp;prackou, aj bez. &nbsp; <strong><u>Mu\u017esk\u00fd\/chlap\u010densk\u00fd odev<\/u><\/strong> <strong><u>&nbsp;<\/u><\/strong> ko\u0161e\u013ea so stoja\u010dikom\/golierom, n\u00e1prsenka ozdoben\u00e1 z\u00e1mikmi, alebo v\u00fd\u0161ivkou aj golier, man\u017eeta, samostatn\u00e1 n\u00e1prsenka na ko\u0161e\u013eu so stoja\u010dikom, zap\u00ednala sa vzadu, &nbsp;\u010dierna vesta, pl\u00e1tenn\u00e9 gate, s\u00fakenn\u00e9 nohavice, &nbsp;nesk\u00f4r rajtky a&nbsp;nohavice mestsk\u00e9ho typu, z\u00e1stera, &nbsp;obuv \u010di\u017emy, nesk\u00f4r cel\u00e9 top\u00e1nky, klob\u00fak, kabanica, ko\u017euch, nesk\u00f4r kab\u00e1t.<\/td><\/tr><tr><td>Prekreslen\u00fd vzor<\/td><td>Pln\u00e1 v\u00fd\u0161ivka, stonkov\u00fd steh na pauzovacom, kr\u00ed\u017eikov\u00e1 v\u00fd\u0161ivka na \u0161tvorcovom papieri 0,3&#215;0,3 mm, form\u00e1t A3<\/td><\/tr><tr><td>Vy\u0161\u00edvacie techniky<\/td><td>Prevl\u00e1da &nbsp;kr\u00ed\u017eikov\u00e9 vy\u0161\u00edvanie (ve\u013emi drobn\u00e9 kr\u00ed\u017eiky cez dve niete na dom\u00e1com, alebo k\u00fapenom pl\u00e1tne), kr\u00ed\u017eiky sa vy\u0161\u00edvali &nbsp;\u201eod opaku\u201c &nbsp;tak, \u017ee z&nbsp;rubnej strany sa prifercovala vy\u0161\u00edvacia tkanina a&nbsp;na t\u00fa sa vy\u0161\u00edvalo, v\u00fd\u0161ivky s\u00fa&nbsp; pekn\u00e9 z&nbsp;obidvoch str\u00e1n. &nbsp; &nbsp; &nbsp; <strong><u>Vy\u0161\u00edvanie pod\u013ea po\u010d\u00edtan\u00fdch nit\u00ed<\/u><\/strong> Kr\u00ed\u017eikov\u00fd steh, kr\u00ed\u017eiky vy\u0161it\u00e9 cez dve nite z&nbsp;rubovej strany &nbsp;&nbsp; Vrk\u00f4\u010dikov\u00fdm &nbsp;kr\u00ed\u017eikom&nbsp;sa vy\u0161\u00edvala \u201eomietka\u201c okolo v\u00e4\u010d\u0161\u00edch vzorov, &nbsp;hlavne na ruk\u00e1vcoch. ( Ihla sa vpichne kolmo zhora nadol a&nbsp;potom z\u013eava doprava \u0161ikmo hore o&nbsp;dvojn\u00e1sobn\u00fd po\u010det nit\u00ed&#8230;) &nbsp; Hladkovac\u00ed steh sa objavuje v&nbsp;kombin\u00e1cii s&nbsp;v\u00fdrezom, kr\u00ed\u017eikom, hrachovinkou a&nbsp;pod. Stehy sa vy\u0161\u00edvaj\u00fa husto ved\u013ea seba. &nbsp; Me\u0161terky, krivinky, krokvi\u010dky, vy\u0161\u00edvanie na sieti, hrachovinka, &nbsp;zdob\u00ed mnoho s\u00fa\u010diastok. &nbsp; <strong><u>Vy\u0161\u00edvanie pod\u013ea predkreslen\u00e9ho vzoru<\/u><\/strong> V&nbsp;mojej zbierke s\u00fa v\u00fd\u0161ivky vy\u0161it\u00e9 hust\u00fdm pln\u00fdm ploch\u00fdm stehom ale aj retiazkov\u00fdm stehom vy\u0161it\u00e9 krivou ihlou pod\u013ea predkreslen\u00e9ho vzoru &nbsp; &nbsp;&nbsp;Vy\u0161\u00edva\u010dky \u010dasto uplat\u0148ovali <strong><u>\u00fa\u010delov\u00e9 stehy<\/u><\/strong>: spojovacie \u0161v\u00edky, slu\u010dkovanie, \u0161itie cez riasy<\/td><\/tr><tr><td><\/td><td><\/td><\/tr><tr><td>Pozn\u00e1mka<\/td><td>\u010casto odev zdobia <strong><u>hontianske pali\u010dkovan\u00e9 \u010dipky<\/u><\/strong>: predn\u00e1 \u010das\u0165 \u010depca, v\u0161it\u00e9 kliny do bielych sukn\u00ed \u201cracki\u201c<\/td><\/tr><tr><td><\/td><td><\/td><\/tr><\/tbody><\/table><\/figure>\n\n\n\n<h2 class=\"wp-block-heading has-text-align-center\">I. \u0160ATKY<\/h2>\n\n\n\n<p>Na \u010depce sa uv\u00e4zovali \u0161atky &#8222;ru\u010dn\u00edky&#8220; vy\u0161\u00edvan\u00e9 na bielom pl\u00e1tne, na \u010diernom, bordovom, zelenom zamate kr\u00ed\u017eikmi, pln\u00fdm ploch\u00fdm stehom aj krivou ihlou, maj\u00fa \u0161tvorcov\u00fd tvar, v\u00fd\u0161ivka je v rohu a niekedy aj okolo z dvoch str\u00e1n v obl\u00fa\u010dikoch, alebo v &#8222;zuboch&#8220;. \u0160atky vy\u0161\u00edvan\u00e9 na bielom pl\u00e1tne s\u00fa \u010dasto ozdoben\u00e9 na dvoch stran\u00e1ch tov\u00e1renskou \u010dipkou. V zbierke m\u00e1m aj \u0161atky farbiarske, olejky,  brok\u00e1tov\u00e9, ka\u0161m\u00edrov\u00e9&#8230;Uv\u00e4zovali si ich deti, dievky, \u017eeny pod\u013ea pr\u00edle\u017eitosti, veku, ro\u010dn\u00e9ho obdobia, v zime aj vlniak.<\/p>\n\n\n\n<p><strong>Postup uv\u00e4zovania \u0161atky<\/strong>:<\/p>\n\n\n\n<ul class=\"wp-block-list\">\n<li>\u0161atku prehneme do pravideln\u00e9ho trojuholn\u00edka tak, aby vonkaj\u0161ia strana prekryla vn\u00fatorn\u00fa a potom e\u0161te raz zahneme dovn\u00fatra pribli\u017ene 3-5 cm lem na naj\u0161ir\u0161ej strane trojuholn\u00edka<\/li>\n\n\n\n<li>polo\u017e\u00edme ju na vrch hlavy, jedenkr\u00e1t zahneme smerom k sluch\u00e1m, pod bradou, nie silno zavia\u017eeme, nadvihneme stred \u0161atky nad \u010delom do &#8222;chochl\u00edka&#8220; a pod bradou ju dovia\u017eeme<\/li>\n\n\n\n<li>ak \u0161atku uv\u00e4zujeme na \u010depiec tak tak, aby predn\u00fa \u010das\u0165 predni\u010dky bolo tro\u0161ku vidie\u0165 pod &#8222;chochl\u00edkom&#8220;<\/li>\n<\/ul>\n\n\n\n<p>\u0160atka, Jal\u0161ov\u00edk, pol. 20. stor., pln\u00fd ploch\u00fd steh, pod\u013ea predkreslen\u00e9ho vzoru,  hladkovanie, vy\u0161ila Anna O\u010den\u00e1\u0161ov\u00e1, rod. Bartikov\u00e1 (1930-2013)<\/p>\n\n\n\n<figure class=\"wp-block-image size-large\"><img data-recalc-dims=\"1\" loading=\"lazy\" decoding=\"async\" width=\"800\" height=\"745\" data-attachment-id=\"12659\" data-permalink=\"https:\/\/www.atelier-reklama.sk\/blog\/moj-krekacsky-kroj-a-jeho-prekreslene-vzory-spolu\/7-satka-jalsovik-pol-20-stor-vysila-anna-ocenasova-1930-2013\/\" data-orig-file=\"https:\/\/i0.wp.com\/www.atelier-reklama.sk\/blog\/wp-content\/uploads\/2023\/03\/7.-%C5%A1atka-Jal%C5%A1ov%C3%ADk-pol.-20.-stor.-vy%C5%A1ila-Anna-O%C4%8Den%C3%A1%C5%A1ov%C3%A1-1930-2013-scaled.jpg?fit=2560%2C2383&amp;ssl=1\" data-orig-size=\"2560,2383\" data-comments-opened=\"1\" data-image-meta=\"{&quot;aperture&quot;:&quot;2&quot;,&quot;credit&quot;:&quot;&quot;,&quot;camera&quot;:&quot;SM-A125F&quot;,&quot;caption&quot;:&quot;&quot;,&quot;created_timestamp&quot;:&quot;1678099990&quot;,&quot;copyright&quot;:&quot;&quot;,&quot;focal_length&quot;:&quot;4.6&quot;,&quot;iso&quot;:&quot;25&quot;,&quot;shutter_speed&quot;:&quot;0.0099&quot;,&quot;title&quot;:&quot;&quot;,&quot;orientation&quot;:&quot;1&quot;}\" data-image-title=\"7.-\u0161atka-Jal\u0161ov\u00edk-pol.-20.-stor.-vy\u0161ila-Anna-O\u010den\u00e1\u0161ov\u00e1-1930-2013\" data-image-description=\"\" data-image-caption=\"\" data-medium-file=\"https:\/\/i0.wp.com\/www.atelier-reklama.sk\/blog\/wp-content\/uploads\/2023\/03\/7.-%C5%A1atka-Jal%C5%A1ov%C3%ADk-pol.-20.-stor.-vy%C5%A1ila-Anna-O%C4%8Den%C3%A1%C5%A1ov%C3%A1-1930-2013-scaled.jpg?fit=300%2C279&amp;ssl=1\" data-large-file=\"https:\/\/i0.wp.com\/www.atelier-reklama.sk\/blog\/wp-content\/uploads\/2023\/03\/7.-%C5%A1atka-Jal%C5%A1ov%C3%ADk-pol.-20.-stor.-vy%C5%A1ila-Anna-O%C4%8Den%C3%A1%C5%A1ov%C3%A1-1930-2013-scaled.jpg?fit=800%2C745&amp;ssl=1\" src=\"https:\/\/i0.wp.com\/www.atelier-reklama.sk\/blog\/wp-content\/uploads\/2023\/03\/7.-%C5%A1atka-Jal%C5%A1ov%C3%ADk-pol.-20.-stor.-vy%C5%A1ila-Anna-O%C4%8Den%C3%A1%C5%A1ov%C3%A1-1930-2013.jpg?resize=800%2C745&#038;ssl=1\" alt=\"\" class=\"wp-image-12659\" srcset=\"https:\/\/i0.wp.com\/www.atelier-reklama.sk\/blog\/wp-content\/uploads\/2023\/03\/7.-%C5%A1atka-Jal%C5%A1ov%C3%ADk-pol.-20.-stor.-vy%C5%A1ila-Anna-O%C4%8Den%C3%A1%C5%A1ov%C3%A1-1930-2013-scaled.jpg?resize=1024%2C953&amp;ssl=1 1024w, https:\/\/i0.wp.com\/www.atelier-reklama.sk\/blog\/wp-content\/uploads\/2023\/03\/7.-%C5%A1atka-Jal%C5%A1ov%C3%ADk-pol.-20.-stor.-vy%C5%A1ila-Anna-O%C4%8Den%C3%A1%C5%A1ov%C3%A1-1930-2013-scaled.jpg?resize=300%2C279&amp;ssl=1 300w, https:\/\/i0.wp.com\/www.atelier-reklama.sk\/blog\/wp-content\/uploads\/2023\/03\/7.-%C5%A1atka-Jal%C5%A1ov%C3%ADk-pol.-20.-stor.-vy%C5%A1ila-Anna-O%C4%8Den%C3%A1%C5%A1ov%C3%A1-1930-2013-scaled.jpg?resize=768%2C715&amp;ssl=1 768w, https:\/\/i0.wp.com\/www.atelier-reklama.sk\/blog\/wp-content\/uploads\/2023\/03\/7.-%C5%A1atka-Jal%C5%A1ov%C3%ADk-pol.-20.-stor.-vy%C5%A1ila-Anna-O%C4%8Den%C3%A1%C5%A1ov%C3%A1-1930-2013-scaled.jpg?resize=1536%2C1430&amp;ssl=1 1536w, https:\/\/i0.wp.com\/www.atelier-reklama.sk\/blog\/wp-content\/uploads\/2023\/03\/7.-%C5%A1atka-Jal%C5%A1ov%C3%ADk-pol.-20.-stor.-vy%C5%A1ila-Anna-O%C4%8Den%C3%A1%C5%A1ov%C3%A1-1930-2013-scaled.jpg?resize=2048%2C1906&amp;ssl=1 2048w, https:\/\/i0.wp.com\/www.atelier-reklama.sk\/blog\/wp-content\/uploads\/2023\/03\/7.-%C5%A1atka-Jal%C5%A1ov%C3%ADk-pol.-20.-stor.-vy%C5%A1ila-Anna-O%C4%8Den%C3%A1%C5%A1ov%C3%A1-1930-2013-scaled.jpg?w=1600&amp;ssl=1 1600w, https:\/\/i0.wp.com\/www.atelier-reklama.sk\/blog\/wp-content\/uploads\/2023\/03\/7.-%C5%A1atka-Jal%C5%A1ov%C3%ADk-pol.-20.-stor.-vy%C5%A1ila-Anna-O%C4%8Den%C3%A1%C5%A1ov%C3%A1-1930-2013-scaled.jpg?w=2400&amp;ssl=1 2400w\" sizes=\"auto, (max-width: 800px) 100vw, 800px\" \/><\/figure>\n\n\n\n<figure class=\"wp-block-image size-large\"><img data-recalc-dims=\"1\" loading=\"lazy\" decoding=\"async\" width=\"800\" height=\"566\" data-attachment-id=\"12660\" data-permalink=\"https:\/\/www.atelier-reklama.sk\/blog\/moj-krekacsky-kroj-a-jeho-prekreslene-vzory-spolu\/7-satka-vzor-jalsovik-pol-20-stor-vysila-anna-ocenasova\/\" data-orig-file=\"https:\/\/i0.wp.com\/www.atelier-reklama.sk\/blog\/wp-content\/uploads\/2023\/03\/7.-%C5%A0atka-vzor-Jal%C5%A1ov%C3%ADk-pol.-20.-stor.-vy%C5%A1ila-Anna-O%C4%8Den%C3%A1%C5%A1ov%C3%A1-scaled.jpg?fit=2560%2C1810&amp;ssl=1\" data-orig-size=\"2560,1810\" data-comments-opened=\"1\" data-image-meta=\"{&quot;aperture&quot;:&quot;0&quot;,&quot;credit&quot;:&quot;&quot;,&quot;camera&quot;:&quot;&quot;,&quot;caption&quot;:&quot;&quot;,&quot;created_timestamp&quot;:&quot;0&quot;,&quot;copyright&quot;:&quot;&quot;,&quot;focal_length&quot;:&quot;0&quot;,&quot;iso&quot;:&quot;0&quot;,&quot;shutter_speed&quot;:&quot;0&quot;,&quot;title&quot;:&quot;&quot;,&quot;orientation&quot;:&quot;0&quot;}\" data-image-title=\"7.-\u0160atka-vzor-Jal\u0161ov\u00edk-pol.-20.-stor.-vy\u0161ila-Anna-O\u010den\u00e1\u0161ov\u00e1\" data-image-description=\"\" data-image-caption=\"\" data-medium-file=\"https:\/\/i0.wp.com\/www.atelier-reklama.sk\/blog\/wp-content\/uploads\/2023\/03\/7.-%C5%A0atka-vzor-Jal%C5%A1ov%C3%ADk-pol.-20.-stor.-vy%C5%A1ila-Anna-O%C4%8Den%C3%A1%C5%A1ov%C3%A1-scaled.jpg?fit=300%2C212&amp;ssl=1\" data-large-file=\"https:\/\/i0.wp.com\/www.atelier-reklama.sk\/blog\/wp-content\/uploads\/2023\/03\/7.-%C5%A0atka-vzor-Jal%C5%A1ov%C3%ADk-pol.-20.-stor.-vy%C5%A1ila-Anna-O%C4%8Den%C3%A1%C5%A1ov%C3%A1-scaled.jpg?fit=800%2C566&amp;ssl=1\" src=\"https:\/\/i0.wp.com\/www.atelier-reklama.sk\/blog\/wp-content\/uploads\/2023\/03\/7.-%C5%A0atka-vzor-Jal%C5%A1ov%C3%ADk-pol.-20.-stor.-vy%C5%A1ila-Anna-O%C4%8Den%C3%A1%C5%A1ov%C3%A1.jpg?resize=800%2C566&#038;ssl=1\" alt=\"\" class=\"wp-image-12660\" srcset=\"https:\/\/i0.wp.com\/www.atelier-reklama.sk\/blog\/wp-content\/uploads\/2023\/03\/7.-%C5%A0atka-vzor-Jal%C5%A1ov%C3%ADk-pol.-20.-stor.-vy%C5%A1ila-Anna-O%C4%8Den%C3%A1%C5%A1ov%C3%A1-scaled.jpg?resize=1024%2C724&amp;ssl=1 1024w, https:\/\/i0.wp.com\/www.atelier-reklama.sk\/blog\/wp-content\/uploads\/2023\/03\/7.-%C5%A0atka-vzor-Jal%C5%A1ov%C3%ADk-pol.-20.-stor.-vy%C5%A1ila-Anna-O%C4%8Den%C3%A1%C5%A1ov%C3%A1-scaled.jpg?resize=300%2C212&amp;ssl=1 300w, https:\/\/i0.wp.com\/www.atelier-reklama.sk\/blog\/wp-content\/uploads\/2023\/03\/7.-%C5%A0atka-vzor-Jal%C5%A1ov%C3%ADk-pol.-20.-stor.-vy%C5%A1ila-Anna-O%C4%8Den%C3%A1%C5%A1ov%C3%A1-scaled.jpg?resize=768%2C543&amp;ssl=1 768w, https:\/\/i0.wp.com\/www.atelier-reklama.sk\/blog\/wp-content\/uploads\/2023\/03\/7.-%C5%A0atka-vzor-Jal%C5%A1ov%C3%ADk-pol.-20.-stor.-vy%C5%A1ila-Anna-O%C4%8Den%C3%A1%C5%A1ov%C3%A1-scaled.jpg?resize=1536%2C1086&amp;ssl=1 1536w, https:\/\/i0.wp.com\/www.atelier-reklama.sk\/blog\/wp-content\/uploads\/2023\/03\/7.-%C5%A0atka-vzor-Jal%C5%A1ov%C3%ADk-pol.-20.-stor.-vy%C5%A1ila-Anna-O%C4%8Den%C3%A1%C5%A1ov%C3%A1-scaled.jpg?resize=2048%2C1448&amp;ssl=1 2048w, https:\/\/i0.wp.com\/www.atelier-reklama.sk\/blog\/wp-content\/uploads\/2023\/03\/7.-%C5%A0atka-vzor-Jal%C5%A1ov%C3%ADk-pol.-20.-stor.-vy%C5%A1ila-Anna-O%C4%8Den%C3%A1%C5%A1ov%C3%A1-scaled.jpg?w=1600&amp;ssl=1 1600w, https:\/\/i0.wp.com\/www.atelier-reklama.sk\/blog\/wp-content\/uploads\/2023\/03\/7.-%C5%A0atka-vzor-Jal%C5%A1ov%C3%ADk-pol.-20.-stor.-vy%C5%A1ila-Anna-O%C4%8Den%C3%A1%C5%A1ov%C3%A1-scaled.jpg?w=2400&amp;ssl=1 2400w\" sizes=\"auto, (max-width: 800px) 100vw, 800px\" \/><figcaption class=\"wp-element-caption\">Nako\u013eko sa mi cel\u00fd vzor nedal  prekresli\u0165 na A3, tak kvet v pravom rohu hore, si v pr\u00edpade potreby mus\u00edte prekresli\u0165 v\u013eavo hore. <\/figcaption><\/figure>\n\n\n\n<figure class=\"wp-block-image size-large\"><img data-recalc-dims=\"1\" loading=\"lazy\" decoding=\"async\" width=\"800\" height=\"566\" data-attachment-id=\"12667\" data-permalink=\"https:\/\/www.atelier-reklama.sk\/blog\/moj-krekacsky-kroj-a-jeho-prekreslene-vzory-spolu\/7-satka-vzor-zuby-jalsovik-pol-20-stor-vysila-anna-ocenasova\/\" data-orig-file=\"https:\/\/i0.wp.com\/www.atelier-reklama.sk\/blog\/wp-content\/uploads\/2023\/03\/7.-%C5%A0atka-vzor-zuby-Jal%C5%A1ov%C3%ADk-pol.-20.-stor.-vy%C5%A1ila-Anna-O%C4%8Den%C3%A1%C5%A1ov%C3%A1-scaled.jpg?fit=2560%2C1810&amp;ssl=1\" data-orig-size=\"2560,1810\" data-comments-opened=\"1\" data-image-meta=\"{&quot;aperture&quot;:&quot;0&quot;,&quot;credit&quot;:&quot;&quot;,&quot;camera&quot;:&quot;&quot;,&quot;caption&quot;:&quot;&quot;,&quot;created_timestamp&quot;:&quot;0&quot;,&quot;copyright&quot;:&quot;&quot;,&quot;focal_length&quot;:&quot;0&quot;,&quot;iso&quot;:&quot;0&quot;,&quot;shutter_speed&quot;:&quot;0&quot;,&quot;title&quot;:&quot;&quot;,&quot;orientation&quot;:&quot;1&quot;}\" data-image-title=\"7.-\u0160atka-vzor-zuby-Jal\u0161ov\u00edk-pol.-20.-stor.-vy\u0161ila-Anna-O\u010den\u00e1\u0161ov\u00e1\" data-image-description=\"\" data-image-caption=\"\" data-medium-file=\"https:\/\/i0.wp.com\/www.atelier-reklama.sk\/blog\/wp-content\/uploads\/2023\/03\/7.-%C5%A0atka-vzor-zuby-Jal%C5%A1ov%C3%ADk-pol.-20.-stor.-vy%C5%A1ila-Anna-O%C4%8Den%C3%A1%C5%A1ov%C3%A1-scaled.jpg?fit=300%2C212&amp;ssl=1\" data-large-file=\"https:\/\/i0.wp.com\/www.atelier-reklama.sk\/blog\/wp-content\/uploads\/2023\/03\/7.-%C5%A0atka-vzor-zuby-Jal%C5%A1ov%C3%ADk-pol.-20.-stor.-vy%C5%A1ila-Anna-O%C4%8Den%C3%A1%C5%A1ov%C3%A1-scaled.jpg?fit=800%2C566&amp;ssl=1\" src=\"https:\/\/i0.wp.com\/www.atelier-reklama.sk\/blog\/wp-content\/uploads\/2023\/03\/7.-%C5%A0atka-vzor-zuby-Jal%C5%A1ov%C3%ADk-pol.-20.-stor.-vy%C5%A1ila-Anna-O%C4%8Den%C3%A1%C5%A1ov%C3%A1.jpg?resize=800%2C566&#038;ssl=1\" alt=\"\" class=\"wp-image-12667\" srcset=\"https:\/\/i0.wp.com\/www.atelier-reklama.sk\/blog\/wp-content\/uploads\/2023\/03\/7.-%C5%A0atka-vzor-zuby-Jal%C5%A1ov%C3%ADk-pol.-20.-stor.-vy%C5%A1ila-Anna-O%C4%8Den%C3%A1%C5%A1ov%C3%A1-scaled.jpg?resize=1024%2C724&amp;ssl=1 1024w, https:\/\/i0.wp.com\/www.atelier-reklama.sk\/blog\/wp-content\/uploads\/2023\/03\/7.-%C5%A0atka-vzor-zuby-Jal%C5%A1ov%C3%ADk-pol.-20.-stor.-vy%C5%A1ila-Anna-O%C4%8Den%C3%A1%C5%A1ov%C3%A1-scaled.jpg?resize=300%2C212&amp;ssl=1 300w, https:\/\/i0.wp.com\/www.atelier-reklama.sk\/blog\/wp-content\/uploads\/2023\/03\/7.-%C5%A0atka-vzor-zuby-Jal%C5%A1ov%C3%ADk-pol.-20.-stor.-vy%C5%A1ila-Anna-O%C4%8Den%C3%A1%C5%A1ov%C3%A1-scaled.jpg?resize=768%2C543&amp;ssl=1 768w, https:\/\/i0.wp.com\/www.atelier-reklama.sk\/blog\/wp-content\/uploads\/2023\/03\/7.-%C5%A0atka-vzor-zuby-Jal%C5%A1ov%C3%ADk-pol.-20.-stor.-vy%C5%A1ila-Anna-O%C4%8Den%C3%A1%C5%A1ov%C3%A1-scaled.jpg?resize=1536%2C1086&amp;ssl=1 1536w, https:\/\/i0.wp.com\/www.atelier-reklama.sk\/blog\/wp-content\/uploads\/2023\/03\/7.-%C5%A0atka-vzor-zuby-Jal%C5%A1ov%C3%ADk-pol.-20.-stor.-vy%C5%A1ila-Anna-O%C4%8Den%C3%A1%C5%A1ov%C3%A1-scaled.jpg?resize=2048%2C1448&amp;ssl=1 2048w, https:\/\/i0.wp.com\/www.atelier-reklama.sk\/blog\/wp-content\/uploads\/2023\/03\/7.-%C5%A0atka-vzor-zuby-Jal%C5%A1ov%C3%ADk-pol.-20.-stor.-vy%C5%A1ila-Anna-O%C4%8Den%C3%A1%C5%A1ov%C3%A1-scaled.jpg?w=1600&amp;ssl=1 1600w, https:\/\/i0.wp.com\/www.atelier-reklama.sk\/blog\/wp-content\/uploads\/2023\/03\/7.-%C5%A0atka-vzor-zuby-Jal%C5%A1ov%C3%ADk-pol.-20.-stor.-vy%C5%A1ila-Anna-O%C4%8Den%C3%A1%C5%A1ov%C3%A1-scaled.jpg?w=2400&amp;ssl=1 2400w\" sizes=\"auto, (max-width: 800px) 100vw, 800px\" \/><\/figure>\n\n\n\n<figure class=\"wp-block-image size-large\"><img data-recalc-dims=\"1\" loading=\"lazy\" decoding=\"async\" width=\"800\" height=\"682\" data-attachment-id=\"12664\" data-permalink=\"https:\/\/www.atelier-reklama.sk\/blog\/moj-krekacsky-kroj-a-jeho-prekreslene-vzory-spolu\/7-satka-jalsovik-pol-20-stor-vysila-anna-ocenasova-1930-2013-2\/\" data-orig-file=\"https:\/\/i0.wp.com\/www.atelier-reklama.sk\/blog\/wp-content\/uploads\/2023\/03\/7.-%C5%A1atka-Jal%C5%A1ov%C3%ADk-pol.-20.-stor.-vy%C5%A1ila-Anna-O%C4%8Den%C3%A1%C5%A1ov%C3%A1-1930-2013.-scaled.jpg?fit=2560%2C2183&amp;ssl=1\" data-orig-size=\"2560,2183\" data-comments-opened=\"1\" data-image-meta=\"{&quot;aperture&quot;:&quot;2&quot;,&quot;credit&quot;:&quot;&quot;,&quot;camera&quot;:&quot;SM-A125F&quot;,&quot;caption&quot;:&quot;&quot;,&quot;created_timestamp&quot;:&quot;1678100010&quot;,&quot;copyright&quot;:&quot;&quot;,&quot;focal_length&quot;:&quot;4.6&quot;,&quot;iso&quot;:&quot;25&quot;,&quot;shutter_speed&quot;:&quot;0.0095&quot;,&quot;title&quot;:&quot;&quot;,&quot;orientation&quot;:&quot;1&quot;}\" data-image-title=\"7.-\u0161atka-Jal\u0161ov\u00edk-pol.-20.-stor.-vy\u0161ila-Anna-O\u010den\u00e1\u0161ov\u00e1-1930-2013.\" data-image-description=\"\" data-image-caption=\"\" data-medium-file=\"https:\/\/i0.wp.com\/www.atelier-reklama.sk\/blog\/wp-content\/uploads\/2023\/03\/7.-%C5%A1atka-Jal%C5%A1ov%C3%ADk-pol.-20.-stor.-vy%C5%A1ila-Anna-O%C4%8Den%C3%A1%C5%A1ov%C3%A1-1930-2013.-scaled.jpg?fit=300%2C256&amp;ssl=1\" data-large-file=\"https:\/\/i0.wp.com\/www.atelier-reklama.sk\/blog\/wp-content\/uploads\/2023\/03\/7.-%C5%A1atka-Jal%C5%A1ov%C3%ADk-pol.-20.-stor.-vy%C5%A1ila-Anna-O%C4%8Den%C3%A1%C5%A1ov%C3%A1-1930-2013.-scaled.jpg?fit=800%2C682&amp;ssl=1\" src=\"https:\/\/i0.wp.com\/www.atelier-reklama.sk\/blog\/wp-content\/uploads\/2023\/03\/7.-%C5%A1atka-Jal%C5%A1ov%C3%ADk-pol.-20.-stor.-vy%C5%A1ila-Anna-O%C4%8Den%C3%A1%C5%A1ov%C3%A1-1930-2013..jpg?resize=800%2C682&#038;ssl=1\" alt=\"\" class=\"wp-image-12664\" srcset=\"https:\/\/i0.wp.com\/www.atelier-reklama.sk\/blog\/wp-content\/uploads\/2023\/03\/7.-%C5%A1atka-Jal%C5%A1ov%C3%ADk-pol.-20.-stor.-vy%C5%A1ila-Anna-O%C4%8Den%C3%A1%C5%A1ov%C3%A1-1930-2013.-scaled.jpg?resize=1024%2C873&amp;ssl=1 1024w, https:\/\/i0.wp.com\/www.atelier-reklama.sk\/blog\/wp-content\/uploads\/2023\/03\/7.-%C5%A1atka-Jal%C5%A1ov%C3%ADk-pol.-20.-stor.-vy%C5%A1ila-Anna-O%C4%8Den%C3%A1%C5%A1ov%C3%A1-1930-2013.-scaled.jpg?resize=300%2C256&amp;ssl=1 300w, https:\/\/i0.wp.com\/www.atelier-reklama.sk\/blog\/wp-content\/uploads\/2023\/03\/7.-%C5%A1atka-Jal%C5%A1ov%C3%ADk-pol.-20.-stor.-vy%C5%A1ila-Anna-O%C4%8Den%C3%A1%C5%A1ov%C3%A1-1930-2013.-scaled.jpg?resize=768%2C655&amp;ssl=1 768w, https:\/\/i0.wp.com\/www.atelier-reklama.sk\/blog\/wp-content\/uploads\/2023\/03\/7.-%C5%A1atka-Jal%C5%A1ov%C3%ADk-pol.-20.-stor.-vy%C5%A1ila-Anna-O%C4%8Den%C3%A1%C5%A1ov%C3%A1-1930-2013.-scaled.jpg?resize=1536%2C1310&amp;ssl=1 1536w, https:\/\/i0.wp.com\/www.atelier-reklama.sk\/blog\/wp-content\/uploads\/2023\/03\/7.-%C5%A1atka-Jal%C5%A1ov%C3%ADk-pol.-20.-stor.-vy%C5%A1ila-Anna-O%C4%8Den%C3%A1%C5%A1ov%C3%A1-1930-2013.-scaled.jpg?resize=2048%2C1746&amp;ssl=1 2048w, https:\/\/i0.wp.com\/www.atelier-reklama.sk\/blog\/wp-content\/uploads\/2023\/03\/7.-%C5%A1atka-Jal%C5%A1ov%C3%ADk-pol.-20.-stor.-vy%C5%A1ila-Anna-O%C4%8Den%C3%A1%C5%A1ov%C3%A1-1930-2013.-scaled.jpg?w=1600&amp;ssl=1 1600w, https:\/\/i0.wp.com\/www.atelier-reklama.sk\/blog\/wp-content\/uploads\/2023\/03\/7.-%C5%A1atka-Jal%C5%A1ov%C3%ADk-pol.-20.-stor.-vy%C5%A1ila-Anna-O%C4%8Den%C3%A1%C5%A1ov%C3%A1-1930-2013.-scaled.jpg?w=2400&amp;ssl=1 2400w\" sizes=\"auto, (max-width: 800px) 100vw, 800px\" \/><\/figure>\n\n\n\n<figure class=\"wp-block-image aligncenter size-large\"><img data-recalc-dims=\"1\" loading=\"lazy\" decoding=\"async\" width=\"728\" height=\"1024\" data-attachment-id=\"12665\" data-permalink=\"https:\/\/www.atelier-reklama.sk\/blog\/moj-krekacsky-kroj-a-jeho-prekreslene-vzory-spolu\/7-satka-velky-kvet-jalsovik-pol-20-stor-vysila-anna-ocenasova-1930-2013\/\" data-orig-file=\"https:\/\/i0.wp.com\/www.atelier-reklama.sk\/blog\/wp-content\/uploads\/2023\/03\/7.-%C5%A1atka-ve%C4%BEk%C3%BD-kvet-Jal%C5%A1ov%C3%ADk-pol.-20.-stor.-vy%C5%A1ila-Anna-O%C4%8Den%C3%A1%C5%A1ov%C3%A1-1930-2013-scaled.jpg?fit=1819%2C2560&amp;ssl=1\" data-orig-size=\"1819,2560\" data-comments-opened=\"1\" data-image-meta=\"{&quot;aperture&quot;:&quot;2&quot;,&quot;credit&quot;:&quot;&quot;,&quot;camera&quot;:&quot;SM-A125F&quot;,&quot;caption&quot;:&quot;&quot;,&quot;created_timestamp&quot;:&quot;1678100042&quot;,&quot;copyright&quot;:&quot;&quot;,&quot;focal_length&quot;:&quot;4.6&quot;,&quot;iso&quot;:&quot;32&quot;,&quot;shutter_speed&quot;:&quot;0.0099&quot;,&quot;title&quot;:&quot;&quot;,&quot;orientation&quot;:&quot;1&quot;}\" data-image-title=\"7.-\u0161atka-ve\u013ek\u00fd-kvet-Jal\u0161ov\u00edk-pol.-20.-stor.-vy\u0161ila-Anna-O\u010den\u00e1\u0161ov\u00e1-1930-2013\" data-image-description=\"\" data-image-caption=\"\" data-medium-file=\"https:\/\/i0.wp.com\/www.atelier-reklama.sk\/blog\/wp-content\/uploads\/2023\/03\/7.-%C5%A1atka-ve%C4%BEk%C3%BD-kvet-Jal%C5%A1ov%C3%ADk-pol.-20.-stor.-vy%C5%A1ila-Anna-O%C4%8Den%C3%A1%C5%A1ov%C3%A1-1930-2013-scaled.jpg?fit=213%2C300&amp;ssl=1\" data-large-file=\"https:\/\/i0.wp.com\/www.atelier-reklama.sk\/blog\/wp-content\/uploads\/2023\/03\/7.-%C5%A1atka-ve%C4%BEk%C3%BD-kvet-Jal%C5%A1ov%C3%ADk-pol.-20.-stor.-vy%C5%A1ila-Anna-O%C4%8Den%C3%A1%C5%A1ov%C3%A1-1930-2013-scaled.jpg?fit=728%2C1024&amp;ssl=1\" src=\"https:\/\/i0.wp.com\/www.atelier-reklama.sk\/blog\/wp-content\/uploads\/2023\/03\/7.-%C5%A1atka-ve%C4%BEk%C3%BD-kvet-Jal%C5%A1ov%C3%ADk-pol.-20.-stor.-vy%C5%A1ila-Anna-O%C4%8Den%C3%A1%C5%A1ov%C3%A1-1930-2013.jpg?resize=728%2C1024&#038;ssl=1\" alt=\"\" class=\"wp-image-12665\" srcset=\"https:\/\/i0.wp.com\/www.atelier-reklama.sk\/blog\/wp-content\/uploads\/2023\/03\/7.-%C5%A1atka-ve%C4%BEk%C3%BD-kvet-Jal%C5%A1ov%C3%ADk-pol.-20.-stor.-vy%C5%A1ila-Anna-O%C4%8Den%C3%A1%C5%A1ov%C3%A1-1930-2013-scaled.jpg?resize=728%2C1024&amp;ssl=1 728w, https:\/\/i0.wp.com\/www.atelier-reklama.sk\/blog\/wp-content\/uploads\/2023\/03\/7.-%C5%A1atka-ve%C4%BEk%C3%BD-kvet-Jal%C5%A1ov%C3%ADk-pol.-20.-stor.-vy%C5%A1ila-Anna-O%C4%8Den%C3%A1%C5%A1ov%C3%A1-1930-2013-scaled.jpg?resize=213%2C300&amp;ssl=1 213w, https:\/\/i0.wp.com\/www.atelier-reklama.sk\/blog\/wp-content\/uploads\/2023\/03\/7.-%C5%A1atka-ve%C4%BEk%C3%BD-kvet-Jal%C5%A1ov%C3%ADk-pol.-20.-stor.-vy%C5%A1ila-Anna-O%C4%8Den%C3%A1%C5%A1ov%C3%A1-1930-2013-scaled.jpg?resize=768%2C1081&amp;ssl=1 768w, https:\/\/i0.wp.com\/www.atelier-reklama.sk\/blog\/wp-content\/uploads\/2023\/03\/7.-%C5%A1atka-ve%C4%BEk%C3%BD-kvet-Jal%C5%A1ov%C3%ADk-pol.-20.-stor.-vy%C5%A1ila-Anna-O%C4%8Den%C3%A1%C5%A1ov%C3%A1-1930-2013-scaled.jpg?resize=1091%2C1536&amp;ssl=1 1091w, https:\/\/i0.wp.com\/www.atelier-reklama.sk\/blog\/wp-content\/uploads\/2023\/03\/7.-%C5%A1atka-ve%C4%BEk%C3%BD-kvet-Jal%C5%A1ov%C3%ADk-pol.-20.-stor.-vy%C5%A1ila-Anna-O%C4%8Den%C3%A1%C5%A1ov%C3%A1-1930-2013-scaled.jpg?resize=1455%2C2048&amp;ssl=1 1455w, https:\/\/i0.wp.com\/www.atelier-reklama.sk\/blog\/wp-content\/uploads\/2023\/03\/7.-%C5%A1atka-ve%C4%BEk%C3%BD-kvet-Jal%C5%A1ov%C3%ADk-pol.-20.-stor.-vy%C5%A1ila-Anna-O%C4%8Den%C3%A1%C5%A1ov%C3%A1-1930-2013-scaled.jpg?w=1819&amp;ssl=1 1819w, https:\/\/i0.wp.com\/www.atelier-reklama.sk\/blog\/wp-content\/uploads\/2023\/03\/7.-%C5%A1atka-ve%C4%BEk%C3%BD-kvet-Jal%C5%A1ov%C3%ADk-pol.-20.-stor.-vy%C5%A1ila-Anna-O%C4%8Den%C3%A1%C5%A1ov%C3%A1-1930-2013-scaled.jpg?w=1600&amp;ssl=1 1600w\" sizes=\"auto, (max-width: 728px) 100vw, 728px\" \/><\/figure>\n\n\n\n<p>Preskenovan\u00e1 \u0161atka<\/p>\n\n\n\n<figure class=\"wp-block-image aligncenter size-large\"><img data-recalc-dims=\"1\" loading=\"lazy\" decoding=\"async\" width=\"745\" height=\"1024\" data-attachment-id=\"926\" data-permalink=\"https:\/\/www.atelier-reklama.sk\/blog\/rucnik-biely-plna-vysivka-roh\/\" data-orig-file=\"https:\/\/i0.wp.com\/www.atelier-reklama.sk\/blog\/wp-content\/uploads\/2019\/01\/rucnik-biely-plna-vysivka-roh.jpg?fit=1700%2C2338&amp;ssl=1\" data-orig-size=\"1700,2338\" data-comments-opened=\"1\" data-image-meta=\"{&quot;aperture&quot;:&quot;0&quot;,&quot;credit&quot;:&quot;&quot;,&quot;camera&quot;:&quot;&quot;,&quot;caption&quot;:&quot;&quot;,&quot;created_timestamp&quot;:&quot;0&quot;,&quot;copyright&quot;:&quot;&quot;,&quot;focal_length&quot;:&quot;0&quot;,&quot;iso&quot;:&quot;0&quot;,&quot;shutter_speed&quot;:&quot;0&quot;,&quot;title&quot;:&quot;&quot;,&quot;orientation&quot;:&quot;0&quot;}\" data-image-title=\"rucnik biely plna vysivka roh\" data-image-description=\"\" data-image-caption=\"\" data-medium-file=\"https:\/\/i0.wp.com\/www.atelier-reklama.sk\/blog\/wp-content\/uploads\/2019\/01\/rucnik-biely-plna-vysivka-roh.jpg?fit=218%2C300&amp;ssl=1\" data-large-file=\"https:\/\/i0.wp.com\/www.atelier-reklama.sk\/blog\/wp-content\/uploads\/2019\/01\/rucnik-biely-plna-vysivka-roh.jpg?fit=745%2C1024&amp;ssl=1\" src=\"https:\/\/i0.wp.com\/www.atelier-reklama.sk\/blog\/wp-content\/uploads\/2019\/01\/rucnik-biely-plna-vysivka-roh.jpg?resize=745%2C1024&#038;ssl=1\" alt=\"\" class=\"wp-image-926\" srcset=\"https:\/\/i0.wp.com\/www.atelier-reklama.sk\/blog\/wp-content\/uploads\/2019\/01\/rucnik-biely-plna-vysivka-roh.jpg?resize=745%2C1024&amp;ssl=1 745w, https:\/\/i0.wp.com\/www.atelier-reklama.sk\/blog\/wp-content\/uploads\/2019\/01\/rucnik-biely-plna-vysivka-roh.jpg?resize=218%2C300&amp;ssl=1 218w, https:\/\/i0.wp.com\/www.atelier-reklama.sk\/blog\/wp-content\/uploads\/2019\/01\/rucnik-biely-plna-vysivka-roh.jpg?resize=768%2C1056&amp;ssl=1 768w, https:\/\/i0.wp.com\/www.atelier-reklama.sk\/blog\/wp-content\/uploads\/2019\/01\/rucnik-biely-plna-vysivka-roh.jpg?w=1700&amp;ssl=1 1700w, https:\/\/i0.wp.com\/www.atelier-reklama.sk\/blog\/wp-content\/uploads\/2019\/01\/rucnik-biely-plna-vysivka-roh.jpg?w=1600&amp;ssl=1 1600w\" sizes=\"auto, (max-width: 745px) 100vw, 745px\" \/><\/figure>\n\n\n\n<figure class=\"wp-block-image aligncenter size-large\"><img data-recalc-dims=\"1\" loading=\"lazy\" decoding=\"async\" width=\"745\" height=\"1024\" data-attachment-id=\"928\" data-permalink=\"https:\/\/www.atelier-reklama.sk\/blog\/rucnik-biely-plna-vysivka-vlavo\/\" data-orig-file=\"https:\/\/i0.wp.com\/www.atelier-reklama.sk\/blog\/wp-content\/uploads\/2019\/01\/rucnik-biely-plna-vysivka-vlavo.jpg?fit=1700%2C2338&amp;ssl=1\" data-orig-size=\"1700,2338\" data-comments-opened=\"1\" data-image-meta=\"{&quot;aperture&quot;:&quot;0&quot;,&quot;credit&quot;:&quot;&quot;,&quot;camera&quot;:&quot;&quot;,&quot;caption&quot;:&quot;&quot;,&quot;created_timestamp&quot;:&quot;0&quot;,&quot;copyright&quot;:&quot;&quot;,&quot;focal_length&quot;:&quot;0&quot;,&quot;iso&quot;:&quot;0&quot;,&quot;shutter_speed&quot;:&quot;0&quot;,&quot;title&quot;:&quot;&quot;,&quot;orientation&quot;:&quot;0&quot;}\" data-image-title=\"rucnik biely plna vysivka vlavo\" data-image-description=\"\" data-image-caption=\"\" data-medium-file=\"https:\/\/i0.wp.com\/www.atelier-reklama.sk\/blog\/wp-content\/uploads\/2019\/01\/rucnik-biely-plna-vysivka-vlavo.jpg?fit=218%2C300&amp;ssl=1\" data-large-file=\"https:\/\/i0.wp.com\/www.atelier-reklama.sk\/blog\/wp-content\/uploads\/2019\/01\/rucnik-biely-plna-vysivka-vlavo.jpg?fit=745%2C1024&amp;ssl=1\" src=\"https:\/\/i0.wp.com\/www.atelier-reklama.sk\/blog\/wp-content\/uploads\/2019\/01\/rucnik-biely-plna-vysivka-vlavo.jpg?resize=745%2C1024&#038;ssl=1\" alt=\"\" class=\"wp-image-928\" srcset=\"https:\/\/i0.wp.com\/www.atelier-reklama.sk\/blog\/wp-content\/uploads\/2019\/01\/rucnik-biely-plna-vysivka-vlavo.jpg?resize=745%2C1024&amp;ssl=1 745w, https:\/\/i0.wp.com\/www.atelier-reklama.sk\/blog\/wp-content\/uploads\/2019\/01\/rucnik-biely-plna-vysivka-vlavo.jpg?resize=218%2C300&amp;ssl=1 218w, https:\/\/i0.wp.com\/www.atelier-reklama.sk\/blog\/wp-content\/uploads\/2019\/01\/rucnik-biely-plna-vysivka-vlavo.jpg?resize=768%2C1056&amp;ssl=1 768w, https:\/\/i0.wp.com\/www.atelier-reklama.sk\/blog\/wp-content\/uploads\/2019\/01\/rucnik-biely-plna-vysivka-vlavo.jpg?w=1700&amp;ssl=1 1700w, https:\/\/i0.wp.com\/www.atelier-reklama.sk\/blog\/wp-content\/uploads\/2019\/01\/rucnik-biely-plna-vysivka-vlavo.jpg?w=1600&amp;ssl=1 1600w\" sizes=\"auto, (max-width: 745px) 100vw, 745px\" \/><\/figure>\n\n\n\n<figure class=\"wp-block-image aligncenter size-large\"><img data-recalc-dims=\"1\" loading=\"lazy\" decoding=\"async\" width=\"745\" height=\"1024\" data-attachment-id=\"929\" data-permalink=\"https:\/\/www.atelier-reklama.sk\/blog\/rucnik-biely-plna-vysivka-vpravo\/\" data-orig-file=\"https:\/\/i0.wp.com\/www.atelier-reklama.sk\/blog\/wp-content\/uploads\/2019\/01\/rucnik-biely-plna-vysivka-vpravo.jpg?fit=1700%2C2338&amp;ssl=1\" data-orig-size=\"1700,2338\" data-comments-opened=\"1\" data-image-meta=\"{&quot;aperture&quot;:&quot;0&quot;,&quot;credit&quot;:&quot;&quot;,&quot;camera&quot;:&quot;&quot;,&quot;caption&quot;:&quot;&quot;,&quot;created_timestamp&quot;:&quot;0&quot;,&quot;copyright&quot;:&quot;&quot;,&quot;focal_length&quot;:&quot;0&quot;,&quot;iso&quot;:&quot;0&quot;,&quot;shutter_speed&quot;:&quot;0&quot;,&quot;title&quot;:&quot;&quot;,&quot;orientation&quot;:&quot;0&quot;}\" data-image-title=\"rucnik biely plna vysivka vpravo\" data-image-description=\"\" data-image-caption=\"\" data-medium-file=\"https:\/\/i0.wp.com\/www.atelier-reklama.sk\/blog\/wp-content\/uploads\/2019\/01\/rucnik-biely-plna-vysivka-vpravo.jpg?fit=218%2C300&amp;ssl=1\" data-large-file=\"https:\/\/i0.wp.com\/www.atelier-reklama.sk\/blog\/wp-content\/uploads\/2019\/01\/rucnik-biely-plna-vysivka-vpravo.jpg?fit=745%2C1024&amp;ssl=1\" src=\"https:\/\/i0.wp.com\/www.atelier-reklama.sk\/blog\/wp-content\/uploads\/2019\/01\/rucnik-biely-plna-vysivka-vpravo.jpg?resize=745%2C1024&#038;ssl=1\" alt=\"\" class=\"wp-image-929\" srcset=\"https:\/\/i0.wp.com\/www.atelier-reklama.sk\/blog\/wp-content\/uploads\/2019\/01\/rucnik-biely-plna-vysivka-vpravo.jpg?resize=745%2C1024&amp;ssl=1 745w, https:\/\/i0.wp.com\/www.atelier-reklama.sk\/blog\/wp-content\/uploads\/2019\/01\/rucnik-biely-plna-vysivka-vpravo.jpg?resize=218%2C300&amp;ssl=1 218w, https:\/\/i0.wp.com\/www.atelier-reklama.sk\/blog\/wp-content\/uploads\/2019\/01\/rucnik-biely-plna-vysivka-vpravo.jpg?resize=768%2C1056&amp;ssl=1 768w, https:\/\/i0.wp.com\/www.atelier-reklama.sk\/blog\/wp-content\/uploads\/2019\/01\/rucnik-biely-plna-vysivka-vpravo.jpg?w=1700&amp;ssl=1 1700w, https:\/\/i0.wp.com\/www.atelier-reklama.sk\/blog\/wp-content\/uploads\/2019\/01\/rucnik-biely-plna-vysivka-vpravo.jpg?w=1600&amp;ssl=1 1600w\" sizes=\"auto, (max-width: 745px) 100vw, 745px\" \/><\/figure>\n\n\n\n<figure class=\"wp-block-image aligncenter size-large\"><img data-recalc-dims=\"1\" loading=\"lazy\" decoding=\"async\" width=\"745\" height=\"1024\" data-attachment-id=\"930\" data-permalink=\"https:\/\/www.atelier-reklama.sk\/blog\/rucnik-biely-plna-vysivka\/\" data-orig-file=\"https:\/\/i0.wp.com\/www.atelier-reklama.sk\/blog\/wp-content\/uploads\/2019\/01\/rucnik-biely-plna-vysivka.jpg?fit=1700%2C2338&amp;ssl=1\" data-orig-size=\"1700,2338\" data-comments-opened=\"1\" data-image-meta=\"{&quot;aperture&quot;:&quot;0&quot;,&quot;credit&quot;:&quot;&quot;,&quot;camera&quot;:&quot;&quot;,&quot;caption&quot;:&quot;&quot;,&quot;created_timestamp&quot;:&quot;0&quot;,&quot;copyright&quot;:&quot;&quot;,&quot;focal_length&quot;:&quot;0&quot;,&quot;iso&quot;:&quot;0&quot;,&quot;shutter_speed&quot;:&quot;0&quot;,&quot;title&quot;:&quot;&quot;,&quot;orientation&quot;:&quot;0&quot;}\" data-image-title=\"rucnik biely plna vysivka\" data-image-description=\"\" data-image-caption=\"\" data-medium-file=\"https:\/\/i0.wp.com\/www.atelier-reklama.sk\/blog\/wp-content\/uploads\/2019\/01\/rucnik-biely-plna-vysivka.jpg?fit=218%2C300&amp;ssl=1\" data-large-file=\"https:\/\/i0.wp.com\/www.atelier-reklama.sk\/blog\/wp-content\/uploads\/2019\/01\/rucnik-biely-plna-vysivka.jpg?fit=745%2C1024&amp;ssl=1\" src=\"https:\/\/i0.wp.com\/www.atelier-reklama.sk\/blog\/wp-content\/uploads\/2019\/01\/rucnik-biely-plna-vysivka.jpg?resize=745%2C1024&#038;ssl=1\" alt=\"\" class=\"wp-image-930\" srcset=\"https:\/\/i0.wp.com\/www.atelier-reklama.sk\/blog\/wp-content\/uploads\/2019\/01\/rucnik-biely-plna-vysivka.jpg?resize=745%2C1024&amp;ssl=1 745w, https:\/\/i0.wp.com\/www.atelier-reklama.sk\/blog\/wp-content\/uploads\/2019\/01\/rucnik-biely-plna-vysivka.jpg?resize=218%2C300&amp;ssl=1 218w, https:\/\/i0.wp.com\/www.atelier-reklama.sk\/blog\/wp-content\/uploads\/2019\/01\/rucnik-biely-plna-vysivka.jpg?resize=768%2C1056&amp;ssl=1 768w, https:\/\/i0.wp.com\/www.atelier-reklama.sk\/blog\/wp-content\/uploads\/2019\/01\/rucnik-biely-plna-vysivka.jpg?w=1700&amp;ssl=1 1700w, https:\/\/i0.wp.com\/www.atelier-reklama.sk\/blog\/wp-content\/uploads\/2019\/01\/rucnik-biely-plna-vysivka.jpg?w=1600&amp;ssl=1 1600w\" sizes=\"auto, (max-width: 745px) 100vw, 745px\" \/><\/figure>\n\n\n\n<figure class=\"wp-block-image aligncenter size-large\"><img data-recalc-dims=\"1\" loading=\"lazy\" decoding=\"async\" width=\"745\" height=\"1024\" data-attachment-id=\"927\" data-permalink=\"https:\/\/www.atelier-reklama.sk\/blog\/rucnik-biely-plna-vysivka-stred\/\" data-orig-file=\"https:\/\/i0.wp.com\/www.atelier-reklama.sk\/blog\/wp-content\/uploads\/2019\/01\/rucnik-biely-plna-vysivka-stred.jpg?fit=1700%2C2338&amp;ssl=1\" data-orig-size=\"1700,2338\" data-comments-opened=\"1\" data-image-meta=\"{&quot;aperture&quot;:&quot;0&quot;,&quot;credit&quot;:&quot;&quot;,&quot;camera&quot;:&quot;&quot;,&quot;caption&quot;:&quot;&quot;,&quot;created_timestamp&quot;:&quot;1547469330&quot;,&quot;copyright&quot;:&quot;&quot;,&quot;focal_length&quot;:&quot;0&quot;,&quot;iso&quot;:&quot;0&quot;,&quot;shutter_speed&quot;:&quot;0&quot;,&quot;title&quot;:&quot;&quot;,&quot;orientation&quot;:&quot;1&quot;}\" data-image-title=\"rucnik biely plna vysivka stred\" data-image-description=\"\" data-image-caption=\"\" data-medium-file=\"https:\/\/i0.wp.com\/www.atelier-reklama.sk\/blog\/wp-content\/uploads\/2019\/01\/rucnik-biely-plna-vysivka-stred.jpg?fit=218%2C300&amp;ssl=1\" data-large-file=\"https:\/\/i0.wp.com\/www.atelier-reklama.sk\/blog\/wp-content\/uploads\/2019\/01\/rucnik-biely-plna-vysivka-stred.jpg?fit=745%2C1024&amp;ssl=1\" src=\"https:\/\/i0.wp.com\/www.atelier-reklama.sk\/blog\/wp-content\/uploads\/2019\/01\/rucnik-biely-plna-vysivka-stred.jpg?resize=745%2C1024&#038;ssl=1\" alt=\"\" class=\"wp-image-927\" srcset=\"https:\/\/i0.wp.com\/www.atelier-reklama.sk\/blog\/wp-content\/uploads\/2019\/01\/rucnik-biely-plna-vysivka-stred.jpg?resize=745%2C1024&amp;ssl=1 745w, https:\/\/i0.wp.com\/www.atelier-reklama.sk\/blog\/wp-content\/uploads\/2019\/01\/rucnik-biely-plna-vysivka-stred.jpg?resize=218%2C300&amp;ssl=1 218w, https:\/\/i0.wp.com\/www.atelier-reklama.sk\/blog\/wp-content\/uploads\/2019\/01\/rucnik-biely-plna-vysivka-stred.jpg?resize=768%2C1056&amp;ssl=1 768w, https:\/\/i0.wp.com\/www.atelier-reklama.sk\/blog\/wp-content\/uploads\/2019\/01\/rucnik-biely-plna-vysivka-stred.jpg?w=1700&amp;ssl=1 1700w, https:\/\/i0.wp.com\/www.atelier-reklama.sk\/blog\/wp-content\/uploads\/2019\/01\/rucnik-biely-plna-vysivka-stred.jpg?w=1600&amp;ssl=1 1600w\" sizes=\"auto, (max-width: 745px) 100vw, 745px\" \/><\/figure>\n\n\n\n<p class=\"has-text-align-center\"> \u0160atka, Jal\u0161ov\u00edk, pol. 20. stor., pln\u00fd ploch\u00fd steh, hladkovanie, vy\u0161ila Anna O\u010den\u00e1\u0161ov\u00e1, rod. Bartikov\u00e1 (1930-2013)<\/p>\n\n\n\n<figure class=\"wp-block-image size-large\"><img data-recalc-dims=\"1\" loading=\"lazy\" decoding=\"async\" width=\"800\" height=\"871\" data-attachment-id=\"12669\" data-permalink=\"https:\/\/www.atelier-reklama.sk\/blog\/moj-krekacsky-kroj-a-jeho-prekreslene-vzory-spolu\/8-satka-cela-jalsovik-pol-20-stor-vysila-anna-ocenasova-1930-2013\/\" data-orig-file=\"https:\/\/i0.wp.com\/www.atelier-reklama.sk\/blog\/wp-content\/uploads\/2023\/03\/8.-%C5%A1atka-cel%C3%A1-Jal%C5%A1ov%C3%ADk-pol.-20.-stor.-vy%C5%A1ila-Anna-O%C4%8Den%C3%A1%C5%A1ov%C3%A1-1930-2013-scaled.jpg?fit=2351%2C2560&amp;ssl=1\" data-orig-size=\"2351,2560\" data-comments-opened=\"1\" data-image-meta=\"{&quot;aperture&quot;:&quot;2&quot;,&quot;credit&quot;:&quot;&quot;,&quot;camera&quot;:&quot;SM-A125F&quot;,&quot;caption&quot;:&quot;&quot;,&quot;created_timestamp&quot;:&quot;1678099876&quot;,&quot;copyright&quot;:&quot;&quot;,&quot;focal_length&quot;:&quot;4.6&quot;,&quot;iso&quot;:&quot;25&quot;,&quot;shutter_speed&quot;:&quot;0.0095&quot;,&quot;title&quot;:&quot;&quot;,&quot;orientation&quot;:&quot;1&quot;}\" data-image-title=\"8.-\u0161atka-cel\u00e1-Jal\u0161ov\u00edk-pol.-20.-stor.-vy\u0161ila-Anna-O\u010den\u00e1\u0161ov\u00e1-1930-2013\" data-image-description=\"\" data-image-caption=\"\" data-medium-file=\"https:\/\/i0.wp.com\/www.atelier-reklama.sk\/blog\/wp-content\/uploads\/2023\/03\/8.-%C5%A1atka-cel%C3%A1-Jal%C5%A1ov%C3%ADk-pol.-20.-stor.-vy%C5%A1ila-Anna-O%C4%8Den%C3%A1%C5%A1ov%C3%A1-1930-2013-scaled.jpg?fit=276%2C300&amp;ssl=1\" data-large-file=\"https:\/\/i0.wp.com\/www.atelier-reklama.sk\/blog\/wp-content\/uploads\/2023\/03\/8.-%C5%A1atka-cel%C3%A1-Jal%C5%A1ov%C3%ADk-pol.-20.-stor.-vy%C5%A1ila-Anna-O%C4%8Den%C3%A1%C5%A1ov%C3%A1-1930-2013-scaled.jpg?fit=800%2C871&amp;ssl=1\" src=\"https:\/\/i0.wp.com\/www.atelier-reklama.sk\/blog\/wp-content\/uploads\/2023\/03\/8.-%C5%A1atka-cel%C3%A1-Jal%C5%A1ov%C3%ADk-pol.-20.-stor.-vy%C5%A1ila-Anna-O%C4%8Den%C3%A1%C5%A1ov%C3%A1-1930-2013.jpg?resize=800%2C871&#038;ssl=1\" alt=\"\" class=\"wp-image-12669\" srcset=\"https:\/\/i0.wp.com\/www.atelier-reklama.sk\/blog\/wp-content\/uploads\/2023\/03\/8.-%C5%A1atka-cel%C3%A1-Jal%C5%A1ov%C3%ADk-pol.-20.-stor.-vy%C5%A1ila-Anna-O%C4%8Den%C3%A1%C5%A1ov%C3%A1-1930-2013-scaled.jpg?resize=941%2C1024&amp;ssl=1 941w, https:\/\/i0.wp.com\/www.atelier-reklama.sk\/blog\/wp-content\/uploads\/2023\/03\/8.-%C5%A1atka-cel%C3%A1-Jal%C5%A1ov%C3%ADk-pol.-20.-stor.-vy%C5%A1ila-Anna-O%C4%8Den%C3%A1%C5%A1ov%C3%A1-1930-2013-scaled.jpg?resize=276%2C300&amp;ssl=1 276w, https:\/\/i0.wp.com\/www.atelier-reklama.sk\/blog\/wp-content\/uploads\/2023\/03\/8.-%C5%A1atka-cel%C3%A1-Jal%C5%A1ov%C3%ADk-pol.-20.-stor.-vy%C5%A1ila-Anna-O%C4%8Den%C3%A1%C5%A1ov%C3%A1-1930-2013-scaled.jpg?resize=768%2C836&amp;ssl=1 768w, https:\/\/i0.wp.com\/www.atelier-reklama.sk\/blog\/wp-content\/uploads\/2023\/03\/8.-%C5%A1atka-cel%C3%A1-Jal%C5%A1ov%C3%ADk-pol.-20.-stor.-vy%C5%A1ila-Anna-O%C4%8Den%C3%A1%C5%A1ov%C3%A1-1930-2013-scaled.jpg?resize=1411%2C1536&amp;ssl=1 1411w, https:\/\/i0.wp.com\/www.atelier-reklama.sk\/blog\/wp-content\/uploads\/2023\/03\/8.-%C5%A1atka-cel%C3%A1-Jal%C5%A1ov%C3%ADk-pol.-20.-stor.-vy%C5%A1ila-Anna-O%C4%8Den%C3%A1%C5%A1ov%C3%A1-1930-2013-scaled.jpg?resize=1881%2C2048&amp;ssl=1 1881w, https:\/\/i0.wp.com\/www.atelier-reklama.sk\/blog\/wp-content\/uploads\/2023\/03\/8.-%C5%A1atka-cel%C3%A1-Jal%C5%A1ov%C3%ADk-pol.-20.-stor.-vy%C5%A1ila-Anna-O%C4%8Den%C3%A1%C5%A1ov%C3%A1-1930-2013-scaled.jpg?w=1600&amp;ssl=1 1600w\" sizes=\"auto, (max-width: 800px) 100vw, 800px\" \/><\/figure>\n\n\n\n<figure class=\"wp-block-image size-large\"><img data-recalc-dims=\"1\" loading=\"lazy\" decoding=\"async\" width=\"800\" height=\"566\" data-attachment-id=\"12673\" data-permalink=\"https:\/\/www.atelier-reklama.sk\/blog\/moj-krekacsky-kroj-a-jeho-prekreslene-vzory-spolu\/8-satka-vzor-jalsovik-pol-20-stor-vysila-anna-ocenasova\/\" data-orig-file=\"https:\/\/i0.wp.com\/www.atelier-reklama.sk\/blog\/wp-content\/uploads\/2023\/03\/8.-%C5%A0atka-vzor-Jal%C5%A1ov%C3%ADk-pol.-20.-stor.-vy%C5%A1ila-Anna-O%C4%8Den%C3%A1%C5%A1ov%C3%A1-scaled.jpg?fit=2560%2C1810&amp;ssl=1\" data-orig-size=\"2560,1810\" data-comments-opened=\"1\" data-image-meta=\"{&quot;aperture&quot;:&quot;0&quot;,&quot;credit&quot;:&quot;&quot;,&quot;camera&quot;:&quot;&quot;,&quot;caption&quot;:&quot;&quot;,&quot;created_timestamp&quot;:&quot;1677927964&quot;,&quot;copyright&quot;:&quot;&quot;,&quot;focal_length&quot;:&quot;0&quot;,&quot;iso&quot;:&quot;0&quot;,&quot;shutter_speed&quot;:&quot;0&quot;,&quot;title&quot;:&quot;&quot;,&quot;orientation&quot;:&quot;1&quot;}\" data-image-title=\"8.-\u0160atka-vzor-Jal\u0161ov\u00edk-pol.-20.-stor.-vy\u0161ila-Anna-O\u010den\u00e1\u0161ov\u00e1\" data-image-description=\"\" data-image-caption=\"\" data-medium-file=\"https:\/\/i0.wp.com\/www.atelier-reklama.sk\/blog\/wp-content\/uploads\/2023\/03\/8.-%C5%A0atka-vzor-Jal%C5%A1ov%C3%ADk-pol.-20.-stor.-vy%C5%A1ila-Anna-O%C4%8Den%C3%A1%C5%A1ov%C3%A1-scaled.jpg?fit=300%2C212&amp;ssl=1\" data-large-file=\"https:\/\/i0.wp.com\/www.atelier-reklama.sk\/blog\/wp-content\/uploads\/2023\/03\/8.-%C5%A0atka-vzor-Jal%C5%A1ov%C3%ADk-pol.-20.-stor.-vy%C5%A1ila-Anna-O%C4%8Den%C3%A1%C5%A1ov%C3%A1-scaled.jpg?fit=800%2C566&amp;ssl=1\" src=\"https:\/\/i0.wp.com\/www.atelier-reklama.sk\/blog\/wp-content\/uploads\/2023\/03\/8.-%C5%A0atka-vzor-Jal%C5%A1ov%C3%ADk-pol.-20.-stor.-vy%C5%A1ila-Anna-O%C4%8Den%C3%A1%C5%A1ov%C3%A1.jpg?resize=800%2C566&#038;ssl=1\" alt=\"\" class=\"wp-image-12673\" srcset=\"https:\/\/i0.wp.com\/www.atelier-reklama.sk\/blog\/wp-content\/uploads\/2023\/03\/8.-%C5%A0atka-vzor-Jal%C5%A1ov%C3%ADk-pol.-20.-stor.-vy%C5%A1ila-Anna-O%C4%8Den%C3%A1%C5%A1ov%C3%A1-scaled.jpg?resize=1024%2C724&amp;ssl=1 1024w, https:\/\/i0.wp.com\/www.atelier-reklama.sk\/blog\/wp-content\/uploads\/2023\/03\/8.-%C5%A0atka-vzor-Jal%C5%A1ov%C3%ADk-pol.-20.-stor.-vy%C5%A1ila-Anna-O%C4%8Den%C3%A1%C5%A1ov%C3%A1-scaled.jpg?resize=300%2C212&amp;ssl=1 300w, https:\/\/i0.wp.com\/www.atelier-reklama.sk\/blog\/wp-content\/uploads\/2023\/03\/8.-%C5%A0atka-vzor-Jal%C5%A1ov%C3%ADk-pol.-20.-stor.-vy%C5%A1ila-Anna-O%C4%8Den%C3%A1%C5%A1ov%C3%A1-scaled.jpg?resize=768%2C543&amp;ssl=1 768w, https:\/\/i0.wp.com\/www.atelier-reklama.sk\/blog\/wp-content\/uploads\/2023\/03\/8.-%C5%A0atka-vzor-Jal%C5%A1ov%C3%ADk-pol.-20.-stor.-vy%C5%A1ila-Anna-O%C4%8Den%C3%A1%C5%A1ov%C3%A1-scaled.jpg?resize=1536%2C1086&amp;ssl=1 1536w, https:\/\/i0.wp.com\/www.atelier-reklama.sk\/blog\/wp-content\/uploads\/2023\/03\/8.-%C5%A0atka-vzor-Jal%C5%A1ov%C3%ADk-pol.-20.-stor.-vy%C5%A1ila-Anna-O%C4%8Den%C3%A1%C5%A1ov%C3%A1-scaled.jpg?resize=2048%2C1448&amp;ssl=1 2048w, https:\/\/i0.wp.com\/www.atelier-reklama.sk\/blog\/wp-content\/uploads\/2023\/03\/8.-%C5%A0atka-vzor-Jal%C5%A1ov%C3%ADk-pol.-20.-stor.-vy%C5%A1ila-Anna-O%C4%8Den%C3%A1%C5%A1ov%C3%A1-scaled.jpg?w=1600&amp;ssl=1 1600w, https:\/\/i0.wp.com\/www.atelier-reklama.sk\/blog\/wp-content\/uploads\/2023\/03\/8.-%C5%A0atka-vzor-Jal%C5%A1ov%C3%ADk-pol.-20.-stor.-vy%C5%A1ila-Anna-O%C4%8Den%C3%A1%C5%A1ov%C3%A1-scaled.jpg?w=2400&amp;ssl=1 2400w\" sizes=\"auto, (max-width: 800px) 100vw, 800px\" \/><\/figure>\n\n\n\n<figure class=\"wp-block-image size-large\"><img data-recalc-dims=\"1\" loading=\"lazy\" decoding=\"async\" width=\"800\" height=\"759\" data-attachment-id=\"12672\" data-permalink=\"https:\/\/www.atelier-reklama.sk\/blog\/moj-krekacsky-kroj-a-jeho-prekreslene-vzory-spolu\/8-satka-stred-jalsovik-pol-20-stor-vysila-anna-ocenasova-1930-2013\/\" data-orig-file=\"https:\/\/i0.wp.com\/www.atelier-reklama.sk\/blog\/wp-content\/uploads\/2023\/03\/8.-%C5%A1atka-stred-Jal%C5%A1ov%C3%ADk-pol.-20.-stor.-vy%C5%A1ila-Anna-O%C4%8Den%C3%A1%C5%A1ov%C3%A1-1930-2013.jpg?fit=1889%2C1793&amp;ssl=1\" data-orig-size=\"1889,1793\" data-comments-opened=\"1\" data-image-meta=\"{&quot;aperture&quot;:&quot;2&quot;,&quot;credit&quot;:&quot;&quot;,&quot;camera&quot;:&quot;SM-A125F&quot;,&quot;caption&quot;:&quot;&quot;,&quot;created_timestamp&quot;:&quot;1678099880&quot;,&quot;copyright&quot;:&quot;&quot;,&quot;focal_length&quot;:&quot;4.6&quot;,&quot;iso&quot;:&quot;32&quot;,&quot;shutter_speed&quot;:&quot;0.0099&quot;,&quot;title&quot;:&quot;&quot;,&quot;orientation&quot;:&quot;1&quot;}\" data-image-title=\"8.-\u0161atka-stred-Jal\u0161ov\u00edk-pol.-20.-stor.-vy\u0161ila-Anna-O\u010den\u00e1\u0161ov\u00e1-1930-2013\" data-image-description=\"\" data-image-caption=\"\" data-medium-file=\"https:\/\/i0.wp.com\/www.atelier-reklama.sk\/blog\/wp-content\/uploads\/2023\/03\/8.-%C5%A1atka-stred-Jal%C5%A1ov%C3%ADk-pol.-20.-stor.-vy%C5%A1ila-Anna-O%C4%8Den%C3%A1%C5%A1ov%C3%A1-1930-2013.jpg?fit=300%2C285&amp;ssl=1\" data-large-file=\"https:\/\/i0.wp.com\/www.atelier-reklama.sk\/blog\/wp-content\/uploads\/2023\/03\/8.-%C5%A1atka-stred-Jal%C5%A1ov%C3%ADk-pol.-20.-stor.-vy%C5%A1ila-Anna-O%C4%8Den%C3%A1%C5%A1ov%C3%A1-1930-2013.jpg?fit=800%2C759&amp;ssl=1\" src=\"https:\/\/i0.wp.com\/www.atelier-reklama.sk\/blog\/wp-content\/uploads\/2023\/03\/8.-%C5%A1atka-stred-Jal%C5%A1ov%C3%ADk-pol.-20.-stor.-vy%C5%A1ila-Anna-O%C4%8Den%C3%A1%C5%A1ov%C3%A1-1930-2013.jpg?resize=800%2C759&#038;ssl=1\" alt=\"\" class=\"wp-image-12672\" srcset=\"https:\/\/i0.wp.com\/www.atelier-reklama.sk\/blog\/wp-content\/uploads\/2023\/03\/8.-%C5%A1atka-stred-Jal%C5%A1ov%C3%ADk-pol.-20.-stor.-vy%C5%A1ila-Anna-O%C4%8Den%C3%A1%C5%A1ov%C3%A1-1930-2013.jpg?resize=1024%2C972&amp;ssl=1 1024w, https:\/\/i0.wp.com\/www.atelier-reklama.sk\/blog\/wp-content\/uploads\/2023\/03\/8.-%C5%A1atka-stred-Jal%C5%A1ov%C3%ADk-pol.-20.-stor.-vy%C5%A1ila-Anna-O%C4%8Den%C3%A1%C5%A1ov%C3%A1-1930-2013.jpg?resize=300%2C285&amp;ssl=1 300w, https:\/\/i0.wp.com\/www.atelier-reklama.sk\/blog\/wp-content\/uploads\/2023\/03\/8.-%C5%A1atka-stred-Jal%C5%A1ov%C3%ADk-pol.-20.-stor.-vy%C5%A1ila-Anna-O%C4%8Den%C3%A1%C5%A1ov%C3%A1-1930-2013.jpg?resize=768%2C729&amp;ssl=1 768w, https:\/\/i0.wp.com\/www.atelier-reklama.sk\/blog\/wp-content\/uploads\/2023\/03\/8.-%C5%A1atka-stred-Jal%C5%A1ov%C3%ADk-pol.-20.-stor.-vy%C5%A1ila-Anna-O%C4%8Den%C3%A1%C5%A1ov%C3%A1-1930-2013.jpg?resize=1536%2C1458&amp;ssl=1 1536w, https:\/\/i0.wp.com\/www.atelier-reklama.sk\/blog\/wp-content\/uploads\/2023\/03\/8.-%C5%A1atka-stred-Jal%C5%A1ov%C3%ADk-pol.-20.-stor.-vy%C5%A1ila-Anna-O%C4%8Den%C3%A1%C5%A1ov%C3%A1-1930-2013.jpg?w=1889&amp;ssl=1 1889w, https:\/\/i0.wp.com\/www.atelier-reklama.sk\/blog\/wp-content\/uploads\/2023\/03\/8.-%C5%A1atka-stred-Jal%C5%A1ov%C3%ADk-pol.-20.-stor.-vy%C5%A1ila-Anna-O%C4%8Den%C3%A1%C5%A1ov%C3%A1-1930-2013.jpg?w=1600&amp;ssl=1 1600w\" sizes=\"auto, (max-width: 800px) 100vw, 800px\" \/><\/figure>\n\n\n\n<figure class=\"wp-block-image size-large\"><img data-recalc-dims=\"1\" loading=\"lazy\" decoding=\"async\" width=\"800\" height=\"800\" data-attachment-id=\"12674\" data-permalink=\"https:\/\/www.atelier-reklama.sk\/blog\/moj-krekacsky-kroj-a-jeho-prekreslene-vzory-spolu\/8-satka-kvet-jalsovik-pol-20-stor-vysila-anna-ocenasova-1930-2013\/\" data-orig-file=\"https:\/\/i0.wp.com\/www.atelier-reklama.sk\/blog\/wp-content\/uploads\/2023\/03\/8.-%C5%A1atka-kvet-Jal%C5%A1ov%C3%ADk-pol.-20.-stor.-vy%C5%A1ila-Anna-O%C4%8Den%C3%A1%C5%A1ov%C3%A1-1930-2013-scaled.jpg?fit=2560%2C2560&amp;ssl=1\" data-orig-size=\"2560,2560\" data-comments-opened=\"1\" data-image-meta=\"{&quot;aperture&quot;:&quot;2&quot;,&quot;credit&quot;:&quot;&quot;,&quot;camera&quot;:&quot;SM-A125F&quot;,&quot;caption&quot;:&quot;&quot;,&quot;created_timestamp&quot;:&quot;1678099910&quot;,&quot;copyright&quot;:&quot;&quot;,&quot;focal_length&quot;:&quot;4.6&quot;,&quot;iso&quot;:&quot;25&quot;,&quot;shutter_speed&quot;:&quot;0.0093&quot;,&quot;title&quot;:&quot;&quot;,&quot;orientation&quot;:&quot;1&quot;}\" data-image-title=\"8.-\u0161atka-kvet-Jal\u0161ov\u00edk-pol.-20.-stor.-vy\u0161ila-Anna-O\u010den\u00e1\u0161ov\u00e1-1930-2013\" data-image-description=\"\" data-image-caption=\"\" data-medium-file=\"https:\/\/i0.wp.com\/www.atelier-reklama.sk\/blog\/wp-content\/uploads\/2023\/03\/8.-%C5%A1atka-kvet-Jal%C5%A1ov%C3%ADk-pol.-20.-stor.-vy%C5%A1ila-Anna-O%C4%8Den%C3%A1%C5%A1ov%C3%A1-1930-2013-scaled.jpg?fit=300%2C300&amp;ssl=1\" data-large-file=\"https:\/\/i0.wp.com\/www.atelier-reklama.sk\/blog\/wp-content\/uploads\/2023\/03\/8.-%C5%A1atka-kvet-Jal%C5%A1ov%C3%ADk-pol.-20.-stor.-vy%C5%A1ila-Anna-O%C4%8Den%C3%A1%C5%A1ov%C3%A1-1930-2013-scaled.jpg?fit=800%2C800&amp;ssl=1\" src=\"https:\/\/i0.wp.com\/www.atelier-reklama.sk\/blog\/wp-content\/uploads\/2023\/03\/8.-%C5%A1atka-kvet-Jal%C5%A1ov%C3%ADk-pol.-20.-stor.-vy%C5%A1ila-Anna-O%C4%8Den%C3%A1%C5%A1ov%C3%A1-1930-2013.jpg?resize=800%2C800&#038;ssl=1\" alt=\"\" class=\"wp-image-12674\" srcset=\"https:\/\/i0.wp.com\/www.atelier-reklama.sk\/blog\/wp-content\/uploads\/2023\/03\/8.-%C5%A1atka-kvet-Jal%C5%A1ov%C3%ADk-pol.-20.-stor.-vy%C5%A1ila-Anna-O%C4%8Den%C3%A1%C5%A1ov%C3%A1-1930-2013-scaled.jpg?resize=1024%2C1024&amp;ssl=1 1024w, https:\/\/i0.wp.com\/www.atelier-reklama.sk\/blog\/wp-content\/uploads\/2023\/03\/8.-%C5%A1atka-kvet-Jal%C5%A1ov%C3%ADk-pol.-20.-stor.-vy%C5%A1ila-Anna-O%C4%8Den%C3%A1%C5%A1ov%C3%A1-1930-2013-scaled.jpg?resize=300%2C300&amp;ssl=1 300w, https:\/\/i0.wp.com\/www.atelier-reklama.sk\/blog\/wp-content\/uploads\/2023\/03\/8.-%C5%A1atka-kvet-Jal%C5%A1ov%C3%ADk-pol.-20.-stor.-vy%C5%A1ila-Anna-O%C4%8Den%C3%A1%C5%A1ov%C3%A1-1930-2013-scaled.jpg?resize=150%2C150&amp;ssl=1 150w, https:\/\/i0.wp.com\/www.atelier-reklama.sk\/blog\/wp-content\/uploads\/2023\/03\/8.-%C5%A1atka-kvet-Jal%C5%A1ov%C3%ADk-pol.-20.-stor.-vy%C5%A1ila-Anna-O%C4%8Den%C3%A1%C5%A1ov%C3%A1-1930-2013-scaled.jpg?resize=768%2C768&amp;ssl=1 768w, https:\/\/i0.wp.com\/www.atelier-reklama.sk\/blog\/wp-content\/uploads\/2023\/03\/8.-%C5%A1atka-kvet-Jal%C5%A1ov%C3%ADk-pol.-20.-stor.-vy%C5%A1ila-Anna-O%C4%8Den%C3%A1%C5%A1ov%C3%A1-1930-2013-scaled.jpg?resize=1536%2C1536&amp;ssl=1 1536w, https:\/\/i0.wp.com\/www.atelier-reklama.sk\/blog\/wp-content\/uploads\/2023\/03\/8.-%C5%A1atka-kvet-Jal%C5%A1ov%C3%ADk-pol.-20.-stor.-vy%C5%A1ila-Anna-O%C4%8Den%C3%A1%C5%A1ov%C3%A1-1930-2013-scaled.jpg?resize=2048%2C2048&amp;ssl=1 2048w, https:\/\/i0.wp.com\/www.atelier-reklama.sk\/blog\/wp-content\/uploads\/2023\/03\/8.-%C5%A1atka-kvet-Jal%C5%A1ov%C3%ADk-pol.-20.-stor.-vy%C5%A1ila-Anna-O%C4%8Den%C3%A1%C5%A1ov%C3%A1-1930-2013-scaled.jpg?w=1600&amp;ssl=1 1600w, https:\/\/i0.wp.com\/www.atelier-reklama.sk\/blog\/wp-content\/uploads\/2023\/03\/8.-%C5%A1atka-kvet-Jal%C5%A1ov%C3%ADk-pol.-20.-stor.-vy%C5%A1ila-Anna-O%C4%8Den%C3%A1%C5%A1ov%C3%A1-1930-2013-scaled.jpg?w=2400&amp;ssl=1 2400w\" sizes=\"auto, (max-width: 800px) 100vw, 800px\" \/><\/figure>\n\n\n\n<p class=\"has-text-align-center\">Preskenovan\u00e1 \u0161atka<\/p>\n\n\n\n<figure class=\"wp-block-image size-large\"><img data-recalc-dims=\"1\" loading=\"lazy\" decoding=\"async\" width=\"745\" height=\"1024\" data-attachment-id=\"10696\" data-permalink=\"https:\/\/www.atelier-reklama.sk\/blog\/satky-vysivane-na-bielom-platne\/rucnik-na-bielom-plna-vysivka-mama-scan0004\/\" data-orig-file=\"https:\/\/i0.wp.com\/www.atelier-reklama.sk\/blog\/wp-content\/uploads\/2021\/05\/Ru%C4%8Dn%C3%ADk-na-bielom-pln%C3%A1-v%C3%BD%C5%A1ivka-mama-scan0004.jpg?fit=1700%2C2338&amp;ssl=1\" data-orig-size=\"1700,2338\" data-comments-opened=\"1\" data-image-meta=\"{&quot;aperture&quot;:&quot;0&quot;,&quot;credit&quot;:&quot;&quot;,&quot;camera&quot;:&quot;&quot;,&quot;caption&quot;:&quot;&quot;,&quot;created_timestamp&quot;:&quot;0&quot;,&quot;copyright&quot;:&quot;&quot;,&quot;focal_length&quot;:&quot;0&quot;,&quot;iso&quot;:&quot;0&quot;,&quot;shutter_speed&quot;:&quot;0&quot;,&quot;title&quot;:&quot;&quot;,&quot;orientation&quot;:&quot;0&quot;}\" data-image-title=\"Ru\u010dn\u00edk-na-bielom-pln\u00e1-v\u00fd\u0161ivka-mama-scan0004\" data-image-description=\"\" data-image-caption=\"\" data-medium-file=\"https:\/\/i0.wp.com\/www.atelier-reklama.sk\/blog\/wp-content\/uploads\/2021\/05\/Ru%C4%8Dn%C3%ADk-na-bielom-pln%C3%A1-v%C3%BD%C5%A1ivka-mama-scan0004.jpg?fit=218%2C300&amp;ssl=1\" data-large-file=\"https:\/\/i0.wp.com\/www.atelier-reklama.sk\/blog\/wp-content\/uploads\/2021\/05\/Ru%C4%8Dn%C3%ADk-na-bielom-pln%C3%A1-v%C3%BD%C5%A1ivka-mama-scan0004.jpg?fit=745%2C1024&amp;ssl=1\" src=\"https:\/\/i0.wp.com\/www.atelier-reklama.sk\/blog\/wp-content\/uploads\/2021\/05\/Ru%C4%8Dn%C3%ADk-na-bielom-pln%C3%A1-v%C3%BD%C5%A1ivka-mama-scan0004.jpg?resize=745%2C1024&#038;ssl=1\" alt=\"\" class=\"wp-image-10696\" srcset=\"https:\/\/i0.wp.com\/www.atelier-reklama.sk\/blog\/wp-content\/uploads\/2021\/05\/Ru%C4%8Dn%C3%ADk-na-bielom-pln%C3%A1-v%C3%BD%C5%A1ivka-mama-scan0004.jpg?resize=745%2C1024&amp;ssl=1 745w, https:\/\/i0.wp.com\/www.atelier-reklama.sk\/blog\/wp-content\/uploads\/2021\/05\/Ru%C4%8Dn%C3%ADk-na-bielom-pln%C3%A1-v%C3%BD%C5%A1ivka-mama-scan0004.jpg?resize=218%2C300&amp;ssl=1 218w, https:\/\/i0.wp.com\/www.atelier-reklama.sk\/blog\/wp-content\/uploads\/2021\/05\/Ru%C4%8Dn%C3%ADk-na-bielom-pln%C3%A1-v%C3%BD%C5%A1ivka-mama-scan0004.jpg?resize=768%2C1056&amp;ssl=1 768w, https:\/\/i0.wp.com\/www.atelier-reklama.sk\/blog\/wp-content\/uploads\/2021\/05\/Ru%C4%8Dn%C3%ADk-na-bielom-pln%C3%A1-v%C3%BD%C5%A1ivka-mama-scan0004.jpg?resize=1117%2C1536&amp;ssl=1 1117w, https:\/\/i0.wp.com\/www.atelier-reklama.sk\/blog\/wp-content\/uploads\/2021\/05\/Ru%C4%8Dn%C3%ADk-na-bielom-pln%C3%A1-v%C3%BD%C5%A1ivka-mama-scan0004.jpg?resize=1489%2C2048&amp;ssl=1 1489w, https:\/\/i0.wp.com\/www.atelier-reklama.sk\/blog\/wp-content\/uploads\/2021\/05\/Ru%C4%8Dn%C3%ADk-na-bielom-pln%C3%A1-v%C3%BD%C5%A1ivka-mama-scan0004.jpg?w=1700&amp;ssl=1 1700w, https:\/\/i0.wp.com\/www.atelier-reklama.sk\/blog\/wp-content\/uploads\/2021\/05\/Ru%C4%8Dn%C3%ADk-na-bielom-pln%C3%A1-v%C3%BD%C5%A1ivka-mama-scan0004.jpg?w=1600&amp;ssl=1 1600w\" sizes=\"auto, (max-width: 745px) 100vw, 745px\" \/><\/figure>\n\n\n\n<figure class=\"wp-block-image size-large\"><img data-recalc-dims=\"1\" loading=\"lazy\" decoding=\"async\" width=\"745\" height=\"1024\" data-attachment-id=\"10694\" data-permalink=\"https:\/\/www.atelier-reklama.sk\/blog\/satky-vysivane-na-bielom-platne\/rucnik-na-bielom-plna-vysivka-mama-scan0002\/\" data-orig-file=\"https:\/\/i0.wp.com\/www.atelier-reklama.sk\/blog\/wp-content\/uploads\/2021\/05\/Ru%C4%8Dn%C3%ADk-na-bielom-pln%C3%A1-v%C3%BD%C5%A1ivka-mama-scan0002.jpg?fit=1700%2C2338&amp;ssl=1\" data-orig-size=\"1700,2338\" data-comments-opened=\"1\" data-image-meta=\"{&quot;aperture&quot;:&quot;0&quot;,&quot;credit&quot;:&quot;&quot;,&quot;camera&quot;:&quot;&quot;,&quot;caption&quot;:&quot;&quot;,&quot;created_timestamp&quot;:&quot;0&quot;,&quot;copyright&quot;:&quot;&quot;,&quot;focal_length&quot;:&quot;0&quot;,&quot;iso&quot;:&quot;0&quot;,&quot;shutter_speed&quot;:&quot;0&quot;,&quot;title&quot;:&quot;&quot;,&quot;orientation&quot;:&quot;0&quot;}\" data-image-title=\"Ru\u010dn\u00edk-na-bielom-pln\u00e1-v\u00fd\u0161ivka-mama-scan0002\" data-image-description=\"\" data-image-caption=\"\" data-medium-file=\"https:\/\/i0.wp.com\/www.atelier-reklama.sk\/blog\/wp-content\/uploads\/2021\/05\/Ru%C4%8Dn%C3%ADk-na-bielom-pln%C3%A1-v%C3%BD%C5%A1ivka-mama-scan0002.jpg?fit=218%2C300&amp;ssl=1\" data-large-file=\"https:\/\/i0.wp.com\/www.atelier-reklama.sk\/blog\/wp-content\/uploads\/2021\/05\/Ru%C4%8Dn%C3%ADk-na-bielom-pln%C3%A1-v%C3%BD%C5%A1ivka-mama-scan0002.jpg?fit=745%2C1024&amp;ssl=1\" src=\"https:\/\/i0.wp.com\/www.atelier-reklama.sk\/blog\/wp-content\/uploads\/2021\/05\/Ru%C4%8Dn%C3%ADk-na-bielom-pln%C3%A1-v%C3%BD%C5%A1ivka-mama-scan0002.jpg?resize=745%2C1024&#038;ssl=1\" alt=\"\" class=\"wp-image-10694\" srcset=\"https:\/\/i0.wp.com\/www.atelier-reklama.sk\/blog\/wp-content\/uploads\/2021\/05\/Ru%C4%8Dn%C3%ADk-na-bielom-pln%C3%A1-v%C3%BD%C5%A1ivka-mama-scan0002.jpg?resize=745%2C1024&amp;ssl=1 745w, https:\/\/i0.wp.com\/www.atelier-reklama.sk\/blog\/wp-content\/uploads\/2021\/05\/Ru%C4%8Dn%C3%ADk-na-bielom-pln%C3%A1-v%C3%BD%C5%A1ivka-mama-scan0002.jpg?resize=218%2C300&amp;ssl=1 218w, https:\/\/i0.wp.com\/www.atelier-reklama.sk\/blog\/wp-content\/uploads\/2021\/05\/Ru%C4%8Dn%C3%ADk-na-bielom-pln%C3%A1-v%C3%BD%C5%A1ivka-mama-scan0002.jpg?resize=768%2C1056&amp;ssl=1 768w, https:\/\/i0.wp.com\/www.atelier-reklama.sk\/blog\/wp-content\/uploads\/2021\/05\/Ru%C4%8Dn%C3%ADk-na-bielom-pln%C3%A1-v%C3%BD%C5%A1ivka-mama-scan0002.jpg?resize=1117%2C1536&amp;ssl=1 1117w, https:\/\/i0.wp.com\/www.atelier-reklama.sk\/blog\/wp-content\/uploads\/2021\/05\/Ru%C4%8Dn%C3%ADk-na-bielom-pln%C3%A1-v%C3%BD%C5%A1ivka-mama-scan0002.jpg?resize=1489%2C2048&amp;ssl=1 1489w, https:\/\/i0.wp.com\/www.atelier-reklama.sk\/blog\/wp-content\/uploads\/2021\/05\/Ru%C4%8Dn%C3%ADk-na-bielom-pln%C3%A1-v%C3%BD%C5%A1ivka-mama-scan0002.jpg?w=1700&amp;ssl=1 1700w, https:\/\/i0.wp.com\/www.atelier-reklama.sk\/blog\/wp-content\/uploads\/2021\/05\/Ru%C4%8Dn%C3%ADk-na-bielom-pln%C3%A1-v%C3%BD%C5%A1ivka-mama-scan0002.jpg?w=1600&amp;ssl=1 1600w\" sizes=\"auto, (max-width: 745px) 100vw, 745px\" \/><\/figure>\n\n\n\n<figure class=\"wp-block-image size-large\"><img data-recalc-dims=\"1\" loading=\"lazy\" decoding=\"async\" width=\"745\" height=\"1024\" data-attachment-id=\"10693\" data-permalink=\"https:\/\/www.atelier-reklama.sk\/blog\/satky-vysivane-na-bielom-platne\/rucnik-na-bielom-plna-vysivka-mama-scan0001\/\" data-orig-file=\"https:\/\/i0.wp.com\/www.atelier-reklama.sk\/blog\/wp-content\/uploads\/2021\/05\/Ru%C4%8Dn%C3%ADk-na-bielom-pln%C3%A1-v%C3%BD%C5%A1ivka-mama-scan0001.jpg?fit=1700%2C2338&amp;ssl=1\" data-orig-size=\"1700,2338\" data-comments-opened=\"1\" data-image-meta=\"{&quot;aperture&quot;:&quot;0&quot;,&quot;credit&quot;:&quot;&quot;,&quot;camera&quot;:&quot;&quot;,&quot;caption&quot;:&quot;&quot;,&quot;created_timestamp&quot;:&quot;0&quot;,&quot;copyright&quot;:&quot;&quot;,&quot;focal_length&quot;:&quot;0&quot;,&quot;iso&quot;:&quot;0&quot;,&quot;shutter_speed&quot;:&quot;0&quot;,&quot;title&quot;:&quot;&quot;,&quot;orientation&quot;:&quot;0&quot;}\" data-image-title=\"Ru\u010dn\u00edk-na-bielom-pln\u00e1-v\u00fd\u0161ivka-mama-scan0001\" data-image-description=\"\" data-image-caption=\"\" data-medium-file=\"https:\/\/i0.wp.com\/www.atelier-reklama.sk\/blog\/wp-content\/uploads\/2021\/05\/Ru%C4%8Dn%C3%ADk-na-bielom-pln%C3%A1-v%C3%BD%C5%A1ivka-mama-scan0001.jpg?fit=218%2C300&amp;ssl=1\" data-large-file=\"https:\/\/i0.wp.com\/www.atelier-reklama.sk\/blog\/wp-content\/uploads\/2021\/05\/Ru%C4%8Dn%C3%ADk-na-bielom-pln%C3%A1-v%C3%BD%C5%A1ivka-mama-scan0001.jpg?fit=745%2C1024&amp;ssl=1\" src=\"https:\/\/i0.wp.com\/www.atelier-reklama.sk\/blog\/wp-content\/uploads\/2021\/05\/Ru%C4%8Dn%C3%ADk-na-bielom-pln%C3%A1-v%C3%BD%C5%A1ivka-mama-scan0001.jpg?resize=745%2C1024&#038;ssl=1\" alt=\"\" class=\"wp-image-10693\" srcset=\"https:\/\/i0.wp.com\/www.atelier-reklama.sk\/blog\/wp-content\/uploads\/2021\/05\/Ru%C4%8Dn%C3%ADk-na-bielom-pln%C3%A1-v%C3%BD%C5%A1ivka-mama-scan0001.jpg?resize=745%2C1024&amp;ssl=1 745w, https:\/\/i0.wp.com\/www.atelier-reklama.sk\/blog\/wp-content\/uploads\/2021\/05\/Ru%C4%8Dn%C3%ADk-na-bielom-pln%C3%A1-v%C3%BD%C5%A1ivka-mama-scan0001.jpg?resize=218%2C300&amp;ssl=1 218w, https:\/\/i0.wp.com\/www.atelier-reklama.sk\/blog\/wp-content\/uploads\/2021\/05\/Ru%C4%8Dn%C3%ADk-na-bielom-pln%C3%A1-v%C3%BD%C5%A1ivka-mama-scan0001.jpg?resize=768%2C1056&amp;ssl=1 768w, https:\/\/i0.wp.com\/www.atelier-reklama.sk\/blog\/wp-content\/uploads\/2021\/05\/Ru%C4%8Dn%C3%ADk-na-bielom-pln%C3%A1-v%C3%BD%C5%A1ivka-mama-scan0001.jpg?resize=1117%2C1536&amp;ssl=1 1117w, https:\/\/i0.wp.com\/www.atelier-reklama.sk\/blog\/wp-content\/uploads\/2021\/05\/Ru%C4%8Dn%C3%ADk-na-bielom-pln%C3%A1-v%C3%BD%C5%A1ivka-mama-scan0001.jpg?resize=1489%2C2048&amp;ssl=1 1489w, https:\/\/i0.wp.com\/www.atelier-reklama.sk\/blog\/wp-content\/uploads\/2021\/05\/Ru%C4%8Dn%C3%ADk-na-bielom-pln%C3%A1-v%C3%BD%C5%A1ivka-mama-scan0001.jpg?w=1700&amp;ssl=1 1700w, https:\/\/i0.wp.com\/www.atelier-reklama.sk\/blog\/wp-content\/uploads\/2021\/05\/Ru%C4%8Dn%C3%ADk-na-bielom-pln%C3%A1-v%C3%BD%C5%A1ivka-mama-scan0001.jpg?w=1600&amp;ssl=1 1600w\" sizes=\"auto, (max-width: 745px) 100vw, 745px\" \/><\/figure>\n\n\n\n<p class=\"has-text-align-center\"> \u0160atka, Jal\u0161ov\u00edk, pol. 20. stor., hladkovanie, kriv\u00e1 ihla, vy\u0161ila Anna O\u010den\u00e1\u0161ov\u00e1, rod. Bartikov\u00e1 (1930-2013)<\/p>\n\n\n\n<figure class=\"wp-block-image size-large\"><img data-recalc-dims=\"1\" loading=\"lazy\" decoding=\"async\" width=\"800\" height=\"800\" data-attachment-id=\"12686\" data-permalink=\"https:\/\/www.atelier-reklama.sk\/blog\/moj-krekacsky-kroj-a-jeho-prekreslene-vzory-spolu\/satka-jalsovik-pol-20-stor-vysila-krivou-ihlou-anna-ocenasova-1930-2013\/\" data-orig-file=\"https:\/\/i0.wp.com\/www.atelier-reklama.sk\/blog\/wp-content\/uploads\/2023\/03\/%C5%A1atka-Jal%C5%A1ov%C3%ADk-pol.-20.-stor.-vy%C5%A1ila-krivou-ihlou-Anna-O%C4%8Den%C3%A1%C5%A1ov%C3%A1-1930-2013.jpg?fit=2087%2C2087&amp;ssl=1\" data-orig-size=\"2087,2087\" data-comments-opened=\"1\" data-image-meta=\"{&quot;aperture&quot;:&quot;2&quot;,&quot;credit&quot;:&quot;&quot;,&quot;camera&quot;:&quot;SM-A125F&quot;,&quot;caption&quot;:&quot;&quot;,&quot;created_timestamp&quot;:&quot;1678100171&quot;,&quot;copyright&quot;:&quot;&quot;,&quot;focal_length&quot;:&quot;4.6&quot;,&quot;iso&quot;:&quot;32&quot;,&quot;shutter_speed&quot;:&quot;0.0099&quot;,&quot;title&quot;:&quot;&quot;,&quot;orientation&quot;:&quot;1&quot;}\" data-image-title=\"\u0161atka-Jal\u0161ov\u00edk-pol.-20.-stor.-vy\u0161ila-krivou-ihlou-Anna-O\u010den\u00e1\u0161ov\u00e1-1930-2013\" data-image-description=\"\" data-image-caption=\"\" data-medium-file=\"https:\/\/i0.wp.com\/www.atelier-reklama.sk\/blog\/wp-content\/uploads\/2023\/03\/%C5%A1atka-Jal%C5%A1ov%C3%ADk-pol.-20.-stor.-vy%C5%A1ila-krivou-ihlou-Anna-O%C4%8Den%C3%A1%C5%A1ov%C3%A1-1930-2013.jpg?fit=300%2C300&amp;ssl=1\" data-large-file=\"https:\/\/i0.wp.com\/www.atelier-reklama.sk\/blog\/wp-content\/uploads\/2023\/03\/%C5%A1atka-Jal%C5%A1ov%C3%ADk-pol.-20.-stor.-vy%C5%A1ila-krivou-ihlou-Anna-O%C4%8Den%C3%A1%C5%A1ov%C3%A1-1930-2013.jpg?fit=800%2C800&amp;ssl=1\" src=\"https:\/\/i0.wp.com\/www.atelier-reklama.sk\/blog\/wp-content\/uploads\/2023\/03\/%C5%A1atka-Jal%C5%A1ov%C3%ADk-pol.-20.-stor.-vy%C5%A1ila-krivou-ihlou-Anna-O%C4%8Den%C3%A1%C5%A1ov%C3%A1-1930-2013.jpg?resize=800%2C800&#038;ssl=1\" alt=\"\" class=\"wp-image-12686\" srcset=\"https:\/\/i0.wp.com\/www.atelier-reklama.sk\/blog\/wp-content\/uploads\/2023\/03\/%C5%A1atka-Jal%C5%A1ov%C3%ADk-pol.-20.-stor.-vy%C5%A1ila-krivou-ihlou-Anna-O%C4%8Den%C3%A1%C5%A1ov%C3%A1-1930-2013.jpg?resize=1024%2C1024&amp;ssl=1 1024w, https:\/\/i0.wp.com\/www.atelier-reklama.sk\/blog\/wp-content\/uploads\/2023\/03\/%C5%A1atka-Jal%C5%A1ov%C3%ADk-pol.-20.-stor.-vy%C5%A1ila-krivou-ihlou-Anna-O%C4%8Den%C3%A1%C5%A1ov%C3%A1-1930-2013.jpg?resize=300%2C300&amp;ssl=1 300w, https:\/\/i0.wp.com\/www.atelier-reklama.sk\/blog\/wp-content\/uploads\/2023\/03\/%C5%A1atka-Jal%C5%A1ov%C3%ADk-pol.-20.-stor.-vy%C5%A1ila-krivou-ihlou-Anna-O%C4%8Den%C3%A1%C5%A1ov%C3%A1-1930-2013.jpg?resize=150%2C150&amp;ssl=1 150w, https:\/\/i0.wp.com\/www.atelier-reklama.sk\/blog\/wp-content\/uploads\/2023\/03\/%C5%A1atka-Jal%C5%A1ov%C3%ADk-pol.-20.-stor.-vy%C5%A1ila-krivou-ihlou-Anna-O%C4%8Den%C3%A1%C5%A1ov%C3%A1-1930-2013.jpg?resize=768%2C768&amp;ssl=1 768w, https:\/\/i0.wp.com\/www.atelier-reklama.sk\/blog\/wp-content\/uploads\/2023\/03\/%C5%A1atka-Jal%C5%A1ov%C3%ADk-pol.-20.-stor.-vy%C5%A1ila-krivou-ihlou-Anna-O%C4%8Den%C3%A1%C5%A1ov%C3%A1-1930-2013.jpg?resize=1536%2C1536&amp;ssl=1 1536w, https:\/\/i0.wp.com\/www.atelier-reklama.sk\/blog\/wp-content\/uploads\/2023\/03\/%C5%A1atka-Jal%C5%A1ov%C3%ADk-pol.-20.-stor.-vy%C5%A1ila-krivou-ihlou-Anna-O%C4%8Den%C3%A1%C5%A1ov%C3%A1-1930-2013.jpg?resize=2048%2C2048&amp;ssl=1 2048w, https:\/\/i0.wp.com\/www.atelier-reklama.sk\/blog\/wp-content\/uploads\/2023\/03\/%C5%A1atka-Jal%C5%A1ov%C3%ADk-pol.-20.-stor.-vy%C5%A1ila-krivou-ihlou-Anna-O%C4%8Den%C3%A1%C5%A1ov%C3%A1-1930-2013.jpg?w=1600&amp;ssl=1 1600w\" sizes=\"auto, (max-width: 800px) 100vw, 800px\" \/><\/figure>\n\n\n\n<figure class=\"wp-block-image size-large\"><img data-recalc-dims=\"1\" loading=\"lazy\" decoding=\"async\" width=\"800\" height=\"566\" data-attachment-id=\"12756\" data-permalink=\"https:\/\/www.atelier-reklama.sk\/blog\/moj-krekacsky-kroj-a-jeho-prekreslene-vzory-spolu\/4a-satka-jalsovik-pol-20-st_-vysila-krivou-ihlou-anna-ocenasova-rod-bartikova-1930-2013\/\" data-orig-file=\"https:\/\/i0.wp.com\/www.atelier-reklama.sk\/blog\/wp-content\/uploads\/2023\/03\/4A-%C5%A0atka-Jal%C5%A1ov%C3%ADk-pol.-20.st_.-vy%C5%A1ila-krivou-ihlou-Anna-O%C4%8Den%C3%A1%C5%A1ov%C3%A1-rod.-Bartikov%C3%A1-1930-2013-scaled.jpg?fit=2560%2C1810&amp;ssl=1\" data-orig-size=\"2560,1810\" data-comments-opened=\"1\" data-image-meta=\"{&quot;aperture&quot;:&quot;0&quot;,&quot;credit&quot;:&quot;&quot;,&quot;camera&quot;:&quot;&quot;,&quot;caption&quot;:&quot;&quot;,&quot;created_timestamp&quot;:&quot;0&quot;,&quot;copyright&quot;:&quot;&quot;,&quot;focal_length&quot;:&quot;0&quot;,&quot;iso&quot;:&quot;0&quot;,&quot;shutter_speed&quot;:&quot;0&quot;,&quot;title&quot;:&quot;&quot;,&quot;orientation&quot;:&quot;0&quot;}\" data-image-title=\"4A-\u0160atka-Jal\u0161ov\u00edk-pol.-20.st_.-vy\u0161ila-krivou-ihlou-Anna-O\u010den\u00e1\u0161ov\u00e1-rod.-Bartikov\u00e1-1930-2013\" data-image-description=\"\" data-image-caption=\"\" data-medium-file=\"https:\/\/i0.wp.com\/www.atelier-reklama.sk\/blog\/wp-content\/uploads\/2023\/03\/4A-%C5%A0atka-Jal%C5%A1ov%C3%ADk-pol.-20.st_.-vy%C5%A1ila-krivou-ihlou-Anna-O%C4%8Den%C3%A1%C5%A1ov%C3%A1-rod.-Bartikov%C3%A1-1930-2013-scaled.jpg?fit=300%2C212&amp;ssl=1\" data-large-file=\"https:\/\/i0.wp.com\/www.atelier-reklama.sk\/blog\/wp-content\/uploads\/2023\/03\/4A-%C5%A0atka-Jal%C5%A1ov%C3%ADk-pol.-20.st_.-vy%C5%A1ila-krivou-ihlou-Anna-O%C4%8Den%C3%A1%C5%A1ov%C3%A1-rod.-Bartikov%C3%A1-1930-2013-scaled.jpg?fit=800%2C566&amp;ssl=1\" src=\"https:\/\/i0.wp.com\/www.atelier-reklama.sk\/blog\/wp-content\/uploads\/2023\/03\/4A-%C5%A0atka-Jal%C5%A1ov%C3%ADk-pol.-20.st_.-vy%C5%A1ila-krivou-ihlou-Anna-O%C4%8Den%C3%A1%C5%A1ov%C3%A1-rod.-Bartikov%C3%A1-1930-2013.jpg?resize=800%2C566&#038;ssl=1\" alt=\"\" class=\"wp-image-12756\" srcset=\"https:\/\/i0.wp.com\/www.atelier-reklama.sk\/blog\/wp-content\/uploads\/2023\/03\/4A-%C5%A0atka-Jal%C5%A1ov%C3%ADk-pol.-20.st_.-vy%C5%A1ila-krivou-ihlou-Anna-O%C4%8Den%C3%A1%C5%A1ov%C3%A1-rod.-Bartikov%C3%A1-1930-2013-scaled.jpg?resize=1024%2C724&amp;ssl=1 1024w, https:\/\/i0.wp.com\/www.atelier-reklama.sk\/blog\/wp-content\/uploads\/2023\/03\/4A-%C5%A0atka-Jal%C5%A1ov%C3%ADk-pol.-20.st_.-vy%C5%A1ila-krivou-ihlou-Anna-O%C4%8Den%C3%A1%C5%A1ov%C3%A1-rod.-Bartikov%C3%A1-1930-2013-scaled.jpg?resize=300%2C212&amp;ssl=1 300w, https:\/\/i0.wp.com\/www.atelier-reklama.sk\/blog\/wp-content\/uploads\/2023\/03\/4A-%C5%A0atka-Jal%C5%A1ov%C3%ADk-pol.-20.st_.-vy%C5%A1ila-krivou-ihlou-Anna-O%C4%8Den%C3%A1%C5%A1ov%C3%A1-rod.-Bartikov%C3%A1-1930-2013-scaled.jpg?resize=768%2C543&amp;ssl=1 768w, https:\/\/i0.wp.com\/www.atelier-reklama.sk\/blog\/wp-content\/uploads\/2023\/03\/4A-%C5%A0atka-Jal%C5%A1ov%C3%ADk-pol.-20.st_.-vy%C5%A1ila-krivou-ihlou-Anna-O%C4%8Den%C3%A1%C5%A1ov%C3%A1-rod.-Bartikov%C3%A1-1930-2013-scaled.jpg?resize=1536%2C1086&amp;ssl=1 1536w, https:\/\/i0.wp.com\/www.atelier-reklama.sk\/blog\/wp-content\/uploads\/2023\/03\/4A-%C5%A0atka-Jal%C5%A1ov%C3%ADk-pol.-20.st_.-vy%C5%A1ila-krivou-ihlou-Anna-O%C4%8Den%C3%A1%C5%A1ov%C3%A1-rod.-Bartikov%C3%A1-1930-2013-scaled.jpg?resize=2048%2C1448&amp;ssl=1 2048w, https:\/\/i0.wp.com\/www.atelier-reklama.sk\/blog\/wp-content\/uploads\/2023\/03\/4A-%C5%A0atka-Jal%C5%A1ov%C3%ADk-pol.-20.st_.-vy%C5%A1ila-krivou-ihlou-Anna-O%C4%8Den%C3%A1%C5%A1ov%C3%A1-rod.-Bartikov%C3%A1-1930-2013-scaled.jpg?w=1600&amp;ssl=1 1600w, https:\/\/i0.wp.com\/www.atelier-reklama.sk\/blog\/wp-content\/uploads\/2023\/03\/4A-%C5%A0atka-Jal%C5%A1ov%C3%ADk-pol.-20.st_.-vy%C5%A1ila-krivou-ihlou-Anna-O%C4%8Den%C3%A1%C5%A1ov%C3%A1-rod.-Bartikov%C3%A1-1930-2013-scaled.jpg?w=2400&amp;ssl=1 2400w\" sizes=\"auto, (max-width: 800px) 100vw, 800px\" \/><\/figure>\n\n\n\n<figure class=\"wp-block-image size-large\"><img data-recalc-dims=\"1\" loading=\"lazy\" decoding=\"async\" width=\"800\" height=\"566\" data-attachment-id=\"12757\" data-permalink=\"https:\/\/www.atelier-reklama.sk\/blog\/moj-krekacsky-kroj-a-jeho-prekreslene-vzory-spolu\/4b-satka-jalsovik-pol-20-st_-vysila-krivou-ihlou-anna-ocenasova-rod-bartikova-1930-2013\/\" data-orig-file=\"https:\/\/i0.wp.com\/www.atelier-reklama.sk\/blog\/wp-content\/uploads\/2023\/03\/4B-%C5%A0atka-Jal%C5%A1ov%C3%ADk-pol.-20.st_.-vy%C5%A1ila-krivou-ihlou-Anna-O%C4%8Den%C3%A1%C5%A1ov%C3%A1-rod.-Bartikov%C3%A1-1930-2013-scaled.jpg?fit=2560%2C1810&amp;ssl=1\" data-orig-size=\"2560,1810\" data-comments-opened=\"1\" data-image-meta=\"{&quot;aperture&quot;:&quot;0&quot;,&quot;credit&quot;:&quot;&quot;,&quot;camera&quot;:&quot;&quot;,&quot;caption&quot;:&quot;&quot;,&quot;created_timestamp&quot;:&quot;0&quot;,&quot;copyright&quot;:&quot;&quot;,&quot;focal_length&quot;:&quot;0&quot;,&quot;iso&quot;:&quot;0&quot;,&quot;shutter_speed&quot;:&quot;0&quot;,&quot;title&quot;:&quot;&quot;,&quot;orientation&quot;:&quot;0&quot;}\" data-image-title=\"4B-\u0160atka-Jal\u0161ov\u00edk-pol.-20.st_.-vy\u0161ila-krivou-ihlou-Anna-O\u010den\u00e1\u0161ov\u00e1-rod.-Bartikov\u00e1-1930-2013\" data-image-description=\"\" data-image-caption=\"\" data-medium-file=\"https:\/\/i0.wp.com\/www.atelier-reklama.sk\/blog\/wp-content\/uploads\/2023\/03\/4B-%C5%A0atka-Jal%C5%A1ov%C3%ADk-pol.-20.st_.-vy%C5%A1ila-krivou-ihlou-Anna-O%C4%8Den%C3%A1%C5%A1ov%C3%A1-rod.-Bartikov%C3%A1-1930-2013-scaled.jpg?fit=300%2C212&amp;ssl=1\" data-large-file=\"https:\/\/i0.wp.com\/www.atelier-reklama.sk\/blog\/wp-content\/uploads\/2023\/03\/4B-%C5%A0atka-Jal%C5%A1ov%C3%ADk-pol.-20.st_.-vy%C5%A1ila-krivou-ihlou-Anna-O%C4%8Den%C3%A1%C5%A1ov%C3%A1-rod.-Bartikov%C3%A1-1930-2013-scaled.jpg?fit=800%2C566&amp;ssl=1\" src=\"https:\/\/i0.wp.com\/www.atelier-reklama.sk\/blog\/wp-content\/uploads\/2023\/03\/4B-%C5%A0atka-Jal%C5%A1ov%C3%ADk-pol.-20.st_.-vy%C5%A1ila-krivou-ihlou-Anna-O%C4%8Den%C3%A1%C5%A1ov%C3%A1-rod.-Bartikov%C3%A1-1930-2013.jpg?resize=800%2C566&#038;ssl=1\" alt=\"\" class=\"wp-image-12757\" srcset=\"https:\/\/i0.wp.com\/www.atelier-reklama.sk\/blog\/wp-content\/uploads\/2023\/03\/4B-%C5%A0atka-Jal%C5%A1ov%C3%ADk-pol.-20.st_.-vy%C5%A1ila-krivou-ihlou-Anna-O%C4%8Den%C3%A1%C5%A1ov%C3%A1-rod.-Bartikov%C3%A1-1930-2013-scaled.jpg?resize=1024%2C724&amp;ssl=1 1024w, https:\/\/i0.wp.com\/www.atelier-reklama.sk\/blog\/wp-content\/uploads\/2023\/03\/4B-%C5%A0atka-Jal%C5%A1ov%C3%ADk-pol.-20.st_.-vy%C5%A1ila-krivou-ihlou-Anna-O%C4%8Den%C3%A1%C5%A1ov%C3%A1-rod.-Bartikov%C3%A1-1930-2013-scaled.jpg?resize=300%2C212&amp;ssl=1 300w, https:\/\/i0.wp.com\/www.atelier-reklama.sk\/blog\/wp-content\/uploads\/2023\/03\/4B-%C5%A0atka-Jal%C5%A1ov%C3%ADk-pol.-20.st_.-vy%C5%A1ila-krivou-ihlou-Anna-O%C4%8Den%C3%A1%C5%A1ov%C3%A1-rod.-Bartikov%C3%A1-1930-2013-scaled.jpg?resize=768%2C543&amp;ssl=1 768w, https:\/\/i0.wp.com\/www.atelier-reklama.sk\/blog\/wp-content\/uploads\/2023\/03\/4B-%C5%A0atka-Jal%C5%A1ov%C3%ADk-pol.-20.st_.-vy%C5%A1ila-krivou-ihlou-Anna-O%C4%8Den%C3%A1%C5%A1ov%C3%A1-rod.-Bartikov%C3%A1-1930-2013-scaled.jpg?resize=1536%2C1086&amp;ssl=1 1536w, https:\/\/i0.wp.com\/www.atelier-reklama.sk\/blog\/wp-content\/uploads\/2023\/03\/4B-%C5%A0atka-Jal%C5%A1ov%C3%ADk-pol.-20.st_.-vy%C5%A1ila-krivou-ihlou-Anna-O%C4%8Den%C3%A1%C5%A1ov%C3%A1-rod.-Bartikov%C3%A1-1930-2013-scaled.jpg?resize=2048%2C1448&amp;ssl=1 2048w, https:\/\/i0.wp.com\/www.atelier-reklama.sk\/blog\/wp-content\/uploads\/2023\/03\/4B-%C5%A0atka-Jal%C5%A1ov%C3%ADk-pol.-20.st_.-vy%C5%A1ila-krivou-ihlou-Anna-O%C4%8Den%C3%A1%C5%A1ov%C3%A1-rod.-Bartikov%C3%A1-1930-2013-scaled.jpg?w=1600&amp;ssl=1 1600w, https:\/\/i0.wp.com\/www.atelier-reklama.sk\/blog\/wp-content\/uploads\/2023\/03\/4B-%C5%A0atka-Jal%C5%A1ov%C3%ADk-pol.-20.st_.-vy%C5%A1ila-krivou-ihlou-Anna-O%C4%8Den%C3%A1%C5%A1ov%C3%A1-rod.-Bartikov%C3%A1-1930-2013-scaled.jpg?w=2400&amp;ssl=1 2400w\" sizes=\"auto, (max-width: 800px) 100vw, 800px\" \/><\/figure>\n\n\n\n<figure class=\"wp-block-image size-large\"><img data-recalc-dims=\"1\" loading=\"lazy\" decoding=\"async\" width=\"800\" height=\"806\" data-attachment-id=\"12688\" data-permalink=\"https:\/\/www.atelier-reklama.sk\/blog\/moj-krekacsky-kroj-a-jeho-prekreslene-vzory-spolu\/satka-jalsovik-pol-20-stor-vysila-anna-ocenasova-1930-2013\/\" data-orig-file=\"https:\/\/i0.wp.com\/www.atelier-reklama.sk\/blog\/wp-content\/uploads\/2023\/03\/%C5%A0atka-Jal%C5%A1ov%C3%ADk-pol.-20.-stor.-vy%C5%A1ila-Anna-O%C4%8Den%C3%A1%C5%A1ov%C3%A1-1930-2013-scaled.jpg?fit=2539%2C2560&amp;ssl=1\" data-orig-size=\"2539,2560\" data-comments-opened=\"1\" data-image-meta=\"{&quot;aperture&quot;:&quot;2&quot;,&quot;credit&quot;:&quot;&quot;,&quot;camera&quot;:&quot;SM-A125F&quot;,&quot;caption&quot;:&quot;&quot;,&quot;created_timestamp&quot;:&quot;1678100186&quot;,&quot;copyright&quot;:&quot;&quot;,&quot;focal_length&quot;:&quot;4.6&quot;,&quot;iso&quot;:&quot;25&quot;,&quot;shutter_speed&quot;:&quot;0.0083&quot;,&quot;title&quot;:&quot;&quot;,&quot;orientation&quot;:&quot;1&quot;}\" data-image-title=\"\u0160atka-Jal\u0161ov\u00edk-pol.-20.-stor.-vy\u0161ila-Anna-O\u010den\u00e1\u0161ov\u00e1-1930-2013\" data-image-description=\"\" data-image-caption=\"\" data-medium-file=\"https:\/\/i0.wp.com\/www.atelier-reklama.sk\/blog\/wp-content\/uploads\/2023\/03\/%C5%A0atka-Jal%C5%A1ov%C3%ADk-pol.-20.-stor.-vy%C5%A1ila-Anna-O%C4%8Den%C3%A1%C5%A1ov%C3%A1-1930-2013-scaled.jpg?fit=298%2C300&amp;ssl=1\" data-large-file=\"https:\/\/i0.wp.com\/www.atelier-reklama.sk\/blog\/wp-content\/uploads\/2023\/03\/%C5%A0atka-Jal%C5%A1ov%C3%ADk-pol.-20.-stor.-vy%C5%A1ila-Anna-O%C4%8Den%C3%A1%C5%A1ov%C3%A1-1930-2013-scaled.jpg?fit=800%2C806&amp;ssl=1\" src=\"https:\/\/i0.wp.com\/www.atelier-reklama.sk\/blog\/wp-content\/uploads\/2023\/03\/%C5%A0atka-Jal%C5%A1ov%C3%ADk-pol.-20.-stor.-vy%C5%A1ila-Anna-O%C4%8Den%C3%A1%C5%A1ov%C3%A1-1930-2013.jpg?resize=800%2C806&#038;ssl=1\" alt=\"\" class=\"wp-image-12688\" srcset=\"https:\/\/i0.wp.com\/www.atelier-reklama.sk\/blog\/wp-content\/uploads\/2023\/03\/%C5%A0atka-Jal%C5%A1ov%C3%ADk-pol.-20.-stor.-vy%C5%A1ila-Anna-O%C4%8Den%C3%A1%C5%A1ov%C3%A1-1930-2013-scaled.jpg?resize=1016%2C1024&amp;ssl=1 1016w, https:\/\/i0.wp.com\/www.atelier-reklama.sk\/blog\/wp-content\/uploads\/2023\/03\/%C5%A0atka-Jal%C5%A1ov%C3%ADk-pol.-20.-stor.-vy%C5%A1ila-Anna-O%C4%8Den%C3%A1%C5%A1ov%C3%A1-1930-2013-scaled.jpg?resize=298%2C300&amp;ssl=1 298w, https:\/\/i0.wp.com\/www.atelier-reklama.sk\/blog\/wp-content\/uploads\/2023\/03\/%C5%A0atka-Jal%C5%A1ov%C3%ADk-pol.-20.-stor.-vy%C5%A1ila-Anna-O%C4%8Den%C3%A1%C5%A1ov%C3%A1-1930-2013-scaled.jpg?resize=150%2C150&amp;ssl=1 150w, https:\/\/i0.wp.com\/www.atelier-reklama.sk\/blog\/wp-content\/uploads\/2023\/03\/%C5%A0atka-Jal%C5%A1ov%C3%ADk-pol.-20.-stor.-vy%C5%A1ila-Anna-O%C4%8Den%C3%A1%C5%A1ov%C3%A1-1930-2013-scaled.jpg?resize=768%2C774&amp;ssl=1 768w, https:\/\/i0.wp.com\/www.atelier-reklama.sk\/blog\/wp-content\/uploads\/2023\/03\/%C5%A0atka-Jal%C5%A1ov%C3%ADk-pol.-20.-stor.-vy%C5%A1ila-Anna-O%C4%8Den%C3%A1%C5%A1ov%C3%A1-1930-2013-scaled.jpg?resize=1523%2C1536&amp;ssl=1 1523w, https:\/\/i0.wp.com\/www.atelier-reklama.sk\/blog\/wp-content\/uploads\/2023\/03\/%C5%A0atka-Jal%C5%A1ov%C3%ADk-pol.-20.-stor.-vy%C5%A1ila-Anna-O%C4%8Den%C3%A1%C5%A1ov%C3%A1-1930-2013-scaled.jpg?resize=2031%2C2048&amp;ssl=1 2031w, https:\/\/i0.wp.com\/www.atelier-reklama.sk\/blog\/wp-content\/uploads\/2023\/03\/%C5%A0atka-Jal%C5%A1ov%C3%ADk-pol.-20.-stor.-vy%C5%A1ila-Anna-O%C4%8Den%C3%A1%C5%A1ov%C3%A1-1930-2013-scaled.jpg?w=1600&amp;ssl=1 1600w, https:\/\/i0.wp.com\/www.atelier-reklama.sk\/blog\/wp-content\/uploads\/2023\/03\/%C5%A0atka-Jal%C5%A1ov%C3%ADk-pol.-20.-stor.-vy%C5%A1ila-Anna-O%C4%8Den%C3%A1%C5%A1ov%C3%A1-1930-2013-scaled.jpg?w=2400&amp;ssl=1 2400w\" sizes=\"auto, (max-width: 800px) 100vw, 800px\" \/><\/figure>\n\n\n\n<figure class=\"wp-block-image size-large\"><img data-recalc-dims=\"1\" loading=\"lazy\" decoding=\"async\" width=\"768\" height=\"1024\" data-attachment-id=\"12690\" data-permalink=\"https:\/\/www.atelier-reklama.sk\/blog\/moj-krekacsky-kroj-a-jeho-prekreslene-vzory-spolu\/satka-roh-jalsovik-pol-20-stor-vysila-krivou-ihlou-anna-ocenasova-1930-2013\/\" data-orig-file=\"https:\/\/i0.wp.com\/www.atelier-reklama.sk\/blog\/wp-content\/uploads\/2023\/03\/%C5%A0atka-roh-Jal%C5%A1ov%C3%ADk-pol.-20.-stor.-vy%C5%A1ila-krivou-ihlou-Anna-O%C4%8Den%C3%A1%C5%A1ov%C3%A1-1930-2013-scaled.jpg?fit=1920%2C2560&amp;ssl=1\" data-orig-size=\"1920,2560\" data-comments-opened=\"1\" data-image-meta=\"{&quot;aperture&quot;:&quot;2&quot;,&quot;credit&quot;:&quot;&quot;,&quot;camera&quot;:&quot;SM-A125F&quot;,&quot;caption&quot;:&quot;&quot;,&quot;created_timestamp&quot;:&quot;1678100202&quot;,&quot;copyright&quot;:&quot;&quot;,&quot;focal_length&quot;:&quot;4.6&quot;,&quot;iso&quot;:&quot;25&quot;,&quot;shutter_speed&quot;:&quot;0.00937&quot;,&quot;title&quot;:&quot;&quot;,&quot;orientation&quot;:&quot;1&quot;}\" data-image-title=\"\u0160atka-roh-Jal\u0161ov\u00edk-pol.-20.-stor.-vy\u0161ila-krivou-ihlou-Anna-O\u010den\u00e1\u0161ov\u00e1-1930-2013\" data-image-description=\"\" data-image-caption=\"\" data-medium-file=\"https:\/\/i0.wp.com\/www.atelier-reklama.sk\/blog\/wp-content\/uploads\/2023\/03\/%C5%A0atka-roh-Jal%C5%A1ov%C3%ADk-pol.-20.-stor.-vy%C5%A1ila-krivou-ihlou-Anna-O%C4%8Den%C3%A1%C5%A1ov%C3%A1-1930-2013-scaled.jpg?fit=225%2C300&amp;ssl=1\" data-large-file=\"https:\/\/i0.wp.com\/www.atelier-reklama.sk\/blog\/wp-content\/uploads\/2023\/03\/%C5%A0atka-roh-Jal%C5%A1ov%C3%ADk-pol.-20.-stor.-vy%C5%A1ila-krivou-ihlou-Anna-O%C4%8Den%C3%A1%C5%A1ov%C3%A1-1930-2013-scaled.jpg?fit=768%2C1024&amp;ssl=1\" src=\"https:\/\/i0.wp.com\/www.atelier-reklama.sk\/blog\/wp-content\/uploads\/2023\/03\/%C5%A0atka-roh-Jal%C5%A1ov%C3%ADk-pol.-20.-stor.-vy%C5%A1ila-krivou-ihlou-Anna-O%C4%8Den%C3%A1%C5%A1ov%C3%A1-1930-2013.jpg?resize=768%2C1024&#038;ssl=1\" alt=\"\" class=\"wp-image-12690\" srcset=\"https:\/\/i0.wp.com\/www.atelier-reklama.sk\/blog\/wp-content\/uploads\/2023\/03\/%C5%A0atka-roh-Jal%C5%A1ov%C3%ADk-pol.-20.-stor.-vy%C5%A1ila-krivou-ihlou-Anna-O%C4%8Den%C3%A1%C5%A1ov%C3%A1-1930-2013-scaled.jpg?resize=768%2C1024&amp;ssl=1 768w, https:\/\/i0.wp.com\/www.atelier-reklama.sk\/blog\/wp-content\/uploads\/2023\/03\/%C5%A0atka-roh-Jal%C5%A1ov%C3%ADk-pol.-20.-stor.-vy%C5%A1ila-krivou-ihlou-Anna-O%C4%8Den%C3%A1%C5%A1ov%C3%A1-1930-2013-scaled.jpg?resize=225%2C300&amp;ssl=1 225w, https:\/\/i0.wp.com\/www.atelier-reklama.sk\/blog\/wp-content\/uploads\/2023\/03\/%C5%A0atka-roh-Jal%C5%A1ov%C3%ADk-pol.-20.-stor.-vy%C5%A1ila-krivou-ihlou-Anna-O%C4%8Den%C3%A1%C5%A1ov%C3%A1-1930-2013-scaled.jpg?resize=1152%2C1536&amp;ssl=1 1152w, https:\/\/i0.wp.com\/www.atelier-reklama.sk\/blog\/wp-content\/uploads\/2023\/03\/%C5%A0atka-roh-Jal%C5%A1ov%C3%ADk-pol.-20.-stor.-vy%C5%A1ila-krivou-ihlou-Anna-O%C4%8Den%C3%A1%C5%A1ov%C3%A1-1930-2013-scaled.jpg?resize=1536%2C2048&amp;ssl=1 1536w, https:\/\/i0.wp.com\/www.atelier-reklama.sk\/blog\/wp-content\/uploads\/2023\/03\/%C5%A0atka-roh-Jal%C5%A1ov%C3%ADk-pol.-20.-stor.-vy%C5%A1ila-krivou-ihlou-Anna-O%C4%8Den%C3%A1%C5%A1ov%C3%A1-1930-2013-scaled.jpg?w=1920&amp;ssl=1 1920w, https:\/\/i0.wp.com\/www.atelier-reklama.sk\/blog\/wp-content\/uploads\/2023\/03\/%C5%A0atka-roh-Jal%C5%A1ov%C3%ADk-pol.-20.-stor.-vy%C5%A1ila-krivou-ihlou-Anna-O%C4%8Den%C3%A1%C5%A1ov%C3%A1-1930-2013-scaled.jpg?w=1600&amp;ssl=1 1600w\" sizes=\"auto, (max-width: 768px) 100vw, 768px\" \/><\/figure>\n\n\n\n<figure class=\"wp-block-image size-large\"><img data-recalc-dims=\"1\" loading=\"lazy\" decoding=\"async\" width=\"768\" height=\"1024\" data-attachment-id=\"12691\" data-permalink=\"https:\/\/www.atelier-reklama.sk\/blog\/moj-krekacsky-kroj-a-jeho-prekreslene-vzory-spolu\/satka-modry-kvet-jalsovik-pol-20-stor-vysila-anna-ocenasova-1930-2013\/\" data-orig-file=\"https:\/\/i0.wp.com\/www.atelier-reklama.sk\/blog\/wp-content\/uploads\/2023\/03\/%C5%A0atka-modr%C3%BD-kvet-Jal%C5%A1ov%C3%ADk-pol.-20.-stor.-vy%C5%A1ila-Anna-O%C4%8Den%C3%A1%C5%A1ov%C3%A1-1930-2013-scaled.jpg?fit=1920%2C2560&amp;ssl=1\" data-orig-size=\"1920,2560\" data-comments-opened=\"1\" data-image-meta=\"{&quot;aperture&quot;:&quot;2&quot;,&quot;credit&quot;:&quot;&quot;,&quot;camera&quot;:&quot;SM-A125F&quot;,&quot;caption&quot;:&quot;&quot;,&quot;created_timestamp&quot;:&quot;1678100251&quot;,&quot;copyright&quot;:&quot;&quot;,&quot;focal_length&quot;:&quot;4.6&quot;,&quot;iso&quot;:&quot;40&quot;,&quot;shutter_speed&quot;:&quot;0.01&quot;,&quot;title&quot;:&quot;&quot;,&quot;orientation&quot;:&quot;1&quot;}\" data-image-title=\"\u0160atka-modr\u00fd-kvet-Jal\u0161ov\u00edk-pol.-20.-stor.-vy\u0161ila-Anna-O\u010den\u00e1\u0161ov\u00e1-1930-2013\" data-image-description=\"\" data-image-caption=\"\" data-medium-file=\"https:\/\/i0.wp.com\/www.atelier-reklama.sk\/blog\/wp-content\/uploads\/2023\/03\/%C5%A0atka-modr%C3%BD-kvet-Jal%C5%A1ov%C3%ADk-pol.-20.-stor.-vy%C5%A1ila-Anna-O%C4%8Den%C3%A1%C5%A1ov%C3%A1-1930-2013-scaled.jpg?fit=225%2C300&amp;ssl=1\" data-large-file=\"https:\/\/i0.wp.com\/www.atelier-reklama.sk\/blog\/wp-content\/uploads\/2023\/03\/%C5%A0atka-modr%C3%BD-kvet-Jal%C5%A1ov%C3%ADk-pol.-20.-stor.-vy%C5%A1ila-Anna-O%C4%8Den%C3%A1%C5%A1ov%C3%A1-1930-2013-scaled.jpg?fit=768%2C1024&amp;ssl=1\" src=\"https:\/\/i0.wp.com\/www.atelier-reklama.sk\/blog\/wp-content\/uploads\/2023\/03\/%C5%A0atka-modr%C3%BD-kvet-Jal%C5%A1ov%C3%ADk-pol.-20.-stor.-vy%C5%A1ila-Anna-O%C4%8Den%C3%A1%C5%A1ov%C3%A1-1930-2013.jpg?resize=768%2C1024&#038;ssl=1\" alt=\"\" class=\"wp-image-12691\" srcset=\"https:\/\/i0.wp.com\/www.atelier-reklama.sk\/blog\/wp-content\/uploads\/2023\/03\/%C5%A0atka-modr%C3%BD-kvet-Jal%C5%A1ov%C3%ADk-pol.-20.-stor.-vy%C5%A1ila-Anna-O%C4%8Den%C3%A1%C5%A1ov%C3%A1-1930-2013-scaled.jpg?resize=768%2C1024&amp;ssl=1 768w, https:\/\/i0.wp.com\/www.atelier-reklama.sk\/blog\/wp-content\/uploads\/2023\/03\/%C5%A0atka-modr%C3%BD-kvet-Jal%C5%A1ov%C3%ADk-pol.-20.-stor.-vy%C5%A1ila-Anna-O%C4%8Den%C3%A1%C5%A1ov%C3%A1-1930-2013-scaled.jpg?resize=225%2C300&amp;ssl=1 225w, https:\/\/i0.wp.com\/www.atelier-reklama.sk\/blog\/wp-content\/uploads\/2023\/03\/%C5%A0atka-modr%C3%BD-kvet-Jal%C5%A1ov%C3%ADk-pol.-20.-stor.-vy%C5%A1ila-Anna-O%C4%8Den%C3%A1%C5%A1ov%C3%A1-1930-2013-scaled.jpg?resize=1152%2C1536&amp;ssl=1 1152w, https:\/\/i0.wp.com\/www.atelier-reklama.sk\/blog\/wp-content\/uploads\/2023\/03\/%C5%A0atka-modr%C3%BD-kvet-Jal%C5%A1ov%C3%ADk-pol.-20.-stor.-vy%C5%A1ila-Anna-O%C4%8Den%C3%A1%C5%A1ov%C3%A1-1930-2013-scaled.jpg?resize=1536%2C2048&amp;ssl=1 1536w, https:\/\/i0.wp.com\/www.atelier-reklama.sk\/blog\/wp-content\/uploads\/2023\/03\/%C5%A0atka-modr%C3%BD-kvet-Jal%C5%A1ov%C3%ADk-pol.-20.-stor.-vy%C5%A1ila-Anna-O%C4%8Den%C3%A1%C5%A1ov%C3%A1-1930-2013-scaled.jpg?w=1920&amp;ssl=1 1920w, https:\/\/i0.wp.com\/www.atelier-reklama.sk\/blog\/wp-content\/uploads\/2023\/03\/%C5%A0atka-modr%C3%BD-kvet-Jal%C5%A1ov%C3%ADk-pol.-20.-stor.-vy%C5%A1ila-Anna-O%C4%8Den%C3%A1%C5%A1ov%C3%A1-1930-2013-scaled.jpg?w=1600&amp;ssl=1 1600w\" sizes=\"auto, (max-width: 768px) 100vw, 768px\" \/><\/figure>\n\n\n\n<figure class=\"wp-block-image size-large\"><img data-recalc-dims=\"1\" loading=\"lazy\" decoding=\"async\" width=\"768\" height=\"1024\" data-attachment-id=\"12689\" data-permalink=\"https:\/\/www.atelier-reklama.sk\/blog\/moj-krekacsky-kroj-a-jeho-prekreslene-vzory-spolu\/satka-fialky-jalsovik-pol-20-stor-vysila-anna-ocenasova-1930-2013\/\" data-orig-file=\"https:\/\/i0.wp.com\/www.atelier-reklama.sk\/blog\/wp-content\/uploads\/2023\/03\/%C5%A0atka-fialky-Jal%C5%A1ov%C3%ADk-pol.-20.-stor.-vy%C5%A1ila-Anna-O%C4%8Den%C3%A1%C5%A1ov%C3%A1-1930-2013-scaled.jpg?fit=1920%2C2560&amp;ssl=1\" data-orig-size=\"1920,2560\" data-comments-opened=\"1\" data-image-meta=\"{&quot;aperture&quot;:&quot;2&quot;,&quot;credit&quot;:&quot;&quot;,&quot;camera&quot;:&quot;SM-A125F&quot;,&quot;caption&quot;:&quot;&quot;,&quot;created_timestamp&quot;:&quot;1678100257&quot;,&quot;copyright&quot;:&quot;&quot;,&quot;focal_length&quot;:&quot;4.6&quot;,&quot;iso&quot;:&quot;32&quot;,&quot;shutter_speed&quot;:&quot;0.01&quot;,&quot;title&quot;:&quot;&quot;,&quot;orientation&quot;:&quot;1&quot;}\" data-image-title=\"\u0160atka-fialky-Jal\u0161ov\u00edk-pol.-20.-stor.-vy\u0161ila-Anna-O\u010den\u00e1\u0161ov\u00e1-1930-2013\" data-image-description=\"\" data-image-caption=\"\" data-medium-file=\"https:\/\/i0.wp.com\/www.atelier-reklama.sk\/blog\/wp-content\/uploads\/2023\/03\/%C5%A0atka-fialky-Jal%C5%A1ov%C3%ADk-pol.-20.-stor.-vy%C5%A1ila-Anna-O%C4%8Den%C3%A1%C5%A1ov%C3%A1-1930-2013-scaled.jpg?fit=225%2C300&amp;ssl=1\" data-large-file=\"https:\/\/i0.wp.com\/www.atelier-reklama.sk\/blog\/wp-content\/uploads\/2023\/03\/%C5%A0atka-fialky-Jal%C5%A1ov%C3%ADk-pol.-20.-stor.-vy%C5%A1ila-Anna-O%C4%8Den%C3%A1%C5%A1ov%C3%A1-1930-2013-scaled.jpg?fit=768%2C1024&amp;ssl=1\" src=\"https:\/\/i0.wp.com\/www.atelier-reklama.sk\/blog\/wp-content\/uploads\/2023\/03\/%C5%A0atka-fialky-Jal%C5%A1ov%C3%ADk-pol.-20.-stor.-vy%C5%A1ila-Anna-O%C4%8Den%C3%A1%C5%A1ov%C3%A1-1930-2013.jpg?resize=768%2C1024&#038;ssl=1\" alt=\"\" class=\"wp-image-12689\" srcset=\"https:\/\/i0.wp.com\/www.atelier-reklama.sk\/blog\/wp-content\/uploads\/2023\/03\/%C5%A0atka-fialky-Jal%C5%A1ov%C3%ADk-pol.-20.-stor.-vy%C5%A1ila-Anna-O%C4%8Den%C3%A1%C5%A1ov%C3%A1-1930-2013-scaled.jpg?resize=768%2C1024&amp;ssl=1 768w, https:\/\/i0.wp.com\/www.atelier-reklama.sk\/blog\/wp-content\/uploads\/2023\/03\/%C5%A0atka-fialky-Jal%C5%A1ov%C3%ADk-pol.-20.-stor.-vy%C5%A1ila-Anna-O%C4%8Den%C3%A1%C5%A1ov%C3%A1-1930-2013-scaled.jpg?resize=225%2C300&amp;ssl=1 225w, https:\/\/i0.wp.com\/www.atelier-reklama.sk\/blog\/wp-content\/uploads\/2023\/03\/%C5%A0atka-fialky-Jal%C5%A1ov%C3%ADk-pol.-20.-stor.-vy%C5%A1ila-Anna-O%C4%8Den%C3%A1%C5%A1ov%C3%A1-1930-2013-scaled.jpg?resize=1152%2C1536&amp;ssl=1 1152w, https:\/\/i0.wp.com\/www.atelier-reklama.sk\/blog\/wp-content\/uploads\/2023\/03\/%C5%A0atka-fialky-Jal%C5%A1ov%C3%ADk-pol.-20.-stor.-vy%C5%A1ila-Anna-O%C4%8Den%C3%A1%C5%A1ov%C3%A1-1930-2013-scaled.jpg?resize=1536%2C2048&amp;ssl=1 1536w, https:\/\/i0.wp.com\/www.atelier-reklama.sk\/blog\/wp-content\/uploads\/2023\/03\/%C5%A0atka-fialky-Jal%C5%A1ov%C3%ADk-pol.-20.-stor.-vy%C5%A1ila-Anna-O%C4%8Den%C3%A1%C5%A1ov%C3%A1-1930-2013-scaled.jpg?w=1920&amp;ssl=1 1920w, https:\/\/i0.wp.com\/www.atelier-reklama.sk\/blog\/wp-content\/uploads\/2023\/03\/%C5%A0atka-fialky-Jal%C5%A1ov%C3%ADk-pol.-20.-stor.-vy%C5%A1ila-Anna-O%C4%8Den%C3%A1%C5%A1ov%C3%A1-1930-2013-scaled.jpg?w=1600&amp;ssl=1 1600w\" sizes=\"auto, (max-width: 768px) 100vw, 768px\" \/><\/figure>\n\n\n\n<p>Preskenovan\u00e1 v\u00fd\u0161ivka 1:1<\/p>\n\n\n\n<p>Preskenovan\u00e1 \u0161atka<\/p>\n\n\n\n<figure class=\"wp-block-image size-large\"><img data-recalc-dims=\"1\" loading=\"lazy\" decoding=\"async\" width=\"745\" height=\"1024\" data-attachment-id=\"962\" data-permalink=\"https:\/\/www.atelier-reklama.sk\/blog\/rucnik-kriva-ihla-roh\/\" data-orig-file=\"https:\/\/i0.wp.com\/www.atelier-reklama.sk\/blog\/wp-content\/uploads\/2019\/01\/rucn%C3%ADk-kriv%C3%A1-ihla-roh.jpg?fit=1700%2C2338&amp;ssl=1\" data-orig-size=\"1700,2338\" data-comments-opened=\"1\" data-image-meta=\"{&quot;aperture&quot;:&quot;0&quot;,&quot;credit&quot;:&quot;&quot;,&quot;camera&quot;:&quot;&quot;,&quot;caption&quot;:&quot;&quot;,&quot;created_timestamp&quot;:&quot;0&quot;,&quot;copyright&quot;:&quot;&quot;,&quot;focal_length&quot;:&quot;0&quot;,&quot;iso&quot;:&quot;0&quot;,&quot;shutter_speed&quot;:&quot;0&quot;,&quot;title&quot;:&quot;&quot;,&quot;orientation&quot;:&quot;0&quot;}\" data-image-title=\"rucn\u00edk kriv\u00e1 ihla roh\" data-image-description=\"\" data-image-caption=\"\" data-medium-file=\"https:\/\/i0.wp.com\/www.atelier-reklama.sk\/blog\/wp-content\/uploads\/2019\/01\/rucn%C3%ADk-kriv%C3%A1-ihla-roh.jpg?fit=218%2C300&amp;ssl=1\" data-large-file=\"https:\/\/i0.wp.com\/www.atelier-reklama.sk\/blog\/wp-content\/uploads\/2019\/01\/rucn%C3%ADk-kriv%C3%A1-ihla-roh.jpg?fit=745%2C1024&amp;ssl=1\" src=\"https:\/\/i0.wp.com\/www.atelier-reklama.sk\/blog\/wp-content\/uploads\/2019\/01\/rucn%C3%ADk-kriv%C3%A1-ihla-roh.jpg?resize=745%2C1024&#038;ssl=1\" alt=\"\" class=\"wp-image-962\" srcset=\"https:\/\/i0.wp.com\/www.atelier-reklama.sk\/blog\/wp-content\/uploads\/2019\/01\/rucn%C3%ADk-kriv%C3%A1-ihla-roh.jpg?resize=745%2C1024&amp;ssl=1 745w, https:\/\/i0.wp.com\/www.atelier-reklama.sk\/blog\/wp-content\/uploads\/2019\/01\/rucn%C3%ADk-kriv%C3%A1-ihla-roh.jpg?resize=218%2C300&amp;ssl=1 218w, https:\/\/i0.wp.com\/www.atelier-reklama.sk\/blog\/wp-content\/uploads\/2019\/01\/rucn%C3%ADk-kriv%C3%A1-ihla-roh.jpg?resize=768%2C1056&amp;ssl=1 768w, https:\/\/i0.wp.com\/www.atelier-reklama.sk\/blog\/wp-content\/uploads\/2019\/01\/rucn%C3%ADk-kriv%C3%A1-ihla-roh.jpg?w=1700&amp;ssl=1 1700w, https:\/\/i0.wp.com\/www.atelier-reklama.sk\/blog\/wp-content\/uploads\/2019\/01\/rucn%C3%ADk-kriv%C3%A1-ihla-roh.jpg?w=1600&amp;ssl=1 1600w\" sizes=\"auto, (max-width: 745px) 100vw, 745px\" \/><\/figure>\n\n\n\n<figure class=\"wp-block-image size-large\"><img data-recalc-dims=\"1\" loading=\"lazy\" decoding=\"async\" width=\"745\" height=\"1024\" data-attachment-id=\"963\" data-permalink=\"https:\/\/www.atelier-reklama.sk\/blog\/rucnik-kriva-ihla-vzor-okolo\/\" data-orig-file=\"https:\/\/i0.wp.com\/www.atelier-reklama.sk\/blog\/wp-content\/uploads\/2019\/01\/rucn%C3%ADk-kriv%C3%A1-ihla-vzor-okolo.jpg?fit=1700%2C2338&amp;ssl=1\" data-orig-size=\"1700,2338\" data-comments-opened=\"1\" data-image-meta=\"{&quot;aperture&quot;:&quot;0&quot;,&quot;credit&quot;:&quot;&quot;,&quot;camera&quot;:&quot;&quot;,&quot;caption&quot;:&quot;&quot;,&quot;created_timestamp&quot;:&quot;0&quot;,&quot;copyright&quot;:&quot;&quot;,&quot;focal_length&quot;:&quot;0&quot;,&quot;iso&quot;:&quot;0&quot;,&quot;shutter_speed&quot;:&quot;0&quot;,&quot;title&quot;:&quot;&quot;,&quot;orientation&quot;:&quot;0&quot;}\" data-image-title=\"rucn\u00edk kriv\u00e1 ihla vzor okolo\" data-image-description=\"\" data-image-caption=\"\" data-medium-file=\"https:\/\/i0.wp.com\/www.atelier-reklama.sk\/blog\/wp-content\/uploads\/2019\/01\/rucn%C3%ADk-kriv%C3%A1-ihla-vzor-okolo.jpg?fit=218%2C300&amp;ssl=1\" data-large-file=\"https:\/\/i0.wp.com\/www.atelier-reklama.sk\/blog\/wp-content\/uploads\/2019\/01\/rucn%C3%ADk-kriv%C3%A1-ihla-vzor-okolo.jpg?fit=745%2C1024&amp;ssl=1\" src=\"https:\/\/i0.wp.com\/www.atelier-reklama.sk\/blog\/wp-content\/uploads\/2019\/01\/rucn%C3%ADk-kriv%C3%A1-ihla-vzor-okolo.jpg?resize=745%2C1024&#038;ssl=1\" alt=\"\" class=\"wp-image-963\" srcset=\"https:\/\/i0.wp.com\/www.atelier-reklama.sk\/blog\/wp-content\/uploads\/2019\/01\/rucn%C3%ADk-kriv%C3%A1-ihla-vzor-okolo.jpg?resize=745%2C1024&amp;ssl=1 745w, https:\/\/i0.wp.com\/www.atelier-reklama.sk\/blog\/wp-content\/uploads\/2019\/01\/rucn%C3%ADk-kriv%C3%A1-ihla-vzor-okolo.jpg?resize=218%2C300&amp;ssl=1 218w, https:\/\/i0.wp.com\/www.atelier-reklama.sk\/blog\/wp-content\/uploads\/2019\/01\/rucn%C3%ADk-kriv%C3%A1-ihla-vzor-okolo.jpg?resize=768%2C1056&amp;ssl=1 768w, https:\/\/i0.wp.com\/www.atelier-reklama.sk\/blog\/wp-content\/uploads\/2019\/01\/rucn%C3%ADk-kriv%C3%A1-ihla-vzor-okolo.jpg?w=1700&amp;ssl=1 1700w, https:\/\/i0.wp.com\/www.atelier-reklama.sk\/blog\/wp-content\/uploads\/2019\/01\/rucn%C3%ADk-kriv%C3%A1-ihla-vzor-okolo.jpg?w=1600&amp;ssl=1 1600w\" sizes=\"auto, (max-width: 745px) 100vw, 745px\" \/><\/figure>\n\n\n\n<p>\u0160atka, Bzov\u00edk-O\u010den\u00e1\u0161ov laz, pol. 20. stor., pln\u00fd ploch\u00fd steh, vy\u0161ila Agnesa Kon\u00f4pkov\u00e1, rod. O\u010den\u00e1\u0161ov\u00e1 (1919-2014)<\/p>\n\n\n\n<figure class=\"wp-block-image size-large\"><img data-recalc-dims=\"1\" loading=\"lazy\" decoding=\"async\" width=\"800\" height=\"834\" data-attachment-id=\"12771\" data-permalink=\"https:\/\/www.atelier-reklama.sk\/blog\/moj-krekacsky-kroj-a-jeho-prekreslene-vzory-spolu\/3a-satka-bzovik-ocenasov-laz-pol-20-stor-vysila-agnesa-konopkova-rod-ocenasova\/\" data-orig-file=\"https:\/\/i0.wp.com\/www.atelier-reklama.sk\/blog\/wp-content\/uploads\/2023\/03\/3A-%C5%A0atka-Bzov%C3%ADk-O%C4%8Den%C3%A1%C5%A1ov-laz-pol.-20.-stor.-vy%C5%A1ila-Agnesa-Kon%C3%B4pkov%C3%A1-rod.-O%C4%8Den%C3%A1%C5%A1ov%C3%A1-scaled.jpg?fit=2454%2C2560&amp;ssl=1\" data-orig-size=\"2454,2560\" data-comments-opened=\"1\" data-image-meta=\"{&quot;aperture&quot;:&quot;2&quot;,&quot;credit&quot;:&quot;&quot;,&quot;camera&quot;:&quot;SM-A125F&quot;,&quot;caption&quot;:&quot;&quot;,&quot;created_timestamp&quot;:&quot;1678100087&quot;,&quot;copyright&quot;:&quot;&quot;,&quot;focal_length&quot;:&quot;4.6&quot;,&quot;iso&quot;:&quot;25&quot;,&quot;shutter_speed&quot;:&quot;0.0099&quot;,&quot;title&quot;:&quot;&quot;,&quot;orientation&quot;:&quot;1&quot;}\" data-image-title=\"3A-\u0160atka-Bzov\u00edk-O\u010den\u00e1\u0161ov-laz-pol.-20.-stor.-vy\u0161ila-Agnesa-Kon\u00f4pkov\u00e1-rod.-O\u010den\u00e1\u0161ov\u00e1\" data-image-description=\"\" data-image-caption=\"\" data-medium-file=\"https:\/\/i0.wp.com\/www.atelier-reklama.sk\/blog\/wp-content\/uploads\/2023\/03\/3A-%C5%A0atka-Bzov%C3%ADk-O%C4%8Den%C3%A1%C5%A1ov-laz-pol.-20.-stor.-vy%C5%A1ila-Agnesa-Kon%C3%B4pkov%C3%A1-rod.-O%C4%8Den%C3%A1%C5%A1ov%C3%A1-scaled.jpg?fit=288%2C300&amp;ssl=1\" data-large-file=\"https:\/\/i0.wp.com\/www.atelier-reklama.sk\/blog\/wp-content\/uploads\/2023\/03\/3A-%C5%A0atka-Bzov%C3%ADk-O%C4%8Den%C3%A1%C5%A1ov-laz-pol.-20.-stor.-vy%C5%A1ila-Agnesa-Kon%C3%B4pkov%C3%A1-rod.-O%C4%8Den%C3%A1%C5%A1ov%C3%A1-scaled.jpg?fit=800%2C834&amp;ssl=1\" src=\"https:\/\/i0.wp.com\/www.atelier-reklama.sk\/blog\/wp-content\/uploads\/2023\/03\/3A-%C5%A0atka-Bzov%C3%ADk-O%C4%8Den%C3%A1%C5%A1ov-laz-pol.-20.-stor.-vy%C5%A1ila-Agnesa-Kon%C3%B4pkov%C3%A1-rod.-O%C4%8Den%C3%A1%C5%A1ov%C3%A1.jpg?resize=800%2C834&#038;ssl=1\" alt=\"\" class=\"wp-image-12771\" srcset=\"https:\/\/i0.wp.com\/www.atelier-reklama.sk\/blog\/wp-content\/uploads\/2023\/03\/3A-%C5%A0atka-Bzov%C3%ADk-O%C4%8Den%C3%A1%C5%A1ov-laz-pol.-20.-stor.-vy%C5%A1ila-Agnesa-Kon%C3%B4pkov%C3%A1-rod.-O%C4%8Den%C3%A1%C5%A1ov%C3%A1-scaled.jpg?resize=982%2C1024&amp;ssl=1 982w, https:\/\/i0.wp.com\/www.atelier-reklama.sk\/blog\/wp-content\/uploads\/2023\/03\/3A-%C5%A0atka-Bzov%C3%ADk-O%C4%8Den%C3%A1%C5%A1ov-laz-pol.-20.-stor.-vy%C5%A1ila-Agnesa-Kon%C3%B4pkov%C3%A1-rod.-O%C4%8Den%C3%A1%C5%A1ov%C3%A1-scaled.jpg?resize=288%2C300&amp;ssl=1 288w, https:\/\/i0.wp.com\/www.atelier-reklama.sk\/blog\/wp-content\/uploads\/2023\/03\/3A-%C5%A0atka-Bzov%C3%ADk-O%C4%8Den%C3%A1%C5%A1ov-laz-pol.-20.-stor.-vy%C5%A1ila-Agnesa-Kon%C3%B4pkov%C3%A1-rod.-O%C4%8Den%C3%A1%C5%A1ov%C3%A1-scaled.jpg?resize=768%2C801&amp;ssl=1 768w, https:\/\/i0.wp.com\/www.atelier-reklama.sk\/blog\/wp-content\/uploads\/2023\/03\/3A-%C5%A0atka-Bzov%C3%ADk-O%C4%8Den%C3%A1%C5%A1ov-laz-pol.-20.-stor.-vy%C5%A1ila-Agnesa-Kon%C3%B4pkov%C3%A1-rod.-O%C4%8Den%C3%A1%C5%A1ov%C3%A1-scaled.jpg?resize=1472%2C1536&amp;ssl=1 1472w, https:\/\/i0.wp.com\/www.atelier-reklama.sk\/blog\/wp-content\/uploads\/2023\/03\/3A-%C5%A0atka-Bzov%C3%ADk-O%C4%8Den%C3%A1%C5%A1ov-laz-pol.-20.-stor.-vy%C5%A1ila-Agnesa-Kon%C3%B4pkov%C3%A1-rod.-O%C4%8Den%C3%A1%C5%A1ov%C3%A1-scaled.jpg?resize=1963%2C2048&amp;ssl=1 1963w, https:\/\/i0.wp.com\/www.atelier-reklama.sk\/blog\/wp-content\/uploads\/2023\/03\/3A-%C5%A0atka-Bzov%C3%ADk-O%C4%8Den%C3%A1%C5%A1ov-laz-pol.-20.-stor.-vy%C5%A1ila-Agnesa-Kon%C3%B4pkov%C3%A1-rod.-O%C4%8Den%C3%A1%C5%A1ov%C3%A1-scaled.jpg?w=1600&amp;ssl=1 1600w, https:\/\/i0.wp.com\/www.atelier-reklama.sk\/blog\/wp-content\/uploads\/2023\/03\/3A-%C5%A0atka-Bzov%C3%ADk-O%C4%8Den%C3%A1%C5%A1ov-laz-pol.-20.-stor.-vy%C5%A1ila-Agnesa-Kon%C3%B4pkov%C3%A1-rod.-O%C4%8Den%C3%A1%C5%A1ov%C3%A1-scaled.jpg?w=2400&amp;ssl=1 2400w\" sizes=\"auto, (max-width: 800px) 100vw, 800px\" \/><\/figure>\n\n\n\n<figure class=\"wp-block-image size-large\"><img data-recalc-dims=\"1\" loading=\"lazy\" decoding=\"async\" width=\"800\" height=\"878\" data-attachment-id=\"12772\" data-permalink=\"https:\/\/www.atelier-reklama.sk\/blog\/moj-krekacsky-kroj-a-jeho-prekreslene-vzory-spolu\/3b-satka-bzovik-ocenasov-laz-pol-20-stor-vysila-agnesa-konopkova-rod-ocenasova\/\" data-orig-file=\"https:\/\/i0.wp.com\/www.atelier-reklama.sk\/blog\/wp-content\/uploads\/2023\/03\/3B-%C5%A0atka-Bzov%C3%ADk-O%C4%8Den%C3%A1%C5%A1ov-laz-pol.-20.-stor.-vy%C5%A1ila-Agnesa-Kon%C3%B4pkov%C3%A1-rod.-O%C4%8Den%C3%A1%C5%A1ov%C3%A1-scaled.jpg?fit=2331%2C2560&amp;ssl=1\" data-orig-size=\"2331,2560\" data-comments-opened=\"1\" data-image-meta=\"{&quot;aperture&quot;:&quot;2&quot;,&quot;credit&quot;:&quot;&quot;,&quot;camera&quot;:&quot;SM-A125F&quot;,&quot;caption&quot;:&quot;&quot;,&quot;created_timestamp&quot;:&quot;1678100116&quot;,&quot;copyright&quot;:&quot;&quot;,&quot;focal_length&quot;:&quot;4.6&quot;,&quot;iso&quot;:&quot;25&quot;,&quot;shutter_speed&quot;:&quot;0.0093&quot;,&quot;title&quot;:&quot;&quot;,&quot;orientation&quot;:&quot;1&quot;}\" data-image-title=\"3B-\u0160atka-Bzov\u00edk-O\u010den\u00e1\u0161ov-laz-pol.-20.-stor.-vy\u0161ila-Agnesa-Kon\u00f4pkov\u00e1-rod.-O\u010den\u00e1\u0161ov\u00e1\" data-image-description=\"\" data-image-caption=\"\" data-medium-file=\"https:\/\/i0.wp.com\/www.atelier-reklama.sk\/blog\/wp-content\/uploads\/2023\/03\/3B-%C5%A0atka-Bzov%C3%ADk-O%C4%8Den%C3%A1%C5%A1ov-laz-pol.-20.-stor.-vy%C5%A1ila-Agnesa-Kon%C3%B4pkov%C3%A1-rod.-O%C4%8Den%C3%A1%C5%A1ov%C3%A1-scaled.jpg?fit=273%2C300&amp;ssl=1\" data-large-file=\"https:\/\/i0.wp.com\/www.atelier-reklama.sk\/blog\/wp-content\/uploads\/2023\/03\/3B-%C5%A0atka-Bzov%C3%ADk-O%C4%8Den%C3%A1%C5%A1ov-laz-pol.-20.-stor.-vy%C5%A1ila-Agnesa-Kon%C3%B4pkov%C3%A1-rod.-O%C4%8Den%C3%A1%C5%A1ov%C3%A1-scaled.jpg?fit=800%2C878&amp;ssl=1\" src=\"https:\/\/i0.wp.com\/www.atelier-reklama.sk\/blog\/wp-content\/uploads\/2023\/03\/3B-%C5%A0atka-Bzov%C3%ADk-O%C4%8Den%C3%A1%C5%A1ov-laz-pol.-20.-stor.-vy%C5%A1ila-Agnesa-Kon%C3%B4pkov%C3%A1-rod.-O%C4%8Den%C3%A1%C5%A1ov%C3%A1.jpg?resize=800%2C878&#038;ssl=1\" alt=\"\" class=\"wp-image-12772\" srcset=\"https:\/\/i0.wp.com\/www.atelier-reklama.sk\/blog\/wp-content\/uploads\/2023\/03\/3B-%C5%A0atka-Bzov%C3%ADk-O%C4%8Den%C3%A1%C5%A1ov-laz-pol.-20.-stor.-vy%C5%A1ila-Agnesa-Kon%C3%B4pkov%C3%A1-rod.-O%C4%8Den%C3%A1%C5%A1ov%C3%A1-scaled.jpg?resize=933%2C1024&amp;ssl=1 933w, https:\/\/i0.wp.com\/www.atelier-reklama.sk\/blog\/wp-content\/uploads\/2023\/03\/3B-%C5%A0atka-Bzov%C3%ADk-O%C4%8Den%C3%A1%C5%A1ov-laz-pol.-20.-stor.-vy%C5%A1ila-Agnesa-Kon%C3%B4pkov%C3%A1-rod.-O%C4%8Den%C3%A1%C5%A1ov%C3%A1-scaled.jpg?resize=273%2C300&amp;ssl=1 273w, https:\/\/i0.wp.com\/www.atelier-reklama.sk\/blog\/wp-content\/uploads\/2023\/03\/3B-%C5%A0atka-Bzov%C3%ADk-O%C4%8Den%C3%A1%C5%A1ov-laz-pol.-20.-stor.-vy%C5%A1ila-Agnesa-Kon%C3%B4pkov%C3%A1-rod.-O%C4%8Den%C3%A1%C5%A1ov%C3%A1-scaled.jpg?resize=768%2C843&amp;ssl=1 768w, https:\/\/i0.wp.com\/www.atelier-reklama.sk\/blog\/wp-content\/uploads\/2023\/03\/3B-%C5%A0atka-Bzov%C3%ADk-O%C4%8Den%C3%A1%C5%A1ov-laz-pol.-20.-stor.-vy%C5%A1ila-Agnesa-Kon%C3%B4pkov%C3%A1-rod.-O%C4%8Den%C3%A1%C5%A1ov%C3%A1-scaled.jpg?resize=1399%2C1536&amp;ssl=1 1399w, https:\/\/i0.wp.com\/www.atelier-reklama.sk\/blog\/wp-content\/uploads\/2023\/03\/3B-%C5%A0atka-Bzov%C3%ADk-O%C4%8Den%C3%A1%C5%A1ov-laz-pol.-20.-stor.-vy%C5%A1ila-Agnesa-Kon%C3%B4pkov%C3%A1-rod.-O%C4%8Den%C3%A1%C5%A1ov%C3%A1-scaled.jpg?resize=1865%2C2048&amp;ssl=1 1865w, https:\/\/i0.wp.com\/www.atelier-reklama.sk\/blog\/wp-content\/uploads\/2023\/03\/3B-%C5%A0atka-Bzov%C3%ADk-O%C4%8Den%C3%A1%C5%A1ov-laz-pol.-20.-stor.-vy%C5%A1ila-Agnesa-Kon%C3%B4pkov%C3%A1-rod.-O%C4%8Den%C3%A1%C5%A1ov%C3%A1-scaled.jpg?w=1600&amp;ssl=1 1600w\" sizes=\"auto, (max-width: 800px) 100vw, 800px\" \/><\/figure>\n\n\n\n<figure class=\"wp-block-image size-large\"><img data-recalc-dims=\"1\" loading=\"lazy\" decoding=\"async\" width=\"800\" height=\"566\" data-attachment-id=\"12680\" data-permalink=\"https:\/\/www.atelier-reklama.sk\/blog\/moj-krekacsky-kroj-a-jeho-prekreslene-vzory-spolu\/9-satka-vzor-bzovik-ocenasov-laz-pol-20-stor-vysila-agnesa-konopkova-rod-ocenasova\/\" data-orig-file=\"https:\/\/i0.wp.com\/www.atelier-reklama.sk\/blog\/wp-content\/uploads\/2023\/03\/9.-%C5%A0atka-vzor-Bzov%C3%ADk-O%C4%8Den%C3%A1%C5%A1ov-laz-pol.-20.-stor.-vy%C5%A1ila-Agnesa-Kon%C3%B4pkov%C3%A1-rod.-O%C4%8Den%C3%A1%C5%A1ov%C3%A1-scaled.jpg?fit=2560%2C1810&amp;ssl=1\" data-orig-size=\"2560,1810\" data-comments-opened=\"1\" data-image-meta=\"{&quot;aperture&quot;:&quot;0&quot;,&quot;credit&quot;:&quot;&quot;,&quot;camera&quot;:&quot;&quot;,&quot;caption&quot;:&quot;&quot;,&quot;created_timestamp&quot;:&quot;1677927964&quot;,&quot;copyright&quot;:&quot;&quot;,&quot;focal_length&quot;:&quot;0&quot;,&quot;iso&quot;:&quot;0&quot;,&quot;shutter_speed&quot;:&quot;0&quot;,&quot;title&quot;:&quot;&quot;,&quot;orientation&quot;:&quot;1&quot;}\" data-image-title=\"9.-\u0160atka-vzor-Bzov\u00edk-O\u010den\u00e1\u0161ov-laz-pol.-20.-stor.-vy\u0161ila-Agnesa-Kon\u00f4pkov\u00e1-rod.-O\u010den\u00e1\u0161ov\u00e1\" data-image-description=\"\" data-image-caption=\"\" data-medium-file=\"https:\/\/i0.wp.com\/www.atelier-reklama.sk\/blog\/wp-content\/uploads\/2023\/03\/9.-%C5%A0atka-vzor-Bzov%C3%ADk-O%C4%8Den%C3%A1%C5%A1ov-laz-pol.-20.-stor.-vy%C5%A1ila-Agnesa-Kon%C3%B4pkov%C3%A1-rod.-O%C4%8Den%C3%A1%C5%A1ov%C3%A1-scaled.jpg?fit=300%2C212&amp;ssl=1\" data-large-file=\"https:\/\/i0.wp.com\/www.atelier-reklama.sk\/blog\/wp-content\/uploads\/2023\/03\/9.-%C5%A0atka-vzor-Bzov%C3%ADk-O%C4%8Den%C3%A1%C5%A1ov-laz-pol.-20.-stor.-vy%C5%A1ila-Agnesa-Kon%C3%B4pkov%C3%A1-rod.-O%C4%8Den%C3%A1%C5%A1ov%C3%A1-scaled.jpg?fit=800%2C566&amp;ssl=1\" src=\"https:\/\/i0.wp.com\/www.atelier-reklama.sk\/blog\/wp-content\/uploads\/2023\/03\/9.-%C5%A0atka-vzor-Bzov%C3%ADk-O%C4%8Den%C3%A1%C5%A1ov-laz-pol.-20.-stor.-vy%C5%A1ila-Agnesa-Kon%C3%B4pkov%C3%A1-rod.-O%C4%8Den%C3%A1%C5%A1ov%C3%A1.jpg?resize=800%2C566&#038;ssl=1\" alt=\"\" class=\"wp-image-12680\" srcset=\"https:\/\/i0.wp.com\/www.atelier-reklama.sk\/blog\/wp-content\/uploads\/2023\/03\/9.-%C5%A0atka-vzor-Bzov%C3%ADk-O%C4%8Den%C3%A1%C5%A1ov-laz-pol.-20.-stor.-vy%C5%A1ila-Agnesa-Kon%C3%B4pkov%C3%A1-rod.-O%C4%8Den%C3%A1%C5%A1ov%C3%A1-scaled.jpg?resize=1024%2C724&amp;ssl=1 1024w, https:\/\/i0.wp.com\/www.atelier-reklama.sk\/blog\/wp-content\/uploads\/2023\/03\/9.-%C5%A0atka-vzor-Bzov%C3%ADk-O%C4%8Den%C3%A1%C5%A1ov-laz-pol.-20.-stor.-vy%C5%A1ila-Agnesa-Kon%C3%B4pkov%C3%A1-rod.-O%C4%8Den%C3%A1%C5%A1ov%C3%A1-scaled.jpg?resize=300%2C212&amp;ssl=1 300w, https:\/\/i0.wp.com\/www.atelier-reklama.sk\/blog\/wp-content\/uploads\/2023\/03\/9.-%C5%A0atka-vzor-Bzov%C3%ADk-O%C4%8Den%C3%A1%C5%A1ov-laz-pol.-20.-stor.-vy%C5%A1ila-Agnesa-Kon%C3%B4pkov%C3%A1-rod.-O%C4%8Den%C3%A1%C5%A1ov%C3%A1-scaled.jpg?resize=768%2C543&amp;ssl=1 768w, https:\/\/i0.wp.com\/www.atelier-reklama.sk\/blog\/wp-content\/uploads\/2023\/03\/9.-%C5%A0atka-vzor-Bzov%C3%ADk-O%C4%8Den%C3%A1%C5%A1ov-laz-pol.-20.-stor.-vy%C5%A1ila-Agnesa-Kon%C3%B4pkov%C3%A1-rod.-O%C4%8Den%C3%A1%C5%A1ov%C3%A1-scaled.jpg?resize=1536%2C1086&amp;ssl=1 1536w, https:\/\/i0.wp.com\/www.atelier-reklama.sk\/blog\/wp-content\/uploads\/2023\/03\/9.-%C5%A0atka-vzor-Bzov%C3%ADk-O%C4%8Den%C3%A1%C5%A1ov-laz-pol.-20.-stor.-vy%C5%A1ila-Agnesa-Kon%C3%B4pkov%C3%A1-rod.-O%C4%8Den%C3%A1%C5%A1ov%C3%A1-scaled.jpg?resize=2048%2C1448&amp;ssl=1 2048w, https:\/\/i0.wp.com\/www.atelier-reklama.sk\/blog\/wp-content\/uploads\/2023\/03\/9.-%C5%A0atka-vzor-Bzov%C3%ADk-O%C4%8Den%C3%A1%C5%A1ov-laz-pol.-20.-stor.-vy%C5%A1ila-Agnesa-Kon%C3%B4pkov%C3%A1-rod.-O%C4%8Den%C3%A1%C5%A1ov%C3%A1-scaled.jpg?w=1600&amp;ssl=1 1600w, https:\/\/i0.wp.com\/www.atelier-reklama.sk\/blog\/wp-content\/uploads\/2023\/03\/9.-%C5%A0atka-vzor-Bzov%C3%ADk-O%C4%8Den%C3%A1%C5%A1ov-laz-pol.-20.-stor.-vy%C5%A1ila-Agnesa-Kon%C3%B4pkov%C3%A1-rod.-O%C4%8Den%C3%A1%C5%A1ov%C3%A1-scaled.jpg?w=2400&amp;ssl=1 2400w\" sizes=\"auto, (max-width: 800px) 100vw, 800px\" \/><figcaption class=\"wp-element-caption\">V\u013eavo hore dokresli\u0165 klasy<\/figcaption><\/figure>\n\n\n\n<figure class=\"wp-block-image size-large\"><img data-recalc-dims=\"1\" loading=\"lazy\" decoding=\"async\" width=\"743\" height=\"1024\" data-attachment-id=\"12853\" data-permalink=\"https:\/\/www.atelier-reklama.sk\/blog\/moj-krekacsky-kroj-a-jeho-prekreslene-vzory-spolu\/4d-satka-sken-bzovik-ocenasov-laz-pol-20-stor-vysila-agnesa-konopkova-rod-ocenasova\/\" data-orig-file=\"https:\/\/i0.wp.com\/www.atelier-reklama.sk\/blog\/wp-content\/uploads\/2023\/03\/4D-%C5%A0atka-sken-Bzov%C3%ADk-O%C4%8Den%C3%A1%C5%A1ov-laz-pol.-20.-stor.-vy%C5%A1ila-Agnesa-Kon%C3%B4pkov%C3%A1-rod.-O%C4%8Den%C3%A1%C5%A1ov%C3%A1-scaled.jpg?fit=1859%2C2560&amp;ssl=1\" data-orig-size=\"1859,2560\" data-comments-opened=\"1\" data-image-meta=\"{&quot;aperture&quot;:&quot;0&quot;,&quot;credit&quot;:&quot;&quot;,&quot;camera&quot;:&quot;&quot;,&quot;caption&quot;:&quot;&quot;,&quot;created_timestamp&quot;:&quot;0&quot;,&quot;copyright&quot;:&quot;&quot;,&quot;focal_length&quot;:&quot;0&quot;,&quot;iso&quot;:&quot;0&quot;,&quot;shutter_speed&quot;:&quot;0&quot;,&quot;title&quot;:&quot;&quot;,&quot;orientation&quot;:&quot;1&quot;}\" data-image-title=\"4D-\u0160atka-sken-Bzov\u00edk-O\u010den\u00e1\u0161ov-laz-pol.-20.-stor.-vy\u0161ila-Agnesa-Kon\u00f4pkov\u00e1-rod.-O\u010den\u00e1\u0161ov\u00e1\" data-image-description=\"\" data-image-caption=\"\" data-medium-file=\"https:\/\/i0.wp.com\/www.atelier-reklama.sk\/blog\/wp-content\/uploads\/2023\/03\/4D-%C5%A0atka-sken-Bzov%C3%ADk-O%C4%8Den%C3%A1%C5%A1ov-laz-pol.-20.-stor.-vy%C5%A1ila-Agnesa-Kon%C3%B4pkov%C3%A1-rod.-O%C4%8Den%C3%A1%C5%A1ov%C3%A1-scaled.jpg?fit=218%2C300&amp;ssl=1\" data-large-file=\"https:\/\/i0.wp.com\/www.atelier-reklama.sk\/blog\/wp-content\/uploads\/2023\/03\/4D-%C5%A0atka-sken-Bzov%C3%ADk-O%C4%8Den%C3%A1%C5%A1ov-laz-pol.-20.-stor.-vy%C5%A1ila-Agnesa-Kon%C3%B4pkov%C3%A1-rod.-O%C4%8Den%C3%A1%C5%A1ov%C3%A1-scaled.jpg?fit=743%2C1024&amp;ssl=1\" src=\"https:\/\/i0.wp.com\/www.atelier-reklama.sk\/blog\/wp-content\/uploads\/2023\/03\/4D-%C5%A0atka-sken-Bzov%C3%ADk-O%C4%8Den%C3%A1%C5%A1ov-laz-pol.-20.-stor.-vy%C5%A1ila-Agnesa-Kon%C3%B4pkov%C3%A1-rod.-O%C4%8Den%C3%A1%C5%A1ov%C3%A1.jpg?resize=743%2C1024&#038;ssl=1\" alt=\"\" class=\"wp-image-12853\" srcset=\"https:\/\/i0.wp.com\/www.atelier-reklama.sk\/blog\/wp-content\/uploads\/2023\/03\/4D-%C5%A0atka-sken-Bzov%C3%ADk-O%C4%8Den%C3%A1%C5%A1ov-laz-pol.-20.-stor.-vy%C5%A1ila-Agnesa-Kon%C3%B4pkov%C3%A1-rod.-O%C4%8Den%C3%A1%C5%A1ov%C3%A1-scaled.jpg?resize=743%2C1024&amp;ssl=1 743w, https:\/\/i0.wp.com\/www.atelier-reklama.sk\/blog\/wp-content\/uploads\/2023\/03\/4D-%C5%A0atka-sken-Bzov%C3%ADk-O%C4%8Den%C3%A1%C5%A1ov-laz-pol.-20.-stor.-vy%C5%A1ila-Agnesa-Kon%C3%B4pkov%C3%A1-rod.-O%C4%8Den%C3%A1%C5%A1ov%C3%A1-scaled.jpg?resize=218%2C300&amp;ssl=1 218w, https:\/\/i0.wp.com\/www.atelier-reklama.sk\/blog\/wp-content\/uploads\/2023\/03\/4D-%C5%A0atka-sken-Bzov%C3%ADk-O%C4%8Den%C3%A1%C5%A1ov-laz-pol.-20.-stor.-vy%C5%A1ila-Agnesa-Kon%C3%B4pkov%C3%A1-rod.-O%C4%8Den%C3%A1%C5%A1ov%C3%A1-scaled.jpg?resize=768%2C1058&amp;ssl=1 768w, https:\/\/i0.wp.com\/www.atelier-reklama.sk\/blog\/wp-content\/uploads\/2023\/03\/4D-%C5%A0atka-sken-Bzov%C3%ADk-O%C4%8Den%C3%A1%C5%A1ov-laz-pol.-20.-stor.-vy%C5%A1ila-Agnesa-Kon%C3%B4pkov%C3%A1-rod.-O%C4%8Den%C3%A1%C5%A1ov%C3%A1-scaled.jpg?resize=1115%2C1536&amp;ssl=1 1115w, https:\/\/i0.wp.com\/www.atelier-reklama.sk\/blog\/wp-content\/uploads\/2023\/03\/4D-%C5%A0atka-sken-Bzov%C3%ADk-O%C4%8Den%C3%A1%C5%A1ov-laz-pol.-20.-stor.-vy%C5%A1ila-Agnesa-Kon%C3%B4pkov%C3%A1-rod.-O%C4%8Den%C3%A1%C5%A1ov%C3%A1-scaled.jpg?resize=1487%2C2048&amp;ssl=1 1487w, https:\/\/i0.wp.com\/www.atelier-reklama.sk\/blog\/wp-content\/uploads\/2023\/03\/4D-%C5%A0atka-sken-Bzov%C3%ADk-O%C4%8Den%C3%A1%C5%A1ov-laz-pol.-20.-stor.-vy%C5%A1ila-Agnesa-Kon%C3%B4pkov%C3%A1-rod.-O%C4%8Den%C3%A1%C5%A1ov%C3%A1-scaled.jpg?w=1859&amp;ssl=1 1859w, https:\/\/i0.wp.com\/www.atelier-reklama.sk\/blog\/wp-content\/uploads\/2023\/03\/4D-%C5%A0atka-sken-Bzov%C3%ADk-O%C4%8Den%C3%A1%C5%A1ov-laz-pol.-20.-stor.-vy%C5%A1ila-Agnesa-Kon%C3%B4pkov%C3%A1-rod.-O%C4%8Den%C3%A1%C5%A1ov%C3%A1-scaled.jpg?w=1600&amp;ssl=1 1600w\" sizes=\"auto, (max-width: 743px) 100vw, 743px\" \/><figcaption class=\"wp-element-caption\">Preskenovan\u00e1 v\u00fd\u0161ivka<br><\/figcaption><\/figure>\n\n\n\n<figure class=\"wp-block-image size-large\"><img data-recalc-dims=\"1\" loading=\"lazy\" decoding=\"async\" width=\"800\" height=\"580\" data-attachment-id=\"12854\" data-permalink=\"https:\/\/www.atelier-reklama.sk\/blog\/moj-krekacsky-kroj-a-jeho-prekreslene-vzory-spolu\/4e-satka-sken-bzovik-ocenasov-laz-pol-20-stor-vysila-agnesa-konopkova-rod-ocenasova\/\" data-orig-file=\"https:\/\/i0.wp.com\/www.atelier-reklama.sk\/blog\/wp-content\/uploads\/2023\/03\/4E-%C5%A0atka-sken-Bzov%C3%ADk-O%C4%8Den%C3%A1%C5%A1ov-laz-pol.-20.-stor.-vy%C5%A1ila-Agnesa-Kon%C3%B4pkov%C3%A1-rod.-O%C4%8Den%C3%A1%C5%A1ov%C3%A1-scaled.jpg?fit=2560%2C1859&amp;ssl=1\" data-orig-size=\"2560,1859\" data-comments-opened=\"1\" data-image-meta=\"{&quot;aperture&quot;:&quot;0&quot;,&quot;credit&quot;:&quot;&quot;,&quot;camera&quot;:&quot;&quot;,&quot;caption&quot;:&quot;&quot;,&quot;created_timestamp&quot;:&quot;0&quot;,&quot;copyright&quot;:&quot;&quot;,&quot;focal_length&quot;:&quot;0&quot;,&quot;iso&quot;:&quot;0&quot;,&quot;shutter_speed&quot;:&quot;0&quot;,&quot;title&quot;:&quot;&quot;,&quot;orientation&quot;:&quot;1&quot;}\" data-image-title=\"4E-\u0160atka-sken-Bzov\u00edk-O\u010den\u00e1\u0161ov-laz-pol.-20.-stor.-vy\u0161ila-Agnesa-Kon\u00f4pkov\u00e1-rod.-O\u010den\u00e1\u0161ov\u00e1\" data-image-description=\"\" data-image-caption=\"\" data-medium-file=\"https:\/\/i0.wp.com\/www.atelier-reklama.sk\/blog\/wp-content\/uploads\/2023\/03\/4E-%C5%A0atka-sken-Bzov%C3%ADk-O%C4%8Den%C3%A1%C5%A1ov-laz-pol.-20.-stor.-vy%C5%A1ila-Agnesa-Kon%C3%B4pkov%C3%A1-rod.-O%C4%8Den%C3%A1%C5%A1ov%C3%A1-scaled.jpg?fit=300%2C218&amp;ssl=1\" data-large-file=\"https:\/\/i0.wp.com\/www.atelier-reklama.sk\/blog\/wp-content\/uploads\/2023\/03\/4E-%C5%A0atka-sken-Bzov%C3%ADk-O%C4%8Den%C3%A1%C5%A1ov-laz-pol.-20.-stor.-vy%C5%A1ila-Agnesa-Kon%C3%B4pkov%C3%A1-rod.-O%C4%8Den%C3%A1%C5%A1ov%C3%A1-scaled.jpg?fit=800%2C580&amp;ssl=1\" src=\"https:\/\/i0.wp.com\/www.atelier-reklama.sk\/blog\/wp-content\/uploads\/2023\/03\/4E-%C5%A0atka-sken-Bzov%C3%ADk-O%C4%8Den%C3%A1%C5%A1ov-laz-pol.-20.-stor.-vy%C5%A1ila-Agnesa-Kon%C3%B4pkov%C3%A1-rod.-O%C4%8Den%C3%A1%C5%A1ov%C3%A1.jpg?resize=800%2C580&#038;ssl=1\" alt=\"\" class=\"wp-image-12854\" srcset=\"https:\/\/i0.wp.com\/www.atelier-reklama.sk\/blog\/wp-content\/uploads\/2023\/03\/4E-%C5%A0atka-sken-Bzov%C3%ADk-O%C4%8Den%C3%A1%C5%A1ov-laz-pol.-20.-stor.-vy%C5%A1ila-Agnesa-Kon%C3%B4pkov%C3%A1-rod.-O%C4%8Den%C3%A1%C5%A1ov%C3%A1-scaled.jpg?resize=1024%2C743&amp;ssl=1 1024w, https:\/\/i0.wp.com\/www.atelier-reklama.sk\/blog\/wp-content\/uploads\/2023\/03\/4E-%C5%A0atka-sken-Bzov%C3%ADk-O%C4%8Den%C3%A1%C5%A1ov-laz-pol.-20.-stor.-vy%C5%A1ila-Agnesa-Kon%C3%B4pkov%C3%A1-rod.-O%C4%8Den%C3%A1%C5%A1ov%C3%A1-scaled.jpg?resize=300%2C218&amp;ssl=1 300w, https:\/\/i0.wp.com\/www.atelier-reklama.sk\/blog\/wp-content\/uploads\/2023\/03\/4E-%C5%A0atka-sken-Bzov%C3%ADk-O%C4%8Den%C3%A1%C5%A1ov-laz-pol.-20.-stor.-vy%C5%A1ila-Agnesa-Kon%C3%B4pkov%C3%A1-rod.-O%C4%8Den%C3%A1%C5%A1ov%C3%A1-scaled.jpg?resize=768%2C558&amp;ssl=1 768w, https:\/\/i0.wp.com\/www.atelier-reklama.sk\/blog\/wp-content\/uploads\/2023\/03\/4E-%C5%A0atka-sken-Bzov%C3%ADk-O%C4%8Den%C3%A1%C5%A1ov-laz-pol.-20.-stor.-vy%C5%A1ila-Agnesa-Kon%C3%B4pkov%C3%A1-rod.-O%C4%8Den%C3%A1%C5%A1ov%C3%A1-scaled.jpg?resize=1536%2C1115&amp;ssl=1 1536w, https:\/\/i0.wp.com\/www.atelier-reklama.sk\/blog\/wp-content\/uploads\/2023\/03\/4E-%C5%A0atka-sken-Bzov%C3%ADk-O%C4%8Den%C3%A1%C5%A1ov-laz-pol.-20.-stor.-vy%C5%A1ila-Agnesa-Kon%C3%B4pkov%C3%A1-rod.-O%C4%8Den%C3%A1%C5%A1ov%C3%A1-scaled.jpg?resize=2048%2C1487&amp;ssl=1 2048w, https:\/\/i0.wp.com\/www.atelier-reklama.sk\/blog\/wp-content\/uploads\/2023\/03\/4E-%C5%A0atka-sken-Bzov%C3%ADk-O%C4%8Den%C3%A1%C5%A1ov-laz-pol.-20.-stor.-vy%C5%A1ila-Agnesa-Kon%C3%B4pkov%C3%A1-rod.-O%C4%8Den%C3%A1%C5%A1ov%C3%A1-scaled.jpg?w=1600&amp;ssl=1 1600w, https:\/\/i0.wp.com\/www.atelier-reklama.sk\/blog\/wp-content\/uploads\/2023\/03\/4E-%C5%A0atka-sken-Bzov%C3%ADk-O%C4%8Den%C3%A1%C5%A1ov-laz-pol.-20.-stor.-vy%C5%A1ila-Agnesa-Kon%C3%B4pkov%C3%A1-rod.-O%C4%8Den%C3%A1%C5%A1ov%C3%A1-scaled.jpg?w=2400&amp;ssl=1 2400w\" sizes=\"auto, (max-width: 800px) 100vw, 800px\" \/><\/figure>\n\n\n\n<p class=\"has-text-align-center\"> \u0160atka, Litava, asi  pol. 20. stor., pln\u00fd ploch\u00fd steh, hladkovanie, p\u00f4vodn\u00fd vlastn\u00edk nezn\u00e1my<\/p>\n\n\n\n<figure class=\"wp-block-image size-large\"><img data-recalc-dims=\"1\" loading=\"lazy\" decoding=\"async\" width=\"800\" height=\"771\" data-attachment-id=\"12696\" data-permalink=\"https:\/\/www.atelier-reklama.sk\/blog\/moj-krekacsky-kroj-a-jeho-prekreslene-vzory-spolu\/satka-litava-povod-neznamy\/\" data-orig-file=\"https:\/\/i0.wp.com\/www.atelier-reklama.sk\/blog\/wp-content\/uploads\/2023\/03\/%C5%A0atka-Litava-p%C3%B4vod-nezn%C3%A1my-scaled.jpg?fit=2560%2C2468&amp;ssl=1\" data-orig-size=\"2560,2468\" data-comments-opened=\"1\" data-image-meta=\"{&quot;aperture&quot;:&quot;2&quot;,&quot;credit&quot;:&quot;&quot;,&quot;camera&quot;:&quot;SM-A125F&quot;,&quot;caption&quot;:&quot;&quot;,&quot;created_timestamp&quot;:&quot;1678099684&quot;,&quot;copyright&quot;:&quot;&quot;,&quot;focal_length&quot;:&quot;4.6&quot;,&quot;iso&quot;:&quot;32&quot;,&quot;shutter_speed&quot;:&quot;0.0099&quot;,&quot;title&quot;:&quot;&quot;,&quot;orientation&quot;:&quot;1&quot;}\" data-image-title=\"\u0160atka-Litava-p\u00f4vod-nezn\u00e1my\" data-image-description=\"\" data-image-caption=\"\" data-medium-file=\"https:\/\/i0.wp.com\/www.atelier-reklama.sk\/blog\/wp-content\/uploads\/2023\/03\/%C5%A0atka-Litava-p%C3%B4vod-nezn%C3%A1my-scaled.jpg?fit=300%2C289&amp;ssl=1\" data-large-file=\"https:\/\/i0.wp.com\/www.atelier-reklama.sk\/blog\/wp-content\/uploads\/2023\/03\/%C5%A0atka-Litava-p%C3%B4vod-nezn%C3%A1my-scaled.jpg?fit=800%2C771&amp;ssl=1\" src=\"https:\/\/i0.wp.com\/www.atelier-reklama.sk\/blog\/wp-content\/uploads\/2023\/03\/%C5%A0atka-Litava-p%C3%B4vod-nezn%C3%A1my.jpg?resize=800%2C771&#038;ssl=1\" alt=\"\" class=\"wp-image-12696\" srcset=\"https:\/\/i0.wp.com\/www.atelier-reklama.sk\/blog\/wp-content\/uploads\/2023\/03\/%C5%A0atka-Litava-p%C3%B4vod-nezn%C3%A1my-scaled.jpg?resize=1024%2C987&amp;ssl=1 1024w, https:\/\/i0.wp.com\/www.atelier-reklama.sk\/blog\/wp-content\/uploads\/2023\/03\/%C5%A0atka-Litava-p%C3%B4vod-nezn%C3%A1my-scaled.jpg?resize=300%2C289&amp;ssl=1 300w, https:\/\/i0.wp.com\/www.atelier-reklama.sk\/blog\/wp-content\/uploads\/2023\/03\/%C5%A0atka-Litava-p%C3%B4vod-nezn%C3%A1my-scaled.jpg?resize=768%2C740&amp;ssl=1 768w, https:\/\/i0.wp.com\/www.atelier-reklama.sk\/blog\/wp-content\/uploads\/2023\/03\/%C5%A0atka-Litava-p%C3%B4vod-nezn%C3%A1my-scaled.jpg?resize=1536%2C1481&amp;ssl=1 1536w, https:\/\/i0.wp.com\/www.atelier-reklama.sk\/blog\/wp-content\/uploads\/2023\/03\/%C5%A0atka-Litava-p%C3%B4vod-nezn%C3%A1my-scaled.jpg?resize=2048%2C1974&amp;ssl=1 2048w, https:\/\/i0.wp.com\/www.atelier-reklama.sk\/blog\/wp-content\/uploads\/2023\/03\/%C5%A0atka-Litava-p%C3%B4vod-nezn%C3%A1my-scaled.jpg?w=1600&amp;ssl=1 1600w, https:\/\/i0.wp.com\/www.atelier-reklama.sk\/blog\/wp-content\/uploads\/2023\/03\/%C5%A0atka-Litava-p%C3%B4vod-nezn%C3%A1my-scaled.jpg?w=2400&amp;ssl=1 2400w\" sizes=\"auto, (max-width: 800px) 100vw, 800px\" \/><\/figure>\n\n\n\n<figure class=\"wp-block-image size-large\"><img data-recalc-dims=\"1\" loading=\"lazy\" decoding=\"async\" width=\"800\" height=\"566\" data-attachment-id=\"12759\" data-permalink=\"https:\/\/www.atelier-reklama.sk\/blog\/moj-krekacsky-kroj-a-jeho-prekreslene-vzory-spolu\/5a-satka-litava-pol-20-st-plny-steh-hladkovanie-povodny-vlastnik-neznamy\/\" data-orig-file=\"https:\/\/i0.wp.com\/www.atelier-reklama.sk\/blog\/wp-content\/uploads\/2023\/03\/5A-%C5%A0atka-Litava-pol.20.-st.-pln%C3%BD-steh-hladkovanie-p%C3%B4vodn%C3%BD-vlastn%C3%ADk-nezn%C3%A1my-scaled.jpg?fit=2560%2C1810&amp;ssl=1\" data-orig-size=\"2560,1810\" data-comments-opened=\"1\" data-image-meta=\"{&quot;aperture&quot;:&quot;0&quot;,&quot;credit&quot;:&quot;&quot;,&quot;camera&quot;:&quot;&quot;,&quot;caption&quot;:&quot;&quot;,&quot;created_timestamp&quot;:&quot;0&quot;,&quot;copyright&quot;:&quot;&quot;,&quot;focal_length&quot;:&quot;0&quot;,&quot;iso&quot;:&quot;0&quot;,&quot;shutter_speed&quot;:&quot;0&quot;,&quot;title&quot;:&quot;&quot;,&quot;orientation&quot;:&quot;0&quot;}\" data-image-title=\"5A-\u0160atka-Litava-pol.20.-st.-pln\u00fd-steh-hladkovanie-p\u00f4vodn\u00fd-vlastn\u00edk-nezn\u00e1my\" data-image-description=\"\" data-image-caption=\"\" data-medium-file=\"https:\/\/i0.wp.com\/www.atelier-reklama.sk\/blog\/wp-content\/uploads\/2023\/03\/5A-%C5%A0atka-Litava-pol.20.-st.-pln%C3%BD-steh-hladkovanie-p%C3%B4vodn%C3%BD-vlastn%C3%ADk-nezn%C3%A1my-scaled.jpg?fit=300%2C212&amp;ssl=1\" data-large-file=\"https:\/\/i0.wp.com\/www.atelier-reklama.sk\/blog\/wp-content\/uploads\/2023\/03\/5A-%C5%A0atka-Litava-pol.20.-st.-pln%C3%BD-steh-hladkovanie-p%C3%B4vodn%C3%BD-vlastn%C3%ADk-nezn%C3%A1my-scaled.jpg?fit=800%2C566&amp;ssl=1\" src=\"https:\/\/i0.wp.com\/www.atelier-reklama.sk\/blog\/wp-content\/uploads\/2023\/03\/5A-%C5%A0atka-Litava-pol.20.-st.-pln%C3%BD-steh-hladkovanie-p%C3%B4vodn%C3%BD-vlastn%C3%ADk-nezn%C3%A1my.jpg?resize=800%2C566&#038;ssl=1\" alt=\"\" class=\"wp-image-12759\" srcset=\"https:\/\/i0.wp.com\/www.atelier-reklama.sk\/blog\/wp-content\/uploads\/2023\/03\/5A-%C5%A0atka-Litava-pol.20.-st.-pln%C3%BD-steh-hladkovanie-p%C3%B4vodn%C3%BD-vlastn%C3%ADk-nezn%C3%A1my-scaled.jpg?resize=1024%2C724&amp;ssl=1 1024w, https:\/\/i0.wp.com\/www.atelier-reklama.sk\/blog\/wp-content\/uploads\/2023\/03\/5A-%C5%A0atka-Litava-pol.20.-st.-pln%C3%BD-steh-hladkovanie-p%C3%B4vodn%C3%BD-vlastn%C3%ADk-nezn%C3%A1my-scaled.jpg?resize=300%2C212&amp;ssl=1 300w, https:\/\/i0.wp.com\/www.atelier-reklama.sk\/blog\/wp-content\/uploads\/2023\/03\/5A-%C5%A0atka-Litava-pol.20.-st.-pln%C3%BD-steh-hladkovanie-p%C3%B4vodn%C3%BD-vlastn%C3%ADk-nezn%C3%A1my-scaled.jpg?resize=768%2C543&amp;ssl=1 768w, https:\/\/i0.wp.com\/www.atelier-reklama.sk\/blog\/wp-content\/uploads\/2023\/03\/5A-%C5%A0atka-Litava-pol.20.-st.-pln%C3%BD-steh-hladkovanie-p%C3%B4vodn%C3%BD-vlastn%C3%ADk-nezn%C3%A1my-scaled.jpg?resize=1536%2C1086&amp;ssl=1 1536w, https:\/\/i0.wp.com\/www.atelier-reklama.sk\/blog\/wp-content\/uploads\/2023\/03\/5A-%C5%A0atka-Litava-pol.20.-st.-pln%C3%BD-steh-hladkovanie-p%C3%B4vodn%C3%BD-vlastn%C3%ADk-nezn%C3%A1my-scaled.jpg?resize=2048%2C1448&amp;ssl=1 2048w, https:\/\/i0.wp.com\/www.atelier-reklama.sk\/blog\/wp-content\/uploads\/2023\/03\/5A-%C5%A0atka-Litava-pol.20.-st.-pln%C3%BD-steh-hladkovanie-p%C3%B4vodn%C3%BD-vlastn%C3%ADk-nezn%C3%A1my-scaled.jpg?w=1600&amp;ssl=1 1600w, https:\/\/i0.wp.com\/www.atelier-reklama.sk\/blog\/wp-content\/uploads\/2023\/03\/5A-%C5%A0atka-Litava-pol.20.-st.-pln%C3%BD-steh-hladkovanie-p%C3%B4vodn%C3%BD-vlastn%C3%ADk-nezn%C3%A1my-scaled.jpg?w=2400&amp;ssl=1 2400w\" sizes=\"auto, (max-width: 800px) 100vw, 800px\" \/><\/figure>\n\n\n\n<figure class=\"wp-block-image size-large\"><img data-recalc-dims=\"1\" loading=\"lazy\" decoding=\"async\" width=\"724\" height=\"1024\" data-attachment-id=\"12760\" data-permalink=\"https:\/\/www.atelier-reklama.sk\/blog\/moj-krekacsky-kroj-a-jeho-prekreslene-vzory-spolu\/5b-satka-litava-pol-20-st-plny-steh-hladkovanie-povodny-vlastnik-neznamy\/\" data-orig-file=\"https:\/\/i0.wp.com\/www.atelier-reklama.sk\/blog\/wp-content\/uploads\/2023\/03\/5B-%C5%A0atka-Litava-pol.20.-st.-pln%C3%BD-steh-hladkovanie-p%C3%B4vodn%C3%BD-vlastn%C3%ADk-nezn%C3%A1my-scaled.jpg?fit=1810%2C2560&amp;ssl=1\" data-orig-size=\"1810,2560\" data-comments-opened=\"1\" data-image-meta=\"{&quot;aperture&quot;:&quot;0&quot;,&quot;credit&quot;:&quot;&quot;,&quot;camera&quot;:&quot;&quot;,&quot;caption&quot;:&quot;&quot;,&quot;created_timestamp&quot;:&quot;0&quot;,&quot;copyright&quot;:&quot;&quot;,&quot;focal_length&quot;:&quot;0&quot;,&quot;iso&quot;:&quot;0&quot;,&quot;shutter_speed&quot;:&quot;0&quot;,&quot;title&quot;:&quot;&quot;,&quot;orientation&quot;:&quot;1&quot;}\" data-image-title=\"5B-\u0160atka-Litava-pol.20.-st.-pln\u00fd-steh-hladkovanie-p\u00f4vodn\u00fd-vlastn\u00edk-nezn\u00e1my\" data-image-description=\"\" data-image-caption=\"\" data-medium-file=\"https:\/\/i0.wp.com\/www.atelier-reklama.sk\/blog\/wp-content\/uploads\/2023\/03\/5B-%C5%A0atka-Litava-pol.20.-st.-pln%C3%BD-steh-hladkovanie-p%C3%B4vodn%C3%BD-vlastn%C3%ADk-nezn%C3%A1my-scaled.jpg?fit=212%2C300&amp;ssl=1\" data-large-file=\"https:\/\/i0.wp.com\/www.atelier-reklama.sk\/blog\/wp-content\/uploads\/2023\/03\/5B-%C5%A0atka-Litava-pol.20.-st.-pln%C3%BD-steh-hladkovanie-p%C3%B4vodn%C3%BD-vlastn%C3%ADk-nezn%C3%A1my-scaled.jpg?fit=724%2C1024&amp;ssl=1\" src=\"https:\/\/i0.wp.com\/www.atelier-reklama.sk\/blog\/wp-content\/uploads\/2023\/03\/5B-%C5%A0atka-Litava-pol.20.-st.-pln%C3%BD-steh-hladkovanie-p%C3%B4vodn%C3%BD-vlastn%C3%ADk-nezn%C3%A1my.jpg?resize=724%2C1024&#038;ssl=1\" alt=\"\" class=\"wp-image-12760\" srcset=\"https:\/\/i0.wp.com\/www.atelier-reklama.sk\/blog\/wp-content\/uploads\/2023\/03\/5B-%C5%A0atka-Litava-pol.20.-st.-pln%C3%BD-steh-hladkovanie-p%C3%B4vodn%C3%BD-vlastn%C3%ADk-nezn%C3%A1my-scaled.jpg?resize=724%2C1024&amp;ssl=1 724w, https:\/\/i0.wp.com\/www.atelier-reklama.sk\/blog\/wp-content\/uploads\/2023\/03\/5B-%C5%A0atka-Litava-pol.20.-st.-pln%C3%BD-steh-hladkovanie-p%C3%B4vodn%C3%BD-vlastn%C3%ADk-nezn%C3%A1my-scaled.jpg?resize=212%2C300&amp;ssl=1 212w, https:\/\/i0.wp.com\/www.atelier-reklama.sk\/blog\/wp-content\/uploads\/2023\/03\/5B-%C5%A0atka-Litava-pol.20.-st.-pln%C3%BD-steh-hladkovanie-p%C3%B4vodn%C3%BD-vlastn%C3%ADk-nezn%C3%A1my-scaled.jpg?resize=768%2C1086&amp;ssl=1 768w, https:\/\/i0.wp.com\/www.atelier-reklama.sk\/blog\/wp-content\/uploads\/2023\/03\/5B-%C5%A0atka-Litava-pol.20.-st.-pln%C3%BD-steh-hladkovanie-p%C3%B4vodn%C3%BD-vlastn%C3%ADk-nezn%C3%A1my-scaled.jpg?resize=1086%2C1536&amp;ssl=1 1086w, https:\/\/i0.wp.com\/www.atelier-reklama.sk\/blog\/wp-content\/uploads\/2023\/03\/5B-%C5%A0atka-Litava-pol.20.-st.-pln%C3%BD-steh-hladkovanie-p%C3%B4vodn%C3%BD-vlastn%C3%ADk-nezn%C3%A1my-scaled.jpg?resize=1448%2C2048&amp;ssl=1 1448w, https:\/\/i0.wp.com\/www.atelier-reklama.sk\/blog\/wp-content\/uploads\/2023\/03\/5B-%C5%A0atka-Litava-pol.20.-st.-pln%C3%BD-steh-hladkovanie-p%C3%B4vodn%C3%BD-vlastn%C3%ADk-nezn%C3%A1my-scaled.jpg?w=1810&amp;ssl=1 1810w, https:\/\/i0.wp.com\/www.atelier-reklama.sk\/blog\/wp-content\/uploads\/2023\/03\/5B-%C5%A0atka-Litava-pol.20.-st.-pln%C3%BD-steh-hladkovanie-p%C3%B4vodn%C3%BD-vlastn%C3%ADk-nezn%C3%A1my-scaled.jpg?w=1600&amp;ssl=1 1600w\" sizes=\"auto, (max-width: 724px) 100vw, 724px\" \/><\/figure>\n\n\n\n<figure class=\"wp-block-image size-large\"><img data-recalc-dims=\"1\" loading=\"lazy\" decoding=\"async\" width=\"768\" height=\"1024\" data-attachment-id=\"12694\" data-permalink=\"https:\/\/www.atelier-reklama.sk\/blog\/moj-krekacsky-kroj-a-jeho-prekreslene-vzory-spolu\/satka-roh-litava-povodny-vlastnik-neznamy\/\" data-orig-file=\"https:\/\/i0.wp.com\/www.atelier-reklama.sk\/blog\/wp-content\/uploads\/2023\/03\/%C5%A0atka-roh-Litava-p%C3%B4vodn%C3%BD-vlastn%C3%ADk-nezn%C3%A1my-scaled.jpg?fit=1920%2C2560&amp;ssl=1\" data-orig-size=\"1920,2560\" data-comments-opened=\"1\" data-image-meta=\"{&quot;aperture&quot;:&quot;2&quot;,&quot;credit&quot;:&quot;&quot;,&quot;camera&quot;:&quot;SM-A125F&quot;,&quot;caption&quot;:&quot;&quot;,&quot;created_timestamp&quot;:&quot;1678099721&quot;,&quot;copyright&quot;:&quot;&quot;,&quot;focal_length&quot;:&quot;4.6&quot;,&quot;iso&quot;:&quot;25&quot;,&quot;shutter_speed&quot;:&quot;0.0099&quot;,&quot;title&quot;:&quot;&quot;,&quot;orientation&quot;:&quot;1&quot;}\" data-image-title=\"\u0160atka-roh-Litava-p\u00f4vodn\u00fd-vlastn\u00edk-nezn\u00e1my\" data-image-description=\"\" data-image-caption=\"\" data-medium-file=\"https:\/\/i0.wp.com\/www.atelier-reklama.sk\/blog\/wp-content\/uploads\/2023\/03\/%C5%A0atka-roh-Litava-p%C3%B4vodn%C3%BD-vlastn%C3%ADk-nezn%C3%A1my-scaled.jpg?fit=225%2C300&amp;ssl=1\" data-large-file=\"https:\/\/i0.wp.com\/www.atelier-reklama.sk\/blog\/wp-content\/uploads\/2023\/03\/%C5%A0atka-roh-Litava-p%C3%B4vodn%C3%BD-vlastn%C3%ADk-nezn%C3%A1my-scaled.jpg?fit=768%2C1024&amp;ssl=1\" src=\"https:\/\/i0.wp.com\/www.atelier-reklama.sk\/blog\/wp-content\/uploads\/2023\/03\/%C5%A0atka-roh-Litava-p%C3%B4vodn%C3%BD-vlastn%C3%ADk-nezn%C3%A1my.jpg?resize=768%2C1024&#038;ssl=1\" alt=\"\" class=\"wp-image-12694\" srcset=\"https:\/\/i0.wp.com\/www.atelier-reklama.sk\/blog\/wp-content\/uploads\/2023\/03\/%C5%A0atka-roh-Litava-p%C3%B4vodn%C3%BD-vlastn%C3%ADk-nezn%C3%A1my-scaled.jpg?resize=768%2C1024&amp;ssl=1 768w, https:\/\/i0.wp.com\/www.atelier-reklama.sk\/blog\/wp-content\/uploads\/2023\/03\/%C5%A0atka-roh-Litava-p%C3%B4vodn%C3%BD-vlastn%C3%ADk-nezn%C3%A1my-scaled.jpg?resize=225%2C300&amp;ssl=1 225w, https:\/\/i0.wp.com\/www.atelier-reklama.sk\/blog\/wp-content\/uploads\/2023\/03\/%C5%A0atka-roh-Litava-p%C3%B4vodn%C3%BD-vlastn%C3%ADk-nezn%C3%A1my-scaled.jpg?resize=1152%2C1536&amp;ssl=1 1152w, https:\/\/i0.wp.com\/www.atelier-reklama.sk\/blog\/wp-content\/uploads\/2023\/03\/%C5%A0atka-roh-Litava-p%C3%B4vodn%C3%BD-vlastn%C3%ADk-nezn%C3%A1my-scaled.jpg?resize=1536%2C2048&amp;ssl=1 1536w, https:\/\/i0.wp.com\/www.atelier-reklama.sk\/blog\/wp-content\/uploads\/2023\/03\/%C5%A0atka-roh-Litava-p%C3%B4vodn%C3%BD-vlastn%C3%ADk-nezn%C3%A1my-scaled.jpg?w=1920&amp;ssl=1 1920w, https:\/\/i0.wp.com\/www.atelier-reklama.sk\/blog\/wp-content\/uploads\/2023\/03\/%C5%A0atka-roh-Litava-p%C3%B4vodn%C3%BD-vlastn%C3%ADk-nezn%C3%A1my-scaled.jpg?w=1600&amp;ssl=1 1600w\" sizes=\"auto, (max-width: 768px) 100vw, 768px\" \/><\/figure>\n\n\n\n<figure class=\"wp-block-image size-large\"><img data-recalc-dims=\"1\" loading=\"lazy\" decoding=\"async\" width=\"800\" height=\"872\" data-attachment-id=\"12693\" data-permalink=\"https:\/\/www.atelier-reklama.sk\/blog\/moj-krekacsky-kroj-a-jeho-prekreslene-vzory-spolu\/satka-stred-litava-povodny-vlastnik-neznamy\/\" data-orig-file=\"https:\/\/i0.wp.com\/www.atelier-reklama.sk\/blog\/wp-content\/uploads\/2023\/03\/%C5%A0atka-stred-Litava-p%C3%B4vodn%C3%BD-vlastn%C3%ADk-nezn%C3%A1my.jpg?fit=2267%2C2472&amp;ssl=1\" data-orig-size=\"2267,2472\" data-comments-opened=\"1\" data-image-meta=\"{&quot;aperture&quot;:&quot;2&quot;,&quot;credit&quot;:&quot;&quot;,&quot;camera&quot;:&quot;SM-A125F&quot;,&quot;caption&quot;:&quot;&quot;,&quot;created_timestamp&quot;:&quot;1678099719&quot;,&quot;copyright&quot;:&quot;&quot;,&quot;focal_length&quot;:&quot;4.6&quot;,&quot;iso&quot;:&quot;25&quot;,&quot;shutter_speed&quot;:&quot;0.0099&quot;,&quot;title&quot;:&quot;&quot;,&quot;orientation&quot;:&quot;1&quot;}\" data-image-title=\"\u0160atka-stred-Litava-p\u00f4vodn\u00fd-vlastn\u00edk-nezn\u00e1my\" data-image-description=\"\" data-image-caption=\"\" data-medium-file=\"https:\/\/i0.wp.com\/www.atelier-reklama.sk\/blog\/wp-content\/uploads\/2023\/03\/%C5%A0atka-stred-Litava-p%C3%B4vodn%C3%BD-vlastn%C3%ADk-nezn%C3%A1my.jpg?fit=275%2C300&amp;ssl=1\" data-large-file=\"https:\/\/i0.wp.com\/www.atelier-reklama.sk\/blog\/wp-content\/uploads\/2023\/03\/%C5%A0atka-stred-Litava-p%C3%B4vodn%C3%BD-vlastn%C3%ADk-nezn%C3%A1my.jpg?fit=800%2C872&amp;ssl=1\" src=\"https:\/\/i0.wp.com\/www.atelier-reklama.sk\/blog\/wp-content\/uploads\/2023\/03\/%C5%A0atka-stred-Litava-p%C3%B4vodn%C3%BD-vlastn%C3%ADk-nezn%C3%A1my.jpg?resize=800%2C872&#038;ssl=1\" alt=\"\" class=\"wp-image-12693\" srcset=\"https:\/\/i0.wp.com\/www.atelier-reklama.sk\/blog\/wp-content\/uploads\/2023\/03\/%C5%A0atka-stred-Litava-p%C3%B4vodn%C3%BD-vlastn%C3%ADk-nezn%C3%A1my.jpg?resize=939%2C1024&amp;ssl=1 939w, https:\/\/i0.wp.com\/www.atelier-reklama.sk\/blog\/wp-content\/uploads\/2023\/03\/%C5%A0atka-stred-Litava-p%C3%B4vodn%C3%BD-vlastn%C3%ADk-nezn%C3%A1my.jpg?resize=275%2C300&amp;ssl=1 275w, https:\/\/i0.wp.com\/www.atelier-reklama.sk\/blog\/wp-content\/uploads\/2023\/03\/%C5%A0atka-stred-Litava-p%C3%B4vodn%C3%BD-vlastn%C3%ADk-nezn%C3%A1my.jpg?resize=768%2C837&amp;ssl=1 768w, https:\/\/i0.wp.com\/www.atelier-reklama.sk\/blog\/wp-content\/uploads\/2023\/03\/%C5%A0atka-stred-Litava-p%C3%B4vodn%C3%BD-vlastn%C3%ADk-nezn%C3%A1my.jpg?resize=1409%2C1536&amp;ssl=1 1409w, https:\/\/i0.wp.com\/www.atelier-reklama.sk\/blog\/wp-content\/uploads\/2023\/03\/%C5%A0atka-stred-Litava-p%C3%B4vodn%C3%BD-vlastn%C3%ADk-nezn%C3%A1my.jpg?resize=1878%2C2048&amp;ssl=1 1878w, https:\/\/i0.wp.com\/www.atelier-reklama.sk\/blog\/wp-content\/uploads\/2023\/03\/%C5%A0atka-stred-Litava-p%C3%B4vodn%C3%BD-vlastn%C3%ADk-nezn%C3%A1my.jpg?w=1600&amp;ssl=1 1600w\" sizes=\"auto, (max-width: 800px) 100vw, 800px\" \/><\/figure>\n\n\n\n<figure class=\"wp-block-image size-large\"><img data-recalc-dims=\"1\" loading=\"lazy\" decoding=\"async\" width=\"768\" height=\"1024\" data-attachment-id=\"12700\" data-permalink=\"https:\/\/www.atelier-reklama.sk\/blog\/moj-krekacsky-kroj-a-jeho-prekreslene-vzory-spolu\/satka-roh-litava-povodny-vlastnik-neznamy-1\/\" data-orig-file=\"https:\/\/i0.wp.com\/www.atelier-reklama.sk\/blog\/wp-content\/uploads\/2023\/03\/%C5%A0atka-roh-Litava-p%C3%B4vodn%C3%BD-vlastn%C3%ADk-nezn%C3%A1my-1-scaled.jpg?fit=1920%2C2560&amp;ssl=1\" data-orig-size=\"1920,2560\" data-comments-opened=\"1\" data-image-meta=\"{&quot;aperture&quot;:&quot;2&quot;,&quot;credit&quot;:&quot;&quot;,&quot;camera&quot;:&quot;SM-A125F&quot;,&quot;caption&quot;:&quot;&quot;,&quot;created_timestamp&quot;:&quot;1678099721&quot;,&quot;copyright&quot;:&quot;&quot;,&quot;focal_length&quot;:&quot;4.6&quot;,&quot;iso&quot;:&quot;25&quot;,&quot;shutter_speed&quot;:&quot;0.0099&quot;,&quot;title&quot;:&quot;&quot;,&quot;orientation&quot;:&quot;1&quot;}\" data-image-title=\"\u0160atka-roh-Litava-p\u00f4vodn\u00fd-vlastn\u00edk-nezn\u00e1my-1\" data-image-description=\"\" data-image-caption=\"\" data-medium-file=\"https:\/\/i0.wp.com\/www.atelier-reklama.sk\/blog\/wp-content\/uploads\/2023\/03\/%C5%A0atka-roh-Litava-p%C3%B4vodn%C3%BD-vlastn%C3%ADk-nezn%C3%A1my-1-scaled.jpg?fit=225%2C300&amp;ssl=1\" data-large-file=\"https:\/\/i0.wp.com\/www.atelier-reklama.sk\/blog\/wp-content\/uploads\/2023\/03\/%C5%A0atka-roh-Litava-p%C3%B4vodn%C3%BD-vlastn%C3%ADk-nezn%C3%A1my-1-scaled.jpg?fit=768%2C1024&amp;ssl=1\" src=\"https:\/\/i0.wp.com\/www.atelier-reklama.sk\/blog\/wp-content\/uploads\/2023\/03\/%C5%A0atka-roh-Litava-p%C3%B4vodn%C3%BD-vlastn%C3%ADk-nezn%C3%A1my-1.jpg?resize=768%2C1024&#038;ssl=1\" alt=\"\" class=\"wp-image-12700\" srcset=\"https:\/\/i0.wp.com\/www.atelier-reklama.sk\/blog\/wp-content\/uploads\/2023\/03\/%C5%A0atka-roh-Litava-p%C3%B4vodn%C3%BD-vlastn%C3%ADk-nezn%C3%A1my-1-scaled.jpg?resize=768%2C1024&amp;ssl=1 768w, https:\/\/i0.wp.com\/www.atelier-reklama.sk\/blog\/wp-content\/uploads\/2023\/03\/%C5%A0atka-roh-Litava-p%C3%B4vodn%C3%BD-vlastn%C3%ADk-nezn%C3%A1my-1-scaled.jpg?resize=225%2C300&amp;ssl=1 225w, https:\/\/i0.wp.com\/www.atelier-reklama.sk\/blog\/wp-content\/uploads\/2023\/03\/%C5%A0atka-roh-Litava-p%C3%B4vodn%C3%BD-vlastn%C3%ADk-nezn%C3%A1my-1-scaled.jpg?resize=1152%2C1536&amp;ssl=1 1152w, https:\/\/i0.wp.com\/www.atelier-reklama.sk\/blog\/wp-content\/uploads\/2023\/03\/%C5%A0atka-roh-Litava-p%C3%B4vodn%C3%BD-vlastn%C3%ADk-nezn%C3%A1my-1-scaled.jpg?resize=1536%2C2048&amp;ssl=1 1536w, https:\/\/i0.wp.com\/www.atelier-reklama.sk\/blog\/wp-content\/uploads\/2023\/03\/%C5%A0atka-roh-Litava-p%C3%B4vodn%C3%BD-vlastn%C3%ADk-nezn%C3%A1my-1-scaled.jpg?w=1920&amp;ssl=1 1920w, https:\/\/i0.wp.com\/www.atelier-reklama.sk\/blog\/wp-content\/uploads\/2023\/03\/%C5%A0atka-roh-Litava-p%C3%B4vodn%C3%BD-vlastn%C3%ADk-nezn%C3%A1my-1-scaled.jpg?w=1600&amp;ssl=1 1600w\" sizes=\"auto, (max-width: 768px) 100vw, 768px\" \/><\/figure>\n\n\n\n<figure class=\"wp-block-image size-large\"><img data-recalc-dims=\"1\" loading=\"lazy\" decoding=\"async\" width=\"709\" height=\"1024\" data-attachment-id=\"12699\" data-permalink=\"https:\/\/www.atelier-reklama.sk\/blog\/moj-krekacsky-kroj-a-jeho-prekreslene-vzory-spolu\/satka-litava-povodny-vlastnik-neznamy\/\" data-orig-file=\"https:\/\/i0.wp.com\/www.atelier-reklama.sk\/blog\/wp-content\/uploads\/2023\/03\/%C5%A0atka-Litava-p%C3%B4vodn%C3%BD-vlastn%C3%ADk-nezn%C3%A1my-scaled.jpg?fit=1772%2C2560&amp;ssl=1\" data-orig-size=\"1772,2560\" data-comments-opened=\"1\" data-image-meta=\"{&quot;aperture&quot;:&quot;2&quot;,&quot;credit&quot;:&quot;&quot;,&quot;camera&quot;:&quot;SM-A125F&quot;,&quot;caption&quot;:&quot;&quot;,&quot;created_timestamp&quot;:&quot;1678099735&quot;,&quot;copyright&quot;:&quot;&quot;,&quot;focal_length&quot;:&quot;4.6&quot;,&quot;iso&quot;:&quot;32&quot;,&quot;shutter_speed&quot;:&quot;0.0099&quot;,&quot;title&quot;:&quot;&quot;,&quot;orientation&quot;:&quot;1&quot;}\" data-image-title=\"\u0160atka-Litava-p\u00f4vodn\u00fd-vlastn\u00edk-nezn\u00e1my\" data-image-description=\"\" data-image-caption=\"\" data-medium-file=\"https:\/\/i0.wp.com\/www.atelier-reklama.sk\/blog\/wp-content\/uploads\/2023\/03\/%C5%A0atka-Litava-p%C3%B4vodn%C3%BD-vlastn%C3%ADk-nezn%C3%A1my-scaled.jpg?fit=208%2C300&amp;ssl=1\" data-large-file=\"https:\/\/i0.wp.com\/www.atelier-reklama.sk\/blog\/wp-content\/uploads\/2023\/03\/%C5%A0atka-Litava-p%C3%B4vodn%C3%BD-vlastn%C3%ADk-nezn%C3%A1my-scaled.jpg?fit=709%2C1024&amp;ssl=1\" src=\"https:\/\/i0.wp.com\/www.atelier-reklama.sk\/blog\/wp-content\/uploads\/2023\/03\/%C5%A0atka-Litava-p%C3%B4vodn%C3%BD-vlastn%C3%ADk-nezn%C3%A1my.jpg?resize=709%2C1024&#038;ssl=1\" alt=\"\" class=\"wp-image-12699\" srcset=\"https:\/\/i0.wp.com\/www.atelier-reklama.sk\/blog\/wp-content\/uploads\/2023\/03\/%C5%A0atka-Litava-p%C3%B4vodn%C3%BD-vlastn%C3%ADk-nezn%C3%A1my-scaled.jpg?resize=709%2C1024&amp;ssl=1 709w, https:\/\/i0.wp.com\/www.atelier-reklama.sk\/blog\/wp-content\/uploads\/2023\/03\/%C5%A0atka-Litava-p%C3%B4vodn%C3%BD-vlastn%C3%ADk-nezn%C3%A1my-scaled.jpg?resize=208%2C300&amp;ssl=1 208w, https:\/\/i0.wp.com\/www.atelier-reklama.sk\/blog\/wp-content\/uploads\/2023\/03\/%C5%A0atka-Litava-p%C3%B4vodn%C3%BD-vlastn%C3%ADk-nezn%C3%A1my-scaled.jpg?resize=768%2C1110&amp;ssl=1 768w, https:\/\/i0.wp.com\/www.atelier-reklama.sk\/blog\/wp-content\/uploads\/2023\/03\/%C5%A0atka-Litava-p%C3%B4vodn%C3%BD-vlastn%C3%ADk-nezn%C3%A1my-scaled.jpg?resize=1063%2C1536&amp;ssl=1 1063w, https:\/\/i0.wp.com\/www.atelier-reklama.sk\/blog\/wp-content\/uploads\/2023\/03\/%C5%A0atka-Litava-p%C3%B4vodn%C3%BD-vlastn%C3%ADk-nezn%C3%A1my-scaled.jpg?resize=1417%2C2048&amp;ssl=1 1417w, https:\/\/i0.wp.com\/www.atelier-reklama.sk\/blog\/wp-content\/uploads\/2023\/03\/%C5%A0atka-Litava-p%C3%B4vodn%C3%BD-vlastn%C3%ADk-nezn%C3%A1my-scaled.jpg?w=1772&amp;ssl=1 1772w, https:\/\/i0.wp.com\/www.atelier-reklama.sk\/blog\/wp-content\/uploads\/2023\/03\/%C5%A0atka-Litava-p%C3%B4vodn%C3%BD-vlastn%C3%ADk-nezn%C3%A1my-scaled.jpg?w=1600&amp;ssl=1 1600w\" sizes=\"auto, (max-width: 709px) 100vw, 709px\" \/><\/figure>\n\n\n\n<figure class=\"wp-block-image size-large\"><img data-recalc-dims=\"1\" loading=\"lazy\" decoding=\"async\" width=\"800\" height=\"739\" data-attachment-id=\"12701\" data-permalink=\"https:\/\/www.atelier-reklama.sk\/blog\/moj-krekacsky-kroj-a-jeho-prekreslene-vzory-spolu\/satka-velky-kvet-litava-povodny-vlastnik-neznamy\/\" data-orig-file=\"https:\/\/i0.wp.com\/www.atelier-reklama.sk\/blog\/wp-content\/uploads\/2023\/03\/%C5%A0atka-ve%C4%BEk%C3%BD-kvet-Litava-p%C3%B4vodn%C3%BD-vlastn%C3%ADk-nezn%C3%A1my-scaled.jpg?fit=2560%2C2364&amp;ssl=1\" data-orig-size=\"2560,2364\" data-comments-opened=\"1\" data-image-meta=\"{&quot;aperture&quot;:&quot;2&quot;,&quot;credit&quot;:&quot;&quot;,&quot;camera&quot;:&quot;SM-A125F&quot;,&quot;caption&quot;:&quot;&quot;,&quot;created_timestamp&quot;:&quot;1678099750&quot;,&quot;copyright&quot;:&quot;&quot;,&quot;focal_length&quot;:&quot;4.6&quot;,&quot;iso&quot;:&quot;25&quot;,&quot;shutter_speed&quot;:&quot;0.0099&quot;,&quot;title&quot;:&quot;&quot;,&quot;orientation&quot;:&quot;1&quot;}\" data-image-title=\"\u0160atka-ve\u013ek\u00fd-kvet-Litava-p\u00f4vodn\u00fd-vlastn\u00edk-nezn\u00e1my\" data-image-description=\"\" data-image-caption=\"\" data-medium-file=\"https:\/\/i0.wp.com\/www.atelier-reklama.sk\/blog\/wp-content\/uploads\/2023\/03\/%C5%A0atka-ve%C4%BEk%C3%BD-kvet-Litava-p%C3%B4vodn%C3%BD-vlastn%C3%ADk-nezn%C3%A1my-scaled.jpg?fit=300%2C277&amp;ssl=1\" data-large-file=\"https:\/\/i0.wp.com\/www.atelier-reklama.sk\/blog\/wp-content\/uploads\/2023\/03\/%C5%A0atka-ve%C4%BEk%C3%BD-kvet-Litava-p%C3%B4vodn%C3%BD-vlastn%C3%ADk-nezn%C3%A1my-scaled.jpg?fit=800%2C739&amp;ssl=1\" src=\"https:\/\/i0.wp.com\/www.atelier-reklama.sk\/blog\/wp-content\/uploads\/2023\/03\/%C5%A0atka-ve%C4%BEk%C3%BD-kvet-Litava-p%C3%B4vodn%C3%BD-vlastn%C3%ADk-nezn%C3%A1my.jpg?resize=800%2C739&#038;ssl=1\" alt=\"\" class=\"wp-image-12701\" srcset=\"https:\/\/i0.wp.com\/www.atelier-reklama.sk\/blog\/wp-content\/uploads\/2023\/03\/%C5%A0atka-ve%C4%BEk%C3%BD-kvet-Litava-p%C3%B4vodn%C3%BD-vlastn%C3%ADk-nezn%C3%A1my-scaled.jpg?resize=1024%2C946&amp;ssl=1 1024w, https:\/\/i0.wp.com\/www.atelier-reklama.sk\/blog\/wp-content\/uploads\/2023\/03\/%C5%A0atka-ve%C4%BEk%C3%BD-kvet-Litava-p%C3%B4vodn%C3%BD-vlastn%C3%ADk-nezn%C3%A1my-scaled.jpg?resize=300%2C277&amp;ssl=1 300w, https:\/\/i0.wp.com\/www.atelier-reklama.sk\/blog\/wp-content\/uploads\/2023\/03\/%C5%A0atka-ve%C4%BEk%C3%BD-kvet-Litava-p%C3%B4vodn%C3%BD-vlastn%C3%ADk-nezn%C3%A1my-scaled.jpg?resize=768%2C709&amp;ssl=1 768w, https:\/\/i0.wp.com\/www.atelier-reklama.sk\/blog\/wp-content\/uploads\/2023\/03\/%C5%A0atka-ve%C4%BEk%C3%BD-kvet-Litava-p%C3%B4vodn%C3%BD-vlastn%C3%ADk-nezn%C3%A1my-scaled.jpg?resize=1536%2C1418&amp;ssl=1 1536w, https:\/\/i0.wp.com\/www.atelier-reklama.sk\/blog\/wp-content\/uploads\/2023\/03\/%C5%A0atka-ve%C4%BEk%C3%BD-kvet-Litava-p%C3%B4vodn%C3%BD-vlastn%C3%ADk-nezn%C3%A1my-scaled.jpg?resize=2048%2C1891&amp;ssl=1 2048w, https:\/\/i0.wp.com\/www.atelier-reklama.sk\/blog\/wp-content\/uploads\/2023\/03\/%C5%A0atka-ve%C4%BEk%C3%BD-kvet-Litava-p%C3%B4vodn%C3%BD-vlastn%C3%ADk-nezn%C3%A1my-scaled.jpg?w=1600&amp;ssl=1 1600w, https:\/\/i0.wp.com\/www.atelier-reklama.sk\/blog\/wp-content\/uploads\/2023\/03\/%C5%A0atka-ve%C4%BEk%C3%BD-kvet-Litava-p%C3%B4vodn%C3%BD-vlastn%C3%ADk-nezn%C3%A1my-scaled.jpg?w=2400&amp;ssl=1 2400w\" sizes=\"auto, (max-width: 800px) 100vw, 800px\" \/><\/figure>\n\n\n\n<figure class=\"wp-block-image size-large\"><img data-recalc-dims=\"1\" loading=\"lazy\" decoding=\"async\" width=\"800\" height=\"748\" data-attachment-id=\"12698\" data-permalink=\"https:\/\/www.atelier-reklama.sk\/blog\/moj-krekacsky-kroj-a-jeho-prekreslene-vzory-spolu\/satka-kyticka-litava-povodny-vlastnik-neznamy\/\" data-orig-file=\"https:\/\/i0.wp.com\/www.atelier-reklama.sk\/blog\/wp-content\/uploads\/2023\/03\/%C5%A0atka-kyti%C4%8Dka-Litava-p%C3%B4vodn%C3%BD-vlastn%C3%ADk-nezn%C3%A1my-scaled.jpg?fit=2560%2C2393&amp;ssl=1\" data-orig-size=\"2560,2393\" data-comments-opened=\"1\" data-image-meta=\"{&quot;aperture&quot;:&quot;2&quot;,&quot;credit&quot;:&quot;&quot;,&quot;camera&quot;:&quot;SM-A125F&quot;,&quot;caption&quot;:&quot;&quot;,&quot;created_timestamp&quot;:&quot;1678099767&quot;,&quot;copyright&quot;:&quot;&quot;,&quot;focal_length&quot;:&quot;4.6&quot;,&quot;iso&quot;:&quot;40&quot;,&quot;shutter_speed&quot;:&quot;0.0099&quot;,&quot;title&quot;:&quot;&quot;,&quot;orientation&quot;:&quot;1&quot;}\" data-image-title=\"\u0160atka-kyti\u010dka-Litava-p\u00f4vodn\u00fd-vlastn\u00edk-nezn\u00e1my\" data-image-description=\"\" data-image-caption=\"\" data-medium-file=\"https:\/\/i0.wp.com\/www.atelier-reklama.sk\/blog\/wp-content\/uploads\/2023\/03\/%C5%A0atka-kyti%C4%8Dka-Litava-p%C3%B4vodn%C3%BD-vlastn%C3%ADk-nezn%C3%A1my-scaled.jpg?fit=300%2C280&amp;ssl=1\" data-large-file=\"https:\/\/i0.wp.com\/www.atelier-reklama.sk\/blog\/wp-content\/uploads\/2023\/03\/%C5%A0atka-kyti%C4%8Dka-Litava-p%C3%B4vodn%C3%BD-vlastn%C3%ADk-nezn%C3%A1my-scaled.jpg?fit=800%2C748&amp;ssl=1\" src=\"https:\/\/i0.wp.com\/www.atelier-reklama.sk\/blog\/wp-content\/uploads\/2023\/03\/%C5%A0atka-kyti%C4%8Dka-Litava-p%C3%B4vodn%C3%BD-vlastn%C3%ADk-nezn%C3%A1my.jpg?resize=800%2C748&#038;ssl=1\" alt=\"\" class=\"wp-image-12698\" srcset=\"https:\/\/i0.wp.com\/www.atelier-reklama.sk\/blog\/wp-content\/uploads\/2023\/03\/%C5%A0atka-kyti%C4%8Dka-Litava-p%C3%B4vodn%C3%BD-vlastn%C3%ADk-nezn%C3%A1my-scaled.jpg?resize=1024%2C957&amp;ssl=1 1024w, https:\/\/i0.wp.com\/www.atelier-reklama.sk\/blog\/wp-content\/uploads\/2023\/03\/%C5%A0atka-kyti%C4%8Dka-Litava-p%C3%B4vodn%C3%BD-vlastn%C3%ADk-nezn%C3%A1my-scaled.jpg?resize=300%2C280&amp;ssl=1 300w, https:\/\/i0.wp.com\/www.atelier-reklama.sk\/blog\/wp-content\/uploads\/2023\/03\/%C5%A0atka-kyti%C4%8Dka-Litava-p%C3%B4vodn%C3%BD-vlastn%C3%ADk-nezn%C3%A1my-scaled.jpg?resize=768%2C718&amp;ssl=1 768w, https:\/\/i0.wp.com\/www.atelier-reklama.sk\/blog\/wp-content\/uploads\/2023\/03\/%C5%A0atka-kyti%C4%8Dka-Litava-p%C3%B4vodn%C3%BD-vlastn%C3%ADk-nezn%C3%A1my-scaled.jpg?resize=1536%2C1436&amp;ssl=1 1536w, https:\/\/i0.wp.com\/www.atelier-reklama.sk\/blog\/wp-content\/uploads\/2023\/03\/%C5%A0atka-kyti%C4%8Dka-Litava-p%C3%B4vodn%C3%BD-vlastn%C3%ADk-nezn%C3%A1my-scaled.jpg?resize=2048%2C1915&amp;ssl=1 2048w, https:\/\/i0.wp.com\/www.atelier-reklama.sk\/blog\/wp-content\/uploads\/2023\/03\/%C5%A0atka-kyti%C4%8Dka-Litava-p%C3%B4vodn%C3%BD-vlastn%C3%ADk-nezn%C3%A1my-scaled.jpg?w=1600&amp;ssl=1 1600w, https:\/\/i0.wp.com\/www.atelier-reklama.sk\/blog\/wp-content\/uploads\/2023\/03\/%C5%A0atka-kyti%C4%8Dka-Litava-p%C3%B4vodn%C3%BD-vlastn%C3%ADk-nezn%C3%A1my-scaled.jpg?w=2400&amp;ssl=1 2400w\" sizes=\"auto, (max-width: 800px) 100vw, 800px\" \/><\/figure>\n\n\n\n<p>Preskenovan\u00e1 v\u00fd\u0161ivka<\/p>\n\n\n\n<figure class=\"wp-block-image size-large\"><img data-recalc-dims=\"1\" loading=\"lazy\" decoding=\"async\" width=\"800\" height=\"580\" data-attachment-id=\"12855\" data-permalink=\"https:\/\/www.atelier-reklama.sk\/blog\/moj-krekacsky-kroj-a-jeho-prekreslene-vzory-spolu\/5c-satka-sken-litava-povodny-vlastnik-neznamy\/\" data-orig-file=\"https:\/\/i0.wp.com\/www.atelier-reklama.sk\/blog\/wp-content\/uploads\/2023\/03\/5C-%C5%A0atka-sken-Litava-p%C3%B4vodn%C3%BD-vlastn%C3%ADk-nezn%C3%A1my-scaled.jpg?fit=2560%2C1859&amp;ssl=1\" data-orig-size=\"2560,1859\" data-comments-opened=\"1\" data-image-meta=\"{&quot;aperture&quot;:&quot;0&quot;,&quot;credit&quot;:&quot;&quot;,&quot;camera&quot;:&quot;&quot;,&quot;caption&quot;:&quot;&quot;,&quot;created_timestamp&quot;:&quot;0&quot;,&quot;copyright&quot;:&quot;&quot;,&quot;focal_length&quot;:&quot;0&quot;,&quot;iso&quot;:&quot;0&quot;,&quot;shutter_speed&quot;:&quot;0&quot;,&quot;title&quot;:&quot;&quot;,&quot;orientation&quot;:&quot;1&quot;}\" data-image-title=\"5C-\u0160atka-sken-Litava-p\u00f4vodn\u00fd-vlastn\u00edk-nezn\u00e1my\" data-image-description=\"\" data-image-caption=\"\" data-medium-file=\"https:\/\/i0.wp.com\/www.atelier-reklama.sk\/blog\/wp-content\/uploads\/2023\/03\/5C-%C5%A0atka-sken-Litava-p%C3%B4vodn%C3%BD-vlastn%C3%ADk-nezn%C3%A1my-scaled.jpg?fit=300%2C218&amp;ssl=1\" data-large-file=\"https:\/\/i0.wp.com\/www.atelier-reklama.sk\/blog\/wp-content\/uploads\/2023\/03\/5C-%C5%A0atka-sken-Litava-p%C3%B4vodn%C3%BD-vlastn%C3%ADk-nezn%C3%A1my-scaled.jpg?fit=800%2C580&amp;ssl=1\" src=\"https:\/\/i0.wp.com\/www.atelier-reklama.sk\/blog\/wp-content\/uploads\/2023\/03\/5C-%C5%A0atka-sken-Litava-p%C3%B4vodn%C3%BD-vlastn%C3%ADk-nezn%C3%A1my.jpg?resize=800%2C580&#038;ssl=1\" alt=\"\" class=\"wp-image-12855\" srcset=\"https:\/\/i0.wp.com\/www.atelier-reklama.sk\/blog\/wp-content\/uploads\/2023\/03\/5C-%C5%A0atka-sken-Litava-p%C3%B4vodn%C3%BD-vlastn%C3%ADk-nezn%C3%A1my-scaled.jpg?resize=1024%2C743&amp;ssl=1 1024w, https:\/\/i0.wp.com\/www.atelier-reklama.sk\/blog\/wp-content\/uploads\/2023\/03\/5C-%C5%A0atka-sken-Litava-p%C3%B4vodn%C3%BD-vlastn%C3%ADk-nezn%C3%A1my-scaled.jpg?resize=300%2C218&amp;ssl=1 300w, https:\/\/i0.wp.com\/www.atelier-reklama.sk\/blog\/wp-content\/uploads\/2023\/03\/5C-%C5%A0atka-sken-Litava-p%C3%B4vodn%C3%BD-vlastn%C3%ADk-nezn%C3%A1my-scaled.jpg?resize=768%2C558&amp;ssl=1 768w, https:\/\/i0.wp.com\/www.atelier-reklama.sk\/blog\/wp-content\/uploads\/2023\/03\/5C-%C5%A0atka-sken-Litava-p%C3%B4vodn%C3%BD-vlastn%C3%ADk-nezn%C3%A1my-scaled.jpg?resize=1536%2C1115&amp;ssl=1 1536w, https:\/\/i0.wp.com\/www.atelier-reklama.sk\/blog\/wp-content\/uploads\/2023\/03\/5C-%C5%A0atka-sken-Litava-p%C3%B4vodn%C3%BD-vlastn%C3%ADk-nezn%C3%A1my-scaled.jpg?resize=2048%2C1487&amp;ssl=1 2048w, https:\/\/i0.wp.com\/www.atelier-reklama.sk\/blog\/wp-content\/uploads\/2023\/03\/5C-%C5%A0atka-sken-Litava-p%C3%B4vodn%C3%BD-vlastn%C3%ADk-nezn%C3%A1my-scaled.jpg?w=1600&amp;ssl=1 1600w, https:\/\/i0.wp.com\/www.atelier-reklama.sk\/blog\/wp-content\/uploads\/2023\/03\/5C-%C5%A0atka-sken-Litava-p%C3%B4vodn%C3%BD-vlastn%C3%ADk-nezn%C3%A1my-scaled.jpg?w=2400&amp;ssl=1 2400w\" sizes=\"auto, (max-width: 800px) 100vw, 800px\" \/><\/figure>\n\n\n\n<figure class=\"wp-block-image size-large\"><img data-recalc-dims=\"1\" loading=\"lazy\" decoding=\"async\" width=\"743\" height=\"1024\" data-attachment-id=\"12856\" data-permalink=\"https:\/\/www.atelier-reklama.sk\/blog\/moj-krekacsky-kroj-a-jeho-prekreslene-vzory-spolu\/5d-satka-sken-litava-povodny-vlastnik-neznamy\/\" data-orig-file=\"https:\/\/i0.wp.com\/www.atelier-reklama.sk\/blog\/wp-content\/uploads\/2023\/03\/5D-%C5%A0atka-sken-Litava-p%C3%B4vodn%C3%BD-vlastn%C3%ADk-nezn%C3%A1my-scaled.jpg?fit=1859%2C2560&amp;ssl=1\" data-orig-size=\"1859,2560\" data-comments-opened=\"1\" data-image-meta=\"{&quot;aperture&quot;:&quot;0&quot;,&quot;credit&quot;:&quot;&quot;,&quot;camera&quot;:&quot;&quot;,&quot;caption&quot;:&quot;&quot;,&quot;created_timestamp&quot;:&quot;0&quot;,&quot;copyright&quot;:&quot;&quot;,&quot;focal_length&quot;:&quot;0&quot;,&quot;iso&quot;:&quot;0&quot;,&quot;shutter_speed&quot;:&quot;0&quot;,&quot;title&quot;:&quot;&quot;,&quot;orientation&quot;:&quot;1&quot;}\" data-image-title=\"5D-\u0160atka-sken-Litava-p\u00f4vodn\u00fd-vlastn\u00edk-nezn\u00e1my\" data-image-description=\"\" data-image-caption=\"\" data-medium-file=\"https:\/\/i0.wp.com\/www.atelier-reklama.sk\/blog\/wp-content\/uploads\/2023\/03\/5D-%C5%A0atka-sken-Litava-p%C3%B4vodn%C3%BD-vlastn%C3%ADk-nezn%C3%A1my-scaled.jpg?fit=218%2C300&amp;ssl=1\" data-large-file=\"https:\/\/i0.wp.com\/www.atelier-reklama.sk\/blog\/wp-content\/uploads\/2023\/03\/5D-%C5%A0atka-sken-Litava-p%C3%B4vodn%C3%BD-vlastn%C3%ADk-nezn%C3%A1my-scaled.jpg?fit=743%2C1024&amp;ssl=1\" src=\"https:\/\/i0.wp.com\/www.atelier-reklama.sk\/blog\/wp-content\/uploads\/2023\/03\/5D-%C5%A0atka-sken-Litava-p%C3%B4vodn%C3%BD-vlastn%C3%ADk-nezn%C3%A1my.jpg?resize=743%2C1024&#038;ssl=1\" alt=\"\" class=\"wp-image-12856\" srcset=\"https:\/\/i0.wp.com\/www.atelier-reklama.sk\/blog\/wp-content\/uploads\/2023\/03\/5D-%C5%A0atka-sken-Litava-p%C3%B4vodn%C3%BD-vlastn%C3%ADk-nezn%C3%A1my-scaled.jpg?resize=743%2C1024&amp;ssl=1 743w, https:\/\/i0.wp.com\/www.atelier-reklama.sk\/blog\/wp-content\/uploads\/2023\/03\/5D-%C5%A0atka-sken-Litava-p%C3%B4vodn%C3%BD-vlastn%C3%ADk-nezn%C3%A1my-scaled.jpg?resize=218%2C300&amp;ssl=1 218w, https:\/\/i0.wp.com\/www.atelier-reklama.sk\/blog\/wp-content\/uploads\/2023\/03\/5D-%C5%A0atka-sken-Litava-p%C3%B4vodn%C3%BD-vlastn%C3%ADk-nezn%C3%A1my-scaled.jpg?resize=768%2C1058&amp;ssl=1 768w, https:\/\/i0.wp.com\/www.atelier-reklama.sk\/blog\/wp-content\/uploads\/2023\/03\/5D-%C5%A0atka-sken-Litava-p%C3%B4vodn%C3%BD-vlastn%C3%ADk-nezn%C3%A1my-scaled.jpg?resize=1115%2C1536&amp;ssl=1 1115w, https:\/\/i0.wp.com\/www.atelier-reklama.sk\/blog\/wp-content\/uploads\/2023\/03\/5D-%C5%A0atka-sken-Litava-p%C3%B4vodn%C3%BD-vlastn%C3%ADk-nezn%C3%A1my-scaled.jpg?resize=1487%2C2048&amp;ssl=1 1487w, https:\/\/i0.wp.com\/www.atelier-reklama.sk\/blog\/wp-content\/uploads\/2023\/03\/5D-%C5%A0atka-sken-Litava-p%C3%B4vodn%C3%BD-vlastn%C3%ADk-nezn%C3%A1my-scaled.jpg?w=1859&amp;ssl=1 1859w, https:\/\/i0.wp.com\/www.atelier-reklama.sk\/blog\/wp-content\/uploads\/2023\/03\/5D-%C5%A0atka-sken-Litava-p%C3%B4vodn%C3%BD-vlastn%C3%ADk-nezn%C3%A1my-scaled.jpg?w=1600&amp;ssl=1 1600w\" sizes=\"auto, (max-width: 743px) 100vw, 743px\" \/><\/figure>\n\n\n\n<figure class=\"wp-block-image size-large\"><img data-recalc-dims=\"1\" loading=\"lazy\" decoding=\"async\" width=\"743\" height=\"1024\" data-attachment-id=\"12857\" data-permalink=\"https:\/\/www.atelier-reklama.sk\/blog\/moj-krekacsky-kroj-a-jeho-prekreslene-vzory-spolu\/5e-satka-sken-litava-povodny-vlastnik-neznamy\/\" data-orig-file=\"https:\/\/i0.wp.com\/www.atelier-reklama.sk\/blog\/wp-content\/uploads\/2023\/03\/5E-%C5%A0atka-sken-Litava-p%C3%B4vodn%C3%BD-vlastn%C3%ADk-nezn%C3%A1my-scaled.jpg?fit=1859%2C2560&amp;ssl=1\" data-orig-size=\"1859,2560\" data-comments-opened=\"1\" data-image-meta=\"{&quot;aperture&quot;:&quot;0&quot;,&quot;credit&quot;:&quot;&quot;,&quot;camera&quot;:&quot;&quot;,&quot;caption&quot;:&quot;&quot;,&quot;created_timestamp&quot;:&quot;0&quot;,&quot;copyright&quot;:&quot;&quot;,&quot;focal_length&quot;:&quot;0&quot;,&quot;iso&quot;:&quot;0&quot;,&quot;shutter_speed&quot;:&quot;0&quot;,&quot;title&quot;:&quot;&quot;,&quot;orientation&quot;:&quot;1&quot;}\" data-image-title=\"5E-\u0160atka-sken-Litava-p\u00f4vodn\u00fd-vlastn\u00edk-nezn\u00e1my\" data-image-description=\"\" data-image-caption=\"\" data-medium-file=\"https:\/\/i0.wp.com\/www.atelier-reklama.sk\/blog\/wp-content\/uploads\/2023\/03\/5E-%C5%A0atka-sken-Litava-p%C3%B4vodn%C3%BD-vlastn%C3%ADk-nezn%C3%A1my-scaled.jpg?fit=218%2C300&amp;ssl=1\" data-large-file=\"https:\/\/i0.wp.com\/www.atelier-reklama.sk\/blog\/wp-content\/uploads\/2023\/03\/5E-%C5%A0atka-sken-Litava-p%C3%B4vodn%C3%BD-vlastn%C3%ADk-nezn%C3%A1my-scaled.jpg?fit=743%2C1024&amp;ssl=1\" src=\"https:\/\/i0.wp.com\/www.atelier-reklama.sk\/blog\/wp-content\/uploads\/2023\/03\/5E-%C5%A0atka-sken-Litava-p%C3%B4vodn%C3%BD-vlastn%C3%ADk-nezn%C3%A1my.jpg?resize=743%2C1024&#038;ssl=1\" alt=\"\" class=\"wp-image-12857\" srcset=\"https:\/\/i0.wp.com\/www.atelier-reklama.sk\/blog\/wp-content\/uploads\/2023\/03\/5E-%C5%A0atka-sken-Litava-p%C3%B4vodn%C3%BD-vlastn%C3%ADk-nezn%C3%A1my-scaled.jpg?resize=743%2C1024&amp;ssl=1 743w, https:\/\/i0.wp.com\/www.atelier-reklama.sk\/blog\/wp-content\/uploads\/2023\/03\/5E-%C5%A0atka-sken-Litava-p%C3%B4vodn%C3%BD-vlastn%C3%ADk-nezn%C3%A1my-scaled.jpg?resize=218%2C300&amp;ssl=1 218w, https:\/\/i0.wp.com\/www.atelier-reklama.sk\/blog\/wp-content\/uploads\/2023\/03\/5E-%C5%A0atka-sken-Litava-p%C3%B4vodn%C3%BD-vlastn%C3%ADk-nezn%C3%A1my-scaled.jpg?resize=768%2C1058&amp;ssl=1 768w, https:\/\/i0.wp.com\/www.atelier-reklama.sk\/blog\/wp-content\/uploads\/2023\/03\/5E-%C5%A0atka-sken-Litava-p%C3%B4vodn%C3%BD-vlastn%C3%ADk-nezn%C3%A1my-scaled.jpg?resize=1115%2C1536&amp;ssl=1 1115w, https:\/\/i0.wp.com\/www.atelier-reklama.sk\/blog\/wp-content\/uploads\/2023\/03\/5E-%C5%A0atka-sken-Litava-p%C3%B4vodn%C3%BD-vlastn%C3%ADk-nezn%C3%A1my-scaled.jpg?resize=1487%2C2048&amp;ssl=1 1487w, https:\/\/i0.wp.com\/www.atelier-reklama.sk\/blog\/wp-content\/uploads\/2023\/03\/5E-%C5%A0atka-sken-Litava-p%C3%B4vodn%C3%BD-vlastn%C3%ADk-nezn%C3%A1my-scaled.jpg?w=1859&amp;ssl=1 1859w, https:\/\/i0.wp.com\/www.atelier-reklama.sk\/blog\/wp-content\/uploads\/2023\/03\/5E-%C5%A0atka-sken-Litava-p%C3%B4vodn%C3%BD-vlastn%C3%ADk-nezn%C3%A1my-scaled.jpg?w=1600&amp;ssl=1 1600w\" sizes=\"auto, (max-width: 743px) 100vw, 743px\" \/><\/figure>\n\n\n\n<figure class=\"wp-block-image size-large\"><img data-recalc-dims=\"1\" loading=\"lazy\" decoding=\"async\" width=\"800\" height=\"580\" data-attachment-id=\"12858\" data-permalink=\"https:\/\/www.atelier-reklama.sk\/blog\/moj-krekacsky-kroj-a-jeho-prekreslene-vzory-spolu\/5f-satka-sken-litava-povodny-vlastnik-neznamy\/\" data-orig-file=\"https:\/\/i0.wp.com\/www.atelier-reklama.sk\/blog\/wp-content\/uploads\/2023\/03\/5F-%C5%A0atka-sken-Litava-p%C3%B4vodn%C3%BD-vlastn%C3%ADk-nezn%C3%A1my-scaled.jpg?fit=2560%2C1859&amp;ssl=1\" data-orig-size=\"2560,1859\" data-comments-opened=\"1\" data-image-meta=\"{&quot;aperture&quot;:&quot;0&quot;,&quot;credit&quot;:&quot;&quot;,&quot;camera&quot;:&quot;&quot;,&quot;caption&quot;:&quot;&quot;,&quot;created_timestamp&quot;:&quot;0&quot;,&quot;copyright&quot;:&quot;&quot;,&quot;focal_length&quot;:&quot;0&quot;,&quot;iso&quot;:&quot;0&quot;,&quot;shutter_speed&quot;:&quot;0&quot;,&quot;title&quot;:&quot;&quot;,&quot;orientation&quot;:&quot;1&quot;}\" data-image-title=\"5F-\u0160atka-sken-Litava-p\u00f4vodn\u00fd-vlastn\u00edk-nezn\u00e1my\" data-image-description=\"\" data-image-caption=\"\" data-medium-file=\"https:\/\/i0.wp.com\/www.atelier-reklama.sk\/blog\/wp-content\/uploads\/2023\/03\/5F-%C5%A0atka-sken-Litava-p%C3%B4vodn%C3%BD-vlastn%C3%ADk-nezn%C3%A1my-scaled.jpg?fit=300%2C218&amp;ssl=1\" data-large-file=\"https:\/\/i0.wp.com\/www.atelier-reklama.sk\/blog\/wp-content\/uploads\/2023\/03\/5F-%C5%A0atka-sken-Litava-p%C3%B4vodn%C3%BD-vlastn%C3%ADk-nezn%C3%A1my-scaled.jpg?fit=800%2C580&amp;ssl=1\" src=\"https:\/\/i0.wp.com\/www.atelier-reklama.sk\/blog\/wp-content\/uploads\/2023\/03\/5F-%C5%A0atka-sken-Litava-p%C3%B4vodn%C3%BD-vlastn%C3%ADk-nezn%C3%A1my.jpg?resize=800%2C580&#038;ssl=1\" alt=\"\" class=\"wp-image-12858\" srcset=\"https:\/\/i0.wp.com\/www.atelier-reklama.sk\/blog\/wp-content\/uploads\/2023\/03\/5F-%C5%A0atka-sken-Litava-p%C3%B4vodn%C3%BD-vlastn%C3%ADk-nezn%C3%A1my-scaled.jpg?resize=1024%2C743&amp;ssl=1 1024w, https:\/\/i0.wp.com\/www.atelier-reklama.sk\/blog\/wp-content\/uploads\/2023\/03\/5F-%C5%A0atka-sken-Litava-p%C3%B4vodn%C3%BD-vlastn%C3%ADk-nezn%C3%A1my-scaled.jpg?resize=300%2C218&amp;ssl=1 300w, https:\/\/i0.wp.com\/www.atelier-reklama.sk\/blog\/wp-content\/uploads\/2023\/03\/5F-%C5%A0atka-sken-Litava-p%C3%B4vodn%C3%BD-vlastn%C3%ADk-nezn%C3%A1my-scaled.jpg?resize=768%2C558&amp;ssl=1 768w, https:\/\/i0.wp.com\/www.atelier-reklama.sk\/blog\/wp-content\/uploads\/2023\/03\/5F-%C5%A0atka-sken-Litava-p%C3%B4vodn%C3%BD-vlastn%C3%ADk-nezn%C3%A1my-scaled.jpg?resize=1536%2C1115&amp;ssl=1 1536w, https:\/\/i0.wp.com\/www.atelier-reklama.sk\/blog\/wp-content\/uploads\/2023\/03\/5F-%C5%A0atka-sken-Litava-p%C3%B4vodn%C3%BD-vlastn%C3%ADk-nezn%C3%A1my-scaled.jpg?resize=2048%2C1487&amp;ssl=1 2048w, https:\/\/i0.wp.com\/www.atelier-reklama.sk\/blog\/wp-content\/uploads\/2023\/03\/5F-%C5%A0atka-sken-Litava-p%C3%B4vodn%C3%BD-vlastn%C3%ADk-nezn%C3%A1my-scaled.jpg?w=1600&amp;ssl=1 1600w, https:\/\/i0.wp.com\/www.atelier-reklama.sk\/blog\/wp-content\/uploads\/2023\/03\/5F-%C5%A0atka-sken-Litava-p%C3%B4vodn%C3%BD-vlastn%C3%ADk-nezn%C3%A1my-scaled.jpg?w=2400&amp;ssl=1 2400w\" sizes=\"auto, (max-width: 800px) 100vw, 800px\" \/><\/figure>\n\n\n\n<p>\u0160atka, Litava, pol. 20.stor., pln\u00fd ploch\u00fd steh, vy\u0161it\u00e1 pod\u013ea predkreslen\u00e9ho vzoru, p\u00f4vodn\u00fd vlastn\u00edk nezn\u00e1my<\/p>\n\n\n\n<figure class=\"wp-block-image size-large\"><img data-recalc-dims=\"1\" loading=\"lazy\" decoding=\"async\" width=\"800\" height=\"600\" data-attachment-id=\"13726\" data-permalink=\"https:\/\/www.atelier-reklama.sk\/blog\/moj-krekacsky-kroj-a-jeho-prekreslene-vzory-spolu\/satka-litava-posledna-1-1\/\" data-orig-file=\"https:\/\/i0.wp.com\/www.atelier-reklama.sk\/blog\/wp-content\/uploads\/2023\/04\/%C5%A1atka-Litava-posledn%C3%A1-1-1-scaled.jpg?fit=2560%2C1920&amp;ssl=1\" data-orig-size=\"2560,1920\" data-comments-opened=\"1\" data-image-meta=\"{&quot;aperture&quot;:&quot;2&quot;,&quot;credit&quot;:&quot;&quot;,&quot;camera&quot;:&quot;SM-A125F&quot;,&quot;caption&quot;:&quot;&quot;,&quot;created_timestamp&quot;:&quot;1681315372&quot;,&quot;copyright&quot;:&quot;&quot;,&quot;focal_length&quot;:&quot;4.6&quot;,&quot;iso&quot;:&quot;200&quot;,&quot;shutter_speed&quot;:&quot;0.039998&quot;,&quot;title&quot;:&quot;&quot;,&quot;orientation&quot;:&quot;1&quot;}\" data-image-title=\"\u0161atka-Litava-posledn\u00e1-1-1\" data-image-description=\"\" data-image-caption=\"\" data-medium-file=\"https:\/\/i0.wp.com\/www.atelier-reklama.sk\/blog\/wp-content\/uploads\/2023\/04\/%C5%A1atka-Litava-posledn%C3%A1-1-1-scaled.jpg?fit=300%2C225&amp;ssl=1\" data-large-file=\"https:\/\/i0.wp.com\/www.atelier-reklama.sk\/blog\/wp-content\/uploads\/2023\/04\/%C5%A1atka-Litava-posledn%C3%A1-1-1-scaled.jpg?fit=800%2C600&amp;ssl=1\" src=\"https:\/\/i0.wp.com\/www.atelier-reklama.sk\/blog\/wp-content\/uploads\/2023\/04\/%C5%A1atka-Litava-posledn%C3%A1-1-1.jpg?resize=800%2C600&#038;ssl=1\" alt=\"\" class=\"wp-image-13726\" srcset=\"https:\/\/i0.wp.com\/www.atelier-reklama.sk\/blog\/wp-content\/uploads\/2023\/04\/%C5%A1atka-Litava-posledn%C3%A1-1-1-scaled.jpg?resize=1024%2C768&amp;ssl=1 1024w, https:\/\/i0.wp.com\/www.atelier-reklama.sk\/blog\/wp-content\/uploads\/2023\/04\/%C5%A1atka-Litava-posledn%C3%A1-1-1-scaled.jpg?resize=300%2C225&amp;ssl=1 300w, https:\/\/i0.wp.com\/www.atelier-reklama.sk\/blog\/wp-content\/uploads\/2023\/04\/%C5%A1atka-Litava-posledn%C3%A1-1-1-scaled.jpg?resize=768%2C576&amp;ssl=1 768w, https:\/\/i0.wp.com\/www.atelier-reklama.sk\/blog\/wp-content\/uploads\/2023\/04\/%C5%A1atka-Litava-posledn%C3%A1-1-1-scaled.jpg?resize=1536%2C1152&amp;ssl=1 1536w, https:\/\/i0.wp.com\/www.atelier-reklama.sk\/blog\/wp-content\/uploads\/2023\/04\/%C5%A1atka-Litava-posledn%C3%A1-1-1-scaled.jpg?resize=2048%2C1536&amp;ssl=1 2048w, https:\/\/i0.wp.com\/www.atelier-reklama.sk\/blog\/wp-content\/uploads\/2023\/04\/%C5%A1atka-Litava-posledn%C3%A1-1-1-scaled.jpg?w=1600&amp;ssl=1 1600w, https:\/\/i0.wp.com\/www.atelier-reklama.sk\/blog\/wp-content\/uploads\/2023\/04\/%C5%A1atka-Litava-posledn%C3%A1-1-1-scaled.jpg?w=2400&amp;ssl=1 2400w\" sizes=\"auto, (max-width: 800px) 100vw, 800px\" \/><\/figure>\n\n\n\n<figure class=\"wp-block-image size-large\"><img data-recalc-dims=\"1\" loading=\"lazy\" decoding=\"async\" width=\"800\" height=\"600\" data-attachment-id=\"13727\" data-permalink=\"https:\/\/www.atelier-reklama.sk\/blog\/moj-krekacsky-kroj-a-jeho-prekreslene-vzory-spolu\/satka-litava-posledna-1-2\/\" data-orig-file=\"https:\/\/i0.wp.com\/www.atelier-reklama.sk\/blog\/wp-content\/uploads\/2023\/04\/%C5%A1atka-Litava-posledn%C3%A1...-1-scaled.jpg?fit=2560%2C1920&amp;ssl=1\" data-orig-size=\"2560,1920\" data-comments-opened=\"1\" data-image-meta=\"{&quot;aperture&quot;:&quot;2&quot;,&quot;credit&quot;:&quot;&quot;,&quot;camera&quot;:&quot;SM-A125F&quot;,&quot;caption&quot;:&quot;&quot;,&quot;created_timestamp&quot;:&quot;1681315384&quot;,&quot;copyright&quot;:&quot;&quot;,&quot;focal_length&quot;:&quot;4.6&quot;,&quot;iso&quot;:&quot;200&quot;,&quot;shutter_speed&quot;:&quot;0.039998&quot;,&quot;title&quot;:&quot;&quot;,&quot;orientation&quot;:&quot;1&quot;}\" data-image-title=\"\u0161atka-Litava-posledn\u00e1&#8230;-1\" data-image-description=\"\" data-image-caption=\"\" data-medium-file=\"https:\/\/i0.wp.com\/www.atelier-reklama.sk\/blog\/wp-content\/uploads\/2023\/04\/%C5%A1atka-Litava-posledn%C3%A1...-1-scaled.jpg?fit=300%2C225&amp;ssl=1\" data-large-file=\"https:\/\/i0.wp.com\/www.atelier-reklama.sk\/blog\/wp-content\/uploads\/2023\/04\/%C5%A1atka-Litava-posledn%C3%A1...-1-scaled.jpg?fit=800%2C600&amp;ssl=1\" src=\"https:\/\/i0.wp.com\/www.atelier-reklama.sk\/blog\/wp-content\/uploads\/2023\/04\/%C5%A1atka-Litava-posledn%C3%A1...-1.jpg?resize=800%2C600&#038;ssl=1\" alt=\"\" class=\"wp-image-13727\" srcset=\"https:\/\/i0.wp.com\/www.atelier-reklama.sk\/blog\/wp-content\/uploads\/2023\/04\/%C5%A1atka-Litava-posledn%C3%A1...-1-scaled.jpg?resize=1024%2C768&amp;ssl=1 1024w, https:\/\/i0.wp.com\/www.atelier-reklama.sk\/blog\/wp-content\/uploads\/2023\/04\/%C5%A1atka-Litava-posledn%C3%A1...-1-scaled.jpg?resize=300%2C225&amp;ssl=1 300w, https:\/\/i0.wp.com\/www.atelier-reklama.sk\/blog\/wp-content\/uploads\/2023\/04\/%C5%A1atka-Litava-posledn%C3%A1...-1-scaled.jpg?resize=768%2C576&amp;ssl=1 768w, https:\/\/i0.wp.com\/www.atelier-reklama.sk\/blog\/wp-content\/uploads\/2023\/04\/%C5%A1atka-Litava-posledn%C3%A1...-1-scaled.jpg?resize=1536%2C1152&amp;ssl=1 1536w, https:\/\/i0.wp.com\/www.atelier-reklama.sk\/blog\/wp-content\/uploads\/2023\/04\/%C5%A1atka-Litava-posledn%C3%A1...-1-scaled.jpg?resize=2048%2C1536&amp;ssl=1 2048w, https:\/\/i0.wp.com\/www.atelier-reklama.sk\/blog\/wp-content\/uploads\/2023\/04\/%C5%A1atka-Litava-posledn%C3%A1...-1-scaled.jpg?w=1600&amp;ssl=1 1600w, https:\/\/i0.wp.com\/www.atelier-reklama.sk\/blog\/wp-content\/uploads\/2023\/04\/%C5%A1atka-Litava-posledn%C3%A1...-1-scaled.jpg?w=2400&amp;ssl=1 2400w\" sizes=\"auto, (max-width: 800px) 100vw, 800px\" \/><\/figure>\n\n\n\n<figure class=\"wp-block-image size-large\"><img data-recalc-dims=\"1\" loading=\"lazy\" decoding=\"async\" width=\"800\" height=\"600\" data-attachment-id=\"13728\" data-permalink=\"https:\/\/www.atelier-reklama.sk\/blog\/moj-krekacsky-kroj-a-jeho-prekreslene-vzory-spolu\/satka-litava-posledna-3-2\/\" data-orig-file=\"https:\/\/i0.wp.com\/www.atelier-reklama.sk\/blog\/wp-content\/uploads\/2023\/04\/%C5%A1atka-Litava-posledn%C3%A1-3-scaled.jpg?fit=2560%2C1920&amp;ssl=1\" data-orig-size=\"2560,1920\" data-comments-opened=\"1\" data-image-meta=\"{&quot;aperture&quot;:&quot;2&quot;,&quot;credit&quot;:&quot;&quot;,&quot;camera&quot;:&quot;SM-A125F&quot;,&quot;caption&quot;:&quot;&quot;,&quot;created_timestamp&quot;:&quot;1681315452&quot;,&quot;copyright&quot;:&quot;&quot;,&quot;focal_length&quot;:&quot;4.6&quot;,&quot;iso&quot;:&quot;200&quot;,&quot;shutter_speed&quot;:&quot;0.0399&quot;,&quot;title&quot;:&quot;&quot;,&quot;orientation&quot;:&quot;1&quot;}\" data-image-title=\"\u0161atka-Litava-posledn\u00e1-3\" data-image-description=\"\" data-image-caption=\"\" data-medium-file=\"https:\/\/i0.wp.com\/www.atelier-reklama.sk\/blog\/wp-content\/uploads\/2023\/04\/%C5%A1atka-Litava-posledn%C3%A1-3-scaled.jpg?fit=300%2C225&amp;ssl=1\" data-large-file=\"https:\/\/i0.wp.com\/www.atelier-reklama.sk\/blog\/wp-content\/uploads\/2023\/04\/%C5%A1atka-Litava-posledn%C3%A1-3-scaled.jpg?fit=800%2C600&amp;ssl=1\" src=\"https:\/\/i0.wp.com\/www.atelier-reklama.sk\/blog\/wp-content\/uploads\/2023\/04\/%C5%A1atka-Litava-posledn%C3%A1-3.jpg?resize=800%2C600&#038;ssl=1\" alt=\"\" class=\"wp-image-13728\" srcset=\"https:\/\/i0.wp.com\/www.atelier-reklama.sk\/blog\/wp-content\/uploads\/2023\/04\/%C5%A1atka-Litava-posledn%C3%A1-3-scaled.jpg?resize=1024%2C768&amp;ssl=1 1024w, https:\/\/i0.wp.com\/www.atelier-reklama.sk\/blog\/wp-content\/uploads\/2023\/04\/%C5%A1atka-Litava-posledn%C3%A1-3-scaled.jpg?resize=300%2C225&amp;ssl=1 300w, https:\/\/i0.wp.com\/www.atelier-reklama.sk\/blog\/wp-content\/uploads\/2023\/04\/%C5%A1atka-Litava-posledn%C3%A1-3-scaled.jpg?resize=768%2C576&amp;ssl=1 768w, https:\/\/i0.wp.com\/www.atelier-reklama.sk\/blog\/wp-content\/uploads\/2023\/04\/%C5%A1atka-Litava-posledn%C3%A1-3-scaled.jpg?resize=1536%2C1152&amp;ssl=1 1536w, https:\/\/i0.wp.com\/www.atelier-reklama.sk\/blog\/wp-content\/uploads\/2023\/04\/%C5%A1atka-Litava-posledn%C3%A1-3-scaled.jpg?resize=2048%2C1536&amp;ssl=1 2048w, https:\/\/i0.wp.com\/www.atelier-reklama.sk\/blog\/wp-content\/uploads\/2023\/04\/%C5%A1atka-Litava-posledn%C3%A1-3-scaled.jpg?w=1600&amp;ssl=1 1600w, https:\/\/i0.wp.com\/www.atelier-reklama.sk\/blog\/wp-content\/uploads\/2023\/04\/%C5%A1atka-Litava-posledn%C3%A1-3-scaled.jpg?w=2400&amp;ssl=1 2400w\" sizes=\"auto, (max-width: 800px) 100vw, 800px\" \/><\/figure>\n\n\n\n<figure class=\"wp-block-image size-large\"><img data-recalc-dims=\"1\" loading=\"lazy\" decoding=\"async\" width=\"800\" height=\"566\" data-attachment-id=\"13734\" data-permalink=\"https:\/\/www.atelier-reklama.sk\/blog\/moj-krekacsky-kroj-a-jeho-prekreslene-vzory-spolu\/satka-litava-posledna-4\/\" data-orig-file=\"https:\/\/i0.wp.com\/www.atelier-reklama.sk\/blog\/wp-content\/uploads\/2023\/04\/%C5%A1atka-Litava-posledn%C3%A1-4-scaled.jpg?fit=2560%2C1810&amp;ssl=1\" data-orig-size=\"2560,1810\" data-comments-opened=\"1\" data-image-meta=\"{&quot;aperture&quot;:&quot;0&quot;,&quot;credit&quot;:&quot;&quot;,&quot;camera&quot;:&quot;&quot;,&quot;caption&quot;:&quot;&quot;,&quot;created_timestamp&quot;:&quot;0&quot;,&quot;copyright&quot;:&quot;&quot;,&quot;focal_length&quot;:&quot;0&quot;,&quot;iso&quot;:&quot;0&quot;,&quot;shutter_speed&quot;:&quot;0&quot;,&quot;title&quot;:&quot;&quot;,&quot;orientation&quot;:&quot;0&quot;}\" data-image-title=\"\u0161atka-Litava-posledn\u00e1-4\" data-image-description=\"\" data-image-caption=\"\" data-medium-file=\"https:\/\/i0.wp.com\/www.atelier-reklama.sk\/blog\/wp-content\/uploads\/2023\/04\/%C5%A1atka-Litava-posledn%C3%A1-4-scaled.jpg?fit=300%2C212&amp;ssl=1\" data-large-file=\"https:\/\/i0.wp.com\/www.atelier-reklama.sk\/blog\/wp-content\/uploads\/2023\/04\/%C5%A1atka-Litava-posledn%C3%A1-4-scaled.jpg?fit=800%2C566&amp;ssl=1\" src=\"https:\/\/i0.wp.com\/www.atelier-reklama.sk\/blog\/wp-content\/uploads\/2023\/04\/%C5%A1atka-Litava-posledn%C3%A1-4.jpg?resize=800%2C566&#038;ssl=1\" alt=\"\" class=\"wp-image-13734\" srcset=\"https:\/\/i0.wp.com\/www.atelier-reklama.sk\/blog\/wp-content\/uploads\/2023\/04\/%C5%A1atka-Litava-posledn%C3%A1-4-scaled.jpg?resize=1024%2C724&amp;ssl=1 1024w, https:\/\/i0.wp.com\/www.atelier-reklama.sk\/blog\/wp-content\/uploads\/2023\/04\/%C5%A1atka-Litava-posledn%C3%A1-4-scaled.jpg?resize=300%2C212&amp;ssl=1 300w, https:\/\/i0.wp.com\/www.atelier-reklama.sk\/blog\/wp-content\/uploads\/2023\/04\/%C5%A1atka-Litava-posledn%C3%A1-4-scaled.jpg?resize=768%2C543&amp;ssl=1 768w, https:\/\/i0.wp.com\/www.atelier-reklama.sk\/blog\/wp-content\/uploads\/2023\/04\/%C5%A1atka-Litava-posledn%C3%A1-4-scaled.jpg?resize=1536%2C1086&amp;ssl=1 1536w, https:\/\/i0.wp.com\/www.atelier-reklama.sk\/blog\/wp-content\/uploads\/2023\/04\/%C5%A1atka-Litava-posledn%C3%A1-4-scaled.jpg?resize=2048%2C1448&amp;ssl=1 2048w, https:\/\/i0.wp.com\/www.atelier-reklama.sk\/blog\/wp-content\/uploads\/2023\/04\/%C5%A1atka-Litava-posledn%C3%A1-4-scaled.jpg?w=1600&amp;ssl=1 1600w, https:\/\/i0.wp.com\/www.atelier-reklama.sk\/blog\/wp-content\/uploads\/2023\/04\/%C5%A1atka-Litava-posledn%C3%A1-4-scaled.jpg?w=2400&amp;ssl=1 2400w\" sizes=\"auto, (max-width: 800px) 100vw, 800px\" \/><\/figure>\n\n\n\n<figure class=\"wp-block-image size-large\"><img data-recalc-dims=\"1\" loading=\"lazy\" decoding=\"async\" width=\"743\" height=\"1024\" data-attachment-id=\"13729\" data-permalink=\"https:\/\/www.atelier-reklama.sk\/blog\/moj-krekacsky-kroj-a-jeho-prekreslene-vzory-spolu\/1-satka-litava-posledna-1\/\" data-orig-file=\"https:\/\/i0.wp.com\/www.atelier-reklama.sk\/blog\/wp-content\/uploads\/2023\/04\/1.-%C5%A0atka-Litava-posledn%C3%A1-1-scaled.jpg?fit=1859%2C2560&amp;ssl=1\" data-orig-size=\"1859,2560\" data-comments-opened=\"1\" data-image-meta=\"{&quot;aperture&quot;:&quot;0&quot;,&quot;credit&quot;:&quot;&quot;,&quot;camera&quot;:&quot;&quot;,&quot;caption&quot;:&quot;&quot;,&quot;created_timestamp&quot;:&quot;0&quot;,&quot;copyright&quot;:&quot;&quot;,&quot;focal_length&quot;:&quot;0&quot;,&quot;iso&quot;:&quot;0&quot;,&quot;shutter_speed&quot;:&quot;0&quot;,&quot;title&quot;:&quot;&quot;,&quot;orientation&quot;:&quot;0&quot;}\" data-image-title=\"1.-\u0160atka-Litava-posledn\u00e1-1\" data-image-description=\"\" data-image-caption=\"\" data-medium-file=\"https:\/\/i0.wp.com\/www.atelier-reklama.sk\/blog\/wp-content\/uploads\/2023\/04\/1.-%C5%A0atka-Litava-posledn%C3%A1-1-scaled.jpg?fit=218%2C300&amp;ssl=1\" data-large-file=\"https:\/\/i0.wp.com\/www.atelier-reklama.sk\/blog\/wp-content\/uploads\/2023\/04\/1.-%C5%A0atka-Litava-posledn%C3%A1-1-scaled.jpg?fit=743%2C1024&amp;ssl=1\" src=\"https:\/\/i0.wp.com\/www.atelier-reklama.sk\/blog\/wp-content\/uploads\/2023\/04\/1.-%C5%A0atka-Litava-posledn%C3%A1-1.jpg?resize=743%2C1024&#038;ssl=1\" alt=\"\" class=\"wp-image-13729\" srcset=\"https:\/\/i0.wp.com\/www.atelier-reklama.sk\/blog\/wp-content\/uploads\/2023\/04\/1.-%C5%A0atka-Litava-posledn%C3%A1-1-scaled.jpg?resize=743%2C1024&amp;ssl=1 743w, https:\/\/i0.wp.com\/www.atelier-reklama.sk\/blog\/wp-content\/uploads\/2023\/04\/1.-%C5%A0atka-Litava-posledn%C3%A1-1-scaled.jpg?resize=218%2C300&amp;ssl=1 218w, https:\/\/i0.wp.com\/www.atelier-reklama.sk\/blog\/wp-content\/uploads\/2023\/04\/1.-%C5%A0atka-Litava-posledn%C3%A1-1-scaled.jpg?resize=768%2C1058&amp;ssl=1 768w, https:\/\/i0.wp.com\/www.atelier-reklama.sk\/blog\/wp-content\/uploads\/2023\/04\/1.-%C5%A0atka-Litava-posledn%C3%A1-1-scaled.jpg?resize=1115%2C1536&amp;ssl=1 1115w, https:\/\/i0.wp.com\/www.atelier-reklama.sk\/blog\/wp-content\/uploads\/2023\/04\/1.-%C5%A0atka-Litava-posledn%C3%A1-1-scaled.jpg?resize=1487%2C2048&amp;ssl=1 1487w, https:\/\/i0.wp.com\/www.atelier-reklama.sk\/blog\/wp-content\/uploads\/2023\/04\/1.-%C5%A0atka-Litava-posledn%C3%A1-1-scaled.jpg?w=1859&amp;ssl=1 1859w, https:\/\/i0.wp.com\/www.atelier-reklama.sk\/blog\/wp-content\/uploads\/2023\/04\/1.-%C5%A0atka-Litava-posledn%C3%A1-1-scaled.jpg?w=1600&amp;ssl=1 1600w\" sizes=\"auto, (max-width: 743px) 100vw, 743px\" \/><\/figure>\n\n\n\n<figure class=\"wp-block-image size-large\"><img data-recalc-dims=\"1\" loading=\"lazy\" decoding=\"async\" width=\"800\" height=\"580\" data-attachment-id=\"13730\" data-permalink=\"https:\/\/www.atelier-reklama.sk\/blog\/moj-krekacsky-kroj-a-jeho-prekreslene-vzory-spolu\/2-satka-litava-posledna-1\/\" data-orig-file=\"https:\/\/i0.wp.com\/www.atelier-reklama.sk\/blog\/wp-content\/uploads\/2023\/04\/2.%C5%A0atka-Litava-posledn%C3%A1-1-scaled.jpg?fit=2560%2C1859&amp;ssl=1\" data-orig-size=\"2560,1859\" data-comments-opened=\"1\" data-image-meta=\"{&quot;aperture&quot;:&quot;0&quot;,&quot;credit&quot;:&quot;&quot;,&quot;camera&quot;:&quot;&quot;,&quot;caption&quot;:&quot;&quot;,&quot;created_timestamp&quot;:&quot;0&quot;,&quot;copyright&quot;:&quot;&quot;,&quot;focal_length&quot;:&quot;0&quot;,&quot;iso&quot;:&quot;0&quot;,&quot;shutter_speed&quot;:&quot;0&quot;,&quot;title&quot;:&quot;&quot;,&quot;orientation&quot;:&quot;1&quot;}\" data-image-title=\"2.\u0160atka-Litava-posledn\u00e1-1\" data-image-description=\"\" data-image-caption=\"\" data-medium-file=\"https:\/\/i0.wp.com\/www.atelier-reklama.sk\/blog\/wp-content\/uploads\/2023\/04\/2.%C5%A0atka-Litava-posledn%C3%A1-1-scaled.jpg?fit=300%2C218&amp;ssl=1\" data-large-file=\"https:\/\/i0.wp.com\/www.atelier-reklama.sk\/blog\/wp-content\/uploads\/2023\/04\/2.%C5%A0atka-Litava-posledn%C3%A1-1-scaled.jpg?fit=800%2C580&amp;ssl=1\" src=\"https:\/\/i0.wp.com\/www.atelier-reklama.sk\/blog\/wp-content\/uploads\/2023\/04\/2.%C5%A0atka-Litava-posledn%C3%A1-1.jpg?resize=800%2C580&#038;ssl=1\" alt=\"\" class=\"wp-image-13730\" srcset=\"https:\/\/i0.wp.com\/www.atelier-reklama.sk\/blog\/wp-content\/uploads\/2023\/04\/2.%C5%A0atka-Litava-posledn%C3%A1-1-scaled.jpg?resize=1024%2C743&amp;ssl=1 1024w, https:\/\/i0.wp.com\/www.atelier-reklama.sk\/blog\/wp-content\/uploads\/2023\/04\/2.%C5%A0atka-Litava-posledn%C3%A1-1-scaled.jpg?resize=300%2C218&amp;ssl=1 300w, https:\/\/i0.wp.com\/www.atelier-reklama.sk\/blog\/wp-content\/uploads\/2023\/04\/2.%C5%A0atka-Litava-posledn%C3%A1-1-scaled.jpg?resize=768%2C558&amp;ssl=1 768w, https:\/\/i0.wp.com\/www.atelier-reklama.sk\/blog\/wp-content\/uploads\/2023\/04\/2.%C5%A0atka-Litava-posledn%C3%A1-1-scaled.jpg?resize=1536%2C1115&amp;ssl=1 1536w, https:\/\/i0.wp.com\/www.atelier-reklama.sk\/blog\/wp-content\/uploads\/2023\/04\/2.%C5%A0atka-Litava-posledn%C3%A1-1-scaled.jpg?resize=2048%2C1487&amp;ssl=1 2048w, https:\/\/i0.wp.com\/www.atelier-reklama.sk\/blog\/wp-content\/uploads\/2023\/04\/2.%C5%A0atka-Litava-posledn%C3%A1-1-scaled.jpg?w=1600&amp;ssl=1 1600w, https:\/\/i0.wp.com\/www.atelier-reklama.sk\/blog\/wp-content\/uploads\/2023\/04\/2.%C5%A0atka-Litava-posledn%C3%A1-1-scaled.jpg?w=2400&amp;ssl=1 2400w\" sizes=\"auto, (max-width: 800px) 100vw, 800px\" \/><\/figure>\n\n\n\n<figure class=\"wp-block-image size-large\"><img data-recalc-dims=\"1\" loading=\"lazy\" decoding=\"async\" width=\"743\" height=\"1024\" data-attachment-id=\"13731\" data-permalink=\"https:\/\/www.atelier-reklama.sk\/blog\/moj-krekacsky-kroj-a-jeho-prekreslene-vzory-spolu\/3-satka-litava-posledna-1\/\" data-orig-file=\"https:\/\/i0.wp.com\/www.atelier-reklama.sk\/blog\/wp-content\/uploads\/2023\/04\/3.%C5%A0atka-Litava-posledn%C3%A1-1-scaled.jpg?fit=1859%2C2560&amp;ssl=1\" data-orig-size=\"1859,2560\" data-comments-opened=\"1\" data-image-meta=\"{&quot;aperture&quot;:&quot;0&quot;,&quot;credit&quot;:&quot;&quot;,&quot;camera&quot;:&quot;&quot;,&quot;caption&quot;:&quot;&quot;,&quot;created_timestamp&quot;:&quot;0&quot;,&quot;copyright&quot;:&quot;&quot;,&quot;focal_length&quot;:&quot;0&quot;,&quot;iso&quot;:&quot;0&quot;,&quot;shutter_speed&quot;:&quot;0&quot;,&quot;title&quot;:&quot;&quot;,&quot;orientation&quot;:&quot;0&quot;}\" data-image-title=\"3.\u0160atka-Litava-posledn\u00e1-1\" data-image-description=\"\" data-image-caption=\"\" data-medium-file=\"https:\/\/i0.wp.com\/www.atelier-reklama.sk\/blog\/wp-content\/uploads\/2023\/04\/3.%C5%A0atka-Litava-posledn%C3%A1-1-scaled.jpg?fit=218%2C300&amp;ssl=1\" data-large-file=\"https:\/\/i0.wp.com\/www.atelier-reklama.sk\/blog\/wp-content\/uploads\/2023\/04\/3.%C5%A0atka-Litava-posledn%C3%A1-1-scaled.jpg?fit=743%2C1024&amp;ssl=1\" src=\"https:\/\/i0.wp.com\/www.atelier-reklama.sk\/blog\/wp-content\/uploads\/2023\/04\/3.%C5%A0atka-Litava-posledn%C3%A1-1.jpg?resize=743%2C1024&#038;ssl=1\" alt=\"\" class=\"wp-image-13731\" srcset=\"https:\/\/i0.wp.com\/www.atelier-reklama.sk\/blog\/wp-content\/uploads\/2023\/04\/3.%C5%A0atka-Litava-posledn%C3%A1-1-scaled.jpg?resize=743%2C1024&amp;ssl=1 743w, https:\/\/i0.wp.com\/www.atelier-reklama.sk\/blog\/wp-content\/uploads\/2023\/04\/3.%C5%A0atka-Litava-posledn%C3%A1-1-scaled.jpg?resize=218%2C300&amp;ssl=1 218w, https:\/\/i0.wp.com\/www.atelier-reklama.sk\/blog\/wp-content\/uploads\/2023\/04\/3.%C5%A0atka-Litava-posledn%C3%A1-1-scaled.jpg?resize=768%2C1058&amp;ssl=1 768w, https:\/\/i0.wp.com\/www.atelier-reklama.sk\/blog\/wp-content\/uploads\/2023\/04\/3.%C5%A0atka-Litava-posledn%C3%A1-1-scaled.jpg?resize=1115%2C1536&amp;ssl=1 1115w, https:\/\/i0.wp.com\/www.atelier-reklama.sk\/blog\/wp-content\/uploads\/2023\/04\/3.%C5%A0atka-Litava-posledn%C3%A1-1-scaled.jpg?resize=1487%2C2048&amp;ssl=1 1487w, https:\/\/i0.wp.com\/www.atelier-reklama.sk\/blog\/wp-content\/uploads\/2023\/04\/3.%C5%A0atka-Litava-posledn%C3%A1-1-scaled.jpg?w=1859&amp;ssl=1 1859w, https:\/\/i0.wp.com\/www.atelier-reklama.sk\/blog\/wp-content\/uploads\/2023\/04\/3.%C5%A0atka-Litava-posledn%C3%A1-1-scaled.jpg?w=1600&amp;ssl=1 1600w\" sizes=\"auto, (max-width: 743px) 100vw, 743px\" \/><\/figure>\n\n\n\n<figure class=\"wp-block-image size-large\"><img data-recalc-dims=\"1\" loading=\"lazy\" decoding=\"async\" width=\"743\" height=\"1024\" data-attachment-id=\"13732\" data-permalink=\"https:\/\/www.atelier-reklama.sk\/blog\/moj-krekacsky-kroj-a-jeho-prekreslene-vzory-spolu\/4-satka-litava-posledna-1\/\" data-orig-file=\"https:\/\/i0.wp.com\/www.atelier-reklama.sk\/blog\/wp-content\/uploads\/2023\/04\/4.%C5%A0atka-Litava-posledn%C3%A1-1-scaled.jpg?fit=1859%2C2560&amp;ssl=1\" data-orig-size=\"1859,2560\" data-comments-opened=\"1\" data-image-meta=\"{&quot;aperture&quot;:&quot;0&quot;,&quot;credit&quot;:&quot;&quot;,&quot;camera&quot;:&quot;&quot;,&quot;caption&quot;:&quot;&quot;,&quot;created_timestamp&quot;:&quot;0&quot;,&quot;copyright&quot;:&quot;&quot;,&quot;focal_length&quot;:&quot;0&quot;,&quot;iso&quot;:&quot;0&quot;,&quot;shutter_speed&quot;:&quot;0&quot;,&quot;title&quot;:&quot;&quot;,&quot;orientation&quot;:&quot;0&quot;}\" data-image-title=\"4.\u0160atka-Litava-posledn\u00e1-1\" data-image-description=\"\" data-image-caption=\"\" data-medium-file=\"https:\/\/i0.wp.com\/www.atelier-reklama.sk\/blog\/wp-content\/uploads\/2023\/04\/4.%C5%A0atka-Litava-posledn%C3%A1-1-scaled.jpg?fit=218%2C300&amp;ssl=1\" data-large-file=\"https:\/\/i0.wp.com\/www.atelier-reklama.sk\/blog\/wp-content\/uploads\/2023\/04\/4.%C5%A0atka-Litava-posledn%C3%A1-1-scaled.jpg?fit=743%2C1024&amp;ssl=1\" src=\"https:\/\/i0.wp.com\/www.atelier-reklama.sk\/blog\/wp-content\/uploads\/2023\/04\/4.%C5%A0atka-Litava-posledn%C3%A1-1.jpg?resize=743%2C1024&#038;ssl=1\" alt=\"\" class=\"wp-image-13732\" srcset=\"https:\/\/i0.wp.com\/www.atelier-reklama.sk\/blog\/wp-content\/uploads\/2023\/04\/4.%C5%A0atka-Litava-posledn%C3%A1-1-scaled.jpg?resize=743%2C1024&amp;ssl=1 743w, https:\/\/i0.wp.com\/www.atelier-reklama.sk\/blog\/wp-content\/uploads\/2023\/04\/4.%C5%A0atka-Litava-posledn%C3%A1-1-scaled.jpg?resize=218%2C300&amp;ssl=1 218w, https:\/\/i0.wp.com\/www.atelier-reklama.sk\/blog\/wp-content\/uploads\/2023\/04\/4.%C5%A0atka-Litava-posledn%C3%A1-1-scaled.jpg?resize=768%2C1058&amp;ssl=1 768w, https:\/\/i0.wp.com\/www.atelier-reklama.sk\/blog\/wp-content\/uploads\/2023\/04\/4.%C5%A0atka-Litava-posledn%C3%A1-1-scaled.jpg?resize=1115%2C1536&amp;ssl=1 1115w, https:\/\/i0.wp.com\/www.atelier-reklama.sk\/blog\/wp-content\/uploads\/2023\/04\/4.%C5%A0atka-Litava-posledn%C3%A1-1-scaled.jpg?resize=1487%2C2048&amp;ssl=1 1487w, https:\/\/i0.wp.com\/www.atelier-reklama.sk\/blog\/wp-content\/uploads\/2023\/04\/4.%C5%A0atka-Litava-posledn%C3%A1-1-scaled.jpg?w=1859&amp;ssl=1 1859w, https:\/\/i0.wp.com\/www.atelier-reklama.sk\/blog\/wp-content\/uploads\/2023\/04\/4.%C5%A0atka-Litava-posledn%C3%A1-1-scaled.jpg?w=1600&amp;ssl=1 1600w\" sizes=\"auto, (max-width: 743px) 100vw, 743px\" \/><\/figure>\n\n\n\n<p class=\"has-text-align-left\"> \u0160atka, bordov\u00fd zamat, Jal\u0161ov\u00edk, pol. 20. stor., hladkovanie, kr\u00ed\u017eikov\u00e9 vy\u0161\u00edvanie, vy\u0161ila  Anna O\u010den\u00e1\u0161ov\u00e1, rod. Bartikov\u00e1 (1930-2013)<\/p>\n\n\n\n<figure class=\"wp-block-image size-large\"><img data-recalc-dims=\"1\" loading=\"lazy\" decoding=\"async\" width=\"800\" height=\"784\" data-attachment-id=\"12703\" data-permalink=\"https:\/\/www.atelier-reklama.sk\/blog\/moj-krekacsky-kroj-a-jeho-prekreslene-vzory-spolu\/satkacela-bordovy-zamat-jalsovik-pol-20-stor-vysila-krizikmi-anna-ocenasova-1930-2013\/\" data-orig-file=\"https:\/\/i0.wp.com\/www.atelier-reklama.sk\/blog\/wp-content\/uploads\/2023\/03\/%C5%A0atkacel%C3%A1-bordov%C3%BD-zamat-Jal%C5%A1ov%C3%ADk-pol.-20.-stor.-vy%C5%A1ila-kr%C3%AD%C5%BEikmi-Anna-O%C4%8Den%C3%A1%C5%A1ov%C3%A1-1930-2013-scaled.jpg?fit=2560%2C2509&amp;ssl=1\" data-orig-size=\"2560,2509\" data-comments-opened=\"1\" data-image-meta=\"{&quot;aperture&quot;:&quot;2&quot;,&quot;credit&quot;:&quot;&quot;,&quot;camera&quot;:&quot;SM-A125F&quot;,&quot;caption&quot;:&quot;&quot;,&quot;created_timestamp&quot;:&quot;1678100755&quot;,&quot;copyright&quot;:&quot;&quot;,&quot;focal_length&quot;:&quot;4.6&quot;,&quot;iso&quot;:&quot;64&quot;,&quot;shutter_speed&quot;:&quot;0.02&quot;,&quot;title&quot;:&quot;&quot;,&quot;orientation&quot;:&quot;1&quot;}\" data-image-title=\"\u0160atkacel\u00e1-bordov\u00fd-zamat-Jal\u0161ov\u00edk-pol.-20.-stor.-vy\u0161ila-kr\u00ed\u017eikmi-Anna-O\u010den\u00e1\u0161ov\u00e1-1930-2013\" data-image-description=\"\" data-image-caption=\"\" data-medium-file=\"https:\/\/i0.wp.com\/www.atelier-reklama.sk\/blog\/wp-content\/uploads\/2023\/03\/%C5%A0atkacel%C3%A1-bordov%C3%BD-zamat-Jal%C5%A1ov%C3%ADk-pol.-20.-stor.-vy%C5%A1ila-kr%C3%AD%C5%BEikmi-Anna-O%C4%8Den%C3%A1%C5%A1ov%C3%A1-1930-2013-scaled.jpg?fit=300%2C294&amp;ssl=1\" data-large-file=\"https:\/\/i0.wp.com\/www.atelier-reklama.sk\/blog\/wp-content\/uploads\/2023\/03\/%C5%A0atkacel%C3%A1-bordov%C3%BD-zamat-Jal%C5%A1ov%C3%ADk-pol.-20.-stor.-vy%C5%A1ila-kr%C3%AD%C5%BEikmi-Anna-O%C4%8Den%C3%A1%C5%A1ov%C3%A1-1930-2013-scaled.jpg?fit=800%2C784&amp;ssl=1\" src=\"https:\/\/i0.wp.com\/www.atelier-reklama.sk\/blog\/wp-content\/uploads\/2023\/03\/%C5%A0atkacel%C3%A1-bordov%C3%BD-zamat-Jal%C5%A1ov%C3%ADk-pol.-20.-stor.-vy%C5%A1ila-kr%C3%AD%C5%BEikmi-Anna-O%C4%8Den%C3%A1%C5%A1ov%C3%A1-1930-2013.jpg?resize=800%2C784&#038;ssl=1\" alt=\"\" class=\"wp-image-12703\" srcset=\"https:\/\/i0.wp.com\/www.atelier-reklama.sk\/blog\/wp-content\/uploads\/2023\/03\/%C5%A0atkacel%C3%A1-bordov%C3%BD-zamat-Jal%C5%A1ov%C3%ADk-pol.-20.-stor.-vy%C5%A1ila-kr%C3%AD%C5%BEikmi-Anna-O%C4%8Den%C3%A1%C5%A1ov%C3%A1-1930-2013-scaled.jpg?resize=1024%2C1003&amp;ssl=1 1024w, https:\/\/i0.wp.com\/www.atelier-reklama.sk\/blog\/wp-content\/uploads\/2023\/03\/%C5%A0atkacel%C3%A1-bordov%C3%BD-zamat-Jal%C5%A1ov%C3%ADk-pol.-20.-stor.-vy%C5%A1ila-kr%C3%AD%C5%BEikmi-Anna-O%C4%8Den%C3%A1%C5%A1ov%C3%A1-1930-2013-scaled.jpg?resize=300%2C294&amp;ssl=1 300w, https:\/\/i0.wp.com\/www.atelier-reklama.sk\/blog\/wp-content\/uploads\/2023\/03\/%C5%A0atkacel%C3%A1-bordov%C3%BD-zamat-Jal%C5%A1ov%C3%ADk-pol.-20.-stor.-vy%C5%A1ila-kr%C3%AD%C5%BEikmi-Anna-O%C4%8Den%C3%A1%C5%A1ov%C3%A1-1930-2013-scaled.jpg?resize=768%2C753&amp;ssl=1 768w, https:\/\/i0.wp.com\/www.atelier-reklama.sk\/blog\/wp-content\/uploads\/2023\/03\/%C5%A0atkacel%C3%A1-bordov%C3%BD-zamat-Jal%C5%A1ov%C3%ADk-pol.-20.-stor.-vy%C5%A1ila-kr%C3%AD%C5%BEikmi-Anna-O%C4%8Den%C3%A1%C5%A1ov%C3%A1-1930-2013-scaled.jpg?resize=1536%2C1505&amp;ssl=1 1536w, https:\/\/i0.wp.com\/www.atelier-reklama.sk\/blog\/wp-content\/uploads\/2023\/03\/%C5%A0atkacel%C3%A1-bordov%C3%BD-zamat-Jal%C5%A1ov%C3%ADk-pol.-20.-stor.-vy%C5%A1ila-kr%C3%AD%C5%BEikmi-Anna-O%C4%8Den%C3%A1%C5%A1ov%C3%A1-1930-2013-scaled.jpg?resize=2048%2C2007&amp;ssl=1 2048w, https:\/\/i0.wp.com\/www.atelier-reklama.sk\/blog\/wp-content\/uploads\/2023\/03\/%C5%A0atkacel%C3%A1-bordov%C3%BD-zamat-Jal%C5%A1ov%C3%ADk-pol.-20.-stor.-vy%C5%A1ila-kr%C3%AD%C5%BEikmi-Anna-O%C4%8Den%C3%A1%C5%A1ov%C3%A1-1930-2013-scaled.jpg?w=1600&amp;ssl=1 1600w, https:\/\/i0.wp.com\/www.atelier-reklama.sk\/blog\/wp-content\/uploads\/2023\/03\/%C5%A0atkacel%C3%A1-bordov%C3%BD-zamat-Jal%C5%A1ov%C3%ADk-pol.-20.-stor.-vy%C5%A1ila-kr%C3%AD%C5%BEikmi-Anna-O%C4%8Den%C3%A1%C5%A1ov%C3%A1-1930-2013-scaled.jpg?w=2400&amp;ssl=1 2400w\" sizes=\"auto, (max-width: 800px) 100vw, 800px\" \/><\/figure>\n\n\n\n<figure class=\"wp-block-image size-large\"><img data-recalc-dims=\"1\" loading=\"lazy\" decoding=\"async\" width=\"800\" height=\"486\" data-attachment-id=\"12704\" data-permalink=\"https:\/\/www.atelier-reklama.sk\/blog\/moj-krekacsky-kroj-a-jeho-prekreslene-vzory-spolu\/satka-bordovy-zamat-jalsovik-pol-20-stor-vysila-krizikmi-anna-ocenasova-1930-2013\/\" data-orig-file=\"https:\/\/i0.wp.com\/www.atelier-reklama.sk\/blog\/wp-content\/uploads\/2023\/03\/%C5%A0atka-bordov%C3%BD-zamat-Jal%C5%A1ov%C3%ADk-pol.-20.-stor.-vy%C5%A1ila-kr%C3%AD%C5%BEikmi-Anna-O%C4%8Den%C3%A1%C5%A1ov%C3%A1-1930-2013.-scaled.jpg?fit=2560%2C1554&amp;ssl=1\" data-orig-size=\"2560,1554\" data-comments-opened=\"1\" data-image-meta=\"{&quot;aperture&quot;:&quot;2&quot;,&quot;credit&quot;:&quot;&quot;,&quot;camera&quot;:&quot;SM-A125F&quot;,&quot;caption&quot;:&quot;&quot;,&quot;created_timestamp&quot;:&quot;1678101011&quot;,&quot;copyright&quot;:&quot;&quot;,&quot;focal_length&quot;:&quot;4.6&quot;,&quot;iso&quot;:&quot;40&quot;,&quot;shutter_speed&quot;:&quot;0.02&quot;,&quot;title&quot;:&quot;&quot;,&quot;orientation&quot;:&quot;1&quot;}\" data-image-title=\"\u0160atka-bordov\u00fd-zamat-Jal\u0161ov\u00edk-pol.-20.-stor.-vy\u0161ila-kr\u00ed\u017eikmi-Anna-O\u010den\u00e1\u0161ov\u00e1-1930-2013.\" data-image-description=\"\" data-image-caption=\"\" data-medium-file=\"https:\/\/i0.wp.com\/www.atelier-reklama.sk\/blog\/wp-content\/uploads\/2023\/03\/%C5%A0atka-bordov%C3%BD-zamat-Jal%C5%A1ov%C3%ADk-pol.-20.-stor.-vy%C5%A1ila-kr%C3%AD%C5%BEikmi-Anna-O%C4%8Den%C3%A1%C5%A1ov%C3%A1-1930-2013.-scaled.jpg?fit=300%2C182&amp;ssl=1\" data-large-file=\"https:\/\/i0.wp.com\/www.atelier-reklama.sk\/blog\/wp-content\/uploads\/2023\/03\/%C5%A0atka-bordov%C3%BD-zamat-Jal%C5%A1ov%C3%ADk-pol.-20.-stor.-vy%C5%A1ila-kr%C3%AD%C5%BEikmi-Anna-O%C4%8Den%C3%A1%C5%A1ov%C3%A1-1930-2013.-scaled.jpg?fit=800%2C486&amp;ssl=1\" src=\"https:\/\/i0.wp.com\/www.atelier-reklama.sk\/blog\/wp-content\/uploads\/2023\/03\/%C5%A0atka-bordov%C3%BD-zamat-Jal%C5%A1ov%C3%ADk-pol.-20.-stor.-vy%C5%A1ila-kr%C3%AD%C5%BEikmi-Anna-O%C4%8Den%C3%A1%C5%A1ov%C3%A1-1930-2013..jpg?resize=800%2C486&#038;ssl=1\" alt=\"\" class=\"wp-image-12704\" srcset=\"https:\/\/i0.wp.com\/www.atelier-reklama.sk\/blog\/wp-content\/uploads\/2023\/03\/%C5%A0atka-bordov%C3%BD-zamat-Jal%C5%A1ov%C3%ADk-pol.-20.-stor.-vy%C5%A1ila-kr%C3%AD%C5%BEikmi-Anna-O%C4%8Den%C3%A1%C5%A1ov%C3%A1-1930-2013.-scaled.jpg?resize=1024%2C622&amp;ssl=1 1024w, https:\/\/i0.wp.com\/www.atelier-reklama.sk\/blog\/wp-content\/uploads\/2023\/03\/%C5%A0atka-bordov%C3%BD-zamat-Jal%C5%A1ov%C3%ADk-pol.-20.-stor.-vy%C5%A1ila-kr%C3%AD%C5%BEikmi-Anna-O%C4%8Den%C3%A1%C5%A1ov%C3%A1-1930-2013.-scaled.jpg?resize=300%2C182&amp;ssl=1 300w, https:\/\/i0.wp.com\/www.atelier-reklama.sk\/blog\/wp-content\/uploads\/2023\/03\/%C5%A0atka-bordov%C3%BD-zamat-Jal%C5%A1ov%C3%ADk-pol.-20.-stor.-vy%C5%A1ila-kr%C3%AD%C5%BEikmi-Anna-O%C4%8Den%C3%A1%C5%A1ov%C3%A1-1930-2013.-scaled.jpg?resize=768%2C466&amp;ssl=1 768w, https:\/\/i0.wp.com\/www.atelier-reklama.sk\/blog\/wp-content\/uploads\/2023\/03\/%C5%A0atka-bordov%C3%BD-zamat-Jal%C5%A1ov%C3%ADk-pol.-20.-stor.-vy%C5%A1ila-kr%C3%AD%C5%BEikmi-Anna-O%C4%8Den%C3%A1%C5%A1ov%C3%A1-1930-2013.-scaled.jpg?resize=1536%2C933&amp;ssl=1 1536w, https:\/\/i0.wp.com\/www.atelier-reklama.sk\/blog\/wp-content\/uploads\/2023\/03\/%C5%A0atka-bordov%C3%BD-zamat-Jal%C5%A1ov%C3%ADk-pol.-20.-stor.-vy%C5%A1ila-kr%C3%AD%C5%BEikmi-Anna-O%C4%8Den%C3%A1%C5%A1ov%C3%A1-1930-2013.-scaled.jpg?resize=2048%2C1243&amp;ssl=1 2048w, https:\/\/i0.wp.com\/www.atelier-reklama.sk\/blog\/wp-content\/uploads\/2023\/03\/%C5%A0atka-bordov%C3%BD-zamat-Jal%C5%A1ov%C3%ADk-pol.-20.-stor.-vy%C5%A1ila-kr%C3%AD%C5%BEikmi-Anna-O%C4%8Den%C3%A1%C5%A1ov%C3%A1-1930-2013.-scaled.jpg?w=1600&amp;ssl=1 1600w, https:\/\/i0.wp.com\/www.atelier-reklama.sk\/blog\/wp-content\/uploads\/2023\/03\/%C5%A0atka-bordov%C3%BD-zamat-Jal%C5%A1ov%C3%ADk-pol.-20.-stor.-vy%C5%A1ila-kr%C3%AD%C5%BEikmi-Anna-O%C4%8Den%C3%A1%C5%A1ov%C3%A1-1930-2013.-scaled.jpg?w=2400&amp;ssl=1 2400w\" sizes=\"auto, (max-width: 800px) 100vw, 800px\" \/><\/figure>\n\n\n\n<figure class=\"wp-block-image size-large\"><img data-recalc-dims=\"1\" loading=\"lazy\" decoding=\"async\" width=\"800\" height=\"566\" data-attachment-id=\"12764\" data-permalink=\"https:\/\/www.atelier-reklama.sk\/blog\/moj-krekacsky-kroj-a-jeho-prekreslene-vzory-spolu\/6c-satka-jalsovik-pol-20-st-vysila-krivou-ihlou-anna-ocenasova-rod-bartikova-1930-2013\/\" data-orig-file=\"https:\/\/i0.wp.com\/www.atelier-reklama.sk\/blog\/wp-content\/uploads\/2023\/03\/6C-%C5%A0atka-Jal%C5%A1ov%C3%ADk-pol.-20.-st.vy%C5%A1ila-krivou-ihlou-Anna-O%C4%8Den%C3%A1%C5%A1ov%C3%A1-rod.-Bartikov%C3%A1-1930-2013-scaled.jpg?fit=2560%2C1810&amp;ssl=1\" data-orig-size=\"2560,1810\" data-comments-opened=\"1\" data-image-meta=\"{&quot;aperture&quot;:&quot;0&quot;,&quot;credit&quot;:&quot;&quot;,&quot;camera&quot;:&quot;&quot;,&quot;caption&quot;:&quot;&quot;,&quot;created_timestamp&quot;:&quot;0&quot;,&quot;copyright&quot;:&quot;&quot;,&quot;focal_length&quot;:&quot;0&quot;,&quot;iso&quot;:&quot;0&quot;,&quot;shutter_speed&quot;:&quot;0&quot;,&quot;title&quot;:&quot;&quot;,&quot;orientation&quot;:&quot;0&quot;}\" data-image-title=\"6C-\u0160atka-Jal\u0161ov\u00edk-pol.-20.-st.vy\u0161ila-krivou-ihlou-Anna-O\u010den\u00e1\u0161ov\u00e1-rod.-Bartikov\u00e1-1930-2013\" data-image-description=\"\" data-image-caption=\"\" data-medium-file=\"https:\/\/i0.wp.com\/www.atelier-reklama.sk\/blog\/wp-content\/uploads\/2023\/03\/6C-%C5%A0atka-Jal%C5%A1ov%C3%ADk-pol.-20.-st.vy%C5%A1ila-krivou-ihlou-Anna-O%C4%8Den%C3%A1%C5%A1ov%C3%A1-rod.-Bartikov%C3%A1-1930-2013-scaled.jpg?fit=300%2C212&amp;ssl=1\" data-large-file=\"https:\/\/i0.wp.com\/www.atelier-reklama.sk\/blog\/wp-content\/uploads\/2023\/03\/6C-%C5%A0atka-Jal%C5%A1ov%C3%ADk-pol.-20.-st.vy%C5%A1ila-krivou-ihlou-Anna-O%C4%8Den%C3%A1%C5%A1ov%C3%A1-rod.-Bartikov%C3%A1-1930-2013-scaled.jpg?fit=800%2C566&amp;ssl=1\" src=\"https:\/\/i0.wp.com\/www.atelier-reklama.sk\/blog\/wp-content\/uploads\/2023\/03\/6C-%C5%A0atka-Jal%C5%A1ov%C3%ADk-pol.-20.-st.vy%C5%A1ila-krivou-ihlou-Anna-O%C4%8Den%C3%A1%C5%A1ov%C3%A1-rod.-Bartikov%C3%A1-1930-2013.jpg?resize=800%2C566&#038;ssl=1\" alt=\"\" class=\"wp-image-12764\" srcset=\"https:\/\/i0.wp.com\/www.atelier-reklama.sk\/blog\/wp-content\/uploads\/2023\/03\/6C-%C5%A0atka-Jal%C5%A1ov%C3%ADk-pol.-20.-st.vy%C5%A1ila-krivou-ihlou-Anna-O%C4%8Den%C3%A1%C5%A1ov%C3%A1-rod.-Bartikov%C3%A1-1930-2013-scaled.jpg?resize=1024%2C724&amp;ssl=1 1024w, https:\/\/i0.wp.com\/www.atelier-reklama.sk\/blog\/wp-content\/uploads\/2023\/03\/6C-%C5%A0atka-Jal%C5%A1ov%C3%ADk-pol.-20.-st.vy%C5%A1ila-krivou-ihlou-Anna-O%C4%8Den%C3%A1%C5%A1ov%C3%A1-rod.-Bartikov%C3%A1-1930-2013-scaled.jpg?resize=300%2C212&amp;ssl=1 300w, https:\/\/i0.wp.com\/www.atelier-reklama.sk\/blog\/wp-content\/uploads\/2023\/03\/6C-%C5%A0atka-Jal%C5%A1ov%C3%ADk-pol.-20.-st.vy%C5%A1ila-krivou-ihlou-Anna-O%C4%8Den%C3%A1%C5%A1ov%C3%A1-rod.-Bartikov%C3%A1-1930-2013-scaled.jpg?resize=768%2C543&amp;ssl=1 768w, https:\/\/i0.wp.com\/www.atelier-reklama.sk\/blog\/wp-content\/uploads\/2023\/03\/6C-%C5%A0atka-Jal%C5%A1ov%C3%ADk-pol.-20.-st.vy%C5%A1ila-krivou-ihlou-Anna-O%C4%8Den%C3%A1%C5%A1ov%C3%A1-rod.-Bartikov%C3%A1-1930-2013-scaled.jpg?resize=1536%2C1086&amp;ssl=1 1536w, https:\/\/i0.wp.com\/www.atelier-reklama.sk\/blog\/wp-content\/uploads\/2023\/03\/6C-%C5%A0atka-Jal%C5%A1ov%C3%ADk-pol.-20.-st.vy%C5%A1ila-krivou-ihlou-Anna-O%C4%8Den%C3%A1%C5%A1ov%C3%A1-rod.-Bartikov%C3%A1-1930-2013-scaled.jpg?resize=2048%2C1448&amp;ssl=1 2048w, https:\/\/i0.wp.com\/www.atelier-reklama.sk\/blog\/wp-content\/uploads\/2023\/03\/6C-%C5%A0atka-Jal%C5%A1ov%C3%ADk-pol.-20.-st.vy%C5%A1ila-krivou-ihlou-Anna-O%C4%8Den%C3%A1%C5%A1ov%C3%A1-rod.-Bartikov%C3%A1-1930-2013-scaled.jpg?w=1600&amp;ssl=1 1600w, https:\/\/i0.wp.com\/www.atelier-reklama.sk\/blog\/wp-content\/uploads\/2023\/03\/6C-%C5%A0atka-Jal%C5%A1ov%C3%ADk-pol.-20.-st.vy%C5%A1ila-krivou-ihlou-Anna-O%C4%8Den%C3%A1%C5%A1ov%C3%A1-rod.-Bartikov%C3%A1-1930-2013-scaled.jpg?w=2400&amp;ssl=1 2400w\" sizes=\"auto, (max-width: 800px) 100vw, 800px\" \/><\/figure>\n\n\n\n<figure class=\"wp-block-image size-large\"><img data-recalc-dims=\"1\" loading=\"lazy\" decoding=\"async\" width=\"800\" height=\"566\" data-attachment-id=\"12762\" data-permalink=\"https:\/\/www.atelier-reklama.sk\/blog\/moj-krekacsky-kroj-a-jeho-prekreslene-vzory-spolu\/6b-satka-jalsovik-pol-20-st-vysila-krivou-ihlou-anna-ocenasova-rod-bartikova-1930-2013\/\" data-orig-file=\"https:\/\/i0.wp.com\/www.atelier-reklama.sk\/blog\/wp-content\/uploads\/2023\/03\/6B-%C5%A0atka-Jal%C5%A1ov%C3%ADk-pol.-20.-st.vy%C5%A1ila-krivou-ihlou-Anna-O%C4%8Den%C3%A1%C5%A1ov%C3%A1-rod.-Bartikov%C3%A1-1930-2013-scaled.jpg?fit=2560%2C1810&amp;ssl=1\" data-orig-size=\"2560,1810\" data-comments-opened=\"1\" data-image-meta=\"{&quot;aperture&quot;:&quot;0&quot;,&quot;credit&quot;:&quot;&quot;,&quot;camera&quot;:&quot;&quot;,&quot;caption&quot;:&quot;&quot;,&quot;created_timestamp&quot;:&quot;0&quot;,&quot;copyright&quot;:&quot;&quot;,&quot;focal_length&quot;:&quot;0&quot;,&quot;iso&quot;:&quot;0&quot;,&quot;shutter_speed&quot;:&quot;0&quot;,&quot;title&quot;:&quot;&quot;,&quot;orientation&quot;:&quot;0&quot;}\" data-image-title=\"6B-\u0160atka-Jal\u0161ov\u00edk-pol.-20.-st.vy\u0161ila-krivou-ihlou-Anna-O\u010den\u00e1\u0161ov\u00e1-rod.-Bartikov\u00e1-1930-2013\" data-image-description=\"\" data-image-caption=\"\" data-medium-file=\"https:\/\/i0.wp.com\/www.atelier-reklama.sk\/blog\/wp-content\/uploads\/2023\/03\/6B-%C5%A0atka-Jal%C5%A1ov%C3%ADk-pol.-20.-st.vy%C5%A1ila-krivou-ihlou-Anna-O%C4%8Den%C3%A1%C5%A1ov%C3%A1-rod.-Bartikov%C3%A1-1930-2013-scaled.jpg?fit=300%2C212&amp;ssl=1\" data-large-file=\"https:\/\/i0.wp.com\/www.atelier-reklama.sk\/blog\/wp-content\/uploads\/2023\/03\/6B-%C5%A0atka-Jal%C5%A1ov%C3%ADk-pol.-20.-st.vy%C5%A1ila-krivou-ihlou-Anna-O%C4%8Den%C3%A1%C5%A1ov%C3%A1-rod.-Bartikov%C3%A1-1930-2013-scaled.jpg?fit=800%2C566&amp;ssl=1\" src=\"https:\/\/i0.wp.com\/www.atelier-reklama.sk\/blog\/wp-content\/uploads\/2023\/03\/6B-%C5%A0atka-Jal%C5%A1ov%C3%ADk-pol.-20.-st.vy%C5%A1ila-krivou-ihlou-Anna-O%C4%8Den%C3%A1%C5%A1ov%C3%A1-rod.-Bartikov%C3%A1-1930-2013.jpg?resize=800%2C566&#038;ssl=1\" alt=\"\" class=\"wp-image-12762\" srcset=\"https:\/\/i0.wp.com\/www.atelier-reklama.sk\/blog\/wp-content\/uploads\/2023\/03\/6B-%C5%A0atka-Jal%C5%A1ov%C3%ADk-pol.-20.-st.vy%C5%A1ila-krivou-ihlou-Anna-O%C4%8Den%C3%A1%C5%A1ov%C3%A1-rod.-Bartikov%C3%A1-1930-2013-scaled.jpg?resize=1024%2C724&amp;ssl=1 1024w, https:\/\/i0.wp.com\/www.atelier-reklama.sk\/blog\/wp-content\/uploads\/2023\/03\/6B-%C5%A0atka-Jal%C5%A1ov%C3%ADk-pol.-20.-st.vy%C5%A1ila-krivou-ihlou-Anna-O%C4%8Den%C3%A1%C5%A1ov%C3%A1-rod.-Bartikov%C3%A1-1930-2013-scaled.jpg?resize=300%2C212&amp;ssl=1 300w, https:\/\/i0.wp.com\/www.atelier-reklama.sk\/blog\/wp-content\/uploads\/2023\/03\/6B-%C5%A0atka-Jal%C5%A1ov%C3%ADk-pol.-20.-st.vy%C5%A1ila-krivou-ihlou-Anna-O%C4%8Den%C3%A1%C5%A1ov%C3%A1-rod.-Bartikov%C3%A1-1930-2013-scaled.jpg?resize=768%2C543&amp;ssl=1 768w, https:\/\/i0.wp.com\/www.atelier-reklama.sk\/blog\/wp-content\/uploads\/2023\/03\/6B-%C5%A0atka-Jal%C5%A1ov%C3%ADk-pol.-20.-st.vy%C5%A1ila-krivou-ihlou-Anna-O%C4%8Den%C3%A1%C5%A1ov%C3%A1-rod.-Bartikov%C3%A1-1930-2013-scaled.jpg?resize=1536%2C1086&amp;ssl=1 1536w, https:\/\/i0.wp.com\/www.atelier-reklama.sk\/blog\/wp-content\/uploads\/2023\/03\/6B-%C5%A0atka-Jal%C5%A1ov%C3%ADk-pol.-20.-st.vy%C5%A1ila-krivou-ihlou-Anna-O%C4%8Den%C3%A1%C5%A1ov%C3%A1-rod.-Bartikov%C3%A1-1930-2013-scaled.jpg?resize=2048%2C1448&amp;ssl=1 2048w, https:\/\/i0.wp.com\/www.atelier-reklama.sk\/blog\/wp-content\/uploads\/2023\/03\/6B-%C5%A0atka-Jal%C5%A1ov%C3%ADk-pol.-20.-st.vy%C5%A1ila-krivou-ihlou-Anna-O%C4%8Den%C3%A1%C5%A1ov%C3%A1-rod.-Bartikov%C3%A1-1930-2013-scaled.jpg?w=1600&amp;ssl=1 1600w, https:\/\/i0.wp.com\/www.atelier-reklama.sk\/blog\/wp-content\/uploads\/2023\/03\/6B-%C5%A0atka-Jal%C5%A1ov%C3%ADk-pol.-20.-st.vy%C5%A1ila-krivou-ihlou-Anna-O%C4%8Den%C3%A1%C5%A1ov%C3%A1-rod.-Bartikov%C3%A1-1930-2013-scaled.jpg?w=2400&amp;ssl=1 2400w\" sizes=\"auto, (max-width: 800px) 100vw, 800px\" \/><\/figure>\n\n\n\n<figure class=\"wp-block-image size-large\"><img data-recalc-dims=\"1\" loading=\"lazy\" decoding=\"async\" width=\"800\" height=\"297\" data-attachment-id=\"12706\" data-permalink=\"https:\/\/www.atelier-reklama.sk\/blog\/moj-krekacsky-kroj-a-jeho-prekreslene-vzory-spolu\/satka-kvety-v-oblukoch-bordovy-zamat-jalsovik-pol-20-stor-vysila-krizikmi-anna-ocenasova-1930-2013\/\" data-orig-file=\"https:\/\/i0.wp.com\/www.atelier-reklama.sk\/blog\/wp-content\/uploads\/2023\/03\/%C5%A0atka-kvety-v-obl%C3%BAkoch-bordov%C3%BD-zamat-Jal%C5%A1ov%C3%ADk-pol.-20.-stor.-vy%C5%A1ila-kr%C3%AD%C5%BEikmi-Anna-O%C4%8Den%C3%A1%C5%A1ov%C3%A1-1930-2013-scaled.jpg?fit=2560%2C951&amp;ssl=1\" data-orig-size=\"2560,951\" data-comments-opened=\"1\" data-image-meta=\"{&quot;aperture&quot;:&quot;2&quot;,&quot;credit&quot;:&quot;&quot;,&quot;camera&quot;:&quot;SM-A125F&quot;,&quot;caption&quot;:&quot;&quot;,&quot;created_timestamp&quot;:&quot;1678100809&quot;,&quot;copyright&quot;:&quot;&quot;,&quot;focal_length&quot;:&quot;4.6&quot;,&quot;iso&quot;:&quot;50&quot;,&quot;shutter_speed&quot;:&quot;0.02&quot;,&quot;title&quot;:&quot;&quot;,&quot;orientation&quot;:&quot;1&quot;}\" data-image-title=\"\u0160atka-kvety-v-obl\u00fakoch-bordov\u00fd-zamat-Jal\u0161ov\u00edk-pol.-20.-stor.-vy\u0161ila-kr\u00ed\u017eikmi-Anna-O\u010den\u00e1\u0161ov\u00e1-1930-2013\" data-image-description=\"\" data-image-caption=\"\" data-medium-file=\"https:\/\/i0.wp.com\/www.atelier-reklama.sk\/blog\/wp-content\/uploads\/2023\/03\/%C5%A0atka-kvety-v-obl%C3%BAkoch-bordov%C3%BD-zamat-Jal%C5%A1ov%C3%ADk-pol.-20.-stor.-vy%C5%A1ila-kr%C3%AD%C5%BEikmi-Anna-O%C4%8Den%C3%A1%C5%A1ov%C3%A1-1930-2013-scaled.jpg?fit=300%2C111&amp;ssl=1\" data-large-file=\"https:\/\/i0.wp.com\/www.atelier-reklama.sk\/blog\/wp-content\/uploads\/2023\/03\/%C5%A0atka-kvety-v-obl%C3%BAkoch-bordov%C3%BD-zamat-Jal%C5%A1ov%C3%ADk-pol.-20.-stor.-vy%C5%A1ila-kr%C3%AD%C5%BEikmi-Anna-O%C4%8Den%C3%A1%C5%A1ov%C3%A1-1930-2013-scaled.jpg?fit=800%2C297&amp;ssl=1\" src=\"https:\/\/i0.wp.com\/www.atelier-reklama.sk\/blog\/wp-content\/uploads\/2023\/03\/%C5%A0atka-kvety-v-obl%C3%BAkoch-bordov%C3%BD-zamat-Jal%C5%A1ov%C3%ADk-pol.-20.-stor.-vy%C5%A1ila-kr%C3%AD%C5%BEikmi-Anna-O%C4%8Den%C3%A1%C5%A1ov%C3%A1-1930-2013.jpg?resize=800%2C297&#038;ssl=1\" alt=\"\" class=\"wp-image-12706\" srcset=\"https:\/\/i0.wp.com\/www.atelier-reklama.sk\/blog\/wp-content\/uploads\/2023\/03\/%C5%A0atka-kvety-v-obl%C3%BAkoch-bordov%C3%BD-zamat-Jal%C5%A1ov%C3%ADk-pol.-20.-stor.-vy%C5%A1ila-kr%C3%AD%C5%BEikmi-Anna-O%C4%8Den%C3%A1%C5%A1ov%C3%A1-1930-2013-scaled.jpg?resize=1024%2C380&amp;ssl=1 1024w, https:\/\/i0.wp.com\/www.atelier-reklama.sk\/blog\/wp-content\/uploads\/2023\/03\/%C5%A0atka-kvety-v-obl%C3%BAkoch-bordov%C3%BD-zamat-Jal%C5%A1ov%C3%ADk-pol.-20.-stor.-vy%C5%A1ila-kr%C3%AD%C5%BEikmi-Anna-O%C4%8Den%C3%A1%C5%A1ov%C3%A1-1930-2013-scaled.jpg?resize=300%2C111&amp;ssl=1 300w, https:\/\/i0.wp.com\/www.atelier-reklama.sk\/blog\/wp-content\/uploads\/2023\/03\/%C5%A0atka-kvety-v-obl%C3%BAkoch-bordov%C3%BD-zamat-Jal%C5%A1ov%C3%ADk-pol.-20.-stor.-vy%C5%A1ila-kr%C3%AD%C5%BEikmi-Anna-O%C4%8Den%C3%A1%C5%A1ov%C3%A1-1930-2013-scaled.jpg?resize=768%2C285&amp;ssl=1 768w, https:\/\/i0.wp.com\/www.atelier-reklama.sk\/blog\/wp-content\/uploads\/2023\/03\/%C5%A0atka-kvety-v-obl%C3%BAkoch-bordov%C3%BD-zamat-Jal%C5%A1ov%C3%ADk-pol.-20.-stor.-vy%C5%A1ila-kr%C3%AD%C5%BEikmi-Anna-O%C4%8Den%C3%A1%C5%A1ov%C3%A1-1930-2013-scaled.jpg?resize=1536%2C571&amp;ssl=1 1536w, https:\/\/i0.wp.com\/www.atelier-reklama.sk\/blog\/wp-content\/uploads\/2023\/03\/%C5%A0atka-kvety-v-obl%C3%BAkoch-bordov%C3%BD-zamat-Jal%C5%A1ov%C3%ADk-pol.-20.-stor.-vy%C5%A1ila-kr%C3%AD%C5%BEikmi-Anna-O%C4%8Den%C3%A1%C5%A1ov%C3%A1-1930-2013-scaled.jpg?resize=2048%2C761&amp;ssl=1 2048w, https:\/\/i0.wp.com\/www.atelier-reklama.sk\/blog\/wp-content\/uploads\/2023\/03\/%C5%A0atka-kvety-v-obl%C3%BAkoch-bordov%C3%BD-zamat-Jal%C5%A1ov%C3%ADk-pol.-20.-stor.-vy%C5%A1ila-kr%C3%AD%C5%BEikmi-Anna-O%C4%8Den%C3%A1%C5%A1ov%C3%A1-1930-2013-scaled.jpg?w=1600&amp;ssl=1 1600w, https:\/\/i0.wp.com\/www.atelier-reklama.sk\/blog\/wp-content\/uploads\/2023\/03\/%C5%A0atka-kvety-v-obl%C3%BAkoch-bordov%C3%BD-zamat-Jal%C5%A1ov%C3%ADk-pol.-20.-stor.-vy%C5%A1ila-kr%C3%AD%C5%BEikmi-Anna-O%C4%8Den%C3%A1%C5%A1ov%C3%A1-1930-2013-scaled.jpg?w=2400&amp;ssl=1 2400w\" sizes=\"auto, (max-width: 800px) 100vw, 800px\" \/><\/figure>\n\n\n\n<figure class=\"wp-block-image size-large\"><img data-recalc-dims=\"1\" loading=\"lazy\" decoding=\"async\" width=\"412\" height=\"1024\" data-attachment-id=\"12707\" data-permalink=\"https:\/\/www.atelier-reklama.sk\/blog\/moj-krekacsky-kroj-a-jeho-prekreslene-vzory-spolu\/satka-lavy-okraj-bordovy-zamat-jalsovik-pol-20-stor-vysila-krizikmi-anna-ocenasova-1930-2013\/\" data-orig-file=\"https:\/\/i0.wp.com\/www.atelier-reklama.sk\/blog\/wp-content\/uploads\/2023\/03\/%C5%A0atka-%C4%BEav%C3%BD-okraj-bordov%C3%BD-zamat-Jal%C5%A1ov%C3%ADk-pol.-20.-stor.-vy%C5%A1ila-kr%C3%AD%C5%BEikmi-Anna-O%C4%8Den%C3%A1%C5%A1ov%C3%A1-1930-2013-scaled.jpg?fit=1030%2C2560&amp;ssl=1\" data-orig-size=\"1030,2560\" data-comments-opened=\"1\" data-image-meta=\"{&quot;aperture&quot;:&quot;2&quot;,&quot;credit&quot;:&quot;&quot;,&quot;camera&quot;:&quot;SM-A125F&quot;,&quot;caption&quot;:&quot;&quot;,&quot;created_timestamp&quot;:&quot;1678100815&quot;,&quot;copyright&quot;:&quot;&quot;,&quot;focal_length&quot;:&quot;4.6&quot;,&quot;iso&quot;:&quot;50&quot;,&quot;shutter_speed&quot;:&quot;0.02&quot;,&quot;title&quot;:&quot;&quot;,&quot;orientation&quot;:&quot;1&quot;}\" data-image-title=\"\u0160atka-\u013eav\u00fd-okraj-bordov\u00fd-zamat-Jal\u0161ov\u00edk-pol.-20.-stor.-vy\u0161ila-kr\u00ed\u017eikmi-Anna-O\u010den\u00e1\u0161ov\u00e1-1930-2013\" data-image-description=\"\" data-image-caption=\"\" data-medium-file=\"https:\/\/i0.wp.com\/www.atelier-reklama.sk\/blog\/wp-content\/uploads\/2023\/03\/%C5%A0atka-%C4%BEav%C3%BD-okraj-bordov%C3%BD-zamat-Jal%C5%A1ov%C3%ADk-pol.-20.-stor.-vy%C5%A1ila-kr%C3%AD%C5%BEikmi-Anna-O%C4%8Den%C3%A1%C5%A1ov%C3%A1-1930-2013-scaled.jpg?fit=121%2C300&amp;ssl=1\" data-large-file=\"https:\/\/i0.wp.com\/www.atelier-reklama.sk\/blog\/wp-content\/uploads\/2023\/03\/%C5%A0atka-%C4%BEav%C3%BD-okraj-bordov%C3%BD-zamat-Jal%C5%A1ov%C3%ADk-pol.-20.-stor.-vy%C5%A1ila-kr%C3%AD%C5%BEikmi-Anna-O%C4%8Den%C3%A1%C5%A1ov%C3%A1-1930-2013-scaled.jpg?fit=412%2C1024&amp;ssl=1\" src=\"https:\/\/i0.wp.com\/www.atelier-reklama.sk\/blog\/wp-content\/uploads\/2023\/03\/%C5%A0atka-%C4%BEav%C3%BD-okraj-bordov%C3%BD-zamat-Jal%C5%A1ov%C3%ADk-pol.-20.-stor.-vy%C5%A1ila-kr%C3%AD%C5%BEikmi-Anna-O%C4%8Den%C3%A1%C5%A1ov%C3%A1-1930-2013.jpg?resize=412%2C1024&#038;ssl=1\" alt=\"\" class=\"wp-image-12707\" srcset=\"https:\/\/i0.wp.com\/www.atelier-reklama.sk\/blog\/wp-content\/uploads\/2023\/03\/%C5%A0atka-%C4%BEav%C3%BD-okraj-bordov%C3%BD-zamat-Jal%C5%A1ov%C3%ADk-pol.-20.-stor.-vy%C5%A1ila-kr%C3%AD%C5%BEikmi-Anna-O%C4%8Den%C3%A1%C5%A1ov%C3%A1-1930-2013-scaled.jpg?resize=412%2C1024&amp;ssl=1 412w, https:\/\/i0.wp.com\/www.atelier-reklama.sk\/blog\/wp-content\/uploads\/2023\/03\/%C5%A0atka-%C4%BEav%C3%BD-okraj-bordov%C3%BD-zamat-Jal%C5%A1ov%C3%ADk-pol.-20.-stor.-vy%C5%A1ila-kr%C3%AD%C5%BEikmi-Anna-O%C4%8Den%C3%A1%C5%A1ov%C3%A1-1930-2013-scaled.jpg?resize=121%2C300&amp;ssl=1 121w, https:\/\/i0.wp.com\/www.atelier-reklama.sk\/blog\/wp-content\/uploads\/2023\/03\/%C5%A0atka-%C4%BEav%C3%BD-okraj-bordov%C3%BD-zamat-Jal%C5%A1ov%C3%ADk-pol.-20.-stor.-vy%C5%A1ila-kr%C3%AD%C5%BEikmi-Anna-O%C4%8Den%C3%A1%C5%A1ov%C3%A1-1930-2013-scaled.jpg?resize=768%2C1908&amp;ssl=1 768w, https:\/\/i0.wp.com\/www.atelier-reklama.sk\/blog\/wp-content\/uploads\/2023\/03\/%C5%A0atka-%C4%BEav%C3%BD-okraj-bordov%C3%BD-zamat-Jal%C5%A1ov%C3%ADk-pol.-20.-stor.-vy%C5%A1ila-kr%C3%AD%C5%BEikmi-Anna-O%C4%8Den%C3%A1%C5%A1ov%C3%A1-1930-2013-scaled.jpg?resize=618%2C1536&amp;ssl=1 618w, https:\/\/i0.wp.com\/www.atelier-reklama.sk\/blog\/wp-content\/uploads\/2023\/03\/%C5%A0atka-%C4%BEav%C3%BD-okraj-bordov%C3%BD-zamat-Jal%C5%A1ov%C3%ADk-pol.-20.-stor.-vy%C5%A1ila-kr%C3%AD%C5%BEikmi-Anna-O%C4%8Den%C3%A1%C5%A1ov%C3%A1-1930-2013-scaled.jpg?resize=824%2C2048&amp;ssl=1 824w, https:\/\/i0.wp.com\/www.atelier-reklama.sk\/blog\/wp-content\/uploads\/2023\/03\/%C5%A0atka-%C4%BEav%C3%BD-okraj-bordov%C3%BD-zamat-Jal%C5%A1ov%C3%ADk-pol.-20.-stor.-vy%C5%A1ila-kr%C3%AD%C5%BEikmi-Anna-O%C4%8Den%C3%A1%C5%A1ov%C3%A1-1930-2013-scaled.jpg?w=1030&amp;ssl=1 1030w\" sizes=\"auto, (max-width: 412px) 100vw, 412px\" \/><\/figure>\n\n\n\n<figure class=\"wp-block-image size-large\"><img data-recalc-dims=\"1\" loading=\"lazy\" decoding=\"async\" width=\"613\" height=\"1024\" data-attachment-id=\"12708\" data-permalink=\"https:\/\/www.atelier-reklama.sk\/blog\/moj-krekacsky-kroj-a-jeho-prekreslene-vzory-spolu\/satka-pravy-okraj-bordovy-zamat-jalsovik-pol-20-stor-vysila-krizikmi-anna-ocenasova-1930-2013\/\" data-orig-file=\"https:\/\/i0.wp.com\/www.atelier-reklama.sk\/blog\/wp-content\/uploads\/2023\/03\/%C5%A0atka-prav%C3%BD-okraj-bordov%C3%BD-zamat-Jal%C5%A1ov%C3%ADk-pol.-20.-stor.-vy%C5%A1ila-kr%C3%AD%C5%BEikmi-Anna-O%C4%8Den%C3%A1%C5%A1ov%C3%A1-1930-2013-scaled.jpg?fit=1533%2C2560&amp;ssl=1\" data-orig-size=\"1533,2560\" data-comments-opened=\"1\" data-image-meta=\"{&quot;aperture&quot;:&quot;2&quot;,&quot;credit&quot;:&quot;&quot;,&quot;camera&quot;:&quot;SM-A125F&quot;,&quot;caption&quot;:&quot;&quot;,&quot;created_timestamp&quot;:&quot;1678100819&quot;,&quot;copyright&quot;:&quot;&quot;,&quot;focal_length&quot;:&quot;4.6&quot;,&quot;iso&quot;:&quot;40&quot;,&quot;shutter_speed&quot;:&quot;0.02&quot;,&quot;title&quot;:&quot;&quot;,&quot;orientation&quot;:&quot;1&quot;}\" data-image-title=\"\u0160atka-prav\u00fd-okraj-bordov\u00fd-zamat-Jal\u0161ov\u00edk-pol.-20.-stor.-vy\u0161ila-kr\u00ed\u017eikmi-Anna-O\u010den\u00e1\u0161ov\u00e1-1930-2013\" data-image-description=\"\" data-image-caption=\"\" data-medium-file=\"https:\/\/i0.wp.com\/www.atelier-reklama.sk\/blog\/wp-content\/uploads\/2023\/03\/%C5%A0atka-prav%C3%BD-okraj-bordov%C3%BD-zamat-Jal%C5%A1ov%C3%ADk-pol.-20.-stor.-vy%C5%A1ila-kr%C3%AD%C5%BEikmi-Anna-O%C4%8Den%C3%A1%C5%A1ov%C3%A1-1930-2013-scaled.jpg?fit=180%2C300&amp;ssl=1\" data-large-file=\"https:\/\/i0.wp.com\/www.atelier-reklama.sk\/blog\/wp-content\/uploads\/2023\/03\/%C5%A0atka-prav%C3%BD-okraj-bordov%C3%BD-zamat-Jal%C5%A1ov%C3%ADk-pol.-20.-stor.-vy%C5%A1ila-kr%C3%AD%C5%BEikmi-Anna-O%C4%8Den%C3%A1%C5%A1ov%C3%A1-1930-2013-scaled.jpg?fit=613%2C1024&amp;ssl=1\" src=\"https:\/\/i0.wp.com\/www.atelier-reklama.sk\/blog\/wp-content\/uploads\/2023\/03\/%C5%A0atka-prav%C3%BD-okraj-bordov%C3%BD-zamat-Jal%C5%A1ov%C3%ADk-pol.-20.-stor.-vy%C5%A1ila-kr%C3%AD%C5%BEikmi-Anna-O%C4%8Den%C3%A1%C5%A1ov%C3%A1-1930-2013.jpg?resize=613%2C1024&#038;ssl=1\" alt=\"\" class=\"wp-image-12708\" srcset=\"https:\/\/i0.wp.com\/www.atelier-reklama.sk\/blog\/wp-content\/uploads\/2023\/03\/%C5%A0atka-prav%C3%BD-okraj-bordov%C3%BD-zamat-Jal%C5%A1ov%C3%ADk-pol.-20.-stor.-vy%C5%A1ila-kr%C3%AD%C5%BEikmi-Anna-O%C4%8Den%C3%A1%C5%A1ov%C3%A1-1930-2013-scaled.jpg?resize=613%2C1024&amp;ssl=1 613w, https:\/\/i0.wp.com\/www.atelier-reklama.sk\/blog\/wp-content\/uploads\/2023\/03\/%C5%A0atka-prav%C3%BD-okraj-bordov%C3%BD-zamat-Jal%C5%A1ov%C3%ADk-pol.-20.-stor.-vy%C5%A1ila-kr%C3%AD%C5%BEikmi-Anna-O%C4%8Den%C3%A1%C5%A1ov%C3%A1-1930-2013-scaled.jpg?resize=180%2C300&amp;ssl=1 180w, https:\/\/i0.wp.com\/www.atelier-reklama.sk\/blog\/wp-content\/uploads\/2023\/03\/%C5%A0atka-prav%C3%BD-okraj-bordov%C3%BD-zamat-Jal%C5%A1ov%C3%ADk-pol.-20.-stor.-vy%C5%A1ila-kr%C3%AD%C5%BEikmi-Anna-O%C4%8Den%C3%A1%C5%A1ov%C3%A1-1930-2013-scaled.jpg?resize=768%2C1283&amp;ssl=1 768w, https:\/\/i0.wp.com\/www.atelier-reklama.sk\/blog\/wp-content\/uploads\/2023\/03\/%C5%A0atka-prav%C3%BD-okraj-bordov%C3%BD-zamat-Jal%C5%A1ov%C3%ADk-pol.-20.-stor.-vy%C5%A1ila-kr%C3%AD%C5%BEikmi-Anna-O%C4%8Den%C3%A1%C5%A1ov%C3%A1-1930-2013-scaled.jpg?resize=920%2C1536&amp;ssl=1 920w, https:\/\/i0.wp.com\/www.atelier-reklama.sk\/blog\/wp-content\/uploads\/2023\/03\/%C5%A0atka-prav%C3%BD-okraj-bordov%C3%BD-zamat-Jal%C5%A1ov%C3%ADk-pol.-20.-stor.-vy%C5%A1ila-kr%C3%AD%C5%BEikmi-Anna-O%C4%8Den%C3%A1%C5%A1ov%C3%A1-1930-2013-scaled.jpg?resize=1226%2C2048&amp;ssl=1 1226w, https:\/\/i0.wp.com\/www.atelier-reklama.sk\/blog\/wp-content\/uploads\/2023\/03\/%C5%A0atka-prav%C3%BD-okraj-bordov%C3%BD-zamat-Jal%C5%A1ov%C3%ADk-pol.-20.-stor.-vy%C5%A1ila-kr%C3%AD%C5%BEikmi-Anna-O%C4%8Den%C3%A1%C5%A1ov%C3%A1-1930-2013-scaled.jpg?w=1533&amp;ssl=1 1533w\" sizes=\"auto, (max-width: 613px) 100vw, 613px\" \/><\/figure>\n\n\n\n<p class=\"has-text-align-center\">\u0160atka, zelen\u00fd zamat, Jal\u0161ov\u00edk, pol. 20. stor., hladkovanie,  kriv\u00e1 ihla, vy\u0161ila Anna O\u010den\u00e1\u0161ov\u00e1, rod. Bartikov\u00e1 (1930-2013)<\/p>\n\n\n\n<figure class=\"wp-block-image size-large\"><img data-recalc-dims=\"1\" loading=\"lazy\" decoding=\"async\" width=\"800\" height=\"770\" data-attachment-id=\"12710\" data-permalink=\"https:\/\/www.atelier-reklama.sk\/blog\/moj-krekacsky-kroj-a-jeho-prekreslene-vzory-spolu\/satka-zeleny-zamatcela-jalsovik-pol-20-stor-vysila-krivou-ihlou-anna-ocenasova-1930-2013\/\" data-orig-file=\"https:\/\/i0.wp.com\/www.atelier-reklama.sk\/blog\/wp-content\/uploads\/2023\/03\/%C5%A0atka-zelen%C3%BD-zamatcel%C3%A1-Jal%C5%A1ov%C3%ADk-pol.-20.-stor.-vy%C5%A1ila-krivou-ihlou-Anna-O%C4%8Den%C3%A1%C5%A1ov%C3%A1-1930-2013-scaled.jpg?fit=2560%2C2465&amp;ssl=1\" data-orig-size=\"2560,2465\" data-comments-opened=\"1\" data-image-meta=\"{&quot;aperture&quot;:&quot;2&quot;,&quot;credit&quot;:&quot;&quot;,&quot;camera&quot;:&quot;SM-A125F&quot;,&quot;caption&quot;:&quot;&quot;,&quot;created_timestamp&quot;:&quot;1678100533&quot;,&quot;copyright&quot;:&quot;&quot;,&quot;focal_length&quot;:&quot;4.6&quot;,&quot;iso&quot;:&quot;50&quot;,&quot;shutter_speed&quot;:&quot;0.01&quot;,&quot;title&quot;:&quot;&quot;,&quot;orientation&quot;:&quot;1&quot;}\" data-image-title=\"\u0160atka-zelen\u00fd-zamatcel\u00e1-Jal\u0161ov\u00edk-pol.-20.-stor.-vy\u0161ila-krivou-ihlou-Anna-O\u010den\u00e1\u0161ov\u00e1-1930-2013\" data-image-description=\"\" data-image-caption=\"\" data-medium-file=\"https:\/\/i0.wp.com\/www.atelier-reklama.sk\/blog\/wp-content\/uploads\/2023\/03\/%C5%A0atka-zelen%C3%BD-zamatcel%C3%A1-Jal%C5%A1ov%C3%ADk-pol.-20.-stor.-vy%C5%A1ila-krivou-ihlou-Anna-O%C4%8Den%C3%A1%C5%A1ov%C3%A1-1930-2013-scaled.jpg?fit=300%2C289&amp;ssl=1\" data-large-file=\"https:\/\/i0.wp.com\/www.atelier-reklama.sk\/blog\/wp-content\/uploads\/2023\/03\/%C5%A0atka-zelen%C3%BD-zamatcel%C3%A1-Jal%C5%A1ov%C3%ADk-pol.-20.-stor.-vy%C5%A1ila-krivou-ihlou-Anna-O%C4%8Den%C3%A1%C5%A1ov%C3%A1-1930-2013-scaled.jpg?fit=800%2C770&amp;ssl=1\" src=\"https:\/\/i0.wp.com\/www.atelier-reklama.sk\/blog\/wp-content\/uploads\/2023\/03\/%C5%A0atka-zelen%C3%BD-zamatcel%C3%A1-Jal%C5%A1ov%C3%ADk-pol.-20.-stor.-vy%C5%A1ila-krivou-ihlou-Anna-O%C4%8Den%C3%A1%C5%A1ov%C3%A1-1930-2013.jpg?resize=800%2C770&#038;ssl=1\" alt=\"\" class=\"wp-image-12710\" srcset=\"https:\/\/i0.wp.com\/www.atelier-reklama.sk\/blog\/wp-content\/uploads\/2023\/03\/%C5%A0atka-zelen%C3%BD-zamatcel%C3%A1-Jal%C5%A1ov%C3%ADk-pol.-20.-stor.-vy%C5%A1ila-krivou-ihlou-Anna-O%C4%8Den%C3%A1%C5%A1ov%C3%A1-1930-2013-scaled.jpg?resize=1024%2C986&amp;ssl=1 1024w, https:\/\/i0.wp.com\/www.atelier-reklama.sk\/blog\/wp-content\/uploads\/2023\/03\/%C5%A0atka-zelen%C3%BD-zamatcel%C3%A1-Jal%C5%A1ov%C3%ADk-pol.-20.-stor.-vy%C5%A1ila-krivou-ihlou-Anna-O%C4%8Den%C3%A1%C5%A1ov%C3%A1-1930-2013-scaled.jpg?resize=300%2C289&amp;ssl=1 300w, https:\/\/i0.wp.com\/www.atelier-reklama.sk\/blog\/wp-content\/uploads\/2023\/03\/%C5%A0atka-zelen%C3%BD-zamatcel%C3%A1-Jal%C5%A1ov%C3%ADk-pol.-20.-stor.-vy%C5%A1ila-krivou-ihlou-Anna-O%C4%8Den%C3%A1%C5%A1ov%C3%A1-1930-2013-scaled.jpg?resize=768%2C739&amp;ssl=1 768w, https:\/\/i0.wp.com\/www.atelier-reklama.sk\/blog\/wp-content\/uploads\/2023\/03\/%C5%A0atka-zelen%C3%BD-zamatcel%C3%A1-Jal%C5%A1ov%C3%ADk-pol.-20.-stor.-vy%C5%A1ila-krivou-ihlou-Anna-O%C4%8Den%C3%A1%C5%A1ov%C3%A1-1930-2013-scaled.jpg?resize=1536%2C1479&amp;ssl=1 1536w, https:\/\/i0.wp.com\/www.atelier-reklama.sk\/blog\/wp-content\/uploads\/2023\/03\/%C5%A0atka-zelen%C3%BD-zamatcel%C3%A1-Jal%C5%A1ov%C3%ADk-pol.-20.-stor.-vy%C5%A1ila-krivou-ihlou-Anna-O%C4%8Den%C3%A1%C5%A1ov%C3%A1-1930-2013-scaled.jpg?resize=2048%2C1972&amp;ssl=1 2048w, https:\/\/i0.wp.com\/www.atelier-reklama.sk\/blog\/wp-content\/uploads\/2023\/03\/%C5%A0atka-zelen%C3%BD-zamatcel%C3%A1-Jal%C5%A1ov%C3%ADk-pol.-20.-stor.-vy%C5%A1ila-krivou-ihlou-Anna-O%C4%8Den%C3%A1%C5%A1ov%C3%A1-1930-2013-scaled.jpg?w=1600&amp;ssl=1 1600w, https:\/\/i0.wp.com\/www.atelier-reklama.sk\/blog\/wp-content\/uploads\/2023\/03\/%C5%A0atka-zelen%C3%BD-zamatcel%C3%A1-Jal%C5%A1ov%C3%ADk-pol.-20.-stor.-vy%C5%A1ila-krivou-ihlou-Anna-O%C4%8Den%C3%A1%C5%A1ov%C3%A1-1930-2013-scaled.jpg?w=2400&amp;ssl=1 2400w\" sizes=\"auto, (max-width: 800px) 100vw, 800px\" \/><\/figure>\n\n\n\n<figure class=\"wp-block-image size-large\"><img data-recalc-dims=\"1\" loading=\"lazy\" decoding=\"async\" width=\"724\" height=\"1024\" data-attachment-id=\"12766\" data-permalink=\"https:\/\/www.atelier-reklama.sk\/blog\/moj-krekacsky-kroj-a-jeho-prekreslene-vzory-spolu\/7a-satka-jalsovik-pol-20-st-vysila-krivou-ihlou-anna-ocenasova-rod-bartikova-1930-2013\/\" data-orig-file=\"https:\/\/i0.wp.com\/www.atelier-reklama.sk\/blog\/wp-content\/uploads\/2023\/03\/7A-%C5%A0atka-Jal%C5%A1ov%C3%ADk-pol.-20.-st.vy%C5%A1ila-krivou-ihlou-Anna-O%C4%8Den%C3%A1%C5%A1ov%C3%A1-rod.-Bartikov%C3%A1-1930-2013-scaled.jpg?fit=1810%2C2560&amp;ssl=1\" data-orig-size=\"1810,2560\" data-comments-opened=\"1\" data-image-meta=\"{&quot;aperture&quot;:&quot;0&quot;,&quot;credit&quot;:&quot;&quot;,&quot;camera&quot;:&quot;&quot;,&quot;caption&quot;:&quot;&quot;,&quot;created_timestamp&quot;:&quot;0&quot;,&quot;copyright&quot;:&quot;&quot;,&quot;focal_length&quot;:&quot;0&quot;,&quot;iso&quot;:&quot;0&quot;,&quot;shutter_speed&quot;:&quot;0&quot;,&quot;title&quot;:&quot;&quot;,&quot;orientation&quot;:&quot;1&quot;}\" data-image-title=\"7A-\u0160atka-Jal\u0161ov\u00edk-pol.-20.-st.vy\u0161ila-krivou-ihlou-Anna-O\u010den\u00e1\u0161ov\u00e1-rod.-Bartikov\u00e1-1930-2013\" data-image-description=\"\" data-image-caption=\"\" data-medium-file=\"https:\/\/i0.wp.com\/www.atelier-reklama.sk\/blog\/wp-content\/uploads\/2023\/03\/7A-%C5%A0atka-Jal%C5%A1ov%C3%ADk-pol.-20.-st.vy%C5%A1ila-krivou-ihlou-Anna-O%C4%8Den%C3%A1%C5%A1ov%C3%A1-rod.-Bartikov%C3%A1-1930-2013-scaled.jpg?fit=212%2C300&amp;ssl=1\" data-large-file=\"https:\/\/i0.wp.com\/www.atelier-reklama.sk\/blog\/wp-content\/uploads\/2023\/03\/7A-%C5%A0atka-Jal%C5%A1ov%C3%ADk-pol.-20.-st.vy%C5%A1ila-krivou-ihlou-Anna-O%C4%8Den%C3%A1%C5%A1ov%C3%A1-rod.-Bartikov%C3%A1-1930-2013-scaled.jpg?fit=724%2C1024&amp;ssl=1\" src=\"https:\/\/i0.wp.com\/www.atelier-reklama.sk\/blog\/wp-content\/uploads\/2023\/03\/7A-%C5%A0atka-Jal%C5%A1ov%C3%ADk-pol.-20.-st.vy%C5%A1ila-krivou-ihlou-Anna-O%C4%8Den%C3%A1%C5%A1ov%C3%A1-rod.-Bartikov%C3%A1-1930-2013.jpg?resize=724%2C1024&#038;ssl=1\" alt=\"\" class=\"wp-image-12766\" srcset=\"https:\/\/i0.wp.com\/www.atelier-reklama.sk\/blog\/wp-content\/uploads\/2023\/03\/7A-%C5%A0atka-Jal%C5%A1ov%C3%ADk-pol.-20.-st.vy%C5%A1ila-krivou-ihlou-Anna-O%C4%8Den%C3%A1%C5%A1ov%C3%A1-rod.-Bartikov%C3%A1-1930-2013-scaled.jpg?resize=724%2C1024&amp;ssl=1 724w, https:\/\/i0.wp.com\/www.atelier-reklama.sk\/blog\/wp-content\/uploads\/2023\/03\/7A-%C5%A0atka-Jal%C5%A1ov%C3%ADk-pol.-20.-st.vy%C5%A1ila-krivou-ihlou-Anna-O%C4%8Den%C3%A1%C5%A1ov%C3%A1-rod.-Bartikov%C3%A1-1930-2013-scaled.jpg?resize=212%2C300&amp;ssl=1 212w, https:\/\/i0.wp.com\/www.atelier-reklama.sk\/blog\/wp-content\/uploads\/2023\/03\/7A-%C5%A0atka-Jal%C5%A1ov%C3%ADk-pol.-20.-st.vy%C5%A1ila-krivou-ihlou-Anna-O%C4%8Den%C3%A1%C5%A1ov%C3%A1-rod.-Bartikov%C3%A1-1930-2013-scaled.jpg?resize=768%2C1086&amp;ssl=1 768w, https:\/\/i0.wp.com\/www.atelier-reklama.sk\/blog\/wp-content\/uploads\/2023\/03\/7A-%C5%A0atka-Jal%C5%A1ov%C3%ADk-pol.-20.-st.vy%C5%A1ila-krivou-ihlou-Anna-O%C4%8Den%C3%A1%C5%A1ov%C3%A1-rod.-Bartikov%C3%A1-1930-2013-scaled.jpg?resize=1086%2C1536&amp;ssl=1 1086w, https:\/\/i0.wp.com\/www.atelier-reklama.sk\/blog\/wp-content\/uploads\/2023\/03\/7A-%C5%A0atka-Jal%C5%A1ov%C3%ADk-pol.-20.-st.vy%C5%A1ila-krivou-ihlou-Anna-O%C4%8Den%C3%A1%C5%A1ov%C3%A1-rod.-Bartikov%C3%A1-1930-2013-scaled.jpg?resize=1448%2C2048&amp;ssl=1 1448w, https:\/\/i0.wp.com\/www.atelier-reklama.sk\/blog\/wp-content\/uploads\/2023\/03\/7A-%C5%A0atka-Jal%C5%A1ov%C3%ADk-pol.-20.-st.vy%C5%A1ila-krivou-ihlou-Anna-O%C4%8Den%C3%A1%C5%A1ov%C3%A1-rod.-Bartikov%C3%A1-1930-2013-scaled.jpg?w=1810&amp;ssl=1 1810w, https:\/\/i0.wp.com\/www.atelier-reklama.sk\/blog\/wp-content\/uploads\/2023\/03\/7A-%C5%A0atka-Jal%C5%A1ov%C3%ADk-pol.-20.-st.vy%C5%A1ila-krivou-ihlou-Anna-O%C4%8Den%C3%A1%C5%A1ov%C3%A1-rod.-Bartikov%C3%A1-1930-2013-scaled.jpg?w=1600&amp;ssl=1 1600w\" sizes=\"auto, (max-width: 724px) 100vw, 724px\" \/><\/figure>\n\n\n\n<figure class=\"wp-block-image size-large\"><img data-recalc-dims=\"1\" loading=\"lazy\" decoding=\"async\" width=\"724\" height=\"1024\" data-attachment-id=\"12767\" data-permalink=\"https:\/\/www.atelier-reklama.sk\/blog\/moj-krekacsky-kroj-a-jeho-prekreslene-vzory-spolu\/7b-satka-jalsovik-pol-20-st-vysila-krivou-ihlou-anna-ocenasova-rod-bartikova-1930-2013\/\" data-orig-file=\"https:\/\/i0.wp.com\/www.atelier-reklama.sk\/blog\/wp-content\/uploads\/2023\/03\/7B-%C5%A0atka-Jal%C5%A1ov%C3%ADk-pol.-20.-st.vy%C5%A1ila-krivou-ihlou-Anna-O%C4%8Den%C3%A1%C5%A1ov%C3%A1-rod.-Bartikov%C3%A1-1930-2013-scaled.jpg?fit=1810%2C2560&amp;ssl=1\" data-orig-size=\"1810,2560\" data-comments-opened=\"1\" data-image-meta=\"{&quot;aperture&quot;:&quot;0&quot;,&quot;credit&quot;:&quot;&quot;,&quot;camera&quot;:&quot;&quot;,&quot;caption&quot;:&quot;&quot;,&quot;created_timestamp&quot;:&quot;1678450154&quot;,&quot;copyright&quot;:&quot;&quot;,&quot;focal_length&quot;:&quot;0&quot;,&quot;iso&quot;:&quot;0&quot;,&quot;shutter_speed&quot;:&quot;0&quot;,&quot;title&quot;:&quot;&quot;,&quot;orientation&quot;:&quot;1&quot;}\" data-image-title=\"7B-\u0160atka-Jal\u0161ov\u00edk-pol.-20.-st.vy\u0161ila-krivou-ihlou-Anna-O\u010den\u00e1\u0161ov\u00e1-rod.-Bartikov\u00e1-1930-2013\" data-image-description=\"\" data-image-caption=\"\" data-medium-file=\"https:\/\/i0.wp.com\/www.atelier-reklama.sk\/blog\/wp-content\/uploads\/2023\/03\/7B-%C5%A0atka-Jal%C5%A1ov%C3%ADk-pol.-20.-st.vy%C5%A1ila-krivou-ihlou-Anna-O%C4%8Den%C3%A1%C5%A1ov%C3%A1-rod.-Bartikov%C3%A1-1930-2013-scaled.jpg?fit=212%2C300&amp;ssl=1\" data-large-file=\"https:\/\/i0.wp.com\/www.atelier-reklama.sk\/blog\/wp-content\/uploads\/2023\/03\/7B-%C5%A0atka-Jal%C5%A1ov%C3%ADk-pol.-20.-st.vy%C5%A1ila-krivou-ihlou-Anna-O%C4%8Den%C3%A1%C5%A1ov%C3%A1-rod.-Bartikov%C3%A1-1930-2013-scaled.jpg?fit=724%2C1024&amp;ssl=1\" src=\"https:\/\/i0.wp.com\/www.atelier-reklama.sk\/blog\/wp-content\/uploads\/2023\/03\/7B-%C5%A0atka-Jal%C5%A1ov%C3%ADk-pol.-20.-st.vy%C5%A1ila-krivou-ihlou-Anna-O%C4%8Den%C3%A1%C5%A1ov%C3%A1-rod.-Bartikov%C3%A1-1930-2013.jpg?resize=724%2C1024&#038;ssl=1\" alt=\"\" class=\"wp-image-12767\" srcset=\"https:\/\/i0.wp.com\/www.atelier-reklama.sk\/blog\/wp-content\/uploads\/2023\/03\/7B-%C5%A0atka-Jal%C5%A1ov%C3%ADk-pol.-20.-st.vy%C5%A1ila-krivou-ihlou-Anna-O%C4%8Den%C3%A1%C5%A1ov%C3%A1-rod.-Bartikov%C3%A1-1930-2013-scaled.jpg?resize=724%2C1024&amp;ssl=1 724w, https:\/\/i0.wp.com\/www.atelier-reklama.sk\/blog\/wp-content\/uploads\/2023\/03\/7B-%C5%A0atka-Jal%C5%A1ov%C3%ADk-pol.-20.-st.vy%C5%A1ila-krivou-ihlou-Anna-O%C4%8Den%C3%A1%C5%A1ov%C3%A1-rod.-Bartikov%C3%A1-1930-2013-scaled.jpg?resize=212%2C300&amp;ssl=1 212w, https:\/\/i0.wp.com\/www.atelier-reklama.sk\/blog\/wp-content\/uploads\/2023\/03\/7B-%C5%A0atka-Jal%C5%A1ov%C3%ADk-pol.-20.-st.vy%C5%A1ila-krivou-ihlou-Anna-O%C4%8Den%C3%A1%C5%A1ov%C3%A1-rod.-Bartikov%C3%A1-1930-2013-scaled.jpg?resize=768%2C1086&amp;ssl=1 768w, https:\/\/i0.wp.com\/www.atelier-reklama.sk\/blog\/wp-content\/uploads\/2023\/03\/7B-%C5%A0atka-Jal%C5%A1ov%C3%ADk-pol.-20.-st.vy%C5%A1ila-krivou-ihlou-Anna-O%C4%8Den%C3%A1%C5%A1ov%C3%A1-rod.-Bartikov%C3%A1-1930-2013-scaled.jpg?resize=1086%2C1536&amp;ssl=1 1086w, https:\/\/i0.wp.com\/www.atelier-reklama.sk\/blog\/wp-content\/uploads\/2023\/03\/7B-%C5%A0atka-Jal%C5%A1ov%C3%ADk-pol.-20.-st.vy%C5%A1ila-krivou-ihlou-Anna-O%C4%8Den%C3%A1%C5%A1ov%C3%A1-rod.-Bartikov%C3%A1-1930-2013-scaled.jpg?resize=1448%2C2048&amp;ssl=1 1448w, https:\/\/i0.wp.com\/www.atelier-reklama.sk\/blog\/wp-content\/uploads\/2023\/03\/7B-%C5%A0atka-Jal%C5%A1ov%C3%ADk-pol.-20.-st.vy%C5%A1ila-krivou-ihlou-Anna-O%C4%8Den%C3%A1%C5%A1ov%C3%A1-rod.-Bartikov%C3%A1-1930-2013-scaled.jpg?w=1810&amp;ssl=1 1810w, https:\/\/i0.wp.com\/www.atelier-reklama.sk\/blog\/wp-content\/uploads\/2023\/03\/7B-%C5%A0atka-Jal%C5%A1ov%C3%ADk-pol.-20.-st.vy%C5%A1ila-krivou-ihlou-Anna-O%C4%8Den%C3%A1%C5%A1ov%C3%A1-rod.-Bartikov%C3%A1-1930-2013-scaled.jpg?w=1600&amp;ssl=1 1600w\" sizes=\"auto, (max-width: 724px) 100vw, 724px\" \/><\/figure>\n\n\n\n<figure class=\"wp-block-image size-large\"><img data-recalc-dims=\"1\" loading=\"lazy\" decoding=\"async\" width=\"800\" height=\"822\" data-attachment-id=\"12711\" data-permalink=\"https:\/\/www.atelier-reklama.sk\/blog\/moj-krekacsky-kroj-a-jeho-prekreslene-vzory-spolu\/satka-zeleny-zamat-jalsovik-pol-20-stor-vysila-krivou-ihlou-anna-ocenasova-1930-2013\/\" data-orig-file=\"https:\/\/i0.wp.com\/www.atelier-reklama.sk\/blog\/wp-content\/uploads\/2023\/03\/%C5%A0atka-zelen%C3%BD-zamat-Jal%C5%A1ov%C3%ADk-pol.-20.-stor.-vy%C5%A1ila-krivou-ihlou-Anna-O%C4%8Den%C3%A1%C5%A1ov%C3%A1-1930-2013.jpg?fit=1872%2C1922&amp;ssl=1\" data-orig-size=\"1872,1922\" data-comments-opened=\"1\" data-image-meta=\"{&quot;aperture&quot;:&quot;2&quot;,&quot;credit&quot;:&quot;&quot;,&quot;camera&quot;:&quot;SM-A125F&quot;,&quot;caption&quot;:&quot;&quot;,&quot;created_timestamp&quot;:&quot;1678100536&quot;,&quot;copyright&quot;:&quot;&quot;,&quot;focal_length&quot;:&quot;4.6&quot;,&quot;iso&quot;:&quot;50&quot;,&quot;shutter_speed&quot;:&quot;0.01&quot;,&quot;title&quot;:&quot;&quot;,&quot;orientation&quot;:&quot;1&quot;}\" data-image-title=\"\u0160atka-zelen\u00fd-zamat-Jal\u0161ov\u00edk-pol.-20.-stor.-vy\u0161ila-krivou-ihlou-Anna-O\u010den\u00e1\u0161ov\u00e1-1930-2013\" data-image-description=\"\" data-image-caption=\"\" data-medium-file=\"https:\/\/i0.wp.com\/www.atelier-reklama.sk\/blog\/wp-content\/uploads\/2023\/03\/%C5%A0atka-zelen%C3%BD-zamat-Jal%C5%A1ov%C3%ADk-pol.-20.-stor.-vy%C5%A1ila-krivou-ihlou-Anna-O%C4%8Den%C3%A1%C5%A1ov%C3%A1-1930-2013.jpg?fit=292%2C300&amp;ssl=1\" data-large-file=\"https:\/\/i0.wp.com\/www.atelier-reklama.sk\/blog\/wp-content\/uploads\/2023\/03\/%C5%A0atka-zelen%C3%BD-zamat-Jal%C5%A1ov%C3%ADk-pol.-20.-stor.-vy%C5%A1ila-krivou-ihlou-Anna-O%C4%8Den%C3%A1%C5%A1ov%C3%A1-1930-2013.jpg?fit=800%2C822&amp;ssl=1\" src=\"https:\/\/i0.wp.com\/www.atelier-reklama.sk\/blog\/wp-content\/uploads\/2023\/03\/%C5%A0atka-zelen%C3%BD-zamat-Jal%C5%A1ov%C3%ADk-pol.-20.-stor.-vy%C5%A1ila-krivou-ihlou-Anna-O%C4%8Den%C3%A1%C5%A1ov%C3%A1-1930-2013.jpg?resize=800%2C822&#038;ssl=1\" alt=\"\" class=\"wp-image-12711\" srcset=\"https:\/\/i0.wp.com\/www.atelier-reklama.sk\/blog\/wp-content\/uploads\/2023\/03\/%C5%A0atka-zelen%C3%BD-zamat-Jal%C5%A1ov%C3%ADk-pol.-20.-stor.-vy%C5%A1ila-krivou-ihlou-Anna-O%C4%8Den%C3%A1%C5%A1ov%C3%A1-1930-2013.jpg?resize=997%2C1024&amp;ssl=1 997w, https:\/\/i0.wp.com\/www.atelier-reklama.sk\/blog\/wp-content\/uploads\/2023\/03\/%C5%A0atka-zelen%C3%BD-zamat-Jal%C5%A1ov%C3%ADk-pol.-20.-stor.-vy%C5%A1ila-krivou-ihlou-Anna-O%C4%8Den%C3%A1%C5%A1ov%C3%A1-1930-2013.jpg?resize=292%2C300&amp;ssl=1 292w, https:\/\/i0.wp.com\/www.atelier-reklama.sk\/blog\/wp-content\/uploads\/2023\/03\/%C5%A0atka-zelen%C3%BD-zamat-Jal%C5%A1ov%C3%ADk-pol.-20.-stor.-vy%C5%A1ila-krivou-ihlou-Anna-O%C4%8Den%C3%A1%C5%A1ov%C3%A1-1930-2013.jpg?resize=768%2C789&amp;ssl=1 768w, https:\/\/i0.wp.com\/www.atelier-reklama.sk\/blog\/wp-content\/uploads\/2023\/03\/%C5%A0atka-zelen%C3%BD-zamat-Jal%C5%A1ov%C3%ADk-pol.-20.-stor.-vy%C5%A1ila-krivou-ihlou-Anna-O%C4%8Den%C3%A1%C5%A1ov%C3%A1-1930-2013.jpg?resize=1496%2C1536&amp;ssl=1 1496w, https:\/\/i0.wp.com\/www.atelier-reklama.sk\/blog\/wp-content\/uploads\/2023\/03\/%C5%A0atka-zelen%C3%BD-zamat-Jal%C5%A1ov%C3%ADk-pol.-20.-stor.-vy%C5%A1ila-krivou-ihlou-Anna-O%C4%8Den%C3%A1%C5%A1ov%C3%A1-1930-2013.jpg?w=1872&amp;ssl=1 1872w, https:\/\/i0.wp.com\/www.atelier-reklama.sk\/blog\/wp-content\/uploads\/2023\/03\/%C5%A0atka-zelen%C3%BD-zamat-Jal%C5%A1ov%C3%ADk-pol.-20.-stor.-vy%C5%A1ila-krivou-ihlou-Anna-O%C4%8Den%C3%A1%C5%A1ov%C3%A1-1930-2013.jpg?w=1600&amp;ssl=1 1600w\" sizes=\"auto, (max-width: 800px) 100vw, 800px\" \/><\/figure>\n\n\n\n<figure class=\"wp-block-image size-large\"><img data-recalc-dims=\"1\" loading=\"lazy\" decoding=\"async\" width=\"800\" height=\"384\" data-attachment-id=\"12713\" data-permalink=\"https:\/\/www.atelier-reklama.sk\/blog\/moj-krekacsky-kroj-a-jeho-prekreslene-vzory-spolu\/satka-zeleny-zamat-kvety-v-zuboch-jalsovik-pol-20-stor-vysila-krivou-ihlou-anna-ocenasova-1930-2013\/\" data-orig-file=\"https:\/\/i0.wp.com\/www.atelier-reklama.sk\/blog\/wp-content\/uploads\/2023\/03\/%C5%A0atka-zelen%C3%BD-zamat-kvety-v-zuboch-Jal%C5%A1ov%C3%ADk-pol.-20.-stor.-vy%C5%A1ila-krivou-ihlou-Anna-O%C4%8Den%C3%A1%C5%A1ov%C3%A1-1930-2013-scaled.jpg?fit=2560%2C1230&amp;ssl=1\" data-orig-size=\"2560,1230\" data-comments-opened=\"1\" data-image-meta=\"{&quot;aperture&quot;:&quot;2&quot;,&quot;credit&quot;:&quot;&quot;,&quot;camera&quot;:&quot;SM-A125F&quot;,&quot;caption&quot;:&quot;&quot;,&quot;created_timestamp&quot;:&quot;1678100658&quot;,&quot;copyright&quot;:&quot;&quot;,&quot;focal_length&quot;:&quot;4.6&quot;,&quot;iso&quot;:&quot;50&quot;,&quot;shutter_speed&quot;:&quot;0.01&quot;,&quot;title&quot;:&quot;&quot;,&quot;orientation&quot;:&quot;1&quot;}\" data-image-title=\"\u0160atka-zelen\u00fd-zamat-kvety-v-zuboch-Jal\u0161ov\u00edk-pol.-20.-stor.-vy\u0161ila-krivou-ihlou-Anna-O\u010den\u00e1\u0161ov\u00e1-1930-2013\" data-image-description=\"\" data-image-caption=\"\" data-medium-file=\"https:\/\/i0.wp.com\/www.atelier-reklama.sk\/blog\/wp-content\/uploads\/2023\/03\/%C5%A0atka-zelen%C3%BD-zamat-kvety-v-zuboch-Jal%C5%A1ov%C3%ADk-pol.-20.-stor.-vy%C5%A1ila-krivou-ihlou-Anna-O%C4%8Den%C3%A1%C5%A1ov%C3%A1-1930-2013-scaled.jpg?fit=300%2C144&amp;ssl=1\" data-large-file=\"https:\/\/i0.wp.com\/www.atelier-reklama.sk\/blog\/wp-content\/uploads\/2023\/03\/%C5%A0atka-zelen%C3%BD-zamat-kvety-v-zuboch-Jal%C5%A1ov%C3%ADk-pol.-20.-stor.-vy%C5%A1ila-krivou-ihlou-Anna-O%C4%8Den%C3%A1%C5%A1ov%C3%A1-1930-2013-scaled.jpg?fit=800%2C384&amp;ssl=1\" src=\"https:\/\/i0.wp.com\/www.atelier-reklama.sk\/blog\/wp-content\/uploads\/2023\/03\/%C5%A0atka-zelen%C3%BD-zamat-kvety-v-zuboch-Jal%C5%A1ov%C3%ADk-pol.-20.-stor.-vy%C5%A1ila-krivou-ihlou-Anna-O%C4%8Den%C3%A1%C5%A1ov%C3%A1-1930-2013.jpg?resize=800%2C384&#038;ssl=1\" alt=\"\" class=\"wp-image-12713\" srcset=\"https:\/\/i0.wp.com\/www.atelier-reklama.sk\/blog\/wp-content\/uploads\/2023\/03\/%C5%A0atka-zelen%C3%BD-zamat-kvety-v-zuboch-Jal%C5%A1ov%C3%ADk-pol.-20.-stor.-vy%C5%A1ila-krivou-ihlou-Anna-O%C4%8Den%C3%A1%C5%A1ov%C3%A1-1930-2013-scaled.jpg?resize=1024%2C492&amp;ssl=1 1024w, https:\/\/i0.wp.com\/www.atelier-reklama.sk\/blog\/wp-content\/uploads\/2023\/03\/%C5%A0atka-zelen%C3%BD-zamat-kvety-v-zuboch-Jal%C5%A1ov%C3%ADk-pol.-20.-stor.-vy%C5%A1ila-krivou-ihlou-Anna-O%C4%8Den%C3%A1%C5%A1ov%C3%A1-1930-2013-scaled.jpg?resize=300%2C144&amp;ssl=1 300w, https:\/\/i0.wp.com\/www.atelier-reklama.sk\/blog\/wp-content\/uploads\/2023\/03\/%C5%A0atka-zelen%C3%BD-zamat-kvety-v-zuboch-Jal%C5%A1ov%C3%ADk-pol.-20.-stor.-vy%C5%A1ila-krivou-ihlou-Anna-O%C4%8Den%C3%A1%C5%A1ov%C3%A1-1930-2013-scaled.jpg?resize=768%2C369&amp;ssl=1 768w, https:\/\/i0.wp.com\/www.atelier-reklama.sk\/blog\/wp-content\/uploads\/2023\/03\/%C5%A0atka-zelen%C3%BD-zamat-kvety-v-zuboch-Jal%C5%A1ov%C3%ADk-pol.-20.-stor.-vy%C5%A1ila-krivou-ihlou-Anna-O%C4%8Den%C3%A1%C5%A1ov%C3%A1-1930-2013-scaled.jpg?resize=1536%2C738&amp;ssl=1 1536w, https:\/\/i0.wp.com\/www.atelier-reklama.sk\/blog\/wp-content\/uploads\/2023\/03\/%C5%A0atka-zelen%C3%BD-zamat-kvety-v-zuboch-Jal%C5%A1ov%C3%ADk-pol.-20.-stor.-vy%C5%A1ila-krivou-ihlou-Anna-O%C4%8Den%C3%A1%C5%A1ov%C3%A1-1930-2013-scaled.jpg?resize=2048%2C984&amp;ssl=1 2048w, https:\/\/i0.wp.com\/www.atelier-reklama.sk\/blog\/wp-content\/uploads\/2023\/03\/%C5%A0atka-zelen%C3%BD-zamat-kvety-v-zuboch-Jal%C5%A1ov%C3%ADk-pol.-20.-stor.-vy%C5%A1ila-krivou-ihlou-Anna-O%C4%8Den%C3%A1%C5%A1ov%C3%A1-1930-2013-scaled.jpg?w=1600&amp;ssl=1 1600w, https:\/\/i0.wp.com\/www.atelier-reklama.sk\/blog\/wp-content\/uploads\/2023\/03\/%C5%A0atka-zelen%C3%BD-zamat-kvety-v-zuboch-Jal%C5%A1ov%C3%ADk-pol.-20.-stor.-vy%C5%A1ila-krivou-ihlou-Anna-O%C4%8Den%C3%A1%C5%A1ov%C3%A1-1930-2013-scaled.jpg?w=2400&amp;ssl=1 2400w\" sizes=\"auto, (max-width: 800px) 100vw, 800px\" \/><\/figure>\n\n\n\n<figure class=\"wp-block-image size-large\"><img data-recalc-dims=\"1\" loading=\"lazy\" decoding=\"async\" width=\"527\" height=\"1024\" data-attachment-id=\"12714\" data-permalink=\"https:\/\/www.atelier-reklama.sk\/blog\/moj-krekacsky-kroj-a-jeho-prekreslene-vzory-spolu\/satka-zeleny-zamat-lavy-okraj-jalsovik-pol-20-stor-vysila-krivou-ihlou-anna-ocenasova-1930-2013\/\" data-orig-file=\"https:\/\/i0.wp.com\/www.atelier-reklama.sk\/blog\/wp-content\/uploads\/2023\/03\/%C5%A0atka-zelen%C3%BD-zamat-%C4%BEav%C3%BD-okraj-Jal%C5%A1ov%C3%ADk-pol.-20.-stor.-vy%C5%A1ila-krivou-ihlou-Anna-O%C4%8Den%C3%A1%C5%A1ov%C3%A1-1930-2013-scaled.jpg?fit=1318%2C2560&amp;ssl=1\" data-orig-size=\"1318,2560\" data-comments-opened=\"1\" data-image-meta=\"{&quot;aperture&quot;:&quot;2&quot;,&quot;credit&quot;:&quot;&quot;,&quot;camera&quot;:&quot;SM-A125F&quot;,&quot;caption&quot;:&quot;&quot;,&quot;created_timestamp&quot;:&quot;1678100684&quot;,&quot;copyright&quot;:&quot;&quot;,&quot;focal_length&quot;:&quot;4.6&quot;,&quot;iso&quot;:&quot;50&quot;,&quot;shutter_speed&quot;:&quot;0.01&quot;,&quot;title&quot;:&quot;&quot;,&quot;orientation&quot;:&quot;1&quot;}\" data-image-title=\"\u0160atka-zelen\u00fd-zamat-\u013eav\u00fd-okraj-Jal\u0161ov\u00edk-pol.-20.-stor.-vy\u0161ila-krivou-ihlou-Anna-O\u010den\u00e1\u0161ov\u00e1-1930-2013\" data-image-description=\"\" data-image-caption=\"\" data-medium-file=\"https:\/\/i0.wp.com\/www.atelier-reklama.sk\/blog\/wp-content\/uploads\/2023\/03\/%C5%A0atka-zelen%C3%BD-zamat-%C4%BEav%C3%BD-okraj-Jal%C5%A1ov%C3%ADk-pol.-20.-stor.-vy%C5%A1ila-krivou-ihlou-Anna-O%C4%8Den%C3%A1%C5%A1ov%C3%A1-1930-2013-scaled.jpg?fit=154%2C300&amp;ssl=1\" data-large-file=\"https:\/\/i0.wp.com\/www.atelier-reklama.sk\/blog\/wp-content\/uploads\/2023\/03\/%C5%A0atka-zelen%C3%BD-zamat-%C4%BEav%C3%BD-okraj-Jal%C5%A1ov%C3%ADk-pol.-20.-stor.-vy%C5%A1ila-krivou-ihlou-Anna-O%C4%8Den%C3%A1%C5%A1ov%C3%A1-1930-2013-scaled.jpg?fit=527%2C1024&amp;ssl=1\" src=\"https:\/\/i0.wp.com\/www.atelier-reklama.sk\/blog\/wp-content\/uploads\/2023\/03\/%C5%A0atka-zelen%C3%BD-zamat-%C4%BEav%C3%BD-okraj-Jal%C5%A1ov%C3%ADk-pol.-20.-stor.-vy%C5%A1ila-krivou-ihlou-Anna-O%C4%8Den%C3%A1%C5%A1ov%C3%A1-1930-2013.jpg?resize=527%2C1024&#038;ssl=1\" alt=\"\" class=\"wp-image-12714\" srcset=\"https:\/\/i0.wp.com\/www.atelier-reklama.sk\/blog\/wp-content\/uploads\/2023\/03\/%C5%A0atka-zelen%C3%BD-zamat-%C4%BEav%C3%BD-okraj-Jal%C5%A1ov%C3%ADk-pol.-20.-stor.-vy%C5%A1ila-krivou-ihlou-Anna-O%C4%8Den%C3%A1%C5%A1ov%C3%A1-1930-2013-scaled.jpg?resize=527%2C1024&amp;ssl=1 527w, https:\/\/i0.wp.com\/www.atelier-reklama.sk\/blog\/wp-content\/uploads\/2023\/03\/%C5%A0atka-zelen%C3%BD-zamat-%C4%BEav%C3%BD-okraj-Jal%C5%A1ov%C3%ADk-pol.-20.-stor.-vy%C5%A1ila-krivou-ihlou-Anna-O%C4%8Den%C3%A1%C5%A1ov%C3%A1-1930-2013-scaled.jpg?resize=154%2C300&amp;ssl=1 154w, https:\/\/i0.wp.com\/www.atelier-reklama.sk\/blog\/wp-content\/uploads\/2023\/03\/%C5%A0atka-zelen%C3%BD-zamat-%C4%BEav%C3%BD-okraj-Jal%C5%A1ov%C3%ADk-pol.-20.-stor.-vy%C5%A1ila-krivou-ihlou-Anna-O%C4%8Den%C3%A1%C5%A1ov%C3%A1-1930-2013-scaled.jpg?resize=768%2C1492&amp;ssl=1 768w, https:\/\/i0.wp.com\/www.atelier-reklama.sk\/blog\/wp-content\/uploads\/2023\/03\/%C5%A0atka-zelen%C3%BD-zamat-%C4%BEav%C3%BD-okraj-Jal%C5%A1ov%C3%ADk-pol.-20.-stor.-vy%C5%A1ila-krivou-ihlou-Anna-O%C4%8Den%C3%A1%C5%A1ov%C3%A1-1930-2013-scaled.jpg?resize=791%2C1536&amp;ssl=1 791w, https:\/\/i0.wp.com\/www.atelier-reklama.sk\/blog\/wp-content\/uploads\/2023\/03\/%C5%A0atka-zelen%C3%BD-zamat-%C4%BEav%C3%BD-okraj-Jal%C5%A1ov%C3%ADk-pol.-20.-stor.-vy%C5%A1ila-krivou-ihlou-Anna-O%C4%8Den%C3%A1%C5%A1ov%C3%A1-1930-2013-scaled.jpg?resize=1054%2C2048&amp;ssl=1 1054w, https:\/\/i0.wp.com\/www.atelier-reklama.sk\/blog\/wp-content\/uploads\/2023\/03\/%C5%A0atka-zelen%C3%BD-zamat-%C4%BEav%C3%BD-okraj-Jal%C5%A1ov%C3%ADk-pol.-20.-stor.-vy%C5%A1ila-krivou-ihlou-Anna-O%C4%8Den%C3%A1%C5%A1ov%C3%A1-1930-2013-scaled.jpg?w=1318&amp;ssl=1 1318w\" sizes=\"auto, (max-width: 527px) 100vw, 527px\" \/><\/figure>\n\n\n\n<figure class=\"wp-block-image size-large\"><img data-recalc-dims=\"1\" loading=\"lazy\" decoding=\"async\" width=\"421\" height=\"1024\" data-attachment-id=\"12715\" data-permalink=\"https:\/\/www.atelier-reklama.sk\/blog\/moj-krekacsky-kroj-a-jeho-prekreslene-vzory-spolu\/satka-zeleny-zamatpravy-okraj-jalsovik-pol-20-stor-vysila-krivou-ihlou-anna-ocenasova-1930-2013\/\" data-orig-file=\"https:\/\/i0.wp.com\/www.atelier-reklama.sk\/blog\/wp-content\/uploads\/2023\/03\/%C5%A0atka-zelen%C3%BD-zamatprav%C3%BD-okraj-Jal%C5%A1ov%C3%ADk-pol.-20.-stor.-vy%C5%A1ila-krivou-ihlou-Anna-O%C4%8Den%C3%A1%C5%A1ov%C3%A1-1930-2013-scaled.jpg?fit=1051%2C2560&amp;ssl=1\" data-orig-size=\"1051,2560\" data-comments-opened=\"1\" data-image-meta=\"{&quot;aperture&quot;:&quot;2&quot;,&quot;credit&quot;:&quot;&quot;,&quot;camera&quot;:&quot;SM-A125F&quot;,&quot;caption&quot;:&quot;&quot;,&quot;created_timestamp&quot;:&quot;1678100689&quot;,&quot;copyright&quot;:&quot;&quot;,&quot;focal_length&quot;:&quot;4.6&quot;,&quot;iso&quot;:&quot;40&quot;,&quot;shutter_speed&quot;:&quot;0.01&quot;,&quot;title&quot;:&quot;&quot;,&quot;orientation&quot;:&quot;1&quot;}\" data-image-title=\"\u0160atka-zelen\u00fd-zamatprav\u00fd-okraj-Jal\u0161ov\u00edk-pol.-20.-stor.-vy\u0161ila-krivou-ihlou-Anna-O\u010den\u00e1\u0161ov\u00e1-1930-2013\" data-image-description=\"\" data-image-caption=\"\" data-medium-file=\"https:\/\/i0.wp.com\/www.atelier-reklama.sk\/blog\/wp-content\/uploads\/2023\/03\/%C5%A0atka-zelen%C3%BD-zamatprav%C3%BD-okraj-Jal%C5%A1ov%C3%ADk-pol.-20.-stor.-vy%C5%A1ila-krivou-ihlou-Anna-O%C4%8Den%C3%A1%C5%A1ov%C3%A1-1930-2013-scaled.jpg?fit=123%2C300&amp;ssl=1\" data-large-file=\"https:\/\/i0.wp.com\/www.atelier-reklama.sk\/blog\/wp-content\/uploads\/2023\/03\/%C5%A0atka-zelen%C3%BD-zamatprav%C3%BD-okraj-Jal%C5%A1ov%C3%ADk-pol.-20.-stor.-vy%C5%A1ila-krivou-ihlou-Anna-O%C4%8Den%C3%A1%C5%A1ov%C3%A1-1930-2013-scaled.jpg?fit=421%2C1024&amp;ssl=1\" src=\"https:\/\/i0.wp.com\/www.atelier-reklama.sk\/blog\/wp-content\/uploads\/2023\/03\/%C5%A0atka-zelen%C3%BD-zamatprav%C3%BD-okraj-Jal%C5%A1ov%C3%ADk-pol.-20.-stor.-vy%C5%A1ila-krivou-ihlou-Anna-O%C4%8Den%C3%A1%C5%A1ov%C3%A1-1930-2013.jpg?resize=421%2C1024&#038;ssl=1\" alt=\"\" class=\"wp-image-12715\" srcset=\"https:\/\/i0.wp.com\/www.atelier-reklama.sk\/blog\/wp-content\/uploads\/2023\/03\/%C5%A0atka-zelen%C3%BD-zamatprav%C3%BD-okraj-Jal%C5%A1ov%C3%ADk-pol.-20.-stor.-vy%C5%A1ila-krivou-ihlou-Anna-O%C4%8Den%C3%A1%C5%A1ov%C3%A1-1930-2013-scaled.jpg?resize=421%2C1024&amp;ssl=1 421w, https:\/\/i0.wp.com\/www.atelier-reklama.sk\/blog\/wp-content\/uploads\/2023\/03\/%C5%A0atka-zelen%C3%BD-zamatprav%C3%BD-okraj-Jal%C5%A1ov%C3%ADk-pol.-20.-stor.-vy%C5%A1ila-krivou-ihlou-Anna-O%C4%8Den%C3%A1%C5%A1ov%C3%A1-1930-2013-scaled.jpg?resize=123%2C300&amp;ssl=1 123w, https:\/\/i0.wp.com\/www.atelier-reklama.sk\/blog\/wp-content\/uploads\/2023\/03\/%C5%A0atka-zelen%C3%BD-zamatprav%C3%BD-okraj-Jal%C5%A1ov%C3%ADk-pol.-20.-stor.-vy%C5%A1ila-krivou-ihlou-Anna-O%C4%8Den%C3%A1%C5%A1ov%C3%A1-1930-2013-scaled.jpg?resize=768%2C1870&amp;ssl=1 768w, https:\/\/i0.wp.com\/www.atelier-reklama.sk\/blog\/wp-content\/uploads\/2023\/03\/%C5%A0atka-zelen%C3%BD-zamatprav%C3%BD-okraj-Jal%C5%A1ov%C3%ADk-pol.-20.-stor.-vy%C5%A1ila-krivou-ihlou-Anna-O%C4%8Den%C3%A1%C5%A1ov%C3%A1-1930-2013-scaled.jpg?resize=631%2C1536&amp;ssl=1 631w, https:\/\/i0.wp.com\/www.atelier-reklama.sk\/blog\/wp-content\/uploads\/2023\/03\/%C5%A0atka-zelen%C3%BD-zamatprav%C3%BD-okraj-Jal%C5%A1ov%C3%ADk-pol.-20.-stor.-vy%C5%A1ila-krivou-ihlou-Anna-O%C4%8Den%C3%A1%C5%A1ov%C3%A1-1930-2013-scaled.jpg?resize=841%2C2048&amp;ssl=1 841w, https:\/\/i0.wp.com\/www.atelier-reklama.sk\/blog\/wp-content\/uploads\/2023\/03\/%C5%A0atka-zelen%C3%BD-zamatprav%C3%BD-okraj-Jal%C5%A1ov%C3%ADk-pol.-20.-stor.-vy%C5%A1ila-krivou-ihlou-Anna-O%C4%8Den%C3%A1%C5%A1ov%C3%A1-1930-2013-scaled.jpg?w=1051&amp;ssl=1 1051w\" sizes=\"auto, (max-width: 421px) 100vw, 421px\" \/><\/figure>\n\n\n\n<p>Preskenovan\u00e1 \u0161atka<\/p>\n\n\n\n<figure class=\"wp-block-image size-large\"><img data-recalc-dims=\"1\" loading=\"lazy\" decoding=\"async\" width=\"800\" height=\"580\" data-attachment-id=\"12860\" data-permalink=\"https:\/\/www.atelier-reklama.sk\/blog\/moj-krekacsky-kroj-a-jeho-prekreslene-vzory-spolu\/7d-satka-sken-zeleny-zamatpravy-okraj-jalsovik-pol-20-stor-vysila-krivou-ihlou-anna-ocenasova-1930-2013-1\/\" data-orig-file=\"https:\/\/i0.wp.com\/www.atelier-reklama.sk\/blog\/wp-content\/uploads\/2023\/03\/7D-%C5%A0atka-sken-zelen%C3%BD-zamatprav%C3%BD-okraj-Jal%C5%A1ov%C3%ADk-pol.-20.-stor.-vy%C5%A1ila-krivou-ihlou-Anna-O%C4%8Den%C3%A1%C5%A1ov%C3%A1-1930-2013-1-scaled.jpg?fit=2560%2C1858&amp;ssl=1\" data-orig-size=\"2560,1858\" data-comments-opened=\"1\" data-image-meta=\"{&quot;aperture&quot;:&quot;0&quot;,&quot;credit&quot;:&quot;&quot;,&quot;camera&quot;:&quot;&quot;,&quot;caption&quot;:&quot;&quot;,&quot;created_timestamp&quot;:&quot;1678609962&quot;,&quot;copyright&quot;:&quot;&quot;,&quot;focal_length&quot;:&quot;0&quot;,&quot;iso&quot;:&quot;0&quot;,&quot;shutter_speed&quot;:&quot;0&quot;,&quot;title&quot;:&quot;&quot;,&quot;orientation&quot;:&quot;1&quot;}\" data-image-title=\"7D-\u0160atka-sken-zelen\u00fd-zamatprav\u00fd-okraj-Jal\u0161ov\u00edk-pol.-20.-stor.-vy\u0161ila-krivou-ihlou-Anna-O\u010den\u00e1\u0161ov\u00e1-1930-2013-1\" data-image-description=\"\" data-image-caption=\"\" data-medium-file=\"https:\/\/i0.wp.com\/www.atelier-reklama.sk\/blog\/wp-content\/uploads\/2023\/03\/7D-%C5%A0atka-sken-zelen%C3%BD-zamatprav%C3%BD-okraj-Jal%C5%A1ov%C3%ADk-pol.-20.-stor.-vy%C5%A1ila-krivou-ihlou-Anna-O%C4%8Den%C3%A1%C5%A1ov%C3%A1-1930-2013-1-scaled.jpg?fit=300%2C218&amp;ssl=1\" data-large-file=\"https:\/\/i0.wp.com\/www.atelier-reklama.sk\/blog\/wp-content\/uploads\/2023\/03\/7D-%C5%A0atka-sken-zelen%C3%BD-zamatprav%C3%BD-okraj-Jal%C5%A1ov%C3%ADk-pol.-20.-stor.-vy%C5%A1ila-krivou-ihlou-Anna-O%C4%8Den%C3%A1%C5%A1ov%C3%A1-1930-2013-1-scaled.jpg?fit=800%2C580&amp;ssl=1\" src=\"https:\/\/i0.wp.com\/www.atelier-reklama.sk\/blog\/wp-content\/uploads\/2023\/03\/7D-%C5%A0atka-sken-zelen%C3%BD-zamatprav%C3%BD-okraj-Jal%C5%A1ov%C3%ADk-pol.-20.-stor.-vy%C5%A1ila-krivou-ihlou-Anna-O%C4%8Den%C3%A1%C5%A1ov%C3%A1-1930-2013-1.jpg?resize=800%2C580&#038;ssl=1\" alt=\"\" class=\"wp-image-12860\" srcset=\"https:\/\/i0.wp.com\/www.atelier-reklama.sk\/blog\/wp-content\/uploads\/2023\/03\/7D-%C5%A0atka-sken-zelen%C3%BD-zamatprav%C3%BD-okraj-Jal%C5%A1ov%C3%ADk-pol.-20.-stor.-vy%C5%A1ila-krivou-ihlou-Anna-O%C4%8Den%C3%A1%C5%A1ov%C3%A1-1930-2013-1-scaled.jpg?resize=1024%2C743&amp;ssl=1 1024w, https:\/\/i0.wp.com\/www.atelier-reklama.sk\/blog\/wp-content\/uploads\/2023\/03\/7D-%C5%A0atka-sken-zelen%C3%BD-zamatprav%C3%BD-okraj-Jal%C5%A1ov%C3%ADk-pol.-20.-stor.-vy%C5%A1ila-krivou-ihlou-Anna-O%C4%8Den%C3%A1%C5%A1ov%C3%A1-1930-2013-1-scaled.jpg?resize=300%2C218&amp;ssl=1 300w, https:\/\/i0.wp.com\/www.atelier-reklama.sk\/blog\/wp-content\/uploads\/2023\/03\/7D-%C5%A0atka-sken-zelen%C3%BD-zamatprav%C3%BD-okraj-Jal%C5%A1ov%C3%ADk-pol.-20.-stor.-vy%C5%A1ila-krivou-ihlou-Anna-O%C4%8Den%C3%A1%C5%A1ov%C3%A1-1930-2013-1-scaled.jpg?resize=768%2C557&amp;ssl=1 768w, https:\/\/i0.wp.com\/www.atelier-reklama.sk\/blog\/wp-content\/uploads\/2023\/03\/7D-%C5%A0atka-sken-zelen%C3%BD-zamatprav%C3%BD-okraj-Jal%C5%A1ov%C3%ADk-pol.-20.-stor.-vy%C5%A1ila-krivou-ihlou-Anna-O%C4%8Den%C3%A1%C5%A1ov%C3%A1-1930-2013-1-scaled.jpg?resize=1536%2C1115&amp;ssl=1 1536w, https:\/\/i0.wp.com\/www.atelier-reklama.sk\/blog\/wp-content\/uploads\/2023\/03\/7D-%C5%A0atka-sken-zelen%C3%BD-zamatprav%C3%BD-okraj-Jal%C5%A1ov%C3%ADk-pol.-20.-stor.-vy%C5%A1ila-krivou-ihlou-Anna-O%C4%8Den%C3%A1%C5%A1ov%C3%A1-1930-2013-1-scaled.jpg?resize=2048%2C1486&amp;ssl=1 2048w, https:\/\/i0.wp.com\/www.atelier-reklama.sk\/blog\/wp-content\/uploads\/2023\/03\/7D-%C5%A0atka-sken-zelen%C3%BD-zamatprav%C3%BD-okraj-Jal%C5%A1ov%C3%ADk-pol.-20.-stor.-vy%C5%A1ila-krivou-ihlou-Anna-O%C4%8Den%C3%A1%C5%A1ov%C3%A1-1930-2013-1-scaled.jpg?w=1600&amp;ssl=1 1600w, https:\/\/i0.wp.com\/www.atelier-reklama.sk\/blog\/wp-content\/uploads\/2023\/03\/7D-%C5%A0atka-sken-zelen%C3%BD-zamatprav%C3%BD-okraj-Jal%C5%A1ov%C3%ADk-pol.-20.-stor.-vy%C5%A1ila-krivou-ihlou-Anna-O%C4%8Den%C3%A1%C5%A1ov%C3%A1-1930-2013-1-scaled.jpg?w=2400&amp;ssl=1 2400w\" sizes=\"auto, (max-width: 800px) 100vw, 800px\" \/><\/figure>\n\n\n\n<figure class=\"wp-block-image size-large\"><img data-recalc-dims=\"1\" loading=\"lazy\" decoding=\"async\" width=\"800\" height=\"580\" data-attachment-id=\"12861\" data-permalink=\"https:\/\/www.atelier-reklama.sk\/blog\/moj-krekacsky-kroj-a-jeho-prekreslene-vzory-spolu\/7e-satka-sken-zeleny-zamatpravy-okraj-jalsovik-pol-20-stor-vysila-krivou-ihlou-anna-ocenasova-1930-2013-2\/\" data-orig-file=\"https:\/\/i0.wp.com\/www.atelier-reklama.sk\/blog\/wp-content\/uploads\/2023\/03\/7E-%C5%A0atka-sken-zelen%C3%BD-zamatprav%C3%BD-okraj-Jal%C5%A1ov%C3%ADk-pol.-20.-stor.-vy%C5%A1ila-krivou-ihlou-Anna-O%C4%8Den%C3%A1%C5%A1ov%C3%A1-1930-2013-2-scaled.jpg?fit=2560%2C1859&amp;ssl=1\" data-orig-size=\"2560,1859\" data-comments-opened=\"1\" data-image-meta=\"{&quot;aperture&quot;:&quot;0&quot;,&quot;credit&quot;:&quot;&quot;,&quot;camera&quot;:&quot;&quot;,&quot;caption&quot;:&quot;&quot;,&quot;created_timestamp&quot;:&quot;0&quot;,&quot;copyright&quot;:&quot;&quot;,&quot;focal_length&quot;:&quot;0&quot;,&quot;iso&quot;:&quot;0&quot;,&quot;shutter_speed&quot;:&quot;0&quot;,&quot;title&quot;:&quot;&quot;,&quot;orientation&quot;:&quot;1&quot;}\" data-image-title=\"7E-\u0160atka-sken-zelen\u00fd-zamatprav\u00fd-okraj-Jal\u0161ov\u00edk-pol.-20.-stor.-vy\u0161ila-krivou-ihlou-Anna-O\u010den\u00e1\u0161ov\u00e1-1930-2013-2\" data-image-description=\"\" data-image-caption=\"\" data-medium-file=\"https:\/\/i0.wp.com\/www.atelier-reklama.sk\/blog\/wp-content\/uploads\/2023\/03\/7E-%C5%A0atka-sken-zelen%C3%BD-zamatprav%C3%BD-okraj-Jal%C5%A1ov%C3%ADk-pol.-20.-stor.-vy%C5%A1ila-krivou-ihlou-Anna-O%C4%8Den%C3%A1%C5%A1ov%C3%A1-1930-2013-2-scaled.jpg?fit=300%2C218&amp;ssl=1\" data-large-file=\"https:\/\/i0.wp.com\/www.atelier-reklama.sk\/blog\/wp-content\/uploads\/2023\/03\/7E-%C5%A0atka-sken-zelen%C3%BD-zamatprav%C3%BD-okraj-Jal%C5%A1ov%C3%ADk-pol.-20.-stor.-vy%C5%A1ila-krivou-ihlou-Anna-O%C4%8Den%C3%A1%C5%A1ov%C3%A1-1930-2013-2-scaled.jpg?fit=800%2C580&amp;ssl=1\" src=\"https:\/\/i0.wp.com\/www.atelier-reklama.sk\/blog\/wp-content\/uploads\/2023\/03\/7E-%C5%A0atka-sken-zelen%C3%BD-zamatprav%C3%BD-okraj-Jal%C5%A1ov%C3%ADk-pol.-20.-stor.-vy%C5%A1ila-krivou-ihlou-Anna-O%C4%8Den%C3%A1%C5%A1ov%C3%A1-1930-2013-2.jpg?resize=800%2C580&#038;ssl=1\" alt=\"\" class=\"wp-image-12861\" srcset=\"https:\/\/i0.wp.com\/www.atelier-reklama.sk\/blog\/wp-content\/uploads\/2023\/03\/7E-%C5%A0atka-sken-zelen%C3%BD-zamatprav%C3%BD-okraj-Jal%C5%A1ov%C3%ADk-pol.-20.-stor.-vy%C5%A1ila-krivou-ihlou-Anna-O%C4%8Den%C3%A1%C5%A1ov%C3%A1-1930-2013-2-scaled.jpg?resize=1024%2C743&amp;ssl=1 1024w, https:\/\/i0.wp.com\/www.atelier-reklama.sk\/blog\/wp-content\/uploads\/2023\/03\/7E-%C5%A0atka-sken-zelen%C3%BD-zamatprav%C3%BD-okraj-Jal%C5%A1ov%C3%ADk-pol.-20.-stor.-vy%C5%A1ila-krivou-ihlou-Anna-O%C4%8Den%C3%A1%C5%A1ov%C3%A1-1930-2013-2-scaled.jpg?resize=300%2C218&amp;ssl=1 300w, https:\/\/i0.wp.com\/www.atelier-reklama.sk\/blog\/wp-content\/uploads\/2023\/03\/7E-%C5%A0atka-sken-zelen%C3%BD-zamatprav%C3%BD-okraj-Jal%C5%A1ov%C3%ADk-pol.-20.-stor.-vy%C5%A1ila-krivou-ihlou-Anna-O%C4%8Den%C3%A1%C5%A1ov%C3%A1-1930-2013-2-scaled.jpg?resize=768%2C558&amp;ssl=1 768w, https:\/\/i0.wp.com\/www.atelier-reklama.sk\/blog\/wp-content\/uploads\/2023\/03\/7E-%C5%A0atka-sken-zelen%C3%BD-zamatprav%C3%BD-okraj-Jal%C5%A1ov%C3%ADk-pol.-20.-stor.-vy%C5%A1ila-krivou-ihlou-Anna-O%C4%8Den%C3%A1%C5%A1ov%C3%A1-1930-2013-2-scaled.jpg?resize=1536%2C1115&amp;ssl=1 1536w, https:\/\/i0.wp.com\/www.atelier-reklama.sk\/blog\/wp-content\/uploads\/2023\/03\/7E-%C5%A0atka-sken-zelen%C3%BD-zamatprav%C3%BD-okraj-Jal%C5%A1ov%C3%ADk-pol.-20.-stor.-vy%C5%A1ila-krivou-ihlou-Anna-O%C4%8Den%C3%A1%C5%A1ov%C3%A1-1930-2013-2-scaled.jpg?resize=2048%2C1487&amp;ssl=1 2048w, https:\/\/i0.wp.com\/www.atelier-reklama.sk\/blog\/wp-content\/uploads\/2023\/03\/7E-%C5%A0atka-sken-zelen%C3%BD-zamatprav%C3%BD-okraj-Jal%C5%A1ov%C3%ADk-pol.-20.-stor.-vy%C5%A1ila-krivou-ihlou-Anna-O%C4%8Den%C3%A1%C5%A1ov%C3%A1-1930-2013-2-scaled.jpg?w=1600&amp;ssl=1 1600w, https:\/\/i0.wp.com\/www.atelier-reklama.sk\/blog\/wp-content\/uploads\/2023\/03\/7E-%C5%A0atka-sken-zelen%C3%BD-zamatprav%C3%BD-okraj-Jal%C5%A1ov%C3%ADk-pol.-20.-stor.-vy%C5%A1ila-krivou-ihlou-Anna-O%C4%8Den%C3%A1%C5%A1ov%C3%A1-1930-2013-2-scaled.jpg?w=2400&amp;ssl=1 2400w\" sizes=\"auto, (max-width: 800px) 100vw, 800px\" \/><\/figure>\n\n\n\n<figure class=\"wp-block-image size-large\"><img data-recalc-dims=\"1\" loading=\"lazy\" decoding=\"async\" width=\"800\" height=\"580\" data-attachment-id=\"12862\" data-permalink=\"https:\/\/www.atelier-reklama.sk\/blog\/moj-krekacsky-kroj-a-jeho-prekreslene-vzory-spolu\/7f-satka-sken-zeleny-zamatpravy-okraj-jalsovik-pol-20-stor-vysila-krivou-ihlou-anna-ocenasova-1930-2013-3\/\" data-orig-file=\"https:\/\/i0.wp.com\/www.atelier-reklama.sk\/blog\/wp-content\/uploads\/2023\/03\/7F-%C5%A0atka-sken-zelen%C3%BD-zamatprav%C3%BD-okraj-Jal%C5%A1ov%C3%ADk-pol.-20.-stor.-vy%C5%A1ila-krivou-ihlou-Anna-O%C4%8Den%C3%A1%C5%A1ov%C3%A1-1930-2013-3-scaled.jpg?fit=2560%2C1859&amp;ssl=1\" data-orig-size=\"2560,1859\" data-comments-opened=\"1\" data-image-meta=\"{&quot;aperture&quot;:&quot;0&quot;,&quot;credit&quot;:&quot;&quot;,&quot;camera&quot;:&quot;&quot;,&quot;caption&quot;:&quot;&quot;,&quot;created_timestamp&quot;:&quot;0&quot;,&quot;copyright&quot;:&quot;&quot;,&quot;focal_length&quot;:&quot;0&quot;,&quot;iso&quot;:&quot;0&quot;,&quot;shutter_speed&quot;:&quot;0&quot;,&quot;title&quot;:&quot;&quot;,&quot;orientation&quot;:&quot;1&quot;}\" data-image-title=\"7F-\u0160atka-sken-zelen\u00fd-zamatprav\u00fd-okraj-Jal\u0161ov\u00edk-pol.-20.-stor.-vy\u0161ila-krivou-ihlou-Anna-O\u010den\u00e1\u0161ov\u00e1-1930-2013-3\" data-image-description=\"\" data-image-caption=\"\" data-medium-file=\"https:\/\/i0.wp.com\/www.atelier-reklama.sk\/blog\/wp-content\/uploads\/2023\/03\/7F-%C5%A0atka-sken-zelen%C3%BD-zamatprav%C3%BD-okraj-Jal%C5%A1ov%C3%ADk-pol.-20.-stor.-vy%C5%A1ila-krivou-ihlou-Anna-O%C4%8Den%C3%A1%C5%A1ov%C3%A1-1930-2013-3-scaled.jpg?fit=300%2C218&amp;ssl=1\" data-large-file=\"https:\/\/i0.wp.com\/www.atelier-reklama.sk\/blog\/wp-content\/uploads\/2023\/03\/7F-%C5%A0atka-sken-zelen%C3%BD-zamatprav%C3%BD-okraj-Jal%C5%A1ov%C3%ADk-pol.-20.-stor.-vy%C5%A1ila-krivou-ihlou-Anna-O%C4%8Den%C3%A1%C5%A1ov%C3%A1-1930-2013-3-scaled.jpg?fit=800%2C580&amp;ssl=1\" src=\"https:\/\/i0.wp.com\/www.atelier-reklama.sk\/blog\/wp-content\/uploads\/2023\/03\/7F-%C5%A0atka-sken-zelen%C3%BD-zamatprav%C3%BD-okraj-Jal%C5%A1ov%C3%ADk-pol.-20.-stor.-vy%C5%A1ila-krivou-ihlou-Anna-O%C4%8Den%C3%A1%C5%A1ov%C3%A1-1930-2013-3.jpg?resize=800%2C580&#038;ssl=1\" alt=\"\" class=\"wp-image-12862\" srcset=\"https:\/\/i0.wp.com\/www.atelier-reklama.sk\/blog\/wp-content\/uploads\/2023\/03\/7F-%C5%A0atka-sken-zelen%C3%BD-zamatprav%C3%BD-okraj-Jal%C5%A1ov%C3%ADk-pol.-20.-stor.-vy%C5%A1ila-krivou-ihlou-Anna-O%C4%8Den%C3%A1%C5%A1ov%C3%A1-1930-2013-3-scaled.jpg?resize=1024%2C743&amp;ssl=1 1024w, https:\/\/i0.wp.com\/www.atelier-reklama.sk\/blog\/wp-content\/uploads\/2023\/03\/7F-%C5%A0atka-sken-zelen%C3%BD-zamatprav%C3%BD-okraj-Jal%C5%A1ov%C3%ADk-pol.-20.-stor.-vy%C5%A1ila-krivou-ihlou-Anna-O%C4%8Den%C3%A1%C5%A1ov%C3%A1-1930-2013-3-scaled.jpg?resize=300%2C218&amp;ssl=1 300w, https:\/\/i0.wp.com\/www.atelier-reklama.sk\/blog\/wp-content\/uploads\/2023\/03\/7F-%C5%A0atka-sken-zelen%C3%BD-zamatprav%C3%BD-okraj-Jal%C5%A1ov%C3%ADk-pol.-20.-stor.-vy%C5%A1ila-krivou-ihlou-Anna-O%C4%8Den%C3%A1%C5%A1ov%C3%A1-1930-2013-3-scaled.jpg?resize=768%2C558&amp;ssl=1 768w, https:\/\/i0.wp.com\/www.atelier-reklama.sk\/blog\/wp-content\/uploads\/2023\/03\/7F-%C5%A0atka-sken-zelen%C3%BD-zamatprav%C3%BD-okraj-Jal%C5%A1ov%C3%ADk-pol.-20.-stor.-vy%C5%A1ila-krivou-ihlou-Anna-O%C4%8Den%C3%A1%C5%A1ov%C3%A1-1930-2013-3-scaled.jpg?resize=1536%2C1115&amp;ssl=1 1536w, https:\/\/i0.wp.com\/www.atelier-reklama.sk\/blog\/wp-content\/uploads\/2023\/03\/7F-%C5%A0atka-sken-zelen%C3%BD-zamatprav%C3%BD-okraj-Jal%C5%A1ov%C3%ADk-pol.-20.-stor.-vy%C5%A1ila-krivou-ihlou-Anna-O%C4%8Den%C3%A1%C5%A1ov%C3%A1-1930-2013-3-scaled.jpg?resize=2048%2C1487&amp;ssl=1 2048w, https:\/\/i0.wp.com\/www.atelier-reklama.sk\/blog\/wp-content\/uploads\/2023\/03\/7F-%C5%A0atka-sken-zelen%C3%BD-zamatprav%C3%BD-okraj-Jal%C5%A1ov%C3%ADk-pol.-20.-stor.-vy%C5%A1ila-krivou-ihlou-Anna-O%C4%8Den%C3%A1%C5%A1ov%C3%A1-1930-2013-3-scaled.jpg?w=1600&amp;ssl=1 1600w, https:\/\/i0.wp.com\/www.atelier-reklama.sk\/blog\/wp-content\/uploads\/2023\/03\/7F-%C5%A0atka-sken-zelen%C3%BD-zamatprav%C3%BD-okraj-Jal%C5%A1ov%C3%ADk-pol.-20.-stor.-vy%C5%A1ila-krivou-ihlou-Anna-O%C4%8Den%C3%A1%C5%A1ov%C3%A1-1930-2013-3-scaled.jpg?w=2400&amp;ssl=1 2400w\" sizes=\"auto, (max-width: 800px) 100vw, 800px\" \/><\/figure>\n\n\n\n<figure class=\"wp-block-image size-large\"><img data-recalc-dims=\"1\" loading=\"lazy\" decoding=\"async\" width=\"800\" height=\"580\" data-attachment-id=\"12863\" data-permalink=\"https:\/\/www.atelier-reklama.sk\/blog\/moj-krekacsky-kroj-a-jeho-prekreslene-vzory-spolu\/7g-satka-sken-zeleny-zamatpravy-okraj-jalsovik-pol-20-stor-vysila-krivou-ihlou-anna-ocenasova-1930-2013-4\/\" data-orig-file=\"https:\/\/i0.wp.com\/www.atelier-reklama.sk\/blog\/wp-content\/uploads\/2023\/03\/7G-%C5%A0atka-sken-zelen%C3%BD-zamatprav%C3%BD-okraj-Jal%C5%A1ov%C3%ADk-pol.-20.-stor.-vy%C5%A1ila-krivou-ihlou-Anna-O%C4%8Den%C3%A1%C5%A1ov%C3%A1-1930-2013-4-scaled.jpg?fit=2560%2C1859&amp;ssl=1\" data-orig-size=\"2560,1859\" data-comments-opened=\"1\" data-image-meta=\"{&quot;aperture&quot;:&quot;0&quot;,&quot;credit&quot;:&quot;&quot;,&quot;camera&quot;:&quot;&quot;,&quot;caption&quot;:&quot;&quot;,&quot;created_timestamp&quot;:&quot;0&quot;,&quot;copyright&quot;:&quot;&quot;,&quot;focal_length&quot;:&quot;0&quot;,&quot;iso&quot;:&quot;0&quot;,&quot;shutter_speed&quot;:&quot;0&quot;,&quot;title&quot;:&quot;&quot;,&quot;orientation&quot;:&quot;1&quot;}\" data-image-title=\"7G-\u0160atka-sken-zelen\u00fd-zamatprav\u00fd-okraj-Jal\u0161ov\u00edk-pol.-20.-stor.-vy\u0161ila-krivou-ihlou-Anna-O\u010den\u00e1\u0161ov\u00e1-1930-2013-4\" data-image-description=\"\" data-image-caption=\"\" data-medium-file=\"https:\/\/i0.wp.com\/www.atelier-reklama.sk\/blog\/wp-content\/uploads\/2023\/03\/7G-%C5%A0atka-sken-zelen%C3%BD-zamatprav%C3%BD-okraj-Jal%C5%A1ov%C3%ADk-pol.-20.-stor.-vy%C5%A1ila-krivou-ihlou-Anna-O%C4%8Den%C3%A1%C5%A1ov%C3%A1-1930-2013-4-scaled.jpg?fit=300%2C218&amp;ssl=1\" data-large-file=\"https:\/\/i0.wp.com\/www.atelier-reklama.sk\/blog\/wp-content\/uploads\/2023\/03\/7G-%C5%A0atka-sken-zelen%C3%BD-zamatprav%C3%BD-okraj-Jal%C5%A1ov%C3%ADk-pol.-20.-stor.-vy%C5%A1ila-krivou-ihlou-Anna-O%C4%8Den%C3%A1%C5%A1ov%C3%A1-1930-2013-4-scaled.jpg?fit=800%2C580&amp;ssl=1\" src=\"https:\/\/i0.wp.com\/www.atelier-reklama.sk\/blog\/wp-content\/uploads\/2023\/03\/7G-%C5%A0atka-sken-zelen%C3%BD-zamatprav%C3%BD-okraj-Jal%C5%A1ov%C3%ADk-pol.-20.-stor.-vy%C5%A1ila-krivou-ihlou-Anna-O%C4%8Den%C3%A1%C5%A1ov%C3%A1-1930-2013-4.jpg?resize=800%2C580&#038;ssl=1\" alt=\"\" class=\"wp-image-12863\" srcset=\"https:\/\/i0.wp.com\/www.atelier-reklama.sk\/blog\/wp-content\/uploads\/2023\/03\/7G-%C5%A0atka-sken-zelen%C3%BD-zamatprav%C3%BD-okraj-Jal%C5%A1ov%C3%ADk-pol.-20.-stor.-vy%C5%A1ila-krivou-ihlou-Anna-O%C4%8Den%C3%A1%C5%A1ov%C3%A1-1930-2013-4-scaled.jpg?resize=1024%2C743&amp;ssl=1 1024w, https:\/\/i0.wp.com\/www.atelier-reklama.sk\/blog\/wp-content\/uploads\/2023\/03\/7G-%C5%A0atka-sken-zelen%C3%BD-zamatprav%C3%BD-okraj-Jal%C5%A1ov%C3%ADk-pol.-20.-stor.-vy%C5%A1ila-krivou-ihlou-Anna-O%C4%8Den%C3%A1%C5%A1ov%C3%A1-1930-2013-4-scaled.jpg?resize=300%2C218&amp;ssl=1 300w, https:\/\/i0.wp.com\/www.atelier-reklama.sk\/blog\/wp-content\/uploads\/2023\/03\/7G-%C5%A0atka-sken-zelen%C3%BD-zamatprav%C3%BD-okraj-Jal%C5%A1ov%C3%ADk-pol.-20.-stor.-vy%C5%A1ila-krivou-ihlou-Anna-O%C4%8Den%C3%A1%C5%A1ov%C3%A1-1930-2013-4-scaled.jpg?resize=768%2C558&amp;ssl=1 768w, https:\/\/i0.wp.com\/www.atelier-reklama.sk\/blog\/wp-content\/uploads\/2023\/03\/7G-%C5%A0atka-sken-zelen%C3%BD-zamatprav%C3%BD-okraj-Jal%C5%A1ov%C3%ADk-pol.-20.-stor.-vy%C5%A1ila-krivou-ihlou-Anna-O%C4%8Den%C3%A1%C5%A1ov%C3%A1-1930-2013-4-scaled.jpg?resize=1536%2C1115&amp;ssl=1 1536w, https:\/\/i0.wp.com\/www.atelier-reklama.sk\/blog\/wp-content\/uploads\/2023\/03\/7G-%C5%A0atka-sken-zelen%C3%BD-zamatprav%C3%BD-okraj-Jal%C5%A1ov%C3%ADk-pol.-20.-stor.-vy%C5%A1ila-krivou-ihlou-Anna-O%C4%8Den%C3%A1%C5%A1ov%C3%A1-1930-2013-4-scaled.jpg?resize=2048%2C1487&amp;ssl=1 2048w, https:\/\/i0.wp.com\/www.atelier-reklama.sk\/blog\/wp-content\/uploads\/2023\/03\/7G-%C5%A0atka-sken-zelen%C3%BD-zamatprav%C3%BD-okraj-Jal%C5%A1ov%C3%ADk-pol.-20.-stor.-vy%C5%A1ila-krivou-ihlou-Anna-O%C4%8Den%C3%A1%C5%A1ov%C3%A1-1930-2013-4-scaled.jpg?w=1600&amp;ssl=1 1600w, https:\/\/i0.wp.com\/www.atelier-reklama.sk\/blog\/wp-content\/uploads\/2023\/03\/7G-%C5%A0atka-sken-zelen%C3%BD-zamatprav%C3%BD-okraj-Jal%C5%A1ov%C3%ADk-pol.-20.-stor.-vy%C5%A1ila-krivou-ihlou-Anna-O%C4%8Den%C3%A1%C5%A1ov%C3%A1-1930-2013-4-scaled.jpg?w=2400&amp;ssl=1 2400w\" sizes=\"auto, (max-width: 800px) 100vw, 800px\" \/><\/figure>\n\n\n\n<p class=\"has-text-align-center\">\u0160atka, Litava, pol. 20. stor. vy\u0161it\u00e9 krivou ihlou, p\u00f4vodn\u00fd vlastn\u00edk nezn\u00e1my.<\/p>\n\n\n\n<figure class=\"wp-block-image size-large\"><img data-recalc-dims=\"1\" loading=\"lazy\" decoding=\"async\" width=\"800\" height=\"838\" data-attachment-id=\"12716\" data-permalink=\"https:\/\/www.atelier-reklama.sk\/blog\/moj-krekacsky-kroj-a-jeho-prekreslene-vzory-spolu\/satka-litava-pol-20-stor-vysivane-krivou-ihlou-povodny-vlastnik-neznamy\/\" data-orig-file=\"https:\/\/i0.wp.com\/www.atelier-reklama.sk\/blog\/wp-content\/uploads\/2023\/03\/%C5%A0atka-Litava-pol.-20.-stor.-vy%C5%A1%C3%ADvan%C3%A9-krivou-ihlou-p%C3%B4vodn%C3%BD-vlastn%C3%ADk-nezn%C3%A1my-scaled.jpg?fit=2443%2C2560&amp;ssl=1\" data-orig-size=\"2443,2560\" data-comments-opened=\"1\" data-image-meta=\"{&quot;aperture&quot;:&quot;2&quot;,&quot;credit&quot;:&quot;&quot;,&quot;camera&quot;:&quot;SM-A125F&quot;,&quot;caption&quot;:&quot;&quot;,&quot;created_timestamp&quot;:&quot;1678100899&quot;,&quot;copyright&quot;:&quot;&quot;,&quot;focal_length&quot;:&quot;4.6&quot;,&quot;iso&quot;:&quot;100&quot;,&quot;shutter_speed&quot;:&quot;0.02&quot;,&quot;title&quot;:&quot;&quot;,&quot;orientation&quot;:&quot;1&quot;}\" data-image-title=\"\u0160atka-Litava-pol.-20.-stor.-vy\u0161\u00edvan\u00e9-krivou-ihlou-p\u00f4vodn\u00fd-vlastn\u00edk-nezn\u00e1my\" data-image-description=\"\" data-image-caption=\"\" data-medium-file=\"https:\/\/i0.wp.com\/www.atelier-reklama.sk\/blog\/wp-content\/uploads\/2023\/03\/%C5%A0atka-Litava-pol.-20.-stor.-vy%C5%A1%C3%ADvan%C3%A9-krivou-ihlou-p%C3%B4vodn%C3%BD-vlastn%C3%ADk-nezn%C3%A1my-scaled.jpg?fit=286%2C300&amp;ssl=1\" data-large-file=\"https:\/\/i0.wp.com\/www.atelier-reklama.sk\/blog\/wp-content\/uploads\/2023\/03\/%C5%A0atka-Litava-pol.-20.-stor.-vy%C5%A1%C3%ADvan%C3%A9-krivou-ihlou-p%C3%B4vodn%C3%BD-vlastn%C3%ADk-nezn%C3%A1my-scaled.jpg?fit=800%2C838&amp;ssl=1\" src=\"https:\/\/i0.wp.com\/www.atelier-reklama.sk\/blog\/wp-content\/uploads\/2023\/03\/%C5%A0atka-Litava-pol.-20.-stor.-vy%C5%A1%C3%ADvan%C3%A9-krivou-ihlou-p%C3%B4vodn%C3%BD-vlastn%C3%ADk-nezn%C3%A1my.jpg?resize=800%2C838&#038;ssl=1\" alt=\"\" class=\"wp-image-12716\" srcset=\"https:\/\/i0.wp.com\/www.atelier-reklama.sk\/blog\/wp-content\/uploads\/2023\/03\/%C5%A0atka-Litava-pol.-20.-stor.-vy%C5%A1%C3%ADvan%C3%A9-krivou-ihlou-p%C3%B4vodn%C3%BD-vlastn%C3%ADk-nezn%C3%A1my-scaled.jpg?resize=977%2C1024&amp;ssl=1 977w, https:\/\/i0.wp.com\/www.atelier-reklama.sk\/blog\/wp-content\/uploads\/2023\/03\/%C5%A0atka-Litava-pol.-20.-stor.-vy%C5%A1%C3%ADvan%C3%A9-krivou-ihlou-p%C3%B4vodn%C3%BD-vlastn%C3%ADk-nezn%C3%A1my-scaled.jpg?resize=286%2C300&amp;ssl=1 286w, https:\/\/i0.wp.com\/www.atelier-reklama.sk\/blog\/wp-content\/uploads\/2023\/03\/%C5%A0atka-Litava-pol.-20.-stor.-vy%C5%A1%C3%ADvan%C3%A9-krivou-ihlou-p%C3%B4vodn%C3%BD-vlastn%C3%ADk-nezn%C3%A1my-scaled.jpg?resize=768%2C805&amp;ssl=1 768w, https:\/\/i0.wp.com\/www.atelier-reklama.sk\/blog\/wp-content\/uploads\/2023\/03\/%C5%A0atka-Litava-pol.-20.-stor.-vy%C5%A1%C3%ADvan%C3%A9-krivou-ihlou-p%C3%B4vodn%C3%BD-vlastn%C3%ADk-nezn%C3%A1my-scaled.jpg?resize=1466%2C1536&amp;ssl=1 1466w, https:\/\/i0.wp.com\/www.atelier-reklama.sk\/blog\/wp-content\/uploads\/2023\/03\/%C5%A0atka-Litava-pol.-20.-stor.-vy%C5%A1%C3%ADvan%C3%A9-krivou-ihlou-p%C3%B4vodn%C3%BD-vlastn%C3%ADk-nezn%C3%A1my-scaled.jpg?resize=1954%2C2048&amp;ssl=1 1954w, https:\/\/i0.wp.com\/www.atelier-reklama.sk\/blog\/wp-content\/uploads\/2023\/03\/%C5%A0atka-Litava-pol.-20.-stor.-vy%C5%A1%C3%ADvan%C3%A9-krivou-ihlou-p%C3%B4vodn%C3%BD-vlastn%C3%ADk-nezn%C3%A1my-scaled.jpg?w=1600&amp;ssl=1 1600w, https:\/\/i0.wp.com\/www.atelier-reklama.sk\/blog\/wp-content\/uploads\/2023\/03\/%C5%A0atka-Litava-pol.-20.-stor.-vy%C5%A1%C3%ADvan%C3%A9-krivou-ihlou-p%C3%B4vodn%C3%BD-vlastn%C3%ADk-nezn%C3%A1my-scaled.jpg?w=2400&amp;ssl=1 2400w\" sizes=\"auto, (max-width: 800px) 100vw, 800px\" \/><\/figure>\n\n\n\n<figure class=\"wp-block-image size-large\"><img data-recalc-dims=\"1\" loading=\"lazy\" decoding=\"async\" width=\"800\" height=\"566\" data-attachment-id=\"12754\" data-permalink=\"https:\/\/www.atelier-reklama.sk\/blog\/moj-krekacsky-kroj-a-jeho-prekreslene-vzory-spolu\/8-satka-litava-pol-20-st-kriva-ihla-povodny-vlastnik-neznamy\/\" data-orig-file=\"https:\/\/i0.wp.com\/www.atelier-reklama.sk\/blog\/wp-content\/uploads\/2023\/03\/8.%C5%A0atka-Litava-pol.-20.-st.-kriv%C3%A1-ihla-p%C3%B4vodn%C3%BD-vlastn%C3%ADk-nezn%C3%A1my-scaled.jpg?fit=2560%2C1810&amp;ssl=1\" data-orig-size=\"2560,1810\" data-comments-opened=\"1\" data-image-meta=\"{&quot;aperture&quot;:&quot;0&quot;,&quot;credit&quot;:&quot;&quot;,&quot;camera&quot;:&quot;&quot;,&quot;caption&quot;:&quot;&quot;,&quot;created_timestamp&quot;:&quot;0&quot;,&quot;copyright&quot;:&quot;&quot;,&quot;focal_length&quot;:&quot;0&quot;,&quot;iso&quot;:&quot;0&quot;,&quot;shutter_speed&quot;:&quot;0&quot;,&quot;title&quot;:&quot;&quot;,&quot;orientation&quot;:&quot;0&quot;}\" data-image-title=\"8.\u0160atka-Litava-pol.-20.-st.-kriv\u00e1-ihla-p\u00f4vodn\u00fd-vlastn\u00edk-nezn\u00e1my\" data-image-description=\"\" data-image-caption=\"\" data-medium-file=\"https:\/\/i0.wp.com\/www.atelier-reklama.sk\/blog\/wp-content\/uploads\/2023\/03\/8.%C5%A0atka-Litava-pol.-20.-st.-kriv%C3%A1-ihla-p%C3%B4vodn%C3%BD-vlastn%C3%ADk-nezn%C3%A1my-scaled.jpg?fit=300%2C212&amp;ssl=1\" data-large-file=\"https:\/\/i0.wp.com\/www.atelier-reklama.sk\/blog\/wp-content\/uploads\/2023\/03\/8.%C5%A0atka-Litava-pol.-20.-st.-kriv%C3%A1-ihla-p%C3%B4vodn%C3%BD-vlastn%C3%ADk-nezn%C3%A1my-scaled.jpg?fit=800%2C566&amp;ssl=1\" src=\"https:\/\/i0.wp.com\/www.atelier-reklama.sk\/blog\/wp-content\/uploads\/2023\/03\/8.%C5%A0atka-Litava-pol.-20.-st.-kriv%C3%A1-ihla-p%C3%B4vodn%C3%BD-vlastn%C3%ADk-nezn%C3%A1my.jpg?resize=800%2C566&#038;ssl=1\" alt=\"\" class=\"wp-image-12754\" srcset=\"https:\/\/i0.wp.com\/www.atelier-reklama.sk\/blog\/wp-content\/uploads\/2023\/03\/8.%C5%A0atka-Litava-pol.-20.-st.-kriv%C3%A1-ihla-p%C3%B4vodn%C3%BD-vlastn%C3%ADk-nezn%C3%A1my-scaled.jpg?resize=1024%2C724&amp;ssl=1 1024w, https:\/\/i0.wp.com\/www.atelier-reklama.sk\/blog\/wp-content\/uploads\/2023\/03\/8.%C5%A0atka-Litava-pol.-20.-st.-kriv%C3%A1-ihla-p%C3%B4vodn%C3%BD-vlastn%C3%ADk-nezn%C3%A1my-scaled.jpg?resize=300%2C212&amp;ssl=1 300w, https:\/\/i0.wp.com\/www.atelier-reklama.sk\/blog\/wp-content\/uploads\/2023\/03\/8.%C5%A0atka-Litava-pol.-20.-st.-kriv%C3%A1-ihla-p%C3%B4vodn%C3%BD-vlastn%C3%ADk-nezn%C3%A1my-scaled.jpg?resize=768%2C543&amp;ssl=1 768w, https:\/\/i0.wp.com\/www.atelier-reklama.sk\/blog\/wp-content\/uploads\/2023\/03\/8.%C5%A0atka-Litava-pol.-20.-st.-kriv%C3%A1-ihla-p%C3%B4vodn%C3%BD-vlastn%C3%ADk-nezn%C3%A1my-scaled.jpg?resize=1536%2C1086&amp;ssl=1 1536w, https:\/\/i0.wp.com\/www.atelier-reklama.sk\/blog\/wp-content\/uploads\/2023\/03\/8.%C5%A0atka-Litava-pol.-20.-st.-kriv%C3%A1-ihla-p%C3%B4vodn%C3%BD-vlastn%C3%ADk-nezn%C3%A1my-scaled.jpg?resize=2048%2C1448&amp;ssl=1 2048w, https:\/\/i0.wp.com\/www.atelier-reklama.sk\/blog\/wp-content\/uploads\/2023\/03\/8.%C5%A0atka-Litava-pol.-20.-st.-kriv%C3%A1-ihla-p%C3%B4vodn%C3%BD-vlastn%C3%ADk-nezn%C3%A1my-scaled.jpg?w=1600&amp;ssl=1 1600w, https:\/\/i0.wp.com\/www.atelier-reklama.sk\/blog\/wp-content\/uploads\/2023\/03\/8.%C5%A0atka-Litava-pol.-20.-st.-kriv%C3%A1-ihla-p%C3%B4vodn%C3%BD-vlastn%C3%ADk-nezn%C3%A1my-scaled.jpg?w=2400&amp;ssl=1 2400w\" sizes=\"auto, (max-width: 800px) 100vw, 800px\" \/><\/figure>\n\n\n\n<figure class=\"wp-block-image size-large\"><img data-recalc-dims=\"1\" loading=\"lazy\" decoding=\"async\" width=\"800\" height=\"600\" data-attachment-id=\"12717\" data-permalink=\"https:\/\/www.atelier-reklama.sk\/blog\/moj-krekacsky-kroj-a-jeho-prekreslene-vzory-spolu\/satka-roh-litava-pol-20-stor-vysivane-krivou-ihlou-povodny-vlastnik-neznamy\/\" data-orig-file=\"https:\/\/i0.wp.com\/www.atelier-reklama.sk\/blog\/wp-content\/uploads\/2023\/03\/%C5%A0atka-roh-Litava-pol.-20.-stor.-vy%C5%A1%C3%ADvan%C3%A9-krivou-ihlou-p%C3%B4vodn%C3%BD-vlastn%C3%ADk-nezn%C3%A1my-scaled.jpg?fit=2560%2C1920&amp;ssl=1\" data-orig-size=\"2560,1920\" data-comments-opened=\"1\" data-image-meta=\"{&quot;aperture&quot;:&quot;2&quot;,&quot;credit&quot;:&quot;&quot;,&quot;camera&quot;:&quot;SM-A125F&quot;,&quot;caption&quot;:&quot;&quot;,&quot;created_timestamp&quot;:&quot;1678100943&quot;,&quot;copyright&quot;:&quot;&quot;,&quot;focal_length&quot;:&quot;4.6&quot;,&quot;iso&quot;:&quot;40&quot;,&quot;shutter_speed&quot;:&quot;0.02&quot;,&quot;title&quot;:&quot;&quot;,&quot;orientation&quot;:&quot;1&quot;}\" data-image-title=\"\u0160atka-roh-Litava-pol.-20.-stor.-vy\u0161\u00edvan\u00e9-krivou-ihlou-p\u00f4vodn\u00fd-vlastn\u00edk-nezn\u00e1my\" data-image-description=\"\" data-image-caption=\"\" data-medium-file=\"https:\/\/i0.wp.com\/www.atelier-reklama.sk\/blog\/wp-content\/uploads\/2023\/03\/%C5%A0atka-roh-Litava-pol.-20.-stor.-vy%C5%A1%C3%ADvan%C3%A9-krivou-ihlou-p%C3%B4vodn%C3%BD-vlastn%C3%ADk-nezn%C3%A1my-scaled.jpg?fit=300%2C225&amp;ssl=1\" data-large-file=\"https:\/\/i0.wp.com\/www.atelier-reklama.sk\/blog\/wp-content\/uploads\/2023\/03\/%C5%A0atka-roh-Litava-pol.-20.-stor.-vy%C5%A1%C3%ADvan%C3%A9-krivou-ihlou-p%C3%B4vodn%C3%BD-vlastn%C3%ADk-nezn%C3%A1my-scaled.jpg?fit=800%2C600&amp;ssl=1\" src=\"https:\/\/i0.wp.com\/www.atelier-reklama.sk\/blog\/wp-content\/uploads\/2023\/03\/%C5%A0atka-roh-Litava-pol.-20.-stor.-vy%C5%A1%C3%ADvan%C3%A9-krivou-ihlou-p%C3%B4vodn%C3%BD-vlastn%C3%ADk-nezn%C3%A1my.jpg?resize=800%2C600&#038;ssl=1\" alt=\"\" class=\"wp-image-12717\" srcset=\"https:\/\/i0.wp.com\/www.atelier-reklama.sk\/blog\/wp-content\/uploads\/2023\/03\/%C5%A0atka-roh-Litava-pol.-20.-stor.-vy%C5%A1%C3%ADvan%C3%A9-krivou-ihlou-p%C3%B4vodn%C3%BD-vlastn%C3%ADk-nezn%C3%A1my-scaled.jpg?resize=1024%2C768&amp;ssl=1 1024w, https:\/\/i0.wp.com\/www.atelier-reklama.sk\/blog\/wp-content\/uploads\/2023\/03\/%C5%A0atka-roh-Litava-pol.-20.-stor.-vy%C5%A1%C3%ADvan%C3%A9-krivou-ihlou-p%C3%B4vodn%C3%BD-vlastn%C3%ADk-nezn%C3%A1my-scaled.jpg?resize=300%2C225&amp;ssl=1 300w, https:\/\/i0.wp.com\/www.atelier-reklama.sk\/blog\/wp-content\/uploads\/2023\/03\/%C5%A0atka-roh-Litava-pol.-20.-stor.-vy%C5%A1%C3%ADvan%C3%A9-krivou-ihlou-p%C3%B4vodn%C3%BD-vlastn%C3%ADk-nezn%C3%A1my-scaled.jpg?resize=768%2C576&amp;ssl=1 768w, https:\/\/i0.wp.com\/www.atelier-reklama.sk\/blog\/wp-content\/uploads\/2023\/03\/%C5%A0atka-roh-Litava-pol.-20.-stor.-vy%C5%A1%C3%ADvan%C3%A9-krivou-ihlou-p%C3%B4vodn%C3%BD-vlastn%C3%ADk-nezn%C3%A1my-scaled.jpg?resize=1536%2C1152&amp;ssl=1 1536w, https:\/\/i0.wp.com\/www.atelier-reklama.sk\/blog\/wp-content\/uploads\/2023\/03\/%C5%A0atka-roh-Litava-pol.-20.-stor.-vy%C5%A1%C3%ADvan%C3%A9-krivou-ihlou-p%C3%B4vodn%C3%BD-vlastn%C3%ADk-nezn%C3%A1my-scaled.jpg?resize=2048%2C1536&amp;ssl=1 2048w, https:\/\/i0.wp.com\/www.atelier-reklama.sk\/blog\/wp-content\/uploads\/2023\/03\/%C5%A0atka-roh-Litava-pol.-20.-stor.-vy%C5%A1%C3%ADvan%C3%A9-krivou-ihlou-p%C3%B4vodn%C3%BD-vlastn%C3%ADk-nezn%C3%A1my-scaled.jpg?w=1600&amp;ssl=1 1600w, https:\/\/i0.wp.com\/www.atelier-reklama.sk\/blog\/wp-content\/uploads\/2023\/03\/%C5%A0atka-roh-Litava-pol.-20.-stor.-vy%C5%A1%C3%ADvan%C3%A9-krivou-ihlou-p%C3%B4vodn%C3%BD-vlastn%C3%ADk-nezn%C3%A1my-scaled.jpg?w=2400&amp;ssl=1 2400w\" sizes=\"auto, (max-width: 800px) 100vw, 800px\" \/><\/figure>\n\n\n\n<figure class=\"wp-block-image size-large\"><img data-recalc-dims=\"1\" loading=\"lazy\" decoding=\"async\" width=\"800\" height=\"615\" data-attachment-id=\"12718\" data-permalink=\"https:\/\/www.atelier-reklama.sk\/blog\/moj-krekacsky-kroj-a-jeho-prekreslene-vzory-spolu\/satka-litava-pol-20-stor-vysivane-krivou-ihlou-povodny-vlastnik-neznamy-2\/\" data-orig-file=\"https:\/\/i0.wp.com\/www.atelier-reklama.sk\/blog\/wp-content\/uploads\/2023\/03\/%C5%A0atka-Litava-pol.-20.-stor.-vy%C5%A1%C3%ADvan%C3%A9-krivou-ihlou-p%C3%B4vodn%C3%BD-vlastn%C3%ADk-nezn%C3%A1my.-scaled.jpg?fit=2560%2C1969&amp;ssl=1\" data-orig-size=\"2560,1969\" data-comments-opened=\"1\" data-image-meta=\"{&quot;aperture&quot;:&quot;2&quot;,&quot;credit&quot;:&quot;&quot;,&quot;camera&quot;:&quot;SM-A125F&quot;,&quot;caption&quot;:&quot;&quot;,&quot;created_timestamp&quot;:&quot;1678100952&quot;,&quot;copyright&quot;:&quot;&quot;,&quot;focal_length&quot;:&quot;4.6&quot;,&quot;iso&quot;:&quot;50&quot;,&quot;shutter_speed&quot;:&quot;0.02&quot;,&quot;title&quot;:&quot;&quot;,&quot;orientation&quot;:&quot;1&quot;}\" data-image-title=\"\u0160atka-Litava-pol.-20.-stor.-vy\u0161\u00edvan\u00e9-krivou-ihlou-p\u00f4vodn\u00fd-vlastn\u00edk-nezn\u00e1my.\" data-image-description=\"\" data-image-caption=\"\" data-medium-file=\"https:\/\/i0.wp.com\/www.atelier-reklama.sk\/blog\/wp-content\/uploads\/2023\/03\/%C5%A0atka-Litava-pol.-20.-stor.-vy%C5%A1%C3%ADvan%C3%A9-krivou-ihlou-p%C3%B4vodn%C3%BD-vlastn%C3%ADk-nezn%C3%A1my.-scaled.jpg?fit=300%2C231&amp;ssl=1\" data-large-file=\"https:\/\/i0.wp.com\/www.atelier-reklama.sk\/blog\/wp-content\/uploads\/2023\/03\/%C5%A0atka-Litava-pol.-20.-stor.-vy%C5%A1%C3%ADvan%C3%A9-krivou-ihlou-p%C3%B4vodn%C3%BD-vlastn%C3%ADk-nezn%C3%A1my.-scaled.jpg?fit=800%2C615&amp;ssl=1\" src=\"https:\/\/i0.wp.com\/www.atelier-reklama.sk\/blog\/wp-content\/uploads\/2023\/03\/%C5%A0atka-Litava-pol.-20.-stor.-vy%C5%A1%C3%ADvan%C3%A9-krivou-ihlou-p%C3%B4vodn%C3%BD-vlastn%C3%ADk-nezn%C3%A1my..jpg?resize=800%2C615&#038;ssl=1\" alt=\"\" class=\"wp-image-12718\" srcset=\"https:\/\/i0.wp.com\/www.atelier-reklama.sk\/blog\/wp-content\/uploads\/2023\/03\/%C5%A0atka-Litava-pol.-20.-stor.-vy%C5%A1%C3%ADvan%C3%A9-krivou-ihlou-p%C3%B4vodn%C3%BD-vlastn%C3%ADk-nezn%C3%A1my.-scaled.jpg?resize=1024%2C787&amp;ssl=1 1024w, https:\/\/i0.wp.com\/www.atelier-reklama.sk\/blog\/wp-content\/uploads\/2023\/03\/%C5%A0atka-Litava-pol.-20.-stor.-vy%C5%A1%C3%ADvan%C3%A9-krivou-ihlou-p%C3%B4vodn%C3%BD-vlastn%C3%ADk-nezn%C3%A1my.-scaled.jpg?resize=300%2C231&amp;ssl=1 300w, https:\/\/i0.wp.com\/www.atelier-reklama.sk\/blog\/wp-content\/uploads\/2023\/03\/%C5%A0atka-Litava-pol.-20.-stor.-vy%C5%A1%C3%ADvan%C3%A9-krivou-ihlou-p%C3%B4vodn%C3%BD-vlastn%C3%ADk-nezn%C3%A1my.-scaled.jpg?resize=768%2C591&amp;ssl=1 768w, https:\/\/i0.wp.com\/www.atelier-reklama.sk\/blog\/wp-content\/uploads\/2023\/03\/%C5%A0atka-Litava-pol.-20.-stor.-vy%C5%A1%C3%ADvan%C3%A9-krivou-ihlou-p%C3%B4vodn%C3%BD-vlastn%C3%ADk-nezn%C3%A1my.-scaled.jpg?resize=1536%2C1181&amp;ssl=1 1536w, https:\/\/i0.wp.com\/www.atelier-reklama.sk\/blog\/wp-content\/uploads\/2023\/03\/%C5%A0atka-Litava-pol.-20.-stor.-vy%C5%A1%C3%ADvan%C3%A9-krivou-ihlou-p%C3%B4vodn%C3%BD-vlastn%C3%ADk-nezn%C3%A1my.-scaled.jpg?resize=2048%2C1575&amp;ssl=1 2048w, https:\/\/i0.wp.com\/www.atelier-reklama.sk\/blog\/wp-content\/uploads\/2023\/03\/%C5%A0atka-Litava-pol.-20.-stor.-vy%C5%A1%C3%ADvan%C3%A9-krivou-ihlou-p%C3%B4vodn%C3%BD-vlastn%C3%ADk-nezn%C3%A1my.-scaled.jpg?w=1600&amp;ssl=1 1600w, https:\/\/i0.wp.com\/www.atelier-reklama.sk\/blog\/wp-content\/uploads\/2023\/03\/%C5%A0atka-Litava-pol.-20.-stor.-vy%C5%A1%C3%ADvan%C3%A9-krivou-ihlou-p%C3%B4vodn%C3%BD-vlastn%C3%ADk-nezn%C3%A1my.-scaled.jpg?w=2400&amp;ssl=1 2400w\" sizes=\"auto, (max-width: 800px) 100vw, 800px\" \/><\/figure>\n\n\n\n<p>Preskenovan\u00e1 \u0161atka<\/p>\n\n\n\n<figure class=\"wp-block-image size-large\"><img data-recalc-dims=\"1\" loading=\"lazy\" decoding=\"async\" width=\"743\" height=\"1024\" data-attachment-id=\"12737\" data-permalink=\"https:\/\/www.atelier-reklama.sk\/blog\/moj-krekacsky-kroj-a-jeho-prekreslene-vzory-spolu\/satka_-litava_-kriva-ihla_-povodny-vlast_-neznamy\/\" data-orig-file=\"https:\/\/i0.wp.com\/www.atelier-reklama.sk\/blog\/wp-content\/uploads\/2023\/03\/%C5%A0atka_-Litava_-kriv%C3%A1-ihla_-p%C3%B4vodn%C3%BD-vlast_-nezn%C3%A1my--scaled.jpg?fit=1859%2C2560&amp;ssl=1\" data-orig-size=\"1859,2560\" data-comments-opened=\"1\" data-image-meta=\"{&quot;aperture&quot;:&quot;0&quot;,&quot;credit&quot;:&quot;&quot;,&quot;camera&quot;:&quot;&quot;,&quot;caption&quot;:&quot;&quot;,&quot;created_timestamp&quot;:&quot;0&quot;,&quot;copyright&quot;:&quot;&quot;,&quot;focal_length&quot;:&quot;0&quot;,&quot;iso&quot;:&quot;0&quot;,&quot;shutter_speed&quot;:&quot;0&quot;,&quot;title&quot;:&quot;&quot;,&quot;orientation&quot;:&quot;0&quot;}\" data-image-title=\"\u0160atka_-Litava_-kriv\u00e1-ihla_-p\u00f4vodn\u00fd-vlast_-nezn\u00e1my-\" data-image-description=\"\" data-image-caption=\"\" data-medium-file=\"https:\/\/i0.wp.com\/www.atelier-reklama.sk\/blog\/wp-content\/uploads\/2023\/03\/%C5%A0atka_-Litava_-kriv%C3%A1-ihla_-p%C3%B4vodn%C3%BD-vlast_-nezn%C3%A1my--scaled.jpg?fit=218%2C300&amp;ssl=1\" data-large-file=\"https:\/\/i0.wp.com\/www.atelier-reklama.sk\/blog\/wp-content\/uploads\/2023\/03\/%C5%A0atka_-Litava_-kriv%C3%A1-ihla_-p%C3%B4vodn%C3%BD-vlast_-nezn%C3%A1my--scaled.jpg?fit=743%2C1024&amp;ssl=1\" src=\"https:\/\/i0.wp.com\/www.atelier-reklama.sk\/blog\/wp-content\/uploads\/2023\/03\/%C5%A0atka_-Litava_-kriv%C3%A1-ihla_-p%C3%B4vodn%C3%BD-vlast_-nezn%C3%A1my-.jpg?resize=743%2C1024&#038;ssl=1\" alt=\"\" class=\"wp-image-12737\" srcset=\"https:\/\/i0.wp.com\/www.atelier-reklama.sk\/blog\/wp-content\/uploads\/2023\/03\/%C5%A0atka_-Litava_-kriv%C3%A1-ihla_-p%C3%B4vodn%C3%BD-vlast_-nezn%C3%A1my--scaled.jpg?resize=743%2C1024&amp;ssl=1 743w, https:\/\/i0.wp.com\/www.atelier-reklama.sk\/blog\/wp-content\/uploads\/2023\/03\/%C5%A0atka_-Litava_-kriv%C3%A1-ihla_-p%C3%B4vodn%C3%BD-vlast_-nezn%C3%A1my--scaled.jpg?resize=218%2C300&amp;ssl=1 218w, https:\/\/i0.wp.com\/www.atelier-reklama.sk\/blog\/wp-content\/uploads\/2023\/03\/%C5%A0atka_-Litava_-kriv%C3%A1-ihla_-p%C3%B4vodn%C3%BD-vlast_-nezn%C3%A1my--scaled.jpg?resize=768%2C1058&amp;ssl=1 768w, https:\/\/i0.wp.com\/www.atelier-reklama.sk\/blog\/wp-content\/uploads\/2023\/03\/%C5%A0atka_-Litava_-kriv%C3%A1-ihla_-p%C3%B4vodn%C3%BD-vlast_-nezn%C3%A1my--scaled.jpg?resize=1115%2C1536&amp;ssl=1 1115w, https:\/\/i0.wp.com\/www.atelier-reklama.sk\/blog\/wp-content\/uploads\/2023\/03\/%C5%A0atka_-Litava_-kriv%C3%A1-ihla_-p%C3%B4vodn%C3%BD-vlast_-nezn%C3%A1my--scaled.jpg?resize=1487%2C2048&amp;ssl=1 1487w, https:\/\/i0.wp.com\/www.atelier-reklama.sk\/blog\/wp-content\/uploads\/2023\/03\/%C5%A0atka_-Litava_-kriv%C3%A1-ihla_-p%C3%B4vodn%C3%BD-vlast_-nezn%C3%A1my--scaled.jpg?w=1859&amp;ssl=1 1859w, https:\/\/i0.wp.com\/www.atelier-reklama.sk\/blog\/wp-content\/uploads\/2023\/03\/%C5%A0atka_-Litava_-kriv%C3%A1-ihla_-p%C3%B4vodn%C3%BD-vlast_-nezn%C3%A1my--scaled.jpg?w=1600&amp;ssl=1 1600w\" sizes=\"auto, (max-width: 743px) 100vw, 743px\" \/><\/figure>\n\n\n\n<figure class=\"wp-block-image size-large\"><img data-recalc-dims=\"1\" loading=\"lazy\" decoding=\"async\" width=\"743\" height=\"1024\" data-attachment-id=\"12738\" data-permalink=\"https:\/\/www.atelier-reklama.sk\/blog\/moj-krekacsky-kroj-a-jeho-prekreslene-vzory-spolu\/satka_-litava_-kriva-ihla_-povodny-vlast_-neznamy-2\/\" data-orig-file=\"https:\/\/i0.wp.com\/www.atelier-reklama.sk\/blog\/wp-content\/uploads\/2023\/03\/%C5%A0atka_-Litava_-kriv%C3%A1-ihla_-p%C3%B4vodn%C3%BD-vlast_-nezn%C3%A1my-scaled.jpg?fit=1859%2C2560&amp;ssl=1\" data-orig-size=\"1859,2560\" data-comments-opened=\"1\" data-image-meta=\"{&quot;aperture&quot;:&quot;0&quot;,&quot;credit&quot;:&quot;&quot;,&quot;camera&quot;:&quot;&quot;,&quot;caption&quot;:&quot;&quot;,&quot;created_timestamp&quot;:&quot;1678138430&quot;,&quot;copyright&quot;:&quot;&quot;,&quot;focal_length&quot;:&quot;0&quot;,&quot;iso&quot;:&quot;0&quot;,&quot;shutter_speed&quot;:&quot;0&quot;,&quot;title&quot;:&quot;&quot;,&quot;orientation&quot;:&quot;1&quot;}\" data-image-title=\"\u0160atka_-Litava_-kriv\u00e1-ihla_-p\u00f4vodn\u00fd-vlast_-nezn\u00e1my\" data-image-description=\"\" data-image-caption=\"\" data-medium-file=\"https:\/\/i0.wp.com\/www.atelier-reklama.sk\/blog\/wp-content\/uploads\/2023\/03\/%C5%A0atka_-Litava_-kriv%C3%A1-ihla_-p%C3%B4vodn%C3%BD-vlast_-nezn%C3%A1my-scaled.jpg?fit=218%2C300&amp;ssl=1\" data-large-file=\"https:\/\/i0.wp.com\/www.atelier-reklama.sk\/blog\/wp-content\/uploads\/2023\/03\/%C5%A0atka_-Litava_-kriv%C3%A1-ihla_-p%C3%B4vodn%C3%BD-vlast_-nezn%C3%A1my-scaled.jpg?fit=743%2C1024&amp;ssl=1\" src=\"https:\/\/i0.wp.com\/www.atelier-reklama.sk\/blog\/wp-content\/uploads\/2023\/03\/%C5%A0atka_-Litava_-kriv%C3%A1-ihla_-p%C3%B4vodn%C3%BD-vlast_-nezn%C3%A1my.jpg?resize=743%2C1024&#038;ssl=1\" alt=\"\" class=\"wp-image-12738\" srcset=\"https:\/\/i0.wp.com\/www.atelier-reklama.sk\/blog\/wp-content\/uploads\/2023\/03\/%C5%A0atka_-Litava_-kriv%C3%A1-ihla_-p%C3%B4vodn%C3%BD-vlast_-nezn%C3%A1my-scaled.jpg?resize=743%2C1024&amp;ssl=1 743w, https:\/\/i0.wp.com\/www.atelier-reklama.sk\/blog\/wp-content\/uploads\/2023\/03\/%C5%A0atka_-Litava_-kriv%C3%A1-ihla_-p%C3%B4vodn%C3%BD-vlast_-nezn%C3%A1my-scaled.jpg?resize=218%2C300&amp;ssl=1 218w, https:\/\/i0.wp.com\/www.atelier-reklama.sk\/blog\/wp-content\/uploads\/2023\/03\/%C5%A0atka_-Litava_-kriv%C3%A1-ihla_-p%C3%B4vodn%C3%BD-vlast_-nezn%C3%A1my-scaled.jpg?resize=768%2C1058&amp;ssl=1 768w, https:\/\/i0.wp.com\/www.atelier-reklama.sk\/blog\/wp-content\/uploads\/2023\/03\/%C5%A0atka_-Litava_-kriv%C3%A1-ihla_-p%C3%B4vodn%C3%BD-vlast_-nezn%C3%A1my-scaled.jpg?resize=1115%2C1536&amp;ssl=1 1115w, https:\/\/i0.wp.com\/www.atelier-reklama.sk\/blog\/wp-content\/uploads\/2023\/03\/%C5%A0atka_-Litava_-kriv%C3%A1-ihla_-p%C3%B4vodn%C3%BD-vlast_-nezn%C3%A1my-scaled.jpg?resize=1487%2C2048&amp;ssl=1 1487w, https:\/\/i0.wp.com\/www.atelier-reklama.sk\/blog\/wp-content\/uploads\/2023\/03\/%C5%A0atka_-Litava_-kriv%C3%A1-ihla_-p%C3%B4vodn%C3%BD-vlast_-nezn%C3%A1my-scaled.jpg?w=1859&amp;ssl=1 1859w, https:\/\/i0.wp.com\/www.atelier-reklama.sk\/blog\/wp-content\/uploads\/2023\/03\/%C5%A0atka_-Litava_-kriv%C3%A1-ihla_-p%C3%B4vodn%C3%BD-vlast_-nezn%C3%A1my-scaled.jpg?w=1600&amp;ssl=1 1600w\" sizes=\"auto, (max-width: 743px) 100vw, 743px\" \/><\/figure>\n\n\n\n<h6 class=\"wp-block-heading has-text-align-center\">Ru\u010dn\u00ed\u010dky do ruky, za p\u00e1s<\/h6>\n\n\n\n<p>s\u00fa z bieleho pl\u00e1tna, obh\u00e1\u010dkovan\u00e9, alebo ob\u0161it\u00e9 bavlnenou madeirovou \u010dipkou,  v\u00e4\u010d\u0161inou vy\u0161it\u00e9 pln\u00fdm ploch\u00fdm stehom. Nosil sa len vo sviato\u010dn\u00e9 pr\u00edle\u017eitosti v ruke, alebo sa zasunul za p\u00e1s a zaistil dvakr\u00e1t op\u00e1sanou tkanicou.  <\/p>\n\n\n\n<figure class=\"wp-block-image size-large\"><img data-recalc-dims=\"1\" loading=\"lazy\" decoding=\"async\" width=\"527\" height=\"1024\" data-attachment-id=\"8449\" data-permalink=\"https:\/\/www.atelier-reklama.sk\/blog\/rucnicek\/\" data-orig-file=\"https:\/\/i0.wp.com\/www.atelier-reklama.sk\/blog\/wp-content\/uploads\/2020\/01\/ru%C4%8Dn%C3%AD%C4%8Dek.jpg?fit=603%2C1171&amp;ssl=1\" data-orig-size=\"603,1171\" data-comments-opened=\"1\" data-image-meta=\"{&quot;aperture&quot;:&quot;0&quot;,&quot;credit&quot;:&quot;&quot;,&quot;camera&quot;:&quot;&quot;,&quot;caption&quot;:&quot;&quot;,&quot;created_timestamp&quot;:&quot;1577723365&quot;,&quot;copyright&quot;:&quot;&quot;,&quot;focal_length&quot;:&quot;0&quot;,&quot;iso&quot;:&quot;0&quot;,&quot;shutter_speed&quot;:&quot;0&quot;,&quot;title&quot;:&quot;&quot;,&quot;orientation&quot;:&quot;1&quot;}\" data-image-title=\"ru\u010dn\u00ed\u010dek\" data-image-description=\"\" data-image-caption=\"\" data-medium-file=\"https:\/\/i0.wp.com\/www.atelier-reklama.sk\/blog\/wp-content\/uploads\/2020\/01\/ru%C4%8Dn%C3%AD%C4%8Dek.jpg?fit=154%2C300&amp;ssl=1\" data-large-file=\"https:\/\/i0.wp.com\/www.atelier-reklama.sk\/blog\/wp-content\/uploads\/2020\/01\/ru%C4%8Dn%C3%AD%C4%8Dek.jpg?fit=527%2C1024&amp;ssl=1\" src=\"https:\/\/i0.wp.com\/www.atelier-reklama.sk\/blog\/wp-content\/uploads\/2020\/01\/ru%C4%8Dn%C3%AD%C4%8Dek.jpg?resize=527%2C1024&#038;ssl=1\" alt=\"\" class=\"wp-image-8449\" srcset=\"https:\/\/i0.wp.com\/www.atelier-reklama.sk\/blog\/wp-content\/uploads\/2020\/01\/ru%C4%8Dn%C3%AD%C4%8Dek.jpg?resize=527%2C1024&amp;ssl=1 527w, https:\/\/i0.wp.com\/www.atelier-reklama.sk\/blog\/wp-content\/uploads\/2020\/01\/ru%C4%8Dn%C3%AD%C4%8Dek.jpg?resize=154%2C300&amp;ssl=1 154w, https:\/\/i0.wp.com\/www.atelier-reklama.sk\/blog\/wp-content\/uploads\/2020\/01\/ru%C4%8Dn%C3%AD%C4%8Dek.jpg?w=603&amp;ssl=1 603w\" sizes=\"auto, (max-width: 527px) 100vw, 527px\" \/><figcaption class=\"wp-element-caption\">Vy\u0161\u00edvan\u00fd ru\u010dn\u00ed\u010dek za p\u00e1s<\/figcaption><\/figure>\n\n\n\n<figure class=\"wp-block-image size-large\"><img data-recalc-dims=\"1\" loading=\"lazy\" decoding=\"async\" width=\"800\" height=\"713\" data-attachment-id=\"8451\" data-permalink=\"https:\/\/www.atelier-reklama.sk\/blog\/rucnicekvreckovka-margitka-sedmakova-1024x912\/\" data-orig-file=\"https:\/\/i0.wp.com\/www.atelier-reklama.sk\/blog\/wp-content\/uploads\/2020\/01\/Ru%C4%8Dn%C3%AD%C4%8Dekvreckovka-Margitka-Sedm%C3%A1kov%C3%A1-1024x912.jpg?fit=1024%2C912&amp;ssl=1\" data-orig-size=\"1024,912\" data-comments-opened=\"1\" data-image-meta=\"{&quot;aperture&quot;:&quot;0&quot;,&quot;credit&quot;:&quot;&quot;,&quot;camera&quot;:&quot;&quot;,&quot;caption&quot;:&quot;&quot;,&quot;created_timestamp&quot;:&quot;0&quot;,&quot;copyright&quot;:&quot;&quot;,&quot;focal_length&quot;:&quot;0&quot;,&quot;iso&quot;:&quot;0&quot;,&quot;shutter_speed&quot;:&quot;0&quot;,&quot;title&quot;:&quot;&quot;,&quot;orientation&quot;:&quot;0&quot;}\" data-image-title=\"Ru\u010dn\u00ed\u010dekvreckovka-Margitka-Sedm\u00e1kov\u00e1-1024&#215;912\" data-image-description=\"\" data-image-caption=\"\" data-medium-file=\"https:\/\/i0.wp.com\/www.atelier-reklama.sk\/blog\/wp-content\/uploads\/2020\/01\/Ru%C4%8Dn%C3%AD%C4%8Dekvreckovka-Margitka-Sedm%C3%A1kov%C3%A1-1024x912.jpg?fit=300%2C267&amp;ssl=1\" data-large-file=\"https:\/\/i0.wp.com\/www.atelier-reklama.sk\/blog\/wp-content\/uploads\/2020\/01\/Ru%C4%8Dn%C3%AD%C4%8Dekvreckovka-Margitka-Sedm%C3%A1kov%C3%A1-1024x912.jpg?fit=800%2C713&amp;ssl=1\" src=\"https:\/\/i0.wp.com\/www.atelier-reklama.sk\/blog\/wp-content\/uploads\/2020\/01\/Ru%C4%8Dn%C3%AD%C4%8Dekvreckovka-Margitka-Sedm%C3%A1kov%C3%A1-1024x912-1024x912.jpg?resize=800%2C713&#038;ssl=1\" alt=\"\" class=\"wp-image-8451\" srcset=\"https:\/\/i0.wp.com\/www.atelier-reklama.sk\/blog\/wp-content\/uploads\/2020\/01\/Ru%C4%8Dn%C3%AD%C4%8Dekvreckovka-Margitka-Sedm%C3%A1kov%C3%A1-1024x912.jpg?resize=1024%2C912&amp;ssl=1 1024w, https:\/\/i0.wp.com\/www.atelier-reklama.sk\/blog\/wp-content\/uploads\/2020\/01\/Ru%C4%8Dn%C3%AD%C4%8Dekvreckovka-Margitka-Sedm%C3%A1kov%C3%A1-1024x912.jpg?resize=300%2C267&amp;ssl=1 300w, https:\/\/i0.wp.com\/www.atelier-reklama.sk\/blog\/wp-content\/uploads\/2020\/01\/Ru%C4%8Dn%C3%AD%C4%8Dekvreckovka-Margitka-Sedm%C3%A1kov%C3%A1-1024x912.jpg?resize=768%2C684&amp;ssl=1 768w\" sizes=\"auto, (max-width: 800px) 100vw, 800px\" \/><figcaption class=\"wp-element-caption\">Ru\u010dn\u00ed\u010dek z Jal\u0161ov\u00edka, vlastn\u00edk rodina Sedm\u00e1kov\u00e1<\/figcaption><\/figure>\n\n\n\n<figure class=\"wp-block-image size-large\"><img data-recalc-dims=\"1\" loading=\"lazy\" decoding=\"async\" width=\"800\" height=\"889\" data-attachment-id=\"8445\" data-permalink=\"https:\/\/www.atelier-reklama.sk\/blog\/20191230_152554\/\" data-orig-file=\"https:\/\/i0.wp.com\/www.atelier-reklama.sk\/blog\/wp-content\/uploads\/2020\/01\/20191230_152554.jpg?fit=3008%2C3339&amp;ssl=1\" data-orig-size=\"3008,3339\" data-comments-opened=\"1\" data-image-meta=\"{&quot;aperture&quot;:&quot;1.9&quot;,&quot;credit&quot;:&quot;&quot;,&quot;camera&quot;:&quot;SM-A202F&quot;,&quot;caption&quot;:&quot;&quot;,&quot;created_timestamp&quot;:&quot;1577719506&quot;,&quot;copyright&quot;:&quot;&quot;,&quot;focal_length&quot;:&quot;3.6&quot;,&quot;iso&quot;:&quot;64&quot;,&quot;shutter_speed&quot;:&quot;0.02&quot;,&quot;title&quot;:&quot;&quot;,&quot;orientation&quot;:&quot;0&quot;}\" data-image-title=\"20191230_152554\" data-image-description=\"\" data-image-caption=\"\" data-medium-file=\"https:\/\/i0.wp.com\/www.atelier-reklama.sk\/blog\/wp-content\/uploads\/2020\/01\/20191230_152554.jpg?fit=270%2C300&amp;ssl=1\" data-large-file=\"https:\/\/i0.wp.com\/www.atelier-reklama.sk\/blog\/wp-content\/uploads\/2020\/01\/20191230_152554.jpg?fit=800%2C889&amp;ssl=1\" src=\"https:\/\/i0.wp.com\/www.atelier-reklama.sk\/blog\/wp-content\/uploads\/2020\/01\/20191230_152554.jpg?resize=800%2C889&#038;ssl=1\" alt=\"\" class=\"wp-image-8445\" srcset=\"https:\/\/i0.wp.com\/www.atelier-reklama.sk\/blog\/wp-content\/uploads\/2020\/01\/20191230_152554.jpg?resize=922%2C1024&amp;ssl=1 922w, https:\/\/i0.wp.com\/www.atelier-reklama.sk\/blog\/wp-content\/uploads\/2020\/01\/20191230_152554.jpg?resize=270%2C300&amp;ssl=1 270w, https:\/\/i0.wp.com\/www.atelier-reklama.sk\/blog\/wp-content\/uploads\/2020\/01\/20191230_152554.jpg?resize=768%2C853&amp;ssl=1 768w, https:\/\/i0.wp.com\/www.atelier-reklama.sk\/blog\/wp-content\/uploads\/2020\/01\/20191230_152554.jpg?w=1600&amp;ssl=1 1600w, https:\/\/i0.wp.com\/www.atelier-reklama.sk\/blog\/wp-content\/uploads\/2020\/01\/20191230_152554.jpg?w=2400&amp;ssl=1 2400w\" sizes=\"auto, (max-width: 800px) 100vw, 800px\" \/><\/figure>\n\n\n\n<p>Ru\u010dn\u00ed\u010dky, vzor z okolia Bzov\u00edka<\/p>\n\n\n\n<figure class=\"wp-block-image size-large\"><img data-recalc-dims=\"1\" loading=\"lazy\" decoding=\"async\" width=\"743\" height=\"1024\" data-attachment-id=\"12867\" data-permalink=\"https:\/\/www.atelier-reklama.sk\/blog\/moj-krekacsky-kroj-a-jeho-prekreslene-vzory-spolu\/9d-rucnicky-za-pas-do-ruky-vzor-z-okolia-bzovika-prva-pol-20-st_-1024x724-1\/\" data-orig-file=\"https:\/\/i0.wp.com\/www.atelier-reklama.sk\/blog\/wp-content\/uploads\/2023\/03\/9D-Ru%C4%8Dn%C3%AD%C4%8Dky-za-p%C3%A1s-do-ruky-vzor-z-okolia-Bzov%C3%ADka-prv%C3%A1-pol.-20.st_.-1024x724-1-scaled.jpg?fit=1859%2C2560&amp;ssl=1\" data-orig-size=\"1859,2560\" data-comments-opened=\"1\" data-image-meta=\"{&quot;aperture&quot;:&quot;0&quot;,&quot;credit&quot;:&quot;&quot;,&quot;camera&quot;:&quot;&quot;,&quot;caption&quot;:&quot;&quot;,&quot;created_timestamp&quot;:&quot;0&quot;,&quot;copyright&quot;:&quot;&quot;,&quot;focal_length&quot;:&quot;0&quot;,&quot;iso&quot;:&quot;0&quot;,&quot;shutter_speed&quot;:&quot;0&quot;,&quot;title&quot;:&quot;&quot;,&quot;orientation&quot;:&quot;0&quot;}\" data-image-title=\"9D-Ru\u010dn\u00ed\u010dky-za-p\u00e1s-do-ruky-vzor-z-okolia-Bzov\u00edka-prv\u00e1-pol.-20.st_.-1024&#215;724-1\" data-image-description=\"\" data-image-caption=\"\" data-medium-file=\"https:\/\/i0.wp.com\/www.atelier-reklama.sk\/blog\/wp-content\/uploads\/2023\/03\/9D-Ru%C4%8Dn%C3%AD%C4%8Dky-za-p%C3%A1s-do-ruky-vzor-z-okolia-Bzov%C3%ADka-prv%C3%A1-pol.-20.st_.-1024x724-1-scaled.jpg?fit=218%2C300&amp;ssl=1\" data-large-file=\"https:\/\/i0.wp.com\/www.atelier-reklama.sk\/blog\/wp-content\/uploads\/2023\/03\/9D-Ru%C4%8Dn%C3%AD%C4%8Dky-za-p%C3%A1s-do-ruky-vzor-z-okolia-Bzov%C3%ADka-prv%C3%A1-pol.-20.st_.-1024x724-1-scaled.jpg?fit=743%2C1024&amp;ssl=1\" src=\"https:\/\/i0.wp.com\/www.atelier-reklama.sk\/blog\/wp-content\/uploads\/2023\/03\/9D-Ru%C4%8Dn%C3%AD%C4%8Dky-za-p%C3%A1s-do-ruky-vzor-z-okolia-Bzov%C3%ADka-prv%C3%A1-pol.-20.st_.-1024x724-1.jpg?resize=743%2C1024&#038;ssl=1\" alt=\"\" class=\"wp-image-12867\" srcset=\"https:\/\/i0.wp.com\/www.atelier-reklama.sk\/blog\/wp-content\/uploads\/2023\/03\/9D-Ru%C4%8Dn%C3%AD%C4%8Dky-za-p%C3%A1s-do-ruky-vzor-z-okolia-Bzov%C3%ADka-prv%C3%A1-pol.-20.st_.-1024x724-1-scaled.jpg?resize=743%2C1024&amp;ssl=1 743w, https:\/\/i0.wp.com\/www.atelier-reklama.sk\/blog\/wp-content\/uploads\/2023\/03\/9D-Ru%C4%8Dn%C3%AD%C4%8Dky-za-p%C3%A1s-do-ruky-vzor-z-okolia-Bzov%C3%ADka-prv%C3%A1-pol.-20.st_.-1024x724-1-scaled.jpg?resize=218%2C300&amp;ssl=1 218w, https:\/\/i0.wp.com\/www.atelier-reklama.sk\/blog\/wp-content\/uploads\/2023\/03\/9D-Ru%C4%8Dn%C3%AD%C4%8Dky-za-p%C3%A1s-do-ruky-vzor-z-okolia-Bzov%C3%ADka-prv%C3%A1-pol.-20.st_.-1024x724-1-scaled.jpg?resize=768%2C1058&amp;ssl=1 768w, https:\/\/i0.wp.com\/www.atelier-reklama.sk\/blog\/wp-content\/uploads\/2023\/03\/9D-Ru%C4%8Dn%C3%AD%C4%8Dky-za-p%C3%A1s-do-ruky-vzor-z-okolia-Bzov%C3%ADka-prv%C3%A1-pol.-20.st_.-1024x724-1-scaled.jpg?resize=1115%2C1536&amp;ssl=1 1115w, https:\/\/i0.wp.com\/www.atelier-reklama.sk\/blog\/wp-content\/uploads\/2023\/03\/9D-Ru%C4%8Dn%C3%AD%C4%8Dky-za-p%C3%A1s-do-ruky-vzor-z-okolia-Bzov%C3%ADka-prv%C3%A1-pol.-20.st_.-1024x724-1-scaled.jpg?resize=1487%2C2048&amp;ssl=1 1487w, https:\/\/i0.wp.com\/www.atelier-reklama.sk\/blog\/wp-content\/uploads\/2023\/03\/9D-Ru%C4%8Dn%C3%AD%C4%8Dky-za-p%C3%A1s-do-ruky-vzor-z-okolia-Bzov%C3%ADka-prv%C3%A1-pol.-20.st_.-1024x724-1-scaled.jpg?w=1859&amp;ssl=1 1859w, https:\/\/i0.wp.com\/www.atelier-reklama.sk\/blog\/wp-content\/uploads\/2023\/03\/9D-Ru%C4%8Dn%C3%AD%C4%8Dky-za-p%C3%A1s-do-ruky-vzor-z-okolia-Bzov%C3%ADka-prv%C3%A1-pol.-20.st_.-1024x724-1-scaled.jpg?w=1600&amp;ssl=1 1600w\" sizes=\"auto, (max-width: 743px) 100vw, 743px\" \/><\/figure>\n\n\n\n<figure class=\"wp-block-image size-large\"><img data-recalc-dims=\"1\" loading=\"lazy\" decoding=\"async\" width=\"743\" height=\"1024\" data-attachment-id=\"12868\" data-permalink=\"https:\/\/www.atelier-reklama.sk\/blog\/moj-krekacsky-kroj-a-jeho-prekreslene-vzory-spolu\/9e-rucnicky-pre-zenu-za-pas-do-ruky-okolie-bzovika\/\" data-orig-file=\"https:\/\/i0.wp.com\/www.atelier-reklama.sk\/blog\/wp-content\/uploads\/2023\/03\/9E-Ru%C4%8Dn%C3%AD%C4%8Dky-pre-%C5%BEenu-za-p%C3%A1s-do-ruky-okolie-Bzov%C3%ADka-scaled.jpg?fit=1859%2C2560&amp;ssl=1\" data-orig-size=\"1859,2560\" data-comments-opened=\"1\" data-image-meta=\"{&quot;aperture&quot;:&quot;0&quot;,&quot;credit&quot;:&quot;&quot;,&quot;camera&quot;:&quot;&quot;,&quot;caption&quot;:&quot;&quot;,&quot;created_timestamp&quot;:&quot;0&quot;,&quot;copyright&quot;:&quot;&quot;,&quot;focal_length&quot;:&quot;0&quot;,&quot;iso&quot;:&quot;0&quot;,&quot;shutter_speed&quot;:&quot;0&quot;,&quot;title&quot;:&quot;&quot;,&quot;orientation&quot;:&quot;0&quot;}\" data-image-title=\"9E-Ru\u010dn\u00ed\u010dky-pre-\u017eenu-za-p\u00e1s-do-ruky-okolie-Bzov\u00edka\" data-image-description=\"\" data-image-caption=\"\" data-medium-file=\"https:\/\/i0.wp.com\/www.atelier-reklama.sk\/blog\/wp-content\/uploads\/2023\/03\/9E-Ru%C4%8Dn%C3%AD%C4%8Dky-pre-%C5%BEenu-za-p%C3%A1s-do-ruky-okolie-Bzov%C3%ADka-scaled.jpg?fit=218%2C300&amp;ssl=1\" data-large-file=\"https:\/\/i0.wp.com\/www.atelier-reklama.sk\/blog\/wp-content\/uploads\/2023\/03\/9E-Ru%C4%8Dn%C3%AD%C4%8Dky-pre-%C5%BEenu-za-p%C3%A1s-do-ruky-okolie-Bzov%C3%ADka-scaled.jpg?fit=743%2C1024&amp;ssl=1\" src=\"https:\/\/i0.wp.com\/www.atelier-reklama.sk\/blog\/wp-content\/uploads\/2023\/03\/9E-Ru%C4%8Dn%C3%AD%C4%8Dky-pre-%C5%BEenu-za-p%C3%A1s-do-ruky-okolie-Bzov%C3%ADka.jpg?resize=743%2C1024&#038;ssl=1\" alt=\"\" class=\"wp-image-12868\" srcset=\"https:\/\/i0.wp.com\/www.atelier-reklama.sk\/blog\/wp-content\/uploads\/2023\/03\/9E-Ru%C4%8Dn%C3%AD%C4%8Dky-pre-%C5%BEenu-za-p%C3%A1s-do-ruky-okolie-Bzov%C3%ADka-scaled.jpg?resize=743%2C1024&amp;ssl=1 743w, https:\/\/i0.wp.com\/www.atelier-reklama.sk\/blog\/wp-content\/uploads\/2023\/03\/9E-Ru%C4%8Dn%C3%AD%C4%8Dky-pre-%C5%BEenu-za-p%C3%A1s-do-ruky-okolie-Bzov%C3%ADka-scaled.jpg?resize=218%2C300&amp;ssl=1 218w, https:\/\/i0.wp.com\/www.atelier-reklama.sk\/blog\/wp-content\/uploads\/2023\/03\/9E-Ru%C4%8Dn%C3%AD%C4%8Dky-pre-%C5%BEenu-za-p%C3%A1s-do-ruky-okolie-Bzov%C3%ADka-scaled.jpg?resize=768%2C1058&amp;ssl=1 768w, https:\/\/i0.wp.com\/www.atelier-reklama.sk\/blog\/wp-content\/uploads\/2023\/03\/9E-Ru%C4%8Dn%C3%AD%C4%8Dky-pre-%C5%BEenu-za-p%C3%A1s-do-ruky-okolie-Bzov%C3%ADka-scaled.jpg?resize=1115%2C1536&amp;ssl=1 1115w, https:\/\/i0.wp.com\/www.atelier-reklama.sk\/blog\/wp-content\/uploads\/2023\/03\/9E-Ru%C4%8Dn%C3%AD%C4%8Dky-pre-%C5%BEenu-za-p%C3%A1s-do-ruky-okolie-Bzov%C3%ADka-scaled.jpg?resize=1487%2C2048&amp;ssl=1 1487w, https:\/\/i0.wp.com\/www.atelier-reklama.sk\/blog\/wp-content\/uploads\/2023\/03\/9E-Ru%C4%8Dn%C3%AD%C4%8Dky-pre-%C5%BEenu-za-p%C3%A1s-do-ruky-okolie-Bzov%C3%ADka-scaled.jpg?w=1859&amp;ssl=1 1859w, https:\/\/i0.wp.com\/www.atelier-reklama.sk\/blog\/wp-content\/uploads\/2023\/03\/9E-Ru%C4%8Dn%C3%AD%C4%8Dky-pre-%C5%BEenu-za-p%C3%A1s-do-ruky-okolie-Bzov%C3%ADka-scaled.jpg?w=1600&amp;ssl=1 1600w\" sizes=\"auto, (max-width: 743px) 100vw, 743px\" \/><\/figure>\n\n\n\n<figure class=\"wp-block-image size-large\"><img data-recalc-dims=\"1\" loading=\"lazy\" decoding=\"async\" width=\"800\" height=\"566\" data-attachment-id=\"12752\" data-permalink=\"https:\/\/www.atelier-reklama.sk\/blog\/moj-krekacsky-kroj-a-jeho-prekreslene-vzory-spolu\/rucnicky-za-pas-do-ruky-vzor-z-okolia-bzovika-prva-pol-20-st_\/\" data-orig-file=\"https:\/\/i0.wp.com\/www.atelier-reklama.sk\/blog\/wp-content\/uploads\/2023\/03\/Ru%C4%8Dn%C3%AD%C4%8Dky-za-p%C3%A1s-do-ruky-vzor-z-okolia-Bzov%C3%ADka-prv%C3%A1-pol.-20.st_.-scaled.jpg?fit=2560%2C1810&amp;ssl=1\" data-orig-size=\"2560,1810\" data-comments-opened=\"1\" data-image-meta=\"{&quot;aperture&quot;:&quot;0&quot;,&quot;credit&quot;:&quot;&quot;,&quot;camera&quot;:&quot;&quot;,&quot;caption&quot;:&quot;&quot;,&quot;created_timestamp&quot;:&quot;0&quot;,&quot;copyright&quot;:&quot;&quot;,&quot;focal_length&quot;:&quot;0&quot;,&quot;iso&quot;:&quot;0&quot;,&quot;shutter_speed&quot;:&quot;0&quot;,&quot;title&quot;:&quot;&quot;,&quot;orientation&quot;:&quot;0&quot;}\" data-image-title=\"Ru\u010dn\u00ed\u010dky-za-p\u00e1s-do-ruky-vzor-z-okolia-Bzov\u00edka-prv\u00e1-pol.-20.st_.\" data-image-description=\"\" data-image-caption=\"\" data-medium-file=\"https:\/\/i0.wp.com\/www.atelier-reklama.sk\/blog\/wp-content\/uploads\/2023\/03\/Ru%C4%8Dn%C3%AD%C4%8Dky-za-p%C3%A1s-do-ruky-vzor-z-okolia-Bzov%C3%ADka-prv%C3%A1-pol.-20.st_.-scaled.jpg?fit=300%2C212&amp;ssl=1\" data-large-file=\"https:\/\/i0.wp.com\/www.atelier-reklama.sk\/blog\/wp-content\/uploads\/2023\/03\/Ru%C4%8Dn%C3%AD%C4%8Dky-za-p%C3%A1s-do-ruky-vzor-z-okolia-Bzov%C3%ADka-prv%C3%A1-pol.-20.st_.-scaled.jpg?fit=800%2C566&amp;ssl=1\" src=\"https:\/\/i0.wp.com\/www.atelier-reklama.sk\/blog\/wp-content\/uploads\/2023\/03\/Ru%C4%8Dn%C3%AD%C4%8Dky-za-p%C3%A1s-do-ruky-vzor-z-okolia-Bzov%C3%ADka-prv%C3%A1-pol.-20.st_..jpg?resize=800%2C566&#038;ssl=1\" alt=\"\" class=\"wp-image-12752\" srcset=\"https:\/\/i0.wp.com\/www.atelier-reklama.sk\/blog\/wp-content\/uploads\/2023\/03\/Ru%C4%8Dn%C3%AD%C4%8Dky-za-p%C3%A1s-do-ruky-vzor-z-okolia-Bzov%C3%ADka-prv%C3%A1-pol.-20.st_.-scaled.jpg?resize=1024%2C724&amp;ssl=1 1024w, https:\/\/i0.wp.com\/www.atelier-reklama.sk\/blog\/wp-content\/uploads\/2023\/03\/Ru%C4%8Dn%C3%AD%C4%8Dky-za-p%C3%A1s-do-ruky-vzor-z-okolia-Bzov%C3%ADka-prv%C3%A1-pol.-20.st_.-scaled.jpg?resize=300%2C212&amp;ssl=1 300w, https:\/\/i0.wp.com\/www.atelier-reklama.sk\/blog\/wp-content\/uploads\/2023\/03\/Ru%C4%8Dn%C3%AD%C4%8Dky-za-p%C3%A1s-do-ruky-vzor-z-okolia-Bzov%C3%ADka-prv%C3%A1-pol.-20.st_.-scaled.jpg?resize=768%2C543&amp;ssl=1 768w, https:\/\/i0.wp.com\/www.atelier-reklama.sk\/blog\/wp-content\/uploads\/2023\/03\/Ru%C4%8Dn%C3%AD%C4%8Dky-za-p%C3%A1s-do-ruky-vzor-z-okolia-Bzov%C3%ADka-prv%C3%A1-pol.-20.st_.-scaled.jpg?resize=1536%2C1086&amp;ssl=1 1536w, https:\/\/i0.wp.com\/www.atelier-reklama.sk\/blog\/wp-content\/uploads\/2023\/03\/Ru%C4%8Dn%C3%AD%C4%8Dky-za-p%C3%A1s-do-ruky-vzor-z-okolia-Bzov%C3%ADka-prv%C3%A1-pol.-20.st_.-scaled.jpg?resize=2048%2C1448&amp;ssl=1 2048w, https:\/\/i0.wp.com\/www.atelier-reklama.sk\/blog\/wp-content\/uploads\/2023\/03\/Ru%C4%8Dn%C3%AD%C4%8Dky-za-p%C3%A1s-do-ruky-vzor-z-okolia-Bzov%C3%ADka-prv%C3%A1-pol.-20.st_.-scaled.jpg?w=1600&amp;ssl=1 1600w, https:\/\/i0.wp.com\/www.atelier-reklama.sk\/blog\/wp-content\/uploads\/2023\/03\/Ru%C4%8Dn%C3%AD%C4%8Dky-za-p%C3%A1s-do-ruky-vzor-z-okolia-Bzov%C3%ADka-prv%C3%A1-pol.-20.st_.-scaled.jpg?w=2400&amp;ssl=1 2400w\" sizes=\"auto, (max-width: 800px) 100vw, 800px\" \/><\/figure>\n\n\n\n<figure class=\"wp-block-image size-large\"><img data-recalc-dims=\"1\" loading=\"lazy\" decoding=\"async\" width=\"800\" height=\"815\" data-attachment-id=\"12865\" data-permalink=\"https:\/\/www.atelier-reklama.sk\/blog\/moj-krekacsky-kroj-a-jeho-prekreslene-vzory-spolu\/9g-rucnicky-za-pas-do-ruky-vzor-z-okolia-bzovika-prva-pol-20-st_\/\" data-orig-file=\"https:\/\/i0.wp.com\/www.atelier-reklama.sk\/blog\/wp-content\/uploads\/2023\/03\/9G-Ru%C4%8Dn%C3%AD%C4%8Dky-za-p%C3%A1s-do-ruky-vzor-z-okolia-Bzov%C3%ADka-prv%C3%A1-pol.-20.st_..jpg?fit=1005%2C1024&amp;ssl=1\" data-orig-size=\"1005,1024\" data-comments-opened=\"1\" data-image-meta=\"{&quot;aperture&quot;:&quot;0&quot;,&quot;credit&quot;:&quot;&quot;,&quot;camera&quot;:&quot;&quot;,&quot;caption&quot;:&quot;&quot;,&quot;created_timestamp&quot;:&quot;0&quot;,&quot;copyright&quot;:&quot;&quot;,&quot;focal_length&quot;:&quot;0&quot;,&quot;iso&quot;:&quot;0&quot;,&quot;shutter_speed&quot;:&quot;0&quot;,&quot;title&quot;:&quot;&quot;,&quot;orientation&quot;:&quot;0&quot;}\" data-image-title=\"9G-Ru\u010dn\u00ed\u010dky-za-p\u00e1s-do-ruky-vzor-z-okolia-Bzov\u00edka-prv\u00e1-pol.-20.st_.\" data-image-description=\"\" data-image-caption=\"\" data-medium-file=\"https:\/\/i0.wp.com\/www.atelier-reklama.sk\/blog\/wp-content\/uploads\/2023\/03\/9G-Ru%C4%8Dn%C3%AD%C4%8Dky-za-p%C3%A1s-do-ruky-vzor-z-okolia-Bzov%C3%ADka-prv%C3%A1-pol.-20.st_..jpg?fit=294%2C300&amp;ssl=1\" data-large-file=\"https:\/\/i0.wp.com\/www.atelier-reklama.sk\/blog\/wp-content\/uploads\/2023\/03\/9G-Ru%C4%8Dn%C3%AD%C4%8Dky-za-p%C3%A1s-do-ruky-vzor-z-okolia-Bzov%C3%ADka-prv%C3%A1-pol.-20.st_..jpg?fit=800%2C815&amp;ssl=1\" src=\"https:\/\/i0.wp.com\/www.atelier-reklama.sk\/blog\/wp-content\/uploads\/2023\/03\/9G-Ru%C4%8Dn%C3%AD%C4%8Dky-za-p%C3%A1s-do-ruky-vzor-z-okolia-Bzov%C3%ADka-prv%C3%A1-pol.-20.st_..jpg?resize=800%2C815&#038;ssl=1\" alt=\"\" class=\"wp-image-12865\" srcset=\"https:\/\/i0.wp.com\/www.atelier-reklama.sk\/blog\/wp-content\/uploads\/2023\/03\/9G-Ru%C4%8Dn%C3%AD%C4%8Dky-za-p%C3%A1s-do-ruky-vzor-z-okolia-Bzov%C3%ADka-prv%C3%A1-pol.-20.st_..jpg?w=1005&amp;ssl=1 1005w, https:\/\/i0.wp.com\/www.atelier-reklama.sk\/blog\/wp-content\/uploads\/2023\/03\/9G-Ru%C4%8Dn%C3%AD%C4%8Dky-za-p%C3%A1s-do-ruky-vzor-z-okolia-Bzov%C3%ADka-prv%C3%A1-pol.-20.st_..jpg?resize=294%2C300&amp;ssl=1 294w, https:\/\/i0.wp.com\/www.atelier-reklama.sk\/blog\/wp-content\/uploads\/2023\/03\/9G-Ru%C4%8Dn%C3%AD%C4%8Dky-za-p%C3%A1s-do-ruky-vzor-z-okolia-Bzov%C3%ADka-prv%C3%A1-pol.-20.st_..jpg?resize=768%2C783&amp;ssl=1 768w\" sizes=\"auto, (max-width: 800px) 100vw, 800px\" \/><\/figure>\n\n\n\n<figure class=\"wp-block-image size-large\"><img data-recalc-dims=\"1\" loading=\"lazy\" decoding=\"async\" width=\"800\" height=\"781\" data-attachment-id=\"12866\" data-permalink=\"https:\/\/www.atelier-reklama.sk\/blog\/moj-krekacsky-kroj-a-jeho-prekreslene-vzory-spolu\/9h-rucnicky-za-pas-do-ruky-vzor-z-okolia-bzovika-prva-pol-20-st_\/\" data-orig-file=\"https:\/\/i0.wp.com\/www.atelier-reklama.sk\/blog\/wp-content\/uploads\/2023\/03\/9H-Ru%C4%8Dn%C3%AD%C4%8Dky-za-p%C3%A1s-do-ruky-vzor-z-okolia-Bzov%C3%ADka-prv%C3%A1-pol.-20.st_..jpg?fit=904%2C882&amp;ssl=1\" data-orig-size=\"904,882\" data-comments-opened=\"1\" data-image-meta=\"{&quot;aperture&quot;:&quot;0&quot;,&quot;credit&quot;:&quot;&quot;,&quot;camera&quot;:&quot;&quot;,&quot;caption&quot;:&quot;&quot;,&quot;created_timestamp&quot;:&quot;1678528588&quot;,&quot;copyright&quot;:&quot;&quot;,&quot;focal_length&quot;:&quot;0&quot;,&quot;iso&quot;:&quot;0&quot;,&quot;shutter_speed&quot;:&quot;0&quot;,&quot;title&quot;:&quot;&quot;,&quot;orientation&quot;:&quot;1&quot;}\" data-image-title=\"9H-Ru\u010dn\u00ed\u010dky-za-p\u00e1s-do-ruky-vzor-z-okolia-Bzov\u00edka-prv\u00e1-pol.-20.st_.\" data-image-description=\"\" data-image-caption=\"\" data-medium-file=\"https:\/\/i0.wp.com\/www.atelier-reklama.sk\/blog\/wp-content\/uploads\/2023\/03\/9H-Ru%C4%8Dn%C3%AD%C4%8Dky-za-p%C3%A1s-do-ruky-vzor-z-okolia-Bzov%C3%ADka-prv%C3%A1-pol.-20.st_..jpg?fit=300%2C293&amp;ssl=1\" data-large-file=\"https:\/\/i0.wp.com\/www.atelier-reklama.sk\/blog\/wp-content\/uploads\/2023\/03\/9H-Ru%C4%8Dn%C3%AD%C4%8Dky-za-p%C3%A1s-do-ruky-vzor-z-okolia-Bzov%C3%ADka-prv%C3%A1-pol.-20.st_..jpg?fit=800%2C781&amp;ssl=1\" src=\"https:\/\/i0.wp.com\/www.atelier-reklama.sk\/blog\/wp-content\/uploads\/2023\/03\/9H-Ru%C4%8Dn%C3%AD%C4%8Dky-za-p%C3%A1s-do-ruky-vzor-z-okolia-Bzov%C3%ADka-prv%C3%A1-pol.-20.st_..jpg?resize=800%2C781&#038;ssl=1\" alt=\"\" class=\"wp-image-12866\" srcset=\"https:\/\/i0.wp.com\/www.atelier-reklama.sk\/blog\/wp-content\/uploads\/2023\/03\/9H-Ru%C4%8Dn%C3%AD%C4%8Dky-za-p%C3%A1s-do-ruky-vzor-z-okolia-Bzov%C3%ADka-prv%C3%A1-pol.-20.st_..jpg?w=904&amp;ssl=1 904w, https:\/\/i0.wp.com\/www.atelier-reklama.sk\/blog\/wp-content\/uploads\/2023\/03\/9H-Ru%C4%8Dn%C3%AD%C4%8Dky-za-p%C3%A1s-do-ruky-vzor-z-okolia-Bzov%C3%ADka-prv%C3%A1-pol.-20.st_..jpg?resize=300%2C293&amp;ssl=1 300w, https:\/\/i0.wp.com\/www.atelier-reklama.sk\/blog\/wp-content\/uploads\/2023\/03\/9H-Ru%C4%8Dn%C3%AD%C4%8Dky-za-p%C3%A1s-do-ruky-vzor-z-okolia-Bzov%C3%ADka-prv%C3%A1-pol.-20.st_..jpg?resize=768%2C749&amp;ssl=1 768w\" sizes=\"auto, (max-width: 800px) 100vw, 800px\" \/><\/figure>\n\n\n\n<figure class=\"wp-block-image size-large\"><img data-recalc-dims=\"1\" loading=\"lazy\" decoding=\"async\" width=\"800\" height=\"566\" data-attachment-id=\"12780\" data-permalink=\"https:\/\/www.atelier-reklama.sk\/blog\/moj-krekacsky-kroj-a-jeho-prekreslene-vzory-spolu\/rucnicky-za-pas\/\" data-orig-file=\"https:\/\/i0.wp.com\/www.atelier-reklama.sk\/blog\/wp-content\/uploads\/2023\/03\/Ru%C4%8Dn%C3%AD%C4%8Dky-za-p%C3%A1s-scaled.jpg?fit=2560%2C1810&amp;ssl=1\" data-orig-size=\"2560,1810\" data-comments-opened=\"1\" data-image-meta=\"{&quot;aperture&quot;:&quot;0&quot;,&quot;credit&quot;:&quot;&quot;,&quot;camera&quot;:&quot;&quot;,&quot;caption&quot;:&quot;&quot;,&quot;created_timestamp&quot;:&quot;0&quot;,&quot;copyright&quot;:&quot;&quot;,&quot;focal_length&quot;:&quot;0&quot;,&quot;iso&quot;:&quot;0&quot;,&quot;shutter_speed&quot;:&quot;0&quot;,&quot;title&quot;:&quot;&quot;,&quot;orientation&quot;:&quot;0&quot;}\" data-image-title=\"Ru\u010dn\u00ed\u010dky-za-p\u00e1s\" data-image-description=\"\" data-image-caption=\"\" data-medium-file=\"https:\/\/i0.wp.com\/www.atelier-reklama.sk\/blog\/wp-content\/uploads\/2023\/03\/Ru%C4%8Dn%C3%AD%C4%8Dky-za-p%C3%A1s-scaled.jpg?fit=300%2C212&amp;ssl=1\" data-large-file=\"https:\/\/i0.wp.com\/www.atelier-reklama.sk\/blog\/wp-content\/uploads\/2023\/03\/Ru%C4%8Dn%C3%AD%C4%8Dky-za-p%C3%A1s-scaled.jpg?fit=800%2C566&amp;ssl=1\" src=\"https:\/\/i0.wp.com\/www.atelier-reklama.sk\/blog\/wp-content\/uploads\/2023\/03\/Ru%C4%8Dn%C3%AD%C4%8Dky-za-p%C3%A1s.jpg?resize=800%2C566&#038;ssl=1\" alt=\"\" class=\"wp-image-12780\" srcset=\"https:\/\/i0.wp.com\/www.atelier-reklama.sk\/blog\/wp-content\/uploads\/2023\/03\/Ru%C4%8Dn%C3%AD%C4%8Dky-za-p%C3%A1s-scaled.jpg?resize=1024%2C724&amp;ssl=1 1024w, https:\/\/i0.wp.com\/www.atelier-reklama.sk\/blog\/wp-content\/uploads\/2023\/03\/Ru%C4%8Dn%C3%AD%C4%8Dky-za-p%C3%A1s-scaled.jpg?resize=300%2C212&amp;ssl=1 300w, https:\/\/i0.wp.com\/www.atelier-reklama.sk\/blog\/wp-content\/uploads\/2023\/03\/Ru%C4%8Dn%C3%AD%C4%8Dky-za-p%C3%A1s-scaled.jpg?resize=768%2C543&amp;ssl=1 768w, https:\/\/i0.wp.com\/www.atelier-reklama.sk\/blog\/wp-content\/uploads\/2023\/03\/Ru%C4%8Dn%C3%AD%C4%8Dky-za-p%C3%A1s-scaled.jpg?resize=1536%2C1086&amp;ssl=1 1536w, https:\/\/i0.wp.com\/www.atelier-reklama.sk\/blog\/wp-content\/uploads\/2023\/03\/Ru%C4%8Dn%C3%AD%C4%8Dky-za-p%C3%A1s-scaled.jpg?resize=2048%2C1448&amp;ssl=1 2048w, https:\/\/i0.wp.com\/www.atelier-reklama.sk\/blog\/wp-content\/uploads\/2023\/03\/Ru%C4%8Dn%C3%AD%C4%8Dky-za-p%C3%A1s-scaled.jpg?w=1600&amp;ssl=1 1600w, https:\/\/i0.wp.com\/www.atelier-reklama.sk\/blog\/wp-content\/uploads\/2023\/03\/Ru%C4%8Dn%C3%AD%C4%8Dky-za-p%C3%A1s-scaled.jpg?w=2400&amp;ssl=1 2400w\" sizes=\"auto, (max-width: 800px) 100vw, 800px\" \/><\/figure>\n\n\n\n<figure class=\"wp-block-image aligncenter size-large\"><img data-recalc-dims=\"1\" loading=\"lazy\" decoding=\"async\" width=\"387\" height=\"451\" data-attachment-id=\"8448\" data-permalink=\"https:\/\/www.atelier-reklama.sk\/blog\/rucnicek-evicka\/\" data-orig-file=\"https:\/\/i0.wp.com\/www.atelier-reklama.sk\/blog\/wp-content\/uploads\/2020\/01\/Rucnicek-Evicka.jpg?fit=387%2C451&amp;ssl=1\" data-orig-size=\"387,451\" data-comments-opened=\"1\" data-image-meta=\"{&quot;aperture&quot;:&quot;0&quot;,&quot;credit&quot;:&quot;&quot;,&quot;camera&quot;:&quot;&quot;,&quot;caption&quot;:&quot;&quot;,&quot;created_timestamp&quot;:&quot;1577876089&quot;,&quot;copyright&quot;:&quot;&quot;,&quot;focal_length&quot;:&quot;0&quot;,&quot;iso&quot;:&quot;0&quot;,&quot;shutter_speed&quot;:&quot;0&quot;,&quot;title&quot;:&quot;&quot;,&quot;orientation&quot;:&quot;1&quot;}\" data-image-title=\"Rucnicek Evicka\" data-image-description=\"\" data-image-caption=\"\" data-medium-file=\"https:\/\/i0.wp.com\/www.atelier-reklama.sk\/blog\/wp-content\/uploads\/2020\/01\/Rucnicek-Evicka.jpg?fit=257%2C300&amp;ssl=1\" data-large-file=\"https:\/\/i0.wp.com\/www.atelier-reklama.sk\/blog\/wp-content\/uploads\/2020\/01\/Rucnicek-Evicka.jpg?fit=387%2C451&amp;ssl=1\" src=\"https:\/\/i0.wp.com\/www.atelier-reklama.sk\/blog\/wp-content\/uploads\/2020\/01\/Rucnicek-Evicka.jpg?resize=387%2C451&#038;ssl=1\" alt=\"\" class=\"wp-image-8448\" srcset=\"https:\/\/i0.wp.com\/www.atelier-reklama.sk\/blog\/wp-content\/uploads\/2020\/01\/Rucnicek-Evicka.jpg?w=387&amp;ssl=1 387w, https:\/\/i0.wp.com\/www.atelier-reklama.sk\/blog\/wp-content\/uploads\/2020\/01\/Rucnicek-Evicka.jpg?resize=257%2C300&amp;ssl=1 257w\" sizes=\"auto, (max-width: 387px) 100vw, 387px\" \/><\/figure>\n\n\n\n<p class=\"has-text-align-center\">Ru\u010dn\u00ed\u010dky z Plie\u0161oviec<\/p>\n\n\n\n<figure class=\"wp-block-image size-large\"><img data-recalc-dims=\"1\" loading=\"lazy\" decoding=\"async\" width=\"800\" height=\"566\" data-attachment-id=\"12750\" data-permalink=\"https:\/\/www.atelier-reklama.sk\/blog\/moj-krekacsky-kroj-a-jeho-prekreslene-vzory-spolu\/rucnicek-pliesovce-prva-pol-20-st_-vlastnik-alena-moskova-prekreslila-anna-cepakova\/\" data-orig-file=\"https:\/\/i0.wp.com\/www.atelier-reklama.sk\/blog\/wp-content\/uploads\/2023\/03\/Ru%C4%8Dn%C3%AD%C4%8Dek-Plie%C5%A1ovce-prv%C3%A1-pol.-20.st_.-vlastn%C3%ADk-Alena-Mo%C5%A1kov%C3%A1-prekreslila-Anna-%C4%8Cep%C3%A1kov%C3%A1-scaled.jpg?fit=2560%2C1810&amp;ssl=1\" data-orig-size=\"2560,1810\" data-comments-opened=\"1\" data-image-meta=\"{&quot;aperture&quot;:&quot;0&quot;,&quot;credit&quot;:&quot;&quot;,&quot;camera&quot;:&quot;&quot;,&quot;caption&quot;:&quot;&quot;,&quot;created_timestamp&quot;:&quot;0&quot;,&quot;copyright&quot;:&quot;&quot;,&quot;focal_length&quot;:&quot;0&quot;,&quot;iso&quot;:&quot;0&quot;,&quot;shutter_speed&quot;:&quot;0&quot;,&quot;title&quot;:&quot;&quot;,&quot;orientation&quot;:&quot;0&quot;}\" data-image-title=\"Ru\u010dn\u00ed\u010dek-Plie\u0161ovce-prv\u00e1-pol.-20.st_.-vlastn\u00edk-Alena-Mo\u0161kov\u00e1-prekreslila-Anna-\u010cep\u00e1kov\u00e1\" data-image-description=\"\" data-image-caption=\"\" data-medium-file=\"https:\/\/i0.wp.com\/www.atelier-reklama.sk\/blog\/wp-content\/uploads\/2023\/03\/Ru%C4%8Dn%C3%AD%C4%8Dek-Plie%C5%A1ovce-prv%C3%A1-pol.-20.st_.-vlastn%C3%ADk-Alena-Mo%C5%A1kov%C3%A1-prekreslila-Anna-%C4%8Cep%C3%A1kov%C3%A1-scaled.jpg?fit=300%2C212&amp;ssl=1\" data-large-file=\"https:\/\/i0.wp.com\/www.atelier-reklama.sk\/blog\/wp-content\/uploads\/2023\/03\/Ru%C4%8Dn%C3%AD%C4%8Dek-Plie%C5%A1ovce-prv%C3%A1-pol.-20.st_.-vlastn%C3%ADk-Alena-Mo%C5%A1kov%C3%A1-prekreslila-Anna-%C4%8Cep%C3%A1kov%C3%A1-scaled.jpg?fit=800%2C566&amp;ssl=1\" src=\"https:\/\/i0.wp.com\/www.atelier-reklama.sk\/blog\/wp-content\/uploads\/2023\/03\/Ru%C4%8Dn%C3%AD%C4%8Dek-Plie%C5%A1ovce-prv%C3%A1-pol.-20.st_.-vlastn%C3%ADk-Alena-Mo%C5%A1kov%C3%A1-prekreslila-Anna-%C4%8Cep%C3%A1kov%C3%A1.jpg?resize=800%2C566&#038;ssl=1\" alt=\"\" class=\"wp-image-12750\" srcset=\"https:\/\/i0.wp.com\/www.atelier-reklama.sk\/blog\/wp-content\/uploads\/2023\/03\/Ru%C4%8Dn%C3%AD%C4%8Dek-Plie%C5%A1ovce-prv%C3%A1-pol.-20.st_.-vlastn%C3%ADk-Alena-Mo%C5%A1kov%C3%A1-prekreslila-Anna-%C4%8Cep%C3%A1kov%C3%A1-scaled.jpg?resize=1024%2C724&amp;ssl=1 1024w, https:\/\/i0.wp.com\/www.atelier-reklama.sk\/blog\/wp-content\/uploads\/2023\/03\/Ru%C4%8Dn%C3%AD%C4%8Dek-Plie%C5%A1ovce-prv%C3%A1-pol.-20.st_.-vlastn%C3%ADk-Alena-Mo%C5%A1kov%C3%A1-prekreslila-Anna-%C4%8Cep%C3%A1kov%C3%A1-scaled.jpg?resize=300%2C212&amp;ssl=1 300w, https:\/\/i0.wp.com\/www.atelier-reklama.sk\/blog\/wp-content\/uploads\/2023\/03\/Ru%C4%8Dn%C3%AD%C4%8Dek-Plie%C5%A1ovce-prv%C3%A1-pol.-20.st_.-vlastn%C3%ADk-Alena-Mo%C5%A1kov%C3%A1-prekreslila-Anna-%C4%8Cep%C3%A1kov%C3%A1-scaled.jpg?resize=768%2C543&amp;ssl=1 768w, https:\/\/i0.wp.com\/www.atelier-reklama.sk\/blog\/wp-content\/uploads\/2023\/03\/Ru%C4%8Dn%C3%AD%C4%8Dek-Plie%C5%A1ovce-prv%C3%A1-pol.-20.st_.-vlastn%C3%ADk-Alena-Mo%C5%A1kov%C3%A1-prekreslila-Anna-%C4%8Cep%C3%A1kov%C3%A1-scaled.jpg?resize=1536%2C1086&amp;ssl=1 1536w, https:\/\/i0.wp.com\/www.atelier-reklama.sk\/blog\/wp-content\/uploads\/2023\/03\/Ru%C4%8Dn%C3%AD%C4%8Dek-Plie%C5%A1ovce-prv%C3%A1-pol.-20.st_.-vlastn%C3%ADk-Alena-Mo%C5%A1kov%C3%A1-prekreslila-Anna-%C4%8Cep%C3%A1kov%C3%A1-scaled.jpg?resize=2048%2C1448&amp;ssl=1 2048w, https:\/\/i0.wp.com\/www.atelier-reklama.sk\/blog\/wp-content\/uploads\/2023\/03\/Ru%C4%8Dn%C3%AD%C4%8Dek-Plie%C5%A1ovce-prv%C3%A1-pol.-20.st_.-vlastn%C3%ADk-Alena-Mo%C5%A1kov%C3%A1-prekreslila-Anna-%C4%8Cep%C3%A1kov%C3%A1-scaled.jpg?w=1600&amp;ssl=1 1600w, https:\/\/i0.wp.com\/www.atelier-reklama.sk\/blog\/wp-content\/uploads\/2023\/03\/Ru%C4%8Dn%C3%AD%C4%8Dek-Plie%C5%A1ovce-prv%C3%A1-pol.-20.st_.-vlastn%C3%ADk-Alena-Mo%C5%A1kov%C3%A1-prekreslila-Anna-%C4%8Cep%C3%A1kov%C3%A1-scaled.jpg?w=2400&amp;ssl=1 2400w\" sizes=\"auto, (max-width: 800px) 100vw, 800px\" \/><\/figure>\n\n\n\n<figure class=\"wp-block-image size-large\"><img data-recalc-dims=\"1\" loading=\"lazy\" decoding=\"async\" width=\"800\" height=\"566\" data-attachment-id=\"12751\" data-permalink=\"https:\/\/www.atelier-reklama.sk\/blog\/moj-krekacsky-kroj-a-jeho-prekreslene-vzory-spolu\/rucnicek-pliesovce-prva-pol-20-st_-vlastnik-stanislav-talapka-prekreslila-anna-cepakova\/\" data-orig-file=\"https:\/\/i0.wp.com\/www.atelier-reklama.sk\/blog\/wp-content\/uploads\/2023\/03\/Ru%C4%8Dn%C3%AD%C4%8Dek-Plie%C5%A1ovce-prv%C3%A1-pol.-20.st_.-vlastn%C3%ADk-Stanislav-Talapka-prekreslila-Anna-%C4%8Cep%C3%A1kov%C3%A1-scaled.jpg?fit=2560%2C1810&amp;ssl=1\" data-orig-size=\"2560,1810\" data-comments-opened=\"1\" data-image-meta=\"{&quot;aperture&quot;:&quot;0&quot;,&quot;credit&quot;:&quot;&quot;,&quot;camera&quot;:&quot;&quot;,&quot;caption&quot;:&quot;&quot;,&quot;created_timestamp&quot;:&quot;0&quot;,&quot;copyright&quot;:&quot;&quot;,&quot;focal_length&quot;:&quot;0&quot;,&quot;iso&quot;:&quot;0&quot;,&quot;shutter_speed&quot;:&quot;0&quot;,&quot;title&quot;:&quot;&quot;,&quot;orientation&quot;:&quot;0&quot;}\" data-image-title=\"Ru\u010dn\u00ed\u010dek-Plie\u0161ovce-prv\u00e1-pol.-20.st_.-vlastn\u00edk-Stanislav-Talapka-prekreslila-Anna-\u010cep\u00e1kov\u00e1\" data-image-description=\"\" data-image-caption=\"\" data-medium-file=\"https:\/\/i0.wp.com\/www.atelier-reklama.sk\/blog\/wp-content\/uploads\/2023\/03\/Ru%C4%8Dn%C3%AD%C4%8Dek-Plie%C5%A1ovce-prv%C3%A1-pol.-20.st_.-vlastn%C3%ADk-Stanislav-Talapka-prekreslila-Anna-%C4%8Cep%C3%A1kov%C3%A1-scaled.jpg?fit=300%2C212&amp;ssl=1\" data-large-file=\"https:\/\/i0.wp.com\/www.atelier-reklama.sk\/blog\/wp-content\/uploads\/2023\/03\/Ru%C4%8Dn%C3%AD%C4%8Dek-Plie%C5%A1ovce-prv%C3%A1-pol.-20.st_.-vlastn%C3%ADk-Stanislav-Talapka-prekreslila-Anna-%C4%8Cep%C3%A1kov%C3%A1-scaled.jpg?fit=800%2C566&amp;ssl=1\" src=\"https:\/\/i0.wp.com\/www.atelier-reklama.sk\/blog\/wp-content\/uploads\/2023\/03\/Ru%C4%8Dn%C3%AD%C4%8Dek-Plie%C5%A1ovce-prv%C3%A1-pol.-20.st_.-vlastn%C3%ADk-Stanislav-Talapka-prekreslila-Anna-%C4%8Cep%C3%A1kov%C3%A1.jpg?resize=800%2C566&#038;ssl=1\" alt=\"\" class=\"wp-image-12751\" srcset=\"https:\/\/i0.wp.com\/www.atelier-reklama.sk\/blog\/wp-content\/uploads\/2023\/03\/Ru%C4%8Dn%C3%AD%C4%8Dek-Plie%C5%A1ovce-prv%C3%A1-pol.-20.st_.-vlastn%C3%ADk-Stanislav-Talapka-prekreslila-Anna-%C4%8Cep%C3%A1kov%C3%A1-scaled.jpg?resize=1024%2C724&amp;ssl=1 1024w, https:\/\/i0.wp.com\/www.atelier-reklama.sk\/blog\/wp-content\/uploads\/2023\/03\/Ru%C4%8Dn%C3%AD%C4%8Dek-Plie%C5%A1ovce-prv%C3%A1-pol.-20.st_.-vlastn%C3%ADk-Stanislav-Talapka-prekreslila-Anna-%C4%8Cep%C3%A1kov%C3%A1-scaled.jpg?resize=300%2C212&amp;ssl=1 300w, https:\/\/i0.wp.com\/www.atelier-reklama.sk\/blog\/wp-content\/uploads\/2023\/03\/Ru%C4%8Dn%C3%AD%C4%8Dek-Plie%C5%A1ovce-prv%C3%A1-pol.-20.st_.-vlastn%C3%ADk-Stanislav-Talapka-prekreslila-Anna-%C4%8Cep%C3%A1kov%C3%A1-scaled.jpg?resize=768%2C543&amp;ssl=1 768w, https:\/\/i0.wp.com\/www.atelier-reklama.sk\/blog\/wp-content\/uploads\/2023\/03\/Ru%C4%8Dn%C3%AD%C4%8Dek-Plie%C5%A1ovce-prv%C3%A1-pol.-20.st_.-vlastn%C3%ADk-Stanislav-Talapka-prekreslila-Anna-%C4%8Cep%C3%A1kov%C3%A1-scaled.jpg?resize=1536%2C1086&amp;ssl=1 1536w, https:\/\/i0.wp.com\/www.atelier-reklama.sk\/blog\/wp-content\/uploads\/2023\/03\/Ru%C4%8Dn%C3%AD%C4%8Dek-Plie%C5%A1ovce-prv%C3%A1-pol.-20.st_.-vlastn%C3%ADk-Stanislav-Talapka-prekreslila-Anna-%C4%8Cep%C3%A1kov%C3%A1-scaled.jpg?resize=2048%2C1448&amp;ssl=1 2048w, https:\/\/i0.wp.com\/www.atelier-reklama.sk\/blog\/wp-content\/uploads\/2023\/03\/Ru%C4%8Dn%C3%AD%C4%8Dek-Plie%C5%A1ovce-prv%C3%A1-pol.-20.st_.-vlastn%C3%ADk-Stanislav-Talapka-prekreslila-Anna-%C4%8Cep%C3%A1kov%C3%A1-scaled.jpg?w=1600&amp;ssl=1 1600w, https:\/\/i0.wp.com\/www.atelier-reklama.sk\/blog\/wp-content\/uploads\/2023\/03\/Ru%C4%8Dn%C3%AD%C4%8Dek-Plie%C5%A1ovce-prv%C3%A1-pol.-20.st_.-vlastn%C3%ADk-Stanislav-Talapka-prekreslila-Anna-%C4%8Cep%C3%A1kov%C3%A1-scaled.jpg?w=2400&amp;ssl=1 2400w\" sizes=\"auto, (max-width: 800px) 100vw, 800px\" \/><\/figure>\n\n\n\n<h2 class=\"wp-block-heading has-text-align-center\">II. \u010cEPCE <\/h2>\n\n\n\n<p>\u010cepce v mojej zbierke s\u00fa zdeden\u00e9, alebo k\u00fapen\u00e9, vy\u0161\u00edvan\u00e9 na bielom jemnom pl\u00e1tne, nov\u0161ie na paname, sie\u0165ovan\u00edm, plnou v\u00fd\u0161ivkou, naj\u010dastej\u0161ie v\u0161ak mrie\u017ekou &#8222;hrachovinkou&#8220;, aj kr\u00ed\u017eikmi.  Skladaj\u00fa  sa z predni\u010dky, pribli\u017en\u00e1 ve\u013ekos\u0165 8&#215;8 cm a z dienka o pribli\u017enej ve\u013ekosti 43x30cm + 5 cm na tunel. Predn\u00e1 \u010das\u0165  je lemovan\u00e1 pali\u010dkovanou \u010dipkou, na spodnej \u010dasti cez &#8222;tunel&#8220; sa s\u0165ahuje \u00fazka dlh\u00e1 stuha. Na \u0161\u00edrku predni\u010dky, v prednej \u010dasti \u010depca, b\u00fdva pri\u0161it\u00e9 farebn\u00e9, vzorovan\u00e9  pl\u00e1tenko, ktor\u00e9 kon\u010d\u00ed pri\u0161it\u00e9 pod &#8222;tunelom,&#8220; jeho rozmer je pribli\u017ene 8&#215;56 cm, z\u00e1le\u017e\u00ed od ve\u013ekosti hlavy. <\/p>\n\n\n\n<p><strong>\u00daprava vlasov pred zakladan\u00edm \u010depca<\/strong><\/p>\n\n\n\n<ul class=\"wp-block-list\">\n<li>vlasy sa rozdelia do dvoch prame\u0148ov, v\u00a0strede hlavy sa urob\u00ed rovn\u00e1 cesti\u010dka,\u00a0 vpredu a\u00a0nad u\u0161ami sa na vlasy nanesie pom\u00e1da (kedysi  sa varila z\u00a0v\u010delieho vosku, z\u00a0kolof\u00f3nie-\u017eivice a\u00a0masti, alebo loja).  Nad \u010delom sa nahladko urobia z\u00a0vlasov dva mierne obl\u00fa\u010diky a\u00a0 za\u010de\u0161\u00fa sa dozadu, kde sa obkr\u00fatia okolo val\u010deka, alebo sa zaplet\u00fa, ak s\u00fa hust\u00e9, alebo sa okolo nich omot\u00e1 dlh\u00fd p\u00e1s pl\u00e1tna, na konci s\u00fa pri\u0161it\u00e9 \u0161n\u00farky, ktor\u00fdmi sa prichytia omotan\u00e9 pramene vlasov okolo hlavy a\u00a0zvia\u017eu sa na vrchu \u00fa\u010desu. <\/li>\n\n\n\n<li>ak \u017eena m\u00e1 menej vlasov, alebo s\u00fa krat\u0161ie, tak si zalo\u017e\u00ed na hlavu \u201ekitku\/kot\u00fa\u010dku&#8220; z handri\u010diek, alebo zo zv\u00e4zku napraden\u00fdch nit\u00ed, omotan\u00fdch pl\u00e1tenkom. Kot\u00fa\u010dka sa v s\u00fa\u010dasnosti rob\u00ed z dr\u00f4tu, ktor\u00fd sa obal\u00ed pl\u00e1tnom, alebo bavlnenou keprovou stuhou,  ktor\u00fa si pripevn\u00ed na\u00a0 hlavu pri\u0161it\u00fdmi \u0161n\u00farkami.<\/li>\n\n\n\n<li>na vytvarovan\u00e9 \u201erohy\u201c\u00a0 \u00a0sa zalo\u017e\u00ed \u010depiec tak, aby vpredu nad \u010delom bolo vidie\u0165 len \u00fazky p\u00e1s uhladen\u00fdch vlasov, \u00a0poza u\u0161i. Tenkou stuhou sa \u010depiec vzadu stiahne, prekr\u00ed\u017ei, raz sa obvia\u017ee okolo \u010depca, potom sa na\u0148 prilo\u017eia dve stuhy a\u00a0tre\u0165ou z\u00a0\u010depca sa vzadu na tyle spolu zvia\u017eu do \u201evank\u00fa\u0161ika\u201c\u00a0<\/li>\n<\/ul>\n\n\n\n<p><strong>Pravidl\u00e1 uv\u00e4zovania st\u00fah<\/strong><\/p>\n\n\n\n<p>\u010cepiec  je symbol vydatej \u017eeny, bez ktor\u00e9ho sa nemohla uk\u00e1za\u0165 na verejnosti. Nosil sa vo v\u0161edn\u00e9 i sviato\u010dn\u00e9 dni.  Na za\u010dep\u010denie sa priv\u00e4zovali dve stuhy s farebn\u00fdmi kvetmi na bielom a \u017eltom  podklade, na vrch ako posledn\u00e1 sa priviazala \u010derven\u00e1 stuha bez vzoru, t\u00fa nosili \u017eeny dovtedy, k\u00fdm neporodili prv\u00e9 die\u0165a. Potom si uv\u00e4zovali dve stuhy, \u010derven\u00fa stuhu s kvetmi ako vrchn\u00fa, ke\u010f porodila druh\u00e9 a viac det\u00ed, tak si uv\u00e4zovali dve kvetovan\u00e9 stuhy, len nie s \u010derven\u00fdm podkladom.<\/p>\n\n\n\n<p><strong><u>Pravidl\u00e1 pri uv\u00e4zovan\u00ed krojov\u00fdch st\u00fah pod\u013ea Tonky Stehl\u00edkovej zo Senohradu<\/u><\/strong><\/p>\n\n\n\n<p><strong><u>Mlad\u00e1 nevesta vo venci<\/u><\/strong> &nbsp;musela ma\u0165 v&nbsp;korunke tri 1,70 cm stuhy \u0161irok\u00e9 cca 8-10cm: kvety na bielom, kvety na \u010dervenom&nbsp; podklade a &nbsp;na vrchu \u010disto \u010derven\u00fa stuhu.<\/p>\n\n\n\n<p><strong><u>&nbsp;Mlad\u00e1 nevesta pri \u010dep\u010den\u00ed<\/u><\/strong> musela ma\u0165 cez \u010depiec uviazan\u00e9 tri stuhy s kvetmi na bielom, \u017eltom podklade, ako posledn\u00e1 sa uv\u00e4zovala \u010disto \u010derven\u00e1 stuha, niekde vzorovan\u00e1 na \u010dervenom podklade, d\u013a\u017eka asi 1,70cm tak, aby siahali v\u0161etky pod p\u00e1s. Treba si vypo\u010d\u00edta\u0165 d\u013a\u017eku 2,5-3cm \u00fazkej stuhy, ktor\u00e1 sa s\u0165ahuje do \u010depca, lebo m\u00e1 visie\u0165 do takej d\u013a\u017eky ako \u0161irok\u00e9 stuhy. T\u00e1to \u00fazka stuha sa stiahne vzadu tak, aby \u010depiec bol za u\u0161ami, prekr\u00ed\u017ei sa na vrchu hlavy a vzadu na v\u00e4zoch sa na Senohrade zvia\u017eu na &#8222;vank\u00fa\u0161ik&#8220; \u00fazkou stuhou tri, na Bzov\u00edku (pod\u013ea Margitky Pavlendovej), Dolnom Bad\u00edne (pod\u013ea Agnesky Fabianovej) dve \u0161irok\u00e9 kvetinkov\u00e9 stuhy a v\u0161etky  visia dole poni\u017ee p\u00e1sa do rovnakej d\u013a\u017eky.<\/p>\n\n\n\n<p>Star\u00e9 \u017eeny nosili len biele \u010depce, predni\u010dka bola vy\u0161it\u00e1 len bielym. <\/p>\n\n\n\n<figure class=\"wp-block-image size-large\"><img data-recalc-dims=\"1\" loading=\"lazy\" decoding=\"async\" width=\"800\" height=\"600\" data-attachment-id=\"12568\" data-permalink=\"https:\/\/www.atelier-reklama.sk\/blog\/moj-krekacsky-kroj-a-jeho-prekreslene-vzory-spolu\/0-cepce-spolu\/\" data-orig-file=\"https:\/\/i0.wp.com\/www.atelier-reklama.sk\/blog\/wp-content\/uploads\/2023\/03\/0.-%C4%8Depce-spolu-scaled.jpg?fit=2560%2C1920&amp;ssl=1\" data-orig-size=\"2560,1920\" data-comments-opened=\"1\" data-image-meta=\"{&quot;aperture&quot;:&quot;2&quot;,&quot;credit&quot;:&quot;&quot;,&quot;camera&quot;:&quot;SM-A125F&quot;,&quot;caption&quot;:&quot;&quot;,&quot;created_timestamp&quot;:&quot;1678011608&quot;,&quot;copyright&quot;:&quot;&quot;,&quot;focal_length&quot;:&quot;4.6&quot;,&quot;iso&quot;:&quot;32&quot;,&quot;shutter_speed&quot;:&quot;0.0199&quot;,&quot;title&quot;:&quot;&quot;,&quot;orientation&quot;:&quot;1&quot;}\" data-image-title=\"0.-\u010depce-spolu\" data-image-description=\"\" data-image-caption=\"\" data-medium-file=\"https:\/\/i0.wp.com\/www.atelier-reklama.sk\/blog\/wp-content\/uploads\/2023\/03\/0.-%C4%8Depce-spolu-scaled.jpg?fit=300%2C225&amp;ssl=1\" data-large-file=\"https:\/\/i0.wp.com\/www.atelier-reklama.sk\/blog\/wp-content\/uploads\/2023\/03\/0.-%C4%8Depce-spolu-scaled.jpg?fit=800%2C600&amp;ssl=1\" src=\"https:\/\/i0.wp.com\/www.atelier-reklama.sk\/blog\/wp-content\/uploads\/2023\/03\/0.-%C4%8Depce-spolu.jpg?resize=800%2C600&#038;ssl=1\" alt=\"\" class=\"wp-image-12568\" srcset=\"https:\/\/i0.wp.com\/www.atelier-reklama.sk\/blog\/wp-content\/uploads\/2023\/03\/0.-%C4%8Depce-spolu-scaled.jpg?resize=1024%2C768&amp;ssl=1 1024w, https:\/\/i0.wp.com\/www.atelier-reklama.sk\/blog\/wp-content\/uploads\/2023\/03\/0.-%C4%8Depce-spolu-scaled.jpg?resize=300%2C225&amp;ssl=1 300w, https:\/\/i0.wp.com\/www.atelier-reklama.sk\/blog\/wp-content\/uploads\/2023\/03\/0.-%C4%8Depce-spolu-scaled.jpg?resize=768%2C576&amp;ssl=1 768w, https:\/\/i0.wp.com\/www.atelier-reklama.sk\/blog\/wp-content\/uploads\/2023\/03\/0.-%C4%8Depce-spolu-scaled.jpg?resize=1536%2C1152&amp;ssl=1 1536w, https:\/\/i0.wp.com\/www.atelier-reklama.sk\/blog\/wp-content\/uploads\/2023\/03\/0.-%C4%8Depce-spolu-scaled.jpg?resize=2048%2C1536&amp;ssl=1 2048w, https:\/\/i0.wp.com\/www.atelier-reklama.sk\/blog\/wp-content\/uploads\/2023\/03\/0.-%C4%8Depce-spolu-scaled.jpg?w=1600&amp;ssl=1 1600w, https:\/\/i0.wp.com\/www.atelier-reklama.sk\/blog\/wp-content\/uploads\/2023\/03\/0.-%C4%8Depce-spolu-scaled.jpg?w=2400&amp;ssl=1 2400w\" sizes=\"auto, (max-width: 800px) 100vw, 800px\" \/><figcaption class=\"wp-element-caption\">Moje tzv. krek\u00e1\u010dske \u010depce, zdeden\u00e9, niektor\u00e9 k\u00fapen\u00e9<\/figcaption><\/figure>\n\n\n\n<figure class=\"wp-block-image size-large\"><img data-recalc-dims=\"1\" loading=\"lazy\" decoding=\"async\" width=\"800\" height=\"578\" data-attachment-id=\"12567\" data-permalink=\"https:\/\/www.atelier-reklama.sk\/blog\/moj-krekacsky-kroj-a-jeho-prekreslene-vzory-spolu\/0-cepce-spolu-zozadu\/\" data-orig-file=\"https:\/\/i0.wp.com\/www.atelier-reklama.sk\/blog\/wp-content\/uploads\/2023\/03\/0.-%C4%8Depce-spolu-zozadu-scaled.jpg?fit=2560%2C1851&amp;ssl=1\" data-orig-size=\"2560,1851\" data-comments-opened=\"1\" data-image-meta=\"{&quot;aperture&quot;:&quot;2&quot;,&quot;credit&quot;:&quot;&quot;,&quot;camera&quot;:&quot;SM-A125F&quot;,&quot;caption&quot;:&quot;&quot;,&quot;created_timestamp&quot;:&quot;1678011294&quot;,&quot;copyright&quot;:&quot;&quot;,&quot;focal_length&quot;:&quot;4.6&quot;,&quot;iso&quot;:&quot;40&quot;,&quot;shutter_speed&quot;:&quot;0.0199&quot;,&quot;title&quot;:&quot;&quot;,&quot;orientation&quot;:&quot;1&quot;}\" data-image-title=\"0.-\u010depce-spolu-zozadu\" data-image-description=\"\" data-image-caption=\"\" data-medium-file=\"https:\/\/i0.wp.com\/www.atelier-reklama.sk\/blog\/wp-content\/uploads\/2023\/03\/0.-%C4%8Depce-spolu-zozadu-scaled.jpg?fit=300%2C217&amp;ssl=1\" data-large-file=\"https:\/\/i0.wp.com\/www.atelier-reklama.sk\/blog\/wp-content\/uploads\/2023\/03\/0.-%C4%8Depce-spolu-zozadu-scaled.jpg?fit=800%2C578&amp;ssl=1\" src=\"https:\/\/i0.wp.com\/www.atelier-reklama.sk\/blog\/wp-content\/uploads\/2023\/03\/0.-%C4%8Depce-spolu-zozadu.jpg?resize=800%2C578&#038;ssl=1\" alt=\"\" class=\"wp-image-12567\" srcset=\"https:\/\/i0.wp.com\/www.atelier-reklama.sk\/blog\/wp-content\/uploads\/2023\/03\/0.-%C4%8Depce-spolu-zozadu-scaled.jpg?resize=1024%2C740&amp;ssl=1 1024w, https:\/\/i0.wp.com\/www.atelier-reklama.sk\/blog\/wp-content\/uploads\/2023\/03\/0.-%C4%8Depce-spolu-zozadu-scaled.jpg?resize=300%2C217&amp;ssl=1 300w, https:\/\/i0.wp.com\/www.atelier-reklama.sk\/blog\/wp-content\/uploads\/2023\/03\/0.-%C4%8Depce-spolu-zozadu-scaled.jpg?resize=768%2C555&amp;ssl=1 768w, https:\/\/i0.wp.com\/www.atelier-reklama.sk\/blog\/wp-content\/uploads\/2023\/03\/0.-%C4%8Depce-spolu-zozadu-scaled.jpg?resize=1536%2C1111&amp;ssl=1 1536w, https:\/\/i0.wp.com\/www.atelier-reklama.sk\/blog\/wp-content\/uploads\/2023\/03\/0.-%C4%8Depce-spolu-zozadu-scaled.jpg?resize=2048%2C1481&amp;ssl=1 2048w, https:\/\/i0.wp.com\/www.atelier-reklama.sk\/blog\/wp-content\/uploads\/2023\/03\/0.-%C4%8Depce-spolu-zozadu-scaled.jpg?w=1600&amp;ssl=1 1600w, https:\/\/i0.wp.com\/www.atelier-reklama.sk\/blog\/wp-content\/uploads\/2023\/03\/0.-%C4%8Depce-spolu-zozadu-scaled.jpg?w=2400&amp;ssl=1 2400w\" sizes=\"auto, (max-width: 800px) 100vw, 800px\" \/><\/figure>\n\n\n\n<p>\u010cepiec svadobn\u00fd (na za\u010dep\u010denie), Senohrad, druh\u00e1 pol. 20. stor. p\u00f4vodn\u00fd vlastn\u00edk nezn\u00e1my<\/p>\n\n\n\n<figure class=\"wp-block-image size-large\"><img data-recalc-dims=\"1\" loading=\"lazy\" decoding=\"async\" width=\"800\" height=\"551\" data-attachment-id=\"13703\" data-permalink=\"https:\/\/www.atelier-reklama.sk\/blog\/moj-krekacsky-kroj-a-jeho-prekreslene-vzory-spolu\/cepiec-senohrad-svadobny-8\/\" data-orig-file=\"https:\/\/i0.wp.com\/www.atelier-reklama.sk\/blog\/wp-content\/uploads\/2023\/04\/%C4%8Depiec-Senohrad-svadobn%C3%BD-8-scaled.jpg?fit=2560%2C1763&amp;ssl=1\" data-orig-size=\"2560,1763\" data-comments-opened=\"1\" data-image-meta=\"{&quot;aperture&quot;:&quot;2&quot;,&quot;credit&quot;:&quot;&quot;,&quot;camera&quot;:&quot;SM-A125F&quot;,&quot;caption&quot;:&quot;&quot;,&quot;created_timestamp&quot;:&quot;1682093192&quot;,&quot;copyright&quot;:&quot;&quot;,&quot;focal_length&quot;:&quot;4.6&quot;,&quot;iso&quot;:&quot;400&quot;,&quot;shutter_speed&quot;:&quot;0.0399&quot;,&quot;title&quot;:&quot;&quot;,&quot;orientation&quot;:&quot;1&quot;}\" data-image-title=\"\u010depiec-Senohrad-svadobn\u00fd-8\" data-image-description=\"\" data-image-caption=\"\" data-medium-file=\"https:\/\/i0.wp.com\/www.atelier-reklama.sk\/blog\/wp-content\/uploads\/2023\/04\/%C4%8Depiec-Senohrad-svadobn%C3%BD-8-scaled.jpg?fit=300%2C207&amp;ssl=1\" data-large-file=\"https:\/\/i0.wp.com\/www.atelier-reklama.sk\/blog\/wp-content\/uploads\/2023\/04\/%C4%8Depiec-Senohrad-svadobn%C3%BD-8-scaled.jpg?fit=800%2C551&amp;ssl=1\" src=\"https:\/\/i0.wp.com\/www.atelier-reklama.sk\/blog\/wp-content\/uploads\/2023\/04\/%C4%8Depiec-Senohrad-svadobn%C3%BD-8.jpg?resize=800%2C551&#038;ssl=1\" alt=\"\" class=\"wp-image-13703\" srcset=\"https:\/\/i0.wp.com\/www.atelier-reklama.sk\/blog\/wp-content\/uploads\/2023\/04\/%C4%8Depiec-Senohrad-svadobn%C3%BD-8-scaled.jpg?resize=1024%2C705&amp;ssl=1 1024w, https:\/\/i0.wp.com\/www.atelier-reklama.sk\/blog\/wp-content\/uploads\/2023\/04\/%C4%8Depiec-Senohrad-svadobn%C3%BD-8-scaled.jpg?resize=300%2C207&amp;ssl=1 300w, https:\/\/i0.wp.com\/www.atelier-reklama.sk\/blog\/wp-content\/uploads\/2023\/04\/%C4%8Depiec-Senohrad-svadobn%C3%BD-8-scaled.jpg?resize=768%2C529&amp;ssl=1 768w, https:\/\/i0.wp.com\/www.atelier-reklama.sk\/blog\/wp-content\/uploads\/2023\/04\/%C4%8Depiec-Senohrad-svadobn%C3%BD-8-scaled.jpg?resize=1536%2C1058&amp;ssl=1 1536w, https:\/\/i0.wp.com\/www.atelier-reklama.sk\/blog\/wp-content\/uploads\/2023\/04\/%C4%8Depiec-Senohrad-svadobn%C3%BD-8-scaled.jpg?resize=2048%2C1410&amp;ssl=1 2048w, https:\/\/i0.wp.com\/www.atelier-reklama.sk\/blog\/wp-content\/uploads\/2023\/04\/%C4%8Depiec-Senohrad-svadobn%C3%BD-8-scaled.jpg?resize=130%2C90&amp;ssl=1 130w, https:\/\/i0.wp.com\/www.atelier-reklama.sk\/blog\/wp-content\/uploads\/2023\/04\/%C4%8Depiec-Senohrad-svadobn%C3%BD-8-scaled.jpg?w=1600&amp;ssl=1 1600w, https:\/\/i0.wp.com\/www.atelier-reklama.sk\/blog\/wp-content\/uploads\/2023\/04\/%C4%8Depiec-Senohrad-svadobn%C3%BD-8-scaled.jpg?w=2400&amp;ssl=1 2400w\" sizes=\"auto, (max-width: 800px) 100vw, 800px\" \/><\/figure>\n\n\n\n<figure class=\"wp-block-image size-large\"><img data-recalc-dims=\"1\" loading=\"lazy\" decoding=\"async\" width=\"800\" height=\"566\" data-attachment-id=\"13706\" data-permalink=\"https:\/\/www.atelier-reklama.sk\/blog\/moj-krekacsky-kroj-a-jeho-prekreslene-vzory-spolu\/cepiec-svadobny\/\" data-orig-file=\"https:\/\/i0.wp.com\/www.atelier-reklama.sk\/blog\/wp-content\/uploads\/2023\/04\/%C4%8Depiec-svadobn%C3%BD-scaled.jpg?fit=2560%2C1810&amp;ssl=1\" data-orig-size=\"2560,1810\" data-comments-opened=\"1\" data-image-meta=\"{&quot;aperture&quot;:&quot;0&quot;,&quot;credit&quot;:&quot;&quot;,&quot;camera&quot;:&quot;&quot;,&quot;caption&quot;:&quot;&quot;,&quot;created_timestamp&quot;:&quot;0&quot;,&quot;copyright&quot;:&quot;&quot;,&quot;focal_length&quot;:&quot;0&quot;,&quot;iso&quot;:&quot;0&quot;,&quot;shutter_speed&quot;:&quot;0&quot;,&quot;title&quot;:&quot;&quot;,&quot;orientation&quot;:&quot;1&quot;}\" data-image-title=\"\u010depiec-svadobn\u00fd\" data-image-description=\"\" data-image-caption=\"\" data-medium-file=\"https:\/\/i0.wp.com\/www.atelier-reklama.sk\/blog\/wp-content\/uploads\/2023\/04\/%C4%8Depiec-svadobn%C3%BD-scaled.jpg?fit=300%2C212&amp;ssl=1\" data-large-file=\"https:\/\/i0.wp.com\/www.atelier-reklama.sk\/blog\/wp-content\/uploads\/2023\/04\/%C4%8Depiec-svadobn%C3%BD-scaled.jpg?fit=800%2C566&amp;ssl=1\" src=\"https:\/\/i0.wp.com\/www.atelier-reklama.sk\/blog\/wp-content\/uploads\/2023\/04\/%C4%8Depiec-svadobn%C3%BD.jpg?resize=800%2C566&#038;ssl=1\" alt=\"\" class=\"wp-image-13706\" srcset=\"https:\/\/i0.wp.com\/www.atelier-reklama.sk\/blog\/wp-content\/uploads\/2023\/04\/%C4%8Depiec-svadobn%C3%BD-scaled.jpg?resize=1024%2C724&amp;ssl=1 1024w, https:\/\/i0.wp.com\/www.atelier-reklama.sk\/blog\/wp-content\/uploads\/2023\/04\/%C4%8Depiec-svadobn%C3%BD-scaled.jpg?resize=300%2C212&amp;ssl=1 300w, https:\/\/i0.wp.com\/www.atelier-reklama.sk\/blog\/wp-content\/uploads\/2023\/04\/%C4%8Depiec-svadobn%C3%BD-scaled.jpg?resize=768%2C543&amp;ssl=1 768w, https:\/\/i0.wp.com\/www.atelier-reklama.sk\/blog\/wp-content\/uploads\/2023\/04\/%C4%8Depiec-svadobn%C3%BD-scaled.jpg?resize=1536%2C1086&amp;ssl=1 1536w, https:\/\/i0.wp.com\/www.atelier-reklama.sk\/blog\/wp-content\/uploads\/2023\/04\/%C4%8Depiec-svadobn%C3%BD-scaled.jpg?resize=2048%2C1448&amp;ssl=1 2048w, https:\/\/i0.wp.com\/www.atelier-reklama.sk\/blog\/wp-content\/uploads\/2023\/04\/%C4%8Depiec-svadobn%C3%BD-scaled.jpg?w=1600&amp;ssl=1 1600w, https:\/\/i0.wp.com\/www.atelier-reklama.sk\/blog\/wp-content\/uploads\/2023\/04\/%C4%8Depiec-svadobn%C3%BD-scaled.jpg?w=2400&amp;ssl=1 2400w\" sizes=\"auto, (max-width: 800px) 100vw, 800px\" \/><\/figure>\n\n\n\n<figure class=\"wp-block-image size-large\"><img data-recalc-dims=\"1\" loading=\"lazy\" decoding=\"async\" width=\"800\" height=\"588\" data-attachment-id=\"13705\" data-permalink=\"https:\/\/www.atelier-reklama.sk\/blog\/moj-krekacsky-kroj-a-jeho-prekreslene-vzory-spolu\/0-cepiec-senohrad-svadobny-2\/\" data-orig-file=\"https:\/\/i0.wp.com\/www.atelier-reklama.sk\/blog\/wp-content\/uploads\/2023\/04\/0.%C4%8Depiec-Senohrad-svadobn%C3%BD-2-scaled.jpg?fit=2560%2C1880&amp;ssl=1\" data-orig-size=\"2560,1880\" data-comments-opened=\"1\" data-image-meta=\"{&quot;aperture&quot;:&quot;2&quot;,&quot;credit&quot;:&quot;&quot;,&quot;camera&quot;:&quot;SM-A125F&quot;,&quot;caption&quot;:&quot;&quot;,&quot;created_timestamp&quot;:&quot;1682093627&quot;,&quot;copyright&quot;:&quot;&quot;,&quot;focal_length&quot;:&quot;4.6&quot;,&quot;iso&quot;:&quot;400&quot;,&quot;shutter_speed&quot;:&quot;0.0399&quot;,&quot;title&quot;:&quot;&quot;,&quot;orientation&quot;:&quot;1&quot;}\" data-image-title=\"0.\u010depiec-Senohrad-svadobn\u00fd-2\" data-image-description=\"\" data-image-caption=\"\" data-medium-file=\"https:\/\/i0.wp.com\/www.atelier-reklama.sk\/blog\/wp-content\/uploads\/2023\/04\/0.%C4%8Depiec-Senohrad-svadobn%C3%BD-2-scaled.jpg?fit=300%2C220&amp;ssl=1\" data-large-file=\"https:\/\/i0.wp.com\/www.atelier-reklama.sk\/blog\/wp-content\/uploads\/2023\/04\/0.%C4%8Depiec-Senohrad-svadobn%C3%BD-2-scaled.jpg?fit=800%2C588&amp;ssl=1\" src=\"https:\/\/i0.wp.com\/www.atelier-reklama.sk\/blog\/wp-content\/uploads\/2023\/04\/0.%C4%8Depiec-Senohrad-svadobn%C3%BD-2.jpg?resize=800%2C588&#038;ssl=1\" alt=\"\" class=\"wp-image-13705\" srcset=\"https:\/\/i0.wp.com\/www.atelier-reklama.sk\/blog\/wp-content\/uploads\/2023\/04\/0.%C4%8Depiec-Senohrad-svadobn%C3%BD-2-scaled.jpg?resize=1024%2C752&amp;ssl=1 1024w, https:\/\/i0.wp.com\/www.atelier-reklama.sk\/blog\/wp-content\/uploads\/2023\/04\/0.%C4%8Depiec-Senohrad-svadobn%C3%BD-2-scaled.jpg?resize=300%2C220&amp;ssl=1 300w, https:\/\/i0.wp.com\/www.atelier-reklama.sk\/blog\/wp-content\/uploads\/2023\/04\/0.%C4%8Depiec-Senohrad-svadobn%C3%BD-2-scaled.jpg?resize=768%2C564&amp;ssl=1 768w, https:\/\/i0.wp.com\/www.atelier-reklama.sk\/blog\/wp-content\/uploads\/2023\/04\/0.%C4%8Depiec-Senohrad-svadobn%C3%BD-2-scaled.jpg?resize=1536%2C1128&amp;ssl=1 1536w, https:\/\/i0.wp.com\/www.atelier-reklama.sk\/blog\/wp-content\/uploads\/2023\/04\/0.%C4%8Depiec-Senohrad-svadobn%C3%BD-2-scaled.jpg?resize=2048%2C1504&amp;ssl=1 2048w, https:\/\/i0.wp.com\/www.atelier-reklama.sk\/blog\/wp-content\/uploads\/2023\/04\/0.%C4%8Depiec-Senohrad-svadobn%C3%BD-2-scaled.jpg?w=1600&amp;ssl=1 1600w, https:\/\/i0.wp.com\/www.atelier-reklama.sk\/blog\/wp-content\/uploads\/2023\/04\/0.%C4%8Depiec-Senohrad-svadobn%C3%BD-2-scaled.jpg?w=2400&amp;ssl=1 2400w\" sizes=\"auto, (max-width: 800px) 100vw, 800px\" \/><\/figure>\n\n\n\n<p class=\"has-text-align-center\">\u010cepiec, Jal\u0161ov\u00edk, pol. 20. stor. vy\u0161ila Anna O\u010den\u00e1\u0161ov\u00e1, rod. Bartikov\u00e1 (1930-2023) a pod\u013ea nej Anna \u010cep\u00e1kov\u00e1 2021-2022<\/p>\n\n\n\n<figure class=\"wp-block-image size-large\"><img data-recalc-dims=\"1\" loading=\"lazy\" decoding=\"async\" width=\"730\" height=\"1024\" data-attachment-id=\"12569\" data-permalink=\"https:\/\/www.atelier-reklama.sk\/blog\/moj-krekacsky-kroj-a-jeho-prekreslene-vzory-spolu\/1a-cepiec-3x-jalsovik-pol-20-stor-vysila-anna-ocenasova-1930-2013-a-anna-cepakova\/\" data-orig-file=\"https:\/\/i0.wp.com\/www.atelier-reklama.sk\/blog\/wp-content\/uploads\/2023\/03\/1A.-%C4%8Cepiec-3x-Jal%C5%A1ov%C3%ADk-pol.-20.-stor.-vy%C5%A1ila-Anna-O%C4%8Den%C3%A1%C5%A1ov%C3%A1-1930-2013-a-Anna-%C4%8Cep%C3%A1kov%C3%A1-scaled.jpg?fit=1825%2C2560&amp;ssl=1\" data-orig-size=\"1825,2560\" data-comments-opened=\"1\" data-image-meta=\"{&quot;aperture&quot;:&quot;2&quot;,&quot;credit&quot;:&quot;&quot;,&quot;camera&quot;:&quot;SM-A125F&quot;,&quot;caption&quot;:&quot;&quot;,&quot;created_timestamp&quot;:&quot;1678010022&quot;,&quot;copyright&quot;:&quot;&quot;,&quot;focal_length&quot;:&quot;4.6&quot;,&quot;iso&quot;:&quot;40&quot;,&quot;shutter_speed&quot;:&quot;0.0199&quot;,&quot;title&quot;:&quot;&quot;,&quot;orientation&quot;:&quot;1&quot;}\" data-image-title=\"1A.-\u010cepiec-3x-Jal\u0161ov\u00edk-pol.-20.-stor.-vy\u0161ila-Anna-O\u010den\u00e1\u0161ov\u00e1-1930-2013-a-Anna-\u010cep\u00e1kov\u00e1\" data-image-description=\"\" data-image-caption=\"\" data-medium-file=\"https:\/\/i0.wp.com\/www.atelier-reklama.sk\/blog\/wp-content\/uploads\/2023\/03\/1A.-%C4%8Cepiec-3x-Jal%C5%A1ov%C3%ADk-pol.-20.-stor.-vy%C5%A1ila-Anna-O%C4%8Den%C3%A1%C5%A1ov%C3%A1-1930-2013-a-Anna-%C4%8Cep%C3%A1kov%C3%A1-scaled.jpg?fit=214%2C300&amp;ssl=1\" data-large-file=\"https:\/\/i0.wp.com\/www.atelier-reklama.sk\/blog\/wp-content\/uploads\/2023\/03\/1A.-%C4%8Cepiec-3x-Jal%C5%A1ov%C3%ADk-pol.-20.-stor.-vy%C5%A1ila-Anna-O%C4%8Den%C3%A1%C5%A1ov%C3%A1-1930-2013-a-Anna-%C4%8Cep%C3%A1kov%C3%A1-scaled.jpg?fit=730%2C1024&amp;ssl=1\" src=\"https:\/\/i0.wp.com\/www.atelier-reklama.sk\/blog\/wp-content\/uploads\/2023\/03\/1A.-%C4%8Cepiec-3x-Jal%C5%A1ov%C3%ADk-pol.-20.-stor.-vy%C5%A1ila-Anna-O%C4%8Den%C3%A1%C5%A1ov%C3%A1-1930-2013-a-Anna-%C4%8Cep%C3%A1kov%C3%A1.jpg?resize=730%2C1024&#038;ssl=1\" alt=\"\" class=\"wp-image-12569\" srcset=\"https:\/\/i0.wp.com\/www.atelier-reklama.sk\/blog\/wp-content\/uploads\/2023\/03\/1A.-%C4%8Cepiec-3x-Jal%C5%A1ov%C3%ADk-pol.-20.-stor.-vy%C5%A1ila-Anna-O%C4%8Den%C3%A1%C5%A1ov%C3%A1-1930-2013-a-Anna-%C4%8Cep%C3%A1kov%C3%A1-scaled.jpg?resize=730%2C1024&amp;ssl=1 730w, https:\/\/i0.wp.com\/www.atelier-reklama.sk\/blog\/wp-content\/uploads\/2023\/03\/1A.-%C4%8Cepiec-3x-Jal%C5%A1ov%C3%ADk-pol.-20.-stor.-vy%C5%A1ila-Anna-O%C4%8Den%C3%A1%C5%A1ov%C3%A1-1930-2013-a-Anna-%C4%8Cep%C3%A1kov%C3%A1-scaled.jpg?resize=214%2C300&amp;ssl=1 214w, https:\/\/i0.wp.com\/www.atelier-reklama.sk\/blog\/wp-content\/uploads\/2023\/03\/1A.-%C4%8Cepiec-3x-Jal%C5%A1ov%C3%ADk-pol.-20.-stor.-vy%C5%A1ila-Anna-O%C4%8Den%C3%A1%C5%A1ov%C3%A1-1930-2013-a-Anna-%C4%8Cep%C3%A1kov%C3%A1-scaled.jpg?resize=768%2C1077&amp;ssl=1 768w, https:\/\/i0.wp.com\/www.atelier-reklama.sk\/blog\/wp-content\/uploads\/2023\/03\/1A.-%C4%8Cepiec-3x-Jal%C5%A1ov%C3%ADk-pol.-20.-stor.-vy%C5%A1ila-Anna-O%C4%8Den%C3%A1%C5%A1ov%C3%A1-1930-2013-a-Anna-%C4%8Cep%C3%A1kov%C3%A1-scaled.jpg?resize=1095%2C1536&amp;ssl=1 1095w, https:\/\/i0.wp.com\/www.atelier-reklama.sk\/blog\/wp-content\/uploads\/2023\/03\/1A.-%C4%8Cepiec-3x-Jal%C5%A1ov%C3%ADk-pol.-20.-stor.-vy%C5%A1ila-Anna-O%C4%8Den%C3%A1%C5%A1ov%C3%A1-1930-2013-a-Anna-%C4%8Cep%C3%A1kov%C3%A1-scaled.jpg?resize=1460%2C2048&amp;ssl=1 1460w, https:\/\/i0.wp.com\/www.atelier-reklama.sk\/blog\/wp-content\/uploads\/2023\/03\/1A.-%C4%8Cepiec-3x-Jal%C5%A1ov%C3%ADk-pol.-20.-stor.-vy%C5%A1ila-Anna-O%C4%8Den%C3%A1%C5%A1ov%C3%A1-1930-2013-a-Anna-%C4%8Cep%C3%A1kov%C3%A1-scaled.jpg?w=1825&amp;ssl=1 1825w, https:\/\/i0.wp.com\/www.atelier-reklama.sk\/blog\/wp-content\/uploads\/2023\/03\/1A.-%C4%8Cepiec-3x-Jal%C5%A1ov%C3%ADk-pol.-20.-stor.-vy%C5%A1ila-Anna-O%C4%8Den%C3%A1%C5%A1ov%C3%A1-1930-2013-a-Anna-%C4%8Cep%C3%A1kov%C3%A1-scaled.jpg?w=1600&amp;ssl=1 1600w\" sizes=\"auto, (max-width: 730px) 100vw, 730px\" \/><\/figure>\n\n\n\n<figure class=\"wp-block-image size-large\"><img data-recalc-dims=\"1\" loading=\"lazy\" decoding=\"async\" width=\"730\" height=\"1024\" data-attachment-id=\"12572\" data-permalink=\"https:\/\/www.atelier-reklama.sk\/blog\/moj-krekacsky-kroj-a-jeho-prekreslene-vzory-spolu\/1a-cepiec-3x-jalsovik-pol-20-stor-vysila-anna-ocenasova-1930-2013-a-anna-cepakova-1\/\" data-orig-file=\"https:\/\/i0.wp.com\/www.atelier-reklama.sk\/blog\/wp-content\/uploads\/2023\/03\/1A.-%C4%8Cepiec-3x-Jal%C5%A1ov%C3%ADk-pol.-20.-stor.-vy%C5%A1ila-Anna-O%C4%8Den%C3%A1%C5%A1ov%C3%A1-1930-2013-a-Anna-%C4%8Cep%C3%A1kov%C3%A1-1-scaled.jpg?fit=1825%2C2560&amp;ssl=1\" data-orig-size=\"1825,2560\" data-comments-opened=\"1\" data-image-meta=\"{&quot;aperture&quot;:&quot;2&quot;,&quot;credit&quot;:&quot;&quot;,&quot;camera&quot;:&quot;SM-A125F&quot;,&quot;caption&quot;:&quot;&quot;,&quot;created_timestamp&quot;:&quot;1678010022&quot;,&quot;copyright&quot;:&quot;&quot;,&quot;focal_length&quot;:&quot;4.6&quot;,&quot;iso&quot;:&quot;40&quot;,&quot;shutter_speed&quot;:&quot;0.0199&quot;,&quot;title&quot;:&quot;&quot;,&quot;orientation&quot;:&quot;1&quot;}\" data-image-title=\"1A.-\u010cepiec-3x-Jal\u0161ov\u00edk-pol.-20.-stor.-vy\u0161ila-Anna-O\u010den\u00e1\u0161ov\u00e1-1930-2013-a-Anna-\u010cep\u00e1kov\u00e1-1\" data-image-description=\"\" data-image-caption=\"\" data-medium-file=\"https:\/\/i0.wp.com\/www.atelier-reklama.sk\/blog\/wp-content\/uploads\/2023\/03\/1A.-%C4%8Cepiec-3x-Jal%C5%A1ov%C3%ADk-pol.-20.-stor.-vy%C5%A1ila-Anna-O%C4%8Den%C3%A1%C5%A1ov%C3%A1-1930-2013-a-Anna-%C4%8Cep%C3%A1kov%C3%A1-1-scaled.jpg?fit=214%2C300&amp;ssl=1\" data-large-file=\"https:\/\/i0.wp.com\/www.atelier-reklama.sk\/blog\/wp-content\/uploads\/2023\/03\/1A.-%C4%8Cepiec-3x-Jal%C5%A1ov%C3%ADk-pol.-20.-stor.-vy%C5%A1ila-Anna-O%C4%8Den%C3%A1%C5%A1ov%C3%A1-1930-2013-a-Anna-%C4%8Cep%C3%A1kov%C3%A1-1-scaled.jpg?fit=730%2C1024&amp;ssl=1\" src=\"https:\/\/i0.wp.com\/www.atelier-reklama.sk\/blog\/wp-content\/uploads\/2023\/03\/1A.-%C4%8Cepiec-3x-Jal%C5%A1ov%C3%ADk-pol.-20.-stor.-vy%C5%A1ila-Anna-O%C4%8Den%C3%A1%C5%A1ov%C3%A1-1930-2013-a-Anna-%C4%8Cep%C3%A1kov%C3%A1-1.jpg?resize=730%2C1024&#038;ssl=1\" alt=\"\" class=\"wp-image-12572\" srcset=\"https:\/\/i0.wp.com\/www.atelier-reklama.sk\/blog\/wp-content\/uploads\/2023\/03\/1A.-%C4%8Cepiec-3x-Jal%C5%A1ov%C3%ADk-pol.-20.-stor.-vy%C5%A1ila-Anna-O%C4%8Den%C3%A1%C5%A1ov%C3%A1-1930-2013-a-Anna-%C4%8Cep%C3%A1kov%C3%A1-1-scaled.jpg?resize=730%2C1024&amp;ssl=1 730w, https:\/\/i0.wp.com\/www.atelier-reklama.sk\/blog\/wp-content\/uploads\/2023\/03\/1A.-%C4%8Cepiec-3x-Jal%C5%A1ov%C3%ADk-pol.-20.-stor.-vy%C5%A1ila-Anna-O%C4%8Den%C3%A1%C5%A1ov%C3%A1-1930-2013-a-Anna-%C4%8Cep%C3%A1kov%C3%A1-1-scaled.jpg?resize=214%2C300&amp;ssl=1 214w, https:\/\/i0.wp.com\/www.atelier-reklama.sk\/blog\/wp-content\/uploads\/2023\/03\/1A.-%C4%8Cepiec-3x-Jal%C5%A1ov%C3%ADk-pol.-20.-stor.-vy%C5%A1ila-Anna-O%C4%8Den%C3%A1%C5%A1ov%C3%A1-1930-2013-a-Anna-%C4%8Cep%C3%A1kov%C3%A1-1-scaled.jpg?resize=768%2C1077&amp;ssl=1 768w, https:\/\/i0.wp.com\/www.atelier-reklama.sk\/blog\/wp-content\/uploads\/2023\/03\/1A.-%C4%8Cepiec-3x-Jal%C5%A1ov%C3%ADk-pol.-20.-stor.-vy%C5%A1ila-Anna-O%C4%8Den%C3%A1%C5%A1ov%C3%A1-1930-2013-a-Anna-%C4%8Cep%C3%A1kov%C3%A1-1-scaled.jpg?resize=1095%2C1536&amp;ssl=1 1095w, https:\/\/i0.wp.com\/www.atelier-reklama.sk\/blog\/wp-content\/uploads\/2023\/03\/1A.-%C4%8Cepiec-3x-Jal%C5%A1ov%C3%ADk-pol.-20.-stor.-vy%C5%A1ila-Anna-O%C4%8Den%C3%A1%C5%A1ov%C3%A1-1930-2013-a-Anna-%C4%8Cep%C3%A1kov%C3%A1-1-scaled.jpg?resize=1460%2C2048&amp;ssl=1 1460w, https:\/\/i0.wp.com\/www.atelier-reklama.sk\/blog\/wp-content\/uploads\/2023\/03\/1A.-%C4%8Cepiec-3x-Jal%C5%A1ov%C3%ADk-pol.-20.-stor.-vy%C5%A1ila-Anna-O%C4%8Den%C3%A1%C5%A1ov%C3%A1-1930-2013-a-Anna-%C4%8Cep%C3%A1kov%C3%A1-1-scaled.jpg?w=1825&amp;ssl=1 1825w, https:\/\/i0.wp.com\/www.atelier-reklama.sk\/blog\/wp-content\/uploads\/2023\/03\/1A.-%C4%8Cepiec-3x-Jal%C5%A1ov%C3%ADk-pol.-20.-stor.-vy%C5%A1ila-Anna-O%C4%8Den%C3%A1%C5%A1ov%C3%A1-1930-2013-a-Anna-%C4%8Cep%C3%A1kov%C3%A1-1-scaled.jpg?w=1600&amp;ssl=1 1600w\" sizes=\"auto, (max-width: 730px) 100vw, 730px\" \/><\/figure>\n\n\n\n<figure class=\"wp-block-image size-large\"><img data-recalc-dims=\"1\" loading=\"lazy\" decoding=\"async\" width=\"800\" height=\"937\" data-attachment-id=\"12573\" data-permalink=\"https:\/\/www.atelier-reklama.sk\/blog\/moj-krekacsky-kroj-a-jeho-prekreslene-vzory-spolu\/1-cepiec-jalsovik-pol-20-stor-vysila-anna-ocenasova-a-podla-nej-anna-cepakova-2021-2022\/\" data-orig-file=\"https:\/\/i0.wp.com\/www.atelier-reklama.sk\/blog\/wp-content\/uploads\/2023\/03\/1.%C4%8Depiec-Jal%C5%A1ov%C3%ADk-pol.-20.-stor.-vy%C5%A1ila-Anna-O%C4%8Den%C3%A1%C5%A1ov%C3%A1-a-pod%C4%BEa-nej-Anna-%C4%8Cep%C3%A1kov%C3%A1-2021-2022-scaled.jpg?fit=2184%2C2560&amp;ssl=1\" data-orig-size=\"2184,2560\" data-comments-opened=\"1\" data-image-meta=\"{&quot;aperture&quot;:&quot;2&quot;,&quot;credit&quot;:&quot;&quot;,&quot;camera&quot;:&quot;SM-A125F&quot;,&quot;caption&quot;:&quot;&quot;,&quot;created_timestamp&quot;:&quot;1678033299&quot;,&quot;copyright&quot;:&quot;&quot;,&quot;focal_length&quot;:&quot;4.6&quot;,&quot;iso&quot;:&quot;100&quot;,&quot;shutter_speed&quot;:&quot;0.0199&quot;,&quot;title&quot;:&quot;&quot;,&quot;orientation&quot;:&quot;1&quot;}\" data-image-title=\"1.\u010depiec-Jal\u0161ov\u00edk-pol.-20.-stor.-vy\u0161ila-Anna-O\u010den\u00e1\u0161ov\u00e1-a-pod\u013ea-nej-Anna-\u010cep\u00e1kov\u00e1-2021-2022\" data-image-description=\"\" data-image-caption=\"\" data-medium-file=\"https:\/\/i0.wp.com\/www.atelier-reklama.sk\/blog\/wp-content\/uploads\/2023\/03\/1.%C4%8Depiec-Jal%C5%A1ov%C3%ADk-pol.-20.-stor.-vy%C5%A1ila-Anna-O%C4%8Den%C3%A1%C5%A1ov%C3%A1-a-pod%C4%BEa-nej-Anna-%C4%8Cep%C3%A1kov%C3%A1-2021-2022-scaled.jpg?fit=256%2C300&amp;ssl=1\" data-large-file=\"https:\/\/i0.wp.com\/www.atelier-reklama.sk\/blog\/wp-content\/uploads\/2023\/03\/1.%C4%8Depiec-Jal%C5%A1ov%C3%ADk-pol.-20.-stor.-vy%C5%A1ila-Anna-O%C4%8Den%C3%A1%C5%A1ov%C3%A1-a-pod%C4%BEa-nej-Anna-%C4%8Cep%C3%A1kov%C3%A1-2021-2022-scaled.jpg?fit=800%2C937&amp;ssl=1\" src=\"https:\/\/i0.wp.com\/www.atelier-reklama.sk\/blog\/wp-content\/uploads\/2023\/03\/1.%C4%8Depiec-Jal%C5%A1ov%C3%ADk-pol.-20.-stor.-vy%C5%A1ila-Anna-O%C4%8Den%C3%A1%C5%A1ov%C3%A1-a-pod%C4%BEa-nej-Anna-%C4%8Cep%C3%A1kov%C3%A1-2021-2022.jpg?resize=800%2C937&#038;ssl=1\" alt=\"\" class=\"wp-image-12573\" srcset=\"https:\/\/i0.wp.com\/www.atelier-reklama.sk\/blog\/wp-content\/uploads\/2023\/03\/1.%C4%8Depiec-Jal%C5%A1ov%C3%ADk-pol.-20.-stor.-vy%C5%A1ila-Anna-O%C4%8Den%C3%A1%C5%A1ov%C3%A1-a-pod%C4%BEa-nej-Anna-%C4%8Cep%C3%A1kov%C3%A1-2021-2022-scaled.jpg?resize=874%2C1024&amp;ssl=1 874w, https:\/\/i0.wp.com\/www.atelier-reklama.sk\/blog\/wp-content\/uploads\/2023\/03\/1.%C4%8Depiec-Jal%C5%A1ov%C3%ADk-pol.-20.-stor.-vy%C5%A1ila-Anna-O%C4%8Den%C3%A1%C5%A1ov%C3%A1-a-pod%C4%BEa-nej-Anna-%C4%8Cep%C3%A1kov%C3%A1-2021-2022-scaled.jpg?resize=256%2C300&amp;ssl=1 256w, https:\/\/i0.wp.com\/www.atelier-reklama.sk\/blog\/wp-content\/uploads\/2023\/03\/1.%C4%8Depiec-Jal%C5%A1ov%C3%ADk-pol.-20.-stor.-vy%C5%A1ila-Anna-O%C4%8Den%C3%A1%C5%A1ov%C3%A1-a-pod%C4%BEa-nej-Anna-%C4%8Cep%C3%A1kov%C3%A1-2021-2022-scaled.jpg?resize=768%2C900&amp;ssl=1 768w, https:\/\/i0.wp.com\/www.atelier-reklama.sk\/blog\/wp-content\/uploads\/2023\/03\/1.%C4%8Depiec-Jal%C5%A1ov%C3%ADk-pol.-20.-stor.-vy%C5%A1ila-Anna-O%C4%8Den%C3%A1%C5%A1ov%C3%A1-a-pod%C4%BEa-nej-Anna-%C4%8Cep%C3%A1kov%C3%A1-2021-2022-scaled.jpg?resize=1310%2C1536&amp;ssl=1 1310w, https:\/\/i0.wp.com\/www.atelier-reklama.sk\/blog\/wp-content\/uploads\/2023\/03\/1.%C4%8Depiec-Jal%C5%A1ov%C3%ADk-pol.-20.-stor.-vy%C5%A1ila-Anna-O%C4%8Den%C3%A1%C5%A1ov%C3%A1-a-pod%C4%BEa-nej-Anna-%C4%8Cep%C3%A1kov%C3%A1-2021-2022-scaled.jpg?resize=1747%2C2048&amp;ssl=1 1747w, https:\/\/i0.wp.com\/www.atelier-reklama.sk\/blog\/wp-content\/uploads\/2023\/03\/1.%C4%8Depiec-Jal%C5%A1ov%C3%ADk-pol.-20.-stor.-vy%C5%A1ila-Anna-O%C4%8Den%C3%A1%C5%A1ov%C3%A1-a-pod%C4%BEa-nej-Anna-%C4%8Cep%C3%A1kov%C3%A1-2021-2022-scaled.jpg?w=1600&amp;ssl=1 1600w\" sizes=\"auto, (max-width: 800px) 100vw, 800px\" \/><\/figure>\n\n\n\n<figure class=\"wp-block-image size-large\"><img data-recalc-dims=\"1\" loading=\"lazy\" decoding=\"async\" width=\"800\" height=\"566\" data-attachment-id=\"12571\" data-permalink=\"https:\/\/www.atelier-reklama.sk\/blog\/moj-krekacsky-kroj-a-jeho-prekreslene-vzory-spolu\/1-cepiec-vzor-jalsovik-pol-20-stor-vysila-anna-ocenasova-1930-2013\/\" data-orig-file=\"https:\/\/i0.wp.com\/www.atelier-reklama.sk\/blog\/wp-content\/uploads\/2023\/03\/1.-%C4%8Depiec-vzor-Jal%C5%A1ov%C3%ADk-pol.-20.-stor.-vy%C5%A1ila-Anna-O%C4%8Den%C3%A1%C5%A1ov%C3%A1-1930-2013-scaled.jpg?fit=2560%2C1810&amp;ssl=1\" data-orig-size=\"2560,1810\" data-comments-opened=\"1\" data-image-meta=\"{&quot;aperture&quot;:&quot;0&quot;,&quot;credit&quot;:&quot;&quot;,&quot;camera&quot;:&quot;&quot;,&quot;caption&quot;:&quot;&quot;,&quot;created_timestamp&quot;:&quot;0&quot;,&quot;copyright&quot;:&quot;&quot;,&quot;focal_length&quot;:&quot;0&quot;,&quot;iso&quot;:&quot;0&quot;,&quot;shutter_speed&quot;:&quot;0&quot;,&quot;title&quot;:&quot;&quot;,&quot;orientation&quot;:&quot;0&quot;}\" data-image-title=\"1.-\u010depiec-vzor-Jal\u0161ov\u00edk-pol.-20.-stor.-vy\u0161ila-Anna-O\u010den\u00e1\u0161ov\u00e1-1930-2013\" data-image-description=\"\" data-image-caption=\"\" data-medium-file=\"https:\/\/i0.wp.com\/www.atelier-reklama.sk\/blog\/wp-content\/uploads\/2023\/03\/1.-%C4%8Depiec-vzor-Jal%C5%A1ov%C3%ADk-pol.-20.-stor.-vy%C5%A1ila-Anna-O%C4%8Den%C3%A1%C5%A1ov%C3%A1-1930-2013-scaled.jpg?fit=300%2C212&amp;ssl=1\" data-large-file=\"https:\/\/i0.wp.com\/www.atelier-reklama.sk\/blog\/wp-content\/uploads\/2023\/03\/1.-%C4%8Depiec-vzor-Jal%C5%A1ov%C3%ADk-pol.-20.-stor.-vy%C5%A1ila-Anna-O%C4%8Den%C3%A1%C5%A1ov%C3%A1-1930-2013-scaled.jpg?fit=800%2C566&amp;ssl=1\" src=\"https:\/\/i0.wp.com\/www.atelier-reklama.sk\/blog\/wp-content\/uploads\/2023\/03\/1.-%C4%8Depiec-vzor-Jal%C5%A1ov%C3%ADk-pol.-20.-stor.-vy%C5%A1ila-Anna-O%C4%8Den%C3%A1%C5%A1ov%C3%A1-1930-2013.jpg?resize=800%2C566&#038;ssl=1\" alt=\"\" class=\"wp-image-12571\" srcset=\"https:\/\/i0.wp.com\/www.atelier-reklama.sk\/blog\/wp-content\/uploads\/2023\/03\/1.-%C4%8Depiec-vzor-Jal%C5%A1ov%C3%ADk-pol.-20.-stor.-vy%C5%A1ila-Anna-O%C4%8Den%C3%A1%C5%A1ov%C3%A1-1930-2013-scaled.jpg?resize=1024%2C724&amp;ssl=1 1024w, https:\/\/i0.wp.com\/www.atelier-reklama.sk\/blog\/wp-content\/uploads\/2023\/03\/1.-%C4%8Depiec-vzor-Jal%C5%A1ov%C3%ADk-pol.-20.-stor.-vy%C5%A1ila-Anna-O%C4%8Den%C3%A1%C5%A1ov%C3%A1-1930-2013-scaled.jpg?resize=300%2C212&amp;ssl=1 300w, https:\/\/i0.wp.com\/www.atelier-reklama.sk\/blog\/wp-content\/uploads\/2023\/03\/1.-%C4%8Depiec-vzor-Jal%C5%A1ov%C3%ADk-pol.-20.-stor.-vy%C5%A1ila-Anna-O%C4%8Den%C3%A1%C5%A1ov%C3%A1-1930-2013-scaled.jpg?resize=768%2C543&amp;ssl=1 768w, https:\/\/i0.wp.com\/www.atelier-reklama.sk\/blog\/wp-content\/uploads\/2023\/03\/1.-%C4%8Depiec-vzor-Jal%C5%A1ov%C3%ADk-pol.-20.-stor.-vy%C5%A1ila-Anna-O%C4%8Den%C3%A1%C5%A1ov%C3%A1-1930-2013-scaled.jpg?resize=1536%2C1086&amp;ssl=1 1536w, https:\/\/i0.wp.com\/www.atelier-reklama.sk\/blog\/wp-content\/uploads\/2023\/03\/1.-%C4%8Depiec-vzor-Jal%C5%A1ov%C3%ADk-pol.-20.-stor.-vy%C5%A1ila-Anna-O%C4%8Den%C3%A1%C5%A1ov%C3%A1-1930-2013-scaled.jpg?resize=2048%2C1448&amp;ssl=1 2048w, https:\/\/i0.wp.com\/www.atelier-reklama.sk\/blog\/wp-content\/uploads\/2023\/03\/1.-%C4%8Depiec-vzor-Jal%C5%A1ov%C3%ADk-pol.-20.-stor.-vy%C5%A1ila-Anna-O%C4%8Den%C3%A1%C5%A1ov%C3%A1-1930-2013-scaled.jpg?w=1600&amp;ssl=1 1600w, https:\/\/i0.wp.com\/www.atelier-reklama.sk\/blog\/wp-content\/uploads\/2023\/03\/1.-%C4%8Depiec-vzor-Jal%C5%A1ov%C3%ADk-pol.-20.-stor.-vy%C5%A1ila-Anna-O%C4%8Den%C3%A1%C5%A1ov%C3%A1-1930-2013-scaled.jpg?w=2400&amp;ssl=1 2400w\" sizes=\"auto, (max-width: 800px) 100vw, 800px\" \/><\/figure>\n\n\n\n<figure class=\"wp-block-image size-large\"><img data-recalc-dims=\"1\" loading=\"lazy\" decoding=\"async\" width=\"800\" height=\"441\" data-attachment-id=\"12574\" data-permalink=\"https:\/\/www.atelier-reklama.sk\/blog\/moj-krekacsky-kroj-a-jeho-prekreslene-vzory-spolu\/1-cepiec-spredu-jalsovik-pol-20-stor-vysila-anna-ocenasova\/\" data-orig-file=\"https:\/\/i0.wp.com\/www.atelier-reklama.sk\/blog\/wp-content\/uploads\/2023\/03\/1.%C4%8Depiec-spredu-Jal%C5%A1ov%C3%ADk-pol.-20.-stor.-vy%C5%A1ila-Anna-O%C4%8Den%C3%A1%C5%A1ov%C3%A1-.-scaled.jpg?fit=2560%2C1409&amp;ssl=1\" data-orig-size=\"2560,1409\" data-comments-opened=\"1\" data-image-meta=\"{&quot;aperture&quot;:&quot;2&quot;,&quot;credit&quot;:&quot;&quot;,&quot;camera&quot;:&quot;SM-A125F&quot;,&quot;caption&quot;:&quot;&quot;,&quot;created_timestamp&quot;:&quot;1678033187&quot;,&quot;copyright&quot;:&quot;&quot;,&quot;focal_length&quot;:&quot;4.6&quot;,&quot;iso&quot;:&quot;100&quot;,&quot;shutter_speed&quot;:&quot;0.0199&quot;,&quot;title&quot;:&quot;&quot;,&quot;orientation&quot;:&quot;1&quot;}\" data-image-title=\"1.\u010depiec-spredu-Jal\u0161ov\u00edk-pol.-20.-stor.-vy\u0161ila-Anna-O\u010den\u00e1\u0161ov\u00e1-.\" data-image-description=\"\" data-image-caption=\"\" data-medium-file=\"https:\/\/i0.wp.com\/www.atelier-reklama.sk\/blog\/wp-content\/uploads\/2023\/03\/1.%C4%8Depiec-spredu-Jal%C5%A1ov%C3%ADk-pol.-20.-stor.-vy%C5%A1ila-Anna-O%C4%8Den%C3%A1%C5%A1ov%C3%A1-.-scaled.jpg?fit=300%2C165&amp;ssl=1\" data-large-file=\"https:\/\/i0.wp.com\/www.atelier-reklama.sk\/blog\/wp-content\/uploads\/2023\/03\/1.%C4%8Depiec-spredu-Jal%C5%A1ov%C3%ADk-pol.-20.-stor.-vy%C5%A1ila-Anna-O%C4%8Den%C3%A1%C5%A1ov%C3%A1-.-scaled.jpg?fit=800%2C441&amp;ssl=1\" src=\"https:\/\/i0.wp.com\/www.atelier-reklama.sk\/blog\/wp-content\/uploads\/2023\/03\/1.%C4%8Depiec-spredu-Jal%C5%A1ov%C3%ADk-pol.-20.-stor.-vy%C5%A1ila-Anna-O%C4%8Den%C3%A1%C5%A1ov%C3%A1-..jpg?resize=800%2C441&#038;ssl=1\" alt=\"\" class=\"wp-image-12574\" srcset=\"https:\/\/i0.wp.com\/www.atelier-reklama.sk\/blog\/wp-content\/uploads\/2023\/03\/1.%C4%8Depiec-spredu-Jal%C5%A1ov%C3%ADk-pol.-20.-stor.-vy%C5%A1ila-Anna-O%C4%8Den%C3%A1%C5%A1ov%C3%A1-.-scaled.jpg?resize=1024%2C564&amp;ssl=1 1024w, https:\/\/i0.wp.com\/www.atelier-reklama.sk\/blog\/wp-content\/uploads\/2023\/03\/1.%C4%8Depiec-spredu-Jal%C5%A1ov%C3%ADk-pol.-20.-stor.-vy%C5%A1ila-Anna-O%C4%8Den%C3%A1%C5%A1ov%C3%A1-.-scaled.jpg?resize=300%2C165&amp;ssl=1 300w, https:\/\/i0.wp.com\/www.atelier-reklama.sk\/blog\/wp-content\/uploads\/2023\/03\/1.%C4%8Depiec-spredu-Jal%C5%A1ov%C3%ADk-pol.-20.-stor.-vy%C5%A1ila-Anna-O%C4%8Den%C3%A1%C5%A1ov%C3%A1-.-scaled.jpg?resize=768%2C423&amp;ssl=1 768w, https:\/\/i0.wp.com\/www.atelier-reklama.sk\/blog\/wp-content\/uploads\/2023\/03\/1.%C4%8Depiec-spredu-Jal%C5%A1ov%C3%ADk-pol.-20.-stor.-vy%C5%A1ila-Anna-O%C4%8Den%C3%A1%C5%A1ov%C3%A1-.-scaled.jpg?resize=1536%2C845&amp;ssl=1 1536w, https:\/\/i0.wp.com\/www.atelier-reklama.sk\/blog\/wp-content\/uploads\/2023\/03\/1.%C4%8Depiec-spredu-Jal%C5%A1ov%C3%ADk-pol.-20.-stor.-vy%C5%A1ila-Anna-O%C4%8Den%C3%A1%C5%A1ov%C3%A1-.-scaled.jpg?resize=2048%2C1127&amp;ssl=1 2048w, https:\/\/i0.wp.com\/www.atelier-reklama.sk\/blog\/wp-content\/uploads\/2023\/03\/1.%C4%8Depiec-spredu-Jal%C5%A1ov%C3%ADk-pol.-20.-stor.-vy%C5%A1ila-Anna-O%C4%8Den%C3%A1%C5%A1ov%C3%A1-.-scaled.jpg?w=1600&amp;ssl=1 1600w, https:\/\/i0.wp.com\/www.atelier-reklama.sk\/blog\/wp-content\/uploads\/2023\/03\/1.%C4%8Depiec-spredu-Jal%C5%A1ov%C3%ADk-pol.-20.-stor.-vy%C5%A1ila-Anna-O%C4%8Den%C3%A1%C5%A1ov%C3%A1-.-scaled.jpg?w=2400&amp;ssl=1 2400w\" sizes=\"auto, (max-width: 800px) 100vw, 800px\" \/><\/figure>\n\n\n\n<figure class=\"wp-block-image size-large\"><img data-recalc-dims=\"1\" loading=\"lazy\" decoding=\"async\" width=\"800\" height=\"462\" data-attachment-id=\"12575\" data-permalink=\"https:\/\/www.atelier-reklama.sk\/blog\/moj-krekacsky-kroj-a-jeho-prekreslene-vzory-spolu\/1-cepiec-jalsovik-pol-20-stor-vysila-anna-ocenasova\/\" data-orig-file=\"https:\/\/i0.wp.com\/www.atelier-reklama.sk\/blog\/wp-content\/uploads\/2023\/03\/1.%C4%8Depiec-Jal%C5%A1ov%C3%ADk-pol.-20.-stor.-vy%C5%A1ila-Anna-O%C4%8Den%C3%A1%C5%A1ov%C3%A1--scaled.jpg?fit=2560%2C1478&amp;ssl=1\" data-orig-size=\"2560,1478\" data-comments-opened=\"1\" data-image-meta=\"{&quot;aperture&quot;:&quot;2&quot;,&quot;credit&quot;:&quot;&quot;,&quot;camera&quot;:&quot;SM-A125F&quot;,&quot;caption&quot;:&quot;&quot;,&quot;created_timestamp&quot;:&quot;1678033210&quot;,&quot;copyright&quot;:&quot;&quot;,&quot;focal_length&quot;:&quot;4.6&quot;,&quot;iso&quot;:&quot;100&quot;,&quot;shutter_speed&quot;:&quot;0.0199&quot;,&quot;title&quot;:&quot;&quot;,&quot;orientation&quot;:&quot;1&quot;}\" data-image-title=\"1.\u010depiec-Jal\u0161ov\u00edk-pol.-20.-stor.-vy\u0161ila-Anna-O\u010den\u00e1\u0161ov\u00e1-\" data-image-description=\"\" data-image-caption=\"\" data-medium-file=\"https:\/\/i0.wp.com\/www.atelier-reklama.sk\/blog\/wp-content\/uploads\/2023\/03\/1.%C4%8Depiec-Jal%C5%A1ov%C3%ADk-pol.-20.-stor.-vy%C5%A1ila-Anna-O%C4%8Den%C3%A1%C5%A1ov%C3%A1--scaled.jpg?fit=300%2C173&amp;ssl=1\" data-large-file=\"https:\/\/i0.wp.com\/www.atelier-reklama.sk\/blog\/wp-content\/uploads\/2023\/03\/1.%C4%8Depiec-Jal%C5%A1ov%C3%ADk-pol.-20.-stor.-vy%C5%A1ila-Anna-O%C4%8Den%C3%A1%C5%A1ov%C3%A1--scaled.jpg?fit=800%2C462&amp;ssl=1\" src=\"https:\/\/i0.wp.com\/www.atelier-reklama.sk\/blog\/wp-content\/uploads\/2023\/03\/1.%C4%8Depiec-Jal%C5%A1ov%C3%ADk-pol.-20.-stor.-vy%C5%A1ila-Anna-O%C4%8Den%C3%A1%C5%A1ov%C3%A1-.jpg?resize=800%2C462&#038;ssl=1\" alt=\"\" class=\"wp-image-12575\" srcset=\"https:\/\/i0.wp.com\/www.atelier-reklama.sk\/blog\/wp-content\/uploads\/2023\/03\/1.%C4%8Depiec-Jal%C5%A1ov%C3%ADk-pol.-20.-stor.-vy%C5%A1ila-Anna-O%C4%8Den%C3%A1%C5%A1ov%C3%A1--scaled.jpg?resize=1024%2C591&amp;ssl=1 1024w, https:\/\/i0.wp.com\/www.atelier-reklama.sk\/blog\/wp-content\/uploads\/2023\/03\/1.%C4%8Depiec-Jal%C5%A1ov%C3%ADk-pol.-20.-stor.-vy%C5%A1ila-Anna-O%C4%8Den%C3%A1%C5%A1ov%C3%A1--scaled.jpg?resize=300%2C173&amp;ssl=1 300w, https:\/\/i0.wp.com\/www.atelier-reklama.sk\/blog\/wp-content\/uploads\/2023\/03\/1.%C4%8Depiec-Jal%C5%A1ov%C3%ADk-pol.-20.-stor.-vy%C5%A1ila-Anna-O%C4%8Den%C3%A1%C5%A1ov%C3%A1--scaled.jpg?resize=768%2C443&amp;ssl=1 768w, https:\/\/i0.wp.com\/www.atelier-reklama.sk\/blog\/wp-content\/uploads\/2023\/03\/1.%C4%8Depiec-Jal%C5%A1ov%C3%ADk-pol.-20.-stor.-vy%C5%A1ila-Anna-O%C4%8Den%C3%A1%C5%A1ov%C3%A1--scaled.jpg?resize=1536%2C887&amp;ssl=1 1536w, https:\/\/i0.wp.com\/www.atelier-reklama.sk\/blog\/wp-content\/uploads\/2023\/03\/1.%C4%8Depiec-Jal%C5%A1ov%C3%ADk-pol.-20.-stor.-vy%C5%A1ila-Anna-O%C4%8Den%C3%A1%C5%A1ov%C3%A1--scaled.jpg?resize=2048%2C1182&amp;ssl=1 2048w, https:\/\/i0.wp.com\/www.atelier-reklama.sk\/blog\/wp-content\/uploads\/2023\/03\/1.%C4%8Depiec-Jal%C5%A1ov%C3%ADk-pol.-20.-stor.-vy%C5%A1ila-Anna-O%C4%8Den%C3%A1%C5%A1ov%C3%A1--scaled.jpg?w=1600&amp;ssl=1 1600w, https:\/\/i0.wp.com\/www.atelier-reklama.sk\/blog\/wp-content\/uploads\/2023\/03\/1.%C4%8Depiec-Jal%C5%A1ov%C3%ADk-pol.-20.-stor.-vy%C5%A1ila-Anna-O%C4%8Den%C3%A1%C5%A1ov%C3%A1--scaled.jpg?w=2400&amp;ssl=1 2400w\" sizes=\"auto, (max-width: 800px) 100vw, 800px\" \/><\/figure>\n\n\n\n<figure class=\"wp-block-image size-large\"><img data-recalc-dims=\"1\" loading=\"lazy\" decoding=\"async\" width=\"800\" height=\"331\" data-attachment-id=\"12581\" data-permalink=\"https:\/\/www.atelier-reklama.sk\/blog\/moj-krekacsky-kroj-a-jeho-prekreslene-vzory-spolu\/1-cepiec-3x-jalcovik-pol-20-stor-vysila-anna-ocenasova-a-podla-nej-anna-cepakova\/\" data-orig-file=\"https:\/\/i0.wp.com\/www.atelier-reklama.sk\/blog\/wp-content\/uploads\/2023\/03\/1.%C4%8Depiec-3x-Jal%C4%8Dov%C3%ADk-pol.-20.-stor.-vy%C5%A1ila-Anna-O%C4%8Den%C3%A1%C5%A1ov%C3%A1-a-pod%C4%BEa-nej-Anna-%C4%8Cep%C3%A1kov%C3%A1-scaled.jpg?fit=2560%2C1061&amp;ssl=1\" data-orig-size=\"2560,1061\" data-comments-opened=\"1\" data-image-meta=\"{&quot;aperture&quot;:&quot;2&quot;,&quot;credit&quot;:&quot;&quot;,&quot;camera&quot;:&quot;SM-A125F&quot;,&quot;caption&quot;:&quot;&quot;,&quot;created_timestamp&quot;:&quot;1678033252&quot;,&quot;copyright&quot;:&quot;&quot;,&quot;focal_length&quot;:&quot;4.6&quot;,&quot;iso&quot;:&quot;80&quot;,&quot;shutter_speed&quot;:&quot;0.0199&quot;,&quot;title&quot;:&quot;&quot;,&quot;orientation&quot;:&quot;1&quot;}\" data-image-title=\"1.\u010depiec-3x-Jal\u010dov\u00edk-pol.-20.-stor.-vy\u0161ila-Anna-O\u010den\u00e1\u0161ov\u00e1-a-pod\u013ea-nej-Anna-\u010cep\u00e1kov\u00e1\" data-image-description=\"\" data-image-caption=\"\" data-medium-file=\"https:\/\/i0.wp.com\/www.atelier-reklama.sk\/blog\/wp-content\/uploads\/2023\/03\/1.%C4%8Depiec-3x-Jal%C4%8Dov%C3%ADk-pol.-20.-stor.-vy%C5%A1ila-Anna-O%C4%8Den%C3%A1%C5%A1ov%C3%A1-a-pod%C4%BEa-nej-Anna-%C4%8Cep%C3%A1kov%C3%A1-scaled.jpg?fit=300%2C124&amp;ssl=1\" data-large-file=\"https:\/\/i0.wp.com\/www.atelier-reklama.sk\/blog\/wp-content\/uploads\/2023\/03\/1.%C4%8Depiec-3x-Jal%C4%8Dov%C3%ADk-pol.-20.-stor.-vy%C5%A1ila-Anna-O%C4%8Den%C3%A1%C5%A1ov%C3%A1-a-pod%C4%BEa-nej-Anna-%C4%8Cep%C3%A1kov%C3%A1-scaled.jpg?fit=800%2C331&amp;ssl=1\" src=\"https:\/\/i0.wp.com\/www.atelier-reklama.sk\/blog\/wp-content\/uploads\/2023\/03\/1.%C4%8Depiec-3x-Jal%C4%8Dov%C3%ADk-pol.-20.-stor.-vy%C5%A1ila-Anna-O%C4%8Den%C3%A1%C5%A1ov%C3%A1-a-pod%C4%BEa-nej-Anna-%C4%8Cep%C3%A1kov%C3%A1.jpg?resize=800%2C331&#038;ssl=1\" alt=\"\" class=\"wp-image-12581\" srcset=\"https:\/\/i0.wp.com\/www.atelier-reklama.sk\/blog\/wp-content\/uploads\/2023\/03\/1.%C4%8Depiec-3x-Jal%C4%8Dov%C3%ADk-pol.-20.-stor.-vy%C5%A1ila-Anna-O%C4%8Den%C3%A1%C5%A1ov%C3%A1-a-pod%C4%BEa-nej-Anna-%C4%8Cep%C3%A1kov%C3%A1-scaled.jpg?resize=1024%2C424&amp;ssl=1 1024w, https:\/\/i0.wp.com\/www.atelier-reklama.sk\/blog\/wp-content\/uploads\/2023\/03\/1.%C4%8Depiec-3x-Jal%C4%8Dov%C3%ADk-pol.-20.-stor.-vy%C5%A1ila-Anna-O%C4%8Den%C3%A1%C5%A1ov%C3%A1-a-pod%C4%BEa-nej-Anna-%C4%8Cep%C3%A1kov%C3%A1-scaled.jpg?resize=300%2C124&amp;ssl=1 300w, https:\/\/i0.wp.com\/www.atelier-reklama.sk\/blog\/wp-content\/uploads\/2023\/03\/1.%C4%8Depiec-3x-Jal%C4%8Dov%C3%ADk-pol.-20.-stor.-vy%C5%A1ila-Anna-O%C4%8Den%C3%A1%C5%A1ov%C3%A1-a-pod%C4%BEa-nej-Anna-%C4%8Cep%C3%A1kov%C3%A1-scaled.jpg?resize=768%2C318&amp;ssl=1 768w, https:\/\/i0.wp.com\/www.atelier-reklama.sk\/blog\/wp-content\/uploads\/2023\/03\/1.%C4%8Depiec-3x-Jal%C4%8Dov%C3%ADk-pol.-20.-stor.-vy%C5%A1ila-Anna-O%C4%8Den%C3%A1%C5%A1ov%C3%A1-a-pod%C4%BEa-nej-Anna-%C4%8Cep%C3%A1kov%C3%A1-scaled.jpg?resize=1536%2C636&amp;ssl=1 1536w, https:\/\/i0.wp.com\/www.atelier-reklama.sk\/blog\/wp-content\/uploads\/2023\/03\/1.%C4%8Depiec-3x-Jal%C4%8Dov%C3%ADk-pol.-20.-stor.-vy%C5%A1ila-Anna-O%C4%8Den%C3%A1%C5%A1ov%C3%A1-a-pod%C4%BEa-nej-Anna-%C4%8Cep%C3%A1kov%C3%A1-scaled.jpg?resize=2048%2C849&amp;ssl=1 2048w, https:\/\/i0.wp.com\/www.atelier-reklama.sk\/blog\/wp-content\/uploads\/2023\/03\/1.%C4%8Depiec-3x-Jal%C4%8Dov%C3%ADk-pol.-20.-stor.-vy%C5%A1ila-Anna-O%C4%8Den%C3%A1%C5%A1ov%C3%A1-a-pod%C4%BEa-nej-Anna-%C4%8Cep%C3%A1kov%C3%A1-scaled.jpg?w=1600&amp;ssl=1 1600w, https:\/\/i0.wp.com\/www.atelier-reklama.sk\/blog\/wp-content\/uploads\/2023\/03\/1.%C4%8Depiec-3x-Jal%C4%8Dov%C3%ADk-pol.-20.-stor.-vy%C5%A1ila-Anna-O%C4%8Den%C3%A1%C5%A1ov%C3%A1-a-pod%C4%BEa-nej-Anna-%C4%8Cep%C3%A1kov%C3%A1-scaled.jpg?w=2400&amp;ssl=1 2400w\" sizes=\"auto, (max-width: 800px) 100vw, 800px\" \/><\/figure>\n\n\n\n<figure class=\"wp-block-image size-large\"><img data-recalc-dims=\"1\" loading=\"lazy\" decoding=\"async\" width=\"800\" height=\"542\" data-attachment-id=\"12577\" data-permalink=\"https:\/\/www.atelier-reklama.sk\/blog\/moj-krekacsky-kroj-a-jeho-prekreslene-vzory-spolu\/1-cepiec-spredu-jalsovik-pol-20-stor-vysila-anna-ocenasova-a-podla-nej-anna-cepakova-2021\/\" data-orig-file=\"https:\/\/i0.wp.com\/www.atelier-reklama.sk\/blog\/wp-content\/uploads\/2023\/03\/1.%C4%8Depiec-spredu-Jal%C5%A1ov%C3%ADk-pol.-20.-stor.-vy%C5%A1ila-Anna-O%C4%8Den%C3%A1%C5%A1ov%C3%A1-a-pod%C4%BEa-nej-Anna-%C4%8Cep%C3%A1kov%C3%A1-2021-scaled.jpg?fit=2560%2C1735&amp;ssl=1\" data-orig-size=\"2560,1735\" data-comments-opened=\"1\" data-image-meta=\"{&quot;aperture&quot;:&quot;2&quot;,&quot;credit&quot;:&quot;&quot;,&quot;camera&quot;:&quot;SM-A125F&quot;,&quot;caption&quot;:&quot;&quot;,&quot;created_timestamp&quot;:&quot;1678033235&quot;,&quot;copyright&quot;:&quot;&quot;,&quot;focal_length&quot;:&quot;4.6&quot;,&quot;iso&quot;:&quot;80&quot;,&quot;shutter_speed&quot;:&quot;0.0199&quot;,&quot;title&quot;:&quot;&quot;,&quot;orientation&quot;:&quot;1&quot;}\" data-image-title=\"1.\u010depiec-spredu-Jal\u0161ov\u00edk-pol.-20.-stor.-vy\u0161ila-Anna-O\u010den\u00e1\u0161ov\u00e1-a-pod\u013ea-nej-Anna-\u010cep\u00e1kov\u00e1-2021\" data-image-description=\"\" data-image-caption=\"\" data-medium-file=\"https:\/\/i0.wp.com\/www.atelier-reklama.sk\/blog\/wp-content\/uploads\/2023\/03\/1.%C4%8Depiec-spredu-Jal%C5%A1ov%C3%ADk-pol.-20.-stor.-vy%C5%A1ila-Anna-O%C4%8Den%C3%A1%C5%A1ov%C3%A1-a-pod%C4%BEa-nej-Anna-%C4%8Cep%C3%A1kov%C3%A1-2021-scaled.jpg?fit=300%2C203&amp;ssl=1\" data-large-file=\"https:\/\/i0.wp.com\/www.atelier-reklama.sk\/blog\/wp-content\/uploads\/2023\/03\/1.%C4%8Depiec-spredu-Jal%C5%A1ov%C3%ADk-pol.-20.-stor.-vy%C5%A1ila-Anna-O%C4%8Den%C3%A1%C5%A1ov%C3%A1-a-pod%C4%BEa-nej-Anna-%C4%8Cep%C3%A1kov%C3%A1-2021-scaled.jpg?fit=800%2C542&amp;ssl=1\" src=\"https:\/\/i0.wp.com\/www.atelier-reklama.sk\/blog\/wp-content\/uploads\/2023\/03\/1.%C4%8Depiec-spredu-Jal%C5%A1ov%C3%ADk-pol.-20.-stor.-vy%C5%A1ila-Anna-O%C4%8Den%C3%A1%C5%A1ov%C3%A1-a-pod%C4%BEa-nej-Anna-%C4%8Cep%C3%A1kov%C3%A1-2021.jpg?resize=800%2C542&#038;ssl=1\" alt=\"\" class=\"wp-image-12577\" srcset=\"https:\/\/i0.wp.com\/www.atelier-reklama.sk\/blog\/wp-content\/uploads\/2023\/03\/1.%C4%8Depiec-spredu-Jal%C5%A1ov%C3%ADk-pol.-20.-stor.-vy%C5%A1ila-Anna-O%C4%8Den%C3%A1%C5%A1ov%C3%A1-a-pod%C4%BEa-nej-Anna-%C4%8Cep%C3%A1kov%C3%A1-2021-scaled.jpg?resize=1024%2C694&amp;ssl=1 1024w, https:\/\/i0.wp.com\/www.atelier-reklama.sk\/blog\/wp-content\/uploads\/2023\/03\/1.%C4%8Depiec-spredu-Jal%C5%A1ov%C3%ADk-pol.-20.-stor.-vy%C5%A1ila-Anna-O%C4%8Den%C3%A1%C5%A1ov%C3%A1-a-pod%C4%BEa-nej-Anna-%C4%8Cep%C3%A1kov%C3%A1-2021-scaled.jpg?resize=300%2C203&amp;ssl=1 300w, https:\/\/i0.wp.com\/www.atelier-reklama.sk\/blog\/wp-content\/uploads\/2023\/03\/1.%C4%8Depiec-spredu-Jal%C5%A1ov%C3%ADk-pol.-20.-stor.-vy%C5%A1ila-Anna-O%C4%8Den%C3%A1%C5%A1ov%C3%A1-a-pod%C4%BEa-nej-Anna-%C4%8Cep%C3%A1kov%C3%A1-2021-scaled.jpg?resize=768%2C521&amp;ssl=1 768w, https:\/\/i0.wp.com\/www.atelier-reklama.sk\/blog\/wp-content\/uploads\/2023\/03\/1.%C4%8Depiec-spredu-Jal%C5%A1ov%C3%ADk-pol.-20.-stor.-vy%C5%A1ila-Anna-O%C4%8Den%C3%A1%C5%A1ov%C3%A1-a-pod%C4%BEa-nej-Anna-%C4%8Cep%C3%A1kov%C3%A1-2021-scaled.jpg?resize=1536%2C1041&amp;ssl=1 1536w, https:\/\/i0.wp.com\/www.atelier-reklama.sk\/blog\/wp-content\/uploads\/2023\/03\/1.%C4%8Depiec-spredu-Jal%C5%A1ov%C3%ADk-pol.-20.-stor.-vy%C5%A1ila-Anna-O%C4%8Den%C3%A1%C5%A1ov%C3%A1-a-pod%C4%BEa-nej-Anna-%C4%8Cep%C3%A1kov%C3%A1-2021-scaled.jpg?resize=2048%2C1388&amp;ssl=1 2048w, https:\/\/i0.wp.com\/www.atelier-reklama.sk\/blog\/wp-content\/uploads\/2023\/03\/1.%C4%8Depiec-spredu-Jal%C5%A1ov%C3%ADk-pol.-20.-stor.-vy%C5%A1ila-Anna-O%C4%8Den%C3%A1%C5%A1ov%C3%A1-a-pod%C4%BEa-nej-Anna-%C4%8Cep%C3%A1kov%C3%A1-2021-scaled.jpg?w=1600&amp;ssl=1 1600w, https:\/\/i0.wp.com\/www.atelier-reklama.sk\/blog\/wp-content\/uploads\/2023\/03\/1.%C4%8Depiec-spredu-Jal%C5%A1ov%C3%ADk-pol.-20.-stor.-vy%C5%A1ila-Anna-O%C4%8Den%C3%A1%C5%A1ov%C3%A1-a-pod%C4%BEa-nej-Anna-%C4%8Cep%C3%A1kov%C3%A1-2021-scaled.jpg?w=2400&amp;ssl=1 2400w\" sizes=\"auto, (max-width: 800px) 100vw, 800px\" \/><\/figure>\n\n\n\n<figure class=\"wp-block-image size-large\"><img data-recalc-dims=\"1\" loading=\"lazy\" decoding=\"async\" width=\"800\" height=\"448\" data-attachment-id=\"12578\" data-permalink=\"https:\/\/www.atelier-reklama.sk\/blog\/moj-krekacsky-kroj-a-jeho-prekreslene-vzory-spolu\/1-cepiec-dienko-jalsovik-pol-20-stor-vysila-anna-ocenasova-a-podla-nej-anna-cepakova-2022\/\" data-orig-file=\"https:\/\/i0.wp.com\/www.atelier-reklama.sk\/blog\/wp-content\/uploads\/2023\/03\/1.%C4%8Depiec-dienko-Jal%C5%A1ov%C3%ADk-pol.-20.-stor.-vy%C5%A1ila-Anna-O%C4%8Den%C3%A1%C5%A1ov%C3%A1-a-pod%C4%BEa-nej-Anna-%C4%8Cep%C3%A1kov%C3%A1-2022-scaled.jpg?fit=2560%2C1433&amp;ssl=1\" data-orig-size=\"2560,1433\" data-comments-opened=\"1\" data-image-meta=\"{&quot;aperture&quot;:&quot;2&quot;,&quot;credit&quot;:&quot;&quot;,&quot;camera&quot;:&quot;SM-A125F&quot;,&quot;caption&quot;:&quot;&quot;,&quot;created_timestamp&quot;:&quot;1678033174&quot;,&quot;copyright&quot;:&quot;&quot;,&quot;focal_length&quot;:&quot;4.6&quot;,&quot;iso&quot;:&quot;80&quot;,&quot;shutter_speed&quot;:&quot;0.0199&quot;,&quot;title&quot;:&quot;&quot;,&quot;orientation&quot;:&quot;1&quot;}\" data-image-title=\"1.\u010depiec-dienko-Jal\u0161ov\u00edk-pol.-20.-stor.-vy\u0161ila-Anna-O\u010den\u00e1\u0161ov\u00e1-a-pod\u013ea-nej-Anna-\u010cep\u00e1kov\u00e1-2022\" data-image-description=\"\" data-image-caption=\"\" data-medium-file=\"https:\/\/i0.wp.com\/www.atelier-reklama.sk\/blog\/wp-content\/uploads\/2023\/03\/1.%C4%8Depiec-dienko-Jal%C5%A1ov%C3%ADk-pol.-20.-stor.-vy%C5%A1ila-Anna-O%C4%8Den%C3%A1%C5%A1ov%C3%A1-a-pod%C4%BEa-nej-Anna-%C4%8Cep%C3%A1kov%C3%A1-2022-scaled.jpg?fit=300%2C168&amp;ssl=1\" data-large-file=\"https:\/\/i0.wp.com\/www.atelier-reklama.sk\/blog\/wp-content\/uploads\/2023\/03\/1.%C4%8Depiec-dienko-Jal%C5%A1ov%C3%ADk-pol.-20.-stor.-vy%C5%A1ila-Anna-O%C4%8Den%C3%A1%C5%A1ov%C3%A1-a-pod%C4%BEa-nej-Anna-%C4%8Cep%C3%A1kov%C3%A1-2022-scaled.jpg?fit=800%2C448&amp;ssl=1\" src=\"https:\/\/i0.wp.com\/www.atelier-reklama.sk\/blog\/wp-content\/uploads\/2023\/03\/1.%C4%8Depiec-dienko-Jal%C5%A1ov%C3%ADk-pol.-20.-stor.-vy%C5%A1ila-Anna-O%C4%8Den%C3%A1%C5%A1ov%C3%A1-a-pod%C4%BEa-nej-Anna-%C4%8Cep%C3%A1kov%C3%A1-2022.jpg?resize=800%2C448&#038;ssl=1\" alt=\"\" class=\"wp-image-12578\" srcset=\"https:\/\/i0.wp.com\/www.atelier-reklama.sk\/blog\/wp-content\/uploads\/2023\/03\/1.%C4%8Depiec-dienko-Jal%C5%A1ov%C3%ADk-pol.-20.-stor.-vy%C5%A1ila-Anna-O%C4%8Den%C3%A1%C5%A1ov%C3%A1-a-pod%C4%BEa-nej-Anna-%C4%8Cep%C3%A1kov%C3%A1-2022-scaled.jpg?resize=1024%2C573&amp;ssl=1 1024w, https:\/\/i0.wp.com\/www.atelier-reklama.sk\/blog\/wp-content\/uploads\/2023\/03\/1.%C4%8Depiec-dienko-Jal%C5%A1ov%C3%ADk-pol.-20.-stor.-vy%C5%A1ila-Anna-O%C4%8Den%C3%A1%C5%A1ov%C3%A1-a-pod%C4%BEa-nej-Anna-%C4%8Cep%C3%A1kov%C3%A1-2022-scaled.jpg?resize=300%2C168&amp;ssl=1 300w, https:\/\/i0.wp.com\/www.atelier-reklama.sk\/blog\/wp-content\/uploads\/2023\/03\/1.%C4%8Depiec-dienko-Jal%C5%A1ov%C3%ADk-pol.-20.-stor.-vy%C5%A1ila-Anna-O%C4%8Den%C3%A1%C5%A1ov%C3%A1-a-pod%C4%BEa-nej-Anna-%C4%8Cep%C3%A1kov%C3%A1-2022-scaled.jpg?resize=768%2C430&amp;ssl=1 768w, https:\/\/i0.wp.com\/www.atelier-reklama.sk\/blog\/wp-content\/uploads\/2023\/03\/1.%C4%8Depiec-dienko-Jal%C5%A1ov%C3%ADk-pol.-20.-stor.-vy%C5%A1ila-Anna-O%C4%8Den%C3%A1%C5%A1ov%C3%A1-a-pod%C4%BEa-nej-Anna-%C4%8Cep%C3%A1kov%C3%A1-2022-scaled.jpg?resize=1536%2C860&amp;ssl=1 1536w, https:\/\/i0.wp.com\/www.atelier-reklama.sk\/blog\/wp-content\/uploads\/2023\/03\/1.%C4%8Depiec-dienko-Jal%C5%A1ov%C3%ADk-pol.-20.-stor.-vy%C5%A1ila-Anna-O%C4%8Den%C3%A1%C5%A1ov%C3%A1-a-pod%C4%BEa-nej-Anna-%C4%8Cep%C3%A1kov%C3%A1-2022-scaled.jpg?resize=2048%2C1146&amp;ssl=1 2048w, https:\/\/i0.wp.com\/www.atelier-reklama.sk\/blog\/wp-content\/uploads\/2023\/03\/1.%C4%8Depiec-dienko-Jal%C5%A1ov%C3%ADk-pol.-20.-stor.-vy%C5%A1ila-Anna-O%C4%8Den%C3%A1%C5%A1ov%C3%A1-a-pod%C4%BEa-nej-Anna-%C4%8Cep%C3%A1kov%C3%A1-2022-scaled.jpg?w=1600&amp;ssl=1 1600w, https:\/\/i0.wp.com\/www.atelier-reklama.sk\/blog\/wp-content\/uploads\/2023\/03\/1.%C4%8Depiec-dienko-Jal%C5%A1ov%C3%ADk-pol.-20.-stor.-vy%C5%A1ila-Anna-O%C4%8Den%C3%A1%C5%A1ov%C3%A1-a-pod%C4%BEa-nej-Anna-%C4%8Cep%C3%A1kov%C3%A1-2022-scaled.jpg?w=2400&amp;ssl=1 2400w\" sizes=\"auto, (max-width: 800px) 100vw, 800px\" \/><\/figure>\n\n\n\n<figure class=\"wp-block-image size-large\"><img data-recalc-dims=\"1\" loading=\"lazy\" decoding=\"async\" width=\"800\" height=\"635\" data-attachment-id=\"12579\" data-permalink=\"https:\/\/www.atelier-reklama.sk\/blog\/moj-krekacsky-kroj-a-jeho-prekreslene-vzory-spolu\/1b-cepiec-prednicka-jalsovik-pol-20-stor-vysila-anna-ocenasova-1930-2013\/\" data-orig-file=\"https:\/\/i0.wp.com\/www.atelier-reklama.sk\/blog\/wp-content\/uploads\/2023\/03\/1B.-%C4%8Cepiec-predni%C4%8Dka-Jal%C5%A1ov%C3%ADk-pol.-20.-stor.-vy%C5%A1ila-Anna-O%C4%8Den%C3%A1%C5%A1ov%C3%A1-1930-2013-scaled.jpg?fit=2560%2C2031&amp;ssl=1\" data-orig-size=\"2560,2031\" data-comments-opened=\"1\" data-image-meta=\"{&quot;aperture&quot;:&quot;2&quot;,&quot;credit&quot;:&quot;&quot;,&quot;camera&quot;:&quot;SM-A125F&quot;,&quot;caption&quot;:&quot;&quot;,&quot;created_timestamp&quot;:&quot;1678010187&quot;,&quot;copyright&quot;:&quot;&quot;,&quot;focal_length&quot;:&quot;4.6&quot;,&quot;iso&quot;:&quot;50&quot;,&quot;shutter_speed&quot;:&quot;0.0199&quot;,&quot;title&quot;:&quot;&quot;,&quot;orientation&quot;:&quot;1&quot;}\" data-image-title=\"1B.-\u010cepiec-predni\u010dka-Jal\u0161ov\u00edk-pol.-20.-stor.-vy\u0161ila-Anna-O\u010den\u00e1\u0161ov\u00e1-1930-2013\" data-image-description=\"\" data-image-caption=\"\" data-medium-file=\"https:\/\/i0.wp.com\/www.atelier-reklama.sk\/blog\/wp-content\/uploads\/2023\/03\/1B.-%C4%8Cepiec-predni%C4%8Dka-Jal%C5%A1ov%C3%ADk-pol.-20.-stor.-vy%C5%A1ila-Anna-O%C4%8Den%C3%A1%C5%A1ov%C3%A1-1930-2013-scaled.jpg?fit=300%2C238&amp;ssl=1\" data-large-file=\"https:\/\/i0.wp.com\/www.atelier-reklama.sk\/blog\/wp-content\/uploads\/2023\/03\/1B.-%C4%8Cepiec-predni%C4%8Dka-Jal%C5%A1ov%C3%ADk-pol.-20.-stor.-vy%C5%A1ila-Anna-O%C4%8Den%C3%A1%C5%A1ov%C3%A1-1930-2013-scaled.jpg?fit=800%2C635&amp;ssl=1\" src=\"https:\/\/i0.wp.com\/www.atelier-reklama.sk\/blog\/wp-content\/uploads\/2023\/03\/1B.-%C4%8Cepiec-predni%C4%8Dka-Jal%C5%A1ov%C3%ADk-pol.-20.-stor.-vy%C5%A1ila-Anna-O%C4%8Den%C3%A1%C5%A1ov%C3%A1-1930-2013.jpg?resize=800%2C635&#038;ssl=1\" alt=\"\" class=\"wp-image-12579\" srcset=\"https:\/\/i0.wp.com\/www.atelier-reklama.sk\/blog\/wp-content\/uploads\/2023\/03\/1B.-%C4%8Cepiec-predni%C4%8Dka-Jal%C5%A1ov%C3%ADk-pol.-20.-stor.-vy%C5%A1ila-Anna-O%C4%8Den%C3%A1%C5%A1ov%C3%A1-1930-2013-scaled.jpg?resize=1024%2C813&amp;ssl=1 1024w, https:\/\/i0.wp.com\/www.atelier-reklama.sk\/blog\/wp-content\/uploads\/2023\/03\/1B.-%C4%8Cepiec-predni%C4%8Dka-Jal%C5%A1ov%C3%ADk-pol.-20.-stor.-vy%C5%A1ila-Anna-O%C4%8Den%C3%A1%C5%A1ov%C3%A1-1930-2013-scaled.jpg?resize=300%2C238&amp;ssl=1 300w, https:\/\/i0.wp.com\/www.atelier-reklama.sk\/blog\/wp-content\/uploads\/2023\/03\/1B.-%C4%8Cepiec-predni%C4%8Dka-Jal%C5%A1ov%C3%ADk-pol.-20.-stor.-vy%C5%A1ila-Anna-O%C4%8Den%C3%A1%C5%A1ov%C3%A1-1930-2013-scaled.jpg?resize=768%2C609&amp;ssl=1 768w, https:\/\/i0.wp.com\/www.atelier-reklama.sk\/blog\/wp-content\/uploads\/2023\/03\/1B.-%C4%8Cepiec-predni%C4%8Dka-Jal%C5%A1ov%C3%ADk-pol.-20.-stor.-vy%C5%A1ila-Anna-O%C4%8Den%C3%A1%C5%A1ov%C3%A1-1930-2013-scaled.jpg?resize=1536%2C1219&amp;ssl=1 1536w, https:\/\/i0.wp.com\/www.atelier-reklama.sk\/blog\/wp-content\/uploads\/2023\/03\/1B.-%C4%8Cepiec-predni%C4%8Dka-Jal%C5%A1ov%C3%ADk-pol.-20.-stor.-vy%C5%A1ila-Anna-O%C4%8Den%C3%A1%C5%A1ov%C3%A1-1930-2013-scaled.jpg?resize=2048%2C1625&amp;ssl=1 2048w, https:\/\/i0.wp.com\/www.atelier-reklama.sk\/blog\/wp-content\/uploads\/2023\/03\/1B.-%C4%8Cepiec-predni%C4%8Dka-Jal%C5%A1ov%C3%ADk-pol.-20.-stor.-vy%C5%A1ila-Anna-O%C4%8Den%C3%A1%C5%A1ov%C3%A1-1930-2013-scaled.jpg?w=1600&amp;ssl=1 1600w, https:\/\/i0.wp.com\/www.atelier-reklama.sk\/blog\/wp-content\/uploads\/2023\/03\/1B.-%C4%8Cepiec-predni%C4%8Dka-Jal%C5%A1ov%C3%ADk-pol.-20.-stor.-vy%C5%A1ila-Anna-O%C4%8Den%C3%A1%C5%A1ov%C3%A1-1930-2013-scaled.jpg?w=2400&amp;ssl=1 2400w\" sizes=\"auto, (max-width: 800px) 100vw, 800px\" \/><\/figure>\n\n\n\n<p class=\"has-text-align-center\">\u010cepiec, Senohrad, druh\u00e1 pol. 20. stor., p\u00f4vodn\u00fd vlastn\u00edk nezn\u00e1my<\/p>\n\n\n\n<figure class=\"wp-block-image size-large\"><img data-recalc-dims=\"1\" loading=\"lazy\" decoding=\"async\" width=\"800\" height=\"427\" data-attachment-id=\"12583\" data-permalink=\"https:\/\/www.atelier-reklama.sk\/blog\/moj-krekacsky-kroj-a-jeho-prekreslene-vzory-spolu\/2-cepiec-senohrad-druha-pol-20-stor-povodny-vlastnik-neznamy\/\" data-orig-file=\"https:\/\/i0.wp.com\/www.atelier-reklama.sk\/blog\/wp-content\/uploads\/2023\/03\/2.-%C4%8Depiec-Senohrad-druh%C3%A1-pol.-20.-stor.-p%C3%B4vodn%C3%BD-vlastn%C3%ADk-nezn%C3%A1my-scaled.jpg?fit=2560%2C1364&amp;ssl=1\" data-orig-size=\"2560,1364\" data-comments-opened=\"1\" data-image-meta=\"{&quot;aperture&quot;:&quot;2&quot;,&quot;credit&quot;:&quot;&quot;,&quot;camera&quot;:&quot;SM-A125F&quot;,&quot;caption&quot;:&quot;&quot;,&quot;created_timestamp&quot;:&quot;1678010152&quot;,&quot;copyright&quot;:&quot;&quot;,&quot;focal_length&quot;:&quot;4.6&quot;,&quot;iso&quot;:&quot;64&quot;,&quot;shutter_speed&quot;:&quot;0.0199&quot;,&quot;title&quot;:&quot;&quot;,&quot;orientation&quot;:&quot;1&quot;}\" data-image-title=\"2.-\u010depiec-Senohrad-druh\u00e1-pol.-20.-stor.-p\u00f4vodn\u00fd-vlastn\u00edk-nezn\u00e1my\" data-image-description=\"\" data-image-caption=\"\" data-medium-file=\"https:\/\/i0.wp.com\/www.atelier-reklama.sk\/blog\/wp-content\/uploads\/2023\/03\/2.-%C4%8Depiec-Senohrad-druh%C3%A1-pol.-20.-stor.-p%C3%B4vodn%C3%BD-vlastn%C3%ADk-nezn%C3%A1my-scaled.jpg?fit=300%2C160&amp;ssl=1\" data-large-file=\"https:\/\/i0.wp.com\/www.atelier-reklama.sk\/blog\/wp-content\/uploads\/2023\/03\/2.-%C4%8Depiec-Senohrad-druh%C3%A1-pol.-20.-stor.-p%C3%B4vodn%C3%BD-vlastn%C3%ADk-nezn%C3%A1my-scaled.jpg?fit=800%2C427&amp;ssl=1\" src=\"https:\/\/i0.wp.com\/www.atelier-reklama.sk\/blog\/wp-content\/uploads\/2023\/03\/2.-%C4%8Depiec-Senohrad-druh%C3%A1-pol.-20.-stor.-p%C3%B4vodn%C3%BD-vlastn%C3%ADk-nezn%C3%A1my.jpg?resize=800%2C427&#038;ssl=1\" alt=\"\" class=\"wp-image-12583\" srcset=\"https:\/\/i0.wp.com\/www.atelier-reklama.sk\/blog\/wp-content\/uploads\/2023\/03\/2.-%C4%8Depiec-Senohrad-druh%C3%A1-pol.-20.-stor.-p%C3%B4vodn%C3%BD-vlastn%C3%ADk-nezn%C3%A1my-scaled.jpg?resize=1024%2C546&amp;ssl=1 1024w, https:\/\/i0.wp.com\/www.atelier-reklama.sk\/blog\/wp-content\/uploads\/2023\/03\/2.-%C4%8Depiec-Senohrad-druh%C3%A1-pol.-20.-stor.-p%C3%B4vodn%C3%BD-vlastn%C3%ADk-nezn%C3%A1my-scaled.jpg?resize=300%2C160&amp;ssl=1 300w, https:\/\/i0.wp.com\/www.atelier-reklama.sk\/blog\/wp-content\/uploads\/2023\/03\/2.-%C4%8Depiec-Senohrad-druh%C3%A1-pol.-20.-stor.-p%C3%B4vodn%C3%BD-vlastn%C3%ADk-nezn%C3%A1my-scaled.jpg?resize=768%2C409&amp;ssl=1 768w, https:\/\/i0.wp.com\/www.atelier-reklama.sk\/blog\/wp-content\/uploads\/2023\/03\/2.-%C4%8Depiec-Senohrad-druh%C3%A1-pol.-20.-stor.-p%C3%B4vodn%C3%BD-vlastn%C3%ADk-nezn%C3%A1my-scaled.jpg?resize=1536%2C819&amp;ssl=1 1536w, https:\/\/i0.wp.com\/www.atelier-reklama.sk\/blog\/wp-content\/uploads\/2023\/03\/2.-%C4%8Depiec-Senohrad-druh%C3%A1-pol.-20.-stor.-p%C3%B4vodn%C3%BD-vlastn%C3%ADk-nezn%C3%A1my-scaled.jpg?resize=2048%2C1091&amp;ssl=1 2048w, https:\/\/i0.wp.com\/www.atelier-reklama.sk\/blog\/wp-content\/uploads\/2023\/03\/2.-%C4%8Depiec-Senohrad-druh%C3%A1-pol.-20.-stor.-p%C3%B4vodn%C3%BD-vlastn%C3%ADk-nezn%C3%A1my-scaled.jpg?w=1600&amp;ssl=1 1600w, https:\/\/i0.wp.com\/www.atelier-reklama.sk\/blog\/wp-content\/uploads\/2023\/03\/2.-%C4%8Depiec-Senohrad-druh%C3%A1-pol.-20.-stor.-p%C3%B4vodn%C3%BD-vlastn%C3%ADk-nezn%C3%A1my-scaled.jpg?w=2400&amp;ssl=1 2400w\" sizes=\"auto, (max-width: 800px) 100vw, 800px\" \/><\/figure>\n\n\n\n<figure class=\"wp-block-image size-large\"><img data-recalc-dims=\"1\" loading=\"lazy\" decoding=\"async\" width=\"800\" height=\"555\" data-attachment-id=\"12584\" data-permalink=\"https:\/\/www.atelier-reklama.sk\/blog\/moj-krekacsky-kroj-a-jeho-prekreslene-vzory-spolu\/2-cepiec-dienko-senohrad-druha-pol-20-stor-povodny-vlastnik-neznamy\/\" data-orig-file=\"https:\/\/i0.wp.com\/www.atelier-reklama.sk\/blog\/wp-content\/uploads\/2023\/03\/2.-%C4%8Depiec-dienko-Senohrad-druh%C3%A1-pol.-20.-stor.-p%C3%B4vodn%C3%BD-vlastn%C3%ADk-nezn%C3%A1my-scaled.jpg?fit=2560%2C1775&amp;ssl=1\" data-orig-size=\"2560,1775\" data-comments-opened=\"1\" data-image-meta=\"{&quot;aperture&quot;:&quot;2&quot;,&quot;credit&quot;:&quot;&quot;,&quot;camera&quot;:&quot;SM-A125F&quot;,&quot;caption&quot;:&quot;&quot;,&quot;created_timestamp&quot;:&quot;1678010125&quot;,&quot;copyright&quot;:&quot;&quot;,&quot;focal_length&quot;:&quot;4.6&quot;,&quot;iso&quot;:&quot;64&quot;,&quot;shutter_speed&quot;:&quot;0.0199&quot;,&quot;title&quot;:&quot;&quot;,&quot;orientation&quot;:&quot;1&quot;}\" data-image-title=\"2.-\u010depiec-dienko-Senohrad-druh\u00e1-pol.-20.-stor.-p\u00f4vodn\u00fd-vlastn\u00edk-nezn\u00e1my\" data-image-description=\"\" data-image-caption=\"\" data-medium-file=\"https:\/\/i0.wp.com\/www.atelier-reklama.sk\/blog\/wp-content\/uploads\/2023\/03\/2.-%C4%8Depiec-dienko-Senohrad-druh%C3%A1-pol.-20.-stor.-p%C3%B4vodn%C3%BD-vlastn%C3%ADk-nezn%C3%A1my-scaled.jpg?fit=300%2C208&amp;ssl=1\" data-large-file=\"https:\/\/i0.wp.com\/www.atelier-reklama.sk\/blog\/wp-content\/uploads\/2023\/03\/2.-%C4%8Depiec-dienko-Senohrad-druh%C3%A1-pol.-20.-stor.-p%C3%B4vodn%C3%BD-vlastn%C3%ADk-nezn%C3%A1my-scaled.jpg?fit=800%2C555&amp;ssl=1\" src=\"https:\/\/i0.wp.com\/www.atelier-reklama.sk\/blog\/wp-content\/uploads\/2023\/03\/2.-%C4%8Depiec-dienko-Senohrad-druh%C3%A1-pol.-20.-stor.-p%C3%B4vodn%C3%BD-vlastn%C3%ADk-nezn%C3%A1my.jpg?resize=800%2C555&#038;ssl=1\" alt=\"\" class=\"wp-image-12584\" srcset=\"https:\/\/i0.wp.com\/www.atelier-reklama.sk\/blog\/wp-content\/uploads\/2023\/03\/2.-%C4%8Depiec-dienko-Senohrad-druh%C3%A1-pol.-20.-stor.-p%C3%B4vodn%C3%BD-vlastn%C3%ADk-nezn%C3%A1my-scaled.jpg?resize=1024%2C710&amp;ssl=1 1024w, https:\/\/i0.wp.com\/www.atelier-reklama.sk\/blog\/wp-content\/uploads\/2023\/03\/2.-%C4%8Depiec-dienko-Senohrad-druh%C3%A1-pol.-20.-stor.-p%C3%B4vodn%C3%BD-vlastn%C3%ADk-nezn%C3%A1my-scaled.jpg?resize=300%2C208&amp;ssl=1 300w, https:\/\/i0.wp.com\/www.atelier-reklama.sk\/blog\/wp-content\/uploads\/2023\/03\/2.-%C4%8Depiec-dienko-Senohrad-druh%C3%A1-pol.-20.-stor.-p%C3%B4vodn%C3%BD-vlastn%C3%ADk-nezn%C3%A1my-scaled.jpg?resize=768%2C532&amp;ssl=1 768w, https:\/\/i0.wp.com\/www.atelier-reklama.sk\/blog\/wp-content\/uploads\/2023\/03\/2.-%C4%8Depiec-dienko-Senohrad-druh%C3%A1-pol.-20.-stor.-p%C3%B4vodn%C3%BD-vlastn%C3%ADk-nezn%C3%A1my-scaled.jpg?resize=1536%2C1065&amp;ssl=1 1536w, https:\/\/i0.wp.com\/www.atelier-reklama.sk\/blog\/wp-content\/uploads\/2023\/03\/2.-%C4%8Depiec-dienko-Senohrad-druh%C3%A1-pol.-20.-stor.-p%C3%B4vodn%C3%BD-vlastn%C3%ADk-nezn%C3%A1my-scaled.jpg?resize=2048%2C1420&amp;ssl=1 2048w, https:\/\/i0.wp.com\/www.atelier-reklama.sk\/blog\/wp-content\/uploads\/2023\/03\/2.-%C4%8Depiec-dienko-Senohrad-druh%C3%A1-pol.-20.-stor.-p%C3%B4vodn%C3%BD-vlastn%C3%ADk-nezn%C3%A1my-scaled.jpg?resize=392%2C272&amp;ssl=1 392w, https:\/\/i0.wp.com\/www.atelier-reklama.sk\/blog\/wp-content\/uploads\/2023\/03\/2.-%C4%8Depiec-dienko-Senohrad-druh%C3%A1-pol.-20.-stor.-p%C3%B4vodn%C3%BD-vlastn%C3%ADk-nezn%C3%A1my-scaled.jpg?resize=130%2C90&amp;ssl=1 130w, https:\/\/i0.wp.com\/www.atelier-reklama.sk\/blog\/wp-content\/uploads\/2023\/03\/2.-%C4%8Depiec-dienko-Senohrad-druh%C3%A1-pol.-20.-stor.-p%C3%B4vodn%C3%BD-vlastn%C3%ADk-nezn%C3%A1my-scaled.jpg?w=1600&amp;ssl=1 1600w, https:\/\/i0.wp.com\/www.atelier-reklama.sk\/blog\/wp-content\/uploads\/2023\/03\/2.-%C4%8Depiec-dienko-Senohrad-druh%C3%A1-pol.-20.-stor.-p%C3%B4vodn%C3%BD-vlastn%C3%ADk-nezn%C3%A1my-scaled.jpg?w=2400&amp;ssl=1 2400w\" sizes=\"auto, (max-width: 800px) 100vw, 800px\" \/><\/figure>\n\n\n\n<figure class=\"wp-block-image size-large\"><img data-recalc-dims=\"1\" loading=\"lazy\" decoding=\"async\" width=\"800\" height=\"566\" data-attachment-id=\"12586\" data-permalink=\"https:\/\/www.atelier-reklama.sk\/blog\/moj-krekacsky-kroj-a-jeho-prekreslene-vzory-spolu\/2-cepiec-dienko-vzor-vlavo-senohrad-asi-pol-20-stor_-povodny-vlastnik-neznamy\/\" data-orig-file=\"https:\/\/i0.wp.com\/www.atelier-reklama.sk\/blog\/wp-content\/uploads\/2023\/03\/2.-%C4%8Depiec-dienko-vzor-v%C4%BEavo-Senohrad-asi-pol.-20.stor_.-p%C3%B4vodn%C3%BD-vlastn%C3%ADk-nezn%C3%A1my-scaled.jpg?fit=2560%2C1810&amp;ssl=1\" data-orig-size=\"2560,1810\" data-comments-opened=\"1\" data-image-meta=\"{&quot;aperture&quot;:&quot;0&quot;,&quot;credit&quot;:&quot;&quot;,&quot;camera&quot;:&quot;&quot;,&quot;caption&quot;:&quot;&quot;,&quot;created_timestamp&quot;:&quot;0&quot;,&quot;copyright&quot;:&quot;&quot;,&quot;focal_length&quot;:&quot;0&quot;,&quot;iso&quot;:&quot;0&quot;,&quot;shutter_speed&quot;:&quot;0&quot;,&quot;title&quot;:&quot;&quot;,&quot;orientation&quot;:&quot;0&quot;}\" data-image-title=\"2.-\u010depiec-dienko-vzor-v\u013eavo-Senohrad-asi-pol.-20.stor_.-p\u00f4vodn\u00fd-vlastn\u00edk-nezn\u00e1my\" data-image-description=\"\" data-image-caption=\"\" data-medium-file=\"https:\/\/i0.wp.com\/www.atelier-reklama.sk\/blog\/wp-content\/uploads\/2023\/03\/2.-%C4%8Depiec-dienko-vzor-v%C4%BEavo-Senohrad-asi-pol.-20.stor_.-p%C3%B4vodn%C3%BD-vlastn%C3%ADk-nezn%C3%A1my-scaled.jpg?fit=300%2C212&amp;ssl=1\" data-large-file=\"https:\/\/i0.wp.com\/www.atelier-reklama.sk\/blog\/wp-content\/uploads\/2023\/03\/2.-%C4%8Depiec-dienko-vzor-v%C4%BEavo-Senohrad-asi-pol.-20.stor_.-p%C3%B4vodn%C3%BD-vlastn%C3%ADk-nezn%C3%A1my-scaled.jpg?fit=800%2C566&amp;ssl=1\" src=\"https:\/\/i0.wp.com\/www.atelier-reklama.sk\/blog\/wp-content\/uploads\/2023\/03\/2.-%C4%8Depiec-dienko-vzor-v%C4%BEavo-Senohrad-asi-pol.-20.stor_.-p%C3%B4vodn%C3%BD-vlastn%C3%ADk-nezn%C3%A1my.jpg?resize=800%2C566&#038;ssl=1\" alt=\"\" class=\"wp-image-12586\" srcset=\"https:\/\/i0.wp.com\/www.atelier-reklama.sk\/blog\/wp-content\/uploads\/2023\/03\/2.-%C4%8Depiec-dienko-vzor-v%C4%BEavo-Senohrad-asi-pol.-20.stor_.-p%C3%B4vodn%C3%BD-vlastn%C3%ADk-nezn%C3%A1my-scaled.jpg?resize=1024%2C724&amp;ssl=1 1024w, https:\/\/i0.wp.com\/www.atelier-reklama.sk\/blog\/wp-content\/uploads\/2023\/03\/2.-%C4%8Depiec-dienko-vzor-v%C4%BEavo-Senohrad-asi-pol.-20.stor_.-p%C3%B4vodn%C3%BD-vlastn%C3%ADk-nezn%C3%A1my-scaled.jpg?resize=300%2C212&amp;ssl=1 300w, https:\/\/i0.wp.com\/www.atelier-reklama.sk\/blog\/wp-content\/uploads\/2023\/03\/2.-%C4%8Depiec-dienko-vzor-v%C4%BEavo-Senohrad-asi-pol.-20.stor_.-p%C3%B4vodn%C3%BD-vlastn%C3%ADk-nezn%C3%A1my-scaled.jpg?resize=768%2C543&amp;ssl=1 768w, https:\/\/i0.wp.com\/www.atelier-reklama.sk\/blog\/wp-content\/uploads\/2023\/03\/2.-%C4%8Depiec-dienko-vzor-v%C4%BEavo-Senohrad-asi-pol.-20.stor_.-p%C3%B4vodn%C3%BD-vlastn%C3%ADk-nezn%C3%A1my-scaled.jpg?resize=1536%2C1086&amp;ssl=1 1536w, https:\/\/i0.wp.com\/www.atelier-reklama.sk\/blog\/wp-content\/uploads\/2023\/03\/2.-%C4%8Depiec-dienko-vzor-v%C4%BEavo-Senohrad-asi-pol.-20.stor_.-p%C3%B4vodn%C3%BD-vlastn%C3%ADk-nezn%C3%A1my-scaled.jpg?resize=2048%2C1448&amp;ssl=1 2048w, https:\/\/i0.wp.com\/www.atelier-reklama.sk\/blog\/wp-content\/uploads\/2023\/03\/2.-%C4%8Depiec-dienko-vzor-v%C4%BEavo-Senohrad-asi-pol.-20.stor_.-p%C3%B4vodn%C3%BD-vlastn%C3%ADk-nezn%C3%A1my-scaled.jpg?w=1600&amp;ssl=1 1600w, https:\/\/i0.wp.com\/www.atelier-reklama.sk\/blog\/wp-content\/uploads\/2023\/03\/2.-%C4%8Depiec-dienko-vzor-v%C4%BEavo-Senohrad-asi-pol.-20.stor_.-p%C3%B4vodn%C3%BD-vlastn%C3%ADk-nezn%C3%A1my-scaled.jpg?w=2400&amp;ssl=1 2400w\" sizes=\"auto, (max-width: 800px) 100vw, 800px\" \/><\/figure>\n\n\n\n<figure class=\"wp-block-image size-large\"><img data-recalc-dims=\"1\" loading=\"lazy\" decoding=\"async\" width=\"800\" height=\"566\" data-attachment-id=\"12590\" data-permalink=\"https:\/\/www.atelier-reklama.sk\/blog\/moj-krekacsky-kroj-a-jeho-prekreslene-vzory-spolu\/2-cepiec-dienko-vzor-vpravo-senohrad-asi-pol-20-stor_-povodny-vlastnik-neznamy-1\/\" data-orig-file=\"https:\/\/i0.wp.com\/www.atelier-reklama.sk\/blog\/wp-content\/uploads\/2023\/03\/2.-%C4%8Depiec-dienko-vzor-vpravo-Senohrad-asi-pol.-20.stor_.-p%C3%B4vodn%C3%BD-vlastn%C3%ADk-nezn%C3%A1my-1-scaled.jpg?fit=2560%2C1810&amp;ssl=1\" data-orig-size=\"2560,1810\" data-comments-opened=\"1\" data-image-meta=\"{&quot;aperture&quot;:&quot;0&quot;,&quot;credit&quot;:&quot;&quot;,&quot;camera&quot;:&quot;&quot;,&quot;caption&quot;:&quot;&quot;,&quot;created_timestamp&quot;:&quot;0&quot;,&quot;copyright&quot;:&quot;&quot;,&quot;focal_length&quot;:&quot;0&quot;,&quot;iso&quot;:&quot;0&quot;,&quot;shutter_speed&quot;:&quot;0&quot;,&quot;title&quot;:&quot;&quot;,&quot;orientation&quot;:&quot;1&quot;}\" data-image-title=\"2.-\u010depiec-dienko-vzor-vpravo-Senohrad-asi-pol.-20.stor_.-p\u00f4vodn\u00fd-vlastn\u00edk-nezn\u00e1my-1\" data-image-description=\"\" data-image-caption=\"\" data-medium-file=\"https:\/\/i0.wp.com\/www.atelier-reklama.sk\/blog\/wp-content\/uploads\/2023\/03\/2.-%C4%8Depiec-dienko-vzor-vpravo-Senohrad-asi-pol.-20.stor_.-p%C3%B4vodn%C3%BD-vlastn%C3%ADk-nezn%C3%A1my-1-scaled.jpg?fit=300%2C212&amp;ssl=1\" data-large-file=\"https:\/\/i0.wp.com\/www.atelier-reklama.sk\/blog\/wp-content\/uploads\/2023\/03\/2.-%C4%8Depiec-dienko-vzor-vpravo-Senohrad-asi-pol.-20.stor_.-p%C3%B4vodn%C3%BD-vlastn%C3%ADk-nezn%C3%A1my-1-scaled.jpg?fit=800%2C566&amp;ssl=1\" src=\"https:\/\/i0.wp.com\/www.atelier-reklama.sk\/blog\/wp-content\/uploads\/2023\/03\/2.-%C4%8Depiec-dienko-vzor-vpravo-Senohrad-asi-pol.-20.stor_.-p%C3%B4vodn%C3%BD-vlastn%C3%ADk-nezn%C3%A1my-1.jpg?resize=800%2C566&#038;ssl=1\" alt=\"\" class=\"wp-image-12590\" srcset=\"https:\/\/i0.wp.com\/www.atelier-reklama.sk\/blog\/wp-content\/uploads\/2023\/03\/2.-%C4%8Depiec-dienko-vzor-vpravo-Senohrad-asi-pol.-20.stor_.-p%C3%B4vodn%C3%BD-vlastn%C3%ADk-nezn%C3%A1my-1-scaled.jpg?resize=1024%2C724&amp;ssl=1 1024w, https:\/\/i0.wp.com\/www.atelier-reklama.sk\/blog\/wp-content\/uploads\/2023\/03\/2.-%C4%8Depiec-dienko-vzor-vpravo-Senohrad-asi-pol.-20.stor_.-p%C3%B4vodn%C3%BD-vlastn%C3%ADk-nezn%C3%A1my-1-scaled.jpg?resize=300%2C212&amp;ssl=1 300w, https:\/\/i0.wp.com\/www.atelier-reklama.sk\/blog\/wp-content\/uploads\/2023\/03\/2.-%C4%8Depiec-dienko-vzor-vpravo-Senohrad-asi-pol.-20.stor_.-p%C3%B4vodn%C3%BD-vlastn%C3%ADk-nezn%C3%A1my-1-scaled.jpg?resize=768%2C543&amp;ssl=1 768w, https:\/\/i0.wp.com\/www.atelier-reklama.sk\/blog\/wp-content\/uploads\/2023\/03\/2.-%C4%8Depiec-dienko-vzor-vpravo-Senohrad-asi-pol.-20.stor_.-p%C3%B4vodn%C3%BD-vlastn%C3%ADk-nezn%C3%A1my-1-scaled.jpg?resize=1536%2C1086&amp;ssl=1 1536w, https:\/\/i0.wp.com\/www.atelier-reklama.sk\/blog\/wp-content\/uploads\/2023\/03\/2.-%C4%8Depiec-dienko-vzor-vpravo-Senohrad-asi-pol.-20.stor_.-p%C3%B4vodn%C3%BD-vlastn%C3%ADk-nezn%C3%A1my-1-scaled.jpg?resize=2048%2C1448&amp;ssl=1 2048w, https:\/\/i0.wp.com\/www.atelier-reklama.sk\/blog\/wp-content\/uploads\/2023\/03\/2.-%C4%8Depiec-dienko-vzor-vpravo-Senohrad-asi-pol.-20.stor_.-p%C3%B4vodn%C3%BD-vlastn%C3%ADk-nezn%C3%A1my-1-scaled.jpg?w=1600&amp;ssl=1 1600w, https:\/\/i0.wp.com\/www.atelier-reklama.sk\/blog\/wp-content\/uploads\/2023\/03\/2.-%C4%8Depiec-dienko-vzor-vpravo-Senohrad-asi-pol.-20.stor_.-p%C3%B4vodn%C3%BD-vlastn%C3%ADk-nezn%C3%A1my-1-scaled.jpg?w=2400&amp;ssl=1 2400w\" sizes=\"auto, (max-width: 800px) 100vw, 800px\" \/><\/figure>\n\n\n\n<figure class=\"wp-block-image size-large\"><img data-recalc-dims=\"1\" loading=\"lazy\" decoding=\"async\" width=\"800\" height=\"502\" data-attachment-id=\"12585\" data-permalink=\"https:\/\/www.atelier-reklama.sk\/blog\/moj-krekacsky-kroj-a-jeho-prekreslene-vzory-spolu\/2-cepiec-prednicka-senohrad-druha-pol-20-stor-povodny-vlastnik-neznamy\/\" data-orig-file=\"https:\/\/i0.wp.com\/www.atelier-reklama.sk\/blog\/wp-content\/uploads\/2023\/03\/2.-%C4%8Depiec-predni%C4%8Dka-Senohrad-druh%C3%A1-pol.-20.-stor.-p%C3%B4vodn%C3%BD-vlastn%C3%ADk-nezn%C3%A1my-scaled.jpg?fit=2560%2C1607&amp;ssl=1\" data-orig-size=\"2560,1607\" data-comments-opened=\"1\" data-image-meta=\"{&quot;aperture&quot;:&quot;2&quot;,&quot;credit&quot;:&quot;&quot;,&quot;camera&quot;:&quot;SM-A125F&quot;,&quot;caption&quot;:&quot;&quot;,&quot;created_timestamp&quot;:&quot;1678010164&quot;,&quot;copyright&quot;:&quot;&quot;,&quot;focal_length&quot;:&quot;4.6&quot;,&quot;iso&quot;:&quot;80&quot;,&quot;shutter_speed&quot;:&quot;0.0199&quot;,&quot;title&quot;:&quot;&quot;,&quot;orientation&quot;:&quot;1&quot;}\" data-image-title=\"2.-\u010depiec-predni\u010dka-Senohrad-druh\u00e1-pol.-20.-stor.-p\u00f4vodn\u00fd-vlastn\u00edk-nezn\u00e1my\" data-image-description=\"\" data-image-caption=\"\" data-medium-file=\"https:\/\/i0.wp.com\/www.atelier-reklama.sk\/blog\/wp-content\/uploads\/2023\/03\/2.-%C4%8Depiec-predni%C4%8Dka-Senohrad-druh%C3%A1-pol.-20.-stor.-p%C3%B4vodn%C3%BD-vlastn%C3%ADk-nezn%C3%A1my-scaled.jpg?fit=300%2C188&amp;ssl=1\" data-large-file=\"https:\/\/i0.wp.com\/www.atelier-reklama.sk\/blog\/wp-content\/uploads\/2023\/03\/2.-%C4%8Depiec-predni%C4%8Dka-Senohrad-druh%C3%A1-pol.-20.-stor.-p%C3%B4vodn%C3%BD-vlastn%C3%ADk-nezn%C3%A1my-scaled.jpg?fit=800%2C502&amp;ssl=1\" src=\"https:\/\/i0.wp.com\/www.atelier-reklama.sk\/blog\/wp-content\/uploads\/2023\/03\/2.-%C4%8Depiec-predni%C4%8Dka-Senohrad-druh%C3%A1-pol.-20.-stor.-p%C3%B4vodn%C3%BD-vlastn%C3%ADk-nezn%C3%A1my.jpg?resize=800%2C502&#038;ssl=1\" alt=\"\" class=\"wp-image-12585\" srcset=\"https:\/\/i0.wp.com\/www.atelier-reklama.sk\/blog\/wp-content\/uploads\/2023\/03\/2.-%C4%8Depiec-predni%C4%8Dka-Senohrad-druh%C3%A1-pol.-20.-stor.-p%C3%B4vodn%C3%BD-vlastn%C3%ADk-nezn%C3%A1my-scaled.jpg?resize=1024%2C643&amp;ssl=1 1024w, https:\/\/i0.wp.com\/www.atelier-reklama.sk\/blog\/wp-content\/uploads\/2023\/03\/2.-%C4%8Depiec-predni%C4%8Dka-Senohrad-druh%C3%A1-pol.-20.-stor.-p%C3%B4vodn%C3%BD-vlastn%C3%ADk-nezn%C3%A1my-scaled.jpg?resize=300%2C188&amp;ssl=1 300w, https:\/\/i0.wp.com\/www.atelier-reklama.sk\/blog\/wp-content\/uploads\/2023\/03\/2.-%C4%8Depiec-predni%C4%8Dka-Senohrad-druh%C3%A1-pol.-20.-stor.-p%C3%B4vodn%C3%BD-vlastn%C3%ADk-nezn%C3%A1my-scaled.jpg?resize=768%2C482&amp;ssl=1 768w, https:\/\/i0.wp.com\/www.atelier-reklama.sk\/blog\/wp-content\/uploads\/2023\/03\/2.-%C4%8Depiec-predni%C4%8Dka-Senohrad-druh%C3%A1-pol.-20.-stor.-p%C3%B4vodn%C3%BD-vlastn%C3%ADk-nezn%C3%A1my-scaled.jpg?resize=1536%2C964&amp;ssl=1 1536w, https:\/\/i0.wp.com\/www.atelier-reklama.sk\/blog\/wp-content\/uploads\/2023\/03\/2.-%C4%8Depiec-predni%C4%8Dka-Senohrad-druh%C3%A1-pol.-20.-stor.-p%C3%B4vodn%C3%BD-vlastn%C3%ADk-nezn%C3%A1my-scaled.jpg?resize=2048%2C1286&amp;ssl=1 2048w, https:\/\/i0.wp.com\/www.atelier-reklama.sk\/blog\/wp-content\/uploads\/2023\/03\/2.-%C4%8Depiec-predni%C4%8Dka-Senohrad-druh%C3%A1-pol.-20.-stor.-p%C3%B4vodn%C3%BD-vlastn%C3%ADk-nezn%C3%A1my-scaled.jpg?w=1600&amp;ssl=1 1600w, https:\/\/i0.wp.com\/www.atelier-reklama.sk\/blog\/wp-content\/uploads\/2023\/03\/2.-%C4%8Depiec-predni%C4%8Dka-Senohrad-druh%C3%A1-pol.-20.-stor.-p%C3%B4vodn%C3%BD-vlastn%C3%ADk-nezn%C3%A1my-scaled.jpg?w=2400&amp;ssl=1 2400w\" sizes=\"auto, (max-width: 800px) 100vw, 800px\" \/><\/figure>\n\n\n\n<p class=\"has-text-align-center\">\u010cepiec, Bzov\u00edk, druh\u00e1 pol. 20. stor., p\u00f4vodn\u00fd vlastn\u00edk nezn\u00e1my<\/p>\n\n\n\n<figure class=\"wp-block-image size-large\"><img data-recalc-dims=\"1\" loading=\"lazy\" decoding=\"async\" width=\"800\" height=\"392\" data-attachment-id=\"12592\" data-permalink=\"https:\/\/www.atelier-reklama.sk\/blog\/moj-krekacsky-kroj-a-jeho-prekreslene-vzory-spolu\/3-cepiec-bzovik-druha-pol-20-stor-povodny-vlastnik-neznamy\/\" data-orig-file=\"https:\/\/i0.wp.com\/www.atelier-reklama.sk\/blog\/wp-content\/uploads\/2023\/03\/3.-%C4%8Cepiec-Bzov%C3%ADk-druh%C3%A1-pol.-20.-stor.-p%C3%B4vodn%C3%BD-vlastn%C3%ADk-nezn%C3%A1my-scaled.jpg?fit=2560%2C1256&amp;ssl=1\" data-orig-size=\"2560,1256\" data-comments-opened=\"1\" data-image-meta=\"{&quot;aperture&quot;:&quot;2&quot;,&quot;credit&quot;:&quot;&quot;,&quot;camera&quot;:&quot;SM-A125F&quot;,&quot;caption&quot;:&quot;&quot;,&quot;created_timestamp&quot;:&quot;1678010426&quot;,&quot;copyright&quot;:&quot;&quot;,&quot;focal_length&quot;:&quot;4.6&quot;,&quot;iso&quot;:&quot;50&quot;,&quot;shutter_speed&quot;:&quot;0.0199&quot;,&quot;title&quot;:&quot;&quot;,&quot;orientation&quot;:&quot;1&quot;}\" data-image-title=\"3.-\u010cepiec-Bzov\u00edk-druh\u00e1-pol.-20.-stor.-p\u00f4vodn\u00fd-vlastn\u00edk-nezn\u00e1my\" data-image-description=\"\" data-image-caption=\"\" data-medium-file=\"https:\/\/i0.wp.com\/www.atelier-reklama.sk\/blog\/wp-content\/uploads\/2023\/03\/3.-%C4%8Cepiec-Bzov%C3%ADk-druh%C3%A1-pol.-20.-stor.-p%C3%B4vodn%C3%BD-vlastn%C3%ADk-nezn%C3%A1my-scaled.jpg?fit=300%2C147&amp;ssl=1\" data-large-file=\"https:\/\/i0.wp.com\/www.atelier-reklama.sk\/blog\/wp-content\/uploads\/2023\/03\/3.-%C4%8Cepiec-Bzov%C3%ADk-druh%C3%A1-pol.-20.-stor.-p%C3%B4vodn%C3%BD-vlastn%C3%ADk-nezn%C3%A1my-scaled.jpg?fit=800%2C392&amp;ssl=1\" src=\"https:\/\/i0.wp.com\/www.atelier-reklama.sk\/blog\/wp-content\/uploads\/2023\/03\/3.-%C4%8Cepiec-Bzov%C3%ADk-druh%C3%A1-pol.-20.-stor.-p%C3%B4vodn%C3%BD-vlastn%C3%ADk-nezn%C3%A1my.jpg?resize=800%2C392&#038;ssl=1\" alt=\"\" class=\"wp-image-12592\" srcset=\"https:\/\/i0.wp.com\/www.atelier-reklama.sk\/blog\/wp-content\/uploads\/2023\/03\/3.-%C4%8Cepiec-Bzov%C3%ADk-druh%C3%A1-pol.-20.-stor.-p%C3%B4vodn%C3%BD-vlastn%C3%ADk-nezn%C3%A1my-scaled.jpg?resize=1024%2C502&amp;ssl=1 1024w, https:\/\/i0.wp.com\/www.atelier-reklama.sk\/blog\/wp-content\/uploads\/2023\/03\/3.-%C4%8Cepiec-Bzov%C3%ADk-druh%C3%A1-pol.-20.-stor.-p%C3%B4vodn%C3%BD-vlastn%C3%ADk-nezn%C3%A1my-scaled.jpg?resize=300%2C147&amp;ssl=1 300w, https:\/\/i0.wp.com\/www.atelier-reklama.sk\/blog\/wp-content\/uploads\/2023\/03\/3.-%C4%8Cepiec-Bzov%C3%ADk-druh%C3%A1-pol.-20.-stor.-p%C3%B4vodn%C3%BD-vlastn%C3%ADk-nezn%C3%A1my-scaled.jpg?resize=768%2C377&amp;ssl=1 768w, https:\/\/i0.wp.com\/www.atelier-reklama.sk\/blog\/wp-content\/uploads\/2023\/03\/3.-%C4%8Cepiec-Bzov%C3%ADk-druh%C3%A1-pol.-20.-stor.-p%C3%B4vodn%C3%BD-vlastn%C3%ADk-nezn%C3%A1my-scaled.jpg?resize=1536%2C754&amp;ssl=1 1536w, https:\/\/i0.wp.com\/www.atelier-reklama.sk\/blog\/wp-content\/uploads\/2023\/03\/3.-%C4%8Cepiec-Bzov%C3%ADk-druh%C3%A1-pol.-20.-stor.-p%C3%B4vodn%C3%BD-vlastn%C3%ADk-nezn%C3%A1my-scaled.jpg?resize=2048%2C1005&amp;ssl=1 2048w, https:\/\/i0.wp.com\/www.atelier-reklama.sk\/blog\/wp-content\/uploads\/2023\/03\/3.-%C4%8Cepiec-Bzov%C3%ADk-druh%C3%A1-pol.-20.-stor.-p%C3%B4vodn%C3%BD-vlastn%C3%ADk-nezn%C3%A1my-scaled.jpg?w=1600&amp;ssl=1 1600w, https:\/\/i0.wp.com\/www.atelier-reklama.sk\/blog\/wp-content\/uploads\/2023\/03\/3.-%C4%8Cepiec-Bzov%C3%ADk-druh%C3%A1-pol.-20.-stor.-p%C3%B4vodn%C3%BD-vlastn%C3%ADk-nezn%C3%A1my-scaled.jpg?w=2400&amp;ssl=1 2400w\" sizes=\"auto, (max-width: 800px) 100vw, 800px\" \/><\/figure>\n\n\n\n<figure class=\"wp-block-image size-large\"><img data-recalc-dims=\"1\" loading=\"lazy\" decoding=\"async\" width=\"800\" height=\"393\" data-attachment-id=\"12593\" data-permalink=\"https:\/\/www.atelier-reklama.sk\/blog\/moj-krekacsky-kroj-a-jeho-prekreslene-vzory-spolu\/3-cepiec-dienko-bzovik-druha-pol-20-stor-povodny-vlastnik-neznamy\/\" data-orig-file=\"https:\/\/i0.wp.com\/www.atelier-reklama.sk\/blog\/wp-content\/uploads\/2023\/03\/3.-%C4%8Cepiec-dienko-Bzov%C3%ADk-druh%C3%A1-pol.-20.-stor.-p%C3%B4vodn%C3%BD-vlastn%C3%ADk-nezn%C3%A1my-scaled.jpg?fit=2560%2C1258&amp;ssl=1\" data-orig-size=\"2560,1258\" data-comments-opened=\"1\" data-image-meta=\"{&quot;aperture&quot;:&quot;2&quot;,&quot;credit&quot;:&quot;&quot;,&quot;camera&quot;:&quot;SM-A125F&quot;,&quot;caption&quot;:&quot;&quot;,&quot;created_timestamp&quot;:&quot;1678010468&quot;,&quot;copyright&quot;:&quot;&quot;,&quot;focal_length&quot;:&quot;4.6&quot;,&quot;iso&quot;:&quot;64&quot;,&quot;shutter_speed&quot;:&quot;0.0199&quot;,&quot;title&quot;:&quot;&quot;,&quot;orientation&quot;:&quot;1&quot;}\" data-image-title=\"3.-\u010cepiec-dienko-Bzov\u00edk-druh\u00e1-pol.-20.-stor.-p\u00f4vodn\u00fd-vlastn\u00edk-nezn\u00e1my\" data-image-description=\"\" data-image-caption=\"\" data-medium-file=\"https:\/\/i0.wp.com\/www.atelier-reklama.sk\/blog\/wp-content\/uploads\/2023\/03\/3.-%C4%8Cepiec-dienko-Bzov%C3%ADk-druh%C3%A1-pol.-20.-stor.-p%C3%B4vodn%C3%BD-vlastn%C3%ADk-nezn%C3%A1my-scaled.jpg?fit=300%2C147&amp;ssl=1\" data-large-file=\"https:\/\/i0.wp.com\/www.atelier-reklama.sk\/blog\/wp-content\/uploads\/2023\/03\/3.-%C4%8Cepiec-dienko-Bzov%C3%ADk-druh%C3%A1-pol.-20.-stor.-p%C3%B4vodn%C3%BD-vlastn%C3%ADk-nezn%C3%A1my-scaled.jpg?fit=800%2C393&amp;ssl=1\" src=\"https:\/\/i0.wp.com\/www.atelier-reklama.sk\/blog\/wp-content\/uploads\/2023\/03\/3.-%C4%8Cepiec-dienko-Bzov%C3%ADk-druh%C3%A1-pol.-20.-stor.-p%C3%B4vodn%C3%BD-vlastn%C3%ADk-nezn%C3%A1my.jpg?resize=800%2C393&#038;ssl=1\" alt=\"\" class=\"wp-image-12593\" srcset=\"https:\/\/i0.wp.com\/www.atelier-reklama.sk\/blog\/wp-content\/uploads\/2023\/03\/3.-%C4%8Cepiec-dienko-Bzov%C3%ADk-druh%C3%A1-pol.-20.-stor.-p%C3%B4vodn%C3%BD-vlastn%C3%ADk-nezn%C3%A1my-scaled.jpg?resize=1024%2C503&amp;ssl=1 1024w, https:\/\/i0.wp.com\/www.atelier-reklama.sk\/blog\/wp-content\/uploads\/2023\/03\/3.-%C4%8Cepiec-dienko-Bzov%C3%ADk-druh%C3%A1-pol.-20.-stor.-p%C3%B4vodn%C3%BD-vlastn%C3%ADk-nezn%C3%A1my-scaled.jpg?resize=300%2C147&amp;ssl=1 300w, https:\/\/i0.wp.com\/www.atelier-reklama.sk\/blog\/wp-content\/uploads\/2023\/03\/3.-%C4%8Cepiec-dienko-Bzov%C3%ADk-druh%C3%A1-pol.-20.-stor.-p%C3%B4vodn%C3%BD-vlastn%C3%ADk-nezn%C3%A1my-scaled.jpg?resize=768%2C377&amp;ssl=1 768w, https:\/\/i0.wp.com\/www.atelier-reklama.sk\/blog\/wp-content\/uploads\/2023\/03\/3.-%C4%8Cepiec-dienko-Bzov%C3%ADk-druh%C3%A1-pol.-20.-stor.-p%C3%B4vodn%C3%BD-vlastn%C3%ADk-nezn%C3%A1my-scaled.jpg?resize=1536%2C755&amp;ssl=1 1536w, https:\/\/i0.wp.com\/www.atelier-reklama.sk\/blog\/wp-content\/uploads\/2023\/03\/3.-%C4%8Cepiec-dienko-Bzov%C3%ADk-druh%C3%A1-pol.-20.-stor.-p%C3%B4vodn%C3%BD-vlastn%C3%ADk-nezn%C3%A1my-scaled.jpg?resize=2048%2C1006&amp;ssl=1 2048w, https:\/\/i0.wp.com\/www.atelier-reklama.sk\/blog\/wp-content\/uploads\/2023\/03\/3.-%C4%8Cepiec-dienko-Bzov%C3%ADk-druh%C3%A1-pol.-20.-stor.-p%C3%B4vodn%C3%BD-vlastn%C3%ADk-nezn%C3%A1my-scaled.jpg?w=1600&amp;ssl=1 1600w, https:\/\/i0.wp.com\/www.atelier-reklama.sk\/blog\/wp-content\/uploads\/2023\/03\/3.-%C4%8Cepiec-dienko-Bzov%C3%ADk-druh%C3%A1-pol.-20.-stor.-p%C3%B4vodn%C3%BD-vlastn%C3%ADk-nezn%C3%A1my-scaled.jpg?w=2400&amp;ssl=1 2400w\" sizes=\"auto, (max-width: 800px) 100vw, 800px\" \/><\/figure>\n\n\n\n<figure class=\"wp-block-image size-large\"><img data-recalc-dims=\"1\" loading=\"lazy\" decoding=\"async\" width=\"800\" height=\"566\" data-attachment-id=\"12594\" data-permalink=\"https:\/\/www.atelier-reklama.sk\/blog\/moj-krekacsky-kroj-a-jeho-prekreslene-vzory-spolu\/3-cepiec-vzor-bzovik-asi-pol-20-stor_-povodny-vlastnik-neznamy\/\" data-orig-file=\"https:\/\/i0.wp.com\/www.atelier-reklama.sk\/blog\/wp-content\/uploads\/2023\/03\/3.-%C4%8Depiec-vzor-Bzov%C3%ADk-asi-pol.-20.stor_.-p%C3%B4vodn%C3%BD-vlastn%C3%ADk-nezn%C3%A1my-scaled.jpg?fit=2560%2C1810&amp;ssl=1\" data-orig-size=\"2560,1810\" data-comments-opened=\"1\" data-image-meta=\"{&quot;aperture&quot;:&quot;0&quot;,&quot;credit&quot;:&quot;&quot;,&quot;camera&quot;:&quot;&quot;,&quot;caption&quot;:&quot;&quot;,&quot;created_timestamp&quot;:&quot;0&quot;,&quot;copyright&quot;:&quot;&quot;,&quot;focal_length&quot;:&quot;0&quot;,&quot;iso&quot;:&quot;0&quot;,&quot;shutter_speed&quot;:&quot;0&quot;,&quot;title&quot;:&quot;&quot;,&quot;orientation&quot;:&quot;0&quot;}\" data-image-title=\"3.-\u010depiec-vzor-Bzov\u00edk-asi-pol.-20.stor_.-p\u00f4vodn\u00fd-vlastn\u00edk-nezn\u00e1my\" data-image-description=\"\" data-image-caption=\"\" data-medium-file=\"https:\/\/i0.wp.com\/www.atelier-reklama.sk\/blog\/wp-content\/uploads\/2023\/03\/3.-%C4%8Depiec-vzor-Bzov%C3%ADk-asi-pol.-20.stor_.-p%C3%B4vodn%C3%BD-vlastn%C3%ADk-nezn%C3%A1my-scaled.jpg?fit=300%2C212&amp;ssl=1\" data-large-file=\"https:\/\/i0.wp.com\/www.atelier-reklama.sk\/blog\/wp-content\/uploads\/2023\/03\/3.-%C4%8Depiec-vzor-Bzov%C3%ADk-asi-pol.-20.stor_.-p%C3%B4vodn%C3%BD-vlastn%C3%ADk-nezn%C3%A1my-scaled.jpg?fit=800%2C566&amp;ssl=1\" src=\"https:\/\/i0.wp.com\/www.atelier-reklama.sk\/blog\/wp-content\/uploads\/2023\/03\/3.-%C4%8Depiec-vzor-Bzov%C3%ADk-asi-pol.-20.stor_.-p%C3%B4vodn%C3%BD-vlastn%C3%ADk-nezn%C3%A1my.jpg?resize=800%2C566&#038;ssl=1\" alt=\"\" class=\"wp-image-12594\" srcset=\"https:\/\/i0.wp.com\/www.atelier-reklama.sk\/blog\/wp-content\/uploads\/2023\/03\/3.-%C4%8Depiec-vzor-Bzov%C3%ADk-asi-pol.-20.stor_.-p%C3%B4vodn%C3%BD-vlastn%C3%ADk-nezn%C3%A1my-scaled.jpg?resize=1024%2C724&amp;ssl=1 1024w, https:\/\/i0.wp.com\/www.atelier-reklama.sk\/blog\/wp-content\/uploads\/2023\/03\/3.-%C4%8Depiec-vzor-Bzov%C3%ADk-asi-pol.-20.stor_.-p%C3%B4vodn%C3%BD-vlastn%C3%ADk-nezn%C3%A1my-scaled.jpg?resize=300%2C212&amp;ssl=1 300w, https:\/\/i0.wp.com\/www.atelier-reklama.sk\/blog\/wp-content\/uploads\/2023\/03\/3.-%C4%8Depiec-vzor-Bzov%C3%ADk-asi-pol.-20.stor_.-p%C3%B4vodn%C3%BD-vlastn%C3%ADk-nezn%C3%A1my-scaled.jpg?resize=768%2C543&amp;ssl=1 768w, https:\/\/i0.wp.com\/www.atelier-reklama.sk\/blog\/wp-content\/uploads\/2023\/03\/3.-%C4%8Depiec-vzor-Bzov%C3%ADk-asi-pol.-20.stor_.-p%C3%B4vodn%C3%BD-vlastn%C3%ADk-nezn%C3%A1my-scaled.jpg?resize=1536%2C1086&amp;ssl=1 1536w, https:\/\/i0.wp.com\/www.atelier-reklama.sk\/blog\/wp-content\/uploads\/2023\/03\/3.-%C4%8Depiec-vzor-Bzov%C3%ADk-asi-pol.-20.stor_.-p%C3%B4vodn%C3%BD-vlastn%C3%ADk-nezn%C3%A1my-scaled.jpg?resize=2048%2C1448&amp;ssl=1 2048w, https:\/\/i0.wp.com\/www.atelier-reklama.sk\/blog\/wp-content\/uploads\/2023\/03\/3.-%C4%8Depiec-vzor-Bzov%C3%ADk-asi-pol.-20.stor_.-p%C3%B4vodn%C3%BD-vlastn%C3%ADk-nezn%C3%A1my-scaled.jpg?w=1600&amp;ssl=1 1600w, https:\/\/i0.wp.com\/www.atelier-reklama.sk\/blog\/wp-content\/uploads\/2023\/03\/3.-%C4%8Depiec-vzor-Bzov%C3%ADk-asi-pol.-20.stor_.-p%C3%B4vodn%C3%BD-vlastn%C3%ADk-nezn%C3%A1my-scaled.jpg?w=2400&amp;ssl=1 2400w\" sizes=\"auto, (max-width: 800px) 100vw, 800px\" \/><\/figure>\n\n\n\n<figure class=\"wp-block-image size-large\"><img data-recalc-dims=\"1\" loading=\"lazy\" decoding=\"async\" width=\"800\" height=\"555\" data-attachment-id=\"12596\" data-permalink=\"https:\/\/www.atelier-reklama.sk\/blog\/moj-krekacsky-kroj-a-jeho-prekreslene-vzory-spolu\/3-cepiec-detail-dienko-bzovik-druha-pol-20-stor-povodny-vlastnik-neznamy\/\" data-orig-file=\"https:\/\/i0.wp.com\/www.atelier-reklama.sk\/blog\/wp-content\/uploads\/2023\/03\/3.-%C4%8Cepiec-detail-dienko-Bzov%C3%ADk-druh%C3%A1-pol.-20.-stor.-p%C3%B4vodn%C3%BD-vlastn%C3%ADk-nezn%C3%A1my-scaled.jpg?fit=2560%2C1777&amp;ssl=1\" data-orig-size=\"2560,1777\" data-comments-opened=\"1\" data-image-meta=\"{&quot;aperture&quot;:&quot;2&quot;,&quot;credit&quot;:&quot;&quot;,&quot;camera&quot;:&quot;SM-A125F&quot;,&quot;caption&quot;:&quot;&quot;,&quot;created_timestamp&quot;:&quot;1678010474&quot;,&quot;copyright&quot;:&quot;&quot;,&quot;focal_length&quot;:&quot;4.6&quot;,&quot;iso&quot;:&quot;64&quot;,&quot;shutter_speed&quot;:&quot;0.0199&quot;,&quot;title&quot;:&quot;&quot;,&quot;orientation&quot;:&quot;1&quot;}\" data-image-title=\"3.-\u010cepiec-detail-dienko-Bzov\u00edk-druh\u00e1-pol.-20.-stor.-p\u00f4vodn\u00fd-vlastn\u00edk-nezn\u00e1my\" data-image-description=\"\" data-image-caption=\"\" data-medium-file=\"https:\/\/i0.wp.com\/www.atelier-reklama.sk\/blog\/wp-content\/uploads\/2023\/03\/3.-%C4%8Cepiec-detail-dienko-Bzov%C3%ADk-druh%C3%A1-pol.-20.-stor.-p%C3%B4vodn%C3%BD-vlastn%C3%ADk-nezn%C3%A1my-scaled.jpg?fit=300%2C208&amp;ssl=1\" data-large-file=\"https:\/\/i0.wp.com\/www.atelier-reklama.sk\/blog\/wp-content\/uploads\/2023\/03\/3.-%C4%8Cepiec-detail-dienko-Bzov%C3%ADk-druh%C3%A1-pol.-20.-stor.-p%C3%B4vodn%C3%BD-vlastn%C3%ADk-nezn%C3%A1my-scaled.jpg?fit=800%2C555&amp;ssl=1\" src=\"https:\/\/i0.wp.com\/www.atelier-reklama.sk\/blog\/wp-content\/uploads\/2023\/03\/3.-%C4%8Cepiec-detail-dienko-Bzov%C3%ADk-druh%C3%A1-pol.-20.-stor.-p%C3%B4vodn%C3%BD-vlastn%C3%ADk-nezn%C3%A1my.jpg?resize=800%2C555&#038;ssl=1\" alt=\"\" class=\"wp-image-12596\" srcset=\"https:\/\/i0.wp.com\/www.atelier-reklama.sk\/blog\/wp-content\/uploads\/2023\/03\/3.-%C4%8Cepiec-detail-dienko-Bzov%C3%ADk-druh%C3%A1-pol.-20.-stor.-p%C3%B4vodn%C3%BD-vlastn%C3%ADk-nezn%C3%A1my-scaled.jpg?resize=1024%2C711&amp;ssl=1 1024w, https:\/\/i0.wp.com\/www.atelier-reklama.sk\/blog\/wp-content\/uploads\/2023\/03\/3.-%C4%8Cepiec-detail-dienko-Bzov%C3%ADk-druh%C3%A1-pol.-20.-stor.-p%C3%B4vodn%C3%BD-vlastn%C3%ADk-nezn%C3%A1my-scaled.jpg?resize=300%2C208&amp;ssl=1 300w, https:\/\/i0.wp.com\/www.atelier-reklama.sk\/blog\/wp-content\/uploads\/2023\/03\/3.-%C4%8Cepiec-detail-dienko-Bzov%C3%ADk-druh%C3%A1-pol.-20.-stor.-p%C3%B4vodn%C3%BD-vlastn%C3%ADk-nezn%C3%A1my-scaled.jpg?resize=768%2C533&amp;ssl=1 768w, https:\/\/i0.wp.com\/www.atelier-reklama.sk\/blog\/wp-content\/uploads\/2023\/03\/3.-%C4%8Cepiec-detail-dienko-Bzov%C3%ADk-druh%C3%A1-pol.-20.-stor.-p%C3%B4vodn%C3%BD-vlastn%C3%ADk-nezn%C3%A1my-scaled.jpg?resize=1536%2C1066&amp;ssl=1 1536w, https:\/\/i0.wp.com\/www.atelier-reklama.sk\/blog\/wp-content\/uploads\/2023\/03\/3.-%C4%8Cepiec-detail-dienko-Bzov%C3%ADk-druh%C3%A1-pol.-20.-stor.-p%C3%B4vodn%C3%BD-vlastn%C3%ADk-nezn%C3%A1my-scaled.jpg?resize=2048%2C1422&amp;ssl=1 2048w, https:\/\/i0.wp.com\/www.atelier-reklama.sk\/blog\/wp-content\/uploads\/2023\/03\/3.-%C4%8Cepiec-detail-dienko-Bzov%C3%ADk-druh%C3%A1-pol.-20.-stor.-p%C3%B4vodn%C3%BD-vlastn%C3%ADk-nezn%C3%A1my-scaled.jpg?resize=392%2C272&amp;ssl=1 392w, https:\/\/i0.wp.com\/www.atelier-reklama.sk\/blog\/wp-content\/uploads\/2023\/03\/3.-%C4%8Cepiec-detail-dienko-Bzov%C3%ADk-druh%C3%A1-pol.-20.-stor.-p%C3%B4vodn%C3%BD-vlastn%C3%ADk-nezn%C3%A1my-scaled.jpg?resize=130%2C90&amp;ssl=1 130w, https:\/\/i0.wp.com\/www.atelier-reklama.sk\/blog\/wp-content\/uploads\/2023\/03\/3.-%C4%8Cepiec-detail-dienko-Bzov%C3%ADk-druh%C3%A1-pol.-20.-stor.-p%C3%B4vodn%C3%BD-vlastn%C3%ADk-nezn%C3%A1my-scaled.jpg?w=1600&amp;ssl=1 1600w, https:\/\/i0.wp.com\/www.atelier-reklama.sk\/blog\/wp-content\/uploads\/2023\/03\/3.-%C4%8Cepiec-detail-dienko-Bzov%C3%ADk-druh%C3%A1-pol.-20.-stor.-p%C3%B4vodn%C3%BD-vlastn%C3%ADk-nezn%C3%A1my-scaled.jpg?w=2400&amp;ssl=1 2400w\" sizes=\"auto, (max-width: 800px) 100vw, 800px\" \/><\/figure>\n\n\n\n<figure class=\"wp-block-image size-large\"><img data-recalc-dims=\"1\" loading=\"lazy\" decoding=\"async\" width=\"800\" height=\"638\" data-attachment-id=\"12597\" data-permalink=\"https:\/\/www.atelier-reklama.sk\/blog\/moj-krekacsky-kroj-a-jeho-prekreslene-vzory-spolu\/3-cepiec-prednicka-bzovik-druha-pol-20-stor-povodny-vlastnik-neznamy\/\" data-orig-file=\"https:\/\/i0.wp.com\/www.atelier-reklama.sk\/blog\/wp-content\/uploads\/2023\/03\/3.-%C4%8Cepiec-predni%C4%8Dka-Bzov%C3%ADk-druh%C3%A1-pol.-20.-stor.-p%C3%B4vodn%C3%BD-vlastn%C3%ADk-nezn%C3%A1my-scaled.jpg?fit=2560%2C2043&amp;ssl=1\" data-orig-size=\"2560,2043\" data-comments-opened=\"1\" data-image-meta=\"{&quot;aperture&quot;:&quot;2&quot;,&quot;credit&quot;:&quot;&quot;,&quot;camera&quot;:&quot;SM-A125F&quot;,&quot;caption&quot;:&quot;&quot;,&quot;created_timestamp&quot;:&quot;1678010456&quot;,&quot;copyright&quot;:&quot;&quot;,&quot;focal_length&quot;:&quot;4.6&quot;,&quot;iso&quot;:&quot;80&quot;,&quot;shutter_speed&quot;:&quot;0.0199&quot;,&quot;title&quot;:&quot;&quot;,&quot;orientation&quot;:&quot;1&quot;}\" data-image-title=\"3.-\u010cepiec-predni\u010dka-Bzov\u00edk-druh\u00e1-pol.-20.-stor.-p\u00f4vodn\u00fd-vlastn\u00edk-nezn\u00e1my\" data-image-description=\"\" data-image-caption=\"\" data-medium-file=\"https:\/\/i0.wp.com\/www.atelier-reklama.sk\/blog\/wp-content\/uploads\/2023\/03\/3.-%C4%8Cepiec-predni%C4%8Dka-Bzov%C3%ADk-druh%C3%A1-pol.-20.-stor.-p%C3%B4vodn%C3%BD-vlastn%C3%ADk-nezn%C3%A1my-scaled.jpg?fit=300%2C239&amp;ssl=1\" data-large-file=\"https:\/\/i0.wp.com\/www.atelier-reklama.sk\/blog\/wp-content\/uploads\/2023\/03\/3.-%C4%8Cepiec-predni%C4%8Dka-Bzov%C3%ADk-druh%C3%A1-pol.-20.-stor.-p%C3%B4vodn%C3%BD-vlastn%C3%ADk-nezn%C3%A1my-scaled.jpg?fit=800%2C638&amp;ssl=1\" src=\"https:\/\/i0.wp.com\/www.atelier-reklama.sk\/blog\/wp-content\/uploads\/2023\/03\/3.-%C4%8Cepiec-predni%C4%8Dka-Bzov%C3%ADk-druh%C3%A1-pol.-20.-stor.-p%C3%B4vodn%C3%BD-vlastn%C3%ADk-nezn%C3%A1my.jpg?resize=800%2C638&#038;ssl=1\" alt=\"\" class=\"wp-image-12597\" srcset=\"https:\/\/i0.wp.com\/www.atelier-reklama.sk\/blog\/wp-content\/uploads\/2023\/03\/3.-%C4%8Cepiec-predni%C4%8Dka-Bzov%C3%ADk-druh%C3%A1-pol.-20.-stor.-p%C3%B4vodn%C3%BD-vlastn%C3%ADk-nezn%C3%A1my-scaled.jpg?resize=1024%2C817&amp;ssl=1 1024w, https:\/\/i0.wp.com\/www.atelier-reklama.sk\/blog\/wp-content\/uploads\/2023\/03\/3.-%C4%8Cepiec-predni%C4%8Dka-Bzov%C3%ADk-druh%C3%A1-pol.-20.-stor.-p%C3%B4vodn%C3%BD-vlastn%C3%ADk-nezn%C3%A1my-scaled.jpg?resize=300%2C239&amp;ssl=1 300w, https:\/\/i0.wp.com\/www.atelier-reklama.sk\/blog\/wp-content\/uploads\/2023\/03\/3.-%C4%8Cepiec-predni%C4%8Dka-Bzov%C3%ADk-druh%C3%A1-pol.-20.-stor.-p%C3%B4vodn%C3%BD-vlastn%C3%ADk-nezn%C3%A1my-scaled.jpg?resize=768%2C613&amp;ssl=1 768w, https:\/\/i0.wp.com\/www.atelier-reklama.sk\/blog\/wp-content\/uploads\/2023\/03\/3.-%C4%8Cepiec-predni%C4%8Dka-Bzov%C3%ADk-druh%C3%A1-pol.-20.-stor.-p%C3%B4vodn%C3%BD-vlastn%C3%ADk-nezn%C3%A1my-scaled.jpg?resize=1536%2C1226&amp;ssl=1 1536w, https:\/\/i0.wp.com\/www.atelier-reklama.sk\/blog\/wp-content\/uploads\/2023\/03\/3.-%C4%8Cepiec-predni%C4%8Dka-Bzov%C3%ADk-druh%C3%A1-pol.-20.-stor.-p%C3%B4vodn%C3%BD-vlastn%C3%ADk-nezn%C3%A1my-scaled.jpg?resize=2048%2C1635&amp;ssl=1 2048w, https:\/\/i0.wp.com\/www.atelier-reklama.sk\/blog\/wp-content\/uploads\/2023\/03\/3.-%C4%8Cepiec-predni%C4%8Dka-Bzov%C3%ADk-druh%C3%A1-pol.-20.-stor.-p%C3%B4vodn%C3%BD-vlastn%C3%ADk-nezn%C3%A1my-scaled.jpg?w=1600&amp;ssl=1 1600w, https:\/\/i0.wp.com\/www.atelier-reklama.sk\/blog\/wp-content\/uploads\/2023\/03\/3.-%C4%8Cepiec-predni%C4%8Dka-Bzov%C3%ADk-druh%C3%A1-pol.-20.-stor.-p%C3%B4vodn%C3%BD-vlastn%C3%ADk-nezn%C3%A1my-scaled.jpg?w=2400&amp;ssl=1 2400w\" sizes=\"auto, (max-width: 800px) 100vw, 800px\" \/><\/figure>\n\n\n\n<p class=\"has-text-align-center\">\u010cepiec, Doln\u00e9 Mladonice, druh\u00e1 pol. 20. stor. p\u00f4vodn\u00fd vlastn\u00edk nezn\u00e1my<\/p>\n\n\n\n<figure class=\"wp-block-image size-large\"><img data-recalc-dims=\"1\" loading=\"lazy\" decoding=\"async\" width=\"800\" height=\"439\" data-attachment-id=\"12598\" data-permalink=\"https:\/\/www.atelier-reklama.sk\/blog\/moj-krekacsky-kroj-a-jeho-prekreslene-vzory-spolu\/4-cepiec-spredu-dolne-mladonice-druha-pol-20-stor-povodny-vlastnik-neznamy\/\" data-orig-file=\"https:\/\/i0.wp.com\/www.atelier-reklama.sk\/blog\/wp-content\/uploads\/2023\/03\/4.-%C4%8Cepiec-spredu-Doln%C3%A9-Mladonice-druh%C3%A1-pol.-20.-stor.-p%C3%B4vodn%C3%BD-vlastn%C3%ADk-nezn%C3%A1my-scaled.jpg?fit=2560%2C1405&amp;ssl=1\" data-orig-size=\"2560,1405\" data-comments-opened=\"1\" data-image-meta=\"{&quot;aperture&quot;:&quot;2&quot;,&quot;credit&quot;:&quot;&quot;,&quot;camera&quot;:&quot;SM-A125F&quot;,&quot;caption&quot;:&quot;&quot;,&quot;created_timestamp&quot;:&quot;1678010587&quot;,&quot;copyright&quot;:&quot;&quot;,&quot;focal_length&quot;:&quot;4.6&quot;,&quot;iso&quot;:&quot;80&quot;,&quot;shutter_speed&quot;:&quot;0.0199&quot;,&quot;title&quot;:&quot;&quot;,&quot;orientation&quot;:&quot;1&quot;}\" data-image-title=\"4.-\u010cepiec-spredu-Doln\u00e9-Mladonice-druh\u00e1-pol.-20.-stor.-p\u00f4vodn\u00fd-vlastn\u00edk-nezn\u00e1my\" data-image-description=\"\" data-image-caption=\"\" data-medium-file=\"https:\/\/i0.wp.com\/www.atelier-reklama.sk\/blog\/wp-content\/uploads\/2023\/03\/4.-%C4%8Cepiec-spredu-Doln%C3%A9-Mladonice-druh%C3%A1-pol.-20.-stor.-p%C3%B4vodn%C3%BD-vlastn%C3%ADk-nezn%C3%A1my-scaled.jpg?fit=300%2C165&amp;ssl=1\" data-large-file=\"https:\/\/i0.wp.com\/www.atelier-reklama.sk\/blog\/wp-content\/uploads\/2023\/03\/4.-%C4%8Cepiec-spredu-Doln%C3%A9-Mladonice-druh%C3%A1-pol.-20.-stor.-p%C3%B4vodn%C3%BD-vlastn%C3%ADk-nezn%C3%A1my-scaled.jpg?fit=800%2C439&amp;ssl=1\" src=\"https:\/\/i0.wp.com\/www.atelier-reklama.sk\/blog\/wp-content\/uploads\/2023\/03\/4.-%C4%8Cepiec-spredu-Doln%C3%A9-Mladonice-druh%C3%A1-pol.-20.-stor.-p%C3%B4vodn%C3%BD-vlastn%C3%ADk-nezn%C3%A1my.jpg?resize=800%2C439&#038;ssl=1\" alt=\"\" class=\"wp-image-12598\" srcset=\"https:\/\/i0.wp.com\/www.atelier-reklama.sk\/blog\/wp-content\/uploads\/2023\/03\/4.-%C4%8Cepiec-spredu-Doln%C3%A9-Mladonice-druh%C3%A1-pol.-20.-stor.-p%C3%B4vodn%C3%BD-vlastn%C3%ADk-nezn%C3%A1my-scaled.jpg?resize=1024%2C562&amp;ssl=1 1024w, https:\/\/i0.wp.com\/www.atelier-reklama.sk\/blog\/wp-content\/uploads\/2023\/03\/4.-%C4%8Cepiec-spredu-Doln%C3%A9-Mladonice-druh%C3%A1-pol.-20.-stor.-p%C3%B4vodn%C3%BD-vlastn%C3%ADk-nezn%C3%A1my-scaled.jpg?resize=300%2C165&amp;ssl=1 300w, https:\/\/i0.wp.com\/www.atelier-reklama.sk\/blog\/wp-content\/uploads\/2023\/03\/4.-%C4%8Cepiec-spredu-Doln%C3%A9-Mladonice-druh%C3%A1-pol.-20.-stor.-p%C3%B4vodn%C3%BD-vlastn%C3%ADk-nezn%C3%A1my-scaled.jpg?resize=768%2C421&amp;ssl=1 768w, https:\/\/i0.wp.com\/www.atelier-reklama.sk\/blog\/wp-content\/uploads\/2023\/03\/4.-%C4%8Cepiec-spredu-Doln%C3%A9-Mladonice-druh%C3%A1-pol.-20.-stor.-p%C3%B4vodn%C3%BD-vlastn%C3%ADk-nezn%C3%A1my-scaled.jpg?resize=1536%2C843&amp;ssl=1 1536w, https:\/\/i0.wp.com\/www.atelier-reklama.sk\/blog\/wp-content\/uploads\/2023\/03\/4.-%C4%8Cepiec-spredu-Doln%C3%A9-Mladonice-druh%C3%A1-pol.-20.-stor.-p%C3%B4vodn%C3%BD-vlastn%C3%ADk-nezn%C3%A1my-scaled.jpg?resize=2048%2C1124&amp;ssl=1 2048w, https:\/\/i0.wp.com\/www.atelier-reklama.sk\/blog\/wp-content\/uploads\/2023\/03\/4.-%C4%8Cepiec-spredu-Doln%C3%A9-Mladonice-druh%C3%A1-pol.-20.-stor.-p%C3%B4vodn%C3%BD-vlastn%C3%ADk-nezn%C3%A1my-scaled.jpg?w=1600&amp;ssl=1 1600w, https:\/\/i0.wp.com\/www.atelier-reklama.sk\/blog\/wp-content\/uploads\/2023\/03\/4.-%C4%8Cepiec-spredu-Doln%C3%A9-Mladonice-druh%C3%A1-pol.-20.-stor.-p%C3%B4vodn%C3%BD-vlastn%C3%ADk-nezn%C3%A1my-scaled.jpg?w=2400&amp;ssl=1 2400w\" sizes=\"auto, (max-width: 800px) 100vw, 800px\" \/><\/figure>\n\n\n\n<figure class=\"wp-block-image size-large\"><img data-recalc-dims=\"1\" loading=\"lazy\" decoding=\"async\" width=\"800\" height=\"407\" data-attachment-id=\"12599\" data-permalink=\"https:\/\/www.atelier-reklama.sk\/blog\/moj-krekacsky-kroj-a-jeho-prekreslene-vzory-spolu\/4-cepiec-dienko-dolne-mladonice-druha-pol-20-stor-povodny-vlastnik-neznamy\/\" data-orig-file=\"https:\/\/i0.wp.com\/www.atelier-reklama.sk\/blog\/wp-content\/uploads\/2023\/03\/4.-%C4%8Cepiec-dienko-Doln%C3%A9-Mladonice-druh%C3%A1-pol.-20.-stor.-p%C3%B4vodn%C3%BD-vlastn%C3%ADk-nezn%C3%A1my-scaled.jpg?fit=2560%2C1303&amp;ssl=1\" data-orig-size=\"2560,1303\" data-comments-opened=\"1\" data-image-meta=\"{&quot;aperture&quot;:&quot;2&quot;,&quot;credit&quot;:&quot;&quot;,&quot;camera&quot;:&quot;SM-A125F&quot;,&quot;caption&quot;:&quot;&quot;,&quot;created_timestamp&quot;:&quot;1678010605&quot;,&quot;copyright&quot;:&quot;&quot;,&quot;focal_length&quot;:&quot;4.6&quot;,&quot;iso&quot;:&quot;100&quot;,&quot;shutter_speed&quot;:&quot;0.0199&quot;,&quot;title&quot;:&quot;&quot;,&quot;orientation&quot;:&quot;1&quot;}\" data-image-title=\"4.-\u010cepiec-dienko-Doln\u00e9-Mladonice-druh\u00e1-pol.-20.-stor.-p\u00f4vodn\u00fd-vlastn\u00edk-nezn\u00e1my\" data-image-description=\"\" data-image-caption=\"\" data-medium-file=\"https:\/\/i0.wp.com\/www.atelier-reklama.sk\/blog\/wp-content\/uploads\/2023\/03\/4.-%C4%8Cepiec-dienko-Doln%C3%A9-Mladonice-druh%C3%A1-pol.-20.-stor.-p%C3%B4vodn%C3%BD-vlastn%C3%ADk-nezn%C3%A1my-scaled.jpg?fit=300%2C153&amp;ssl=1\" data-large-file=\"https:\/\/i0.wp.com\/www.atelier-reklama.sk\/blog\/wp-content\/uploads\/2023\/03\/4.-%C4%8Cepiec-dienko-Doln%C3%A9-Mladonice-druh%C3%A1-pol.-20.-stor.-p%C3%B4vodn%C3%BD-vlastn%C3%ADk-nezn%C3%A1my-scaled.jpg?fit=800%2C407&amp;ssl=1\" src=\"https:\/\/i0.wp.com\/www.atelier-reklama.sk\/blog\/wp-content\/uploads\/2023\/03\/4.-%C4%8Cepiec-dienko-Doln%C3%A9-Mladonice-druh%C3%A1-pol.-20.-stor.-p%C3%B4vodn%C3%BD-vlastn%C3%ADk-nezn%C3%A1my.jpg?resize=800%2C407&#038;ssl=1\" alt=\"\" class=\"wp-image-12599\" srcset=\"https:\/\/i0.wp.com\/www.atelier-reklama.sk\/blog\/wp-content\/uploads\/2023\/03\/4.-%C4%8Cepiec-dienko-Doln%C3%A9-Mladonice-druh%C3%A1-pol.-20.-stor.-p%C3%B4vodn%C3%BD-vlastn%C3%ADk-nezn%C3%A1my-scaled.jpg?resize=1024%2C521&amp;ssl=1 1024w, https:\/\/i0.wp.com\/www.atelier-reklama.sk\/blog\/wp-content\/uploads\/2023\/03\/4.-%C4%8Cepiec-dienko-Doln%C3%A9-Mladonice-druh%C3%A1-pol.-20.-stor.-p%C3%B4vodn%C3%BD-vlastn%C3%ADk-nezn%C3%A1my-scaled.jpg?resize=300%2C153&amp;ssl=1 300w, https:\/\/i0.wp.com\/www.atelier-reklama.sk\/blog\/wp-content\/uploads\/2023\/03\/4.-%C4%8Cepiec-dienko-Doln%C3%A9-Mladonice-druh%C3%A1-pol.-20.-stor.-p%C3%B4vodn%C3%BD-vlastn%C3%ADk-nezn%C3%A1my-scaled.jpg?resize=768%2C391&amp;ssl=1 768w, https:\/\/i0.wp.com\/www.atelier-reklama.sk\/blog\/wp-content\/uploads\/2023\/03\/4.-%C4%8Cepiec-dienko-Doln%C3%A9-Mladonice-druh%C3%A1-pol.-20.-stor.-p%C3%B4vodn%C3%BD-vlastn%C3%ADk-nezn%C3%A1my-scaled.jpg?resize=1536%2C782&amp;ssl=1 1536w, https:\/\/i0.wp.com\/www.atelier-reklama.sk\/blog\/wp-content\/uploads\/2023\/03\/4.-%C4%8Cepiec-dienko-Doln%C3%A9-Mladonice-druh%C3%A1-pol.-20.-stor.-p%C3%B4vodn%C3%BD-vlastn%C3%ADk-nezn%C3%A1my-scaled.jpg?resize=2048%2C1043&amp;ssl=1 2048w, https:\/\/i0.wp.com\/www.atelier-reklama.sk\/blog\/wp-content\/uploads\/2023\/03\/4.-%C4%8Cepiec-dienko-Doln%C3%A9-Mladonice-druh%C3%A1-pol.-20.-stor.-p%C3%B4vodn%C3%BD-vlastn%C3%ADk-nezn%C3%A1my-scaled.jpg?w=1600&amp;ssl=1 1600w, https:\/\/i0.wp.com\/www.atelier-reklama.sk\/blog\/wp-content\/uploads\/2023\/03\/4.-%C4%8Cepiec-dienko-Doln%C3%A9-Mladonice-druh%C3%A1-pol.-20.-stor.-p%C3%B4vodn%C3%BD-vlastn%C3%ADk-nezn%C3%A1my-scaled.jpg?w=2400&amp;ssl=1 2400w\" sizes=\"auto, (max-width: 800px) 100vw, 800px\" \/><\/figure>\n\n\n\n<figure class=\"wp-block-image size-large\"><img data-recalc-dims=\"1\" loading=\"lazy\" decoding=\"async\" width=\"800\" height=\"566\" data-attachment-id=\"13536\" data-permalink=\"https:\/\/www.atelier-reklama.sk\/blog\/moj-krekacsky-kroj-a-jeho-prekreslene-vzory-spolu\/4-cepiec-vzor-dolne-mladonice-asi-pol-20-stor_-povodny-vlastnik-neznamy-2\/\" data-orig-file=\"https:\/\/i0.wp.com\/www.atelier-reklama.sk\/blog\/wp-content\/uploads\/2023\/04\/4.-%C4%8Depiec-vzor-Doln%C3%A9-Mladonice-asi-pol.-20.stor_.-p%C3%B4vodn%C3%BD-vlastn%C3%ADk-nezn%C3%A1my-scaled.jpg?fit=2560%2C1810&amp;ssl=1\" data-orig-size=\"2560,1810\" data-comments-opened=\"1\" data-image-meta=\"{&quot;aperture&quot;:&quot;0&quot;,&quot;credit&quot;:&quot;&quot;,&quot;camera&quot;:&quot;&quot;,&quot;caption&quot;:&quot;&quot;,&quot;created_timestamp&quot;:&quot;0&quot;,&quot;copyright&quot;:&quot;&quot;,&quot;focal_length&quot;:&quot;0&quot;,&quot;iso&quot;:&quot;0&quot;,&quot;shutter_speed&quot;:&quot;0&quot;,&quot;title&quot;:&quot;&quot;,&quot;orientation&quot;:&quot;1&quot;}\" data-image-title=\"4.-\u010depiec-vzor-Doln\u00e9-Mladonice-asi-pol.-20.stor_.-p\u00f4vodn\u00fd-vlastn\u00edk-nezn\u00e1my\" data-image-description=\"\" data-image-caption=\"\" data-medium-file=\"https:\/\/i0.wp.com\/www.atelier-reklama.sk\/blog\/wp-content\/uploads\/2023\/04\/4.-%C4%8Depiec-vzor-Doln%C3%A9-Mladonice-asi-pol.-20.stor_.-p%C3%B4vodn%C3%BD-vlastn%C3%ADk-nezn%C3%A1my-scaled.jpg?fit=300%2C212&amp;ssl=1\" data-large-file=\"https:\/\/i0.wp.com\/www.atelier-reklama.sk\/blog\/wp-content\/uploads\/2023\/04\/4.-%C4%8Depiec-vzor-Doln%C3%A9-Mladonice-asi-pol.-20.stor_.-p%C3%B4vodn%C3%BD-vlastn%C3%ADk-nezn%C3%A1my-scaled.jpg?fit=800%2C566&amp;ssl=1\" src=\"https:\/\/i0.wp.com\/www.atelier-reklama.sk\/blog\/wp-content\/uploads\/2023\/04\/4.-%C4%8Depiec-vzor-Doln%C3%A9-Mladonice-asi-pol.-20.stor_.-p%C3%B4vodn%C3%BD-vlastn%C3%ADk-nezn%C3%A1my.jpg?resize=800%2C566&#038;ssl=1\" alt=\"\" class=\"wp-image-13536\" srcset=\"https:\/\/i0.wp.com\/www.atelier-reklama.sk\/blog\/wp-content\/uploads\/2023\/04\/4.-%C4%8Depiec-vzor-Doln%C3%A9-Mladonice-asi-pol.-20.stor_.-p%C3%B4vodn%C3%BD-vlastn%C3%ADk-nezn%C3%A1my-scaled.jpg?resize=1024%2C724&amp;ssl=1 1024w, https:\/\/i0.wp.com\/www.atelier-reklama.sk\/blog\/wp-content\/uploads\/2023\/04\/4.-%C4%8Depiec-vzor-Doln%C3%A9-Mladonice-asi-pol.-20.stor_.-p%C3%B4vodn%C3%BD-vlastn%C3%ADk-nezn%C3%A1my-scaled.jpg?resize=300%2C212&amp;ssl=1 300w, https:\/\/i0.wp.com\/www.atelier-reklama.sk\/blog\/wp-content\/uploads\/2023\/04\/4.-%C4%8Depiec-vzor-Doln%C3%A9-Mladonice-asi-pol.-20.stor_.-p%C3%B4vodn%C3%BD-vlastn%C3%ADk-nezn%C3%A1my-scaled.jpg?resize=768%2C543&amp;ssl=1 768w, https:\/\/i0.wp.com\/www.atelier-reklama.sk\/blog\/wp-content\/uploads\/2023\/04\/4.-%C4%8Depiec-vzor-Doln%C3%A9-Mladonice-asi-pol.-20.stor_.-p%C3%B4vodn%C3%BD-vlastn%C3%ADk-nezn%C3%A1my-scaled.jpg?resize=1536%2C1086&amp;ssl=1 1536w, https:\/\/i0.wp.com\/www.atelier-reklama.sk\/blog\/wp-content\/uploads\/2023\/04\/4.-%C4%8Depiec-vzor-Doln%C3%A9-Mladonice-asi-pol.-20.stor_.-p%C3%B4vodn%C3%BD-vlastn%C3%ADk-nezn%C3%A1my-scaled.jpg?resize=2048%2C1448&amp;ssl=1 2048w, https:\/\/i0.wp.com\/www.atelier-reklama.sk\/blog\/wp-content\/uploads\/2023\/04\/4.-%C4%8Depiec-vzor-Doln%C3%A9-Mladonice-asi-pol.-20.stor_.-p%C3%B4vodn%C3%BD-vlastn%C3%ADk-nezn%C3%A1my-scaled.jpg?w=1600&amp;ssl=1 1600w, https:\/\/i0.wp.com\/www.atelier-reklama.sk\/blog\/wp-content\/uploads\/2023\/04\/4.-%C4%8Depiec-vzor-Doln%C3%A9-Mladonice-asi-pol.-20.stor_.-p%C3%B4vodn%C3%BD-vlastn%C3%ADk-nezn%C3%A1my-scaled.jpg?w=2400&amp;ssl=1 2400w\" sizes=\"auto, (max-width: 800px) 100vw, 800px\" \/><\/figure>\n\n\n\n<p>\u010cepiec, Litava, druh\u00e1 pol. 20. stor., p\u00f4vodn\u00fd vlastn\u00edk nezn\u00e1my<\/p>\n\n\n\n<figure class=\"wp-block-image size-large\"><img data-recalc-dims=\"1\" loading=\"lazy\" decoding=\"async\" width=\"800\" height=\"456\" data-attachment-id=\"12601\" data-permalink=\"https:\/\/www.atelier-reklama.sk\/blog\/moj-krekacsky-kroj-a-jeho-prekreslene-vzory-spolu\/5-cepiec-litava-druha-pol-20-stor-povodny-vlastnik-neznamy\/\" data-orig-file=\"https:\/\/i0.wp.com\/www.atelier-reklama.sk\/blog\/wp-content\/uploads\/2023\/03\/5.-%C4%8Cepiec-Litava-druh%C3%A1-pol.-20.-stor.-p%C3%B4vodn%C3%BD-vlastn%C3%ADk-nezn%C3%A1my-scaled.jpg?fit=2560%2C1459&amp;ssl=1\" data-orig-size=\"2560,1459\" data-comments-opened=\"1\" data-image-meta=\"{&quot;aperture&quot;:&quot;2&quot;,&quot;credit&quot;:&quot;&quot;,&quot;camera&quot;:&quot;SM-A125F&quot;,&quot;caption&quot;:&quot;&quot;,&quot;created_timestamp&quot;:&quot;1678010627&quot;,&quot;copyright&quot;:&quot;&quot;,&quot;focal_length&quot;:&quot;4.6&quot;,&quot;iso&quot;:&quot;80&quot;,&quot;shutter_speed&quot;:&quot;0.0199&quot;,&quot;title&quot;:&quot;&quot;,&quot;orientation&quot;:&quot;1&quot;}\" data-image-title=\"5.-\u010cepiec-Litava-druh\u00e1-pol.-20.-stor.-p\u00f4vodn\u00fd-vlastn\u00edk-nezn\u00e1my\" data-image-description=\"\" data-image-caption=\"\" data-medium-file=\"https:\/\/i0.wp.com\/www.atelier-reklama.sk\/blog\/wp-content\/uploads\/2023\/03\/5.-%C4%8Cepiec-Litava-druh%C3%A1-pol.-20.-stor.-p%C3%B4vodn%C3%BD-vlastn%C3%ADk-nezn%C3%A1my-scaled.jpg?fit=300%2C171&amp;ssl=1\" data-large-file=\"https:\/\/i0.wp.com\/www.atelier-reklama.sk\/blog\/wp-content\/uploads\/2023\/03\/5.-%C4%8Cepiec-Litava-druh%C3%A1-pol.-20.-stor.-p%C3%B4vodn%C3%BD-vlastn%C3%ADk-nezn%C3%A1my-scaled.jpg?fit=800%2C456&amp;ssl=1\" src=\"https:\/\/i0.wp.com\/www.atelier-reklama.sk\/blog\/wp-content\/uploads\/2023\/03\/5.-%C4%8Cepiec-Litava-druh%C3%A1-pol.-20.-stor.-p%C3%B4vodn%C3%BD-vlastn%C3%ADk-nezn%C3%A1my.jpg?resize=800%2C456&#038;ssl=1\" alt=\"\" class=\"wp-image-12601\" srcset=\"https:\/\/i0.wp.com\/www.atelier-reklama.sk\/blog\/wp-content\/uploads\/2023\/03\/5.-%C4%8Cepiec-Litava-druh%C3%A1-pol.-20.-stor.-p%C3%B4vodn%C3%BD-vlastn%C3%ADk-nezn%C3%A1my-scaled.jpg?resize=1024%2C584&amp;ssl=1 1024w, https:\/\/i0.wp.com\/www.atelier-reklama.sk\/blog\/wp-content\/uploads\/2023\/03\/5.-%C4%8Cepiec-Litava-druh%C3%A1-pol.-20.-stor.-p%C3%B4vodn%C3%BD-vlastn%C3%ADk-nezn%C3%A1my-scaled.jpg?resize=300%2C171&amp;ssl=1 300w, https:\/\/i0.wp.com\/www.atelier-reklama.sk\/blog\/wp-content\/uploads\/2023\/03\/5.-%C4%8Cepiec-Litava-druh%C3%A1-pol.-20.-stor.-p%C3%B4vodn%C3%BD-vlastn%C3%ADk-nezn%C3%A1my-scaled.jpg?resize=768%2C438&amp;ssl=1 768w, https:\/\/i0.wp.com\/www.atelier-reklama.sk\/blog\/wp-content\/uploads\/2023\/03\/5.-%C4%8Cepiec-Litava-druh%C3%A1-pol.-20.-stor.-p%C3%B4vodn%C3%BD-vlastn%C3%ADk-nezn%C3%A1my-scaled.jpg?resize=1536%2C876&amp;ssl=1 1536w, https:\/\/i0.wp.com\/www.atelier-reklama.sk\/blog\/wp-content\/uploads\/2023\/03\/5.-%C4%8Cepiec-Litava-druh%C3%A1-pol.-20.-stor.-p%C3%B4vodn%C3%BD-vlastn%C3%ADk-nezn%C3%A1my-scaled.jpg?resize=2048%2C1167&amp;ssl=1 2048w, https:\/\/i0.wp.com\/www.atelier-reklama.sk\/blog\/wp-content\/uploads\/2023\/03\/5.-%C4%8Cepiec-Litava-druh%C3%A1-pol.-20.-stor.-p%C3%B4vodn%C3%BD-vlastn%C3%ADk-nezn%C3%A1my-scaled.jpg?w=1600&amp;ssl=1 1600w, https:\/\/i0.wp.com\/www.atelier-reklama.sk\/blog\/wp-content\/uploads\/2023\/03\/5.-%C4%8Cepiec-Litava-druh%C3%A1-pol.-20.-stor.-p%C3%B4vodn%C3%BD-vlastn%C3%ADk-nezn%C3%A1my-scaled.jpg?w=2400&amp;ssl=1 2400w\" sizes=\"auto, (max-width: 800px) 100vw, 800px\" \/><\/figure>\n\n\n\n<figure class=\"wp-block-image size-large\"><img data-recalc-dims=\"1\" loading=\"lazy\" decoding=\"async\" width=\"800\" height=\"443\" data-attachment-id=\"12602\" data-permalink=\"https:\/\/www.atelier-reklama.sk\/blog\/moj-krekacsky-kroj-a-jeho-prekreslene-vzory-spolu\/5-cepiec-dienko-litava-druha-pol-20-stor-povodny-vlastnik-neznamy\/\" data-orig-file=\"https:\/\/i0.wp.com\/www.atelier-reklama.sk\/blog\/wp-content\/uploads\/2023\/03\/5.-%C4%8Cepiec-dienko-Litava-druh%C3%A1-pol.-20.-stor.-p%C3%B4vodn%C3%BD-vlastn%C3%ADk-nezn%C3%A1my-scaled.jpg?fit=2560%2C1417&amp;ssl=1\" data-orig-size=\"2560,1417\" data-comments-opened=\"1\" data-image-meta=\"{&quot;aperture&quot;:&quot;2&quot;,&quot;credit&quot;:&quot;&quot;,&quot;camera&quot;:&quot;SM-A125F&quot;,&quot;caption&quot;:&quot;&quot;,&quot;created_timestamp&quot;:&quot;1678010648&quot;,&quot;copyright&quot;:&quot;&quot;,&quot;focal_length&quot;:&quot;4.6&quot;,&quot;iso&quot;:&quot;80&quot;,&quot;shutter_speed&quot;:&quot;0.0199&quot;,&quot;title&quot;:&quot;&quot;,&quot;orientation&quot;:&quot;1&quot;}\" data-image-title=\"5.-\u010cepiec-dienko-Litava-druh\u00e1-pol.-20.-stor.-p\u00f4vodn\u00fd-vlastn\u00edk-nezn\u00e1my\" data-image-description=\"\" data-image-caption=\"\" data-medium-file=\"https:\/\/i0.wp.com\/www.atelier-reklama.sk\/blog\/wp-content\/uploads\/2023\/03\/5.-%C4%8Cepiec-dienko-Litava-druh%C3%A1-pol.-20.-stor.-p%C3%B4vodn%C3%BD-vlastn%C3%ADk-nezn%C3%A1my-scaled.jpg?fit=300%2C166&amp;ssl=1\" data-large-file=\"https:\/\/i0.wp.com\/www.atelier-reklama.sk\/blog\/wp-content\/uploads\/2023\/03\/5.-%C4%8Cepiec-dienko-Litava-druh%C3%A1-pol.-20.-stor.-p%C3%B4vodn%C3%BD-vlastn%C3%ADk-nezn%C3%A1my-scaled.jpg?fit=800%2C443&amp;ssl=1\" src=\"https:\/\/i0.wp.com\/www.atelier-reklama.sk\/blog\/wp-content\/uploads\/2023\/03\/5.-%C4%8Cepiec-dienko-Litava-druh%C3%A1-pol.-20.-stor.-p%C3%B4vodn%C3%BD-vlastn%C3%ADk-nezn%C3%A1my.jpg?resize=800%2C443&#038;ssl=1\" alt=\"\" class=\"wp-image-12602\" srcset=\"https:\/\/i0.wp.com\/www.atelier-reklama.sk\/blog\/wp-content\/uploads\/2023\/03\/5.-%C4%8Cepiec-dienko-Litava-druh%C3%A1-pol.-20.-stor.-p%C3%B4vodn%C3%BD-vlastn%C3%ADk-nezn%C3%A1my-scaled.jpg?resize=1024%2C567&amp;ssl=1 1024w, https:\/\/i0.wp.com\/www.atelier-reklama.sk\/blog\/wp-content\/uploads\/2023\/03\/5.-%C4%8Cepiec-dienko-Litava-druh%C3%A1-pol.-20.-stor.-p%C3%B4vodn%C3%BD-vlastn%C3%ADk-nezn%C3%A1my-scaled.jpg?resize=300%2C166&amp;ssl=1 300w, https:\/\/i0.wp.com\/www.atelier-reklama.sk\/blog\/wp-content\/uploads\/2023\/03\/5.-%C4%8Cepiec-dienko-Litava-druh%C3%A1-pol.-20.-stor.-p%C3%B4vodn%C3%BD-vlastn%C3%ADk-nezn%C3%A1my-scaled.jpg?resize=768%2C425&amp;ssl=1 768w, https:\/\/i0.wp.com\/www.atelier-reklama.sk\/blog\/wp-content\/uploads\/2023\/03\/5.-%C4%8Cepiec-dienko-Litava-druh%C3%A1-pol.-20.-stor.-p%C3%B4vodn%C3%BD-vlastn%C3%ADk-nezn%C3%A1my-scaled.jpg?resize=1536%2C850&amp;ssl=1 1536w, https:\/\/i0.wp.com\/www.atelier-reklama.sk\/blog\/wp-content\/uploads\/2023\/03\/5.-%C4%8Cepiec-dienko-Litava-druh%C3%A1-pol.-20.-stor.-p%C3%B4vodn%C3%BD-vlastn%C3%ADk-nezn%C3%A1my-scaled.jpg?resize=2048%2C1134&amp;ssl=1 2048w, https:\/\/i0.wp.com\/www.atelier-reklama.sk\/blog\/wp-content\/uploads\/2023\/03\/5.-%C4%8Cepiec-dienko-Litava-druh%C3%A1-pol.-20.-stor.-p%C3%B4vodn%C3%BD-vlastn%C3%ADk-nezn%C3%A1my-scaled.jpg?w=1600&amp;ssl=1 1600w, https:\/\/i0.wp.com\/www.atelier-reklama.sk\/blog\/wp-content\/uploads\/2023\/03\/5.-%C4%8Cepiec-dienko-Litava-druh%C3%A1-pol.-20.-stor.-p%C3%B4vodn%C3%BD-vlastn%C3%ADk-nezn%C3%A1my-scaled.jpg?w=2400&amp;ssl=1 2400w\" sizes=\"auto, (max-width: 800px) 100vw, 800px\" \/><\/figure>\n\n\n\n<figure class=\"wp-block-image size-large\"><img data-recalc-dims=\"1\" loading=\"lazy\" decoding=\"async\" width=\"800\" height=\"566\" data-attachment-id=\"12603\" data-permalink=\"https:\/\/www.atelier-reklama.sk\/blog\/moj-krekacsky-kroj-a-jeho-prekreslene-vzory-spolu\/5-cepiec-vzor-litava-asi-pol-20-stor_-povodny-vlastnik-neznamy\/\" data-orig-file=\"https:\/\/i0.wp.com\/www.atelier-reklama.sk\/blog\/wp-content\/uploads\/2023\/03\/5.-%C4%8Depiec-vzor-Litava-asi-pol.-20.stor_.-p%C3%B4vodn%C3%BD-vlastn%C3%ADk-nezn%C3%A1my-scaled.jpg?fit=2560%2C1810&amp;ssl=1\" data-orig-size=\"2560,1810\" data-comments-opened=\"1\" data-image-meta=\"{&quot;aperture&quot;:&quot;0&quot;,&quot;credit&quot;:&quot;&quot;,&quot;camera&quot;:&quot;&quot;,&quot;caption&quot;:&quot;&quot;,&quot;created_timestamp&quot;:&quot;0&quot;,&quot;copyright&quot;:&quot;&quot;,&quot;focal_length&quot;:&quot;0&quot;,&quot;iso&quot;:&quot;0&quot;,&quot;shutter_speed&quot;:&quot;0&quot;,&quot;title&quot;:&quot;&quot;,&quot;orientation&quot;:&quot;0&quot;}\" data-image-title=\"5.-\u010depiec-vzor-Litava-asi-pol.-20.stor_.-p\u00f4vodn\u00fd-vlastn\u00edk-nezn\u00e1my\" data-image-description=\"\" data-image-caption=\"\" data-medium-file=\"https:\/\/i0.wp.com\/www.atelier-reklama.sk\/blog\/wp-content\/uploads\/2023\/03\/5.-%C4%8Depiec-vzor-Litava-asi-pol.-20.stor_.-p%C3%B4vodn%C3%BD-vlastn%C3%ADk-nezn%C3%A1my-scaled.jpg?fit=300%2C212&amp;ssl=1\" data-large-file=\"https:\/\/i0.wp.com\/www.atelier-reklama.sk\/blog\/wp-content\/uploads\/2023\/03\/5.-%C4%8Depiec-vzor-Litava-asi-pol.-20.stor_.-p%C3%B4vodn%C3%BD-vlastn%C3%ADk-nezn%C3%A1my-scaled.jpg?fit=800%2C566&amp;ssl=1\" src=\"https:\/\/i0.wp.com\/www.atelier-reklama.sk\/blog\/wp-content\/uploads\/2023\/03\/5.-%C4%8Depiec-vzor-Litava-asi-pol.-20.stor_.-p%C3%B4vodn%C3%BD-vlastn%C3%ADk-nezn%C3%A1my.jpg?resize=800%2C566&#038;ssl=1\" alt=\"\" class=\"wp-image-12603\" srcset=\"https:\/\/i0.wp.com\/www.atelier-reklama.sk\/blog\/wp-content\/uploads\/2023\/03\/5.-%C4%8Depiec-vzor-Litava-asi-pol.-20.stor_.-p%C3%B4vodn%C3%BD-vlastn%C3%ADk-nezn%C3%A1my-scaled.jpg?resize=1024%2C724&amp;ssl=1 1024w, https:\/\/i0.wp.com\/www.atelier-reklama.sk\/blog\/wp-content\/uploads\/2023\/03\/5.-%C4%8Depiec-vzor-Litava-asi-pol.-20.stor_.-p%C3%B4vodn%C3%BD-vlastn%C3%ADk-nezn%C3%A1my-scaled.jpg?resize=300%2C212&amp;ssl=1 300w, https:\/\/i0.wp.com\/www.atelier-reklama.sk\/blog\/wp-content\/uploads\/2023\/03\/5.-%C4%8Depiec-vzor-Litava-asi-pol.-20.stor_.-p%C3%B4vodn%C3%BD-vlastn%C3%ADk-nezn%C3%A1my-scaled.jpg?resize=768%2C543&amp;ssl=1 768w, https:\/\/i0.wp.com\/www.atelier-reklama.sk\/blog\/wp-content\/uploads\/2023\/03\/5.-%C4%8Depiec-vzor-Litava-asi-pol.-20.stor_.-p%C3%B4vodn%C3%BD-vlastn%C3%ADk-nezn%C3%A1my-scaled.jpg?resize=1536%2C1086&amp;ssl=1 1536w, https:\/\/i0.wp.com\/www.atelier-reklama.sk\/blog\/wp-content\/uploads\/2023\/03\/5.-%C4%8Depiec-vzor-Litava-asi-pol.-20.stor_.-p%C3%B4vodn%C3%BD-vlastn%C3%ADk-nezn%C3%A1my-scaled.jpg?resize=2048%2C1448&amp;ssl=1 2048w, https:\/\/i0.wp.com\/www.atelier-reklama.sk\/blog\/wp-content\/uploads\/2023\/03\/5.-%C4%8Depiec-vzor-Litava-asi-pol.-20.stor_.-p%C3%B4vodn%C3%BD-vlastn%C3%ADk-nezn%C3%A1my-scaled.jpg?w=1600&amp;ssl=1 1600w, https:\/\/i0.wp.com\/www.atelier-reklama.sk\/blog\/wp-content\/uploads\/2023\/03\/5.-%C4%8Depiec-vzor-Litava-asi-pol.-20.stor_.-p%C3%B4vodn%C3%BD-vlastn%C3%ADk-nezn%C3%A1my-scaled.jpg?w=2400&amp;ssl=1 2400w\" sizes=\"auto, (max-width: 800px) 100vw, 800px\" \/><\/figure>\n\n\n\n<figure class=\"wp-block-image size-large\"><img data-recalc-dims=\"1\" loading=\"lazy\" decoding=\"async\" width=\"800\" height=\"576\" data-attachment-id=\"12604\" data-permalink=\"https:\/\/www.atelier-reklama.sk\/blog\/moj-krekacsky-kroj-a-jeho-prekreslene-vzory-spolu\/5-cepiec-prednicka-litava-druha-pol-20-stor-povodny-vlastnik-neznamy\/\" data-orig-file=\"https:\/\/i0.wp.com\/www.atelier-reklama.sk\/blog\/wp-content\/uploads\/2023\/03\/5.-%C4%8Cepiec-predni%C4%8Dka-Litava-druh%C3%A1-pol.-20.-stor.-p%C3%B4vodn%C3%BD-vlastn%C3%ADk-nezn%C3%A1my.jpg?fit=1047%2C754&amp;ssl=1\" data-orig-size=\"1047,754\" data-comments-opened=\"1\" data-image-meta=\"{&quot;aperture&quot;:&quot;2&quot;,&quot;credit&quot;:&quot;&quot;,&quot;camera&quot;:&quot;SM-A125F&quot;,&quot;caption&quot;:&quot;&quot;,&quot;created_timestamp&quot;:&quot;1678010627&quot;,&quot;copyright&quot;:&quot;&quot;,&quot;focal_length&quot;:&quot;4.6&quot;,&quot;iso&quot;:&quot;80&quot;,&quot;shutter_speed&quot;:&quot;0.0199&quot;,&quot;title&quot;:&quot;&quot;,&quot;orientation&quot;:&quot;1&quot;}\" data-image-title=\"5.-\u010cepiec-predni\u010dka-Litava-druh\u00e1-pol.-20.-stor.-p\u00f4vodn\u00fd-vlastn\u00edk-nezn\u00e1my\" data-image-description=\"\" data-image-caption=\"\" data-medium-file=\"https:\/\/i0.wp.com\/www.atelier-reklama.sk\/blog\/wp-content\/uploads\/2023\/03\/5.-%C4%8Cepiec-predni%C4%8Dka-Litava-druh%C3%A1-pol.-20.-stor.-p%C3%B4vodn%C3%BD-vlastn%C3%ADk-nezn%C3%A1my.jpg?fit=300%2C216&amp;ssl=1\" data-large-file=\"https:\/\/i0.wp.com\/www.atelier-reklama.sk\/blog\/wp-content\/uploads\/2023\/03\/5.-%C4%8Cepiec-predni%C4%8Dka-Litava-druh%C3%A1-pol.-20.-stor.-p%C3%B4vodn%C3%BD-vlastn%C3%ADk-nezn%C3%A1my.jpg?fit=800%2C576&amp;ssl=1\" src=\"https:\/\/i0.wp.com\/www.atelier-reklama.sk\/blog\/wp-content\/uploads\/2023\/03\/5.-%C4%8Cepiec-predni%C4%8Dka-Litava-druh%C3%A1-pol.-20.-stor.-p%C3%B4vodn%C3%BD-vlastn%C3%ADk-nezn%C3%A1my.jpg?resize=800%2C576&#038;ssl=1\" alt=\"\" class=\"wp-image-12604\" srcset=\"https:\/\/i0.wp.com\/www.atelier-reklama.sk\/blog\/wp-content\/uploads\/2023\/03\/5.-%C4%8Cepiec-predni%C4%8Dka-Litava-druh%C3%A1-pol.-20.-stor.-p%C3%B4vodn%C3%BD-vlastn%C3%ADk-nezn%C3%A1my.jpg?resize=1024%2C737&amp;ssl=1 1024w, https:\/\/i0.wp.com\/www.atelier-reklama.sk\/blog\/wp-content\/uploads\/2023\/03\/5.-%C4%8Cepiec-predni%C4%8Dka-Litava-druh%C3%A1-pol.-20.-stor.-p%C3%B4vodn%C3%BD-vlastn%C3%ADk-nezn%C3%A1my.jpg?resize=300%2C216&amp;ssl=1 300w, https:\/\/i0.wp.com\/www.atelier-reklama.sk\/blog\/wp-content\/uploads\/2023\/03\/5.-%C4%8Cepiec-predni%C4%8Dka-Litava-druh%C3%A1-pol.-20.-stor.-p%C3%B4vodn%C3%BD-vlastn%C3%ADk-nezn%C3%A1my.jpg?resize=768%2C553&amp;ssl=1 768w, https:\/\/i0.wp.com\/www.atelier-reklama.sk\/blog\/wp-content\/uploads\/2023\/03\/5.-%C4%8Cepiec-predni%C4%8Dka-Litava-druh%C3%A1-pol.-20.-stor.-p%C3%B4vodn%C3%BD-vlastn%C3%ADk-nezn%C3%A1my.jpg?w=1047&amp;ssl=1 1047w\" sizes=\"auto, (max-width: 800px) 100vw, 800px\" \/><\/figure>\n\n\n\n<p>\u010cepiec, Litava, druh\u00e1 pol. 20. stor., p\u00f4vodn\u00fd vlastn\u00edk nezn\u00e1my<\/p>\n\n\n\n<figure class=\"wp-block-image size-large\"><img data-recalc-dims=\"1\" loading=\"lazy\" decoding=\"async\" width=\"800\" height=\"461\" data-attachment-id=\"12605\" data-permalink=\"https:\/\/www.atelier-reklama.sk\/blog\/moj-krekacsky-kroj-a-jeho-prekreslene-vzory-spolu\/6-cepiec-spredulitava-druha-pol-20-stor-povodny-vlastnik-neznamy\/\" data-orig-file=\"https:\/\/i0.wp.com\/www.atelier-reklama.sk\/blog\/wp-content\/uploads\/2023\/03\/6.-%C4%8Cepiec-spreduLitava-druh%C3%A1-pol.-20.-stor.-p%C3%B4vodn%C3%BD-vlastn%C3%ADk-nezn%C3%A1my-scaled.jpg?fit=2560%2C1474&amp;ssl=1\" data-orig-size=\"2560,1474\" data-comments-opened=\"1\" data-image-meta=\"{&quot;aperture&quot;:&quot;2&quot;,&quot;credit&quot;:&quot;&quot;,&quot;camera&quot;:&quot;SM-A125F&quot;,&quot;caption&quot;:&quot;&quot;,&quot;created_timestamp&quot;:&quot;1678010542&quot;,&quot;copyright&quot;:&quot;&quot;,&quot;focal_length&quot;:&quot;4.6&quot;,&quot;iso&quot;:&quot;80&quot;,&quot;shutter_speed&quot;:&quot;0.0199&quot;,&quot;title&quot;:&quot;&quot;,&quot;orientation&quot;:&quot;1&quot;}\" data-image-title=\"6.-\u010cepiec-spreduLitava-druh\u00e1-pol.-20.-stor.-p\u00f4vodn\u00fd-vlastn\u00edk-nezn\u00e1my\" data-image-description=\"\" data-image-caption=\"\" data-medium-file=\"https:\/\/i0.wp.com\/www.atelier-reklama.sk\/blog\/wp-content\/uploads\/2023\/03\/6.-%C4%8Cepiec-spreduLitava-druh%C3%A1-pol.-20.-stor.-p%C3%B4vodn%C3%BD-vlastn%C3%ADk-nezn%C3%A1my-scaled.jpg?fit=300%2C173&amp;ssl=1\" data-large-file=\"https:\/\/i0.wp.com\/www.atelier-reklama.sk\/blog\/wp-content\/uploads\/2023\/03\/6.-%C4%8Cepiec-spreduLitava-druh%C3%A1-pol.-20.-stor.-p%C3%B4vodn%C3%BD-vlastn%C3%ADk-nezn%C3%A1my-scaled.jpg?fit=800%2C461&amp;ssl=1\" src=\"https:\/\/i0.wp.com\/www.atelier-reklama.sk\/blog\/wp-content\/uploads\/2023\/03\/6.-%C4%8Cepiec-spreduLitava-druh%C3%A1-pol.-20.-stor.-p%C3%B4vodn%C3%BD-vlastn%C3%ADk-nezn%C3%A1my.jpg?resize=800%2C461&#038;ssl=1\" alt=\"\" class=\"wp-image-12605\" srcset=\"https:\/\/i0.wp.com\/www.atelier-reklama.sk\/blog\/wp-content\/uploads\/2023\/03\/6.-%C4%8Cepiec-spreduLitava-druh%C3%A1-pol.-20.-stor.-p%C3%B4vodn%C3%BD-vlastn%C3%ADk-nezn%C3%A1my-scaled.jpg?resize=1024%2C590&amp;ssl=1 1024w, https:\/\/i0.wp.com\/www.atelier-reklama.sk\/blog\/wp-content\/uploads\/2023\/03\/6.-%C4%8Cepiec-spreduLitava-druh%C3%A1-pol.-20.-stor.-p%C3%B4vodn%C3%BD-vlastn%C3%ADk-nezn%C3%A1my-scaled.jpg?resize=300%2C173&amp;ssl=1 300w, https:\/\/i0.wp.com\/www.atelier-reklama.sk\/blog\/wp-content\/uploads\/2023\/03\/6.-%C4%8Cepiec-spreduLitava-druh%C3%A1-pol.-20.-stor.-p%C3%B4vodn%C3%BD-vlastn%C3%ADk-nezn%C3%A1my-scaled.jpg?resize=768%2C442&amp;ssl=1 768w, https:\/\/i0.wp.com\/www.atelier-reklama.sk\/blog\/wp-content\/uploads\/2023\/03\/6.-%C4%8Cepiec-spreduLitava-druh%C3%A1-pol.-20.-stor.-p%C3%B4vodn%C3%BD-vlastn%C3%ADk-nezn%C3%A1my-scaled.jpg?resize=1536%2C885&amp;ssl=1 1536w, https:\/\/i0.wp.com\/www.atelier-reklama.sk\/blog\/wp-content\/uploads\/2023\/03\/6.-%C4%8Cepiec-spreduLitava-druh%C3%A1-pol.-20.-stor.-p%C3%B4vodn%C3%BD-vlastn%C3%ADk-nezn%C3%A1my-scaled.jpg?resize=2048%2C1179&amp;ssl=1 2048w, https:\/\/i0.wp.com\/www.atelier-reklama.sk\/blog\/wp-content\/uploads\/2023\/03\/6.-%C4%8Cepiec-spreduLitava-druh%C3%A1-pol.-20.-stor.-p%C3%B4vodn%C3%BD-vlastn%C3%ADk-nezn%C3%A1my-scaled.jpg?w=1600&amp;ssl=1 1600w, https:\/\/i0.wp.com\/www.atelier-reklama.sk\/blog\/wp-content\/uploads\/2023\/03\/6.-%C4%8Cepiec-spreduLitava-druh%C3%A1-pol.-20.-stor.-p%C3%B4vodn%C3%BD-vlastn%C3%ADk-nezn%C3%A1my-scaled.jpg?w=2400&amp;ssl=1 2400w\" sizes=\"auto, (max-width: 800px) 100vw, 800px\" \/><\/figure>\n\n\n\n<figure class=\"wp-block-image size-large\"><img data-recalc-dims=\"1\" loading=\"lazy\" decoding=\"async\" width=\"800\" height=\"466\" data-attachment-id=\"12606\" data-permalink=\"https:\/\/www.atelier-reklama.sk\/blog\/moj-krekacsky-kroj-a-jeho-prekreslene-vzory-spolu\/6-cepiec-dienko-litava-druha-pol-20-stor-povodny-vlastnik-neznamy\/\" data-orig-file=\"https:\/\/i0.wp.com\/www.atelier-reklama.sk\/blog\/wp-content\/uploads\/2023\/03\/6.-%C4%8Cepiec-dienko-Litava-druh%C3%A1-pol.-20.-stor.-p%C3%B4vodn%C3%BD-vlastn%C3%ADk-nezn%C3%A1my-scaled.jpg?fit=2560%2C1493&amp;ssl=1\" data-orig-size=\"2560,1493\" data-comments-opened=\"1\" data-image-meta=\"{&quot;aperture&quot;:&quot;2&quot;,&quot;credit&quot;:&quot;&quot;,&quot;camera&quot;:&quot;SM-A125F&quot;,&quot;caption&quot;:&quot;&quot;,&quot;created_timestamp&quot;:&quot;1678010570&quot;,&quot;copyright&quot;:&quot;&quot;,&quot;focal_length&quot;:&quot;4.6&quot;,&quot;iso&quot;:&quot;80&quot;,&quot;shutter_speed&quot;:&quot;0.0199&quot;,&quot;title&quot;:&quot;&quot;,&quot;orientation&quot;:&quot;1&quot;}\" data-image-title=\"6.-\u010cepiec-dienko-Litava-druh\u00e1-pol.-20.-stor.-p\u00f4vodn\u00fd-vlastn\u00edk-nezn\u00e1my\" data-image-description=\"\" data-image-caption=\"\" data-medium-file=\"https:\/\/i0.wp.com\/www.atelier-reklama.sk\/blog\/wp-content\/uploads\/2023\/03\/6.-%C4%8Cepiec-dienko-Litava-druh%C3%A1-pol.-20.-stor.-p%C3%B4vodn%C3%BD-vlastn%C3%ADk-nezn%C3%A1my-scaled.jpg?fit=300%2C175&amp;ssl=1\" data-large-file=\"https:\/\/i0.wp.com\/www.atelier-reklama.sk\/blog\/wp-content\/uploads\/2023\/03\/6.-%C4%8Cepiec-dienko-Litava-druh%C3%A1-pol.-20.-stor.-p%C3%B4vodn%C3%BD-vlastn%C3%ADk-nezn%C3%A1my-scaled.jpg?fit=800%2C466&amp;ssl=1\" src=\"https:\/\/i0.wp.com\/www.atelier-reklama.sk\/blog\/wp-content\/uploads\/2023\/03\/6.-%C4%8Cepiec-dienko-Litava-druh%C3%A1-pol.-20.-stor.-p%C3%B4vodn%C3%BD-vlastn%C3%ADk-nezn%C3%A1my.jpg?resize=800%2C466&#038;ssl=1\" alt=\"\" class=\"wp-image-12606\" srcset=\"https:\/\/i0.wp.com\/www.atelier-reklama.sk\/blog\/wp-content\/uploads\/2023\/03\/6.-%C4%8Cepiec-dienko-Litava-druh%C3%A1-pol.-20.-stor.-p%C3%B4vodn%C3%BD-vlastn%C3%ADk-nezn%C3%A1my-scaled.jpg?resize=1024%2C597&amp;ssl=1 1024w, https:\/\/i0.wp.com\/www.atelier-reklama.sk\/blog\/wp-content\/uploads\/2023\/03\/6.-%C4%8Cepiec-dienko-Litava-druh%C3%A1-pol.-20.-stor.-p%C3%B4vodn%C3%BD-vlastn%C3%ADk-nezn%C3%A1my-scaled.jpg?resize=300%2C175&amp;ssl=1 300w, https:\/\/i0.wp.com\/www.atelier-reklama.sk\/blog\/wp-content\/uploads\/2023\/03\/6.-%C4%8Cepiec-dienko-Litava-druh%C3%A1-pol.-20.-stor.-p%C3%B4vodn%C3%BD-vlastn%C3%ADk-nezn%C3%A1my-scaled.jpg?resize=768%2C448&amp;ssl=1 768w, https:\/\/i0.wp.com\/www.atelier-reklama.sk\/blog\/wp-content\/uploads\/2023\/03\/6.-%C4%8Cepiec-dienko-Litava-druh%C3%A1-pol.-20.-stor.-p%C3%B4vodn%C3%BD-vlastn%C3%ADk-nezn%C3%A1my-scaled.jpg?resize=1536%2C896&amp;ssl=1 1536w, https:\/\/i0.wp.com\/www.atelier-reklama.sk\/blog\/wp-content\/uploads\/2023\/03\/6.-%C4%8Cepiec-dienko-Litava-druh%C3%A1-pol.-20.-stor.-p%C3%B4vodn%C3%BD-vlastn%C3%ADk-nezn%C3%A1my-scaled.jpg?resize=2048%2C1195&amp;ssl=1 2048w, https:\/\/i0.wp.com\/www.atelier-reklama.sk\/blog\/wp-content\/uploads\/2023\/03\/6.-%C4%8Cepiec-dienko-Litava-druh%C3%A1-pol.-20.-stor.-p%C3%B4vodn%C3%BD-vlastn%C3%ADk-nezn%C3%A1my-scaled.jpg?w=1600&amp;ssl=1 1600w, https:\/\/i0.wp.com\/www.atelier-reklama.sk\/blog\/wp-content\/uploads\/2023\/03\/6.-%C4%8Cepiec-dienko-Litava-druh%C3%A1-pol.-20.-stor.-p%C3%B4vodn%C3%BD-vlastn%C3%ADk-nezn%C3%A1my-scaled.jpg?w=2400&amp;ssl=1 2400w\" sizes=\"auto, (max-width: 800px) 100vw, 800px\" \/><\/figure>\n\n\n\n<figure class=\"wp-block-image size-large\"><img data-recalc-dims=\"1\" loading=\"lazy\" decoding=\"async\" width=\"800\" height=\"566\" data-attachment-id=\"12607\" data-permalink=\"https:\/\/www.atelier-reklama.sk\/blog\/moj-krekacsky-kroj-a-jeho-prekreslene-vzory-spolu\/6-cepiec-vzor-litava-asi-pol-20-stor_-povodny-vlastnik-neznamy\/\" data-orig-file=\"https:\/\/i0.wp.com\/www.atelier-reklama.sk\/blog\/wp-content\/uploads\/2023\/03\/6.-%C4%8Depiec-vzor-Litava-asi-pol.-20.stor_.-p%C3%B4vodn%C3%BD-vlastn%C3%ADk-nezn%C3%A1my-scaled.jpg?fit=2560%2C1810&amp;ssl=1\" data-orig-size=\"2560,1810\" data-comments-opened=\"1\" data-image-meta=\"{&quot;aperture&quot;:&quot;0&quot;,&quot;credit&quot;:&quot;&quot;,&quot;camera&quot;:&quot;&quot;,&quot;caption&quot;:&quot;&quot;,&quot;created_timestamp&quot;:&quot;0&quot;,&quot;copyright&quot;:&quot;&quot;,&quot;focal_length&quot;:&quot;0&quot;,&quot;iso&quot;:&quot;0&quot;,&quot;shutter_speed&quot;:&quot;0&quot;,&quot;title&quot;:&quot;&quot;,&quot;orientation&quot;:&quot;0&quot;}\" data-image-title=\"6.-\u010depiec-vzor-Litava-asi-pol.-20.stor_.-p\u00f4vodn\u00fd-vlastn\u00edk-nezn\u00e1my\" data-image-description=\"\" data-image-caption=\"\" data-medium-file=\"https:\/\/i0.wp.com\/www.atelier-reklama.sk\/blog\/wp-content\/uploads\/2023\/03\/6.-%C4%8Depiec-vzor-Litava-asi-pol.-20.stor_.-p%C3%B4vodn%C3%BD-vlastn%C3%ADk-nezn%C3%A1my-scaled.jpg?fit=300%2C212&amp;ssl=1\" data-large-file=\"https:\/\/i0.wp.com\/www.atelier-reklama.sk\/blog\/wp-content\/uploads\/2023\/03\/6.-%C4%8Depiec-vzor-Litava-asi-pol.-20.stor_.-p%C3%B4vodn%C3%BD-vlastn%C3%ADk-nezn%C3%A1my-scaled.jpg?fit=800%2C566&amp;ssl=1\" src=\"https:\/\/i0.wp.com\/www.atelier-reklama.sk\/blog\/wp-content\/uploads\/2023\/03\/6.-%C4%8Depiec-vzor-Litava-asi-pol.-20.stor_.-p%C3%B4vodn%C3%BD-vlastn%C3%ADk-nezn%C3%A1my.jpg?resize=800%2C566&#038;ssl=1\" alt=\"\" class=\"wp-image-12607\" srcset=\"https:\/\/i0.wp.com\/www.atelier-reklama.sk\/blog\/wp-content\/uploads\/2023\/03\/6.-%C4%8Depiec-vzor-Litava-asi-pol.-20.stor_.-p%C3%B4vodn%C3%BD-vlastn%C3%ADk-nezn%C3%A1my-scaled.jpg?resize=1024%2C724&amp;ssl=1 1024w, https:\/\/i0.wp.com\/www.atelier-reklama.sk\/blog\/wp-content\/uploads\/2023\/03\/6.-%C4%8Depiec-vzor-Litava-asi-pol.-20.stor_.-p%C3%B4vodn%C3%BD-vlastn%C3%ADk-nezn%C3%A1my-scaled.jpg?resize=300%2C212&amp;ssl=1 300w, https:\/\/i0.wp.com\/www.atelier-reklama.sk\/blog\/wp-content\/uploads\/2023\/03\/6.-%C4%8Depiec-vzor-Litava-asi-pol.-20.stor_.-p%C3%B4vodn%C3%BD-vlastn%C3%ADk-nezn%C3%A1my-scaled.jpg?resize=768%2C543&amp;ssl=1 768w, https:\/\/i0.wp.com\/www.atelier-reklama.sk\/blog\/wp-content\/uploads\/2023\/03\/6.-%C4%8Depiec-vzor-Litava-asi-pol.-20.stor_.-p%C3%B4vodn%C3%BD-vlastn%C3%ADk-nezn%C3%A1my-scaled.jpg?resize=1536%2C1086&amp;ssl=1 1536w, https:\/\/i0.wp.com\/www.atelier-reklama.sk\/blog\/wp-content\/uploads\/2023\/03\/6.-%C4%8Depiec-vzor-Litava-asi-pol.-20.stor_.-p%C3%B4vodn%C3%BD-vlastn%C3%ADk-nezn%C3%A1my-scaled.jpg?resize=2048%2C1448&amp;ssl=1 2048w, https:\/\/i0.wp.com\/www.atelier-reklama.sk\/blog\/wp-content\/uploads\/2023\/03\/6.-%C4%8Depiec-vzor-Litava-asi-pol.-20.stor_.-p%C3%B4vodn%C3%BD-vlastn%C3%ADk-nezn%C3%A1my-scaled.jpg?w=1600&amp;ssl=1 1600w, https:\/\/i0.wp.com\/www.atelier-reklama.sk\/blog\/wp-content\/uploads\/2023\/03\/6.-%C4%8Depiec-vzor-Litava-asi-pol.-20.stor_.-p%C3%B4vodn%C3%BD-vlastn%C3%ADk-nezn%C3%A1my-scaled.jpg?w=2400&amp;ssl=1 2400w\" sizes=\"auto, (max-width: 800px) 100vw, 800px\" \/><\/figure>\n\n\n\n<figure class=\"wp-block-image size-large\"><img data-recalc-dims=\"1\" loading=\"lazy\" decoding=\"async\" width=\"800\" height=\"616\" data-attachment-id=\"12608\" data-permalink=\"https:\/\/www.atelier-reklama.sk\/blog\/moj-krekacsky-kroj-a-jeho-prekreslene-vzory-spolu\/6-cepiec-prednicka-litava-druha-pol-20-stor-povodny-vlastnik-neznamy\/\" data-orig-file=\"https:\/\/i0.wp.com\/www.atelier-reklama.sk\/blog\/wp-content\/uploads\/2023\/03\/6.-%C4%8Cepiec-predni%C4%8Dka-Litava-druh%C3%A1-pol.-20.-stor.-p%C3%B4vodn%C3%BD-vlastn%C3%ADk-nezn%C3%A1my-scaled.jpg?fit=2560%2C1971&amp;ssl=1\" data-orig-size=\"2560,1971\" data-comments-opened=\"1\" data-image-meta=\"{&quot;aperture&quot;:&quot;2&quot;,&quot;credit&quot;:&quot;&quot;,&quot;camera&quot;:&quot;SM-A125F&quot;,&quot;caption&quot;:&quot;&quot;,&quot;created_timestamp&quot;:&quot;1678010549&quot;,&quot;copyright&quot;:&quot;&quot;,&quot;focal_length&quot;:&quot;4.6&quot;,&quot;iso&quot;:&quot;100&quot;,&quot;shutter_speed&quot;:&quot;0.0199&quot;,&quot;title&quot;:&quot;&quot;,&quot;orientation&quot;:&quot;1&quot;}\" data-image-title=\"6.-\u010cepiec-predni\u010dka-Litava-druh\u00e1-pol.-20.-stor.-p\u00f4vodn\u00fd-vlastn\u00edk-nezn\u00e1my\" data-image-description=\"\" data-image-caption=\"\" data-medium-file=\"https:\/\/i0.wp.com\/www.atelier-reklama.sk\/blog\/wp-content\/uploads\/2023\/03\/6.-%C4%8Cepiec-predni%C4%8Dka-Litava-druh%C3%A1-pol.-20.-stor.-p%C3%B4vodn%C3%BD-vlastn%C3%ADk-nezn%C3%A1my-scaled.jpg?fit=300%2C231&amp;ssl=1\" data-large-file=\"https:\/\/i0.wp.com\/www.atelier-reklama.sk\/blog\/wp-content\/uploads\/2023\/03\/6.-%C4%8Cepiec-predni%C4%8Dka-Litava-druh%C3%A1-pol.-20.-stor.-p%C3%B4vodn%C3%BD-vlastn%C3%ADk-nezn%C3%A1my-scaled.jpg?fit=800%2C616&amp;ssl=1\" src=\"https:\/\/i0.wp.com\/www.atelier-reklama.sk\/blog\/wp-content\/uploads\/2023\/03\/6.-%C4%8Cepiec-predni%C4%8Dka-Litava-druh%C3%A1-pol.-20.-stor.-p%C3%B4vodn%C3%BD-vlastn%C3%ADk-nezn%C3%A1my.jpg?resize=800%2C616&#038;ssl=1\" alt=\"\" class=\"wp-image-12608\" srcset=\"https:\/\/i0.wp.com\/www.atelier-reklama.sk\/blog\/wp-content\/uploads\/2023\/03\/6.-%C4%8Cepiec-predni%C4%8Dka-Litava-druh%C3%A1-pol.-20.-stor.-p%C3%B4vodn%C3%BD-vlastn%C3%ADk-nezn%C3%A1my-scaled.jpg?resize=1024%2C788&amp;ssl=1 1024w, https:\/\/i0.wp.com\/www.atelier-reklama.sk\/blog\/wp-content\/uploads\/2023\/03\/6.-%C4%8Cepiec-predni%C4%8Dka-Litava-druh%C3%A1-pol.-20.-stor.-p%C3%B4vodn%C3%BD-vlastn%C3%ADk-nezn%C3%A1my-scaled.jpg?resize=300%2C231&amp;ssl=1 300w, https:\/\/i0.wp.com\/www.atelier-reklama.sk\/blog\/wp-content\/uploads\/2023\/03\/6.-%C4%8Cepiec-predni%C4%8Dka-Litava-druh%C3%A1-pol.-20.-stor.-p%C3%B4vodn%C3%BD-vlastn%C3%ADk-nezn%C3%A1my-scaled.jpg?resize=768%2C591&amp;ssl=1 768w, https:\/\/i0.wp.com\/www.atelier-reklama.sk\/blog\/wp-content\/uploads\/2023\/03\/6.-%C4%8Cepiec-predni%C4%8Dka-Litava-druh%C3%A1-pol.-20.-stor.-p%C3%B4vodn%C3%BD-vlastn%C3%ADk-nezn%C3%A1my-scaled.jpg?resize=1536%2C1183&amp;ssl=1 1536w, https:\/\/i0.wp.com\/www.atelier-reklama.sk\/blog\/wp-content\/uploads\/2023\/03\/6.-%C4%8Cepiec-predni%C4%8Dka-Litava-druh%C3%A1-pol.-20.-stor.-p%C3%B4vodn%C3%BD-vlastn%C3%ADk-nezn%C3%A1my-scaled.jpg?resize=2048%2C1577&amp;ssl=1 2048w, https:\/\/i0.wp.com\/www.atelier-reklama.sk\/blog\/wp-content\/uploads\/2023\/03\/6.-%C4%8Cepiec-predni%C4%8Dka-Litava-druh%C3%A1-pol.-20.-stor.-p%C3%B4vodn%C3%BD-vlastn%C3%ADk-nezn%C3%A1my-scaled.jpg?w=1600&amp;ssl=1 1600w, https:\/\/i0.wp.com\/www.atelier-reklama.sk\/blog\/wp-content\/uploads\/2023\/03\/6.-%C4%8Cepiec-predni%C4%8Dka-Litava-druh%C3%A1-pol.-20.-stor.-p%C3%B4vodn%C3%BD-vlastn%C3%ADk-nezn%C3%A1my-scaled.jpg?w=2400&amp;ssl=1 2400w\" sizes=\"auto, (max-width: 800px) 100vw, 800px\" \/><\/figure>\n\n\n\n<h2 class=\"wp-block-heading has-text-align-center\">\u010cepce z okolia Bzov\u00edka, Senohradu<\/h2>\n\n\n\n<p>\u010cepiec z Litavy<\/p>\n\n\n\n<figure class=\"wp-block-image size-large\"><img data-recalc-dims=\"1\" loading=\"lazy\" decoding=\"async\" width=\"800\" height=\"440\" data-attachment-id=\"12614\" data-permalink=\"https:\/\/www.atelier-reklama.sk\/blog\/moj-krekacsky-kroj-a-jeho-prekreslene-vzory-spolu\/7-cepiec-spredu\/\" data-orig-file=\"https:\/\/i0.wp.com\/www.atelier-reklama.sk\/blog\/wp-content\/uploads\/2023\/03\/7.-%C4%8Depiec-spredu-scaled.jpg?fit=2560%2C1407&amp;ssl=1\" data-orig-size=\"2560,1407\" data-comments-opened=\"1\" data-image-meta=\"{&quot;aperture&quot;:&quot;2&quot;,&quot;credit&quot;:&quot;&quot;,&quot;camera&quot;:&quot;SM-A125F&quot;,&quot;caption&quot;:&quot;&quot;,&quot;created_timestamp&quot;:&quot;1678010368&quot;,&quot;copyright&quot;:&quot;&quot;,&quot;focal_length&quot;:&quot;4.6&quot;,&quot;iso&quot;:&quot;64&quot;,&quot;shutter_speed&quot;:&quot;0.0199&quot;,&quot;title&quot;:&quot;&quot;,&quot;orientation&quot;:&quot;1&quot;}\" data-image-title=\"7.-\u010depiec-spredu\" data-image-description=\"\" data-image-caption=\"\" data-medium-file=\"https:\/\/i0.wp.com\/www.atelier-reklama.sk\/blog\/wp-content\/uploads\/2023\/03\/7.-%C4%8Depiec-spredu-scaled.jpg?fit=300%2C165&amp;ssl=1\" data-large-file=\"https:\/\/i0.wp.com\/www.atelier-reklama.sk\/blog\/wp-content\/uploads\/2023\/03\/7.-%C4%8Depiec-spredu-scaled.jpg?fit=800%2C440&amp;ssl=1\" src=\"https:\/\/i0.wp.com\/www.atelier-reklama.sk\/blog\/wp-content\/uploads\/2023\/03\/7.-%C4%8Depiec-spredu.jpg?resize=800%2C440&#038;ssl=1\" alt=\"\" class=\"wp-image-12614\" srcset=\"https:\/\/i0.wp.com\/www.atelier-reklama.sk\/blog\/wp-content\/uploads\/2023\/03\/7.-%C4%8Depiec-spredu-scaled.jpg?resize=1024%2C563&amp;ssl=1 1024w, https:\/\/i0.wp.com\/www.atelier-reklama.sk\/blog\/wp-content\/uploads\/2023\/03\/7.-%C4%8Depiec-spredu-scaled.jpg?resize=300%2C165&amp;ssl=1 300w, https:\/\/i0.wp.com\/www.atelier-reklama.sk\/blog\/wp-content\/uploads\/2023\/03\/7.-%C4%8Depiec-spredu-scaled.jpg?resize=768%2C422&amp;ssl=1 768w, https:\/\/i0.wp.com\/www.atelier-reklama.sk\/blog\/wp-content\/uploads\/2023\/03\/7.-%C4%8Depiec-spredu-scaled.jpg?resize=1536%2C844&amp;ssl=1 1536w, https:\/\/i0.wp.com\/www.atelier-reklama.sk\/blog\/wp-content\/uploads\/2023\/03\/7.-%C4%8Depiec-spredu-scaled.jpg?resize=2048%2C1126&amp;ssl=1 2048w, https:\/\/i0.wp.com\/www.atelier-reklama.sk\/blog\/wp-content\/uploads\/2023\/03\/7.-%C4%8Depiec-spredu-scaled.jpg?w=1600&amp;ssl=1 1600w, https:\/\/i0.wp.com\/www.atelier-reklama.sk\/blog\/wp-content\/uploads\/2023\/03\/7.-%C4%8Depiec-spredu-scaled.jpg?w=2400&amp;ssl=1 2400w\" sizes=\"auto, (max-width: 800px) 100vw, 800px\" \/><\/figure>\n\n\n\n<figure class=\"wp-block-image size-large\"><img data-recalc-dims=\"1\" loading=\"lazy\" decoding=\"async\" width=\"800\" height=\"395\" data-attachment-id=\"12613\" data-permalink=\"https:\/\/www.atelier-reklama.sk\/blog\/moj-krekacsky-kroj-a-jeho-prekreslene-vzory-spolu\/7-cepiec-zozadu\/\" data-orig-file=\"https:\/\/i0.wp.com\/www.atelier-reklama.sk\/blog\/wp-content\/uploads\/2023\/03\/7.-%C4%8Depiec-zozadu-scaled.jpg?fit=2560%2C1266&amp;ssl=1\" data-orig-size=\"2560,1266\" data-comments-opened=\"1\" data-image-meta=\"{&quot;aperture&quot;:&quot;2&quot;,&quot;credit&quot;:&quot;&quot;,&quot;camera&quot;:&quot;SM-A125F&quot;,&quot;caption&quot;:&quot;&quot;,&quot;created_timestamp&quot;:&quot;1678010390&quot;,&quot;copyright&quot;:&quot;&quot;,&quot;focal_length&quot;:&quot;4.6&quot;,&quot;iso&quot;:&quot;100&quot;,&quot;shutter_speed&quot;:&quot;0.02&quot;,&quot;title&quot;:&quot;&quot;,&quot;orientation&quot;:&quot;1&quot;}\" data-image-title=\"7.-\u010depiec-zozadu\" data-image-description=\"\" data-image-caption=\"\" data-medium-file=\"https:\/\/i0.wp.com\/www.atelier-reklama.sk\/blog\/wp-content\/uploads\/2023\/03\/7.-%C4%8Depiec-zozadu-scaled.jpg?fit=300%2C148&amp;ssl=1\" data-large-file=\"https:\/\/i0.wp.com\/www.atelier-reklama.sk\/blog\/wp-content\/uploads\/2023\/03\/7.-%C4%8Depiec-zozadu-scaled.jpg?fit=800%2C395&amp;ssl=1\" src=\"https:\/\/i0.wp.com\/www.atelier-reklama.sk\/blog\/wp-content\/uploads\/2023\/03\/7.-%C4%8Depiec-zozadu.jpg?resize=800%2C395&#038;ssl=1\" alt=\"\" class=\"wp-image-12613\" srcset=\"https:\/\/i0.wp.com\/www.atelier-reklama.sk\/blog\/wp-content\/uploads\/2023\/03\/7.-%C4%8Depiec-zozadu-scaled.jpg?resize=1024%2C506&amp;ssl=1 1024w, https:\/\/i0.wp.com\/www.atelier-reklama.sk\/blog\/wp-content\/uploads\/2023\/03\/7.-%C4%8Depiec-zozadu-scaled.jpg?resize=300%2C148&amp;ssl=1 300w, https:\/\/i0.wp.com\/www.atelier-reklama.sk\/blog\/wp-content\/uploads\/2023\/03\/7.-%C4%8Depiec-zozadu-scaled.jpg?resize=768%2C380&amp;ssl=1 768w, https:\/\/i0.wp.com\/www.atelier-reklama.sk\/blog\/wp-content\/uploads\/2023\/03\/7.-%C4%8Depiec-zozadu-scaled.jpg?resize=1536%2C760&amp;ssl=1 1536w, https:\/\/i0.wp.com\/www.atelier-reklama.sk\/blog\/wp-content\/uploads\/2023\/03\/7.-%C4%8Depiec-zozadu-scaled.jpg?resize=2048%2C1013&amp;ssl=1 2048w, https:\/\/i0.wp.com\/www.atelier-reklama.sk\/blog\/wp-content\/uploads\/2023\/03\/7.-%C4%8Depiec-zozadu-scaled.jpg?w=1600&amp;ssl=1 1600w, https:\/\/i0.wp.com\/www.atelier-reklama.sk\/blog\/wp-content\/uploads\/2023\/03\/7.-%C4%8Depiec-zozadu-scaled.jpg?w=2400&amp;ssl=1 2400w\" sizes=\"auto, (max-width: 800px) 100vw, 800px\" \/><\/figure>\n\n\n\n<figure class=\"wp-block-image size-large\"><img data-recalc-dims=\"1\" loading=\"lazy\" decoding=\"async\" width=\"800\" height=\"606\" data-attachment-id=\"12612\" data-permalink=\"https:\/\/www.atelier-reklama.sk\/blog\/moj-krekacsky-kroj-a-jeho-prekreslene-vzory-spolu\/7-cepiec-prednicka\/\" data-orig-file=\"https:\/\/i0.wp.com\/www.atelier-reklama.sk\/blog\/wp-content\/uploads\/2023\/03\/7.-%C4%8Depiec-predni%C4%8Dka-scaled.jpg?fit=2560%2C1940&amp;ssl=1\" data-orig-size=\"2560,1940\" data-comments-opened=\"1\" data-image-meta=\"{&quot;aperture&quot;:&quot;2&quot;,&quot;credit&quot;:&quot;&quot;,&quot;camera&quot;:&quot;SM-A125F&quot;,&quot;caption&quot;:&quot;&quot;,&quot;created_timestamp&quot;:&quot;1678010376&quot;,&quot;copyright&quot;:&quot;&quot;,&quot;focal_length&quot;:&quot;4.6&quot;,&quot;iso&quot;:&quot;80&quot;,&quot;shutter_speed&quot;:&quot;0.0199&quot;,&quot;title&quot;:&quot;&quot;,&quot;orientation&quot;:&quot;1&quot;}\" data-image-title=\"7.-\u010depiec-predni\u010dka\" data-image-description=\"\" data-image-caption=\"\" data-medium-file=\"https:\/\/i0.wp.com\/www.atelier-reklama.sk\/blog\/wp-content\/uploads\/2023\/03\/7.-%C4%8Depiec-predni%C4%8Dka-scaled.jpg?fit=300%2C227&amp;ssl=1\" data-large-file=\"https:\/\/i0.wp.com\/www.atelier-reklama.sk\/blog\/wp-content\/uploads\/2023\/03\/7.-%C4%8Depiec-predni%C4%8Dka-scaled.jpg?fit=800%2C606&amp;ssl=1\" src=\"https:\/\/i0.wp.com\/www.atelier-reklama.sk\/blog\/wp-content\/uploads\/2023\/03\/7.-%C4%8Depiec-predni%C4%8Dka.jpg?resize=800%2C606&#038;ssl=1\" alt=\"\" class=\"wp-image-12612\" srcset=\"https:\/\/i0.wp.com\/www.atelier-reklama.sk\/blog\/wp-content\/uploads\/2023\/03\/7.-%C4%8Depiec-predni%C4%8Dka-scaled.jpg?resize=1024%2C776&amp;ssl=1 1024w, https:\/\/i0.wp.com\/www.atelier-reklama.sk\/blog\/wp-content\/uploads\/2023\/03\/7.-%C4%8Depiec-predni%C4%8Dka-scaled.jpg?resize=300%2C227&amp;ssl=1 300w, https:\/\/i0.wp.com\/www.atelier-reklama.sk\/blog\/wp-content\/uploads\/2023\/03\/7.-%C4%8Depiec-predni%C4%8Dka-scaled.jpg?resize=768%2C582&amp;ssl=1 768w, https:\/\/i0.wp.com\/www.atelier-reklama.sk\/blog\/wp-content\/uploads\/2023\/03\/7.-%C4%8Depiec-predni%C4%8Dka-scaled.jpg?resize=1536%2C1164&amp;ssl=1 1536w, https:\/\/i0.wp.com\/www.atelier-reklama.sk\/blog\/wp-content\/uploads\/2023\/03\/7.-%C4%8Depiec-predni%C4%8Dka-scaled.jpg?resize=2048%2C1552&amp;ssl=1 2048w, https:\/\/i0.wp.com\/www.atelier-reklama.sk\/blog\/wp-content\/uploads\/2023\/03\/7.-%C4%8Depiec-predni%C4%8Dka-scaled.jpg?w=1600&amp;ssl=1 1600w, https:\/\/i0.wp.com\/www.atelier-reklama.sk\/blog\/wp-content\/uploads\/2023\/03\/7.-%C4%8Depiec-predni%C4%8Dka-scaled.jpg?w=2400&amp;ssl=1 2400w\" sizes=\"auto, (max-width: 800px) 100vw, 800px\" \/><\/figure>\n\n\n\n<p>\u010cepiec z okolia Bzov\u00edka <\/p>\n\n\n\n<figure class=\"wp-block-image size-large\"><img data-recalc-dims=\"1\" loading=\"lazy\" decoding=\"async\" width=\"800\" height=\"425\" data-attachment-id=\"12615\" data-permalink=\"https:\/\/www.atelier-reklama.sk\/blog\/moj-krekacsky-kroj-a-jeho-prekreslene-vzory-spolu\/8-cepiec-spredu-okolie-bzovika\/\" data-orig-file=\"https:\/\/i0.wp.com\/www.atelier-reklama.sk\/blog\/wp-content\/uploads\/2023\/03\/8.-%C4%8Cepiec-spredu-okolie-Bzov%C3%ADka-scaled.jpg?fit=2560%2C1359&amp;ssl=1\" data-orig-size=\"2560,1359\" data-comments-opened=\"1\" data-image-meta=\"{&quot;aperture&quot;:&quot;2&quot;,&quot;credit&quot;:&quot;&quot;,&quot;camera&quot;:&quot;SM-A125F&quot;,&quot;caption&quot;:&quot;&quot;,&quot;created_timestamp&quot;:&quot;1678010865&quot;,&quot;copyright&quot;:&quot;&quot;,&quot;focal_length&quot;:&quot;4.6&quot;,&quot;iso&quot;:&quot;80&quot;,&quot;shutter_speed&quot;:&quot;0.0199&quot;,&quot;title&quot;:&quot;&quot;,&quot;orientation&quot;:&quot;1&quot;}\" data-image-title=\"8.-\u010cepiec-spredu-okolie-Bzov\u00edka\" data-image-description=\"\" data-image-caption=\"\" data-medium-file=\"https:\/\/i0.wp.com\/www.atelier-reklama.sk\/blog\/wp-content\/uploads\/2023\/03\/8.-%C4%8Cepiec-spredu-okolie-Bzov%C3%ADka-scaled.jpg?fit=300%2C159&amp;ssl=1\" data-large-file=\"https:\/\/i0.wp.com\/www.atelier-reklama.sk\/blog\/wp-content\/uploads\/2023\/03\/8.-%C4%8Cepiec-spredu-okolie-Bzov%C3%ADka-scaled.jpg?fit=800%2C425&amp;ssl=1\" src=\"https:\/\/i0.wp.com\/www.atelier-reklama.sk\/blog\/wp-content\/uploads\/2023\/03\/8.-%C4%8Cepiec-spredu-okolie-Bzov%C3%ADka.jpg?resize=800%2C425&#038;ssl=1\" alt=\"\" class=\"wp-image-12615\" srcset=\"https:\/\/i0.wp.com\/www.atelier-reklama.sk\/blog\/wp-content\/uploads\/2023\/03\/8.-%C4%8Cepiec-spredu-okolie-Bzov%C3%ADka-scaled.jpg?resize=1024%2C544&amp;ssl=1 1024w, https:\/\/i0.wp.com\/www.atelier-reklama.sk\/blog\/wp-content\/uploads\/2023\/03\/8.-%C4%8Cepiec-spredu-okolie-Bzov%C3%ADka-scaled.jpg?resize=300%2C159&amp;ssl=1 300w, https:\/\/i0.wp.com\/www.atelier-reklama.sk\/blog\/wp-content\/uploads\/2023\/03\/8.-%C4%8Cepiec-spredu-okolie-Bzov%C3%ADka-scaled.jpg?resize=768%2C408&amp;ssl=1 768w, https:\/\/i0.wp.com\/www.atelier-reklama.sk\/blog\/wp-content\/uploads\/2023\/03\/8.-%C4%8Cepiec-spredu-okolie-Bzov%C3%ADka-scaled.jpg?resize=1536%2C816&amp;ssl=1 1536w, https:\/\/i0.wp.com\/www.atelier-reklama.sk\/blog\/wp-content\/uploads\/2023\/03\/8.-%C4%8Cepiec-spredu-okolie-Bzov%C3%ADka-scaled.jpg?resize=2048%2C1087&amp;ssl=1 2048w, https:\/\/i0.wp.com\/www.atelier-reklama.sk\/blog\/wp-content\/uploads\/2023\/03\/8.-%C4%8Cepiec-spredu-okolie-Bzov%C3%ADka-scaled.jpg?w=1600&amp;ssl=1 1600w, https:\/\/i0.wp.com\/www.atelier-reklama.sk\/blog\/wp-content\/uploads\/2023\/03\/8.-%C4%8Cepiec-spredu-okolie-Bzov%C3%ADka-scaled.jpg?w=2400&amp;ssl=1 2400w\" sizes=\"auto, (max-width: 800px) 100vw, 800px\" \/><\/figure>\n\n\n\n<figure class=\"wp-block-image size-large\"><img data-recalc-dims=\"1\" loading=\"lazy\" decoding=\"async\" width=\"800\" height=\"421\" data-attachment-id=\"12616\" data-permalink=\"https:\/\/www.atelier-reklama.sk\/blog\/moj-krekacsky-kroj-a-jeho-prekreslene-vzory-spolu\/8-cepiec-dienko-okolie-bzovika\/\" data-orig-file=\"https:\/\/i0.wp.com\/www.atelier-reklama.sk\/blog\/wp-content\/uploads\/2023\/03\/8.-%C4%8Cepiec-dienko-okolie-Bzov%C3%ADka-scaled.jpg?fit=2560%2C1347&amp;ssl=1\" data-orig-size=\"2560,1347\" data-comments-opened=\"1\" data-image-meta=\"{&quot;aperture&quot;:&quot;2&quot;,&quot;credit&quot;:&quot;&quot;,&quot;camera&quot;:&quot;SM-A125F&quot;,&quot;caption&quot;:&quot;&quot;,&quot;created_timestamp&quot;:&quot;1678010883&quot;,&quot;copyright&quot;:&quot;&quot;,&quot;focal_length&quot;:&quot;4.6&quot;,&quot;iso&quot;:&quot;100&quot;,&quot;shutter_speed&quot;:&quot;0.0199&quot;,&quot;title&quot;:&quot;&quot;,&quot;orientation&quot;:&quot;1&quot;}\" data-image-title=\"8.-\u010cepiec-dienko-okolie-Bzov\u00edka\" data-image-description=\"\" data-image-caption=\"\" data-medium-file=\"https:\/\/i0.wp.com\/www.atelier-reklama.sk\/blog\/wp-content\/uploads\/2023\/03\/8.-%C4%8Cepiec-dienko-okolie-Bzov%C3%ADka-scaled.jpg?fit=300%2C158&amp;ssl=1\" data-large-file=\"https:\/\/i0.wp.com\/www.atelier-reklama.sk\/blog\/wp-content\/uploads\/2023\/03\/8.-%C4%8Cepiec-dienko-okolie-Bzov%C3%ADka-scaled.jpg?fit=800%2C421&amp;ssl=1\" src=\"https:\/\/i0.wp.com\/www.atelier-reklama.sk\/blog\/wp-content\/uploads\/2023\/03\/8.-%C4%8Cepiec-dienko-okolie-Bzov%C3%ADka.jpg?resize=800%2C421&#038;ssl=1\" alt=\"\" class=\"wp-image-12616\" srcset=\"https:\/\/i0.wp.com\/www.atelier-reklama.sk\/blog\/wp-content\/uploads\/2023\/03\/8.-%C4%8Cepiec-dienko-okolie-Bzov%C3%ADka-scaled.jpg?resize=1024%2C539&amp;ssl=1 1024w, https:\/\/i0.wp.com\/www.atelier-reklama.sk\/blog\/wp-content\/uploads\/2023\/03\/8.-%C4%8Cepiec-dienko-okolie-Bzov%C3%ADka-scaled.jpg?resize=300%2C158&amp;ssl=1 300w, https:\/\/i0.wp.com\/www.atelier-reklama.sk\/blog\/wp-content\/uploads\/2023\/03\/8.-%C4%8Cepiec-dienko-okolie-Bzov%C3%ADka-scaled.jpg?resize=768%2C404&amp;ssl=1 768w, https:\/\/i0.wp.com\/www.atelier-reklama.sk\/blog\/wp-content\/uploads\/2023\/03\/8.-%C4%8Cepiec-dienko-okolie-Bzov%C3%ADka-scaled.jpg?resize=1536%2C808&amp;ssl=1 1536w, https:\/\/i0.wp.com\/www.atelier-reklama.sk\/blog\/wp-content\/uploads\/2023\/03\/8.-%C4%8Cepiec-dienko-okolie-Bzov%C3%ADka-scaled.jpg?resize=2048%2C1078&amp;ssl=1 2048w, https:\/\/i0.wp.com\/www.atelier-reklama.sk\/blog\/wp-content\/uploads\/2023\/03\/8.-%C4%8Cepiec-dienko-okolie-Bzov%C3%ADka-scaled.jpg?resize=390%2C205&amp;ssl=1 390w, https:\/\/i0.wp.com\/www.atelier-reklama.sk\/blog\/wp-content\/uploads\/2023\/03\/8.-%C4%8Cepiec-dienko-okolie-Bzov%C3%ADka-scaled.jpg?w=1600&amp;ssl=1 1600w, https:\/\/i0.wp.com\/www.atelier-reklama.sk\/blog\/wp-content\/uploads\/2023\/03\/8.-%C4%8Cepiec-dienko-okolie-Bzov%C3%ADka-scaled.jpg?w=2400&amp;ssl=1 2400w\" sizes=\"auto, (max-width: 800px) 100vw, 800px\" \/><\/figure>\n\n\n\n<p>\u010cepiec, zo Senohradu<\/p>\n\n\n\n<figure class=\"wp-block-image size-large\"><img data-recalc-dims=\"1\" loading=\"lazy\" decoding=\"async\" width=\"800\" height=\"425\" data-attachment-id=\"12618\" data-permalink=\"https:\/\/www.atelier-reklama.sk\/blog\/moj-krekacsky-kroj-a-jeho-prekreslene-vzory-spolu\/9-cepiec-prednicka-senohrad-povodny-vlastnik-neznamy\/\" data-orig-file=\"https:\/\/i0.wp.com\/www.atelier-reklama.sk\/blog\/wp-content\/uploads\/2023\/03\/9.-%C4%8Cepiec-predni%C4%8Dka-Senohrad-p%C3%B4vodn%C3%BD-vlastn%C3%ADk-nezn%C3%A1my-scaled.jpg?fit=2560%2C1360&amp;ssl=1\" data-orig-size=\"2560,1360\" data-comments-opened=\"1\" data-image-meta=\"{&quot;aperture&quot;:&quot;2&quot;,&quot;credit&quot;:&quot;&quot;,&quot;camera&quot;:&quot;SM-A125F&quot;,&quot;caption&quot;:&quot;&quot;,&quot;created_timestamp&quot;:&quot;1678010261&quot;,&quot;copyright&quot;:&quot;&quot;,&quot;focal_length&quot;:&quot;4.6&quot;,&quot;iso&quot;:&quot;50&quot;,&quot;shutter_speed&quot;:&quot;0.0199&quot;,&quot;title&quot;:&quot;&quot;,&quot;orientation&quot;:&quot;1&quot;}\" data-image-title=\"9.-\u010cepiec-predni\u010dka-Senohrad-p\u00f4vodn\u00fd-vlastn\u00edk-nezn\u00e1my\" data-image-description=\"\" data-image-caption=\"\" data-medium-file=\"https:\/\/i0.wp.com\/www.atelier-reklama.sk\/blog\/wp-content\/uploads\/2023\/03\/9.-%C4%8Cepiec-predni%C4%8Dka-Senohrad-p%C3%B4vodn%C3%BD-vlastn%C3%ADk-nezn%C3%A1my-scaled.jpg?fit=300%2C159&amp;ssl=1\" data-large-file=\"https:\/\/i0.wp.com\/www.atelier-reklama.sk\/blog\/wp-content\/uploads\/2023\/03\/9.-%C4%8Cepiec-predni%C4%8Dka-Senohrad-p%C3%B4vodn%C3%BD-vlastn%C3%ADk-nezn%C3%A1my-scaled.jpg?fit=800%2C425&amp;ssl=1\" src=\"https:\/\/i0.wp.com\/www.atelier-reklama.sk\/blog\/wp-content\/uploads\/2023\/03\/9.-%C4%8Cepiec-predni%C4%8Dka-Senohrad-p%C3%B4vodn%C3%BD-vlastn%C3%ADk-nezn%C3%A1my.jpg?resize=800%2C425&#038;ssl=1\" alt=\"\" class=\"wp-image-12618\" srcset=\"https:\/\/i0.wp.com\/www.atelier-reklama.sk\/blog\/wp-content\/uploads\/2023\/03\/9.-%C4%8Cepiec-predni%C4%8Dka-Senohrad-p%C3%B4vodn%C3%BD-vlastn%C3%ADk-nezn%C3%A1my-scaled.jpg?resize=1024%2C544&amp;ssl=1 1024w, https:\/\/i0.wp.com\/www.atelier-reklama.sk\/blog\/wp-content\/uploads\/2023\/03\/9.-%C4%8Cepiec-predni%C4%8Dka-Senohrad-p%C3%B4vodn%C3%BD-vlastn%C3%ADk-nezn%C3%A1my-scaled.jpg?resize=300%2C159&amp;ssl=1 300w, https:\/\/i0.wp.com\/www.atelier-reklama.sk\/blog\/wp-content\/uploads\/2023\/03\/9.-%C4%8Cepiec-predni%C4%8Dka-Senohrad-p%C3%B4vodn%C3%BD-vlastn%C3%ADk-nezn%C3%A1my-scaled.jpg?resize=768%2C408&amp;ssl=1 768w, https:\/\/i0.wp.com\/www.atelier-reklama.sk\/blog\/wp-content\/uploads\/2023\/03\/9.-%C4%8Cepiec-predni%C4%8Dka-Senohrad-p%C3%B4vodn%C3%BD-vlastn%C3%ADk-nezn%C3%A1my-scaled.jpg?resize=1536%2C816&amp;ssl=1 1536w, https:\/\/i0.wp.com\/www.atelier-reklama.sk\/blog\/wp-content\/uploads\/2023\/03\/9.-%C4%8Cepiec-predni%C4%8Dka-Senohrad-p%C3%B4vodn%C3%BD-vlastn%C3%ADk-nezn%C3%A1my-scaled.jpg?resize=2048%2C1088&amp;ssl=1 2048w, https:\/\/i0.wp.com\/www.atelier-reklama.sk\/blog\/wp-content\/uploads\/2023\/03\/9.-%C4%8Cepiec-predni%C4%8Dka-Senohrad-p%C3%B4vodn%C3%BD-vlastn%C3%ADk-nezn%C3%A1my-scaled.jpg?w=1600&amp;ssl=1 1600w, https:\/\/i0.wp.com\/www.atelier-reklama.sk\/blog\/wp-content\/uploads\/2023\/03\/9.-%C4%8Cepiec-predni%C4%8Dka-Senohrad-p%C3%B4vodn%C3%BD-vlastn%C3%ADk-nezn%C3%A1my-scaled.jpg?w=2400&amp;ssl=1 2400w\" sizes=\"auto, (max-width: 800px) 100vw, 800px\" \/><\/figure>\n\n\n\n<figure class=\"wp-block-image size-large\"><img data-recalc-dims=\"1\" loading=\"lazy\" decoding=\"async\" width=\"800\" height=\"407\" data-attachment-id=\"12619\" data-permalink=\"https:\/\/www.atelier-reklama.sk\/blog\/moj-krekacsky-kroj-a-jeho-prekreslene-vzory-spolu\/9-cepiec-dienko-senohrad-povodny-vlastnik-neznamy\/\" data-orig-file=\"https:\/\/i0.wp.com\/www.atelier-reklama.sk\/blog\/wp-content\/uploads\/2023\/03\/9.-%C4%8Cepiec-dienko-Senohrad-p%C3%B4vodn%C3%BD-vlastn%C3%ADk-nezn%C3%A1my-scaled.jpg?fit=2560%2C1302&amp;ssl=1\" data-orig-size=\"2560,1302\" data-comments-opened=\"1\" data-image-meta=\"{&quot;aperture&quot;:&quot;2&quot;,&quot;credit&quot;:&quot;&quot;,&quot;camera&quot;:&quot;SM-A125F&quot;,&quot;caption&quot;:&quot;&quot;,&quot;created_timestamp&quot;:&quot;1678010282&quot;,&quot;copyright&quot;:&quot;&quot;,&quot;focal_length&quot;:&quot;4.6&quot;,&quot;iso&quot;:&quot;64&quot;,&quot;shutter_speed&quot;:&quot;0.02&quot;,&quot;title&quot;:&quot;&quot;,&quot;orientation&quot;:&quot;1&quot;}\" data-image-title=\"9.-\u010cepiec-dienko-Senohrad-p\u00f4vodn\u00fd-vlastn\u00edk-nezn\u00e1my\" data-image-description=\"\" data-image-caption=\"\" data-medium-file=\"https:\/\/i0.wp.com\/www.atelier-reklama.sk\/blog\/wp-content\/uploads\/2023\/03\/9.-%C4%8Cepiec-dienko-Senohrad-p%C3%B4vodn%C3%BD-vlastn%C3%ADk-nezn%C3%A1my-scaled.jpg?fit=300%2C153&amp;ssl=1\" data-large-file=\"https:\/\/i0.wp.com\/www.atelier-reklama.sk\/blog\/wp-content\/uploads\/2023\/03\/9.-%C4%8Cepiec-dienko-Senohrad-p%C3%B4vodn%C3%BD-vlastn%C3%ADk-nezn%C3%A1my-scaled.jpg?fit=800%2C407&amp;ssl=1\" src=\"https:\/\/i0.wp.com\/www.atelier-reklama.sk\/blog\/wp-content\/uploads\/2023\/03\/9.-%C4%8Cepiec-dienko-Senohrad-p%C3%B4vodn%C3%BD-vlastn%C3%ADk-nezn%C3%A1my.jpg?resize=800%2C407&#038;ssl=1\" alt=\"\" class=\"wp-image-12619\" srcset=\"https:\/\/i0.wp.com\/www.atelier-reklama.sk\/blog\/wp-content\/uploads\/2023\/03\/9.-%C4%8Cepiec-dienko-Senohrad-p%C3%B4vodn%C3%BD-vlastn%C3%ADk-nezn%C3%A1my-scaled.jpg?resize=1024%2C521&amp;ssl=1 1024w, https:\/\/i0.wp.com\/www.atelier-reklama.sk\/blog\/wp-content\/uploads\/2023\/03\/9.-%C4%8Cepiec-dienko-Senohrad-p%C3%B4vodn%C3%BD-vlastn%C3%ADk-nezn%C3%A1my-scaled.jpg?resize=300%2C153&amp;ssl=1 300w, https:\/\/i0.wp.com\/www.atelier-reklama.sk\/blog\/wp-content\/uploads\/2023\/03\/9.-%C4%8Cepiec-dienko-Senohrad-p%C3%B4vodn%C3%BD-vlastn%C3%ADk-nezn%C3%A1my-scaled.jpg?resize=768%2C391&amp;ssl=1 768w, https:\/\/i0.wp.com\/www.atelier-reklama.sk\/blog\/wp-content\/uploads\/2023\/03\/9.-%C4%8Cepiec-dienko-Senohrad-p%C3%B4vodn%C3%BD-vlastn%C3%ADk-nezn%C3%A1my-scaled.jpg?resize=1536%2C781&amp;ssl=1 1536w, https:\/\/i0.wp.com\/www.atelier-reklama.sk\/blog\/wp-content\/uploads\/2023\/03\/9.-%C4%8Cepiec-dienko-Senohrad-p%C3%B4vodn%C3%BD-vlastn%C3%ADk-nezn%C3%A1my-scaled.jpg?resize=2048%2C1042&amp;ssl=1 2048w, https:\/\/i0.wp.com\/www.atelier-reklama.sk\/blog\/wp-content\/uploads\/2023\/03\/9.-%C4%8Cepiec-dienko-Senohrad-p%C3%B4vodn%C3%BD-vlastn%C3%ADk-nezn%C3%A1my-scaled.jpg?w=1600&amp;ssl=1 1600w, https:\/\/i0.wp.com\/www.atelier-reklama.sk\/blog\/wp-content\/uploads\/2023\/03\/9.-%C4%8Cepiec-dienko-Senohrad-p%C3%B4vodn%C3%BD-vlastn%C3%ADk-nezn%C3%A1my-scaled.jpg?w=2400&amp;ssl=1 2400w\" sizes=\"auto, (max-width: 800px) 100vw, 800px\" \/><\/figure>\n\n\n\n<p>\u010cepiec zo Senohradu<\/p>\n\n\n\n<figure class=\"wp-block-image size-large\"><img data-recalc-dims=\"1\" loading=\"lazy\" decoding=\"async\" width=\"800\" height=\"468\" data-attachment-id=\"12620\" data-permalink=\"https:\/\/www.atelier-reklama.sk\/blog\/moj-krekacsky-kroj-a-jeho-prekreslene-vzory-spolu\/10-cepiec-senohrad-povodny-vlastnik-neznamy\/\" data-orig-file=\"https:\/\/i0.wp.com\/www.atelier-reklama.sk\/blog\/wp-content\/uploads\/2023\/03\/10.-%C4%8Cepiec-Senohrad-p%C3%B4vodn%C3%BD-vlastn%C3%ADk-nezn%C3%A1my-scaled.jpg?fit=2560%2C1497&amp;ssl=1\" data-orig-size=\"2560,1497\" data-comments-opened=\"1\" data-image-meta=\"{&quot;aperture&quot;:&quot;2&quot;,&quot;credit&quot;:&quot;&quot;,&quot;camera&quot;:&quot;SM-A125F&quot;,&quot;caption&quot;:&quot;&quot;,&quot;created_timestamp&quot;:&quot;1678010308&quot;,&quot;copyright&quot;:&quot;&quot;,&quot;focal_length&quot;:&quot;4.6&quot;,&quot;iso&quot;:&quot;64&quot;,&quot;shutter_speed&quot;:&quot;0.0199&quot;,&quot;title&quot;:&quot;&quot;,&quot;orientation&quot;:&quot;1&quot;}\" data-image-title=\"10.-\u010cepiec-Senohrad-p\u00f4vodn\u00fd-vlastn\u00edk-nezn\u00e1my\" data-image-description=\"\" data-image-caption=\"\" data-medium-file=\"https:\/\/i0.wp.com\/www.atelier-reklama.sk\/blog\/wp-content\/uploads\/2023\/03\/10.-%C4%8Cepiec-Senohrad-p%C3%B4vodn%C3%BD-vlastn%C3%ADk-nezn%C3%A1my-scaled.jpg?fit=300%2C175&amp;ssl=1\" data-large-file=\"https:\/\/i0.wp.com\/www.atelier-reklama.sk\/blog\/wp-content\/uploads\/2023\/03\/10.-%C4%8Cepiec-Senohrad-p%C3%B4vodn%C3%BD-vlastn%C3%ADk-nezn%C3%A1my-scaled.jpg?fit=800%2C468&amp;ssl=1\" src=\"https:\/\/i0.wp.com\/www.atelier-reklama.sk\/blog\/wp-content\/uploads\/2023\/03\/10.-%C4%8Cepiec-Senohrad-p%C3%B4vodn%C3%BD-vlastn%C3%ADk-nezn%C3%A1my.jpg?resize=800%2C468&#038;ssl=1\" alt=\"\" class=\"wp-image-12620\" srcset=\"https:\/\/i0.wp.com\/www.atelier-reklama.sk\/blog\/wp-content\/uploads\/2023\/03\/10.-%C4%8Cepiec-Senohrad-p%C3%B4vodn%C3%BD-vlastn%C3%ADk-nezn%C3%A1my-scaled.jpg?resize=1024%2C599&amp;ssl=1 1024w, https:\/\/i0.wp.com\/www.atelier-reklama.sk\/blog\/wp-content\/uploads\/2023\/03\/10.-%C4%8Cepiec-Senohrad-p%C3%B4vodn%C3%BD-vlastn%C3%ADk-nezn%C3%A1my-scaled.jpg?resize=300%2C175&amp;ssl=1 300w, https:\/\/i0.wp.com\/www.atelier-reklama.sk\/blog\/wp-content\/uploads\/2023\/03\/10.-%C4%8Cepiec-Senohrad-p%C3%B4vodn%C3%BD-vlastn%C3%ADk-nezn%C3%A1my-scaled.jpg?resize=768%2C449&amp;ssl=1 768w, https:\/\/i0.wp.com\/www.atelier-reklama.sk\/blog\/wp-content\/uploads\/2023\/03\/10.-%C4%8Cepiec-Senohrad-p%C3%B4vodn%C3%BD-vlastn%C3%ADk-nezn%C3%A1my-scaled.jpg?resize=1536%2C898&amp;ssl=1 1536w, https:\/\/i0.wp.com\/www.atelier-reklama.sk\/blog\/wp-content\/uploads\/2023\/03\/10.-%C4%8Cepiec-Senohrad-p%C3%B4vodn%C3%BD-vlastn%C3%ADk-nezn%C3%A1my-scaled.jpg?resize=2048%2C1198&amp;ssl=1 2048w, https:\/\/i0.wp.com\/www.atelier-reklama.sk\/blog\/wp-content\/uploads\/2023\/03\/10.-%C4%8Cepiec-Senohrad-p%C3%B4vodn%C3%BD-vlastn%C3%ADk-nezn%C3%A1my-scaled.jpg?w=1600&amp;ssl=1 1600w, https:\/\/i0.wp.com\/www.atelier-reklama.sk\/blog\/wp-content\/uploads\/2023\/03\/10.-%C4%8Cepiec-Senohrad-p%C3%B4vodn%C3%BD-vlastn%C3%ADk-nezn%C3%A1my-scaled.jpg?w=2400&amp;ssl=1 2400w\" sizes=\"auto, (max-width: 800px) 100vw, 800px\" \/><\/figure>\n\n\n\n<figure class=\"wp-block-image size-large\"><img data-recalc-dims=\"1\" loading=\"lazy\" decoding=\"async\" width=\"800\" height=\"498\" data-attachment-id=\"12621\" data-permalink=\"https:\/\/www.atelier-reklama.sk\/blog\/moj-krekacsky-kroj-a-jeho-prekreslene-vzory-spolu\/10-cepiec-zozadu-senohrad-povodny-vlastnik-neznamy\/\" data-orig-file=\"https:\/\/i0.wp.com\/www.atelier-reklama.sk\/blog\/wp-content\/uploads\/2023\/03\/10.-%C4%8Cepiec-zozadu-Senohrad-p%C3%B4vodn%C3%BD-vlastn%C3%ADk-nezn%C3%A1my-scaled.jpg?fit=2560%2C1595&amp;ssl=1\" data-orig-size=\"2560,1595\" data-comments-opened=\"1\" data-image-meta=\"{&quot;aperture&quot;:&quot;2&quot;,&quot;credit&quot;:&quot;&quot;,&quot;camera&quot;:&quot;SM-A125F&quot;,&quot;caption&quot;:&quot;&quot;,&quot;created_timestamp&quot;:&quot;1678010328&quot;,&quot;copyright&quot;:&quot;&quot;,&quot;focal_length&quot;:&quot;4.6&quot;,&quot;iso&quot;:&quot;64&quot;,&quot;shutter_speed&quot;:&quot;0.0199&quot;,&quot;title&quot;:&quot;&quot;,&quot;orientation&quot;:&quot;1&quot;}\" data-image-title=\"10.-\u010cepiec-zozadu-Senohrad-p\u00f4vodn\u00fd-vlastn\u00edk-nezn\u00e1my\" data-image-description=\"\" data-image-caption=\"\" data-medium-file=\"https:\/\/i0.wp.com\/www.atelier-reklama.sk\/blog\/wp-content\/uploads\/2023\/03\/10.-%C4%8Cepiec-zozadu-Senohrad-p%C3%B4vodn%C3%BD-vlastn%C3%ADk-nezn%C3%A1my-scaled.jpg?fit=300%2C187&amp;ssl=1\" data-large-file=\"https:\/\/i0.wp.com\/www.atelier-reklama.sk\/blog\/wp-content\/uploads\/2023\/03\/10.-%C4%8Cepiec-zozadu-Senohrad-p%C3%B4vodn%C3%BD-vlastn%C3%ADk-nezn%C3%A1my-scaled.jpg?fit=800%2C498&amp;ssl=1\" src=\"https:\/\/i0.wp.com\/www.atelier-reklama.sk\/blog\/wp-content\/uploads\/2023\/03\/10.-%C4%8Cepiec-zozadu-Senohrad-p%C3%B4vodn%C3%BD-vlastn%C3%ADk-nezn%C3%A1my.jpg?resize=800%2C498&#038;ssl=1\" alt=\"\" class=\"wp-image-12621\" srcset=\"https:\/\/i0.wp.com\/www.atelier-reklama.sk\/blog\/wp-content\/uploads\/2023\/03\/10.-%C4%8Cepiec-zozadu-Senohrad-p%C3%B4vodn%C3%BD-vlastn%C3%ADk-nezn%C3%A1my-scaled.jpg?resize=1024%2C638&amp;ssl=1 1024w, https:\/\/i0.wp.com\/www.atelier-reklama.sk\/blog\/wp-content\/uploads\/2023\/03\/10.-%C4%8Cepiec-zozadu-Senohrad-p%C3%B4vodn%C3%BD-vlastn%C3%ADk-nezn%C3%A1my-scaled.jpg?resize=300%2C187&amp;ssl=1 300w, https:\/\/i0.wp.com\/www.atelier-reklama.sk\/blog\/wp-content\/uploads\/2023\/03\/10.-%C4%8Cepiec-zozadu-Senohrad-p%C3%B4vodn%C3%BD-vlastn%C3%ADk-nezn%C3%A1my-scaled.jpg?resize=768%2C478&amp;ssl=1 768w, https:\/\/i0.wp.com\/www.atelier-reklama.sk\/blog\/wp-content\/uploads\/2023\/03\/10.-%C4%8Cepiec-zozadu-Senohrad-p%C3%B4vodn%C3%BD-vlastn%C3%ADk-nezn%C3%A1my-scaled.jpg?resize=1536%2C957&amp;ssl=1 1536w, https:\/\/i0.wp.com\/www.atelier-reklama.sk\/blog\/wp-content\/uploads\/2023\/03\/10.-%C4%8Cepiec-zozadu-Senohrad-p%C3%B4vodn%C3%BD-vlastn%C3%ADk-nezn%C3%A1my-scaled.jpg?resize=2048%2C1276&amp;ssl=1 2048w, https:\/\/i0.wp.com\/www.atelier-reklama.sk\/blog\/wp-content\/uploads\/2023\/03\/10.-%C4%8Cepiec-zozadu-Senohrad-p%C3%B4vodn%C3%BD-vlastn%C3%ADk-nezn%C3%A1my-scaled.jpg?w=1600&amp;ssl=1 1600w, https:\/\/i0.wp.com\/www.atelier-reklama.sk\/blog\/wp-content\/uploads\/2023\/03\/10.-%C4%8Cepiec-zozadu-Senohrad-p%C3%B4vodn%C3%BD-vlastn%C3%ADk-nezn%C3%A1my-scaled.jpg?w=2400&amp;ssl=1 2400w\" sizes=\"auto, (max-width: 800px) 100vw, 800px\" \/><\/figure>\n\n\n\n<p>\u010cepiec (krek\u00e1\u010dsky), p\u00f4vod nezn\u00e1my<\/p>\n\n\n\n<figure class=\"wp-block-image size-large\"><img data-recalc-dims=\"1\" loading=\"lazy\" decoding=\"async\" width=\"800\" height=\"577\" data-attachment-id=\"12622\" data-permalink=\"https:\/\/www.atelier-reklama.sk\/blog\/moj-krekacsky-kroj-a-jeho-prekreslene-vzory-spolu\/11-cepiec\/\" data-orig-file=\"https:\/\/i0.wp.com\/www.atelier-reklama.sk\/blog\/wp-content\/uploads\/2023\/03\/11.-%C4%8Depiec-scaled.jpg?fit=2560%2C1848&amp;ssl=1\" data-orig-size=\"2560,1848\" data-comments-opened=\"1\" data-image-meta=\"{&quot;aperture&quot;:&quot;2&quot;,&quot;credit&quot;:&quot;&quot;,&quot;camera&quot;:&quot;SM-A125F&quot;,&quot;caption&quot;:&quot;&quot;,&quot;created_timestamp&quot;:&quot;1678010669&quot;,&quot;copyright&quot;:&quot;&quot;,&quot;focal_length&quot;:&quot;4.6&quot;,&quot;iso&quot;:&quot;80&quot;,&quot;shutter_speed&quot;:&quot;0.0199&quot;,&quot;title&quot;:&quot;&quot;,&quot;orientation&quot;:&quot;1&quot;}\" data-image-title=\"11.-\u010depiec\" data-image-description=\"\" data-image-caption=\"\" data-medium-file=\"https:\/\/i0.wp.com\/www.atelier-reklama.sk\/blog\/wp-content\/uploads\/2023\/03\/11.-%C4%8Depiec-scaled.jpg?fit=300%2C217&amp;ssl=1\" data-large-file=\"https:\/\/i0.wp.com\/www.atelier-reklama.sk\/blog\/wp-content\/uploads\/2023\/03\/11.-%C4%8Depiec-scaled.jpg?fit=800%2C577&amp;ssl=1\" src=\"https:\/\/i0.wp.com\/www.atelier-reklama.sk\/blog\/wp-content\/uploads\/2023\/03\/11.-%C4%8Depiec.jpg?resize=800%2C577&#038;ssl=1\" alt=\"\" class=\"wp-image-12622\" srcset=\"https:\/\/i0.wp.com\/www.atelier-reklama.sk\/blog\/wp-content\/uploads\/2023\/03\/11.-%C4%8Depiec-scaled.jpg?resize=1024%2C739&amp;ssl=1 1024w, https:\/\/i0.wp.com\/www.atelier-reklama.sk\/blog\/wp-content\/uploads\/2023\/03\/11.-%C4%8Depiec-scaled.jpg?resize=300%2C217&amp;ssl=1 300w, https:\/\/i0.wp.com\/www.atelier-reklama.sk\/blog\/wp-content\/uploads\/2023\/03\/11.-%C4%8Depiec-scaled.jpg?resize=768%2C554&amp;ssl=1 768w, https:\/\/i0.wp.com\/www.atelier-reklama.sk\/blog\/wp-content\/uploads\/2023\/03\/11.-%C4%8Depiec-scaled.jpg?resize=1536%2C1109&amp;ssl=1 1536w, https:\/\/i0.wp.com\/www.atelier-reklama.sk\/blog\/wp-content\/uploads\/2023\/03\/11.-%C4%8Depiec-scaled.jpg?resize=2048%2C1478&amp;ssl=1 2048w, https:\/\/i0.wp.com\/www.atelier-reklama.sk\/blog\/wp-content\/uploads\/2023\/03\/11.-%C4%8Depiec-scaled.jpg?w=1600&amp;ssl=1 1600w, https:\/\/i0.wp.com\/www.atelier-reklama.sk\/blog\/wp-content\/uploads\/2023\/03\/11.-%C4%8Depiec-scaled.jpg?w=2400&amp;ssl=1 2400w\" sizes=\"auto, (max-width: 800px) 100vw, 800px\" \/><\/figure>\n\n\n\n<figure class=\"wp-block-image size-large\"><img data-recalc-dims=\"1\" loading=\"lazy\" decoding=\"async\" width=\"800\" height=\"580\" data-attachment-id=\"12623\" data-permalink=\"https:\/\/www.atelier-reklama.sk\/blog\/moj-krekacsky-kroj-a-jeho-prekreslene-vzory-spolu\/11-cepiec-dienko\/\" data-orig-file=\"https:\/\/i0.wp.com\/www.atelier-reklama.sk\/blog\/wp-content\/uploads\/2023\/03\/11.-%C4%8Depiec-dienko-scaled.jpg?fit=2560%2C1855&amp;ssl=1\" data-orig-size=\"2560,1855\" data-comments-opened=\"1\" data-image-meta=\"{&quot;aperture&quot;:&quot;2&quot;,&quot;credit&quot;:&quot;&quot;,&quot;camera&quot;:&quot;SM-A125F&quot;,&quot;caption&quot;:&quot;&quot;,&quot;created_timestamp&quot;:&quot;1678010710&quot;,&quot;copyright&quot;:&quot;&quot;,&quot;focal_length&quot;:&quot;4.6&quot;,&quot;iso&quot;:&quot;80&quot;,&quot;shutter_speed&quot;:&quot;0.0199&quot;,&quot;title&quot;:&quot;&quot;,&quot;orientation&quot;:&quot;1&quot;}\" data-image-title=\"11.-\u010depiec-dienko\" data-image-description=\"\" data-image-caption=\"\" data-medium-file=\"https:\/\/i0.wp.com\/www.atelier-reklama.sk\/blog\/wp-content\/uploads\/2023\/03\/11.-%C4%8Depiec-dienko-scaled.jpg?fit=300%2C217&amp;ssl=1\" data-large-file=\"https:\/\/i0.wp.com\/www.atelier-reklama.sk\/blog\/wp-content\/uploads\/2023\/03\/11.-%C4%8Depiec-dienko-scaled.jpg?fit=800%2C580&amp;ssl=1\" src=\"https:\/\/i0.wp.com\/www.atelier-reklama.sk\/blog\/wp-content\/uploads\/2023\/03\/11.-%C4%8Depiec-dienko.jpg?resize=800%2C580&#038;ssl=1\" alt=\"\" class=\"wp-image-12623\" srcset=\"https:\/\/i0.wp.com\/www.atelier-reklama.sk\/blog\/wp-content\/uploads\/2023\/03\/11.-%C4%8Depiec-dienko-scaled.jpg?resize=1024%2C742&amp;ssl=1 1024w, https:\/\/i0.wp.com\/www.atelier-reklama.sk\/blog\/wp-content\/uploads\/2023\/03\/11.-%C4%8Depiec-dienko-scaled.jpg?resize=300%2C217&amp;ssl=1 300w, https:\/\/i0.wp.com\/www.atelier-reklama.sk\/blog\/wp-content\/uploads\/2023\/03\/11.-%C4%8Depiec-dienko-scaled.jpg?resize=768%2C556&amp;ssl=1 768w, https:\/\/i0.wp.com\/www.atelier-reklama.sk\/blog\/wp-content\/uploads\/2023\/03\/11.-%C4%8Depiec-dienko-scaled.jpg?resize=1536%2C1113&amp;ssl=1 1536w, https:\/\/i0.wp.com\/www.atelier-reklama.sk\/blog\/wp-content\/uploads\/2023\/03\/11.-%C4%8Depiec-dienko-scaled.jpg?resize=2048%2C1484&amp;ssl=1 2048w, https:\/\/i0.wp.com\/www.atelier-reklama.sk\/blog\/wp-content\/uploads\/2023\/03\/11.-%C4%8Depiec-dienko-scaled.jpg?w=1600&amp;ssl=1 1600w, https:\/\/i0.wp.com\/www.atelier-reklama.sk\/blog\/wp-content\/uploads\/2023\/03\/11.-%C4%8Depiec-dienko-scaled.jpg?w=2400&amp;ssl=1 2400w\" sizes=\"auto, (max-width: 800px) 100vw, 800px\" \/><\/figure>\n\n\n\n<p>\u010cepiec z Litavy<\/p>\n\n\n\n<figure class=\"wp-block-image size-large\"><img data-recalc-dims=\"1\" loading=\"lazy\" decoding=\"async\" width=\"800\" height=\"410\" data-attachment-id=\"12624\" data-permalink=\"https:\/\/www.atelier-reklama.sk\/blog\/moj-krekacsky-kroj-a-jeho-prekreslene-vzory-spolu\/12-cepiec-litava\/\" data-orig-file=\"https:\/\/i0.wp.com\/www.atelier-reklama.sk\/blog\/wp-content\/uploads\/2023\/03\/12.-%C4%8Depiec-Litava-scaled.jpg?fit=2560%2C1311&amp;ssl=1\" data-orig-size=\"2560,1311\" data-comments-opened=\"1\" data-image-meta=\"{&quot;aperture&quot;:&quot;2&quot;,&quot;credit&quot;:&quot;&quot;,&quot;camera&quot;:&quot;SM-A125F&quot;,&quot;caption&quot;:&quot;&quot;,&quot;created_timestamp&quot;:&quot;1678010742&quot;,&quot;copyright&quot;:&quot;&quot;,&quot;focal_length&quot;:&quot;4.6&quot;,&quot;iso&quot;:&quot;80&quot;,&quot;shutter_speed&quot;:&quot;0.0199&quot;,&quot;title&quot;:&quot;&quot;,&quot;orientation&quot;:&quot;1&quot;}\" data-image-title=\"12.-\u010depiec-Litava\" data-image-description=\"\" data-image-caption=\"\" data-medium-file=\"https:\/\/i0.wp.com\/www.atelier-reklama.sk\/blog\/wp-content\/uploads\/2023\/03\/12.-%C4%8Depiec-Litava-scaled.jpg?fit=300%2C154&amp;ssl=1\" data-large-file=\"https:\/\/i0.wp.com\/www.atelier-reklama.sk\/blog\/wp-content\/uploads\/2023\/03\/12.-%C4%8Depiec-Litava-scaled.jpg?fit=800%2C410&amp;ssl=1\" src=\"https:\/\/i0.wp.com\/www.atelier-reklama.sk\/blog\/wp-content\/uploads\/2023\/03\/12.-%C4%8Depiec-Litava.jpg?resize=800%2C410&#038;ssl=1\" alt=\"\" class=\"wp-image-12624\" srcset=\"https:\/\/i0.wp.com\/www.atelier-reklama.sk\/blog\/wp-content\/uploads\/2023\/03\/12.-%C4%8Depiec-Litava-scaled.jpg?resize=1024%2C525&amp;ssl=1 1024w, https:\/\/i0.wp.com\/www.atelier-reklama.sk\/blog\/wp-content\/uploads\/2023\/03\/12.-%C4%8Depiec-Litava-scaled.jpg?resize=300%2C154&amp;ssl=1 300w, https:\/\/i0.wp.com\/www.atelier-reklama.sk\/blog\/wp-content\/uploads\/2023\/03\/12.-%C4%8Depiec-Litava-scaled.jpg?resize=768%2C393&amp;ssl=1 768w, https:\/\/i0.wp.com\/www.atelier-reklama.sk\/blog\/wp-content\/uploads\/2023\/03\/12.-%C4%8Depiec-Litava-scaled.jpg?resize=1536%2C787&amp;ssl=1 1536w, https:\/\/i0.wp.com\/www.atelier-reklama.sk\/blog\/wp-content\/uploads\/2023\/03\/12.-%C4%8Depiec-Litava-scaled.jpg?resize=2048%2C1049&amp;ssl=1 2048w, https:\/\/i0.wp.com\/www.atelier-reklama.sk\/blog\/wp-content\/uploads\/2023\/03\/12.-%C4%8Depiec-Litava-scaled.jpg?w=1600&amp;ssl=1 1600w, https:\/\/i0.wp.com\/www.atelier-reklama.sk\/blog\/wp-content\/uploads\/2023\/03\/12.-%C4%8Depiec-Litava-scaled.jpg?w=2400&amp;ssl=1 2400w\" sizes=\"auto, (max-width: 800px) 100vw, 800px\" \/><\/figure>\n\n\n\n<figure class=\"wp-block-image size-large\"><img data-recalc-dims=\"1\" loading=\"lazy\" decoding=\"async\" width=\"800\" height=\"412\" data-attachment-id=\"12625\" data-permalink=\"https:\/\/www.atelier-reklama.sk\/blog\/moj-krekacsky-kroj-a-jeho-prekreslene-vzory-spolu\/12-cepiec-litava-dienko\/\" data-orig-file=\"https:\/\/i0.wp.com\/www.atelier-reklama.sk\/blog\/wp-content\/uploads\/2023\/03\/12.-%C4%8Depiec-Litava-dienko-scaled.jpg?fit=2560%2C1317&amp;ssl=1\" data-orig-size=\"2560,1317\" data-comments-opened=\"1\" data-image-meta=\"{&quot;aperture&quot;:&quot;2&quot;,&quot;credit&quot;:&quot;&quot;,&quot;camera&quot;:&quot;SM-A125F&quot;,&quot;caption&quot;:&quot;&quot;,&quot;created_timestamp&quot;:&quot;1678010755&quot;,&quot;copyright&quot;:&quot;&quot;,&quot;focal_length&quot;:&quot;4.6&quot;,&quot;iso&quot;:&quot;100&quot;,&quot;shutter_speed&quot;:&quot;0.0199&quot;,&quot;title&quot;:&quot;&quot;,&quot;orientation&quot;:&quot;1&quot;}\" data-image-title=\"12.-\u010depiec-Litava-dienko\" data-image-description=\"\" data-image-caption=\"\" data-medium-file=\"https:\/\/i0.wp.com\/www.atelier-reklama.sk\/blog\/wp-content\/uploads\/2023\/03\/12.-%C4%8Depiec-Litava-dienko-scaled.jpg?fit=300%2C154&amp;ssl=1\" data-large-file=\"https:\/\/i0.wp.com\/www.atelier-reklama.sk\/blog\/wp-content\/uploads\/2023\/03\/12.-%C4%8Depiec-Litava-dienko-scaled.jpg?fit=800%2C412&amp;ssl=1\" src=\"https:\/\/i0.wp.com\/www.atelier-reklama.sk\/blog\/wp-content\/uploads\/2023\/03\/12.-%C4%8Depiec-Litava-dienko.jpg?resize=800%2C412&#038;ssl=1\" alt=\"\" class=\"wp-image-12625\" srcset=\"https:\/\/i0.wp.com\/www.atelier-reklama.sk\/blog\/wp-content\/uploads\/2023\/03\/12.-%C4%8Depiec-Litava-dienko-scaled.jpg?resize=1024%2C527&amp;ssl=1 1024w, https:\/\/i0.wp.com\/www.atelier-reklama.sk\/blog\/wp-content\/uploads\/2023\/03\/12.-%C4%8Depiec-Litava-dienko-scaled.jpg?resize=300%2C154&amp;ssl=1 300w, https:\/\/i0.wp.com\/www.atelier-reklama.sk\/blog\/wp-content\/uploads\/2023\/03\/12.-%C4%8Depiec-Litava-dienko-scaled.jpg?resize=768%2C395&amp;ssl=1 768w, https:\/\/i0.wp.com\/www.atelier-reklama.sk\/blog\/wp-content\/uploads\/2023\/03\/12.-%C4%8Depiec-Litava-dienko-scaled.jpg?resize=1536%2C790&amp;ssl=1 1536w, https:\/\/i0.wp.com\/www.atelier-reklama.sk\/blog\/wp-content\/uploads\/2023\/03\/12.-%C4%8Depiec-Litava-dienko-scaled.jpg?resize=2048%2C1054&amp;ssl=1 2048w, https:\/\/i0.wp.com\/www.atelier-reklama.sk\/blog\/wp-content\/uploads\/2023\/03\/12.-%C4%8Depiec-Litava-dienko-scaled.jpg?w=1600&amp;ssl=1 1600w, https:\/\/i0.wp.com\/www.atelier-reklama.sk\/blog\/wp-content\/uploads\/2023\/03\/12.-%C4%8Depiec-Litava-dienko-scaled.jpg?w=2400&amp;ssl=1 2400w\" sizes=\"auto, (max-width: 800px) 100vw, 800px\" \/><\/figure>\n\n\n\n<figure class=\"wp-block-image size-large\"><img data-recalc-dims=\"1\" loading=\"lazy\" decoding=\"async\" width=\"800\" height=\"590\" data-attachment-id=\"12626\" data-permalink=\"https:\/\/www.atelier-reklama.sk\/blog\/moj-krekacsky-kroj-a-jeho-prekreslene-vzory-spolu\/12-cepiec-litava-prednicka\/\" data-orig-file=\"https:\/\/i0.wp.com\/www.atelier-reklama.sk\/blog\/wp-content\/uploads\/2023\/03\/12.-%C4%8Depiec-Litava-predni%C4%8Dka-scaled.jpg?fit=2560%2C1888&amp;ssl=1\" data-orig-size=\"2560,1888\" data-comments-opened=\"1\" data-image-meta=\"{&quot;aperture&quot;:&quot;2&quot;,&quot;credit&quot;:&quot;&quot;,&quot;camera&quot;:&quot;SM-A125F&quot;,&quot;caption&quot;:&quot;&quot;,&quot;created_timestamp&quot;:&quot;1678010746&quot;,&quot;copyright&quot;:&quot;&quot;,&quot;focal_length&quot;:&quot;4.6&quot;,&quot;iso&quot;:&quot;80&quot;,&quot;shutter_speed&quot;:&quot;0.0199&quot;,&quot;title&quot;:&quot;&quot;,&quot;orientation&quot;:&quot;1&quot;}\" data-image-title=\"12.-\u010depiec-Litava-predni\u010dka\" data-image-description=\"\" data-image-caption=\"\" data-medium-file=\"https:\/\/i0.wp.com\/www.atelier-reklama.sk\/blog\/wp-content\/uploads\/2023\/03\/12.-%C4%8Depiec-Litava-predni%C4%8Dka-scaled.jpg?fit=300%2C221&amp;ssl=1\" data-large-file=\"https:\/\/i0.wp.com\/www.atelier-reklama.sk\/blog\/wp-content\/uploads\/2023\/03\/12.-%C4%8Depiec-Litava-predni%C4%8Dka-scaled.jpg?fit=800%2C590&amp;ssl=1\" src=\"https:\/\/i0.wp.com\/www.atelier-reklama.sk\/blog\/wp-content\/uploads\/2023\/03\/12.-%C4%8Depiec-Litava-predni%C4%8Dka.jpg?resize=800%2C590&#038;ssl=1\" alt=\"\" class=\"wp-image-12626\" srcset=\"https:\/\/i0.wp.com\/www.atelier-reklama.sk\/blog\/wp-content\/uploads\/2023\/03\/12.-%C4%8Depiec-Litava-predni%C4%8Dka-scaled.jpg?resize=1024%2C755&amp;ssl=1 1024w, https:\/\/i0.wp.com\/www.atelier-reklama.sk\/blog\/wp-content\/uploads\/2023\/03\/12.-%C4%8Depiec-Litava-predni%C4%8Dka-scaled.jpg?resize=300%2C221&amp;ssl=1 300w, https:\/\/i0.wp.com\/www.atelier-reklama.sk\/blog\/wp-content\/uploads\/2023\/03\/12.-%C4%8Depiec-Litava-predni%C4%8Dka-scaled.jpg?resize=768%2C566&amp;ssl=1 768w, https:\/\/i0.wp.com\/www.atelier-reklama.sk\/blog\/wp-content\/uploads\/2023\/03\/12.-%C4%8Depiec-Litava-predni%C4%8Dka-scaled.jpg?resize=1536%2C1133&amp;ssl=1 1536w, https:\/\/i0.wp.com\/www.atelier-reklama.sk\/blog\/wp-content\/uploads\/2023\/03\/12.-%C4%8Depiec-Litava-predni%C4%8Dka-scaled.jpg?resize=2048%2C1510&amp;ssl=1 2048w, https:\/\/i0.wp.com\/www.atelier-reklama.sk\/blog\/wp-content\/uploads\/2023\/03\/12.-%C4%8Depiec-Litava-predni%C4%8Dka-scaled.jpg?w=1600&amp;ssl=1 1600w, https:\/\/i0.wp.com\/www.atelier-reklama.sk\/blog\/wp-content\/uploads\/2023\/03\/12.-%C4%8Depiec-Litava-predni%C4%8Dka-scaled.jpg?w=2400&amp;ssl=1 2400w\" sizes=\"auto, (max-width: 800px) 100vw, 800px\" \/><\/figure>\n\n\n\n<figure class=\"wp-block-image size-large\"><img data-recalc-dims=\"1\" loading=\"lazy\" decoding=\"async\" width=\"800\" height=\"618\" data-attachment-id=\"12627\" data-permalink=\"https:\/\/www.atelier-reklama.sk\/blog\/moj-krekacsky-kroj-a-jeho-prekreslene-vzory-spolu\/12-cepiec-litava-dienko-1\/\" data-orig-file=\"https:\/\/i0.wp.com\/www.atelier-reklama.sk\/blog\/wp-content\/uploads\/2023\/03\/12.-%C4%8Depiec-Litava-dienko-1-scaled.jpg?fit=2560%2C1977&amp;ssl=1\" data-orig-size=\"2560,1977\" data-comments-opened=\"1\" data-image-meta=\"{&quot;aperture&quot;:&quot;2&quot;,&quot;credit&quot;:&quot;&quot;,&quot;camera&quot;:&quot;SM-A125F&quot;,&quot;caption&quot;:&quot;&quot;,&quot;created_timestamp&quot;:&quot;1678010758&quot;,&quot;copyright&quot;:&quot;&quot;,&quot;focal_length&quot;:&quot;4.6&quot;,&quot;iso&quot;:&quot;80&quot;,&quot;shutter_speed&quot;:&quot;0.0199&quot;,&quot;title&quot;:&quot;&quot;,&quot;orientation&quot;:&quot;1&quot;}\" data-image-title=\"12.-\u010depiec-Litava-dienko-1\" data-image-description=\"\" data-image-caption=\"\" data-medium-file=\"https:\/\/i0.wp.com\/www.atelier-reklama.sk\/blog\/wp-content\/uploads\/2023\/03\/12.-%C4%8Depiec-Litava-dienko-1-scaled.jpg?fit=300%2C232&amp;ssl=1\" data-large-file=\"https:\/\/i0.wp.com\/www.atelier-reklama.sk\/blog\/wp-content\/uploads\/2023\/03\/12.-%C4%8Depiec-Litava-dienko-1-scaled.jpg?fit=800%2C618&amp;ssl=1\" src=\"https:\/\/i0.wp.com\/www.atelier-reklama.sk\/blog\/wp-content\/uploads\/2023\/03\/12.-%C4%8Depiec-Litava-dienko-1.jpg?resize=800%2C618&#038;ssl=1\" alt=\"\" class=\"wp-image-12627\" srcset=\"https:\/\/i0.wp.com\/www.atelier-reklama.sk\/blog\/wp-content\/uploads\/2023\/03\/12.-%C4%8Depiec-Litava-dienko-1-scaled.jpg?resize=1024%2C791&amp;ssl=1 1024w, https:\/\/i0.wp.com\/www.atelier-reklama.sk\/blog\/wp-content\/uploads\/2023\/03\/12.-%C4%8Depiec-Litava-dienko-1-scaled.jpg?resize=300%2C232&amp;ssl=1 300w, https:\/\/i0.wp.com\/www.atelier-reklama.sk\/blog\/wp-content\/uploads\/2023\/03\/12.-%C4%8Depiec-Litava-dienko-1-scaled.jpg?resize=768%2C593&amp;ssl=1 768w, https:\/\/i0.wp.com\/www.atelier-reklama.sk\/blog\/wp-content\/uploads\/2023\/03\/12.-%C4%8Depiec-Litava-dienko-1-scaled.jpg?resize=1536%2C1186&amp;ssl=1 1536w, https:\/\/i0.wp.com\/www.atelier-reklama.sk\/blog\/wp-content\/uploads\/2023\/03\/12.-%C4%8Depiec-Litava-dienko-1-scaled.jpg?resize=2048%2C1581&amp;ssl=1 2048w, https:\/\/i0.wp.com\/www.atelier-reklama.sk\/blog\/wp-content\/uploads\/2023\/03\/12.-%C4%8Depiec-Litava-dienko-1-scaled.jpg?w=1600&amp;ssl=1 1600w, https:\/\/i0.wp.com\/www.atelier-reklama.sk\/blog\/wp-content\/uploads\/2023\/03\/12.-%C4%8Depiec-Litava-dienko-1-scaled.jpg?w=2400&amp;ssl=1 2400w\" sizes=\"auto, (max-width: 800px) 100vw, 800px\" \/><\/figure>\n\n\n\n<p>\u010cepiec (krek\u00e1\u010dsky) z okolia Bzov\u00edka<\/p>\n\n\n\n<figure class=\"wp-block-image size-large\"><img data-recalc-dims=\"1\" loading=\"lazy\" decoding=\"async\" width=\"800\" height=\"531\" data-attachment-id=\"12629\" data-permalink=\"https:\/\/www.atelier-reklama.sk\/blog\/moj-krekacsky-kroj-a-jeho-prekreslene-vzory-spolu\/13-cepiec-neznamy\/\" data-orig-file=\"https:\/\/i0.wp.com\/www.atelier-reklama.sk\/blog\/wp-content\/uploads\/2023\/03\/13.-%C4%8Depiec-neznamy-scaled.jpg?fit=2560%2C1699&amp;ssl=1\" data-orig-size=\"2560,1699\" data-comments-opened=\"1\" data-image-meta=\"{&quot;aperture&quot;:&quot;2&quot;,&quot;credit&quot;:&quot;&quot;,&quot;camera&quot;:&quot;SM-A125F&quot;,&quot;caption&quot;:&quot;&quot;,&quot;created_timestamp&quot;:&quot;1678010780&quot;,&quot;copyright&quot;:&quot;&quot;,&quot;focal_length&quot;:&quot;4.6&quot;,&quot;iso&quot;:&quot;64&quot;,&quot;shutter_speed&quot;:&quot;0.0199&quot;,&quot;title&quot;:&quot;&quot;,&quot;orientation&quot;:&quot;1&quot;}\" data-image-title=\"13.-\u010depiec-neznamy\" data-image-description=\"\" data-image-caption=\"\" data-medium-file=\"https:\/\/i0.wp.com\/www.atelier-reklama.sk\/blog\/wp-content\/uploads\/2023\/03\/13.-%C4%8Depiec-neznamy-scaled.jpg?fit=300%2C199&amp;ssl=1\" data-large-file=\"https:\/\/i0.wp.com\/www.atelier-reklama.sk\/blog\/wp-content\/uploads\/2023\/03\/13.-%C4%8Depiec-neznamy-scaled.jpg?fit=800%2C531&amp;ssl=1\" src=\"https:\/\/i0.wp.com\/www.atelier-reklama.sk\/blog\/wp-content\/uploads\/2023\/03\/13.-%C4%8Depiec-neznamy.jpg?resize=800%2C531&#038;ssl=1\" alt=\"\" class=\"wp-image-12629\" srcset=\"https:\/\/i0.wp.com\/www.atelier-reklama.sk\/blog\/wp-content\/uploads\/2023\/03\/13.-%C4%8Depiec-neznamy-scaled.jpg?resize=1024%2C680&amp;ssl=1 1024w, https:\/\/i0.wp.com\/www.atelier-reklama.sk\/blog\/wp-content\/uploads\/2023\/03\/13.-%C4%8Depiec-neznamy-scaled.jpg?resize=300%2C199&amp;ssl=1 300w, https:\/\/i0.wp.com\/www.atelier-reklama.sk\/blog\/wp-content\/uploads\/2023\/03\/13.-%C4%8Depiec-neznamy-scaled.jpg?resize=768%2C510&amp;ssl=1 768w, https:\/\/i0.wp.com\/www.atelier-reklama.sk\/blog\/wp-content\/uploads\/2023\/03\/13.-%C4%8Depiec-neznamy-scaled.jpg?resize=1536%2C1020&amp;ssl=1 1536w, https:\/\/i0.wp.com\/www.atelier-reklama.sk\/blog\/wp-content\/uploads\/2023\/03\/13.-%C4%8Depiec-neznamy-scaled.jpg?resize=2048%2C1359&amp;ssl=1 2048w, https:\/\/i0.wp.com\/www.atelier-reklama.sk\/blog\/wp-content\/uploads\/2023\/03\/13.-%C4%8Depiec-neznamy-scaled.jpg?w=1600&amp;ssl=1 1600w, https:\/\/i0.wp.com\/www.atelier-reklama.sk\/blog\/wp-content\/uploads\/2023\/03\/13.-%C4%8Depiec-neznamy-scaled.jpg?w=2400&amp;ssl=1 2400w\" sizes=\"auto, (max-width: 800px) 100vw, 800px\" \/><\/figure>\n\n\n\n<figure class=\"wp-block-image size-large\"><img data-recalc-dims=\"1\" loading=\"lazy\" decoding=\"async\" width=\"800\" height=\"538\" data-attachment-id=\"12630\" data-permalink=\"https:\/\/www.atelier-reklama.sk\/blog\/moj-krekacsky-kroj-a-jeho-prekreslene-vzory-spolu\/13-cepiec-dienko-neznamy-povod\/\" data-orig-file=\"https:\/\/i0.wp.com\/www.atelier-reklama.sk\/blog\/wp-content\/uploads\/2023\/03\/13.-%C4%8Depiec-dienko-neznamy-povod-scaled.jpg?fit=2560%2C1721&amp;ssl=1\" data-orig-size=\"2560,1721\" data-comments-opened=\"1\" data-image-meta=\"{&quot;aperture&quot;:&quot;2&quot;,&quot;credit&quot;:&quot;&quot;,&quot;camera&quot;:&quot;SM-A125F&quot;,&quot;caption&quot;:&quot;&quot;,&quot;created_timestamp&quot;:&quot;1678010796&quot;,&quot;copyright&quot;:&quot;&quot;,&quot;focal_length&quot;:&quot;4.6&quot;,&quot;iso&quot;:&quot;80&quot;,&quot;shutter_speed&quot;:&quot;0.0199&quot;,&quot;title&quot;:&quot;&quot;,&quot;orientation&quot;:&quot;1&quot;}\" data-image-title=\"13.-\u010depiec-dienko-neznamy-povod\" data-image-description=\"\" data-image-caption=\"\" data-medium-file=\"https:\/\/i0.wp.com\/www.atelier-reklama.sk\/blog\/wp-content\/uploads\/2023\/03\/13.-%C4%8Depiec-dienko-neznamy-povod-scaled.jpg?fit=300%2C202&amp;ssl=1\" data-large-file=\"https:\/\/i0.wp.com\/www.atelier-reklama.sk\/blog\/wp-content\/uploads\/2023\/03\/13.-%C4%8Depiec-dienko-neznamy-povod-scaled.jpg?fit=800%2C538&amp;ssl=1\" src=\"https:\/\/i0.wp.com\/www.atelier-reklama.sk\/blog\/wp-content\/uploads\/2023\/03\/13.-%C4%8Depiec-dienko-neznamy-povod.jpg?resize=800%2C538&#038;ssl=1\" alt=\"\" class=\"wp-image-12630\" srcset=\"https:\/\/i0.wp.com\/www.atelier-reklama.sk\/blog\/wp-content\/uploads\/2023\/03\/13.-%C4%8Depiec-dienko-neznamy-povod-scaled.jpg?resize=1024%2C688&amp;ssl=1 1024w, https:\/\/i0.wp.com\/www.atelier-reklama.sk\/blog\/wp-content\/uploads\/2023\/03\/13.-%C4%8Depiec-dienko-neznamy-povod-scaled.jpg?resize=300%2C202&amp;ssl=1 300w, https:\/\/i0.wp.com\/www.atelier-reklama.sk\/blog\/wp-content\/uploads\/2023\/03\/13.-%C4%8Depiec-dienko-neznamy-povod-scaled.jpg?resize=768%2C516&amp;ssl=1 768w, https:\/\/i0.wp.com\/www.atelier-reklama.sk\/blog\/wp-content\/uploads\/2023\/03\/13.-%C4%8Depiec-dienko-neznamy-povod-scaled.jpg?resize=1536%2C1033&amp;ssl=1 1536w, https:\/\/i0.wp.com\/www.atelier-reklama.sk\/blog\/wp-content\/uploads\/2023\/03\/13.-%C4%8Depiec-dienko-neznamy-povod-scaled.jpg?resize=2048%2C1377&amp;ssl=1 2048w, https:\/\/i0.wp.com\/www.atelier-reklama.sk\/blog\/wp-content\/uploads\/2023\/03\/13.-%C4%8Depiec-dienko-neznamy-povod-scaled.jpg?w=1600&amp;ssl=1 1600w, https:\/\/i0.wp.com\/www.atelier-reklama.sk\/blog\/wp-content\/uploads\/2023\/03\/13.-%C4%8Depiec-dienko-neznamy-povod-scaled.jpg?w=2400&amp;ssl=1 2400w\" sizes=\"auto, (max-width: 800px) 100vw, 800px\" \/><\/figure>\n\n\n\n<figure class=\"wp-block-image size-large\"><img data-recalc-dims=\"1\" loading=\"lazy\" decoding=\"async\" width=\"800\" height=\"638\" data-attachment-id=\"12631\" data-permalink=\"https:\/\/www.atelier-reklama.sk\/blog\/moj-krekacsky-kroj-a-jeho-prekreslene-vzory-spolu\/13-cepiec-dienko-detail-neznamy-povod\/\" data-orig-file=\"https:\/\/i0.wp.com\/www.atelier-reklama.sk\/blog\/wp-content\/uploads\/2023\/03\/13.-%C4%8Depiec-dienko-detail-neznamy-povod-scaled.jpg?fit=2560%2C2040&amp;ssl=1\" data-orig-size=\"2560,2040\" data-comments-opened=\"1\" data-image-meta=\"{&quot;aperture&quot;:&quot;2&quot;,&quot;credit&quot;:&quot;&quot;,&quot;camera&quot;:&quot;SM-A125F&quot;,&quot;caption&quot;:&quot;&quot;,&quot;created_timestamp&quot;:&quot;1678010803&quot;,&quot;copyright&quot;:&quot;&quot;,&quot;focal_length&quot;:&quot;4.6&quot;,&quot;iso&quot;:&quot;80&quot;,&quot;shutter_speed&quot;:&quot;0.0199&quot;,&quot;title&quot;:&quot;&quot;,&quot;orientation&quot;:&quot;1&quot;}\" data-image-title=\"13.-\u010depiec-dienko-detail-neznamy-povod\" data-image-description=\"\" data-image-caption=\"\" data-medium-file=\"https:\/\/i0.wp.com\/www.atelier-reklama.sk\/blog\/wp-content\/uploads\/2023\/03\/13.-%C4%8Depiec-dienko-detail-neznamy-povod-scaled.jpg?fit=300%2C239&amp;ssl=1\" data-large-file=\"https:\/\/i0.wp.com\/www.atelier-reklama.sk\/blog\/wp-content\/uploads\/2023\/03\/13.-%C4%8Depiec-dienko-detail-neznamy-povod-scaled.jpg?fit=800%2C638&amp;ssl=1\" src=\"https:\/\/i0.wp.com\/www.atelier-reklama.sk\/blog\/wp-content\/uploads\/2023\/03\/13.-%C4%8Depiec-dienko-detail-neznamy-povod.jpg?resize=800%2C638&#038;ssl=1\" alt=\"\" class=\"wp-image-12631\" srcset=\"https:\/\/i0.wp.com\/www.atelier-reklama.sk\/blog\/wp-content\/uploads\/2023\/03\/13.-%C4%8Depiec-dienko-detail-neznamy-povod-scaled.jpg?resize=1024%2C816&amp;ssl=1 1024w, https:\/\/i0.wp.com\/www.atelier-reklama.sk\/blog\/wp-content\/uploads\/2023\/03\/13.-%C4%8Depiec-dienko-detail-neznamy-povod-scaled.jpg?resize=300%2C239&amp;ssl=1 300w, https:\/\/i0.wp.com\/www.atelier-reklama.sk\/blog\/wp-content\/uploads\/2023\/03\/13.-%C4%8Depiec-dienko-detail-neznamy-povod-scaled.jpg?resize=768%2C612&amp;ssl=1 768w, https:\/\/i0.wp.com\/www.atelier-reklama.sk\/blog\/wp-content\/uploads\/2023\/03\/13.-%C4%8Depiec-dienko-detail-neznamy-povod-scaled.jpg?resize=1536%2C1224&amp;ssl=1 1536w, https:\/\/i0.wp.com\/www.atelier-reklama.sk\/blog\/wp-content\/uploads\/2023\/03\/13.-%C4%8Depiec-dienko-detail-neznamy-povod-scaled.jpg?resize=2048%2C1632&amp;ssl=1 2048w, https:\/\/i0.wp.com\/www.atelier-reklama.sk\/blog\/wp-content\/uploads\/2023\/03\/13.-%C4%8Depiec-dienko-detail-neznamy-povod-scaled.jpg?w=1600&amp;ssl=1 1600w, https:\/\/i0.wp.com\/www.atelier-reklama.sk\/blog\/wp-content\/uploads\/2023\/03\/13.-%C4%8Depiec-dienko-detail-neznamy-povod-scaled.jpg?w=2400&amp;ssl=1 2400w\" sizes=\"auto, (max-width: 800px) 100vw, 800px\" \/><\/figure>\n\n\n\n<figure class=\"wp-block-image size-large\"><img data-recalc-dims=\"1\" loading=\"lazy\" decoding=\"async\" width=\"800\" height=\"632\" data-attachment-id=\"12632\" data-permalink=\"https:\/\/www.atelier-reklama.sk\/blog\/moj-krekacsky-kroj-a-jeho-prekreslene-vzory-spolu\/13-cepiec-prednicka-neznymy-povod\/\" data-orig-file=\"https:\/\/i0.wp.com\/www.atelier-reklama.sk\/blog\/wp-content\/uploads\/2023\/03\/13.-%C4%8Depiec-predni%C4%8Dka-neznymy-povod-scaled.jpg?fit=2560%2C2024&amp;ssl=1\" data-orig-size=\"2560,2024\" data-comments-opened=\"1\" data-image-meta=\"{&quot;aperture&quot;:&quot;2&quot;,&quot;credit&quot;:&quot;&quot;,&quot;camera&quot;:&quot;SM-A125F&quot;,&quot;caption&quot;:&quot;&quot;,&quot;created_timestamp&quot;:&quot;1678010784&quot;,&quot;copyright&quot;:&quot;&quot;,&quot;focal_length&quot;:&quot;4.6&quot;,&quot;iso&quot;:&quot;80&quot;,&quot;shutter_speed&quot;:&quot;0.0199&quot;,&quot;title&quot;:&quot;&quot;,&quot;orientation&quot;:&quot;1&quot;}\" data-image-title=\"13.-\u010depiec-predni\u010dka-neznymy-povod\" data-image-description=\"\" data-image-caption=\"\" data-medium-file=\"https:\/\/i0.wp.com\/www.atelier-reklama.sk\/blog\/wp-content\/uploads\/2023\/03\/13.-%C4%8Depiec-predni%C4%8Dka-neznymy-povod-scaled.jpg?fit=300%2C237&amp;ssl=1\" data-large-file=\"https:\/\/i0.wp.com\/www.atelier-reklama.sk\/blog\/wp-content\/uploads\/2023\/03\/13.-%C4%8Depiec-predni%C4%8Dka-neznymy-povod-scaled.jpg?fit=800%2C632&amp;ssl=1\" src=\"https:\/\/i0.wp.com\/www.atelier-reklama.sk\/blog\/wp-content\/uploads\/2023\/03\/13.-%C4%8Depiec-predni%C4%8Dka-neznymy-povod.jpg?resize=800%2C632&#038;ssl=1\" alt=\"\" class=\"wp-image-12632\" srcset=\"https:\/\/i0.wp.com\/www.atelier-reklama.sk\/blog\/wp-content\/uploads\/2023\/03\/13.-%C4%8Depiec-predni%C4%8Dka-neznymy-povod-scaled.jpg?resize=1024%2C809&amp;ssl=1 1024w, https:\/\/i0.wp.com\/www.atelier-reklama.sk\/blog\/wp-content\/uploads\/2023\/03\/13.-%C4%8Depiec-predni%C4%8Dka-neznymy-povod-scaled.jpg?resize=300%2C237&amp;ssl=1 300w, https:\/\/i0.wp.com\/www.atelier-reklama.sk\/blog\/wp-content\/uploads\/2023\/03\/13.-%C4%8Depiec-predni%C4%8Dka-neznymy-povod-scaled.jpg?resize=768%2C607&amp;ssl=1 768w, https:\/\/i0.wp.com\/www.atelier-reklama.sk\/blog\/wp-content\/uploads\/2023\/03\/13.-%C4%8Depiec-predni%C4%8Dka-neznymy-povod-scaled.jpg?resize=1536%2C1214&amp;ssl=1 1536w, https:\/\/i0.wp.com\/www.atelier-reklama.sk\/blog\/wp-content\/uploads\/2023\/03\/13.-%C4%8Depiec-predni%C4%8Dka-neznymy-povod-scaled.jpg?resize=2048%2C1619&amp;ssl=1 2048w, https:\/\/i0.wp.com\/www.atelier-reklama.sk\/blog\/wp-content\/uploads\/2023\/03\/13.-%C4%8Depiec-predni%C4%8Dka-neznymy-povod-scaled.jpg?w=1600&amp;ssl=1 1600w, https:\/\/i0.wp.com\/www.atelier-reklama.sk\/blog\/wp-content\/uploads\/2023\/03\/13.-%C4%8Depiec-predni%C4%8Dka-neznymy-povod-scaled.jpg?w=2400&amp;ssl=1 2400w\" sizes=\"auto, (max-width: 800px) 100vw, 800px\" \/><\/figure>\n\n\n\n<p>\u010cepiec, Jal\u0161ov\u00edk, pol. 20.stor. vy\u0161ila Anna O\u010den\u00e1\u0161ov\u00e1, \u010dipku vytvorila Katar\u00edna Guttenov\u00e1 <\/p>\n\n\n\n<figure class=\"wp-block-image size-large\"><img data-recalc-dims=\"1\" loading=\"lazy\" decoding=\"async\" width=\"800\" height=\"463\" data-attachment-id=\"12633\" data-permalink=\"https:\/\/www.atelier-reklama.sk\/blog\/moj-krekacsky-kroj-a-jeho-prekreslene-vzory-spolu\/14-cepiec-vysila-a-ocenasova-jalsovik\/\" data-orig-file=\"https:\/\/i0.wp.com\/www.atelier-reklama.sk\/blog\/wp-content\/uploads\/2023\/03\/14.-%C4%8Depiec-vy%C5%A1ila-A.-O%C4%8Den%C3%A1%C5%A1ov%C3%A1-Jal%C5%A1ov%C3%ADk-scaled.jpg?fit=2560%2C1484&amp;ssl=1\" data-orig-size=\"2560,1484\" data-comments-opened=\"1\" data-image-meta=\"{&quot;aperture&quot;:&quot;2&quot;,&quot;credit&quot;:&quot;&quot;,&quot;camera&quot;:&quot;SM-A125F&quot;,&quot;caption&quot;:&quot;&quot;,&quot;created_timestamp&quot;:&quot;1678010824&quot;,&quot;copyright&quot;:&quot;&quot;,&quot;focal_length&quot;:&quot;4.6&quot;,&quot;iso&quot;:&quot;80&quot;,&quot;shutter_speed&quot;:&quot;0.0199&quot;,&quot;title&quot;:&quot;&quot;,&quot;orientation&quot;:&quot;1&quot;}\" data-image-title=\"14.-\u010depiec-vy\u0161ila-A.-O\u010den\u00e1\u0161ov\u00e1-Jal\u0161ov\u00edk\" data-image-description=\"\" data-image-caption=\"\" data-medium-file=\"https:\/\/i0.wp.com\/www.atelier-reklama.sk\/blog\/wp-content\/uploads\/2023\/03\/14.-%C4%8Depiec-vy%C5%A1ila-A.-O%C4%8Den%C3%A1%C5%A1ov%C3%A1-Jal%C5%A1ov%C3%ADk-scaled.jpg?fit=300%2C174&amp;ssl=1\" data-large-file=\"https:\/\/i0.wp.com\/www.atelier-reklama.sk\/blog\/wp-content\/uploads\/2023\/03\/14.-%C4%8Depiec-vy%C5%A1ila-A.-O%C4%8Den%C3%A1%C5%A1ov%C3%A1-Jal%C5%A1ov%C3%ADk-scaled.jpg?fit=800%2C463&amp;ssl=1\" src=\"https:\/\/i0.wp.com\/www.atelier-reklama.sk\/blog\/wp-content\/uploads\/2023\/03\/14.-%C4%8Depiec-vy%C5%A1ila-A.-O%C4%8Den%C3%A1%C5%A1ov%C3%A1-Jal%C5%A1ov%C3%ADk.jpg?resize=800%2C463&#038;ssl=1\" alt=\"\" class=\"wp-image-12633\" srcset=\"https:\/\/i0.wp.com\/www.atelier-reklama.sk\/blog\/wp-content\/uploads\/2023\/03\/14.-%C4%8Depiec-vy%C5%A1ila-A.-O%C4%8Den%C3%A1%C5%A1ov%C3%A1-Jal%C5%A1ov%C3%ADk-scaled.jpg?resize=1024%2C593&amp;ssl=1 1024w, https:\/\/i0.wp.com\/www.atelier-reklama.sk\/blog\/wp-content\/uploads\/2023\/03\/14.-%C4%8Depiec-vy%C5%A1ila-A.-O%C4%8Den%C3%A1%C5%A1ov%C3%A1-Jal%C5%A1ov%C3%ADk-scaled.jpg?resize=300%2C174&amp;ssl=1 300w, https:\/\/i0.wp.com\/www.atelier-reklama.sk\/blog\/wp-content\/uploads\/2023\/03\/14.-%C4%8Depiec-vy%C5%A1ila-A.-O%C4%8Den%C3%A1%C5%A1ov%C3%A1-Jal%C5%A1ov%C3%ADk-scaled.jpg?resize=768%2C445&amp;ssl=1 768w, https:\/\/i0.wp.com\/www.atelier-reklama.sk\/blog\/wp-content\/uploads\/2023\/03\/14.-%C4%8Depiec-vy%C5%A1ila-A.-O%C4%8Den%C3%A1%C5%A1ov%C3%A1-Jal%C5%A1ov%C3%ADk-scaled.jpg?resize=1536%2C890&amp;ssl=1 1536w, https:\/\/i0.wp.com\/www.atelier-reklama.sk\/blog\/wp-content\/uploads\/2023\/03\/14.-%C4%8Depiec-vy%C5%A1ila-A.-O%C4%8Den%C3%A1%C5%A1ov%C3%A1-Jal%C5%A1ov%C3%ADk-scaled.jpg?resize=2048%2C1187&amp;ssl=1 2048w, https:\/\/i0.wp.com\/www.atelier-reklama.sk\/blog\/wp-content\/uploads\/2023\/03\/14.-%C4%8Depiec-vy%C5%A1ila-A.-O%C4%8Den%C3%A1%C5%A1ov%C3%A1-Jal%C5%A1ov%C3%ADk-scaled.jpg?w=1600&amp;ssl=1 1600w, https:\/\/i0.wp.com\/www.atelier-reklama.sk\/blog\/wp-content\/uploads\/2023\/03\/14.-%C4%8Depiec-vy%C5%A1ila-A.-O%C4%8Den%C3%A1%C5%A1ov%C3%A1-Jal%C5%A1ov%C3%ADk-scaled.jpg?w=2400&amp;ssl=1 2400w\" sizes=\"auto, (max-width: 800px) 100vw, 800px\" \/><\/figure>\n\n\n\n<figure class=\"wp-block-image size-large\"><img data-recalc-dims=\"1\" loading=\"lazy\" decoding=\"async\" width=\"800\" height=\"450\" data-attachment-id=\"12634\" data-permalink=\"https:\/\/www.atelier-reklama.sk\/blog\/moj-krekacsky-kroj-a-jeho-prekreslene-vzory-spolu\/14-cepiec-dienko-vysila-a-ocenasova-jalsovik\/\" data-orig-file=\"https:\/\/i0.wp.com\/www.atelier-reklama.sk\/blog\/wp-content\/uploads\/2023\/03\/14.-%C4%8Depiec-dienko-vy%C5%A1ila-A.-O%C4%8Den%C3%A1%C5%A1ov%C3%A1-Jal%C5%A1ov%C3%ADk-scaled.jpg?fit=2560%2C1440&amp;ssl=1\" data-orig-size=\"2560,1440\" data-comments-opened=\"1\" data-image-meta=\"{&quot;aperture&quot;:&quot;2&quot;,&quot;credit&quot;:&quot;&quot;,&quot;camera&quot;:&quot;SM-A125F&quot;,&quot;caption&quot;:&quot;&quot;,&quot;created_timestamp&quot;:&quot;1678010845&quot;,&quot;copyright&quot;:&quot;&quot;,&quot;focal_length&quot;:&quot;4.6&quot;,&quot;iso&quot;:&quot;64&quot;,&quot;shutter_speed&quot;:&quot;0.0199&quot;,&quot;title&quot;:&quot;&quot;,&quot;orientation&quot;:&quot;1&quot;}\" data-image-title=\"14.-\u010depiec-dienko-vy\u0161ila-A.-O\u010den\u00e1\u0161ov\u00e1-Jal\u0161ov\u00edk\" data-image-description=\"\" data-image-caption=\"\" data-medium-file=\"https:\/\/i0.wp.com\/www.atelier-reklama.sk\/blog\/wp-content\/uploads\/2023\/03\/14.-%C4%8Depiec-dienko-vy%C5%A1ila-A.-O%C4%8Den%C3%A1%C5%A1ov%C3%A1-Jal%C5%A1ov%C3%ADk-scaled.jpg?fit=300%2C169&amp;ssl=1\" data-large-file=\"https:\/\/i0.wp.com\/www.atelier-reklama.sk\/blog\/wp-content\/uploads\/2023\/03\/14.-%C4%8Depiec-dienko-vy%C5%A1ila-A.-O%C4%8Den%C3%A1%C5%A1ov%C3%A1-Jal%C5%A1ov%C3%ADk-scaled.jpg?fit=800%2C450&amp;ssl=1\" src=\"https:\/\/i0.wp.com\/www.atelier-reklama.sk\/blog\/wp-content\/uploads\/2023\/03\/14.-%C4%8Depiec-dienko-vy%C5%A1ila-A.-O%C4%8Den%C3%A1%C5%A1ov%C3%A1-Jal%C5%A1ov%C3%ADk.jpg?resize=800%2C450&#038;ssl=1\" alt=\"\" class=\"wp-image-12634\" srcset=\"https:\/\/i0.wp.com\/www.atelier-reklama.sk\/blog\/wp-content\/uploads\/2023\/03\/14.-%C4%8Depiec-dienko-vy%C5%A1ila-A.-O%C4%8Den%C3%A1%C5%A1ov%C3%A1-Jal%C5%A1ov%C3%ADk-scaled.jpg?resize=1024%2C576&amp;ssl=1 1024w, https:\/\/i0.wp.com\/www.atelier-reklama.sk\/blog\/wp-content\/uploads\/2023\/03\/14.-%C4%8Depiec-dienko-vy%C5%A1ila-A.-O%C4%8Den%C3%A1%C5%A1ov%C3%A1-Jal%C5%A1ov%C3%ADk-scaled.jpg?resize=300%2C169&amp;ssl=1 300w, https:\/\/i0.wp.com\/www.atelier-reklama.sk\/blog\/wp-content\/uploads\/2023\/03\/14.-%C4%8Depiec-dienko-vy%C5%A1ila-A.-O%C4%8Den%C3%A1%C5%A1ov%C3%A1-Jal%C5%A1ov%C3%ADk-scaled.jpg?resize=768%2C432&amp;ssl=1 768w, https:\/\/i0.wp.com\/www.atelier-reklama.sk\/blog\/wp-content\/uploads\/2023\/03\/14.-%C4%8Depiec-dienko-vy%C5%A1ila-A.-O%C4%8Den%C3%A1%C5%A1ov%C3%A1-Jal%C5%A1ov%C3%ADk-scaled.jpg?resize=1536%2C864&amp;ssl=1 1536w, https:\/\/i0.wp.com\/www.atelier-reklama.sk\/blog\/wp-content\/uploads\/2023\/03\/14.-%C4%8Depiec-dienko-vy%C5%A1ila-A.-O%C4%8Den%C3%A1%C5%A1ov%C3%A1-Jal%C5%A1ov%C3%ADk-scaled.jpg?resize=2048%2C1152&amp;ssl=1 2048w, https:\/\/i0.wp.com\/www.atelier-reklama.sk\/blog\/wp-content\/uploads\/2023\/03\/14.-%C4%8Depiec-dienko-vy%C5%A1ila-A.-O%C4%8Den%C3%A1%C5%A1ov%C3%A1-Jal%C5%A1ov%C3%ADk-scaled.jpg?w=1600&amp;ssl=1 1600w, https:\/\/i0.wp.com\/www.atelier-reklama.sk\/blog\/wp-content\/uploads\/2023\/03\/14.-%C4%8Depiec-dienko-vy%C5%A1ila-A.-O%C4%8Den%C3%A1%C5%A1ov%C3%A1-Jal%C5%A1ov%C3%ADk-scaled.jpg?w=2400&amp;ssl=1 2400w\" sizes=\"auto, (max-width: 800px) 100vw, 800px\" \/><\/figure>\n\n\n\n<figure class=\"wp-block-image size-large\"><img data-recalc-dims=\"1\" loading=\"lazy\" decoding=\"async\" width=\"800\" height=\"600\" data-attachment-id=\"12636\" data-permalink=\"https:\/\/www.atelier-reklama.sk\/blog\/moj-krekacsky-kroj-a-jeho-prekreslene-vzory-spolu\/14-cepiec-dienko-zvacseme-cipkou-vysila-a-ocenasova-jalsovik\/\" data-orig-file=\"https:\/\/i0.wp.com\/www.atelier-reklama.sk\/blog\/wp-content\/uploads\/2023\/03\/14.-%C4%8Depiec-dienko-zv%C3%A4%C4%8D%C5%A1em%C3%A9-%C4%8Dipkou-vy%C5%A1ila-A.-O%C4%8Den%C3%A1%C5%A1ov%C3%A1-Jal%C5%A1ov%C3%ADk-scaled.jpg?fit=2560%2C1920&amp;ssl=1\" data-orig-size=\"2560,1920\" data-comments-opened=\"1\" data-image-meta=\"{&quot;aperture&quot;:&quot;2&quot;,&quot;credit&quot;:&quot;&quot;,&quot;camera&quot;:&quot;SM-A125F&quot;,&quot;caption&quot;:&quot;&quot;,&quot;created_timestamp&quot;:&quot;1678010850&quot;,&quot;copyright&quot;:&quot;&quot;,&quot;focal_length&quot;:&quot;4.6&quot;,&quot;iso&quot;:&quot;64&quot;,&quot;shutter_speed&quot;:&quot;0.019999&quot;,&quot;title&quot;:&quot;&quot;,&quot;orientation&quot;:&quot;1&quot;}\" data-image-title=\"14.-\u010depiec-dienko-zv\u00e4\u010d\u0161em\u00e9-\u010dipkou-vy\u0161ila-A.-O\u010den\u00e1\u0161ov\u00e1-Jal\u0161ov\u00edk\" data-image-description=\"\" data-image-caption=\"\" data-medium-file=\"https:\/\/i0.wp.com\/www.atelier-reklama.sk\/blog\/wp-content\/uploads\/2023\/03\/14.-%C4%8Depiec-dienko-zv%C3%A4%C4%8D%C5%A1em%C3%A9-%C4%8Dipkou-vy%C5%A1ila-A.-O%C4%8Den%C3%A1%C5%A1ov%C3%A1-Jal%C5%A1ov%C3%ADk-scaled.jpg?fit=300%2C225&amp;ssl=1\" data-large-file=\"https:\/\/i0.wp.com\/www.atelier-reklama.sk\/blog\/wp-content\/uploads\/2023\/03\/14.-%C4%8Depiec-dienko-zv%C3%A4%C4%8D%C5%A1em%C3%A9-%C4%8Dipkou-vy%C5%A1ila-A.-O%C4%8Den%C3%A1%C5%A1ov%C3%A1-Jal%C5%A1ov%C3%ADk-scaled.jpg?fit=800%2C600&amp;ssl=1\" src=\"https:\/\/i0.wp.com\/www.atelier-reklama.sk\/blog\/wp-content\/uploads\/2023\/03\/14.-%C4%8Depiec-dienko-zv%C3%A4%C4%8D%C5%A1em%C3%A9-%C4%8Dipkou-vy%C5%A1ila-A.-O%C4%8Den%C3%A1%C5%A1ov%C3%A1-Jal%C5%A1ov%C3%ADk.jpg?resize=800%2C600&#038;ssl=1\" alt=\"\" class=\"wp-image-12636\" srcset=\"https:\/\/i0.wp.com\/www.atelier-reklama.sk\/blog\/wp-content\/uploads\/2023\/03\/14.-%C4%8Depiec-dienko-zv%C3%A4%C4%8D%C5%A1em%C3%A9-%C4%8Dipkou-vy%C5%A1ila-A.-O%C4%8Den%C3%A1%C5%A1ov%C3%A1-Jal%C5%A1ov%C3%ADk-scaled.jpg?resize=1024%2C768&amp;ssl=1 1024w, https:\/\/i0.wp.com\/www.atelier-reklama.sk\/blog\/wp-content\/uploads\/2023\/03\/14.-%C4%8Depiec-dienko-zv%C3%A4%C4%8D%C5%A1em%C3%A9-%C4%8Dipkou-vy%C5%A1ila-A.-O%C4%8Den%C3%A1%C5%A1ov%C3%A1-Jal%C5%A1ov%C3%ADk-scaled.jpg?resize=300%2C225&amp;ssl=1 300w, https:\/\/i0.wp.com\/www.atelier-reklama.sk\/blog\/wp-content\/uploads\/2023\/03\/14.-%C4%8Depiec-dienko-zv%C3%A4%C4%8D%C5%A1em%C3%A9-%C4%8Dipkou-vy%C5%A1ila-A.-O%C4%8Den%C3%A1%C5%A1ov%C3%A1-Jal%C5%A1ov%C3%ADk-scaled.jpg?resize=768%2C576&amp;ssl=1 768w, https:\/\/i0.wp.com\/www.atelier-reklama.sk\/blog\/wp-content\/uploads\/2023\/03\/14.-%C4%8Depiec-dienko-zv%C3%A4%C4%8D%C5%A1em%C3%A9-%C4%8Dipkou-vy%C5%A1ila-A.-O%C4%8Den%C3%A1%C5%A1ov%C3%A1-Jal%C5%A1ov%C3%ADk-scaled.jpg?resize=1536%2C1152&amp;ssl=1 1536w, https:\/\/i0.wp.com\/www.atelier-reklama.sk\/blog\/wp-content\/uploads\/2023\/03\/14.-%C4%8Depiec-dienko-zv%C3%A4%C4%8D%C5%A1em%C3%A9-%C4%8Dipkou-vy%C5%A1ila-A.-O%C4%8Den%C3%A1%C5%A1ov%C3%A1-Jal%C5%A1ov%C3%ADk-scaled.jpg?resize=2048%2C1536&amp;ssl=1 2048w, https:\/\/i0.wp.com\/www.atelier-reklama.sk\/blog\/wp-content\/uploads\/2023\/03\/14.-%C4%8Depiec-dienko-zv%C3%A4%C4%8D%C5%A1em%C3%A9-%C4%8Dipkou-vy%C5%A1ila-A.-O%C4%8Den%C3%A1%C5%A1ov%C3%A1-Jal%C5%A1ov%C3%ADk-scaled.jpg?w=1600&amp;ssl=1 1600w, https:\/\/i0.wp.com\/www.atelier-reklama.sk\/blog\/wp-content\/uploads\/2023\/03\/14.-%C4%8Depiec-dienko-zv%C3%A4%C4%8D%C5%A1em%C3%A9-%C4%8Dipkou-vy%C5%A1ila-A.-O%C4%8Den%C3%A1%C5%A1ov%C3%A1-Jal%C5%A1ov%C3%ADk-scaled.jpg?w=2400&amp;ssl=1 2400w\" sizes=\"auto, (max-width: 800px) 100vw, 800px\" \/><\/figure>\n\n\n\n<p>\u010cepiec, Jal\u0161ov\u00edk, pol. 20. stor.,vy\u0161ila Anna O\u010den\u00e1\u0161ov\u00e1 <\/p>\n\n\n\n<figure class=\"wp-block-image size-large\"><img data-recalc-dims=\"1\" loading=\"lazy\" decoding=\"async\" width=\"800\" height=\"405\" data-attachment-id=\"12638\" data-permalink=\"https:\/\/www.atelier-reklama.sk\/blog\/moj-krekacsky-kroj-a-jeho-prekreslene-vzory-spolu\/15-cepiec-spredu-vysila-a-ocenasova-jalsovik\/\" data-orig-file=\"https:\/\/i0.wp.com\/www.atelier-reklama.sk\/blog\/wp-content\/uploads\/2023\/03\/15.-%C4%8Depiec-spredu-vy%C5%A1ila-A.-O%C4%8Den%C3%A1%C5%A1ov%C3%A1-Jal%C5%A1ov%C3%ADk-scaled.jpg?fit=2560%2C1295&amp;ssl=1\" data-orig-size=\"2560,1295\" data-comments-opened=\"1\" data-image-meta=\"{&quot;aperture&quot;:&quot;2&quot;,&quot;credit&quot;:&quot;&quot;,&quot;camera&quot;:&quot;SM-A125F&quot;,&quot;caption&quot;:&quot;&quot;,&quot;created_timestamp&quot;:&quot;1678010952&quot;,&quot;copyright&quot;:&quot;&quot;,&quot;focal_length&quot;:&quot;4.6&quot;,&quot;iso&quot;:&quot;80&quot;,&quot;shutter_speed&quot;:&quot;0.0199&quot;,&quot;title&quot;:&quot;&quot;,&quot;orientation&quot;:&quot;1&quot;}\" data-image-title=\"15.-\u010depiec-spredu-vy\u0161ila-A.-O\u010den\u00e1\u0161ov\u00e1-Jal\u0161ov\u00edk\" data-image-description=\"\" data-image-caption=\"\" data-medium-file=\"https:\/\/i0.wp.com\/www.atelier-reklama.sk\/blog\/wp-content\/uploads\/2023\/03\/15.-%C4%8Depiec-spredu-vy%C5%A1ila-A.-O%C4%8Den%C3%A1%C5%A1ov%C3%A1-Jal%C5%A1ov%C3%ADk-scaled.jpg?fit=300%2C152&amp;ssl=1\" data-large-file=\"https:\/\/i0.wp.com\/www.atelier-reklama.sk\/blog\/wp-content\/uploads\/2023\/03\/15.-%C4%8Depiec-spredu-vy%C5%A1ila-A.-O%C4%8Den%C3%A1%C5%A1ov%C3%A1-Jal%C5%A1ov%C3%ADk-scaled.jpg?fit=800%2C405&amp;ssl=1\" src=\"https:\/\/i0.wp.com\/www.atelier-reklama.sk\/blog\/wp-content\/uploads\/2023\/03\/15.-%C4%8Depiec-spredu-vy%C5%A1ila-A.-O%C4%8Den%C3%A1%C5%A1ov%C3%A1-Jal%C5%A1ov%C3%ADk.jpg?resize=800%2C405&#038;ssl=1\" alt=\"\" class=\"wp-image-12638\" srcset=\"https:\/\/i0.wp.com\/www.atelier-reklama.sk\/blog\/wp-content\/uploads\/2023\/03\/15.-%C4%8Depiec-spredu-vy%C5%A1ila-A.-O%C4%8Den%C3%A1%C5%A1ov%C3%A1-Jal%C5%A1ov%C3%ADk-scaled.jpg?resize=1024%2C518&amp;ssl=1 1024w, https:\/\/i0.wp.com\/www.atelier-reklama.sk\/blog\/wp-content\/uploads\/2023\/03\/15.-%C4%8Depiec-spredu-vy%C5%A1ila-A.-O%C4%8Den%C3%A1%C5%A1ov%C3%A1-Jal%C5%A1ov%C3%ADk-scaled.jpg?resize=300%2C152&amp;ssl=1 300w, https:\/\/i0.wp.com\/www.atelier-reklama.sk\/blog\/wp-content\/uploads\/2023\/03\/15.-%C4%8Depiec-spredu-vy%C5%A1ila-A.-O%C4%8Den%C3%A1%C5%A1ov%C3%A1-Jal%C5%A1ov%C3%ADk-scaled.jpg?resize=768%2C388&amp;ssl=1 768w, https:\/\/i0.wp.com\/www.atelier-reklama.sk\/blog\/wp-content\/uploads\/2023\/03\/15.-%C4%8Depiec-spredu-vy%C5%A1ila-A.-O%C4%8Den%C3%A1%C5%A1ov%C3%A1-Jal%C5%A1ov%C3%ADk-scaled.jpg?resize=1536%2C777&amp;ssl=1 1536w, https:\/\/i0.wp.com\/www.atelier-reklama.sk\/blog\/wp-content\/uploads\/2023\/03\/15.-%C4%8Depiec-spredu-vy%C5%A1ila-A.-O%C4%8Den%C3%A1%C5%A1ov%C3%A1-Jal%C5%A1ov%C3%ADk-scaled.jpg?resize=2048%2C1036&amp;ssl=1 2048w, https:\/\/i0.wp.com\/www.atelier-reklama.sk\/blog\/wp-content\/uploads\/2023\/03\/15.-%C4%8Depiec-spredu-vy%C5%A1ila-A.-O%C4%8Den%C3%A1%C5%A1ov%C3%A1-Jal%C5%A1ov%C3%ADk-scaled.jpg?w=1600&amp;ssl=1 1600w, https:\/\/i0.wp.com\/www.atelier-reklama.sk\/blog\/wp-content\/uploads\/2023\/03\/15.-%C4%8Depiec-spredu-vy%C5%A1ila-A.-O%C4%8Den%C3%A1%C5%A1ov%C3%A1-Jal%C5%A1ov%C3%ADk-scaled.jpg?w=2400&amp;ssl=1 2400w\" sizes=\"auto, (max-width: 800px) 100vw, 800px\" \/><\/figure>\n\n\n\n<figure class=\"wp-block-image size-large\"><img data-recalc-dims=\"1\" loading=\"lazy\" decoding=\"async\" width=\"800\" height=\"545\" data-attachment-id=\"12639\" data-permalink=\"https:\/\/www.atelier-reklama.sk\/blog\/moj-krekacsky-kroj-a-jeho-prekreslene-vzory-spolu\/15-cepiec-dienko-vysila-a-ocenasova-jalsovik\/\" data-orig-file=\"https:\/\/i0.wp.com\/www.atelier-reklama.sk\/blog\/wp-content\/uploads\/2023\/03\/15.-%C4%8Depiec-dienko-vy%C5%A1ila-A.-O%C4%8Den%C3%A1%C5%A1ov%C3%A1-Jal%C5%A1ov%C3%ADk-scaled.jpg?fit=2560%2C1745&amp;ssl=1\" data-orig-size=\"2560,1745\" data-comments-opened=\"1\" data-image-meta=\"{&quot;aperture&quot;:&quot;2&quot;,&quot;credit&quot;:&quot;&quot;,&quot;camera&quot;:&quot;SM-A125F&quot;,&quot;caption&quot;:&quot;&quot;,&quot;created_timestamp&quot;:&quot;1678010970&quot;,&quot;copyright&quot;:&quot;&quot;,&quot;focal_length&quot;:&quot;4.6&quot;,&quot;iso&quot;:&quot;64&quot;,&quot;shutter_speed&quot;:&quot;0.0199&quot;,&quot;title&quot;:&quot;&quot;,&quot;orientation&quot;:&quot;1&quot;}\" data-image-title=\"15.-\u010depiec-dienko-vy\u0161ila-A.-O\u010den\u00e1\u0161ov\u00e1-Jal\u0161ov\u00edk\" data-image-description=\"\" data-image-caption=\"\" data-medium-file=\"https:\/\/i0.wp.com\/www.atelier-reklama.sk\/blog\/wp-content\/uploads\/2023\/03\/15.-%C4%8Depiec-dienko-vy%C5%A1ila-A.-O%C4%8Den%C3%A1%C5%A1ov%C3%A1-Jal%C5%A1ov%C3%ADk-scaled.jpg?fit=300%2C204&amp;ssl=1\" data-large-file=\"https:\/\/i0.wp.com\/www.atelier-reklama.sk\/blog\/wp-content\/uploads\/2023\/03\/15.-%C4%8Depiec-dienko-vy%C5%A1ila-A.-O%C4%8Den%C3%A1%C5%A1ov%C3%A1-Jal%C5%A1ov%C3%ADk-scaled.jpg?fit=800%2C545&amp;ssl=1\" src=\"https:\/\/i0.wp.com\/www.atelier-reklama.sk\/blog\/wp-content\/uploads\/2023\/03\/15.-%C4%8Depiec-dienko-vy%C5%A1ila-A.-O%C4%8Den%C3%A1%C5%A1ov%C3%A1-Jal%C5%A1ov%C3%ADk.jpg?resize=800%2C545&#038;ssl=1\" alt=\"\" class=\"wp-image-12639\" srcset=\"https:\/\/i0.wp.com\/www.atelier-reklama.sk\/blog\/wp-content\/uploads\/2023\/03\/15.-%C4%8Depiec-dienko-vy%C5%A1ila-A.-O%C4%8Den%C3%A1%C5%A1ov%C3%A1-Jal%C5%A1ov%C3%ADk-scaled.jpg?resize=1024%2C698&amp;ssl=1 1024w, https:\/\/i0.wp.com\/www.atelier-reklama.sk\/blog\/wp-content\/uploads\/2023\/03\/15.-%C4%8Depiec-dienko-vy%C5%A1ila-A.-O%C4%8Den%C3%A1%C5%A1ov%C3%A1-Jal%C5%A1ov%C3%ADk-scaled.jpg?resize=300%2C204&amp;ssl=1 300w, https:\/\/i0.wp.com\/www.atelier-reklama.sk\/blog\/wp-content\/uploads\/2023\/03\/15.-%C4%8Depiec-dienko-vy%C5%A1ila-A.-O%C4%8Den%C3%A1%C5%A1ov%C3%A1-Jal%C5%A1ov%C3%ADk-scaled.jpg?resize=768%2C523&amp;ssl=1 768w, https:\/\/i0.wp.com\/www.atelier-reklama.sk\/blog\/wp-content\/uploads\/2023\/03\/15.-%C4%8Depiec-dienko-vy%C5%A1ila-A.-O%C4%8Den%C3%A1%C5%A1ov%C3%A1-Jal%C5%A1ov%C3%ADk-scaled.jpg?resize=1536%2C1047&amp;ssl=1 1536w, https:\/\/i0.wp.com\/www.atelier-reklama.sk\/blog\/wp-content\/uploads\/2023\/03\/15.-%C4%8Depiec-dienko-vy%C5%A1ila-A.-O%C4%8Den%C3%A1%C5%A1ov%C3%A1-Jal%C5%A1ov%C3%ADk-scaled.jpg?resize=2048%2C1396&amp;ssl=1 2048w, https:\/\/i0.wp.com\/www.atelier-reklama.sk\/blog\/wp-content\/uploads\/2023\/03\/15.-%C4%8Depiec-dienko-vy%C5%A1ila-A.-O%C4%8Den%C3%A1%C5%A1ov%C3%A1-Jal%C5%A1ov%C3%ADk-scaled.jpg?resize=130%2C90&amp;ssl=1 130w, https:\/\/i0.wp.com\/www.atelier-reklama.sk\/blog\/wp-content\/uploads\/2023\/03\/15.-%C4%8Depiec-dienko-vy%C5%A1ila-A.-O%C4%8Den%C3%A1%C5%A1ov%C3%A1-Jal%C5%A1ov%C3%ADk-scaled.jpg?w=1600&amp;ssl=1 1600w, https:\/\/i0.wp.com\/www.atelier-reklama.sk\/blog\/wp-content\/uploads\/2023\/03\/15.-%C4%8Depiec-dienko-vy%C5%A1ila-A.-O%C4%8Den%C3%A1%C5%A1ov%C3%A1-Jal%C5%A1ov%C3%ADk-scaled.jpg?w=2400&amp;ssl=1 2400w\" sizes=\"auto, (max-width: 800px) 100vw, 800px\" \/><\/figure>\n\n\n\n<figure class=\"wp-block-image size-large\"><img data-recalc-dims=\"1\" loading=\"lazy\" decoding=\"async\" width=\"800\" height=\"649\" data-attachment-id=\"12640\" data-permalink=\"https:\/\/www.atelier-reklama.sk\/blog\/moj-krekacsky-kroj-a-jeho-prekreslene-vzory-spolu\/15-cepiec-dienko-detail-vysila-a-ocenasova-jalsovik\/\" data-orig-file=\"https:\/\/i0.wp.com\/www.atelier-reklama.sk\/blog\/wp-content\/uploads\/2023\/03\/15.-%C4%8Depiec-dienko-detail-vy%C5%A1ila-A.-O%C4%8Den%C3%A1%C5%A1ov%C3%A1-Jal%C5%A1ov%C3%ADk-scaled.jpg?fit=2560%2C2079&amp;ssl=1\" data-orig-size=\"2560,2079\" data-comments-opened=\"1\" data-image-meta=\"{&quot;aperture&quot;:&quot;2&quot;,&quot;credit&quot;:&quot;&quot;,&quot;camera&quot;:&quot;SM-A125F&quot;,&quot;caption&quot;:&quot;&quot;,&quot;created_timestamp&quot;:&quot;1678010977&quot;,&quot;copyright&quot;:&quot;&quot;,&quot;focal_length&quot;:&quot;4.6&quot;,&quot;iso&quot;:&quot;80&quot;,&quot;shutter_speed&quot;:&quot;0.0199&quot;,&quot;title&quot;:&quot;&quot;,&quot;orientation&quot;:&quot;1&quot;}\" data-image-title=\"15.-\u010depiec-dienko-detail-vy\u0161ila-A.-O\u010den\u00e1\u0161ov\u00e1-Jal\u0161ov\u00edk\" data-image-description=\"\" data-image-caption=\"\" data-medium-file=\"https:\/\/i0.wp.com\/www.atelier-reklama.sk\/blog\/wp-content\/uploads\/2023\/03\/15.-%C4%8Depiec-dienko-detail-vy%C5%A1ila-A.-O%C4%8Den%C3%A1%C5%A1ov%C3%A1-Jal%C5%A1ov%C3%ADk-scaled.jpg?fit=300%2C244&amp;ssl=1\" data-large-file=\"https:\/\/i0.wp.com\/www.atelier-reklama.sk\/blog\/wp-content\/uploads\/2023\/03\/15.-%C4%8Depiec-dienko-detail-vy%C5%A1ila-A.-O%C4%8Den%C3%A1%C5%A1ov%C3%A1-Jal%C5%A1ov%C3%ADk-scaled.jpg?fit=800%2C649&amp;ssl=1\" src=\"https:\/\/i0.wp.com\/www.atelier-reklama.sk\/blog\/wp-content\/uploads\/2023\/03\/15.-%C4%8Depiec-dienko-detail-vy%C5%A1ila-A.-O%C4%8Den%C3%A1%C5%A1ov%C3%A1-Jal%C5%A1ov%C3%ADk.jpg?resize=800%2C649&#038;ssl=1\" alt=\"\" class=\"wp-image-12640\" srcset=\"https:\/\/i0.wp.com\/www.atelier-reklama.sk\/blog\/wp-content\/uploads\/2023\/03\/15.-%C4%8Depiec-dienko-detail-vy%C5%A1ila-A.-O%C4%8Den%C3%A1%C5%A1ov%C3%A1-Jal%C5%A1ov%C3%ADk-scaled.jpg?resize=1024%2C831&amp;ssl=1 1024w, https:\/\/i0.wp.com\/www.atelier-reklama.sk\/blog\/wp-content\/uploads\/2023\/03\/15.-%C4%8Depiec-dienko-detail-vy%C5%A1ila-A.-O%C4%8Den%C3%A1%C5%A1ov%C3%A1-Jal%C5%A1ov%C3%ADk-scaled.jpg?resize=300%2C244&amp;ssl=1 300w, https:\/\/i0.wp.com\/www.atelier-reklama.sk\/blog\/wp-content\/uploads\/2023\/03\/15.-%C4%8Depiec-dienko-detail-vy%C5%A1ila-A.-O%C4%8Den%C3%A1%C5%A1ov%C3%A1-Jal%C5%A1ov%C3%ADk-scaled.jpg?resize=768%2C624&amp;ssl=1 768w, https:\/\/i0.wp.com\/www.atelier-reklama.sk\/blog\/wp-content\/uploads\/2023\/03\/15.-%C4%8Depiec-dienko-detail-vy%C5%A1ila-A.-O%C4%8Den%C3%A1%C5%A1ov%C3%A1-Jal%C5%A1ov%C3%ADk-scaled.jpg?resize=1536%2C1247&amp;ssl=1 1536w, https:\/\/i0.wp.com\/www.atelier-reklama.sk\/blog\/wp-content\/uploads\/2023\/03\/15.-%C4%8Depiec-dienko-detail-vy%C5%A1ila-A.-O%C4%8Den%C3%A1%C5%A1ov%C3%A1-Jal%C5%A1ov%C3%ADk-scaled.jpg?resize=2048%2C1663&amp;ssl=1 2048w, https:\/\/i0.wp.com\/www.atelier-reklama.sk\/blog\/wp-content\/uploads\/2023\/03\/15.-%C4%8Depiec-dienko-detail-vy%C5%A1ila-A.-O%C4%8Den%C3%A1%C5%A1ov%C3%A1-Jal%C5%A1ov%C3%ADk-scaled.jpg?w=1600&amp;ssl=1 1600w, https:\/\/i0.wp.com\/www.atelier-reklama.sk\/blog\/wp-content\/uploads\/2023\/03\/15.-%C4%8Depiec-dienko-detail-vy%C5%A1ila-A.-O%C4%8Den%C3%A1%C5%A1ov%C3%A1-Jal%C5%A1ov%C3%ADk-scaled.jpg?w=2400&amp;ssl=1 2400w\" sizes=\"auto, (max-width: 800px) 100vw, 800px\" \/><\/figure>\n\n\n\n<figure class=\"wp-block-image size-large\"><img data-recalc-dims=\"1\" loading=\"lazy\" decoding=\"async\" width=\"800\" height=\"580\" data-attachment-id=\"12641\" data-permalink=\"https:\/\/www.atelier-reklama.sk\/blog\/moj-krekacsky-kroj-a-jeho-prekreslene-vzory-spolu\/15-cepiec-prednicka-vysila-a-ocenasova-jalsovik\/\" data-orig-file=\"https:\/\/i0.wp.com\/www.atelier-reklama.sk\/blog\/wp-content\/uploads\/2023\/03\/15.-%C4%8Depiec-predni%C4%8Dka-vy%C5%A1ila-A.-O%C4%8Den%C3%A1%C5%A1ov%C3%A1-Jal%C5%A1ov%C3%ADk-scaled.jpg?fit=2560%2C1859&amp;ssl=1\" data-orig-size=\"2560,1859\" data-comments-opened=\"1\" data-image-meta=\"{&quot;aperture&quot;:&quot;2&quot;,&quot;credit&quot;:&quot;&quot;,&quot;camera&quot;:&quot;SM-A125F&quot;,&quot;caption&quot;:&quot;&quot;,&quot;created_timestamp&quot;:&quot;1678010956&quot;,&quot;copyright&quot;:&quot;&quot;,&quot;focal_length&quot;:&quot;4.6&quot;,&quot;iso&quot;:&quot;80&quot;,&quot;shutter_speed&quot;:&quot;0.0199&quot;,&quot;title&quot;:&quot;&quot;,&quot;orientation&quot;:&quot;1&quot;}\" data-image-title=\"15.-\u010depiec-predni\u010dka-vy\u0161ila-A.-O\u010den\u00e1\u0161ov\u00e1-Jal\u0161ov\u00edk\" data-image-description=\"\" data-image-caption=\"\" data-medium-file=\"https:\/\/i0.wp.com\/www.atelier-reklama.sk\/blog\/wp-content\/uploads\/2023\/03\/15.-%C4%8Depiec-predni%C4%8Dka-vy%C5%A1ila-A.-O%C4%8Den%C3%A1%C5%A1ov%C3%A1-Jal%C5%A1ov%C3%ADk-scaled.jpg?fit=300%2C218&amp;ssl=1\" data-large-file=\"https:\/\/i0.wp.com\/www.atelier-reklama.sk\/blog\/wp-content\/uploads\/2023\/03\/15.-%C4%8Depiec-predni%C4%8Dka-vy%C5%A1ila-A.-O%C4%8Den%C3%A1%C5%A1ov%C3%A1-Jal%C5%A1ov%C3%ADk-scaled.jpg?fit=800%2C580&amp;ssl=1\" src=\"https:\/\/i0.wp.com\/www.atelier-reklama.sk\/blog\/wp-content\/uploads\/2023\/03\/15.-%C4%8Depiec-predni%C4%8Dka-vy%C5%A1ila-A.-O%C4%8Den%C3%A1%C5%A1ov%C3%A1-Jal%C5%A1ov%C3%ADk.jpg?resize=800%2C580&#038;ssl=1\" alt=\"\" class=\"wp-image-12641\" srcset=\"https:\/\/i0.wp.com\/www.atelier-reklama.sk\/blog\/wp-content\/uploads\/2023\/03\/15.-%C4%8Depiec-predni%C4%8Dka-vy%C5%A1ila-A.-O%C4%8Den%C3%A1%C5%A1ov%C3%A1-Jal%C5%A1ov%C3%ADk-scaled.jpg?resize=1024%2C743&amp;ssl=1 1024w, https:\/\/i0.wp.com\/www.atelier-reklama.sk\/blog\/wp-content\/uploads\/2023\/03\/15.-%C4%8Depiec-predni%C4%8Dka-vy%C5%A1ila-A.-O%C4%8Den%C3%A1%C5%A1ov%C3%A1-Jal%C5%A1ov%C3%ADk-scaled.jpg?resize=300%2C218&amp;ssl=1 300w, https:\/\/i0.wp.com\/www.atelier-reklama.sk\/blog\/wp-content\/uploads\/2023\/03\/15.-%C4%8Depiec-predni%C4%8Dka-vy%C5%A1ila-A.-O%C4%8Den%C3%A1%C5%A1ov%C3%A1-Jal%C5%A1ov%C3%ADk-scaled.jpg?resize=768%2C558&amp;ssl=1 768w, https:\/\/i0.wp.com\/www.atelier-reklama.sk\/blog\/wp-content\/uploads\/2023\/03\/15.-%C4%8Depiec-predni%C4%8Dka-vy%C5%A1ila-A.-O%C4%8Den%C3%A1%C5%A1ov%C3%A1-Jal%C5%A1ov%C3%ADk-scaled.jpg?resize=1536%2C1115&amp;ssl=1 1536w, https:\/\/i0.wp.com\/www.atelier-reklama.sk\/blog\/wp-content\/uploads\/2023\/03\/15.-%C4%8Depiec-predni%C4%8Dka-vy%C5%A1ila-A.-O%C4%8Den%C3%A1%C5%A1ov%C3%A1-Jal%C5%A1ov%C3%ADk-scaled.jpg?resize=2048%2C1487&amp;ssl=1 2048w, https:\/\/i0.wp.com\/www.atelier-reklama.sk\/blog\/wp-content\/uploads\/2023\/03\/15.-%C4%8Depiec-predni%C4%8Dka-vy%C5%A1ila-A.-O%C4%8Den%C3%A1%C5%A1ov%C3%A1-Jal%C5%A1ov%C3%ADk-scaled.jpg?w=1600&amp;ssl=1 1600w, https:\/\/i0.wp.com\/www.atelier-reklama.sk\/blog\/wp-content\/uploads\/2023\/03\/15.-%C4%8Depiec-predni%C4%8Dka-vy%C5%A1ila-A.-O%C4%8Den%C3%A1%C5%A1ov%C3%A1-Jal%C5%A1ov%C3%ADk-scaled.jpg?w=2400&amp;ssl=1 2400w\" sizes=\"auto, (max-width: 800px) 100vw, 800px\" \/><\/figure>\n\n\n\n<p>\u010cepiec, Jal\u0161ov\u00edk, pol. 20. stor. vy\u0161ila Anna O\u010den\u00e1\u0161ov\u00e1 <\/p>\n\n\n\n<figure class=\"wp-block-image size-large\"><img data-recalc-dims=\"1\" loading=\"lazy\" decoding=\"async\" width=\"800\" height=\"505\" data-attachment-id=\"12644\" data-permalink=\"https:\/\/www.atelier-reklama.sk\/blog\/moj-krekacsky-kroj-a-jeho-prekreslene-vzory-spolu\/16-cepiec-vysila-a-ocenasova-jalsovik\/\" data-orig-file=\"https:\/\/i0.wp.com\/www.atelier-reklama.sk\/blog\/wp-content\/uploads\/2023\/03\/16.-%C4%8Depiec-vy%C5%A1ila-A.-O%C4%8Den%C3%A1%C5%A1ov%C3%A1-Jal%C5%A1ov%C3%ADk-scaled.jpg?fit=2560%2C1618&amp;ssl=1\" data-orig-size=\"2560,1618\" data-comments-opened=\"1\" data-image-meta=\"{&quot;aperture&quot;:&quot;2&quot;,&quot;credit&quot;:&quot;&quot;,&quot;camera&quot;:&quot;SM-A125F&quot;,&quot;caption&quot;:&quot;&quot;,&quot;created_timestamp&quot;:&quot;1678011035&quot;,&quot;copyright&quot;:&quot;&quot;,&quot;focal_length&quot;:&quot;4.6&quot;,&quot;iso&quot;:&quot;50&quot;,&quot;shutter_speed&quot;:&quot;0.0199&quot;,&quot;title&quot;:&quot;&quot;,&quot;orientation&quot;:&quot;1&quot;}\" data-image-title=\"16.-\u010depiec-vy\u0161ila-A.-O\u010den\u00e1\u0161ov\u00e1-Jal\u0161ov\u00edk\" data-image-description=\"\" data-image-caption=\"\" data-medium-file=\"https:\/\/i0.wp.com\/www.atelier-reklama.sk\/blog\/wp-content\/uploads\/2023\/03\/16.-%C4%8Depiec-vy%C5%A1ila-A.-O%C4%8Den%C3%A1%C5%A1ov%C3%A1-Jal%C5%A1ov%C3%ADk-scaled.jpg?fit=300%2C190&amp;ssl=1\" data-large-file=\"https:\/\/i0.wp.com\/www.atelier-reklama.sk\/blog\/wp-content\/uploads\/2023\/03\/16.-%C4%8Depiec-vy%C5%A1ila-A.-O%C4%8Den%C3%A1%C5%A1ov%C3%A1-Jal%C5%A1ov%C3%ADk-scaled.jpg?fit=800%2C505&amp;ssl=1\" src=\"https:\/\/i0.wp.com\/www.atelier-reklama.sk\/blog\/wp-content\/uploads\/2023\/03\/16.-%C4%8Depiec-vy%C5%A1ila-A.-O%C4%8Den%C3%A1%C5%A1ov%C3%A1-Jal%C5%A1ov%C3%ADk.jpg?resize=800%2C505&#038;ssl=1\" alt=\"\" class=\"wp-image-12644\" srcset=\"https:\/\/i0.wp.com\/www.atelier-reklama.sk\/blog\/wp-content\/uploads\/2023\/03\/16.-%C4%8Depiec-vy%C5%A1ila-A.-O%C4%8Den%C3%A1%C5%A1ov%C3%A1-Jal%C5%A1ov%C3%ADk-scaled.jpg?resize=1024%2C647&amp;ssl=1 1024w, https:\/\/i0.wp.com\/www.atelier-reklama.sk\/blog\/wp-content\/uploads\/2023\/03\/16.-%C4%8Depiec-vy%C5%A1ila-A.-O%C4%8Den%C3%A1%C5%A1ov%C3%A1-Jal%C5%A1ov%C3%ADk-scaled.jpg?resize=300%2C190&amp;ssl=1 300w, https:\/\/i0.wp.com\/www.atelier-reklama.sk\/blog\/wp-content\/uploads\/2023\/03\/16.-%C4%8Depiec-vy%C5%A1ila-A.-O%C4%8Den%C3%A1%C5%A1ov%C3%A1-Jal%C5%A1ov%C3%ADk-scaled.jpg?resize=768%2C485&amp;ssl=1 768w, https:\/\/i0.wp.com\/www.atelier-reklama.sk\/blog\/wp-content\/uploads\/2023\/03\/16.-%C4%8Depiec-vy%C5%A1ila-A.-O%C4%8Den%C3%A1%C5%A1ov%C3%A1-Jal%C5%A1ov%C3%ADk-scaled.jpg?resize=1536%2C971&amp;ssl=1 1536w, https:\/\/i0.wp.com\/www.atelier-reklama.sk\/blog\/wp-content\/uploads\/2023\/03\/16.-%C4%8Depiec-vy%C5%A1ila-A.-O%C4%8Den%C3%A1%C5%A1ov%C3%A1-Jal%C5%A1ov%C3%ADk-scaled.jpg?resize=2048%2C1295&amp;ssl=1 2048w, https:\/\/i0.wp.com\/www.atelier-reklama.sk\/blog\/wp-content\/uploads\/2023\/03\/16.-%C4%8Depiec-vy%C5%A1ila-A.-O%C4%8Den%C3%A1%C5%A1ov%C3%A1-Jal%C5%A1ov%C3%ADk-scaled.jpg?w=1600&amp;ssl=1 1600w, https:\/\/i0.wp.com\/www.atelier-reklama.sk\/blog\/wp-content\/uploads\/2023\/03\/16.-%C4%8Depiec-vy%C5%A1ila-A.-O%C4%8Den%C3%A1%C5%A1ov%C3%A1-Jal%C5%A1ov%C3%ADk-scaled.jpg?w=2400&amp;ssl=1 2400w\" sizes=\"auto, (max-width: 800px) 100vw, 800px\" \/><\/figure>\n\n\n\n<figure class=\"wp-block-image size-large\"><img data-recalc-dims=\"1\" loading=\"lazy\" decoding=\"async\" width=\"800\" height=\"486\" data-attachment-id=\"12645\" data-permalink=\"https:\/\/www.atelier-reklama.sk\/blog\/moj-krekacsky-kroj-a-jeho-prekreslene-vzory-spolu\/16-cepiec-dienko-rozsirene-vysivkou-vysila-a-ocenasova-jalsovik\/\" data-orig-file=\"https:\/\/i0.wp.com\/www.atelier-reklama.sk\/blog\/wp-content\/uploads\/2023\/03\/16.-%C4%8Depiec-dienko-roz%C5%A1%C3%ADren%C3%A9-v%C3%BD%C5%A1ivkou-vy%C5%A1ila-A.-O%C4%8Den%C3%A1%C5%A1ov%C3%A1-Jal%C5%A1ov%C3%ADk-scaled.jpg?fit=2560%2C1555&amp;ssl=1\" data-orig-size=\"2560,1555\" data-comments-opened=\"1\" data-image-meta=\"{&quot;aperture&quot;:&quot;2&quot;,&quot;credit&quot;:&quot;&quot;,&quot;camera&quot;:&quot;SM-A125F&quot;,&quot;caption&quot;:&quot;&quot;,&quot;created_timestamp&quot;:&quot;1678011054&quot;,&quot;copyright&quot;:&quot;&quot;,&quot;focal_length&quot;:&quot;4.6&quot;,&quot;iso&quot;:&quot;64&quot;,&quot;shutter_speed&quot;:&quot;0.0199&quot;,&quot;title&quot;:&quot;&quot;,&quot;orientation&quot;:&quot;1&quot;}\" data-image-title=\"16.-\u010depiec-dienko-roz\u0161\u00edren\u00e9-v\u00fd\u0161ivkou-vy\u0161ila-A.-O\u010den\u00e1\u0161ov\u00e1-Jal\u0161ov\u00edk\" data-image-description=\"\" data-image-caption=\"\" data-medium-file=\"https:\/\/i0.wp.com\/www.atelier-reklama.sk\/blog\/wp-content\/uploads\/2023\/03\/16.-%C4%8Depiec-dienko-roz%C5%A1%C3%ADren%C3%A9-v%C3%BD%C5%A1ivkou-vy%C5%A1ila-A.-O%C4%8Den%C3%A1%C5%A1ov%C3%A1-Jal%C5%A1ov%C3%ADk-scaled.jpg?fit=300%2C182&amp;ssl=1\" data-large-file=\"https:\/\/i0.wp.com\/www.atelier-reklama.sk\/blog\/wp-content\/uploads\/2023\/03\/16.-%C4%8Depiec-dienko-roz%C5%A1%C3%ADren%C3%A9-v%C3%BD%C5%A1ivkou-vy%C5%A1ila-A.-O%C4%8Den%C3%A1%C5%A1ov%C3%A1-Jal%C5%A1ov%C3%ADk-scaled.jpg?fit=800%2C486&amp;ssl=1\" src=\"https:\/\/i0.wp.com\/www.atelier-reklama.sk\/blog\/wp-content\/uploads\/2023\/03\/16.-%C4%8Depiec-dienko-roz%C5%A1%C3%ADren%C3%A9-v%C3%BD%C5%A1ivkou-vy%C5%A1ila-A.-O%C4%8Den%C3%A1%C5%A1ov%C3%A1-Jal%C5%A1ov%C3%ADk.jpg?resize=800%2C486&#038;ssl=1\" alt=\"\" class=\"wp-image-12645\" srcset=\"https:\/\/i0.wp.com\/www.atelier-reklama.sk\/blog\/wp-content\/uploads\/2023\/03\/16.-%C4%8Depiec-dienko-roz%C5%A1%C3%ADren%C3%A9-v%C3%BD%C5%A1ivkou-vy%C5%A1ila-A.-O%C4%8Den%C3%A1%C5%A1ov%C3%A1-Jal%C5%A1ov%C3%ADk-scaled.jpg?resize=1024%2C622&amp;ssl=1 1024w, https:\/\/i0.wp.com\/www.atelier-reklama.sk\/blog\/wp-content\/uploads\/2023\/03\/16.-%C4%8Depiec-dienko-roz%C5%A1%C3%ADren%C3%A9-v%C3%BD%C5%A1ivkou-vy%C5%A1ila-A.-O%C4%8Den%C3%A1%C5%A1ov%C3%A1-Jal%C5%A1ov%C3%ADk-scaled.jpg?resize=300%2C182&amp;ssl=1 300w, https:\/\/i0.wp.com\/www.atelier-reklama.sk\/blog\/wp-content\/uploads\/2023\/03\/16.-%C4%8Depiec-dienko-roz%C5%A1%C3%ADren%C3%A9-v%C3%BD%C5%A1ivkou-vy%C5%A1ila-A.-O%C4%8Den%C3%A1%C5%A1ov%C3%A1-Jal%C5%A1ov%C3%ADk-scaled.jpg?resize=768%2C466&amp;ssl=1 768w, https:\/\/i0.wp.com\/www.atelier-reklama.sk\/blog\/wp-content\/uploads\/2023\/03\/16.-%C4%8Depiec-dienko-roz%C5%A1%C3%ADren%C3%A9-v%C3%BD%C5%A1ivkou-vy%C5%A1ila-A.-O%C4%8Den%C3%A1%C5%A1ov%C3%A1-Jal%C5%A1ov%C3%ADk-scaled.jpg?resize=1536%2C933&amp;ssl=1 1536w, https:\/\/i0.wp.com\/www.atelier-reklama.sk\/blog\/wp-content\/uploads\/2023\/03\/16.-%C4%8Depiec-dienko-roz%C5%A1%C3%ADren%C3%A9-v%C3%BD%C5%A1ivkou-vy%C5%A1ila-A.-O%C4%8Den%C3%A1%C5%A1ov%C3%A1-Jal%C5%A1ov%C3%ADk-scaled.jpg?resize=2048%2C1244&amp;ssl=1 2048w, https:\/\/i0.wp.com\/www.atelier-reklama.sk\/blog\/wp-content\/uploads\/2023\/03\/16.-%C4%8Depiec-dienko-roz%C5%A1%C3%ADren%C3%A9-v%C3%BD%C5%A1ivkou-vy%C5%A1ila-A.-O%C4%8Den%C3%A1%C5%A1ov%C3%A1-Jal%C5%A1ov%C3%ADk-scaled.jpg?w=1600&amp;ssl=1 1600w, https:\/\/i0.wp.com\/www.atelier-reklama.sk\/blog\/wp-content\/uploads\/2023\/03\/16.-%C4%8Depiec-dienko-roz%C5%A1%C3%ADren%C3%A9-v%C3%BD%C5%A1ivkou-vy%C5%A1ila-A.-O%C4%8Den%C3%A1%C5%A1ov%C3%A1-Jal%C5%A1ov%C3%ADk-scaled.jpg?w=2400&amp;ssl=1 2400w\" sizes=\"auto, (max-width: 800px) 100vw, 800px\" \/><figcaption class=\"wp-element-caption\">Dienko roz\u0161\u00edren\u00e9 v\u00fd\u0161ivkou, pali\u010dkovan\u00fa \u010dipku vytvorila Katar\u00edna Guttenov\u00e1<\/figcaption><\/figure>\n\n\n\n<figure class=\"wp-block-image size-large\"><img data-recalc-dims=\"1\" loading=\"lazy\" decoding=\"async\" width=\"800\" height=\"600\" data-attachment-id=\"12646\" data-permalink=\"https:\/\/www.atelier-reklama.sk\/blog\/moj-krekacsky-kroj-a-jeho-prekreslene-vzory-spolu\/16-cepiec-rozsirene-dienko-vysila-a-ocenasova-jalsovik\/\" data-orig-file=\"https:\/\/i0.wp.com\/www.atelier-reklama.sk\/blog\/wp-content\/uploads\/2023\/03\/16.-%C4%8Depiec-roz%C5%A1%C3%ADren%C3%A9-dienko-vy%C5%A1ila-A.-O%C4%8Den%C3%A1%C5%A1ov%C3%A1-Jal%C5%A1ov%C3%ADk-scaled.jpg?fit=2560%2C1920&amp;ssl=1\" data-orig-size=\"2560,1920\" data-comments-opened=\"1\" data-image-meta=\"{&quot;aperture&quot;:&quot;2&quot;,&quot;credit&quot;:&quot;&quot;,&quot;camera&quot;:&quot;SM-A125F&quot;,&quot;caption&quot;:&quot;&quot;,&quot;created_timestamp&quot;:&quot;1678011069&quot;,&quot;copyright&quot;:&quot;&quot;,&quot;focal_length&quot;:&quot;4.6&quot;,&quot;iso&quot;:&quot;64&quot;,&quot;shutter_speed&quot;:&quot;0.019999&quot;,&quot;title&quot;:&quot;&quot;,&quot;orientation&quot;:&quot;1&quot;}\" data-image-title=\"16.-\u010depiec-roz\u0161\u00edren\u00e9-dienko-vy\u0161ila-A.-O\u010den\u00e1\u0161ov\u00e1-Jal\u0161ov\u00edk\" data-image-description=\"\" data-image-caption=\"\" data-medium-file=\"https:\/\/i0.wp.com\/www.atelier-reklama.sk\/blog\/wp-content\/uploads\/2023\/03\/16.-%C4%8Depiec-roz%C5%A1%C3%ADren%C3%A9-dienko-vy%C5%A1ila-A.-O%C4%8Den%C3%A1%C5%A1ov%C3%A1-Jal%C5%A1ov%C3%ADk-scaled.jpg?fit=300%2C225&amp;ssl=1\" data-large-file=\"https:\/\/i0.wp.com\/www.atelier-reklama.sk\/blog\/wp-content\/uploads\/2023\/03\/16.-%C4%8Depiec-roz%C5%A1%C3%ADren%C3%A9-dienko-vy%C5%A1ila-A.-O%C4%8Den%C3%A1%C5%A1ov%C3%A1-Jal%C5%A1ov%C3%ADk-scaled.jpg?fit=800%2C600&amp;ssl=1\" src=\"https:\/\/i0.wp.com\/www.atelier-reklama.sk\/blog\/wp-content\/uploads\/2023\/03\/16.-%C4%8Depiec-roz%C5%A1%C3%ADren%C3%A9-dienko-vy%C5%A1ila-A.-O%C4%8Den%C3%A1%C5%A1ov%C3%A1-Jal%C5%A1ov%C3%ADk.jpg?resize=800%2C600&#038;ssl=1\" alt=\"\" class=\"wp-image-12646\" srcset=\"https:\/\/i0.wp.com\/www.atelier-reklama.sk\/blog\/wp-content\/uploads\/2023\/03\/16.-%C4%8Depiec-roz%C5%A1%C3%ADren%C3%A9-dienko-vy%C5%A1ila-A.-O%C4%8Den%C3%A1%C5%A1ov%C3%A1-Jal%C5%A1ov%C3%ADk-scaled.jpg?resize=1024%2C768&amp;ssl=1 1024w, https:\/\/i0.wp.com\/www.atelier-reklama.sk\/blog\/wp-content\/uploads\/2023\/03\/16.-%C4%8Depiec-roz%C5%A1%C3%ADren%C3%A9-dienko-vy%C5%A1ila-A.-O%C4%8Den%C3%A1%C5%A1ov%C3%A1-Jal%C5%A1ov%C3%ADk-scaled.jpg?resize=300%2C225&amp;ssl=1 300w, https:\/\/i0.wp.com\/www.atelier-reklama.sk\/blog\/wp-content\/uploads\/2023\/03\/16.-%C4%8Depiec-roz%C5%A1%C3%ADren%C3%A9-dienko-vy%C5%A1ila-A.-O%C4%8Den%C3%A1%C5%A1ov%C3%A1-Jal%C5%A1ov%C3%ADk-scaled.jpg?resize=768%2C576&amp;ssl=1 768w, https:\/\/i0.wp.com\/www.atelier-reklama.sk\/blog\/wp-content\/uploads\/2023\/03\/16.-%C4%8Depiec-roz%C5%A1%C3%ADren%C3%A9-dienko-vy%C5%A1ila-A.-O%C4%8Den%C3%A1%C5%A1ov%C3%A1-Jal%C5%A1ov%C3%ADk-scaled.jpg?resize=1536%2C1152&amp;ssl=1 1536w, https:\/\/i0.wp.com\/www.atelier-reklama.sk\/blog\/wp-content\/uploads\/2023\/03\/16.-%C4%8Depiec-roz%C5%A1%C3%ADren%C3%A9-dienko-vy%C5%A1ila-A.-O%C4%8Den%C3%A1%C5%A1ov%C3%A1-Jal%C5%A1ov%C3%ADk-scaled.jpg?resize=2048%2C1536&amp;ssl=1 2048w, https:\/\/i0.wp.com\/www.atelier-reklama.sk\/blog\/wp-content\/uploads\/2023\/03\/16.-%C4%8Depiec-roz%C5%A1%C3%ADren%C3%A9-dienko-vy%C5%A1ila-A.-O%C4%8Den%C3%A1%C5%A1ov%C3%A1-Jal%C5%A1ov%C3%ADk-scaled.jpg?w=1600&amp;ssl=1 1600w, https:\/\/i0.wp.com\/www.atelier-reklama.sk\/blog\/wp-content\/uploads\/2023\/03\/16.-%C4%8Depiec-roz%C5%A1%C3%ADren%C3%A9-dienko-vy%C5%A1ila-A.-O%C4%8Den%C3%A1%C5%A1ov%C3%A1-Jal%C5%A1ov%C3%ADk-scaled.jpg?w=2400&amp;ssl=1 2400w\" sizes=\"auto, (max-width: 800px) 100vw, 800px\" \/><\/figure>\n\n\n\n<p>Krek\u00e1\u010dsky \u010depiec, p\u00f4vod nezn\u00e1my<\/p>\n\n\n\n<figure class=\"wp-block-image size-large\"><img data-recalc-dims=\"1\" loading=\"lazy\" decoding=\"async\" width=\"800\" height=\"527\" data-attachment-id=\"12648\" data-permalink=\"https:\/\/www.atelier-reklama.sk\/blog\/moj-krekacsky-kroj-a-jeho-prekreslene-vzory-spolu\/17-cepiec-povod-neznamy\/\" data-orig-file=\"https:\/\/i0.wp.com\/www.atelier-reklama.sk\/blog\/wp-content\/uploads\/2023\/03\/17.-%C4%8Depiec-p%C3%B4vod-nezn%C3%A1my-scaled.jpg?fit=2560%2C1684&amp;ssl=1\" data-orig-size=\"2560,1684\" data-comments-opened=\"1\" data-image-meta=\"{&quot;aperture&quot;:&quot;2&quot;,&quot;credit&quot;:&quot;&quot;,&quot;camera&quot;:&quot;SM-A125F&quot;,&quot;caption&quot;:&quot;&quot;,&quot;created_timestamp&quot;:&quot;1678010990&quot;,&quot;copyright&quot;:&quot;&quot;,&quot;focal_length&quot;:&quot;4.6&quot;,&quot;iso&quot;:&quot;64&quot;,&quot;shutter_speed&quot;:&quot;0.0199&quot;,&quot;title&quot;:&quot;&quot;,&quot;orientation&quot;:&quot;1&quot;}\" data-image-title=\"17.-\u010depiec-p\u00f4vod-nezn\u00e1my\" data-image-description=\"\" data-image-caption=\"\" data-medium-file=\"https:\/\/i0.wp.com\/www.atelier-reklama.sk\/blog\/wp-content\/uploads\/2023\/03\/17.-%C4%8Depiec-p%C3%B4vod-nezn%C3%A1my-scaled.jpg?fit=300%2C197&amp;ssl=1\" data-large-file=\"https:\/\/i0.wp.com\/www.atelier-reklama.sk\/blog\/wp-content\/uploads\/2023\/03\/17.-%C4%8Depiec-p%C3%B4vod-nezn%C3%A1my-scaled.jpg?fit=800%2C527&amp;ssl=1\" src=\"https:\/\/i0.wp.com\/www.atelier-reklama.sk\/blog\/wp-content\/uploads\/2023\/03\/17.-%C4%8Depiec-p%C3%B4vod-nezn%C3%A1my.jpg?resize=800%2C527&#038;ssl=1\" alt=\"\" class=\"wp-image-12648\" srcset=\"https:\/\/i0.wp.com\/www.atelier-reklama.sk\/blog\/wp-content\/uploads\/2023\/03\/17.-%C4%8Depiec-p%C3%B4vod-nezn%C3%A1my-scaled.jpg?resize=1024%2C674&amp;ssl=1 1024w, https:\/\/i0.wp.com\/www.atelier-reklama.sk\/blog\/wp-content\/uploads\/2023\/03\/17.-%C4%8Depiec-p%C3%B4vod-nezn%C3%A1my-scaled.jpg?resize=300%2C197&amp;ssl=1 300w, https:\/\/i0.wp.com\/www.atelier-reklama.sk\/blog\/wp-content\/uploads\/2023\/03\/17.-%C4%8Depiec-p%C3%B4vod-nezn%C3%A1my-scaled.jpg?resize=768%2C505&amp;ssl=1 768w, https:\/\/i0.wp.com\/www.atelier-reklama.sk\/blog\/wp-content\/uploads\/2023\/03\/17.-%C4%8Depiec-p%C3%B4vod-nezn%C3%A1my-scaled.jpg?resize=1536%2C1011&amp;ssl=1 1536w, https:\/\/i0.wp.com\/www.atelier-reklama.sk\/blog\/wp-content\/uploads\/2023\/03\/17.-%C4%8Depiec-p%C3%B4vod-nezn%C3%A1my-scaled.jpg?resize=2048%2C1348&amp;ssl=1 2048w, https:\/\/i0.wp.com\/www.atelier-reklama.sk\/blog\/wp-content\/uploads\/2023\/03\/17.-%C4%8Depiec-p%C3%B4vod-nezn%C3%A1my-scaled.jpg?w=1600&amp;ssl=1 1600w, https:\/\/i0.wp.com\/www.atelier-reklama.sk\/blog\/wp-content\/uploads\/2023\/03\/17.-%C4%8Depiec-p%C3%B4vod-nezn%C3%A1my-scaled.jpg?w=2400&amp;ssl=1 2400w\" sizes=\"auto, (max-width: 800px) 100vw, 800px\" \/><\/figure>\n\n\n\n<figure class=\"wp-block-image size-large\"><img data-recalc-dims=\"1\" loading=\"lazy\" decoding=\"async\" width=\"800\" height=\"503\" data-attachment-id=\"12649\" data-permalink=\"https:\/\/www.atelier-reklama.sk\/blog\/moj-krekacsky-kroj-a-jeho-prekreslene-vzory-spolu\/17-cepiec-dienko-povod-neznamy\/\" data-orig-file=\"https:\/\/i0.wp.com\/www.atelier-reklama.sk\/blog\/wp-content\/uploads\/2023\/03\/17.-%C4%8Depiec-dienko-povod-neznamy-scaled.jpg?fit=2560%2C1609&amp;ssl=1\" data-orig-size=\"2560,1609\" data-comments-opened=\"1\" data-image-meta=\"{&quot;aperture&quot;:&quot;2&quot;,&quot;credit&quot;:&quot;&quot;,&quot;camera&quot;:&quot;SM-A125F&quot;,&quot;caption&quot;:&quot;&quot;,&quot;created_timestamp&quot;:&quot;1678011010&quot;,&quot;copyright&quot;:&quot;&quot;,&quot;focal_length&quot;:&quot;4.6&quot;,&quot;iso&quot;:&quot;64&quot;,&quot;shutter_speed&quot;:&quot;0.0199&quot;,&quot;title&quot;:&quot;&quot;,&quot;orientation&quot;:&quot;1&quot;}\" data-image-title=\"17.-\u010depiec-dienko-povod-neznamy\" data-image-description=\"\" data-image-caption=\"\" data-medium-file=\"https:\/\/i0.wp.com\/www.atelier-reklama.sk\/blog\/wp-content\/uploads\/2023\/03\/17.-%C4%8Depiec-dienko-povod-neznamy-scaled.jpg?fit=300%2C189&amp;ssl=1\" data-large-file=\"https:\/\/i0.wp.com\/www.atelier-reklama.sk\/blog\/wp-content\/uploads\/2023\/03\/17.-%C4%8Depiec-dienko-povod-neznamy-scaled.jpg?fit=800%2C503&amp;ssl=1\" src=\"https:\/\/i0.wp.com\/www.atelier-reklama.sk\/blog\/wp-content\/uploads\/2023\/03\/17.-%C4%8Depiec-dienko-povod-neznamy.jpg?resize=800%2C503&#038;ssl=1\" alt=\"\" class=\"wp-image-12649\" srcset=\"https:\/\/i0.wp.com\/www.atelier-reklama.sk\/blog\/wp-content\/uploads\/2023\/03\/17.-%C4%8Depiec-dienko-povod-neznamy-scaled.jpg?resize=1024%2C644&amp;ssl=1 1024w, https:\/\/i0.wp.com\/www.atelier-reklama.sk\/blog\/wp-content\/uploads\/2023\/03\/17.-%C4%8Depiec-dienko-povod-neznamy-scaled.jpg?resize=300%2C189&amp;ssl=1 300w, https:\/\/i0.wp.com\/www.atelier-reklama.sk\/blog\/wp-content\/uploads\/2023\/03\/17.-%C4%8Depiec-dienko-povod-neznamy-scaled.jpg?resize=768%2C483&amp;ssl=1 768w, https:\/\/i0.wp.com\/www.atelier-reklama.sk\/blog\/wp-content\/uploads\/2023\/03\/17.-%C4%8Depiec-dienko-povod-neznamy-scaled.jpg?resize=1536%2C966&amp;ssl=1 1536w, https:\/\/i0.wp.com\/www.atelier-reklama.sk\/blog\/wp-content\/uploads\/2023\/03\/17.-%C4%8Depiec-dienko-povod-neznamy-scaled.jpg?resize=2048%2C1288&amp;ssl=1 2048w, https:\/\/i0.wp.com\/www.atelier-reklama.sk\/blog\/wp-content\/uploads\/2023\/03\/17.-%C4%8Depiec-dienko-povod-neznamy-scaled.jpg?w=1600&amp;ssl=1 1600w, https:\/\/i0.wp.com\/www.atelier-reklama.sk\/blog\/wp-content\/uploads\/2023\/03\/17.-%C4%8Depiec-dienko-povod-neznamy-scaled.jpg?w=2400&amp;ssl=1 2400w\" sizes=\"auto, (max-width: 800px) 100vw, 800px\" \/><\/figure>\n\n\n\n<figure class=\"wp-block-image size-large\"><img data-recalc-dims=\"1\" loading=\"lazy\" decoding=\"async\" width=\"800\" height=\"476\" data-attachment-id=\"12650\" data-permalink=\"https:\/\/www.atelier-reklama.sk\/blog\/moj-krekacsky-kroj-a-jeho-prekreslene-vzory-spolu\/17-cepiec-povod-neznamy-1\/\" data-orig-file=\"https:\/\/i0.wp.com\/www.atelier-reklama.sk\/blog\/wp-content\/uploads\/2023\/03\/17.-%C4%8Depiec-p%C3%B4vod-nezn%C3%A1my-1-scaled.jpg?fit=2560%2C1523&amp;ssl=1\" data-orig-size=\"2560,1523\" data-comments-opened=\"1\" data-image-meta=\"{&quot;aperture&quot;:&quot;2&quot;,&quot;credit&quot;:&quot;&quot;,&quot;camera&quot;:&quot;SM-A125F&quot;,&quot;caption&quot;:&quot;&quot;,&quot;created_timestamp&quot;:&quot;1678010996&quot;,&quot;copyright&quot;:&quot;&quot;,&quot;focal_length&quot;:&quot;4.6&quot;,&quot;iso&quot;:&quot;64&quot;,&quot;shutter_speed&quot;:&quot;0.0199&quot;,&quot;title&quot;:&quot;&quot;,&quot;orientation&quot;:&quot;1&quot;}\" data-image-title=\"17.-\u010depiec-p\u00f4vod-nezn\u00e1my-1\" data-image-description=\"\" data-image-caption=\"\" data-medium-file=\"https:\/\/i0.wp.com\/www.atelier-reklama.sk\/blog\/wp-content\/uploads\/2023\/03\/17.-%C4%8Depiec-p%C3%B4vod-nezn%C3%A1my-1-scaled.jpg?fit=300%2C178&amp;ssl=1\" data-large-file=\"https:\/\/i0.wp.com\/www.atelier-reklama.sk\/blog\/wp-content\/uploads\/2023\/03\/17.-%C4%8Depiec-p%C3%B4vod-nezn%C3%A1my-1-scaled.jpg?fit=800%2C476&amp;ssl=1\" src=\"https:\/\/i0.wp.com\/www.atelier-reklama.sk\/blog\/wp-content\/uploads\/2023\/03\/17.-%C4%8Depiec-p%C3%B4vod-nezn%C3%A1my-1.jpg?resize=800%2C476&#038;ssl=1\" alt=\"\" class=\"wp-image-12650\" srcset=\"https:\/\/i0.wp.com\/www.atelier-reklama.sk\/blog\/wp-content\/uploads\/2023\/03\/17.-%C4%8Depiec-p%C3%B4vod-nezn%C3%A1my-1-scaled.jpg?resize=1024%2C609&amp;ssl=1 1024w, https:\/\/i0.wp.com\/www.atelier-reklama.sk\/blog\/wp-content\/uploads\/2023\/03\/17.-%C4%8Depiec-p%C3%B4vod-nezn%C3%A1my-1-scaled.jpg?resize=300%2C178&amp;ssl=1 300w, https:\/\/i0.wp.com\/www.atelier-reklama.sk\/blog\/wp-content\/uploads\/2023\/03\/17.-%C4%8Depiec-p%C3%B4vod-nezn%C3%A1my-1-scaled.jpg?resize=768%2C457&amp;ssl=1 768w, https:\/\/i0.wp.com\/www.atelier-reklama.sk\/blog\/wp-content\/uploads\/2023\/03\/17.-%C4%8Depiec-p%C3%B4vod-nezn%C3%A1my-1-scaled.jpg?resize=1536%2C914&amp;ssl=1 1536w, https:\/\/i0.wp.com\/www.atelier-reklama.sk\/blog\/wp-content\/uploads\/2023\/03\/17.-%C4%8Depiec-p%C3%B4vod-nezn%C3%A1my-1-scaled.jpg?resize=2048%2C1219&amp;ssl=1 2048w, https:\/\/i0.wp.com\/www.atelier-reklama.sk\/blog\/wp-content\/uploads\/2023\/03\/17.-%C4%8Depiec-p%C3%B4vod-nezn%C3%A1my-1-scaled.jpg?w=1600&amp;ssl=1 1600w, https:\/\/i0.wp.com\/www.atelier-reklama.sk\/blog\/wp-content\/uploads\/2023\/03\/17.-%C4%8Depiec-p%C3%B4vod-nezn%C3%A1my-1-scaled.jpg?w=2400&amp;ssl=1 2400w\" sizes=\"auto, (max-width: 800px) 100vw, 800px\" \/><\/figure>\n\n\n\n<p>\u010cepiec, Jal\u0161ov\u00edk, pol. 20.stor. vy\u0161ila Anna O\u010den\u00e1\u0161ov\u00e1<\/p>\n\n\n\n<figure class=\"wp-block-image size-large\"><img data-recalc-dims=\"1\" loading=\"lazy\" decoding=\"async\" width=\"800\" height=\"433\" data-attachment-id=\"12651\" data-permalink=\"https:\/\/www.atelier-reklama.sk\/blog\/moj-krekacsky-kroj-a-jeho-prekreslene-vzory-spolu\/18-cepiec-vysila-a-ocenasova-jalsovik\/\" data-orig-file=\"https:\/\/i0.wp.com\/www.atelier-reklama.sk\/blog\/wp-content\/uploads\/2023\/03\/18.-%C4%8Depiec-vy%C5%A1ila-A.-O%C4%8Den%C3%A1%C5%A1ov%C3%A1-Jal%C5%A1ov%C3%ADk-scaled.jpg?fit=2560%2C1386&amp;ssl=1\" data-orig-size=\"2560,1386\" data-comments-opened=\"1\" data-image-meta=\"{&quot;aperture&quot;:&quot;2&quot;,&quot;credit&quot;:&quot;&quot;,&quot;camera&quot;:&quot;SM-A125F&quot;,&quot;caption&quot;:&quot;&quot;,&quot;created_timestamp&quot;:&quot;1678010906&quot;,&quot;copyright&quot;:&quot;&quot;,&quot;focal_length&quot;:&quot;4.6&quot;,&quot;iso&quot;:&quot;64&quot;,&quot;shutter_speed&quot;:&quot;0.0199&quot;,&quot;title&quot;:&quot;&quot;,&quot;orientation&quot;:&quot;1&quot;}\" data-image-title=\"18.-\u010depiec-vy\u0161ila-A.-O\u010den\u00e1\u0161ov\u00e1-Jal\u0161ov\u00edk\" data-image-description=\"\" data-image-caption=\"\" data-medium-file=\"https:\/\/i0.wp.com\/www.atelier-reklama.sk\/blog\/wp-content\/uploads\/2023\/03\/18.-%C4%8Depiec-vy%C5%A1ila-A.-O%C4%8Den%C3%A1%C5%A1ov%C3%A1-Jal%C5%A1ov%C3%ADk-scaled.jpg?fit=300%2C162&amp;ssl=1\" data-large-file=\"https:\/\/i0.wp.com\/www.atelier-reklama.sk\/blog\/wp-content\/uploads\/2023\/03\/18.-%C4%8Depiec-vy%C5%A1ila-A.-O%C4%8Den%C3%A1%C5%A1ov%C3%A1-Jal%C5%A1ov%C3%ADk-scaled.jpg?fit=800%2C433&amp;ssl=1\" src=\"https:\/\/i0.wp.com\/www.atelier-reklama.sk\/blog\/wp-content\/uploads\/2023\/03\/18.-%C4%8Depiec-vy%C5%A1ila-A.-O%C4%8Den%C3%A1%C5%A1ov%C3%A1-Jal%C5%A1ov%C3%ADk.jpg?resize=800%2C433&#038;ssl=1\" alt=\"\" class=\"wp-image-12651\" srcset=\"https:\/\/i0.wp.com\/www.atelier-reklama.sk\/blog\/wp-content\/uploads\/2023\/03\/18.-%C4%8Depiec-vy%C5%A1ila-A.-O%C4%8Den%C3%A1%C5%A1ov%C3%A1-Jal%C5%A1ov%C3%ADk-scaled.jpg?resize=1024%2C554&amp;ssl=1 1024w, https:\/\/i0.wp.com\/www.atelier-reklama.sk\/blog\/wp-content\/uploads\/2023\/03\/18.-%C4%8Depiec-vy%C5%A1ila-A.-O%C4%8Den%C3%A1%C5%A1ov%C3%A1-Jal%C5%A1ov%C3%ADk-scaled.jpg?resize=300%2C162&amp;ssl=1 300w, https:\/\/i0.wp.com\/www.atelier-reklama.sk\/blog\/wp-content\/uploads\/2023\/03\/18.-%C4%8Depiec-vy%C5%A1ila-A.-O%C4%8Den%C3%A1%C5%A1ov%C3%A1-Jal%C5%A1ov%C3%ADk-scaled.jpg?resize=768%2C416&amp;ssl=1 768w, https:\/\/i0.wp.com\/www.atelier-reklama.sk\/blog\/wp-content\/uploads\/2023\/03\/18.-%C4%8Depiec-vy%C5%A1ila-A.-O%C4%8Den%C3%A1%C5%A1ov%C3%A1-Jal%C5%A1ov%C3%ADk-scaled.jpg?resize=1536%2C832&amp;ssl=1 1536w, https:\/\/i0.wp.com\/www.atelier-reklama.sk\/blog\/wp-content\/uploads\/2023\/03\/18.-%C4%8Depiec-vy%C5%A1ila-A.-O%C4%8Den%C3%A1%C5%A1ov%C3%A1-Jal%C5%A1ov%C3%ADk-scaled.jpg?resize=2048%2C1109&amp;ssl=1 2048w, https:\/\/i0.wp.com\/www.atelier-reklama.sk\/blog\/wp-content\/uploads\/2023\/03\/18.-%C4%8Depiec-vy%C5%A1ila-A.-O%C4%8Den%C3%A1%C5%A1ov%C3%A1-Jal%C5%A1ov%C3%ADk-scaled.jpg?w=1600&amp;ssl=1 1600w, https:\/\/i0.wp.com\/www.atelier-reklama.sk\/blog\/wp-content\/uploads\/2023\/03\/18.-%C4%8Depiec-vy%C5%A1ila-A.-O%C4%8Den%C3%A1%C5%A1ov%C3%A1-Jal%C5%A1ov%C3%ADk-scaled.jpg?w=2400&amp;ssl=1 2400w\" sizes=\"auto, (max-width: 800px) 100vw, 800px\" \/><\/figure>\n\n\n\n<figure class=\"wp-block-image size-large\"><img data-recalc-dims=\"1\" loading=\"lazy\" decoding=\"async\" width=\"800\" height=\"652\" data-attachment-id=\"12653\" data-permalink=\"https:\/\/www.atelier-reklama.sk\/blog\/moj-krekacsky-kroj-a-jeho-prekreslene-vzory-spolu\/18-cepiecprdnicka-vysila-a-ocenasova-jalsovik\/\" data-orig-file=\"https:\/\/i0.wp.com\/www.atelier-reklama.sk\/blog\/wp-content\/uploads\/2023\/03\/18.-%C4%8Depiecprdni%C4%8Dka-vy%C5%A1ila-A.-O%C4%8Den%C3%A1%C5%A1ov%C3%A1-Jal%C5%A1ov%C3%ADk-scaled.jpg?fit=2560%2C2085&amp;ssl=1\" data-orig-size=\"2560,2085\" data-comments-opened=\"1\" data-image-meta=\"{&quot;aperture&quot;:&quot;2&quot;,&quot;credit&quot;:&quot;&quot;,&quot;camera&quot;:&quot;SM-A125F&quot;,&quot;caption&quot;:&quot;&quot;,&quot;created_timestamp&quot;:&quot;1678010912&quot;,&quot;copyright&quot;:&quot;&quot;,&quot;focal_length&quot;:&quot;4.6&quot;,&quot;iso&quot;:&quot;80&quot;,&quot;shutter_speed&quot;:&quot;0.0199&quot;,&quot;title&quot;:&quot;&quot;,&quot;orientation&quot;:&quot;1&quot;}\" data-image-title=\"18.-\u010depiecprdni\u010dka-vy\u0161ila-A.-O\u010den\u00e1\u0161ov\u00e1-Jal\u0161ov\u00edk\" data-image-description=\"\" data-image-caption=\"\" data-medium-file=\"https:\/\/i0.wp.com\/www.atelier-reklama.sk\/blog\/wp-content\/uploads\/2023\/03\/18.-%C4%8Depiecprdni%C4%8Dka-vy%C5%A1ila-A.-O%C4%8Den%C3%A1%C5%A1ov%C3%A1-Jal%C5%A1ov%C3%ADk-scaled.jpg?fit=300%2C244&amp;ssl=1\" data-large-file=\"https:\/\/i0.wp.com\/www.atelier-reklama.sk\/blog\/wp-content\/uploads\/2023\/03\/18.-%C4%8Depiecprdni%C4%8Dka-vy%C5%A1ila-A.-O%C4%8Den%C3%A1%C5%A1ov%C3%A1-Jal%C5%A1ov%C3%ADk-scaled.jpg?fit=800%2C652&amp;ssl=1\" src=\"https:\/\/i0.wp.com\/www.atelier-reklama.sk\/blog\/wp-content\/uploads\/2023\/03\/18.-%C4%8Depiecprdni%C4%8Dka-vy%C5%A1ila-A.-O%C4%8Den%C3%A1%C5%A1ov%C3%A1-Jal%C5%A1ov%C3%ADk.jpg?resize=800%2C652&#038;ssl=1\" alt=\"\" class=\"wp-image-12653\" srcset=\"https:\/\/i0.wp.com\/www.atelier-reklama.sk\/blog\/wp-content\/uploads\/2023\/03\/18.-%C4%8Depiecprdni%C4%8Dka-vy%C5%A1ila-A.-O%C4%8Den%C3%A1%C5%A1ov%C3%A1-Jal%C5%A1ov%C3%ADk-scaled.jpg?resize=1024%2C834&amp;ssl=1 1024w, https:\/\/i0.wp.com\/www.atelier-reklama.sk\/blog\/wp-content\/uploads\/2023\/03\/18.-%C4%8Depiecprdni%C4%8Dka-vy%C5%A1ila-A.-O%C4%8Den%C3%A1%C5%A1ov%C3%A1-Jal%C5%A1ov%C3%ADk-scaled.jpg?resize=300%2C244&amp;ssl=1 300w, https:\/\/i0.wp.com\/www.atelier-reklama.sk\/blog\/wp-content\/uploads\/2023\/03\/18.-%C4%8Depiecprdni%C4%8Dka-vy%C5%A1ila-A.-O%C4%8Den%C3%A1%C5%A1ov%C3%A1-Jal%C5%A1ov%C3%ADk-scaled.jpg?resize=768%2C626&amp;ssl=1 768w, https:\/\/i0.wp.com\/www.atelier-reklama.sk\/blog\/wp-content\/uploads\/2023\/03\/18.-%C4%8Depiecprdni%C4%8Dka-vy%C5%A1ila-A.-O%C4%8Den%C3%A1%C5%A1ov%C3%A1-Jal%C5%A1ov%C3%ADk-scaled.jpg?resize=1536%2C1251&amp;ssl=1 1536w, https:\/\/i0.wp.com\/www.atelier-reklama.sk\/blog\/wp-content\/uploads\/2023\/03\/18.-%C4%8Depiecprdni%C4%8Dka-vy%C5%A1ila-A.-O%C4%8Den%C3%A1%C5%A1ov%C3%A1-Jal%C5%A1ov%C3%ADk-scaled.jpg?resize=2048%2C1668&amp;ssl=1 2048w, https:\/\/i0.wp.com\/www.atelier-reklama.sk\/blog\/wp-content\/uploads\/2023\/03\/18.-%C4%8Depiecprdni%C4%8Dka-vy%C5%A1ila-A.-O%C4%8Den%C3%A1%C5%A1ov%C3%A1-Jal%C5%A1ov%C3%ADk-scaled.jpg?w=1600&amp;ssl=1 1600w, https:\/\/i0.wp.com\/www.atelier-reklama.sk\/blog\/wp-content\/uploads\/2023\/03\/18.-%C4%8Depiecprdni%C4%8Dka-vy%C5%A1ila-A.-O%C4%8Den%C3%A1%C5%A1ov%C3%A1-Jal%C5%A1ov%C3%ADk-scaled.jpg?w=2400&amp;ssl=1 2400w\" sizes=\"auto, (max-width: 800px) 100vw, 800px\" \/><\/figure>\n\n\n\n<figure class=\"wp-block-image size-large\"><img data-recalc-dims=\"1\" loading=\"lazy\" decoding=\"async\" width=\"800\" height=\"446\" data-attachment-id=\"12652\" data-permalink=\"https:\/\/www.atelier-reklama.sk\/blog\/moj-krekacsky-kroj-a-jeho-prekreslene-vzory-spolu\/18-cepiec-dienko-vzor-srdce-vysila-a-ocenasova-jalsovik\/\" data-orig-file=\"https:\/\/i0.wp.com\/www.atelier-reklama.sk\/blog\/wp-content\/uploads\/2023\/03\/18.-%C4%8Depiec-dienko-vzor-srdce-vy%C5%A1ila-A.-O%C4%8Den%C3%A1%C5%A1ov%C3%A1-Jal%C5%A1ov%C3%ADk-scaled.jpg?fit=2560%2C1427&amp;ssl=1\" data-orig-size=\"2560,1427\" data-comments-opened=\"1\" data-image-meta=\"{&quot;aperture&quot;:&quot;2&quot;,&quot;credit&quot;:&quot;&quot;,&quot;camera&quot;:&quot;SM-A125F&quot;,&quot;caption&quot;:&quot;&quot;,&quot;created_timestamp&quot;:&quot;1678010919&quot;,&quot;copyright&quot;:&quot;&quot;,&quot;focal_length&quot;:&quot;4.6&quot;,&quot;iso&quot;:&quot;64&quot;,&quot;shutter_speed&quot;:&quot;0.0199&quot;,&quot;title&quot;:&quot;&quot;,&quot;orientation&quot;:&quot;1&quot;}\" data-image-title=\"18.-\u010depiec-dienko-vzor-srdce-vy\u0161ila-A.-O\u010den\u00e1\u0161ov\u00e1-Jal\u0161ov\u00edk\" data-image-description=\"\" data-image-caption=\"\" data-medium-file=\"https:\/\/i0.wp.com\/www.atelier-reklama.sk\/blog\/wp-content\/uploads\/2023\/03\/18.-%C4%8Depiec-dienko-vzor-srdce-vy%C5%A1ila-A.-O%C4%8Den%C3%A1%C5%A1ov%C3%A1-Jal%C5%A1ov%C3%ADk-scaled.jpg?fit=300%2C167&amp;ssl=1\" data-large-file=\"https:\/\/i0.wp.com\/www.atelier-reklama.sk\/blog\/wp-content\/uploads\/2023\/03\/18.-%C4%8Depiec-dienko-vzor-srdce-vy%C5%A1ila-A.-O%C4%8Den%C3%A1%C5%A1ov%C3%A1-Jal%C5%A1ov%C3%ADk-scaled.jpg?fit=800%2C446&amp;ssl=1\" src=\"https:\/\/i0.wp.com\/www.atelier-reklama.sk\/blog\/wp-content\/uploads\/2023\/03\/18.-%C4%8Depiec-dienko-vzor-srdce-vy%C5%A1ila-A.-O%C4%8Den%C3%A1%C5%A1ov%C3%A1-Jal%C5%A1ov%C3%ADk.jpg?resize=800%2C446&#038;ssl=1\" alt=\"\" class=\"wp-image-12652\" srcset=\"https:\/\/i0.wp.com\/www.atelier-reklama.sk\/blog\/wp-content\/uploads\/2023\/03\/18.-%C4%8Depiec-dienko-vzor-srdce-vy%C5%A1ila-A.-O%C4%8Den%C3%A1%C5%A1ov%C3%A1-Jal%C5%A1ov%C3%ADk-scaled.jpg?resize=1024%2C571&amp;ssl=1 1024w, https:\/\/i0.wp.com\/www.atelier-reklama.sk\/blog\/wp-content\/uploads\/2023\/03\/18.-%C4%8Depiec-dienko-vzor-srdce-vy%C5%A1ila-A.-O%C4%8Den%C3%A1%C5%A1ov%C3%A1-Jal%C5%A1ov%C3%ADk-scaled.jpg?resize=300%2C167&amp;ssl=1 300w, https:\/\/i0.wp.com\/www.atelier-reklama.sk\/blog\/wp-content\/uploads\/2023\/03\/18.-%C4%8Depiec-dienko-vzor-srdce-vy%C5%A1ila-A.-O%C4%8Den%C3%A1%C5%A1ov%C3%A1-Jal%C5%A1ov%C3%ADk-scaled.jpg?resize=768%2C428&amp;ssl=1 768w, https:\/\/i0.wp.com\/www.atelier-reklama.sk\/blog\/wp-content\/uploads\/2023\/03\/18.-%C4%8Depiec-dienko-vzor-srdce-vy%C5%A1ila-A.-O%C4%8Den%C3%A1%C5%A1ov%C3%A1-Jal%C5%A1ov%C3%ADk-scaled.jpg?resize=1536%2C856&amp;ssl=1 1536w, https:\/\/i0.wp.com\/www.atelier-reklama.sk\/blog\/wp-content\/uploads\/2023\/03\/18.-%C4%8Depiec-dienko-vzor-srdce-vy%C5%A1ila-A.-O%C4%8Den%C3%A1%C5%A1ov%C3%A1-Jal%C5%A1ov%C3%ADk-scaled.jpg?resize=2048%2C1141&amp;ssl=1 2048w, https:\/\/i0.wp.com\/www.atelier-reklama.sk\/blog\/wp-content\/uploads\/2023\/03\/18.-%C4%8Depiec-dienko-vzor-srdce-vy%C5%A1ila-A.-O%C4%8Den%C3%A1%C5%A1ov%C3%A1-Jal%C5%A1ov%C3%ADk-scaled.jpg?resize=800%2C445&amp;ssl=1 800w, https:\/\/i0.wp.com\/www.atelier-reklama.sk\/blog\/wp-content\/uploads\/2023\/03\/18.-%C4%8Depiec-dienko-vzor-srdce-vy%C5%A1ila-A.-O%C4%8Den%C3%A1%C5%A1ov%C3%A1-Jal%C5%A1ov%C3%ADk-scaled.jpg?w=1600&amp;ssl=1 1600w, https:\/\/i0.wp.com\/www.atelier-reklama.sk\/blog\/wp-content\/uploads\/2023\/03\/18.-%C4%8Depiec-dienko-vzor-srdce-vy%C5%A1ila-A.-O%C4%8Den%C3%A1%C5%A1ov%C3%A1-Jal%C5%A1ov%C3%ADk-scaled.jpg?w=2400&amp;ssl=1 2400w\" sizes=\"auto, (max-width: 800px) 100vw, 800px\" \/><\/figure>\n\n\n\n<figure class=\"wp-block-image aligncenter size-large\"><img data-recalc-dims=\"1\" loading=\"lazy\" decoding=\"async\" width=\"800\" height=\"695\" data-attachment-id=\"12654\" data-permalink=\"https:\/\/www.atelier-reklama.sk\/blog\/moj-krekacsky-kroj-a-jeho-prekreslene-vzory-spolu\/18-cepiec-srdce-vysila-a-ocenasova-jalsovik\/\" data-orig-file=\"https:\/\/i0.wp.com\/www.atelier-reklama.sk\/blog\/wp-content\/uploads\/2023\/03\/18.-%C4%8Depiec-srdce-vy%C5%A1ila-A.-O%C4%8Den%C3%A1%C5%A1ov%C3%A1-Jal%C5%A1ov%C3%ADk-scaled.jpg?fit=2560%2C2223&amp;ssl=1\" data-orig-size=\"2560,2223\" data-comments-opened=\"1\" data-image-meta=\"{&quot;aperture&quot;:&quot;2&quot;,&quot;credit&quot;:&quot;&quot;,&quot;camera&quot;:&quot;SM-A125F&quot;,&quot;caption&quot;:&quot;&quot;,&quot;created_timestamp&quot;:&quot;1678010929&quot;,&quot;copyright&quot;:&quot;&quot;,&quot;focal_length&quot;:&quot;4.6&quot;,&quot;iso&quot;:&quot;64&quot;,&quot;shutter_speed&quot;:&quot;0.0199&quot;,&quot;title&quot;:&quot;&quot;,&quot;orientation&quot;:&quot;1&quot;}\" data-image-title=\"18.-\u010depiec-srdce-vy\u0161ila-A.-O\u010den\u00e1\u0161ov\u00e1-Jal\u0161ov\u00edk\" data-image-description=\"\" data-image-caption=\"\" data-medium-file=\"https:\/\/i0.wp.com\/www.atelier-reklama.sk\/blog\/wp-content\/uploads\/2023\/03\/18.-%C4%8Depiec-srdce-vy%C5%A1ila-A.-O%C4%8Den%C3%A1%C5%A1ov%C3%A1-Jal%C5%A1ov%C3%ADk-scaled.jpg?fit=300%2C261&amp;ssl=1\" data-large-file=\"https:\/\/i0.wp.com\/www.atelier-reklama.sk\/blog\/wp-content\/uploads\/2023\/03\/18.-%C4%8Depiec-srdce-vy%C5%A1ila-A.-O%C4%8Den%C3%A1%C5%A1ov%C3%A1-Jal%C5%A1ov%C3%ADk-scaled.jpg?fit=800%2C695&amp;ssl=1\" src=\"https:\/\/i0.wp.com\/www.atelier-reklama.sk\/blog\/wp-content\/uploads\/2023\/03\/18.-%C4%8Depiec-srdce-vy%C5%A1ila-A.-O%C4%8Den%C3%A1%C5%A1ov%C3%A1-Jal%C5%A1ov%C3%ADk.jpg?resize=800%2C695&#038;ssl=1\" alt=\"\" class=\"wp-image-12654\" srcset=\"https:\/\/i0.wp.com\/www.atelier-reklama.sk\/blog\/wp-content\/uploads\/2023\/03\/18.-%C4%8Depiec-srdce-vy%C5%A1ila-A.-O%C4%8Den%C3%A1%C5%A1ov%C3%A1-Jal%C5%A1ov%C3%ADk-scaled.jpg?resize=1024%2C889&amp;ssl=1 1024w, https:\/\/i0.wp.com\/www.atelier-reklama.sk\/blog\/wp-content\/uploads\/2023\/03\/18.-%C4%8Depiec-srdce-vy%C5%A1ila-A.-O%C4%8Den%C3%A1%C5%A1ov%C3%A1-Jal%C5%A1ov%C3%ADk-scaled.jpg?resize=300%2C261&amp;ssl=1 300w, https:\/\/i0.wp.com\/www.atelier-reklama.sk\/blog\/wp-content\/uploads\/2023\/03\/18.-%C4%8Depiec-srdce-vy%C5%A1ila-A.-O%C4%8Den%C3%A1%C5%A1ov%C3%A1-Jal%C5%A1ov%C3%ADk-scaled.jpg?resize=768%2C667&amp;ssl=1 768w, https:\/\/i0.wp.com\/www.atelier-reklama.sk\/blog\/wp-content\/uploads\/2023\/03\/18.-%C4%8Depiec-srdce-vy%C5%A1ila-A.-O%C4%8Den%C3%A1%C5%A1ov%C3%A1-Jal%C5%A1ov%C3%ADk-scaled.jpg?resize=1536%2C1334&amp;ssl=1 1536w, https:\/\/i0.wp.com\/www.atelier-reklama.sk\/blog\/wp-content\/uploads\/2023\/03\/18.-%C4%8Depiec-srdce-vy%C5%A1ila-A.-O%C4%8Den%C3%A1%C5%A1ov%C3%A1-Jal%C5%A1ov%C3%ADk-scaled.jpg?resize=2048%2C1778&amp;ssl=1 2048w, https:\/\/i0.wp.com\/www.atelier-reklama.sk\/blog\/wp-content\/uploads\/2023\/03\/18.-%C4%8Depiec-srdce-vy%C5%A1ila-A.-O%C4%8Den%C3%A1%C5%A1ov%C3%A1-Jal%C5%A1ov%C3%ADk-scaled.jpg?w=1600&amp;ssl=1 1600w, https:\/\/i0.wp.com\/www.atelier-reklama.sk\/blog\/wp-content\/uploads\/2023\/03\/18.-%C4%8Depiec-srdce-vy%C5%A1ila-A.-O%C4%8Den%C3%A1%C5%A1ov%C3%A1-Jal%C5%A1ov%C3%ADk-scaled.jpg?w=2400&amp;ssl=1 2400w\" sizes=\"auto, (max-width: 800px) 100vw, 800px\" \/><\/figure>\n\n\n\n<p>\u010cepiec zo Senohradu uv\u00e1dzam pre ve\u013emi pekn\u00fd vzor, p\u00f4vodn\u00fd vlastn\u00edk je nezn\u00e1my, v s\u00fa\u010dasnosti patr\u00ed Zuzanke Kov\u00e1\u010dovej z Bratislavy.<\/p>\n\n\n\n<figure class=\"wp-block-image size-large\"><img data-recalc-dims=\"1\" loading=\"lazy\" decoding=\"async\" width=\"800\" height=\"379\" data-attachment-id=\"15329\" data-permalink=\"https:\/\/www.atelier-reklama.sk\/blog\/moj-krekacsky-kroj-a-jeho-prekreslene-vzory-spolu\/1a-cepiec-senohrad-zuzka-kovacova-2\/\" data-orig-file=\"https:\/\/i0.wp.com\/www.atelier-reklama.sk\/blog\/wp-content\/uploads\/2023\/03\/1A-%C4%8Depiec-Senohrad-Zuzka-Kov%C3%A1%C4%8Dov%C3%A1.jpg?fit=1923%2C910&amp;ssl=1\" data-orig-size=\"1923,910\" data-comments-opened=\"1\" data-image-meta=\"{&quot;aperture&quot;:&quot;0&quot;,&quot;credit&quot;:&quot;&quot;,&quot;camera&quot;:&quot;&quot;,&quot;caption&quot;:&quot;&quot;,&quot;created_timestamp&quot;:&quot;0&quot;,&quot;copyright&quot;:&quot;&quot;,&quot;focal_length&quot;:&quot;0&quot;,&quot;iso&quot;:&quot;0&quot;,&quot;shutter_speed&quot;:&quot;0&quot;,&quot;title&quot;:&quot;&quot;,&quot;orientation&quot;:&quot;0&quot;}\" data-image-title=\"1A \u010depiec Senohrad Zuzka Kov\u00e1\u010dov\u00e1\" data-image-description=\"\" data-image-caption=\"\" data-medium-file=\"https:\/\/i0.wp.com\/www.atelier-reklama.sk\/blog\/wp-content\/uploads\/2023\/03\/1A-%C4%8Depiec-Senohrad-Zuzka-Kov%C3%A1%C4%8Dov%C3%A1.jpg?fit=300%2C142&amp;ssl=1\" data-large-file=\"https:\/\/i0.wp.com\/www.atelier-reklama.sk\/blog\/wp-content\/uploads\/2023\/03\/1A-%C4%8Depiec-Senohrad-Zuzka-Kov%C3%A1%C4%8Dov%C3%A1.jpg?fit=800%2C379&amp;ssl=1\" src=\"https:\/\/i0.wp.com\/www.atelier-reklama.sk\/blog\/wp-content\/uploads\/2023\/03\/1A-%C4%8Depiec-Senohrad-Zuzka-Kov%C3%A1%C4%8Dov%C3%A1.jpg?resize=800%2C379&#038;ssl=1\" alt=\"\" class=\"wp-image-15329\" srcset=\"https:\/\/i0.wp.com\/www.atelier-reklama.sk\/blog\/wp-content\/uploads\/2023\/03\/1A-%C4%8Depiec-Senohrad-Zuzka-Kov%C3%A1%C4%8Dov%C3%A1.jpg?resize=1024%2C485&amp;ssl=1 1024w, https:\/\/i0.wp.com\/www.atelier-reklama.sk\/blog\/wp-content\/uploads\/2023\/03\/1A-%C4%8Depiec-Senohrad-Zuzka-Kov%C3%A1%C4%8Dov%C3%A1.jpg?resize=300%2C142&amp;ssl=1 300w, https:\/\/i0.wp.com\/www.atelier-reklama.sk\/blog\/wp-content\/uploads\/2023\/03\/1A-%C4%8Depiec-Senohrad-Zuzka-Kov%C3%A1%C4%8Dov%C3%A1.jpg?resize=768%2C363&amp;ssl=1 768w, https:\/\/i0.wp.com\/www.atelier-reklama.sk\/blog\/wp-content\/uploads\/2023\/03\/1A-%C4%8Depiec-Senohrad-Zuzka-Kov%C3%A1%C4%8Dov%C3%A1.jpg?resize=1536%2C727&amp;ssl=1 1536w, https:\/\/i0.wp.com\/www.atelier-reklama.sk\/blog\/wp-content\/uploads\/2023\/03\/1A-%C4%8Depiec-Senohrad-Zuzka-Kov%C3%A1%C4%8Dov%C3%A1.jpg?w=1923&amp;ssl=1 1923w, https:\/\/i0.wp.com\/www.atelier-reklama.sk\/blog\/wp-content\/uploads\/2023\/03\/1A-%C4%8Depiec-Senohrad-Zuzka-Kov%C3%A1%C4%8Dov%C3%A1.jpg?w=1600&amp;ssl=1 1600w\" sizes=\"auto, (max-width: 800px) 100vw, 800px\" \/><\/figure>\n\n\n\n<figure class=\"wp-block-image size-large\"><img data-recalc-dims=\"1\" loading=\"lazy\" decoding=\"async\" width=\"800\" height=\"373\" data-attachment-id=\"15330\" data-permalink=\"https:\/\/www.atelier-reklama.sk\/blog\/moj-krekacsky-kroj-a-jeho-prekreslene-vzory-spolu\/1b-cepiec-zuzka-kovacova-senohrad-dienko-2\/\" data-orig-file=\"https:\/\/i0.wp.com\/www.atelier-reklama.sk\/blog\/wp-content\/uploads\/2023\/03\/1B-%C4%8Depiec-Zuzka-Kov%C3%A1%C4%8Dov%C3%A1-Senohrad-dienko.jpg?fit=2024%2C943&amp;ssl=1\" data-orig-size=\"2024,943\" data-comments-opened=\"1\" data-image-meta=\"{&quot;aperture&quot;:&quot;0&quot;,&quot;credit&quot;:&quot;&quot;,&quot;camera&quot;:&quot;&quot;,&quot;caption&quot;:&quot;&quot;,&quot;created_timestamp&quot;:&quot;0&quot;,&quot;copyright&quot;:&quot;&quot;,&quot;focal_length&quot;:&quot;0&quot;,&quot;iso&quot;:&quot;0&quot;,&quot;shutter_speed&quot;:&quot;0&quot;,&quot;title&quot;:&quot;&quot;,&quot;orientation&quot;:&quot;0&quot;}\" data-image-title=\"1B \u010depiec Zuzka Kov\u00e1\u010dov\u00e1 Senohrad dienko\" data-image-description=\"\" data-image-caption=\"\" data-medium-file=\"https:\/\/i0.wp.com\/www.atelier-reklama.sk\/blog\/wp-content\/uploads\/2023\/03\/1B-%C4%8Depiec-Zuzka-Kov%C3%A1%C4%8Dov%C3%A1-Senohrad-dienko.jpg?fit=300%2C140&amp;ssl=1\" data-large-file=\"https:\/\/i0.wp.com\/www.atelier-reklama.sk\/blog\/wp-content\/uploads\/2023\/03\/1B-%C4%8Depiec-Zuzka-Kov%C3%A1%C4%8Dov%C3%A1-Senohrad-dienko.jpg?fit=800%2C373&amp;ssl=1\" src=\"https:\/\/i0.wp.com\/www.atelier-reklama.sk\/blog\/wp-content\/uploads\/2023\/03\/1B-%C4%8Depiec-Zuzka-Kov%C3%A1%C4%8Dov%C3%A1-Senohrad-dienko.jpg?resize=800%2C373&#038;ssl=1\" alt=\"\" class=\"wp-image-15330\" srcset=\"https:\/\/i0.wp.com\/www.atelier-reklama.sk\/blog\/wp-content\/uploads\/2023\/03\/1B-%C4%8Depiec-Zuzka-Kov%C3%A1%C4%8Dov%C3%A1-Senohrad-dienko.jpg?resize=1024%2C477&amp;ssl=1 1024w, https:\/\/i0.wp.com\/www.atelier-reklama.sk\/blog\/wp-content\/uploads\/2023\/03\/1B-%C4%8Depiec-Zuzka-Kov%C3%A1%C4%8Dov%C3%A1-Senohrad-dienko.jpg?resize=300%2C140&amp;ssl=1 300w, https:\/\/i0.wp.com\/www.atelier-reklama.sk\/blog\/wp-content\/uploads\/2023\/03\/1B-%C4%8Depiec-Zuzka-Kov%C3%A1%C4%8Dov%C3%A1-Senohrad-dienko.jpg?resize=768%2C358&amp;ssl=1 768w, https:\/\/i0.wp.com\/www.atelier-reklama.sk\/blog\/wp-content\/uploads\/2023\/03\/1B-%C4%8Depiec-Zuzka-Kov%C3%A1%C4%8Dov%C3%A1-Senohrad-dienko.jpg?resize=1536%2C716&amp;ssl=1 1536w, https:\/\/i0.wp.com\/www.atelier-reklama.sk\/blog\/wp-content\/uploads\/2023\/03\/1B-%C4%8Depiec-Zuzka-Kov%C3%A1%C4%8Dov%C3%A1-Senohrad-dienko.jpg?w=2024&amp;ssl=1 2024w, https:\/\/i0.wp.com\/www.atelier-reklama.sk\/blog\/wp-content\/uploads\/2023\/03\/1B-%C4%8Depiec-Zuzka-Kov%C3%A1%C4%8Dov%C3%A1-Senohrad-dienko.jpg?w=1600&amp;ssl=1 1600w\" sizes=\"auto, (max-width: 800px) 100vw, 800px\" \/><\/figure>\n\n\n\n<figure class=\"wp-block-image size-large\"><img data-recalc-dims=\"1\" loading=\"lazy\" decoding=\"async\" width=\"800\" height=\"720\" data-attachment-id=\"15331\" data-permalink=\"https:\/\/www.atelier-reklama.sk\/blog\/moj-krekacsky-kroj-a-jeho-prekreslene-vzory-spolu\/1c-cepiec-prednicka-senohrad-zuzka-kovacova-2\/\" data-orig-file=\"https:\/\/i0.wp.com\/www.atelier-reklama.sk\/blog\/wp-content\/uploads\/2023\/03\/1C-%C4%8Depiec-prednicka-Senohrad-Zuzka-Kov%C3%A1%C4%8Dov%C3%A1.jpg?fit=2048%2C1843&amp;ssl=1\" data-orig-size=\"2048,1843\" data-comments-opened=\"1\" data-image-meta=\"{&quot;aperture&quot;:&quot;0&quot;,&quot;credit&quot;:&quot;&quot;,&quot;camera&quot;:&quot;&quot;,&quot;caption&quot;:&quot;&quot;,&quot;created_timestamp&quot;:&quot;0&quot;,&quot;copyright&quot;:&quot;&quot;,&quot;focal_length&quot;:&quot;0&quot;,&quot;iso&quot;:&quot;0&quot;,&quot;shutter_speed&quot;:&quot;0&quot;,&quot;title&quot;:&quot;&quot;,&quot;orientation&quot;:&quot;0&quot;}\" data-image-title=\"1C \u010depiec prednicka Senohrad Zuzka Kov\u00e1\u010dov\u00e1\" data-image-description=\"\" data-image-caption=\"\" data-medium-file=\"https:\/\/i0.wp.com\/www.atelier-reklama.sk\/blog\/wp-content\/uploads\/2023\/03\/1C-%C4%8Depiec-prednicka-Senohrad-Zuzka-Kov%C3%A1%C4%8Dov%C3%A1.jpg?fit=300%2C270&amp;ssl=1\" data-large-file=\"https:\/\/i0.wp.com\/www.atelier-reklama.sk\/blog\/wp-content\/uploads\/2023\/03\/1C-%C4%8Depiec-prednicka-Senohrad-Zuzka-Kov%C3%A1%C4%8Dov%C3%A1.jpg?fit=800%2C720&amp;ssl=1\" src=\"https:\/\/i0.wp.com\/www.atelier-reklama.sk\/blog\/wp-content\/uploads\/2023\/03\/1C-%C4%8Depiec-prednicka-Senohrad-Zuzka-Kov%C3%A1%C4%8Dov%C3%A1.jpg?resize=800%2C720&#038;ssl=1\" alt=\"\" class=\"wp-image-15331\" srcset=\"https:\/\/i0.wp.com\/www.atelier-reklama.sk\/blog\/wp-content\/uploads\/2023\/03\/1C-%C4%8Depiec-prednicka-Senohrad-Zuzka-Kov%C3%A1%C4%8Dov%C3%A1.jpg?resize=1024%2C922&amp;ssl=1 1024w, https:\/\/i0.wp.com\/www.atelier-reklama.sk\/blog\/wp-content\/uploads\/2023\/03\/1C-%C4%8Depiec-prednicka-Senohrad-Zuzka-Kov%C3%A1%C4%8Dov%C3%A1.jpg?resize=300%2C270&amp;ssl=1 300w, https:\/\/i0.wp.com\/www.atelier-reklama.sk\/blog\/wp-content\/uploads\/2023\/03\/1C-%C4%8Depiec-prednicka-Senohrad-Zuzka-Kov%C3%A1%C4%8Dov%C3%A1.jpg?resize=768%2C691&amp;ssl=1 768w, https:\/\/i0.wp.com\/www.atelier-reklama.sk\/blog\/wp-content\/uploads\/2023\/03\/1C-%C4%8Depiec-prednicka-Senohrad-Zuzka-Kov%C3%A1%C4%8Dov%C3%A1.jpg?resize=1536%2C1382&amp;ssl=1 1536w, https:\/\/i0.wp.com\/www.atelier-reklama.sk\/blog\/wp-content\/uploads\/2023\/03\/1C-%C4%8Depiec-prednicka-Senohrad-Zuzka-Kov%C3%A1%C4%8Dov%C3%A1.jpg?w=2048&amp;ssl=1 2048w, https:\/\/i0.wp.com\/www.atelier-reklama.sk\/blog\/wp-content\/uploads\/2023\/03\/1C-%C4%8Depiec-prednicka-Senohrad-Zuzka-Kov%C3%A1%C4%8Dov%C3%A1.jpg?w=1600&amp;ssl=1 1600w\" sizes=\"auto, (max-width: 800px) 100vw, 800px\" \/><\/figure>\n\n\n\n<figure class=\"wp-block-image size-large\"><img data-recalc-dims=\"1\" loading=\"lazy\" decoding=\"async\" width=\"800\" height=\"566\" data-attachment-id=\"15328\" data-permalink=\"https:\/\/www.atelier-reklama.sk\/blog\/moj-krekacsky-kroj-a-jeho-prekreslene-vzory-spolu\/1d-vzor-cepiec-senohrad-povod-neznamy-sucasny-zuzka-kovacova-2\/\" data-orig-file=\"https:\/\/i0.wp.com\/www.atelier-reklama.sk\/blog\/wp-content\/uploads\/2023\/03\/1D-vzor-%C4%8Depiec-Senohrad-povod-neznamy-su%C4%8Dasn%C3%BD-Zuzka-Kov%C3%A1%C4%8Dov%C3%A1.png?fit=4873%2C3444&amp;ssl=1\" data-orig-size=\"4873,3444\" data-comments-opened=\"1\" data-image-meta=\"{&quot;aperture&quot;:&quot;0&quot;,&quot;credit&quot;:&quot;&quot;,&quot;camera&quot;:&quot;&quot;,&quot;caption&quot;:&quot;&quot;,&quot;created_timestamp&quot;:&quot;0&quot;,&quot;copyright&quot;:&quot;&quot;,&quot;focal_length&quot;:&quot;0&quot;,&quot;iso&quot;:&quot;0&quot;,&quot;shutter_speed&quot;:&quot;0&quot;,&quot;title&quot;:&quot;&quot;,&quot;orientation&quot;:&quot;0&quot;}\" data-image-title=\"1D vzor \u010depiec Senohrad povod neznamy, su\u010dasn\u00fd Zuzka Kov\u00e1\u010dov\u00e1\" data-image-description=\"\" data-image-caption=\"\" data-medium-file=\"https:\/\/i0.wp.com\/www.atelier-reklama.sk\/blog\/wp-content\/uploads\/2023\/03\/1D-vzor-%C4%8Depiec-Senohrad-povod-neznamy-su%C4%8Dasn%C3%BD-Zuzka-Kov%C3%A1%C4%8Dov%C3%A1.png?fit=300%2C212&amp;ssl=1\" data-large-file=\"https:\/\/i0.wp.com\/www.atelier-reklama.sk\/blog\/wp-content\/uploads\/2023\/03\/1D-vzor-%C4%8Depiec-Senohrad-povod-neznamy-su%C4%8Dasn%C3%BD-Zuzka-Kov%C3%A1%C4%8Dov%C3%A1.png?fit=800%2C566&amp;ssl=1\" src=\"https:\/\/i0.wp.com\/www.atelier-reklama.sk\/blog\/wp-content\/uploads\/2023\/03\/1D-vzor-%C4%8Depiec-Senohrad-povod-neznamy-su%C4%8Dasn%C3%BD-Zuzka-Kov%C3%A1%C4%8Dov%C3%A1.png?resize=800%2C566&#038;ssl=1\" alt=\"\" class=\"wp-image-15328\" srcset=\"https:\/\/i0.wp.com\/www.atelier-reklama.sk\/blog\/wp-content\/uploads\/2023\/03\/1D-vzor-%C4%8Depiec-Senohrad-povod-neznamy-su%C4%8Dasn%C3%BD-Zuzka-Kov%C3%A1%C4%8Dov%C3%A1.png?resize=1024%2C724&amp;ssl=1 1024w, https:\/\/i0.wp.com\/www.atelier-reklama.sk\/blog\/wp-content\/uploads\/2023\/03\/1D-vzor-%C4%8Depiec-Senohrad-povod-neznamy-su%C4%8Dasn%C3%BD-Zuzka-Kov%C3%A1%C4%8Dov%C3%A1.png?resize=300%2C212&amp;ssl=1 300w, https:\/\/i0.wp.com\/www.atelier-reklama.sk\/blog\/wp-content\/uploads\/2023\/03\/1D-vzor-%C4%8Depiec-Senohrad-povod-neznamy-su%C4%8Dasn%C3%BD-Zuzka-Kov%C3%A1%C4%8Dov%C3%A1.png?resize=768%2C543&amp;ssl=1 768w, https:\/\/i0.wp.com\/www.atelier-reklama.sk\/blog\/wp-content\/uploads\/2023\/03\/1D-vzor-%C4%8Depiec-Senohrad-povod-neznamy-su%C4%8Dasn%C3%BD-Zuzka-Kov%C3%A1%C4%8Dov%C3%A1.png?resize=1536%2C1086&amp;ssl=1 1536w, https:\/\/i0.wp.com\/www.atelier-reklama.sk\/blog\/wp-content\/uploads\/2023\/03\/1D-vzor-%C4%8Depiec-Senohrad-povod-neznamy-su%C4%8Dasn%C3%BD-Zuzka-Kov%C3%A1%C4%8Dov%C3%A1.png?resize=2048%2C1447&amp;ssl=1 2048w, https:\/\/i0.wp.com\/www.atelier-reklama.sk\/blog\/wp-content\/uploads\/2023\/03\/1D-vzor-%C4%8Depiec-Senohrad-povod-neznamy-su%C4%8Dasn%C3%BD-Zuzka-Kov%C3%A1%C4%8Dov%C3%A1.png?w=1600&amp;ssl=1 1600w, https:\/\/i0.wp.com\/www.atelier-reklama.sk\/blog\/wp-content\/uploads\/2023\/03\/1D-vzor-%C4%8Depiec-Senohrad-povod-neznamy-su%C4%8Dasn%C3%BD-Zuzka-Kov%C3%A1%C4%8Dov%C3%A1.png?w=2400&amp;ssl=1 2400w\" sizes=\"auto, (max-width: 800px) 100vw, 800px\" \/><\/figure>\n\n\n\n<p>Detsk\u00fd \u010dep\u010dek zo Senohradu<\/p>\n\n\n\n<figure class=\"wp-block-image aligncenter size-large\"><img data-recalc-dims=\"1\" loading=\"lazy\" decoding=\"async\" width=\"725\" height=\"1024\" data-attachment-id=\"14064\" data-permalink=\"https:\/\/www.atelier-reklama.sk\/blog\/moj-krekacsky-kroj-a-jeho-prekreslene-vzory-spolu\/cepiec-senohrad-uetsav\/\" data-orig-file=\"https:\/\/i0.wp.com\/www.atelier-reklama.sk\/blog\/wp-content\/uploads\/2024\/02\/%C4%8Cepiec-Senohrad-%C3%9AEtSAV-scaled.jpg?fit=1812%2C2560&amp;ssl=1\" data-orig-size=\"1812,2560\" data-comments-opened=\"1\" data-image-meta=\"{&quot;aperture&quot;:&quot;0&quot;,&quot;credit&quot;:&quot;&quot;,&quot;camera&quot;:&quot;&quot;,&quot;caption&quot;:&quot;&quot;,&quot;created_timestamp&quot;:&quot;0&quot;,&quot;copyright&quot;:&quot;&quot;,&quot;focal_length&quot;:&quot;0&quot;,&quot;iso&quot;:&quot;0&quot;,&quot;shutter_speed&quot;:&quot;0&quot;,&quot;title&quot;:&quot;&quot;,&quot;orientation&quot;:&quot;1&quot;}\" data-image-title=\"\u010cepiec-Senohrad-\u00daEtSAV\" data-image-description=\"\" data-image-caption=\"\" data-medium-file=\"https:\/\/i0.wp.com\/www.atelier-reklama.sk\/blog\/wp-content\/uploads\/2024\/02\/%C4%8Cepiec-Senohrad-%C3%9AEtSAV-scaled.jpg?fit=212%2C300&amp;ssl=1\" data-large-file=\"https:\/\/i0.wp.com\/www.atelier-reklama.sk\/blog\/wp-content\/uploads\/2024\/02\/%C4%8Cepiec-Senohrad-%C3%9AEtSAV-scaled.jpg?fit=725%2C1024&amp;ssl=1\" src=\"https:\/\/i0.wp.com\/www.atelier-reklama.sk\/blog\/wp-content\/uploads\/2024\/02\/%C4%8Cepiec-Senohrad-%C3%9AEtSAV.jpg?resize=725%2C1024&#038;ssl=1\" alt=\"\" class=\"wp-image-14064\" srcset=\"https:\/\/i0.wp.com\/www.atelier-reklama.sk\/blog\/wp-content\/uploads\/2024\/02\/%C4%8Cepiec-Senohrad-%C3%9AEtSAV-scaled.jpg?resize=725%2C1024&amp;ssl=1 725w, https:\/\/i0.wp.com\/www.atelier-reklama.sk\/blog\/wp-content\/uploads\/2024\/02\/%C4%8Cepiec-Senohrad-%C3%9AEtSAV-scaled.jpg?resize=212%2C300&amp;ssl=1 212w, https:\/\/i0.wp.com\/www.atelier-reklama.sk\/blog\/wp-content\/uploads\/2024\/02\/%C4%8Cepiec-Senohrad-%C3%9AEtSAV-scaled.jpg?resize=768%2C1085&amp;ssl=1 768w, https:\/\/i0.wp.com\/www.atelier-reklama.sk\/blog\/wp-content\/uploads\/2024\/02\/%C4%8Cepiec-Senohrad-%C3%9AEtSAV-scaled.jpg?resize=1087%2C1536&amp;ssl=1 1087w, https:\/\/i0.wp.com\/www.atelier-reklama.sk\/blog\/wp-content\/uploads\/2024\/02\/%C4%8Cepiec-Senohrad-%C3%9AEtSAV-scaled.jpg?resize=1449%2C2048&amp;ssl=1 1449w, https:\/\/i0.wp.com\/www.atelier-reklama.sk\/blog\/wp-content\/uploads\/2024\/02\/%C4%8Cepiec-Senohrad-%C3%9AEtSAV-scaled.jpg?w=1812&amp;ssl=1 1812w, https:\/\/i0.wp.com\/www.atelier-reklama.sk\/blog\/wp-content\/uploads\/2024\/02\/%C4%8Cepiec-Senohrad-%C3%9AEtSAV-scaled.jpg?w=1600&amp;ssl=1 1600w\" sizes=\"auto, (max-width: 725px) 100vw, 725px\" \/><\/figure>\n\n\n\n<h2 class=\"wp-block-heading has-text-align-center\">III. RUK\u00c1VCE\/OPLECK\u00c1 <\/h2>\n\n\n\n<p><strong>Ruk\u00e1vce, region\u00e1lny n\u00e1zov opleck\u00e1, &nbsp;v&nbsp;krek\u00e1\u010dskom \u013eudovom odeve v&nbsp;druhej pol. 20. stor. za\u010dali nahr\u00e1dza\u0165 ko\u0161ie\u013eky.&nbsp; Origin\u00e1lne opleck\u00e1 v&nbsp;mojej zbierke maj\u00fa pribli\u017ene 100 rokov.<\/strong><\/p>\n\n\n\n<p>Opleck\u00e1 s\u00fa u\u0161it\u00e9 z jemn\u00e9ho tov\u00e1rensk\u00e9ho bieleho pl\u00e1tna, star\u0161ie z dom\u00e1ceho. <strong>Zadn\u00fd aj predn\u00fd&nbsp; diel je bohato &#8222;narancovan\u00fd,&nbsp;&#8220; rovnako dlh\u00fd. Predn\u00fd&nbsp; siaha do prostriedku, alebo tesne pod prsia, v&nbsp;strede m\u00e1 pribli\u017ene 25 cm dlh\u00fd ob\u0161it\u00fd r\u00e1zporok okolo ktor\u00e9ho je v\u017edy jednoduch\u00e1 kr\u00ed\u017eikov\u00e1 v\u00fd\u0161ivka a&nbsp;me\u0161terka.<\/strong><\/p>\n\n\n\n<p><strong>\u0160irok\u00fd ruk\u00e1v m\u00e1 na prieramku v\u00fd\u0161ivku na sieti, alebo&nbsp; vyrez\u00e1van\u00fa hrachovinku, kr\u00ed\u017eikom, nov\u0161ie aj krivou ihlou, ve\u013ek\u00fd vzor je ohrani\u010den\u00fd omietkou-vrk\u00f4\u010dikov\u00fdm kr\u00ed\u017eikom, skoro na v\u0161etk\u00fdch,&nbsp; z&nbsp;hornej a&nbsp;dolnej strany ozdoben\u00fd vzorom vy\u0161it\u00fdm drobn\u00fdmi \u010diernymi kr\u00ed\u017eikmi. Koniec ruk\u00e1vov je vy\u0161it\u00fd ob\u0161\u00edvkou, alebo ho zdob\u00ed pri\u0161it\u00e1 krajovka, asi 1 cm od konca je pri\u0161it\u00fd cez riasy 0,5 cm p\u00e1sik s&nbsp;drobnou jednoduchou v\u00fd\u0161ivkou. &nbsp;Predn\u00fd, zadn\u00fd diel a&nbsp;ruk\u00e1vy s\u00fa&nbsp; na hornom okraji&nbsp; husto nariasen\u00e9, v\u0161it\u00e9 do 1 cm \u0161irok\u00e9ho \u010diernym kr\u00ed\u017eikmi vy\u0161it\u00e9ho golierika, ktor\u00fd sa zap\u00edna na h\u00e1\u010dik. Biely vzor je bez vy\u0161\u00edvania, okolo je omietka.<\/strong><\/p>\n\n\n\n<p class=\"has-text-align-center\"><strong>Moje vz\u00e1cne opleck\u00e1, ktor\u00e9 asi v prvej pol. 20. stor. vy\u0161\u00edvala pravdepodobne prastar\u00e1 mama Katar\u00edna Guttenov\u00e1 (1884-1962)<\/strong><\/p>\n\n\n\n<figure class=\"wp-block-image size-large\"><img data-recalc-dims=\"1\" loading=\"lazy\" decoding=\"async\" width=\"800\" height=\"600\" data-attachment-id=\"12823\" data-permalink=\"https:\/\/www.atelier-reklama.sk\/blog\/moj-krekacsky-kroj-a-jeho-prekreslene-vzory-spolu\/6a-oplecka-dolne-mladonice-prva-pol-20-stor-vysila-na-sieti-krizikmi-hrachovinkou-mama-stara-a-prastara-mama\/\" data-orig-file=\"https:\/\/i0.wp.com\/www.atelier-reklama.sk\/blog\/wp-content\/uploads\/2023\/03\/6A-opleck%C3%A1-Doln%C3%A9-Mladonice-prv%C3%A1-pol.-20.-stor.-vy%C5%A1ila-na-sieti-kr%C3%AD%C5%BEikmi-hrachovinkou-mama-star%C3%A1-a-prastar%C3%A1-mama-scaled.jpg?fit=2560%2C1921&amp;ssl=1\" data-orig-size=\"2560,1921\" data-comments-opened=\"1\" data-image-meta=\"{&quot;aperture&quot;:&quot;2&quot;,&quot;credit&quot;:&quot;&quot;,&quot;camera&quot;:&quot;SM-A125F&quot;,&quot;caption&quot;:&quot;&quot;,&quot;created_timestamp&quot;:&quot;1678636376&quot;,&quot;copyright&quot;:&quot;&quot;,&quot;focal_length&quot;:&quot;4.6&quot;,&quot;iso&quot;:&quot;200&quot;,&quot;shutter_speed&quot;:&quot;0.039998&quot;,&quot;title&quot;:&quot;&quot;,&quot;orientation&quot;:&quot;1&quot;}\" data-image-title=\"6A-opleck\u00e1-Doln\u00e9-Mladonice-prv\u00e1-pol.-20.-stor.-vy\u0161ila-na-sieti-kr\u00ed\u017eikmi-hrachovinkou-mama-star\u00e1-a-prastar\u00e1-mama\" data-image-description=\"\" data-image-caption=\"\" data-medium-file=\"https:\/\/i0.wp.com\/www.atelier-reklama.sk\/blog\/wp-content\/uploads\/2023\/03\/6A-opleck%C3%A1-Doln%C3%A9-Mladonice-prv%C3%A1-pol.-20.-stor.-vy%C5%A1ila-na-sieti-kr%C3%AD%C5%BEikmi-hrachovinkou-mama-star%C3%A1-a-prastar%C3%A1-mama-scaled.jpg?fit=300%2C225&amp;ssl=1\" data-large-file=\"https:\/\/i0.wp.com\/www.atelier-reklama.sk\/blog\/wp-content\/uploads\/2023\/03\/6A-opleck%C3%A1-Doln%C3%A9-Mladonice-prv%C3%A1-pol.-20.-stor.-vy%C5%A1ila-na-sieti-kr%C3%AD%C5%BEikmi-hrachovinkou-mama-star%C3%A1-a-prastar%C3%A1-mama-scaled.jpg?fit=800%2C600&amp;ssl=1\" src=\"https:\/\/i0.wp.com\/www.atelier-reklama.sk\/blog\/wp-content\/uploads\/2023\/03\/6A-opleck%C3%A1-Doln%C3%A9-Mladonice-prv%C3%A1-pol.-20.-stor.-vy%C5%A1ila-na-sieti-kr%C3%AD%C5%BEikmi-hrachovinkou-mama-star%C3%A1-a-prastar%C3%A1-mama.jpg?resize=800%2C600&#038;ssl=1\" alt=\"\" class=\"wp-image-12823\" srcset=\"https:\/\/i0.wp.com\/www.atelier-reklama.sk\/blog\/wp-content\/uploads\/2023\/03\/6A-opleck%C3%A1-Doln%C3%A9-Mladonice-prv%C3%A1-pol.-20.-stor.-vy%C5%A1ila-na-sieti-kr%C3%AD%C5%BEikmi-hrachovinkou-mama-star%C3%A1-a-prastar%C3%A1-mama-scaled.jpg?resize=1024%2C768&amp;ssl=1 1024w, https:\/\/i0.wp.com\/www.atelier-reklama.sk\/blog\/wp-content\/uploads\/2023\/03\/6A-opleck%C3%A1-Doln%C3%A9-Mladonice-prv%C3%A1-pol.-20.-stor.-vy%C5%A1ila-na-sieti-kr%C3%AD%C5%BEikmi-hrachovinkou-mama-star%C3%A1-a-prastar%C3%A1-mama-scaled.jpg?resize=300%2C225&amp;ssl=1 300w, https:\/\/i0.wp.com\/www.atelier-reklama.sk\/blog\/wp-content\/uploads\/2023\/03\/6A-opleck%C3%A1-Doln%C3%A9-Mladonice-prv%C3%A1-pol.-20.-stor.-vy%C5%A1ila-na-sieti-kr%C3%AD%C5%BEikmi-hrachovinkou-mama-star%C3%A1-a-prastar%C3%A1-mama-scaled.jpg?resize=768%2C576&amp;ssl=1 768w, https:\/\/i0.wp.com\/www.atelier-reklama.sk\/blog\/wp-content\/uploads\/2023\/03\/6A-opleck%C3%A1-Doln%C3%A9-Mladonice-prv%C3%A1-pol.-20.-stor.-vy%C5%A1ila-na-sieti-kr%C3%AD%C5%BEikmi-hrachovinkou-mama-star%C3%A1-a-prastar%C3%A1-mama-scaled.jpg?resize=1536%2C1152&amp;ssl=1 1536w, https:\/\/i0.wp.com\/www.atelier-reklama.sk\/blog\/wp-content\/uploads\/2023\/03\/6A-opleck%C3%A1-Doln%C3%A9-Mladonice-prv%C3%A1-pol.-20.-stor.-vy%C5%A1ila-na-sieti-kr%C3%AD%C5%BEikmi-hrachovinkou-mama-star%C3%A1-a-prastar%C3%A1-mama-scaled.jpg?resize=2048%2C1536&amp;ssl=1 2048w, https:\/\/i0.wp.com\/www.atelier-reklama.sk\/blog\/wp-content\/uploads\/2023\/03\/6A-opleck%C3%A1-Doln%C3%A9-Mladonice-prv%C3%A1-pol.-20.-stor.-vy%C5%A1ila-na-sieti-kr%C3%AD%C5%BEikmi-hrachovinkou-mama-star%C3%A1-a-prastar%C3%A1-mama-scaled.jpg?w=1600&amp;ssl=1 1600w, https:\/\/i0.wp.com\/www.atelier-reklama.sk\/blog\/wp-content\/uploads\/2023\/03\/6A-opleck%C3%A1-Doln%C3%A9-Mladonice-prv%C3%A1-pol.-20.-stor.-vy%C5%A1ila-na-sieti-kr%C3%AD%C5%BEikmi-hrachovinkou-mama-star%C3%A1-a-prastar%C3%A1-mama-scaled.jpg?w=2400&amp;ssl=1 2400w\" sizes=\"auto, (max-width: 800px) 100vw, 800px\" \/><\/figure>\n\n\n\n<figure class=\"wp-block-image size-large\"><img data-recalc-dims=\"1\" loading=\"lazy\" decoding=\"async\" width=\"800\" height=\"545\" data-attachment-id=\"12824\" data-permalink=\"https:\/\/www.atelier-reklama.sk\/blog\/moj-krekacsky-kroj-a-jeho-prekreslene-vzory-spolu\/6b-oplecko-dolne-mladonice-prva-pol-20-stor-vysila-na-sieti-krizikmi-asi-mama-stara-a-prastara-mama\/\" data-orig-file=\"https:\/\/i0.wp.com\/www.atelier-reklama.sk\/blog\/wp-content\/uploads\/2023\/03\/6B-oplecko-Doln%C3%A9-Mladonice-prv%C3%A1-pol.-20.-stor.-vy%C5%A1ila-na-sieti-kr%C3%AD%C5%BEikmi-asi-mama-star%C3%A1-a-prastar%C3%A1-mama-scaled.jpg?fit=2560%2C1744&amp;ssl=1\" data-orig-size=\"2560,1744\" data-comments-opened=\"1\" data-image-meta=\"{&quot;aperture&quot;:&quot;2&quot;,&quot;credit&quot;:&quot;&quot;,&quot;camera&quot;:&quot;SM-A125F&quot;,&quot;caption&quot;:&quot;&quot;,&quot;created_timestamp&quot;:&quot;1678636560&quot;,&quot;copyright&quot;:&quot;&quot;,&quot;focal_length&quot;:&quot;4.6&quot;,&quot;iso&quot;:&quot;320&quot;,&quot;shutter_speed&quot;:&quot;0.039998&quot;,&quot;title&quot;:&quot;&quot;,&quot;orientation&quot;:&quot;1&quot;}\" data-image-title=\"6B-oplecko-Doln\u00e9-Mladonice-prv\u00e1-pol.-20.-stor.-vy\u0161ila-na-sieti-kr\u00ed\u017eikmi-asi-mama-star\u00e1-a-prastar\u00e1-mama\" data-image-description=\"\" data-image-caption=\"\" data-medium-file=\"https:\/\/i0.wp.com\/www.atelier-reklama.sk\/blog\/wp-content\/uploads\/2023\/03\/6B-oplecko-Doln%C3%A9-Mladonice-prv%C3%A1-pol.-20.-stor.-vy%C5%A1ila-na-sieti-kr%C3%AD%C5%BEikmi-asi-mama-star%C3%A1-a-prastar%C3%A1-mama-scaled.jpg?fit=300%2C204&amp;ssl=1\" data-large-file=\"https:\/\/i0.wp.com\/www.atelier-reklama.sk\/blog\/wp-content\/uploads\/2023\/03\/6B-oplecko-Doln%C3%A9-Mladonice-prv%C3%A1-pol.-20.-stor.-vy%C5%A1ila-na-sieti-kr%C3%AD%C5%BEikmi-asi-mama-star%C3%A1-a-prastar%C3%A1-mama-scaled.jpg?fit=800%2C545&amp;ssl=1\" src=\"https:\/\/i0.wp.com\/www.atelier-reklama.sk\/blog\/wp-content\/uploads\/2023\/03\/6B-oplecko-Doln%C3%A9-Mladonice-prv%C3%A1-pol.-20.-stor.-vy%C5%A1ila-na-sieti-kr%C3%AD%C5%BEikmi-asi-mama-star%C3%A1-a-prastar%C3%A1-mama.jpg?resize=800%2C545&#038;ssl=1\" alt=\"\" class=\"wp-image-12824\" srcset=\"https:\/\/i0.wp.com\/www.atelier-reklama.sk\/blog\/wp-content\/uploads\/2023\/03\/6B-oplecko-Doln%C3%A9-Mladonice-prv%C3%A1-pol.-20.-stor.-vy%C5%A1ila-na-sieti-kr%C3%AD%C5%BEikmi-asi-mama-star%C3%A1-a-prastar%C3%A1-mama-scaled.jpg?resize=1024%2C698&amp;ssl=1 1024w, https:\/\/i0.wp.com\/www.atelier-reklama.sk\/blog\/wp-content\/uploads\/2023\/03\/6B-oplecko-Doln%C3%A9-Mladonice-prv%C3%A1-pol.-20.-stor.-vy%C5%A1ila-na-sieti-kr%C3%AD%C5%BEikmi-asi-mama-star%C3%A1-a-prastar%C3%A1-mama-scaled.jpg?resize=300%2C204&amp;ssl=1 300w, https:\/\/i0.wp.com\/www.atelier-reklama.sk\/blog\/wp-content\/uploads\/2023\/03\/6B-oplecko-Doln%C3%A9-Mladonice-prv%C3%A1-pol.-20.-stor.-vy%C5%A1ila-na-sieti-kr%C3%AD%C5%BEikmi-asi-mama-star%C3%A1-a-prastar%C3%A1-mama-scaled.jpg?resize=768%2C523&amp;ssl=1 768w, https:\/\/i0.wp.com\/www.atelier-reklama.sk\/blog\/wp-content\/uploads\/2023\/03\/6B-oplecko-Doln%C3%A9-Mladonice-prv%C3%A1-pol.-20.-stor.-vy%C5%A1ila-na-sieti-kr%C3%AD%C5%BEikmi-asi-mama-star%C3%A1-a-prastar%C3%A1-mama-scaled.jpg?resize=1536%2C1047&amp;ssl=1 1536w, https:\/\/i0.wp.com\/www.atelier-reklama.sk\/blog\/wp-content\/uploads\/2023\/03\/6B-oplecko-Doln%C3%A9-Mladonice-prv%C3%A1-pol.-20.-stor.-vy%C5%A1ila-na-sieti-kr%C3%AD%C5%BEikmi-asi-mama-star%C3%A1-a-prastar%C3%A1-mama-scaled.jpg?resize=2048%2C1395&amp;ssl=1 2048w, https:\/\/i0.wp.com\/www.atelier-reklama.sk\/blog\/wp-content\/uploads\/2023\/03\/6B-oplecko-Doln%C3%A9-Mladonice-prv%C3%A1-pol.-20.-stor.-vy%C5%A1ila-na-sieti-kr%C3%AD%C5%BEikmi-asi-mama-star%C3%A1-a-prastar%C3%A1-mama-scaled.jpg?resize=130%2C90&amp;ssl=1 130w, https:\/\/i0.wp.com\/www.atelier-reklama.sk\/blog\/wp-content\/uploads\/2023\/03\/6B-oplecko-Doln%C3%A9-Mladonice-prv%C3%A1-pol.-20.-stor.-vy%C5%A1ila-na-sieti-kr%C3%AD%C5%BEikmi-asi-mama-star%C3%A1-a-prastar%C3%A1-mama-scaled.jpg?w=1600&amp;ssl=1 1600w, https:\/\/i0.wp.com\/www.atelier-reklama.sk\/blog\/wp-content\/uploads\/2023\/03\/6B-oplecko-Doln%C3%A9-Mladonice-prv%C3%A1-pol.-20.-stor.-vy%C5%A1ila-na-sieti-kr%C3%AD%C5%BEikmi-asi-mama-star%C3%A1-a-prastar%C3%A1-mama-scaled.jpg?w=2400&amp;ssl=1 2400w\" sizes=\"auto, (max-width: 800px) 100vw, 800px\" \/><\/figure>\n\n\n\n<figure class=\"wp-block-image size-large\"><img data-recalc-dims=\"1\" loading=\"lazy\" decoding=\"async\" width=\"800\" height=\"413\" data-attachment-id=\"12825\" data-permalink=\"https:\/\/www.atelier-reklama.sk\/blog\/moj-krekacsky-kroj-a-jeho-prekreslene-vzory-spolu\/6c-oplecko-dolne-mladonice-prva-pol-20-stor-vysila-na-sieti-krizikmi-asi-mama-stara-a-prastara-mama\/\" data-orig-file=\"https:\/\/i0.wp.com\/www.atelier-reklama.sk\/blog\/wp-content\/uploads\/2023\/03\/6C-Oplecko-Doln%C3%A9-Mladonice-prv%C3%A1-pol.-20.-stor.-vy%C5%A1ila-na-sieti-kr%C3%AD%C5%BEikmi-asi-mama-star%C3%A1-a-prastar%C3%A1-mama-scaled.jpg?fit=2560%2C1324&amp;ssl=1\" data-orig-size=\"2560,1324\" data-comments-opened=\"1\" data-image-meta=\"{&quot;aperture&quot;:&quot;2&quot;,&quot;credit&quot;:&quot;&quot;,&quot;camera&quot;:&quot;SM-A125F&quot;,&quot;caption&quot;:&quot;&quot;,&quot;created_timestamp&quot;:&quot;1678636411&quot;,&quot;copyright&quot;:&quot;&quot;,&quot;focal_length&quot;:&quot;4.6&quot;,&quot;iso&quot;:&quot;250&quot;,&quot;shutter_speed&quot;:&quot;0.039998&quot;,&quot;title&quot;:&quot;&quot;,&quot;orientation&quot;:&quot;1&quot;}\" data-image-title=\"6C-Oplecko-Doln\u00e9-Mladonice-prv\u00e1-pol.-20.-stor.-vy\u0161ila-na-sieti-kr\u00ed\u017eikmi-asi-mama-star\u00e1-a-prastar\u00e1-mama\" data-image-description=\"\" data-image-caption=\"\" data-medium-file=\"https:\/\/i0.wp.com\/www.atelier-reklama.sk\/blog\/wp-content\/uploads\/2023\/03\/6C-Oplecko-Doln%C3%A9-Mladonice-prv%C3%A1-pol.-20.-stor.-vy%C5%A1ila-na-sieti-kr%C3%AD%C5%BEikmi-asi-mama-star%C3%A1-a-prastar%C3%A1-mama-scaled.jpg?fit=300%2C155&amp;ssl=1\" data-large-file=\"https:\/\/i0.wp.com\/www.atelier-reklama.sk\/blog\/wp-content\/uploads\/2023\/03\/6C-Oplecko-Doln%C3%A9-Mladonice-prv%C3%A1-pol.-20.-stor.-vy%C5%A1ila-na-sieti-kr%C3%AD%C5%BEikmi-asi-mama-star%C3%A1-a-prastar%C3%A1-mama-scaled.jpg?fit=800%2C413&amp;ssl=1\" src=\"https:\/\/i0.wp.com\/www.atelier-reklama.sk\/blog\/wp-content\/uploads\/2023\/03\/6C-Oplecko-Doln%C3%A9-Mladonice-prv%C3%A1-pol.-20.-stor.-vy%C5%A1ila-na-sieti-kr%C3%AD%C5%BEikmi-asi-mama-star%C3%A1-a-prastar%C3%A1-mama.jpg?resize=800%2C413&#038;ssl=1\" alt=\"\" class=\"wp-image-12825\" srcset=\"https:\/\/i0.wp.com\/www.atelier-reklama.sk\/blog\/wp-content\/uploads\/2023\/03\/6C-Oplecko-Doln%C3%A9-Mladonice-prv%C3%A1-pol.-20.-stor.-vy%C5%A1ila-na-sieti-kr%C3%AD%C5%BEikmi-asi-mama-star%C3%A1-a-prastar%C3%A1-mama-scaled.jpg?resize=1024%2C529&amp;ssl=1 1024w, https:\/\/i0.wp.com\/www.atelier-reklama.sk\/blog\/wp-content\/uploads\/2023\/03\/6C-Oplecko-Doln%C3%A9-Mladonice-prv%C3%A1-pol.-20.-stor.-vy%C5%A1ila-na-sieti-kr%C3%AD%C5%BEikmi-asi-mama-star%C3%A1-a-prastar%C3%A1-mama-scaled.jpg?resize=300%2C155&amp;ssl=1 300w, https:\/\/i0.wp.com\/www.atelier-reklama.sk\/blog\/wp-content\/uploads\/2023\/03\/6C-Oplecko-Doln%C3%A9-Mladonice-prv%C3%A1-pol.-20.-stor.-vy%C5%A1ila-na-sieti-kr%C3%AD%C5%BEikmi-asi-mama-star%C3%A1-a-prastar%C3%A1-mama-scaled.jpg?resize=768%2C397&amp;ssl=1 768w, https:\/\/i0.wp.com\/www.atelier-reklama.sk\/blog\/wp-content\/uploads\/2023\/03\/6C-Oplecko-Doln%C3%A9-Mladonice-prv%C3%A1-pol.-20.-stor.-vy%C5%A1ila-na-sieti-kr%C3%AD%C5%BEikmi-asi-mama-star%C3%A1-a-prastar%C3%A1-mama-scaled.jpg?resize=1536%2C794&amp;ssl=1 1536w, https:\/\/i0.wp.com\/www.atelier-reklama.sk\/blog\/wp-content\/uploads\/2023\/03\/6C-Oplecko-Doln%C3%A9-Mladonice-prv%C3%A1-pol.-20.-stor.-vy%C5%A1ila-na-sieti-kr%C3%AD%C5%BEikmi-asi-mama-star%C3%A1-a-prastar%C3%A1-mama-scaled.jpg?resize=2048%2C1059&amp;ssl=1 2048w, https:\/\/i0.wp.com\/www.atelier-reklama.sk\/blog\/wp-content\/uploads\/2023\/03\/6C-Oplecko-Doln%C3%A9-Mladonice-prv%C3%A1-pol.-20.-stor.-vy%C5%A1ila-na-sieti-kr%C3%AD%C5%BEikmi-asi-mama-star%C3%A1-a-prastar%C3%A1-mama-scaled.jpg?w=1600&amp;ssl=1 1600w, https:\/\/i0.wp.com\/www.atelier-reklama.sk\/blog\/wp-content\/uploads\/2023\/03\/6C-Oplecko-Doln%C3%A9-Mladonice-prv%C3%A1-pol.-20.-stor.-vy%C5%A1ila-na-sieti-kr%C3%AD%C5%BEikmi-asi-mama-star%C3%A1-a-prastar%C3%A1-mama-scaled.jpg?w=2400&amp;ssl=1 2400w\" sizes=\"auto, (max-width: 800px) 100vw, 800px\" \/><\/figure>\n\n\n\n<figure class=\"wp-block-image size-large\"><img data-recalc-dims=\"1\" loading=\"lazy\" decoding=\"async\" width=\"800\" height=\"531\" data-attachment-id=\"12826\" data-permalink=\"https:\/\/www.atelier-reklama.sk\/blog\/moj-krekacsky-kroj-a-jeho-prekreslene-vzory-spolu\/6d-oplecko-dolne-mladonice-prva-pol-20-stor-vysila-hrachovinkou-krizikmi-asi-mama-stara-a-prastara-mama\/\" data-orig-file=\"https:\/\/i0.wp.com\/www.atelier-reklama.sk\/blog\/wp-content\/uploads\/2023\/03\/6D-oplecko-Doln%C3%A9-Mladonice-prv%C3%A1-pol.-20.-stor.-vy%C5%A1ila-hrachovinkou-kr%C3%AD%C5%BEikmi-asi-mama-star%C3%A1-a-prastar%C3%A1-mama-scaled.jpg?fit=2560%2C1701&amp;ssl=1\" data-orig-size=\"2560,1701\" data-comments-opened=\"1\" data-image-meta=\"{&quot;aperture&quot;:&quot;2&quot;,&quot;credit&quot;:&quot;&quot;,&quot;camera&quot;:&quot;SM-A125F&quot;,&quot;caption&quot;:&quot;&quot;,&quot;created_timestamp&quot;:&quot;1678636599&quot;,&quot;copyright&quot;:&quot;&quot;,&quot;focal_length&quot;:&quot;4.6&quot;,&quot;iso&quot;:&quot;400&quot;,&quot;shutter_speed&quot;:&quot;0.039998&quot;,&quot;title&quot;:&quot;&quot;,&quot;orientation&quot;:&quot;1&quot;}\" data-image-title=\"6D-oplecko-Doln\u00e9-Mladonice-prv\u00e1-pol.-20.-stor.-vy\u0161ila-hrachovinkou-kr\u00ed\u017eikmi-asi-mama-star\u00e1-a-prastar\u00e1-mama\" data-image-description=\"\" data-image-caption=\"\" data-medium-file=\"https:\/\/i0.wp.com\/www.atelier-reklama.sk\/blog\/wp-content\/uploads\/2023\/03\/6D-oplecko-Doln%C3%A9-Mladonice-prv%C3%A1-pol.-20.-stor.-vy%C5%A1ila-hrachovinkou-kr%C3%AD%C5%BEikmi-asi-mama-star%C3%A1-a-prastar%C3%A1-mama-scaled.jpg?fit=300%2C199&amp;ssl=1\" data-large-file=\"https:\/\/i0.wp.com\/www.atelier-reklama.sk\/blog\/wp-content\/uploads\/2023\/03\/6D-oplecko-Doln%C3%A9-Mladonice-prv%C3%A1-pol.-20.-stor.-vy%C5%A1ila-hrachovinkou-kr%C3%AD%C5%BEikmi-asi-mama-star%C3%A1-a-prastar%C3%A1-mama-scaled.jpg?fit=800%2C531&amp;ssl=1\" src=\"https:\/\/i0.wp.com\/www.atelier-reklama.sk\/blog\/wp-content\/uploads\/2023\/03\/6D-oplecko-Doln%C3%A9-Mladonice-prv%C3%A1-pol.-20.-stor.-vy%C5%A1ila-hrachovinkou-kr%C3%AD%C5%BEikmi-asi-mama-star%C3%A1-a-prastar%C3%A1-mama.jpg?resize=800%2C531&#038;ssl=1\" alt=\"\" class=\"wp-image-12826\" srcset=\"https:\/\/i0.wp.com\/www.atelier-reklama.sk\/blog\/wp-content\/uploads\/2023\/03\/6D-oplecko-Doln%C3%A9-Mladonice-prv%C3%A1-pol.-20.-stor.-vy%C5%A1ila-hrachovinkou-kr%C3%AD%C5%BEikmi-asi-mama-star%C3%A1-a-prastar%C3%A1-mama-scaled.jpg?resize=1024%2C680&amp;ssl=1 1024w, https:\/\/i0.wp.com\/www.atelier-reklama.sk\/blog\/wp-content\/uploads\/2023\/03\/6D-oplecko-Doln%C3%A9-Mladonice-prv%C3%A1-pol.-20.-stor.-vy%C5%A1ila-hrachovinkou-kr%C3%AD%C5%BEikmi-asi-mama-star%C3%A1-a-prastar%C3%A1-mama-scaled.jpg?resize=300%2C199&amp;ssl=1 300w, https:\/\/i0.wp.com\/www.atelier-reklama.sk\/blog\/wp-content\/uploads\/2023\/03\/6D-oplecko-Doln%C3%A9-Mladonice-prv%C3%A1-pol.-20.-stor.-vy%C5%A1ila-hrachovinkou-kr%C3%AD%C5%BEikmi-asi-mama-star%C3%A1-a-prastar%C3%A1-mama-scaled.jpg?resize=768%2C510&amp;ssl=1 768w, https:\/\/i0.wp.com\/www.atelier-reklama.sk\/blog\/wp-content\/uploads\/2023\/03\/6D-oplecko-Doln%C3%A9-Mladonice-prv%C3%A1-pol.-20.-stor.-vy%C5%A1ila-hrachovinkou-kr%C3%AD%C5%BEikmi-asi-mama-star%C3%A1-a-prastar%C3%A1-mama-scaled.jpg?resize=1536%2C1020&amp;ssl=1 1536w, https:\/\/i0.wp.com\/www.atelier-reklama.sk\/blog\/wp-content\/uploads\/2023\/03\/6D-oplecko-Doln%C3%A9-Mladonice-prv%C3%A1-pol.-20.-stor.-vy%C5%A1ila-hrachovinkou-kr%C3%AD%C5%BEikmi-asi-mama-star%C3%A1-a-prastar%C3%A1-mama-scaled.jpg?resize=2048%2C1361&amp;ssl=1 2048w, https:\/\/i0.wp.com\/www.atelier-reklama.sk\/blog\/wp-content\/uploads\/2023\/03\/6D-oplecko-Doln%C3%A9-Mladonice-prv%C3%A1-pol.-20.-stor.-vy%C5%A1ila-hrachovinkou-kr%C3%AD%C5%BEikmi-asi-mama-star%C3%A1-a-prastar%C3%A1-mama-scaled.jpg?w=1600&amp;ssl=1 1600w, https:\/\/i0.wp.com\/www.atelier-reklama.sk\/blog\/wp-content\/uploads\/2023\/03\/6D-oplecko-Doln%C3%A9-Mladonice-prv%C3%A1-pol.-20.-stor.-vy%C5%A1ila-hrachovinkou-kr%C3%AD%C5%BEikmi-asi-mama-star%C3%A1-a-prastar%C3%A1-mama-scaled.jpg?w=2400&amp;ssl=1 2400w\" sizes=\"auto, (max-width: 800px) 100vw, 800px\" \/><\/figure>\n\n\n\n<figure class=\"wp-block-image size-large\"><img data-recalc-dims=\"1\" loading=\"lazy\" decoding=\"async\" width=\"800\" height=\"470\" data-attachment-id=\"12827\" data-permalink=\"https:\/\/www.atelier-reklama.sk\/blog\/moj-krekacsky-kroj-a-jeho-prekreslene-vzory-spolu\/6e-oplecko-dolne-mladonice-prva-pol-20-stor-vysila-hrachovinkou-krizikmi-asi-mama-stara-a-prastara-mama\/\" data-orig-file=\"https:\/\/i0.wp.com\/www.atelier-reklama.sk\/blog\/wp-content\/uploads\/2023\/03\/6E-oplecko-Doln%C3%A9-Mladonice-prv%C3%A1-pol.-20.-stor.-vy%C5%A1ila-hrachovinkou-kr%C3%AD%C5%BEikmi-asi-mama-star%C3%A1-a-prastar%C3%A1-mama-scaled.jpg?fit=2560%2C1504&amp;ssl=1\" data-orig-size=\"2560,1504\" data-comments-opened=\"1\" data-image-meta=\"{&quot;aperture&quot;:&quot;2&quot;,&quot;credit&quot;:&quot;&quot;,&quot;camera&quot;:&quot;SM-A125F&quot;,&quot;caption&quot;:&quot;&quot;,&quot;created_timestamp&quot;:&quot;1678636499&quot;,&quot;copyright&quot;:&quot;&quot;,&quot;focal_length&quot;:&quot;4.6&quot;,&quot;iso&quot;:&quot;250&quot;,&quot;shutter_speed&quot;:&quot;0.039998&quot;,&quot;title&quot;:&quot;&quot;,&quot;orientation&quot;:&quot;1&quot;}\" data-image-title=\"6E-oplecko-Doln\u00e9-Mladonice-prv\u00e1-pol.-20.-stor.-vy\u0161ila-hrachovinkou-kr\u00ed\u017eikmi-asi-mama-star\u00e1-a-prastar\u00e1-mama\" data-image-description=\"\" data-image-caption=\"\" data-medium-file=\"https:\/\/i0.wp.com\/www.atelier-reklama.sk\/blog\/wp-content\/uploads\/2023\/03\/6E-oplecko-Doln%C3%A9-Mladonice-prv%C3%A1-pol.-20.-stor.-vy%C5%A1ila-hrachovinkou-kr%C3%AD%C5%BEikmi-asi-mama-star%C3%A1-a-prastar%C3%A1-mama-scaled.jpg?fit=300%2C176&amp;ssl=1\" data-large-file=\"https:\/\/i0.wp.com\/www.atelier-reklama.sk\/blog\/wp-content\/uploads\/2023\/03\/6E-oplecko-Doln%C3%A9-Mladonice-prv%C3%A1-pol.-20.-stor.-vy%C5%A1ila-hrachovinkou-kr%C3%AD%C5%BEikmi-asi-mama-star%C3%A1-a-prastar%C3%A1-mama-scaled.jpg?fit=800%2C470&amp;ssl=1\" src=\"https:\/\/i0.wp.com\/www.atelier-reklama.sk\/blog\/wp-content\/uploads\/2023\/03\/6E-oplecko-Doln%C3%A9-Mladonice-prv%C3%A1-pol.-20.-stor.-vy%C5%A1ila-hrachovinkou-kr%C3%AD%C5%BEikmi-asi-mama-star%C3%A1-a-prastar%C3%A1-mama.jpg?resize=800%2C470&#038;ssl=1\" alt=\"\" class=\"wp-image-12827\" srcset=\"https:\/\/i0.wp.com\/www.atelier-reklama.sk\/blog\/wp-content\/uploads\/2023\/03\/6E-oplecko-Doln%C3%A9-Mladonice-prv%C3%A1-pol.-20.-stor.-vy%C5%A1ila-hrachovinkou-kr%C3%AD%C5%BEikmi-asi-mama-star%C3%A1-a-prastar%C3%A1-mama-scaled.jpg?resize=1024%2C601&amp;ssl=1 1024w, https:\/\/i0.wp.com\/www.atelier-reklama.sk\/blog\/wp-content\/uploads\/2023\/03\/6E-oplecko-Doln%C3%A9-Mladonice-prv%C3%A1-pol.-20.-stor.-vy%C5%A1ila-hrachovinkou-kr%C3%AD%C5%BEikmi-asi-mama-star%C3%A1-a-prastar%C3%A1-mama-scaled.jpg?resize=300%2C176&amp;ssl=1 300w, https:\/\/i0.wp.com\/www.atelier-reklama.sk\/blog\/wp-content\/uploads\/2023\/03\/6E-oplecko-Doln%C3%A9-Mladonice-prv%C3%A1-pol.-20.-stor.-vy%C5%A1ila-hrachovinkou-kr%C3%AD%C5%BEikmi-asi-mama-star%C3%A1-a-prastar%C3%A1-mama-scaled.jpg?resize=768%2C451&amp;ssl=1 768w, https:\/\/i0.wp.com\/www.atelier-reklama.sk\/blog\/wp-content\/uploads\/2023\/03\/6E-oplecko-Doln%C3%A9-Mladonice-prv%C3%A1-pol.-20.-stor.-vy%C5%A1ila-hrachovinkou-kr%C3%AD%C5%BEikmi-asi-mama-star%C3%A1-a-prastar%C3%A1-mama-scaled.jpg?resize=1536%2C902&amp;ssl=1 1536w, https:\/\/i0.wp.com\/www.atelier-reklama.sk\/blog\/wp-content\/uploads\/2023\/03\/6E-oplecko-Doln%C3%A9-Mladonice-prv%C3%A1-pol.-20.-stor.-vy%C5%A1ila-hrachovinkou-kr%C3%AD%C5%BEikmi-asi-mama-star%C3%A1-a-prastar%C3%A1-mama-scaled.jpg?resize=2048%2C1203&amp;ssl=1 2048w, https:\/\/i0.wp.com\/www.atelier-reklama.sk\/blog\/wp-content\/uploads\/2023\/03\/6E-oplecko-Doln%C3%A9-Mladonice-prv%C3%A1-pol.-20.-stor.-vy%C5%A1ila-hrachovinkou-kr%C3%AD%C5%BEikmi-asi-mama-star%C3%A1-a-prastar%C3%A1-mama-scaled.jpg?w=1600&amp;ssl=1 1600w, https:\/\/i0.wp.com\/www.atelier-reklama.sk\/blog\/wp-content\/uploads\/2023\/03\/6E-oplecko-Doln%C3%A9-Mladonice-prv%C3%A1-pol.-20.-stor.-vy%C5%A1ila-hrachovinkou-kr%C3%AD%C5%BEikmi-asi-mama-star%C3%A1-a-prastar%C3%A1-mama-scaled.jpg?w=2400&amp;ssl=1 2400w\" sizes=\"auto, (max-width: 800px) 100vw, 800px\" \/><\/figure>\n\n\n\n<figure class=\"wp-block-image size-large\"><img data-recalc-dims=\"1\" loading=\"lazy\" decoding=\"async\" width=\"768\" height=\"1024\" data-attachment-id=\"12828\" data-permalink=\"https:\/\/www.atelier-reklama.sk\/blog\/moj-krekacsky-kroj-a-jeho-prekreslene-vzory-spolu\/6f-opleckokoniec-rukava-dolne-mladonice-prva-pol-20-stor-vysila-asi-mama-stara-a-prastara-mama\/\" data-orig-file=\"https:\/\/i0.wp.com\/www.atelier-reklama.sk\/blog\/wp-content\/uploads\/2023\/03\/6F-opleckokoniec-ruk%C3%A1va-Doln%C3%A9-Mladonice-prv%C3%A1-pol.-20.-stor.-vy%C5%A1ila-asi-mama-star%C3%A1-a-prastar%C3%A1-mama-scaled.jpg?fit=1920%2C2560&amp;ssl=1\" data-orig-size=\"1920,2560\" data-comments-opened=\"1\" data-image-meta=\"{&quot;aperture&quot;:&quot;2&quot;,&quot;credit&quot;:&quot;&quot;,&quot;camera&quot;:&quot;SM-A125F&quot;,&quot;caption&quot;:&quot;&quot;,&quot;created_timestamp&quot;:&quot;1678636565&quot;,&quot;copyright&quot;:&quot;&quot;,&quot;focal_length&quot;:&quot;4.6&quot;,&quot;iso&quot;:&quot;250&quot;,&quot;shutter_speed&quot;:&quot;0.039998&quot;,&quot;title&quot;:&quot;&quot;,&quot;orientation&quot;:&quot;1&quot;}\" data-image-title=\"6F-opleckokoniec-ruk\u00e1va-Doln\u00e9-Mladonice-prv\u00e1-pol.-20.-stor.-vy\u0161ila-asi-mama-star\u00e1-a-prastar\u00e1-mama\" data-image-description=\"\" data-image-caption=\"\" data-medium-file=\"https:\/\/i0.wp.com\/www.atelier-reklama.sk\/blog\/wp-content\/uploads\/2023\/03\/6F-opleckokoniec-ruk%C3%A1va-Doln%C3%A9-Mladonice-prv%C3%A1-pol.-20.-stor.-vy%C5%A1ila-asi-mama-star%C3%A1-a-prastar%C3%A1-mama-scaled.jpg?fit=225%2C300&amp;ssl=1\" data-large-file=\"https:\/\/i0.wp.com\/www.atelier-reklama.sk\/blog\/wp-content\/uploads\/2023\/03\/6F-opleckokoniec-ruk%C3%A1va-Doln%C3%A9-Mladonice-prv%C3%A1-pol.-20.-stor.-vy%C5%A1ila-asi-mama-star%C3%A1-a-prastar%C3%A1-mama-scaled.jpg?fit=768%2C1024&amp;ssl=1\" src=\"https:\/\/i0.wp.com\/www.atelier-reklama.sk\/blog\/wp-content\/uploads\/2023\/03\/6F-opleckokoniec-ruk%C3%A1va-Doln%C3%A9-Mladonice-prv%C3%A1-pol.-20.-stor.-vy%C5%A1ila-asi-mama-star%C3%A1-a-prastar%C3%A1-mama.jpg?resize=768%2C1024&#038;ssl=1\" alt=\"\" class=\"wp-image-12828\" srcset=\"https:\/\/i0.wp.com\/www.atelier-reklama.sk\/blog\/wp-content\/uploads\/2023\/03\/6F-opleckokoniec-ruk%C3%A1va-Doln%C3%A9-Mladonice-prv%C3%A1-pol.-20.-stor.-vy%C5%A1ila-asi-mama-star%C3%A1-a-prastar%C3%A1-mama-scaled.jpg?resize=768%2C1024&amp;ssl=1 768w, https:\/\/i0.wp.com\/www.atelier-reklama.sk\/blog\/wp-content\/uploads\/2023\/03\/6F-opleckokoniec-ruk%C3%A1va-Doln%C3%A9-Mladonice-prv%C3%A1-pol.-20.-stor.-vy%C5%A1ila-asi-mama-star%C3%A1-a-prastar%C3%A1-mama-scaled.jpg?resize=225%2C300&amp;ssl=1 225w, https:\/\/i0.wp.com\/www.atelier-reklama.sk\/blog\/wp-content\/uploads\/2023\/03\/6F-opleckokoniec-ruk%C3%A1va-Doln%C3%A9-Mladonice-prv%C3%A1-pol.-20.-stor.-vy%C5%A1ila-asi-mama-star%C3%A1-a-prastar%C3%A1-mama-scaled.jpg?resize=1152%2C1536&amp;ssl=1 1152w, https:\/\/i0.wp.com\/www.atelier-reklama.sk\/blog\/wp-content\/uploads\/2023\/03\/6F-opleckokoniec-ruk%C3%A1va-Doln%C3%A9-Mladonice-prv%C3%A1-pol.-20.-stor.-vy%C5%A1ila-asi-mama-star%C3%A1-a-prastar%C3%A1-mama-scaled.jpg?resize=1536%2C2048&amp;ssl=1 1536w, https:\/\/i0.wp.com\/www.atelier-reklama.sk\/blog\/wp-content\/uploads\/2023\/03\/6F-opleckokoniec-ruk%C3%A1va-Doln%C3%A9-Mladonice-prv%C3%A1-pol.-20.-stor.-vy%C5%A1ila-asi-mama-star%C3%A1-a-prastar%C3%A1-mama-scaled.jpg?w=1920&amp;ssl=1 1920w, https:\/\/i0.wp.com\/www.atelier-reklama.sk\/blog\/wp-content\/uploads\/2023\/03\/6F-opleckokoniec-ruk%C3%A1va-Doln%C3%A9-Mladonice-prv%C3%A1-pol.-20.-stor.-vy%C5%A1ila-asi-mama-star%C3%A1-a-prastar%C3%A1-mama-scaled.jpg?w=1600&amp;ssl=1 1600w\" sizes=\"auto, (max-width: 768px) 100vw, 768px\" \/><\/figure>\n\n\n\n<figure class=\"wp-block-image size-large\"><img data-recalc-dims=\"1\" loading=\"lazy\" decoding=\"async\" width=\"768\" height=\"1024\" data-attachment-id=\"12829\" data-permalink=\"https:\/\/www.atelier-reklama.sk\/blog\/moj-krekacsky-kroj-a-jeho-prekreslene-vzory-spolu\/6g-oplecko-koniec-rukava-dolne-mladonice-prva-pol-20-stor-vysila-asi-mama-stara-a-prastara-mama\/\" data-orig-file=\"https:\/\/i0.wp.com\/www.atelier-reklama.sk\/blog\/wp-content\/uploads\/2023\/03\/6G-Oplecko-koniec-ruk%C3%A1va-Doln%C3%A9-Mladonice-prv%C3%A1-pol.-20.-stor.-vy%C5%A1ila-asi-mama-star%C3%A1-a-prastar%C3%A1-mama-scaled.jpg?fit=1920%2C2560&amp;ssl=1\" data-orig-size=\"1920,2560\" data-comments-opened=\"1\" data-image-meta=\"{&quot;aperture&quot;:&quot;2&quot;,&quot;credit&quot;:&quot;&quot;,&quot;camera&quot;:&quot;SM-A125F&quot;,&quot;caption&quot;:&quot;&quot;,&quot;created_timestamp&quot;:&quot;1678636514&quot;,&quot;copyright&quot;:&quot;&quot;,&quot;focal_length&quot;:&quot;4.6&quot;,&quot;iso&quot;:&quot;320&quot;,&quot;shutter_speed&quot;:&quot;0.039998&quot;,&quot;title&quot;:&quot;&quot;,&quot;orientation&quot;:&quot;1&quot;}\" data-image-title=\"6G-Oplecko-koniec-ruk\u00e1va-Doln\u00e9-Mladonice-prv\u00e1-pol.-20.-stor.-vy\u0161ila-asi-mama-star\u00e1-a-prastar\u00e1-mama\" data-image-description=\"\" data-image-caption=\"\" data-medium-file=\"https:\/\/i0.wp.com\/www.atelier-reklama.sk\/blog\/wp-content\/uploads\/2023\/03\/6G-Oplecko-koniec-ruk%C3%A1va-Doln%C3%A9-Mladonice-prv%C3%A1-pol.-20.-stor.-vy%C5%A1ila-asi-mama-star%C3%A1-a-prastar%C3%A1-mama-scaled.jpg?fit=225%2C300&amp;ssl=1\" data-large-file=\"https:\/\/i0.wp.com\/www.atelier-reklama.sk\/blog\/wp-content\/uploads\/2023\/03\/6G-Oplecko-koniec-ruk%C3%A1va-Doln%C3%A9-Mladonice-prv%C3%A1-pol.-20.-stor.-vy%C5%A1ila-asi-mama-star%C3%A1-a-prastar%C3%A1-mama-scaled.jpg?fit=768%2C1024&amp;ssl=1\" src=\"https:\/\/i0.wp.com\/www.atelier-reklama.sk\/blog\/wp-content\/uploads\/2023\/03\/6G-Oplecko-koniec-ruk%C3%A1va-Doln%C3%A9-Mladonice-prv%C3%A1-pol.-20.-stor.-vy%C5%A1ila-asi-mama-star%C3%A1-a-prastar%C3%A1-mama.jpg?resize=768%2C1024&#038;ssl=1\" alt=\"\" class=\"wp-image-12829\" srcset=\"https:\/\/i0.wp.com\/www.atelier-reklama.sk\/blog\/wp-content\/uploads\/2023\/03\/6G-Oplecko-koniec-ruk%C3%A1va-Doln%C3%A9-Mladonice-prv%C3%A1-pol.-20.-stor.-vy%C5%A1ila-asi-mama-star%C3%A1-a-prastar%C3%A1-mama-scaled.jpg?resize=768%2C1024&amp;ssl=1 768w, https:\/\/i0.wp.com\/www.atelier-reklama.sk\/blog\/wp-content\/uploads\/2023\/03\/6G-Oplecko-koniec-ruk%C3%A1va-Doln%C3%A9-Mladonice-prv%C3%A1-pol.-20.-stor.-vy%C5%A1ila-asi-mama-star%C3%A1-a-prastar%C3%A1-mama-scaled.jpg?resize=225%2C300&amp;ssl=1 225w, https:\/\/i0.wp.com\/www.atelier-reklama.sk\/blog\/wp-content\/uploads\/2023\/03\/6G-Oplecko-koniec-ruk%C3%A1va-Doln%C3%A9-Mladonice-prv%C3%A1-pol.-20.-stor.-vy%C5%A1ila-asi-mama-star%C3%A1-a-prastar%C3%A1-mama-scaled.jpg?resize=1152%2C1536&amp;ssl=1 1152w, https:\/\/i0.wp.com\/www.atelier-reklama.sk\/blog\/wp-content\/uploads\/2023\/03\/6G-Oplecko-koniec-ruk%C3%A1va-Doln%C3%A9-Mladonice-prv%C3%A1-pol.-20.-stor.-vy%C5%A1ila-asi-mama-star%C3%A1-a-prastar%C3%A1-mama-scaled.jpg?resize=1536%2C2048&amp;ssl=1 1536w, https:\/\/i0.wp.com\/www.atelier-reklama.sk\/blog\/wp-content\/uploads\/2023\/03\/6G-Oplecko-koniec-ruk%C3%A1va-Doln%C3%A9-Mladonice-prv%C3%A1-pol.-20.-stor.-vy%C5%A1ila-asi-mama-star%C3%A1-a-prastar%C3%A1-mama-scaled.jpg?w=1920&amp;ssl=1 1920w, https:\/\/i0.wp.com\/www.atelier-reklama.sk\/blog\/wp-content\/uploads\/2023\/03\/6G-Oplecko-koniec-ruk%C3%A1va-Doln%C3%A9-Mladonice-prv%C3%A1-pol.-20.-stor.-vy%C5%A1ila-asi-mama-star%C3%A1-a-prastar%C3%A1-mama-scaled.jpg?w=1600&amp;ssl=1 1600w\" sizes=\"auto, (max-width: 768px) 100vw, 768px\" \/><\/figure>\n\n\n\n<figure class=\"wp-block-image size-large\"><img data-recalc-dims=\"1\" loading=\"lazy\" decoding=\"async\" width=\"791\" height=\"1024\" data-attachment-id=\"12830\" data-permalink=\"https:\/\/www.atelier-reklama.sk\/blog\/moj-krekacsky-kroj-a-jeho-prekreslene-vzory-spolu\/6h-oplecko-koniec-rukava-dolne-mladonice-prva-pol-20-stor-vysila-asi-mama-stara-a-prastara-mam\/\" data-orig-file=\"https:\/\/i0.wp.com\/www.atelier-reklama.sk\/blog\/wp-content\/uploads\/2023\/03\/6H-Oplecko-koniec-ruk%C3%A1va-Doln%C3%A9-Mladonice-prv%C3%A1-pol.-20.-stor.-vy%C5%A1ila-asi-mama-star%C3%A1-a-prastar%C3%A1-mam-scaled.jpg?fit=1977%2C2560&amp;ssl=1\" data-orig-size=\"1977,2560\" data-comments-opened=\"1\" data-image-meta=\"{&quot;aperture&quot;:&quot;2&quot;,&quot;credit&quot;:&quot;&quot;,&quot;camera&quot;:&quot;SM-A125F&quot;,&quot;caption&quot;:&quot;&quot;,&quot;created_timestamp&quot;:&quot;1678636435&quot;,&quot;copyright&quot;:&quot;&quot;,&quot;focal_length&quot;:&quot;4.6&quot;,&quot;iso&quot;:&quot;320&quot;,&quot;shutter_speed&quot;:&quot;0.039998&quot;,&quot;title&quot;:&quot;&quot;,&quot;orientation&quot;:&quot;1&quot;}\" data-image-title=\"6H-Oplecko-koniec-ruk\u00e1va-Doln\u00e9-Mladonice-prv\u00e1-pol.-20.-stor.-vy\u0161ila-asi-mama-star\u00e1-a-prastar\u00e1-mam\" data-image-description=\"\" data-image-caption=\"\" data-medium-file=\"https:\/\/i0.wp.com\/www.atelier-reklama.sk\/blog\/wp-content\/uploads\/2023\/03\/6H-Oplecko-koniec-ruk%C3%A1va-Doln%C3%A9-Mladonice-prv%C3%A1-pol.-20.-stor.-vy%C5%A1ila-asi-mama-star%C3%A1-a-prastar%C3%A1-mam-scaled.jpg?fit=232%2C300&amp;ssl=1\" data-large-file=\"https:\/\/i0.wp.com\/www.atelier-reklama.sk\/blog\/wp-content\/uploads\/2023\/03\/6H-Oplecko-koniec-ruk%C3%A1va-Doln%C3%A9-Mladonice-prv%C3%A1-pol.-20.-stor.-vy%C5%A1ila-asi-mama-star%C3%A1-a-prastar%C3%A1-mam-scaled.jpg?fit=791%2C1024&amp;ssl=1\" src=\"https:\/\/i0.wp.com\/www.atelier-reklama.sk\/blog\/wp-content\/uploads\/2023\/03\/6H-Oplecko-koniec-ruk%C3%A1va-Doln%C3%A9-Mladonice-prv%C3%A1-pol.-20.-stor.-vy%C5%A1ila-asi-mama-star%C3%A1-a-prastar%C3%A1-mam.jpg?resize=791%2C1024&#038;ssl=1\" alt=\"\" class=\"wp-image-12830\" srcset=\"https:\/\/i0.wp.com\/www.atelier-reklama.sk\/blog\/wp-content\/uploads\/2023\/03\/6H-Oplecko-koniec-ruk%C3%A1va-Doln%C3%A9-Mladonice-prv%C3%A1-pol.-20.-stor.-vy%C5%A1ila-asi-mama-star%C3%A1-a-prastar%C3%A1-mam-scaled.jpg?resize=791%2C1024&amp;ssl=1 791w, https:\/\/i0.wp.com\/www.atelier-reklama.sk\/blog\/wp-content\/uploads\/2023\/03\/6H-Oplecko-koniec-ruk%C3%A1va-Doln%C3%A9-Mladonice-prv%C3%A1-pol.-20.-stor.-vy%C5%A1ila-asi-mama-star%C3%A1-a-prastar%C3%A1-mam-scaled.jpg?resize=232%2C300&amp;ssl=1 232w, https:\/\/i0.wp.com\/www.atelier-reklama.sk\/blog\/wp-content\/uploads\/2023\/03\/6H-Oplecko-koniec-ruk%C3%A1va-Doln%C3%A9-Mladonice-prv%C3%A1-pol.-20.-stor.-vy%C5%A1ila-asi-mama-star%C3%A1-a-prastar%C3%A1-mam-scaled.jpg?resize=768%2C994&amp;ssl=1 768w, https:\/\/i0.wp.com\/www.atelier-reklama.sk\/blog\/wp-content\/uploads\/2023\/03\/6H-Oplecko-koniec-ruk%C3%A1va-Doln%C3%A9-Mladonice-prv%C3%A1-pol.-20.-stor.-vy%C5%A1ila-asi-mama-star%C3%A1-a-prastar%C3%A1-mam-scaled.jpg?resize=1186%2C1536&amp;ssl=1 1186w, https:\/\/i0.wp.com\/www.atelier-reklama.sk\/blog\/wp-content\/uploads\/2023\/03\/6H-Oplecko-koniec-ruk%C3%A1va-Doln%C3%A9-Mladonice-prv%C3%A1-pol.-20.-stor.-vy%C5%A1ila-asi-mama-star%C3%A1-a-prastar%C3%A1-mam-scaled.jpg?resize=1582%2C2048&amp;ssl=1 1582w, https:\/\/i0.wp.com\/www.atelier-reklama.sk\/blog\/wp-content\/uploads\/2023\/03\/6H-Oplecko-koniec-ruk%C3%A1va-Doln%C3%A9-Mladonice-prv%C3%A1-pol.-20.-stor.-vy%C5%A1ila-asi-mama-star%C3%A1-a-prastar%C3%A1-mam-scaled.jpg?w=1977&amp;ssl=1 1977w\" sizes=\"auto, (max-width: 791px) 100vw, 791px\" \/><\/figure>\n\n\n\n<ol class=\"wp-block-list\">\n<li>Oplecko, Bzov\u00edk, za\u010diatok 20.storo\u010dia, vy\u0161it\u00e9 kr\u00ed\u017eikmi, vrkv\u00f4\u010dikov\u00fdm kr\u00ed\u017eikom, hladkovan\u00edm, me\u0161terkou, p\u00f4vodn\u00fd vlastn\u00edk je nezn\u00e1my.<\/li>\n<\/ol>\n\n\n\n<figure class=\"wp-block-image size-large\"><img data-recalc-dims=\"1\" loading=\"lazy\" decoding=\"async\" width=\"800\" height=\"454\" data-attachment-id=\"13539\" data-permalink=\"https:\/\/www.atelier-reklama.sk\/blog\/moj-krekacsky-kroj-a-jeho-prekreslene-vzory-spolu\/0-oplecko-bzovik-zac-20-stor-vysite-krizikmi-povodny-vlastnik-neznamy-2\/\" data-orig-file=\"https:\/\/i0.wp.com\/www.atelier-reklama.sk\/blog\/wp-content\/uploads\/2023\/04\/0-Oplecko-Bzov%C3%ADk-za%C4%8D.-20.-stor.-vy%C5%A1it%C3%A9-kr%C3%AD%C5%BEikmi-p%C3%B4vodn%C3%BD-vlastn%C3%ADk-nezn%C3%A1my-scaled.jpg?fit=2560%2C1454&amp;ssl=1\" data-orig-size=\"2560,1454\" data-comments-opened=\"1\" data-image-meta=\"{&quot;aperture&quot;:&quot;2&quot;,&quot;credit&quot;:&quot;&quot;,&quot;camera&quot;:&quot;SM-A125F&quot;,&quot;caption&quot;:&quot;&quot;,&quot;created_timestamp&quot;:&quot;1678975113&quot;,&quot;copyright&quot;:&quot;&quot;,&quot;focal_length&quot;:&quot;4.6&quot;,&quot;iso&quot;:&quot;250&quot;,&quot;shutter_speed&quot;:&quot;0.0399&quot;,&quot;title&quot;:&quot;&quot;,&quot;orientation&quot;:&quot;1&quot;}\" data-image-title=\"0-Oplecko-Bzov\u00edk-za\u010d.-20.-stor.-vy\u0161it\u00e9-kr\u00ed\u017eikmi-p\u00f4vodn\u00fd-vlastn\u00edk-nezn\u00e1my\" data-image-description=\"\" data-image-caption=\"\" data-medium-file=\"https:\/\/i0.wp.com\/www.atelier-reklama.sk\/blog\/wp-content\/uploads\/2023\/04\/0-Oplecko-Bzov%C3%ADk-za%C4%8D.-20.-stor.-vy%C5%A1it%C3%A9-kr%C3%AD%C5%BEikmi-p%C3%B4vodn%C3%BD-vlastn%C3%ADk-nezn%C3%A1my-scaled.jpg?fit=300%2C170&amp;ssl=1\" data-large-file=\"https:\/\/i0.wp.com\/www.atelier-reklama.sk\/blog\/wp-content\/uploads\/2023\/04\/0-Oplecko-Bzov%C3%ADk-za%C4%8D.-20.-stor.-vy%C5%A1it%C3%A9-kr%C3%AD%C5%BEikmi-p%C3%B4vodn%C3%BD-vlastn%C3%ADk-nezn%C3%A1my-scaled.jpg?fit=800%2C454&amp;ssl=1\" src=\"https:\/\/i0.wp.com\/www.atelier-reklama.sk\/blog\/wp-content\/uploads\/2023\/04\/0-Oplecko-Bzov%C3%ADk-za%C4%8D.-20.-stor.-vy%C5%A1it%C3%A9-kr%C3%AD%C5%BEikmi-p%C3%B4vodn%C3%BD-vlastn%C3%ADk-nezn%C3%A1my.jpg?resize=800%2C454&#038;ssl=1\" alt=\"\" class=\"wp-image-13539\" srcset=\"https:\/\/i0.wp.com\/www.atelier-reklama.sk\/blog\/wp-content\/uploads\/2023\/04\/0-Oplecko-Bzov%C3%ADk-za%C4%8D.-20.-stor.-vy%C5%A1it%C3%A9-kr%C3%AD%C5%BEikmi-p%C3%B4vodn%C3%BD-vlastn%C3%ADk-nezn%C3%A1my-scaled.jpg?resize=1024%2C581&amp;ssl=1 1024w, https:\/\/i0.wp.com\/www.atelier-reklama.sk\/blog\/wp-content\/uploads\/2023\/04\/0-Oplecko-Bzov%C3%ADk-za%C4%8D.-20.-stor.-vy%C5%A1it%C3%A9-kr%C3%AD%C5%BEikmi-p%C3%B4vodn%C3%BD-vlastn%C3%ADk-nezn%C3%A1my-scaled.jpg?resize=300%2C170&amp;ssl=1 300w, https:\/\/i0.wp.com\/www.atelier-reklama.sk\/blog\/wp-content\/uploads\/2023\/04\/0-Oplecko-Bzov%C3%ADk-za%C4%8D.-20.-stor.-vy%C5%A1it%C3%A9-kr%C3%AD%C5%BEikmi-p%C3%B4vodn%C3%BD-vlastn%C3%ADk-nezn%C3%A1my-scaled.jpg?resize=768%2C436&amp;ssl=1 768w, https:\/\/i0.wp.com\/www.atelier-reklama.sk\/blog\/wp-content\/uploads\/2023\/04\/0-Oplecko-Bzov%C3%ADk-za%C4%8D.-20.-stor.-vy%C5%A1it%C3%A9-kr%C3%AD%C5%BEikmi-p%C3%B4vodn%C3%BD-vlastn%C3%ADk-nezn%C3%A1my-scaled.jpg?resize=1536%2C872&amp;ssl=1 1536w, https:\/\/i0.wp.com\/www.atelier-reklama.sk\/blog\/wp-content\/uploads\/2023\/04\/0-Oplecko-Bzov%C3%ADk-za%C4%8D.-20.-stor.-vy%C5%A1it%C3%A9-kr%C3%AD%C5%BEikmi-p%C3%B4vodn%C3%BD-vlastn%C3%ADk-nezn%C3%A1my-scaled.jpg?resize=2048%2C1163&amp;ssl=1 2048w, https:\/\/i0.wp.com\/www.atelier-reklama.sk\/blog\/wp-content\/uploads\/2023\/04\/0-Oplecko-Bzov%C3%ADk-za%C4%8D.-20.-stor.-vy%C5%A1it%C3%A9-kr%C3%AD%C5%BEikmi-p%C3%B4vodn%C3%BD-vlastn%C3%ADk-nezn%C3%A1my-scaled.jpg?w=1600&amp;ssl=1 1600w, https:\/\/i0.wp.com\/www.atelier-reklama.sk\/blog\/wp-content\/uploads\/2023\/04\/0-Oplecko-Bzov%C3%ADk-za%C4%8D.-20.-stor.-vy%C5%A1it%C3%A9-kr%C3%AD%C5%BEikmi-p%C3%B4vodn%C3%BD-vlastn%C3%ADk-nezn%C3%A1my-scaled.jpg?w=2400&amp;ssl=1 2400w\" sizes=\"auto, (max-width: 800px) 100vw, 800px\" \/><\/figure>\n\n\n\n<figure class=\"wp-block-image size-large\"><img data-recalc-dims=\"1\" loading=\"lazy\" decoding=\"async\" width=\"800\" height=\"633\" data-attachment-id=\"13540\" data-permalink=\"https:\/\/www.atelier-reklama.sk\/blog\/moj-krekacsky-kroj-a-jeho-prekreslene-vzory-spolu\/0a-oplecko-bzovik-zac-20-stor-vysite-krizikmi-povodny-vlastnik-neznamy-2\/\" data-orig-file=\"https:\/\/i0.wp.com\/www.atelier-reklama.sk\/blog\/wp-content\/uploads\/2023\/04\/0A-Oplecko-Bzov%C3%ADk-za%C4%8D.-20.-stor.-vy%C5%A1it%C3%A9-kr%C3%AD%C5%BEikmi-p%C3%B4vodn%C3%BD-vlastn%C3%ADk-nezn%C3%A1my-scaled.jpg?fit=2560%2C2026&amp;ssl=1\" data-orig-size=\"2560,2026\" data-comments-opened=\"1\" data-image-meta=\"{&quot;aperture&quot;:&quot;2&quot;,&quot;credit&quot;:&quot;&quot;,&quot;camera&quot;:&quot;SM-A125F&quot;,&quot;caption&quot;:&quot;&quot;,&quot;created_timestamp&quot;:&quot;1678975123&quot;,&quot;copyright&quot;:&quot;&quot;,&quot;focal_length&quot;:&quot;4.6&quot;,&quot;iso&quot;:&quot;250&quot;,&quot;shutter_speed&quot;:&quot;0.03&quot;,&quot;title&quot;:&quot;&quot;,&quot;orientation&quot;:&quot;1&quot;}\" data-image-title=\"0A-Oplecko-Bzov\u00edk-za\u010d.-20.-stor.-vy\u0161it\u00e9-kr\u00ed\u017eikmi-p\u00f4vodn\u00fd-vlastn\u00edk-nezn\u00e1my\" data-image-description=\"\" data-image-caption=\"\" data-medium-file=\"https:\/\/i0.wp.com\/www.atelier-reklama.sk\/blog\/wp-content\/uploads\/2023\/04\/0A-Oplecko-Bzov%C3%ADk-za%C4%8D.-20.-stor.-vy%C5%A1it%C3%A9-kr%C3%AD%C5%BEikmi-p%C3%B4vodn%C3%BD-vlastn%C3%ADk-nezn%C3%A1my-scaled.jpg?fit=300%2C237&amp;ssl=1\" data-large-file=\"https:\/\/i0.wp.com\/www.atelier-reklama.sk\/blog\/wp-content\/uploads\/2023\/04\/0A-Oplecko-Bzov%C3%ADk-za%C4%8D.-20.-stor.-vy%C5%A1it%C3%A9-kr%C3%AD%C5%BEikmi-p%C3%B4vodn%C3%BD-vlastn%C3%ADk-nezn%C3%A1my-scaled.jpg?fit=800%2C633&amp;ssl=1\" src=\"https:\/\/i0.wp.com\/www.atelier-reklama.sk\/blog\/wp-content\/uploads\/2023\/04\/0A-Oplecko-Bzov%C3%ADk-za%C4%8D.-20.-stor.-vy%C5%A1it%C3%A9-kr%C3%AD%C5%BEikmi-p%C3%B4vodn%C3%BD-vlastn%C3%ADk-nezn%C3%A1my.jpg?resize=800%2C633&#038;ssl=1\" alt=\"\" class=\"wp-image-13540\" srcset=\"https:\/\/i0.wp.com\/www.atelier-reklama.sk\/blog\/wp-content\/uploads\/2023\/04\/0A-Oplecko-Bzov%C3%ADk-za%C4%8D.-20.-stor.-vy%C5%A1it%C3%A9-kr%C3%AD%C5%BEikmi-p%C3%B4vodn%C3%BD-vlastn%C3%ADk-nezn%C3%A1my-scaled.jpg?resize=1024%2C810&amp;ssl=1 1024w, https:\/\/i0.wp.com\/www.atelier-reklama.sk\/blog\/wp-content\/uploads\/2023\/04\/0A-Oplecko-Bzov%C3%ADk-za%C4%8D.-20.-stor.-vy%C5%A1it%C3%A9-kr%C3%AD%C5%BEikmi-p%C3%B4vodn%C3%BD-vlastn%C3%ADk-nezn%C3%A1my-scaled.jpg?resize=300%2C237&amp;ssl=1 300w, https:\/\/i0.wp.com\/www.atelier-reklama.sk\/blog\/wp-content\/uploads\/2023\/04\/0A-Oplecko-Bzov%C3%ADk-za%C4%8D.-20.-stor.-vy%C5%A1it%C3%A9-kr%C3%AD%C5%BEikmi-p%C3%B4vodn%C3%BD-vlastn%C3%ADk-nezn%C3%A1my-scaled.jpg?resize=768%2C608&amp;ssl=1 768w, https:\/\/i0.wp.com\/www.atelier-reklama.sk\/blog\/wp-content\/uploads\/2023\/04\/0A-Oplecko-Bzov%C3%ADk-za%C4%8D.-20.-stor.-vy%C5%A1it%C3%A9-kr%C3%AD%C5%BEikmi-p%C3%B4vodn%C3%BD-vlastn%C3%ADk-nezn%C3%A1my-scaled.jpg?resize=1536%2C1215&amp;ssl=1 1536w, https:\/\/i0.wp.com\/www.atelier-reklama.sk\/blog\/wp-content\/uploads\/2023\/04\/0A-Oplecko-Bzov%C3%ADk-za%C4%8D.-20.-stor.-vy%C5%A1it%C3%A9-kr%C3%AD%C5%BEikmi-p%C3%B4vodn%C3%BD-vlastn%C3%ADk-nezn%C3%A1my-scaled.jpg?resize=2048%2C1621&amp;ssl=1 2048w, https:\/\/i0.wp.com\/www.atelier-reklama.sk\/blog\/wp-content\/uploads\/2023\/04\/0A-Oplecko-Bzov%C3%ADk-za%C4%8D.-20.-stor.-vy%C5%A1it%C3%A9-kr%C3%AD%C5%BEikmi-p%C3%B4vodn%C3%BD-vlastn%C3%ADk-nezn%C3%A1my-scaled.jpg?w=1600&amp;ssl=1 1600w, https:\/\/i0.wp.com\/www.atelier-reklama.sk\/blog\/wp-content\/uploads\/2023\/04\/0A-Oplecko-Bzov%C3%ADk-za%C4%8D.-20.-stor.-vy%C5%A1it%C3%A9-kr%C3%AD%C5%BEikmi-p%C3%B4vodn%C3%BD-vlastn%C3%ADk-nezn%C3%A1my-scaled.jpg?w=2400&amp;ssl=1 2400w\" sizes=\"auto, (max-width: 800px) 100vw, 800px\" \/><\/figure>\n\n\n\n<figure class=\"wp-block-image size-large\"><img data-recalc-dims=\"1\" loading=\"lazy\" decoding=\"async\" width=\"605\" height=\"1024\" data-attachment-id=\"13541\" data-permalink=\"https:\/\/www.atelier-reklama.sk\/blog\/moj-krekacsky-kroj-a-jeho-prekreslene-vzory-spolu\/0b-oplecko-bzovik-zac-20-stor-vysite-krizikmi-povodny-vlastnik-neznamy-2\/\" data-orig-file=\"https:\/\/i0.wp.com\/www.atelier-reklama.sk\/blog\/wp-content\/uploads\/2023\/04\/0B-Oplecko-Bzov%C3%ADk-za%C4%8D.-20.-stor.-vy%C5%A1it%C3%A9-kr%C3%AD%C5%BEikmi-p%C3%B4vodn%C3%BD-vlastn%C3%ADk-nezn%C3%A1my-scaled.jpg?fit=1512%2C2560&amp;ssl=1\" data-orig-size=\"1512,2560\" data-comments-opened=\"1\" data-image-meta=\"{&quot;aperture&quot;:&quot;2&quot;,&quot;credit&quot;:&quot;&quot;,&quot;camera&quot;:&quot;SM-A125F&quot;,&quot;caption&quot;:&quot;&quot;,&quot;created_timestamp&quot;:&quot;1678975137&quot;,&quot;copyright&quot;:&quot;&quot;,&quot;focal_length&quot;:&quot;4.6&quot;,&quot;iso&quot;:&quot;250&quot;,&quot;shutter_speed&quot;:&quot;0.0399&quot;,&quot;title&quot;:&quot;&quot;,&quot;orientation&quot;:&quot;1&quot;}\" data-image-title=\"0B-Oplecko-Bzov\u00edk-za\u010d.-20.-stor.-vy\u0161it\u00e9-kr\u00ed\u017eikmi-p\u00f4vodn\u00fd-vlastn\u00edk-nezn\u00e1my\" data-image-description=\"\" data-image-caption=\"\" data-medium-file=\"https:\/\/i0.wp.com\/www.atelier-reklama.sk\/blog\/wp-content\/uploads\/2023\/04\/0B-Oplecko-Bzov%C3%ADk-za%C4%8D.-20.-stor.-vy%C5%A1it%C3%A9-kr%C3%AD%C5%BEikmi-p%C3%B4vodn%C3%BD-vlastn%C3%ADk-nezn%C3%A1my-scaled.jpg?fit=177%2C300&amp;ssl=1\" data-large-file=\"https:\/\/i0.wp.com\/www.atelier-reklama.sk\/blog\/wp-content\/uploads\/2023\/04\/0B-Oplecko-Bzov%C3%ADk-za%C4%8D.-20.-stor.-vy%C5%A1it%C3%A9-kr%C3%AD%C5%BEikmi-p%C3%B4vodn%C3%BD-vlastn%C3%ADk-nezn%C3%A1my-scaled.jpg?fit=605%2C1024&amp;ssl=1\" src=\"https:\/\/i0.wp.com\/www.atelier-reklama.sk\/blog\/wp-content\/uploads\/2023\/04\/0B-Oplecko-Bzov%C3%ADk-za%C4%8D.-20.-stor.-vy%C5%A1it%C3%A9-kr%C3%AD%C5%BEikmi-p%C3%B4vodn%C3%BD-vlastn%C3%ADk-nezn%C3%A1my.jpg?resize=605%2C1024&#038;ssl=1\" alt=\"\" class=\"wp-image-13541\" srcset=\"https:\/\/i0.wp.com\/www.atelier-reklama.sk\/blog\/wp-content\/uploads\/2023\/04\/0B-Oplecko-Bzov%C3%ADk-za%C4%8D.-20.-stor.-vy%C5%A1it%C3%A9-kr%C3%AD%C5%BEikmi-p%C3%B4vodn%C3%BD-vlastn%C3%ADk-nezn%C3%A1my-scaled.jpg?resize=605%2C1024&amp;ssl=1 605w, https:\/\/i0.wp.com\/www.atelier-reklama.sk\/blog\/wp-content\/uploads\/2023\/04\/0B-Oplecko-Bzov%C3%ADk-za%C4%8D.-20.-stor.-vy%C5%A1it%C3%A9-kr%C3%AD%C5%BEikmi-p%C3%B4vodn%C3%BD-vlastn%C3%ADk-nezn%C3%A1my-scaled.jpg?resize=177%2C300&amp;ssl=1 177w, https:\/\/i0.wp.com\/www.atelier-reklama.sk\/blog\/wp-content\/uploads\/2023\/04\/0B-Oplecko-Bzov%C3%ADk-za%C4%8D.-20.-stor.-vy%C5%A1it%C3%A9-kr%C3%AD%C5%BEikmi-p%C3%B4vodn%C3%BD-vlastn%C3%ADk-nezn%C3%A1my-scaled.jpg?resize=768%2C1300&amp;ssl=1 768w, https:\/\/i0.wp.com\/www.atelier-reklama.sk\/blog\/wp-content\/uploads\/2023\/04\/0B-Oplecko-Bzov%C3%ADk-za%C4%8D.-20.-stor.-vy%C5%A1it%C3%A9-kr%C3%AD%C5%BEikmi-p%C3%B4vodn%C3%BD-vlastn%C3%ADk-nezn%C3%A1my-scaled.jpg?resize=907%2C1536&amp;ssl=1 907w, https:\/\/i0.wp.com\/www.atelier-reklama.sk\/blog\/wp-content\/uploads\/2023\/04\/0B-Oplecko-Bzov%C3%ADk-za%C4%8D.-20.-stor.-vy%C5%A1it%C3%A9-kr%C3%AD%C5%BEikmi-p%C3%B4vodn%C3%BD-vlastn%C3%ADk-nezn%C3%A1my-scaled.jpg?resize=1210%2C2048&amp;ssl=1 1210w, https:\/\/i0.wp.com\/www.atelier-reklama.sk\/blog\/wp-content\/uploads\/2023\/04\/0B-Oplecko-Bzov%C3%ADk-za%C4%8D.-20.-stor.-vy%C5%A1it%C3%A9-kr%C3%AD%C5%BEikmi-p%C3%B4vodn%C3%BD-vlastn%C3%ADk-nezn%C3%A1my-scaled.jpg?w=1512&amp;ssl=1 1512w\" sizes=\"auto, (max-width: 605px) 100vw, 605px\" \/><\/figure>\n\n\n\n<figure class=\"wp-block-image size-large\"><img data-recalc-dims=\"1\" loading=\"lazy\" decoding=\"async\" width=\"800\" height=\"463\" data-attachment-id=\"13542\" data-permalink=\"https:\/\/www.atelier-reklama.sk\/blog\/moj-krekacsky-kroj-a-jeho-prekreslene-vzory-spolu\/0c-oplecko-bzovik-zac-20-stor-vysite-krizikmi-povodny-vlastnik-neznamy-2\/\" data-orig-file=\"https:\/\/i0.wp.com\/www.atelier-reklama.sk\/blog\/wp-content\/uploads\/2023\/04\/0C-Oplecko-Bzov%C3%ADk-za%C4%8D.-20.-stor.-vy%C5%A1it%C3%A9-kr%C3%AD%C5%BEikmi-p%C3%B4vodn%C3%BD-vlastn%C3%ADk-nezn%C3%A1my-scaled.jpg?fit=2560%2C1482&amp;ssl=1\" data-orig-size=\"2560,1482\" data-comments-opened=\"1\" data-image-meta=\"{&quot;aperture&quot;:&quot;2&quot;,&quot;credit&quot;:&quot;&quot;,&quot;camera&quot;:&quot;SM-A125F&quot;,&quot;caption&quot;:&quot;&quot;,&quot;created_timestamp&quot;:&quot;1678975239&quot;,&quot;copyright&quot;:&quot;&quot;,&quot;focal_length&quot;:&quot;4.6&quot;,&quot;iso&quot;:&quot;250&quot;,&quot;shutter_speed&quot;:&quot;0.0399&quot;,&quot;title&quot;:&quot;&quot;,&quot;orientation&quot;:&quot;1&quot;}\" data-image-title=\"0C-Oplecko-Bzov\u00edk-za\u010d.-20.-stor.-vy\u0161it\u00e9-kr\u00ed\u017eikmi-p\u00f4vodn\u00fd-vlastn\u00edk-nezn\u00e1my\" data-image-description=\"\" data-image-caption=\"\" data-medium-file=\"https:\/\/i0.wp.com\/www.atelier-reklama.sk\/blog\/wp-content\/uploads\/2023\/04\/0C-Oplecko-Bzov%C3%ADk-za%C4%8D.-20.-stor.-vy%C5%A1it%C3%A9-kr%C3%AD%C5%BEikmi-p%C3%B4vodn%C3%BD-vlastn%C3%ADk-nezn%C3%A1my-scaled.jpg?fit=300%2C174&amp;ssl=1\" data-large-file=\"https:\/\/i0.wp.com\/www.atelier-reklama.sk\/blog\/wp-content\/uploads\/2023\/04\/0C-Oplecko-Bzov%C3%ADk-za%C4%8D.-20.-stor.-vy%C5%A1it%C3%A9-kr%C3%AD%C5%BEikmi-p%C3%B4vodn%C3%BD-vlastn%C3%ADk-nezn%C3%A1my-scaled.jpg?fit=800%2C463&amp;ssl=1\" src=\"https:\/\/i0.wp.com\/www.atelier-reklama.sk\/blog\/wp-content\/uploads\/2023\/04\/0C-Oplecko-Bzov%C3%ADk-za%C4%8D.-20.-stor.-vy%C5%A1it%C3%A9-kr%C3%AD%C5%BEikmi-p%C3%B4vodn%C3%BD-vlastn%C3%ADk-nezn%C3%A1my.jpg?resize=800%2C463&#038;ssl=1\" alt=\"\" class=\"wp-image-13542\" srcset=\"https:\/\/i0.wp.com\/www.atelier-reklama.sk\/blog\/wp-content\/uploads\/2023\/04\/0C-Oplecko-Bzov%C3%ADk-za%C4%8D.-20.-stor.-vy%C5%A1it%C3%A9-kr%C3%AD%C5%BEikmi-p%C3%B4vodn%C3%BD-vlastn%C3%ADk-nezn%C3%A1my-scaled.jpg?resize=1024%2C593&amp;ssl=1 1024w, https:\/\/i0.wp.com\/www.atelier-reklama.sk\/blog\/wp-content\/uploads\/2023\/04\/0C-Oplecko-Bzov%C3%ADk-za%C4%8D.-20.-stor.-vy%C5%A1it%C3%A9-kr%C3%AD%C5%BEikmi-p%C3%B4vodn%C3%BD-vlastn%C3%ADk-nezn%C3%A1my-scaled.jpg?resize=300%2C174&amp;ssl=1 300w, https:\/\/i0.wp.com\/www.atelier-reklama.sk\/blog\/wp-content\/uploads\/2023\/04\/0C-Oplecko-Bzov%C3%ADk-za%C4%8D.-20.-stor.-vy%C5%A1it%C3%A9-kr%C3%AD%C5%BEikmi-p%C3%B4vodn%C3%BD-vlastn%C3%ADk-nezn%C3%A1my-scaled.jpg?resize=768%2C445&amp;ssl=1 768w, https:\/\/i0.wp.com\/www.atelier-reklama.sk\/blog\/wp-content\/uploads\/2023\/04\/0C-Oplecko-Bzov%C3%ADk-za%C4%8D.-20.-stor.-vy%C5%A1it%C3%A9-kr%C3%AD%C5%BEikmi-p%C3%B4vodn%C3%BD-vlastn%C3%ADk-nezn%C3%A1my-scaled.jpg?resize=1536%2C889&amp;ssl=1 1536w, https:\/\/i0.wp.com\/www.atelier-reklama.sk\/blog\/wp-content\/uploads\/2023\/04\/0C-Oplecko-Bzov%C3%ADk-za%C4%8D.-20.-stor.-vy%C5%A1it%C3%A9-kr%C3%AD%C5%BEikmi-p%C3%B4vodn%C3%BD-vlastn%C3%ADk-nezn%C3%A1my-scaled.jpg?resize=2048%2C1186&amp;ssl=1 2048w, https:\/\/i0.wp.com\/www.atelier-reklama.sk\/blog\/wp-content\/uploads\/2023\/04\/0C-Oplecko-Bzov%C3%ADk-za%C4%8D.-20.-stor.-vy%C5%A1it%C3%A9-kr%C3%AD%C5%BEikmi-p%C3%B4vodn%C3%BD-vlastn%C3%ADk-nezn%C3%A1my-scaled.jpg?w=1600&amp;ssl=1 1600w, https:\/\/i0.wp.com\/www.atelier-reklama.sk\/blog\/wp-content\/uploads\/2023\/04\/0C-Oplecko-Bzov%C3%ADk-za%C4%8D.-20.-stor.-vy%C5%A1it%C3%A9-kr%C3%AD%C5%BEikmi-p%C3%B4vodn%C3%BD-vlastn%C3%ADk-nezn%C3%A1my-scaled.jpg?w=2400&amp;ssl=1 2400w\" sizes=\"auto, (max-width: 800px) 100vw, 800px\" \/><\/figure>\n\n\n\n<figure class=\"wp-block-image size-large\"><img data-recalc-dims=\"1\" loading=\"lazy\" decoding=\"async\" width=\"800\" height=\"566\" data-attachment-id=\"13544\" data-permalink=\"https:\/\/www.atelier-reklama.sk\/blog\/moj-krekacsky-kroj-a-jeho-prekreslene-vzory-spolu\/0e-oplecko-bzovik-zac-20-stor-vysite-krizikmi-povodny-vlastnik-neznamy-2\/\" data-orig-file=\"https:\/\/i0.wp.com\/www.atelier-reklama.sk\/blog\/wp-content\/uploads\/2023\/04\/0E-Oplecko-Bzov%C3%ADk-za%C4%8D.-20.-stor.-vy%C5%A1it%C3%A9-kr%C3%AD%C5%BEikmi-p%C3%B4vodn%C3%BD-vlastn%C3%ADk-nezn%C3%A1my-scaled.jpg?fit=2560%2C1810&amp;ssl=1\" data-orig-size=\"2560,1810\" data-comments-opened=\"1\" data-image-meta=\"{&quot;aperture&quot;:&quot;0&quot;,&quot;credit&quot;:&quot;&quot;,&quot;camera&quot;:&quot;&quot;,&quot;caption&quot;:&quot;&quot;,&quot;created_timestamp&quot;:&quot;0&quot;,&quot;copyright&quot;:&quot;&quot;,&quot;focal_length&quot;:&quot;0&quot;,&quot;iso&quot;:&quot;0&quot;,&quot;shutter_speed&quot;:&quot;0&quot;,&quot;title&quot;:&quot;&quot;,&quot;orientation&quot;:&quot;0&quot;}\" data-image-title=\"0E-Oplecko-Bzov\u00edk-za\u010d.-20.-stor.-vy\u0161it\u00e9-kr\u00ed\u017eikmi-p\u00f4vodn\u00fd-vlastn\u00edk-nezn\u00e1my\" data-image-description=\"\" data-image-caption=\"\" data-medium-file=\"https:\/\/i0.wp.com\/www.atelier-reklama.sk\/blog\/wp-content\/uploads\/2023\/04\/0E-Oplecko-Bzov%C3%ADk-za%C4%8D.-20.-stor.-vy%C5%A1it%C3%A9-kr%C3%AD%C5%BEikmi-p%C3%B4vodn%C3%BD-vlastn%C3%ADk-nezn%C3%A1my-scaled.jpg?fit=300%2C212&amp;ssl=1\" data-large-file=\"https:\/\/i0.wp.com\/www.atelier-reklama.sk\/blog\/wp-content\/uploads\/2023\/04\/0E-Oplecko-Bzov%C3%ADk-za%C4%8D.-20.-stor.-vy%C5%A1it%C3%A9-kr%C3%AD%C5%BEikmi-p%C3%B4vodn%C3%BD-vlastn%C3%ADk-nezn%C3%A1my-scaled.jpg?fit=800%2C566&amp;ssl=1\" src=\"https:\/\/i0.wp.com\/www.atelier-reklama.sk\/blog\/wp-content\/uploads\/2023\/04\/0E-Oplecko-Bzov%C3%ADk-za%C4%8D.-20.-stor.-vy%C5%A1it%C3%A9-kr%C3%AD%C5%BEikmi-p%C3%B4vodn%C3%BD-vlastn%C3%ADk-nezn%C3%A1my.jpg?resize=800%2C566&#038;ssl=1\" alt=\"\" class=\"wp-image-13544\" srcset=\"https:\/\/i0.wp.com\/www.atelier-reklama.sk\/blog\/wp-content\/uploads\/2023\/04\/0E-Oplecko-Bzov%C3%ADk-za%C4%8D.-20.-stor.-vy%C5%A1it%C3%A9-kr%C3%AD%C5%BEikmi-p%C3%B4vodn%C3%BD-vlastn%C3%ADk-nezn%C3%A1my-scaled.jpg?resize=1024%2C724&amp;ssl=1 1024w, https:\/\/i0.wp.com\/www.atelier-reklama.sk\/blog\/wp-content\/uploads\/2023\/04\/0E-Oplecko-Bzov%C3%ADk-za%C4%8D.-20.-stor.-vy%C5%A1it%C3%A9-kr%C3%AD%C5%BEikmi-p%C3%B4vodn%C3%BD-vlastn%C3%ADk-nezn%C3%A1my-scaled.jpg?resize=300%2C212&amp;ssl=1 300w, https:\/\/i0.wp.com\/www.atelier-reklama.sk\/blog\/wp-content\/uploads\/2023\/04\/0E-Oplecko-Bzov%C3%ADk-za%C4%8D.-20.-stor.-vy%C5%A1it%C3%A9-kr%C3%AD%C5%BEikmi-p%C3%B4vodn%C3%BD-vlastn%C3%ADk-nezn%C3%A1my-scaled.jpg?resize=768%2C543&amp;ssl=1 768w, https:\/\/i0.wp.com\/www.atelier-reklama.sk\/blog\/wp-content\/uploads\/2023\/04\/0E-Oplecko-Bzov%C3%ADk-za%C4%8D.-20.-stor.-vy%C5%A1it%C3%A9-kr%C3%AD%C5%BEikmi-p%C3%B4vodn%C3%BD-vlastn%C3%ADk-nezn%C3%A1my-scaled.jpg?resize=1536%2C1086&amp;ssl=1 1536w, https:\/\/i0.wp.com\/www.atelier-reklama.sk\/blog\/wp-content\/uploads\/2023\/04\/0E-Oplecko-Bzov%C3%ADk-za%C4%8D.-20.-stor.-vy%C5%A1it%C3%A9-kr%C3%AD%C5%BEikmi-p%C3%B4vodn%C3%BD-vlastn%C3%ADk-nezn%C3%A1my-scaled.jpg?resize=2048%2C1448&amp;ssl=1 2048w, https:\/\/i0.wp.com\/www.atelier-reklama.sk\/blog\/wp-content\/uploads\/2023\/04\/0E-Oplecko-Bzov%C3%ADk-za%C4%8D.-20.-stor.-vy%C5%A1it%C3%A9-kr%C3%AD%C5%BEikmi-p%C3%B4vodn%C3%BD-vlastn%C3%ADk-nezn%C3%A1my-scaled.jpg?w=1600&amp;ssl=1 1600w, https:\/\/i0.wp.com\/www.atelier-reklama.sk\/blog\/wp-content\/uploads\/2023\/04\/0E-Oplecko-Bzov%C3%ADk-za%C4%8D.-20.-stor.-vy%C5%A1it%C3%A9-kr%C3%AD%C5%BEikmi-p%C3%B4vodn%C3%BD-vlastn%C3%ADk-nezn%C3%A1my-scaled.jpg?w=2400&amp;ssl=1 2400w\" sizes=\"auto, (max-width: 800px) 100vw, 800px\" \/><\/figure>\n\n\n\n<figure class=\"wp-block-image size-large\"><img data-recalc-dims=\"1\" loading=\"lazy\" decoding=\"async\" width=\"800\" height=\"312\" data-attachment-id=\"13543\" data-permalink=\"https:\/\/www.atelier-reklama.sk\/blog\/moj-krekacsky-kroj-a-jeho-prekreslene-vzory-spolu\/0d-oplecko-bzovik-zac-20-stor-vysite-krizikmi-povodny-vlastnik-neznamy-2\/\" data-orig-file=\"https:\/\/i0.wp.com\/www.atelier-reklama.sk\/blog\/wp-content\/uploads\/2023\/04\/0D-Oplecko-Bzov%C3%ADk-za%C4%8D.-20.-stor.-vy%C5%A1it%C3%A9-kr%C3%AD%C5%BEikmi-p%C3%B4vodn%C3%BD-vlastn%C3%ADk-nezn%C3%A1my-scaled.jpg?fit=2560%2C997&amp;ssl=1\" data-orig-size=\"2560,997\" data-comments-opened=\"1\" data-image-meta=\"{&quot;aperture&quot;:&quot;2&quot;,&quot;credit&quot;:&quot;&quot;,&quot;camera&quot;:&quot;SM-A125F&quot;,&quot;caption&quot;:&quot;&quot;,&quot;created_timestamp&quot;:&quot;1678975259&quot;,&quot;copyright&quot;:&quot;&quot;,&quot;focal_length&quot;:&quot;4.6&quot;,&quot;iso&quot;:&quot;200&quot;,&quot;shutter_speed&quot;:&quot;0.0399&quot;,&quot;title&quot;:&quot;&quot;,&quot;orientation&quot;:&quot;1&quot;}\" data-image-title=\"0D-Oplecko-Bzov\u00edk-za\u010d.-20.-stor.-vy\u0161it\u00e9-kr\u00ed\u017eikmi-p\u00f4vodn\u00fd-vlastn\u00edk-nezn\u00e1my\" data-image-description=\"\" data-image-caption=\"\" data-medium-file=\"https:\/\/i0.wp.com\/www.atelier-reklama.sk\/blog\/wp-content\/uploads\/2023\/04\/0D-Oplecko-Bzov%C3%ADk-za%C4%8D.-20.-stor.-vy%C5%A1it%C3%A9-kr%C3%AD%C5%BEikmi-p%C3%B4vodn%C3%BD-vlastn%C3%ADk-nezn%C3%A1my-scaled.jpg?fit=300%2C117&amp;ssl=1\" data-large-file=\"https:\/\/i0.wp.com\/www.atelier-reklama.sk\/blog\/wp-content\/uploads\/2023\/04\/0D-Oplecko-Bzov%C3%ADk-za%C4%8D.-20.-stor.-vy%C5%A1it%C3%A9-kr%C3%AD%C5%BEikmi-p%C3%B4vodn%C3%BD-vlastn%C3%ADk-nezn%C3%A1my-scaled.jpg?fit=800%2C312&amp;ssl=1\" src=\"https:\/\/i0.wp.com\/www.atelier-reklama.sk\/blog\/wp-content\/uploads\/2023\/04\/0D-Oplecko-Bzov%C3%ADk-za%C4%8D.-20.-stor.-vy%C5%A1it%C3%A9-kr%C3%AD%C5%BEikmi-p%C3%B4vodn%C3%BD-vlastn%C3%ADk-nezn%C3%A1my.jpg?resize=800%2C312&#038;ssl=1\" alt=\"\" class=\"wp-image-13543\" srcset=\"https:\/\/i0.wp.com\/www.atelier-reklama.sk\/blog\/wp-content\/uploads\/2023\/04\/0D-Oplecko-Bzov%C3%ADk-za%C4%8D.-20.-stor.-vy%C5%A1it%C3%A9-kr%C3%AD%C5%BEikmi-p%C3%B4vodn%C3%BD-vlastn%C3%ADk-nezn%C3%A1my-scaled.jpg?resize=1024%2C399&amp;ssl=1 1024w, https:\/\/i0.wp.com\/www.atelier-reklama.sk\/blog\/wp-content\/uploads\/2023\/04\/0D-Oplecko-Bzov%C3%ADk-za%C4%8D.-20.-stor.-vy%C5%A1it%C3%A9-kr%C3%AD%C5%BEikmi-p%C3%B4vodn%C3%BD-vlastn%C3%ADk-nezn%C3%A1my-scaled.jpg?resize=300%2C117&amp;ssl=1 300w, https:\/\/i0.wp.com\/www.atelier-reklama.sk\/blog\/wp-content\/uploads\/2023\/04\/0D-Oplecko-Bzov%C3%ADk-za%C4%8D.-20.-stor.-vy%C5%A1it%C3%A9-kr%C3%AD%C5%BEikmi-p%C3%B4vodn%C3%BD-vlastn%C3%ADk-nezn%C3%A1my-scaled.jpg?resize=768%2C299&amp;ssl=1 768w, https:\/\/i0.wp.com\/www.atelier-reklama.sk\/blog\/wp-content\/uploads\/2023\/04\/0D-Oplecko-Bzov%C3%ADk-za%C4%8D.-20.-stor.-vy%C5%A1it%C3%A9-kr%C3%AD%C5%BEikmi-p%C3%B4vodn%C3%BD-vlastn%C3%ADk-nezn%C3%A1my-scaled.jpg?resize=1536%2C598&amp;ssl=1 1536w, https:\/\/i0.wp.com\/www.atelier-reklama.sk\/blog\/wp-content\/uploads\/2023\/04\/0D-Oplecko-Bzov%C3%ADk-za%C4%8D.-20.-stor.-vy%C5%A1it%C3%A9-kr%C3%AD%C5%BEikmi-p%C3%B4vodn%C3%BD-vlastn%C3%ADk-nezn%C3%A1my-scaled.jpg?resize=2048%2C798&amp;ssl=1 2048w, https:\/\/i0.wp.com\/www.atelier-reklama.sk\/blog\/wp-content\/uploads\/2023\/04\/0D-Oplecko-Bzov%C3%ADk-za%C4%8D.-20.-stor.-vy%C5%A1it%C3%A9-kr%C3%AD%C5%BEikmi-p%C3%B4vodn%C3%BD-vlastn%C3%ADk-nezn%C3%A1my-scaled.jpg?w=1600&amp;ssl=1 1600w, https:\/\/i0.wp.com\/www.atelier-reklama.sk\/blog\/wp-content\/uploads\/2023\/04\/0D-Oplecko-Bzov%C3%ADk-za%C4%8D.-20.-stor.-vy%C5%A1it%C3%A9-kr%C3%AD%C5%BEikmi-p%C3%B4vodn%C3%BD-vlastn%C3%ADk-nezn%C3%A1my-scaled.jpg?w=2400&amp;ssl=1 2400w\" sizes=\"auto, (max-width: 800px) 100vw, 800px\" \/><\/figure>\n\n\n\n<p>2. Oplecko, Doln\u00e9 Mladonice, prv\u00e1 pol. 20. stor. vy\u0161ila kr\u00ed\u017eikmi Katar\u00edna Guttenov\u00e1 (1884-1962)<\/p>\n\n\n\n<figure class=\"wp-block-image size-large\"><img data-recalc-dims=\"1\" loading=\"lazy\" decoding=\"async\" width=\"800\" height=\"394\" data-attachment-id=\"12788\" data-permalink=\"https:\/\/www.atelier-reklama.sk\/blog\/moj-krekacsky-kroj-a-jeho-prekreslene-vzory-spolu\/2a-oplecko-dolne-mladonice-spredu-zac-20-stor_-vysite-krizikmi-povodny-vlastnik-neznamy-jpg\/\" data-orig-file=\"https:\/\/i0.wp.com\/www.atelier-reklama.sk\/blog\/wp-content\/uploads\/2023\/03\/2A-Oplecko-Doln%C3%A9-Mladonice-spredu-za%C4%8D.20.stor_.-vy%C5%A1it%C3%A9-kr%C3%AD%C5%BEikmi-p%C3%B4vodn%C3%BD-vlastn%C3%ADk-nezn%C3%A1my.jpg.jpg?fit=2000%2C984&amp;ssl=1\" data-orig-size=\"2000,984\" data-comments-opened=\"1\" data-image-meta=\"{&quot;aperture&quot;:&quot;0&quot;,&quot;credit&quot;:&quot;&quot;,&quot;camera&quot;:&quot;&quot;,&quot;caption&quot;:&quot;&quot;,&quot;created_timestamp&quot;:&quot;0&quot;,&quot;copyright&quot;:&quot;&quot;,&quot;focal_length&quot;:&quot;0&quot;,&quot;iso&quot;:&quot;0&quot;,&quot;shutter_speed&quot;:&quot;0&quot;,&quot;title&quot;:&quot;&quot;,&quot;orientation&quot;:&quot;0&quot;}\" data-image-title=\"2A-Oplecko-Doln\u00e9-Mladonice-spredu-za\u010d.20.stor_.-vy\u0161it\u00e9-kr\u00ed\u017eikmi-p\u00f4vodn\u00fd-vlastn\u00edk-nezn\u00e1my.jpg\" data-image-description=\"\" data-image-caption=\"\" data-medium-file=\"https:\/\/i0.wp.com\/www.atelier-reklama.sk\/blog\/wp-content\/uploads\/2023\/03\/2A-Oplecko-Doln%C3%A9-Mladonice-spredu-za%C4%8D.20.stor_.-vy%C5%A1it%C3%A9-kr%C3%AD%C5%BEikmi-p%C3%B4vodn%C3%BD-vlastn%C3%ADk-nezn%C3%A1my.jpg.jpg?fit=300%2C148&amp;ssl=1\" data-large-file=\"https:\/\/i0.wp.com\/www.atelier-reklama.sk\/blog\/wp-content\/uploads\/2023\/03\/2A-Oplecko-Doln%C3%A9-Mladonice-spredu-za%C4%8D.20.stor_.-vy%C5%A1it%C3%A9-kr%C3%AD%C5%BEikmi-p%C3%B4vodn%C3%BD-vlastn%C3%ADk-nezn%C3%A1my.jpg.jpg?fit=800%2C394&amp;ssl=1\" src=\"https:\/\/i0.wp.com\/www.atelier-reklama.sk\/blog\/wp-content\/uploads\/2023\/03\/2A-Oplecko-Doln%C3%A9-Mladonice-spredu-za%C4%8D.20.stor_.-vy%C5%A1it%C3%A9-kr%C3%AD%C5%BEikmi-p%C3%B4vodn%C3%BD-vlastn%C3%ADk-nezn%C3%A1my.jpg.jpg?resize=800%2C394&#038;ssl=1\" alt=\"\" class=\"wp-image-12788\" srcset=\"https:\/\/i0.wp.com\/www.atelier-reklama.sk\/blog\/wp-content\/uploads\/2023\/03\/2A-Oplecko-Doln%C3%A9-Mladonice-spredu-za%C4%8D.20.stor_.-vy%C5%A1it%C3%A9-kr%C3%AD%C5%BEikmi-p%C3%B4vodn%C3%BD-vlastn%C3%ADk-nezn%C3%A1my.jpg.jpg?resize=1024%2C504&amp;ssl=1 1024w, https:\/\/i0.wp.com\/www.atelier-reklama.sk\/blog\/wp-content\/uploads\/2023\/03\/2A-Oplecko-Doln%C3%A9-Mladonice-spredu-za%C4%8D.20.stor_.-vy%C5%A1it%C3%A9-kr%C3%AD%C5%BEikmi-p%C3%B4vodn%C3%BD-vlastn%C3%ADk-nezn%C3%A1my.jpg.jpg?resize=300%2C148&amp;ssl=1 300w, https:\/\/i0.wp.com\/www.atelier-reklama.sk\/blog\/wp-content\/uploads\/2023\/03\/2A-Oplecko-Doln%C3%A9-Mladonice-spredu-za%C4%8D.20.stor_.-vy%C5%A1it%C3%A9-kr%C3%AD%C5%BEikmi-p%C3%B4vodn%C3%BD-vlastn%C3%ADk-nezn%C3%A1my.jpg.jpg?resize=768%2C378&amp;ssl=1 768w, https:\/\/i0.wp.com\/www.atelier-reklama.sk\/blog\/wp-content\/uploads\/2023\/03\/2A-Oplecko-Doln%C3%A9-Mladonice-spredu-za%C4%8D.20.stor_.-vy%C5%A1it%C3%A9-kr%C3%AD%C5%BEikmi-p%C3%B4vodn%C3%BD-vlastn%C3%ADk-nezn%C3%A1my.jpg.jpg?resize=1536%2C756&amp;ssl=1 1536w, https:\/\/i0.wp.com\/www.atelier-reklama.sk\/blog\/wp-content\/uploads\/2023\/03\/2A-Oplecko-Doln%C3%A9-Mladonice-spredu-za%C4%8D.20.stor_.-vy%C5%A1it%C3%A9-kr%C3%AD%C5%BEikmi-p%C3%B4vodn%C3%BD-vlastn%C3%ADk-nezn%C3%A1my.jpg.jpg?w=2000&amp;ssl=1 2000w, https:\/\/i0.wp.com\/www.atelier-reklama.sk\/blog\/wp-content\/uploads\/2023\/03\/2A-Oplecko-Doln%C3%A9-Mladonice-spredu-za%C4%8D.20.stor_.-vy%C5%A1it%C3%A9-kr%C3%AD%C5%BEikmi-p%C3%B4vodn%C3%BD-vlastn%C3%ADk-nezn%C3%A1my.jpg.jpg?w=1600&amp;ssl=1 1600w\" sizes=\"auto, (max-width: 800px) 100vw, 800px\" \/><\/figure>\n\n\n\n<figure class=\"wp-block-image size-large\"><img data-recalc-dims=\"1\" loading=\"lazy\" decoding=\"async\" width=\"800\" height=\"542\" data-attachment-id=\"12790\" data-permalink=\"https:\/\/www.atelier-reklama.sk\/blog\/moj-krekacsky-kroj-a-jeho-prekreslene-vzory-spolu\/2b-oplecko-koniec-rukava-dolne-mladonice-prva-pol-20-stor-vysila-asi-mama-stara-a-prastara-mam\/\" data-orig-file=\"https:\/\/i0.wp.com\/www.atelier-reklama.sk\/blog\/wp-content\/uploads\/2023\/03\/2B-Oplecko-koniec-ruk%C3%A1va-Doln%C3%A9-Mladonice-prv%C3%A1-pol.-20.-stor.-vy%C5%A1ila-asi-mama-star%C3%A1-a-prastar%C3%A1-mam.jpg?fit=1777%2C1204&amp;ssl=1\" data-orig-size=\"1777,1204\" data-comments-opened=\"1\" data-image-meta=\"{&quot;aperture&quot;:&quot;0&quot;,&quot;credit&quot;:&quot;&quot;,&quot;camera&quot;:&quot;&quot;,&quot;caption&quot;:&quot;&quot;,&quot;created_timestamp&quot;:&quot;0&quot;,&quot;copyright&quot;:&quot;&quot;,&quot;focal_length&quot;:&quot;0&quot;,&quot;iso&quot;:&quot;0&quot;,&quot;shutter_speed&quot;:&quot;0&quot;,&quot;title&quot;:&quot;&quot;,&quot;orientation&quot;:&quot;0&quot;}\" data-image-title=\"2B-Oplecko-koniec-ruk\u00e1va-Doln\u00e9-Mladonice-prv\u00e1-pol.-20.-stor.-vy\u0161ila-asi-mama-star\u00e1-a-prastar\u00e1-mam\" data-image-description=\"\" data-image-caption=\"\" data-medium-file=\"https:\/\/i0.wp.com\/www.atelier-reklama.sk\/blog\/wp-content\/uploads\/2023\/03\/2B-Oplecko-koniec-ruk%C3%A1va-Doln%C3%A9-Mladonice-prv%C3%A1-pol.-20.-stor.-vy%C5%A1ila-asi-mama-star%C3%A1-a-prastar%C3%A1-mam.jpg?fit=300%2C203&amp;ssl=1\" data-large-file=\"https:\/\/i0.wp.com\/www.atelier-reklama.sk\/blog\/wp-content\/uploads\/2023\/03\/2B-Oplecko-koniec-ruk%C3%A1va-Doln%C3%A9-Mladonice-prv%C3%A1-pol.-20.-stor.-vy%C5%A1ila-asi-mama-star%C3%A1-a-prastar%C3%A1-mam.jpg?fit=800%2C542&amp;ssl=1\" src=\"https:\/\/i0.wp.com\/www.atelier-reklama.sk\/blog\/wp-content\/uploads\/2023\/03\/2B-Oplecko-koniec-ruk%C3%A1va-Doln%C3%A9-Mladonice-prv%C3%A1-pol.-20.-stor.-vy%C5%A1ila-asi-mama-star%C3%A1-a-prastar%C3%A1-mam.jpg?resize=800%2C542&#038;ssl=1\" alt=\"\" class=\"wp-image-12790\" srcset=\"https:\/\/i0.wp.com\/www.atelier-reklama.sk\/blog\/wp-content\/uploads\/2023\/03\/2B-Oplecko-koniec-ruk%C3%A1va-Doln%C3%A9-Mladonice-prv%C3%A1-pol.-20.-stor.-vy%C5%A1ila-asi-mama-star%C3%A1-a-prastar%C3%A1-mam.jpg?resize=1024%2C694&amp;ssl=1 1024w, https:\/\/i0.wp.com\/www.atelier-reklama.sk\/blog\/wp-content\/uploads\/2023\/03\/2B-Oplecko-koniec-ruk%C3%A1va-Doln%C3%A9-Mladonice-prv%C3%A1-pol.-20.-stor.-vy%C5%A1ila-asi-mama-star%C3%A1-a-prastar%C3%A1-mam.jpg?resize=300%2C203&amp;ssl=1 300w, https:\/\/i0.wp.com\/www.atelier-reklama.sk\/blog\/wp-content\/uploads\/2023\/03\/2B-Oplecko-koniec-ruk%C3%A1va-Doln%C3%A9-Mladonice-prv%C3%A1-pol.-20.-stor.-vy%C5%A1ila-asi-mama-star%C3%A1-a-prastar%C3%A1-mam.jpg?resize=768%2C520&amp;ssl=1 768w, https:\/\/i0.wp.com\/www.atelier-reklama.sk\/blog\/wp-content\/uploads\/2023\/03\/2B-Oplecko-koniec-ruk%C3%A1va-Doln%C3%A9-Mladonice-prv%C3%A1-pol.-20.-stor.-vy%C5%A1ila-asi-mama-star%C3%A1-a-prastar%C3%A1-mam.jpg?resize=1536%2C1041&amp;ssl=1 1536w, https:\/\/i0.wp.com\/www.atelier-reklama.sk\/blog\/wp-content\/uploads\/2023\/03\/2B-Oplecko-koniec-ruk%C3%A1va-Doln%C3%A9-Mladonice-prv%C3%A1-pol.-20.-stor.-vy%C5%A1ila-asi-mama-star%C3%A1-a-prastar%C3%A1-mam.jpg?w=1777&amp;ssl=1 1777w, https:\/\/i0.wp.com\/www.atelier-reklama.sk\/blog\/wp-content\/uploads\/2023\/03\/2B-Oplecko-koniec-ruk%C3%A1va-Doln%C3%A9-Mladonice-prv%C3%A1-pol.-20.-stor.-vy%C5%A1ila-asi-mama-star%C3%A1-a-prastar%C3%A1-mam.jpg?w=1600&amp;ssl=1 1600w\" sizes=\"auto, (max-width: 800px) 100vw, 800px\" \/><\/figure>\n\n\n\n<figure class=\"wp-block-image size-large\"><img data-recalc-dims=\"1\" loading=\"lazy\" decoding=\"async\" width=\"800\" height=\"566\" data-attachment-id=\"12791\" data-permalink=\"https:\/\/www.atelier-reklama.sk\/blog\/moj-krekacsky-kroj-a-jeho-prekreslene-vzory-spolu\/2c-opleckovzor-dolne-mladonice-zac-20-stor_-vysite-krizikmi-povodny-vlastnik-neznamy-jpg\/\" data-orig-file=\"https:\/\/i0.wp.com\/www.atelier-reklama.sk\/blog\/wp-content\/uploads\/2023\/03\/2C-Opleckovzor-Doln%C3%A9-Mladonice-za%C4%8D.20.stor_.-vy%C5%A1it%C3%A9-kr%C3%AD%C5%BEikmi-p%C3%B4vodn%C3%BD-vlastn%C3%ADk-nezn%C3%A1my.jpg-scaled.jpg?fit=2560%2C1810&amp;ssl=1\" data-orig-size=\"2560,1810\" data-comments-opened=\"1\" data-image-meta=\"{&quot;aperture&quot;:&quot;0&quot;,&quot;credit&quot;:&quot;&quot;,&quot;camera&quot;:&quot;&quot;,&quot;caption&quot;:&quot;&quot;,&quot;created_timestamp&quot;:&quot;0&quot;,&quot;copyright&quot;:&quot;&quot;,&quot;focal_length&quot;:&quot;0&quot;,&quot;iso&quot;:&quot;0&quot;,&quot;shutter_speed&quot;:&quot;0&quot;,&quot;title&quot;:&quot;&quot;,&quot;orientation&quot;:&quot;0&quot;}\" data-image-title=\"2C-Opleckovzor-Doln\u00e9-Mladonice-za\u010d.20.stor_.-vy\u0161it\u00e9-kr\u00ed\u017eikmi-p\u00f4vodn\u00fd-vlastn\u00edk-nezn\u00e1my.jpg\" data-image-description=\"\" data-image-caption=\"\" data-medium-file=\"https:\/\/i0.wp.com\/www.atelier-reklama.sk\/blog\/wp-content\/uploads\/2023\/03\/2C-Opleckovzor-Doln%C3%A9-Mladonice-za%C4%8D.20.stor_.-vy%C5%A1it%C3%A9-kr%C3%AD%C5%BEikmi-p%C3%B4vodn%C3%BD-vlastn%C3%ADk-nezn%C3%A1my.jpg-scaled.jpg?fit=300%2C212&amp;ssl=1\" data-large-file=\"https:\/\/i0.wp.com\/www.atelier-reklama.sk\/blog\/wp-content\/uploads\/2023\/03\/2C-Opleckovzor-Doln%C3%A9-Mladonice-za%C4%8D.20.stor_.-vy%C5%A1it%C3%A9-kr%C3%AD%C5%BEikmi-p%C3%B4vodn%C3%BD-vlastn%C3%ADk-nezn%C3%A1my.jpg-scaled.jpg?fit=800%2C566&amp;ssl=1\" src=\"https:\/\/i0.wp.com\/www.atelier-reklama.sk\/blog\/wp-content\/uploads\/2023\/03\/2C-Opleckovzor-Doln%C3%A9-Mladonice-za%C4%8D.20.stor_.-vy%C5%A1it%C3%A9-kr%C3%AD%C5%BEikmi-p%C3%B4vodn%C3%BD-vlastn%C3%ADk-nezn%C3%A1my.jpg.jpg?resize=800%2C566&#038;ssl=1\" alt=\"\" class=\"wp-image-12791\" srcset=\"https:\/\/i0.wp.com\/www.atelier-reklama.sk\/blog\/wp-content\/uploads\/2023\/03\/2C-Opleckovzor-Doln%C3%A9-Mladonice-za%C4%8D.20.stor_.-vy%C5%A1it%C3%A9-kr%C3%AD%C5%BEikmi-p%C3%B4vodn%C3%BD-vlastn%C3%ADk-nezn%C3%A1my.jpg-scaled.jpg?resize=1024%2C724&amp;ssl=1 1024w, https:\/\/i0.wp.com\/www.atelier-reklama.sk\/blog\/wp-content\/uploads\/2023\/03\/2C-Opleckovzor-Doln%C3%A9-Mladonice-za%C4%8D.20.stor_.-vy%C5%A1it%C3%A9-kr%C3%AD%C5%BEikmi-p%C3%B4vodn%C3%BD-vlastn%C3%ADk-nezn%C3%A1my.jpg-scaled.jpg?resize=300%2C212&amp;ssl=1 300w, https:\/\/i0.wp.com\/www.atelier-reklama.sk\/blog\/wp-content\/uploads\/2023\/03\/2C-Opleckovzor-Doln%C3%A9-Mladonice-za%C4%8D.20.stor_.-vy%C5%A1it%C3%A9-kr%C3%AD%C5%BEikmi-p%C3%B4vodn%C3%BD-vlastn%C3%ADk-nezn%C3%A1my.jpg-scaled.jpg?resize=768%2C543&amp;ssl=1 768w, https:\/\/i0.wp.com\/www.atelier-reklama.sk\/blog\/wp-content\/uploads\/2023\/03\/2C-Opleckovzor-Doln%C3%A9-Mladonice-za%C4%8D.20.stor_.-vy%C5%A1it%C3%A9-kr%C3%AD%C5%BEikmi-p%C3%B4vodn%C3%BD-vlastn%C3%ADk-nezn%C3%A1my.jpg-scaled.jpg?resize=1536%2C1086&amp;ssl=1 1536w, https:\/\/i0.wp.com\/www.atelier-reklama.sk\/blog\/wp-content\/uploads\/2023\/03\/2C-Opleckovzor-Doln%C3%A9-Mladonice-za%C4%8D.20.stor_.-vy%C5%A1it%C3%A9-kr%C3%AD%C5%BEikmi-p%C3%B4vodn%C3%BD-vlastn%C3%ADk-nezn%C3%A1my.jpg-scaled.jpg?resize=2048%2C1448&amp;ssl=1 2048w, https:\/\/i0.wp.com\/www.atelier-reklama.sk\/blog\/wp-content\/uploads\/2023\/03\/2C-Opleckovzor-Doln%C3%A9-Mladonice-za%C4%8D.20.stor_.-vy%C5%A1it%C3%A9-kr%C3%AD%C5%BEikmi-p%C3%B4vodn%C3%BD-vlastn%C3%ADk-nezn%C3%A1my.jpg-scaled.jpg?w=1600&amp;ssl=1 1600w, https:\/\/i0.wp.com\/www.atelier-reklama.sk\/blog\/wp-content\/uploads\/2023\/03\/2C-Opleckovzor-Doln%C3%A9-Mladonice-za%C4%8D.20.stor_.-vy%C5%A1it%C3%A9-kr%C3%AD%C5%BEikmi-p%C3%B4vodn%C3%BD-vlastn%C3%ADk-nezn%C3%A1my.jpg-scaled.jpg?w=2400&amp;ssl=1 2400w\" sizes=\"auto, (max-width: 800px) 100vw, 800px\" \/><\/figure>\n\n\n\n<figure class=\"wp-block-image size-large\"><img data-recalc-dims=\"1\" loading=\"lazy\" decoding=\"async\" width=\"800\" height=\"415\" data-attachment-id=\"12792\" data-permalink=\"https:\/\/www.atelier-reklama.sk\/blog\/moj-krekacsky-kroj-a-jeho-prekreslene-vzory-spolu\/2d-oplecko-cela-vysivka-na-pleci-dolne-mladonice-zac-20-stor_-vysite-krizikmi-povodny-vlastnik-neznamy\/\" data-orig-file=\"https:\/\/i0.wp.com\/www.atelier-reklama.sk\/blog\/wp-content\/uploads\/2023\/03\/2D-Oplecko-cel%C3%A1-v%C3%BD%C5%A1ivka-na-pleci-Doln%C3%A9-Mladonice-za%C4%8D.20.stor_.-vy%C5%A1it%C3%A9-kr%C3%AD%C5%BEikmi-p%C3%B4vodn%C3%BD-vlastn%C3%ADk-nezn%C3%A1my-scaled.jpg?fit=2560%2C1327&amp;ssl=1\" data-orig-size=\"2560,1327\" data-comments-opened=\"1\" data-image-meta=\"{&quot;aperture&quot;:&quot;2&quot;,&quot;credit&quot;:&quot;&quot;,&quot;camera&quot;:&quot;SM-A125F&quot;,&quot;caption&quot;:&quot;&quot;,&quot;created_timestamp&quot;:&quot;1677259831&quot;,&quot;copyright&quot;:&quot;&quot;,&quot;focal_length&quot;:&quot;4.6&quot;,&quot;iso&quot;:&quot;200&quot;,&quot;shutter_speed&quot;:&quot;0.03&quot;,&quot;title&quot;:&quot;&quot;,&quot;orientation&quot;:&quot;1&quot;}\" data-image-title=\"2D-Oplecko-cel\u00e1-v\u00fd\u0161ivka-na-pleci-Doln\u00e9-Mladonice-za\u010d.20.stor_.-vy\u0161it\u00e9-kr\u00ed\u017eikmi-p\u00f4vodn\u00fd-vlastn\u00edk-nezn\u00e1my\" data-image-description=\"\" data-image-caption=\"\" data-medium-file=\"https:\/\/i0.wp.com\/www.atelier-reklama.sk\/blog\/wp-content\/uploads\/2023\/03\/2D-Oplecko-cel%C3%A1-v%C3%BD%C5%A1ivka-na-pleci-Doln%C3%A9-Mladonice-za%C4%8D.20.stor_.-vy%C5%A1it%C3%A9-kr%C3%AD%C5%BEikmi-p%C3%B4vodn%C3%BD-vlastn%C3%ADk-nezn%C3%A1my-scaled.jpg?fit=300%2C156&amp;ssl=1\" data-large-file=\"https:\/\/i0.wp.com\/www.atelier-reklama.sk\/blog\/wp-content\/uploads\/2023\/03\/2D-Oplecko-cel%C3%A1-v%C3%BD%C5%A1ivka-na-pleci-Doln%C3%A9-Mladonice-za%C4%8D.20.stor_.-vy%C5%A1it%C3%A9-kr%C3%AD%C5%BEikmi-p%C3%B4vodn%C3%BD-vlastn%C3%ADk-nezn%C3%A1my-scaled.jpg?fit=800%2C415&amp;ssl=1\" src=\"https:\/\/i0.wp.com\/www.atelier-reklama.sk\/blog\/wp-content\/uploads\/2023\/03\/2D-Oplecko-cel%C3%A1-v%C3%BD%C5%A1ivka-na-pleci-Doln%C3%A9-Mladonice-za%C4%8D.20.stor_.-vy%C5%A1it%C3%A9-kr%C3%AD%C5%BEikmi-p%C3%B4vodn%C3%BD-vlastn%C3%ADk-nezn%C3%A1my.jpg?resize=800%2C415&#038;ssl=1\" alt=\"\" class=\"wp-image-12792\" srcset=\"https:\/\/i0.wp.com\/www.atelier-reklama.sk\/blog\/wp-content\/uploads\/2023\/03\/2D-Oplecko-cel%C3%A1-v%C3%BD%C5%A1ivka-na-pleci-Doln%C3%A9-Mladonice-za%C4%8D.20.stor_.-vy%C5%A1it%C3%A9-kr%C3%AD%C5%BEikmi-p%C3%B4vodn%C3%BD-vlastn%C3%ADk-nezn%C3%A1my-scaled.jpg?resize=1024%2C531&amp;ssl=1 1024w, https:\/\/i0.wp.com\/www.atelier-reklama.sk\/blog\/wp-content\/uploads\/2023\/03\/2D-Oplecko-cel%C3%A1-v%C3%BD%C5%A1ivka-na-pleci-Doln%C3%A9-Mladonice-za%C4%8D.20.stor_.-vy%C5%A1it%C3%A9-kr%C3%AD%C5%BEikmi-p%C3%B4vodn%C3%BD-vlastn%C3%ADk-nezn%C3%A1my-scaled.jpg?resize=300%2C156&amp;ssl=1 300w, https:\/\/i0.wp.com\/www.atelier-reklama.sk\/blog\/wp-content\/uploads\/2023\/03\/2D-Oplecko-cel%C3%A1-v%C3%BD%C5%A1ivka-na-pleci-Doln%C3%A9-Mladonice-za%C4%8D.20.stor_.-vy%C5%A1it%C3%A9-kr%C3%AD%C5%BEikmi-p%C3%B4vodn%C3%BD-vlastn%C3%ADk-nezn%C3%A1my-scaled.jpg?resize=768%2C398&amp;ssl=1 768w, https:\/\/i0.wp.com\/www.atelier-reklama.sk\/blog\/wp-content\/uploads\/2023\/03\/2D-Oplecko-cel%C3%A1-v%C3%BD%C5%A1ivka-na-pleci-Doln%C3%A9-Mladonice-za%C4%8D.20.stor_.-vy%C5%A1it%C3%A9-kr%C3%AD%C5%BEikmi-p%C3%B4vodn%C3%BD-vlastn%C3%ADk-nezn%C3%A1my-scaled.jpg?resize=1536%2C796&amp;ssl=1 1536w, https:\/\/i0.wp.com\/www.atelier-reklama.sk\/blog\/wp-content\/uploads\/2023\/03\/2D-Oplecko-cel%C3%A1-v%C3%BD%C5%A1ivka-na-pleci-Doln%C3%A9-Mladonice-za%C4%8D.20.stor_.-vy%C5%A1it%C3%A9-kr%C3%AD%C5%BEikmi-p%C3%B4vodn%C3%BD-vlastn%C3%ADk-nezn%C3%A1my-scaled.jpg?resize=2048%2C1062&amp;ssl=1 2048w, https:\/\/i0.wp.com\/www.atelier-reklama.sk\/blog\/wp-content\/uploads\/2023\/03\/2D-Oplecko-cel%C3%A1-v%C3%BD%C5%A1ivka-na-pleci-Doln%C3%A9-Mladonice-za%C4%8D.20.stor_.-vy%C5%A1it%C3%A9-kr%C3%AD%C5%BEikmi-p%C3%B4vodn%C3%BD-vlastn%C3%ADk-nezn%C3%A1my-scaled.jpg?w=1600&amp;ssl=1 1600w, https:\/\/i0.wp.com\/www.atelier-reklama.sk\/blog\/wp-content\/uploads\/2023\/03\/2D-Oplecko-cel%C3%A1-v%C3%BD%C5%A1ivka-na-pleci-Doln%C3%A9-Mladonice-za%C4%8D.20.stor_.-vy%C5%A1it%C3%A9-kr%C3%AD%C5%BEikmi-p%C3%B4vodn%C3%BD-vlastn%C3%ADk-nezn%C3%A1my-scaled.jpg?w=2400&amp;ssl=1 2400w\" sizes=\"auto, (max-width: 800px) 100vw, 800px\" \/><\/figure>\n\n\n\n<figure class=\"wp-block-image size-large\"><img data-recalc-dims=\"1\" loading=\"lazy\" decoding=\"async\" width=\"800\" height=\"697\" data-attachment-id=\"12793\" data-permalink=\"https:\/\/www.atelier-reklama.sk\/blog\/moj-krekacsky-kroj-a-jeho-prekreslene-vzory-spolu\/2e-opleckodetail-vysivky-na-pleciach-dolne-mladonice-zac-20-stor_-vysite-krizikmi-povodny-vlastnik-neznamy-jpg\/\" data-orig-file=\"https:\/\/i0.wp.com\/www.atelier-reklama.sk\/blog\/wp-content\/uploads\/2023\/03\/2E-Opleckodetail-v%C3%BD%C5%A1ivky-na-pleciach-Doln%C3%A9-Mladonice-za%C4%8D.20.stor_.-vy%C5%A1it%C3%A9-kr%C3%AD%C5%BEikmi-p%C3%B4vodn%C3%BD-vlastn%C3%ADk-nezn%C3%A1my.jpg.jpg?fit=2355%2C2051&amp;ssl=1\" data-orig-size=\"2355,2051\" data-comments-opened=\"1\" data-image-meta=\"{&quot;aperture&quot;:&quot;2&quot;,&quot;credit&quot;:&quot;&quot;,&quot;camera&quot;:&quot;SM-A125F&quot;,&quot;caption&quot;:&quot;&quot;,&quot;created_timestamp&quot;:&quot;1677259807&quot;,&quot;copyright&quot;:&quot;&quot;,&quot;focal_length&quot;:&quot;4.6&quot;,&quot;iso&quot;:&quot;200&quot;,&quot;shutter_speed&quot;:&quot;0.0399&quot;,&quot;title&quot;:&quot;&quot;,&quot;orientation&quot;:&quot;1&quot;}\" data-image-title=\"2E-Opleckodetail-v\u00fd\u0161ivky-na-pleciach-Doln\u00e9-Mladonice-za\u010d.20.stor_.-vy\u0161it\u00e9-kr\u00ed\u017eikmi-p\u00f4vodn\u00fd-vlastn\u00edk-nezn\u00e1my.jpg\" data-image-description=\"\" data-image-caption=\"\" data-medium-file=\"https:\/\/i0.wp.com\/www.atelier-reklama.sk\/blog\/wp-content\/uploads\/2023\/03\/2E-Opleckodetail-v%C3%BD%C5%A1ivky-na-pleciach-Doln%C3%A9-Mladonice-za%C4%8D.20.stor_.-vy%C5%A1it%C3%A9-kr%C3%AD%C5%BEikmi-p%C3%B4vodn%C3%BD-vlastn%C3%ADk-nezn%C3%A1my.jpg.jpg?fit=300%2C261&amp;ssl=1\" data-large-file=\"https:\/\/i0.wp.com\/www.atelier-reklama.sk\/blog\/wp-content\/uploads\/2023\/03\/2E-Opleckodetail-v%C3%BD%C5%A1ivky-na-pleciach-Doln%C3%A9-Mladonice-za%C4%8D.20.stor_.-vy%C5%A1it%C3%A9-kr%C3%AD%C5%BEikmi-p%C3%B4vodn%C3%BD-vlastn%C3%ADk-nezn%C3%A1my.jpg.jpg?fit=800%2C697&amp;ssl=1\" src=\"https:\/\/i0.wp.com\/www.atelier-reklama.sk\/blog\/wp-content\/uploads\/2023\/03\/2E-Opleckodetail-v%C3%BD%C5%A1ivky-na-pleciach-Doln%C3%A9-Mladonice-za%C4%8D.20.stor_.-vy%C5%A1it%C3%A9-kr%C3%AD%C5%BEikmi-p%C3%B4vodn%C3%BD-vlastn%C3%ADk-nezn%C3%A1my.jpg.jpg?resize=800%2C697&#038;ssl=1\" alt=\"\" class=\"wp-image-12793\" srcset=\"https:\/\/i0.wp.com\/www.atelier-reklama.sk\/blog\/wp-content\/uploads\/2023\/03\/2E-Opleckodetail-v%C3%BD%C5%A1ivky-na-pleciach-Doln%C3%A9-Mladonice-za%C4%8D.20.stor_.-vy%C5%A1it%C3%A9-kr%C3%AD%C5%BEikmi-p%C3%B4vodn%C3%BD-vlastn%C3%ADk-nezn%C3%A1my.jpg.jpg?resize=1024%2C892&amp;ssl=1 1024w, https:\/\/i0.wp.com\/www.atelier-reklama.sk\/blog\/wp-content\/uploads\/2023\/03\/2E-Opleckodetail-v%C3%BD%C5%A1ivky-na-pleciach-Doln%C3%A9-Mladonice-za%C4%8D.20.stor_.-vy%C5%A1it%C3%A9-kr%C3%AD%C5%BEikmi-p%C3%B4vodn%C3%BD-vlastn%C3%ADk-nezn%C3%A1my.jpg.jpg?resize=300%2C261&amp;ssl=1 300w, https:\/\/i0.wp.com\/www.atelier-reklama.sk\/blog\/wp-content\/uploads\/2023\/03\/2E-Opleckodetail-v%C3%BD%C5%A1ivky-na-pleciach-Doln%C3%A9-Mladonice-za%C4%8D.20.stor_.-vy%C5%A1it%C3%A9-kr%C3%AD%C5%BEikmi-p%C3%B4vodn%C3%BD-vlastn%C3%ADk-nezn%C3%A1my.jpg.jpg?resize=768%2C669&amp;ssl=1 768w, https:\/\/i0.wp.com\/www.atelier-reklama.sk\/blog\/wp-content\/uploads\/2023\/03\/2E-Opleckodetail-v%C3%BD%C5%A1ivky-na-pleciach-Doln%C3%A9-Mladonice-za%C4%8D.20.stor_.-vy%C5%A1it%C3%A9-kr%C3%AD%C5%BEikmi-p%C3%B4vodn%C3%BD-vlastn%C3%ADk-nezn%C3%A1my.jpg.jpg?resize=1536%2C1338&amp;ssl=1 1536w, https:\/\/i0.wp.com\/www.atelier-reklama.sk\/blog\/wp-content\/uploads\/2023\/03\/2E-Opleckodetail-v%C3%BD%C5%A1ivky-na-pleciach-Doln%C3%A9-Mladonice-za%C4%8D.20.stor_.-vy%C5%A1it%C3%A9-kr%C3%AD%C5%BEikmi-p%C3%B4vodn%C3%BD-vlastn%C3%ADk-nezn%C3%A1my.jpg.jpg?resize=2048%2C1784&amp;ssl=1 2048w, https:\/\/i0.wp.com\/www.atelier-reklama.sk\/blog\/wp-content\/uploads\/2023\/03\/2E-Opleckodetail-v%C3%BD%C5%A1ivky-na-pleciach-Doln%C3%A9-Mladonice-za%C4%8D.20.stor_.-vy%C5%A1it%C3%A9-kr%C3%AD%C5%BEikmi-p%C3%B4vodn%C3%BD-vlastn%C3%ADk-nezn%C3%A1my.jpg.jpg?w=1600&amp;ssl=1 1600w\" sizes=\"auto, (max-width: 800px) 100vw, 800px\" \/><\/figure>\n\n\n\n<figure class=\"wp-block-image size-large\"><img data-recalc-dims=\"1\" loading=\"lazy\" decoding=\"async\" width=\"643\" height=\"1024\" data-attachment-id=\"12794\" data-permalink=\"https:\/\/www.atelier-reklama.sk\/blog\/moj-krekacsky-kroj-a-jeho-prekreslene-vzory-spolu\/2f-oplecko-dolne-mladonice-spredu-zac-20-stor_-vysite-krizikmi-povodny-vlastnik-neznamy\/\" data-orig-file=\"https:\/\/i0.wp.com\/www.atelier-reklama.sk\/blog\/wp-content\/uploads\/2023\/03\/2F-Oplecko-Doln%C3%A9-Mladonice-spredu-za%C4%8D.20.stor_.-vy%C5%A1it%C3%A9-kr%C3%AD%C5%BEikmi-p%C3%B4vodn%C3%BD-vlastn%C3%ADk-nezn%C3%A1my.jpg?fit=1194%2C1902&amp;ssl=1\" data-orig-size=\"1194,1902\" data-comments-opened=\"1\" data-image-meta=\"{&quot;aperture&quot;:&quot;0&quot;,&quot;credit&quot;:&quot;&quot;,&quot;camera&quot;:&quot;&quot;,&quot;caption&quot;:&quot;&quot;,&quot;created_timestamp&quot;:&quot;0&quot;,&quot;copyright&quot;:&quot;&quot;,&quot;focal_length&quot;:&quot;0&quot;,&quot;iso&quot;:&quot;0&quot;,&quot;shutter_speed&quot;:&quot;0&quot;,&quot;title&quot;:&quot;&quot;,&quot;orientation&quot;:&quot;0&quot;}\" data-image-title=\"2F-Oplecko-Doln\u00e9-Mladonice-spredu-za\u010d.20.stor_.-vy\u0161it\u00e9-kr\u00ed\u017eikmi-p\u00f4vodn\u00fd-vlastn\u00edk-nezn\u00e1my\" data-image-description=\"\" data-image-caption=\"\" data-medium-file=\"https:\/\/i0.wp.com\/www.atelier-reklama.sk\/blog\/wp-content\/uploads\/2023\/03\/2F-Oplecko-Doln%C3%A9-Mladonice-spredu-za%C4%8D.20.stor_.-vy%C5%A1it%C3%A9-kr%C3%AD%C5%BEikmi-p%C3%B4vodn%C3%BD-vlastn%C3%ADk-nezn%C3%A1my.jpg?fit=188%2C300&amp;ssl=1\" data-large-file=\"https:\/\/i0.wp.com\/www.atelier-reklama.sk\/blog\/wp-content\/uploads\/2023\/03\/2F-Oplecko-Doln%C3%A9-Mladonice-spredu-za%C4%8D.20.stor_.-vy%C5%A1it%C3%A9-kr%C3%AD%C5%BEikmi-p%C3%B4vodn%C3%BD-vlastn%C3%ADk-nezn%C3%A1my.jpg?fit=643%2C1024&amp;ssl=1\" src=\"https:\/\/i0.wp.com\/www.atelier-reklama.sk\/blog\/wp-content\/uploads\/2023\/03\/2F-Oplecko-Doln%C3%A9-Mladonice-spredu-za%C4%8D.20.stor_.-vy%C5%A1it%C3%A9-kr%C3%AD%C5%BEikmi-p%C3%B4vodn%C3%BD-vlastn%C3%ADk-nezn%C3%A1my.jpg?resize=643%2C1024&#038;ssl=1\" alt=\"\" class=\"wp-image-12794\" srcset=\"https:\/\/i0.wp.com\/www.atelier-reklama.sk\/blog\/wp-content\/uploads\/2023\/03\/2F-Oplecko-Doln%C3%A9-Mladonice-spredu-za%C4%8D.20.stor_.-vy%C5%A1it%C3%A9-kr%C3%AD%C5%BEikmi-p%C3%B4vodn%C3%BD-vlastn%C3%ADk-nezn%C3%A1my.jpg?resize=643%2C1024&amp;ssl=1 643w, https:\/\/i0.wp.com\/www.atelier-reklama.sk\/blog\/wp-content\/uploads\/2023\/03\/2F-Oplecko-Doln%C3%A9-Mladonice-spredu-za%C4%8D.20.stor_.-vy%C5%A1it%C3%A9-kr%C3%AD%C5%BEikmi-p%C3%B4vodn%C3%BD-vlastn%C3%ADk-nezn%C3%A1my.jpg?resize=188%2C300&amp;ssl=1 188w, https:\/\/i0.wp.com\/www.atelier-reklama.sk\/blog\/wp-content\/uploads\/2023\/03\/2F-Oplecko-Doln%C3%A9-Mladonice-spredu-za%C4%8D.20.stor_.-vy%C5%A1it%C3%A9-kr%C3%AD%C5%BEikmi-p%C3%B4vodn%C3%BD-vlastn%C3%ADk-nezn%C3%A1my.jpg?resize=768%2C1223&amp;ssl=1 768w, https:\/\/i0.wp.com\/www.atelier-reklama.sk\/blog\/wp-content\/uploads\/2023\/03\/2F-Oplecko-Doln%C3%A9-Mladonice-spredu-za%C4%8D.20.stor_.-vy%C5%A1it%C3%A9-kr%C3%AD%C5%BEikmi-p%C3%B4vodn%C3%BD-vlastn%C3%ADk-nezn%C3%A1my.jpg?resize=964%2C1536&amp;ssl=1 964w, https:\/\/i0.wp.com\/www.atelier-reklama.sk\/blog\/wp-content\/uploads\/2023\/03\/2F-Oplecko-Doln%C3%A9-Mladonice-spredu-za%C4%8D.20.stor_.-vy%C5%A1it%C3%A9-kr%C3%AD%C5%BEikmi-p%C3%B4vodn%C3%BD-vlastn%C3%ADk-nezn%C3%A1my.jpg?w=1194&amp;ssl=1 1194w\" sizes=\"auto, (max-width: 643px) 100vw, 643px\" \/><\/figure>\n\n\n\n<figure class=\"wp-block-image size-large\"><img data-recalc-dims=\"1\" loading=\"lazy\" decoding=\"async\" width=\"800\" height=\"628\" data-attachment-id=\"12795\" data-permalink=\"https:\/\/www.atelier-reklama.sk\/blog\/moj-krekacsky-kroj-a-jeho-prekreslene-vzory-spolu\/2g-oplecko-dolne-mladonice-spredu-golierik-zapinanie-zac-20-stor_-vysite-krizikmi-povodny-vlastnik-neznamy-jpg\/\" data-orig-file=\"https:\/\/i0.wp.com\/www.atelier-reklama.sk\/blog\/wp-content\/uploads\/2023\/03\/2G-Oplecko-Doln%C3%A9-Mladonice-spredu-golierik-zap%C3%ADnanie-za%C4%8D.20.stor_.-vy%C5%A1it%C3%A9-kr%C3%AD%C5%BEikmi-p%C3%B4vodn%C3%BD-vlastn%C3%ADk-nezn%C3%A1my.jpg-scaled.jpg?fit=2560%2C2009&amp;ssl=1\" data-orig-size=\"2560,2009\" data-comments-opened=\"1\" data-image-meta=\"{&quot;aperture&quot;:&quot;2&quot;,&quot;credit&quot;:&quot;&quot;,&quot;camera&quot;:&quot;SM-A125F&quot;,&quot;caption&quot;:&quot;&quot;,&quot;created_timestamp&quot;:&quot;1677259874&quot;,&quot;copyright&quot;:&quot;&quot;,&quot;focal_length&quot;:&quot;4.6&quot;,&quot;iso&quot;:&quot;160&quot;,&quot;shutter_speed&quot;:&quot;0.03&quot;,&quot;title&quot;:&quot;&quot;,&quot;orientation&quot;:&quot;1&quot;}\" data-image-title=\"2G-Oplecko-Doln\u00e9-Mladonice-spredu-golierik-zap\u00ednanie-za\u010d.20.stor_.-vy\u0161it\u00e9-kr\u00ed\u017eikmi-p\u00f4vodn\u00fd-vlastn\u00edk-nezn\u00e1my.jpg\" data-image-description=\"\" data-image-caption=\"\" data-medium-file=\"https:\/\/i0.wp.com\/www.atelier-reklama.sk\/blog\/wp-content\/uploads\/2023\/03\/2G-Oplecko-Doln%C3%A9-Mladonice-spredu-golierik-zap%C3%ADnanie-za%C4%8D.20.stor_.-vy%C5%A1it%C3%A9-kr%C3%AD%C5%BEikmi-p%C3%B4vodn%C3%BD-vlastn%C3%ADk-nezn%C3%A1my.jpg-scaled.jpg?fit=300%2C235&amp;ssl=1\" data-large-file=\"https:\/\/i0.wp.com\/www.atelier-reklama.sk\/blog\/wp-content\/uploads\/2023\/03\/2G-Oplecko-Doln%C3%A9-Mladonice-spredu-golierik-zap%C3%ADnanie-za%C4%8D.20.stor_.-vy%C5%A1it%C3%A9-kr%C3%AD%C5%BEikmi-p%C3%B4vodn%C3%BD-vlastn%C3%ADk-nezn%C3%A1my.jpg-scaled.jpg?fit=800%2C628&amp;ssl=1\" src=\"https:\/\/i0.wp.com\/www.atelier-reklama.sk\/blog\/wp-content\/uploads\/2023\/03\/2G-Oplecko-Doln%C3%A9-Mladonice-spredu-golierik-zap%C3%ADnanie-za%C4%8D.20.stor_.-vy%C5%A1it%C3%A9-kr%C3%AD%C5%BEikmi-p%C3%B4vodn%C3%BD-vlastn%C3%ADk-nezn%C3%A1my.jpg.jpg?resize=800%2C628&#038;ssl=1\" alt=\"\" class=\"wp-image-12795\" srcset=\"https:\/\/i0.wp.com\/www.atelier-reklama.sk\/blog\/wp-content\/uploads\/2023\/03\/2G-Oplecko-Doln%C3%A9-Mladonice-spredu-golierik-zap%C3%ADnanie-za%C4%8D.20.stor_.-vy%C5%A1it%C3%A9-kr%C3%AD%C5%BEikmi-p%C3%B4vodn%C3%BD-vlastn%C3%ADk-nezn%C3%A1my.jpg-scaled.jpg?resize=1024%2C804&amp;ssl=1 1024w, https:\/\/i0.wp.com\/www.atelier-reklama.sk\/blog\/wp-content\/uploads\/2023\/03\/2G-Oplecko-Doln%C3%A9-Mladonice-spredu-golierik-zap%C3%ADnanie-za%C4%8D.20.stor_.-vy%C5%A1it%C3%A9-kr%C3%AD%C5%BEikmi-p%C3%B4vodn%C3%BD-vlastn%C3%ADk-nezn%C3%A1my.jpg-scaled.jpg?resize=300%2C235&amp;ssl=1 300w, https:\/\/i0.wp.com\/www.atelier-reklama.sk\/blog\/wp-content\/uploads\/2023\/03\/2G-Oplecko-Doln%C3%A9-Mladonice-spredu-golierik-zap%C3%ADnanie-za%C4%8D.20.stor_.-vy%C5%A1it%C3%A9-kr%C3%AD%C5%BEikmi-p%C3%B4vodn%C3%BD-vlastn%C3%ADk-nezn%C3%A1my.jpg-scaled.jpg?resize=768%2C603&amp;ssl=1 768w, https:\/\/i0.wp.com\/www.atelier-reklama.sk\/blog\/wp-content\/uploads\/2023\/03\/2G-Oplecko-Doln%C3%A9-Mladonice-spredu-golierik-zap%C3%ADnanie-za%C4%8D.20.stor_.-vy%C5%A1it%C3%A9-kr%C3%AD%C5%BEikmi-p%C3%B4vodn%C3%BD-vlastn%C3%ADk-nezn%C3%A1my.jpg-scaled.jpg?resize=1536%2C1206&amp;ssl=1 1536w, https:\/\/i0.wp.com\/www.atelier-reklama.sk\/blog\/wp-content\/uploads\/2023\/03\/2G-Oplecko-Doln%C3%A9-Mladonice-spredu-golierik-zap%C3%ADnanie-za%C4%8D.20.stor_.-vy%C5%A1it%C3%A9-kr%C3%AD%C5%BEikmi-p%C3%B4vodn%C3%BD-vlastn%C3%ADk-nezn%C3%A1my.jpg-scaled.jpg?resize=2048%2C1608&amp;ssl=1 2048w, https:\/\/i0.wp.com\/www.atelier-reklama.sk\/blog\/wp-content\/uploads\/2023\/03\/2G-Oplecko-Doln%C3%A9-Mladonice-spredu-golierik-zap%C3%ADnanie-za%C4%8D.20.stor_.-vy%C5%A1it%C3%A9-kr%C3%AD%C5%BEikmi-p%C3%B4vodn%C3%BD-vlastn%C3%ADk-nezn%C3%A1my.jpg-scaled.jpg?w=1600&amp;ssl=1 1600w, https:\/\/i0.wp.com\/www.atelier-reklama.sk\/blog\/wp-content\/uploads\/2023\/03\/2G-Oplecko-Doln%C3%A9-Mladonice-spredu-golierik-zap%C3%ADnanie-za%C4%8D.20.stor_.-vy%C5%A1it%C3%A9-kr%C3%AD%C5%BEikmi-p%C3%B4vodn%C3%BD-vlastn%C3%ADk-nezn%C3%A1my.jpg-scaled.jpg?w=2400&amp;ssl=1 2400w\" sizes=\"auto, (max-width: 800px) 100vw, 800px\" \/><\/figure>\n\n\n\n<p>3. Oplecko, Jal\u0161ov\u00edk, za\u010d.20.stor. vy\u0161it\u00e9 kr\u00ed\u017eikmi, p\u00f4vodn\u00fd vlastn\u00edk nezn\u00e1my<\/p>\n\n\n\n<figure class=\"wp-block-image size-large\"><img data-recalc-dims=\"1\" loading=\"lazy\" decoding=\"async\" width=\"800\" height=\"294\" data-attachment-id=\"12796\" data-permalink=\"https:\/\/www.atelier-reklama.sk\/blog\/moj-krekacsky-kroj-a-jeho-prekreslene-vzory-spolu\/3a-oplecko-jalsovik-spredu-zac-20-stor_-vysite-krizikmi-povodny-vlastnik-neznamy\/\" data-orig-file=\"https:\/\/i0.wp.com\/www.atelier-reklama.sk\/blog\/wp-content\/uploads\/2023\/03\/3A-Oplecko-Jal%C5%A1ov%C3%ADk-spredu-za%C4%8D.20.stor_.-vy%C5%A1it%C3%A9-kr%C3%AD%C5%BEikmi-p%C3%B4vodn%C3%BD-vlastn%C3%ADk-nezn%C3%A1my-scaled.jpg?fit=2560%2C939&amp;ssl=1\" data-orig-size=\"2560,939\" data-comments-opened=\"1\" data-image-meta=\"{&quot;aperture&quot;:&quot;2&quot;,&quot;credit&quot;:&quot;&quot;,&quot;camera&quot;:&quot;SM-A125F&quot;,&quot;caption&quot;:&quot;&quot;,&quot;created_timestamp&quot;:&quot;1677260067&quot;,&quot;copyright&quot;:&quot;&quot;,&quot;focal_length&quot;:&quot;4.6&quot;,&quot;iso&quot;:&quot;200&quot;,&quot;shutter_speed&quot;:&quot;0.02&quot;,&quot;title&quot;:&quot;&quot;,&quot;orientation&quot;:&quot;1&quot;}\" data-image-title=\"3A-Oplecko-Jal\u0161ov\u00edk-spredu-za\u010d.20.stor_.-vy\u0161it\u00e9-kr\u00ed\u017eikmi-p\u00f4vodn\u00fd-vlastn\u00edk-nezn\u00e1my\" data-image-description=\"\" data-image-caption=\"\" data-medium-file=\"https:\/\/i0.wp.com\/www.atelier-reklama.sk\/blog\/wp-content\/uploads\/2023\/03\/3A-Oplecko-Jal%C5%A1ov%C3%ADk-spredu-za%C4%8D.20.stor_.-vy%C5%A1it%C3%A9-kr%C3%AD%C5%BEikmi-p%C3%B4vodn%C3%BD-vlastn%C3%ADk-nezn%C3%A1my-scaled.jpg?fit=300%2C110&amp;ssl=1\" data-large-file=\"https:\/\/i0.wp.com\/www.atelier-reklama.sk\/blog\/wp-content\/uploads\/2023\/03\/3A-Oplecko-Jal%C5%A1ov%C3%ADk-spredu-za%C4%8D.20.stor_.-vy%C5%A1it%C3%A9-kr%C3%AD%C5%BEikmi-p%C3%B4vodn%C3%BD-vlastn%C3%ADk-nezn%C3%A1my-scaled.jpg?fit=800%2C294&amp;ssl=1\" src=\"https:\/\/i0.wp.com\/www.atelier-reklama.sk\/blog\/wp-content\/uploads\/2023\/03\/3A-Oplecko-Jal%C5%A1ov%C3%ADk-spredu-za%C4%8D.20.stor_.-vy%C5%A1it%C3%A9-kr%C3%AD%C5%BEikmi-p%C3%B4vodn%C3%BD-vlastn%C3%ADk-nezn%C3%A1my.jpg?resize=800%2C294&#038;ssl=1\" alt=\"\" class=\"wp-image-12796\" srcset=\"https:\/\/i0.wp.com\/www.atelier-reklama.sk\/blog\/wp-content\/uploads\/2023\/03\/3A-Oplecko-Jal%C5%A1ov%C3%ADk-spredu-za%C4%8D.20.stor_.-vy%C5%A1it%C3%A9-kr%C3%AD%C5%BEikmi-p%C3%B4vodn%C3%BD-vlastn%C3%ADk-nezn%C3%A1my-scaled.jpg?resize=1024%2C376&amp;ssl=1 1024w, https:\/\/i0.wp.com\/www.atelier-reklama.sk\/blog\/wp-content\/uploads\/2023\/03\/3A-Oplecko-Jal%C5%A1ov%C3%ADk-spredu-za%C4%8D.20.stor_.-vy%C5%A1it%C3%A9-kr%C3%AD%C5%BEikmi-p%C3%B4vodn%C3%BD-vlastn%C3%ADk-nezn%C3%A1my-scaled.jpg?resize=300%2C110&amp;ssl=1 300w, https:\/\/i0.wp.com\/www.atelier-reklama.sk\/blog\/wp-content\/uploads\/2023\/03\/3A-Oplecko-Jal%C5%A1ov%C3%ADk-spredu-za%C4%8D.20.stor_.-vy%C5%A1it%C3%A9-kr%C3%AD%C5%BEikmi-p%C3%B4vodn%C3%BD-vlastn%C3%ADk-nezn%C3%A1my-scaled.jpg?resize=768%2C282&amp;ssl=1 768w, https:\/\/i0.wp.com\/www.atelier-reklama.sk\/blog\/wp-content\/uploads\/2023\/03\/3A-Oplecko-Jal%C5%A1ov%C3%ADk-spredu-za%C4%8D.20.stor_.-vy%C5%A1it%C3%A9-kr%C3%AD%C5%BEikmi-p%C3%B4vodn%C3%BD-vlastn%C3%ADk-nezn%C3%A1my-scaled.jpg?resize=1536%2C563&amp;ssl=1 1536w, https:\/\/i0.wp.com\/www.atelier-reklama.sk\/blog\/wp-content\/uploads\/2023\/03\/3A-Oplecko-Jal%C5%A1ov%C3%ADk-spredu-za%C4%8D.20.stor_.-vy%C5%A1it%C3%A9-kr%C3%AD%C5%BEikmi-p%C3%B4vodn%C3%BD-vlastn%C3%ADk-nezn%C3%A1my-scaled.jpg?resize=2048%2C751&amp;ssl=1 2048w, https:\/\/i0.wp.com\/www.atelier-reklama.sk\/blog\/wp-content\/uploads\/2023\/03\/3A-Oplecko-Jal%C5%A1ov%C3%ADk-spredu-za%C4%8D.20.stor_.-vy%C5%A1it%C3%A9-kr%C3%AD%C5%BEikmi-p%C3%B4vodn%C3%BD-vlastn%C3%ADk-nezn%C3%A1my-scaled.jpg?w=1600&amp;ssl=1 1600w, https:\/\/i0.wp.com\/www.atelier-reklama.sk\/blog\/wp-content\/uploads\/2023\/03\/3A-Oplecko-Jal%C5%A1ov%C3%ADk-spredu-za%C4%8D.20.stor_.-vy%C5%A1it%C3%A9-kr%C3%AD%C5%BEikmi-p%C3%B4vodn%C3%BD-vlastn%C3%ADk-nezn%C3%A1my-scaled.jpg?w=2400&amp;ssl=1 2400w\" sizes=\"auto, (max-width: 800px) 100vw, 800px\" \/><\/figure>\n\n\n\n<figure class=\"wp-block-image size-large\"><img data-recalc-dims=\"1\" loading=\"lazy\" decoding=\"async\" width=\"800\" height=\"352\" data-attachment-id=\"12797\" data-permalink=\"https:\/\/www.atelier-reklama.sk\/blog\/moj-krekacsky-kroj-a-jeho-prekreslene-vzory-spolu\/3b-oplecko-jalsovik-zozadu-zac-20-stor_-vysite-krizikmi-povodny-vlastnik-neznamy\/\" data-orig-file=\"https:\/\/i0.wp.com\/www.atelier-reklama.sk\/blog\/wp-content\/uploads\/2023\/03\/3B-Oplecko-Jal%C5%A1ov%C3%ADk-zozadu-za%C4%8D.20.stor_.-vy%C5%A1it%C3%A9-kr%C3%AD%C5%BEikmi-p%C3%B4vodn%C3%BD-vlastn%C3%ADk-nezn%C3%A1my-scaled.jpg?fit=2560%2C1127&amp;ssl=1\" data-orig-size=\"2560,1127\" data-comments-opened=\"1\" data-image-meta=\"{&quot;aperture&quot;:&quot;2&quot;,&quot;credit&quot;:&quot;&quot;,&quot;camera&quot;:&quot;SM-A125F&quot;,&quot;caption&quot;:&quot;&quot;,&quot;created_timestamp&quot;:&quot;1677260118&quot;,&quot;copyright&quot;:&quot;&quot;,&quot;focal_length&quot;:&quot;4.6&quot;,&quot;iso&quot;:&quot;200&quot;,&quot;shutter_speed&quot;:&quot;0.02&quot;,&quot;title&quot;:&quot;&quot;,&quot;orientation&quot;:&quot;1&quot;}\" data-image-title=\"3B-Oplecko-Jal\u0161ov\u00edk-zozadu-za\u010d.20.stor_.-vy\u0161it\u00e9-kr\u00ed\u017eikmi-p\u00f4vodn\u00fd-vlastn\u00edk-nezn\u00e1my\" data-image-description=\"\" data-image-caption=\"\" data-medium-file=\"https:\/\/i0.wp.com\/www.atelier-reklama.sk\/blog\/wp-content\/uploads\/2023\/03\/3B-Oplecko-Jal%C5%A1ov%C3%ADk-zozadu-za%C4%8D.20.stor_.-vy%C5%A1it%C3%A9-kr%C3%AD%C5%BEikmi-p%C3%B4vodn%C3%BD-vlastn%C3%ADk-nezn%C3%A1my-scaled.jpg?fit=300%2C132&amp;ssl=1\" data-large-file=\"https:\/\/i0.wp.com\/www.atelier-reklama.sk\/blog\/wp-content\/uploads\/2023\/03\/3B-Oplecko-Jal%C5%A1ov%C3%ADk-zozadu-za%C4%8D.20.stor_.-vy%C5%A1it%C3%A9-kr%C3%AD%C5%BEikmi-p%C3%B4vodn%C3%BD-vlastn%C3%ADk-nezn%C3%A1my-scaled.jpg?fit=800%2C352&amp;ssl=1\" src=\"https:\/\/i0.wp.com\/www.atelier-reklama.sk\/blog\/wp-content\/uploads\/2023\/03\/3B-Oplecko-Jal%C5%A1ov%C3%ADk-zozadu-za%C4%8D.20.stor_.-vy%C5%A1it%C3%A9-kr%C3%AD%C5%BEikmi-p%C3%B4vodn%C3%BD-vlastn%C3%ADk-nezn%C3%A1my.jpg?resize=800%2C352&#038;ssl=1\" alt=\"\" class=\"wp-image-12797\" srcset=\"https:\/\/i0.wp.com\/www.atelier-reklama.sk\/blog\/wp-content\/uploads\/2023\/03\/3B-Oplecko-Jal%C5%A1ov%C3%ADk-zozadu-za%C4%8D.20.stor_.-vy%C5%A1it%C3%A9-kr%C3%AD%C5%BEikmi-p%C3%B4vodn%C3%BD-vlastn%C3%ADk-nezn%C3%A1my-scaled.jpg?resize=1024%2C451&amp;ssl=1 1024w, https:\/\/i0.wp.com\/www.atelier-reklama.sk\/blog\/wp-content\/uploads\/2023\/03\/3B-Oplecko-Jal%C5%A1ov%C3%ADk-zozadu-za%C4%8D.20.stor_.-vy%C5%A1it%C3%A9-kr%C3%AD%C5%BEikmi-p%C3%B4vodn%C3%BD-vlastn%C3%ADk-nezn%C3%A1my-scaled.jpg?resize=300%2C132&amp;ssl=1 300w, https:\/\/i0.wp.com\/www.atelier-reklama.sk\/blog\/wp-content\/uploads\/2023\/03\/3B-Oplecko-Jal%C5%A1ov%C3%ADk-zozadu-za%C4%8D.20.stor_.-vy%C5%A1it%C3%A9-kr%C3%AD%C5%BEikmi-p%C3%B4vodn%C3%BD-vlastn%C3%ADk-nezn%C3%A1my-scaled.jpg?resize=768%2C338&amp;ssl=1 768w, https:\/\/i0.wp.com\/www.atelier-reklama.sk\/blog\/wp-content\/uploads\/2023\/03\/3B-Oplecko-Jal%C5%A1ov%C3%ADk-zozadu-za%C4%8D.20.stor_.-vy%C5%A1it%C3%A9-kr%C3%AD%C5%BEikmi-p%C3%B4vodn%C3%BD-vlastn%C3%ADk-nezn%C3%A1my-scaled.jpg?resize=1536%2C676&amp;ssl=1 1536w, https:\/\/i0.wp.com\/www.atelier-reklama.sk\/blog\/wp-content\/uploads\/2023\/03\/3B-Oplecko-Jal%C5%A1ov%C3%ADk-zozadu-za%C4%8D.20.stor_.-vy%C5%A1it%C3%A9-kr%C3%AD%C5%BEikmi-p%C3%B4vodn%C3%BD-vlastn%C3%ADk-nezn%C3%A1my-scaled.jpg?resize=2048%2C901&amp;ssl=1 2048w, https:\/\/i0.wp.com\/www.atelier-reklama.sk\/blog\/wp-content\/uploads\/2023\/03\/3B-Oplecko-Jal%C5%A1ov%C3%ADk-zozadu-za%C4%8D.20.stor_.-vy%C5%A1it%C3%A9-kr%C3%AD%C5%BEikmi-p%C3%B4vodn%C3%BD-vlastn%C3%ADk-nezn%C3%A1my-scaled.jpg?w=1600&amp;ssl=1 1600w, https:\/\/i0.wp.com\/www.atelier-reklama.sk\/blog\/wp-content\/uploads\/2023\/03\/3B-Oplecko-Jal%C5%A1ov%C3%ADk-zozadu-za%C4%8D.20.stor_.-vy%C5%A1it%C3%A9-kr%C3%AD%C5%BEikmi-p%C3%B4vodn%C3%BD-vlastn%C3%ADk-nezn%C3%A1my-scaled.jpg?w=2400&amp;ssl=1 2400w\" sizes=\"auto, (max-width: 800px) 100vw, 800px\" \/><\/figure>\n\n\n\n<figure class=\"wp-block-image size-large\"><img data-recalc-dims=\"1\" loading=\"lazy\" decoding=\"async\" width=\"800\" height=\"566\" data-attachment-id=\"12798\" data-permalink=\"https:\/\/www.atelier-reklama.sk\/blog\/moj-krekacsky-kroj-a-jeho-prekreslene-vzory-spolu\/3c-oplecko-jalsovik-vzor-zac-20-stor_-vysite-krizikmi-povodny-vlastnik-neznamy\/\" data-orig-file=\"https:\/\/i0.wp.com\/www.atelier-reklama.sk\/blog\/wp-content\/uploads\/2023\/03\/3C-Oplecko-Jal%C5%A1ov%C3%ADk-vzor-za%C4%8D.20.stor_.-vy%C5%A1it%C3%A9-kr%C3%AD%C5%BEikmi-p%C3%B4vodn%C3%BD-vlastn%C3%ADk-nezn%C3%A1my-scaled.jpg?fit=2560%2C1810&amp;ssl=1\" data-orig-size=\"2560,1810\" data-comments-opened=\"1\" data-image-meta=\"{&quot;aperture&quot;:&quot;0&quot;,&quot;credit&quot;:&quot;&quot;,&quot;camera&quot;:&quot;&quot;,&quot;caption&quot;:&quot;&quot;,&quot;created_timestamp&quot;:&quot;0&quot;,&quot;copyright&quot;:&quot;&quot;,&quot;focal_length&quot;:&quot;0&quot;,&quot;iso&quot;:&quot;0&quot;,&quot;shutter_speed&quot;:&quot;0&quot;,&quot;title&quot;:&quot;&quot;,&quot;orientation&quot;:&quot;0&quot;}\" data-image-title=\"3C-Oplecko-Jal\u0161ov\u00edk-vzor-za\u010d.20.stor_.-vy\u0161it\u00e9-kr\u00ed\u017eikmi-p\u00f4vodn\u00fd-vlastn\u00edk-nezn\u00e1my\" data-image-description=\"\" data-image-caption=\"\" data-medium-file=\"https:\/\/i0.wp.com\/www.atelier-reklama.sk\/blog\/wp-content\/uploads\/2023\/03\/3C-Oplecko-Jal%C5%A1ov%C3%ADk-vzor-za%C4%8D.20.stor_.-vy%C5%A1it%C3%A9-kr%C3%AD%C5%BEikmi-p%C3%B4vodn%C3%BD-vlastn%C3%ADk-nezn%C3%A1my-scaled.jpg?fit=300%2C212&amp;ssl=1\" data-large-file=\"https:\/\/i0.wp.com\/www.atelier-reklama.sk\/blog\/wp-content\/uploads\/2023\/03\/3C-Oplecko-Jal%C5%A1ov%C3%ADk-vzor-za%C4%8D.20.stor_.-vy%C5%A1it%C3%A9-kr%C3%AD%C5%BEikmi-p%C3%B4vodn%C3%BD-vlastn%C3%ADk-nezn%C3%A1my-scaled.jpg?fit=800%2C566&amp;ssl=1\" src=\"https:\/\/i0.wp.com\/www.atelier-reklama.sk\/blog\/wp-content\/uploads\/2023\/03\/3C-Oplecko-Jal%C5%A1ov%C3%ADk-vzor-za%C4%8D.20.stor_.-vy%C5%A1it%C3%A9-kr%C3%AD%C5%BEikmi-p%C3%B4vodn%C3%BD-vlastn%C3%ADk-nezn%C3%A1my.jpg?resize=800%2C566&#038;ssl=1\" alt=\"\" class=\"wp-image-12798\" srcset=\"https:\/\/i0.wp.com\/www.atelier-reklama.sk\/blog\/wp-content\/uploads\/2023\/03\/3C-Oplecko-Jal%C5%A1ov%C3%ADk-vzor-za%C4%8D.20.stor_.-vy%C5%A1it%C3%A9-kr%C3%AD%C5%BEikmi-p%C3%B4vodn%C3%BD-vlastn%C3%ADk-nezn%C3%A1my-scaled.jpg?resize=1024%2C724&amp;ssl=1 1024w, https:\/\/i0.wp.com\/www.atelier-reklama.sk\/blog\/wp-content\/uploads\/2023\/03\/3C-Oplecko-Jal%C5%A1ov%C3%ADk-vzor-za%C4%8D.20.stor_.-vy%C5%A1it%C3%A9-kr%C3%AD%C5%BEikmi-p%C3%B4vodn%C3%BD-vlastn%C3%ADk-nezn%C3%A1my-scaled.jpg?resize=300%2C212&amp;ssl=1 300w, https:\/\/i0.wp.com\/www.atelier-reklama.sk\/blog\/wp-content\/uploads\/2023\/03\/3C-Oplecko-Jal%C5%A1ov%C3%ADk-vzor-za%C4%8D.20.stor_.-vy%C5%A1it%C3%A9-kr%C3%AD%C5%BEikmi-p%C3%B4vodn%C3%BD-vlastn%C3%ADk-nezn%C3%A1my-scaled.jpg?resize=768%2C543&amp;ssl=1 768w, https:\/\/i0.wp.com\/www.atelier-reklama.sk\/blog\/wp-content\/uploads\/2023\/03\/3C-Oplecko-Jal%C5%A1ov%C3%ADk-vzor-za%C4%8D.20.stor_.-vy%C5%A1it%C3%A9-kr%C3%AD%C5%BEikmi-p%C3%B4vodn%C3%BD-vlastn%C3%ADk-nezn%C3%A1my-scaled.jpg?resize=1536%2C1086&amp;ssl=1 1536w, https:\/\/i0.wp.com\/www.atelier-reklama.sk\/blog\/wp-content\/uploads\/2023\/03\/3C-Oplecko-Jal%C5%A1ov%C3%ADk-vzor-za%C4%8D.20.stor_.-vy%C5%A1it%C3%A9-kr%C3%AD%C5%BEikmi-p%C3%B4vodn%C3%BD-vlastn%C3%ADk-nezn%C3%A1my-scaled.jpg?resize=2048%2C1448&amp;ssl=1 2048w, https:\/\/i0.wp.com\/www.atelier-reklama.sk\/blog\/wp-content\/uploads\/2023\/03\/3C-Oplecko-Jal%C5%A1ov%C3%ADk-vzor-za%C4%8D.20.stor_.-vy%C5%A1it%C3%A9-kr%C3%AD%C5%BEikmi-p%C3%B4vodn%C3%BD-vlastn%C3%ADk-nezn%C3%A1my-scaled.jpg?w=1600&amp;ssl=1 1600w, https:\/\/i0.wp.com\/www.atelier-reklama.sk\/blog\/wp-content\/uploads\/2023\/03\/3C-Oplecko-Jal%C5%A1ov%C3%ADk-vzor-za%C4%8D.20.stor_.-vy%C5%A1it%C3%A9-kr%C3%AD%C5%BEikmi-p%C3%B4vodn%C3%BD-vlastn%C3%ADk-nezn%C3%A1my-scaled.jpg?w=2400&amp;ssl=1 2400w\" sizes=\"auto, (max-width: 800px) 100vw, 800px\" \/><\/figure>\n\n\n\n<figure class=\"wp-block-image size-large\"><img data-recalc-dims=\"1\" loading=\"lazy\" decoding=\"async\" width=\"800\" height=\"806\" data-attachment-id=\"12799\" data-permalink=\"https:\/\/www.atelier-reklama.sk\/blog\/moj-krekacsky-kroj-a-jeho-prekreslene-vzory-spolu\/3d-oplecko-jalsovik-vysivka-na-pleci-zac-20-stor_-vysite-krizikmi-povodny-vlastnik-neznamy\/\" data-orig-file=\"https:\/\/i0.wp.com\/www.atelier-reklama.sk\/blog\/wp-content\/uploads\/2023\/03\/3D-Oplecko-Jal%C5%A1ov%C3%ADk-v%C3%BD%C5%A1ivka-na-pleci-za%C4%8D.20.stor_.-vy%C5%A1it%C3%A9-kr%C3%AD%C5%BEikmi-p%C3%B4vodn%C3%BD-vlastn%C3%ADk-nezn%C3%A1my.jpg?fit=2387%2C2403&amp;ssl=1\" data-orig-size=\"2387,2403\" data-comments-opened=\"1\" data-image-meta=\"{&quot;aperture&quot;:&quot;2&quot;,&quot;credit&quot;:&quot;&quot;,&quot;camera&quot;:&quot;SM-A125F&quot;,&quot;caption&quot;:&quot;&quot;,&quot;created_timestamp&quot;:&quot;1677259209&quot;,&quot;copyright&quot;:&quot;&quot;,&quot;focal_length&quot;:&quot;4.6&quot;,&quot;iso&quot;:&quot;200&quot;,&quot;shutter_speed&quot;:&quot;0.03&quot;,&quot;title&quot;:&quot;&quot;,&quot;orientation&quot;:&quot;1&quot;}\" data-image-title=\"3D-Oplecko-Jal\u0161ov\u00edk-v\u00fd\u0161ivka-na-pleci-za\u010d.20.stor_.-vy\u0161it\u00e9-kr\u00ed\u017eikmi-p\u00f4vodn\u00fd-vlastn\u00edk-nezn\u00e1my\" data-image-description=\"\" data-image-caption=\"\" data-medium-file=\"https:\/\/i0.wp.com\/www.atelier-reklama.sk\/blog\/wp-content\/uploads\/2023\/03\/3D-Oplecko-Jal%C5%A1ov%C3%ADk-v%C3%BD%C5%A1ivka-na-pleci-za%C4%8D.20.stor_.-vy%C5%A1it%C3%A9-kr%C3%AD%C5%BEikmi-p%C3%B4vodn%C3%BD-vlastn%C3%ADk-nezn%C3%A1my.jpg?fit=298%2C300&amp;ssl=1\" data-large-file=\"https:\/\/i0.wp.com\/www.atelier-reklama.sk\/blog\/wp-content\/uploads\/2023\/03\/3D-Oplecko-Jal%C5%A1ov%C3%ADk-v%C3%BD%C5%A1ivka-na-pleci-za%C4%8D.20.stor_.-vy%C5%A1it%C3%A9-kr%C3%AD%C5%BEikmi-p%C3%B4vodn%C3%BD-vlastn%C3%ADk-nezn%C3%A1my.jpg?fit=800%2C806&amp;ssl=1\" src=\"https:\/\/i0.wp.com\/www.atelier-reklama.sk\/blog\/wp-content\/uploads\/2023\/03\/3D-Oplecko-Jal%C5%A1ov%C3%ADk-v%C3%BD%C5%A1ivka-na-pleci-za%C4%8D.20.stor_.-vy%C5%A1it%C3%A9-kr%C3%AD%C5%BEikmi-p%C3%B4vodn%C3%BD-vlastn%C3%ADk-nezn%C3%A1my.jpg?resize=800%2C806&#038;ssl=1\" alt=\"\" class=\"wp-image-12799\" srcset=\"https:\/\/i0.wp.com\/www.atelier-reklama.sk\/blog\/wp-content\/uploads\/2023\/03\/3D-Oplecko-Jal%C5%A1ov%C3%ADk-v%C3%BD%C5%A1ivka-na-pleci-za%C4%8D.20.stor_.-vy%C5%A1it%C3%A9-kr%C3%AD%C5%BEikmi-p%C3%B4vodn%C3%BD-vlastn%C3%ADk-nezn%C3%A1my.jpg?resize=1017%2C1024&amp;ssl=1 1017w, https:\/\/i0.wp.com\/www.atelier-reklama.sk\/blog\/wp-content\/uploads\/2023\/03\/3D-Oplecko-Jal%C5%A1ov%C3%ADk-v%C3%BD%C5%A1ivka-na-pleci-za%C4%8D.20.stor_.-vy%C5%A1it%C3%A9-kr%C3%AD%C5%BEikmi-p%C3%B4vodn%C3%BD-vlastn%C3%ADk-nezn%C3%A1my.jpg?resize=298%2C300&amp;ssl=1 298w, https:\/\/i0.wp.com\/www.atelier-reklama.sk\/blog\/wp-content\/uploads\/2023\/03\/3D-Oplecko-Jal%C5%A1ov%C3%ADk-v%C3%BD%C5%A1ivka-na-pleci-za%C4%8D.20.stor_.-vy%C5%A1it%C3%A9-kr%C3%AD%C5%BEikmi-p%C3%B4vodn%C3%BD-vlastn%C3%ADk-nezn%C3%A1my.jpg?resize=150%2C150&amp;ssl=1 150w, https:\/\/i0.wp.com\/www.atelier-reklama.sk\/blog\/wp-content\/uploads\/2023\/03\/3D-Oplecko-Jal%C5%A1ov%C3%ADk-v%C3%BD%C5%A1ivka-na-pleci-za%C4%8D.20.stor_.-vy%C5%A1it%C3%A9-kr%C3%AD%C5%BEikmi-p%C3%B4vodn%C3%BD-vlastn%C3%ADk-nezn%C3%A1my.jpg?resize=768%2C773&amp;ssl=1 768w, https:\/\/i0.wp.com\/www.atelier-reklama.sk\/blog\/wp-content\/uploads\/2023\/03\/3D-Oplecko-Jal%C5%A1ov%C3%ADk-v%C3%BD%C5%A1ivka-na-pleci-za%C4%8D.20.stor_.-vy%C5%A1it%C3%A9-kr%C3%AD%C5%BEikmi-p%C3%B4vodn%C3%BD-vlastn%C3%ADk-nezn%C3%A1my.jpg?resize=1526%2C1536&amp;ssl=1 1526w, https:\/\/i0.wp.com\/www.atelier-reklama.sk\/blog\/wp-content\/uploads\/2023\/03\/3D-Oplecko-Jal%C5%A1ov%C3%ADk-v%C3%BD%C5%A1ivka-na-pleci-za%C4%8D.20.stor_.-vy%C5%A1it%C3%A9-kr%C3%AD%C5%BEikmi-p%C3%B4vodn%C3%BD-vlastn%C3%ADk-nezn%C3%A1my.jpg?resize=2034%2C2048&amp;ssl=1 2034w, https:\/\/i0.wp.com\/www.atelier-reklama.sk\/blog\/wp-content\/uploads\/2023\/03\/3D-Oplecko-Jal%C5%A1ov%C3%ADk-v%C3%BD%C5%A1ivka-na-pleci-za%C4%8D.20.stor_.-vy%C5%A1it%C3%A9-kr%C3%AD%C5%BEikmi-p%C3%B4vodn%C3%BD-vlastn%C3%ADk-nezn%C3%A1my.jpg?w=1600&amp;ssl=1 1600w\" sizes=\"auto, (max-width: 800px) 100vw, 800px\" \/><\/figure>\n\n\n\n<figure class=\"wp-block-image size-large\"><img data-recalc-dims=\"1\" loading=\"lazy\" decoding=\"async\" width=\"800\" height=\"521\" data-attachment-id=\"12800\" data-permalink=\"https:\/\/www.atelier-reklama.sk\/blog\/moj-krekacsky-kroj-a-jeho-prekreslene-vzory-spolu\/3e-oplecko-jalsovik-detail-vysivky-zac-20-stor_-vysite-krizikmi-povodny-vlastnik-neznamy\/\" data-orig-file=\"https:\/\/i0.wp.com\/www.atelier-reklama.sk\/blog\/wp-content\/uploads\/2023\/03\/3E-Oplecko-Jal%C5%A1ov%C3%ADk-detail-v%C3%BD%C5%A1ivky-za%C4%8D.20.stor_.-vy%C5%A1it%C3%A9-kr%C3%AD%C5%BEikmi-p%C3%B4vodn%C3%BD-vlastn%C3%ADk-nezn%C3%A1my-scaled.jpg?fit=2560%2C1668&amp;ssl=1\" data-orig-size=\"2560,1668\" data-comments-opened=\"1\" data-image-meta=\"{&quot;aperture&quot;:&quot;2&quot;,&quot;credit&quot;:&quot;&quot;,&quot;camera&quot;:&quot;SM-A125F&quot;,&quot;caption&quot;:&quot;&quot;,&quot;created_timestamp&quot;:&quot;1677259222&quot;,&quot;copyright&quot;:&quot;&quot;,&quot;focal_length&quot;:&quot;4.6&quot;,&quot;iso&quot;:&quot;200&quot;,&quot;shutter_speed&quot;:&quot;0.04&quot;,&quot;title&quot;:&quot;&quot;,&quot;orientation&quot;:&quot;1&quot;}\" data-image-title=\"3E-Oplecko-Jal\u0161ov\u00edk-detail-v\u00fd\u0161ivky-za\u010d.20.stor_.-vy\u0161it\u00e9-kr\u00ed\u017eikmi-p\u00f4vodn\u00fd-vlastn\u00edk-nezn\u00e1my\" data-image-description=\"\" data-image-caption=\"\" data-medium-file=\"https:\/\/i0.wp.com\/www.atelier-reklama.sk\/blog\/wp-content\/uploads\/2023\/03\/3E-Oplecko-Jal%C5%A1ov%C3%ADk-detail-v%C3%BD%C5%A1ivky-za%C4%8D.20.stor_.-vy%C5%A1it%C3%A9-kr%C3%AD%C5%BEikmi-p%C3%B4vodn%C3%BD-vlastn%C3%ADk-nezn%C3%A1my-scaled.jpg?fit=300%2C196&amp;ssl=1\" data-large-file=\"https:\/\/i0.wp.com\/www.atelier-reklama.sk\/blog\/wp-content\/uploads\/2023\/03\/3E-Oplecko-Jal%C5%A1ov%C3%ADk-detail-v%C3%BD%C5%A1ivky-za%C4%8D.20.stor_.-vy%C5%A1it%C3%A9-kr%C3%AD%C5%BEikmi-p%C3%B4vodn%C3%BD-vlastn%C3%ADk-nezn%C3%A1my-scaled.jpg?fit=800%2C521&amp;ssl=1\" src=\"https:\/\/i0.wp.com\/www.atelier-reklama.sk\/blog\/wp-content\/uploads\/2023\/03\/3E-Oplecko-Jal%C5%A1ov%C3%ADk-detail-v%C3%BD%C5%A1ivky-za%C4%8D.20.stor_.-vy%C5%A1it%C3%A9-kr%C3%AD%C5%BEikmi-p%C3%B4vodn%C3%BD-vlastn%C3%ADk-nezn%C3%A1my.jpg?resize=800%2C521&#038;ssl=1\" alt=\"\" class=\"wp-image-12800\" srcset=\"https:\/\/i0.wp.com\/www.atelier-reklama.sk\/blog\/wp-content\/uploads\/2023\/03\/3E-Oplecko-Jal%C5%A1ov%C3%ADk-detail-v%C3%BD%C5%A1ivky-za%C4%8D.20.stor_.-vy%C5%A1it%C3%A9-kr%C3%AD%C5%BEikmi-p%C3%B4vodn%C3%BD-vlastn%C3%ADk-nezn%C3%A1my-scaled.jpg?resize=1024%2C667&amp;ssl=1 1024w, https:\/\/i0.wp.com\/www.atelier-reklama.sk\/blog\/wp-content\/uploads\/2023\/03\/3E-Oplecko-Jal%C5%A1ov%C3%ADk-detail-v%C3%BD%C5%A1ivky-za%C4%8D.20.stor_.-vy%C5%A1it%C3%A9-kr%C3%AD%C5%BEikmi-p%C3%B4vodn%C3%BD-vlastn%C3%ADk-nezn%C3%A1my-scaled.jpg?resize=300%2C196&amp;ssl=1 300w, https:\/\/i0.wp.com\/www.atelier-reklama.sk\/blog\/wp-content\/uploads\/2023\/03\/3E-Oplecko-Jal%C5%A1ov%C3%ADk-detail-v%C3%BD%C5%A1ivky-za%C4%8D.20.stor_.-vy%C5%A1it%C3%A9-kr%C3%AD%C5%BEikmi-p%C3%B4vodn%C3%BD-vlastn%C3%ADk-nezn%C3%A1my-scaled.jpg?resize=768%2C501&amp;ssl=1 768w, https:\/\/i0.wp.com\/www.atelier-reklama.sk\/blog\/wp-content\/uploads\/2023\/03\/3E-Oplecko-Jal%C5%A1ov%C3%ADk-detail-v%C3%BD%C5%A1ivky-za%C4%8D.20.stor_.-vy%C5%A1it%C3%A9-kr%C3%AD%C5%BEikmi-p%C3%B4vodn%C3%BD-vlastn%C3%ADk-nezn%C3%A1my-scaled.jpg?resize=1536%2C1001&amp;ssl=1 1536w, https:\/\/i0.wp.com\/www.atelier-reklama.sk\/blog\/wp-content\/uploads\/2023\/03\/3E-Oplecko-Jal%C5%A1ov%C3%ADk-detail-v%C3%BD%C5%A1ivky-za%C4%8D.20.stor_.-vy%C5%A1it%C3%A9-kr%C3%AD%C5%BEikmi-p%C3%B4vodn%C3%BD-vlastn%C3%ADk-nezn%C3%A1my-scaled.jpg?resize=2048%2C1335&amp;ssl=1 2048w, https:\/\/i0.wp.com\/www.atelier-reklama.sk\/blog\/wp-content\/uploads\/2023\/03\/3E-Oplecko-Jal%C5%A1ov%C3%ADk-detail-v%C3%BD%C5%A1ivky-za%C4%8D.20.stor_.-vy%C5%A1it%C3%A9-kr%C3%AD%C5%BEikmi-p%C3%B4vodn%C3%BD-vlastn%C3%ADk-nezn%C3%A1my-scaled.jpg?w=1600&amp;ssl=1 1600w, https:\/\/i0.wp.com\/www.atelier-reklama.sk\/blog\/wp-content\/uploads\/2023\/03\/3E-Oplecko-Jal%C5%A1ov%C3%ADk-detail-v%C3%BD%C5%A1ivky-za%C4%8D.20.stor_.-vy%C5%A1it%C3%A9-kr%C3%AD%C5%BEikmi-p%C3%B4vodn%C3%BD-vlastn%C3%ADk-nezn%C3%A1my-scaled.jpg?w=2400&amp;ssl=1 2400w\" sizes=\"auto, (max-width: 800px) 100vw, 800px\" \/><\/figure>\n\n\n\n<figure class=\"wp-block-image size-large\"><img data-recalc-dims=\"1\" loading=\"lazy\" decoding=\"async\" width=\"800\" height=\"414\" data-attachment-id=\"12801\" data-permalink=\"https:\/\/www.atelier-reklama.sk\/blog\/moj-krekacsky-kroj-a-jeho-prekreslene-vzory-spolu\/3f-oplecko-jalsovik-ukoncenie-rukava-zac-20-stor_-vysite-krizikmi-povodny-vlastnik-neznamy\/\" data-orig-file=\"https:\/\/i0.wp.com\/www.atelier-reklama.sk\/blog\/wp-content\/uploads\/2023\/03\/3F-Oplecko-Jal%C5%A1ov%C3%ADk-ukon%C4%8Denie-ruk%C3%A1va-za%C4%8D.20.stor_.-vy%C5%A1it%C3%A9-kr%C3%AD%C5%BEikmi-p%C3%B4vodn%C3%BD-vlastn%C3%ADk-nezn%C3%A1my-rotated.jpg?fit=1657%2C857&amp;ssl=1\" data-orig-size=\"1657,857\" data-comments-opened=\"1\" data-image-meta=\"{&quot;aperture&quot;:&quot;2&quot;,&quot;credit&quot;:&quot;&quot;,&quot;camera&quot;:&quot;SM-A125F&quot;,&quot;caption&quot;:&quot;&quot;,&quot;created_timestamp&quot;:&quot;1677259285&quot;,&quot;copyright&quot;:&quot;&quot;,&quot;focal_length&quot;:&quot;4.6&quot;,&quot;iso&quot;:&quot;160&quot;,&quot;shutter_speed&quot;:&quot;0.03&quot;,&quot;title&quot;:&quot;&quot;,&quot;orientation&quot;:&quot;1&quot;}\" data-image-title=\"3F-Oplecko-Jal\u0161ov\u00edk-ukon\u010denie-ruk\u00e1va-za\u010d.20.stor_.-vy\u0161it\u00e9-kr\u00ed\u017eikmi-p\u00f4vodn\u00fd-vlastn\u00edk-nezn\u00e1my\" data-image-description=\"\" data-image-caption=\"\" data-medium-file=\"https:\/\/i0.wp.com\/www.atelier-reklama.sk\/blog\/wp-content\/uploads\/2023\/03\/3F-Oplecko-Jal%C5%A1ov%C3%ADk-ukon%C4%8Denie-ruk%C3%A1va-za%C4%8D.20.stor_.-vy%C5%A1it%C3%A9-kr%C3%AD%C5%BEikmi-p%C3%B4vodn%C3%BD-vlastn%C3%ADk-nezn%C3%A1my-rotated.jpg?fit=300%2C155&amp;ssl=1\" data-large-file=\"https:\/\/i0.wp.com\/www.atelier-reklama.sk\/blog\/wp-content\/uploads\/2023\/03\/3F-Oplecko-Jal%C5%A1ov%C3%ADk-ukon%C4%8Denie-ruk%C3%A1va-za%C4%8D.20.stor_.-vy%C5%A1it%C3%A9-kr%C3%AD%C5%BEikmi-p%C3%B4vodn%C3%BD-vlastn%C3%ADk-nezn%C3%A1my-rotated.jpg?fit=800%2C414&amp;ssl=1\" src=\"https:\/\/i0.wp.com\/www.atelier-reklama.sk\/blog\/wp-content\/uploads\/2023\/03\/3F-Oplecko-Jal%C5%A1ov%C3%ADk-ukon%C4%8Denie-ruk%C3%A1va-za%C4%8D.20.stor_.-vy%C5%A1it%C3%A9-kr%C3%AD%C5%BEikmi-p%C3%B4vodn%C3%BD-vlastn%C3%ADk-nezn%C3%A1my.jpg?resize=800%2C414&#038;ssl=1\" alt=\"\" class=\"wp-image-12801\" srcset=\"https:\/\/i0.wp.com\/www.atelier-reklama.sk\/blog\/wp-content\/uploads\/2023\/03\/3F-Oplecko-Jal%C5%A1ov%C3%ADk-ukon%C4%8Denie-ruk%C3%A1va-za%C4%8D.20.stor_.-vy%C5%A1it%C3%A9-kr%C3%AD%C5%BEikmi-p%C3%B4vodn%C3%BD-vlastn%C3%ADk-nezn%C3%A1my-rotated.jpg?resize=1024%2C530&amp;ssl=1 1024w, https:\/\/i0.wp.com\/www.atelier-reklama.sk\/blog\/wp-content\/uploads\/2023\/03\/3F-Oplecko-Jal%C5%A1ov%C3%ADk-ukon%C4%8Denie-ruk%C3%A1va-za%C4%8D.20.stor_.-vy%C5%A1it%C3%A9-kr%C3%AD%C5%BEikmi-p%C3%B4vodn%C3%BD-vlastn%C3%ADk-nezn%C3%A1my-rotated.jpg?resize=300%2C155&amp;ssl=1 300w, https:\/\/i0.wp.com\/www.atelier-reklama.sk\/blog\/wp-content\/uploads\/2023\/03\/3F-Oplecko-Jal%C5%A1ov%C3%ADk-ukon%C4%8Denie-ruk%C3%A1va-za%C4%8D.20.stor_.-vy%C5%A1it%C3%A9-kr%C3%AD%C5%BEikmi-p%C3%B4vodn%C3%BD-vlastn%C3%ADk-nezn%C3%A1my-rotated.jpg?resize=768%2C397&amp;ssl=1 768w, https:\/\/i0.wp.com\/www.atelier-reklama.sk\/blog\/wp-content\/uploads\/2023\/03\/3F-Oplecko-Jal%C5%A1ov%C3%ADk-ukon%C4%8Denie-ruk%C3%A1va-za%C4%8D.20.stor_.-vy%C5%A1it%C3%A9-kr%C3%AD%C5%BEikmi-p%C3%B4vodn%C3%BD-vlastn%C3%ADk-nezn%C3%A1my-rotated.jpg?resize=1536%2C794&amp;ssl=1 1536w, https:\/\/i0.wp.com\/www.atelier-reklama.sk\/blog\/wp-content\/uploads\/2023\/03\/3F-Oplecko-Jal%C5%A1ov%C3%ADk-ukon%C4%8Denie-ruk%C3%A1va-za%C4%8D.20.stor_.-vy%C5%A1it%C3%A9-kr%C3%AD%C5%BEikmi-p%C3%B4vodn%C3%BD-vlastn%C3%ADk-nezn%C3%A1my-rotated.jpg?w=1657&amp;ssl=1 1657w, https:\/\/i0.wp.com\/www.atelier-reklama.sk\/blog\/wp-content\/uploads\/2023\/03\/3F-Oplecko-Jal%C5%A1ov%C3%ADk-ukon%C4%8Denie-ruk%C3%A1va-za%C4%8D.20.stor_.-vy%C5%A1it%C3%A9-kr%C3%AD%C5%BEikmi-p%C3%B4vodn%C3%BD-vlastn%C3%ADk-nezn%C3%A1my-rotated.jpg?w=1600&amp;ssl=1 1600w\" sizes=\"auto, (max-width: 800px) 100vw, 800px\" \/><\/figure>\n\n\n\n<figure class=\"wp-block-image size-large\"><img data-recalc-dims=\"1\" loading=\"lazy\" decoding=\"async\" width=\"660\" height=\"1024\" data-attachment-id=\"12802\" data-permalink=\"https:\/\/www.atelier-reklama.sk\/blog\/moj-krekacsky-kroj-a-jeho-prekreslene-vzory-spolu\/3g-oplecko-jalsovik-vystrih-zac-20-stor_-vysite-krizikmi-povodny-vlastnik-neznamy\/\" data-orig-file=\"https:\/\/i0.wp.com\/www.atelier-reklama.sk\/blog\/wp-content\/uploads\/2023\/03\/3G-Oplecko-Jal%C5%A1ov%C3%ADk-v%C3%BDstrih-za%C4%8D.20.stor_.-vy%C5%A1it%C3%A9-kr%C3%AD%C5%BEikmi-p%C3%B4vodn%C3%BD-vlastn%C3%ADk-nezn%C3%A1my.jpg?fit=1240%2C1923&amp;ssl=1\" data-orig-size=\"1240,1923\" data-comments-opened=\"1\" data-image-meta=\"{&quot;aperture&quot;:&quot;2&quot;,&quot;credit&quot;:&quot;&quot;,&quot;camera&quot;:&quot;SM-A125F&quot;,&quot;caption&quot;:&quot;&quot;,&quot;created_timestamp&quot;:&quot;1677259263&quot;,&quot;copyright&quot;:&quot;&quot;,&quot;focal_length&quot;:&quot;4.6&quot;,&quot;iso&quot;:&quot;160&quot;,&quot;shutter_speed&quot;:&quot;0.03&quot;,&quot;title&quot;:&quot;&quot;,&quot;orientation&quot;:&quot;1&quot;}\" data-image-title=\"3G-Oplecko-Jal\u0161ov\u00edk-v\u00fdstrih-za\u010d.20.stor_.-vy\u0161it\u00e9-kr\u00ed\u017eikmi-p\u00f4vodn\u00fd-vlastn\u00edk-nezn\u00e1my\" data-image-description=\"\" data-image-caption=\"\" data-medium-file=\"https:\/\/i0.wp.com\/www.atelier-reklama.sk\/blog\/wp-content\/uploads\/2023\/03\/3G-Oplecko-Jal%C5%A1ov%C3%ADk-v%C3%BDstrih-za%C4%8D.20.stor_.-vy%C5%A1it%C3%A9-kr%C3%AD%C5%BEikmi-p%C3%B4vodn%C3%BD-vlastn%C3%ADk-nezn%C3%A1my.jpg?fit=193%2C300&amp;ssl=1\" data-large-file=\"https:\/\/i0.wp.com\/www.atelier-reklama.sk\/blog\/wp-content\/uploads\/2023\/03\/3G-Oplecko-Jal%C5%A1ov%C3%ADk-v%C3%BDstrih-za%C4%8D.20.stor_.-vy%C5%A1it%C3%A9-kr%C3%AD%C5%BEikmi-p%C3%B4vodn%C3%BD-vlastn%C3%ADk-nezn%C3%A1my.jpg?fit=660%2C1024&amp;ssl=1\" src=\"https:\/\/i0.wp.com\/www.atelier-reklama.sk\/blog\/wp-content\/uploads\/2023\/03\/3G-Oplecko-Jal%C5%A1ov%C3%ADk-v%C3%BDstrih-za%C4%8D.20.stor_.-vy%C5%A1it%C3%A9-kr%C3%AD%C5%BEikmi-p%C3%B4vodn%C3%BD-vlastn%C3%ADk-nezn%C3%A1my.jpg?resize=660%2C1024&#038;ssl=1\" alt=\"\" class=\"wp-image-12802\" srcset=\"https:\/\/i0.wp.com\/www.atelier-reklama.sk\/blog\/wp-content\/uploads\/2023\/03\/3G-Oplecko-Jal%C5%A1ov%C3%ADk-v%C3%BDstrih-za%C4%8D.20.stor_.-vy%C5%A1it%C3%A9-kr%C3%AD%C5%BEikmi-p%C3%B4vodn%C3%BD-vlastn%C3%ADk-nezn%C3%A1my.jpg?resize=660%2C1024&amp;ssl=1 660w, https:\/\/i0.wp.com\/www.atelier-reklama.sk\/blog\/wp-content\/uploads\/2023\/03\/3G-Oplecko-Jal%C5%A1ov%C3%ADk-v%C3%BDstrih-za%C4%8D.20.stor_.-vy%C5%A1it%C3%A9-kr%C3%AD%C5%BEikmi-p%C3%B4vodn%C3%BD-vlastn%C3%ADk-nezn%C3%A1my.jpg?resize=193%2C300&amp;ssl=1 193w, https:\/\/i0.wp.com\/www.atelier-reklama.sk\/blog\/wp-content\/uploads\/2023\/03\/3G-Oplecko-Jal%C5%A1ov%C3%ADk-v%C3%BDstrih-za%C4%8D.20.stor_.-vy%C5%A1it%C3%A9-kr%C3%AD%C5%BEikmi-p%C3%B4vodn%C3%BD-vlastn%C3%ADk-nezn%C3%A1my.jpg?resize=768%2C1191&amp;ssl=1 768w, https:\/\/i0.wp.com\/www.atelier-reklama.sk\/blog\/wp-content\/uploads\/2023\/03\/3G-Oplecko-Jal%C5%A1ov%C3%ADk-v%C3%BDstrih-za%C4%8D.20.stor_.-vy%C5%A1it%C3%A9-kr%C3%AD%C5%BEikmi-p%C3%B4vodn%C3%BD-vlastn%C3%ADk-nezn%C3%A1my.jpg?resize=990%2C1536&amp;ssl=1 990w, https:\/\/i0.wp.com\/www.atelier-reklama.sk\/blog\/wp-content\/uploads\/2023\/03\/3G-Oplecko-Jal%C5%A1ov%C3%ADk-v%C3%BDstrih-za%C4%8D.20.stor_.-vy%C5%A1it%C3%A9-kr%C3%AD%C5%BEikmi-p%C3%B4vodn%C3%BD-vlastn%C3%ADk-nezn%C3%A1my.jpg?w=1240&amp;ssl=1 1240w\" sizes=\"auto, (max-width: 660px) 100vw, 660px\" \/><\/figure>\n\n\n\n<figure class=\"wp-block-image size-large\"><img data-recalc-dims=\"1\" loading=\"lazy\" decoding=\"async\" width=\"800\" height=\"450\" data-attachment-id=\"12803\" data-permalink=\"https:\/\/www.atelier-reklama.sk\/blog\/moj-krekacsky-kroj-a-jeho-prekreslene-vzory-spolu\/3h-oplecko-jalsovikgolierik-a-zapinanie-spredu-zac-20-stor_-vysite-krizikmi-povodny-vlastnik-neznamy\/\" data-orig-file=\"https:\/\/i0.wp.com\/www.atelier-reklama.sk\/blog\/wp-content\/uploads\/2023\/03\/3H-Oplecko-Jal%C5%A1ov%C3%ADkgolierik-a-zap%C3%ADnanie-spredu-za%C4%8D.20.stor_.-vy%C5%A1it%C3%A9-kr%C3%AD%C5%BEikmi-p%C3%B4vodn%C3%BD-vlastn%C3%ADk-nezn%C3%A1my-scaled.jpg?fit=2560%2C1440&amp;ssl=1\" data-orig-size=\"2560,1440\" data-comments-opened=\"1\" data-image-meta=\"{&quot;aperture&quot;:&quot;2&quot;,&quot;credit&quot;:&quot;&quot;,&quot;camera&quot;:&quot;SM-A125F&quot;,&quot;caption&quot;:&quot;&quot;,&quot;created_timestamp&quot;:&quot;1677259348&quot;,&quot;copyright&quot;:&quot;&quot;,&quot;focal_length&quot;:&quot;4.6&quot;,&quot;iso&quot;:&quot;160&quot;,&quot;shutter_speed&quot;:&quot;0.03&quot;,&quot;title&quot;:&quot;&quot;,&quot;orientation&quot;:&quot;1&quot;}\" data-image-title=\"3H-Oplecko-Jal\u0161ov\u00edkgolierik-a-zap\u00ednanie-spredu-za\u010d.20.stor_.-vy\u0161it\u00e9-kr\u00ed\u017eikmi-p\u00f4vodn\u00fd-vlastn\u00edk-nezn\u00e1my\" data-image-description=\"\" data-image-caption=\"\" data-medium-file=\"https:\/\/i0.wp.com\/www.atelier-reklama.sk\/blog\/wp-content\/uploads\/2023\/03\/3H-Oplecko-Jal%C5%A1ov%C3%ADkgolierik-a-zap%C3%ADnanie-spredu-za%C4%8D.20.stor_.-vy%C5%A1it%C3%A9-kr%C3%AD%C5%BEikmi-p%C3%B4vodn%C3%BD-vlastn%C3%ADk-nezn%C3%A1my-scaled.jpg?fit=300%2C169&amp;ssl=1\" data-large-file=\"https:\/\/i0.wp.com\/www.atelier-reklama.sk\/blog\/wp-content\/uploads\/2023\/03\/3H-Oplecko-Jal%C5%A1ov%C3%ADkgolierik-a-zap%C3%ADnanie-spredu-za%C4%8D.20.stor_.-vy%C5%A1it%C3%A9-kr%C3%AD%C5%BEikmi-p%C3%B4vodn%C3%BD-vlastn%C3%ADk-nezn%C3%A1my-scaled.jpg?fit=800%2C450&amp;ssl=1\" src=\"https:\/\/i0.wp.com\/www.atelier-reklama.sk\/blog\/wp-content\/uploads\/2023\/03\/3H-Oplecko-Jal%C5%A1ov%C3%ADkgolierik-a-zap%C3%ADnanie-spredu-za%C4%8D.20.stor_.-vy%C5%A1it%C3%A9-kr%C3%AD%C5%BEikmi-p%C3%B4vodn%C3%BD-vlastn%C3%ADk-nezn%C3%A1my.jpg?resize=800%2C450&#038;ssl=1\" alt=\"\" class=\"wp-image-12803\" srcset=\"https:\/\/i0.wp.com\/www.atelier-reklama.sk\/blog\/wp-content\/uploads\/2023\/03\/3H-Oplecko-Jal%C5%A1ov%C3%ADkgolierik-a-zap%C3%ADnanie-spredu-za%C4%8D.20.stor_.-vy%C5%A1it%C3%A9-kr%C3%AD%C5%BEikmi-p%C3%B4vodn%C3%BD-vlastn%C3%ADk-nezn%C3%A1my-scaled.jpg?resize=1024%2C576&amp;ssl=1 1024w, https:\/\/i0.wp.com\/www.atelier-reklama.sk\/blog\/wp-content\/uploads\/2023\/03\/3H-Oplecko-Jal%C5%A1ov%C3%ADkgolierik-a-zap%C3%ADnanie-spredu-za%C4%8D.20.stor_.-vy%C5%A1it%C3%A9-kr%C3%AD%C5%BEikmi-p%C3%B4vodn%C3%BD-vlastn%C3%ADk-nezn%C3%A1my-scaled.jpg?resize=300%2C169&amp;ssl=1 300w, https:\/\/i0.wp.com\/www.atelier-reklama.sk\/blog\/wp-content\/uploads\/2023\/03\/3H-Oplecko-Jal%C5%A1ov%C3%ADkgolierik-a-zap%C3%ADnanie-spredu-za%C4%8D.20.stor_.-vy%C5%A1it%C3%A9-kr%C3%AD%C5%BEikmi-p%C3%B4vodn%C3%BD-vlastn%C3%ADk-nezn%C3%A1my-scaled.jpg?resize=768%2C432&amp;ssl=1 768w, https:\/\/i0.wp.com\/www.atelier-reklama.sk\/blog\/wp-content\/uploads\/2023\/03\/3H-Oplecko-Jal%C5%A1ov%C3%ADkgolierik-a-zap%C3%ADnanie-spredu-za%C4%8D.20.stor_.-vy%C5%A1it%C3%A9-kr%C3%AD%C5%BEikmi-p%C3%B4vodn%C3%BD-vlastn%C3%ADk-nezn%C3%A1my-scaled.jpg?resize=1536%2C864&amp;ssl=1 1536w, https:\/\/i0.wp.com\/www.atelier-reklama.sk\/blog\/wp-content\/uploads\/2023\/03\/3H-Oplecko-Jal%C5%A1ov%C3%ADkgolierik-a-zap%C3%ADnanie-spredu-za%C4%8D.20.stor_.-vy%C5%A1it%C3%A9-kr%C3%AD%C5%BEikmi-p%C3%B4vodn%C3%BD-vlastn%C3%ADk-nezn%C3%A1my-scaled.jpg?resize=2048%2C1152&amp;ssl=1 2048w, https:\/\/i0.wp.com\/www.atelier-reklama.sk\/blog\/wp-content\/uploads\/2023\/03\/3H-Oplecko-Jal%C5%A1ov%C3%ADkgolierik-a-zap%C3%ADnanie-spredu-za%C4%8D.20.stor_.-vy%C5%A1it%C3%A9-kr%C3%AD%C5%BEikmi-p%C3%B4vodn%C3%BD-vlastn%C3%ADk-nezn%C3%A1my-scaled.jpg?w=1600&amp;ssl=1 1600w, https:\/\/i0.wp.com\/www.atelier-reklama.sk\/blog\/wp-content\/uploads\/2023\/03\/3H-Oplecko-Jal%C5%A1ov%C3%ADkgolierik-a-zap%C3%ADnanie-spredu-za%C4%8D.20.stor_.-vy%C5%A1it%C3%A9-kr%C3%AD%C5%BEikmi-p%C3%B4vodn%C3%BD-vlastn%C3%ADk-nezn%C3%A1my-scaled.jpg?w=2400&amp;ssl=1 2400w\" sizes=\"auto, (max-width: 800px) 100vw, 800px\" \/><\/figure>\n\n\n\n<figure class=\"wp-block-image size-large\"><img data-recalc-dims=\"1\" loading=\"lazy\" decoding=\"async\" width=\"800\" height=\"289\" data-attachment-id=\"12804\" data-permalink=\"https:\/\/www.atelier-reklama.sk\/blog\/moj-krekacsky-kroj-a-jeho-prekreslene-vzory-spolu\/3ch-oplecko-jalsovik-golierik-zozadu-zac-20-stor_-vysite-krizikmi-povodny-vlastnik-neznamy\/\" data-orig-file=\"https:\/\/i0.wp.com\/www.atelier-reklama.sk\/blog\/wp-content\/uploads\/2023\/03\/3CH-Oplecko-Jal%C5%A1ov%C3%ADk-golierik-zozadu-za%C4%8D.20.stor_.-vy%C5%A1it%C3%A9-kr%C3%AD%C5%BEikmi-p%C3%B4vodn%C3%BD-vlastn%C3%ADk-nezn%C3%A1my-scaled.jpg?fit=2560%2C925&amp;ssl=1\" data-orig-size=\"2560,925\" data-comments-opened=\"1\" data-image-meta=\"{&quot;aperture&quot;:&quot;2&quot;,&quot;credit&quot;:&quot;&quot;,&quot;camera&quot;:&quot;SM-A125F&quot;,&quot;caption&quot;:&quot;&quot;,&quot;created_timestamp&quot;:&quot;1677259310&quot;,&quot;copyright&quot;:&quot;&quot;,&quot;focal_length&quot;:&quot;4.6&quot;,&quot;iso&quot;:&quot;160&quot;,&quot;shutter_speed&quot;:&quot;0.03&quot;,&quot;title&quot;:&quot;&quot;,&quot;orientation&quot;:&quot;1&quot;}\" data-image-title=\"3CH-Oplecko-Jal\u0161ov\u00edk-golierik-zozadu-za\u010d.20.stor_.-vy\u0161it\u00e9-kr\u00ed\u017eikmi-p\u00f4vodn\u00fd-vlastn\u00edk-nezn\u00e1my\" data-image-description=\"\" data-image-caption=\"\" data-medium-file=\"https:\/\/i0.wp.com\/www.atelier-reklama.sk\/blog\/wp-content\/uploads\/2023\/03\/3CH-Oplecko-Jal%C5%A1ov%C3%ADk-golierik-zozadu-za%C4%8D.20.stor_.-vy%C5%A1it%C3%A9-kr%C3%AD%C5%BEikmi-p%C3%B4vodn%C3%BD-vlastn%C3%ADk-nezn%C3%A1my-scaled.jpg?fit=300%2C108&amp;ssl=1\" data-large-file=\"https:\/\/i0.wp.com\/www.atelier-reklama.sk\/blog\/wp-content\/uploads\/2023\/03\/3CH-Oplecko-Jal%C5%A1ov%C3%ADk-golierik-zozadu-za%C4%8D.20.stor_.-vy%C5%A1it%C3%A9-kr%C3%AD%C5%BEikmi-p%C3%B4vodn%C3%BD-vlastn%C3%ADk-nezn%C3%A1my-scaled.jpg?fit=800%2C289&amp;ssl=1\" src=\"https:\/\/i0.wp.com\/www.atelier-reklama.sk\/blog\/wp-content\/uploads\/2023\/03\/3CH-Oplecko-Jal%C5%A1ov%C3%ADk-golierik-zozadu-za%C4%8D.20.stor_.-vy%C5%A1it%C3%A9-kr%C3%AD%C5%BEikmi-p%C3%B4vodn%C3%BD-vlastn%C3%ADk-nezn%C3%A1my.jpg?resize=800%2C289&#038;ssl=1\" alt=\"\" class=\"wp-image-12804\" srcset=\"https:\/\/i0.wp.com\/www.atelier-reklama.sk\/blog\/wp-content\/uploads\/2023\/03\/3CH-Oplecko-Jal%C5%A1ov%C3%ADk-golierik-zozadu-za%C4%8D.20.stor_.-vy%C5%A1it%C3%A9-kr%C3%AD%C5%BEikmi-p%C3%B4vodn%C3%BD-vlastn%C3%ADk-nezn%C3%A1my-scaled.jpg?resize=1024%2C370&amp;ssl=1 1024w, https:\/\/i0.wp.com\/www.atelier-reklama.sk\/blog\/wp-content\/uploads\/2023\/03\/3CH-Oplecko-Jal%C5%A1ov%C3%ADk-golierik-zozadu-za%C4%8D.20.stor_.-vy%C5%A1it%C3%A9-kr%C3%AD%C5%BEikmi-p%C3%B4vodn%C3%BD-vlastn%C3%ADk-nezn%C3%A1my-scaled.jpg?resize=300%2C108&amp;ssl=1 300w, https:\/\/i0.wp.com\/www.atelier-reklama.sk\/blog\/wp-content\/uploads\/2023\/03\/3CH-Oplecko-Jal%C5%A1ov%C3%ADk-golierik-zozadu-za%C4%8D.20.stor_.-vy%C5%A1it%C3%A9-kr%C3%AD%C5%BEikmi-p%C3%B4vodn%C3%BD-vlastn%C3%ADk-nezn%C3%A1my-scaled.jpg?resize=768%2C278&amp;ssl=1 768w, https:\/\/i0.wp.com\/www.atelier-reklama.sk\/blog\/wp-content\/uploads\/2023\/03\/3CH-Oplecko-Jal%C5%A1ov%C3%ADk-golierik-zozadu-za%C4%8D.20.stor_.-vy%C5%A1it%C3%A9-kr%C3%AD%C5%BEikmi-p%C3%B4vodn%C3%BD-vlastn%C3%ADk-nezn%C3%A1my-scaled.jpg?resize=1536%2C555&amp;ssl=1 1536w, https:\/\/i0.wp.com\/www.atelier-reklama.sk\/blog\/wp-content\/uploads\/2023\/03\/3CH-Oplecko-Jal%C5%A1ov%C3%ADk-golierik-zozadu-za%C4%8D.20.stor_.-vy%C5%A1it%C3%A9-kr%C3%AD%C5%BEikmi-p%C3%B4vodn%C3%BD-vlastn%C3%ADk-nezn%C3%A1my-scaled.jpg?resize=2048%2C740&amp;ssl=1 2048w, https:\/\/i0.wp.com\/www.atelier-reklama.sk\/blog\/wp-content\/uploads\/2023\/03\/3CH-Oplecko-Jal%C5%A1ov%C3%ADk-golierik-zozadu-za%C4%8D.20.stor_.-vy%C5%A1it%C3%A9-kr%C3%AD%C5%BEikmi-p%C3%B4vodn%C3%BD-vlastn%C3%ADk-nezn%C3%A1my-scaled.jpg?w=1600&amp;ssl=1 1600w, https:\/\/i0.wp.com\/www.atelier-reklama.sk\/blog\/wp-content\/uploads\/2023\/03\/3CH-Oplecko-Jal%C5%A1ov%C3%ADk-golierik-zozadu-za%C4%8D.20.stor_.-vy%C5%A1it%C3%A9-kr%C3%AD%C5%BEikmi-p%C3%B4vodn%C3%BD-vlastn%C3%ADk-nezn%C3%A1my-scaled.jpg?w=2400&amp;ssl=1 2400w\" sizes=\"auto, (max-width: 800px) 100vw, 800px\" \/><\/figure>\n\n\n\n<p>4. Oplecko, Litava, pol. 20.stor. vy\u0161it\u00e9 kr\u00ed\u017eikmi, p\u00f4vodn\u00fd vlastn\u00edk nezn\u00e1my<\/p>\n\n\n\n<figure class=\"wp-block-image size-large\"><img data-recalc-dims=\"1\" loading=\"lazy\" decoding=\"async\" width=\"800\" height=\"372\" data-attachment-id=\"12805\" data-permalink=\"https:\/\/www.atelier-reklama.sk\/blog\/moj-krekacsky-kroj-a-jeho-prekreslene-vzory-spolu\/4-a-oplecko-litava-zozadu-pol-20-stor_-vysite-krizikmi-povodny-vlastnik-neznamy\/\" data-orig-file=\"https:\/\/i0.wp.com\/www.atelier-reklama.sk\/blog\/wp-content\/uploads\/2023\/03\/4-A-Oplecko-Litava-zozadu-pol.-20.stor_.-vy%C5%A1it%C3%A9-kr%C3%AD%C5%BEikmi-p%C3%B4vodn%C3%BD-vlastn%C3%ADk-nezn%C3%A1my.jpg?fit=2000%2C930&amp;ssl=1\" data-orig-size=\"2000,930\" data-comments-opened=\"1\" data-image-meta=\"{&quot;aperture&quot;:&quot;0&quot;,&quot;credit&quot;:&quot;&quot;,&quot;camera&quot;:&quot;&quot;,&quot;caption&quot;:&quot;&quot;,&quot;created_timestamp&quot;:&quot;0&quot;,&quot;copyright&quot;:&quot;&quot;,&quot;focal_length&quot;:&quot;0&quot;,&quot;iso&quot;:&quot;0&quot;,&quot;shutter_speed&quot;:&quot;0&quot;,&quot;title&quot;:&quot;&quot;,&quot;orientation&quot;:&quot;0&quot;}\" data-image-title=\"4-A-Oplecko-Litava-zozadu-pol.-20.stor_.-vy\u0161it\u00e9-kr\u00ed\u017eikmi-p\u00f4vodn\u00fd-vlastn\u00edk-nezn\u00e1my\" data-image-description=\"\" data-image-caption=\"\" data-medium-file=\"https:\/\/i0.wp.com\/www.atelier-reklama.sk\/blog\/wp-content\/uploads\/2023\/03\/4-A-Oplecko-Litava-zozadu-pol.-20.stor_.-vy%C5%A1it%C3%A9-kr%C3%AD%C5%BEikmi-p%C3%B4vodn%C3%BD-vlastn%C3%ADk-nezn%C3%A1my.jpg?fit=300%2C140&amp;ssl=1\" data-large-file=\"https:\/\/i0.wp.com\/www.atelier-reklama.sk\/blog\/wp-content\/uploads\/2023\/03\/4-A-Oplecko-Litava-zozadu-pol.-20.stor_.-vy%C5%A1it%C3%A9-kr%C3%AD%C5%BEikmi-p%C3%B4vodn%C3%BD-vlastn%C3%ADk-nezn%C3%A1my.jpg?fit=800%2C372&amp;ssl=1\" src=\"https:\/\/i0.wp.com\/www.atelier-reklama.sk\/blog\/wp-content\/uploads\/2023\/03\/4-A-Oplecko-Litava-zozadu-pol.-20.stor_.-vy%C5%A1it%C3%A9-kr%C3%AD%C5%BEikmi-p%C3%B4vodn%C3%BD-vlastn%C3%ADk-nezn%C3%A1my.jpg?resize=800%2C372&#038;ssl=1\" alt=\"\" class=\"wp-image-12805\" srcset=\"https:\/\/i0.wp.com\/www.atelier-reklama.sk\/blog\/wp-content\/uploads\/2023\/03\/4-A-Oplecko-Litava-zozadu-pol.-20.stor_.-vy%C5%A1it%C3%A9-kr%C3%AD%C5%BEikmi-p%C3%B4vodn%C3%BD-vlastn%C3%ADk-nezn%C3%A1my.jpg?resize=1024%2C476&amp;ssl=1 1024w, https:\/\/i0.wp.com\/www.atelier-reklama.sk\/blog\/wp-content\/uploads\/2023\/03\/4-A-Oplecko-Litava-zozadu-pol.-20.stor_.-vy%C5%A1it%C3%A9-kr%C3%AD%C5%BEikmi-p%C3%B4vodn%C3%BD-vlastn%C3%ADk-nezn%C3%A1my.jpg?resize=300%2C140&amp;ssl=1 300w, https:\/\/i0.wp.com\/www.atelier-reklama.sk\/blog\/wp-content\/uploads\/2023\/03\/4-A-Oplecko-Litava-zozadu-pol.-20.stor_.-vy%C5%A1it%C3%A9-kr%C3%AD%C5%BEikmi-p%C3%B4vodn%C3%BD-vlastn%C3%ADk-nezn%C3%A1my.jpg?resize=768%2C357&amp;ssl=1 768w, https:\/\/i0.wp.com\/www.atelier-reklama.sk\/blog\/wp-content\/uploads\/2023\/03\/4-A-Oplecko-Litava-zozadu-pol.-20.stor_.-vy%C5%A1it%C3%A9-kr%C3%AD%C5%BEikmi-p%C3%B4vodn%C3%BD-vlastn%C3%ADk-nezn%C3%A1my.jpg?resize=1536%2C714&amp;ssl=1 1536w, https:\/\/i0.wp.com\/www.atelier-reklama.sk\/blog\/wp-content\/uploads\/2023\/03\/4-A-Oplecko-Litava-zozadu-pol.-20.stor_.-vy%C5%A1it%C3%A9-kr%C3%AD%C5%BEikmi-p%C3%B4vodn%C3%BD-vlastn%C3%ADk-nezn%C3%A1my.jpg?w=2000&amp;ssl=1 2000w, https:\/\/i0.wp.com\/www.atelier-reklama.sk\/blog\/wp-content\/uploads\/2023\/03\/4-A-Oplecko-Litava-zozadu-pol.-20.stor_.-vy%C5%A1it%C3%A9-kr%C3%AD%C5%BEikmi-p%C3%B4vodn%C3%BD-vlastn%C3%ADk-nezn%C3%A1my.jpg?w=1600&amp;ssl=1 1600w\" sizes=\"auto, (max-width: 800px) 100vw, 800px\" \/><\/figure>\n\n\n\n<figure class=\"wp-block-image size-large\"><img data-recalc-dims=\"1\" loading=\"lazy\" decoding=\"async\" width=\"800\" height=\"374\" data-attachment-id=\"12806\" data-permalink=\"https:\/\/www.atelier-reklama.sk\/blog\/moj-krekacsky-kroj-a-jeho-prekreslene-vzory-spolu\/4-b-oplecko-litava-spredu-pol-20-stor_-vysite-krizikmi-povodny-vlastnik-neznamy\/\" data-orig-file=\"https:\/\/i0.wp.com\/www.atelier-reklama.sk\/blog\/wp-content\/uploads\/2023\/03\/4-B-Oplecko-Litava-spredu-pol.-20.stor_.-vy%C5%A1it%C3%A9-kr%C3%AD%C5%BEikmi-p%C3%B4vodn%C3%BD-vlastn%C3%ADk-nezn%C3%A1my.jpg?fit=2000%2C936&amp;ssl=1\" data-orig-size=\"2000,936\" data-comments-opened=\"1\" data-image-meta=\"{&quot;aperture&quot;:&quot;0&quot;,&quot;credit&quot;:&quot;&quot;,&quot;camera&quot;:&quot;&quot;,&quot;caption&quot;:&quot;&quot;,&quot;created_timestamp&quot;:&quot;0&quot;,&quot;copyright&quot;:&quot;&quot;,&quot;focal_length&quot;:&quot;0&quot;,&quot;iso&quot;:&quot;0&quot;,&quot;shutter_speed&quot;:&quot;0&quot;,&quot;title&quot;:&quot;&quot;,&quot;orientation&quot;:&quot;0&quot;}\" data-image-title=\"4-B-Oplecko-Litava-spredu-pol.-20.stor_.-vy\u0161it\u00e9-kr\u00ed\u017eikmi-p\u00f4vodn\u00fd-vlastn\u00edk-nezn\u00e1my\" data-image-description=\"\" data-image-caption=\"\" data-medium-file=\"https:\/\/i0.wp.com\/www.atelier-reklama.sk\/blog\/wp-content\/uploads\/2023\/03\/4-B-Oplecko-Litava-spredu-pol.-20.stor_.-vy%C5%A1it%C3%A9-kr%C3%AD%C5%BEikmi-p%C3%B4vodn%C3%BD-vlastn%C3%ADk-nezn%C3%A1my.jpg?fit=300%2C140&amp;ssl=1\" data-large-file=\"https:\/\/i0.wp.com\/www.atelier-reklama.sk\/blog\/wp-content\/uploads\/2023\/03\/4-B-Oplecko-Litava-spredu-pol.-20.stor_.-vy%C5%A1it%C3%A9-kr%C3%AD%C5%BEikmi-p%C3%B4vodn%C3%BD-vlastn%C3%ADk-nezn%C3%A1my.jpg?fit=800%2C374&amp;ssl=1\" src=\"https:\/\/i0.wp.com\/www.atelier-reklama.sk\/blog\/wp-content\/uploads\/2023\/03\/4-B-Oplecko-Litava-spredu-pol.-20.stor_.-vy%C5%A1it%C3%A9-kr%C3%AD%C5%BEikmi-p%C3%B4vodn%C3%BD-vlastn%C3%ADk-nezn%C3%A1my.jpg?resize=800%2C374&#038;ssl=1\" alt=\"\" class=\"wp-image-12806\" srcset=\"https:\/\/i0.wp.com\/www.atelier-reklama.sk\/blog\/wp-content\/uploads\/2023\/03\/4-B-Oplecko-Litava-spredu-pol.-20.stor_.-vy%C5%A1it%C3%A9-kr%C3%AD%C5%BEikmi-p%C3%B4vodn%C3%BD-vlastn%C3%ADk-nezn%C3%A1my.jpg?resize=1024%2C479&amp;ssl=1 1024w, https:\/\/i0.wp.com\/www.atelier-reklama.sk\/blog\/wp-content\/uploads\/2023\/03\/4-B-Oplecko-Litava-spredu-pol.-20.stor_.-vy%C5%A1it%C3%A9-kr%C3%AD%C5%BEikmi-p%C3%B4vodn%C3%BD-vlastn%C3%ADk-nezn%C3%A1my.jpg?resize=300%2C140&amp;ssl=1 300w, https:\/\/i0.wp.com\/www.atelier-reklama.sk\/blog\/wp-content\/uploads\/2023\/03\/4-B-Oplecko-Litava-spredu-pol.-20.stor_.-vy%C5%A1it%C3%A9-kr%C3%AD%C5%BEikmi-p%C3%B4vodn%C3%BD-vlastn%C3%ADk-nezn%C3%A1my.jpg?resize=768%2C359&amp;ssl=1 768w, https:\/\/i0.wp.com\/www.atelier-reklama.sk\/blog\/wp-content\/uploads\/2023\/03\/4-B-Oplecko-Litava-spredu-pol.-20.stor_.-vy%C5%A1it%C3%A9-kr%C3%AD%C5%BEikmi-p%C3%B4vodn%C3%BD-vlastn%C3%ADk-nezn%C3%A1my.jpg?resize=1536%2C719&amp;ssl=1 1536w, https:\/\/i0.wp.com\/www.atelier-reklama.sk\/blog\/wp-content\/uploads\/2023\/03\/4-B-Oplecko-Litava-spredu-pol.-20.stor_.-vy%C5%A1it%C3%A9-kr%C3%AD%C5%BEikmi-p%C3%B4vodn%C3%BD-vlastn%C3%ADk-nezn%C3%A1my.jpg?w=2000&amp;ssl=1 2000w, https:\/\/i0.wp.com\/www.atelier-reklama.sk\/blog\/wp-content\/uploads\/2023\/03\/4-B-Oplecko-Litava-spredu-pol.-20.stor_.-vy%C5%A1it%C3%A9-kr%C3%AD%C5%BEikmi-p%C3%B4vodn%C3%BD-vlastn%C3%ADk-nezn%C3%A1my.jpg?w=1600&amp;ssl=1 1600w\" sizes=\"auto, (max-width: 800px) 100vw, 800px\" \/><\/figure>\n\n\n\n<figure class=\"wp-block-image size-large\"><img data-recalc-dims=\"1\" loading=\"lazy\" decoding=\"async\" width=\"800\" height=\"566\" data-attachment-id=\"12808\" data-permalink=\"https:\/\/www.atelier-reklama.sk\/blog\/moj-krekacsky-kroj-a-jeho-prekreslene-vzory-spolu\/4c-oplecko-litava-vzor-pol-20-stor_-vysite-krizikmi-povodny-vlastnik-neznamy-1\/\" data-orig-file=\"https:\/\/i0.wp.com\/www.atelier-reklama.sk\/blog\/wp-content\/uploads\/2023\/03\/4C-Oplecko-Litava-vzor-pol.-20.stor_.-vy%C5%A1it%C3%A9-kr%C3%AD%C5%BEikmi-p%C3%B4vodn%C3%BD-vlastn%C3%ADk-nezn%C3%A1my-1-scaled.jpg?fit=2560%2C1810&amp;ssl=1\" data-orig-size=\"2560,1810\" data-comments-opened=\"1\" data-image-meta=\"{&quot;aperture&quot;:&quot;0&quot;,&quot;credit&quot;:&quot;&quot;,&quot;camera&quot;:&quot;&quot;,&quot;caption&quot;:&quot;&quot;,&quot;created_timestamp&quot;:&quot;0&quot;,&quot;copyright&quot;:&quot;&quot;,&quot;focal_length&quot;:&quot;0&quot;,&quot;iso&quot;:&quot;0&quot;,&quot;shutter_speed&quot;:&quot;0&quot;,&quot;title&quot;:&quot;&quot;,&quot;orientation&quot;:&quot;1&quot;}\" data-image-title=\"4C-Oplecko-Litava-vzor-pol.-20.stor_.-vy\u0161it\u00e9-kr\u00ed\u017eikmi-p\u00f4vodn\u00fd-vlastn\u00edk-nezn\u00e1my-1\" data-image-description=\"\" data-image-caption=\"\" data-medium-file=\"https:\/\/i0.wp.com\/www.atelier-reklama.sk\/blog\/wp-content\/uploads\/2023\/03\/4C-Oplecko-Litava-vzor-pol.-20.stor_.-vy%C5%A1it%C3%A9-kr%C3%AD%C5%BEikmi-p%C3%B4vodn%C3%BD-vlastn%C3%ADk-nezn%C3%A1my-1-scaled.jpg?fit=300%2C212&amp;ssl=1\" data-large-file=\"https:\/\/i0.wp.com\/www.atelier-reklama.sk\/blog\/wp-content\/uploads\/2023\/03\/4C-Oplecko-Litava-vzor-pol.-20.stor_.-vy%C5%A1it%C3%A9-kr%C3%AD%C5%BEikmi-p%C3%B4vodn%C3%BD-vlastn%C3%ADk-nezn%C3%A1my-1-scaled.jpg?fit=800%2C566&amp;ssl=1\" src=\"https:\/\/i0.wp.com\/www.atelier-reklama.sk\/blog\/wp-content\/uploads\/2023\/03\/4C-Oplecko-Litava-vzor-pol.-20.stor_.-vy%C5%A1it%C3%A9-kr%C3%AD%C5%BEikmi-p%C3%B4vodn%C3%BD-vlastn%C3%ADk-nezn%C3%A1my-1.jpg?resize=800%2C566&#038;ssl=1\" alt=\"\" class=\"wp-image-12808\" srcset=\"https:\/\/i0.wp.com\/www.atelier-reklama.sk\/blog\/wp-content\/uploads\/2023\/03\/4C-Oplecko-Litava-vzor-pol.-20.stor_.-vy%C5%A1it%C3%A9-kr%C3%AD%C5%BEikmi-p%C3%B4vodn%C3%BD-vlastn%C3%ADk-nezn%C3%A1my-1-scaled.jpg?resize=1024%2C724&amp;ssl=1 1024w, https:\/\/i0.wp.com\/www.atelier-reklama.sk\/blog\/wp-content\/uploads\/2023\/03\/4C-Oplecko-Litava-vzor-pol.-20.stor_.-vy%C5%A1it%C3%A9-kr%C3%AD%C5%BEikmi-p%C3%B4vodn%C3%BD-vlastn%C3%ADk-nezn%C3%A1my-1-scaled.jpg?resize=300%2C212&amp;ssl=1 300w, https:\/\/i0.wp.com\/www.atelier-reklama.sk\/blog\/wp-content\/uploads\/2023\/03\/4C-Oplecko-Litava-vzor-pol.-20.stor_.-vy%C5%A1it%C3%A9-kr%C3%AD%C5%BEikmi-p%C3%B4vodn%C3%BD-vlastn%C3%ADk-nezn%C3%A1my-1-scaled.jpg?resize=768%2C543&amp;ssl=1 768w, https:\/\/i0.wp.com\/www.atelier-reklama.sk\/blog\/wp-content\/uploads\/2023\/03\/4C-Oplecko-Litava-vzor-pol.-20.stor_.-vy%C5%A1it%C3%A9-kr%C3%AD%C5%BEikmi-p%C3%B4vodn%C3%BD-vlastn%C3%ADk-nezn%C3%A1my-1-scaled.jpg?resize=1536%2C1086&amp;ssl=1 1536w, https:\/\/i0.wp.com\/www.atelier-reklama.sk\/blog\/wp-content\/uploads\/2023\/03\/4C-Oplecko-Litava-vzor-pol.-20.stor_.-vy%C5%A1it%C3%A9-kr%C3%AD%C5%BEikmi-p%C3%B4vodn%C3%BD-vlastn%C3%ADk-nezn%C3%A1my-1-scaled.jpg?resize=2048%2C1448&amp;ssl=1 2048w, https:\/\/i0.wp.com\/www.atelier-reklama.sk\/blog\/wp-content\/uploads\/2023\/03\/4C-Oplecko-Litava-vzor-pol.-20.stor_.-vy%C5%A1it%C3%A9-kr%C3%AD%C5%BEikmi-p%C3%B4vodn%C3%BD-vlastn%C3%ADk-nezn%C3%A1my-1-scaled.jpg?w=1600&amp;ssl=1 1600w, https:\/\/i0.wp.com\/www.atelier-reklama.sk\/blog\/wp-content\/uploads\/2023\/03\/4C-Oplecko-Litava-vzor-pol.-20.stor_.-vy%C5%A1it%C3%A9-kr%C3%AD%C5%BEikmi-p%C3%B4vodn%C3%BD-vlastn%C3%ADk-nezn%C3%A1my-1-scaled.jpg?w=2400&amp;ssl=1 2400w\" sizes=\"auto, (max-width: 800px) 100vw, 800px\" \/><\/figure>\n\n\n\n<figure class=\"wp-block-image size-large\"><img data-recalc-dims=\"1\" loading=\"lazy\" decoding=\"async\" width=\"800\" height=\"493\" data-attachment-id=\"12809\" data-permalink=\"https:\/\/www.atelier-reklama.sk\/blog\/moj-krekacsky-kroj-a-jeho-prekreslene-vzory-spolu\/4d-oplecko-litava-vysivka-na-pleci-pol-20-stor_-vysite-krizikmi-povodny-vlastnik-neznamy\/\" data-orig-file=\"https:\/\/i0.wp.com\/www.atelier-reklama.sk\/blog\/wp-content\/uploads\/2023\/03\/4D-Oplecko-Litava-v%C3%BD%C5%A1ivka-na-pleci-pol.-20.stor_.-vy%C5%A1it%C3%A9-kr%C3%AD%C5%BEikmi-p%C3%B4vodn%C3%BD-vlastn%C3%ADk-nezn%C3%A1my-scaled.jpg?fit=2560%2C1577&amp;ssl=1\" data-orig-size=\"2560,1577\" data-comments-opened=\"1\" data-image-meta=\"{&quot;aperture&quot;:&quot;2&quot;,&quot;credit&quot;:&quot;&quot;,&quot;camera&quot;:&quot;SM-A125F&quot;,&quot;caption&quot;:&quot;&quot;,&quot;created_timestamp&quot;:&quot;1678634385&quot;,&quot;copyright&quot;:&quot;&quot;,&quot;focal_length&quot;:&quot;4.6&quot;,&quot;iso&quot;:&quot;320&quot;,&quot;shutter_speed&quot;:&quot;0.0399&quot;,&quot;title&quot;:&quot;&quot;,&quot;orientation&quot;:&quot;1&quot;}\" data-image-title=\"4D-Oplecko-Litava-v\u00fd\u0161ivka-na-pleci-pol.-20.stor_.-vy\u0161it\u00e9-kr\u00ed\u017eikmi-p\u00f4vodn\u00fd-vlastn\u00edk-nezn\u00e1my\" data-image-description=\"\" data-image-caption=\"\" data-medium-file=\"https:\/\/i0.wp.com\/www.atelier-reklama.sk\/blog\/wp-content\/uploads\/2023\/03\/4D-Oplecko-Litava-v%C3%BD%C5%A1ivka-na-pleci-pol.-20.stor_.-vy%C5%A1it%C3%A9-kr%C3%AD%C5%BEikmi-p%C3%B4vodn%C3%BD-vlastn%C3%ADk-nezn%C3%A1my-scaled.jpg?fit=300%2C185&amp;ssl=1\" data-large-file=\"https:\/\/i0.wp.com\/www.atelier-reklama.sk\/blog\/wp-content\/uploads\/2023\/03\/4D-Oplecko-Litava-v%C3%BD%C5%A1ivka-na-pleci-pol.-20.stor_.-vy%C5%A1it%C3%A9-kr%C3%AD%C5%BEikmi-p%C3%B4vodn%C3%BD-vlastn%C3%ADk-nezn%C3%A1my-scaled.jpg?fit=800%2C493&amp;ssl=1\" src=\"https:\/\/i0.wp.com\/www.atelier-reklama.sk\/blog\/wp-content\/uploads\/2023\/03\/4D-Oplecko-Litava-v%C3%BD%C5%A1ivka-na-pleci-pol.-20.stor_.-vy%C5%A1it%C3%A9-kr%C3%AD%C5%BEikmi-p%C3%B4vodn%C3%BD-vlastn%C3%ADk-nezn%C3%A1my.jpg?resize=800%2C493&#038;ssl=1\" alt=\"\" class=\"wp-image-12809\" srcset=\"https:\/\/i0.wp.com\/www.atelier-reklama.sk\/blog\/wp-content\/uploads\/2023\/03\/4D-Oplecko-Litava-v%C3%BD%C5%A1ivka-na-pleci-pol.-20.stor_.-vy%C5%A1it%C3%A9-kr%C3%AD%C5%BEikmi-p%C3%B4vodn%C3%BD-vlastn%C3%ADk-nezn%C3%A1my-scaled.jpg?resize=1024%2C631&amp;ssl=1 1024w, https:\/\/i0.wp.com\/www.atelier-reklama.sk\/blog\/wp-content\/uploads\/2023\/03\/4D-Oplecko-Litava-v%C3%BD%C5%A1ivka-na-pleci-pol.-20.stor_.-vy%C5%A1it%C3%A9-kr%C3%AD%C5%BEikmi-p%C3%B4vodn%C3%BD-vlastn%C3%ADk-nezn%C3%A1my-scaled.jpg?resize=300%2C185&amp;ssl=1 300w, https:\/\/i0.wp.com\/www.atelier-reklama.sk\/blog\/wp-content\/uploads\/2023\/03\/4D-Oplecko-Litava-v%C3%BD%C5%A1ivka-na-pleci-pol.-20.stor_.-vy%C5%A1it%C3%A9-kr%C3%AD%C5%BEikmi-p%C3%B4vodn%C3%BD-vlastn%C3%ADk-nezn%C3%A1my-scaled.jpg?resize=768%2C473&amp;ssl=1 768w, https:\/\/i0.wp.com\/www.atelier-reklama.sk\/blog\/wp-content\/uploads\/2023\/03\/4D-Oplecko-Litava-v%C3%BD%C5%A1ivka-na-pleci-pol.-20.stor_.-vy%C5%A1it%C3%A9-kr%C3%AD%C5%BEikmi-p%C3%B4vodn%C3%BD-vlastn%C3%ADk-nezn%C3%A1my-scaled.jpg?resize=1536%2C946&amp;ssl=1 1536w, https:\/\/i0.wp.com\/www.atelier-reklama.sk\/blog\/wp-content\/uploads\/2023\/03\/4D-Oplecko-Litava-v%C3%BD%C5%A1ivka-na-pleci-pol.-20.stor_.-vy%C5%A1it%C3%A9-kr%C3%AD%C5%BEikmi-p%C3%B4vodn%C3%BD-vlastn%C3%ADk-nezn%C3%A1my-scaled.jpg?resize=2048%2C1262&amp;ssl=1 2048w, https:\/\/i0.wp.com\/www.atelier-reklama.sk\/blog\/wp-content\/uploads\/2023\/03\/4D-Oplecko-Litava-v%C3%BD%C5%A1ivka-na-pleci-pol.-20.stor_.-vy%C5%A1it%C3%A9-kr%C3%AD%C5%BEikmi-p%C3%B4vodn%C3%BD-vlastn%C3%ADk-nezn%C3%A1my-scaled.jpg?w=1600&amp;ssl=1 1600w, https:\/\/i0.wp.com\/www.atelier-reklama.sk\/blog\/wp-content\/uploads\/2023\/03\/4D-Oplecko-Litava-v%C3%BD%C5%A1ivka-na-pleci-pol.-20.stor_.-vy%C5%A1it%C3%A9-kr%C3%AD%C5%BEikmi-p%C3%B4vodn%C3%BD-vlastn%C3%ADk-nezn%C3%A1my-scaled.jpg?w=2400&amp;ssl=1 2400w\" sizes=\"auto, (max-width: 800px) 100vw, 800px\" \/><\/figure>\n\n\n\n<figure class=\"wp-block-image size-large\"><img data-recalc-dims=\"1\" loading=\"lazy\" decoding=\"async\" width=\"405\" height=\"1024\" data-attachment-id=\"12810\" data-permalink=\"https:\/\/www.atelier-reklama.sk\/blog\/moj-krekacsky-kroj-a-jeho-prekreslene-vzory-spolu\/4e-oplecko-litava-vystrih-a-zapinanie-pol-20-stor_-vysite-krizikmi-povodny-vlastnik-neznamy\/\" data-orig-file=\"https:\/\/i0.wp.com\/www.atelier-reklama.sk\/blog\/wp-content\/uploads\/2023\/03\/4E-Oplecko-Litava-v%C3%BDstrih-a-zap%C3%ADnanie-pol.-20.stor_.-vy%C5%A1it%C3%A9-kr%C3%AD%C5%BEikmi-p%C3%B4vodn%C3%BD-vlastn%C3%ADk-nezn%C3%A1my-scaled.jpg?fit=1012%2C2560&amp;ssl=1\" data-orig-size=\"1012,2560\" data-comments-opened=\"1\" data-image-meta=\"{&quot;aperture&quot;:&quot;2&quot;,&quot;credit&quot;:&quot;&quot;,&quot;camera&quot;:&quot;SM-A125F&quot;,&quot;caption&quot;:&quot;&quot;,&quot;created_timestamp&quot;:&quot;1678634296&quot;,&quot;copyright&quot;:&quot;&quot;,&quot;focal_length&quot;:&quot;4.6&quot;,&quot;iso&quot;:&quot;250&quot;,&quot;shutter_speed&quot;:&quot;0.03&quot;,&quot;title&quot;:&quot;&quot;,&quot;orientation&quot;:&quot;1&quot;}\" data-image-title=\"4E-Oplecko-Litava-v\u00fdstrih-a-zap\u00ednanie-pol.-20.stor_.-vy\u0161it\u00e9-kr\u00ed\u017eikmi-p\u00f4vodn\u00fd-vlastn\u00edk-nezn\u00e1my\" data-image-description=\"\" data-image-caption=\"\" data-medium-file=\"https:\/\/i0.wp.com\/www.atelier-reklama.sk\/blog\/wp-content\/uploads\/2023\/03\/4E-Oplecko-Litava-v%C3%BDstrih-a-zap%C3%ADnanie-pol.-20.stor_.-vy%C5%A1it%C3%A9-kr%C3%AD%C5%BEikmi-p%C3%B4vodn%C3%BD-vlastn%C3%ADk-nezn%C3%A1my-scaled.jpg?fit=119%2C300&amp;ssl=1\" data-large-file=\"https:\/\/i0.wp.com\/www.atelier-reklama.sk\/blog\/wp-content\/uploads\/2023\/03\/4E-Oplecko-Litava-v%C3%BDstrih-a-zap%C3%ADnanie-pol.-20.stor_.-vy%C5%A1it%C3%A9-kr%C3%AD%C5%BEikmi-p%C3%B4vodn%C3%BD-vlastn%C3%ADk-nezn%C3%A1my-scaled.jpg?fit=405%2C1024&amp;ssl=1\" src=\"https:\/\/i0.wp.com\/www.atelier-reklama.sk\/blog\/wp-content\/uploads\/2023\/03\/4E-Oplecko-Litava-v%C3%BDstrih-a-zap%C3%ADnanie-pol.-20.stor_.-vy%C5%A1it%C3%A9-kr%C3%AD%C5%BEikmi-p%C3%B4vodn%C3%BD-vlastn%C3%ADk-nezn%C3%A1my.jpg?resize=405%2C1024&#038;ssl=1\" alt=\"\" class=\"wp-image-12810\" srcset=\"https:\/\/i0.wp.com\/www.atelier-reklama.sk\/blog\/wp-content\/uploads\/2023\/03\/4E-Oplecko-Litava-v%C3%BDstrih-a-zap%C3%ADnanie-pol.-20.stor_.-vy%C5%A1it%C3%A9-kr%C3%AD%C5%BEikmi-p%C3%B4vodn%C3%BD-vlastn%C3%ADk-nezn%C3%A1my-scaled.jpg?resize=405%2C1024&amp;ssl=1 405w, https:\/\/i0.wp.com\/www.atelier-reklama.sk\/blog\/wp-content\/uploads\/2023\/03\/4E-Oplecko-Litava-v%C3%BDstrih-a-zap%C3%ADnanie-pol.-20.stor_.-vy%C5%A1it%C3%A9-kr%C3%AD%C5%BEikmi-p%C3%B4vodn%C3%BD-vlastn%C3%ADk-nezn%C3%A1my-scaled.jpg?resize=119%2C300&amp;ssl=1 119w, https:\/\/i0.wp.com\/www.atelier-reklama.sk\/blog\/wp-content\/uploads\/2023\/03\/4E-Oplecko-Litava-v%C3%BDstrih-a-zap%C3%ADnanie-pol.-20.stor_.-vy%C5%A1it%C3%A9-kr%C3%AD%C5%BEikmi-p%C3%B4vodn%C3%BD-vlastn%C3%ADk-nezn%C3%A1my-scaled.jpg?resize=768%2C1943&amp;ssl=1 768w, https:\/\/i0.wp.com\/www.atelier-reklama.sk\/blog\/wp-content\/uploads\/2023\/03\/4E-Oplecko-Litava-v%C3%BDstrih-a-zap%C3%ADnanie-pol.-20.stor_.-vy%C5%A1it%C3%A9-kr%C3%AD%C5%BEikmi-p%C3%B4vodn%C3%BD-vlastn%C3%ADk-nezn%C3%A1my-scaled.jpg?resize=607%2C1536&amp;ssl=1 607w, https:\/\/i0.wp.com\/www.atelier-reklama.sk\/blog\/wp-content\/uploads\/2023\/03\/4E-Oplecko-Litava-v%C3%BDstrih-a-zap%C3%ADnanie-pol.-20.stor_.-vy%C5%A1it%C3%A9-kr%C3%AD%C5%BEikmi-p%C3%B4vodn%C3%BD-vlastn%C3%ADk-nezn%C3%A1my-scaled.jpg?resize=810%2C2048&amp;ssl=1 810w, https:\/\/i0.wp.com\/www.atelier-reklama.sk\/blog\/wp-content\/uploads\/2023\/03\/4E-Oplecko-Litava-v%C3%BDstrih-a-zap%C3%ADnanie-pol.-20.stor_.-vy%C5%A1it%C3%A9-kr%C3%AD%C5%BEikmi-p%C3%B4vodn%C3%BD-vlastn%C3%ADk-nezn%C3%A1my-scaled.jpg?w=1012&amp;ssl=1 1012w\" sizes=\"auto, (max-width: 405px) 100vw, 405px\" \/><\/figure>\n\n\n\n<figure class=\"wp-block-image size-large\"><img data-recalc-dims=\"1\" loading=\"lazy\" decoding=\"async\" width=\"743\" height=\"1024\" data-attachment-id=\"12812\" data-permalink=\"https:\/\/www.atelier-reklama.sk\/blog\/moj-krekacsky-kroj-a-jeho-prekreslene-vzory-spolu\/4g-oplecko-koniec-rukava-litava-pol-20-stor_-vysite-krizikmi-povodny-vlastnik-neznamy\/\" data-orig-file=\"https:\/\/i0.wp.com\/www.atelier-reklama.sk\/blog\/wp-content\/uploads\/2023\/03\/4G-Oplecko-koniec-ruk%C3%A1va-Litava-pol.-20.stor_.-vy%C5%A1it%C3%A9-kr%C3%AD%C5%BEikmi-p%C3%B4vodn%C3%BD-vlastn%C3%ADk-nezn%C3%A1my-scaled.jpg?fit=1857%2C2560&amp;ssl=1\" data-orig-size=\"1857,2560\" data-comments-opened=\"1\" data-image-meta=\"{&quot;aperture&quot;:&quot;2&quot;,&quot;credit&quot;:&quot;&quot;,&quot;camera&quot;:&quot;SM-A125F&quot;,&quot;caption&quot;:&quot;&quot;,&quot;created_timestamp&quot;:&quot;1678634350&quot;,&quot;copyright&quot;:&quot;&quot;,&quot;focal_length&quot;:&quot;4.6&quot;,&quot;iso&quot;:&quot;320&quot;,&quot;shutter_speed&quot;:&quot;0.0399&quot;,&quot;title&quot;:&quot;&quot;,&quot;orientation&quot;:&quot;1&quot;}\" data-image-title=\"4G-Oplecko-koniec-ruk\u00e1va-Litava-pol.-20.stor_.-vy\u0161it\u00e9-kr\u00ed\u017eikmi-p\u00f4vodn\u00fd-vlastn\u00edk-nezn\u00e1my\" data-image-description=\"\" data-image-caption=\"\" data-medium-file=\"https:\/\/i0.wp.com\/www.atelier-reklama.sk\/blog\/wp-content\/uploads\/2023\/03\/4G-Oplecko-koniec-ruk%C3%A1va-Litava-pol.-20.stor_.-vy%C5%A1it%C3%A9-kr%C3%AD%C5%BEikmi-p%C3%B4vodn%C3%BD-vlastn%C3%ADk-nezn%C3%A1my-scaled.jpg?fit=218%2C300&amp;ssl=1\" data-large-file=\"https:\/\/i0.wp.com\/www.atelier-reklama.sk\/blog\/wp-content\/uploads\/2023\/03\/4G-Oplecko-koniec-ruk%C3%A1va-Litava-pol.-20.stor_.-vy%C5%A1it%C3%A9-kr%C3%AD%C5%BEikmi-p%C3%B4vodn%C3%BD-vlastn%C3%ADk-nezn%C3%A1my-scaled.jpg?fit=743%2C1024&amp;ssl=1\" src=\"https:\/\/i0.wp.com\/www.atelier-reklama.sk\/blog\/wp-content\/uploads\/2023\/03\/4G-Oplecko-koniec-ruk%C3%A1va-Litava-pol.-20.stor_.-vy%C5%A1it%C3%A9-kr%C3%AD%C5%BEikmi-p%C3%B4vodn%C3%BD-vlastn%C3%ADk-nezn%C3%A1my.jpg?resize=743%2C1024&#038;ssl=1\" alt=\"\" class=\"wp-image-12812\" srcset=\"https:\/\/i0.wp.com\/www.atelier-reklama.sk\/blog\/wp-content\/uploads\/2023\/03\/4G-Oplecko-koniec-ruk%C3%A1va-Litava-pol.-20.stor_.-vy%C5%A1it%C3%A9-kr%C3%AD%C5%BEikmi-p%C3%B4vodn%C3%BD-vlastn%C3%ADk-nezn%C3%A1my-scaled.jpg?resize=743%2C1024&amp;ssl=1 743w, https:\/\/i0.wp.com\/www.atelier-reklama.sk\/blog\/wp-content\/uploads\/2023\/03\/4G-Oplecko-koniec-ruk%C3%A1va-Litava-pol.-20.stor_.-vy%C5%A1it%C3%A9-kr%C3%AD%C5%BEikmi-p%C3%B4vodn%C3%BD-vlastn%C3%ADk-nezn%C3%A1my-scaled.jpg?resize=218%2C300&amp;ssl=1 218w, https:\/\/i0.wp.com\/www.atelier-reklama.sk\/blog\/wp-content\/uploads\/2023\/03\/4G-Oplecko-koniec-ruk%C3%A1va-Litava-pol.-20.stor_.-vy%C5%A1it%C3%A9-kr%C3%AD%C5%BEikmi-p%C3%B4vodn%C3%BD-vlastn%C3%ADk-nezn%C3%A1my-scaled.jpg?resize=768%2C1059&amp;ssl=1 768w, https:\/\/i0.wp.com\/www.atelier-reklama.sk\/blog\/wp-content\/uploads\/2023\/03\/4G-Oplecko-koniec-ruk%C3%A1va-Litava-pol.-20.stor_.-vy%C5%A1it%C3%A9-kr%C3%AD%C5%BEikmi-p%C3%B4vodn%C3%BD-vlastn%C3%ADk-nezn%C3%A1my-scaled.jpg?resize=1114%2C1536&amp;ssl=1 1114w, https:\/\/i0.wp.com\/www.atelier-reklama.sk\/blog\/wp-content\/uploads\/2023\/03\/4G-Oplecko-koniec-ruk%C3%A1va-Litava-pol.-20.stor_.-vy%C5%A1it%C3%A9-kr%C3%AD%C5%BEikmi-p%C3%B4vodn%C3%BD-vlastn%C3%ADk-nezn%C3%A1my-scaled.jpg?resize=1486%2C2048&amp;ssl=1 1486w, https:\/\/i0.wp.com\/www.atelier-reklama.sk\/blog\/wp-content\/uploads\/2023\/03\/4G-Oplecko-koniec-ruk%C3%A1va-Litava-pol.-20.stor_.-vy%C5%A1it%C3%A9-kr%C3%AD%C5%BEikmi-p%C3%B4vodn%C3%BD-vlastn%C3%ADk-nezn%C3%A1my-scaled.jpg?w=1857&amp;ssl=1 1857w, https:\/\/i0.wp.com\/www.atelier-reklama.sk\/blog\/wp-content\/uploads\/2023\/03\/4G-Oplecko-koniec-ruk%C3%A1va-Litava-pol.-20.stor_.-vy%C5%A1it%C3%A9-kr%C3%AD%C5%BEikmi-p%C3%B4vodn%C3%BD-vlastn%C3%ADk-nezn%C3%A1my-scaled.jpg?w=1600&amp;ssl=1 1600w\" sizes=\"auto, (max-width: 743px) 100vw, 743px\" \/><\/figure>\n\n\n\n<p>5. Oplecko, Litava, druh\u00e1 pol. 20. stor., vy\u0161it\u00e9 kr\u00ed\u017eikmi, p\u00f4vodn\u00fd vlastn\u00edk nezn\u00e1my<\/p>\n\n\n\n<figure class=\"wp-block-image size-large\"><img data-recalc-dims=\"1\" loading=\"lazy\" decoding=\"async\" width=\"800\" height=\"450\" data-attachment-id=\"12813\" data-permalink=\"https:\/\/www.atelier-reklama.sk\/blog\/moj-krekacsky-kroj-a-jeho-prekreslene-vzory-spolu\/5a-oplecko-litava-druha-pol-20-stor-vysite-krizikmi-povodny-vlastnik-neznamy\/\" data-orig-file=\"https:\/\/i0.wp.com\/www.atelier-reklama.sk\/blog\/wp-content\/uploads\/2023\/03\/5A-Oplecko-Litava-druh%C3%A1-pol.-20.-stor.-vy%C5%A1it%C3%A9-kr%C3%AD%C5%BEikmi-p%C3%B4vodn%C3%BD-vlastn%C3%ADk-nezn%C3%A1my-scaled.jpg?fit=2560%2C1440&amp;ssl=1\" data-orig-size=\"2560,1440\" data-comments-opened=\"1\" data-image-meta=\"{&quot;aperture&quot;:&quot;2&quot;,&quot;credit&quot;:&quot;&quot;,&quot;camera&quot;:&quot;SM-A125F&quot;,&quot;caption&quot;:&quot;&quot;,&quot;created_timestamp&quot;:&quot;1677258671&quot;,&quot;copyright&quot;:&quot;&quot;,&quot;focal_length&quot;:&quot;4.6&quot;,&quot;iso&quot;:&quot;200&quot;,&quot;shutter_speed&quot;:&quot;0.02&quot;,&quot;title&quot;:&quot;&quot;,&quot;orientation&quot;:&quot;1&quot;}\" data-image-title=\"5A-Oplecko-Litava-druh\u00e1-pol.-20.-stor.-vy\u0161it\u00e9-kr\u00ed\u017eikmi-p\u00f4vodn\u00fd-vlastn\u00edk-nezn\u00e1my\" data-image-description=\"\" data-image-caption=\"\" data-medium-file=\"https:\/\/i0.wp.com\/www.atelier-reklama.sk\/blog\/wp-content\/uploads\/2023\/03\/5A-Oplecko-Litava-druh%C3%A1-pol.-20.-stor.-vy%C5%A1it%C3%A9-kr%C3%AD%C5%BEikmi-p%C3%B4vodn%C3%BD-vlastn%C3%ADk-nezn%C3%A1my-scaled.jpg?fit=300%2C169&amp;ssl=1\" data-large-file=\"https:\/\/i0.wp.com\/www.atelier-reklama.sk\/blog\/wp-content\/uploads\/2023\/03\/5A-Oplecko-Litava-druh%C3%A1-pol.-20.-stor.-vy%C5%A1it%C3%A9-kr%C3%AD%C5%BEikmi-p%C3%B4vodn%C3%BD-vlastn%C3%ADk-nezn%C3%A1my-scaled.jpg?fit=800%2C450&amp;ssl=1\" src=\"https:\/\/i0.wp.com\/www.atelier-reklama.sk\/blog\/wp-content\/uploads\/2023\/03\/5A-Oplecko-Litava-druh%C3%A1-pol.-20.-stor.-vy%C5%A1it%C3%A9-kr%C3%AD%C5%BEikmi-p%C3%B4vodn%C3%BD-vlastn%C3%ADk-nezn%C3%A1my.jpg?resize=800%2C450&#038;ssl=1\" alt=\"\" class=\"wp-image-12813\" srcset=\"https:\/\/i0.wp.com\/www.atelier-reklama.sk\/blog\/wp-content\/uploads\/2023\/03\/5A-Oplecko-Litava-druh%C3%A1-pol.-20.-stor.-vy%C5%A1it%C3%A9-kr%C3%AD%C5%BEikmi-p%C3%B4vodn%C3%BD-vlastn%C3%ADk-nezn%C3%A1my-scaled.jpg?resize=1024%2C576&amp;ssl=1 1024w, https:\/\/i0.wp.com\/www.atelier-reklama.sk\/blog\/wp-content\/uploads\/2023\/03\/5A-Oplecko-Litava-druh%C3%A1-pol.-20.-stor.-vy%C5%A1it%C3%A9-kr%C3%AD%C5%BEikmi-p%C3%B4vodn%C3%BD-vlastn%C3%ADk-nezn%C3%A1my-scaled.jpg?resize=300%2C169&amp;ssl=1 300w, https:\/\/i0.wp.com\/www.atelier-reklama.sk\/blog\/wp-content\/uploads\/2023\/03\/5A-Oplecko-Litava-druh%C3%A1-pol.-20.-stor.-vy%C5%A1it%C3%A9-kr%C3%AD%C5%BEikmi-p%C3%B4vodn%C3%BD-vlastn%C3%ADk-nezn%C3%A1my-scaled.jpg?resize=768%2C432&amp;ssl=1 768w, https:\/\/i0.wp.com\/www.atelier-reklama.sk\/blog\/wp-content\/uploads\/2023\/03\/5A-Oplecko-Litava-druh%C3%A1-pol.-20.-stor.-vy%C5%A1it%C3%A9-kr%C3%AD%C5%BEikmi-p%C3%B4vodn%C3%BD-vlastn%C3%ADk-nezn%C3%A1my-scaled.jpg?resize=1536%2C864&amp;ssl=1 1536w, https:\/\/i0.wp.com\/www.atelier-reklama.sk\/blog\/wp-content\/uploads\/2023\/03\/5A-Oplecko-Litava-druh%C3%A1-pol.-20.-stor.-vy%C5%A1it%C3%A9-kr%C3%AD%C5%BEikmi-p%C3%B4vodn%C3%BD-vlastn%C3%ADk-nezn%C3%A1my-scaled.jpg?resize=2048%2C1152&amp;ssl=1 2048w, https:\/\/i0.wp.com\/www.atelier-reklama.sk\/blog\/wp-content\/uploads\/2023\/03\/5A-Oplecko-Litava-druh%C3%A1-pol.-20.-stor.-vy%C5%A1it%C3%A9-kr%C3%AD%C5%BEikmi-p%C3%B4vodn%C3%BD-vlastn%C3%ADk-nezn%C3%A1my-scaled.jpg?w=1600&amp;ssl=1 1600w, https:\/\/i0.wp.com\/www.atelier-reklama.sk\/blog\/wp-content\/uploads\/2023\/03\/5A-Oplecko-Litava-druh%C3%A1-pol.-20.-stor.-vy%C5%A1it%C3%A9-kr%C3%AD%C5%BEikmi-p%C3%B4vodn%C3%BD-vlastn%C3%ADk-nezn%C3%A1my-scaled.jpg?w=2400&amp;ssl=1 2400w\" sizes=\"auto, (max-width: 800px) 100vw, 800px\" \/><\/figure>\n\n\n\n<figure class=\"wp-block-image size-large\"><img data-recalc-dims=\"1\" loading=\"lazy\" decoding=\"async\" width=\"800\" height=\"442\" data-attachment-id=\"12814\" data-permalink=\"https:\/\/www.atelier-reklama.sk\/blog\/moj-krekacsky-kroj-a-jeho-prekreslene-vzory-spolu\/5b-oplecko-litava-druha-pol-20-stor-vysite-krizikmi-povodny-vlastnik-neznamy\/\" data-orig-file=\"https:\/\/i0.wp.com\/www.atelier-reklama.sk\/blog\/wp-content\/uploads\/2023\/03\/5B-Oplecko-Litava-druh%C3%A1-pol.-20.-stor.-vy%C5%A1it%C3%A9-kr%C3%AD%C5%BEikmi-p%C3%B4vodn%C3%BD-vlastn%C3%ADk-nezn%C3%A1my-scaled.jpg?fit=2560%2C1416&amp;ssl=1\" data-orig-size=\"2560,1416\" data-comments-opened=\"1\" data-image-meta=\"{&quot;aperture&quot;:&quot;2&quot;,&quot;credit&quot;:&quot;&quot;,&quot;camera&quot;:&quot;SM-A125F&quot;,&quot;caption&quot;:&quot;&quot;,&quot;created_timestamp&quot;:&quot;1677258783&quot;,&quot;copyright&quot;:&quot;&quot;,&quot;focal_length&quot;:&quot;4.6&quot;,&quot;iso&quot;:&quot;200&quot;,&quot;shutter_speed&quot;:&quot;0.02&quot;,&quot;title&quot;:&quot;&quot;,&quot;orientation&quot;:&quot;1&quot;}\" data-image-title=\"5B-Oplecko-Litava-druh\u00e1-pol.-20.-stor.-vy\u0161it\u00e9-kr\u00ed\u017eikmi-p\u00f4vodn\u00fd-vlastn\u00edk-nezn\u00e1my\" data-image-description=\"\" data-image-caption=\"\" data-medium-file=\"https:\/\/i0.wp.com\/www.atelier-reklama.sk\/blog\/wp-content\/uploads\/2023\/03\/5B-Oplecko-Litava-druh%C3%A1-pol.-20.-stor.-vy%C5%A1it%C3%A9-kr%C3%AD%C5%BEikmi-p%C3%B4vodn%C3%BD-vlastn%C3%ADk-nezn%C3%A1my-scaled.jpg?fit=300%2C166&amp;ssl=1\" data-large-file=\"https:\/\/i0.wp.com\/www.atelier-reklama.sk\/blog\/wp-content\/uploads\/2023\/03\/5B-Oplecko-Litava-druh%C3%A1-pol.-20.-stor.-vy%C5%A1it%C3%A9-kr%C3%AD%C5%BEikmi-p%C3%B4vodn%C3%BD-vlastn%C3%ADk-nezn%C3%A1my-scaled.jpg?fit=800%2C442&amp;ssl=1\" src=\"https:\/\/i0.wp.com\/www.atelier-reklama.sk\/blog\/wp-content\/uploads\/2023\/03\/5B-Oplecko-Litava-druh%C3%A1-pol.-20.-stor.-vy%C5%A1it%C3%A9-kr%C3%AD%C5%BEikmi-p%C3%B4vodn%C3%BD-vlastn%C3%ADk-nezn%C3%A1my.jpg?resize=800%2C442&#038;ssl=1\" alt=\"\" class=\"wp-image-12814\" srcset=\"https:\/\/i0.wp.com\/www.atelier-reklama.sk\/blog\/wp-content\/uploads\/2023\/03\/5B-Oplecko-Litava-druh%C3%A1-pol.-20.-stor.-vy%C5%A1it%C3%A9-kr%C3%AD%C5%BEikmi-p%C3%B4vodn%C3%BD-vlastn%C3%ADk-nezn%C3%A1my-scaled.jpg?resize=1024%2C566&amp;ssl=1 1024w, https:\/\/i0.wp.com\/www.atelier-reklama.sk\/blog\/wp-content\/uploads\/2023\/03\/5B-Oplecko-Litava-druh%C3%A1-pol.-20.-stor.-vy%C5%A1it%C3%A9-kr%C3%AD%C5%BEikmi-p%C3%B4vodn%C3%BD-vlastn%C3%ADk-nezn%C3%A1my-scaled.jpg?resize=300%2C166&amp;ssl=1 300w, https:\/\/i0.wp.com\/www.atelier-reklama.sk\/blog\/wp-content\/uploads\/2023\/03\/5B-Oplecko-Litava-druh%C3%A1-pol.-20.-stor.-vy%C5%A1it%C3%A9-kr%C3%AD%C5%BEikmi-p%C3%B4vodn%C3%BD-vlastn%C3%ADk-nezn%C3%A1my-scaled.jpg?resize=768%2C425&amp;ssl=1 768w, https:\/\/i0.wp.com\/www.atelier-reklama.sk\/blog\/wp-content\/uploads\/2023\/03\/5B-Oplecko-Litava-druh%C3%A1-pol.-20.-stor.-vy%C5%A1it%C3%A9-kr%C3%AD%C5%BEikmi-p%C3%B4vodn%C3%BD-vlastn%C3%ADk-nezn%C3%A1my-scaled.jpg?resize=1536%2C850&amp;ssl=1 1536w, https:\/\/i0.wp.com\/www.atelier-reklama.sk\/blog\/wp-content\/uploads\/2023\/03\/5B-Oplecko-Litava-druh%C3%A1-pol.-20.-stor.-vy%C5%A1it%C3%A9-kr%C3%AD%C5%BEikmi-p%C3%B4vodn%C3%BD-vlastn%C3%ADk-nezn%C3%A1my-scaled.jpg?resize=2048%2C1133&amp;ssl=1 2048w, https:\/\/i0.wp.com\/www.atelier-reklama.sk\/blog\/wp-content\/uploads\/2023\/03\/5B-Oplecko-Litava-druh%C3%A1-pol.-20.-stor.-vy%C5%A1it%C3%A9-kr%C3%AD%C5%BEikmi-p%C3%B4vodn%C3%BD-vlastn%C3%ADk-nezn%C3%A1my-scaled.jpg?w=1600&amp;ssl=1 1600w, https:\/\/i0.wp.com\/www.atelier-reklama.sk\/blog\/wp-content\/uploads\/2023\/03\/5B-Oplecko-Litava-druh%C3%A1-pol.-20.-stor.-vy%C5%A1it%C3%A9-kr%C3%AD%C5%BEikmi-p%C3%B4vodn%C3%BD-vlastn%C3%ADk-nezn%C3%A1my-scaled.jpg?w=2400&amp;ssl=1 2400w\" sizes=\"auto, (max-width: 800px) 100vw, 800px\" \/><\/figure>\n\n\n\n<figure class=\"wp-block-image size-large\"><img data-recalc-dims=\"1\" loading=\"lazy\" decoding=\"async\" width=\"800\" height=\"677\" data-attachment-id=\"12815\" data-permalink=\"https:\/\/www.atelier-reklama.sk\/blog\/moj-krekacsky-kroj-a-jeho-prekreslene-vzory-spolu\/5c-vystrih-oplecko-litava-druha-pol-20-stor-vysite-krizikmi-povodny-vlastnik-neznamy\/\" data-orig-file=\"https:\/\/i0.wp.com\/www.atelier-reklama.sk\/blog\/wp-content\/uploads\/2023\/03\/5C-v%C3%BDstrih-Oplecko-Litava-druh%C3%A1-pol.-20.-stor.-vy%C5%A1it%C3%A9-kr%C3%AD%C5%BEikmi-p%C3%B4vodn%C3%BD-vlastn%C3%ADk-nezn%C3%A1my-scaled.jpg?fit=2560%2C2168&amp;ssl=1\" data-orig-size=\"2560,2168\" data-comments-opened=\"1\" data-image-meta=\"{&quot;aperture&quot;:&quot;2&quot;,&quot;credit&quot;:&quot;&quot;,&quot;camera&quot;:&quot;SM-A125F&quot;,&quot;caption&quot;:&quot;&quot;,&quot;created_timestamp&quot;:&quot;1677258689&quot;,&quot;copyright&quot;:&quot;&quot;,&quot;focal_length&quot;:&quot;4.6&quot;,&quot;iso&quot;:&quot;200&quot;,&quot;shutter_speed&quot;:&quot;0.02&quot;,&quot;title&quot;:&quot;&quot;,&quot;orientation&quot;:&quot;1&quot;}\" data-image-title=\"5C-v\u00fdstrih-Oplecko-Litava-druh\u00e1-pol.-20.-stor.-vy\u0161it\u00e9-kr\u00ed\u017eikmi-p\u00f4vodn\u00fd-vlastn\u00edk-nezn\u00e1my\" data-image-description=\"\" data-image-caption=\"\" data-medium-file=\"https:\/\/i0.wp.com\/www.atelier-reklama.sk\/blog\/wp-content\/uploads\/2023\/03\/5C-v%C3%BDstrih-Oplecko-Litava-druh%C3%A1-pol.-20.-stor.-vy%C5%A1it%C3%A9-kr%C3%AD%C5%BEikmi-p%C3%B4vodn%C3%BD-vlastn%C3%ADk-nezn%C3%A1my-scaled.jpg?fit=300%2C254&amp;ssl=1\" data-large-file=\"https:\/\/i0.wp.com\/www.atelier-reklama.sk\/blog\/wp-content\/uploads\/2023\/03\/5C-v%C3%BDstrih-Oplecko-Litava-druh%C3%A1-pol.-20.-stor.-vy%C5%A1it%C3%A9-kr%C3%AD%C5%BEikmi-p%C3%B4vodn%C3%BD-vlastn%C3%ADk-nezn%C3%A1my-scaled.jpg?fit=800%2C677&amp;ssl=1\" src=\"https:\/\/i0.wp.com\/www.atelier-reklama.sk\/blog\/wp-content\/uploads\/2023\/03\/5C-v%C3%BDstrih-Oplecko-Litava-druh%C3%A1-pol.-20.-stor.-vy%C5%A1it%C3%A9-kr%C3%AD%C5%BEikmi-p%C3%B4vodn%C3%BD-vlastn%C3%ADk-nezn%C3%A1my.jpg?resize=800%2C677&#038;ssl=1\" alt=\"\" class=\"wp-image-12815\" srcset=\"https:\/\/i0.wp.com\/www.atelier-reklama.sk\/blog\/wp-content\/uploads\/2023\/03\/5C-v%C3%BDstrih-Oplecko-Litava-druh%C3%A1-pol.-20.-stor.-vy%C5%A1it%C3%A9-kr%C3%AD%C5%BEikmi-p%C3%B4vodn%C3%BD-vlastn%C3%ADk-nezn%C3%A1my-scaled.jpg?resize=1024%2C867&amp;ssl=1 1024w, https:\/\/i0.wp.com\/www.atelier-reklama.sk\/blog\/wp-content\/uploads\/2023\/03\/5C-v%C3%BDstrih-Oplecko-Litava-druh%C3%A1-pol.-20.-stor.-vy%C5%A1it%C3%A9-kr%C3%AD%C5%BEikmi-p%C3%B4vodn%C3%BD-vlastn%C3%ADk-nezn%C3%A1my-scaled.jpg?resize=300%2C254&amp;ssl=1 300w, https:\/\/i0.wp.com\/www.atelier-reklama.sk\/blog\/wp-content\/uploads\/2023\/03\/5C-v%C3%BDstrih-Oplecko-Litava-druh%C3%A1-pol.-20.-stor.-vy%C5%A1it%C3%A9-kr%C3%AD%C5%BEikmi-p%C3%B4vodn%C3%BD-vlastn%C3%ADk-nezn%C3%A1my-scaled.jpg?resize=768%2C650&amp;ssl=1 768w, https:\/\/i0.wp.com\/www.atelier-reklama.sk\/blog\/wp-content\/uploads\/2023\/03\/5C-v%C3%BDstrih-Oplecko-Litava-druh%C3%A1-pol.-20.-stor.-vy%C5%A1it%C3%A9-kr%C3%AD%C5%BEikmi-p%C3%B4vodn%C3%BD-vlastn%C3%ADk-nezn%C3%A1my-scaled.jpg?resize=1536%2C1301&amp;ssl=1 1536w, https:\/\/i0.wp.com\/www.atelier-reklama.sk\/blog\/wp-content\/uploads\/2023\/03\/5C-v%C3%BDstrih-Oplecko-Litava-druh%C3%A1-pol.-20.-stor.-vy%C5%A1it%C3%A9-kr%C3%AD%C5%BEikmi-p%C3%B4vodn%C3%BD-vlastn%C3%ADk-nezn%C3%A1my-scaled.jpg?resize=2048%2C1734&amp;ssl=1 2048w, https:\/\/i0.wp.com\/www.atelier-reklama.sk\/blog\/wp-content\/uploads\/2023\/03\/5C-v%C3%BDstrih-Oplecko-Litava-druh%C3%A1-pol.-20.-stor.-vy%C5%A1it%C3%A9-kr%C3%AD%C5%BEikmi-p%C3%B4vodn%C3%BD-vlastn%C3%ADk-nezn%C3%A1my-scaled.jpg?w=1600&amp;ssl=1 1600w, https:\/\/i0.wp.com\/www.atelier-reklama.sk\/blog\/wp-content\/uploads\/2023\/03\/5C-v%C3%BDstrih-Oplecko-Litava-druh%C3%A1-pol.-20.-stor.-vy%C5%A1it%C3%A9-kr%C3%AD%C5%BEikmi-p%C3%B4vodn%C3%BD-vlastn%C3%ADk-nezn%C3%A1my-scaled.jpg?w=2400&amp;ssl=1 2400w\" sizes=\"auto, (max-width: 800px) 100vw, 800px\" \/><\/figure>\n\n\n\n<figure class=\"wp-block-image size-large\"><img data-recalc-dims=\"1\" loading=\"lazy\" decoding=\"async\" width=\"800\" height=\"566\" data-attachment-id=\"12816\" data-permalink=\"https:\/\/www.atelier-reklama.sk\/blog\/moj-krekacsky-kroj-a-jeho-prekreslene-vzory-spolu\/5ca-oplecko-litava-vzor-pol-20-stor_-vysite-krizikmi-povodny-vlastnik-neznamy\/\" data-orig-file=\"https:\/\/i0.wp.com\/www.atelier-reklama.sk\/blog\/wp-content\/uploads\/2023\/03\/5CA-Oplecko-Litava-vzor-pol.-20.stor_.-vy%C5%A1it%C3%A9-kr%C3%AD%C5%BEikmi-p%C3%B4vodn%C3%BD-vlastn%C3%ADk-nezn%C3%A1my-scaled.jpg?fit=2560%2C1810&amp;ssl=1\" data-orig-size=\"2560,1810\" data-comments-opened=\"1\" data-image-meta=\"{&quot;aperture&quot;:&quot;0&quot;,&quot;credit&quot;:&quot;&quot;,&quot;camera&quot;:&quot;&quot;,&quot;caption&quot;:&quot;&quot;,&quot;created_timestamp&quot;:&quot;0&quot;,&quot;copyright&quot;:&quot;&quot;,&quot;focal_length&quot;:&quot;0&quot;,&quot;iso&quot;:&quot;0&quot;,&quot;shutter_speed&quot;:&quot;0&quot;,&quot;title&quot;:&quot;&quot;,&quot;orientation&quot;:&quot;0&quot;}\" data-image-title=\"5CA-Oplecko-Litava-vzor-pol.-20.stor_.-vy\u0161it\u00e9-kr\u00ed\u017eikmi-p\u00f4vodn\u00fd-vlastn\u00edk-nezn\u00e1my\" data-image-description=\"\" data-image-caption=\"\" data-medium-file=\"https:\/\/i0.wp.com\/www.atelier-reklama.sk\/blog\/wp-content\/uploads\/2023\/03\/5CA-Oplecko-Litava-vzor-pol.-20.stor_.-vy%C5%A1it%C3%A9-kr%C3%AD%C5%BEikmi-p%C3%B4vodn%C3%BD-vlastn%C3%ADk-nezn%C3%A1my-scaled.jpg?fit=300%2C212&amp;ssl=1\" data-large-file=\"https:\/\/i0.wp.com\/www.atelier-reklama.sk\/blog\/wp-content\/uploads\/2023\/03\/5CA-Oplecko-Litava-vzor-pol.-20.stor_.-vy%C5%A1it%C3%A9-kr%C3%AD%C5%BEikmi-p%C3%B4vodn%C3%BD-vlastn%C3%ADk-nezn%C3%A1my-scaled.jpg?fit=800%2C566&amp;ssl=1\" src=\"https:\/\/i0.wp.com\/www.atelier-reklama.sk\/blog\/wp-content\/uploads\/2023\/03\/5CA-Oplecko-Litava-vzor-pol.-20.stor_.-vy%C5%A1it%C3%A9-kr%C3%AD%C5%BEikmi-p%C3%B4vodn%C3%BD-vlastn%C3%ADk-nezn%C3%A1my.jpg?resize=800%2C566&#038;ssl=1\" alt=\"\" class=\"wp-image-12816\" srcset=\"https:\/\/i0.wp.com\/www.atelier-reklama.sk\/blog\/wp-content\/uploads\/2023\/03\/5CA-Oplecko-Litava-vzor-pol.-20.stor_.-vy%C5%A1it%C3%A9-kr%C3%AD%C5%BEikmi-p%C3%B4vodn%C3%BD-vlastn%C3%ADk-nezn%C3%A1my-scaled.jpg?resize=1024%2C724&amp;ssl=1 1024w, https:\/\/i0.wp.com\/www.atelier-reklama.sk\/blog\/wp-content\/uploads\/2023\/03\/5CA-Oplecko-Litava-vzor-pol.-20.stor_.-vy%C5%A1it%C3%A9-kr%C3%AD%C5%BEikmi-p%C3%B4vodn%C3%BD-vlastn%C3%ADk-nezn%C3%A1my-scaled.jpg?resize=300%2C212&amp;ssl=1 300w, https:\/\/i0.wp.com\/www.atelier-reklama.sk\/blog\/wp-content\/uploads\/2023\/03\/5CA-Oplecko-Litava-vzor-pol.-20.stor_.-vy%C5%A1it%C3%A9-kr%C3%AD%C5%BEikmi-p%C3%B4vodn%C3%BD-vlastn%C3%ADk-nezn%C3%A1my-scaled.jpg?resize=768%2C543&amp;ssl=1 768w, https:\/\/i0.wp.com\/www.atelier-reklama.sk\/blog\/wp-content\/uploads\/2023\/03\/5CA-Oplecko-Litava-vzor-pol.-20.stor_.-vy%C5%A1it%C3%A9-kr%C3%AD%C5%BEikmi-p%C3%B4vodn%C3%BD-vlastn%C3%ADk-nezn%C3%A1my-scaled.jpg?resize=1536%2C1086&amp;ssl=1 1536w, https:\/\/i0.wp.com\/www.atelier-reklama.sk\/blog\/wp-content\/uploads\/2023\/03\/5CA-Oplecko-Litava-vzor-pol.-20.stor_.-vy%C5%A1it%C3%A9-kr%C3%AD%C5%BEikmi-p%C3%B4vodn%C3%BD-vlastn%C3%ADk-nezn%C3%A1my-scaled.jpg?resize=2048%2C1448&amp;ssl=1 2048w, https:\/\/i0.wp.com\/www.atelier-reklama.sk\/blog\/wp-content\/uploads\/2023\/03\/5CA-Oplecko-Litava-vzor-pol.-20.stor_.-vy%C5%A1it%C3%A9-kr%C3%AD%C5%BEikmi-p%C3%B4vodn%C3%BD-vlastn%C3%ADk-nezn%C3%A1my-scaled.jpg?w=1600&amp;ssl=1 1600w, https:\/\/i0.wp.com\/www.atelier-reklama.sk\/blog\/wp-content\/uploads\/2023\/03\/5CA-Oplecko-Litava-vzor-pol.-20.stor_.-vy%C5%A1it%C3%A9-kr%C3%AD%C5%BEikmi-p%C3%B4vodn%C3%BD-vlastn%C3%ADk-nezn%C3%A1my-scaled.jpg?w=2400&amp;ssl=1 2400w\" sizes=\"auto, (max-width: 800px) 100vw, 800px\" \/><\/figure>\n\n\n\n<figure class=\"wp-block-image size-large\"><img data-recalc-dims=\"1\" loading=\"lazy\" decoding=\"async\" width=\"800\" height=\"345\" data-attachment-id=\"12818\" data-permalink=\"https:\/\/www.atelier-reklama.sk\/blog\/moj-krekacsky-kroj-a-jeho-prekreslene-vzory-spolu\/5d-oplecko-vysivka-na-pleci-litava-druha-pol-20-stor-vysite-krizikmi-povodny-vlastnik-neznamy\/\" data-orig-file=\"https:\/\/i0.wp.com\/www.atelier-reklama.sk\/blog\/wp-content\/uploads\/2023\/03\/5D-Oplecko-v%C3%BD%C5%A1ivka-na-pleci-Litava-druh%C3%A1-pol.-20.-stor.-vy%C5%A1it%C3%A9-kr%C3%AD%C5%BEikmi-p%C3%B4vodn%C3%BD-vlastn%C3%ADk-nezn%C3%A1my-scaled.jpg?fit=2560%2C1106&amp;ssl=1\" data-orig-size=\"2560,1106\" data-comments-opened=\"1\" data-image-meta=\"{&quot;aperture&quot;:&quot;2&quot;,&quot;credit&quot;:&quot;&quot;,&quot;camera&quot;:&quot;SM-A125F&quot;,&quot;caption&quot;:&quot;&quot;,&quot;created_timestamp&quot;:&quot;1677258835&quot;,&quot;copyright&quot;:&quot;&quot;,&quot;focal_length&quot;:&quot;4.6&quot;,&quot;iso&quot;:&quot;200&quot;,&quot;shutter_speed&quot;:&quot;0.03&quot;,&quot;title&quot;:&quot;&quot;,&quot;orientation&quot;:&quot;1&quot;}\" data-image-title=\"5D-Oplecko-v\u00fd\u0161ivka-na-pleci-Litava-druh\u00e1-pol.-20.-stor.-vy\u0161it\u00e9-kr\u00ed\u017eikmi-p\u00f4vodn\u00fd-vlastn\u00edk-nezn\u00e1my\" data-image-description=\"\" data-image-caption=\"\" data-medium-file=\"https:\/\/i0.wp.com\/www.atelier-reklama.sk\/blog\/wp-content\/uploads\/2023\/03\/5D-Oplecko-v%C3%BD%C5%A1ivka-na-pleci-Litava-druh%C3%A1-pol.-20.-stor.-vy%C5%A1it%C3%A9-kr%C3%AD%C5%BEikmi-p%C3%B4vodn%C3%BD-vlastn%C3%ADk-nezn%C3%A1my-scaled.jpg?fit=300%2C130&amp;ssl=1\" data-large-file=\"https:\/\/i0.wp.com\/www.atelier-reklama.sk\/blog\/wp-content\/uploads\/2023\/03\/5D-Oplecko-v%C3%BD%C5%A1ivka-na-pleci-Litava-druh%C3%A1-pol.-20.-stor.-vy%C5%A1it%C3%A9-kr%C3%AD%C5%BEikmi-p%C3%B4vodn%C3%BD-vlastn%C3%ADk-nezn%C3%A1my-scaled.jpg?fit=800%2C345&amp;ssl=1\" src=\"https:\/\/i0.wp.com\/www.atelier-reklama.sk\/blog\/wp-content\/uploads\/2023\/03\/5D-Oplecko-v%C3%BD%C5%A1ivka-na-pleci-Litava-druh%C3%A1-pol.-20.-stor.-vy%C5%A1it%C3%A9-kr%C3%AD%C5%BEikmi-p%C3%B4vodn%C3%BD-vlastn%C3%ADk-nezn%C3%A1my.jpg?resize=800%2C345&#038;ssl=1\" alt=\"\" class=\"wp-image-12818\" srcset=\"https:\/\/i0.wp.com\/www.atelier-reklama.sk\/blog\/wp-content\/uploads\/2023\/03\/5D-Oplecko-v%C3%BD%C5%A1ivka-na-pleci-Litava-druh%C3%A1-pol.-20.-stor.-vy%C5%A1it%C3%A9-kr%C3%AD%C5%BEikmi-p%C3%B4vodn%C3%BD-vlastn%C3%ADk-nezn%C3%A1my-scaled.jpg?resize=1024%2C442&amp;ssl=1 1024w, https:\/\/i0.wp.com\/www.atelier-reklama.sk\/blog\/wp-content\/uploads\/2023\/03\/5D-Oplecko-v%C3%BD%C5%A1ivka-na-pleci-Litava-druh%C3%A1-pol.-20.-stor.-vy%C5%A1it%C3%A9-kr%C3%AD%C5%BEikmi-p%C3%B4vodn%C3%BD-vlastn%C3%ADk-nezn%C3%A1my-scaled.jpg?resize=300%2C130&amp;ssl=1 300w, https:\/\/i0.wp.com\/www.atelier-reklama.sk\/blog\/wp-content\/uploads\/2023\/03\/5D-Oplecko-v%C3%BD%C5%A1ivka-na-pleci-Litava-druh%C3%A1-pol.-20.-stor.-vy%C5%A1it%C3%A9-kr%C3%AD%C5%BEikmi-p%C3%B4vodn%C3%BD-vlastn%C3%ADk-nezn%C3%A1my-scaled.jpg?resize=768%2C332&amp;ssl=1 768w, https:\/\/i0.wp.com\/www.atelier-reklama.sk\/blog\/wp-content\/uploads\/2023\/03\/5D-Oplecko-v%C3%BD%C5%A1ivka-na-pleci-Litava-druh%C3%A1-pol.-20.-stor.-vy%C5%A1it%C3%A9-kr%C3%AD%C5%BEikmi-p%C3%B4vodn%C3%BD-vlastn%C3%ADk-nezn%C3%A1my-scaled.jpg?resize=1536%2C663&amp;ssl=1 1536w, https:\/\/i0.wp.com\/www.atelier-reklama.sk\/blog\/wp-content\/uploads\/2023\/03\/5D-Oplecko-v%C3%BD%C5%A1ivka-na-pleci-Litava-druh%C3%A1-pol.-20.-stor.-vy%C5%A1it%C3%A9-kr%C3%AD%C5%BEikmi-p%C3%B4vodn%C3%BD-vlastn%C3%ADk-nezn%C3%A1my-scaled.jpg?resize=2048%2C885&amp;ssl=1 2048w, https:\/\/i0.wp.com\/www.atelier-reklama.sk\/blog\/wp-content\/uploads\/2023\/03\/5D-Oplecko-v%C3%BD%C5%A1ivka-na-pleci-Litava-druh%C3%A1-pol.-20.-stor.-vy%C5%A1it%C3%A9-kr%C3%AD%C5%BEikmi-p%C3%B4vodn%C3%BD-vlastn%C3%ADk-nezn%C3%A1my-scaled.jpg?w=1600&amp;ssl=1 1600w, https:\/\/i0.wp.com\/www.atelier-reklama.sk\/blog\/wp-content\/uploads\/2023\/03\/5D-Oplecko-v%C3%BD%C5%A1ivka-na-pleci-Litava-druh%C3%A1-pol.-20.-stor.-vy%C5%A1it%C3%A9-kr%C3%AD%C5%BEikmi-p%C3%B4vodn%C3%BD-vlastn%C3%ADk-nezn%C3%A1my-scaled.jpg?w=2400&amp;ssl=1 2400w\" sizes=\"auto, (max-width: 800px) 100vw, 800px\" \/><\/figure>\n\n\n\n<figure class=\"wp-block-image size-large\"><img data-recalc-dims=\"1\" loading=\"lazy\" decoding=\"async\" width=\"800\" height=\"508\" data-attachment-id=\"12817\" data-permalink=\"https:\/\/www.atelier-reklama.sk\/blog\/moj-krekacsky-kroj-a-jeho-prekreslene-vzory-spolu\/5e-oplecko-detail-vysivky-litava-druha-pol-20-stor-vysite-krizikmi-povodny-vlastnik-neznamy\/\" data-orig-file=\"https:\/\/i0.wp.com\/www.atelier-reklama.sk\/blog\/wp-content\/uploads\/2023\/03\/5E-Oplecko-detail-v%C3%BD%C5%A1ivky-Litava-druh%C3%A1-pol.-20.-stor.-vy%C5%A1it%C3%A9-kr%C3%AD%C5%BEikmi-p%C3%B4vodn%C3%BD-vlastn%C3%ADk-nezn%C3%A1my-scaled.jpg?fit=2560%2C1624&amp;ssl=1\" data-orig-size=\"2560,1624\" data-comments-opened=\"1\" data-image-meta=\"{&quot;aperture&quot;:&quot;2&quot;,&quot;credit&quot;:&quot;&quot;,&quot;camera&quot;:&quot;SM-A125F&quot;,&quot;caption&quot;:&quot;&quot;,&quot;created_timestamp&quot;:&quot;1677258923&quot;,&quot;copyright&quot;:&quot;&quot;,&quot;focal_length&quot;:&quot;4.6&quot;,&quot;iso&quot;:&quot;250&quot;,&quot;shutter_speed&quot;:&quot;0.03&quot;,&quot;title&quot;:&quot;&quot;,&quot;orientation&quot;:&quot;1&quot;}\" data-image-title=\"5E-Oplecko-detail-v\u00fd\u0161ivky-Litava-druh\u00e1-pol.-20.-stor.-vy\u0161it\u00e9-kr\u00ed\u017eikmi-p\u00f4vodn\u00fd-vlastn\u00edk-nezn\u00e1my\" data-image-description=\"\" data-image-caption=\"\" data-medium-file=\"https:\/\/i0.wp.com\/www.atelier-reklama.sk\/blog\/wp-content\/uploads\/2023\/03\/5E-Oplecko-detail-v%C3%BD%C5%A1ivky-Litava-druh%C3%A1-pol.-20.-stor.-vy%C5%A1it%C3%A9-kr%C3%AD%C5%BEikmi-p%C3%B4vodn%C3%BD-vlastn%C3%ADk-nezn%C3%A1my-scaled.jpg?fit=300%2C190&amp;ssl=1\" data-large-file=\"https:\/\/i0.wp.com\/www.atelier-reklama.sk\/blog\/wp-content\/uploads\/2023\/03\/5E-Oplecko-detail-v%C3%BD%C5%A1ivky-Litava-druh%C3%A1-pol.-20.-stor.-vy%C5%A1it%C3%A9-kr%C3%AD%C5%BEikmi-p%C3%B4vodn%C3%BD-vlastn%C3%ADk-nezn%C3%A1my-scaled.jpg?fit=800%2C508&amp;ssl=1\" src=\"https:\/\/i0.wp.com\/www.atelier-reklama.sk\/blog\/wp-content\/uploads\/2023\/03\/5E-Oplecko-detail-v%C3%BD%C5%A1ivky-Litava-druh%C3%A1-pol.-20.-stor.-vy%C5%A1it%C3%A9-kr%C3%AD%C5%BEikmi-p%C3%B4vodn%C3%BD-vlastn%C3%ADk-nezn%C3%A1my.jpg?resize=800%2C508&#038;ssl=1\" alt=\"\" class=\"wp-image-12817\" srcset=\"https:\/\/i0.wp.com\/www.atelier-reklama.sk\/blog\/wp-content\/uploads\/2023\/03\/5E-Oplecko-detail-v%C3%BD%C5%A1ivky-Litava-druh%C3%A1-pol.-20.-stor.-vy%C5%A1it%C3%A9-kr%C3%AD%C5%BEikmi-p%C3%B4vodn%C3%BD-vlastn%C3%ADk-nezn%C3%A1my-scaled.jpg?resize=1024%2C650&amp;ssl=1 1024w, https:\/\/i0.wp.com\/www.atelier-reklama.sk\/blog\/wp-content\/uploads\/2023\/03\/5E-Oplecko-detail-v%C3%BD%C5%A1ivky-Litava-druh%C3%A1-pol.-20.-stor.-vy%C5%A1it%C3%A9-kr%C3%AD%C5%BEikmi-p%C3%B4vodn%C3%BD-vlastn%C3%ADk-nezn%C3%A1my-scaled.jpg?resize=300%2C190&amp;ssl=1 300w, https:\/\/i0.wp.com\/www.atelier-reklama.sk\/blog\/wp-content\/uploads\/2023\/03\/5E-Oplecko-detail-v%C3%BD%C5%A1ivky-Litava-druh%C3%A1-pol.-20.-stor.-vy%C5%A1it%C3%A9-kr%C3%AD%C5%BEikmi-p%C3%B4vodn%C3%BD-vlastn%C3%ADk-nezn%C3%A1my-scaled.jpg?resize=768%2C487&amp;ssl=1 768w, https:\/\/i0.wp.com\/www.atelier-reklama.sk\/blog\/wp-content\/uploads\/2023\/03\/5E-Oplecko-detail-v%C3%BD%C5%A1ivky-Litava-druh%C3%A1-pol.-20.-stor.-vy%C5%A1it%C3%A9-kr%C3%AD%C5%BEikmi-p%C3%B4vodn%C3%BD-vlastn%C3%ADk-nezn%C3%A1my-scaled.jpg?resize=1536%2C974&amp;ssl=1 1536w, https:\/\/i0.wp.com\/www.atelier-reklama.sk\/blog\/wp-content\/uploads\/2023\/03\/5E-Oplecko-detail-v%C3%BD%C5%A1ivky-Litava-druh%C3%A1-pol.-20.-stor.-vy%C5%A1it%C3%A9-kr%C3%AD%C5%BEikmi-p%C3%B4vodn%C3%BD-vlastn%C3%ADk-nezn%C3%A1my-scaled.jpg?resize=2048%2C1299&amp;ssl=1 2048w, https:\/\/i0.wp.com\/www.atelier-reklama.sk\/blog\/wp-content\/uploads\/2023\/03\/5E-Oplecko-detail-v%C3%BD%C5%A1ivky-Litava-druh%C3%A1-pol.-20.-stor.-vy%C5%A1it%C3%A9-kr%C3%AD%C5%BEikmi-p%C3%B4vodn%C3%BD-vlastn%C3%ADk-nezn%C3%A1my-scaled.jpg?w=1600&amp;ssl=1 1600w, https:\/\/i0.wp.com\/www.atelier-reklama.sk\/blog\/wp-content\/uploads\/2023\/03\/5E-Oplecko-detail-v%C3%BD%C5%A1ivky-Litava-druh%C3%A1-pol.-20.-stor.-vy%C5%A1it%C3%A9-kr%C3%AD%C5%BEikmi-p%C3%B4vodn%C3%BD-vlastn%C3%ADk-nezn%C3%A1my-scaled.jpg?w=2400&amp;ssl=1 2400w\" sizes=\"auto, (max-width: 800px) 100vw, 800px\" \/><\/figure>\n\n\n\n<figure class=\"wp-block-image size-large\"><img data-recalc-dims=\"1\" loading=\"lazy\" decoding=\"async\" width=\"800\" height=\"378\" data-attachment-id=\"12819\" data-permalink=\"https:\/\/www.atelier-reklama.sk\/blog\/moj-krekacsky-kroj-a-jeho-prekreslene-vzory-spolu\/5f-oplecko-zakoncenie-rukava-litava-druha-pol-20-stor-vysite-krizikmi-povodny-vlastnik-neznamy\/\" data-orig-file=\"https:\/\/i0.wp.com\/www.atelier-reklama.sk\/blog\/wp-content\/uploads\/2023\/03\/5F-Oplecko-zakon%C4%8Denie-ruk%C3%A1va-Litava-druh%C3%A1-pol.-20.-stor.-vy%C5%A1it%C3%A9-kr%C3%AD%C5%BEikmi-p%C3%B4vodn%C3%BD-vlastn%C3%ADk-nezn%C3%A1my-rotated.jpg?fit=2489%2C1177&amp;ssl=1\" data-orig-size=\"2489,1177\" data-comments-opened=\"1\" data-image-meta=\"{&quot;aperture&quot;:&quot;2&quot;,&quot;credit&quot;:&quot;&quot;,&quot;camera&quot;:&quot;SM-A125F&quot;,&quot;caption&quot;:&quot;&quot;,&quot;created_timestamp&quot;:&quot;1677258944&quot;,&quot;copyright&quot;:&quot;&quot;,&quot;focal_length&quot;:&quot;4.6&quot;,&quot;iso&quot;:&quot;200&quot;,&quot;shutter_speed&quot;:&quot;0.03&quot;,&quot;title&quot;:&quot;&quot;,&quot;orientation&quot;:&quot;1&quot;}\" data-image-title=\"5F-Oplecko-zakon\u010denie-ruk\u00e1va-Litava-druh\u00e1-pol.-20.-stor.-vy\u0161it\u00e9-kr\u00ed\u017eikmi-p\u00f4vodn\u00fd-vlastn\u00edk-nezn\u00e1my\" data-image-description=\"\" data-image-caption=\"\" data-medium-file=\"https:\/\/i0.wp.com\/www.atelier-reklama.sk\/blog\/wp-content\/uploads\/2023\/03\/5F-Oplecko-zakon%C4%8Denie-ruk%C3%A1va-Litava-druh%C3%A1-pol.-20.-stor.-vy%C5%A1it%C3%A9-kr%C3%AD%C5%BEikmi-p%C3%B4vodn%C3%BD-vlastn%C3%ADk-nezn%C3%A1my-rotated.jpg?fit=300%2C142&amp;ssl=1\" data-large-file=\"https:\/\/i0.wp.com\/www.atelier-reklama.sk\/blog\/wp-content\/uploads\/2023\/03\/5F-Oplecko-zakon%C4%8Denie-ruk%C3%A1va-Litava-druh%C3%A1-pol.-20.-stor.-vy%C5%A1it%C3%A9-kr%C3%AD%C5%BEikmi-p%C3%B4vodn%C3%BD-vlastn%C3%ADk-nezn%C3%A1my-rotated.jpg?fit=800%2C378&amp;ssl=1\" src=\"https:\/\/i0.wp.com\/www.atelier-reklama.sk\/blog\/wp-content\/uploads\/2023\/03\/5F-Oplecko-zakon%C4%8Denie-ruk%C3%A1va-Litava-druh%C3%A1-pol.-20.-stor.-vy%C5%A1it%C3%A9-kr%C3%AD%C5%BEikmi-p%C3%B4vodn%C3%BD-vlastn%C3%ADk-nezn%C3%A1my.jpg?resize=800%2C378&#038;ssl=1\" alt=\"\" class=\"wp-image-12819\" srcset=\"https:\/\/i0.wp.com\/www.atelier-reklama.sk\/blog\/wp-content\/uploads\/2023\/03\/5F-Oplecko-zakon%C4%8Denie-ruk%C3%A1va-Litava-druh%C3%A1-pol.-20.-stor.-vy%C5%A1it%C3%A9-kr%C3%AD%C5%BEikmi-p%C3%B4vodn%C3%BD-vlastn%C3%ADk-nezn%C3%A1my-rotated.jpg?resize=1024%2C484&amp;ssl=1 1024w, https:\/\/i0.wp.com\/www.atelier-reklama.sk\/blog\/wp-content\/uploads\/2023\/03\/5F-Oplecko-zakon%C4%8Denie-ruk%C3%A1va-Litava-druh%C3%A1-pol.-20.-stor.-vy%C5%A1it%C3%A9-kr%C3%AD%C5%BEikmi-p%C3%B4vodn%C3%BD-vlastn%C3%ADk-nezn%C3%A1my-rotated.jpg?resize=300%2C142&amp;ssl=1 300w, https:\/\/i0.wp.com\/www.atelier-reklama.sk\/blog\/wp-content\/uploads\/2023\/03\/5F-Oplecko-zakon%C4%8Denie-ruk%C3%A1va-Litava-druh%C3%A1-pol.-20.-stor.-vy%C5%A1it%C3%A9-kr%C3%AD%C5%BEikmi-p%C3%B4vodn%C3%BD-vlastn%C3%ADk-nezn%C3%A1my-rotated.jpg?resize=768%2C363&amp;ssl=1 768w, https:\/\/i0.wp.com\/www.atelier-reklama.sk\/blog\/wp-content\/uploads\/2023\/03\/5F-Oplecko-zakon%C4%8Denie-ruk%C3%A1va-Litava-druh%C3%A1-pol.-20.-stor.-vy%C5%A1it%C3%A9-kr%C3%AD%C5%BEikmi-p%C3%B4vodn%C3%BD-vlastn%C3%ADk-nezn%C3%A1my-rotated.jpg?resize=1536%2C726&amp;ssl=1 1536w, https:\/\/i0.wp.com\/www.atelier-reklama.sk\/blog\/wp-content\/uploads\/2023\/03\/5F-Oplecko-zakon%C4%8Denie-ruk%C3%A1va-Litava-druh%C3%A1-pol.-20.-stor.-vy%C5%A1it%C3%A9-kr%C3%AD%C5%BEikmi-p%C3%B4vodn%C3%BD-vlastn%C3%ADk-nezn%C3%A1my-rotated.jpg?resize=2048%2C968&amp;ssl=1 2048w, https:\/\/i0.wp.com\/www.atelier-reklama.sk\/blog\/wp-content\/uploads\/2023\/03\/5F-Oplecko-zakon%C4%8Denie-ruk%C3%A1va-Litava-druh%C3%A1-pol.-20.-stor.-vy%C5%A1it%C3%A9-kr%C3%AD%C5%BEikmi-p%C3%B4vodn%C3%BD-vlastn%C3%ADk-nezn%C3%A1my-rotated.jpg?w=1600&amp;ssl=1 1600w, https:\/\/i0.wp.com\/www.atelier-reklama.sk\/blog\/wp-content\/uploads\/2023\/03\/5F-Oplecko-zakon%C4%8Denie-ruk%C3%A1va-Litava-druh%C3%A1-pol.-20.-stor.-vy%C5%A1it%C3%A9-kr%C3%AD%C5%BEikmi-p%C3%B4vodn%C3%BD-vlastn%C3%ADk-nezn%C3%A1my-rotated.jpg?w=2400&amp;ssl=1 2400w\" sizes=\"auto, (max-width: 800px) 100vw, 800px\" \/><\/figure>\n\n\n\n<figure class=\"wp-block-image size-large\"><img data-recalc-dims=\"1\" loading=\"lazy\" decoding=\"async\" width=\"800\" height=\"333\" data-attachment-id=\"12820\" data-permalink=\"https:\/\/www.atelier-reklama.sk\/blog\/moj-krekacsky-kroj-a-jeho-prekreslene-vzory-spolu\/5g-oplecko-golierik-spredu-zapinanie-litava-druha-pol-20-stor-vysite-krizikmi-povodny-vlastnik-neznamy\/\" data-orig-file=\"https:\/\/i0.wp.com\/www.atelier-reklama.sk\/blog\/wp-content\/uploads\/2023\/03\/5G-Oplecko-golierik-spredu-zap%C3%ADnanie-Litava-druh%C3%A1-pol.-20.-stor.-vy%C5%A1it%C3%A9-kr%C3%AD%C5%BEikmi-p%C3%B4vodn%C3%BD-vlastn%C3%ADk-nezn%C3%A1my-scaled.jpg?fit=2560%2C1066&amp;ssl=1\" data-orig-size=\"2560,1066\" data-comments-opened=\"1\" data-image-meta=\"{&quot;aperture&quot;:&quot;2&quot;,&quot;credit&quot;:&quot;&quot;,&quot;camera&quot;:&quot;SM-A125F&quot;,&quot;caption&quot;:&quot;&quot;,&quot;created_timestamp&quot;:&quot;1677258976&quot;,&quot;copyright&quot;:&quot;&quot;,&quot;focal_length&quot;:&quot;4.6&quot;,&quot;iso&quot;:&quot;200&quot;,&quot;shutter_speed&quot;:&quot;0.03&quot;,&quot;title&quot;:&quot;&quot;,&quot;orientation&quot;:&quot;1&quot;}\" data-image-title=\"5G-Oplecko-golierik-spredu-zap\u00ednanie-Litava-druh\u00e1-pol.-20.-stor.-vy\u0161it\u00e9-kr\u00ed\u017eikmi-p\u00f4vodn\u00fd-vlastn\u00edk-nezn\u00e1my\" data-image-description=\"\" data-image-caption=\"\" data-medium-file=\"https:\/\/i0.wp.com\/www.atelier-reklama.sk\/blog\/wp-content\/uploads\/2023\/03\/5G-Oplecko-golierik-spredu-zap%C3%ADnanie-Litava-druh%C3%A1-pol.-20.-stor.-vy%C5%A1it%C3%A9-kr%C3%AD%C5%BEikmi-p%C3%B4vodn%C3%BD-vlastn%C3%ADk-nezn%C3%A1my-scaled.jpg?fit=300%2C125&amp;ssl=1\" data-large-file=\"https:\/\/i0.wp.com\/www.atelier-reklama.sk\/blog\/wp-content\/uploads\/2023\/03\/5G-Oplecko-golierik-spredu-zap%C3%ADnanie-Litava-druh%C3%A1-pol.-20.-stor.-vy%C5%A1it%C3%A9-kr%C3%AD%C5%BEikmi-p%C3%B4vodn%C3%BD-vlastn%C3%ADk-nezn%C3%A1my-scaled.jpg?fit=800%2C333&amp;ssl=1\" src=\"https:\/\/i0.wp.com\/www.atelier-reklama.sk\/blog\/wp-content\/uploads\/2023\/03\/5G-Oplecko-golierik-spredu-zap%C3%ADnanie-Litava-druh%C3%A1-pol.-20.-stor.-vy%C5%A1it%C3%A9-kr%C3%AD%C5%BEikmi-p%C3%B4vodn%C3%BD-vlastn%C3%ADk-nezn%C3%A1my.jpg?resize=800%2C333&#038;ssl=1\" alt=\"\" class=\"wp-image-12820\" srcset=\"https:\/\/i0.wp.com\/www.atelier-reklama.sk\/blog\/wp-content\/uploads\/2023\/03\/5G-Oplecko-golierik-spredu-zap%C3%ADnanie-Litava-druh%C3%A1-pol.-20.-stor.-vy%C5%A1it%C3%A9-kr%C3%AD%C5%BEikmi-p%C3%B4vodn%C3%BD-vlastn%C3%ADk-nezn%C3%A1my-scaled.jpg?resize=1024%2C426&amp;ssl=1 1024w, https:\/\/i0.wp.com\/www.atelier-reklama.sk\/blog\/wp-content\/uploads\/2023\/03\/5G-Oplecko-golierik-spredu-zap%C3%ADnanie-Litava-druh%C3%A1-pol.-20.-stor.-vy%C5%A1it%C3%A9-kr%C3%AD%C5%BEikmi-p%C3%B4vodn%C3%BD-vlastn%C3%ADk-nezn%C3%A1my-scaled.jpg?resize=300%2C125&amp;ssl=1 300w, https:\/\/i0.wp.com\/www.atelier-reklama.sk\/blog\/wp-content\/uploads\/2023\/03\/5G-Oplecko-golierik-spredu-zap%C3%ADnanie-Litava-druh%C3%A1-pol.-20.-stor.-vy%C5%A1it%C3%A9-kr%C3%AD%C5%BEikmi-p%C3%B4vodn%C3%BD-vlastn%C3%ADk-nezn%C3%A1my-scaled.jpg?resize=768%2C320&amp;ssl=1 768w, https:\/\/i0.wp.com\/www.atelier-reklama.sk\/blog\/wp-content\/uploads\/2023\/03\/5G-Oplecko-golierik-spredu-zap%C3%ADnanie-Litava-druh%C3%A1-pol.-20.-stor.-vy%C5%A1it%C3%A9-kr%C3%AD%C5%BEikmi-p%C3%B4vodn%C3%BD-vlastn%C3%ADk-nezn%C3%A1my-scaled.jpg?resize=1536%2C639&amp;ssl=1 1536w, https:\/\/i0.wp.com\/www.atelier-reklama.sk\/blog\/wp-content\/uploads\/2023\/03\/5G-Oplecko-golierik-spredu-zap%C3%ADnanie-Litava-druh%C3%A1-pol.-20.-stor.-vy%C5%A1it%C3%A9-kr%C3%AD%C5%BEikmi-p%C3%B4vodn%C3%BD-vlastn%C3%ADk-nezn%C3%A1my-scaled.jpg?resize=2048%2C853&amp;ssl=1 2048w, https:\/\/i0.wp.com\/www.atelier-reklama.sk\/blog\/wp-content\/uploads\/2023\/03\/5G-Oplecko-golierik-spredu-zap%C3%ADnanie-Litava-druh%C3%A1-pol.-20.-stor.-vy%C5%A1it%C3%A9-kr%C3%AD%C5%BEikmi-p%C3%B4vodn%C3%BD-vlastn%C3%ADk-nezn%C3%A1my-scaled.jpg?w=1600&amp;ssl=1 1600w, https:\/\/i0.wp.com\/www.atelier-reklama.sk\/blog\/wp-content\/uploads\/2023\/03\/5G-Oplecko-golierik-spredu-zap%C3%ADnanie-Litava-druh%C3%A1-pol.-20.-stor.-vy%C5%A1it%C3%A9-kr%C3%AD%C5%BEikmi-p%C3%B4vodn%C3%BD-vlastn%C3%ADk-nezn%C3%A1my-scaled.jpg?w=2400&amp;ssl=1 2400w\" sizes=\"auto, (max-width: 800px) 100vw, 800px\" \/><\/figure>\n\n\n\n<figure class=\"wp-block-image size-large\"><img data-recalc-dims=\"1\" loading=\"lazy\" decoding=\"async\" width=\"800\" height=\"290\" data-attachment-id=\"12821\" data-permalink=\"https:\/\/www.atelier-reklama.sk\/blog\/moj-krekacsky-kroj-a-jeho-prekreslene-vzory-spolu\/5h-oplecko-golierik-zozadu-litava-druha-pol-20-stor-vysite-krizikmi-povodny-vlastnik-neznamy\/\" data-orig-file=\"https:\/\/i0.wp.com\/www.atelier-reklama.sk\/blog\/wp-content\/uploads\/2023\/03\/5H-Oplecko-golierik-zozadu-Litava-druh%C3%A1-pol.-20.-stor.-vy%C5%A1it%C3%A9-kr%C3%AD%C5%BEikmi-p%C3%B4vodn%C3%BD-vlastn%C3%ADk-nezn%C3%A1my-scaled.jpg?fit=2560%2C927&amp;ssl=1\" data-orig-size=\"2560,927\" data-comments-opened=\"1\" data-image-meta=\"{&quot;aperture&quot;:&quot;2&quot;,&quot;credit&quot;:&quot;&quot;,&quot;camera&quot;:&quot;SM-A125F&quot;,&quot;caption&quot;:&quot;&quot;,&quot;created_timestamp&quot;:&quot;1677258957&quot;,&quot;copyright&quot;:&quot;&quot;,&quot;focal_length&quot;:&quot;4.6&quot;,&quot;iso&quot;:&quot;200&quot;,&quot;shutter_speed&quot;:&quot;0.03&quot;,&quot;title&quot;:&quot;&quot;,&quot;orientation&quot;:&quot;1&quot;}\" data-image-title=\"5H-Oplecko-golierik-zozadu-Litava-druh\u00e1-pol.-20.-stor.-vy\u0161it\u00e9-kr\u00ed\u017eikmi-p\u00f4vodn\u00fd-vlastn\u00edk-nezn\u00e1my\" data-image-description=\"\" data-image-caption=\"\" data-medium-file=\"https:\/\/i0.wp.com\/www.atelier-reklama.sk\/blog\/wp-content\/uploads\/2023\/03\/5H-Oplecko-golierik-zozadu-Litava-druh%C3%A1-pol.-20.-stor.-vy%C5%A1it%C3%A9-kr%C3%AD%C5%BEikmi-p%C3%B4vodn%C3%BD-vlastn%C3%ADk-nezn%C3%A1my-scaled.jpg?fit=300%2C109&amp;ssl=1\" data-large-file=\"https:\/\/i0.wp.com\/www.atelier-reklama.sk\/blog\/wp-content\/uploads\/2023\/03\/5H-Oplecko-golierik-zozadu-Litava-druh%C3%A1-pol.-20.-stor.-vy%C5%A1it%C3%A9-kr%C3%AD%C5%BEikmi-p%C3%B4vodn%C3%BD-vlastn%C3%ADk-nezn%C3%A1my-scaled.jpg?fit=800%2C290&amp;ssl=1\" src=\"https:\/\/i0.wp.com\/www.atelier-reklama.sk\/blog\/wp-content\/uploads\/2023\/03\/5H-Oplecko-golierik-zozadu-Litava-druh%C3%A1-pol.-20.-stor.-vy%C5%A1it%C3%A9-kr%C3%AD%C5%BEikmi-p%C3%B4vodn%C3%BD-vlastn%C3%ADk-nezn%C3%A1my.jpg?resize=800%2C290&#038;ssl=1\" alt=\"\" class=\"wp-image-12821\" srcset=\"https:\/\/i0.wp.com\/www.atelier-reklama.sk\/blog\/wp-content\/uploads\/2023\/03\/5H-Oplecko-golierik-zozadu-Litava-druh%C3%A1-pol.-20.-stor.-vy%C5%A1it%C3%A9-kr%C3%AD%C5%BEikmi-p%C3%B4vodn%C3%BD-vlastn%C3%ADk-nezn%C3%A1my-scaled.jpg?resize=1024%2C371&amp;ssl=1 1024w, https:\/\/i0.wp.com\/www.atelier-reklama.sk\/blog\/wp-content\/uploads\/2023\/03\/5H-Oplecko-golierik-zozadu-Litava-druh%C3%A1-pol.-20.-stor.-vy%C5%A1it%C3%A9-kr%C3%AD%C5%BEikmi-p%C3%B4vodn%C3%BD-vlastn%C3%ADk-nezn%C3%A1my-scaled.jpg?resize=300%2C109&amp;ssl=1 300w, https:\/\/i0.wp.com\/www.atelier-reklama.sk\/blog\/wp-content\/uploads\/2023\/03\/5H-Oplecko-golierik-zozadu-Litava-druh%C3%A1-pol.-20.-stor.-vy%C5%A1it%C3%A9-kr%C3%AD%C5%BEikmi-p%C3%B4vodn%C3%BD-vlastn%C3%ADk-nezn%C3%A1my-scaled.jpg?resize=768%2C278&amp;ssl=1 768w, https:\/\/i0.wp.com\/www.atelier-reklama.sk\/blog\/wp-content\/uploads\/2023\/03\/5H-Oplecko-golierik-zozadu-Litava-druh%C3%A1-pol.-20.-stor.-vy%C5%A1it%C3%A9-kr%C3%AD%C5%BEikmi-p%C3%B4vodn%C3%BD-vlastn%C3%ADk-nezn%C3%A1my-scaled.jpg?resize=1536%2C556&amp;ssl=1 1536w, https:\/\/i0.wp.com\/www.atelier-reklama.sk\/blog\/wp-content\/uploads\/2023\/03\/5H-Oplecko-golierik-zozadu-Litava-druh%C3%A1-pol.-20.-stor.-vy%C5%A1it%C3%A9-kr%C3%AD%C5%BEikmi-p%C3%B4vodn%C3%BD-vlastn%C3%ADk-nezn%C3%A1my-scaled.jpg?resize=2048%2C741&amp;ssl=1 2048w, https:\/\/i0.wp.com\/www.atelier-reklama.sk\/blog\/wp-content\/uploads\/2023\/03\/5H-Oplecko-golierik-zozadu-Litava-druh%C3%A1-pol.-20.-stor.-vy%C5%A1it%C3%A9-kr%C3%AD%C5%BEikmi-p%C3%B4vodn%C3%BD-vlastn%C3%ADk-nezn%C3%A1my-scaled.jpg?w=1600&amp;ssl=1 1600w, https:\/\/i0.wp.com\/www.atelier-reklama.sk\/blog\/wp-content\/uploads\/2023\/03\/5H-Oplecko-golierik-zozadu-Litava-druh%C3%A1-pol.-20.-stor.-vy%C5%A1it%C3%A9-kr%C3%AD%C5%BEikmi-p%C3%B4vodn%C3%BD-vlastn%C3%ADk-nezn%C3%A1my-scaled.jpg?w=2400&amp;ssl=1 2400w\" sizes=\"auto, (max-width: 800px) 100vw, 800px\" \/><\/figure>\n\n\n\n<figure class=\"wp-block-image size-large\"><img data-recalc-dims=\"1\" loading=\"lazy\" decoding=\"async\" width=\"643\" height=\"1024\" data-attachment-id=\"12822\" data-permalink=\"https:\/\/www.atelier-reklama.sk\/blog\/moj-krekacsky-kroj-a-jeho-prekreslene-vzory-spolu\/5i-oplecko-vystrih-30cm-litava-druha-pol-20-stor-vysite-krizikmi-povodny-vlastnik-neznamy\/\" data-orig-file=\"https:\/\/i0.wp.com\/www.atelier-reklama.sk\/blog\/wp-content\/uploads\/2023\/03\/5I-Oplecko-v%C3%BDstrih-30cm-Litava-druh%C3%A1-pol.-20.-stor.-vy%C5%A1it%C3%A9-kr%C3%AD%C5%BEikmi-p%C3%B4vodn%C3%BD-vlastn%C3%ADk-nezn%C3%A1my-scaled.jpg?fit=1608%2C2560&amp;ssl=1\" data-orig-size=\"1608,2560\" data-comments-opened=\"1\" data-image-meta=\"{&quot;aperture&quot;:&quot;2&quot;,&quot;credit&quot;:&quot;&quot;,&quot;camera&quot;:&quot;SM-A125F&quot;,&quot;caption&quot;:&quot;&quot;,&quot;created_timestamp&quot;:&quot;1677259002&quot;,&quot;copyright&quot;:&quot;&quot;,&quot;focal_length&quot;:&quot;4.6&quot;,&quot;iso&quot;:&quot;200&quot;,&quot;shutter_speed&quot;:&quot;0.03&quot;,&quot;title&quot;:&quot;&quot;,&quot;orientation&quot;:&quot;1&quot;}\" data-image-title=\"5I-Oplecko-v\u00fdstrih-30cm-Litava-druh\u00e1-pol.-20.-stor.-vy\u0161it\u00e9-kr\u00ed\u017eikmi-p\u00f4vodn\u00fd-vlastn\u00edk-nezn\u00e1my\" data-image-description=\"\" data-image-caption=\"\" data-medium-file=\"https:\/\/i0.wp.com\/www.atelier-reklama.sk\/blog\/wp-content\/uploads\/2023\/03\/5I-Oplecko-v%C3%BDstrih-30cm-Litava-druh%C3%A1-pol.-20.-stor.-vy%C5%A1it%C3%A9-kr%C3%AD%C5%BEikmi-p%C3%B4vodn%C3%BD-vlastn%C3%ADk-nezn%C3%A1my-scaled.jpg?fit=188%2C300&amp;ssl=1\" data-large-file=\"https:\/\/i0.wp.com\/www.atelier-reklama.sk\/blog\/wp-content\/uploads\/2023\/03\/5I-Oplecko-v%C3%BDstrih-30cm-Litava-druh%C3%A1-pol.-20.-stor.-vy%C5%A1it%C3%A9-kr%C3%AD%C5%BEikmi-p%C3%B4vodn%C3%BD-vlastn%C3%ADk-nezn%C3%A1my-scaled.jpg?fit=643%2C1024&amp;ssl=1\" src=\"https:\/\/i0.wp.com\/www.atelier-reklama.sk\/blog\/wp-content\/uploads\/2023\/03\/5I-Oplecko-v%C3%BDstrih-30cm-Litava-druh%C3%A1-pol.-20.-stor.-vy%C5%A1it%C3%A9-kr%C3%AD%C5%BEikmi-p%C3%B4vodn%C3%BD-vlastn%C3%ADk-nezn%C3%A1my.jpg?resize=643%2C1024&#038;ssl=1\" alt=\"\" class=\"wp-image-12822\" srcset=\"https:\/\/i0.wp.com\/www.atelier-reklama.sk\/blog\/wp-content\/uploads\/2023\/03\/5I-Oplecko-v%C3%BDstrih-30cm-Litava-druh%C3%A1-pol.-20.-stor.-vy%C5%A1it%C3%A9-kr%C3%AD%C5%BEikmi-p%C3%B4vodn%C3%BD-vlastn%C3%ADk-nezn%C3%A1my-scaled.jpg?resize=643%2C1024&amp;ssl=1 643w, https:\/\/i0.wp.com\/www.atelier-reklama.sk\/blog\/wp-content\/uploads\/2023\/03\/5I-Oplecko-v%C3%BDstrih-30cm-Litava-druh%C3%A1-pol.-20.-stor.-vy%C5%A1it%C3%A9-kr%C3%AD%C5%BEikmi-p%C3%B4vodn%C3%BD-vlastn%C3%ADk-nezn%C3%A1my-scaled.jpg?resize=188%2C300&amp;ssl=1 188w, https:\/\/i0.wp.com\/www.atelier-reklama.sk\/blog\/wp-content\/uploads\/2023\/03\/5I-Oplecko-v%C3%BDstrih-30cm-Litava-druh%C3%A1-pol.-20.-stor.-vy%C5%A1it%C3%A9-kr%C3%AD%C5%BEikmi-p%C3%B4vodn%C3%BD-vlastn%C3%ADk-nezn%C3%A1my-scaled.jpg?resize=768%2C1223&amp;ssl=1 768w, https:\/\/i0.wp.com\/www.atelier-reklama.sk\/blog\/wp-content\/uploads\/2023\/03\/5I-Oplecko-v%C3%BDstrih-30cm-Litava-druh%C3%A1-pol.-20.-stor.-vy%C5%A1it%C3%A9-kr%C3%AD%C5%BEikmi-p%C3%B4vodn%C3%BD-vlastn%C3%ADk-nezn%C3%A1my-scaled.jpg?resize=965%2C1536&amp;ssl=1 965w, https:\/\/i0.wp.com\/www.atelier-reklama.sk\/blog\/wp-content\/uploads\/2023\/03\/5I-Oplecko-v%C3%BDstrih-30cm-Litava-druh%C3%A1-pol.-20.-stor.-vy%C5%A1it%C3%A9-kr%C3%AD%C5%BEikmi-p%C3%B4vodn%C3%BD-vlastn%C3%ADk-nezn%C3%A1my-scaled.jpg?resize=1286%2C2048&amp;ssl=1 1286w, https:\/\/i0.wp.com\/www.atelier-reklama.sk\/blog\/wp-content\/uploads\/2023\/03\/5I-Oplecko-v%C3%BDstrih-30cm-Litava-druh%C3%A1-pol.-20.-stor.-vy%C5%A1it%C3%A9-kr%C3%AD%C5%BEikmi-p%C3%B4vodn%C3%BD-vlastn%C3%ADk-nezn%C3%A1my-scaled.jpg?w=1608&amp;ssl=1 1608w\" sizes=\"auto, (max-width: 643px) 100vw, 643px\" \/><\/figure>\n\n\n\n<p>Skladanie oplecka<\/p>\n\n\n\n<figure class=\"wp-block-image size-large\"><img data-recalc-dims=\"1\" loading=\"lazy\" decoding=\"async\" width=\"800\" height=\"600\" data-attachment-id=\"12834\" data-permalink=\"https:\/\/www.atelier-reklama.sk\/blog\/moj-krekacsky-kroj-a-jeho-prekreslene-vzory-spolu\/7a-oplecko-skladanie\/\" data-orig-file=\"https:\/\/i0.wp.com\/www.atelier-reklama.sk\/blog\/wp-content\/uploads\/2023\/03\/7A-Oplecko-skladanie-scaled.jpg?fit=2560%2C1920&amp;ssl=1\" data-orig-size=\"2560,1920\" data-comments-opened=\"1\" data-image-meta=\"{&quot;aperture&quot;:&quot;2&quot;,&quot;credit&quot;:&quot;&quot;,&quot;camera&quot;:&quot;SM-A125F&quot;,&quot;caption&quot;:&quot;&quot;,&quot;created_timestamp&quot;:&quot;1677259066&quot;,&quot;copyright&quot;:&quot;&quot;,&quot;focal_length&quot;:&quot;4.6&quot;,&quot;iso&quot;:&quot;160&quot;,&quot;shutter_speed&quot;:&quot;0.030002&quot;,&quot;title&quot;:&quot;&quot;,&quot;orientation&quot;:&quot;1&quot;}\" data-image-title=\"7A-Oplecko-skladanie\" data-image-description=\"\" data-image-caption=\"\" data-medium-file=\"https:\/\/i0.wp.com\/www.atelier-reklama.sk\/blog\/wp-content\/uploads\/2023\/03\/7A-Oplecko-skladanie-scaled.jpg?fit=300%2C225&amp;ssl=1\" data-large-file=\"https:\/\/i0.wp.com\/www.atelier-reklama.sk\/blog\/wp-content\/uploads\/2023\/03\/7A-Oplecko-skladanie-scaled.jpg?fit=800%2C600&amp;ssl=1\" src=\"https:\/\/i0.wp.com\/www.atelier-reklama.sk\/blog\/wp-content\/uploads\/2023\/03\/7A-Oplecko-skladanie.jpg?resize=800%2C600&#038;ssl=1\" alt=\"\" class=\"wp-image-12834\" srcset=\"https:\/\/i0.wp.com\/www.atelier-reklama.sk\/blog\/wp-content\/uploads\/2023\/03\/7A-Oplecko-skladanie-scaled.jpg?resize=1024%2C768&amp;ssl=1 1024w, https:\/\/i0.wp.com\/www.atelier-reklama.sk\/blog\/wp-content\/uploads\/2023\/03\/7A-Oplecko-skladanie-scaled.jpg?resize=300%2C225&amp;ssl=1 300w, https:\/\/i0.wp.com\/www.atelier-reklama.sk\/blog\/wp-content\/uploads\/2023\/03\/7A-Oplecko-skladanie-scaled.jpg?resize=768%2C576&amp;ssl=1 768w, https:\/\/i0.wp.com\/www.atelier-reklama.sk\/blog\/wp-content\/uploads\/2023\/03\/7A-Oplecko-skladanie-scaled.jpg?resize=1536%2C1152&amp;ssl=1 1536w, https:\/\/i0.wp.com\/www.atelier-reklama.sk\/blog\/wp-content\/uploads\/2023\/03\/7A-Oplecko-skladanie-scaled.jpg?resize=2048%2C1536&amp;ssl=1 2048w, https:\/\/i0.wp.com\/www.atelier-reklama.sk\/blog\/wp-content\/uploads\/2023\/03\/7A-Oplecko-skladanie-scaled.jpg?w=1600&amp;ssl=1 1600w, https:\/\/i0.wp.com\/www.atelier-reklama.sk\/blog\/wp-content\/uploads\/2023\/03\/7A-Oplecko-skladanie-scaled.jpg?w=2400&amp;ssl=1 2400w\" sizes=\"auto, (max-width: 800px) 100vw, 800px\" \/><\/figure>\n\n\n\n<figure class=\"wp-block-image size-large\"><img data-recalc-dims=\"1\" loading=\"lazy\" decoding=\"async\" width=\"800\" height=\"600\" data-attachment-id=\"12835\" data-permalink=\"https:\/\/www.atelier-reklama.sk\/blog\/moj-krekacsky-kroj-a-jeho-prekreslene-vzory-spolu\/7b-oplecko-skladanie\/\" data-orig-file=\"https:\/\/i0.wp.com\/www.atelier-reklama.sk\/blog\/wp-content\/uploads\/2023\/03\/7B-Oplecko-skladanie-scaled.jpg?fit=2560%2C1920&amp;ssl=1\" data-orig-size=\"2560,1920\" data-comments-opened=\"1\" data-image-meta=\"{&quot;aperture&quot;:&quot;2&quot;,&quot;credit&quot;:&quot;&quot;,&quot;camera&quot;:&quot;SM-A125F&quot;,&quot;caption&quot;:&quot;&quot;,&quot;created_timestamp&quot;:&quot;1677259091&quot;,&quot;copyright&quot;:&quot;&quot;,&quot;focal_length&quot;:&quot;4.6&quot;,&quot;iso&quot;:&quot;160&quot;,&quot;shutter_speed&quot;:&quot;0.030002&quot;,&quot;title&quot;:&quot;&quot;,&quot;orientation&quot;:&quot;1&quot;}\" data-image-title=\"7B-Oplecko-skladanie\" data-image-description=\"\" data-image-caption=\"\" data-medium-file=\"https:\/\/i0.wp.com\/www.atelier-reklama.sk\/blog\/wp-content\/uploads\/2023\/03\/7B-Oplecko-skladanie-scaled.jpg?fit=300%2C225&amp;ssl=1\" data-large-file=\"https:\/\/i0.wp.com\/www.atelier-reklama.sk\/blog\/wp-content\/uploads\/2023\/03\/7B-Oplecko-skladanie-scaled.jpg?fit=800%2C600&amp;ssl=1\" src=\"https:\/\/i0.wp.com\/www.atelier-reklama.sk\/blog\/wp-content\/uploads\/2023\/03\/7B-Oplecko-skladanie.jpg?resize=800%2C600&#038;ssl=1\" alt=\"\" class=\"wp-image-12835\" srcset=\"https:\/\/i0.wp.com\/www.atelier-reklama.sk\/blog\/wp-content\/uploads\/2023\/03\/7B-Oplecko-skladanie-scaled.jpg?resize=1024%2C768&amp;ssl=1 1024w, https:\/\/i0.wp.com\/www.atelier-reklama.sk\/blog\/wp-content\/uploads\/2023\/03\/7B-Oplecko-skladanie-scaled.jpg?resize=300%2C225&amp;ssl=1 300w, https:\/\/i0.wp.com\/www.atelier-reklama.sk\/blog\/wp-content\/uploads\/2023\/03\/7B-Oplecko-skladanie-scaled.jpg?resize=768%2C576&amp;ssl=1 768w, https:\/\/i0.wp.com\/www.atelier-reklama.sk\/blog\/wp-content\/uploads\/2023\/03\/7B-Oplecko-skladanie-scaled.jpg?resize=1536%2C1152&amp;ssl=1 1536w, https:\/\/i0.wp.com\/www.atelier-reklama.sk\/blog\/wp-content\/uploads\/2023\/03\/7B-Oplecko-skladanie-scaled.jpg?resize=2048%2C1536&amp;ssl=1 2048w, https:\/\/i0.wp.com\/www.atelier-reklama.sk\/blog\/wp-content\/uploads\/2023\/03\/7B-Oplecko-skladanie-scaled.jpg?w=1600&amp;ssl=1 1600w, https:\/\/i0.wp.com\/www.atelier-reklama.sk\/blog\/wp-content\/uploads\/2023\/03\/7B-Oplecko-skladanie-scaled.jpg?w=2400&amp;ssl=1 2400w\" sizes=\"auto, (max-width: 800px) 100vw, 800px\" \/><\/figure>\n\n\n\n<figure class=\"wp-block-image size-large\"><img data-recalc-dims=\"1\" loading=\"lazy\" decoding=\"async\" width=\"800\" height=\"346\" data-attachment-id=\"12836\" data-permalink=\"https:\/\/www.atelier-reklama.sk\/blog\/moj-krekacsky-kroj-a-jeho-prekreslene-vzory-spolu\/7c-oplecko-dokoncenie-skladania\/\" data-orig-file=\"https:\/\/i0.wp.com\/www.atelier-reklama.sk\/blog\/wp-content\/uploads\/2023\/03\/7C-Oplecko-dokon%C4%8Denie-skladania-scaled.jpg?fit=2560%2C1108&amp;ssl=1\" data-orig-size=\"2560,1108\" data-comments-opened=\"1\" data-image-meta=\"{&quot;aperture&quot;:&quot;2&quot;,&quot;credit&quot;:&quot;&quot;,&quot;camera&quot;:&quot;SM-A125F&quot;,&quot;caption&quot;:&quot;&quot;,&quot;created_timestamp&quot;:&quot;1677259118&quot;,&quot;copyright&quot;:&quot;&quot;,&quot;focal_length&quot;:&quot;4.6&quot;,&quot;iso&quot;:&quot;200&quot;,&quot;shutter_speed&quot;:&quot;0.03&quot;,&quot;title&quot;:&quot;&quot;,&quot;orientation&quot;:&quot;1&quot;}\" data-image-title=\"7C-Oplecko-dokon\u010denie-skladania\" data-image-description=\"\" data-image-caption=\"\" data-medium-file=\"https:\/\/i0.wp.com\/www.atelier-reklama.sk\/blog\/wp-content\/uploads\/2023\/03\/7C-Oplecko-dokon%C4%8Denie-skladania-scaled.jpg?fit=300%2C130&amp;ssl=1\" data-large-file=\"https:\/\/i0.wp.com\/www.atelier-reklama.sk\/blog\/wp-content\/uploads\/2023\/03\/7C-Oplecko-dokon%C4%8Denie-skladania-scaled.jpg?fit=800%2C346&amp;ssl=1\" src=\"https:\/\/i0.wp.com\/www.atelier-reklama.sk\/blog\/wp-content\/uploads\/2023\/03\/7C-Oplecko-dokon%C4%8Denie-skladania.jpg?resize=800%2C346&#038;ssl=1\" alt=\"\" class=\"wp-image-12836\" srcset=\"https:\/\/i0.wp.com\/www.atelier-reklama.sk\/blog\/wp-content\/uploads\/2023\/03\/7C-Oplecko-dokon%C4%8Denie-skladania-scaled.jpg?resize=1024%2C443&amp;ssl=1 1024w, https:\/\/i0.wp.com\/www.atelier-reklama.sk\/blog\/wp-content\/uploads\/2023\/03\/7C-Oplecko-dokon%C4%8Denie-skladania-scaled.jpg?resize=300%2C130&amp;ssl=1 300w, https:\/\/i0.wp.com\/www.atelier-reklama.sk\/blog\/wp-content\/uploads\/2023\/03\/7C-Oplecko-dokon%C4%8Denie-skladania-scaled.jpg?resize=768%2C332&amp;ssl=1 768w, https:\/\/i0.wp.com\/www.atelier-reklama.sk\/blog\/wp-content\/uploads\/2023\/03\/7C-Oplecko-dokon%C4%8Denie-skladania-scaled.jpg?resize=1536%2C665&amp;ssl=1 1536w, https:\/\/i0.wp.com\/www.atelier-reklama.sk\/blog\/wp-content\/uploads\/2023\/03\/7C-Oplecko-dokon%C4%8Denie-skladania-scaled.jpg?resize=2048%2C886&amp;ssl=1 2048w, https:\/\/i0.wp.com\/www.atelier-reklama.sk\/blog\/wp-content\/uploads\/2023\/03\/7C-Oplecko-dokon%C4%8Denie-skladania-scaled.jpg?w=1600&amp;ssl=1 1600w, https:\/\/i0.wp.com\/www.atelier-reklama.sk\/blog\/wp-content\/uploads\/2023\/03\/7C-Oplecko-dokon%C4%8Denie-skladania-scaled.jpg?w=2400&amp;ssl=1 2400w\" sizes=\"auto, (max-width: 800px) 100vw, 800px\" \/><\/figure>\n\n\n\n<p>6. oplecko z Kozieho Vrbovka vy\u0161it\u00e9 krivou ihlou, p\u00f4vodn\u00fd vlastn\u00edk nezn\u00e1my, predpoklad\u00e1m, \u017ee bolo vy\u0161it\u00e9 v polovici 20. stor. <\/p>\n\n\n\n<figure class=\"wp-block-image aligncenter size-large\"><img data-recalc-dims=\"1\" loading=\"lazy\" decoding=\"async\" width=\"800\" height=\"466\" data-attachment-id=\"14227\" data-permalink=\"https:\/\/www.atelier-reklama.sk\/blog\/oplecko-z-kozieho-vrbovka\/oplecko-kozi-vrbovok-spredu-cele\/\" data-orig-file=\"https:\/\/i0.wp.com\/www.atelier-reklama.sk\/blog\/wp-content\/uploads\/2024\/03\/Oplecko-Koz%C3%AD-Vrbovok-spredu-cele.jpg?fit=1981%2C1155&amp;ssl=1\" data-orig-size=\"1981,1155\" data-comments-opened=\"1\" data-image-meta=\"{&quot;aperture&quot;:&quot;0&quot;,&quot;credit&quot;:&quot;&quot;,&quot;camera&quot;:&quot;&quot;,&quot;caption&quot;:&quot;&quot;,&quot;created_timestamp&quot;:&quot;0&quot;,&quot;copyright&quot;:&quot;&quot;,&quot;focal_length&quot;:&quot;0&quot;,&quot;iso&quot;:&quot;0&quot;,&quot;shutter_speed&quot;:&quot;0&quot;,&quot;title&quot;:&quot;&quot;,&quot;orientation&quot;:&quot;0&quot;}\" data-image-title=\"Oplecko-Koz\u00ed-Vrbovok-spredu-cele\" data-image-description=\"\" data-image-caption=\"\" data-medium-file=\"https:\/\/i0.wp.com\/www.atelier-reklama.sk\/blog\/wp-content\/uploads\/2024\/03\/Oplecko-Koz%C3%AD-Vrbovok-spredu-cele.jpg?fit=300%2C175&amp;ssl=1\" data-large-file=\"https:\/\/i0.wp.com\/www.atelier-reklama.sk\/blog\/wp-content\/uploads\/2024\/03\/Oplecko-Koz%C3%AD-Vrbovok-spredu-cele.jpg?fit=800%2C466&amp;ssl=1\" src=\"https:\/\/i0.wp.com\/www.atelier-reklama.sk\/blog\/wp-content\/uploads\/2024\/03\/Oplecko-Koz%C3%AD-Vrbovok-spredu-cele.jpg?resize=800%2C466&#038;ssl=1\" alt=\"\" class=\"wp-image-14227\" srcset=\"https:\/\/i0.wp.com\/www.atelier-reklama.sk\/blog\/wp-content\/uploads\/2024\/03\/Oplecko-Koz%C3%AD-Vrbovok-spredu-cele.jpg?resize=1024%2C597&amp;ssl=1 1024w, https:\/\/i0.wp.com\/www.atelier-reklama.sk\/blog\/wp-content\/uploads\/2024\/03\/Oplecko-Koz%C3%AD-Vrbovok-spredu-cele.jpg?resize=300%2C175&amp;ssl=1 300w, https:\/\/i0.wp.com\/www.atelier-reklama.sk\/blog\/wp-content\/uploads\/2024\/03\/Oplecko-Koz%C3%AD-Vrbovok-spredu-cele.jpg?resize=768%2C448&amp;ssl=1 768w, https:\/\/i0.wp.com\/www.atelier-reklama.sk\/blog\/wp-content\/uploads\/2024\/03\/Oplecko-Koz%C3%AD-Vrbovok-spredu-cele.jpg?resize=1536%2C896&amp;ssl=1 1536w, https:\/\/i0.wp.com\/www.atelier-reklama.sk\/blog\/wp-content\/uploads\/2024\/03\/Oplecko-Koz%C3%AD-Vrbovok-spredu-cele.jpg?w=1981&amp;ssl=1 1981w, https:\/\/i0.wp.com\/www.atelier-reklama.sk\/blog\/wp-content\/uploads\/2024\/03\/Oplecko-Koz%C3%AD-Vrbovok-spredu-cele.jpg?w=1600&amp;ssl=1 1600w\" sizes=\"auto, (max-width: 800px) 100vw, 800px\" \/><\/figure>\n\n\n\n<figure class=\"wp-block-image aligncenter size-large\"><img data-recalc-dims=\"1\" loading=\"lazy\" decoding=\"async\" width=\"800\" height=\"537\" data-attachment-id=\"14228\" data-permalink=\"https:\/\/www.atelier-reklama.sk\/blog\/oplecko-z-kozieho-vrbovka\/oplecko-kozi-vrbovok-zo-zadu\/\" data-orig-file=\"https:\/\/i0.wp.com\/www.atelier-reklama.sk\/blog\/wp-content\/uploads\/2024\/03\/Oplecko-Koz%C3%AD-Vrbovok-zo-zadu.jpg?fit=1757%2C1179&amp;ssl=1\" data-orig-size=\"1757,1179\" data-comments-opened=\"1\" data-image-meta=\"{&quot;aperture&quot;:&quot;0&quot;,&quot;credit&quot;:&quot;&quot;,&quot;camera&quot;:&quot;&quot;,&quot;caption&quot;:&quot;&quot;,&quot;created_timestamp&quot;:&quot;0&quot;,&quot;copyright&quot;:&quot;&quot;,&quot;focal_length&quot;:&quot;0&quot;,&quot;iso&quot;:&quot;0&quot;,&quot;shutter_speed&quot;:&quot;0&quot;,&quot;title&quot;:&quot;&quot;,&quot;orientation&quot;:&quot;0&quot;}\" data-image-title=\"Oplecko-Koz\u00ed-Vrbovok-zo-zadu\" data-image-description=\"\" data-image-caption=\"\" data-medium-file=\"https:\/\/i0.wp.com\/www.atelier-reklama.sk\/blog\/wp-content\/uploads\/2024\/03\/Oplecko-Koz%C3%AD-Vrbovok-zo-zadu.jpg?fit=300%2C201&amp;ssl=1\" data-large-file=\"https:\/\/i0.wp.com\/www.atelier-reklama.sk\/blog\/wp-content\/uploads\/2024\/03\/Oplecko-Koz%C3%AD-Vrbovok-zo-zadu.jpg?fit=800%2C537&amp;ssl=1\" src=\"https:\/\/i0.wp.com\/www.atelier-reklama.sk\/blog\/wp-content\/uploads\/2024\/03\/Oplecko-Koz%C3%AD-Vrbovok-zo-zadu.jpg?resize=800%2C537&#038;ssl=1\" alt=\"\" class=\"wp-image-14228\" srcset=\"https:\/\/i0.wp.com\/www.atelier-reklama.sk\/blog\/wp-content\/uploads\/2024\/03\/Oplecko-Koz%C3%AD-Vrbovok-zo-zadu.jpg?resize=1024%2C687&amp;ssl=1 1024w, https:\/\/i0.wp.com\/www.atelier-reklama.sk\/blog\/wp-content\/uploads\/2024\/03\/Oplecko-Koz%C3%AD-Vrbovok-zo-zadu.jpg?resize=300%2C201&amp;ssl=1 300w, https:\/\/i0.wp.com\/www.atelier-reklama.sk\/blog\/wp-content\/uploads\/2024\/03\/Oplecko-Koz%C3%AD-Vrbovok-zo-zadu.jpg?resize=768%2C515&amp;ssl=1 768w, https:\/\/i0.wp.com\/www.atelier-reklama.sk\/blog\/wp-content\/uploads\/2024\/03\/Oplecko-Koz%C3%AD-Vrbovok-zo-zadu.jpg?resize=1536%2C1031&amp;ssl=1 1536w, https:\/\/i0.wp.com\/www.atelier-reklama.sk\/blog\/wp-content\/uploads\/2024\/03\/Oplecko-Koz%C3%AD-Vrbovok-zo-zadu.jpg?w=1757&amp;ssl=1 1757w, https:\/\/i0.wp.com\/www.atelier-reklama.sk\/blog\/wp-content\/uploads\/2024\/03\/Oplecko-Koz%C3%AD-Vrbovok-zo-zadu.jpg?w=1600&amp;ssl=1 1600w\" sizes=\"auto, (max-width: 800px) 100vw, 800px\" \/><\/figure>\n\n\n\n<figure class=\"wp-block-image aligncenter size-large\"><img data-recalc-dims=\"1\" loading=\"lazy\" decoding=\"async\" width=\"800\" height=\"982\" data-attachment-id=\"14229\" data-permalink=\"https:\/\/www.atelier-reklama.sk\/blog\/oplecko-z-kozieho-vrbovka\/oplecko-kozi-vrbovok-ranceky\/\" data-orig-file=\"https:\/\/i0.wp.com\/www.atelier-reklama.sk\/blog\/wp-content\/uploads\/2024\/03\/Oplecko-Koz%C3%AD-Vrbovok-ran%C4%8Deky.jpg?fit=1667%2C2048&amp;ssl=1\" data-orig-size=\"1667,2048\" data-comments-opened=\"1\" data-image-meta=\"{&quot;aperture&quot;:&quot;0&quot;,&quot;credit&quot;:&quot;&quot;,&quot;camera&quot;:&quot;&quot;,&quot;caption&quot;:&quot;&quot;,&quot;created_timestamp&quot;:&quot;0&quot;,&quot;copyright&quot;:&quot;&quot;,&quot;focal_length&quot;:&quot;0&quot;,&quot;iso&quot;:&quot;0&quot;,&quot;shutter_speed&quot;:&quot;0&quot;,&quot;title&quot;:&quot;&quot;,&quot;orientation&quot;:&quot;0&quot;}\" data-image-title=\"Oplecko-Koz\u00ed-Vrbovok-ran\u010deky\" data-image-description=\"\" data-image-caption=\"\" data-medium-file=\"https:\/\/i0.wp.com\/www.atelier-reklama.sk\/blog\/wp-content\/uploads\/2024\/03\/Oplecko-Koz%C3%AD-Vrbovok-ran%C4%8Deky.jpg?fit=244%2C300&amp;ssl=1\" data-large-file=\"https:\/\/i0.wp.com\/www.atelier-reklama.sk\/blog\/wp-content\/uploads\/2024\/03\/Oplecko-Koz%C3%AD-Vrbovok-ran%C4%8Deky.jpg?fit=800%2C982&amp;ssl=1\" src=\"https:\/\/i0.wp.com\/www.atelier-reklama.sk\/blog\/wp-content\/uploads\/2024\/03\/Oplecko-Koz%C3%AD-Vrbovok-ran%C4%8Deky.jpg?resize=800%2C982&#038;ssl=1\" alt=\"\" class=\"wp-image-14229\" srcset=\"https:\/\/i0.wp.com\/www.atelier-reklama.sk\/blog\/wp-content\/uploads\/2024\/03\/Oplecko-Koz%C3%AD-Vrbovok-ran%C4%8Deky.jpg?resize=834%2C1024&amp;ssl=1 834w, https:\/\/i0.wp.com\/www.atelier-reklama.sk\/blog\/wp-content\/uploads\/2024\/03\/Oplecko-Koz%C3%AD-Vrbovok-ran%C4%8Deky.jpg?resize=244%2C300&amp;ssl=1 244w, https:\/\/i0.wp.com\/www.atelier-reklama.sk\/blog\/wp-content\/uploads\/2024\/03\/Oplecko-Koz%C3%AD-Vrbovok-ran%C4%8Deky.jpg?resize=768%2C944&amp;ssl=1 768w, https:\/\/i0.wp.com\/www.atelier-reklama.sk\/blog\/wp-content\/uploads\/2024\/03\/Oplecko-Koz%C3%AD-Vrbovok-ran%C4%8Deky.jpg?resize=1250%2C1536&amp;ssl=1 1250w, https:\/\/i0.wp.com\/www.atelier-reklama.sk\/blog\/wp-content\/uploads\/2024\/03\/Oplecko-Koz%C3%AD-Vrbovok-ran%C4%8Deky.jpg?w=1667&amp;ssl=1 1667w, https:\/\/i0.wp.com\/www.atelier-reklama.sk\/blog\/wp-content\/uploads\/2024\/03\/Oplecko-Koz%C3%AD-Vrbovok-ran%C4%8Deky.jpg?w=1600&amp;ssl=1 1600w\" sizes=\"auto, (max-width: 800px) 100vw, 800px\" \/><\/figure>\n\n\n\n<figure class=\"wp-block-image aligncenter size-large\"><img data-recalc-dims=\"1\" loading=\"lazy\" decoding=\"async\" width=\"710\" height=\"1024\" data-attachment-id=\"14230\" data-permalink=\"https:\/\/www.atelier-reklama.sk\/blog\/oplecko-z-kozieho-vrbovka\/oplecko-kozi-vrbovok-golierik\/\" data-orig-file=\"https:\/\/i0.wp.com\/www.atelier-reklama.sk\/blog\/wp-content\/uploads\/2024\/03\/Oplecko-Koz%C3%AD-Vrbovok-golierik.jpg?fit=1419%2C2048&amp;ssl=1\" data-orig-size=\"1419,2048\" data-comments-opened=\"1\" data-image-meta=\"{&quot;aperture&quot;:&quot;0&quot;,&quot;credit&quot;:&quot;&quot;,&quot;camera&quot;:&quot;&quot;,&quot;caption&quot;:&quot;&quot;,&quot;created_timestamp&quot;:&quot;0&quot;,&quot;copyright&quot;:&quot;&quot;,&quot;focal_length&quot;:&quot;0&quot;,&quot;iso&quot;:&quot;0&quot;,&quot;shutter_speed&quot;:&quot;0&quot;,&quot;title&quot;:&quot;&quot;,&quot;orientation&quot;:&quot;0&quot;}\" data-image-title=\"Oplecko-Koz\u00ed-Vrbovok-golierik\" data-image-description=\"\" data-image-caption=\"\" data-medium-file=\"https:\/\/i0.wp.com\/www.atelier-reklama.sk\/blog\/wp-content\/uploads\/2024\/03\/Oplecko-Koz%C3%AD-Vrbovok-golierik.jpg?fit=208%2C300&amp;ssl=1\" data-large-file=\"https:\/\/i0.wp.com\/www.atelier-reklama.sk\/blog\/wp-content\/uploads\/2024\/03\/Oplecko-Koz%C3%AD-Vrbovok-golierik.jpg?fit=710%2C1024&amp;ssl=1\" src=\"https:\/\/i0.wp.com\/www.atelier-reklama.sk\/blog\/wp-content\/uploads\/2024\/03\/Oplecko-Koz%C3%AD-Vrbovok-golierik.jpg?resize=710%2C1024&#038;ssl=1\" alt=\"\" class=\"wp-image-14230\" srcset=\"https:\/\/i0.wp.com\/www.atelier-reklama.sk\/blog\/wp-content\/uploads\/2024\/03\/Oplecko-Koz%C3%AD-Vrbovok-golierik.jpg?resize=710%2C1024&amp;ssl=1 710w, https:\/\/i0.wp.com\/www.atelier-reklama.sk\/blog\/wp-content\/uploads\/2024\/03\/Oplecko-Koz%C3%AD-Vrbovok-golierik.jpg?resize=208%2C300&amp;ssl=1 208w, https:\/\/i0.wp.com\/www.atelier-reklama.sk\/blog\/wp-content\/uploads\/2024\/03\/Oplecko-Koz%C3%AD-Vrbovok-golierik.jpg?resize=768%2C1108&amp;ssl=1 768w, https:\/\/i0.wp.com\/www.atelier-reklama.sk\/blog\/wp-content\/uploads\/2024\/03\/Oplecko-Koz%C3%AD-Vrbovok-golierik.jpg?resize=1064%2C1536&amp;ssl=1 1064w, https:\/\/i0.wp.com\/www.atelier-reklama.sk\/blog\/wp-content\/uploads\/2024\/03\/Oplecko-Koz%C3%AD-Vrbovok-golierik.jpg?w=1419&amp;ssl=1 1419w\" sizes=\"auto, (max-width: 710px) 100vw, 710px\" \/><\/figure>\n\n\n\n<figure class=\"wp-block-image aligncenter size-large\"><img data-recalc-dims=\"1\" loading=\"lazy\" decoding=\"async\" width=\"800\" height=\"804\" data-attachment-id=\"14231\" data-permalink=\"https:\/\/www.atelier-reklama.sk\/blog\/oplecko-z-kozieho-vrbovka\/oplecko-kozi-vrbovok-koniec-rukava\/\" data-orig-file=\"https:\/\/i0.wp.com\/www.atelier-reklama.sk\/blog\/wp-content\/uploads\/2024\/03\/Oplecko-Koz%C3%AD-Vrbovok-koniec-ruk%C3%A1va..jpg?fit=2037%2C2048&amp;ssl=1\" data-orig-size=\"2037,2048\" data-comments-opened=\"1\" data-image-meta=\"{&quot;aperture&quot;:&quot;0&quot;,&quot;credit&quot;:&quot;&quot;,&quot;camera&quot;:&quot;&quot;,&quot;caption&quot;:&quot;&quot;,&quot;created_timestamp&quot;:&quot;0&quot;,&quot;copyright&quot;:&quot;&quot;,&quot;focal_length&quot;:&quot;0&quot;,&quot;iso&quot;:&quot;0&quot;,&quot;shutter_speed&quot;:&quot;0&quot;,&quot;title&quot;:&quot;&quot;,&quot;orientation&quot;:&quot;0&quot;}\" data-image-title=\"Oplecko-Koz\u00ed-Vrbovok-koniec-ruk\u00e1va.\" data-image-description=\"\" data-image-caption=\"\" data-medium-file=\"https:\/\/i0.wp.com\/www.atelier-reklama.sk\/blog\/wp-content\/uploads\/2024\/03\/Oplecko-Koz%C3%AD-Vrbovok-koniec-ruk%C3%A1va..jpg?fit=298%2C300&amp;ssl=1\" data-large-file=\"https:\/\/i0.wp.com\/www.atelier-reklama.sk\/blog\/wp-content\/uploads\/2024\/03\/Oplecko-Koz%C3%AD-Vrbovok-koniec-ruk%C3%A1va..jpg?fit=800%2C804&amp;ssl=1\" src=\"https:\/\/i0.wp.com\/www.atelier-reklama.sk\/blog\/wp-content\/uploads\/2024\/03\/Oplecko-Koz%C3%AD-Vrbovok-koniec-ruk%C3%A1va..jpg?resize=800%2C804&#038;ssl=1\" alt=\"\" class=\"wp-image-14231\" srcset=\"https:\/\/i0.wp.com\/www.atelier-reklama.sk\/blog\/wp-content\/uploads\/2024\/03\/Oplecko-Koz%C3%AD-Vrbovok-koniec-ruk%C3%A1va..jpg?resize=1019%2C1024&amp;ssl=1 1019w, https:\/\/i0.wp.com\/www.atelier-reklama.sk\/blog\/wp-content\/uploads\/2024\/03\/Oplecko-Koz%C3%AD-Vrbovok-koniec-ruk%C3%A1va..jpg?resize=298%2C300&amp;ssl=1 298w, https:\/\/i0.wp.com\/www.atelier-reklama.sk\/blog\/wp-content\/uploads\/2024\/03\/Oplecko-Koz%C3%AD-Vrbovok-koniec-ruk%C3%A1va..jpg?resize=150%2C150&amp;ssl=1 150w, https:\/\/i0.wp.com\/www.atelier-reklama.sk\/blog\/wp-content\/uploads\/2024\/03\/Oplecko-Koz%C3%AD-Vrbovok-koniec-ruk%C3%A1va..jpg?resize=768%2C772&amp;ssl=1 768w, https:\/\/i0.wp.com\/www.atelier-reklama.sk\/blog\/wp-content\/uploads\/2024\/03\/Oplecko-Koz%C3%AD-Vrbovok-koniec-ruk%C3%A1va..jpg?resize=1528%2C1536&amp;ssl=1 1528w, https:\/\/i0.wp.com\/www.atelier-reklama.sk\/blog\/wp-content\/uploads\/2024\/03\/Oplecko-Koz%C3%AD-Vrbovok-koniec-ruk%C3%A1va..jpg?w=2037&amp;ssl=1 2037w, https:\/\/i0.wp.com\/www.atelier-reklama.sk\/blog\/wp-content\/uploads\/2024\/03\/Oplecko-Koz%C3%AD-Vrbovok-koniec-ruk%C3%A1va..jpg?w=1600&amp;ssl=1 1600w\" sizes=\"auto, (max-width: 800px) 100vw, 800px\" \/><\/figure>\n\n\n\n<figure class=\"wp-block-image aligncenter size-large\"><img data-recalc-dims=\"1\" loading=\"lazy\" decoding=\"async\" width=\"800\" height=\"608\" data-attachment-id=\"14233\" data-permalink=\"https:\/\/www.atelier-reklama.sk\/blog\/oplecko-z-kozieho-vrbovka\/oplecko-kozi-vrbovok-vysivka-krivou-ihlou\/\" data-orig-file=\"https:\/\/i0.wp.com\/www.atelier-reklama.sk\/blog\/wp-content\/uploads\/2024\/03\/Oplecko-Koz%C3%AD-Vrbovok-v%C3%BD%C5%A1ivka-krivou-ihlou.jpg?fit=1631%2C1239&amp;ssl=1\" data-orig-size=\"1631,1239\" data-comments-opened=\"1\" data-image-meta=\"{&quot;aperture&quot;:&quot;0&quot;,&quot;credit&quot;:&quot;&quot;,&quot;camera&quot;:&quot;&quot;,&quot;caption&quot;:&quot;&quot;,&quot;created_timestamp&quot;:&quot;0&quot;,&quot;copyright&quot;:&quot;&quot;,&quot;focal_length&quot;:&quot;0&quot;,&quot;iso&quot;:&quot;0&quot;,&quot;shutter_speed&quot;:&quot;0&quot;,&quot;title&quot;:&quot;&quot;,&quot;orientation&quot;:&quot;0&quot;}\" data-image-title=\"Oplecko-Koz\u00ed-Vrbovok-v\u00fd\u0161ivka-krivou-ihlou\" data-image-description=\"\" data-image-caption=\"\" data-medium-file=\"https:\/\/i0.wp.com\/www.atelier-reklama.sk\/blog\/wp-content\/uploads\/2024\/03\/Oplecko-Koz%C3%AD-Vrbovok-v%C3%BD%C5%A1ivka-krivou-ihlou.jpg?fit=300%2C228&amp;ssl=1\" data-large-file=\"https:\/\/i0.wp.com\/www.atelier-reklama.sk\/blog\/wp-content\/uploads\/2024\/03\/Oplecko-Koz%C3%AD-Vrbovok-v%C3%BD%C5%A1ivka-krivou-ihlou.jpg?fit=800%2C608&amp;ssl=1\" src=\"https:\/\/i0.wp.com\/www.atelier-reklama.sk\/blog\/wp-content\/uploads\/2024\/03\/Oplecko-Koz%C3%AD-Vrbovok-v%C3%BD%C5%A1ivka-krivou-ihlou.jpg?resize=800%2C608&#038;ssl=1\" alt=\"\" class=\"wp-image-14233\" srcset=\"https:\/\/i0.wp.com\/www.atelier-reklama.sk\/blog\/wp-content\/uploads\/2024\/03\/Oplecko-Koz%C3%AD-Vrbovok-v%C3%BD%C5%A1ivka-krivou-ihlou.jpg?resize=1024%2C778&amp;ssl=1 1024w, https:\/\/i0.wp.com\/www.atelier-reklama.sk\/blog\/wp-content\/uploads\/2024\/03\/Oplecko-Koz%C3%AD-Vrbovok-v%C3%BD%C5%A1ivka-krivou-ihlou.jpg?resize=300%2C228&amp;ssl=1 300w, https:\/\/i0.wp.com\/www.atelier-reklama.sk\/blog\/wp-content\/uploads\/2024\/03\/Oplecko-Koz%C3%AD-Vrbovok-v%C3%BD%C5%A1ivka-krivou-ihlou.jpg?resize=768%2C583&amp;ssl=1 768w, https:\/\/i0.wp.com\/www.atelier-reklama.sk\/blog\/wp-content\/uploads\/2024\/03\/Oplecko-Koz%C3%AD-Vrbovok-v%C3%BD%C5%A1ivka-krivou-ihlou.jpg?resize=1536%2C1167&amp;ssl=1 1536w, https:\/\/i0.wp.com\/www.atelier-reklama.sk\/blog\/wp-content\/uploads\/2024\/03\/Oplecko-Koz%C3%AD-Vrbovok-v%C3%BD%C5%A1ivka-krivou-ihlou.jpg?w=1631&amp;ssl=1 1631w\" sizes=\"auto, (max-width: 800px) 100vw, 800px\" \/><\/figure>\n\n\n\n<figure class=\"wp-block-image aligncenter size-large\"><img data-recalc-dims=\"1\" loading=\"lazy\" decoding=\"async\" width=\"800\" height=\"566\" data-attachment-id=\"14234\" data-permalink=\"https:\/\/www.atelier-reklama.sk\/blog\/oplecko-z-kozieho-vrbovka\/oplecko-kozi-vrbovok\/\" data-orig-file=\"https:\/\/i0.wp.com\/www.atelier-reklama.sk\/blog\/wp-content\/uploads\/2024\/03\/Oplecko-Koz%C3%AD-Vrbovok-scaled.jpg?fit=2560%2C1812&amp;ssl=1\" data-orig-size=\"2560,1812\" data-comments-opened=\"1\" data-image-meta=\"{&quot;aperture&quot;:&quot;0&quot;,&quot;credit&quot;:&quot;&quot;,&quot;camera&quot;:&quot;&quot;,&quot;caption&quot;:&quot;&quot;,&quot;created_timestamp&quot;:&quot;0&quot;,&quot;copyright&quot;:&quot;&quot;,&quot;focal_length&quot;:&quot;0&quot;,&quot;iso&quot;:&quot;0&quot;,&quot;shutter_speed&quot;:&quot;0&quot;,&quot;title&quot;:&quot;&quot;,&quot;orientation&quot;:&quot;1&quot;}\" data-image-title=\"Oplecko-Koz\u00ed-Vrbovok\" data-image-description=\"\" data-image-caption=\"\" data-medium-file=\"https:\/\/i0.wp.com\/www.atelier-reklama.sk\/blog\/wp-content\/uploads\/2024\/03\/Oplecko-Koz%C3%AD-Vrbovok-scaled.jpg?fit=300%2C212&amp;ssl=1\" data-large-file=\"https:\/\/i0.wp.com\/www.atelier-reklama.sk\/blog\/wp-content\/uploads\/2024\/03\/Oplecko-Koz%C3%AD-Vrbovok-scaled.jpg?fit=800%2C566&amp;ssl=1\" src=\"https:\/\/i0.wp.com\/www.atelier-reklama.sk\/blog\/wp-content\/uploads\/2024\/03\/Oplecko-Koz%C3%AD-Vrbovok.jpg?resize=800%2C566&#038;ssl=1\" alt=\"\" class=\"wp-image-14234\" srcset=\"https:\/\/i0.wp.com\/www.atelier-reklama.sk\/blog\/wp-content\/uploads\/2024\/03\/Oplecko-Koz%C3%AD-Vrbovok-scaled.jpg?resize=1024%2C725&amp;ssl=1 1024w, https:\/\/i0.wp.com\/www.atelier-reklama.sk\/blog\/wp-content\/uploads\/2024\/03\/Oplecko-Koz%C3%AD-Vrbovok-scaled.jpg?resize=300%2C212&amp;ssl=1 300w, https:\/\/i0.wp.com\/www.atelier-reklama.sk\/blog\/wp-content\/uploads\/2024\/03\/Oplecko-Koz%C3%AD-Vrbovok-scaled.jpg?resize=768%2C544&amp;ssl=1 768w, https:\/\/i0.wp.com\/www.atelier-reklama.sk\/blog\/wp-content\/uploads\/2024\/03\/Oplecko-Koz%C3%AD-Vrbovok-scaled.jpg?resize=1536%2C1087&amp;ssl=1 1536w, https:\/\/i0.wp.com\/www.atelier-reklama.sk\/blog\/wp-content\/uploads\/2024\/03\/Oplecko-Koz%C3%AD-Vrbovok-scaled.jpg?resize=2048%2C1449&amp;ssl=1 2048w, https:\/\/i0.wp.com\/www.atelier-reklama.sk\/blog\/wp-content\/uploads\/2024\/03\/Oplecko-Koz%C3%AD-Vrbovok-scaled.jpg?w=1600&amp;ssl=1 1600w, https:\/\/i0.wp.com\/www.atelier-reklama.sk\/blog\/wp-content\/uploads\/2024\/03\/Oplecko-Koz%C3%AD-Vrbovok-scaled.jpg?w=2400&amp;ssl=1 2400w\" sizes=\"auto, (max-width: 800px) 100vw, 800px\" \/><\/figure>\n\n\n\n<p> Podobn\u00fd vzor m\u00e1 oplecko z Doln\u00e9ho Bad\u00edna, ktor\u00e9 patr\u00ed Agneske Fabianovej.<\/p>\n\n\n\n<figure class=\"wp-block-image aligncenter size-large\"><img data-recalc-dims=\"1\" loading=\"lazy\" decoding=\"async\" width=\"745\" height=\"1024\" data-attachment-id=\"14012\" data-permalink=\"https:\/\/www.atelier-reklama.sk\/blog\/agneska-fabianova-z-dolneho-badina-a-jej-kroj\/oplecko-agneska-fabianova-dol-badin-1\/\" data-orig-file=\"https:\/\/i0.wp.com\/www.atelier-reklama.sk\/blog\/wp-content\/uploads\/2024\/01\/Oplecko-Agneska-Fabianov%C3%A1-Dol.-Bad%C3%ADn-1.jpg?fit=1700%2C2338&amp;ssl=1\" data-orig-size=\"1700,2338\" data-comments-opened=\"1\" data-image-meta=\"{&quot;aperture&quot;:&quot;0&quot;,&quot;credit&quot;:&quot;&quot;,&quot;camera&quot;:&quot;&quot;,&quot;caption&quot;:&quot;&quot;,&quot;created_timestamp&quot;:&quot;0&quot;,&quot;copyright&quot;:&quot;&quot;,&quot;focal_length&quot;:&quot;0&quot;,&quot;iso&quot;:&quot;0&quot;,&quot;shutter_speed&quot;:&quot;0&quot;,&quot;title&quot;:&quot;&quot;,&quot;orientation&quot;:&quot;0&quot;}\" data-image-title=\"Oplecko-Agneska-Fabianov\u00e1-Dol.-Bad\u00edn-1\" data-image-description=\"\" data-image-caption=\"\" data-medium-file=\"https:\/\/i0.wp.com\/www.atelier-reklama.sk\/blog\/wp-content\/uploads\/2024\/01\/Oplecko-Agneska-Fabianov%C3%A1-Dol.-Bad%C3%ADn-1.jpg?fit=218%2C300&amp;ssl=1\" data-large-file=\"https:\/\/i0.wp.com\/www.atelier-reklama.sk\/blog\/wp-content\/uploads\/2024\/01\/Oplecko-Agneska-Fabianov%C3%A1-Dol.-Bad%C3%ADn-1.jpg?fit=745%2C1024&amp;ssl=1\" src=\"https:\/\/i0.wp.com\/www.atelier-reklama.sk\/blog\/wp-content\/uploads\/2024\/01\/Oplecko-Agneska-Fabianov%C3%A1-Dol.-Bad%C3%ADn-1.jpg?resize=745%2C1024&#038;ssl=1\" alt=\"\" class=\"wp-image-14012\" srcset=\"https:\/\/i0.wp.com\/www.atelier-reklama.sk\/blog\/wp-content\/uploads\/2024\/01\/Oplecko-Agneska-Fabianov%C3%A1-Dol.-Bad%C3%ADn-1.jpg?resize=745%2C1024&amp;ssl=1 745w, https:\/\/i0.wp.com\/www.atelier-reklama.sk\/blog\/wp-content\/uploads\/2024\/01\/Oplecko-Agneska-Fabianov%C3%A1-Dol.-Bad%C3%ADn-1.jpg?resize=218%2C300&amp;ssl=1 218w, https:\/\/i0.wp.com\/www.atelier-reklama.sk\/blog\/wp-content\/uploads\/2024\/01\/Oplecko-Agneska-Fabianov%C3%A1-Dol.-Bad%C3%ADn-1.jpg?resize=768%2C1056&amp;ssl=1 768w, https:\/\/i0.wp.com\/www.atelier-reklama.sk\/blog\/wp-content\/uploads\/2024\/01\/Oplecko-Agneska-Fabianov%C3%A1-Dol.-Bad%C3%ADn-1.jpg?resize=1117%2C1536&amp;ssl=1 1117w, https:\/\/i0.wp.com\/www.atelier-reklama.sk\/blog\/wp-content\/uploads\/2024\/01\/Oplecko-Agneska-Fabianov%C3%A1-Dol.-Bad%C3%ADn-1.jpg?resize=1489%2C2048&amp;ssl=1 1489w, https:\/\/i0.wp.com\/www.atelier-reklama.sk\/blog\/wp-content\/uploads\/2024\/01\/Oplecko-Agneska-Fabianov%C3%A1-Dol.-Bad%C3%ADn-1.jpg?w=1700&amp;ssl=1 1700w, https:\/\/i0.wp.com\/www.atelier-reklama.sk\/blog\/wp-content\/uploads\/2024\/01\/Oplecko-Agneska-Fabianov%C3%A1-Dol.-Bad%C3%ADn-1.jpg?w=1600&amp;ssl=1 1600w\" sizes=\"auto, (max-width: 745px) 100vw, 745px\" \/><\/figure>\n\n\n\n<figure class=\"wp-block-image size-large\"><img data-recalc-dims=\"1\" loading=\"lazy\" decoding=\"async\" width=\"800\" height=\"566\" data-attachment-id=\"14254\" data-permalink=\"https:\/\/www.atelier-reklama.sk\/blog\/oplecko-z-kozieho-vrbovka\/oplecko-a-fabianova-d-badin\/\" data-orig-file=\"https:\/\/i0.wp.com\/www.atelier-reklama.sk\/blog\/wp-content\/uploads\/2024\/04\/Oplecko-A.Fabianov%C3%A1-D.-Bad%C3%ADn-scaled.jpg?fit=2560%2C1812&amp;ssl=1\" data-orig-size=\"2560,1812\" data-comments-opened=\"1\" data-image-meta=\"{&quot;aperture&quot;:&quot;0&quot;,&quot;credit&quot;:&quot;&quot;,&quot;camera&quot;:&quot;&quot;,&quot;caption&quot;:&quot;&quot;,&quot;created_timestamp&quot;:&quot;0&quot;,&quot;copyright&quot;:&quot;&quot;,&quot;focal_length&quot;:&quot;0&quot;,&quot;iso&quot;:&quot;0&quot;,&quot;shutter_speed&quot;:&quot;0&quot;,&quot;title&quot;:&quot;&quot;,&quot;orientation&quot;:&quot;1&quot;}\" data-image-title=\"Oplecko-A.Fabianov\u00e1-D.-Bad\u00edn\" data-image-description=\"\" data-image-caption=\"\" data-medium-file=\"https:\/\/i0.wp.com\/www.atelier-reklama.sk\/blog\/wp-content\/uploads\/2024\/04\/Oplecko-A.Fabianov%C3%A1-D.-Bad%C3%ADn-scaled.jpg?fit=300%2C212&amp;ssl=1\" data-large-file=\"https:\/\/i0.wp.com\/www.atelier-reklama.sk\/blog\/wp-content\/uploads\/2024\/04\/Oplecko-A.Fabianov%C3%A1-D.-Bad%C3%ADn-scaled.jpg?fit=800%2C566&amp;ssl=1\" src=\"https:\/\/i0.wp.com\/www.atelier-reklama.sk\/blog\/wp-content\/uploads\/2024\/04\/Oplecko-A.Fabianov%C3%A1-D.-Bad%C3%ADn.jpg?resize=800%2C566&#038;ssl=1\" alt=\"\" class=\"wp-image-14254\" srcset=\"https:\/\/i0.wp.com\/www.atelier-reklama.sk\/blog\/wp-content\/uploads\/2024\/04\/Oplecko-A.Fabianov%C3%A1-D.-Bad%C3%ADn-scaled.jpg?resize=1024%2C725&amp;ssl=1 1024w, https:\/\/i0.wp.com\/www.atelier-reklama.sk\/blog\/wp-content\/uploads\/2024\/04\/Oplecko-A.Fabianov%C3%A1-D.-Bad%C3%ADn-scaled.jpg?resize=300%2C212&amp;ssl=1 300w, https:\/\/i0.wp.com\/www.atelier-reklama.sk\/blog\/wp-content\/uploads\/2024\/04\/Oplecko-A.Fabianov%C3%A1-D.-Bad%C3%ADn-scaled.jpg?resize=768%2C544&amp;ssl=1 768w, https:\/\/i0.wp.com\/www.atelier-reklama.sk\/blog\/wp-content\/uploads\/2024\/04\/Oplecko-A.Fabianov%C3%A1-D.-Bad%C3%ADn-scaled.jpg?resize=1536%2C1087&amp;ssl=1 1536w, https:\/\/i0.wp.com\/www.atelier-reklama.sk\/blog\/wp-content\/uploads\/2024\/04\/Oplecko-A.Fabianov%C3%A1-D.-Bad%C3%ADn-scaled.jpg?resize=2048%2C1449&amp;ssl=1 2048w, https:\/\/i0.wp.com\/www.atelier-reklama.sk\/blog\/wp-content\/uploads\/2024\/04\/Oplecko-A.Fabianov%C3%A1-D.-Bad%C3%ADn-scaled.jpg?w=1600&amp;ssl=1 1600w, https:\/\/i0.wp.com\/www.atelier-reklama.sk\/blog\/wp-content\/uploads\/2024\/04\/Oplecko-A.Fabianov%C3%A1-D.-Bad%C3%ADn-scaled.jpg?w=2400&amp;ssl=1 2400w\" sizes=\"auto, (max-width: 800px) 100vw, 800px\" \/><\/figure>\n\n\n\n<p class=\"has-text-align-center\">Podobn\u00e1 v\u00fd\u0161ivka na oplecku zo Senohradu, p\u00f4vodn\u00fd vlastn\u00edk je nezn\u00e1my, v s\u00fa\u010dasnosti patr\u00ed Zuzanke Kov\u00e1\u010dovej z Bratislavy. V\u00fd\u0161ivku som preskenovala.<\/p>\n\n\n\n<figure class=\"wp-block-image size-large is-resized\"><img data-recalc-dims=\"1\" loading=\"lazy\" decoding=\"async\" width=\"800\" height=\"566\" data-attachment-id=\"14393\" data-permalink=\"https:\/\/www.atelier-reklama.sk\/blog\/senohradsky-kroj-v-bratislave\/oplecko-senohrad-sken\/\" data-orig-file=\"https:\/\/i0.wp.com\/www.atelier-reklama.sk\/blog\/wp-content\/uploads\/2024\/06\/oplecko-Senohrad-sken-scaled.jpg?fit=2560%2C1810&amp;ssl=1\" data-orig-size=\"2560,1810\" data-comments-opened=\"1\" data-image-meta=\"{&quot;aperture&quot;:&quot;0&quot;,&quot;credit&quot;:&quot;&quot;,&quot;camera&quot;:&quot;&quot;,&quot;caption&quot;:&quot;&quot;,&quot;created_timestamp&quot;:&quot;0&quot;,&quot;copyright&quot;:&quot;&quot;,&quot;focal_length&quot;:&quot;0&quot;,&quot;iso&quot;:&quot;0&quot;,&quot;shutter_speed&quot;:&quot;0&quot;,&quot;title&quot;:&quot;&quot;,&quot;orientation&quot;:&quot;0&quot;}\" data-image-title=\"oplecko-Senohrad-sken\" data-image-description=\"\" data-image-caption=\"\" data-medium-file=\"https:\/\/i0.wp.com\/www.atelier-reklama.sk\/blog\/wp-content\/uploads\/2024\/06\/oplecko-Senohrad-sken-scaled.jpg?fit=300%2C212&amp;ssl=1\" data-large-file=\"https:\/\/i0.wp.com\/www.atelier-reklama.sk\/blog\/wp-content\/uploads\/2024\/06\/oplecko-Senohrad-sken-scaled.jpg?fit=800%2C566&amp;ssl=1\" src=\"https:\/\/i0.wp.com\/www.atelier-reklama.sk\/blog\/wp-content\/uploads\/2024\/06\/oplecko-Senohrad-sken.jpg?resize=800%2C566&#038;ssl=1\" alt=\"\" class=\"wp-image-14393\" style=\"width:1024px;height:724px\" srcset=\"https:\/\/i0.wp.com\/www.atelier-reklama.sk\/blog\/wp-content\/uploads\/2024\/06\/oplecko-Senohrad-sken-scaled.jpg?resize=1024%2C724&amp;ssl=1 1024w, https:\/\/i0.wp.com\/www.atelier-reklama.sk\/blog\/wp-content\/uploads\/2024\/06\/oplecko-Senohrad-sken-scaled.jpg?resize=300%2C212&amp;ssl=1 300w, https:\/\/i0.wp.com\/www.atelier-reklama.sk\/blog\/wp-content\/uploads\/2024\/06\/oplecko-Senohrad-sken-scaled.jpg?resize=768%2C543&amp;ssl=1 768w, https:\/\/i0.wp.com\/www.atelier-reklama.sk\/blog\/wp-content\/uploads\/2024\/06\/oplecko-Senohrad-sken-scaled.jpg?resize=1536%2C1086&amp;ssl=1 1536w, https:\/\/i0.wp.com\/www.atelier-reklama.sk\/blog\/wp-content\/uploads\/2024\/06\/oplecko-Senohrad-sken-scaled.jpg?resize=2048%2C1448&amp;ssl=1 2048w, https:\/\/i0.wp.com\/www.atelier-reklama.sk\/blog\/wp-content\/uploads\/2024\/06\/oplecko-Senohrad-sken-scaled.jpg?w=1600&amp;ssl=1 1600w, https:\/\/i0.wp.com\/www.atelier-reklama.sk\/blog\/wp-content\/uploads\/2024\/06\/oplecko-Senohrad-sken-scaled.jpg?w=2400&amp;ssl=1 2400w\" sizes=\"auto, (max-width: 800px) 100vw, 800px\" \/><\/figure>\n\n\n\n<figure class=\"wp-block-image aligncenter size-large\"><img data-recalc-dims=\"1\" loading=\"lazy\" decoding=\"async\" width=\"800\" height=\"566\" data-attachment-id=\"14361\" data-permalink=\"https:\/\/www.atelier-reklama.sk\/blog\/senohradsky-kroj-v-bratislave\/1aa-oplecko-senohrad-povod-neznamy-sucasny-zuzka-kovacova\/\" data-orig-file=\"https:\/\/i0.wp.com\/www.atelier-reklama.sk\/blog\/wp-content\/uploads\/2024\/06\/1AA-oplecko-Senohrad-povod-neznamy-su%C4%8Dasn%C3%BD-Zuzka-Kov%C3%A1%C4%8Dov%C3%A1.png?fit=4865%2C3439&amp;ssl=1\" data-orig-size=\"4865,3439\" data-comments-opened=\"1\" data-image-meta=\"{&quot;aperture&quot;:&quot;0&quot;,&quot;credit&quot;:&quot;&quot;,&quot;camera&quot;:&quot;&quot;,&quot;caption&quot;:&quot;&quot;,&quot;created_timestamp&quot;:&quot;0&quot;,&quot;copyright&quot;:&quot;&quot;,&quot;focal_length&quot;:&quot;0&quot;,&quot;iso&quot;:&quot;0&quot;,&quot;shutter_speed&quot;:&quot;0&quot;,&quot;title&quot;:&quot;&quot;,&quot;orientation&quot;:&quot;0&quot;}\" data-image-title=\"1AA-oplecko-Senohrad-povod-neznamy-su\u010dasn\u00fd-Zuzka-Kov\u00e1\u010dov\u00e1\" data-image-description=\"\" data-image-caption=\"\" data-medium-file=\"https:\/\/i0.wp.com\/www.atelier-reklama.sk\/blog\/wp-content\/uploads\/2024\/06\/1AA-oplecko-Senohrad-povod-neznamy-su%C4%8Dasn%C3%BD-Zuzka-Kov%C3%A1%C4%8Dov%C3%A1.png?fit=300%2C212&amp;ssl=1\" data-large-file=\"https:\/\/i0.wp.com\/www.atelier-reklama.sk\/blog\/wp-content\/uploads\/2024\/06\/1AA-oplecko-Senohrad-povod-neznamy-su%C4%8Dasn%C3%BD-Zuzka-Kov%C3%A1%C4%8Dov%C3%A1.png?fit=800%2C566&amp;ssl=1\" src=\"https:\/\/i0.wp.com\/www.atelier-reklama.sk\/blog\/wp-content\/uploads\/2024\/06\/1AA-oplecko-Senohrad-povod-neznamy-su%C4%8Dasn%C3%BD-Zuzka-Kov%C3%A1%C4%8Dov%C3%A1.png?resize=800%2C566&#038;ssl=1\" alt=\"\" class=\"wp-image-14361\" srcset=\"https:\/\/i0.wp.com\/www.atelier-reklama.sk\/blog\/wp-content\/uploads\/2024\/06\/1AA-oplecko-Senohrad-povod-neznamy-su%C4%8Dasn%C3%BD-Zuzka-Kov%C3%A1%C4%8Dov%C3%A1.png?resize=1024%2C724&amp;ssl=1 1024w, https:\/\/i0.wp.com\/www.atelier-reklama.sk\/blog\/wp-content\/uploads\/2024\/06\/1AA-oplecko-Senohrad-povod-neznamy-su%C4%8Dasn%C3%BD-Zuzka-Kov%C3%A1%C4%8Dov%C3%A1.png?resize=300%2C212&amp;ssl=1 300w, https:\/\/i0.wp.com\/www.atelier-reklama.sk\/blog\/wp-content\/uploads\/2024\/06\/1AA-oplecko-Senohrad-povod-neznamy-su%C4%8Dasn%C3%BD-Zuzka-Kov%C3%A1%C4%8Dov%C3%A1.png?resize=768%2C543&amp;ssl=1 768w, https:\/\/i0.wp.com\/www.atelier-reklama.sk\/blog\/wp-content\/uploads\/2024\/06\/1AA-oplecko-Senohrad-povod-neznamy-su%C4%8Dasn%C3%BD-Zuzka-Kov%C3%A1%C4%8Dov%C3%A1.png?resize=1536%2C1086&amp;ssl=1 1536w, https:\/\/i0.wp.com\/www.atelier-reklama.sk\/blog\/wp-content\/uploads\/2024\/06\/1AA-oplecko-Senohrad-povod-neznamy-su%C4%8Dasn%C3%BD-Zuzka-Kov%C3%A1%C4%8Dov%C3%A1.png?resize=2048%2C1448&amp;ssl=1 2048w, https:\/\/i0.wp.com\/www.atelier-reklama.sk\/blog\/wp-content\/uploads\/2024\/06\/1AA-oplecko-Senohrad-povod-neznamy-su%C4%8Dasn%C3%BD-Zuzka-Kov%C3%A1%C4%8Dov%C3%A1.png?w=1600&amp;ssl=1 1600w, https:\/\/i0.wp.com\/www.atelier-reklama.sk\/blog\/wp-content\/uploads\/2024\/06\/1AA-oplecko-Senohrad-povod-neznamy-su%C4%8Dasn%C3%BD-Zuzka-Kov%C3%A1%C4%8Dov%C3%A1.png?w=2400&amp;ssl=1 2400w\" sizes=\"auto, (max-width: 800px) 100vw, 800px\" \/><\/figure>\n\n\n\n<p>&#8222;Rancovanie&#8220; oplecka pomocou obalenej polystyr\u00e9novej dosky a \u0161pendl\u00edkov<\/p>\n\n\n\n<figure class=\"wp-block-image size-large\"><img data-recalc-dims=\"1\" loading=\"lazy\" decoding=\"async\" width=\"711\" height=\"1024\" data-attachment-id=\"12831\" data-permalink=\"https:\/\/www.atelier-reklama.sk\/blog\/moj-krekacsky-kroj-a-jeho-prekreslene-vzory-spolu\/8a-rancovanie-oplecka-postup\/\" data-orig-file=\"https:\/\/i0.wp.com\/www.atelier-reklama.sk\/blog\/wp-content\/uploads\/2023\/03\/8A-rancovanie-oplecka-postup.jpg?fit=1349%2C1942&amp;ssl=1\" data-orig-size=\"1349,1942\" data-comments-opened=\"1\" data-image-meta=\"{&quot;aperture&quot;:&quot;0&quot;,&quot;credit&quot;:&quot;&quot;,&quot;camera&quot;:&quot;&quot;,&quot;caption&quot;:&quot;&quot;,&quot;created_timestamp&quot;:&quot;1678568442&quot;,&quot;copyright&quot;:&quot;&quot;,&quot;focal_length&quot;:&quot;0&quot;,&quot;iso&quot;:&quot;0&quot;,&quot;shutter_speed&quot;:&quot;0&quot;,&quot;title&quot;:&quot;&quot;,&quot;orientation&quot;:&quot;1&quot;}\" data-image-title=\"8A-rancovanie-oplecka-postup\" data-image-description=\"\" data-image-caption=\"\" data-medium-file=\"https:\/\/i0.wp.com\/www.atelier-reklama.sk\/blog\/wp-content\/uploads\/2023\/03\/8A-rancovanie-oplecka-postup.jpg?fit=208%2C300&amp;ssl=1\" data-large-file=\"https:\/\/i0.wp.com\/www.atelier-reklama.sk\/blog\/wp-content\/uploads\/2023\/03\/8A-rancovanie-oplecka-postup.jpg?fit=711%2C1024&amp;ssl=1\" src=\"https:\/\/i0.wp.com\/www.atelier-reklama.sk\/blog\/wp-content\/uploads\/2023\/03\/8A-rancovanie-oplecka-postup.jpg?resize=711%2C1024&#038;ssl=1\" alt=\"\" class=\"wp-image-12831\" srcset=\"https:\/\/i0.wp.com\/www.atelier-reklama.sk\/blog\/wp-content\/uploads\/2023\/03\/8A-rancovanie-oplecka-postup.jpg?resize=711%2C1024&amp;ssl=1 711w, https:\/\/i0.wp.com\/www.atelier-reklama.sk\/blog\/wp-content\/uploads\/2023\/03\/8A-rancovanie-oplecka-postup.jpg?resize=208%2C300&amp;ssl=1 208w, https:\/\/i0.wp.com\/www.atelier-reklama.sk\/blog\/wp-content\/uploads\/2023\/03\/8A-rancovanie-oplecka-postup.jpg?resize=768%2C1106&amp;ssl=1 768w, https:\/\/i0.wp.com\/www.atelier-reklama.sk\/blog\/wp-content\/uploads\/2023\/03\/8A-rancovanie-oplecka-postup.jpg?resize=1067%2C1536&amp;ssl=1 1067w, https:\/\/i0.wp.com\/www.atelier-reklama.sk\/blog\/wp-content\/uploads\/2023\/03\/8A-rancovanie-oplecka-postup.jpg?w=1349&amp;ssl=1 1349w\" sizes=\"auto, (max-width: 711px) 100vw, 711px\" \/><figcaption class=\"wp-element-caption\">\u010eakujem Katke Junasovej za n\u00e1pad, \u017ee aj takto sa d\u00e1 &#8222;rancova\u0165 &#8222;&#8230;<\/figcaption><\/figure>\n\n\n\n<figure class=\"wp-block-image size-large\"><img data-recalc-dims=\"1\" loading=\"lazy\" decoding=\"async\" width=\"762\" height=\"1024\" data-attachment-id=\"12832\" data-permalink=\"https:\/\/www.atelier-reklama.sk\/blog\/moj-krekacsky-kroj-a-jeho-prekreslene-vzory-spolu\/8b-oplecko-rancovanie-na-polystyrene\/\" data-orig-file=\"https:\/\/i0.wp.com\/www.atelier-reklama.sk\/blog\/wp-content\/uploads\/2023\/03\/8B-oplecko-rancovanie-na-polystyrene.jpg?fit=1488%2C2000&amp;ssl=1\" data-orig-size=\"1488,2000\" data-comments-opened=\"1\" data-image-meta=\"{&quot;aperture&quot;:&quot;0&quot;,&quot;credit&quot;:&quot;&quot;,&quot;camera&quot;:&quot;&quot;,&quot;caption&quot;:&quot;&quot;,&quot;created_timestamp&quot;:&quot;0&quot;,&quot;copyright&quot;:&quot;&quot;,&quot;focal_length&quot;:&quot;0&quot;,&quot;iso&quot;:&quot;0&quot;,&quot;shutter_speed&quot;:&quot;0&quot;,&quot;title&quot;:&quot;&quot;,&quot;orientation&quot;:&quot;0&quot;}\" data-image-title=\"8B-oplecko-rancovanie-na-polystyrene\" data-image-description=\"\" data-image-caption=\"\" data-medium-file=\"https:\/\/i0.wp.com\/www.atelier-reklama.sk\/blog\/wp-content\/uploads\/2023\/03\/8B-oplecko-rancovanie-na-polystyrene.jpg?fit=223%2C300&amp;ssl=1\" data-large-file=\"https:\/\/i0.wp.com\/www.atelier-reklama.sk\/blog\/wp-content\/uploads\/2023\/03\/8B-oplecko-rancovanie-na-polystyrene.jpg?fit=762%2C1024&amp;ssl=1\" src=\"https:\/\/i0.wp.com\/www.atelier-reklama.sk\/blog\/wp-content\/uploads\/2023\/03\/8B-oplecko-rancovanie-na-polystyrene.jpg?resize=762%2C1024&#038;ssl=1\" alt=\"\" class=\"wp-image-12832\" srcset=\"https:\/\/i0.wp.com\/www.atelier-reklama.sk\/blog\/wp-content\/uploads\/2023\/03\/8B-oplecko-rancovanie-na-polystyrene.jpg?resize=762%2C1024&amp;ssl=1 762w, https:\/\/i0.wp.com\/www.atelier-reklama.sk\/blog\/wp-content\/uploads\/2023\/03\/8B-oplecko-rancovanie-na-polystyrene.jpg?resize=223%2C300&amp;ssl=1 223w, https:\/\/i0.wp.com\/www.atelier-reklama.sk\/blog\/wp-content\/uploads\/2023\/03\/8B-oplecko-rancovanie-na-polystyrene.jpg?resize=768%2C1032&amp;ssl=1 768w, https:\/\/i0.wp.com\/www.atelier-reklama.sk\/blog\/wp-content\/uploads\/2023\/03\/8B-oplecko-rancovanie-na-polystyrene.jpg?resize=1143%2C1536&amp;ssl=1 1143w, https:\/\/i0.wp.com\/www.atelier-reklama.sk\/blog\/wp-content\/uploads\/2023\/03\/8B-oplecko-rancovanie-na-polystyrene.jpg?w=1488&amp;ssl=1 1488w\" sizes=\"auto, (max-width: 762px) 100vw, 762px\" \/><\/figure>\n\n\n\n<h6 class=\"wp-block-heading has-text-align-center\">STRIH NA KREK\u00c1\u010cSKE OPLECKO (v\u0161it\u00fd p\u00e1s pod pazuchou)<\/h6>\n\n\n\n<figure class=\"wp-block-image aligncenter size-large\"><img data-recalc-dims=\"1\" loading=\"lazy\" decoding=\"async\" width=\"800\" height=\"566\" data-attachment-id=\"14047\" data-permalink=\"https:\/\/www.atelier-reklama.sk\/blog\/moj-krekacsky-kroj-a-jeho-prekreslene-vzory-spolu\/krekacske-oplecko-strih\/\" data-orig-file=\"https:\/\/i0.wp.com\/www.atelier-reklama.sk\/blog\/wp-content\/uploads\/2024\/02\/Krek%C3%A1%C4%8Dske-oplecko-strih-scaled.jpg?fit=2560%2C1812&amp;ssl=1\" data-orig-size=\"2560,1812\" data-comments-opened=\"1\" data-image-meta=\"{&quot;aperture&quot;:&quot;0&quot;,&quot;credit&quot;:&quot;&quot;,&quot;camera&quot;:&quot;&quot;,&quot;caption&quot;:&quot;&quot;,&quot;created_timestamp&quot;:&quot;0&quot;,&quot;copyright&quot;:&quot;&quot;,&quot;focal_length&quot;:&quot;0&quot;,&quot;iso&quot;:&quot;0&quot;,&quot;shutter_speed&quot;:&quot;0&quot;,&quot;title&quot;:&quot;&quot;,&quot;orientation&quot;:&quot;0&quot;}\" data-image-title=\"Krek\u00e1\u010dske-oplecko-strih\" data-image-description=\"\" data-image-caption=\"\" data-medium-file=\"https:\/\/i0.wp.com\/www.atelier-reklama.sk\/blog\/wp-content\/uploads\/2024\/02\/Krek%C3%A1%C4%8Dske-oplecko-strih-scaled.jpg?fit=300%2C212&amp;ssl=1\" data-large-file=\"https:\/\/i0.wp.com\/www.atelier-reklama.sk\/blog\/wp-content\/uploads\/2024\/02\/Krek%C3%A1%C4%8Dske-oplecko-strih-scaled.jpg?fit=800%2C566&amp;ssl=1\" src=\"https:\/\/i0.wp.com\/www.atelier-reklama.sk\/blog\/wp-content\/uploads\/2024\/02\/Krek%C3%A1%C4%8Dske-oplecko-strih.jpg?resize=800%2C566&#038;ssl=1\" alt=\"\" class=\"wp-image-14047\" srcset=\"https:\/\/i0.wp.com\/www.atelier-reklama.sk\/blog\/wp-content\/uploads\/2024\/02\/Krek%C3%A1%C4%8Dske-oplecko-strih-scaled.jpg?resize=1024%2C725&amp;ssl=1 1024w, https:\/\/i0.wp.com\/www.atelier-reklama.sk\/blog\/wp-content\/uploads\/2024\/02\/Krek%C3%A1%C4%8Dske-oplecko-strih-scaled.jpg?resize=300%2C212&amp;ssl=1 300w, https:\/\/i0.wp.com\/www.atelier-reklama.sk\/blog\/wp-content\/uploads\/2024\/02\/Krek%C3%A1%C4%8Dske-oplecko-strih-scaled.jpg?resize=768%2C544&amp;ssl=1 768w, https:\/\/i0.wp.com\/www.atelier-reklama.sk\/blog\/wp-content\/uploads\/2024\/02\/Krek%C3%A1%C4%8Dske-oplecko-strih-scaled.jpg?resize=1536%2C1087&amp;ssl=1 1536w, https:\/\/i0.wp.com\/www.atelier-reklama.sk\/blog\/wp-content\/uploads\/2024\/02\/Krek%C3%A1%C4%8Dske-oplecko-strih-scaled.jpg?resize=2048%2C1449&amp;ssl=1 2048w, https:\/\/i0.wp.com\/www.atelier-reklama.sk\/blog\/wp-content\/uploads\/2024\/02\/Krek%C3%A1%C4%8Dske-oplecko-strih-scaled.jpg?w=1600&amp;ssl=1 1600w, https:\/\/i0.wp.com\/www.atelier-reklama.sk\/blog\/wp-content\/uploads\/2024\/02\/Krek%C3%A1%C4%8Dske-oplecko-strih-scaled.jpg?w=2400&amp;ssl=1 2400w\" sizes=\"auto, (max-width: 800px) 100vw, 800px\" \/><\/figure>\n\n\n\n<figure class=\"wp-block-image size-large\"><img data-recalc-dims=\"1\" loading=\"lazy\" decoding=\"async\" width=\"733\" height=\"429\" data-attachment-id=\"13393\" data-permalink=\"https:\/\/www.atelier-reklama.sk\/blog\/moj-krekacsky-kroj-a-jeho-prekreslene-vzory-spolu\/image-2\/\" data-orig-file=\"https:\/\/i0.wp.com\/www.atelier-reklama.sk\/blog\/wp-content\/uploads\/2023\/03\/image.png?fit=733%2C429&amp;ssl=1\" data-orig-size=\"733,429\" data-comments-opened=\"1\" data-image-meta=\"{&quot;aperture&quot;:&quot;0&quot;,&quot;credit&quot;:&quot;&quot;,&quot;camera&quot;:&quot;&quot;,&quot;caption&quot;:&quot;&quot;,&quot;created_timestamp&quot;:&quot;0&quot;,&quot;copyright&quot;:&quot;&quot;,&quot;focal_length&quot;:&quot;0&quot;,&quot;iso&quot;:&quot;0&quot;,&quot;shutter_speed&quot;:&quot;0&quot;,&quot;title&quot;:&quot;&quot;,&quot;orientation&quot;:&quot;0&quot;}\" data-image-title=\"image\" data-image-description=\"\" data-image-caption=\"\" data-medium-file=\"https:\/\/i0.wp.com\/www.atelier-reklama.sk\/blog\/wp-content\/uploads\/2023\/03\/image.png?fit=300%2C176&amp;ssl=1\" data-large-file=\"https:\/\/i0.wp.com\/www.atelier-reklama.sk\/blog\/wp-content\/uploads\/2023\/03\/image.png?fit=733%2C429&amp;ssl=1\" src=\"https:\/\/i0.wp.com\/www.atelier-reklama.sk\/blog\/wp-content\/uploads\/2023\/03\/image.png?resize=733%2C429&#038;ssl=1\" alt=\"\" class=\"wp-image-13393\" srcset=\"https:\/\/i0.wp.com\/www.atelier-reklama.sk\/blog\/wp-content\/uploads\/2023\/03\/image.png?w=733&amp;ssl=1 733w, https:\/\/i0.wp.com\/www.atelier-reklama.sk\/blog\/wp-content\/uploads\/2023\/03\/image.png?resize=300%2C176&amp;ssl=1 300w\" sizes=\"auto, (max-width: 733px) 100vw, 733px\" \/><\/figure>\n\n\n\n<figure class=\"wp-block-image aligncenter size-large\"><img data-recalc-dims=\"1\" loading=\"lazy\" decoding=\"async\" width=\"725\" height=\"1024\" data-attachment-id=\"14069\" data-permalink=\"https:\/\/www.atelier-reklama.sk\/blog\/moj-krekacsky-kroj-a-jeho-prekreslene-vzory-spolu\/2024-02-11_104528-2\/\" data-orig-file=\"https:\/\/i0.wp.com\/www.atelier-reklama.sk\/blog\/wp-content\/uploads\/2024\/02\/2024-02-11_104528-2-scaled.jpg?fit=1812%2C2560&amp;ssl=1\" data-orig-size=\"1812,2560\" data-comments-opened=\"1\" data-image-meta=\"{&quot;aperture&quot;:&quot;0&quot;,&quot;credit&quot;:&quot;&quot;,&quot;camera&quot;:&quot;&quot;,&quot;caption&quot;:&quot;&quot;,&quot;created_timestamp&quot;:&quot;0&quot;,&quot;copyright&quot;:&quot;&quot;,&quot;focal_length&quot;:&quot;0&quot;,&quot;iso&quot;:&quot;0&quot;,&quot;shutter_speed&quot;:&quot;0&quot;,&quot;title&quot;:&quot;&quot;,&quot;orientation&quot;:&quot;1&quot;}\" data-image-title=\"2024-02-11_104528-2\" data-image-description=\"\" data-image-caption=\"\" data-medium-file=\"https:\/\/i0.wp.com\/www.atelier-reklama.sk\/blog\/wp-content\/uploads\/2024\/02\/2024-02-11_104528-2-scaled.jpg?fit=212%2C300&amp;ssl=1\" data-large-file=\"https:\/\/i0.wp.com\/www.atelier-reklama.sk\/blog\/wp-content\/uploads\/2024\/02\/2024-02-11_104528-2-scaled.jpg?fit=725%2C1024&amp;ssl=1\" src=\"https:\/\/i0.wp.com\/www.atelier-reklama.sk\/blog\/wp-content\/uploads\/2024\/02\/2024-02-11_104528-2.jpg?resize=725%2C1024&#038;ssl=1\" alt=\"\" class=\"wp-image-14069\" srcset=\"https:\/\/i0.wp.com\/www.atelier-reklama.sk\/blog\/wp-content\/uploads\/2024\/02\/2024-02-11_104528-2-scaled.jpg?resize=725%2C1024&amp;ssl=1 725w, https:\/\/i0.wp.com\/www.atelier-reklama.sk\/blog\/wp-content\/uploads\/2024\/02\/2024-02-11_104528-2-scaled.jpg?resize=212%2C300&amp;ssl=1 212w, https:\/\/i0.wp.com\/www.atelier-reklama.sk\/blog\/wp-content\/uploads\/2024\/02\/2024-02-11_104528-2-scaled.jpg?resize=768%2C1085&amp;ssl=1 768w, https:\/\/i0.wp.com\/www.atelier-reklama.sk\/blog\/wp-content\/uploads\/2024\/02\/2024-02-11_104528-2-scaled.jpg?resize=1087%2C1536&amp;ssl=1 1087w, https:\/\/i0.wp.com\/www.atelier-reklama.sk\/blog\/wp-content\/uploads\/2024\/02\/2024-02-11_104528-2-scaled.jpg?resize=1449%2C2048&amp;ssl=1 1449w, https:\/\/i0.wp.com\/www.atelier-reklama.sk\/blog\/wp-content\/uploads\/2024\/02\/2024-02-11_104528-2-scaled.jpg?w=1812&amp;ssl=1 1812w, https:\/\/i0.wp.com\/www.atelier-reklama.sk\/blog\/wp-content\/uploads\/2024\/02\/2024-02-11_104528-2-scaled.jpg?w=1600&amp;ssl=1 1600w\" sizes=\"auto, (max-width: 725px) 100vw, 725px\" \/><\/figure>\n\n\n\n<figure class=\"wp-block-image aligncenter size-large\"><img data-recalc-dims=\"1\" loading=\"lazy\" decoding=\"async\" width=\"725\" height=\"1024\" data-attachment-id=\"14070\" data-permalink=\"https:\/\/www.atelier-reklama.sk\/blog\/moj-krekacsky-kroj-a-jeho-prekreslene-vzory-spolu\/2024-02-11_104821-2-2\/\" data-orig-file=\"https:\/\/i0.wp.com\/www.atelier-reklama.sk\/blog\/wp-content\/uploads\/2024\/02\/2024-02-11_104821-2-2-scaled.jpg?fit=1812%2C2560&amp;ssl=1\" data-orig-size=\"1812,2560\" data-comments-opened=\"1\" data-image-meta=\"{&quot;aperture&quot;:&quot;0&quot;,&quot;credit&quot;:&quot;&quot;,&quot;camera&quot;:&quot;&quot;,&quot;caption&quot;:&quot;&quot;,&quot;created_timestamp&quot;:&quot;0&quot;,&quot;copyright&quot;:&quot;&quot;,&quot;focal_length&quot;:&quot;0&quot;,&quot;iso&quot;:&quot;0&quot;,&quot;shutter_speed&quot;:&quot;0&quot;,&quot;title&quot;:&quot;&quot;,&quot;orientation&quot;:&quot;1&quot;}\" data-image-title=\"2024-02-11_104821-2-2\" data-image-description=\"\" data-image-caption=\"\" data-medium-file=\"https:\/\/i0.wp.com\/www.atelier-reklama.sk\/blog\/wp-content\/uploads\/2024\/02\/2024-02-11_104821-2-2-scaled.jpg?fit=212%2C300&amp;ssl=1\" data-large-file=\"https:\/\/i0.wp.com\/www.atelier-reklama.sk\/blog\/wp-content\/uploads\/2024\/02\/2024-02-11_104821-2-2-scaled.jpg?fit=725%2C1024&amp;ssl=1\" src=\"https:\/\/i0.wp.com\/www.atelier-reklama.sk\/blog\/wp-content\/uploads\/2024\/02\/2024-02-11_104821-2-2.jpg?resize=725%2C1024&#038;ssl=1\" alt=\"\" class=\"wp-image-14070\" srcset=\"https:\/\/i0.wp.com\/www.atelier-reklama.sk\/blog\/wp-content\/uploads\/2024\/02\/2024-02-11_104821-2-2-scaled.jpg?resize=725%2C1024&amp;ssl=1 725w, https:\/\/i0.wp.com\/www.atelier-reklama.sk\/blog\/wp-content\/uploads\/2024\/02\/2024-02-11_104821-2-2-scaled.jpg?resize=212%2C300&amp;ssl=1 212w, https:\/\/i0.wp.com\/www.atelier-reklama.sk\/blog\/wp-content\/uploads\/2024\/02\/2024-02-11_104821-2-2-scaled.jpg?resize=768%2C1085&amp;ssl=1 768w, https:\/\/i0.wp.com\/www.atelier-reklama.sk\/blog\/wp-content\/uploads\/2024\/02\/2024-02-11_104821-2-2-scaled.jpg?resize=1087%2C1536&amp;ssl=1 1087w, https:\/\/i0.wp.com\/www.atelier-reklama.sk\/blog\/wp-content\/uploads\/2024\/02\/2024-02-11_104821-2-2-scaled.jpg?resize=1449%2C2048&amp;ssl=1 1449w, https:\/\/i0.wp.com\/www.atelier-reklama.sk\/blog\/wp-content\/uploads\/2024\/02\/2024-02-11_104821-2-2-scaled.jpg?w=1812&amp;ssl=1 1812w, https:\/\/i0.wp.com\/www.atelier-reklama.sk\/blog\/wp-content\/uploads\/2024\/02\/2024-02-11_104821-2-2-scaled.jpg?w=1600&amp;ssl=1 1600w\" sizes=\"auto, (max-width: 725px) 100vw, 725px\" \/><\/figure>\n\n\n\n<figure class=\"wp-block-image aligncenter size-large\"><img data-recalc-dims=\"1\" loading=\"lazy\" decoding=\"async\" width=\"725\" height=\"1024\" data-attachment-id=\"14071\" data-permalink=\"https:\/\/www.atelier-reklama.sk\/blog\/moj-krekacsky-kroj-a-jeho-prekreslene-vzory-spolu\/oplecka-senohrad-uet-savstrih-3-2\/\" data-orig-file=\"https:\/\/i0.wp.com\/www.atelier-reklama.sk\/blog\/wp-content\/uploads\/2024\/02\/Opleck%C3%A1-Senohrad-%C3%9AEt-SAVstrih-3-2-scaled.jpg?fit=1812%2C2560&amp;ssl=1\" data-orig-size=\"1812,2560\" data-comments-opened=\"1\" data-image-meta=\"{&quot;aperture&quot;:&quot;0&quot;,&quot;credit&quot;:&quot;&quot;,&quot;camera&quot;:&quot;&quot;,&quot;caption&quot;:&quot;&quot;,&quot;created_timestamp&quot;:&quot;0&quot;,&quot;copyright&quot;:&quot;&quot;,&quot;focal_length&quot;:&quot;0&quot;,&quot;iso&quot;:&quot;0&quot;,&quot;shutter_speed&quot;:&quot;0&quot;,&quot;title&quot;:&quot;&quot;,&quot;orientation&quot;:&quot;1&quot;}\" data-image-title=\"Opleck\u00e1-Senohrad-\u00daEt-SAVstrih-3-2\" data-image-description=\"\" data-image-caption=\"\" data-medium-file=\"https:\/\/i0.wp.com\/www.atelier-reklama.sk\/blog\/wp-content\/uploads\/2024\/02\/Opleck%C3%A1-Senohrad-%C3%9AEt-SAVstrih-3-2-scaled.jpg?fit=212%2C300&amp;ssl=1\" data-large-file=\"https:\/\/i0.wp.com\/www.atelier-reklama.sk\/blog\/wp-content\/uploads\/2024\/02\/Opleck%C3%A1-Senohrad-%C3%9AEt-SAVstrih-3-2-scaled.jpg?fit=725%2C1024&amp;ssl=1\" src=\"https:\/\/i0.wp.com\/www.atelier-reklama.sk\/blog\/wp-content\/uploads\/2024\/02\/Opleck%C3%A1-Senohrad-%C3%9AEt-SAVstrih-3-2.jpg?resize=725%2C1024&#038;ssl=1\" alt=\"\" class=\"wp-image-14071\" srcset=\"https:\/\/i0.wp.com\/www.atelier-reklama.sk\/blog\/wp-content\/uploads\/2024\/02\/Opleck%C3%A1-Senohrad-%C3%9AEt-SAVstrih-3-2-scaled.jpg?resize=725%2C1024&amp;ssl=1 725w, https:\/\/i0.wp.com\/www.atelier-reklama.sk\/blog\/wp-content\/uploads\/2024\/02\/Opleck%C3%A1-Senohrad-%C3%9AEt-SAVstrih-3-2-scaled.jpg?resize=212%2C300&amp;ssl=1 212w, https:\/\/i0.wp.com\/www.atelier-reklama.sk\/blog\/wp-content\/uploads\/2024\/02\/Opleck%C3%A1-Senohrad-%C3%9AEt-SAVstrih-3-2-scaled.jpg?resize=768%2C1085&amp;ssl=1 768w, https:\/\/i0.wp.com\/www.atelier-reklama.sk\/blog\/wp-content\/uploads\/2024\/02\/Opleck%C3%A1-Senohrad-%C3%9AEt-SAVstrih-3-2-scaled.jpg?resize=1087%2C1536&amp;ssl=1 1087w, https:\/\/i0.wp.com\/www.atelier-reklama.sk\/blog\/wp-content\/uploads\/2024\/02\/Opleck%C3%A1-Senohrad-%C3%9AEt-SAVstrih-3-2-scaled.jpg?resize=1449%2C2048&amp;ssl=1 1449w, https:\/\/i0.wp.com\/www.atelier-reklama.sk\/blog\/wp-content\/uploads\/2024\/02\/Opleck%C3%A1-Senohrad-%C3%9AEt-SAVstrih-3-2-scaled.jpg?w=1812&amp;ssl=1 1812w, https:\/\/i0.wp.com\/www.atelier-reklama.sk\/blog\/wp-content\/uploads\/2024\/02\/Opleck%C3%A1-Senohrad-%C3%9AEt-SAVstrih-3-2-scaled.jpg?w=1600&amp;ssl=1 1600w\" sizes=\"auto, (max-width: 725px) 100vw, 725px\" \/><\/figure>\n\n\n\n<h2 class=\"wp-block-heading has-text-align-center\">IV. KAB\u00c1TIKY\/VIZITKY\/\u013dIPI\u0164INKY<\/h2>\n\n\n\n<p>Region\u00e1lny n\u00e1zov vizitka\/lipitinka<\/p>\n\n\n\n<p>Kab\u00e1tiky v&nbsp;mojej zbierke s\u00fa zhotoven\u00e9 z&nbsp;\u010dierneho zamatu, sat\u00e9nu a&nbsp;brok\u00e1tu, maj\u00fa priliehav\u00fd strih. Mal\u00e9 &nbsp;golieriky s\u00fa &nbsp;\u0161irok\u00e9 1 cm, zap\u00ednaj\u00fa sa na gomb\u00edky alebo patenty, okolo nich je v\u017edy kr\u00ed\u017eikov\u00e1 v\u00fd\u0161ivka, okolo ktorej s\u00fa pri\u0161it\u00e9 ozdobn\u00e9 pr\u00e1miky. Ak nie s\u00fa na konci kab\u00e1tika rance, tak v\u00fd\u0161ivka je aj &nbsp;na fodre. Na man\u017eet\u00e1ch je tie\u017e kr\u00ed\u017eikmi vy\u0161it\u00fd vzor, za n\u00edm pri\u0161it\u00fd pr\u00e1mik. Kab\u00e1tiky sa nosili v&nbsp;chladnej\u0161om obdob\u00ed, obliekali sa na oplecko, alebo na rub\u00e1\u0161, s\u00fa pod\u0161it\u00e9 dekovinou, na\u0148 si &nbsp;v&nbsp;pr\u00edpade potreby d\u00e1vali vlniak.<\/p>\n\n\n\n<ol class=\"wp-block-list\">\n<li> Kab\u00e1tik, Doln\u00e9 Mladonice, druh\u00e1 \u0161tvrtina 20. stor., vy\u0161ila kr\u00ed\u017eikmi Anna O\u010den\u00e1\u0161ov\u00e1, rod. Bartikov\u00e1 (1930-2013)<\/li>\n<\/ol>\n\n\n\n<figure class=\"wp-block-image size-large\"><img data-recalc-dims=\"1\" loading=\"lazy\" decoding=\"async\" width=\"800\" height=\"605\" data-attachment-id=\"12841\" data-permalink=\"https:\/\/www.atelier-reklama.sk\/blog\/moj-krekacsky-kroj-a-jeho-prekreslene-vzory-spolu\/1-kabatik-dolne-mladonice-druha-stvrtina-20-stor-vysila-krizikmi-anna-ocenasova-rod-bartikova-1930-2013\/\" data-orig-file=\"https:\/\/i0.wp.com\/www.atelier-reklama.sk\/blog\/wp-content\/uploads\/2023\/03\/1-Kab%C3%A1tik-Doln%C3%A9-Mladonice-druh%C3%A1-%C5%A1tvrtina-20.-stor.-vy%C5%A1ila-kr%C3%AD%C5%BEikmi-Anna-O%C4%8Den%C3%A1%C5%A1ov%C3%A1-rod.-Bartikov%C3%A1-1930-2013-scaled.jpg?fit=2560%2C1937&amp;ssl=1\" data-orig-size=\"2560,1937\" data-comments-opened=\"1\" data-image-meta=\"{&quot;aperture&quot;:&quot;2&quot;,&quot;credit&quot;:&quot;&quot;,&quot;camera&quot;:&quot;SM-A125F&quot;,&quot;caption&quot;:&quot;&quot;,&quot;created_timestamp&quot;:&quot;1678619112&quot;,&quot;copyright&quot;:&quot;&quot;,&quot;focal_length&quot;:&quot;4.6&quot;,&quot;iso&quot;:&quot;500&quot;,&quot;shutter_speed&quot;:&quot;0.05&quot;,&quot;title&quot;:&quot;&quot;,&quot;orientation&quot;:&quot;1&quot;}\" data-image-title=\"1-Kab\u00e1tik-Doln\u00e9-Mladonice-druh\u00e1-\u0161tvrtina-20.-stor.-vy\u0161ila-kr\u00ed\u017eikmi-Anna-O\u010den\u00e1\u0161ov\u00e1-rod.-Bartikov\u00e1-1930-2013\" data-image-description=\"\" data-image-caption=\"\" data-medium-file=\"https:\/\/i0.wp.com\/www.atelier-reklama.sk\/blog\/wp-content\/uploads\/2023\/03\/1-Kab%C3%A1tik-Doln%C3%A9-Mladonice-druh%C3%A1-%C5%A1tvrtina-20.-stor.-vy%C5%A1ila-kr%C3%AD%C5%BEikmi-Anna-O%C4%8Den%C3%A1%C5%A1ov%C3%A1-rod.-Bartikov%C3%A1-1930-2013-scaled.jpg?fit=300%2C227&amp;ssl=1\" data-large-file=\"https:\/\/i0.wp.com\/www.atelier-reklama.sk\/blog\/wp-content\/uploads\/2023\/03\/1-Kab%C3%A1tik-Doln%C3%A9-Mladonice-druh%C3%A1-%C5%A1tvrtina-20.-stor.-vy%C5%A1ila-kr%C3%AD%C5%BEikmi-Anna-O%C4%8Den%C3%A1%C5%A1ov%C3%A1-rod.-Bartikov%C3%A1-1930-2013-scaled.jpg?fit=800%2C605&amp;ssl=1\" src=\"https:\/\/i0.wp.com\/www.atelier-reklama.sk\/blog\/wp-content\/uploads\/2023\/03\/1-Kab%C3%A1tik-Doln%C3%A9-Mladonice-druh%C3%A1-%C5%A1tvrtina-20.-stor.-vy%C5%A1ila-kr%C3%AD%C5%BEikmi-Anna-O%C4%8Den%C3%A1%C5%A1ov%C3%A1-rod.-Bartikov%C3%A1-1930-2013.jpg?resize=800%2C605&#038;ssl=1\" alt=\"\" class=\"wp-image-12841\" srcset=\"https:\/\/i0.wp.com\/www.atelier-reklama.sk\/blog\/wp-content\/uploads\/2023\/03\/1-Kab%C3%A1tik-Doln%C3%A9-Mladonice-druh%C3%A1-%C5%A1tvrtina-20.-stor.-vy%C5%A1ila-kr%C3%AD%C5%BEikmi-Anna-O%C4%8Den%C3%A1%C5%A1ov%C3%A1-rod.-Bartikov%C3%A1-1930-2013-scaled.jpg?resize=1024%2C775&amp;ssl=1 1024w, https:\/\/i0.wp.com\/www.atelier-reklama.sk\/blog\/wp-content\/uploads\/2023\/03\/1-Kab%C3%A1tik-Doln%C3%A9-Mladonice-druh%C3%A1-%C5%A1tvrtina-20.-stor.-vy%C5%A1ila-kr%C3%AD%C5%BEikmi-Anna-O%C4%8Den%C3%A1%C5%A1ov%C3%A1-rod.-Bartikov%C3%A1-1930-2013-scaled.jpg?resize=300%2C227&amp;ssl=1 300w, https:\/\/i0.wp.com\/www.atelier-reklama.sk\/blog\/wp-content\/uploads\/2023\/03\/1-Kab%C3%A1tik-Doln%C3%A9-Mladonice-druh%C3%A1-%C5%A1tvrtina-20.-stor.-vy%C5%A1ila-kr%C3%AD%C5%BEikmi-Anna-O%C4%8Den%C3%A1%C5%A1ov%C3%A1-rod.-Bartikov%C3%A1-1930-2013-scaled.jpg?resize=768%2C581&amp;ssl=1 768w, https:\/\/i0.wp.com\/www.atelier-reklama.sk\/blog\/wp-content\/uploads\/2023\/03\/1-Kab%C3%A1tik-Doln%C3%A9-Mladonice-druh%C3%A1-%C5%A1tvrtina-20.-stor.-vy%C5%A1ila-kr%C3%AD%C5%BEikmi-Anna-O%C4%8Den%C3%A1%C5%A1ov%C3%A1-rod.-Bartikov%C3%A1-1930-2013-scaled.jpg?resize=1536%2C1162&amp;ssl=1 1536w, https:\/\/i0.wp.com\/www.atelier-reklama.sk\/blog\/wp-content\/uploads\/2023\/03\/1-Kab%C3%A1tik-Doln%C3%A9-Mladonice-druh%C3%A1-%C5%A1tvrtina-20.-stor.-vy%C5%A1ila-kr%C3%AD%C5%BEikmi-Anna-O%C4%8Den%C3%A1%C5%A1ov%C3%A1-rod.-Bartikov%C3%A1-1930-2013-scaled.jpg?resize=2048%2C1549&amp;ssl=1 2048w, https:\/\/i0.wp.com\/www.atelier-reklama.sk\/blog\/wp-content\/uploads\/2023\/03\/1-Kab%C3%A1tik-Doln%C3%A9-Mladonice-druh%C3%A1-%C5%A1tvrtina-20.-stor.-vy%C5%A1ila-kr%C3%AD%C5%BEikmi-Anna-O%C4%8Den%C3%A1%C5%A1ov%C3%A1-rod.-Bartikov%C3%A1-1930-2013-scaled.jpg?w=1600&amp;ssl=1 1600w, https:\/\/i0.wp.com\/www.atelier-reklama.sk\/blog\/wp-content\/uploads\/2023\/03\/1-Kab%C3%A1tik-Doln%C3%A9-Mladonice-druh%C3%A1-%C5%A1tvrtina-20.-stor.-vy%C5%A1ila-kr%C3%AD%C5%BEikmi-Anna-O%C4%8Den%C3%A1%C5%A1ov%C3%A1-rod.-Bartikov%C3%A1-1930-2013-scaled.jpg?w=2400&amp;ssl=1 2400w\" sizes=\"auto, (max-width: 800px) 100vw, 800px\" \/><\/figure>\n\n\n\n<figure class=\"wp-block-image size-large\"><img data-recalc-dims=\"1\" loading=\"lazy\" decoding=\"async\" width=\"800\" height=\"566\" data-attachment-id=\"12842\" data-permalink=\"https:\/\/www.atelier-reklama.sk\/blog\/moj-krekacsky-kroj-a-jeho-prekreslene-vzory-spolu\/1a-kabatik-dolne-mladonice-druha-pol-20-stor-krizikmi-vysila-anna-ocenasova-rod-bartikova-1930-2013\/\" data-orig-file=\"https:\/\/i0.wp.com\/www.atelier-reklama.sk\/blog\/wp-content\/uploads\/2023\/03\/1A-Kab%C3%A1tik-Doln%C3%A9-Mladonice-druh%C3%A1-pol.-20.-stor.-kr%C3%AD%C5%BEikmi-vy%C5%A1ila-Anna-O%C4%8Den%C3%A1%C5%A1ov%C3%A1-rod.-Bartikov%C3%A1-1930-2013-scaled.jpg?fit=2560%2C1810&amp;ssl=1\" data-orig-size=\"2560,1810\" data-comments-opened=\"1\" data-image-meta=\"{&quot;aperture&quot;:&quot;0&quot;,&quot;credit&quot;:&quot;&quot;,&quot;camera&quot;:&quot;&quot;,&quot;caption&quot;:&quot;&quot;,&quot;created_timestamp&quot;:&quot;0&quot;,&quot;copyright&quot;:&quot;&quot;,&quot;focal_length&quot;:&quot;0&quot;,&quot;iso&quot;:&quot;0&quot;,&quot;shutter_speed&quot;:&quot;0&quot;,&quot;title&quot;:&quot;&quot;,&quot;orientation&quot;:&quot;1&quot;}\" data-image-title=\"1A-Kab\u00e1tik-Doln\u00e9-Mladonice-druh\u00e1-pol.-20.-stor.-kr\u00ed\u017eikmi-vy\u0161ila-Anna-O\u010den\u00e1\u0161ov\u00e1-rod.-Bartikov\u00e1-1930-2013\" data-image-description=\"\" data-image-caption=\"\" data-medium-file=\"https:\/\/i0.wp.com\/www.atelier-reklama.sk\/blog\/wp-content\/uploads\/2023\/03\/1A-Kab%C3%A1tik-Doln%C3%A9-Mladonice-druh%C3%A1-pol.-20.-stor.-kr%C3%AD%C5%BEikmi-vy%C5%A1ila-Anna-O%C4%8Den%C3%A1%C5%A1ov%C3%A1-rod.-Bartikov%C3%A1-1930-2013-scaled.jpg?fit=300%2C212&amp;ssl=1\" data-large-file=\"https:\/\/i0.wp.com\/www.atelier-reklama.sk\/blog\/wp-content\/uploads\/2023\/03\/1A-Kab%C3%A1tik-Doln%C3%A9-Mladonice-druh%C3%A1-pol.-20.-stor.-kr%C3%AD%C5%BEikmi-vy%C5%A1ila-Anna-O%C4%8Den%C3%A1%C5%A1ov%C3%A1-rod.-Bartikov%C3%A1-1930-2013-scaled.jpg?fit=800%2C566&amp;ssl=1\" src=\"https:\/\/i0.wp.com\/www.atelier-reklama.sk\/blog\/wp-content\/uploads\/2023\/03\/1A-Kab%C3%A1tik-Doln%C3%A9-Mladonice-druh%C3%A1-pol.-20.-stor.-kr%C3%AD%C5%BEikmi-vy%C5%A1ila-Anna-O%C4%8Den%C3%A1%C5%A1ov%C3%A1-rod.-Bartikov%C3%A1-1930-2013.jpg?resize=800%2C566&#038;ssl=1\" alt=\"\" class=\"wp-image-12842\" srcset=\"https:\/\/i0.wp.com\/www.atelier-reklama.sk\/blog\/wp-content\/uploads\/2023\/03\/1A-Kab%C3%A1tik-Doln%C3%A9-Mladonice-druh%C3%A1-pol.-20.-stor.-kr%C3%AD%C5%BEikmi-vy%C5%A1ila-Anna-O%C4%8Den%C3%A1%C5%A1ov%C3%A1-rod.-Bartikov%C3%A1-1930-2013-scaled.jpg?resize=1024%2C724&amp;ssl=1 1024w, https:\/\/i0.wp.com\/www.atelier-reklama.sk\/blog\/wp-content\/uploads\/2023\/03\/1A-Kab%C3%A1tik-Doln%C3%A9-Mladonice-druh%C3%A1-pol.-20.-stor.-kr%C3%AD%C5%BEikmi-vy%C5%A1ila-Anna-O%C4%8Den%C3%A1%C5%A1ov%C3%A1-rod.-Bartikov%C3%A1-1930-2013-scaled.jpg?resize=300%2C212&amp;ssl=1 300w, https:\/\/i0.wp.com\/www.atelier-reklama.sk\/blog\/wp-content\/uploads\/2023\/03\/1A-Kab%C3%A1tik-Doln%C3%A9-Mladonice-druh%C3%A1-pol.-20.-stor.-kr%C3%AD%C5%BEikmi-vy%C5%A1ila-Anna-O%C4%8Den%C3%A1%C5%A1ov%C3%A1-rod.-Bartikov%C3%A1-1930-2013-scaled.jpg?resize=768%2C543&amp;ssl=1 768w, https:\/\/i0.wp.com\/www.atelier-reklama.sk\/blog\/wp-content\/uploads\/2023\/03\/1A-Kab%C3%A1tik-Doln%C3%A9-Mladonice-druh%C3%A1-pol.-20.-stor.-kr%C3%AD%C5%BEikmi-vy%C5%A1ila-Anna-O%C4%8Den%C3%A1%C5%A1ov%C3%A1-rod.-Bartikov%C3%A1-1930-2013-scaled.jpg?resize=1536%2C1086&amp;ssl=1 1536w, https:\/\/i0.wp.com\/www.atelier-reklama.sk\/blog\/wp-content\/uploads\/2023\/03\/1A-Kab%C3%A1tik-Doln%C3%A9-Mladonice-druh%C3%A1-pol.-20.-stor.-kr%C3%AD%C5%BEikmi-vy%C5%A1ila-Anna-O%C4%8Den%C3%A1%C5%A1ov%C3%A1-rod.-Bartikov%C3%A1-1930-2013-scaled.jpg?resize=2048%2C1448&amp;ssl=1 2048w, https:\/\/i0.wp.com\/www.atelier-reklama.sk\/blog\/wp-content\/uploads\/2023\/03\/1A-Kab%C3%A1tik-Doln%C3%A9-Mladonice-druh%C3%A1-pol.-20.-stor.-kr%C3%AD%C5%BEikmi-vy%C5%A1ila-Anna-O%C4%8Den%C3%A1%C5%A1ov%C3%A1-rod.-Bartikov%C3%A1-1930-2013-scaled.jpg?w=1600&amp;ssl=1 1600w, https:\/\/i0.wp.com\/www.atelier-reklama.sk\/blog\/wp-content\/uploads\/2023\/03\/1A-Kab%C3%A1tik-Doln%C3%A9-Mladonice-druh%C3%A1-pol.-20.-stor.-kr%C3%AD%C5%BEikmi-vy%C5%A1ila-Anna-O%C4%8Den%C3%A1%C5%A1ov%C3%A1-rod.-Bartikov%C3%A1-1930-2013-scaled.jpg?w=2400&amp;ssl=1 2400w\" sizes=\"auto, (max-width: 800px) 100vw, 800px\" \/><\/figure>\n\n\n\n<figure class=\"wp-block-image size-large\"><img data-recalc-dims=\"1\" loading=\"lazy\" decoding=\"async\" width=\"800\" height=\"612\" data-attachment-id=\"12843\" data-permalink=\"https:\/\/www.atelier-reklama.sk\/blog\/moj-krekacsky-kroj-a-jeho-prekreslene-vzory-spolu\/1b-kabatik-dolne-mladonice-druha-stvrtina-20-stor-vysila-krizikmi-anna-ocenasova-rod-bartikova-1930-2013\/\" data-orig-file=\"https:\/\/i0.wp.com\/www.atelier-reklama.sk\/blog\/wp-content\/uploads\/2023\/03\/1B-Kab%C3%A1tik-Doln%C3%A9-Mladonice-druh%C3%A1-%C5%A1tvrtina-20.-stor.-vy%C5%A1ila-kr%C3%AD%C5%BEikmi-Anna-O%C4%8Den%C3%A1%C5%A1ov%C3%A1-rod.-Bartikov%C3%A1-1930-2013-scaled.jpg?fit=2560%2C1959&amp;ssl=1\" data-orig-size=\"2560,1959\" data-comments-opened=\"1\" data-image-meta=\"{&quot;aperture&quot;:&quot;2&quot;,&quot;credit&quot;:&quot;&quot;,&quot;camera&quot;:&quot;SM-A125F&quot;,&quot;caption&quot;:&quot;&quot;,&quot;created_timestamp&quot;:&quot;1678619235&quot;,&quot;copyright&quot;:&quot;&quot;,&quot;focal_length&quot;:&quot;4.6&quot;,&quot;iso&quot;:&quot;640&quot;,&quot;shutter_speed&quot;:&quot;0.05&quot;,&quot;title&quot;:&quot;&quot;,&quot;orientation&quot;:&quot;1&quot;}\" data-image-title=\"1B-Kab\u00e1tik-Doln\u00e9-Mladonice-druh\u00e1-\u0161tvrtina-20.-stor.-vy\u0161ila-kr\u00ed\u017eikmi-Anna-O\u010den\u00e1\u0161ov\u00e1-rod.-Bartikov\u00e1-1930-2013\" data-image-description=\"\" data-image-caption=\"\" data-medium-file=\"https:\/\/i0.wp.com\/www.atelier-reklama.sk\/blog\/wp-content\/uploads\/2023\/03\/1B-Kab%C3%A1tik-Doln%C3%A9-Mladonice-druh%C3%A1-%C5%A1tvrtina-20.-stor.-vy%C5%A1ila-kr%C3%AD%C5%BEikmi-Anna-O%C4%8Den%C3%A1%C5%A1ov%C3%A1-rod.-Bartikov%C3%A1-1930-2013-scaled.jpg?fit=300%2C230&amp;ssl=1\" data-large-file=\"https:\/\/i0.wp.com\/www.atelier-reklama.sk\/blog\/wp-content\/uploads\/2023\/03\/1B-Kab%C3%A1tik-Doln%C3%A9-Mladonice-druh%C3%A1-%C5%A1tvrtina-20.-stor.-vy%C5%A1ila-kr%C3%AD%C5%BEikmi-Anna-O%C4%8Den%C3%A1%C5%A1ov%C3%A1-rod.-Bartikov%C3%A1-1930-2013-scaled.jpg?fit=800%2C612&amp;ssl=1\" src=\"https:\/\/i0.wp.com\/www.atelier-reklama.sk\/blog\/wp-content\/uploads\/2023\/03\/1B-Kab%C3%A1tik-Doln%C3%A9-Mladonice-druh%C3%A1-%C5%A1tvrtina-20.-stor.-vy%C5%A1ila-kr%C3%AD%C5%BEikmi-Anna-O%C4%8Den%C3%A1%C5%A1ov%C3%A1-rod.-Bartikov%C3%A1-1930-2013.jpg?resize=800%2C612&#038;ssl=1\" alt=\"\" class=\"wp-image-12843\" srcset=\"https:\/\/i0.wp.com\/www.atelier-reklama.sk\/blog\/wp-content\/uploads\/2023\/03\/1B-Kab%C3%A1tik-Doln%C3%A9-Mladonice-druh%C3%A1-%C5%A1tvrtina-20.-stor.-vy%C5%A1ila-kr%C3%AD%C5%BEikmi-Anna-O%C4%8Den%C3%A1%C5%A1ov%C3%A1-rod.-Bartikov%C3%A1-1930-2013-scaled.jpg?resize=1024%2C783&amp;ssl=1 1024w, https:\/\/i0.wp.com\/www.atelier-reklama.sk\/blog\/wp-content\/uploads\/2023\/03\/1B-Kab%C3%A1tik-Doln%C3%A9-Mladonice-druh%C3%A1-%C5%A1tvrtina-20.-stor.-vy%C5%A1ila-kr%C3%AD%C5%BEikmi-Anna-O%C4%8Den%C3%A1%C5%A1ov%C3%A1-rod.-Bartikov%C3%A1-1930-2013-scaled.jpg?resize=300%2C230&amp;ssl=1 300w, https:\/\/i0.wp.com\/www.atelier-reklama.sk\/blog\/wp-content\/uploads\/2023\/03\/1B-Kab%C3%A1tik-Doln%C3%A9-Mladonice-druh%C3%A1-%C5%A1tvrtina-20.-stor.-vy%C5%A1ila-kr%C3%AD%C5%BEikmi-Anna-O%C4%8Den%C3%A1%C5%A1ov%C3%A1-rod.-Bartikov%C3%A1-1930-2013-scaled.jpg?resize=768%2C588&amp;ssl=1 768w, https:\/\/i0.wp.com\/www.atelier-reklama.sk\/blog\/wp-content\/uploads\/2023\/03\/1B-Kab%C3%A1tik-Doln%C3%A9-Mladonice-druh%C3%A1-%C5%A1tvrtina-20.-stor.-vy%C5%A1ila-kr%C3%AD%C5%BEikmi-Anna-O%C4%8Den%C3%A1%C5%A1ov%C3%A1-rod.-Bartikov%C3%A1-1930-2013-scaled.jpg?resize=1536%2C1175&amp;ssl=1 1536w, https:\/\/i0.wp.com\/www.atelier-reklama.sk\/blog\/wp-content\/uploads\/2023\/03\/1B-Kab%C3%A1tik-Doln%C3%A9-Mladonice-druh%C3%A1-%C5%A1tvrtina-20.-stor.-vy%C5%A1ila-kr%C3%AD%C5%BEikmi-Anna-O%C4%8Den%C3%A1%C5%A1ov%C3%A1-rod.-Bartikov%C3%A1-1930-2013-scaled.jpg?resize=2048%2C1567&amp;ssl=1 2048w, https:\/\/i0.wp.com\/www.atelier-reklama.sk\/blog\/wp-content\/uploads\/2023\/03\/1B-Kab%C3%A1tik-Doln%C3%A9-Mladonice-druh%C3%A1-%C5%A1tvrtina-20.-stor.-vy%C5%A1ila-kr%C3%AD%C5%BEikmi-Anna-O%C4%8Den%C3%A1%C5%A1ov%C3%A1-rod.-Bartikov%C3%A1-1930-2013-scaled.jpg?w=1600&amp;ssl=1 1600w, https:\/\/i0.wp.com\/www.atelier-reklama.sk\/blog\/wp-content\/uploads\/2023\/03\/1B-Kab%C3%A1tik-Doln%C3%A9-Mladonice-druh%C3%A1-%C5%A1tvrtina-20.-stor.-vy%C5%A1ila-kr%C3%AD%C5%BEikmi-Anna-O%C4%8Den%C3%A1%C5%A1ov%C3%A1-rod.-Bartikov%C3%A1-1930-2013-scaled.jpg?w=2400&amp;ssl=1 2400w\" sizes=\"auto, (max-width: 800px) 100vw, 800px\" \/><\/figure>\n\n\n\n<figure class=\"wp-block-image size-large\"><img data-recalc-dims=\"1\" loading=\"lazy\" decoding=\"async\" width=\"800\" height=\"457\" data-attachment-id=\"12844\" data-permalink=\"https:\/\/www.atelier-reklama.sk\/blog\/moj-krekacsky-kroj-a-jeho-prekreslene-vzory-spolu\/1c-kabatik-dolne-mladonice-druha-stvrtina-20-stor-vysila-krizikmi-anna-ocenasova-rod-bartikova-1930-2013\/\" data-orig-file=\"https:\/\/i0.wp.com\/www.atelier-reklama.sk\/blog\/wp-content\/uploads\/2023\/03\/1C-Kab%C3%A1tik-Doln%C3%A9-Mladonice-druh%C3%A1-%C5%A1tvrtina-20.-stor.-vy%C5%A1ila-kr%C3%AD%C5%BEikmi-Anna-O%C4%8Den%C3%A1%C5%A1ov%C3%A1-rod.-Bartikov%C3%A1-1930-2013-scaled.jpg?fit=2560%2C1462&amp;ssl=1\" data-orig-size=\"2560,1462\" data-comments-opened=\"1\" data-image-meta=\"{&quot;aperture&quot;:&quot;2&quot;,&quot;credit&quot;:&quot;&quot;,&quot;camera&quot;:&quot;SM-A125F&quot;,&quot;caption&quot;:&quot;&quot;,&quot;created_timestamp&quot;:&quot;1678619125&quot;,&quot;copyright&quot;:&quot;&quot;,&quot;focal_length&quot;:&quot;4.6&quot;,&quot;iso&quot;:&quot;640&quot;,&quot;shutter_speed&quot;:&quot;0.05&quot;,&quot;title&quot;:&quot;&quot;,&quot;orientation&quot;:&quot;1&quot;}\" data-image-title=\"1C-Kab\u00e1tik-Doln\u00e9-Mladonice-druh\u00e1-\u0161tvrtina-20.-stor.-vy\u0161ila-kr\u00ed\u017eikmi-Anna-O\u010den\u00e1\u0161ov\u00e1-rod.-Bartikov\u00e1-1930-2013\" data-image-description=\"\" data-image-caption=\"\" data-medium-file=\"https:\/\/i0.wp.com\/www.atelier-reklama.sk\/blog\/wp-content\/uploads\/2023\/03\/1C-Kab%C3%A1tik-Doln%C3%A9-Mladonice-druh%C3%A1-%C5%A1tvrtina-20.-stor.-vy%C5%A1ila-kr%C3%AD%C5%BEikmi-Anna-O%C4%8Den%C3%A1%C5%A1ov%C3%A1-rod.-Bartikov%C3%A1-1930-2013-scaled.jpg?fit=300%2C171&amp;ssl=1\" data-large-file=\"https:\/\/i0.wp.com\/www.atelier-reklama.sk\/blog\/wp-content\/uploads\/2023\/03\/1C-Kab%C3%A1tik-Doln%C3%A9-Mladonice-druh%C3%A1-%C5%A1tvrtina-20.-stor.-vy%C5%A1ila-kr%C3%AD%C5%BEikmi-Anna-O%C4%8Den%C3%A1%C5%A1ov%C3%A1-rod.-Bartikov%C3%A1-1930-2013-scaled.jpg?fit=800%2C457&amp;ssl=1\" src=\"https:\/\/i0.wp.com\/www.atelier-reklama.sk\/blog\/wp-content\/uploads\/2023\/03\/1C-Kab%C3%A1tik-Doln%C3%A9-Mladonice-druh%C3%A1-%C5%A1tvrtina-20.-stor.-vy%C5%A1ila-kr%C3%AD%C5%BEikmi-Anna-O%C4%8Den%C3%A1%C5%A1ov%C3%A1-rod.-Bartikov%C3%A1-1930-2013.jpg?resize=800%2C457&#038;ssl=1\" alt=\"\" class=\"wp-image-12844\" srcset=\"https:\/\/i0.wp.com\/www.atelier-reklama.sk\/blog\/wp-content\/uploads\/2023\/03\/1C-Kab%C3%A1tik-Doln%C3%A9-Mladonice-druh%C3%A1-%C5%A1tvrtina-20.-stor.-vy%C5%A1ila-kr%C3%AD%C5%BEikmi-Anna-O%C4%8Den%C3%A1%C5%A1ov%C3%A1-rod.-Bartikov%C3%A1-1930-2013-scaled.jpg?resize=1024%2C585&amp;ssl=1 1024w, https:\/\/i0.wp.com\/www.atelier-reklama.sk\/blog\/wp-content\/uploads\/2023\/03\/1C-Kab%C3%A1tik-Doln%C3%A9-Mladonice-druh%C3%A1-%C5%A1tvrtina-20.-stor.-vy%C5%A1ila-kr%C3%AD%C5%BEikmi-Anna-O%C4%8Den%C3%A1%C5%A1ov%C3%A1-rod.-Bartikov%C3%A1-1930-2013-scaled.jpg?resize=300%2C171&amp;ssl=1 300w, https:\/\/i0.wp.com\/www.atelier-reklama.sk\/blog\/wp-content\/uploads\/2023\/03\/1C-Kab%C3%A1tik-Doln%C3%A9-Mladonice-druh%C3%A1-%C5%A1tvrtina-20.-stor.-vy%C5%A1ila-kr%C3%AD%C5%BEikmi-Anna-O%C4%8Den%C3%A1%C5%A1ov%C3%A1-rod.-Bartikov%C3%A1-1930-2013-scaled.jpg?resize=768%2C439&amp;ssl=1 768w, https:\/\/i0.wp.com\/www.atelier-reklama.sk\/blog\/wp-content\/uploads\/2023\/03\/1C-Kab%C3%A1tik-Doln%C3%A9-Mladonice-druh%C3%A1-%C5%A1tvrtina-20.-stor.-vy%C5%A1ila-kr%C3%AD%C5%BEikmi-Anna-O%C4%8Den%C3%A1%C5%A1ov%C3%A1-rod.-Bartikov%C3%A1-1930-2013-scaled.jpg?resize=1536%2C877&amp;ssl=1 1536w, https:\/\/i0.wp.com\/www.atelier-reklama.sk\/blog\/wp-content\/uploads\/2023\/03\/1C-Kab%C3%A1tik-Doln%C3%A9-Mladonice-druh%C3%A1-%C5%A1tvrtina-20.-stor.-vy%C5%A1ila-kr%C3%AD%C5%BEikmi-Anna-O%C4%8Den%C3%A1%C5%A1ov%C3%A1-rod.-Bartikov%C3%A1-1930-2013-scaled.jpg?resize=2048%2C1170&amp;ssl=1 2048w, https:\/\/i0.wp.com\/www.atelier-reklama.sk\/blog\/wp-content\/uploads\/2023\/03\/1C-Kab%C3%A1tik-Doln%C3%A9-Mladonice-druh%C3%A1-%C5%A1tvrtina-20.-stor.-vy%C5%A1ila-kr%C3%AD%C5%BEikmi-Anna-O%C4%8Den%C3%A1%C5%A1ov%C3%A1-rod.-Bartikov%C3%A1-1930-2013-scaled.jpg?w=1600&amp;ssl=1 1600w, https:\/\/i0.wp.com\/www.atelier-reklama.sk\/blog\/wp-content\/uploads\/2023\/03\/1C-Kab%C3%A1tik-Doln%C3%A9-Mladonice-druh%C3%A1-%C5%A1tvrtina-20.-stor.-vy%C5%A1ila-kr%C3%AD%C5%BEikmi-Anna-O%C4%8Den%C3%A1%C5%A1ov%C3%A1-rod.-Bartikov%C3%A1-1930-2013-scaled.jpg?w=2400&amp;ssl=1 2400w\" sizes=\"auto, (max-width: 800px) 100vw, 800px\" \/><\/figure>\n\n\n\n<figure class=\"wp-block-image size-large\"><img data-recalc-dims=\"1\" loading=\"lazy\" decoding=\"async\" width=\"800\" height=\"659\" data-attachment-id=\"12845\" data-permalink=\"https:\/\/www.atelier-reklama.sk\/blog\/moj-krekacsky-kroj-a-jeho-prekreslene-vzory-spolu\/1d-kabatik-golier-dolne-mladonice-druha-stvrtina-20-stor-vysila-krizikmi-anna-ocenasova-rod-bartikova-1930-2013\/\" data-orig-file=\"https:\/\/i0.wp.com\/www.atelier-reklama.sk\/blog\/wp-content\/uploads\/2023\/03\/1D-Kab%C3%A1tik-golier-Doln%C3%A9-Mladonice-druh%C3%A1-%C5%A1tvrtina-20.-stor.-vy%C5%A1ila-kr%C3%AD%C5%BEikmi-Anna-O%C4%8Den%C3%A1%C5%A1ov%C3%A1-rod.-Bartikov%C3%A1-1930-2013-scaled.jpg?fit=2560%2C2107&amp;ssl=1\" data-orig-size=\"2560,2107\" data-comments-opened=\"1\" data-image-meta=\"{&quot;aperture&quot;:&quot;2&quot;,&quot;credit&quot;:&quot;&quot;,&quot;camera&quot;:&quot;SM-A125F&quot;,&quot;caption&quot;:&quot;&quot;,&quot;created_timestamp&quot;:&quot;1678618326&quot;,&quot;copyright&quot;:&quot;&quot;,&quot;focal_length&quot;:&quot;4.6&quot;,&quot;iso&quot;:&quot;500&quot;,&quot;shutter_speed&quot;:&quot;0.04&quot;,&quot;title&quot;:&quot;&quot;,&quot;orientation&quot;:&quot;1&quot;}\" data-image-title=\"1D-Kab\u00e1tik-golier-Doln\u00e9-Mladonice-druh\u00e1-\u0161tvrtina-20.-stor.-vy\u0161ila-kr\u00ed\u017eikmi-Anna-O\u010den\u00e1\u0161ov\u00e1-rod.-Bartikov\u00e1-1930-2013\" data-image-description=\"\" data-image-caption=\"\" data-medium-file=\"https:\/\/i0.wp.com\/www.atelier-reklama.sk\/blog\/wp-content\/uploads\/2023\/03\/1D-Kab%C3%A1tik-golier-Doln%C3%A9-Mladonice-druh%C3%A1-%C5%A1tvrtina-20.-stor.-vy%C5%A1ila-kr%C3%AD%C5%BEikmi-Anna-O%C4%8Den%C3%A1%C5%A1ov%C3%A1-rod.-Bartikov%C3%A1-1930-2013-scaled.jpg?fit=300%2C247&amp;ssl=1\" data-large-file=\"https:\/\/i0.wp.com\/www.atelier-reklama.sk\/blog\/wp-content\/uploads\/2023\/03\/1D-Kab%C3%A1tik-golier-Doln%C3%A9-Mladonice-druh%C3%A1-%C5%A1tvrtina-20.-stor.-vy%C5%A1ila-kr%C3%AD%C5%BEikmi-Anna-O%C4%8Den%C3%A1%C5%A1ov%C3%A1-rod.-Bartikov%C3%A1-1930-2013-scaled.jpg?fit=800%2C659&amp;ssl=1\" src=\"https:\/\/i0.wp.com\/www.atelier-reklama.sk\/blog\/wp-content\/uploads\/2023\/03\/1D-Kab%C3%A1tik-golier-Doln%C3%A9-Mladonice-druh%C3%A1-%C5%A1tvrtina-20.-stor.-vy%C5%A1ila-kr%C3%AD%C5%BEikmi-Anna-O%C4%8Den%C3%A1%C5%A1ov%C3%A1-rod.-Bartikov%C3%A1-1930-2013.jpg?resize=800%2C659&#038;ssl=1\" alt=\"\" class=\"wp-image-12845\" srcset=\"https:\/\/i0.wp.com\/www.atelier-reklama.sk\/blog\/wp-content\/uploads\/2023\/03\/1D-Kab%C3%A1tik-golier-Doln%C3%A9-Mladonice-druh%C3%A1-%C5%A1tvrtina-20.-stor.-vy%C5%A1ila-kr%C3%AD%C5%BEikmi-Anna-O%C4%8Den%C3%A1%C5%A1ov%C3%A1-rod.-Bartikov%C3%A1-1930-2013-scaled.jpg?resize=1024%2C843&amp;ssl=1 1024w, https:\/\/i0.wp.com\/www.atelier-reklama.sk\/blog\/wp-content\/uploads\/2023\/03\/1D-Kab%C3%A1tik-golier-Doln%C3%A9-Mladonice-druh%C3%A1-%C5%A1tvrtina-20.-stor.-vy%C5%A1ila-kr%C3%AD%C5%BEikmi-Anna-O%C4%8Den%C3%A1%C5%A1ov%C3%A1-rod.-Bartikov%C3%A1-1930-2013-scaled.jpg?resize=300%2C247&amp;ssl=1 300w, https:\/\/i0.wp.com\/www.atelier-reklama.sk\/blog\/wp-content\/uploads\/2023\/03\/1D-Kab%C3%A1tik-golier-Doln%C3%A9-Mladonice-druh%C3%A1-%C5%A1tvrtina-20.-stor.-vy%C5%A1ila-kr%C3%AD%C5%BEikmi-Anna-O%C4%8Den%C3%A1%C5%A1ov%C3%A1-rod.-Bartikov%C3%A1-1930-2013-scaled.jpg?resize=768%2C632&amp;ssl=1 768w, https:\/\/i0.wp.com\/www.atelier-reklama.sk\/blog\/wp-content\/uploads\/2023\/03\/1D-Kab%C3%A1tik-golier-Doln%C3%A9-Mladonice-druh%C3%A1-%C5%A1tvrtina-20.-stor.-vy%C5%A1ila-kr%C3%AD%C5%BEikmi-Anna-O%C4%8Den%C3%A1%C5%A1ov%C3%A1-rod.-Bartikov%C3%A1-1930-2013-scaled.jpg?resize=1536%2C1264&amp;ssl=1 1536w, https:\/\/i0.wp.com\/www.atelier-reklama.sk\/blog\/wp-content\/uploads\/2023\/03\/1D-Kab%C3%A1tik-golier-Doln%C3%A9-Mladonice-druh%C3%A1-%C5%A1tvrtina-20.-stor.-vy%C5%A1ila-kr%C3%AD%C5%BEikmi-Anna-O%C4%8Den%C3%A1%C5%A1ov%C3%A1-rod.-Bartikov%C3%A1-1930-2013-scaled.jpg?resize=2048%2C1686&amp;ssl=1 2048w, https:\/\/i0.wp.com\/www.atelier-reklama.sk\/blog\/wp-content\/uploads\/2023\/03\/1D-Kab%C3%A1tik-golier-Doln%C3%A9-Mladonice-druh%C3%A1-%C5%A1tvrtina-20.-stor.-vy%C5%A1ila-kr%C3%AD%C5%BEikmi-Anna-O%C4%8Den%C3%A1%C5%A1ov%C3%A1-rod.-Bartikov%C3%A1-1930-2013-scaled.jpg?w=1600&amp;ssl=1 1600w, https:\/\/i0.wp.com\/www.atelier-reklama.sk\/blog\/wp-content\/uploads\/2023\/03\/1D-Kab%C3%A1tik-golier-Doln%C3%A9-Mladonice-druh%C3%A1-%C5%A1tvrtina-20.-stor.-vy%C5%A1ila-kr%C3%AD%C5%BEikmi-Anna-O%C4%8Den%C3%A1%C5%A1ov%C3%A1-rod.-Bartikov%C3%A1-1930-2013-scaled.jpg?w=2400&amp;ssl=1 2400w\" sizes=\"auto, (max-width: 800px) 100vw, 800px\" \/><\/figure>\n\n\n\n<figure class=\"wp-block-image size-large\"><img data-recalc-dims=\"1\" loading=\"lazy\" decoding=\"async\" width=\"800\" height=\"815\" data-attachment-id=\"12846\" data-permalink=\"https:\/\/www.atelier-reklama.sk\/blog\/moj-krekacsky-kroj-a-jeho-prekreslene-vzory-spolu\/1e-kabatik-manzeta-dolne-mladonice-druha-stvrtina-20-stor-vysila-krizikmi-anna-ocenasova-rod-bartikova-1930-2013\/\" data-orig-file=\"https:\/\/i0.wp.com\/www.atelier-reklama.sk\/blog\/wp-content\/uploads\/2023\/03\/1E-Kab%C3%A1tik-man%C5%BEeta-Doln%C3%A9-Mladonice-druh%C3%A1-%C5%A1tvrtina-20.-stor.-vy%C5%A1ila-kr%C3%AD%C5%BEikmi-Anna-O%C4%8Den%C3%A1%C5%A1ov%C3%A1-rod.-Bartikov%C3%A1-1930-2013-scaled.jpg?fit=2512%2C2560&amp;ssl=1\" data-orig-size=\"2512,2560\" data-comments-opened=\"1\" data-image-meta=\"{&quot;aperture&quot;:&quot;2&quot;,&quot;credit&quot;:&quot;&quot;,&quot;camera&quot;:&quot;SM-A125F&quot;,&quot;caption&quot;:&quot;&quot;,&quot;created_timestamp&quot;:&quot;1678618433&quot;,&quot;copyright&quot;:&quot;&quot;,&quot;focal_length&quot;:&quot;4.6&quot;,&quot;iso&quot;:&quot;400&quot;,&quot;shutter_speed&quot;:&quot;0.04&quot;,&quot;title&quot;:&quot;&quot;,&quot;orientation&quot;:&quot;1&quot;}\" data-image-title=\"1E-Kab\u00e1tik-man\u017eeta-Doln\u00e9-Mladonice-druh\u00e1-\u0161tvrtina-20.-stor.-vy\u0161ila-kr\u00ed\u017eikmi-Anna-O\u010den\u00e1\u0161ov\u00e1-rod.-Bartikov\u00e1-1930-2013\" data-image-description=\"\" data-image-caption=\"\" data-medium-file=\"https:\/\/i0.wp.com\/www.atelier-reklama.sk\/blog\/wp-content\/uploads\/2023\/03\/1E-Kab%C3%A1tik-man%C5%BEeta-Doln%C3%A9-Mladonice-druh%C3%A1-%C5%A1tvrtina-20.-stor.-vy%C5%A1ila-kr%C3%AD%C5%BEikmi-Anna-O%C4%8Den%C3%A1%C5%A1ov%C3%A1-rod.-Bartikov%C3%A1-1930-2013-scaled.jpg?fit=294%2C300&amp;ssl=1\" data-large-file=\"https:\/\/i0.wp.com\/www.atelier-reklama.sk\/blog\/wp-content\/uploads\/2023\/03\/1E-Kab%C3%A1tik-man%C5%BEeta-Doln%C3%A9-Mladonice-druh%C3%A1-%C5%A1tvrtina-20.-stor.-vy%C5%A1ila-kr%C3%AD%C5%BEikmi-Anna-O%C4%8Den%C3%A1%C5%A1ov%C3%A1-rod.-Bartikov%C3%A1-1930-2013-scaled.jpg?fit=800%2C815&amp;ssl=1\" src=\"https:\/\/i0.wp.com\/www.atelier-reklama.sk\/blog\/wp-content\/uploads\/2023\/03\/1E-Kab%C3%A1tik-man%C5%BEeta-Doln%C3%A9-Mladonice-druh%C3%A1-%C5%A1tvrtina-20.-stor.-vy%C5%A1ila-kr%C3%AD%C5%BEikmi-Anna-O%C4%8Den%C3%A1%C5%A1ov%C3%A1-rod.-Bartikov%C3%A1-1930-2013.jpg?resize=800%2C815&#038;ssl=1\" alt=\"\" class=\"wp-image-12846\" srcset=\"https:\/\/i0.wp.com\/www.atelier-reklama.sk\/blog\/wp-content\/uploads\/2023\/03\/1E-Kab%C3%A1tik-man%C5%BEeta-Doln%C3%A9-Mladonice-druh%C3%A1-%C5%A1tvrtina-20.-stor.-vy%C5%A1ila-kr%C3%AD%C5%BEikmi-Anna-O%C4%8Den%C3%A1%C5%A1ov%C3%A1-rod.-Bartikov%C3%A1-1930-2013-scaled.jpg?resize=1005%2C1024&amp;ssl=1 1005w, https:\/\/i0.wp.com\/www.atelier-reklama.sk\/blog\/wp-content\/uploads\/2023\/03\/1E-Kab%C3%A1tik-man%C5%BEeta-Doln%C3%A9-Mladonice-druh%C3%A1-%C5%A1tvrtina-20.-stor.-vy%C5%A1ila-kr%C3%AD%C5%BEikmi-Anna-O%C4%8Den%C3%A1%C5%A1ov%C3%A1-rod.-Bartikov%C3%A1-1930-2013-scaled.jpg?resize=294%2C300&amp;ssl=1 294w, https:\/\/i0.wp.com\/www.atelier-reklama.sk\/blog\/wp-content\/uploads\/2023\/03\/1E-Kab%C3%A1tik-man%C5%BEeta-Doln%C3%A9-Mladonice-druh%C3%A1-%C5%A1tvrtina-20.-stor.-vy%C5%A1ila-kr%C3%AD%C5%BEikmi-Anna-O%C4%8Den%C3%A1%C5%A1ov%C3%A1-rod.-Bartikov%C3%A1-1930-2013-scaled.jpg?resize=768%2C783&amp;ssl=1 768w, https:\/\/i0.wp.com\/www.atelier-reklama.sk\/blog\/wp-content\/uploads\/2023\/03\/1E-Kab%C3%A1tik-man%C5%BEeta-Doln%C3%A9-Mladonice-druh%C3%A1-%C5%A1tvrtina-20.-stor.-vy%C5%A1ila-kr%C3%AD%C5%BEikmi-Anna-O%C4%8Den%C3%A1%C5%A1ov%C3%A1-rod.-Bartikov%C3%A1-1930-2013-scaled.jpg?resize=1507%2C1536&amp;ssl=1 1507w, https:\/\/i0.wp.com\/www.atelier-reklama.sk\/blog\/wp-content\/uploads\/2023\/03\/1E-Kab%C3%A1tik-man%C5%BEeta-Doln%C3%A9-Mladonice-druh%C3%A1-%C5%A1tvrtina-20.-stor.-vy%C5%A1ila-kr%C3%AD%C5%BEikmi-Anna-O%C4%8Den%C3%A1%C5%A1ov%C3%A1-rod.-Bartikov%C3%A1-1930-2013-scaled.jpg?resize=2010%2C2048&amp;ssl=1 2010w, https:\/\/i0.wp.com\/www.atelier-reklama.sk\/blog\/wp-content\/uploads\/2023\/03\/1E-Kab%C3%A1tik-man%C5%BEeta-Doln%C3%A9-Mladonice-druh%C3%A1-%C5%A1tvrtina-20.-stor.-vy%C5%A1ila-kr%C3%AD%C5%BEikmi-Anna-O%C4%8Den%C3%A1%C5%A1ov%C3%A1-rod.-Bartikov%C3%A1-1930-2013-scaled.jpg?w=1600&amp;ssl=1 1600w, https:\/\/i0.wp.com\/www.atelier-reklama.sk\/blog\/wp-content\/uploads\/2023\/03\/1E-Kab%C3%A1tik-man%C5%BEeta-Doln%C3%A9-Mladonice-druh%C3%A1-%C5%A1tvrtina-20.-stor.-vy%C5%A1ila-kr%C3%AD%C5%BEikmi-Anna-O%C4%8Den%C3%A1%C5%A1ov%C3%A1-rod.-Bartikov%C3%A1-1930-2013-scaled.jpg?w=2400&amp;ssl=1 2400w\" sizes=\"auto, (max-width: 800px) 100vw, 800px\" \/><\/figure>\n\n\n\n<figure class=\"wp-block-image size-large\"><img data-recalc-dims=\"1\" loading=\"lazy\" decoding=\"async\" width=\"800\" height=\"665\" data-attachment-id=\"12847\" data-permalink=\"https:\/\/www.atelier-reklama.sk\/blog\/moj-krekacsky-kroj-a-jeho-prekreslene-vzory-spolu\/1f-kabatik-zozadu-detail-dolne-mladonice-druha-stvrtina-20-stor-vysila-krizikmi-anna-ocenasova-rod-bartikova-1930-2013\/\" data-orig-file=\"https:\/\/i0.wp.com\/www.atelier-reklama.sk\/blog\/wp-content\/uploads\/2023\/03\/1F-Kab%C3%A1tik-zozadu-detail-Doln%C3%A9-Mladonice-druh%C3%A1-%C5%A1tvrtina-20.-stor.-vy%C5%A1ila-kr%C3%AD%C5%BEikmi-Anna-O%C4%8Den%C3%A1%C5%A1ov%C3%A1-rod.-Bartikov%C3%A1-1930-2013-scaled.jpg?fit=2560%2C2127&amp;ssl=1\" data-orig-size=\"2560,2127\" data-comments-opened=\"1\" data-image-meta=\"{&quot;aperture&quot;:&quot;2&quot;,&quot;credit&quot;:&quot;&quot;,&quot;camera&quot;:&quot;SM-A125F&quot;,&quot;caption&quot;:&quot;&quot;,&quot;created_timestamp&quot;:&quot;1678618409&quot;,&quot;copyright&quot;:&quot;&quot;,&quot;focal_length&quot;:&quot;4.6&quot;,&quot;iso&quot;:&quot;1000&quot;,&quot;shutter_speed&quot;:&quot;0.06&quot;,&quot;title&quot;:&quot;&quot;,&quot;orientation&quot;:&quot;1&quot;}\" data-image-title=\"1F-Kab\u00e1tik-zozadu-detail-Doln\u00e9-Mladonice-druh\u00e1-\u0161tvrtina-20.-stor.-vy\u0161ila-kr\u00ed\u017eikmi-Anna-O\u010den\u00e1\u0161ov\u00e1-rod.-Bartikov\u00e1-1930-2013\" data-image-description=\"\" data-image-caption=\"\" data-medium-file=\"https:\/\/i0.wp.com\/www.atelier-reklama.sk\/blog\/wp-content\/uploads\/2023\/03\/1F-Kab%C3%A1tik-zozadu-detail-Doln%C3%A9-Mladonice-druh%C3%A1-%C5%A1tvrtina-20.-stor.-vy%C5%A1ila-kr%C3%AD%C5%BEikmi-Anna-O%C4%8Den%C3%A1%C5%A1ov%C3%A1-rod.-Bartikov%C3%A1-1930-2013-scaled.jpg?fit=300%2C249&amp;ssl=1\" data-large-file=\"https:\/\/i0.wp.com\/www.atelier-reklama.sk\/blog\/wp-content\/uploads\/2023\/03\/1F-Kab%C3%A1tik-zozadu-detail-Doln%C3%A9-Mladonice-druh%C3%A1-%C5%A1tvrtina-20.-stor.-vy%C5%A1ila-kr%C3%AD%C5%BEikmi-Anna-O%C4%8Den%C3%A1%C5%A1ov%C3%A1-rod.-Bartikov%C3%A1-1930-2013-scaled.jpg?fit=800%2C665&amp;ssl=1\" src=\"https:\/\/i0.wp.com\/www.atelier-reklama.sk\/blog\/wp-content\/uploads\/2023\/03\/1F-Kab%C3%A1tik-zozadu-detail-Doln%C3%A9-Mladonice-druh%C3%A1-%C5%A1tvrtina-20.-stor.-vy%C5%A1ila-kr%C3%AD%C5%BEikmi-Anna-O%C4%8Den%C3%A1%C5%A1ov%C3%A1-rod.-Bartikov%C3%A1-1930-2013.jpg?resize=800%2C665&#038;ssl=1\" alt=\"\" class=\"wp-image-12847\" srcset=\"https:\/\/i0.wp.com\/www.atelier-reklama.sk\/blog\/wp-content\/uploads\/2023\/03\/1F-Kab%C3%A1tik-zozadu-detail-Doln%C3%A9-Mladonice-druh%C3%A1-%C5%A1tvrtina-20.-stor.-vy%C5%A1ila-kr%C3%AD%C5%BEikmi-Anna-O%C4%8Den%C3%A1%C5%A1ov%C3%A1-rod.-Bartikov%C3%A1-1930-2013-scaled.jpg?resize=1024%2C851&amp;ssl=1 1024w, https:\/\/i0.wp.com\/www.atelier-reklama.sk\/blog\/wp-content\/uploads\/2023\/03\/1F-Kab%C3%A1tik-zozadu-detail-Doln%C3%A9-Mladonice-druh%C3%A1-%C5%A1tvrtina-20.-stor.-vy%C5%A1ila-kr%C3%AD%C5%BEikmi-Anna-O%C4%8Den%C3%A1%C5%A1ov%C3%A1-rod.-Bartikov%C3%A1-1930-2013-scaled.jpg?resize=300%2C249&amp;ssl=1 300w, https:\/\/i0.wp.com\/www.atelier-reklama.sk\/blog\/wp-content\/uploads\/2023\/03\/1F-Kab%C3%A1tik-zozadu-detail-Doln%C3%A9-Mladonice-druh%C3%A1-%C5%A1tvrtina-20.-stor.-vy%C5%A1ila-kr%C3%AD%C5%BEikmi-Anna-O%C4%8Den%C3%A1%C5%A1ov%C3%A1-rod.-Bartikov%C3%A1-1930-2013-scaled.jpg?resize=768%2C638&amp;ssl=1 768w, https:\/\/i0.wp.com\/www.atelier-reklama.sk\/blog\/wp-content\/uploads\/2023\/03\/1F-Kab%C3%A1tik-zozadu-detail-Doln%C3%A9-Mladonice-druh%C3%A1-%C5%A1tvrtina-20.-stor.-vy%C5%A1ila-kr%C3%AD%C5%BEikmi-Anna-O%C4%8Den%C3%A1%C5%A1ov%C3%A1-rod.-Bartikov%C3%A1-1930-2013-scaled.jpg?resize=1536%2C1276&amp;ssl=1 1536w, https:\/\/i0.wp.com\/www.atelier-reklama.sk\/blog\/wp-content\/uploads\/2023\/03\/1F-Kab%C3%A1tik-zozadu-detail-Doln%C3%A9-Mladonice-druh%C3%A1-%C5%A1tvrtina-20.-stor.-vy%C5%A1ila-kr%C3%AD%C5%BEikmi-Anna-O%C4%8Den%C3%A1%C5%A1ov%C3%A1-rod.-Bartikov%C3%A1-1930-2013-scaled.jpg?resize=2048%2C1701&amp;ssl=1 2048w, https:\/\/i0.wp.com\/www.atelier-reklama.sk\/blog\/wp-content\/uploads\/2023\/03\/1F-Kab%C3%A1tik-zozadu-detail-Doln%C3%A9-Mladonice-druh%C3%A1-%C5%A1tvrtina-20.-stor.-vy%C5%A1ila-kr%C3%AD%C5%BEikmi-Anna-O%C4%8Den%C3%A1%C5%A1ov%C3%A1-rod.-Bartikov%C3%A1-1930-2013-scaled.jpg?w=1600&amp;ssl=1 1600w, https:\/\/i0.wp.com\/www.atelier-reklama.sk\/blog\/wp-content\/uploads\/2023\/03\/1F-Kab%C3%A1tik-zozadu-detail-Doln%C3%A9-Mladonice-druh%C3%A1-%C5%A1tvrtina-20.-stor.-vy%C5%A1ila-kr%C3%AD%C5%BEikmi-Anna-O%C4%8Den%C3%A1%C5%A1ov%C3%A1-rod.-Bartikov%C3%A1-1930-2013-scaled.jpg?w=2400&amp;ssl=1 2400w\" sizes=\"auto, (max-width: 800px) 100vw, 800px\" \/><\/figure>\n\n\n\n<figure class=\"wp-block-image size-large\"><img data-recalc-dims=\"1\" loading=\"lazy\" decoding=\"async\" width=\"800\" height=\"600\" data-attachment-id=\"12848\" data-permalink=\"https:\/\/www.atelier-reklama.sk\/blog\/moj-krekacsky-kroj-a-jeho-prekreslene-vzory-spolu\/1g-kabatik-gombiky-vzadudetail-dolne-mladonice-druha-stvrtina-20-stor-vysila-krizikmi-anna-ocenasova-rod-bartikova-1930-2013\/\" data-orig-file=\"https:\/\/i0.wp.com\/www.atelier-reklama.sk\/blog\/wp-content\/uploads\/2023\/03\/1G-Kab%C3%A1tik-gombiky-vzadudetail-Doln%C3%A9-Mladonice-druh%C3%A1-%C5%A1tvrtina-20.-stor.-vy%C5%A1ila-kr%C3%AD%C5%BEikmi-Anna-O%C4%8Den%C3%A1%C5%A1ov%C3%A1-rod.-Bartikov%C3%A1-1930-2013-scaled.jpg?fit=2560%2C1920&amp;ssl=1\" data-orig-size=\"2560,1920\" data-comments-opened=\"1\" data-image-meta=\"{&quot;aperture&quot;:&quot;2&quot;,&quot;credit&quot;:&quot;&quot;,&quot;camera&quot;:&quot;SM-A125F&quot;,&quot;caption&quot;:&quot;&quot;,&quot;created_timestamp&quot;:&quot;1678618424&quot;,&quot;copyright&quot;:&quot;&quot;,&quot;focal_length&quot;:&quot;4.6&quot;,&quot;iso&quot;:&quot;1000&quot;,&quot;shutter_speed&quot;:&quot;0.06&quot;,&quot;title&quot;:&quot;&quot;,&quot;orientation&quot;:&quot;1&quot;}\" data-image-title=\"1G-Kab\u00e1tik-gombiky-vzadudetail-Doln\u00e9-Mladonice-druh\u00e1-\u0161tvrtina-20.-stor.-vy\u0161ila-kr\u00ed\u017eikmi-Anna-O\u010den\u00e1\u0161ov\u00e1-rod.-Bartikov\u00e1-1930-2013\" data-image-description=\"\" data-image-caption=\"\" data-medium-file=\"https:\/\/i0.wp.com\/www.atelier-reklama.sk\/blog\/wp-content\/uploads\/2023\/03\/1G-Kab%C3%A1tik-gombiky-vzadudetail-Doln%C3%A9-Mladonice-druh%C3%A1-%C5%A1tvrtina-20.-stor.-vy%C5%A1ila-kr%C3%AD%C5%BEikmi-Anna-O%C4%8Den%C3%A1%C5%A1ov%C3%A1-rod.-Bartikov%C3%A1-1930-2013-scaled.jpg?fit=300%2C225&amp;ssl=1\" data-large-file=\"https:\/\/i0.wp.com\/www.atelier-reklama.sk\/blog\/wp-content\/uploads\/2023\/03\/1G-Kab%C3%A1tik-gombiky-vzadudetail-Doln%C3%A9-Mladonice-druh%C3%A1-%C5%A1tvrtina-20.-stor.-vy%C5%A1ila-kr%C3%AD%C5%BEikmi-Anna-O%C4%8Den%C3%A1%C5%A1ov%C3%A1-rod.-Bartikov%C3%A1-1930-2013-scaled.jpg?fit=800%2C600&amp;ssl=1\" src=\"https:\/\/i0.wp.com\/www.atelier-reklama.sk\/blog\/wp-content\/uploads\/2023\/03\/1G-Kab%C3%A1tik-gombiky-vzadudetail-Doln%C3%A9-Mladonice-druh%C3%A1-%C5%A1tvrtina-20.-stor.-vy%C5%A1ila-kr%C3%AD%C5%BEikmi-Anna-O%C4%8Den%C3%A1%C5%A1ov%C3%A1-rod.-Bartikov%C3%A1-1930-2013.jpg?resize=800%2C600&#038;ssl=1\" alt=\"\" class=\"wp-image-12848\" srcset=\"https:\/\/i0.wp.com\/www.atelier-reklama.sk\/blog\/wp-content\/uploads\/2023\/03\/1G-Kab%C3%A1tik-gombiky-vzadudetail-Doln%C3%A9-Mladonice-druh%C3%A1-%C5%A1tvrtina-20.-stor.-vy%C5%A1ila-kr%C3%AD%C5%BEikmi-Anna-O%C4%8Den%C3%A1%C5%A1ov%C3%A1-rod.-Bartikov%C3%A1-1930-2013-scaled.jpg?resize=1024%2C768&amp;ssl=1 1024w, https:\/\/i0.wp.com\/www.atelier-reklama.sk\/blog\/wp-content\/uploads\/2023\/03\/1G-Kab%C3%A1tik-gombiky-vzadudetail-Doln%C3%A9-Mladonice-druh%C3%A1-%C5%A1tvrtina-20.-stor.-vy%C5%A1ila-kr%C3%AD%C5%BEikmi-Anna-O%C4%8Den%C3%A1%C5%A1ov%C3%A1-rod.-Bartikov%C3%A1-1930-2013-scaled.jpg?resize=300%2C225&amp;ssl=1 300w, https:\/\/i0.wp.com\/www.atelier-reklama.sk\/blog\/wp-content\/uploads\/2023\/03\/1G-Kab%C3%A1tik-gombiky-vzadudetail-Doln%C3%A9-Mladonice-druh%C3%A1-%C5%A1tvrtina-20.-stor.-vy%C5%A1ila-kr%C3%AD%C5%BEikmi-Anna-O%C4%8Den%C3%A1%C5%A1ov%C3%A1-rod.-Bartikov%C3%A1-1930-2013-scaled.jpg?resize=768%2C576&amp;ssl=1 768w, https:\/\/i0.wp.com\/www.atelier-reklama.sk\/blog\/wp-content\/uploads\/2023\/03\/1G-Kab%C3%A1tik-gombiky-vzadudetail-Doln%C3%A9-Mladonice-druh%C3%A1-%C5%A1tvrtina-20.-stor.-vy%C5%A1ila-kr%C3%AD%C5%BEikmi-Anna-O%C4%8Den%C3%A1%C5%A1ov%C3%A1-rod.-Bartikov%C3%A1-1930-2013-scaled.jpg?resize=1536%2C1152&amp;ssl=1 1536w, https:\/\/i0.wp.com\/www.atelier-reklama.sk\/blog\/wp-content\/uploads\/2023\/03\/1G-Kab%C3%A1tik-gombiky-vzadudetail-Doln%C3%A9-Mladonice-druh%C3%A1-%C5%A1tvrtina-20.-stor.-vy%C5%A1ila-kr%C3%AD%C5%BEikmi-Anna-O%C4%8Den%C3%A1%C5%A1ov%C3%A1-rod.-Bartikov%C3%A1-1930-2013-scaled.jpg?resize=2048%2C1536&amp;ssl=1 2048w, https:\/\/i0.wp.com\/www.atelier-reklama.sk\/blog\/wp-content\/uploads\/2023\/03\/1G-Kab%C3%A1tik-gombiky-vzadudetail-Doln%C3%A9-Mladonice-druh%C3%A1-%C5%A1tvrtina-20.-stor.-vy%C5%A1ila-kr%C3%AD%C5%BEikmi-Anna-O%C4%8Den%C3%A1%C5%A1ov%C3%A1-rod.-Bartikov%C3%A1-1930-2013-scaled.jpg?w=1600&amp;ssl=1 1600w, https:\/\/i0.wp.com\/www.atelier-reklama.sk\/blog\/wp-content\/uploads\/2023\/03\/1G-Kab%C3%A1tik-gombiky-vzadudetail-Doln%C3%A9-Mladonice-druh%C3%A1-%C5%A1tvrtina-20.-stor.-vy%C5%A1ila-kr%C3%AD%C5%BEikmi-Anna-O%C4%8Den%C3%A1%C5%A1ov%C3%A1-rod.-Bartikov%C3%A1-1930-2013-scaled.jpg?w=2400&amp;ssl=1 2400w\" sizes=\"auto, (max-width: 800px) 100vw, 800px\" \/><\/figure>\n\n\n\n<p>2.  Kab\u00e1tik Jal\u0161ov\u00edk, druh\u00e1 pol. 20. stor. kr\u00ed\u017eikmi vy\u0161ila Anna O\u010den\u00e1\u0161ov\u00e1, rod. Bartikov\u00e1 (1930-2013)<\/p>\n\n\n\n<figure class=\"wp-block-image size-large\"><img data-recalc-dims=\"1\" loading=\"lazy\" decoding=\"async\" width=\"800\" height=\"600\" data-attachment-id=\"12870\" data-permalink=\"https:\/\/www.atelier-reklama.sk\/blog\/moj-krekacsky-kroj-a-jeho-prekreslene-vzory-spolu\/2a-kabatik-jalsovik-pol-20-stor-vysila-krizikmi-anna-ocenasova-rod-bartikova-1930-2013\/\" data-orig-file=\"https:\/\/i0.wp.com\/www.atelier-reklama.sk\/blog\/wp-content\/uploads\/2023\/03\/2A-Kab%C3%A1tik-Jal%C5%A1ov%C3%ADk-pol.-20.-stor.-vy%C5%A1ila-kr%C3%AD%C5%BEikmi-Anna-O%C4%8Den%C3%A1%C5%A1ov%C3%A1-rod.-Bartikov%C3%A1-1930-2013-scaled.jpg?fit=2560%2C1920&amp;ssl=1\" data-orig-size=\"2560,1920\" data-comments-opened=\"1\" data-image-meta=\"{&quot;aperture&quot;:&quot;2&quot;,&quot;credit&quot;:&quot;&quot;,&quot;camera&quot;:&quot;SM-A125F&quot;,&quot;caption&quot;:&quot;&quot;,&quot;created_timestamp&quot;:&quot;1678693582&quot;,&quot;copyright&quot;:&quot;&quot;,&quot;focal_length&quot;:&quot;4.6&quot;,&quot;iso&quot;:&quot;250&quot;,&quot;shutter_speed&quot;:&quot;0.04&quot;,&quot;title&quot;:&quot;&quot;,&quot;orientation&quot;:&quot;1&quot;}\" data-image-title=\"2A-Kab\u00e1tik-Jal\u0161ov\u00edk-pol.-20.-stor.-vy\u0161ila-kr\u00ed\u017eikmi-Anna-O\u010den\u00e1\u0161ov\u00e1-rod.-Bartikov\u00e1-1930-2013\" data-image-description=\"\" data-image-caption=\"\" data-medium-file=\"https:\/\/i0.wp.com\/www.atelier-reklama.sk\/blog\/wp-content\/uploads\/2023\/03\/2A-Kab%C3%A1tik-Jal%C5%A1ov%C3%ADk-pol.-20.-stor.-vy%C5%A1ila-kr%C3%AD%C5%BEikmi-Anna-O%C4%8Den%C3%A1%C5%A1ov%C3%A1-rod.-Bartikov%C3%A1-1930-2013-scaled.jpg?fit=300%2C225&amp;ssl=1\" data-large-file=\"https:\/\/i0.wp.com\/www.atelier-reklama.sk\/blog\/wp-content\/uploads\/2023\/03\/2A-Kab%C3%A1tik-Jal%C5%A1ov%C3%ADk-pol.-20.-stor.-vy%C5%A1ila-kr%C3%AD%C5%BEikmi-Anna-O%C4%8Den%C3%A1%C5%A1ov%C3%A1-rod.-Bartikov%C3%A1-1930-2013-scaled.jpg?fit=800%2C600&amp;ssl=1\" src=\"https:\/\/i0.wp.com\/www.atelier-reklama.sk\/blog\/wp-content\/uploads\/2023\/03\/2A-Kab%C3%A1tik-Jal%C5%A1ov%C3%ADk-pol.-20.-stor.-vy%C5%A1ila-kr%C3%AD%C5%BEikmi-Anna-O%C4%8Den%C3%A1%C5%A1ov%C3%A1-rod.-Bartikov%C3%A1-1930-2013.jpg?resize=800%2C600&#038;ssl=1\" alt=\"\" class=\"wp-image-12870\" srcset=\"https:\/\/i0.wp.com\/www.atelier-reklama.sk\/blog\/wp-content\/uploads\/2023\/03\/2A-Kab%C3%A1tik-Jal%C5%A1ov%C3%ADk-pol.-20.-stor.-vy%C5%A1ila-kr%C3%AD%C5%BEikmi-Anna-O%C4%8Den%C3%A1%C5%A1ov%C3%A1-rod.-Bartikov%C3%A1-1930-2013-scaled.jpg?resize=1024%2C768&amp;ssl=1 1024w, https:\/\/i0.wp.com\/www.atelier-reklama.sk\/blog\/wp-content\/uploads\/2023\/03\/2A-Kab%C3%A1tik-Jal%C5%A1ov%C3%ADk-pol.-20.-stor.-vy%C5%A1ila-kr%C3%AD%C5%BEikmi-Anna-O%C4%8Den%C3%A1%C5%A1ov%C3%A1-rod.-Bartikov%C3%A1-1930-2013-scaled.jpg?resize=300%2C225&amp;ssl=1 300w, https:\/\/i0.wp.com\/www.atelier-reklama.sk\/blog\/wp-content\/uploads\/2023\/03\/2A-Kab%C3%A1tik-Jal%C5%A1ov%C3%ADk-pol.-20.-stor.-vy%C5%A1ila-kr%C3%AD%C5%BEikmi-Anna-O%C4%8Den%C3%A1%C5%A1ov%C3%A1-rod.-Bartikov%C3%A1-1930-2013-scaled.jpg?resize=768%2C576&amp;ssl=1 768w, https:\/\/i0.wp.com\/www.atelier-reklama.sk\/blog\/wp-content\/uploads\/2023\/03\/2A-Kab%C3%A1tik-Jal%C5%A1ov%C3%ADk-pol.-20.-stor.-vy%C5%A1ila-kr%C3%AD%C5%BEikmi-Anna-O%C4%8Den%C3%A1%C5%A1ov%C3%A1-rod.-Bartikov%C3%A1-1930-2013-scaled.jpg?resize=1536%2C1152&amp;ssl=1 1536w, https:\/\/i0.wp.com\/www.atelier-reklama.sk\/blog\/wp-content\/uploads\/2023\/03\/2A-Kab%C3%A1tik-Jal%C5%A1ov%C3%ADk-pol.-20.-stor.-vy%C5%A1ila-kr%C3%AD%C5%BEikmi-Anna-O%C4%8Den%C3%A1%C5%A1ov%C3%A1-rod.-Bartikov%C3%A1-1930-2013-scaled.jpg?resize=2048%2C1536&amp;ssl=1 2048w, https:\/\/i0.wp.com\/www.atelier-reklama.sk\/blog\/wp-content\/uploads\/2023\/03\/2A-Kab%C3%A1tik-Jal%C5%A1ov%C3%ADk-pol.-20.-stor.-vy%C5%A1ila-kr%C3%AD%C5%BEikmi-Anna-O%C4%8Den%C3%A1%C5%A1ov%C3%A1-rod.-Bartikov%C3%A1-1930-2013-scaled.jpg?w=1600&amp;ssl=1 1600w, https:\/\/i0.wp.com\/www.atelier-reklama.sk\/blog\/wp-content\/uploads\/2023\/03\/2A-Kab%C3%A1tik-Jal%C5%A1ov%C3%ADk-pol.-20.-stor.-vy%C5%A1ila-kr%C3%AD%C5%BEikmi-Anna-O%C4%8Den%C3%A1%C5%A1ov%C3%A1-rod.-Bartikov%C3%A1-1930-2013-scaled.jpg?w=2400&amp;ssl=1 2400w\" sizes=\"auto, (max-width: 800px) 100vw, 800px\" \/><\/figure>\n\n\n\n<figure class=\"wp-block-image size-large\"><img data-recalc-dims=\"1\" loading=\"lazy\" decoding=\"async\" width=\"800\" height=\"566\" data-attachment-id=\"12850\" data-permalink=\"https:\/\/www.atelier-reklama.sk\/blog\/moj-krekacsky-kroj-a-jeho-prekreslene-vzory-spolu\/2-kabatik-jalsovik-druha-pol-20-stor-krizikmi-vysila-anna-ocenasova-rod-bartikova-1930-2013\/\" data-orig-file=\"https:\/\/i0.wp.com\/www.atelier-reklama.sk\/blog\/wp-content\/uploads\/2023\/03\/2-Kab%C3%A1tik-Jal%C5%A1ov%C3%ADk-druh%C3%A1-pol.-20.-stor.-kr%C3%AD%C5%BEikmi-vy%C5%A1ila-Anna-O%C4%8Den%C3%A1%C5%A1ov%C3%A1-rod.-Bartikov%C3%A1-1930-2013-scaled.jpg?fit=2560%2C1810&amp;ssl=1\" data-orig-size=\"2560,1810\" data-comments-opened=\"1\" data-image-meta=\"{&quot;aperture&quot;:&quot;0&quot;,&quot;credit&quot;:&quot;&quot;,&quot;camera&quot;:&quot;&quot;,&quot;caption&quot;:&quot;&quot;,&quot;created_timestamp&quot;:&quot;0&quot;,&quot;copyright&quot;:&quot;&quot;,&quot;focal_length&quot;:&quot;0&quot;,&quot;iso&quot;:&quot;0&quot;,&quot;shutter_speed&quot;:&quot;0&quot;,&quot;title&quot;:&quot;&quot;,&quot;orientation&quot;:&quot;0&quot;}\" data-image-title=\"2-Kab\u00e1tik-Jal\u0161ov\u00edk-druh\u00e1-pol.-20.-stor.-kr\u00ed\u017eikmi-vy\u0161ila-Anna-O\u010den\u00e1\u0161ov\u00e1-rod.-Bartikov\u00e1-1930-2013\" data-image-description=\"\" data-image-caption=\"\" data-medium-file=\"https:\/\/i0.wp.com\/www.atelier-reklama.sk\/blog\/wp-content\/uploads\/2023\/03\/2-Kab%C3%A1tik-Jal%C5%A1ov%C3%ADk-druh%C3%A1-pol.-20.-stor.-kr%C3%AD%C5%BEikmi-vy%C5%A1ila-Anna-O%C4%8Den%C3%A1%C5%A1ov%C3%A1-rod.-Bartikov%C3%A1-1930-2013-scaled.jpg?fit=300%2C212&amp;ssl=1\" data-large-file=\"https:\/\/i0.wp.com\/www.atelier-reklama.sk\/blog\/wp-content\/uploads\/2023\/03\/2-Kab%C3%A1tik-Jal%C5%A1ov%C3%ADk-druh%C3%A1-pol.-20.-stor.-kr%C3%AD%C5%BEikmi-vy%C5%A1ila-Anna-O%C4%8Den%C3%A1%C5%A1ov%C3%A1-rod.-Bartikov%C3%A1-1930-2013-scaled.jpg?fit=800%2C566&amp;ssl=1\" src=\"https:\/\/i0.wp.com\/www.atelier-reklama.sk\/blog\/wp-content\/uploads\/2023\/03\/2-Kab%C3%A1tik-Jal%C5%A1ov%C3%ADk-druh%C3%A1-pol.-20.-stor.-kr%C3%AD%C5%BEikmi-vy%C5%A1ila-Anna-O%C4%8Den%C3%A1%C5%A1ov%C3%A1-rod.-Bartikov%C3%A1-1930-2013.jpg?resize=800%2C566&#038;ssl=1\" alt=\"\" class=\"wp-image-12850\" srcset=\"https:\/\/i0.wp.com\/www.atelier-reklama.sk\/blog\/wp-content\/uploads\/2023\/03\/2-Kab%C3%A1tik-Jal%C5%A1ov%C3%ADk-druh%C3%A1-pol.-20.-stor.-kr%C3%AD%C5%BEikmi-vy%C5%A1ila-Anna-O%C4%8Den%C3%A1%C5%A1ov%C3%A1-rod.-Bartikov%C3%A1-1930-2013-scaled.jpg?resize=1024%2C724&amp;ssl=1 1024w, https:\/\/i0.wp.com\/www.atelier-reklama.sk\/blog\/wp-content\/uploads\/2023\/03\/2-Kab%C3%A1tik-Jal%C5%A1ov%C3%ADk-druh%C3%A1-pol.-20.-stor.-kr%C3%AD%C5%BEikmi-vy%C5%A1ila-Anna-O%C4%8Den%C3%A1%C5%A1ov%C3%A1-rod.-Bartikov%C3%A1-1930-2013-scaled.jpg?resize=300%2C212&amp;ssl=1 300w, https:\/\/i0.wp.com\/www.atelier-reklama.sk\/blog\/wp-content\/uploads\/2023\/03\/2-Kab%C3%A1tik-Jal%C5%A1ov%C3%ADk-druh%C3%A1-pol.-20.-stor.-kr%C3%AD%C5%BEikmi-vy%C5%A1ila-Anna-O%C4%8Den%C3%A1%C5%A1ov%C3%A1-rod.-Bartikov%C3%A1-1930-2013-scaled.jpg?resize=768%2C543&amp;ssl=1 768w, https:\/\/i0.wp.com\/www.atelier-reklama.sk\/blog\/wp-content\/uploads\/2023\/03\/2-Kab%C3%A1tik-Jal%C5%A1ov%C3%ADk-druh%C3%A1-pol.-20.-stor.-kr%C3%AD%C5%BEikmi-vy%C5%A1ila-Anna-O%C4%8Den%C3%A1%C5%A1ov%C3%A1-rod.-Bartikov%C3%A1-1930-2013-scaled.jpg?resize=1536%2C1086&amp;ssl=1 1536w, https:\/\/i0.wp.com\/www.atelier-reklama.sk\/blog\/wp-content\/uploads\/2023\/03\/2-Kab%C3%A1tik-Jal%C5%A1ov%C3%ADk-druh%C3%A1-pol.-20.-stor.-kr%C3%AD%C5%BEikmi-vy%C5%A1ila-Anna-O%C4%8Den%C3%A1%C5%A1ov%C3%A1-rod.-Bartikov%C3%A1-1930-2013-scaled.jpg?resize=2048%2C1448&amp;ssl=1 2048w, https:\/\/i0.wp.com\/www.atelier-reklama.sk\/blog\/wp-content\/uploads\/2023\/03\/2-Kab%C3%A1tik-Jal%C5%A1ov%C3%ADk-druh%C3%A1-pol.-20.-stor.-kr%C3%AD%C5%BEikmi-vy%C5%A1ila-Anna-O%C4%8Den%C3%A1%C5%A1ov%C3%A1-rod.-Bartikov%C3%A1-1930-2013-scaled.jpg?w=1600&amp;ssl=1 1600w, https:\/\/i0.wp.com\/www.atelier-reklama.sk\/blog\/wp-content\/uploads\/2023\/03\/2-Kab%C3%A1tik-Jal%C5%A1ov%C3%ADk-druh%C3%A1-pol.-20.-stor.-kr%C3%AD%C5%BEikmi-vy%C5%A1ila-Anna-O%C4%8Den%C3%A1%C5%A1ov%C3%A1-rod.-Bartikov%C3%A1-1930-2013-scaled.jpg?w=2400&amp;ssl=1 2400w\" sizes=\"auto, (max-width: 800px) 100vw, 800px\" \/><\/figure>\n\n\n\n<figure class=\"wp-block-image size-large\"><img data-recalc-dims=\"1\" loading=\"lazy\" decoding=\"async\" width=\"800\" height=\"536\" data-attachment-id=\"12871\" data-permalink=\"https:\/\/www.atelier-reklama.sk\/blog\/moj-krekacsky-kroj-a-jeho-prekreslene-vzory-spolu\/2c-kabatik-jalsovik-pol-20-stor-vysila-krizikmi-anna-ocenasova-rod-bartikova-1930-2013\/\" data-orig-file=\"https:\/\/i0.wp.com\/www.atelier-reklama.sk\/blog\/wp-content\/uploads\/2023\/03\/2C-Kab%C3%A1tik-Jal%C5%A1ov%C3%ADk-pol.-20.-stor.-vy%C5%A1ila-kr%C3%AD%C5%BEikmi-Anna-O%C4%8Den%C3%A1%C5%A1ov%C3%A1-rod.-Bartikov%C3%A1-1930-2013-scaled.jpg?fit=2560%2C1715&amp;ssl=1\" data-orig-size=\"2560,1715\" data-comments-opened=\"1\" data-image-meta=\"{&quot;aperture&quot;:&quot;2&quot;,&quot;credit&quot;:&quot;&quot;,&quot;camera&quot;:&quot;SM-A125F&quot;,&quot;caption&quot;:&quot;&quot;,&quot;created_timestamp&quot;:&quot;1678693716&quot;,&quot;copyright&quot;:&quot;&quot;,&quot;focal_length&quot;:&quot;4.6&quot;,&quot;iso&quot;:&quot;200&quot;,&quot;shutter_speed&quot;:&quot;0.04&quot;,&quot;title&quot;:&quot;&quot;,&quot;orientation&quot;:&quot;1&quot;}\" data-image-title=\"2C-Kab\u00e1tik-Jal\u0161ov\u00edk-pol.-20.-stor.-vy\u0161ila-kr\u00ed\u017eikmi-Anna-O\u010den\u00e1\u0161ov\u00e1-rod.-Bartikov\u00e1-1930-2013\" data-image-description=\"\" data-image-caption=\"\" data-medium-file=\"https:\/\/i0.wp.com\/www.atelier-reklama.sk\/blog\/wp-content\/uploads\/2023\/03\/2C-Kab%C3%A1tik-Jal%C5%A1ov%C3%ADk-pol.-20.-stor.-vy%C5%A1ila-kr%C3%AD%C5%BEikmi-Anna-O%C4%8Den%C3%A1%C5%A1ov%C3%A1-rod.-Bartikov%C3%A1-1930-2013-scaled.jpg?fit=300%2C201&amp;ssl=1\" data-large-file=\"https:\/\/i0.wp.com\/www.atelier-reklama.sk\/blog\/wp-content\/uploads\/2023\/03\/2C-Kab%C3%A1tik-Jal%C5%A1ov%C3%ADk-pol.-20.-stor.-vy%C5%A1ila-kr%C3%AD%C5%BEikmi-Anna-O%C4%8Den%C3%A1%C5%A1ov%C3%A1-rod.-Bartikov%C3%A1-1930-2013-scaled.jpg?fit=800%2C536&amp;ssl=1\" src=\"https:\/\/i0.wp.com\/www.atelier-reklama.sk\/blog\/wp-content\/uploads\/2023\/03\/2C-Kab%C3%A1tik-Jal%C5%A1ov%C3%ADk-pol.-20.-stor.-vy%C5%A1ila-kr%C3%AD%C5%BEikmi-Anna-O%C4%8Den%C3%A1%C5%A1ov%C3%A1-rod.-Bartikov%C3%A1-1930-2013.jpg?resize=800%2C536&#038;ssl=1\" alt=\"\" class=\"wp-image-12871\" srcset=\"https:\/\/i0.wp.com\/www.atelier-reklama.sk\/blog\/wp-content\/uploads\/2023\/03\/2C-Kab%C3%A1tik-Jal%C5%A1ov%C3%ADk-pol.-20.-stor.-vy%C5%A1ila-kr%C3%AD%C5%BEikmi-Anna-O%C4%8Den%C3%A1%C5%A1ov%C3%A1-rod.-Bartikov%C3%A1-1930-2013-scaled.jpg?resize=1024%2C686&amp;ssl=1 1024w, https:\/\/i0.wp.com\/www.atelier-reklama.sk\/blog\/wp-content\/uploads\/2023\/03\/2C-Kab%C3%A1tik-Jal%C5%A1ov%C3%ADk-pol.-20.-stor.-vy%C5%A1ila-kr%C3%AD%C5%BEikmi-Anna-O%C4%8Den%C3%A1%C5%A1ov%C3%A1-rod.-Bartikov%C3%A1-1930-2013-scaled.jpg?resize=300%2C201&amp;ssl=1 300w, https:\/\/i0.wp.com\/www.atelier-reklama.sk\/blog\/wp-content\/uploads\/2023\/03\/2C-Kab%C3%A1tik-Jal%C5%A1ov%C3%ADk-pol.-20.-stor.-vy%C5%A1ila-kr%C3%AD%C5%BEikmi-Anna-O%C4%8Den%C3%A1%C5%A1ov%C3%A1-rod.-Bartikov%C3%A1-1930-2013-scaled.jpg?resize=768%2C514&amp;ssl=1 768w, https:\/\/i0.wp.com\/www.atelier-reklama.sk\/blog\/wp-content\/uploads\/2023\/03\/2C-Kab%C3%A1tik-Jal%C5%A1ov%C3%ADk-pol.-20.-stor.-vy%C5%A1ila-kr%C3%AD%C5%BEikmi-Anna-O%C4%8Den%C3%A1%C5%A1ov%C3%A1-rod.-Bartikov%C3%A1-1930-2013-scaled.jpg?resize=1536%2C1029&amp;ssl=1 1536w, https:\/\/i0.wp.com\/www.atelier-reklama.sk\/blog\/wp-content\/uploads\/2023\/03\/2C-Kab%C3%A1tik-Jal%C5%A1ov%C3%ADk-pol.-20.-stor.-vy%C5%A1ila-kr%C3%AD%C5%BEikmi-Anna-O%C4%8Den%C3%A1%C5%A1ov%C3%A1-rod.-Bartikov%C3%A1-1930-2013-scaled.jpg?resize=2048%2C1372&amp;ssl=1 2048w, https:\/\/i0.wp.com\/www.atelier-reklama.sk\/blog\/wp-content\/uploads\/2023\/03\/2C-Kab%C3%A1tik-Jal%C5%A1ov%C3%ADk-pol.-20.-stor.-vy%C5%A1ila-kr%C3%AD%C5%BEikmi-Anna-O%C4%8Den%C3%A1%C5%A1ov%C3%A1-rod.-Bartikov%C3%A1-1930-2013-scaled.jpg?w=1600&amp;ssl=1 1600w, https:\/\/i0.wp.com\/www.atelier-reklama.sk\/blog\/wp-content\/uploads\/2023\/03\/2C-Kab%C3%A1tik-Jal%C5%A1ov%C3%ADk-pol.-20.-stor.-vy%C5%A1ila-kr%C3%AD%C5%BEikmi-Anna-O%C4%8Den%C3%A1%C5%A1ov%C3%A1-rod.-Bartikov%C3%A1-1930-2013-scaled.jpg?w=2400&amp;ssl=1 2400w\" sizes=\"auto, (max-width: 800px) 100vw, 800px\" \/><\/figure>\n\n\n\n<figure class=\"wp-block-image aligncenter size-large\"><img data-recalc-dims=\"1\" loading=\"lazy\" decoding=\"async\" width=\"768\" height=\"1024\" data-attachment-id=\"12872\" data-permalink=\"https:\/\/www.atelier-reklama.sk\/blog\/moj-krekacsky-kroj-a-jeho-prekreslene-vzory-spolu\/2d-kabatik-jalsovik-pol-20-stor-vysila-krizikmi-anna-ocenasova-rod-bartikova-1930-2013\/\" data-orig-file=\"https:\/\/i0.wp.com\/www.atelier-reklama.sk\/blog\/wp-content\/uploads\/2023\/03\/2D-Kab%C3%A1tik-Jal%C5%A1ov%C3%ADk-pol.-20.-stor.-vy%C5%A1ila-kr%C3%AD%C5%BEikmi-Anna-O%C4%8Den%C3%A1%C5%A1ov%C3%A1-rod.-Bartikov%C3%A1-1930-2013-scaled.jpg?fit=1920%2C2560&amp;ssl=1\" data-orig-size=\"1920,2560\" data-comments-opened=\"1\" data-image-meta=\"{&quot;aperture&quot;:&quot;2&quot;,&quot;credit&quot;:&quot;&quot;,&quot;camera&quot;:&quot;SM-A125F&quot;,&quot;caption&quot;:&quot;&quot;,&quot;created_timestamp&quot;:&quot;1678693639&quot;,&quot;copyright&quot;:&quot;&quot;,&quot;focal_length&quot;:&quot;4.6&quot;,&quot;iso&quot;:&quot;500&quot;,&quot;shutter_speed&quot;:&quot;0.05&quot;,&quot;title&quot;:&quot;&quot;,&quot;orientation&quot;:&quot;1&quot;}\" data-image-title=\"2D-Kab\u00e1tik-Jal\u0161ov\u00edk-pol.-20.-stor.-vy\u0161ila-kr\u00ed\u017eikmi-Anna-O\u010den\u00e1\u0161ov\u00e1-rod.-Bartikov\u00e1-1930-2013\" data-image-description=\"\" data-image-caption=\"\" data-medium-file=\"https:\/\/i0.wp.com\/www.atelier-reklama.sk\/blog\/wp-content\/uploads\/2023\/03\/2D-Kab%C3%A1tik-Jal%C5%A1ov%C3%ADk-pol.-20.-stor.-vy%C5%A1ila-kr%C3%AD%C5%BEikmi-Anna-O%C4%8Den%C3%A1%C5%A1ov%C3%A1-rod.-Bartikov%C3%A1-1930-2013-scaled.jpg?fit=225%2C300&amp;ssl=1\" data-large-file=\"https:\/\/i0.wp.com\/www.atelier-reklama.sk\/blog\/wp-content\/uploads\/2023\/03\/2D-Kab%C3%A1tik-Jal%C5%A1ov%C3%ADk-pol.-20.-stor.-vy%C5%A1ila-kr%C3%AD%C5%BEikmi-Anna-O%C4%8Den%C3%A1%C5%A1ov%C3%A1-rod.-Bartikov%C3%A1-1930-2013-scaled.jpg?fit=768%2C1024&amp;ssl=1\" src=\"https:\/\/i0.wp.com\/www.atelier-reklama.sk\/blog\/wp-content\/uploads\/2023\/03\/2D-Kab%C3%A1tik-Jal%C5%A1ov%C3%ADk-pol.-20.-stor.-vy%C5%A1ila-kr%C3%AD%C5%BEikmi-Anna-O%C4%8Den%C3%A1%C5%A1ov%C3%A1-rod.-Bartikov%C3%A1-1930-2013.jpg?resize=768%2C1024&#038;ssl=1\" alt=\"\" class=\"wp-image-12872\" srcset=\"https:\/\/i0.wp.com\/www.atelier-reklama.sk\/blog\/wp-content\/uploads\/2023\/03\/2D-Kab%C3%A1tik-Jal%C5%A1ov%C3%ADk-pol.-20.-stor.-vy%C5%A1ila-kr%C3%AD%C5%BEikmi-Anna-O%C4%8Den%C3%A1%C5%A1ov%C3%A1-rod.-Bartikov%C3%A1-1930-2013-scaled.jpg?resize=768%2C1024&amp;ssl=1 768w, https:\/\/i0.wp.com\/www.atelier-reklama.sk\/blog\/wp-content\/uploads\/2023\/03\/2D-Kab%C3%A1tik-Jal%C5%A1ov%C3%ADk-pol.-20.-stor.-vy%C5%A1ila-kr%C3%AD%C5%BEikmi-Anna-O%C4%8Den%C3%A1%C5%A1ov%C3%A1-rod.-Bartikov%C3%A1-1930-2013-scaled.jpg?resize=225%2C300&amp;ssl=1 225w, https:\/\/i0.wp.com\/www.atelier-reklama.sk\/blog\/wp-content\/uploads\/2023\/03\/2D-Kab%C3%A1tik-Jal%C5%A1ov%C3%ADk-pol.-20.-stor.-vy%C5%A1ila-kr%C3%AD%C5%BEikmi-Anna-O%C4%8Den%C3%A1%C5%A1ov%C3%A1-rod.-Bartikov%C3%A1-1930-2013-scaled.jpg?resize=1152%2C1536&amp;ssl=1 1152w, https:\/\/i0.wp.com\/www.atelier-reklama.sk\/blog\/wp-content\/uploads\/2023\/03\/2D-Kab%C3%A1tik-Jal%C5%A1ov%C3%ADk-pol.-20.-stor.-vy%C5%A1ila-kr%C3%AD%C5%BEikmi-Anna-O%C4%8Den%C3%A1%C5%A1ov%C3%A1-rod.-Bartikov%C3%A1-1930-2013-scaled.jpg?resize=1536%2C2048&amp;ssl=1 1536w, https:\/\/i0.wp.com\/www.atelier-reklama.sk\/blog\/wp-content\/uploads\/2023\/03\/2D-Kab%C3%A1tik-Jal%C5%A1ov%C3%ADk-pol.-20.-stor.-vy%C5%A1ila-kr%C3%AD%C5%BEikmi-Anna-O%C4%8Den%C3%A1%C5%A1ov%C3%A1-rod.-Bartikov%C3%A1-1930-2013-scaled.jpg?w=1920&amp;ssl=1 1920w, https:\/\/i0.wp.com\/www.atelier-reklama.sk\/blog\/wp-content\/uploads\/2023\/03\/2D-Kab%C3%A1tik-Jal%C5%A1ov%C3%ADk-pol.-20.-stor.-vy%C5%A1ila-kr%C3%AD%C5%BEikmi-Anna-O%C4%8Den%C3%A1%C5%A1ov%C3%A1-rod.-Bartikov%C3%A1-1930-2013-scaled.jpg?w=1600&amp;ssl=1 1600w\" sizes=\"auto, (max-width: 768px) 100vw, 768px\" \/><\/figure>\n\n\n\n<figure class=\"wp-block-image aligncenter size-large\"><img data-recalc-dims=\"1\" loading=\"lazy\" decoding=\"async\" width=\"768\" height=\"1024\" data-attachment-id=\"12873\" data-permalink=\"https:\/\/www.atelier-reklama.sk\/blog\/moj-krekacsky-kroj-a-jeho-prekreslene-vzory-spolu\/2e-kabatik-jalsovik-pol-20-stor-vysila-krizikmi-anna-ocenasova-rod-bartikova-1930-2013\/\" data-orig-file=\"https:\/\/i0.wp.com\/www.atelier-reklama.sk\/blog\/wp-content\/uploads\/2023\/03\/2E-Kab%C3%A1tik-Jal%C5%A1ov%C3%ADk-pol.-20.-stor.-vy%C5%A1ila-kr%C3%AD%C5%BEikmi-Anna-O%C4%8Den%C3%A1%C5%A1ov%C3%A1-rod.-Bartikov%C3%A1-1930-2013-scaled.jpg?fit=1920%2C2560&amp;ssl=1\" data-orig-size=\"1920,2560\" data-comments-opened=\"1\" data-image-meta=\"{&quot;aperture&quot;:&quot;2&quot;,&quot;credit&quot;:&quot;&quot;,&quot;camera&quot;:&quot;SM-A125F&quot;,&quot;caption&quot;:&quot;&quot;,&quot;created_timestamp&quot;:&quot;1678693647&quot;,&quot;copyright&quot;:&quot;&quot;,&quot;focal_length&quot;:&quot;4.6&quot;,&quot;iso&quot;:&quot;500&quot;,&quot;shutter_speed&quot;:&quot;0.05&quot;,&quot;title&quot;:&quot;&quot;,&quot;orientation&quot;:&quot;1&quot;}\" data-image-title=\"2E-Kab\u00e1tik-Jal\u0161ov\u00edk-pol.-20.-stor.-vy\u0161ila-kr\u00ed\u017eikmi-Anna-O\u010den\u00e1\u0161ov\u00e1-rod.-Bartikov\u00e1-1930-2013\" data-image-description=\"\" data-image-caption=\"\" data-medium-file=\"https:\/\/i0.wp.com\/www.atelier-reklama.sk\/blog\/wp-content\/uploads\/2023\/03\/2E-Kab%C3%A1tik-Jal%C5%A1ov%C3%ADk-pol.-20.-stor.-vy%C5%A1ila-kr%C3%AD%C5%BEikmi-Anna-O%C4%8Den%C3%A1%C5%A1ov%C3%A1-rod.-Bartikov%C3%A1-1930-2013-scaled.jpg?fit=225%2C300&amp;ssl=1\" data-large-file=\"https:\/\/i0.wp.com\/www.atelier-reklama.sk\/blog\/wp-content\/uploads\/2023\/03\/2E-Kab%C3%A1tik-Jal%C5%A1ov%C3%ADk-pol.-20.-stor.-vy%C5%A1ila-kr%C3%AD%C5%BEikmi-Anna-O%C4%8Den%C3%A1%C5%A1ov%C3%A1-rod.-Bartikov%C3%A1-1930-2013-scaled.jpg?fit=768%2C1024&amp;ssl=1\" src=\"https:\/\/i0.wp.com\/www.atelier-reklama.sk\/blog\/wp-content\/uploads\/2023\/03\/2E-Kab%C3%A1tik-Jal%C5%A1ov%C3%ADk-pol.-20.-stor.-vy%C5%A1ila-kr%C3%AD%C5%BEikmi-Anna-O%C4%8Den%C3%A1%C5%A1ov%C3%A1-rod.-Bartikov%C3%A1-1930-2013.jpg?resize=768%2C1024&#038;ssl=1\" alt=\"\" class=\"wp-image-12873\" srcset=\"https:\/\/i0.wp.com\/www.atelier-reklama.sk\/blog\/wp-content\/uploads\/2023\/03\/2E-Kab%C3%A1tik-Jal%C5%A1ov%C3%ADk-pol.-20.-stor.-vy%C5%A1ila-kr%C3%AD%C5%BEikmi-Anna-O%C4%8Den%C3%A1%C5%A1ov%C3%A1-rod.-Bartikov%C3%A1-1930-2013-scaled.jpg?resize=768%2C1024&amp;ssl=1 768w, https:\/\/i0.wp.com\/www.atelier-reklama.sk\/blog\/wp-content\/uploads\/2023\/03\/2E-Kab%C3%A1tik-Jal%C5%A1ov%C3%ADk-pol.-20.-stor.-vy%C5%A1ila-kr%C3%AD%C5%BEikmi-Anna-O%C4%8Den%C3%A1%C5%A1ov%C3%A1-rod.-Bartikov%C3%A1-1930-2013-scaled.jpg?resize=225%2C300&amp;ssl=1 225w, https:\/\/i0.wp.com\/www.atelier-reklama.sk\/blog\/wp-content\/uploads\/2023\/03\/2E-Kab%C3%A1tik-Jal%C5%A1ov%C3%ADk-pol.-20.-stor.-vy%C5%A1ila-kr%C3%AD%C5%BEikmi-Anna-O%C4%8Den%C3%A1%C5%A1ov%C3%A1-rod.-Bartikov%C3%A1-1930-2013-scaled.jpg?resize=1152%2C1536&amp;ssl=1 1152w, https:\/\/i0.wp.com\/www.atelier-reklama.sk\/blog\/wp-content\/uploads\/2023\/03\/2E-Kab%C3%A1tik-Jal%C5%A1ov%C3%ADk-pol.-20.-stor.-vy%C5%A1ila-kr%C3%AD%C5%BEikmi-Anna-O%C4%8Den%C3%A1%C5%A1ov%C3%A1-rod.-Bartikov%C3%A1-1930-2013-scaled.jpg?resize=1536%2C2048&amp;ssl=1 1536w, https:\/\/i0.wp.com\/www.atelier-reklama.sk\/blog\/wp-content\/uploads\/2023\/03\/2E-Kab%C3%A1tik-Jal%C5%A1ov%C3%ADk-pol.-20.-stor.-vy%C5%A1ila-kr%C3%AD%C5%BEikmi-Anna-O%C4%8Den%C3%A1%C5%A1ov%C3%A1-rod.-Bartikov%C3%A1-1930-2013-scaled.jpg?w=1920&amp;ssl=1 1920w, https:\/\/i0.wp.com\/www.atelier-reklama.sk\/blog\/wp-content\/uploads\/2023\/03\/2E-Kab%C3%A1tik-Jal%C5%A1ov%C3%ADk-pol.-20.-stor.-vy%C5%A1ila-kr%C3%AD%C5%BEikmi-Anna-O%C4%8Den%C3%A1%C5%A1ov%C3%A1-rod.-Bartikov%C3%A1-1930-2013-scaled.jpg?w=1600&amp;ssl=1 1600w\" sizes=\"auto, (max-width: 768px) 100vw, 768px\" \/><\/figure>\n\n\n\n<figure class=\"wp-block-image size-large\"><img data-recalc-dims=\"1\" loading=\"lazy\" decoding=\"async\" width=\"800\" height=\"769\" data-attachment-id=\"12874\" data-permalink=\"https:\/\/www.atelier-reklama.sk\/blog\/moj-krekacsky-kroj-a-jeho-prekreslene-vzory-spolu\/2f-kabatikmanzeta-jalsovik-pol-20-stor-vysila-krizikmi-anna-ocenasova-rod-bartikova-1930-2013\/\" data-orig-file=\"https:\/\/i0.wp.com\/www.atelier-reklama.sk\/blog\/wp-content\/uploads\/2023\/03\/2F-Kab%C3%A1tikman%C5%BEeta-Jal%C5%A1ov%C3%ADk-pol.-20.-stor.-vy%C5%A1ila-kr%C3%AD%C5%BEikmi-Anna-O%C4%8Den%C3%A1%C5%A1ov%C3%A1-rod.-Bartikov%C3%A1-1930-2013-scaled.jpg?fit=2560%2C2460&amp;ssl=1\" data-orig-size=\"2560,2460\" data-comments-opened=\"1\" data-image-meta=\"{&quot;aperture&quot;:&quot;2&quot;,&quot;credit&quot;:&quot;&quot;,&quot;camera&quot;:&quot;SM-A125F&quot;,&quot;caption&quot;:&quot;&quot;,&quot;created_timestamp&quot;:&quot;1678693776&quot;,&quot;copyright&quot;:&quot;&quot;,&quot;focal_length&quot;:&quot;4.6&quot;,&quot;iso&quot;:&quot;200&quot;,&quot;shutter_speed&quot;:&quot;0.04&quot;,&quot;title&quot;:&quot;&quot;,&quot;orientation&quot;:&quot;1&quot;}\" data-image-title=\"2F-Kab\u00e1tikman\u017eeta-Jal\u0161ov\u00edk-pol.-20.-stor.-vy\u0161ila-kr\u00ed\u017eikmi-Anna-O\u010den\u00e1\u0161ov\u00e1-rod.-Bartikov\u00e1-1930-2013\" data-image-description=\"\" data-image-caption=\"\" data-medium-file=\"https:\/\/i0.wp.com\/www.atelier-reklama.sk\/blog\/wp-content\/uploads\/2023\/03\/2F-Kab%C3%A1tikman%C5%BEeta-Jal%C5%A1ov%C3%ADk-pol.-20.-stor.-vy%C5%A1ila-kr%C3%AD%C5%BEikmi-Anna-O%C4%8Den%C3%A1%C5%A1ov%C3%A1-rod.-Bartikov%C3%A1-1930-2013-scaled.jpg?fit=300%2C288&amp;ssl=1\" data-large-file=\"https:\/\/i0.wp.com\/www.atelier-reklama.sk\/blog\/wp-content\/uploads\/2023\/03\/2F-Kab%C3%A1tikman%C5%BEeta-Jal%C5%A1ov%C3%ADk-pol.-20.-stor.-vy%C5%A1ila-kr%C3%AD%C5%BEikmi-Anna-O%C4%8Den%C3%A1%C5%A1ov%C3%A1-rod.-Bartikov%C3%A1-1930-2013-scaled.jpg?fit=800%2C769&amp;ssl=1\" src=\"https:\/\/i0.wp.com\/www.atelier-reklama.sk\/blog\/wp-content\/uploads\/2023\/03\/2F-Kab%C3%A1tikman%C5%BEeta-Jal%C5%A1ov%C3%ADk-pol.-20.-stor.-vy%C5%A1ila-kr%C3%AD%C5%BEikmi-Anna-O%C4%8Den%C3%A1%C5%A1ov%C3%A1-rod.-Bartikov%C3%A1-1930-2013.jpg?resize=800%2C769&#038;ssl=1\" alt=\"\" class=\"wp-image-12874\" srcset=\"https:\/\/i0.wp.com\/www.atelier-reklama.sk\/blog\/wp-content\/uploads\/2023\/03\/2F-Kab%C3%A1tikman%C5%BEeta-Jal%C5%A1ov%C3%ADk-pol.-20.-stor.-vy%C5%A1ila-kr%C3%AD%C5%BEikmi-Anna-O%C4%8Den%C3%A1%C5%A1ov%C3%A1-rod.-Bartikov%C3%A1-1930-2013-scaled.jpg?resize=1024%2C984&amp;ssl=1 1024w, https:\/\/i0.wp.com\/www.atelier-reklama.sk\/blog\/wp-content\/uploads\/2023\/03\/2F-Kab%C3%A1tikman%C5%BEeta-Jal%C5%A1ov%C3%ADk-pol.-20.-stor.-vy%C5%A1ila-kr%C3%AD%C5%BEikmi-Anna-O%C4%8Den%C3%A1%C5%A1ov%C3%A1-rod.-Bartikov%C3%A1-1930-2013-scaled.jpg?resize=300%2C288&amp;ssl=1 300w, https:\/\/i0.wp.com\/www.atelier-reklama.sk\/blog\/wp-content\/uploads\/2023\/03\/2F-Kab%C3%A1tikman%C5%BEeta-Jal%C5%A1ov%C3%ADk-pol.-20.-stor.-vy%C5%A1ila-kr%C3%AD%C5%BEikmi-Anna-O%C4%8Den%C3%A1%C5%A1ov%C3%A1-rod.-Bartikov%C3%A1-1930-2013-scaled.jpg?resize=768%2C738&amp;ssl=1 768w, https:\/\/i0.wp.com\/www.atelier-reklama.sk\/blog\/wp-content\/uploads\/2023\/03\/2F-Kab%C3%A1tikman%C5%BEeta-Jal%C5%A1ov%C3%ADk-pol.-20.-stor.-vy%C5%A1ila-kr%C3%AD%C5%BEikmi-Anna-O%C4%8Den%C3%A1%C5%A1ov%C3%A1-rod.-Bartikov%C3%A1-1930-2013-scaled.jpg?resize=1536%2C1476&amp;ssl=1 1536w, https:\/\/i0.wp.com\/www.atelier-reklama.sk\/blog\/wp-content\/uploads\/2023\/03\/2F-Kab%C3%A1tikman%C5%BEeta-Jal%C5%A1ov%C3%ADk-pol.-20.-stor.-vy%C5%A1ila-kr%C3%AD%C5%BEikmi-Anna-O%C4%8Den%C3%A1%C5%A1ov%C3%A1-rod.-Bartikov%C3%A1-1930-2013-scaled.jpg?resize=2048%2C1968&amp;ssl=1 2048w, https:\/\/i0.wp.com\/www.atelier-reklama.sk\/blog\/wp-content\/uploads\/2023\/03\/2F-Kab%C3%A1tikman%C5%BEeta-Jal%C5%A1ov%C3%ADk-pol.-20.-stor.-vy%C5%A1ila-kr%C3%AD%C5%BEikmi-Anna-O%C4%8Den%C3%A1%C5%A1ov%C3%A1-rod.-Bartikov%C3%A1-1930-2013-scaled.jpg?w=1600&amp;ssl=1 1600w, https:\/\/i0.wp.com\/www.atelier-reklama.sk\/blog\/wp-content\/uploads\/2023\/03\/2F-Kab%C3%A1tikman%C5%BEeta-Jal%C5%A1ov%C3%ADk-pol.-20.-stor.-vy%C5%A1ila-kr%C3%AD%C5%BEikmi-Anna-O%C4%8Den%C3%A1%C5%A1ov%C3%A1-rod.-Bartikov%C3%A1-1930-2013-scaled.jpg?w=2400&amp;ssl=1 2400w\" sizes=\"auto, (max-width: 800px) 100vw, 800px\" \/><\/figure>\n\n\n\n<p>3. Kab\u00e1tik, Jal\u0161ov\u00edk, (mo\u017eno Doln\u00e9 Mladonice) pol. 20. stor. kr\u00ed\u017eikmi vy\u0161ila Anna O\u010den\u00e1\u0161ov\u00e1, rod. Bartikov\u00e1 (1930-2013)<\/p>\n\n\n\n<figure class=\"wp-block-image size-large\"><img data-recalc-dims=\"1\" loading=\"lazy\" decoding=\"async\" width=\"800\" height=\"531\" data-attachment-id=\"12875\" data-permalink=\"https:\/\/www.atelier-reklama.sk\/blog\/moj-krekacsky-kroj-a-jeho-prekreslene-vzory-spolu\/3a-kabatik-jalsovik-druha-pol-20-stor-krizikmi-vysila-anna-ocenasova-rod-bartikova-1930-2013-jpg\/\" data-orig-file=\"https:\/\/i0.wp.com\/www.atelier-reklama.sk\/blog\/wp-content\/uploads\/2023\/03\/3A-Kab%C3%A1tik-Jal%C5%A1ov%C3%ADk-druh%C3%A1-pol.-20.-stor.-kr%C3%AD%C5%BEikmi-vy%C5%A1ila-Anna-O%C4%8Den%C3%A1%C5%A1ov%C3%A1-rod.-Bartikov%C3%A1-1930-2013.jpg-scaled.jpg?fit=2560%2C1700&amp;ssl=1\" data-orig-size=\"2560,1700\" data-comments-opened=\"1\" data-image-meta=\"{&quot;aperture&quot;:&quot;2&quot;,&quot;credit&quot;:&quot;&quot;,&quot;camera&quot;:&quot;SM-A125F&quot;,&quot;caption&quot;:&quot;&quot;,&quot;created_timestamp&quot;:&quot;1678697592&quot;,&quot;copyright&quot;:&quot;&quot;,&quot;focal_length&quot;:&quot;4.6&quot;,&quot;iso&quot;:&quot;250&quot;,&quot;shutter_speed&quot;:&quot;0.04&quot;,&quot;title&quot;:&quot;&quot;,&quot;orientation&quot;:&quot;1&quot;}\" data-image-title=\"3A-Kab\u00e1tik-Jal\u0161ov\u00edk-druh\u00e1-pol.-20.-stor.-kr\u00ed\u017eikmi-vy\u0161ila-Anna-O\u010den\u00e1\u0161ov\u00e1-rod.-Bartikov\u00e1-1930-2013.jpg\" data-image-description=\"\" data-image-caption=\"\" data-medium-file=\"https:\/\/i0.wp.com\/www.atelier-reklama.sk\/blog\/wp-content\/uploads\/2023\/03\/3A-Kab%C3%A1tik-Jal%C5%A1ov%C3%ADk-druh%C3%A1-pol.-20.-stor.-kr%C3%AD%C5%BEikmi-vy%C5%A1ila-Anna-O%C4%8Den%C3%A1%C5%A1ov%C3%A1-rod.-Bartikov%C3%A1-1930-2013.jpg-scaled.jpg?fit=300%2C199&amp;ssl=1\" data-large-file=\"https:\/\/i0.wp.com\/www.atelier-reklama.sk\/blog\/wp-content\/uploads\/2023\/03\/3A-Kab%C3%A1tik-Jal%C5%A1ov%C3%ADk-druh%C3%A1-pol.-20.-stor.-kr%C3%AD%C5%BEikmi-vy%C5%A1ila-Anna-O%C4%8Den%C3%A1%C5%A1ov%C3%A1-rod.-Bartikov%C3%A1-1930-2013.jpg-scaled.jpg?fit=800%2C531&amp;ssl=1\" src=\"https:\/\/i0.wp.com\/www.atelier-reklama.sk\/blog\/wp-content\/uploads\/2023\/03\/3A-Kab%C3%A1tik-Jal%C5%A1ov%C3%ADk-druh%C3%A1-pol.-20.-stor.-kr%C3%AD%C5%BEikmi-vy%C5%A1ila-Anna-O%C4%8Den%C3%A1%C5%A1ov%C3%A1-rod.-Bartikov%C3%A1-1930-2013.jpg.jpg?resize=800%2C531&#038;ssl=1\" alt=\"\" class=\"wp-image-12875\" srcset=\"https:\/\/i0.wp.com\/www.atelier-reklama.sk\/blog\/wp-content\/uploads\/2023\/03\/3A-Kab%C3%A1tik-Jal%C5%A1ov%C3%ADk-druh%C3%A1-pol.-20.-stor.-kr%C3%AD%C5%BEikmi-vy%C5%A1ila-Anna-O%C4%8Den%C3%A1%C5%A1ov%C3%A1-rod.-Bartikov%C3%A1-1930-2013.jpg-scaled.jpg?resize=1024%2C680&amp;ssl=1 1024w, https:\/\/i0.wp.com\/www.atelier-reklama.sk\/blog\/wp-content\/uploads\/2023\/03\/3A-Kab%C3%A1tik-Jal%C5%A1ov%C3%ADk-druh%C3%A1-pol.-20.-stor.-kr%C3%AD%C5%BEikmi-vy%C5%A1ila-Anna-O%C4%8Den%C3%A1%C5%A1ov%C3%A1-rod.-Bartikov%C3%A1-1930-2013.jpg-scaled.jpg?resize=300%2C199&amp;ssl=1 300w, https:\/\/i0.wp.com\/www.atelier-reklama.sk\/blog\/wp-content\/uploads\/2023\/03\/3A-Kab%C3%A1tik-Jal%C5%A1ov%C3%ADk-druh%C3%A1-pol.-20.-stor.-kr%C3%AD%C5%BEikmi-vy%C5%A1ila-Anna-O%C4%8Den%C3%A1%C5%A1ov%C3%A1-rod.-Bartikov%C3%A1-1930-2013.jpg-scaled.jpg?resize=768%2C510&amp;ssl=1 768w, https:\/\/i0.wp.com\/www.atelier-reklama.sk\/blog\/wp-content\/uploads\/2023\/03\/3A-Kab%C3%A1tik-Jal%C5%A1ov%C3%ADk-druh%C3%A1-pol.-20.-stor.-kr%C3%AD%C5%BEikmi-vy%C5%A1ila-Anna-O%C4%8Den%C3%A1%C5%A1ov%C3%A1-rod.-Bartikov%C3%A1-1930-2013.jpg-scaled.jpg?resize=1536%2C1020&amp;ssl=1 1536w, https:\/\/i0.wp.com\/www.atelier-reklama.sk\/blog\/wp-content\/uploads\/2023\/03\/3A-Kab%C3%A1tik-Jal%C5%A1ov%C3%ADk-druh%C3%A1-pol.-20.-stor.-kr%C3%AD%C5%BEikmi-vy%C5%A1ila-Anna-O%C4%8Den%C3%A1%C5%A1ov%C3%A1-rod.-Bartikov%C3%A1-1930-2013.jpg-scaled.jpg?resize=2048%2C1360&amp;ssl=1 2048w, https:\/\/i0.wp.com\/www.atelier-reklama.sk\/blog\/wp-content\/uploads\/2023\/03\/3A-Kab%C3%A1tik-Jal%C5%A1ov%C3%ADk-druh%C3%A1-pol.-20.-stor.-kr%C3%AD%C5%BEikmi-vy%C5%A1ila-Anna-O%C4%8Den%C3%A1%C5%A1ov%C3%A1-rod.-Bartikov%C3%A1-1930-2013.jpg-scaled.jpg?w=1600&amp;ssl=1 1600w, https:\/\/i0.wp.com\/www.atelier-reklama.sk\/blog\/wp-content\/uploads\/2023\/03\/3A-Kab%C3%A1tik-Jal%C5%A1ov%C3%ADk-druh%C3%A1-pol.-20.-stor.-kr%C3%AD%C5%BEikmi-vy%C5%A1ila-Anna-O%C4%8Den%C3%A1%C5%A1ov%C3%A1-rod.-Bartikov%C3%A1-1930-2013.jpg-scaled.jpg?w=2400&amp;ssl=1 2400w\" sizes=\"auto, (max-width: 800px) 100vw, 800px\" \/><\/figure>\n\n\n\n<figure class=\"wp-block-image size-large\"><img data-recalc-dims=\"1\" loading=\"lazy\" decoding=\"async\" width=\"800\" height=\"566\" data-attachment-id=\"12877\" data-permalink=\"https:\/\/www.atelier-reklama.sk\/blog\/moj-krekacsky-kroj-a-jeho-prekreslene-vzory-spolu\/3b-kabatik-jalsovik-druha-pol-20-stor-krizikmi-vysila-anna-ocenasova-rod-bartikova-1930-2013\/\" data-orig-file=\"https:\/\/i0.wp.com\/www.atelier-reklama.sk\/blog\/wp-content\/uploads\/2023\/03\/3B-Kab%C3%A1tik-Jal%C5%A1ov%C3%ADk-druh%C3%A1-pol.-20.-stor.-kr%C3%AD%C5%BEikmi-vy%C5%A1ila-Anna-O%C4%8Den%C3%A1%C5%A1ov%C3%A1-rod.-Bartikov%C3%A1-1930-2013-scaled.jpg?fit=2560%2C1810&amp;ssl=1\" data-orig-size=\"2560,1810\" data-comments-opened=\"1\" data-image-meta=\"{&quot;aperture&quot;:&quot;0&quot;,&quot;credit&quot;:&quot;&quot;,&quot;camera&quot;:&quot;&quot;,&quot;caption&quot;:&quot;&quot;,&quot;created_timestamp&quot;:&quot;0&quot;,&quot;copyright&quot;:&quot;&quot;,&quot;focal_length&quot;:&quot;0&quot;,&quot;iso&quot;:&quot;0&quot;,&quot;shutter_speed&quot;:&quot;0&quot;,&quot;title&quot;:&quot;&quot;,&quot;orientation&quot;:&quot;0&quot;}\" data-image-title=\"3B-Kab\u00e1tik-Jal\u0161ov\u00edk-druh\u00e1-pol.-20.-stor.-kr\u00ed\u017eikmi-vy\u0161ila-Anna-O\u010den\u00e1\u0161ov\u00e1-rod.-Bartikov\u00e1-1930-2013\" data-image-description=\"\" data-image-caption=\"\" data-medium-file=\"https:\/\/i0.wp.com\/www.atelier-reklama.sk\/blog\/wp-content\/uploads\/2023\/03\/3B-Kab%C3%A1tik-Jal%C5%A1ov%C3%ADk-druh%C3%A1-pol.-20.-stor.-kr%C3%AD%C5%BEikmi-vy%C5%A1ila-Anna-O%C4%8Den%C3%A1%C5%A1ov%C3%A1-rod.-Bartikov%C3%A1-1930-2013-scaled.jpg?fit=300%2C212&amp;ssl=1\" data-large-file=\"https:\/\/i0.wp.com\/www.atelier-reklama.sk\/blog\/wp-content\/uploads\/2023\/03\/3B-Kab%C3%A1tik-Jal%C5%A1ov%C3%ADk-druh%C3%A1-pol.-20.-stor.-kr%C3%AD%C5%BEikmi-vy%C5%A1ila-Anna-O%C4%8Den%C3%A1%C5%A1ov%C3%A1-rod.-Bartikov%C3%A1-1930-2013-scaled.jpg?fit=800%2C566&amp;ssl=1\" src=\"https:\/\/i0.wp.com\/www.atelier-reklama.sk\/blog\/wp-content\/uploads\/2023\/03\/3B-Kab%C3%A1tik-Jal%C5%A1ov%C3%ADk-druh%C3%A1-pol.-20.-stor.-kr%C3%AD%C5%BEikmi-vy%C5%A1ila-Anna-O%C4%8Den%C3%A1%C5%A1ov%C3%A1-rod.-Bartikov%C3%A1-1930-2013.jpg?resize=800%2C566&#038;ssl=1\" alt=\"\" class=\"wp-image-12877\" srcset=\"https:\/\/i0.wp.com\/www.atelier-reklama.sk\/blog\/wp-content\/uploads\/2023\/03\/3B-Kab%C3%A1tik-Jal%C5%A1ov%C3%ADk-druh%C3%A1-pol.-20.-stor.-kr%C3%AD%C5%BEikmi-vy%C5%A1ila-Anna-O%C4%8Den%C3%A1%C5%A1ov%C3%A1-rod.-Bartikov%C3%A1-1930-2013-scaled.jpg?resize=1024%2C724&amp;ssl=1 1024w, https:\/\/i0.wp.com\/www.atelier-reklama.sk\/blog\/wp-content\/uploads\/2023\/03\/3B-Kab%C3%A1tik-Jal%C5%A1ov%C3%ADk-druh%C3%A1-pol.-20.-stor.-kr%C3%AD%C5%BEikmi-vy%C5%A1ila-Anna-O%C4%8Den%C3%A1%C5%A1ov%C3%A1-rod.-Bartikov%C3%A1-1930-2013-scaled.jpg?resize=300%2C212&amp;ssl=1 300w, https:\/\/i0.wp.com\/www.atelier-reklama.sk\/blog\/wp-content\/uploads\/2023\/03\/3B-Kab%C3%A1tik-Jal%C5%A1ov%C3%ADk-druh%C3%A1-pol.-20.-stor.-kr%C3%AD%C5%BEikmi-vy%C5%A1ila-Anna-O%C4%8Den%C3%A1%C5%A1ov%C3%A1-rod.-Bartikov%C3%A1-1930-2013-scaled.jpg?resize=768%2C543&amp;ssl=1 768w, https:\/\/i0.wp.com\/www.atelier-reklama.sk\/blog\/wp-content\/uploads\/2023\/03\/3B-Kab%C3%A1tik-Jal%C5%A1ov%C3%ADk-druh%C3%A1-pol.-20.-stor.-kr%C3%AD%C5%BEikmi-vy%C5%A1ila-Anna-O%C4%8Den%C3%A1%C5%A1ov%C3%A1-rod.-Bartikov%C3%A1-1930-2013-scaled.jpg?resize=1536%2C1086&amp;ssl=1 1536w, https:\/\/i0.wp.com\/www.atelier-reklama.sk\/blog\/wp-content\/uploads\/2023\/03\/3B-Kab%C3%A1tik-Jal%C5%A1ov%C3%ADk-druh%C3%A1-pol.-20.-stor.-kr%C3%AD%C5%BEikmi-vy%C5%A1ila-Anna-O%C4%8Den%C3%A1%C5%A1ov%C3%A1-rod.-Bartikov%C3%A1-1930-2013-scaled.jpg?resize=2048%2C1448&amp;ssl=1 2048w, https:\/\/i0.wp.com\/www.atelier-reklama.sk\/blog\/wp-content\/uploads\/2023\/03\/3B-Kab%C3%A1tik-Jal%C5%A1ov%C3%ADk-druh%C3%A1-pol.-20.-stor.-kr%C3%AD%C5%BEikmi-vy%C5%A1ila-Anna-O%C4%8Den%C3%A1%C5%A1ov%C3%A1-rod.-Bartikov%C3%A1-1930-2013-scaled.jpg?w=1600&amp;ssl=1 1600w, https:\/\/i0.wp.com\/www.atelier-reklama.sk\/blog\/wp-content\/uploads\/2023\/03\/3B-Kab%C3%A1tik-Jal%C5%A1ov%C3%ADk-druh%C3%A1-pol.-20.-stor.-kr%C3%AD%C5%BEikmi-vy%C5%A1ila-Anna-O%C4%8Den%C3%A1%C5%A1ov%C3%A1-rod.-Bartikov%C3%A1-1930-2013-scaled.jpg?w=2400&amp;ssl=1 2400w\" sizes=\"auto, (max-width: 800px) 100vw, 800px\" \/><\/figure>\n\n\n\n<figure class=\"wp-block-image size-large\"><img data-recalc-dims=\"1\" loading=\"lazy\" decoding=\"async\" width=\"800\" height=\"600\" data-attachment-id=\"12878\" data-permalink=\"https:\/\/www.atelier-reklama.sk\/blog\/moj-krekacsky-kroj-a-jeho-prekreslene-vzory-spolu\/3c-kabatik-jalsovik-pol-20-stor-vysila-krizikmi-anna-ocenasova-rod-bartikova-1930-2013-jpg\/\" data-orig-file=\"https:\/\/i0.wp.com\/www.atelier-reklama.sk\/blog\/wp-content\/uploads\/2023\/03\/3C-Kab%C3%A1tik-Jal%C5%A1ov%C3%ADk-pol.-20.-stor.-vy%C5%A1ila-kr%C3%AD%C5%BEikmi-Anna-O%C4%8Den%C3%A1%C5%A1ov%C3%A1-rod.-Bartikov%C3%A1-1930-2013.jpg-scaled.jpg?fit=2560%2C1920&amp;ssl=1\" data-orig-size=\"2560,1920\" data-comments-opened=\"1\" data-image-meta=\"{&quot;aperture&quot;:&quot;2&quot;,&quot;credit&quot;:&quot;&quot;,&quot;camera&quot;:&quot;SM-A125F&quot;,&quot;caption&quot;:&quot;&quot;,&quot;created_timestamp&quot;:&quot;1678697511&quot;,&quot;copyright&quot;:&quot;&quot;,&quot;focal_length&quot;:&quot;4.6&quot;,&quot;iso&quot;:&quot;400&quot;,&quot;shutter_speed&quot;:&quot;0.04&quot;,&quot;title&quot;:&quot;&quot;,&quot;orientation&quot;:&quot;1&quot;}\" data-image-title=\"3C-Kab\u00e1tik-Jal\u0161ov\u00edk-pol.-20.-stor.-vy\u0161ila-kr\u00ed\u017eikmi-Anna-O\u010den\u00e1\u0161ov\u00e1-rod.-Bartikov\u00e1-1930-2013.jpg\" data-image-description=\"\" data-image-caption=\"\" data-medium-file=\"https:\/\/i0.wp.com\/www.atelier-reklama.sk\/blog\/wp-content\/uploads\/2023\/03\/3C-Kab%C3%A1tik-Jal%C5%A1ov%C3%ADk-pol.-20.-stor.-vy%C5%A1ila-kr%C3%AD%C5%BEikmi-Anna-O%C4%8Den%C3%A1%C5%A1ov%C3%A1-rod.-Bartikov%C3%A1-1930-2013.jpg-scaled.jpg?fit=300%2C225&amp;ssl=1\" data-large-file=\"https:\/\/i0.wp.com\/www.atelier-reklama.sk\/blog\/wp-content\/uploads\/2023\/03\/3C-Kab%C3%A1tik-Jal%C5%A1ov%C3%ADk-pol.-20.-stor.-vy%C5%A1ila-kr%C3%AD%C5%BEikmi-Anna-O%C4%8Den%C3%A1%C5%A1ov%C3%A1-rod.-Bartikov%C3%A1-1930-2013.jpg-scaled.jpg?fit=800%2C600&amp;ssl=1\" src=\"https:\/\/i0.wp.com\/www.atelier-reklama.sk\/blog\/wp-content\/uploads\/2023\/03\/3C-Kab%C3%A1tik-Jal%C5%A1ov%C3%ADk-pol.-20.-stor.-vy%C5%A1ila-kr%C3%AD%C5%BEikmi-Anna-O%C4%8Den%C3%A1%C5%A1ov%C3%A1-rod.-Bartikov%C3%A1-1930-2013.jpg.jpg?resize=800%2C600&#038;ssl=1\" alt=\"\" class=\"wp-image-12878\" srcset=\"https:\/\/i0.wp.com\/www.atelier-reklama.sk\/blog\/wp-content\/uploads\/2023\/03\/3C-Kab%C3%A1tik-Jal%C5%A1ov%C3%ADk-pol.-20.-stor.-vy%C5%A1ila-kr%C3%AD%C5%BEikmi-Anna-O%C4%8Den%C3%A1%C5%A1ov%C3%A1-rod.-Bartikov%C3%A1-1930-2013.jpg-scaled.jpg?resize=1024%2C768&amp;ssl=1 1024w, https:\/\/i0.wp.com\/www.atelier-reklama.sk\/blog\/wp-content\/uploads\/2023\/03\/3C-Kab%C3%A1tik-Jal%C5%A1ov%C3%ADk-pol.-20.-stor.-vy%C5%A1ila-kr%C3%AD%C5%BEikmi-Anna-O%C4%8Den%C3%A1%C5%A1ov%C3%A1-rod.-Bartikov%C3%A1-1930-2013.jpg-scaled.jpg?resize=300%2C225&amp;ssl=1 300w, https:\/\/i0.wp.com\/www.atelier-reklama.sk\/blog\/wp-content\/uploads\/2023\/03\/3C-Kab%C3%A1tik-Jal%C5%A1ov%C3%ADk-pol.-20.-stor.-vy%C5%A1ila-kr%C3%AD%C5%BEikmi-Anna-O%C4%8Den%C3%A1%C5%A1ov%C3%A1-rod.-Bartikov%C3%A1-1930-2013.jpg-scaled.jpg?resize=768%2C576&amp;ssl=1 768w, https:\/\/i0.wp.com\/www.atelier-reklama.sk\/blog\/wp-content\/uploads\/2023\/03\/3C-Kab%C3%A1tik-Jal%C5%A1ov%C3%ADk-pol.-20.-stor.-vy%C5%A1ila-kr%C3%AD%C5%BEikmi-Anna-O%C4%8Den%C3%A1%C5%A1ov%C3%A1-rod.-Bartikov%C3%A1-1930-2013.jpg-scaled.jpg?resize=1536%2C1152&amp;ssl=1 1536w, https:\/\/i0.wp.com\/www.atelier-reklama.sk\/blog\/wp-content\/uploads\/2023\/03\/3C-Kab%C3%A1tik-Jal%C5%A1ov%C3%ADk-pol.-20.-stor.-vy%C5%A1ila-kr%C3%AD%C5%BEikmi-Anna-O%C4%8Den%C3%A1%C5%A1ov%C3%A1-rod.-Bartikov%C3%A1-1930-2013.jpg-scaled.jpg?resize=2048%2C1536&amp;ssl=1 2048w, https:\/\/i0.wp.com\/www.atelier-reklama.sk\/blog\/wp-content\/uploads\/2023\/03\/3C-Kab%C3%A1tik-Jal%C5%A1ov%C3%ADk-pol.-20.-stor.-vy%C5%A1ila-kr%C3%AD%C5%BEikmi-Anna-O%C4%8Den%C3%A1%C5%A1ov%C3%A1-rod.-Bartikov%C3%A1-1930-2013.jpg-scaled.jpg?w=1600&amp;ssl=1 1600w, https:\/\/i0.wp.com\/www.atelier-reklama.sk\/blog\/wp-content\/uploads\/2023\/03\/3C-Kab%C3%A1tik-Jal%C5%A1ov%C3%ADk-pol.-20.-stor.-vy%C5%A1ila-kr%C3%AD%C5%BEikmi-Anna-O%C4%8Den%C3%A1%C5%A1ov%C3%A1-rod.-Bartikov%C3%A1-1930-2013.jpg-scaled.jpg?w=2400&amp;ssl=1 2400w\" sizes=\"auto, (max-width: 800px) 100vw, 800px\" \/><\/figure>\n\n\n\n<figure class=\"wp-block-image size-large\"><img data-recalc-dims=\"1\" loading=\"lazy\" decoding=\"async\" width=\"800\" height=\"406\" data-attachment-id=\"12879\" data-permalink=\"https:\/\/www.atelier-reklama.sk\/blog\/moj-krekacsky-kroj-a-jeho-prekreslene-vzory-spolu\/3d-kabatik-jalsovik-druha-pol-20-stor-krizikmi-vysila-anna-ocenasova-rod-bartikova-1930-2013\/\" data-orig-file=\"https:\/\/i0.wp.com\/www.atelier-reklama.sk\/blog\/wp-content\/uploads\/2023\/03\/3D-Kab%C3%A1tik-Jal%C5%A1ov%C3%ADk-druh%C3%A1-pol.-20.-stor.-kr%C3%AD%C5%BEikmi-vy%C5%A1ila-Anna-O%C4%8Den%C3%A1%C5%A1ov%C3%A1-rod.-Bartikov%C3%A1-1930-2013-scaled.jpg?fit=2560%2C1300&amp;ssl=1\" data-orig-size=\"2560,1300\" data-comments-opened=\"1\" data-image-meta=\"{&quot;aperture&quot;:&quot;2&quot;,&quot;credit&quot;:&quot;&quot;,&quot;camera&quot;:&quot;SM-A125F&quot;,&quot;caption&quot;:&quot;&quot;,&quot;created_timestamp&quot;:&quot;1678694040&quot;,&quot;copyright&quot;:&quot;&quot;,&quot;focal_length&quot;:&quot;4.6&quot;,&quot;iso&quot;:&quot;320&quot;,&quot;shutter_speed&quot;:&quot;0.04&quot;,&quot;title&quot;:&quot;&quot;,&quot;orientation&quot;:&quot;1&quot;}\" data-image-title=\"3D-Kab\u00e1tik-Jal\u0161ov\u00edk-druh\u00e1-pol.-20.-stor.-kr\u00ed\u017eikmi-vy\u0161ila-Anna-O\u010den\u00e1\u0161ov\u00e1-rod.-Bartikov\u00e1-1930-2013\" data-image-description=\"\" data-image-caption=\"\" data-medium-file=\"https:\/\/i0.wp.com\/www.atelier-reklama.sk\/blog\/wp-content\/uploads\/2023\/03\/3D-Kab%C3%A1tik-Jal%C5%A1ov%C3%ADk-druh%C3%A1-pol.-20.-stor.-kr%C3%AD%C5%BEikmi-vy%C5%A1ila-Anna-O%C4%8Den%C3%A1%C5%A1ov%C3%A1-rod.-Bartikov%C3%A1-1930-2013-scaled.jpg?fit=300%2C152&amp;ssl=1\" data-large-file=\"https:\/\/i0.wp.com\/www.atelier-reklama.sk\/blog\/wp-content\/uploads\/2023\/03\/3D-Kab%C3%A1tik-Jal%C5%A1ov%C3%ADk-druh%C3%A1-pol.-20.-stor.-kr%C3%AD%C5%BEikmi-vy%C5%A1ila-Anna-O%C4%8Den%C3%A1%C5%A1ov%C3%A1-rod.-Bartikov%C3%A1-1930-2013-scaled.jpg?fit=800%2C406&amp;ssl=1\" src=\"https:\/\/i0.wp.com\/www.atelier-reklama.sk\/blog\/wp-content\/uploads\/2023\/03\/3D-Kab%C3%A1tik-Jal%C5%A1ov%C3%ADk-druh%C3%A1-pol.-20.-stor.-kr%C3%AD%C5%BEikmi-vy%C5%A1ila-Anna-O%C4%8Den%C3%A1%C5%A1ov%C3%A1-rod.-Bartikov%C3%A1-1930-2013.jpg?resize=800%2C406&#038;ssl=1\" alt=\"\" class=\"wp-image-12879\" srcset=\"https:\/\/i0.wp.com\/www.atelier-reklama.sk\/blog\/wp-content\/uploads\/2023\/03\/3D-Kab%C3%A1tik-Jal%C5%A1ov%C3%ADk-druh%C3%A1-pol.-20.-stor.-kr%C3%AD%C5%BEikmi-vy%C5%A1ila-Anna-O%C4%8Den%C3%A1%C5%A1ov%C3%A1-rod.-Bartikov%C3%A1-1930-2013-scaled.jpg?resize=1024%2C520&amp;ssl=1 1024w, https:\/\/i0.wp.com\/www.atelier-reklama.sk\/blog\/wp-content\/uploads\/2023\/03\/3D-Kab%C3%A1tik-Jal%C5%A1ov%C3%ADk-druh%C3%A1-pol.-20.-stor.-kr%C3%AD%C5%BEikmi-vy%C5%A1ila-Anna-O%C4%8Den%C3%A1%C5%A1ov%C3%A1-rod.-Bartikov%C3%A1-1930-2013-scaled.jpg?resize=300%2C152&amp;ssl=1 300w, https:\/\/i0.wp.com\/www.atelier-reklama.sk\/blog\/wp-content\/uploads\/2023\/03\/3D-Kab%C3%A1tik-Jal%C5%A1ov%C3%ADk-druh%C3%A1-pol.-20.-stor.-kr%C3%AD%C5%BEikmi-vy%C5%A1ila-Anna-O%C4%8Den%C3%A1%C5%A1ov%C3%A1-rod.-Bartikov%C3%A1-1930-2013-scaled.jpg?resize=768%2C390&amp;ssl=1 768w, https:\/\/i0.wp.com\/www.atelier-reklama.sk\/blog\/wp-content\/uploads\/2023\/03\/3D-Kab%C3%A1tik-Jal%C5%A1ov%C3%ADk-druh%C3%A1-pol.-20.-stor.-kr%C3%AD%C5%BEikmi-vy%C5%A1ila-Anna-O%C4%8Den%C3%A1%C5%A1ov%C3%A1-rod.-Bartikov%C3%A1-1930-2013-scaled.jpg?resize=1536%2C780&amp;ssl=1 1536w, https:\/\/i0.wp.com\/www.atelier-reklama.sk\/blog\/wp-content\/uploads\/2023\/03\/3D-Kab%C3%A1tik-Jal%C5%A1ov%C3%ADk-druh%C3%A1-pol.-20.-stor.-kr%C3%AD%C5%BEikmi-vy%C5%A1ila-Anna-O%C4%8Den%C3%A1%C5%A1ov%C3%A1-rod.-Bartikov%C3%A1-1930-2013-scaled.jpg?resize=2048%2C1040&amp;ssl=1 2048w, https:\/\/i0.wp.com\/www.atelier-reklama.sk\/blog\/wp-content\/uploads\/2023\/03\/3D-Kab%C3%A1tik-Jal%C5%A1ov%C3%ADk-druh%C3%A1-pol.-20.-stor.-kr%C3%AD%C5%BEikmi-vy%C5%A1ila-Anna-O%C4%8Den%C3%A1%C5%A1ov%C3%A1-rod.-Bartikov%C3%A1-1930-2013-scaled.jpg?w=1600&amp;ssl=1 1600w, https:\/\/i0.wp.com\/www.atelier-reklama.sk\/blog\/wp-content\/uploads\/2023\/03\/3D-Kab%C3%A1tik-Jal%C5%A1ov%C3%ADk-druh%C3%A1-pol.-20.-stor.-kr%C3%AD%C5%BEikmi-vy%C5%A1ila-Anna-O%C4%8Den%C3%A1%C5%A1ov%C3%A1-rod.-Bartikov%C3%A1-1930-2013-scaled.jpg?w=2400&amp;ssl=1 2400w\" sizes=\"auto, (max-width: 800px) 100vw, 800px\" \/><\/figure>\n\n\n\n<figure class=\"wp-block-image aligncenter size-large\"><img data-recalc-dims=\"1\" loading=\"lazy\" decoding=\"async\" width=\"768\" height=\"1024\" data-attachment-id=\"12880\" data-permalink=\"https:\/\/www.atelier-reklama.sk\/blog\/moj-krekacsky-kroj-a-jeho-prekreslene-vzory-spolu\/3e-kabatik-jalsovik-druha-pol-20-stor-krizikmi-vysila-anna-ocenasova-rod-bartikova-1930-2013\/\" data-orig-file=\"https:\/\/i0.wp.com\/www.atelier-reklama.sk\/blog\/wp-content\/uploads\/2023\/03\/3E-Kab%C3%A1tik-Jal%C5%A1ov%C3%ADk-druh%C3%A1-pol.-20.-stor.-kr%C3%AD%C5%BEikmi-vy%C5%A1ila-Anna-O%C4%8Den%C3%A1%C5%A1ov%C3%A1-rod.-Bartikov%C3%A1-1930-2013-scaled.jpg?fit=1920%2C2560&amp;ssl=1\" data-orig-size=\"1920,2560\" data-comments-opened=\"1\" data-image-meta=\"{&quot;aperture&quot;:&quot;2&quot;,&quot;credit&quot;:&quot;&quot;,&quot;camera&quot;:&quot;SM-A125F&quot;,&quot;caption&quot;:&quot;&quot;,&quot;created_timestamp&quot;:&quot;1678693972&quot;,&quot;copyright&quot;:&quot;&quot;,&quot;focal_length&quot;:&quot;4.6&quot;,&quot;iso&quot;:&quot;250&quot;,&quot;shutter_speed&quot;:&quot;0.04&quot;,&quot;title&quot;:&quot;&quot;,&quot;orientation&quot;:&quot;1&quot;}\" data-image-title=\"3E-Kab\u00e1tik-Jal\u0161ov\u00edk-druh\u00e1-pol.-20.-stor.-kr\u00ed\u017eikmi-vy\u0161ila-Anna-O\u010den\u00e1\u0161ov\u00e1-rod.-Bartikov\u00e1-1930-2013\" data-image-description=\"\" data-image-caption=\"\" data-medium-file=\"https:\/\/i0.wp.com\/www.atelier-reklama.sk\/blog\/wp-content\/uploads\/2023\/03\/3E-Kab%C3%A1tik-Jal%C5%A1ov%C3%ADk-druh%C3%A1-pol.-20.-stor.-kr%C3%AD%C5%BEikmi-vy%C5%A1ila-Anna-O%C4%8Den%C3%A1%C5%A1ov%C3%A1-rod.-Bartikov%C3%A1-1930-2013-scaled.jpg?fit=225%2C300&amp;ssl=1\" data-large-file=\"https:\/\/i0.wp.com\/www.atelier-reklama.sk\/blog\/wp-content\/uploads\/2023\/03\/3E-Kab%C3%A1tik-Jal%C5%A1ov%C3%ADk-druh%C3%A1-pol.-20.-stor.-kr%C3%AD%C5%BEikmi-vy%C5%A1ila-Anna-O%C4%8Den%C3%A1%C5%A1ov%C3%A1-rod.-Bartikov%C3%A1-1930-2013-scaled.jpg?fit=768%2C1024&amp;ssl=1\" src=\"https:\/\/i0.wp.com\/www.atelier-reklama.sk\/blog\/wp-content\/uploads\/2023\/03\/3E-Kab%C3%A1tik-Jal%C5%A1ov%C3%ADk-druh%C3%A1-pol.-20.-stor.-kr%C3%AD%C5%BEikmi-vy%C5%A1ila-Anna-O%C4%8Den%C3%A1%C5%A1ov%C3%A1-rod.-Bartikov%C3%A1-1930-2013.jpg?resize=768%2C1024&#038;ssl=1\" alt=\"\" class=\"wp-image-12880\" srcset=\"https:\/\/i0.wp.com\/www.atelier-reklama.sk\/blog\/wp-content\/uploads\/2023\/03\/3E-Kab%C3%A1tik-Jal%C5%A1ov%C3%ADk-druh%C3%A1-pol.-20.-stor.-kr%C3%AD%C5%BEikmi-vy%C5%A1ila-Anna-O%C4%8Den%C3%A1%C5%A1ov%C3%A1-rod.-Bartikov%C3%A1-1930-2013-scaled.jpg?resize=768%2C1024&amp;ssl=1 768w, https:\/\/i0.wp.com\/www.atelier-reklama.sk\/blog\/wp-content\/uploads\/2023\/03\/3E-Kab%C3%A1tik-Jal%C5%A1ov%C3%ADk-druh%C3%A1-pol.-20.-stor.-kr%C3%AD%C5%BEikmi-vy%C5%A1ila-Anna-O%C4%8Den%C3%A1%C5%A1ov%C3%A1-rod.-Bartikov%C3%A1-1930-2013-scaled.jpg?resize=225%2C300&amp;ssl=1 225w, https:\/\/i0.wp.com\/www.atelier-reklama.sk\/blog\/wp-content\/uploads\/2023\/03\/3E-Kab%C3%A1tik-Jal%C5%A1ov%C3%ADk-druh%C3%A1-pol.-20.-stor.-kr%C3%AD%C5%BEikmi-vy%C5%A1ila-Anna-O%C4%8Den%C3%A1%C5%A1ov%C3%A1-rod.-Bartikov%C3%A1-1930-2013-scaled.jpg?resize=1152%2C1536&amp;ssl=1 1152w, https:\/\/i0.wp.com\/www.atelier-reklama.sk\/blog\/wp-content\/uploads\/2023\/03\/3E-Kab%C3%A1tik-Jal%C5%A1ov%C3%ADk-druh%C3%A1-pol.-20.-stor.-kr%C3%AD%C5%BEikmi-vy%C5%A1ila-Anna-O%C4%8Den%C3%A1%C5%A1ov%C3%A1-rod.-Bartikov%C3%A1-1930-2013-scaled.jpg?resize=1536%2C2048&amp;ssl=1 1536w, https:\/\/i0.wp.com\/www.atelier-reklama.sk\/blog\/wp-content\/uploads\/2023\/03\/3E-Kab%C3%A1tik-Jal%C5%A1ov%C3%ADk-druh%C3%A1-pol.-20.-stor.-kr%C3%AD%C5%BEikmi-vy%C5%A1ila-Anna-O%C4%8Den%C3%A1%C5%A1ov%C3%A1-rod.-Bartikov%C3%A1-1930-2013-scaled.jpg?w=1920&amp;ssl=1 1920w, https:\/\/i0.wp.com\/www.atelier-reklama.sk\/blog\/wp-content\/uploads\/2023\/03\/3E-Kab%C3%A1tik-Jal%C5%A1ov%C3%ADk-druh%C3%A1-pol.-20.-stor.-kr%C3%AD%C5%BEikmi-vy%C5%A1ila-Anna-O%C4%8Den%C3%A1%C5%A1ov%C3%A1-rod.-Bartikov%C3%A1-1930-2013-scaled.jpg?w=1600&amp;ssl=1 1600w\" sizes=\"auto, (max-width: 768px) 100vw, 768px\" \/><\/figure>\n\n\n\n<figure class=\"wp-block-image aligncenter size-large\"><img data-recalc-dims=\"1\" loading=\"lazy\" decoding=\"async\" width=\"800\" height=\"895\" data-attachment-id=\"12881\" data-permalink=\"https:\/\/www.atelier-reklama.sk\/blog\/moj-krekacsky-kroj-a-jeho-prekreslene-vzory-spolu\/3f-kabatik-manzeta-jalsovik-druha-pol-20-stor-krizikmi-vysila-anna-ocenasova-rod-bartikova-1930-2013\/\" data-orig-file=\"https:\/\/i0.wp.com\/www.atelier-reklama.sk\/blog\/wp-content\/uploads\/2023\/03\/3F-Kab%C3%A1tik-man%C5%BEeta-Jal%C5%A1ov%C3%ADk-druh%C3%A1-pol.-20.-stor.-kr%C3%AD%C5%BEikmi-vy%C5%A1ila-Anna-O%C4%8Den%C3%A1%C5%A1ov%C3%A1-rod.-Bartikov%C3%A1-1930-2013-scaled.jpg?fit=2289%2C2560&amp;ssl=1\" data-orig-size=\"2289,2560\" data-comments-opened=\"1\" data-image-meta=\"{&quot;aperture&quot;:&quot;2&quot;,&quot;credit&quot;:&quot;&quot;,&quot;camera&quot;:&quot;SM-A125F&quot;,&quot;caption&quot;:&quot;&quot;,&quot;created_timestamp&quot;:&quot;1678693992&quot;,&quot;copyright&quot;:&quot;&quot;,&quot;focal_length&quot;:&quot;4.6&quot;,&quot;iso&quot;:&quot;200&quot;,&quot;shutter_speed&quot;:&quot;0.04&quot;,&quot;title&quot;:&quot;&quot;,&quot;orientation&quot;:&quot;1&quot;}\" data-image-title=\"3F-Kab\u00e1tik-man\u017eeta-Jal\u0161ov\u00edk-druh\u00e1-pol.-20.-stor.-kr\u00ed\u017eikmi-vy\u0161ila-Anna-O\u010den\u00e1\u0161ov\u00e1-rod.-Bartikov\u00e1-1930-2013\" data-image-description=\"\" data-image-caption=\"\" data-medium-file=\"https:\/\/i0.wp.com\/www.atelier-reklama.sk\/blog\/wp-content\/uploads\/2023\/03\/3F-Kab%C3%A1tik-man%C5%BEeta-Jal%C5%A1ov%C3%ADk-druh%C3%A1-pol.-20.-stor.-kr%C3%AD%C5%BEikmi-vy%C5%A1ila-Anna-O%C4%8Den%C3%A1%C5%A1ov%C3%A1-rod.-Bartikov%C3%A1-1930-2013-scaled.jpg?fit=268%2C300&amp;ssl=1\" data-large-file=\"https:\/\/i0.wp.com\/www.atelier-reklama.sk\/blog\/wp-content\/uploads\/2023\/03\/3F-Kab%C3%A1tik-man%C5%BEeta-Jal%C5%A1ov%C3%ADk-druh%C3%A1-pol.-20.-stor.-kr%C3%AD%C5%BEikmi-vy%C5%A1ila-Anna-O%C4%8Den%C3%A1%C5%A1ov%C3%A1-rod.-Bartikov%C3%A1-1930-2013-scaled.jpg?fit=800%2C895&amp;ssl=1\" src=\"https:\/\/i0.wp.com\/www.atelier-reklama.sk\/blog\/wp-content\/uploads\/2023\/03\/3F-Kab%C3%A1tik-man%C5%BEeta-Jal%C5%A1ov%C3%ADk-druh%C3%A1-pol.-20.-stor.-kr%C3%AD%C5%BEikmi-vy%C5%A1ila-Anna-O%C4%8Den%C3%A1%C5%A1ov%C3%A1-rod.-Bartikov%C3%A1-1930-2013.jpg?resize=800%2C895&#038;ssl=1\" alt=\"\" class=\"wp-image-12881\" srcset=\"https:\/\/i0.wp.com\/www.atelier-reklama.sk\/blog\/wp-content\/uploads\/2023\/03\/3F-Kab%C3%A1tik-man%C5%BEeta-Jal%C5%A1ov%C3%ADk-druh%C3%A1-pol.-20.-stor.-kr%C3%AD%C5%BEikmi-vy%C5%A1ila-Anna-O%C4%8Den%C3%A1%C5%A1ov%C3%A1-rod.-Bartikov%C3%A1-1930-2013-scaled.jpg?resize=915%2C1024&amp;ssl=1 915w, https:\/\/i0.wp.com\/www.atelier-reklama.sk\/blog\/wp-content\/uploads\/2023\/03\/3F-Kab%C3%A1tik-man%C5%BEeta-Jal%C5%A1ov%C3%ADk-druh%C3%A1-pol.-20.-stor.-kr%C3%AD%C5%BEikmi-vy%C5%A1ila-Anna-O%C4%8Den%C3%A1%C5%A1ov%C3%A1-rod.-Bartikov%C3%A1-1930-2013-scaled.jpg?resize=268%2C300&amp;ssl=1 268w, https:\/\/i0.wp.com\/www.atelier-reklama.sk\/blog\/wp-content\/uploads\/2023\/03\/3F-Kab%C3%A1tik-man%C5%BEeta-Jal%C5%A1ov%C3%ADk-druh%C3%A1-pol.-20.-stor.-kr%C3%AD%C5%BEikmi-vy%C5%A1ila-Anna-O%C4%8Den%C3%A1%C5%A1ov%C3%A1-rod.-Bartikov%C3%A1-1930-2013-scaled.jpg?resize=768%2C859&amp;ssl=1 768w, https:\/\/i0.wp.com\/www.atelier-reklama.sk\/blog\/wp-content\/uploads\/2023\/03\/3F-Kab%C3%A1tik-man%C5%BEeta-Jal%C5%A1ov%C3%ADk-druh%C3%A1-pol.-20.-stor.-kr%C3%AD%C5%BEikmi-vy%C5%A1ila-Anna-O%C4%8Den%C3%A1%C5%A1ov%C3%A1-rod.-Bartikov%C3%A1-1930-2013-scaled.jpg?resize=1373%2C1536&amp;ssl=1 1373w, https:\/\/i0.wp.com\/www.atelier-reklama.sk\/blog\/wp-content\/uploads\/2023\/03\/3F-Kab%C3%A1tik-man%C5%BEeta-Jal%C5%A1ov%C3%ADk-druh%C3%A1-pol.-20.-stor.-kr%C3%AD%C5%BEikmi-vy%C5%A1ila-Anna-O%C4%8Den%C3%A1%C5%A1ov%C3%A1-rod.-Bartikov%C3%A1-1930-2013-scaled.jpg?resize=1831%2C2048&amp;ssl=1 1831w, https:\/\/i0.wp.com\/www.atelier-reklama.sk\/blog\/wp-content\/uploads\/2023\/03\/3F-Kab%C3%A1tik-man%C5%BEeta-Jal%C5%A1ov%C3%ADk-druh%C3%A1-pol.-20.-stor.-kr%C3%AD%C5%BEikmi-vy%C5%A1ila-Anna-O%C4%8Den%C3%A1%C5%A1ov%C3%A1-rod.-Bartikov%C3%A1-1930-2013-scaled.jpg?w=1600&amp;ssl=1 1600w\" sizes=\"auto, (max-width: 800px) 100vw, 800px\" \/><\/figure>\n\n\n\n<p> 4 Kab\u00e1tik, Jal\u0161ov\u00edk, druh\u00e1 pol. 20. stor. kr\u00ed\u017eikmi vy\u0161ila Anna O\u010den\u00e1\u0161ov\u00e1, rod. Bartikov\u00e1 (1930-2013)<\/p>\n\n\n\n<figure class=\"wp-block-image aligncenter size-large\"><img data-recalc-dims=\"1\" loading=\"lazy\" decoding=\"async\" width=\"800\" height=\"591\" data-attachment-id=\"12882\" data-permalink=\"https:\/\/www.atelier-reklama.sk\/blog\/moj-krekacsky-kroj-a-jeho-prekreslene-vzory-spolu\/4a-kabatik-jalsovik-druha-pol-20-stor-krizikmi-vysila-anna-ocenasova-rod-bartikova-1930-2013-jpg\/\" data-orig-file=\"https:\/\/i0.wp.com\/www.atelier-reklama.sk\/blog\/wp-content\/uploads\/2023\/03\/4A-Kab%C3%A1tik-Jal%C5%A1ov%C3%ADk-druh%C3%A1-pol.-20.-stor.-kr%C3%AD%C5%BEikmi-vy%C5%A1ila-Anna-O%C4%8Den%C3%A1%C5%A1ov%C3%A1-rod.-Bartikov%C3%A1-1930-2013.jpg-scaled.jpg?fit=2560%2C1892&amp;ssl=1\" data-orig-size=\"2560,1892\" data-comments-opened=\"1\" data-image-meta=\"{&quot;aperture&quot;:&quot;2&quot;,&quot;credit&quot;:&quot;&quot;,&quot;camera&quot;:&quot;SM-A125F&quot;,&quot;caption&quot;:&quot;&quot;,&quot;created_timestamp&quot;:&quot;1678697908&quot;,&quot;copyright&quot;:&quot;&quot;,&quot;focal_length&quot;:&quot;4.6&quot;,&quot;iso&quot;:&quot;320&quot;,&quot;shutter_speed&quot;:&quot;0.04&quot;,&quot;title&quot;:&quot;&quot;,&quot;orientation&quot;:&quot;1&quot;}\" data-image-title=\"4A-Kab\u00e1tik-Jal\u0161ov\u00edk-druh\u00e1-pol.-20.-stor.-kr\u00ed\u017eikmi-vy\u0161ila-Anna-O\u010den\u00e1\u0161ov\u00e1-rod.-Bartikov\u00e1-1930-2013.jpg\" data-image-description=\"\" data-image-caption=\"\" data-medium-file=\"https:\/\/i0.wp.com\/www.atelier-reklama.sk\/blog\/wp-content\/uploads\/2023\/03\/4A-Kab%C3%A1tik-Jal%C5%A1ov%C3%ADk-druh%C3%A1-pol.-20.-stor.-kr%C3%AD%C5%BEikmi-vy%C5%A1ila-Anna-O%C4%8Den%C3%A1%C5%A1ov%C3%A1-rod.-Bartikov%C3%A1-1930-2013.jpg-scaled.jpg?fit=300%2C222&amp;ssl=1\" data-large-file=\"https:\/\/i0.wp.com\/www.atelier-reklama.sk\/blog\/wp-content\/uploads\/2023\/03\/4A-Kab%C3%A1tik-Jal%C5%A1ov%C3%ADk-druh%C3%A1-pol.-20.-stor.-kr%C3%AD%C5%BEikmi-vy%C5%A1ila-Anna-O%C4%8Den%C3%A1%C5%A1ov%C3%A1-rod.-Bartikov%C3%A1-1930-2013.jpg-scaled.jpg?fit=800%2C591&amp;ssl=1\" src=\"https:\/\/i0.wp.com\/www.atelier-reklama.sk\/blog\/wp-content\/uploads\/2023\/03\/4A-Kab%C3%A1tik-Jal%C5%A1ov%C3%ADk-druh%C3%A1-pol.-20.-stor.-kr%C3%AD%C5%BEikmi-vy%C5%A1ila-Anna-O%C4%8Den%C3%A1%C5%A1ov%C3%A1-rod.-Bartikov%C3%A1-1930-2013.jpg.jpg?resize=800%2C591&#038;ssl=1\" alt=\"\" class=\"wp-image-12882\" srcset=\"https:\/\/i0.wp.com\/www.atelier-reklama.sk\/blog\/wp-content\/uploads\/2023\/03\/4A-Kab%C3%A1tik-Jal%C5%A1ov%C3%ADk-druh%C3%A1-pol.-20.-stor.-kr%C3%AD%C5%BEikmi-vy%C5%A1ila-Anna-O%C4%8Den%C3%A1%C5%A1ov%C3%A1-rod.-Bartikov%C3%A1-1930-2013.jpg-scaled.jpg?resize=1024%2C757&amp;ssl=1 1024w, https:\/\/i0.wp.com\/www.atelier-reklama.sk\/blog\/wp-content\/uploads\/2023\/03\/4A-Kab%C3%A1tik-Jal%C5%A1ov%C3%ADk-druh%C3%A1-pol.-20.-stor.-kr%C3%AD%C5%BEikmi-vy%C5%A1ila-Anna-O%C4%8Den%C3%A1%C5%A1ov%C3%A1-rod.-Bartikov%C3%A1-1930-2013.jpg-scaled.jpg?resize=300%2C222&amp;ssl=1 300w, https:\/\/i0.wp.com\/www.atelier-reklama.sk\/blog\/wp-content\/uploads\/2023\/03\/4A-Kab%C3%A1tik-Jal%C5%A1ov%C3%ADk-druh%C3%A1-pol.-20.-stor.-kr%C3%AD%C5%BEikmi-vy%C5%A1ila-Anna-O%C4%8Den%C3%A1%C5%A1ov%C3%A1-rod.-Bartikov%C3%A1-1930-2013.jpg-scaled.jpg?resize=768%2C568&amp;ssl=1 768w, https:\/\/i0.wp.com\/www.atelier-reklama.sk\/blog\/wp-content\/uploads\/2023\/03\/4A-Kab%C3%A1tik-Jal%C5%A1ov%C3%ADk-druh%C3%A1-pol.-20.-stor.-kr%C3%AD%C5%BEikmi-vy%C5%A1ila-Anna-O%C4%8Den%C3%A1%C5%A1ov%C3%A1-rod.-Bartikov%C3%A1-1930-2013.jpg-scaled.jpg?resize=1536%2C1135&amp;ssl=1 1536w, https:\/\/i0.wp.com\/www.atelier-reklama.sk\/blog\/wp-content\/uploads\/2023\/03\/4A-Kab%C3%A1tik-Jal%C5%A1ov%C3%ADk-druh%C3%A1-pol.-20.-stor.-kr%C3%AD%C5%BEikmi-vy%C5%A1ila-Anna-O%C4%8Den%C3%A1%C5%A1ov%C3%A1-rod.-Bartikov%C3%A1-1930-2013.jpg-scaled.jpg?resize=2048%2C1513&amp;ssl=1 2048w, https:\/\/i0.wp.com\/www.atelier-reklama.sk\/blog\/wp-content\/uploads\/2023\/03\/4A-Kab%C3%A1tik-Jal%C5%A1ov%C3%ADk-druh%C3%A1-pol.-20.-stor.-kr%C3%AD%C5%BEikmi-vy%C5%A1ila-Anna-O%C4%8Den%C3%A1%C5%A1ov%C3%A1-rod.-Bartikov%C3%A1-1930-2013.jpg-scaled.jpg?w=1600&amp;ssl=1 1600w, https:\/\/i0.wp.com\/www.atelier-reklama.sk\/blog\/wp-content\/uploads\/2023\/03\/4A-Kab%C3%A1tik-Jal%C5%A1ov%C3%ADk-druh%C3%A1-pol.-20.-stor.-kr%C3%AD%C5%BEikmi-vy%C5%A1ila-Anna-O%C4%8Den%C3%A1%C5%A1ov%C3%A1-rod.-Bartikov%C3%A1-1930-2013.jpg-scaled.jpg?w=2400&amp;ssl=1 2400w\" sizes=\"auto, (max-width: 800px) 100vw, 800px\" \/><\/figure>\n\n\n\n<figure class=\"wp-block-image aligncenter size-large\"><img data-recalc-dims=\"1\" loading=\"lazy\" decoding=\"async\" width=\"800\" height=\"566\" data-attachment-id=\"12885\" data-permalink=\"https:\/\/www.atelier-reklama.sk\/blog\/moj-krekacsky-kroj-a-jeho-prekreslene-vzory-spolu\/4b-kabatik-vzor-jalsovik-druha-pol-20-stor-krizikmi-vysila-anna-ocenasova-rod-bartikova-1930-2013-2\/\" data-orig-file=\"https:\/\/i0.wp.com\/www.atelier-reklama.sk\/blog\/wp-content\/uploads\/2023\/03\/4B-Kab%C3%A1tik-vzor-Jal%C5%A1ov%C3%ADk-druh%C3%A1-pol.-20.-stor.-kr%C3%AD%C5%BEikmi-vy%C5%A1ila-Anna-O%C4%8Den%C3%A1%C5%A1ov%C3%A1-rod.-Bartikov%C3%A1-1930-2013-2-scaled.jpg?fit=2560%2C1810&amp;ssl=1\" data-orig-size=\"2560,1810\" data-comments-opened=\"1\" data-image-meta=\"{&quot;aperture&quot;:&quot;0&quot;,&quot;credit&quot;:&quot;&quot;,&quot;camera&quot;:&quot;&quot;,&quot;caption&quot;:&quot;&quot;,&quot;created_timestamp&quot;:&quot;0&quot;,&quot;copyright&quot;:&quot;&quot;,&quot;focal_length&quot;:&quot;0&quot;,&quot;iso&quot;:&quot;0&quot;,&quot;shutter_speed&quot;:&quot;0&quot;,&quot;title&quot;:&quot;&quot;,&quot;orientation&quot;:&quot;1&quot;}\" data-image-title=\"4B-Kab\u00e1tik-vzor-Jal\u0161ov\u00edk-druh\u00e1-pol.-20.-stor.-kr\u00ed\u017eikmi-vy\u0161ila-Anna-O\u010den\u00e1\u0161ov\u00e1-rod.-Bartikov\u00e1-1930-2013-2\" data-image-description=\"\" data-image-caption=\"\" data-medium-file=\"https:\/\/i0.wp.com\/www.atelier-reklama.sk\/blog\/wp-content\/uploads\/2023\/03\/4B-Kab%C3%A1tik-vzor-Jal%C5%A1ov%C3%ADk-druh%C3%A1-pol.-20.-stor.-kr%C3%AD%C5%BEikmi-vy%C5%A1ila-Anna-O%C4%8Den%C3%A1%C5%A1ov%C3%A1-rod.-Bartikov%C3%A1-1930-2013-2-scaled.jpg?fit=300%2C212&amp;ssl=1\" data-large-file=\"https:\/\/i0.wp.com\/www.atelier-reklama.sk\/blog\/wp-content\/uploads\/2023\/03\/4B-Kab%C3%A1tik-vzor-Jal%C5%A1ov%C3%ADk-druh%C3%A1-pol.-20.-stor.-kr%C3%AD%C5%BEikmi-vy%C5%A1ila-Anna-O%C4%8Den%C3%A1%C5%A1ov%C3%A1-rod.-Bartikov%C3%A1-1930-2013-2-scaled.jpg?fit=800%2C566&amp;ssl=1\" src=\"https:\/\/i0.wp.com\/www.atelier-reklama.sk\/blog\/wp-content\/uploads\/2023\/03\/4B-Kab%C3%A1tik-vzor-Jal%C5%A1ov%C3%ADk-druh%C3%A1-pol.-20.-stor.-kr%C3%AD%C5%BEikmi-vy%C5%A1ila-Anna-O%C4%8Den%C3%A1%C5%A1ov%C3%A1-rod.-Bartikov%C3%A1-1930-2013-2.jpg?resize=800%2C566&#038;ssl=1\" alt=\"\" class=\"wp-image-12885\" srcset=\"https:\/\/i0.wp.com\/www.atelier-reklama.sk\/blog\/wp-content\/uploads\/2023\/03\/4B-Kab%C3%A1tik-vzor-Jal%C5%A1ov%C3%ADk-druh%C3%A1-pol.-20.-stor.-kr%C3%AD%C5%BEikmi-vy%C5%A1ila-Anna-O%C4%8Den%C3%A1%C5%A1ov%C3%A1-rod.-Bartikov%C3%A1-1930-2013-2-scaled.jpg?resize=1024%2C724&amp;ssl=1 1024w, https:\/\/i0.wp.com\/www.atelier-reklama.sk\/blog\/wp-content\/uploads\/2023\/03\/4B-Kab%C3%A1tik-vzor-Jal%C5%A1ov%C3%ADk-druh%C3%A1-pol.-20.-stor.-kr%C3%AD%C5%BEikmi-vy%C5%A1ila-Anna-O%C4%8Den%C3%A1%C5%A1ov%C3%A1-rod.-Bartikov%C3%A1-1930-2013-2-scaled.jpg?resize=300%2C212&amp;ssl=1 300w, https:\/\/i0.wp.com\/www.atelier-reklama.sk\/blog\/wp-content\/uploads\/2023\/03\/4B-Kab%C3%A1tik-vzor-Jal%C5%A1ov%C3%ADk-druh%C3%A1-pol.-20.-stor.-kr%C3%AD%C5%BEikmi-vy%C5%A1ila-Anna-O%C4%8Den%C3%A1%C5%A1ov%C3%A1-rod.-Bartikov%C3%A1-1930-2013-2-scaled.jpg?resize=768%2C543&amp;ssl=1 768w, https:\/\/i0.wp.com\/www.atelier-reklama.sk\/blog\/wp-content\/uploads\/2023\/03\/4B-Kab%C3%A1tik-vzor-Jal%C5%A1ov%C3%ADk-druh%C3%A1-pol.-20.-stor.-kr%C3%AD%C5%BEikmi-vy%C5%A1ila-Anna-O%C4%8Den%C3%A1%C5%A1ov%C3%A1-rod.-Bartikov%C3%A1-1930-2013-2-scaled.jpg?resize=1536%2C1086&amp;ssl=1 1536w, https:\/\/i0.wp.com\/www.atelier-reklama.sk\/blog\/wp-content\/uploads\/2023\/03\/4B-Kab%C3%A1tik-vzor-Jal%C5%A1ov%C3%ADk-druh%C3%A1-pol.-20.-stor.-kr%C3%AD%C5%BEikmi-vy%C5%A1ila-Anna-O%C4%8Den%C3%A1%C5%A1ov%C3%A1-rod.-Bartikov%C3%A1-1930-2013-2-scaled.jpg?resize=2048%2C1448&amp;ssl=1 2048w, https:\/\/i0.wp.com\/www.atelier-reklama.sk\/blog\/wp-content\/uploads\/2023\/03\/4B-Kab%C3%A1tik-vzor-Jal%C5%A1ov%C3%ADk-druh%C3%A1-pol.-20.-stor.-kr%C3%AD%C5%BEikmi-vy%C5%A1ila-Anna-O%C4%8Den%C3%A1%C5%A1ov%C3%A1-rod.-Bartikov%C3%A1-1930-2013-2-scaled.jpg?w=1600&amp;ssl=1 1600w, https:\/\/i0.wp.com\/www.atelier-reklama.sk\/blog\/wp-content\/uploads\/2023\/03\/4B-Kab%C3%A1tik-vzor-Jal%C5%A1ov%C3%ADk-druh%C3%A1-pol.-20.-stor.-kr%C3%AD%C5%BEikmi-vy%C5%A1ila-Anna-O%C4%8Den%C3%A1%C5%A1ov%C3%A1-rod.-Bartikov%C3%A1-1930-2013-2-scaled.jpg?w=2400&amp;ssl=1 2400w\" sizes=\"auto, (max-width: 800px) 100vw, 800px\" \/><\/figure>\n\n\n\n<figure class=\"wp-block-image aligncenter size-large\"><img data-recalc-dims=\"1\" loading=\"lazy\" decoding=\"async\" width=\"800\" height=\"623\" data-attachment-id=\"12887\" data-permalink=\"https:\/\/www.atelier-reklama.sk\/blog\/moj-krekacsky-kroj-a-jeho-prekreslene-vzory-spolu\/4c-kabatik-jalsovik-druha-pol-20-stor-krizikmi-vysila-anna-ocenasova-rod-bartikova-1930-2013\/\" data-orig-file=\"https:\/\/i0.wp.com\/www.atelier-reklama.sk\/blog\/wp-content\/uploads\/2023\/03\/4C-Kab%C3%A1tik-Jal%C5%A1ov%C3%ADk-druh%C3%A1-pol.-20.-stor.-kr%C3%AD%C5%BEikmi-vy%C5%A1ila-Anna-O%C4%8Den%C3%A1%C5%A1ov%C3%A1-rod.-Bartikov%C3%A1-1930-2013-scaled.jpg?fit=2560%2C1995&amp;ssl=1\" data-orig-size=\"2560,1995\" data-comments-opened=\"1\" data-image-meta=\"{&quot;aperture&quot;:&quot;2&quot;,&quot;credit&quot;:&quot;&quot;,&quot;camera&quot;:&quot;SM-A125F&quot;,&quot;caption&quot;:&quot;&quot;,&quot;created_timestamp&quot;:&quot;1678698074&quot;,&quot;copyright&quot;:&quot;&quot;,&quot;focal_length&quot;:&quot;4.6&quot;,&quot;iso&quot;:&quot;400&quot;,&quot;shutter_speed&quot;:&quot;0.04&quot;,&quot;title&quot;:&quot;&quot;,&quot;orientation&quot;:&quot;1&quot;}\" data-image-title=\"4C-Kab\u00e1tik-Jal\u0161ov\u00edk-druh\u00e1-pol.-20.-stor.-kr\u00ed\u017eikmi-vy\u0161ila-Anna-O\u010den\u00e1\u0161ov\u00e1-rod.-Bartikov\u00e1-1930-2013\" data-image-description=\"\" data-image-caption=\"\" data-medium-file=\"https:\/\/i0.wp.com\/www.atelier-reklama.sk\/blog\/wp-content\/uploads\/2023\/03\/4C-Kab%C3%A1tik-Jal%C5%A1ov%C3%ADk-druh%C3%A1-pol.-20.-stor.-kr%C3%AD%C5%BEikmi-vy%C5%A1ila-Anna-O%C4%8Den%C3%A1%C5%A1ov%C3%A1-rod.-Bartikov%C3%A1-1930-2013-scaled.jpg?fit=300%2C234&amp;ssl=1\" data-large-file=\"https:\/\/i0.wp.com\/www.atelier-reklama.sk\/blog\/wp-content\/uploads\/2023\/03\/4C-Kab%C3%A1tik-Jal%C5%A1ov%C3%ADk-druh%C3%A1-pol.-20.-stor.-kr%C3%AD%C5%BEikmi-vy%C5%A1ila-Anna-O%C4%8Den%C3%A1%C5%A1ov%C3%A1-rod.-Bartikov%C3%A1-1930-2013-scaled.jpg?fit=800%2C623&amp;ssl=1\" src=\"https:\/\/i0.wp.com\/www.atelier-reklama.sk\/blog\/wp-content\/uploads\/2023\/03\/4C-Kab%C3%A1tik-Jal%C5%A1ov%C3%ADk-druh%C3%A1-pol.-20.-stor.-kr%C3%AD%C5%BEikmi-vy%C5%A1ila-Anna-O%C4%8Den%C3%A1%C5%A1ov%C3%A1-rod.-Bartikov%C3%A1-1930-2013.jpg?resize=800%2C623&#038;ssl=1\" alt=\"\" class=\"wp-image-12887\" srcset=\"https:\/\/i0.wp.com\/www.atelier-reklama.sk\/blog\/wp-content\/uploads\/2023\/03\/4C-Kab%C3%A1tik-Jal%C5%A1ov%C3%ADk-druh%C3%A1-pol.-20.-stor.-kr%C3%AD%C5%BEikmi-vy%C5%A1ila-Anna-O%C4%8Den%C3%A1%C5%A1ov%C3%A1-rod.-Bartikov%C3%A1-1930-2013-scaled.jpg?resize=1024%2C798&amp;ssl=1 1024w, https:\/\/i0.wp.com\/www.atelier-reklama.sk\/blog\/wp-content\/uploads\/2023\/03\/4C-Kab%C3%A1tik-Jal%C5%A1ov%C3%ADk-druh%C3%A1-pol.-20.-stor.-kr%C3%AD%C5%BEikmi-vy%C5%A1ila-Anna-O%C4%8Den%C3%A1%C5%A1ov%C3%A1-rod.-Bartikov%C3%A1-1930-2013-scaled.jpg?resize=300%2C234&amp;ssl=1 300w, https:\/\/i0.wp.com\/www.atelier-reklama.sk\/blog\/wp-content\/uploads\/2023\/03\/4C-Kab%C3%A1tik-Jal%C5%A1ov%C3%ADk-druh%C3%A1-pol.-20.-stor.-kr%C3%AD%C5%BEikmi-vy%C5%A1ila-Anna-O%C4%8Den%C3%A1%C5%A1ov%C3%A1-rod.-Bartikov%C3%A1-1930-2013-scaled.jpg?resize=768%2C598&amp;ssl=1 768w, https:\/\/i0.wp.com\/www.atelier-reklama.sk\/blog\/wp-content\/uploads\/2023\/03\/4C-Kab%C3%A1tik-Jal%C5%A1ov%C3%ADk-druh%C3%A1-pol.-20.-stor.-kr%C3%AD%C5%BEikmi-vy%C5%A1ila-Anna-O%C4%8Den%C3%A1%C5%A1ov%C3%A1-rod.-Bartikov%C3%A1-1930-2013-scaled.jpg?resize=1536%2C1197&amp;ssl=1 1536w, https:\/\/i0.wp.com\/www.atelier-reklama.sk\/blog\/wp-content\/uploads\/2023\/03\/4C-Kab%C3%A1tik-Jal%C5%A1ov%C3%ADk-druh%C3%A1-pol.-20.-stor.-kr%C3%AD%C5%BEikmi-vy%C5%A1ila-Anna-O%C4%8Den%C3%A1%C5%A1ov%C3%A1-rod.-Bartikov%C3%A1-1930-2013-scaled.jpg?resize=2048%2C1596&amp;ssl=1 2048w, https:\/\/i0.wp.com\/www.atelier-reklama.sk\/blog\/wp-content\/uploads\/2023\/03\/4C-Kab%C3%A1tik-Jal%C5%A1ov%C3%ADk-druh%C3%A1-pol.-20.-stor.-kr%C3%AD%C5%BEikmi-vy%C5%A1ila-Anna-O%C4%8Den%C3%A1%C5%A1ov%C3%A1-rod.-Bartikov%C3%A1-1930-2013-scaled.jpg?w=1600&amp;ssl=1 1600w, https:\/\/i0.wp.com\/www.atelier-reklama.sk\/blog\/wp-content\/uploads\/2023\/03\/4C-Kab%C3%A1tik-Jal%C5%A1ov%C3%ADk-druh%C3%A1-pol.-20.-stor.-kr%C3%AD%C5%BEikmi-vy%C5%A1ila-Anna-O%C4%8Den%C3%A1%C5%A1ov%C3%A1-rod.-Bartikov%C3%A1-1930-2013-scaled.jpg?w=2400&amp;ssl=1 2400w\" sizes=\"auto, (max-width: 800px) 100vw, 800px\" \/><\/figure>\n\n\n\n<figure class=\"wp-block-image aligncenter size-large\"><img data-recalc-dims=\"1\" loading=\"lazy\" decoding=\"async\" width=\"800\" height=\"440\" data-attachment-id=\"12888\" data-permalink=\"https:\/\/www.atelier-reklama.sk\/blog\/moj-krekacsky-kroj-a-jeho-prekreslene-vzory-spolu\/4d-kabatik-jalsovik-druha-pol-20-stor-krizikmi-vysila-anna-ocenasova-rod-bartikova-1930-2013\/\" data-orig-file=\"https:\/\/i0.wp.com\/www.atelier-reklama.sk\/blog\/wp-content\/uploads\/2023\/03\/4D-Kab%C3%A1tik-Jal%C5%A1ov%C3%ADk-druh%C3%A1-pol.-20.-stor.-kr%C3%AD%C5%BEikmi-vy%C5%A1ila-Anna-O%C4%8Den%C3%A1%C5%A1ov%C3%A1-rod.-Bartikov%C3%A1-1930-2013-scaled.jpg?fit=2560%2C1408&amp;ssl=1\" data-orig-size=\"2560,1408\" data-comments-opened=\"1\" data-image-meta=\"{&quot;aperture&quot;:&quot;2&quot;,&quot;credit&quot;:&quot;&quot;,&quot;camera&quot;:&quot;SM-A125F&quot;,&quot;caption&quot;:&quot;&quot;,&quot;created_timestamp&quot;:&quot;1678698085&quot;,&quot;copyright&quot;:&quot;&quot;,&quot;focal_length&quot;:&quot;4.6&quot;,&quot;iso&quot;:&quot;500&quot;,&quot;shutter_speed&quot;:&quot;0.05&quot;,&quot;title&quot;:&quot;&quot;,&quot;orientation&quot;:&quot;1&quot;}\" data-image-title=\"4D-Kab\u00e1tik-Jal\u0161ov\u00edk-druh\u00e1-pol.-20.-stor.-kr\u00ed\u017eikmi-vy\u0161ila-Anna-O\u010den\u00e1\u0161ov\u00e1-rod.-Bartikov\u00e1-1930-2013\" data-image-description=\"\" data-image-caption=\"\" data-medium-file=\"https:\/\/i0.wp.com\/www.atelier-reklama.sk\/blog\/wp-content\/uploads\/2023\/03\/4D-Kab%C3%A1tik-Jal%C5%A1ov%C3%ADk-druh%C3%A1-pol.-20.-stor.-kr%C3%AD%C5%BEikmi-vy%C5%A1ila-Anna-O%C4%8Den%C3%A1%C5%A1ov%C3%A1-rod.-Bartikov%C3%A1-1930-2013-scaled.jpg?fit=300%2C165&amp;ssl=1\" data-large-file=\"https:\/\/i0.wp.com\/www.atelier-reklama.sk\/blog\/wp-content\/uploads\/2023\/03\/4D-Kab%C3%A1tik-Jal%C5%A1ov%C3%ADk-druh%C3%A1-pol.-20.-stor.-kr%C3%AD%C5%BEikmi-vy%C5%A1ila-Anna-O%C4%8Den%C3%A1%C5%A1ov%C3%A1-rod.-Bartikov%C3%A1-1930-2013-scaled.jpg?fit=800%2C440&amp;ssl=1\" src=\"https:\/\/i0.wp.com\/www.atelier-reklama.sk\/blog\/wp-content\/uploads\/2023\/03\/4D-Kab%C3%A1tik-Jal%C5%A1ov%C3%ADk-druh%C3%A1-pol.-20.-stor.-kr%C3%AD%C5%BEikmi-vy%C5%A1ila-Anna-O%C4%8Den%C3%A1%C5%A1ov%C3%A1-rod.-Bartikov%C3%A1-1930-2013.jpg?resize=800%2C440&#038;ssl=1\" alt=\"\" class=\"wp-image-12888\" srcset=\"https:\/\/i0.wp.com\/www.atelier-reklama.sk\/blog\/wp-content\/uploads\/2023\/03\/4D-Kab%C3%A1tik-Jal%C5%A1ov%C3%ADk-druh%C3%A1-pol.-20.-stor.-kr%C3%AD%C5%BEikmi-vy%C5%A1ila-Anna-O%C4%8Den%C3%A1%C5%A1ov%C3%A1-rod.-Bartikov%C3%A1-1930-2013-scaled.jpg?resize=1024%2C563&amp;ssl=1 1024w, https:\/\/i0.wp.com\/www.atelier-reklama.sk\/blog\/wp-content\/uploads\/2023\/03\/4D-Kab%C3%A1tik-Jal%C5%A1ov%C3%ADk-druh%C3%A1-pol.-20.-stor.-kr%C3%AD%C5%BEikmi-vy%C5%A1ila-Anna-O%C4%8Den%C3%A1%C5%A1ov%C3%A1-rod.-Bartikov%C3%A1-1930-2013-scaled.jpg?resize=300%2C165&amp;ssl=1 300w, https:\/\/i0.wp.com\/www.atelier-reklama.sk\/blog\/wp-content\/uploads\/2023\/03\/4D-Kab%C3%A1tik-Jal%C5%A1ov%C3%ADk-druh%C3%A1-pol.-20.-stor.-kr%C3%AD%C5%BEikmi-vy%C5%A1ila-Anna-O%C4%8Den%C3%A1%C5%A1ov%C3%A1-rod.-Bartikov%C3%A1-1930-2013-scaled.jpg?resize=768%2C422&amp;ssl=1 768w, https:\/\/i0.wp.com\/www.atelier-reklama.sk\/blog\/wp-content\/uploads\/2023\/03\/4D-Kab%C3%A1tik-Jal%C5%A1ov%C3%ADk-druh%C3%A1-pol.-20.-stor.-kr%C3%AD%C5%BEikmi-vy%C5%A1ila-Anna-O%C4%8Den%C3%A1%C5%A1ov%C3%A1-rod.-Bartikov%C3%A1-1930-2013-scaled.jpg?resize=1536%2C845&amp;ssl=1 1536w, https:\/\/i0.wp.com\/www.atelier-reklama.sk\/blog\/wp-content\/uploads\/2023\/03\/4D-Kab%C3%A1tik-Jal%C5%A1ov%C3%ADk-druh%C3%A1-pol.-20.-stor.-kr%C3%AD%C5%BEikmi-vy%C5%A1ila-Anna-O%C4%8Den%C3%A1%C5%A1ov%C3%A1-rod.-Bartikov%C3%A1-1930-2013-scaled.jpg?resize=2048%2C1126&amp;ssl=1 2048w, https:\/\/i0.wp.com\/www.atelier-reklama.sk\/blog\/wp-content\/uploads\/2023\/03\/4D-Kab%C3%A1tik-Jal%C5%A1ov%C3%ADk-druh%C3%A1-pol.-20.-stor.-kr%C3%AD%C5%BEikmi-vy%C5%A1ila-Anna-O%C4%8Den%C3%A1%C5%A1ov%C3%A1-rod.-Bartikov%C3%A1-1930-2013-scaled.jpg?w=1600&amp;ssl=1 1600w, https:\/\/i0.wp.com\/www.atelier-reklama.sk\/blog\/wp-content\/uploads\/2023\/03\/4D-Kab%C3%A1tik-Jal%C5%A1ov%C3%ADk-druh%C3%A1-pol.-20.-stor.-kr%C3%AD%C5%BEikmi-vy%C5%A1ila-Anna-O%C4%8Den%C3%A1%C5%A1ov%C3%A1-rod.-Bartikov%C3%A1-1930-2013-scaled.jpg?w=2400&amp;ssl=1 2400w\" sizes=\"auto, (max-width: 800px) 100vw, 800px\" \/><\/figure>\n\n\n\n<figure class=\"wp-block-image aligncenter size-large\"><img data-recalc-dims=\"1\" loading=\"lazy\" decoding=\"async\" width=\"790\" height=\"1024\" data-attachment-id=\"12889\" data-permalink=\"https:\/\/www.atelier-reklama.sk\/blog\/moj-krekacsky-kroj-a-jeho-prekreslene-vzory-spolu\/4e-kabatik-jalsovik-druha-pol-20-stor-krizikmi-vysila-anna-ocenasova-rod-bartikova-1930-2013\/\" data-orig-file=\"https:\/\/i0.wp.com\/www.atelier-reklama.sk\/blog\/wp-content\/uploads\/2023\/03\/4E-Kab%C3%A1tik-Jal%C5%A1ov%C3%ADk-druh%C3%A1-pol.-20.-stor.-kr%C3%AD%C5%BEikmi-vy%C5%A1ila-Anna-O%C4%8Den%C3%A1%C5%A1ov%C3%A1-rod.-Bartikov%C3%A1-1930-2013-scaled.jpg?fit=1975%2C2560&amp;ssl=1\" data-orig-size=\"1975,2560\" data-comments-opened=\"1\" data-image-meta=\"{&quot;aperture&quot;:&quot;2&quot;,&quot;credit&quot;:&quot;&quot;,&quot;camera&quot;:&quot;SM-A125F&quot;,&quot;caption&quot;:&quot;&quot;,&quot;created_timestamp&quot;:&quot;1678697942&quot;,&quot;copyright&quot;:&quot;&quot;,&quot;focal_length&quot;:&quot;4.6&quot;,&quot;iso&quot;:&quot;400&quot;,&quot;shutter_speed&quot;:&quot;0.05&quot;,&quot;title&quot;:&quot;&quot;,&quot;orientation&quot;:&quot;1&quot;}\" data-image-title=\"4E-Kab\u00e1tik-Jal\u0161ov\u00edk-druh\u00e1-pol.-20.-stor.-kr\u00ed\u017eikmi-vy\u0161ila-Anna-O\u010den\u00e1\u0161ov\u00e1-rod.-Bartikov\u00e1-1930-2013\" data-image-description=\"\" data-image-caption=\"\" data-medium-file=\"https:\/\/i0.wp.com\/www.atelier-reklama.sk\/blog\/wp-content\/uploads\/2023\/03\/4E-Kab%C3%A1tik-Jal%C5%A1ov%C3%ADk-druh%C3%A1-pol.-20.-stor.-kr%C3%AD%C5%BEikmi-vy%C5%A1ila-Anna-O%C4%8Den%C3%A1%C5%A1ov%C3%A1-rod.-Bartikov%C3%A1-1930-2013-scaled.jpg?fit=231%2C300&amp;ssl=1\" data-large-file=\"https:\/\/i0.wp.com\/www.atelier-reklama.sk\/blog\/wp-content\/uploads\/2023\/03\/4E-Kab%C3%A1tik-Jal%C5%A1ov%C3%ADk-druh%C3%A1-pol.-20.-stor.-kr%C3%AD%C5%BEikmi-vy%C5%A1ila-Anna-O%C4%8Den%C3%A1%C5%A1ov%C3%A1-rod.-Bartikov%C3%A1-1930-2013-scaled.jpg?fit=790%2C1024&amp;ssl=1\" src=\"https:\/\/i0.wp.com\/www.atelier-reklama.sk\/blog\/wp-content\/uploads\/2023\/03\/4E-Kab%C3%A1tik-Jal%C5%A1ov%C3%ADk-druh%C3%A1-pol.-20.-stor.-kr%C3%AD%C5%BEikmi-vy%C5%A1ila-Anna-O%C4%8Den%C3%A1%C5%A1ov%C3%A1-rod.-Bartikov%C3%A1-1930-2013.jpg?resize=790%2C1024&#038;ssl=1\" alt=\"\" class=\"wp-image-12889\" srcset=\"https:\/\/i0.wp.com\/www.atelier-reklama.sk\/blog\/wp-content\/uploads\/2023\/03\/4E-Kab%C3%A1tik-Jal%C5%A1ov%C3%ADk-druh%C3%A1-pol.-20.-stor.-kr%C3%AD%C5%BEikmi-vy%C5%A1ila-Anna-O%C4%8Den%C3%A1%C5%A1ov%C3%A1-rod.-Bartikov%C3%A1-1930-2013-scaled.jpg?resize=790%2C1024&amp;ssl=1 790w, https:\/\/i0.wp.com\/www.atelier-reklama.sk\/blog\/wp-content\/uploads\/2023\/03\/4E-Kab%C3%A1tik-Jal%C5%A1ov%C3%ADk-druh%C3%A1-pol.-20.-stor.-kr%C3%AD%C5%BEikmi-vy%C5%A1ila-Anna-O%C4%8Den%C3%A1%C5%A1ov%C3%A1-rod.-Bartikov%C3%A1-1930-2013-scaled.jpg?resize=231%2C300&amp;ssl=1 231w, https:\/\/i0.wp.com\/www.atelier-reklama.sk\/blog\/wp-content\/uploads\/2023\/03\/4E-Kab%C3%A1tik-Jal%C5%A1ov%C3%ADk-druh%C3%A1-pol.-20.-stor.-kr%C3%AD%C5%BEikmi-vy%C5%A1ila-Anna-O%C4%8Den%C3%A1%C5%A1ov%C3%A1-rod.-Bartikov%C3%A1-1930-2013-scaled.jpg?resize=768%2C996&amp;ssl=1 768w, https:\/\/i0.wp.com\/www.atelier-reklama.sk\/blog\/wp-content\/uploads\/2023\/03\/4E-Kab%C3%A1tik-Jal%C5%A1ov%C3%ADk-druh%C3%A1-pol.-20.-stor.-kr%C3%AD%C5%BEikmi-vy%C5%A1ila-Anna-O%C4%8Den%C3%A1%C5%A1ov%C3%A1-rod.-Bartikov%C3%A1-1930-2013-scaled.jpg?resize=1185%2C1536&amp;ssl=1 1185w, https:\/\/i0.wp.com\/www.atelier-reklama.sk\/blog\/wp-content\/uploads\/2023\/03\/4E-Kab%C3%A1tik-Jal%C5%A1ov%C3%ADk-druh%C3%A1-pol.-20.-stor.-kr%C3%AD%C5%BEikmi-vy%C5%A1ila-Anna-O%C4%8Den%C3%A1%C5%A1ov%C3%A1-rod.-Bartikov%C3%A1-1930-2013-scaled.jpg?resize=1580%2C2048&amp;ssl=1 1580w, https:\/\/i0.wp.com\/www.atelier-reklama.sk\/blog\/wp-content\/uploads\/2023\/03\/4E-Kab%C3%A1tik-Jal%C5%A1ov%C3%ADk-druh%C3%A1-pol.-20.-stor.-kr%C3%AD%C5%BEikmi-vy%C5%A1ila-Anna-O%C4%8Den%C3%A1%C5%A1ov%C3%A1-rod.-Bartikov%C3%A1-1930-2013-scaled.jpg?w=1975&amp;ssl=1 1975w\" sizes=\"auto, (max-width: 790px) 100vw, 790px\" \/><\/figure>\n\n\n\n<p>5. Kab\u00e1tik, Jal\u0161ov\u00edk, druh\u00e1 pol. 20. stor. kr\u00ed\u017eikmi vy\u0161ila Anna O\u010den\u00e1\u0161ov\u00e1, rod. Bartikov\u00e1 (1930-2013)<\/p>\n\n\n\n<figure class=\"wp-block-image aligncenter size-large\"><img data-recalc-dims=\"1\" loading=\"lazy\" decoding=\"async\" width=\"800\" height=\"698\" data-attachment-id=\"12890\" data-permalink=\"https:\/\/www.atelier-reklama.sk\/blog\/moj-krekacsky-kroj-a-jeho-prekreslene-vzory-spolu\/5a-kabatik-jalsovik-druha-pol-20-stor-krizikmi-vysila-anna-ocenasova-rod-bartikova-1930-2013-jpg\/\" data-orig-file=\"https:\/\/i0.wp.com\/www.atelier-reklama.sk\/blog\/wp-content\/uploads\/2023\/03\/5A-Kab%C3%A1tik-Jal%C5%A1ov%C3%ADk-druh%C3%A1-pol.-20.-stor.-kr%C3%AD%C5%BEikmi-vy%C5%A1ila-Anna-O%C4%8Den%C3%A1%C5%A1ov%C3%A1-rod.-Bartikov%C3%A1-1930-2013.jpg-scaled.jpg?fit=2560%2C2235&amp;ssl=1\" data-orig-size=\"2560,2235\" data-comments-opened=\"1\" data-image-meta=\"{&quot;aperture&quot;:&quot;2&quot;,&quot;credit&quot;:&quot;&quot;,&quot;camera&quot;:&quot;SM-A125F&quot;,&quot;caption&quot;:&quot;&quot;,&quot;created_timestamp&quot;:&quot;1678698609&quot;,&quot;copyright&quot;:&quot;&quot;,&quot;focal_length&quot;:&quot;4.6&quot;,&quot;iso&quot;:&quot;250&quot;,&quot;shutter_speed&quot;:&quot;0.04&quot;,&quot;title&quot;:&quot;&quot;,&quot;orientation&quot;:&quot;1&quot;}\" data-image-title=\"5A-Kab\u00e1tik-Jal\u0161ov\u00edk-druh\u00e1-pol.-20.-stor.-kr\u00ed\u017eikmi-vy\u0161ila-Anna-O\u010den\u00e1\u0161ov\u00e1-rod.-Bartikov\u00e1-1930-2013.jpg\" data-image-description=\"\" data-image-caption=\"\" data-medium-file=\"https:\/\/i0.wp.com\/www.atelier-reklama.sk\/blog\/wp-content\/uploads\/2023\/03\/5A-Kab%C3%A1tik-Jal%C5%A1ov%C3%ADk-druh%C3%A1-pol.-20.-stor.-kr%C3%AD%C5%BEikmi-vy%C5%A1ila-Anna-O%C4%8Den%C3%A1%C5%A1ov%C3%A1-rod.-Bartikov%C3%A1-1930-2013.jpg-scaled.jpg?fit=300%2C262&amp;ssl=1\" data-large-file=\"https:\/\/i0.wp.com\/www.atelier-reklama.sk\/blog\/wp-content\/uploads\/2023\/03\/5A-Kab%C3%A1tik-Jal%C5%A1ov%C3%ADk-druh%C3%A1-pol.-20.-stor.-kr%C3%AD%C5%BEikmi-vy%C5%A1ila-Anna-O%C4%8Den%C3%A1%C5%A1ov%C3%A1-rod.-Bartikov%C3%A1-1930-2013.jpg-scaled.jpg?fit=800%2C698&amp;ssl=1\" src=\"https:\/\/i0.wp.com\/www.atelier-reklama.sk\/blog\/wp-content\/uploads\/2023\/03\/5A-Kab%C3%A1tik-Jal%C5%A1ov%C3%ADk-druh%C3%A1-pol.-20.-stor.-kr%C3%AD%C5%BEikmi-vy%C5%A1ila-Anna-O%C4%8Den%C3%A1%C5%A1ov%C3%A1-rod.-Bartikov%C3%A1-1930-2013.jpg.jpg?resize=800%2C698&#038;ssl=1\" alt=\"\" class=\"wp-image-12890\" srcset=\"https:\/\/i0.wp.com\/www.atelier-reklama.sk\/blog\/wp-content\/uploads\/2023\/03\/5A-Kab%C3%A1tik-Jal%C5%A1ov%C3%ADk-druh%C3%A1-pol.-20.-stor.-kr%C3%AD%C5%BEikmi-vy%C5%A1ila-Anna-O%C4%8Den%C3%A1%C5%A1ov%C3%A1-rod.-Bartikov%C3%A1-1930-2013.jpg-scaled.jpg?resize=1024%2C894&amp;ssl=1 1024w, https:\/\/i0.wp.com\/www.atelier-reklama.sk\/blog\/wp-content\/uploads\/2023\/03\/5A-Kab%C3%A1tik-Jal%C5%A1ov%C3%ADk-druh%C3%A1-pol.-20.-stor.-kr%C3%AD%C5%BEikmi-vy%C5%A1ila-Anna-O%C4%8Den%C3%A1%C5%A1ov%C3%A1-rod.-Bartikov%C3%A1-1930-2013.jpg-scaled.jpg?resize=300%2C262&amp;ssl=1 300w, https:\/\/i0.wp.com\/www.atelier-reklama.sk\/blog\/wp-content\/uploads\/2023\/03\/5A-Kab%C3%A1tik-Jal%C5%A1ov%C3%ADk-druh%C3%A1-pol.-20.-stor.-kr%C3%AD%C5%BEikmi-vy%C5%A1ila-Anna-O%C4%8Den%C3%A1%C5%A1ov%C3%A1-rod.-Bartikov%C3%A1-1930-2013.jpg-scaled.jpg?resize=768%2C670&amp;ssl=1 768w, https:\/\/i0.wp.com\/www.atelier-reklama.sk\/blog\/wp-content\/uploads\/2023\/03\/5A-Kab%C3%A1tik-Jal%C5%A1ov%C3%ADk-druh%C3%A1-pol.-20.-stor.-kr%C3%AD%C5%BEikmi-vy%C5%A1ila-Anna-O%C4%8Den%C3%A1%C5%A1ov%C3%A1-rod.-Bartikov%C3%A1-1930-2013.jpg-scaled.jpg?resize=1536%2C1341&amp;ssl=1 1536w, https:\/\/i0.wp.com\/www.atelier-reklama.sk\/blog\/wp-content\/uploads\/2023\/03\/5A-Kab%C3%A1tik-Jal%C5%A1ov%C3%ADk-druh%C3%A1-pol.-20.-stor.-kr%C3%AD%C5%BEikmi-vy%C5%A1ila-Anna-O%C4%8Den%C3%A1%C5%A1ov%C3%A1-rod.-Bartikov%C3%A1-1930-2013.jpg-scaled.jpg?resize=2048%2C1788&amp;ssl=1 2048w, https:\/\/i0.wp.com\/www.atelier-reklama.sk\/blog\/wp-content\/uploads\/2023\/03\/5A-Kab%C3%A1tik-Jal%C5%A1ov%C3%ADk-druh%C3%A1-pol.-20.-stor.-kr%C3%AD%C5%BEikmi-vy%C5%A1ila-Anna-O%C4%8Den%C3%A1%C5%A1ov%C3%A1-rod.-Bartikov%C3%A1-1930-2013.jpg-scaled.jpg?w=1600&amp;ssl=1 1600w, https:\/\/i0.wp.com\/www.atelier-reklama.sk\/blog\/wp-content\/uploads\/2023\/03\/5A-Kab%C3%A1tik-Jal%C5%A1ov%C3%ADk-druh%C3%A1-pol.-20.-stor.-kr%C3%AD%C5%BEikmi-vy%C5%A1ila-Anna-O%C4%8Den%C3%A1%C5%A1ov%C3%A1-rod.-Bartikov%C3%A1-1930-2013.jpg-scaled.jpg?w=2400&amp;ssl=1 2400w\" sizes=\"auto, (max-width: 800px) 100vw, 800px\" \/><\/figure>\n\n\n\n<figure class=\"wp-block-image aligncenter size-large\"><img data-recalc-dims=\"1\" loading=\"lazy\" decoding=\"async\" width=\"800\" height=\"566\" data-attachment-id=\"12891\" data-permalink=\"https:\/\/www.atelier-reklama.sk\/blog\/moj-krekacsky-kroj-a-jeho-prekreslene-vzory-spolu\/5b-kabatik-jalsovik-druha-pol-20-stor-krizikmi-vysila-anna-ocenasova-rod-bartikova-1930-2013\/\" data-orig-file=\"https:\/\/i0.wp.com\/www.atelier-reklama.sk\/blog\/wp-content\/uploads\/2023\/03\/5B-Kab%C3%A1tik-Jal%C5%A1ov%C3%ADk-druh%C3%A1-pol.-20.-stor.-kr%C3%AD%C5%BEikmi-vy%C5%A1ila-Anna-O%C4%8Den%C3%A1%C5%A1ov%C3%A1-rod.-Bartikov%C3%A1-1930-2013-scaled.jpg?fit=2560%2C1810&amp;ssl=1\" data-orig-size=\"2560,1810\" data-comments-opened=\"1\" data-image-meta=\"{&quot;aperture&quot;:&quot;0&quot;,&quot;credit&quot;:&quot;&quot;,&quot;camera&quot;:&quot;&quot;,&quot;caption&quot;:&quot;&quot;,&quot;created_timestamp&quot;:&quot;0&quot;,&quot;copyright&quot;:&quot;&quot;,&quot;focal_length&quot;:&quot;0&quot;,&quot;iso&quot;:&quot;0&quot;,&quot;shutter_speed&quot;:&quot;0&quot;,&quot;title&quot;:&quot;&quot;,&quot;orientation&quot;:&quot;0&quot;}\" data-image-title=\"5B-Kab\u00e1tik-Jal\u0161ov\u00edk-druh\u00e1-pol.-20.-stor.-kr\u00ed\u017eikmi-vy\u0161ila-Anna-O\u010den\u00e1\u0161ov\u00e1-rod.-Bartikov\u00e1-1930-2013\" data-image-description=\"\" data-image-caption=\"\" data-medium-file=\"https:\/\/i0.wp.com\/www.atelier-reklama.sk\/blog\/wp-content\/uploads\/2023\/03\/5B-Kab%C3%A1tik-Jal%C5%A1ov%C3%ADk-druh%C3%A1-pol.-20.-stor.-kr%C3%AD%C5%BEikmi-vy%C5%A1ila-Anna-O%C4%8Den%C3%A1%C5%A1ov%C3%A1-rod.-Bartikov%C3%A1-1930-2013-scaled.jpg?fit=300%2C212&amp;ssl=1\" data-large-file=\"https:\/\/i0.wp.com\/www.atelier-reklama.sk\/blog\/wp-content\/uploads\/2023\/03\/5B-Kab%C3%A1tik-Jal%C5%A1ov%C3%ADk-druh%C3%A1-pol.-20.-stor.-kr%C3%AD%C5%BEikmi-vy%C5%A1ila-Anna-O%C4%8Den%C3%A1%C5%A1ov%C3%A1-rod.-Bartikov%C3%A1-1930-2013-scaled.jpg?fit=800%2C566&amp;ssl=1\" src=\"https:\/\/i0.wp.com\/www.atelier-reklama.sk\/blog\/wp-content\/uploads\/2023\/03\/5B-Kab%C3%A1tik-Jal%C5%A1ov%C3%ADk-druh%C3%A1-pol.-20.-stor.-kr%C3%AD%C5%BEikmi-vy%C5%A1ila-Anna-O%C4%8Den%C3%A1%C5%A1ov%C3%A1-rod.-Bartikov%C3%A1-1930-2013.jpg?resize=800%2C566&#038;ssl=1\" alt=\"\" class=\"wp-image-12891\" srcset=\"https:\/\/i0.wp.com\/www.atelier-reklama.sk\/blog\/wp-content\/uploads\/2023\/03\/5B-Kab%C3%A1tik-Jal%C5%A1ov%C3%ADk-druh%C3%A1-pol.-20.-stor.-kr%C3%AD%C5%BEikmi-vy%C5%A1ila-Anna-O%C4%8Den%C3%A1%C5%A1ov%C3%A1-rod.-Bartikov%C3%A1-1930-2013-scaled.jpg?resize=1024%2C724&amp;ssl=1 1024w, https:\/\/i0.wp.com\/www.atelier-reklama.sk\/blog\/wp-content\/uploads\/2023\/03\/5B-Kab%C3%A1tik-Jal%C5%A1ov%C3%ADk-druh%C3%A1-pol.-20.-stor.-kr%C3%AD%C5%BEikmi-vy%C5%A1ila-Anna-O%C4%8Den%C3%A1%C5%A1ov%C3%A1-rod.-Bartikov%C3%A1-1930-2013-scaled.jpg?resize=300%2C212&amp;ssl=1 300w, https:\/\/i0.wp.com\/www.atelier-reklama.sk\/blog\/wp-content\/uploads\/2023\/03\/5B-Kab%C3%A1tik-Jal%C5%A1ov%C3%ADk-druh%C3%A1-pol.-20.-stor.-kr%C3%AD%C5%BEikmi-vy%C5%A1ila-Anna-O%C4%8Den%C3%A1%C5%A1ov%C3%A1-rod.-Bartikov%C3%A1-1930-2013-scaled.jpg?resize=768%2C543&amp;ssl=1 768w, https:\/\/i0.wp.com\/www.atelier-reklama.sk\/blog\/wp-content\/uploads\/2023\/03\/5B-Kab%C3%A1tik-Jal%C5%A1ov%C3%ADk-druh%C3%A1-pol.-20.-stor.-kr%C3%AD%C5%BEikmi-vy%C5%A1ila-Anna-O%C4%8Den%C3%A1%C5%A1ov%C3%A1-rod.-Bartikov%C3%A1-1930-2013-scaled.jpg?resize=1536%2C1086&amp;ssl=1 1536w, https:\/\/i0.wp.com\/www.atelier-reklama.sk\/blog\/wp-content\/uploads\/2023\/03\/5B-Kab%C3%A1tik-Jal%C5%A1ov%C3%ADk-druh%C3%A1-pol.-20.-stor.-kr%C3%AD%C5%BEikmi-vy%C5%A1ila-Anna-O%C4%8Den%C3%A1%C5%A1ov%C3%A1-rod.-Bartikov%C3%A1-1930-2013-scaled.jpg?resize=2048%2C1448&amp;ssl=1 2048w, https:\/\/i0.wp.com\/www.atelier-reklama.sk\/blog\/wp-content\/uploads\/2023\/03\/5B-Kab%C3%A1tik-Jal%C5%A1ov%C3%ADk-druh%C3%A1-pol.-20.-stor.-kr%C3%AD%C5%BEikmi-vy%C5%A1ila-Anna-O%C4%8Den%C3%A1%C5%A1ov%C3%A1-rod.-Bartikov%C3%A1-1930-2013-scaled.jpg?w=1600&amp;ssl=1 1600w, https:\/\/i0.wp.com\/www.atelier-reklama.sk\/blog\/wp-content\/uploads\/2023\/03\/5B-Kab%C3%A1tik-Jal%C5%A1ov%C3%ADk-druh%C3%A1-pol.-20.-stor.-kr%C3%AD%C5%BEikmi-vy%C5%A1ila-Anna-O%C4%8Den%C3%A1%C5%A1ov%C3%A1-rod.-Bartikov%C3%A1-1930-2013-scaled.jpg?w=2400&amp;ssl=1 2400w\" sizes=\"auto, (max-width: 800px) 100vw, 800px\" \/><\/figure>\n\n\n\n<figure class=\"wp-block-image aligncenter size-large\"><img data-recalc-dims=\"1\" loading=\"lazy\" decoding=\"async\" width=\"800\" height=\"600\" data-attachment-id=\"12892\" data-permalink=\"https:\/\/www.atelier-reklama.sk\/blog\/moj-krekacsky-kroj-a-jeho-prekreslene-vzory-spolu\/5c-kabatik-jalsovik-druha-pol-20-stor-krizikmi-vysila-anna-ocenasova-rod-bartikova-1930-2013\/\" data-orig-file=\"https:\/\/i0.wp.com\/www.atelier-reklama.sk\/blog\/wp-content\/uploads\/2023\/03\/5C-Kab%C3%A1tik-Jal%C5%A1ov%C3%ADk-druh%C3%A1-pol.-20.-stor.-kr%C3%AD%C5%BEikmi-vy%C5%A1ila-Anna-O%C4%8Den%C3%A1%C5%A1ov%C3%A1-rod.-Bartikov%C3%A1-1930-2013-scaled.jpg?fit=2560%2C1920&amp;ssl=1\" data-orig-size=\"2560,1920\" data-comments-opened=\"1\" data-image-meta=\"{&quot;aperture&quot;:&quot;2&quot;,&quot;credit&quot;:&quot;&quot;,&quot;camera&quot;:&quot;SM-A125F&quot;,&quot;caption&quot;:&quot;&quot;,&quot;created_timestamp&quot;:&quot;1678698823&quot;,&quot;copyright&quot;:&quot;&quot;,&quot;focal_length&quot;:&quot;4.6&quot;,&quot;iso&quot;:&quot;400&quot;,&quot;shutter_speed&quot;:&quot;0.04&quot;,&quot;title&quot;:&quot;&quot;,&quot;orientation&quot;:&quot;1&quot;}\" data-image-title=\"5C-Kab\u00e1tik-Jal\u0161ov\u00edk-druh\u00e1-pol.-20.-stor.-kr\u00ed\u017eikmi-vy\u0161ila-Anna-O\u010den\u00e1\u0161ov\u00e1-rod.-Bartikov\u00e1-1930-2013\" data-image-description=\"\" data-image-caption=\"\" data-medium-file=\"https:\/\/i0.wp.com\/www.atelier-reklama.sk\/blog\/wp-content\/uploads\/2023\/03\/5C-Kab%C3%A1tik-Jal%C5%A1ov%C3%ADk-druh%C3%A1-pol.-20.-stor.-kr%C3%AD%C5%BEikmi-vy%C5%A1ila-Anna-O%C4%8Den%C3%A1%C5%A1ov%C3%A1-rod.-Bartikov%C3%A1-1930-2013-scaled.jpg?fit=300%2C225&amp;ssl=1\" data-large-file=\"https:\/\/i0.wp.com\/www.atelier-reklama.sk\/blog\/wp-content\/uploads\/2023\/03\/5C-Kab%C3%A1tik-Jal%C5%A1ov%C3%ADk-druh%C3%A1-pol.-20.-stor.-kr%C3%AD%C5%BEikmi-vy%C5%A1ila-Anna-O%C4%8Den%C3%A1%C5%A1ov%C3%A1-rod.-Bartikov%C3%A1-1930-2013-scaled.jpg?fit=800%2C600&amp;ssl=1\" src=\"https:\/\/i0.wp.com\/www.atelier-reklama.sk\/blog\/wp-content\/uploads\/2023\/03\/5C-Kab%C3%A1tik-Jal%C5%A1ov%C3%ADk-druh%C3%A1-pol.-20.-stor.-kr%C3%AD%C5%BEikmi-vy%C5%A1ila-Anna-O%C4%8Den%C3%A1%C5%A1ov%C3%A1-rod.-Bartikov%C3%A1-1930-2013.jpg?resize=800%2C600&#038;ssl=1\" alt=\"\" class=\"wp-image-12892\" srcset=\"https:\/\/i0.wp.com\/www.atelier-reklama.sk\/blog\/wp-content\/uploads\/2023\/03\/5C-Kab%C3%A1tik-Jal%C5%A1ov%C3%ADk-druh%C3%A1-pol.-20.-stor.-kr%C3%AD%C5%BEikmi-vy%C5%A1ila-Anna-O%C4%8Den%C3%A1%C5%A1ov%C3%A1-rod.-Bartikov%C3%A1-1930-2013-scaled.jpg?resize=1024%2C768&amp;ssl=1 1024w, https:\/\/i0.wp.com\/www.atelier-reklama.sk\/blog\/wp-content\/uploads\/2023\/03\/5C-Kab%C3%A1tik-Jal%C5%A1ov%C3%ADk-druh%C3%A1-pol.-20.-stor.-kr%C3%AD%C5%BEikmi-vy%C5%A1ila-Anna-O%C4%8Den%C3%A1%C5%A1ov%C3%A1-rod.-Bartikov%C3%A1-1930-2013-scaled.jpg?resize=300%2C225&amp;ssl=1 300w, https:\/\/i0.wp.com\/www.atelier-reklama.sk\/blog\/wp-content\/uploads\/2023\/03\/5C-Kab%C3%A1tik-Jal%C5%A1ov%C3%ADk-druh%C3%A1-pol.-20.-stor.-kr%C3%AD%C5%BEikmi-vy%C5%A1ila-Anna-O%C4%8Den%C3%A1%C5%A1ov%C3%A1-rod.-Bartikov%C3%A1-1930-2013-scaled.jpg?resize=768%2C576&amp;ssl=1 768w, https:\/\/i0.wp.com\/www.atelier-reklama.sk\/blog\/wp-content\/uploads\/2023\/03\/5C-Kab%C3%A1tik-Jal%C5%A1ov%C3%ADk-druh%C3%A1-pol.-20.-stor.-kr%C3%AD%C5%BEikmi-vy%C5%A1ila-Anna-O%C4%8Den%C3%A1%C5%A1ov%C3%A1-rod.-Bartikov%C3%A1-1930-2013-scaled.jpg?resize=1536%2C1152&amp;ssl=1 1536w, https:\/\/i0.wp.com\/www.atelier-reklama.sk\/blog\/wp-content\/uploads\/2023\/03\/5C-Kab%C3%A1tik-Jal%C5%A1ov%C3%ADk-druh%C3%A1-pol.-20.-stor.-kr%C3%AD%C5%BEikmi-vy%C5%A1ila-Anna-O%C4%8Den%C3%A1%C5%A1ov%C3%A1-rod.-Bartikov%C3%A1-1930-2013-scaled.jpg?resize=2048%2C1536&amp;ssl=1 2048w, https:\/\/i0.wp.com\/www.atelier-reklama.sk\/blog\/wp-content\/uploads\/2023\/03\/5C-Kab%C3%A1tik-Jal%C5%A1ov%C3%ADk-druh%C3%A1-pol.-20.-stor.-kr%C3%AD%C5%BEikmi-vy%C5%A1ila-Anna-O%C4%8Den%C3%A1%C5%A1ov%C3%A1-rod.-Bartikov%C3%A1-1930-2013-scaled.jpg?w=1600&amp;ssl=1 1600w, https:\/\/i0.wp.com\/www.atelier-reklama.sk\/blog\/wp-content\/uploads\/2023\/03\/5C-Kab%C3%A1tik-Jal%C5%A1ov%C3%ADk-druh%C3%A1-pol.-20.-stor.-kr%C3%AD%C5%BEikmi-vy%C5%A1ila-Anna-O%C4%8Den%C3%A1%C5%A1ov%C3%A1-rod.-Bartikov%C3%A1-1930-2013-scaled.jpg?w=2400&amp;ssl=1 2400w\" sizes=\"auto, (max-width: 800px) 100vw, 800px\" \/><\/figure>\n\n\n\n<figure class=\"wp-block-image aligncenter size-large\"><img data-recalc-dims=\"1\" loading=\"lazy\" decoding=\"async\" width=\"800\" height=\"600\" data-attachment-id=\"12893\" data-permalink=\"https:\/\/www.atelier-reklama.sk\/blog\/moj-krekacsky-kroj-a-jeho-prekreslene-vzory-spolu\/5d-kabatik-jalsovik-druha-pol-20-stor-krizikmi-vysila-anna-ocenasova-rod-bartikova-1930-2013-jpg\/\" data-orig-file=\"https:\/\/i0.wp.com\/www.atelier-reklama.sk\/blog\/wp-content\/uploads\/2023\/03\/5D-Kab%C3%A1tik-Jal%C5%A1ov%C3%ADk-druh%C3%A1-pol.-20.-stor.-kr%C3%AD%C5%BEikmi-vy%C5%A1ila-Anna-O%C4%8Den%C3%A1%C5%A1ov%C3%A1-rod.-Bartikov%C3%A1-1930-2013.jpg-scaled.jpg?fit=2560%2C1920&amp;ssl=1\" data-orig-size=\"2560,1920\" data-comments-opened=\"1\" data-image-meta=\"{&quot;aperture&quot;:&quot;2&quot;,&quot;credit&quot;:&quot;&quot;,&quot;camera&quot;:&quot;SM-A125F&quot;,&quot;caption&quot;:&quot;&quot;,&quot;created_timestamp&quot;:&quot;1678698831&quot;,&quot;copyright&quot;:&quot;&quot;,&quot;focal_length&quot;:&quot;4.6&quot;,&quot;iso&quot;:&quot;640&quot;,&quot;shutter_speed&quot;:&quot;0.0499&quot;,&quot;title&quot;:&quot;&quot;,&quot;orientation&quot;:&quot;1&quot;}\" data-image-title=\"5D-Kab\u00e1tik-Jal\u0161ov\u00edk-druh\u00e1-pol.-20.-stor.-kr\u00ed\u017eikmi-vy\u0161ila-Anna-O\u010den\u00e1\u0161ov\u00e1-rod.-Bartikov\u00e1-1930-2013.jpg\" data-image-description=\"\" data-image-caption=\"\" data-medium-file=\"https:\/\/i0.wp.com\/www.atelier-reklama.sk\/blog\/wp-content\/uploads\/2023\/03\/5D-Kab%C3%A1tik-Jal%C5%A1ov%C3%ADk-druh%C3%A1-pol.-20.-stor.-kr%C3%AD%C5%BEikmi-vy%C5%A1ila-Anna-O%C4%8Den%C3%A1%C5%A1ov%C3%A1-rod.-Bartikov%C3%A1-1930-2013.jpg-scaled.jpg?fit=300%2C225&amp;ssl=1\" data-large-file=\"https:\/\/i0.wp.com\/www.atelier-reklama.sk\/blog\/wp-content\/uploads\/2023\/03\/5D-Kab%C3%A1tik-Jal%C5%A1ov%C3%ADk-druh%C3%A1-pol.-20.-stor.-kr%C3%AD%C5%BEikmi-vy%C5%A1ila-Anna-O%C4%8Den%C3%A1%C5%A1ov%C3%A1-rod.-Bartikov%C3%A1-1930-2013.jpg-scaled.jpg?fit=800%2C600&amp;ssl=1\" src=\"https:\/\/i0.wp.com\/www.atelier-reklama.sk\/blog\/wp-content\/uploads\/2023\/03\/5D-Kab%C3%A1tik-Jal%C5%A1ov%C3%ADk-druh%C3%A1-pol.-20.-stor.-kr%C3%AD%C5%BEikmi-vy%C5%A1ila-Anna-O%C4%8Den%C3%A1%C5%A1ov%C3%A1-rod.-Bartikov%C3%A1-1930-2013.jpg.jpg?resize=800%2C600&#038;ssl=1\" alt=\"\" class=\"wp-image-12893\" srcset=\"https:\/\/i0.wp.com\/www.atelier-reklama.sk\/blog\/wp-content\/uploads\/2023\/03\/5D-Kab%C3%A1tik-Jal%C5%A1ov%C3%ADk-druh%C3%A1-pol.-20.-stor.-kr%C3%AD%C5%BEikmi-vy%C5%A1ila-Anna-O%C4%8Den%C3%A1%C5%A1ov%C3%A1-rod.-Bartikov%C3%A1-1930-2013.jpg-scaled.jpg?resize=1024%2C768&amp;ssl=1 1024w, https:\/\/i0.wp.com\/www.atelier-reklama.sk\/blog\/wp-content\/uploads\/2023\/03\/5D-Kab%C3%A1tik-Jal%C5%A1ov%C3%ADk-druh%C3%A1-pol.-20.-stor.-kr%C3%AD%C5%BEikmi-vy%C5%A1ila-Anna-O%C4%8Den%C3%A1%C5%A1ov%C3%A1-rod.-Bartikov%C3%A1-1930-2013.jpg-scaled.jpg?resize=300%2C225&amp;ssl=1 300w, https:\/\/i0.wp.com\/www.atelier-reklama.sk\/blog\/wp-content\/uploads\/2023\/03\/5D-Kab%C3%A1tik-Jal%C5%A1ov%C3%ADk-druh%C3%A1-pol.-20.-stor.-kr%C3%AD%C5%BEikmi-vy%C5%A1ila-Anna-O%C4%8Den%C3%A1%C5%A1ov%C3%A1-rod.-Bartikov%C3%A1-1930-2013.jpg-scaled.jpg?resize=768%2C576&amp;ssl=1 768w, https:\/\/i0.wp.com\/www.atelier-reklama.sk\/blog\/wp-content\/uploads\/2023\/03\/5D-Kab%C3%A1tik-Jal%C5%A1ov%C3%ADk-druh%C3%A1-pol.-20.-stor.-kr%C3%AD%C5%BEikmi-vy%C5%A1ila-Anna-O%C4%8Den%C3%A1%C5%A1ov%C3%A1-rod.-Bartikov%C3%A1-1930-2013.jpg-scaled.jpg?resize=1536%2C1152&amp;ssl=1 1536w, https:\/\/i0.wp.com\/www.atelier-reklama.sk\/blog\/wp-content\/uploads\/2023\/03\/5D-Kab%C3%A1tik-Jal%C5%A1ov%C3%ADk-druh%C3%A1-pol.-20.-stor.-kr%C3%AD%C5%BEikmi-vy%C5%A1ila-Anna-O%C4%8Den%C3%A1%C5%A1ov%C3%A1-rod.-Bartikov%C3%A1-1930-2013.jpg-scaled.jpg?resize=2048%2C1536&amp;ssl=1 2048w, https:\/\/i0.wp.com\/www.atelier-reklama.sk\/blog\/wp-content\/uploads\/2023\/03\/5D-Kab%C3%A1tik-Jal%C5%A1ov%C3%ADk-druh%C3%A1-pol.-20.-stor.-kr%C3%AD%C5%BEikmi-vy%C5%A1ila-Anna-O%C4%8Den%C3%A1%C5%A1ov%C3%A1-rod.-Bartikov%C3%A1-1930-2013.jpg-scaled.jpg?w=1600&amp;ssl=1 1600w, https:\/\/i0.wp.com\/www.atelier-reklama.sk\/blog\/wp-content\/uploads\/2023\/03\/5D-Kab%C3%A1tik-Jal%C5%A1ov%C3%ADk-druh%C3%A1-pol.-20.-stor.-kr%C3%AD%C5%BEikmi-vy%C5%A1ila-Anna-O%C4%8Den%C3%A1%C5%A1ov%C3%A1-rod.-Bartikov%C3%A1-1930-2013.jpg-scaled.jpg?w=2400&amp;ssl=1 2400w\" sizes=\"auto, (max-width: 800px) 100vw, 800px\" \/><\/figure>\n\n\n\n<figure class=\"wp-block-image aligncenter size-large\"><img data-recalc-dims=\"1\" loading=\"lazy\" decoding=\"async\" width=\"768\" height=\"1024\" data-attachment-id=\"12894\" data-permalink=\"https:\/\/www.atelier-reklama.sk\/blog\/moj-krekacsky-kroj-a-jeho-prekreslene-vzory-spolu\/5e-kabatik-jalsovik-druha-pol-20-stor-krizikmi-vysila-anna-ocenasova-rod-bartikova-1930-2013\/\" data-orig-file=\"https:\/\/i0.wp.com\/www.atelier-reklama.sk\/blog\/wp-content\/uploads\/2023\/03\/5E-Kab%C3%A1tik-Jal%C5%A1ov%C3%ADk-druh%C3%A1-pol.-20.-stor.-kr%C3%AD%C5%BEikmi-vy%C5%A1ila-Anna-O%C4%8Den%C3%A1%C5%A1ov%C3%A1-rod.-Bartikov%C3%A1-1930-2013-scaled.jpg?fit=1920%2C2560&amp;ssl=1\" data-orig-size=\"1920,2560\" data-comments-opened=\"1\" data-image-meta=\"{&quot;aperture&quot;:&quot;2&quot;,&quot;credit&quot;:&quot;&quot;,&quot;camera&quot;:&quot;SM-A125F&quot;,&quot;caption&quot;:&quot;&quot;,&quot;created_timestamp&quot;:&quot;1678698677&quot;,&quot;copyright&quot;:&quot;&quot;,&quot;focal_length&quot;:&quot;4.6&quot;,&quot;iso&quot;:&quot;800&quot;,&quot;shutter_speed&quot;:&quot;0.049993&quot;,&quot;title&quot;:&quot;&quot;,&quot;orientation&quot;:&quot;1&quot;}\" data-image-title=\"5E-Kab\u00e1tik-Jal\u0161ov\u00edk-druh\u00e1-pol.-20.-stor.-kr\u00ed\u017eikmi-vy\u0161ila-Anna-O\u010den\u00e1\u0161ov\u00e1-rod.-Bartikov\u00e1-1930-2013\" data-image-description=\"\" data-image-caption=\"\" data-medium-file=\"https:\/\/i0.wp.com\/www.atelier-reklama.sk\/blog\/wp-content\/uploads\/2023\/03\/5E-Kab%C3%A1tik-Jal%C5%A1ov%C3%ADk-druh%C3%A1-pol.-20.-stor.-kr%C3%AD%C5%BEikmi-vy%C5%A1ila-Anna-O%C4%8Den%C3%A1%C5%A1ov%C3%A1-rod.-Bartikov%C3%A1-1930-2013-scaled.jpg?fit=225%2C300&amp;ssl=1\" data-large-file=\"https:\/\/i0.wp.com\/www.atelier-reklama.sk\/blog\/wp-content\/uploads\/2023\/03\/5E-Kab%C3%A1tik-Jal%C5%A1ov%C3%ADk-druh%C3%A1-pol.-20.-stor.-kr%C3%AD%C5%BEikmi-vy%C5%A1ila-Anna-O%C4%8Den%C3%A1%C5%A1ov%C3%A1-rod.-Bartikov%C3%A1-1930-2013-scaled.jpg?fit=768%2C1024&amp;ssl=1\" src=\"https:\/\/i0.wp.com\/www.atelier-reklama.sk\/blog\/wp-content\/uploads\/2023\/03\/5E-Kab%C3%A1tik-Jal%C5%A1ov%C3%ADk-druh%C3%A1-pol.-20.-stor.-kr%C3%AD%C5%BEikmi-vy%C5%A1ila-Anna-O%C4%8Den%C3%A1%C5%A1ov%C3%A1-rod.-Bartikov%C3%A1-1930-2013.jpg?resize=768%2C1024&#038;ssl=1\" alt=\"\" class=\"wp-image-12894\" srcset=\"https:\/\/i0.wp.com\/www.atelier-reklama.sk\/blog\/wp-content\/uploads\/2023\/03\/5E-Kab%C3%A1tik-Jal%C5%A1ov%C3%ADk-druh%C3%A1-pol.-20.-stor.-kr%C3%AD%C5%BEikmi-vy%C5%A1ila-Anna-O%C4%8Den%C3%A1%C5%A1ov%C3%A1-rod.-Bartikov%C3%A1-1930-2013-scaled.jpg?resize=768%2C1024&amp;ssl=1 768w, https:\/\/i0.wp.com\/www.atelier-reklama.sk\/blog\/wp-content\/uploads\/2023\/03\/5E-Kab%C3%A1tik-Jal%C5%A1ov%C3%ADk-druh%C3%A1-pol.-20.-stor.-kr%C3%AD%C5%BEikmi-vy%C5%A1ila-Anna-O%C4%8Den%C3%A1%C5%A1ov%C3%A1-rod.-Bartikov%C3%A1-1930-2013-scaled.jpg?resize=225%2C300&amp;ssl=1 225w, https:\/\/i0.wp.com\/www.atelier-reklama.sk\/blog\/wp-content\/uploads\/2023\/03\/5E-Kab%C3%A1tik-Jal%C5%A1ov%C3%ADk-druh%C3%A1-pol.-20.-stor.-kr%C3%AD%C5%BEikmi-vy%C5%A1ila-Anna-O%C4%8Den%C3%A1%C5%A1ov%C3%A1-rod.-Bartikov%C3%A1-1930-2013-scaled.jpg?resize=1152%2C1536&amp;ssl=1 1152w, https:\/\/i0.wp.com\/www.atelier-reklama.sk\/blog\/wp-content\/uploads\/2023\/03\/5E-Kab%C3%A1tik-Jal%C5%A1ov%C3%ADk-druh%C3%A1-pol.-20.-stor.-kr%C3%AD%C5%BEikmi-vy%C5%A1ila-Anna-O%C4%8Den%C3%A1%C5%A1ov%C3%A1-rod.-Bartikov%C3%A1-1930-2013-scaled.jpg?resize=1536%2C2048&amp;ssl=1 1536w, https:\/\/i0.wp.com\/www.atelier-reklama.sk\/blog\/wp-content\/uploads\/2023\/03\/5E-Kab%C3%A1tik-Jal%C5%A1ov%C3%ADk-druh%C3%A1-pol.-20.-stor.-kr%C3%AD%C5%BEikmi-vy%C5%A1ila-Anna-O%C4%8Den%C3%A1%C5%A1ov%C3%A1-rod.-Bartikov%C3%A1-1930-2013-scaled.jpg?w=1920&amp;ssl=1 1920w, https:\/\/i0.wp.com\/www.atelier-reklama.sk\/blog\/wp-content\/uploads\/2023\/03\/5E-Kab%C3%A1tik-Jal%C5%A1ov%C3%ADk-druh%C3%A1-pol.-20.-stor.-kr%C3%AD%C5%BEikmi-vy%C5%A1ila-Anna-O%C4%8Den%C3%A1%C5%A1ov%C3%A1-rod.-Bartikov%C3%A1-1930-2013-scaled.jpg?w=1600&amp;ssl=1 1600w\" sizes=\"auto, (max-width: 768px) 100vw, 768px\" \/><\/figure>\n\n\n\n<figure class=\"wp-block-image aligncenter size-large\"><img data-recalc-dims=\"1\" loading=\"lazy\" decoding=\"async\" width=\"800\" height=\"555\" data-attachment-id=\"12895\" data-permalink=\"https:\/\/www.atelier-reklama.sk\/blog\/moj-krekacsky-kroj-a-jeho-prekreslene-vzory-spolu\/5f-kabatik-jalsovik-druha-pol-20-stor-krizikmi-vysila-anna-ocenasova-rod-bartikova-1930-2013\/\" data-orig-file=\"https:\/\/i0.wp.com\/www.atelier-reklama.sk\/blog\/wp-content\/uploads\/2023\/03\/5F-Kab%C3%A1tik-Jal%C5%A1ov%C3%ADk-druh%C3%A1-pol.-20.-stor.-kr%C3%AD%C5%BEikmi-vy%C5%A1ila-Anna-O%C4%8Den%C3%A1%C5%A1ov%C3%A1-rod.-Bartikov%C3%A1-1930-2013-scaled.jpg?fit=2560%2C1778&amp;ssl=1\" data-orig-size=\"2560,1778\" data-comments-opened=\"1\" data-image-meta=\"{&quot;aperture&quot;:&quot;2&quot;,&quot;credit&quot;:&quot;&quot;,&quot;camera&quot;:&quot;SM-A125F&quot;,&quot;caption&quot;:&quot;&quot;,&quot;created_timestamp&quot;:&quot;1678698712&quot;,&quot;copyright&quot;:&quot;&quot;,&quot;focal_length&quot;:&quot;4.6&quot;,&quot;iso&quot;:&quot;800&quot;,&quot;shutter_speed&quot;:&quot;0.0499&quot;,&quot;title&quot;:&quot;&quot;,&quot;orientation&quot;:&quot;1&quot;}\" data-image-title=\"5F-Kab\u00e1tik-Jal\u0161ov\u00edk-druh\u00e1-pol.-20.-stor.-kr\u00ed\u017eikmi-vy\u0161ila-Anna-O\u010den\u00e1\u0161ov\u00e1-rod.-Bartikov\u00e1-1930-2013\" data-image-description=\"\" data-image-caption=\"\" data-medium-file=\"https:\/\/i0.wp.com\/www.atelier-reklama.sk\/blog\/wp-content\/uploads\/2023\/03\/5F-Kab%C3%A1tik-Jal%C5%A1ov%C3%ADk-druh%C3%A1-pol.-20.-stor.-kr%C3%AD%C5%BEikmi-vy%C5%A1ila-Anna-O%C4%8Den%C3%A1%C5%A1ov%C3%A1-rod.-Bartikov%C3%A1-1930-2013-scaled.jpg?fit=300%2C208&amp;ssl=1\" data-large-file=\"https:\/\/i0.wp.com\/www.atelier-reklama.sk\/blog\/wp-content\/uploads\/2023\/03\/5F-Kab%C3%A1tik-Jal%C5%A1ov%C3%ADk-druh%C3%A1-pol.-20.-stor.-kr%C3%AD%C5%BEikmi-vy%C5%A1ila-Anna-O%C4%8Den%C3%A1%C5%A1ov%C3%A1-rod.-Bartikov%C3%A1-1930-2013-scaled.jpg?fit=800%2C555&amp;ssl=1\" src=\"https:\/\/i0.wp.com\/www.atelier-reklama.sk\/blog\/wp-content\/uploads\/2023\/03\/5F-Kab%C3%A1tik-Jal%C5%A1ov%C3%ADk-druh%C3%A1-pol.-20.-stor.-kr%C3%AD%C5%BEikmi-vy%C5%A1ila-Anna-O%C4%8Den%C3%A1%C5%A1ov%C3%A1-rod.-Bartikov%C3%A1-1930-2013.jpg?resize=800%2C555&#038;ssl=1\" alt=\"\" class=\"wp-image-12895\" srcset=\"https:\/\/i0.wp.com\/www.atelier-reklama.sk\/blog\/wp-content\/uploads\/2023\/03\/5F-Kab%C3%A1tik-Jal%C5%A1ov%C3%ADk-druh%C3%A1-pol.-20.-stor.-kr%C3%AD%C5%BEikmi-vy%C5%A1ila-Anna-O%C4%8Den%C3%A1%C5%A1ov%C3%A1-rod.-Bartikov%C3%A1-1930-2013-scaled.jpg?resize=1024%2C711&amp;ssl=1 1024w, https:\/\/i0.wp.com\/www.atelier-reklama.sk\/blog\/wp-content\/uploads\/2023\/03\/5F-Kab%C3%A1tik-Jal%C5%A1ov%C3%ADk-druh%C3%A1-pol.-20.-stor.-kr%C3%AD%C5%BEikmi-vy%C5%A1ila-Anna-O%C4%8Den%C3%A1%C5%A1ov%C3%A1-rod.-Bartikov%C3%A1-1930-2013-scaled.jpg?resize=300%2C208&amp;ssl=1 300w, https:\/\/i0.wp.com\/www.atelier-reklama.sk\/blog\/wp-content\/uploads\/2023\/03\/5F-Kab%C3%A1tik-Jal%C5%A1ov%C3%ADk-druh%C3%A1-pol.-20.-stor.-kr%C3%AD%C5%BEikmi-vy%C5%A1ila-Anna-O%C4%8Den%C3%A1%C5%A1ov%C3%A1-rod.-Bartikov%C3%A1-1930-2013-scaled.jpg?resize=768%2C533&amp;ssl=1 768w, https:\/\/i0.wp.com\/www.atelier-reklama.sk\/blog\/wp-content\/uploads\/2023\/03\/5F-Kab%C3%A1tik-Jal%C5%A1ov%C3%ADk-druh%C3%A1-pol.-20.-stor.-kr%C3%AD%C5%BEikmi-vy%C5%A1ila-Anna-O%C4%8Den%C3%A1%C5%A1ov%C3%A1-rod.-Bartikov%C3%A1-1930-2013-scaled.jpg?resize=1536%2C1067&amp;ssl=1 1536w, https:\/\/i0.wp.com\/www.atelier-reklama.sk\/blog\/wp-content\/uploads\/2023\/03\/5F-Kab%C3%A1tik-Jal%C5%A1ov%C3%ADk-druh%C3%A1-pol.-20.-stor.-kr%C3%AD%C5%BEikmi-vy%C5%A1ila-Anna-O%C4%8Den%C3%A1%C5%A1ov%C3%A1-rod.-Bartikov%C3%A1-1930-2013-scaled.jpg?resize=2048%2C1422&amp;ssl=1 2048w, https:\/\/i0.wp.com\/www.atelier-reklama.sk\/blog\/wp-content\/uploads\/2023\/03\/5F-Kab%C3%A1tik-Jal%C5%A1ov%C3%ADk-druh%C3%A1-pol.-20.-stor.-kr%C3%AD%C5%BEikmi-vy%C5%A1ila-Anna-O%C4%8Den%C3%A1%C5%A1ov%C3%A1-rod.-Bartikov%C3%A1-1930-2013-scaled.jpg?resize=392%2C272&amp;ssl=1 392w, https:\/\/i0.wp.com\/www.atelier-reklama.sk\/blog\/wp-content\/uploads\/2023\/03\/5F-Kab%C3%A1tik-Jal%C5%A1ov%C3%ADk-druh%C3%A1-pol.-20.-stor.-kr%C3%AD%C5%BEikmi-vy%C5%A1ila-Anna-O%C4%8Den%C3%A1%C5%A1ov%C3%A1-rod.-Bartikov%C3%A1-1930-2013-scaled.jpg?resize=130%2C90&amp;ssl=1 130w, https:\/\/i0.wp.com\/www.atelier-reklama.sk\/blog\/wp-content\/uploads\/2023\/03\/5F-Kab%C3%A1tik-Jal%C5%A1ov%C3%ADk-druh%C3%A1-pol.-20.-stor.-kr%C3%AD%C5%BEikmi-vy%C5%A1ila-Anna-O%C4%8Den%C3%A1%C5%A1ov%C3%A1-rod.-Bartikov%C3%A1-1930-2013-scaled.jpg?w=1600&amp;ssl=1 1600w, https:\/\/i0.wp.com\/www.atelier-reklama.sk\/blog\/wp-content\/uploads\/2023\/03\/5F-Kab%C3%A1tik-Jal%C5%A1ov%C3%ADk-druh%C3%A1-pol.-20.-stor.-kr%C3%AD%C5%BEikmi-vy%C5%A1ila-Anna-O%C4%8Den%C3%A1%C5%A1ov%C3%A1-rod.-Bartikov%C3%A1-1930-2013-scaled.jpg?w=2400&amp;ssl=1 2400w\" sizes=\"auto, (max-width: 800px) 100vw, 800px\" \/><\/figure>\n\n\n\n<p class=\"has-text-align-left\">6. Kab\u00e1tik, Jal\u0161ov\u00edk, druh\u00e1 pol. 20. stor. kr\u00ed\u017eikmi vy\u0161ila Anna O\u010den\u00e1\u0161ov\u00e1, rod. Bartikov\u00e1 (1930-2013)<\/p>\n\n\n\n<figure class=\"wp-block-image aligncenter size-large\"><img data-recalc-dims=\"1\" loading=\"lazy\" decoding=\"async\" width=\"800\" height=\"649\" data-attachment-id=\"12896\" data-permalink=\"https:\/\/www.atelier-reklama.sk\/blog\/moj-krekacsky-kroj-a-jeho-prekreslene-vzory-spolu\/6a-kabatik-jalsovik-druha-pol-20-stor-krizikmi-vysila-anna-ocenasova-rod-bartikova-1930-2013-jpg\/\" data-orig-file=\"https:\/\/i0.wp.com\/www.atelier-reklama.sk\/blog\/wp-content\/uploads\/2023\/03\/6A-Kab%C3%A1tik-Jal%C5%A1ov%C3%ADk-druh%C3%A1-pol.-20.-stor.-kr%C3%AD%C5%BEikmi-vy%C5%A1ila-Anna-O%C4%8Den%C3%A1%C5%A1ov%C3%A1-rod.-Bartikov%C3%A1-1930-2013.jpg-scaled.jpg?fit=2560%2C2078&amp;ssl=1\" data-orig-size=\"2560,2078\" data-comments-opened=\"1\" data-image-meta=\"{&quot;aperture&quot;:&quot;2&quot;,&quot;credit&quot;:&quot;&quot;,&quot;camera&quot;:&quot;SM-A125F&quot;,&quot;caption&quot;:&quot;&quot;,&quot;created_timestamp&quot;:&quot;1678699373&quot;,&quot;copyright&quot;:&quot;&quot;,&quot;focal_length&quot;:&quot;4.6&quot;,&quot;iso&quot;:&quot;320&quot;,&quot;shutter_speed&quot;:&quot;0.04&quot;,&quot;title&quot;:&quot;&quot;,&quot;orientation&quot;:&quot;1&quot;}\" data-image-title=\"6A-Kab\u00e1tik-Jal\u0161ov\u00edk-druh\u00e1-pol.-20.-stor.-kr\u00ed\u017eikmi-vy\u0161ila-Anna-O\u010den\u00e1\u0161ov\u00e1-rod.-Bartikov\u00e1-1930-2013.jpg\" data-image-description=\"\" data-image-caption=\"\" data-medium-file=\"https:\/\/i0.wp.com\/www.atelier-reklama.sk\/blog\/wp-content\/uploads\/2023\/03\/6A-Kab%C3%A1tik-Jal%C5%A1ov%C3%ADk-druh%C3%A1-pol.-20.-stor.-kr%C3%AD%C5%BEikmi-vy%C5%A1ila-Anna-O%C4%8Den%C3%A1%C5%A1ov%C3%A1-rod.-Bartikov%C3%A1-1930-2013.jpg-scaled.jpg?fit=300%2C244&amp;ssl=1\" data-large-file=\"https:\/\/i0.wp.com\/www.atelier-reklama.sk\/blog\/wp-content\/uploads\/2023\/03\/6A-Kab%C3%A1tik-Jal%C5%A1ov%C3%ADk-druh%C3%A1-pol.-20.-stor.-kr%C3%AD%C5%BEikmi-vy%C5%A1ila-Anna-O%C4%8Den%C3%A1%C5%A1ov%C3%A1-rod.-Bartikov%C3%A1-1930-2013.jpg-scaled.jpg?fit=800%2C649&amp;ssl=1\" src=\"https:\/\/i0.wp.com\/www.atelier-reklama.sk\/blog\/wp-content\/uploads\/2023\/03\/6A-Kab%C3%A1tik-Jal%C5%A1ov%C3%ADk-druh%C3%A1-pol.-20.-stor.-kr%C3%AD%C5%BEikmi-vy%C5%A1ila-Anna-O%C4%8Den%C3%A1%C5%A1ov%C3%A1-rod.-Bartikov%C3%A1-1930-2013.jpg.jpg?resize=800%2C649&#038;ssl=1\" alt=\"\" class=\"wp-image-12896\" srcset=\"https:\/\/i0.wp.com\/www.atelier-reklama.sk\/blog\/wp-content\/uploads\/2023\/03\/6A-Kab%C3%A1tik-Jal%C5%A1ov%C3%ADk-druh%C3%A1-pol.-20.-stor.-kr%C3%AD%C5%BEikmi-vy%C5%A1ila-Anna-O%C4%8Den%C3%A1%C5%A1ov%C3%A1-rod.-Bartikov%C3%A1-1930-2013.jpg-scaled.jpg?resize=1024%2C831&amp;ssl=1 1024w, https:\/\/i0.wp.com\/www.atelier-reklama.sk\/blog\/wp-content\/uploads\/2023\/03\/6A-Kab%C3%A1tik-Jal%C5%A1ov%C3%ADk-druh%C3%A1-pol.-20.-stor.-kr%C3%AD%C5%BEikmi-vy%C5%A1ila-Anna-O%C4%8Den%C3%A1%C5%A1ov%C3%A1-rod.-Bartikov%C3%A1-1930-2013.jpg-scaled.jpg?resize=300%2C244&amp;ssl=1 300w, https:\/\/i0.wp.com\/www.atelier-reklama.sk\/blog\/wp-content\/uploads\/2023\/03\/6A-Kab%C3%A1tik-Jal%C5%A1ov%C3%ADk-druh%C3%A1-pol.-20.-stor.-kr%C3%AD%C5%BEikmi-vy%C5%A1ila-Anna-O%C4%8Den%C3%A1%C5%A1ov%C3%A1-rod.-Bartikov%C3%A1-1930-2013.jpg-scaled.jpg?resize=768%2C623&amp;ssl=1 768w, https:\/\/i0.wp.com\/www.atelier-reklama.sk\/blog\/wp-content\/uploads\/2023\/03\/6A-Kab%C3%A1tik-Jal%C5%A1ov%C3%ADk-druh%C3%A1-pol.-20.-stor.-kr%C3%AD%C5%BEikmi-vy%C5%A1ila-Anna-O%C4%8Den%C3%A1%C5%A1ov%C3%A1-rod.-Bartikov%C3%A1-1930-2013.jpg-scaled.jpg?resize=1536%2C1247&amp;ssl=1 1536w, https:\/\/i0.wp.com\/www.atelier-reklama.sk\/blog\/wp-content\/uploads\/2023\/03\/6A-Kab%C3%A1tik-Jal%C5%A1ov%C3%ADk-druh%C3%A1-pol.-20.-stor.-kr%C3%AD%C5%BEikmi-vy%C5%A1ila-Anna-O%C4%8Den%C3%A1%C5%A1ov%C3%A1-rod.-Bartikov%C3%A1-1930-2013.jpg-scaled.jpg?resize=2048%2C1662&amp;ssl=1 2048w, https:\/\/i0.wp.com\/www.atelier-reklama.sk\/blog\/wp-content\/uploads\/2023\/03\/6A-Kab%C3%A1tik-Jal%C5%A1ov%C3%ADk-druh%C3%A1-pol.-20.-stor.-kr%C3%AD%C5%BEikmi-vy%C5%A1ila-Anna-O%C4%8Den%C3%A1%C5%A1ov%C3%A1-rod.-Bartikov%C3%A1-1930-2013.jpg-scaled.jpg?w=1600&amp;ssl=1 1600w, https:\/\/i0.wp.com\/www.atelier-reklama.sk\/blog\/wp-content\/uploads\/2023\/03\/6A-Kab%C3%A1tik-Jal%C5%A1ov%C3%ADk-druh%C3%A1-pol.-20.-stor.-kr%C3%AD%C5%BEikmi-vy%C5%A1ila-Anna-O%C4%8Den%C3%A1%C5%A1ov%C3%A1-rod.-Bartikov%C3%A1-1930-2013.jpg-scaled.jpg?w=2400&amp;ssl=1 2400w\" sizes=\"auto, (max-width: 800px) 100vw, 800px\" \/><\/figure>\n\n\n\n<figure class=\"wp-block-image aligncenter size-large\"><img data-recalc-dims=\"1\" loading=\"lazy\" decoding=\"async\" width=\"800\" height=\"566\" data-attachment-id=\"12897\" data-permalink=\"https:\/\/www.atelier-reklama.sk\/blog\/moj-krekacsky-kroj-a-jeho-prekreslene-vzory-spolu\/6b-kabatik-jalsovik-druha-pol-20-stor-krizikmi-vysila-anna-ocenasova-rod-bartikova-1930-2013\/\" data-orig-file=\"https:\/\/i0.wp.com\/www.atelier-reklama.sk\/blog\/wp-content\/uploads\/2023\/03\/6B-Kab%C3%A1tik-Jal%C5%A1ov%C3%ADk-druh%C3%A1-pol.-20.-stor.-kr%C3%AD%C5%BEikmi-vy%C5%A1ila-Anna-O%C4%8Den%C3%A1%C5%A1ov%C3%A1-rod.-Bartikov%C3%A1-1930-2013-scaled.jpg?fit=2560%2C1810&amp;ssl=1\" data-orig-size=\"2560,1810\" data-comments-opened=\"1\" data-image-meta=\"{&quot;aperture&quot;:&quot;0&quot;,&quot;credit&quot;:&quot;&quot;,&quot;camera&quot;:&quot;&quot;,&quot;caption&quot;:&quot;&quot;,&quot;created_timestamp&quot;:&quot;0&quot;,&quot;copyright&quot;:&quot;&quot;,&quot;focal_length&quot;:&quot;0&quot;,&quot;iso&quot;:&quot;0&quot;,&quot;shutter_speed&quot;:&quot;0&quot;,&quot;title&quot;:&quot;&quot;,&quot;orientation&quot;:&quot;0&quot;}\" data-image-title=\"6B-Kab\u00e1tik-Jal\u0161ov\u00edk-druh\u00e1-pol.-20.-stor.-kr\u00ed\u017eikmi-vy\u0161ila-Anna-O\u010den\u00e1\u0161ov\u00e1-rod.-Bartikov\u00e1-1930-2013\" data-image-description=\"\" data-image-caption=\"\" data-medium-file=\"https:\/\/i0.wp.com\/www.atelier-reklama.sk\/blog\/wp-content\/uploads\/2023\/03\/6B-Kab%C3%A1tik-Jal%C5%A1ov%C3%ADk-druh%C3%A1-pol.-20.-stor.-kr%C3%AD%C5%BEikmi-vy%C5%A1ila-Anna-O%C4%8Den%C3%A1%C5%A1ov%C3%A1-rod.-Bartikov%C3%A1-1930-2013-scaled.jpg?fit=300%2C212&amp;ssl=1\" data-large-file=\"https:\/\/i0.wp.com\/www.atelier-reklama.sk\/blog\/wp-content\/uploads\/2023\/03\/6B-Kab%C3%A1tik-Jal%C5%A1ov%C3%ADk-druh%C3%A1-pol.-20.-stor.-kr%C3%AD%C5%BEikmi-vy%C5%A1ila-Anna-O%C4%8Den%C3%A1%C5%A1ov%C3%A1-rod.-Bartikov%C3%A1-1930-2013-scaled.jpg?fit=800%2C566&amp;ssl=1\" src=\"https:\/\/i0.wp.com\/www.atelier-reklama.sk\/blog\/wp-content\/uploads\/2023\/03\/6B-Kab%C3%A1tik-Jal%C5%A1ov%C3%ADk-druh%C3%A1-pol.-20.-stor.-kr%C3%AD%C5%BEikmi-vy%C5%A1ila-Anna-O%C4%8Den%C3%A1%C5%A1ov%C3%A1-rod.-Bartikov%C3%A1-1930-2013.jpg?resize=800%2C566&#038;ssl=1\" alt=\"\" class=\"wp-image-12897\" srcset=\"https:\/\/i0.wp.com\/www.atelier-reklama.sk\/blog\/wp-content\/uploads\/2023\/03\/6B-Kab%C3%A1tik-Jal%C5%A1ov%C3%ADk-druh%C3%A1-pol.-20.-stor.-kr%C3%AD%C5%BEikmi-vy%C5%A1ila-Anna-O%C4%8Den%C3%A1%C5%A1ov%C3%A1-rod.-Bartikov%C3%A1-1930-2013-scaled.jpg?resize=1024%2C724&amp;ssl=1 1024w, https:\/\/i0.wp.com\/www.atelier-reklama.sk\/blog\/wp-content\/uploads\/2023\/03\/6B-Kab%C3%A1tik-Jal%C5%A1ov%C3%ADk-druh%C3%A1-pol.-20.-stor.-kr%C3%AD%C5%BEikmi-vy%C5%A1ila-Anna-O%C4%8Den%C3%A1%C5%A1ov%C3%A1-rod.-Bartikov%C3%A1-1930-2013-scaled.jpg?resize=300%2C212&amp;ssl=1 300w, https:\/\/i0.wp.com\/www.atelier-reklama.sk\/blog\/wp-content\/uploads\/2023\/03\/6B-Kab%C3%A1tik-Jal%C5%A1ov%C3%ADk-druh%C3%A1-pol.-20.-stor.-kr%C3%AD%C5%BEikmi-vy%C5%A1ila-Anna-O%C4%8Den%C3%A1%C5%A1ov%C3%A1-rod.-Bartikov%C3%A1-1930-2013-scaled.jpg?resize=768%2C543&amp;ssl=1 768w, https:\/\/i0.wp.com\/www.atelier-reklama.sk\/blog\/wp-content\/uploads\/2023\/03\/6B-Kab%C3%A1tik-Jal%C5%A1ov%C3%ADk-druh%C3%A1-pol.-20.-stor.-kr%C3%AD%C5%BEikmi-vy%C5%A1ila-Anna-O%C4%8Den%C3%A1%C5%A1ov%C3%A1-rod.-Bartikov%C3%A1-1930-2013-scaled.jpg?resize=1536%2C1086&amp;ssl=1 1536w, https:\/\/i0.wp.com\/www.atelier-reklama.sk\/blog\/wp-content\/uploads\/2023\/03\/6B-Kab%C3%A1tik-Jal%C5%A1ov%C3%ADk-druh%C3%A1-pol.-20.-stor.-kr%C3%AD%C5%BEikmi-vy%C5%A1ila-Anna-O%C4%8Den%C3%A1%C5%A1ov%C3%A1-rod.-Bartikov%C3%A1-1930-2013-scaled.jpg?resize=2048%2C1448&amp;ssl=1 2048w, https:\/\/i0.wp.com\/www.atelier-reklama.sk\/blog\/wp-content\/uploads\/2023\/03\/6B-Kab%C3%A1tik-Jal%C5%A1ov%C3%ADk-druh%C3%A1-pol.-20.-stor.-kr%C3%AD%C5%BEikmi-vy%C5%A1ila-Anna-O%C4%8Den%C3%A1%C5%A1ov%C3%A1-rod.-Bartikov%C3%A1-1930-2013-scaled.jpg?w=1600&amp;ssl=1 1600w, https:\/\/i0.wp.com\/www.atelier-reklama.sk\/blog\/wp-content\/uploads\/2023\/03\/6B-Kab%C3%A1tik-Jal%C5%A1ov%C3%ADk-druh%C3%A1-pol.-20.-stor.-kr%C3%AD%C5%BEikmi-vy%C5%A1ila-Anna-O%C4%8Den%C3%A1%C5%A1ov%C3%A1-rod.-Bartikov%C3%A1-1930-2013-scaled.jpg?w=2400&amp;ssl=1 2400w\" sizes=\"auto, (max-width: 800px) 100vw, 800px\" \/><\/figure>\n\n\n\n<figure class=\"wp-block-image aligncenter size-large\"><img data-recalc-dims=\"1\" loading=\"lazy\" decoding=\"async\" width=\"800\" height=\"674\" data-attachment-id=\"12898\" data-permalink=\"https:\/\/www.atelier-reklama.sk\/blog\/moj-krekacsky-kroj-a-jeho-prekreslene-vzory-spolu\/6c-kabatik-jalsovik-druha-pol-20-stor-krizikmi-vysila-anna-ocenasova-rod-bartikova-1930-2013\/\" data-orig-file=\"https:\/\/i0.wp.com\/www.atelier-reklama.sk\/blog\/wp-content\/uploads\/2023\/03\/6C-Kab%C3%A1tik-Jal%C5%A1ov%C3%ADk-druh%C3%A1-pol.-20.-stor.-kr%C3%AD%C5%BEikmi-vy%C5%A1ila-Anna-O%C4%8Den%C3%A1%C5%A1ov%C3%A1-rod.-Bartikov%C3%A1-1930-2013-scaled.jpg?fit=2560%2C2158&amp;ssl=1\" data-orig-size=\"2560,2158\" data-comments-opened=\"1\" data-image-meta=\"{&quot;aperture&quot;:&quot;2&quot;,&quot;credit&quot;:&quot;&quot;,&quot;camera&quot;:&quot;SM-A125F&quot;,&quot;caption&quot;:&quot;&quot;,&quot;created_timestamp&quot;:&quot;1678699539&quot;,&quot;copyright&quot;:&quot;&quot;,&quot;focal_length&quot;:&quot;4.6&quot;,&quot;iso&quot;:&quot;250&quot;,&quot;shutter_speed&quot;:&quot;0.04&quot;,&quot;title&quot;:&quot;&quot;,&quot;orientation&quot;:&quot;1&quot;}\" data-image-title=\"6C-Kab\u00e1tik-Jal\u0161ov\u00edk-druh\u00e1-pol.-20.-stor.-kr\u00ed\u017eikmi-vy\u0161ila-Anna-O\u010den\u00e1\u0161ov\u00e1-rod.-Bartikov\u00e1-1930-2013\" data-image-description=\"\" data-image-caption=\"\" data-medium-file=\"https:\/\/i0.wp.com\/www.atelier-reklama.sk\/blog\/wp-content\/uploads\/2023\/03\/6C-Kab%C3%A1tik-Jal%C5%A1ov%C3%ADk-druh%C3%A1-pol.-20.-stor.-kr%C3%AD%C5%BEikmi-vy%C5%A1ila-Anna-O%C4%8Den%C3%A1%C5%A1ov%C3%A1-rod.-Bartikov%C3%A1-1930-2013-scaled.jpg?fit=300%2C253&amp;ssl=1\" data-large-file=\"https:\/\/i0.wp.com\/www.atelier-reklama.sk\/blog\/wp-content\/uploads\/2023\/03\/6C-Kab%C3%A1tik-Jal%C5%A1ov%C3%ADk-druh%C3%A1-pol.-20.-stor.-kr%C3%AD%C5%BEikmi-vy%C5%A1ila-Anna-O%C4%8Den%C3%A1%C5%A1ov%C3%A1-rod.-Bartikov%C3%A1-1930-2013-scaled.jpg?fit=800%2C674&amp;ssl=1\" src=\"https:\/\/i0.wp.com\/www.atelier-reklama.sk\/blog\/wp-content\/uploads\/2023\/03\/6C-Kab%C3%A1tik-Jal%C5%A1ov%C3%ADk-druh%C3%A1-pol.-20.-stor.-kr%C3%AD%C5%BEikmi-vy%C5%A1ila-Anna-O%C4%8Den%C3%A1%C5%A1ov%C3%A1-rod.-Bartikov%C3%A1-1930-2013.jpg?resize=800%2C674&#038;ssl=1\" alt=\"\" class=\"wp-image-12898\" srcset=\"https:\/\/i0.wp.com\/www.atelier-reklama.sk\/blog\/wp-content\/uploads\/2023\/03\/6C-Kab%C3%A1tik-Jal%C5%A1ov%C3%ADk-druh%C3%A1-pol.-20.-stor.-kr%C3%AD%C5%BEikmi-vy%C5%A1ila-Anna-O%C4%8Den%C3%A1%C5%A1ov%C3%A1-rod.-Bartikov%C3%A1-1930-2013-scaled.jpg?resize=1024%2C863&amp;ssl=1 1024w, https:\/\/i0.wp.com\/www.atelier-reklama.sk\/blog\/wp-content\/uploads\/2023\/03\/6C-Kab%C3%A1tik-Jal%C5%A1ov%C3%ADk-druh%C3%A1-pol.-20.-stor.-kr%C3%AD%C5%BEikmi-vy%C5%A1ila-Anna-O%C4%8Den%C3%A1%C5%A1ov%C3%A1-rod.-Bartikov%C3%A1-1930-2013-scaled.jpg?resize=300%2C253&amp;ssl=1 300w, https:\/\/i0.wp.com\/www.atelier-reklama.sk\/blog\/wp-content\/uploads\/2023\/03\/6C-Kab%C3%A1tik-Jal%C5%A1ov%C3%ADk-druh%C3%A1-pol.-20.-stor.-kr%C3%AD%C5%BEikmi-vy%C5%A1ila-Anna-O%C4%8Den%C3%A1%C5%A1ov%C3%A1-rod.-Bartikov%C3%A1-1930-2013-scaled.jpg?resize=768%2C647&amp;ssl=1 768w, https:\/\/i0.wp.com\/www.atelier-reklama.sk\/blog\/wp-content\/uploads\/2023\/03\/6C-Kab%C3%A1tik-Jal%C5%A1ov%C3%ADk-druh%C3%A1-pol.-20.-stor.-kr%C3%AD%C5%BEikmi-vy%C5%A1ila-Anna-O%C4%8Den%C3%A1%C5%A1ov%C3%A1-rod.-Bartikov%C3%A1-1930-2013-scaled.jpg?resize=1536%2C1295&amp;ssl=1 1536w, https:\/\/i0.wp.com\/www.atelier-reklama.sk\/blog\/wp-content\/uploads\/2023\/03\/6C-Kab%C3%A1tik-Jal%C5%A1ov%C3%ADk-druh%C3%A1-pol.-20.-stor.-kr%C3%AD%C5%BEikmi-vy%C5%A1ila-Anna-O%C4%8Den%C3%A1%C5%A1ov%C3%A1-rod.-Bartikov%C3%A1-1930-2013-scaled.jpg?resize=2048%2C1726&amp;ssl=1 2048w, https:\/\/i0.wp.com\/www.atelier-reklama.sk\/blog\/wp-content\/uploads\/2023\/03\/6C-Kab%C3%A1tik-Jal%C5%A1ov%C3%ADk-druh%C3%A1-pol.-20.-stor.-kr%C3%AD%C5%BEikmi-vy%C5%A1ila-Anna-O%C4%8Den%C3%A1%C5%A1ov%C3%A1-rod.-Bartikov%C3%A1-1930-2013-scaled.jpg?w=1600&amp;ssl=1 1600w, https:\/\/i0.wp.com\/www.atelier-reklama.sk\/blog\/wp-content\/uploads\/2023\/03\/6C-Kab%C3%A1tik-Jal%C5%A1ov%C3%ADk-druh%C3%A1-pol.-20.-stor.-kr%C3%AD%C5%BEikmi-vy%C5%A1ila-Anna-O%C4%8Den%C3%A1%C5%A1ov%C3%A1-rod.-Bartikov%C3%A1-1930-2013-scaled.jpg?w=2400&amp;ssl=1 2400w\" sizes=\"auto, (max-width: 800px) 100vw, 800px\" \/><\/figure>\n\n\n\n<figure class=\"wp-block-image aligncenter size-large\"><img data-recalc-dims=\"1\" loading=\"lazy\" decoding=\"async\" width=\"800\" height=\"460\" data-attachment-id=\"12899\" data-permalink=\"https:\/\/www.atelier-reklama.sk\/blog\/moj-krekacsky-kroj-a-jeho-prekreslene-vzory-spolu\/6d-kabatik-jalsovik-druha-pol-20-stor-krizikmi-vysila-anna-ocenasova-rod-bartikova-1930-2013\/\" data-orig-file=\"https:\/\/i0.wp.com\/www.atelier-reklama.sk\/blog\/wp-content\/uploads\/2023\/03\/6D-Kab%C3%A1tik-Jal%C5%A1ov%C3%ADk-druh%C3%A1-pol.-20.-stor.-kr%C3%AD%C5%BEikmi-vy%C5%A1ila-Anna-O%C4%8Den%C3%A1%C5%A1ov%C3%A1-rod.-Bartikov%C3%A1-1930-2013-scaled.jpg?fit=2560%2C1473&amp;ssl=1\" data-orig-size=\"2560,1473\" data-comments-opened=\"1\" data-image-meta=\"{&quot;aperture&quot;:&quot;2&quot;,&quot;credit&quot;:&quot;&quot;,&quot;camera&quot;:&quot;SM-A125F&quot;,&quot;caption&quot;:&quot;&quot;,&quot;created_timestamp&quot;:&quot;1678699551&quot;,&quot;copyright&quot;:&quot;&quot;,&quot;focal_length&quot;:&quot;4.6&quot;,&quot;iso&quot;:&quot;320&quot;,&quot;shutter_speed&quot;:&quot;0.04&quot;,&quot;title&quot;:&quot;&quot;,&quot;orientation&quot;:&quot;1&quot;}\" data-image-title=\"6D-Kab\u00e1tik-Jal\u0161ov\u00edk-druh\u00e1-pol.-20.-stor.-kr\u00ed\u017eikmi-vy\u0161ila-Anna-O\u010den\u00e1\u0161ov\u00e1-rod.-Bartikov\u00e1-1930-2013\" data-image-description=\"\" data-image-caption=\"\" data-medium-file=\"https:\/\/i0.wp.com\/www.atelier-reklama.sk\/blog\/wp-content\/uploads\/2023\/03\/6D-Kab%C3%A1tik-Jal%C5%A1ov%C3%ADk-druh%C3%A1-pol.-20.-stor.-kr%C3%AD%C5%BEikmi-vy%C5%A1ila-Anna-O%C4%8Den%C3%A1%C5%A1ov%C3%A1-rod.-Bartikov%C3%A1-1930-2013-scaled.jpg?fit=300%2C173&amp;ssl=1\" data-large-file=\"https:\/\/i0.wp.com\/www.atelier-reklama.sk\/blog\/wp-content\/uploads\/2023\/03\/6D-Kab%C3%A1tik-Jal%C5%A1ov%C3%ADk-druh%C3%A1-pol.-20.-stor.-kr%C3%AD%C5%BEikmi-vy%C5%A1ila-Anna-O%C4%8Den%C3%A1%C5%A1ov%C3%A1-rod.-Bartikov%C3%A1-1930-2013-scaled.jpg?fit=800%2C460&amp;ssl=1\" src=\"https:\/\/i0.wp.com\/www.atelier-reklama.sk\/blog\/wp-content\/uploads\/2023\/03\/6D-Kab%C3%A1tik-Jal%C5%A1ov%C3%ADk-druh%C3%A1-pol.-20.-stor.-kr%C3%AD%C5%BEikmi-vy%C5%A1ila-Anna-O%C4%8Den%C3%A1%C5%A1ov%C3%A1-rod.-Bartikov%C3%A1-1930-2013.jpg?resize=800%2C460&#038;ssl=1\" alt=\"\" class=\"wp-image-12899\" srcset=\"https:\/\/i0.wp.com\/www.atelier-reklama.sk\/blog\/wp-content\/uploads\/2023\/03\/6D-Kab%C3%A1tik-Jal%C5%A1ov%C3%ADk-druh%C3%A1-pol.-20.-stor.-kr%C3%AD%C5%BEikmi-vy%C5%A1ila-Anna-O%C4%8Den%C3%A1%C5%A1ov%C3%A1-rod.-Bartikov%C3%A1-1930-2013-scaled.jpg?resize=1024%2C589&amp;ssl=1 1024w, https:\/\/i0.wp.com\/www.atelier-reklama.sk\/blog\/wp-content\/uploads\/2023\/03\/6D-Kab%C3%A1tik-Jal%C5%A1ov%C3%ADk-druh%C3%A1-pol.-20.-stor.-kr%C3%AD%C5%BEikmi-vy%C5%A1ila-Anna-O%C4%8Den%C3%A1%C5%A1ov%C3%A1-rod.-Bartikov%C3%A1-1930-2013-scaled.jpg?resize=300%2C173&amp;ssl=1 300w, https:\/\/i0.wp.com\/www.atelier-reklama.sk\/blog\/wp-content\/uploads\/2023\/03\/6D-Kab%C3%A1tik-Jal%C5%A1ov%C3%ADk-druh%C3%A1-pol.-20.-stor.-kr%C3%AD%C5%BEikmi-vy%C5%A1ila-Anna-O%C4%8Den%C3%A1%C5%A1ov%C3%A1-rod.-Bartikov%C3%A1-1930-2013-scaled.jpg?resize=768%2C442&amp;ssl=1 768w, https:\/\/i0.wp.com\/www.atelier-reklama.sk\/blog\/wp-content\/uploads\/2023\/03\/6D-Kab%C3%A1tik-Jal%C5%A1ov%C3%ADk-druh%C3%A1-pol.-20.-stor.-kr%C3%AD%C5%BEikmi-vy%C5%A1ila-Anna-O%C4%8Den%C3%A1%C5%A1ov%C3%A1-rod.-Bartikov%C3%A1-1930-2013-scaled.jpg?resize=1536%2C884&amp;ssl=1 1536w, https:\/\/i0.wp.com\/www.atelier-reklama.sk\/blog\/wp-content\/uploads\/2023\/03\/6D-Kab%C3%A1tik-Jal%C5%A1ov%C3%ADk-druh%C3%A1-pol.-20.-stor.-kr%C3%AD%C5%BEikmi-vy%C5%A1ila-Anna-O%C4%8Den%C3%A1%C5%A1ov%C3%A1-rod.-Bartikov%C3%A1-1930-2013-scaled.jpg?resize=2048%2C1179&amp;ssl=1 2048w, https:\/\/i0.wp.com\/www.atelier-reklama.sk\/blog\/wp-content\/uploads\/2023\/03\/6D-Kab%C3%A1tik-Jal%C5%A1ov%C3%ADk-druh%C3%A1-pol.-20.-stor.-kr%C3%AD%C5%BEikmi-vy%C5%A1ila-Anna-O%C4%8Den%C3%A1%C5%A1ov%C3%A1-rod.-Bartikov%C3%A1-1930-2013-scaled.jpg?w=1600&amp;ssl=1 1600w, https:\/\/i0.wp.com\/www.atelier-reklama.sk\/blog\/wp-content\/uploads\/2023\/03\/6D-Kab%C3%A1tik-Jal%C5%A1ov%C3%ADk-druh%C3%A1-pol.-20.-stor.-kr%C3%AD%C5%BEikmi-vy%C5%A1ila-Anna-O%C4%8Den%C3%A1%C5%A1ov%C3%A1-rod.-Bartikov%C3%A1-1930-2013-scaled.jpg?w=2400&amp;ssl=1 2400w\" sizes=\"auto, (max-width: 800px) 100vw, 800px\" \/><\/figure>\n\n\n\n<figure class=\"wp-block-image aligncenter size-large\"><img data-recalc-dims=\"1\" loading=\"lazy\" decoding=\"async\" width=\"741\" height=\"1024\" data-attachment-id=\"12900\" data-permalink=\"https:\/\/www.atelier-reklama.sk\/blog\/moj-krekacsky-kroj-a-jeho-prekreslene-vzory-spolu\/6e-kabatik-jalsovik-druha-pol-20-stor-krizikmi-vysila-anna-ocenasova-rod-bartikova-1930-2013-jpg\/\" data-orig-file=\"https:\/\/i0.wp.com\/www.atelier-reklama.sk\/blog\/wp-content\/uploads\/2023\/03\/6E-Kab%C3%A1tik-Jal%C5%A1ov%C3%ADk-druh%C3%A1-pol.-20.-stor.-kr%C3%AD%C5%BEikmi-vy%C5%A1ila-Anna-O%C4%8Den%C3%A1%C5%A1ov%C3%A1-rod.-Bartikov%C3%A1-1930-2013.jpg-scaled.jpg?fit=1852%2C2560&amp;ssl=1\" data-orig-size=\"1852,2560\" data-comments-opened=\"1\" data-image-meta=\"{&quot;aperture&quot;:&quot;2&quot;,&quot;credit&quot;:&quot;&quot;,&quot;camera&quot;:&quot;SM-A125F&quot;,&quot;caption&quot;:&quot;&quot;,&quot;created_timestamp&quot;:&quot;1678699401&quot;,&quot;copyright&quot;:&quot;&quot;,&quot;focal_length&quot;:&quot;4.6&quot;,&quot;iso&quot;:&quot;800&quot;,&quot;shutter_speed&quot;:&quot;0.0499&quot;,&quot;title&quot;:&quot;&quot;,&quot;orientation&quot;:&quot;1&quot;}\" data-image-title=\"6E-Kab\u00e1tik-Jal\u0161ov\u00edk-druh\u00e1-pol.-20.-stor.-kr\u00ed\u017eikmi-vy\u0161ila-Anna-O\u010den\u00e1\u0161ov\u00e1-rod.-Bartikov\u00e1-1930-2013.jpg\" data-image-description=\"\" data-image-caption=\"\" data-medium-file=\"https:\/\/i0.wp.com\/www.atelier-reklama.sk\/blog\/wp-content\/uploads\/2023\/03\/6E-Kab%C3%A1tik-Jal%C5%A1ov%C3%ADk-druh%C3%A1-pol.-20.-stor.-kr%C3%AD%C5%BEikmi-vy%C5%A1ila-Anna-O%C4%8Den%C3%A1%C5%A1ov%C3%A1-rod.-Bartikov%C3%A1-1930-2013.jpg-scaled.jpg?fit=217%2C300&amp;ssl=1\" data-large-file=\"https:\/\/i0.wp.com\/www.atelier-reklama.sk\/blog\/wp-content\/uploads\/2023\/03\/6E-Kab%C3%A1tik-Jal%C5%A1ov%C3%ADk-druh%C3%A1-pol.-20.-stor.-kr%C3%AD%C5%BEikmi-vy%C5%A1ila-Anna-O%C4%8Den%C3%A1%C5%A1ov%C3%A1-rod.-Bartikov%C3%A1-1930-2013.jpg-scaled.jpg?fit=741%2C1024&amp;ssl=1\" src=\"https:\/\/i0.wp.com\/www.atelier-reklama.sk\/blog\/wp-content\/uploads\/2023\/03\/6E-Kab%C3%A1tik-Jal%C5%A1ov%C3%ADk-druh%C3%A1-pol.-20.-stor.-kr%C3%AD%C5%BEikmi-vy%C5%A1ila-Anna-O%C4%8Den%C3%A1%C5%A1ov%C3%A1-rod.-Bartikov%C3%A1-1930-2013.jpg.jpg?resize=741%2C1024&#038;ssl=1\" alt=\"\" class=\"wp-image-12900\" srcset=\"https:\/\/i0.wp.com\/www.atelier-reklama.sk\/blog\/wp-content\/uploads\/2023\/03\/6E-Kab%C3%A1tik-Jal%C5%A1ov%C3%ADk-druh%C3%A1-pol.-20.-stor.-kr%C3%AD%C5%BEikmi-vy%C5%A1ila-Anna-O%C4%8Den%C3%A1%C5%A1ov%C3%A1-rod.-Bartikov%C3%A1-1930-2013.jpg-scaled.jpg?resize=741%2C1024&amp;ssl=1 741w, https:\/\/i0.wp.com\/www.atelier-reklama.sk\/blog\/wp-content\/uploads\/2023\/03\/6E-Kab%C3%A1tik-Jal%C5%A1ov%C3%ADk-druh%C3%A1-pol.-20.-stor.-kr%C3%AD%C5%BEikmi-vy%C5%A1ila-Anna-O%C4%8Den%C3%A1%C5%A1ov%C3%A1-rod.-Bartikov%C3%A1-1930-2013.jpg-scaled.jpg?resize=217%2C300&amp;ssl=1 217w, https:\/\/i0.wp.com\/www.atelier-reklama.sk\/blog\/wp-content\/uploads\/2023\/03\/6E-Kab%C3%A1tik-Jal%C5%A1ov%C3%ADk-druh%C3%A1-pol.-20.-stor.-kr%C3%AD%C5%BEikmi-vy%C5%A1ila-Anna-O%C4%8Den%C3%A1%C5%A1ov%C3%A1-rod.-Bartikov%C3%A1-1930-2013.jpg-scaled.jpg?resize=768%2C1061&amp;ssl=1 768w, https:\/\/i0.wp.com\/www.atelier-reklama.sk\/blog\/wp-content\/uploads\/2023\/03\/6E-Kab%C3%A1tik-Jal%C5%A1ov%C3%ADk-druh%C3%A1-pol.-20.-stor.-kr%C3%AD%C5%BEikmi-vy%C5%A1ila-Anna-O%C4%8Den%C3%A1%C5%A1ov%C3%A1-rod.-Bartikov%C3%A1-1930-2013.jpg-scaled.jpg?resize=1111%2C1536&amp;ssl=1 1111w, https:\/\/i0.wp.com\/www.atelier-reklama.sk\/blog\/wp-content\/uploads\/2023\/03\/6E-Kab%C3%A1tik-Jal%C5%A1ov%C3%ADk-druh%C3%A1-pol.-20.-stor.-kr%C3%AD%C5%BEikmi-vy%C5%A1ila-Anna-O%C4%8Den%C3%A1%C5%A1ov%C3%A1-rod.-Bartikov%C3%A1-1930-2013.jpg-scaled.jpg?resize=1482%2C2048&amp;ssl=1 1482w, https:\/\/i0.wp.com\/www.atelier-reklama.sk\/blog\/wp-content\/uploads\/2023\/03\/6E-Kab%C3%A1tik-Jal%C5%A1ov%C3%ADk-druh%C3%A1-pol.-20.-stor.-kr%C3%AD%C5%BEikmi-vy%C5%A1ila-Anna-O%C4%8Den%C3%A1%C5%A1ov%C3%A1-rod.-Bartikov%C3%A1-1930-2013.jpg-scaled.jpg?w=1852&amp;ssl=1 1852w, https:\/\/i0.wp.com\/www.atelier-reklama.sk\/blog\/wp-content\/uploads\/2023\/03\/6E-Kab%C3%A1tik-Jal%C5%A1ov%C3%ADk-druh%C3%A1-pol.-20.-stor.-kr%C3%AD%C5%BEikmi-vy%C5%A1ila-Anna-O%C4%8Den%C3%A1%C5%A1ov%C3%A1-rod.-Bartikov%C3%A1-1930-2013.jpg-scaled.jpg?w=1600&amp;ssl=1 1600w\" sizes=\"auto, (max-width: 741px) 100vw, 741px\" \/><\/figure>\n\n\n\n<figure class=\"wp-block-image aligncenter size-large\"><img data-recalc-dims=\"1\" loading=\"lazy\" decoding=\"async\" width=\"800\" height=\"770\" data-attachment-id=\"12901\" data-permalink=\"https:\/\/www.atelier-reklama.sk\/blog\/moj-krekacsky-kroj-a-jeho-prekreslene-vzory-spolu\/6f-kabatik-jalsovik-druha-pol-20-stor-krizikmi-vysila-anna-ocenasova-rod-bartikova-1930-2013-jpg\/\" data-orig-file=\"https:\/\/i0.wp.com\/www.atelier-reklama.sk\/blog\/wp-content\/uploads\/2023\/03\/6F-Kab%C3%A1tik-Jal%C5%A1ov%C3%ADk-druh%C3%A1-pol.-20.-stor.-kr%C3%AD%C5%BEikmi-vy%C5%A1ila-Anna-O%C4%8Den%C3%A1%C5%A1ov%C3%A1-rod.-Bartikov%C3%A1-1930-2013.jpg-scaled.jpg?fit=2560%2C2463&amp;ssl=1\" data-orig-size=\"2560,2463\" data-comments-opened=\"1\" data-image-meta=\"{&quot;aperture&quot;:&quot;2&quot;,&quot;credit&quot;:&quot;&quot;,&quot;camera&quot;:&quot;SM-A125F&quot;,&quot;caption&quot;:&quot;&quot;,&quot;created_timestamp&quot;:&quot;1678699447&quot;,&quot;copyright&quot;:&quot;&quot;,&quot;focal_length&quot;:&quot;4.6&quot;,&quot;iso&quot;:&quot;400&quot;,&quot;shutter_speed&quot;:&quot;0.05&quot;,&quot;title&quot;:&quot;&quot;,&quot;orientation&quot;:&quot;1&quot;}\" data-image-title=\"6F-Kab\u00e1tik-Jal\u0161ov\u00edk-druh\u00e1-pol.-20.-stor.-kr\u00ed\u017eikmi-vy\u0161ila-Anna-O\u010den\u00e1\u0161ov\u00e1-rod.-Bartikov\u00e1-1930-2013.jpg\" data-image-description=\"\" data-image-caption=\"\" data-medium-file=\"https:\/\/i0.wp.com\/www.atelier-reklama.sk\/blog\/wp-content\/uploads\/2023\/03\/6F-Kab%C3%A1tik-Jal%C5%A1ov%C3%ADk-druh%C3%A1-pol.-20.-stor.-kr%C3%AD%C5%BEikmi-vy%C5%A1ila-Anna-O%C4%8Den%C3%A1%C5%A1ov%C3%A1-rod.-Bartikov%C3%A1-1930-2013.jpg-scaled.jpg?fit=300%2C289&amp;ssl=1\" data-large-file=\"https:\/\/i0.wp.com\/www.atelier-reklama.sk\/blog\/wp-content\/uploads\/2023\/03\/6F-Kab%C3%A1tik-Jal%C5%A1ov%C3%ADk-druh%C3%A1-pol.-20.-stor.-kr%C3%AD%C5%BEikmi-vy%C5%A1ila-Anna-O%C4%8Den%C3%A1%C5%A1ov%C3%A1-rod.-Bartikov%C3%A1-1930-2013.jpg-scaled.jpg?fit=800%2C770&amp;ssl=1\" src=\"https:\/\/i0.wp.com\/www.atelier-reklama.sk\/blog\/wp-content\/uploads\/2023\/03\/6F-Kab%C3%A1tik-Jal%C5%A1ov%C3%ADk-druh%C3%A1-pol.-20.-stor.-kr%C3%AD%C5%BEikmi-vy%C5%A1ila-Anna-O%C4%8Den%C3%A1%C5%A1ov%C3%A1-rod.-Bartikov%C3%A1-1930-2013.jpg.jpg?resize=800%2C770&#038;ssl=1\" alt=\"\" class=\"wp-image-12901\" srcset=\"https:\/\/i0.wp.com\/www.atelier-reklama.sk\/blog\/wp-content\/uploads\/2023\/03\/6F-Kab%C3%A1tik-Jal%C5%A1ov%C3%ADk-druh%C3%A1-pol.-20.-stor.-kr%C3%AD%C5%BEikmi-vy%C5%A1ila-Anna-O%C4%8Den%C3%A1%C5%A1ov%C3%A1-rod.-Bartikov%C3%A1-1930-2013.jpg-scaled.jpg?resize=1024%2C985&amp;ssl=1 1024w, https:\/\/i0.wp.com\/www.atelier-reklama.sk\/blog\/wp-content\/uploads\/2023\/03\/6F-Kab%C3%A1tik-Jal%C5%A1ov%C3%ADk-druh%C3%A1-pol.-20.-stor.-kr%C3%AD%C5%BEikmi-vy%C5%A1ila-Anna-O%C4%8Den%C3%A1%C5%A1ov%C3%A1-rod.-Bartikov%C3%A1-1930-2013.jpg-scaled.jpg?resize=300%2C289&amp;ssl=1 300w, https:\/\/i0.wp.com\/www.atelier-reklama.sk\/blog\/wp-content\/uploads\/2023\/03\/6F-Kab%C3%A1tik-Jal%C5%A1ov%C3%ADk-druh%C3%A1-pol.-20.-stor.-kr%C3%AD%C5%BEikmi-vy%C5%A1ila-Anna-O%C4%8Den%C3%A1%C5%A1ov%C3%A1-rod.-Bartikov%C3%A1-1930-2013.jpg-scaled.jpg?resize=768%2C739&amp;ssl=1 768w, https:\/\/i0.wp.com\/www.atelier-reklama.sk\/blog\/wp-content\/uploads\/2023\/03\/6F-Kab%C3%A1tik-Jal%C5%A1ov%C3%ADk-druh%C3%A1-pol.-20.-stor.-kr%C3%AD%C5%BEikmi-vy%C5%A1ila-Anna-O%C4%8Den%C3%A1%C5%A1ov%C3%A1-rod.-Bartikov%C3%A1-1930-2013.jpg-scaled.jpg?resize=1536%2C1478&amp;ssl=1 1536w, https:\/\/i0.wp.com\/www.atelier-reklama.sk\/blog\/wp-content\/uploads\/2023\/03\/6F-Kab%C3%A1tik-Jal%C5%A1ov%C3%ADk-druh%C3%A1-pol.-20.-stor.-kr%C3%AD%C5%BEikmi-vy%C5%A1ila-Anna-O%C4%8Den%C3%A1%C5%A1ov%C3%A1-rod.-Bartikov%C3%A1-1930-2013.jpg-scaled.jpg?resize=2048%2C1970&amp;ssl=1 2048w, https:\/\/i0.wp.com\/www.atelier-reklama.sk\/blog\/wp-content\/uploads\/2023\/03\/6F-Kab%C3%A1tik-Jal%C5%A1ov%C3%ADk-druh%C3%A1-pol.-20.-stor.-kr%C3%AD%C5%BEikmi-vy%C5%A1ila-Anna-O%C4%8Den%C3%A1%C5%A1ov%C3%A1-rod.-Bartikov%C3%A1-1930-2013.jpg-scaled.jpg?w=1600&amp;ssl=1 1600w, https:\/\/i0.wp.com\/www.atelier-reklama.sk\/blog\/wp-content\/uploads\/2023\/03\/6F-Kab%C3%A1tik-Jal%C5%A1ov%C3%ADk-druh%C3%A1-pol.-20.-stor.-kr%C3%AD%C5%BEikmi-vy%C5%A1ila-Anna-O%C4%8Den%C3%A1%C5%A1ov%C3%A1-rod.-Bartikov%C3%A1-1930-2013.jpg-scaled.jpg?w=2400&amp;ssl=1 2400w\" sizes=\"auto, (max-width: 800px) 100vw, 800px\" \/><\/figure>\n\n\n\n<p>7.  Kab\u00e1tik, Litava, asi pol. 20. stor. vy\u0161it\u00e9 kr\u00ed\u017eikmi, p\u00f4vodn\u00fd vlastn\u00edk nezn\u00e1my<\/p>\n\n\n\n<figure class=\"wp-block-image aligncenter size-large\"><img data-recalc-dims=\"1\" loading=\"lazy\" decoding=\"async\" width=\"800\" height=\"641\" data-attachment-id=\"12903\" data-permalink=\"https:\/\/www.atelier-reklama.sk\/blog\/moj-krekacsky-kroj-a-jeho-prekreslene-vzory-spolu\/7a-kabatik-litava-asi-pol-20-stor-vysite-krizikmi-povodny-vlastnik-neznamy\/\" data-orig-file=\"https:\/\/i0.wp.com\/www.atelier-reklama.sk\/blog\/wp-content\/uploads\/2023\/03\/7A-Kab%C3%A1tik-Litava-asi-pol.-20.-stor.-vy%C5%A1it%C3%A9-kr%C3%AD%C5%BEikmi-p%C3%B4vodn%C3%BD-vlastn%C3%ADk-nezn%C3%A1my-scaled.jpg?fit=2560%2C2052&amp;ssl=1\" data-orig-size=\"2560,2052\" data-comments-opened=\"1\" data-image-meta=\"{&quot;aperture&quot;:&quot;2&quot;,&quot;credit&quot;:&quot;&quot;,&quot;camera&quot;:&quot;SM-A125F&quot;,&quot;caption&quot;:&quot;&quot;,&quot;created_timestamp&quot;:&quot;1678699956&quot;,&quot;copyright&quot;:&quot;&quot;,&quot;focal_length&quot;:&quot;4.6&quot;,&quot;iso&quot;:&quot;250&quot;,&quot;shutter_speed&quot;:&quot;0.04&quot;,&quot;title&quot;:&quot;&quot;,&quot;orientation&quot;:&quot;1&quot;}\" data-image-title=\"7A-Kab\u00e1tik-Litava-asi-pol.-20.-stor.-vy\u0161it\u00e9-kr\u00ed\u017eikmi-p\u00f4vodn\u00fd-vlastn\u00edk-nezn\u00e1my\" data-image-description=\"\" data-image-caption=\"\" data-medium-file=\"https:\/\/i0.wp.com\/www.atelier-reklama.sk\/blog\/wp-content\/uploads\/2023\/03\/7A-Kab%C3%A1tik-Litava-asi-pol.-20.-stor.-vy%C5%A1it%C3%A9-kr%C3%AD%C5%BEikmi-p%C3%B4vodn%C3%BD-vlastn%C3%ADk-nezn%C3%A1my-scaled.jpg?fit=300%2C240&amp;ssl=1\" data-large-file=\"https:\/\/i0.wp.com\/www.atelier-reklama.sk\/blog\/wp-content\/uploads\/2023\/03\/7A-Kab%C3%A1tik-Litava-asi-pol.-20.-stor.-vy%C5%A1it%C3%A9-kr%C3%AD%C5%BEikmi-p%C3%B4vodn%C3%BD-vlastn%C3%ADk-nezn%C3%A1my-scaled.jpg?fit=800%2C641&amp;ssl=1\" src=\"https:\/\/i0.wp.com\/www.atelier-reklama.sk\/blog\/wp-content\/uploads\/2023\/03\/7A-Kab%C3%A1tik-Litava-asi-pol.-20.-stor.-vy%C5%A1it%C3%A9-kr%C3%AD%C5%BEikmi-p%C3%B4vodn%C3%BD-vlastn%C3%ADk-nezn%C3%A1my.jpg?resize=800%2C641&#038;ssl=1\" alt=\"\" class=\"wp-image-12903\" srcset=\"https:\/\/i0.wp.com\/www.atelier-reklama.sk\/blog\/wp-content\/uploads\/2023\/03\/7A-Kab%C3%A1tik-Litava-asi-pol.-20.-stor.-vy%C5%A1it%C3%A9-kr%C3%AD%C5%BEikmi-p%C3%B4vodn%C3%BD-vlastn%C3%ADk-nezn%C3%A1my-scaled.jpg?resize=1024%2C821&amp;ssl=1 1024w, https:\/\/i0.wp.com\/www.atelier-reklama.sk\/blog\/wp-content\/uploads\/2023\/03\/7A-Kab%C3%A1tik-Litava-asi-pol.-20.-stor.-vy%C5%A1it%C3%A9-kr%C3%AD%C5%BEikmi-p%C3%B4vodn%C3%BD-vlastn%C3%ADk-nezn%C3%A1my-scaled.jpg?resize=300%2C240&amp;ssl=1 300w, https:\/\/i0.wp.com\/www.atelier-reklama.sk\/blog\/wp-content\/uploads\/2023\/03\/7A-Kab%C3%A1tik-Litava-asi-pol.-20.-stor.-vy%C5%A1it%C3%A9-kr%C3%AD%C5%BEikmi-p%C3%B4vodn%C3%BD-vlastn%C3%ADk-nezn%C3%A1my-scaled.jpg?resize=768%2C616&amp;ssl=1 768w, https:\/\/i0.wp.com\/www.atelier-reklama.sk\/blog\/wp-content\/uploads\/2023\/03\/7A-Kab%C3%A1tik-Litava-asi-pol.-20.-stor.-vy%C5%A1it%C3%A9-kr%C3%AD%C5%BEikmi-p%C3%B4vodn%C3%BD-vlastn%C3%ADk-nezn%C3%A1my-scaled.jpg?resize=1536%2C1231&amp;ssl=1 1536w, https:\/\/i0.wp.com\/www.atelier-reklama.sk\/blog\/wp-content\/uploads\/2023\/03\/7A-Kab%C3%A1tik-Litava-asi-pol.-20.-stor.-vy%C5%A1it%C3%A9-kr%C3%AD%C5%BEikmi-p%C3%B4vodn%C3%BD-vlastn%C3%ADk-nezn%C3%A1my-scaled.jpg?resize=2048%2C1642&amp;ssl=1 2048w, https:\/\/i0.wp.com\/www.atelier-reklama.sk\/blog\/wp-content\/uploads\/2023\/03\/7A-Kab%C3%A1tik-Litava-asi-pol.-20.-stor.-vy%C5%A1it%C3%A9-kr%C3%AD%C5%BEikmi-p%C3%B4vodn%C3%BD-vlastn%C3%ADk-nezn%C3%A1my-scaled.jpg?w=1600&amp;ssl=1 1600w, https:\/\/i0.wp.com\/www.atelier-reklama.sk\/blog\/wp-content\/uploads\/2023\/03\/7A-Kab%C3%A1tik-Litava-asi-pol.-20.-stor.-vy%C5%A1it%C3%A9-kr%C3%AD%C5%BEikmi-p%C3%B4vodn%C3%BD-vlastn%C3%ADk-nezn%C3%A1my-scaled.jpg?w=2400&amp;ssl=1 2400w\" sizes=\"auto, (max-width: 800px) 100vw, 800px\" \/><\/figure>\n\n\n\n<figure class=\"wp-block-image aligncenter size-large\"><img data-recalc-dims=\"1\" loading=\"lazy\" decoding=\"async\" width=\"800\" height=\"566\" data-attachment-id=\"12904\" data-permalink=\"https:\/\/www.atelier-reklama.sk\/blog\/moj-krekacsky-kroj-a-jeho-prekreslene-vzory-spolu\/7b-kabatik-litava-povodny-vlastnik-neznamy\/\" data-orig-file=\"https:\/\/i0.wp.com\/www.atelier-reklama.sk\/blog\/wp-content\/uploads\/2023\/03\/7B-Kab%C3%A1tik-Litava-p%C3%B4vodn%C3%BD-vlastn%C3%ADk-nezn%C3%A1my-scaled.jpg?fit=2560%2C1810&amp;ssl=1\" data-orig-size=\"2560,1810\" data-comments-opened=\"1\" data-image-meta=\"{&quot;aperture&quot;:&quot;0&quot;,&quot;credit&quot;:&quot;&quot;,&quot;camera&quot;:&quot;&quot;,&quot;caption&quot;:&quot;&quot;,&quot;created_timestamp&quot;:&quot;0&quot;,&quot;copyright&quot;:&quot;&quot;,&quot;focal_length&quot;:&quot;0&quot;,&quot;iso&quot;:&quot;0&quot;,&quot;shutter_speed&quot;:&quot;0&quot;,&quot;title&quot;:&quot;&quot;,&quot;orientation&quot;:&quot;0&quot;}\" data-image-title=\"7B-Kab\u00e1tik-Litava-p\u00f4vodn\u00fd-vlastn\u00edk-nezn\u00e1my\" data-image-description=\"\" data-image-caption=\"\" data-medium-file=\"https:\/\/i0.wp.com\/www.atelier-reklama.sk\/blog\/wp-content\/uploads\/2023\/03\/7B-Kab%C3%A1tik-Litava-p%C3%B4vodn%C3%BD-vlastn%C3%ADk-nezn%C3%A1my-scaled.jpg?fit=300%2C212&amp;ssl=1\" data-large-file=\"https:\/\/i0.wp.com\/www.atelier-reklama.sk\/blog\/wp-content\/uploads\/2023\/03\/7B-Kab%C3%A1tik-Litava-p%C3%B4vodn%C3%BD-vlastn%C3%ADk-nezn%C3%A1my-scaled.jpg?fit=800%2C566&amp;ssl=1\" src=\"https:\/\/i0.wp.com\/www.atelier-reklama.sk\/blog\/wp-content\/uploads\/2023\/03\/7B-Kab%C3%A1tik-Litava-p%C3%B4vodn%C3%BD-vlastn%C3%ADk-nezn%C3%A1my.jpg?resize=800%2C566&#038;ssl=1\" alt=\"\" class=\"wp-image-12904\" srcset=\"https:\/\/i0.wp.com\/www.atelier-reklama.sk\/blog\/wp-content\/uploads\/2023\/03\/7B-Kab%C3%A1tik-Litava-p%C3%B4vodn%C3%BD-vlastn%C3%ADk-nezn%C3%A1my-scaled.jpg?resize=1024%2C724&amp;ssl=1 1024w, https:\/\/i0.wp.com\/www.atelier-reklama.sk\/blog\/wp-content\/uploads\/2023\/03\/7B-Kab%C3%A1tik-Litava-p%C3%B4vodn%C3%BD-vlastn%C3%ADk-nezn%C3%A1my-scaled.jpg?resize=300%2C212&amp;ssl=1 300w, https:\/\/i0.wp.com\/www.atelier-reklama.sk\/blog\/wp-content\/uploads\/2023\/03\/7B-Kab%C3%A1tik-Litava-p%C3%B4vodn%C3%BD-vlastn%C3%ADk-nezn%C3%A1my-scaled.jpg?resize=768%2C543&amp;ssl=1 768w, https:\/\/i0.wp.com\/www.atelier-reklama.sk\/blog\/wp-content\/uploads\/2023\/03\/7B-Kab%C3%A1tik-Litava-p%C3%B4vodn%C3%BD-vlastn%C3%ADk-nezn%C3%A1my-scaled.jpg?resize=1536%2C1086&amp;ssl=1 1536w, https:\/\/i0.wp.com\/www.atelier-reklama.sk\/blog\/wp-content\/uploads\/2023\/03\/7B-Kab%C3%A1tik-Litava-p%C3%B4vodn%C3%BD-vlastn%C3%ADk-nezn%C3%A1my-scaled.jpg?resize=2048%2C1448&amp;ssl=1 2048w, https:\/\/i0.wp.com\/www.atelier-reklama.sk\/blog\/wp-content\/uploads\/2023\/03\/7B-Kab%C3%A1tik-Litava-p%C3%B4vodn%C3%BD-vlastn%C3%ADk-nezn%C3%A1my-scaled.jpg?w=1600&amp;ssl=1 1600w, https:\/\/i0.wp.com\/www.atelier-reklama.sk\/blog\/wp-content\/uploads\/2023\/03\/7B-Kab%C3%A1tik-Litava-p%C3%B4vodn%C3%BD-vlastn%C3%ADk-nezn%C3%A1my-scaled.jpg?w=2400&amp;ssl=1 2400w\" sizes=\"auto, (max-width: 800px) 100vw, 800px\" \/><\/figure>\n\n\n\n<figure class=\"wp-block-image aligncenter size-large\"><img data-recalc-dims=\"1\" loading=\"lazy\" decoding=\"async\" width=\"800\" height=\"600\" data-attachment-id=\"12905\" data-permalink=\"https:\/\/www.atelier-reklama.sk\/blog\/moj-krekacsky-kroj-a-jeho-prekreslene-vzory-spolu\/7c-kabatik-litava-asi-pol-20-stor-vysite-krizikmi-povodny-vlastnik-neznamy\/\" data-orig-file=\"https:\/\/i0.wp.com\/www.atelier-reklama.sk\/blog\/wp-content\/uploads\/2023\/03\/7C-Kab%C3%A1tik-Litava-asi-pol.-20.-stor.-vy%C5%A1it%C3%A9-kr%C3%AD%C5%BEikmi-p%C3%B4vodn%C3%BD-vlastn%C3%ADk-nezn%C3%A1my-scaled.jpg?fit=2560%2C1920&amp;ssl=1\" data-orig-size=\"2560,1920\" data-comments-opened=\"1\" data-image-meta=\"{&quot;aperture&quot;:&quot;2&quot;,&quot;credit&quot;:&quot;&quot;,&quot;camera&quot;:&quot;SM-A125F&quot;,&quot;caption&quot;:&quot;&quot;,&quot;created_timestamp&quot;:&quot;1678700072&quot;,&quot;copyright&quot;:&quot;&quot;,&quot;focal_length&quot;:&quot;4.6&quot;,&quot;iso&quot;:&quot;320&quot;,&quot;shutter_speed&quot;:&quot;0.04&quot;,&quot;title&quot;:&quot;&quot;,&quot;orientation&quot;:&quot;1&quot;}\" data-image-title=\"7C-Kab\u00e1tik-Litava-asi-pol.-20.-stor.-vy\u0161it\u00e9-kr\u00ed\u017eikmi-p\u00f4vodn\u00fd-vlastn\u00edk-nezn\u00e1my\" data-image-description=\"\" data-image-caption=\"\" data-medium-file=\"https:\/\/i0.wp.com\/www.atelier-reklama.sk\/blog\/wp-content\/uploads\/2023\/03\/7C-Kab%C3%A1tik-Litava-asi-pol.-20.-stor.-vy%C5%A1it%C3%A9-kr%C3%AD%C5%BEikmi-p%C3%B4vodn%C3%BD-vlastn%C3%ADk-nezn%C3%A1my-scaled.jpg?fit=300%2C225&amp;ssl=1\" data-large-file=\"https:\/\/i0.wp.com\/www.atelier-reklama.sk\/blog\/wp-content\/uploads\/2023\/03\/7C-Kab%C3%A1tik-Litava-asi-pol.-20.-stor.-vy%C5%A1it%C3%A9-kr%C3%AD%C5%BEikmi-p%C3%B4vodn%C3%BD-vlastn%C3%ADk-nezn%C3%A1my-scaled.jpg?fit=800%2C600&amp;ssl=1\" src=\"https:\/\/i0.wp.com\/www.atelier-reklama.sk\/blog\/wp-content\/uploads\/2023\/03\/7C-Kab%C3%A1tik-Litava-asi-pol.-20.-stor.-vy%C5%A1it%C3%A9-kr%C3%AD%C5%BEikmi-p%C3%B4vodn%C3%BD-vlastn%C3%ADk-nezn%C3%A1my.jpg?resize=800%2C600&#038;ssl=1\" alt=\"\" class=\"wp-image-12905\" srcset=\"https:\/\/i0.wp.com\/www.atelier-reklama.sk\/blog\/wp-content\/uploads\/2023\/03\/7C-Kab%C3%A1tik-Litava-asi-pol.-20.-stor.-vy%C5%A1it%C3%A9-kr%C3%AD%C5%BEikmi-p%C3%B4vodn%C3%BD-vlastn%C3%ADk-nezn%C3%A1my-scaled.jpg?resize=1024%2C768&amp;ssl=1 1024w, https:\/\/i0.wp.com\/www.atelier-reklama.sk\/blog\/wp-content\/uploads\/2023\/03\/7C-Kab%C3%A1tik-Litava-asi-pol.-20.-stor.-vy%C5%A1it%C3%A9-kr%C3%AD%C5%BEikmi-p%C3%B4vodn%C3%BD-vlastn%C3%ADk-nezn%C3%A1my-scaled.jpg?resize=300%2C225&amp;ssl=1 300w, https:\/\/i0.wp.com\/www.atelier-reklama.sk\/blog\/wp-content\/uploads\/2023\/03\/7C-Kab%C3%A1tik-Litava-asi-pol.-20.-stor.-vy%C5%A1it%C3%A9-kr%C3%AD%C5%BEikmi-p%C3%B4vodn%C3%BD-vlastn%C3%ADk-nezn%C3%A1my-scaled.jpg?resize=768%2C576&amp;ssl=1 768w, https:\/\/i0.wp.com\/www.atelier-reklama.sk\/blog\/wp-content\/uploads\/2023\/03\/7C-Kab%C3%A1tik-Litava-asi-pol.-20.-stor.-vy%C5%A1it%C3%A9-kr%C3%AD%C5%BEikmi-p%C3%B4vodn%C3%BD-vlastn%C3%ADk-nezn%C3%A1my-scaled.jpg?resize=1536%2C1152&amp;ssl=1 1536w, https:\/\/i0.wp.com\/www.atelier-reklama.sk\/blog\/wp-content\/uploads\/2023\/03\/7C-Kab%C3%A1tik-Litava-asi-pol.-20.-stor.-vy%C5%A1it%C3%A9-kr%C3%AD%C5%BEikmi-p%C3%B4vodn%C3%BD-vlastn%C3%ADk-nezn%C3%A1my-scaled.jpg?resize=2048%2C1536&amp;ssl=1 2048w, https:\/\/i0.wp.com\/www.atelier-reklama.sk\/blog\/wp-content\/uploads\/2023\/03\/7C-Kab%C3%A1tik-Litava-asi-pol.-20.-stor.-vy%C5%A1it%C3%A9-kr%C3%AD%C5%BEikmi-p%C3%B4vodn%C3%BD-vlastn%C3%ADk-nezn%C3%A1my-scaled.jpg?w=1600&amp;ssl=1 1600w, https:\/\/i0.wp.com\/www.atelier-reklama.sk\/blog\/wp-content\/uploads\/2023\/03\/7C-Kab%C3%A1tik-Litava-asi-pol.-20.-stor.-vy%C5%A1it%C3%A9-kr%C3%AD%C5%BEikmi-p%C3%B4vodn%C3%BD-vlastn%C3%ADk-nezn%C3%A1my-scaled.jpg?w=2400&amp;ssl=1 2400w\" sizes=\"auto, (max-width: 800px) 100vw, 800px\" \/><\/figure>\n\n\n\n<figure class=\"wp-block-image aligncenter size-large\"><img data-recalc-dims=\"1\" loading=\"lazy\" decoding=\"async\" width=\"800\" height=\"390\" data-attachment-id=\"12906\" data-permalink=\"https:\/\/www.atelier-reklama.sk\/blog\/moj-krekacsky-kroj-a-jeho-prekreslene-vzory-spolu\/7d-kabatik-litava-asi-pol-20-stor-vysite-krizikmi-povodny-vlastnik-neznamy\/\" data-orig-file=\"https:\/\/i0.wp.com\/www.atelier-reklama.sk\/blog\/wp-content\/uploads\/2023\/03\/7D-Kab%C3%A1tik-Litava-asi-pol.-20.-stor.-vy%C5%A1it%C3%A9-kr%C3%AD%C5%BEikmi-p%C3%B4vodn%C3%BD-vlastn%C3%ADk-nezn%C3%A1my-scaled.jpg?fit=2560%2C1249&amp;ssl=1\" data-orig-size=\"2560,1249\" data-comments-opened=\"1\" data-image-meta=\"{&quot;aperture&quot;:&quot;2&quot;,&quot;credit&quot;:&quot;&quot;,&quot;camera&quot;:&quot;SM-A125F&quot;,&quot;caption&quot;:&quot;&quot;,&quot;created_timestamp&quot;:&quot;1678700078&quot;,&quot;copyright&quot;:&quot;&quot;,&quot;focal_length&quot;:&quot;4.6&quot;,&quot;iso&quot;:&quot;320&quot;,&quot;shutter_speed&quot;:&quot;0.04&quot;,&quot;title&quot;:&quot;&quot;,&quot;orientation&quot;:&quot;1&quot;}\" data-image-title=\"7D-Kab\u00e1tik-Litava-asi-pol.-20.-stor.-vy\u0161it\u00e9-kr\u00ed\u017eikmi-p\u00f4vodn\u00fd-vlastn\u00edk-nezn\u00e1my\" data-image-description=\"\" data-image-caption=\"\" data-medium-file=\"https:\/\/i0.wp.com\/www.atelier-reklama.sk\/blog\/wp-content\/uploads\/2023\/03\/7D-Kab%C3%A1tik-Litava-asi-pol.-20.-stor.-vy%C5%A1it%C3%A9-kr%C3%AD%C5%BEikmi-p%C3%B4vodn%C3%BD-vlastn%C3%ADk-nezn%C3%A1my-scaled.jpg?fit=300%2C146&amp;ssl=1\" data-large-file=\"https:\/\/i0.wp.com\/www.atelier-reklama.sk\/blog\/wp-content\/uploads\/2023\/03\/7D-Kab%C3%A1tik-Litava-asi-pol.-20.-stor.-vy%C5%A1it%C3%A9-kr%C3%AD%C5%BEikmi-p%C3%B4vodn%C3%BD-vlastn%C3%ADk-nezn%C3%A1my-scaled.jpg?fit=800%2C390&amp;ssl=1\" src=\"https:\/\/i0.wp.com\/www.atelier-reklama.sk\/blog\/wp-content\/uploads\/2023\/03\/7D-Kab%C3%A1tik-Litava-asi-pol.-20.-stor.-vy%C5%A1it%C3%A9-kr%C3%AD%C5%BEikmi-p%C3%B4vodn%C3%BD-vlastn%C3%ADk-nezn%C3%A1my.jpg?resize=800%2C390&#038;ssl=1\" alt=\"\" class=\"wp-image-12906\" srcset=\"https:\/\/i0.wp.com\/www.atelier-reklama.sk\/blog\/wp-content\/uploads\/2023\/03\/7D-Kab%C3%A1tik-Litava-asi-pol.-20.-stor.-vy%C5%A1it%C3%A9-kr%C3%AD%C5%BEikmi-p%C3%B4vodn%C3%BD-vlastn%C3%ADk-nezn%C3%A1my-scaled.jpg?resize=1024%2C499&amp;ssl=1 1024w, https:\/\/i0.wp.com\/www.atelier-reklama.sk\/blog\/wp-content\/uploads\/2023\/03\/7D-Kab%C3%A1tik-Litava-asi-pol.-20.-stor.-vy%C5%A1it%C3%A9-kr%C3%AD%C5%BEikmi-p%C3%B4vodn%C3%BD-vlastn%C3%ADk-nezn%C3%A1my-scaled.jpg?resize=300%2C146&amp;ssl=1 300w, https:\/\/i0.wp.com\/www.atelier-reklama.sk\/blog\/wp-content\/uploads\/2023\/03\/7D-Kab%C3%A1tik-Litava-asi-pol.-20.-stor.-vy%C5%A1it%C3%A9-kr%C3%AD%C5%BEikmi-p%C3%B4vodn%C3%BD-vlastn%C3%ADk-nezn%C3%A1my-scaled.jpg?resize=768%2C375&amp;ssl=1 768w, https:\/\/i0.wp.com\/www.atelier-reklama.sk\/blog\/wp-content\/uploads\/2023\/03\/7D-Kab%C3%A1tik-Litava-asi-pol.-20.-stor.-vy%C5%A1it%C3%A9-kr%C3%AD%C5%BEikmi-p%C3%B4vodn%C3%BD-vlastn%C3%ADk-nezn%C3%A1my-scaled.jpg?resize=1536%2C749&amp;ssl=1 1536w, https:\/\/i0.wp.com\/www.atelier-reklama.sk\/blog\/wp-content\/uploads\/2023\/03\/7D-Kab%C3%A1tik-Litava-asi-pol.-20.-stor.-vy%C5%A1it%C3%A9-kr%C3%AD%C5%BEikmi-p%C3%B4vodn%C3%BD-vlastn%C3%ADk-nezn%C3%A1my-scaled.jpg?resize=2048%2C999&amp;ssl=1 2048w, https:\/\/i0.wp.com\/www.atelier-reklama.sk\/blog\/wp-content\/uploads\/2023\/03\/7D-Kab%C3%A1tik-Litava-asi-pol.-20.-stor.-vy%C5%A1it%C3%A9-kr%C3%AD%C5%BEikmi-p%C3%B4vodn%C3%BD-vlastn%C3%ADk-nezn%C3%A1my-scaled.jpg?w=1600&amp;ssl=1 1600w, https:\/\/i0.wp.com\/www.atelier-reklama.sk\/blog\/wp-content\/uploads\/2023\/03\/7D-Kab%C3%A1tik-Litava-asi-pol.-20.-stor.-vy%C5%A1it%C3%A9-kr%C3%AD%C5%BEikmi-p%C3%B4vodn%C3%BD-vlastn%C3%ADk-nezn%C3%A1my-scaled.jpg?w=2400&amp;ssl=1 2400w\" sizes=\"auto, (max-width: 800px) 100vw, 800px\" \/><\/figure>\n\n\n\n<figure class=\"wp-block-image aligncenter size-large\"><img data-recalc-dims=\"1\" loading=\"lazy\" decoding=\"async\" width=\"800\" height=\"867\" data-attachment-id=\"12907\" data-permalink=\"https:\/\/www.atelier-reklama.sk\/blog\/moj-krekacsky-kroj-a-jeho-prekreslene-vzory-spolu\/7e-kabatik-litava-asi-pol-20-stor-vysite-krizikmi-povodny-vlastnik-neznamy\/\" data-orig-file=\"https:\/\/i0.wp.com\/www.atelier-reklama.sk\/blog\/wp-content\/uploads\/2023\/03\/7E-Kab%C3%A1tik-Litava-asi-pol.-20.-stor.-vy%C5%A1it%C3%A9-kr%C3%AD%C5%BEikmi-p%C3%B4vodn%C3%BD-vlastn%C3%ADk-nezn%C3%A1my-scaled.jpg?fit=2361%2C2560&amp;ssl=1\" data-orig-size=\"2361,2560\" data-comments-opened=\"1\" data-image-meta=\"{&quot;aperture&quot;:&quot;2&quot;,&quot;credit&quot;:&quot;&quot;,&quot;camera&quot;:&quot;SM-A125F&quot;,&quot;caption&quot;:&quot;&quot;,&quot;created_timestamp&quot;:&quot;1678700018&quot;,&quot;copyright&quot;:&quot;&quot;,&quot;focal_length&quot;:&quot;4.6&quot;,&quot;iso&quot;:&quot;640&quot;,&quot;shutter_speed&quot;:&quot;0.05&quot;,&quot;title&quot;:&quot;&quot;,&quot;orientation&quot;:&quot;1&quot;}\" data-image-title=\"7E-Kab\u00e1tik-Litava-asi-pol.-20.-stor.-vy\u0161it\u00e9-kr\u00ed\u017eikmi-p\u00f4vodn\u00fd-vlastn\u00edk-nezn\u00e1my\" data-image-description=\"\" data-image-caption=\"\" data-medium-file=\"https:\/\/i0.wp.com\/www.atelier-reklama.sk\/blog\/wp-content\/uploads\/2023\/03\/7E-Kab%C3%A1tik-Litava-asi-pol.-20.-stor.-vy%C5%A1it%C3%A9-kr%C3%AD%C5%BEikmi-p%C3%B4vodn%C3%BD-vlastn%C3%ADk-nezn%C3%A1my-scaled.jpg?fit=277%2C300&amp;ssl=1\" data-large-file=\"https:\/\/i0.wp.com\/www.atelier-reklama.sk\/blog\/wp-content\/uploads\/2023\/03\/7E-Kab%C3%A1tik-Litava-asi-pol.-20.-stor.-vy%C5%A1it%C3%A9-kr%C3%AD%C5%BEikmi-p%C3%B4vodn%C3%BD-vlastn%C3%ADk-nezn%C3%A1my-scaled.jpg?fit=800%2C867&amp;ssl=1\" src=\"https:\/\/i0.wp.com\/www.atelier-reklama.sk\/blog\/wp-content\/uploads\/2023\/03\/7E-Kab%C3%A1tik-Litava-asi-pol.-20.-stor.-vy%C5%A1it%C3%A9-kr%C3%AD%C5%BEikmi-p%C3%B4vodn%C3%BD-vlastn%C3%ADk-nezn%C3%A1my.jpg?resize=800%2C867&#038;ssl=1\" alt=\"\" class=\"wp-image-12907\" srcset=\"https:\/\/i0.wp.com\/www.atelier-reklama.sk\/blog\/wp-content\/uploads\/2023\/03\/7E-Kab%C3%A1tik-Litava-asi-pol.-20.-stor.-vy%C5%A1it%C3%A9-kr%C3%AD%C5%BEikmi-p%C3%B4vodn%C3%BD-vlastn%C3%ADk-nezn%C3%A1my-scaled.jpg?resize=945%2C1024&amp;ssl=1 945w, https:\/\/i0.wp.com\/www.atelier-reklama.sk\/blog\/wp-content\/uploads\/2023\/03\/7E-Kab%C3%A1tik-Litava-asi-pol.-20.-stor.-vy%C5%A1it%C3%A9-kr%C3%AD%C5%BEikmi-p%C3%B4vodn%C3%BD-vlastn%C3%ADk-nezn%C3%A1my-scaled.jpg?resize=277%2C300&amp;ssl=1 277w, https:\/\/i0.wp.com\/www.atelier-reklama.sk\/blog\/wp-content\/uploads\/2023\/03\/7E-Kab%C3%A1tik-Litava-asi-pol.-20.-stor.-vy%C5%A1it%C3%A9-kr%C3%AD%C5%BEikmi-p%C3%B4vodn%C3%BD-vlastn%C3%ADk-nezn%C3%A1my-scaled.jpg?resize=768%2C833&amp;ssl=1 768w, https:\/\/i0.wp.com\/www.atelier-reklama.sk\/blog\/wp-content\/uploads\/2023\/03\/7E-Kab%C3%A1tik-Litava-asi-pol.-20.-stor.-vy%C5%A1it%C3%A9-kr%C3%AD%C5%BEikmi-p%C3%B4vodn%C3%BD-vlastn%C3%ADk-nezn%C3%A1my-scaled.jpg?resize=1417%2C1536&amp;ssl=1 1417w, https:\/\/i0.wp.com\/www.atelier-reklama.sk\/blog\/wp-content\/uploads\/2023\/03\/7E-Kab%C3%A1tik-Litava-asi-pol.-20.-stor.-vy%C5%A1it%C3%A9-kr%C3%AD%C5%BEikmi-p%C3%B4vodn%C3%BD-vlastn%C3%ADk-nezn%C3%A1my-scaled.jpg?resize=1889%2C2048&amp;ssl=1 1889w, https:\/\/i0.wp.com\/www.atelier-reklama.sk\/blog\/wp-content\/uploads\/2023\/03\/7E-Kab%C3%A1tik-Litava-asi-pol.-20.-stor.-vy%C5%A1it%C3%A9-kr%C3%AD%C5%BEikmi-p%C3%B4vodn%C3%BD-vlastn%C3%ADk-nezn%C3%A1my-scaled.jpg?w=1600&amp;ssl=1 1600w\" sizes=\"auto, (max-width: 800px) 100vw, 800px\" \/><\/figure>\n\n\n\n<p>8. Kab\u00e1tik svadobn\u00fd, Bzov\u00edk okolie, vy\u0161it\u00fd kr\u00ed\u017eikmi, vzory s\u00fa zhodn\u00e9 so vzormi z Jal\u0161ov\u00edka, in\u00e9 farby, p\u00f4vod nezn\u00e1my<\/p>\n\n\n\n<figure class=\"wp-block-image aligncenter size-large\"><img data-recalc-dims=\"1\" loading=\"lazy\" decoding=\"async\" width=\"800\" height=\"628\" data-attachment-id=\"12908\" data-permalink=\"https:\/\/www.atelier-reklama.sk\/blog\/moj-krekacsky-kroj-a-jeho-prekreslene-vzory-spolu\/8a-kabatik-svadobnybzovik-okolie-vysity-krizikmi-vzory-su-zhodne-so-vzormi-z-jalsovika-povod-neznamy\/\" data-orig-file=\"https:\/\/i0.wp.com\/www.atelier-reklama.sk\/blog\/wp-content\/uploads\/2023\/03\/8A-Kab%C3%A1tik-svadobn%C3%BDBzov%C3%ADk-okolie-vy%C5%A1it%C3%BD-kr%C3%AD%C5%BEikmi-vzory-s%C3%BA-zhodn%C3%A9-so-vzormi-z-Jal%C5%A1ov%C3%ADka-p%C3%B4vod-nezn%C3%A1my-scaled.jpg?fit=2560%2C2010&amp;ssl=1\" data-orig-size=\"2560,2010\" data-comments-opened=\"1\" data-image-meta=\"{&quot;aperture&quot;:&quot;2&quot;,&quot;credit&quot;:&quot;&quot;,&quot;camera&quot;:&quot;SM-A125F&quot;,&quot;caption&quot;:&quot;&quot;,&quot;created_timestamp&quot;:&quot;1678700530&quot;,&quot;copyright&quot;:&quot;&quot;,&quot;focal_length&quot;:&quot;4.6&quot;,&quot;iso&quot;:&quot;250&quot;,&quot;shutter_speed&quot;:&quot;0.04&quot;,&quot;title&quot;:&quot;&quot;,&quot;orientation&quot;:&quot;1&quot;}\" data-image-title=\"8A-Kab\u00e1tik-svadobn\u00fdBzov\u00edk-okolie-vy\u0161it\u00fd-kr\u00ed\u017eikmi-vzory-s\u00fa-zhodn\u00e9-so-vzormi-z-Jal\u0161ov\u00edka-p\u00f4vod-nezn\u00e1my\" data-image-description=\"\" data-image-caption=\"\" data-medium-file=\"https:\/\/i0.wp.com\/www.atelier-reklama.sk\/blog\/wp-content\/uploads\/2023\/03\/8A-Kab%C3%A1tik-svadobn%C3%BDBzov%C3%ADk-okolie-vy%C5%A1it%C3%BD-kr%C3%AD%C5%BEikmi-vzory-s%C3%BA-zhodn%C3%A9-so-vzormi-z-Jal%C5%A1ov%C3%ADka-p%C3%B4vod-nezn%C3%A1my-scaled.jpg?fit=300%2C235&amp;ssl=1\" data-large-file=\"https:\/\/i0.wp.com\/www.atelier-reklama.sk\/blog\/wp-content\/uploads\/2023\/03\/8A-Kab%C3%A1tik-svadobn%C3%BDBzov%C3%ADk-okolie-vy%C5%A1it%C3%BD-kr%C3%AD%C5%BEikmi-vzory-s%C3%BA-zhodn%C3%A9-so-vzormi-z-Jal%C5%A1ov%C3%ADka-p%C3%B4vod-nezn%C3%A1my-scaled.jpg?fit=800%2C628&amp;ssl=1\" src=\"https:\/\/i0.wp.com\/www.atelier-reklama.sk\/blog\/wp-content\/uploads\/2023\/03\/8A-Kab%C3%A1tik-svadobn%C3%BDBzov%C3%ADk-okolie-vy%C5%A1it%C3%BD-kr%C3%AD%C5%BEikmi-vzory-s%C3%BA-zhodn%C3%A9-so-vzormi-z-Jal%C5%A1ov%C3%ADka-p%C3%B4vod-nezn%C3%A1my.jpg?resize=800%2C628&#038;ssl=1\" alt=\"\" class=\"wp-image-12908\" srcset=\"https:\/\/i0.wp.com\/www.atelier-reklama.sk\/blog\/wp-content\/uploads\/2023\/03\/8A-Kab%C3%A1tik-svadobn%C3%BDBzov%C3%ADk-okolie-vy%C5%A1it%C3%BD-kr%C3%AD%C5%BEikmi-vzory-s%C3%BA-zhodn%C3%A9-so-vzormi-z-Jal%C5%A1ov%C3%ADka-p%C3%B4vod-nezn%C3%A1my-scaled.jpg?resize=1024%2C804&amp;ssl=1 1024w, https:\/\/i0.wp.com\/www.atelier-reklama.sk\/blog\/wp-content\/uploads\/2023\/03\/8A-Kab%C3%A1tik-svadobn%C3%BDBzov%C3%ADk-okolie-vy%C5%A1it%C3%BD-kr%C3%AD%C5%BEikmi-vzory-s%C3%BA-zhodn%C3%A9-so-vzormi-z-Jal%C5%A1ov%C3%ADka-p%C3%B4vod-nezn%C3%A1my-scaled.jpg?resize=300%2C235&amp;ssl=1 300w, https:\/\/i0.wp.com\/www.atelier-reklama.sk\/blog\/wp-content\/uploads\/2023\/03\/8A-Kab%C3%A1tik-svadobn%C3%BDBzov%C3%ADk-okolie-vy%C5%A1it%C3%BD-kr%C3%AD%C5%BEikmi-vzory-s%C3%BA-zhodn%C3%A9-so-vzormi-z-Jal%C5%A1ov%C3%ADka-p%C3%B4vod-nezn%C3%A1my-scaled.jpg?resize=768%2C603&amp;ssl=1 768w, https:\/\/i0.wp.com\/www.atelier-reklama.sk\/blog\/wp-content\/uploads\/2023\/03\/8A-Kab%C3%A1tik-svadobn%C3%BDBzov%C3%ADk-okolie-vy%C5%A1it%C3%BD-kr%C3%AD%C5%BEikmi-vzory-s%C3%BA-zhodn%C3%A9-so-vzormi-z-Jal%C5%A1ov%C3%ADka-p%C3%B4vod-nezn%C3%A1my-scaled.jpg?resize=1536%2C1206&amp;ssl=1 1536w, https:\/\/i0.wp.com\/www.atelier-reklama.sk\/blog\/wp-content\/uploads\/2023\/03\/8A-Kab%C3%A1tik-svadobn%C3%BDBzov%C3%ADk-okolie-vy%C5%A1it%C3%BD-kr%C3%AD%C5%BEikmi-vzory-s%C3%BA-zhodn%C3%A9-so-vzormi-z-Jal%C5%A1ov%C3%ADka-p%C3%B4vod-nezn%C3%A1my-scaled.jpg?resize=2048%2C1608&amp;ssl=1 2048w, https:\/\/i0.wp.com\/www.atelier-reklama.sk\/blog\/wp-content\/uploads\/2023\/03\/8A-Kab%C3%A1tik-svadobn%C3%BDBzov%C3%ADk-okolie-vy%C5%A1it%C3%BD-kr%C3%AD%C5%BEikmi-vzory-s%C3%BA-zhodn%C3%A9-so-vzormi-z-Jal%C5%A1ov%C3%ADka-p%C3%B4vod-nezn%C3%A1my-scaled.jpg?w=1600&amp;ssl=1 1600w, https:\/\/i0.wp.com\/www.atelier-reklama.sk\/blog\/wp-content\/uploads\/2023\/03\/8A-Kab%C3%A1tik-svadobn%C3%BDBzov%C3%ADk-okolie-vy%C5%A1it%C3%BD-kr%C3%AD%C5%BEikmi-vzory-s%C3%BA-zhodn%C3%A9-so-vzormi-z-Jal%C5%A1ov%C3%ADka-p%C3%B4vod-nezn%C3%A1my-scaled.jpg?w=2400&amp;ssl=1 2400w\" sizes=\"auto, (max-width: 800px) 100vw, 800px\" \/><\/figure>\n\n\n\n<figure class=\"wp-block-image aligncenter size-large\"><img data-recalc-dims=\"1\" loading=\"lazy\" decoding=\"async\" width=\"800\" height=\"566\" data-attachment-id=\"12911\" data-permalink=\"https:\/\/www.atelier-reklama.sk\/blog\/moj-krekacsky-kroj-a-jeho-prekreslene-vzory-spolu\/8b-kabatik-svadobny-vzor-bzovik-okolie-vysity-krizikmi-vzory-su-zhodne-so-vzormi-z-jalsovika-povod-neznamy-1\/\" data-orig-file=\"https:\/\/i0.wp.com\/www.atelier-reklama.sk\/blog\/wp-content\/uploads\/2023\/03\/8B-Kab%C3%A1tik-svadobn%C3%BD-vzor-Bzov%C3%ADk-okolie-vy%C5%A1it%C3%BD-kr%C3%AD%C5%BEikmi-vzory-s%C3%BA-zhodn%C3%A9-so-vzormi-z-Jal%C5%A1ov%C3%ADka-p%C3%B4vod-nezn%C3%A1my-1-scaled.jpg?fit=2560%2C1810&amp;ssl=1\" data-orig-size=\"2560,1810\" data-comments-opened=\"1\" data-image-meta=\"{&quot;aperture&quot;:&quot;0&quot;,&quot;credit&quot;:&quot;&quot;,&quot;camera&quot;:&quot;&quot;,&quot;caption&quot;:&quot;&quot;,&quot;created_timestamp&quot;:&quot;0&quot;,&quot;copyright&quot;:&quot;&quot;,&quot;focal_length&quot;:&quot;0&quot;,&quot;iso&quot;:&quot;0&quot;,&quot;shutter_speed&quot;:&quot;0&quot;,&quot;title&quot;:&quot;&quot;,&quot;orientation&quot;:&quot;1&quot;}\" data-image-title=\"8B-Kab\u00e1tik-svadobn\u00fd-vzor-Bzov\u00edk-okolie-vy\u0161it\u00fd-kr\u00ed\u017eikmi-vzory-s\u00fa-zhodn\u00e9-so-vzormi-z-Jal\u0161ov\u00edka-p\u00f4vod-nezn\u00e1my-1\" data-image-description=\"\" data-image-caption=\"\" data-medium-file=\"https:\/\/i0.wp.com\/www.atelier-reklama.sk\/blog\/wp-content\/uploads\/2023\/03\/8B-Kab%C3%A1tik-svadobn%C3%BD-vzor-Bzov%C3%ADk-okolie-vy%C5%A1it%C3%BD-kr%C3%AD%C5%BEikmi-vzory-s%C3%BA-zhodn%C3%A9-so-vzormi-z-Jal%C5%A1ov%C3%ADka-p%C3%B4vod-nezn%C3%A1my-1-scaled.jpg?fit=300%2C212&amp;ssl=1\" data-large-file=\"https:\/\/i0.wp.com\/www.atelier-reklama.sk\/blog\/wp-content\/uploads\/2023\/03\/8B-Kab%C3%A1tik-svadobn%C3%BD-vzor-Bzov%C3%ADk-okolie-vy%C5%A1it%C3%BD-kr%C3%AD%C5%BEikmi-vzory-s%C3%BA-zhodn%C3%A9-so-vzormi-z-Jal%C5%A1ov%C3%ADka-p%C3%B4vod-nezn%C3%A1my-1-scaled.jpg?fit=800%2C566&amp;ssl=1\" src=\"https:\/\/i0.wp.com\/www.atelier-reklama.sk\/blog\/wp-content\/uploads\/2023\/03\/8B-Kab%C3%A1tik-svadobn%C3%BD-vzor-Bzov%C3%ADk-okolie-vy%C5%A1it%C3%BD-kr%C3%AD%C5%BEikmi-vzory-s%C3%BA-zhodn%C3%A9-so-vzormi-z-Jal%C5%A1ov%C3%ADka-p%C3%B4vod-nezn%C3%A1my-1.jpg?resize=800%2C566&#038;ssl=1\" alt=\"\" class=\"wp-image-12911\" srcset=\"https:\/\/i0.wp.com\/www.atelier-reklama.sk\/blog\/wp-content\/uploads\/2023\/03\/8B-Kab%C3%A1tik-svadobn%C3%BD-vzor-Bzov%C3%ADk-okolie-vy%C5%A1it%C3%BD-kr%C3%AD%C5%BEikmi-vzory-s%C3%BA-zhodn%C3%A9-so-vzormi-z-Jal%C5%A1ov%C3%ADka-p%C3%B4vod-nezn%C3%A1my-1-scaled.jpg?resize=1024%2C724&amp;ssl=1 1024w, https:\/\/i0.wp.com\/www.atelier-reklama.sk\/blog\/wp-content\/uploads\/2023\/03\/8B-Kab%C3%A1tik-svadobn%C3%BD-vzor-Bzov%C3%ADk-okolie-vy%C5%A1it%C3%BD-kr%C3%AD%C5%BEikmi-vzory-s%C3%BA-zhodn%C3%A9-so-vzormi-z-Jal%C5%A1ov%C3%ADka-p%C3%B4vod-nezn%C3%A1my-1-scaled.jpg?resize=300%2C212&amp;ssl=1 300w, https:\/\/i0.wp.com\/www.atelier-reklama.sk\/blog\/wp-content\/uploads\/2023\/03\/8B-Kab%C3%A1tik-svadobn%C3%BD-vzor-Bzov%C3%ADk-okolie-vy%C5%A1it%C3%BD-kr%C3%AD%C5%BEikmi-vzory-s%C3%BA-zhodn%C3%A9-so-vzormi-z-Jal%C5%A1ov%C3%ADka-p%C3%B4vod-nezn%C3%A1my-1-scaled.jpg?resize=768%2C543&amp;ssl=1 768w, https:\/\/i0.wp.com\/www.atelier-reklama.sk\/blog\/wp-content\/uploads\/2023\/03\/8B-Kab%C3%A1tik-svadobn%C3%BD-vzor-Bzov%C3%ADk-okolie-vy%C5%A1it%C3%BD-kr%C3%AD%C5%BEikmi-vzory-s%C3%BA-zhodn%C3%A9-so-vzormi-z-Jal%C5%A1ov%C3%ADka-p%C3%B4vod-nezn%C3%A1my-1-scaled.jpg?resize=1536%2C1086&amp;ssl=1 1536w, https:\/\/i0.wp.com\/www.atelier-reklama.sk\/blog\/wp-content\/uploads\/2023\/03\/8B-Kab%C3%A1tik-svadobn%C3%BD-vzor-Bzov%C3%ADk-okolie-vy%C5%A1it%C3%BD-kr%C3%AD%C5%BEikmi-vzory-s%C3%BA-zhodn%C3%A9-so-vzormi-z-Jal%C5%A1ov%C3%ADka-p%C3%B4vod-nezn%C3%A1my-1-scaled.jpg?resize=2048%2C1448&amp;ssl=1 2048w, https:\/\/i0.wp.com\/www.atelier-reklama.sk\/blog\/wp-content\/uploads\/2023\/03\/8B-Kab%C3%A1tik-svadobn%C3%BD-vzor-Bzov%C3%ADk-okolie-vy%C5%A1it%C3%BD-kr%C3%AD%C5%BEikmi-vzory-s%C3%BA-zhodn%C3%A9-so-vzormi-z-Jal%C5%A1ov%C3%ADka-p%C3%B4vod-nezn%C3%A1my-1-scaled.jpg?w=1600&amp;ssl=1 1600w, https:\/\/i0.wp.com\/www.atelier-reklama.sk\/blog\/wp-content\/uploads\/2023\/03\/8B-Kab%C3%A1tik-svadobn%C3%BD-vzor-Bzov%C3%ADk-okolie-vy%C5%A1it%C3%BD-kr%C3%AD%C5%BEikmi-vzory-s%C3%BA-zhodn%C3%A9-so-vzormi-z-Jal%C5%A1ov%C3%ADka-p%C3%B4vod-nezn%C3%A1my-1-scaled.jpg?w=2400&amp;ssl=1 2400w\" sizes=\"auto, (max-width: 800px) 100vw, 800px\" \/><\/figure>\n\n\n\n<figure class=\"wp-block-image aligncenter size-large\"><img data-recalc-dims=\"1\" loading=\"lazy\" decoding=\"async\" width=\"800\" height=\"582\" data-attachment-id=\"12912\" data-permalink=\"https:\/\/www.atelier-reklama.sk\/blog\/moj-krekacsky-kroj-a-jeho-prekreslene-vzory-spolu\/8c-kabatik-svadobny-bzovik-okolie-vysity-krizikmi-vzory-su-zhodne-so-vzormi-z-jalsovika-povod-neznamy\/\" data-orig-file=\"https:\/\/i0.wp.com\/www.atelier-reklama.sk\/blog\/wp-content\/uploads\/2023\/03\/8C-Kab%C3%A1tik-svadobn%C3%BD-Bzov%C3%ADk-okolie-vy%C5%A1it%C3%BD-kr%C3%AD%C5%BEikmi-vzory-s%C3%BA-zhodn%C3%A9-so-vzormi-z-Jal%C5%A1ov%C3%ADka-p%C3%B4vod-nezn%C3%A1my-scaled.jpg?fit=2560%2C1863&amp;ssl=1\" data-orig-size=\"2560,1863\" data-comments-opened=\"1\" data-image-meta=\"{&quot;aperture&quot;:&quot;2&quot;,&quot;credit&quot;:&quot;&quot;,&quot;camera&quot;:&quot;SM-A125F&quot;,&quot;caption&quot;:&quot;&quot;,&quot;created_timestamp&quot;:&quot;1678700682&quot;,&quot;copyright&quot;:&quot;&quot;,&quot;focal_length&quot;:&quot;4.6&quot;,&quot;iso&quot;:&quot;320&quot;,&quot;shutter_speed&quot;:&quot;0.04&quot;,&quot;title&quot;:&quot;&quot;,&quot;orientation&quot;:&quot;1&quot;}\" data-image-title=\"8C-Kab\u00e1tik-svadobn\u00fd-Bzov\u00edk-okolie-vy\u0161it\u00fd-kr\u00ed\u017eikmi-vzory-s\u00fa-zhodn\u00e9-so-vzormi-z-Jal\u0161ov\u00edka-p\u00f4vod-nezn\u00e1my\" data-image-description=\"\" data-image-caption=\"\" data-medium-file=\"https:\/\/i0.wp.com\/www.atelier-reklama.sk\/blog\/wp-content\/uploads\/2023\/03\/8C-Kab%C3%A1tik-svadobn%C3%BD-Bzov%C3%ADk-okolie-vy%C5%A1it%C3%BD-kr%C3%AD%C5%BEikmi-vzory-s%C3%BA-zhodn%C3%A9-so-vzormi-z-Jal%C5%A1ov%C3%ADka-p%C3%B4vod-nezn%C3%A1my-scaled.jpg?fit=300%2C218&amp;ssl=1\" data-large-file=\"https:\/\/i0.wp.com\/www.atelier-reklama.sk\/blog\/wp-content\/uploads\/2023\/03\/8C-Kab%C3%A1tik-svadobn%C3%BD-Bzov%C3%ADk-okolie-vy%C5%A1it%C3%BD-kr%C3%AD%C5%BEikmi-vzory-s%C3%BA-zhodn%C3%A9-so-vzormi-z-Jal%C5%A1ov%C3%ADka-p%C3%B4vod-nezn%C3%A1my-scaled.jpg?fit=800%2C582&amp;ssl=1\" src=\"https:\/\/i0.wp.com\/www.atelier-reklama.sk\/blog\/wp-content\/uploads\/2023\/03\/8C-Kab%C3%A1tik-svadobn%C3%BD-Bzov%C3%ADk-okolie-vy%C5%A1it%C3%BD-kr%C3%AD%C5%BEikmi-vzory-s%C3%BA-zhodn%C3%A9-so-vzormi-z-Jal%C5%A1ov%C3%ADka-p%C3%B4vod-nezn%C3%A1my.jpg?resize=800%2C582&#038;ssl=1\" alt=\"\" class=\"wp-image-12912\" srcset=\"https:\/\/i0.wp.com\/www.atelier-reklama.sk\/blog\/wp-content\/uploads\/2023\/03\/8C-Kab%C3%A1tik-svadobn%C3%BD-Bzov%C3%ADk-okolie-vy%C5%A1it%C3%BD-kr%C3%AD%C5%BEikmi-vzory-s%C3%BA-zhodn%C3%A9-so-vzormi-z-Jal%C5%A1ov%C3%ADka-p%C3%B4vod-nezn%C3%A1my-scaled.jpg?resize=1024%2C745&amp;ssl=1 1024w, https:\/\/i0.wp.com\/www.atelier-reklama.sk\/blog\/wp-content\/uploads\/2023\/03\/8C-Kab%C3%A1tik-svadobn%C3%BD-Bzov%C3%ADk-okolie-vy%C5%A1it%C3%BD-kr%C3%AD%C5%BEikmi-vzory-s%C3%BA-zhodn%C3%A9-so-vzormi-z-Jal%C5%A1ov%C3%ADka-p%C3%B4vod-nezn%C3%A1my-scaled.jpg?resize=300%2C218&amp;ssl=1 300w, https:\/\/i0.wp.com\/www.atelier-reklama.sk\/blog\/wp-content\/uploads\/2023\/03\/8C-Kab%C3%A1tik-svadobn%C3%BD-Bzov%C3%ADk-okolie-vy%C5%A1it%C3%BD-kr%C3%AD%C5%BEikmi-vzory-s%C3%BA-zhodn%C3%A9-so-vzormi-z-Jal%C5%A1ov%C3%ADka-p%C3%B4vod-nezn%C3%A1my-scaled.jpg?resize=768%2C559&amp;ssl=1 768w, https:\/\/i0.wp.com\/www.atelier-reklama.sk\/blog\/wp-content\/uploads\/2023\/03\/8C-Kab%C3%A1tik-svadobn%C3%BD-Bzov%C3%ADk-okolie-vy%C5%A1it%C3%BD-kr%C3%AD%C5%BEikmi-vzory-s%C3%BA-zhodn%C3%A9-so-vzormi-z-Jal%C5%A1ov%C3%ADka-p%C3%B4vod-nezn%C3%A1my-scaled.jpg?resize=1536%2C1118&amp;ssl=1 1536w, https:\/\/i0.wp.com\/www.atelier-reklama.sk\/blog\/wp-content\/uploads\/2023\/03\/8C-Kab%C3%A1tik-svadobn%C3%BD-Bzov%C3%ADk-okolie-vy%C5%A1it%C3%BD-kr%C3%AD%C5%BEikmi-vzory-s%C3%BA-zhodn%C3%A9-so-vzormi-z-Jal%C5%A1ov%C3%ADka-p%C3%B4vod-nezn%C3%A1my-scaled.jpg?resize=2048%2C1490&amp;ssl=1 2048w, https:\/\/i0.wp.com\/www.atelier-reklama.sk\/blog\/wp-content\/uploads\/2023\/03\/8C-Kab%C3%A1tik-svadobn%C3%BD-Bzov%C3%ADk-okolie-vy%C5%A1it%C3%BD-kr%C3%AD%C5%BEikmi-vzory-s%C3%BA-zhodn%C3%A9-so-vzormi-z-Jal%C5%A1ov%C3%ADka-p%C3%B4vod-nezn%C3%A1my-scaled.jpg?w=1600&amp;ssl=1 1600w, https:\/\/i0.wp.com\/www.atelier-reklama.sk\/blog\/wp-content\/uploads\/2023\/03\/8C-Kab%C3%A1tik-svadobn%C3%BD-Bzov%C3%ADk-okolie-vy%C5%A1it%C3%BD-kr%C3%AD%C5%BEikmi-vzory-s%C3%BA-zhodn%C3%A9-so-vzormi-z-Jal%C5%A1ov%C3%ADka-p%C3%B4vod-nezn%C3%A1my-scaled.jpg?w=2400&amp;ssl=1 2400w\" sizes=\"auto, (max-width: 800px) 100vw, 800px\" \/><\/figure>\n\n\n\n<figure class=\"wp-block-image aligncenter size-large\"><img data-recalc-dims=\"1\" loading=\"lazy\" decoding=\"async\" width=\"714\" height=\"1024\" data-attachment-id=\"12913\" data-permalink=\"https:\/\/www.atelier-reklama.sk\/blog\/moj-krekacsky-kroj-a-jeho-prekreslene-vzory-spolu\/8d-kabatik-svadobnybzovik-okolie-vysity-krizikmi-vzory-su-zhodne-so-vzormi-z-jalsovika-povod-neznamy\/\" data-orig-file=\"https:\/\/i0.wp.com\/www.atelier-reklama.sk\/blog\/wp-content\/uploads\/2023\/03\/8D-Kab%C3%A1tik-svadobn%C3%BDBzov%C3%ADk-okolie-vy%C5%A1it%C3%BD-kr%C3%AD%C5%BEikmi-vzory-s%C3%BA-zhodn%C3%A9-so-vzormi-z-Jal%C5%A1ov%C3%ADka-p%C3%B4vod-nezn%C3%A1my-scaled.jpg?fit=1785%2C2560&amp;ssl=1\" data-orig-size=\"1785,2560\" data-comments-opened=\"1\" data-image-meta=\"{&quot;aperture&quot;:&quot;2&quot;,&quot;credit&quot;:&quot;&quot;,&quot;camera&quot;:&quot;SM-A125F&quot;,&quot;caption&quot;:&quot;&quot;,&quot;created_timestamp&quot;:&quot;1678700569&quot;,&quot;copyright&quot;:&quot;&quot;,&quot;focal_length&quot;:&quot;4.6&quot;,&quot;iso&quot;:&quot;500&quot;,&quot;shutter_speed&quot;:&quot;0.04&quot;,&quot;title&quot;:&quot;&quot;,&quot;orientation&quot;:&quot;1&quot;}\" data-image-title=\"8D-Kab\u00e1tik-svadobn\u00fdBzov\u00edk-okolie-vy\u0161it\u00fd-kr\u00ed\u017eikmi-vzory-s\u00fa-zhodn\u00e9-so-vzormi-z-Jal\u0161ov\u00edka-p\u00f4vod-nezn\u00e1my\" data-image-description=\"\" data-image-caption=\"\" data-medium-file=\"https:\/\/i0.wp.com\/www.atelier-reklama.sk\/blog\/wp-content\/uploads\/2023\/03\/8D-Kab%C3%A1tik-svadobn%C3%BDBzov%C3%ADk-okolie-vy%C5%A1it%C3%BD-kr%C3%AD%C5%BEikmi-vzory-s%C3%BA-zhodn%C3%A9-so-vzormi-z-Jal%C5%A1ov%C3%ADka-p%C3%B4vod-nezn%C3%A1my-scaled.jpg?fit=209%2C300&amp;ssl=1\" data-large-file=\"https:\/\/i0.wp.com\/www.atelier-reklama.sk\/blog\/wp-content\/uploads\/2023\/03\/8D-Kab%C3%A1tik-svadobn%C3%BDBzov%C3%ADk-okolie-vy%C5%A1it%C3%BD-kr%C3%AD%C5%BEikmi-vzory-s%C3%BA-zhodn%C3%A9-so-vzormi-z-Jal%C5%A1ov%C3%ADka-p%C3%B4vod-nezn%C3%A1my-scaled.jpg?fit=714%2C1024&amp;ssl=1\" src=\"https:\/\/i0.wp.com\/www.atelier-reklama.sk\/blog\/wp-content\/uploads\/2023\/03\/8D-Kab%C3%A1tik-svadobn%C3%BDBzov%C3%ADk-okolie-vy%C5%A1it%C3%BD-kr%C3%AD%C5%BEikmi-vzory-s%C3%BA-zhodn%C3%A9-so-vzormi-z-Jal%C5%A1ov%C3%ADka-p%C3%B4vod-nezn%C3%A1my.jpg?resize=714%2C1024&#038;ssl=1\" alt=\"\" class=\"wp-image-12913\" srcset=\"https:\/\/i0.wp.com\/www.atelier-reklama.sk\/blog\/wp-content\/uploads\/2023\/03\/8D-Kab%C3%A1tik-svadobn%C3%BDBzov%C3%ADk-okolie-vy%C5%A1it%C3%BD-kr%C3%AD%C5%BEikmi-vzory-s%C3%BA-zhodn%C3%A9-so-vzormi-z-Jal%C5%A1ov%C3%ADka-p%C3%B4vod-nezn%C3%A1my-scaled.jpg?resize=714%2C1024&amp;ssl=1 714w, https:\/\/i0.wp.com\/www.atelier-reklama.sk\/blog\/wp-content\/uploads\/2023\/03\/8D-Kab%C3%A1tik-svadobn%C3%BDBzov%C3%ADk-okolie-vy%C5%A1it%C3%BD-kr%C3%AD%C5%BEikmi-vzory-s%C3%BA-zhodn%C3%A9-so-vzormi-z-Jal%C5%A1ov%C3%ADka-p%C3%B4vod-nezn%C3%A1my-scaled.jpg?resize=209%2C300&amp;ssl=1 209w, https:\/\/i0.wp.com\/www.atelier-reklama.sk\/blog\/wp-content\/uploads\/2023\/03\/8D-Kab%C3%A1tik-svadobn%C3%BDBzov%C3%ADk-okolie-vy%C5%A1it%C3%BD-kr%C3%AD%C5%BEikmi-vzory-s%C3%BA-zhodn%C3%A9-so-vzormi-z-Jal%C5%A1ov%C3%ADka-p%C3%B4vod-nezn%C3%A1my-scaled.jpg?resize=768%2C1101&amp;ssl=1 768w, https:\/\/i0.wp.com\/www.atelier-reklama.sk\/blog\/wp-content\/uploads\/2023\/03\/8D-Kab%C3%A1tik-svadobn%C3%BDBzov%C3%ADk-okolie-vy%C5%A1it%C3%BD-kr%C3%AD%C5%BEikmi-vzory-s%C3%BA-zhodn%C3%A9-so-vzormi-z-Jal%C5%A1ov%C3%ADka-p%C3%B4vod-nezn%C3%A1my-scaled.jpg?resize=1071%2C1536&amp;ssl=1 1071w, https:\/\/i0.wp.com\/www.atelier-reklama.sk\/blog\/wp-content\/uploads\/2023\/03\/8D-Kab%C3%A1tik-svadobn%C3%BDBzov%C3%ADk-okolie-vy%C5%A1it%C3%BD-kr%C3%AD%C5%BEikmi-vzory-s%C3%BA-zhodn%C3%A9-so-vzormi-z-Jal%C5%A1ov%C3%ADka-p%C3%B4vod-nezn%C3%A1my-scaled.jpg?resize=1428%2C2048&amp;ssl=1 1428w, https:\/\/i0.wp.com\/www.atelier-reklama.sk\/blog\/wp-content\/uploads\/2023\/03\/8D-Kab%C3%A1tik-svadobn%C3%BDBzov%C3%ADk-okolie-vy%C5%A1it%C3%BD-kr%C3%AD%C5%BEikmi-vzory-s%C3%BA-zhodn%C3%A9-so-vzormi-z-Jal%C5%A1ov%C3%ADka-p%C3%B4vod-nezn%C3%A1my-scaled.jpg?w=1785&amp;ssl=1 1785w, https:\/\/i0.wp.com\/www.atelier-reklama.sk\/blog\/wp-content\/uploads\/2023\/03\/8D-Kab%C3%A1tik-svadobn%C3%BDBzov%C3%ADk-okolie-vy%C5%A1it%C3%BD-kr%C3%AD%C5%BEikmi-vzory-s%C3%BA-zhodn%C3%A9-so-vzormi-z-Jal%C5%A1ov%C3%ADka-p%C3%B4vod-nezn%C3%A1my-scaled.jpg?w=1600&amp;ssl=1 1600w\" sizes=\"auto, (max-width: 714px) 100vw, 714px\" \/><\/figure>\n\n\n\n<figure class=\"wp-block-image size-large\"><img data-recalc-dims=\"1\" loading=\"lazy\" decoding=\"async\" width=\"800\" height=\"407\" data-attachment-id=\"12914\" data-permalink=\"https:\/\/www.atelier-reklama.sk\/blog\/moj-krekacsky-kroj-a-jeho-prekreslene-vzory-spolu\/8e-kabatik-svadobny-vysity-krizikmi-vzory-su-zhodne-so-vzormi-z-jalsovika-povod-neznamy\/\" data-orig-file=\"https:\/\/i0.wp.com\/www.atelier-reklama.sk\/blog\/wp-content\/uploads\/2023\/03\/8E-Kab%C3%A1tik-svadobn%C3%BD-vy%C5%A1it%C3%BD-kr%C3%AD%C5%BEikmi-vzory-s%C3%BA-zhodn%C3%A9-so-vzormi-z-Jal%C5%A1ov%C3%ADka-p%C3%B4vod-nezn%C3%A1my-scaled.jpg?fit=2560%2C1303&amp;ssl=1\" data-orig-size=\"2560,1303\" data-comments-opened=\"1\" data-image-meta=\"{&quot;aperture&quot;:&quot;2&quot;,&quot;credit&quot;:&quot;&quot;,&quot;camera&quot;:&quot;SM-A125F&quot;,&quot;caption&quot;:&quot;&quot;,&quot;created_timestamp&quot;:&quot;1678700557&quot;,&quot;copyright&quot;:&quot;&quot;,&quot;focal_length&quot;:&quot;4.6&quot;,&quot;iso&quot;:&quot;500&quot;,&quot;shutter_speed&quot;:&quot;0.04&quot;,&quot;title&quot;:&quot;&quot;,&quot;orientation&quot;:&quot;1&quot;}\" data-image-title=\"8E-Kab\u00e1tik-svadobn\u00fd-vy\u0161it\u00fd-kr\u00ed\u017eikmi-vzory-s\u00fa-zhodn\u00e9-so-vzormi-z-Jal\u0161ov\u00edka-p\u00f4vod-nezn\u00e1my\" data-image-description=\"\" data-image-caption=\"\" data-medium-file=\"https:\/\/i0.wp.com\/www.atelier-reklama.sk\/blog\/wp-content\/uploads\/2023\/03\/8E-Kab%C3%A1tik-svadobn%C3%BD-vy%C5%A1it%C3%BD-kr%C3%AD%C5%BEikmi-vzory-s%C3%BA-zhodn%C3%A9-so-vzormi-z-Jal%C5%A1ov%C3%ADka-p%C3%B4vod-nezn%C3%A1my-scaled.jpg?fit=300%2C153&amp;ssl=1\" data-large-file=\"https:\/\/i0.wp.com\/www.atelier-reklama.sk\/blog\/wp-content\/uploads\/2023\/03\/8E-Kab%C3%A1tik-svadobn%C3%BD-vy%C5%A1it%C3%BD-kr%C3%AD%C5%BEikmi-vzory-s%C3%BA-zhodn%C3%A9-so-vzormi-z-Jal%C5%A1ov%C3%ADka-p%C3%B4vod-nezn%C3%A1my-scaled.jpg?fit=800%2C407&amp;ssl=1\" src=\"https:\/\/i0.wp.com\/www.atelier-reklama.sk\/blog\/wp-content\/uploads\/2023\/03\/8E-Kab%C3%A1tik-svadobn%C3%BD-vy%C5%A1it%C3%BD-kr%C3%AD%C5%BEikmi-vzory-s%C3%BA-zhodn%C3%A9-so-vzormi-z-Jal%C5%A1ov%C3%ADka-p%C3%B4vod-nezn%C3%A1my.jpg?resize=800%2C407&#038;ssl=1\" alt=\"\" class=\"wp-image-12914\" srcset=\"https:\/\/i0.wp.com\/www.atelier-reklama.sk\/blog\/wp-content\/uploads\/2023\/03\/8E-Kab%C3%A1tik-svadobn%C3%BD-vy%C5%A1it%C3%BD-kr%C3%AD%C5%BEikmi-vzory-s%C3%BA-zhodn%C3%A9-so-vzormi-z-Jal%C5%A1ov%C3%ADka-p%C3%B4vod-nezn%C3%A1my-scaled.jpg?resize=1024%2C521&amp;ssl=1 1024w, https:\/\/i0.wp.com\/www.atelier-reklama.sk\/blog\/wp-content\/uploads\/2023\/03\/8E-Kab%C3%A1tik-svadobn%C3%BD-vy%C5%A1it%C3%BD-kr%C3%AD%C5%BEikmi-vzory-s%C3%BA-zhodn%C3%A9-so-vzormi-z-Jal%C5%A1ov%C3%ADka-p%C3%B4vod-nezn%C3%A1my-scaled.jpg?resize=300%2C153&amp;ssl=1 300w, https:\/\/i0.wp.com\/www.atelier-reklama.sk\/blog\/wp-content\/uploads\/2023\/03\/8E-Kab%C3%A1tik-svadobn%C3%BD-vy%C5%A1it%C3%BD-kr%C3%AD%C5%BEikmi-vzory-s%C3%BA-zhodn%C3%A9-so-vzormi-z-Jal%C5%A1ov%C3%ADka-p%C3%B4vod-nezn%C3%A1my-scaled.jpg?resize=768%2C391&amp;ssl=1 768w, https:\/\/i0.wp.com\/www.atelier-reklama.sk\/blog\/wp-content\/uploads\/2023\/03\/8E-Kab%C3%A1tik-svadobn%C3%BD-vy%C5%A1it%C3%BD-kr%C3%AD%C5%BEikmi-vzory-s%C3%BA-zhodn%C3%A9-so-vzormi-z-Jal%C5%A1ov%C3%ADka-p%C3%B4vod-nezn%C3%A1my-scaled.jpg?resize=1536%2C782&amp;ssl=1 1536w, https:\/\/i0.wp.com\/www.atelier-reklama.sk\/blog\/wp-content\/uploads\/2023\/03\/8E-Kab%C3%A1tik-svadobn%C3%BD-vy%C5%A1it%C3%BD-kr%C3%AD%C5%BEikmi-vzory-s%C3%BA-zhodn%C3%A9-so-vzormi-z-Jal%C5%A1ov%C3%ADka-p%C3%B4vod-nezn%C3%A1my-scaled.jpg?resize=2048%2C1042&amp;ssl=1 2048w, https:\/\/i0.wp.com\/www.atelier-reklama.sk\/blog\/wp-content\/uploads\/2023\/03\/8E-Kab%C3%A1tik-svadobn%C3%BD-vy%C5%A1it%C3%BD-kr%C3%AD%C5%BEikmi-vzory-s%C3%BA-zhodn%C3%A9-so-vzormi-z-Jal%C5%A1ov%C3%ADka-p%C3%B4vod-nezn%C3%A1my-scaled.jpg?w=1600&amp;ssl=1 1600w, https:\/\/i0.wp.com\/www.atelier-reklama.sk\/blog\/wp-content\/uploads\/2023\/03\/8E-Kab%C3%A1tik-svadobn%C3%BD-vy%C5%A1it%C3%BD-kr%C3%AD%C5%BEikmi-vzory-s%C3%BA-zhodn%C3%A9-so-vzormi-z-Jal%C5%A1ov%C3%ADka-p%C3%B4vod-nezn%C3%A1my-scaled.jpg?w=2400&amp;ssl=1 2400w\" sizes=\"auto, (max-width: 800px) 100vw, 800px\" \/><\/figure>\n\n\n\n<figure class=\"wp-block-image size-large\"><img data-recalc-dims=\"1\" loading=\"lazy\" decoding=\"async\" width=\"800\" height=\"368\" data-attachment-id=\"12915\" data-permalink=\"https:\/\/www.atelier-reklama.sk\/blog\/moj-krekacsky-kroj-a-jeho-prekreslene-vzory-spolu\/8f-kabatik-svadobny-vysity-krizikmi-vzory-su-zhodne-so-vzormi-z-jalsovika-povod-neznamy\/\" data-orig-file=\"https:\/\/i0.wp.com\/www.atelier-reklama.sk\/blog\/wp-content\/uploads\/2023\/03\/8F-Kab%C3%A1tik-svadobn%C3%BD-vy%C5%A1it%C3%BD-kr%C3%AD%C5%BEikmi-vzory-s%C3%BA-zhodn%C3%A9-so-vzormi-z-Jal%C5%A1ov%C3%ADka-p%C3%B4vod-nezn%C3%A1my-scaled.jpg?fit=2560%2C1177&amp;ssl=1\" data-orig-size=\"2560,1177\" data-comments-opened=\"1\" data-image-meta=\"{&quot;aperture&quot;:&quot;2&quot;,&quot;credit&quot;:&quot;&quot;,&quot;camera&quot;:&quot;SM-A125F&quot;,&quot;caption&quot;:&quot;&quot;,&quot;created_timestamp&quot;:&quot;1678700693&quot;,&quot;copyright&quot;:&quot;&quot;,&quot;focal_length&quot;:&quot;4.6&quot;,&quot;iso&quot;:&quot;400&quot;,&quot;shutter_speed&quot;:&quot;0.04&quot;,&quot;title&quot;:&quot;&quot;,&quot;orientation&quot;:&quot;1&quot;}\" data-image-title=\"8F-Kab\u00e1tik-svadobn\u00fd-vy\u0161it\u00fd-kr\u00ed\u017eikmi-vzory-s\u00fa-zhodn\u00e9-so-vzormi-z-Jal\u0161ov\u00edka-p\u00f4vod-nezn\u00e1my\" data-image-description=\"\" data-image-caption=\"\" data-medium-file=\"https:\/\/i0.wp.com\/www.atelier-reklama.sk\/blog\/wp-content\/uploads\/2023\/03\/8F-Kab%C3%A1tik-svadobn%C3%BD-vy%C5%A1it%C3%BD-kr%C3%AD%C5%BEikmi-vzory-s%C3%BA-zhodn%C3%A9-so-vzormi-z-Jal%C5%A1ov%C3%ADka-p%C3%B4vod-nezn%C3%A1my-scaled.jpg?fit=300%2C138&amp;ssl=1\" data-large-file=\"https:\/\/i0.wp.com\/www.atelier-reklama.sk\/blog\/wp-content\/uploads\/2023\/03\/8F-Kab%C3%A1tik-svadobn%C3%BD-vy%C5%A1it%C3%BD-kr%C3%AD%C5%BEikmi-vzory-s%C3%BA-zhodn%C3%A9-so-vzormi-z-Jal%C5%A1ov%C3%ADka-p%C3%B4vod-nezn%C3%A1my-scaled.jpg?fit=800%2C368&amp;ssl=1\" src=\"https:\/\/i0.wp.com\/www.atelier-reklama.sk\/blog\/wp-content\/uploads\/2023\/03\/8F-Kab%C3%A1tik-svadobn%C3%BD-vy%C5%A1it%C3%BD-kr%C3%AD%C5%BEikmi-vzory-s%C3%BA-zhodn%C3%A9-so-vzormi-z-Jal%C5%A1ov%C3%ADka-p%C3%B4vod-nezn%C3%A1my.jpg?resize=800%2C368&#038;ssl=1\" alt=\"\" class=\"wp-image-12915\" srcset=\"https:\/\/i0.wp.com\/www.atelier-reklama.sk\/blog\/wp-content\/uploads\/2023\/03\/8F-Kab%C3%A1tik-svadobn%C3%BD-vy%C5%A1it%C3%BD-kr%C3%AD%C5%BEikmi-vzory-s%C3%BA-zhodn%C3%A9-so-vzormi-z-Jal%C5%A1ov%C3%ADka-p%C3%B4vod-nezn%C3%A1my-scaled.jpg?resize=1024%2C471&amp;ssl=1 1024w, https:\/\/i0.wp.com\/www.atelier-reklama.sk\/blog\/wp-content\/uploads\/2023\/03\/8F-Kab%C3%A1tik-svadobn%C3%BD-vy%C5%A1it%C3%BD-kr%C3%AD%C5%BEikmi-vzory-s%C3%BA-zhodn%C3%A9-so-vzormi-z-Jal%C5%A1ov%C3%ADka-p%C3%B4vod-nezn%C3%A1my-scaled.jpg?resize=300%2C138&amp;ssl=1 300w, https:\/\/i0.wp.com\/www.atelier-reklama.sk\/blog\/wp-content\/uploads\/2023\/03\/8F-Kab%C3%A1tik-svadobn%C3%BD-vy%C5%A1it%C3%BD-kr%C3%AD%C5%BEikmi-vzory-s%C3%BA-zhodn%C3%A9-so-vzormi-z-Jal%C5%A1ov%C3%ADka-p%C3%B4vod-nezn%C3%A1my-scaled.jpg?resize=768%2C353&amp;ssl=1 768w, https:\/\/i0.wp.com\/www.atelier-reklama.sk\/blog\/wp-content\/uploads\/2023\/03\/8F-Kab%C3%A1tik-svadobn%C3%BD-vy%C5%A1it%C3%BD-kr%C3%AD%C5%BEikmi-vzory-s%C3%BA-zhodn%C3%A9-so-vzormi-z-Jal%C5%A1ov%C3%ADka-p%C3%B4vod-nezn%C3%A1my-scaled.jpg?resize=1536%2C706&amp;ssl=1 1536w, https:\/\/i0.wp.com\/www.atelier-reklama.sk\/blog\/wp-content\/uploads\/2023\/03\/8F-Kab%C3%A1tik-svadobn%C3%BD-vy%C5%A1it%C3%BD-kr%C3%AD%C5%BEikmi-vzory-s%C3%BA-zhodn%C3%A9-so-vzormi-z-Jal%C5%A1ov%C3%ADka-p%C3%B4vod-nezn%C3%A1my-scaled.jpg?resize=2048%2C942&amp;ssl=1 2048w, https:\/\/i0.wp.com\/www.atelier-reklama.sk\/blog\/wp-content\/uploads\/2023\/03\/8F-Kab%C3%A1tik-svadobn%C3%BD-vy%C5%A1it%C3%BD-kr%C3%AD%C5%BEikmi-vzory-s%C3%BA-zhodn%C3%A9-so-vzormi-z-Jal%C5%A1ov%C3%ADka-p%C3%B4vod-nezn%C3%A1my-scaled.jpg?w=1600&amp;ssl=1 1600w, https:\/\/i0.wp.com\/www.atelier-reklama.sk\/blog\/wp-content\/uploads\/2023\/03\/8F-Kab%C3%A1tik-svadobn%C3%BD-vy%C5%A1it%C3%BD-kr%C3%AD%C5%BEikmi-vzory-s%C3%BA-zhodn%C3%A9-so-vzormi-z-Jal%C5%A1ov%C3%ADka-p%C3%B4vod-nezn%C3%A1my-scaled.jpg?w=2400&amp;ssl=1 2400w\" sizes=\"auto, (max-width: 800px) 100vw, 800px\" \/><\/figure>\n\n\n\n<figure class=\"wp-block-image size-large\"><img data-recalc-dims=\"1\" loading=\"lazy\" decoding=\"async\" width=\"800\" height=\"640\" data-attachment-id=\"12917\" data-permalink=\"https:\/\/www.atelier-reklama.sk\/blog\/moj-krekacsky-kroj-a-jeho-prekreslene-vzory-spolu\/8h-kabatik-svadobny-vysity-krizikmi-vzory-su-zhodne-so-vzormi-z-jalsovika-povod-neznamy\/\" data-orig-file=\"https:\/\/i0.wp.com\/www.atelier-reklama.sk\/blog\/wp-content\/uploads\/2023\/03\/8H-Kab%C3%A1tik-svadobn%C3%BD-vy%C5%A1it%C3%BD-kr%C3%AD%C5%BEikmi-vzory-s%C3%BA-zhodn%C3%A9-so-vzormi-z-Jal%C5%A1ov%C3%ADka-p%C3%B4vod-nezn%C3%A1my-scaled.jpg?fit=2560%2C2046&amp;ssl=1\" data-orig-size=\"2560,2046\" data-comments-opened=\"1\" data-image-meta=\"{&quot;aperture&quot;:&quot;2&quot;,&quot;credit&quot;:&quot;&quot;,&quot;camera&quot;:&quot;SM-A125F&quot;,&quot;caption&quot;:&quot;&quot;,&quot;created_timestamp&quot;:&quot;1678700576&quot;,&quot;copyright&quot;:&quot;&quot;,&quot;focal_length&quot;:&quot;4.6&quot;,&quot;iso&quot;:&quot;250&quot;,&quot;shutter_speed&quot;:&quot;0.04&quot;,&quot;title&quot;:&quot;&quot;,&quot;orientation&quot;:&quot;1&quot;}\" data-image-title=\"8H-Kab\u00e1tik-svadobn\u00fd-vy\u0161it\u00fd-kr\u00ed\u017eikmi-vzory-s\u00fa-zhodn\u00e9-so-vzormi-z-Jal\u0161ov\u00edka-p\u00f4vod-nezn\u00e1my\" data-image-description=\"\" data-image-caption=\"\" data-medium-file=\"https:\/\/i0.wp.com\/www.atelier-reklama.sk\/blog\/wp-content\/uploads\/2023\/03\/8H-Kab%C3%A1tik-svadobn%C3%BD-vy%C5%A1it%C3%BD-kr%C3%AD%C5%BEikmi-vzory-s%C3%BA-zhodn%C3%A9-so-vzormi-z-Jal%C5%A1ov%C3%ADka-p%C3%B4vod-nezn%C3%A1my-scaled.jpg?fit=300%2C240&amp;ssl=1\" data-large-file=\"https:\/\/i0.wp.com\/www.atelier-reklama.sk\/blog\/wp-content\/uploads\/2023\/03\/8H-Kab%C3%A1tik-svadobn%C3%BD-vy%C5%A1it%C3%BD-kr%C3%AD%C5%BEikmi-vzory-s%C3%BA-zhodn%C3%A9-so-vzormi-z-Jal%C5%A1ov%C3%ADka-p%C3%B4vod-nezn%C3%A1my-scaled.jpg?fit=800%2C640&amp;ssl=1\" src=\"https:\/\/i0.wp.com\/www.atelier-reklama.sk\/blog\/wp-content\/uploads\/2023\/03\/8H-Kab%C3%A1tik-svadobn%C3%BD-vy%C5%A1it%C3%BD-kr%C3%AD%C5%BEikmi-vzory-s%C3%BA-zhodn%C3%A9-so-vzormi-z-Jal%C5%A1ov%C3%ADka-p%C3%B4vod-nezn%C3%A1my.jpg?resize=800%2C640&#038;ssl=1\" alt=\"\" class=\"wp-image-12917\" srcset=\"https:\/\/i0.wp.com\/www.atelier-reklama.sk\/blog\/wp-content\/uploads\/2023\/03\/8H-Kab%C3%A1tik-svadobn%C3%BD-vy%C5%A1it%C3%BD-kr%C3%AD%C5%BEikmi-vzory-s%C3%BA-zhodn%C3%A9-so-vzormi-z-Jal%C5%A1ov%C3%ADka-p%C3%B4vod-nezn%C3%A1my-scaled.jpg?resize=1024%2C819&amp;ssl=1 1024w, https:\/\/i0.wp.com\/www.atelier-reklama.sk\/blog\/wp-content\/uploads\/2023\/03\/8H-Kab%C3%A1tik-svadobn%C3%BD-vy%C5%A1it%C3%BD-kr%C3%AD%C5%BEikmi-vzory-s%C3%BA-zhodn%C3%A9-so-vzormi-z-Jal%C5%A1ov%C3%ADka-p%C3%B4vod-nezn%C3%A1my-scaled.jpg?resize=300%2C240&amp;ssl=1 300w, https:\/\/i0.wp.com\/www.atelier-reklama.sk\/blog\/wp-content\/uploads\/2023\/03\/8H-Kab%C3%A1tik-svadobn%C3%BD-vy%C5%A1it%C3%BD-kr%C3%AD%C5%BEikmi-vzory-s%C3%BA-zhodn%C3%A9-so-vzormi-z-Jal%C5%A1ov%C3%ADka-p%C3%B4vod-nezn%C3%A1my-scaled.jpg?resize=768%2C614&amp;ssl=1 768w, https:\/\/i0.wp.com\/www.atelier-reklama.sk\/blog\/wp-content\/uploads\/2023\/03\/8H-Kab%C3%A1tik-svadobn%C3%BD-vy%C5%A1it%C3%BD-kr%C3%AD%C5%BEikmi-vzory-s%C3%BA-zhodn%C3%A9-so-vzormi-z-Jal%C5%A1ov%C3%ADka-p%C3%B4vod-nezn%C3%A1my-scaled.jpg?resize=1536%2C1228&amp;ssl=1 1536w, https:\/\/i0.wp.com\/www.atelier-reklama.sk\/blog\/wp-content\/uploads\/2023\/03\/8H-Kab%C3%A1tik-svadobn%C3%BD-vy%C5%A1it%C3%BD-kr%C3%AD%C5%BEikmi-vzory-s%C3%BA-zhodn%C3%A9-so-vzormi-z-Jal%C5%A1ov%C3%ADka-p%C3%B4vod-nezn%C3%A1my-scaled.jpg?resize=2048%2C1637&amp;ssl=1 2048w, https:\/\/i0.wp.com\/www.atelier-reklama.sk\/blog\/wp-content\/uploads\/2023\/03\/8H-Kab%C3%A1tik-svadobn%C3%BD-vy%C5%A1it%C3%BD-kr%C3%AD%C5%BEikmi-vzory-s%C3%BA-zhodn%C3%A9-so-vzormi-z-Jal%C5%A1ov%C3%ADka-p%C3%B4vod-nezn%C3%A1my-scaled.jpg?w=1600&amp;ssl=1 1600w, https:\/\/i0.wp.com\/www.atelier-reklama.sk\/blog\/wp-content\/uploads\/2023\/03\/8H-Kab%C3%A1tik-svadobn%C3%BD-vy%C5%A1it%C3%BD-kr%C3%AD%C5%BEikmi-vzory-s%C3%BA-zhodn%C3%A9-so-vzormi-z-Jal%C5%A1ov%C3%ADka-p%C3%B4vod-nezn%C3%A1my-scaled.jpg?w=2400&amp;ssl=1 2400w\" sizes=\"auto, (max-width: 800px) 100vw, 800px\" \/><\/figure>\n\n\n\n<figure class=\"wp-block-image size-large\"><img data-recalc-dims=\"1\" loading=\"lazy\" decoding=\"async\" width=\"800\" height=\"627\" data-attachment-id=\"12918\" data-permalink=\"https:\/\/www.atelier-reklama.sk\/blog\/moj-krekacsky-kroj-a-jeho-prekreslene-vzory-spolu\/8ch-kabatik-svadobny-vysity-krizikmi-vzory-su-zhodne-so-vzormi-z-jalsovika-povod-neznamy\/\" data-orig-file=\"https:\/\/i0.wp.com\/www.atelier-reklama.sk\/blog\/wp-content\/uploads\/2023\/03\/8CH-Kab%C3%A1tik-svadobn%C3%BD-vy%C5%A1it%C3%BD-kr%C3%AD%C5%BEikmi-vzory-s%C3%BA-zhodn%C3%A9-so-vzormi-z-Jal%C5%A1ov%C3%ADka-p%C3%B4vod-nezn%C3%A1my-scaled.jpg?fit=2560%2C2006&amp;ssl=1\" data-orig-size=\"2560,2006\" data-comments-opened=\"1\" data-image-meta=\"{&quot;aperture&quot;:&quot;2&quot;,&quot;credit&quot;:&quot;&quot;,&quot;camera&quot;:&quot;SM-A125F&quot;,&quot;caption&quot;:&quot;&quot;,&quot;created_timestamp&quot;:&quot;1678700589&quot;,&quot;copyright&quot;:&quot;&quot;,&quot;focal_length&quot;:&quot;4.6&quot;,&quot;iso&quot;:&quot;320&quot;,&quot;shutter_speed&quot;:&quot;0.0399&quot;,&quot;title&quot;:&quot;&quot;,&quot;orientation&quot;:&quot;1&quot;}\" data-image-title=\"8CH-Kab\u00e1tik-svadobn\u00fd-vy\u0161it\u00fd-kr\u00ed\u017eikmi-vzory-s\u00fa-zhodn\u00e9-so-vzormi-z-Jal\u0161ov\u00edka-p\u00f4vod-nezn\u00e1my\" data-image-description=\"\" data-image-caption=\"\" data-medium-file=\"https:\/\/i0.wp.com\/www.atelier-reklama.sk\/blog\/wp-content\/uploads\/2023\/03\/8CH-Kab%C3%A1tik-svadobn%C3%BD-vy%C5%A1it%C3%BD-kr%C3%AD%C5%BEikmi-vzory-s%C3%BA-zhodn%C3%A9-so-vzormi-z-Jal%C5%A1ov%C3%ADka-p%C3%B4vod-nezn%C3%A1my-scaled.jpg?fit=300%2C235&amp;ssl=1\" data-large-file=\"https:\/\/i0.wp.com\/www.atelier-reklama.sk\/blog\/wp-content\/uploads\/2023\/03\/8CH-Kab%C3%A1tik-svadobn%C3%BD-vy%C5%A1it%C3%BD-kr%C3%AD%C5%BEikmi-vzory-s%C3%BA-zhodn%C3%A9-so-vzormi-z-Jal%C5%A1ov%C3%ADka-p%C3%B4vod-nezn%C3%A1my-scaled.jpg?fit=800%2C627&amp;ssl=1\" src=\"https:\/\/i0.wp.com\/www.atelier-reklama.sk\/blog\/wp-content\/uploads\/2023\/03\/8CH-Kab%C3%A1tik-svadobn%C3%BD-vy%C5%A1it%C3%BD-kr%C3%AD%C5%BEikmi-vzory-s%C3%BA-zhodn%C3%A9-so-vzormi-z-Jal%C5%A1ov%C3%ADka-p%C3%B4vod-nezn%C3%A1my.jpg?resize=800%2C627&#038;ssl=1\" alt=\"\" class=\"wp-image-12918\" srcset=\"https:\/\/i0.wp.com\/www.atelier-reklama.sk\/blog\/wp-content\/uploads\/2023\/03\/8CH-Kab%C3%A1tik-svadobn%C3%BD-vy%C5%A1it%C3%BD-kr%C3%AD%C5%BEikmi-vzory-s%C3%BA-zhodn%C3%A9-so-vzormi-z-Jal%C5%A1ov%C3%ADka-p%C3%B4vod-nezn%C3%A1my-scaled.jpg?resize=1024%2C802&amp;ssl=1 1024w, https:\/\/i0.wp.com\/www.atelier-reklama.sk\/blog\/wp-content\/uploads\/2023\/03\/8CH-Kab%C3%A1tik-svadobn%C3%BD-vy%C5%A1it%C3%BD-kr%C3%AD%C5%BEikmi-vzory-s%C3%BA-zhodn%C3%A9-so-vzormi-z-Jal%C5%A1ov%C3%ADka-p%C3%B4vod-nezn%C3%A1my-scaled.jpg?resize=300%2C235&amp;ssl=1 300w, https:\/\/i0.wp.com\/www.atelier-reklama.sk\/blog\/wp-content\/uploads\/2023\/03\/8CH-Kab%C3%A1tik-svadobn%C3%BD-vy%C5%A1it%C3%BD-kr%C3%AD%C5%BEikmi-vzory-s%C3%BA-zhodn%C3%A9-so-vzormi-z-Jal%C5%A1ov%C3%ADka-p%C3%B4vod-nezn%C3%A1my-scaled.jpg?resize=768%2C602&amp;ssl=1 768w, https:\/\/i0.wp.com\/www.atelier-reklama.sk\/blog\/wp-content\/uploads\/2023\/03\/8CH-Kab%C3%A1tik-svadobn%C3%BD-vy%C5%A1it%C3%BD-kr%C3%AD%C5%BEikmi-vzory-s%C3%BA-zhodn%C3%A9-so-vzormi-z-Jal%C5%A1ov%C3%ADka-p%C3%B4vod-nezn%C3%A1my-scaled.jpg?resize=1536%2C1203&amp;ssl=1 1536w, https:\/\/i0.wp.com\/www.atelier-reklama.sk\/blog\/wp-content\/uploads\/2023\/03\/8CH-Kab%C3%A1tik-svadobn%C3%BD-vy%C5%A1it%C3%BD-kr%C3%AD%C5%BEikmi-vzory-s%C3%BA-zhodn%C3%A9-so-vzormi-z-Jal%C5%A1ov%C3%ADka-p%C3%B4vod-nezn%C3%A1my-scaled.jpg?resize=2048%2C1605&amp;ssl=1 2048w, https:\/\/i0.wp.com\/www.atelier-reklama.sk\/blog\/wp-content\/uploads\/2023\/03\/8CH-Kab%C3%A1tik-svadobn%C3%BD-vy%C5%A1it%C3%BD-kr%C3%AD%C5%BEikmi-vzory-s%C3%BA-zhodn%C3%A9-so-vzormi-z-Jal%C5%A1ov%C3%ADka-p%C3%B4vod-nezn%C3%A1my-scaled.jpg?w=1600&amp;ssl=1 1600w, https:\/\/i0.wp.com\/www.atelier-reklama.sk\/blog\/wp-content\/uploads\/2023\/03\/8CH-Kab%C3%A1tik-svadobn%C3%BD-vy%C5%A1it%C3%BD-kr%C3%AD%C5%BEikmi-vzory-s%C3%BA-zhodn%C3%A9-so-vzormi-z-Jal%C5%A1ov%C3%ADka-p%C3%B4vod-nezn%C3%A1my-scaled.jpg?w=2400&amp;ssl=1 2400w\" sizes=\"auto, (max-width: 800px) 100vw, 800px\" \/><\/figure>\n\n\n\n<figure class=\"wp-block-image aligncenter size-large\"><img data-recalc-dims=\"1\" loading=\"lazy\" decoding=\"async\" width=\"725\" height=\"1024\" data-attachment-id=\"14066\" data-permalink=\"https:\/\/www.atelier-reklama.sk\/blog\/moj-krekacsky-kroj-a-jeho-prekreslene-vzory-spolu\/kabatik-vizitka-dievcenska-senohrad-uetsav\/\" data-orig-file=\"https:\/\/i0.wp.com\/www.atelier-reklama.sk\/blog\/wp-content\/uploads\/2024\/02\/Kab%C3%A1tik-vizitka-diev%C4%8Densk%C3%A1-Senohrad-%C3%9AEtSAV-scaled.jpg?fit=1812%2C2560&amp;ssl=1\" data-orig-size=\"1812,2560\" data-comments-opened=\"1\" data-image-meta=\"{&quot;aperture&quot;:&quot;0&quot;,&quot;credit&quot;:&quot;&quot;,&quot;camera&quot;:&quot;&quot;,&quot;caption&quot;:&quot;&quot;,&quot;created_timestamp&quot;:&quot;0&quot;,&quot;copyright&quot;:&quot;&quot;,&quot;focal_length&quot;:&quot;0&quot;,&quot;iso&quot;:&quot;0&quot;,&quot;shutter_speed&quot;:&quot;0&quot;,&quot;title&quot;:&quot;&quot;,&quot;orientation&quot;:&quot;1&quot;}\" data-image-title=\"Kab\u00e1tik-vizitka-diev\u010densk\u00e1-Senohrad-\u00daEtSAV\" data-image-description=\"\" data-image-caption=\"\" data-medium-file=\"https:\/\/i0.wp.com\/www.atelier-reklama.sk\/blog\/wp-content\/uploads\/2024\/02\/Kab%C3%A1tik-vizitka-diev%C4%8Densk%C3%A1-Senohrad-%C3%9AEtSAV-scaled.jpg?fit=212%2C300&amp;ssl=1\" data-large-file=\"https:\/\/i0.wp.com\/www.atelier-reklama.sk\/blog\/wp-content\/uploads\/2024\/02\/Kab%C3%A1tik-vizitka-diev%C4%8Densk%C3%A1-Senohrad-%C3%9AEtSAV-scaled.jpg?fit=725%2C1024&amp;ssl=1\" src=\"https:\/\/i0.wp.com\/www.atelier-reklama.sk\/blog\/wp-content\/uploads\/2024\/02\/Kab%C3%A1tik-vizitka-diev%C4%8Densk%C3%A1-Senohrad-%C3%9AEtSAV.jpg?resize=725%2C1024&#038;ssl=1\" alt=\"\" class=\"wp-image-14066\" srcset=\"https:\/\/i0.wp.com\/www.atelier-reklama.sk\/blog\/wp-content\/uploads\/2024\/02\/Kab%C3%A1tik-vizitka-diev%C4%8Densk%C3%A1-Senohrad-%C3%9AEtSAV-scaled.jpg?resize=725%2C1024&amp;ssl=1 725w, https:\/\/i0.wp.com\/www.atelier-reklama.sk\/blog\/wp-content\/uploads\/2024\/02\/Kab%C3%A1tik-vizitka-diev%C4%8Densk%C3%A1-Senohrad-%C3%9AEtSAV-scaled.jpg?resize=212%2C300&amp;ssl=1 212w, https:\/\/i0.wp.com\/www.atelier-reklama.sk\/blog\/wp-content\/uploads\/2024\/02\/Kab%C3%A1tik-vizitka-diev%C4%8Densk%C3%A1-Senohrad-%C3%9AEtSAV-scaled.jpg?resize=768%2C1085&amp;ssl=1 768w, https:\/\/i0.wp.com\/www.atelier-reklama.sk\/blog\/wp-content\/uploads\/2024\/02\/Kab%C3%A1tik-vizitka-diev%C4%8Densk%C3%A1-Senohrad-%C3%9AEtSAV-scaled.jpg?resize=1087%2C1536&amp;ssl=1 1087w, https:\/\/i0.wp.com\/www.atelier-reklama.sk\/blog\/wp-content\/uploads\/2024\/02\/Kab%C3%A1tik-vizitka-diev%C4%8Densk%C3%A1-Senohrad-%C3%9AEtSAV-scaled.jpg?resize=1449%2C2048&amp;ssl=1 1449w, https:\/\/i0.wp.com\/www.atelier-reklama.sk\/blog\/wp-content\/uploads\/2024\/02\/Kab%C3%A1tik-vizitka-diev%C4%8Densk%C3%A1-Senohrad-%C3%9AEtSAV-scaled.jpg?w=1812&amp;ssl=1 1812w, https:\/\/i0.wp.com\/www.atelier-reklama.sk\/blog\/wp-content\/uploads\/2024\/02\/Kab%C3%A1tik-vizitka-diev%C4%8Densk%C3%A1-Senohrad-%C3%9AEtSAV-scaled.jpg?w=1600&amp;ssl=1 1600w\" sizes=\"auto, (max-width: 725px) 100vw, 725px\" \/><\/figure>\n\n\n\n<figure class=\"wp-block-image aligncenter size-large\"><img data-recalc-dims=\"1\" loading=\"lazy\" decoding=\"async\" width=\"725\" height=\"1024\" data-attachment-id=\"14067\" data-permalink=\"https:\/\/www.atelier-reklama.sk\/blog\/moj-krekacsky-kroj-a-jeho-prekreslene-vzory-spolu\/kabatik-vizitka-senohrad-uetsav\/\" data-orig-file=\"https:\/\/i0.wp.com\/www.atelier-reklama.sk\/blog\/wp-content\/uploads\/2024\/02\/Kab%C3%A1tik-vizitka-Senohrad-%C3%9AEtSAV-scaled.jpg?fit=1812%2C2560&amp;ssl=1\" data-orig-size=\"1812,2560\" data-comments-opened=\"1\" data-image-meta=\"{&quot;aperture&quot;:&quot;0&quot;,&quot;credit&quot;:&quot;&quot;,&quot;camera&quot;:&quot;&quot;,&quot;caption&quot;:&quot;&quot;,&quot;created_timestamp&quot;:&quot;0&quot;,&quot;copyright&quot;:&quot;&quot;,&quot;focal_length&quot;:&quot;0&quot;,&quot;iso&quot;:&quot;0&quot;,&quot;shutter_speed&quot;:&quot;0&quot;,&quot;title&quot;:&quot;&quot;,&quot;orientation&quot;:&quot;0&quot;}\" data-image-title=\"Kab\u00e1tik-vizitka-Senohrad-\u00daEtSAV\" data-image-description=\"\" data-image-caption=\"\" data-medium-file=\"https:\/\/i0.wp.com\/www.atelier-reklama.sk\/blog\/wp-content\/uploads\/2024\/02\/Kab%C3%A1tik-vizitka-Senohrad-%C3%9AEtSAV-scaled.jpg?fit=212%2C300&amp;ssl=1\" data-large-file=\"https:\/\/i0.wp.com\/www.atelier-reklama.sk\/blog\/wp-content\/uploads\/2024\/02\/Kab%C3%A1tik-vizitka-Senohrad-%C3%9AEtSAV-scaled.jpg?fit=725%2C1024&amp;ssl=1\" src=\"https:\/\/i0.wp.com\/www.atelier-reklama.sk\/blog\/wp-content\/uploads\/2024\/02\/Kab%C3%A1tik-vizitka-Senohrad-%C3%9AEtSAV.jpg?resize=725%2C1024&#038;ssl=1\" alt=\"\" class=\"wp-image-14067\" srcset=\"https:\/\/i0.wp.com\/www.atelier-reklama.sk\/blog\/wp-content\/uploads\/2024\/02\/Kab%C3%A1tik-vizitka-Senohrad-%C3%9AEtSAV-scaled.jpg?resize=725%2C1024&amp;ssl=1 725w, https:\/\/i0.wp.com\/www.atelier-reklama.sk\/blog\/wp-content\/uploads\/2024\/02\/Kab%C3%A1tik-vizitka-Senohrad-%C3%9AEtSAV-scaled.jpg?resize=212%2C300&amp;ssl=1 212w, https:\/\/i0.wp.com\/www.atelier-reklama.sk\/blog\/wp-content\/uploads\/2024\/02\/Kab%C3%A1tik-vizitka-Senohrad-%C3%9AEtSAV-scaled.jpg?resize=768%2C1085&amp;ssl=1 768w, https:\/\/i0.wp.com\/www.atelier-reklama.sk\/blog\/wp-content\/uploads\/2024\/02\/Kab%C3%A1tik-vizitka-Senohrad-%C3%9AEtSAV-scaled.jpg?resize=1087%2C1536&amp;ssl=1 1087w, https:\/\/i0.wp.com\/www.atelier-reklama.sk\/blog\/wp-content\/uploads\/2024\/02\/Kab%C3%A1tik-vizitka-Senohrad-%C3%9AEtSAV-scaled.jpg?resize=1449%2C2048&amp;ssl=1 1449w, https:\/\/i0.wp.com\/www.atelier-reklama.sk\/blog\/wp-content\/uploads\/2024\/02\/Kab%C3%A1tik-vizitka-Senohrad-%C3%9AEtSAV-scaled.jpg?w=1812&amp;ssl=1 1812w, https:\/\/i0.wp.com\/www.atelier-reklama.sk\/blog\/wp-content\/uploads\/2024\/02\/Kab%C3%A1tik-vizitka-Senohrad-%C3%9AEtSAV-scaled.jpg?w=1600&amp;ssl=1 1600w\" sizes=\"auto, (max-width: 725px) 100vw, 725px\" \/><\/figure>\n\n\n\n<h2 class=\"wp-block-heading\">V. ST\u00c1NKY A RUB\u00c1\u0160<\/h2>\n\n\n\n<p>RUB\u00c1\u0160<\/p>\n\n\n\n<p>Rub\u00e1\u0161 siaha pod kolen\u00e1,&nbsp; &nbsp;obliekal sa ako prv\u00fd, horn\u00e1 \u010das\u0165 bola obtiahnut\u00e1, s\u0165ahovala prsia\/hrudn\u00edk. Vzadu nad p\u00e1som je v\u00fd\u0161ivka , pod \u0148ou bohato riasen\u00e1 suk\u0148ovit\u00e1 \u010das\u0165, predn\u00fd diel je rovn\u00fd, zo\u0161it\u00fd v&nbsp;p\u00e1se &nbsp;z&nbsp;dvoch kusov.<\/p>\n\n\n\n<p>ST\u00c1NKA<\/p>\n\n\n\n<p>je krat\u0161ia, siaha do v\u00fd\u0161ky bokov, vpredu m\u00e1 rovn\u00fd strih, vzadu nad p\u00e1som je vy\u0161\u00edvan\u00e1 kr\u00ed\u017eikmi, pod p\u00e1som &nbsp;je viac nariasen\u00e1 ako rub\u00e1\u0161, m\u00e1 za \u00falohu stiahnu\u0165 prsia a&nbsp;roz\u0161\u00edri\u0165 boky, obliekala &nbsp;sa na sl\u00e1vnostn\u00e9 pr\u00edle\u017eitosti na rub\u00e1\u0161.<\/p>\n\n\n\n<ol class=\"wp-block-list\">\n<li>Rub\u00e1\u0161, Litava, prv\u00e1 pol. 20. stor., p\u00f4vodn\u00fd vlastn\u00edk nezn\u00e1my<\/li>\n<\/ol>\n\n\n\n<figure class=\"wp-block-image size-large\"><img data-recalc-dims=\"1\" loading=\"lazy\" decoding=\"async\" width=\"800\" height=\"754\" data-attachment-id=\"12922\" data-permalink=\"https:\/\/www.atelier-reklama.sk\/blog\/moj-krekacsky-kroj-a-jeho-prekreslene-vzory-spolu\/1a-rubas-litava-zozadu-prva-pol-20-stor-povodny-vlastnik-neznamy\/\" data-orig-file=\"https:\/\/i0.wp.com\/www.atelier-reklama.sk\/blog\/wp-content\/uploads\/2023\/03\/1A-Rub%C3%A1%C5%A1-Litava-zozadu-prv%C3%A1-pol.-20.-stor.-p%C3%B4vodn%C3%BD-vlastn%C3%ADk-nezn%C3%A1my-scaled.jpg?fit=2560%2C2412&amp;ssl=1\" data-orig-size=\"2560,2412\" data-comments-opened=\"1\" data-image-meta=\"{&quot;aperture&quot;:&quot;2&quot;,&quot;credit&quot;:&quot;&quot;,&quot;camera&quot;:&quot;SM-A125F&quot;,&quot;caption&quot;:&quot;&quot;,&quot;created_timestamp&quot;:&quot;1677574557&quot;,&quot;copyright&quot;:&quot;&quot;,&quot;focal_length&quot;:&quot;4.6&quot;,&quot;iso&quot;:&quot;200&quot;,&quot;shutter_speed&quot;:&quot;0.03&quot;,&quot;title&quot;:&quot;&quot;,&quot;orientation&quot;:&quot;1&quot;}\" data-image-title=\"1A-Rub\u00e1\u0161-Litava-zozadu-prv\u00e1-pol.-20.-stor.-p\u00f4vodn\u00fd-vlastn\u00edk-nezn\u00e1my\" data-image-description=\"\" data-image-caption=\"\" data-medium-file=\"https:\/\/i0.wp.com\/www.atelier-reklama.sk\/blog\/wp-content\/uploads\/2023\/03\/1A-Rub%C3%A1%C5%A1-Litava-zozadu-prv%C3%A1-pol.-20.-stor.-p%C3%B4vodn%C3%BD-vlastn%C3%ADk-nezn%C3%A1my-scaled.jpg?fit=300%2C283&amp;ssl=1\" data-large-file=\"https:\/\/i0.wp.com\/www.atelier-reklama.sk\/blog\/wp-content\/uploads\/2023\/03\/1A-Rub%C3%A1%C5%A1-Litava-zozadu-prv%C3%A1-pol.-20.-stor.-p%C3%B4vodn%C3%BD-vlastn%C3%ADk-nezn%C3%A1my-scaled.jpg?fit=800%2C754&amp;ssl=1\" src=\"https:\/\/i0.wp.com\/www.atelier-reklama.sk\/blog\/wp-content\/uploads\/2023\/03\/1A-Rub%C3%A1%C5%A1-Litava-zozadu-prv%C3%A1-pol.-20.-stor.-p%C3%B4vodn%C3%BD-vlastn%C3%ADk-nezn%C3%A1my.jpg?resize=800%2C754&#038;ssl=1\" alt=\"\" class=\"wp-image-12922\" srcset=\"https:\/\/i0.wp.com\/www.atelier-reklama.sk\/blog\/wp-content\/uploads\/2023\/03\/1A-Rub%C3%A1%C5%A1-Litava-zozadu-prv%C3%A1-pol.-20.-stor.-p%C3%B4vodn%C3%BD-vlastn%C3%ADk-nezn%C3%A1my-scaled.jpg?resize=1024%2C965&amp;ssl=1 1024w, https:\/\/i0.wp.com\/www.atelier-reklama.sk\/blog\/wp-content\/uploads\/2023\/03\/1A-Rub%C3%A1%C5%A1-Litava-zozadu-prv%C3%A1-pol.-20.-stor.-p%C3%B4vodn%C3%BD-vlastn%C3%ADk-nezn%C3%A1my-scaled.jpg?resize=300%2C283&amp;ssl=1 300w, https:\/\/i0.wp.com\/www.atelier-reklama.sk\/blog\/wp-content\/uploads\/2023\/03\/1A-Rub%C3%A1%C5%A1-Litava-zozadu-prv%C3%A1-pol.-20.-stor.-p%C3%B4vodn%C3%BD-vlastn%C3%ADk-nezn%C3%A1my-scaled.jpg?resize=768%2C724&amp;ssl=1 768w, https:\/\/i0.wp.com\/www.atelier-reklama.sk\/blog\/wp-content\/uploads\/2023\/03\/1A-Rub%C3%A1%C5%A1-Litava-zozadu-prv%C3%A1-pol.-20.-stor.-p%C3%B4vodn%C3%BD-vlastn%C3%ADk-nezn%C3%A1my-scaled.jpg?resize=1536%2C1447&amp;ssl=1 1536w, https:\/\/i0.wp.com\/www.atelier-reklama.sk\/blog\/wp-content\/uploads\/2023\/03\/1A-Rub%C3%A1%C5%A1-Litava-zozadu-prv%C3%A1-pol.-20.-stor.-p%C3%B4vodn%C3%BD-vlastn%C3%ADk-nezn%C3%A1my-scaled.jpg?resize=2048%2C1930&amp;ssl=1 2048w, https:\/\/i0.wp.com\/www.atelier-reklama.sk\/blog\/wp-content\/uploads\/2023\/03\/1A-Rub%C3%A1%C5%A1-Litava-zozadu-prv%C3%A1-pol.-20.-stor.-p%C3%B4vodn%C3%BD-vlastn%C3%ADk-nezn%C3%A1my-scaled.jpg?w=1600&amp;ssl=1 1600w, https:\/\/i0.wp.com\/www.atelier-reklama.sk\/blog\/wp-content\/uploads\/2023\/03\/1A-Rub%C3%A1%C5%A1-Litava-zozadu-prv%C3%A1-pol.-20.-stor.-p%C3%B4vodn%C3%BD-vlastn%C3%ADk-nezn%C3%A1my-scaled.jpg?w=2400&amp;ssl=1 2400w\" sizes=\"auto, (max-width: 800px) 100vw, 800px\" \/><\/figure>\n\n\n\n<figure class=\"wp-block-image size-large\"><img data-recalc-dims=\"1\" loading=\"lazy\" decoding=\"async\" width=\"800\" height=\"600\" data-attachment-id=\"12923\" data-permalink=\"https:\/\/www.atelier-reklama.sk\/blog\/moj-krekacsky-kroj-a-jeho-prekreslene-vzory-spolu\/1b-rubas-litava-prva-pol-20-stor-povodny-vlastnik-neznamy\/\" data-orig-file=\"https:\/\/i0.wp.com\/www.atelier-reklama.sk\/blog\/wp-content\/uploads\/2023\/03\/1B-Rub%C3%A1%C5%A1-Litava-prv%C3%A1-pol.-20.-stor.-p%C3%B4vodn%C3%BD-vlastn%C3%ADk-nezn%C3%A1my-scaled.jpg?fit=2560%2C1920&amp;ssl=1\" data-orig-size=\"2560,1920\" data-comments-opened=\"1\" data-image-meta=\"{&quot;aperture&quot;:&quot;2&quot;,&quot;credit&quot;:&quot;&quot;,&quot;camera&quot;:&quot;SM-A125F&quot;,&quot;caption&quot;:&quot;&quot;,&quot;created_timestamp&quot;:&quot;1677574566&quot;,&quot;copyright&quot;:&quot;&quot;,&quot;focal_length&quot;:&quot;4.6&quot;,&quot;iso&quot;:&quot;160&quot;,&quot;shutter_speed&quot;:&quot;0.030002&quot;,&quot;title&quot;:&quot;&quot;,&quot;orientation&quot;:&quot;1&quot;}\" data-image-title=\"1B-Rub\u00e1\u0161-Litava-prv\u00e1-pol.-20.-stor.-p\u00f4vodn\u00fd-vlastn\u00edk-nezn\u00e1my\" data-image-description=\"\" data-image-caption=\"\" data-medium-file=\"https:\/\/i0.wp.com\/www.atelier-reklama.sk\/blog\/wp-content\/uploads\/2023\/03\/1B-Rub%C3%A1%C5%A1-Litava-prv%C3%A1-pol.-20.-stor.-p%C3%B4vodn%C3%BD-vlastn%C3%ADk-nezn%C3%A1my-scaled.jpg?fit=300%2C225&amp;ssl=1\" data-large-file=\"https:\/\/i0.wp.com\/www.atelier-reklama.sk\/blog\/wp-content\/uploads\/2023\/03\/1B-Rub%C3%A1%C5%A1-Litava-prv%C3%A1-pol.-20.-stor.-p%C3%B4vodn%C3%BD-vlastn%C3%ADk-nezn%C3%A1my-scaled.jpg?fit=800%2C600&amp;ssl=1\" src=\"https:\/\/i0.wp.com\/www.atelier-reklama.sk\/blog\/wp-content\/uploads\/2023\/03\/1B-Rub%C3%A1%C5%A1-Litava-prv%C3%A1-pol.-20.-stor.-p%C3%B4vodn%C3%BD-vlastn%C3%ADk-nezn%C3%A1my.jpg?resize=800%2C600&#038;ssl=1\" alt=\"\" class=\"wp-image-12923\" srcset=\"https:\/\/i0.wp.com\/www.atelier-reklama.sk\/blog\/wp-content\/uploads\/2023\/03\/1B-Rub%C3%A1%C5%A1-Litava-prv%C3%A1-pol.-20.-stor.-p%C3%B4vodn%C3%BD-vlastn%C3%ADk-nezn%C3%A1my-scaled.jpg?resize=1024%2C768&amp;ssl=1 1024w, https:\/\/i0.wp.com\/www.atelier-reklama.sk\/blog\/wp-content\/uploads\/2023\/03\/1B-Rub%C3%A1%C5%A1-Litava-prv%C3%A1-pol.-20.-stor.-p%C3%B4vodn%C3%BD-vlastn%C3%ADk-nezn%C3%A1my-scaled.jpg?resize=300%2C225&amp;ssl=1 300w, https:\/\/i0.wp.com\/www.atelier-reklama.sk\/blog\/wp-content\/uploads\/2023\/03\/1B-Rub%C3%A1%C5%A1-Litava-prv%C3%A1-pol.-20.-stor.-p%C3%B4vodn%C3%BD-vlastn%C3%ADk-nezn%C3%A1my-scaled.jpg?resize=768%2C576&amp;ssl=1 768w, https:\/\/i0.wp.com\/www.atelier-reklama.sk\/blog\/wp-content\/uploads\/2023\/03\/1B-Rub%C3%A1%C5%A1-Litava-prv%C3%A1-pol.-20.-stor.-p%C3%B4vodn%C3%BD-vlastn%C3%ADk-nezn%C3%A1my-scaled.jpg?resize=1536%2C1152&amp;ssl=1 1536w, https:\/\/i0.wp.com\/www.atelier-reklama.sk\/blog\/wp-content\/uploads\/2023\/03\/1B-Rub%C3%A1%C5%A1-Litava-prv%C3%A1-pol.-20.-stor.-p%C3%B4vodn%C3%BD-vlastn%C3%ADk-nezn%C3%A1my-scaled.jpg?resize=2048%2C1536&amp;ssl=1 2048w, https:\/\/i0.wp.com\/www.atelier-reklama.sk\/blog\/wp-content\/uploads\/2023\/03\/1B-Rub%C3%A1%C5%A1-Litava-prv%C3%A1-pol.-20.-stor.-p%C3%B4vodn%C3%BD-vlastn%C3%ADk-nezn%C3%A1my-scaled.jpg?w=1600&amp;ssl=1 1600w, https:\/\/i0.wp.com\/www.atelier-reklama.sk\/blog\/wp-content\/uploads\/2023\/03\/1B-Rub%C3%A1%C5%A1-Litava-prv%C3%A1-pol.-20.-stor.-p%C3%B4vodn%C3%BD-vlastn%C3%ADk-nezn%C3%A1my-scaled.jpg?w=2400&amp;ssl=1 2400w\" sizes=\"auto, (max-width: 800px) 100vw, 800px\" \/><\/figure>\n\n\n\n<figure class=\"wp-block-image size-large\"><img data-recalc-dims=\"1\" loading=\"lazy\" decoding=\"async\" width=\"800\" height=\"436\" data-attachment-id=\"12924\" data-permalink=\"https:\/\/www.atelier-reklama.sk\/blog\/moj-krekacsky-kroj-a-jeho-prekreslene-vzory-spolu\/1c-rubas-litava-prva-pol-20-stor-povodny-vlastnik-neznamy\/\" data-orig-file=\"https:\/\/i0.wp.com\/www.atelier-reklama.sk\/blog\/wp-content\/uploads\/2023\/03\/1C-Rub%C3%A1%C5%A1-Litava-prv%C3%A1-pol.-20.-stor.-p%C3%B4vodn%C3%BD-vlastn%C3%ADk-nezn%C3%A1my-scaled.jpg?fit=2560%2C1396&amp;ssl=1\" data-orig-size=\"2560,1396\" data-comments-opened=\"1\" data-image-meta=\"{&quot;aperture&quot;:&quot;2&quot;,&quot;credit&quot;:&quot;&quot;,&quot;camera&quot;:&quot;SM-A125F&quot;,&quot;caption&quot;:&quot;&quot;,&quot;created_timestamp&quot;:&quot;1677507008&quot;,&quot;copyright&quot;:&quot;&quot;,&quot;focal_length&quot;:&quot;4.6&quot;,&quot;iso&quot;:&quot;200&quot;,&quot;shutter_speed&quot;:&quot;0.02&quot;,&quot;title&quot;:&quot;&quot;,&quot;orientation&quot;:&quot;1&quot;}\" data-image-title=\"1C-Rub\u00e1\u0161-Litava-prv\u00e1-pol.-20.-stor.-p\u00f4vodn\u00fd-vlastn\u00edk-nezn\u00e1my\" data-image-description=\"\" data-image-caption=\"\" data-medium-file=\"https:\/\/i0.wp.com\/www.atelier-reklama.sk\/blog\/wp-content\/uploads\/2023\/03\/1C-Rub%C3%A1%C5%A1-Litava-prv%C3%A1-pol.-20.-stor.-p%C3%B4vodn%C3%BD-vlastn%C3%ADk-nezn%C3%A1my-scaled.jpg?fit=300%2C164&amp;ssl=1\" data-large-file=\"https:\/\/i0.wp.com\/www.atelier-reklama.sk\/blog\/wp-content\/uploads\/2023\/03\/1C-Rub%C3%A1%C5%A1-Litava-prv%C3%A1-pol.-20.-stor.-p%C3%B4vodn%C3%BD-vlastn%C3%ADk-nezn%C3%A1my-scaled.jpg?fit=800%2C436&amp;ssl=1\" src=\"https:\/\/i0.wp.com\/www.atelier-reklama.sk\/blog\/wp-content\/uploads\/2023\/03\/1C-Rub%C3%A1%C5%A1-Litava-prv%C3%A1-pol.-20.-stor.-p%C3%B4vodn%C3%BD-vlastn%C3%ADk-nezn%C3%A1my.jpg?resize=800%2C436&#038;ssl=1\" alt=\"\" class=\"wp-image-12924\" srcset=\"https:\/\/i0.wp.com\/www.atelier-reklama.sk\/blog\/wp-content\/uploads\/2023\/03\/1C-Rub%C3%A1%C5%A1-Litava-prv%C3%A1-pol.-20.-stor.-p%C3%B4vodn%C3%BD-vlastn%C3%ADk-nezn%C3%A1my-scaled.jpg?resize=1024%2C558&amp;ssl=1 1024w, https:\/\/i0.wp.com\/www.atelier-reklama.sk\/blog\/wp-content\/uploads\/2023\/03\/1C-Rub%C3%A1%C5%A1-Litava-prv%C3%A1-pol.-20.-stor.-p%C3%B4vodn%C3%BD-vlastn%C3%ADk-nezn%C3%A1my-scaled.jpg?resize=300%2C164&amp;ssl=1 300w, https:\/\/i0.wp.com\/www.atelier-reklama.sk\/blog\/wp-content\/uploads\/2023\/03\/1C-Rub%C3%A1%C5%A1-Litava-prv%C3%A1-pol.-20.-stor.-p%C3%B4vodn%C3%BD-vlastn%C3%ADk-nezn%C3%A1my-scaled.jpg?resize=768%2C419&amp;ssl=1 768w, https:\/\/i0.wp.com\/www.atelier-reklama.sk\/blog\/wp-content\/uploads\/2023\/03\/1C-Rub%C3%A1%C5%A1-Litava-prv%C3%A1-pol.-20.-stor.-p%C3%B4vodn%C3%BD-vlastn%C3%ADk-nezn%C3%A1my-scaled.jpg?resize=1536%2C838&amp;ssl=1 1536w, https:\/\/i0.wp.com\/www.atelier-reklama.sk\/blog\/wp-content\/uploads\/2023\/03\/1C-Rub%C3%A1%C5%A1-Litava-prv%C3%A1-pol.-20.-stor.-p%C3%B4vodn%C3%BD-vlastn%C3%ADk-nezn%C3%A1my-scaled.jpg?resize=2048%2C1117&amp;ssl=1 2048w, https:\/\/i0.wp.com\/www.atelier-reklama.sk\/blog\/wp-content\/uploads\/2023\/03\/1C-Rub%C3%A1%C5%A1-Litava-prv%C3%A1-pol.-20.-stor.-p%C3%B4vodn%C3%BD-vlastn%C3%ADk-nezn%C3%A1my-scaled.jpg?w=1600&amp;ssl=1 1600w, https:\/\/i0.wp.com\/www.atelier-reklama.sk\/blog\/wp-content\/uploads\/2023\/03\/1C-Rub%C3%A1%C5%A1-Litava-prv%C3%A1-pol.-20.-stor.-p%C3%B4vodn%C3%BD-vlastn%C3%ADk-nezn%C3%A1my-scaled.jpg?w=2400&amp;ssl=1 2400w\" sizes=\"auto, (max-width: 800px) 100vw, 800px\" \/><\/figure>\n\n\n\n<figure class=\"wp-block-image size-large\"><img data-recalc-dims=\"1\" loading=\"lazy\" decoding=\"async\" width=\"800\" height=\"566\" data-attachment-id=\"12925\" data-permalink=\"https:\/\/www.atelier-reklama.sk\/blog\/moj-krekacsky-kroj-a-jeho-prekreslene-vzory-spolu\/1d-rubas-litava-prva-pol-20-stor-povodny-vlastnik-neznamy\/\" data-orig-file=\"https:\/\/i0.wp.com\/www.atelier-reklama.sk\/blog\/wp-content\/uploads\/2023\/03\/1D-Rub%C3%A1%C5%A1-Litava-prv%C3%A1-pol.-20.-stor.-p%C3%B4vodn%C3%BD-vlastn%C3%ADk-nezn%C3%A1my-scaled.jpg?fit=2560%2C1810&amp;ssl=1\" data-orig-size=\"2560,1810\" data-comments-opened=\"1\" data-image-meta=\"{&quot;aperture&quot;:&quot;0&quot;,&quot;credit&quot;:&quot;&quot;,&quot;camera&quot;:&quot;&quot;,&quot;caption&quot;:&quot;&quot;,&quot;created_timestamp&quot;:&quot;0&quot;,&quot;copyright&quot;:&quot;&quot;,&quot;focal_length&quot;:&quot;0&quot;,&quot;iso&quot;:&quot;0&quot;,&quot;shutter_speed&quot;:&quot;0&quot;,&quot;title&quot;:&quot;&quot;,&quot;orientation&quot;:&quot;0&quot;}\" data-image-title=\"1D-Rub\u00e1\u0161-Litava-prv\u00e1-pol.-20.-stor.-p\u00f4vodn\u00fd-vlastn\u00edk-nezn\u00e1my\" data-image-description=\"\" data-image-caption=\"\" data-medium-file=\"https:\/\/i0.wp.com\/www.atelier-reklama.sk\/blog\/wp-content\/uploads\/2023\/03\/1D-Rub%C3%A1%C5%A1-Litava-prv%C3%A1-pol.-20.-stor.-p%C3%B4vodn%C3%BD-vlastn%C3%ADk-nezn%C3%A1my-scaled.jpg?fit=300%2C212&amp;ssl=1\" data-large-file=\"https:\/\/i0.wp.com\/www.atelier-reklama.sk\/blog\/wp-content\/uploads\/2023\/03\/1D-Rub%C3%A1%C5%A1-Litava-prv%C3%A1-pol.-20.-stor.-p%C3%B4vodn%C3%BD-vlastn%C3%ADk-nezn%C3%A1my-scaled.jpg?fit=800%2C566&amp;ssl=1\" src=\"https:\/\/i0.wp.com\/www.atelier-reklama.sk\/blog\/wp-content\/uploads\/2023\/03\/1D-Rub%C3%A1%C5%A1-Litava-prv%C3%A1-pol.-20.-stor.-p%C3%B4vodn%C3%BD-vlastn%C3%ADk-nezn%C3%A1my.jpg?resize=800%2C566&#038;ssl=1\" alt=\"\" class=\"wp-image-12925\" srcset=\"https:\/\/i0.wp.com\/www.atelier-reklama.sk\/blog\/wp-content\/uploads\/2023\/03\/1D-Rub%C3%A1%C5%A1-Litava-prv%C3%A1-pol.-20.-stor.-p%C3%B4vodn%C3%BD-vlastn%C3%ADk-nezn%C3%A1my-scaled.jpg?resize=1024%2C724&amp;ssl=1 1024w, https:\/\/i0.wp.com\/www.atelier-reklama.sk\/blog\/wp-content\/uploads\/2023\/03\/1D-Rub%C3%A1%C5%A1-Litava-prv%C3%A1-pol.-20.-stor.-p%C3%B4vodn%C3%BD-vlastn%C3%ADk-nezn%C3%A1my-scaled.jpg?resize=300%2C212&amp;ssl=1 300w, https:\/\/i0.wp.com\/www.atelier-reklama.sk\/blog\/wp-content\/uploads\/2023\/03\/1D-Rub%C3%A1%C5%A1-Litava-prv%C3%A1-pol.-20.-stor.-p%C3%B4vodn%C3%BD-vlastn%C3%ADk-nezn%C3%A1my-scaled.jpg?resize=768%2C543&amp;ssl=1 768w, https:\/\/i0.wp.com\/www.atelier-reklama.sk\/blog\/wp-content\/uploads\/2023\/03\/1D-Rub%C3%A1%C5%A1-Litava-prv%C3%A1-pol.-20.-stor.-p%C3%B4vodn%C3%BD-vlastn%C3%ADk-nezn%C3%A1my-scaled.jpg?resize=1536%2C1086&amp;ssl=1 1536w, https:\/\/i0.wp.com\/www.atelier-reklama.sk\/blog\/wp-content\/uploads\/2023\/03\/1D-Rub%C3%A1%C5%A1-Litava-prv%C3%A1-pol.-20.-stor.-p%C3%B4vodn%C3%BD-vlastn%C3%ADk-nezn%C3%A1my-scaled.jpg?resize=2048%2C1448&amp;ssl=1 2048w, https:\/\/i0.wp.com\/www.atelier-reklama.sk\/blog\/wp-content\/uploads\/2023\/03\/1D-Rub%C3%A1%C5%A1-Litava-prv%C3%A1-pol.-20.-stor.-p%C3%B4vodn%C3%BD-vlastn%C3%ADk-nezn%C3%A1my-scaled.jpg?w=1600&amp;ssl=1 1600w, https:\/\/i0.wp.com\/www.atelier-reklama.sk\/blog\/wp-content\/uploads\/2023\/03\/1D-Rub%C3%A1%C5%A1-Litava-prv%C3%A1-pol.-20.-stor.-p%C3%B4vodn%C3%BD-vlastn%C3%ADk-nezn%C3%A1my-scaled.jpg?w=2400&amp;ssl=1 2400w\" sizes=\"auto, (max-width: 800px) 100vw, 800px\" \/><\/figure>\n\n\n\n<figure class=\"wp-block-image size-large\"><img data-recalc-dims=\"1\" loading=\"lazy\" decoding=\"async\" width=\"768\" height=\"1024\" data-attachment-id=\"12926\" data-permalink=\"https:\/\/www.atelier-reklama.sk\/blog\/moj-krekacsky-kroj-a-jeho-prekreslene-vzory-spolu\/1f-rubas-prekreslovanie-vzoru-litava-prva-pol-20-stor-povodny-vlastnik-neznamy\/\" data-orig-file=\"https:\/\/i0.wp.com\/www.atelier-reklama.sk\/blog\/wp-content\/uploads\/2023\/03\/1F-Rub%C3%A1%C5%A1-prekres%C4%BEovanie-vzoru-Litava-prv%C3%A1-pol.-20.-stor.-p%C3%B4vodn%C3%BD-vlastn%C3%ADk-nezn%C3%A1my-scaled.jpg?fit=1920%2C2560&amp;ssl=1\" data-orig-size=\"1920,2560\" data-comments-opened=\"1\" data-image-meta=\"{&quot;aperture&quot;:&quot;2&quot;,&quot;credit&quot;:&quot;&quot;,&quot;camera&quot;:&quot;SM-A125F&quot;,&quot;caption&quot;:&quot;&quot;,&quot;created_timestamp&quot;:&quot;1677526003&quot;,&quot;copyright&quot;:&quot;&quot;,&quot;focal_length&quot;:&quot;4.6&quot;,&quot;iso&quot;:&quot;160&quot;,&quot;shutter_speed&quot;:&quot;0.020007&quot;,&quot;title&quot;:&quot;&quot;,&quot;orientation&quot;:&quot;1&quot;}\" data-image-title=\"1F-Rub\u00e1\u0161-prekres\u013eovanie-vzoru-Litava-prv\u00e1-pol.-20.-stor.-p\u00f4vodn\u00fd-vlastn\u00edk-nezn\u00e1my\" data-image-description=\"\" data-image-caption=\"\" data-medium-file=\"https:\/\/i0.wp.com\/www.atelier-reklama.sk\/blog\/wp-content\/uploads\/2023\/03\/1F-Rub%C3%A1%C5%A1-prekres%C4%BEovanie-vzoru-Litava-prv%C3%A1-pol.-20.-stor.-p%C3%B4vodn%C3%BD-vlastn%C3%ADk-nezn%C3%A1my-scaled.jpg?fit=225%2C300&amp;ssl=1\" data-large-file=\"https:\/\/i0.wp.com\/www.atelier-reklama.sk\/blog\/wp-content\/uploads\/2023\/03\/1F-Rub%C3%A1%C5%A1-prekres%C4%BEovanie-vzoru-Litava-prv%C3%A1-pol.-20.-stor.-p%C3%B4vodn%C3%BD-vlastn%C3%ADk-nezn%C3%A1my-scaled.jpg?fit=768%2C1024&amp;ssl=1\" src=\"https:\/\/i0.wp.com\/www.atelier-reklama.sk\/blog\/wp-content\/uploads\/2023\/03\/1F-Rub%C3%A1%C5%A1-prekres%C4%BEovanie-vzoru-Litava-prv%C3%A1-pol.-20.-stor.-p%C3%B4vodn%C3%BD-vlastn%C3%ADk-nezn%C3%A1my.jpg?resize=768%2C1024&#038;ssl=1\" alt=\"\" class=\"wp-image-12926\" srcset=\"https:\/\/i0.wp.com\/www.atelier-reklama.sk\/blog\/wp-content\/uploads\/2023\/03\/1F-Rub%C3%A1%C5%A1-prekres%C4%BEovanie-vzoru-Litava-prv%C3%A1-pol.-20.-stor.-p%C3%B4vodn%C3%BD-vlastn%C3%ADk-nezn%C3%A1my-scaled.jpg?resize=768%2C1024&amp;ssl=1 768w, https:\/\/i0.wp.com\/www.atelier-reklama.sk\/blog\/wp-content\/uploads\/2023\/03\/1F-Rub%C3%A1%C5%A1-prekres%C4%BEovanie-vzoru-Litava-prv%C3%A1-pol.-20.-stor.-p%C3%B4vodn%C3%BD-vlastn%C3%ADk-nezn%C3%A1my-scaled.jpg?resize=225%2C300&amp;ssl=1 225w, https:\/\/i0.wp.com\/www.atelier-reklama.sk\/blog\/wp-content\/uploads\/2023\/03\/1F-Rub%C3%A1%C5%A1-prekres%C4%BEovanie-vzoru-Litava-prv%C3%A1-pol.-20.-stor.-p%C3%B4vodn%C3%BD-vlastn%C3%ADk-nezn%C3%A1my-scaled.jpg?resize=1152%2C1536&amp;ssl=1 1152w, https:\/\/i0.wp.com\/www.atelier-reklama.sk\/blog\/wp-content\/uploads\/2023\/03\/1F-Rub%C3%A1%C5%A1-prekres%C4%BEovanie-vzoru-Litava-prv%C3%A1-pol.-20.-stor.-p%C3%B4vodn%C3%BD-vlastn%C3%ADk-nezn%C3%A1my-scaled.jpg?resize=1536%2C2048&amp;ssl=1 1536w, https:\/\/i0.wp.com\/www.atelier-reklama.sk\/blog\/wp-content\/uploads\/2023\/03\/1F-Rub%C3%A1%C5%A1-prekres%C4%BEovanie-vzoru-Litava-prv%C3%A1-pol.-20.-stor.-p%C3%B4vodn%C3%BD-vlastn%C3%ADk-nezn%C3%A1my-scaled.jpg?w=1920&amp;ssl=1 1920w, https:\/\/i0.wp.com\/www.atelier-reklama.sk\/blog\/wp-content\/uploads\/2023\/03\/1F-Rub%C3%A1%C5%A1-prekres%C4%BEovanie-vzoru-Litava-prv%C3%A1-pol.-20.-stor.-p%C3%B4vodn%C3%BD-vlastn%C3%ADk-nezn%C3%A1my-scaled.jpg?w=1600&amp;ssl=1 1600w\" sizes=\"auto, (max-width: 768px) 100vw, 768px\" \/><\/figure>\n\n\n\n<p>2.  St\u00e1nka, Bzov\u00edk, za\u010d. 20. stor., p\u00f4vodn\u00fd vlastn\u00edk nezn\u00e1my<\/p>\n\n\n\n<figure class=\"wp-block-image size-large\"><img data-recalc-dims=\"1\" loading=\"lazy\" decoding=\"async\" width=\"800\" height=\"586\" data-attachment-id=\"12927\" data-permalink=\"https:\/\/www.atelier-reklama.sk\/blog\/moj-krekacsky-kroj-a-jeho-prekreslene-vzory-spolu\/2a-stanka-bzovik-zac-20-stor-povodny-vlastnik-neznamy\/\" data-orig-file=\"https:\/\/i0.wp.com\/www.atelier-reklama.sk\/blog\/wp-content\/uploads\/2023\/03\/2A.-St%C3%A1nka-Bzov%C3%ADk-za%C4%8D.-20.-stor.-p%C3%B4vodn%C3%BD-vlastn%C3%ADk-nezn%C3%A1my-scaled.jpg?fit=2560%2C1876&amp;ssl=1\" data-orig-size=\"2560,1876\" data-comments-opened=\"1\" data-image-meta=\"{&quot;aperture&quot;:&quot;2&quot;,&quot;credit&quot;:&quot;&quot;,&quot;camera&quot;:&quot;SM-A125F&quot;,&quot;caption&quot;:&quot;&quot;,&quot;created_timestamp&quot;:&quot;1678782596&quot;,&quot;copyright&quot;:&quot;&quot;,&quot;focal_length&quot;:&quot;4.6&quot;,&quot;iso&quot;:&quot;250&quot;,&quot;shutter_speed&quot;:&quot;0.03&quot;,&quot;title&quot;:&quot;&quot;,&quot;orientation&quot;:&quot;1&quot;}\" data-image-title=\"2A.-St\u00e1nka-Bzov\u00edk-za\u010d.-20.-stor.-p\u00f4vodn\u00fd-vlastn\u00edk-nezn\u00e1my\" data-image-description=\"\" data-image-caption=\"\" data-medium-file=\"https:\/\/i0.wp.com\/www.atelier-reklama.sk\/blog\/wp-content\/uploads\/2023\/03\/2A.-St%C3%A1nka-Bzov%C3%ADk-za%C4%8D.-20.-stor.-p%C3%B4vodn%C3%BD-vlastn%C3%ADk-nezn%C3%A1my-scaled.jpg?fit=300%2C220&amp;ssl=1\" data-large-file=\"https:\/\/i0.wp.com\/www.atelier-reklama.sk\/blog\/wp-content\/uploads\/2023\/03\/2A.-St%C3%A1nka-Bzov%C3%ADk-za%C4%8D.-20.-stor.-p%C3%B4vodn%C3%BD-vlastn%C3%ADk-nezn%C3%A1my-scaled.jpg?fit=800%2C586&amp;ssl=1\" src=\"https:\/\/i0.wp.com\/www.atelier-reklama.sk\/blog\/wp-content\/uploads\/2023\/03\/2A.-St%C3%A1nka-Bzov%C3%ADk-za%C4%8D.-20.-stor.-p%C3%B4vodn%C3%BD-vlastn%C3%ADk-nezn%C3%A1my.jpg?resize=800%2C586&#038;ssl=1\" alt=\"\" class=\"wp-image-12927\" srcset=\"https:\/\/i0.wp.com\/www.atelier-reklama.sk\/blog\/wp-content\/uploads\/2023\/03\/2A.-St%C3%A1nka-Bzov%C3%ADk-za%C4%8D.-20.-stor.-p%C3%B4vodn%C3%BD-vlastn%C3%ADk-nezn%C3%A1my-scaled.jpg?resize=1024%2C750&amp;ssl=1 1024w, https:\/\/i0.wp.com\/www.atelier-reklama.sk\/blog\/wp-content\/uploads\/2023\/03\/2A.-St%C3%A1nka-Bzov%C3%ADk-za%C4%8D.-20.-stor.-p%C3%B4vodn%C3%BD-vlastn%C3%ADk-nezn%C3%A1my-scaled.jpg?resize=300%2C220&amp;ssl=1 300w, https:\/\/i0.wp.com\/www.atelier-reklama.sk\/blog\/wp-content\/uploads\/2023\/03\/2A.-St%C3%A1nka-Bzov%C3%ADk-za%C4%8D.-20.-stor.-p%C3%B4vodn%C3%BD-vlastn%C3%ADk-nezn%C3%A1my-scaled.jpg?resize=768%2C563&amp;ssl=1 768w, https:\/\/i0.wp.com\/www.atelier-reklama.sk\/blog\/wp-content\/uploads\/2023\/03\/2A.-St%C3%A1nka-Bzov%C3%ADk-za%C4%8D.-20.-stor.-p%C3%B4vodn%C3%BD-vlastn%C3%ADk-nezn%C3%A1my-scaled.jpg?resize=1536%2C1126&amp;ssl=1 1536w, https:\/\/i0.wp.com\/www.atelier-reklama.sk\/blog\/wp-content\/uploads\/2023\/03\/2A.-St%C3%A1nka-Bzov%C3%ADk-za%C4%8D.-20.-stor.-p%C3%B4vodn%C3%BD-vlastn%C3%ADk-nezn%C3%A1my-scaled.jpg?resize=2048%2C1501&amp;ssl=1 2048w, https:\/\/i0.wp.com\/www.atelier-reklama.sk\/blog\/wp-content\/uploads\/2023\/03\/2A.-St%C3%A1nka-Bzov%C3%ADk-za%C4%8D.-20.-stor.-p%C3%B4vodn%C3%BD-vlastn%C3%ADk-nezn%C3%A1my-scaled.jpg?w=1600&amp;ssl=1 1600w, https:\/\/i0.wp.com\/www.atelier-reklama.sk\/blog\/wp-content\/uploads\/2023\/03\/2A.-St%C3%A1nka-Bzov%C3%ADk-za%C4%8D.-20.-stor.-p%C3%B4vodn%C3%BD-vlastn%C3%ADk-nezn%C3%A1my-scaled.jpg?w=2400&amp;ssl=1 2400w\" sizes=\"auto, (max-width: 800px) 100vw, 800px\" \/><\/figure>\n\n\n\n<figure class=\"wp-block-image size-large\"><img data-recalc-dims=\"1\" loading=\"lazy\" decoding=\"async\" width=\"800\" height=\"255\" data-attachment-id=\"12928\" data-permalink=\"https:\/\/www.atelier-reklama.sk\/blog\/moj-krekacsky-kroj-a-jeho-prekreslene-vzory-spolu\/2b-stanka-bzovik-zac-20-stor-povodny-vlastnik-neznamy\/\" data-orig-file=\"https:\/\/i0.wp.com\/www.atelier-reklama.sk\/blog\/wp-content\/uploads\/2023\/03\/2B.-St%C3%A1nka-Bzov%C3%ADk-za%C4%8D.-20.-stor.-p%C3%B4vodn%C3%BD-vlastn%C3%ADk-nezn%C3%A1my-scaled.jpg?fit=2560%2C815&amp;ssl=1\" data-orig-size=\"2560,815\" data-comments-opened=\"1\" data-image-meta=\"{&quot;aperture&quot;:&quot;2&quot;,&quot;credit&quot;:&quot;&quot;,&quot;camera&quot;:&quot;SM-A125F&quot;,&quot;caption&quot;:&quot;&quot;,&quot;created_timestamp&quot;:&quot;1678782601&quot;,&quot;copyright&quot;:&quot;&quot;,&quot;focal_length&quot;:&quot;4.6&quot;,&quot;iso&quot;:&quot;200&quot;,&quot;shutter_speed&quot;:&quot;0.03&quot;,&quot;title&quot;:&quot;&quot;,&quot;orientation&quot;:&quot;1&quot;}\" data-image-title=\"2B.-St\u00e1nka-Bzov\u00edk-za\u010d.-20.-stor.-p\u00f4vodn\u00fd-vlastn\u00edk-nezn\u00e1my\" data-image-description=\"\" data-image-caption=\"\" data-medium-file=\"https:\/\/i0.wp.com\/www.atelier-reklama.sk\/blog\/wp-content\/uploads\/2023\/03\/2B.-St%C3%A1nka-Bzov%C3%ADk-za%C4%8D.-20.-stor.-p%C3%B4vodn%C3%BD-vlastn%C3%ADk-nezn%C3%A1my-scaled.jpg?fit=300%2C96&amp;ssl=1\" data-large-file=\"https:\/\/i0.wp.com\/www.atelier-reklama.sk\/blog\/wp-content\/uploads\/2023\/03\/2B.-St%C3%A1nka-Bzov%C3%ADk-za%C4%8D.-20.-stor.-p%C3%B4vodn%C3%BD-vlastn%C3%ADk-nezn%C3%A1my-scaled.jpg?fit=800%2C255&amp;ssl=1\" src=\"https:\/\/i0.wp.com\/www.atelier-reklama.sk\/blog\/wp-content\/uploads\/2023\/03\/2B.-St%C3%A1nka-Bzov%C3%ADk-za%C4%8D.-20.-stor.-p%C3%B4vodn%C3%BD-vlastn%C3%ADk-nezn%C3%A1my.jpg?resize=800%2C255&#038;ssl=1\" alt=\"\" class=\"wp-image-12928\" srcset=\"https:\/\/i0.wp.com\/www.atelier-reklama.sk\/blog\/wp-content\/uploads\/2023\/03\/2B.-St%C3%A1nka-Bzov%C3%ADk-za%C4%8D.-20.-stor.-p%C3%B4vodn%C3%BD-vlastn%C3%ADk-nezn%C3%A1my-scaled.jpg?resize=1024%2C326&amp;ssl=1 1024w, https:\/\/i0.wp.com\/www.atelier-reklama.sk\/blog\/wp-content\/uploads\/2023\/03\/2B.-St%C3%A1nka-Bzov%C3%ADk-za%C4%8D.-20.-stor.-p%C3%B4vodn%C3%BD-vlastn%C3%ADk-nezn%C3%A1my-scaled.jpg?resize=300%2C96&amp;ssl=1 300w, https:\/\/i0.wp.com\/www.atelier-reklama.sk\/blog\/wp-content\/uploads\/2023\/03\/2B.-St%C3%A1nka-Bzov%C3%ADk-za%C4%8D.-20.-stor.-p%C3%B4vodn%C3%BD-vlastn%C3%ADk-nezn%C3%A1my-scaled.jpg?resize=768%2C245&amp;ssl=1 768w, https:\/\/i0.wp.com\/www.atelier-reklama.sk\/blog\/wp-content\/uploads\/2023\/03\/2B.-St%C3%A1nka-Bzov%C3%ADk-za%C4%8D.-20.-stor.-p%C3%B4vodn%C3%BD-vlastn%C3%ADk-nezn%C3%A1my-scaled.jpg?resize=1536%2C489&amp;ssl=1 1536w, https:\/\/i0.wp.com\/www.atelier-reklama.sk\/blog\/wp-content\/uploads\/2023\/03\/2B.-St%C3%A1nka-Bzov%C3%ADk-za%C4%8D.-20.-stor.-p%C3%B4vodn%C3%BD-vlastn%C3%ADk-nezn%C3%A1my-scaled.jpg?resize=2048%2C652&amp;ssl=1 2048w, https:\/\/i0.wp.com\/www.atelier-reklama.sk\/blog\/wp-content\/uploads\/2023\/03\/2B.-St%C3%A1nka-Bzov%C3%ADk-za%C4%8D.-20.-stor.-p%C3%B4vodn%C3%BD-vlastn%C3%ADk-nezn%C3%A1my-scaled.jpg?w=1600&amp;ssl=1 1600w, https:\/\/i0.wp.com\/www.atelier-reklama.sk\/blog\/wp-content\/uploads\/2023\/03\/2B.-St%C3%A1nka-Bzov%C3%ADk-za%C4%8D.-20.-stor.-p%C3%B4vodn%C3%BD-vlastn%C3%ADk-nezn%C3%A1my-scaled.jpg?w=2400&amp;ssl=1 2400w\" sizes=\"auto, (max-width: 800px) 100vw, 800px\" \/><\/figure>\n\n\n\n<figure class=\"wp-block-image size-large\"><img data-recalc-dims=\"1\" loading=\"lazy\" decoding=\"async\" width=\"800\" height=\"350\" data-attachment-id=\"12929\" data-permalink=\"https:\/\/www.atelier-reklama.sk\/blog\/moj-krekacsky-kroj-a-jeho-prekreslene-vzory-spolu\/2c-stanka-bzovik-zac-20-stor-povodny-vlastnik-neznamy\/\" data-orig-file=\"https:\/\/i0.wp.com\/www.atelier-reklama.sk\/blog\/wp-content\/uploads\/2023\/03\/2C.-St%C3%A1nka-Bzov%C3%ADk-za%C4%8D.-20.-stor.-p%C3%B4vodn%C3%BD-vlastn%C3%ADk-nezn%C3%A1my-scaled.jpg?fit=2560%2C1120&amp;ssl=1\" data-orig-size=\"2560,1120\" data-comments-opened=\"1\" data-image-meta=\"{&quot;aperture&quot;:&quot;2&quot;,&quot;credit&quot;:&quot;&quot;,&quot;camera&quot;:&quot;SM-A125F&quot;,&quot;caption&quot;:&quot;&quot;,&quot;created_timestamp&quot;:&quot;1678782606&quot;,&quot;copyright&quot;:&quot;&quot;,&quot;focal_length&quot;:&quot;4.6&quot;,&quot;iso&quot;:&quot;250&quot;,&quot;shutter_speed&quot;:&quot;0.03&quot;,&quot;title&quot;:&quot;&quot;,&quot;orientation&quot;:&quot;1&quot;}\" data-image-title=\"2C.-St\u00e1nka-Bzov\u00edk-za\u010d.-20.-stor.-p\u00f4vodn\u00fd-vlastn\u00edk-nezn\u00e1my\" data-image-description=\"\" data-image-caption=\"\" data-medium-file=\"https:\/\/i0.wp.com\/www.atelier-reklama.sk\/blog\/wp-content\/uploads\/2023\/03\/2C.-St%C3%A1nka-Bzov%C3%ADk-za%C4%8D.-20.-stor.-p%C3%B4vodn%C3%BD-vlastn%C3%ADk-nezn%C3%A1my-scaled.jpg?fit=300%2C131&amp;ssl=1\" data-large-file=\"https:\/\/i0.wp.com\/www.atelier-reklama.sk\/blog\/wp-content\/uploads\/2023\/03\/2C.-St%C3%A1nka-Bzov%C3%ADk-za%C4%8D.-20.-stor.-p%C3%B4vodn%C3%BD-vlastn%C3%ADk-nezn%C3%A1my-scaled.jpg?fit=800%2C350&amp;ssl=1\" src=\"https:\/\/i0.wp.com\/www.atelier-reklama.sk\/blog\/wp-content\/uploads\/2023\/03\/2C.-St%C3%A1nka-Bzov%C3%ADk-za%C4%8D.-20.-stor.-p%C3%B4vodn%C3%BD-vlastn%C3%ADk-nezn%C3%A1my.jpg?resize=800%2C350&#038;ssl=1\" alt=\"\" class=\"wp-image-12929\" srcset=\"https:\/\/i0.wp.com\/www.atelier-reklama.sk\/blog\/wp-content\/uploads\/2023\/03\/2C.-St%C3%A1nka-Bzov%C3%ADk-za%C4%8D.-20.-stor.-p%C3%B4vodn%C3%BD-vlastn%C3%ADk-nezn%C3%A1my-scaled.jpg?resize=1024%2C448&amp;ssl=1 1024w, https:\/\/i0.wp.com\/www.atelier-reklama.sk\/blog\/wp-content\/uploads\/2023\/03\/2C.-St%C3%A1nka-Bzov%C3%ADk-za%C4%8D.-20.-stor.-p%C3%B4vodn%C3%BD-vlastn%C3%ADk-nezn%C3%A1my-scaled.jpg?resize=300%2C131&amp;ssl=1 300w, https:\/\/i0.wp.com\/www.atelier-reklama.sk\/blog\/wp-content\/uploads\/2023\/03\/2C.-St%C3%A1nka-Bzov%C3%ADk-za%C4%8D.-20.-stor.-p%C3%B4vodn%C3%BD-vlastn%C3%ADk-nezn%C3%A1my-scaled.jpg?resize=768%2C336&amp;ssl=1 768w, https:\/\/i0.wp.com\/www.atelier-reklama.sk\/blog\/wp-content\/uploads\/2023\/03\/2C.-St%C3%A1nka-Bzov%C3%ADk-za%C4%8D.-20.-stor.-p%C3%B4vodn%C3%BD-vlastn%C3%ADk-nezn%C3%A1my-scaled.jpg?resize=1536%2C672&amp;ssl=1 1536w, https:\/\/i0.wp.com\/www.atelier-reklama.sk\/blog\/wp-content\/uploads\/2023\/03\/2C.-St%C3%A1nka-Bzov%C3%ADk-za%C4%8D.-20.-stor.-p%C3%B4vodn%C3%BD-vlastn%C3%ADk-nezn%C3%A1my-scaled.jpg?resize=2048%2C896&amp;ssl=1 2048w, https:\/\/i0.wp.com\/www.atelier-reklama.sk\/blog\/wp-content\/uploads\/2023\/03\/2C.-St%C3%A1nka-Bzov%C3%ADk-za%C4%8D.-20.-stor.-p%C3%B4vodn%C3%BD-vlastn%C3%ADk-nezn%C3%A1my-scaled.jpg?w=1600&amp;ssl=1 1600w, https:\/\/i0.wp.com\/www.atelier-reklama.sk\/blog\/wp-content\/uploads\/2023\/03\/2C.-St%C3%A1nka-Bzov%C3%ADk-za%C4%8D.-20.-stor.-p%C3%B4vodn%C3%BD-vlastn%C3%ADk-nezn%C3%A1my-scaled.jpg?w=2400&amp;ssl=1 2400w\" sizes=\"auto, (max-width: 800px) 100vw, 800px\" \/><\/figure>\n\n\n\n<figure class=\"wp-block-image size-large\"><img data-recalc-dims=\"1\" loading=\"lazy\" decoding=\"async\" width=\"800\" height=\"566\" data-attachment-id=\"12930\" data-permalink=\"https:\/\/www.atelier-reklama.sk\/blog\/moj-krekacsky-kroj-a-jeho-prekreslene-vzory-spolu\/2d-stanka-bzovik-zac-20-stor-povodny-vlastnik-neznamy\/\" data-orig-file=\"https:\/\/i0.wp.com\/www.atelier-reklama.sk\/blog\/wp-content\/uploads\/2023\/03\/2D.-St%C3%A1nka-Bzov%C3%ADk-za%C4%8D.-20.-stor.-p%C3%B4vodn%C3%BD-vlastn%C3%ADk-nezn%C3%A1my-scaled.jpg?fit=2560%2C1810&amp;ssl=1\" data-orig-size=\"2560,1810\" data-comments-opened=\"1\" data-image-meta=\"{&quot;aperture&quot;:&quot;0&quot;,&quot;credit&quot;:&quot;&quot;,&quot;camera&quot;:&quot;&quot;,&quot;caption&quot;:&quot;&quot;,&quot;created_timestamp&quot;:&quot;0&quot;,&quot;copyright&quot;:&quot;&quot;,&quot;focal_length&quot;:&quot;0&quot;,&quot;iso&quot;:&quot;0&quot;,&quot;shutter_speed&quot;:&quot;0&quot;,&quot;title&quot;:&quot;&quot;,&quot;orientation&quot;:&quot;1&quot;}\" data-image-title=\"2D.-St\u00e1nka-Bzov\u00edk-za\u010d.-20.-stor.-p\u00f4vodn\u00fd-vlastn\u00edk-nezn\u00e1my\" data-image-description=\"\" data-image-caption=\"\" data-medium-file=\"https:\/\/i0.wp.com\/www.atelier-reklama.sk\/blog\/wp-content\/uploads\/2023\/03\/2D.-St%C3%A1nka-Bzov%C3%ADk-za%C4%8D.-20.-stor.-p%C3%B4vodn%C3%BD-vlastn%C3%ADk-nezn%C3%A1my-scaled.jpg?fit=300%2C212&amp;ssl=1\" data-large-file=\"https:\/\/i0.wp.com\/www.atelier-reklama.sk\/blog\/wp-content\/uploads\/2023\/03\/2D.-St%C3%A1nka-Bzov%C3%ADk-za%C4%8D.-20.-stor.-p%C3%B4vodn%C3%BD-vlastn%C3%ADk-nezn%C3%A1my-scaled.jpg?fit=800%2C566&amp;ssl=1\" src=\"https:\/\/i0.wp.com\/www.atelier-reklama.sk\/blog\/wp-content\/uploads\/2023\/03\/2D.-St%C3%A1nka-Bzov%C3%ADk-za%C4%8D.-20.-stor.-p%C3%B4vodn%C3%BD-vlastn%C3%ADk-nezn%C3%A1my.jpg?resize=800%2C566&#038;ssl=1\" alt=\"\" class=\"wp-image-12930\" srcset=\"https:\/\/i0.wp.com\/www.atelier-reklama.sk\/blog\/wp-content\/uploads\/2023\/03\/2D.-St%C3%A1nka-Bzov%C3%ADk-za%C4%8D.-20.-stor.-p%C3%B4vodn%C3%BD-vlastn%C3%ADk-nezn%C3%A1my-scaled.jpg?resize=1024%2C724&amp;ssl=1 1024w, https:\/\/i0.wp.com\/www.atelier-reklama.sk\/blog\/wp-content\/uploads\/2023\/03\/2D.-St%C3%A1nka-Bzov%C3%ADk-za%C4%8D.-20.-stor.-p%C3%B4vodn%C3%BD-vlastn%C3%ADk-nezn%C3%A1my-scaled.jpg?resize=300%2C212&amp;ssl=1 300w, https:\/\/i0.wp.com\/www.atelier-reklama.sk\/blog\/wp-content\/uploads\/2023\/03\/2D.-St%C3%A1nka-Bzov%C3%ADk-za%C4%8D.-20.-stor.-p%C3%B4vodn%C3%BD-vlastn%C3%ADk-nezn%C3%A1my-scaled.jpg?resize=768%2C543&amp;ssl=1 768w, https:\/\/i0.wp.com\/www.atelier-reklama.sk\/blog\/wp-content\/uploads\/2023\/03\/2D.-St%C3%A1nka-Bzov%C3%ADk-za%C4%8D.-20.-stor.-p%C3%B4vodn%C3%BD-vlastn%C3%ADk-nezn%C3%A1my-scaled.jpg?resize=1536%2C1086&amp;ssl=1 1536w, https:\/\/i0.wp.com\/www.atelier-reklama.sk\/blog\/wp-content\/uploads\/2023\/03\/2D.-St%C3%A1nka-Bzov%C3%ADk-za%C4%8D.-20.-stor.-p%C3%B4vodn%C3%BD-vlastn%C3%ADk-nezn%C3%A1my-scaled.jpg?resize=2048%2C1448&amp;ssl=1 2048w, https:\/\/i0.wp.com\/www.atelier-reklama.sk\/blog\/wp-content\/uploads\/2023\/03\/2D.-St%C3%A1nka-Bzov%C3%ADk-za%C4%8D.-20.-stor.-p%C3%B4vodn%C3%BD-vlastn%C3%ADk-nezn%C3%A1my-scaled.jpg?w=1600&amp;ssl=1 1600w, https:\/\/i0.wp.com\/www.atelier-reklama.sk\/blog\/wp-content\/uploads\/2023\/03\/2D.-St%C3%A1nka-Bzov%C3%ADk-za%C4%8D.-20.-stor.-p%C3%B4vodn%C3%BD-vlastn%C3%ADk-nezn%C3%A1my-scaled.jpg?w=2400&amp;ssl=1 2400w\" sizes=\"auto, (max-width: 800px) 100vw, 800px\" \/><\/figure>\n\n\n\n<figure class=\"wp-block-image size-large\"><img data-recalc-dims=\"1\" loading=\"lazy\" decoding=\"async\" width=\"800\" height=\"378\" data-attachment-id=\"12931\" data-permalink=\"https:\/\/www.atelier-reklama.sk\/blog\/moj-krekacsky-kroj-a-jeho-prekreslene-vzory-spolu\/2e-stanka-bzovik-zac-20-stor-povodny-vlastnik-neznamy\/\" data-orig-file=\"https:\/\/i0.wp.com\/www.atelier-reklama.sk\/blog\/wp-content\/uploads\/2023\/03\/2E-St%C3%A1nka-Bzov%C3%ADk-za%C4%8D.-20.-stor.-p%C3%B4vodn%C3%BD-vlastn%C3%ADk-nezn%C3%A1my-scaled.jpg?fit=2560%2C1211&amp;ssl=1\" data-orig-size=\"2560,1211\" data-comments-opened=\"1\" data-image-meta=\"{&quot;aperture&quot;:&quot;2&quot;,&quot;credit&quot;:&quot;&quot;,&quot;camera&quot;:&quot;SM-A125F&quot;,&quot;caption&quot;:&quot;&quot;,&quot;created_timestamp&quot;:&quot;1678782611&quot;,&quot;copyright&quot;:&quot;&quot;,&quot;focal_length&quot;:&quot;4.6&quot;,&quot;iso&quot;:&quot;250&quot;,&quot;shutter_speed&quot;:&quot;0.03&quot;,&quot;title&quot;:&quot;&quot;,&quot;orientation&quot;:&quot;1&quot;}\" data-image-title=\"2E-St\u00e1nka-Bzov\u00edk-za\u010d.-20.-stor.-p\u00f4vodn\u00fd-vlastn\u00edk-nezn\u00e1my\" data-image-description=\"\" data-image-caption=\"\" data-medium-file=\"https:\/\/i0.wp.com\/www.atelier-reklama.sk\/blog\/wp-content\/uploads\/2023\/03\/2E-St%C3%A1nka-Bzov%C3%ADk-za%C4%8D.-20.-stor.-p%C3%B4vodn%C3%BD-vlastn%C3%ADk-nezn%C3%A1my-scaled.jpg?fit=300%2C142&amp;ssl=1\" data-large-file=\"https:\/\/i0.wp.com\/www.atelier-reklama.sk\/blog\/wp-content\/uploads\/2023\/03\/2E-St%C3%A1nka-Bzov%C3%ADk-za%C4%8D.-20.-stor.-p%C3%B4vodn%C3%BD-vlastn%C3%ADk-nezn%C3%A1my-scaled.jpg?fit=800%2C378&amp;ssl=1\" src=\"https:\/\/i0.wp.com\/www.atelier-reklama.sk\/blog\/wp-content\/uploads\/2023\/03\/2E-St%C3%A1nka-Bzov%C3%ADk-za%C4%8D.-20.-stor.-p%C3%B4vodn%C3%BD-vlastn%C3%ADk-nezn%C3%A1my.jpg?resize=800%2C378&#038;ssl=1\" alt=\"\" class=\"wp-image-12931\" srcset=\"https:\/\/i0.wp.com\/www.atelier-reklama.sk\/blog\/wp-content\/uploads\/2023\/03\/2E-St%C3%A1nka-Bzov%C3%ADk-za%C4%8D.-20.-stor.-p%C3%B4vodn%C3%BD-vlastn%C3%ADk-nezn%C3%A1my-scaled.jpg?resize=1024%2C484&amp;ssl=1 1024w, https:\/\/i0.wp.com\/www.atelier-reklama.sk\/blog\/wp-content\/uploads\/2023\/03\/2E-St%C3%A1nka-Bzov%C3%ADk-za%C4%8D.-20.-stor.-p%C3%B4vodn%C3%BD-vlastn%C3%ADk-nezn%C3%A1my-scaled.jpg?resize=300%2C142&amp;ssl=1 300w, https:\/\/i0.wp.com\/www.atelier-reklama.sk\/blog\/wp-content\/uploads\/2023\/03\/2E-St%C3%A1nka-Bzov%C3%ADk-za%C4%8D.-20.-stor.-p%C3%B4vodn%C3%BD-vlastn%C3%ADk-nezn%C3%A1my-scaled.jpg?resize=768%2C363&amp;ssl=1 768w, https:\/\/i0.wp.com\/www.atelier-reklama.sk\/blog\/wp-content\/uploads\/2023\/03\/2E-St%C3%A1nka-Bzov%C3%ADk-za%C4%8D.-20.-stor.-p%C3%B4vodn%C3%BD-vlastn%C3%ADk-nezn%C3%A1my-scaled.jpg?resize=1536%2C727&amp;ssl=1 1536w, https:\/\/i0.wp.com\/www.atelier-reklama.sk\/blog\/wp-content\/uploads\/2023\/03\/2E-St%C3%A1nka-Bzov%C3%ADk-za%C4%8D.-20.-stor.-p%C3%B4vodn%C3%BD-vlastn%C3%ADk-nezn%C3%A1my-scaled.jpg?resize=2048%2C969&amp;ssl=1 2048w, https:\/\/i0.wp.com\/www.atelier-reklama.sk\/blog\/wp-content\/uploads\/2023\/03\/2E-St%C3%A1nka-Bzov%C3%ADk-za%C4%8D.-20.-stor.-p%C3%B4vodn%C3%BD-vlastn%C3%ADk-nezn%C3%A1my-scaled.jpg?w=1600&amp;ssl=1 1600w, https:\/\/i0.wp.com\/www.atelier-reklama.sk\/blog\/wp-content\/uploads\/2023\/03\/2E-St%C3%A1nka-Bzov%C3%ADk-za%C4%8D.-20.-stor.-p%C3%B4vodn%C3%BD-vlastn%C3%ADk-nezn%C3%A1my-scaled.jpg?w=2400&amp;ssl=1 2400w\" sizes=\"auto, (max-width: 800px) 100vw, 800px\" \/><\/figure>\n\n\n\n<figure class=\"wp-block-image size-large\"><img data-recalc-dims=\"1\" loading=\"lazy\" decoding=\"async\" width=\"800\" height=\"567\" data-attachment-id=\"12932\" data-permalink=\"https:\/\/www.atelier-reklama.sk\/blog\/moj-krekacsky-kroj-a-jeho-prekreslene-vzory-spolu\/2f-stanka-spredu-bzovik-zac-20-stor-povodny-vlastnik-neznamy\/\" data-orig-file=\"https:\/\/i0.wp.com\/www.atelier-reklama.sk\/blog\/wp-content\/uploads\/2023\/03\/2F-St%C3%A1nka-spredu-Bzov%C3%ADk-za%C4%8D.-20.-stor.-p%C3%B4vodn%C3%BD-vlastn%C3%ADk-nezn%C3%A1my-scaled.jpg?fit=2560%2C1814&amp;ssl=1\" data-orig-size=\"2560,1814\" data-comments-opened=\"1\" data-image-meta=\"{&quot;aperture&quot;:&quot;2&quot;,&quot;credit&quot;:&quot;&quot;,&quot;camera&quot;:&quot;SM-A125F&quot;,&quot;caption&quot;:&quot;&quot;,&quot;created_timestamp&quot;:&quot;1678782630&quot;,&quot;copyright&quot;:&quot;&quot;,&quot;focal_length&quot;:&quot;4.6&quot;,&quot;iso&quot;:&quot;250&quot;,&quot;shutter_speed&quot;:&quot;0.03&quot;,&quot;title&quot;:&quot;&quot;,&quot;orientation&quot;:&quot;1&quot;}\" data-image-title=\"2F-St\u00e1nka-spredu-Bzov\u00edk-za\u010d.-20.-stor.-p\u00f4vodn\u00fd-vlastn\u00edk-nezn\u00e1my\" data-image-description=\"\" data-image-caption=\"\" data-medium-file=\"https:\/\/i0.wp.com\/www.atelier-reklama.sk\/blog\/wp-content\/uploads\/2023\/03\/2F-St%C3%A1nka-spredu-Bzov%C3%ADk-za%C4%8D.-20.-stor.-p%C3%B4vodn%C3%BD-vlastn%C3%ADk-nezn%C3%A1my-scaled.jpg?fit=300%2C213&amp;ssl=1\" data-large-file=\"https:\/\/i0.wp.com\/www.atelier-reklama.sk\/blog\/wp-content\/uploads\/2023\/03\/2F-St%C3%A1nka-spredu-Bzov%C3%ADk-za%C4%8D.-20.-stor.-p%C3%B4vodn%C3%BD-vlastn%C3%ADk-nezn%C3%A1my-scaled.jpg?fit=800%2C567&amp;ssl=1\" src=\"https:\/\/i0.wp.com\/www.atelier-reklama.sk\/blog\/wp-content\/uploads\/2023\/03\/2F-St%C3%A1nka-spredu-Bzov%C3%ADk-za%C4%8D.-20.-stor.-p%C3%B4vodn%C3%BD-vlastn%C3%ADk-nezn%C3%A1my.jpg?resize=800%2C567&#038;ssl=1\" alt=\"\" class=\"wp-image-12932\" srcset=\"https:\/\/i0.wp.com\/www.atelier-reklama.sk\/blog\/wp-content\/uploads\/2023\/03\/2F-St%C3%A1nka-spredu-Bzov%C3%ADk-za%C4%8D.-20.-stor.-p%C3%B4vodn%C3%BD-vlastn%C3%ADk-nezn%C3%A1my-scaled.jpg?resize=1024%2C726&amp;ssl=1 1024w, https:\/\/i0.wp.com\/www.atelier-reklama.sk\/blog\/wp-content\/uploads\/2023\/03\/2F-St%C3%A1nka-spredu-Bzov%C3%ADk-za%C4%8D.-20.-stor.-p%C3%B4vodn%C3%BD-vlastn%C3%ADk-nezn%C3%A1my-scaled.jpg?resize=300%2C213&amp;ssl=1 300w, https:\/\/i0.wp.com\/www.atelier-reklama.sk\/blog\/wp-content\/uploads\/2023\/03\/2F-St%C3%A1nka-spredu-Bzov%C3%ADk-za%C4%8D.-20.-stor.-p%C3%B4vodn%C3%BD-vlastn%C3%ADk-nezn%C3%A1my-scaled.jpg?resize=768%2C544&amp;ssl=1 768w, https:\/\/i0.wp.com\/www.atelier-reklama.sk\/blog\/wp-content\/uploads\/2023\/03\/2F-St%C3%A1nka-spredu-Bzov%C3%ADk-za%C4%8D.-20.-stor.-p%C3%B4vodn%C3%BD-vlastn%C3%ADk-nezn%C3%A1my-scaled.jpg?resize=1536%2C1089&amp;ssl=1 1536w, https:\/\/i0.wp.com\/www.atelier-reklama.sk\/blog\/wp-content\/uploads\/2023\/03\/2F-St%C3%A1nka-spredu-Bzov%C3%ADk-za%C4%8D.-20.-stor.-p%C3%B4vodn%C3%BD-vlastn%C3%ADk-nezn%C3%A1my-scaled.jpg?resize=2048%2C1452&amp;ssl=1 2048w, https:\/\/i0.wp.com\/www.atelier-reklama.sk\/blog\/wp-content\/uploads\/2023\/03\/2F-St%C3%A1nka-spredu-Bzov%C3%ADk-za%C4%8D.-20.-stor.-p%C3%B4vodn%C3%BD-vlastn%C3%ADk-nezn%C3%A1my-scaled.jpg?w=1600&amp;ssl=1 1600w, https:\/\/i0.wp.com\/www.atelier-reklama.sk\/blog\/wp-content\/uploads\/2023\/03\/2F-St%C3%A1nka-spredu-Bzov%C3%ADk-za%C4%8D.-20.-stor.-p%C3%B4vodn%C3%BD-vlastn%C3%ADk-nezn%C3%A1my-scaled.jpg?w=2400&amp;ssl=1 2400w\" sizes=\"auto, (max-width: 800px) 100vw, 800px\" \/><\/figure>\n\n\n\n<p>3. St\u00e1nka, Doln\u00e9 Mladonice, prv\u00e1 pol. 20. stor., vy\u0161ila kr\u00ed\u017eikmi Anna Sliacka, rod. Mozo\u013eov\u00e1 (1929-2017)<\/p>\n\n\n\n<figure class=\"wp-block-image size-large\"><img data-recalc-dims=\"1\" loading=\"lazy\" decoding=\"async\" width=\"800\" height=\"629\" data-attachment-id=\"12933\" data-permalink=\"https:\/\/www.atelier-reklama.sk\/blog\/moj-krekacsky-kroj-a-jeho-prekreslene-vzory-spolu\/3a-stanka-dolne-mladonice-prva-pol-20-stor-vysila-krizikmi-anna-sliacka-rod-mozolova-1929-2017\/\" data-orig-file=\"https:\/\/i0.wp.com\/www.atelier-reklama.sk\/blog\/wp-content\/uploads\/2023\/03\/3A.-St%C3%A1nka-Doln%C3%A9-Mladonice-prv%C3%A1-pol.-20.-stor.-vy%C5%A1ila-kr%C3%AD%C5%BEikmi-Anna-Sliacka-rod.-Mozo%C4%BEov%C3%A1-1929-2017-scaled.jpg?fit=2560%2C2012&amp;ssl=1\" data-orig-size=\"2560,2012\" data-comments-opened=\"1\" data-image-meta=\"{&quot;aperture&quot;:&quot;2&quot;,&quot;credit&quot;:&quot;&quot;,&quot;camera&quot;:&quot;SM-A125F&quot;,&quot;caption&quot;:&quot;&quot;,&quot;created_timestamp&quot;:&quot;1678782743&quot;,&quot;copyright&quot;:&quot;&quot;,&quot;focal_length&quot;:&quot;4.6&quot;,&quot;iso&quot;:&quot;200&quot;,&quot;shutter_speed&quot;:&quot;0.03&quot;,&quot;title&quot;:&quot;&quot;,&quot;orientation&quot;:&quot;1&quot;}\" data-image-title=\"3A.-St\u00e1nka-Doln\u00e9-Mladonice-prv\u00e1-pol.-20.-stor.-vy\u0161ila-kr\u00ed\u017eikmi-Anna-Sliacka-rod.-Mozo\u013eov\u00e1-1929-2017\" data-image-description=\"\" data-image-caption=\"\" data-medium-file=\"https:\/\/i0.wp.com\/www.atelier-reklama.sk\/blog\/wp-content\/uploads\/2023\/03\/3A.-St%C3%A1nka-Doln%C3%A9-Mladonice-prv%C3%A1-pol.-20.-stor.-vy%C5%A1ila-kr%C3%AD%C5%BEikmi-Anna-Sliacka-rod.-Mozo%C4%BEov%C3%A1-1929-2017-scaled.jpg?fit=300%2C236&amp;ssl=1\" data-large-file=\"https:\/\/i0.wp.com\/www.atelier-reklama.sk\/blog\/wp-content\/uploads\/2023\/03\/3A.-St%C3%A1nka-Doln%C3%A9-Mladonice-prv%C3%A1-pol.-20.-stor.-vy%C5%A1ila-kr%C3%AD%C5%BEikmi-Anna-Sliacka-rod.-Mozo%C4%BEov%C3%A1-1929-2017-scaled.jpg?fit=800%2C629&amp;ssl=1\" src=\"https:\/\/i0.wp.com\/www.atelier-reklama.sk\/blog\/wp-content\/uploads\/2023\/03\/3A.-St%C3%A1nka-Doln%C3%A9-Mladonice-prv%C3%A1-pol.-20.-stor.-vy%C5%A1ila-kr%C3%AD%C5%BEikmi-Anna-Sliacka-rod.-Mozo%C4%BEov%C3%A1-1929-2017.jpg?resize=800%2C629&#038;ssl=1\" alt=\"\" class=\"wp-image-12933\" srcset=\"https:\/\/i0.wp.com\/www.atelier-reklama.sk\/blog\/wp-content\/uploads\/2023\/03\/3A.-St%C3%A1nka-Doln%C3%A9-Mladonice-prv%C3%A1-pol.-20.-stor.-vy%C5%A1ila-kr%C3%AD%C5%BEikmi-Anna-Sliacka-rod.-Mozo%C4%BEov%C3%A1-1929-2017-scaled.jpg?resize=1024%2C805&amp;ssl=1 1024w, https:\/\/i0.wp.com\/www.atelier-reklama.sk\/blog\/wp-content\/uploads\/2023\/03\/3A.-St%C3%A1nka-Doln%C3%A9-Mladonice-prv%C3%A1-pol.-20.-stor.-vy%C5%A1ila-kr%C3%AD%C5%BEikmi-Anna-Sliacka-rod.-Mozo%C4%BEov%C3%A1-1929-2017-scaled.jpg?resize=300%2C236&amp;ssl=1 300w, https:\/\/i0.wp.com\/www.atelier-reklama.sk\/blog\/wp-content\/uploads\/2023\/03\/3A.-St%C3%A1nka-Doln%C3%A9-Mladonice-prv%C3%A1-pol.-20.-stor.-vy%C5%A1ila-kr%C3%AD%C5%BEikmi-Anna-Sliacka-rod.-Mozo%C4%BEov%C3%A1-1929-2017-scaled.jpg?resize=768%2C603&amp;ssl=1 768w, https:\/\/i0.wp.com\/www.atelier-reklama.sk\/blog\/wp-content\/uploads\/2023\/03\/3A.-St%C3%A1nka-Doln%C3%A9-Mladonice-prv%C3%A1-pol.-20.-stor.-vy%C5%A1ila-kr%C3%AD%C5%BEikmi-Anna-Sliacka-rod.-Mozo%C4%BEov%C3%A1-1929-2017-scaled.jpg?resize=1536%2C1207&amp;ssl=1 1536w, https:\/\/i0.wp.com\/www.atelier-reklama.sk\/blog\/wp-content\/uploads\/2023\/03\/3A.-St%C3%A1nka-Doln%C3%A9-Mladonice-prv%C3%A1-pol.-20.-stor.-vy%C5%A1ila-kr%C3%AD%C5%BEikmi-Anna-Sliacka-rod.-Mozo%C4%BEov%C3%A1-1929-2017-scaled.jpg?resize=2048%2C1609&amp;ssl=1 2048w, https:\/\/i0.wp.com\/www.atelier-reklama.sk\/blog\/wp-content\/uploads\/2023\/03\/3A.-St%C3%A1nka-Doln%C3%A9-Mladonice-prv%C3%A1-pol.-20.-stor.-vy%C5%A1ila-kr%C3%AD%C5%BEikmi-Anna-Sliacka-rod.-Mozo%C4%BEov%C3%A1-1929-2017-scaled.jpg?w=1600&amp;ssl=1 1600w, https:\/\/i0.wp.com\/www.atelier-reklama.sk\/blog\/wp-content\/uploads\/2023\/03\/3A.-St%C3%A1nka-Doln%C3%A9-Mladonice-prv%C3%A1-pol.-20.-stor.-vy%C5%A1ila-kr%C3%AD%C5%BEikmi-Anna-Sliacka-rod.-Mozo%C4%BEov%C3%A1-1929-2017-scaled.jpg?w=2400&amp;ssl=1 2400w\" sizes=\"auto, (max-width: 800px) 100vw, 800px\" \/><\/figure>\n\n\n\n<figure class=\"wp-block-image size-large\"><img data-recalc-dims=\"1\" loading=\"lazy\" decoding=\"async\" width=\"800\" height=\"253\" data-attachment-id=\"12934\" data-permalink=\"https:\/\/www.atelier-reklama.sk\/blog\/moj-krekacsky-kroj-a-jeho-prekreslene-vzory-spolu\/3b-stanka-dolne-mladonice-prva-pol-20-stor-vysila-krizikmi-anna-sliacka-rod-mozolova-1929-2017\/\" data-orig-file=\"https:\/\/i0.wp.com\/www.atelier-reklama.sk\/blog\/wp-content\/uploads\/2023\/03\/3B.-St%C3%A1nka-Doln%C3%A9-Mladonice-prv%C3%A1-pol.-20.-stor.-vy%C5%A1ila-kr%C3%AD%C5%BEikmi-Anna-Sliacka-rod.-Mozo%C4%BEov%C3%A1-1929-2017-scaled.jpg?fit=2560%2C810&amp;ssl=1\" data-orig-size=\"2560,810\" data-comments-opened=\"1\" data-image-meta=\"{&quot;aperture&quot;:&quot;2&quot;,&quot;credit&quot;:&quot;&quot;,&quot;camera&quot;:&quot;SM-A125F&quot;,&quot;caption&quot;:&quot;&quot;,&quot;created_timestamp&quot;:&quot;1678782762&quot;,&quot;copyright&quot;:&quot;&quot;,&quot;focal_length&quot;:&quot;4.6&quot;,&quot;iso&quot;:&quot;200&quot;,&quot;shutter_speed&quot;:&quot;0.03&quot;,&quot;title&quot;:&quot;&quot;,&quot;orientation&quot;:&quot;1&quot;}\" data-image-title=\"3B.-St\u00e1nka-Doln\u00e9-Mladonice-prv\u00e1-pol.-20.-stor.-vy\u0161ila-kr\u00ed\u017eikmi-Anna-Sliacka-rod.-Mozo\u013eov\u00e1-1929-2017\" data-image-description=\"\" data-image-caption=\"\" data-medium-file=\"https:\/\/i0.wp.com\/www.atelier-reklama.sk\/blog\/wp-content\/uploads\/2023\/03\/3B.-St%C3%A1nka-Doln%C3%A9-Mladonice-prv%C3%A1-pol.-20.-stor.-vy%C5%A1ila-kr%C3%AD%C5%BEikmi-Anna-Sliacka-rod.-Mozo%C4%BEov%C3%A1-1929-2017-scaled.jpg?fit=300%2C95&amp;ssl=1\" data-large-file=\"https:\/\/i0.wp.com\/www.atelier-reklama.sk\/blog\/wp-content\/uploads\/2023\/03\/3B.-St%C3%A1nka-Doln%C3%A9-Mladonice-prv%C3%A1-pol.-20.-stor.-vy%C5%A1ila-kr%C3%AD%C5%BEikmi-Anna-Sliacka-rod.-Mozo%C4%BEov%C3%A1-1929-2017-scaled.jpg?fit=800%2C253&amp;ssl=1\" src=\"https:\/\/i0.wp.com\/www.atelier-reklama.sk\/blog\/wp-content\/uploads\/2023\/03\/3B.-St%C3%A1nka-Doln%C3%A9-Mladonice-prv%C3%A1-pol.-20.-stor.-vy%C5%A1ila-kr%C3%AD%C5%BEikmi-Anna-Sliacka-rod.-Mozo%C4%BEov%C3%A1-1929-2017.jpg?resize=800%2C253&#038;ssl=1\" alt=\"\" class=\"wp-image-12934\" srcset=\"https:\/\/i0.wp.com\/www.atelier-reklama.sk\/blog\/wp-content\/uploads\/2023\/03\/3B.-St%C3%A1nka-Doln%C3%A9-Mladonice-prv%C3%A1-pol.-20.-stor.-vy%C5%A1ila-kr%C3%AD%C5%BEikmi-Anna-Sliacka-rod.-Mozo%C4%BEov%C3%A1-1929-2017-scaled.jpg?resize=1024%2C324&amp;ssl=1 1024w, https:\/\/i0.wp.com\/www.atelier-reklama.sk\/blog\/wp-content\/uploads\/2023\/03\/3B.-St%C3%A1nka-Doln%C3%A9-Mladonice-prv%C3%A1-pol.-20.-stor.-vy%C5%A1ila-kr%C3%AD%C5%BEikmi-Anna-Sliacka-rod.-Mozo%C4%BEov%C3%A1-1929-2017-scaled.jpg?resize=300%2C95&amp;ssl=1 300w, https:\/\/i0.wp.com\/www.atelier-reklama.sk\/blog\/wp-content\/uploads\/2023\/03\/3B.-St%C3%A1nka-Doln%C3%A9-Mladonice-prv%C3%A1-pol.-20.-stor.-vy%C5%A1ila-kr%C3%AD%C5%BEikmi-Anna-Sliacka-rod.-Mozo%C4%BEov%C3%A1-1929-2017-scaled.jpg?resize=768%2C243&amp;ssl=1 768w, https:\/\/i0.wp.com\/www.atelier-reklama.sk\/blog\/wp-content\/uploads\/2023\/03\/3B.-St%C3%A1nka-Doln%C3%A9-Mladonice-prv%C3%A1-pol.-20.-stor.-vy%C5%A1ila-kr%C3%AD%C5%BEikmi-Anna-Sliacka-rod.-Mozo%C4%BEov%C3%A1-1929-2017-scaled.jpg?resize=1536%2C486&amp;ssl=1 1536w, https:\/\/i0.wp.com\/www.atelier-reklama.sk\/blog\/wp-content\/uploads\/2023\/03\/3B.-St%C3%A1nka-Doln%C3%A9-Mladonice-prv%C3%A1-pol.-20.-stor.-vy%C5%A1ila-kr%C3%AD%C5%BEikmi-Anna-Sliacka-rod.-Mozo%C4%BEov%C3%A1-1929-2017-scaled.jpg?resize=2048%2C648&amp;ssl=1 2048w, https:\/\/i0.wp.com\/www.atelier-reklama.sk\/blog\/wp-content\/uploads\/2023\/03\/3B.-St%C3%A1nka-Doln%C3%A9-Mladonice-prv%C3%A1-pol.-20.-stor.-vy%C5%A1ila-kr%C3%AD%C5%BEikmi-Anna-Sliacka-rod.-Mozo%C4%BEov%C3%A1-1929-2017-scaled.jpg?w=1600&amp;ssl=1 1600w, https:\/\/i0.wp.com\/www.atelier-reklama.sk\/blog\/wp-content\/uploads\/2023\/03\/3B.-St%C3%A1nka-Doln%C3%A9-Mladonice-prv%C3%A1-pol.-20.-stor.-vy%C5%A1ila-kr%C3%AD%C5%BEikmi-Anna-Sliacka-rod.-Mozo%C4%BEov%C3%A1-1929-2017-scaled.jpg?w=2400&amp;ssl=1 2400w\" sizes=\"auto, (max-width: 800px) 100vw, 800px\" \/><\/figure>\n\n\n\n<figure class=\"wp-block-image size-large\"><img data-recalc-dims=\"1\" loading=\"lazy\" decoding=\"async\" width=\"800\" height=\"600\" data-attachment-id=\"12935\" data-permalink=\"https:\/\/www.atelier-reklama.sk\/blog\/moj-krekacsky-kroj-a-jeho-prekreslene-vzory-spolu\/3c-stanka-dolne-mladonice-prva-pol-20-stor-vysila-krizikmi-anna-sliacka-rod-mozolova-1929-2017\/\" data-orig-file=\"https:\/\/i0.wp.com\/www.atelier-reklama.sk\/blog\/wp-content\/uploads\/2023\/03\/3C.-St%C3%A1nka-Doln%C3%A9-Mladonice-prv%C3%A1-pol.-20.-stor.-vy%C5%A1ila-kr%C3%AD%C5%BEikmi-Anna-Sliacka-rod.-Mozo%C4%BEov%C3%A1-1929-2017-scaled.jpg?fit=2560%2C1920&amp;ssl=1\" data-orig-size=\"2560,1920\" data-comments-opened=\"1\" data-image-meta=\"{&quot;aperture&quot;:&quot;2&quot;,&quot;credit&quot;:&quot;&quot;,&quot;camera&quot;:&quot;SM-A125F&quot;,&quot;caption&quot;:&quot;&quot;,&quot;created_timestamp&quot;:&quot;1678782757&quot;,&quot;copyright&quot;:&quot;&quot;,&quot;focal_length&quot;:&quot;4.6&quot;,&quot;iso&quot;:&quot;200&quot;,&quot;shutter_speed&quot;:&quot;0.03&quot;,&quot;title&quot;:&quot;&quot;,&quot;orientation&quot;:&quot;1&quot;}\" data-image-title=\"3C.-St\u00e1nka-Doln\u00e9-Mladonice-prv\u00e1-pol.-20.-stor.-vy\u0161ila-kr\u00ed\u017eikmi-Anna-Sliacka-rod.-Mozo\u013eov\u00e1-1929-2017\" data-image-description=\"\" data-image-caption=\"\" data-medium-file=\"https:\/\/i0.wp.com\/www.atelier-reklama.sk\/blog\/wp-content\/uploads\/2023\/03\/3C.-St%C3%A1nka-Doln%C3%A9-Mladonice-prv%C3%A1-pol.-20.-stor.-vy%C5%A1ila-kr%C3%AD%C5%BEikmi-Anna-Sliacka-rod.-Mozo%C4%BEov%C3%A1-1929-2017-scaled.jpg?fit=300%2C225&amp;ssl=1\" data-large-file=\"https:\/\/i0.wp.com\/www.atelier-reklama.sk\/blog\/wp-content\/uploads\/2023\/03\/3C.-St%C3%A1nka-Doln%C3%A9-Mladonice-prv%C3%A1-pol.-20.-stor.-vy%C5%A1ila-kr%C3%AD%C5%BEikmi-Anna-Sliacka-rod.-Mozo%C4%BEov%C3%A1-1929-2017-scaled.jpg?fit=800%2C600&amp;ssl=1\" src=\"https:\/\/i0.wp.com\/www.atelier-reklama.sk\/blog\/wp-content\/uploads\/2023\/03\/3C.-St%C3%A1nka-Doln%C3%A9-Mladonice-prv%C3%A1-pol.-20.-stor.-vy%C5%A1ila-kr%C3%AD%C5%BEikmi-Anna-Sliacka-rod.-Mozo%C4%BEov%C3%A1-1929-2017.jpg?resize=800%2C600&#038;ssl=1\" alt=\"\" class=\"wp-image-12935\" srcset=\"https:\/\/i0.wp.com\/www.atelier-reklama.sk\/blog\/wp-content\/uploads\/2023\/03\/3C.-St%C3%A1nka-Doln%C3%A9-Mladonice-prv%C3%A1-pol.-20.-stor.-vy%C5%A1ila-kr%C3%AD%C5%BEikmi-Anna-Sliacka-rod.-Mozo%C4%BEov%C3%A1-1929-2017-scaled.jpg?resize=1024%2C768&amp;ssl=1 1024w, https:\/\/i0.wp.com\/www.atelier-reklama.sk\/blog\/wp-content\/uploads\/2023\/03\/3C.-St%C3%A1nka-Doln%C3%A9-Mladonice-prv%C3%A1-pol.-20.-stor.-vy%C5%A1ila-kr%C3%AD%C5%BEikmi-Anna-Sliacka-rod.-Mozo%C4%BEov%C3%A1-1929-2017-scaled.jpg?resize=300%2C225&amp;ssl=1 300w, https:\/\/i0.wp.com\/www.atelier-reklama.sk\/blog\/wp-content\/uploads\/2023\/03\/3C.-St%C3%A1nka-Doln%C3%A9-Mladonice-prv%C3%A1-pol.-20.-stor.-vy%C5%A1ila-kr%C3%AD%C5%BEikmi-Anna-Sliacka-rod.-Mozo%C4%BEov%C3%A1-1929-2017-scaled.jpg?resize=768%2C576&amp;ssl=1 768w, https:\/\/i0.wp.com\/www.atelier-reklama.sk\/blog\/wp-content\/uploads\/2023\/03\/3C.-St%C3%A1nka-Doln%C3%A9-Mladonice-prv%C3%A1-pol.-20.-stor.-vy%C5%A1ila-kr%C3%AD%C5%BEikmi-Anna-Sliacka-rod.-Mozo%C4%BEov%C3%A1-1929-2017-scaled.jpg?resize=1536%2C1152&amp;ssl=1 1536w, https:\/\/i0.wp.com\/www.atelier-reklama.sk\/blog\/wp-content\/uploads\/2023\/03\/3C.-St%C3%A1nka-Doln%C3%A9-Mladonice-prv%C3%A1-pol.-20.-stor.-vy%C5%A1ila-kr%C3%AD%C5%BEikmi-Anna-Sliacka-rod.-Mozo%C4%BEov%C3%A1-1929-2017-scaled.jpg?resize=2048%2C1536&amp;ssl=1 2048w, https:\/\/i0.wp.com\/www.atelier-reklama.sk\/blog\/wp-content\/uploads\/2023\/03\/3C.-St%C3%A1nka-Doln%C3%A9-Mladonice-prv%C3%A1-pol.-20.-stor.-vy%C5%A1ila-kr%C3%AD%C5%BEikmi-Anna-Sliacka-rod.-Mozo%C4%BEov%C3%A1-1929-2017-scaled.jpg?w=1600&amp;ssl=1 1600w, https:\/\/i0.wp.com\/www.atelier-reklama.sk\/blog\/wp-content\/uploads\/2023\/03\/3C.-St%C3%A1nka-Doln%C3%A9-Mladonice-prv%C3%A1-pol.-20.-stor.-vy%C5%A1ila-kr%C3%AD%C5%BEikmi-Anna-Sliacka-rod.-Mozo%C4%BEov%C3%A1-1929-2017-scaled.jpg?w=2400&amp;ssl=1 2400w\" sizes=\"auto, (max-width: 800px) 100vw, 800px\" \/><\/figure>\n\n\n\n<figure class=\"wp-block-image size-large\"><img data-recalc-dims=\"1\" loading=\"lazy\" decoding=\"async\" width=\"800\" height=\"566\" data-attachment-id=\"12936\" data-permalink=\"https:\/\/www.atelier-reklama.sk\/blog\/moj-krekacsky-kroj-a-jeho-prekreslene-vzory-spolu\/3d-stanka-dolne-mladonice-prva-pol-20-stor-vysila-krizikmi-anna-sliacka-rod-mozolova-1929\/\" data-orig-file=\"https:\/\/i0.wp.com\/www.atelier-reklama.sk\/blog\/wp-content\/uploads\/2023\/03\/3D.-St%C3%A1nka-Doln%C3%A9-Mladonice-prv%C3%A1-pol.-20.-stor.-vy%C5%A1ila-kr%C3%AD%C5%BEikmi-Anna-Sliacka-rod.-Mozo%C4%BEov%C3%A1-1929-scaled.jpg?fit=2560%2C1810&amp;ssl=1\" data-orig-size=\"2560,1810\" data-comments-opened=\"1\" data-image-meta=\"{&quot;aperture&quot;:&quot;0&quot;,&quot;credit&quot;:&quot;&quot;,&quot;camera&quot;:&quot;&quot;,&quot;caption&quot;:&quot;&quot;,&quot;created_timestamp&quot;:&quot;0&quot;,&quot;copyright&quot;:&quot;&quot;,&quot;focal_length&quot;:&quot;0&quot;,&quot;iso&quot;:&quot;0&quot;,&quot;shutter_speed&quot;:&quot;0&quot;,&quot;title&quot;:&quot;&quot;,&quot;orientation&quot;:&quot;0&quot;}\" data-image-title=\"3D.-St\u00e1nka-Doln\u00e9-Mladonice-prv\u00e1-pol.-20.-stor.-vy\u0161ila-kr\u00ed\u017eikmi-Anna-Sliacka-rod.-Mozo\u013eov\u00e1-1929\" data-image-description=\"\" data-image-caption=\"\" data-medium-file=\"https:\/\/i0.wp.com\/www.atelier-reklama.sk\/blog\/wp-content\/uploads\/2023\/03\/3D.-St%C3%A1nka-Doln%C3%A9-Mladonice-prv%C3%A1-pol.-20.-stor.-vy%C5%A1ila-kr%C3%AD%C5%BEikmi-Anna-Sliacka-rod.-Mozo%C4%BEov%C3%A1-1929-scaled.jpg?fit=300%2C212&amp;ssl=1\" data-large-file=\"https:\/\/i0.wp.com\/www.atelier-reklama.sk\/blog\/wp-content\/uploads\/2023\/03\/3D.-St%C3%A1nka-Doln%C3%A9-Mladonice-prv%C3%A1-pol.-20.-stor.-vy%C5%A1ila-kr%C3%AD%C5%BEikmi-Anna-Sliacka-rod.-Mozo%C4%BEov%C3%A1-1929-scaled.jpg?fit=800%2C566&amp;ssl=1\" src=\"https:\/\/i0.wp.com\/www.atelier-reklama.sk\/blog\/wp-content\/uploads\/2023\/03\/3D.-St%C3%A1nka-Doln%C3%A9-Mladonice-prv%C3%A1-pol.-20.-stor.-vy%C5%A1ila-kr%C3%AD%C5%BEikmi-Anna-Sliacka-rod.-Mozo%C4%BEov%C3%A1-1929.jpg?resize=800%2C566&#038;ssl=1\" alt=\"\" class=\"wp-image-12936\" srcset=\"https:\/\/i0.wp.com\/www.atelier-reklama.sk\/blog\/wp-content\/uploads\/2023\/03\/3D.-St%C3%A1nka-Doln%C3%A9-Mladonice-prv%C3%A1-pol.-20.-stor.-vy%C5%A1ila-kr%C3%AD%C5%BEikmi-Anna-Sliacka-rod.-Mozo%C4%BEov%C3%A1-1929-scaled.jpg?resize=1024%2C724&amp;ssl=1 1024w, https:\/\/i0.wp.com\/www.atelier-reklama.sk\/blog\/wp-content\/uploads\/2023\/03\/3D.-St%C3%A1nka-Doln%C3%A9-Mladonice-prv%C3%A1-pol.-20.-stor.-vy%C5%A1ila-kr%C3%AD%C5%BEikmi-Anna-Sliacka-rod.-Mozo%C4%BEov%C3%A1-1929-scaled.jpg?resize=300%2C212&amp;ssl=1 300w, https:\/\/i0.wp.com\/www.atelier-reklama.sk\/blog\/wp-content\/uploads\/2023\/03\/3D.-St%C3%A1nka-Doln%C3%A9-Mladonice-prv%C3%A1-pol.-20.-stor.-vy%C5%A1ila-kr%C3%AD%C5%BEikmi-Anna-Sliacka-rod.-Mozo%C4%BEov%C3%A1-1929-scaled.jpg?resize=768%2C543&amp;ssl=1 768w, https:\/\/i0.wp.com\/www.atelier-reklama.sk\/blog\/wp-content\/uploads\/2023\/03\/3D.-St%C3%A1nka-Doln%C3%A9-Mladonice-prv%C3%A1-pol.-20.-stor.-vy%C5%A1ila-kr%C3%AD%C5%BEikmi-Anna-Sliacka-rod.-Mozo%C4%BEov%C3%A1-1929-scaled.jpg?resize=1536%2C1086&amp;ssl=1 1536w, https:\/\/i0.wp.com\/www.atelier-reklama.sk\/blog\/wp-content\/uploads\/2023\/03\/3D.-St%C3%A1nka-Doln%C3%A9-Mladonice-prv%C3%A1-pol.-20.-stor.-vy%C5%A1ila-kr%C3%AD%C5%BEikmi-Anna-Sliacka-rod.-Mozo%C4%BEov%C3%A1-1929-scaled.jpg?resize=2048%2C1448&amp;ssl=1 2048w, https:\/\/i0.wp.com\/www.atelier-reklama.sk\/blog\/wp-content\/uploads\/2023\/03\/3D.-St%C3%A1nka-Doln%C3%A9-Mladonice-prv%C3%A1-pol.-20.-stor.-vy%C5%A1ila-kr%C3%AD%C5%BEikmi-Anna-Sliacka-rod.-Mozo%C4%BEov%C3%A1-1929-scaled.jpg?w=1600&amp;ssl=1 1600w, https:\/\/i0.wp.com\/www.atelier-reklama.sk\/blog\/wp-content\/uploads\/2023\/03\/3D.-St%C3%A1nka-Doln%C3%A9-Mladonice-prv%C3%A1-pol.-20.-stor.-vy%C5%A1ila-kr%C3%AD%C5%BEikmi-Anna-Sliacka-rod.-Mozo%C4%BEov%C3%A1-1929-scaled.jpg?w=2400&amp;ssl=1 2400w\" sizes=\"auto, (max-width: 800px) 100vw, 800px\" \/><\/figure>\n\n\n\n<figure class=\"wp-block-image size-large\"><img data-recalc-dims=\"1\" loading=\"lazy\" decoding=\"async\" width=\"800\" height=\"629\" data-attachment-id=\"12937\" data-permalink=\"https:\/\/www.atelier-reklama.sk\/blog\/moj-krekacsky-kroj-a-jeho-prekreslene-vzory-spolu\/3e-stanka-spredu-dolne-mladonice-prva-pol-20-stor-vysila-krizikmi-anna-sliacka-rod-mozolova-1929-2017\/\" data-orig-file=\"https:\/\/i0.wp.com\/www.atelier-reklama.sk\/blog\/wp-content\/uploads\/2023\/03\/3E.-St%C3%A1nka-spredu-Doln%C3%A9-Mladonice-prv%C3%A1-pol.-20.-stor.-vy%C5%A1ila-kr%C3%AD%C5%BEikmi-Anna-Sliacka-rod.-Mozo%C4%BEov%C3%A1-1929-2017-scaled.jpg?fit=2560%2C2013&amp;ssl=1\" data-orig-size=\"2560,2013\" data-comments-opened=\"1\" data-image-meta=\"{&quot;aperture&quot;:&quot;2&quot;,&quot;credit&quot;:&quot;&quot;,&quot;camera&quot;:&quot;SM-A125F&quot;,&quot;caption&quot;:&quot;&quot;,&quot;created_timestamp&quot;:&quot;1678782785&quot;,&quot;copyright&quot;:&quot;&quot;,&quot;focal_length&quot;:&quot;4.6&quot;,&quot;iso&quot;:&quot;200&quot;,&quot;shutter_speed&quot;:&quot;0.03&quot;,&quot;title&quot;:&quot;&quot;,&quot;orientation&quot;:&quot;1&quot;}\" data-image-title=\"3E.-St\u00e1nka-spredu-Doln\u00e9-Mladonice-prv\u00e1-pol.-20.-stor.-vy\u0161ila-kr\u00ed\u017eikmi-Anna-Sliacka-rod.-Mozo\u013eov\u00e1-1929-2017\" data-image-description=\"\" data-image-caption=\"\" data-medium-file=\"https:\/\/i0.wp.com\/www.atelier-reklama.sk\/blog\/wp-content\/uploads\/2023\/03\/3E.-St%C3%A1nka-spredu-Doln%C3%A9-Mladonice-prv%C3%A1-pol.-20.-stor.-vy%C5%A1ila-kr%C3%AD%C5%BEikmi-Anna-Sliacka-rod.-Mozo%C4%BEov%C3%A1-1929-2017-scaled.jpg?fit=300%2C236&amp;ssl=1\" data-large-file=\"https:\/\/i0.wp.com\/www.atelier-reklama.sk\/blog\/wp-content\/uploads\/2023\/03\/3E.-St%C3%A1nka-spredu-Doln%C3%A9-Mladonice-prv%C3%A1-pol.-20.-stor.-vy%C5%A1ila-kr%C3%AD%C5%BEikmi-Anna-Sliacka-rod.-Mozo%C4%BEov%C3%A1-1929-2017-scaled.jpg?fit=800%2C629&amp;ssl=1\" src=\"https:\/\/i0.wp.com\/www.atelier-reklama.sk\/blog\/wp-content\/uploads\/2023\/03\/3E.-St%C3%A1nka-spredu-Doln%C3%A9-Mladonice-prv%C3%A1-pol.-20.-stor.-vy%C5%A1ila-kr%C3%AD%C5%BEikmi-Anna-Sliacka-rod.-Mozo%C4%BEov%C3%A1-1929-2017.jpg?resize=800%2C629&#038;ssl=1\" alt=\"\" class=\"wp-image-12937\" srcset=\"https:\/\/i0.wp.com\/www.atelier-reklama.sk\/blog\/wp-content\/uploads\/2023\/03\/3E.-St%C3%A1nka-spredu-Doln%C3%A9-Mladonice-prv%C3%A1-pol.-20.-stor.-vy%C5%A1ila-kr%C3%AD%C5%BEikmi-Anna-Sliacka-rod.-Mozo%C4%BEov%C3%A1-1929-2017-scaled.jpg?resize=1024%2C805&amp;ssl=1 1024w, https:\/\/i0.wp.com\/www.atelier-reklama.sk\/blog\/wp-content\/uploads\/2023\/03\/3E.-St%C3%A1nka-spredu-Doln%C3%A9-Mladonice-prv%C3%A1-pol.-20.-stor.-vy%C5%A1ila-kr%C3%AD%C5%BEikmi-Anna-Sliacka-rod.-Mozo%C4%BEov%C3%A1-1929-2017-scaled.jpg?resize=300%2C236&amp;ssl=1 300w, https:\/\/i0.wp.com\/www.atelier-reklama.sk\/blog\/wp-content\/uploads\/2023\/03\/3E.-St%C3%A1nka-spredu-Doln%C3%A9-Mladonice-prv%C3%A1-pol.-20.-stor.-vy%C5%A1ila-kr%C3%AD%C5%BEikmi-Anna-Sliacka-rod.-Mozo%C4%BEov%C3%A1-1929-2017-scaled.jpg?resize=768%2C604&amp;ssl=1 768w, https:\/\/i0.wp.com\/www.atelier-reklama.sk\/blog\/wp-content\/uploads\/2023\/03\/3E.-St%C3%A1nka-spredu-Doln%C3%A9-Mladonice-prv%C3%A1-pol.-20.-stor.-vy%C5%A1ila-kr%C3%AD%C5%BEikmi-Anna-Sliacka-rod.-Mozo%C4%BEov%C3%A1-1929-2017-scaled.jpg?resize=1536%2C1208&amp;ssl=1 1536w, https:\/\/i0.wp.com\/www.atelier-reklama.sk\/blog\/wp-content\/uploads\/2023\/03\/3E.-St%C3%A1nka-spredu-Doln%C3%A9-Mladonice-prv%C3%A1-pol.-20.-stor.-vy%C5%A1ila-kr%C3%AD%C5%BEikmi-Anna-Sliacka-rod.-Mozo%C4%BEov%C3%A1-1929-2017-scaled.jpg?resize=2048%2C1610&amp;ssl=1 2048w, https:\/\/i0.wp.com\/www.atelier-reklama.sk\/blog\/wp-content\/uploads\/2023\/03\/3E.-St%C3%A1nka-spredu-Doln%C3%A9-Mladonice-prv%C3%A1-pol.-20.-stor.-vy%C5%A1ila-kr%C3%AD%C5%BEikmi-Anna-Sliacka-rod.-Mozo%C4%BEov%C3%A1-1929-2017-scaled.jpg?w=1600&amp;ssl=1 1600w, https:\/\/i0.wp.com\/www.atelier-reklama.sk\/blog\/wp-content\/uploads\/2023\/03\/3E.-St%C3%A1nka-spredu-Doln%C3%A9-Mladonice-prv%C3%A1-pol.-20.-stor.-vy%C5%A1ila-kr%C3%AD%C5%BEikmi-Anna-Sliacka-rod.-Mozo%C4%BEov%C3%A1-1929-2017-scaled.jpg?w=2400&amp;ssl=1 2400w\" sizes=\"auto, (max-width: 800px) 100vw, 800px\" \/><\/figure>\n\n\n\n<p>4. St\u00e1nka pre star\u0161iu \u017eenu, Doln\u00e9 Mladonice, prv\u00e1 pol. 20. stor.,vy\u0161it\u00e9 kr\u00ed\u017eikmi, predch\u00e1dzaj\u00faci vlastn\u00edk Anna Sliacka, rod. Mozo\u013eov\u00e1 (1929-2017)<\/p>\n\n\n\n<figure class=\"wp-block-image size-large\"><img data-recalc-dims=\"1\" loading=\"lazy\" decoding=\"async\" width=\"800\" height=\"691\" data-attachment-id=\"12938\" data-permalink=\"https:\/\/www.atelier-reklama.sk\/blog\/moj-krekacsky-kroj-a-jeho-prekreslene-vzory-spolu\/4a-stanka-pre-starsiu-zenu-dolne-mladonice-prva-pol-20-stor-vysite-krizikmi-predchadzajuci-vlastnik-anna-sliacka-rod-mozolova-1929-2017\/\" data-orig-file=\"https:\/\/i0.wp.com\/www.atelier-reklama.sk\/blog\/wp-content\/uploads\/2023\/03\/4A.-St%C3%A1nka-pre-star%C5%A1iu-%C5%BEenu-Doln%C3%A9-Mladonice-prv%C3%A1-pol.-20.-stor.vy%C5%A1it%C3%A9-kr%C3%AD%C5%BEikmi-predch%C3%A1dzaj%C3%BAci-vlastn%C3%ADk-Anna-Sliacka-rod.-Mozo%C4%BEov%C3%A1-1929-2017-scaled.jpg?fit=2560%2C2209&amp;ssl=1\" data-orig-size=\"2560,2209\" data-comments-opened=\"1\" data-image-meta=\"{&quot;aperture&quot;:&quot;2&quot;,&quot;credit&quot;:&quot;&quot;,&quot;camera&quot;:&quot;SM-A125F&quot;,&quot;caption&quot;:&quot;&quot;,&quot;created_timestamp&quot;:&quot;1678782998&quot;,&quot;copyright&quot;:&quot;&quot;,&quot;focal_length&quot;:&quot;4.6&quot;,&quot;iso&quot;:&quot;160&quot;,&quot;shutter_speed&quot;:&quot;0.03&quot;,&quot;title&quot;:&quot;&quot;,&quot;orientation&quot;:&quot;1&quot;}\" data-image-title=\"4A.-St\u00e1nka-pre-star\u0161iu-\u017eenu-Doln\u00e9-Mladonice-prv\u00e1-pol.-20.-stor.vy\u0161it\u00e9-kr\u00ed\u017eikmi-predch\u00e1dzaj\u00faci-vlastn\u00edk-Anna-Sliacka-rod.-Mozo\u013eov\u00e1-1929-2017\" data-image-description=\"\" data-image-caption=\"\" data-medium-file=\"https:\/\/i0.wp.com\/www.atelier-reklama.sk\/blog\/wp-content\/uploads\/2023\/03\/4A.-St%C3%A1nka-pre-star%C5%A1iu-%C5%BEenu-Doln%C3%A9-Mladonice-prv%C3%A1-pol.-20.-stor.vy%C5%A1it%C3%A9-kr%C3%AD%C5%BEikmi-predch%C3%A1dzaj%C3%BAci-vlastn%C3%ADk-Anna-Sliacka-rod.-Mozo%C4%BEov%C3%A1-1929-2017-scaled.jpg?fit=300%2C259&amp;ssl=1\" data-large-file=\"https:\/\/i0.wp.com\/www.atelier-reklama.sk\/blog\/wp-content\/uploads\/2023\/03\/4A.-St%C3%A1nka-pre-star%C5%A1iu-%C5%BEenu-Doln%C3%A9-Mladonice-prv%C3%A1-pol.-20.-stor.vy%C5%A1it%C3%A9-kr%C3%AD%C5%BEikmi-predch%C3%A1dzaj%C3%BAci-vlastn%C3%ADk-Anna-Sliacka-rod.-Mozo%C4%BEov%C3%A1-1929-2017-scaled.jpg?fit=800%2C691&amp;ssl=1\" src=\"https:\/\/i0.wp.com\/www.atelier-reklama.sk\/blog\/wp-content\/uploads\/2023\/03\/4A.-St%C3%A1nka-pre-star%C5%A1iu-%C5%BEenu-Doln%C3%A9-Mladonice-prv%C3%A1-pol.-20.-stor.vy%C5%A1it%C3%A9-kr%C3%AD%C5%BEikmi-predch%C3%A1dzaj%C3%BAci-vlastn%C3%ADk-Anna-Sliacka-rod.-Mozo%C4%BEov%C3%A1-1929-2017.jpg?resize=800%2C691&#038;ssl=1\" alt=\"\" class=\"wp-image-12938\" srcset=\"https:\/\/i0.wp.com\/www.atelier-reklama.sk\/blog\/wp-content\/uploads\/2023\/03\/4A.-St%C3%A1nka-pre-star%C5%A1iu-%C5%BEenu-Doln%C3%A9-Mladonice-prv%C3%A1-pol.-20.-stor.vy%C5%A1it%C3%A9-kr%C3%AD%C5%BEikmi-predch%C3%A1dzaj%C3%BAci-vlastn%C3%ADk-Anna-Sliacka-rod.-Mozo%C4%BEov%C3%A1-1929-2017-scaled.jpg?resize=1024%2C884&amp;ssl=1 1024w, https:\/\/i0.wp.com\/www.atelier-reklama.sk\/blog\/wp-content\/uploads\/2023\/03\/4A.-St%C3%A1nka-pre-star%C5%A1iu-%C5%BEenu-Doln%C3%A9-Mladonice-prv%C3%A1-pol.-20.-stor.vy%C5%A1it%C3%A9-kr%C3%AD%C5%BEikmi-predch%C3%A1dzaj%C3%BAci-vlastn%C3%ADk-Anna-Sliacka-rod.-Mozo%C4%BEov%C3%A1-1929-2017-scaled.jpg?resize=300%2C259&amp;ssl=1 300w, https:\/\/i0.wp.com\/www.atelier-reklama.sk\/blog\/wp-content\/uploads\/2023\/03\/4A.-St%C3%A1nka-pre-star%C5%A1iu-%C5%BEenu-Doln%C3%A9-Mladonice-prv%C3%A1-pol.-20.-stor.vy%C5%A1it%C3%A9-kr%C3%AD%C5%BEikmi-predch%C3%A1dzaj%C3%BAci-vlastn%C3%ADk-Anna-Sliacka-rod.-Mozo%C4%BEov%C3%A1-1929-2017-scaled.jpg?resize=768%2C663&amp;ssl=1 768w, https:\/\/i0.wp.com\/www.atelier-reklama.sk\/blog\/wp-content\/uploads\/2023\/03\/4A.-St%C3%A1nka-pre-star%C5%A1iu-%C5%BEenu-Doln%C3%A9-Mladonice-prv%C3%A1-pol.-20.-stor.vy%C5%A1it%C3%A9-kr%C3%AD%C5%BEikmi-predch%C3%A1dzaj%C3%BAci-vlastn%C3%ADk-Anna-Sliacka-rod.-Mozo%C4%BEov%C3%A1-1929-2017-scaled.jpg?resize=1536%2C1326&amp;ssl=1 1536w, https:\/\/i0.wp.com\/www.atelier-reklama.sk\/blog\/wp-content\/uploads\/2023\/03\/4A.-St%C3%A1nka-pre-star%C5%A1iu-%C5%BEenu-Doln%C3%A9-Mladonice-prv%C3%A1-pol.-20.-stor.vy%C5%A1it%C3%A9-kr%C3%AD%C5%BEikmi-predch%C3%A1dzaj%C3%BAci-vlastn%C3%ADk-Anna-Sliacka-rod.-Mozo%C4%BEov%C3%A1-1929-2017-scaled.jpg?resize=2048%2C1768&amp;ssl=1 2048w, https:\/\/i0.wp.com\/www.atelier-reklama.sk\/blog\/wp-content\/uploads\/2023\/03\/4A.-St%C3%A1nka-pre-star%C5%A1iu-%C5%BEenu-Doln%C3%A9-Mladonice-prv%C3%A1-pol.-20.-stor.vy%C5%A1it%C3%A9-kr%C3%AD%C5%BEikmi-predch%C3%A1dzaj%C3%BAci-vlastn%C3%ADk-Anna-Sliacka-rod.-Mozo%C4%BEov%C3%A1-1929-2017-scaled.jpg?w=1600&amp;ssl=1 1600w, https:\/\/i0.wp.com\/www.atelier-reklama.sk\/blog\/wp-content\/uploads\/2023\/03\/4A.-St%C3%A1nka-pre-star%C5%A1iu-%C5%BEenu-Doln%C3%A9-Mladonice-prv%C3%A1-pol.-20.-stor.vy%C5%A1it%C3%A9-kr%C3%AD%C5%BEikmi-predch%C3%A1dzaj%C3%BAci-vlastn%C3%ADk-Anna-Sliacka-rod.-Mozo%C4%BEov%C3%A1-1929-2017-scaled.jpg?w=2400&amp;ssl=1 2400w\" sizes=\"auto, (max-width: 800px) 100vw, 800px\" \/><\/figure>\n\n\n\n<figure class=\"wp-block-image size-large\"><img data-recalc-dims=\"1\" loading=\"lazy\" decoding=\"async\" width=\"800\" height=\"314\" data-attachment-id=\"12939\" data-permalink=\"https:\/\/www.atelier-reklama.sk\/blog\/moj-krekacsky-kroj-a-jeho-prekreslene-vzory-spolu\/4b-stanka-pre-starsiu-zenu-dolne-mladonice-prva-pol-20-stor-vysite-krizikmi-predchadzajuci-vlastnik-anna-sliacka-rod-mozolova-1929-2017\/\" data-orig-file=\"https:\/\/i0.wp.com\/www.atelier-reklama.sk\/blog\/wp-content\/uploads\/2023\/03\/4B.-St%C3%A1nka-pre-star%C5%A1iu-%C5%BEenu-Doln%C3%A9-Mladonice-prv%C3%A1-pol.-20.-stor.vy%C5%A1it%C3%A9-kr%C3%AD%C5%BEikmi-predch%C3%A1dzaj%C3%BAci-vlastn%C3%ADk-Anna-Sliacka-rod.-Mozo%C4%BEov%C3%A1-1929-2017-scaled.jpg?fit=2560%2C1006&amp;ssl=1\" data-orig-size=\"2560,1006\" data-comments-opened=\"1\" data-image-meta=\"{&quot;aperture&quot;:&quot;2&quot;,&quot;credit&quot;:&quot;&quot;,&quot;camera&quot;:&quot;SM-A125F&quot;,&quot;caption&quot;:&quot;&quot;,&quot;created_timestamp&quot;:&quot;1678783015&quot;,&quot;copyright&quot;:&quot;&quot;,&quot;focal_length&quot;:&quot;4.6&quot;,&quot;iso&quot;:&quot;200&quot;,&quot;shutter_speed&quot;:&quot;0.03&quot;,&quot;title&quot;:&quot;&quot;,&quot;orientation&quot;:&quot;1&quot;}\" data-image-title=\"4B.-St\u00e1nka-pre-star\u0161iu-\u017eenu-Doln\u00e9-Mladonice-prv\u00e1-pol.-20.-stor.vy\u0161it\u00e9-kr\u00ed\u017eikmi-predch\u00e1dzaj\u00faci-vlastn\u00edk-Anna-Sliacka-rod.-Mozo\u013eov\u00e1-1929-2017\" data-image-description=\"\" data-image-caption=\"\" data-medium-file=\"https:\/\/i0.wp.com\/www.atelier-reklama.sk\/blog\/wp-content\/uploads\/2023\/03\/4B.-St%C3%A1nka-pre-star%C5%A1iu-%C5%BEenu-Doln%C3%A9-Mladonice-prv%C3%A1-pol.-20.-stor.vy%C5%A1it%C3%A9-kr%C3%AD%C5%BEikmi-predch%C3%A1dzaj%C3%BAci-vlastn%C3%ADk-Anna-Sliacka-rod.-Mozo%C4%BEov%C3%A1-1929-2017-scaled.jpg?fit=300%2C118&amp;ssl=1\" data-large-file=\"https:\/\/i0.wp.com\/www.atelier-reklama.sk\/blog\/wp-content\/uploads\/2023\/03\/4B.-St%C3%A1nka-pre-star%C5%A1iu-%C5%BEenu-Doln%C3%A9-Mladonice-prv%C3%A1-pol.-20.-stor.vy%C5%A1it%C3%A9-kr%C3%AD%C5%BEikmi-predch%C3%A1dzaj%C3%BAci-vlastn%C3%ADk-Anna-Sliacka-rod.-Mozo%C4%BEov%C3%A1-1929-2017-scaled.jpg?fit=800%2C314&amp;ssl=1\" src=\"https:\/\/i0.wp.com\/www.atelier-reklama.sk\/blog\/wp-content\/uploads\/2023\/03\/4B.-St%C3%A1nka-pre-star%C5%A1iu-%C5%BEenu-Doln%C3%A9-Mladonice-prv%C3%A1-pol.-20.-stor.vy%C5%A1it%C3%A9-kr%C3%AD%C5%BEikmi-predch%C3%A1dzaj%C3%BAci-vlastn%C3%ADk-Anna-Sliacka-rod.-Mozo%C4%BEov%C3%A1-1929-2017.jpg?resize=800%2C314&#038;ssl=1\" alt=\"\" class=\"wp-image-12939\" srcset=\"https:\/\/i0.wp.com\/www.atelier-reklama.sk\/blog\/wp-content\/uploads\/2023\/03\/4B.-St%C3%A1nka-pre-star%C5%A1iu-%C5%BEenu-Doln%C3%A9-Mladonice-prv%C3%A1-pol.-20.-stor.vy%C5%A1it%C3%A9-kr%C3%AD%C5%BEikmi-predch%C3%A1dzaj%C3%BAci-vlastn%C3%ADk-Anna-Sliacka-rod.-Mozo%C4%BEov%C3%A1-1929-2017-scaled.jpg?resize=1024%2C402&amp;ssl=1 1024w, https:\/\/i0.wp.com\/www.atelier-reklama.sk\/blog\/wp-content\/uploads\/2023\/03\/4B.-St%C3%A1nka-pre-star%C5%A1iu-%C5%BEenu-Doln%C3%A9-Mladonice-prv%C3%A1-pol.-20.-stor.vy%C5%A1it%C3%A9-kr%C3%AD%C5%BEikmi-predch%C3%A1dzaj%C3%BAci-vlastn%C3%ADk-Anna-Sliacka-rod.-Mozo%C4%BEov%C3%A1-1929-2017-scaled.jpg?resize=300%2C118&amp;ssl=1 300w, https:\/\/i0.wp.com\/www.atelier-reklama.sk\/blog\/wp-content\/uploads\/2023\/03\/4B.-St%C3%A1nka-pre-star%C5%A1iu-%C5%BEenu-Doln%C3%A9-Mladonice-prv%C3%A1-pol.-20.-stor.vy%C5%A1it%C3%A9-kr%C3%AD%C5%BEikmi-predch%C3%A1dzaj%C3%BAci-vlastn%C3%ADk-Anna-Sliacka-rod.-Mozo%C4%BEov%C3%A1-1929-2017-scaled.jpg?resize=768%2C302&amp;ssl=1 768w, https:\/\/i0.wp.com\/www.atelier-reklama.sk\/blog\/wp-content\/uploads\/2023\/03\/4B.-St%C3%A1nka-pre-star%C5%A1iu-%C5%BEenu-Doln%C3%A9-Mladonice-prv%C3%A1-pol.-20.-stor.vy%C5%A1it%C3%A9-kr%C3%AD%C5%BEikmi-predch%C3%A1dzaj%C3%BAci-vlastn%C3%ADk-Anna-Sliacka-rod.-Mozo%C4%BEov%C3%A1-1929-2017-scaled.jpg?resize=1536%2C604&amp;ssl=1 1536w, https:\/\/i0.wp.com\/www.atelier-reklama.sk\/blog\/wp-content\/uploads\/2023\/03\/4B.-St%C3%A1nka-pre-star%C5%A1iu-%C5%BEenu-Doln%C3%A9-Mladonice-prv%C3%A1-pol.-20.-stor.vy%C5%A1it%C3%A9-kr%C3%AD%C5%BEikmi-predch%C3%A1dzaj%C3%BAci-vlastn%C3%ADk-Anna-Sliacka-rod.-Mozo%C4%BEov%C3%A1-1929-2017-scaled.jpg?resize=2048%2C805&amp;ssl=1 2048w, https:\/\/i0.wp.com\/www.atelier-reklama.sk\/blog\/wp-content\/uploads\/2023\/03\/4B.-St%C3%A1nka-pre-star%C5%A1iu-%C5%BEenu-Doln%C3%A9-Mladonice-prv%C3%A1-pol.-20.-stor.vy%C5%A1it%C3%A9-kr%C3%AD%C5%BEikmi-predch%C3%A1dzaj%C3%BAci-vlastn%C3%ADk-Anna-Sliacka-rod.-Mozo%C4%BEov%C3%A1-1929-2017-scaled.jpg?w=1600&amp;ssl=1 1600w, https:\/\/i0.wp.com\/www.atelier-reklama.sk\/blog\/wp-content\/uploads\/2023\/03\/4B.-St%C3%A1nka-pre-star%C5%A1iu-%C5%BEenu-Doln%C3%A9-Mladonice-prv%C3%A1-pol.-20.-stor.vy%C5%A1it%C3%A9-kr%C3%AD%C5%BEikmi-predch%C3%A1dzaj%C3%BAci-vlastn%C3%ADk-Anna-Sliacka-rod.-Mozo%C4%BEov%C3%A1-1929-2017-scaled.jpg?w=2400&amp;ssl=1 2400w\" sizes=\"auto, (max-width: 800px) 100vw, 800px\" \/><\/figure>\n\n\n\n<figure class=\"wp-block-image size-large\"><img data-recalc-dims=\"1\" loading=\"lazy\" decoding=\"async\" width=\"800\" height=\"566\" data-attachment-id=\"12940\" data-permalink=\"https:\/\/www.atelier-reklama.sk\/blog\/moj-krekacsky-kroj-a-jeho-prekreslene-vzory-spolu\/4c-stanka-pre-starsiu-zenu-dolne-mladonice-prva-pol-20-stor-vysite-krizikmi-predchadzajuci-vlastnik-anna-sliacka-rod-mozolova-1929\/\" data-orig-file=\"https:\/\/i0.wp.com\/www.atelier-reklama.sk\/blog\/wp-content\/uploads\/2023\/03\/4C.-St%C3%A1nka-pre-star%C5%A1iu-%C5%BEenu-Doln%C3%A9-Mladonice-prv%C3%A1-pol.-20.-stor.vy%C5%A1it%C3%A9-kr%C3%AD%C5%BEikmi-predch%C3%A1dzaj%C3%BAci-vlastn%C3%ADk-Anna-Sliacka-rod.-Mozo%C4%BEov%C3%A1-1929--scaled.jpg?fit=2560%2C1810&amp;ssl=1\" data-orig-size=\"2560,1810\" data-comments-opened=\"1\" data-image-meta=\"{&quot;aperture&quot;:&quot;0&quot;,&quot;credit&quot;:&quot;&quot;,&quot;camera&quot;:&quot;&quot;,&quot;caption&quot;:&quot;&quot;,&quot;created_timestamp&quot;:&quot;0&quot;,&quot;copyright&quot;:&quot;&quot;,&quot;focal_length&quot;:&quot;0&quot;,&quot;iso&quot;:&quot;0&quot;,&quot;shutter_speed&quot;:&quot;0&quot;,&quot;title&quot;:&quot;&quot;,&quot;orientation&quot;:&quot;0&quot;}\" data-image-title=\"4C.-St\u00e1nka-pre-star\u0161iu-\u017eenu-Doln\u00e9-Mladonice-prv\u00e1-pol.-20.-stor.vy\u0161it\u00e9-kr\u00ed\u017eikmi-predch\u00e1dzaj\u00faci-vlastn\u00edk-Anna-Sliacka-rod.-Mozo\u013eov\u00e1-1929-\" data-image-description=\"\" data-image-caption=\"\" data-medium-file=\"https:\/\/i0.wp.com\/www.atelier-reklama.sk\/blog\/wp-content\/uploads\/2023\/03\/4C.-St%C3%A1nka-pre-star%C5%A1iu-%C5%BEenu-Doln%C3%A9-Mladonice-prv%C3%A1-pol.-20.-stor.vy%C5%A1it%C3%A9-kr%C3%AD%C5%BEikmi-predch%C3%A1dzaj%C3%BAci-vlastn%C3%ADk-Anna-Sliacka-rod.-Mozo%C4%BEov%C3%A1-1929--scaled.jpg?fit=300%2C212&amp;ssl=1\" data-large-file=\"https:\/\/i0.wp.com\/www.atelier-reklama.sk\/blog\/wp-content\/uploads\/2023\/03\/4C.-St%C3%A1nka-pre-star%C5%A1iu-%C5%BEenu-Doln%C3%A9-Mladonice-prv%C3%A1-pol.-20.-stor.vy%C5%A1it%C3%A9-kr%C3%AD%C5%BEikmi-predch%C3%A1dzaj%C3%BAci-vlastn%C3%ADk-Anna-Sliacka-rod.-Mozo%C4%BEov%C3%A1-1929--scaled.jpg?fit=800%2C566&amp;ssl=1\" src=\"https:\/\/i0.wp.com\/www.atelier-reklama.sk\/blog\/wp-content\/uploads\/2023\/03\/4C.-St%C3%A1nka-pre-star%C5%A1iu-%C5%BEenu-Doln%C3%A9-Mladonice-prv%C3%A1-pol.-20.-stor.vy%C5%A1it%C3%A9-kr%C3%AD%C5%BEikmi-predch%C3%A1dzaj%C3%BAci-vlastn%C3%ADk-Anna-Sliacka-rod.-Mozo%C4%BEov%C3%A1-1929-.jpg?resize=800%2C566&#038;ssl=1\" alt=\"\" class=\"wp-image-12940\" srcset=\"https:\/\/i0.wp.com\/www.atelier-reklama.sk\/blog\/wp-content\/uploads\/2023\/03\/4C.-St%C3%A1nka-pre-star%C5%A1iu-%C5%BEenu-Doln%C3%A9-Mladonice-prv%C3%A1-pol.-20.-stor.vy%C5%A1it%C3%A9-kr%C3%AD%C5%BEikmi-predch%C3%A1dzaj%C3%BAci-vlastn%C3%ADk-Anna-Sliacka-rod.-Mozo%C4%BEov%C3%A1-1929--scaled.jpg?resize=1024%2C724&amp;ssl=1 1024w, https:\/\/i0.wp.com\/www.atelier-reklama.sk\/blog\/wp-content\/uploads\/2023\/03\/4C.-St%C3%A1nka-pre-star%C5%A1iu-%C5%BEenu-Doln%C3%A9-Mladonice-prv%C3%A1-pol.-20.-stor.vy%C5%A1it%C3%A9-kr%C3%AD%C5%BEikmi-predch%C3%A1dzaj%C3%BAci-vlastn%C3%ADk-Anna-Sliacka-rod.-Mozo%C4%BEov%C3%A1-1929--scaled.jpg?resize=300%2C212&amp;ssl=1 300w, https:\/\/i0.wp.com\/www.atelier-reklama.sk\/blog\/wp-content\/uploads\/2023\/03\/4C.-St%C3%A1nka-pre-star%C5%A1iu-%C5%BEenu-Doln%C3%A9-Mladonice-prv%C3%A1-pol.-20.-stor.vy%C5%A1it%C3%A9-kr%C3%AD%C5%BEikmi-predch%C3%A1dzaj%C3%BAci-vlastn%C3%ADk-Anna-Sliacka-rod.-Mozo%C4%BEov%C3%A1-1929--scaled.jpg?resize=768%2C543&amp;ssl=1 768w, https:\/\/i0.wp.com\/www.atelier-reklama.sk\/blog\/wp-content\/uploads\/2023\/03\/4C.-St%C3%A1nka-pre-star%C5%A1iu-%C5%BEenu-Doln%C3%A9-Mladonice-prv%C3%A1-pol.-20.-stor.vy%C5%A1it%C3%A9-kr%C3%AD%C5%BEikmi-predch%C3%A1dzaj%C3%BAci-vlastn%C3%ADk-Anna-Sliacka-rod.-Mozo%C4%BEov%C3%A1-1929--scaled.jpg?resize=1536%2C1086&amp;ssl=1 1536w, https:\/\/i0.wp.com\/www.atelier-reklama.sk\/blog\/wp-content\/uploads\/2023\/03\/4C.-St%C3%A1nka-pre-star%C5%A1iu-%C5%BEenu-Doln%C3%A9-Mladonice-prv%C3%A1-pol.-20.-stor.vy%C5%A1it%C3%A9-kr%C3%AD%C5%BEikmi-predch%C3%A1dzaj%C3%BAci-vlastn%C3%ADk-Anna-Sliacka-rod.-Mozo%C4%BEov%C3%A1-1929--scaled.jpg?resize=2048%2C1448&amp;ssl=1 2048w, https:\/\/i0.wp.com\/www.atelier-reklama.sk\/blog\/wp-content\/uploads\/2023\/03\/4C.-St%C3%A1nka-pre-star%C5%A1iu-%C5%BEenu-Doln%C3%A9-Mladonice-prv%C3%A1-pol.-20.-stor.vy%C5%A1it%C3%A9-kr%C3%AD%C5%BEikmi-predch%C3%A1dzaj%C3%BAci-vlastn%C3%ADk-Anna-Sliacka-rod.-Mozo%C4%BEov%C3%A1-1929--scaled.jpg?w=1600&amp;ssl=1 1600w, https:\/\/i0.wp.com\/www.atelier-reklama.sk\/blog\/wp-content\/uploads\/2023\/03\/4C.-St%C3%A1nka-pre-star%C5%A1iu-%C5%BEenu-Doln%C3%A9-Mladonice-prv%C3%A1-pol.-20.-stor.vy%C5%A1it%C3%A9-kr%C3%AD%C5%BEikmi-predch%C3%A1dzaj%C3%BAci-vlastn%C3%ADk-Anna-Sliacka-rod.-Mozo%C4%BEov%C3%A1-1929--scaled.jpg?w=2400&amp;ssl=1 2400w\" sizes=\"auto, (max-width: 800px) 100vw, 800px\" \/><\/figure>\n\n\n\n<figure class=\"wp-block-image size-large\"><img data-recalc-dims=\"1\" loading=\"lazy\" decoding=\"async\" width=\"800\" height=\"675\" data-attachment-id=\"12941\" data-permalink=\"https:\/\/www.atelier-reklama.sk\/blog\/moj-krekacsky-kroj-a-jeho-prekreslene-vzory-spolu\/4d-stanka-pre-starsiu-zenu-dolne-mladonice-prva-pol-20-stor-vysite-krizikmi-predchadzajuci-vlastnik-anna-sliacka-rod-mozolova-1929-2017\/\" data-orig-file=\"https:\/\/i0.wp.com\/www.atelier-reklama.sk\/blog\/wp-content\/uploads\/2023\/03\/4D.-St%C3%A1nka-pre-star%C5%A1iu-%C5%BEenu-Doln%C3%A9-Mladonice-prv%C3%A1-pol.-20.-stor.vy%C5%A1it%C3%A9-kr%C3%AD%C5%BEikmi-predch%C3%A1dzaj%C3%BAci-vlastn%C3%ADk-Anna-Sliacka-rod.-Mozo%C4%BEov%C3%A1-1929-2017-scaled.jpg?fit=2560%2C2159&amp;ssl=1\" data-orig-size=\"2560,2159\" data-comments-opened=\"1\" data-image-meta=\"{&quot;aperture&quot;:&quot;2&quot;,&quot;credit&quot;:&quot;&quot;,&quot;camera&quot;:&quot;SM-A125F&quot;,&quot;caption&quot;:&quot;&quot;,&quot;created_timestamp&quot;:&quot;1678783040&quot;,&quot;copyright&quot;:&quot;&quot;,&quot;focal_length&quot;:&quot;4.6&quot;,&quot;iso&quot;:&quot;200&quot;,&quot;shutter_speed&quot;:&quot;0.03&quot;,&quot;title&quot;:&quot;&quot;,&quot;orientation&quot;:&quot;1&quot;}\" data-image-title=\"4D.-St\u00e1nka-pre-star\u0161iu-\u017eenu-Doln\u00e9-Mladonice-prv\u00e1-pol.-20.-stor.vy\u0161it\u00e9-kr\u00ed\u017eikmi-predch\u00e1dzaj\u00faci-vlastn\u00edk-Anna-Sliacka-rod.-Mozo\u013eov\u00e1-1929-2017\" data-image-description=\"\" data-image-caption=\"\" data-medium-file=\"https:\/\/i0.wp.com\/www.atelier-reklama.sk\/blog\/wp-content\/uploads\/2023\/03\/4D.-St%C3%A1nka-pre-star%C5%A1iu-%C5%BEenu-Doln%C3%A9-Mladonice-prv%C3%A1-pol.-20.-stor.vy%C5%A1it%C3%A9-kr%C3%AD%C5%BEikmi-predch%C3%A1dzaj%C3%BAci-vlastn%C3%ADk-Anna-Sliacka-rod.-Mozo%C4%BEov%C3%A1-1929-2017-scaled.jpg?fit=300%2C253&amp;ssl=1\" data-large-file=\"https:\/\/i0.wp.com\/www.atelier-reklama.sk\/blog\/wp-content\/uploads\/2023\/03\/4D.-St%C3%A1nka-pre-star%C5%A1iu-%C5%BEenu-Doln%C3%A9-Mladonice-prv%C3%A1-pol.-20.-stor.vy%C5%A1it%C3%A9-kr%C3%AD%C5%BEikmi-predch%C3%A1dzaj%C3%BAci-vlastn%C3%ADk-Anna-Sliacka-rod.-Mozo%C4%BEov%C3%A1-1929-2017-scaled.jpg?fit=800%2C675&amp;ssl=1\" src=\"https:\/\/i0.wp.com\/www.atelier-reklama.sk\/blog\/wp-content\/uploads\/2023\/03\/4D.-St%C3%A1nka-pre-star%C5%A1iu-%C5%BEenu-Doln%C3%A9-Mladonice-prv%C3%A1-pol.-20.-stor.vy%C5%A1it%C3%A9-kr%C3%AD%C5%BEikmi-predch%C3%A1dzaj%C3%BAci-vlastn%C3%ADk-Anna-Sliacka-rod.-Mozo%C4%BEov%C3%A1-1929-2017.jpg?resize=800%2C675&#038;ssl=1\" alt=\"\" class=\"wp-image-12941\" srcset=\"https:\/\/i0.wp.com\/www.atelier-reklama.sk\/blog\/wp-content\/uploads\/2023\/03\/4D.-St%C3%A1nka-pre-star%C5%A1iu-%C5%BEenu-Doln%C3%A9-Mladonice-prv%C3%A1-pol.-20.-stor.vy%C5%A1it%C3%A9-kr%C3%AD%C5%BEikmi-predch%C3%A1dzaj%C3%BAci-vlastn%C3%ADk-Anna-Sliacka-rod.-Mozo%C4%BEov%C3%A1-1929-2017-scaled.jpg?resize=1024%2C864&amp;ssl=1 1024w, https:\/\/i0.wp.com\/www.atelier-reklama.sk\/blog\/wp-content\/uploads\/2023\/03\/4D.-St%C3%A1nka-pre-star%C5%A1iu-%C5%BEenu-Doln%C3%A9-Mladonice-prv%C3%A1-pol.-20.-stor.vy%C5%A1it%C3%A9-kr%C3%AD%C5%BEikmi-predch%C3%A1dzaj%C3%BAci-vlastn%C3%ADk-Anna-Sliacka-rod.-Mozo%C4%BEov%C3%A1-1929-2017-scaled.jpg?resize=300%2C253&amp;ssl=1 300w, https:\/\/i0.wp.com\/www.atelier-reklama.sk\/blog\/wp-content\/uploads\/2023\/03\/4D.-St%C3%A1nka-pre-star%C5%A1iu-%C5%BEenu-Doln%C3%A9-Mladonice-prv%C3%A1-pol.-20.-stor.vy%C5%A1it%C3%A9-kr%C3%AD%C5%BEikmi-predch%C3%A1dzaj%C3%BAci-vlastn%C3%ADk-Anna-Sliacka-rod.-Mozo%C4%BEov%C3%A1-1929-2017-scaled.jpg?resize=768%2C648&amp;ssl=1 768w, https:\/\/i0.wp.com\/www.atelier-reklama.sk\/blog\/wp-content\/uploads\/2023\/03\/4D.-St%C3%A1nka-pre-star%C5%A1iu-%C5%BEenu-Doln%C3%A9-Mladonice-prv%C3%A1-pol.-20.-stor.vy%C5%A1it%C3%A9-kr%C3%AD%C5%BEikmi-predch%C3%A1dzaj%C3%BAci-vlastn%C3%ADk-Anna-Sliacka-rod.-Mozo%C4%BEov%C3%A1-1929-2017-scaled.jpg?resize=1536%2C1295&amp;ssl=1 1536w, https:\/\/i0.wp.com\/www.atelier-reklama.sk\/blog\/wp-content\/uploads\/2023\/03\/4D.-St%C3%A1nka-pre-star%C5%A1iu-%C5%BEenu-Doln%C3%A9-Mladonice-prv%C3%A1-pol.-20.-stor.vy%C5%A1it%C3%A9-kr%C3%AD%C5%BEikmi-predch%C3%A1dzaj%C3%BAci-vlastn%C3%ADk-Anna-Sliacka-rod.-Mozo%C4%BEov%C3%A1-1929-2017-scaled.jpg?resize=2048%2C1727&amp;ssl=1 2048w, https:\/\/i0.wp.com\/www.atelier-reklama.sk\/blog\/wp-content\/uploads\/2023\/03\/4D.-St%C3%A1nka-pre-star%C5%A1iu-%C5%BEenu-Doln%C3%A9-Mladonice-prv%C3%A1-pol.-20.-stor.vy%C5%A1it%C3%A9-kr%C3%AD%C5%BEikmi-predch%C3%A1dzaj%C3%BAci-vlastn%C3%ADk-Anna-Sliacka-rod.-Mozo%C4%BEov%C3%A1-1929-2017-scaled.jpg?w=1600&amp;ssl=1 1600w, https:\/\/i0.wp.com\/www.atelier-reklama.sk\/blog\/wp-content\/uploads\/2023\/03\/4D.-St%C3%A1nka-pre-star%C5%A1iu-%C5%BEenu-Doln%C3%A9-Mladonice-prv%C3%A1-pol.-20.-stor.vy%C5%A1it%C3%A9-kr%C3%AD%C5%BEikmi-predch%C3%A1dzaj%C3%BAci-vlastn%C3%ADk-Anna-Sliacka-rod.-Mozo%C4%BEov%C3%A1-1929-2017-scaled.jpg?w=2400&amp;ssl=1 2400w\" sizes=\"auto, (max-width: 800px) 100vw, 800px\" \/><\/figure>\n\n\n\n<p>5. St\u00e1nka, Litava, za\u010diatok 20. stor., p\u00f4vodn\u00fd vlastn\u00edk nezn\u00e1my<\/p>\n\n\n\n<figure class=\"wp-block-image size-large\"><img data-recalc-dims=\"1\" loading=\"lazy\" decoding=\"async\" width=\"800\" height=\"675\" data-attachment-id=\"12943\" data-permalink=\"https:\/\/www.atelier-reklama.sk\/blog\/moj-krekacsky-kroj-a-jeho-prekreslene-vzory-spolu\/5a-stanka-litava-zaciatok-20-stor-povodny-vlastnik-neznamy\/\" data-orig-file=\"https:\/\/i0.wp.com\/www.atelier-reklama.sk\/blog\/wp-content\/uploads\/2023\/03\/5A.-St%C3%A1nka-Litava-za%C4%8Diatok-20.-stor.-p%C3%B4vodn%C3%BD-vlastn%C3%ADk-nezn%C3%A1my-scaled.jpg?fit=2560%2C2159&amp;ssl=1\" data-orig-size=\"2560,2159\" data-comments-opened=\"1\" data-image-meta=\"{&quot;aperture&quot;:&quot;2&quot;,&quot;credit&quot;:&quot;&quot;,&quot;camera&quot;:&quot;SM-A125F&quot;,&quot;caption&quot;:&quot;&quot;,&quot;created_timestamp&quot;:&quot;1678783279&quot;,&quot;copyright&quot;:&quot;&quot;,&quot;focal_length&quot;:&quot;4.6&quot;,&quot;iso&quot;:&quot;200&quot;,&quot;shutter_speed&quot;:&quot;0.03&quot;,&quot;title&quot;:&quot;&quot;,&quot;orientation&quot;:&quot;1&quot;}\" data-image-title=\"5A.-St\u00e1nka-Litava-za\u010diatok-20.-stor.-p\u00f4vodn\u00fd-vlastn\u00edk-nezn\u00e1my\" data-image-description=\"\" data-image-caption=\"\" data-medium-file=\"https:\/\/i0.wp.com\/www.atelier-reklama.sk\/blog\/wp-content\/uploads\/2023\/03\/5A.-St%C3%A1nka-Litava-za%C4%8Diatok-20.-stor.-p%C3%B4vodn%C3%BD-vlastn%C3%ADk-nezn%C3%A1my-scaled.jpg?fit=300%2C253&amp;ssl=1\" data-large-file=\"https:\/\/i0.wp.com\/www.atelier-reklama.sk\/blog\/wp-content\/uploads\/2023\/03\/5A.-St%C3%A1nka-Litava-za%C4%8Diatok-20.-stor.-p%C3%B4vodn%C3%BD-vlastn%C3%ADk-nezn%C3%A1my-scaled.jpg?fit=800%2C675&amp;ssl=1\" src=\"https:\/\/i0.wp.com\/www.atelier-reklama.sk\/blog\/wp-content\/uploads\/2023\/03\/5A.-St%C3%A1nka-Litava-za%C4%8Diatok-20.-stor.-p%C3%B4vodn%C3%BD-vlastn%C3%ADk-nezn%C3%A1my.jpg?resize=800%2C675&#038;ssl=1\" alt=\"\" class=\"wp-image-12943\" srcset=\"https:\/\/i0.wp.com\/www.atelier-reklama.sk\/blog\/wp-content\/uploads\/2023\/03\/5A.-St%C3%A1nka-Litava-za%C4%8Diatok-20.-stor.-p%C3%B4vodn%C3%BD-vlastn%C3%ADk-nezn%C3%A1my-scaled.jpg?resize=1024%2C864&amp;ssl=1 1024w, https:\/\/i0.wp.com\/www.atelier-reklama.sk\/blog\/wp-content\/uploads\/2023\/03\/5A.-St%C3%A1nka-Litava-za%C4%8Diatok-20.-stor.-p%C3%B4vodn%C3%BD-vlastn%C3%ADk-nezn%C3%A1my-scaled.jpg?resize=300%2C253&amp;ssl=1 300w, https:\/\/i0.wp.com\/www.atelier-reklama.sk\/blog\/wp-content\/uploads\/2023\/03\/5A.-St%C3%A1nka-Litava-za%C4%8Diatok-20.-stor.-p%C3%B4vodn%C3%BD-vlastn%C3%ADk-nezn%C3%A1my-scaled.jpg?resize=768%2C648&amp;ssl=1 768w, https:\/\/i0.wp.com\/www.atelier-reklama.sk\/blog\/wp-content\/uploads\/2023\/03\/5A.-St%C3%A1nka-Litava-za%C4%8Diatok-20.-stor.-p%C3%B4vodn%C3%BD-vlastn%C3%ADk-nezn%C3%A1my-scaled.jpg?resize=1536%2C1295&amp;ssl=1 1536w, https:\/\/i0.wp.com\/www.atelier-reklama.sk\/blog\/wp-content\/uploads\/2023\/03\/5A.-St%C3%A1nka-Litava-za%C4%8Diatok-20.-stor.-p%C3%B4vodn%C3%BD-vlastn%C3%ADk-nezn%C3%A1my-scaled.jpg?resize=2048%2C1727&amp;ssl=1 2048w, https:\/\/i0.wp.com\/www.atelier-reklama.sk\/blog\/wp-content\/uploads\/2023\/03\/5A.-St%C3%A1nka-Litava-za%C4%8Diatok-20.-stor.-p%C3%B4vodn%C3%BD-vlastn%C3%ADk-nezn%C3%A1my-scaled.jpg?w=1600&amp;ssl=1 1600w, https:\/\/i0.wp.com\/www.atelier-reklama.sk\/blog\/wp-content\/uploads\/2023\/03\/5A.-St%C3%A1nka-Litava-za%C4%8Diatok-20.-stor.-p%C3%B4vodn%C3%BD-vlastn%C3%ADk-nezn%C3%A1my-scaled.jpg?w=2400&amp;ssl=1 2400w\" sizes=\"auto, (max-width: 800px) 100vw, 800px\" \/><\/figure>\n\n\n\n<figure class=\"wp-block-image size-large\"><img data-recalc-dims=\"1\" loading=\"lazy\" decoding=\"async\" width=\"800\" height=\"475\" data-attachment-id=\"12944\" data-permalink=\"https:\/\/www.atelier-reklama.sk\/blog\/moj-krekacsky-kroj-a-jeho-prekreslene-vzory-spolu\/5b-stanka-litava-zaciatok-20-stor-povodny-vlastnik-neznamy\/\" data-orig-file=\"https:\/\/i0.wp.com\/www.atelier-reklama.sk\/blog\/wp-content\/uploads\/2023\/03\/5B.-St%C3%A1nka-Litava-za%C4%8Diatok-20.-stor.-p%C3%B4vodn%C3%BD-vlastn%C3%ADk-nezn%C3%A1my-scaled.jpg?fit=2560%2C1519&amp;ssl=1\" data-orig-size=\"2560,1519\" data-comments-opened=\"1\" data-image-meta=\"{&quot;aperture&quot;:&quot;2&quot;,&quot;credit&quot;:&quot;&quot;,&quot;camera&quot;:&quot;SM-A125F&quot;,&quot;caption&quot;:&quot;&quot;,&quot;created_timestamp&quot;:&quot;1678783283&quot;,&quot;copyright&quot;:&quot;&quot;,&quot;focal_length&quot;:&quot;4.6&quot;,&quot;iso&quot;:&quot;200&quot;,&quot;shutter_speed&quot;:&quot;0.03&quot;,&quot;title&quot;:&quot;&quot;,&quot;orientation&quot;:&quot;1&quot;}\" data-image-title=\"5B.-St\u00e1nka-Litava-za\u010diatok-20.-stor.-p\u00f4vodn\u00fd-vlastn\u00edk-nezn\u00e1my\" data-image-description=\"\" data-image-caption=\"\" data-medium-file=\"https:\/\/i0.wp.com\/www.atelier-reklama.sk\/blog\/wp-content\/uploads\/2023\/03\/5B.-St%C3%A1nka-Litava-za%C4%8Diatok-20.-stor.-p%C3%B4vodn%C3%BD-vlastn%C3%ADk-nezn%C3%A1my-scaled.jpg?fit=300%2C178&amp;ssl=1\" data-large-file=\"https:\/\/i0.wp.com\/www.atelier-reklama.sk\/blog\/wp-content\/uploads\/2023\/03\/5B.-St%C3%A1nka-Litava-za%C4%8Diatok-20.-stor.-p%C3%B4vodn%C3%BD-vlastn%C3%ADk-nezn%C3%A1my-scaled.jpg?fit=800%2C475&amp;ssl=1\" src=\"https:\/\/i0.wp.com\/www.atelier-reklama.sk\/blog\/wp-content\/uploads\/2023\/03\/5B.-St%C3%A1nka-Litava-za%C4%8Diatok-20.-stor.-p%C3%B4vodn%C3%BD-vlastn%C3%ADk-nezn%C3%A1my.jpg?resize=800%2C475&#038;ssl=1\" alt=\"\" class=\"wp-image-12944\" srcset=\"https:\/\/i0.wp.com\/www.atelier-reklama.sk\/blog\/wp-content\/uploads\/2023\/03\/5B.-St%C3%A1nka-Litava-za%C4%8Diatok-20.-stor.-p%C3%B4vodn%C3%BD-vlastn%C3%ADk-nezn%C3%A1my-scaled.jpg?resize=1024%2C608&amp;ssl=1 1024w, https:\/\/i0.wp.com\/www.atelier-reklama.sk\/blog\/wp-content\/uploads\/2023\/03\/5B.-St%C3%A1nka-Litava-za%C4%8Diatok-20.-stor.-p%C3%B4vodn%C3%BD-vlastn%C3%ADk-nezn%C3%A1my-scaled.jpg?resize=300%2C178&amp;ssl=1 300w, https:\/\/i0.wp.com\/www.atelier-reklama.sk\/blog\/wp-content\/uploads\/2023\/03\/5B.-St%C3%A1nka-Litava-za%C4%8Diatok-20.-stor.-p%C3%B4vodn%C3%BD-vlastn%C3%ADk-nezn%C3%A1my-scaled.jpg?resize=768%2C456&amp;ssl=1 768w, https:\/\/i0.wp.com\/www.atelier-reklama.sk\/blog\/wp-content\/uploads\/2023\/03\/5B.-St%C3%A1nka-Litava-za%C4%8Diatok-20.-stor.-p%C3%B4vodn%C3%BD-vlastn%C3%ADk-nezn%C3%A1my-scaled.jpg?resize=1536%2C912&amp;ssl=1 1536w, https:\/\/i0.wp.com\/www.atelier-reklama.sk\/blog\/wp-content\/uploads\/2023\/03\/5B.-St%C3%A1nka-Litava-za%C4%8Diatok-20.-stor.-p%C3%B4vodn%C3%BD-vlastn%C3%ADk-nezn%C3%A1my-scaled.jpg?resize=2048%2C1215&amp;ssl=1 2048w, https:\/\/i0.wp.com\/www.atelier-reklama.sk\/blog\/wp-content\/uploads\/2023\/03\/5B.-St%C3%A1nka-Litava-za%C4%8Diatok-20.-stor.-p%C3%B4vodn%C3%BD-vlastn%C3%ADk-nezn%C3%A1my-scaled.jpg?w=1600&amp;ssl=1 1600w, https:\/\/i0.wp.com\/www.atelier-reklama.sk\/blog\/wp-content\/uploads\/2023\/03\/5B.-St%C3%A1nka-Litava-za%C4%8Diatok-20.-stor.-p%C3%B4vodn%C3%BD-vlastn%C3%ADk-nezn%C3%A1my-scaled.jpg?w=2400&amp;ssl=1 2400w\" sizes=\"auto, (max-width: 800px) 100vw, 800px\" \/><\/figure>\n\n\n\n<figure class=\"wp-block-image size-large\"><img data-recalc-dims=\"1\" loading=\"lazy\" decoding=\"async\" width=\"800\" height=\"265\" data-attachment-id=\"12945\" data-permalink=\"https:\/\/www.atelier-reklama.sk\/blog\/moj-krekacsky-kroj-a-jeho-prekreslene-vzory-spolu\/5c-stanka-litava-zaciatok-20-stor-povodny-vlastnik-neznamy\/\" data-orig-file=\"https:\/\/i0.wp.com\/www.atelier-reklama.sk\/blog\/wp-content\/uploads\/2023\/03\/5C.-St%C3%A1nka-Litava-za%C4%8Diatok-20.-stor.-p%C3%B4vodn%C3%BD-vlastn%C3%ADk-nezn%C3%A1my-scaled.jpg?fit=2560%2C848&amp;ssl=1\" data-orig-size=\"2560,848\" data-comments-opened=\"1\" data-image-meta=\"{&quot;aperture&quot;:&quot;2&quot;,&quot;credit&quot;:&quot;&quot;,&quot;camera&quot;:&quot;SM-A125F&quot;,&quot;caption&quot;:&quot;&quot;,&quot;created_timestamp&quot;:&quot;1678783298&quot;,&quot;copyright&quot;:&quot;&quot;,&quot;focal_length&quot;:&quot;4.6&quot;,&quot;iso&quot;:&quot;200&quot;,&quot;shutter_speed&quot;:&quot;0.03&quot;,&quot;title&quot;:&quot;&quot;,&quot;orientation&quot;:&quot;1&quot;}\" data-image-title=\"5C.-St\u00e1nka-Litava-za\u010diatok-20.-stor.-p\u00f4vodn\u00fd-vlastn\u00edk-nezn\u00e1my\" data-image-description=\"\" data-image-caption=\"\" data-medium-file=\"https:\/\/i0.wp.com\/www.atelier-reklama.sk\/blog\/wp-content\/uploads\/2023\/03\/5C.-St%C3%A1nka-Litava-za%C4%8Diatok-20.-stor.-p%C3%B4vodn%C3%BD-vlastn%C3%ADk-nezn%C3%A1my-scaled.jpg?fit=300%2C99&amp;ssl=1\" data-large-file=\"https:\/\/i0.wp.com\/www.atelier-reklama.sk\/blog\/wp-content\/uploads\/2023\/03\/5C.-St%C3%A1nka-Litava-za%C4%8Diatok-20.-stor.-p%C3%B4vodn%C3%BD-vlastn%C3%ADk-nezn%C3%A1my-scaled.jpg?fit=800%2C265&amp;ssl=1\" src=\"https:\/\/i0.wp.com\/www.atelier-reklama.sk\/blog\/wp-content\/uploads\/2023\/03\/5C.-St%C3%A1nka-Litava-za%C4%8Diatok-20.-stor.-p%C3%B4vodn%C3%BD-vlastn%C3%ADk-nezn%C3%A1my.jpg?resize=800%2C265&#038;ssl=1\" alt=\"\" class=\"wp-image-12945\" srcset=\"https:\/\/i0.wp.com\/www.atelier-reklama.sk\/blog\/wp-content\/uploads\/2023\/03\/5C.-St%C3%A1nka-Litava-za%C4%8Diatok-20.-stor.-p%C3%B4vodn%C3%BD-vlastn%C3%ADk-nezn%C3%A1my-scaled.jpg?resize=1024%2C339&amp;ssl=1 1024w, https:\/\/i0.wp.com\/www.atelier-reklama.sk\/blog\/wp-content\/uploads\/2023\/03\/5C.-St%C3%A1nka-Litava-za%C4%8Diatok-20.-stor.-p%C3%B4vodn%C3%BD-vlastn%C3%ADk-nezn%C3%A1my-scaled.jpg?resize=300%2C99&amp;ssl=1 300w, https:\/\/i0.wp.com\/www.atelier-reklama.sk\/blog\/wp-content\/uploads\/2023\/03\/5C.-St%C3%A1nka-Litava-za%C4%8Diatok-20.-stor.-p%C3%B4vodn%C3%BD-vlastn%C3%ADk-nezn%C3%A1my-scaled.jpg?resize=768%2C254&amp;ssl=1 768w, https:\/\/i0.wp.com\/www.atelier-reklama.sk\/blog\/wp-content\/uploads\/2023\/03\/5C.-St%C3%A1nka-Litava-za%C4%8Diatok-20.-stor.-p%C3%B4vodn%C3%BD-vlastn%C3%ADk-nezn%C3%A1my-scaled.jpg?resize=1536%2C509&amp;ssl=1 1536w, https:\/\/i0.wp.com\/www.atelier-reklama.sk\/blog\/wp-content\/uploads\/2023\/03\/5C.-St%C3%A1nka-Litava-za%C4%8Diatok-20.-stor.-p%C3%B4vodn%C3%BD-vlastn%C3%ADk-nezn%C3%A1my-scaled.jpg?resize=2048%2C678&amp;ssl=1 2048w, https:\/\/i0.wp.com\/www.atelier-reklama.sk\/blog\/wp-content\/uploads\/2023\/03\/5C.-St%C3%A1nka-Litava-za%C4%8Diatok-20.-stor.-p%C3%B4vodn%C3%BD-vlastn%C3%ADk-nezn%C3%A1my-scaled.jpg?w=1600&amp;ssl=1 1600w, https:\/\/i0.wp.com\/www.atelier-reklama.sk\/blog\/wp-content\/uploads\/2023\/03\/5C.-St%C3%A1nka-Litava-za%C4%8Diatok-20.-stor.-p%C3%B4vodn%C3%BD-vlastn%C3%ADk-nezn%C3%A1my-scaled.jpg?w=2400&amp;ssl=1 2400w\" sizes=\"auto, (max-width: 800px) 100vw, 800px\" \/><\/figure>\n\n\n\n<figure class=\"wp-block-image size-large\"><img data-recalc-dims=\"1\" loading=\"lazy\" decoding=\"async\" width=\"800\" height=\"566\" data-attachment-id=\"12946\" data-permalink=\"https:\/\/www.atelier-reklama.sk\/blog\/moj-krekacsky-kroj-a-jeho-prekreslene-vzory-spolu\/5d-stanka-litava-zaciatok-20-stor-povodny-vlastnik-neznamy\/\" data-orig-file=\"https:\/\/i0.wp.com\/www.atelier-reklama.sk\/blog\/wp-content\/uploads\/2023\/03\/5D.-St%C3%A1nka-Litava-za%C4%8Diatok-20.-stor.-p%C3%B4vodn%C3%BD-vlastn%C3%ADk-nezn%C3%A1my-scaled.jpg?fit=2560%2C1810&amp;ssl=1\" data-orig-size=\"2560,1810\" data-comments-opened=\"1\" data-image-meta=\"{&quot;aperture&quot;:&quot;0&quot;,&quot;credit&quot;:&quot;&quot;,&quot;camera&quot;:&quot;&quot;,&quot;caption&quot;:&quot;&quot;,&quot;created_timestamp&quot;:&quot;0&quot;,&quot;copyright&quot;:&quot;&quot;,&quot;focal_length&quot;:&quot;0&quot;,&quot;iso&quot;:&quot;0&quot;,&quot;shutter_speed&quot;:&quot;0&quot;,&quot;title&quot;:&quot;&quot;,&quot;orientation&quot;:&quot;1&quot;}\" data-image-title=\"5D.-St\u00e1nka-Litava-za\u010diatok-20.-stor.-p\u00f4vodn\u00fd-vlastn\u00edk-nezn\u00e1my\" data-image-description=\"\" data-image-caption=\"\" data-medium-file=\"https:\/\/i0.wp.com\/www.atelier-reklama.sk\/blog\/wp-content\/uploads\/2023\/03\/5D.-St%C3%A1nka-Litava-za%C4%8Diatok-20.-stor.-p%C3%B4vodn%C3%BD-vlastn%C3%ADk-nezn%C3%A1my-scaled.jpg?fit=300%2C212&amp;ssl=1\" data-large-file=\"https:\/\/i0.wp.com\/www.atelier-reklama.sk\/blog\/wp-content\/uploads\/2023\/03\/5D.-St%C3%A1nka-Litava-za%C4%8Diatok-20.-stor.-p%C3%B4vodn%C3%BD-vlastn%C3%ADk-nezn%C3%A1my-scaled.jpg?fit=800%2C566&amp;ssl=1\" src=\"https:\/\/i0.wp.com\/www.atelier-reklama.sk\/blog\/wp-content\/uploads\/2023\/03\/5D.-St%C3%A1nka-Litava-za%C4%8Diatok-20.-stor.-p%C3%B4vodn%C3%BD-vlastn%C3%ADk-nezn%C3%A1my.jpg?resize=800%2C566&#038;ssl=1\" alt=\"\" class=\"wp-image-12946\" srcset=\"https:\/\/i0.wp.com\/www.atelier-reklama.sk\/blog\/wp-content\/uploads\/2023\/03\/5D.-St%C3%A1nka-Litava-za%C4%8Diatok-20.-stor.-p%C3%B4vodn%C3%BD-vlastn%C3%ADk-nezn%C3%A1my-scaled.jpg?resize=1024%2C724&amp;ssl=1 1024w, https:\/\/i0.wp.com\/www.atelier-reklama.sk\/blog\/wp-content\/uploads\/2023\/03\/5D.-St%C3%A1nka-Litava-za%C4%8Diatok-20.-stor.-p%C3%B4vodn%C3%BD-vlastn%C3%ADk-nezn%C3%A1my-scaled.jpg?resize=300%2C212&amp;ssl=1 300w, https:\/\/i0.wp.com\/www.atelier-reklama.sk\/blog\/wp-content\/uploads\/2023\/03\/5D.-St%C3%A1nka-Litava-za%C4%8Diatok-20.-stor.-p%C3%B4vodn%C3%BD-vlastn%C3%ADk-nezn%C3%A1my-scaled.jpg?resize=768%2C543&amp;ssl=1 768w, https:\/\/i0.wp.com\/www.atelier-reklama.sk\/blog\/wp-content\/uploads\/2023\/03\/5D.-St%C3%A1nka-Litava-za%C4%8Diatok-20.-stor.-p%C3%B4vodn%C3%BD-vlastn%C3%ADk-nezn%C3%A1my-scaled.jpg?resize=1536%2C1086&amp;ssl=1 1536w, https:\/\/i0.wp.com\/www.atelier-reklama.sk\/blog\/wp-content\/uploads\/2023\/03\/5D.-St%C3%A1nka-Litava-za%C4%8Diatok-20.-stor.-p%C3%B4vodn%C3%BD-vlastn%C3%ADk-nezn%C3%A1my-scaled.jpg?resize=2048%2C1448&amp;ssl=1 2048w, https:\/\/i0.wp.com\/www.atelier-reklama.sk\/blog\/wp-content\/uploads\/2023\/03\/5D.-St%C3%A1nka-Litava-za%C4%8Diatok-20.-stor.-p%C3%B4vodn%C3%BD-vlastn%C3%ADk-nezn%C3%A1my-scaled.jpg?w=1600&amp;ssl=1 1600w, https:\/\/i0.wp.com\/www.atelier-reklama.sk\/blog\/wp-content\/uploads\/2023\/03\/5D.-St%C3%A1nka-Litava-za%C4%8Diatok-20.-stor.-p%C3%B4vodn%C3%BD-vlastn%C3%ADk-nezn%C3%A1my-scaled.jpg?w=2400&amp;ssl=1 2400w\" sizes=\"auto, (max-width: 800px) 100vw, 800px\" \/><\/figure>\n\n\n\n<figure class=\"wp-block-image size-large\"><img data-recalc-dims=\"1\" loading=\"lazy\" decoding=\"async\" width=\"800\" height=\"734\" data-attachment-id=\"12947\" data-permalink=\"https:\/\/www.atelier-reklama.sk\/blog\/moj-krekacsky-kroj-a-jeho-prekreslene-vzory-spolu\/5e-stanka-litava-zaciatok-20-stor-povodny-vlastnik-neznamy\/\" data-orig-file=\"https:\/\/i0.wp.com\/www.atelier-reklama.sk\/blog\/wp-content\/uploads\/2023\/03\/5E.-St%C3%A1nka-Litava-za%C4%8Diatok-20.-stor.-p%C3%B4vodn%C3%BD-vlastn%C3%ADk-nezn%C3%A1my-scaled.jpg?fit=2560%2C2350&amp;ssl=1\" data-orig-size=\"2560,2350\" data-comments-opened=\"1\" data-image-meta=\"{&quot;aperture&quot;:&quot;2&quot;,&quot;credit&quot;:&quot;&quot;,&quot;camera&quot;:&quot;SM-A125F&quot;,&quot;caption&quot;:&quot;&quot;,&quot;created_timestamp&quot;:&quot;1678783332&quot;,&quot;copyright&quot;:&quot;&quot;,&quot;focal_length&quot;:&quot;4.6&quot;,&quot;iso&quot;:&quot;160&quot;,&quot;shutter_speed&quot;:&quot;0.03&quot;,&quot;title&quot;:&quot;&quot;,&quot;orientation&quot;:&quot;1&quot;}\" data-image-title=\"5E.-St\u00e1nka-Litava-za\u010diatok-20.-stor.-p\u00f4vodn\u00fd-vlastn\u00edk-nezn\u00e1my\" data-image-description=\"\" data-image-caption=\"\" data-medium-file=\"https:\/\/i0.wp.com\/www.atelier-reklama.sk\/blog\/wp-content\/uploads\/2023\/03\/5E.-St%C3%A1nka-Litava-za%C4%8Diatok-20.-stor.-p%C3%B4vodn%C3%BD-vlastn%C3%ADk-nezn%C3%A1my-scaled.jpg?fit=300%2C275&amp;ssl=1\" data-large-file=\"https:\/\/i0.wp.com\/www.atelier-reklama.sk\/blog\/wp-content\/uploads\/2023\/03\/5E.-St%C3%A1nka-Litava-za%C4%8Diatok-20.-stor.-p%C3%B4vodn%C3%BD-vlastn%C3%ADk-nezn%C3%A1my-scaled.jpg?fit=800%2C734&amp;ssl=1\" src=\"https:\/\/i0.wp.com\/www.atelier-reklama.sk\/blog\/wp-content\/uploads\/2023\/03\/5E.-St%C3%A1nka-Litava-za%C4%8Diatok-20.-stor.-p%C3%B4vodn%C3%BD-vlastn%C3%ADk-nezn%C3%A1my.jpg?resize=800%2C734&#038;ssl=1\" alt=\"\" class=\"wp-image-12947\" srcset=\"https:\/\/i0.wp.com\/www.atelier-reklama.sk\/blog\/wp-content\/uploads\/2023\/03\/5E.-St%C3%A1nka-Litava-za%C4%8Diatok-20.-stor.-p%C3%B4vodn%C3%BD-vlastn%C3%ADk-nezn%C3%A1my-scaled.jpg?resize=1024%2C940&amp;ssl=1 1024w, https:\/\/i0.wp.com\/www.atelier-reklama.sk\/blog\/wp-content\/uploads\/2023\/03\/5E.-St%C3%A1nka-Litava-za%C4%8Diatok-20.-stor.-p%C3%B4vodn%C3%BD-vlastn%C3%ADk-nezn%C3%A1my-scaled.jpg?resize=300%2C275&amp;ssl=1 300w, https:\/\/i0.wp.com\/www.atelier-reklama.sk\/blog\/wp-content\/uploads\/2023\/03\/5E.-St%C3%A1nka-Litava-za%C4%8Diatok-20.-stor.-p%C3%B4vodn%C3%BD-vlastn%C3%ADk-nezn%C3%A1my-scaled.jpg?resize=768%2C705&amp;ssl=1 768w, https:\/\/i0.wp.com\/www.atelier-reklama.sk\/blog\/wp-content\/uploads\/2023\/03\/5E.-St%C3%A1nka-Litava-za%C4%8Diatok-20.-stor.-p%C3%B4vodn%C3%BD-vlastn%C3%ADk-nezn%C3%A1my-scaled.jpg?resize=1536%2C1410&amp;ssl=1 1536w, https:\/\/i0.wp.com\/www.atelier-reklama.sk\/blog\/wp-content\/uploads\/2023\/03\/5E.-St%C3%A1nka-Litava-za%C4%8Diatok-20.-stor.-p%C3%B4vodn%C3%BD-vlastn%C3%ADk-nezn%C3%A1my-scaled.jpg?resize=2048%2C1880&amp;ssl=1 2048w, https:\/\/i0.wp.com\/www.atelier-reklama.sk\/blog\/wp-content\/uploads\/2023\/03\/5E.-St%C3%A1nka-Litava-za%C4%8Diatok-20.-stor.-p%C3%B4vodn%C3%BD-vlastn%C3%ADk-nezn%C3%A1my-scaled.jpg?w=1600&amp;ssl=1 1600w, https:\/\/i0.wp.com\/www.atelier-reklama.sk\/blog\/wp-content\/uploads\/2023\/03\/5E.-St%C3%A1nka-Litava-za%C4%8Diatok-20.-stor.-p%C3%B4vodn%C3%BD-vlastn%C3%ADk-nezn%C3%A1my-scaled.jpg?w=2400&amp;ssl=1 2400w\" sizes=\"auto, (max-width: 800px) 100vw, 800px\" \/><\/figure>\n\n\n\n<p>6. St\u00e1nka, Litava\/Jal\u0161ov\u00edk?, za\u010diatok 20. stor., p\u00f4vodn\u00fd vlastn\u00edk nezn\u00e1my<\/p>\n\n\n\n<figure class=\"wp-block-image size-large\"><img data-recalc-dims=\"1\" loading=\"lazy\" decoding=\"async\" width=\"800\" height=\"684\" data-attachment-id=\"12948\" data-permalink=\"https:\/\/www.atelier-reklama.sk\/blog\/moj-krekacsky-kroj-a-jeho-prekreslene-vzory-spolu\/6a-stanka-litava-zaciatok-20-stor-povodny-vlastnik-neznamy\/\" data-orig-file=\"https:\/\/i0.wp.com\/www.atelier-reklama.sk\/blog\/wp-content\/uploads\/2023\/03\/6A.-St%C3%A1nka-Litava-za%C4%8Diatok-20.-stor.-p%C3%B4vodn%C3%BD-vlastn%C3%ADk-nezn%C3%A1my-scaled.jpg?fit=2560%2C2187&amp;ssl=1\" data-orig-size=\"2560,2187\" data-comments-opened=\"1\" data-image-meta=\"{&quot;aperture&quot;:&quot;2&quot;,&quot;credit&quot;:&quot;&quot;,&quot;camera&quot;:&quot;SM-A125F&quot;,&quot;caption&quot;:&quot;&quot;,&quot;created_timestamp&quot;:&quot;1678783553&quot;,&quot;copyright&quot;:&quot;&quot;,&quot;focal_length&quot;:&quot;4.6&quot;,&quot;iso&quot;:&quot;160&quot;,&quot;shutter_speed&quot;:&quot;0.03&quot;,&quot;title&quot;:&quot;&quot;,&quot;orientation&quot;:&quot;1&quot;}\" data-image-title=\"6A.-St\u00e1nka-Litava-za\u010diatok-20.-stor.-p\u00f4vodn\u00fd-vlastn\u00edk-nezn\u00e1my\" data-image-description=\"\" data-image-caption=\"\" data-medium-file=\"https:\/\/i0.wp.com\/www.atelier-reklama.sk\/blog\/wp-content\/uploads\/2023\/03\/6A.-St%C3%A1nka-Litava-za%C4%8Diatok-20.-stor.-p%C3%B4vodn%C3%BD-vlastn%C3%ADk-nezn%C3%A1my-scaled.jpg?fit=300%2C256&amp;ssl=1\" data-large-file=\"https:\/\/i0.wp.com\/www.atelier-reklama.sk\/blog\/wp-content\/uploads\/2023\/03\/6A.-St%C3%A1nka-Litava-za%C4%8Diatok-20.-stor.-p%C3%B4vodn%C3%BD-vlastn%C3%ADk-nezn%C3%A1my-scaled.jpg?fit=800%2C684&amp;ssl=1\" src=\"https:\/\/i0.wp.com\/www.atelier-reklama.sk\/blog\/wp-content\/uploads\/2023\/03\/6A.-St%C3%A1nka-Litava-za%C4%8Diatok-20.-stor.-p%C3%B4vodn%C3%BD-vlastn%C3%ADk-nezn%C3%A1my.jpg?resize=800%2C684&#038;ssl=1\" alt=\"\" class=\"wp-image-12948\" srcset=\"https:\/\/i0.wp.com\/www.atelier-reklama.sk\/blog\/wp-content\/uploads\/2023\/03\/6A.-St%C3%A1nka-Litava-za%C4%8Diatok-20.-stor.-p%C3%B4vodn%C3%BD-vlastn%C3%ADk-nezn%C3%A1my-scaled.jpg?resize=1024%2C875&amp;ssl=1 1024w, https:\/\/i0.wp.com\/www.atelier-reklama.sk\/blog\/wp-content\/uploads\/2023\/03\/6A.-St%C3%A1nka-Litava-za%C4%8Diatok-20.-stor.-p%C3%B4vodn%C3%BD-vlastn%C3%ADk-nezn%C3%A1my-scaled.jpg?resize=300%2C256&amp;ssl=1 300w, https:\/\/i0.wp.com\/www.atelier-reklama.sk\/blog\/wp-content\/uploads\/2023\/03\/6A.-St%C3%A1nka-Litava-za%C4%8Diatok-20.-stor.-p%C3%B4vodn%C3%BD-vlastn%C3%ADk-nezn%C3%A1my-scaled.jpg?resize=768%2C656&amp;ssl=1 768w, https:\/\/i0.wp.com\/www.atelier-reklama.sk\/blog\/wp-content\/uploads\/2023\/03\/6A.-St%C3%A1nka-Litava-za%C4%8Diatok-20.-stor.-p%C3%B4vodn%C3%BD-vlastn%C3%ADk-nezn%C3%A1my-scaled.jpg?resize=1536%2C1312&amp;ssl=1 1536w, https:\/\/i0.wp.com\/www.atelier-reklama.sk\/blog\/wp-content\/uploads\/2023\/03\/6A.-St%C3%A1nka-Litava-za%C4%8Diatok-20.-stor.-p%C3%B4vodn%C3%BD-vlastn%C3%ADk-nezn%C3%A1my-scaled.jpg?resize=2048%2C1749&amp;ssl=1 2048w, https:\/\/i0.wp.com\/www.atelier-reklama.sk\/blog\/wp-content\/uploads\/2023\/03\/6A.-St%C3%A1nka-Litava-za%C4%8Diatok-20.-stor.-p%C3%B4vodn%C3%BD-vlastn%C3%ADk-nezn%C3%A1my-scaled.jpg?w=1600&amp;ssl=1 1600w, https:\/\/i0.wp.com\/www.atelier-reklama.sk\/blog\/wp-content\/uploads\/2023\/03\/6A.-St%C3%A1nka-Litava-za%C4%8Diatok-20.-stor.-p%C3%B4vodn%C3%BD-vlastn%C3%ADk-nezn%C3%A1my-scaled.jpg?w=2400&amp;ssl=1 2400w\" sizes=\"auto, (max-width: 800px) 100vw, 800px\" \/><\/figure>\n\n\n\n<figure class=\"wp-block-image size-large\"><img data-recalc-dims=\"1\" loading=\"lazy\" decoding=\"async\" width=\"800\" height=\"254\" data-attachment-id=\"12949\" data-permalink=\"https:\/\/www.atelier-reklama.sk\/blog\/moj-krekacsky-kroj-a-jeho-prekreslene-vzory-spolu\/6b-stanka-litava-zaciatok-20-stor-povodny-vlastnik-neznamy\/\" data-orig-file=\"https:\/\/i0.wp.com\/www.atelier-reklama.sk\/blog\/wp-content\/uploads\/2023\/03\/6B.-St%C3%A1nka-Litava-za%C4%8Diatok-20.-stor.-p%C3%B4vodn%C3%BD-vlastn%C3%ADk-nezn%C3%A1my-scaled.jpg?fit=2560%2C813&amp;ssl=1\" data-orig-size=\"2560,813\" data-comments-opened=\"1\" data-image-meta=\"{&quot;aperture&quot;:&quot;2&quot;,&quot;credit&quot;:&quot;&quot;,&quot;camera&quot;:&quot;SM-A125F&quot;,&quot;caption&quot;:&quot;&quot;,&quot;created_timestamp&quot;:&quot;1678783566&quot;,&quot;copyright&quot;:&quot;&quot;,&quot;focal_length&quot;:&quot;4.6&quot;,&quot;iso&quot;:&quot;200&quot;,&quot;shutter_speed&quot;:&quot;0.02&quot;,&quot;title&quot;:&quot;&quot;,&quot;orientation&quot;:&quot;1&quot;}\" data-image-title=\"6B.-St\u00e1nka-Litava-za\u010diatok-20.-stor.-p\u00f4vodn\u00fd-vlastn\u00edk-nezn\u00e1my\" data-image-description=\"\" data-image-caption=\"\" data-medium-file=\"https:\/\/i0.wp.com\/www.atelier-reklama.sk\/blog\/wp-content\/uploads\/2023\/03\/6B.-St%C3%A1nka-Litava-za%C4%8Diatok-20.-stor.-p%C3%B4vodn%C3%BD-vlastn%C3%ADk-nezn%C3%A1my-scaled.jpg?fit=300%2C95&amp;ssl=1\" data-large-file=\"https:\/\/i0.wp.com\/www.atelier-reklama.sk\/blog\/wp-content\/uploads\/2023\/03\/6B.-St%C3%A1nka-Litava-za%C4%8Diatok-20.-stor.-p%C3%B4vodn%C3%BD-vlastn%C3%ADk-nezn%C3%A1my-scaled.jpg?fit=800%2C254&amp;ssl=1\" src=\"https:\/\/i0.wp.com\/www.atelier-reklama.sk\/blog\/wp-content\/uploads\/2023\/03\/6B.-St%C3%A1nka-Litava-za%C4%8Diatok-20.-stor.-p%C3%B4vodn%C3%BD-vlastn%C3%ADk-nezn%C3%A1my.jpg?resize=800%2C254&#038;ssl=1\" alt=\"\" class=\"wp-image-12949\" srcset=\"https:\/\/i0.wp.com\/www.atelier-reklama.sk\/blog\/wp-content\/uploads\/2023\/03\/6B.-St%C3%A1nka-Litava-za%C4%8Diatok-20.-stor.-p%C3%B4vodn%C3%BD-vlastn%C3%ADk-nezn%C3%A1my-scaled.jpg?resize=1024%2C325&amp;ssl=1 1024w, https:\/\/i0.wp.com\/www.atelier-reklama.sk\/blog\/wp-content\/uploads\/2023\/03\/6B.-St%C3%A1nka-Litava-za%C4%8Diatok-20.-stor.-p%C3%B4vodn%C3%BD-vlastn%C3%ADk-nezn%C3%A1my-scaled.jpg?resize=300%2C95&amp;ssl=1 300w, https:\/\/i0.wp.com\/www.atelier-reklama.sk\/blog\/wp-content\/uploads\/2023\/03\/6B.-St%C3%A1nka-Litava-za%C4%8Diatok-20.-stor.-p%C3%B4vodn%C3%BD-vlastn%C3%ADk-nezn%C3%A1my-scaled.jpg?resize=768%2C244&amp;ssl=1 768w, https:\/\/i0.wp.com\/www.atelier-reklama.sk\/blog\/wp-content\/uploads\/2023\/03\/6B.-St%C3%A1nka-Litava-za%C4%8Diatok-20.-stor.-p%C3%B4vodn%C3%BD-vlastn%C3%ADk-nezn%C3%A1my-scaled.jpg?resize=1536%2C488&amp;ssl=1 1536w, https:\/\/i0.wp.com\/www.atelier-reklama.sk\/blog\/wp-content\/uploads\/2023\/03\/6B.-St%C3%A1nka-Litava-za%C4%8Diatok-20.-stor.-p%C3%B4vodn%C3%BD-vlastn%C3%ADk-nezn%C3%A1my-scaled.jpg?resize=2048%2C650&amp;ssl=1 2048w, https:\/\/i0.wp.com\/www.atelier-reklama.sk\/blog\/wp-content\/uploads\/2023\/03\/6B.-St%C3%A1nka-Litava-za%C4%8Diatok-20.-stor.-p%C3%B4vodn%C3%BD-vlastn%C3%ADk-nezn%C3%A1my-scaled.jpg?w=1600&amp;ssl=1 1600w, https:\/\/i0.wp.com\/www.atelier-reklama.sk\/blog\/wp-content\/uploads\/2023\/03\/6B.-St%C3%A1nka-Litava-za%C4%8Diatok-20.-stor.-p%C3%B4vodn%C3%BD-vlastn%C3%ADk-nezn%C3%A1my-scaled.jpg?w=2400&amp;ssl=1 2400w\" sizes=\"auto, (max-width: 800px) 100vw, 800px\" \/><\/figure>\n\n\n\n<figure class=\"wp-block-image size-large\"><img data-recalc-dims=\"1\" loading=\"lazy\" decoding=\"async\" width=\"800\" height=\"566\" data-attachment-id=\"12950\" data-permalink=\"https:\/\/www.atelier-reklama.sk\/blog\/moj-krekacsky-kroj-a-jeho-prekreslene-vzory-spolu\/6c-stanka-litava-zaciatok-20-stor-povodny-vlastnik-neznamy\/\" data-orig-file=\"https:\/\/i0.wp.com\/www.atelier-reklama.sk\/blog\/wp-content\/uploads\/2023\/03\/6C.-St%C3%A1nka-Litava-za%C4%8Diatok-20.-stor.-p%C3%B4vodn%C3%BD-vlastn%C3%ADk-nezn%C3%A1my-scaled.jpg?fit=2560%2C1810&amp;ssl=1\" data-orig-size=\"2560,1810\" data-comments-opened=\"1\" data-image-meta=\"{&quot;aperture&quot;:&quot;0&quot;,&quot;credit&quot;:&quot;&quot;,&quot;camera&quot;:&quot;&quot;,&quot;caption&quot;:&quot;&quot;,&quot;created_timestamp&quot;:&quot;0&quot;,&quot;copyright&quot;:&quot;&quot;,&quot;focal_length&quot;:&quot;0&quot;,&quot;iso&quot;:&quot;0&quot;,&quot;shutter_speed&quot;:&quot;0&quot;,&quot;title&quot;:&quot;&quot;,&quot;orientation&quot;:&quot;0&quot;}\" data-image-title=\"6C.-St\u00e1nka-Litava-za\u010diatok-20.-stor.-p\u00f4vodn\u00fd-vlastn\u00edk-nezn\u00e1my\" data-image-description=\"\" data-image-caption=\"\" data-medium-file=\"https:\/\/i0.wp.com\/www.atelier-reklama.sk\/blog\/wp-content\/uploads\/2023\/03\/6C.-St%C3%A1nka-Litava-za%C4%8Diatok-20.-stor.-p%C3%B4vodn%C3%BD-vlastn%C3%ADk-nezn%C3%A1my-scaled.jpg?fit=300%2C212&amp;ssl=1\" data-large-file=\"https:\/\/i0.wp.com\/www.atelier-reklama.sk\/blog\/wp-content\/uploads\/2023\/03\/6C.-St%C3%A1nka-Litava-za%C4%8Diatok-20.-stor.-p%C3%B4vodn%C3%BD-vlastn%C3%ADk-nezn%C3%A1my-scaled.jpg?fit=800%2C566&amp;ssl=1\" src=\"https:\/\/i0.wp.com\/www.atelier-reklama.sk\/blog\/wp-content\/uploads\/2023\/03\/6C.-St%C3%A1nka-Litava-za%C4%8Diatok-20.-stor.-p%C3%B4vodn%C3%BD-vlastn%C3%ADk-nezn%C3%A1my.jpg?resize=800%2C566&#038;ssl=1\" alt=\"\" class=\"wp-image-12950\" srcset=\"https:\/\/i0.wp.com\/www.atelier-reklama.sk\/blog\/wp-content\/uploads\/2023\/03\/6C.-St%C3%A1nka-Litava-za%C4%8Diatok-20.-stor.-p%C3%B4vodn%C3%BD-vlastn%C3%ADk-nezn%C3%A1my-scaled.jpg?resize=1024%2C724&amp;ssl=1 1024w, https:\/\/i0.wp.com\/www.atelier-reklama.sk\/blog\/wp-content\/uploads\/2023\/03\/6C.-St%C3%A1nka-Litava-za%C4%8Diatok-20.-stor.-p%C3%B4vodn%C3%BD-vlastn%C3%ADk-nezn%C3%A1my-scaled.jpg?resize=300%2C212&amp;ssl=1 300w, https:\/\/i0.wp.com\/www.atelier-reklama.sk\/blog\/wp-content\/uploads\/2023\/03\/6C.-St%C3%A1nka-Litava-za%C4%8Diatok-20.-stor.-p%C3%B4vodn%C3%BD-vlastn%C3%ADk-nezn%C3%A1my-scaled.jpg?resize=768%2C543&amp;ssl=1 768w, https:\/\/i0.wp.com\/www.atelier-reklama.sk\/blog\/wp-content\/uploads\/2023\/03\/6C.-St%C3%A1nka-Litava-za%C4%8Diatok-20.-stor.-p%C3%B4vodn%C3%BD-vlastn%C3%ADk-nezn%C3%A1my-scaled.jpg?resize=1536%2C1086&amp;ssl=1 1536w, https:\/\/i0.wp.com\/www.atelier-reklama.sk\/blog\/wp-content\/uploads\/2023\/03\/6C.-St%C3%A1nka-Litava-za%C4%8Diatok-20.-stor.-p%C3%B4vodn%C3%BD-vlastn%C3%ADk-nezn%C3%A1my-scaled.jpg?resize=2048%2C1448&amp;ssl=1 2048w, https:\/\/i0.wp.com\/www.atelier-reklama.sk\/blog\/wp-content\/uploads\/2023\/03\/6C.-St%C3%A1nka-Litava-za%C4%8Diatok-20.-stor.-p%C3%B4vodn%C3%BD-vlastn%C3%ADk-nezn%C3%A1my-scaled.jpg?w=1600&amp;ssl=1 1600w, https:\/\/i0.wp.com\/www.atelier-reklama.sk\/blog\/wp-content\/uploads\/2023\/03\/6C.-St%C3%A1nka-Litava-za%C4%8Diatok-20.-stor.-p%C3%B4vodn%C3%BD-vlastn%C3%ADk-nezn%C3%A1my-scaled.jpg?w=2400&amp;ssl=1 2400w\" sizes=\"auto, (max-width: 800px) 100vw, 800px\" \/><\/figure>\n\n\n\n<figure class=\"wp-block-image size-large\"><img data-recalc-dims=\"1\" loading=\"lazy\" decoding=\"async\" width=\"800\" height=\"252\" data-attachment-id=\"12951\" data-permalink=\"https:\/\/www.atelier-reklama.sk\/blog\/moj-krekacsky-kroj-a-jeho-prekreslene-vzory-spolu\/6d-stanka-litava-zaciatok-20-stor-povodny-vlastnik-neznamy\/\" data-orig-file=\"https:\/\/i0.wp.com\/www.atelier-reklama.sk\/blog\/wp-content\/uploads\/2023\/03\/6D.-St%C3%A1nka-Litava-za%C4%8Diatok-20.-stor.-p%C3%B4vodn%C3%BD-vlastn%C3%ADk-nezn%C3%A1my-scaled.jpg?fit=2560%2C809&amp;ssl=1\" data-orig-size=\"2560,809\" data-comments-opened=\"1\" data-image-meta=\"{&quot;aperture&quot;:&quot;2&quot;,&quot;credit&quot;:&quot;&quot;,&quot;camera&quot;:&quot;SM-A125F&quot;,&quot;caption&quot;:&quot;&quot;,&quot;created_timestamp&quot;:&quot;1678783561&quot;,&quot;copyright&quot;:&quot;&quot;,&quot;focal_length&quot;:&quot;4.6&quot;,&quot;iso&quot;:&quot;160&quot;,&quot;shutter_speed&quot;:&quot;0.03&quot;,&quot;title&quot;:&quot;&quot;,&quot;orientation&quot;:&quot;1&quot;}\" data-image-title=\"6D.-St\u00e1nka-Litava-za\u010diatok-20.-stor.-p\u00f4vodn\u00fd-vlastn\u00edk-nezn\u00e1my\" data-image-description=\"\" data-image-caption=\"\" data-medium-file=\"https:\/\/i0.wp.com\/www.atelier-reklama.sk\/blog\/wp-content\/uploads\/2023\/03\/6D.-St%C3%A1nka-Litava-za%C4%8Diatok-20.-stor.-p%C3%B4vodn%C3%BD-vlastn%C3%ADk-nezn%C3%A1my-scaled.jpg?fit=300%2C95&amp;ssl=1\" data-large-file=\"https:\/\/i0.wp.com\/www.atelier-reklama.sk\/blog\/wp-content\/uploads\/2023\/03\/6D.-St%C3%A1nka-Litava-za%C4%8Diatok-20.-stor.-p%C3%B4vodn%C3%BD-vlastn%C3%ADk-nezn%C3%A1my-scaled.jpg?fit=800%2C252&amp;ssl=1\" src=\"https:\/\/i0.wp.com\/www.atelier-reklama.sk\/blog\/wp-content\/uploads\/2023\/03\/6D.-St%C3%A1nka-Litava-za%C4%8Diatok-20.-stor.-p%C3%B4vodn%C3%BD-vlastn%C3%ADk-nezn%C3%A1my.jpg?resize=800%2C252&#038;ssl=1\" alt=\"\" class=\"wp-image-12951\" srcset=\"https:\/\/i0.wp.com\/www.atelier-reklama.sk\/blog\/wp-content\/uploads\/2023\/03\/6D.-St%C3%A1nka-Litava-za%C4%8Diatok-20.-stor.-p%C3%B4vodn%C3%BD-vlastn%C3%ADk-nezn%C3%A1my-scaled.jpg?resize=1024%2C323&amp;ssl=1 1024w, https:\/\/i0.wp.com\/www.atelier-reklama.sk\/blog\/wp-content\/uploads\/2023\/03\/6D.-St%C3%A1nka-Litava-za%C4%8Diatok-20.-stor.-p%C3%B4vodn%C3%BD-vlastn%C3%ADk-nezn%C3%A1my-scaled.jpg?resize=300%2C95&amp;ssl=1 300w, https:\/\/i0.wp.com\/www.atelier-reklama.sk\/blog\/wp-content\/uploads\/2023\/03\/6D.-St%C3%A1nka-Litava-za%C4%8Diatok-20.-stor.-p%C3%B4vodn%C3%BD-vlastn%C3%ADk-nezn%C3%A1my-scaled.jpg?resize=768%2C243&amp;ssl=1 768w, https:\/\/i0.wp.com\/www.atelier-reklama.sk\/blog\/wp-content\/uploads\/2023\/03\/6D.-St%C3%A1nka-Litava-za%C4%8Diatok-20.-stor.-p%C3%B4vodn%C3%BD-vlastn%C3%ADk-nezn%C3%A1my-scaled.jpg?resize=1536%2C485&amp;ssl=1 1536w, https:\/\/i0.wp.com\/www.atelier-reklama.sk\/blog\/wp-content\/uploads\/2023\/03\/6D.-St%C3%A1nka-Litava-za%C4%8Diatok-20.-stor.-p%C3%B4vodn%C3%BD-vlastn%C3%ADk-nezn%C3%A1my-scaled.jpg?resize=2048%2C647&amp;ssl=1 2048w, https:\/\/i0.wp.com\/www.atelier-reklama.sk\/blog\/wp-content\/uploads\/2023\/03\/6D.-St%C3%A1nka-Litava-za%C4%8Diatok-20.-stor.-p%C3%B4vodn%C3%BD-vlastn%C3%ADk-nezn%C3%A1my-scaled.jpg?w=1600&amp;ssl=1 1600w, https:\/\/i0.wp.com\/www.atelier-reklama.sk\/blog\/wp-content\/uploads\/2023\/03\/6D.-St%C3%A1nka-Litava-za%C4%8Diatok-20.-stor.-p%C3%B4vodn%C3%BD-vlastn%C3%ADk-nezn%C3%A1my-scaled.jpg?w=2400&amp;ssl=1 2400w\" sizes=\"auto, (max-width: 800px) 100vw, 800px\" \/><\/figure>\n\n\n\n<figure class=\"wp-block-image size-large\"><img data-recalc-dims=\"1\" loading=\"lazy\" decoding=\"async\" width=\"800\" height=\"723\" data-attachment-id=\"12952\" data-permalink=\"https:\/\/www.atelier-reklama.sk\/blog\/moj-krekacsky-kroj-a-jeho-prekreslene-vzory-spolu\/6e-stanka-litava-zaciatok-20-stor-povodny-vlastnik-neznamy\/\" data-orig-file=\"https:\/\/i0.wp.com\/www.atelier-reklama.sk\/blog\/wp-content\/uploads\/2023\/03\/6E.-St%C3%A1nka-Litava-za%C4%8Diatok-20.-stor.-p%C3%B4vodn%C3%BD-vlastn%C3%ADk-nezn%C3%A1my-scaled.jpg?fit=2560%2C2316&amp;ssl=1\" data-orig-size=\"2560,2316\" data-comments-opened=\"1\" data-image-meta=\"{&quot;aperture&quot;:&quot;2&quot;,&quot;credit&quot;:&quot;&quot;,&quot;camera&quot;:&quot;SM-A125F&quot;,&quot;caption&quot;:&quot;&quot;,&quot;created_timestamp&quot;:&quot;1678783604&quot;,&quot;copyright&quot;:&quot;&quot;,&quot;focal_length&quot;:&quot;4.6&quot;,&quot;iso&quot;:&quot;160&quot;,&quot;shutter_speed&quot;:&quot;0.03&quot;,&quot;title&quot;:&quot;&quot;,&quot;orientation&quot;:&quot;1&quot;}\" data-image-title=\"6E.-St\u00e1nka-Litava-za\u010diatok-20.-stor.-p\u00f4vodn\u00fd-vlastn\u00edk-nezn\u00e1my\" data-image-description=\"\" data-image-caption=\"\" data-medium-file=\"https:\/\/i0.wp.com\/www.atelier-reklama.sk\/blog\/wp-content\/uploads\/2023\/03\/6E.-St%C3%A1nka-Litava-za%C4%8Diatok-20.-stor.-p%C3%B4vodn%C3%BD-vlastn%C3%ADk-nezn%C3%A1my-scaled.jpg?fit=300%2C271&amp;ssl=1\" data-large-file=\"https:\/\/i0.wp.com\/www.atelier-reklama.sk\/blog\/wp-content\/uploads\/2023\/03\/6E.-St%C3%A1nka-Litava-za%C4%8Diatok-20.-stor.-p%C3%B4vodn%C3%BD-vlastn%C3%ADk-nezn%C3%A1my-scaled.jpg?fit=800%2C723&amp;ssl=1\" src=\"https:\/\/i0.wp.com\/www.atelier-reklama.sk\/blog\/wp-content\/uploads\/2023\/03\/6E.-St%C3%A1nka-Litava-za%C4%8Diatok-20.-stor.-p%C3%B4vodn%C3%BD-vlastn%C3%ADk-nezn%C3%A1my.jpg?resize=800%2C723&#038;ssl=1\" alt=\"\" class=\"wp-image-12952\" srcset=\"https:\/\/i0.wp.com\/www.atelier-reklama.sk\/blog\/wp-content\/uploads\/2023\/03\/6E.-St%C3%A1nka-Litava-za%C4%8Diatok-20.-stor.-p%C3%B4vodn%C3%BD-vlastn%C3%ADk-nezn%C3%A1my-scaled.jpg?resize=1024%2C926&amp;ssl=1 1024w, https:\/\/i0.wp.com\/www.atelier-reklama.sk\/blog\/wp-content\/uploads\/2023\/03\/6E.-St%C3%A1nka-Litava-za%C4%8Diatok-20.-stor.-p%C3%B4vodn%C3%BD-vlastn%C3%ADk-nezn%C3%A1my-scaled.jpg?resize=300%2C271&amp;ssl=1 300w, https:\/\/i0.wp.com\/www.atelier-reklama.sk\/blog\/wp-content\/uploads\/2023\/03\/6E.-St%C3%A1nka-Litava-za%C4%8Diatok-20.-stor.-p%C3%B4vodn%C3%BD-vlastn%C3%ADk-nezn%C3%A1my-scaled.jpg?resize=768%2C695&amp;ssl=1 768w, https:\/\/i0.wp.com\/www.atelier-reklama.sk\/blog\/wp-content\/uploads\/2023\/03\/6E.-St%C3%A1nka-Litava-za%C4%8Diatok-20.-stor.-p%C3%B4vodn%C3%BD-vlastn%C3%ADk-nezn%C3%A1my-scaled.jpg?resize=1536%2C1390&amp;ssl=1 1536w, https:\/\/i0.wp.com\/www.atelier-reklama.sk\/blog\/wp-content\/uploads\/2023\/03\/6E.-St%C3%A1nka-Litava-za%C4%8Diatok-20.-stor.-p%C3%B4vodn%C3%BD-vlastn%C3%ADk-nezn%C3%A1my-scaled.jpg?resize=2048%2C1853&amp;ssl=1 2048w, https:\/\/i0.wp.com\/www.atelier-reklama.sk\/blog\/wp-content\/uploads\/2023\/03\/6E.-St%C3%A1nka-Litava-za%C4%8Diatok-20.-stor.-p%C3%B4vodn%C3%BD-vlastn%C3%ADk-nezn%C3%A1my-scaled.jpg?w=1600&amp;ssl=1 1600w, https:\/\/i0.wp.com\/www.atelier-reklama.sk\/blog\/wp-content\/uploads\/2023\/03\/6E.-St%C3%A1nka-Litava-za%C4%8Diatok-20.-stor.-p%C3%B4vodn%C3%BD-vlastn%C3%ADk-nezn%C3%A1my-scaled.jpg?w=2400&amp;ssl=1 2400w\" sizes=\"auto, (max-width: 800px) 100vw, 800px\" \/><\/figure>\n\n\n\n<p>7. St\u00e1nka, Jal\u0161ov\u00edk, druh\u00e1 pol. 20. stor., p\u00f4vodn\u00fd vlastn\u00edk nezn\u00e1my<\/p>\n\n\n\n<figure class=\"wp-block-image size-large\"><img data-recalc-dims=\"1\" loading=\"lazy\" decoding=\"async\" width=\"800\" height=\"690\" data-attachment-id=\"12953\" data-permalink=\"https:\/\/www.atelier-reklama.sk\/blog\/moj-krekacsky-kroj-a-jeho-prekreslene-vzory-spolu\/7a-stanka-jalsovik-druha-pol-20-stor-povodny-vlastnik-neznamy\/\" data-orig-file=\"https:\/\/i0.wp.com\/www.atelier-reklama.sk\/blog\/wp-content\/uploads\/2023\/03\/7A.-St%C3%A1nka-Jal%C5%A1ov%C3%ADk-druh%C3%A1-pol.-20.-stor.-p%C3%B4vodn%C3%BD-vlastn%C3%ADk-nezn%C3%A1my-scaled.jpg?fit=2560%2C2209&amp;ssl=1\" data-orig-size=\"2560,2209\" data-comments-opened=\"1\" data-image-meta=\"{&quot;aperture&quot;:&quot;2&quot;,&quot;credit&quot;:&quot;&quot;,&quot;camera&quot;:&quot;SM-A125F&quot;,&quot;caption&quot;:&quot;&quot;,&quot;created_timestamp&quot;:&quot;1678783973&quot;,&quot;copyright&quot;:&quot;&quot;,&quot;focal_length&quot;:&quot;4.6&quot;,&quot;iso&quot;:&quot;160&quot;,&quot;shutter_speed&quot;:&quot;0.03&quot;,&quot;title&quot;:&quot;&quot;,&quot;orientation&quot;:&quot;1&quot;}\" data-image-title=\"7A.-St\u00e1nka-Jal\u0161ov\u00edk-druh\u00e1-pol.-20.-stor.-p\u00f4vodn\u00fd-vlastn\u00edk-nezn\u00e1my\" data-image-description=\"\" data-image-caption=\"\" data-medium-file=\"https:\/\/i0.wp.com\/www.atelier-reklama.sk\/blog\/wp-content\/uploads\/2023\/03\/7A.-St%C3%A1nka-Jal%C5%A1ov%C3%ADk-druh%C3%A1-pol.-20.-stor.-p%C3%B4vodn%C3%BD-vlastn%C3%ADk-nezn%C3%A1my-scaled.jpg?fit=300%2C259&amp;ssl=1\" data-large-file=\"https:\/\/i0.wp.com\/www.atelier-reklama.sk\/blog\/wp-content\/uploads\/2023\/03\/7A.-St%C3%A1nka-Jal%C5%A1ov%C3%ADk-druh%C3%A1-pol.-20.-stor.-p%C3%B4vodn%C3%BD-vlastn%C3%ADk-nezn%C3%A1my-scaled.jpg?fit=800%2C690&amp;ssl=1\" src=\"https:\/\/i0.wp.com\/www.atelier-reklama.sk\/blog\/wp-content\/uploads\/2023\/03\/7A.-St%C3%A1nka-Jal%C5%A1ov%C3%ADk-druh%C3%A1-pol.-20.-stor.-p%C3%B4vodn%C3%BD-vlastn%C3%ADk-nezn%C3%A1my.jpg?resize=800%2C690&#038;ssl=1\" alt=\"\" class=\"wp-image-12953\" srcset=\"https:\/\/i0.wp.com\/www.atelier-reklama.sk\/blog\/wp-content\/uploads\/2023\/03\/7A.-St%C3%A1nka-Jal%C5%A1ov%C3%ADk-druh%C3%A1-pol.-20.-stor.-p%C3%B4vodn%C3%BD-vlastn%C3%ADk-nezn%C3%A1my-scaled.jpg?resize=1024%2C883&amp;ssl=1 1024w, https:\/\/i0.wp.com\/www.atelier-reklama.sk\/blog\/wp-content\/uploads\/2023\/03\/7A.-St%C3%A1nka-Jal%C5%A1ov%C3%ADk-druh%C3%A1-pol.-20.-stor.-p%C3%B4vodn%C3%BD-vlastn%C3%ADk-nezn%C3%A1my-scaled.jpg?resize=300%2C259&amp;ssl=1 300w, https:\/\/i0.wp.com\/www.atelier-reklama.sk\/blog\/wp-content\/uploads\/2023\/03\/7A.-St%C3%A1nka-Jal%C5%A1ov%C3%ADk-druh%C3%A1-pol.-20.-stor.-p%C3%B4vodn%C3%BD-vlastn%C3%ADk-nezn%C3%A1my-scaled.jpg?resize=768%2C663&amp;ssl=1 768w, https:\/\/i0.wp.com\/www.atelier-reklama.sk\/blog\/wp-content\/uploads\/2023\/03\/7A.-St%C3%A1nka-Jal%C5%A1ov%C3%ADk-druh%C3%A1-pol.-20.-stor.-p%C3%B4vodn%C3%BD-vlastn%C3%ADk-nezn%C3%A1my-scaled.jpg?resize=1536%2C1325&amp;ssl=1 1536w, https:\/\/i0.wp.com\/www.atelier-reklama.sk\/blog\/wp-content\/uploads\/2023\/03\/7A.-St%C3%A1nka-Jal%C5%A1ov%C3%ADk-druh%C3%A1-pol.-20.-stor.-p%C3%B4vodn%C3%BD-vlastn%C3%ADk-nezn%C3%A1my-scaled.jpg?resize=2048%2C1767&amp;ssl=1 2048w, https:\/\/i0.wp.com\/www.atelier-reklama.sk\/blog\/wp-content\/uploads\/2023\/03\/7A.-St%C3%A1nka-Jal%C5%A1ov%C3%ADk-druh%C3%A1-pol.-20.-stor.-p%C3%B4vodn%C3%BD-vlastn%C3%ADk-nezn%C3%A1my-scaled.jpg?w=1600&amp;ssl=1 1600w, https:\/\/i0.wp.com\/www.atelier-reklama.sk\/blog\/wp-content\/uploads\/2023\/03\/7A.-St%C3%A1nka-Jal%C5%A1ov%C3%ADk-druh%C3%A1-pol.-20.-stor.-p%C3%B4vodn%C3%BD-vlastn%C3%ADk-nezn%C3%A1my-scaled.jpg?w=2400&amp;ssl=1 2400w\" sizes=\"auto, (max-width: 800px) 100vw, 800px\" \/><\/figure>\n\n\n\n<figure class=\"wp-block-image size-large\"><img data-recalc-dims=\"1\" loading=\"lazy\" decoding=\"async\" width=\"800\" height=\"254\" data-attachment-id=\"12954\" data-permalink=\"https:\/\/www.atelier-reklama.sk\/blog\/moj-krekacsky-kroj-a-jeho-prekreslene-vzory-spolu\/7b-stanka-jalsovik-druha-pol-20-stor-povodny-vlastnik-neznamy\/\" data-orig-file=\"https:\/\/i0.wp.com\/www.atelier-reklama.sk\/blog\/wp-content\/uploads\/2023\/03\/7B.-St%C3%A1nka-Jal%C5%A1ov%C3%ADk-druh%C3%A1-pol.-20.-stor.-p%C3%B4vodn%C3%BD-vlastn%C3%ADk-nezn%C3%A1my-scaled.jpg?fit=2560%2C813&amp;ssl=1\" data-orig-size=\"2560,813\" data-comments-opened=\"1\" data-image-meta=\"{&quot;aperture&quot;:&quot;2&quot;,&quot;credit&quot;:&quot;&quot;,&quot;camera&quot;:&quot;SM-A125F&quot;,&quot;caption&quot;:&quot;&quot;,&quot;created_timestamp&quot;:&quot;1678783988&quot;,&quot;copyright&quot;:&quot;&quot;,&quot;focal_length&quot;:&quot;4.6&quot;,&quot;iso&quot;:&quot;200&quot;,&quot;shutter_speed&quot;:&quot;0.02&quot;,&quot;title&quot;:&quot;&quot;,&quot;orientation&quot;:&quot;1&quot;}\" data-image-title=\"7B.-St\u00e1nka-Jal\u0161ov\u00edk-druh\u00e1-pol.-20.-stor.-p\u00f4vodn\u00fd-vlastn\u00edk-nezn\u00e1my\" data-image-description=\"\" data-image-caption=\"\" data-medium-file=\"https:\/\/i0.wp.com\/www.atelier-reklama.sk\/blog\/wp-content\/uploads\/2023\/03\/7B.-St%C3%A1nka-Jal%C5%A1ov%C3%ADk-druh%C3%A1-pol.-20.-stor.-p%C3%B4vodn%C3%BD-vlastn%C3%ADk-nezn%C3%A1my-scaled.jpg?fit=300%2C95&amp;ssl=1\" data-large-file=\"https:\/\/i0.wp.com\/www.atelier-reklama.sk\/blog\/wp-content\/uploads\/2023\/03\/7B.-St%C3%A1nka-Jal%C5%A1ov%C3%ADk-druh%C3%A1-pol.-20.-stor.-p%C3%B4vodn%C3%BD-vlastn%C3%ADk-nezn%C3%A1my-scaled.jpg?fit=800%2C254&amp;ssl=1\" src=\"https:\/\/i0.wp.com\/www.atelier-reklama.sk\/blog\/wp-content\/uploads\/2023\/03\/7B.-St%C3%A1nka-Jal%C5%A1ov%C3%ADk-druh%C3%A1-pol.-20.-stor.-p%C3%B4vodn%C3%BD-vlastn%C3%ADk-nezn%C3%A1my.jpg?resize=800%2C254&#038;ssl=1\" alt=\"\" class=\"wp-image-12954\" srcset=\"https:\/\/i0.wp.com\/www.atelier-reklama.sk\/blog\/wp-content\/uploads\/2023\/03\/7B.-St%C3%A1nka-Jal%C5%A1ov%C3%ADk-druh%C3%A1-pol.-20.-stor.-p%C3%B4vodn%C3%BD-vlastn%C3%ADk-nezn%C3%A1my-scaled.jpg?resize=1024%2C325&amp;ssl=1 1024w, https:\/\/i0.wp.com\/www.atelier-reklama.sk\/blog\/wp-content\/uploads\/2023\/03\/7B.-St%C3%A1nka-Jal%C5%A1ov%C3%ADk-druh%C3%A1-pol.-20.-stor.-p%C3%B4vodn%C3%BD-vlastn%C3%ADk-nezn%C3%A1my-scaled.jpg?resize=300%2C95&amp;ssl=1 300w, https:\/\/i0.wp.com\/www.atelier-reklama.sk\/blog\/wp-content\/uploads\/2023\/03\/7B.-St%C3%A1nka-Jal%C5%A1ov%C3%ADk-druh%C3%A1-pol.-20.-stor.-p%C3%B4vodn%C3%BD-vlastn%C3%ADk-nezn%C3%A1my-scaled.jpg?resize=768%2C244&amp;ssl=1 768w, https:\/\/i0.wp.com\/www.atelier-reklama.sk\/blog\/wp-content\/uploads\/2023\/03\/7B.-St%C3%A1nka-Jal%C5%A1ov%C3%ADk-druh%C3%A1-pol.-20.-stor.-p%C3%B4vodn%C3%BD-vlastn%C3%ADk-nezn%C3%A1my-scaled.jpg?resize=1536%2C488&amp;ssl=1 1536w, https:\/\/i0.wp.com\/www.atelier-reklama.sk\/blog\/wp-content\/uploads\/2023\/03\/7B.-St%C3%A1nka-Jal%C5%A1ov%C3%ADk-druh%C3%A1-pol.-20.-stor.-p%C3%B4vodn%C3%BD-vlastn%C3%ADk-nezn%C3%A1my-scaled.jpg?resize=2048%2C651&amp;ssl=1 2048w, https:\/\/i0.wp.com\/www.atelier-reklama.sk\/blog\/wp-content\/uploads\/2023\/03\/7B.-St%C3%A1nka-Jal%C5%A1ov%C3%ADk-druh%C3%A1-pol.-20.-stor.-p%C3%B4vodn%C3%BD-vlastn%C3%ADk-nezn%C3%A1my-scaled.jpg?w=1600&amp;ssl=1 1600w, https:\/\/i0.wp.com\/www.atelier-reklama.sk\/blog\/wp-content\/uploads\/2023\/03\/7B.-St%C3%A1nka-Jal%C5%A1ov%C3%ADk-druh%C3%A1-pol.-20.-stor.-p%C3%B4vodn%C3%BD-vlastn%C3%ADk-nezn%C3%A1my-scaled.jpg?w=2400&amp;ssl=1 2400w\" sizes=\"auto, (max-width: 800px) 100vw, 800px\" \/><\/figure>\n\n\n\n<figure class=\"wp-block-image size-large\"><img data-recalc-dims=\"1\" loading=\"lazy\" decoding=\"async\" width=\"800\" height=\"566\" data-attachment-id=\"13547\" data-permalink=\"https:\/\/www.atelier-reklama.sk\/blog\/moj-krekacsky-kroj-a-jeho-prekreslene-vzory-spolu\/7c-stanka-jalsovik-druha-pol-20-stor-povodny-vlastnik-neznamy-2\/\" data-orig-file=\"https:\/\/i0.wp.com\/www.atelier-reklama.sk\/blog\/wp-content\/uploads\/2023\/04\/7C.-St%C3%A1nka-Jal%C5%A1ov%C3%ADk-druh%C3%A1-pol.-20.-stor.-p%C3%B4vodn%C3%BD-vlastn%C3%ADk-nezn%C3%A1my-scaled.jpg?fit=2560%2C1810&amp;ssl=1\" data-orig-size=\"2560,1810\" data-comments-opened=\"1\" data-image-meta=\"{&quot;aperture&quot;:&quot;0&quot;,&quot;credit&quot;:&quot;&quot;,&quot;camera&quot;:&quot;&quot;,&quot;caption&quot;:&quot;&quot;,&quot;created_timestamp&quot;:&quot;0&quot;,&quot;copyright&quot;:&quot;&quot;,&quot;focal_length&quot;:&quot;0&quot;,&quot;iso&quot;:&quot;0&quot;,&quot;shutter_speed&quot;:&quot;0&quot;,&quot;title&quot;:&quot;&quot;,&quot;orientation&quot;:&quot;0&quot;}\" data-image-title=\"7C.-St\u00e1nka-Jal\u0161ov\u00edk-druh\u00e1-pol.-20.-stor.-p\u00f4vodn\u00fd-vlastn\u00edk-nezn\u00e1my\" data-image-description=\"\" data-image-caption=\"\" data-medium-file=\"https:\/\/i0.wp.com\/www.atelier-reklama.sk\/blog\/wp-content\/uploads\/2023\/04\/7C.-St%C3%A1nka-Jal%C5%A1ov%C3%ADk-druh%C3%A1-pol.-20.-stor.-p%C3%B4vodn%C3%BD-vlastn%C3%ADk-nezn%C3%A1my-scaled.jpg?fit=300%2C212&amp;ssl=1\" data-large-file=\"https:\/\/i0.wp.com\/www.atelier-reklama.sk\/blog\/wp-content\/uploads\/2023\/04\/7C.-St%C3%A1nka-Jal%C5%A1ov%C3%ADk-druh%C3%A1-pol.-20.-stor.-p%C3%B4vodn%C3%BD-vlastn%C3%ADk-nezn%C3%A1my-scaled.jpg?fit=800%2C566&amp;ssl=1\" src=\"https:\/\/i0.wp.com\/www.atelier-reklama.sk\/blog\/wp-content\/uploads\/2023\/04\/7C.-St%C3%A1nka-Jal%C5%A1ov%C3%ADk-druh%C3%A1-pol.-20.-stor.-p%C3%B4vodn%C3%BD-vlastn%C3%ADk-nezn%C3%A1my.jpg?resize=800%2C566&#038;ssl=1\" alt=\"\" class=\"wp-image-13547\" srcset=\"https:\/\/i0.wp.com\/www.atelier-reklama.sk\/blog\/wp-content\/uploads\/2023\/04\/7C.-St%C3%A1nka-Jal%C5%A1ov%C3%ADk-druh%C3%A1-pol.-20.-stor.-p%C3%B4vodn%C3%BD-vlastn%C3%ADk-nezn%C3%A1my-scaled.jpg?resize=1024%2C724&amp;ssl=1 1024w, https:\/\/i0.wp.com\/www.atelier-reklama.sk\/blog\/wp-content\/uploads\/2023\/04\/7C.-St%C3%A1nka-Jal%C5%A1ov%C3%ADk-druh%C3%A1-pol.-20.-stor.-p%C3%B4vodn%C3%BD-vlastn%C3%ADk-nezn%C3%A1my-scaled.jpg?resize=300%2C212&amp;ssl=1 300w, https:\/\/i0.wp.com\/www.atelier-reklama.sk\/blog\/wp-content\/uploads\/2023\/04\/7C.-St%C3%A1nka-Jal%C5%A1ov%C3%ADk-druh%C3%A1-pol.-20.-stor.-p%C3%B4vodn%C3%BD-vlastn%C3%ADk-nezn%C3%A1my-scaled.jpg?resize=768%2C543&amp;ssl=1 768w, https:\/\/i0.wp.com\/www.atelier-reklama.sk\/blog\/wp-content\/uploads\/2023\/04\/7C.-St%C3%A1nka-Jal%C5%A1ov%C3%ADk-druh%C3%A1-pol.-20.-stor.-p%C3%B4vodn%C3%BD-vlastn%C3%ADk-nezn%C3%A1my-scaled.jpg?resize=1536%2C1086&amp;ssl=1 1536w, https:\/\/i0.wp.com\/www.atelier-reklama.sk\/blog\/wp-content\/uploads\/2023\/04\/7C.-St%C3%A1nka-Jal%C5%A1ov%C3%ADk-druh%C3%A1-pol.-20.-stor.-p%C3%B4vodn%C3%BD-vlastn%C3%ADk-nezn%C3%A1my-scaled.jpg?resize=2048%2C1448&amp;ssl=1 2048w, https:\/\/i0.wp.com\/www.atelier-reklama.sk\/blog\/wp-content\/uploads\/2023\/04\/7C.-St%C3%A1nka-Jal%C5%A1ov%C3%ADk-druh%C3%A1-pol.-20.-stor.-p%C3%B4vodn%C3%BD-vlastn%C3%ADk-nezn%C3%A1my-scaled.jpg?w=1600&amp;ssl=1 1600w, https:\/\/i0.wp.com\/www.atelier-reklama.sk\/blog\/wp-content\/uploads\/2023\/04\/7C.-St%C3%A1nka-Jal%C5%A1ov%C3%ADk-druh%C3%A1-pol.-20.-stor.-p%C3%B4vodn%C3%BD-vlastn%C3%ADk-nezn%C3%A1my-scaled.jpg?w=2400&amp;ssl=1 2400w\" sizes=\"auto, (max-width: 800px) 100vw, 800px\" \/><\/figure>\n\n\n\n<figure class=\"wp-block-image size-large\"><img data-recalc-dims=\"1\" loading=\"lazy\" decoding=\"async\" width=\"800\" height=\"723\" data-attachment-id=\"12956\" data-permalink=\"https:\/\/www.atelier-reklama.sk\/blog\/moj-krekacsky-kroj-a-jeho-prekreslene-vzory-spolu\/7d-stanka-jalsovik-druha-pol-20-stor-povodny-vlastnik-neznamy\/\" data-orig-file=\"https:\/\/i0.wp.com\/www.atelier-reklama.sk\/blog\/wp-content\/uploads\/2023\/03\/7D.-St%C3%A1nka-Jal%C5%A1ov%C3%ADk-druh%C3%A1-pol.-20.-stor.-p%C3%B4vodn%C3%BD-vlastn%C3%ADk-nezn%C3%A1my-scaled.jpg?fit=2560%2C2316&amp;ssl=1\" data-orig-size=\"2560,2316\" data-comments-opened=\"1\" data-image-meta=\"{&quot;aperture&quot;:&quot;2&quot;,&quot;credit&quot;:&quot;&quot;,&quot;camera&quot;:&quot;SM-A125F&quot;,&quot;caption&quot;:&quot;&quot;,&quot;created_timestamp&quot;:&quot;1678783604&quot;,&quot;copyright&quot;:&quot;&quot;,&quot;focal_length&quot;:&quot;4.6&quot;,&quot;iso&quot;:&quot;160&quot;,&quot;shutter_speed&quot;:&quot;0.03&quot;,&quot;title&quot;:&quot;&quot;,&quot;orientation&quot;:&quot;1&quot;}\" data-image-title=\"7D.-St\u00e1nka-Jal\u0161ov\u00edk-druh\u00e1-pol.-20.-stor.-p\u00f4vodn\u00fd-vlastn\u00edk-nezn\u00e1my\" data-image-description=\"\" data-image-caption=\"\" data-medium-file=\"https:\/\/i0.wp.com\/www.atelier-reklama.sk\/blog\/wp-content\/uploads\/2023\/03\/7D.-St%C3%A1nka-Jal%C5%A1ov%C3%ADk-druh%C3%A1-pol.-20.-stor.-p%C3%B4vodn%C3%BD-vlastn%C3%ADk-nezn%C3%A1my-scaled.jpg?fit=300%2C271&amp;ssl=1\" data-large-file=\"https:\/\/i0.wp.com\/www.atelier-reklama.sk\/blog\/wp-content\/uploads\/2023\/03\/7D.-St%C3%A1nka-Jal%C5%A1ov%C3%ADk-druh%C3%A1-pol.-20.-stor.-p%C3%B4vodn%C3%BD-vlastn%C3%ADk-nezn%C3%A1my-scaled.jpg?fit=800%2C723&amp;ssl=1\" src=\"https:\/\/i0.wp.com\/www.atelier-reklama.sk\/blog\/wp-content\/uploads\/2023\/03\/7D.-St%C3%A1nka-Jal%C5%A1ov%C3%ADk-druh%C3%A1-pol.-20.-stor.-p%C3%B4vodn%C3%BD-vlastn%C3%ADk-nezn%C3%A1my.jpg?resize=800%2C723&#038;ssl=1\" alt=\"\" class=\"wp-image-12956\" srcset=\"https:\/\/i0.wp.com\/www.atelier-reklama.sk\/blog\/wp-content\/uploads\/2023\/03\/7D.-St%C3%A1nka-Jal%C5%A1ov%C3%ADk-druh%C3%A1-pol.-20.-stor.-p%C3%B4vodn%C3%BD-vlastn%C3%ADk-nezn%C3%A1my-scaled.jpg?resize=1024%2C926&amp;ssl=1 1024w, https:\/\/i0.wp.com\/www.atelier-reklama.sk\/blog\/wp-content\/uploads\/2023\/03\/7D.-St%C3%A1nka-Jal%C5%A1ov%C3%ADk-druh%C3%A1-pol.-20.-stor.-p%C3%B4vodn%C3%BD-vlastn%C3%ADk-nezn%C3%A1my-scaled.jpg?resize=300%2C271&amp;ssl=1 300w, https:\/\/i0.wp.com\/www.atelier-reklama.sk\/blog\/wp-content\/uploads\/2023\/03\/7D.-St%C3%A1nka-Jal%C5%A1ov%C3%ADk-druh%C3%A1-pol.-20.-stor.-p%C3%B4vodn%C3%BD-vlastn%C3%ADk-nezn%C3%A1my-scaled.jpg?resize=768%2C695&amp;ssl=1 768w, https:\/\/i0.wp.com\/www.atelier-reklama.sk\/blog\/wp-content\/uploads\/2023\/03\/7D.-St%C3%A1nka-Jal%C5%A1ov%C3%ADk-druh%C3%A1-pol.-20.-stor.-p%C3%B4vodn%C3%BD-vlastn%C3%ADk-nezn%C3%A1my-scaled.jpg?resize=1536%2C1390&amp;ssl=1 1536w, https:\/\/i0.wp.com\/www.atelier-reklama.sk\/blog\/wp-content\/uploads\/2023\/03\/7D.-St%C3%A1nka-Jal%C5%A1ov%C3%ADk-druh%C3%A1-pol.-20.-stor.-p%C3%B4vodn%C3%BD-vlastn%C3%ADk-nezn%C3%A1my-scaled.jpg?resize=2048%2C1853&amp;ssl=1 2048w, https:\/\/i0.wp.com\/www.atelier-reklama.sk\/blog\/wp-content\/uploads\/2023\/03\/7D.-St%C3%A1nka-Jal%C5%A1ov%C3%ADk-druh%C3%A1-pol.-20.-stor.-p%C3%B4vodn%C3%BD-vlastn%C3%ADk-nezn%C3%A1my-scaled.jpg?w=1600&amp;ssl=1 1600w, https:\/\/i0.wp.com\/www.atelier-reklama.sk\/blog\/wp-content\/uploads\/2023\/03\/7D.-St%C3%A1nka-Jal%C5%A1ov%C3%ADk-druh%C3%A1-pol.-20.-stor.-p%C3%B4vodn%C3%BD-vlastn%C3%ADk-nezn%C3%A1my-scaled.jpg?w=2400&amp;ssl=1 2400w\" sizes=\"auto, (max-width: 800px) 100vw, 800px\" \/><\/figure>\n\n\n\n<figure class=\"wp-block-image aligncenter size-large\"><img data-recalc-dims=\"1\" loading=\"lazy\" decoding=\"async\" width=\"800\" height=\"822\" data-attachment-id=\"10281\" data-permalink=\"https:\/\/www.atelier-reklama.sk\/blog\/krekacska-stanka-z-jalsovika-severovychodny-hont\/stanka-2-ninka-fekiacova-2\/\" data-orig-file=\"https:\/\/i0.wp.com\/www.atelier-reklama.sk\/blog\/wp-content\/uploads\/2021\/01\/st%C3%A1nka-2.-Ninka-Fekia%C4%8Dov%C3%A1.jpg?fit=997%2C1024&amp;ssl=1\" data-orig-size=\"997,1024\" data-comments-opened=\"1\" data-image-meta=\"{&quot;aperture&quot;:&quot;0&quot;,&quot;credit&quot;:&quot;&quot;,&quot;camera&quot;:&quot;&quot;,&quot;caption&quot;:&quot;&quot;,&quot;created_timestamp&quot;:&quot;0&quot;,&quot;copyright&quot;:&quot;&quot;,&quot;focal_length&quot;:&quot;0&quot;,&quot;iso&quot;:&quot;0&quot;,&quot;shutter_speed&quot;:&quot;0&quot;,&quot;title&quot;:&quot;&quot;,&quot;orientation&quot;:&quot;1&quot;}\" data-image-title=\"st\u00e1nka-2.-Ninka-Fekia\u010dov\u00e1\" data-image-description=\"\" data-image-caption=\"\" data-medium-file=\"https:\/\/i0.wp.com\/www.atelier-reklama.sk\/blog\/wp-content\/uploads\/2021\/01\/st%C3%A1nka-2.-Ninka-Fekia%C4%8Dov%C3%A1.jpg?fit=292%2C300&amp;ssl=1\" data-large-file=\"https:\/\/i0.wp.com\/www.atelier-reklama.sk\/blog\/wp-content\/uploads\/2021\/01\/st%C3%A1nka-2.-Ninka-Fekia%C4%8Dov%C3%A1.jpg?fit=800%2C822&amp;ssl=1\" src=\"https:\/\/i0.wp.com\/www.atelier-reklama.sk\/blog\/wp-content\/uploads\/2021\/01\/st%C3%A1nka-2.-Ninka-Fekia%C4%8Dov%C3%A1.jpg?resize=800%2C822&#038;ssl=1\" alt=\"\" class=\"wp-image-10281\" srcset=\"https:\/\/i0.wp.com\/www.atelier-reklama.sk\/blog\/wp-content\/uploads\/2021\/01\/st%C3%A1nka-2.-Ninka-Fekia%C4%8Dov%C3%A1.jpg?w=997&amp;ssl=1 997w, https:\/\/i0.wp.com\/www.atelier-reklama.sk\/blog\/wp-content\/uploads\/2021\/01\/st%C3%A1nka-2.-Ninka-Fekia%C4%8Dov%C3%A1.jpg?resize=292%2C300&amp;ssl=1 292w, https:\/\/i0.wp.com\/www.atelier-reklama.sk\/blog\/wp-content\/uploads\/2021\/01\/st%C3%A1nka-2.-Ninka-Fekia%C4%8Dov%C3%A1.jpg?resize=768%2C789&amp;ssl=1 768w\" sizes=\"auto, (max-width: 800px) 100vw, 800px\" \/><figcaption class=\"wp-element-caption\">T\u00e1to st\u00e1nka patr\u00ed Ninke Fekia\u010dovej z Dol. Jal\u0161ov\u00edka a uv\u00e1dzam ju preto, \u017ee m\u00e1 ve\u013emi podobn\u00fa v\u00fd\u0161ivku ako moje st\u00e1nky, ktor\u00e9 som k\u00fapila.<\/figcaption><\/figure>\n\n\n\n<figure class=\"wp-block-image aligncenter size-large\"><img data-recalc-dims=\"1\" loading=\"lazy\" decoding=\"async\" width=\"800\" height=\"566\" data-attachment-id=\"15067\" data-permalink=\"https:\/\/www.atelier-reklama.sk\/blog\/krasa-krekacskej-vysivky-vystava\/stanka-ninka-fekiacova-jalsovik-2\/\" data-orig-file=\"https:\/\/i0.wp.com\/www.atelier-reklama.sk\/blog\/wp-content\/uploads\/2024\/09\/St%C3%A1nka-Ninka-Fekia%C4%8Dov%C3%A1-Jal%C5%A1ov%C3%ADk-scaled.jpg?fit=2560%2C1810&amp;ssl=1\" data-orig-size=\"2560,1810\" data-comments-opened=\"1\" data-image-meta=\"{&quot;aperture&quot;:&quot;0&quot;,&quot;credit&quot;:&quot;&quot;,&quot;camera&quot;:&quot;&quot;,&quot;caption&quot;:&quot;&quot;,&quot;created_timestamp&quot;:&quot;0&quot;,&quot;copyright&quot;:&quot;&quot;,&quot;focal_length&quot;:&quot;0&quot;,&quot;iso&quot;:&quot;0&quot;,&quot;shutter_speed&quot;:&quot;0&quot;,&quot;title&quot;:&quot;&quot;,&quot;orientation&quot;:&quot;0&quot;}\" data-image-title=\"St\u00e1nka-Ninka-Fekia\u010dov\u00e1-Jal\u0161ov\u00edk\" data-image-description=\"\" data-image-caption=\"\" data-medium-file=\"https:\/\/i0.wp.com\/www.atelier-reklama.sk\/blog\/wp-content\/uploads\/2024\/09\/St%C3%A1nka-Ninka-Fekia%C4%8Dov%C3%A1-Jal%C5%A1ov%C3%ADk-scaled.jpg?fit=300%2C212&amp;ssl=1\" data-large-file=\"https:\/\/i0.wp.com\/www.atelier-reklama.sk\/blog\/wp-content\/uploads\/2024\/09\/St%C3%A1nka-Ninka-Fekia%C4%8Dov%C3%A1-Jal%C5%A1ov%C3%ADk-scaled.jpg?fit=800%2C566&amp;ssl=1\" src=\"https:\/\/i0.wp.com\/www.atelier-reklama.sk\/blog\/wp-content\/uploads\/2024\/09\/St%C3%A1nka-Ninka-Fekia%C4%8Dov%C3%A1-Jal%C5%A1ov%C3%ADk.jpg?resize=800%2C566&#038;ssl=1\" alt=\"\" class=\"wp-image-15067\" srcset=\"https:\/\/i0.wp.com\/www.atelier-reklama.sk\/blog\/wp-content\/uploads\/2024\/09\/St%C3%A1nka-Ninka-Fekia%C4%8Dov%C3%A1-Jal%C5%A1ov%C3%ADk-scaled.jpg?resize=1024%2C724&amp;ssl=1 1024w, https:\/\/i0.wp.com\/www.atelier-reklama.sk\/blog\/wp-content\/uploads\/2024\/09\/St%C3%A1nka-Ninka-Fekia%C4%8Dov%C3%A1-Jal%C5%A1ov%C3%ADk-scaled.jpg?resize=300%2C212&amp;ssl=1 300w, https:\/\/i0.wp.com\/www.atelier-reklama.sk\/blog\/wp-content\/uploads\/2024\/09\/St%C3%A1nka-Ninka-Fekia%C4%8Dov%C3%A1-Jal%C5%A1ov%C3%ADk-scaled.jpg?resize=768%2C543&amp;ssl=1 768w, https:\/\/i0.wp.com\/www.atelier-reklama.sk\/blog\/wp-content\/uploads\/2024\/09\/St%C3%A1nka-Ninka-Fekia%C4%8Dov%C3%A1-Jal%C5%A1ov%C3%ADk-scaled.jpg?resize=1536%2C1086&amp;ssl=1 1536w, https:\/\/i0.wp.com\/www.atelier-reklama.sk\/blog\/wp-content\/uploads\/2024\/09\/St%C3%A1nka-Ninka-Fekia%C4%8Dov%C3%A1-Jal%C5%A1ov%C3%ADk-scaled.jpg?resize=2048%2C1448&amp;ssl=1 2048w, https:\/\/i0.wp.com\/www.atelier-reklama.sk\/blog\/wp-content\/uploads\/2024\/09\/St%C3%A1nka-Ninka-Fekia%C4%8Dov%C3%A1-Jal%C5%A1ov%C3%ADk-scaled.jpg?w=1600&amp;ssl=1 1600w, https:\/\/i0.wp.com\/www.atelier-reklama.sk\/blog\/wp-content\/uploads\/2024\/09\/St%C3%A1nka-Ninka-Fekia%C4%8Dov%C3%A1-Jal%C5%A1ov%C3%ADk-scaled.jpg?w=2400&amp;ssl=1 2400w\" sizes=\"auto, (max-width: 800px) 100vw, 800px\" \/><\/figure>\n\n\n\n<p>8. st\u00e1nka s podobn\u00fdm vzorom poch\u00e1dza z Litavy, p\u00f4vodn\u00fd vlastn\u00edk je nezn\u00e1my<\/p>\n\n\n\n<figure class=\"wp-block-image aligncenter size-large\"><img data-recalc-dims=\"1\" loading=\"lazy\" decoding=\"async\" width=\"800\" height=\"632\" data-attachment-id=\"15264\" data-permalink=\"https:\/\/www.atelier-reklama.sk\/blog\/moj-krekacsky-kroj-a-jeho-prekreslene-vzory-spolu\/3-stanka-z-litavy\/\" data-orig-file=\"https:\/\/i0.wp.com\/www.atelier-reklama.sk\/blog\/wp-content\/uploads\/2024\/10\/3-st%C3%A1nka-z-Litavy.jpg?fit=1870%2C1477&amp;ssl=1\" data-orig-size=\"1870,1477\" data-comments-opened=\"1\" data-image-meta=\"{&quot;aperture&quot;:&quot;0&quot;,&quot;credit&quot;:&quot;&quot;,&quot;camera&quot;:&quot;&quot;,&quot;caption&quot;:&quot;&quot;,&quot;created_timestamp&quot;:&quot;0&quot;,&quot;copyright&quot;:&quot;&quot;,&quot;focal_length&quot;:&quot;0&quot;,&quot;iso&quot;:&quot;0&quot;,&quot;shutter_speed&quot;:&quot;0&quot;,&quot;title&quot;:&quot;&quot;,&quot;orientation&quot;:&quot;0&quot;}\" data-image-title=\"3-st\u00e1nka-z-Litavy\" data-image-description=\"\" data-image-caption=\"\" data-medium-file=\"https:\/\/i0.wp.com\/www.atelier-reklama.sk\/blog\/wp-content\/uploads\/2024\/10\/3-st%C3%A1nka-z-Litavy.jpg?fit=300%2C237&amp;ssl=1\" data-large-file=\"https:\/\/i0.wp.com\/www.atelier-reklama.sk\/blog\/wp-content\/uploads\/2024\/10\/3-st%C3%A1nka-z-Litavy.jpg?fit=800%2C632&amp;ssl=1\" src=\"https:\/\/i0.wp.com\/www.atelier-reklama.sk\/blog\/wp-content\/uploads\/2024\/10\/3-st%C3%A1nka-z-Litavy.jpg?resize=800%2C632&#038;ssl=1\" alt=\"\" class=\"wp-image-15264\" srcset=\"https:\/\/i0.wp.com\/www.atelier-reklama.sk\/blog\/wp-content\/uploads\/2024\/10\/3-st%C3%A1nka-z-Litavy.jpg?resize=1024%2C809&amp;ssl=1 1024w, https:\/\/i0.wp.com\/www.atelier-reklama.sk\/blog\/wp-content\/uploads\/2024\/10\/3-st%C3%A1nka-z-Litavy.jpg?resize=300%2C237&amp;ssl=1 300w, https:\/\/i0.wp.com\/www.atelier-reklama.sk\/blog\/wp-content\/uploads\/2024\/10\/3-st%C3%A1nka-z-Litavy.jpg?resize=768%2C607&amp;ssl=1 768w, https:\/\/i0.wp.com\/www.atelier-reklama.sk\/blog\/wp-content\/uploads\/2024\/10\/3-st%C3%A1nka-z-Litavy.jpg?resize=1536%2C1213&amp;ssl=1 1536w, https:\/\/i0.wp.com\/www.atelier-reklama.sk\/blog\/wp-content\/uploads\/2024\/10\/3-st%C3%A1nka-z-Litavy.jpg?w=1870&amp;ssl=1 1870w, https:\/\/i0.wp.com\/www.atelier-reklama.sk\/blog\/wp-content\/uploads\/2024\/10\/3-st%C3%A1nka-z-Litavy.jpg?w=1600&amp;ssl=1 1600w\" sizes=\"auto, (max-width: 800px) 100vw, 800px\" \/><\/figure>\n\n\n\n<figure class=\"wp-block-image aligncenter size-large\"><img data-recalc-dims=\"1\" loading=\"lazy\" decoding=\"async\" width=\"800\" height=\"566\" data-attachment-id=\"15263\" data-permalink=\"https:\/\/www.atelier-reklama.sk\/blog\/moj-krekacsky-kroj-a-jeho-prekreslene-vzory-spolu\/3-stanka-litava-1\/\" data-orig-file=\"https:\/\/i0.wp.com\/www.atelier-reklama.sk\/blog\/wp-content\/uploads\/2024\/10\/3-st%C3%A1nka-Litava-1.jpg?fit=1024%2C724&amp;ssl=1\" data-orig-size=\"1024,724\" data-comments-opened=\"1\" data-image-meta=\"{&quot;aperture&quot;:&quot;0&quot;,&quot;credit&quot;:&quot;&quot;,&quot;camera&quot;:&quot;&quot;,&quot;caption&quot;:&quot;&quot;,&quot;created_timestamp&quot;:&quot;0&quot;,&quot;copyright&quot;:&quot;&quot;,&quot;focal_length&quot;:&quot;0&quot;,&quot;iso&quot;:&quot;0&quot;,&quot;shutter_speed&quot;:&quot;0&quot;,&quot;title&quot;:&quot;&quot;,&quot;orientation&quot;:&quot;0&quot;}\" data-image-title=\"3-st\u00e1nka-Litava-1\" data-image-description=\"\" data-image-caption=\"\" data-medium-file=\"https:\/\/i0.wp.com\/www.atelier-reklama.sk\/blog\/wp-content\/uploads\/2024\/10\/3-st%C3%A1nka-Litava-1.jpg?fit=300%2C212&amp;ssl=1\" data-large-file=\"https:\/\/i0.wp.com\/www.atelier-reklama.sk\/blog\/wp-content\/uploads\/2024\/10\/3-st%C3%A1nka-Litava-1.jpg?fit=800%2C566&amp;ssl=1\" src=\"https:\/\/i0.wp.com\/www.atelier-reklama.sk\/blog\/wp-content\/uploads\/2024\/10\/3-st%C3%A1nka-Litava-1.jpg?resize=800%2C566&#038;ssl=1\" alt=\"\" class=\"wp-image-15263\" srcset=\"https:\/\/i0.wp.com\/www.atelier-reklama.sk\/blog\/wp-content\/uploads\/2024\/10\/3-st%C3%A1nka-Litava-1.jpg?w=1024&amp;ssl=1 1024w, https:\/\/i0.wp.com\/www.atelier-reklama.sk\/blog\/wp-content\/uploads\/2024\/10\/3-st%C3%A1nka-Litava-1.jpg?resize=300%2C212&amp;ssl=1 300w, https:\/\/i0.wp.com\/www.atelier-reklama.sk\/blog\/wp-content\/uploads\/2024\/10\/3-st%C3%A1nka-Litava-1.jpg?resize=768%2C543&amp;ssl=1 768w\" sizes=\"auto, (max-width: 800px) 100vw, 800px\" \/><\/figure>\n\n\n\n<p>9. St\u00e1nka, Litava, druh\u00e1 pol. 20. stor., p\u00f4vodn\u00fd vlastn\u00edk nezn\u00e1my<\/p>\n\n\n\n<figure class=\"wp-block-image size-large\"><img data-recalc-dims=\"1\" loading=\"lazy\" decoding=\"async\" width=\"800\" height=\"529\" data-attachment-id=\"12957\" data-permalink=\"https:\/\/www.atelier-reklama.sk\/blog\/moj-krekacsky-kroj-a-jeho-prekreslene-vzory-spolu\/8a-stanka-litava-druha-pol-20-stor-povodny-vlastnik-neznamy\/\" data-orig-file=\"https:\/\/i0.wp.com\/www.atelier-reklama.sk\/blog\/wp-content\/uploads\/2023\/03\/8A.-St%C3%A1nka-Litava-druh%C3%A1-pol.-20.-stor.-p%C3%B4vodn%C3%BD-vlastn%C3%ADk-nezn%C3%A1my-scaled.jpg?fit=2560%2C1693&amp;ssl=1\" data-orig-size=\"2560,1693\" data-comments-opened=\"1\" data-image-meta=\"{&quot;aperture&quot;:&quot;2&quot;,&quot;credit&quot;:&quot;&quot;,&quot;camera&quot;:&quot;SM-A125F&quot;,&quot;caption&quot;:&quot;&quot;,&quot;created_timestamp&quot;:&quot;1678784069&quot;,&quot;copyright&quot;:&quot;&quot;,&quot;focal_length&quot;:&quot;4.6&quot;,&quot;iso&quot;:&quot;200&quot;,&quot;shutter_speed&quot;:&quot;0.03&quot;,&quot;title&quot;:&quot;&quot;,&quot;orientation&quot;:&quot;1&quot;}\" data-image-title=\"8A.-St\u00e1nka-Litava-druh\u00e1-pol.-20.-stor.-p\u00f4vodn\u00fd-vlastn\u00edk-nezn\u00e1my\" data-image-description=\"\" data-image-caption=\"\" data-medium-file=\"https:\/\/i0.wp.com\/www.atelier-reklama.sk\/blog\/wp-content\/uploads\/2023\/03\/8A.-St%C3%A1nka-Litava-druh%C3%A1-pol.-20.-stor.-p%C3%B4vodn%C3%BD-vlastn%C3%ADk-nezn%C3%A1my-scaled.jpg?fit=300%2C198&amp;ssl=1\" data-large-file=\"https:\/\/i0.wp.com\/www.atelier-reklama.sk\/blog\/wp-content\/uploads\/2023\/03\/8A.-St%C3%A1nka-Litava-druh%C3%A1-pol.-20.-stor.-p%C3%B4vodn%C3%BD-vlastn%C3%ADk-nezn%C3%A1my-scaled.jpg?fit=800%2C529&amp;ssl=1\" src=\"https:\/\/i0.wp.com\/www.atelier-reklama.sk\/blog\/wp-content\/uploads\/2023\/03\/8A.-St%C3%A1nka-Litava-druh%C3%A1-pol.-20.-stor.-p%C3%B4vodn%C3%BD-vlastn%C3%ADk-nezn%C3%A1my.jpg?resize=800%2C529&#038;ssl=1\" alt=\"\" class=\"wp-image-12957\" srcset=\"https:\/\/i0.wp.com\/www.atelier-reklama.sk\/blog\/wp-content\/uploads\/2023\/03\/8A.-St%C3%A1nka-Litava-druh%C3%A1-pol.-20.-stor.-p%C3%B4vodn%C3%BD-vlastn%C3%ADk-nezn%C3%A1my-scaled.jpg?resize=1024%2C677&amp;ssl=1 1024w, https:\/\/i0.wp.com\/www.atelier-reklama.sk\/blog\/wp-content\/uploads\/2023\/03\/8A.-St%C3%A1nka-Litava-druh%C3%A1-pol.-20.-stor.-p%C3%B4vodn%C3%BD-vlastn%C3%ADk-nezn%C3%A1my-scaled.jpg?resize=300%2C198&amp;ssl=1 300w, https:\/\/i0.wp.com\/www.atelier-reklama.sk\/blog\/wp-content\/uploads\/2023\/03\/8A.-St%C3%A1nka-Litava-druh%C3%A1-pol.-20.-stor.-p%C3%B4vodn%C3%BD-vlastn%C3%ADk-nezn%C3%A1my-scaled.jpg?resize=768%2C508&amp;ssl=1 768w, https:\/\/i0.wp.com\/www.atelier-reklama.sk\/blog\/wp-content\/uploads\/2023\/03\/8A.-St%C3%A1nka-Litava-druh%C3%A1-pol.-20.-stor.-p%C3%B4vodn%C3%BD-vlastn%C3%ADk-nezn%C3%A1my-scaled.jpg?resize=1536%2C1016&amp;ssl=1 1536w, https:\/\/i0.wp.com\/www.atelier-reklama.sk\/blog\/wp-content\/uploads\/2023\/03\/8A.-St%C3%A1nka-Litava-druh%C3%A1-pol.-20.-stor.-p%C3%B4vodn%C3%BD-vlastn%C3%ADk-nezn%C3%A1my-scaled.jpg?resize=2048%2C1354&amp;ssl=1 2048w, https:\/\/i0.wp.com\/www.atelier-reklama.sk\/blog\/wp-content\/uploads\/2023\/03\/8A.-St%C3%A1nka-Litava-druh%C3%A1-pol.-20.-stor.-p%C3%B4vodn%C3%BD-vlastn%C3%ADk-nezn%C3%A1my-scaled.jpg?w=1600&amp;ssl=1 1600w, https:\/\/i0.wp.com\/www.atelier-reklama.sk\/blog\/wp-content\/uploads\/2023\/03\/8A.-St%C3%A1nka-Litava-druh%C3%A1-pol.-20.-stor.-p%C3%B4vodn%C3%BD-vlastn%C3%ADk-nezn%C3%A1my-scaled.jpg?w=2400&amp;ssl=1 2400w\" sizes=\"auto, (max-width: 800px) 100vw, 800px\" \/><\/figure>\n\n\n\n<figure class=\"wp-block-image size-large\"><img data-recalc-dims=\"1\" loading=\"lazy\" decoding=\"async\" width=\"800\" height=\"570\" data-attachment-id=\"12958\" data-permalink=\"https:\/\/www.atelier-reklama.sk\/blog\/moj-krekacsky-kroj-a-jeho-prekreslene-vzory-spolu\/8b-stanka-litava-druha-pol-20-stor-povodny-vlastnik-neznamy\/\" data-orig-file=\"https:\/\/i0.wp.com\/www.atelier-reklama.sk\/blog\/wp-content\/uploads\/2023\/03\/8B.-St%C3%A1nka-Litava-druh%C3%A1-pol.-20.-stor.-p%C3%B4vodn%C3%BD-vlastn%C3%ADk-nezn%C3%A1my-scaled.jpg?fit=2560%2C1821&amp;ssl=1\" data-orig-size=\"2560,1821\" data-comments-opened=\"1\" data-image-meta=\"{&quot;aperture&quot;:&quot;2&quot;,&quot;credit&quot;:&quot;&quot;,&quot;camera&quot;:&quot;SM-A125F&quot;,&quot;caption&quot;:&quot;&quot;,&quot;created_timestamp&quot;:&quot;1678784074&quot;,&quot;copyright&quot;:&quot;&quot;,&quot;focal_length&quot;:&quot;4.6&quot;,&quot;iso&quot;:&quot;200&quot;,&quot;shutter_speed&quot;:&quot;0.03&quot;,&quot;title&quot;:&quot;&quot;,&quot;orientation&quot;:&quot;1&quot;}\" data-image-title=\"8B.-St\u00e1nka-Litava-druh\u00e1-pol.-20.-stor.-p\u00f4vodn\u00fd-vlastn\u00edk-nezn\u00e1my\" data-image-description=\"\" data-image-caption=\"\" data-medium-file=\"https:\/\/i0.wp.com\/www.atelier-reklama.sk\/blog\/wp-content\/uploads\/2023\/03\/8B.-St%C3%A1nka-Litava-druh%C3%A1-pol.-20.-stor.-p%C3%B4vodn%C3%BD-vlastn%C3%ADk-nezn%C3%A1my-scaled.jpg?fit=300%2C213&amp;ssl=1\" data-large-file=\"https:\/\/i0.wp.com\/www.atelier-reklama.sk\/blog\/wp-content\/uploads\/2023\/03\/8B.-St%C3%A1nka-Litava-druh%C3%A1-pol.-20.-stor.-p%C3%B4vodn%C3%BD-vlastn%C3%ADk-nezn%C3%A1my-scaled.jpg?fit=800%2C570&amp;ssl=1\" src=\"https:\/\/i0.wp.com\/www.atelier-reklama.sk\/blog\/wp-content\/uploads\/2023\/03\/8B.-St%C3%A1nka-Litava-druh%C3%A1-pol.-20.-stor.-p%C3%B4vodn%C3%BD-vlastn%C3%ADk-nezn%C3%A1my.jpg?resize=800%2C570&#038;ssl=1\" alt=\"\" class=\"wp-image-12958\" srcset=\"https:\/\/i0.wp.com\/www.atelier-reklama.sk\/blog\/wp-content\/uploads\/2023\/03\/8B.-St%C3%A1nka-Litava-druh%C3%A1-pol.-20.-stor.-p%C3%B4vodn%C3%BD-vlastn%C3%ADk-nezn%C3%A1my-scaled.jpg?resize=1024%2C729&amp;ssl=1 1024w, https:\/\/i0.wp.com\/www.atelier-reklama.sk\/blog\/wp-content\/uploads\/2023\/03\/8B.-St%C3%A1nka-Litava-druh%C3%A1-pol.-20.-stor.-p%C3%B4vodn%C3%BD-vlastn%C3%ADk-nezn%C3%A1my-scaled.jpg?resize=300%2C213&amp;ssl=1 300w, https:\/\/i0.wp.com\/www.atelier-reklama.sk\/blog\/wp-content\/uploads\/2023\/03\/8B.-St%C3%A1nka-Litava-druh%C3%A1-pol.-20.-stor.-p%C3%B4vodn%C3%BD-vlastn%C3%ADk-nezn%C3%A1my-scaled.jpg?resize=768%2C546&amp;ssl=1 768w, https:\/\/i0.wp.com\/www.atelier-reklama.sk\/blog\/wp-content\/uploads\/2023\/03\/8B.-St%C3%A1nka-Litava-druh%C3%A1-pol.-20.-stor.-p%C3%B4vodn%C3%BD-vlastn%C3%ADk-nezn%C3%A1my-scaled.jpg?resize=1536%2C1093&amp;ssl=1 1536w, https:\/\/i0.wp.com\/www.atelier-reklama.sk\/blog\/wp-content\/uploads\/2023\/03\/8B.-St%C3%A1nka-Litava-druh%C3%A1-pol.-20.-stor.-p%C3%B4vodn%C3%BD-vlastn%C3%ADk-nezn%C3%A1my-scaled.jpg?resize=2048%2C1457&amp;ssl=1 2048w, https:\/\/i0.wp.com\/www.atelier-reklama.sk\/blog\/wp-content\/uploads\/2023\/03\/8B.-St%C3%A1nka-Litava-druh%C3%A1-pol.-20.-stor.-p%C3%B4vodn%C3%BD-vlastn%C3%ADk-nezn%C3%A1my-scaled.jpg?w=1600&amp;ssl=1 1600w, https:\/\/i0.wp.com\/www.atelier-reklama.sk\/blog\/wp-content\/uploads\/2023\/03\/8B.-St%C3%A1nka-Litava-druh%C3%A1-pol.-20.-stor.-p%C3%B4vodn%C3%BD-vlastn%C3%ADk-nezn%C3%A1my-scaled.jpg?w=2400&amp;ssl=1 2400w\" sizes=\"auto, (max-width: 800px) 100vw, 800px\" \/><\/figure>\n\n\n\n<figure class=\"wp-block-image size-large\"><img data-recalc-dims=\"1\" loading=\"lazy\" decoding=\"async\" width=\"800\" height=\"434\" data-attachment-id=\"12959\" data-permalink=\"https:\/\/www.atelier-reklama.sk\/blog\/moj-krekacsky-kroj-a-jeho-prekreslene-vzory-spolu\/8c-stanka-litava-druha-pol-20-stor-povodny-vlastnik-neznamy\/\" data-orig-file=\"https:\/\/i0.wp.com\/www.atelier-reklama.sk\/blog\/wp-content\/uploads\/2023\/03\/8C.-St%C3%A1nka-Litava-druh%C3%A1-pol.-20.-stor.-p%C3%B4vodn%C3%BD-vlastn%C3%ADk-nezn%C3%A1my-scaled.jpg?fit=2560%2C1387&amp;ssl=1\" data-orig-size=\"2560,1387\" data-comments-opened=\"1\" data-image-meta=\"{&quot;aperture&quot;:&quot;2&quot;,&quot;credit&quot;:&quot;&quot;,&quot;camera&quot;:&quot;SM-A125F&quot;,&quot;caption&quot;:&quot;&quot;,&quot;created_timestamp&quot;:&quot;1678784099&quot;,&quot;copyright&quot;:&quot;&quot;,&quot;focal_length&quot;:&quot;4.6&quot;,&quot;iso&quot;:&quot;200&quot;,&quot;shutter_speed&quot;:&quot;0.03&quot;,&quot;title&quot;:&quot;&quot;,&quot;orientation&quot;:&quot;1&quot;}\" data-image-title=\"8C.-St\u00e1nka-Litava-druh\u00e1-pol.-20.-stor.-p\u00f4vodn\u00fd-vlastn\u00edk-nezn\u00e1my\" data-image-description=\"\" data-image-caption=\"\" data-medium-file=\"https:\/\/i0.wp.com\/www.atelier-reklama.sk\/blog\/wp-content\/uploads\/2023\/03\/8C.-St%C3%A1nka-Litava-druh%C3%A1-pol.-20.-stor.-p%C3%B4vodn%C3%BD-vlastn%C3%ADk-nezn%C3%A1my-scaled.jpg?fit=300%2C163&amp;ssl=1\" data-large-file=\"https:\/\/i0.wp.com\/www.atelier-reklama.sk\/blog\/wp-content\/uploads\/2023\/03\/8C.-St%C3%A1nka-Litava-druh%C3%A1-pol.-20.-stor.-p%C3%B4vodn%C3%BD-vlastn%C3%ADk-nezn%C3%A1my-scaled.jpg?fit=800%2C434&amp;ssl=1\" src=\"https:\/\/i0.wp.com\/www.atelier-reklama.sk\/blog\/wp-content\/uploads\/2023\/03\/8C.-St%C3%A1nka-Litava-druh%C3%A1-pol.-20.-stor.-p%C3%B4vodn%C3%BD-vlastn%C3%ADk-nezn%C3%A1my.jpg?resize=800%2C434&#038;ssl=1\" alt=\"\" class=\"wp-image-12959\" srcset=\"https:\/\/i0.wp.com\/www.atelier-reklama.sk\/blog\/wp-content\/uploads\/2023\/03\/8C.-St%C3%A1nka-Litava-druh%C3%A1-pol.-20.-stor.-p%C3%B4vodn%C3%BD-vlastn%C3%ADk-nezn%C3%A1my-scaled.jpg?resize=1024%2C555&amp;ssl=1 1024w, https:\/\/i0.wp.com\/www.atelier-reklama.sk\/blog\/wp-content\/uploads\/2023\/03\/8C.-St%C3%A1nka-Litava-druh%C3%A1-pol.-20.-stor.-p%C3%B4vodn%C3%BD-vlastn%C3%ADk-nezn%C3%A1my-scaled.jpg?resize=300%2C163&amp;ssl=1 300w, https:\/\/i0.wp.com\/www.atelier-reklama.sk\/blog\/wp-content\/uploads\/2023\/03\/8C.-St%C3%A1nka-Litava-druh%C3%A1-pol.-20.-stor.-p%C3%B4vodn%C3%BD-vlastn%C3%ADk-nezn%C3%A1my-scaled.jpg?resize=768%2C416&amp;ssl=1 768w, https:\/\/i0.wp.com\/www.atelier-reklama.sk\/blog\/wp-content\/uploads\/2023\/03\/8C.-St%C3%A1nka-Litava-druh%C3%A1-pol.-20.-stor.-p%C3%B4vodn%C3%BD-vlastn%C3%ADk-nezn%C3%A1my-scaled.jpg?resize=1536%2C832&amp;ssl=1 1536w, https:\/\/i0.wp.com\/www.atelier-reklama.sk\/blog\/wp-content\/uploads\/2023\/03\/8C.-St%C3%A1nka-Litava-druh%C3%A1-pol.-20.-stor.-p%C3%B4vodn%C3%BD-vlastn%C3%ADk-nezn%C3%A1my-scaled.jpg?resize=2048%2C1109&amp;ssl=1 2048w, https:\/\/i0.wp.com\/www.atelier-reklama.sk\/blog\/wp-content\/uploads\/2023\/03\/8C.-St%C3%A1nka-Litava-druh%C3%A1-pol.-20.-stor.-p%C3%B4vodn%C3%BD-vlastn%C3%ADk-nezn%C3%A1my-scaled.jpg?w=1600&amp;ssl=1 1600w, https:\/\/i0.wp.com\/www.atelier-reklama.sk\/blog\/wp-content\/uploads\/2023\/03\/8C.-St%C3%A1nka-Litava-druh%C3%A1-pol.-20.-stor.-p%C3%B4vodn%C3%BD-vlastn%C3%ADk-nezn%C3%A1my-scaled.jpg?w=2400&amp;ssl=1 2400w\" sizes=\"auto, (max-width: 800px) 100vw, 800px\" \/><\/figure>\n\n\n\n<figure class=\"wp-block-image size-large\"><img data-recalc-dims=\"1\" loading=\"lazy\" decoding=\"async\" width=\"800\" height=\"566\" data-attachment-id=\"12960\" data-permalink=\"https:\/\/www.atelier-reklama.sk\/blog\/moj-krekacsky-kroj-a-jeho-prekreslene-vzory-spolu\/8d-stanka-litava-druha-pol-20-stor-povodny-vlastnik-neznamy\/\" data-orig-file=\"https:\/\/i0.wp.com\/www.atelier-reklama.sk\/blog\/wp-content\/uploads\/2023\/03\/8D.-St%C3%A1nka-Litava-druh%C3%A1-pol.-20.-stor.-p%C3%B4vodn%C3%BD-vlastn%C3%ADk-nezn%C3%A1my-scaled.jpg?fit=2560%2C1810&amp;ssl=1\" data-orig-size=\"2560,1810\" data-comments-opened=\"1\" data-image-meta=\"{&quot;aperture&quot;:&quot;0&quot;,&quot;credit&quot;:&quot;&quot;,&quot;camera&quot;:&quot;&quot;,&quot;caption&quot;:&quot;&quot;,&quot;created_timestamp&quot;:&quot;0&quot;,&quot;copyright&quot;:&quot;&quot;,&quot;focal_length&quot;:&quot;0&quot;,&quot;iso&quot;:&quot;0&quot;,&quot;shutter_speed&quot;:&quot;0&quot;,&quot;title&quot;:&quot;&quot;,&quot;orientation&quot;:&quot;1&quot;}\" data-image-title=\"8D.-St\u00e1nka-Litava-druh\u00e1-pol.-20.-stor.-p\u00f4vodn\u00fd-vlastn\u00edk-nezn\u00e1my\" data-image-description=\"\" data-image-caption=\"\" data-medium-file=\"https:\/\/i0.wp.com\/www.atelier-reklama.sk\/blog\/wp-content\/uploads\/2023\/03\/8D.-St%C3%A1nka-Litava-druh%C3%A1-pol.-20.-stor.-p%C3%B4vodn%C3%BD-vlastn%C3%ADk-nezn%C3%A1my-scaled.jpg?fit=300%2C212&amp;ssl=1\" data-large-file=\"https:\/\/i0.wp.com\/www.atelier-reklama.sk\/blog\/wp-content\/uploads\/2023\/03\/8D.-St%C3%A1nka-Litava-druh%C3%A1-pol.-20.-stor.-p%C3%B4vodn%C3%BD-vlastn%C3%ADk-nezn%C3%A1my-scaled.jpg?fit=800%2C566&amp;ssl=1\" src=\"https:\/\/i0.wp.com\/www.atelier-reklama.sk\/blog\/wp-content\/uploads\/2023\/03\/8D.-St%C3%A1nka-Litava-druh%C3%A1-pol.-20.-stor.-p%C3%B4vodn%C3%BD-vlastn%C3%ADk-nezn%C3%A1my.jpg?resize=800%2C566&#038;ssl=1\" alt=\"\" class=\"wp-image-12960\" srcset=\"https:\/\/i0.wp.com\/www.atelier-reklama.sk\/blog\/wp-content\/uploads\/2023\/03\/8D.-St%C3%A1nka-Litava-druh%C3%A1-pol.-20.-stor.-p%C3%B4vodn%C3%BD-vlastn%C3%ADk-nezn%C3%A1my-scaled.jpg?resize=1024%2C724&amp;ssl=1 1024w, https:\/\/i0.wp.com\/www.atelier-reklama.sk\/blog\/wp-content\/uploads\/2023\/03\/8D.-St%C3%A1nka-Litava-druh%C3%A1-pol.-20.-stor.-p%C3%B4vodn%C3%BD-vlastn%C3%ADk-nezn%C3%A1my-scaled.jpg?resize=300%2C212&amp;ssl=1 300w, https:\/\/i0.wp.com\/www.atelier-reklama.sk\/blog\/wp-content\/uploads\/2023\/03\/8D.-St%C3%A1nka-Litava-druh%C3%A1-pol.-20.-stor.-p%C3%B4vodn%C3%BD-vlastn%C3%ADk-nezn%C3%A1my-scaled.jpg?resize=768%2C543&amp;ssl=1 768w, https:\/\/i0.wp.com\/www.atelier-reklama.sk\/blog\/wp-content\/uploads\/2023\/03\/8D.-St%C3%A1nka-Litava-druh%C3%A1-pol.-20.-stor.-p%C3%B4vodn%C3%BD-vlastn%C3%ADk-nezn%C3%A1my-scaled.jpg?resize=1536%2C1086&amp;ssl=1 1536w, https:\/\/i0.wp.com\/www.atelier-reklama.sk\/blog\/wp-content\/uploads\/2023\/03\/8D.-St%C3%A1nka-Litava-druh%C3%A1-pol.-20.-stor.-p%C3%B4vodn%C3%BD-vlastn%C3%ADk-nezn%C3%A1my-scaled.jpg?resize=2048%2C1448&amp;ssl=1 2048w, https:\/\/i0.wp.com\/www.atelier-reklama.sk\/blog\/wp-content\/uploads\/2023\/03\/8D.-St%C3%A1nka-Litava-druh%C3%A1-pol.-20.-stor.-p%C3%B4vodn%C3%BD-vlastn%C3%ADk-nezn%C3%A1my-scaled.jpg?w=1600&amp;ssl=1 1600w, https:\/\/i0.wp.com\/www.atelier-reklama.sk\/blog\/wp-content\/uploads\/2023\/03\/8D.-St%C3%A1nka-Litava-druh%C3%A1-pol.-20.-stor.-p%C3%B4vodn%C3%BD-vlastn%C3%ADk-nezn%C3%A1my-scaled.jpg?w=2400&amp;ssl=1 2400w\" sizes=\"auto, (max-width: 800px) 100vw, 800px\" \/><\/figure>\n\n\n\n<figure class=\"wp-block-image size-large\"><img data-recalc-dims=\"1\" loading=\"lazy\" decoding=\"async\" width=\"800\" height=\"600\" data-attachment-id=\"12961\" data-permalink=\"https:\/\/www.atelier-reklama.sk\/blog\/moj-krekacsky-kroj-a-jeho-prekreslene-vzory-spolu\/8e-stanka-litava-druha-pol-20-stor-povodny-vlastnik-neznamy\/\" data-orig-file=\"https:\/\/i0.wp.com\/www.atelier-reklama.sk\/blog\/wp-content\/uploads\/2023\/03\/8E.-St%C3%A1nka-Litava-druh%C3%A1-pol.-20.-stor.-p%C3%B4vodn%C3%BD-vlastn%C3%ADk-nezn%C3%A1my-scaled.jpg?fit=2560%2C1920&amp;ssl=1\" data-orig-size=\"2560,1920\" data-comments-opened=\"1\" data-image-meta=\"{&quot;aperture&quot;:&quot;2&quot;,&quot;credit&quot;:&quot;&quot;,&quot;camera&quot;:&quot;SM-A125F&quot;,&quot;caption&quot;:&quot;&quot;,&quot;created_timestamp&quot;:&quot;1678784122&quot;,&quot;copyright&quot;:&quot;&quot;,&quot;focal_length&quot;:&quot;4.6&quot;,&quot;iso&quot;:&quot;200&quot;,&quot;shutter_speed&quot;:&quot;0.03&quot;,&quot;title&quot;:&quot;&quot;,&quot;orientation&quot;:&quot;1&quot;}\" data-image-title=\"8E.-St\u00e1nka-Litava-druh\u00e1-pol.-20.-stor.-p\u00f4vodn\u00fd-vlastn\u00edk-nezn\u00e1my\" data-image-description=\"\" data-image-caption=\"\" data-medium-file=\"https:\/\/i0.wp.com\/www.atelier-reklama.sk\/blog\/wp-content\/uploads\/2023\/03\/8E.-St%C3%A1nka-Litava-druh%C3%A1-pol.-20.-stor.-p%C3%B4vodn%C3%BD-vlastn%C3%ADk-nezn%C3%A1my-scaled.jpg?fit=300%2C225&amp;ssl=1\" data-large-file=\"https:\/\/i0.wp.com\/www.atelier-reklama.sk\/blog\/wp-content\/uploads\/2023\/03\/8E.-St%C3%A1nka-Litava-druh%C3%A1-pol.-20.-stor.-p%C3%B4vodn%C3%BD-vlastn%C3%ADk-nezn%C3%A1my-scaled.jpg?fit=800%2C600&amp;ssl=1\" src=\"https:\/\/i0.wp.com\/www.atelier-reklama.sk\/blog\/wp-content\/uploads\/2023\/03\/8E.-St%C3%A1nka-Litava-druh%C3%A1-pol.-20.-stor.-p%C3%B4vodn%C3%BD-vlastn%C3%ADk-nezn%C3%A1my.jpg?resize=800%2C600&#038;ssl=1\" alt=\"\" class=\"wp-image-12961\" srcset=\"https:\/\/i0.wp.com\/www.atelier-reklama.sk\/blog\/wp-content\/uploads\/2023\/03\/8E.-St%C3%A1nka-Litava-druh%C3%A1-pol.-20.-stor.-p%C3%B4vodn%C3%BD-vlastn%C3%ADk-nezn%C3%A1my-scaled.jpg?resize=1024%2C768&amp;ssl=1 1024w, https:\/\/i0.wp.com\/www.atelier-reklama.sk\/blog\/wp-content\/uploads\/2023\/03\/8E.-St%C3%A1nka-Litava-druh%C3%A1-pol.-20.-stor.-p%C3%B4vodn%C3%BD-vlastn%C3%ADk-nezn%C3%A1my-scaled.jpg?resize=300%2C225&amp;ssl=1 300w, https:\/\/i0.wp.com\/www.atelier-reklama.sk\/blog\/wp-content\/uploads\/2023\/03\/8E.-St%C3%A1nka-Litava-druh%C3%A1-pol.-20.-stor.-p%C3%B4vodn%C3%BD-vlastn%C3%ADk-nezn%C3%A1my-scaled.jpg?resize=768%2C576&amp;ssl=1 768w, https:\/\/i0.wp.com\/www.atelier-reklama.sk\/blog\/wp-content\/uploads\/2023\/03\/8E.-St%C3%A1nka-Litava-druh%C3%A1-pol.-20.-stor.-p%C3%B4vodn%C3%BD-vlastn%C3%ADk-nezn%C3%A1my-scaled.jpg?resize=1536%2C1152&amp;ssl=1 1536w, https:\/\/i0.wp.com\/www.atelier-reklama.sk\/blog\/wp-content\/uploads\/2023\/03\/8E.-St%C3%A1nka-Litava-druh%C3%A1-pol.-20.-stor.-p%C3%B4vodn%C3%BD-vlastn%C3%ADk-nezn%C3%A1my-scaled.jpg?resize=2048%2C1536&amp;ssl=1 2048w, https:\/\/i0.wp.com\/www.atelier-reklama.sk\/blog\/wp-content\/uploads\/2023\/03\/8E.-St%C3%A1nka-Litava-druh%C3%A1-pol.-20.-stor.-p%C3%B4vodn%C3%BD-vlastn%C3%ADk-nezn%C3%A1my-scaled.jpg?w=1600&amp;ssl=1 1600w, https:\/\/i0.wp.com\/www.atelier-reklama.sk\/blog\/wp-content\/uploads\/2023\/03\/8E.-St%C3%A1nka-Litava-druh%C3%A1-pol.-20.-stor.-p%C3%B4vodn%C3%BD-vlastn%C3%ADk-nezn%C3%A1my-scaled.jpg?w=2400&amp;ssl=1 2400w\" sizes=\"auto, (max-width: 800px) 100vw, 800px\" \/><figcaption class=\"wp-element-caption\">Najjednoduch\u0161ie sa st\u00e1nka d\u00e1 roz\u0161\u00edri\u0165 tak, \u017ee ju v strede prestrihnete a v\u0161ijete p\u00e1s l\u00e1tky, ktor\u00e1 by mala by\u0165 rovnakej, alebo podobnej farby,  kvality. <\/figcaption><\/figure>\n\n\n\n<p>10. st\u00e1nka zo Senohradu p\u00f4vodn\u00fd vlastn\u00edk nezn\u00e1my, s\u00fa\u010dasn\u00fd Zuzana Kov\u00e1\u010dov\u00e1, Bratislava, pod\u013ea nej do mojej zbierky vy\u0161ila M\u00e1ria Ma\u013eov\u00e1 zo Zv. Slatiny<\/p>\n\n\n\n<figure class=\"wp-block-image size-large\"><img data-recalc-dims=\"1\" loading=\"lazy\" decoding=\"async\" width=\"800\" height=\"730\" data-attachment-id=\"15265\" data-permalink=\"https:\/\/www.atelier-reklama.sk\/blog\/moj-krekacsky-kroj-a-jeho-prekreslene-vzory-spolu\/9a-stanka-senohrad-druha-pol-20-st_-zuzanka-kovacova\/\" data-orig-file=\"https:\/\/i0.wp.com\/www.atelier-reklama.sk\/blog\/wp-content\/uploads\/2024\/10\/9A-st%C3%A1nka-Senohrad-druh%C3%A1-pol.-20.st_.-Zuzanka-Kov%C3%A1%C4%8Dov%C3%A1.jpg?fit=1671%2C1526&amp;ssl=1\" data-orig-size=\"1671,1526\" data-comments-opened=\"1\" data-image-meta=\"{&quot;aperture&quot;:&quot;0&quot;,&quot;credit&quot;:&quot;&quot;,&quot;camera&quot;:&quot;&quot;,&quot;caption&quot;:&quot;&quot;,&quot;created_timestamp&quot;:&quot;0&quot;,&quot;copyright&quot;:&quot;&quot;,&quot;focal_length&quot;:&quot;0&quot;,&quot;iso&quot;:&quot;0&quot;,&quot;shutter_speed&quot;:&quot;0&quot;,&quot;title&quot;:&quot;&quot;,&quot;orientation&quot;:&quot;0&quot;}\" data-image-title=\"9A-st\u00e1nka-Senohrad-druh\u00e1-pol.-20.st_.-Zuzanka-Kov\u00e1\u010dov\u00e1\" data-image-description=\"\" data-image-caption=\"\" data-medium-file=\"https:\/\/i0.wp.com\/www.atelier-reklama.sk\/blog\/wp-content\/uploads\/2024\/10\/9A-st%C3%A1nka-Senohrad-druh%C3%A1-pol.-20.st_.-Zuzanka-Kov%C3%A1%C4%8Dov%C3%A1.jpg?fit=300%2C274&amp;ssl=1\" data-large-file=\"https:\/\/i0.wp.com\/www.atelier-reklama.sk\/blog\/wp-content\/uploads\/2024\/10\/9A-st%C3%A1nka-Senohrad-druh%C3%A1-pol.-20.st_.-Zuzanka-Kov%C3%A1%C4%8Dov%C3%A1.jpg?fit=800%2C730&amp;ssl=1\" src=\"https:\/\/i0.wp.com\/www.atelier-reklama.sk\/blog\/wp-content\/uploads\/2024\/10\/9A-st%C3%A1nka-Senohrad-druh%C3%A1-pol.-20.st_.-Zuzanka-Kov%C3%A1%C4%8Dov%C3%A1.jpg?resize=800%2C730&#038;ssl=1\" alt=\"\" class=\"wp-image-15265\" srcset=\"https:\/\/i0.wp.com\/www.atelier-reklama.sk\/blog\/wp-content\/uploads\/2024\/10\/9A-st%C3%A1nka-Senohrad-druh%C3%A1-pol.-20.st_.-Zuzanka-Kov%C3%A1%C4%8Dov%C3%A1.jpg?resize=1024%2C935&amp;ssl=1 1024w, https:\/\/i0.wp.com\/www.atelier-reklama.sk\/blog\/wp-content\/uploads\/2024\/10\/9A-st%C3%A1nka-Senohrad-druh%C3%A1-pol.-20.st_.-Zuzanka-Kov%C3%A1%C4%8Dov%C3%A1.jpg?resize=300%2C274&amp;ssl=1 300w, https:\/\/i0.wp.com\/www.atelier-reklama.sk\/blog\/wp-content\/uploads\/2024\/10\/9A-st%C3%A1nka-Senohrad-druh%C3%A1-pol.-20.st_.-Zuzanka-Kov%C3%A1%C4%8Dov%C3%A1.jpg?resize=768%2C701&amp;ssl=1 768w, https:\/\/i0.wp.com\/www.atelier-reklama.sk\/blog\/wp-content\/uploads\/2024\/10\/9A-st%C3%A1nka-Senohrad-druh%C3%A1-pol.-20.st_.-Zuzanka-Kov%C3%A1%C4%8Dov%C3%A1.jpg?resize=1536%2C1403&amp;ssl=1 1536w, https:\/\/i0.wp.com\/www.atelier-reklama.sk\/blog\/wp-content\/uploads\/2024\/10\/9A-st%C3%A1nka-Senohrad-druh%C3%A1-pol.-20.st_.-Zuzanka-Kov%C3%A1%C4%8Dov%C3%A1.jpg?w=1671&amp;ssl=1 1671w, https:\/\/i0.wp.com\/www.atelier-reklama.sk\/blog\/wp-content\/uploads\/2024\/10\/9A-st%C3%A1nka-Senohrad-druh%C3%A1-pol.-20.st_.-Zuzanka-Kov%C3%A1%C4%8Dov%C3%A1.jpg?w=1600&amp;ssl=1 1600w\" sizes=\"auto, (max-width: 800px) 100vw, 800px\" \/><\/figure>\n\n\n\n<figure class=\"wp-block-image size-large\"><img data-recalc-dims=\"1\" loading=\"lazy\" decoding=\"async\" width=\"800\" height=\"600\" data-attachment-id=\"15266\" data-permalink=\"https:\/\/www.atelier-reklama.sk\/blog\/moj-krekacsky-kroj-a-jeho-prekreslene-vzory-spolu\/9b-stanka-senohrad-druha-pol-20-st_-zuzanka-kovacova\/\" data-orig-file=\"https:\/\/i0.wp.com\/www.atelier-reklama.sk\/blog\/wp-content\/uploads\/2024\/10\/9B-st%C3%A1nka-Senohrad-druh%C3%A1-pol.-20.st_.-Zuzanka-Kov%C3%A1%C4%8Dov%C3%A1.jpg?fit=2040%2C1530&amp;ssl=1\" data-orig-size=\"2040,1530\" data-comments-opened=\"1\" data-image-meta=\"{&quot;aperture&quot;:&quot;0&quot;,&quot;credit&quot;:&quot;&quot;,&quot;camera&quot;:&quot;&quot;,&quot;caption&quot;:&quot;&quot;,&quot;created_timestamp&quot;:&quot;0&quot;,&quot;copyright&quot;:&quot;&quot;,&quot;focal_length&quot;:&quot;0&quot;,&quot;iso&quot;:&quot;0&quot;,&quot;shutter_speed&quot;:&quot;0&quot;,&quot;title&quot;:&quot;&quot;,&quot;orientation&quot;:&quot;0&quot;}\" data-image-title=\"9B-st\u00e1nka-Senohrad-druh\u00e1-pol.-20.st_.-Zuzanka-Kov\u00e1\u010dov\u00e1\" data-image-description=\"\" data-image-caption=\"\" data-medium-file=\"https:\/\/i0.wp.com\/www.atelier-reklama.sk\/blog\/wp-content\/uploads\/2024\/10\/9B-st%C3%A1nka-Senohrad-druh%C3%A1-pol.-20.st_.-Zuzanka-Kov%C3%A1%C4%8Dov%C3%A1.jpg?fit=300%2C225&amp;ssl=1\" data-large-file=\"https:\/\/i0.wp.com\/www.atelier-reklama.sk\/blog\/wp-content\/uploads\/2024\/10\/9B-st%C3%A1nka-Senohrad-druh%C3%A1-pol.-20.st_.-Zuzanka-Kov%C3%A1%C4%8Dov%C3%A1.jpg?fit=800%2C600&amp;ssl=1\" src=\"https:\/\/i0.wp.com\/www.atelier-reklama.sk\/blog\/wp-content\/uploads\/2024\/10\/9B-st%C3%A1nka-Senohrad-druh%C3%A1-pol.-20.st_.-Zuzanka-Kov%C3%A1%C4%8Dov%C3%A1.jpg?resize=800%2C600&#038;ssl=1\" alt=\"\" class=\"wp-image-15266\" srcset=\"https:\/\/i0.wp.com\/www.atelier-reklama.sk\/blog\/wp-content\/uploads\/2024\/10\/9B-st%C3%A1nka-Senohrad-druh%C3%A1-pol.-20.st_.-Zuzanka-Kov%C3%A1%C4%8Dov%C3%A1.jpg?resize=1024%2C768&amp;ssl=1 1024w, https:\/\/i0.wp.com\/www.atelier-reklama.sk\/blog\/wp-content\/uploads\/2024\/10\/9B-st%C3%A1nka-Senohrad-druh%C3%A1-pol.-20.st_.-Zuzanka-Kov%C3%A1%C4%8Dov%C3%A1.jpg?resize=300%2C225&amp;ssl=1 300w, https:\/\/i0.wp.com\/www.atelier-reklama.sk\/blog\/wp-content\/uploads\/2024\/10\/9B-st%C3%A1nka-Senohrad-druh%C3%A1-pol.-20.st_.-Zuzanka-Kov%C3%A1%C4%8Dov%C3%A1.jpg?resize=768%2C576&amp;ssl=1 768w, https:\/\/i0.wp.com\/www.atelier-reklama.sk\/blog\/wp-content\/uploads\/2024\/10\/9B-st%C3%A1nka-Senohrad-druh%C3%A1-pol.-20.st_.-Zuzanka-Kov%C3%A1%C4%8Dov%C3%A1.jpg?resize=1536%2C1152&amp;ssl=1 1536w, https:\/\/i0.wp.com\/www.atelier-reklama.sk\/blog\/wp-content\/uploads\/2024\/10\/9B-st%C3%A1nka-Senohrad-druh%C3%A1-pol.-20.st_.-Zuzanka-Kov%C3%A1%C4%8Dov%C3%A1.jpg?w=2040&amp;ssl=1 2040w, https:\/\/i0.wp.com\/www.atelier-reklama.sk\/blog\/wp-content\/uploads\/2024\/10\/9B-st%C3%A1nka-Senohrad-druh%C3%A1-pol.-20.st_.-Zuzanka-Kov%C3%A1%C4%8Dov%C3%A1.jpg?w=1600&amp;ssl=1 1600w\" sizes=\"auto, (max-width: 800px) 100vw, 800px\" \/><\/figure>\n\n\n\n<figure class=\"wp-block-image size-large\"><img data-recalc-dims=\"1\" loading=\"lazy\" decoding=\"async\" width=\"800\" height=\"566\" data-attachment-id=\"15267\" data-permalink=\"https:\/\/www.atelier-reklama.sk\/blog\/moj-krekacsky-kroj-a-jeho-prekreslene-vzory-spolu\/9c-stanka-senohrad-zuzanka-kovacova\/\" data-orig-file=\"https:\/\/i0.wp.com\/www.atelier-reklama.sk\/blog\/wp-content\/uploads\/2024\/10\/9C-st%C3%A1nka-Senohrad-Zuzanka-Kov%C3%A1%C4%8Dov%C3%A1.png?fit=4960%2C3506&amp;ssl=1\" data-orig-size=\"4960,3506\" data-comments-opened=\"1\" data-image-meta=\"{&quot;aperture&quot;:&quot;0&quot;,&quot;credit&quot;:&quot;&quot;,&quot;camera&quot;:&quot;&quot;,&quot;caption&quot;:&quot;&quot;,&quot;created_timestamp&quot;:&quot;0&quot;,&quot;copyright&quot;:&quot;&quot;,&quot;focal_length&quot;:&quot;0&quot;,&quot;iso&quot;:&quot;0&quot;,&quot;shutter_speed&quot;:&quot;0&quot;,&quot;title&quot;:&quot;&quot;,&quot;orientation&quot;:&quot;0&quot;}\" data-image-title=\"9C-st\u00e1nka-Senohrad-Zuzanka-Kov\u00e1\u010dov\u00e1\" data-image-description=\"\" data-image-caption=\"\" data-medium-file=\"https:\/\/i0.wp.com\/www.atelier-reklama.sk\/blog\/wp-content\/uploads\/2024\/10\/9C-st%C3%A1nka-Senohrad-Zuzanka-Kov%C3%A1%C4%8Dov%C3%A1.png?fit=300%2C212&amp;ssl=1\" data-large-file=\"https:\/\/i0.wp.com\/www.atelier-reklama.sk\/blog\/wp-content\/uploads\/2024\/10\/9C-st%C3%A1nka-Senohrad-Zuzanka-Kov%C3%A1%C4%8Dov%C3%A1.png?fit=800%2C566&amp;ssl=1\" src=\"https:\/\/i0.wp.com\/www.atelier-reklama.sk\/blog\/wp-content\/uploads\/2024\/10\/9C-st%C3%A1nka-Senohrad-Zuzanka-Kov%C3%A1%C4%8Dov%C3%A1.png?resize=800%2C566&#038;ssl=1\" alt=\"\" class=\"wp-image-15267\" srcset=\"https:\/\/i0.wp.com\/www.atelier-reklama.sk\/blog\/wp-content\/uploads\/2024\/10\/9C-st%C3%A1nka-Senohrad-Zuzanka-Kov%C3%A1%C4%8Dov%C3%A1.png?resize=1024%2C724&amp;ssl=1 1024w, https:\/\/i0.wp.com\/www.atelier-reklama.sk\/blog\/wp-content\/uploads\/2024\/10\/9C-st%C3%A1nka-Senohrad-Zuzanka-Kov%C3%A1%C4%8Dov%C3%A1.png?resize=300%2C212&amp;ssl=1 300w, https:\/\/i0.wp.com\/www.atelier-reklama.sk\/blog\/wp-content\/uploads\/2024\/10\/9C-st%C3%A1nka-Senohrad-Zuzanka-Kov%C3%A1%C4%8Dov%C3%A1.png?resize=768%2C543&amp;ssl=1 768w, https:\/\/i0.wp.com\/www.atelier-reklama.sk\/blog\/wp-content\/uploads\/2024\/10\/9C-st%C3%A1nka-Senohrad-Zuzanka-Kov%C3%A1%C4%8Dov%C3%A1.png?resize=1536%2C1086&amp;ssl=1 1536w, https:\/\/i0.wp.com\/www.atelier-reklama.sk\/blog\/wp-content\/uploads\/2024\/10\/9C-st%C3%A1nka-Senohrad-Zuzanka-Kov%C3%A1%C4%8Dov%C3%A1.png?resize=2048%2C1448&amp;ssl=1 2048w, https:\/\/i0.wp.com\/www.atelier-reklama.sk\/blog\/wp-content\/uploads\/2024\/10\/9C-st%C3%A1nka-Senohrad-Zuzanka-Kov%C3%A1%C4%8Dov%C3%A1.png?w=1600&amp;ssl=1 1600w, https:\/\/i0.wp.com\/www.atelier-reklama.sk\/blog\/wp-content\/uploads\/2024\/10\/9C-st%C3%A1nka-Senohrad-Zuzanka-Kov%C3%A1%C4%8Dov%C3%A1.png?w=2400&amp;ssl=1 2400w\" sizes=\"auto, (max-width: 800px) 100vw, 800px\" \/><\/figure>\n\n\n\n<h6 class=\"wp-block-heading has-text-align-center\"><strong>VI. \u017dENSK\u00c9 Z\u00c1TERY<\/strong><\/h6>\n\n\n\n<h2 class=\"wp-block-heading has-text-align-center\">A. Z\u00e1stera futienka a z\u00e1stery-\u0161aty<\/h2>\n\n\n\n<p>Region\u00e1lny n\u00e1zov fiertuchy<\/p>\n\n\n\n<p>Glotov\u00e1 z\u00e1stera fu\u0165ienka\/futa, z&nbsp;modrotla\u010de je tarkav\u00e1\/jarab\u00e1 \u0161ata, z&nbsp;\u010dierneho&nbsp; glotu, perk\u00e1lu je \u0161ata, zo zamatu, zajd\u00ednu fiertucha<\/p>\n\n\n\n<p><strong>Fu\u0165ienka- glotov\u00e1<\/strong> z\u00e1stera u\u0161it\u00e1 z&nbsp;\u010dierneho a&nbsp;\u010derven\u00e9ho glotu,&nbsp; tri diely s\u00fa prie\u010dne zo\u0161\u00edvan\u00e9,&nbsp; oddelen\u00e9&nbsp; \u00fazkou \u017eltou stuhou, v&nbsp;strede je v\u017edy \u010derven\u00fd diel, moja 100 ro\u010dn\u00e1 fu\u0165ienka m\u00e1 \u010derven\u00fd p\u00e1s z&nbsp;pl\u00e1tna, zo \u201ez\u00e1stavoviny\u201c. P\u00e1s-obalok, aj spodn\u00e1 \u010das\u0165 b\u00fdva vy\u0161it\u00e1, niekedy namiesto v\u00fd\u0161ivky je pri\u0161it\u00e1 krojov\u00e1 stuha a&nbsp;pr\u00e1miky, na konci futienku zdobia pestrofarebn\u00e9 strapce. Obliekala sa ku bielej sukni s&nbsp;rackami, v&nbsp;s\u00fa\u010dasnosti aj k&nbsp;vy\u0161\u00edvanej vrchnej sukni keceli\/kinte\u0161u.<\/p>\n\n\n\n<p>Z\u00c1STERA z&nbsp;modrotla\u010de, \u010dierneho gl\u00f3tu, perk\u00e1lu je \u0161ata<\/p>\n\n\n\n<p>Z\u00e1ster\u00e1m &nbsp;z&nbsp;modrotla\u010de so vzorom sa hovor\u00ed jarab\u00e1 \u0161ata, v&nbsp;niektor\u00fdch krek\u00e1\u010dskych dedin\u00e1ch tarkav\u00e1 \u0161ata. Sklad\u00e1 sa z&nbsp;dvoch p\u00f4l , v&nbsp;strede, zvislo ozdoben\u00e1 pali\u010dkovanou \u010dipkou, bielym \u0161it\u00edm, hrachovinkou. V&nbsp;hornej \u010dasti je nariasen\u00e1, v\u0161it\u00e1 do p\u00e1sa-obalku, ktor\u00fd je vy\u0161it\u00fd kr\u00ed\u017eikmi, krivou ihlou, alebo je z&nbsp;modrotla\u010de, alebo z&nbsp;farebn\u00e9ho pl\u00e1tenka, m\u00e1m aj tak\u00e9, \u017ee na \u010diernom glote je pri\u0161it\u00e1 krojov\u00e1 stuha.<\/p>\n\n\n\n<p>\u0160ate sa hovor\u00ed aj z\u00e1ster\u00e1m z&nbsp;gl\u00f3tu, perk\u00e1lu, ktor\u00e9 s\u00fa u\u0161it\u00e9 ako \u0161aty z&nbsp;modrotla\u010de.<\/p>\n\n\n\n<p>Z\u00c1STERY fiertuchy<\/p>\n\n\n\n<p>S\u00fa u\u0161it\u00e9 z&nbsp;tkan\u00e9ho bieleho pl\u00e1tna, vy\u0161\u00edvan\u00e9 kr\u00ed\u017eikmi cez dve nitky, nov\u0161ie na paname, hladkovan\u00edm, krivou ihlou, lemovan\u00e9 bielou strojovou \u010dipkou \u201e\u0161lingovan\u00edm\u201c.<\/p>\n\n\n\n<p>V&nbsp;zbierke m\u00e1m aj z\u00e1stery vy\u0161it\u00e9 kr\u00ed\u017eikmi aj krivou ihlou &nbsp;na \u010diernom glote, \u010diernom zamate, sat\u00e9ne. Maj\u00fa obd\u013a\u017enikov\u00fd strih, po obvode pri\u0161it\u00fa naskladan\u00fa taftov\u00fa stuhu, alebo v\u00fd\u0161ivku po troch stran\u00e1ch v&nbsp;obl\u00fakoch, alebo v \u201ezuboch.\u201c Nov\u0161ie s\u00fa v&nbsp;spodnej \u010dasti zaoblen\u00e9 a&nbsp;tzv. plie\u0161ovsk\u00e9ho typu, s\u00fa v&nbsp;spodnej \u010dasti narancovan\u00e9.<\/p>\n\n\n\n<p>1. Z\u00e1stera futienka, Senohrad, za\u010d. 20. stor. vy\u0161ila kr\u00ed\u017eikmi Katar\u00edna Guttenov\u00e1 (1884-1962)<\/p>\n\n\n\n<figure class=\"wp-block-image size-large\"><img data-recalc-dims=\"1\" loading=\"lazy\" decoding=\"async\" width=\"800\" height=\"788\" data-attachment-id=\"12980\" data-permalink=\"https:\/\/www.atelier-reklama.sk\/blog\/moj-krekacsky-kroj-a-jeho-prekreslene-vzory-spolu\/1a-zastera-futienka-senohrad-zac-20-stor-vysila-krizikmi-katarina-guttenova-1884-1962\/\" data-orig-file=\"https:\/\/i0.wp.com\/www.atelier-reklama.sk\/blog\/wp-content\/uploads\/2023\/03\/1A.-Z%C3%A1stera-futienka-Senohrad-za%C4%8D.-20.-stor.-vy%C5%A1ila-kr%C3%AD%C5%BEikmi-Katar%C3%ADna-Guttenov%C3%A1-1884-1962-scaled.jpg?fit=2560%2C2520&amp;ssl=1\" data-orig-size=\"2560,2520\" data-comments-opened=\"1\" data-image-meta=\"{&quot;aperture&quot;:&quot;2&quot;,&quot;credit&quot;:&quot;&quot;,&quot;camera&quot;:&quot;SM-A125F&quot;,&quot;caption&quot;:&quot;&quot;,&quot;created_timestamp&quot;:&quot;1678877937&quot;,&quot;copyright&quot;:&quot;&quot;,&quot;focal_length&quot;:&quot;4.6&quot;,&quot;iso&quot;:&quot;200&quot;,&quot;shutter_speed&quot;:&quot;0.04&quot;,&quot;title&quot;:&quot;&quot;,&quot;orientation&quot;:&quot;1&quot;}\" data-image-title=\"1A.-Z\u00e1stera-futienka-Senohrad-za\u010d.-20.-stor.-vy\u0161ila-kr\u00ed\u017eikmi-Katar\u00edna-Guttenov\u00e1-1884-1962\" data-image-description=\"\" data-image-caption=\"\" data-medium-file=\"https:\/\/i0.wp.com\/www.atelier-reklama.sk\/blog\/wp-content\/uploads\/2023\/03\/1A.-Z%C3%A1stera-futienka-Senohrad-za%C4%8D.-20.-stor.-vy%C5%A1ila-kr%C3%AD%C5%BEikmi-Katar%C3%ADna-Guttenov%C3%A1-1884-1962-scaled.jpg?fit=300%2C295&amp;ssl=1\" data-large-file=\"https:\/\/i0.wp.com\/www.atelier-reklama.sk\/blog\/wp-content\/uploads\/2023\/03\/1A.-Z%C3%A1stera-futienka-Senohrad-za%C4%8D.-20.-stor.-vy%C5%A1ila-kr%C3%AD%C5%BEikmi-Katar%C3%ADna-Guttenov%C3%A1-1884-1962-scaled.jpg?fit=800%2C788&amp;ssl=1\" src=\"https:\/\/i0.wp.com\/www.atelier-reklama.sk\/blog\/wp-content\/uploads\/2023\/03\/1A.-Z%C3%A1stera-futienka-Senohrad-za%C4%8D.-20.-stor.-vy%C5%A1ila-kr%C3%AD%C5%BEikmi-Katar%C3%ADna-Guttenov%C3%A1-1884-1962.jpg?resize=800%2C788&#038;ssl=1\" alt=\"\" class=\"wp-image-12980\" srcset=\"https:\/\/i0.wp.com\/www.atelier-reklama.sk\/blog\/wp-content\/uploads\/2023\/03\/1A.-Z%C3%A1stera-futienka-Senohrad-za%C4%8D.-20.-stor.-vy%C5%A1ila-kr%C3%AD%C5%BEikmi-Katar%C3%ADna-Guttenov%C3%A1-1884-1962-scaled.jpg?resize=1024%2C1008&amp;ssl=1 1024w, https:\/\/i0.wp.com\/www.atelier-reklama.sk\/blog\/wp-content\/uploads\/2023\/03\/1A.-Z%C3%A1stera-futienka-Senohrad-za%C4%8D.-20.-stor.-vy%C5%A1ila-kr%C3%AD%C5%BEikmi-Katar%C3%ADna-Guttenov%C3%A1-1884-1962-scaled.jpg?resize=300%2C295&amp;ssl=1 300w, https:\/\/i0.wp.com\/www.atelier-reklama.sk\/blog\/wp-content\/uploads\/2023\/03\/1A.-Z%C3%A1stera-futienka-Senohrad-za%C4%8D.-20.-stor.-vy%C5%A1ila-kr%C3%AD%C5%BEikmi-Katar%C3%ADna-Guttenov%C3%A1-1884-1962-scaled.jpg?resize=768%2C756&amp;ssl=1 768w, https:\/\/i0.wp.com\/www.atelier-reklama.sk\/blog\/wp-content\/uploads\/2023\/03\/1A.-Z%C3%A1stera-futienka-Senohrad-za%C4%8D.-20.-stor.-vy%C5%A1ila-kr%C3%AD%C5%BEikmi-Katar%C3%ADna-Guttenov%C3%A1-1884-1962-scaled.jpg?resize=1536%2C1512&amp;ssl=1 1536w, https:\/\/i0.wp.com\/www.atelier-reklama.sk\/blog\/wp-content\/uploads\/2023\/03\/1A.-Z%C3%A1stera-futienka-Senohrad-za%C4%8D.-20.-stor.-vy%C5%A1ila-kr%C3%AD%C5%BEikmi-Katar%C3%ADna-Guttenov%C3%A1-1884-1962-scaled.jpg?resize=2048%2C2016&amp;ssl=1 2048w, https:\/\/i0.wp.com\/www.atelier-reklama.sk\/blog\/wp-content\/uploads\/2023\/03\/1A.-Z%C3%A1stera-futienka-Senohrad-za%C4%8D.-20.-stor.-vy%C5%A1ila-kr%C3%AD%C5%BEikmi-Katar%C3%ADna-Guttenov%C3%A1-1884-1962-scaled.jpg?w=1600&amp;ssl=1 1600w, https:\/\/i0.wp.com\/www.atelier-reklama.sk\/blog\/wp-content\/uploads\/2023\/03\/1A.-Z%C3%A1stera-futienka-Senohrad-za%C4%8D.-20.-stor.-vy%C5%A1ila-kr%C3%AD%C5%BEikmi-Katar%C3%ADna-Guttenov%C3%A1-1884-1962-scaled.jpg?w=2400&amp;ssl=1 2400w\" sizes=\"auto, (max-width: 800px) 100vw, 800px\" \/><figcaption class=\"wp-element-caption\">Pod\u013ea tejto 100 ro\u010dnej fu\u0165ienky som u\u0161ila dve nov\u00e9 a postupovala som takto:<br><br>P\u00e1s 60&#215;16 (8+8), \u0161\u00edrka futienky 150cm, d\u013a\u017eka: \u010dierny gl\u00f3t 25&#215;150 cm,&nbsp; \u010derven\u00fd gl\u00f3t (m\u00f4\u017ee by\u0165 aj oby\u010dajn\u00e9 \u010derven\u00e9 pl\u00e1tno, ktor\u00e9 sa kedysi pou\u017e\u00edvalo na z\u00e1stavy) 35x150cm, posledn\u00fd p\u00e1s \u010dierny gl\u00f3t 24&#215;150 cm, zahne sa pod\u013ea potreby ( napr. na polovicu 12+12cm), \u017elt\u00e1 2 cm \u0161irok\u00e1 stuha sa pri\u0161ije po zo\u0161it\u00ed \u010dierneho a&nbsp;\u010derven\u00e9ho gl\u00f3tu&nbsp; Celkov\u00e1 d\u013a\u017eka by mala by\u0165 o 5 cm krat\u0161ia ako vrchn\u00e1 suk\u0148a-kynte\u0161. Pred zahnut\u00edm vytvor\u00edme&nbsp; farebn\u00e9 strapce z&nbsp;bavlniek, ak\u00e9 sme pou\u017e\u00edvali pri vy\u0161\u00edvan\u00ed, pre\u0161ijeme dvakr\u00e1t zahnut\u00e9 bo\u010dn\u00e9 okraje, na drobno nariasime horn\u00fd diel futienky, pribli\u017ene 10 cm od bo\u010dn\u00e9ho kraja. (So \u0161it\u00edm krojov len za\u010d\u00ednam, ako pom\u00f4cku pri riasen\u00ed pou\u017e\u00edvam kanavu, ktor\u00fa si prifercujem, pre\u0161ijem predn\u00fd steh 2 rady pevnou \u010diernou ni\u0165ou,&nbsp; v\u017edy pich\u00e1m do o\u010diek pod seba s&nbsp;rozdielom pribli\u017ene 4 riadkov, steh je pravideln\u00fd, rovn\u00fd. Po pre\u0161it\u00ed \u0165ah\u00e1m na po\u017eadovan\u00fa \u0161irku obidve nitky naraz, na koncoch zvia\u017eem.)Nakoniec vlo\u017e\u00edme&nbsp; \u0161n\u00farky na uv\u00e4zovanie, &nbsp;dokon\u010d\u00edme p\u00e1s a&nbsp;z\u00e1steru.<\/figcaption><\/figure>\n\n\n\n<figure class=\"wp-block-image size-large\"><img data-recalc-dims=\"1\" loading=\"lazy\" decoding=\"async\" width=\"800\" height=\"903\" data-attachment-id=\"12981\" data-permalink=\"https:\/\/www.atelier-reklama.sk\/blog\/moj-krekacsky-kroj-a-jeho-prekreslene-vzory-spolu\/1b-zastera-futienka-senohrad-zac-20-stor-vysila-krizikmi-katarina-guttenova-1884-1962\/\" data-orig-file=\"https:\/\/i0.wp.com\/www.atelier-reklama.sk\/blog\/wp-content\/uploads\/2023\/03\/1B.-Z%C3%A1stera-futienka-Senohrad-za%C4%8D.-20.-stor.-vy%C5%A1ila-kr%C3%AD%C5%BEikmi-Katar%C3%ADna-Guttenov%C3%A1-1884-1962-scaled.jpg?fit=2266%2C2560&amp;ssl=1\" data-orig-size=\"2266,2560\" data-comments-opened=\"1\" data-image-meta=\"{&quot;aperture&quot;:&quot;2&quot;,&quot;credit&quot;:&quot;&quot;,&quot;camera&quot;:&quot;SM-A125F&quot;,&quot;caption&quot;:&quot;&quot;,&quot;created_timestamp&quot;:&quot;1678877954&quot;,&quot;copyright&quot;:&quot;&quot;,&quot;focal_length&quot;:&quot;4.6&quot;,&quot;iso&quot;:&quot;200&quot;,&quot;shutter_speed&quot;:&quot;0.04&quot;,&quot;title&quot;:&quot;&quot;,&quot;orientation&quot;:&quot;1&quot;}\" data-image-title=\"1B.-Z\u00e1stera-futienka-Senohrad-za\u010d.-20.-stor.-vy\u0161ila-kr\u00ed\u017eikmi-Katar\u00edna-Guttenov\u00e1-1884-1962\" data-image-description=\"\" data-image-caption=\"\" data-medium-file=\"https:\/\/i0.wp.com\/www.atelier-reklama.sk\/blog\/wp-content\/uploads\/2023\/03\/1B.-Z%C3%A1stera-futienka-Senohrad-za%C4%8D.-20.-stor.-vy%C5%A1ila-kr%C3%AD%C5%BEikmi-Katar%C3%ADna-Guttenov%C3%A1-1884-1962-scaled.jpg?fit=266%2C300&amp;ssl=1\" data-large-file=\"https:\/\/i0.wp.com\/www.atelier-reklama.sk\/blog\/wp-content\/uploads\/2023\/03\/1B.-Z%C3%A1stera-futienka-Senohrad-za%C4%8D.-20.-stor.-vy%C5%A1ila-kr%C3%AD%C5%BEikmi-Katar%C3%ADna-Guttenov%C3%A1-1884-1962-scaled.jpg?fit=800%2C903&amp;ssl=1\" src=\"https:\/\/i0.wp.com\/www.atelier-reklama.sk\/blog\/wp-content\/uploads\/2023\/03\/1B.-Z%C3%A1stera-futienka-Senohrad-za%C4%8D.-20.-stor.-vy%C5%A1ila-kr%C3%AD%C5%BEikmi-Katar%C3%ADna-Guttenov%C3%A1-1884-1962.jpg?resize=800%2C903&#038;ssl=1\" alt=\"\" class=\"wp-image-12981\" srcset=\"https:\/\/i0.wp.com\/www.atelier-reklama.sk\/blog\/wp-content\/uploads\/2023\/03\/1B.-Z%C3%A1stera-futienka-Senohrad-za%C4%8D.-20.-stor.-vy%C5%A1ila-kr%C3%AD%C5%BEikmi-Katar%C3%ADna-Guttenov%C3%A1-1884-1962-scaled.jpg?resize=907%2C1024&amp;ssl=1 907w, https:\/\/i0.wp.com\/www.atelier-reklama.sk\/blog\/wp-content\/uploads\/2023\/03\/1B.-Z%C3%A1stera-futienka-Senohrad-za%C4%8D.-20.-stor.-vy%C5%A1ila-kr%C3%AD%C5%BEikmi-Katar%C3%ADna-Guttenov%C3%A1-1884-1962-scaled.jpg?resize=266%2C300&amp;ssl=1 266w, https:\/\/i0.wp.com\/www.atelier-reklama.sk\/blog\/wp-content\/uploads\/2023\/03\/1B.-Z%C3%A1stera-futienka-Senohrad-za%C4%8D.-20.-stor.-vy%C5%A1ila-kr%C3%AD%C5%BEikmi-Katar%C3%ADna-Guttenov%C3%A1-1884-1962-scaled.jpg?resize=768%2C867&amp;ssl=1 768w, https:\/\/i0.wp.com\/www.atelier-reklama.sk\/blog\/wp-content\/uploads\/2023\/03\/1B.-Z%C3%A1stera-futienka-Senohrad-za%C4%8D.-20.-stor.-vy%C5%A1ila-kr%C3%AD%C5%BEikmi-Katar%C3%ADna-Guttenov%C3%A1-1884-1962-scaled.jpg?resize=1360%2C1536&amp;ssl=1 1360w, https:\/\/i0.wp.com\/www.atelier-reklama.sk\/blog\/wp-content\/uploads\/2023\/03\/1B.-Z%C3%A1stera-futienka-Senohrad-za%C4%8D.-20.-stor.-vy%C5%A1ila-kr%C3%AD%C5%BEikmi-Katar%C3%ADna-Guttenov%C3%A1-1884-1962-scaled.jpg?resize=1813%2C2048&amp;ssl=1 1813w, https:\/\/i0.wp.com\/www.atelier-reklama.sk\/blog\/wp-content\/uploads\/2023\/03\/1B.-Z%C3%A1stera-futienka-Senohrad-za%C4%8D.-20.-stor.-vy%C5%A1ila-kr%C3%AD%C5%BEikmi-Katar%C3%ADna-Guttenov%C3%A1-1884-1962-scaled.jpg?w=1600&amp;ssl=1 1600w\" sizes=\"auto, (max-width: 800px) 100vw, 800px\" \/><\/figure>\n\n\n\n<figure class=\"wp-block-image size-large\"><img data-recalc-dims=\"1\" loading=\"lazy\" decoding=\"async\" width=\"800\" height=\"351\" data-attachment-id=\"12982\" data-permalink=\"https:\/\/www.atelier-reklama.sk\/blog\/moj-krekacsky-kroj-a-jeho-prekreslene-vzory-spolu\/1c-zastera-futienka-senohrad-zac-20-stor-vysila-krizikmi-katarina-guttenova-1884-1962\/\" data-orig-file=\"https:\/\/i0.wp.com\/www.atelier-reklama.sk\/blog\/wp-content\/uploads\/2023\/03\/1C.-Z%C3%A1stera-futienka-Senohrad-za%C4%8D.-20.-stor.-vy%C5%A1ila-kr%C3%AD%C5%BEikmi-Katar%C3%ADna-Guttenov%C3%A1-1884-1962-scaled.jpg?fit=2560%2C1123&amp;ssl=1\" data-orig-size=\"2560,1123\" data-comments-opened=\"1\" data-image-meta=\"{&quot;aperture&quot;:&quot;2&quot;,&quot;credit&quot;:&quot;&quot;,&quot;camera&quot;:&quot;SM-A125F&quot;,&quot;caption&quot;:&quot;&quot;,&quot;created_timestamp&quot;:&quot;1678877993&quot;,&quot;copyright&quot;:&quot;&quot;,&quot;focal_length&quot;:&quot;4.6&quot;,&quot;iso&quot;:&quot;400&quot;,&quot;shutter_speed&quot;:&quot;0.04&quot;,&quot;title&quot;:&quot;&quot;,&quot;orientation&quot;:&quot;1&quot;}\" data-image-title=\"1C.-Z\u00e1stera-futienka-Senohrad-za\u010d.-20.-stor.-vy\u0161ila-kr\u00ed\u017eikmi-Katar\u00edna-Guttenov\u00e1-1884-1962\" data-image-description=\"\" data-image-caption=\"\" data-medium-file=\"https:\/\/i0.wp.com\/www.atelier-reklama.sk\/blog\/wp-content\/uploads\/2023\/03\/1C.-Z%C3%A1stera-futienka-Senohrad-za%C4%8D.-20.-stor.-vy%C5%A1ila-kr%C3%AD%C5%BEikmi-Katar%C3%ADna-Guttenov%C3%A1-1884-1962-scaled.jpg?fit=300%2C132&amp;ssl=1\" data-large-file=\"https:\/\/i0.wp.com\/www.atelier-reklama.sk\/blog\/wp-content\/uploads\/2023\/03\/1C.-Z%C3%A1stera-futienka-Senohrad-za%C4%8D.-20.-stor.-vy%C5%A1ila-kr%C3%AD%C5%BEikmi-Katar%C3%ADna-Guttenov%C3%A1-1884-1962-scaled.jpg?fit=800%2C351&amp;ssl=1\" src=\"https:\/\/i0.wp.com\/www.atelier-reklama.sk\/blog\/wp-content\/uploads\/2023\/03\/1C.-Z%C3%A1stera-futienka-Senohrad-za%C4%8D.-20.-stor.-vy%C5%A1ila-kr%C3%AD%C5%BEikmi-Katar%C3%ADna-Guttenov%C3%A1-1884-1962.jpg?resize=800%2C351&#038;ssl=1\" alt=\"\" class=\"wp-image-12982\" srcset=\"https:\/\/i0.wp.com\/www.atelier-reklama.sk\/blog\/wp-content\/uploads\/2023\/03\/1C.-Z%C3%A1stera-futienka-Senohrad-za%C4%8D.-20.-stor.-vy%C5%A1ila-kr%C3%AD%C5%BEikmi-Katar%C3%ADna-Guttenov%C3%A1-1884-1962-scaled.jpg?resize=1024%2C449&amp;ssl=1 1024w, https:\/\/i0.wp.com\/www.atelier-reklama.sk\/blog\/wp-content\/uploads\/2023\/03\/1C.-Z%C3%A1stera-futienka-Senohrad-za%C4%8D.-20.-stor.-vy%C5%A1ila-kr%C3%AD%C5%BEikmi-Katar%C3%ADna-Guttenov%C3%A1-1884-1962-scaled.jpg?resize=300%2C132&amp;ssl=1 300w, https:\/\/i0.wp.com\/www.atelier-reklama.sk\/blog\/wp-content\/uploads\/2023\/03\/1C.-Z%C3%A1stera-futienka-Senohrad-za%C4%8D.-20.-stor.-vy%C5%A1ila-kr%C3%AD%C5%BEikmi-Katar%C3%ADna-Guttenov%C3%A1-1884-1962-scaled.jpg?resize=768%2C337&amp;ssl=1 768w, https:\/\/i0.wp.com\/www.atelier-reklama.sk\/blog\/wp-content\/uploads\/2023\/03\/1C.-Z%C3%A1stera-futienka-Senohrad-za%C4%8D.-20.-stor.-vy%C5%A1ila-kr%C3%AD%C5%BEikmi-Katar%C3%ADna-Guttenov%C3%A1-1884-1962-scaled.jpg?resize=1536%2C674&amp;ssl=1 1536w, https:\/\/i0.wp.com\/www.atelier-reklama.sk\/blog\/wp-content\/uploads\/2023\/03\/1C.-Z%C3%A1stera-futienka-Senohrad-za%C4%8D.-20.-stor.-vy%C5%A1ila-kr%C3%AD%C5%BEikmi-Katar%C3%ADna-Guttenov%C3%A1-1884-1962-scaled.jpg?resize=2048%2C898&amp;ssl=1 2048w, https:\/\/i0.wp.com\/www.atelier-reklama.sk\/blog\/wp-content\/uploads\/2023\/03\/1C.-Z%C3%A1stera-futienka-Senohrad-za%C4%8D.-20.-stor.-vy%C5%A1ila-kr%C3%AD%C5%BEikmi-Katar%C3%ADna-Guttenov%C3%A1-1884-1962-scaled.jpg?w=1600&amp;ssl=1 1600w, https:\/\/i0.wp.com\/www.atelier-reklama.sk\/blog\/wp-content\/uploads\/2023\/03\/1C.-Z%C3%A1stera-futienka-Senohrad-za%C4%8D.-20.-stor.-vy%C5%A1ila-kr%C3%AD%C5%BEikmi-Katar%C3%ADna-Guttenov%C3%A1-1884-1962-scaled.jpg?w=2400&amp;ssl=1 2400w\" sizes=\"auto, (max-width: 800px) 100vw, 800px\" \/><\/figure>\n\n\n\n<figure class=\"wp-block-image size-large\"><img data-recalc-dims=\"1\" loading=\"lazy\" decoding=\"async\" width=\"800\" height=\"566\" data-attachment-id=\"12985\" data-permalink=\"https:\/\/www.atelier-reklama.sk\/blog\/moj-krekacsky-kroj-a-jeho-prekreslene-vzory-spolu\/1d-zastera-futienka-senohrad-zac-20-stor-vysila-krizikmi-katarina-guttenova-1884-1962-1\/\" data-orig-file=\"https:\/\/i0.wp.com\/www.atelier-reklama.sk\/blog\/wp-content\/uploads\/2023\/03\/1D.-Z%C3%A1stera-futienka-Senohrad-za%C4%8D.-20.-stor.-vy%C5%A1ila-kr%C3%AD%C5%BEikmi-Katar%C3%ADna-Guttenov%C3%A1-1884-1962-1-scaled.jpg?fit=2560%2C1810&amp;ssl=1\" data-orig-size=\"2560,1810\" data-comments-opened=\"1\" data-image-meta=\"{&quot;aperture&quot;:&quot;0&quot;,&quot;credit&quot;:&quot;&quot;,&quot;camera&quot;:&quot;&quot;,&quot;caption&quot;:&quot;&quot;,&quot;created_timestamp&quot;:&quot;0&quot;,&quot;copyright&quot;:&quot;&quot;,&quot;focal_length&quot;:&quot;0&quot;,&quot;iso&quot;:&quot;0&quot;,&quot;shutter_speed&quot;:&quot;0&quot;,&quot;title&quot;:&quot;&quot;,&quot;orientation&quot;:&quot;1&quot;}\" data-image-title=\"1D.-Z\u00e1stera-futienka-Senohrad-za\u010d.-20.-stor.-vy\u0161ila-kr\u00ed\u017eikmi-Katar\u00edna-Guttenov\u00e1-1884-1962-1\" data-image-description=\"\" data-image-caption=\"\" data-medium-file=\"https:\/\/i0.wp.com\/www.atelier-reklama.sk\/blog\/wp-content\/uploads\/2023\/03\/1D.-Z%C3%A1stera-futienka-Senohrad-za%C4%8D.-20.-stor.-vy%C5%A1ila-kr%C3%AD%C5%BEikmi-Katar%C3%ADna-Guttenov%C3%A1-1884-1962-1-scaled.jpg?fit=300%2C212&amp;ssl=1\" data-large-file=\"https:\/\/i0.wp.com\/www.atelier-reklama.sk\/blog\/wp-content\/uploads\/2023\/03\/1D.-Z%C3%A1stera-futienka-Senohrad-za%C4%8D.-20.-stor.-vy%C5%A1ila-kr%C3%AD%C5%BEikmi-Katar%C3%ADna-Guttenov%C3%A1-1884-1962-1-scaled.jpg?fit=800%2C566&amp;ssl=1\" src=\"https:\/\/i0.wp.com\/www.atelier-reklama.sk\/blog\/wp-content\/uploads\/2023\/03\/1D.-Z%C3%A1stera-futienka-Senohrad-za%C4%8D.-20.-stor.-vy%C5%A1ila-kr%C3%AD%C5%BEikmi-Katar%C3%ADna-Guttenov%C3%A1-1884-1962-1.jpg?resize=800%2C566&#038;ssl=1\" alt=\"\" class=\"wp-image-12985\" srcset=\"https:\/\/i0.wp.com\/www.atelier-reklama.sk\/blog\/wp-content\/uploads\/2023\/03\/1D.-Z%C3%A1stera-futienka-Senohrad-za%C4%8D.-20.-stor.-vy%C5%A1ila-kr%C3%AD%C5%BEikmi-Katar%C3%ADna-Guttenov%C3%A1-1884-1962-1-scaled.jpg?resize=1024%2C724&amp;ssl=1 1024w, https:\/\/i0.wp.com\/www.atelier-reklama.sk\/blog\/wp-content\/uploads\/2023\/03\/1D.-Z%C3%A1stera-futienka-Senohrad-za%C4%8D.-20.-stor.-vy%C5%A1ila-kr%C3%AD%C5%BEikmi-Katar%C3%ADna-Guttenov%C3%A1-1884-1962-1-scaled.jpg?resize=300%2C212&amp;ssl=1 300w, https:\/\/i0.wp.com\/www.atelier-reklama.sk\/blog\/wp-content\/uploads\/2023\/03\/1D.-Z%C3%A1stera-futienka-Senohrad-za%C4%8D.-20.-stor.-vy%C5%A1ila-kr%C3%AD%C5%BEikmi-Katar%C3%ADna-Guttenov%C3%A1-1884-1962-1-scaled.jpg?resize=768%2C543&amp;ssl=1 768w, https:\/\/i0.wp.com\/www.atelier-reklama.sk\/blog\/wp-content\/uploads\/2023\/03\/1D.-Z%C3%A1stera-futienka-Senohrad-za%C4%8D.-20.-stor.-vy%C5%A1ila-kr%C3%AD%C5%BEikmi-Katar%C3%ADna-Guttenov%C3%A1-1884-1962-1-scaled.jpg?resize=1536%2C1086&amp;ssl=1 1536w, https:\/\/i0.wp.com\/www.atelier-reklama.sk\/blog\/wp-content\/uploads\/2023\/03\/1D.-Z%C3%A1stera-futienka-Senohrad-za%C4%8D.-20.-stor.-vy%C5%A1ila-kr%C3%AD%C5%BEikmi-Katar%C3%ADna-Guttenov%C3%A1-1884-1962-1-scaled.jpg?resize=2048%2C1448&amp;ssl=1 2048w, https:\/\/i0.wp.com\/www.atelier-reklama.sk\/blog\/wp-content\/uploads\/2023\/03\/1D.-Z%C3%A1stera-futienka-Senohrad-za%C4%8D.-20.-stor.-vy%C5%A1ila-kr%C3%AD%C5%BEikmi-Katar%C3%ADna-Guttenov%C3%A1-1884-1962-1-scaled.jpg?w=1600&amp;ssl=1 1600w, https:\/\/i0.wp.com\/www.atelier-reklama.sk\/blog\/wp-content\/uploads\/2023\/03\/1D.-Z%C3%A1stera-futienka-Senohrad-za%C4%8D.-20.-stor.-vy%C5%A1ila-kr%C3%AD%C5%BEikmi-Katar%C3%ADna-Guttenov%C3%A1-1884-1962-1-scaled.jpg?w=2400&amp;ssl=1 2400w\" sizes=\"auto, (max-width: 800px) 100vw, 800px\" \/><\/figure>\n\n\n\n<figure class=\"wp-block-image size-large\"><img data-recalc-dims=\"1\" loading=\"lazy\" decoding=\"async\" width=\"800\" height=\"500\" data-attachment-id=\"12986\" data-permalink=\"https:\/\/www.atelier-reklama.sk\/blog\/moj-krekacsky-kroj-a-jeho-prekreslene-vzory-spolu\/1e-zastera-futienka-senohrad-zac-20-stor-vysila-krizikmi-katarina-guttenova-1884-1962\/\" data-orig-file=\"https:\/\/i0.wp.com\/www.atelier-reklama.sk\/blog\/wp-content\/uploads\/2023\/03\/1E.-Z%C3%A1stera-futienka-Senohrad-za%C4%8D.-20.-stor.-vy%C5%A1ila-kr%C3%AD%C5%BEikmi-Katar%C3%ADna-Guttenov%C3%A1-1884-1962-scaled.jpg?fit=2560%2C1599&amp;ssl=1\" data-orig-size=\"2560,1599\" data-comments-opened=\"1\" data-image-meta=\"{&quot;aperture&quot;:&quot;2&quot;,&quot;credit&quot;:&quot;&quot;,&quot;camera&quot;:&quot;SM-A125F&quot;,&quot;caption&quot;:&quot;&quot;,&quot;created_timestamp&quot;:&quot;1678877967&quot;,&quot;copyright&quot;:&quot;&quot;,&quot;focal_length&quot;:&quot;4.6&quot;,&quot;iso&quot;:&quot;250&quot;,&quot;shutter_speed&quot;:&quot;0.0399&quot;,&quot;title&quot;:&quot;&quot;,&quot;orientation&quot;:&quot;1&quot;}\" data-image-title=\"1E.-Z\u00e1stera-futienka-Senohrad-za\u010d.-20.-stor.-vy\u0161ila-kr\u00ed\u017eikmi-Katar\u00edna-Guttenov\u00e1-1884-1962\" data-image-description=\"\" data-image-caption=\"\" data-medium-file=\"https:\/\/i0.wp.com\/www.atelier-reklama.sk\/blog\/wp-content\/uploads\/2023\/03\/1E.-Z%C3%A1stera-futienka-Senohrad-za%C4%8D.-20.-stor.-vy%C5%A1ila-kr%C3%AD%C5%BEikmi-Katar%C3%ADna-Guttenov%C3%A1-1884-1962-scaled.jpg?fit=300%2C187&amp;ssl=1\" data-large-file=\"https:\/\/i0.wp.com\/www.atelier-reklama.sk\/blog\/wp-content\/uploads\/2023\/03\/1E.-Z%C3%A1stera-futienka-Senohrad-za%C4%8D.-20.-stor.-vy%C5%A1ila-kr%C3%AD%C5%BEikmi-Katar%C3%ADna-Guttenov%C3%A1-1884-1962-scaled.jpg?fit=800%2C500&amp;ssl=1\" src=\"https:\/\/i0.wp.com\/www.atelier-reklama.sk\/blog\/wp-content\/uploads\/2023\/03\/1E.-Z%C3%A1stera-futienka-Senohrad-za%C4%8D.-20.-stor.-vy%C5%A1ila-kr%C3%AD%C5%BEikmi-Katar%C3%ADna-Guttenov%C3%A1-1884-1962.jpg?resize=800%2C500&#038;ssl=1\" alt=\"\" class=\"wp-image-12986\" srcset=\"https:\/\/i0.wp.com\/www.atelier-reklama.sk\/blog\/wp-content\/uploads\/2023\/03\/1E.-Z%C3%A1stera-futienka-Senohrad-za%C4%8D.-20.-stor.-vy%C5%A1ila-kr%C3%AD%C5%BEikmi-Katar%C3%ADna-Guttenov%C3%A1-1884-1962-scaled.jpg?resize=1024%2C640&amp;ssl=1 1024w, https:\/\/i0.wp.com\/www.atelier-reklama.sk\/blog\/wp-content\/uploads\/2023\/03\/1E.-Z%C3%A1stera-futienka-Senohrad-za%C4%8D.-20.-stor.-vy%C5%A1ila-kr%C3%AD%C5%BEikmi-Katar%C3%ADna-Guttenov%C3%A1-1884-1962-scaled.jpg?resize=300%2C187&amp;ssl=1 300w, https:\/\/i0.wp.com\/www.atelier-reklama.sk\/blog\/wp-content\/uploads\/2023\/03\/1E.-Z%C3%A1stera-futienka-Senohrad-za%C4%8D.-20.-stor.-vy%C5%A1ila-kr%C3%AD%C5%BEikmi-Katar%C3%ADna-Guttenov%C3%A1-1884-1962-scaled.jpg?resize=768%2C480&amp;ssl=1 768w, https:\/\/i0.wp.com\/www.atelier-reklama.sk\/blog\/wp-content\/uploads\/2023\/03\/1E.-Z%C3%A1stera-futienka-Senohrad-za%C4%8D.-20.-stor.-vy%C5%A1ila-kr%C3%AD%C5%BEikmi-Katar%C3%ADna-Guttenov%C3%A1-1884-1962-scaled.jpg?resize=1536%2C960&amp;ssl=1 1536w, https:\/\/i0.wp.com\/www.atelier-reklama.sk\/blog\/wp-content\/uploads\/2023\/03\/1E.-Z%C3%A1stera-futienka-Senohrad-za%C4%8D.-20.-stor.-vy%C5%A1ila-kr%C3%AD%C5%BEikmi-Katar%C3%ADna-Guttenov%C3%A1-1884-1962-scaled.jpg?resize=2048%2C1279&amp;ssl=1 2048w, https:\/\/i0.wp.com\/www.atelier-reklama.sk\/blog\/wp-content\/uploads\/2023\/03\/1E.-Z%C3%A1stera-futienka-Senohrad-za%C4%8D.-20.-stor.-vy%C5%A1ila-kr%C3%AD%C5%BEikmi-Katar%C3%ADna-Guttenov%C3%A1-1884-1962-scaled.jpg?w=1600&amp;ssl=1 1600w, https:\/\/i0.wp.com\/www.atelier-reklama.sk\/blog\/wp-content\/uploads\/2023\/03\/1E.-Z%C3%A1stera-futienka-Senohrad-za%C4%8D.-20.-stor.-vy%C5%A1ila-kr%C3%AD%C5%BEikmi-Katar%C3%ADna-Guttenov%C3%A1-1884-1962-scaled.jpg?w=2400&amp;ssl=1 2400w\" sizes=\"auto, (max-width: 800px) 100vw, 800px\" \/><\/figure>\n\n\n\n<p>2. Z\u00e1stera \u0161ata, za\u010d. 20. stor., vy\u0161it\u00e9 kr\u00ed\u017eikmi, p\u00f4vodn\u00fd vlastn\u00edk nezn\u00e1my<\/p>\n\n\n\n<figure class=\"wp-block-image size-large\"><img data-recalc-dims=\"1\" loading=\"lazy\" decoding=\"async\" width=\"800\" height=\"753\" data-attachment-id=\"12987\" data-permalink=\"https:\/\/www.atelier-reklama.sk\/blog\/moj-krekacsky-kroj-a-jeho-prekreslene-vzory-spolu\/2ab-zastera-sata-zvisly-vzor-zac-20-stor-vysite-krizikmi-povodny-vlastnik-neznamy\/\" data-orig-file=\"https:\/\/i0.wp.com\/www.atelier-reklama.sk\/blog\/wp-content\/uploads\/2023\/03\/2AB.-Z%C3%A1stera-%C5%A1ata-zvisl%C3%BD-vzor-za%C4%8D.-20.-stor.-vy%C5%A1it%C3%A9-kr%C3%AD%C5%BEikmi-p%C3%B4vodn%C3%BD-vlastn%C3%ADk-nezn%C3%A1my-scaled.jpg?fit=2560%2C2409&amp;ssl=1\" data-orig-size=\"2560,2409\" data-comments-opened=\"1\" data-image-meta=\"{&quot;aperture&quot;:&quot;2&quot;,&quot;credit&quot;:&quot;&quot;,&quot;camera&quot;:&quot;SM-A125F&quot;,&quot;caption&quot;:&quot;&quot;,&quot;created_timestamp&quot;:&quot;1678878726&quot;,&quot;copyright&quot;:&quot;&quot;,&quot;focal_length&quot;:&quot;4.6&quot;,&quot;iso&quot;:&quot;250&quot;,&quot;shutter_speed&quot;:&quot;0.0303&quot;,&quot;title&quot;:&quot;&quot;,&quot;orientation&quot;:&quot;1&quot;}\" data-image-title=\"2AB.-Z\u00e1stera-\u0161ata-zvisl\u00fd-vzor-za\u010d.-20.-stor.-vy\u0161it\u00e9-kr\u00ed\u017eikmi-p\u00f4vodn\u00fd-vlastn\u00edk-nezn\u00e1my\" data-image-description=\"\" data-image-caption=\"\" data-medium-file=\"https:\/\/i0.wp.com\/www.atelier-reklama.sk\/blog\/wp-content\/uploads\/2023\/03\/2AB.-Z%C3%A1stera-%C5%A1ata-zvisl%C3%BD-vzor-za%C4%8D.-20.-stor.-vy%C5%A1it%C3%A9-kr%C3%AD%C5%BEikmi-p%C3%B4vodn%C3%BD-vlastn%C3%ADk-nezn%C3%A1my-scaled.jpg?fit=300%2C282&amp;ssl=1\" data-large-file=\"https:\/\/i0.wp.com\/www.atelier-reklama.sk\/blog\/wp-content\/uploads\/2023\/03\/2AB.-Z%C3%A1stera-%C5%A1ata-zvisl%C3%BD-vzor-za%C4%8D.-20.-stor.-vy%C5%A1it%C3%A9-kr%C3%AD%C5%BEikmi-p%C3%B4vodn%C3%BD-vlastn%C3%ADk-nezn%C3%A1my-scaled.jpg?fit=800%2C753&amp;ssl=1\" src=\"https:\/\/i0.wp.com\/www.atelier-reklama.sk\/blog\/wp-content\/uploads\/2023\/03\/2AB.-Z%C3%A1stera-%C5%A1ata-zvisl%C3%BD-vzor-za%C4%8D.-20.-stor.-vy%C5%A1it%C3%A9-kr%C3%AD%C5%BEikmi-p%C3%B4vodn%C3%BD-vlastn%C3%ADk-nezn%C3%A1my.jpg?resize=800%2C753&#038;ssl=1\" alt=\"\" class=\"wp-image-12987\" srcset=\"https:\/\/i0.wp.com\/www.atelier-reklama.sk\/blog\/wp-content\/uploads\/2023\/03\/2AB.-Z%C3%A1stera-%C5%A1ata-zvisl%C3%BD-vzor-za%C4%8D.-20.-stor.-vy%C5%A1it%C3%A9-kr%C3%AD%C5%BEikmi-p%C3%B4vodn%C3%BD-vlastn%C3%ADk-nezn%C3%A1my-scaled.jpg?resize=1024%2C964&amp;ssl=1 1024w, https:\/\/i0.wp.com\/www.atelier-reklama.sk\/blog\/wp-content\/uploads\/2023\/03\/2AB.-Z%C3%A1stera-%C5%A1ata-zvisl%C3%BD-vzor-za%C4%8D.-20.-stor.-vy%C5%A1it%C3%A9-kr%C3%AD%C5%BEikmi-p%C3%B4vodn%C3%BD-vlastn%C3%ADk-nezn%C3%A1my-scaled.jpg?resize=300%2C282&amp;ssl=1 300w, https:\/\/i0.wp.com\/www.atelier-reklama.sk\/blog\/wp-content\/uploads\/2023\/03\/2AB.-Z%C3%A1stera-%C5%A1ata-zvisl%C3%BD-vzor-za%C4%8D.-20.-stor.-vy%C5%A1it%C3%A9-kr%C3%AD%C5%BEikmi-p%C3%B4vodn%C3%BD-vlastn%C3%ADk-nezn%C3%A1my-scaled.jpg?resize=768%2C723&amp;ssl=1 768w, https:\/\/i0.wp.com\/www.atelier-reklama.sk\/blog\/wp-content\/uploads\/2023\/03\/2AB.-Z%C3%A1stera-%C5%A1ata-zvisl%C3%BD-vzor-za%C4%8D.-20.-stor.-vy%C5%A1it%C3%A9-kr%C3%AD%C5%BEikmi-p%C3%B4vodn%C3%BD-vlastn%C3%ADk-nezn%C3%A1my-scaled.jpg?resize=1536%2C1445&amp;ssl=1 1536w, https:\/\/i0.wp.com\/www.atelier-reklama.sk\/blog\/wp-content\/uploads\/2023\/03\/2AB.-Z%C3%A1stera-%C5%A1ata-zvisl%C3%BD-vzor-za%C4%8D.-20.-stor.-vy%C5%A1it%C3%A9-kr%C3%AD%C5%BEikmi-p%C3%B4vodn%C3%BD-vlastn%C3%ADk-nezn%C3%A1my-scaled.jpg?resize=2048%2C1927&amp;ssl=1 2048w, https:\/\/i0.wp.com\/www.atelier-reklama.sk\/blog\/wp-content\/uploads\/2023\/03\/2AB.-Z%C3%A1stera-%C5%A1ata-zvisl%C3%BD-vzor-za%C4%8D.-20.-stor.-vy%C5%A1it%C3%A9-kr%C3%AD%C5%BEikmi-p%C3%B4vodn%C3%BD-vlastn%C3%ADk-nezn%C3%A1my-scaled.jpg?w=1600&amp;ssl=1 1600w, https:\/\/i0.wp.com\/www.atelier-reklama.sk\/blog\/wp-content\/uploads\/2023\/03\/2AB.-Z%C3%A1stera-%C5%A1ata-zvisl%C3%BD-vzor-za%C4%8D.-20.-stor.-vy%C5%A1it%C3%A9-kr%C3%AD%C5%BEikmi-p%C3%B4vodn%C3%BD-vlastn%C3%ADk-nezn%C3%A1my-scaled.jpg?w=2400&amp;ssl=1 2400w\" sizes=\"auto, (max-width: 800px) 100vw, 800px\" \/><\/figure>\n\n\n\n<figure class=\"wp-block-image aligncenter size-large\"><img data-recalc-dims=\"1\" loading=\"lazy\" decoding=\"async\" width=\"405\" height=\"1024\" data-attachment-id=\"12988\" data-permalink=\"https:\/\/www.atelier-reklama.sk\/blog\/moj-krekacsky-kroj-a-jeho-prekreslene-vzory-spolu\/2ba-zastera-sata-zvisly-vzor-zac-20-stor-vysite-krizikmi-povodny-vlastnik-neznamy\/\" data-orig-file=\"https:\/\/i0.wp.com\/www.atelier-reklama.sk\/blog\/wp-content\/uploads\/2023\/03\/2BA.-Z%C3%A1stera-%C5%A1ata-zvisl%C3%BD-vzor-za%C4%8D.-20.-stor.-vy%C5%A1it%C3%A9-kr%C3%AD%C5%BEikmi-p%C3%B4vodn%C3%BD-vlastn%C3%ADk-nezn%C3%A1my-scaled.jpg?fit=1012%2C2560&amp;ssl=1\" data-orig-size=\"1012,2560\" data-comments-opened=\"1\" data-image-meta=\"{&quot;aperture&quot;:&quot;2&quot;,&quot;credit&quot;:&quot;&quot;,&quot;camera&quot;:&quot;SM-A125F&quot;,&quot;caption&quot;:&quot;&quot;,&quot;created_timestamp&quot;:&quot;1678878738&quot;,&quot;copyright&quot;:&quot;&quot;,&quot;focal_length&quot;:&quot;4.6&quot;,&quot;iso&quot;:&quot;400&quot;,&quot;shutter_speed&quot;:&quot;0.05&quot;,&quot;title&quot;:&quot;&quot;,&quot;orientation&quot;:&quot;1&quot;}\" data-image-title=\"2BA.-Z\u00e1stera-\u0161ata-zvisl\u00fd-vzor-za\u010d.-20.-stor.-vy\u0161it\u00e9-kr\u00ed\u017eikmi-p\u00f4vodn\u00fd-vlastn\u00edk-nezn\u00e1my\" data-image-description=\"\" data-image-caption=\"\" data-medium-file=\"https:\/\/i0.wp.com\/www.atelier-reklama.sk\/blog\/wp-content\/uploads\/2023\/03\/2BA.-Z%C3%A1stera-%C5%A1ata-zvisl%C3%BD-vzor-za%C4%8D.-20.-stor.-vy%C5%A1it%C3%A9-kr%C3%AD%C5%BEikmi-p%C3%B4vodn%C3%BD-vlastn%C3%ADk-nezn%C3%A1my-scaled.jpg?fit=119%2C300&amp;ssl=1\" data-large-file=\"https:\/\/i0.wp.com\/www.atelier-reklama.sk\/blog\/wp-content\/uploads\/2023\/03\/2BA.-Z%C3%A1stera-%C5%A1ata-zvisl%C3%BD-vzor-za%C4%8D.-20.-stor.-vy%C5%A1it%C3%A9-kr%C3%AD%C5%BEikmi-p%C3%B4vodn%C3%BD-vlastn%C3%ADk-nezn%C3%A1my-scaled.jpg?fit=405%2C1024&amp;ssl=1\" src=\"https:\/\/i0.wp.com\/www.atelier-reklama.sk\/blog\/wp-content\/uploads\/2023\/03\/2BA.-Z%C3%A1stera-%C5%A1ata-zvisl%C3%BD-vzor-za%C4%8D.-20.-stor.-vy%C5%A1it%C3%A9-kr%C3%AD%C5%BEikmi-p%C3%B4vodn%C3%BD-vlastn%C3%ADk-nezn%C3%A1my.jpg?resize=405%2C1024&#038;ssl=1\" alt=\"\" class=\"wp-image-12988\" srcset=\"https:\/\/i0.wp.com\/www.atelier-reklama.sk\/blog\/wp-content\/uploads\/2023\/03\/2BA.-Z%C3%A1stera-%C5%A1ata-zvisl%C3%BD-vzor-za%C4%8D.-20.-stor.-vy%C5%A1it%C3%A9-kr%C3%AD%C5%BEikmi-p%C3%B4vodn%C3%BD-vlastn%C3%ADk-nezn%C3%A1my-scaled.jpg?resize=405%2C1024&amp;ssl=1 405w, https:\/\/i0.wp.com\/www.atelier-reklama.sk\/blog\/wp-content\/uploads\/2023\/03\/2BA.-Z%C3%A1stera-%C5%A1ata-zvisl%C3%BD-vzor-za%C4%8D.-20.-stor.-vy%C5%A1it%C3%A9-kr%C3%AD%C5%BEikmi-p%C3%B4vodn%C3%BD-vlastn%C3%ADk-nezn%C3%A1my-scaled.jpg?resize=119%2C300&amp;ssl=1 119w, https:\/\/i0.wp.com\/www.atelier-reklama.sk\/blog\/wp-content\/uploads\/2023\/03\/2BA.-Z%C3%A1stera-%C5%A1ata-zvisl%C3%BD-vzor-za%C4%8D.-20.-stor.-vy%C5%A1it%C3%A9-kr%C3%AD%C5%BEikmi-p%C3%B4vodn%C3%BD-vlastn%C3%ADk-nezn%C3%A1my-scaled.jpg?resize=768%2C1943&amp;ssl=1 768w, https:\/\/i0.wp.com\/www.atelier-reklama.sk\/blog\/wp-content\/uploads\/2023\/03\/2BA.-Z%C3%A1stera-%C5%A1ata-zvisl%C3%BD-vzor-za%C4%8D.-20.-stor.-vy%C5%A1it%C3%A9-kr%C3%AD%C5%BEikmi-p%C3%B4vodn%C3%BD-vlastn%C3%ADk-nezn%C3%A1my-scaled.jpg?resize=607%2C1536&amp;ssl=1 607w, https:\/\/i0.wp.com\/www.atelier-reklama.sk\/blog\/wp-content\/uploads\/2023\/03\/2BA.-Z%C3%A1stera-%C5%A1ata-zvisl%C3%BD-vzor-za%C4%8D.-20.-stor.-vy%C5%A1it%C3%A9-kr%C3%AD%C5%BEikmi-p%C3%B4vodn%C3%BD-vlastn%C3%ADk-nezn%C3%A1my-scaled.jpg?resize=809%2C2048&amp;ssl=1 809w, https:\/\/i0.wp.com\/www.atelier-reklama.sk\/blog\/wp-content\/uploads\/2023\/03\/2BA.-Z%C3%A1stera-%C5%A1ata-zvisl%C3%BD-vzor-za%C4%8D.-20.-stor.-vy%C5%A1it%C3%A9-kr%C3%AD%C5%BEikmi-p%C3%B4vodn%C3%BD-vlastn%C3%ADk-nezn%C3%A1my-scaled.jpg?w=1012&amp;ssl=1 1012w\" sizes=\"auto, (max-width: 405px) 100vw, 405px\" \/><\/figure>\n\n\n\n<figure class=\"wp-block-image size-large\"><img data-recalc-dims=\"1\" loading=\"lazy\" decoding=\"async\" width=\"724\" height=\"1024\" data-attachment-id=\"12989\" data-permalink=\"https:\/\/www.atelier-reklama.sk\/blog\/moj-krekacsky-kroj-a-jeho-prekreslene-vzory-spolu\/2c-zastera-sata-zvisly-vzor-zac-20-stor-vysite-krizikmi-povodny-vlastnik-neznamy\/\" data-orig-file=\"https:\/\/i0.wp.com\/www.atelier-reklama.sk\/blog\/wp-content\/uploads\/2023\/03\/2C.-Z%C3%A1stera-%C5%A1ata-zvisl%C3%BD-vzor-za%C4%8D.-20.-stor.-vy%C5%A1it%C3%A9-kr%C3%AD%C5%BEikmi-p%C3%B4vodn%C3%BD-vlastn%C3%ADk-nezn%C3%A1my-scaled.jpg?fit=1810%2C2560&amp;ssl=1\" data-orig-size=\"1810,2560\" data-comments-opened=\"1\" data-image-meta=\"{&quot;aperture&quot;:&quot;0&quot;,&quot;credit&quot;:&quot;&quot;,&quot;camera&quot;:&quot;&quot;,&quot;caption&quot;:&quot;&quot;,&quot;created_timestamp&quot;:&quot;0&quot;,&quot;copyright&quot;:&quot;&quot;,&quot;focal_length&quot;:&quot;0&quot;,&quot;iso&quot;:&quot;0&quot;,&quot;shutter_speed&quot;:&quot;0&quot;,&quot;title&quot;:&quot;&quot;,&quot;orientation&quot;:&quot;1&quot;}\" data-image-title=\"2C.-Z\u00e1stera-\u0161ata-zvisl\u00fd-vzor-za\u010d.-20.-stor.-vy\u0161it\u00e9-kr\u00ed\u017eikmi-p\u00f4vodn\u00fd-vlastn\u00edk-nezn\u00e1my\" data-image-description=\"\" data-image-caption=\"\" data-medium-file=\"https:\/\/i0.wp.com\/www.atelier-reklama.sk\/blog\/wp-content\/uploads\/2023\/03\/2C.-Z%C3%A1stera-%C5%A1ata-zvisl%C3%BD-vzor-za%C4%8D.-20.-stor.-vy%C5%A1it%C3%A9-kr%C3%AD%C5%BEikmi-p%C3%B4vodn%C3%BD-vlastn%C3%ADk-nezn%C3%A1my-scaled.jpg?fit=212%2C300&amp;ssl=1\" data-large-file=\"https:\/\/i0.wp.com\/www.atelier-reklama.sk\/blog\/wp-content\/uploads\/2023\/03\/2C.-Z%C3%A1stera-%C5%A1ata-zvisl%C3%BD-vzor-za%C4%8D.-20.-stor.-vy%C5%A1it%C3%A9-kr%C3%AD%C5%BEikmi-p%C3%B4vodn%C3%BD-vlastn%C3%ADk-nezn%C3%A1my-scaled.jpg?fit=724%2C1024&amp;ssl=1\" src=\"https:\/\/i0.wp.com\/www.atelier-reklama.sk\/blog\/wp-content\/uploads\/2023\/03\/2C.-Z%C3%A1stera-%C5%A1ata-zvisl%C3%BD-vzor-za%C4%8D.-20.-stor.-vy%C5%A1it%C3%A9-kr%C3%AD%C5%BEikmi-p%C3%B4vodn%C3%BD-vlastn%C3%ADk-nezn%C3%A1my.jpg?resize=724%2C1024&#038;ssl=1\" alt=\"\" class=\"wp-image-12989\" srcset=\"https:\/\/i0.wp.com\/www.atelier-reklama.sk\/blog\/wp-content\/uploads\/2023\/03\/2C.-Z%C3%A1stera-%C5%A1ata-zvisl%C3%BD-vzor-za%C4%8D.-20.-stor.-vy%C5%A1it%C3%A9-kr%C3%AD%C5%BEikmi-p%C3%B4vodn%C3%BD-vlastn%C3%ADk-nezn%C3%A1my-scaled.jpg?resize=724%2C1024&amp;ssl=1 724w, https:\/\/i0.wp.com\/www.atelier-reklama.sk\/blog\/wp-content\/uploads\/2023\/03\/2C.-Z%C3%A1stera-%C5%A1ata-zvisl%C3%BD-vzor-za%C4%8D.-20.-stor.-vy%C5%A1it%C3%A9-kr%C3%AD%C5%BEikmi-p%C3%B4vodn%C3%BD-vlastn%C3%ADk-nezn%C3%A1my-scaled.jpg?resize=212%2C300&amp;ssl=1 212w, https:\/\/i0.wp.com\/www.atelier-reklama.sk\/blog\/wp-content\/uploads\/2023\/03\/2C.-Z%C3%A1stera-%C5%A1ata-zvisl%C3%BD-vzor-za%C4%8D.-20.-stor.-vy%C5%A1it%C3%A9-kr%C3%AD%C5%BEikmi-p%C3%B4vodn%C3%BD-vlastn%C3%ADk-nezn%C3%A1my-scaled.jpg?resize=768%2C1086&amp;ssl=1 768w, https:\/\/i0.wp.com\/www.atelier-reklama.sk\/blog\/wp-content\/uploads\/2023\/03\/2C.-Z%C3%A1stera-%C5%A1ata-zvisl%C3%BD-vzor-za%C4%8D.-20.-stor.-vy%C5%A1it%C3%A9-kr%C3%AD%C5%BEikmi-p%C3%B4vodn%C3%BD-vlastn%C3%ADk-nezn%C3%A1my-scaled.jpg?resize=1086%2C1536&amp;ssl=1 1086w, https:\/\/i0.wp.com\/www.atelier-reklama.sk\/blog\/wp-content\/uploads\/2023\/03\/2C.-Z%C3%A1stera-%C5%A1ata-zvisl%C3%BD-vzor-za%C4%8D.-20.-stor.-vy%C5%A1it%C3%A9-kr%C3%AD%C5%BEikmi-p%C3%B4vodn%C3%BD-vlastn%C3%ADk-nezn%C3%A1my-scaled.jpg?resize=1448%2C2048&amp;ssl=1 1448w, https:\/\/i0.wp.com\/www.atelier-reklama.sk\/blog\/wp-content\/uploads\/2023\/03\/2C.-Z%C3%A1stera-%C5%A1ata-zvisl%C3%BD-vzor-za%C4%8D.-20.-stor.-vy%C5%A1it%C3%A9-kr%C3%AD%C5%BEikmi-p%C3%B4vodn%C3%BD-vlastn%C3%ADk-nezn%C3%A1my-scaled.jpg?w=1810&amp;ssl=1 1810w, https:\/\/i0.wp.com\/www.atelier-reklama.sk\/blog\/wp-content\/uploads\/2023\/03\/2C.-Z%C3%A1stera-%C5%A1ata-zvisl%C3%BD-vzor-za%C4%8D.-20.-stor.-vy%C5%A1it%C3%A9-kr%C3%AD%C5%BEikmi-p%C3%B4vodn%C3%BD-vlastn%C3%ADk-nezn%C3%A1my-scaled.jpg?w=1600&amp;ssl=1 1600w\" sizes=\"auto, (max-width: 724px) 100vw, 724px\" \/><\/figure>\n\n\n\n<figure class=\"wp-block-image size-large\"><img data-recalc-dims=\"1\" loading=\"lazy\" decoding=\"async\" width=\"800\" height=\"525\" data-attachment-id=\"13123\" data-permalink=\"https:\/\/www.atelier-reklama.sk\/blog\/moj-krekacsky-kroj-a-jeho-prekreslene-vzory-spolu\/jarabe-saty-spolu-2\/\" data-orig-file=\"https:\/\/i0.wp.com\/www.atelier-reklama.sk\/blog\/wp-content\/uploads\/2023\/03\/jarabe-saty-spolu.jpg?fit=960%2C630&amp;ssl=1\" data-orig-size=\"960,630\" data-comments-opened=\"1\" data-image-meta=\"{&quot;aperture&quot;:&quot;0&quot;,&quot;credit&quot;:&quot;&quot;,&quot;camera&quot;:&quot;&quot;,&quot;caption&quot;:&quot;&quot;,&quot;created_timestamp&quot;:&quot;0&quot;,&quot;copyright&quot;:&quot;&quot;,&quot;focal_length&quot;:&quot;0&quot;,&quot;iso&quot;:&quot;0&quot;,&quot;shutter_speed&quot;:&quot;0&quot;,&quot;title&quot;:&quot;&quot;,&quot;orientation&quot;:&quot;0&quot;}\" data-image-title=\"jarabe-saty-spolu\" data-image-description=\"\" data-image-caption=\"\" data-medium-file=\"https:\/\/i0.wp.com\/www.atelier-reklama.sk\/blog\/wp-content\/uploads\/2023\/03\/jarabe-saty-spolu.jpg?fit=300%2C197&amp;ssl=1\" data-large-file=\"https:\/\/i0.wp.com\/www.atelier-reklama.sk\/blog\/wp-content\/uploads\/2023\/03\/jarabe-saty-spolu.jpg?fit=800%2C525&amp;ssl=1\" src=\"https:\/\/i0.wp.com\/www.atelier-reklama.sk\/blog\/wp-content\/uploads\/2023\/03\/jarabe-saty-spolu.jpg?resize=800%2C525&#038;ssl=1\" alt=\"\" class=\"wp-image-13123\" srcset=\"https:\/\/i0.wp.com\/www.atelier-reklama.sk\/blog\/wp-content\/uploads\/2023\/03\/jarabe-saty-spolu.jpg?w=960&amp;ssl=1 960w, https:\/\/i0.wp.com\/www.atelier-reklama.sk\/blog\/wp-content\/uploads\/2023\/03\/jarabe-saty-spolu.jpg?resize=300%2C197&amp;ssl=1 300w, https:\/\/i0.wp.com\/www.atelier-reklama.sk\/blog\/wp-content\/uploads\/2023\/03\/jarabe-saty-spolu.jpg?resize=768%2C504&amp;ssl=1 768w\" sizes=\"auto, (max-width: 800px) 100vw, 800px\" \/><figcaption class=\"wp-element-caption\">V\u0161etky moje jarab\u00e9\/tarkav\u00e9 modrotla\u010dov\u00e9 z\u00e1stery\/\u0161aty<\/figcaption><\/figure>\n\n\n\n<p>3. Z\u00e1stera \u0161ata, asi prv\u00e1 pol. 20. stor., p\u00f4vodn\u00fd vlastn\u00edk nezn\u00e1my<\/p>\n\n\n\n<figure class=\"wp-block-image size-large\"><img data-recalc-dims=\"1\" loading=\"lazy\" decoding=\"async\" width=\"800\" height=\"937\" data-attachment-id=\"12990\" data-permalink=\"https:\/\/www.atelier-reklama.sk\/blog\/moj-krekacsky-kroj-a-jeho-prekreslene-vzory-spolu\/3a-zastera-sata-asi-prva-pol-20-stor-vysite-krizikmi-povodny-vlastnik-neznamy\/\" data-orig-file=\"https:\/\/i0.wp.com\/www.atelier-reklama.sk\/blog\/wp-content\/uploads\/2023\/03\/3A.-Z%C3%A1stera-%C5%A1ata-asi-prv%C3%A1-pol.-20.-stor.-vy%C5%A1it%C3%A9-kr%C3%AD%C5%BEikmi-p%C3%B4vodn%C3%BD-vlastn%C3%ADk-nezn%C3%A1my-scaled.jpg?fit=2184%2C2560&amp;ssl=1\" data-orig-size=\"2184,2560\" data-comments-opened=\"1\" data-image-meta=\"{&quot;aperture&quot;:&quot;2&quot;,&quot;credit&quot;:&quot;&quot;,&quot;camera&quot;:&quot;SM-A125F&quot;,&quot;caption&quot;:&quot;&quot;,&quot;created_timestamp&quot;:&quot;1678879453&quot;,&quot;copyright&quot;:&quot;&quot;,&quot;focal_length&quot;:&quot;4.6&quot;,&quot;iso&quot;:&quot;250&quot;,&quot;shutter_speed&quot;:&quot;0.04&quot;,&quot;title&quot;:&quot;&quot;,&quot;orientation&quot;:&quot;1&quot;}\" data-image-title=\"3A.-Z\u00e1stera-\u0161ata-asi-prv\u00e1-pol.-20.-stor.-vy\u0161it\u00e9-kr\u00ed\u017eikmi-p\u00f4vodn\u00fd-vlastn\u00edk-nezn\u00e1my\" data-image-description=\"\" data-image-caption=\"\" data-medium-file=\"https:\/\/i0.wp.com\/www.atelier-reklama.sk\/blog\/wp-content\/uploads\/2023\/03\/3A.-Z%C3%A1stera-%C5%A1ata-asi-prv%C3%A1-pol.-20.-stor.-vy%C5%A1it%C3%A9-kr%C3%AD%C5%BEikmi-p%C3%B4vodn%C3%BD-vlastn%C3%ADk-nezn%C3%A1my-scaled.jpg?fit=256%2C300&amp;ssl=1\" data-large-file=\"https:\/\/i0.wp.com\/www.atelier-reklama.sk\/blog\/wp-content\/uploads\/2023\/03\/3A.-Z%C3%A1stera-%C5%A1ata-asi-prv%C3%A1-pol.-20.-stor.-vy%C5%A1it%C3%A9-kr%C3%AD%C5%BEikmi-p%C3%B4vodn%C3%BD-vlastn%C3%ADk-nezn%C3%A1my-scaled.jpg?fit=800%2C937&amp;ssl=1\" src=\"https:\/\/i0.wp.com\/www.atelier-reklama.sk\/blog\/wp-content\/uploads\/2023\/03\/3A.-Z%C3%A1stera-%C5%A1ata-asi-prv%C3%A1-pol.-20.-stor.-vy%C5%A1it%C3%A9-kr%C3%AD%C5%BEikmi-p%C3%B4vodn%C3%BD-vlastn%C3%ADk-nezn%C3%A1my.jpg?resize=800%2C937&#038;ssl=1\" alt=\"\" class=\"wp-image-12990\" srcset=\"https:\/\/i0.wp.com\/www.atelier-reklama.sk\/blog\/wp-content\/uploads\/2023\/03\/3A.-Z%C3%A1stera-%C5%A1ata-asi-prv%C3%A1-pol.-20.-stor.-vy%C5%A1it%C3%A9-kr%C3%AD%C5%BEikmi-p%C3%B4vodn%C3%BD-vlastn%C3%ADk-nezn%C3%A1my-scaled.jpg?resize=874%2C1024&amp;ssl=1 874w, https:\/\/i0.wp.com\/www.atelier-reklama.sk\/blog\/wp-content\/uploads\/2023\/03\/3A.-Z%C3%A1stera-%C5%A1ata-asi-prv%C3%A1-pol.-20.-stor.-vy%C5%A1it%C3%A9-kr%C3%AD%C5%BEikmi-p%C3%B4vodn%C3%BD-vlastn%C3%ADk-nezn%C3%A1my-scaled.jpg?resize=256%2C300&amp;ssl=1 256w, https:\/\/i0.wp.com\/www.atelier-reklama.sk\/blog\/wp-content\/uploads\/2023\/03\/3A.-Z%C3%A1stera-%C5%A1ata-asi-prv%C3%A1-pol.-20.-stor.-vy%C5%A1it%C3%A9-kr%C3%AD%C5%BEikmi-p%C3%B4vodn%C3%BD-vlastn%C3%ADk-nezn%C3%A1my-scaled.jpg?resize=768%2C900&amp;ssl=1 768w, https:\/\/i0.wp.com\/www.atelier-reklama.sk\/blog\/wp-content\/uploads\/2023\/03\/3A.-Z%C3%A1stera-%C5%A1ata-asi-prv%C3%A1-pol.-20.-stor.-vy%C5%A1it%C3%A9-kr%C3%AD%C5%BEikmi-p%C3%B4vodn%C3%BD-vlastn%C3%ADk-nezn%C3%A1my-scaled.jpg?resize=1311%2C1536&amp;ssl=1 1311w, https:\/\/i0.wp.com\/www.atelier-reklama.sk\/blog\/wp-content\/uploads\/2023\/03\/3A.-Z%C3%A1stera-%C5%A1ata-asi-prv%C3%A1-pol.-20.-stor.-vy%C5%A1it%C3%A9-kr%C3%AD%C5%BEikmi-p%C3%B4vodn%C3%BD-vlastn%C3%ADk-nezn%C3%A1my-scaled.jpg?resize=1747%2C2048&amp;ssl=1 1747w, https:\/\/i0.wp.com\/www.atelier-reklama.sk\/blog\/wp-content\/uploads\/2023\/03\/3A.-Z%C3%A1stera-%C5%A1ata-asi-prv%C3%A1-pol.-20.-stor.-vy%C5%A1it%C3%A9-kr%C3%AD%C5%BEikmi-p%C3%B4vodn%C3%BD-vlastn%C3%ADk-nezn%C3%A1my-scaled.jpg?w=1600&amp;ssl=1 1600w\" sizes=\"auto, (max-width: 800px) 100vw, 800px\" \/><figcaption class=\"wp-element-caption\">\u017d\u00e1stera\/\u0161ata je u\u0161it\u00e1 z perk\u00e1lu.<\/figcaption><\/figure>\n\n\n\n<figure class=\"wp-block-image size-large\"><img data-recalc-dims=\"1\" loading=\"lazy\" decoding=\"async\" width=\"800\" height=\"448\" data-attachment-id=\"12991\" data-permalink=\"https:\/\/www.atelier-reklama.sk\/blog\/moj-krekacsky-kroj-a-jeho-prekreslene-vzory-spolu\/3b-zastera-sata-asi-prva-pol-20-stor-vysite-krizikmi-povodny-vlastnik-neznamy\/\" data-orig-file=\"https:\/\/i0.wp.com\/www.atelier-reklama.sk\/blog\/wp-content\/uploads\/2023\/03\/3B.-Z%C3%A1stera-%C5%A1ata-asi-prv%C3%A1-pol.-20.-stor.-vy%C5%A1it%C3%A9-kr%C3%AD%C5%BEikmi-p%C3%B4vodn%C3%BD-vlastn%C3%ADk-nezn%C3%A1my-scaled.jpg?fit=2560%2C1433&amp;ssl=1\" data-orig-size=\"2560,1433\" data-comments-opened=\"1\" data-image-meta=\"{&quot;aperture&quot;:&quot;2&quot;,&quot;credit&quot;:&quot;&quot;,&quot;camera&quot;:&quot;SM-A125F&quot;,&quot;caption&quot;:&quot;&quot;,&quot;created_timestamp&quot;:&quot;1678879467&quot;,&quot;copyright&quot;:&quot;&quot;,&quot;focal_length&quot;:&quot;4.6&quot;,&quot;iso&quot;:&quot;250&quot;,&quot;shutter_speed&quot;:&quot;0.0303&quot;,&quot;title&quot;:&quot;&quot;,&quot;orientation&quot;:&quot;1&quot;}\" data-image-title=\"3B.-Z\u00e1stera-\u0161ata-asi-prv\u00e1-pol.-20.-stor.-vy\u0161it\u00e9-kr\u00ed\u017eikmi-p\u00f4vodn\u00fd-vlastn\u00edk-nezn\u00e1my\" data-image-description=\"\" data-image-caption=\"\" data-medium-file=\"https:\/\/i0.wp.com\/www.atelier-reklama.sk\/blog\/wp-content\/uploads\/2023\/03\/3B.-Z%C3%A1stera-%C5%A1ata-asi-prv%C3%A1-pol.-20.-stor.-vy%C5%A1it%C3%A9-kr%C3%AD%C5%BEikmi-p%C3%B4vodn%C3%BD-vlastn%C3%ADk-nezn%C3%A1my-scaled.jpg?fit=300%2C168&amp;ssl=1\" data-large-file=\"https:\/\/i0.wp.com\/www.atelier-reklama.sk\/blog\/wp-content\/uploads\/2023\/03\/3B.-Z%C3%A1stera-%C5%A1ata-asi-prv%C3%A1-pol.-20.-stor.-vy%C5%A1it%C3%A9-kr%C3%AD%C5%BEikmi-p%C3%B4vodn%C3%BD-vlastn%C3%ADk-nezn%C3%A1my-scaled.jpg?fit=800%2C448&amp;ssl=1\" src=\"https:\/\/i0.wp.com\/www.atelier-reklama.sk\/blog\/wp-content\/uploads\/2023\/03\/3B.-Z%C3%A1stera-%C5%A1ata-asi-prv%C3%A1-pol.-20.-stor.-vy%C5%A1it%C3%A9-kr%C3%AD%C5%BEikmi-p%C3%B4vodn%C3%BD-vlastn%C3%ADk-nezn%C3%A1my.jpg?resize=800%2C448&#038;ssl=1\" alt=\"\" class=\"wp-image-12991\" srcset=\"https:\/\/i0.wp.com\/www.atelier-reklama.sk\/blog\/wp-content\/uploads\/2023\/03\/3B.-Z%C3%A1stera-%C5%A1ata-asi-prv%C3%A1-pol.-20.-stor.-vy%C5%A1it%C3%A9-kr%C3%AD%C5%BEikmi-p%C3%B4vodn%C3%BD-vlastn%C3%ADk-nezn%C3%A1my-scaled.jpg?resize=1024%2C573&amp;ssl=1 1024w, https:\/\/i0.wp.com\/www.atelier-reklama.sk\/blog\/wp-content\/uploads\/2023\/03\/3B.-Z%C3%A1stera-%C5%A1ata-asi-prv%C3%A1-pol.-20.-stor.-vy%C5%A1it%C3%A9-kr%C3%AD%C5%BEikmi-p%C3%B4vodn%C3%BD-vlastn%C3%ADk-nezn%C3%A1my-scaled.jpg?resize=300%2C168&amp;ssl=1 300w, https:\/\/i0.wp.com\/www.atelier-reklama.sk\/blog\/wp-content\/uploads\/2023\/03\/3B.-Z%C3%A1stera-%C5%A1ata-asi-prv%C3%A1-pol.-20.-stor.-vy%C5%A1it%C3%A9-kr%C3%AD%C5%BEikmi-p%C3%B4vodn%C3%BD-vlastn%C3%ADk-nezn%C3%A1my-scaled.jpg?resize=768%2C430&amp;ssl=1 768w, https:\/\/i0.wp.com\/www.atelier-reklama.sk\/blog\/wp-content\/uploads\/2023\/03\/3B.-Z%C3%A1stera-%C5%A1ata-asi-prv%C3%A1-pol.-20.-stor.-vy%C5%A1it%C3%A9-kr%C3%AD%C5%BEikmi-p%C3%B4vodn%C3%BD-vlastn%C3%ADk-nezn%C3%A1my-scaled.jpg?resize=1536%2C860&amp;ssl=1 1536w, https:\/\/i0.wp.com\/www.atelier-reklama.sk\/blog\/wp-content\/uploads\/2023\/03\/3B.-Z%C3%A1stera-%C5%A1ata-asi-prv%C3%A1-pol.-20.-stor.-vy%C5%A1it%C3%A9-kr%C3%AD%C5%BEikmi-p%C3%B4vodn%C3%BD-vlastn%C3%ADk-nezn%C3%A1my-scaled.jpg?resize=2048%2C1146&amp;ssl=1 2048w, https:\/\/i0.wp.com\/www.atelier-reklama.sk\/blog\/wp-content\/uploads\/2023\/03\/3B.-Z%C3%A1stera-%C5%A1ata-asi-prv%C3%A1-pol.-20.-stor.-vy%C5%A1it%C3%A9-kr%C3%AD%C5%BEikmi-p%C3%B4vodn%C3%BD-vlastn%C3%ADk-nezn%C3%A1my-scaled.jpg?w=1600&amp;ssl=1 1600w, https:\/\/i0.wp.com\/www.atelier-reklama.sk\/blog\/wp-content\/uploads\/2023\/03\/3B.-Z%C3%A1stera-%C5%A1ata-asi-prv%C3%A1-pol.-20.-stor.-vy%C5%A1it%C3%A9-kr%C3%AD%C5%BEikmi-p%C3%B4vodn%C3%BD-vlastn%C3%ADk-nezn%C3%A1my-scaled.jpg?w=2400&amp;ssl=1 2400w\" sizes=\"auto, (max-width: 800px) 100vw, 800px\" \/><\/figure>\n\n\n\n<figure class=\"wp-block-image size-large\"><img data-recalc-dims=\"1\" loading=\"lazy\" decoding=\"async\" width=\"800\" height=\"566\" data-attachment-id=\"12995\" data-permalink=\"https:\/\/www.atelier-reklama.sk\/blog\/moj-krekacsky-kroj-a-jeho-prekreslene-vzory-spolu\/3d-zastera-sata-asi-prva-pol-20-stor-vysite-krizikmi-povodny-vlastnik-neznamy-2\/\" data-orig-file=\"https:\/\/i0.wp.com\/www.atelier-reklama.sk\/blog\/wp-content\/uploads\/2023\/03\/3D.-Z%C3%A1stera-%C5%A1ata-asi-prv%C3%A1-pol.-20.-stor.-vy%C5%A1it%C3%A9-kr%C3%AD%C5%BEikmi-p%C3%B4vodn%C3%BD-vlastn%C3%ADk-nezn%C3%A1my-2-scaled.jpg?fit=2560%2C1810&amp;ssl=1\" data-orig-size=\"2560,1810\" data-comments-opened=\"1\" data-image-meta=\"{&quot;aperture&quot;:&quot;0&quot;,&quot;credit&quot;:&quot;&quot;,&quot;camera&quot;:&quot;&quot;,&quot;caption&quot;:&quot;&quot;,&quot;created_timestamp&quot;:&quot;0&quot;,&quot;copyright&quot;:&quot;&quot;,&quot;focal_length&quot;:&quot;0&quot;,&quot;iso&quot;:&quot;0&quot;,&quot;shutter_speed&quot;:&quot;0&quot;,&quot;title&quot;:&quot;&quot;,&quot;orientation&quot;:&quot;1&quot;}\" data-image-title=\"3D.-Z\u00e1stera-\u0161ata-asi-prv\u00e1-pol.-20.-stor.-vy\u0161it\u00e9-kr\u00ed\u017eikmi-p\u00f4vodn\u00fd-vlastn\u00edk-nezn\u00e1my-2\" data-image-description=\"\" data-image-caption=\"\" data-medium-file=\"https:\/\/i0.wp.com\/www.atelier-reklama.sk\/blog\/wp-content\/uploads\/2023\/03\/3D.-Z%C3%A1stera-%C5%A1ata-asi-prv%C3%A1-pol.-20.-stor.-vy%C5%A1it%C3%A9-kr%C3%AD%C5%BEikmi-p%C3%B4vodn%C3%BD-vlastn%C3%ADk-nezn%C3%A1my-2-scaled.jpg?fit=300%2C212&amp;ssl=1\" data-large-file=\"https:\/\/i0.wp.com\/www.atelier-reklama.sk\/blog\/wp-content\/uploads\/2023\/03\/3D.-Z%C3%A1stera-%C5%A1ata-asi-prv%C3%A1-pol.-20.-stor.-vy%C5%A1it%C3%A9-kr%C3%AD%C5%BEikmi-p%C3%B4vodn%C3%BD-vlastn%C3%ADk-nezn%C3%A1my-2-scaled.jpg?fit=800%2C566&amp;ssl=1\" src=\"https:\/\/i0.wp.com\/www.atelier-reklama.sk\/blog\/wp-content\/uploads\/2023\/03\/3D.-Z%C3%A1stera-%C5%A1ata-asi-prv%C3%A1-pol.-20.-stor.-vy%C5%A1it%C3%A9-kr%C3%AD%C5%BEikmi-p%C3%B4vodn%C3%BD-vlastn%C3%ADk-nezn%C3%A1my-2.jpg?resize=800%2C566&#038;ssl=1\" alt=\"\" class=\"wp-image-12995\" srcset=\"https:\/\/i0.wp.com\/www.atelier-reklama.sk\/blog\/wp-content\/uploads\/2023\/03\/3D.-Z%C3%A1stera-%C5%A1ata-asi-prv%C3%A1-pol.-20.-stor.-vy%C5%A1it%C3%A9-kr%C3%AD%C5%BEikmi-p%C3%B4vodn%C3%BD-vlastn%C3%ADk-nezn%C3%A1my-2-scaled.jpg?resize=1024%2C724&amp;ssl=1 1024w, https:\/\/i0.wp.com\/www.atelier-reklama.sk\/blog\/wp-content\/uploads\/2023\/03\/3D.-Z%C3%A1stera-%C5%A1ata-asi-prv%C3%A1-pol.-20.-stor.-vy%C5%A1it%C3%A9-kr%C3%AD%C5%BEikmi-p%C3%B4vodn%C3%BD-vlastn%C3%ADk-nezn%C3%A1my-2-scaled.jpg?resize=300%2C212&amp;ssl=1 300w, https:\/\/i0.wp.com\/www.atelier-reklama.sk\/blog\/wp-content\/uploads\/2023\/03\/3D.-Z%C3%A1stera-%C5%A1ata-asi-prv%C3%A1-pol.-20.-stor.-vy%C5%A1it%C3%A9-kr%C3%AD%C5%BEikmi-p%C3%B4vodn%C3%BD-vlastn%C3%ADk-nezn%C3%A1my-2-scaled.jpg?resize=768%2C543&amp;ssl=1 768w, https:\/\/i0.wp.com\/www.atelier-reklama.sk\/blog\/wp-content\/uploads\/2023\/03\/3D.-Z%C3%A1stera-%C5%A1ata-asi-prv%C3%A1-pol.-20.-stor.-vy%C5%A1it%C3%A9-kr%C3%AD%C5%BEikmi-p%C3%B4vodn%C3%BD-vlastn%C3%ADk-nezn%C3%A1my-2-scaled.jpg?resize=1536%2C1086&amp;ssl=1 1536w, https:\/\/i0.wp.com\/www.atelier-reklama.sk\/blog\/wp-content\/uploads\/2023\/03\/3D.-Z%C3%A1stera-%C5%A1ata-asi-prv%C3%A1-pol.-20.-stor.-vy%C5%A1it%C3%A9-kr%C3%AD%C5%BEikmi-p%C3%B4vodn%C3%BD-vlastn%C3%ADk-nezn%C3%A1my-2-scaled.jpg?resize=2048%2C1448&amp;ssl=1 2048w, https:\/\/i0.wp.com\/www.atelier-reklama.sk\/blog\/wp-content\/uploads\/2023\/03\/3D.-Z%C3%A1stera-%C5%A1ata-asi-prv%C3%A1-pol.-20.-stor.-vy%C5%A1it%C3%A9-kr%C3%AD%C5%BEikmi-p%C3%B4vodn%C3%BD-vlastn%C3%ADk-nezn%C3%A1my-2-scaled.jpg?w=1600&amp;ssl=1 1600w, https:\/\/i0.wp.com\/www.atelier-reklama.sk\/blog\/wp-content\/uploads\/2023\/03\/3D.-Z%C3%A1stera-%C5%A1ata-asi-prv%C3%A1-pol.-20.-stor.-vy%C5%A1it%C3%A9-kr%C3%AD%C5%BEikmi-p%C3%B4vodn%C3%BD-vlastn%C3%ADk-nezn%C3%A1my-2-scaled.jpg?w=2400&amp;ssl=1 2400w\" sizes=\"auto, (max-width: 800px) 100vw, 800px\" \/><\/figure>\n\n\n\n<p>4. Z\u00e1stera \u0161ata, Senohrad, vy\u0161it\u00e9 krivou ihlou, p\u00f4vodn\u00fd vlastn\u00edk nezn\u00e1my<\/p>\n\n\n\n<figure class=\"wp-block-image size-large\"><img data-recalc-dims=\"1\" loading=\"lazy\" decoding=\"async\" width=\"800\" height=\"827\" data-attachment-id=\"12996\" data-permalink=\"https:\/\/www.atelier-reklama.sk\/blog\/moj-krekacsky-kroj-a-jeho-prekreslene-vzory-spolu\/4a-zastera-sata-senohrad-vysite-krivou-ihlou-povodny-vlastnik-neznamy\/\" data-orig-file=\"https:\/\/i0.wp.com\/www.atelier-reklama.sk\/blog\/wp-content\/uploads\/2023\/03\/4A.-Z%C3%A1stera-%C5%A1ata-Senohrad-vy%C5%A1it%C3%A9-krivou-ihlou-p%C3%B4vodn%C3%BD-vlastn%C3%ADk-nezn%C3%A1my-scaled.jpg?fit=2476%2C2560&amp;ssl=1\" data-orig-size=\"2476,2560\" data-comments-opened=\"1\" data-image-meta=\"{&quot;aperture&quot;:&quot;2&quot;,&quot;credit&quot;:&quot;&quot;,&quot;camera&quot;:&quot;SM-A125F&quot;,&quot;caption&quot;:&quot;&quot;,&quot;created_timestamp&quot;:&quot;1678878341&quot;,&quot;copyright&quot;:&quot;&quot;,&quot;focal_length&quot;:&quot;4.6&quot;,&quot;iso&quot;:&quot;250&quot;,&quot;shutter_speed&quot;:&quot;0.04&quot;,&quot;title&quot;:&quot;&quot;,&quot;orientation&quot;:&quot;1&quot;}\" data-image-title=\"4A.-Z\u00e1stera-\u0161ata-Senohrad-vy\u0161it\u00e9-krivou-ihlou-p\u00f4vodn\u00fd-vlastn\u00edk-nezn\u00e1my\" data-image-description=\"\" data-image-caption=\"\" data-medium-file=\"https:\/\/i0.wp.com\/www.atelier-reklama.sk\/blog\/wp-content\/uploads\/2023\/03\/4A.-Z%C3%A1stera-%C5%A1ata-Senohrad-vy%C5%A1it%C3%A9-krivou-ihlou-p%C3%B4vodn%C3%BD-vlastn%C3%ADk-nezn%C3%A1my-scaled.jpg?fit=290%2C300&amp;ssl=1\" data-large-file=\"https:\/\/i0.wp.com\/www.atelier-reklama.sk\/blog\/wp-content\/uploads\/2023\/03\/4A.-Z%C3%A1stera-%C5%A1ata-Senohrad-vy%C5%A1it%C3%A9-krivou-ihlou-p%C3%B4vodn%C3%BD-vlastn%C3%ADk-nezn%C3%A1my-scaled.jpg?fit=800%2C827&amp;ssl=1\" src=\"https:\/\/i0.wp.com\/www.atelier-reklama.sk\/blog\/wp-content\/uploads\/2023\/03\/4A.-Z%C3%A1stera-%C5%A1ata-Senohrad-vy%C5%A1it%C3%A9-krivou-ihlou-p%C3%B4vodn%C3%BD-vlastn%C3%ADk-nezn%C3%A1my.jpg?resize=800%2C827&#038;ssl=1\" alt=\"\" class=\"wp-image-12996\" srcset=\"https:\/\/i0.wp.com\/www.atelier-reklama.sk\/blog\/wp-content\/uploads\/2023\/03\/4A.-Z%C3%A1stera-%C5%A1ata-Senohrad-vy%C5%A1it%C3%A9-krivou-ihlou-p%C3%B4vodn%C3%BD-vlastn%C3%ADk-nezn%C3%A1my-scaled.jpg?resize=990%2C1024&amp;ssl=1 990w, https:\/\/i0.wp.com\/www.atelier-reklama.sk\/blog\/wp-content\/uploads\/2023\/03\/4A.-Z%C3%A1stera-%C5%A1ata-Senohrad-vy%C5%A1it%C3%A9-krivou-ihlou-p%C3%B4vodn%C3%BD-vlastn%C3%ADk-nezn%C3%A1my-scaled.jpg?resize=290%2C300&amp;ssl=1 290w, https:\/\/i0.wp.com\/www.atelier-reklama.sk\/blog\/wp-content\/uploads\/2023\/03\/4A.-Z%C3%A1stera-%C5%A1ata-Senohrad-vy%C5%A1it%C3%A9-krivou-ihlou-p%C3%B4vodn%C3%BD-vlastn%C3%ADk-nezn%C3%A1my-scaled.jpg?resize=768%2C794&amp;ssl=1 768w, https:\/\/i0.wp.com\/www.atelier-reklama.sk\/blog\/wp-content\/uploads\/2023\/03\/4A.-Z%C3%A1stera-%C5%A1ata-Senohrad-vy%C5%A1it%C3%A9-krivou-ihlou-p%C3%B4vodn%C3%BD-vlastn%C3%ADk-nezn%C3%A1my-scaled.jpg?resize=1485%2C1536&amp;ssl=1 1485w, https:\/\/i0.wp.com\/www.atelier-reklama.sk\/blog\/wp-content\/uploads\/2023\/03\/4A.-Z%C3%A1stera-%C5%A1ata-Senohrad-vy%C5%A1it%C3%A9-krivou-ihlou-p%C3%B4vodn%C3%BD-vlastn%C3%ADk-nezn%C3%A1my-scaled.jpg?resize=1981%2C2048&amp;ssl=1 1981w, https:\/\/i0.wp.com\/www.atelier-reklama.sk\/blog\/wp-content\/uploads\/2023\/03\/4A.-Z%C3%A1stera-%C5%A1ata-Senohrad-vy%C5%A1it%C3%A9-krivou-ihlou-p%C3%B4vodn%C3%BD-vlastn%C3%ADk-nezn%C3%A1my-scaled.jpg?w=1600&amp;ssl=1 1600w, https:\/\/i0.wp.com\/www.atelier-reklama.sk\/blog\/wp-content\/uploads\/2023\/03\/4A.-Z%C3%A1stera-%C5%A1ata-Senohrad-vy%C5%A1it%C3%A9-krivou-ihlou-p%C3%B4vodn%C3%BD-vlastn%C3%ADk-nezn%C3%A1my-scaled.jpg?w=2400&amp;ssl=1 2400w\" sizes=\"auto, (max-width: 800px) 100vw, 800px\" \/><figcaption class=\"wp-element-caption\">Z\u00e1stera, \u0161ata z perk\u00e1lu. <\/figcaption><\/figure>\n\n\n\n<figure class=\"wp-block-image size-large\"><img data-recalc-dims=\"1\" loading=\"lazy\" decoding=\"async\" width=\"660\" height=\"1024\" data-attachment-id=\"12997\" data-permalink=\"https:\/\/www.atelier-reklama.sk\/blog\/moj-krekacsky-kroj-a-jeho-prekreslene-vzory-spolu\/4f-zastera-sata-zvysla-vysivka-krivou-ihlou-povodny-vlastnik-neznamy\/\" data-orig-file=\"https:\/\/i0.wp.com\/www.atelier-reklama.sk\/blog\/wp-content\/uploads\/2023\/03\/4F.-Z%C3%A1stera-%C5%A1ata-zvysl%C3%A1-v%C3%BD%C5%A1ivka-krivou-ihlou-p%C3%B4vodn%C3%BD-vlastn%C3%ADk-nezn%C3%A1my-scaled.jpg?fit=1649%2C2560&amp;ssl=1\" data-orig-size=\"1649,2560\" data-comments-opened=\"1\" data-image-meta=\"{&quot;aperture&quot;:&quot;2&quot;,&quot;credit&quot;:&quot;&quot;,&quot;camera&quot;:&quot;SM-A125F&quot;,&quot;caption&quot;:&quot;&quot;,&quot;created_timestamp&quot;:&quot;1678878379&quot;,&quot;copyright&quot;:&quot;&quot;,&quot;focal_length&quot;:&quot;4.6&quot;,&quot;iso&quot;:&quot;500&quot;,&quot;shutter_speed&quot;:&quot;0.05&quot;,&quot;title&quot;:&quot;&quot;,&quot;orientation&quot;:&quot;1&quot;}\" data-image-title=\"4F.-Z\u00e1stera-\u0161ata-zvysl\u00e1-v\u00fd\u0161ivka-krivou-ihlou-p\u00f4vodn\u00fd-vlastn\u00edk-nezn\u00e1my\" data-image-description=\"\" data-image-caption=\"\" data-medium-file=\"https:\/\/i0.wp.com\/www.atelier-reklama.sk\/blog\/wp-content\/uploads\/2023\/03\/4F.-Z%C3%A1stera-%C5%A1ata-zvysl%C3%A1-v%C3%BD%C5%A1ivka-krivou-ihlou-p%C3%B4vodn%C3%BD-vlastn%C3%ADk-nezn%C3%A1my-scaled.jpg?fit=193%2C300&amp;ssl=1\" data-large-file=\"https:\/\/i0.wp.com\/www.atelier-reklama.sk\/blog\/wp-content\/uploads\/2023\/03\/4F.-Z%C3%A1stera-%C5%A1ata-zvysl%C3%A1-v%C3%BD%C5%A1ivka-krivou-ihlou-p%C3%B4vodn%C3%BD-vlastn%C3%ADk-nezn%C3%A1my-scaled.jpg?fit=660%2C1024&amp;ssl=1\" src=\"https:\/\/i0.wp.com\/www.atelier-reklama.sk\/blog\/wp-content\/uploads\/2023\/03\/4F.-Z%C3%A1stera-%C5%A1ata-zvysl%C3%A1-v%C3%BD%C5%A1ivka-krivou-ihlou-p%C3%B4vodn%C3%BD-vlastn%C3%ADk-nezn%C3%A1my.jpg?resize=660%2C1024&#038;ssl=1\" alt=\"\" class=\"wp-image-12997\" srcset=\"https:\/\/i0.wp.com\/www.atelier-reklama.sk\/blog\/wp-content\/uploads\/2023\/03\/4F.-Z%C3%A1stera-%C5%A1ata-zvysl%C3%A1-v%C3%BD%C5%A1ivka-krivou-ihlou-p%C3%B4vodn%C3%BD-vlastn%C3%ADk-nezn%C3%A1my-scaled.jpg?resize=660%2C1024&amp;ssl=1 660w, https:\/\/i0.wp.com\/www.atelier-reklama.sk\/blog\/wp-content\/uploads\/2023\/03\/4F.-Z%C3%A1stera-%C5%A1ata-zvysl%C3%A1-v%C3%BD%C5%A1ivka-krivou-ihlou-p%C3%B4vodn%C3%BD-vlastn%C3%ADk-nezn%C3%A1my-scaled.jpg?resize=193%2C300&amp;ssl=1 193w, https:\/\/i0.wp.com\/www.atelier-reklama.sk\/blog\/wp-content\/uploads\/2023\/03\/4F.-Z%C3%A1stera-%C5%A1ata-zvysl%C3%A1-v%C3%BD%C5%A1ivka-krivou-ihlou-p%C3%B4vodn%C3%BD-vlastn%C3%ADk-nezn%C3%A1my-scaled.jpg?resize=768%2C1192&amp;ssl=1 768w, https:\/\/i0.wp.com\/www.atelier-reklama.sk\/blog\/wp-content\/uploads\/2023\/03\/4F.-Z%C3%A1stera-%C5%A1ata-zvysl%C3%A1-v%C3%BD%C5%A1ivka-krivou-ihlou-p%C3%B4vodn%C3%BD-vlastn%C3%ADk-nezn%C3%A1my-scaled.jpg?resize=989%2C1536&amp;ssl=1 989w, https:\/\/i0.wp.com\/www.atelier-reklama.sk\/blog\/wp-content\/uploads\/2023\/03\/4F.-Z%C3%A1stera-%C5%A1ata-zvysl%C3%A1-v%C3%BD%C5%A1ivka-krivou-ihlou-p%C3%B4vodn%C3%BD-vlastn%C3%ADk-nezn%C3%A1my-scaled.jpg?resize=1319%2C2048&amp;ssl=1 1319w, https:\/\/i0.wp.com\/www.atelier-reklama.sk\/blog\/wp-content\/uploads\/2023\/03\/4F.-Z%C3%A1stera-%C5%A1ata-zvysl%C3%A1-v%C3%BD%C5%A1ivka-krivou-ihlou-p%C3%B4vodn%C3%BD-vlastn%C3%ADk-nezn%C3%A1my-scaled.jpg?w=1649&amp;ssl=1 1649w\" sizes=\"auto, (max-width: 660px) 100vw, 660px\" \/><\/figure>\n\n\n\n<figure class=\"wp-block-image size-large\"><img data-recalc-dims=\"1\" loading=\"lazy\" decoding=\"async\" width=\"724\" height=\"1024\" data-attachment-id=\"12998\" data-permalink=\"https:\/\/www.atelier-reklama.sk\/blog\/moj-krekacsky-kroj-a-jeho-prekreslene-vzory-spolu\/4e-zastera-sata-zvysla-vysivka-krivou-ihlou-povodny-vlastnik-neznamy\/\" data-orig-file=\"https:\/\/i0.wp.com\/www.atelier-reklama.sk\/blog\/wp-content\/uploads\/2023\/03\/4E.-Z%C3%A1stera-%C5%A1ata-zvysl%C3%A1-v%C3%BD%C5%A1ivka-krivou-ihlou-p%C3%B4vodn%C3%BD-vlastn%C3%ADk-nezn%C3%A1my-scaled.jpg?fit=1810%2C2560&amp;ssl=1\" data-orig-size=\"1810,2560\" data-comments-opened=\"1\" data-image-meta=\"{&quot;aperture&quot;:&quot;0&quot;,&quot;credit&quot;:&quot;&quot;,&quot;camera&quot;:&quot;&quot;,&quot;caption&quot;:&quot;&quot;,&quot;created_timestamp&quot;:&quot;0&quot;,&quot;copyright&quot;:&quot;&quot;,&quot;focal_length&quot;:&quot;0&quot;,&quot;iso&quot;:&quot;0&quot;,&quot;shutter_speed&quot;:&quot;0&quot;,&quot;title&quot;:&quot;&quot;,&quot;orientation&quot;:&quot;1&quot;}\" data-image-title=\"4E.-Z\u00e1stera-\u0161ata-zvysl\u00e1-v\u00fd\u0161ivka-krivou-ihlou-p\u00f4vodn\u00fd-vlastn\u00edk-nezn\u00e1my\" data-image-description=\"\" data-image-caption=\"\" data-medium-file=\"https:\/\/i0.wp.com\/www.atelier-reklama.sk\/blog\/wp-content\/uploads\/2023\/03\/4E.-Z%C3%A1stera-%C5%A1ata-zvysl%C3%A1-v%C3%BD%C5%A1ivka-krivou-ihlou-p%C3%B4vodn%C3%BD-vlastn%C3%ADk-nezn%C3%A1my-scaled.jpg?fit=212%2C300&amp;ssl=1\" data-large-file=\"https:\/\/i0.wp.com\/www.atelier-reklama.sk\/blog\/wp-content\/uploads\/2023\/03\/4E.-Z%C3%A1stera-%C5%A1ata-zvysl%C3%A1-v%C3%BD%C5%A1ivka-krivou-ihlou-p%C3%B4vodn%C3%BD-vlastn%C3%ADk-nezn%C3%A1my-scaled.jpg?fit=724%2C1024&amp;ssl=1\" src=\"https:\/\/i0.wp.com\/www.atelier-reklama.sk\/blog\/wp-content\/uploads\/2023\/03\/4E.-Z%C3%A1stera-%C5%A1ata-zvysl%C3%A1-v%C3%BD%C5%A1ivka-krivou-ihlou-p%C3%B4vodn%C3%BD-vlastn%C3%ADk-nezn%C3%A1my.jpg?resize=724%2C1024&#038;ssl=1\" alt=\"\" class=\"wp-image-12998\" srcset=\"https:\/\/i0.wp.com\/www.atelier-reklama.sk\/blog\/wp-content\/uploads\/2023\/03\/4E.-Z%C3%A1stera-%C5%A1ata-zvysl%C3%A1-v%C3%BD%C5%A1ivka-krivou-ihlou-p%C3%B4vodn%C3%BD-vlastn%C3%ADk-nezn%C3%A1my-scaled.jpg?resize=724%2C1024&amp;ssl=1 724w, https:\/\/i0.wp.com\/www.atelier-reklama.sk\/blog\/wp-content\/uploads\/2023\/03\/4E.-Z%C3%A1stera-%C5%A1ata-zvysl%C3%A1-v%C3%BD%C5%A1ivka-krivou-ihlou-p%C3%B4vodn%C3%BD-vlastn%C3%ADk-nezn%C3%A1my-scaled.jpg?resize=212%2C300&amp;ssl=1 212w, https:\/\/i0.wp.com\/www.atelier-reklama.sk\/blog\/wp-content\/uploads\/2023\/03\/4E.-Z%C3%A1stera-%C5%A1ata-zvysl%C3%A1-v%C3%BD%C5%A1ivka-krivou-ihlou-p%C3%B4vodn%C3%BD-vlastn%C3%ADk-nezn%C3%A1my-scaled.jpg?resize=768%2C1086&amp;ssl=1 768w, https:\/\/i0.wp.com\/www.atelier-reklama.sk\/blog\/wp-content\/uploads\/2023\/03\/4E.-Z%C3%A1stera-%C5%A1ata-zvysl%C3%A1-v%C3%BD%C5%A1ivka-krivou-ihlou-p%C3%B4vodn%C3%BD-vlastn%C3%ADk-nezn%C3%A1my-scaled.jpg?resize=1086%2C1536&amp;ssl=1 1086w, https:\/\/i0.wp.com\/www.atelier-reklama.sk\/blog\/wp-content\/uploads\/2023\/03\/4E.-Z%C3%A1stera-%C5%A1ata-zvysl%C3%A1-v%C3%BD%C5%A1ivka-krivou-ihlou-p%C3%B4vodn%C3%BD-vlastn%C3%ADk-nezn%C3%A1my-scaled.jpg?resize=1448%2C2048&amp;ssl=1 1448w, https:\/\/i0.wp.com\/www.atelier-reklama.sk\/blog\/wp-content\/uploads\/2023\/03\/4E.-Z%C3%A1stera-%C5%A1ata-zvysl%C3%A1-v%C3%BD%C5%A1ivka-krivou-ihlou-p%C3%B4vodn%C3%BD-vlastn%C3%ADk-nezn%C3%A1my-scaled.jpg?w=1810&amp;ssl=1 1810w, https:\/\/i0.wp.com\/www.atelier-reklama.sk\/blog\/wp-content\/uploads\/2023\/03\/4E.-Z%C3%A1stera-%C5%A1ata-zvysl%C3%A1-v%C3%BD%C5%A1ivka-krivou-ihlou-p%C3%B4vodn%C3%BD-vlastn%C3%ADk-nezn%C3%A1my-scaled.jpg?w=1600&amp;ssl=1 1600w\" sizes=\"auto, (max-width: 724px) 100vw, 724px\" \/><\/figure>\n\n\n\n<figure class=\"wp-block-image size-large\"><img data-recalc-dims=\"1\" loading=\"lazy\" decoding=\"async\" width=\"800\" height=\"600\" data-attachment-id=\"12999\" data-permalink=\"https:\/\/www.atelier-reklama.sk\/blog\/moj-krekacsky-kroj-a-jeho-prekreslene-vzory-spolu\/4g-zastera-sata-senohrad-vysite-krivou-ihlou-povodny-vlastnik-neznamy\/\" data-orig-file=\"https:\/\/i0.wp.com\/www.atelier-reklama.sk\/blog\/wp-content\/uploads\/2023\/03\/4G.-Z%C3%A1stera-%C5%A1ata-Senohrad-vy%C5%A1it%C3%A9-krivou-ihlou-p%C3%B4vodn%C3%BD-vlastn%C3%ADk-nezn%C3%A1my-scaled.jpg?fit=2560%2C1920&amp;ssl=1\" data-orig-size=\"2560,1920\" data-comments-opened=\"1\" data-image-meta=\"{&quot;aperture&quot;:&quot;2&quot;,&quot;credit&quot;:&quot;&quot;,&quot;camera&quot;:&quot;SM-A125F&quot;,&quot;caption&quot;:&quot;&quot;,&quot;created_timestamp&quot;:&quot;1678878400&quot;,&quot;copyright&quot;:&quot;&quot;,&quot;focal_length&quot;:&quot;4.6&quot;,&quot;iso&quot;:&quot;500&quot;,&quot;shutter_speed&quot;:&quot;0.05&quot;,&quot;title&quot;:&quot;&quot;,&quot;orientation&quot;:&quot;1&quot;}\" data-image-title=\"4G.-Z\u00e1stera-\u0161ata-Senohrad-vy\u0161it\u00e9-krivou-ihlou-p\u00f4vodn\u00fd-vlastn\u00edk-nezn\u00e1my\" data-image-description=\"\" data-image-caption=\"\" data-medium-file=\"https:\/\/i0.wp.com\/www.atelier-reklama.sk\/blog\/wp-content\/uploads\/2023\/03\/4G.-Z%C3%A1stera-%C5%A1ata-Senohrad-vy%C5%A1it%C3%A9-krivou-ihlou-p%C3%B4vodn%C3%BD-vlastn%C3%ADk-nezn%C3%A1my-scaled.jpg?fit=300%2C225&amp;ssl=1\" data-large-file=\"https:\/\/i0.wp.com\/www.atelier-reklama.sk\/blog\/wp-content\/uploads\/2023\/03\/4G.-Z%C3%A1stera-%C5%A1ata-Senohrad-vy%C5%A1it%C3%A9-krivou-ihlou-p%C3%B4vodn%C3%BD-vlastn%C3%ADk-nezn%C3%A1my-scaled.jpg?fit=800%2C600&amp;ssl=1\" src=\"https:\/\/i0.wp.com\/www.atelier-reklama.sk\/blog\/wp-content\/uploads\/2023\/03\/4G.-Z%C3%A1stera-%C5%A1ata-Senohrad-vy%C5%A1it%C3%A9-krivou-ihlou-p%C3%B4vodn%C3%BD-vlastn%C3%ADk-nezn%C3%A1my.jpg?resize=800%2C600&#038;ssl=1\" alt=\"\" class=\"wp-image-12999\" srcset=\"https:\/\/i0.wp.com\/www.atelier-reklama.sk\/blog\/wp-content\/uploads\/2023\/03\/4G.-Z%C3%A1stera-%C5%A1ata-Senohrad-vy%C5%A1it%C3%A9-krivou-ihlou-p%C3%B4vodn%C3%BD-vlastn%C3%ADk-nezn%C3%A1my-scaled.jpg?resize=1024%2C768&amp;ssl=1 1024w, https:\/\/i0.wp.com\/www.atelier-reklama.sk\/blog\/wp-content\/uploads\/2023\/03\/4G.-Z%C3%A1stera-%C5%A1ata-Senohrad-vy%C5%A1it%C3%A9-krivou-ihlou-p%C3%B4vodn%C3%BD-vlastn%C3%ADk-nezn%C3%A1my-scaled.jpg?resize=300%2C225&amp;ssl=1 300w, https:\/\/i0.wp.com\/www.atelier-reklama.sk\/blog\/wp-content\/uploads\/2023\/03\/4G.-Z%C3%A1stera-%C5%A1ata-Senohrad-vy%C5%A1it%C3%A9-krivou-ihlou-p%C3%B4vodn%C3%BD-vlastn%C3%ADk-nezn%C3%A1my-scaled.jpg?resize=768%2C576&amp;ssl=1 768w, https:\/\/i0.wp.com\/www.atelier-reklama.sk\/blog\/wp-content\/uploads\/2023\/03\/4G.-Z%C3%A1stera-%C5%A1ata-Senohrad-vy%C5%A1it%C3%A9-krivou-ihlou-p%C3%B4vodn%C3%BD-vlastn%C3%ADk-nezn%C3%A1my-scaled.jpg?resize=1536%2C1152&amp;ssl=1 1536w, https:\/\/i0.wp.com\/www.atelier-reklama.sk\/blog\/wp-content\/uploads\/2023\/03\/4G.-Z%C3%A1stera-%C5%A1ata-Senohrad-vy%C5%A1it%C3%A9-krivou-ihlou-p%C3%B4vodn%C3%BD-vlastn%C3%ADk-nezn%C3%A1my-scaled.jpg?resize=2048%2C1536&amp;ssl=1 2048w, https:\/\/i0.wp.com\/www.atelier-reklama.sk\/blog\/wp-content\/uploads\/2023\/03\/4G.-Z%C3%A1stera-%C5%A1ata-Senohrad-vy%C5%A1it%C3%A9-krivou-ihlou-p%C3%B4vodn%C3%BD-vlastn%C3%ADk-nezn%C3%A1my-scaled.jpg?w=1600&amp;ssl=1 1600w, https:\/\/i0.wp.com\/www.atelier-reklama.sk\/blog\/wp-content\/uploads\/2023\/03\/4G.-Z%C3%A1stera-%C5%A1ata-Senohrad-vy%C5%A1it%C3%A9-krivou-ihlou-p%C3%B4vodn%C3%BD-vlastn%C3%ADk-nezn%C3%A1my-scaled.jpg?w=2400&amp;ssl=1 2400w\" sizes=\"auto, (max-width: 800px) 100vw, 800px\" \/><\/figure>\n\n\n\n<h2 class=\"wp-block-heading has-text-align-center\">B. Z\u00e1stery vy\u0161\u00edvan\u00e9 na bielom<\/h2>\n\n\n\n<p>1. Z\u00e1stera, Doln\u00e9 Mladonice, pol. 20. stor. kr\u00ed\u017eikmi vy\u0161ila Anna O\u010den\u00e1\u0161ov\u00e1, rod. Bartikov\u00e1 (1930-2013)<\/p>\n\n\n\n<figure class=\"wp-block-image size-large\"><img data-recalc-dims=\"1\" loading=\"lazy\" decoding=\"async\" width=\"800\" height=\"911\" data-attachment-id=\"13193\" data-permalink=\"https:\/\/www.atelier-reklama.sk\/blog\/moj-krekacsky-kroj-a-jeho-prekreslene-vzory-spolu\/5ba-zastera-dolne-mladonice-pol-20-stor-krizikmi-vysila-anna-ocenasovy-rod-bartikova-1930-2013\/\" data-orig-file=\"https:\/\/i0.wp.com\/www.atelier-reklama.sk\/blog\/wp-content\/uploads\/2023\/03\/5BA.-Z%C3%A1stera-Doln%C3%A9-Mladonice-pol.-20.-stor.-kr%C3%AD%C5%BEikmi-vy%C5%A1ila-Anna-O%C4%8Den%C3%A1%C5%A1ov%C3%BD-rod.-Bartikov%C3%A1-1930-2013-scaled.jpg?fit=2247%2C2560&amp;ssl=1\" data-orig-size=\"2247,2560\" data-comments-opened=\"1\" data-image-meta=\"{&quot;aperture&quot;:&quot;2&quot;,&quot;credit&quot;:&quot;&quot;,&quot;camera&quot;:&quot;SM-A125F&quot;,&quot;caption&quot;:&quot;&quot;,&quot;created_timestamp&quot;:&quot;1679042163&quot;,&quot;copyright&quot;:&quot;&quot;,&quot;focal_length&quot;:&quot;4.6&quot;,&quot;iso&quot;:&quot;200&quot;,&quot;shutter_speed&quot;:&quot;0.03&quot;,&quot;title&quot;:&quot;&quot;,&quot;orientation&quot;:&quot;1&quot;}\" data-image-title=\"5BA.-Z\u00e1stera-Doln\u00e9-Mladonice-pol.-20.-stor.-kr\u00ed\u017eikmi-vy\u0161ila-Anna-O\u010den\u00e1\u0161ov\u00fd-rod.-Bartikov\u00e1-1930-2013\" data-image-description=\"\" data-image-caption=\"\" data-medium-file=\"https:\/\/i0.wp.com\/www.atelier-reklama.sk\/blog\/wp-content\/uploads\/2023\/03\/5BA.-Z%C3%A1stera-Doln%C3%A9-Mladonice-pol.-20.-stor.-kr%C3%AD%C5%BEikmi-vy%C5%A1ila-Anna-O%C4%8Den%C3%A1%C5%A1ov%C3%BD-rod.-Bartikov%C3%A1-1930-2013-scaled.jpg?fit=263%2C300&amp;ssl=1\" data-large-file=\"https:\/\/i0.wp.com\/www.atelier-reklama.sk\/blog\/wp-content\/uploads\/2023\/03\/5BA.-Z%C3%A1stera-Doln%C3%A9-Mladonice-pol.-20.-stor.-kr%C3%AD%C5%BEikmi-vy%C5%A1ila-Anna-O%C4%8Den%C3%A1%C5%A1ov%C3%BD-rod.-Bartikov%C3%A1-1930-2013-scaled.jpg?fit=800%2C911&amp;ssl=1\" src=\"https:\/\/i0.wp.com\/www.atelier-reklama.sk\/blog\/wp-content\/uploads\/2023\/03\/5BA.-Z%C3%A1stera-Doln%C3%A9-Mladonice-pol.-20.-stor.-kr%C3%AD%C5%BEikmi-vy%C5%A1ila-Anna-O%C4%8Den%C3%A1%C5%A1ov%C3%BD-rod.-Bartikov%C3%A1-1930-2013.jpg?resize=800%2C911&#038;ssl=1\" alt=\"\" class=\"wp-image-13193\" srcset=\"https:\/\/i0.wp.com\/www.atelier-reklama.sk\/blog\/wp-content\/uploads\/2023\/03\/5BA.-Z%C3%A1stera-Doln%C3%A9-Mladonice-pol.-20.-stor.-kr%C3%AD%C5%BEikmi-vy%C5%A1ila-Anna-O%C4%8Den%C3%A1%C5%A1ov%C3%BD-rod.-Bartikov%C3%A1-1930-2013-scaled.jpg?resize=899%2C1024&amp;ssl=1 899w, https:\/\/i0.wp.com\/www.atelier-reklama.sk\/blog\/wp-content\/uploads\/2023\/03\/5BA.-Z%C3%A1stera-Doln%C3%A9-Mladonice-pol.-20.-stor.-kr%C3%AD%C5%BEikmi-vy%C5%A1ila-Anna-O%C4%8Den%C3%A1%C5%A1ov%C3%BD-rod.-Bartikov%C3%A1-1930-2013-scaled.jpg?resize=263%2C300&amp;ssl=1 263w, https:\/\/i0.wp.com\/www.atelier-reklama.sk\/blog\/wp-content\/uploads\/2023\/03\/5BA.-Z%C3%A1stera-Doln%C3%A9-Mladonice-pol.-20.-stor.-kr%C3%AD%C5%BEikmi-vy%C5%A1ila-Anna-O%C4%8Den%C3%A1%C5%A1ov%C3%BD-rod.-Bartikov%C3%A1-1930-2013-scaled.jpg?resize=768%2C875&amp;ssl=1 768w, https:\/\/i0.wp.com\/www.atelier-reklama.sk\/blog\/wp-content\/uploads\/2023\/03\/5BA.-Z%C3%A1stera-Doln%C3%A9-Mladonice-pol.-20.-stor.-kr%C3%AD%C5%BEikmi-vy%C5%A1ila-Anna-O%C4%8Den%C3%A1%C5%A1ov%C3%BD-rod.-Bartikov%C3%A1-1930-2013-scaled.jpg?resize=1348%2C1536&amp;ssl=1 1348w, https:\/\/i0.wp.com\/www.atelier-reklama.sk\/blog\/wp-content\/uploads\/2023\/03\/5BA.-Z%C3%A1stera-Doln%C3%A9-Mladonice-pol.-20.-stor.-kr%C3%AD%C5%BEikmi-vy%C5%A1ila-Anna-O%C4%8Den%C3%A1%C5%A1ov%C3%BD-rod.-Bartikov%C3%A1-1930-2013-scaled.jpg?resize=1797%2C2048&amp;ssl=1 1797w, https:\/\/i0.wp.com\/www.atelier-reklama.sk\/blog\/wp-content\/uploads\/2023\/03\/5BA.-Z%C3%A1stera-Doln%C3%A9-Mladonice-pol.-20.-stor.-kr%C3%AD%C5%BEikmi-vy%C5%A1ila-Anna-O%C4%8Den%C3%A1%C5%A1ov%C3%BD-rod.-Bartikov%C3%A1-1930-2013-scaled.jpg?w=1600&amp;ssl=1 1600w\" sizes=\"auto, (max-width: 800px) 100vw, 800px\" \/><\/figure>\n\n\n\n<figure class=\"wp-block-image size-large\"><img data-recalc-dims=\"1\" loading=\"lazy\" decoding=\"async\" width=\"800\" height=\"419\" data-attachment-id=\"13194\" data-permalink=\"https:\/\/www.atelier-reklama.sk\/blog\/moj-krekacsky-kroj-a-jeho-prekreslene-vzory-spolu\/5bb-zastera-dolne-mladonice-pol-20-stor-krizikmi-vysila-anna-ocenasovy-rod-bartikova-1930-2013\/\" data-orig-file=\"https:\/\/i0.wp.com\/www.atelier-reklama.sk\/blog\/wp-content\/uploads\/2023\/03\/5BB.-Z%C3%A1stera-Doln%C3%A9-Mladonice-pol.-20.-stor.-kr%C3%AD%C5%BEikmi-vy%C5%A1ila-Anna-O%C4%8Den%C3%A1%C5%A1ov%C3%BD-rod.-Bartikov%C3%A1-1930-2013-scaled.jpg?fit=2560%2C1340&amp;ssl=1\" data-orig-size=\"2560,1340\" data-comments-opened=\"1\" data-image-meta=\"{&quot;aperture&quot;:&quot;2&quot;,&quot;credit&quot;:&quot;&quot;,&quot;camera&quot;:&quot;SM-A125F&quot;,&quot;caption&quot;:&quot;&quot;,&quot;created_timestamp&quot;:&quot;1679041622&quot;,&quot;copyright&quot;:&quot;&quot;,&quot;focal_length&quot;:&quot;4.6&quot;,&quot;iso&quot;:&quot;200&quot;,&quot;shutter_speed&quot;:&quot;0.03&quot;,&quot;title&quot;:&quot;&quot;,&quot;orientation&quot;:&quot;1&quot;}\" data-image-title=\"5BB.-Z\u00e1stera-Doln\u00e9-Mladonice-pol.-20.-stor.-kr\u00ed\u017eikmi-vy\u0161ila-Anna-O\u010den\u00e1\u0161ov\u00fd-rod.-Bartikov\u00e1-1930-2013\" data-image-description=\"\" data-image-caption=\"\" data-medium-file=\"https:\/\/i0.wp.com\/www.atelier-reklama.sk\/blog\/wp-content\/uploads\/2023\/03\/5BB.-Z%C3%A1stera-Doln%C3%A9-Mladonice-pol.-20.-stor.-kr%C3%AD%C5%BEikmi-vy%C5%A1ila-Anna-O%C4%8Den%C3%A1%C5%A1ov%C3%BD-rod.-Bartikov%C3%A1-1930-2013-scaled.jpg?fit=300%2C157&amp;ssl=1\" data-large-file=\"https:\/\/i0.wp.com\/www.atelier-reklama.sk\/blog\/wp-content\/uploads\/2023\/03\/5BB.-Z%C3%A1stera-Doln%C3%A9-Mladonice-pol.-20.-stor.-kr%C3%AD%C5%BEikmi-vy%C5%A1ila-Anna-O%C4%8Den%C3%A1%C5%A1ov%C3%BD-rod.-Bartikov%C3%A1-1930-2013-scaled.jpg?fit=800%2C419&amp;ssl=1\" src=\"https:\/\/i0.wp.com\/www.atelier-reklama.sk\/blog\/wp-content\/uploads\/2023\/03\/5BB.-Z%C3%A1stera-Doln%C3%A9-Mladonice-pol.-20.-stor.-kr%C3%AD%C5%BEikmi-vy%C5%A1ila-Anna-O%C4%8Den%C3%A1%C5%A1ov%C3%BD-rod.-Bartikov%C3%A1-1930-2013.jpg?resize=800%2C419&#038;ssl=1\" alt=\"\" class=\"wp-image-13194\" srcset=\"https:\/\/i0.wp.com\/www.atelier-reklama.sk\/blog\/wp-content\/uploads\/2023\/03\/5BB.-Z%C3%A1stera-Doln%C3%A9-Mladonice-pol.-20.-stor.-kr%C3%AD%C5%BEikmi-vy%C5%A1ila-Anna-O%C4%8Den%C3%A1%C5%A1ov%C3%BD-rod.-Bartikov%C3%A1-1930-2013-scaled.jpg?resize=1024%2C536&amp;ssl=1 1024w, https:\/\/i0.wp.com\/www.atelier-reklama.sk\/blog\/wp-content\/uploads\/2023\/03\/5BB.-Z%C3%A1stera-Doln%C3%A9-Mladonice-pol.-20.-stor.-kr%C3%AD%C5%BEikmi-vy%C5%A1ila-Anna-O%C4%8Den%C3%A1%C5%A1ov%C3%BD-rod.-Bartikov%C3%A1-1930-2013-scaled.jpg?resize=300%2C157&amp;ssl=1 300w, https:\/\/i0.wp.com\/www.atelier-reklama.sk\/blog\/wp-content\/uploads\/2023\/03\/5BB.-Z%C3%A1stera-Doln%C3%A9-Mladonice-pol.-20.-stor.-kr%C3%AD%C5%BEikmi-vy%C5%A1ila-Anna-O%C4%8Den%C3%A1%C5%A1ov%C3%BD-rod.-Bartikov%C3%A1-1930-2013-scaled.jpg?resize=768%2C402&amp;ssl=1 768w, https:\/\/i0.wp.com\/www.atelier-reklama.sk\/blog\/wp-content\/uploads\/2023\/03\/5BB.-Z%C3%A1stera-Doln%C3%A9-Mladonice-pol.-20.-stor.-kr%C3%AD%C5%BEikmi-vy%C5%A1ila-Anna-O%C4%8Den%C3%A1%C5%A1ov%C3%BD-rod.-Bartikov%C3%A1-1930-2013-scaled.jpg?resize=1536%2C804&amp;ssl=1 1536w, https:\/\/i0.wp.com\/www.atelier-reklama.sk\/blog\/wp-content\/uploads\/2023\/03\/5BB.-Z%C3%A1stera-Doln%C3%A9-Mladonice-pol.-20.-stor.-kr%C3%AD%C5%BEikmi-vy%C5%A1ila-Anna-O%C4%8Den%C3%A1%C5%A1ov%C3%BD-rod.-Bartikov%C3%A1-1930-2013-scaled.jpg?resize=2048%2C1072&amp;ssl=1 2048w, https:\/\/i0.wp.com\/www.atelier-reklama.sk\/blog\/wp-content\/uploads\/2023\/03\/5BB.-Z%C3%A1stera-Doln%C3%A9-Mladonice-pol.-20.-stor.-kr%C3%AD%C5%BEikmi-vy%C5%A1ila-Anna-O%C4%8Den%C3%A1%C5%A1ov%C3%BD-rod.-Bartikov%C3%A1-1930-2013-scaled.jpg?resize=390%2C205&amp;ssl=1 390w, https:\/\/i0.wp.com\/www.atelier-reklama.sk\/blog\/wp-content\/uploads\/2023\/03\/5BB.-Z%C3%A1stera-Doln%C3%A9-Mladonice-pol.-20.-stor.-kr%C3%AD%C5%BEikmi-vy%C5%A1ila-Anna-O%C4%8Den%C3%A1%C5%A1ov%C3%BD-rod.-Bartikov%C3%A1-1930-2013-scaled.jpg?w=1600&amp;ssl=1 1600w, https:\/\/i0.wp.com\/www.atelier-reklama.sk\/blog\/wp-content\/uploads\/2023\/03\/5BB.-Z%C3%A1stera-Doln%C3%A9-Mladonice-pol.-20.-stor.-kr%C3%AD%C5%BEikmi-vy%C5%A1ila-Anna-O%C4%8Den%C3%A1%C5%A1ov%C3%BD-rod.-Bartikov%C3%A1-1930-2013-scaled.jpg?w=2400&amp;ssl=1 2400w\" sizes=\"auto, (max-width: 800px) 100vw, 800px\" \/><\/figure>\n\n\n\n<figure class=\"wp-block-image size-large\"><img data-recalc-dims=\"1\" loading=\"lazy\" decoding=\"async\" width=\"800\" height=\"835\" data-attachment-id=\"13195\" data-permalink=\"https:\/\/www.atelier-reklama.sk\/blog\/moj-krekacsky-kroj-a-jeho-prekreslene-vzory-spolu\/5bbb-zastera-dolne-mladonice-pol-20-stor-krizikmi-vysila-anna-ocenasovy-rod-bartikova-1930-2013\/\" data-orig-file=\"https:\/\/i0.wp.com\/www.atelier-reklama.sk\/blog\/wp-content\/uploads\/2023\/03\/5BBB.-Z%C3%A1stera-Doln%C3%A9-Mladonice-pol.-20.-stor.-kr%C3%AD%C5%BEikmi-vy%C5%A1ila-Anna-O%C4%8Den%C3%A1%C5%A1ov%C3%BD-rod.-Bartikov%C3%A1-1930-2013.jpg?fit=2266%2C2365&amp;ssl=1\" data-orig-size=\"2266,2365\" data-comments-opened=\"1\" data-image-meta=\"{&quot;aperture&quot;:&quot;2&quot;,&quot;credit&quot;:&quot;&quot;,&quot;camera&quot;:&quot;SM-A125F&quot;,&quot;caption&quot;:&quot;&quot;,&quot;created_timestamp&quot;:&quot;1679041267&quot;,&quot;copyright&quot;:&quot;&quot;,&quot;focal_length&quot;:&quot;4.6&quot;,&quot;iso&quot;:&quot;160&quot;,&quot;shutter_speed&quot;:&quot;0.03&quot;,&quot;title&quot;:&quot;&quot;,&quot;orientation&quot;:&quot;1&quot;}\" data-image-title=\"5BBB.-Z\u00e1stera-Doln\u00e9-Mladonice-pol.-20.-stor.-kr\u00ed\u017eikmi-vy\u0161ila-Anna-O\u010den\u00e1\u0161ov\u00fd-rod.-Bartikov\u00e1-1930-2013\" data-image-description=\"\" data-image-caption=\"\" data-medium-file=\"https:\/\/i0.wp.com\/www.atelier-reklama.sk\/blog\/wp-content\/uploads\/2023\/03\/5BBB.-Z%C3%A1stera-Doln%C3%A9-Mladonice-pol.-20.-stor.-kr%C3%AD%C5%BEikmi-vy%C5%A1ila-Anna-O%C4%8Den%C3%A1%C5%A1ov%C3%BD-rod.-Bartikov%C3%A1-1930-2013.jpg?fit=287%2C300&amp;ssl=1\" data-large-file=\"https:\/\/i0.wp.com\/www.atelier-reklama.sk\/blog\/wp-content\/uploads\/2023\/03\/5BBB.-Z%C3%A1stera-Doln%C3%A9-Mladonice-pol.-20.-stor.-kr%C3%AD%C5%BEikmi-vy%C5%A1ila-Anna-O%C4%8Den%C3%A1%C5%A1ov%C3%BD-rod.-Bartikov%C3%A1-1930-2013.jpg?fit=800%2C835&amp;ssl=1\" src=\"https:\/\/i0.wp.com\/www.atelier-reklama.sk\/blog\/wp-content\/uploads\/2023\/03\/5BBB.-Z%C3%A1stera-Doln%C3%A9-Mladonice-pol.-20.-stor.-kr%C3%AD%C5%BEikmi-vy%C5%A1ila-Anna-O%C4%8Den%C3%A1%C5%A1ov%C3%BD-rod.-Bartikov%C3%A1-1930-2013.jpg?resize=800%2C835&#038;ssl=1\" alt=\"\" class=\"wp-image-13195\" srcset=\"https:\/\/i0.wp.com\/www.atelier-reklama.sk\/blog\/wp-content\/uploads\/2023\/03\/5BBB.-Z%C3%A1stera-Doln%C3%A9-Mladonice-pol.-20.-stor.-kr%C3%AD%C5%BEikmi-vy%C5%A1ila-Anna-O%C4%8Den%C3%A1%C5%A1ov%C3%BD-rod.-Bartikov%C3%A1-1930-2013.jpg?resize=981%2C1024&amp;ssl=1 981w, https:\/\/i0.wp.com\/www.atelier-reklama.sk\/blog\/wp-content\/uploads\/2023\/03\/5BBB.-Z%C3%A1stera-Doln%C3%A9-Mladonice-pol.-20.-stor.-kr%C3%AD%C5%BEikmi-vy%C5%A1ila-Anna-O%C4%8Den%C3%A1%C5%A1ov%C3%BD-rod.-Bartikov%C3%A1-1930-2013.jpg?resize=287%2C300&amp;ssl=1 287w, https:\/\/i0.wp.com\/www.atelier-reklama.sk\/blog\/wp-content\/uploads\/2023\/03\/5BBB.-Z%C3%A1stera-Doln%C3%A9-Mladonice-pol.-20.-stor.-kr%C3%AD%C5%BEikmi-vy%C5%A1ila-Anna-O%C4%8Den%C3%A1%C5%A1ov%C3%BD-rod.-Bartikov%C3%A1-1930-2013.jpg?resize=768%2C802&amp;ssl=1 768w, https:\/\/i0.wp.com\/www.atelier-reklama.sk\/blog\/wp-content\/uploads\/2023\/03\/5BBB.-Z%C3%A1stera-Doln%C3%A9-Mladonice-pol.-20.-stor.-kr%C3%AD%C5%BEikmi-vy%C5%A1ila-Anna-O%C4%8Den%C3%A1%C5%A1ov%C3%BD-rod.-Bartikov%C3%A1-1930-2013.jpg?resize=1472%2C1536&amp;ssl=1 1472w, https:\/\/i0.wp.com\/www.atelier-reklama.sk\/blog\/wp-content\/uploads\/2023\/03\/5BBB.-Z%C3%A1stera-Doln%C3%A9-Mladonice-pol.-20.-stor.-kr%C3%AD%C5%BEikmi-vy%C5%A1ila-Anna-O%C4%8Den%C3%A1%C5%A1ov%C3%BD-rod.-Bartikov%C3%A1-1930-2013.jpg?resize=1962%2C2048&amp;ssl=1 1962w, https:\/\/i0.wp.com\/www.atelier-reklama.sk\/blog\/wp-content\/uploads\/2023\/03\/5BBB.-Z%C3%A1stera-Doln%C3%A9-Mladonice-pol.-20.-stor.-kr%C3%AD%C5%BEikmi-vy%C5%A1ila-Anna-O%C4%8Den%C3%A1%C5%A1ov%C3%BD-rod.-Bartikov%C3%A1-1930-2013.jpg?w=1600&amp;ssl=1 1600w\" sizes=\"auto, (max-width: 800px) 100vw, 800px\" \/><\/figure>\n\n\n\n<figure class=\"wp-block-image size-large\"><img data-recalc-dims=\"1\" loading=\"lazy\" decoding=\"async\" width=\"800\" height=\"566\" data-attachment-id=\"13002\" data-permalink=\"https:\/\/www.atelier-reklama.sk\/blog\/moj-krekacsky-kroj-a-jeho-prekreslene-vzory-spolu\/5a-zastera-dolne-mladonice-pol-20-stor-krizikmi-vysila-anna-ocenasovy-rod-bartikova-1930-2013\/\" data-orig-file=\"https:\/\/i0.wp.com\/www.atelier-reklama.sk\/blog\/wp-content\/uploads\/2023\/03\/5A.-Z%C3%A1stera-Doln%C3%A9-Mladonice-pol.-20.-stor.-kr%C3%AD%C5%BEikmi-vy%C5%A1ila-Anna-O%C4%8Den%C3%A1%C5%A1ov%C3%BD-rod.-Bartikov%C3%A1-1930-2013-scaled.jpg?fit=2560%2C1810&amp;ssl=1\" data-orig-size=\"2560,1810\" data-comments-opened=\"1\" data-image-meta=\"{&quot;aperture&quot;:&quot;0&quot;,&quot;credit&quot;:&quot;&quot;,&quot;camera&quot;:&quot;&quot;,&quot;caption&quot;:&quot;&quot;,&quot;created_timestamp&quot;:&quot;0&quot;,&quot;copyright&quot;:&quot;&quot;,&quot;focal_length&quot;:&quot;0&quot;,&quot;iso&quot;:&quot;0&quot;,&quot;shutter_speed&quot;:&quot;0&quot;,&quot;title&quot;:&quot;&quot;,&quot;orientation&quot;:&quot;0&quot;}\" data-image-title=\"5A.-Z\u00e1stera-Doln\u00e9-Mladonice-pol.-20.-stor.-kr\u00ed\u017eikmi-vy\u0161ila-Anna-O\u010den\u00e1\u0161ov\u00fd-rod.-Bartikov\u00e1-1930-2013\" data-image-description=\"\" data-image-caption=\"\" data-medium-file=\"https:\/\/i0.wp.com\/www.atelier-reklama.sk\/blog\/wp-content\/uploads\/2023\/03\/5A.-Z%C3%A1stera-Doln%C3%A9-Mladonice-pol.-20.-stor.-kr%C3%AD%C5%BEikmi-vy%C5%A1ila-Anna-O%C4%8Den%C3%A1%C5%A1ov%C3%BD-rod.-Bartikov%C3%A1-1930-2013-scaled.jpg?fit=300%2C212&amp;ssl=1\" data-large-file=\"https:\/\/i0.wp.com\/www.atelier-reklama.sk\/blog\/wp-content\/uploads\/2023\/03\/5A.-Z%C3%A1stera-Doln%C3%A9-Mladonice-pol.-20.-stor.-kr%C3%AD%C5%BEikmi-vy%C5%A1ila-Anna-O%C4%8Den%C3%A1%C5%A1ov%C3%BD-rod.-Bartikov%C3%A1-1930-2013-scaled.jpg?fit=800%2C566&amp;ssl=1\" src=\"https:\/\/i0.wp.com\/www.atelier-reklama.sk\/blog\/wp-content\/uploads\/2023\/03\/5A.-Z%C3%A1stera-Doln%C3%A9-Mladonice-pol.-20.-stor.-kr%C3%AD%C5%BEikmi-vy%C5%A1ila-Anna-O%C4%8Den%C3%A1%C5%A1ov%C3%BD-rod.-Bartikov%C3%A1-1930-2013.jpg?resize=800%2C566&#038;ssl=1\" alt=\"\" class=\"wp-image-13002\" srcset=\"https:\/\/i0.wp.com\/www.atelier-reklama.sk\/blog\/wp-content\/uploads\/2023\/03\/5A.-Z%C3%A1stera-Doln%C3%A9-Mladonice-pol.-20.-stor.-kr%C3%AD%C5%BEikmi-vy%C5%A1ila-Anna-O%C4%8Den%C3%A1%C5%A1ov%C3%BD-rod.-Bartikov%C3%A1-1930-2013-scaled.jpg?resize=1024%2C724&amp;ssl=1 1024w, https:\/\/i0.wp.com\/www.atelier-reklama.sk\/blog\/wp-content\/uploads\/2023\/03\/5A.-Z%C3%A1stera-Doln%C3%A9-Mladonice-pol.-20.-stor.-kr%C3%AD%C5%BEikmi-vy%C5%A1ila-Anna-O%C4%8Den%C3%A1%C5%A1ov%C3%BD-rod.-Bartikov%C3%A1-1930-2013-scaled.jpg?resize=300%2C212&amp;ssl=1 300w, https:\/\/i0.wp.com\/www.atelier-reklama.sk\/blog\/wp-content\/uploads\/2023\/03\/5A.-Z%C3%A1stera-Doln%C3%A9-Mladonice-pol.-20.-stor.-kr%C3%AD%C5%BEikmi-vy%C5%A1ila-Anna-O%C4%8Den%C3%A1%C5%A1ov%C3%BD-rod.-Bartikov%C3%A1-1930-2013-scaled.jpg?resize=768%2C543&amp;ssl=1 768w, https:\/\/i0.wp.com\/www.atelier-reklama.sk\/blog\/wp-content\/uploads\/2023\/03\/5A.-Z%C3%A1stera-Doln%C3%A9-Mladonice-pol.-20.-stor.-kr%C3%AD%C5%BEikmi-vy%C5%A1ila-Anna-O%C4%8Den%C3%A1%C5%A1ov%C3%BD-rod.-Bartikov%C3%A1-1930-2013-scaled.jpg?resize=1536%2C1086&amp;ssl=1 1536w, https:\/\/i0.wp.com\/www.atelier-reklama.sk\/blog\/wp-content\/uploads\/2023\/03\/5A.-Z%C3%A1stera-Doln%C3%A9-Mladonice-pol.-20.-stor.-kr%C3%AD%C5%BEikmi-vy%C5%A1ila-Anna-O%C4%8Den%C3%A1%C5%A1ov%C3%BD-rod.-Bartikov%C3%A1-1930-2013-scaled.jpg?resize=2048%2C1448&amp;ssl=1 2048w, https:\/\/i0.wp.com\/www.atelier-reklama.sk\/blog\/wp-content\/uploads\/2023\/03\/5A.-Z%C3%A1stera-Doln%C3%A9-Mladonice-pol.-20.-stor.-kr%C3%AD%C5%BEikmi-vy%C5%A1ila-Anna-O%C4%8Den%C3%A1%C5%A1ov%C3%BD-rod.-Bartikov%C3%A1-1930-2013-scaled.jpg?w=1600&amp;ssl=1 1600w, https:\/\/i0.wp.com\/www.atelier-reklama.sk\/blog\/wp-content\/uploads\/2023\/03\/5A.-Z%C3%A1stera-Doln%C3%A9-Mladonice-pol.-20.-stor.-kr%C3%AD%C5%BEikmi-vy%C5%A1ila-Anna-O%C4%8Den%C3%A1%C5%A1ov%C3%BD-rod.-Bartikov%C3%A1-1930-2013-scaled.jpg?w=2400&amp;ssl=1 2400w\" sizes=\"auto, (max-width: 800px) 100vw, 800px\" \/><\/figure>\n\n\n\n<figure class=\"wp-block-image size-large\"><img data-recalc-dims=\"1\" loading=\"lazy\" decoding=\"async\" width=\"800\" height=\"637\" data-attachment-id=\"13196\" data-permalink=\"https:\/\/www.atelier-reklama.sk\/blog\/moj-krekacsky-kroj-a-jeho-prekreslene-vzory-spolu\/5bf-zastera-dolne-mladonice-pol-20-stor-krizikmi-vysila-anna-ocenasovy-rod-bartikova-1930-2013\/\" data-orig-file=\"https:\/\/i0.wp.com\/www.atelier-reklama.sk\/blog\/wp-content\/uploads\/2023\/03\/5BF.-Z%C3%A1stera-Doln%C3%A9-Mladonice-pol.-20.-stor.-kr%C3%AD%C5%BEikmi-vy%C5%A1ila-Anna-O%C4%8Den%C3%A1%C5%A1ov%C3%BD-rod.-Bartikov%C3%A1-1930-2013-scaled.jpg?fit=2560%2C2037&amp;ssl=1\" data-orig-size=\"2560,2037\" data-comments-opened=\"1\" data-image-meta=\"{&quot;aperture&quot;:&quot;2&quot;,&quot;credit&quot;:&quot;&quot;,&quot;camera&quot;:&quot;SM-A125F&quot;,&quot;caption&quot;:&quot;&quot;,&quot;created_timestamp&quot;:&quot;1679041249&quot;,&quot;copyright&quot;:&quot;&quot;,&quot;focal_length&quot;:&quot;4.6&quot;,&quot;iso&quot;:&quot;200&quot;,&quot;shutter_speed&quot;:&quot;0.03&quot;,&quot;title&quot;:&quot;&quot;,&quot;orientation&quot;:&quot;1&quot;}\" data-image-title=\"5BF.-Z\u00e1stera-Doln\u00e9-Mladonice-pol.-20.-stor.-kr\u00ed\u017eikmi-vy\u0161ila-Anna-O\u010den\u00e1\u0161ov\u00fd-rod.-Bartikov\u00e1-1930-2013\" data-image-description=\"\" data-image-caption=\"\" data-medium-file=\"https:\/\/i0.wp.com\/www.atelier-reklama.sk\/blog\/wp-content\/uploads\/2023\/03\/5BF.-Z%C3%A1stera-Doln%C3%A9-Mladonice-pol.-20.-stor.-kr%C3%AD%C5%BEikmi-vy%C5%A1ila-Anna-O%C4%8Den%C3%A1%C5%A1ov%C3%BD-rod.-Bartikov%C3%A1-1930-2013-scaled.jpg?fit=300%2C239&amp;ssl=1\" data-large-file=\"https:\/\/i0.wp.com\/www.atelier-reklama.sk\/blog\/wp-content\/uploads\/2023\/03\/5BF.-Z%C3%A1stera-Doln%C3%A9-Mladonice-pol.-20.-stor.-kr%C3%AD%C5%BEikmi-vy%C5%A1ila-Anna-O%C4%8Den%C3%A1%C5%A1ov%C3%BD-rod.-Bartikov%C3%A1-1930-2013-scaled.jpg?fit=800%2C637&amp;ssl=1\" src=\"https:\/\/i0.wp.com\/www.atelier-reklama.sk\/blog\/wp-content\/uploads\/2023\/03\/5BF.-Z%C3%A1stera-Doln%C3%A9-Mladonice-pol.-20.-stor.-kr%C3%AD%C5%BEikmi-vy%C5%A1ila-Anna-O%C4%8Den%C3%A1%C5%A1ov%C3%BD-rod.-Bartikov%C3%A1-1930-2013.jpg?resize=800%2C637&#038;ssl=1\" alt=\"\" class=\"wp-image-13196\" srcset=\"https:\/\/i0.wp.com\/www.atelier-reklama.sk\/blog\/wp-content\/uploads\/2023\/03\/5BF.-Z%C3%A1stera-Doln%C3%A9-Mladonice-pol.-20.-stor.-kr%C3%AD%C5%BEikmi-vy%C5%A1ila-Anna-O%C4%8Den%C3%A1%C5%A1ov%C3%BD-rod.-Bartikov%C3%A1-1930-2013-scaled.jpg?resize=1024%2C815&amp;ssl=1 1024w, https:\/\/i0.wp.com\/www.atelier-reklama.sk\/blog\/wp-content\/uploads\/2023\/03\/5BF.-Z%C3%A1stera-Doln%C3%A9-Mladonice-pol.-20.-stor.-kr%C3%AD%C5%BEikmi-vy%C5%A1ila-Anna-O%C4%8Den%C3%A1%C5%A1ov%C3%BD-rod.-Bartikov%C3%A1-1930-2013-scaled.jpg?resize=300%2C239&amp;ssl=1 300w, https:\/\/i0.wp.com\/www.atelier-reklama.sk\/blog\/wp-content\/uploads\/2023\/03\/5BF.-Z%C3%A1stera-Doln%C3%A9-Mladonice-pol.-20.-stor.-kr%C3%AD%C5%BEikmi-vy%C5%A1ila-Anna-O%C4%8Den%C3%A1%C5%A1ov%C3%BD-rod.-Bartikov%C3%A1-1930-2013-scaled.jpg?resize=768%2C611&amp;ssl=1 768w, https:\/\/i0.wp.com\/www.atelier-reklama.sk\/blog\/wp-content\/uploads\/2023\/03\/5BF.-Z%C3%A1stera-Doln%C3%A9-Mladonice-pol.-20.-stor.-kr%C3%AD%C5%BEikmi-vy%C5%A1ila-Anna-O%C4%8Den%C3%A1%C5%A1ov%C3%BD-rod.-Bartikov%C3%A1-1930-2013-scaled.jpg?resize=1536%2C1222&amp;ssl=1 1536w, https:\/\/i0.wp.com\/www.atelier-reklama.sk\/blog\/wp-content\/uploads\/2023\/03\/5BF.-Z%C3%A1stera-Doln%C3%A9-Mladonice-pol.-20.-stor.-kr%C3%AD%C5%BEikmi-vy%C5%A1ila-Anna-O%C4%8Den%C3%A1%C5%A1ov%C3%BD-rod.-Bartikov%C3%A1-1930-2013-scaled.jpg?resize=2048%2C1630&amp;ssl=1 2048w, https:\/\/i0.wp.com\/www.atelier-reklama.sk\/blog\/wp-content\/uploads\/2023\/03\/5BF.-Z%C3%A1stera-Doln%C3%A9-Mladonice-pol.-20.-stor.-kr%C3%AD%C5%BEikmi-vy%C5%A1ila-Anna-O%C4%8Den%C3%A1%C5%A1ov%C3%BD-rod.-Bartikov%C3%A1-1930-2013-scaled.jpg?w=1600&amp;ssl=1 1600w, https:\/\/i0.wp.com\/www.atelier-reklama.sk\/blog\/wp-content\/uploads\/2023\/03\/5BF.-Z%C3%A1stera-Doln%C3%A9-Mladonice-pol.-20.-stor.-kr%C3%AD%C5%BEikmi-vy%C5%A1ila-Anna-O%C4%8Den%C3%A1%C5%A1ov%C3%BD-rod.-Bartikov%C3%A1-1930-2013-scaled.jpg?w=2400&amp;ssl=1 2400w\" sizes=\"auto, (max-width: 800px) 100vw, 800px\" \/><\/figure>\n\n\n\n<p>2. Z\u00e1stera, Senohrad, prv\u00e1 pol. 20. stor., kr\u00ed\u017eikmi vy\u0161ila Katar\u00edna Guttenov\u00e1 (1884-1962)<\/p>\n\n\n\n<figure class=\"wp-block-image size-large\"><img data-recalc-dims=\"1\" loading=\"lazy\" decoding=\"async\" width=\"800\" height=\"645\" data-attachment-id=\"13197\" data-permalink=\"https:\/\/www.atelier-reklama.sk\/blog\/moj-krekacsky-kroj-a-jeho-prekreslene-vzory-spolu\/6ach-zastera-senohrad-prva-pol-20-stor-krizikmi-vysila-katarina-guttenova-1884-1962\/\" data-orig-file=\"https:\/\/i0.wp.com\/www.atelier-reklama.sk\/blog\/wp-content\/uploads\/2023\/03\/6ACH.-Z%C3%A1stera-Senohrad-prv%C3%A1-pol.-20.-stor.-kr%C3%AD%C5%BEikmi-vy%C5%A1ila-Katar%C3%ADna-Guttenov%C3%A1-1884-1962-scaled.jpg?fit=2560%2C2062&amp;ssl=1\" data-orig-size=\"2560,2062\" data-comments-opened=\"1\" data-image-meta=\"{&quot;aperture&quot;:&quot;2&quot;,&quot;credit&quot;:&quot;&quot;,&quot;camera&quot;:&quot;SM-A125F&quot;,&quot;caption&quot;:&quot;&quot;,&quot;created_timestamp&quot;:&quot;1679043694&quot;,&quot;copyright&quot;:&quot;&quot;,&quot;focal_length&quot;:&quot;4.6&quot;,&quot;iso&quot;:&quot;200&quot;,&quot;shutter_speed&quot;:&quot;0.03&quot;,&quot;title&quot;:&quot;&quot;,&quot;orientation&quot;:&quot;1&quot;}\" data-image-title=\"6ACH.-Z\u00e1stera-Senohrad-prv\u00e1-pol.-20.-stor.-kr\u00ed\u017eikmi-vy\u0161ila-Katar\u00edna-Guttenov\u00e1-1884-1962\" data-image-description=\"\" data-image-caption=\"\" data-medium-file=\"https:\/\/i0.wp.com\/www.atelier-reklama.sk\/blog\/wp-content\/uploads\/2023\/03\/6ACH.-Z%C3%A1stera-Senohrad-prv%C3%A1-pol.-20.-stor.-kr%C3%AD%C5%BEikmi-vy%C5%A1ila-Katar%C3%ADna-Guttenov%C3%A1-1884-1962-scaled.jpg?fit=300%2C242&amp;ssl=1\" data-large-file=\"https:\/\/i0.wp.com\/www.atelier-reklama.sk\/blog\/wp-content\/uploads\/2023\/03\/6ACH.-Z%C3%A1stera-Senohrad-prv%C3%A1-pol.-20.-stor.-kr%C3%AD%C5%BEikmi-vy%C5%A1ila-Katar%C3%ADna-Guttenov%C3%A1-1884-1962-scaled.jpg?fit=800%2C645&amp;ssl=1\" src=\"https:\/\/i0.wp.com\/www.atelier-reklama.sk\/blog\/wp-content\/uploads\/2023\/03\/6ACH.-Z%C3%A1stera-Senohrad-prv%C3%A1-pol.-20.-stor.-kr%C3%AD%C5%BEikmi-vy%C5%A1ila-Katar%C3%ADna-Guttenov%C3%A1-1884-1962.jpg?resize=800%2C645&#038;ssl=1\" alt=\"\" class=\"wp-image-13197\" srcset=\"https:\/\/i0.wp.com\/www.atelier-reklama.sk\/blog\/wp-content\/uploads\/2023\/03\/6ACH.-Z%C3%A1stera-Senohrad-prv%C3%A1-pol.-20.-stor.-kr%C3%AD%C5%BEikmi-vy%C5%A1ila-Katar%C3%ADna-Guttenov%C3%A1-1884-1962-scaled.jpg?resize=1024%2C825&amp;ssl=1 1024w, https:\/\/i0.wp.com\/www.atelier-reklama.sk\/blog\/wp-content\/uploads\/2023\/03\/6ACH.-Z%C3%A1stera-Senohrad-prv%C3%A1-pol.-20.-stor.-kr%C3%AD%C5%BEikmi-vy%C5%A1ila-Katar%C3%ADna-Guttenov%C3%A1-1884-1962-scaled.jpg?resize=300%2C242&amp;ssl=1 300w, https:\/\/i0.wp.com\/www.atelier-reklama.sk\/blog\/wp-content\/uploads\/2023\/03\/6ACH.-Z%C3%A1stera-Senohrad-prv%C3%A1-pol.-20.-stor.-kr%C3%AD%C5%BEikmi-vy%C5%A1ila-Katar%C3%ADna-Guttenov%C3%A1-1884-1962-scaled.jpg?resize=768%2C619&amp;ssl=1 768w, https:\/\/i0.wp.com\/www.atelier-reklama.sk\/blog\/wp-content\/uploads\/2023\/03\/6ACH.-Z%C3%A1stera-Senohrad-prv%C3%A1-pol.-20.-stor.-kr%C3%AD%C5%BEikmi-vy%C5%A1ila-Katar%C3%ADna-Guttenov%C3%A1-1884-1962-scaled.jpg?resize=1536%2C1237&amp;ssl=1 1536w, https:\/\/i0.wp.com\/www.atelier-reklama.sk\/blog\/wp-content\/uploads\/2023\/03\/6ACH.-Z%C3%A1stera-Senohrad-prv%C3%A1-pol.-20.-stor.-kr%C3%AD%C5%BEikmi-vy%C5%A1ila-Katar%C3%ADna-Guttenov%C3%A1-1884-1962-scaled.jpg?resize=2048%2C1649&amp;ssl=1 2048w, https:\/\/i0.wp.com\/www.atelier-reklama.sk\/blog\/wp-content\/uploads\/2023\/03\/6ACH.-Z%C3%A1stera-Senohrad-prv%C3%A1-pol.-20.-stor.-kr%C3%AD%C5%BEikmi-vy%C5%A1ila-Katar%C3%ADna-Guttenov%C3%A1-1884-1962-scaled.jpg?w=1600&amp;ssl=1 1600w, https:\/\/i0.wp.com\/www.atelier-reklama.sk\/blog\/wp-content\/uploads\/2023\/03\/6ACH.-Z%C3%A1stera-Senohrad-prv%C3%A1-pol.-20.-stor.-kr%C3%AD%C5%BEikmi-vy%C5%A1ila-Katar%C3%ADna-Guttenov%C3%A1-1884-1962-scaled.jpg?w=2400&amp;ssl=1 2400w\" sizes=\"auto, (max-width: 800px) 100vw, 800px\" \/><\/figure>\n\n\n\n<figure class=\"wp-block-image size-large\"><img data-recalc-dims=\"1\" loading=\"lazy\" decoding=\"async\" width=\"800\" height=\"600\" data-attachment-id=\"13032\" data-permalink=\"https:\/\/www.atelier-reklama.sk\/blog\/moj-krekacsky-kroj-a-jeho-prekreslene-vzory-spolu\/334218485_1208563746741264_7002613214168697295_n\/\" data-orig-file=\"https:\/\/i0.wp.com\/www.atelier-reklama.sk\/blog\/wp-content\/uploads\/2023\/03\/334218485_1208563746741264_7002613214168697295_n.jpg?fit=2048%2C1536&amp;ssl=1\" data-orig-size=\"2048,1536\" data-comments-opened=\"1\" data-image-meta=\"{&quot;aperture&quot;:&quot;0&quot;,&quot;credit&quot;:&quot;&quot;,&quot;camera&quot;:&quot;&quot;,&quot;caption&quot;:&quot;&quot;,&quot;created_timestamp&quot;:&quot;0&quot;,&quot;copyright&quot;:&quot;&quot;,&quot;focal_length&quot;:&quot;0&quot;,&quot;iso&quot;:&quot;0&quot;,&quot;shutter_speed&quot;:&quot;0&quot;,&quot;title&quot;:&quot;&quot;,&quot;orientation&quot;:&quot;0&quot;}\" data-image-title=\"334218485_1208563746741264_7002613214168697295_n\" data-image-description=\"\" data-image-caption=\"\" data-medium-file=\"https:\/\/i0.wp.com\/www.atelier-reklama.sk\/blog\/wp-content\/uploads\/2023\/03\/334218485_1208563746741264_7002613214168697295_n.jpg?fit=300%2C225&amp;ssl=1\" data-large-file=\"https:\/\/i0.wp.com\/www.atelier-reklama.sk\/blog\/wp-content\/uploads\/2023\/03\/334218485_1208563746741264_7002613214168697295_n.jpg?fit=800%2C600&amp;ssl=1\" src=\"https:\/\/i0.wp.com\/www.atelier-reklama.sk\/blog\/wp-content\/uploads\/2023\/03\/334218485_1208563746741264_7002613214168697295_n.jpg?resize=800%2C600&#038;ssl=1\" alt=\"\" class=\"wp-image-13032\" srcset=\"https:\/\/i0.wp.com\/www.atelier-reklama.sk\/blog\/wp-content\/uploads\/2023\/03\/334218485_1208563746741264_7002613214168697295_n.jpg?resize=1024%2C768&amp;ssl=1 1024w, https:\/\/i0.wp.com\/www.atelier-reklama.sk\/blog\/wp-content\/uploads\/2023\/03\/334218485_1208563746741264_7002613214168697295_n.jpg?resize=300%2C225&amp;ssl=1 300w, https:\/\/i0.wp.com\/www.atelier-reklama.sk\/blog\/wp-content\/uploads\/2023\/03\/334218485_1208563746741264_7002613214168697295_n.jpg?resize=768%2C576&amp;ssl=1 768w, https:\/\/i0.wp.com\/www.atelier-reklama.sk\/blog\/wp-content\/uploads\/2023\/03\/334218485_1208563746741264_7002613214168697295_n.jpg?resize=1536%2C1152&amp;ssl=1 1536w, https:\/\/i0.wp.com\/www.atelier-reklama.sk\/blog\/wp-content\/uploads\/2023\/03\/334218485_1208563746741264_7002613214168697295_n.jpg?w=2048&amp;ssl=1 2048w, https:\/\/i0.wp.com\/www.atelier-reklama.sk\/blog\/wp-content\/uploads\/2023\/03\/334218485_1208563746741264_7002613214168697295_n.jpg?w=1600&amp;ssl=1 1600w\" sizes=\"auto, (max-width: 800px) 100vw, 800px\" \/><figcaption class=\"wp-element-caption\">Jednu z\u00e1steru som zdedila a \u010fal\u0161ie dve sa mi podarilo k\u00fapi\u0165 na bazare. <\/figcaption><\/figure>\n\n\n\n<figure class=\"wp-block-image size-large\"><img data-recalc-dims=\"1\" loading=\"lazy\" decoding=\"async\" width=\"800\" height=\"566\" data-attachment-id=\"13035\" data-permalink=\"https:\/\/www.atelier-reklama.sk\/blog\/moj-krekacsky-kroj-a-jeho-prekreslene-vzory-spolu\/6b-zastera-senohrad-prva-pol-20-stor-krizikmi-vysila-katarina-guttenova-1884-1962\/\" data-orig-file=\"https:\/\/i0.wp.com\/www.atelier-reklama.sk\/blog\/wp-content\/uploads\/2023\/03\/6B.-Z%C3%A1stera-Senohrad-prv%C3%A1-pol.-20.-stor.-kr%C3%AD%C5%BEikmi-vy%C5%A1ila-Katar%C3%ADna-Guttenov%C3%A1-1884-1962-scaled.jpg?fit=2560%2C1810&amp;ssl=1\" data-orig-size=\"2560,1810\" data-comments-opened=\"1\" data-image-meta=\"{&quot;aperture&quot;:&quot;0&quot;,&quot;credit&quot;:&quot;&quot;,&quot;camera&quot;:&quot;&quot;,&quot;caption&quot;:&quot;&quot;,&quot;created_timestamp&quot;:&quot;0&quot;,&quot;copyright&quot;:&quot;&quot;,&quot;focal_length&quot;:&quot;0&quot;,&quot;iso&quot;:&quot;0&quot;,&quot;shutter_speed&quot;:&quot;0&quot;,&quot;title&quot;:&quot;&quot;,&quot;orientation&quot;:&quot;0&quot;}\" data-image-title=\"6B.-Z\u00e1stera-Senohrad-prv\u00e1-pol.-20.-stor.-kr\u00ed\u017eikmi-vy\u0161ila-Katar\u00edna-Guttenov\u00e1-1884-1962\" data-image-description=\"\" data-image-caption=\"\" data-medium-file=\"https:\/\/i0.wp.com\/www.atelier-reklama.sk\/blog\/wp-content\/uploads\/2023\/03\/6B.-Z%C3%A1stera-Senohrad-prv%C3%A1-pol.-20.-stor.-kr%C3%AD%C5%BEikmi-vy%C5%A1ila-Katar%C3%ADna-Guttenov%C3%A1-1884-1962-scaled.jpg?fit=300%2C212&amp;ssl=1\" data-large-file=\"https:\/\/i0.wp.com\/www.atelier-reklama.sk\/blog\/wp-content\/uploads\/2023\/03\/6B.-Z%C3%A1stera-Senohrad-prv%C3%A1-pol.-20.-stor.-kr%C3%AD%C5%BEikmi-vy%C5%A1ila-Katar%C3%ADna-Guttenov%C3%A1-1884-1962-scaled.jpg?fit=800%2C566&amp;ssl=1\" src=\"https:\/\/i0.wp.com\/www.atelier-reklama.sk\/blog\/wp-content\/uploads\/2023\/03\/6B.-Z%C3%A1stera-Senohrad-prv%C3%A1-pol.-20.-stor.-kr%C3%AD%C5%BEikmi-vy%C5%A1ila-Katar%C3%ADna-Guttenov%C3%A1-1884-1962.jpg?resize=800%2C566&#038;ssl=1\" alt=\"\" class=\"wp-image-13035\" srcset=\"https:\/\/i0.wp.com\/www.atelier-reklama.sk\/blog\/wp-content\/uploads\/2023\/03\/6B.-Z%C3%A1stera-Senohrad-prv%C3%A1-pol.-20.-stor.-kr%C3%AD%C5%BEikmi-vy%C5%A1ila-Katar%C3%ADna-Guttenov%C3%A1-1884-1962-scaled.jpg?resize=1024%2C724&amp;ssl=1 1024w, https:\/\/i0.wp.com\/www.atelier-reklama.sk\/blog\/wp-content\/uploads\/2023\/03\/6B.-Z%C3%A1stera-Senohrad-prv%C3%A1-pol.-20.-stor.-kr%C3%AD%C5%BEikmi-vy%C5%A1ila-Katar%C3%ADna-Guttenov%C3%A1-1884-1962-scaled.jpg?resize=300%2C212&amp;ssl=1 300w, https:\/\/i0.wp.com\/www.atelier-reklama.sk\/blog\/wp-content\/uploads\/2023\/03\/6B.-Z%C3%A1stera-Senohrad-prv%C3%A1-pol.-20.-stor.-kr%C3%AD%C5%BEikmi-vy%C5%A1ila-Katar%C3%ADna-Guttenov%C3%A1-1884-1962-scaled.jpg?resize=768%2C543&amp;ssl=1 768w, https:\/\/i0.wp.com\/www.atelier-reklama.sk\/blog\/wp-content\/uploads\/2023\/03\/6B.-Z%C3%A1stera-Senohrad-prv%C3%A1-pol.-20.-stor.-kr%C3%AD%C5%BEikmi-vy%C5%A1ila-Katar%C3%ADna-Guttenov%C3%A1-1884-1962-scaled.jpg?resize=1536%2C1086&amp;ssl=1 1536w, https:\/\/i0.wp.com\/www.atelier-reklama.sk\/blog\/wp-content\/uploads\/2023\/03\/6B.-Z%C3%A1stera-Senohrad-prv%C3%A1-pol.-20.-stor.-kr%C3%AD%C5%BEikmi-vy%C5%A1ila-Katar%C3%ADna-Guttenov%C3%A1-1884-1962-scaled.jpg?resize=2048%2C1448&amp;ssl=1 2048w, https:\/\/i0.wp.com\/www.atelier-reklama.sk\/blog\/wp-content\/uploads\/2023\/03\/6B.-Z%C3%A1stera-Senohrad-prv%C3%A1-pol.-20.-stor.-kr%C3%AD%C5%BEikmi-vy%C5%A1ila-Katar%C3%ADna-Guttenov%C3%A1-1884-1962-scaled.jpg?w=1600&amp;ssl=1 1600w, https:\/\/i0.wp.com\/www.atelier-reklama.sk\/blog\/wp-content\/uploads\/2023\/03\/6B.-Z%C3%A1stera-Senohrad-prv%C3%A1-pol.-20.-stor.-kr%C3%AD%C5%BEikmi-vy%C5%A1ila-Katar%C3%ADna-Guttenov%C3%A1-1884-1962-scaled.jpg?w=2400&amp;ssl=1 2400w\" sizes=\"auto, (max-width: 800px) 100vw, 800px\" \/><\/figure>\n\n\n\n<figure class=\"wp-block-image size-large\"><img data-recalc-dims=\"1\" loading=\"lazy\" decoding=\"async\" width=\"800\" height=\"917\" data-attachment-id=\"13198\" data-permalink=\"https:\/\/www.atelier-reklama.sk\/blog\/moj-krekacsky-kroj-a-jeho-prekreslene-vzory-spolu\/6ab-zastera-senohrad-prva-pol-20-stor-krizikmi-vysila-katarina-guttenova-1884-1962\/\" data-orig-file=\"https:\/\/i0.wp.com\/www.atelier-reklama.sk\/blog\/wp-content\/uploads\/2023\/03\/6AB.-Z%C3%A1stera-Senohrad-prv%C3%A1-pol.-20.-stor.-kr%C3%AD%C5%BEikmi-vy%C5%A1ila-Katar%C3%ADna-Guttenov%C3%A1-1884-1962-scaled.jpg?fit=2233%2C2560&amp;ssl=1\" data-orig-size=\"2233,2560\" data-comments-opened=\"1\" data-image-meta=\"{&quot;aperture&quot;:&quot;2&quot;,&quot;credit&quot;:&quot;&quot;,&quot;camera&quot;:&quot;SM-A125F&quot;,&quot;caption&quot;:&quot;&quot;,&quot;created_timestamp&quot;:&quot;1679043498&quot;,&quot;copyright&quot;:&quot;&quot;,&quot;focal_length&quot;:&quot;4.6&quot;,&quot;iso&quot;:&quot;200&quot;,&quot;shutter_speed&quot;:&quot;0.03&quot;,&quot;title&quot;:&quot;&quot;,&quot;orientation&quot;:&quot;1&quot;}\" data-image-title=\"6AB.-Z\u00e1stera-Senohrad-prv\u00e1-pol.-20.-stor.-kr\u00ed\u017eikmi-vy\u0161ila-Katar\u00edna-Guttenov\u00e1-1884-1962\" data-image-description=\"\" data-image-caption=\"\" data-medium-file=\"https:\/\/i0.wp.com\/www.atelier-reklama.sk\/blog\/wp-content\/uploads\/2023\/03\/6AB.-Z%C3%A1stera-Senohrad-prv%C3%A1-pol.-20.-stor.-kr%C3%AD%C5%BEikmi-vy%C5%A1ila-Katar%C3%ADna-Guttenov%C3%A1-1884-1962-scaled.jpg?fit=262%2C300&amp;ssl=1\" data-large-file=\"https:\/\/i0.wp.com\/www.atelier-reklama.sk\/blog\/wp-content\/uploads\/2023\/03\/6AB.-Z%C3%A1stera-Senohrad-prv%C3%A1-pol.-20.-stor.-kr%C3%AD%C5%BEikmi-vy%C5%A1ila-Katar%C3%ADna-Guttenov%C3%A1-1884-1962-scaled.jpg?fit=800%2C917&amp;ssl=1\" src=\"https:\/\/i0.wp.com\/www.atelier-reklama.sk\/blog\/wp-content\/uploads\/2023\/03\/6AB.-Z%C3%A1stera-Senohrad-prv%C3%A1-pol.-20.-stor.-kr%C3%AD%C5%BEikmi-vy%C5%A1ila-Katar%C3%ADna-Guttenov%C3%A1-1884-1962.jpg?resize=800%2C917&#038;ssl=1\" alt=\"\" class=\"wp-image-13198\" srcset=\"https:\/\/i0.wp.com\/www.atelier-reklama.sk\/blog\/wp-content\/uploads\/2023\/03\/6AB.-Z%C3%A1stera-Senohrad-prv%C3%A1-pol.-20.-stor.-kr%C3%AD%C5%BEikmi-vy%C5%A1ila-Katar%C3%ADna-Guttenov%C3%A1-1884-1962-scaled.jpg?resize=893%2C1024&amp;ssl=1 893w, https:\/\/i0.wp.com\/www.atelier-reklama.sk\/blog\/wp-content\/uploads\/2023\/03\/6AB.-Z%C3%A1stera-Senohrad-prv%C3%A1-pol.-20.-stor.-kr%C3%AD%C5%BEikmi-vy%C5%A1ila-Katar%C3%ADna-Guttenov%C3%A1-1884-1962-scaled.jpg?resize=262%2C300&amp;ssl=1 262w, https:\/\/i0.wp.com\/www.atelier-reklama.sk\/blog\/wp-content\/uploads\/2023\/03\/6AB.-Z%C3%A1stera-Senohrad-prv%C3%A1-pol.-20.-stor.-kr%C3%AD%C5%BEikmi-vy%C5%A1ila-Katar%C3%ADna-Guttenov%C3%A1-1884-1962-scaled.jpg?resize=768%2C880&amp;ssl=1 768w, https:\/\/i0.wp.com\/www.atelier-reklama.sk\/blog\/wp-content\/uploads\/2023\/03\/6AB.-Z%C3%A1stera-Senohrad-prv%C3%A1-pol.-20.-stor.-kr%C3%AD%C5%BEikmi-vy%C5%A1ila-Katar%C3%ADna-Guttenov%C3%A1-1884-1962-scaled.jpg?resize=1340%2C1536&amp;ssl=1 1340w, https:\/\/i0.wp.com\/www.atelier-reklama.sk\/blog\/wp-content\/uploads\/2023\/03\/6AB.-Z%C3%A1stera-Senohrad-prv%C3%A1-pol.-20.-stor.-kr%C3%AD%C5%BEikmi-vy%C5%A1ila-Katar%C3%ADna-Guttenov%C3%A1-1884-1962-scaled.jpg?resize=1787%2C2048&amp;ssl=1 1787w, https:\/\/i0.wp.com\/www.atelier-reklama.sk\/blog\/wp-content\/uploads\/2023\/03\/6AB.-Z%C3%A1stera-Senohrad-prv%C3%A1-pol.-20.-stor.-kr%C3%AD%C5%BEikmi-vy%C5%A1ila-Katar%C3%ADna-Guttenov%C3%A1-1884-1962-scaled.jpg?w=1600&amp;ssl=1 1600w\" sizes=\"auto, (max-width: 800px) 100vw, 800px\" \/><figcaption class=\"wp-element-caption\">Z\u00e1steru pravdepodobne vy\u0161ila moja prastar\u00e1 mama Katar\u00edna Guttenov\u00e1 zo Senohradu<\/figcaption><\/figure>\n\n\n\n<figure class=\"wp-block-image size-large\"><img data-recalc-dims=\"1\" loading=\"lazy\" decoding=\"async\" width=\"800\" height=\"907\" data-attachment-id=\"13200\" data-permalink=\"https:\/\/www.atelier-reklama.sk\/blog\/moj-krekacsky-kroj-a-jeho-prekreslene-vzory-spolu\/6af-zastera-senohrad-prva-pol-20-stor-krizikmi-vysila-katarina-guttenova-1884-1962\/\" data-orig-file=\"https:\/\/i0.wp.com\/www.atelier-reklama.sk\/blog\/wp-content\/uploads\/2023\/03\/6AF.-Z%C3%A1stera-Senohrad-prv%C3%A1-pol.-20.-stor.-kr%C3%AD%C5%BEikmi-vy%C5%A1ila-Katar%C3%ADna-Guttenov%C3%A1-1884-1962-scaled.jpg?fit=2257%2C2560&amp;ssl=1\" data-orig-size=\"2257,2560\" data-comments-opened=\"1\" data-image-meta=\"{&quot;aperture&quot;:&quot;2&quot;,&quot;credit&quot;:&quot;&quot;,&quot;camera&quot;:&quot;SM-A125F&quot;,&quot;caption&quot;:&quot;&quot;,&quot;created_timestamp&quot;:&quot;1679043757&quot;,&quot;copyright&quot;:&quot;&quot;,&quot;focal_length&quot;:&quot;4.6&quot;,&quot;iso&quot;:&quot;200&quot;,&quot;shutter_speed&quot;:&quot;0.03&quot;,&quot;title&quot;:&quot;&quot;,&quot;orientation&quot;:&quot;1&quot;}\" data-image-title=\"6AF.-Z\u00e1stera-Senohrad-prv\u00e1-pol.-20.-stor.-kr\u00ed\u017eikmi-vy\u0161ila-Katar\u00edna-Guttenov\u00e1-1884-1962\" data-image-description=\"\" data-image-caption=\"\" data-medium-file=\"https:\/\/i0.wp.com\/www.atelier-reklama.sk\/blog\/wp-content\/uploads\/2023\/03\/6AF.-Z%C3%A1stera-Senohrad-prv%C3%A1-pol.-20.-stor.-kr%C3%AD%C5%BEikmi-vy%C5%A1ila-Katar%C3%ADna-Guttenov%C3%A1-1884-1962-scaled.jpg?fit=264%2C300&amp;ssl=1\" data-large-file=\"https:\/\/i0.wp.com\/www.atelier-reklama.sk\/blog\/wp-content\/uploads\/2023\/03\/6AF.-Z%C3%A1stera-Senohrad-prv%C3%A1-pol.-20.-stor.-kr%C3%AD%C5%BEikmi-vy%C5%A1ila-Katar%C3%ADna-Guttenov%C3%A1-1884-1962-scaled.jpg?fit=800%2C907&amp;ssl=1\" src=\"https:\/\/i0.wp.com\/www.atelier-reklama.sk\/blog\/wp-content\/uploads\/2023\/03\/6AF.-Z%C3%A1stera-Senohrad-prv%C3%A1-pol.-20.-stor.-kr%C3%AD%C5%BEikmi-vy%C5%A1ila-Katar%C3%ADna-Guttenov%C3%A1-1884-1962.jpg?resize=800%2C907&#038;ssl=1\" alt=\"\" class=\"wp-image-13200\" srcset=\"https:\/\/i0.wp.com\/www.atelier-reklama.sk\/blog\/wp-content\/uploads\/2023\/03\/6AF.-Z%C3%A1stera-Senohrad-prv%C3%A1-pol.-20.-stor.-kr%C3%AD%C5%BEikmi-vy%C5%A1ila-Katar%C3%ADna-Guttenov%C3%A1-1884-1962-scaled.jpg?resize=903%2C1024&amp;ssl=1 903w, https:\/\/i0.wp.com\/www.atelier-reklama.sk\/blog\/wp-content\/uploads\/2023\/03\/6AF.-Z%C3%A1stera-Senohrad-prv%C3%A1-pol.-20.-stor.-kr%C3%AD%C5%BEikmi-vy%C5%A1ila-Katar%C3%ADna-Guttenov%C3%A1-1884-1962-scaled.jpg?resize=264%2C300&amp;ssl=1 264w, https:\/\/i0.wp.com\/www.atelier-reklama.sk\/blog\/wp-content\/uploads\/2023\/03\/6AF.-Z%C3%A1stera-Senohrad-prv%C3%A1-pol.-20.-stor.-kr%C3%AD%C5%BEikmi-vy%C5%A1ila-Katar%C3%ADna-Guttenov%C3%A1-1884-1962-scaled.jpg?resize=768%2C871&amp;ssl=1 768w, https:\/\/i0.wp.com\/www.atelier-reklama.sk\/blog\/wp-content\/uploads\/2023\/03\/6AF.-Z%C3%A1stera-Senohrad-prv%C3%A1-pol.-20.-stor.-kr%C3%AD%C5%BEikmi-vy%C5%A1ila-Katar%C3%ADna-Guttenov%C3%A1-1884-1962-scaled.jpg?resize=1354%2C1536&amp;ssl=1 1354w, https:\/\/i0.wp.com\/www.atelier-reklama.sk\/blog\/wp-content\/uploads\/2023\/03\/6AF.-Z%C3%A1stera-Senohrad-prv%C3%A1-pol.-20.-stor.-kr%C3%AD%C5%BEikmi-vy%C5%A1ila-Katar%C3%ADna-Guttenov%C3%A1-1884-1962-scaled.jpg?resize=1805%2C2048&amp;ssl=1 1805w, https:\/\/i0.wp.com\/www.atelier-reklama.sk\/blog\/wp-content\/uploads\/2023\/03\/6AF.-Z%C3%A1stera-Senohrad-prv%C3%A1-pol.-20.-stor.-kr%C3%AD%C5%BEikmi-vy%C5%A1ila-Katar%C3%ADna-Guttenov%C3%A1-1884-1962-scaled.jpg?w=1600&amp;ssl=1 1600w\" sizes=\"auto, (max-width: 800px) 100vw, 800px\" \/><\/figure>\n\n\n\n<figure class=\"wp-block-image size-large\"><img data-recalc-dims=\"1\" loading=\"lazy\" decoding=\"async\" width=\"800\" height=\"861\" data-attachment-id=\"13201\" data-permalink=\"https:\/\/www.atelier-reklama.sk\/blog\/moj-krekacsky-kroj-a-jeho-prekreslene-vzory-spolu\/6ai-zastera-senohrad-prva-pol-20-stor-krizikmi-vysila-katarina-guttenova-1884-1962\/\" data-orig-file=\"https:\/\/i0.wp.com\/www.atelier-reklama.sk\/blog\/wp-content\/uploads\/2023\/03\/6AI.-Z%C3%A1stera-Senohrad-prv%C3%A1-pol.-20.-stor.-kr%C3%AD%C5%BEikmi-vy%C5%A1ila-Katar%C3%ADna-Guttenov%C3%A1-1884-1962-scaled.jpg?fit=2380%2C2560&amp;ssl=1\" data-orig-size=\"2380,2560\" data-comments-opened=\"1\" data-image-meta=\"{&quot;aperture&quot;:&quot;2&quot;,&quot;credit&quot;:&quot;&quot;,&quot;camera&quot;:&quot;SM-A125F&quot;,&quot;caption&quot;:&quot;&quot;,&quot;created_timestamp&quot;:&quot;1679043846&quot;,&quot;copyright&quot;:&quot;&quot;,&quot;focal_length&quot;:&quot;4.6&quot;,&quot;iso&quot;:&quot;200&quot;,&quot;shutter_speed&quot;:&quot;0.03&quot;,&quot;title&quot;:&quot;&quot;,&quot;orientation&quot;:&quot;1&quot;}\" data-image-title=\"6AI.-Z\u00e1stera-Senohrad-prv\u00e1-pol.-20.-stor.-kr\u00ed\u017eikmi-vy\u0161ila-Katar\u00edna-Guttenov\u00e1-1884-1962\" data-image-description=\"\" data-image-caption=\"\" data-medium-file=\"https:\/\/i0.wp.com\/www.atelier-reklama.sk\/blog\/wp-content\/uploads\/2023\/03\/6AI.-Z%C3%A1stera-Senohrad-prv%C3%A1-pol.-20.-stor.-kr%C3%AD%C5%BEikmi-vy%C5%A1ila-Katar%C3%ADna-Guttenov%C3%A1-1884-1962-scaled.jpg?fit=279%2C300&amp;ssl=1\" data-large-file=\"https:\/\/i0.wp.com\/www.atelier-reklama.sk\/blog\/wp-content\/uploads\/2023\/03\/6AI.-Z%C3%A1stera-Senohrad-prv%C3%A1-pol.-20.-stor.-kr%C3%AD%C5%BEikmi-vy%C5%A1ila-Katar%C3%ADna-Guttenov%C3%A1-1884-1962-scaled.jpg?fit=800%2C861&amp;ssl=1\" src=\"https:\/\/i0.wp.com\/www.atelier-reklama.sk\/blog\/wp-content\/uploads\/2023\/03\/6AI.-Z%C3%A1stera-Senohrad-prv%C3%A1-pol.-20.-stor.-kr%C3%AD%C5%BEikmi-vy%C5%A1ila-Katar%C3%ADna-Guttenov%C3%A1-1884-1962.jpg?resize=800%2C861&#038;ssl=1\" alt=\"\" class=\"wp-image-13201\" srcset=\"https:\/\/i0.wp.com\/www.atelier-reklama.sk\/blog\/wp-content\/uploads\/2023\/03\/6AI.-Z%C3%A1stera-Senohrad-prv%C3%A1-pol.-20.-stor.-kr%C3%AD%C5%BEikmi-vy%C5%A1ila-Katar%C3%ADna-Guttenov%C3%A1-1884-1962-scaled.jpg?resize=952%2C1024&amp;ssl=1 952w, https:\/\/i0.wp.com\/www.atelier-reklama.sk\/blog\/wp-content\/uploads\/2023\/03\/6AI.-Z%C3%A1stera-Senohrad-prv%C3%A1-pol.-20.-stor.-kr%C3%AD%C5%BEikmi-vy%C5%A1ila-Katar%C3%ADna-Guttenov%C3%A1-1884-1962-scaled.jpg?resize=279%2C300&amp;ssl=1 279w, https:\/\/i0.wp.com\/www.atelier-reklama.sk\/blog\/wp-content\/uploads\/2023\/03\/6AI.-Z%C3%A1stera-Senohrad-prv%C3%A1-pol.-20.-stor.-kr%C3%AD%C5%BEikmi-vy%C5%A1ila-Katar%C3%ADna-Guttenov%C3%A1-1884-1962-scaled.jpg?resize=768%2C826&amp;ssl=1 768w, https:\/\/i0.wp.com\/www.atelier-reklama.sk\/blog\/wp-content\/uploads\/2023\/03\/6AI.-Z%C3%A1stera-Senohrad-prv%C3%A1-pol.-20.-stor.-kr%C3%AD%C5%BEikmi-vy%C5%A1ila-Katar%C3%ADna-Guttenov%C3%A1-1884-1962-scaled.jpg?resize=1428%2C1536&amp;ssl=1 1428w, https:\/\/i0.wp.com\/www.atelier-reklama.sk\/blog\/wp-content\/uploads\/2023\/03\/6AI.-Z%C3%A1stera-Senohrad-prv%C3%A1-pol.-20.-stor.-kr%C3%AD%C5%BEikmi-vy%C5%A1ila-Katar%C3%ADna-Guttenov%C3%A1-1884-1962-scaled.jpg?resize=1904%2C2048&amp;ssl=1 1904w, https:\/\/i0.wp.com\/www.atelier-reklama.sk\/blog\/wp-content\/uploads\/2023\/03\/6AI.-Z%C3%A1stera-Senohrad-prv%C3%A1-pol.-20.-stor.-kr%C3%AD%C5%BEikmi-vy%C5%A1ila-Katar%C3%ADna-Guttenov%C3%A1-1884-1962-scaled.jpg?w=1600&amp;ssl=1 1600w\" sizes=\"auto, (max-width: 800px) 100vw, 800px\" \/><\/figure>\n\n\n\n<p>3. Z\u00e1stera, Jal\u0161ov\u00edk, vy\u0161it\u00e9 kr\u00ed\u017eikmi, p\u00f4vodn\u00fd vlastn\u00edk nezn\u00e1my<\/p>\n\n\n\n<figure class=\"wp-block-image size-large\"><img data-recalc-dims=\"1\" loading=\"lazy\" decoding=\"async\" width=\"800\" height=\"904\" data-attachment-id=\"13247\" data-permalink=\"https:\/\/www.atelier-reklama.sk\/blog\/moj-krekacsky-kroj-a-jeho-prekreslene-vzory-spolu\/3a-zastera-jalsovik-vysite-krizikmi-povodny-vlastnik-neznamy\/\" data-orig-file=\"https:\/\/i0.wp.com\/www.atelier-reklama.sk\/blog\/wp-content\/uploads\/2023\/03\/3A.-Z%C3%A1stera-Jal%C5%A1ov%C3%ADk-vy%C5%A1it%C3%A9-kr%C3%AD%C5%BEikmi-p%C3%B4vodn%C3%BD-vlastn%C3%ADk-nezn%C3%A1my.jpg?fit=906%2C1024&amp;ssl=1\" data-orig-size=\"906,1024\" data-comments-opened=\"1\" data-image-meta=\"{&quot;aperture&quot;:&quot;0&quot;,&quot;credit&quot;:&quot;&quot;,&quot;camera&quot;:&quot;&quot;,&quot;caption&quot;:&quot;&quot;,&quot;created_timestamp&quot;:&quot;0&quot;,&quot;copyright&quot;:&quot;&quot;,&quot;focal_length&quot;:&quot;0&quot;,&quot;iso&quot;:&quot;0&quot;,&quot;shutter_speed&quot;:&quot;0&quot;,&quot;title&quot;:&quot;&quot;,&quot;orientation&quot;:&quot;0&quot;}\" data-image-title=\"3A.-Z\u00e1stera-Jal\u0161ov\u00edk-vy\u0161it\u00e9-kr\u00ed\u017eikmi-p\u00f4vodn\u00fd-vlastn\u00edk-nezn\u00e1my\" data-image-description=\"\" data-image-caption=\"\" data-medium-file=\"https:\/\/i0.wp.com\/www.atelier-reklama.sk\/blog\/wp-content\/uploads\/2023\/03\/3A.-Z%C3%A1stera-Jal%C5%A1ov%C3%ADk-vy%C5%A1it%C3%A9-kr%C3%AD%C5%BEikmi-p%C3%B4vodn%C3%BD-vlastn%C3%ADk-nezn%C3%A1my.jpg?fit=265%2C300&amp;ssl=1\" data-large-file=\"https:\/\/i0.wp.com\/www.atelier-reklama.sk\/blog\/wp-content\/uploads\/2023\/03\/3A.-Z%C3%A1stera-Jal%C5%A1ov%C3%ADk-vy%C5%A1it%C3%A9-kr%C3%AD%C5%BEikmi-p%C3%B4vodn%C3%BD-vlastn%C3%ADk-nezn%C3%A1my.jpg?fit=800%2C904&amp;ssl=1\" src=\"https:\/\/i0.wp.com\/www.atelier-reklama.sk\/blog\/wp-content\/uploads\/2023\/03\/3A.-Z%C3%A1stera-Jal%C5%A1ov%C3%ADk-vy%C5%A1it%C3%A9-kr%C3%AD%C5%BEikmi-p%C3%B4vodn%C3%BD-vlastn%C3%ADk-nezn%C3%A1my.jpg?resize=800%2C904&#038;ssl=1\" alt=\"\" class=\"wp-image-13247\" srcset=\"https:\/\/i0.wp.com\/www.atelier-reklama.sk\/blog\/wp-content\/uploads\/2023\/03\/3A.-Z%C3%A1stera-Jal%C5%A1ov%C3%ADk-vy%C5%A1it%C3%A9-kr%C3%AD%C5%BEikmi-p%C3%B4vodn%C3%BD-vlastn%C3%ADk-nezn%C3%A1my.jpg?w=906&amp;ssl=1 906w, https:\/\/i0.wp.com\/www.atelier-reklama.sk\/blog\/wp-content\/uploads\/2023\/03\/3A.-Z%C3%A1stera-Jal%C5%A1ov%C3%ADk-vy%C5%A1it%C3%A9-kr%C3%AD%C5%BEikmi-p%C3%B4vodn%C3%BD-vlastn%C3%ADk-nezn%C3%A1my.jpg?resize=265%2C300&amp;ssl=1 265w, https:\/\/i0.wp.com\/www.atelier-reklama.sk\/blog\/wp-content\/uploads\/2023\/03\/3A.-Z%C3%A1stera-Jal%C5%A1ov%C3%ADk-vy%C5%A1it%C3%A9-kr%C3%AD%C5%BEikmi-p%C3%B4vodn%C3%BD-vlastn%C3%ADk-nezn%C3%A1my.jpg?resize=768%2C868&amp;ssl=1 768w\" sizes=\"auto, (max-width: 800px) 100vw, 800px\" \/><\/figure>\n\n\n\n<figure class=\"wp-block-image size-large\"><img data-recalc-dims=\"1\" loading=\"lazy\" decoding=\"async\" width=\"800\" height=\"762\" data-attachment-id=\"13248\" data-permalink=\"https:\/\/www.atelier-reklama.sk\/blog\/moj-krekacsky-kroj-a-jeho-prekreslene-vzory-spolu\/3b-zastera-jalsovik-vysite-krizikmi-povodny-vlastnik-neznamy\/\" data-orig-file=\"https:\/\/i0.wp.com\/www.atelier-reklama.sk\/blog\/wp-content\/uploads\/2023\/03\/3B.-Z%C3%A1stera-Jal%C5%A1ov%C3%ADk-vy%C5%A1it%C3%A9-kr%C3%AD%C5%BEikmi-p%C3%B4vodn%C3%BD-vlastn%C3%ADk-nezn%C3%A1my-scaled.jpg?fit=2560%2C2438&amp;ssl=1\" data-orig-size=\"2560,2438\" data-comments-opened=\"1\" data-image-meta=\"{&quot;aperture&quot;:&quot;2&quot;,&quot;credit&quot;:&quot;&quot;,&quot;camera&quot;:&quot;SM-A125F&quot;,&quot;caption&quot;:&quot;&quot;,&quot;created_timestamp&quot;:&quot;1678875519&quot;,&quot;copyright&quot;:&quot;&quot;,&quot;focal_length&quot;:&quot;4.6&quot;,&quot;iso&quot;:&quot;160&quot;,&quot;shutter_speed&quot;:&quot;0.03&quot;,&quot;title&quot;:&quot;&quot;,&quot;orientation&quot;:&quot;1&quot;}\" data-image-title=\"3B.-Z\u00e1stera-Jal\u0161ov\u00edk-vy\u0161it\u00e9-kr\u00ed\u017eikmi-p\u00f4vodn\u00fd-vlastn\u00edk-nezn\u00e1my\" data-image-description=\"\" data-image-caption=\"\" data-medium-file=\"https:\/\/i0.wp.com\/www.atelier-reklama.sk\/blog\/wp-content\/uploads\/2023\/03\/3B.-Z%C3%A1stera-Jal%C5%A1ov%C3%ADk-vy%C5%A1it%C3%A9-kr%C3%AD%C5%BEikmi-p%C3%B4vodn%C3%BD-vlastn%C3%ADk-nezn%C3%A1my-scaled.jpg?fit=300%2C286&amp;ssl=1\" data-large-file=\"https:\/\/i0.wp.com\/www.atelier-reklama.sk\/blog\/wp-content\/uploads\/2023\/03\/3B.-Z%C3%A1stera-Jal%C5%A1ov%C3%ADk-vy%C5%A1it%C3%A9-kr%C3%AD%C5%BEikmi-p%C3%B4vodn%C3%BD-vlastn%C3%ADk-nezn%C3%A1my-scaled.jpg?fit=800%2C762&amp;ssl=1\" src=\"https:\/\/i0.wp.com\/www.atelier-reklama.sk\/blog\/wp-content\/uploads\/2023\/03\/3B.-Z%C3%A1stera-Jal%C5%A1ov%C3%ADk-vy%C5%A1it%C3%A9-kr%C3%AD%C5%BEikmi-p%C3%B4vodn%C3%BD-vlastn%C3%ADk-nezn%C3%A1my.jpg?resize=800%2C762&#038;ssl=1\" alt=\"\" class=\"wp-image-13248\" srcset=\"https:\/\/i0.wp.com\/www.atelier-reklama.sk\/blog\/wp-content\/uploads\/2023\/03\/3B.-Z%C3%A1stera-Jal%C5%A1ov%C3%ADk-vy%C5%A1it%C3%A9-kr%C3%AD%C5%BEikmi-p%C3%B4vodn%C3%BD-vlastn%C3%ADk-nezn%C3%A1my-scaled.jpg?resize=1024%2C975&amp;ssl=1 1024w, https:\/\/i0.wp.com\/www.atelier-reklama.sk\/blog\/wp-content\/uploads\/2023\/03\/3B.-Z%C3%A1stera-Jal%C5%A1ov%C3%ADk-vy%C5%A1it%C3%A9-kr%C3%AD%C5%BEikmi-p%C3%B4vodn%C3%BD-vlastn%C3%ADk-nezn%C3%A1my-scaled.jpg?resize=300%2C286&amp;ssl=1 300w, https:\/\/i0.wp.com\/www.atelier-reklama.sk\/blog\/wp-content\/uploads\/2023\/03\/3B.-Z%C3%A1stera-Jal%C5%A1ov%C3%ADk-vy%C5%A1it%C3%A9-kr%C3%AD%C5%BEikmi-p%C3%B4vodn%C3%BD-vlastn%C3%ADk-nezn%C3%A1my-scaled.jpg?resize=768%2C731&amp;ssl=1 768w, https:\/\/i0.wp.com\/www.atelier-reklama.sk\/blog\/wp-content\/uploads\/2023\/03\/3B.-Z%C3%A1stera-Jal%C5%A1ov%C3%ADk-vy%C5%A1it%C3%A9-kr%C3%AD%C5%BEikmi-p%C3%B4vodn%C3%BD-vlastn%C3%ADk-nezn%C3%A1my-scaled.jpg?resize=1536%2C1463&amp;ssl=1 1536w, https:\/\/i0.wp.com\/www.atelier-reklama.sk\/blog\/wp-content\/uploads\/2023\/03\/3B.-Z%C3%A1stera-Jal%C5%A1ov%C3%ADk-vy%C5%A1it%C3%A9-kr%C3%AD%C5%BEikmi-p%C3%B4vodn%C3%BD-vlastn%C3%ADk-nezn%C3%A1my-scaled.jpg?resize=2048%2C1950&amp;ssl=1 2048w, https:\/\/i0.wp.com\/www.atelier-reklama.sk\/blog\/wp-content\/uploads\/2023\/03\/3B.-Z%C3%A1stera-Jal%C5%A1ov%C3%ADk-vy%C5%A1it%C3%A9-kr%C3%AD%C5%BEikmi-p%C3%B4vodn%C3%BD-vlastn%C3%ADk-nezn%C3%A1my-scaled.jpg?w=1600&amp;ssl=1 1600w, https:\/\/i0.wp.com\/www.atelier-reklama.sk\/blog\/wp-content\/uploads\/2023\/03\/3B.-Z%C3%A1stera-Jal%C5%A1ov%C3%ADk-vy%C5%A1it%C3%A9-kr%C3%AD%C5%BEikmi-p%C3%B4vodn%C3%BD-vlastn%C3%ADk-nezn%C3%A1my-scaled.jpg?w=2400&amp;ssl=1 2400w\" sizes=\"auto, (max-width: 800px) 100vw, 800px\" \/><\/figure>\n\n\n\n<figure class=\"wp-block-image size-large\"><img data-recalc-dims=\"1\" loading=\"lazy\" decoding=\"async\" width=\"800\" height=\"566\" data-attachment-id=\"13249\" data-permalink=\"https:\/\/www.atelier-reklama.sk\/blog\/moj-krekacsky-kroj-a-jeho-prekreslene-vzory-spolu\/3c-zastera-jalsovik-vysite-krizikmi-povodny-vlastnik-neznamy\/\" data-orig-file=\"https:\/\/i0.wp.com\/www.atelier-reklama.sk\/blog\/wp-content\/uploads\/2023\/03\/3C.-Z%C3%A1stera-Jal%C5%A1ov%C3%ADk-vy%C5%A1it%C3%A9-kr%C3%AD%C5%BEikmi-p%C3%B4vodn%C3%BD-vlastn%C3%ADk-nezn%C3%A1my-scaled.jpg?fit=2560%2C1810&amp;ssl=1\" data-orig-size=\"2560,1810\" data-comments-opened=\"1\" data-image-meta=\"{&quot;aperture&quot;:&quot;0&quot;,&quot;credit&quot;:&quot;&quot;,&quot;camera&quot;:&quot;&quot;,&quot;caption&quot;:&quot;&quot;,&quot;created_timestamp&quot;:&quot;0&quot;,&quot;copyright&quot;:&quot;&quot;,&quot;focal_length&quot;:&quot;0&quot;,&quot;iso&quot;:&quot;0&quot;,&quot;shutter_speed&quot;:&quot;0&quot;,&quot;title&quot;:&quot;&quot;,&quot;orientation&quot;:&quot;1&quot;}\" data-image-title=\"3C.-Z\u00e1stera-Jal\u0161ov\u00edk-vy\u0161it\u00e9-kr\u00ed\u017eikmi-p\u00f4vodn\u00fd-vlastn\u00edk-nezn\u00e1my\" data-image-description=\"\" data-image-caption=\"\" data-medium-file=\"https:\/\/i0.wp.com\/www.atelier-reklama.sk\/blog\/wp-content\/uploads\/2023\/03\/3C.-Z%C3%A1stera-Jal%C5%A1ov%C3%ADk-vy%C5%A1it%C3%A9-kr%C3%AD%C5%BEikmi-p%C3%B4vodn%C3%BD-vlastn%C3%ADk-nezn%C3%A1my-scaled.jpg?fit=300%2C212&amp;ssl=1\" data-large-file=\"https:\/\/i0.wp.com\/www.atelier-reklama.sk\/blog\/wp-content\/uploads\/2023\/03\/3C.-Z%C3%A1stera-Jal%C5%A1ov%C3%ADk-vy%C5%A1it%C3%A9-kr%C3%AD%C5%BEikmi-p%C3%B4vodn%C3%BD-vlastn%C3%ADk-nezn%C3%A1my-scaled.jpg?fit=800%2C566&amp;ssl=1\" src=\"https:\/\/i0.wp.com\/www.atelier-reklama.sk\/blog\/wp-content\/uploads\/2023\/03\/3C.-Z%C3%A1stera-Jal%C5%A1ov%C3%ADk-vy%C5%A1it%C3%A9-kr%C3%AD%C5%BEikmi-p%C3%B4vodn%C3%BD-vlastn%C3%ADk-nezn%C3%A1my.jpg?resize=800%2C566&#038;ssl=1\" alt=\"\" class=\"wp-image-13249\" srcset=\"https:\/\/i0.wp.com\/www.atelier-reklama.sk\/blog\/wp-content\/uploads\/2023\/03\/3C.-Z%C3%A1stera-Jal%C5%A1ov%C3%ADk-vy%C5%A1it%C3%A9-kr%C3%AD%C5%BEikmi-p%C3%B4vodn%C3%BD-vlastn%C3%ADk-nezn%C3%A1my-scaled.jpg?resize=1024%2C724&amp;ssl=1 1024w, https:\/\/i0.wp.com\/www.atelier-reklama.sk\/blog\/wp-content\/uploads\/2023\/03\/3C.-Z%C3%A1stera-Jal%C5%A1ov%C3%ADk-vy%C5%A1it%C3%A9-kr%C3%AD%C5%BEikmi-p%C3%B4vodn%C3%BD-vlastn%C3%ADk-nezn%C3%A1my-scaled.jpg?resize=300%2C212&amp;ssl=1 300w, https:\/\/i0.wp.com\/www.atelier-reklama.sk\/blog\/wp-content\/uploads\/2023\/03\/3C.-Z%C3%A1stera-Jal%C5%A1ov%C3%ADk-vy%C5%A1it%C3%A9-kr%C3%AD%C5%BEikmi-p%C3%B4vodn%C3%BD-vlastn%C3%ADk-nezn%C3%A1my-scaled.jpg?resize=768%2C543&amp;ssl=1 768w, https:\/\/i0.wp.com\/www.atelier-reklama.sk\/blog\/wp-content\/uploads\/2023\/03\/3C.-Z%C3%A1stera-Jal%C5%A1ov%C3%ADk-vy%C5%A1it%C3%A9-kr%C3%AD%C5%BEikmi-p%C3%B4vodn%C3%BD-vlastn%C3%ADk-nezn%C3%A1my-scaled.jpg?resize=1536%2C1086&amp;ssl=1 1536w, https:\/\/i0.wp.com\/www.atelier-reklama.sk\/blog\/wp-content\/uploads\/2023\/03\/3C.-Z%C3%A1stera-Jal%C5%A1ov%C3%ADk-vy%C5%A1it%C3%A9-kr%C3%AD%C5%BEikmi-p%C3%B4vodn%C3%BD-vlastn%C3%ADk-nezn%C3%A1my-scaled.jpg?resize=2048%2C1448&amp;ssl=1 2048w, https:\/\/i0.wp.com\/www.atelier-reklama.sk\/blog\/wp-content\/uploads\/2023\/03\/3C.-Z%C3%A1stera-Jal%C5%A1ov%C3%ADk-vy%C5%A1it%C3%A9-kr%C3%AD%C5%BEikmi-p%C3%B4vodn%C3%BD-vlastn%C3%ADk-nezn%C3%A1my-scaled.jpg?w=1600&amp;ssl=1 1600w, https:\/\/i0.wp.com\/www.atelier-reklama.sk\/blog\/wp-content\/uploads\/2023\/03\/3C.-Z%C3%A1stera-Jal%C5%A1ov%C3%ADk-vy%C5%A1it%C3%A9-kr%C3%AD%C5%BEikmi-p%C3%B4vodn%C3%BD-vlastn%C3%ADk-nezn%C3%A1my-scaled.jpg?w=2400&amp;ssl=1 2400w\" sizes=\"auto, (max-width: 800px) 100vw, 800px\" \/><\/figure>\n\n\n\n<figure class=\"wp-block-image size-large\"><img data-recalc-dims=\"1\" loading=\"lazy\" decoding=\"async\" width=\"800\" height=\"448\" data-attachment-id=\"13250\" data-permalink=\"https:\/\/www.atelier-reklama.sk\/blog\/moj-krekacsky-kroj-a-jeho-prekreslene-vzory-spolu\/3d-zastera-jalsovik-vysite-krizikmi-povodny-vlastnik-neznamy\/\" data-orig-file=\"https:\/\/i0.wp.com\/www.atelier-reklama.sk\/blog\/wp-content\/uploads\/2023\/03\/3D.-Z%C3%A1stera-Jal%C5%A1ov%C3%ADk-vy%C5%A1it%C3%A9-kr%C3%AD%C5%BEikmi-p%C3%B4vodn%C3%BD-vlastn%C3%ADk-nezn%C3%A1my-scaled.jpg?fit=2560%2C1433&amp;ssl=1\" data-orig-size=\"2560,1433\" data-comments-opened=\"1\" data-image-meta=\"{&quot;aperture&quot;:&quot;2&quot;,&quot;credit&quot;:&quot;&quot;,&quot;camera&quot;:&quot;SM-A125F&quot;,&quot;caption&quot;:&quot;&quot;,&quot;created_timestamp&quot;:&quot;1678875555&quot;,&quot;copyright&quot;:&quot;&quot;,&quot;focal_length&quot;:&quot;4.6&quot;,&quot;iso&quot;:&quot;160&quot;,&quot;shutter_speed&quot;:&quot;0.03&quot;,&quot;title&quot;:&quot;&quot;,&quot;orientation&quot;:&quot;1&quot;}\" data-image-title=\"3D.-Z\u00e1stera-Jal\u0161ov\u00edk-vy\u0161it\u00e9-kr\u00ed\u017eikmi-p\u00f4vodn\u00fd-vlastn\u00edk-nezn\u00e1my\" data-image-description=\"\" data-image-caption=\"\" data-medium-file=\"https:\/\/i0.wp.com\/www.atelier-reklama.sk\/blog\/wp-content\/uploads\/2023\/03\/3D.-Z%C3%A1stera-Jal%C5%A1ov%C3%ADk-vy%C5%A1it%C3%A9-kr%C3%AD%C5%BEikmi-p%C3%B4vodn%C3%BD-vlastn%C3%ADk-nezn%C3%A1my-scaled.jpg?fit=300%2C168&amp;ssl=1\" data-large-file=\"https:\/\/i0.wp.com\/www.atelier-reklama.sk\/blog\/wp-content\/uploads\/2023\/03\/3D.-Z%C3%A1stera-Jal%C5%A1ov%C3%ADk-vy%C5%A1it%C3%A9-kr%C3%AD%C5%BEikmi-p%C3%B4vodn%C3%BD-vlastn%C3%ADk-nezn%C3%A1my-scaled.jpg?fit=800%2C448&amp;ssl=1\" src=\"https:\/\/i0.wp.com\/www.atelier-reklama.sk\/blog\/wp-content\/uploads\/2023\/03\/3D.-Z%C3%A1stera-Jal%C5%A1ov%C3%ADk-vy%C5%A1it%C3%A9-kr%C3%AD%C5%BEikmi-p%C3%B4vodn%C3%BD-vlastn%C3%ADk-nezn%C3%A1my.jpg?resize=800%2C448&#038;ssl=1\" alt=\"\" class=\"wp-image-13250\" srcset=\"https:\/\/i0.wp.com\/www.atelier-reklama.sk\/blog\/wp-content\/uploads\/2023\/03\/3D.-Z%C3%A1stera-Jal%C5%A1ov%C3%ADk-vy%C5%A1it%C3%A9-kr%C3%AD%C5%BEikmi-p%C3%B4vodn%C3%BD-vlastn%C3%ADk-nezn%C3%A1my-scaled.jpg?resize=1024%2C573&amp;ssl=1 1024w, https:\/\/i0.wp.com\/www.atelier-reklama.sk\/blog\/wp-content\/uploads\/2023\/03\/3D.-Z%C3%A1stera-Jal%C5%A1ov%C3%ADk-vy%C5%A1it%C3%A9-kr%C3%AD%C5%BEikmi-p%C3%B4vodn%C3%BD-vlastn%C3%ADk-nezn%C3%A1my-scaled.jpg?resize=300%2C168&amp;ssl=1 300w, https:\/\/i0.wp.com\/www.atelier-reklama.sk\/blog\/wp-content\/uploads\/2023\/03\/3D.-Z%C3%A1stera-Jal%C5%A1ov%C3%ADk-vy%C5%A1it%C3%A9-kr%C3%AD%C5%BEikmi-p%C3%B4vodn%C3%BD-vlastn%C3%ADk-nezn%C3%A1my-scaled.jpg?resize=768%2C430&amp;ssl=1 768w, https:\/\/i0.wp.com\/www.atelier-reklama.sk\/blog\/wp-content\/uploads\/2023\/03\/3D.-Z%C3%A1stera-Jal%C5%A1ov%C3%ADk-vy%C5%A1it%C3%A9-kr%C3%AD%C5%BEikmi-p%C3%B4vodn%C3%BD-vlastn%C3%ADk-nezn%C3%A1my-scaled.jpg?resize=1536%2C860&amp;ssl=1 1536w, https:\/\/i0.wp.com\/www.atelier-reklama.sk\/blog\/wp-content\/uploads\/2023\/03\/3D.-Z%C3%A1stera-Jal%C5%A1ov%C3%ADk-vy%C5%A1it%C3%A9-kr%C3%AD%C5%BEikmi-p%C3%B4vodn%C3%BD-vlastn%C3%ADk-nezn%C3%A1my-scaled.jpg?resize=2048%2C1147&amp;ssl=1 2048w, https:\/\/i0.wp.com\/www.atelier-reklama.sk\/blog\/wp-content\/uploads\/2023\/03\/3D.-Z%C3%A1stera-Jal%C5%A1ov%C3%ADk-vy%C5%A1it%C3%A9-kr%C3%AD%C5%BEikmi-p%C3%B4vodn%C3%BD-vlastn%C3%ADk-nezn%C3%A1my-scaled.jpg?w=1600&amp;ssl=1 1600w, https:\/\/i0.wp.com\/www.atelier-reklama.sk\/blog\/wp-content\/uploads\/2023\/03\/3D.-Z%C3%A1stera-Jal%C5%A1ov%C3%ADk-vy%C5%A1it%C3%A9-kr%C3%AD%C5%BEikmi-p%C3%B4vodn%C3%BD-vlastn%C3%ADk-nezn%C3%A1my-scaled.jpg?w=2400&amp;ssl=1 2400w\" sizes=\"auto, (max-width: 800px) 100vw, 800px\" \/><\/figure>\n\n\n\n<figure class=\"wp-block-image size-large\"><img data-recalc-dims=\"1\" loading=\"lazy\" decoding=\"async\" width=\"800\" height=\"1023\" data-attachment-id=\"13251\" data-permalink=\"https:\/\/www.atelier-reklama.sk\/blog\/moj-krekacsky-kroj-a-jeho-prekreslene-vzory-spolu\/3e-zastera-jalsovik-vysite-krizikmi-povodny-vlastnik-neznamy\/\" data-orig-file=\"https:\/\/i0.wp.com\/www.atelier-reklama.sk\/blog\/wp-content\/uploads\/2023\/03\/3E.-Z%C3%A1stera-Jal%C5%A1ov%C3%ADk-vy%C5%A1it%C3%A9-kr%C3%AD%C5%BEikmi-p%C3%B4vodn%C3%BD-vlastn%C3%ADk-nezn%C3%A1my.jpg?fit=801%2C1024&amp;ssl=1\" data-orig-size=\"801,1024\" data-comments-opened=\"1\" data-image-meta=\"{&quot;aperture&quot;:&quot;0&quot;,&quot;credit&quot;:&quot;&quot;,&quot;camera&quot;:&quot;&quot;,&quot;caption&quot;:&quot;&quot;,&quot;created_timestamp&quot;:&quot;0&quot;,&quot;copyright&quot;:&quot;&quot;,&quot;focal_length&quot;:&quot;0&quot;,&quot;iso&quot;:&quot;0&quot;,&quot;shutter_speed&quot;:&quot;0&quot;,&quot;title&quot;:&quot;&quot;,&quot;orientation&quot;:&quot;0&quot;}\" data-image-title=\"3E.-Z\u00e1stera-Jal\u0161ov\u00edk-vy\u0161it\u00e9-kr\u00ed\u017eikmi-p\u00f4vodn\u00fd-vlastn\u00edk-nezn\u00e1my\" data-image-description=\"\" data-image-caption=\"\" data-medium-file=\"https:\/\/i0.wp.com\/www.atelier-reklama.sk\/blog\/wp-content\/uploads\/2023\/03\/3E.-Z%C3%A1stera-Jal%C5%A1ov%C3%ADk-vy%C5%A1it%C3%A9-kr%C3%AD%C5%BEikmi-p%C3%B4vodn%C3%BD-vlastn%C3%ADk-nezn%C3%A1my.jpg?fit=235%2C300&amp;ssl=1\" data-large-file=\"https:\/\/i0.wp.com\/www.atelier-reklama.sk\/blog\/wp-content\/uploads\/2023\/03\/3E.-Z%C3%A1stera-Jal%C5%A1ov%C3%ADk-vy%C5%A1it%C3%A9-kr%C3%AD%C5%BEikmi-p%C3%B4vodn%C3%BD-vlastn%C3%ADk-nezn%C3%A1my.jpg?fit=800%2C1023&amp;ssl=1\" src=\"https:\/\/i0.wp.com\/www.atelier-reklama.sk\/blog\/wp-content\/uploads\/2023\/03\/3E.-Z%C3%A1stera-Jal%C5%A1ov%C3%ADk-vy%C5%A1it%C3%A9-kr%C3%AD%C5%BEikmi-p%C3%B4vodn%C3%BD-vlastn%C3%ADk-nezn%C3%A1my.jpg?resize=800%2C1023&#038;ssl=1\" alt=\"\" class=\"wp-image-13251\" srcset=\"https:\/\/i0.wp.com\/www.atelier-reklama.sk\/blog\/wp-content\/uploads\/2023\/03\/3E.-Z%C3%A1stera-Jal%C5%A1ov%C3%ADk-vy%C5%A1it%C3%A9-kr%C3%AD%C5%BEikmi-p%C3%B4vodn%C3%BD-vlastn%C3%ADk-nezn%C3%A1my.jpg?w=801&amp;ssl=1 801w, https:\/\/i0.wp.com\/www.atelier-reklama.sk\/blog\/wp-content\/uploads\/2023\/03\/3E.-Z%C3%A1stera-Jal%C5%A1ov%C3%ADk-vy%C5%A1it%C3%A9-kr%C3%AD%C5%BEikmi-p%C3%B4vodn%C3%BD-vlastn%C3%ADk-nezn%C3%A1my.jpg?resize=235%2C300&amp;ssl=1 235w, https:\/\/i0.wp.com\/www.atelier-reklama.sk\/blog\/wp-content\/uploads\/2023\/03\/3E.-Z%C3%A1stera-Jal%C5%A1ov%C3%ADk-vy%C5%A1it%C3%A9-kr%C3%AD%C5%BEikmi-p%C3%B4vodn%C3%BD-vlastn%C3%ADk-nezn%C3%A1my.jpg?resize=768%2C982&amp;ssl=1 768w\" sizes=\"auto, (max-width: 800px) 100vw, 800px\" \/><\/figure>\n\n\n\n<figure class=\"wp-block-image size-large\"><img data-recalc-dims=\"1\" loading=\"lazy\" decoding=\"async\" width=\"800\" height=\"733\" data-attachment-id=\"13252\" data-permalink=\"https:\/\/www.atelier-reklama.sk\/blog\/moj-krekacsky-kroj-a-jeho-prekreslene-vzory-spolu\/3f-zastera-jalsovik-vysite-krizikmi-povodny-vlastnik-neznamy\/\" data-orig-file=\"https:\/\/i0.wp.com\/www.atelier-reklama.sk\/blog\/wp-content\/uploads\/2023\/03\/3F.-Z%C3%A1stera-Jal%C5%A1ov%C3%ADk-vy%C5%A1it%C3%A9-kr%C3%AD%C5%BEikmi-p%C3%B4vodn%C3%BD-vlastn%C3%ADk-nezn%C3%A1my.jpg?fit=1024%2C938&amp;ssl=1\" data-orig-size=\"1024,938\" data-comments-opened=\"1\" data-image-meta=\"{&quot;aperture&quot;:&quot;0&quot;,&quot;credit&quot;:&quot;&quot;,&quot;camera&quot;:&quot;&quot;,&quot;caption&quot;:&quot;&quot;,&quot;created_timestamp&quot;:&quot;0&quot;,&quot;copyright&quot;:&quot;&quot;,&quot;focal_length&quot;:&quot;0&quot;,&quot;iso&quot;:&quot;0&quot;,&quot;shutter_speed&quot;:&quot;0&quot;,&quot;title&quot;:&quot;&quot;,&quot;orientation&quot;:&quot;0&quot;}\" data-image-title=\"3F.-Z\u00e1stera-Jal\u0161ov\u00edk-vy\u0161it\u00e9-kr\u00ed\u017eikmi-p\u00f4vodn\u00fd-vlastn\u00edk-nezn\u00e1my\" data-image-description=\"\" data-image-caption=\"\" data-medium-file=\"https:\/\/i0.wp.com\/www.atelier-reklama.sk\/blog\/wp-content\/uploads\/2023\/03\/3F.-Z%C3%A1stera-Jal%C5%A1ov%C3%ADk-vy%C5%A1it%C3%A9-kr%C3%AD%C5%BEikmi-p%C3%B4vodn%C3%BD-vlastn%C3%ADk-nezn%C3%A1my.jpg?fit=300%2C275&amp;ssl=1\" data-large-file=\"https:\/\/i0.wp.com\/www.atelier-reklama.sk\/blog\/wp-content\/uploads\/2023\/03\/3F.-Z%C3%A1stera-Jal%C5%A1ov%C3%ADk-vy%C5%A1it%C3%A9-kr%C3%AD%C5%BEikmi-p%C3%B4vodn%C3%BD-vlastn%C3%ADk-nezn%C3%A1my.jpg?fit=800%2C733&amp;ssl=1\" src=\"https:\/\/i0.wp.com\/www.atelier-reklama.sk\/blog\/wp-content\/uploads\/2023\/03\/3F.-Z%C3%A1stera-Jal%C5%A1ov%C3%ADk-vy%C5%A1it%C3%A9-kr%C3%AD%C5%BEikmi-p%C3%B4vodn%C3%BD-vlastn%C3%ADk-nezn%C3%A1my.jpg?resize=800%2C733&#038;ssl=1\" alt=\"\" class=\"wp-image-13252\" srcset=\"https:\/\/i0.wp.com\/www.atelier-reklama.sk\/blog\/wp-content\/uploads\/2023\/03\/3F.-Z%C3%A1stera-Jal%C5%A1ov%C3%ADk-vy%C5%A1it%C3%A9-kr%C3%AD%C5%BEikmi-p%C3%B4vodn%C3%BD-vlastn%C3%ADk-nezn%C3%A1my.jpg?w=1024&amp;ssl=1 1024w, https:\/\/i0.wp.com\/www.atelier-reklama.sk\/blog\/wp-content\/uploads\/2023\/03\/3F.-Z%C3%A1stera-Jal%C5%A1ov%C3%ADk-vy%C5%A1it%C3%A9-kr%C3%AD%C5%BEikmi-p%C3%B4vodn%C3%BD-vlastn%C3%ADk-nezn%C3%A1my.jpg?resize=300%2C275&amp;ssl=1 300w, https:\/\/i0.wp.com\/www.atelier-reklama.sk\/blog\/wp-content\/uploads\/2023\/03\/3F.-Z%C3%A1stera-Jal%C5%A1ov%C3%ADk-vy%C5%A1it%C3%A9-kr%C3%AD%C5%BEikmi-p%C3%B4vodn%C3%BD-vlastn%C3%ADk-nezn%C3%A1my.jpg?resize=768%2C704&amp;ssl=1 768w\" sizes=\"auto, (max-width: 800px) 100vw, 800px\" \/><\/figure>\n\n\n\n<p>4. Z\u00e1stera, Litava, za\u010d. 20. stor. vy\u0161it\u00e9 kr\u00ed\u017eikmi, p\u00f4vodn\u00fd vlastn\u00edk nezn\u00e1my<\/p>\n\n\n\n<figure class=\"wp-block-image size-large\"><img data-recalc-dims=\"1\" loading=\"lazy\" decoding=\"async\" width=\"800\" height=\"726\" data-attachment-id=\"13253\" data-permalink=\"https:\/\/www.atelier-reklama.sk\/blog\/moj-krekacsky-kroj-a-jeho-prekreslene-vzory-spolu\/4-zastera-litava-zac-20-stor-vysite-krizikmi-povodny-vlastnik-neznamy\/\" data-orig-file=\"https:\/\/i0.wp.com\/www.atelier-reklama.sk\/blog\/wp-content\/uploads\/2023\/03\/4-Z%C3%A1stera-Litava-za%C4%8D.-20.-stor.-vy%C5%A1it%C3%A9-kr%C3%AD%C5%BEikmi-p%C3%B4vodn%C3%BD-vlastn%C3%ADk-nezn%C3%A1my-scaled.jpg?fit=2560%2C2322&amp;ssl=1\" data-orig-size=\"2560,2322\" data-comments-opened=\"1\" data-image-meta=\"{&quot;aperture&quot;:&quot;2&quot;,&quot;credit&quot;:&quot;&quot;,&quot;camera&quot;:&quot;SM-A125F&quot;,&quot;caption&quot;:&quot;&quot;,&quot;created_timestamp&quot;:&quot;1678873232&quot;,&quot;copyright&quot;:&quot;&quot;,&quot;focal_length&quot;:&quot;4.6&quot;,&quot;iso&quot;:&quot;250&quot;,&quot;shutter_speed&quot;:&quot;0.03&quot;,&quot;title&quot;:&quot;&quot;,&quot;orientation&quot;:&quot;1&quot;}\" data-image-title=\"4-Z\u00e1stera-Litava-za\u010d.-20.-stor.-vy\u0161it\u00e9-kr\u00ed\u017eikmi-p\u00f4vodn\u00fd-vlastn\u00edk-nezn\u00e1my\" data-image-description=\"\" data-image-caption=\"\" data-medium-file=\"https:\/\/i0.wp.com\/www.atelier-reklama.sk\/blog\/wp-content\/uploads\/2023\/03\/4-Z%C3%A1stera-Litava-za%C4%8D.-20.-stor.-vy%C5%A1it%C3%A9-kr%C3%AD%C5%BEikmi-p%C3%B4vodn%C3%BD-vlastn%C3%ADk-nezn%C3%A1my-scaled.jpg?fit=300%2C272&amp;ssl=1\" data-large-file=\"https:\/\/i0.wp.com\/www.atelier-reklama.sk\/blog\/wp-content\/uploads\/2023\/03\/4-Z%C3%A1stera-Litava-za%C4%8D.-20.-stor.-vy%C5%A1it%C3%A9-kr%C3%AD%C5%BEikmi-p%C3%B4vodn%C3%BD-vlastn%C3%ADk-nezn%C3%A1my-scaled.jpg?fit=800%2C726&amp;ssl=1\" src=\"https:\/\/i0.wp.com\/www.atelier-reklama.sk\/blog\/wp-content\/uploads\/2023\/03\/4-Z%C3%A1stera-Litava-za%C4%8D.-20.-stor.-vy%C5%A1it%C3%A9-kr%C3%AD%C5%BEikmi-p%C3%B4vodn%C3%BD-vlastn%C3%ADk-nezn%C3%A1my.jpg?resize=800%2C726&#038;ssl=1\" alt=\"\" class=\"wp-image-13253\" srcset=\"https:\/\/i0.wp.com\/www.atelier-reklama.sk\/blog\/wp-content\/uploads\/2023\/03\/4-Z%C3%A1stera-Litava-za%C4%8D.-20.-stor.-vy%C5%A1it%C3%A9-kr%C3%AD%C5%BEikmi-p%C3%B4vodn%C3%BD-vlastn%C3%ADk-nezn%C3%A1my-scaled.jpg?resize=1024%2C929&amp;ssl=1 1024w, https:\/\/i0.wp.com\/www.atelier-reklama.sk\/blog\/wp-content\/uploads\/2023\/03\/4-Z%C3%A1stera-Litava-za%C4%8D.-20.-stor.-vy%C5%A1it%C3%A9-kr%C3%AD%C5%BEikmi-p%C3%B4vodn%C3%BD-vlastn%C3%ADk-nezn%C3%A1my-scaled.jpg?resize=300%2C272&amp;ssl=1 300w, https:\/\/i0.wp.com\/www.atelier-reklama.sk\/blog\/wp-content\/uploads\/2023\/03\/4-Z%C3%A1stera-Litava-za%C4%8D.-20.-stor.-vy%C5%A1it%C3%A9-kr%C3%AD%C5%BEikmi-p%C3%B4vodn%C3%BD-vlastn%C3%ADk-nezn%C3%A1my-scaled.jpg?resize=768%2C696&amp;ssl=1 768w, https:\/\/i0.wp.com\/www.atelier-reklama.sk\/blog\/wp-content\/uploads\/2023\/03\/4-Z%C3%A1stera-Litava-za%C4%8D.-20.-stor.-vy%C5%A1it%C3%A9-kr%C3%AD%C5%BEikmi-p%C3%B4vodn%C3%BD-vlastn%C3%ADk-nezn%C3%A1my-scaled.jpg?resize=1536%2C1393&amp;ssl=1 1536w, https:\/\/i0.wp.com\/www.atelier-reklama.sk\/blog\/wp-content\/uploads\/2023\/03\/4-Z%C3%A1stera-Litava-za%C4%8D.-20.-stor.-vy%C5%A1it%C3%A9-kr%C3%AD%C5%BEikmi-p%C3%B4vodn%C3%BD-vlastn%C3%ADk-nezn%C3%A1my-scaled.jpg?resize=2048%2C1857&amp;ssl=1 2048w, https:\/\/i0.wp.com\/www.atelier-reklama.sk\/blog\/wp-content\/uploads\/2023\/03\/4-Z%C3%A1stera-Litava-za%C4%8D.-20.-stor.-vy%C5%A1it%C3%A9-kr%C3%AD%C5%BEikmi-p%C3%B4vodn%C3%BD-vlastn%C3%ADk-nezn%C3%A1my-scaled.jpg?w=1600&amp;ssl=1 1600w, https:\/\/i0.wp.com\/www.atelier-reklama.sk\/blog\/wp-content\/uploads\/2023\/03\/4-Z%C3%A1stera-Litava-za%C4%8D.-20.-stor.-vy%C5%A1it%C3%A9-kr%C3%AD%C5%BEikmi-p%C3%B4vodn%C3%BD-vlastn%C3%ADk-nezn%C3%A1my-scaled.jpg?w=2400&amp;ssl=1 2400w\" sizes=\"auto, (max-width: 800px) 100vw, 800px\" \/><\/figure>\n\n\n\n<figure class=\"wp-block-image size-large\"><img data-recalc-dims=\"1\" loading=\"lazy\" decoding=\"async\" width=\"800\" height=\"566\" data-attachment-id=\"13254\" data-permalink=\"https:\/\/www.atelier-reklama.sk\/blog\/moj-krekacsky-kroj-a-jeho-prekreslene-vzory-spolu\/4a-zastera-litava-zac-20-stor-vysite-krizikmi-povodny-vlastnik-neznamy\/\" data-orig-file=\"https:\/\/i0.wp.com\/www.atelier-reklama.sk\/blog\/wp-content\/uploads\/2023\/03\/4A-Z%C3%A1stera-Litava-za%C4%8D.-20.-stor.-vy%C5%A1it%C3%A9-kr%C3%AD%C5%BEikmi-p%C3%B4vodn%C3%BD-vlastn%C3%ADk-nezn%C3%A1my-scaled.jpg?fit=2560%2C1810&amp;ssl=1\" data-orig-size=\"2560,1810\" data-comments-opened=\"1\" data-image-meta=\"{&quot;aperture&quot;:&quot;0&quot;,&quot;credit&quot;:&quot;&quot;,&quot;camera&quot;:&quot;&quot;,&quot;caption&quot;:&quot;&quot;,&quot;created_timestamp&quot;:&quot;0&quot;,&quot;copyright&quot;:&quot;&quot;,&quot;focal_length&quot;:&quot;0&quot;,&quot;iso&quot;:&quot;0&quot;,&quot;shutter_speed&quot;:&quot;0&quot;,&quot;title&quot;:&quot;&quot;,&quot;orientation&quot;:&quot;0&quot;}\" data-image-title=\"4A-Z\u00e1stera-Litava-za\u010d.-20.-stor.-vy\u0161it\u00e9-kr\u00ed\u017eikmi-p\u00f4vodn\u00fd-vlastn\u00edk-nezn\u00e1my\" data-image-description=\"\" data-image-caption=\"\" data-medium-file=\"https:\/\/i0.wp.com\/www.atelier-reklama.sk\/blog\/wp-content\/uploads\/2023\/03\/4A-Z%C3%A1stera-Litava-za%C4%8D.-20.-stor.-vy%C5%A1it%C3%A9-kr%C3%AD%C5%BEikmi-p%C3%B4vodn%C3%BD-vlastn%C3%ADk-nezn%C3%A1my-scaled.jpg?fit=300%2C212&amp;ssl=1\" data-large-file=\"https:\/\/i0.wp.com\/www.atelier-reklama.sk\/blog\/wp-content\/uploads\/2023\/03\/4A-Z%C3%A1stera-Litava-za%C4%8D.-20.-stor.-vy%C5%A1it%C3%A9-kr%C3%AD%C5%BEikmi-p%C3%B4vodn%C3%BD-vlastn%C3%ADk-nezn%C3%A1my-scaled.jpg?fit=800%2C566&amp;ssl=1\" src=\"https:\/\/i0.wp.com\/www.atelier-reklama.sk\/blog\/wp-content\/uploads\/2023\/03\/4A-Z%C3%A1stera-Litava-za%C4%8D.-20.-stor.-vy%C5%A1it%C3%A9-kr%C3%AD%C5%BEikmi-p%C3%B4vodn%C3%BD-vlastn%C3%ADk-nezn%C3%A1my.jpg?resize=800%2C566&#038;ssl=1\" alt=\"\" class=\"wp-image-13254\" srcset=\"https:\/\/i0.wp.com\/www.atelier-reklama.sk\/blog\/wp-content\/uploads\/2023\/03\/4A-Z%C3%A1stera-Litava-za%C4%8D.-20.-stor.-vy%C5%A1it%C3%A9-kr%C3%AD%C5%BEikmi-p%C3%B4vodn%C3%BD-vlastn%C3%ADk-nezn%C3%A1my-scaled.jpg?resize=1024%2C724&amp;ssl=1 1024w, https:\/\/i0.wp.com\/www.atelier-reklama.sk\/blog\/wp-content\/uploads\/2023\/03\/4A-Z%C3%A1stera-Litava-za%C4%8D.-20.-stor.-vy%C5%A1it%C3%A9-kr%C3%AD%C5%BEikmi-p%C3%B4vodn%C3%BD-vlastn%C3%ADk-nezn%C3%A1my-scaled.jpg?resize=300%2C212&amp;ssl=1 300w, https:\/\/i0.wp.com\/www.atelier-reklama.sk\/blog\/wp-content\/uploads\/2023\/03\/4A-Z%C3%A1stera-Litava-za%C4%8D.-20.-stor.-vy%C5%A1it%C3%A9-kr%C3%AD%C5%BEikmi-p%C3%B4vodn%C3%BD-vlastn%C3%ADk-nezn%C3%A1my-scaled.jpg?resize=768%2C543&amp;ssl=1 768w, https:\/\/i0.wp.com\/www.atelier-reklama.sk\/blog\/wp-content\/uploads\/2023\/03\/4A-Z%C3%A1stera-Litava-za%C4%8D.-20.-stor.-vy%C5%A1it%C3%A9-kr%C3%AD%C5%BEikmi-p%C3%B4vodn%C3%BD-vlastn%C3%ADk-nezn%C3%A1my-scaled.jpg?resize=1536%2C1086&amp;ssl=1 1536w, https:\/\/i0.wp.com\/www.atelier-reklama.sk\/blog\/wp-content\/uploads\/2023\/03\/4A-Z%C3%A1stera-Litava-za%C4%8D.-20.-stor.-vy%C5%A1it%C3%A9-kr%C3%AD%C5%BEikmi-p%C3%B4vodn%C3%BD-vlastn%C3%ADk-nezn%C3%A1my-scaled.jpg?resize=2048%2C1448&amp;ssl=1 2048w, https:\/\/i0.wp.com\/www.atelier-reklama.sk\/blog\/wp-content\/uploads\/2023\/03\/4A-Z%C3%A1stera-Litava-za%C4%8D.-20.-stor.-vy%C5%A1it%C3%A9-kr%C3%AD%C5%BEikmi-p%C3%B4vodn%C3%BD-vlastn%C3%ADk-nezn%C3%A1my-scaled.jpg?w=1600&amp;ssl=1 1600w, https:\/\/i0.wp.com\/www.atelier-reklama.sk\/blog\/wp-content\/uploads\/2023\/03\/4A-Z%C3%A1stera-Litava-za%C4%8D.-20.-stor.-vy%C5%A1it%C3%A9-kr%C3%AD%C5%BEikmi-p%C3%B4vodn%C3%BD-vlastn%C3%ADk-nezn%C3%A1my-scaled.jpg?w=2400&amp;ssl=1 2400w\" sizes=\"auto, (max-width: 800px) 100vw, 800px\" \/><\/figure>\n\n\n\n<figure class=\"wp-block-image size-large\"><img data-recalc-dims=\"1\" loading=\"lazy\" decoding=\"async\" width=\"800\" height=\"566\" data-attachment-id=\"13255\" data-permalink=\"https:\/\/www.atelier-reklama.sk\/blog\/moj-krekacsky-kroj-a-jeho-prekreslene-vzory-spolu\/4b-zastera-litava-zac-20-stor-vysite-krizikmi-povodny-vlastnik-neznamy\/\" data-orig-file=\"https:\/\/i0.wp.com\/www.atelier-reklama.sk\/blog\/wp-content\/uploads\/2023\/03\/4B-Z%C3%A1stera-Litava-za%C4%8D.-20.-stor.-vy%C5%A1it%C3%A9-kr%C3%AD%C5%BEikmi-p%C3%B4vodn%C3%BD-vlastn%C3%ADk-nezn%C3%A1my-scaled.jpg?fit=2560%2C1810&amp;ssl=1\" data-orig-size=\"2560,1810\" data-comments-opened=\"1\" data-image-meta=\"{&quot;aperture&quot;:&quot;0&quot;,&quot;credit&quot;:&quot;&quot;,&quot;camera&quot;:&quot;&quot;,&quot;caption&quot;:&quot;&quot;,&quot;created_timestamp&quot;:&quot;0&quot;,&quot;copyright&quot;:&quot;&quot;,&quot;focal_length&quot;:&quot;0&quot;,&quot;iso&quot;:&quot;0&quot;,&quot;shutter_speed&quot;:&quot;0&quot;,&quot;title&quot;:&quot;&quot;,&quot;orientation&quot;:&quot;0&quot;}\" data-image-title=\"4B-Z\u00e1stera-Litava-za\u010d.-20.-stor.-vy\u0161it\u00e9-kr\u00ed\u017eikmi-p\u00f4vodn\u00fd-vlastn\u00edk-nezn\u00e1my\" data-image-description=\"\" data-image-caption=\"\" data-medium-file=\"https:\/\/i0.wp.com\/www.atelier-reklama.sk\/blog\/wp-content\/uploads\/2023\/03\/4B-Z%C3%A1stera-Litava-za%C4%8D.-20.-stor.-vy%C5%A1it%C3%A9-kr%C3%AD%C5%BEikmi-p%C3%B4vodn%C3%BD-vlastn%C3%ADk-nezn%C3%A1my-scaled.jpg?fit=300%2C212&amp;ssl=1\" data-large-file=\"https:\/\/i0.wp.com\/www.atelier-reklama.sk\/blog\/wp-content\/uploads\/2023\/03\/4B-Z%C3%A1stera-Litava-za%C4%8D.-20.-stor.-vy%C5%A1it%C3%A9-kr%C3%AD%C5%BEikmi-p%C3%B4vodn%C3%BD-vlastn%C3%ADk-nezn%C3%A1my-scaled.jpg?fit=800%2C566&amp;ssl=1\" src=\"https:\/\/i0.wp.com\/www.atelier-reklama.sk\/blog\/wp-content\/uploads\/2023\/03\/4B-Z%C3%A1stera-Litava-za%C4%8D.-20.-stor.-vy%C5%A1it%C3%A9-kr%C3%AD%C5%BEikmi-p%C3%B4vodn%C3%BD-vlastn%C3%ADk-nezn%C3%A1my.jpg?resize=800%2C566&#038;ssl=1\" alt=\"\" class=\"wp-image-13255\" srcset=\"https:\/\/i0.wp.com\/www.atelier-reklama.sk\/blog\/wp-content\/uploads\/2023\/03\/4B-Z%C3%A1stera-Litava-za%C4%8D.-20.-stor.-vy%C5%A1it%C3%A9-kr%C3%AD%C5%BEikmi-p%C3%B4vodn%C3%BD-vlastn%C3%ADk-nezn%C3%A1my-scaled.jpg?resize=1024%2C724&amp;ssl=1 1024w, https:\/\/i0.wp.com\/www.atelier-reklama.sk\/blog\/wp-content\/uploads\/2023\/03\/4B-Z%C3%A1stera-Litava-za%C4%8D.-20.-stor.-vy%C5%A1it%C3%A9-kr%C3%AD%C5%BEikmi-p%C3%B4vodn%C3%BD-vlastn%C3%ADk-nezn%C3%A1my-scaled.jpg?resize=300%2C212&amp;ssl=1 300w, https:\/\/i0.wp.com\/www.atelier-reklama.sk\/blog\/wp-content\/uploads\/2023\/03\/4B-Z%C3%A1stera-Litava-za%C4%8D.-20.-stor.-vy%C5%A1it%C3%A9-kr%C3%AD%C5%BEikmi-p%C3%B4vodn%C3%BD-vlastn%C3%ADk-nezn%C3%A1my-scaled.jpg?resize=768%2C543&amp;ssl=1 768w, https:\/\/i0.wp.com\/www.atelier-reklama.sk\/blog\/wp-content\/uploads\/2023\/03\/4B-Z%C3%A1stera-Litava-za%C4%8D.-20.-stor.-vy%C5%A1it%C3%A9-kr%C3%AD%C5%BEikmi-p%C3%B4vodn%C3%BD-vlastn%C3%ADk-nezn%C3%A1my-scaled.jpg?resize=1536%2C1086&amp;ssl=1 1536w, https:\/\/i0.wp.com\/www.atelier-reklama.sk\/blog\/wp-content\/uploads\/2023\/03\/4B-Z%C3%A1stera-Litava-za%C4%8D.-20.-stor.-vy%C5%A1it%C3%A9-kr%C3%AD%C5%BEikmi-p%C3%B4vodn%C3%BD-vlastn%C3%ADk-nezn%C3%A1my-scaled.jpg?resize=2048%2C1448&amp;ssl=1 2048w, https:\/\/i0.wp.com\/www.atelier-reklama.sk\/blog\/wp-content\/uploads\/2023\/03\/4B-Z%C3%A1stera-Litava-za%C4%8D.-20.-stor.-vy%C5%A1it%C3%A9-kr%C3%AD%C5%BEikmi-p%C3%B4vodn%C3%BD-vlastn%C3%ADk-nezn%C3%A1my-scaled.jpg?w=1600&amp;ssl=1 1600w, https:\/\/i0.wp.com\/www.atelier-reklama.sk\/blog\/wp-content\/uploads\/2023\/03\/4B-Z%C3%A1stera-Litava-za%C4%8D.-20.-stor.-vy%C5%A1it%C3%A9-kr%C3%AD%C5%BEikmi-p%C3%B4vodn%C3%BD-vlastn%C3%ADk-nezn%C3%A1my-scaled.jpg?w=2400&amp;ssl=1 2400w\" sizes=\"auto, (max-width: 800px) 100vw, 800px\" \/><\/figure>\n\n\n\n<figure class=\"wp-block-image size-large\"><img data-recalc-dims=\"1\" loading=\"lazy\" decoding=\"async\" width=\"800\" height=\"600\" data-attachment-id=\"13256\" data-permalink=\"https:\/\/www.atelier-reklama.sk\/blog\/moj-krekacsky-kroj-a-jeho-prekreslene-vzory-spolu\/4c-zastera-litava-zac-20-stor-vysite-krizikmi-povodny-vlastnik-neznamy\/\" data-orig-file=\"https:\/\/i0.wp.com\/www.atelier-reklama.sk\/blog\/wp-content\/uploads\/2023\/03\/4C.-Z%C3%A1stera-Litava-za%C4%8D.-20.-stor.-vy%C5%A1it%C3%A9-kr%C3%AD%C5%BEikmi-p%C3%B4vodn%C3%BD-vlastn%C3%ADk-nezn%C3%A1my-scaled.jpg?fit=2560%2C1920&amp;ssl=1\" data-orig-size=\"2560,1920\" data-comments-opened=\"1\" data-image-meta=\"{&quot;aperture&quot;:&quot;2&quot;,&quot;credit&quot;:&quot;&quot;,&quot;camera&quot;:&quot;SM-A125F&quot;,&quot;caption&quot;:&quot;&quot;,&quot;created_timestamp&quot;:&quot;1678873242&quot;,&quot;copyright&quot;:&quot;&quot;,&quot;focal_length&quot;:&quot;4.6&quot;,&quot;iso&quot;:&quot;200&quot;,&quot;shutter_speed&quot;:&quot;0.030002&quot;,&quot;title&quot;:&quot;&quot;,&quot;orientation&quot;:&quot;1&quot;}\" data-image-title=\"4C.-Z\u00e1stera-Litava-za\u010d.-20.-stor.-vy\u0161it\u00e9-kr\u00ed\u017eikmi-p\u00f4vodn\u00fd-vlastn\u00edk-nezn\u00e1my\" data-image-description=\"\" data-image-caption=\"\" data-medium-file=\"https:\/\/i0.wp.com\/www.atelier-reklama.sk\/blog\/wp-content\/uploads\/2023\/03\/4C.-Z%C3%A1stera-Litava-za%C4%8D.-20.-stor.-vy%C5%A1it%C3%A9-kr%C3%AD%C5%BEikmi-p%C3%B4vodn%C3%BD-vlastn%C3%ADk-nezn%C3%A1my-scaled.jpg?fit=300%2C225&amp;ssl=1\" data-large-file=\"https:\/\/i0.wp.com\/www.atelier-reklama.sk\/blog\/wp-content\/uploads\/2023\/03\/4C.-Z%C3%A1stera-Litava-za%C4%8D.-20.-stor.-vy%C5%A1it%C3%A9-kr%C3%AD%C5%BEikmi-p%C3%B4vodn%C3%BD-vlastn%C3%ADk-nezn%C3%A1my-scaled.jpg?fit=800%2C600&amp;ssl=1\" src=\"https:\/\/i0.wp.com\/www.atelier-reklama.sk\/blog\/wp-content\/uploads\/2023\/03\/4C.-Z%C3%A1stera-Litava-za%C4%8D.-20.-stor.-vy%C5%A1it%C3%A9-kr%C3%AD%C5%BEikmi-p%C3%B4vodn%C3%BD-vlastn%C3%ADk-nezn%C3%A1my.jpg?resize=800%2C600&#038;ssl=1\" alt=\"\" class=\"wp-image-13256\" srcset=\"https:\/\/i0.wp.com\/www.atelier-reklama.sk\/blog\/wp-content\/uploads\/2023\/03\/4C.-Z%C3%A1stera-Litava-za%C4%8D.-20.-stor.-vy%C5%A1it%C3%A9-kr%C3%AD%C5%BEikmi-p%C3%B4vodn%C3%BD-vlastn%C3%ADk-nezn%C3%A1my-scaled.jpg?resize=1024%2C768&amp;ssl=1 1024w, https:\/\/i0.wp.com\/www.atelier-reklama.sk\/blog\/wp-content\/uploads\/2023\/03\/4C.-Z%C3%A1stera-Litava-za%C4%8D.-20.-stor.-vy%C5%A1it%C3%A9-kr%C3%AD%C5%BEikmi-p%C3%B4vodn%C3%BD-vlastn%C3%ADk-nezn%C3%A1my-scaled.jpg?resize=300%2C225&amp;ssl=1 300w, https:\/\/i0.wp.com\/www.atelier-reklama.sk\/blog\/wp-content\/uploads\/2023\/03\/4C.-Z%C3%A1stera-Litava-za%C4%8D.-20.-stor.-vy%C5%A1it%C3%A9-kr%C3%AD%C5%BEikmi-p%C3%B4vodn%C3%BD-vlastn%C3%ADk-nezn%C3%A1my-scaled.jpg?resize=768%2C576&amp;ssl=1 768w, https:\/\/i0.wp.com\/www.atelier-reklama.sk\/blog\/wp-content\/uploads\/2023\/03\/4C.-Z%C3%A1stera-Litava-za%C4%8D.-20.-stor.-vy%C5%A1it%C3%A9-kr%C3%AD%C5%BEikmi-p%C3%B4vodn%C3%BD-vlastn%C3%ADk-nezn%C3%A1my-scaled.jpg?resize=1536%2C1152&amp;ssl=1 1536w, https:\/\/i0.wp.com\/www.atelier-reklama.sk\/blog\/wp-content\/uploads\/2023\/03\/4C.-Z%C3%A1stera-Litava-za%C4%8D.-20.-stor.-vy%C5%A1it%C3%A9-kr%C3%AD%C5%BEikmi-p%C3%B4vodn%C3%BD-vlastn%C3%ADk-nezn%C3%A1my-scaled.jpg?resize=2048%2C1536&amp;ssl=1 2048w, https:\/\/i0.wp.com\/www.atelier-reklama.sk\/blog\/wp-content\/uploads\/2023\/03\/4C.-Z%C3%A1stera-Litava-za%C4%8D.-20.-stor.-vy%C5%A1it%C3%A9-kr%C3%AD%C5%BEikmi-p%C3%B4vodn%C3%BD-vlastn%C3%ADk-nezn%C3%A1my-scaled.jpg?w=1600&amp;ssl=1 1600w, https:\/\/i0.wp.com\/www.atelier-reklama.sk\/blog\/wp-content\/uploads\/2023\/03\/4C.-Z%C3%A1stera-Litava-za%C4%8D.-20.-stor.-vy%C5%A1it%C3%A9-kr%C3%AD%C5%BEikmi-p%C3%B4vodn%C3%BD-vlastn%C3%ADk-nezn%C3%A1my-scaled.jpg?w=2400&amp;ssl=1 2400w\" sizes=\"auto, (max-width: 800px) 100vw, 800px\" \/><\/figure>\n\n\n\n<figure class=\"wp-block-image size-large\"><img data-recalc-dims=\"1\" loading=\"lazy\" decoding=\"async\" width=\"800\" height=\"693\" data-attachment-id=\"13257\" data-permalink=\"https:\/\/www.atelier-reklama.sk\/blog\/moj-krekacsky-kroj-a-jeho-prekreslene-vzory-spolu\/4d-zastera-litava-zac-20-stor-vysite-krizikmi-povodny-vlastnik-neznamy\/\" data-orig-file=\"https:\/\/i0.wp.com\/www.atelier-reklama.sk\/blog\/wp-content\/uploads\/2023\/03\/4D-Z%C3%A1stera-Litava-za%C4%8D.-20.-stor.-vy%C5%A1it%C3%A9-kr%C3%AD%C5%BEikmi-p%C3%B4vodn%C3%BD-vlastn%C3%ADk-nezn%C3%A1my-scaled.jpg?fit=2560%2C2217&amp;ssl=1\" data-orig-size=\"2560,2217\" data-comments-opened=\"1\" data-image-meta=\"{&quot;aperture&quot;:&quot;2&quot;,&quot;credit&quot;:&quot;&quot;,&quot;camera&quot;:&quot;SM-A125F&quot;,&quot;caption&quot;:&quot;&quot;,&quot;created_timestamp&quot;:&quot;1678873249&quot;,&quot;copyright&quot;:&quot;&quot;,&quot;focal_length&quot;:&quot;4.6&quot;,&quot;iso&quot;:&quot;200&quot;,&quot;shutter_speed&quot;:&quot;0.03&quot;,&quot;title&quot;:&quot;&quot;,&quot;orientation&quot;:&quot;1&quot;}\" data-image-title=\"4D-Z\u00e1stera-Litava-za\u010d.-20.-stor.-vy\u0161it\u00e9-kr\u00ed\u017eikmi-p\u00f4vodn\u00fd-vlastn\u00edk-nezn\u00e1my\" data-image-description=\"\" data-image-caption=\"\" data-medium-file=\"https:\/\/i0.wp.com\/www.atelier-reklama.sk\/blog\/wp-content\/uploads\/2023\/03\/4D-Z%C3%A1stera-Litava-za%C4%8D.-20.-stor.-vy%C5%A1it%C3%A9-kr%C3%AD%C5%BEikmi-p%C3%B4vodn%C3%BD-vlastn%C3%ADk-nezn%C3%A1my-scaled.jpg?fit=300%2C260&amp;ssl=1\" data-large-file=\"https:\/\/i0.wp.com\/www.atelier-reklama.sk\/blog\/wp-content\/uploads\/2023\/03\/4D-Z%C3%A1stera-Litava-za%C4%8D.-20.-stor.-vy%C5%A1it%C3%A9-kr%C3%AD%C5%BEikmi-p%C3%B4vodn%C3%BD-vlastn%C3%ADk-nezn%C3%A1my-scaled.jpg?fit=800%2C693&amp;ssl=1\" src=\"https:\/\/i0.wp.com\/www.atelier-reklama.sk\/blog\/wp-content\/uploads\/2023\/03\/4D-Z%C3%A1stera-Litava-za%C4%8D.-20.-stor.-vy%C5%A1it%C3%A9-kr%C3%AD%C5%BEikmi-p%C3%B4vodn%C3%BD-vlastn%C3%ADk-nezn%C3%A1my.jpg?resize=800%2C693&#038;ssl=1\" alt=\"\" class=\"wp-image-13257\" srcset=\"https:\/\/i0.wp.com\/www.atelier-reklama.sk\/blog\/wp-content\/uploads\/2023\/03\/4D-Z%C3%A1stera-Litava-za%C4%8D.-20.-stor.-vy%C5%A1it%C3%A9-kr%C3%AD%C5%BEikmi-p%C3%B4vodn%C3%BD-vlastn%C3%ADk-nezn%C3%A1my-scaled.jpg?resize=1024%2C887&amp;ssl=1 1024w, https:\/\/i0.wp.com\/www.atelier-reklama.sk\/blog\/wp-content\/uploads\/2023\/03\/4D-Z%C3%A1stera-Litava-za%C4%8D.-20.-stor.-vy%C5%A1it%C3%A9-kr%C3%AD%C5%BEikmi-p%C3%B4vodn%C3%BD-vlastn%C3%ADk-nezn%C3%A1my-scaled.jpg?resize=300%2C260&amp;ssl=1 300w, https:\/\/i0.wp.com\/www.atelier-reklama.sk\/blog\/wp-content\/uploads\/2023\/03\/4D-Z%C3%A1stera-Litava-za%C4%8D.-20.-stor.-vy%C5%A1it%C3%A9-kr%C3%AD%C5%BEikmi-p%C3%B4vodn%C3%BD-vlastn%C3%ADk-nezn%C3%A1my-scaled.jpg?resize=768%2C665&amp;ssl=1 768w, https:\/\/i0.wp.com\/www.atelier-reklama.sk\/blog\/wp-content\/uploads\/2023\/03\/4D-Z%C3%A1stera-Litava-za%C4%8D.-20.-stor.-vy%C5%A1it%C3%A9-kr%C3%AD%C5%BEikmi-p%C3%B4vodn%C3%BD-vlastn%C3%ADk-nezn%C3%A1my-scaled.jpg?resize=1536%2C1330&amp;ssl=1 1536w, https:\/\/i0.wp.com\/www.atelier-reklama.sk\/blog\/wp-content\/uploads\/2023\/03\/4D-Z%C3%A1stera-Litava-za%C4%8D.-20.-stor.-vy%C5%A1it%C3%A9-kr%C3%AD%C5%BEikmi-p%C3%B4vodn%C3%BD-vlastn%C3%ADk-nezn%C3%A1my-scaled.jpg?resize=2048%2C1774&amp;ssl=1 2048w, https:\/\/i0.wp.com\/www.atelier-reklama.sk\/blog\/wp-content\/uploads\/2023\/03\/4D-Z%C3%A1stera-Litava-za%C4%8D.-20.-stor.-vy%C5%A1it%C3%A9-kr%C3%AD%C5%BEikmi-p%C3%B4vodn%C3%BD-vlastn%C3%ADk-nezn%C3%A1my-scaled.jpg?w=1600&amp;ssl=1 1600w, https:\/\/i0.wp.com\/www.atelier-reklama.sk\/blog\/wp-content\/uploads\/2023\/03\/4D-Z%C3%A1stera-Litava-za%C4%8D.-20.-stor.-vy%C5%A1it%C3%A9-kr%C3%AD%C5%BEikmi-p%C3%B4vodn%C3%BD-vlastn%C3%ADk-nezn%C3%A1my-scaled.jpg?w=2400&amp;ssl=1 2400w\" sizes=\"auto, (max-width: 800px) 100vw, 800px\" \/><\/figure>\n\n\n\n<figure class=\"wp-block-image size-large\"><img data-recalc-dims=\"1\" loading=\"lazy\" decoding=\"async\" width=\"800\" height=\"451\" data-attachment-id=\"13258\" data-permalink=\"https:\/\/www.atelier-reklama.sk\/blog\/moj-krekacsky-kroj-a-jeho-prekreslene-vzory-spolu\/4e-zastera-litava-zac-20-stor-vysite-krizikmi-povodny-vlastnik-neznamy\/\" data-orig-file=\"https:\/\/i0.wp.com\/www.atelier-reklama.sk\/blog\/wp-content\/uploads\/2023\/03\/4E.-Z%C3%A1stera-Litava-za%C4%8D.-20.-stor.-vy%C5%A1it%C3%A9-kr%C3%AD%C5%BEikmi-p%C3%B4vodn%C3%BD-vlastn%C3%ADk-nezn%C3%A1my-scaled.jpg?fit=2560%2C1443&amp;ssl=1\" data-orig-size=\"2560,1443\" data-comments-opened=\"1\" data-image-meta=\"{&quot;aperture&quot;:&quot;2&quot;,&quot;credit&quot;:&quot;&quot;,&quot;camera&quot;:&quot;SM-A125F&quot;,&quot;caption&quot;:&quot;&quot;,&quot;created_timestamp&quot;:&quot;1678873197&quot;,&quot;copyright&quot;:&quot;&quot;,&quot;focal_length&quot;:&quot;4.6&quot;,&quot;iso&quot;:&quot;200&quot;,&quot;shutter_speed&quot;:&quot;0.030002&quot;,&quot;title&quot;:&quot;&quot;,&quot;orientation&quot;:&quot;1&quot;}\" data-image-title=\"4E.-Z\u00e1stera-Litava-za\u010d.-20.-stor.-vy\u0161it\u00e9-kr\u00ed\u017eikmi-p\u00f4vodn\u00fd-vlastn\u00edk-nezn\u00e1my\" data-image-description=\"\" data-image-caption=\"\" data-medium-file=\"https:\/\/i0.wp.com\/www.atelier-reklama.sk\/blog\/wp-content\/uploads\/2023\/03\/4E.-Z%C3%A1stera-Litava-za%C4%8D.-20.-stor.-vy%C5%A1it%C3%A9-kr%C3%AD%C5%BEikmi-p%C3%B4vodn%C3%BD-vlastn%C3%ADk-nezn%C3%A1my-scaled.jpg?fit=300%2C169&amp;ssl=1\" data-large-file=\"https:\/\/i0.wp.com\/www.atelier-reklama.sk\/blog\/wp-content\/uploads\/2023\/03\/4E.-Z%C3%A1stera-Litava-za%C4%8D.-20.-stor.-vy%C5%A1it%C3%A9-kr%C3%AD%C5%BEikmi-p%C3%B4vodn%C3%BD-vlastn%C3%ADk-nezn%C3%A1my-scaled.jpg?fit=800%2C451&amp;ssl=1\" src=\"https:\/\/i0.wp.com\/www.atelier-reklama.sk\/blog\/wp-content\/uploads\/2023\/03\/4E.-Z%C3%A1stera-Litava-za%C4%8D.-20.-stor.-vy%C5%A1it%C3%A9-kr%C3%AD%C5%BEikmi-p%C3%B4vodn%C3%BD-vlastn%C3%ADk-nezn%C3%A1my.jpg?resize=800%2C451&#038;ssl=1\" alt=\"\" class=\"wp-image-13258\" srcset=\"https:\/\/i0.wp.com\/www.atelier-reklama.sk\/blog\/wp-content\/uploads\/2023\/03\/4E.-Z%C3%A1stera-Litava-za%C4%8D.-20.-stor.-vy%C5%A1it%C3%A9-kr%C3%AD%C5%BEikmi-p%C3%B4vodn%C3%BD-vlastn%C3%ADk-nezn%C3%A1my-scaled.jpg?resize=1024%2C577&amp;ssl=1 1024w, https:\/\/i0.wp.com\/www.atelier-reklama.sk\/blog\/wp-content\/uploads\/2023\/03\/4E.-Z%C3%A1stera-Litava-za%C4%8D.-20.-stor.-vy%C5%A1it%C3%A9-kr%C3%AD%C5%BEikmi-p%C3%B4vodn%C3%BD-vlastn%C3%ADk-nezn%C3%A1my-scaled.jpg?resize=300%2C169&amp;ssl=1 300w, https:\/\/i0.wp.com\/www.atelier-reklama.sk\/blog\/wp-content\/uploads\/2023\/03\/4E.-Z%C3%A1stera-Litava-za%C4%8D.-20.-stor.-vy%C5%A1it%C3%A9-kr%C3%AD%C5%BEikmi-p%C3%B4vodn%C3%BD-vlastn%C3%ADk-nezn%C3%A1my-scaled.jpg?resize=768%2C433&amp;ssl=1 768w, https:\/\/i0.wp.com\/www.atelier-reklama.sk\/blog\/wp-content\/uploads\/2023\/03\/4E.-Z%C3%A1stera-Litava-za%C4%8D.-20.-stor.-vy%C5%A1it%C3%A9-kr%C3%AD%C5%BEikmi-p%C3%B4vodn%C3%BD-vlastn%C3%ADk-nezn%C3%A1my-scaled.jpg?resize=1536%2C866&amp;ssl=1 1536w, https:\/\/i0.wp.com\/www.atelier-reklama.sk\/blog\/wp-content\/uploads\/2023\/03\/4E.-Z%C3%A1stera-Litava-za%C4%8D.-20.-stor.-vy%C5%A1it%C3%A9-kr%C3%AD%C5%BEikmi-p%C3%B4vodn%C3%BD-vlastn%C3%ADk-nezn%C3%A1my-scaled.jpg?resize=2048%2C1154&amp;ssl=1 2048w, https:\/\/i0.wp.com\/www.atelier-reklama.sk\/blog\/wp-content\/uploads\/2023\/03\/4E.-Z%C3%A1stera-Litava-za%C4%8D.-20.-stor.-vy%C5%A1it%C3%A9-kr%C3%AD%C5%BEikmi-p%C3%B4vodn%C3%BD-vlastn%C3%ADk-nezn%C3%A1my-scaled.jpg?w=1600&amp;ssl=1 1600w, https:\/\/i0.wp.com\/www.atelier-reklama.sk\/blog\/wp-content\/uploads\/2023\/03\/4E.-Z%C3%A1stera-Litava-za%C4%8D.-20.-stor.-vy%C5%A1it%C3%A9-kr%C3%AD%C5%BEikmi-p%C3%B4vodn%C3%BD-vlastn%C3%ADk-nezn%C3%A1my-scaled.jpg?w=2400&amp;ssl=1 2400w\" sizes=\"auto, (max-width: 800px) 100vw, 800px\" \/><\/figure>\n\n\n\n<p>5. Z\u00e1stera detsk\u00e1, Jal\u0161ov\u00edk, druh\u00e1 pol. 20. stor., vy\u0161ila pln\u00fdm stehom Anna O\u010den\u00e1\u0161ov\u00e1, rod. Bartikov\u00e1 (1930-2013)<\/p>\n\n\n\n<figure class=\"wp-block-image size-large\"><img data-recalc-dims=\"1\" loading=\"lazy\" decoding=\"async\" width=\"800\" height=\"865\" data-attachment-id=\"13259\" data-permalink=\"https:\/\/www.atelier-reklama.sk\/blog\/moj-krekacsky-kroj-a-jeho-prekreslene-vzory-spolu\/5-zastera-detska-jalsovik-druha-pol-20-stor-vysila-plnym-stehom-anna-ocenasova-rod-bartikova-1930-2013\/\" data-orig-file=\"https:\/\/i0.wp.com\/www.atelier-reklama.sk\/blog\/wp-content\/uploads\/2023\/03\/5.-Z%C3%A1stera-detsk%C3%A1-Jal%C5%A1ov%C3%ADk-druh%C3%A1-pol.-20.-stor.-vy%C5%A1ila-pln%C3%BDm-stehom-Anna-O%C4%8Den%C3%A1%C5%A1ov%C3%A1-rod.-Bartikov%C3%A1-1930-2013-scaled.jpg?fit=2366%2C2560&amp;ssl=1\" data-orig-size=\"2366,2560\" data-comments-opened=\"1\" data-image-meta=\"{&quot;aperture&quot;:&quot;2&quot;,&quot;credit&quot;:&quot;&quot;,&quot;camera&quot;:&quot;SM-A125F&quot;,&quot;caption&quot;:&quot;&quot;,&quot;created_timestamp&quot;:&quot;1679043962&quot;,&quot;copyright&quot;:&quot;&quot;,&quot;focal_length&quot;:&quot;4.6&quot;,&quot;iso&quot;:&quot;250&quot;,&quot;shutter_speed&quot;:&quot;0.03&quot;,&quot;title&quot;:&quot;&quot;,&quot;orientation&quot;:&quot;1&quot;}\" data-image-title=\"5.-Z\u00e1stera-detsk\u00e1-Jal\u0161ov\u00edk-druh\u00e1-pol.-20.-stor.-vy\u0161ila-pln\u00fdm-stehom-Anna-O\u010den\u00e1\u0161ov\u00e1-rod.-Bartikov\u00e1-1930-2013\" data-image-description=\"\" data-image-caption=\"\" data-medium-file=\"https:\/\/i0.wp.com\/www.atelier-reklama.sk\/blog\/wp-content\/uploads\/2023\/03\/5.-Z%C3%A1stera-detsk%C3%A1-Jal%C5%A1ov%C3%ADk-druh%C3%A1-pol.-20.-stor.-vy%C5%A1ila-pln%C3%BDm-stehom-Anna-O%C4%8Den%C3%A1%C5%A1ov%C3%A1-rod.-Bartikov%C3%A1-1930-2013-scaled.jpg?fit=277%2C300&amp;ssl=1\" data-large-file=\"https:\/\/i0.wp.com\/www.atelier-reklama.sk\/blog\/wp-content\/uploads\/2023\/03\/5.-Z%C3%A1stera-detsk%C3%A1-Jal%C5%A1ov%C3%ADk-druh%C3%A1-pol.-20.-stor.-vy%C5%A1ila-pln%C3%BDm-stehom-Anna-O%C4%8Den%C3%A1%C5%A1ov%C3%A1-rod.-Bartikov%C3%A1-1930-2013-scaled.jpg?fit=800%2C865&amp;ssl=1\" src=\"https:\/\/i0.wp.com\/www.atelier-reklama.sk\/blog\/wp-content\/uploads\/2023\/03\/5.-Z%C3%A1stera-detsk%C3%A1-Jal%C5%A1ov%C3%ADk-druh%C3%A1-pol.-20.-stor.-vy%C5%A1ila-pln%C3%BDm-stehom-Anna-O%C4%8Den%C3%A1%C5%A1ov%C3%A1-rod.-Bartikov%C3%A1-1930-2013.jpg?resize=800%2C865&#038;ssl=1\" alt=\"\" class=\"wp-image-13259\" srcset=\"https:\/\/i0.wp.com\/www.atelier-reklama.sk\/blog\/wp-content\/uploads\/2023\/03\/5.-Z%C3%A1stera-detsk%C3%A1-Jal%C5%A1ov%C3%ADk-druh%C3%A1-pol.-20.-stor.-vy%C5%A1ila-pln%C3%BDm-stehom-Anna-O%C4%8Den%C3%A1%C5%A1ov%C3%A1-rod.-Bartikov%C3%A1-1930-2013-scaled.jpg?resize=947%2C1024&amp;ssl=1 947w, https:\/\/i0.wp.com\/www.atelier-reklama.sk\/blog\/wp-content\/uploads\/2023\/03\/5.-Z%C3%A1stera-detsk%C3%A1-Jal%C5%A1ov%C3%ADk-druh%C3%A1-pol.-20.-stor.-vy%C5%A1ila-pln%C3%BDm-stehom-Anna-O%C4%8Den%C3%A1%C5%A1ov%C3%A1-rod.-Bartikov%C3%A1-1930-2013-scaled.jpg?resize=277%2C300&amp;ssl=1 277w, https:\/\/i0.wp.com\/www.atelier-reklama.sk\/blog\/wp-content\/uploads\/2023\/03\/5.-Z%C3%A1stera-detsk%C3%A1-Jal%C5%A1ov%C3%ADk-druh%C3%A1-pol.-20.-stor.-vy%C5%A1ila-pln%C3%BDm-stehom-Anna-O%C4%8Den%C3%A1%C5%A1ov%C3%A1-rod.-Bartikov%C3%A1-1930-2013-scaled.jpg?resize=768%2C831&amp;ssl=1 768w, https:\/\/i0.wp.com\/www.atelier-reklama.sk\/blog\/wp-content\/uploads\/2023\/03\/5.-Z%C3%A1stera-detsk%C3%A1-Jal%C5%A1ov%C3%ADk-druh%C3%A1-pol.-20.-stor.-vy%C5%A1ila-pln%C3%BDm-stehom-Anna-O%C4%8Den%C3%A1%C5%A1ov%C3%A1-rod.-Bartikov%C3%A1-1930-2013-scaled.jpg?resize=1420%2C1536&amp;ssl=1 1420w, https:\/\/i0.wp.com\/www.atelier-reklama.sk\/blog\/wp-content\/uploads\/2023\/03\/5.-Z%C3%A1stera-detsk%C3%A1-Jal%C5%A1ov%C3%ADk-druh%C3%A1-pol.-20.-stor.-vy%C5%A1ila-pln%C3%BDm-stehom-Anna-O%C4%8Den%C3%A1%C5%A1ov%C3%A1-rod.-Bartikov%C3%A1-1930-2013-scaled.jpg?resize=1893%2C2048&amp;ssl=1 1893w, https:\/\/i0.wp.com\/www.atelier-reklama.sk\/blog\/wp-content\/uploads\/2023\/03\/5.-Z%C3%A1stera-detsk%C3%A1-Jal%C5%A1ov%C3%ADk-druh%C3%A1-pol.-20.-stor.-vy%C5%A1ila-pln%C3%BDm-stehom-Anna-O%C4%8Den%C3%A1%C5%A1ov%C3%A1-rod.-Bartikov%C3%A1-1930-2013-scaled.jpg?w=1600&amp;ssl=1 1600w\" sizes=\"auto, (max-width: 800px) 100vw, 800px\" \/><\/figure>\n\n\n\n<figure class=\"wp-block-image size-large\"><img data-recalc-dims=\"1\" loading=\"lazy\" decoding=\"async\" width=\"724\" height=\"1024\" data-attachment-id=\"13260\" data-permalink=\"https:\/\/www.atelier-reklama.sk\/blog\/moj-krekacsky-kroj-a-jeho-prekreslene-vzory-spolu\/5a-zastera-detska-jalsovik-druha-pol-20-stor-vysila-plnym-stehom-anna-ocenasova-rod-bartikova-1930-2013\/\" data-orig-file=\"https:\/\/i0.wp.com\/www.atelier-reklama.sk\/blog\/wp-content\/uploads\/2023\/03\/5A.-Z%C3%A1stera-detsk%C3%A1-Jal%C5%A1ov%C3%ADk-druh%C3%A1-pol.-20.-stor.-vy%C5%A1ila-pln%C3%BDm-stehom-Anna-O%C4%8Den%C3%A1%C5%A1ov%C3%A1-rod.-Bartikov%C3%A1-1930-2013-scaled.jpg?fit=1810%2C2560&amp;ssl=1\" data-orig-size=\"1810,2560\" data-comments-opened=\"1\" data-image-meta=\"{&quot;aperture&quot;:&quot;0&quot;,&quot;credit&quot;:&quot;&quot;,&quot;camera&quot;:&quot;&quot;,&quot;caption&quot;:&quot;&quot;,&quot;created_timestamp&quot;:&quot;0&quot;,&quot;copyright&quot;:&quot;&quot;,&quot;focal_length&quot;:&quot;0&quot;,&quot;iso&quot;:&quot;0&quot;,&quot;shutter_speed&quot;:&quot;0&quot;,&quot;title&quot;:&quot;&quot;,&quot;orientation&quot;:&quot;1&quot;}\" data-image-title=\"5A.-Z\u00e1stera-detsk\u00e1-Jal\u0161ov\u00edk-druh\u00e1-pol.-20.-stor.-vy\u0161ila-pln\u00fdm-stehom-Anna-O\u010den\u00e1\u0161ov\u00e1-rod.-Bartikov\u00e1-1930-2013\" data-image-description=\"\" data-image-caption=\"\" data-medium-file=\"https:\/\/i0.wp.com\/www.atelier-reklama.sk\/blog\/wp-content\/uploads\/2023\/03\/5A.-Z%C3%A1stera-detsk%C3%A1-Jal%C5%A1ov%C3%ADk-druh%C3%A1-pol.-20.-stor.-vy%C5%A1ila-pln%C3%BDm-stehom-Anna-O%C4%8Den%C3%A1%C5%A1ov%C3%A1-rod.-Bartikov%C3%A1-1930-2013-scaled.jpg?fit=212%2C300&amp;ssl=1\" data-large-file=\"https:\/\/i0.wp.com\/www.atelier-reklama.sk\/blog\/wp-content\/uploads\/2023\/03\/5A.-Z%C3%A1stera-detsk%C3%A1-Jal%C5%A1ov%C3%ADk-druh%C3%A1-pol.-20.-stor.-vy%C5%A1ila-pln%C3%BDm-stehom-Anna-O%C4%8Den%C3%A1%C5%A1ov%C3%A1-rod.-Bartikov%C3%A1-1930-2013-scaled.jpg?fit=724%2C1024&amp;ssl=1\" src=\"https:\/\/i0.wp.com\/www.atelier-reklama.sk\/blog\/wp-content\/uploads\/2023\/03\/5A.-Z%C3%A1stera-detsk%C3%A1-Jal%C5%A1ov%C3%ADk-druh%C3%A1-pol.-20.-stor.-vy%C5%A1ila-pln%C3%BDm-stehom-Anna-O%C4%8Den%C3%A1%C5%A1ov%C3%A1-rod.-Bartikov%C3%A1-1930-2013.jpg?resize=724%2C1024&#038;ssl=1\" alt=\"\" class=\"wp-image-13260\" srcset=\"https:\/\/i0.wp.com\/www.atelier-reklama.sk\/blog\/wp-content\/uploads\/2023\/03\/5A.-Z%C3%A1stera-detsk%C3%A1-Jal%C5%A1ov%C3%ADk-druh%C3%A1-pol.-20.-stor.-vy%C5%A1ila-pln%C3%BDm-stehom-Anna-O%C4%8Den%C3%A1%C5%A1ov%C3%A1-rod.-Bartikov%C3%A1-1930-2013-scaled.jpg?resize=724%2C1024&amp;ssl=1 724w, https:\/\/i0.wp.com\/www.atelier-reklama.sk\/blog\/wp-content\/uploads\/2023\/03\/5A.-Z%C3%A1stera-detsk%C3%A1-Jal%C5%A1ov%C3%ADk-druh%C3%A1-pol.-20.-stor.-vy%C5%A1ila-pln%C3%BDm-stehom-Anna-O%C4%8Den%C3%A1%C5%A1ov%C3%A1-rod.-Bartikov%C3%A1-1930-2013-scaled.jpg?resize=212%2C300&amp;ssl=1 212w, https:\/\/i0.wp.com\/www.atelier-reklama.sk\/blog\/wp-content\/uploads\/2023\/03\/5A.-Z%C3%A1stera-detsk%C3%A1-Jal%C5%A1ov%C3%ADk-druh%C3%A1-pol.-20.-stor.-vy%C5%A1ila-pln%C3%BDm-stehom-Anna-O%C4%8Den%C3%A1%C5%A1ov%C3%A1-rod.-Bartikov%C3%A1-1930-2013-scaled.jpg?resize=768%2C1086&amp;ssl=1 768w, https:\/\/i0.wp.com\/www.atelier-reklama.sk\/blog\/wp-content\/uploads\/2023\/03\/5A.-Z%C3%A1stera-detsk%C3%A1-Jal%C5%A1ov%C3%ADk-druh%C3%A1-pol.-20.-stor.-vy%C5%A1ila-pln%C3%BDm-stehom-Anna-O%C4%8Den%C3%A1%C5%A1ov%C3%A1-rod.-Bartikov%C3%A1-1930-2013-scaled.jpg?resize=1086%2C1536&amp;ssl=1 1086w, https:\/\/i0.wp.com\/www.atelier-reklama.sk\/blog\/wp-content\/uploads\/2023\/03\/5A.-Z%C3%A1stera-detsk%C3%A1-Jal%C5%A1ov%C3%ADk-druh%C3%A1-pol.-20.-stor.-vy%C5%A1ila-pln%C3%BDm-stehom-Anna-O%C4%8Den%C3%A1%C5%A1ov%C3%A1-rod.-Bartikov%C3%A1-1930-2013-scaled.jpg?resize=1448%2C2048&amp;ssl=1 1448w, https:\/\/i0.wp.com\/www.atelier-reklama.sk\/blog\/wp-content\/uploads\/2023\/03\/5A.-Z%C3%A1stera-detsk%C3%A1-Jal%C5%A1ov%C3%ADk-druh%C3%A1-pol.-20.-stor.-vy%C5%A1ila-pln%C3%BDm-stehom-Anna-O%C4%8Den%C3%A1%C5%A1ov%C3%A1-rod.-Bartikov%C3%A1-1930-2013-scaled.jpg?w=1810&amp;ssl=1 1810w, https:\/\/i0.wp.com\/www.atelier-reklama.sk\/blog\/wp-content\/uploads\/2023\/03\/5A.-Z%C3%A1stera-detsk%C3%A1-Jal%C5%A1ov%C3%ADk-druh%C3%A1-pol.-20.-stor.-vy%C5%A1ila-pln%C3%BDm-stehom-Anna-O%C4%8Den%C3%A1%C5%A1ov%C3%A1-rod.-Bartikov%C3%A1-1930-2013-scaled.jpg?w=1600&amp;ssl=1 1600w\" sizes=\"auto, (max-width: 724px) 100vw, 724px\" \/><\/figure>\n\n\n\n<figure class=\"wp-block-image size-large\"><img data-recalc-dims=\"1\" loading=\"lazy\" decoding=\"async\" width=\"800\" height=\"613\" data-attachment-id=\"13261\" data-permalink=\"https:\/\/www.atelier-reklama.sk\/blog\/moj-krekacsky-kroj-a-jeho-prekreslene-vzory-spolu\/5d-zastera-detska-jalsovik-druha-pol-20-stor-vysila-plnym-stehom-anna-ocenasova-rod-bartikova-1930-2013\/\" data-orig-file=\"https:\/\/i0.wp.com\/www.atelier-reklama.sk\/blog\/wp-content\/uploads\/2023\/03\/5D.-Z%C3%A1stera-detsk%C3%A1-Jal%C5%A1ov%C3%ADk-druh%C3%A1-pol.-20.-stor.-vy%C5%A1ila-pln%C3%BDm-stehom-Anna-O%C4%8Den%C3%A1%C5%A1ov%C3%A1-rod.-Bartikov%C3%A1-1930-2013.jpg?fit=2120%2C1623&amp;ssl=1\" data-orig-size=\"2120,1623\" data-comments-opened=\"1\" data-image-meta=\"{&quot;aperture&quot;:&quot;2&quot;,&quot;credit&quot;:&quot;&quot;,&quot;camera&quot;:&quot;SM-A125F&quot;,&quot;caption&quot;:&quot;&quot;,&quot;created_timestamp&quot;:&quot;1679043996&quot;,&quot;copyright&quot;:&quot;&quot;,&quot;focal_length&quot;:&quot;4.6&quot;,&quot;iso&quot;:&quot;200&quot;,&quot;shutter_speed&quot;:&quot;0.03&quot;,&quot;title&quot;:&quot;&quot;,&quot;orientation&quot;:&quot;1&quot;}\" data-image-title=\"5D.-Z\u00e1stera-detsk\u00e1-Jal\u0161ov\u00edk-druh\u00e1-pol.-20.-stor.-vy\u0161ila-pln\u00fdm-stehom-Anna-O\u010den\u00e1\u0161ov\u00e1-rod.-Bartikov\u00e1-1930-2013\" data-image-description=\"\" data-image-caption=\"\" data-medium-file=\"https:\/\/i0.wp.com\/www.atelier-reklama.sk\/blog\/wp-content\/uploads\/2023\/03\/5D.-Z%C3%A1stera-detsk%C3%A1-Jal%C5%A1ov%C3%ADk-druh%C3%A1-pol.-20.-stor.-vy%C5%A1ila-pln%C3%BDm-stehom-Anna-O%C4%8Den%C3%A1%C5%A1ov%C3%A1-rod.-Bartikov%C3%A1-1930-2013.jpg?fit=300%2C230&amp;ssl=1\" data-large-file=\"https:\/\/i0.wp.com\/www.atelier-reklama.sk\/blog\/wp-content\/uploads\/2023\/03\/5D.-Z%C3%A1stera-detsk%C3%A1-Jal%C5%A1ov%C3%ADk-druh%C3%A1-pol.-20.-stor.-vy%C5%A1ila-pln%C3%BDm-stehom-Anna-O%C4%8Den%C3%A1%C5%A1ov%C3%A1-rod.-Bartikov%C3%A1-1930-2013.jpg?fit=800%2C613&amp;ssl=1\" src=\"https:\/\/i0.wp.com\/www.atelier-reklama.sk\/blog\/wp-content\/uploads\/2023\/03\/5D.-Z%C3%A1stera-detsk%C3%A1-Jal%C5%A1ov%C3%ADk-druh%C3%A1-pol.-20.-stor.-vy%C5%A1ila-pln%C3%BDm-stehom-Anna-O%C4%8Den%C3%A1%C5%A1ov%C3%A1-rod.-Bartikov%C3%A1-1930-2013.jpg?resize=800%2C613&#038;ssl=1\" alt=\"\" class=\"wp-image-13261\" srcset=\"https:\/\/i0.wp.com\/www.atelier-reklama.sk\/blog\/wp-content\/uploads\/2023\/03\/5D.-Z%C3%A1stera-detsk%C3%A1-Jal%C5%A1ov%C3%ADk-druh%C3%A1-pol.-20.-stor.-vy%C5%A1ila-pln%C3%BDm-stehom-Anna-O%C4%8Den%C3%A1%C5%A1ov%C3%A1-rod.-Bartikov%C3%A1-1930-2013.jpg?resize=1024%2C784&amp;ssl=1 1024w, https:\/\/i0.wp.com\/www.atelier-reklama.sk\/blog\/wp-content\/uploads\/2023\/03\/5D.-Z%C3%A1stera-detsk%C3%A1-Jal%C5%A1ov%C3%ADk-druh%C3%A1-pol.-20.-stor.-vy%C5%A1ila-pln%C3%BDm-stehom-Anna-O%C4%8Den%C3%A1%C5%A1ov%C3%A1-rod.-Bartikov%C3%A1-1930-2013.jpg?resize=300%2C230&amp;ssl=1 300w, https:\/\/i0.wp.com\/www.atelier-reklama.sk\/blog\/wp-content\/uploads\/2023\/03\/5D.-Z%C3%A1stera-detsk%C3%A1-Jal%C5%A1ov%C3%ADk-druh%C3%A1-pol.-20.-stor.-vy%C5%A1ila-pln%C3%BDm-stehom-Anna-O%C4%8Den%C3%A1%C5%A1ov%C3%A1-rod.-Bartikov%C3%A1-1930-2013.jpg?resize=768%2C588&amp;ssl=1 768w, https:\/\/i0.wp.com\/www.atelier-reklama.sk\/blog\/wp-content\/uploads\/2023\/03\/5D.-Z%C3%A1stera-detsk%C3%A1-Jal%C5%A1ov%C3%ADk-druh%C3%A1-pol.-20.-stor.-vy%C5%A1ila-pln%C3%BDm-stehom-Anna-O%C4%8Den%C3%A1%C5%A1ov%C3%A1-rod.-Bartikov%C3%A1-1930-2013.jpg?resize=1536%2C1176&amp;ssl=1 1536w, https:\/\/i0.wp.com\/www.atelier-reklama.sk\/blog\/wp-content\/uploads\/2023\/03\/5D.-Z%C3%A1stera-detsk%C3%A1-Jal%C5%A1ov%C3%ADk-druh%C3%A1-pol.-20.-stor.-vy%C5%A1ila-pln%C3%BDm-stehom-Anna-O%C4%8Den%C3%A1%C5%A1ov%C3%A1-rod.-Bartikov%C3%A1-1930-2013.jpg?resize=2048%2C1568&amp;ssl=1 2048w, https:\/\/i0.wp.com\/www.atelier-reklama.sk\/blog\/wp-content\/uploads\/2023\/03\/5D.-Z%C3%A1stera-detsk%C3%A1-Jal%C5%A1ov%C3%ADk-druh%C3%A1-pol.-20.-stor.-vy%C5%A1ila-pln%C3%BDm-stehom-Anna-O%C4%8Den%C3%A1%C5%A1ov%C3%A1-rod.-Bartikov%C3%A1-1930-2013.jpg?w=1600&amp;ssl=1 1600w\" sizes=\"auto, (max-width: 800px) 100vw, 800px\" \/><\/figure>\n\n\n\n<figure class=\"wp-block-image size-large\"><img data-recalc-dims=\"1\" loading=\"lazy\" decoding=\"async\" width=\"800\" height=\"612\" data-attachment-id=\"13262\" data-permalink=\"https:\/\/www.atelier-reklama.sk\/blog\/moj-krekacsky-kroj-a-jeho-prekreslene-vzory-spolu\/5ezste1\/\" data-orig-file=\"https:\/\/i0.wp.com\/www.atelier-reklama.sk\/blog\/wp-content\/uploads\/2023\/03\/5EZSTE1-scaled.jpg?fit=2560%2C1958&amp;ssl=1\" data-orig-size=\"2560,1958\" data-comments-opened=\"1\" data-image-meta=\"{&quot;aperture&quot;:&quot;2&quot;,&quot;credit&quot;:&quot;&quot;,&quot;camera&quot;:&quot;SM-A125F&quot;,&quot;caption&quot;:&quot;&quot;,&quot;created_timestamp&quot;:&quot;1679044030&quot;,&quot;copyright&quot;:&quot;&quot;,&quot;focal_length&quot;:&quot;4.6&quot;,&quot;iso&quot;:&quot;250&quot;,&quot;shutter_speed&quot;:&quot;0.03&quot;,&quot;title&quot;:&quot;&quot;,&quot;orientation&quot;:&quot;1&quot;}\" data-image-title=\"5EZSTE1\" data-image-description=\"\" data-image-caption=\"\" data-medium-file=\"https:\/\/i0.wp.com\/www.atelier-reklama.sk\/blog\/wp-content\/uploads\/2023\/03\/5EZSTE1-scaled.jpg?fit=300%2C229&amp;ssl=1\" data-large-file=\"https:\/\/i0.wp.com\/www.atelier-reklama.sk\/blog\/wp-content\/uploads\/2023\/03\/5EZSTE1-scaled.jpg?fit=800%2C612&amp;ssl=1\" src=\"https:\/\/i0.wp.com\/www.atelier-reklama.sk\/blog\/wp-content\/uploads\/2023\/03\/5EZSTE1.jpg?resize=800%2C612&#038;ssl=1\" alt=\"\" class=\"wp-image-13262\" srcset=\"https:\/\/i0.wp.com\/www.atelier-reklama.sk\/blog\/wp-content\/uploads\/2023\/03\/5EZSTE1-scaled.jpg?resize=1024%2C783&amp;ssl=1 1024w, https:\/\/i0.wp.com\/www.atelier-reklama.sk\/blog\/wp-content\/uploads\/2023\/03\/5EZSTE1-scaled.jpg?resize=300%2C229&amp;ssl=1 300w, https:\/\/i0.wp.com\/www.atelier-reklama.sk\/blog\/wp-content\/uploads\/2023\/03\/5EZSTE1-scaled.jpg?resize=768%2C587&amp;ssl=1 768w, https:\/\/i0.wp.com\/www.atelier-reklama.sk\/blog\/wp-content\/uploads\/2023\/03\/5EZSTE1-scaled.jpg?resize=1536%2C1175&amp;ssl=1 1536w, https:\/\/i0.wp.com\/www.atelier-reklama.sk\/blog\/wp-content\/uploads\/2023\/03\/5EZSTE1-scaled.jpg?resize=2048%2C1566&amp;ssl=1 2048w, https:\/\/i0.wp.com\/www.atelier-reklama.sk\/blog\/wp-content\/uploads\/2023\/03\/5EZSTE1-scaled.jpg?w=1600&amp;ssl=1 1600w, https:\/\/i0.wp.com\/www.atelier-reklama.sk\/blog\/wp-content\/uploads\/2023\/03\/5EZSTE1-scaled.jpg?w=2400&amp;ssl=1 2400w\" sizes=\"auto, (max-width: 800px) 100vw, 800px\" \/><figcaption class=\"wp-element-caption\">V\u00fd\u0161ivka z opa\u010dnej strany tie\u017e musela by\u0165 pekn\u00e1&#8230;<\/figcaption><\/figure>\n\n\n\n<p>6. Z\u00e1stera diev\u010densk\u00e1, Jal\u0161ov\u00edk, druh\u00e1 pol. 20. stor., krivou ihlou vy\u0161ila Anna O\u010den\u00e1\u0161ov\u00e1, rod. Bartikov\u00e1 (1930-2013)<\/p>\n\n\n\n<figure class=\"wp-block-image size-large\"><img data-recalc-dims=\"1\" loading=\"lazy\" decoding=\"async\" width=\"800\" height=\"764\" data-attachment-id=\"13264\" data-permalink=\"https:\/\/www.atelier-reklama.sk\/blog\/moj-krekacsky-kroj-a-jeho-prekreslene-vzory-spolu\/6a-zastera-dievcenska-jalsovik-druha-pol-20-stor-krivou-ihlou-vysila-anna-ocenasova-rod-bartikova-1930-2013\/\" data-orig-file=\"https:\/\/i0.wp.com\/www.atelier-reklama.sk\/blog\/wp-content\/uploads\/2023\/03\/6A.-Z%C3%A1stera-diev%C4%8Densk%C3%A1-Jal%C5%A1ov%C3%ADk-druh%C3%A1-pol.-20.-stor.-krivou-ihlou-vy%C5%A1ila-Anna-O%C4%8Den%C3%A1%C5%A1ov%C3%A1-rod.-Bartikov%C3%A1-1930-2013-scaled.jpg?fit=2560%2C2444&amp;ssl=1\" data-orig-size=\"2560,2444\" data-comments-opened=\"1\" data-image-meta=\"{&quot;aperture&quot;:&quot;2&quot;,&quot;credit&quot;:&quot;&quot;,&quot;camera&quot;:&quot;SM-A125F&quot;,&quot;caption&quot;:&quot;&quot;,&quot;created_timestamp&quot;:&quot;1678876108&quot;,&quot;copyright&quot;:&quot;&quot;,&quot;focal_length&quot;:&quot;4.6&quot;,&quot;iso&quot;:&quot;160&quot;,&quot;shutter_speed&quot;:&quot;0.030002&quot;,&quot;title&quot;:&quot;&quot;,&quot;orientation&quot;:&quot;1&quot;}\" data-image-title=\"6A.-Z\u00e1stera-diev\u010densk\u00e1-Jal\u0161ov\u00edk-druh\u00e1-pol.-20.-stor.-krivou-ihlou-vy\u0161ila-Anna-O\u010den\u00e1\u0161ov\u00e1-rod.-Bartikov\u00e1-1930-2013\" data-image-description=\"\" data-image-caption=\"\" data-medium-file=\"https:\/\/i0.wp.com\/www.atelier-reklama.sk\/blog\/wp-content\/uploads\/2023\/03\/6A.-Z%C3%A1stera-diev%C4%8Densk%C3%A1-Jal%C5%A1ov%C3%ADk-druh%C3%A1-pol.-20.-stor.-krivou-ihlou-vy%C5%A1ila-Anna-O%C4%8Den%C3%A1%C5%A1ov%C3%A1-rod.-Bartikov%C3%A1-1930-2013-scaled.jpg?fit=300%2C286&amp;ssl=1\" data-large-file=\"https:\/\/i0.wp.com\/www.atelier-reklama.sk\/blog\/wp-content\/uploads\/2023\/03\/6A.-Z%C3%A1stera-diev%C4%8Densk%C3%A1-Jal%C5%A1ov%C3%ADk-druh%C3%A1-pol.-20.-stor.-krivou-ihlou-vy%C5%A1ila-Anna-O%C4%8Den%C3%A1%C5%A1ov%C3%A1-rod.-Bartikov%C3%A1-1930-2013-scaled.jpg?fit=800%2C764&amp;ssl=1\" src=\"https:\/\/i0.wp.com\/www.atelier-reklama.sk\/blog\/wp-content\/uploads\/2023\/03\/6A.-Z%C3%A1stera-diev%C4%8Densk%C3%A1-Jal%C5%A1ov%C3%ADk-druh%C3%A1-pol.-20.-stor.-krivou-ihlou-vy%C5%A1ila-Anna-O%C4%8Den%C3%A1%C5%A1ov%C3%A1-rod.-Bartikov%C3%A1-1930-2013.jpg?resize=800%2C764&#038;ssl=1\" alt=\"\" class=\"wp-image-13264\" srcset=\"https:\/\/i0.wp.com\/www.atelier-reklama.sk\/blog\/wp-content\/uploads\/2023\/03\/6A.-Z%C3%A1stera-diev%C4%8Densk%C3%A1-Jal%C5%A1ov%C3%ADk-druh%C3%A1-pol.-20.-stor.-krivou-ihlou-vy%C5%A1ila-Anna-O%C4%8Den%C3%A1%C5%A1ov%C3%A1-rod.-Bartikov%C3%A1-1930-2013-scaled.jpg?resize=1024%2C978&amp;ssl=1 1024w, https:\/\/i0.wp.com\/www.atelier-reklama.sk\/blog\/wp-content\/uploads\/2023\/03\/6A.-Z%C3%A1stera-diev%C4%8Densk%C3%A1-Jal%C5%A1ov%C3%ADk-druh%C3%A1-pol.-20.-stor.-krivou-ihlou-vy%C5%A1ila-Anna-O%C4%8Den%C3%A1%C5%A1ov%C3%A1-rod.-Bartikov%C3%A1-1930-2013-scaled.jpg?resize=300%2C286&amp;ssl=1 300w, https:\/\/i0.wp.com\/www.atelier-reklama.sk\/blog\/wp-content\/uploads\/2023\/03\/6A.-Z%C3%A1stera-diev%C4%8Densk%C3%A1-Jal%C5%A1ov%C3%ADk-druh%C3%A1-pol.-20.-stor.-krivou-ihlou-vy%C5%A1ila-Anna-O%C4%8Den%C3%A1%C5%A1ov%C3%A1-rod.-Bartikov%C3%A1-1930-2013-scaled.jpg?resize=768%2C733&amp;ssl=1 768w, https:\/\/i0.wp.com\/www.atelier-reklama.sk\/blog\/wp-content\/uploads\/2023\/03\/6A.-Z%C3%A1stera-diev%C4%8Densk%C3%A1-Jal%C5%A1ov%C3%ADk-druh%C3%A1-pol.-20.-stor.-krivou-ihlou-vy%C5%A1ila-Anna-O%C4%8Den%C3%A1%C5%A1ov%C3%A1-rod.-Bartikov%C3%A1-1930-2013-scaled.jpg?resize=1536%2C1466&amp;ssl=1 1536w, https:\/\/i0.wp.com\/www.atelier-reklama.sk\/blog\/wp-content\/uploads\/2023\/03\/6A.-Z%C3%A1stera-diev%C4%8Densk%C3%A1-Jal%C5%A1ov%C3%ADk-druh%C3%A1-pol.-20.-stor.-krivou-ihlou-vy%C5%A1ila-Anna-O%C4%8Den%C3%A1%C5%A1ov%C3%A1-rod.-Bartikov%C3%A1-1930-2013-scaled.jpg?resize=2048%2C1955&amp;ssl=1 2048w, https:\/\/i0.wp.com\/www.atelier-reklama.sk\/blog\/wp-content\/uploads\/2023\/03\/6A.-Z%C3%A1stera-diev%C4%8Densk%C3%A1-Jal%C5%A1ov%C3%ADk-druh%C3%A1-pol.-20.-stor.-krivou-ihlou-vy%C5%A1ila-Anna-O%C4%8Den%C3%A1%C5%A1ov%C3%A1-rod.-Bartikov%C3%A1-1930-2013-scaled.jpg?w=1600&amp;ssl=1 1600w, https:\/\/i0.wp.com\/www.atelier-reklama.sk\/blog\/wp-content\/uploads\/2023\/03\/6A.-Z%C3%A1stera-diev%C4%8Densk%C3%A1-Jal%C5%A1ov%C3%ADk-druh%C3%A1-pol.-20.-stor.-krivou-ihlou-vy%C5%A1ila-Anna-O%C4%8Den%C3%A1%C5%A1ov%C3%A1-rod.-Bartikov%C3%A1-1930-2013-scaled.jpg?w=2400&amp;ssl=1 2400w\" sizes=\"auto, (max-width: 800px) 100vw, 800px\" \/><\/figure>\n\n\n\n<figure class=\"wp-block-image size-large\"><img data-recalc-dims=\"1\" loading=\"lazy\" decoding=\"async\" width=\"800\" height=\"427\" data-attachment-id=\"13265\" data-permalink=\"https:\/\/www.atelier-reklama.sk\/blog\/moj-krekacsky-kroj-a-jeho-prekreslene-vzory-spolu\/6b-zastera-dievcenska-jalsovik-druha-pol-20-stor-krivou-ihlou-vysila-anna-ocenasova-rod-bartikova-1930-2013\/\" data-orig-file=\"https:\/\/i0.wp.com\/www.atelier-reklama.sk\/blog\/wp-content\/uploads\/2023\/03\/6B.-Z%C3%A1stera-diev%C4%8Densk%C3%A1-Jal%C5%A1ov%C3%ADk-druh%C3%A1-pol.-20.-stor.-krivou-ihlou-vy%C5%A1ila-Anna-O%C4%8Den%C3%A1%C5%A1ov%C3%A1-rod.-Bartikov%C3%A1-1930-2013-scaled.jpg?fit=2560%2C1365&amp;ssl=1\" data-orig-size=\"2560,1365\" data-comments-opened=\"1\" data-image-meta=\"{&quot;aperture&quot;:&quot;2&quot;,&quot;credit&quot;:&quot;&quot;,&quot;camera&quot;:&quot;SM-A125F&quot;,&quot;caption&quot;:&quot;&quot;,&quot;created_timestamp&quot;:&quot;1678876135&quot;,&quot;copyright&quot;:&quot;&quot;,&quot;focal_length&quot;:&quot;4.6&quot;,&quot;iso&quot;:&quot;200&quot;,&quot;shutter_speed&quot;:&quot;0.030002&quot;,&quot;title&quot;:&quot;&quot;,&quot;orientation&quot;:&quot;1&quot;}\" data-image-title=\"6B.-Z\u00e1stera-diev\u010densk\u00e1-Jal\u0161ov\u00edk-druh\u00e1-pol.-20.-stor.-krivou-ihlou-vy\u0161ila-Anna-O\u010den\u00e1\u0161ov\u00e1-rod.-Bartikov\u00e1-1930-2013\" data-image-description=\"\" data-image-caption=\"\" data-medium-file=\"https:\/\/i0.wp.com\/www.atelier-reklama.sk\/blog\/wp-content\/uploads\/2023\/03\/6B.-Z%C3%A1stera-diev%C4%8Densk%C3%A1-Jal%C5%A1ov%C3%ADk-druh%C3%A1-pol.-20.-stor.-krivou-ihlou-vy%C5%A1ila-Anna-O%C4%8Den%C3%A1%C5%A1ov%C3%A1-rod.-Bartikov%C3%A1-1930-2013-scaled.jpg?fit=300%2C160&amp;ssl=1\" data-large-file=\"https:\/\/i0.wp.com\/www.atelier-reklama.sk\/blog\/wp-content\/uploads\/2023\/03\/6B.-Z%C3%A1stera-diev%C4%8Densk%C3%A1-Jal%C5%A1ov%C3%ADk-druh%C3%A1-pol.-20.-stor.-krivou-ihlou-vy%C5%A1ila-Anna-O%C4%8Den%C3%A1%C5%A1ov%C3%A1-rod.-Bartikov%C3%A1-1930-2013-scaled.jpg?fit=800%2C427&amp;ssl=1\" src=\"https:\/\/i0.wp.com\/www.atelier-reklama.sk\/blog\/wp-content\/uploads\/2023\/03\/6B.-Z%C3%A1stera-diev%C4%8Densk%C3%A1-Jal%C5%A1ov%C3%ADk-druh%C3%A1-pol.-20.-stor.-krivou-ihlou-vy%C5%A1ila-Anna-O%C4%8Den%C3%A1%C5%A1ov%C3%A1-rod.-Bartikov%C3%A1-1930-2013.jpg?resize=800%2C427&#038;ssl=1\" alt=\"\" class=\"wp-image-13265\" srcset=\"https:\/\/i0.wp.com\/www.atelier-reklama.sk\/blog\/wp-content\/uploads\/2023\/03\/6B.-Z%C3%A1stera-diev%C4%8Densk%C3%A1-Jal%C5%A1ov%C3%ADk-druh%C3%A1-pol.-20.-stor.-krivou-ihlou-vy%C5%A1ila-Anna-O%C4%8Den%C3%A1%C5%A1ov%C3%A1-rod.-Bartikov%C3%A1-1930-2013-scaled.jpg?resize=1024%2C546&amp;ssl=1 1024w, https:\/\/i0.wp.com\/www.atelier-reklama.sk\/blog\/wp-content\/uploads\/2023\/03\/6B.-Z%C3%A1stera-diev%C4%8Densk%C3%A1-Jal%C5%A1ov%C3%ADk-druh%C3%A1-pol.-20.-stor.-krivou-ihlou-vy%C5%A1ila-Anna-O%C4%8Den%C3%A1%C5%A1ov%C3%A1-rod.-Bartikov%C3%A1-1930-2013-scaled.jpg?resize=300%2C160&amp;ssl=1 300w, https:\/\/i0.wp.com\/www.atelier-reklama.sk\/blog\/wp-content\/uploads\/2023\/03\/6B.-Z%C3%A1stera-diev%C4%8Densk%C3%A1-Jal%C5%A1ov%C3%ADk-druh%C3%A1-pol.-20.-stor.-krivou-ihlou-vy%C5%A1ila-Anna-O%C4%8Den%C3%A1%C5%A1ov%C3%A1-rod.-Bartikov%C3%A1-1930-2013-scaled.jpg?resize=768%2C410&amp;ssl=1 768w, https:\/\/i0.wp.com\/www.atelier-reklama.sk\/blog\/wp-content\/uploads\/2023\/03\/6B.-Z%C3%A1stera-diev%C4%8Densk%C3%A1-Jal%C5%A1ov%C3%ADk-druh%C3%A1-pol.-20.-stor.-krivou-ihlou-vy%C5%A1ila-Anna-O%C4%8Den%C3%A1%C5%A1ov%C3%A1-rod.-Bartikov%C3%A1-1930-2013-scaled.jpg?resize=1536%2C819&amp;ssl=1 1536w, https:\/\/i0.wp.com\/www.atelier-reklama.sk\/blog\/wp-content\/uploads\/2023\/03\/6B.-Z%C3%A1stera-diev%C4%8Densk%C3%A1-Jal%C5%A1ov%C3%ADk-druh%C3%A1-pol.-20.-stor.-krivou-ihlou-vy%C5%A1ila-Anna-O%C4%8Den%C3%A1%C5%A1ov%C3%A1-rod.-Bartikov%C3%A1-1930-2013-scaled.jpg?resize=2048%2C1092&amp;ssl=1 2048w, https:\/\/i0.wp.com\/www.atelier-reklama.sk\/blog\/wp-content\/uploads\/2023\/03\/6B.-Z%C3%A1stera-diev%C4%8Densk%C3%A1-Jal%C5%A1ov%C3%ADk-druh%C3%A1-pol.-20.-stor.-krivou-ihlou-vy%C5%A1ila-Anna-O%C4%8Den%C3%A1%C5%A1ov%C3%A1-rod.-Bartikov%C3%A1-1930-2013-scaled.jpg?w=1600&amp;ssl=1 1600w, https:\/\/i0.wp.com\/www.atelier-reklama.sk\/blog\/wp-content\/uploads\/2023\/03\/6B.-Z%C3%A1stera-diev%C4%8Densk%C3%A1-Jal%C5%A1ov%C3%ADk-druh%C3%A1-pol.-20.-stor.-krivou-ihlou-vy%C5%A1ila-Anna-O%C4%8Den%C3%A1%C5%A1ov%C3%A1-rod.-Bartikov%C3%A1-1930-2013-scaled.jpg?w=2400&amp;ssl=1 2400w\" sizes=\"auto, (max-width: 800px) 100vw, 800px\" \/><\/figure>\n\n\n\n<figure class=\"wp-block-image size-large\"><img data-recalc-dims=\"1\" loading=\"lazy\" decoding=\"async\" width=\"800\" height=\"566\" data-attachment-id=\"13266\" data-permalink=\"https:\/\/www.atelier-reklama.sk\/blog\/moj-krekacsky-kroj-a-jeho-prekreslene-vzory-spolu\/6c-zastera-dievcenska-jalsovik-druha-pol-20-stor-krivou-ihlou-vysila-anna-ocenasova-rod-bartikova-1930-2013\/\" data-orig-file=\"https:\/\/i0.wp.com\/www.atelier-reklama.sk\/blog\/wp-content\/uploads\/2023\/03\/6C.-Z%C3%A1stera-diev%C4%8Densk%C3%A1-Jal%C5%A1ov%C3%ADk-druh%C3%A1-pol.-20.-stor.-krivou-ihlou-vy%C5%A1ila-Anna-O%C4%8Den%C3%A1%C5%A1ov%C3%A1-rod.-Bartikov%C3%A1-1930-2013-scaled.jpg?fit=2560%2C1810&amp;ssl=1\" data-orig-size=\"2560,1810\" data-comments-opened=\"1\" data-image-meta=\"{&quot;aperture&quot;:&quot;0&quot;,&quot;credit&quot;:&quot;&quot;,&quot;camera&quot;:&quot;&quot;,&quot;caption&quot;:&quot;&quot;,&quot;created_timestamp&quot;:&quot;0&quot;,&quot;copyright&quot;:&quot;&quot;,&quot;focal_length&quot;:&quot;0&quot;,&quot;iso&quot;:&quot;0&quot;,&quot;shutter_speed&quot;:&quot;0&quot;,&quot;title&quot;:&quot;&quot;,&quot;orientation&quot;:&quot;0&quot;}\" data-image-title=\"6C.-Z\u00e1stera-diev\u010densk\u00e1-Jal\u0161ov\u00edk-druh\u00e1-pol.-20.-stor.-krivou-ihlou-vy\u0161ila-Anna-O\u010den\u00e1\u0161ov\u00e1-rod.-Bartikov\u00e1-1930-2013\" data-image-description=\"\" data-image-caption=\"\" data-medium-file=\"https:\/\/i0.wp.com\/www.atelier-reklama.sk\/blog\/wp-content\/uploads\/2023\/03\/6C.-Z%C3%A1stera-diev%C4%8Densk%C3%A1-Jal%C5%A1ov%C3%ADk-druh%C3%A1-pol.-20.-stor.-krivou-ihlou-vy%C5%A1ila-Anna-O%C4%8Den%C3%A1%C5%A1ov%C3%A1-rod.-Bartikov%C3%A1-1930-2013-scaled.jpg?fit=300%2C212&amp;ssl=1\" data-large-file=\"https:\/\/i0.wp.com\/www.atelier-reklama.sk\/blog\/wp-content\/uploads\/2023\/03\/6C.-Z%C3%A1stera-diev%C4%8Densk%C3%A1-Jal%C5%A1ov%C3%ADk-druh%C3%A1-pol.-20.-stor.-krivou-ihlou-vy%C5%A1ila-Anna-O%C4%8Den%C3%A1%C5%A1ov%C3%A1-rod.-Bartikov%C3%A1-1930-2013-scaled.jpg?fit=800%2C566&amp;ssl=1\" src=\"https:\/\/i0.wp.com\/www.atelier-reklama.sk\/blog\/wp-content\/uploads\/2023\/03\/6C.-Z%C3%A1stera-diev%C4%8Densk%C3%A1-Jal%C5%A1ov%C3%ADk-druh%C3%A1-pol.-20.-stor.-krivou-ihlou-vy%C5%A1ila-Anna-O%C4%8Den%C3%A1%C5%A1ov%C3%A1-rod.-Bartikov%C3%A1-1930-2013.jpg?resize=800%2C566&#038;ssl=1\" alt=\"\" class=\"wp-image-13266\" srcset=\"https:\/\/i0.wp.com\/www.atelier-reklama.sk\/blog\/wp-content\/uploads\/2023\/03\/6C.-Z%C3%A1stera-diev%C4%8Densk%C3%A1-Jal%C5%A1ov%C3%ADk-druh%C3%A1-pol.-20.-stor.-krivou-ihlou-vy%C5%A1ila-Anna-O%C4%8Den%C3%A1%C5%A1ov%C3%A1-rod.-Bartikov%C3%A1-1930-2013-scaled.jpg?resize=1024%2C724&amp;ssl=1 1024w, https:\/\/i0.wp.com\/www.atelier-reklama.sk\/blog\/wp-content\/uploads\/2023\/03\/6C.-Z%C3%A1stera-diev%C4%8Densk%C3%A1-Jal%C5%A1ov%C3%ADk-druh%C3%A1-pol.-20.-stor.-krivou-ihlou-vy%C5%A1ila-Anna-O%C4%8Den%C3%A1%C5%A1ov%C3%A1-rod.-Bartikov%C3%A1-1930-2013-scaled.jpg?resize=300%2C212&amp;ssl=1 300w, https:\/\/i0.wp.com\/www.atelier-reklama.sk\/blog\/wp-content\/uploads\/2023\/03\/6C.-Z%C3%A1stera-diev%C4%8Densk%C3%A1-Jal%C5%A1ov%C3%ADk-druh%C3%A1-pol.-20.-stor.-krivou-ihlou-vy%C5%A1ila-Anna-O%C4%8Den%C3%A1%C5%A1ov%C3%A1-rod.-Bartikov%C3%A1-1930-2013-scaled.jpg?resize=768%2C543&amp;ssl=1 768w, https:\/\/i0.wp.com\/www.atelier-reklama.sk\/blog\/wp-content\/uploads\/2023\/03\/6C.-Z%C3%A1stera-diev%C4%8Densk%C3%A1-Jal%C5%A1ov%C3%ADk-druh%C3%A1-pol.-20.-stor.-krivou-ihlou-vy%C5%A1ila-Anna-O%C4%8Den%C3%A1%C5%A1ov%C3%A1-rod.-Bartikov%C3%A1-1930-2013-scaled.jpg?resize=1536%2C1086&amp;ssl=1 1536w, https:\/\/i0.wp.com\/www.atelier-reklama.sk\/blog\/wp-content\/uploads\/2023\/03\/6C.-Z%C3%A1stera-diev%C4%8Densk%C3%A1-Jal%C5%A1ov%C3%ADk-druh%C3%A1-pol.-20.-stor.-krivou-ihlou-vy%C5%A1ila-Anna-O%C4%8Den%C3%A1%C5%A1ov%C3%A1-rod.-Bartikov%C3%A1-1930-2013-scaled.jpg?resize=2048%2C1448&amp;ssl=1 2048w, https:\/\/i0.wp.com\/www.atelier-reklama.sk\/blog\/wp-content\/uploads\/2023\/03\/6C.-Z%C3%A1stera-diev%C4%8Densk%C3%A1-Jal%C5%A1ov%C3%ADk-druh%C3%A1-pol.-20.-stor.-krivou-ihlou-vy%C5%A1ila-Anna-O%C4%8Den%C3%A1%C5%A1ov%C3%A1-rod.-Bartikov%C3%A1-1930-2013-scaled.jpg?w=1600&amp;ssl=1 1600w, https:\/\/i0.wp.com\/www.atelier-reklama.sk\/blog\/wp-content\/uploads\/2023\/03\/6C.-Z%C3%A1stera-diev%C4%8Densk%C3%A1-Jal%C5%A1ov%C3%ADk-druh%C3%A1-pol.-20.-stor.-krivou-ihlou-vy%C5%A1ila-Anna-O%C4%8Den%C3%A1%C5%A1ov%C3%A1-rod.-Bartikov%C3%A1-1930-2013-scaled.jpg?w=2400&amp;ssl=1 2400w\" sizes=\"auto, (max-width: 800px) 100vw, 800px\" \/><\/figure>\n\n\n\n<figure class=\"wp-block-image size-large\"><img data-recalc-dims=\"1\" loading=\"lazy\" decoding=\"async\" width=\"800\" height=\"600\" data-attachment-id=\"13267\" data-permalink=\"https:\/\/www.atelier-reklama.sk\/blog\/moj-krekacsky-kroj-a-jeho-prekreslene-vzory-spolu\/6hzste1\/\" data-orig-file=\"https:\/\/i0.wp.com\/www.atelier-reklama.sk\/blog\/wp-content\/uploads\/2023\/03\/6HZSTE1-scaled.jpg?fit=2560%2C1920&amp;ssl=1\" data-orig-size=\"2560,1920\" data-comments-opened=\"1\" data-image-meta=\"{&quot;aperture&quot;:&quot;2&quot;,&quot;credit&quot;:&quot;&quot;,&quot;camera&quot;:&quot;SM-A125F&quot;,&quot;caption&quot;:&quot;&quot;,&quot;created_timestamp&quot;:&quot;1678876147&quot;,&quot;copyright&quot;:&quot;&quot;,&quot;focal_length&quot;:&quot;4.6&quot;,&quot;iso&quot;:&quot;200&quot;,&quot;shutter_speed&quot;:&quot;0.030002&quot;,&quot;title&quot;:&quot;&quot;,&quot;orientation&quot;:&quot;1&quot;}\" data-image-title=\"6HZSTE1\" data-image-description=\"\" data-image-caption=\"\" data-medium-file=\"https:\/\/i0.wp.com\/www.atelier-reklama.sk\/blog\/wp-content\/uploads\/2023\/03\/6HZSTE1-scaled.jpg?fit=300%2C225&amp;ssl=1\" data-large-file=\"https:\/\/i0.wp.com\/www.atelier-reklama.sk\/blog\/wp-content\/uploads\/2023\/03\/6HZSTE1-scaled.jpg?fit=800%2C600&amp;ssl=1\" src=\"https:\/\/i0.wp.com\/www.atelier-reklama.sk\/blog\/wp-content\/uploads\/2023\/03\/6HZSTE1.jpg?resize=800%2C600&#038;ssl=1\" alt=\"\" class=\"wp-image-13267\" srcset=\"https:\/\/i0.wp.com\/www.atelier-reklama.sk\/blog\/wp-content\/uploads\/2023\/03\/6HZSTE1-scaled.jpg?resize=1024%2C768&amp;ssl=1 1024w, https:\/\/i0.wp.com\/www.atelier-reklama.sk\/blog\/wp-content\/uploads\/2023\/03\/6HZSTE1-scaled.jpg?resize=300%2C225&amp;ssl=1 300w, https:\/\/i0.wp.com\/www.atelier-reklama.sk\/blog\/wp-content\/uploads\/2023\/03\/6HZSTE1-scaled.jpg?resize=768%2C576&amp;ssl=1 768w, https:\/\/i0.wp.com\/www.atelier-reklama.sk\/blog\/wp-content\/uploads\/2023\/03\/6HZSTE1-scaled.jpg?resize=1536%2C1152&amp;ssl=1 1536w, https:\/\/i0.wp.com\/www.atelier-reklama.sk\/blog\/wp-content\/uploads\/2023\/03\/6HZSTE1-scaled.jpg?resize=2048%2C1536&amp;ssl=1 2048w, https:\/\/i0.wp.com\/www.atelier-reklama.sk\/blog\/wp-content\/uploads\/2023\/03\/6HZSTE1-scaled.jpg?w=1600&amp;ssl=1 1600w, https:\/\/i0.wp.com\/www.atelier-reklama.sk\/blog\/wp-content\/uploads\/2023\/03\/6HZSTE1-scaled.jpg?w=2400&amp;ssl=1 2400w\" sizes=\"auto, (max-width: 800px) 100vw, 800px\" \/><\/figure>\n\n\n\n<figure class=\"wp-block-image size-large\"><img data-recalc-dims=\"1\" loading=\"lazy\" decoding=\"async\" width=\"800\" height=\"600\" data-attachment-id=\"13268\" data-permalink=\"https:\/\/www.atelier-reklama.sk\/blog\/moj-krekacsky-kroj-a-jeho-prekreslene-vzory-spolu\/6chzst1\/\" data-orig-file=\"https:\/\/i0.wp.com\/www.atelier-reklama.sk\/blog\/wp-content\/uploads\/2023\/03\/6CHZST1-scaled.jpg?fit=2560%2C1920&amp;ssl=1\" data-orig-size=\"2560,1920\" data-comments-opened=\"1\" data-image-meta=\"{&quot;aperture&quot;:&quot;2&quot;,&quot;credit&quot;:&quot;&quot;,&quot;camera&quot;:&quot;SM-A125F&quot;,&quot;caption&quot;:&quot;&quot;,&quot;created_timestamp&quot;:&quot;1678876151&quot;,&quot;copyright&quot;:&quot;&quot;,&quot;focal_length&quot;:&quot;4.6&quot;,&quot;iso&quot;:&quot;200&quot;,&quot;shutter_speed&quot;:&quot;0.030002&quot;,&quot;title&quot;:&quot;&quot;,&quot;orientation&quot;:&quot;1&quot;}\" data-image-title=\"6CHZST1\" data-image-description=\"\" data-image-caption=\"\" data-medium-file=\"https:\/\/i0.wp.com\/www.atelier-reklama.sk\/blog\/wp-content\/uploads\/2023\/03\/6CHZST1-scaled.jpg?fit=300%2C225&amp;ssl=1\" data-large-file=\"https:\/\/i0.wp.com\/www.atelier-reklama.sk\/blog\/wp-content\/uploads\/2023\/03\/6CHZST1-scaled.jpg?fit=800%2C600&amp;ssl=1\" src=\"https:\/\/i0.wp.com\/www.atelier-reklama.sk\/blog\/wp-content\/uploads\/2023\/03\/6CHZST1.jpg?resize=800%2C600&#038;ssl=1\" alt=\"\" class=\"wp-image-13268\" srcset=\"https:\/\/i0.wp.com\/www.atelier-reklama.sk\/blog\/wp-content\/uploads\/2023\/03\/6CHZST1-scaled.jpg?resize=1024%2C768&amp;ssl=1 1024w, https:\/\/i0.wp.com\/www.atelier-reklama.sk\/blog\/wp-content\/uploads\/2023\/03\/6CHZST1-scaled.jpg?resize=300%2C225&amp;ssl=1 300w, https:\/\/i0.wp.com\/www.atelier-reklama.sk\/blog\/wp-content\/uploads\/2023\/03\/6CHZST1-scaled.jpg?resize=768%2C576&amp;ssl=1 768w, https:\/\/i0.wp.com\/www.atelier-reklama.sk\/blog\/wp-content\/uploads\/2023\/03\/6CHZST1-scaled.jpg?resize=1536%2C1152&amp;ssl=1 1536w, https:\/\/i0.wp.com\/www.atelier-reklama.sk\/blog\/wp-content\/uploads\/2023\/03\/6CHZST1-scaled.jpg?resize=2048%2C1536&amp;ssl=1 2048w, https:\/\/i0.wp.com\/www.atelier-reklama.sk\/blog\/wp-content\/uploads\/2023\/03\/6CHZST1-scaled.jpg?w=1600&amp;ssl=1 1600w, https:\/\/i0.wp.com\/www.atelier-reklama.sk\/blog\/wp-content\/uploads\/2023\/03\/6CHZST1-scaled.jpg?w=2400&amp;ssl=1 2400w\" sizes=\"auto, (max-width: 800px) 100vw, 800px\" \/><\/figure>\n\n\n\n<h2 class=\"wp-block-heading\">C. Z\u00e1stery vy\u0161it\u00e9 na \u010diernom<\/h2>\n\n\n\n<p>1.  Z\u00e1stera, Dol. Mladonice, pol. 20. stor., kr\u00ed\u017eikmi vy\u0161ila Anna O\u010den\u00e1\u0161ov\u00e1, rod. Bartikov\u00e1 (1930-2013)<\/p>\n\n\n\n<figure class=\"wp-block-image size-large\"><img data-recalc-dims=\"1\" loading=\"lazy\" decoding=\"async\" width=\"800\" height=\"895\" data-attachment-id=\"13203\" data-permalink=\"https:\/\/www.atelier-reklama.sk\/blog\/moj-krekacsky-kroj-a-jeho-prekreslene-vzory-spolu\/7d-zastera-dol-mladonice-pol-20-stor-krizikmi-vysila-anna-ocenasova-rod-bartikova-1930-2013-1\/\" data-orig-file=\"https:\/\/i0.wp.com\/www.atelier-reklama.sk\/blog\/wp-content\/uploads\/2023\/03\/7D.-Z%C3%A1stera-Dol.-Mladonice-pol.-20.-stor.-kr%C3%AD%C5%BEikmi-vy%C5%A1ila-Anna-O%C4%8Den%C3%A1%C5%A1ov%C3%A1-rod.-Bartikov%C3%A1-1930-2013-1-scaled.jpg?fit=2287%2C2560&amp;ssl=1\" data-orig-size=\"2287,2560\" data-comments-opened=\"1\" data-image-meta=\"{&quot;aperture&quot;:&quot;2&quot;,&quot;credit&quot;:&quot;&quot;,&quot;camera&quot;:&quot;SM-A125F&quot;,&quot;caption&quot;:&quot;&quot;,&quot;created_timestamp&quot;:&quot;1679044350&quot;,&quot;copyright&quot;:&quot;&quot;,&quot;focal_length&quot;:&quot;4.6&quot;,&quot;iso&quot;:&quot;250&quot;,&quot;shutter_speed&quot;:&quot;0.04&quot;,&quot;title&quot;:&quot;&quot;,&quot;orientation&quot;:&quot;1&quot;}\" data-image-title=\"7D.-Z\u00e1stera-Dol.-Mladonice-pol.-20.-stor.-kr\u00ed\u017eikmi-vy\u0161ila-Anna-O\u010den\u00e1\u0161ov\u00e1-rod.-Bartikov\u00e1-1930-2013-1\" data-image-description=\"\" data-image-caption=\"\" data-medium-file=\"https:\/\/i0.wp.com\/www.atelier-reklama.sk\/blog\/wp-content\/uploads\/2023\/03\/7D.-Z%C3%A1stera-Dol.-Mladonice-pol.-20.-stor.-kr%C3%AD%C5%BEikmi-vy%C5%A1ila-Anna-O%C4%8Den%C3%A1%C5%A1ov%C3%A1-rod.-Bartikov%C3%A1-1930-2013-1-scaled.jpg?fit=268%2C300&amp;ssl=1\" data-large-file=\"https:\/\/i0.wp.com\/www.atelier-reklama.sk\/blog\/wp-content\/uploads\/2023\/03\/7D.-Z%C3%A1stera-Dol.-Mladonice-pol.-20.-stor.-kr%C3%AD%C5%BEikmi-vy%C5%A1ila-Anna-O%C4%8Den%C3%A1%C5%A1ov%C3%A1-rod.-Bartikov%C3%A1-1930-2013-1-scaled.jpg?fit=800%2C895&amp;ssl=1\" src=\"https:\/\/i0.wp.com\/www.atelier-reklama.sk\/blog\/wp-content\/uploads\/2023\/03\/7D.-Z%C3%A1stera-Dol.-Mladonice-pol.-20.-stor.-kr%C3%AD%C5%BEikmi-vy%C5%A1ila-Anna-O%C4%8Den%C3%A1%C5%A1ov%C3%A1-rod.-Bartikov%C3%A1-1930-2013-1.jpg?resize=800%2C895&#038;ssl=1\" alt=\"\" class=\"wp-image-13203\" srcset=\"https:\/\/i0.wp.com\/www.atelier-reklama.sk\/blog\/wp-content\/uploads\/2023\/03\/7D.-Z%C3%A1stera-Dol.-Mladonice-pol.-20.-stor.-kr%C3%AD%C5%BEikmi-vy%C5%A1ila-Anna-O%C4%8Den%C3%A1%C5%A1ov%C3%A1-rod.-Bartikov%C3%A1-1930-2013-1-scaled.jpg?resize=915%2C1024&amp;ssl=1 915w, https:\/\/i0.wp.com\/www.atelier-reklama.sk\/blog\/wp-content\/uploads\/2023\/03\/7D.-Z%C3%A1stera-Dol.-Mladonice-pol.-20.-stor.-kr%C3%AD%C5%BEikmi-vy%C5%A1ila-Anna-O%C4%8Den%C3%A1%C5%A1ov%C3%A1-rod.-Bartikov%C3%A1-1930-2013-1-scaled.jpg?resize=268%2C300&amp;ssl=1 268w, https:\/\/i0.wp.com\/www.atelier-reklama.sk\/blog\/wp-content\/uploads\/2023\/03\/7D.-Z%C3%A1stera-Dol.-Mladonice-pol.-20.-stor.-kr%C3%AD%C5%BEikmi-vy%C5%A1ila-Anna-O%C4%8Den%C3%A1%C5%A1ov%C3%A1-rod.-Bartikov%C3%A1-1930-2013-1-scaled.jpg?resize=768%2C860&amp;ssl=1 768w, https:\/\/i0.wp.com\/www.atelier-reklama.sk\/blog\/wp-content\/uploads\/2023\/03\/7D.-Z%C3%A1stera-Dol.-Mladonice-pol.-20.-stor.-kr%C3%AD%C5%BEikmi-vy%C5%A1ila-Anna-O%C4%8Den%C3%A1%C5%A1ov%C3%A1-rod.-Bartikov%C3%A1-1930-2013-1-scaled.jpg?resize=1372%2C1536&amp;ssl=1 1372w, https:\/\/i0.wp.com\/www.atelier-reklama.sk\/blog\/wp-content\/uploads\/2023\/03\/7D.-Z%C3%A1stera-Dol.-Mladonice-pol.-20.-stor.-kr%C3%AD%C5%BEikmi-vy%C5%A1ila-Anna-O%C4%8Den%C3%A1%C5%A1ov%C3%A1-rod.-Bartikov%C3%A1-1930-2013-1-scaled.jpg?resize=1830%2C2048&amp;ssl=1 1830w, https:\/\/i0.wp.com\/www.atelier-reklama.sk\/blog\/wp-content\/uploads\/2023\/03\/7D.-Z%C3%A1stera-Dol.-Mladonice-pol.-20.-stor.-kr%C3%AD%C5%BEikmi-vy%C5%A1ila-Anna-O%C4%8Den%C3%A1%C5%A1ov%C3%A1-rod.-Bartikov%C3%A1-1930-2013-1-scaled.jpg?w=1600&amp;ssl=1 1600w\" sizes=\"auto, (max-width: 800px) 100vw, 800px\" \/><\/figure>\n\n\n\n<figure class=\"wp-block-image size-large\"><img data-recalc-dims=\"1\" loading=\"lazy\" decoding=\"async\" width=\"800\" height=\"263\" data-attachment-id=\"13089\" data-permalink=\"https:\/\/www.atelier-reklama.sk\/blog\/moj-krekacsky-kroj-a-jeho-prekreslene-vzory-spolu\/7-spodna-cast-detska-cierna-zastera-krizikam-foto\/\" data-orig-file=\"https:\/\/i0.wp.com\/www.atelier-reklama.sk\/blog\/wp-content\/uploads\/2023\/03\/7-spodna-%C4%8Das%C5%A5-Detska-cierna-z%C3%A1stera-kr%C3%AD%C5%BEikam-foto.jpg?fit=1819%2C599&amp;ssl=1\" data-orig-size=\"1819,599\" data-comments-opened=\"1\" data-image-meta=\"{&quot;aperture&quot;:&quot;1.6&quot;,&quot;credit&quot;:&quot;&quot;,&quot;camera&quot;:&quot;DMC-LX7&quot;,&quot;caption&quot;:&quot;&quot;,&quot;created_timestamp&quot;:&quot;1547917712&quot;,&quot;copyright&quot;:&quot;&quot;,&quot;focal_length&quot;:&quot;6.9&quot;,&quot;iso&quot;:&quot;320&quot;,&quot;shutter_speed&quot;:&quot;0.016666666666667&quot;,&quot;title&quot;:&quot;&quot;,&quot;orientation&quot;:&quot;1&quot;}\" data-image-title=\"7-spodna-\u010das\u0165-Detska-cierna-z\u00e1stera-kr\u00ed\u017eikam-foto\" data-image-description=\"\" data-image-caption=\"\" data-medium-file=\"https:\/\/i0.wp.com\/www.atelier-reklama.sk\/blog\/wp-content\/uploads\/2023\/03\/7-spodna-%C4%8Das%C5%A5-Detska-cierna-z%C3%A1stera-kr%C3%AD%C5%BEikam-foto.jpg?fit=300%2C99&amp;ssl=1\" data-large-file=\"https:\/\/i0.wp.com\/www.atelier-reklama.sk\/blog\/wp-content\/uploads\/2023\/03\/7-spodna-%C4%8Das%C5%A5-Detska-cierna-z%C3%A1stera-kr%C3%AD%C5%BEikam-foto.jpg?fit=800%2C263&amp;ssl=1\" src=\"https:\/\/i0.wp.com\/www.atelier-reklama.sk\/blog\/wp-content\/uploads\/2023\/03\/7-spodna-%C4%8Das%C5%A5-Detska-cierna-z%C3%A1stera-kr%C3%AD%C5%BEikam-foto.jpg?resize=800%2C263&#038;ssl=1\" alt=\"\" class=\"wp-image-13089\" srcset=\"https:\/\/i0.wp.com\/www.atelier-reklama.sk\/blog\/wp-content\/uploads\/2023\/03\/7-spodna-%C4%8Das%C5%A5-Detska-cierna-z%C3%A1stera-kr%C3%AD%C5%BEikam-foto.jpg?resize=1024%2C337&amp;ssl=1 1024w, https:\/\/i0.wp.com\/www.atelier-reklama.sk\/blog\/wp-content\/uploads\/2023\/03\/7-spodna-%C4%8Das%C5%A5-Detska-cierna-z%C3%A1stera-kr%C3%AD%C5%BEikam-foto.jpg?resize=300%2C99&amp;ssl=1 300w, https:\/\/i0.wp.com\/www.atelier-reklama.sk\/blog\/wp-content\/uploads\/2023\/03\/7-spodna-%C4%8Das%C5%A5-Detska-cierna-z%C3%A1stera-kr%C3%AD%C5%BEikam-foto.jpg?resize=768%2C253&amp;ssl=1 768w, https:\/\/i0.wp.com\/www.atelier-reklama.sk\/blog\/wp-content\/uploads\/2023\/03\/7-spodna-%C4%8Das%C5%A5-Detska-cierna-z%C3%A1stera-kr%C3%AD%C5%BEikam-foto.jpg?resize=1536%2C506&amp;ssl=1 1536w, https:\/\/i0.wp.com\/www.atelier-reklama.sk\/blog\/wp-content\/uploads\/2023\/03\/7-spodna-%C4%8Das%C5%A5-Detska-cierna-z%C3%A1stera-kr%C3%AD%C5%BEikam-foto.jpg?w=1819&amp;ssl=1 1819w, https:\/\/i0.wp.com\/www.atelier-reklama.sk\/blog\/wp-content\/uploads\/2023\/03\/7-spodna-%C4%8Das%C5%A5-Detska-cierna-z%C3%A1stera-kr%C3%AD%C5%BEikam-foto.jpg?w=1600&amp;ssl=1 1600w\" sizes=\"auto, (max-width: 800px) 100vw, 800px\" \/><\/figure>\n\n\n\n<figure class=\"wp-block-image size-large\"><img data-recalc-dims=\"1\" loading=\"lazy\" decoding=\"async\" width=\"800\" height=\"566\" data-attachment-id=\"13053\" data-permalink=\"https:\/\/www.atelier-reklama.sk\/blog\/moj-krekacsky-kroj-a-jeho-prekreslene-vzory-spolu\/7a-zastera-dol-mladonice-pol-20-stor-krizikmi-vysila-anna-ocenasova-rod-bartikova-1930-2013\/\" data-orig-file=\"https:\/\/i0.wp.com\/www.atelier-reklama.sk\/blog\/wp-content\/uploads\/2023\/03\/7A.-Z%C3%A1stera-Dol.-Mladonice-pol.-20.-stor.-kr%C3%AD%C5%BEikmi-vy%C5%A1ila-Anna-O%C4%8Den%C3%A1%C5%A1ov%C3%A1-rod.-Bartikov%C3%A1-1930-2013-scaled.jpg?fit=2560%2C1810&amp;ssl=1\" data-orig-size=\"2560,1810\" data-comments-opened=\"1\" data-image-meta=\"{&quot;aperture&quot;:&quot;0&quot;,&quot;credit&quot;:&quot;&quot;,&quot;camera&quot;:&quot;&quot;,&quot;caption&quot;:&quot;&quot;,&quot;created_timestamp&quot;:&quot;0&quot;,&quot;copyright&quot;:&quot;&quot;,&quot;focal_length&quot;:&quot;0&quot;,&quot;iso&quot;:&quot;0&quot;,&quot;shutter_speed&quot;:&quot;0&quot;,&quot;title&quot;:&quot;&quot;,&quot;orientation&quot;:&quot;0&quot;}\" data-image-title=\"7A.-Z\u00e1stera-Dol.-Mladonice-pol.-20.-stor.-kr\u00ed\u017eikmi-vy\u0161ila-Anna-O\u010den\u00e1\u0161ov\u00e1-rod.-Bartikov\u00e1-1930-2013\" data-image-description=\"\" data-image-caption=\"\" data-medium-file=\"https:\/\/i0.wp.com\/www.atelier-reklama.sk\/blog\/wp-content\/uploads\/2023\/03\/7A.-Z%C3%A1stera-Dol.-Mladonice-pol.-20.-stor.-kr%C3%AD%C5%BEikmi-vy%C5%A1ila-Anna-O%C4%8Den%C3%A1%C5%A1ov%C3%A1-rod.-Bartikov%C3%A1-1930-2013-scaled.jpg?fit=300%2C212&amp;ssl=1\" data-large-file=\"https:\/\/i0.wp.com\/www.atelier-reklama.sk\/blog\/wp-content\/uploads\/2023\/03\/7A.-Z%C3%A1stera-Dol.-Mladonice-pol.-20.-stor.-kr%C3%AD%C5%BEikmi-vy%C5%A1ila-Anna-O%C4%8Den%C3%A1%C5%A1ov%C3%A1-rod.-Bartikov%C3%A1-1930-2013-scaled.jpg?fit=800%2C566&amp;ssl=1\" src=\"https:\/\/i0.wp.com\/www.atelier-reklama.sk\/blog\/wp-content\/uploads\/2023\/03\/7A.-Z%C3%A1stera-Dol.-Mladonice-pol.-20.-stor.-kr%C3%AD%C5%BEikmi-vy%C5%A1ila-Anna-O%C4%8Den%C3%A1%C5%A1ov%C3%A1-rod.-Bartikov%C3%A1-1930-2013.jpg?resize=800%2C566&#038;ssl=1\" alt=\"\" class=\"wp-image-13053\" srcset=\"https:\/\/i0.wp.com\/www.atelier-reklama.sk\/blog\/wp-content\/uploads\/2023\/03\/7A.-Z%C3%A1stera-Dol.-Mladonice-pol.-20.-stor.-kr%C3%AD%C5%BEikmi-vy%C5%A1ila-Anna-O%C4%8Den%C3%A1%C5%A1ov%C3%A1-rod.-Bartikov%C3%A1-1930-2013-scaled.jpg?resize=1024%2C724&amp;ssl=1 1024w, https:\/\/i0.wp.com\/www.atelier-reklama.sk\/blog\/wp-content\/uploads\/2023\/03\/7A.-Z%C3%A1stera-Dol.-Mladonice-pol.-20.-stor.-kr%C3%AD%C5%BEikmi-vy%C5%A1ila-Anna-O%C4%8Den%C3%A1%C5%A1ov%C3%A1-rod.-Bartikov%C3%A1-1930-2013-scaled.jpg?resize=300%2C212&amp;ssl=1 300w, https:\/\/i0.wp.com\/www.atelier-reklama.sk\/blog\/wp-content\/uploads\/2023\/03\/7A.-Z%C3%A1stera-Dol.-Mladonice-pol.-20.-stor.-kr%C3%AD%C5%BEikmi-vy%C5%A1ila-Anna-O%C4%8Den%C3%A1%C5%A1ov%C3%A1-rod.-Bartikov%C3%A1-1930-2013-scaled.jpg?resize=768%2C543&amp;ssl=1 768w, https:\/\/i0.wp.com\/www.atelier-reklama.sk\/blog\/wp-content\/uploads\/2023\/03\/7A.-Z%C3%A1stera-Dol.-Mladonice-pol.-20.-stor.-kr%C3%AD%C5%BEikmi-vy%C5%A1ila-Anna-O%C4%8Den%C3%A1%C5%A1ov%C3%A1-rod.-Bartikov%C3%A1-1930-2013-scaled.jpg?resize=1536%2C1086&amp;ssl=1 1536w, https:\/\/i0.wp.com\/www.atelier-reklama.sk\/blog\/wp-content\/uploads\/2023\/03\/7A.-Z%C3%A1stera-Dol.-Mladonice-pol.-20.-stor.-kr%C3%AD%C5%BEikmi-vy%C5%A1ila-Anna-O%C4%8Den%C3%A1%C5%A1ov%C3%A1-rod.-Bartikov%C3%A1-1930-2013-scaled.jpg?resize=2048%2C1448&amp;ssl=1 2048w, https:\/\/i0.wp.com\/www.atelier-reklama.sk\/blog\/wp-content\/uploads\/2023\/03\/7A.-Z%C3%A1stera-Dol.-Mladonice-pol.-20.-stor.-kr%C3%AD%C5%BEikmi-vy%C5%A1ila-Anna-O%C4%8Den%C3%A1%C5%A1ov%C3%A1-rod.-Bartikov%C3%A1-1930-2013-scaled.jpg?w=1600&amp;ssl=1 1600w, https:\/\/i0.wp.com\/www.atelier-reklama.sk\/blog\/wp-content\/uploads\/2023\/03\/7A.-Z%C3%A1stera-Dol.-Mladonice-pol.-20.-stor.-kr%C3%AD%C5%BEikmi-vy%C5%A1ila-Anna-O%C4%8Den%C3%A1%C5%A1ov%C3%A1-rod.-Bartikov%C3%A1-1930-2013-scaled.jpg?w=2400&amp;ssl=1 2400w\" sizes=\"auto, (max-width: 800px) 100vw, 800px\" \/><\/figure>\n\n\n\n<figure class=\"wp-block-image size-large\"><img data-recalc-dims=\"1\" loading=\"lazy\" decoding=\"async\" width=\"800\" height=\"566\" data-attachment-id=\"13054\" data-permalink=\"https:\/\/www.atelier-reklama.sk\/blog\/moj-krekacsky-kroj-a-jeho-prekreslene-vzory-spolu\/7b-zastera-dol-mladonice-pol-20-stor-krizikmi-vysila-anna-ocenasova-rod-bartikova-1930-2013\/\" data-orig-file=\"https:\/\/i0.wp.com\/www.atelier-reklama.sk\/blog\/wp-content\/uploads\/2023\/03\/7B-Z%C3%A1stera-Dol.-Mladonice-pol.-20.-stor.-kr%C3%AD%C5%BEikmi-vy%C5%A1ila-Anna-O%C4%8Den%C3%A1%C5%A1ov%C3%A1-rod.-Bartikov%C3%A1-1930-2013-scaled.jpg?fit=2560%2C1810&amp;ssl=1\" data-orig-size=\"2560,1810\" data-comments-opened=\"1\" data-image-meta=\"{&quot;aperture&quot;:&quot;0&quot;,&quot;credit&quot;:&quot;&quot;,&quot;camera&quot;:&quot;&quot;,&quot;caption&quot;:&quot;&quot;,&quot;created_timestamp&quot;:&quot;0&quot;,&quot;copyright&quot;:&quot;&quot;,&quot;focal_length&quot;:&quot;0&quot;,&quot;iso&quot;:&quot;0&quot;,&quot;shutter_speed&quot;:&quot;0&quot;,&quot;title&quot;:&quot;&quot;,&quot;orientation&quot;:&quot;1&quot;}\" data-image-title=\"7B-Z\u00e1stera-Dol.-Mladonice-pol.-20.-stor.-kr\u00ed\u017eikmi-vy\u0161ila-Anna-O\u010den\u00e1\u0161ov\u00e1-rod.-Bartikov\u00e1-1930-2013\" data-image-description=\"\" data-image-caption=\"\" data-medium-file=\"https:\/\/i0.wp.com\/www.atelier-reklama.sk\/blog\/wp-content\/uploads\/2023\/03\/7B-Z%C3%A1stera-Dol.-Mladonice-pol.-20.-stor.-kr%C3%AD%C5%BEikmi-vy%C5%A1ila-Anna-O%C4%8Den%C3%A1%C5%A1ov%C3%A1-rod.-Bartikov%C3%A1-1930-2013-scaled.jpg?fit=300%2C212&amp;ssl=1\" data-large-file=\"https:\/\/i0.wp.com\/www.atelier-reklama.sk\/blog\/wp-content\/uploads\/2023\/03\/7B-Z%C3%A1stera-Dol.-Mladonice-pol.-20.-stor.-kr%C3%AD%C5%BEikmi-vy%C5%A1ila-Anna-O%C4%8Den%C3%A1%C5%A1ov%C3%A1-rod.-Bartikov%C3%A1-1930-2013-scaled.jpg?fit=800%2C566&amp;ssl=1\" src=\"https:\/\/i0.wp.com\/www.atelier-reklama.sk\/blog\/wp-content\/uploads\/2023\/03\/7B-Z%C3%A1stera-Dol.-Mladonice-pol.-20.-stor.-kr%C3%AD%C5%BEikmi-vy%C5%A1ila-Anna-O%C4%8Den%C3%A1%C5%A1ov%C3%A1-rod.-Bartikov%C3%A1-1930-2013.jpg?resize=800%2C566&#038;ssl=1\" alt=\"\" class=\"wp-image-13054\" srcset=\"https:\/\/i0.wp.com\/www.atelier-reklama.sk\/blog\/wp-content\/uploads\/2023\/03\/7B-Z%C3%A1stera-Dol.-Mladonice-pol.-20.-stor.-kr%C3%AD%C5%BEikmi-vy%C5%A1ila-Anna-O%C4%8Den%C3%A1%C5%A1ov%C3%A1-rod.-Bartikov%C3%A1-1930-2013-scaled.jpg?resize=1024%2C724&amp;ssl=1 1024w, https:\/\/i0.wp.com\/www.atelier-reklama.sk\/blog\/wp-content\/uploads\/2023\/03\/7B-Z%C3%A1stera-Dol.-Mladonice-pol.-20.-stor.-kr%C3%AD%C5%BEikmi-vy%C5%A1ila-Anna-O%C4%8Den%C3%A1%C5%A1ov%C3%A1-rod.-Bartikov%C3%A1-1930-2013-scaled.jpg?resize=300%2C212&amp;ssl=1 300w, https:\/\/i0.wp.com\/www.atelier-reklama.sk\/blog\/wp-content\/uploads\/2023\/03\/7B-Z%C3%A1stera-Dol.-Mladonice-pol.-20.-stor.-kr%C3%AD%C5%BEikmi-vy%C5%A1ila-Anna-O%C4%8Den%C3%A1%C5%A1ov%C3%A1-rod.-Bartikov%C3%A1-1930-2013-scaled.jpg?resize=768%2C543&amp;ssl=1 768w, https:\/\/i0.wp.com\/www.atelier-reklama.sk\/blog\/wp-content\/uploads\/2023\/03\/7B-Z%C3%A1stera-Dol.-Mladonice-pol.-20.-stor.-kr%C3%AD%C5%BEikmi-vy%C5%A1ila-Anna-O%C4%8Den%C3%A1%C5%A1ov%C3%A1-rod.-Bartikov%C3%A1-1930-2013-scaled.jpg?resize=1536%2C1086&amp;ssl=1 1536w, https:\/\/i0.wp.com\/www.atelier-reklama.sk\/blog\/wp-content\/uploads\/2023\/03\/7B-Z%C3%A1stera-Dol.-Mladonice-pol.-20.-stor.-kr%C3%AD%C5%BEikmi-vy%C5%A1ila-Anna-O%C4%8Den%C3%A1%C5%A1ov%C3%A1-rod.-Bartikov%C3%A1-1930-2013-scaled.jpg?resize=2048%2C1448&amp;ssl=1 2048w, https:\/\/i0.wp.com\/www.atelier-reklama.sk\/blog\/wp-content\/uploads\/2023\/03\/7B-Z%C3%A1stera-Dol.-Mladonice-pol.-20.-stor.-kr%C3%AD%C5%BEikmi-vy%C5%A1ila-Anna-O%C4%8Den%C3%A1%C5%A1ov%C3%A1-rod.-Bartikov%C3%A1-1930-2013-scaled.jpg?w=1600&amp;ssl=1 1600w, https:\/\/i0.wp.com\/www.atelier-reklama.sk\/blog\/wp-content\/uploads\/2023\/03\/7B-Z%C3%A1stera-Dol.-Mladonice-pol.-20.-stor.-kr%C3%AD%C5%BEikmi-vy%C5%A1ila-Anna-O%C4%8Den%C3%A1%C5%A1ov%C3%A1-rod.-Bartikov%C3%A1-1930-2013-scaled.jpg?w=2400&amp;ssl=1 2400w\" sizes=\"auto, (max-width: 800px) 100vw, 800px\" \/><\/figure>\n\n\n\n<p>2. Z\u00e1stera, Dol. Mladonice, druh\u00e1 pol. 20. stor., kr\u00ed\u017eikmi vy\u0161ila Anna O\u010den\u00e1\u0161ov\u00e1, rod. Bartikov\u00e1 (1930-2013)<\/p>\n\n\n\n<figure class=\"wp-block-image size-large\"><img data-recalc-dims=\"1\" loading=\"lazy\" decoding=\"async\" width=\"800\" height=\"853\" data-attachment-id=\"13205\" data-permalink=\"https:\/\/www.atelier-reklama.sk\/blog\/moj-krekacsky-kroj-a-jeho-prekreslene-vzory-spolu\/8aa-zastera-dol-mladonice-druha-pol-20-stor-krizikmi-vysila-anna-ocenasova-rod-bartikova-1930-2013\/\" data-orig-file=\"https:\/\/i0.wp.com\/www.atelier-reklama.sk\/blog\/wp-content\/uploads\/2023\/03\/8AA.-Z%C3%A1stera-Dol.-Mladonice-druh%C3%A1-pol.-20.-stor.-kr%C3%AD%C5%BEikmi-vy%C5%A1ila-Anna-O%C4%8Den%C3%A1%C5%A1ov%C3%A1-rod.-Bartikov%C3%A1-1930-2013-scaled.jpg?fit=2399%2C2560&amp;ssl=1\" data-orig-size=\"2399,2560\" data-comments-opened=\"1\" data-image-meta=\"{&quot;aperture&quot;:&quot;2&quot;,&quot;credit&quot;:&quot;&quot;,&quot;camera&quot;:&quot;SM-A125F&quot;,&quot;caption&quot;:&quot;&quot;,&quot;created_timestamp&quot;:&quot;1679049272&quot;,&quot;copyright&quot;:&quot;&quot;,&quot;focal_length&quot;:&quot;4.6&quot;,&quot;iso&quot;:&quot;500&quot;,&quot;shutter_speed&quot;:&quot;0.05&quot;,&quot;title&quot;:&quot;&quot;,&quot;orientation&quot;:&quot;1&quot;}\" data-image-title=\"8AA.-Z\u00e1stera-Dol.-Mladonice-druh\u00e1-pol.-20.-stor.-kr\u00ed\u017eikmi-vy\u0161ila-Anna-O\u010den\u00e1\u0161ov\u00e1-rod.-Bartikov\u00e1-1930-2013\" data-image-description=\"\" data-image-caption=\"\" data-medium-file=\"https:\/\/i0.wp.com\/www.atelier-reklama.sk\/blog\/wp-content\/uploads\/2023\/03\/8AA.-Z%C3%A1stera-Dol.-Mladonice-druh%C3%A1-pol.-20.-stor.-kr%C3%AD%C5%BEikmi-vy%C5%A1ila-Anna-O%C4%8Den%C3%A1%C5%A1ov%C3%A1-rod.-Bartikov%C3%A1-1930-2013-scaled.jpg?fit=281%2C300&amp;ssl=1\" data-large-file=\"https:\/\/i0.wp.com\/www.atelier-reklama.sk\/blog\/wp-content\/uploads\/2023\/03\/8AA.-Z%C3%A1stera-Dol.-Mladonice-druh%C3%A1-pol.-20.-stor.-kr%C3%AD%C5%BEikmi-vy%C5%A1ila-Anna-O%C4%8Den%C3%A1%C5%A1ov%C3%A1-rod.-Bartikov%C3%A1-1930-2013-scaled.jpg?fit=800%2C853&amp;ssl=1\" src=\"https:\/\/i0.wp.com\/www.atelier-reklama.sk\/blog\/wp-content\/uploads\/2023\/03\/8AA.-Z%C3%A1stera-Dol.-Mladonice-druh%C3%A1-pol.-20.-stor.-kr%C3%AD%C5%BEikmi-vy%C5%A1ila-Anna-O%C4%8Den%C3%A1%C5%A1ov%C3%A1-rod.-Bartikov%C3%A1-1930-2013.jpg?resize=800%2C853&#038;ssl=1\" alt=\"\" class=\"wp-image-13205\" srcset=\"https:\/\/i0.wp.com\/www.atelier-reklama.sk\/blog\/wp-content\/uploads\/2023\/03\/8AA.-Z%C3%A1stera-Dol.-Mladonice-druh%C3%A1-pol.-20.-stor.-kr%C3%AD%C5%BEikmi-vy%C5%A1ila-Anna-O%C4%8Den%C3%A1%C5%A1ov%C3%A1-rod.-Bartikov%C3%A1-1930-2013-scaled.jpg?resize=960%2C1024&amp;ssl=1 960w, https:\/\/i0.wp.com\/www.atelier-reklama.sk\/blog\/wp-content\/uploads\/2023\/03\/8AA.-Z%C3%A1stera-Dol.-Mladonice-druh%C3%A1-pol.-20.-stor.-kr%C3%AD%C5%BEikmi-vy%C5%A1ila-Anna-O%C4%8Den%C3%A1%C5%A1ov%C3%A1-rod.-Bartikov%C3%A1-1930-2013-scaled.jpg?resize=281%2C300&amp;ssl=1 281w, https:\/\/i0.wp.com\/www.atelier-reklama.sk\/blog\/wp-content\/uploads\/2023\/03\/8AA.-Z%C3%A1stera-Dol.-Mladonice-druh%C3%A1-pol.-20.-stor.-kr%C3%AD%C5%BEikmi-vy%C5%A1ila-Anna-O%C4%8Den%C3%A1%C5%A1ov%C3%A1-rod.-Bartikov%C3%A1-1930-2013-scaled.jpg?resize=768%2C820&amp;ssl=1 768w, https:\/\/i0.wp.com\/www.atelier-reklama.sk\/blog\/wp-content\/uploads\/2023\/03\/8AA.-Z%C3%A1stera-Dol.-Mladonice-druh%C3%A1-pol.-20.-stor.-kr%C3%AD%C5%BEikmi-vy%C5%A1ila-Anna-O%C4%8Den%C3%A1%C5%A1ov%C3%A1-rod.-Bartikov%C3%A1-1930-2013-scaled.jpg?resize=1439%2C1536&amp;ssl=1 1439w, https:\/\/i0.wp.com\/www.atelier-reklama.sk\/blog\/wp-content\/uploads\/2023\/03\/8AA.-Z%C3%A1stera-Dol.-Mladonice-druh%C3%A1-pol.-20.-stor.-kr%C3%AD%C5%BEikmi-vy%C5%A1ila-Anna-O%C4%8Den%C3%A1%C5%A1ov%C3%A1-rod.-Bartikov%C3%A1-1930-2013-scaled.jpg?resize=1919%2C2048&amp;ssl=1 1919w, https:\/\/i0.wp.com\/www.atelier-reklama.sk\/blog\/wp-content\/uploads\/2023\/03\/8AA.-Z%C3%A1stera-Dol.-Mladonice-druh%C3%A1-pol.-20.-stor.-kr%C3%AD%C5%BEikmi-vy%C5%A1ila-Anna-O%C4%8Den%C3%A1%C5%A1ov%C3%A1-rod.-Bartikov%C3%A1-1930-2013-scaled.jpg?w=1600&amp;ssl=1 1600w\" sizes=\"auto, (max-width: 800px) 100vw, 800px\" \/><figcaption class=\"wp-element-caption\">Z\u00e1stera nie je na &#8222;nosenie&#8220;, len som zachovala v\u00fd\u0161ivku. <\/figcaption><\/figure>\n\n\n\n<figure class=\"wp-block-image size-large\"><img data-recalc-dims=\"1\" loading=\"lazy\" decoding=\"async\" width=\"800\" height=\"788\" data-attachment-id=\"13093\" data-permalink=\"https:\/\/www.atelier-reklama.sk\/blog\/moj-krekacsky-kroj-a-jeho-prekreslene-vzory-spolu\/p1020051-2\/\" data-orig-file=\"https:\/\/i0.wp.com\/www.atelier-reklama.sk\/blog\/wp-content\/uploads\/2023\/03\/P1020051.jpg?fit=2169%2C2137&amp;ssl=1\" data-orig-size=\"2169,2137\" data-comments-opened=\"1\" data-image-meta=\"{&quot;aperture&quot;:&quot;2.8&quot;,&quot;credit&quot;:&quot;&quot;,&quot;camera&quot;:&quot;DMC-LX7&quot;,&quot;caption&quot;:&quot;&quot;,&quot;created_timestamp&quot;:&quot;1541171836&quot;,&quot;copyright&quot;:&quot;&quot;,&quot;focal_length&quot;:&quot;4.7&quot;,&quot;iso&quot;:&quot;80&quot;,&quot;shutter_speed&quot;:&quot;0.002&quot;,&quot;title&quot;:&quot;&quot;,&quot;orientation&quot;:&quot;1&quot;}\" data-image-title=\"P1020051\" data-image-description=\"\" data-image-caption=\"\" data-medium-file=\"https:\/\/i0.wp.com\/www.atelier-reklama.sk\/blog\/wp-content\/uploads\/2023\/03\/P1020051.jpg?fit=300%2C296&amp;ssl=1\" data-large-file=\"https:\/\/i0.wp.com\/www.atelier-reklama.sk\/blog\/wp-content\/uploads\/2023\/03\/P1020051.jpg?fit=800%2C788&amp;ssl=1\" src=\"https:\/\/i0.wp.com\/www.atelier-reklama.sk\/blog\/wp-content\/uploads\/2023\/03\/P1020051.jpg?resize=800%2C788&#038;ssl=1\" alt=\"\" class=\"wp-image-13093\" srcset=\"https:\/\/i0.wp.com\/www.atelier-reklama.sk\/blog\/wp-content\/uploads\/2023\/03\/P1020051.jpg?resize=1024%2C1009&amp;ssl=1 1024w, https:\/\/i0.wp.com\/www.atelier-reklama.sk\/blog\/wp-content\/uploads\/2023\/03\/P1020051.jpg?resize=300%2C296&amp;ssl=1 300w, https:\/\/i0.wp.com\/www.atelier-reklama.sk\/blog\/wp-content\/uploads\/2023\/03\/P1020051.jpg?resize=768%2C757&amp;ssl=1 768w, https:\/\/i0.wp.com\/www.atelier-reklama.sk\/blog\/wp-content\/uploads\/2023\/03\/P1020051.jpg?resize=1536%2C1513&amp;ssl=1 1536w, https:\/\/i0.wp.com\/www.atelier-reklama.sk\/blog\/wp-content\/uploads\/2023\/03\/P1020051.jpg?resize=2048%2C2018&amp;ssl=1 2048w, https:\/\/i0.wp.com\/www.atelier-reklama.sk\/blog\/wp-content\/uploads\/2023\/03\/P1020051.jpg?w=1600&amp;ssl=1 1600w\" sizes=\"auto, (max-width: 800px) 100vw, 800px\" \/><figcaption class=\"wp-element-caption\">Zdedila som tak\u00fato n\u00e1dhern\u00fa v\u00fd\u0161ivku, poopravovala ju, pri\u0161ila na zamat. Aj ke\u010f je star\u00fd gl\u00f3t vyblednut\u00fd, vzor, farby, s\u00fa kr\u00e1sne.  <\/figcaption><\/figure>\n\n\n\n<figure class=\"wp-block-image size-large\"><img data-recalc-dims=\"1\" loading=\"lazy\" decoding=\"async\" width=\"800\" height=\"566\" data-attachment-id=\"13039\" data-permalink=\"https:\/\/www.atelier-reklama.sk\/blog\/moj-krekacsky-kroj-a-jeho-prekreslene-vzory-spolu\/8b-zastera-dol-mladonice-druha-pol-20-stor-krizikmi-vysila-anna-ocenasova-rod-bartikova-1930-2013\/\" data-orig-file=\"https:\/\/i0.wp.com\/www.atelier-reklama.sk\/blog\/wp-content\/uploads\/2023\/03\/8B.-Z%C3%A1stera-Dol.-Mladonice-druh%C3%A1-pol.-20.-stor.-kr%C3%AD%C5%BEikmi-vy%C5%A1ila-Anna-O%C4%8Den%C3%A1%C5%A1ov%C3%A1-rod.-Bartikov%C3%A1-1930-2013-scaled.jpg?fit=2560%2C1810&amp;ssl=1\" data-orig-size=\"2560,1810\" data-comments-opened=\"1\" data-image-meta=\"{&quot;aperture&quot;:&quot;0&quot;,&quot;credit&quot;:&quot;&quot;,&quot;camera&quot;:&quot;&quot;,&quot;caption&quot;:&quot;&quot;,&quot;created_timestamp&quot;:&quot;0&quot;,&quot;copyright&quot;:&quot;&quot;,&quot;focal_length&quot;:&quot;0&quot;,&quot;iso&quot;:&quot;0&quot;,&quot;shutter_speed&quot;:&quot;0&quot;,&quot;title&quot;:&quot;&quot;,&quot;orientation&quot;:&quot;0&quot;}\" data-image-title=\"8B.-Z\u00e1stera-Dol.-Mladonice-druh\u00e1-pol.-20.-stor.-kr\u00ed\u017eikmi-vy\u0161ila-Anna-O\u010den\u00e1\u0161ov\u00e1-rod.-Bartikov\u00e1-1930-2013\" data-image-description=\"\" data-image-caption=\"\" data-medium-file=\"https:\/\/i0.wp.com\/www.atelier-reklama.sk\/blog\/wp-content\/uploads\/2023\/03\/8B.-Z%C3%A1stera-Dol.-Mladonice-druh%C3%A1-pol.-20.-stor.-kr%C3%AD%C5%BEikmi-vy%C5%A1ila-Anna-O%C4%8Den%C3%A1%C5%A1ov%C3%A1-rod.-Bartikov%C3%A1-1930-2013-scaled.jpg?fit=300%2C212&amp;ssl=1\" data-large-file=\"https:\/\/i0.wp.com\/www.atelier-reklama.sk\/blog\/wp-content\/uploads\/2023\/03\/8B.-Z%C3%A1stera-Dol.-Mladonice-druh%C3%A1-pol.-20.-stor.-kr%C3%AD%C5%BEikmi-vy%C5%A1ila-Anna-O%C4%8Den%C3%A1%C5%A1ov%C3%A1-rod.-Bartikov%C3%A1-1930-2013-scaled.jpg?fit=800%2C566&amp;ssl=1\" src=\"https:\/\/i0.wp.com\/www.atelier-reklama.sk\/blog\/wp-content\/uploads\/2023\/03\/8B.-Z%C3%A1stera-Dol.-Mladonice-druh%C3%A1-pol.-20.-stor.-kr%C3%AD%C5%BEikmi-vy%C5%A1ila-Anna-O%C4%8Den%C3%A1%C5%A1ov%C3%A1-rod.-Bartikov%C3%A1-1930-2013.jpg?resize=800%2C566&#038;ssl=1\" alt=\"\" class=\"wp-image-13039\" srcset=\"https:\/\/i0.wp.com\/www.atelier-reklama.sk\/blog\/wp-content\/uploads\/2023\/03\/8B.-Z%C3%A1stera-Dol.-Mladonice-druh%C3%A1-pol.-20.-stor.-kr%C3%AD%C5%BEikmi-vy%C5%A1ila-Anna-O%C4%8Den%C3%A1%C5%A1ov%C3%A1-rod.-Bartikov%C3%A1-1930-2013-scaled.jpg?resize=1024%2C724&amp;ssl=1 1024w, https:\/\/i0.wp.com\/www.atelier-reklama.sk\/blog\/wp-content\/uploads\/2023\/03\/8B.-Z%C3%A1stera-Dol.-Mladonice-druh%C3%A1-pol.-20.-stor.-kr%C3%AD%C5%BEikmi-vy%C5%A1ila-Anna-O%C4%8Den%C3%A1%C5%A1ov%C3%A1-rod.-Bartikov%C3%A1-1930-2013-scaled.jpg?resize=300%2C212&amp;ssl=1 300w, https:\/\/i0.wp.com\/www.atelier-reklama.sk\/blog\/wp-content\/uploads\/2023\/03\/8B.-Z%C3%A1stera-Dol.-Mladonice-druh%C3%A1-pol.-20.-stor.-kr%C3%AD%C5%BEikmi-vy%C5%A1ila-Anna-O%C4%8Den%C3%A1%C5%A1ov%C3%A1-rod.-Bartikov%C3%A1-1930-2013-scaled.jpg?resize=768%2C543&amp;ssl=1 768w, https:\/\/i0.wp.com\/www.atelier-reklama.sk\/blog\/wp-content\/uploads\/2023\/03\/8B.-Z%C3%A1stera-Dol.-Mladonice-druh%C3%A1-pol.-20.-stor.-kr%C3%AD%C5%BEikmi-vy%C5%A1ila-Anna-O%C4%8Den%C3%A1%C5%A1ov%C3%A1-rod.-Bartikov%C3%A1-1930-2013-scaled.jpg?resize=1536%2C1086&amp;ssl=1 1536w, https:\/\/i0.wp.com\/www.atelier-reklama.sk\/blog\/wp-content\/uploads\/2023\/03\/8B.-Z%C3%A1stera-Dol.-Mladonice-druh%C3%A1-pol.-20.-stor.-kr%C3%AD%C5%BEikmi-vy%C5%A1ila-Anna-O%C4%8Den%C3%A1%C5%A1ov%C3%A1-rod.-Bartikov%C3%A1-1930-2013-scaled.jpg?resize=2048%2C1448&amp;ssl=1 2048w, https:\/\/i0.wp.com\/www.atelier-reklama.sk\/blog\/wp-content\/uploads\/2023\/03\/8B.-Z%C3%A1stera-Dol.-Mladonice-druh%C3%A1-pol.-20.-stor.-kr%C3%AD%C5%BEikmi-vy%C5%A1ila-Anna-O%C4%8Den%C3%A1%C5%A1ov%C3%A1-rod.-Bartikov%C3%A1-1930-2013-scaled.jpg?w=1600&amp;ssl=1 1600w, https:\/\/i0.wp.com\/www.atelier-reklama.sk\/blog\/wp-content\/uploads\/2023\/03\/8B.-Z%C3%A1stera-Dol.-Mladonice-druh%C3%A1-pol.-20.-stor.-kr%C3%AD%C5%BEikmi-vy%C5%A1ila-Anna-O%C4%8Den%C3%A1%C5%A1ov%C3%A1-rod.-Bartikov%C3%A1-1930-2013-scaled.jpg?w=2400&amp;ssl=1 2400w\" sizes=\"auto, (max-width: 800px) 100vw, 800px\" \/><\/figure>\n\n\n\n<figure class=\"wp-block-image size-large\"><img data-recalc-dims=\"1\" loading=\"lazy\" decoding=\"async\" width=\"800\" height=\"356\" data-attachment-id=\"13042\" data-permalink=\"https:\/\/www.atelier-reklama.sk\/blog\/moj-krekacsky-kroj-a-jeho-prekreslene-vzory-spolu\/p1020101-2\/\" data-orig-file=\"https:\/\/i0.wp.com\/www.atelier-reklama.sk\/blog\/wp-content\/uploads\/2023\/03\/P1020101-scaled.jpg?fit=2560%2C1139&amp;ssl=1\" data-orig-size=\"2560,1139\" data-comments-opened=\"1\" data-image-meta=\"{&quot;aperture&quot;:&quot;1.4&quot;,&quot;credit&quot;:&quot;&quot;,&quot;camera&quot;:&quot;DMC-LX7&quot;,&quot;caption&quot;:&quot;&quot;,&quot;created_timestamp&quot;:&quot;1541260091&quot;,&quot;copyright&quot;:&quot;&quot;,&quot;focal_length&quot;:&quot;4.7&quot;,&quot;iso&quot;:&quot;160&quot;,&quot;shutter_speed&quot;:&quot;0.016666666666667&quot;,&quot;title&quot;:&quot;&quot;,&quot;orientation&quot;:&quot;1&quot;}\" data-image-title=\"P1020101\" data-image-description=\"\" data-image-caption=\"\" data-medium-file=\"https:\/\/i0.wp.com\/www.atelier-reklama.sk\/blog\/wp-content\/uploads\/2023\/03\/P1020101-scaled.jpg?fit=300%2C133&amp;ssl=1\" data-large-file=\"https:\/\/i0.wp.com\/www.atelier-reklama.sk\/blog\/wp-content\/uploads\/2023\/03\/P1020101-scaled.jpg?fit=800%2C356&amp;ssl=1\" src=\"https:\/\/i0.wp.com\/www.atelier-reklama.sk\/blog\/wp-content\/uploads\/2023\/03\/P1020101.jpg?resize=800%2C356&#038;ssl=1\" alt=\"\" class=\"wp-image-13042\" srcset=\"https:\/\/i0.wp.com\/www.atelier-reklama.sk\/blog\/wp-content\/uploads\/2023\/03\/P1020101-scaled.jpg?resize=1024%2C456&amp;ssl=1 1024w, https:\/\/i0.wp.com\/www.atelier-reklama.sk\/blog\/wp-content\/uploads\/2023\/03\/P1020101-scaled.jpg?resize=300%2C133&amp;ssl=1 300w, https:\/\/i0.wp.com\/www.atelier-reklama.sk\/blog\/wp-content\/uploads\/2023\/03\/P1020101-scaled.jpg?resize=768%2C342&amp;ssl=1 768w, https:\/\/i0.wp.com\/www.atelier-reklama.sk\/blog\/wp-content\/uploads\/2023\/03\/P1020101-scaled.jpg?resize=1536%2C683&amp;ssl=1 1536w, https:\/\/i0.wp.com\/www.atelier-reklama.sk\/blog\/wp-content\/uploads\/2023\/03\/P1020101-scaled.jpg?resize=2048%2C911&amp;ssl=1 2048w, https:\/\/i0.wp.com\/www.atelier-reklama.sk\/blog\/wp-content\/uploads\/2023\/03\/P1020101-scaled.jpg?w=1600&amp;ssl=1 1600w, https:\/\/i0.wp.com\/www.atelier-reklama.sk\/blog\/wp-content\/uploads\/2023\/03\/P1020101-scaled.jpg?w=2400&amp;ssl=1 2400w\" sizes=\"auto, (max-width: 800px) 100vw, 800px\" \/><\/figure>\n\n\n\n<p>3. Z\u00e1stera, Jal\u0161ov\u00edk, pol. 20. stor., kr\u00ed\u017eikmi vy\u0161ila Anna O\u010den\u00e1\u0161ov\u00e1, rod. Bartikov\u00e1 (1930-2013)<\/p>\n\n\n\n<figure class=\"wp-block-image size-large\"><img data-recalc-dims=\"1\" loading=\"lazy\" decoding=\"async\" width=\"800\" height=\"899\" data-attachment-id=\"13043\" data-permalink=\"https:\/\/www.atelier-reklama.sk\/blog\/moj-krekacsky-kroj-a-jeho-prekreslene-vzory-spolu\/330303775_608310154476342_2171854951249076325_n\/\" data-orig-file=\"https:\/\/i0.wp.com\/www.atelier-reklama.sk\/blog\/wp-content\/uploads\/2023\/03\/330303775_608310154476342_2171854951249076325_n.jpg?fit=1822%2C2048&amp;ssl=1\" data-orig-size=\"1822,2048\" data-comments-opened=\"1\" data-image-meta=\"{&quot;aperture&quot;:&quot;0&quot;,&quot;credit&quot;:&quot;&quot;,&quot;camera&quot;:&quot;&quot;,&quot;caption&quot;:&quot;&quot;,&quot;created_timestamp&quot;:&quot;0&quot;,&quot;copyright&quot;:&quot;&quot;,&quot;focal_length&quot;:&quot;0&quot;,&quot;iso&quot;:&quot;0&quot;,&quot;shutter_speed&quot;:&quot;0&quot;,&quot;title&quot;:&quot;&quot;,&quot;orientation&quot;:&quot;0&quot;}\" data-image-title=\"330303775_608310154476342_2171854951249076325_n\" data-image-description=\"\" data-image-caption=\"\" data-medium-file=\"https:\/\/i0.wp.com\/www.atelier-reklama.sk\/blog\/wp-content\/uploads\/2023\/03\/330303775_608310154476342_2171854951249076325_n.jpg?fit=267%2C300&amp;ssl=1\" data-large-file=\"https:\/\/i0.wp.com\/www.atelier-reklama.sk\/blog\/wp-content\/uploads\/2023\/03\/330303775_608310154476342_2171854951249076325_n.jpg?fit=800%2C899&amp;ssl=1\" src=\"https:\/\/i0.wp.com\/www.atelier-reklama.sk\/blog\/wp-content\/uploads\/2023\/03\/330303775_608310154476342_2171854951249076325_n.jpg?resize=800%2C899&#038;ssl=1\" alt=\"\" class=\"wp-image-13043\" srcset=\"https:\/\/i0.wp.com\/www.atelier-reklama.sk\/blog\/wp-content\/uploads\/2023\/03\/330303775_608310154476342_2171854951249076325_n.jpg?resize=911%2C1024&amp;ssl=1 911w, https:\/\/i0.wp.com\/www.atelier-reklama.sk\/blog\/wp-content\/uploads\/2023\/03\/330303775_608310154476342_2171854951249076325_n.jpg?resize=267%2C300&amp;ssl=1 267w, https:\/\/i0.wp.com\/www.atelier-reklama.sk\/blog\/wp-content\/uploads\/2023\/03\/330303775_608310154476342_2171854951249076325_n.jpg?resize=768%2C863&amp;ssl=1 768w, https:\/\/i0.wp.com\/www.atelier-reklama.sk\/blog\/wp-content\/uploads\/2023\/03\/330303775_608310154476342_2171854951249076325_n.jpg?resize=1367%2C1536&amp;ssl=1 1367w, https:\/\/i0.wp.com\/www.atelier-reklama.sk\/blog\/wp-content\/uploads\/2023\/03\/330303775_608310154476342_2171854951249076325_n.jpg?w=1822&amp;ssl=1 1822w, https:\/\/i0.wp.com\/www.atelier-reklama.sk\/blog\/wp-content\/uploads\/2023\/03\/330303775_608310154476342_2171854951249076325_n.jpg?w=1600&amp;ssl=1 1600w\" sizes=\"auto, (max-width: 800px) 100vw, 800px\" \/><\/figure>\n\n\n\n<figure class=\"wp-block-image size-large\"><img data-recalc-dims=\"1\" loading=\"lazy\" decoding=\"async\" width=\"800\" height=\"566\" data-attachment-id=\"13045\" data-permalink=\"https:\/\/www.atelier-reklama.sk\/blog\/moj-krekacsky-kroj-a-jeho-prekreslene-vzory-spolu\/9a-zastera-jalsovik-pol-20-stor-krizikmi-vysila-anna-ocenasova-rod-bartikova-1930-2013\/\" data-orig-file=\"https:\/\/i0.wp.com\/www.atelier-reklama.sk\/blog\/wp-content\/uploads\/2023\/03\/9A.-Z%C3%A1stera-Jal%C5%A1ov%C3%ADk-pol.-20.-stor.-kr%C3%AD%C5%BEikmi-vy%C5%A1ila-Anna-O%C4%8Den%C3%A1%C5%A1ov%C3%A1-rod.-Bartikov%C3%A1-1930-2013-scaled.jpg?fit=2560%2C1810&amp;ssl=1\" data-orig-size=\"2560,1810\" data-comments-opened=\"1\" data-image-meta=\"{&quot;aperture&quot;:&quot;0&quot;,&quot;credit&quot;:&quot;&quot;,&quot;camera&quot;:&quot;&quot;,&quot;caption&quot;:&quot;&quot;,&quot;created_timestamp&quot;:&quot;0&quot;,&quot;copyright&quot;:&quot;&quot;,&quot;focal_length&quot;:&quot;0&quot;,&quot;iso&quot;:&quot;0&quot;,&quot;shutter_speed&quot;:&quot;0&quot;,&quot;title&quot;:&quot;&quot;,&quot;orientation&quot;:&quot;0&quot;}\" data-image-title=\"9A.-Z\u00e1stera-Jal\u0161ov\u00edk-pol.-20.-stor.-kr\u00ed\u017eikmi-vy\u0161ila-Anna-O\u010den\u00e1\u0161ov\u00e1-rod.-Bartikov\u00e1-1930-2013\" data-image-description=\"\" data-image-caption=\"\" data-medium-file=\"https:\/\/i0.wp.com\/www.atelier-reklama.sk\/blog\/wp-content\/uploads\/2023\/03\/9A.-Z%C3%A1stera-Jal%C5%A1ov%C3%ADk-pol.-20.-stor.-kr%C3%AD%C5%BEikmi-vy%C5%A1ila-Anna-O%C4%8Den%C3%A1%C5%A1ov%C3%A1-rod.-Bartikov%C3%A1-1930-2013-scaled.jpg?fit=300%2C212&amp;ssl=1\" data-large-file=\"https:\/\/i0.wp.com\/www.atelier-reklama.sk\/blog\/wp-content\/uploads\/2023\/03\/9A.-Z%C3%A1stera-Jal%C5%A1ov%C3%ADk-pol.-20.-stor.-kr%C3%AD%C5%BEikmi-vy%C5%A1ila-Anna-O%C4%8Den%C3%A1%C5%A1ov%C3%A1-rod.-Bartikov%C3%A1-1930-2013-scaled.jpg?fit=800%2C566&amp;ssl=1\" src=\"https:\/\/i0.wp.com\/www.atelier-reklama.sk\/blog\/wp-content\/uploads\/2023\/03\/9A.-Z%C3%A1stera-Jal%C5%A1ov%C3%ADk-pol.-20.-stor.-kr%C3%AD%C5%BEikmi-vy%C5%A1ila-Anna-O%C4%8Den%C3%A1%C5%A1ov%C3%A1-rod.-Bartikov%C3%A1-1930-2013.jpg?resize=800%2C566&#038;ssl=1\" alt=\"\" class=\"wp-image-13045\" srcset=\"https:\/\/i0.wp.com\/www.atelier-reklama.sk\/blog\/wp-content\/uploads\/2023\/03\/9A.-Z%C3%A1stera-Jal%C5%A1ov%C3%ADk-pol.-20.-stor.-kr%C3%AD%C5%BEikmi-vy%C5%A1ila-Anna-O%C4%8Den%C3%A1%C5%A1ov%C3%A1-rod.-Bartikov%C3%A1-1930-2013-scaled.jpg?resize=1024%2C724&amp;ssl=1 1024w, https:\/\/i0.wp.com\/www.atelier-reklama.sk\/blog\/wp-content\/uploads\/2023\/03\/9A.-Z%C3%A1stera-Jal%C5%A1ov%C3%ADk-pol.-20.-stor.-kr%C3%AD%C5%BEikmi-vy%C5%A1ila-Anna-O%C4%8Den%C3%A1%C5%A1ov%C3%A1-rod.-Bartikov%C3%A1-1930-2013-scaled.jpg?resize=300%2C212&amp;ssl=1 300w, https:\/\/i0.wp.com\/www.atelier-reklama.sk\/blog\/wp-content\/uploads\/2023\/03\/9A.-Z%C3%A1stera-Jal%C5%A1ov%C3%ADk-pol.-20.-stor.-kr%C3%AD%C5%BEikmi-vy%C5%A1ila-Anna-O%C4%8Den%C3%A1%C5%A1ov%C3%A1-rod.-Bartikov%C3%A1-1930-2013-scaled.jpg?resize=768%2C543&amp;ssl=1 768w, https:\/\/i0.wp.com\/www.atelier-reklama.sk\/blog\/wp-content\/uploads\/2023\/03\/9A.-Z%C3%A1stera-Jal%C5%A1ov%C3%ADk-pol.-20.-stor.-kr%C3%AD%C5%BEikmi-vy%C5%A1ila-Anna-O%C4%8Den%C3%A1%C5%A1ov%C3%A1-rod.-Bartikov%C3%A1-1930-2013-scaled.jpg?resize=1536%2C1086&amp;ssl=1 1536w, https:\/\/i0.wp.com\/www.atelier-reklama.sk\/blog\/wp-content\/uploads\/2023\/03\/9A.-Z%C3%A1stera-Jal%C5%A1ov%C3%ADk-pol.-20.-stor.-kr%C3%AD%C5%BEikmi-vy%C5%A1ila-Anna-O%C4%8Den%C3%A1%C5%A1ov%C3%A1-rod.-Bartikov%C3%A1-1930-2013-scaled.jpg?resize=2048%2C1448&amp;ssl=1 2048w, https:\/\/i0.wp.com\/www.atelier-reklama.sk\/blog\/wp-content\/uploads\/2023\/03\/9A.-Z%C3%A1stera-Jal%C5%A1ov%C3%ADk-pol.-20.-stor.-kr%C3%AD%C5%BEikmi-vy%C5%A1ila-Anna-O%C4%8Den%C3%A1%C5%A1ov%C3%A1-rod.-Bartikov%C3%A1-1930-2013-scaled.jpg?w=1600&amp;ssl=1 1600w, https:\/\/i0.wp.com\/www.atelier-reklama.sk\/blog\/wp-content\/uploads\/2023\/03\/9A.-Z%C3%A1stera-Jal%C5%A1ov%C3%ADk-pol.-20.-stor.-kr%C3%AD%C5%BEikmi-vy%C5%A1ila-Anna-O%C4%8Den%C3%A1%C5%A1ov%C3%A1-rod.-Bartikov%C3%A1-1930-2013-scaled.jpg?w=2400&amp;ssl=1 2400w\" sizes=\"auto, (max-width: 800px) 100vw, 800px\" \/><\/figure>\n\n\n\n<figure class=\"wp-block-image size-large\"><img data-recalc-dims=\"1\" loading=\"lazy\" decoding=\"async\" width=\"800\" height=\"490\" data-attachment-id=\"13044\" data-permalink=\"https:\/\/www.atelier-reklama.sk\/blog\/moj-krekacsky-kroj-a-jeho-prekreslene-vzory-spolu\/330316759_1574609146321487_7660838610889329229_n\/\" data-orig-file=\"https:\/\/i0.wp.com\/www.atelier-reklama.sk\/blog\/wp-content\/uploads\/2023\/03\/330316759_1574609146321487_7660838610889329229_n.jpg?fit=2048%2C1253&amp;ssl=1\" data-orig-size=\"2048,1253\" data-comments-opened=\"1\" data-image-meta=\"{&quot;aperture&quot;:&quot;0&quot;,&quot;credit&quot;:&quot;&quot;,&quot;camera&quot;:&quot;&quot;,&quot;caption&quot;:&quot;&quot;,&quot;created_timestamp&quot;:&quot;0&quot;,&quot;copyright&quot;:&quot;&quot;,&quot;focal_length&quot;:&quot;0&quot;,&quot;iso&quot;:&quot;0&quot;,&quot;shutter_speed&quot;:&quot;0&quot;,&quot;title&quot;:&quot;&quot;,&quot;orientation&quot;:&quot;0&quot;}\" data-image-title=\"330316759_1574609146321487_7660838610889329229_n\" data-image-description=\"\" data-image-caption=\"\" data-medium-file=\"https:\/\/i0.wp.com\/www.atelier-reklama.sk\/blog\/wp-content\/uploads\/2023\/03\/330316759_1574609146321487_7660838610889329229_n.jpg?fit=300%2C184&amp;ssl=1\" data-large-file=\"https:\/\/i0.wp.com\/www.atelier-reklama.sk\/blog\/wp-content\/uploads\/2023\/03\/330316759_1574609146321487_7660838610889329229_n.jpg?fit=800%2C490&amp;ssl=1\" src=\"https:\/\/i0.wp.com\/www.atelier-reklama.sk\/blog\/wp-content\/uploads\/2023\/03\/330316759_1574609146321487_7660838610889329229_n.jpg?resize=800%2C490&#038;ssl=1\" alt=\"\" class=\"wp-image-13044\" srcset=\"https:\/\/i0.wp.com\/www.atelier-reklama.sk\/blog\/wp-content\/uploads\/2023\/03\/330316759_1574609146321487_7660838610889329229_n.jpg?resize=1024%2C627&amp;ssl=1 1024w, https:\/\/i0.wp.com\/www.atelier-reklama.sk\/blog\/wp-content\/uploads\/2023\/03\/330316759_1574609146321487_7660838610889329229_n.jpg?resize=300%2C184&amp;ssl=1 300w, https:\/\/i0.wp.com\/www.atelier-reklama.sk\/blog\/wp-content\/uploads\/2023\/03\/330316759_1574609146321487_7660838610889329229_n.jpg?resize=768%2C470&amp;ssl=1 768w, https:\/\/i0.wp.com\/www.atelier-reklama.sk\/blog\/wp-content\/uploads\/2023\/03\/330316759_1574609146321487_7660838610889329229_n.jpg?resize=1536%2C940&amp;ssl=1 1536w, https:\/\/i0.wp.com\/www.atelier-reklama.sk\/blog\/wp-content\/uploads\/2023\/03\/330316759_1574609146321487_7660838610889329229_n.jpg?w=2048&amp;ssl=1 2048w, https:\/\/i0.wp.com\/www.atelier-reklama.sk\/blog\/wp-content\/uploads\/2023\/03\/330316759_1574609146321487_7660838610889329229_n.jpg?w=1600&amp;ssl=1 1600w\" sizes=\"auto, (max-width: 800px) 100vw, 800px\" \/><\/figure>\n\n\n\n<figure class=\"wp-block-image size-large\"><img data-recalc-dims=\"1\" loading=\"lazy\" decoding=\"async\" width=\"800\" height=\"815\" data-attachment-id=\"13110\" data-permalink=\"https:\/\/www.atelier-reklama.sk\/blog\/moj-krekacsky-kroj-a-jeho-prekreslene-vzory-spolu\/p1030602-2\/\" data-orig-file=\"https:\/\/i0.wp.com\/www.atelier-reklama.sk\/blog\/wp-content\/uploads\/2023\/03\/P1030602.jpg?fit=1838%2C1872&amp;ssl=1\" data-orig-size=\"1838,1872\" data-comments-opened=\"1\" data-image-meta=\"{&quot;aperture&quot;:&quot;2.2&quot;,&quot;credit&quot;:&quot;&quot;,&quot;camera&quot;:&quot;DMC-LX7&quot;,&quot;caption&quot;:&quot;&quot;,&quot;created_timestamp&quot;:&quot;1550824902&quot;,&quot;copyright&quot;:&quot;&quot;,&quot;focal_length&quot;:&quot;14.7&quot;,&quot;iso&quot;:&quot;400&quot;,&quot;shutter_speed&quot;:&quot;0.05&quot;,&quot;title&quot;:&quot;&quot;,&quot;orientation&quot;:&quot;1&quot;}\" data-image-title=\"P1030602\" data-image-description=\"\" data-image-caption=\"\" data-medium-file=\"https:\/\/i0.wp.com\/www.atelier-reklama.sk\/blog\/wp-content\/uploads\/2023\/03\/P1030602.jpg?fit=295%2C300&amp;ssl=1\" data-large-file=\"https:\/\/i0.wp.com\/www.atelier-reklama.sk\/blog\/wp-content\/uploads\/2023\/03\/P1030602.jpg?fit=800%2C815&amp;ssl=1\" src=\"https:\/\/i0.wp.com\/www.atelier-reklama.sk\/blog\/wp-content\/uploads\/2023\/03\/P1030602.jpg?resize=800%2C815&#038;ssl=1\" alt=\"\" class=\"wp-image-13110\" srcset=\"https:\/\/i0.wp.com\/www.atelier-reklama.sk\/blog\/wp-content\/uploads\/2023\/03\/P1030602.jpg?resize=1005%2C1024&amp;ssl=1 1005w, https:\/\/i0.wp.com\/www.atelier-reklama.sk\/blog\/wp-content\/uploads\/2023\/03\/P1030602.jpg?resize=295%2C300&amp;ssl=1 295w, https:\/\/i0.wp.com\/www.atelier-reklama.sk\/blog\/wp-content\/uploads\/2023\/03\/P1030602.jpg?resize=768%2C782&amp;ssl=1 768w, https:\/\/i0.wp.com\/www.atelier-reklama.sk\/blog\/wp-content\/uploads\/2023\/03\/P1030602.jpg?resize=1508%2C1536&amp;ssl=1 1508w, https:\/\/i0.wp.com\/www.atelier-reklama.sk\/blog\/wp-content\/uploads\/2023\/03\/P1030602.jpg?w=1838&amp;ssl=1 1838w, https:\/\/i0.wp.com\/www.atelier-reklama.sk\/blog\/wp-content\/uploads\/2023\/03\/P1030602.jpg?w=1600&amp;ssl=1 1600w\" sizes=\"auto, (max-width: 800px) 100vw, 800px\" \/><\/figure>\n\n\n\n<figure class=\"wp-block-image size-large\"><img data-recalc-dims=\"1\" loading=\"lazy\" decoding=\"async\" width=\"800\" height=\"277\" data-attachment-id=\"13111\" data-permalink=\"https:\/\/www.atelier-reklama.sk\/blog\/moj-krekacsky-kroj-a-jeho-prekreslene-vzory-spolu\/p1030600-2\/\" data-orig-file=\"https:\/\/i0.wp.com\/www.atelier-reklama.sk\/blog\/wp-content\/uploads\/2023\/03\/P1030600-scaled.jpg?fit=2560%2C886&amp;ssl=1\" data-orig-size=\"2560,886\" data-comments-opened=\"1\" data-image-meta=\"{&quot;aperture&quot;:&quot;2.2&quot;,&quot;credit&quot;:&quot;&quot;,&quot;camera&quot;:&quot;DMC-LX7&quot;,&quot;caption&quot;:&quot;&quot;,&quot;created_timestamp&quot;:&quot;1550824860&quot;,&quot;copyright&quot;:&quot;&quot;,&quot;focal_length&quot;:&quot;14.7&quot;,&quot;iso&quot;:&quot;400&quot;,&quot;shutter_speed&quot;:&quot;0.05&quot;,&quot;title&quot;:&quot;&quot;,&quot;orientation&quot;:&quot;1&quot;}\" data-image-title=\"P1030600\" data-image-description=\"\" data-image-caption=\"\" data-medium-file=\"https:\/\/i0.wp.com\/www.atelier-reklama.sk\/blog\/wp-content\/uploads\/2023\/03\/P1030600-scaled.jpg?fit=300%2C104&amp;ssl=1\" data-large-file=\"https:\/\/i0.wp.com\/www.atelier-reklama.sk\/blog\/wp-content\/uploads\/2023\/03\/P1030600-scaled.jpg?fit=800%2C277&amp;ssl=1\" src=\"https:\/\/i0.wp.com\/www.atelier-reklama.sk\/blog\/wp-content\/uploads\/2023\/03\/P1030600.jpg?resize=800%2C277&#038;ssl=1\" alt=\"\" class=\"wp-image-13111\" srcset=\"https:\/\/i0.wp.com\/www.atelier-reklama.sk\/blog\/wp-content\/uploads\/2023\/03\/P1030600-scaled.jpg?resize=1024%2C354&amp;ssl=1 1024w, https:\/\/i0.wp.com\/www.atelier-reklama.sk\/blog\/wp-content\/uploads\/2023\/03\/P1030600-scaled.jpg?resize=300%2C104&amp;ssl=1 300w, https:\/\/i0.wp.com\/www.atelier-reklama.sk\/blog\/wp-content\/uploads\/2023\/03\/P1030600-scaled.jpg?resize=768%2C266&amp;ssl=1 768w, https:\/\/i0.wp.com\/www.atelier-reklama.sk\/blog\/wp-content\/uploads\/2023\/03\/P1030600-scaled.jpg?resize=1536%2C531&amp;ssl=1 1536w, https:\/\/i0.wp.com\/www.atelier-reklama.sk\/blog\/wp-content\/uploads\/2023\/03\/P1030600-scaled.jpg?resize=2048%2C709&amp;ssl=1 2048w, https:\/\/i0.wp.com\/www.atelier-reklama.sk\/blog\/wp-content\/uploads\/2023\/03\/P1030600-scaled.jpg?w=1600&amp;ssl=1 1600w, https:\/\/i0.wp.com\/www.atelier-reklama.sk\/blog\/wp-content\/uploads\/2023\/03\/P1030600-scaled.jpg?w=2400&amp;ssl=1 2400w\" sizes=\"auto, (max-width: 800px) 100vw, 800px\" \/><\/figure>\n\n\n\n<figure class=\"wp-block-image size-large\"><img data-recalc-dims=\"1\" loading=\"lazy\" decoding=\"async\" width=\"800\" height=\"793\" data-attachment-id=\"13112\" data-permalink=\"https:\/\/www.atelier-reklama.sk\/blog\/moj-krekacsky-kroj-a-jeho-prekreslene-vzory-spolu\/p1030601-2\/\" data-orig-file=\"https:\/\/i0.wp.com\/www.atelier-reklama.sk\/blog\/wp-content\/uploads\/2023\/03\/P1030601.jpg?fit=2131%2C2112&amp;ssl=1\" data-orig-size=\"2131,2112\" data-comments-opened=\"1\" data-image-meta=\"{&quot;aperture&quot;:&quot;2.2&quot;,&quot;credit&quot;:&quot;&quot;,&quot;camera&quot;:&quot;DMC-LX7&quot;,&quot;caption&quot;:&quot;&quot;,&quot;created_timestamp&quot;:&quot;1550824878&quot;,&quot;copyright&quot;:&quot;&quot;,&quot;focal_length&quot;:&quot;14.7&quot;,&quot;iso&quot;:&quot;400&quot;,&quot;shutter_speed&quot;:&quot;0.05&quot;,&quot;title&quot;:&quot;&quot;,&quot;orientation&quot;:&quot;1&quot;}\" data-image-title=\"P1030601\" data-image-description=\"\" data-image-caption=\"\" data-medium-file=\"https:\/\/i0.wp.com\/www.atelier-reklama.sk\/blog\/wp-content\/uploads\/2023\/03\/P1030601.jpg?fit=300%2C297&amp;ssl=1\" data-large-file=\"https:\/\/i0.wp.com\/www.atelier-reklama.sk\/blog\/wp-content\/uploads\/2023\/03\/P1030601.jpg?fit=800%2C793&amp;ssl=1\" src=\"https:\/\/i0.wp.com\/www.atelier-reklama.sk\/blog\/wp-content\/uploads\/2023\/03\/P1030601.jpg?resize=800%2C793&#038;ssl=1\" alt=\"\" class=\"wp-image-13112\" srcset=\"https:\/\/i0.wp.com\/www.atelier-reklama.sk\/blog\/wp-content\/uploads\/2023\/03\/P1030601.jpg?resize=1024%2C1015&amp;ssl=1 1024w, https:\/\/i0.wp.com\/www.atelier-reklama.sk\/blog\/wp-content\/uploads\/2023\/03\/P1030601.jpg?resize=300%2C297&amp;ssl=1 300w, https:\/\/i0.wp.com\/www.atelier-reklama.sk\/blog\/wp-content\/uploads\/2023\/03\/P1030601.jpg?resize=150%2C150&amp;ssl=1 150w, https:\/\/i0.wp.com\/www.atelier-reklama.sk\/blog\/wp-content\/uploads\/2023\/03\/P1030601.jpg?resize=768%2C761&amp;ssl=1 768w, https:\/\/i0.wp.com\/www.atelier-reklama.sk\/blog\/wp-content\/uploads\/2023\/03\/P1030601.jpg?resize=1536%2C1522&amp;ssl=1 1536w, https:\/\/i0.wp.com\/www.atelier-reklama.sk\/blog\/wp-content\/uploads\/2023\/03\/P1030601.jpg?resize=2048%2C2030&amp;ssl=1 2048w, https:\/\/i0.wp.com\/www.atelier-reklama.sk\/blog\/wp-content\/uploads\/2023\/03\/P1030601.jpg?w=1600&amp;ssl=1 1600w\" sizes=\"auto, (max-width: 800px) 100vw, 800px\" \/><\/figure>\n\n\n\n<figure class=\"wp-block-image size-large\"><img data-recalc-dims=\"1\" loading=\"lazy\" decoding=\"async\" width=\"601\" height=\"585\" data-attachment-id=\"13113\" data-permalink=\"https:\/\/www.atelier-reklama.sk\/blog\/moj-krekacsky-kroj-a-jeho-prekreslene-vzory-spolu\/zastera-z-d-mladonic-mama-2-2\/\" data-orig-file=\"https:\/\/i0.wp.com\/www.atelier-reklama.sk\/blog\/wp-content\/uploads\/2023\/03\/Z%C3%A1stera-z-D.-Mladon%C3%ADc-mama-2..jpg?fit=601%2C585&amp;ssl=1\" data-orig-size=\"601,585\" data-comments-opened=\"1\" data-image-meta=\"{&quot;aperture&quot;:&quot;0&quot;,&quot;credit&quot;:&quot;&quot;,&quot;camera&quot;:&quot;&quot;,&quot;caption&quot;:&quot;&quot;,&quot;created_timestamp&quot;:&quot;1550767791&quot;,&quot;copyright&quot;:&quot;&quot;,&quot;focal_length&quot;:&quot;0&quot;,&quot;iso&quot;:&quot;0&quot;,&quot;shutter_speed&quot;:&quot;0&quot;,&quot;title&quot;:&quot;&quot;,&quot;orientation&quot;:&quot;1&quot;}\" data-image-title=\"Z\u00e1stera-z-D.-Mladon\u00edc-mama-2.\" data-image-description=\"\" data-image-caption=\"\" data-medium-file=\"https:\/\/i0.wp.com\/www.atelier-reklama.sk\/blog\/wp-content\/uploads\/2023\/03\/Z%C3%A1stera-z-D.-Mladon%C3%ADc-mama-2..jpg?fit=300%2C292&amp;ssl=1\" data-large-file=\"https:\/\/i0.wp.com\/www.atelier-reklama.sk\/blog\/wp-content\/uploads\/2023\/03\/Z%C3%A1stera-z-D.-Mladon%C3%ADc-mama-2..jpg?fit=601%2C585&amp;ssl=1\" src=\"https:\/\/i0.wp.com\/www.atelier-reklama.sk\/blog\/wp-content\/uploads\/2023\/03\/Z%C3%A1stera-z-D.-Mladon%C3%ADc-mama-2..jpg?resize=601%2C585&#038;ssl=1\" alt=\"\" class=\"wp-image-13113\" srcset=\"https:\/\/i0.wp.com\/www.atelier-reklama.sk\/blog\/wp-content\/uploads\/2023\/03\/Z%C3%A1stera-z-D.-Mladon%C3%ADc-mama-2..jpg?w=601&amp;ssl=1 601w, https:\/\/i0.wp.com\/www.atelier-reklama.sk\/blog\/wp-content\/uploads\/2023\/03\/Z%C3%A1stera-z-D.-Mladon%C3%ADc-mama-2..jpg?resize=300%2C292&amp;ssl=1 300w\" sizes=\"auto, (max-width: 601px) 100vw, 601px\" \/><\/figure>\n\n\n\n<figure class=\"wp-block-image size-large\"><img data-recalc-dims=\"1\" loading=\"lazy\" decoding=\"async\" width=\"800\" height=\"613\" data-attachment-id=\"13114\" data-permalink=\"https:\/\/www.atelier-reklama.sk\/blog\/moj-krekacsky-kroj-a-jeho-prekreslene-vzory-spolu\/zastera-z-d-mladonic-mama-3-2\/\" data-orig-file=\"https:\/\/i0.wp.com\/www.atelier-reklama.sk\/blog\/wp-content\/uploads\/2023\/03\/Z%C3%A1stera-z-D.-Mladon%C3%ADc-mama-3.-rotated.jpg?fit=804%2C616&amp;ssl=1\" data-orig-size=\"804,616\" data-comments-opened=\"1\" data-image-meta=\"{&quot;aperture&quot;:&quot;0&quot;,&quot;credit&quot;:&quot;&quot;,&quot;camera&quot;:&quot;&quot;,&quot;caption&quot;:&quot;&quot;,&quot;created_timestamp&quot;:&quot;1550767791&quot;,&quot;copyright&quot;:&quot;&quot;,&quot;focal_length&quot;:&quot;0&quot;,&quot;iso&quot;:&quot;0&quot;,&quot;shutter_speed&quot;:&quot;0&quot;,&quot;title&quot;:&quot;&quot;,&quot;orientation&quot;:&quot;1&quot;}\" data-image-title=\"Z\u00e1stera-z-D.-Mladon\u00edc-mama-3.\" data-image-description=\"\" data-image-caption=\"\" data-medium-file=\"https:\/\/i0.wp.com\/www.atelier-reklama.sk\/blog\/wp-content\/uploads\/2023\/03\/Z%C3%A1stera-z-D.-Mladon%C3%ADc-mama-3.-rotated.jpg?fit=300%2C230&amp;ssl=1\" data-large-file=\"https:\/\/i0.wp.com\/www.atelier-reklama.sk\/blog\/wp-content\/uploads\/2023\/03\/Z%C3%A1stera-z-D.-Mladon%C3%ADc-mama-3.-rotated.jpg?fit=800%2C613&amp;ssl=1\" src=\"https:\/\/i0.wp.com\/www.atelier-reklama.sk\/blog\/wp-content\/uploads\/2023\/03\/Z%C3%A1stera-z-D.-Mladon%C3%ADc-mama-3.-rotated.jpg?resize=800%2C613&#038;ssl=1\" alt=\"\" class=\"wp-image-13114\" srcset=\"https:\/\/i0.wp.com\/www.atelier-reklama.sk\/blog\/wp-content\/uploads\/2023\/03\/Z%C3%A1stera-z-D.-Mladon%C3%ADc-mama-3.-rotated.jpg?w=804&amp;ssl=1 804w, https:\/\/i0.wp.com\/www.atelier-reklama.sk\/blog\/wp-content\/uploads\/2023\/03\/Z%C3%A1stera-z-D.-Mladon%C3%ADc-mama-3.-rotated.jpg?resize=300%2C230&amp;ssl=1 300w, https:\/\/i0.wp.com\/www.atelier-reklama.sk\/blog\/wp-content\/uploads\/2023\/03\/Z%C3%A1stera-z-D.-Mladon%C3%ADc-mama-3.-rotated.jpg?resize=768%2C588&amp;ssl=1 768w\" sizes=\"auto, (max-width: 800px) 100vw, 800px\" \/><\/figure>\n\n\n\n<figure class=\"wp-block-image size-large\"><img data-recalc-dims=\"1\" loading=\"lazy\" decoding=\"async\" width=\"800\" height=\"384\" data-attachment-id=\"13115\" data-permalink=\"https:\/\/www.atelier-reklama.sk\/blog\/moj-krekacsky-kroj-a-jeho-prekreslene-vzory-spolu\/zastera-z-d-mladonic-mama-5-2\/\" data-orig-file=\"https:\/\/i0.wp.com\/www.atelier-reklama.sk\/blog\/wp-content\/uploads\/2023\/03\/Z%C3%A1stera-z-D.-Mladon%C3%ADc-mama-5.-rotated.jpg?fit=1274%2C611&amp;ssl=1\" data-orig-size=\"1274,611\" data-comments-opened=\"1\" data-image-meta=\"{&quot;aperture&quot;:&quot;0&quot;,&quot;credit&quot;:&quot;&quot;,&quot;camera&quot;:&quot;&quot;,&quot;caption&quot;:&quot;&quot;,&quot;created_timestamp&quot;:&quot;1550767792&quot;,&quot;copyright&quot;:&quot;&quot;,&quot;focal_length&quot;:&quot;0&quot;,&quot;iso&quot;:&quot;0&quot;,&quot;shutter_speed&quot;:&quot;0&quot;,&quot;title&quot;:&quot;&quot;,&quot;orientation&quot;:&quot;1&quot;}\" data-image-title=\"Z\u00e1stera-z-D.-Mladon\u00edc-mama-5.\" data-image-description=\"\" data-image-caption=\"\" data-medium-file=\"https:\/\/i0.wp.com\/www.atelier-reklama.sk\/blog\/wp-content\/uploads\/2023\/03\/Z%C3%A1stera-z-D.-Mladon%C3%ADc-mama-5.-rotated.jpg?fit=300%2C144&amp;ssl=1\" data-large-file=\"https:\/\/i0.wp.com\/www.atelier-reklama.sk\/blog\/wp-content\/uploads\/2023\/03\/Z%C3%A1stera-z-D.-Mladon%C3%ADc-mama-5.-rotated.jpg?fit=800%2C384&amp;ssl=1\" src=\"https:\/\/i0.wp.com\/www.atelier-reklama.sk\/blog\/wp-content\/uploads\/2023\/03\/Z%C3%A1stera-z-D.-Mladon%C3%ADc-mama-5..jpg?resize=800%2C384&#038;ssl=1\" alt=\"\" class=\"wp-image-13115\" srcset=\"https:\/\/i0.wp.com\/www.atelier-reklama.sk\/blog\/wp-content\/uploads\/2023\/03\/Z%C3%A1stera-z-D.-Mladon%C3%ADc-mama-5.-rotated.jpg?resize=1024%2C491&amp;ssl=1 1024w, https:\/\/i0.wp.com\/www.atelier-reklama.sk\/blog\/wp-content\/uploads\/2023\/03\/Z%C3%A1stera-z-D.-Mladon%C3%ADc-mama-5.-rotated.jpg?resize=300%2C144&amp;ssl=1 300w, https:\/\/i0.wp.com\/www.atelier-reklama.sk\/blog\/wp-content\/uploads\/2023\/03\/Z%C3%A1stera-z-D.-Mladon%C3%ADc-mama-5.-rotated.jpg?resize=768%2C368&amp;ssl=1 768w, https:\/\/i0.wp.com\/www.atelier-reklama.sk\/blog\/wp-content\/uploads\/2023\/03\/Z%C3%A1stera-z-D.-Mladon%C3%ADc-mama-5.-rotated.jpg?w=1274&amp;ssl=1 1274w\" sizes=\"auto, (max-width: 800px) 100vw, 800px\" \/><\/figure>\n\n\n\n<figure class=\"wp-block-image size-large\"><img data-recalc-dims=\"1\" loading=\"lazy\" decoding=\"async\" width=\"800\" height=\"334\" data-attachment-id=\"13116\" data-permalink=\"https:\/\/www.atelier-reklama.sk\/blog\/moj-krekacsky-kroj-a-jeho-prekreslene-vzory-spolu\/zastera-z-d-mladonic-mama-stred-4-2\/\" data-orig-file=\"https:\/\/i0.wp.com\/www.atelier-reklama.sk\/blog\/wp-content\/uploads\/2023\/03\/Z%C3%A1stera-z-D.-Mladon%C3%ADc-mama-stred-4..jpg?fit=1355%2C566&amp;ssl=1\" data-orig-size=\"1355,566\" data-comments-opened=\"1\" data-image-meta=\"{&quot;aperture&quot;:&quot;0&quot;,&quot;credit&quot;:&quot;&quot;,&quot;camera&quot;:&quot;&quot;,&quot;caption&quot;:&quot;&quot;,&quot;created_timestamp&quot;:&quot;1550767792&quot;,&quot;copyright&quot;:&quot;&quot;,&quot;focal_length&quot;:&quot;0&quot;,&quot;iso&quot;:&quot;0&quot;,&quot;shutter_speed&quot;:&quot;0&quot;,&quot;title&quot;:&quot;&quot;,&quot;orientation&quot;:&quot;1&quot;}\" data-image-title=\"Z\u00e1stera-z-D.-Mladon\u00edc-mama-stred-4.\" data-image-description=\"\" data-image-caption=\"\" data-medium-file=\"https:\/\/i0.wp.com\/www.atelier-reklama.sk\/blog\/wp-content\/uploads\/2023\/03\/Z%C3%A1stera-z-D.-Mladon%C3%ADc-mama-stred-4..jpg?fit=300%2C125&amp;ssl=1\" data-large-file=\"https:\/\/i0.wp.com\/www.atelier-reklama.sk\/blog\/wp-content\/uploads\/2023\/03\/Z%C3%A1stera-z-D.-Mladon%C3%ADc-mama-stred-4..jpg?fit=800%2C334&amp;ssl=1\" src=\"https:\/\/i0.wp.com\/www.atelier-reklama.sk\/blog\/wp-content\/uploads\/2023\/03\/Z%C3%A1stera-z-D.-Mladon%C3%ADc-mama-stred-4..jpg?resize=800%2C334&#038;ssl=1\" alt=\"\" class=\"wp-image-13116\" srcset=\"https:\/\/i0.wp.com\/www.atelier-reklama.sk\/blog\/wp-content\/uploads\/2023\/03\/Z%C3%A1stera-z-D.-Mladon%C3%ADc-mama-stred-4..jpg?resize=1024%2C428&amp;ssl=1 1024w, https:\/\/i0.wp.com\/www.atelier-reklama.sk\/blog\/wp-content\/uploads\/2023\/03\/Z%C3%A1stera-z-D.-Mladon%C3%ADc-mama-stred-4..jpg?resize=300%2C125&amp;ssl=1 300w, https:\/\/i0.wp.com\/www.atelier-reklama.sk\/blog\/wp-content\/uploads\/2023\/03\/Z%C3%A1stera-z-D.-Mladon%C3%ADc-mama-stred-4..jpg?resize=768%2C321&amp;ssl=1 768w, https:\/\/i0.wp.com\/www.atelier-reklama.sk\/blog\/wp-content\/uploads\/2023\/03\/Z%C3%A1stera-z-D.-Mladon%C3%ADc-mama-stred-4..jpg?w=1355&amp;ssl=1 1355w\" sizes=\"auto, (max-width: 800px) 100vw, 800px\" \/><\/figure>\n\n\n\n<figure class=\"wp-block-image size-large\"><img data-recalc-dims=\"1\" loading=\"lazy\" decoding=\"async\" width=\"745\" height=\"1024\" data-attachment-id=\"13117\" data-permalink=\"https:\/\/www.atelier-reklama.sk\/blog\/moj-krekacsky-kroj-a-jeho-prekreslene-vzory-spolu\/zastera-z-d-mladonic-mama0003\/\" data-orig-file=\"https:\/\/i0.wp.com\/www.atelier-reklama.sk\/blog\/wp-content\/uploads\/2023\/03\/Z%C3%A1stera-z-D.-Mladon%C3%ADc-mama0003-rotated.jpg?fit=1700%2C2338&amp;ssl=1\" data-orig-size=\"1700,2338\" data-comments-opened=\"1\" data-image-meta=\"{&quot;aperture&quot;:&quot;0&quot;,&quot;credit&quot;:&quot;&quot;,&quot;camera&quot;:&quot;&quot;,&quot;caption&quot;:&quot;&quot;,&quot;created_timestamp&quot;:&quot;0&quot;,&quot;copyright&quot;:&quot;&quot;,&quot;focal_length&quot;:&quot;0&quot;,&quot;iso&quot;:&quot;0&quot;,&quot;shutter_speed&quot;:&quot;0&quot;,&quot;title&quot;:&quot;&quot;,&quot;orientation&quot;:&quot;1&quot;}\" data-image-title=\"Z\u00e1stera-z-D.-Mladon\u00edc-mama0003\" data-image-description=\"\" data-image-caption=\"\" data-medium-file=\"https:\/\/i0.wp.com\/www.atelier-reklama.sk\/blog\/wp-content\/uploads\/2023\/03\/Z%C3%A1stera-z-D.-Mladon%C3%ADc-mama0003-rotated.jpg?fit=218%2C300&amp;ssl=1\" data-large-file=\"https:\/\/i0.wp.com\/www.atelier-reklama.sk\/blog\/wp-content\/uploads\/2023\/03\/Z%C3%A1stera-z-D.-Mladon%C3%ADc-mama0003-rotated.jpg?fit=745%2C1024&amp;ssl=1\" src=\"https:\/\/i0.wp.com\/www.atelier-reklama.sk\/blog\/wp-content\/uploads\/2023\/03\/Z%C3%A1stera-z-D.-Mladon%C3%ADc-mama0003.jpg?resize=745%2C1024&#038;ssl=1\" alt=\"\" class=\"wp-image-13117\" srcset=\"https:\/\/i0.wp.com\/www.atelier-reklama.sk\/blog\/wp-content\/uploads\/2023\/03\/Z%C3%A1stera-z-D.-Mladon%C3%ADc-mama0003-rotated.jpg?resize=745%2C1024&amp;ssl=1 745w, https:\/\/i0.wp.com\/www.atelier-reklama.sk\/blog\/wp-content\/uploads\/2023\/03\/Z%C3%A1stera-z-D.-Mladon%C3%ADc-mama0003-rotated.jpg?resize=218%2C300&amp;ssl=1 218w, https:\/\/i0.wp.com\/www.atelier-reklama.sk\/blog\/wp-content\/uploads\/2023\/03\/Z%C3%A1stera-z-D.-Mladon%C3%ADc-mama0003-rotated.jpg?resize=768%2C1056&amp;ssl=1 768w, https:\/\/i0.wp.com\/www.atelier-reklama.sk\/blog\/wp-content\/uploads\/2023\/03\/Z%C3%A1stera-z-D.-Mladon%C3%ADc-mama0003-rotated.jpg?resize=1117%2C1536&amp;ssl=1 1117w, https:\/\/i0.wp.com\/www.atelier-reklama.sk\/blog\/wp-content\/uploads\/2023\/03\/Z%C3%A1stera-z-D.-Mladon%C3%ADc-mama0003-rotated.jpg?resize=1489%2C2048&amp;ssl=1 1489w, https:\/\/i0.wp.com\/www.atelier-reklama.sk\/blog\/wp-content\/uploads\/2023\/03\/Z%C3%A1stera-z-D.-Mladon%C3%ADc-mama0003-rotated.jpg?w=1700&amp;ssl=1 1700w, https:\/\/i0.wp.com\/www.atelier-reklama.sk\/blog\/wp-content\/uploads\/2023\/03\/Z%C3%A1stera-z-D.-Mladon%C3%ADc-mama0003-rotated.jpg?w=1600&amp;ssl=1 1600w\" sizes=\"auto, (max-width: 745px) 100vw, 745px\" \/><\/figure>\n\n\n\n<figure class=\"wp-block-image aligncenter size-large\"><img data-recalc-dims=\"1\" loading=\"lazy\" decoding=\"async\" width=\"335\" height=\"513\" data-attachment-id=\"13109\" data-permalink=\"https:\/\/www.atelier-reklama.sk\/blog\/moj-krekacsky-kroj-a-jeho-prekreslene-vzory-spolu\/p1030598-2\/\" data-orig-file=\"https:\/\/i0.wp.com\/www.atelier-reklama.sk\/blog\/wp-content\/uploads\/2023\/03\/P1030598.jpg?fit=335%2C513&amp;ssl=1\" data-orig-size=\"335,513\" data-comments-opened=\"1\" data-image-meta=\"{&quot;aperture&quot;:&quot;1.4&quot;,&quot;credit&quot;:&quot;&quot;,&quot;camera&quot;:&quot;DMC-LX7&quot;,&quot;caption&quot;:&quot;&quot;,&quot;created_timestamp&quot;:&quot;1550824840&quot;,&quot;copyright&quot;:&quot;&quot;,&quot;focal_length&quot;:&quot;4.7&quot;,&quot;iso&quot;:&quot;400&quot;,&quot;shutter_speed&quot;:&quot;0.016666666666667&quot;,&quot;title&quot;:&quot;&quot;,&quot;orientation&quot;:&quot;1&quot;}\" data-image-title=\"P1030598\" data-image-description=\"\" data-image-caption=\"\" data-medium-file=\"https:\/\/i0.wp.com\/www.atelier-reklama.sk\/blog\/wp-content\/uploads\/2023\/03\/P1030598.jpg?fit=196%2C300&amp;ssl=1\" data-large-file=\"https:\/\/i0.wp.com\/www.atelier-reklama.sk\/blog\/wp-content\/uploads\/2023\/03\/P1030598.jpg?fit=335%2C513&amp;ssl=1\" src=\"https:\/\/i0.wp.com\/www.atelier-reklama.sk\/blog\/wp-content\/uploads\/2023\/03\/P1030598.jpg?resize=335%2C513&#038;ssl=1\" alt=\"\" class=\"wp-image-13109\" srcset=\"https:\/\/i0.wp.com\/www.atelier-reklama.sk\/blog\/wp-content\/uploads\/2023\/03\/P1030598.jpg?w=335&amp;ssl=1 335w, https:\/\/i0.wp.com\/www.atelier-reklama.sk\/blog\/wp-content\/uploads\/2023\/03\/P1030598.jpg?resize=196%2C300&amp;ssl=1 196w\" sizes=\"auto, (max-width: 335px) 100vw, 335px\" \/><\/figure>\n\n\n\n<p>4. Z\u00e1stera, okolie Bzov\u00edka, vy\u0161it\u00e9 kr\u00ed\u017eikmi, p\u00f4vod nezn\u00e1my<\/p>\n\n\n\n<figure class=\"wp-block-image size-large\"><img data-recalc-dims=\"1\" loading=\"lazy\" decoding=\"async\" width=\"800\" height=\"650\" data-attachment-id=\"13046\" data-permalink=\"https:\/\/www.atelier-reklama.sk\/blog\/moj-krekacsky-kroj-a-jeho-prekreslene-vzory-spolu\/10-zastera-okolie-bzovika-vysite-krizikmi-povod-neznamy-1\/\" data-orig-file=\"https:\/\/i0.wp.com\/www.atelier-reklama.sk\/blog\/wp-content\/uploads\/2023\/03\/10.-Z%C3%A1stera-okolie-Bzov%C3%ADka-vy%C5%A1it%C3%A9-kr%C3%AD%C5%BEikmi-p%C3%B4vod-nezn%C3%A1my-1.jpg?fit=914%2C743&amp;ssl=1\" data-orig-size=\"914,743\" data-comments-opened=\"1\" data-image-meta=\"{&quot;aperture&quot;:&quot;0&quot;,&quot;credit&quot;:&quot;&quot;,&quot;camera&quot;:&quot;&quot;,&quot;caption&quot;:&quot;&quot;,&quot;created_timestamp&quot;:&quot;1678810680&quot;,&quot;copyright&quot;:&quot;&quot;,&quot;focal_length&quot;:&quot;0&quot;,&quot;iso&quot;:&quot;0&quot;,&quot;shutter_speed&quot;:&quot;0&quot;,&quot;title&quot;:&quot;&quot;,&quot;orientation&quot;:&quot;1&quot;}\" data-image-title=\"10.-Z\u00e1stera-okolie-Bzov\u00edka-vy\u0161it\u00e9-kr\u00ed\u017eikmi-p\u00f4vod-nezn\u00e1my-1\" data-image-description=\"\" data-image-caption=\"\" data-medium-file=\"https:\/\/i0.wp.com\/www.atelier-reklama.sk\/blog\/wp-content\/uploads\/2023\/03\/10.-Z%C3%A1stera-okolie-Bzov%C3%ADka-vy%C5%A1it%C3%A9-kr%C3%AD%C5%BEikmi-p%C3%B4vod-nezn%C3%A1my-1.jpg?fit=300%2C244&amp;ssl=1\" data-large-file=\"https:\/\/i0.wp.com\/www.atelier-reklama.sk\/blog\/wp-content\/uploads\/2023\/03\/10.-Z%C3%A1stera-okolie-Bzov%C3%ADka-vy%C5%A1it%C3%A9-kr%C3%AD%C5%BEikmi-p%C3%B4vod-nezn%C3%A1my-1.jpg?fit=800%2C650&amp;ssl=1\" src=\"https:\/\/i0.wp.com\/www.atelier-reklama.sk\/blog\/wp-content\/uploads\/2023\/03\/10.-Z%C3%A1stera-okolie-Bzov%C3%ADka-vy%C5%A1it%C3%A9-kr%C3%AD%C5%BEikmi-p%C3%B4vod-nezn%C3%A1my-1.jpg?resize=800%2C650&#038;ssl=1\" alt=\"\" class=\"wp-image-13046\" srcset=\"https:\/\/i0.wp.com\/www.atelier-reklama.sk\/blog\/wp-content\/uploads\/2023\/03\/10.-Z%C3%A1stera-okolie-Bzov%C3%ADka-vy%C5%A1it%C3%A9-kr%C3%AD%C5%BEikmi-p%C3%B4vod-nezn%C3%A1my-1.jpg?w=914&amp;ssl=1 914w, https:\/\/i0.wp.com\/www.atelier-reklama.sk\/blog\/wp-content\/uploads\/2023\/03\/10.-Z%C3%A1stera-okolie-Bzov%C3%ADka-vy%C5%A1it%C3%A9-kr%C3%AD%C5%BEikmi-p%C3%B4vod-nezn%C3%A1my-1.jpg?resize=300%2C244&amp;ssl=1 300w, https:\/\/i0.wp.com\/www.atelier-reklama.sk\/blog\/wp-content\/uploads\/2023\/03\/10.-Z%C3%A1stera-okolie-Bzov%C3%ADka-vy%C5%A1it%C3%A9-kr%C3%AD%C5%BEikmi-p%C3%B4vod-nezn%C3%A1my-1.jpg?resize=768%2C624&amp;ssl=1 768w\" sizes=\"auto, (max-width: 800px) 100vw, 800px\" \/><\/figure>\n\n\n\n<figure class=\"wp-block-image size-large\"><img data-recalc-dims=\"1\" loading=\"lazy\" decoding=\"async\" width=\"800\" height=\"566\" data-attachment-id=\"13047\" data-permalink=\"https:\/\/www.atelier-reklama.sk\/blog\/moj-krekacsky-kroj-a-jeho-prekreslene-vzory-spolu\/10a-zastera-okolie-bzovika-vysite-krizikmi-povod-neznamy\/\" data-orig-file=\"https:\/\/i0.wp.com\/www.atelier-reklama.sk\/blog\/wp-content\/uploads\/2023\/03\/10A.-Z%C3%A1stera-okolie-Bzov%C3%ADka-vy%C5%A1it%C3%A9-kr%C3%AD%C5%BEikmi-p%C3%B4vod-nezn%C3%A1my-scaled.jpg?fit=2560%2C1810&amp;ssl=1\" data-orig-size=\"2560,1810\" data-comments-opened=\"1\" data-image-meta=\"{&quot;aperture&quot;:&quot;0&quot;,&quot;credit&quot;:&quot;&quot;,&quot;camera&quot;:&quot;&quot;,&quot;caption&quot;:&quot;&quot;,&quot;created_timestamp&quot;:&quot;0&quot;,&quot;copyright&quot;:&quot;&quot;,&quot;focal_length&quot;:&quot;0&quot;,&quot;iso&quot;:&quot;0&quot;,&quot;shutter_speed&quot;:&quot;0&quot;,&quot;title&quot;:&quot;&quot;,&quot;orientation&quot;:&quot;1&quot;}\" data-image-title=\"10A.-Z\u00e1stera-okolie-Bzov\u00edka-vy\u0161it\u00e9-kr\u00ed\u017eikmi-p\u00f4vod-nezn\u00e1my\" data-image-description=\"\" data-image-caption=\"\" data-medium-file=\"https:\/\/i0.wp.com\/www.atelier-reklama.sk\/blog\/wp-content\/uploads\/2023\/03\/10A.-Z%C3%A1stera-okolie-Bzov%C3%ADka-vy%C5%A1it%C3%A9-kr%C3%AD%C5%BEikmi-p%C3%B4vod-nezn%C3%A1my-scaled.jpg?fit=300%2C212&amp;ssl=1\" data-large-file=\"https:\/\/i0.wp.com\/www.atelier-reklama.sk\/blog\/wp-content\/uploads\/2023\/03\/10A.-Z%C3%A1stera-okolie-Bzov%C3%ADka-vy%C5%A1it%C3%A9-kr%C3%AD%C5%BEikmi-p%C3%B4vod-nezn%C3%A1my-scaled.jpg?fit=800%2C566&amp;ssl=1\" src=\"https:\/\/i0.wp.com\/www.atelier-reklama.sk\/blog\/wp-content\/uploads\/2023\/03\/10A.-Z%C3%A1stera-okolie-Bzov%C3%ADka-vy%C5%A1it%C3%A9-kr%C3%AD%C5%BEikmi-p%C3%B4vod-nezn%C3%A1my.jpg?resize=800%2C566&#038;ssl=1\" alt=\"\" class=\"wp-image-13047\" srcset=\"https:\/\/i0.wp.com\/www.atelier-reklama.sk\/blog\/wp-content\/uploads\/2023\/03\/10A.-Z%C3%A1stera-okolie-Bzov%C3%ADka-vy%C5%A1it%C3%A9-kr%C3%AD%C5%BEikmi-p%C3%B4vod-nezn%C3%A1my-scaled.jpg?resize=1024%2C724&amp;ssl=1 1024w, https:\/\/i0.wp.com\/www.atelier-reklama.sk\/blog\/wp-content\/uploads\/2023\/03\/10A.-Z%C3%A1stera-okolie-Bzov%C3%ADka-vy%C5%A1it%C3%A9-kr%C3%AD%C5%BEikmi-p%C3%B4vod-nezn%C3%A1my-scaled.jpg?resize=300%2C212&amp;ssl=1 300w, https:\/\/i0.wp.com\/www.atelier-reklama.sk\/blog\/wp-content\/uploads\/2023\/03\/10A.-Z%C3%A1stera-okolie-Bzov%C3%ADka-vy%C5%A1it%C3%A9-kr%C3%AD%C5%BEikmi-p%C3%B4vod-nezn%C3%A1my-scaled.jpg?resize=768%2C543&amp;ssl=1 768w, https:\/\/i0.wp.com\/www.atelier-reklama.sk\/blog\/wp-content\/uploads\/2023\/03\/10A.-Z%C3%A1stera-okolie-Bzov%C3%ADka-vy%C5%A1it%C3%A9-kr%C3%AD%C5%BEikmi-p%C3%B4vod-nezn%C3%A1my-scaled.jpg?resize=1536%2C1086&amp;ssl=1 1536w, https:\/\/i0.wp.com\/www.atelier-reklama.sk\/blog\/wp-content\/uploads\/2023\/03\/10A.-Z%C3%A1stera-okolie-Bzov%C3%ADka-vy%C5%A1it%C3%A9-kr%C3%AD%C5%BEikmi-p%C3%B4vod-nezn%C3%A1my-scaled.jpg?resize=2048%2C1448&amp;ssl=1 2048w, https:\/\/i0.wp.com\/www.atelier-reklama.sk\/blog\/wp-content\/uploads\/2023\/03\/10A.-Z%C3%A1stera-okolie-Bzov%C3%ADka-vy%C5%A1it%C3%A9-kr%C3%AD%C5%BEikmi-p%C3%B4vod-nezn%C3%A1my-scaled.jpg?w=1600&amp;ssl=1 1600w, https:\/\/i0.wp.com\/www.atelier-reklama.sk\/blog\/wp-content\/uploads\/2023\/03\/10A.-Z%C3%A1stera-okolie-Bzov%C3%ADka-vy%C5%A1it%C3%A9-kr%C3%AD%C5%BEikmi-p%C3%B4vod-nezn%C3%A1my-scaled.jpg?w=2400&amp;ssl=1 2400w\" sizes=\"auto, (max-width: 800px) 100vw, 800px\" \/><\/figure>\n\n\n\n<p>Preskenovan\u00e1 z\u00e1stera, ve\u013ekos\u0165 &#8222;zubov&#8220; treba prisp\u00f4sobi\u0165 ve\u013ekosti vy\u0161it\u00fdch kyti\u010diek okolo.<\/p>\n\n\n\n<figure class=\"wp-block-image size-large\"><img data-recalc-dims=\"1\" loading=\"lazy\" decoding=\"async\" width=\"800\" height=\"582\" data-attachment-id=\"13099\" data-permalink=\"https:\/\/www.atelier-reklama.sk\/blog\/moj-krekacsky-kroj-a-jeho-prekreslene-vzory-spolu\/fiertucha-cierna-kriziky-lavy-roh-senohrad0001-3\/\" data-orig-file=\"https:\/\/i0.wp.com\/www.atelier-reklama.sk\/blog\/wp-content\/uploads\/2023\/03\/Fiertucha-%C4%8Dierna-kr%C3%AD%C5%BEiky-%C4%BEav%C3%BD-roh-Senohrad0001.jpg?fit=2337%2C1700&amp;ssl=1\" data-orig-size=\"2337,1700\" data-comments-opened=\"1\" data-image-meta=\"{&quot;aperture&quot;:&quot;0&quot;,&quot;credit&quot;:&quot;&quot;,&quot;camera&quot;:&quot;&quot;,&quot;caption&quot;:&quot;&quot;,&quot;created_timestamp&quot;:&quot;1569762379&quot;,&quot;copyright&quot;:&quot;&quot;,&quot;focal_length&quot;:&quot;0&quot;,&quot;iso&quot;:&quot;0&quot;,&quot;shutter_speed&quot;:&quot;0&quot;,&quot;title&quot;:&quot;&quot;,&quot;orientation&quot;:&quot;1&quot;}\" data-image-title=\"Fiertucha-\u010dierna-kr\u00ed\u017eiky-\u013eav\u00fd-roh-Senohrad0001\" data-image-description=\"\" data-image-caption=\"\" data-medium-file=\"https:\/\/i0.wp.com\/www.atelier-reklama.sk\/blog\/wp-content\/uploads\/2023\/03\/Fiertucha-%C4%8Dierna-kr%C3%AD%C5%BEiky-%C4%BEav%C3%BD-roh-Senohrad0001.jpg?fit=300%2C218&amp;ssl=1\" data-large-file=\"https:\/\/i0.wp.com\/www.atelier-reklama.sk\/blog\/wp-content\/uploads\/2023\/03\/Fiertucha-%C4%8Dierna-kr%C3%AD%C5%BEiky-%C4%BEav%C3%BD-roh-Senohrad0001.jpg?fit=800%2C582&amp;ssl=1\" src=\"https:\/\/i0.wp.com\/www.atelier-reklama.sk\/blog\/wp-content\/uploads\/2023\/03\/Fiertucha-%C4%8Dierna-kr%C3%AD%C5%BEiky-%C4%BEav%C3%BD-roh-Senohrad0001.jpg?resize=800%2C582&#038;ssl=1\" alt=\"\" class=\"wp-image-13099\" srcset=\"https:\/\/i0.wp.com\/www.atelier-reklama.sk\/blog\/wp-content\/uploads\/2023\/03\/Fiertucha-%C4%8Dierna-kr%C3%AD%C5%BEiky-%C4%BEav%C3%BD-roh-Senohrad0001.jpg?resize=1024%2C745&amp;ssl=1 1024w, https:\/\/i0.wp.com\/www.atelier-reklama.sk\/blog\/wp-content\/uploads\/2023\/03\/Fiertucha-%C4%8Dierna-kr%C3%AD%C5%BEiky-%C4%BEav%C3%BD-roh-Senohrad0001.jpg?resize=300%2C218&amp;ssl=1 300w, https:\/\/i0.wp.com\/www.atelier-reklama.sk\/blog\/wp-content\/uploads\/2023\/03\/Fiertucha-%C4%8Dierna-kr%C3%AD%C5%BEiky-%C4%BEav%C3%BD-roh-Senohrad0001.jpg?resize=768%2C559&amp;ssl=1 768w, https:\/\/i0.wp.com\/www.atelier-reklama.sk\/blog\/wp-content\/uploads\/2023\/03\/Fiertucha-%C4%8Dierna-kr%C3%AD%C5%BEiky-%C4%BEav%C3%BD-roh-Senohrad0001.jpg?resize=1536%2C1117&amp;ssl=1 1536w, https:\/\/i0.wp.com\/www.atelier-reklama.sk\/blog\/wp-content\/uploads\/2023\/03\/Fiertucha-%C4%8Dierna-kr%C3%AD%C5%BEiky-%C4%BEav%C3%BD-roh-Senohrad0001.jpg?resize=2048%2C1490&amp;ssl=1 2048w, https:\/\/i0.wp.com\/www.atelier-reklama.sk\/blog\/wp-content\/uploads\/2023\/03\/Fiertucha-%C4%8Dierna-kr%C3%AD%C5%BEiky-%C4%BEav%C3%BD-roh-Senohrad0001.jpg?w=1600&amp;ssl=1 1600w\" sizes=\"auto, (max-width: 800px) 100vw, 800px\" \/><\/figure>\n\n\n\n<figure class=\"wp-block-image size-large\"><img data-recalc-dims=\"1\" loading=\"lazy\" decoding=\"async\" width=\"800\" height=\"582\" data-attachment-id=\"13100\" data-permalink=\"https:\/\/www.atelier-reklama.sk\/blog\/moj-krekacsky-kroj-a-jeho-prekreslene-vzory-spolu\/fiertucha-cierna-kriziky-pravy-roh-senohrad0001-3\/\" data-orig-file=\"https:\/\/i0.wp.com\/www.atelier-reklama.sk\/blog\/wp-content\/uploads\/2023\/03\/Fiertucha-%C4%8Dierna-kr%C3%AD%C5%BEiky-prav%C3%BD-roh-Senohrad0001.jpg?fit=2338%2C1700&amp;ssl=1\" data-orig-size=\"2338,1700\" data-comments-opened=\"1\" data-image-meta=\"{&quot;aperture&quot;:&quot;0&quot;,&quot;credit&quot;:&quot;&quot;,&quot;camera&quot;:&quot;&quot;,&quot;caption&quot;:&quot;&quot;,&quot;created_timestamp&quot;:&quot;0&quot;,&quot;copyright&quot;:&quot;&quot;,&quot;focal_length&quot;:&quot;0&quot;,&quot;iso&quot;:&quot;0&quot;,&quot;shutter_speed&quot;:&quot;0&quot;,&quot;title&quot;:&quot;&quot;,&quot;orientation&quot;:&quot;0&quot;}\" data-image-title=\"Fiertucha-\u010dierna-kr\u00ed\u017eiky-prav\u00fd-roh-Senohrad0001\" data-image-description=\"\" data-image-caption=\"\" data-medium-file=\"https:\/\/i0.wp.com\/www.atelier-reklama.sk\/blog\/wp-content\/uploads\/2023\/03\/Fiertucha-%C4%8Dierna-kr%C3%AD%C5%BEiky-prav%C3%BD-roh-Senohrad0001.jpg?fit=300%2C218&amp;ssl=1\" data-large-file=\"https:\/\/i0.wp.com\/www.atelier-reklama.sk\/blog\/wp-content\/uploads\/2023\/03\/Fiertucha-%C4%8Dierna-kr%C3%AD%C5%BEiky-prav%C3%BD-roh-Senohrad0001.jpg?fit=800%2C582&amp;ssl=1\" src=\"https:\/\/i0.wp.com\/www.atelier-reklama.sk\/blog\/wp-content\/uploads\/2023\/03\/Fiertucha-%C4%8Dierna-kr%C3%AD%C5%BEiky-prav%C3%BD-roh-Senohrad0001.jpg?resize=800%2C582&#038;ssl=1\" alt=\"\" class=\"wp-image-13100\" srcset=\"https:\/\/i0.wp.com\/www.atelier-reklama.sk\/blog\/wp-content\/uploads\/2023\/03\/Fiertucha-%C4%8Dierna-kr%C3%AD%C5%BEiky-prav%C3%BD-roh-Senohrad0001.jpg?resize=1024%2C745&amp;ssl=1 1024w, https:\/\/i0.wp.com\/www.atelier-reklama.sk\/blog\/wp-content\/uploads\/2023\/03\/Fiertucha-%C4%8Dierna-kr%C3%AD%C5%BEiky-prav%C3%BD-roh-Senohrad0001.jpg?resize=300%2C218&amp;ssl=1 300w, https:\/\/i0.wp.com\/www.atelier-reklama.sk\/blog\/wp-content\/uploads\/2023\/03\/Fiertucha-%C4%8Dierna-kr%C3%AD%C5%BEiky-prav%C3%BD-roh-Senohrad0001.jpg?resize=768%2C558&amp;ssl=1 768w, https:\/\/i0.wp.com\/www.atelier-reklama.sk\/blog\/wp-content\/uploads\/2023\/03\/Fiertucha-%C4%8Dierna-kr%C3%AD%C5%BEiky-prav%C3%BD-roh-Senohrad0001.jpg?resize=1536%2C1117&amp;ssl=1 1536w, https:\/\/i0.wp.com\/www.atelier-reklama.sk\/blog\/wp-content\/uploads\/2023\/03\/Fiertucha-%C4%8Dierna-kr%C3%AD%C5%BEiky-prav%C3%BD-roh-Senohrad0001.jpg?resize=2048%2C1489&amp;ssl=1 2048w, https:\/\/i0.wp.com\/www.atelier-reklama.sk\/blog\/wp-content\/uploads\/2023\/03\/Fiertucha-%C4%8Dierna-kr%C3%AD%C5%BEiky-prav%C3%BD-roh-Senohrad0001.jpg?w=1600&amp;ssl=1 1600w\" sizes=\"auto, (max-width: 800px) 100vw, 800px\" \/><\/figure>\n\n\n\n<figure class=\"wp-block-image size-large\"><img data-recalc-dims=\"1\" loading=\"lazy\" decoding=\"async\" width=\"787\" height=\"708\" data-attachment-id=\"13101\" data-permalink=\"https:\/\/www.atelier-reklama.sk\/blog\/moj-krekacsky-kroj-a-jeho-prekreslene-vzory-spolu\/fiertucha-cierna-kriziky-senohrad0002-otoceny-kvet-vlavo-2\/\" data-orig-file=\"https:\/\/i0.wp.com\/www.atelier-reklama.sk\/blog\/wp-content\/uploads\/2023\/03\/Fiertucha-%C4%8Dierna-kr%C3%AD%C5%BEiky-Senohrad0002-oto%C4%8Den%C3%BD-kvet-vlavo.jpg?fit=787%2C708&amp;ssl=1\" data-orig-size=\"787,708\" data-comments-opened=\"1\" data-image-meta=\"{&quot;aperture&quot;:&quot;0&quot;,&quot;credit&quot;:&quot;&quot;,&quot;camera&quot;:&quot;&quot;,&quot;caption&quot;:&quot;&quot;,&quot;created_timestamp&quot;:&quot;1569762382&quot;,&quot;copyright&quot;:&quot;&quot;,&quot;focal_length&quot;:&quot;0&quot;,&quot;iso&quot;:&quot;0&quot;,&quot;shutter_speed&quot;:&quot;0&quot;,&quot;title&quot;:&quot;&quot;,&quot;orientation&quot;:&quot;1&quot;}\" data-image-title=\"Fiertucha-\u010dierna-kr\u00ed\u017eiky-Senohrad0002-oto\u010den\u00fd-kvet-vlavo\" data-image-description=\"\" data-image-caption=\"\" data-medium-file=\"https:\/\/i0.wp.com\/www.atelier-reklama.sk\/blog\/wp-content\/uploads\/2023\/03\/Fiertucha-%C4%8Dierna-kr%C3%AD%C5%BEiky-Senohrad0002-oto%C4%8Den%C3%BD-kvet-vlavo.jpg?fit=300%2C270&amp;ssl=1\" data-large-file=\"https:\/\/i0.wp.com\/www.atelier-reklama.sk\/blog\/wp-content\/uploads\/2023\/03\/Fiertucha-%C4%8Dierna-kr%C3%AD%C5%BEiky-Senohrad0002-oto%C4%8Den%C3%BD-kvet-vlavo.jpg?fit=787%2C708&amp;ssl=1\" src=\"https:\/\/i0.wp.com\/www.atelier-reklama.sk\/blog\/wp-content\/uploads\/2023\/03\/Fiertucha-%C4%8Dierna-kr%C3%AD%C5%BEiky-Senohrad0002-oto%C4%8Den%C3%BD-kvet-vlavo.jpg?resize=787%2C708&#038;ssl=1\" alt=\"\" class=\"wp-image-13101\" srcset=\"https:\/\/i0.wp.com\/www.atelier-reklama.sk\/blog\/wp-content\/uploads\/2023\/03\/Fiertucha-%C4%8Dierna-kr%C3%AD%C5%BEiky-Senohrad0002-oto%C4%8Den%C3%BD-kvet-vlavo.jpg?w=787&amp;ssl=1 787w, https:\/\/i0.wp.com\/www.atelier-reklama.sk\/blog\/wp-content\/uploads\/2023\/03\/Fiertucha-%C4%8Dierna-kr%C3%AD%C5%BEiky-Senohrad0002-oto%C4%8Den%C3%BD-kvet-vlavo.jpg?resize=300%2C270&amp;ssl=1 300w, https:\/\/i0.wp.com\/www.atelier-reklama.sk\/blog\/wp-content\/uploads\/2023\/03\/Fiertucha-%C4%8Dierna-kr%C3%AD%C5%BEiky-Senohrad0002-oto%C4%8Den%C3%BD-kvet-vlavo.jpg?resize=768%2C691&amp;ssl=1 768w\" sizes=\"auto, (max-width: 787px) 100vw, 787px\" \/><\/figure>\n\n\n\n<figure class=\"wp-block-image size-large\"><img data-recalc-dims=\"1\" loading=\"lazy\" decoding=\"async\" width=\"787\" height=\"708\" data-attachment-id=\"13102\" data-permalink=\"https:\/\/www.atelier-reklama.sk\/blog\/moj-krekacsky-kroj-a-jeho-prekreslene-vzory-spolu\/fiertucha-cierna-kriziky-senohrad0002-3\/\" data-orig-file=\"https:\/\/i0.wp.com\/www.atelier-reklama.sk\/blog\/wp-content\/uploads\/2023\/03\/Fiertucha-%C4%8Dierna-kr%C3%AD%C5%BEiky-Senohrad0002.jpg?fit=787%2C708&amp;ssl=1\" data-orig-size=\"787,708\" data-comments-opened=\"1\" data-image-meta=\"{&quot;aperture&quot;:&quot;0&quot;,&quot;credit&quot;:&quot;&quot;,&quot;camera&quot;:&quot;&quot;,&quot;caption&quot;:&quot;&quot;,&quot;created_timestamp&quot;:&quot;1569762382&quot;,&quot;copyright&quot;:&quot;&quot;,&quot;focal_length&quot;:&quot;0&quot;,&quot;iso&quot;:&quot;0&quot;,&quot;shutter_speed&quot;:&quot;0&quot;,&quot;title&quot;:&quot;&quot;,&quot;orientation&quot;:&quot;1&quot;}\" data-image-title=\"Fiertucha-\u010dierna-kr\u00ed\u017eiky-Senohrad0002\" data-image-description=\"\" data-image-caption=\"\" data-medium-file=\"https:\/\/i0.wp.com\/www.atelier-reklama.sk\/blog\/wp-content\/uploads\/2023\/03\/Fiertucha-%C4%8Dierna-kr%C3%AD%C5%BEiky-Senohrad0002.jpg?fit=300%2C270&amp;ssl=1\" data-large-file=\"https:\/\/i0.wp.com\/www.atelier-reklama.sk\/blog\/wp-content\/uploads\/2023\/03\/Fiertucha-%C4%8Dierna-kr%C3%AD%C5%BEiky-Senohrad0002.jpg?fit=787%2C708&amp;ssl=1\" src=\"https:\/\/i0.wp.com\/www.atelier-reklama.sk\/blog\/wp-content\/uploads\/2023\/03\/Fiertucha-%C4%8Dierna-kr%C3%AD%C5%BEiky-Senohrad0002.jpg?resize=787%2C708&#038;ssl=1\" alt=\"\" class=\"wp-image-13102\" srcset=\"https:\/\/i0.wp.com\/www.atelier-reklama.sk\/blog\/wp-content\/uploads\/2023\/03\/Fiertucha-%C4%8Dierna-kr%C3%AD%C5%BEiky-Senohrad0002.jpg?w=787&amp;ssl=1 787w, https:\/\/i0.wp.com\/www.atelier-reklama.sk\/blog\/wp-content\/uploads\/2023\/03\/Fiertucha-%C4%8Dierna-kr%C3%AD%C5%BEiky-Senohrad0002.jpg?resize=300%2C270&amp;ssl=1 300w, https:\/\/i0.wp.com\/www.atelier-reklama.sk\/blog\/wp-content\/uploads\/2023\/03\/Fiertucha-%C4%8Dierna-kr%C3%AD%C5%BEiky-Senohrad0002.jpg?resize=768%2C691&amp;ssl=1 768w\" sizes=\"auto, (max-width: 787px) 100vw, 787px\" \/><\/figure>\n\n\n\n<figure class=\"wp-block-image size-large\"><img data-recalc-dims=\"1\" loading=\"lazy\" decoding=\"async\" width=\"800\" height=\"526\" data-attachment-id=\"13104\" data-permalink=\"https:\/\/www.atelier-reklama.sk\/blog\/moj-krekacsky-kroj-a-jeho-prekreslene-vzory-spolu\/fiertucha-cierna-kriziky-senohrad0003-3\/\" data-orig-file=\"https:\/\/i0.wp.com\/www.atelier-reklama.sk\/blog\/wp-content\/uploads\/2023\/03\/Fiertucha-%C4%8Dierna-kr%C3%AD%C5%BEiky-Senohrad0003.jpg?fit=987%2C649&amp;ssl=1\" data-orig-size=\"987,649\" data-comments-opened=\"1\" data-image-meta=\"{&quot;aperture&quot;:&quot;0&quot;,&quot;credit&quot;:&quot;&quot;,&quot;camera&quot;:&quot;&quot;,&quot;caption&quot;:&quot;&quot;,&quot;created_timestamp&quot;:&quot;1569762380&quot;,&quot;copyright&quot;:&quot;&quot;,&quot;focal_length&quot;:&quot;0&quot;,&quot;iso&quot;:&quot;0&quot;,&quot;shutter_speed&quot;:&quot;0&quot;,&quot;title&quot;:&quot;&quot;,&quot;orientation&quot;:&quot;1&quot;}\" data-image-title=\"Fiertucha-\u010dierna-kr\u00ed\u017eiky-Senohrad0003\" data-image-description=\"\" data-image-caption=\"\" data-medium-file=\"https:\/\/i0.wp.com\/www.atelier-reklama.sk\/blog\/wp-content\/uploads\/2023\/03\/Fiertucha-%C4%8Dierna-kr%C3%AD%C5%BEiky-Senohrad0003.jpg?fit=300%2C197&amp;ssl=1\" data-large-file=\"https:\/\/i0.wp.com\/www.atelier-reklama.sk\/blog\/wp-content\/uploads\/2023\/03\/Fiertucha-%C4%8Dierna-kr%C3%AD%C5%BEiky-Senohrad0003.jpg?fit=800%2C526&amp;ssl=1\" src=\"https:\/\/i0.wp.com\/www.atelier-reklama.sk\/blog\/wp-content\/uploads\/2023\/03\/Fiertucha-%C4%8Dierna-kr%C3%AD%C5%BEiky-Senohrad0003.jpg?resize=800%2C526&#038;ssl=1\" alt=\"\" class=\"wp-image-13104\" srcset=\"https:\/\/i0.wp.com\/www.atelier-reklama.sk\/blog\/wp-content\/uploads\/2023\/03\/Fiertucha-%C4%8Dierna-kr%C3%AD%C5%BEiky-Senohrad0003.jpg?w=987&amp;ssl=1 987w, https:\/\/i0.wp.com\/www.atelier-reklama.sk\/blog\/wp-content\/uploads\/2023\/03\/Fiertucha-%C4%8Dierna-kr%C3%AD%C5%BEiky-Senohrad0003.jpg?resize=300%2C197&amp;ssl=1 300w, https:\/\/i0.wp.com\/www.atelier-reklama.sk\/blog\/wp-content\/uploads\/2023\/03\/Fiertucha-%C4%8Dierna-kr%C3%AD%C5%BEiky-Senohrad0003.jpg?resize=768%2C505&amp;ssl=1 768w\" sizes=\"auto, (max-width: 800px) 100vw, 800px\" \/><\/figure>\n\n\n\n<figure class=\"wp-block-image size-large\"><img data-recalc-dims=\"1\" loading=\"lazy\" decoding=\"async\" width=\"800\" height=\"527\" data-attachment-id=\"13103\" data-permalink=\"https:\/\/www.atelier-reklama.sk\/blog\/moj-krekacsky-kroj-a-jeho-prekreslene-vzory-spolu\/fiertucha-cierna-kriziky-senohrad0003-hnede-kvety-otocene-vlavo-2\/\" data-orig-file=\"https:\/\/i0.wp.com\/www.atelier-reklama.sk\/blog\/wp-content\/uploads\/2023\/03\/Fiertucha-%C4%8Dierna-kr%C3%AD%C5%BEiky-Senohrad0003-hnede-kvety-otocene-vlavo.jpg?fit=986%2C649&amp;ssl=1\" data-orig-size=\"986,649\" data-comments-opened=\"1\" data-image-meta=\"{&quot;aperture&quot;:&quot;0&quot;,&quot;credit&quot;:&quot;&quot;,&quot;camera&quot;:&quot;&quot;,&quot;caption&quot;:&quot;&quot;,&quot;created_timestamp&quot;:&quot;1569762380&quot;,&quot;copyright&quot;:&quot;&quot;,&quot;focal_length&quot;:&quot;0&quot;,&quot;iso&quot;:&quot;0&quot;,&quot;shutter_speed&quot;:&quot;0&quot;,&quot;title&quot;:&quot;&quot;,&quot;orientation&quot;:&quot;1&quot;}\" data-image-title=\"Fiertucha-\u010dierna-kr\u00ed\u017eiky-Senohrad0003-hnede-kvety-otocene-vlavo\" data-image-description=\"\" data-image-caption=\"\" data-medium-file=\"https:\/\/i0.wp.com\/www.atelier-reklama.sk\/blog\/wp-content\/uploads\/2023\/03\/Fiertucha-%C4%8Dierna-kr%C3%AD%C5%BEiky-Senohrad0003-hnede-kvety-otocene-vlavo.jpg?fit=300%2C197&amp;ssl=1\" data-large-file=\"https:\/\/i0.wp.com\/www.atelier-reklama.sk\/blog\/wp-content\/uploads\/2023\/03\/Fiertucha-%C4%8Dierna-kr%C3%AD%C5%BEiky-Senohrad0003-hnede-kvety-otocene-vlavo.jpg?fit=800%2C527&amp;ssl=1\" src=\"https:\/\/i0.wp.com\/www.atelier-reklama.sk\/blog\/wp-content\/uploads\/2023\/03\/Fiertucha-%C4%8Dierna-kr%C3%AD%C5%BEiky-Senohrad0003-hnede-kvety-otocene-vlavo.jpg?resize=800%2C527&#038;ssl=1\" alt=\"\" class=\"wp-image-13103\" srcset=\"https:\/\/i0.wp.com\/www.atelier-reklama.sk\/blog\/wp-content\/uploads\/2023\/03\/Fiertucha-%C4%8Dierna-kr%C3%AD%C5%BEiky-Senohrad0003-hnede-kvety-otocene-vlavo.jpg?w=986&amp;ssl=1 986w, https:\/\/i0.wp.com\/www.atelier-reklama.sk\/blog\/wp-content\/uploads\/2023\/03\/Fiertucha-%C4%8Dierna-kr%C3%AD%C5%BEiky-Senohrad0003-hnede-kvety-otocene-vlavo.jpg?resize=300%2C197&amp;ssl=1 300w, https:\/\/i0.wp.com\/www.atelier-reklama.sk\/blog\/wp-content\/uploads\/2023\/03\/Fiertucha-%C4%8Dierna-kr%C3%AD%C5%BEiky-Senohrad0003-hnede-kvety-otocene-vlavo.jpg?resize=768%2C506&amp;ssl=1 768w\" sizes=\"auto, (max-width: 800px) 100vw, 800px\" \/><\/figure>\n\n\n\n<figure class=\"wp-block-image size-large\"><img data-recalc-dims=\"1\" loading=\"lazy\" decoding=\"async\" width=\"800\" height=\"749\" data-attachment-id=\"13105\" data-permalink=\"https:\/\/www.atelier-reklama.sk\/blog\/moj-krekacsky-kroj-a-jeho-prekreslene-vzory-spolu\/fiertucha-cierna-kriziky-senohrad0004-3\/\" data-orig-file=\"https:\/\/i0.wp.com\/www.atelier-reklama.sk\/blog\/wp-content\/uploads\/2023\/03\/Fiertucha-%C4%8Dierna-kr%C3%AD%C5%BEiky-Senohrad0004-rotated.jpg?fit=1136%2C1064&amp;ssl=1\" data-orig-size=\"1136,1064\" data-comments-opened=\"1\" data-image-meta=\"{&quot;aperture&quot;:&quot;0&quot;,&quot;credit&quot;:&quot;&quot;,&quot;camera&quot;:&quot;&quot;,&quot;caption&quot;:&quot;&quot;,&quot;created_timestamp&quot;:&quot;0&quot;,&quot;copyright&quot;:&quot;&quot;,&quot;focal_length&quot;:&quot;0&quot;,&quot;iso&quot;:&quot;0&quot;,&quot;shutter_speed&quot;:&quot;0&quot;,&quot;title&quot;:&quot;&quot;,&quot;orientation&quot;:&quot;1&quot;}\" data-image-title=\"Fiertucha-\u010dierna-kr\u00ed\u017eiky-Senohrad0004\" data-image-description=\"\" data-image-caption=\"\" data-medium-file=\"https:\/\/i0.wp.com\/www.atelier-reklama.sk\/blog\/wp-content\/uploads\/2023\/03\/Fiertucha-%C4%8Dierna-kr%C3%AD%C5%BEiky-Senohrad0004-rotated.jpg?fit=300%2C281&amp;ssl=1\" data-large-file=\"https:\/\/i0.wp.com\/www.atelier-reklama.sk\/blog\/wp-content\/uploads\/2023\/03\/Fiertucha-%C4%8Dierna-kr%C3%AD%C5%BEiky-Senohrad0004-rotated.jpg?fit=800%2C749&amp;ssl=1\" src=\"https:\/\/i0.wp.com\/www.atelier-reklama.sk\/blog\/wp-content\/uploads\/2023\/03\/Fiertucha-%C4%8Dierna-kr%C3%AD%C5%BEiky-Senohrad0004.jpg?resize=800%2C749&#038;ssl=1\" alt=\"\" class=\"wp-image-13105\" srcset=\"https:\/\/i0.wp.com\/www.atelier-reklama.sk\/blog\/wp-content\/uploads\/2023\/03\/Fiertucha-%C4%8Dierna-kr%C3%AD%C5%BEiky-Senohrad0004-rotated.jpg?resize=1024%2C959&amp;ssl=1 1024w, https:\/\/i0.wp.com\/www.atelier-reklama.sk\/blog\/wp-content\/uploads\/2023\/03\/Fiertucha-%C4%8Dierna-kr%C3%AD%C5%BEiky-Senohrad0004-rotated.jpg?resize=300%2C281&amp;ssl=1 300w, https:\/\/i0.wp.com\/www.atelier-reklama.sk\/blog\/wp-content\/uploads\/2023\/03\/Fiertucha-%C4%8Dierna-kr%C3%AD%C5%BEiky-Senohrad0004-rotated.jpg?resize=768%2C719&amp;ssl=1 768w, https:\/\/i0.wp.com\/www.atelier-reklama.sk\/blog\/wp-content\/uploads\/2023\/03\/Fiertucha-%C4%8Dierna-kr%C3%AD%C5%BEiky-Senohrad0004-rotated.jpg?w=1136&amp;ssl=1 1136w\" sizes=\"auto, (max-width: 800px) 100vw, 800px\" \/><\/figure>\n\n\n\n<figure class=\"wp-block-image size-large\"><img data-recalc-dims=\"1\" loading=\"lazy\" decoding=\"async\" width=\"800\" height=\"582\" data-attachment-id=\"13106\" data-permalink=\"https:\/\/www.atelier-reklama.sk\/blog\/moj-krekacsky-kroj-a-jeho-prekreslene-vzory-spolu\/fiertucha-cierna-kriziky-senohrad0005-3\/\" data-orig-file=\"https:\/\/i0.wp.com\/www.atelier-reklama.sk\/blog\/wp-content\/uploads\/2023\/03\/Fiertucha-%C4%8Dierna-kr%C3%AD%C5%BEiky-Senohrad0005.jpg?fit=2338%2C1700&amp;ssl=1\" data-orig-size=\"2338,1700\" data-comments-opened=\"1\" data-image-meta=\"{&quot;aperture&quot;:&quot;0&quot;,&quot;credit&quot;:&quot;&quot;,&quot;camera&quot;:&quot;&quot;,&quot;caption&quot;:&quot;&quot;,&quot;created_timestamp&quot;:&quot;0&quot;,&quot;copyright&quot;:&quot;&quot;,&quot;focal_length&quot;:&quot;0&quot;,&quot;iso&quot;:&quot;0&quot;,&quot;shutter_speed&quot;:&quot;0&quot;,&quot;title&quot;:&quot;&quot;,&quot;orientation&quot;:&quot;0&quot;}\" data-image-title=\"Fiertucha-\u010dierna-kr\u00ed\u017eiky-Senohrad0005\" data-image-description=\"\" data-image-caption=\"\" data-medium-file=\"https:\/\/i0.wp.com\/www.atelier-reklama.sk\/blog\/wp-content\/uploads\/2023\/03\/Fiertucha-%C4%8Dierna-kr%C3%AD%C5%BEiky-Senohrad0005.jpg?fit=300%2C218&amp;ssl=1\" data-large-file=\"https:\/\/i0.wp.com\/www.atelier-reklama.sk\/blog\/wp-content\/uploads\/2023\/03\/Fiertucha-%C4%8Dierna-kr%C3%AD%C5%BEiky-Senohrad0005.jpg?fit=800%2C582&amp;ssl=1\" src=\"https:\/\/i0.wp.com\/www.atelier-reklama.sk\/blog\/wp-content\/uploads\/2023\/03\/Fiertucha-%C4%8Dierna-kr%C3%AD%C5%BEiky-Senohrad0005.jpg?resize=800%2C582&#038;ssl=1\" alt=\"\" class=\"wp-image-13106\" srcset=\"https:\/\/i0.wp.com\/www.atelier-reklama.sk\/blog\/wp-content\/uploads\/2023\/03\/Fiertucha-%C4%8Dierna-kr%C3%AD%C5%BEiky-Senohrad0005.jpg?resize=1024%2C745&amp;ssl=1 1024w, https:\/\/i0.wp.com\/www.atelier-reklama.sk\/blog\/wp-content\/uploads\/2023\/03\/Fiertucha-%C4%8Dierna-kr%C3%AD%C5%BEiky-Senohrad0005.jpg?resize=300%2C218&amp;ssl=1 300w, https:\/\/i0.wp.com\/www.atelier-reklama.sk\/blog\/wp-content\/uploads\/2023\/03\/Fiertucha-%C4%8Dierna-kr%C3%AD%C5%BEiky-Senohrad0005.jpg?resize=768%2C558&amp;ssl=1 768w, https:\/\/i0.wp.com\/www.atelier-reklama.sk\/blog\/wp-content\/uploads\/2023\/03\/Fiertucha-%C4%8Dierna-kr%C3%AD%C5%BEiky-Senohrad0005.jpg?resize=1536%2C1117&amp;ssl=1 1536w, https:\/\/i0.wp.com\/www.atelier-reklama.sk\/blog\/wp-content\/uploads\/2023\/03\/Fiertucha-%C4%8Dierna-kr%C3%AD%C5%BEiky-Senohrad0005.jpg?resize=2048%2C1489&amp;ssl=1 2048w, https:\/\/i0.wp.com\/www.atelier-reklama.sk\/blog\/wp-content\/uploads\/2023\/03\/Fiertucha-%C4%8Dierna-kr%C3%AD%C5%BEiky-Senohrad0005.jpg?w=1600&amp;ssl=1 1600w\" sizes=\"auto, (max-width: 800px) 100vw, 800px\" \/><\/figure>\n\n\n\n<p>5. Z\u00e1stera, plie\u0161ovsk\u00fd strih, do polokroja, Litava, druh\u00e1 pol. 20. stor., vy\u0161it\u00e9 kr\u00ed\u017eikmi, p\u00f4vodn\u00fd vlastn\u00edk nezn\u00e1my<\/p>\n\n\n\n<figure class=\"wp-block-image size-large\"><img data-recalc-dims=\"1\" loading=\"lazy\" decoding=\"async\" width=\"800\" height=\"556\" data-attachment-id=\"13006\" data-permalink=\"https:\/\/www.atelier-reklama.sk\/blog\/moj-krekacsky-kroj-a-jeho-prekreslene-vzory-spolu\/11-zastera-pliesovsky-strih-do-polokroja-litava-druha-pol-20-stor-vysite-krizikmi-povodny-vlastnik-neznamy\/\" data-orig-file=\"https:\/\/i0.wp.com\/www.atelier-reklama.sk\/blog\/wp-content\/uploads\/2023\/03\/11.-Z%C3%A1stera-plie%C5%A1ovsk%C3%BD-strih-do-polokroja-Litava-druh%C3%A1-pol.-20.-stor.-vy%C5%A1it%C3%A9-kr%C3%AD%C5%BEikmi-p%C3%B4vodn%C3%BD-vlastn%C3%ADk-nezn%C3%A1my-scaled.jpg?fit=2560%2C1781&amp;ssl=1\" data-orig-size=\"2560,1781\" data-comments-opened=\"1\" data-image-meta=\"{&quot;aperture&quot;:&quot;2&quot;,&quot;credit&quot;:&quot;&quot;,&quot;camera&quot;:&quot;SM-A125F&quot;,&quot;caption&quot;:&quot;&quot;,&quot;created_timestamp&quot;:&quot;1678874416&quot;,&quot;copyright&quot;:&quot;&quot;,&quot;focal_length&quot;:&quot;4.6&quot;,&quot;iso&quot;:&quot;250&quot;,&quot;shutter_speed&quot;:&quot;0.04&quot;,&quot;title&quot;:&quot;&quot;,&quot;orientation&quot;:&quot;1&quot;}\" data-image-title=\"11.-Z\u00e1stera-plie\u0161ovsk\u00fd-strih-do-polokroja-Litava-druh\u00e1-pol.-20.-stor.-vy\u0161it\u00e9-kr\u00ed\u017eikmi-p\u00f4vodn\u00fd-vlastn\u00edk-nezn\u00e1my\" data-image-description=\"\" data-image-caption=\"\" data-medium-file=\"https:\/\/i0.wp.com\/www.atelier-reklama.sk\/blog\/wp-content\/uploads\/2023\/03\/11.-Z%C3%A1stera-plie%C5%A1ovsk%C3%BD-strih-do-polokroja-Litava-druh%C3%A1-pol.-20.-stor.-vy%C5%A1it%C3%A9-kr%C3%AD%C5%BEikmi-p%C3%B4vodn%C3%BD-vlastn%C3%ADk-nezn%C3%A1my-scaled.jpg?fit=300%2C209&amp;ssl=1\" data-large-file=\"https:\/\/i0.wp.com\/www.atelier-reklama.sk\/blog\/wp-content\/uploads\/2023\/03\/11.-Z%C3%A1stera-plie%C5%A1ovsk%C3%BD-strih-do-polokroja-Litava-druh%C3%A1-pol.-20.-stor.-vy%C5%A1it%C3%A9-kr%C3%AD%C5%BEikmi-p%C3%B4vodn%C3%BD-vlastn%C3%ADk-nezn%C3%A1my-scaled.jpg?fit=800%2C556&amp;ssl=1\" src=\"https:\/\/i0.wp.com\/www.atelier-reklama.sk\/blog\/wp-content\/uploads\/2023\/03\/11.-Z%C3%A1stera-plie%C5%A1ovsk%C3%BD-strih-do-polokroja-Litava-druh%C3%A1-pol.-20.-stor.-vy%C5%A1it%C3%A9-kr%C3%AD%C5%BEikmi-p%C3%B4vodn%C3%BD-vlastn%C3%ADk-nezn%C3%A1my.jpg?resize=800%2C556&#038;ssl=1\" alt=\"\" class=\"wp-image-13006\" srcset=\"https:\/\/i0.wp.com\/www.atelier-reklama.sk\/blog\/wp-content\/uploads\/2023\/03\/11.-Z%C3%A1stera-plie%C5%A1ovsk%C3%BD-strih-do-polokroja-Litava-druh%C3%A1-pol.-20.-stor.-vy%C5%A1it%C3%A9-kr%C3%AD%C5%BEikmi-p%C3%B4vodn%C3%BD-vlastn%C3%ADk-nezn%C3%A1my-scaled.jpg?resize=1024%2C712&amp;ssl=1 1024w, https:\/\/i0.wp.com\/www.atelier-reklama.sk\/blog\/wp-content\/uploads\/2023\/03\/11.-Z%C3%A1stera-plie%C5%A1ovsk%C3%BD-strih-do-polokroja-Litava-druh%C3%A1-pol.-20.-stor.-vy%C5%A1it%C3%A9-kr%C3%AD%C5%BEikmi-p%C3%B4vodn%C3%BD-vlastn%C3%ADk-nezn%C3%A1my-scaled.jpg?resize=300%2C209&amp;ssl=1 300w, https:\/\/i0.wp.com\/www.atelier-reklama.sk\/blog\/wp-content\/uploads\/2023\/03\/11.-Z%C3%A1stera-plie%C5%A1ovsk%C3%BD-strih-do-polokroja-Litava-druh%C3%A1-pol.-20.-stor.-vy%C5%A1it%C3%A9-kr%C3%AD%C5%BEikmi-p%C3%B4vodn%C3%BD-vlastn%C3%ADk-nezn%C3%A1my-scaled.jpg?resize=768%2C534&amp;ssl=1 768w, https:\/\/i0.wp.com\/www.atelier-reklama.sk\/blog\/wp-content\/uploads\/2023\/03\/11.-Z%C3%A1stera-plie%C5%A1ovsk%C3%BD-strih-do-polokroja-Litava-druh%C3%A1-pol.-20.-stor.-vy%C5%A1it%C3%A9-kr%C3%AD%C5%BEikmi-p%C3%B4vodn%C3%BD-vlastn%C3%ADk-nezn%C3%A1my-scaled.jpg?resize=1536%2C1069&amp;ssl=1 1536w, https:\/\/i0.wp.com\/www.atelier-reklama.sk\/blog\/wp-content\/uploads\/2023\/03\/11.-Z%C3%A1stera-plie%C5%A1ovsk%C3%BD-strih-do-polokroja-Litava-druh%C3%A1-pol.-20.-stor.-vy%C5%A1it%C3%A9-kr%C3%AD%C5%BEikmi-p%C3%B4vodn%C3%BD-vlastn%C3%ADk-nezn%C3%A1my-scaled.jpg?resize=2048%2C1425&amp;ssl=1 2048w, https:\/\/i0.wp.com\/www.atelier-reklama.sk\/blog\/wp-content\/uploads\/2023\/03\/11.-Z%C3%A1stera-plie%C5%A1ovsk%C3%BD-strih-do-polokroja-Litava-druh%C3%A1-pol.-20.-stor.-vy%C5%A1it%C3%A9-kr%C3%AD%C5%BEikmi-p%C3%B4vodn%C3%BD-vlastn%C3%ADk-nezn%C3%A1my-scaled.jpg?resize=392%2C272&amp;ssl=1 392w, https:\/\/i0.wp.com\/www.atelier-reklama.sk\/blog\/wp-content\/uploads\/2023\/03\/11.-Z%C3%A1stera-plie%C5%A1ovsk%C3%BD-strih-do-polokroja-Litava-druh%C3%A1-pol.-20.-stor.-vy%C5%A1it%C3%A9-kr%C3%AD%C5%BEikmi-p%C3%B4vodn%C3%BD-vlastn%C3%ADk-nezn%C3%A1my-scaled.jpg?resize=130%2C90&amp;ssl=1 130w, https:\/\/i0.wp.com\/www.atelier-reklama.sk\/blog\/wp-content\/uploads\/2023\/03\/11.-Z%C3%A1stera-plie%C5%A1ovsk%C3%BD-strih-do-polokroja-Litava-druh%C3%A1-pol.-20.-stor.-vy%C5%A1it%C3%A9-kr%C3%AD%C5%BEikmi-p%C3%B4vodn%C3%BD-vlastn%C3%ADk-nezn%C3%A1my-scaled.jpg?w=1600&amp;ssl=1 1600w, https:\/\/i0.wp.com\/www.atelier-reklama.sk\/blog\/wp-content\/uploads\/2023\/03\/11.-Z%C3%A1stera-plie%C5%A1ovsk%C3%BD-strih-do-polokroja-Litava-druh%C3%A1-pol.-20.-stor.-vy%C5%A1it%C3%A9-kr%C3%AD%C5%BEikmi-p%C3%B4vodn%C3%BD-vlastn%C3%ADk-nezn%C3%A1my-scaled.jpg?w=2400&amp;ssl=1 2400w\" sizes=\"auto, (max-width: 800px) 100vw, 800px\" \/><\/figure>\n\n\n\n<figure class=\"wp-block-image size-large\"><img data-recalc-dims=\"1\" loading=\"lazy\" decoding=\"async\" width=\"800\" height=\"431\" data-attachment-id=\"13005\" data-permalink=\"https:\/\/www.atelier-reklama.sk\/blog\/moj-krekacsky-kroj-a-jeho-prekreslene-vzory-spolu\/11b-zastera-pliesovsky-strih-do-polokroja-litava-druha-pol-20-stor-vysite-krizikmi-povodny-vlastnik-neznamy\/\" data-orig-file=\"https:\/\/i0.wp.com\/www.atelier-reklama.sk\/blog\/wp-content\/uploads\/2023\/03\/11B.-Z%C3%A1stera-plie%C5%A1ovsk%C3%BD-strih-do-polokroja-Litava-druh%C3%A1-pol.-20.-stor.-vy%C5%A1it%C3%A9-kr%C3%AD%C5%BEikmi-p%C3%B4vodn%C3%BD-vlastn%C3%ADk-nezn%C3%A1my-scaled.jpg?fit=2560%2C1381&amp;ssl=1\" data-orig-size=\"2560,1381\" data-comments-opened=\"1\" data-image-meta=\"{&quot;aperture&quot;:&quot;2&quot;,&quot;credit&quot;:&quot;&quot;,&quot;camera&quot;:&quot;SM-A125F&quot;,&quot;caption&quot;:&quot;&quot;,&quot;created_timestamp&quot;:&quot;1678874438&quot;,&quot;copyright&quot;:&quot;&quot;,&quot;focal_length&quot;:&quot;4.6&quot;,&quot;iso&quot;:&quot;250&quot;,&quot;shutter_speed&quot;:&quot;0.04&quot;,&quot;title&quot;:&quot;&quot;,&quot;orientation&quot;:&quot;1&quot;}\" data-image-title=\"11B.-Z\u00e1stera-plie\u0161ovsk\u00fd-strih-do-polokroja-Litava-druh\u00e1-pol.-20.-stor.-vy\u0161it\u00e9-kr\u00ed\u017eikmi-p\u00f4vodn\u00fd-vlastn\u00edk-nezn\u00e1my\" data-image-description=\"\" data-image-caption=\"\" data-medium-file=\"https:\/\/i0.wp.com\/www.atelier-reklama.sk\/blog\/wp-content\/uploads\/2023\/03\/11B.-Z%C3%A1stera-plie%C5%A1ovsk%C3%BD-strih-do-polokroja-Litava-druh%C3%A1-pol.-20.-stor.-vy%C5%A1it%C3%A9-kr%C3%AD%C5%BEikmi-p%C3%B4vodn%C3%BD-vlastn%C3%ADk-nezn%C3%A1my-scaled.jpg?fit=300%2C162&amp;ssl=1\" data-large-file=\"https:\/\/i0.wp.com\/www.atelier-reklama.sk\/blog\/wp-content\/uploads\/2023\/03\/11B.-Z%C3%A1stera-plie%C5%A1ovsk%C3%BD-strih-do-polokroja-Litava-druh%C3%A1-pol.-20.-stor.-vy%C5%A1it%C3%A9-kr%C3%AD%C5%BEikmi-p%C3%B4vodn%C3%BD-vlastn%C3%ADk-nezn%C3%A1my-scaled.jpg?fit=800%2C431&amp;ssl=1\" src=\"https:\/\/i0.wp.com\/www.atelier-reklama.sk\/blog\/wp-content\/uploads\/2023\/03\/11B.-Z%C3%A1stera-plie%C5%A1ovsk%C3%BD-strih-do-polokroja-Litava-druh%C3%A1-pol.-20.-stor.-vy%C5%A1it%C3%A9-kr%C3%AD%C5%BEikmi-p%C3%B4vodn%C3%BD-vlastn%C3%ADk-nezn%C3%A1my.jpg?resize=800%2C431&#038;ssl=1\" alt=\"\" class=\"wp-image-13005\" srcset=\"https:\/\/i0.wp.com\/www.atelier-reklama.sk\/blog\/wp-content\/uploads\/2023\/03\/11B.-Z%C3%A1stera-plie%C5%A1ovsk%C3%BD-strih-do-polokroja-Litava-druh%C3%A1-pol.-20.-stor.-vy%C5%A1it%C3%A9-kr%C3%AD%C5%BEikmi-p%C3%B4vodn%C3%BD-vlastn%C3%ADk-nezn%C3%A1my-scaled.jpg?resize=1024%2C552&amp;ssl=1 1024w, https:\/\/i0.wp.com\/www.atelier-reklama.sk\/blog\/wp-content\/uploads\/2023\/03\/11B.-Z%C3%A1stera-plie%C5%A1ovsk%C3%BD-strih-do-polokroja-Litava-druh%C3%A1-pol.-20.-stor.-vy%C5%A1it%C3%A9-kr%C3%AD%C5%BEikmi-p%C3%B4vodn%C3%BD-vlastn%C3%ADk-nezn%C3%A1my-scaled.jpg?resize=300%2C162&amp;ssl=1 300w, https:\/\/i0.wp.com\/www.atelier-reklama.sk\/blog\/wp-content\/uploads\/2023\/03\/11B.-Z%C3%A1stera-plie%C5%A1ovsk%C3%BD-strih-do-polokroja-Litava-druh%C3%A1-pol.-20.-stor.-vy%C5%A1it%C3%A9-kr%C3%AD%C5%BEikmi-p%C3%B4vodn%C3%BD-vlastn%C3%ADk-nezn%C3%A1my-scaled.jpg?resize=768%2C414&amp;ssl=1 768w, https:\/\/i0.wp.com\/www.atelier-reklama.sk\/blog\/wp-content\/uploads\/2023\/03\/11B.-Z%C3%A1stera-plie%C5%A1ovsk%C3%BD-strih-do-polokroja-Litava-druh%C3%A1-pol.-20.-stor.-vy%C5%A1it%C3%A9-kr%C3%AD%C5%BEikmi-p%C3%B4vodn%C3%BD-vlastn%C3%ADk-nezn%C3%A1my-scaled.jpg?resize=1536%2C829&amp;ssl=1 1536w, https:\/\/i0.wp.com\/www.atelier-reklama.sk\/blog\/wp-content\/uploads\/2023\/03\/11B.-Z%C3%A1stera-plie%C5%A1ovsk%C3%BD-strih-do-polokroja-Litava-druh%C3%A1-pol.-20.-stor.-vy%C5%A1it%C3%A9-kr%C3%AD%C5%BEikmi-p%C3%B4vodn%C3%BD-vlastn%C3%ADk-nezn%C3%A1my-scaled.jpg?resize=2048%2C1105&amp;ssl=1 2048w, https:\/\/i0.wp.com\/www.atelier-reklama.sk\/blog\/wp-content\/uploads\/2023\/03\/11B.-Z%C3%A1stera-plie%C5%A1ovsk%C3%BD-strih-do-polokroja-Litava-druh%C3%A1-pol.-20.-stor.-vy%C5%A1it%C3%A9-kr%C3%AD%C5%BEikmi-p%C3%B4vodn%C3%BD-vlastn%C3%ADk-nezn%C3%A1my-scaled.jpg?w=1600&amp;ssl=1 1600w, https:\/\/i0.wp.com\/www.atelier-reklama.sk\/blog\/wp-content\/uploads\/2023\/03\/11B.-Z%C3%A1stera-plie%C5%A1ovsk%C3%BD-strih-do-polokroja-Litava-druh%C3%A1-pol.-20.-stor.-vy%C5%A1it%C3%A9-kr%C3%AD%C5%BEikmi-p%C3%B4vodn%C3%BD-vlastn%C3%ADk-nezn%C3%A1my-scaled.jpg?w=2400&amp;ssl=1 2400w\" sizes=\"auto, (max-width: 800px) 100vw, 800px\" \/><\/figure>\n\n\n\n<figure class=\"wp-block-image size-large\"><img data-recalc-dims=\"1\" loading=\"lazy\" decoding=\"async\" width=\"800\" height=\"566\" data-attachment-id=\"13007\" data-permalink=\"https:\/\/www.atelier-reklama.sk\/blog\/moj-krekacsky-kroj-a-jeho-prekreslene-vzory-spolu\/11a-zastera-pliesovsky-strih-do-polokroja-litava-druha-pol-20-stor-vysite-krizikmi-povodny-vlastnik-neznamy\/\" data-orig-file=\"https:\/\/i0.wp.com\/www.atelier-reklama.sk\/blog\/wp-content\/uploads\/2023\/03\/11A.-Z%C3%A1stera-plie%C5%A1ovsk%C3%BD-strih-do-polokroja-Litava-druh%C3%A1-pol.-20.-stor.-vy%C5%A1it%C3%A9-kr%C3%AD%C5%BEikmi-p%C3%B4vodn%C3%BD-vlastn%C3%ADk-nezn%C3%A1my-scaled.jpg?fit=2560%2C1810&amp;ssl=1\" data-orig-size=\"2560,1810\" data-comments-opened=\"1\" data-image-meta=\"{&quot;aperture&quot;:&quot;0&quot;,&quot;credit&quot;:&quot;&quot;,&quot;camera&quot;:&quot;&quot;,&quot;caption&quot;:&quot;&quot;,&quot;created_timestamp&quot;:&quot;0&quot;,&quot;copyright&quot;:&quot;&quot;,&quot;focal_length&quot;:&quot;0&quot;,&quot;iso&quot;:&quot;0&quot;,&quot;shutter_speed&quot;:&quot;0&quot;,&quot;title&quot;:&quot;&quot;,&quot;orientation&quot;:&quot;0&quot;}\" data-image-title=\"11A.-Z\u00e1stera-plie\u0161ovsk\u00fd-strih-do-polokroja-Litava-druh\u00e1-pol.-20.-stor.-vy\u0161it\u00e9-kr\u00ed\u017eikmi-p\u00f4vodn\u00fd-vlastn\u00edk-nezn\u00e1my\" data-image-description=\"\" data-image-caption=\"\" data-medium-file=\"https:\/\/i0.wp.com\/www.atelier-reklama.sk\/blog\/wp-content\/uploads\/2023\/03\/11A.-Z%C3%A1stera-plie%C5%A1ovsk%C3%BD-strih-do-polokroja-Litava-druh%C3%A1-pol.-20.-stor.-vy%C5%A1it%C3%A9-kr%C3%AD%C5%BEikmi-p%C3%B4vodn%C3%BD-vlastn%C3%ADk-nezn%C3%A1my-scaled.jpg?fit=300%2C212&amp;ssl=1\" data-large-file=\"https:\/\/i0.wp.com\/www.atelier-reklama.sk\/blog\/wp-content\/uploads\/2023\/03\/11A.-Z%C3%A1stera-plie%C5%A1ovsk%C3%BD-strih-do-polokroja-Litava-druh%C3%A1-pol.-20.-stor.-vy%C5%A1it%C3%A9-kr%C3%AD%C5%BEikmi-p%C3%B4vodn%C3%BD-vlastn%C3%ADk-nezn%C3%A1my-scaled.jpg?fit=800%2C566&amp;ssl=1\" src=\"https:\/\/i0.wp.com\/www.atelier-reklama.sk\/blog\/wp-content\/uploads\/2023\/03\/11A.-Z%C3%A1stera-plie%C5%A1ovsk%C3%BD-strih-do-polokroja-Litava-druh%C3%A1-pol.-20.-stor.-vy%C5%A1it%C3%A9-kr%C3%AD%C5%BEikmi-p%C3%B4vodn%C3%BD-vlastn%C3%ADk-nezn%C3%A1my.jpg?resize=800%2C566&#038;ssl=1\" alt=\"\" class=\"wp-image-13007\" srcset=\"https:\/\/i0.wp.com\/www.atelier-reklama.sk\/blog\/wp-content\/uploads\/2023\/03\/11A.-Z%C3%A1stera-plie%C5%A1ovsk%C3%BD-strih-do-polokroja-Litava-druh%C3%A1-pol.-20.-stor.-vy%C5%A1it%C3%A9-kr%C3%AD%C5%BEikmi-p%C3%B4vodn%C3%BD-vlastn%C3%ADk-nezn%C3%A1my-scaled.jpg?resize=1024%2C724&amp;ssl=1 1024w, https:\/\/i0.wp.com\/www.atelier-reklama.sk\/blog\/wp-content\/uploads\/2023\/03\/11A.-Z%C3%A1stera-plie%C5%A1ovsk%C3%BD-strih-do-polokroja-Litava-druh%C3%A1-pol.-20.-stor.-vy%C5%A1it%C3%A9-kr%C3%AD%C5%BEikmi-p%C3%B4vodn%C3%BD-vlastn%C3%ADk-nezn%C3%A1my-scaled.jpg?resize=300%2C212&amp;ssl=1 300w, https:\/\/i0.wp.com\/www.atelier-reklama.sk\/blog\/wp-content\/uploads\/2023\/03\/11A.-Z%C3%A1stera-plie%C5%A1ovsk%C3%BD-strih-do-polokroja-Litava-druh%C3%A1-pol.-20.-stor.-vy%C5%A1it%C3%A9-kr%C3%AD%C5%BEikmi-p%C3%B4vodn%C3%BD-vlastn%C3%ADk-nezn%C3%A1my-scaled.jpg?resize=768%2C543&amp;ssl=1 768w, https:\/\/i0.wp.com\/www.atelier-reklama.sk\/blog\/wp-content\/uploads\/2023\/03\/11A.-Z%C3%A1stera-plie%C5%A1ovsk%C3%BD-strih-do-polokroja-Litava-druh%C3%A1-pol.-20.-stor.-vy%C5%A1it%C3%A9-kr%C3%AD%C5%BEikmi-p%C3%B4vodn%C3%BD-vlastn%C3%ADk-nezn%C3%A1my-scaled.jpg?resize=1536%2C1086&amp;ssl=1 1536w, https:\/\/i0.wp.com\/www.atelier-reklama.sk\/blog\/wp-content\/uploads\/2023\/03\/11A.-Z%C3%A1stera-plie%C5%A1ovsk%C3%BD-strih-do-polokroja-Litava-druh%C3%A1-pol.-20.-stor.-vy%C5%A1it%C3%A9-kr%C3%AD%C5%BEikmi-p%C3%B4vodn%C3%BD-vlastn%C3%ADk-nezn%C3%A1my-scaled.jpg?resize=2048%2C1448&amp;ssl=1 2048w, https:\/\/i0.wp.com\/www.atelier-reklama.sk\/blog\/wp-content\/uploads\/2023\/03\/11A.-Z%C3%A1stera-plie%C5%A1ovsk%C3%BD-strih-do-polokroja-Litava-druh%C3%A1-pol.-20.-stor.-vy%C5%A1it%C3%A9-kr%C3%AD%C5%BEikmi-p%C3%B4vodn%C3%BD-vlastn%C3%ADk-nezn%C3%A1my-scaled.jpg?w=1600&amp;ssl=1 1600w, https:\/\/i0.wp.com\/www.atelier-reklama.sk\/blog\/wp-content\/uploads\/2023\/03\/11A.-Z%C3%A1stera-plie%C5%A1ovsk%C3%BD-strih-do-polokroja-Litava-druh%C3%A1-pol.-20.-stor.-vy%C5%A1it%C3%A9-kr%C3%AD%C5%BEikmi-p%C3%B4vodn%C3%BD-vlastn%C3%ADk-nezn%C3%A1my-scaled.jpg?w=2400&amp;ssl=1 2400w\" sizes=\"auto, (max-width: 800px) 100vw, 800px\" \/><\/figure>\n\n\n\n<figure class=\"wp-block-image size-large\"><img data-recalc-dims=\"1\" loading=\"lazy\" decoding=\"async\" width=\"800\" height=\"348\" data-attachment-id=\"13008\" data-permalink=\"https:\/\/www.atelier-reklama.sk\/blog\/moj-krekacsky-kroj-a-jeho-prekreslene-vzory-spolu\/11d-zastera-pliesovsky-strih-do-polokroja-litava-druha-pol-20-stor-vysite-krizikmi-povodny-vlastnik-neznamy\/\" data-orig-file=\"https:\/\/i0.wp.com\/www.atelier-reklama.sk\/blog\/wp-content\/uploads\/2023\/03\/11D.-Z%C3%A1stera-plie%C5%A1ovsk%C3%BD-strih-do-polokroja-Litava-druh%C3%A1-pol.-20.-stor.-vy%C5%A1it%C3%A9-kr%C3%AD%C5%BEikmi-p%C3%B4vodn%C3%BD-vlastn%C3%ADk-nezn%C3%A1my-scaled.jpg?fit=2560%2C1112&amp;ssl=1\" data-orig-size=\"2560,1112\" data-comments-opened=\"1\" data-image-meta=\"{&quot;aperture&quot;:&quot;2&quot;,&quot;credit&quot;:&quot;&quot;,&quot;camera&quot;:&quot;SM-A125F&quot;,&quot;caption&quot;:&quot;&quot;,&quot;created_timestamp&quot;:&quot;1678874636&quot;,&quot;copyright&quot;:&quot;&quot;,&quot;focal_length&quot;:&quot;4.6&quot;,&quot;iso&quot;:&quot;250&quot;,&quot;shutter_speed&quot;:&quot;0.04&quot;,&quot;title&quot;:&quot;&quot;,&quot;orientation&quot;:&quot;1&quot;}\" data-image-title=\"11D.-Z\u00e1stera-plie\u0161ovsk\u00fd-strih-do-polokroja-Litava-druh\u00e1-pol.-20.-stor.-vy\u0161it\u00e9-kr\u00ed\u017eikmi-p\u00f4vodn\u00fd-vlastn\u00edk-nezn\u00e1my\" data-image-description=\"\" data-image-caption=\"\" data-medium-file=\"https:\/\/i0.wp.com\/www.atelier-reklama.sk\/blog\/wp-content\/uploads\/2023\/03\/11D.-Z%C3%A1stera-plie%C5%A1ovsk%C3%BD-strih-do-polokroja-Litava-druh%C3%A1-pol.-20.-stor.-vy%C5%A1it%C3%A9-kr%C3%AD%C5%BEikmi-p%C3%B4vodn%C3%BD-vlastn%C3%ADk-nezn%C3%A1my-scaled.jpg?fit=300%2C130&amp;ssl=1\" data-large-file=\"https:\/\/i0.wp.com\/www.atelier-reklama.sk\/blog\/wp-content\/uploads\/2023\/03\/11D.-Z%C3%A1stera-plie%C5%A1ovsk%C3%BD-strih-do-polokroja-Litava-druh%C3%A1-pol.-20.-stor.-vy%C5%A1it%C3%A9-kr%C3%AD%C5%BEikmi-p%C3%B4vodn%C3%BD-vlastn%C3%ADk-nezn%C3%A1my-scaled.jpg?fit=800%2C348&amp;ssl=1\" src=\"https:\/\/i0.wp.com\/www.atelier-reklama.sk\/blog\/wp-content\/uploads\/2023\/03\/11D.-Z%C3%A1stera-plie%C5%A1ovsk%C3%BD-strih-do-polokroja-Litava-druh%C3%A1-pol.-20.-stor.-vy%C5%A1it%C3%A9-kr%C3%AD%C5%BEikmi-p%C3%B4vodn%C3%BD-vlastn%C3%ADk-nezn%C3%A1my.jpg?resize=800%2C348&#038;ssl=1\" alt=\"\" class=\"wp-image-13008\" srcset=\"https:\/\/i0.wp.com\/www.atelier-reklama.sk\/blog\/wp-content\/uploads\/2023\/03\/11D.-Z%C3%A1stera-plie%C5%A1ovsk%C3%BD-strih-do-polokroja-Litava-druh%C3%A1-pol.-20.-stor.-vy%C5%A1it%C3%A9-kr%C3%AD%C5%BEikmi-p%C3%B4vodn%C3%BD-vlastn%C3%ADk-nezn%C3%A1my-scaled.jpg?resize=1024%2C445&amp;ssl=1 1024w, https:\/\/i0.wp.com\/www.atelier-reklama.sk\/blog\/wp-content\/uploads\/2023\/03\/11D.-Z%C3%A1stera-plie%C5%A1ovsk%C3%BD-strih-do-polokroja-Litava-druh%C3%A1-pol.-20.-stor.-vy%C5%A1it%C3%A9-kr%C3%AD%C5%BEikmi-p%C3%B4vodn%C3%BD-vlastn%C3%ADk-nezn%C3%A1my-scaled.jpg?resize=300%2C130&amp;ssl=1 300w, https:\/\/i0.wp.com\/www.atelier-reklama.sk\/blog\/wp-content\/uploads\/2023\/03\/11D.-Z%C3%A1stera-plie%C5%A1ovsk%C3%BD-strih-do-polokroja-Litava-druh%C3%A1-pol.-20.-stor.-vy%C5%A1it%C3%A9-kr%C3%AD%C5%BEikmi-p%C3%B4vodn%C3%BD-vlastn%C3%ADk-nezn%C3%A1my-scaled.jpg?resize=768%2C334&amp;ssl=1 768w, https:\/\/i0.wp.com\/www.atelier-reklama.sk\/blog\/wp-content\/uploads\/2023\/03\/11D.-Z%C3%A1stera-plie%C5%A1ovsk%C3%BD-strih-do-polokroja-Litava-druh%C3%A1-pol.-20.-stor.-vy%C5%A1it%C3%A9-kr%C3%AD%C5%BEikmi-p%C3%B4vodn%C3%BD-vlastn%C3%ADk-nezn%C3%A1my-scaled.jpg?resize=1536%2C667&amp;ssl=1 1536w, https:\/\/i0.wp.com\/www.atelier-reklama.sk\/blog\/wp-content\/uploads\/2023\/03\/11D.-Z%C3%A1stera-plie%C5%A1ovsk%C3%BD-strih-do-polokroja-Litava-druh%C3%A1-pol.-20.-stor.-vy%C5%A1it%C3%A9-kr%C3%AD%C5%BEikmi-p%C3%B4vodn%C3%BD-vlastn%C3%ADk-nezn%C3%A1my-scaled.jpg?resize=2048%2C889&amp;ssl=1 2048w, https:\/\/i0.wp.com\/www.atelier-reklama.sk\/blog\/wp-content\/uploads\/2023\/03\/11D.-Z%C3%A1stera-plie%C5%A1ovsk%C3%BD-strih-do-polokroja-Litava-druh%C3%A1-pol.-20.-stor.-vy%C5%A1it%C3%A9-kr%C3%AD%C5%BEikmi-p%C3%B4vodn%C3%BD-vlastn%C3%ADk-nezn%C3%A1my-scaled.jpg?w=1600&amp;ssl=1 1600w, https:\/\/i0.wp.com\/www.atelier-reklama.sk\/blog\/wp-content\/uploads\/2023\/03\/11D.-Z%C3%A1stera-plie%C5%A1ovsk%C3%BD-strih-do-polokroja-Litava-druh%C3%A1-pol.-20.-stor.-vy%C5%A1it%C3%A9-kr%C3%AD%C5%BEikmi-p%C3%B4vodn%C3%BD-vlastn%C3%ADk-nezn%C3%A1my-scaled.jpg?w=2400&amp;ssl=1 2400w\" sizes=\"auto, (max-width: 800px) 100vw, 800px\" \/><\/figure>\n\n\n\n<p>6. Z\u00e1stera po\u0161koden\u00e1, plie\u0161ovsk\u00fd strih, do polokroja, Litava, druh\u00e1 pol. 20. stor., vy\u0161it\u00e9 kr\u00ed\u017eikmi, p\u00f4vodn\u00fd vlastn\u00edk nezn\u00e1my<\/p>\n\n\n\n<figure class=\"wp-block-image size-large\"><img data-recalc-dims=\"1\" loading=\"lazy\" decoding=\"async\" width=\"800\" height=\"902\" data-attachment-id=\"13009\" data-permalink=\"https:\/\/www.atelier-reklama.sk\/blog\/moj-krekacsky-kroj-a-jeho-prekreslene-vzory-spolu\/12a-zastera-poskodena-pliesovsky-strih-do-polokroja-litava-druha-pol-20-stor-vysite-krizikmi-povodny-vlastnik-neznamy\/\" data-orig-file=\"https:\/\/i0.wp.com\/www.atelier-reklama.sk\/blog\/wp-content\/uploads\/2023\/03\/12A.-Z%C3%A1stera-po%C5%A1koden%C3%A1-plie%C5%A1ovsk%C3%BD-strih-do-polokroja-Litava-druh%C3%A1-pol.-20.-stor.-vy%C5%A1it%C3%A9-kr%C3%AD%C5%BEikmi-p%C3%B4vodn%C3%BD-vlastn%C3%ADk-nezn%C3%A1my-scaled.jpg?fit=2270%2C2560&amp;ssl=1\" data-orig-size=\"2270,2560\" data-comments-opened=\"1\" data-image-meta=\"{&quot;aperture&quot;:&quot;2&quot;,&quot;credit&quot;:&quot;&quot;,&quot;camera&quot;:&quot;SM-A125F&quot;,&quot;caption&quot;:&quot;&quot;,&quot;created_timestamp&quot;:&quot;1678877129&quot;,&quot;copyright&quot;:&quot;&quot;,&quot;focal_length&quot;:&quot;4.6&quot;,&quot;iso&quot;:&quot;250&quot;,&quot;shutter_speed&quot;:&quot;0.04&quot;,&quot;title&quot;:&quot;&quot;,&quot;orientation&quot;:&quot;1&quot;}\" data-image-title=\"12A.-Z\u00e1stera-po\u0161koden\u00e1-plie\u0161ovsk\u00fd-strih-do-polokroja-Litava-druh\u00e1-pol.-20.-stor.-vy\u0161it\u00e9-kr\u00ed\u017eikmi-p\u00f4vodn\u00fd-vlastn\u00edk-nezn\u00e1my\" data-image-description=\"\" data-image-caption=\"\" data-medium-file=\"https:\/\/i0.wp.com\/www.atelier-reklama.sk\/blog\/wp-content\/uploads\/2023\/03\/12A.-Z%C3%A1stera-po%C5%A1koden%C3%A1-plie%C5%A1ovsk%C3%BD-strih-do-polokroja-Litava-druh%C3%A1-pol.-20.-stor.-vy%C5%A1it%C3%A9-kr%C3%AD%C5%BEikmi-p%C3%B4vodn%C3%BD-vlastn%C3%ADk-nezn%C3%A1my-scaled.jpg?fit=266%2C300&amp;ssl=1\" data-large-file=\"https:\/\/i0.wp.com\/www.atelier-reklama.sk\/blog\/wp-content\/uploads\/2023\/03\/12A.-Z%C3%A1stera-po%C5%A1koden%C3%A1-plie%C5%A1ovsk%C3%BD-strih-do-polokroja-Litava-druh%C3%A1-pol.-20.-stor.-vy%C5%A1it%C3%A9-kr%C3%AD%C5%BEikmi-p%C3%B4vodn%C3%BD-vlastn%C3%ADk-nezn%C3%A1my-scaled.jpg?fit=800%2C902&amp;ssl=1\" src=\"https:\/\/i0.wp.com\/www.atelier-reklama.sk\/blog\/wp-content\/uploads\/2023\/03\/12A.-Z%C3%A1stera-po%C5%A1koden%C3%A1-plie%C5%A1ovsk%C3%BD-strih-do-polokroja-Litava-druh%C3%A1-pol.-20.-stor.-vy%C5%A1it%C3%A9-kr%C3%AD%C5%BEikmi-p%C3%B4vodn%C3%BD-vlastn%C3%ADk-nezn%C3%A1my.jpg?resize=800%2C902&#038;ssl=1\" alt=\"\" class=\"wp-image-13009\" srcset=\"https:\/\/i0.wp.com\/www.atelier-reklama.sk\/blog\/wp-content\/uploads\/2023\/03\/12A.-Z%C3%A1stera-po%C5%A1koden%C3%A1-plie%C5%A1ovsk%C3%BD-strih-do-polokroja-Litava-druh%C3%A1-pol.-20.-stor.-vy%C5%A1it%C3%A9-kr%C3%AD%C5%BEikmi-p%C3%B4vodn%C3%BD-vlastn%C3%ADk-nezn%C3%A1my-scaled.jpg?resize=908%2C1024&amp;ssl=1 908w, https:\/\/i0.wp.com\/www.atelier-reklama.sk\/blog\/wp-content\/uploads\/2023\/03\/12A.-Z%C3%A1stera-po%C5%A1koden%C3%A1-plie%C5%A1ovsk%C3%BD-strih-do-polokroja-Litava-druh%C3%A1-pol.-20.-stor.-vy%C5%A1it%C3%A9-kr%C3%AD%C5%BEikmi-p%C3%B4vodn%C3%BD-vlastn%C3%ADk-nezn%C3%A1my-scaled.jpg?resize=266%2C300&amp;ssl=1 266w, https:\/\/i0.wp.com\/www.atelier-reklama.sk\/blog\/wp-content\/uploads\/2023\/03\/12A.-Z%C3%A1stera-po%C5%A1koden%C3%A1-plie%C5%A1ovsk%C3%BD-strih-do-polokroja-Litava-druh%C3%A1-pol.-20.-stor.-vy%C5%A1it%C3%A9-kr%C3%AD%C5%BEikmi-p%C3%B4vodn%C3%BD-vlastn%C3%ADk-nezn%C3%A1my-scaled.jpg?resize=768%2C866&amp;ssl=1 768w, https:\/\/i0.wp.com\/www.atelier-reklama.sk\/blog\/wp-content\/uploads\/2023\/03\/12A.-Z%C3%A1stera-po%C5%A1koden%C3%A1-plie%C5%A1ovsk%C3%BD-strih-do-polokroja-Litava-druh%C3%A1-pol.-20.-stor.-vy%C5%A1it%C3%A9-kr%C3%AD%C5%BEikmi-p%C3%B4vodn%C3%BD-vlastn%C3%ADk-nezn%C3%A1my-scaled.jpg?resize=1362%2C1536&amp;ssl=1 1362w, https:\/\/i0.wp.com\/www.atelier-reklama.sk\/blog\/wp-content\/uploads\/2023\/03\/12A.-Z%C3%A1stera-po%C5%A1koden%C3%A1-plie%C5%A1ovsk%C3%BD-strih-do-polokroja-Litava-druh%C3%A1-pol.-20.-stor.-vy%C5%A1it%C3%A9-kr%C3%AD%C5%BEikmi-p%C3%B4vodn%C3%BD-vlastn%C3%ADk-nezn%C3%A1my-scaled.jpg?resize=1816%2C2048&amp;ssl=1 1816w, https:\/\/i0.wp.com\/www.atelier-reklama.sk\/blog\/wp-content\/uploads\/2023\/03\/12A.-Z%C3%A1stera-po%C5%A1koden%C3%A1-plie%C5%A1ovsk%C3%BD-strih-do-polokroja-Litava-druh%C3%A1-pol.-20.-stor.-vy%C5%A1it%C3%A9-kr%C3%AD%C5%BEikmi-p%C3%B4vodn%C3%BD-vlastn%C3%ADk-nezn%C3%A1my-scaled.jpg?w=1600&amp;ssl=1 1600w\" sizes=\"auto, (max-width: 800px) 100vw, 800px\" \/><figcaption class=\"wp-element-caption\">Z\u00e1stera je po\u0161koden\u00e1, k\u00fapila som ju kv\u00f4li pekn\u00e9mu vzoru.<\/figcaption><\/figure>\n\n\n\n<figure class=\"wp-block-image size-large\"><img data-recalc-dims=\"1\" loading=\"lazy\" decoding=\"async\" width=\"800\" height=\"566\" data-attachment-id=\"13010\" data-permalink=\"https:\/\/www.atelier-reklama.sk\/blog\/moj-krekacsky-kroj-a-jeho-prekreslene-vzory-spolu\/12b-zastera-pliesovsky-strih-do-polokroja-litava-druha-pol-20-stor-vysite-krizikmi-povodny-vlastnik-neznamy\/\" data-orig-file=\"https:\/\/i0.wp.com\/www.atelier-reklama.sk\/blog\/wp-content\/uploads\/2023\/03\/12B.-Z%C3%A1stera-plie%C5%A1ovsk%C3%BD-strih-do-polokroja-Litava-druh%C3%A1-pol.-20.-stor.-vy%C5%A1it%C3%A9-kr%C3%AD%C5%BEikmi-p%C3%B4vodn%C3%BD-vlastn%C3%ADk-nezn%C3%A1my-scaled.jpg?fit=2560%2C1810&amp;ssl=1\" data-orig-size=\"2560,1810\" data-comments-opened=\"1\" data-image-meta=\"{&quot;aperture&quot;:&quot;0&quot;,&quot;credit&quot;:&quot;&quot;,&quot;camera&quot;:&quot;&quot;,&quot;caption&quot;:&quot;&quot;,&quot;created_timestamp&quot;:&quot;0&quot;,&quot;copyright&quot;:&quot;&quot;,&quot;focal_length&quot;:&quot;0&quot;,&quot;iso&quot;:&quot;0&quot;,&quot;shutter_speed&quot;:&quot;0&quot;,&quot;title&quot;:&quot;&quot;,&quot;orientation&quot;:&quot;0&quot;}\" data-image-title=\"12B.-Z\u00e1stera-plie\u0161ovsk\u00fd-strih-do-polokroja-Litava-druh\u00e1-pol.-20.-stor.-vy\u0161it\u00e9-kr\u00ed\u017eikmi-p\u00f4vodn\u00fd-vlastn\u00edk-nezn\u00e1my\" data-image-description=\"\" data-image-caption=\"\" data-medium-file=\"https:\/\/i0.wp.com\/www.atelier-reklama.sk\/blog\/wp-content\/uploads\/2023\/03\/12B.-Z%C3%A1stera-plie%C5%A1ovsk%C3%BD-strih-do-polokroja-Litava-druh%C3%A1-pol.-20.-stor.-vy%C5%A1it%C3%A9-kr%C3%AD%C5%BEikmi-p%C3%B4vodn%C3%BD-vlastn%C3%ADk-nezn%C3%A1my-scaled.jpg?fit=300%2C212&amp;ssl=1\" data-large-file=\"https:\/\/i0.wp.com\/www.atelier-reklama.sk\/blog\/wp-content\/uploads\/2023\/03\/12B.-Z%C3%A1stera-plie%C5%A1ovsk%C3%BD-strih-do-polokroja-Litava-druh%C3%A1-pol.-20.-stor.-vy%C5%A1it%C3%A9-kr%C3%AD%C5%BEikmi-p%C3%B4vodn%C3%BD-vlastn%C3%ADk-nezn%C3%A1my-scaled.jpg?fit=800%2C566&amp;ssl=1\" src=\"https:\/\/i0.wp.com\/www.atelier-reklama.sk\/blog\/wp-content\/uploads\/2023\/03\/12B.-Z%C3%A1stera-plie%C5%A1ovsk%C3%BD-strih-do-polokroja-Litava-druh%C3%A1-pol.-20.-stor.-vy%C5%A1it%C3%A9-kr%C3%AD%C5%BEikmi-p%C3%B4vodn%C3%BD-vlastn%C3%ADk-nezn%C3%A1my.jpg?resize=800%2C566&#038;ssl=1\" alt=\"\" class=\"wp-image-13010\" srcset=\"https:\/\/i0.wp.com\/www.atelier-reklama.sk\/blog\/wp-content\/uploads\/2023\/03\/12B.-Z%C3%A1stera-plie%C5%A1ovsk%C3%BD-strih-do-polokroja-Litava-druh%C3%A1-pol.-20.-stor.-vy%C5%A1it%C3%A9-kr%C3%AD%C5%BEikmi-p%C3%B4vodn%C3%BD-vlastn%C3%ADk-nezn%C3%A1my-scaled.jpg?resize=1024%2C724&amp;ssl=1 1024w, https:\/\/i0.wp.com\/www.atelier-reklama.sk\/blog\/wp-content\/uploads\/2023\/03\/12B.-Z%C3%A1stera-plie%C5%A1ovsk%C3%BD-strih-do-polokroja-Litava-druh%C3%A1-pol.-20.-stor.-vy%C5%A1it%C3%A9-kr%C3%AD%C5%BEikmi-p%C3%B4vodn%C3%BD-vlastn%C3%ADk-nezn%C3%A1my-scaled.jpg?resize=300%2C212&amp;ssl=1 300w, https:\/\/i0.wp.com\/www.atelier-reklama.sk\/blog\/wp-content\/uploads\/2023\/03\/12B.-Z%C3%A1stera-plie%C5%A1ovsk%C3%BD-strih-do-polokroja-Litava-druh%C3%A1-pol.-20.-stor.-vy%C5%A1it%C3%A9-kr%C3%AD%C5%BEikmi-p%C3%B4vodn%C3%BD-vlastn%C3%ADk-nezn%C3%A1my-scaled.jpg?resize=768%2C543&amp;ssl=1 768w, https:\/\/i0.wp.com\/www.atelier-reklama.sk\/blog\/wp-content\/uploads\/2023\/03\/12B.-Z%C3%A1stera-plie%C5%A1ovsk%C3%BD-strih-do-polokroja-Litava-druh%C3%A1-pol.-20.-stor.-vy%C5%A1it%C3%A9-kr%C3%AD%C5%BEikmi-p%C3%B4vodn%C3%BD-vlastn%C3%ADk-nezn%C3%A1my-scaled.jpg?resize=1536%2C1086&amp;ssl=1 1536w, https:\/\/i0.wp.com\/www.atelier-reklama.sk\/blog\/wp-content\/uploads\/2023\/03\/12B.-Z%C3%A1stera-plie%C5%A1ovsk%C3%BD-strih-do-polokroja-Litava-druh%C3%A1-pol.-20.-stor.-vy%C5%A1it%C3%A9-kr%C3%AD%C5%BEikmi-p%C3%B4vodn%C3%BD-vlastn%C3%ADk-nezn%C3%A1my-scaled.jpg?resize=2048%2C1448&amp;ssl=1 2048w, https:\/\/i0.wp.com\/www.atelier-reklama.sk\/blog\/wp-content\/uploads\/2023\/03\/12B.-Z%C3%A1stera-plie%C5%A1ovsk%C3%BD-strih-do-polokroja-Litava-druh%C3%A1-pol.-20.-stor.-vy%C5%A1it%C3%A9-kr%C3%AD%C5%BEikmi-p%C3%B4vodn%C3%BD-vlastn%C3%ADk-nezn%C3%A1my-scaled.jpg?w=1600&amp;ssl=1 1600w, https:\/\/i0.wp.com\/www.atelier-reklama.sk\/blog\/wp-content\/uploads\/2023\/03\/12B.-Z%C3%A1stera-plie%C5%A1ovsk%C3%BD-strih-do-polokroja-Litava-druh%C3%A1-pol.-20.-stor.-vy%C5%A1it%C3%A9-kr%C3%AD%C5%BEikmi-p%C3%B4vodn%C3%BD-vlastn%C3%ADk-nezn%C3%A1my-scaled.jpg?w=2400&amp;ssl=1 2400w\" sizes=\"auto, (max-width: 800px) 100vw, 800px\" \/><\/figure>\n\n\n\n<figure class=\"wp-block-image size-large\"><img data-recalc-dims=\"1\" loading=\"lazy\" decoding=\"async\" width=\"800\" height=\"402\" data-attachment-id=\"13011\" data-permalink=\"https:\/\/www.atelier-reklama.sk\/blog\/moj-krekacsky-kroj-a-jeho-prekreslene-vzory-spolu\/12c-zastera-pliesovsky-strih-do-polokroja-litava-druha-pol-20-stor-vysite-krizikmi-povodny-vlastnik-neznamy\/\" data-orig-file=\"https:\/\/i0.wp.com\/www.atelier-reklama.sk\/blog\/wp-content\/uploads\/2023\/03\/12C.-Z%C3%A1stera-plie%C5%A1ovsk%C3%BD-strih-do-polokroja-Litava-druh%C3%A1-pol.-20.-stor.-vy%C5%A1it%C3%A9-kr%C3%AD%C5%BEikmi-p%C3%B4vodn%C3%BD-vlastn%C3%ADk-nezn%C3%A1my-scaled.jpg?fit=2560%2C1287&amp;ssl=1\" data-orig-size=\"2560,1287\" data-comments-opened=\"1\" data-image-meta=\"{&quot;aperture&quot;:&quot;2&quot;,&quot;credit&quot;:&quot;&quot;,&quot;camera&quot;:&quot;SM-A125F&quot;,&quot;caption&quot;:&quot;&quot;,&quot;created_timestamp&quot;:&quot;1678877110&quot;,&quot;copyright&quot;:&quot;&quot;,&quot;focal_length&quot;:&quot;4.6&quot;,&quot;iso&quot;:&quot;250&quot;,&quot;shutter_speed&quot;:&quot;0.0399&quot;,&quot;title&quot;:&quot;&quot;,&quot;orientation&quot;:&quot;1&quot;}\" data-image-title=\"12C.-Z\u00e1stera-plie\u0161ovsk\u00fd-strih-do-polokroja-Litava-druh\u00e1-pol.-20.-stor.-vy\u0161it\u00e9-kr\u00ed\u017eikmi-p\u00f4vodn\u00fd-vlastn\u00edk-nezn\u00e1my\" data-image-description=\"\" data-image-caption=\"\" data-medium-file=\"https:\/\/i0.wp.com\/www.atelier-reklama.sk\/blog\/wp-content\/uploads\/2023\/03\/12C.-Z%C3%A1stera-plie%C5%A1ovsk%C3%BD-strih-do-polokroja-Litava-druh%C3%A1-pol.-20.-stor.-vy%C5%A1it%C3%A9-kr%C3%AD%C5%BEikmi-p%C3%B4vodn%C3%BD-vlastn%C3%ADk-nezn%C3%A1my-scaled.jpg?fit=300%2C151&amp;ssl=1\" data-large-file=\"https:\/\/i0.wp.com\/www.atelier-reklama.sk\/blog\/wp-content\/uploads\/2023\/03\/12C.-Z%C3%A1stera-plie%C5%A1ovsk%C3%BD-strih-do-polokroja-Litava-druh%C3%A1-pol.-20.-stor.-vy%C5%A1it%C3%A9-kr%C3%AD%C5%BEikmi-p%C3%B4vodn%C3%BD-vlastn%C3%ADk-nezn%C3%A1my-scaled.jpg?fit=800%2C402&amp;ssl=1\" src=\"https:\/\/i0.wp.com\/www.atelier-reklama.sk\/blog\/wp-content\/uploads\/2023\/03\/12C.-Z%C3%A1stera-plie%C5%A1ovsk%C3%BD-strih-do-polokroja-Litava-druh%C3%A1-pol.-20.-stor.-vy%C5%A1it%C3%A9-kr%C3%AD%C5%BEikmi-p%C3%B4vodn%C3%BD-vlastn%C3%ADk-nezn%C3%A1my.jpg?resize=800%2C402&#038;ssl=1\" alt=\"\" class=\"wp-image-13011\" srcset=\"https:\/\/i0.wp.com\/www.atelier-reklama.sk\/blog\/wp-content\/uploads\/2023\/03\/12C.-Z%C3%A1stera-plie%C5%A1ovsk%C3%BD-strih-do-polokroja-Litava-druh%C3%A1-pol.-20.-stor.-vy%C5%A1it%C3%A9-kr%C3%AD%C5%BEikmi-p%C3%B4vodn%C3%BD-vlastn%C3%ADk-nezn%C3%A1my-scaled.jpg?resize=1024%2C515&amp;ssl=1 1024w, https:\/\/i0.wp.com\/www.atelier-reklama.sk\/blog\/wp-content\/uploads\/2023\/03\/12C.-Z%C3%A1stera-plie%C5%A1ovsk%C3%BD-strih-do-polokroja-Litava-druh%C3%A1-pol.-20.-stor.-vy%C5%A1it%C3%A9-kr%C3%AD%C5%BEikmi-p%C3%B4vodn%C3%BD-vlastn%C3%ADk-nezn%C3%A1my-scaled.jpg?resize=300%2C151&amp;ssl=1 300w, https:\/\/i0.wp.com\/www.atelier-reklama.sk\/blog\/wp-content\/uploads\/2023\/03\/12C.-Z%C3%A1stera-plie%C5%A1ovsk%C3%BD-strih-do-polokroja-Litava-druh%C3%A1-pol.-20.-stor.-vy%C5%A1it%C3%A9-kr%C3%AD%C5%BEikmi-p%C3%B4vodn%C3%BD-vlastn%C3%ADk-nezn%C3%A1my-scaled.jpg?resize=768%2C386&amp;ssl=1 768w, https:\/\/i0.wp.com\/www.atelier-reklama.sk\/blog\/wp-content\/uploads\/2023\/03\/12C.-Z%C3%A1stera-plie%C5%A1ovsk%C3%BD-strih-do-polokroja-Litava-druh%C3%A1-pol.-20.-stor.-vy%C5%A1it%C3%A9-kr%C3%AD%C5%BEikmi-p%C3%B4vodn%C3%BD-vlastn%C3%ADk-nezn%C3%A1my-scaled.jpg?resize=1536%2C772&amp;ssl=1 1536w, https:\/\/i0.wp.com\/www.atelier-reklama.sk\/blog\/wp-content\/uploads\/2023\/03\/12C.-Z%C3%A1stera-plie%C5%A1ovsk%C3%BD-strih-do-polokroja-Litava-druh%C3%A1-pol.-20.-stor.-vy%C5%A1it%C3%A9-kr%C3%AD%C5%BEikmi-p%C3%B4vodn%C3%BD-vlastn%C3%ADk-nezn%C3%A1my-scaled.jpg?resize=2048%2C1030&amp;ssl=1 2048w, https:\/\/i0.wp.com\/www.atelier-reklama.sk\/blog\/wp-content\/uploads\/2023\/03\/12C.-Z%C3%A1stera-plie%C5%A1ovsk%C3%BD-strih-do-polokroja-Litava-druh%C3%A1-pol.-20.-stor.-vy%C5%A1it%C3%A9-kr%C3%AD%C5%BEikmi-p%C3%B4vodn%C3%BD-vlastn%C3%ADk-nezn%C3%A1my-scaled.jpg?w=1600&amp;ssl=1 1600w, https:\/\/i0.wp.com\/www.atelier-reklama.sk\/blog\/wp-content\/uploads\/2023\/03\/12C.-Z%C3%A1stera-plie%C5%A1ovsk%C3%BD-strih-do-polokroja-Litava-druh%C3%A1-pol.-20.-stor.-vy%C5%A1it%C3%A9-kr%C3%AD%C5%BEikmi-p%C3%B4vodn%C3%BD-vlastn%C3%ADk-nezn%C3%A1my-scaled.jpg?w=2400&amp;ssl=1 2400w\" sizes=\"auto, (max-width: 800px) 100vw, 800px\" \/><\/figure>\n\n\n\n<p>7. Z\u00e1stera do polokroja, \u010cekovce, pol. 20. stor., vy\u0161it\u00e9 kr\u00ed\u017eikmi, p\u00f4vodn\u00fd vlastn\u00edk nezn\u00e1my<\/p>\n\n\n\n<figure class=\"wp-block-image size-large\"><img data-recalc-dims=\"1\" loading=\"lazy\" decoding=\"async\" width=\"800\" height=\"800\" data-attachment-id=\"13012\" data-permalink=\"https:\/\/www.atelier-reklama.sk\/blog\/moj-krekacsky-kroj-a-jeho-prekreslene-vzory-spolu\/13-zastera-do-polokroja-cekovce-pol-20-stor-vysite-krizikmi-povodny-vlastnik-neznamy\/\" data-orig-file=\"https:\/\/i0.wp.com\/www.atelier-reklama.sk\/blog\/wp-content\/uploads\/2023\/03\/13.-Z%C3%A1stera-do-polokroja-%C4%8Cekovce-pol.-20.-stor.-vy%C5%A1it%C3%A9-kr%C3%AD%C5%BEikmi-p%C3%B4vodn%C3%BD-vlastn%C3%ADk-nezn%C3%A1my-scaled.jpg?fit=2560%2C2560&amp;ssl=1\" data-orig-size=\"2560,2560\" data-comments-opened=\"1\" data-image-meta=\"{&quot;aperture&quot;:&quot;2&quot;,&quot;credit&quot;:&quot;&quot;,&quot;camera&quot;:&quot;SM-A125F&quot;,&quot;caption&quot;:&quot;&quot;,&quot;created_timestamp&quot;:&quot;1678875012&quot;,&quot;copyright&quot;:&quot;&quot;,&quot;focal_length&quot;:&quot;4.6&quot;,&quot;iso&quot;:&quot;200&quot;,&quot;shutter_speed&quot;:&quot;0.04&quot;,&quot;title&quot;:&quot;&quot;,&quot;orientation&quot;:&quot;1&quot;}\" data-image-title=\"13.-Z\u00e1stera-do-polokroja-\u010cekovce-pol.-20.-stor.-vy\u0161it\u00e9-kr\u00ed\u017eikmi-p\u00f4vodn\u00fd-vlastn\u00edk-nezn\u00e1my\" data-image-description=\"\" data-image-caption=\"\" data-medium-file=\"https:\/\/i0.wp.com\/www.atelier-reklama.sk\/blog\/wp-content\/uploads\/2023\/03\/13.-Z%C3%A1stera-do-polokroja-%C4%8Cekovce-pol.-20.-stor.-vy%C5%A1it%C3%A9-kr%C3%AD%C5%BEikmi-p%C3%B4vodn%C3%BD-vlastn%C3%ADk-nezn%C3%A1my-scaled.jpg?fit=300%2C300&amp;ssl=1\" data-large-file=\"https:\/\/i0.wp.com\/www.atelier-reklama.sk\/blog\/wp-content\/uploads\/2023\/03\/13.-Z%C3%A1stera-do-polokroja-%C4%8Cekovce-pol.-20.-stor.-vy%C5%A1it%C3%A9-kr%C3%AD%C5%BEikmi-p%C3%B4vodn%C3%BD-vlastn%C3%ADk-nezn%C3%A1my-scaled.jpg?fit=800%2C800&amp;ssl=1\" src=\"https:\/\/i0.wp.com\/www.atelier-reklama.sk\/blog\/wp-content\/uploads\/2023\/03\/13.-Z%C3%A1stera-do-polokroja-%C4%8Cekovce-pol.-20.-stor.-vy%C5%A1it%C3%A9-kr%C3%AD%C5%BEikmi-p%C3%B4vodn%C3%BD-vlastn%C3%ADk-nezn%C3%A1my.jpg?resize=800%2C800&#038;ssl=1\" alt=\"\" class=\"wp-image-13012\" srcset=\"https:\/\/i0.wp.com\/www.atelier-reklama.sk\/blog\/wp-content\/uploads\/2023\/03\/13.-Z%C3%A1stera-do-polokroja-%C4%8Cekovce-pol.-20.-stor.-vy%C5%A1it%C3%A9-kr%C3%AD%C5%BEikmi-p%C3%B4vodn%C3%BD-vlastn%C3%ADk-nezn%C3%A1my-scaled.jpg?resize=1024%2C1024&amp;ssl=1 1024w, https:\/\/i0.wp.com\/www.atelier-reklama.sk\/blog\/wp-content\/uploads\/2023\/03\/13.-Z%C3%A1stera-do-polokroja-%C4%8Cekovce-pol.-20.-stor.-vy%C5%A1it%C3%A9-kr%C3%AD%C5%BEikmi-p%C3%B4vodn%C3%BD-vlastn%C3%ADk-nezn%C3%A1my-scaled.jpg?resize=300%2C300&amp;ssl=1 300w, https:\/\/i0.wp.com\/www.atelier-reklama.sk\/blog\/wp-content\/uploads\/2023\/03\/13.-Z%C3%A1stera-do-polokroja-%C4%8Cekovce-pol.-20.-stor.-vy%C5%A1it%C3%A9-kr%C3%AD%C5%BEikmi-p%C3%B4vodn%C3%BD-vlastn%C3%ADk-nezn%C3%A1my-scaled.jpg?resize=150%2C150&amp;ssl=1 150w, https:\/\/i0.wp.com\/www.atelier-reklama.sk\/blog\/wp-content\/uploads\/2023\/03\/13.-Z%C3%A1stera-do-polokroja-%C4%8Cekovce-pol.-20.-stor.-vy%C5%A1it%C3%A9-kr%C3%AD%C5%BEikmi-p%C3%B4vodn%C3%BD-vlastn%C3%ADk-nezn%C3%A1my-scaled.jpg?resize=768%2C768&amp;ssl=1 768w, https:\/\/i0.wp.com\/www.atelier-reklama.sk\/blog\/wp-content\/uploads\/2023\/03\/13.-Z%C3%A1stera-do-polokroja-%C4%8Cekovce-pol.-20.-stor.-vy%C5%A1it%C3%A9-kr%C3%AD%C5%BEikmi-p%C3%B4vodn%C3%BD-vlastn%C3%ADk-nezn%C3%A1my-scaled.jpg?resize=1536%2C1536&amp;ssl=1 1536w, https:\/\/i0.wp.com\/www.atelier-reklama.sk\/blog\/wp-content\/uploads\/2023\/03\/13.-Z%C3%A1stera-do-polokroja-%C4%8Cekovce-pol.-20.-stor.-vy%C5%A1it%C3%A9-kr%C3%AD%C5%BEikmi-p%C3%B4vodn%C3%BD-vlastn%C3%ADk-nezn%C3%A1my-scaled.jpg?resize=2048%2C2048&amp;ssl=1 2048w, https:\/\/i0.wp.com\/www.atelier-reklama.sk\/blog\/wp-content\/uploads\/2023\/03\/13.-Z%C3%A1stera-do-polokroja-%C4%8Cekovce-pol.-20.-stor.-vy%C5%A1it%C3%A9-kr%C3%AD%C5%BEikmi-p%C3%B4vodn%C3%BD-vlastn%C3%ADk-nezn%C3%A1my-scaled.jpg?w=1600&amp;ssl=1 1600w, https:\/\/i0.wp.com\/www.atelier-reklama.sk\/blog\/wp-content\/uploads\/2023\/03\/13.-Z%C3%A1stera-do-polokroja-%C4%8Cekovce-pol.-20.-stor.-vy%C5%A1it%C3%A9-kr%C3%AD%C5%BEikmi-p%C3%B4vodn%C3%BD-vlastn%C3%ADk-nezn%C3%A1my-scaled.jpg?w=2400&amp;ssl=1 2400w\" sizes=\"auto, (max-width: 800px) 100vw, 800px\" \/><\/figure>\n\n\n\n<figure class=\"wp-block-image size-large\"><img data-recalc-dims=\"1\" loading=\"lazy\" decoding=\"async\" width=\"800\" height=\"566\" data-attachment-id=\"13013\" data-permalink=\"https:\/\/www.atelier-reklama.sk\/blog\/moj-krekacsky-kroj-a-jeho-prekreslene-vzory-spolu\/13b-zastera-do-polokroja-cekovce-pol-20-stor-vyste-krizikmi-povodny-vlastnik-neznamy\/\" data-orig-file=\"https:\/\/i0.wp.com\/www.atelier-reklama.sk\/blog\/wp-content\/uploads\/2023\/03\/13B-Z%C3%A1stera-do-polokroja-%C4%8Cekovce-pol.-20.-stor.-vy%C5%A1t%C3%A9-kr%C3%AD%C5%BEikmi-p%C3%B4vodn%C3%BD-vlastn%C3%ADk-nezn%C3%A1my-scaled.jpg?fit=2560%2C1810&amp;ssl=1\" data-orig-size=\"2560,1810\" data-comments-opened=\"1\" data-image-meta=\"{&quot;aperture&quot;:&quot;0&quot;,&quot;credit&quot;:&quot;&quot;,&quot;camera&quot;:&quot;&quot;,&quot;caption&quot;:&quot;&quot;,&quot;created_timestamp&quot;:&quot;0&quot;,&quot;copyright&quot;:&quot;&quot;,&quot;focal_length&quot;:&quot;0&quot;,&quot;iso&quot;:&quot;0&quot;,&quot;shutter_speed&quot;:&quot;0&quot;,&quot;title&quot;:&quot;&quot;,&quot;orientation&quot;:&quot;0&quot;}\" data-image-title=\"13B-Z\u00e1stera-do-polokroja-\u010cekovce-pol.-20.-stor.-vy\u0161t\u00e9-kr\u00ed\u017eikmi-p\u00f4vodn\u00fd-vlastn\u00edk-nezn\u00e1my\" data-image-description=\"\" data-image-caption=\"\" data-medium-file=\"https:\/\/i0.wp.com\/www.atelier-reklama.sk\/blog\/wp-content\/uploads\/2023\/03\/13B-Z%C3%A1stera-do-polokroja-%C4%8Cekovce-pol.-20.-stor.-vy%C5%A1t%C3%A9-kr%C3%AD%C5%BEikmi-p%C3%B4vodn%C3%BD-vlastn%C3%ADk-nezn%C3%A1my-scaled.jpg?fit=300%2C212&amp;ssl=1\" data-large-file=\"https:\/\/i0.wp.com\/www.atelier-reklama.sk\/blog\/wp-content\/uploads\/2023\/03\/13B-Z%C3%A1stera-do-polokroja-%C4%8Cekovce-pol.-20.-stor.-vy%C5%A1t%C3%A9-kr%C3%AD%C5%BEikmi-p%C3%B4vodn%C3%BD-vlastn%C3%ADk-nezn%C3%A1my-scaled.jpg?fit=800%2C566&amp;ssl=1\" src=\"https:\/\/i0.wp.com\/www.atelier-reklama.sk\/blog\/wp-content\/uploads\/2023\/03\/13B-Z%C3%A1stera-do-polokroja-%C4%8Cekovce-pol.-20.-stor.-vy%C5%A1t%C3%A9-kr%C3%AD%C5%BEikmi-p%C3%B4vodn%C3%BD-vlastn%C3%ADk-nezn%C3%A1my.jpg?resize=800%2C566&#038;ssl=1\" alt=\"\" class=\"wp-image-13013\" srcset=\"https:\/\/i0.wp.com\/www.atelier-reklama.sk\/blog\/wp-content\/uploads\/2023\/03\/13B-Z%C3%A1stera-do-polokroja-%C4%8Cekovce-pol.-20.-stor.-vy%C5%A1t%C3%A9-kr%C3%AD%C5%BEikmi-p%C3%B4vodn%C3%BD-vlastn%C3%ADk-nezn%C3%A1my-scaled.jpg?resize=1024%2C724&amp;ssl=1 1024w, https:\/\/i0.wp.com\/www.atelier-reklama.sk\/blog\/wp-content\/uploads\/2023\/03\/13B-Z%C3%A1stera-do-polokroja-%C4%8Cekovce-pol.-20.-stor.-vy%C5%A1t%C3%A9-kr%C3%AD%C5%BEikmi-p%C3%B4vodn%C3%BD-vlastn%C3%ADk-nezn%C3%A1my-scaled.jpg?resize=300%2C212&amp;ssl=1 300w, https:\/\/i0.wp.com\/www.atelier-reklama.sk\/blog\/wp-content\/uploads\/2023\/03\/13B-Z%C3%A1stera-do-polokroja-%C4%8Cekovce-pol.-20.-stor.-vy%C5%A1t%C3%A9-kr%C3%AD%C5%BEikmi-p%C3%B4vodn%C3%BD-vlastn%C3%ADk-nezn%C3%A1my-scaled.jpg?resize=768%2C543&amp;ssl=1 768w, https:\/\/i0.wp.com\/www.atelier-reklama.sk\/blog\/wp-content\/uploads\/2023\/03\/13B-Z%C3%A1stera-do-polokroja-%C4%8Cekovce-pol.-20.-stor.-vy%C5%A1t%C3%A9-kr%C3%AD%C5%BEikmi-p%C3%B4vodn%C3%BD-vlastn%C3%ADk-nezn%C3%A1my-scaled.jpg?resize=1536%2C1086&amp;ssl=1 1536w, https:\/\/i0.wp.com\/www.atelier-reklama.sk\/blog\/wp-content\/uploads\/2023\/03\/13B-Z%C3%A1stera-do-polokroja-%C4%8Cekovce-pol.-20.-stor.-vy%C5%A1t%C3%A9-kr%C3%AD%C5%BEikmi-p%C3%B4vodn%C3%BD-vlastn%C3%ADk-nezn%C3%A1my-scaled.jpg?resize=2048%2C1448&amp;ssl=1 2048w, https:\/\/i0.wp.com\/www.atelier-reklama.sk\/blog\/wp-content\/uploads\/2023\/03\/13B-Z%C3%A1stera-do-polokroja-%C4%8Cekovce-pol.-20.-stor.-vy%C5%A1t%C3%A9-kr%C3%AD%C5%BEikmi-p%C3%B4vodn%C3%BD-vlastn%C3%ADk-nezn%C3%A1my-scaled.jpg?w=1600&amp;ssl=1 1600w, https:\/\/i0.wp.com\/www.atelier-reklama.sk\/blog\/wp-content\/uploads\/2023\/03\/13B-Z%C3%A1stera-do-polokroja-%C4%8Cekovce-pol.-20.-stor.-vy%C5%A1t%C3%A9-kr%C3%AD%C5%BEikmi-p%C3%B4vodn%C3%BD-vlastn%C3%ADk-nezn%C3%A1my-scaled.jpg?w=2400&amp;ssl=1 2400w\" sizes=\"auto, (max-width: 800px) 100vw, 800px\" \/><\/figure>\n\n\n\n<figure class=\"wp-block-image size-large\"><img data-recalc-dims=\"1\" loading=\"lazy\" decoding=\"async\" width=\"800\" height=\"566\" data-attachment-id=\"13014\" data-permalink=\"https:\/\/www.atelier-reklama.sk\/blog\/moj-krekacsky-kroj-a-jeho-prekreslene-vzory-spolu\/13a-zastera-do-polokroja-cekovce-pol-20-stor-vysite-krizikmi-povodny-vlastnik-neznamy\/\" data-orig-file=\"https:\/\/i0.wp.com\/www.atelier-reklama.sk\/blog\/wp-content\/uploads\/2023\/03\/13A-Z%C3%A1stera-do-polokroja-%C4%8Cekovce-pol.-20.-stor.-vy%C5%A1it%C3%A9-kr%C3%AD%C5%BEikmi-p%C3%B4vodn%C3%BD-vlastn%C3%ADk-nezn%C3%A1my-scaled.jpg?fit=2560%2C1810&amp;ssl=1\" data-orig-size=\"2560,1810\" data-comments-opened=\"1\" data-image-meta=\"{&quot;aperture&quot;:&quot;0&quot;,&quot;credit&quot;:&quot;&quot;,&quot;camera&quot;:&quot;&quot;,&quot;caption&quot;:&quot;&quot;,&quot;created_timestamp&quot;:&quot;0&quot;,&quot;copyright&quot;:&quot;&quot;,&quot;focal_length&quot;:&quot;0&quot;,&quot;iso&quot;:&quot;0&quot;,&quot;shutter_speed&quot;:&quot;0&quot;,&quot;title&quot;:&quot;&quot;,&quot;orientation&quot;:&quot;0&quot;}\" data-image-title=\"13A-Z\u00e1stera-do-polokroja-\u010cekovce-pol.-20.-stor.-vy\u0161it\u00e9-kr\u00ed\u017eikmi-p\u00f4vodn\u00fd-vlastn\u00edk-nezn\u00e1my\" data-image-description=\"\" data-image-caption=\"\" data-medium-file=\"https:\/\/i0.wp.com\/www.atelier-reklama.sk\/blog\/wp-content\/uploads\/2023\/03\/13A-Z%C3%A1stera-do-polokroja-%C4%8Cekovce-pol.-20.-stor.-vy%C5%A1it%C3%A9-kr%C3%AD%C5%BEikmi-p%C3%B4vodn%C3%BD-vlastn%C3%ADk-nezn%C3%A1my-scaled.jpg?fit=300%2C212&amp;ssl=1\" data-large-file=\"https:\/\/i0.wp.com\/www.atelier-reklama.sk\/blog\/wp-content\/uploads\/2023\/03\/13A-Z%C3%A1stera-do-polokroja-%C4%8Cekovce-pol.-20.-stor.-vy%C5%A1it%C3%A9-kr%C3%AD%C5%BEikmi-p%C3%B4vodn%C3%BD-vlastn%C3%ADk-nezn%C3%A1my-scaled.jpg?fit=800%2C566&amp;ssl=1\" src=\"https:\/\/i0.wp.com\/www.atelier-reklama.sk\/blog\/wp-content\/uploads\/2023\/03\/13A-Z%C3%A1stera-do-polokroja-%C4%8Cekovce-pol.-20.-stor.-vy%C5%A1it%C3%A9-kr%C3%AD%C5%BEikmi-p%C3%B4vodn%C3%BD-vlastn%C3%ADk-nezn%C3%A1my.jpg?resize=800%2C566&#038;ssl=1\" alt=\"\" class=\"wp-image-13014\" srcset=\"https:\/\/i0.wp.com\/www.atelier-reklama.sk\/blog\/wp-content\/uploads\/2023\/03\/13A-Z%C3%A1stera-do-polokroja-%C4%8Cekovce-pol.-20.-stor.-vy%C5%A1it%C3%A9-kr%C3%AD%C5%BEikmi-p%C3%B4vodn%C3%BD-vlastn%C3%ADk-nezn%C3%A1my-scaled.jpg?resize=1024%2C724&amp;ssl=1 1024w, https:\/\/i0.wp.com\/www.atelier-reklama.sk\/blog\/wp-content\/uploads\/2023\/03\/13A-Z%C3%A1stera-do-polokroja-%C4%8Cekovce-pol.-20.-stor.-vy%C5%A1it%C3%A9-kr%C3%AD%C5%BEikmi-p%C3%B4vodn%C3%BD-vlastn%C3%ADk-nezn%C3%A1my-scaled.jpg?resize=300%2C212&amp;ssl=1 300w, https:\/\/i0.wp.com\/www.atelier-reklama.sk\/blog\/wp-content\/uploads\/2023\/03\/13A-Z%C3%A1stera-do-polokroja-%C4%8Cekovce-pol.-20.-stor.-vy%C5%A1it%C3%A9-kr%C3%AD%C5%BEikmi-p%C3%B4vodn%C3%BD-vlastn%C3%ADk-nezn%C3%A1my-scaled.jpg?resize=768%2C543&amp;ssl=1 768w, https:\/\/i0.wp.com\/www.atelier-reklama.sk\/blog\/wp-content\/uploads\/2023\/03\/13A-Z%C3%A1stera-do-polokroja-%C4%8Cekovce-pol.-20.-stor.-vy%C5%A1it%C3%A9-kr%C3%AD%C5%BEikmi-p%C3%B4vodn%C3%BD-vlastn%C3%ADk-nezn%C3%A1my-scaled.jpg?resize=1536%2C1086&amp;ssl=1 1536w, https:\/\/i0.wp.com\/www.atelier-reklama.sk\/blog\/wp-content\/uploads\/2023\/03\/13A-Z%C3%A1stera-do-polokroja-%C4%8Cekovce-pol.-20.-stor.-vy%C5%A1it%C3%A9-kr%C3%AD%C5%BEikmi-p%C3%B4vodn%C3%BD-vlastn%C3%ADk-nezn%C3%A1my-scaled.jpg?resize=2048%2C1448&amp;ssl=1 2048w, https:\/\/i0.wp.com\/www.atelier-reklama.sk\/blog\/wp-content\/uploads\/2023\/03\/13A-Z%C3%A1stera-do-polokroja-%C4%8Cekovce-pol.-20.-stor.-vy%C5%A1it%C3%A9-kr%C3%AD%C5%BEikmi-p%C3%B4vodn%C3%BD-vlastn%C3%ADk-nezn%C3%A1my-scaled.jpg?w=1600&amp;ssl=1 1600w, https:\/\/i0.wp.com\/www.atelier-reklama.sk\/blog\/wp-content\/uploads\/2023\/03\/13A-Z%C3%A1stera-do-polokroja-%C4%8Cekovce-pol.-20.-stor.-vy%C5%A1it%C3%A9-kr%C3%AD%C5%BEikmi-p%C3%B4vodn%C3%BD-vlastn%C3%ADk-nezn%C3%A1my-scaled.jpg?w=2400&amp;ssl=1 2400w\" sizes=\"auto, (max-width: 800px) 100vw, 800px\" \/><\/figure>\n\n\n\n<figure class=\"wp-block-image size-large\"><img data-recalc-dims=\"1\" loading=\"lazy\" decoding=\"async\" width=\"800\" height=\"249\" data-attachment-id=\"13015\" data-permalink=\"https:\/\/www.atelier-reklama.sk\/blog\/moj-krekacsky-kroj-a-jeho-prekreslene-vzory-spolu\/13c-zastera-do-polokroja-cekovce-pol-20-stor-vyste-krizikmi-povodny-vlastnik-neznamy\/\" data-orig-file=\"https:\/\/i0.wp.com\/www.atelier-reklama.sk\/blog\/wp-content\/uploads\/2023\/03\/13C-Z%C3%A1stera-do-polokroja-%C4%8Cekovce-pol.-20.-stor.-vy%C5%A1t%C3%A9-kr%C3%AD%C5%BEikmi-p%C3%B4vodn%C3%BD-vlastn%C3%ADk-nezn%C3%A1my-scaled.jpg?fit=2560%2C796&amp;ssl=1\" data-orig-size=\"2560,796\" data-comments-opened=\"1\" data-image-meta=\"{&quot;aperture&quot;:&quot;2&quot;,&quot;credit&quot;:&quot;&quot;,&quot;camera&quot;:&quot;SM-A125F&quot;,&quot;caption&quot;:&quot;&quot;,&quot;created_timestamp&quot;:&quot;1678875037&quot;,&quot;copyright&quot;:&quot;&quot;,&quot;focal_length&quot;:&quot;4.6&quot;,&quot;iso&quot;:&quot;800&quot;,&quot;shutter_speed&quot;:&quot;0.0499&quot;,&quot;title&quot;:&quot;&quot;,&quot;orientation&quot;:&quot;1&quot;}\" data-image-title=\"13C-Z\u00e1stera-do-polokroja-\u010cekovce-pol.-20.-stor.-vy\u0161t\u00e9-kr\u00ed\u017eikmi-p\u00f4vodn\u00fd-vlastn\u00edk-nezn\u00e1my\" data-image-description=\"\" data-image-caption=\"\" data-medium-file=\"https:\/\/i0.wp.com\/www.atelier-reklama.sk\/blog\/wp-content\/uploads\/2023\/03\/13C-Z%C3%A1stera-do-polokroja-%C4%8Cekovce-pol.-20.-stor.-vy%C5%A1t%C3%A9-kr%C3%AD%C5%BEikmi-p%C3%B4vodn%C3%BD-vlastn%C3%ADk-nezn%C3%A1my-scaled.jpg?fit=300%2C93&amp;ssl=1\" data-large-file=\"https:\/\/i0.wp.com\/www.atelier-reklama.sk\/blog\/wp-content\/uploads\/2023\/03\/13C-Z%C3%A1stera-do-polokroja-%C4%8Cekovce-pol.-20.-stor.-vy%C5%A1t%C3%A9-kr%C3%AD%C5%BEikmi-p%C3%B4vodn%C3%BD-vlastn%C3%ADk-nezn%C3%A1my-scaled.jpg?fit=800%2C249&amp;ssl=1\" src=\"https:\/\/i0.wp.com\/www.atelier-reklama.sk\/blog\/wp-content\/uploads\/2023\/03\/13C-Z%C3%A1stera-do-polokroja-%C4%8Cekovce-pol.-20.-stor.-vy%C5%A1t%C3%A9-kr%C3%AD%C5%BEikmi-p%C3%B4vodn%C3%BD-vlastn%C3%ADk-nezn%C3%A1my.jpg?resize=800%2C249&#038;ssl=1\" alt=\"\" class=\"wp-image-13015\" srcset=\"https:\/\/i0.wp.com\/www.atelier-reklama.sk\/blog\/wp-content\/uploads\/2023\/03\/13C-Z%C3%A1stera-do-polokroja-%C4%8Cekovce-pol.-20.-stor.-vy%C5%A1t%C3%A9-kr%C3%AD%C5%BEikmi-p%C3%B4vodn%C3%BD-vlastn%C3%ADk-nezn%C3%A1my-scaled.jpg?resize=1024%2C319&amp;ssl=1 1024w, https:\/\/i0.wp.com\/www.atelier-reklama.sk\/blog\/wp-content\/uploads\/2023\/03\/13C-Z%C3%A1stera-do-polokroja-%C4%8Cekovce-pol.-20.-stor.-vy%C5%A1t%C3%A9-kr%C3%AD%C5%BEikmi-p%C3%B4vodn%C3%BD-vlastn%C3%ADk-nezn%C3%A1my-scaled.jpg?resize=300%2C93&amp;ssl=1 300w, https:\/\/i0.wp.com\/www.atelier-reklama.sk\/blog\/wp-content\/uploads\/2023\/03\/13C-Z%C3%A1stera-do-polokroja-%C4%8Cekovce-pol.-20.-stor.-vy%C5%A1t%C3%A9-kr%C3%AD%C5%BEikmi-p%C3%B4vodn%C3%BD-vlastn%C3%ADk-nezn%C3%A1my-scaled.jpg?resize=768%2C239&amp;ssl=1 768w, https:\/\/i0.wp.com\/www.atelier-reklama.sk\/blog\/wp-content\/uploads\/2023\/03\/13C-Z%C3%A1stera-do-polokroja-%C4%8Cekovce-pol.-20.-stor.-vy%C5%A1t%C3%A9-kr%C3%AD%C5%BEikmi-p%C3%B4vodn%C3%BD-vlastn%C3%ADk-nezn%C3%A1my-scaled.jpg?resize=1536%2C478&amp;ssl=1 1536w, https:\/\/i0.wp.com\/www.atelier-reklama.sk\/blog\/wp-content\/uploads\/2023\/03\/13C-Z%C3%A1stera-do-polokroja-%C4%8Cekovce-pol.-20.-stor.-vy%C5%A1t%C3%A9-kr%C3%AD%C5%BEikmi-p%C3%B4vodn%C3%BD-vlastn%C3%ADk-nezn%C3%A1my-scaled.jpg?resize=2048%2C637&amp;ssl=1 2048w, https:\/\/i0.wp.com\/www.atelier-reklama.sk\/blog\/wp-content\/uploads\/2023\/03\/13C-Z%C3%A1stera-do-polokroja-%C4%8Cekovce-pol.-20.-stor.-vy%C5%A1t%C3%A9-kr%C3%AD%C5%BEikmi-p%C3%B4vodn%C3%BD-vlastn%C3%ADk-nezn%C3%A1my-scaled.jpg?w=1600&amp;ssl=1 1600w, https:\/\/i0.wp.com\/www.atelier-reklama.sk\/blog\/wp-content\/uploads\/2023\/03\/13C-Z%C3%A1stera-do-polokroja-%C4%8Cekovce-pol.-20.-stor.-vy%C5%A1t%C3%A9-kr%C3%AD%C5%BEikmi-p%C3%B4vodn%C3%BD-vlastn%C3%ADk-nezn%C3%A1my-scaled.jpg?w=2400&amp;ssl=1 2400w\" sizes=\"auto, (max-width: 800px) 100vw, 800px\" \/><\/figure>\n\n\n\n<figure class=\"wp-block-image size-large\"><img data-recalc-dims=\"1\" loading=\"lazy\" decoding=\"async\" width=\"800\" height=\"256\" data-attachment-id=\"13016\" data-permalink=\"https:\/\/www.atelier-reklama.sk\/blog\/moj-krekacsky-kroj-a-jeho-prekreslene-vzory-spolu\/13d-zastera-do-polokroja-cekovce-pol-20-stor-vyste-krizikmi-povodny-vlastnik-neznamy\/\" data-orig-file=\"https:\/\/i0.wp.com\/www.atelier-reklama.sk\/blog\/wp-content\/uploads\/2023\/03\/13D-Z%C3%A1stera-do-polokroja-%C4%8Cekovce-pol.-20.-stor.-vy%C5%A1t%C3%A9-kr%C3%AD%C5%BEikmi-p%C3%B4vodn%C3%BD-vlastn%C3%ADk-nezn%C3%A1my-scaled.jpg?fit=2560%2C820&amp;ssl=1\" data-orig-size=\"2560,820\" data-comments-opened=\"1\" data-image-meta=\"{&quot;aperture&quot;:&quot;2&quot;,&quot;credit&quot;:&quot;&quot;,&quot;camera&quot;:&quot;SM-A125F&quot;,&quot;caption&quot;:&quot;&quot;,&quot;created_timestamp&quot;:&quot;1678875029&quot;,&quot;copyright&quot;:&quot;&quot;,&quot;focal_length&quot;:&quot;4.6&quot;,&quot;iso&quot;:&quot;800&quot;,&quot;shutter_speed&quot;:&quot;0.06&quot;,&quot;title&quot;:&quot;&quot;,&quot;orientation&quot;:&quot;1&quot;}\" data-image-title=\"13D-Z\u00e1stera-do-polokroja-\u010cekovce-pol.-20.-stor.-vy\u0161t\u00e9-kr\u00ed\u017eikmi-p\u00f4vodn\u00fd-vlastn\u00edk-nezn\u00e1my\" data-image-description=\"\" data-image-caption=\"\" data-medium-file=\"https:\/\/i0.wp.com\/www.atelier-reklama.sk\/blog\/wp-content\/uploads\/2023\/03\/13D-Z%C3%A1stera-do-polokroja-%C4%8Cekovce-pol.-20.-stor.-vy%C5%A1t%C3%A9-kr%C3%AD%C5%BEikmi-p%C3%B4vodn%C3%BD-vlastn%C3%ADk-nezn%C3%A1my-scaled.jpg?fit=300%2C96&amp;ssl=1\" data-large-file=\"https:\/\/i0.wp.com\/www.atelier-reklama.sk\/blog\/wp-content\/uploads\/2023\/03\/13D-Z%C3%A1stera-do-polokroja-%C4%8Cekovce-pol.-20.-stor.-vy%C5%A1t%C3%A9-kr%C3%AD%C5%BEikmi-p%C3%B4vodn%C3%BD-vlastn%C3%ADk-nezn%C3%A1my-scaled.jpg?fit=800%2C256&amp;ssl=1\" src=\"https:\/\/i0.wp.com\/www.atelier-reklama.sk\/blog\/wp-content\/uploads\/2023\/03\/13D-Z%C3%A1stera-do-polokroja-%C4%8Cekovce-pol.-20.-stor.-vy%C5%A1t%C3%A9-kr%C3%AD%C5%BEikmi-p%C3%B4vodn%C3%BD-vlastn%C3%ADk-nezn%C3%A1my.jpg?resize=800%2C256&#038;ssl=1\" alt=\"\" class=\"wp-image-13016\" srcset=\"https:\/\/i0.wp.com\/www.atelier-reklama.sk\/blog\/wp-content\/uploads\/2023\/03\/13D-Z%C3%A1stera-do-polokroja-%C4%8Cekovce-pol.-20.-stor.-vy%C5%A1t%C3%A9-kr%C3%AD%C5%BEikmi-p%C3%B4vodn%C3%BD-vlastn%C3%ADk-nezn%C3%A1my-scaled.jpg?resize=1024%2C328&amp;ssl=1 1024w, https:\/\/i0.wp.com\/www.atelier-reklama.sk\/blog\/wp-content\/uploads\/2023\/03\/13D-Z%C3%A1stera-do-polokroja-%C4%8Cekovce-pol.-20.-stor.-vy%C5%A1t%C3%A9-kr%C3%AD%C5%BEikmi-p%C3%B4vodn%C3%BD-vlastn%C3%ADk-nezn%C3%A1my-scaled.jpg?resize=300%2C96&amp;ssl=1 300w, https:\/\/i0.wp.com\/www.atelier-reklama.sk\/blog\/wp-content\/uploads\/2023\/03\/13D-Z%C3%A1stera-do-polokroja-%C4%8Cekovce-pol.-20.-stor.-vy%C5%A1t%C3%A9-kr%C3%AD%C5%BEikmi-p%C3%B4vodn%C3%BD-vlastn%C3%ADk-nezn%C3%A1my-scaled.jpg?resize=768%2C246&amp;ssl=1 768w, https:\/\/i0.wp.com\/www.atelier-reklama.sk\/blog\/wp-content\/uploads\/2023\/03\/13D-Z%C3%A1stera-do-polokroja-%C4%8Cekovce-pol.-20.-stor.-vy%C5%A1t%C3%A9-kr%C3%AD%C5%BEikmi-p%C3%B4vodn%C3%BD-vlastn%C3%ADk-nezn%C3%A1my-scaled.jpg?resize=1536%2C492&amp;ssl=1 1536w, https:\/\/i0.wp.com\/www.atelier-reklama.sk\/blog\/wp-content\/uploads\/2023\/03\/13D-Z%C3%A1stera-do-polokroja-%C4%8Cekovce-pol.-20.-stor.-vy%C5%A1t%C3%A9-kr%C3%AD%C5%BEikmi-p%C3%B4vodn%C3%BD-vlastn%C3%ADk-nezn%C3%A1my-scaled.jpg?resize=2048%2C656&amp;ssl=1 2048w, https:\/\/i0.wp.com\/www.atelier-reklama.sk\/blog\/wp-content\/uploads\/2023\/03\/13D-Z%C3%A1stera-do-polokroja-%C4%8Cekovce-pol.-20.-stor.-vy%C5%A1t%C3%A9-kr%C3%AD%C5%BEikmi-p%C3%B4vodn%C3%BD-vlastn%C3%ADk-nezn%C3%A1my-scaled.jpg?w=1600&amp;ssl=1 1600w, https:\/\/i0.wp.com\/www.atelier-reklama.sk\/blog\/wp-content\/uploads\/2023\/03\/13D-Z%C3%A1stera-do-polokroja-%C4%8Cekovce-pol.-20.-stor.-vy%C5%A1t%C3%A9-kr%C3%AD%C5%BEikmi-p%C3%B4vodn%C3%BD-vlastn%C3%ADk-nezn%C3%A1my-scaled.jpg?w=2400&amp;ssl=1 2400w\" sizes=\"auto, (max-width: 800px) 100vw, 800px\" \/><\/figure>\n\n\n\n<figure class=\"wp-block-image size-large\"><img data-recalc-dims=\"1\" loading=\"lazy\" decoding=\"async\" width=\"800\" height=\"364\" data-attachment-id=\"13017\" data-permalink=\"https:\/\/www.atelier-reklama.sk\/blog\/moj-krekacsky-kroj-a-jeho-prekreslene-vzory-spolu\/13e-zastera-do-polokroja-cekovce-pol-20-stor-vyste-krizikmi-povodny-vlastnik-neznamy\/\" data-orig-file=\"https:\/\/i0.wp.com\/www.atelier-reklama.sk\/blog\/wp-content\/uploads\/2023\/03\/13E-Z%C3%A1stera-do-polokroja-%C4%8Cekovce-pol.-20.-stor.-vy%C5%A1t%C3%A9-kr%C3%AD%C5%BEikmi-p%C3%B4vodn%C3%BD-vlastn%C3%ADk-nezn%C3%A1my-scaled.jpg?fit=2560%2C1165&amp;ssl=1\" data-orig-size=\"2560,1165\" data-comments-opened=\"1\" data-image-meta=\"{&quot;aperture&quot;:&quot;2&quot;,&quot;credit&quot;:&quot;&quot;,&quot;camera&quot;:&quot;SM-A125F&quot;,&quot;caption&quot;:&quot;&quot;,&quot;created_timestamp&quot;:&quot;1678875025&quot;,&quot;copyright&quot;:&quot;&quot;,&quot;focal_length&quot;:&quot;4.6&quot;,&quot;iso&quot;:&quot;640&quot;,&quot;shutter_speed&quot;:&quot;0.0499&quot;,&quot;title&quot;:&quot;&quot;,&quot;orientation&quot;:&quot;1&quot;}\" data-image-title=\"13E-Z\u00e1stera-do-polokroja-\u010cekovce-pol.-20.-stor.-vy\u0161t\u00e9-kr\u00ed\u017eikmi-p\u00f4vodn\u00fd-vlastn\u00edk-nezn\u00e1my\" data-image-description=\"\" data-image-caption=\"\" data-medium-file=\"https:\/\/i0.wp.com\/www.atelier-reklama.sk\/blog\/wp-content\/uploads\/2023\/03\/13E-Z%C3%A1stera-do-polokroja-%C4%8Cekovce-pol.-20.-stor.-vy%C5%A1t%C3%A9-kr%C3%AD%C5%BEikmi-p%C3%B4vodn%C3%BD-vlastn%C3%ADk-nezn%C3%A1my-scaled.jpg?fit=300%2C137&amp;ssl=1\" data-large-file=\"https:\/\/i0.wp.com\/www.atelier-reklama.sk\/blog\/wp-content\/uploads\/2023\/03\/13E-Z%C3%A1stera-do-polokroja-%C4%8Cekovce-pol.-20.-stor.-vy%C5%A1t%C3%A9-kr%C3%AD%C5%BEikmi-p%C3%B4vodn%C3%BD-vlastn%C3%ADk-nezn%C3%A1my-scaled.jpg?fit=800%2C364&amp;ssl=1\" src=\"https:\/\/i0.wp.com\/www.atelier-reklama.sk\/blog\/wp-content\/uploads\/2023\/03\/13E-Z%C3%A1stera-do-polokroja-%C4%8Cekovce-pol.-20.-stor.-vy%C5%A1t%C3%A9-kr%C3%AD%C5%BEikmi-p%C3%B4vodn%C3%BD-vlastn%C3%ADk-nezn%C3%A1my.jpg?resize=800%2C364&#038;ssl=1\" alt=\"\" class=\"wp-image-13017\" srcset=\"https:\/\/i0.wp.com\/www.atelier-reklama.sk\/blog\/wp-content\/uploads\/2023\/03\/13E-Z%C3%A1stera-do-polokroja-%C4%8Cekovce-pol.-20.-stor.-vy%C5%A1t%C3%A9-kr%C3%AD%C5%BEikmi-p%C3%B4vodn%C3%BD-vlastn%C3%ADk-nezn%C3%A1my-scaled.jpg?resize=1024%2C466&amp;ssl=1 1024w, https:\/\/i0.wp.com\/www.atelier-reklama.sk\/blog\/wp-content\/uploads\/2023\/03\/13E-Z%C3%A1stera-do-polokroja-%C4%8Cekovce-pol.-20.-stor.-vy%C5%A1t%C3%A9-kr%C3%AD%C5%BEikmi-p%C3%B4vodn%C3%BD-vlastn%C3%ADk-nezn%C3%A1my-scaled.jpg?resize=300%2C137&amp;ssl=1 300w, https:\/\/i0.wp.com\/www.atelier-reklama.sk\/blog\/wp-content\/uploads\/2023\/03\/13E-Z%C3%A1stera-do-polokroja-%C4%8Cekovce-pol.-20.-stor.-vy%C5%A1t%C3%A9-kr%C3%AD%C5%BEikmi-p%C3%B4vodn%C3%BD-vlastn%C3%ADk-nezn%C3%A1my-scaled.jpg?resize=768%2C349&amp;ssl=1 768w, https:\/\/i0.wp.com\/www.atelier-reklama.sk\/blog\/wp-content\/uploads\/2023\/03\/13E-Z%C3%A1stera-do-polokroja-%C4%8Cekovce-pol.-20.-stor.-vy%C5%A1t%C3%A9-kr%C3%AD%C5%BEikmi-p%C3%B4vodn%C3%BD-vlastn%C3%ADk-nezn%C3%A1my-scaled.jpg?resize=1536%2C699&amp;ssl=1 1536w, https:\/\/i0.wp.com\/www.atelier-reklama.sk\/blog\/wp-content\/uploads\/2023\/03\/13E-Z%C3%A1stera-do-polokroja-%C4%8Cekovce-pol.-20.-stor.-vy%C5%A1t%C3%A9-kr%C3%AD%C5%BEikmi-p%C3%B4vodn%C3%BD-vlastn%C3%ADk-nezn%C3%A1my-scaled.jpg?resize=2048%2C932&amp;ssl=1 2048w, https:\/\/i0.wp.com\/www.atelier-reklama.sk\/blog\/wp-content\/uploads\/2023\/03\/13E-Z%C3%A1stera-do-polokroja-%C4%8Cekovce-pol.-20.-stor.-vy%C5%A1t%C3%A9-kr%C3%AD%C5%BEikmi-p%C3%B4vodn%C3%BD-vlastn%C3%ADk-nezn%C3%A1my-scaled.jpg?w=1600&amp;ssl=1 1600w, https:\/\/i0.wp.com\/www.atelier-reklama.sk\/blog\/wp-content\/uploads\/2023\/03\/13E-Z%C3%A1stera-do-polokroja-%C4%8Cekovce-pol.-20.-stor.-vy%C5%A1t%C3%A9-kr%C3%AD%C5%BEikmi-p%C3%B4vodn%C3%BD-vlastn%C3%ADk-nezn%C3%A1my-scaled.jpg?w=2400&amp;ssl=1 2400w\" sizes=\"auto, (max-width: 800px) 100vw, 800px\" \/><\/figure>\n\n\n\n<p>8. Z\u00e1stera, Jal\u0161ov\u00edk, pol. 20. stor., kr\u00ed\u017eikmi vy\u0161ila Anna O\u010den\u00e1\u0161ov\u00e1, rod. Bartikov\u00e1 (1930-2013)<\/p>\n\n\n\n<figure class=\"wp-block-image size-large\"><img data-recalc-dims=\"1\" loading=\"lazy\" decoding=\"async\" width=\"800\" height=\"886\" data-attachment-id=\"13208\" data-permalink=\"https:\/\/www.atelier-reklama.sk\/blog\/moj-krekacsky-kroj-a-jeho-prekreslene-vzory-spolu\/16ba-zastera-jalsovik-pol-20-stor-plnym-stehom-vysila-anna-ocenasova-rod-bartikova-1930-2013-1\/\" data-orig-file=\"https:\/\/i0.wp.com\/www.atelier-reklama.sk\/blog\/wp-content\/uploads\/2023\/03\/16BA.-Z%C3%A1stera-Jal%C5%A1ov%C3%ADk-pol.-20.-stor.-pln%C3%BDm-stehom-vy%C5%A1ila-Anna-O%C4%8Den%C3%A1%C5%A1ov%C3%A1-rod.-Bartikov%C3%A1-1930-2013-1-scaled.jpg?fit=2313%2C2560&amp;ssl=1\" data-orig-size=\"2313,2560\" data-comments-opened=\"1\" data-image-meta=\"{&quot;aperture&quot;:&quot;2&quot;,&quot;credit&quot;:&quot;&quot;,&quot;camera&quot;:&quot;SM-A125F&quot;,&quot;caption&quot;:&quot;&quot;,&quot;created_timestamp&quot;:&quot;1679044500&quot;,&quot;copyright&quot;:&quot;&quot;,&quot;focal_length&quot;:&quot;4.6&quot;,&quot;iso&quot;:&quot;250&quot;,&quot;shutter_speed&quot;:&quot;0.04&quot;,&quot;title&quot;:&quot;&quot;,&quot;orientation&quot;:&quot;1&quot;}\" data-image-title=\"16BA.-Z\u00e1stera-Jal\u0161ov\u00edk-pol.-20.-stor.-pln\u00fdm-stehom-vy\u0161ila-Anna-O\u010den\u00e1\u0161ov\u00e1-rod.-Bartikov\u00e1-1930-2013-1\" data-image-description=\"\" data-image-caption=\"\" data-medium-file=\"https:\/\/i0.wp.com\/www.atelier-reklama.sk\/blog\/wp-content\/uploads\/2023\/03\/16BA.-Z%C3%A1stera-Jal%C5%A1ov%C3%ADk-pol.-20.-stor.-pln%C3%BDm-stehom-vy%C5%A1ila-Anna-O%C4%8Den%C3%A1%C5%A1ov%C3%A1-rod.-Bartikov%C3%A1-1930-2013-1-scaled.jpg?fit=271%2C300&amp;ssl=1\" data-large-file=\"https:\/\/i0.wp.com\/www.atelier-reklama.sk\/blog\/wp-content\/uploads\/2023\/03\/16BA.-Z%C3%A1stera-Jal%C5%A1ov%C3%ADk-pol.-20.-stor.-pln%C3%BDm-stehom-vy%C5%A1ila-Anna-O%C4%8Den%C3%A1%C5%A1ov%C3%A1-rod.-Bartikov%C3%A1-1930-2013-1-scaled.jpg?fit=800%2C886&amp;ssl=1\" src=\"https:\/\/i0.wp.com\/www.atelier-reklama.sk\/blog\/wp-content\/uploads\/2023\/03\/16BA.-Z%C3%A1stera-Jal%C5%A1ov%C3%ADk-pol.-20.-stor.-pln%C3%BDm-stehom-vy%C5%A1ila-Anna-O%C4%8Den%C3%A1%C5%A1ov%C3%A1-rod.-Bartikov%C3%A1-1930-2013-1.jpg?resize=800%2C886&#038;ssl=1\" alt=\"\" class=\"wp-image-13208\" srcset=\"https:\/\/i0.wp.com\/www.atelier-reklama.sk\/blog\/wp-content\/uploads\/2023\/03\/16BA.-Z%C3%A1stera-Jal%C5%A1ov%C3%ADk-pol.-20.-stor.-pln%C3%BDm-stehom-vy%C5%A1ila-Anna-O%C4%8Den%C3%A1%C5%A1ov%C3%A1-rod.-Bartikov%C3%A1-1930-2013-1-scaled.jpg?resize=925%2C1024&amp;ssl=1 925w, https:\/\/i0.wp.com\/www.atelier-reklama.sk\/blog\/wp-content\/uploads\/2023\/03\/16BA.-Z%C3%A1stera-Jal%C5%A1ov%C3%ADk-pol.-20.-stor.-pln%C3%BDm-stehom-vy%C5%A1ila-Anna-O%C4%8Den%C3%A1%C5%A1ov%C3%A1-rod.-Bartikov%C3%A1-1930-2013-1-scaled.jpg?resize=271%2C300&amp;ssl=1 271w, https:\/\/i0.wp.com\/www.atelier-reklama.sk\/blog\/wp-content\/uploads\/2023\/03\/16BA.-Z%C3%A1stera-Jal%C5%A1ov%C3%ADk-pol.-20.-stor.-pln%C3%BDm-stehom-vy%C5%A1ila-Anna-O%C4%8Den%C3%A1%C5%A1ov%C3%A1-rod.-Bartikov%C3%A1-1930-2013-1-scaled.jpg?resize=768%2C850&amp;ssl=1 768w, https:\/\/i0.wp.com\/www.atelier-reklama.sk\/blog\/wp-content\/uploads\/2023\/03\/16BA.-Z%C3%A1stera-Jal%C5%A1ov%C3%ADk-pol.-20.-stor.-pln%C3%BDm-stehom-vy%C5%A1ila-Anna-O%C4%8Den%C3%A1%C5%A1ov%C3%A1-rod.-Bartikov%C3%A1-1930-2013-1-scaled.jpg?resize=1388%2C1536&amp;ssl=1 1388w, https:\/\/i0.wp.com\/www.atelier-reklama.sk\/blog\/wp-content\/uploads\/2023\/03\/16BA.-Z%C3%A1stera-Jal%C5%A1ov%C3%ADk-pol.-20.-stor.-pln%C3%BDm-stehom-vy%C5%A1ila-Anna-O%C4%8Den%C3%A1%C5%A1ov%C3%A1-rod.-Bartikov%C3%A1-1930-2013-1-scaled.jpg?resize=1851%2C2048&amp;ssl=1 1851w, https:\/\/i0.wp.com\/www.atelier-reklama.sk\/blog\/wp-content\/uploads\/2023\/03\/16BA.-Z%C3%A1stera-Jal%C5%A1ov%C3%ADk-pol.-20.-stor.-pln%C3%BDm-stehom-vy%C5%A1ila-Anna-O%C4%8Den%C3%A1%C5%A1ov%C3%A1-rod.-Bartikov%C3%A1-1930-2013-1-scaled.jpg?w=1600&amp;ssl=1 1600w\" sizes=\"auto, (max-width: 800px) 100vw, 800px\" \/><figcaption class=\"wp-element-caption\">Z\u00e1steru som zdedila, je &#8222;obnosen\u00e1&#8220;, bola roztrhnut\u00e1, je &#8222;nenosite\u013en\u00e1&#8220;, vzor, farby s\u00fa kr\u00e1sne. <\/figcaption><\/figure>\n\n\n\n<figure class=\"wp-block-image size-large\"><img data-recalc-dims=\"1\" loading=\"lazy\" decoding=\"async\" width=\"800\" height=\"585\" data-attachment-id=\"13209\" data-permalink=\"https:\/\/www.atelier-reklama.sk\/blog\/moj-krekacsky-kroj-a-jeho-prekreslene-vzory-spolu\/16baa-zastera-jalsovik-pol-20-stor-plnym-stehom-vysila-anna-ocenasova-rod-bartikova-1930-2013\/\" data-orig-file=\"https:\/\/i0.wp.com\/www.atelier-reklama.sk\/blog\/wp-content\/uploads\/2023\/03\/16BAA.-Z%C3%A1stera-Jal%C5%A1ov%C3%ADk-pol.-20.-stor.-pln%C3%BDm-stehom-vy%C5%A1ila-Anna-O%C4%8Den%C3%A1%C5%A1ov%C3%A1-rod.-Bartikov%C3%A1-1930-2013-scaled.jpg?fit=2560%2C1873&amp;ssl=1\" data-orig-size=\"2560,1873\" data-comments-opened=\"1\" data-image-meta=\"{&quot;aperture&quot;:&quot;2&quot;,&quot;credit&quot;:&quot;&quot;,&quot;camera&quot;:&quot;SM-A125F&quot;,&quot;caption&quot;:&quot;&quot;,&quot;created_timestamp&quot;:&quot;1679044512&quot;,&quot;copyright&quot;:&quot;&quot;,&quot;focal_length&quot;:&quot;4.6&quot;,&quot;iso&quot;:&quot;320&quot;,&quot;shutter_speed&quot;:&quot;0.04&quot;,&quot;title&quot;:&quot;&quot;,&quot;orientation&quot;:&quot;1&quot;}\" data-image-title=\"16BAA.-Z\u00e1stera-Jal\u0161ov\u00edk-pol.-20.-stor.-pln\u00fdm-stehom-vy\u0161ila-Anna-O\u010den\u00e1\u0161ov\u00e1-rod.-Bartikov\u00e1-1930-2013\" data-image-description=\"\" data-image-caption=\"\" data-medium-file=\"https:\/\/i0.wp.com\/www.atelier-reklama.sk\/blog\/wp-content\/uploads\/2023\/03\/16BAA.-Z%C3%A1stera-Jal%C5%A1ov%C3%ADk-pol.-20.-stor.-pln%C3%BDm-stehom-vy%C5%A1ila-Anna-O%C4%8Den%C3%A1%C5%A1ov%C3%A1-rod.-Bartikov%C3%A1-1930-2013-scaled.jpg?fit=300%2C220&amp;ssl=1\" data-large-file=\"https:\/\/i0.wp.com\/www.atelier-reklama.sk\/blog\/wp-content\/uploads\/2023\/03\/16BAA.-Z%C3%A1stera-Jal%C5%A1ov%C3%ADk-pol.-20.-stor.-pln%C3%BDm-stehom-vy%C5%A1ila-Anna-O%C4%8Den%C3%A1%C5%A1ov%C3%A1-rod.-Bartikov%C3%A1-1930-2013-scaled.jpg?fit=800%2C585&amp;ssl=1\" src=\"https:\/\/i0.wp.com\/www.atelier-reklama.sk\/blog\/wp-content\/uploads\/2023\/03\/16BAA.-Z%C3%A1stera-Jal%C5%A1ov%C3%ADk-pol.-20.-stor.-pln%C3%BDm-stehom-vy%C5%A1ila-Anna-O%C4%8Den%C3%A1%C5%A1ov%C3%A1-rod.-Bartikov%C3%A1-1930-2013.jpg?resize=800%2C585&#038;ssl=1\" alt=\"\" class=\"wp-image-13209\" srcset=\"https:\/\/i0.wp.com\/www.atelier-reklama.sk\/blog\/wp-content\/uploads\/2023\/03\/16BAA.-Z%C3%A1stera-Jal%C5%A1ov%C3%ADk-pol.-20.-stor.-pln%C3%BDm-stehom-vy%C5%A1ila-Anna-O%C4%8Den%C3%A1%C5%A1ov%C3%A1-rod.-Bartikov%C3%A1-1930-2013-scaled.jpg?resize=1024%2C749&amp;ssl=1 1024w, https:\/\/i0.wp.com\/www.atelier-reklama.sk\/blog\/wp-content\/uploads\/2023\/03\/16BAA.-Z%C3%A1stera-Jal%C5%A1ov%C3%ADk-pol.-20.-stor.-pln%C3%BDm-stehom-vy%C5%A1ila-Anna-O%C4%8Den%C3%A1%C5%A1ov%C3%A1-rod.-Bartikov%C3%A1-1930-2013-scaled.jpg?resize=300%2C220&amp;ssl=1 300w, https:\/\/i0.wp.com\/www.atelier-reklama.sk\/blog\/wp-content\/uploads\/2023\/03\/16BAA.-Z%C3%A1stera-Jal%C5%A1ov%C3%ADk-pol.-20.-stor.-pln%C3%BDm-stehom-vy%C5%A1ila-Anna-O%C4%8Den%C3%A1%C5%A1ov%C3%A1-rod.-Bartikov%C3%A1-1930-2013-scaled.jpg?resize=768%2C562&amp;ssl=1 768w, https:\/\/i0.wp.com\/www.atelier-reklama.sk\/blog\/wp-content\/uploads\/2023\/03\/16BAA.-Z%C3%A1stera-Jal%C5%A1ov%C3%ADk-pol.-20.-stor.-pln%C3%BDm-stehom-vy%C5%A1ila-Anna-O%C4%8Den%C3%A1%C5%A1ov%C3%A1-rod.-Bartikov%C3%A1-1930-2013-scaled.jpg?resize=1536%2C1124&amp;ssl=1 1536w, https:\/\/i0.wp.com\/www.atelier-reklama.sk\/blog\/wp-content\/uploads\/2023\/03\/16BAA.-Z%C3%A1stera-Jal%C5%A1ov%C3%ADk-pol.-20.-stor.-pln%C3%BDm-stehom-vy%C5%A1ila-Anna-O%C4%8Den%C3%A1%C5%A1ov%C3%A1-rod.-Bartikov%C3%A1-1930-2013-scaled.jpg?resize=2048%2C1499&amp;ssl=1 2048w, https:\/\/i0.wp.com\/www.atelier-reklama.sk\/blog\/wp-content\/uploads\/2023\/03\/16BAA.-Z%C3%A1stera-Jal%C5%A1ov%C3%ADk-pol.-20.-stor.-pln%C3%BDm-stehom-vy%C5%A1ila-Anna-O%C4%8Den%C3%A1%C5%A1ov%C3%A1-rod.-Bartikov%C3%A1-1930-2013-scaled.jpg?w=1600&amp;ssl=1 1600w, https:\/\/i0.wp.com\/www.atelier-reklama.sk\/blog\/wp-content\/uploads\/2023\/03\/16BAA.-Z%C3%A1stera-Jal%C5%A1ov%C3%ADk-pol.-20.-stor.-pln%C3%BDm-stehom-vy%C5%A1ila-Anna-O%C4%8Den%C3%A1%C5%A1ov%C3%A1-rod.-Bartikov%C3%A1-1930-2013-scaled.jpg?w=2400&amp;ssl=1 2400w\" sizes=\"auto, (max-width: 800px) 100vw, 800px\" \/><\/figure>\n\n\n\n<figure class=\"wp-block-image size-large\"><img data-recalc-dims=\"1\" loading=\"lazy\" decoding=\"async\" width=\"800\" height=\"566\" data-attachment-id=\"13048\" data-permalink=\"https:\/\/www.atelier-reklama.sk\/blog\/moj-krekacsky-kroj-a-jeho-prekreslene-vzory-spolu\/16a-zastera-jalsovik-pol-20-stor-krizikmi-vysila-anna-ocenasova-rod-bartikova-1930-2013\/\" data-orig-file=\"https:\/\/i0.wp.com\/www.atelier-reklama.sk\/blog\/wp-content\/uploads\/2023\/03\/16A.-Z%C3%A1stera-Jal%C5%A1ov%C3%ADk-pol.-20.-stor.-kr%C3%AD%C5%BEikmi-vy%C5%A1ila-Anna-O%C4%8Den%C3%A1%C5%A1ov%C3%A1-rod.-Bartikov%C3%A1-1930-2013-scaled.jpg?fit=2560%2C1810&amp;ssl=1\" data-orig-size=\"2560,1810\" data-comments-opened=\"1\" data-image-meta=\"{&quot;aperture&quot;:&quot;0&quot;,&quot;credit&quot;:&quot;&quot;,&quot;camera&quot;:&quot;&quot;,&quot;caption&quot;:&quot;&quot;,&quot;created_timestamp&quot;:&quot;0&quot;,&quot;copyright&quot;:&quot;&quot;,&quot;focal_length&quot;:&quot;0&quot;,&quot;iso&quot;:&quot;0&quot;,&quot;shutter_speed&quot;:&quot;0&quot;,&quot;title&quot;:&quot;&quot;,&quot;orientation&quot;:&quot;0&quot;}\" data-image-title=\"16A.-Z\u00e1stera-Jal\u0161ov\u00edk-pol.-20.-stor.-kr\u00ed\u017eikmi-vy\u0161ila-Anna-O\u010den\u00e1\u0161ov\u00e1-rod.-Bartikov\u00e1-1930-2013\" data-image-description=\"\" data-image-caption=\"\" data-medium-file=\"https:\/\/i0.wp.com\/www.atelier-reklama.sk\/blog\/wp-content\/uploads\/2023\/03\/16A.-Z%C3%A1stera-Jal%C5%A1ov%C3%ADk-pol.-20.-stor.-kr%C3%AD%C5%BEikmi-vy%C5%A1ila-Anna-O%C4%8Den%C3%A1%C5%A1ov%C3%A1-rod.-Bartikov%C3%A1-1930-2013-scaled.jpg?fit=300%2C212&amp;ssl=1\" data-large-file=\"https:\/\/i0.wp.com\/www.atelier-reklama.sk\/blog\/wp-content\/uploads\/2023\/03\/16A.-Z%C3%A1stera-Jal%C5%A1ov%C3%ADk-pol.-20.-stor.-kr%C3%AD%C5%BEikmi-vy%C5%A1ila-Anna-O%C4%8Den%C3%A1%C5%A1ov%C3%A1-rod.-Bartikov%C3%A1-1930-2013-scaled.jpg?fit=800%2C566&amp;ssl=1\" src=\"https:\/\/i0.wp.com\/www.atelier-reklama.sk\/blog\/wp-content\/uploads\/2023\/03\/16A.-Z%C3%A1stera-Jal%C5%A1ov%C3%ADk-pol.-20.-stor.-kr%C3%AD%C5%BEikmi-vy%C5%A1ila-Anna-O%C4%8Den%C3%A1%C5%A1ov%C3%A1-rod.-Bartikov%C3%A1-1930-2013.jpg?resize=800%2C566&#038;ssl=1\" alt=\"\" class=\"wp-image-13048\" srcset=\"https:\/\/i0.wp.com\/www.atelier-reklama.sk\/blog\/wp-content\/uploads\/2023\/03\/16A.-Z%C3%A1stera-Jal%C5%A1ov%C3%ADk-pol.-20.-stor.-kr%C3%AD%C5%BEikmi-vy%C5%A1ila-Anna-O%C4%8Den%C3%A1%C5%A1ov%C3%A1-rod.-Bartikov%C3%A1-1930-2013-scaled.jpg?resize=1024%2C724&amp;ssl=1 1024w, https:\/\/i0.wp.com\/www.atelier-reklama.sk\/blog\/wp-content\/uploads\/2023\/03\/16A.-Z%C3%A1stera-Jal%C5%A1ov%C3%ADk-pol.-20.-stor.-kr%C3%AD%C5%BEikmi-vy%C5%A1ila-Anna-O%C4%8Den%C3%A1%C5%A1ov%C3%A1-rod.-Bartikov%C3%A1-1930-2013-scaled.jpg?resize=300%2C212&amp;ssl=1 300w, https:\/\/i0.wp.com\/www.atelier-reklama.sk\/blog\/wp-content\/uploads\/2023\/03\/16A.-Z%C3%A1stera-Jal%C5%A1ov%C3%ADk-pol.-20.-stor.-kr%C3%AD%C5%BEikmi-vy%C5%A1ila-Anna-O%C4%8Den%C3%A1%C5%A1ov%C3%A1-rod.-Bartikov%C3%A1-1930-2013-scaled.jpg?resize=768%2C543&amp;ssl=1 768w, https:\/\/i0.wp.com\/www.atelier-reklama.sk\/blog\/wp-content\/uploads\/2023\/03\/16A.-Z%C3%A1stera-Jal%C5%A1ov%C3%ADk-pol.-20.-stor.-kr%C3%AD%C5%BEikmi-vy%C5%A1ila-Anna-O%C4%8Den%C3%A1%C5%A1ov%C3%A1-rod.-Bartikov%C3%A1-1930-2013-scaled.jpg?resize=1536%2C1086&amp;ssl=1 1536w, https:\/\/i0.wp.com\/www.atelier-reklama.sk\/blog\/wp-content\/uploads\/2023\/03\/16A.-Z%C3%A1stera-Jal%C5%A1ov%C3%ADk-pol.-20.-stor.-kr%C3%AD%C5%BEikmi-vy%C5%A1ila-Anna-O%C4%8Den%C3%A1%C5%A1ov%C3%A1-rod.-Bartikov%C3%A1-1930-2013-scaled.jpg?resize=2048%2C1448&amp;ssl=1 2048w, https:\/\/i0.wp.com\/www.atelier-reklama.sk\/blog\/wp-content\/uploads\/2023\/03\/16A.-Z%C3%A1stera-Jal%C5%A1ov%C3%ADk-pol.-20.-stor.-kr%C3%AD%C5%BEikmi-vy%C5%A1ila-Anna-O%C4%8Den%C3%A1%C5%A1ov%C3%A1-rod.-Bartikov%C3%A1-1930-2013-scaled.jpg?w=1600&amp;ssl=1 1600w, https:\/\/i0.wp.com\/www.atelier-reklama.sk\/blog\/wp-content\/uploads\/2023\/03\/16A.-Z%C3%A1stera-Jal%C5%A1ov%C3%ADk-pol.-20.-stor.-kr%C3%AD%C5%BEikmi-vy%C5%A1ila-Anna-O%C4%8Den%C3%A1%C5%A1ov%C3%A1-rod.-Bartikov%C3%A1-1930-2013-scaled.jpg?w=2400&amp;ssl=1 2400w\" sizes=\"auto, (max-width: 800px) 100vw, 800px\" \/><\/figure>\n\n\n\n<figure class=\"wp-block-image size-large\"><img data-recalc-dims=\"1\" loading=\"lazy\" decoding=\"async\" width=\"800\" height=\"566\" data-attachment-id=\"13049\" data-permalink=\"https:\/\/www.atelier-reklama.sk\/blog\/moj-krekacsky-kroj-a-jeho-prekreslene-vzory-spolu\/16b-zastera-jalsovik-pol-20-stor-krizikmi-vysila-anna-ocenasova-rod-bartikova-1930-2013\/\" data-orig-file=\"https:\/\/i0.wp.com\/www.atelier-reklama.sk\/blog\/wp-content\/uploads\/2023\/03\/16B.-Z%C3%A1stera-Jal%C5%A1ov%C3%ADk-pol.-20.-stor.-kr%C3%AD%C5%BEikmi-vy%C5%A1ila-Anna-O%C4%8Den%C3%A1%C5%A1ov%C3%A1-rod.-Bartikov%C3%A1-1930-2013-scaled.jpg?fit=2560%2C1810&amp;ssl=1\" data-orig-size=\"2560,1810\" data-comments-opened=\"1\" data-image-meta=\"{&quot;aperture&quot;:&quot;0&quot;,&quot;credit&quot;:&quot;&quot;,&quot;camera&quot;:&quot;&quot;,&quot;caption&quot;:&quot;&quot;,&quot;created_timestamp&quot;:&quot;0&quot;,&quot;copyright&quot;:&quot;&quot;,&quot;focal_length&quot;:&quot;0&quot;,&quot;iso&quot;:&quot;0&quot;,&quot;shutter_speed&quot;:&quot;0&quot;,&quot;title&quot;:&quot;&quot;,&quot;orientation&quot;:&quot;0&quot;}\" data-image-title=\"16B.-Z\u00e1stera-Jal\u0161ov\u00edk-pol.-20.-stor.-kr\u00ed\u017eikmi-vy\u0161ila-Anna-O\u010den\u00e1\u0161ov\u00e1-rod.-Bartikov\u00e1-1930-2013\" data-image-description=\"\" data-image-caption=\"\" data-medium-file=\"https:\/\/i0.wp.com\/www.atelier-reklama.sk\/blog\/wp-content\/uploads\/2023\/03\/16B.-Z%C3%A1stera-Jal%C5%A1ov%C3%ADk-pol.-20.-stor.-kr%C3%AD%C5%BEikmi-vy%C5%A1ila-Anna-O%C4%8Den%C3%A1%C5%A1ov%C3%A1-rod.-Bartikov%C3%A1-1930-2013-scaled.jpg?fit=300%2C212&amp;ssl=1\" data-large-file=\"https:\/\/i0.wp.com\/www.atelier-reklama.sk\/blog\/wp-content\/uploads\/2023\/03\/16B.-Z%C3%A1stera-Jal%C5%A1ov%C3%ADk-pol.-20.-stor.-kr%C3%AD%C5%BEikmi-vy%C5%A1ila-Anna-O%C4%8Den%C3%A1%C5%A1ov%C3%A1-rod.-Bartikov%C3%A1-1930-2013-scaled.jpg?fit=800%2C566&amp;ssl=1\" src=\"https:\/\/i0.wp.com\/www.atelier-reklama.sk\/blog\/wp-content\/uploads\/2023\/03\/16B.-Z%C3%A1stera-Jal%C5%A1ov%C3%ADk-pol.-20.-stor.-kr%C3%AD%C5%BEikmi-vy%C5%A1ila-Anna-O%C4%8Den%C3%A1%C5%A1ov%C3%A1-rod.-Bartikov%C3%A1-1930-2013.jpg?resize=800%2C566&#038;ssl=1\" alt=\"\" class=\"wp-image-13049\" srcset=\"https:\/\/i0.wp.com\/www.atelier-reklama.sk\/blog\/wp-content\/uploads\/2023\/03\/16B.-Z%C3%A1stera-Jal%C5%A1ov%C3%ADk-pol.-20.-stor.-kr%C3%AD%C5%BEikmi-vy%C5%A1ila-Anna-O%C4%8Den%C3%A1%C5%A1ov%C3%A1-rod.-Bartikov%C3%A1-1930-2013-scaled.jpg?resize=1024%2C724&amp;ssl=1 1024w, https:\/\/i0.wp.com\/www.atelier-reklama.sk\/blog\/wp-content\/uploads\/2023\/03\/16B.-Z%C3%A1stera-Jal%C5%A1ov%C3%ADk-pol.-20.-stor.-kr%C3%AD%C5%BEikmi-vy%C5%A1ila-Anna-O%C4%8Den%C3%A1%C5%A1ov%C3%A1-rod.-Bartikov%C3%A1-1930-2013-scaled.jpg?resize=300%2C212&amp;ssl=1 300w, https:\/\/i0.wp.com\/www.atelier-reklama.sk\/blog\/wp-content\/uploads\/2023\/03\/16B.-Z%C3%A1stera-Jal%C5%A1ov%C3%ADk-pol.-20.-stor.-kr%C3%AD%C5%BEikmi-vy%C5%A1ila-Anna-O%C4%8Den%C3%A1%C5%A1ov%C3%A1-rod.-Bartikov%C3%A1-1930-2013-scaled.jpg?resize=768%2C543&amp;ssl=1 768w, https:\/\/i0.wp.com\/www.atelier-reklama.sk\/blog\/wp-content\/uploads\/2023\/03\/16B.-Z%C3%A1stera-Jal%C5%A1ov%C3%ADk-pol.-20.-stor.-kr%C3%AD%C5%BEikmi-vy%C5%A1ila-Anna-O%C4%8Den%C3%A1%C5%A1ov%C3%A1-rod.-Bartikov%C3%A1-1930-2013-scaled.jpg?resize=1536%2C1086&amp;ssl=1 1536w, https:\/\/i0.wp.com\/www.atelier-reklama.sk\/blog\/wp-content\/uploads\/2023\/03\/16B.-Z%C3%A1stera-Jal%C5%A1ov%C3%ADk-pol.-20.-stor.-kr%C3%AD%C5%BEikmi-vy%C5%A1ila-Anna-O%C4%8Den%C3%A1%C5%A1ov%C3%A1-rod.-Bartikov%C3%A1-1930-2013-scaled.jpg?resize=2048%2C1448&amp;ssl=1 2048w, https:\/\/i0.wp.com\/www.atelier-reklama.sk\/blog\/wp-content\/uploads\/2023\/03\/16B.-Z%C3%A1stera-Jal%C5%A1ov%C3%ADk-pol.-20.-stor.-kr%C3%AD%C5%BEikmi-vy%C5%A1ila-Anna-O%C4%8Den%C3%A1%C5%A1ov%C3%A1-rod.-Bartikov%C3%A1-1930-2013-scaled.jpg?w=1600&amp;ssl=1 1600w, https:\/\/i0.wp.com\/www.atelier-reklama.sk\/blog\/wp-content\/uploads\/2023\/03\/16B.-Z%C3%A1stera-Jal%C5%A1ov%C3%ADk-pol.-20.-stor.-kr%C3%AD%C5%BEikmi-vy%C5%A1ila-Anna-O%C4%8Den%C3%A1%C5%A1ov%C3%A1-rod.-Bartikov%C3%A1-1930-2013-scaled.jpg?w=2400&amp;ssl=1 2400w\" sizes=\"auto, (max-width: 800px) 100vw, 800px\" \/><\/figure>\n\n\n\n<figure class=\"wp-block-image size-large\"><img data-recalc-dims=\"1\" loading=\"lazy\" decoding=\"async\" width=\"800\" height=\"566\" data-attachment-id=\"13083\" data-permalink=\"https:\/\/www.atelier-reklama.sk\/blog\/moj-krekacsky-kroj-a-jeho-prekreslene-vzory-spolu\/16c-zastera-jalsovik-pol-20-stor-plnym-stehom-vysila-anna-ocenasova-rod-bartikova-1930-2013\/\" data-orig-file=\"https:\/\/i0.wp.com\/www.atelier-reklama.sk\/blog\/wp-content\/uploads\/2023\/03\/16C.-Z%C3%A1stera-Jal%C5%A1ov%C3%ADk-pol.-20.-stor.-pln%C3%BDm-stehom-vy%C5%A1ila-Anna-O%C4%8Den%C3%A1%C5%A1ov%C3%A1-rod.-Bartikov%C3%A1-1930-2013-scaled.jpg?fit=2560%2C1810&amp;ssl=1\" data-orig-size=\"2560,1810\" data-comments-opened=\"1\" data-image-meta=\"{&quot;aperture&quot;:&quot;0&quot;,&quot;credit&quot;:&quot;&quot;,&quot;camera&quot;:&quot;&quot;,&quot;caption&quot;:&quot;&quot;,&quot;created_timestamp&quot;:&quot;0&quot;,&quot;copyright&quot;:&quot;&quot;,&quot;focal_length&quot;:&quot;0&quot;,&quot;iso&quot;:&quot;0&quot;,&quot;shutter_speed&quot;:&quot;0&quot;,&quot;title&quot;:&quot;&quot;,&quot;orientation&quot;:&quot;0&quot;}\" data-image-title=\"16C.-Z\u00e1stera-Jal\u0161ov\u00edk-pol.-20.-stor.-pln\u00fdm-stehom-vy\u0161ila-Anna-O\u010den\u00e1\u0161ov\u00e1-rod.-Bartikov\u00e1-1930-2013\" data-image-description=\"\" data-image-caption=\"\" data-medium-file=\"https:\/\/i0.wp.com\/www.atelier-reklama.sk\/blog\/wp-content\/uploads\/2023\/03\/16C.-Z%C3%A1stera-Jal%C5%A1ov%C3%ADk-pol.-20.-stor.-pln%C3%BDm-stehom-vy%C5%A1ila-Anna-O%C4%8Den%C3%A1%C5%A1ov%C3%A1-rod.-Bartikov%C3%A1-1930-2013-scaled.jpg?fit=300%2C212&amp;ssl=1\" data-large-file=\"https:\/\/i0.wp.com\/www.atelier-reklama.sk\/blog\/wp-content\/uploads\/2023\/03\/16C.-Z%C3%A1stera-Jal%C5%A1ov%C3%ADk-pol.-20.-stor.-pln%C3%BDm-stehom-vy%C5%A1ila-Anna-O%C4%8Den%C3%A1%C5%A1ov%C3%A1-rod.-Bartikov%C3%A1-1930-2013-scaled.jpg?fit=800%2C566&amp;ssl=1\" src=\"https:\/\/i0.wp.com\/www.atelier-reklama.sk\/blog\/wp-content\/uploads\/2023\/03\/16C.-Z%C3%A1stera-Jal%C5%A1ov%C3%ADk-pol.-20.-stor.-pln%C3%BDm-stehom-vy%C5%A1ila-Anna-O%C4%8Den%C3%A1%C5%A1ov%C3%A1-rod.-Bartikov%C3%A1-1930-2013.jpg?resize=800%2C566&#038;ssl=1\" alt=\"\" class=\"wp-image-13083\" srcset=\"https:\/\/i0.wp.com\/www.atelier-reklama.sk\/blog\/wp-content\/uploads\/2023\/03\/16C.-Z%C3%A1stera-Jal%C5%A1ov%C3%ADk-pol.-20.-stor.-pln%C3%BDm-stehom-vy%C5%A1ila-Anna-O%C4%8Den%C3%A1%C5%A1ov%C3%A1-rod.-Bartikov%C3%A1-1930-2013-scaled.jpg?resize=1024%2C724&amp;ssl=1 1024w, https:\/\/i0.wp.com\/www.atelier-reklama.sk\/blog\/wp-content\/uploads\/2023\/03\/16C.-Z%C3%A1stera-Jal%C5%A1ov%C3%ADk-pol.-20.-stor.-pln%C3%BDm-stehom-vy%C5%A1ila-Anna-O%C4%8Den%C3%A1%C5%A1ov%C3%A1-rod.-Bartikov%C3%A1-1930-2013-scaled.jpg?resize=300%2C212&amp;ssl=1 300w, https:\/\/i0.wp.com\/www.atelier-reklama.sk\/blog\/wp-content\/uploads\/2023\/03\/16C.-Z%C3%A1stera-Jal%C5%A1ov%C3%ADk-pol.-20.-stor.-pln%C3%BDm-stehom-vy%C5%A1ila-Anna-O%C4%8Den%C3%A1%C5%A1ov%C3%A1-rod.-Bartikov%C3%A1-1930-2013-scaled.jpg?resize=768%2C543&amp;ssl=1 768w, https:\/\/i0.wp.com\/www.atelier-reklama.sk\/blog\/wp-content\/uploads\/2023\/03\/16C.-Z%C3%A1stera-Jal%C5%A1ov%C3%ADk-pol.-20.-stor.-pln%C3%BDm-stehom-vy%C5%A1ila-Anna-O%C4%8Den%C3%A1%C5%A1ov%C3%A1-rod.-Bartikov%C3%A1-1930-2013-scaled.jpg?resize=1536%2C1086&amp;ssl=1 1536w, https:\/\/i0.wp.com\/www.atelier-reklama.sk\/blog\/wp-content\/uploads\/2023\/03\/16C.-Z%C3%A1stera-Jal%C5%A1ov%C3%ADk-pol.-20.-stor.-pln%C3%BDm-stehom-vy%C5%A1ila-Anna-O%C4%8Den%C3%A1%C5%A1ov%C3%A1-rod.-Bartikov%C3%A1-1930-2013-scaled.jpg?resize=2048%2C1448&amp;ssl=1 2048w, https:\/\/i0.wp.com\/www.atelier-reklama.sk\/blog\/wp-content\/uploads\/2023\/03\/16C.-Z%C3%A1stera-Jal%C5%A1ov%C3%ADk-pol.-20.-stor.-pln%C3%BDm-stehom-vy%C5%A1ila-Anna-O%C4%8Den%C3%A1%C5%A1ov%C3%A1-rod.-Bartikov%C3%A1-1930-2013-scaled.jpg?w=1600&amp;ssl=1 1600w, https:\/\/i0.wp.com\/www.atelier-reklama.sk\/blog\/wp-content\/uploads\/2023\/03\/16C.-Z%C3%A1stera-Jal%C5%A1ov%C3%ADk-pol.-20.-stor.-pln%C3%BDm-stehom-vy%C5%A1ila-Anna-O%C4%8Den%C3%A1%C5%A1ov%C3%A1-rod.-Bartikov%C3%A1-1930-2013-scaled.jpg?w=2400&amp;ssl=1 2400w\" sizes=\"auto, (max-width: 800px) 100vw, 800px\" \/><\/figure>\n\n\n\n<p>9. Z\u00e1stera, Senohrad, druh\u00e1 pol. 20.stor. vy\u0161it\u00e9 krivou ihlou, p\u00f4vodn\u00fd vlastn\u00edk nezn\u00e1my<\/p>\n\n\n\n<figure class=\"wp-block-image size-large\"><img data-recalc-dims=\"1\" loading=\"lazy\" decoding=\"async\" width=\"800\" height=\"773\" data-attachment-id=\"13061\" data-permalink=\"https:\/\/www.atelier-reklama.sk\/blog\/moj-krekacsky-kroj-a-jeho-prekreslene-vzory-spolu\/19-zastera-senohrad-druha-pol-20-stor_-vysite-krivou-ihlou-povodny-vlastnik-neznamy\/\" data-orig-file=\"https:\/\/i0.wp.com\/www.atelier-reklama.sk\/blog\/wp-content\/uploads\/2023\/03\/19.-Z%C3%A1stera-Senohrad-druh%C3%A1-pol.-20.stor_.-vy%C5%A1it%C3%A9-krivou-ihlou-p%C3%B4vodn%C3%BD-vlastn%C3%ADk-nezn%C3%A1my-scaled.jpg?fit=2560%2C2474&amp;ssl=1\" data-orig-size=\"2560,2474\" data-comments-opened=\"1\" data-image-meta=\"{&quot;aperture&quot;:&quot;2&quot;,&quot;credit&quot;:&quot;&quot;,&quot;camera&quot;:&quot;SM-A125F&quot;,&quot;caption&quot;:&quot;&quot;,&quot;created_timestamp&quot;:&quot;1678876379&quot;,&quot;copyright&quot;:&quot;&quot;,&quot;focal_length&quot;:&quot;4.6&quot;,&quot;iso&quot;:&quot;250&quot;,&quot;shutter_speed&quot;:&quot;0.04&quot;,&quot;title&quot;:&quot;&quot;,&quot;orientation&quot;:&quot;1&quot;}\" data-image-title=\"19.-Z\u00e1stera-Senohrad-druh\u00e1-pol.-20.stor_.-vy\u0161it\u00e9-krivou-ihlou-p\u00f4vodn\u00fd-vlastn\u00edk-nezn\u00e1my\" data-image-description=\"\" data-image-caption=\"\" data-medium-file=\"https:\/\/i0.wp.com\/www.atelier-reklama.sk\/blog\/wp-content\/uploads\/2023\/03\/19.-Z%C3%A1stera-Senohrad-druh%C3%A1-pol.-20.stor_.-vy%C5%A1it%C3%A9-krivou-ihlou-p%C3%B4vodn%C3%BD-vlastn%C3%ADk-nezn%C3%A1my-scaled.jpg?fit=300%2C290&amp;ssl=1\" data-large-file=\"https:\/\/i0.wp.com\/www.atelier-reklama.sk\/blog\/wp-content\/uploads\/2023\/03\/19.-Z%C3%A1stera-Senohrad-druh%C3%A1-pol.-20.stor_.-vy%C5%A1it%C3%A9-krivou-ihlou-p%C3%B4vodn%C3%BD-vlastn%C3%ADk-nezn%C3%A1my-scaled.jpg?fit=800%2C773&amp;ssl=1\" src=\"https:\/\/i0.wp.com\/www.atelier-reklama.sk\/blog\/wp-content\/uploads\/2023\/03\/19.-Z%C3%A1stera-Senohrad-druh%C3%A1-pol.-20.stor_.-vy%C5%A1it%C3%A9-krivou-ihlou-p%C3%B4vodn%C3%BD-vlastn%C3%ADk-nezn%C3%A1my.jpg?resize=800%2C773&#038;ssl=1\" alt=\"\" class=\"wp-image-13061\" srcset=\"https:\/\/i0.wp.com\/www.atelier-reklama.sk\/blog\/wp-content\/uploads\/2023\/03\/19.-Z%C3%A1stera-Senohrad-druh%C3%A1-pol.-20.stor_.-vy%C5%A1it%C3%A9-krivou-ihlou-p%C3%B4vodn%C3%BD-vlastn%C3%ADk-nezn%C3%A1my-scaled.jpg?resize=1024%2C990&amp;ssl=1 1024w, https:\/\/i0.wp.com\/www.atelier-reklama.sk\/blog\/wp-content\/uploads\/2023\/03\/19.-Z%C3%A1stera-Senohrad-druh%C3%A1-pol.-20.stor_.-vy%C5%A1it%C3%A9-krivou-ihlou-p%C3%B4vodn%C3%BD-vlastn%C3%ADk-nezn%C3%A1my-scaled.jpg?resize=300%2C290&amp;ssl=1 300w, https:\/\/i0.wp.com\/www.atelier-reklama.sk\/blog\/wp-content\/uploads\/2023\/03\/19.-Z%C3%A1stera-Senohrad-druh%C3%A1-pol.-20.stor_.-vy%C5%A1it%C3%A9-krivou-ihlou-p%C3%B4vodn%C3%BD-vlastn%C3%ADk-nezn%C3%A1my-scaled.jpg?resize=768%2C742&amp;ssl=1 768w, https:\/\/i0.wp.com\/www.atelier-reklama.sk\/blog\/wp-content\/uploads\/2023\/03\/19.-Z%C3%A1stera-Senohrad-druh%C3%A1-pol.-20.stor_.-vy%C5%A1it%C3%A9-krivou-ihlou-p%C3%B4vodn%C3%BD-vlastn%C3%ADk-nezn%C3%A1my-scaled.jpg?resize=1536%2C1485&amp;ssl=1 1536w, https:\/\/i0.wp.com\/www.atelier-reklama.sk\/blog\/wp-content\/uploads\/2023\/03\/19.-Z%C3%A1stera-Senohrad-druh%C3%A1-pol.-20.stor_.-vy%C5%A1it%C3%A9-krivou-ihlou-p%C3%B4vodn%C3%BD-vlastn%C3%ADk-nezn%C3%A1my-scaled.jpg?resize=2048%2C1979&amp;ssl=1 2048w, https:\/\/i0.wp.com\/www.atelier-reklama.sk\/blog\/wp-content\/uploads\/2023\/03\/19.-Z%C3%A1stera-Senohrad-druh%C3%A1-pol.-20.stor_.-vy%C5%A1it%C3%A9-krivou-ihlou-p%C3%B4vodn%C3%BD-vlastn%C3%ADk-nezn%C3%A1my-scaled.jpg?w=1600&amp;ssl=1 1600w, https:\/\/i0.wp.com\/www.atelier-reklama.sk\/blog\/wp-content\/uploads\/2023\/03\/19.-Z%C3%A1stera-Senohrad-druh%C3%A1-pol.-20.stor_.-vy%C5%A1it%C3%A9-krivou-ihlou-p%C3%B4vodn%C3%BD-vlastn%C3%ADk-nezn%C3%A1my-scaled.jpg?w=2400&amp;ssl=1 2400w\" sizes=\"auto, (max-width: 800px) 100vw, 800px\" \/><\/figure>\n\n\n\n<figure class=\"wp-block-image size-large\"><img data-recalc-dims=\"1\" loading=\"lazy\" decoding=\"async\" width=\"800\" height=\"566\" data-attachment-id=\"13062\" data-permalink=\"https:\/\/www.atelier-reklama.sk\/blog\/moj-krekacsky-kroj-a-jeho-prekreslene-vzory-spolu\/19b-zastera-senohrad-druha-pol-20-stor_-vysite-krivou-ihlou-povodny-vlastnik-neznamy\/\" data-orig-file=\"https:\/\/i0.wp.com\/www.atelier-reklama.sk\/blog\/wp-content\/uploads\/2023\/03\/19B.-Z%C3%A1stera-Senohrad-druh%C3%A1-pol.-20.stor_.-vy%C5%A1it%C3%A9-krivou-ihlou-p%C3%B4vodn%C3%BD-vlastn%C3%ADk-nezn%C3%A1my-scaled.jpg?fit=2560%2C1810&amp;ssl=1\" data-orig-size=\"2560,1810\" data-comments-opened=\"1\" data-image-meta=\"{&quot;aperture&quot;:&quot;0&quot;,&quot;credit&quot;:&quot;&quot;,&quot;camera&quot;:&quot;&quot;,&quot;caption&quot;:&quot;&quot;,&quot;created_timestamp&quot;:&quot;0&quot;,&quot;copyright&quot;:&quot;&quot;,&quot;focal_length&quot;:&quot;0&quot;,&quot;iso&quot;:&quot;0&quot;,&quot;shutter_speed&quot;:&quot;0&quot;,&quot;title&quot;:&quot;&quot;,&quot;orientation&quot;:&quot;0&quot;}\" data-image-title=\"19B.-Z\u00e1stera-Senohrad-druh\u00e1-pol.-20.stor_.-vy\u0161it\u00e9-krivou-ihlou-p\u00f4vodn\u00fd-vlastn\u00edk-nezn\u00e1my\" data-image-description=\"\" data-image-caption=\"\" data-medium-file=\"https:\/\/i0.wp.com\/www.atelier-reklama.sk\/blog\/wp-content\/uploads\/2023\/03\/19B.-Z%C3%A1stera-Senohrad-druh%C3%A1-pol.-20.stor_.-vy%C5%A1it%C3%A9-krivou-ihlou-p%C3%B4vodn%C3%BD-vlastn%C3%ADk-nezn%C3%A1my-scaled.jpg?fit=300%2C212&amp;ssl=1\" data-large-file=\"https:\/\/i0.wp.com\/www.atelier-reklama.sk\/blog\/wp-content\/uploads\/2023\/03\/19B.-Z%C3%A1stera-Senohrad-druh%C3%A1-pol.-20.stor_.-vy%C5%A1it%C3%A9-krivou-ihlou-p%C3%B4vodn%C3%BD-vlastn%C3%ADk-nezn%C3%A1my-scaled.jpg?fit=800%2C566&amp;ssl=1\" src=\"https:\/\/i0.wp.com\/www.atelier-reklama.sk\/blog\/wp-content\/uploads\/2023\/03\/19B.-Z%C3%A1stera-Senohrad-druh%C3%A1-pol.-20.stor_.-vy%C5%A1it%C3%A9-krivou-ihlou-p%C3%B4vodn%C3%BD-vlastn%C3%ADk-nezn%C3%A1my.jpg?resize=800%2C566&#038;ssl=1\" alt=\"\" class=\"wp-image-13062\" srcset=\"https:\/\/i0.wp.com\/www.atelier-reklama.sk\/blog\/wp-content\/uploads\/2023\/03\/19B.-Z%C3%A1stera-Senohrad-druh%C3%A1-pol.-20.stor_.-vy%C5%A1it%C3%A9-krivou-ihlou-p%C3%B4vodn%C3%BD-vlastn%C3%ADk-nezn%C3%A1my-scaled.jpg?resize=1024%2C724&amp;ssl=1 1024w, https:\/\/i0.wp.com\/www.atelier-reklama.sk\/blog\/wp-content\/uploads\/2023\/03\/19B.-Z%C3%A1stera-Senohrad-druh%C3%A1-pol.-20.stor_.-vy%C5%A1it%C3%A9-krivou-ihlou-p%C3%B4vodn%C3%BD-vlastn%C3%ADk-nezn%C3%A1my-scaled.jpg?resize=300%2C212&amp;ssl=1 300w, https:\/\/i0.wp.com\/www.atelier-reklama.sk\/blog\/wp-content\/uploads\/2023\/03\/19B.-Z%C3%A1stera-Senohrad-druh%C3%A1-pol.-20.stor_.-vy%C5%A1it%C3%A9-krivou-ihlou-p%C3%B4vodn%C3%BD-vlastn%C3%ADk-nezn%C3%A1my-scaled.jpg?resize=768%2C543&amp;ssl=1 768w, https:\/\/i0.wp.com\/www.atelier-reklama.sk\/blog\/wp-content\/uploads\/2023\/03\/19B.-Z%C3%A1stera-Senohrad-druh%C3%A1-pol.-20.stor_.-vy%C5%A1it%C3%A9-krivou-ihlou-p%C3%B4vodn%C3%BD-vlastn%C3%ADk-nezn%C3%A1my-scaled.jpg?resize=1536%2C1086&amp;ssl=1 1536w, https:\/\/i0.wp.com\/www.atelier-reklama.sk\/blog\/wp-content\/uploads\/2023\/03\/19B.-Z%C3%A1stera-Senohrad-druh%C3%A1-pol.-20.stor_.-vy%C5%A1it%C3%A9-krivou-ihlou-p%C3%B4vodn%C3%BD-vlastn%C3%ADk-nezn%C3%A1my-scaled.jpg?resize=2048%2C1448&amp;ssl=1 2048w, https:\/\/i0.wp.com\/www.atelier-reklama.sk\/blog\/wp-content\/uploads\/2023\/03\/19B.-Z%C3%A1stera-Senohrad-druh%C3%A1-pol.-20.stor_.-vy%C5%A1it%C3%A9-krivou-ihlou-p%C3%B4vodn%C3%BD-vlastn%C3%ADk-nezn%C3%A1my-scaled.jpg?w=1600&amp;ssl=1 1600w, https:\/\/i0.wp.com\/www.atelier-reklama.sk\/blog\/wp-content\/uploads\/2023\/03\/19B.-Z%C3%A1stera-Senohrad-druh%C3%A1-pol.-20.stor_.-vy%C5%A1it%C3%A9-krivou-ihlou-p%C3%B4vodn%C3%BD-vlastn%C3%ADk-nezn%C3%A1my-scaled.jpg?w=2400&amp;ssl=1 2400w\" sizes=\"auto, (max-width: 800px) 100vw, 800px\" \/><\/figure>\n\n\n\n<figure class=\"wp-block-image size-large\"><img data-recalc-dims=\"1\" loading=\"lazy\" decoding=\"async\" width=\"800\" height=\"566\" data-attachment-id=\"13064\" data-permalink=\"https:\/\/www.atelier-reklama.sk\/blog\/moj-krekacsky-kroj-a-jeho-prekreslene-vzory-spolu\/19c-zastera-senohrad-druha-pol-20-stor_-vysite-krivou-ihlou-povodny-vlastnik-neznamy-1\/\" data-orig-file=\"https:\/\/i0.wp.com\/www.atelier-reklama.sk\/blog\/wp-content\/uploads\/2023\/03\/19C.-Z%C3%A1stera-Senohrad-druh%C3%A1-pol.-20.stor_.-vy%C5%A1it%C3%A9-krivou-ihlou-p%C3%B4vodn%C3%BD-vlastn%C3%ADk-nezn%C3%A1my-1-scaled.jpg?fit=2560%2C1810&amp;ssl=1\" data-orig-size=\"2560,1810\" data-comments-opened=\"1\" data-image-meta=\"{&quot;aperture&quot;:&quot;0&quot;,&quot;credit&quot;:&quot;&quot;,&quot;camera&quot;:&quot;&quot;,&quot;caption&quot;:&quot;&quot;,&quot;created_timestamp&quot;:&quot;1677928016&quot;,&quot;copyright&quot;:&quot;&quot;,&quot;focal_length&quot;:&quot;0&quot;,&quot;iso&quot;:&quot;0&quot;,&quot;shutter_speed&quot;:&quot;0&quot;,&quot;title&quot;:&quot;&quot;,&quot;orientation&quot;:&quot;1&quot;}\" data-image-title=\"19C.-Z\u00e1stera-Senohrad-druh\u00e1-pol.-20.stor_.-vy\u0161it\u00e9-krivou-ihlou-p\u00f4vodn\u00fd-vlastn\u00edk-nezn\u00e1my-1\" data-image-description=\"\" data-image-caption=\"\" data-medium-file=\"https:\/\/i0.wp.com\/www.atelier-reklama.sk\/blog\/wp-content\/uploads\/2023\/03\/19C.-Z%C3%A1stera-Senohrad-druh%C3%A1-pol.-20.stor_.-vy%C5%A1it%C3%A9-krivou-ihlou-p%C3%B4vodn%C3%BD-vlastn%C3%ADk-nezn%C3%A1my-1-scaled.jpg?fit=300%2C212&amp;ssl=1\" data-large-file=\"https:\/\/i0.wp.com\/www.atelier-reklama.sk\/blog\/wp-content\/uploads\/2023\/03\/19C.-Z%C3%A1stera-Senohrad-druh%C3%A1-pol.-20.stor_.-vy%C5%A1it%C3%A9-krivou-ihlou-p%C3%B4vodn%C3%BD-vlastn%C3%ADk-nezn%C3%A1my-1-scaled.jpg?fit=800%2C566&amp;ssl=1\" src=\"https:\/\/i0.wp.com\/www.atelier-reklama.sk\/blog\/wp-content\/uploads\/2023\/03\/19C.-Z%C3%A1stera-Senohrad-druh%C3%A1-pol.-20.stor_.-vy%C5%A1it%C3%A9-krivou-ihlou-p%C3%B4vodn%C3%BD-vlastn%C3%ADk-nezn%C3%A1my-1.jpg?resize=800%2C566&#038;ssl=1\" alt=\"\" class=\"wp-image-13064\" srcset=\"https:\/\/i0.wp.com\/www.atelier-reklama.sk\/blog\/wp-content\/uploads\/2023\/03\/19C.-Z%C3%A1stera-Senohrad-druh%C3%A1-pol.-20.stor_.-vy%C5%A1it%C3%A9-krivou-ihlou-p%C3%B4vodn%C3%BD-vlastn%C3%ADk-nezn%C3%A1my-1-scaled.jpg?resize=1024%2C724&amp;ssl=1 1024w, https:\/\/i0.wp.com\/www.atelier-reklama.sk\/blog\/wp-content\/uploads\/2023\/03\/19C.-Z%C3%A1stera-Senohrad-druh%C3%A1-pol.-20.stor_.-vy%C5%A1it%C3%A9-krivou-ihlou-p%C3%B4vodn%C3%BD-vlastn%C3%ADk-nezn%C3%A1my-1-scaled.jpg?resize=300%2C212&amp;ssl=1 300w, https:\/\/i0.wp.com\/www.atelier-reklama.sk\/blog\/wp-content\/uploads\/2023\/03\/19C.-Z%C3%A1stera-Senohrad-druh%C3%A1-pol.-20.stor_.-vy%C5%A1it%C3%A9-krivou-ihlou-p%C3%B4vodn%C3%BD-vlastn%C3%ADk-nezn%C3%A1my-1-scaled.jpg?resize=768%2C543&amp;ssl=1 768w, https:\/\/i0.wp.com\/www.atelier-reklama.sk\/blog\/wp-content\/uploads\/2023\/03\/19C.-Z%C3%A1stera-Senohrad-druh%C3%A1-pol.-20.stor_.-vy%C5%A1it%C3%A9-krivou-ihlou-p%C3%B4vodn%C3%BD-vlastn%C3%ADk-nezn%C3%A1my-1-scaled.jpg?resize=1536%2C1086&amp;ssl=1 1536w, https:\/\/i0.wp.com\/www.atelier-reklama.sk\/blog\/wp-content\/uploads\/2023\/03\/19C.-Z%C3%A1stera-Senohrad-druh%C3%A1-pol.-20.stor_.-vy%C5%A1it%C3%A9-krivou-ihlou-p%C3%B4vodn%C3%BD-vlastn%C3%ADk-nezn%C3%A1my-1-scaled.jpg?resize=2048%2C1448&amp;ssl=1 2048w, https:\/\/i0.wp.com\/www.atelier-reklama.sk\/blog\/wp-content\/uploads\/2023\/03\/19C.-Z%C3%A1stera-Senohrad-druh%C3%A1-pol.-20.stor_.-vy%C5%A1it%C3%A9-krivou-ihlou-p%C3%B4vodn%C3%BD-vlastn%C3%ADk-nezn%C3%A1my-1-scaled.jpg?w=1600&amp;ssl=1 1600w, https:\/\/i0.wp.com\/www.atelier-reklama.sk\/blog\/wp-content\/uploads\/2023\/03\/19C.-Z%C3%A1stera-Senohrad-druh%C3%A1-pol.-20.stor_.-vy%C5%A1it%C3%A9-krivou-ihlou-p%C3%B4vodn%C3%BD-vlastn%C3%ADk-nezn%C3%A1my-1-scaled.jpg?w=2400&amp;ssl=1 2400w\" sizes=\"auto, (max-width: 800px) 100vw, 800px\" \/><\/figure>\n\n\n\n<figure class=\"wp-block-image size-large\"><img data-recalc-dims=\"1\" loading=\"lazy\" decoding=\"async\" width=\"800\" height=\"605\" data-attachment-id=\"13072\" data-permalink=\"https:\/\/www.atelier-reklama.sk\/blog\/moj-krekacsky-kroj-a-jeho-prekreslene-vzory-spolu\/330644793_525319032983433_2286388050576457264_n\/\" data-orig-file=\"https:\/\/i0.wp.com\/www.atelier-reklama.sk\/blog\/wp-content\/uploads\/2023\/03\/330644793_525319032983433_2286388050576457264_n.jpg?fit=2048%2C1550&amp;ssl=1\" data-orig-size=\"2048,1550\" data-comments-opened=\"1\" data-image-meta=\"{&quot;aperture&quot;:&quot;0&quot;,&quot;credit&quot;:&quot;&quot;,&quot;camera&quot;:&quot;&quot;,&quot;caption&quot;:&quot;&quot;,&quot;created_timestamp&quot;:&quot;0&quot;,&quot;copyright&quot;:&quot;&quot;,&quot;focal_length&quot;:&quot;0&quot;,&quot;iso&quot;:&quot;0&quot;,&quot;shutter_speed&quot;:&quot;0&quot;,&quot;title&quot;:&quot;&quot;,&quot;orientation&quot;:&quot;0&quot;}\" data-image-title=\"330644793_525319032983433_2286388050576457264_n\" data-image-description=\"\" data-image-caption=\"\" data-medium-file=\"https:\/\/i0.wp.com\/www.atelier-reklama.sk\/blog\/wp-content\/uploads\/2023\/03\/330644793_525319032983433_2286388050576457264_n.jpg?fit=300%2C227&amp;ssl=1\" data-large-file=\"https:\/\/i0.wp.com\/www.atelier-reklama.sk\/blog\/wp-content\/uploads\/2023\/03\/330644793_525319032983433_2286388050576457264_n.jpg?fit=800%2C605&amp;ssl=1\" src=\"https:\/\/i0.wp.com\/www.atelier-reklama.sk\/blog\/wp-content\/uploads\/2023\/03\/330644793_525319032983433_2286388050576457264_n.jpg?resize=800%2C605&#038;ssl=1\" alt=\"\" class=\"wp-image-13072\" srcset=\"https:\/\/i0.wp.com\/www.atelier-reklama.sk\/blog\/wp-content\/uploads\/2023\/03\/330644793_525319032983433_2286388050576457264_n.jpg?resize=1024%2C775&amp;ssl=1 1024w, https:\/\/i0.wp.com\/www.atelier-reklama.sk\/blog\/wp-content\/uploads\/2023\/03\/330644793_525319032983433_2286388050576457264_n.jpg?resize=300%2C227&amp;ssl=1 300w, https:\/\/i0.wp.com\/www.atelier-reklama.sk\/blog\/wp-content\/uploads\/2023\/03\/330644793_525319032983433_2286388050576457264_n.jpg?resize=768%2C581&amp;ssl=1 768w, https:\/\/i0.wp.com\/www.atelier-reklama.sk\/blog\/wp-content\/uploads\/2023\/03\/330644793_525319032983433_2286388050576457264_n.jpg?resize=1536%2C1163&amp;ssl=1 1536w, https:\/\/i0.wp.com\/www.atelier-reklama.sk\/blog\/wp-content\/uploads\/2023\/03\/330644793_525319032983433_2286388050576457264_n.jpg?w=2048&amp;ssl=1 2048w, https:\/\/i0.wp.com\/www.atelier-reklama.sk\/blog\/wp-content\/uploads\/2023\/03\/330644793_525319032983433_2286388050576457264_n.jpg?w=1600&amp;ssl=1 1600w\" sizes=\"auto, (max-width: 800px) 100vw, 800px\" \/><\/figure>\n\n\n\n<p>10. Z\u00e1stera, Litava, pol. 20.stor. vy\u0161it\u00e9 krivou ihlou, p\u00f4vodn\u00fd vlastn\u00edk nezn\u00e1my<\/p>\n\n\n\n<figure class=\"wp-block-image size-large\"><img data-recalc-dims=\"1\" loading=\"lazy\" decoding=\"async\" width=\"800\" height=\"792\" data-attachment-id=\"13066\" data-permalink=\"https:\/\/www.atelier-reklama.sk\/blog\/moj-krekacsky-kroj-a-jeho-prekreslene-vzory-spolu\/20-zastera-litava-pol-20-stor_-vysite-krivou-ihlou-povodny-vlastnik-neznamy\/\" data-orig-file=\"https:\/\/i0.wp.com\/www.atelier-reklama.sk\/blog\/wp-content\/uploads\/2023\/03\/20.-Z%C3%A1stera-Litava-pol.-20.stor_.-vy%C5%A1it%C3%A9-krivou-ihlou-p%C3%B4vodn%C3%BD-vlastn%C3%ADk-nezn%C3%A1my-scaled.jpg?fit=2560%2C2535&amp;ssl=1\" data-orig-size=\"2560,2535\" data-comments-opened=\"1\" data-image-meta=\"{&quot;aperture&quot;:&quot;2&quot;,&quot;credit&quot;:&quot;&quot;,&quot;camera&quot;:&quot;SM-A125F&quot;,&quot;caption&quot;:&quot;&quot;,&quot;created_timestamp&quot;:&quot;1678877420&quot;,&quot;copyright&quot;:&quot;&quot;,&quot;focal_length&quot;:&quot;4.6&quot;,&quot;iso&quot;:&quot;200&quot;,&quot;shutter_speed&quot;:&quot;0.04&quot;,&quot;title&quot;:&quot;&quot;,&quot;orientation&quot;:&quot;1&quot;}\" data-image-title=\"20.-Z\u00e1stera-Litava-pol.-20.stor_.-vy\u0161it\u00e9-krivou-ihlou-p\u00f4vodn\u00fd-vlastn\u00edk-nezn\u00e1my\" data-image-description=\"\" data-image-caption=\"\" data-medium-file=\"https:\/\/i0.wp.com\/www.atelier-reklama.sk\/blog\/wp-content\/uploads\/2023\/03\/20.-Z%C3%A1stera-Litava-pol.-20.stor_.-vy%C5%A1it%C3%A9-krivou-ihlou-p%C3%B4vodn%C3%BD-vlastn%C3%ADk-nezn%C3%A1my-scaled.jpg?fit=300%2C297&amp;ssl=1\" data-large-file=\"https:\/\/i0.wp.com\/www.atelier-reklama.sk\/blog\/wp-content\/uploads\/2023\/03\/20.-Z%C3%A1stera-Litava-pol.-20.stor_.-vy%C5%A1it%C3%A9-krivou-ihlou-p%C3%B4vodn%C3%BD-vlastn%C3%ADk-nezn%C3%A1my-scaled.jpg?fit=800%2C792&amp;ssl=1\" src=\"https:\/\/i0.wp.com\/www.atelier-reklama.sk\/blog\/wp-content\/uploads\/2023\/03\/20.-Z%C3%A1stera-Litava-pol.-20.stor_.-vy%C5%A1it%C3%A9-krivou-ihlou-p%C3%B4vodn%C3%BD-vlastn%C3%ADk-nezn%C3%A1my.jpg?resize=800%2C792&#038;ssl=1\" alt=\"\" class=\"wp-image-13066\" srcset=\"https:\/\/i0.wp.com\/www.atelier-reklama.sk\/blog\/wp-content\/uploads\/2023\/03\/20.-Z%C3%A1stera-Litava-pol.-20.stor_.-vy%C5%A1it%C3%A9-krivou-ihlou-p%C3%B4vodn%C3%BD-vlastn%C3%ADk-nezn%C3%A1my-scaled.jpg?resize=1024%2C1014&amp;ssl=1 1024w, https:\/\/i0.wp.com\/www.atelier-reklama.sk\/blog\/wp-content\/uploads\/2023\/03\/20.-Z%C3%A1stera-Litava-pol.-20.stor_.-vy%C5%A1it%C3%A9-krivou-ihlou-p%C3%B4vodn%C3%BD-vlastn%C3%ADk-nezn%C3%A1my-scaled.jpg?resize=300%2C297&amp;ssl=1 300w, https:\/\/i0.wp.com\/www.atelier-reklama.sk\/blog\/wp-content\/uploads\/2023\/03\/20.-Z%C3%A1stera-Litava-pol.-20.stor_.-vy%C5%A1it%C3%A9-krivou-ihlou-p%C3%B4vodn%C3%BD-vlastn%C3%ADk-nezn%C3%A1my-scaled.jpg?resize=150%2C150&amp;ssl=1 150w, https:\/\/i0.wp.com\/www.atelier-reklama.sk\/blog\/wp-content\/uploads\/2023\/03\/20.-Z%C3%A1stera-Litava-pol.-20.stor_.-vy%C5%A1it%C3%A9-krivou-ihlou-p%C3%B4vodn%C3%BD-vlastn%C3%ADk-nezn%C3%A1my-scaled.jpg?resize=768%2C761&amp;ssl=1 768w, https:\/\/i0.wp.com\/www.atelier-reklama.sk\/blog\/wp-content\/uploads\/2023\/03\/20.-Z%C3%A1stera-Litava-pol.-20.stor_.-vy%C5%A1it%C3%A9-krivou-ihlou-p%C3%B4vodn%C3%BD-vlastn%C3%ADk-nezn%C3%A1my-scaled.jpg?resize=1536%2C1521&amp;ssl=1 1536w, https:\/\/i0.wp.com\/www.atelier-reklama.sk\/blog\/wp-content\/uploads\/2023\/03\/20.-Z%C3%A1stera-Litava-pol.-20.stor_.-vy%C5%A1it%C3%A9-krivou-ihlou-p%C3%B4vodn%C3%BD-vlastn%C3%ADk-nezn%C3%A1my-scaled.jpg?resize=2048%2C2028&amp;ssl=1 2048w, https:\/\/i0.wp.com\/www.atelier-reklama.sk\/blog\/wp-content\/uploads\/2023\/03\/20.-Z%C3%A1stera-Litava-pol.-20.stor_.-vy%C5%A1it%C3%A9-krivou-ihlou-p%C3%B4vodn%C3%BD-vlastn%C3%ADk-nezn%C3%A1my-scaled.jpg?w=1600&amp;ssl=1 1600w, https:\/\/i0.wp.com\/www.atelier-reklama.sk\/blog\/wp-content\/uploads\/2023\/03\/20.-Z%C3%A1stera-Litava-pol.-20.stor_.-vy%C5%A1it%C3%A9-krivou-ihlou-p%C3%B4vodn%C3%BD-vlastn%C3%ADk-nezn%C3%A1my-scaled.jpg?w=2400&amp;ssl=1 2400w\" sizes=\"auto, (max-width: 800px) 100vw, 800px\" \/><\/figure>\n\n\n\n<figure class=\"wp-block-image size-large\"><img data-recalc-dims=\"1\" loading=\"lazy\" decoding=\"async\" width=\"800\" height=\"465\" data-attachment-id=\"13067\" data-permalink=\"https:\/\/www.atelier-reklama.sk\/blog\/moj-krekacsky-kroj-a-jeho-prekreslene-vzory-spolu\/20c-zastera-litava-pol-20-stor_-vysite-krivou-ihlou-povodny-vlastnik-neznamy\/\" data-orig-file=\"https:\/\/i0.wp.com\/www.atelier-reklama.sk\/blog\/wp-content\/uploads\/2023\/03\/20C.-Z%C3%A1stera-Litava-pol.-20.stor_.-vy%C5%A1it%C3%A9-krivou-ihlou-p%C3%B4vodn%C3%BD-vlastn%C3%ADk-nezn%C3%A1my-scaled.jpg?fit=2560%2C1486&amp;ssl=1\" data-orig-size=\"2560,1486\" data-comments-opened=\"1\" data-image-meta=\"{&quot;aperture&quot;:&quot;2&quot;,&quot;credit&quot;:&quot;&quot;,&quot;camera&quot;:&quot;SM-A125F&quot;,&quot;caption&quot;:&quot;&quot;,&quot;created_timestamp&quot;:&quot;1678877472&quot;,&quot;copyright&quot;:&quot;&quot;,&quot;focal_length&quot;:&quot;4.6&quot;,&quot;iso&quot;:&quot;500&quot;,&quot;shutter_speed&quot;:&quot;0.04&quot;,&quot;title&quot;:&quot;&quot;,&quot;orientation&quot;:&quot;1&quot;}\" data-image-title=\"20C.-Z\u00e1stera-Litava-pol.-20.stor_.-vy\u0161it\u00e9-krivou-ihlou-p\u00f4vodn\u00fd-vlastn\u00edk-nezn\u00e1my\" data-image-description=\"\" data-image-caption=\"\" data-medium-file=\"https:\/\/i0.wp.com\/www.atelier-reklama.sk\/blog\/wp-content\/uploads\/2023\/03\/20C.-Z%C3%A1stera-Litava-pol.-20.stor_.-vy%C5%A1it%C3%A9-krivou-ihlou-p%C3%B4vodn%C3%BD-vlastn%C3%ADk-nezn%C3%A1my-scaled.jpg?fit=300%2C174&amp;ssl=1\" data-large-file=\"https:\/\/i0.wp.com\/www.atelier-reklama.sk\/blog\/wp-content\/uploads\/2023\/03\/20C.-Z%C3%A1stera-Litava-pol.-20.stor_.-vy%C5%A1it%C3%A9-krivou-ihlou-p%C3%B4vodn%C3%BD-vlastn%C3%ADk-nezn%C3%A1my-scaled.jpg?fit=800%2C465&amp;ssl=1\" src=\"https:\/\/i0.wp.com\/www.atelier-reklama.sk\/blog\/wp-content\/uploads\/2023\/03\/20C.-Z%C3%A1stera-Litava-pol.-20.stor_.-vy%C5%A1it%C3%A9-krivou-ihlou-p%C3%B4vodn%C3%BD-vlastn%C3%ADk-nezn%C3%A1my.jpg?resize=800%2C465&#038;ssl=1\" alt=\"\" class=\"wp-image-13067\" srcset=\"https:\/\/i0.wp.com\/www.atelier-reklama.sk\/blog\/wp-content\/uploads\/2023\/03\/20C.-Z%C3%A1stera-Litava-pol.-20.stor_.-vy%C5%A1it%C3%A9-krivou-ihlou-p%C3%B4vodn%C3%BD-vlastn%C3%ADk-nezn%C3%A1my-scaled.jpg?resize=1024%2C595&amp;ssl=1 1024w, https:\/\/i0.wp.com\/www.atelier-reklama.sk\/blog\/wp-content\/uploads\/2023\/03\/20C.-Z%C3%A1stera-Litava-pol.-20.stor_.-vy%C5%A1it%C3%A9-krivou-ihlou-p%C3%B4vodn%C3%BD-vlastn%C3%ADk-nezn%C3%A1my-scaled.jpg?resize=300%2C174&amp;ssl=1 300w, https:\/\/i0.wp.com\/www.atelier-reklama.sk\/blog\/wp-content\/uploads\/2023\/03\/20C.-Z%C3%A1stera-Litava-pol.-20.stor_.-vy%C5%A1it%C3%A9-krivou-ihlou-p%C3%B4vodn%C3%BD-vlastn%C3%ADk-nezn%C3%A1my-scaled.jpg?resize=768%2C446&amp;ssl=1 768w, https:\/\/i0.wp.com\/www.atelier-reklama.sk\/blog\/wp-content\/uploads\/2023\/03\/20C.-Z%C3%A1stera-Litava-pol.-20.stor_.-vy%C5%A1it%C3%A9-krivou-ihlou-p%C3%B4vodn%C3%BD-vlastn%C3%ADk-nezn%C3%A1my-scaled.jpg?resize=1536%2C892&amp;ssl=1 1536w, https:\/\/i0.wp.com\/www.atelier-reklama.sk\/blog\/wp-content\/uploads\/2023\/03\/20C.-Z%C3%A1stera-Litava-pol.-20.stor_.-vy%C5%A1it%C3%A9-krivou-ihlou-p%C3%B4vodn%C3%BD-vlastn%C3%ADk-nezn%C3%A1my-scaled.jpg?resize=2048%2C1189&amp;ssl=1 2048w, https:\/\/i0.wp.com\/www.atelier-reklama.sk\/blog\/wp-content\/uploads\/2023\/03\/20C.-Z%C3%A1stera-Litava-pol.-20.stor_.-vy%C5%A1it%C3%A9-krivou-ihlou-p%C3%B4vodn%C3%BD-vlastn%C3%ADk-nezn%C3%A1my-scaled.jpg?w=1600&amp;ssl=1 1600w, https:\/\/i0.wp.com\/www.atelier-reklama.sk\/blog\/wp-content\/uploads\/2023\/03\/20C.-Z%C3%A1stera-Litava-pol.-20.stor_.-vy%C5%A1it%C3%A9-krivou-ihlou-p%C3%B4vodn%C3%BD-vlastn%C3%ADk-nezn%C3%A1my-scaled.jpg?w=2400&amp;ssl=1 2400w\" sizes=\"auto, (max-width: 800px) 100vw, 800px\" \/><\/figure>\n\n\n\n<figure class=\"wp-block-image size-large\"><img data-recalc-dims=\"1\" loading=\"lazy\" decoding=\"async\" width=\"800\" height=\"566\" data-attachment-id=\"13219\" data-permalink=\"https:\/\/www.atelier-reklama.sk\/blog\/moj-krekacsky-kroj-a-jeho-prekreslene-vzory-spolu\/20a-zastera-litava-pol-20-stor_-vysite-krivou-ihlou-povodny-vlastnik-neznamy-2\/\" data-orig-file=\"https:\/\/i0.wp.com\/www.atelier-reklama.sk\/blog\/wp-content\/uploads\/2023\/03\/20A.-Z%C3%A1stera-Litava-pol.-20.stor_.-vy%C5%A1it%C3%A9-krivou-ihlou-p%C3%B4vodn%C3%BD-vlastn%C3%ADk-nezn%C3%A1my-2-scaled.jpg?fit=2560%2C1810&amp;ssl=1\" data-orig-size=\"2560,1810\" data-comments-opened=\"1\" data-image-meta=\"{&quot;aperture&quot;:&quot;0&quot;,&quot;credit&quot;:&quot;&quot;,&quot;camera&quot;:&quot;&quot;,&quot;caption&quot;:&quot;&quot;,&quot;created_timestamp&quot;:&quot;0&quot;,&quot;copyright&quot;:&quot;&quot;,&quot;focal_length&quot;:&quot;0&quot;,&quot;iso&quot;:&quot;0&quot;,&quot;shutter_speed&quot;:&quot;0&quot;,&quot;title&quot;:&quot;&quot;,&quot;orientation&quot;:&quot;1&quot;}\" data-image-title=\"20A.-Z\u00e1stera-Litava-pol.-20.stor_.-vy\u0161it\u00e9-krivou-ihlou-p\u00f4vodn\u00fd-vlastn\u00edk-nezn\u00e1my-2\" data-image-description=\"\" data-image-caption=\"\" data-medium-file=\"https:\/\/i0.wp.com\/www.atelier-reklama.sk\/blog\/wp-content\/uploads\/2023\/03\/20A.-Z%C3%A1stera-Litava-pol.-20.stor_.-vy%C5%A1it%C3%A9-krivou-ihlou-p%C3%B4vodn%C3%BD-vlastn%C3%ADk-nezn%C3%A1my-2-scaled.jpg?fit=300%2C212&amp;ssl=1\" data-large-file=\"https:\/\/i0.wp.com\/www.atelier-reklama.sk\/blog\/wp-content\/uploads\/2023\/03\/20A.-Z%C3%A1stera-Litava-pol.-20.stor_.-vy%C5%A1it%C3%A9-krivou-ihlou-p%C3%B4vodn%C3%BD-vlastn%C3%ADk-nezn%C3%A1my-2-scaled.jpg?fit=800%2C566&amp;ssl=1\" src=\"https:\/\/i0.wp.com\/www.atelier-reklama.sk\/blog\/wp-content\/uploads\/2023\/03\/20A.-Z%C3%A1stera-Litava-pol.-20.stor_.-vy%C5%A1it%C3%A9-krivou-ihlou-p%C3%B4vodn%C3%BD-vlastn%C3%ADk-nezn%C3%A1my-2.jpg?resize=800%2C566&#038;ssl=1\" alt=\"\" class=\"wp-image-13219\" srcset=\"https:\/\/i0.wp.com\/www.atelier-reklama.sk\/blog\/wp-content\/uploads\/2023\/03\/20A.-Z%C3%A1stera-Litava-pol.-20.stor_.-vy%C5%A1it%C3%A9-krivou-ihlou-p%C3%B4vodn%C3%BD-vlastn%C3%ADk-nezn%C3%A1my-2-scaled.jpg?resize=1024%2C724&amp;ssl=1 1024w, https:\/\/i0.wp.com\/www.atelier-reklama.sk\/blog\/wp-content\/uploads\/2023\/03\/20A.-Z%C3%A1stera-Litava-pol.-20.stor_.-vy%C5%A1it%C3%A9-krivou-ihlou-p%C3%B4vodn%C3%BD-vlastn%C3%ADk-nezn%C3%A1my-2-scaled.jpg?resize=300%2C212&amp;ssl=1 300w, https:\/\/i0.wp.com\/www.atelier-reklama.sk\/blog\/wp-content\/uploads\/2023\/03\/20A.-Z%C3%A1stera-Litava-pol.-20.stor_.-vy%C5%A1it%C3%A9-krivou-ihlou-p%C3%B4vodn%C3%BD-vlastn%C3%ADk-nezn%C3%A1my-2-scaled.jpg?resize=768%2C543&amp;ssl=1 768w, https:\/\/i0.wp.com\/www.atelier-reklama.sk\/blog\/wp-content\/uploads\/2023\/03\/20A.-Z%C3%A1stera-Litava-pol.-20.stor_.-vy%C5%A1it%C3%A9-krivou-ihlou-p%C3%B4vodn%C3%BD-vlastn%C3%ADk-nezn%C3%A1my-2-scaled.jpg?resize=1536%2C1086&amp;ssl=1 1536w, https:\/\/i0.wp.com\/www.atelier-reklama.sk\/blog\/wp-content\/uploads\/2023\/03\/20A.-Z%C3%A1stera-Litava-pol.-20.stor_.-vy%C5%A1it%C3%A9-krivou-ihlou-p%C3%B4vodn%C3%BD-vlastn%C3%ADk-nezn%C3%A1my-2-scaled.jpg?resize=2048%2C1448&amp;ssl=1 2048w, https:\/\/i0.wp.com\/www.atelier-reklama.sk\/blog\/wp-content\/uploads\/2023\/03\/20A.-Z%C3%A1stera-Litava-pol.-20.stor_.-vy%C5%A1it%C3%A9-krivou-ihlou-p%C3%B4vodn%C3%BD-vlastn%C3%ADk-nezn%C3%A1my-2-scaled.jpg?w=1600&amp;ssl=1 1600w, https:\/\/i0.wp.com\/www.atelier-reklama.sk\/blog\/wp-content\/uploads\/2023\/03\/20A.-Z%C3%A1stera-Litava-pol.-20.stor_.-vy%C5%A1it%C3%A9-krivou-ihlou-p%C3%B4vodn%C3%BD-vlastn%C3%ADk-nezn%C3%A1my-2-scaled.jpg?w=2400&amp;ssl=1 2400w\" sizes=\"auto, (max-width: 800px) 100vw, 800px\" \/><\/figure>\n\n\n\n<figure class=\"wp-block-image size-large\"><img data-recalc-dims=\"1\" loading=\"lazy\" decoding=\"async\" width=\"800\" height=\"420\" data-attachment-id=\"13069\" data-permalink=\"https:\/\/www.atelier-reklama.sk\/blog\/moj-krekacsky-kroj-a-jeho-prekreslene-vzory-spolu\/20e-zastera-litava-pol-20-stor_-vysite-krivou-ihlou-povodny-vlastnik-neznamy\/\" data-orig-file=\"https:\/\/i0.wp.com\/www.atelier-reklama.sk\/blog\/wp-content\/uploads\/2023\/03\/20E.-Z%C3%A1stera-Litava-pol.-20.stor_.-vy%C5%A1it%C3%A9-krivou-ihlou-p%C3%B4vodn%C3%BD-vlastn%C3%ADk-nezn%C3%A1my-scaled.jpg?fit=2560%2C1345&amp;ssl=1\" data-orig-size=\"2560,1345\" data-comments-opened=\"1\" data-image-meta=\"{&quot;aperture&quot;:&quot;2&quot;,&quot;credit&quot;:&quot;&quot;,&quot;camera&quot;:&quot;SM-A125F&quot;,&quot;caption&quot;:&quot;&quot;,&quot;created_timestamp&quot;:&quot;1678877508&quot;,&quot;copyright&quot;:&quot;&quot;,&quot;focal_length&quot;:&quot;4.6&quot;,&quot;iso&quot;:&quot;400&quot;,&quot;shutter_speed&quot;:&quot;0.04&quot;,&quot;title&quot;:&quot;&quot;,&quot;orientation&quot;:&quot;1&quot;}\" data-image-title=\"20E.-Z\u00e1stera-Litava-pol.-20.stor_.-vy\u0161it\u00e9-krivou-ihlou-p\u00f4vodn\u00fd-vlastn\u00edk-nezn\u00e1my\" data-image-description=\"\" data-image-caption=\"\" data-medium-file=\"https:\/\/i0.wp.com\/www.atelier-reklama.sk\/blog\/wp-content\/uploads\/2023\/03\/20E.-Z%C3%A1stera-Litava-pol.-20.stor_.-vy%C5%A1it%C3%A9-krivou-ihlou-p%C3%B4vodn%C3%BD-vlastn%C3%ADk-nezn%C3%A1my-scaled.jpg?fit=300%2C158&amp;ssl=1\" data-large-file=\"https:\/\/i0.wp.com\/www.atelier-reklama.sk\/blog\/wp-content\/uploads\/2023\/03\/20E.-Z%C3%A1stera-Litava-pol.-20.stor_.-vy%C5%A1it%C3%A9-krivou-ihlou-p%C3%B4vodn%C3%BD-vlastn%C3%ADk-nezn%C3%A1my-scaled.jpg?fit=800%2C420&amp;ssl=1\" src=\"https:\/\/i0.wp.com\/www.atelier-reklama.sk\/blog\/wp-content\/uploads\/2023\/03\/20E.-Z%C3%A1stera-Litava-pol.-20.stor_.-vy%C5%A1it%C3%A9-krivou-ihlou-p%C3%B4vodn%C3%BD-vlastn%C3%ADk-nezn%C3%A1my.jpg?resize=800%2C420&#038;ssl=1\" alt=\"\" class=\"wp-image-13069\" srcset=\"https:\/\/i0.wp.com\/www.atelier-reklama.sk\/blog\/wp-content\/uploads\/2023\/03\/20E.-Z%C3%A1stera-Litava-pol.-20.stor_.-vy%C5%A1it%C3%A9-krivou-ihlou-p%C3%B4vodn%C3%BD-vlastn%C3%ADk-nezn%C3%A1my-scaled.jpg?resize=1024%2C538&amp;ssl=1 1024w, https:\/\/i0.wp.com\/www.atelier-reklama.sk\/blog\/wp-content\/uploads\/2023\/03\/20E.-Z%C3%A1stera-Litava-pol.-20.stor_.-vy%C5%A1it%C3%A9-krivou-ihlou-p%C3%B4vodn%C3%BD-vlastn%C3%ADk-nezn%C3%A1my-scaled.jpg?resize=300%2C158&amp;ssl=1 300w, https:\/\/i0.wp.com\/www.atelier-reklama.sk\/blog\/wp-content\/uploads\/2023\/03\/20E.-Z%C3%A1stera-Litava-pol.-20.stor_.-vy%C5%A1it%C3%A9-krivou-ihlou-p%C3%B4vodn%C3%BD-vlastn%C3%ADk-nezn%C3%A1my-scaled.jpg?resize=768%2C404&amp;ssl=1 768w, https:\/\/i0.wp.com\/www.atelier-reklama.sk\/blog\/wp-content\/uploads\/2023\/03\/20E.-Z%C3%A1stera-Litava-pol.-20.stor_.-vy%C5%A1it%C3%A9-krivou-ihlou-p%C3%B4vodn%C3%BD-vlastn%C3%ADk-nezn%C3%A1my-scaled.jpg?resize=1536%2C807&amp;ssl=1 1536w, https:\/\/i0.wp.com\/www.atelier-reklama.sk\/blog\/wp-content\/uploads\/2023\/03\/20E.-Z%C3%A1stera-Litava-pol.-20.stor_.-vy%C5%A1it%C3%A9-krivou-ihlou-p%C3%B4vodn%C3%BD-vlastn%C3%ADk-nezn%C3%A1my-scaled.jpg?resize=2048%2C1076&amp;ssl=1 2048w, https:\/\/i0.wp.com\/www.atelier-reklama.sk\/blog\/wp-content\/uploads\/2023\/03\/20E.-Z%C3%A1stera-Litava-pol.-20.stor_.-vy%C5%A1it%C3%A9-krivou-ihlou-p%C3%B4vodn%C3%BD-vlastn%C3%ADk-nezn%C3%A1my-scaled.jpg?resize=390%2C205&amp;ssl=1 390w, https:\/\/i0.wp.com\/www.atelier-reklama.sk\/blog\/wp-content\/uploads\/2023\/03\/20E.-Z%C3%A1stera-Litava-pol.-20.stor_.-vy%C5%A1it%C3%A9-krivou-ihlou-p%C3%B4vodn%C3%BD-vlastn%C3%ADk-nezn%C3%A1my-scaled.jpg?w=1600&amp;ssl=1 1600w, https:\/\/i0.wp.com\/www.atelier-reklama.sk\/blog\/wp-content\/uploads\/2023\/03\/20E.-Z%C3%A1stera-Litava-pol.-20.stor_.-vy%C5%A1it%C3%A9-krivou-ihlou-p%C3%B4vodn%C3%BD-vlastn%C3%ADk-nezn%C3%A1my-scaled.jpg?w=2400&amp;ssl=1 2400w\" sizes=\"auto, (max-width: 800px) 100vw, 800px\" \/><\/figure>\n\n\n\n<p>Z\u00e1stera svadobn\u00e1, Senohrad, druh\u00e1 pol. 20.stor., p\u00f4vodn\u00fd vlastn\u00edk nezn\u00e1my<\/p>\n\n\n\n<figure class=\"wp-block-image size-large\"><img data-recalc-dims=\"1\" loading=\"lazy\" decoding=\"async\" width=\"800\" height=\"814\" data-attachment-id=\"13741\" data-permalink=\"https:\/\/www.atelier-reklama.sk\/blog\/moj-krekacsky-kroj-a-jeho-prekreslene-vzory-spolu\/zastera-senohrad-svadobna\/\" data-orig-file=\"https:\/\/i0.wp.com\/www.atelier-reklama.sk\/blog\/wp-content\/uploads\/2023\/04\/z%C3%A1stera-Senohrad-svadobna.-scaled.jpg?fit=2517%2C2560&amp;ssl=1\" data-orig-size=\"2517,2560\" data-comments-opened=\"1\" data-image-meta=\"{&quot;aperture&quot;:&quot;2&quot;,&quot;credit&quot;:&quot;&quot;,&quot;camera&quot;:&quot;SM-A125F&quot;,&quot;caption&quot;:&quot;&quot;,&quot;created_timestamp&quot;:&quot;1682154054&quot;,&quot;copyright&quot;:&quot;&quot;,&quot;focal_length&quot;:&quot;4.6&quot;,&quot;iso&quot;:&quot;200&quot;,&quot;shutter_speed&quot;:&quot;0.04&quot;,&quot;title&quot;:&quot;&quot;,&quot;orientation&quot;:&quot;1&quot;}\" data-image-title=\"z\u00e1stera-Senohrad-svadobna.\" data-image-description=\"\" data-image-caption=\"\" data-medium-file=\"https:\/\/i0.wp.com\/www.atelier-reklama.sk\/blog\/wp-content\/uploads\/2023\/04\/z%C3%A1stera-Senohrad-svadobna.-scaled.jpg?fit=295%2C300&amp;ssl=1\" data-large-file=\"https:\/\/i0.wp.com\/www.atelier-reklama.sk\/blog\/wp-content\/uploads\/2023\/04\/z%C3%A1stera-Senohrad-svadobna.-scaled.jpg?fit=800%2C814&amp;ssl=1\" src=\"https:\/\/i0.wp.com\/www.atelier-reklama.sk\/blog\/wp-content\/uploads\/2023\/04\/z%C3%A1stera-Senohrad-svadobna..jpg?resize=800%2C814&#038;ssl=1\" alt=\"\" class=\"wp-image-13741\" srcset=\"https:\/\/i0.wp.com\/www.atelier-reklama.sk\/blog\/wp-content\/uploads\/2023\/04\/z%C3%A1stera-Senohrad-svadobna.-scaled.jpg?resize=1007%2C1024&amp;ssl=1 1007w, https:\/\/i0.wp.com\/www.atelier-reklama.sk\/blog\/wp-content\/uploads\/2023\/04\/z%C3%A1stera-Senohrad-svadobna.-scaled.jpg?resize=295%2C300&amp;ssl=1 295w, https:\/\/i0.wp.com\/www.atelier-reklama.sk\/blog\/wp-content\/uploads\/2023\/04\/z%C3%A1stera-Senohrad-svadobna.-scaled.jpg?resize=768%2C781&amp;ssl=1 768w, https:\/\/i0.wp.com\/www.atelier-reklama.sk\/blog\/wp-content\/uploads\/2023\/04\/z%C3%A1stera-Senohrad-svadobna.-scaled.jpg?resize=1510%2C1536&amp;ssl=1 1510w, https:\/\/i0.wp.com\/www.atelier-reklama.sk\/blog\/wp-content\/uploads\/2023\/04\/z%C3%A1stera-Senohrad-svadobna.-scaled.jpg?resize=2014%2C2048&amp;ssl=1 2014w, https:\/\/i0.wp.com\/www.atelier-reklama.sk\/blog\/wp-content\/uploads\/2023\/04\/z%C3%A1stera-Senohrad-svadobna.-scaled.jpg?w=1600&amp;ssl=1 1600w, https:\/\/i0.wp.com\/www.atelier-reklama.sk\/blog\/wp-content\/uploads\/2023\/04\/z%C3%A1stera-Senohrad-svadobna.-scaled.jpg?w=2400&amp;ssl=1 2400w\" sizes=\"auto, (max-width: 800px) 100vw, 800px\" \/><\/figure>\n\n\n\n<figure class=\"wp-block-image size-large\"><img data-recalc-dims=\"1\" loading=\"lazy\" decoding=\"async\" width=\"800\" height=\"656\" data-attachment-id=\"13742\" data-permalink=\"https:\/\/www.atelier-reklama.sk\/blog\/moj-krekacsky-kroj-a-jeho-prekreslene-vzory-spolu\/zastera-senohrad-svadobna-2\/\" data-orig-file=\"https:\/\/i0.wp.com\/www.atelier-reklama.sk\/blog\/wp-content\/uploads\/2023\/04\/z%C3%A1stera-Senohrad-svadobna....-scaled.jpg?fit=2560%2C2100&amp;ssl=1\" data-orig-size=\"2560,2100\" data-comments-opened=\"1\" data-image-meta=\"{&quot;aperture&quot;:&quot;2&quot;,&quot;credit&quot;:&quot;&quot;,&quot;camera&quot;:&quot;SM-A125F&quot;,&quot;caption&quot;:&quot;&quot;,&quot;created_timestamp&quot;:&quot;1682154060&quot;,&quot;copyright&quot;:&quot;&quot;,&quot;focal_length&quot;:&quot;4.6&quot;,&quot;iso&quot;:&quot;250&quot;,&quot;shutter_speed&quot;:&quot;0.04&quot;,&quot;title&quot;:&quot;&quot;,&quot;orientation&quot;:&quot;1&quot;}\" data-image-title=\"z\u00e1stera-Senohrad-svadobna&#8230;.\" data-image-description=\"\" data-image-caption=\"\" data-medium-file=\"https:\/\/i0.wp.com\/www.atelier-reklama.sk\/blog\/wp-content\/uploads\/2023\/04\/z%C3%A1stera-Senohrad-svadobna....-scaled.jpg?fit=300%2C246&amp;ssl=1\" data-large-file=\"https:\/\/i0.wp.com\/www.atelier-reklama.sk\/blog\/wp-content\/uploads\/2023\/04\/z%C3%A1stera-Senohrad-svadobna....-scaled.jpg?fit=800%2C656&amp;ssl=1\" src=\"https:\/\/i0.wp.com\/www.atelier-reklama.sk\/blog\/wp-content\/uploads\/2023\/04\/z%C3%A1stera-Senohrad-svadobna.....jpg?resize=800%2C656&#038;ssl=1\" alt=\"\" class=\"wp-image-13742\" srcset=\"https:\/\/i0.wp.com\/www.atelier-reklama.sk\/blog\/wp-content\/uploads\/2023\/04\/z%C3%A1stera-Senohrad-svadobna....-scaled.jpg?resize=1024%2C840&amp;ssl=1 1024w, https:\/\/i0.wp.com\/www.atelier-reklama.sk\/blog\/wp-content\/uploads\/2023\/04\/z%C3%A1stera-Senohrad-svadobna....-scaled.jpg?resize=300%2C246&amp;ssl=1 300w, https:\/\/i0.wp.com\/www.atelier-reklama.sk\/blog\/wp-content\/uploads\/2023\/04\/z%C3%A1stera-Senohrad-svadobna....-scaled.jpg?resize=768%2C630&amp;ssl=1 768w, https:\/\/i0.wp.com\/www.atelier-reklama.sk\/blog\/wp-content\/uploads\/2023\/04\/z%C3%A1stera-Senohrad-svadobna....-scaled.jpg?resize=1536%2C1260&amp;ssl=1 1536w, https:\/\/i0.wp.com\/www.atelier-reklama.sk\/blog\/wp-content\/uploads\/2023\/04\/z%C3%A1stera-Senohrad-svadobna....-scaled.jpg?resize=2048%2C1680&amp;ssl=1 2048w, https:\/\/i0.wp.com\/www.atelier-reklama.sk\/blog\/wp-content\/uploads\/2023\/04\/z%C3%A1stera-Senohrad-svadobna....-scaled.jpg?w=1600&amp;ssl=1 1600w, https:\/\/i0.wp.com\/www.atelier-reklama.sk\/blog\/wp-content\/uploads\/2023\/04\/z%C3%A1stera-Senohrad-svadobna....-scaled.jpg?w=2400&amp;ssl=1 2400w\" sizes=\"auto, (max-width: 800px) 100vw, 800px\" \/><\/figure>\n\n\n\n<figure class=\"wp-block-image size-large\"><img data-recalc-dims=\"1\" loading=\"lazy\" decoding=\"async\" width=\"800\" height=\"552\" data-attachment-id=\"13743\" data-permalink=\"https:\/\/www.atelier-reklama.sk\/blog\/moj-krekacsky-kroj-a-jeho-prekreslene-vzory-spolu\/zastera-senohrad-svadobna-3\/\" data-orig-file=\"https:\/\/i0.wp.com\/www.atelier-reklama.sk\/blog\/wp-content\/uploads\/2023\/04\/z%C3%A1stera-Senohrad-svadobna-scaled.jpg?fit=2560%2C1764&amp;ssl=1\" data-orig-size=\"2560,1764\" data-comments-opened=\"1\" data-image-meta=\"{&quot;aperture&quot;:&quot;2&quot;,&quot;credit&quot;:&quot;&quot;,&quot;camera&quot;:&quot;SM-A125F&quot;,&quot;caption&quot;:&quot;&quot;,&quot;created_timestamp&quot;:&quot;1682154075&quot;,&quot;copyright&quot;:&quot;&quot;,&quot;focal_length&quot;:&quot;4.6&quot;,&quot;iso&quot;:&quot;250&quot;,&quot;shutter_speed&quot;:&quot;0.04&quot;,&quot;title&quot;:&quot;&quot;,&quot;orientation&quot;:&quot;1&quot;}\" data-image-title=\"z\u00e1stera-Senohrad-svadobna\" data-image-description=\"\" data-image-caption=\"\" data-medium-file=\"https:\/\/i0.wp.com\/www.atelier-reklama.sk\/blog\/wp-content\/uploads\/2023\/04\/z%C3%A1stera-Senohrad-svadobna-scaled.jpg?fit=300%2C207&amp;ssl=1\" data-large-file=\"https:\/\/i0.wp.com\/www.atelier-reklama.sk\/blog\/wp-content\/uploads\/2023\/04\/z%C3%A1stera-Senohrad-svadobna-scaled.jpg?fit=800%2C552&amp;ssl=1\" src=\"https:\/\/i0.wp.com\/www.atelier-reklama.sk\/blog\/wp-content\/uploads\/2023\/04\/z%C3%A1stera-Senohrad-svadobna.jpg?resize=800%2C552&#038;ssl=1\" alt=\"\" class=\"wp-image-13743\" srcset=\"https:\/\/i0.wp.com\/www.atelier-reklama.sk\/blog\/wp-content\/uploads\/2023\/04\/z%C3%A1stera-Senohrad-svadobna-scaled.jpg?resize=1024%2C706&amp;ssl=1 1024w, https:\/\/i0.wp.com\/www.atelier-reklama.sk\/blog\/wp-content\/uploads\/2023\/04\/z%C3%A1stera-Senohrad-svadobna-scaled.jpg?resize=300%2C207&amp;ssl=1 300w, https:\/\/i0.wp.com\/www.atelier-reklama.sk\/blog\/wp-content\/uploads\/2023\/04\/z%C3%A1stera-Senohrad-svadobna-scaled.jpg?resize=768%2C529&amp;ssl=1 768w, https:\/\/i0.wp.com\/www.atelier-reklama.sk\/blog\/wp-content\/uploads\/2023\/04\/z%C3%A1stera-Senohrad-svadobna-scaled.jpg?resize=1536%2C1059&amp;ssl=1 1536w, https:\/\/i0.wp.com\/www.atelier-reklama.sk\/blog\/wp-content\/uploads\/2023\/04\/z%C3%A1stera-Senohrad-svadobna-scaled.jpg?resize=2048%2C1411&amp;ssl=1 2048w, https:\/\/i0.wp.com\/www.atelier-reklama.sk\/blog\/wp-content\/uploads\/2023\/04\/z%C3%A1stera-Senohrad-svadobna-scaled.jpg?resize=130%2C90&amp;ssl=1 130w, https:\/\/i0.wp.com\/www.atelier-reklama.sk\/blog\/wp-content\/uploads\/2023\/04\/z%C3%A1stera-Senohrad-svadobna-scaled.jpg?w=1600&amp;ssl=1 1600w, https:\/\/i0.wp.com\/www.atelier-reklama.sk\/blog\/wp-content\/uploads\/2023\/04\/z%C3%A1stera-Senohrad-svadobna-scaled.jpg?w=2400&amp;ssl=1 2400w\" sizes=\"auto, (max-width: 800px) 100vw, 800px\" \/><\/figure>\n\n\n\n<figure class=\"wp-block-image size-large\"><img data-recalc-dims=\"1\" loading=\"lazy\" decoding=\"async\" width=\"590\" height=\"1024\" data-attachment-id=\"13744\" data-permalink=\"https:\/\/www.atelier-reklama.sk\/blog\/moj-krekacsky-kroj-a-jeho-prekreslene-vzory-spolu\/zastera-senohrad-svadobna-1\/\" data-orig-file=\"https:\/\/i0.wp.com\/www.atelier-reklama.sk\/blog\/wp-content\/uploads\/2023\/04\/z%C3%A1stera-Senohrad-svadobna-1-scaled.jpg?fit=1476%2C2560&amp;ssl=1\" data-orig-size=\"1476,2560\" data-comments-opened=\"1\" data-image-meta=\"{&quot;aperture&quot;:&quot;2&quot;,&quot;credit&quot;:&quot;&quot;,&quot;camera&quot;:&quot;SM-A125F&quot;,&quot;caption&quot;:&quot;&quot;,&quot;created_timestamp&quot;:&quot;1682254779&quot;,&quot;copyright&quot;:&quot;&quot;,&quot;focal_length&quot;:&quot;4.6&quot;,&quot;iso&quot;:&quot;50&quot;,&quot;shutter_speed&quot;:&quot;0.02&quot;,&quot;title&quot;:&quot;&quot;,&quot;orientation&quot;:&quot;1&quot;}\" data-image-title=\"z\u00e1stera-Senohrad-svadobna-1\" data-image-description=\"\" data-image-caption=\"\" data-medium-file=\"https:\/\/i0.wp.com\/www.atelier-reklama.sk\/blog\/wp-content\/uploads\/2023\/04\/z%C3%A1stera-Senohrad-svadobna-1-scaled.jpg?fit=173%2C300&amp;ssl=1\" data-large-file=\"https:\/\/i0.wp.com\/www.atelier-reklama.sk\/blog\/wp-content\/uploads\/2023\/04\/z%C3%A1stera-Senohrad-svadobna-1-scaled.jpg?fit=590%2C1024&amp;ssl=1\" src=\"https:\/\/i0.wp.com\/www.atelier-reklama.sk\/blog\/wp-content\/uploads\/2023\/04\/z%C3%A1stera-Senohrad-svadobna-1.jpg?resize=590%2C1024&#038;ssl=1\" alt=\"\" class=\"wp-image-13744\" srcset=\"https:\/\/i0.wp.com\/www.atelier-reklama.sk\/blog\/wp-content\/uploads\/2023\/04\/z%C3%A1stera-Senohrad-svadobna-1-scaled.jpg?resize=590%2C1024&amp;ssl=1 590w, https:\/\/i0.wp.com\/www.atelier-reklama.sk\/blog\/wp-content\/uploads\/2023\/04\/z%C3%A1stera-Senohrad-svadobna-1-scaled.jpg?resize=173%2C300&amp;ssl=1 173w, https:\/\/i0.wp.com\/www.atelier-reklama.sk\/blog\/wp-content\/uploads\/2023\/04\/z%C3%A1stera-Senohrad-svadobna-1-scaled.jpg?resize=768%2C1332&amp;ssl=1 768w, https:\/\/i0.wp.com\/www.atelier-reklama.sk\/blog\/wp-content\/uploads\/2023\/04\/z%C3%A1stera-Senohrad-svadobna-1-scaled.jpg?resize=885%2C1536&amp;ssl=1 885w, https:\/\/i0.wp.com\/www.atelier-reklama.sk\/blog\/wp-content\/uploads\/2023\/04\/z%C3%A1stera-Senohrad-svadobna-1-scaled.jpg?resize=1181%2C2048&amp;ssl=1 1181w, https:\/\/i0.wp.com\/www.atelier-reklama.sk\/blog\/wp-content\/uploads\/2023\/04\/z%C3%A1stera-Senohrad-svadobna-1-scaled.jpg?w=1476&amp;ssl=1 1476w\" sizes=\"auto, (max-width: 590px) 100vw, 590px\" \/><\/figure>\n\n\n\n<figure class=\"wp-block-image size-large\"><img data-recalc-dims=\"1\" loading=\"lazy\" decoding=\"async\" width=\"724\" height=\"1024\" data-attachment-id=\"13737\" data-permalink=\"https:\/\/www.atelier-reklama.sk\/blog\/moj-krekacsky-kroj-a-jeho-prekreslene-vzory-spolu\/lava-strana-hore-zaciatok\/\" data-orig-file=\"https:\/\/i0.wp.com\/www.atelier-reklama.sk\/blog\/wp-content\/uploads\/2023\/04\/%C4%BEava-strana-hore-zaciatok-scaled.jpg?fit=1810%2C2560&amp;ssl=1\" data-orig-size=\"1810,2560\" data-comments-opened=\"1\" data-image-meta=\"{&quot;aperture&quot;:&quot;0&quot;,&quot;credit&quot;:&quot;&quot;,&quot;camera&quot;:&quot;&quot;,&quot;caption&quot;:&quot;&quot;,&quot;created_timestamp&quot;:&quot;0&quot;,&quot;copyright&quot;:&quot;&quot;,&quot;focal_length&quot;:&quot;0&quot;,&quot;iso&quot;:&quot;0&quot;,&quot;shutter_speed&quot;:&quot;0&quot;,&quot;title&quot;:&quot;&quot;,&quot;orientation&quot;:&quot;1&quot;}\" data-image-title=\"\u013eava-strana-hore-zaciatok\" data-image-description=\"\" data-image-caption=\"\" data-medium-file=\"https:\/\/i0.wp.com\/www.atelier-reklama.sk\/blog\/wp-content\/uploads\/2023\/04\/%C4%BEava-strana-hore-zaciatok-scaled.jpg?fit=212%2C300&amp;ssl=1\" data-large-file=\"https:\/\/i0.wp.com\/www.atelier-reklama.sk\/blog\/wp-content\/uploads\/2023\/04\/%C4%BEava-strana-hore-zaciatok-scaled.jpg?fit=724%2C1024&amp;ssl=1\" src=\"https:\/\/i0.wp.com\/www.atelier-reklama.sk\/blog\/wp-content\/uploads\/2023\/04\/%C4%BEava-strana-hore-zaciatok.jpg?resize=724%2C1024&#038;ssl=1\" alt=\"\" class=\"wp-image-13737\" srcset=\"https:\/\/i0.wp.com\/www.atelier-reklama.sk\/blog\/wp-content\/uploads\/2023\/04\/%C4%BEava-strana-hore-zaciatok-scaled.jpg?resize=724%2C1024&amp;ssl=1 724w, https:\/\/i0.wp.com\/www.atelier-reklama.sk\/blog\/wp-content\/uploads\/2023\/04\/%C4%BEava-strana-hore-zaciatok-scaled.jpg?resize=212%2C300&amp;ssl=1 212w, https:\/\/i0.wp.com\/www.atelier-reklama.sk\/blog\/wp-content\/uploads\/2023\/04\/%C4%BEava-strana-hore-zaciatok-scaled.jpg?resize=768%2C1087&amp;ssl=1 768w, https:\/\/i0.wp.com\/www.atelier-reklama.sk\/blog\/wp-content\/uploads\/2023\/04\/%C4%BEava-strana-hore-zaciatok-scaled.jpg?resize=1086%2C1536&amp;ssl=1 1086w, https:\/\/i0.wp.com\/www.atelier-reklama.sk\/blog\/wp-content\/uploads\/2023\/04\/%C4%BEava-strana-hore-zaciatok-scaled.jpg?resize=1448%2C2048&amp;ssl=1 1448w, https:\/\/i0.wp.com\/www.atelier-reklama.sk\/blog\/wp-content\/uploads\/2023\/04\/%C4%BEava-strana-hore-zaciatok-scaled.jpg?w=1810&amp;ssl=1 1810w, https:\/\/i0.wp.com\/www.atelier-reklama.sk\/blog\/wp-content\/uploads\/2023\/04\/%C4%BEava-strana-hore-zaciatok-scaled.jpg?w=1600&amp;ssl=1 1600w\" sizes=\"auto, (max-width: 724px) 100vw, 724px\" \/><\/figure>\n\n\n\n<figure class=\"wp-block-image size-large\"><img data-recalc-dims=\"1\" loading=\"lazy\" decoding=\"async\" width=\"800\" height=\"566\" data-attachment-id=\"13738\" data-permalink=\"https:\/\/www.atelier-reklama.sk\/blog\/moj-krekacsky-kroj-a-jeho-prekreslene-vzory-spolu\/lavy-roh-zastery\/\" data-orig-file=\"https:\/\/i0.wp.com\/www.atelier-reklama.sk\/blog\/wp-content\/uploads\/2023\/04\/lavy-roh-zastery-scaled.jpg?fit=2560%2C1810&amp;ssl=1\" data-orig-size=\"2560,1810\" data-comments-opened=\"1\" data-image-meta=\"{&quot;aperture&quot;:&quot;0&quot;,&quot;credit&quot;:&quot;&quot;,&quot;camera&quot;:&quot;&quot;,&quot;caption&quot;:&quot;&quot;,&quot;created_timestamp&quot;:&quot;0&quot;,&quot;copyright&quot;:&quot;&quot;,&quot;focal_length&quot;:&quot;0&quot;,&quot;iso&quot;:&quot;0&quot;,&quot;shutter_speed&quot;:&quot;0&quot;,&quot;title&quot;:&quot;&quot;,&quot;orientation&quot;:&quot;0&quot;}\" data-image-title=\"lavy-roh-zastery\" data-image-description=\"\" data-image-caption=\"\" data-medium-file=\"https:\/\/i0.wp.com\/www.atelier-reklama.sk\/blog\/wp-content\/uploads\/2023\/04\/lavy-roh-zastery-scaled.jpg?fit=300%2C212&amp;ssl=1\" data-large-file=\"https:\/\/i0.wp.com\/www.atelier-reklama.sk\/blog\/wp-content\/uploads\/2023\/04\/lavy-roh-zastery-scaled.jpg?fit=800%2C566&amp;ssl=1\" src=\"https:\/\/i0.wp.com\/www.atelier-reklama.sk\/blog\/wp-content\/uploads\/2023\/04\/lavy-roh-zastery.jpg?resize=800%2C566&#038;ssl=1\" alt=\"\" class=\"wp-image-13738\" srcset=\"https:\/\/i0.wp.com\/www.atelier-reklama.sk\/blog\/wp-content\/uploads\/2023\/04\/lavy-roh-zastery-scaled.jpg?resize=1024%2C724&amp;ssl=1 1024w, https:\/\/i0.wp.com\/www.atelier-reklama.sk\/blog\/wp-content\/uploads\/2023\/04\/lavy-roh-zastery-scaled.jpg?resize=300%2C212&amp;ssl=1 300w, https:\/\/i0.wp.com\/www.atelier-reklama.sk\/blog\/wp-content\/uploads\/2023\/04\/lavy-roh-zastery-scaled.jpg?resize=768%2C543&amp;ssl=1 768w, https:\/\/i0.wp.com\/www.atelier-reklama.sk\/blog\/wp-content\/uploads\/2023\/04\/lavy-roh-zastery-scaled.jpg?resize=1536%2C1086&amp;ssl=1 1536w, https:\/\/i0.wp.com\/www.atelier-reklama.sk\/blog\/wp-content\/uploads\/2023\/04\/lavy-roh-zastery-scaled.jpg?resize=2048%2C1448&amp;ssl=1 2048w, https:\/\/i0.wp.com\/www.atelier-reklama.sk\/blog\/wp-content\/uploads\/2023\/04\/lavy-roh-zastery-scaled.jpg?w=1600&amp;ssl=1 1600w, https:\/\/i0.wp.com\/www.atelier-reklama.sk\/blog\/wp-content\/uploads\/2023\/04\/lavy-roh-zastery-scaled.jpg?w=2400&amp;ssl=1 2400w\" sizes=\"auto, (max-width: 800px) 100vw, 800px\" \/><\/figure>\n\n\n\n<figure class=\"wp-block-image size-large\"><img data-recalc-dims=\"1\" loading=\"lazy\" decoding=\"async\" width=\"724\" height=\"1024\" data-attachment-id=\"13739\" data-permalink=\"https:\/\/www.atelier-reklama.sk\/blog\/moj-krekacsky-kroj-a-jeho-prekreslene-vzory-spolu\/pravy-roh-zastery\/\" data-orig-file=\"https:\/\/i0.wp.com\/www.atelier-reklama.sk\/blog\/wp-content\/uploads\/2023\/04\/Pravy-roh-zastery-scaled.jpg?fit=1810%2C2560&amp;ssl=1\" data-orig-size=\"1810,2560\" data-comments-opened=\"1\" data-image-meta=\"{&quot;aperture&quot;:&quot;0&quot;,&quot;credit&quot;:&quot;&quot;,&quot;camera&quot;:&quot;&quot;,&quot;caption&quot;:&quot;&quot;,&quot;created_timestamp&quot;:&quot;0&quot;,&quot;copyright&quot;:&quot;&quot;,&quot;focal_length&quot;:&quot;0&quot;,&quot;iso&quot;:&quot;0&quot;,&quot;shutter_speed&quot;:&quot;0&quot;,&quot;title&quot;:&quot;&quot;,&quot;orientation&quot;:&quot;1&quot;}\" data-image-title=\"Pravy-roh-zastery\" data-image-description=\"\" data-image-caption=\"\" data-medium-file=\"https:\/\/i0.wp.com\/www.atelier-reklama.sk\/blog\/wp-content\/uploads\/2023\/04\/Pravy-roh-zastery-scaled.jpg?fit=212%2C300&amp;ssl=1\" data-large-file=\"https:\/\/i0.wp.com\/www.atelier-reklama.sk\/blog\/wp-content\/uploads\/2023\/04\/Pravy-roh-zastery-scaled.jpg?fit=724%2C1024&amp;ssl=1\" src=\"https:\/\/i0.wp.com\/www.atelier-reklama.sk\/blog\/wp-content\/uploads\/2023\/04\/Pravy-roh-zastery.jpg?resize=724%2C1024&#038;ssl=1\" alt=\"\" class=\"wp-image-13739\" srcset=\"https:\/\/i0.wp.com\/www.atelier-reklama.sk\/blog\/wp-content\/uploads\/2023\/04\/Pravy-roh-zastery-scaled.jpg?resize=724%2C1024&amp;ssl=1 724w, https:\/\/i0.wp.com\/www.atelier-reklama.sk\/blog\/wp-content\/uploads\/2023\/04\/Pravy-roh-zastery-scaled.jpg?resize=212%2C300&amp;ssl=1 212w, https:\/\/i0.wp.com\/www.atelier-reklama.sk\/blog\/wp-content\/uploads\/2023\/04\/Pravy-roh-zastery-scaled.jpg?resize=768%2C1087&amp;ssl=1 768w, https:\/\/i0.wp.com\/www.atelier-reklama.sk\/blog\/wp-content\/uploads\/2023\/04\/Pravy-roh-zastery-scaled.jpg?resize=1086%2C1536&amp;ssl=1 1086w, https:\/\/i0.wp.com\/www.atelier-reklama.sk\/blog\/wp-content\/uploads\/2023\/04\/Pravy-roh-zastery-scaled.jpg?resize=1448%2C2048&amp;ssl=1 1448w, https:\/\/i0.wp.com\/www.atelier-reklama.sk\/blog\/wp-content\/uploads\/2023\/04\/Pravy-roh-zastery-scaled.jpg?w=1810&amp;ssl=1 1810w, https:\/\/i0.wp.com\/www.atelier-reklama.sk\/blog\/wp-content\/uploads\/2023\/04\/Pravy-roh-zastery-scaled.jpg?w=1600&amp;ssl=1 1600w\" sizes=\"auto, (max-width: 724px) 100vw, 724px\" \/><\/figure>\n\n\n\n<figure class=\"wp-block-image size-large\"><img data-recalc-dims=\"1\" loading=\"lazy\" decoding=\"async\" width=\"724\" height=\"1024\" data-attachment-id=\"13740\" data-permalink=\"https:\/\/www.atelier-reklama.sk\/blog\/moj-krekacsky-kroj-a-jeho-prekreslene-vzory-spolu\/pravo-hore-koniec\/\" data-orig-file=\"https:\/\/i0.wp.com\/www.atelier-reklama.sk\/blog\/wp-content\/uploads\/2023\/04\/pravo-hore-koniec-scaled.jpg?fit=1810%2C2560&amp;ssl=1\" data-orig-size=\"1810,2560\" data-comments-opened=\"1\" data-image-meta=\"{&quot;aperture&quot;:&quot;0&quot;,&quot;credit&quot;:&quot;&quot;,&quot;camera&quot;:&quot;&quot;,&quot;caption&quot;:&quot;&quot;,&quot;created_timestamp&quot;:&quot;0&quot;,&quot;copyright&quot;:&quot;&quot;,&quot;focal_length&quot;:&quot;0&quot;,&quot;iso&quot;:&quot;0&quot;,&quot;shutter_speed&quot;:&quot;0&quot;,&quot;title&quot;:&quot;&quot;,&quot;orientation&quot;:&quot;1&quot;}\" data-image-title=\"pravo-hore-koniec\" data-image-description=\"\" data-image-caption=\"\" data-medium-file=\"https:\/\/i0.wp.com\/www.atelier-reklama.sk\/blog\/wp-content\/uploads\/2023\/04\/pravo-hore-koniec-scaled.jpg?fit=212%2C300&amp;ssl=1\" data-large-file=\"https:\/\/i0.wp.com\/www.atelier-reklama.sk\/blog\/wp-content\/uploads\/2023\/04\/pravo-hore-koniec-scaled.jpg?fit=724%2C1024&amp;ssl=1\" src=\"https:\/\/i0.wp.com\/www.atelier-reklama.sk\/blog\/wp-content\/uploads\/2023\/04\/pravo-hore-koniec.jpg?resize=724%2C1024&#038;ssl=1\" alt=\"\" class=\"wp-image-13740\" srcset=\"https:\/\/i0.wp.com\/www.atelier-reklama.sk\/blog\/wp-content\/uploads\/2023\/04\/pravo-hore-koniec-scaled.jpg?resize=724%2C1024&amp;ssl=1 724w, https:\/\/i0.wp.com\/www.atelier-reklama.sk\/blog\/wp-content\/uploads\/2023\/04\/pravo-hore-koniec-scaled.jpg?resize=212%2C300&amp;ssl=1 212w, https:\/\/i0.wp.com\/www.atelier-reklama.sk\/blog\/wp-content\/uploads\/2023\/04\/pravo-hore-koniec-scaled.jpg?resize=768%2C1087&amp;ssl=1 768w, https:\/\/i0.wp.com\/www.atelier-reklama.sk\/blog\/wp-content\/uploads\/2023\/04\/pravo-hore-koniec-scaled.jpg?resize=1086%2C1536&amp;ssl=1 1086w, https:\/\/i0.wp.com\/www.atelier-reklama.sk\/blog\/wp-content\/uploads\/2023\/04\/pravo-hore-koniec-scaled.jpg?resize=1448%2C2048&amp;ssl=1 1448w, https:\/\/i0.wp.com\/www.atelier-reklama.sk\/blog\/wp-content\/uploads\/2023\/04\/pravo-hore-koniec-scaled.jpg?w=1810&amp;ssl=1 1810w, https:\/\/i0.wp.com\/www.atelier-reklama.sk\/blog\/wp-content\/uploads\/2023\/04\/pravo-hore-koniec-scaled.jpg?w=1600&amp;ssl=1 1600w\" sizes=\"auto, (max-width: 724px) 100vw, 724px\" \/><\/figure>\n\n\n\n<figure class=\"wp-block-image size-large\"><img data-recalc-dims=\"1\" loading=\"lazy\" decoding=\"async\" width=\"800\" height=\"600\" data-attachment-id=\"13745\" data-permalink=\"https:\/\/www.atelier-reklama.sk\/blog\/moj-krekacsky-kroj-a-jeho-prekreslene-vzory-spolu\/zastera-senohrad-svadobna-so-suknou\/\" data-orig-file=\"https:\/\/i0.wp.com\/www.atelier-reklama.sk\/blog\/wp-content\/uploads\/2023\/04\/z%C3%A1stera-Senohrad-svadobna-so-suk%C5%88ou-scaled.jpg?fit=2560%2C1920&amp;ssl=1\" data-orig-size=\"2560,1920\" data-comments-opened=\"1\" data-image-meta=\"{&quot;aperture&quot;:&quot;2&quot;,&quot;credit&quot;:&quot;&quot;,&quot;camera&quot;:&quot;SM-A125F&quot;,&quot;caption&quot;:&quot;&quot;,&quot;created_timestamp&quot;:&quot;1682153983&quot;,&quot;copyright&quot;:&quot;&quot;,&quot;focal_length&quot;:&quot;4.6&quot;,&quot;iso&quot;:&quot;200&quot;,&quot;shutter_speed&quot;:&quot;0.04&quot;,&quot;title&quot;:&quot;&quot;,&quot;orientation&quot;:&quot;1&quot;}\" data-image-title=\"z\u00e1stera-Senohrad-svadobna-so-suk\u0148ou\" data-image-description=\"\" data-image-caption=\"\" data-medium-file=\"https:\/\/i0.wp.com\/www.atelier-reklama.sk\/blog\/wp-content\/uploads\/2023\/04\/z%C3%A1stera-Senohrad-svadobna-so-suk%C5%88ou-scaled.jpg?fit=300%2C225&amp;ssl=1\" data-large-file=\"https:\/\/i0.wp.com\/www.atelier-reklama.sk\/blog\/wp-content\/uploads\/2023\/04\/z%C3%A1stera-Senohrad-svadobna-so-suk%C5%88ou-scaled.jpg?fit=800%2C600&amp;ssl=1\" src=\"https:\/\/i0.wp.com\/www.atelier-reklama.sk\/blog\/wp-content\/uploads\/2023\/04\/z%C3%A1stera-Senohrad-svadobna-so-suk%C5%88ou.jpg?resize=800%2C600&#038;ssl=1\" alt=\"\" class=\"wp-image-13745\" srcset=\"https:\/\/i0.wp.com\/www.atelier-reklama.sk\/blog\/wp-content\/uploads\/2023\/04\/z%C3%A1stera-Senohrad-svadobna-so-suk%C5%88ou-scaled.jpg?resize=1024%2C768&amp;ssl=1 1024w, https:\/\/i0.wp.com\/www.atelier-reklama.sk\/blog\/wp-content\/uploads\/2023\/04\/z%C3%A1stera-Senohrad-svadobna-so-suk%C5%88ou-scaled.jpg?resize=300%2C225&amp;ssl=1 300w, https:\/\/i0.wp.com\/www.atelier-reklama.sk\/blog\/wp-content\/uploads\/2023\/04\/z%C3%A1stera-Senohrad-svadobna-so-suk%C5%88ou-scaled.jpg?resize=768%2C576&amp;ssl=1 768w, https:\/\/i0.wp.com\/www.atelier-reklama.sk\/blog\/wp-content\/uploads\/2023\/04\/z%C3%A1stera-Senohrad-svadobna-so-suk%C5%88ou-scaled.jpg?resize=1536%2C1152&amp;ssl=1 1536w, https:\/\/i0.wp.com\/www.atelier-reklama.sk\/blog\/wp-content\/uploads\/2023\/04\/z%C3%A1stera-Senohrad-svadobna-so-suk%C5%88ou-scaled.jpg?resize=2048%2C1536&amp;ssl=1 2048w, https:\/\/i0.wp.com\/www.atelier-reklama.sk\/blog\/wp-content\/uploads\/2023\/04\/z%C3%A1stera-Senohrad-svadobna-so-suk%C5%88ou-scaled.jpg?w=1600&amp;ssl=1 1600w, https:\/\/i0.wp.com\/www.atelier-reklama.sk\/blog\/wp-content\/uploads\/2023\/04\/z%C3%A1stera-Senohrad-svadobna-so-suk%C5%88ou-scaled.jpg?w=2400&amp;ssl=1 2400w\" sizes=\"auto, (max-width: 800px) 100vw, 800px\" \/><\/figure>\n\n\n\n<h2 class=\"wp-block-heading has-text-align-center\">VII. SUKNE <\/h2>\n\n\n\n<p>VRCHN\u00c1 SUK\u0147A<\/p>\n\n\n\n<p>Suk\u0148u kedysi naz\u00fdvali len t\u00fa, ktor\u00e1 bola u\u0161it\u00e1 zo s\u00fakna. Bielej pracovnej sukni hovorili z\u00e1stera, sviato\u010dn\u00e1, vy\u0161it\u00e1 alebo ozdoben\u00e1 v\u0161it\u00fdmi pali\u010dkovan\u00fdmi klinmi \u201erackami,\u201c hovorili \u201ekin\u0165e\u0161,\u201c na Senohrade \u201ekece\u013ea,\u201c je bez \u201e\u0161lingovania.\u201c Sukne vy\u0161it\u00e9 na bielom hladkovan\u00edm, kr\u00ed\u017eikom, krivou ihlou &nbsp;s\u00fa ukon\u010den\u00e9 bielou tov\u00e1renskou \u010dipkou \u201e\u0161lingovan\u00edm.\u201c Farebn\u00fdm sukniam z&nbsp;modrotla\u010de, &nbsp;zo zamatu, brok\u00e1tu, ka\u0161m\u00edru hovoria \u201ekit\u013ea\/kid\u013ea.&#8220;<\/p>\n\n\n\n<p>Medzi najstar\u0161ie pribli\u017ene 100 ro\u010dn\u00e9 sukne v&nbsp;mojej zbierke patria biele, ktor\u00e9 maj\u00fa medzi 6 polami v\u0161it\u00e9 pali\u010dkovan\u00e9 \u010dipky \u201eracki.\u201c<\/p>\n\n\n\n<p>&nbsp;Predn\u00fa \u010das\u0165&nbsp; maj\u00fa v\u0161etky sukne hladk\u00e9, na bokoch a&nbsp;vzadu bohato nariasen\u00e9, v\u0161it\u00e9 do 8 cm \u0161irok\u00e9ho p\u00e1sa, celkov\u00e1 \u0161\u00edrka sukn\u00ed je okolo 3, 5 metra, m\u00e1m aj tak\u00e9, ktor\u00e9 s\u00fa \u0161irok\u00e9 4, 5 metra. S\u00fa rancovan\u00e9 na stole, alebo vo dvojici, rance maj\u00fa \u0161irok\u00e9 cca 5 cm.&nbsp; Pod vrchn\u00e9 sukne sa obliekaj\u00fa 2-3 spodn\u00e9 sukne, ktor\u00e9 s\u00fa ukon\u010den\u00e9 bielou tov\u00e1renskou \u010dipkou \u201e\u0161lingovan\u00edm.<\/p>\n\n\n\n<p>Suk\u0148a, kinte\u0161, Bzov\u00edk-O\u010den\u00e1\u0161ov laz, pol. 20. stor. kr\u00ed\u017eikmi vy\u0161ila Anna O\u010den\u00e1\u0161ov\u00e1, r. Bartikov\u00e1 1930-2013)<\/p>\n\n\n\n<figure class=\"wp-block-image size-large\"><img data-recalc-dims=\"1\" loading=\"lazy\" decoding=\"async\" width=\"800\" height=\"566\" data-attachment-id=\"13273\" data-permalink=\"https:\/\/www.atelier-reklama.sk\/blog\/moj-krekacsky-kroj-a-jeho-prekreslene-vzory-spolu\/1a-sukna-kintes-bzovik-ocenasov-laz-pol-20-stor-krizikmi-vysila-anna-ocenasova-r-bartikova-1930-2013\/\" data-orig-file=\"https:\/\/i0.wp.com\/www.atelier-reklama.sk\/blog\/wp-content\/uploads\/2023\/03\/1A.-Suk%C5%88a-kinte%C5%A1-Bzov%C3%ADk-O%C4%8Den%C3%A1%C5%A1ov-laz-pol.-20.-stor.-kr%C3%AD%C5%BEikmi-vy%C5%A1ila-Anna-O%C4%8Den%C3%A1%C5%A1ov%C3%A1-r.-Bartikov%C3%A1-1930-2013-scaled.jpg?fit=2560%2C1810&amp;ssl=1\" data-orig-size=\"2560,1810\" data-comments-opened=\"1\" data-image-meta=\"{&quot;aperture&quot;:&quot;0&quot;,&quot;credit&quot;:&quot;&quot;,&quot;camera&quot;:&quot;&quot;,&quot;caption&quot;:&quot;&quot;,&quot;created_timestamp&quot;:&quot;0&quot;,&quot;copyright&quot;:&quot;&quot;,&quot;focal_length&quot;:&quot;0&quot;,&quot;iso&quot;:&quot;0&quot;,&quot;shutter_speed&quot;:&quot;0&quot;,&quot;title&quot;:&quot;&quot;,&quot;orientation&quot;:&quot;0&quot;}\" data-image-title=\"1A.-Suk\u0148a-kinte\u0161-Bzov\u00edk-O\u010den\u00e1\u0161ov-laz-pol.-20.-stor.-kr\u00ed\u017eikmi-vy\u0161ila-Anna-O\u010den\u00e1\u0161ov\u00e1-r.-Bartikov\u00e1-1930-2013\" data-image-description=\"\" data-image-caption=\"\" data-medium-file=\"https:\/\/i0.wp.com\/www.atelier-reklama.sk\/blog\/wp-content\/uploads\/2023\/03\/1A.-Suk%C5%88a-kinte%C5%A1-Bzov%C3%ADk-O%C4%8Den%C3%A1%C5%A1ov-laz-pol.-20.-stor.-kr%C3%AD%C5%BEikmi-vy%C5%A1ila-Anna-O%C4%8Den%C3%A1%C5%A1ov%C3%A1-r.-Bartikov%C3%A1-1930-2013-scaled.jpg?fit=300%2C212&amp;ssl=1\" data-large-file=\"https:\/\/i0.wp.com\/www.atelier-reklama.sk\/blog\/wp-content\/uploads\/2023\/03\/1A.-Suk%C5%88a-kinte%C5%A1-Bzov%C3%ADk-O%C4%8Den%C3%A1%C5%A1ov-laz-pol.-20.-stor.-kr%C3%AD%C5%BEikmi-vy%C5%A1ila-Anna-O%C4%8Den%C3%A1%C5%A1ov%C3%A1-r.-Bartikov%C3%A1-1930-2013-scaled.jpg?fit=800%2C566&amp;ssl=1\" src=\"https:\/\/i0.wp.com\/www.atelier-reklama.sk\/blog\/wp-content\/uploads\/2023\/03\/1A.-Suk%C5%88a-kinte%C5%A1-Bzov%C3%ADk-O%C4%8Den%C3%A1%C5%A1ov-laz-pol.-20.-stor.-kr%C3%AD%C5%BEikmi-vy%C5%A1ila-Anna-O%C4%8Den%C3%A1%C5%A1ov%C3%A1-r.-Bartikov%C3%A1-1930-2013.jpg?resize=800%2C566&#038;ssl=1\" alt=\"\" class=\"wp-image-13273\" srcset=\"https:\/\/i0.wp.com\/www.atelier-reklama.sk\/blog\/wp-content\/uploads\/2023\/03\/1A.-Suk%C5%88a-kinte%C5%A1-Bzov%C3%ADk-O%C4%8Den%C3%A1%C5%A1ov-laz-pol.-20.-stor.-kr%C3%AD%C5%BEikmi-vy%C5%A1ila-Anna-O%C4%8Den%C3%A1%C5%A1ov%C3%A1-r.-Bartikov%C3%A1-1930-2013-scaled.jpg?resize=1024%2C724&amp;ssl=1 1024w, https:\/\/i0.wp.com\/www.atelier-reklama.sk\/blog\/wp-content\/uploads\/2023\/03\/1A.-Suk%C5%88a-kinte%C5%A1-Bzov%C3%ADk-O%C4%8Den%C3%A1%C5%A1ov-laz-pol.-20.-stor.-kr%C3%AD%C5%BEikmi-vy%C5%A1ila-Anna-O%C4%8Den%C3%A1%C5%A1ov%C3%A1-r.-Bartikov%C3%A1-1930-2013-scaled.jpg?resize=300%2C212&amp;ssl=1 300w, https:\/\/i0.wp.com\/www.atelier-reklama.sk\/blog\/wp-content\/uploads\/2023\/03\/1A.-Suk%C5%88a-kinte%C5%A1-Bzov%C3%ADk-O%C4%8Den%C3%A1%C5%A1ov-laz-pol.-20.-stor.-kr%C3%AD%C5%BEikmi-vy%C5%A1ila-Anna-O%C4%8Den%C3%A1%C5%A1ov%C3%A1-r.-Bartikov%C3%A1-1930-2013-scaled.jpg?resize=768%2C543&amp;ssl=1 768w, https:\/\/i0.wp.com\/www.atelier-reklama.sk\/blog\/wp-content\/uploads\/2023\/03\/1A.-Suk%C5%88a-kinte%C5%A1-Bzov%C3%ADk-O%C4%8Den%C3%A1%C5%A1ov-laz-pol.-20.-stor.-kr%C3%AD%C5%BEikmi-vy%C5%A1ila-Anna-O%C4%8Den%C3%A1%C5%A1ov%C3%A1-r.-Bartikov%C3%A1-1930-2013-scaled.jpg?resize=1536%2C1086&amp;ssl=1 1536w, https:\/\/i0.wp.com\/www.atelier-reklama.sk\/blog\/wp-content\/uploads\/2023\/03\/1A.-Suk%C5%88a-kinte%C5%A1-Bzov%C3%ADk-O%C4%8Den%C3%A1%C5%A1ov-laz-pol.-20.-stor.-kr%C3%AD%C5%BEikmi-vy%C5%A1ila-Anna-O%C4%8Den%C3%A1%C5%A1ov%C3%A1-r.-Bartikov%C3%A1-1930-2013-scaled.jpg?resize=2048%2C1448&amp;ssl=1 2048w, https:\/\/i0.wp.com\/www.atelier-reklama.sk\/blog\/wp-content\/uploads\/2023\/03\/1A.-Suk%C5%88a-kinte%C5%A1-Bzov%C3%ADk-O%C4%8Den%C3%A1%C5%A1ov-laz-pol.-20.-stor.-kr%C3%AD%C5%BEikmi-vy%C5%A1ila-Anna-O%C4%8Den%C3%A1%C5%A1ov%C3%A1-r.-Bartikov%C3%A1-1930-2013-scaled.jpg?w=1600&amp;ssl=1 1600w, https:\/\/i0.wp.com\/www.atelier-reklama.sk\/blog\/wp-content\/uploads\/2023\/03\/1A.-Suk%C5%88a-kinte%C5%A1-Bzov%C3%ADk-O%C4%8Den%C3%A1%C5%A1ov-laz-pol.-20.-stor.-kr%C3%AD%C5%BEikmi-vy%C5%A1ila-Anna-O%C4%8Den%C3%A1%C5%A1ov%C3%A1-r.-Bartikov%C3%A1-1930-2013-scaled.jpg?w=2400&amp;ssl=1 2400w\" sizes=\"auto, (max-width: 800px) 100vw, 800px\" \/><\/figure>\n\n\n\n<p>Suk\u0148a, kinte\u0161, Bzov\u00edk, pol. 20. stor., vy\u0161ila kr\u00ed\u017eikmi Anna O\u010den\u00e1\u0161ov\u00e1, rod. Bartikov\u00e1<\/p>\n\n\n\n<figure class=\"wp-block-image size-large\"><img data-recalc-dims=\"1\" loading=\"lazy\" decoding=\"async\" width=\"800\" height=\"600\" data-attachment-id=\"13276\" data-permalink=\"https:\/\/www.atelier-reklama.sk\/blog\/moj-krekacsky-kroj-a-jeho-prekreslene-vzory-spolu\/2a-sukna-kintes-bzovik-pol-20-stor-vysila-krizikmi-anna-ocenasova-rod-bartikova\/\" data-orig-file=\"https:\/\/i0.wp.com\/www.atelier-reklama.sk\/blog\/wp-content\/uploads\/2023\/03\/2A.-Suk%C5%88a-kinte%C5%A1-Bzov%C3%ADk-pol.-20.-stor.-vy%C5%A1ila-kr%C3%AD%C5%BEikmi-Anna-O%C4%8Den%C3%A1%C5%A1ov%C3%A1-rod.-Bartikov%C3%A1-scaled.jpg?fit=2560%2C1920&amp;ssl=1\" data-orig-size=\"2560,1920\" data-comments-opened=\"1\" data-image-meta=\"{&quot;aperture&quot;:&quot;2&quot;,&quot;credit&quot;:&quot;&quot;,&quot;camera&quot;:&quot;SM-A125F&quot;,&quot;caption&quot;:&quot;&quot;,&quot;created_timestamp&quot;:&quot;1679221242&quot;,&quot;copyright&quot;:&quot;&quot;,&quot;focal_length&quot;:&quot;4.6&quot;,&quot;iso&quot;:&quot;200&quot;,&quot;shutter_speed&quot;:&quot;0.030002&quot;,&quot;title&quot;:&quot;&quot;,&quot;orientation&quot;:&quot;1&quot;}\" data-image-title=\"2A.-Suk\u0148a-kinte\u0161-Bzov\u00edk-pol.-20.-stor.-vy\u0161ila-kr\u00ed\u017eikmi-Anna-O\u010den\u00e1\u0161ov\u00e1-rod.-Bartikov\u00e1\" data-image-description=\"\" data-image-caption=\"\" data-medium-file=\"https:\/\/i0.wp.com\/www.atelier-reklama.sk\/blog\/wp-content\/uploads\/2023\/03\/2A.-Suk%C5%88a-kinte%C5%A1-Bzov%C3%ADk-pol.-20.-stor.-vy%C5%A1ila-kr%C3%AD%C5%BEikmi-Anna-O%C4%8Den%C3%A1%C5%A1ov%C3%A1-rod.-Bartikov%C3%A1-scaled.jpg?fit=300%2C225&amp;ssl=1\" data-large-file=\"https:\/\/i0.wp.com\/www.atelier-reklama.sk\/blog\/wp-content\/uploads\/2023\/03\/2A.-Suk%C5%88a-kinte%C5%A1-Bzov%C3%ADk-pol.-20.-stor.-vy%C5%A1ila-kr%C3%AD%C5%BEikmi-Anna-O%C4%8Den%C3%A1%C5%A1ov%C3%A1-rod.-Bartikov%C3%A1-scaled.jpg?fit=800%2C600&amp;ssl=1\" src=\"https:\/\/i0.wp.com\/www.atelier-reklama.sk\/blog\/wp-content\/uploads\/2023\/03\/2A.-Suk%C5%88a-kinte%C5%A1-Bzov%C3%ADk-pol.-20.-stor.-vy%C5%A1ila-kr%C3%AD%C5%BEikmi-Anna-O%C4%8Den%C3%A1%C5%A1ov%C3%A1-rod.-Bartikov%C3%A1.jpg?resize=800%2C600&#038;ssl=1\" alt=\"\" class=\"wp-image-13276\" srcset=\"https:\/\/i0.wp.com\/www.atelier-reklama.sk\/blog\/wp-content\/uploads\/2023\/03\/2A.-Suk%C5%88a-kinte%C5%A1-Bzov%C3%ADk-pol.-20.-stor.-vy%C5%A1ila-kr%C3%AD%C5%BEikmi-Anna-O%C4%8Den%C3%A1%C5%A1ov%C3%A1-rod.-Bartikov%C3%A1-scaled.jpg?resize=1024%2C768&amp;ssl=1 1024w, https:\/\/i0.wp.com\/www.atelier-reklama.sk\/blog\/wp-content\/uploads\/2023\/03\/2A.-Suk%C5%88a-kinte%C5%A1-Bzov%C3%ADk-pol.-20.-stor.-vy%C5%A1ila-kr%C3%AD%C5%BEikmi-Anna-O%C4%8Den%C3%A1%C5%A1ov%C3%A1-rod.-Bartikov%C3%A1-scaled.jpg?resize=300%2C225&amp;ssl=1 300w, https:\/\/i0.wp.com\/www.atelier-reklama.sk\/blog\/wp-content\/uploads\/2023\/03\/2A.-Suk%C5%88a-kinte%C5%A1-Bzov%C3%ADk-pol.-20.-stor.-vy%C5%A1ila-kr%C3%AD%C5%BEikmi-Anna-O%C4%8Den%C3%A1%C5%A1ov%C3%A1-rod.-Bartikov%C3%A1-scaled.jpg?resize=768%2C576&amp;ssl=1 768w, https:\/\/i0.wp.com\/www.atelier-reklama.sk\/blog\/wp-content\/uploads\/2023\/03\/2A.-Suk%C5%88a-kinte%C5%A1-Bzov%C3%ADk-pol.-20.-stor.-vy%C5%A1ila-kr%C3%AD%C5%BEikmi-Anna-O%C4%8Den%C3%A1%C5%A1ov%C3%A1-rod.-Bartikov%C3%A1-scaled.jpg?resize=1536%2C1152&amp;ssl=1 1536w, https:\/\/i0.wp.com\/www.atelier-reklama.sk\/blog\/wp-content\/uploads\/2023\/03\/2A.-Suk%C5%88a-kinte%C5%A1-Bzov%C3%ADk-pol.-20.-stor.-vy%C5%A1ila-kr%C3%AD%C5%BEikmi-Anna-O%C4%8Den%C3%A1%C5%A1ov%C3%A1-rod.-Bartikov%C3%A1-scaled.jpg?resize=2048%2C1536&amp;ssl=1 2048w, https:\/\/i0.wp.com\/www.atelier-reklama.sk\/blog\/wp-content\/uploads\/2023\/03\/2A.-Suk%C5%88a-kinte%C5%A1-Bzov%C3%ADk-pol.-20.-stor.-vy%C5%A1ila-kr%C3%AD%C5%BEikmi-Anna-O%C4%8Den%C3%A1%C5%A1ov%C3%A1-rod.-Bartikov%C3%A1-scaled.jpg?w=1600&amp;ssl=1 1600w, https:\/\/i0.wp.com\/www.atelier-reklama.sk\/blog\/wp-content\/uploads\/2023\/03\/2A.-Suk%C5%88a-kinte%C5%A1-Bzov%C3%ADk-pol.-20.-stor.-vy%C5%A1ila-kr%C3%AD%C5%BEikmi-Anna-O%C4%8Den%C3%A1%C5%A1ov%C3%A1-rod.-Bartikov%C3%A1-scaled.jpg?w=2400&amp;ssl=1 2400w\" sizes=\"auto, (max-width: 800px) 100vw, 800px\" \/><\/figure>\n\n\n\n<figure class=\"wp-block-image size-large\"><img data-recalc-dims=\"1\" loading=\"lazy\" decoding=\"async\" width=\"800\" height=\"566\" data-attachment-id=\"13277\" data-permalink=\"https:\/\/www.atelier-reklama.sk\/blog\/moj-krekacsky-kroj-a-jeho-prekreslene-vzory-spolu\/2b-sukna-kintes-bzovik-pol-20-stor-vysila-krizikmi-anna-ocenasova-rod-bartikova\/\" data-orig-file=\"https:\/\/i0.wp.com\/www.atelier-reklama.sk\/blog\/wp-content\/uploads\/2023\/03\/2B.-Suk%C5%88a-kinte%C5%A1-Bzov%C3%ADk-pol.-20.-stor.-vy%C5%A1ila-kr%C3%AD%C5%BEikmi-Anna-O%C4%8Den%C3%A1%C5%A1ov%C3%A1-rod.-Bartikov%C3%A1-scaled.jpg?fit=2560%2C1810&amp;ssl=1\" data-orig-size=\"2560,1810\" data-comments-opened=\"1\" data-image-meta=\"{&quot;aperture&quot;:&quot;0&quot;,&quot;credit&quot;:&quot;&quot;,&quot;camera&quot;:&quot;&quot;,&quot;caption&quot;:&quot;&quot;,&quot;created_timestamp&quot;:&quot;0&quot;,&quot;copyright&quot;:&quot;&quot;,&quot;focal_length&quot;:&quot;0&quot;,&quot;iso&quot;:&quot;0&quot;,&quot;shutter_speed&quot;:&quot;0&quot;,&quot;title&quot;:&quot;&quot;,&quot;orientation&quot;:&quot;0&quot;}\" data-image-title=\"2B.-Suk\u0148a-kinte\u0161-Bzov\u00edk-pol.-20.-stor.-vy\u0161ila-kr\u00ed\u017eikmi-Anna-O\u010den\u00e1\u0161ov\u00e1-rod.-Bartikov\u00e1\" data-image-description=\"\" data-image-caption=\"\" data-medium-file=\"https:\/\/i0.wp.com\/www.atelier-reklama.sk\/blog\/wp-content\/uploads\/2023\/03\/2B.-Suk%C5%88a-kinte%C5%A1-Bzov%C3%ADk-pol.-20.-stor.-vy%C5%A1ila-kr%C3%AD%C5%BEikmi-Anna-O%C4%8Den%C3%A1%C5%A1ov%C3%A1-rod.-Bartikov%C3%A1-scaled.jpg?fit=300%2C212&amp;ssl=1\" data-large-file=\"https:\/\/i0.wp.com\/www.atelier-reklama.sk\/blog\/wp-content\/uploads\/2023\/03\/2B.-Suk%C5%88a-kinte%C5%A1-Bzov%C3%ADk-pol.-20.-stor.-vy%C5%A1ila-kr%C3%AD%C5%BEikmi-Anna-O%C4%8Den%C3%A1%C5%A1ov%C3%A1-rod.-Bartikov%C3%A1-scaled.jpg?fit=800%2C566&amp;ssl=1\" src=\"https:\/\/i0.wp.com\/www.atelier-reklama.sk\/blog\/wp-content\/uploads\/2023\/03\/2B.-Suk%C5%88a-kinte%C5%A1-Bzov%C3%ADk-pol.-20.-stor.-vy%C5%A1ila-kr%C3%AD%C5%BEikmi-Anna-O%C4%8Den%C3%A1%C5%A1ov%C3%A1-rod.-Bartikov%C3%A1.jpg?resize=800%2C566&#038;ssl=1\" alt=\"\" class=\"wp-image-13277\" srcset=\"https:\/\/i0.wp.com\/www.atelier-reklama.sk\/blog\/wp-content\/uploads\/2023\/03\/2B.-Suk%C5%88a-kinte%C5%A1-Bzov%C3%ADk-pol.-20.-stor.-vy%C5%A1ila-kr%C3%AD%C5%BEikmi-Anna-O%C4%8Den%C3%A1%C5%A1ov%C3%A1-rod.-Bartikov%C3%A1-scaled.jpg?resize=1024%2C724&amp;ssl=1 1024w, https:\/\/i0.wp.com\/www.atelier-reklama.sk\/blog\/wp-content\/uploads\/2023\/03\/2B.-Suk%C5%88a-kinte%C5%A1-Bzov%C3%ADk-pol.-20.-stor.-vy%C5%A1ila-kr%C3%AD%C5%BEikmi-Anna-O%C4%8Den%C3%A1%C5%A1ov%C3%A1-rod.-Bartikov%C3%A1-scaled.jpg?resize=300%2C212&amp;ssl=1 300w, https:\/\/i0.wp.com\/www.atelier-reklama.sk\/blog\/wp-content\/uploads\/2023\/03\/2B.-Suk%C5%88a-kinte%C5%A1-Bzov%C3%ADk-pol.-20.-stor.-vy%C5%A1ila-kr%C3%AD%C5%BEikmi-Anna-O%C4%8Den%C3%A1%C5%A1ov%C3%A1-rod.-Bartikov%C3%A1-scaled.jpg?resize=768%2C543&amp;ssl=1 768w, https:\/\/i0.wp.com\/www.atelier-reklama.sk\/blog\/wp-content\/uploads\/2023\/03\/2B.-Suk%C5%88a-kinte%C5%A1-Bzov%C3%ADk-pol.-20.-stor.-vy%C5%A1ila-kr%C3%AD%C5%BEikmi-Anna-O%C4%8Den%C3%A1%C5%A1ov%C3%A1-rod.-Bartikov%C3%A1-scaled.jpg?resize=1536%2C1086&amp;ssl=1 1536w, https:\/\/i0.wp.com\/www.atelier-reklama.sk\/blog\/wp-content\/uploads\/2023\/03\/2B.-Suk%C5%88a-kinte%C5%A1-Bzov%C3%ADk-pol.-20.-stor.-vy%C5%A1ila-kr%C3%AD%C5%BEikmi-Anna-O%C4%8Den%C3%A1%C5%A1ov%C3%A1-rod.-Bartikov%C3%A1-scaled.jpg?resize=2048%2C1448&amp;ssl=1 2048w, https:\/\/i0.wp.com\/www.atelier-reklama.sk\/blog\/wp-content\/uploads\/2023\/03\/2B.-Suk%C5%88a-kinte%C5%A1-Bzov%C3%ADk-pol.-20.-stor.-vy%C5%A1ila-kr%C3%AD%C5%BEikmi-Anna-O%C4%8Den%C3%A1%C5%A1ov%C3%A1-rod.-Bartikov%C3%A1-scaled.jpg?w=1600&amp;ssl=1 1600w, https:\/\/i0.wp.com\/www.atelier-reklama.sk\/blog\/wp-content\/uploads\/2023\/03\/2B.-Suk%C5%88a-kinte%C5%A1-Bzov%C3%ADk-pol.-20.-stor.-vy%C5%A1ila-kr%C3%AD%C5%BEikmi-Anna-O%C4%8Den%C3%A1%C5%A1ov%C3%A1-rod.-Bartikov%C3%A1-scaled.jpg?w=2400&amp;ssl=1 2400w\" sizes=\"auto, (max-width: 800px) 100vw, 800px\" \/><\/figure>\n\n\n\n<figure class=\"wp-block-image size-large\"><img data-recalc-dims=\"1\" loading=\"lazy\" decoding=\"async\" width=\"800\" height=\"254\" data-attachment-id=\"13280\" data-permalink=\"https:\/\/www.atelier-reklama.sk\/blog\/moj-krekacsky-kroj-a-jeho-prekreslene-vzory-spolu\/2d-sukna-kintes-bzovik-pol-20-stor-vysila-krizikmi-anna-ocenasova-rod-bartikova\/\" data-orig-file=\"https:\/\/i0.wp.com\/www.atelier-reklama.sk\/blog\/wp-content\/uploads\/2023\/03\/2D.-Suk%C5%88a-kinte%C5%A1-Bzov%C3%ADk-pol.-20.-stor.-vy%C5%A1ila-kr%C3%AD%C5%BEikmi-Anna-O%C4%8Den%C3%A1%C5%A1ov%C3%A1-rod.-Bartikov%C3%A1-scaled.jpg?fit=2560%2C813&amp;ssl=1\" data-orig-size=\"2560,813\" data-comments-opened=\"1\" data-image-meta=\"{&quot;aperture&quot;:&quot;2&quot;,&quot;credit&quot;:&quot;&quot;,&quot;camera&quot;:&quot;SM-A125F&quot;,&quot;caption&quot;:&quot;&quot;,&quot;created_timestamp&quot;:&quot;1679138841&quot;,&quot;copyright&quot;:&quot;&quot;,&quot;focal_length&quot;:&quot;4.6&quot;,&quot;iso&quot;:&quot;250&quot;,&quot;shutter_speed&quot;:&quot;0.03&quot;,&quot;title&quot;:&quot;&quot;,&quot;orientation&quot;:&quot;1&quot;}\" data-image-title=\"2D.-Suk\u0148a-kinte\u0161-Bzov\u00edk-pol.-20.-stor.-vy\u0161ila-kr\u00ed\u017eikmi-Anna-O\u010den\u00e1\u0161ov\u00e1-rod.-Bartikov\u00e1\" data-image-description=\"\" data-image-caption=\"\" data-medium-file=\"https:\/\/i0.wp.com\/www.atelier-reklama.sk\/blog\/wp-content\/uploads\/2023\/03\/2D.-Suk%C5%88a-kinte%C5%A1-Bzov%C3%ADk-pol.-20.-stor.-vy%C5%A1ila-kr%C3%AD%C5%BEikmi-Anna-O%C4%8Den%C3%A1%C5%A1ov%C3%A1-rod.-Bartikov%C3%A1-scaled.jpg?fit=300%2C95&amp;ssl=1\" data-large-file=\"https:\/\/i0.wp.com\/www.atelier-reklama.sk\/blog\/wp-content\/uploads\/2023\/03\/2D.-Suk%C5%88a-kinte%C5%A1-Bzov%C3%ADk-pol.-20.-stor.-vy%C5%A1ila-kr%C3%AD%C5%BEikmi-Anna-O%C4%8Den%C3%A1%C5%A1ov%C3%A1-rod.-Bartikov%C3%A1-scaled.jpg?fit=800%2C254&amp;ssl=1\" src=\"https:\/\/i0.wp.com\/www.atelier-reklama.sk\/blog\/wp-content\/uploads\/2023\/03\/2D.-Suk%C5%88a-kinte%C5%A1-Bzov%C3%ADk-pol.-20.-stor.-vy%C5%A1ila-kr%C3%AD%C5%BEikmi-Anna-O%C4%8Den%C3%A1%C5%A1ov%C3%A1-rod.-Bartikov%C3%A1.jpg?resize=800%2C254&#038;ssl=1\" alt=\"\" class=\"wp-image-13280\" srcset=\"https:\/\/i0.wp.com\/www.atelier-reklama.sk\/blog\/wp-content\/uploads\/2023\/03\/2D.-Suk%C5%88a-kinte%C5%A1-Bzov%C3%ADk-pol.-20.-stor.-vy%C5%A1ila-kr%C3%AD%C5%BEikmi-Anna-O%C4%8Den%C3%A1%C5%A1ov%C3%A1-rod.-Bartikov%C3%A1-scaled.jpg?resize=1024%2C325&amp;ssl=1 1024w, https:\/\/i0.wp.com\/www.atelier-reklama.sk\/blog\/wp-content\/uploads\/2023\/03\/2D.-Suk%C5%88a-kinte%C5%A1-Bzov%C3%ADk-pol.-20.-stor.-vy%C5%A1ila-kr%C3%AD%C5%BEikmi-Anna-O%C4%8Den%C3%A1%C5%A1ov%C3%A1-rod.-Bartikov%C3%A1-scaled.jpg?resize=300%2C95&amp;ssl=1 300w, https:\/\/i0.wp.com\/www.atelier-reklama.sk\/blog\/wp-content\/uploads\/2023\/03\/2D.-Suk%C5%88a-kinte%C5%A1-Bzov%C3%ADk-pol.-20.-stor.-vy%C5%A1ila-kr%C3%AD%C5%BEikmi-Anna-O%C4%8Den%C3%A1%C5%A1ov%C3%A1-rod.-Bartikov%C3%A1-scaled.jpg?resize=768%2C244&amp;ssl=1 768w, https:\/\/i0.wp.com\/www.atelier-reklama.sk\/blog\/wp-content\/uploads\/2023\/03\/2D.-Suk%C5%88a-kinte%C5%A1-Bzov%C3%ADk-pol.-20.-stor.-vy%C5%A1ila-kr%C3%AD%C5%BEikmi-Anna-O%C4%8Den%C3%A1%C5%A1ov%C3%A1-rod.-Bartikov%C3%A1-scaled.jpg?resize=1536%2C488&amp;ssl=1 1536w, https:\/\/i0.wp.com\/www.atelier-reklama.sk\/blog\/wp-content\/uploads\/2023\/03\/2D.-Suk%C5%88a-kinte%C5%A1-Bzov%C3%ADk-pol.-20.-stor.-vy%C5%A1ila-kr%C3%AD%C5%BEikmi-Anna-O%C4%8Den%C3%A1%C5%A1ov%C3%A1-rod.-Bartikov%C3%A1-scaled.jpg?resize=2048%2C650&amp;ssl=1 2048w, https:\/\/i0.wp.com\/www.atelier-reklama.sk\/blog\/wp-content\/uploads\/2023\/03\/2D.-Suk%C5%88a-kinte%C5%A1-Bzov%C3%ADk-pol.-20.-stor.-vy%C5%A1ila-kr%C3%AD%C5%BEikmi-Anna-O%C4%8Den%C3%A1%C5%A1ov%C3%A1-rod.-Bartikov%C3%A1-scaled.jpg?w=1600&amp;ssl=1 1600w, https:\/\/i0.wp.com\/www.atelier-reklama.sk\/blog\/wp-content\/uploads\/2023\/03\/2D.-Suk%C5%88a-kinte%C5%A1-Bzov%C3%ADk-pol.-20.-stor.-vy%C5%A1ila-kr%C3%AD%C5%BEikmi-Anna-O%C4%8Den%C3%A1%C5%A1ov%C3%A1-rod.-Bartikov%C3%A1-scaled.jpg?w=2400&amp;ssl=1 2400w\" sizes=\"auto, (max-width: 800px) 100vw, 800px\" \/><\/figure>\n\n\n\n<figure class=\"wp-block-image size-large\"><img data-recalc-dims=\"1\" loading=\"lazy\" decoding=\"async\" width=\"800\" height=\"600\" data-attachment-id=\"13278\" data-permalink=\"https:\/\/www.atelier-reklama.sk\/blog\/moj-krekacsky-kroj-a-jeho-prekreslene-vzory-spolu\/2f-sukna-kintes-bzovik-pol-20-stor-vysila-krizikmi-anna-ocenasova-rod-bartikova\/\" data-orig-file=\"https:\/\/i0.wp.com\/www.atelier-reklama.sk\/blog\/wp-content\/uploads\/2023\/03\/2F.-Suk%C5%88a-kinte%C5%A1-Bzov%C3%ADk-pol.-20.-stor.-vy%C5%A1ila-kr%C3%AD%C5%BEikmi-Anna-O%C4%8Den%C3%A1%C5%A1ov%C3%A1-rod.-Bartikov%C3%A1-scaled.jpg?fit=2560%2C1920&amp;ssl=1\" data-orig-size=\"2560,1920\" data-comments-opened=\"1\" data-image-meta=\"{&quot;aperture&quot;:&quot;2&quot;,&quot;credit&quot;:&quot;&quot;,&quot;camera&quot;:&quot;SM-A125F&quot;,&quot;caption&quot;:&quot;&quot;,&quot;created_timestamp&quot;:&quot;1679220993&quot;,&quot;copyright&quot;:&quot;&quot;,&quot;focal_length&quot;:&quot;4.6&quot;,&quot;iso&quot;:&quot;200&quot;,&quot;shutter_speed&quot;:&quot;0.03&quot;,&quot;title&quot;:&quot;&quot;,&quot;orientation&quot;:&quot;1&quot;}\" data-image-title=\"2F.-Suk\u0148a-kinte\u0161-Bzov\u00edk-pol.-20.-stor.-vy\u0161ila-kr\u00ed\u017eikmi-Anna-O\u010den\u00e1\u0161ov\u00e1-rod.-Bartikov\u00e1\" data-image-description=\"\" data-image-caption=\"\" data-medium-file=\"https:\/\/i0.wp.com\/www.atelier-reklama.sk\/blog\/wp-content\/uploads\/2023\/03\/2F.-Suk%C5%88a-kinte%C5%A1-Bzov%C3%ADk-pol.-20.-stor.-vy%C5%A1ila-kr%C3%AD%C5%BEikmi-Anna-O%C4%8Den%C3%A1%C5%A1ov%C3%A1-rod.-Bartikov%C3%A1-scaled.jpg?fit=300%2C225&amp;ssl=1\" data-large-file=\"https:\/\/i0.wp.com\/www.atelier-reklama.sk\/blog\/wp-content\/uploads\/2023\/03\/2F.-Suk%C5%88a-kinte%C5%A1-Bzov%C3%ADk-pol.-20.-stor.-vy%C5%A1ila-kr%C3%AD%C5%BEikmi-Anna-O%C4%8Den%C3%A1%C5%A1ov%C3%A1-rod.-Bartikov%C3%A1-scaled.jpg?fit=800%2C600&amp;ssl=1\" src=\"https:\/\/i0.wp.com\/www.atelier-reklama.sk\/blog\/wp-content\/uploads\/2023\/03\/2F.-Suk%C5%88a-kinte%C5%A1-Bzov%C3%ADk-pol.-20.-stor.-vy%C5%A1ila-kr%C3%AD%C5%BEikmi-Anna-O%C4%8Den%C3%A1%C5%A1ov%C3%A1-rod.-Bartikov%C3%A1.jpg?resize=800%2C600&#038;ssl=1\" alt=\"\" class=\"wp-image-13278\" srcset=\"https:\/\/i0.wp.com\/www.atelier-reklama.sk\/blog\/wp-content\/uploads\/2023\/03\/2F.-Suk%C5%88a-kinte%C5%A1-Bzov%C3%ADk-pol.-20.-stor.-vy%C5%A1ila-kr%C3%AD%C5%BEikmi-Anna-O%C4%8Den%C3%A1%C5%A1ov%C3%A1-rod.-Bartikov%C3%A1-scaled.jpg?resize=1024%2C768&amp;ssl=1 1024w, https:\/\/i0.wp.com\/www.atelier-reklama.sk\/blog\/wp-content\/uploads\/2023\/03\/2F.-Suk%C5%88a-kinte%C5%A1-Bzov%C3%ADk-pol.-20.-stor.-vy%C5%A1ila-kr%C3%AD%C5%BEikmi-Anna-O%C4%8Den%C3%A1%C5%A1ov%C3%A1-rod.-Bartikov%C3%A1-scaled.jpg?resize=300%2C225&amp;ssl=1 300w, https:\/\/i0.wp.com\/www.atelier-reklama.sk\/blog\/wp-content\/uploads\/2023\/03\/2F.-Suk%C5%88a-kinte%C5%A1-Bzov%C3%ADk-pol.-20.-stor.-vy%C5%A1ila-kr%C3%AD%C5%BEikmi-Anna-O%C4%8Den%C3%A1%C5%A1ov%C3%A1-rod.-Bartikov%C3%A1-scaled.jpg?resize=768%2C576&amp;ssl=1 768w, https:\/\/i0.wp.com\/www.atelier-reklama.sk\/blog\/wp-content\/uploads\/2023\/03\/2F.-Suk%C5%88a-kinte%C5%A1-Bzov%C3%ADk-pol.-20.-stor.-vy%C5%A1ila-kr%C3%AD%C5%BEikmi-Anna-O%C4%8Den%C3%A1%C5%A1ov%C3%A1-rod.-Bartikov%C3%A1-scaled.jpg?resize=1536%2C1152&amp;ssl=1 1536w, https:\/\/i0.wp.com\/www.atelier-reklama.sk\/blog\/wp-content\/uploads\/2023\/03\/2F.-Suk%C5%88a-kinte%C5%A1-Bzov%C3%ADk-pol.-20.-stor.-vy%C5%A1ila-kr%C3%AD%C5%BEikmi-Anna-O%C4%8Den%C3%A1%C5%A1ov%C3%A1-rod.-Bartikov%C3%A1-scaled.jpg?resize=2048%2C1536&amp;ssl=1 2048w, https:\/\/i0.wp.com\/www.atelier-reklama.sk\/blog\/wp-content\/uploads\/2023\/03\/2F.-Suk%C5%88a-kinte%C5%A1-Bzov%C3%ADk-pol.-20.-stor.-vy%C5%A1ila-kr%C3%AD%C5%BEikmi-Anna-O%C4%8Den%C3%A1%C5%A1ov%C3%A1-rod.-Bartikov%C3%A1-scaled.jpg?w=1600&amp;ssl=1 1600w, https:\/\/i0.wp.com\/www.atelier-reklama.sk\/blog\/wp-content\/uploads\/2023\/03\/2F.-Suk%C5%88a-kinte%C5%A1-Bzov%C3%ADk-pol.-20.-stor.-vy%C5%A1ila-kr%C3%AD%C5%BEikmi-Anna-O%C4%8Den%C3%A1%C5%A1ov%C3%A1-rod.-Bartikov%C3%A1-scaled.jpg?w=2400&amp;ssl=1 2400w\" sizes=\"auto, (max-width: 800px) 100vw, 800px\" \/><\/figure>\n\n\n\n<figure class=\"wp-block-image size-large\"><img data-recalc-dims=\"1\" loading=\"lazy\" decoding=\"async\" width=\"800\" height=\"420\" data-attachment-id=\"13279\" data-permalink=\"https:\/\/www.atelier-reklama.sk\/blog\/moj-krekacsky-kroj-a-jeho-prekreslene-vzory-spolu\/2e-sukna-kintes-bzovik-pol-20-stor-vysila-krizikmi-anna-ocenasova-rod-bartikova\/\" data-orig-file=\"https:\/\/i0.wp.com\/www.atelier-reklama.sk\/blog\/wp-content\/uploads\/2023\/03\/2E.-Suk%C5%88a-kinte%C5%A1-Bzov%C3%ADk-pol.-20.-stor.-vy%C5%A1ila-kr%C3%AD%C5%BEikmi-Anna-O%C4%8Den%C3%A1%C5%A1ov%C3%A1-rod.-Bartikov%C3%A1-scaled.jpg?fit=2560%2C1343&amp;ssl=1\" data-orig-size=\"2560,1343\" data-comments-opened=\"1\" data-image-meta=\"{&quot;aperture&quot;:&quot;2&quot;,&quot;credit&quot;:&quot;&quot;,&quot;camera&quot;:&quot;SM-A125F&quot;,&quot;caption&quot;:&quot;&quot;,&quot;created_timestamp&quot;:&quot;1679220887&quot;,&quot;copyright&quot;:&quot;&quot;,&quot;focal_length&quot;:&quot;4.6&quot;,&quot;iso&quot;:&quot;200&quot;,&quot;shutter_speed&quot;:&quot;0.03&quot;,&quot;title&quot;:&quot;&quot;,&quot;orientation&quot;:&quot;1&quot;}\" data-image-title=\"2E.-Suk\u0148a-kinte\u0161-Bzov\u00edk-pol.-20.-stor.-vy\u0161ila-kr\u00ed\u017eikmi-Anna-O\u010den\u00e1\u0161ov\u00e1-rod.-Bartikov\u00e1\" data-image-description=\"\" data-image-caption=\"\" data-medium-file=\"https:\/\/i0.wp.com\/www.atelier-reklama.sk\/blog\/wp-content\/uploads\/2023\/03\/2E.-Suk%C5%88a-kinte%C5%A1-Bzov%C3%ADk-pol.-20.-stor.-vy%C5%A1ila-kr%C3%AD%C5%BEikmi-Anna-O%C4%8Den%C3%A1%C5%A1ov%C3%A1-rod.-Bartikov%C3%A1-scaled.jpg?fit=300%2C157&amp;ssl=1\" data-large-file=\"https:\/\/i0.wp.com\/www.atelier-reklama.sk\/blog\/wp-content\/uploads\/2023\/03\/2E.-Suk%C5%88a-kinte%C5%A1-Bzov%C3%ADk-pol.-20.-stor.-vy%C5%A1ila-kr%C3%AD%C5%BEikmi-Anna-O%C4%8Den%C3%A1%C5%A1ov%C3%A1-rod.-Bartikov%C3%A1-scaled.jpg?fit=800%2C420&amp;ssl=1\" src=\"https:\/\/i0.wp.com\/www.atelier-reklama.sk\/blog\/wp-content\/uploads\/2023\/03\/2E.-Suk%C5%88a-kinte%C5%A1-Bzov%C3%ADk-pol.-20.-stor.-vy%C5%A1ila-kr%C3%AD%C5%BEikmi-Anna-O%C4%8Den%C3%A1%C5%A1ov%C3%A1-rod.-Bartikov%C3%A1.jpg?resize=800%2C420&#038;ssl=1\" alt=\"\" class=\"wp-image-13279\" srcset=\"https:\/\/i0.wp.com\/www.atelier-reklama.sk\/blog\/wp-content\/uploads\/2023\/03\/2E.-Suk%C5%88a-kinte%C5%A1-Bzov%C3%ADk-pol.-20.-stor.-vy%C5%A1ila-kr%C3%AD%C5%BEikmi-Anna-O%C4%8Den%C3%A1%C5%A1ov%C3%A1-rod.-Bartikov%C3%A1-scaled.jpg?resize=1024%2C537&amp;ssl=1 1024w, https:\/\/i0.wp.com\/www.atelier-reklama.sk\/blog\/wp-content\/uploads\/2023\/03\/2E.-Suk%C5%88a-kinte%C5%A1-Bzov%C3%ADk-pol.-20.-stor.-vy%C5%A1ila-kr%C3%AD%C5%BEikmi-Anna-O%C4%8Den%C3%A1%C5%A1ov%C3%A1-rod.-Bartikov%C3%A1-scaled.jpg?resize=300%2C157&amp;ssl=1 300w, https:\/\/i0.wp.com\/www.atelier-reklama.sk\/blog\/wp-content\/uploads\/2023\/03\/2E.-Suk%C5%88a-kinte%C5%A1-Bzov%C3%ADk-pol.-20.-stor.-vy%C5%A1ila-kr%C3%AD%C5%BEikmi-Anna-O%C4%8Den%C3%A1%C5%A1ov%C3%A1-rod.-Bartikov%C3%A1-scaled.jpg?resize=768%2C403&amp;ssl=1 768w, https:\/\/i0.wp.com\/www.atelier-reklama.sk\/blog\/wp-content\/uploads\/2023\/03\/2E.-Suk%C5%88a-kinte%C5%A1-Bzov%C3%ADk-pol.-20.-stor.-vy%C5%A1ila-kr%C3%AD%C5%BEikmi-Anna-O%C4%8Den%C3%A1%C5%A1ov%C3%A1-rod.-Bartikov%C3%A1-scaled.jpg?resize=1536%2C806&amp;ssl=1 1536w, https:\/\/i0.wp.com\/www.atelier-reklama.sk\/blog\/wp-content\/uploads\/2023\/03\/2E.-Suk%C5%88a-kinte%C5%A1-Bzov%C3%ADk-pol.-20.-stor.-vy%C5%A1ila-kr%C3%AD%C5%BEikmi-Anna-O%C4%8Den%C3%A1%C5%A1ov%C3%A1-rod.-Bartikov%C3%A1-scaled.jpg?resize=2048%2C1075&amp;ssl=1 2048w, https:\/\/i0.wp.com\/www.atelier-reklama.sk\/blog\/wp-content\/uploads\/2023\/03\/2E.-Suk%C5%88a-kinte%C5%A1-Bzov%C3%ADk-pol.-20.-stor.-vy%C5%A1ila-kr%C3%AD%C5%BEikmi-Anna-O%C4%8Den%C3%A1%C5%A1ov%C3%A1-rod.-Bartikov%C3%A1-scaled.jpg?resize=390%2C205&amp;ssl=1 390w, https:\/\/i0.wp.com\/www.atelier-reklama.sk\/blog\/wp-content\/uploads\/2023\/03\/2E.-Suk%C5%88a-kinte%C5%A1-Bzov%C3%ADk-pol.-20.-stor.-vy%C5%A1ila-kr%C3%AD%C5%BEikmi-Anna-O%C4%8Den%C3%A1%C5%A1ov%C3%A1-rod.-Bartikov%C3%A1-scaled.jpg?w=1600&amp;ssl=1 1600w, https:\/\/i0.wp.com\/www.atelier-reklama.sk\/blog\/wp-content\/uploads\/2023\/03\/2E.-Suk%C5%88a-kinte%C5%A1-Bzov%C3%ADk-pol.-20.-stor.-vy%C5%A1ila-kr%C3%AD%C5%BEikmi-Anna-O%C4%8Den%C3%A1%C5%A1ov%C3%A1-rod.-Bartikov%C3%A1-scaled.jpg?w=2400&amp;ssl=1 2400w\" sizes=\"auto, (max-width: 800px) 100vw, 800px\" \/><\/figure>\n\n\n\n<p>Suk\u0148a, kinte\u0161, Jal\u0161ov\u00edk, prv\u00e1 pol. 20. stor., vy\u0161it\u00e9 kr\u00ed\u017eikmi, p\u00f4vodn\u00fd vlastn\u00edk nezn\u00e1my<\/p>\n\n\n\n<figure class=\"wp-block-image size-large\"><img data-recalc-dims=\"1\" loading=\"lazy\" decoding=\"async\" width=\"800\" height=\"600\" data-attachment-id=\"13281\" data-permalink=\"https:\/\/www.atelier-reklama.sk\/blog\/moj-krekacsky-kroj-a-jeho-prekreslene-vzory-spolu\/3-sukna-kintes-jalsovik-prva-pol-20-stor-vysite-krizikmi-povodny-vlastnik-neznamy\/\" data-orig-file=\"https:\/\/i0.wp.com\/www.atelier-reklama.sk\/blog\/wp-content\/uploads\/2023\/03\/3.-Suk%C5%88a-kinte%C5%A1-Jal%C5%A1ov%C3%ADk-prv%C3%A1-pol.-20.-stor.-vy%C5%A1it%C3%A9-kr%C3%AD%C5%BEikmi-p%C3%B4vodn%C3%BD-vlastn%C3%ADk-nezn%C3%A1my-scaled.jpg?fit=2560%2C1920&amp;ssl=1\" data-orig-size=\"2560,1920\" data-comments-opened=\"1\" data-image-meta=\"{&quot;aperture&quot;:&quot;2&quot;,&quot;credit&quot;:&quot;&quot;,&quot;camera&quot;:&quot;SM-A125F&quot;,&quot;caption&quot;:&quot;&quot;,&quot;created_timestamp&quot;:&quot;1679141961&quot;,&quot;copyright&quot;:&quot;&quot;,&quot;focal_length&quot;:&quot;4.6&quot;,&quot;iso&quot;:&quot;200&quot;,&quot;shutter_speed&quot;:&quot;0.030002&quot;,&quot;title&quot;:&quot;&quot;,&quot;orientation&quot;:&quot;1&quot;}\" data-image-title=\"3.-Suk\u0148a-kinte\u0161-Jal\u0161ov\u00edk-prv\u00e1-pol.-20.-stor.-vy\u0161it\u00e9-kr\u00ed\u017eikmi-p\u00f4vodn\u00fd-vlastn\u00edk-nezn\u00e1my\" data-image-description=\"\" data-image-caption=\"\" data-medium-file=\"https:\/\/i0.wp.com\/www.atelier-reklama.sk\/blog\/wp-content\/uploads\/2023\/03\/3.-Suk%C5%88a-kinte%C5%A1-Jal%C5%A1ov%C3%ADk-prv%C3%A1-pol.-20.-stor.-vy%C5%A1it%C3%A9-kr%C3%AD%C5%BEikmi-p%C3%B4vodn%C3%BD-vlastn%C3%ADk-nezn%C3%A1my-scaled.jpg?fit=300%2C225&amp;ssl=1\" data-large-file=\"https:\/\/i0.wp.com\/www.atelier-reklama.sk\/blog\/wp-content\/uploads\/2023\/03\/3.-Suk%C5%88a-kinte%C5%A1-Jal%C5%A1ov%C3%ADk-prv%C3%A1-pol.-20.-stor.-vy%C5%A1it%C3%A9-kr%C3%AD%C5%BEikmi-p%C3%B4vodn%C3%BD-vlastn%C3%ADk-nezn%C3%A1my-scaled.jpg?fit=800%2C600&amp;ssl=1\" src=\"https:\/\/i0.wp.com\/www.atelier-reklama.sk\/blog\/wp-content\/uploads\/2023\/03\/3.-Suk%C5%88a-kinte%C5%A1-Jal%C5%A1ov%C3%ADk-prv%C3%A1-pol.-20.-stor.-vy%C5%A1it%C3%A9-kr%C3%AD%C5%BEikmi-p%C3%B4vodn%C3%BD-vlastn%C3%ADk-nezn%C3%A1my.jpg?resize=800%2C600&#038;ssl=1\" alt=\"\" class=\"wp-image-13281\" srcset=\"https:\/\/i0.wp.com\/www.atelier-reklama.sk\/blog\/wp-content\/uploads\/2023\/03\/3.-Suk%C5%88a-kinte%C5%A1-Jal%C5%A1ov%C3%ADk-prv%C3%A1-pol.-20.-stor.-vy%C5%A1it%C3%A9-kr%C3%AD%C5%BEikmi-p%C3%B4vodn%C3%BD-vlastn%C3%ADk-nezn%C3%A1my-scaled.jpg?resize=1024%2C768&amp;ssl=1 1024w, https:\/\/i0.wp.com\/www.atelier-reklama.sk\/blog\/wp-content\/uploads\/2023\/03\/3.-Suk%C5%88a-kinte%C5%A1-Jal%C5%A1ov%C3%ADk-prv%C3%A1-pol.-20.-stor.-vy%C5%A1it%C3%A9-kr%C3%AD%C5%BEikmi-p%C3%B4vodn%C3%BD-vlastn%C3%ADk-nezn%C3%A1my-scaled.jpg?resize=300%2C225&amp;ssl=1 300w, https:\/\/i0.wp.com\/www.atelier-reklama.sk\/blog\/wp-content\/uploads\/2023\/03\/3.-Suk%C5%88a-kinte%C5%A1-Jal%C5%A1ov%C3%ADk-prv%C3%A1-pol.-20.-stor.-vy%C5%A1it%C3%A9-kr%C3%AD%C5%BEikmi-p%C3%B4vodn%C3%BD-vlastn%C3%ADk-nezn%C3%A1my-scaled.jpg?resize=768%2C576&amp;ssl=1 768w, https:\/\/i0.wp.com\/www.atelier-reklama.sk\/blog\/wp-content\/uploads\/2023\/03\/3.-Suk%C5%88a-kinte%C5%A1-Jal%C5%A1ov%C3%ADk-prv%C3%A1-pol.-20.-stor.-vy%C5%A1it%C3%A9-kr%C3%AD%C5%BEikmi-p%C3%B4vodn%C3%BD-vlastn%C3%ADk-nezn%C3%A1my-scaled.jpg?resize=1536%2C1152&amp;ssl=1 1536w, https:\/\/i0.wp.com\/www.atelier-reklama.sk\/blog\/wp-content\/uploads\/2023\/03\/3.-Suk%C5%88a-kinte%C5%A1-Jal%C5%A1ov%C3%ADk-prv%C3%A1-pol.-20.-stor.-vy%C5%A1it%C3%A9-kr%C3%AD%C5%BEikmi-p%C3%B4vodn%C3%BD-vlastn%C3%ADk-nezn%C3%A1my-scaled.jpg?resize=2048%2C1536&amp;ssl=1 2048w, https:\/\/i0.wp.com\/www.atelier-reklama.sk\/blog\/wp-content\/uploads\/2023\/03\/3.-Suk%C5%88a-kinte%C5%A1-Jal%C5%A1ov%C3%ADk-prv%C3%A1-pol.-20.-stor.-vy%C5%A1it%C3%A9-kr%C3%AD%C5%BEikmi-p%C3%B4vodn%C3%BD-vlastn%C3%ADk-nezn%C3%A1my-scaled.jpg?w=1600&amp;ssl=1 1600w, https:\/\/i0.wp.com\/www.atelier-reklama.sk\/blog\/wp-content\/uploads\/2023\/03\/3.-Suk%C5%88a-kinte%C5%A1-Jal%C5%A1ov%C3%ADk-prv%C3%A1-pol.-20.-stor.-vy%C5%A1it%C3%A9-kr%C3%AD%C5%BEikmi-p%C3%B4vodn%C3%BD-vlastn%C3%ADk-nezn%C3%A1my-scaled.jpg?w=2400&amp;ssl=1 2400w\" sizes=\"auto, (max-width: 800px) 100vw, 800px\" \/><\/figure>\n\n\n\n<figure class=\"wp-block-image size-large\"><img data-recalc-dims=\"1\" loading=\"lazy\" decoding=\"async\" width=\"800\" height=\"566\" data-attachment-id=\"13282\" data-permalink=\"https:\/\/www.atelier-reklama.sk\/blog\/moj-krekacsky-kroj-a-jeho-prekreslene-vzory-spolu\/3b-sukna-kintes-jalsovik-prva-pol-20-stor-vysite-krizikmi-povodny-vlastnik-neznamy\/\" data-orig-file=\"https:\/\/i0.wp.com\/www.atelier-reklama.sk\/blog\/wp-content\/uploads\/2023\/03\/3B.-Suk%C5%88a-kinte%C5%A1-Jal%C5%A1ov%C3%ADk-prv%C3%A1-pol.-20.-stor.-vy%C5%A1it%C3%A9-kr%C3%AD%C5%BEikmi-p%C3%B4vodn%C3%BD-vlastn%C3%ADk-nezn%C3%A1my-scaled.jpg?fit=2560%2C1810&amp;ssl=1\" data-orig-size=\"2560,1810\" data-comments-opened=\"1\" data-image-meta=\"{&quot;aperture&quot;:&quot;0&quot;,&quot;credit&quot;:&quot;&quot;,&quot;camera&quot;:&quot;&quot;,&quot;caption&quot;:&quot;&quot;,&quot;created_timestamp&quot;:&quot;0&quot;,&quot;copyright&quot;:&quot;&quot;,&quot;focal_length&quot;:&quot;0&quot;,&quot;iso&quot;:&quot;0&quot;,&quot;shutter_speed&quot;:&quot;0&quot;,&quot;title&quot;:&quot;&quot;,&quot;orientation&quot;:&quot;1&quot;}\" data-image-title=\"3B.-Suk\u0148a-kinte\u0161-Jal\u0161ov\u00edk-prv\u00e1-pol.-20.-stor.-vy\u0161it\u00e9-kr\u00ed\u017eikmi-p\u00f4vodn\u00fd-vlastn\u00edk-nezn\u00e1my\" data-image-description=\"\" data-image-caption=\"\" data-medium-file=\"https:\/\/i0.wp.com\/www.atelier-reklama.sk\/blog\/wp-content\/uploads\/2023\/03\/3B.-Suk%C5%88a-kinte%C5%A1-Jal%C5%A1ov%C3%ADk-prv%C3%A1-pol.-20.-stor.-vy%C5%A1it%C3%A9-kr%C3%AD%C5%BEikmi-p%C3%B4vodn%C3%BD-vlastn%C3%ADk-nezn%C3%A1my-scaled.jpg?fit=300%2C212&amp;ssl=1\" data-large-file=\"https:\/\/i0.wp.com\/www.atelier-reklama.sk\/blog\/wp-content\/uploads\/2023\/03\/3B.-Suk%C5%88a-kinte%C5%A1-Jal%C5%A1ov%C3%ADk-prv%C3%A1-pol.-20.-stor.-vy%C5%A1it%C3%A9-kr%C3%AD%C5%BEikmi-p%C3%B4vodn%C3%BD-vlastn%C3%ADk-nezn%C3%A1my-scaled.jpg?fit=800%2C566&amp;ssl=1\" src=\"https:\/\/i0.wp.com\/www.atelier-reklama.sk\/blog\/wp-content\/uploads\/2023\/03\/3B.-Suk%C5%88a-kinte%C5%A1-Jal%C5%A1ov%C3%ADk-prv%C3%A1-pol.-20.-stor.-vy%C5%A1it%C3%A9-kr%C3%AD%C5%BEikmi-p%C3%B4vodn%C3%BD-vlastn%C3%ADk-nezn%C3%A1my.jpg?resize=800%2C566&#038;ssl=1\" alt=\"\" class=\"wp-image-13282\" srcset=\"https:\/\/i0.wp.com\/www.atelier-reklama.sk\/blog\/wp-content\/uploads\/2023\/03\/3B.-Suk%C5%88a-kinte%C5%A1-Jal%C5%A1ov%C3%ADk-prv%C3%A1-pol.-20.-stor.-vy%C5%A1it%C3%A9-kr%C3%AD%C5%BEikmi-p%C3%B4vodn%C3%BD-vlastn%C3%ADk-nezn%C3%A1my-scaled.jpg?resize=1024%2C724&amp;ssl=1 1024w, https:\/\/i0.wp.com\/www.atelier-reklama.sk\/blog\/wp-content\/uploads\/2023\/03\/3B.-Suk%C5%88a-kinte%C5%A1-Jal%C5%A1ov%C3%ADk-prv%C3%A1-pol.-20.-stor.-vy%C5%A1it%C3%A9-kr%C3%AD%C5%BEikmi-p%C3%B4vodn%C3%BD-vlastn%C3%ADk-nezn%C3%A1my-scaled.jpg?resize=300%2C212&amp;ssl=1 300w, https:\/\/i0.wp.com\/www.atelier-reklama.sk\/blog\/wp-content\/uploads\/2023\/03\/3B.-Suk%C5%88a-kinte%C5%A1-Jal%C5%A1ov%C3%ADk-prv%C3%A1-pol.-20.-stor.-vy%C5%A1it%C3%A9-kr%C3%AD%C5%BEikmi-p%C3%B4vodn%C3%BD-vlastn%C3%ADk-nezn%C3%A1my-scaled.jpg?resize=768%2C543&amp;ssl=1 768w, https:\/\/i0.wp.com\/www.atelier-reklama.sk\/blog\/wp-content\/uploads\/2023\/03\/3B.-Suk%C5%88a-kinte%C5%A1-Jal%C5%A1ov%C3%ADk-prv%C3%A1-pol.-20.-stor.-vy%C5%A1it%C3%A9-kr%C3%AD%C5%BEikmi-p%C3%B4vodn%C3%BD-vlastn%C3%ADk-nezn%C3%A1my-scaled.jpg?resize=1536%2C1086&amp;ssl=1 1536w, https:\/\/i0.wp.com\/www.atelier-reklama.sk\/blog\/wp-content\/uploads\/2023\/03\/3B.-Suk%C5%88a-kinte%C5%A1-Jal%C5%A1ov%C3%ADk-prv%C3%A1-pol.-20.-stor.-vy%C5%A1it%C3%A9-kr%C3%AD%C5%BEikmi-p%C3%B4vodn%C3%BD-vlastn%C3%ADk-nezn%C3%A1my-scaled.jpg?resize=2048%2C1448&amp;ssl=1 2048w, https:\/\/i0.wp.com\/www.atelier-reklama.sk\/blog\/wp-content\/uploads\/2023\/03\/3B.-Suk%C5%88a-kinte%C5%A1-Jal%C5%A1ov%C3%ADk-prv%C3%A1-pol.-20.-stor.-vy%C5%A1it%C3%A9-kr%C3%AD%C5%BEikmi-p%C3%B4vodn%C3%BD-vlastn%C3%ADk-nezn%C3%A1my-scaled.jpg?w=1600&amp;ssl=1 1600w, https:\/\/i0.wp.com\/www.atelier-reklama.sk\/blog\/wp-content\/uploads\/2023\/03\/3B.-Suk%C5%88a-kinte%C5%A1-Jal%C5%A1ov%C3%ADk-prv%C3%A1-pol.-20.-stor.-vy%C5%A1it%C3%A9-kr%C3%AD%C5%BEikmi-p%C3%B4vodn%C3%BD-vlastn%C3%ADk-nezn%C3%A1my-scaled.jpg?w=2400&amp;ssl=1 2400w\" sizes=\"auto, (max-width: 800px) 100vw, 800px\" \/><\/figure>\n\n\n\n<figure class=\"wp-block-image size-large\"><img data-recalc-dims=\"1\" loading=\"lazy\" decoding=\"async\" width=\"800\" height=\"331\" data-attachment-id=\"13283\" data-permalink=\"https:\/\/www.atelier-reklama.sk\/blog\/moj-krekacsky-kroj-a-jeho-prekreslene-vzory-spolu\/3c-sukna-kintes-jalsovik-prva-pol-20-stor-vysite-krizikmi-povodny-vlastnik-neznamy\/\" data-orig-file=\"https:\/\/i0.wp.com\/www.atelier-reklama.sk\/blog\/wp-content\/uploads\/2023\/03\/3C.-Suk%C5%88a-kinte%C5%A1-Jal%C5%A1ov%C3%ADk-prv%C3%A1-pol.-20.-stor.-vy%C5%A1it%C3%A9-kr%C3%AD%C5%BEikmi-p%C3%B4vodn%C3%BD-vlastn%C3%ADk-nezn%C3%A1my-scaled.jpg?fit=2560%2C1061&amp;ssl=1\" data-orig-size=\"2560,1061\" data-comments-opened=\"1\" data-image-meta=\"{&quot;aperture&quot;:&quot;2&quot;,&quot;credit&quot;:&quot;&quot;,&quot;camera&quot;:&quot;SM-A125F&quot;,&quot;caption&quot;:&quot;&quot;,&quot;created_timestamp&quot;:&quot;1679141967&quot;,&quot;copyright&quot;:&quot;&quot;,&quot;focal_length&quot;:&quot;4.6&quot;,&quot;iso&quot;:&quot;200&quot;,&quot;shutter_speed&quot;:&quot;0.030002&quot;,&quot;title&quot;:&quot;&quot;,&quot;orientation&quot;:&quot;1&quot;}\" data-image-title=\"3C.-Suk\u0148a-kinte\u0161-Jal\u0161ov\u00edk-prv\u00e1-pol.-20.-stor.-vy\u0161it\u00e9-kr\u00ed\u017eikmi-p\u00f4vodn\u00fd-vlastn\u00edk-nezn\u00e1my\" data-image-description=\"\" data-image-caption=\"\" data-medium-file=\"https:\/\/i0.wp.com\/www.atelier-reklama.sk\/blog\/wp-content\/uploads\/2023\/03\/3C.-Suk%C5%88a-kinte%C5%A1-Jal%C5%A1ov%C3%ADk-prv%C3%A1-pol.-20.-stor.-vy%C5%A1it%C3%A9-kr%C3%AD%C5%BEikmi-p%C3%B4vodn%C3%BD-vlastn%C3%ADk-nezn%C3%A1my-scaled.jpg?fit=300%2C124&amp;ssl=1\" data-large-file=\"https:\/\/i0.wp.com\/www.atelier-reklama.sk\/blog\/wp-content\/uploads\/2023\/03\/3C.-Suk%C5%88a-kinte%C5%A1-Jal%C5%A1ov%C3%ADk-prv%C3%A1-pol.-20.-stor.-vy%C5%A1it%C3%A9-kr%C3%AD%C5%BEikmi-p%C3%B4vodn%C3%BD-vlastn%C3%ADk-nezn%C3%A1my-scaled.jpg?fit=800%2C331&amp;ssl=1\" src=\"https:\/\/i0.wp.com\/www.atelier-reklama.sk\/blog\/wp-content\/uploads\/2023\/03\/3C.-Suk%C5%88a-kinte%C5%A1-Jal%C5%A1ov%C3%ADk-prv%C3%A1-pol.-20.-stor.-vy%C5%A1it%C3%A9-kr%C3%AD%C5%BEikmi-p%C3%B4vodn%C3%BD-vlastn%C3%ADk-nezn%C3%A1my.jpg?resize=800%2C331&#038;ssl=1\" alt=\"\" class=\"wp-image-13283\" srcset=\"https:\/\/i0.wp.com\/www.atelier-reklama.sk\/blog\/wp-content\/uploads\/2023\/03\/3C.-Suk%C5%88a-kinte%C5%A1-Jal%C5%A1ov%C3%ADk-prv%C3%A1-pol.-20.-stor.-vy%C5%A1it%C3%A9-kr%C3%AD%C5%BEikmi-p%C3%B4vodn%C3%BD-vlastn%C3%ADk-nezn%C3%A1my-scaled.jpg?resize=1024%2C424&amp;ssl=1 1024w, https:\/\/i0.wp.com\/www.atelier-reklama.sk\/blog\/wp-content\/uploads\/2023\/03\/3C.-Suk%C5%88a-kinte%C5%A1-Jal%C5%A1ov%C3%ADk-prv%C3%A1-pol.-20.-stor.-vy%C5%A1it%C3%A9-kr%C3%AD%C5%BEikmi-p%C3%B4vodn%C3%BD-vlastn%C3%ADk-nezn%C3%A1my-scaled.jpg?resize=300%2C124&amp;ssl=1 300w, https:\/\/i0.wp.com\/www.atelier-reklama.sk\/blog\/wp-content\/uploads\/2023\/03\/3C.-Suk%C5%88a-kinte%C5%A1-Jal%C5%A1ov%C3%ADk-prv%C3%A1-pol.-20.-stor.-vy%C5%A1it%C3%A9-kr%C3%AD%C5%BEikmi-p%C3%B4vodn%C3%BD-vlastn%C3%ADk-nezn%C3%A1my-scaled.jpg?resize=768%2C318&amp;ssl=1 768w, https:\/\/i0.wp.com\/www.atelier-reklama.sk\/blog\/wp-content\/uploads\/2023\/03\/3C.-Suk%C5%88a-kinte%C5%A1-Jal%C5%A1ov%C3%ADk-prv%C3%A1-pol.-20.-stor.-vy%C5%A1it%C3%A9-kr%C3%AD%C5%BEikmi-p%C3%B4vodn%C3%BD-vlastn%C3%ADk-nezn%C3%A1my-scaled.jpg?resize=1536%2C636&amp;ssl=1 1536w, https:\/\/i0.wp.com\/www.atelier-reklama.sk\/blog\/wp-content\/uploads\/2023\/03\/3C.-Suk%C5%88a-kinte%C5%A1-Jal%C5%A1ov%C3%ADk-prv%C3%A1-pol.-20.-stor.-vy%C5%A1it%C3%A9-kr%C3%AD%C5%BEikmi-p%C3%B4vodn%C3%BD-vlastn%C3%ADk-nezn%C3%A1my-scaled.jpg?resize=2048%2C849&amp;ssl=1 2048w, https:\/\/i0.wp.com\/www.atelier-reklama.sk\/blog\/wp-content\/uploads\/2023\/03\/3C.-Suk%C5%88a-kinte%C5%A1-Jal%C5%A1ov%C3%ADk-prv%C3%A1-pol.-20.-stor.-vy%C5%A1it%C3%A9-kr%C3%AD%C5%BEikmi-p%C3%B4vodn%C3%BD-vlastn%C3%ADk-nezn%C3%A1my-scaled.jpg?w=1600&amp;ssl=1 1600w, https:\/\/i0.wp.com\/www.atelier-reklama.sk\/blog\/wp-content\/uploads\/2023\/03\/3C.-Suk%C5%88a-kinte%C5%A1-Jal%C5%A1ov%C3%ADk-prv%C3%A1-pol.-20.-stor.-vy%C5%A1it%C3%A9-kr%C3%AD%C5%BEikmi-p%C3%B4vodn%C3%BD-vlastn%C3%ADk-nezn%C3%A1my-scaled.jpg?w=2400&amp;ssl=1 2400w\" sizes=\"auto, (max-width: 800px) 100vw, 800px\" \/><\/figure>\n\n\n\n<figure class=\"wp-block-image size-large\"><img data-recalc-dims=\"1\" loading=\"lazy\" decoding=\"async\" width=\"800\" height=\"884\" data-attachment-id=\"13284\" data-permalink=\"https:\/\/www.atelier-reklama.sk\/blog\/moj-krekacsky-kroj-a-jeho-prekreslene-vzory-spolu\/3d-sukna-kintes-jalsovik-prva-pol-20-stor-vysite-krizikmi-povodny-vlastnik-neznamy\/\" data-orig-file=\"https:\/\/i0.wp.com\/www.atelier-reklama.sk\/blog\/wp-content\/uploads\/2023\/03\/3D.-Suk%C5%88a-kinte%C5%A1-Jal%C5%A1ov%C3%ADk-prv%C3%A1-pol.-20.-stor.-vy%C5%A1it%C3%A9-kr%C3%AD%C5%BEikmi-p%C3%B4vodn%C3%BD-vlastn%C3%ADk-nezn%C3%A1my-scaled.jpg?fit=2317%2C2560&amp;ssl=1\" data-orig-size=\"2317,2560\" data-comments-opened=\"1\" data-image-meta=\"{&quot;aperture&quot;:&quot;2&quot;,&quot;credit&quot;:&quot;&quot;,&quot;camera&quot;:&quot;SM-A125F&quot;,&quot;caption&quot;:&quot;&quot;,&quot;created_timestamp&quot;:&quot;1679141994&quot;,&quot;copyright&quot;:&quot;&quot;,&quot;focal_length&quot;:&quot;4.6&quot;,&quot;iso&quot;:&quot;250&quot;,&quot;shutter_speed&quot;:&quot;0.030002&quot;,&quot;title&quot;:&quot;&quot;,&quot;orientation&quot;:&quot;1&quot;}\" data-image-title=\"3D.-Suk\u0148a-kinte\u0161-Jal\u0161ov\u00edk-prv\u00e1-pol.-20.-stor.-vy\u0161it\u00e9-kr\u00ed\u017eikmi-p\u00f4vodn\u00fd-vlastn\u00edk-nezn\u00e1my\" data-image-description=\"\" data-image-caption=\"\" data-medium-file=\"https:\/\/i0.wp.com\/www.atelier-reklama.sk\/blog\/wp-content\/uploads\/2023\/03\/3D.-Suk%C5%88a-kinte%C5%A1-Jal%C5%A1ov%C3%ADk-prv%C3%A1-pol.-20.-stor.-vy%C5%A1it%C3%A9-kr%C3%AD%C5%BEikmi-p%C3%B4vodn%C3%BD-vlastn%C3%ADk-nezn%C3%A1my-scaled.jpg?fit=271%2C300&amp;ssl=1\" data-large-file=\"https:\/\/i0.wp.com\/www.atelier-reklama.sk\/blog\/wp-content\/uploads\/2023\/03\/3D.-Suk%C5%88a-kinte%C5%A1-Jal%C5%A1ov%C3%ADk-prv%C3%A1-pol.-20.-stor.-vy%C5%A1it%C3%A9-kr%C3%AD%C5%BEikmi-p%C3%B4vodn%C3%BD-vlastn%C3%ADk-nezn%C3%A1my-scaled.jpg?fit=800%2C884&amp;ssl=1\" src=\"https:\/\/i0.wp.com\/www.atelier-reklama.sk\/blog\/wp-content\/uploads\/2023\/03\/3D.-Suk%C5%88a-kinte%C5%A1-Jal%C5%A1ov%C3%ADk-prv%C3%A1-pol.-20.-stor.-vy%C5%A1it%C3%A9-kr%C3%AD%C5%BEikmi-p%C3%B4vodn%C3%BD-vlastn%C3%ADk-nezn%C3%A1my.jpg?resize=800%2C884&#038;ssl=1\" alt=\"\" class=\"wp-image-13284\" srcset=\"https:\/\/i0.wp.com\/www.atelier-reklama.sk\/blog\/wp-content\/uploads\/2023\/03\/3D.-Suk%C5%88a-kinte%C5%A1-Jal%C5%A1ov%C3%ADk-prv%C3%A1-pol.-20.-stor.-vy%C5%A1it%C3%A9-kr%C3%AD%C5%BEikmi-p%C3%B4vodn%C3%BD-vlastn%C3%ADk-nezn%C3%A1my-scaled.jpg?resize=927%2C1024&amp;ssl=1 927w, https:\/\/i0.wp.com\/www.atelier-reklama.sk\/blog\/wp-content\/uploads\/2023\/03\/3D.-Suk%C5%88a-kinte%C5%A1-Jal%C5%A1ov%C3%ADk-prv%C3%A1-pol.-20.-stor.-vy%C5%A1it%C3%A9-kr%C3%AD%C5%BEikmi-p%C3%B4vodn%C3%BD-vlastn%C3%ADk-nezn%C3%A1my-scaled.jpg?resize=271%2C300&amp;ssl=1 271w, https:\/\/i0.wp.com\/www.atelier-reklama.sk\/blog\/wp-content\/uploads\/2023\/03\/3D.-Suk%C5%88a-kinte%C5%A1-Jal%C5%A1ov%C3%ADk-prv%C3%A1-pol.-20.-stor.-vy%C5%A1it%C3%A9-kr%C3%AD%C5%BEikmi-p%C3%B4vodn%C3%BD-vlastn%C3%ADk-nezn%C3%A1my-scaled.jpg?resize=768%2C849&amp;ssl=1 768w, https:\/\/i0.wp.com\/www.atelier-reklama.sk\/blog\/wp-content\/uploads\/2023\/03\/3D.-Suk%C5%88a-kinte%C5%A1-Jal%C5%A1ov%C3%ADk-prv%C3%A1-pol.-20.-stor.-vy%C5%A1it%C3%A9-kr%C3%AD%C5%BEikmi-p%C3%B4vodn%C3%BD-vlastn%C3%ADk-nezn%C3%A1my-scaled.jpg?resize=1390%2C1536&amp;ssl=1 1390w, https:\/\/i0.wp.com\/www.atelier-reklama.sk\/blog\/wp-content\/uploads\/2023\/03\/3D.-Suk%C5%88a-kinte%C5%A1-Jal%C5%A1ov%C3%ADk-prv%C3%A1-pol.-20.-stor.-vy%C5%A1it%C3%A9-kr%C3%AD%C5%BEikmi-p%C3%B4vodn%C3%BD-vlastn%C3%ADk-nezn%C3%A1my-scaled.jpg?resize=1853%2C2048&amp;ssl=1 1853w, https:\/\/i0.wp.com\/www.atelier-reklama.sk\/blog\/wp-content\/uploads\/2023\/03\/3D.-Suk%C5%88a-kinte%C5%A1-Jal%C5%A1ov%C3%ADk-prv%C3%A1-pol.-20.-stor.-vy%C5%A1it%C3%A9-kr%C3%AD%C5%BEikmi-p%C3%B4vodn%C3%BD-vlastn%C3%ADk-nezn%C3%A1my-scaled.jpg?w=1600&amp;ssl=1 1600w\" sizes=\"auto, (max-width: 800px) 100vw, 800px\" \/><\/figure>\n\n\n\n<figure class=\"wp-block-image size-large\"><img data-recalc-dims=\"1\" loading=\"lazy\" decoding=\"async\" width=\"800\" height=\"363\" data-attachment-id=\"13285\" data-permalink=\"https:\/\/www.atelier-reklama.sk\/blog\/moj-krekacsky-kroj-a-jeho-prekreslene-vzory-spolu\/3e-sukna-kintes-jalsovik-prva-pol-20-stor-vysite-krizikmi-povodny-vlastnik-neznamy\/\" data-orig-file=\"https:\/\/i0.wp.com\/www.atelier-reklama.sk\/blog\/wp-content\/uploads\/2023\/03\/3E.-Suk%C5%88a-kinte%C5%A1-Jal%C5%A1ov%C3%ADk-prv%C3%A1-pol.-20.-stor.-vy%C5%A1it%C3%A9-kr%C3%AD%C5%BEikmi-p%C3%B4vodn%C3%BD-vlastn%C3%ADk-nezn%C3%A1my-scaled.jpg?fit=2560%2C1162&amp;ssl=1\" data-orig-size=\"2560,1162\" data-comments-opened=\"1\" data-image-meta=\"{&quot;aperture&quot;:&quot;2&quot;,&quot;credit&quot;:&quot;&quot;,&quot;camera&quot;:&quot;SM-A125F&quot;,&quot;caption&quot;:&quot;&quot;,&quot;created_timestamp&quot;:&quot;1679142074&quot;,&quot;copyright&quot;:&quot;&quot;,&quot;focal_length&quot;:&quot;4.6&quot;,&quot;iso&quot;:&quot;250&quot;,&quot;shutter_speed&quot;:&quot;0.039998&quot;,&quot;title&quot;:&quot;&quot;,&quot;orientation&quot;:&quot;1&quot;}\" data-image-title=\"3E.-Suk\u0148a-kinte\u0161-Jal\u0161ov\u00edk-prv\u00e1-pol.-20.-stor.-vy\u0161it\u00e9-kr\u00ed\u017eikmi-p\u00f4vodn\u00fd-vlastn\u00edk-nezn\u00e1my\" data-image-description=\"\" data-image-caption=\"\" data-medium-file=\"https:\/\/i0.wp.com\/www.atelier-reklama.sk\/blog\/wp-content\/uploads\/2023\/03\/3E.-Suk%C5%88a-kinte%C5%A1-Jal%C5%A1ov%C3%ADk-prv%C3%A1-pol.-20.-stor.-vy%C5%A1it%C3%A9-kr%C3%AD%C5%BEikmi-p%C3%B4vodn%C3%BD-vlastn%C3%ADk-nezn%C3%A1my-scaled.jpg?fit=300%2C136&amp;ssl=1\" data-large-file=\"https:\/\/i0.wp.com\/www.atelier-reklama.sk\/blog\/wp-content\/uploads\/2023\/03\/3E.-Suk%C5%88a-kinte%C5%A1-Jal%C5%A1ov%C3%ADk-prv%C3%A1-pol.-20.-stor.-vy%C5%A1it%C3%A9-kr%C3%AD%C5%BEikmi-p%C3%B4vodn%C3%BD-vlastn%C3%ADk-nezn%C3%A1my-scaled.jpg?fit=800%2C363&amp;ssl=1\" src=\"https:\/\/i0.wp.com\/www.atelier-reklama.sk\/blog\/wp-content\/uploads\/2023\/03\/3E.-Suk%C5%88a-kinte%C5%A1-Jal%C5%A1ov%C3%ADk-prv%C3%A1-pol.-20.-stor.-vy%C5%A1it%C3%A9-kr%C3%AD%C5%BEikmi-p%C3%B4vodn%C3%BD-vlastn%C3%ADk-nezn%C3%A1my.jpg?resize=800%2C363&#038;ssl=1\" alt=\"\" class=\"wp-image-13285\" srcset=\"https:\/\/i0.wp.com\/www.atelier-reklama.sk\/blog\/wp-content\/uploads\/2023\/03\/3E.-Suk%C5%88a-kinte%C5%A1-Jal%C5%A1ov%C3%ADk-prv%C3%A1-pol.-20.-stor.-vy%C5%A1it%C3%A9-kr%C3%AD%C5%BEikmi-p%C3%B4vodn%C3%BD-vlastn%C3%ADk-nezn%C3%A1my-scaled.jpg?resize=1024%2C465&amp;ssl=1 1024w, https:\/\/i0.wp.com\/www.atelier-reklama.sk\/blog\/wp-content\/uploads\/2023\/03\/3E.-Suk%C5%88a-kinte%C5%A1-Jal%C5%A1ov%C3%ADk-prv%C3%A1-pol.-20.-stor.-vy%C5%A1it%C3%A9-kr%C3%AD%C5%BEikmi-p%C3%B4vodn%C3%BD-vlastn%C3%ADk-nezn%C3%A1my-scaled.jpg?resize=300%2C136&amp;ssl=1 300w, https:\/\/i0.wp.com\/www.atelier-reklama.sk\/blog\/wp-content\/uploads\/2023\/03\/3E.-Suk%C5%88a-kinte%C5%A1-Jal%C5%A1ov%C3%ADk-prv%C3%A1-pol.-20.-stor.-vy%C5%A1it%C3%A9-kr%C3%AD%C5%BEikmi-p%C3%B4vodn%C3%BD-vlastn%C3%ADk-nezn%C3%A1my-scaled.jpg?resize=768%2C349&amp;ssl=1 768w, https:\/\/i0.wp.com\/www.atelier-reklama.sk\/blog\/wp-content\/uploads\/2023\/03\/3E.-Suk%C5%88a-kinte%C5%A1-Jal%C5%A1ov%C3%ADk-prv%C3%A1-pol.-20.-stor.-vy%C5%A1it%C3%A9-kr%C3%AD%C5%BEikmi-p%C3%B4vodn%C3%BD-vlastn%C3%ADk-nezn%C3%A1my-scaled.jpg?resize=1536%2C697&amp;ssl=1 1536w, https:\/\/i0.wp.com\/www.atelier-reklama.sk\/blog\/wp-content\/uploads\/2023\/03\/3E.-Suk%C5%88a-kinte%C5%A1-Jal%C5%A1ov%C3%ADk-prv%C3%A1-pol.-20.-stor.-vy%C5%A1it%C3%A9-kr%C3%AD%C5%BEikmi-p%C3%B4vodn%C3%BD-vlastn%C3%ADk-nezn%C3%A1my-scaled.jpg?resize=2048%2C930&amp;ssl=1 2048w, https:\/\/i0.wp.com\/www.atelier-reklama.sk\/blog\/wp-content\/uploads\/2023\/03\/3E.-Suk%C5%88a-kinte%C5%A1-Jal%C5%A1ov%C3%ADk-prv%C3%A1-pol.-20.-stor.-vy%C5%A1it%C3%A9-kr%C3%AD%C5%BEikmi-p%C3%B4vodn%C3%BD-vlastn%C3%ADk-nezn%C3%A1my-scaled.jpg?w=1600&amp;ssl=1 1600w, https:\/\/i0.wp.com\/www.atelier-reklama.sk\/blog\/wp-content\/uploads\/2023\/03\/3E.-Suk%C5%88a-kinte%C5%A1-Jal%C5%A1ov%C3%ADk-prv%C3%A1-pol.-20.-stor.-vy%C5%A1it%C3%A9-kr%C3%AD%C5%BEikmi-p%C3%B4vodn%C3%BD-vlastn%C3%ADk-nezn%C3%A1my-scaled.jpg?w=2400&amp;ssl=1 2400w\" sizes=\"auto, (max-width: 800px) 100vw, 800px\" \/><\/figure>\n\n\n\n<figure class=\"wp-block-image size-large\"><img data-recalc-dims=\"1\" loading=\"lazy\" decoding=\"async\" width=\"800\" height=\"773\" data-attachment-id=\"13286\" data-permalink=\"https:\/\/www.atelier-reklama.sk\/blog\/moj-krekacsky-kroj-a-jeho-prekreslene-vzory-spolu\/3f-sukna-kintes-jalsovik-prva-pol-20-stor-vysite-krizikmi-povodny-vlastnik-neznamy\/\" data-orig-file=\"https:\/\/i0.wp.com\/www.atelier-reklama.sk\/blog\/wp-content\/uploads\/2023\/03\/3F.-Suk%C5%88a-kinte%C5%A1-Jal%C5%A1ov%C3%ADk-prv%C3%A1-pol.-20.-stor.-vy%C5%A1it%C3%A9-kr%C3%AD%C5%BEikmi-p%C3%B4vodn%C3%BD-vlastn%C3%ADk-nezn%C3%A1my-scaled.jpg?fit=2560%2C2472&amp;ssl=1\" data-orig-size=\"2560,2472\" data-comments-opened=\"1\" data-image-meta=\"{&quot;aperture&quot;:&quot;2&quot;,&quot;credit&quot;:&quot;&quot;,&quot;camera&quot;:&quot;SM-A125F&quot;,&quot;caption&quot;:&quot;&quot;,&quot;created_timestamp&quot;:&quot;1679142059&quot;,&quot;copyright&quot;:&quot;&quot;,&quot;focal_length&quot;:&quot;4.6&quot;,&quot;iso&quot;:&quot;200&quot;,&quot;shutter_speed&quot;:&quot;0.030002&quot;,&quot;title&quot;:&quot;&quot;,&quot;orientation&quot;:&quot;1&quot;}\" data-image-title=\"3F.-Suk\u0148a-kinte\u0161-Jal\u0161ov\u00edk-prv\u00e1-pol.-20.-stor.-vy\u0161it\u00e9-kr\u00ed\u017eikmi-p\u00f4vodn\u00fd-vlastn\u00edk-nezn\u00e1my\" data-image-description=\"\" data-image-caption=\"\" data-medium-file=\"https:\/\/i0.wp.com\/www.atelier-reklama.sk\/blog\/wp-content\/uploads\/2023\/03\/3F.-Suk%C5%88a-kinte%C5%A1-Jal%C5%A1ov%C3%ADk-prv%C3%A1-pol.-20.-stor.-vy%C5%A1it%C3%A9-kr%C3%AD%C5%BEikmi-p%C3%B4vodn%C3%BD-vlastn%C3%ADk-nezn%C3%A1my-scaled.jpg?fit=300%2C290&amp;ssl=1\" data-large-file=\"https:\/\/i0.wp.com\/www.atelier-reklama.sk\/blog\/wp-content\/uploads\/2023\/03\/3F.-Suk%C5%88a-kinte%C5%A1-Jal%C5%A1ov%C3%ADk-prv%C3%A1-pol.-20.-stor.-vy%C5%A1it%C3%A9-kr%C3%AD%C5%BEikmi-p%C3%B4vodn%C3%BD-vlastn%C3%ADk-nezn%C3%A1my-scaled.jpg?fit=800%2C773&amp;ssl=1\" src=\"https:\/\/i0.wp.com\/www.atelier-reklama.sk\/blog\/wp-content\/uploads\/2023\/03\/3F.-Suk%C5%88a-kinte%C5%A1-Jal%C5%A1ov%C3%ADk-prv%C3%A1-pol.-20.-stor.-vy%C5%A1it%C3%A9-kr%C3%AD%C5%BEikmi-p%C3%B4vodn%C3%BD-vlastn%C3%ADk-nezn%C3%A1my.jpg?resize=800%2C773&#038;ssl=1\" alt=\"\" class=\"wp-image-13286\" srcset=\"https:\/\/i0.wp.com\/www.atelier-reklama.sk\/blog\/wp-content\/uploads\/2023\/03\/3F.-Suk%C5%88a-kinte%C5%A1-Jal%C5%A1ov%C3%ADk-prv%C3%A1-pol.-20.-stor.-vy%C5%A1it%C3%A9-kr%C3%AD%C5%BEikmi-p%C3%B4vodn%C3%BD-vlastn%C3%ADk-nezn%C3%A1my-scaled.jpg?resize=1024%2C989&amp;ssl=1 1024w, https:\/\/i0.wp.com\/www.atelier-reklama.sk\/blog\/wp-content\/uploads\/2023\/03\/3F.-Suk%C5%88a-kinte%C5%A1-Jal%C5%A1ov%C3%ADk-prv%C3%A1-pol.-20.-stor.-vy%C5%A1it%C3%A9-kr%C3%AD%C5%BEikmi-p%C3%B4vodn%C3%BD-vlastn%C3%ADk-nezn%C3%A1my-scaled.jpg?resize=300%2C290&amp;ssl=1 300w, https:\/\/i0.wp.com\/www.atelier-reklama.sk\/blog\/wp-content\/uploads\/2023\/03\/3F.-Suk%C5%88a-kinte%C5%A1-Jal%C5%A1ov%C3%ADk-prv%C3%A1-pol.-20.-stor.-vy%C5%A1it%C3%A9-kr%C3%AD%C5%BEikmi-p%C3%B4vodn%C3%BD-vlastn%C3%ADk-nezn%C3%A1my-scaled.jpg?resize=768%2C742&amp;ssl=1 768w, https:\/\/i0.wp.com\/www.atelier-reklama.sk\/blog\/wp-content\/uploads\/2023\/03\/3F.-Suk%C5%88a-kinte%C5%A1-Jal%C5%A1ov%C3%ADk-prv%C3%A1-pol.-20.-stor.-vy%C5%A1it%C3%A9-kr%C3%AD%C5%BEikmi-p%C3%B4vodn%C3%BD-vlastn%C3%ADk-nezn%C3%A1my-scaled.jpg?resize=1536%2C1483&amp;ssl=1 1536w, https:\/\/i0.wp.com\/www.atelier-reklama.sk\/blog\/wp-content\/uploads\/2023\/03\/3F.-Suk%C5%88a-kinte%C5%A1-Jal%C5%A1ov%C3%ADk-prv%C3%A1-pol.-20.-stor.-vy%C5%A1it%C3%A9-kr%C3%AD%C5%BEikmi-p%C3%B4vodn%C3%BD-vlastn%C3%ADk-nezn%C3%A1my-scaled.jpg?resize=2048%2C1978&amp;ssl=1 2048w, https:\/\/i0.wp.com\/www.atelier-reklama.sk\/blog\/wp-content\/uploads\/2023\/03\/3F.-Suk%C5%88a-kinte%C5%A1-Jal%C5%A1ov%C3%ADk-prv%C3%A1-pol.-20.-stor.-vy%C5%A1it%C3%A9-kr%C3%AD%C5%BEikmi-p%C3%B4vodn%C3%BD-vlastn%C3%ADk-nezn%C3%A1my-scaled.jpg?w=1600&amp;ssl=1 1600w, https:\/\/i0.wp.com\/www.atelier-reklama.sk\/blog\/wp-content\/uploads\/2023\/03\/3F.-Suk%C5%88a-kinte%C5%A1-Jal%C5%A1ov%C3%ADk-prv%C3%A1-pol.-20.-stor.-vy%C5%A1it%C3%A9-kr%C3%AD%C5%BEikmi-p%C3%B4vodn%C3%BD-vlastn%C3%ADk-nezn%C3%A1my-scaled.jpg?w=2400&amp;ssl=1 2400w\" sizes=\"auto, (max-width: 800px) 100vw, 800px\" \/><\/figure>\n\n\n\n<p>Suk\u0148a, kece\u013ea, Senohrad, vy\u0161it\u00e9 krivou ihlou, p\u00f4vodn\u00fd vlastn\u00edk nezn\u00e1my<\/p>\n\n\n\n<figure class=\"wp-block-image size-large\"><img data-recalc-dims=\"1\" loading=\"lazy\" decoding=\"async\" width=\"800\" height=\"591\" data-attachment-id=\"13287\" data-permalink=\"https:\/\/www.atelier-reklama.sk\/blog\/moj-krekacsky-kroj-a-jeho-prekreslene-vzory-spolu\/4-sukna-kecela-senohrad-vysite-krivou-ihlou-povodny-vlastnik-neznamy\/\" data-orig-file=\"https:\/\/i0.wp.com\/www.atelier-reklama.sk\/blog\/wp-content\/uploads\/2023\/03\/4.-Suk%C5%88a-kece%C4%BEa-Senohrad-vy%C5%A1it%C3%A9-krivou-ihlou-p%C3%B4vodn%C3%BD-vlastn%C3%ADk-nezn%C3%A1my-scaled.jpg?fit=2560%2C1890&amp;ssl=1\" data-orig-size=\"2560,1890\" data-comments-opened=\"1\" data-image-meta=\"{&quot;aperture&quot;:&quot;2&quot;,&quot;credit&quot;:&quot;&quot;,&quot;camera&quot;:&quot;SM-A125F&quot;,&quot;caption&quot;:&quot;&quot;,&quot;created_timestamp&quot;:&quot;1679151487&quot;,&quot;copyright&quot;:&quot;&quot;,&quot;focal_length&quot;:&quot;4.6&quot;,&quot;iso&quot;:&quot;250&quot;,&quot;shutter_speed&quot;:&quot;0.03&quot;,&quot;title&quot;:&quot;&quot;,&quot;orientation&quot;:&quot;1&quot;}\" data-image-title=\"4.-Suk\u0148a-kece\u013ea-Senohrad-vy\u0161it\u00e9-krivou-ihlou-p\u00f4vodn\u00fd-vlastn\u00edk-nezn\u00e1my\" data-image-description=\"\" data-image-caption=\"\" data-medium-file=\"https:\/\/i0.wp.com\/www.atelier-reklama.sk\/blog\/wp-content\/uploads\/2023\/03\/4.-Suk%C5%88a-kece%C4%BEa-Senohrad-vy%C5%A1it%C3%A9-krivou-ihlou-p%C3%B4vodn%C3%BD-vlastn%C3%ADk-nezn%C3%A1my-scaled.jpg?fit=300%2C221&amp;ssl=1\" data-large-file=\"https:\/\/i0.wp.com\/www.atelier-reklama.sk\/blog\/wp-content\/uploads\/2023\/03\/4.-Suk%C5%88a-kece%C4%BEa-Senohrad-vy%C5%A1it%C3%A9-krivou-ihlou-p%C3%B4vodn%C3%BD-vlastn%C3%ADk-nezn%C3%A1my-scaled.jpg?fit=800%2C591&amp;ssl=1\" src=\"https:\/\/i0.wp.com\/www.atelier-reklama.sk\/blog\/wp-content\/uploads\/2023\/03\/4.-Suk%C5%88a-kece%C4%BEa-Senohrad-vy%C5%A1it%C3%A9-krivou-ihlou-p%C3%B4vodn%C3%BD-vlastn%C3%ADk-nezn%C3%A1my.jpg?resize=800%2C591&#038;ssl=1\" alt=\"\" class=\"wp-image-13287\" srcset=\"https:\/\/i0.wp.com\/www.atelier-reklama.sk\/blog\/wp-content\/uploads\/2023\/03\/4.-Suk%C5%88a-kece%C4%BEa-Senohrad-vy%C5%A1it%C3%A9-krivou-ihlou-p%C3%B4vodn%C3%BD-vlastn%C3%ADk-nezn%C3%A1my-scaled.jpg?resize=1024%2C756&amp;ssl=1 1024w, https:\/\/i0.wp.com\/www.atelier-reklama.sk\/blog\/wp-content\/uploads\/2023\/03\/4.-Suk%C5%88a-kece%C4%BEa-Senohrad-vy%C5%A1it%C3%A9-krivou-ihlou-p%C3%B4vodn%C3%BD-vlastn%C3%ADk-nezn%C3%A1my-scaled.jpg?resize=300%2C221&amp;ssl=1 300w, https:\/\/i0.wp.com\/www.atelier-reklama.sk\/blog\/wp-content\/uploads\/2023\/03\/4.-Suk%C5%88a-kece%C4%BEa-Senohrad-vy%C5%A1it%C3%A9-krivou-ihlou-p%C3%B4vodn%C3%BD-vlastn%C3%ADk-nezn%C3%A1my-scaled.jpg?resize=768%2C567&amp;ssl=1 768w, https:\/\/i0.wp.com\/www.atelier-reklama.sk\/blog\/wp-content\/uploads\/2023\/03\/4.-Suk%C5%88a-kece%C4%BEa-Senohrad-vy%C5%A1it%C3%A9-krivou-ihlou-p%C3%B4vodn%C3%BD-vlastn%C3%ADk-nezn%C3%A1my-scaled.jpg?resize=1536%2C1134&amp;ssl=1 1536w, https:\/\/i0.wp.com\/www.atelier-reklama.sk\/blog\/wp-content\/uploads\/2023\/03\/4.-Suk%C5%88a-kece%C4%BEa-Senohrad-vy%C5%A1it%C3%A9-krivou-ihlou-p%C3%B4vodn%C3%BD-vlastn%C3%ADk-nezn%C3%A1my-scaled.jpg?resize=2048%2C1512&amp;ssl=1 2048w, https:\/\/i0.wp.com\/www.atelier-reklama.sk\/blog\/wp-content\/uploads\/2023\/03\/4.-Suk%C5%88a-kece%C4%BEa-Senohrad-vy%C5%A1it%C3%A9-krivou-ihlou-p%C3%B4vodn%C3%BD-vlastn%C3%ADk-nezn%C3%A1my-scaled.jpg?w=1600&amp;ssl=1 1600w, https:\/\/i0.wp.com\/www.atelier-reklama.sk\/blog\/wp-content\/uploads\/2023\/03\/4.-Suk%C5%88a-kece%C4%BEa-Senohrad-vy%C5%A1it%C3%A9-krivou-ihlou-p%C3%B4vodn%C3%BD-vlastn%C3%ADk-nezn%C3%A1my-scaled.jpg?w=2400&amp;ssl=1 2400w\" sizes=\"auto, (max-width: 800px) 100vw, 800px\" \/><\/figure>\n\n\n\n<figure class=\"wp-block-image size-large\"><img data-recalc-dims=\"1\" loading=\"lazy\" decoding=\"async\" width=\"800\" height=\"566\" data-attachment-id=\"13288\" data-permalink=\"https:\/\/www.atelier-reklama.sk\/blog\/moj-krekacsky-kroj-a-jeho-prekreslene-vzory-spolu\/4b-sukna-kecela-senohrad-vysite-krivou-ihlou-povodny-vlastnik-neznamy\/\" data-orig-file=\"https:\/\/i0.wp.com\/www.atelier-reklama.sk\/blog\/wp-content\/uploads\/2023\/03\/4B.-Suk%C5%88a-kece%C4%BEa-Senohrad-vy%C5%A1it%C3%A9-krivou-ihlou-p%C3%B4vodn%C3%BD-vlastn%C3%ADk-nezn%C3%A1my-scaled.jpg?fit=2560%2C1810&amp;ssl=1\" data-orig-size=\"2560,1810\" data-comments-opened=\"1\" data-image-meta=\"{&quot;aperture&quot;:&quot;0&quot;,&quot;credit&quot;:&quot;&quot;,&quot;camera&quot;:&quot;&quot;,&quot;caption&quot;:&quot;&quot;,&quot;created_timestamp&quot;:&quot;0&quot;,&quot;copyright&quot;:&quot;&quot;,&quot;focal_length&quot;:&quot;0&quot;,&quot;iso&quot;:&quot;0&quot;,&quot;shutter_speed&quot;:&quot;0&quot;,&quot;title&quot;:&quot;&quot;,&quot;orientation&quot;:&quot;0&quot;}\" data-image-title=\"4B.-Suk\u0148a-kece\u013ea-Senohrad-vy\u0161it\u00e9-krivou-ihlou-p\u00f4vodn\u00fd-vlastn\u00edk-nezn\u00e1my\" data-image-description=\"\" data-image-caption=\"\" data-medium-file=\"https:\/\/i0.wp.com\/www.atelier-reklama.sk\/blog\/wp-content\/uploads\/2023\/03\/4B.-Suk%C5%88a-kece%C4%BEa-Senohrad-vy%C5%A1it%C3%A9-krivou-ihlou-p%C3%B4vodn%C3%BD-vlastn%C3%ADk-nezn%C3%A1my-scaled.jpg?fit=300%2C212&amp;ssl=1\" data-large-file=\"https:\/\/i0.wp.com\/www.atelier-reklama.sk\/blog\/wp-content\/uploads\/2023\/03\/4B.-Suk%C5%88a-kece%C4%BEa-Senohrad-vy%C5%A1it%C3%A9-krivou-ihlou-p%C3%B4vodn%C3%BD-vlastn%C3%ADk-nezn%C3%A1my-scaled.jpg?fit=800%2C566&amp;ssl=1\" src=\"https:\/\/i0.wp.com\/www.atelier-reklama.sk\/blog\/wp-content\/uploads\/2023\/03\/4B.-Suk%C5%88a-kece%C4%BEa-Senohrad-vy%C5%A1it%C3%A9-krivou-ihlou-p%C3%B4vodn%C3%BD-vlastn%C3%ADk-nezn%C3%A1my.jpg?resize=800%2C566&#038;ssl=1\" alt=\"\" class=\"wp-image-13288\" srcset=\"https:\/\/i0.wp.com\/www.atelier-reklama.sk\/blog\/wp-content\/uploads\/2023\/03\/4B.-Suk%C5%88a-kece%C4%BEa-Senohrad-vy%C5%A1it%C3%A9-krivou-ihlou-p%C3%B4vodn%C3%BD-vlastn%C3%ADk-nezn%C3%A1my-scaled.jpg?resize=1024%2C724&amp;ssl=1 1024w, https:\/\/i0.wp.com\/www.atelier-reklama.sk\/blog\/wp-content\/uploads\/2023\/03\/4B.-Suk%C5%88a-kece%C4%BEa-Senohrad-vy%C5%A1it%C3%A9-krivou-ihlou-p%C3%B4vodn%C3%BD-vlastn%C3%ADk-nezn%C3%A1my-scaled.jpg?resize=300%2C212&amp;ssl=1 300w, https:\/\/i0.wp.com\/www.atelier-reklama.sk\/blog\/wp-content\/uploads\/2023\/03\/4B.-Suk%C5%88a-kece%C4%BEa-Senohrad-vy%C5%A1it%C3%A9-krivou-ihlou-p%C3%B4vodn%C3%BD-vlastn%C3%ADk-nezn%C3%A1my-scaled.jpg?resize=768%2C543&amp;ssl=1 768w, https:\/\/i0.wp.com\/www.atelier-reklama.sk\/blog\/wp-content\/uploads\/2023\/03\/4B.-Suk%C5%88a-kece%C4%BEa-Senohrad-vy%C5%A1it%C3%A9-krivou-ihlou-p%C3%B4vodn%C3%BD-vlastn%C3%ADk-nezn%C3%A1my-scaled.jpg?resize=1536%2C1086&amp;ssl=1 1536w, https:\/\/i0.wp.com\/www.atelier-reklama.sk\/blog\/wp-content\/uploads\/2023\/03\/4B.-Suk%C5%88a-kece%C4%BEa-Senohrad-vy%C5%A1it%C3%A9-krivou-ihlou-p%C3%B4vodn%C3%BD-vlastn%C3%ADk-nezn%C3%A1my-scaled.jpg?resize=2048%2C1448&amp;ssl=1 2048w, https:\/\/i0.wp.com\/www.atelier-reklama.sk\/blog\/wp-content\/uploads\/2023\/03\/4B.-Suk%C5%88a-kece%C4%BEa-Senohrad-vy%C5%A1it%C3%A9-krivou-ihlou-p%C3%B4vodn%C3%BD-vlastn%C3%ADk-nezn%C3%A1my-scaled.jpg?w=1600&amp;ssl=1 1600w, https:\/\/i0.wp.com\/www.atelier-reklama.sk\/blog\/wp-content\/uploads\/2023\/03\/4B.-Suk%C5%88a-kece%C4%BEa-Senohrad-vy%C5%A1it%C3%A9-krivou-ihlou-p%C3%B4vodn%C3%BD-vlastn%C3%ADk-nezn%C3%A1my-scaled.jpg?w=2400&amp;ssl=1 2400w\" sizes=\"auto, (max-width: 800px) 100vw, 800px\" \/><\/figure>\n\n\n\n<figure class=\"wp-block-image size-large\"><img data-recalc-dims=\"1\" loading=\"lazy\" decoding=\"async\" width=\"800\" height=\"392\" data-attachment-id=\"13289\" data-permalink=\"https:\/\/www.atelier-reklama.sk\/blog\/moj-krekacsky-kroj-a-jeho-prekreslene-vzory-spolu\/4e-sukna-kecela-senohrad-vysite-krivou-ihlou-povodny-vlastnik-neznamy\/\" data-orig-file=\"https:\/\/i0.wp.com\/www.atelier-reklama.sk\/blog\/wp-content\/uploads\/2023\/03\/4E.-Suk%C5%88a-kece%C4%BEa-Senohrad-vy%C5%A1it%C3%A9-krivou-ihlou-p%C3%B4vodn%C3%BD-vlastn%C3%ADk-nezn%C3%A1my-scaled.jpg?fit=2560%2C1256&amp;ssl=1\" data-orig-size=\"2560,1256\" data-comments-opened=\"1\" data-image-meta=\"{&quot;aperture&quot;:&quot;2&quot;,&quot;credit&quot;:&quot;&quot;,&quot;camera&quot;:&quot;SM-A125F&quot;,&quot;caption&quot;:&quot;&quot;,&quot;created_timestamp&quot;:&quot;1679151498&quot;,&quot;copyright&quot;:&quot;&quot;,&quot;focal_length&quot;:&quot;4.6&quot;,&quot;iso&quot;:&quot;200&quot;,&quot;shutter_speed&quot;:&quot;0.0399&quot;,&quot;title&quot;:&quot;&quot;,&quot;orientation&quot;:&quot;1&quot;}\" data-image-title=\"4E.-Suk\u0148a-kece\u013ea-Senohrad-vy\u0161it\u00e9-krivou-ihlou-p\u00f4vodn\u00fd-vlastn\u00edk-nezn\u00e1my\" data-image-description=\"\" data-image-caption=\"\" data-medium-file=\"https:\/\/i0.wp.com\/www.atelier-reklama.sk\/blog\/wp-content\/uploads\/2023\/03\/4E.-Suk%C5%88a-kece%C4%BEa-Senohrad-vy%C5%A1it%C3%A9-krivou-ihlou-p%C3%B4vodn%C3%BD-vlastn%C3%ADk-nezn%C3%A1my-scaled.jpg?fit=300%2C147&amp;ssl=1\" data-large-file=\"https:\/\/i0.wp.com\/www.atelier-reklama.sk\/blog\/wp-content\/uploads\/2023\/03\/4E.-Suk%C5%88a-kece%C4%BEa-Senohrad-vy%C5%A1it%C3%A9-krivou-ihlou-p%C3%B4vodn%C3%BD-vlastn%C3%ADk-nezn%C3%A1my-scaled.jpg?fit=800%2C392&amp;ssl=1\" src=\"https:\/\/i0.wp.com\/www.atelier-reklama.sk\/blog\/wp-content\/uploads\/2023\/03\/4E.-Suk%C5%88a-kece%C4%BEa-Senohrad-vy%C5%A1it%C3%A9-krivou-ihlou-p%C3%B4vodn%C3%BD-vlastn%C3%ADk-nezn%C3%A1my.jpg?resize=800%2C392&#038;ssl=1\" alt=\"\" class=\"wp-image-13289\" srcset=\"https:\/\/i0.wp.com\/www.atelier-reklama.sk\/blog\/wp-content\/uploads\/2023\/03\/4E.-Suk%C5%88a-kece%C4%BEa-Senohrad-vy%C5%A1it%C3%A9-krivou-ihlou-p%C3%B4vodn%C3%BD-vlastn%C3%ADk-nezn%C3%A1my-scaled.jpg?resize=1024%2C502&amp;ssl=1 1024w, https:\/\/i0.wp.com\/www.atelier-reklama.sk\/blog\/wp-content\/uploads\/2023\/03\/4E.-Suk%C5%88a-kece%C4%BEa-Senohrad-vy%C5%A1it%C3%A9-krivou-ihlou-p%C3%B4vodn%C3%BD-vlastn%C3%ADk-nezn%C3%A1my-scaled.jpg?resize=300%2C147&amp;ssl=1 300w, https:\/\/i0.wp.com\/www.atelier-reklama.sk\/blog\/wp-content\/uploads\/2023\/03\/4E.-Suk%C5%88a-kece%C4%BEa-Senohrad-vy%C5%A1it%C3%A9-krivou-ihlou-p%C3%B4vodn%C3%BD-vlastn%C3%ADk-nezn%C3%A1my-scaled.jpg?resize=768%2C377&amp;ssl=1 768w, https:\/\/i0.wp.com\/www.atelier-reklama.sk\/blog\/wp-content\/uploads\/2023\/03\/4E.-Suk%C5%88a-kece%C4%BEa-Senohrad-vy%C5%A1it%C3%A9-krivou-ihlou-p%C3%B4vodn%C3%BD-vlastn%C3%ADk-nezn%C3%A1my-scaled.jpg?resize=1536%2C754&amp;ssl=1 1536w, https:\/\/i0.wp.com\/www.atelier-reklama.sk\/blog\/wp-content\/uploads\/2023\/03\/4E.-Suk%C5%88a-kece%C4%BEa-Senohrad-vy%C5%A1it%C3%A9-krivou-ihlou-p%C3%B4vodn%C3%BD-vlastn%C3%ADk-nezn%C3%A1my-scaled.jpg?resize=2048%2C1005&amp;ssl=1 2048w, https:\/\/i0.wp.com\/www.atelier-reklama.sk\/blog\/wp-content\/uploads\/2023\/03\/4E.-Suk%C5%88a-kece%C4%BEa-Senohrad-vy%C5%A1it%C3%A9-krivou-ihlou-p%C3%B4vodn%C3%BD-vlastn%C3%ADk-nezn%C3%A1my-scaled.jpg?w=1600&amp;ssl=1 1600w, https:\/\/i0.wp.com\/www.atelier-reklama.sk\/blog\/wp-content\/uploads\/2023\/03\/4E.-Suk%C5%88a-kece%C4%BEa-Senohrad-vy%C5%A1it%C3%A9-krivou-ihlou-p%C3%B4vodn%C3%BD-vlastn%C3%ADk-nezn%C3%A1my-scaled.jpg?w=2400&amp;ssl=1 2400w\" sizes=\"auto, (max-width: 800px) 100vw, 800px\" \/><\/figure>\n\n\n\n<figure class=\"wp-block-image size-large\"><img data-recalc-dims=\"1\" loading=\"lazy\" decoding=\"async\" width=\"800\" height=\"569\" data-attachment-id=\"13290\" data-permalink=\"https:\/\/www.atelier-reklama.sk\/blog\/moj-krekacsky-kroj-a-jeho-prekreslene-vzory-spolu\/4d-sukna-kecela-senohrad-vysite-krivou-ihlou-povodny-vlastnik-neznamy\/\" data-orig-file=\"https:\/\/i0.wp.com\/www.atelier-reklama.sk\/blog\/wp-content\/uploads\/2023\/03\/4D.-Suk%C5%88a-kece%C4%BEa-Senohrad-vy%C5%A1it%C3%A9-krivou-ihlou-p%C3%B4vodn%C3%BD-vlastn%C3%ADk-nezn%C3%A1my-scaled.jpg?fit=2560%2C1820&amp;ssl=1\" data-orig-size=\"2560,1820\" data-comments-opened=\"1\" data-image-meta=\"{&quot;aperture&quot;:&quot;2&quot;,&quot;credit&quot;:&quot;&quot;,&quot;camera&quot;:&quot;SM-A125F&quot;,&quot;caption&quot;:&quot;&quot;,&quot;created_timestamp&quot;:&quot;1679151595&quot;,&quot;copyright&quot;:&quot;&quot;,&quot;focal_length&quot;:&quot;4.6&quot;,&quot;iso&quot;:&quot;200&quot;,&quot;shutter_speed&quot;:&quot;0.03&quot;,&quot;title&quot;:&quot;&quot;,&quot;orientation&quot;:&quot;1&quot;}\" data-image-title=\"4D.-Suk\u0148a-kece\u013ea-Senohrad-vy\u0161it\u00e9-krivou-ihlou-p\u00f4vodn\u00fd-vlastn\u00edk-nezn\u00e1my\" data-image-description=\"\" data-image-caption=\"\" data-medium-file=\"https:\/\/i0.wp.com\/www.atelier-reklama.sk\/blog\/wp-content\/uploads\/2023\/03\/4D.-Suk%C5%88a-kece%C4%BEa-Senohrad-vy%C5%A1it%C3%A9-krivou-ihlou-p%C3%B4vodn%C3%BD-vlastn%C3%ADk-nezn%C3%A1my-scaled.jpg?fit=300%2C213&amp;ssl=1\" data-large-file=\"https:\/\/i0.wp.com\/www.atelier-reklama.sk\/blog\/wp-content\/uploads\/2023\/03\/4D.-Suk%C5%88a-kece%C4%BEa-Senohrad-vy%C5%A1it%C3%A9-krivou-ihlou-p%C3%B4vodn%C3%BD-vlastn%C3%ADk-nezn%C3%A1my-scaled.jpg?fit=800%2C569&amp;ssl=1\" src=\"https:\/\/i0.wp.com\/www.atelier-reklama.sk\/blog\/wp-content\/uploads\/2023\/03\/4D.-Suk%C5%88a-kece%C4%BEa-Senohrad-vy%C5%A1it%C3%A9-krivou-ihlou-p%C3%B4vodn%C3%BD-vlastn%C3%ADk-nezn%C3%A1my.jpg?resize=800%2C569&#038;ssl=1\" alt=\"\" class=\"wp-image-13290\" srcset=\"https:\/\/i0.wp.com\/www.atelier-reklama.sk\/blog\/wp-content\/uploads\/2023\/03\/4D.-Suk%C5%88a-kece%C4%BEa-Senohrad-vy%C5%A1it%C3%A9-krivou-ihlou-p%C3%B4vodn%C3%BD-vlastn%C3%ADk-nezn%C3%A1my-scaled.jpg?resize=1024%2C728&amp;ssl=1 1024w, https:\/\/i0.wp.com\/www.atelier-reklama.sk\/blog\/wp-content\/uploads\/2023\/03\/4D.-Suk%C5%88a-kece%C4%BEa-Senohrad-vy%C5%A1it%C3%A9-krivou-ihlou-p%C3%B4vodn%C3%BD-vlastn%C3%ADk-nezn%C3%A1my-scaled.jpg?resize=300%2C213&amp;ssl=1 300w, https:\/\/i0.wp.com\/www.atelier-reklama.sk\/blog\/wp-content\/uploads\/2023\/03\/4D.-Suk%C5%88a-kece%C4%BEa-Senohrad-vy%C5%A1it%C3%A9-krivou-ihlou-p%C3%B4vodn%C3%BD-vlastn%C3%ADk-nezn%C3%A1my-scaled.jpg?resize=768%2C546&amp;ssl=1 768w, https:\/\/i0.wp.com\/www.atelier-reklama.sk\/blog\/wp-content\/uploads\/2023\/03\/4D.-Suk%C5%88a-kece%C4%BEa-Senohrad-vy%C5%A1it%C3%A9-krivou-ihlou-p%C3%B4vodn%C3%BD-vlastn%C3%ADk-nezn%C3%A1my-scaled.jpg?resize=1536%2C1092&amp;ssl=1 1536w, https:\/\/i0.wp.com\/www.atelier-reklama.sk\/blog\/wp-content\/uploads\/2023\/03\/4D.-Suk%C5%88a-kece%C4%BEa-Senohrad-vy%C5%A1it%C3%A9-krivou-ihlou-p%C3%B4vodn%C3%BD-vlastn%C3%ADk-nezn%C3%A1my-scaled.jpg?resize=2048%2C1456&amp;ssl=1 2048w, https:\/\/i0.wp.com\/www.atelier-reklama.sk\/blog\/wp-content\/uploads\/2023\/03\/4D.-Suk%C5%88a-kece%C4%BEa-Senohrad-vy%C5%A1it%C3%A9-krivou-ihlou-p%C3%B4vodn%C3%BD-vlastn%C3%ADk-nezn%C3%A1my-scaled.jpg?w=1600&amp;ssl=1 1600w, https:\/\/i0.wp.com\/www.atelier-reklama.sk\/blog\/wp-content\/uploads\/2023\/03\/4D.-Suk%C5%88a-kece%C4%BEa-Senohrad-vy%C5%A1it%C3%A9-krivou-ihlou-p%C3%B4vodn%C3%BD-vlastn%C3%ADk-nezn%C3%A1my-scaled.jpg?w=2400&amp;ssl=1 2400w\" sizes=\"auto, (max-width: 800px) 100vw, 800px\" \/><\/figure>\n\n\n\n<figure class=\"wp-block-image size-large\"><img data-recalc-dims=\"1\" loading=\"lazy\" decoding=\"async\" width=\"800\" height=\"580\" data-attachment-id=\"13291\" data-permalink=\"https:\/\/www.atelier-reklama.sk\/blog\/moj-krekacsky-kroj-a-jeho-prekreslene-vzory-spolu\/4f-sukna-kecela-senohrad-vysite-krivou-ihlou-povodny-vlastnik-neznamy\/\" data-orig-file=\"https:\/\/i0.wp.com\/www.atelier-reklama.sk\/blog\/wp-content\/uploads\/2023\/03\/4F.-Suk%C5%88a-kece%C4%BEa-Senohrad-vy%C5%A1it%C3%A9-krivou-ihlou-p%C3%B4vodn%C3%BD-vlastn%C3%ADk-nezn%C3%A1my-scaled.jpg?fit=2560%2C1856&amp;ssl=1\" data-orig-size=\"2560,1856\" data-comments-opened=\"1\" data-image-meta=\"{&quot;aperture&quot;:&quot;2&quot;,&quot;credit&quot;:&quot;&quot;,&quot;camera&quot;:&quot;SM-A125F&quot;,&quot;caption&quot;:&quot;&quot;,&quot;created_timestamp&quot;:&quot;1679151651&quot;,&quot;copyright&quot;:&quot;&quot;,&quot;focal_length&quot;:&quot;4.6&quot;,&quot;iso&quot;:&quot;250&quot;,&quot;shutter_speed&quot;:&quot;0.03&quot;,&quot;title&quot;:&quot;&quot;,&quot;orientation&quot;:&quot;1&quot;}\" data-image-title=\"4F.-Suk\u0148a-kece\u013ea-Senohrad-vy\u0161it\u00e9-krivou-ihlou-p\u00f4vodn\u00fd-vlastn\u00edk-nezn\u00e1my\" data-image-description=\"\" data-image-caption=\"\" data-medium-file=\"https:\/\/i0.wp.com\/www.atelier-reklama.sk\/blog\/wp-content\/uploads\/2023\/03\/4F.-Suk%C5%88a-kece%C4%BEa-Senohrad-vy%C5%A1it%C3%A9-krivou-ihlou-p%C3%B4vodn%C3%BD-vlastn%C3%ADk-nezn%C3%A1my-scaled.jpg?fit=300%2C217&amp;ssl=1\" data-large-file=\"https:\/\/i0.wp.com\/www.atelier-reklama.sk\/blog\/wp-content\/uploads\/2023\/03\/4F.-Suk%C5%88a-kece%C4%BEa-Senohrad-vy%C5%A1it%C3%A9-krivou-ihlou-p%C3%B4vodn%C3%BD-vlastn%C3%ADk-nezn%C3%A1my-scaled.jpg?fit=800%2C580&amp;ssl=1\" src=\"https:\/\/i0.wp.com\/www.atelier-reklama.sk\/blog\/wp-content\/uploads\/2023\/03\/4F.-Suk%C5%88a-kece%C4%BEa-Senohrad-vy%C5%A1it%C3%A9-krivou-ihlou-p%C3%B4vodn%C3%BD-vlastn%C3%ADk-nezn%C3%A1my.jpg?resize=800%2C580&#038;ssl=1\" alt=\"\" class=\"wp-image-13291\" srcset=\"https:\/\/i0.wp.com\/www.atelier-reklama.sk\/blog\/wp-content\/uploads\/2023\/03\/4F.-Suk%C5%88a-kece%C4%BEa-Senohrad-vy%C5%A1it%C3%A9-krivou-ihlou-p%C3%B4vodn%C3%BD-vlastn%C3%ADk-nezn%C3%A1my-scaled.jpg?resize=1024%2C742&amp;ssl=1 1024w, https:\/\/i0.wp.com\/www.atelier-reklama.sk\/blog\/wp-content\/uploads\/2023\/03\/4F.-Suk%C5%88a-kece%C4%BEa-Senohrad-vy%C5%A1it%C3%A9-krivou-ihlou-p%C3%B4vodn%C3%BD-vlastn%C3%ADk-nezn%C3%A1my-scaled.jpg?resize=300%2C217&amp;ssl=1 300w, https:\/\/i0.wp.com\/www.atelier-reklama.sk\/blog\/wp-content\/uploads\/2023\/03\/4F.-Suk%C5%88a-kece%C4%BEa-Senohrad-vy%C5%A1it%C3%A9-krivou-ihlou-p%C3%B4vodn%C3%BD-vlastn%C3%ADk-nezn%C3%A1my-scaled.jpg?resize=768%2C557&amp;ssl=1 768w, https:\/\/i0.wp.com\/www.atelier-reklama.sk\/blog\/wp-content\/uploads\/2023\/03\/4F.-Suk%C5%88a-kece%C4%BEa-Senohrad-vy%C5%A1it%C3%A9-krivou-ihlou-p%C3%B4vodn%C3%BD-vlastn%C3%ADk-nezn%C3%A1my-scaled.jpg?resize=1536%2C1113&amp;ssl=1 1536w, https:\/\/i0.wp.com\/www.atelier-reklama.sk\/blog\/wp-content\/uploads\/2023\/03\/4F.-Suk%C5%88a-kece%C4%BEa-Senohrad-vy%C5%A1it%C3%A9-krivou-ihlou-p%C3%B4vodn%C3%BD-vlastn%C3%ADk-nezn%C3%A1my-scaled.jpg?resize=2048%2C1485&amp;ssl=1 2048w, https:\/\/i0.wp.com\/www.atelier-reklama.sk\/blog\/wp-content\/uploads\/2023\/03\/4F.-Suk%C5%88a-kece%C4%BEa-Senohrad-vy%C5%A1it%C3%A9-krivou-ihlou-p%C3%B4vodn%C3%BD-vlastn%C3%ADk-nezn%C3%A1my-scaled.jpg?w=1600&amp;ssl=1 1600w, https:\/\/i0.wp.com\/www.atelier-reklama.sk\/blog\/wp-content\/uploads\/2023\/03\/4F.-Suk%C5%88a-kece%C4%BEa-Senohrad-vy%C5%A1it%C3%A9-krivou-ihlou-p%C3%B4vodn%C3%BD-vlastn%C3%ADk-nezn%C3%A1my-scaled.jpg?w=2400&amp;ssl=1 2400w\" sizes=\"auto, (max-width: 800px) 100vw, 800px\" \/><\/figure>\n\n\n\n<p>Suk\u0148a, Senohrad, vy\u0161it\u00e9 krivou ihlou, p\u00f4vodn\u00fd vlastn\u00edk nezn\u00e1my<\/p>\n\n\n\n<figure class=\"wp-block-image size-large\"><img data-recalc-dims=\"1\" loading=\"lazy\" decoding=\"async\" width=\"800\" height=\"600\" data-attachment-id=\"13292\" data-permalink=\"https:\/\/www.atelier-reklama.sk\/blog\/moj-krekacsky-kroj-a-jeho-prekreslene-vzory-spolu\/5-sukna-senohrad-vysite-krivou-ihlou-povodny-vlastnik-neznamy\/\" data-orig-file=\"https:\/\/i0.wp.com\/www.atelier-reklama.sk\/blog\/wp-content\/uploads\/2023\/03\/5.-Suk%C5%88a-Senohrad-vy%C5%A1it%C3%A9-krivou-ihlou-p%C3%B4vodn%C3%BD-vlastn%C3%ADk-nezn%C3%A1my-scaled.jpg?fit=2560%2C1920&amp;ssl=1\" data-orig-size=\"2560,1920\" data-comments-opened=\"1\" data-image-meta=\"{&quot;aperture&quot;:&quot;2&quot;,&quot;credit&quot;:&quot;&quot;,&quot;camera&quot;:&quot;SM-A125F&quot;,&quot;caption&quot;:&quot;&quot;,&quot;created_timestamp&quot;:&quot;1679137660&quot;,&quot;copyright&quot;:&quot;&quot;,&quot;focal_length&quot;:&quot;4.6&quot;,&quot;iso&quot;:&quot;320&quot;,&quot;shutter_speed&quot;:&quot;0.04&quot;,&quot;title&quot;:&quot;&quot;,&quot;orientation&quot;:&quot;1&quot;}\" data-image-title=\"5.-Suk\u0148a-Senohrad-vy\u0161it\u00e9-krivou-ihlou-p\u00f4vodn\u00fd-vlastn\u00edk-nezn\u00e1my\" data-image-description=\"\" data-image-caption=\"\" data-medium-file=\"https:\/\/i0.wp.com\/www.atelier-reklama.sk\/blog\/wp-content\/uploads\/2023\/03\/5.-Suk%C5%88a-Senohrad-vy%C5%A1it%C3%A9-krivou-ihlou-p%C3%B4vodn%C3%BD-vlastn%C3%ADk-nezn%C3%A1my-scaled.jpg?fit=300%2C225&amp;ssl=1\" data-large-file=\"https:\/\/i0.wp.com\/www.atelier-reklama.sk\/blog\/wp-content\/uploads\/2023\/03\/5.-Suk%C5%88a-Senohrad-vy%C5%A1it%C3%A9-krivou-ihlou-p%C3%B4vodn%C3%BD-vlastn%C3%ADk-nezn%C3%A1my-scaled.jpg?fit=800%2C600&amp;ssl=1\" src=\"https:\/\/i0.wp.com\/www.atelier-reklama.sk\/blog\/wp-content\/uploads\/2023\/03\/5.-Suk%C5%88a-Senohrad-vy%C5%A1it%C3%A9-krivou-ihlou-p%C3%B4vodn%C3%BD-vlastn%C3%ADk-nezn%C3%A1my.jpg?resize=800%2C600&#038;ssl=1\" alt=\"\" class=\"wp-image-13292\" srcset=\"https:\/\/i0.wp.com\/www.atelier-reklama.sk\/blog\/wp-content\/uploads\/2023\/03\/5.-Suk%C5%88a-Senohrad-vy%C5%A1it%C3%A9-krivou-ihlou-p%C3%B4vodn%C3%BD-vlastn%C3%ADk-nezn%C3%A1my-scaled.jpg?resize=1024%2C768&amp;ssl=1 1024w, https:\/\/i0.wp.com\/www.atelier-reklama.sk\/blog\/wp-content\/uploads\/2023\/03\/5.-Suk%C5%88a-Senohrad-vy%C5%A1it%C3%A9-krivou-ihlou-p%C3%B4vodn%C3%BD-vlastn%C3%ADk-nezn%C3%A1my-scaled.jpg?resize=300%2C225&amp;ssl=1 300w, https:\/\/i0.wp.com\/www.atelier-reklama.sk\/blog\/wp-content\/uploads\/2023\/03\/5.-Suk%C5%88a-Senohrad-vy%C5%A1it%C3%A9-krivou-ihlou-p%C3%B4vodn%C3%BD-vlastn%C3%ADk-nezn%C3%A1my-scaled.jpg?resize=768%2C576&amp;ssl=1 768w, https:\/\/i0.wp.com\/www.atelier-reklama.sk\/blog\/wp-content\/uploads\/2023\/03\/5.-Suk%C5%88a-Senohrad-vy%C5%A1it%C3%A9-krivou-ihlou-p%C3%B4vodn%C3%BD-vlastn%C3%ADk-nezn%C3%A1my-scaled.jpg?resize=1536%2C1152&amp;ssl=1 1536w, https:\/\/i0.wp.com\/www.atelier-reklama.sk\/blog\/wp-content\/uploads\/2023\/03\/5.-Suk%C5%88a-Senohrad-vy%C5%A1it%C3%A9-krivou-ihlou-p%C3%B4vodn%C3%BD-vlastn%C3%ADk-nezn%C3%A1my-scaled.jpg?resize=2048%2C1536&amp;ssl=1 2048w, https:\/\/i0.wp.com\/www.atelier-reklama.sk\/blog\/wp-content\/uploads\/2023\/03\/5.-Suk%C5%88a-Senohrad-vy%C5%A1it%C3%A9-krivou-ihlou-p%C3%B4vodn%C3%BD-vlastn%C3%ADk-nezn%C3%A1my-scaled.jpg?w=1600&amp;ssl=1 1600w, https:\/\/i0.wp.com\/www.atelier-reklama.sk\/blog\/wp-content\/uploads\/2023\/03\/5.-Suk%C5%88a-Senohrad-vy%C5%A1it%C3%A9-krivou-ihlou-p%C3%B4vodn%C3%BD-vlastn%C3%ADk-nezn%C3%A1my-scaled.jpg?w=2400&amp;ssl=1 2400w\" sizes=\"auto, (max-width: 800px) 100vw, 800px\" \/><\/figure>\n\n\n\n<figure class=\"wp-block-image size-large\"><img data-recalc-dims=\"1\" loading=\"lazy\" decoding=\"async\" width=\"800\" height=\"566\" data-attachment-id=\"13297\" data-permalink=\"https:\/\/www.atelier-reklama.sk\/blog\/moj-krekacsky-kroj-a-jeho-prekreslene-vzory-spolu\/5b-sukna-senohrad-vysite-krivou-ihlou-povodny-vlastnik-neznamy-1\/\" data-orig-file=\"https:\/\/i0.wp.com\/www.atelier-reklama.sk\/blog\/wp-content\/uploads\/2023\/03\/5B.-Suk%C5%88a-Senohrad-vy%C5%A1it%C3%A9-krivou-ihlou-p%C3%B4vodn%C3%BD-vlastn%C3%ADk-nezn%C3%A1my-1-scaled.jpg?fit=2560%2C1810&amp;ssl=1\" data-orig-size=\"2560,1810\" data-comments-opened=\"1\" data-image-meta=\"{&quot;aperture&quot;:&quot;0&quot;,&quot;credit&quot;:&quot;&quot;,&quot;camera&quot;:&quot;&quot;,&quot;caption&quot;:&quot;&quot;,&quot;created_timestamp&quot;:&quot;0&quot;,&quot;copyright&quot;:&quot;&quot;,&quot;focal_length&quot;:&quot;0&quot;,&quot;iso&quot;:&quot;0&quot;,&quot;shutter_speed&quot;:&quot;0&quot;,&quot;title&quot;:&quot;&quot;,&quot;orientation&quot;:&quot;1&quot;}\" data-image-title=\"5B.-Suk\u0148a-Senohrad-vy\u0161it\u00e9-krivou-ihlou-p\u00f4vodn\u00fd-vlastn\u00edk-nezn\u00e1my-1\" data-image-description=\"\" data-image-caption=\"\" data-medium-file=\"https:\/\/i0.wp.com\/www.atelier-reklama.sk\/blog\/wp-content\/uploads\/2023\/03\/5B.-Suk%C5%88a-Senohrad-vy%C5%A1it%C3%A9-krivou-ihlou-p%C3%B4vodn%C3%BD-vlastn%C3%ADk-nezn%C3%A1my-1-scaled.jpg?fit=300%2C212&amp;ssl=1\" data-large-file=\"https:\/\/i0.wp.com\/www.atelier-reklama.sk\/blog\/wp-content\/uploads\/2023\/03\/5B.-Suk%C5%88a-Senohrad-vy%C5%A1it%C3%A9-krivou-ihlou-p%C3%B4vodn%C3%BD-vlastn%C3%ADk-nezn%C3%A1my-1-scaled.jpg?fit=800%2C566&amp;ssl=1\" src=\"https:\/\/i0.wp.com\/www.atelier-reklama.sk\/blog\/wp-content\/uploads\/2023\/03\/5B.-Suk%C5%88a-Senohrad-vy%C5%A1it%C3%A9-krivou-ihlou-p%C3%B4vodn%C3%BD-vlastn%C3%ADk-nezn%C3%A1my-1.jpg?resize=800%2C566&#038;ssl=1\" alt=\"\" class=\"wp-image-13297\" srcset=\"https:\/\/i0.wp.com\/www.atelier-reklama.sk\/blog\/wp-content\/uploads\/2023\/03\/5B.-Suk%C5%88a-Senohrad-vy%C5%A1it%C3%A9-krivou-ihlou-p%C3%B4vodn%C3%BD-vlastn%C3%ADk-nezn%C3%A1my-1-scaled.jpg?resize=1024%2C724&amp;ssl=1 1024w, https:\/\/i0.wp.com\/www.atelier-reklama.sk\/blog\/wp-content\/uploads\/2023\/03\/5B.-Suk%C5%88a-Senohrad-vy%C5%A1it%C3%A9-krivou-ihlou-p%C3%B4vodn%C3%BD-vlastn%C3%ADk-nezn%C3%A1my-1-scaled.jpg?resize=300%2C212&amp;ssl=1 300w, https:\/\/i0.wp.com\/www.atelier-reklama.sk\/blog\/wp-content\/uploads\/2023\/03\/5B.-Suk%C5%88a-Senohrad-vy%C5%A1it%C3%A9-krivou-ihlou-p%C3%B4vodn%C3%BD-vlastn%C3%ADk-nezn%C3%A1my-1-scaled.jpg?resize=768%2C543&amp;ssl=1 768w, https:\/\/i0.wp.com\/www.atelier-reklama.sk\/blog\/wp-content\/uploads\/2023\/03\/5B.-Suk%C5%88a-Senohrad-vy%C5%A1it%C3%A9-krivou-ihlou-p%C3%B4vodn%C3%BD-vlastn%C3%ADk-nezn%C3%A1my-1-scaled.jpg?resize=1536%2C1086&amp;ssl=1 1536w, https:\/\/i0.wp.com\/www.atelier-reklama.sk\/blog\/wp-content\/uploads\/2023\/03\/5B.-Suk%C5%88a-Senohrad-vy%C5%A1it%C3%A9-krivou-ihlou-p%C3%B4vodn%C3%BD-vlastn%C3%ADk-nezn%C3%A1my-1-scaled.jpg?resize=2048%2C1448&amp;ssl=1 2048w, https:\/\/i0.wp.com\/www.atelier-reklama.sk\/blog\/wp-content\/uploads\/2023\/03\/5B.-Suk%C5%88a-Senohrad-vy%C5%A1it%C3%A9-krivou-ihlou-p%C3%B4vodn%C3%BD-vlastn%C3%ADk-nezn%C3%A1my-1-scaled.jpg?w=1600&amp;ssl=1 1600w, https:\/\/i0.wp.com\/www.atelier-reklama.sk\/blog\/wp-content\/uploads\/2023\/03\/5B.-Suk%C5%88a-Senohrad-vy%C5%A1it%C3%A9-krivou-ihlou-p%C3%B4vodn%C3%BD-vlastn%C3%ADk-nezn%C3%A1my-1-scaled.jpg?w=2400&amp;ssl=1 2400w\" sizes=\"auto, (max-width: 800px) 100vw, 800px\" \/><\/figure>\n\n\n\n<figure class=\"wp-block-image size-large\"><img data-recalc-dims=\"1\" loading=\"lazy\" decoding=\"async\" width=\"800\" height=\"407\" data-attachment-id=\"13295\" data-permalink=\"https:\/\/www.atelier-reklama.sk\/blog\/moj-krekacsky-kroj-a-jeho-prekreslene-vzory-spolu\/5c-sukna-senohrad-vysite-krivou-ihlou-povodny-vlastnik-neznamy\/\" data-orig-file=\"https:\/\/i0.wp.com\/www.atelier-reklama.sk\/blog\/wp-content\/uploads\/2023\/03\/5C.-Suk%C5%88a-Senohrad-vy%C5%A1it%C3%A9-krivou-ihlou-p%C3%B4vodn%C3%BD-vlastn%C3%ADk-nezn%C3%A1my-scaled.jpg?fit=2560%2C1303&amp;ssl=1\" data-orig-size=\"2560,1303\" data-comments-opened=\"1\" data-image-meta=\"{&quot;aperture&quot;:&quot;2&quot;,&quot;credit&quot;:&quot;&quot;,&quot;camera&quot;:&quot;SM-A125F&quot;,&quot;caption&quot;:&quot;&quot;,&quot;created_timestamp&quot;:&quot;1679137720&quot;,&quot;copyright&quot;:&quot;&quot;,&quot;focal_length&quot;:&quot;4.6&quot;,&quot;iso&quot;:&quot;500&quot;,&quot;shutter_speed&quot;:&quot;0.05&quot;,&quot;title&quot;:&quot;&quot;,&quot;orientation&quot;:&quot;1&quot;}\" data-image-title=\"5C.-Suk\u0148a-Senohrad-vy\u0161it\u00e9-krivou-ihlou-p\u00f4vodn\u00fd-vlastn\u00edk-nezn\u00e1my\" data-image-description=\"\" data-image-caption=\"\" data-medium-file=\"https:\/\/i0.wp.com\/www.atelier-reklama.sk\/blog\/wp-content\/uploads\/2023\/03\/5C.-Suk%C5%88a-Senohrad-vy%C5%A1it%C3%A9-krivou-ihlou-p%C3%B4vodn%C3%BD-vlastn%C3%ADk-nezn%C3%A1my-scaled.jpg?fit=300%2C153&amp;ssl=1\" data-large-file=\"https:\/\/i0.wp.com\/www.atelier-reklama.sk\/blog\/wp-content\/uploads\/2023\/03\/5C.-Suk%C5%88a-Senohrad-vy%C5%A1it%C3%A9-krivou-ihlou-p%C3%B4vodn%C3%BD-vlastn%C3%ADk-nezn%C3%A1my-scaled.jpg?fit=800%2C407&amp;ssl=1\" src=\"https:\/\/i0.wp.com\/www.atelier-reklama.sk\/blog\/wp-content\/uploads\/2023\/03\/5C.-Suk%C5%88a-Senohrad-vy%C5%A1it%C3%A9-krivou-ihlou-p%C3%B4vodn%C3%BD-vlastn%C3%ADk-nezn%C3%A1my.jpg?resize=800%2C407&#038;ssl=1\" alt=\"\" class=\"wp-image-13295\" srcset=\"https:\/\/i0.wp.com\/www.atelier-reklama.sk\/blog\/wp-content\/uploads\/2023\/03\/5C.-Suk%C5%88a-Senohrad-vy%C5%A1it%C3%A9-krivou-ihlou-p%C3%B4vodn%C3%BD-vlastn%C3%ADk-nezn%C3%A1my-scaled.jpg?resize=1024%2C521&amp;ssl=1 1024w, https:\/\/i0.wp.com\/www.atelier-reklama.sk\/blog\/wp-content\/uploads\/2023\/03\/5C.-Suk%C5%88a-Senohrad-vy%C5%A1it%C3%A9-krivou-ihlou-p%C3%B4vodn%C3%BD-vlastn%C3%ADk-nezn%C3%A1my-scaled.jpg?resize=300%2C153&amp;ssl=1 300w, https:\/\/i0.wp.com\/www.atelier-reklama.sk\/blog\/wp-content\/uploads\/2023\/03\/5C.-Suk%C5%88a-Senohrad-vy%C5%A1it%C3%A9-krivou-ihlou-p%C3%B4vodn%C3%BD-vlastn%C3%ADk-nezn%C3%A1my-scaled.jpg?resize=768%2C391&amp;ssl=1 768w, https:\/\/i0.wp.com\/www.atelier-reklama.sk\/blog\/wp-content\/uploads\/2023\/03\/5C.-Suk%C5%88a-Senohrad-vy%C5%A1it%C3%A9-krivou-ihlou-p%C3%B4vodn%C3%BD-vlastn%C3%ADk-nezn%C3%A1my-scaled.jpg?resize=1536%2C782&amp;ssl=1 1536w, https:\/\/i0.wp.com\/www.atelier-reklama.sk\/blog\/wp-content\/uploads\/2023\/03\/5C.-Suk%C5%88a-Senohrad-vy%C5%A1it%C3%A9-krivou-ihlou-p%C3%B4vodn%C3%BD-vlastn%C3%ADk-nezn%C3%A1my-scaled.jpg?resize=2048%2C1042&amp;ssl=1 2048w, https:\/\/i0.wp.com\/www.atelier-reklama.sk\/blog\/wp-content\/uploads\/2023\/03\/5C.-Suk%C5%88a-Senohrad-vy%C5%A1it%C3%A9-krivou-ihlou-p%C3%B4vodn%C3%BD-vlastn%C3%ADk-nezn%C3%A1my-scaled.jpg?w=1600&amp;ssl=1 1600w, https:\/\/i0.wp.com\/www.atelier-reklama.sk\/blog\/wp-content\/uploads\/2023\/03\/5C.-Suk%C5%88a-Senohrad-vy%C5%A1it%C3%A9-krivou-ihlou-p%C3%B4vodn%C3%BD-vlastn%C3%ADk-nezn%C3%A1my-scaled.jpg?w=2400&amp;ssl=1 2400w\" sizes=\"auto, (max-width: 800px) 100vw, 800px\" \/><\/figure>\n\n\n\n<figure class=\"wp-block-image size-large\"><img data-recalc-dims=\"1\" loading=\"lazy\" decoding=\"async\" width=\"800\" height=\"370\" data-attachment-id=\"13298\" data-permalink=\"https:\/\/www.atelier-reklama.sk\/blog\/moj-krekacsky-kroj-a-jeho-prekreslene-vzory-spolu\/5d-sukna-senohrad-vysite-krivou-ihlou-povodny-vlastnik-neznamy\/\" data-orig-file=\"https:\/\/i0.wp.com\/www.atelier-reklama.sk\/blog\/wp-content\/uploads\/2023\/03\/5D.-Suk%C5%88a-Senohrad-vy%C5%A1it%C3%A9-krivou-ihlou-p%C3%B4vodn%C3%BD-vlastn%C3%ADk-nezn%C3%A1my-scaled.jpg?fit=2560%2C1185&amp;ssl=1\" data-orig-size=\"2560,1185\" data-comments-opened=\"1\" data-image-meta=\"{&quot;aperture&quot;:&quot;2&quot;,&quot;credit&quot;:&quot;&quot;,&quot;camera&quot;:&quot;SM-A125F&quot;,&quot;caption&quot;:&quot;&quot;,&quot;created_timestamp&quot;:&quot;1679221446&quot;,&quot;copyright&quot;:&quot;&quot;,&quot;focal_length&quot;:&quot;4.6&quot;,&quot;iso&quot;:&quot;320&quot;,&quot;shutter_speed&quot;:&quot;0.04&quot;,&quot;title&quot;:&quot;&quot;,&quot;orientation&quot;:&quot;1&quot;}\" data-image-title=\"5D.-Suk\u0148a-Senohrad-vy\u0161it\u00e9-krivou-ihlou-p\u00f4vodn\u00fd-vlastn\u00edk-nezn\u00e1my\" data-image-description=\"\" data-image-caption=\"\" data-medium-file=\"https:\/\/i0.wp.com\/www.atelier-reklama.sk\/blog\/wp-content\/uploads\/2023\/03\/5D.-Suk%C5%88a-Senohrad-vy%C5%A1it%C3%A9-krivou-ihlou-p%C3%B4vodn%C3%BD-vlastn%C3%ADk-nezn%C3%A1my-scaled.jpg?fit=300%2C139&amp;ssl=1\" data-large-file=\"https:\/\/i0.wp.com\/www.atelier-reklama.sk\/blog\/wp-content\/uploads\/2023\/03\/5D.-Suk%C5%88a-Senohrad-vy%C5%A1it%C3%A9-krivou-ihlou-p%C3%B4vodn%C3%BD-vlastn%C3%ADk-nezn%C3%A1my-scaled.jpg?fit=800%2C370&amp;ssl=1\" src=\"https:\/\/i0.wp.com\/www.atelier-reklama.sk\/blog\/wp-content\/uploads\/2023\/03\/5D.-Suk%C5%88a-Senohrad-vy%C5%A1it%C3%A9-krivou-ihlou-p%C3%B4vodn%C3%BD-vlastn%C3%ADk-nezn%C3%A1my.jpg?resize=800%2C370&#038;ssl=1\" alt=\"\" class=\"wp-image-13298\" srcset=\"https:\/\/i0.wp.com\/www.atelier-reklama.sk\/blog\/wp-content\/uploads\/2023\/03\/5D.-Suk%C5%88a-Senohrad-vy%C5%A1it%C3%A9-krivou-ihlou-p%C3%B4vodn%C3%BD-vlastn%C3%ADk-nezn%C3%A1my-scaled.jpg?resize=1024%2C474&amp;ssl=1 1024w, https:\/\/i0.wp.com\/www.atelier-reklama.sk\/blog\/wp-content\/uploads\/2023\/03\/5D.-Suk%C5%88a-Senohrad-vy%C5%A1it%C3%A9-krivou-ihlou-p%C3%B4vodn%C3%BD-vlastn%C3%ADk-nezn%C3%A1my-scaled.jpg?resize=300%2C139&amp;ssl=1 300w, https:\/\/i0.wp.com\/www.atelier-reklama.sk\/blog\/wp-content\/uploads\/2023\/03\/5D.-Suk%C5%88a-Senohrad-vy%C5%A1it%C3%A9-krivou-ihlou-p%C3%B4vodn%C3%BD-vlastn%C3%ADk-nezn%C3%A1my-scaled.jpg?resize=768%2C355&amp;ssl=1 768w, https:\/\/i0.wp.com\/www.atelier-reklama.sk\/blog\/wp-content\/uploads\/2023\/03\/5D.-Suk%C5%88a-Senohrad-vy%C5%A1it%C3%A9-krivou-ihlou-p%C3%B4vodn%C3%BD-vlastn%C3%ADk-nezn%C3%A1my-scaled.jpg?resize=1536%2C711&amp;ssl=1 1536w, https:\/\/i0.wp.com\/www.atelier-reklama.sk\/blog\/wp-content\/uploads\/2023\/03\/5D.-Suk%C5%88a-Senohrad-vy%C5%A1it%C3%A9-krivou-ihlou-p%C3%B4vodn%C3%BD-vlastn%C3%ADk-nezn%C3%A1my-scaled.jpg?resize=2048%2C948&amp;ssl=1 2048w, https:\/\/i0.wp.com\/www.atelier-reklama.sk\/blog\/wp-content\/uploads\/2023\/03\/5D.-Suk%C5%88a-Senohrad-vy%C5%A1it%C3%A9-krivou-ihlou-p%C3%B4vodn%C3%BD-vlastn%C3%ADk-nezn%C3%A1my-scaled.jpg?w=1600&amp;ssl=1 1600w, https:\/\/i0.wp.com\/www.atelier-reklama.sk\/blog\/wp-content\/uploads\/2023\/03\/5D.-Suk%C5%88a-Senohrad-vy%C5%A1it%C3%A9-krivou-ihlou-p%C3%B4vodn%C3%BD-vlastn%C3%ADk-nezn%C3%A1my-scaled.jpg?w=2400&amp;ssl=1 2400w\" sizes=\"auto, (max-width: 800px) 100vw, 800px\" \/><\/figure>\n\n\n\n<figure class=\"wp-block-image size-large\"><img data-recalc-dims=\"1\" loading=\"lazy\" decoding=\"async\" width=\"800\" height=\"655\" data-attachment-id=\"13299\" data-permalink=\"https:\/\/www.atelier-reklama.sk\/blog\/moj-krekacsky-kroj-a-jeho-prekreslene-vzory-spolu\/5e-sukna-senohrad-vysite-krivou-ihlou-povodny-vlastnik-neznamy\/\" data-orig-file=\"https:\/\/i0.wp.com\/www.atelier-reklama.sk\/blog\/wp-content\/uploads\/2023\/03\/5E.-Suk%C5%88a-Senohrad-vy%C5%A1it%C3%A9-krivou-ihlou-p%C3%B4vodn%C3%BD-vlastn%C3%ADk-nezn%C3%A1my-scaled.jpg?fit=2560%2C2094&amp;ssl=1\" data-orig-size=\"2560,2094\" data-comments-opened=\"1\" data-image-meta=\"{&quot;aperture&quot;:&quot;2&quot;,&quot;credit&quot;:&quot;&quot;,&quot;camera&quot;:&quot;SM-A125F&quot;,&quot;caption&quot;:&quot;&quot;,&quot;created_timestamp&quot;:&quot;1679137778&quot;,&quot;copyright&quot;:&quot;&quot;,&quot;focal_length&quot;:&quot;4.6&quot;,&quot;iso&quot;:&quot;250&quot;,&quot;shutter_speed&quot;:&quot;0.0399&quot;,&quot;title&quot;:&quot;&quot;,&quot;orientation&quot;:&quot;1&quot;}\" data-image-title=\"5E.-Suk\u0148a-Senohrad-vy\u0161it\u00e9-krivou-ihlou-p\u00f4vodn\u00fd-vlastn\u00edk-nezn\u00e1my\" data-image-description=\"\" data-image-caption=\"\" data-medium-file=\"https:\/\/i0.wp.com\/www.atelier-reklama.sk\/blog\/wp-content\/uploads\/2023\/03\/5E.-Suk%C5%88a-Senohrad-vy%C5%A1it%C3%A9-krivou-ihlou-p%C3%B4vodn%C3%BD-vlastn%C3%ADk-nezn%C3%A1my-scaled.jpg?fit=300%2C245&amp;ssl=1\" data-large-file=\"https:\/\/i0.wp.com\/www.atelier-reklama.sk\/blog\/wp-content\/uploads\/2023\/03\/5E.-Suk%C5%88a-Senohrad-vy%C5%A1it%C3%A9-krivou-ihlou-p%C3%B4vodn%C3%BD-vlastn%C3%ADk-nezn%C3%A1my-scaled.jpg?fit=800%2C655&amp;ssl=1\" src=\"https:\/\/i0.wp.com\/www.atelier-reklama.sk\/blog\/wp-content\/uploads\/2023\/03\/5E.-Suk%C5%88a-Senohrad-vy%C5%A1it%C3%A9-krivou-ihlou-p%C3%B4vodn%C3%BD-vlastn%C3%ADk-nezn%C3%A1my.jpg?resize=800%2C655&#038;ssl=1\" alt=\"\" class=\"wp-image-13299\" srcset=\"https:\/\/i0.wp.com\/www.atelier-reklama.sk\/blog\/wp-content\/uploads\/2023\/03\/5E.-Suk%C5%88a-Senohrad-vy%C5%A1it%C3%A9-krivou-ihlou-p%C3%B4vodn%C3%BD-vlastn%C3%ADk-nezn%C3%A1my-scaled.jpg?resize=1024%2C838&amp;ssl=1 1024w, https:\/\/i0.wp.com\/www.atelier-reklama.sk\/blog\/wp-content\/uploads\/2023\/03\/5E.-Suk%C5%88a-Senohrad-vy%C5%A1it%C3%A9-krivou-ihlou-p%C3%B4vodn%C3%BD-vlastn%C3%ADk-nezn%C3%A1my-scaled.jpg?resize=300%2C245&amp;ssl=1 300w, https:\/\/i0.wp.com\/www.atelier-reklama.sk\/blog\/wp-content\/uploads\/2023\/03\/5E.-Suk%C5%88a-Senohrad-vy%C5%A1it%C3%A9-krivou-ihlou-p%C3%B4vodn%C3%BD-vlastn%C3%ADk-nezn%C3%A1my-scaled.jpg?resize=768%2C628&amp;ssl=1 768w, https:\/\/i0.wp.com\/www.atelier-reklama.sk\/blog\/wp-content\/uploads\/2023\/03\/5E.-Suk%C5%88a-Senohrad-vy%C5%A1it%C3%A9-krivou-ihlou-p%C3%B4vodn%C3%BD-vlastn%C3%ADk-nezn%C3%A1my-scaled.jpg?resize=1536%2C1256&amp;ssl=1 1536w, https:\/\/i0.wp.com\/www.atelier-reklama.sk\/blog\/wp-content\/uploads\/2023\/03\/5E.-Suk%C5%88a-Senohrad-vy%C5%A1it%C3%A9-krivou-ihlou-p%C3%B4vodn%C3%BD-vlastn%C3%ADk-nezn%C3%A1my-scaled.jpg?resize=2048%2C1675&amp;ssl=1 2048w, https:\/\/i0.wp.com\/www.atelier-reklama.sk\/blog\/wp-content\/uploads\/2023\/03\/5E.-Suk%C5%88a-Senohrad-vy%C5%A1it%C3%A9-krivou-ihlou-p%C3%B4vodn%C3%BD-vlastn%C3%ADk-nezn%C3%A1my-scaled.jpg?w=1600&amp;ssl=1 1600w, https:\/\/i0.wp.com\/www.atelier-reklama.sk\/blog\/wp-content\/uploads\/2023\/03\/5E.-Suk%C5%88a-Senohrad-vy%C5%A1it%C3%A9-krivou-ihlou-p%C3%B4vodn%C3%BD-vlastn%C3%ADk-nezn%C3%A1my-scaled.jpg?w=2400&amp;ssl=1 2400w\" sizes=\"auto, (max-width: 800px) 100vw, 800px\" \/><\/figure>\n\n\n\n<figure class=\"wp-block-image size-large\"><img data-recalc-dims=\"1\" loading=\"lazy\" decoding=\"async\" width=\"800\" height=\"659\" data-attachment-id=\"13300\" data-permalink=\"https:\/\/www.atelier-reklama.sk\/blog\/moj-krekacsky-kroj-a-jeho-prekreslene-vzory-spolu\/5f-sukna-senohrad-vysite-krivou-ihlou-povodny-vlastnik-neznamy\/\" data-orig-file=\"https:\/\/i0.wp.com\/www.atelier-reklama.sk\/blog\/wp-content\/uploads\/2023\/03\/5F.-Suk%C5%88a-Senohrad-vy%C5%A1it%C3%A9-krivou-ihlou-p%C3%B4vodn%C3%BD-vlastn%C3%ADk-nezn%C3%A1my-scaled.jpg?fit=2560%2C2110&amp;ssl=1\" data-orig-size=\"2560,2110\" data-comments-opened=\"1\" data-image-meta=\"{&quot;aperture&quot;:&quot;2&quot;,&quot;credit&quot;:&quot;&quot;,&quot;camera&quot;:&quot;SM-A125F&quot;,&quot;caption&quot;:&quot;&quot;,&quot;created_timestamp&quot;:&quot;1679220641&quot;,&quot;copyright&quot;:&quot;&quot;,&quot;focal_length&quot;:&quot;4.6&quot;,&quot;iso&quot;:&quot;250&quot;,&quot;shutter_speed&quot;:&quot;0.0399&quot;,&quot;title&quot;:&quot;&quot;,&quot;orientation&quot;:&quot;1&quot;}\" data-image-title=\"5F.-Suk\u0148a-Senohrad-vy\u0161it\u00e9-krivou-ihlou-p\u00f4vodn\u00fd-vlastn\u00edk-nezn\u00e1my\" data-image-description=\"\" data-image-caption=\"\" data-medium-file=\"https:\/\/i0.wp.com\/www.atelier-reklama.sk\/blog\/wp-content\/uploads\/2023\/03\/5F.-Suk%C5%88a-Senohrad-vy%C5%A1it%C3%A9-krivou-ihlou-p%C3%B4vodn%C3%BD-vlastn%C3%ADk-nezn%C3%A1my-scaled.jpg?fit=300%2C247&amp;ssl=1\" data-large-file=\"https:\/\/i0.wp.com\/www.atelier-reklama.sk\/blog\/wp-content\/uploads\/2023\/03\/5F.-Suk%C5%88a-Senohrad-vy%C5%A1it%C3%A9-krivou-ihlou-p%C3%B4vodn%C3%BD-vlastn%C3%ADk-nezn%C3%A1my-scaled.jpg?fit=800%2C659&amp;ssl=1\" src=\"https:\/\/i0.wp.com\/www.atelier-reklama.sk\/blog\/wp-content\/uploads\/2023\/03\/5F.-Suk%C5%88a-Senohrad-vy%C5%A1it%C3%A9-krivou-ihlou-p%C3%B4vodn%C3%BD-vlastn%C3%ADk-nezn%C3%A1my.jpg?resize=800%2C659&#038;ssl=1\" alt=\"\" class=\"wp-image-13300\" srcset=\"https:\/\/i0.wp.com\/www.atelier-reklama.sk\/blog\/wp-content\/uploads\/2023\/03\/5F.-Suk%C5%88a-Senohrad-vy%C5%A1it%C3%A9-krivou-ihlou-p%C3%B4vodn%C3%BD-vlastn%C3%ADk-nezn%C3%A1my-scaled.jpg?resize=1024%2C844&amp;ssl=1 1024w, https:\/\/i0.wp.com\/www.atelier-reklama.sk\/blog\/wp-content\/uploads\/2023\/03\/5F.-Suk%C5%88a-Senohrad-vy%C5%A1it%C3%A9-krivou-ihlou-p%C3%B4vodn%C3%BD-vlastn%C3%ADk-nezn%C3%A1my-scaled.jpg?resize=300%2C247&amp;ssl=1 300w, https:\/\/i0.wp.com\/www.atelier-reklama.sk\/blog\/wp-content\/uploads\/2023\/03\/5F.-Suk%C5%88a-Senohrad-vy%C5%A1it%C3%A9-krivou-ihlou-p%C3%B4vodn%C3%BD-vlastn%C3%ADk-nezn%C3%A1my-scaled.jpg?resize=768%2C633&amp;ssl=1 768w, https:\/\/i0.wp.com\/www.atelier-reklama.sk\/blog\/wp-content\/uploads\/2023\/03\/5F.-Suk%C5%88a-Senohrad-vy%C5%A1it%C3%A9-krivou-ihlou-p%C3%B4vodn%C3%BD-vlastn%C3%ADk-nezn%C3%A1my-scaled.jpg?resize=1536%2C1266&amp;ssl=1 1536w, https:\/\/i0.wp.com\/www.atelier-reklama.sk\/blog\/wp-content\/uploads\/2023\/03\/5F.-Suk%C5%88a-Senohrad-vy%C5%A1it%C3%A9-krivou-ihlou-p%C3%B4vodn%C3%BD-vlastn%C3%ADk-nezn%C3%A1my-scaled.jpg?resize=2048%2C1688&amp;ssl=1 2048w, https:\/\/i0.wp.com\/www.atelier-reklama.sk\/blog\/wp-content\/uploads\/2023\/03\/5F.-Suk%C5%88a-Senohrad-vy%C5%A1it%C3%A9-krivou-ihlou-p%C3%B4vodn%C3%BD-vlastn%C3%ADk-nezn%C3%A1my-scaled.jpg?w=1600&amp;ssl=1 1600w, https:\/\/i0.wp.com\/www.atelier-reklama.sk\/blog\/wp-content\/uploads\/2023\/03\/5F.-Suk%C5%88a-Senohrad-vy%C5%A1it%C3%A9-krivou-ihlou-p%C3%B4vodn%C3%BD-vlastn%C3%ADk-nezn%C3%A1my-scaled.jpg?w=2400&amp;ssl=1 2400w\" sizes=\"auto, (max-width: 800px) 100vw, 800px\" \/><\/figure>\n\n\n\n<figure class=\"wp-block-image size-large\"><img data-recalc-dims=\"1\" loading=\"lazy\" decoding=\"async\" width=\"800\" height=\"688\" data-attachment-id=\"13301\" data-permalink=\"https:\/\/www.atelier-reklama.sk\/blog\/moj-krekacsky-kroj-a-jeho-prekreslene-vzory-spolu\/5g-sukna-senohrad-vysite-krivou-ihlou-povodny-vlastnik-neznamy\/\" data-orig-file=\"https:\/\/i0.wp.com\/www.atelier-reklama.sk\/blog\/wp-content\/uploads\/2023\/03\/5G.-Suk%C5%88a-Senohrad-vy%C5%A1it%C3%A9-krivou-ihlou-p%C3%B4vodn%C3%BD-vlastn%C3%ADk-nezn%C3%A1my-scaled.jpg?fit=2560%2C2203&amp;ssl=1\" data-orig-size=\"2560,2203\" data-comments-opened=\"1\" data-image-meta=\"{&quot;aperture&quot;:&quot;2&quot;,&quot;credit&quot;:&quot;&quot;,&quot;camera&quot;:&quot;SM-A125F&quot;,&quot;caption&quot;:&quot;&quot;,&quot;created_timestamp&quot;:&quot;1679220652&quot;,&quot;copyright&quot;:&quot;&quot;,&quot;focal_length&quot;:&quot;4.6&quot;,&quot;iso&quot;:&quot;500&quot;,&quot;shutter_speed&quot;:&quot;0.04&quot;,&quot;title&quot;:&quot;&quot;,&quot;orientation&quot;:&quot;1&quot;}\" data-image-title=\"5G.-Suk\u0148a-Senohrad-vy\u0161it\u00e9-krivou-ihlou-p\u00f4vodn\u00fd-vlastn\u00edk-nezn\u00e1my\" data-image-description=\"\" data-image-caption=\"\" data-medium-file=\"https:\/\/i0.wp.com\/www.atelier-reklama.sk\/blog\/wp-content\/uploads\/2023\/03\/5G.-Suk%C5%88a-Senohrad-vy%C5%A1it%C3%A9-krivou-ihlou-p%C3%B4vodn%C3%BD-vlastn%C3%ADk-nezn%C3%A1my-scaled.jpg?fit=300%2C258&amp;ssl=1\" data-large-file=\"https:\/\/i0.wp.com\/www.atelier-reklama.sk\/blog\/wp-content\/uploads\/2023\/03\/5G.-Suk%C5%88a-Senohrad-vy%C5%A1it%C3%A9-krivou-ihlou-p%C3%B4vodn%C3%BD-vlastn%C3%ADk-nezn%C3%A1my-scaled.jpg?fit=800%2C688&amp;ssl=1\" src=\"https:\/\/i0.wp.com\/www.atelier-reklama.sk\/blog\/wp-content\/uploads\/2023\/03\/5G.-Suk%C5%88a-Senohrad-vy%C5%A1it%C3%A9-krivou-ihlou-p%C3%B4vodn%C3%BD-vlastn%C3%ADk-nezn%C3%A1my.jpg?resize=800%2C688&#038;ssl=1\" alt=\"\" class=\"wp-image-13301\" srcset=\"https:\/\/i0.wp.com\/www.atelier-reklama.sk\/blog\/wp-content\/uploads\/2023\/03\/5G.-Suk%C5%88a-Senohrad-vy%C5%A1it%C3%A9-krivou-ihlou-p%C3%B4vodn%C3%BD-vlastn%C3%ADk-nezn%C3%A1my-scaled.jpg?resize=1024%2C881&amp;ssl=1 1024w, https:\/\/i0.wp.com\/www.atelier-reklama.sk\/blog\/wp-content\/uploads\/2023\/03\/5G.-Suk%C5%88a-Senohrad-vy%C5%A1it%C3%A9-krivou-ihlou-p%C3%B4vodn%C3%BD-vlastn%C3%ADk-nezn%C3%A1my-scaled.jpg?resize=300%2C258&amp;ssl=1 300w, https:\/\/i0.wp.com\/www.atelier-reklama.sk\/blog\/wp-content\/uploads\/2023\/03\/5G.-Suk%C5%88a-Senohrad-vy%C5%A1it%C3%A9-krivou-ihlou-p%C3%B4vodn%C3%BD-vlastn%C3%ADk-nezn%C3%A1my-scaled.jpg?resize=768%2C661&amp;ssl=1 768w, https:\/\/i0.wp.com\/www.atelier-reklama.sk\/blog\/wp-content\/uploads\/2023\/03\/5G.-Suk%C5%88a-Senohrad-vy%C5%A1it%C3%A9-krivou-ihlou-p%C3%B4vodn%C3%BD-vlastn%C3%ADk-nezn%C3%A1my-scaled.jpg?resize=1536%2C1322&amp;ssl=1 1536w, https:\/\/i0.wp.com\/www.atelier-reklama.sk\/blog\/wp-content\/uploads\/2023\/03\/5G.-Suk%C5%88a-Senohrad-vy%C5%A1it%C3%A9-krivou-ihlou-p%C3%B4vodn%C3%BD-vlastn%C3%ADk-nezn%C3%A1my-scaled.jpg?resize=2048%2C1762&amp;ssl=1 2048w, https:\/\/i0.wp.com\/www.atelier-reklama.sk\/blog\/wp-content\/uploads\/2023\/03\/5G.-Suk%C5%88a-Senohrad-vy%C5%A1it%C3%A9-krivou-ihlou-p%C3%B4vodn%C3%BD-vlastn%C3%ADk-nezn%C3%A1my-scaled.jpg?w=1600&amp;ssl=1 1600w, https:\/\/i0.wp.com\/www.atelier-reklama.sk\/blog\/wp-content\/uploads\/2023\/03\/5G.-Suk%C5%88a-Senohrad-vy%C5%A1it%C3%A9-krivou-ihlou-p%C3%B4vodn%C3%BD-vlastn%C3%ADk-nezn%C3%A1my-scaled.jpg?w=2400&amp;ssl=1 2400w\" sizes=\"auto, (max-width: 800px) 100vw, 800px\" \/><\/figure>\n\n\n\n<p>Suk\u0148a, pol. 20. stor., vy\u0161ila krivou ihlou Anna O\u010den\u00e1\u0161ov\u00e1, rod. Bartikov\u00e1<\/p>\n\n\n\n<figure class=\"wp-block-image size-large\"><img data-recalc-dims=\"1\" loading=\"lazy\" decoding=\"async\" width=\"800\" height=\"600\" data-attachment-id=\"13302\" data-permalink=\"https:\/\/www.atelier-reklama.sk\/blog\/moj-krekacsky-kroj-a-jeho-prekreslene-vzory-spolu\/6-sukna-pol-20-stor-vysila-krivou-ihlou-anna-ocenasova-rod-bartikova\/\" data-orig-file=\"https:\/\/i0.wp.com\/www.atelier-reklama.sk\/blog\/wp-content\/uploads\/2023\/03\/6..-Suk%C5%88a-pol.-20.-stor.-vy%C5%A1ila-krivou-ihlou-Anna-O%C4%8Den%C3%A1%C5%A1ov%C3%A1-rod.-Bartikov%C3%A1-scaled.jpg?fit=2560%2C1920&amp;ssl=1\" data-orig-size=\"2560,1920\" data-comments-opened=\"1\" data-image-meta=\"{&quot;aperture&quot;:&quot;2&quot;,&quot;credit&quot;:&quot;&quot;,&quot;camera&quot;:&quot;SM-A125F&quot;,&quot;caption&quot;:&quot;&quot;,&quot;created_timestamp&quot;:&quot;1679138122&quot;,&quot;copyright&quot;:&quot;&quot;,&quot;focal_length&quot;:&quot;4.6&quot;,&quot;iso&quot;:&quot;250&quot;,&quot;shutter_speed&quot;:&quot;0.0399&quot;,&quot;title&quot;:&quot;&quot;,&quot;orientation&quot;:&quot;1&quot;}\" data-image-title=\"6..-Suk\u0148a-pol.-20.-stor.-vy\u0161ila-krivou-ihlou-Anna-O\u010den\u00e1\u0161ov\u00e1-rod.-Bartikov\u00e1\" data-image-description=\"\" data-image-caption=\"\" data-medium-file=\"https:\/\/i0.wp.com\/www.atelier-reklama.sk\/blog\/wp-content\/uploads\/2023\/03\/6..-Suk%C5%88a-pol.-20.-stor.-vy%C5%A1ila-krivou-ihlou-Anna-O%C4%8Den%C3%A1%C5%A1ov%C3%A1-rod.-Bartikov%C3%A1-scaled.jpg?fit=300%2C225&amp;ssl=1\" data-large-file=\"https:\/\/i0.wp.com\/www.atelier-reklama.sk\/blog\/wp-content\/uploads\/2023\/03\/6..-Suk%C5%88a-pol.-20.-stor.-vy%C5%A1ila-krivou-ihlou-Anna-O%C4%8Den%C3%A1%C5%A1ov%C3%A1-rod.-Bartikov%C3%A1-scaled.jpg?fit=800%2C600&amp;ssl=1\" src=\"https:\/\/i0.wp.com\/www.atelier-reklama.sk\/blog\/wp-content\/uploads\/2023\/03\/6..-Suk%C5%88a-pol.-20.-stor.-vy%C5%A1ila-krivou-ihlou-Anna-O%C4%8Den%C3%A1%C5%A1ov%C3%A1-rod.-Bartikov%C3%A1.jpg?resize=800%2C600&#038;ssl=1\" alt=\"\" class=\"wp-image-13302\" srcset=\"https:\/\/i0.wp.com\/www.atelier-reklama.sk\/blog\/wp-content\/uploads\/2023\/03\/6..-Suk%C5%88a-pol.-20.-stor.-vy%C5%A1ila-krivou-ihlou-Anna-O%C4%8Den%C3%A1%C5%A1ov%C3%A1-rod.-Bartikov%C3%A1-scaled.jpg?resize=1024%2C768&amp;ssl=1 1024w, https:\/\/i0.wp.com\/www.atelier-reklama.sk\/blog\/wp-content\/uploads\/2023\/03\/6..-Suk%C5%88a-pol.-20.-stor.-vy%C5%A1ila-krivou-ihlou-Anna-O%C4%8Den%C3%A1%C5%A1ov%C3%A1-rod.-Bartikov%C3%A1-scaled.jpg?resize=300%2C225&amp;ssl=1 300w, https:\/\/i0.wp.com\/www.atelier-reklama.sk\/blog\/wp-content\/uploads\/2023\/03\/6..-Suk%C5%88a-pol.-20.-stor.-vy%C5%A1ila-krivou-ihlou-Anna-O%C4%8Den%C3%A1%C5%A1ov%C3%A1-rod.-Bartikov%C3%A1-scaled.jpg?resize=768%2C576&amp;ssl=1 768w, https:\/\/i0.wp.com\/www.atelier-reklama.sk\/blog\/wp-content\/uploads\/2023\/03\/6..-Suk%C5%88a-pol.-20.-stor.-vy%C5%A1ila-krivou-ihlou-Anna-O%C4%8Den%C3%A1%C5%A1ov%C3%A1-rod.-Bartikov%C3%A1-scaled.jpg?resize=1536%2C1152&amp;ssl=1 1536w, https:\/\/i0.wp.com\/www.atelier-reklama.sk\/blog\/wp-content\/uploads\/2023\/03\/6..-Suk%C5%88a-pol.-20.-stor.-vy%C5%A1ila-krivou-ihlou-Anna-O%C4%8Den%C3%A1%C5%A1ov%C3%A1-rod.-Bartikov%C3%A1-scaled.jpg?resize=2048%2C1536&amp;ssl=1 2048w, https:\/\/i0.wp.com\/www.atelier-reklama.sk\/blog\/wp-content\/uploads\/2023\/03\/6..-Suk%C5%88a-pol.-20.-stor.-vy%C5%A1ila-krivou-ihlou-Anna-O%C4%8Den%C3%A1%C5%A1ov%C3%A1-rod.-Bartikov%C3%A1-scaled.jpg?w=1600&amp;ssl=1 1600w, https:\/\/i0.wp.com\/www.atelier-reklama.sk\/blog\/wp-content\/uploads\/2023\/03\/6..-Suk%C5%88a-pol.-20.-stor.-vy%C5%A1ila-krivou-ihlou-Anna-O%C4%8Den%C3%A1%C5%A1ov%C3%A1-rod.-Bartikov%C3%A1-scaled.jpg?w=2400&amp;ssl=1 2400w\" sizes=\"auto, (max-width: 800px) 100vw, 800px\" \/><\/figure>\n\n\n\n<figure class=\"wp-block-image size-large\"><img data-recalc-dims=\"1\" loading=\"lazy\" decoding=\"async\" width=\"800\" height=\"566\" data-attachment-id=\"13305\" data-permalink=\"https:\/\/www.atelier-reklama.sk\/blog\/moj-krekacsky-kroj-a-jeho-prekreslene-vzory-spolu\/6a-sukna-pol-20-stor-vysila-krivou-ihlou-anna-ocenasova-rod-bartikova\/\" data-orig-file=\"https:\/\/i0.wp.com\/www.atelier-reklama.sk\/blog\/wp-content\/uploads\/2023\/03\/6A.-Suk%C5%88a-pol.-20.-stor.-vy%C5%A1ila-krivou-ihlou-Anna-O%C4%8Den%C3%A1%C5%A1ov%C3%A1-rod.-Bartikov%C3%A1-scaled.jpg?fit=2560%2C1810&amp;ssl=1\" data-orig-size=\"2560,1810\" data-comments-opened=\"1\" data-image-meta=\"{&quot;aperture&quot;:&quot;0&quot;,&quot;credit&quot;:&quot;&quot;,&quot;camera&quot;:&quot;&quot;,&quot;caption&quot;:&quot;&quot;,&quot;created_timestamp&quot;:&quot;0&quot;,&quot;copyright&quot;:&quot;&quot;,&quot;focal_length&quot;:&quot;0&quot;,&quot;iso&quot;:&quot;0&quot;,&quot;shutter_speed&quot;:&quot;0&quot;,&quot;title&quot;:&quot;&quot;,&quot;orientation&quot;:&quot;1&quot;}\" data-image-title=\"6A.-Suk\u0148a-pol.-20.-stor.-vy\u0161ila-krivou-ihlou-Anna-O\u010den\u00e1\u0161ov\u00e1-rod.-Bartikov\u00e1\" data-image-description=\"\" data-image-caption=\"\" data-medium-file=\"https:\/\/i0.wp.com\/www.atelier-reklama.sk\/blog\/wp-content\/uploads\/2023\/03\/6A.-Suk%C5%88a-pol.-20.-stor.-vy%C5%A1ila-krivou-ihlou-Anna-O%C4%8Den%C3%A1%C5%A1ov%C3%A1-rod.-Bartikov%C3%A1-scaled.jpg?fit=300%2C212&amp;ssl=1\" data-large-file=\"https:\/\/i0.wp.com\/www.atelier-reklama.sk\/blog\/wp-content\/uploads\/2023\/03\/6A.-Suk%C5%88a-pol.-20.-stor.-vy%C5%A1ila-krivou-ihlou-Anna-O%C4%8Den%C3%A1%C5%A1ov%C3%A1-rod.-Bartikov%C3%A1-scaled.jpg?fit=800%2C566&amp;ssl=1\" src=\"https:\/\/i0.wp.com\/www.atelier-reklama.sk\/blog\/wp-content\/uploads\/2023\/03\/6A.-Suk%C5%88a-pol.-20.-stor.-vy%C5%A1ila-krivou-ihlou-Anna-O%C4%8Den%C3%A1%C5%A1ov%C3%A1-rod.-Bartikov%C3%A1.jpg?resize=800%2C566&#038;ssl=1\" alt=\"\" class=\"wp-image-13305\" srcset=\"https:\/\/i0.wp.com\/www.atelier-reklama.sk\/blog\/wp-content\/uploads\/2023\/03\/6A.-Suk%C5%88a-pol.-20.-stor.-vy%C5%A1ila-krivou-ihlou-Anna-O%C4%8Den%C3%A1%C5%A1ov%C3%A1-rod.-Bartikov%C3%A1-scaled.jpg?resize=1024%2C724&amp;ssl=1 1024w, https:\/\/i0.wp.com\/www.atelier-reklama.sk\/blog\/wp-content\/uploads\/2023\/03\/6A.-Suk%C5%88a-pol.-20.-stor.-vy%C5%A1ila-krivou-ihlou-Anna-O%C4%8Den%C3%A1%C5%A1ov%C3%A1-rod.-Bartikov%C3%A1-scaled.jpg?resize=300%2C212&amp;ssl=1 300w, https:\/\/i0.wp.com\/www.atelier-reklama.sk\/blog\/wp-content\/uploads\/2023\/03\/6A.-Suk%C5%88a-pol.-20.-stor.-vy%C5%A1ila-krivou-ihlou-Anna-O%C4%8Den%C3%A1%C5%A1ov%C3%A1-rod.-Bartikov%C3%A1-scaled.jpg?resize=768%2C543&amp;ssl=1 768w, https:\/\/i0.wp.com\/www.atelier-reklama.sk\/blog\/wp-content\/uploads\/2023\/03\/6A.-Suk%C5%88a-pol.-20.-stor.-vy%C5%A1ila-krivou-ihlou-Anna-O%C4%8Den%C3%A1%C5%A1ov%C3%A1-rod.-Bartikov%C3%A1-scaled.jpg?resize=1536%2C1086&amp;ssl=1 1536w, https:\/\/i0.wp.com\/www.atelier-reklama.sk\/blog\/wp-content\/uploads\/2023\/03\/6A.-Suk%C5%88a-pol.-20.-stor.-vy%C5%A1ila-krivou-ihlou-Anna-O%C4%8Den%C3%A1%C5%A1ov%C3%A1-rod.-Bartikov%C3%A1-scaled.jpg?resize=2048%2C1448&amp;ssl=1 2048w, https:\/\/i0.wp.com\/www.atelier-reklama.sk\/blog\/wp-content\/uploads\/2023\/03\/6A.-Suk%C5%88a-pol.-20.-stor.-vy%C5%A1ila-krivou-ihlou-Anna-O%C4%8Den%C3%A1%C5%A1ov%C3%A1-rod.-Bartikov%C3%A1-scaled.jpg?w=1600&amp;ssl=1 1600w, https:\/\/i0.wp.com\/www.atelier-reklama.sk\/blog\/wp-content\/uploads\/2023\/03\/6A.-Suk%C5%88a-pol.-20.-stor.-vy%C5%A1ila-krivou-ihlou-Anna-O%C4%8Den%C3%A1%C5%A1ov%C3%A1-rod.-Bartikov%C3%A1-scaled.jpg?w=2400&amp;ssl=1 2400w\" sizes=\"auto, (max-width: 800px) 100vw, 800px\" \/><\/figure>\n\n\n\n<figure class=\"wp-block-image size-large\"><img data-recalc-dims=\"1\" loading=\"lazy\" decoding=\"async\" width=\"800\" height=\"600\" data-attachment-id=\"13306\" data-permalink=\"https:\/\/www.atelier-reklama.sk\/blog\/moj-krekacsky-kroj-a-jeho-prekreslene-vzory-spolu\/6f-sukna-pol-20-stor-vysila-krivou-ihlou-anna-ocenasova-rod-bartikova\/\" data-orig-file=\"https:\/\/i0.wp.com\/www.atelier-reklama.sk\/blog\/wp-content\/uploads\/2023\/03\/6F.-Suk%C5%88a-pol.-20.-stor.-vy%C5%A1ila-krivou-ihlou-Anna-O%C4%8Den%C3%A1%C5%A1ov%C3%A1-rod.-Bartikov%C3%A1-scaled.jpg?fit=2560%2C1920&amp;ssl=1\" data-orig-size=\"2560,1920\" data-comments-opened=\"1\" data-image-meta=\"{&quot;aperture&quot;:&quot;2&quot;,&quot;credit&quot;:&quot;&quot;,&quot;camera&quot;:&quot;SM-A125F&quot;,&quot;caption&quot;:&quot;&quot;,&quot;created_timestamp&quot;:&quot;1679138221&quot;,&quot;copyright&quot;:&quot;&quot;,&quot;focal_length&quot;:&quot;4.6&quot;,&quot;iso&quot;:&quot;640&quot;,&quot;shutter_speed&quot;:&quot;0.05&quot;,&quot;title&quot;:&quot;&quot;,&quot;orientation&quot;:&quot;1&quot;}\" data-image-title=\"6F.-Suk\u0148a-pol.-20.-stor.-vy\u0161ila-krivou-ihlou-Anna-O\u010den\u00e1\u0161ov\u00e1-rod.-Bartikov\u00e1\" data-image-description=\"\" data-image-caption=\"\" data-medium-file=\"https:\/\/i0.wp.com\/www.atelier-reklama.sk\/blog\/wp-content\/uploads\/2023\/03\/6F.-Suk%C5%88a-pol.-20.-stor.-vy%C5%A1ila-krivou-ihlou-Anna-O%C4%8Den%C3%A1%C5%A1ov%C3%A1-rod.-Bartikov%C3%A1-scaled.jpg?fit=300%2C225&amp;ssl=1\" data-large-file=\"https:\/\/i0.wp.com\/www.atelier-reklama.sk\/blog\/wp-content\/uploads\/2023\/03\/6F.-Suk%C5%88a-pol.-20.-stor.-vy%C5%A1ila-krivou-ihlou-Anna-O%C4%8Den%C3%A1%C5%A1ov%C3%A1-rod.-Bartikov%C3%A1-scaled.jpg?fit=800%2C600&amp;ssl=1\" src=\"https:\/\/i0.wp.com\/www.atelier-reklama.sk\/blog\/wp-content\/uploads\/2023\/03\/6F.-Suk%C5%88a-pol.-20.-stor.-vy%C5%A1ila-krivou-ihlou-Anna-O%C4%8Den%C3%A1%C5%A1ov%C3%A1-rod.-Bartikov%C3%A1.jpg?resize=800%2C600&#038;ssl=1\" alt=\"\" class=\"wp-image-13306\" srcset=\"https:\/\/i0.wp.com\/www.atelier-reklama.sk\/blog\/wp-content\/uploads\/2023\/03\/6F.-Suk%C5%88a-pol.-20.-stor.-vy%C5%A1ila-krivou-ihlou-Anna-O%C4%8Den%C3%A1%C5%A1ov%C3%A1-rod.-Bartikov%C3%A1-scaled.jpg?resize=1024%2C768&amp;ssl=1 1024w, https:\/\/i0.wp.com\/www.atelier-reklama.sk\/blog\/wp-content\/uploads\/2023\/03\/6F.-Suk%C5%88a-pol.-20.-stor.-vy%C5%A1ila-krivou-ihlou-Anna-O%C4%8Den%C3%A1%C5%A1ov%C3%A1-rod.-Bartikov%C3%A1-scaled.jpg?resize=300%2C225&amp;ssl=1 300w, https:\/\/i0.wp.com\/www.atelier-reklama.sk\/blog\/wp-content\/uploads\/2023\/03\/6F.-Suk%C5%88a-pol.-20.-stor.-vy%C5%A1ila-krivou-ihlou-Anna-O%C4%8Den%C3%A1%C5%A1ov%C3%A1-rod.-Bartikov%C3%A1-scaled.jpg?resize=768%2C576&amp;ssl=1 768w, https:\/\/i0.wp.com\/www.atelier-reklama.sk\/blog\/wp-content\/uploads\/2023\/03\/6F.-Suk%C5%88a-pol.-20.-stor.-vy%C5%A1ila-krivou-ihlou-Anna-O%C4%8Den%C3%A1%C5%A1ov%C3%A1-rod.-Bartikov%C3%A1-scaled.jpg?resize=1536%2C1152&amp;ssl=1 1536w, https:\/\/i0.wp.com\/www.atelier-reklama.sk\/blog\/wp-content\/uploads\/2023\/03\/6F.-Suk%C5%88a-pol.-20.-stor.-vy%C5%A1ila-krivou-ihlou-Anna-O%C4%8Den%C3%A1%C5%A1ov%C3%A1-rod.-Bartikov%C3%A1-scaled.jpg?resize=2048%2C1536&amp;ssl=1 2048w, https:\/\/i0.wp.com\/www.atelier-reklama.sk\/blog\/wp-content\/uploads\/2023\/03\/6F.-Suk%C5%88a-pol.-20.-stor.-vy%C5%A1ila-krivou-ihlou-Anna-O%C4%8Den%C3%A1%C5%A1ov%C3%A1-rod.-Bartikov%C3%A1-scaled.jpg?w=1600&amp;ssl=1 1600w, https:\/\/i0.wp.com\/www.atelier-reklama.sk\/blog\/wp-content\/uploads\/2023\/03\/6F.-Suk%C5%88a-pol.-20.-stor.-vy%C5%A1ila-krivou-ihlou-Anna-O%C4%8Den%C3%A1%C5%A1ov%C3%A1-rod.-Bartikov%C3%A1-scaled.jpg?w=2400&amp;ssl=1 2400w\" sizes=\"auto, (max-width: 800px) 100vw, 800px\" \/><\/figure>\n\n\n\n<figure class=\"wp-block-image size-large\"><img data-recalc-dims=\"1\" loading=\"lazy\" decoding=\"async\" width=\"800\" height=\"368\" data-attachment-id=\"13307\" data-permalink=\"https:\/\/www.atelier-reklama.sk\/blog\/moj-krekacsky-kroj-a-jeho-prekreslene-vzory-spolu\/6e-sukna-pol-20-stor-vysila-krivou-ihlou-anna-ocenasova-rod-bartikova\/\" data-orig-file=\"https:\/\/i0.wp.com\/www.atelier-reklama.sk\/blog\/wp-content\/uploads\/2023\/03\/6E.-Suk%C5%88a-pol.-20.-stor.-vy%C5%A1ila-krivou-ihlou-Anna-O%C4%8Den%C3%A1%C5%A1ov%C3%A1-rod.-Bartikov%C3%A1-scaled.jpg?fit=2560%2C1177&amp;ssl=1\" data-orig-size=\"2560,1177\" data-comments-opened=\"1\" data-image-meta=\"{&quot;aperture&quot;:&quot;2&quot;,&quot;credit&quot;:&quot;&quot;,&quot;camera&quot;:&quot;SM-A125F&quot;,&quot;caption&quot;:&quot;&quot;,&quot;created_timestamp&quot;:&quot;1679138160&quot;,&quot;copyright&quot;:&quot;&quot;,&quot;focal_length&quot;:&quot;4.6&quot;,&quot;iso&quot;:&quot;400&quot;,&quot;shutter_speed&quot;:&quot;0.04&quot;,&quot;title&quot;:&quot;&quot;,&quot;orientation&quot;:&quot;1&quot;}\" data-image-title=\"6E.-Suk\u0148a-pol.-20.-stor.-vy\u0161ila-krivou-ihlou-Anna-O\u010den\u00e1\u0161ov\u00e1-rod.-Bartikov\u00e1\" data-image-description=\"\" data-image-caption=\"\" data-medium-file=\"https:\/\/i0.wp.com\/www.atelier-reklama.sk\/blog\/wp-content\/uploads\/2023\/03\/6E.-Suk%C5%88a-pol.-20.-stor.-vy%C5%A1ila-krivou-ihlou-Anna-O%C4%8Den%C3%A1%C5%A1ov%C3%A1-rod.-Bartikov%C3%A1-scaled.jpg?fit=300%2C138&amp;ssl=1\" data-large-file=\"https:\/\/i0.wp.com\/www.atelier-reklama.sk\/blog\/wp-content\/uploads\/2023\/03\/6E.-Suk%C5%88a-pol.-20.-stor.-vy%C5%A1ila-krivou-ihlou-Anna-O%C4%8Den%C3%A1%C5%A1ov%C3%A1-rod.-Bartikov%C3%A1-scaled.jpg?fit=800%2C368&amp;ssl=1\" src=\"https:\/\/i0.wp.com\/www.atelier-reklama.sk\/blog\/wp-content\/uploads\/2023\/03\/6E.-Suk%C5%88a-pol.-20.-stor.-vy%C5%A1ila-krivou-ihlou-Anna-O%C4%8Den%C3%A1%C5%A1ov%C3%A1-rod.-Bartikov%C3%A1.jpg?resize=800%2C368&#038;ssl=1\" alt=\"\" class=\"wp-image-13307\" srcset=\"https:\/\/i0.wp.com\/www.atelier-reklama.sk\/blog\/wp-content\/uploads\/2023\/03\/6E.-Suk%C5%88a-pol.-20.-stor.-vy%C5%A1ila-krivou-ihlou-Anna-O%C4%8Den%C3%A1%C5%A1ov%C3%A1-rod.-Bartikov%C3%A1-scaled.jpg?resize=1024%2C471&amp;ssl=1 1024w, https:\/\/i0.wp.com\/www.atelier-reklama.sk\/blog\/wp-content\/uploads\/2023\/03\/6E.-Suk%C5%88a-pol.-20.-stor.-vy%C5%A1ila-krivou-ihlou-Anna-O%C4%8Den%C3%A1%C5%A1ov%C3%A1-rod.-Bartikov%C3%A1-scaled.jpg?resize=300%2C138&amp;ssl=1 300w, https:\/\/i0.wp.com\/www.atelier-reklama.sk\/blog\/wp-content\/uploads\/2023\/03\/6E.-Suk%C5%88a-pol.-20.-stor.-vy%C5%A1ila-krivou-ihlou-Anna-O%C4%8Den%C3%A1%C5%A1ov%C3%A1-rod.-Bartikov%C3%A1-scaled.jpg?resize=768%2C353&amp;ssl=1 768w, https:\/\/i0.wp.com\/www.atelier-reklama.sk\/blog\/wp-content\/uploads\/2023\/03\/6E.-Suk%C5%88a-pol.-20.-stor.-vy%C5%A1ila-krivou-ihlou-Anna-O%C4%8Den%C3%A1%C5%A1ov%C3%A1-rod.-Bartikov%C3%A1-scaled.jpg?resize=1536%2C706&amp;ssl=1 1536w, https:\/\/i0.wp.com\/www.atelier-reklama.sk\/blog\/wp-content\/uploads\/2023\/03\/6E.-Suk%C5%88a-pol.-20.-stor.-vy%C5%A1ila-krivou-ihlou-Anna-O%C4%8Den%C3%A1%C5%A1ov%C3%A1-rod.-Bartikov%C3%A1-scaled.jpg?resize=2048%2C941&amp;ssl=1 2048w, https:\/\/i0.wp.com\/www.atelier-reklama.sk\/blog\/wp-content\/uploads\/2023\/03\/6E.-Suk%C5%88a-pol.-20.-stor.-vy%C5%A1ila-krivou-ihlou-Anna-O%C4%8Den%C3%A1%C5%A1ov%C3%A1-rod.-Bartikov%C3%A1-scaled.jpg?w=1600&amp;ssl=1 1600w, https:\/\/i0.wp.com\/www.atelier-reklama.sk\/blog\/wp-content\/uploads\/2023\/03\/6E.-Suk%C5%88a-pol.-20.-stor.-vy%C5%A1ila-krivou-ihlou-Anna-O%C4%8Den%C3%A1%C5%A1ov%C3%A1-rod.-Bartikov%C3%A1-scaled.jpg?w=2400&amp;ssl=1 2400w\" sizes=\"auto, (max-width: 800px) 100vw, 800px\" \/><\/figure>\n\n\n\n<figure class=\"wp-block-image size-large\"><img data-recalc-dims=\"1\" loading=\"lazy\" decoding=\"async\" width=\"800\" height=\"733\" data-attachment-id=\"13308\" data-permalink=\"https:\/\/www.atelier-reklama.sk\/blog\/moj-krekacsky-kroj-a-jeho-prekreslene-vzory-spolu\/6g-sukna-pol-20-stor-vysila-krivou-ihlou-anna-ocenasova-rod-bartikova\/\" data-orig-file=\"https:\/\/i0.wp.com\/www.atelier-reklama.sk\/blog\/wp-content\/uploads\/2023\/03\/6G.-Suk%C5%88a-pol.-20.-stor.-vy%C5%A1ila-krivou-ihlou-Anna-O%C4%8Den%C3%A1%C5%A1ov%C3%A1-rod.-Bartikov%C3%A1-scaled.jpg?fit=2560%2C2344&amp;ssl=1\" data-orig-size=\"2560,2344\" data-comments-opened=\"1\" data-image-meta=\"{&quot;aperture&quot;:&quot;2&quot;,&quot;credit&quot;:&quot;&quot;,&quot;camera&quot;:&quot;SM-A125F&quot;,&quot;caption&quot;:&quot;&quot;,&quot;created_timestamp&quot;:&quot;1679220500&quot;,&quot;copyright&quot;:&quot;&quot;,&quot;focal_length&quot;:&quot;4.6&quot;,&quot;iso&quot;:&quot;250&quot;,&quot;shutter_speed&quot;:&quot;0.039998&quot;,&quot;title&quot;:&quot;&quot;,&quot;orientation&quot;:&quot;1&quot;}\" data-image-title=\"6G.-Suk\u0148a-pol.-20.-stor.-vy\u0161ila-krivou-ihlou-Anna-O\u010den\u00e1\u0161ov\u00e1-rod.-Bartikov\u00e1\" data-image-description=\"\" data-image-caption=\"\" data-medium-file=\"https:\/\/i0.wp.com\/www.atelier-reklama.sk\/blog\/wp-content\/uploads\/2023\/03\/6G.-Suk%C5%88a-pol.-20.-stor.-vy%C5%A1ila-krivou-ihlou-Anna-O%C4%8Den%C3%A1%C5%A1ov%C3%A1-rod.-Bartikov%C3%A1-scaled.jpg?fit=300%2C275&amp;ssl=1\" data-large-file=\"https:\/\/i0.wp.com\/www.atelier-reklama.sk\/blog\/wp-content\/uploads\/2023\/03\/6G.-Suk%C5%88a-pol.-20.-stor.-vy%C5%A1ila-krivou-ihlou-Anna-O%C4%8Den%C3%A1%C5%A1ov%C3%A1-rod.-Bartikov%C3%A1-scaled.jpg?fit=800%2C733&amp;ssl=1\" src=\"https:\/\/i0.wp.com\/www.atelier-reklama.sk\/blog\/wp-content\/uploads\/2023\/03\/6G.-Suk%C5%88a-pol.-20.-stor.-vy%C5%A1ila-krivou-ihlou-Anna-O%C4%8Den%C3%A1%C5%A1ov%C3%A1-rod.-Bartikov%C3%A1.jpg?resize=800%2C733&#038;ssl=1\" alt=\"\" class=\"wp-image-13308\" srcset=\"https:\/\/i0.wp.com\/www.atelier-reklama.sk\/blog\/wp-content\/uploads\/2023\/03\/6G.-Suk%C5%88a-pol.-20.-stor.-vy%C5%A1ila-krivou-ihlou-Anna-O%C4%8Den%C3%A1%C5%A1ov%C3%A1-rod.-Bartikov%C3%A1-scaled.jpg?resize=1024%2C938&amp;ssl=1 1024w, https:\/\/i0.wp.com\/www.atelier-reklama.sk\/blog\/wp-content\/uploads\/2023\/03\/6G.-Suk%C5%88a-pol.-20.-stor.-vy%C5%A1ila-krivou-ihlou-Anna-O%C4%8Den%C3%A1%C5%A1ov%C3%A1-rod.-Bartikov%C3%A1-scaled.jpg?resize=300%2C275&amp;ssl=1 300w, https:\/\/i0.wp.com\/www.atelier-reklama.sk\/blog\/wp-content\/uploads\/2023\/03\/6G.-Suk%C5%88a-pol.-20.-stor.-vy%C5%A1ila-krivou-ihlou-Anna-O%C4%8Den%C3%A1%C5%A1ov%C3%A1-rod.-Bartikov%C3%A1-scaled.jpg?resize=768%2C703&amp;ssl=1 768w, https:\/\/i0.wp.com\/www.atelier-reklama.sk\/blog\/wp-content\/uploads\/2023\/03\/6G.-Suk%C5%88a-pol.-20.-stor.-vy%C5%A1ila-krivou-ihlou-Anna-O%C4%8Den%C3%A1%C5%A1ov%C3%A1-rod.-Bartikov%C3%A1-scaled.jpg?resize=1536%2C1406&amp;ssl=1 1536w, https:\/\/i0.wp.com\/www.atelier-reklama.sk\/blog\/wp-content\/uploads\/2023\/03\/6G.-Suk%C5%88a-pol.-20.-stor.-vy%C5%A1ila-krivou-ihlou-Anna-O%C4%8Den%C3%A1%C5%A1ov%C3%A1-rod.-Bartikov%C3%A1-scaled.jpg?resize=2048%2C1875&amp;ssl=1 2048w, https:\/\/i0.wp.com\/www.atelier-reklama.sk\/blog\/wp-content\/uploads\/2023\/03\/6G.-Suk%C5%88a-pol.-20.-stor.-vy%C5%A1ila-krivou-ihlou-Anna-O%C4%8Den%C3%A1%C5%A1ov%C3%A1-rod.-Bartikov%C3%A1-scaled.jpg?w=1600&amp;ssl=1 1600w, https:\/\/i0.wp.com\/www.atelier-reklama.sk\/blog\/wp-content\/uploads\/2023\/03\/6G.-Suk%C5%88a-pol.-20.-stor.-vy%C5%A1ila-krivou-ihlou-Anna-O%C4%8Den%C3%A1%C5%A1ov%C3%A1-rod.-Bartikov%C3%A1-scaled.jpg?w=2400&amp;ssl=1 2400w\" sizes=\"auto, (max-width: 800px) 100vw, 800px\" \/><\/figure>\n\n\n\n<figure class=\"wp-block-image size-large\"><img data-recalc-dims=\"1\" loading=\"lazy\" decoding=\"async\" width=\"800\" height=\"812\" data-attachment-id=\"13309\" data-permalink=\"https:\/\/www.atelier-reklama.sk\/blog\/moj-krekacsky-kroj-a-jeho-prekreslene-vzory-spolu\/6d-sukna-pol-20-stor-vysila-krivou-ihlou-anna-ocenasova-rod-bartikova\/\" data-orig-file=\"https:\/\/i0.wp.com\/www.atelier-reklama.sk\/blog\/wp-content\/uploads\/2023\/03\/6D.-Suk%C5%88a-pol.-20.-stor.-vy%C5%A1ila-krivou-ihlou-Anna-O%C4%8Den%C3%A1%C5%A1ov%C3%A1-rod.-Bartikov%C3%A1-scaled.jpg?fit=2523%2C2560&amp;ssl=1\" data-orig-size=\"2523,2560\" data-comments-opened=\"1\" data-image-meta=\"{&quot;aperture&quot;:&quot;2&quot;,&quot;credit&quot;:&quot;&quot;,&quot;camera&quot;:&quot;SM-A125F&quot;,&quot;caption&quot;:&quot;&quot;,&quot;created_timestamp&quot;:&quot;1679138301&quot;,&quot;copyright&quot;:&quot;&quot;,&quot;focal_length&quot;:&quot;4.6&quot;,&quot;iso&quot;:&quot;250&quot;,&quot;shutter_speed&quot;:&quot;0.0399&quot;,&quot;title&quot;:&quot;&quot;,&quot;orientation&quot;:&quot;1&quot;}\" data-image-title=\"6D.-Suk\u0148a-pol.-20.-stor.-vy\u0161ila-krivou-ihlou-Anna-O\u010den\u00e1\u0161ov\u00e1-rod.-Bartikov\u00e1\" data-image-description=\"\" data-image-caption=\"\" data-medium-file=\"https:\/\/i0.wp.com\/www.atelier-reklama.sk\/blog\/wp-content\/uploads\/2023\/03\/6D.-Suk%C5%88a-pol.-20.-stor.-vy%C5%A1ila-krivou-ihlou-Anna-O%C4%8Den%C3%A1%C5%A1ov%C3%A1-rod.-Bartikov%C3%A1-scaled.jpg?fit=296%2C300&amp;ssl=1\" data-large-file=\"https:\/\/i0.wp.com\/www.atelier-reklama.sk\/blog\/wp-content\/uploads\/2023\/03\/6D.-Suk%C5%88a-pol.-20.-stor.-vy%C5%A1ila-krivou-ihlou-Anna-O%C4%8Den%C3%A1%C5%A1ov%C3%A1-rod.-Bartikov%C3%A1-scaled.jpg?fit=800%2C812&amp;ssl=1\" src=\"https:\/\/i0.wp.com\/www.atelier-reklama.sk\/blog\/wp-content\/uploads\/2023\/03\/6D.-Suk%C5%88a-pol.-20.-stor.-vy%C5%A1ila-krivou-ihlou-Anna-O%C4%8Den%C3%A1%C5%A1ov%C3%A1-rod.-Bartikov%C3%A1.jpg?resize=800%2C812&#038;ssl=1\" alt=\"\" class=\"wp-image-13309\" srcset=\"https:\/\/i0.wp.com\/www.atelier-reklama.sk\/blog\/wp-content\/uploads\/2023\/03\/6D.-Suk%C5%88a-pol.-20.-stor.-vy%C5%A1ila-krivou-ihlou-Anna-O%C4%8Den%C3%A1%C5%A1ov%C3%A1-rod.-Bartikov%C3%A1-scaled.jpg?resize=1009%2C1024&amp;ssl=1 1009w, https:\/\/i0.wp.com\/www.atelier-reklama.sk\/blog\/wp-content\/uploads\/2023\/03\/6D.-Suk%C5%88a-pol.-20.-stor.-vy%C5%A1ila-krivou-ihlou-Anna-O%C4%8Den%C3%A1%C5%A1ov%C3%A1-rod.-Bartikov%C3%A1-scaled.jpg?resize=296%2C300&amp;ssl=1 296w, https:\/\/i0.wp.com\/www.atelier-reklama.sk\/blog\/wp-content\/uploads\/2023\/03\/6D.-Suk%C5%88a-pol.-20.-stor.-vy%C5%A1ila-krivou-ihlou-Anna-O%C4%8Den%C3%A1%C5%A1ov%C3%A1-rod.-Bartikov%C3%A1-scaled.jpg?resize=768%2C779&amp;ssl=1 768w, https:\/\/i0.wp.com\/www.atelier-reklama.sk\/blog\/wp-content\/uploads\/2023\/03\/6D.-Suk%C5%88a-pol.-20.-stor.-vy%C5%A1ila-krivou-ihlou-Anna-O%C4%8Den%C3%A1%C5%A1ov%C3%A1-rod.-Bartikov%C3%A1-scaled.jpg?resize=1514%2C1536&amp;ssl=1 1514w, https:\/\/i0.wp.com\/www.atelier-reklama.sk\/blog\/wp-content\/uploads\/2023\/03\/6D.-Suk%C5%88a-pol.-20.-stor.-vy%C5%A1ila-krivou-ihlou-Anna-O%C4%8Den%C3%A1%C5%A1ov%C3%A1-rod.-Bartikov%C3%A1-scaled.jpg?resize=2019%2C2048&amp;ssl=1 2019w, https:\/\/i0.wp.com\/www.atelier-reklama.sk\/blog\/wp-content\/uploads\/2023\/03\/6D.-Suk%C5%88a-pol.-20.-stor.-vy%C5%A1ila-krivou-ihlou-Anna-O%C4%8Den%C3%A1%C5%A1ov%C3%A1-rod.-Bartikov%C3%A1-scaled.jpg?w=1600&amp;ssl=1 1600w, https:\/\/i0.wp.com\/www.atelier-reklama.sk\/blog\/wp-content\/uploads\/2023\/03\/6D.-Suk%C5%88a-pol.-20.-stor.-vy%C5%A1ila-krivou-ihlou-Anna-O%C4%8Den%C3%A1%C5%A1ov%C3%A1-rod.-Bartikov%C3%A1-scaled.jpg?w=2400&amp;ssl=1 2400w\" sizes=\"auto, (max-width: 800px) 100vw, 800px\" \/><\/figure>\n\n\n\n<p>Suk\u0148a s v\u0161itou pali\u010dkovanou \u010dipkou, s rackami, okolie Bzov\u00edka, prv\u00e1 pol. 20. stor., p\u00f4vodn\u00fd vlastn\u00edk nezn\u00e1my<\/p>\n\n\n\n<figure class=\"wp-block-image size-large\"><img data-recalc-dims=\"1\" loading=\"lazy\" decoding=\"async\" width=\"800\" height=\"526\" data-attachment-id=\"13311\" data-permalink=\"https:\/\/www.atelier-reklama.sk\/blog\/moj-krekacsky-kroj-a-jeho-prekreslene-vzory-spolu\/7-sukna-s-vsitou-palickovanou-cipkou-s-rackami-okolie-bzovika-prva-pol-20-stor-povodny-vlastnik-neznamy\/\" data-orig-file=\"https:\/\/i0.wp.com\/www.atelier-reklama.sk\/blog\/wp-content\/uploads\/2023\/03\/7.-Suk%C5%88a-s-v%C5%A1itou-pali%C4%8Dkovanou-%C4%8Dipkou-s-rackami-okolie-Bzov%C3%ADka-prv%C3%A1-pol.-20.-stor.-p%C3%B4vodn%C3%BD-vlastn%C3%ADk-nezn%C3%A1my-scaled.jpg?fit=2560%2C1683&amp;ssl=1\" data-orig-size=\"2560,1683\" data-comments-opened=\"1\" data-image-meta=\"{&quot;aperture&quot;:&quot;2&quot;,&quot;credit&quot;:&quot;&quot;,&quot;camera&quot;:&quot;SM-A125F&quot;,&quot;caption&quot;:&quot;&quot;,&quot;created_timestamp&quot;:&quot;1679142655&quot;,&quot;copyright&quot;:&quot;&quot;,&quot;focal_length&quot;:&quot;4.6&quot;,&quot;iso&quot;:&quot;200&quot;,&quot;shutter_speed&quot;:&quot;0.03&quot;,&quot;title&quot;:&quot;&quot;,&quot;orientation&quot;:&quot;1&quot;}\" data-image-title=\"7.-Suk\u0148a-s-v\u0161itou-pali\u010dkovanou-\u010dipkou-s-rackami-okolie-Bzov\u00edka-prv\u00e1-pol.-20.-stor.-p\u00f4vodn\u00fd-vlastn\u00edk-nezn\u00e1my\" data-image-description=\"\" data-image-caption=\"\" data-medium-file=\"https:\/\/i0.wp.com\/www.atelier-reklama.sk\/blog\/wp-content\/uploads\/2023\/03\/7.-Suk%C5%88a-s-v%C5%A1itou-pali%C4%8Dkovanou-%C4%8Dipkou-s-rackami-okolie-Bzov%C3%ADka-prv%C3%A1-pol.-20.-stor.-p%C3%B4vodn%C3%BD-vlastn%C3%ADk-nezn%C3%A1my-scaled.jpg?fit=300%2C197&amp;ssl=1\" data-large-file=\"https:\/\/i0.wp.com\/www.atelier-reklama.sk\/blog\/wp-content\/uploads\/2023\/03\/7.-Suk%C5%88a-s-v%C5%A1itou-pali%C4%8Dkovanou-%C4%8Dipkou-s-rackami-okolie-Bzov%C3%ADka-prv%C3%A1-pol.-20.-stor.-p%C3%B4vodn%C3%BD-vlastn%C3%ADk-nezn%C3%A1my-scaled.jpg?fit=800%2C526&amp;ssl=1\" src=\"https:\/\/i0.wp.com\/www.atelier-reklama.sk\/blog\/wp-content\/uploads\/2023\/03\/7.-Suk%C5%88a-s-v%C5%A1itou-pali%C4%8Dkovanou-%C4%8Dipkou-s-rackami-okolie-Bzov%C3%ADka-prv%C3%A1-pol.-20.-stor.-p%C3%B4vodn%C3%BD-vlastn%C3%ADk-nezn%C3%A1my.jpg?resize=800%2C526&#038;ssl=1\" alt=\"\" class=\"wp-image-13311\" srcset=\"https:\/\/i0.wp.com\/www.atelier-reklama.sk\/blog\/wp-content\/uploads\/2023\/03\/7.-Suk%C5%88a-s-v%C5%A1itou-pali%C4%8Dkovanou-%C4%8Dipkou-s-rackami-okolie-Bzov%C3%ADka-prv%C3%A1-pol.-20.-stor.-p%C3%B4vodn%C3%BD-vlastn%C3%ADk-nezn%C3%A1my-scaled.jpg?resize=1024%2C673&amp;ssl=1 1024w, https:\/\/i0.wp.com\/www.atelier-reklama.sk\/blog\/wp-content\/uploads\/2023\/03\/7.-Suk%C5%88a-s-v%C5%A1itou-pali%C4%8Dkovanou-%C4%8Dipkou-s-rackami-okolie-Bzov%C3%ADka-prv%C3%A1-pol.-20.-stor.-p%C3%B4vodn%C3%BD-vlastn%C3%ADk-nezn%C3%A1my-scaled.jpg?resize=300%2C197&amp;ssl=1 300w, https:\/\/i0.wp.com\/www.atelier-reklama.sk\/blog\/wp-content\/uploads\/2023\/03\/7.-Suk%C5%88a-s-v%C5%A1itou-pali%C4%8Dkovanou-%C4%8Dipkou-s-rackami-okolie-Bzov%C3%ADka-prv%C3%A1-pol.-20.-stor.-p%C3%B4vodn%C3%BD-vlastn%C3%ADk-nezn%C3%A1my-scaled.jpg?resize=768%2C505&amp;ssl=1 768w, https:\/\/i0.wp.com\/www.atelier-reklama.sk\/blog\/wp-content\/uploads\/2023\/03\/7.-Suk%C5%88a-s-v%C5%A1itou-pali%C4%8Dkovanou-%C4%8Dipkou-s-rackami-okolie-Bzov%C3%ADka-prv%C3%A1-pol.-20.-stor.-p%C3%B4vodn%C3%BD-vlastn%C3%ADk-nezn%C3%A1my-scaled.jpg?resize=1536%2C1010&amp;ssl=1 1536w, https:\/\/i0.wp.com\/www.atelier-reklama.sk\/blog\/wp-content\/uploads\/2023\/03\/7.-Suk%C5%88a-s-v%C5%A1itou-pali%C4%8Dkovanou-%C4%8Dipkou-s-rackami-okolie-Bzov%C3%ADka-prv%C3%A1-pol.-20.-stor.-p%C3%B4vodn%C3%BD-vlastn%C3%ADk-nezn%C3%A1my-scaled.jpg?resize=2048%2C1346&amp;ssl=1 2048w, https:\/\/i0.wp.com\/www.atelier-reklama.sk\/blog\/wp-content\/uploads\/2023\/03\/7.-Suk%C5%88a-s-v%C5%A1itou-pali%C4%8Dkovanou-%C4%8Dipkou-s-rackami-okolie-Bzov%C3%ADka-prv%C3%A1-pol.-20.-stor.-p%C3%B4vodn%C3%BD-vlastn%C3%ADk-nezn%C3%A1my-scaled.jpg?w=1600&amp;ssl=1 1600w, https:\/\/i0.wp.com\/www.atelier-reklama.sk\/blog\/wp-content\/uploads\/2023\/03\/7.-Suk%C5%88a-s-v%C5%A1itou-pali%C4%8Dkovanou-%C4%8Dipkou-s-rackami-okolie-Bzov%C3%ADka-prv%C3%A1-pol.-20.-stor.-p%C3%B4vodn%C3%BD-vlastn%C3%ADk-nezn%C3%A1my-scaled.jpg?w=2400&amp;ssl=1 2400w\" sizes=\"auto, (max-width: 800px) 100vw, 800px\" \/><\/figure>\n\n\n\n<figure class=\"wp-block-image size-large\"><img data-recalc-dims=\"1\" loading=\"lazy\" decoding=\"async\" width=\"768\" height=\"1024\" data-attachment-id=\"13312\" data-permalink=\"https:\/\/www.atelier-reklama.sk\/blog\/moj-krekacsky-kroj-a-jeho-prekreslene-vzory-spolu\/7d-sukna-s-vsitou-palickovanou-cipkou-s-rackami-okolie-bzovika-prva-pol-20-stor-povodny-vlastnik-neznamy\/\" data-orig-file=\"https:\/\/i0.wp.com\/www.atelier-reklama.sk\/blog\/wp-content\/uploads\/2023\/03\/7D.-Suk%C5%88a-s-v%C5%A1itou-pali%C4%8Dkovanou-%C4%8Dipkou-s-rackami-okolie-Bzov%C3%ADka-prv%C3%A1-pol.-20.-stor.-p%C3%B4vodn%C3%BD-vlastn%C3%ADk-nezn%C3%A1my-scaled.jpg?fit=1920%2C2560&amp;ssl=1\" data-orig-size=\"1920,2560\" data-comments-opened=\"1\" data-image-meta=\"{&quot;aperture&quot;:&quot;2&quot;,&quot;credit&quot;:&quot;&quot;,&quot;camera&quot;:&quot;SM-A125F&quot;,&quot;caption&quot;:&quot;&quot;,&quot;created_timestamp&quot;:&quot;1679142744&quot;,&quot;copyright&quot;:&quot;&quot;,&quot;focal_length&quot;:&quot;4.6&quot;,&quot;iso&quot;:&quot;160&quot;,&quot;shutter_speed&quot;:&quot;0.030002&quot;,&quot;title&quot;:&quot;&quot;,&quot;orientation&quot;:&quot;1&quot;}\" data-image-title=\"7D.-Suk\u0148a-s-v\u0161itou-pali\u010dkovanou-\u010dipkou-s-rackami-okolie-Bzov\u00edka-prv\u00e1-pol.-20.-stor.-p\u00f4vodn\u00fd-vlastn\u00edk-nezn\u00e1my\" data-image-description=\"\" data-image-caption=\"\" data-medium-file=\"https:\/\/i0.wp.com\/www.atelier-reklama.sk\/blog\/wp-content\/uploads\/2023\/03\/7D.-Suk%C5%88a-s-v%C5%A1itou-pali%C4%8Dkovanou-%C4%8Dipkou-s-rackami-okolie-Bzov%C3%ADka-prv%C3%A1-pol.-20.-stor.-p%C3%B4vodn%C3%BD-vlastn%C3%ADk-nezn%C3%A1my-scaled.jpg?fit=225%2C300&amp;ssl=1\" data-large-file=\"https:\/\/i0.wp.com\/www.atelier-reklama.sk\/blog\/wp-content\/uploads\/2023\/03\/7D.-Suk%C5%88a-s-v%C5%A1itou-pali%C4%8Dkovanou-%C4%8Dipkou-s-rackami-okolie-Bzov%C3%ADka-prv%C3%A1-pol.-20.-stor.-p%C3%B4vodn%C3%BD-vlastn%C3%ADk-nezn%C3%A1my-scaled.jpg?fit=768%2C1024&amp;ssl=1\" src=\"https:\/\/i0.wp.com\/www.atelier-reklama.sk\/blog\/wp-content\/uploads\/2023\/03\/7D.-Suk%C5%88a-s-v%C5%A1itou-pali%C4%8Dkovanou-%C4%8Dipkou-s-rackami-okolie-Bzov%C3%ADka-prv%C3%A1-pol.-20.-stor.-p%C3%B4vodn%C3%BD-vlastn%C3%ADk-nezn%C3%A1my.jpg?resize=768%2C1024&#038;ssl=1\" alt=\"\" class=\"wp-image-13312\" srcset=\"https:\/\/i0.wp.com\/www.atelier-reklama.sk\/blog\/wp-content\/uploads\/2023\/03\/7D.-Suk%C5%88a-s-v%C5%A1itou-pali%C4%8Dkovanou-%C4%8Dipkou-s-rackami-okolie-Bzov%C3%ADka-prv%C3%A1-pol.-20.-stor.-p%C3%B4vodn%C3%BD-vlastn%C3%ADk-nezn%C3%A1my-scaled.jpg?resize=768%2C1024&amp;ssl=1 768w, https:\/\/i0.wp.com\/www.atelier-reklama.sk\/blog\/wp-content\/uploads\/2023\/03\/7D.-Suk%C5%88a-s-v%C5%A1itou-pali%C4%8Dkovanou-%C4%8Dipkou-s-rackami-okolie-Bzov%C3%ADka-prv%C3%A1-pol.-20.-stor.-p%C3%B4vodn%C3%BD-vlastn%C3%ADk-nezn%C3%A1my-scaled.jpg?resize=225%2C300&amp;ssl=1 225w, https:\/\/i0.wp.com\/www.atelier-reklama.sk\/blog\/wp-content\/uploads\/2023\/03\/7D.-Suk%C5%88a-s-v%C5%A1itou-pali%C4%8Dkovanou-%C4%8Dipkou-s-rackami-okolie-Bzov%C3%ADka-prv%C3%A1-pol.-20.-stor.-p%C3%B4vodn%C3%BD-vlastn%C3%ADk-nezn%C3%A1my-scaled.jpg?resize=1152%2C1536&amp;ssl=1 1152w, https:\/\/i0.wp.com\/www.atelier-reklama.sk\/blog\/wp-content\/uploads\/2023\/03\/7D.-Suk%C5%88a-s-v%C5%A1itou-pali%C4%8Dkovanou-%C4%8Dipkou-s-rackami-okolie-Bzov%C3%ADka-prv%C3%A1-pol.-20.-stor.-p%C3%B4vodn%C3%BD-vlastn%C3%ADk-nezn%C3%A1my-scaled.jpg?resize=1536%2C2048&amp;ssl=1 1536w, https:\/\/i0.wp.com\/www.atelier-reklama.sk\/blog\/wp-content\/uploads\/2023\/03\/7D.-Suk%C5%88a-s-v%C5%A1itou-pali%C4%8Dkovanou-%C4%8Dipkou-s-rackami-okolie-Bzov%C3%ADka-prv%C3%A1-pol.-20.-stor.-p%C3%B4vodn%C3%BD-vlastn%C3%ADk-nezn%C3%A1my-scaled.jpg?w=1920&amp;ssl=1 1920w, https:\/\/i0.wp.com\/www.atelier-reklama.sk\/blog\/wp-content\/uploads\/2023\/03\/7D.-Suk%C5%88a-s-v%C5%A1itou-pali%C4%8Dkovanou-%C4%8Dipkou-s-rackami-okolie-Bzov%C3%ADka-prv%C3%A1-pol.-20.-stor.-p%C3%B4vodn%C3%BD-vlastn%C3%ADk-nezn%C3%A1my-scaled.jpg?w=1600&amp;ssl=1 1600w\" sizes=\"auto, (max-width: 768px) 100vw, 768px\" \/><\/figure>\n\n\n\n<figure class=\"wp-block-image size-large\"><img data-recalc-dims=\"1\" loading=\"lazy\" decoding=\"async\" width=\"601\" height=\"1024\" data-attachment-id=\"13313\" data-permalink=\"https:\/\/www.atelier-reklama.sk\/blog\/moj-krekacsky-kroj-a-jeho-prekreslene-vzory-spolu\/7f-sukna-s-vsitou-palickovanou-cipkou-s-rackami-okolie-bzovika-prva-pol-20-stor-povodny-vlastnik-neznamy\/\" data-orig-file=\"https:\/\/i0.wp.com\/www.atelier-reklama.sk\/blog\/wp-content\/uploads\/2023\/03\/7F.-Suk%C5%88a-s-v%C5%A1itou-pali%C4%8Dkovanou-%C4%8Dipkou-s-rackami-okolie-Bzov%C3%ADka-prv%C3%A1-pol.-20.-stor.-p%C3%B4vodn%C3%BD-vlastn%C3%ADk-nezn%C3%A1my-scaled.jpg?fit=1502%2C2560&amp;ssl=1\" data-orig-size=\"1502,2560\" data-comments-opened=\"1\" data-image-meta=\"{&quot;aperture&quot;:&quot;2&quot;,&quot;credit&quot;:&quot;&quot;,&quot;camera&quot;:&quot;SM-A125F&quot;,&quot;caption&quot;:&quot;&quot;,&quot;created_timestamp&quot;:&quot;1679142756&quot;,&quot;copyright&quot;:&quot;&quot;,&quot;focal_length&quot;:&quot;4.6&quot;,&quot;iso&quot;:&quot;200&quot;,&quot;shutter_speed&quot;:&quot;0.03&quot;,&quot;title&quot;:&quot;&quot;,&quot;orientation&quot;:&quot;1&quot;}\" data-image-title=\"7F.-Suk\u0148a-s-v\u0161itou-pali\u010dkovanou-\u010dipkou-s-rackami-okolie-Bzov\u00edka-prv\u00e1-pol.-20.-stor.-p\u00f4vodn\u00fd-vlastn\u00edk-nezn\u00e1my\" data-image-description=\"\" data-image-caption=\"\" data-medium-file=\"https:\/\/i0.wp.com\/www.atelier-reklama.sk\/blog\/wp-content\/uploads\/2023\/03\/7F.-Suk%C5%88a-s-v%C5%A1itou-pali%C4%8Dkovanou-%C4%8Dipkou-s-rackami-okolie-Bzov%C3%ADka-prv%C3%A1-pol.-20.-stor.-p%C3%B4vodn%C3%BD-vlastn%C3%ADk-nezn%C3%A1my-scaled.jpg?fit=176%2C300&amp;ssl=1\" data-large-file=\"https:\/\/i0.wp.com\/www.atelier-reklama.sk\/blog\/wp-content\/uploads\/2023\/03\/7F.-Suk%C5%88a-s-v%C5%A1itou-pali%C4%8Dkovanou-%C4%8Dipkou-s-rackami-okolie-Bzov%C3%ADka-prv%C3%A1-pol.-20.-stor.-p%C3%B4vodn%C3%BD-vlastn%C3%ADk-nezn%C3%A1my-scaled.jpg?fit=601%2C1024&amp;ssl=1\" src=\"https:\/\/i0.wp.com\/www.atelier-reklama.sk\/blog\/wp-content\/uploads\/2023\/03\/7F.-Suk%C5%88a-s-v%C5%A1itou-pali%C4%8Dkovanou-%C4%8Dipkou-s-rackami-okolie-Bzov%C3%ADka-prv%C3%A1-pol.-20.-stor.-p%C3%B4vodn%C3%BD-vlastn%C3%ADk-nezn%C3%A1my.jpg?resize=601%2C1024&#038;ssl=1\" alt=\"\" class=\"wp-image-13313\" srcset=\"https:\/\/i0.wp.com\/www.atelier-reklama.sk\/blog\/wp-content\/uploads\/2023\/03\/7F.-Suk%C5%88a-s-v%C5%A1itou-pali%C4%8Dkovanou-%C4%8Dipkou-s-rackami-okolie-Bzov%C3%ADka-prv%C3%A1-pol.-20.-stor.-p%C3%B4vodn%C3%BD-vlastn%C3%ADk-nezn%C3%A1my-scaled.jpg?resize=601%2C1024&amp;ssl=1 601w, https:\/\/i0.wp.com\/www.atelier-reklama.sk\/blog\/wp-content\/uploads\/2023\/03\/7F.-Suk%C5%88a-s-v%C5%A1itou-pali%C4%8Dkovanou-%C4%8Dipkou-s-rackami-okolie-Bzov%C3%ADka-prv%C3%A1-pol.-20.-stor.-p%C3%B4vodn%C3%BD-vlastn%C3%ADk-nezn%C3%A1my-scaled.jpg?resize=176%2C300&amp;ssl=1 176w, https:\/\/i0.wp.com\/www.atelier-reklama.sk\/blog\/wp-content\/uploads\/2023\/03\/7F.-Suk%C5%88a-s-v%C5%A1itou-pali%C4%8Dkovanou-%C4%8Dipkou-s-rackami-okolie-Bzov%C3%ADka-prv%C3%A1-pol.-20.-stor.-p%C3%B4vodn%C3%BD-vlastn%C3%ADk-nezn%C3%A1my-scaled.jpg?resize=768%2C1309&amp;ssl=1 768w, https:\/\/i0.wp.com\/www.atelier-reklama.sk\/blog\/wp-content\/uploads\/2023\/03\/7F.-Suk%C5%88a-s-v%C5%A1itou-pali%C4%8Dkovanou-%C4%8Dipkou-s-rackami-okolie-Bzov%C3%ADka-prv%C3%A1-pol.-20.-stor.-p%C3%B4vodn%C3%BD-vlastn%C3%ADk-nezn%C3%A1my-scaled.jpg?resize=901%2C1536&amp;ssl=1 901w, https:\/\/i0.wp.com\/www.atelier-reklama.sk\/blog\/wp-content\/uploads\/2023\/03\/7F.-Suk%C5%88a-s-v%C5%A1itou-pali%C4%8Dkovanou-%C4%8Dipkou-s-rackami-okolie-Bzov%C3%ADka-prv%C3%A1-pol.-20.-stor.-p%C3%B4vodn%C3%BD-vlastn%C3%ADk-nezn%C3%A1my-scaled.jpg?resize=1202%2C2048&amp;ssl=1 1202w, https:\/\/i0.wp.com\/www.atelier-reklama.sk\/blog\/wp-content\/uploads\/2023\/03\/7F.-Suk%C5%88a-s-v%C5%A1itou-pali%C4%8Dkovanou-%C4%8Dipkou-s-rackami-okolie-Bzov%C3%ADka-prv%C3%A1-pol.-20.-stor.-p%C3%B4vodn%C3%BD-vlastn%C3%ADk-nezn%C3%A1my-scaled.jpg?w=1502&amp;ssl=1 1502w\" sizes=\"auto, (max-width: 601px) 100vw, 601px\" \/><\/figure>\n\n\n\n<figure class=\"wp-block-image size-large\"><img data-recalc-dims=\"1\" loading=\"lazy\" decoding=\"async\" width=\"800\" height=\"598\" data-attachment-id=\"13316\" data-permalink=\"https:\/\/www.atelier-reklama.sk\/blog\/moj-krekacsky-kroj-a-jeho-prekreslene-vzory-spolu\/7ch-sukna-s-vsitou-palickovanou-cipkou-s-rackami-okolie-bzovika-prva-pol-20-stor-povodny-vlastnik-neznamy\/\" data-orig-file=\"https:\/\/i0.wp.com\/www.atelier-reklama.sk\/blog\/wp-content\/uploads\/2023\/03\/7CH.-Suk%C5%88a-s-v%C5%A1itou-pali%C4%8Dkovanou-%C4%8Dipkou-s-rackami-okolie-Bzov%C3%ADka-prv%C3%A1-pol.-20.-stor.-p%C3%B4vodn%C3%BD-vlastn%C3%ADk-nezn%C3%A1my-scaled.jpg?fit=2560%2C1913&amp;ssl=1\" data-orig-size=\"2560,1913\" data-comments-opened=\"1\" data-image-meta=\"{&quot;aperture&quot;:&quot;2&quot;,&quot;credit&quot;:&quot;&quot;,&quot;camera&quot;:&quot;SM-A125F&quot;,&quot;caption&quot;:&quot;&quot;,&quot;created_timestamp&quot;:&quot;1679240463&quot;,&quot;copyright&quot;:&quot;&quot;,&quot;focal_length&quot;:&quot;4.6&quot;,&quot;iso&quot;:&quot;400&quot;,&quot;shutter_speed&quot;:&quot;0.05&quot;,&quot;title&quot;:&quot;&quot;,&quot;orientation&quot;:&quot;1&quot;}\" data-image-title=\"7CH.-Suk\u0148a-s-v\u0161itou-pali\u010dkovanou-\u010dipkou-s-rackami-okolie-Bzov\u00edka-prv\u00e1-pol.-20.-stor.-p\u00f4vodn\u00fd-vlastn\u00edk-nezn\u00e1my\" data-image-description=\"\" data-image-caption=\"\" data-medium-file=\"https:\/\/i0.wp.com\/www.atelier-reklama.sk\/blog\/wp-content\/uploads\/2023\/03\/7CH.-Suk%C5%88a-s-v%C5%A1itou-pali%C4%8Dkovanou-%C4%8Dipkou-s-rackami-okolie-Bzov%C3%ADka-prv%C3%A1-pol.-20.-stor.-p%C3%B4vodn%C3%BD-vlastn%C3%ADk-nezn%C3%A1my-scaled.jpg?fit=300%2C224&amp;ssl=1\" data-large-file=\"https:\/\/i0.wp.com\/www.atelier-reklama.sk\/blog\/wp-content\/uploads\/2023\/03\/7CH.-Suk%C5%88a-s-v%C5%A1itou-pali%C4%8Dkovanou-%C4%8Dipkou-s-rackami-okolie-Bzov%C3%ADka-prv%C3%A1-pol.-20.-stor.-p%C3%B4vodn%C3%BD-vlastn%C3%ADk-nezn%C3%A1my-scaled.jpg?fit=800%2C598&amp;ssl=1\" src=\"https:\/\/i0.wp.com\/www.atelier-reklama.sk\/blog\/wp-content\/uploads\/2023\/03\/7CH.-Suk%C5%88a-s-v%C5%A1itou-pali%C4%8Dkovanou-%C4%8Dipkou-s-rackami-okolie-Bzov%C3%ADka-prv%C3%A1-pol.-20.-stor.-p%C3%B4vodn%C3%BD-vlastn%C3%ADk-nezn%C3%A1my.jpg?resize=800%2C598&#038;ssl=1\" alt=\"\" class=\"wp-image-13316\" srcset=\"https:\/\/i0.wp.com\/www.atelier-reklama.sk\/blog\/wp-content\/uploads\/2023\/03\/7CH.-Suk%C5%88a-s-v%C5%A1itou-pali%C4%8Dkovanou-%C4%8Dipkou-s-rackami-okolie-Bzov%C3%ADka-prv%C3%A1-pol.-20.-stor.-p%C3%B4vodn%C3%BD-vlastn%C3%ADk-nezn%C3%A1my-scaled.jpg?resize=1024%2C765&amp;ssl=1 1024w, https:\/\/i0.wp.com\/www.atelier-reklama.sk\/blog\/wp-content\/uploads\/2023\/03\/7CH.-Suk%C5%88a-s-v%C5%A1itou-pali%C4%8Dkovanou-%C4%8Dipkou-s-rackami-okolie-Bzov%C3%ADka-prv%C3%A1-pol.-20.-stor.-p%C3%B4vodn%C3%BD-vlastn%C3%ADk-nezn%C3%A1my-scaled.jpg?resize=300%2C224&amp;ssl=1 300w, https:\/\/i0.wp.com\/www.atelier-reklama.sk\/blog\/wp-content\/uploads\/2023\/03\/7CH.-Suk%C5%88a-s-v%C5%A1itou-pali%C4%8Dkovanou-%C4%8Dipkou-s-rackami-okolie-Bzov%C3%ADka-prv%C3%A1-pol.-20.-stor.-p%C3%B4vodn%C3%BD-vlastn%C3%ADk-nezn%C3%A1my-scaled.jpg?resize=768%2C574&amp;ssl=1 768w, https:\/\/i0.wp.com\/www.atelier-reklama.sk\/blog\/wp-content\/uploads\/2023\/03\/7CH.-Suk%C5%88a-s-v%C5%A1itou-pali%C4%8Dkovanou-%C4%8Dipkou-s-rackami-okolie-Bzov%C3%ADka-prv%C3%A1-pol.-20.-stor.-p%C3%B4vodn%C3%BD-vlastn%C3%ADk-nezn%C3%A1my-scaled.jpg?resize=1536%2C1148&amp;ssl=1 1536w, https:\/\/i0.wp.com\/www.atelier-reklama.sk\/blog\/wp-content\/uploads\/2023\/03\/7CH.-Suk%C5%88a-s-v%C5%A1itou-pali%C4%8Dkovanou-%C4%8Dipkou-s-rackami-okolie-Bzov%C3%ADka-prv%C3%A1-pol.-20.-stor.-p%C3%B4vodn%C3%BD-vlastn%C3%ADk-nezn%C3%A1my-scaled.jpg?resize=2048%2C1531&amp;ssl=1 2048w, https:\/\/i0.wp.com\/www.atelier-reklama.sk\/blog\/wp-content\/uploads\/2023\/03\/7CH.-Suk%C5%88a-s-v%C5%A1itou-pali%C4%8Dkovanou-%C4%8Dipkou-s-rackami-okolie-Bzov%C3%ADka-prv%C3%A1-pol.-20.-stor.-p%C3%B4vodn%C3%BD-vlastn%C3%ADk-nezn%C3%A1my-scaled.jpg?w=1600&amp;ssl=1 1600w, https:\/\/i0.wp.com\/www.atelier-reklama.sk\/blog\/wp-content\/uploads\/2023\/03\/7CH.-Suk%C5%88a-s-v%C5%A1itou-pali%C4%8Dkovanou-%C4%8Dipkou-s-rackami-okolie-Bzov%C3%ADka-prv%C3%A1-pol.-20.-stor.-p%C3%B4vodn%C3%BD-vlastn%C3%ADk-nezn%C3%A1my-scaled.jpg?w=2400&amp;ssl=1 2400w\" sizes=\"auto, (max-width: 800px) 100vw, 800px\" \/><\/figure>\n\n\n\n<figure class=\"wp-block-image size-large\"><img data-recalc-dims=\"1\" loading=\"lazy\" decoding=\"async\" width=\"800\" height=\"529\" data-attachment-id=\"13317\" data-permalink=\"https:\/\/www.atelier-reklama.sk\/blog\/moj-krekacsky-kroj-a-jeho-prekreslene-vzory-spolu\/7cha-sukna-s-vsitou-palickovanou-cipkou-s-rackami-okolie-bzovika-prva-pol-20-stor-povodny-vlastnik-neznamy\/\" data-orig-file=\"https:\/\/i0.wp.com\/www.atelier-reklama.sk\/blog\/wp-content\/uploads\/2023\/03\/7CHA.-Suk%C5%88a-s-v%C5%A1itou-pali%C4%8Dkovanou-%C4%8Dipkou-s-rackami-okolie-Bzov%C3%ADka-prv%C3%A1-pol.-20.-stor.-p%C3%B4vodn%C3%BD-vlastn%C3%ADk-nezn%C3%A1my-scaled.jpg?fit=2560%2C1692&amp;ssl=1\" data-orig-size=\"2560,1692\" data-comments-opened=\"1\" data-image-meta=\"{&quot;aperture&quot;:&quot;2&quot;,&quot;credit&quot;:&quot;&quot;,&quot;camera&quot;:&quot;SM-A125F&quot;,&quot;caption&quot;:&quot;&quot;,&quot;created_timestamp&quot;:&quot;1679239264&quot;,&quot;copyright&quot;:&quot;&quot;,&quot;focal_length&quot;:&quot;4.6&quot;,&quot;iso&quot;:&quot;400&quot;,&quot;shutter_speed&quot;:&quot;0.04&quot;,&quot;title&quot;:&quot;&quot;,&quot;orientation&quot;:&quot;1&quot;}\" data-image-title=\"7CHA.-Suk\u0148a-s-v\u0161itou-pali\u010dkovanou-\u010dipkou-s-rackami-okolie-Bzov\u00edka-prv\u00e1-pol.-20.-stor.-p\u00f4vodn\u00fd-vlastn\u00edk-nezn\u00e1my\" data-image-description=\"\" data-image-caption=\"\" data-medium-file=\"https:\/\/i0.wp.com\/www.atelier-reklama.sk\/blog\/wp-content\/uploads\/2023\/03\/7CHA.-Suk%C5%88a-s-v%C5%A1itou-pali%C4%8Dkovanou-%C4%8Dipkou-s-rackami-okolie-Bzov%C3%ADka-prv%C3%A1-pol.-20.-stor.-p%C3%B4vodn%C3%BD-vlastn%C3%ADk-nezn%C3%A1my-scaled.jpg?fit=300%2C198&amp;ssl=1\" data-large-file=\"https:\/\/i0.wp.com\/www.atelier-reklama.sk\/blog\/wp-content\/uploads\/2023\/03\/7CHA.-Suk%C5%88a-s-v%C5%A1itou-pali%C4%8Dkovanou-%C4%8Dipkou-s-rackami-okolie-Bzov%C3%ADka-prv%C3%A1-pol.-20.-stor.-p%C3%B4vodn%C3%BD-vlastn%C3%ADk-nezn%C3%A1my-scaled.jpg?fit=800%2C529&amp;ssl=1\" src=\"https:\/\/i0.wp.com\/www.atelier-reklama.sk\/blog\/wp-content\/uploads\/2023\/03\/7CHA.-Suk%C5%88a-s-v%C5%A1itou-pali%C4%8Dkovanou-%C4%8Dipkou-s-rackami-okolie-Bzov%C3%ADka-prv%C3%A1-pol.-20.-stor.-p%C3%B4vodn%C3%BD-vlastn%C3%ADk-nezn%C3%A1my.jpg?resize=800%2C529&#038;ssl=1\" alt=\"\" class=\"wp-image-13317\" srcset=\"https:\/\/i0.wp.com\/www.atelier-reklama.sk\/blog\/wp-content\/uploads\/2023\/03\/7CHA.-Suk%C5%88a-s-v%C5%A1itou-pali%C4%8Dkovanou-%C4%8Dipkou-s-rackami-okolie-Bzov%C3%ADka-prv%C3%A1-pol.-20.-stor.-p%C3%B4vodn%C3%BD-vlastn%C3%ADk-nezn%C3%A1my-scaled.jpg?resize=1024%2C677&amp;ssl=1 1024w, https:\/\/i0.wp.com\/www.atelier-reklama.sk\/blog\/wp-content\/uploads\/2023\/03\/7CHA.-Suk%C5%88a-s-v%C5%A1itou-pali%C4%8Dkovanou-%C4%8Dipkou-s-rackami-okolie-Bzov%C3%ADka-prv%C3%A1-pol.-20.-stor.-p%C3%B4vodn%C3%BD-vlastn%C3%ADk-nezn%C3%A1my-scaled.jpg?resize=300%2C198&amp;ssl=1 300w, https:\/\/i0.wp.com\/www.atelier-reklama.sk\/blog\/wp-content\/uploads\/2023\/03\/7CHA.-Suk%C5%88a-s-v%C5%A1itou-pali%C4%8Dkovanou-%C4%8Dipkou-s-rackami-okolie-Bzov%C3%ADka-prv%C3%A1-pol.-20.-stor.-p%C3%B4vodn%C3%BD-vlastn%C3%ADk-nezn%C3%A1my-scaled.jpg?resize=768%2C508&amp;ssl=1 768w, https:\/\/i0.wp.com\/www.atelier-reklama.sk\/blog\/wp-content\/uploads\/2023\/03\/7CHA.-Suk%C5%88a-s-v%C5%A1itou-pali%C4%8Dkovanou-%C4%8Dipkou-s-rackami-okolie-Bzov%C3%ADka-prv%C3%A1-pol.-20.-stor.-p%C3%B4vodn%C3%BD-vlastn%C3%ADk-nezn%C3%A1my-scaled.jpg?resize=1536%2C1015&amp;ssl=1 1536w, https:\/\/i0.wp.com\/www.atelier-reklama.sk\/blog\/wp-content\/uploads\/2023\/03\/7CHA.-Suk%C5%88a-s-v%C5%A1itou-pali%C4%8Dkovanou-%C4%8Dipkou-s-rackami-okolie-Bzov%C3%ADka-prv%C3%A1-pol.-20.-stor.-p%C3%B4vodn%C3%BD-vlastn%C3%ADk-nezn%C3%A1my-scaled.jpg?resize=2048%2C1354&amp;ssl=1 2048w, https:\/\/i0.wp.com\/www.atelier-reklama.sk\/blog\/wp-content\/uploads\/2023\/03\/7CHA.-Suk%C5%88a-s-v%C5%A1itou-pali%C4%8Dkovanou-%C4%8Dipkou-s-rackami-okolie-Bzov%C3%ADka-prv%C3%A1-pol.-20.-stor.-p%C3%B4vodn%C3%BD-vlastn%C3%ADk-nezn%C3%A1my-scaled.jpg?w=1600&amp;ssl=1 1600w, https:\/\/i0.wp.com\/www.atelier-reklama.sk\/blog\/wp-content\/uploads\/2023\/03\/7CHA.-Suk%C5%88a-s-v%C5%A1itou-pali%C4%8Dkovanou-%C4%8Dipkou-s-rackami-okolie-Bzov%C3%ADka-prv%C3%A1-pol.-20.-stor.-p%C3%B4vodn%C3%BD-vlastn%C3%ADk-nezn%C3%A1my-scaled.jpg?w=2400&amp;ssl=1 2400w\" sizes=\"auto, (max-width: 800px) 100vw, 800px\" \/><figcaption class=\"wp-element-caption\">Asi 100 ro\u010dn\u00e1 biela suk\u0148a s rackami a tie\u017e asi tak isto star\u00e1 futienka.<\/figcaption><\/figure>\n\n\n\n<figure class=\"wp-block-image size-large\"><img data-recalc-dims=\"1\" loading=\"lazy\" decoding=\"async\" width=\"800\" height=\"557\" data-attachment-id=\"13318\" data-permalink=\"https:\/\/www.atelier-reklama.sk\/blog\/moj-krekacsky-kroj-a-jeho-prekreslene-vzory-spolu\/7iaa-sukna-s-vsitou-palickovanou-cipkou-s-rackami-okolie-bzovika-prva-pol-20-stor-povodny-vlastnik-neznamy\/\" data-orig-file=\"https:\/\/i0.wp.com\/www.atelier-reklama.sk\/blog\/wp-content\/uploads\/2023\/03\/7IAA.-Suk%C5%88a-s-v%C5%A1itou-pali%C4%8Dkovanou-%C4%8Dipkou-s-rackami-okolie-Bzov%C3%ADka-prv%C3%A1-pol.-20.-stor.-p%C3%B4vodn%C3%BD-vlastn%C3%ADk-nezn%C3%A1my-scaled.jpg?fit=2560%2C1782&amp;ssl=1\" data-orig-size=\"2560,1782\" data-comments-opened=\"1\" data-image-meta=\"{&quot;aperture&quot;:&quot;2&quot;,&quot;credit&quot;:&quot;&quot;,&quot;camera&quot;:&quot;SM-A125F&quot;,&quot;caption&quot;:&quot;&quot;,&quot;created_timestamp&quot;:&quot;1679239081&quot;,&quot;copyright&quot;:&quot;&quot;,&quot;focal_length&quot;:&quot;4.6&quot;,&quot;iso&quot;:&quot;500&quot;,&quot;shutter_speed&quot;:&quot;0.05&quot;,&quot;title&quot;:&quot;&quot;,&quot;orientation&quot;:&quot;1&quot;}\" data-image-title=\"7IAA.-Suk\u0148a-s-v\u0161itou-pali\u010dkovanou-\u010dipkou-s-rackami-okolie-Bzov\u00edka-prv\u00e1-pol.-20.-stor.-p\u00f4vodn\u00fd-vlastn\u00edk-nezn\u00e1my\" data-image-description=\"\" data-image-caption=\"\" data-medium-file=\"https:\/\/i0.wp.com\/www.atelier-reklama.sk\/blog\/wp-content\/uploads\/2023\/03\/7IAA.-Suk%C5%88a-s-v%C5%A1itou-pali%C4%8Dkovanou-%C4%8Dipkou-s-rackami-okolie-Bzov%C3%ADka-prv%C3%A1-pol.-20.-stor.-p%C3%B4vodn%C3%BD-vlastn%C3%ADk-nezn%C3%A1my-scaled.jpg?fit=300%2C209&amp;ssl=1\" data-large-file=\"https:\/\/i0.wp.com\/www.atelier-reklama.sk\/blog\/wp-content\/uploads\/2023\/03\/7IAA.-Suk%C5%88a-s-v%C5%A1itou-pali%C4%8Dkovanou-%C4%8Dipkou-s-rackami-okolie-Bzov%C3%ADka-prv%C3%A1-pol.-20.-stor.-p%C3%B4vodn%C3%BD-vlastn%C3%ADk-nezn%C3%A1my-scaled.jpg?fit=800%2C557&amp;ssl=1\" src=\"https:\/\/i0.wp.com\/www.atelier-reklama.sk\/blog\/wp-content\/uploads\/2023\/03\/7IAA.-Suk%C5%88a-s-v%C5%A1itou-pali%C4%8Dkovanou-%C4%8Dipkou-s-rackami-okolie-Bzov%C3%ADka-prv%C3%A1-pol.-20.-stor.-p%C3%B4vodn%C3%BD-vlastn%C3%ADk-nezn%C3%A1my.jpg?resize=800%2C557&#038;ssl=1\" alt=\"\" class=\"wp-image-13318\" srcset=\"https:\/\/i0.wp.com\/www.atelier-reklama.sk\/blog\/wp-content\/uploads\/2023\/03\/7IAA.-Suk%C5%88a-s-v%C5%A1itou-pali%C4%8Dkovanou-%C4%8Dipkou-s-rackami-okolie-Bzov%C3%ADka-prv%C3%A1-pol.-20.-stor.-p%C3%B4vodn%C3%BD-vlastn%C3%ADk-nezn%C3%A1my-scaled.jpg?resize=1024%2C713&amp;ssl=1 1024w, https:\/\/i0.wp.com\/www.atelier-reklama.sk\/blog\/wp-content\/uploads\/2023\/03\/7IAA.-Suk%C5%88a-s-v%C5%A1itou-pali%C4%8Dkovanou-%C4%8Dipkou-s-rackami-okolie-Bzov%C3%ADka-prv%C3%A1-pol.-20.-stor.-p%C3%B4vodn%C3%BD-vlastn%C3%ADk-nezn%C3%A1my-scaled.jpg?resize=300%2C209&amp;ssl=1 300w, https:\/\/i0.wp.com\/www.atelier-reklama.sk\/blog\/wp-content\/uploads\/2023\/03\/7IAA.-Suk%C5%88a-s-v%C5%A1itou-pali%C4%8Dkovanou-%C4%8Dipkou-s-rackami-okolie-Bzov%C3%ADka-prv%C3%A1-pol.-20.-stor.-p%C3%B4vodn%C3%BD-vlastn%C3%ADk-nezn%C3%A1my-scaled.jpg?resize=768%2C535&amp;ssl=1 768w, https:\/\/i0.wp.com\/www.atelier-reklama.sk\/blog\/wp-content\/uploads\/2023\/03\/7IAA.-Suk%C5%88a-s-v%C5%A1itou-pali%C4%8Dkovanou-%C4%8Dipkou-s-rackami-okolie-Bzov%C3%ADka-prv%C3%A1-pol.-20.-stor.-p%C3%B4vodn%C3%BD-vlastn%C3%ADk-nezn%C3%A1my-scaled.jpg?resize=1536%2C1069&amp;ssl=1 1536w, https:\/\/i0.wp.com\/www.atelier-reklama.sk\/blog\/wp-content\/uploads\/2023\/03\/7IAA.-Suk%C5%88a-s-v%C5%A1itou-pali%C4%8Dkovanou-%C4%8Dipkou-s-rackami-okolie-Bzov%C3%ADka-prv%C3%A1-pol.-20.-stor.-p%C3%B4vodn%C3%BD-vlastn%C3%ADk-nezn%C3%A1my-scaled.jpg?resize=2048%2C1426&amp;ssl=1 2048w, https:\/\/i0.wp.com\/www.atelier-reklama.sk\/blog\/wp-content\/uploads\/2023\/03\/7IAA.-Suk%C5%88a-s-v%C5%A1itou-pali%C4%8Dkovanou-%C4%8Dipkou-s-rackami-okolie-Bzov%C3%ADka-prv%C3%A1-pol.-20.-stor.-p%C3%B4vodn%C3%BD-vlastn%C3%ADk-nezn%C3%A1my-scaled.jpg?resize=392%2C272&amp;ssl=1 392w, https:\/\/i0.wp.com\/www.atelier-reklama.sk\/blog\/wp-content\/uploads\/2023\/03\/7IAA.-Suk%C5%88a-s-v%C5%A1itou-pali%C4%8Dkovanou-%C4%8Dipkou-s-rackami-okolie-Bzov%C3%ADka-prv%C3%A1-pol.-20.-stor.-p%C3%B4vodn%C3%BD-vlastn%C3%ADk-nezn%C3%A1my-scaled.jpg?resize=130%2C90&amp;ssl=1 130w, https:\/\/i0.wp.com\/www.atelier-reklama.sk\/blog\/wp-content\/uploads\/2023\/03\/7IAA.-Suk%C5%88a-s-v%C5%A1itou-pali%C4%8Dkovanou-%C4%8Dipkou-s-rackami-okolie-Bzov%C3%ADka-prv%C3%A1-pol.-20.-stor.-p%C3%B4vodn%C3%BD-vlastn%C3%ADk-nezn%C3%A1my-scaled.jpg?w=1600&amp;ssl=1 1600w, https:\/\/i0.wp.com\/www.atelier-reklama.sk\/blog\/wp-content\/uploads\/2023\/03\/7IAA.-Suk%C5%88a-s-v%C5%A1itou-pali%C4%8Dkovanou-%C4%8Dipkou-s-rackami-okolie-Bzov%C3%ADka-prv%C3%A1-pol.-20.-stor.-p%C3%B4vodn%C3%BD-vlastn%C3%ADk-nezn%C3%A1my-scaled.jpg?w=2400&amp;ssl=1 2400w\" sizes=\"auto, (max-width: 800px) 100vw, 800px\" \/><\/figure>\n\n\n\n<figure class=\"wp-block-image size-large\"><img data-recalc-dims=\"1\" loading=\"lazy\" decoding=\"async\" width=\"800\" height=\"441\" data-attachment-id=\"13314\" data-permalink=\"https:\/\/www.atelier-reklama.sk\/blog\/moj-krekacsky-kroj-a-jeho-prekreslene-vzory-spolu\/7g-sukna-s-vsitou-palickovanou-cipkou-s-rackami-okolie-bzovika-prva-pol-20-stor-povodny-vlastnik-neznamy\/\" data-orig-file=\"https:\/\/i0.wp.com\/www.atelier-reklama.sk\/blog\/wp-content\/uploads\/2023\/03\/7G.-Suk%C5%88a-s-v%C5%A1itou-pali%C4%8Dkovanou-%C4%8Dipkou-s-rackami-okolie-Bzov%C3%ADka-prv%C3%A1-pol.-20.-stor.-p%C3%B4vodn%C3%BD-vlastn%C3%ADk-nezn%C3%A1my-scaled.jpg?fit=2560%2C1412&amp;ssl=1\" data-orig-size=\"2560,1412\" data-comments-opened=\"1\" data-image-meta=\"{&quot;aperture&quot;:&quot;2&quot;,&quot;credit&quot;:&quot;&quot;,&quot;camera&quot;:&quot;SM-A125F&quot;,&quot;caption&quot;:&quot;&quot;,&quot;created_timestamp&quot;:&quot;1679150710&quot;,&quot;copyright&quot;:&quot;&quot;,&quot;focal_length&quot;:&quot;4.6&quot;,&quot;iso&quot;:&quot;500&quot;,&quot;shutter_speed&quot;:&quot;0.04&quot;,&quot;title&quot;:&quot;&quot;,&quot;orientation&quot;:&quot;1&quot;}\" data-image-title=\"7G.-Suk\u0148a-s-v\u0161itou-pali\u010dkovanou-\u010dipkou-s-rackami-okolie-Bzov\u00edka-prv\u00e1-pol.-20.-stor.-p\u00f4vodn\u00fd-vlastn\u00edk-nezn\u00e1my\" data-image-description=\"\" data-image-caption=\"\" data-medium-file=\"https:\/\/i0.wp.com\/www.atelier-reklama.sk\/blog\/wp-content\/uploads\/2023\/03\/7G.-Suk%C5%88a-s-v%C5%A1itou-pali%C4%8Dkovanou-%C4%8Dipkou-s-rackami-okolie-Bzov%C3%ADka-prv%C3%A1-pol.-20.-stor.-p%C3%B4vodn%C3%BD-vlastn%C3%ADk-nezn%C3%A1my-scaled.jpg?fit=300%2C166&amp;ssl=1\" data-large-file=\"https:\/\/i0.wp.com\/www.atelier-reklama.sk\/blog\/wp-content\/uploads\/2023\/03\/7G.-Suk%C5%88a-s-v%C5%A1itou-pali%C4%8Dkovanou-%C4%8Dipkou-s-rackami-okolie-Bzov%C3%ADka-prv%C3%A1-pol.-20.-stor.-p%C3%B4vodn%C3%BD-vlastn%C3%ADk-nezn%C3%A1my-scaled.jpg?fit=800%2C441&amp;ssl=1\" src=\"https:\/\/i0.wp.com\/www.atelier-reklama.sk\/blog\/wp-content\/uploads\/2023\/03\/7G.-Suk%C5%88a-s-v%C5%A1itou-pali%C4%8Dkovanou-%C4%8Dipkou-s-rackami-okolie-Bzov%C3%ADka-prv%C3%A1-pol.-20.-stor.-p%C3%B4vodn%C3%BD-vlastn%C3%ADk-nezn%C3%A1my.jpg?resize=800%2C441&#038;ssl=1\" alt=\"\" class=\"wp-image-13314\" srcset=\"https:\/\/i0.wp.com\/www.atelier-reklama.sk\/blog\/wp-content\/uploads\/2023\/03\/7G.-Suk%C5%88a-s-v%C5%A1itou-pali%C4%8Dkovanou-%C4%8Dipkou-s-rackami-okolie-Bzov%C3%ADka-prv%C3%A1-pol.-20.-stor.-p%C3%B4vodn%C3%BD-vlastn%C3%ADk-nezn%C3%A1my-scaled.jpg?resize=1024%2C565&amp;ssl=1 1024w, https:\/\/i0.wp.com\/www.atelier-reklama.sk\/blog\/wp-content\/uploads\/2023\/03\/7G.-Suk%C5%88a-s-v%C5%A1itou-pali%C4%8Dkovanou-%C4%8Dipkou-s-rackami-okolie-Bzov%C3%ADka-prv%C3%A1-pol.-20.-stor.-p%C3%B4vodn%C3%BD-vlastn%C3%ADk-nezn%C3%A1my-scaled.jpg?resize=300%2C166&amp;ssl=1 300w, https:\/\/i0.wp.com\/www.atelier-reklama.sk\/blog\/wp-content\/uploads\/2023\/03\/7G.-Suk%C5%88a-s-v%C5%A1itou-pali%C4%8Dkovanou-%C4%8Dipkou-s-rackami-okolie-Bzov%C3%ADka-prv%C3%A1-pol.-20.-stor.-p%C3%B4vodn%C3%BD-vlastn%C3%ADk-nezn%C3%A1my-scaled.jpg?resize=768%2C424&amp;ssl=1 768w, https:\/\/i0.wp.com\/www.atelier-reklama.sk\/blog\/wp-content\/uploads\/2023\/03\/7G.-Suk%C5%88a-s-v%C5%A1itou-pali%C4%8Dkovanou-%C4%8Dipkou-s-rackami-okolie-Bzov%C3%ADka-prv%C3%A1-pol.-20.-stor.-p%C3%B4vodn%C3%BD-vlastn%C3%ADk-nezn%C3%A1my-scaled.jpg?resize=1536%2C847&amp;ssl=1 1536w, https:\/\/i0.wp.com\/www.atelier-reklama.sk\/blog\/wp-content\/uploads\/2023\/03\/7G.-Suk%C5%88a-s-v%C5%A1itou-pali%C4%8Dkovanou-%C4%8Dipkou-s-rackami-okolie-Bzov%C3%ADka-prv%C3%A1-pol.-20.-stor.-p%C3%B4vodn%C3%BD-vlastn%C3%ADk-nezn%C3%A1my-scaled.jpg?resize=2048%2C1130&amp;ssl=1 2048w, https:\/\/i0.wp.com\/www.atelier-reklama.sk\/blog\/wp-content\/uploads\/2023\/03\/7G.-Suk%C5%88a-s-v%C5%A1itou-pali%C4%8Dkovanou-%C4%8Dipkou-s-rackami-okolie-Bzov%C3%ADka-prv%C3%A1-pol.-20.-stor.-p%C3%B4vodn%C3%BD-vlastn%C3%ADk-nezn%C3%A1my-scaled.jpg?w=1600&amp;ssl=1 1600w, https:\/\/i0.wp.com\/www.atelier-reklama.sk\/blog\/wp-content\/uploads\/2023\/03\/7G.-Suk%C5%88a-s-v%C5%A1itou-pali%C4%8Dkovanou-%C4%8Dipkou-s-rackami-okolie-Bzov%C3%ADka-prv%C3%A1-pol.-20.-stor.-p%C3%B4vodn%C3%BD-vlastn%C3%ADk-nezn%C3%A1my-scaled.jpg?w=2400&amp;ssl=1 2400w\" sizes=\"auto, (max-width: 800px) 100vw, 800px\" \/><\/figure>\n\n\n\n<figure class=\"wp-block-image size-large\"><img data-recalc-dims=\"1\" loading=\"lazy\" decoding=\"async\" width=\"800\" height=\"541\" data-attachment-id=\"13315\" data-permalink=\"https:\/\/www.atelier-reklama.sk\/blog\/moj-krekacsky-kroj-a-jeho-prekreslene-vzory-spolu\/7h-sukna-s-vsitou-palickovanou-cipkou-s-rackami-okolie-bzovika-prva-pol-20-stor-povodny-vlastnik-neznamy\/\" data-orig-file=\"https:\/\/i0.wp.com\/www.atelier-reklama.sk\/blog\/wp-content\/uploads\/2023\/03\/7H.-Suk%C5%88a-s-v%C5%A1itou-pali%C4%8Dkovanou-%C4%8Dipkou-s-rackami-okolie-Bzov%C3%ADka-prv%C3%A1-pol.-20.-stor.-p%C3%B4vodn%C3%BD-vlastn%C3%ADk-nezn%C3%A1my-scaled.jpg?fit=2560%2C1729&amp;ssl=1\" data-orig-size=\"2560,1729\" data-comments-opened=\"1\" data-image-meta=\"{&quot;aperture&quot;:&quot;2&quot;,&quot;credit&quot;:&quot;&quot;,&quot;camera&quot;:&quot;SM-A125F&quot;,&quot;caption&quot;:&quot;&quot;,&quot;created_timestamp&quot;:&quot;1679150944&quot;,&quot;copyright&quot;:&quot;&quot;,&quot;focal_length&quot;:&quot;4.6&quot;,&quot;iso&quot;:&quot;500&quot;,&quot;shutter_speed&quot;:&quot;0.05&quot;,&quot;title&quot;:&quot;&quot;,&quot;orientation&quot;:&quot;1&quot;}\" data-image-title=\"7H.-Suk\u0148a-s-v\u0161itou-pali\u010dkovanou-\u010dipkou-s-rackami-okolie-Bzov\u00edka-prv\u00e1-pol.-20.-stor.-p\u00f4vodn\u00fd-vlastn\u00edk-nezn\u00e1my\" data-image-description=\"\" data-image-caption=\"\" data-medium-file=\"https:\/\/i0.wp.com\/www.atelier-reklama.sk\/blog\/wp-content\/uploads\/2023\/03\/7H.-Suk%C5%88a-s-v%C5%A1itou-pali%C4%8Dkovanou-%C4%8Dipkou-s-rackami-okolie-Bzov%C3%ADka-prv%C3%A1-pol.-20.-stor.-p%C3%B4vodn%C3%BD-vlastn%C3%ADk-nezn%C3%A1my-scaled.jpg?fit=300%2C203&amp;ssl=1\" data-large-file=\"https:\/\/i0.wp.com\/www.atelier-reklama.sk\/blog\/wp-content\/uploads\/2023\/03\/7H.-Suk%C5%88a-s-v%C5%A1itou-pali%C4%8Dkovanou-%C4%8Dipkou-s-rackami-okolie-Bzov%C3%ADka-prv%C3%A1-pol.-20.-stor.-p%C3%B4vodn%C3%BD-vlastn%C3%ADk-nezn%C3%A1my-scaled.jpg?fit=800%2C541&amp;ssl=1\" src=\"https:\/\/i0.wp.com\/www.atelier-reklama.sk\/blog\/wp-content\/uploads\/2023\/03\/7H.-Suk%C5%88a-s-v%C5%A1itou-pali%C4%8Dkovanou-%C4%8Dipkou-s-rackami-okolie-Bzov%C3%ADka-prv%C3%A1-pol.-20.-stor.-p%C3%B4vodn%C3%BD-vlastn%C3%ADk-nezn%C3%A1my.jpg?resize=800%2C541&#038;ssl=1\" alt=\"\" class=\"wp-image-13315\" srcset=\"https:\/\/i0.wp.com\/www.atelier-reklama.sk\/blog\/wp-content\/uploads\/2023\/03\/7H.-Suk%C5%88a-s-v%C5%A1itou-pali%C4%8Dkovanou-%C4%8Dipkou-s-rackami-okolie-Bzov%C3%ADka-prv%C3%A1-pol.-20.-stor.-p%C3%B4vodn%C3%BD-vlastn%C3%ADk-nezn%C3%A1my-scaled.jpg?resize=1024%2C692&amp;ssl=1 1024w, https:\/\/i0.wp.com\/www.atelier-reklama.sk\/blog\/wp-content\/uploads\/2023\/03\/7H.-Suk%C5%88a-s-v%C5%A1itou-pali%C4%8Dkovanou-%C4%8Dipkou-s-rackami-okolie-Bzov%C3%ADka-prv%C3%A1-pol.-20.-stor.-p%C3%B4vodn%C3%BD-vlastn%C3%ADk-nezn%C3%A1my-scaled.jpg?resize=300%2C203&amp;ssl=1 300w, https:\/\/i0.wp.com\/www.atelier-reklama.sk\/blog\/wp-content\/uploads\/2023\/03\/7H.-Suk%C5%88a-s-v%C5%A1itou-pali%C4%8Dkovanou-%C4%8Dipkou-s-rackami-okolie-Bzov%C3%ADka-prv%C3%A1-pol.-20.-stor.-p%C3%B4vodn%C3%BD-vlastn%C3%ADk-nezn%C3%A1my-scaled.jpg?resize=768%2C519&amp;ssl=1 768w, https:\/\/i0.wp.com\/www.atelier-reklama.sk\/blog\/wp-content\/uploads\/2023\/03\/7H.-Suk%C5%88a-s-v%C5%A1itou-pali%C4%8Dkovanou-%C4%8Dipkou-s-rackami-okolie-Bzov%C3%ADka-prv%C3%A1-pol.-20.-stor.-p%C3%B4vodn%C3%BD-vlastn%C3%ADk-nezn%C3%A1my-scaled.jpg?resize=1536%2C1038&amp;ssl=1 1536w, https:\/\/i0.wp.com\/www.atelier-reklama.sk\/blog\/wp-content\/uploads\/2023\/03\/7H.-Suk%C5%88a-s-v%C5%A1itou-pali%C4%8Dkovanou-%C4%8Dipkou-s-rackami-okolie-Bzov%C3%ADka-prv%C3%A1-pol.-20.-stor.-p%C3%B4vodn%C3%BD-vlastn%C3%ADk-nezn%C3%A1my-scaled.jpg?resize=2048%2C1383&amp;ssl=1 2048w, https:\/\/i0.wp.com\/www.atelier-reklama.sk\/blog\/wp-content\/uploads\/2023\/03\/7H.-Suk%C5%88a-s-v%C5%A1itou-pali%C4%8Dkovanou-%C4%8Dipkou-s-rackami-okolie-Bzov%C3%ADka-prv%C3%A1-pol.-20.-stor.-p%C3%B4vodn%C3%BD-vlastn%C3%ADk-nezn%C3%A1my-scaled.jpg?w=1600&amp;ssl=1 1600w, https:\/\/i0.wp.com\/www.atelier-reklama.sk\/blog\/wp-content\/uploads\/2023\/03\/7H.-Suk%C5%88a-s-v%C5%A1itou-pali%C4%8Dkovanou-%C4%8Dipkou-s-rackami-okolie-Bzov%C3%ADka-prv%C3%A1-pol.-20.-stor.-p%C3%B4vodn%C3%BD-vlastn%C3%ADk-nezn%C3%A1my-scaled.jpg?w=2400&amp;ssl=1 2400w\" sizes=\"auto, (max-width: 800px) 100vw, 800px\" \/><\/figure>\n\n\n\n<p>Suk\u0148a s v\u0161itou pali\u010dkovanou \u010dipkou, s rackami, okolie Bzov\u00edka, prv\u00e1 pol. 20. stor., p\u00f4vodn\u00fd vlastn\u00edk nezn\u00e1my<\/p>\n\n\n\n<figure class=\"wp-block-image size-large\"><img data-recalc-dims=\"1\" loading=\"lazy\" decoding=\"async\" width=\"800\" height=\"747\" data-attachment-id=\"13319\" data-permalink=\"https:\/\/www.atelier-reklama.sk\/blog\/moj-krekacsky-kroj-a-jeho-prekreslene-vzory-spolu\/8-sukna-s-bodkami-modrotlac-senohrad-povodny-vlastnik-neznamy\/\" data-orig-file=\"https:\/\/i0.wp.com\/www.atelier-reklama.sk\/blog\/wp-content\/uploads\/2023\/03\/8.-Suk%C5%88a-s-bodkami-modrotla%C4%8D-Senohrad-p%C3%B4vodn%C3%BD-vlastn%C3%ADk-nezn%C3%A1my-scaled.jpg?fit=2560%2C2390&amp;ssl=1\" data-orig-size=\"2560,2390\" data-comments-opened=\"1\" data-image-meta=\"{&quot;aperture&quot;:&quot;2&quot;,&quot;credit&quot;:&quot;&quot;,&quot;camera&quot;:&quot;SM-A125F&quot;,&quot;caption&quot;:&quot;&quot;,&quot;created_timestamp&quot;:&quot;1679138588&quot;,&quot;copyright&quot;:&quot;&quot;,&quot;focal_length&quot;:&quot;4.6&quot;,&quot;iso&quot;:&quot;250&quot;,&quot;shutter_speed&quot;:&quot;0.0399&quot;,&quot;title&quot;:&quot;&quot;,&quot;orientation&quot;:&quot;1&quot;}\" data-image-title=\"8.-Suk\u0148a-s-bodkami-modrotla\u010d-Senohrad-p\u00f4vodn\u00fd-vlastn\u00edk-nezn\u00e1my\" data-image-description=\"\" data-image-caption=\"\" data-medium-file=\"https:\/\/i0.wp.com\/www.atelier-reklama.sk\/blog\/wp-content\/uploads\/2023\/03\/8.-Suk%C5%88a-s-bodkami-modrotla%C4%8D-Senohrad-p%C3%B4vodn%C3%BD-vlastn%C3%ADk-nezn%C3%A1my-scaled.jpg?fit=300%2C280&amp;ssl=1\" data-large-file=\"https:\/\/i0.wp.com\/www.atelier-reklama.sk\/blog\/wp-content\/uploads\/2023\/03\/8.-Suk%C5%88a-s-bodkami-modrotla%C4%8D-Senohrad-p%C3%B4vodn%C3%BD-vlastn%C3%ADk-nezn%C3%A1my-scaled.jpg?fit=800%2C747&amp;ssl=1\" src=\"https:\/\/i0.wp.com\/www.atelier-reklama.sk\/blog\/wp-content\/uploads\/2023\/03\/8.-Suk%C5%88a-s-bodkami-modrotla%C4%8D-Senohrad-p%C3%B4vodn%C3%BD-vlastn%C3%ADk-nezn%C3%A1my.jpg?resize=800%2C747&#038;ssl=1\" alt=\"\" class=\"wp-image-13319\" srcset=\"https:\/\/i0.wp.com\/www.atelier-reklama.sk\/blog\/wp-content\/uploads\/2023\/03\/8.-Suk%C5%88a-s-bodkami-modrotla%C4%8D-Senohrad-p%C3%B4vodn%C3%BD-vlastn%C3%ADk-nezn%C3%A1my-scaled.jpg?resize=1024%2C956&amp;ssl=1 1024w, https:\/\/i0.wp.com\/www.atelier-reklama.sk\/blog\/wp-content\/uploads\/2023\/03\/8.-Suk%C5%88a-s-bodkami-modrotla%C4%8D-Senohrad-p%C3%B4vodn%C3%BD-vlastn%C3%ADk-nezn%C3%A1my-scaled.jpg?resize=300%2C280&amp;ssl=1 300w, https:\/\/i0.wp.com\/www.atelier-reklama.sk\/blog\/wp-content\/uploads\/2023\/03\/8.-Suk%C5%88a-s-bodkami-modrotla%C4%8D-Senohrad-p%C3%B4vodn%C3%BD-vlastn%C3%ADk-nezn%C3%A1my-scaled.jpg?resize=768%2C717&amp;ssl=1 768w, https:\/\/i0.wp.com\/www.atelier-reklama.sk\/blog\/wp-content\/uploads\/2023\/03\/8.-Suk%C5%88a-s-bodkami-modrotla%C4%8D-Senohrad-p%C3%B4vodn%C3%BD-vlastn%C3%ADk-nezn%C3%A1my-scaled.jpg?resize=1536%2C1434&amp;ssl=1 1536w, https:\/\/i0.wp.com\/www.atelier-reklama.sk\/blog\/wp-content\/uploads\/2023\/03\/8.-Suk%C5%88a-s-bodkami-modrotla%C4%8D-Senohrad-p%C3%B4vodn%C3%BD-vlastn%C3%ADk-nezn%C3%A1my-scaled.jpg?resize=2048%2C1912&amp;ssl=1 2048w, https:\/\/i0.wp.com\/www.atelier-reklama.sk\/blog\/wp-content\/uploads\/2023\/03\/8.-Suk%C5%88a-s-bodkami-modrotla%C4%8D-Senohrad-p%C3%B4vodn%C3%BD-vlastn%C3%ADk-nezn%C3%A1my-scaled.jpg?w=1600&amp;ssl=1 1600w, https:\/\/i0.wp.com\/www.atelier-reklama.sk\/blog\/wp-content\/uploads\/2023\/03\/8.-Suk%C5%88a-s-bodkami-modrotla%C4%8D-Senohrad-p%C3%B4vodn%C3%BD-vlastn%C3%ADk-nezn%C3%A1my-scaled.jpg?w=2400&amp;ssl=1 2400w\" sizes=\"auto, (max-width: 800px) 100vw, 800px\" \/><\/figure>\n\n\n\n<figure class=\"wp-block-image size-large\"><img data-recalc-dims=\"1\" loading=\"lazy\" decoding=\"async\" width=\"800\" height=\"704\" data-attachment-id=\"13320\" data-permalink=\"https:\/\/www.atelier-reklama.sk\/blog\/moj-krekacsky-kroj-a-jeho-prekreslene-vzory-spolu\/8b-sukna-s-bodkami-modrotlac-senohrad-povodny-vlastnik-neznamy\/\" data-orig-file=\"https:\/\/i0.wp.com\/www.atelier-reklama.sk\/blog\/wp-content\/uploads\/2023\/03\/8B.-Suk%C5%88a-s-bodkami-modrotla%C4%8D-Senohrad-p%C3%B4vodn%C3%BD-vlastn%C3%ADk-nezn%C3%A1my-scaled.jpg?fit=2560%2C2254&amp;ssl=1\" data-orig-size=\"2560,2254\" data-comments-opened=\"1\" data-image-meta=\"{&quot;aperture&quot;:&quot;2&quot;,&quot;credit&quot;:&quot;&quot;,&quot;camera&quot;:&quot;SM-A125F&quot;,&quot;caption&quot;:&quot;&quot;,&quot;created_timestamp&quot;:&quot;1679138695&quot;,&quot;copyright&quot;:&quot;&quot;,&quot;focal_length&quot;:&quot;4.6&quot;,&quot;iso&quot;:&quot;250&quot;,&quot;shutter_speed&quot;:&quot;0.0399&quot;,&quot;title&quot;:&quot;&quot;,&quot;orientation&quot;:&quot;1&quot;}\" data-image-title=\"8B.-Suk\u0148a-s-bodkami-modrotla\u010d-Senohrad-p\u00f4vodn\u00fd-vlastn\u00edk-nezn\u00e1my\" data-image-description=\"\" data-image-caption=\"\" data-medium-file=\"https:\/\/i0.wp.com\/www.atelier-reklama.sk\/blog\/wp-content\/uploads\/2023\/03\/8B.-Suk%C5%88a-s-bodkami-modrotla%C4%8D-Senohrad-p%C3%B4vodn%C3%BD-vlastn%C3%ADk-nezn%C3%A1my-scaled.jpg?fit=300%2C264&amp;ssl=1\" data-large-file=\"https:\/\/i0.wp.com\/www.atelier-reklama.sk\/blog\/wp-content\/uploads\/2023\/03\/8B.-Suk%C5%88a-s-bodkami-modrotla%C4%8D-Senohrad-p%C3%B4vodn%C3%BD-vlastn%C3%ADk-nezn%C3%A1my-scaled.jpg?fit=800%2C704&amp;ssl=1\" src=\"https:\/\/i0.wp.com\/www.atelier-reklama.sk\/blog\/wp-content\/uploads\/2023\/03\/8B.-Suk%C5%88a-s-bodkami-modrotla%C4%8D-Senohrad-p%C3%B4vodn%C3%BD-vlastn%C3%ADk-nezn%C3%A1my.jpg?resize=800%2C704&#038;ssl=1\" alt=\"\" class=\"wp-image-13320\" srcset=\"https:\/\/i0.wp.com\/www.atelier-reklama.sk\/blog\/wp-content\/uploads\/2023\/03\/8B.-Suk%C5%88a-s-bodkami-modrotla%C4%8D-Senohrad-p%C3%B4vodn%C3%BD-vlastn%C3%ADk-nezn%C3%A1my-scaled.jpg?resize=1024%2C901&amp;ssl=1 1024w, https:\/\/i0.wp.com\/www.atelier-reklama.sk\/blog\/wp-content\/uploads\/2023\/03\/8B.-Suk%C5%88a-s-bodkami-modrotla%C4%8D-Senohrad-p%C3%B4vodn%C3%BD-vlastn%C3%ADk-nezn%C3%A1my-scaled.jpg?resize=300%2C264&amp;ssl=1 300w, https:\/\/i0.wp.com\/www.atelier-reklama.sk\/blog\/wp-content\/uploads\/2023\/03\/8B.-Suk%C5%88a-s-bodkami-modrotla%C4%8D-Senohrad-p%C3%B4vodn%C3%BD-vlastn%C3%ADk-nezn%C3%A1my-scaled.jpg?resize=768%2C676&amp;ssl=1 768w, https:\/\/i0.wp.com\/www.atelier-reklama.sk\/blog\/wp-content\/uploads\/2023\/03\/8B.-Suk%C5%88a-s-bodkami-modrotla%C4%8D-Senohrad-p%C3%B4vodn%C3%BD-vlastn%C3%ADk-nezn%C3%A1my-scaled.jpg?resize=1536%2C1352&amp;ssl=1 1536w, https:\/\/i0.wp.com\/www.atelier-reklama.sk\/blog\/wp-content\/uploads\/2023\/03\/8B.-Suk%C5%88a-s-bodkami-modrotla%C4%8D-Senohrad-p%C3%B4vodn%C3%BD-vlastn%C3%ADk-nezn%C3%A1my-scaled.jpg?resize=2048%2C1803&amp;ssl=1 2048w, https:\/\/i0.wp.com\/www.atelier-reklama.sk\/blog\/wp-content\/uploads\/2023\/03\/8B.-Suk%C5%88a-s-bodkami-modrotla%C4%8D-Senohrad-p%C3%B4vodn%C3%BD-vlastn%C3%ADk-nezn%C3%A1my-scaled.jpg?w=1600&amp;ssl=1 1600w, https:\/\/i0.wp.com\/www.atelier-reklama.sk\/blog\/wp-content\/uploads\/2023\/03\/8B.-Suk%C5%88a-s-bodkami-modrotla%C4%8D-Senohrad-p%C3%B4vodn%C3%BD-vlastn%C3%ADk-nezn%C3%A1my-scaled.jpg?w=2400&amp;ssl=1 2400w\" sizes=\"auto, (max-width: 800px) 100vw, 800px\" \/><\/figure>\n\n\n\n<figure class=\"wp-block-image size-large\"><img data-recalc-dims=\"1\" loading=\"lazy\" decoding=\"async\" width=\"800\" height=\"695\" data-attachment-id=\"13321\" data-permalink=\"https:\/\/www.atelier-reklama.sk\/blog\/moj-krekacsky-kroj-a-jeho-prekreslene-vzory-spolu\/8c-sukna-s-bodkami-modrotlac-senohrad-povodny-vlastnik-neznamy\/\" data-orig-file=\"https:\/\/i0.wp.com\/www.atelier-reklama.sk\/blog\/wp-content\/uploads\/2023\/03\/8C.-Suk%C5%88a-s-bodkami-modrotla%C4%8D-Senohrad-p%C3%B4vodn%C3%BD-vlastn%C3%ADk-nezn%C3%A1my-scaled.jpg?fit=2560%2C2225&amp;ssl=1\" data-orig-size=\"2560,2225\" data-comments-opened=\"1\" data-image-meta=\"{&quot;aperture&quot;:&quot;2&quot;,&quot;credit&quot;:&quot;&quot;,&quot;camera&quot;:&quot;SM-A125F&quot;,&quot;caption&quot;:&quot;&quot;,&quot;created_timestamp&quot;:&quot;1679152137&quot;,&quot;copyright&quot;:&quot;&quot;,&quot;focal_length&quot;:&quot;4.6&quot;,&quot;iso&quot;:&quot;320&quot;,&quot;shutter_speed&quot;:&quot;0.0399&quot;,&quot;title&quot;:&quot;&quot;,&quot;orientation&quot;:&quot;1&quot;}\" data-image-title=\"8C.-Suk\u0148a-s-bodkami-modrotla\u010d-Senohrad-p\u00f4vodn\u00fd-vlastn\u00edk-nezn\u00e1my\" data-image-description=\"\" data-image-caption=\"\" data-medium-file=\"https:\/\/i0.wp.com\/www.atelier-reklama.sk\/blog\/wp-content\/uploads\/2023\/03\/8C.-Suk%C5%88a-s-bodkami-modrotla%C4%8D-Senohrad-p%C3%B4vodn%C3%BD-vlastn%C3%ADk-nezn%C3%A1my-scaled.jpg?fit=300%2C261&amp;ssl=1\" data-large-file=\"https:\/\/i0.wp.com\/www.atelier-reklama.sk\/blog\/wp-content\/uploads\/2023\/03\/8C.-Suk%C5%88a-s-bodkami-modrotla%C4%8D-Senohrad-p%C3%B4vodn%C3%BD-vlastn%C3%ADk-nezn%C3%A1my-scaled.jpg?fit=800%2C695&amp;ssl=1\" src=\"https:\/\/i0.wp.com\/www.atelier-reklama.sk\/blog\/wp-content\/uploads\/2023\/03\/8C.-Suk%C5%88a-s-bodkami-modrotla%C4%8D-Senohrad-p%C3%B4vodn%C3%BD-vlastn%C3%ADk-nezn%C3%A1my.jpg?resize=800%2C695&#038;ssl=1\" alt=\"\" class=\"wp-image-13321\" srcset=\"https:\/\/i0.wp.com\/www.atelier-reklama.sk\/blog\/wp-content\/uploads\/2023\/03\/8C.-Suk%C5%88a-s-bodkami-modrotla%C4%8D-Senohrad-p%C3%B4vodn%C3%BD-vlastn%C3%ADk-nezn%C3%A1my-scaled.jpg?resize=1024%2C890&amp;ssl=1 1024w, https:\/\/i0.wp.com\/www.atelier-reklama.sk\/blog\/wp-content\/uploads\/2023\/03\/8C.-Suk%C5%88a-s-bodkami-modrotla%C4%8D-Senohrad-p%C3%B4vodn%C3%BD-vlastn%C3%ADk-nezn%C3%A1my-scaled.jpg?resize=300%2C261&amp;ssl=1 300w, https:\/\/i0.wp.com\/www.atelier-reklama.sk\/blog\/wp-content\/uploads\/2023\/03\/8C.-Suk%C5%88a-s-bodkami-modrotla%C4%8D-Senohrad-p%C3%B4vodn%C3%BD-vlastn%C3%ADk-nezn%C3%A1my-scaled.jpg?resize=768%2C667&amp;ssl=1 768w, https:\/\/i0.wp.com\/www.atelier-reklama.sk\/blog\/wp-content\/uploads\/2023\/03\/8C.-Suk%C5%88a-s-bodkami-modrotla%C4%8D-Senohrad-p%C3%B4vodn%C3%BD-vlastn%C3%ADk-nezn%C3%A1my-scaled.jpg?resize=1536%2C1335&amp;ssl=1 1536w, https:\/\/i0.wp.com\/www.atelier-reklama.sk\/blog\/wp-content\/uploads\/2023\/03\/8C.-Suk%C5%88a-s-bodkami-modrotla%C4%8D-Senohrad-p%C3%B4vodn%C3%BD-vlastn%C3%ADk-nezn%C3%A1my-scaled.jpg?resize=2048%2C1780&amp;ssl=1 2048w, https:\/\/i0.wp.com\/www.atelier-reklama.sk\/blog\/wp-content\/uploads\/2023\/03\/8C.-Suk%C5%88a-s-bodkami-modrotla%C4%8D-Senohrad-p%C3%B4vodn%C3%BD-vlastn%C3%ADk-nezn%C3%A1my-scaled.jpg?w=1600&amp;ssl=1 1600w, https:\/\/i0.wp.com\/www.atelier-reklama.sk\/blog\/wp-content\/uploads\/2023\/03\/8C.-Suk%C5%88a-s-bodkami-modrotla%C4%8D-Senohrad-p%C3%B4vodn%C3%BD-vlastn%C3%ADk-nezn%C3%A1my-scaled.jpg?w=2400&amp;ssl=1 2400w\" sizes=\"auto, (max-width: 800px) 100vw, 800px\" \/><\/figure>\n\n\n\n<figure class=\"wp-block-image size-large\"><img data-recalc-dims=\"1\" loading=\"lazy\" decoding=\"async\" width=\"756\" height=\"1024\" data-attachment-id=\"13325\" data-permalink=\"https:\/\/www.atelier-reklama.sk\/blog\/moj-krekacsky-kroj-a-jeho-prekreslene-vzory-spolu\/8g-sukna-s-bodkami-modrotlac-kabatik-vizitka-s-glotu-zastera-z-perkalu-senohrad-povodny-vlastnik-neznamy\/\" data-orig-file=\"https:\/\/i0.wp.com\/www.atelier-reklama.sk\/blog\/wp-content\/uploads\/2023\/03\/8G.-Suk%C5%88a-s-bodkami-modrotla%C4%8D-kab%C3%A1tik-vizitka-s-gl%C3%B3tu-z%C3%A1stera-z-perk%C3%A1lu-Senohrad-p%C3%B4vodn%C3%BD-vlastn%C3%ADk-nezn%C3%A1my-scaled.jpg?fit=1891%2C2560&amp;ssl=1\" data-orig-size=\"1891,2560\" data-comments-opened=\"1\" data-image-meta=\"{&quot;aperture&quot;:&quot;2&quot;,&quot;credit&quot;:&quot;&quot;,&quot;camera&quot;:&quot;SM-A125F&quot;,&quot;caption&quot;:&quot;&quot;,&quot;created_timestamp&quot;:&quot;1679219037&quot;,&quot;copyright&quot;:&quot;&quot;,&quot;focal_length&quot;:&quot;4.6&quot;,&quot;iso&quot;:&quot;250&quot;,&quot;shutter_speed&quot;:&quot;0.04&quot;,&quot;title&quot;:&quot;&quot;,&quot;orientation&quot;:&quot;1&quot;}\" data-image-title=\"8G.-Suk\u0148a-s-bodkami-modrotla\u010d-kab\u00e1tik-vizitka-s-gl\u00f3tu-z\u00e1stera-z-perk\u00e1lu-Senohrad-p\u00f4vodn\u00fd-vlastn\u00edk-nezn\u00e1my\" data-image-description=\"\" data-image-caption=\"\" data-medium-file=\"https:\/\/i0.wp.com\/www.atelier-reklama.sk\/blog\/wp-content\/uploads\/2023\/03\/8G.-Suk%C5%88a-s-bodkami-modrotla%C4%8D-kab%C3%A1tik-vizitka-s-gl%C3%B3tu-z%C3%A1stera-z-perk%C3%A1lu-Senohrad-p%C3%B4vodn%C3%BD-vlastn%C3%ADk-nezn%C3%A1my-scaled.jpg?fit=222%2C300&amp;ssl=1\" data-large-file=\"https:\/\/i0.wp.com\/www.atelier-reklama.sk\/blog\/wp-content\/uploads\/2023\/03\/8G.-Suk%C5%88a-s-bodkami-modrotla%C4%8D-kab%C3%A1tik-vizitka-s-gl%C3%B3tu-z%C3%A1stera-z-perk%C3%A1lu-Senohrad-p%C3%B4vodn%C3%BD-vlastn%C3%ADk-nezn%C3%A1my-scaled.jpg?fit=756%2C1024&amp;ssl=1\" src=\"https:\/\/i0.wp.com\/www.atelier-reklama.sk\/blog\/wp-content\/uploads\/2023\/03\/8G.-Suk%C5%88a-s-bodkami-modrotla%C4%8D-kab%C3%A1tik-vizitka-s-gl%C3%B3tu-z%C3%A1stera-z-perk%C3%A1lu-Senohrad-p%C3%B4vodn%C3%BD-vlastn%C3%ADk-nezn%C3%A1my.jpg?resize=756%2C1024&#038;ssl=1\" alt=\"\" class=\"wp-image-13325\" srcset=\"https:\/\/i0.wp.com\/www.atelier-reklama.sk\/blog\/wp-content\/uploads\/2023\/03\/8G.-Suk%C5%88a-s-bodkami-modrotla%C4%8D-kab%C3%A1tik-vizitka-s-gl%C3%B3tu-z%C3%A1stera-z-perk%C3%A1lu-Senohrad-p%C3%B4vodn%C3%BD-vlastn%C3%ADk-nezn%C3%A1my-scaled.jpg?resize=756%2C1024&amp;ssl=1 756w, https:\/\/i0.wp.com\/www.atelier-reklama.sk\/blog\/wp-content\/uploads\/2023\/03\/8G.-Suk%C5%88a-s-bodkami-modrotla%C4%8D-kab%C3%A1tik-vizitka-s-gl%C3%B3tu-z%C3%A1stera-z-perk%C3%A1lu-Senohrad-p%C3%B4vodn%C3%BD-vlastn%C3%ADk-nezn%C3%A1my-scaled.jpg?resize=222%2C300&amp;ssl=1 222w, https:\/\/i0.wp.com\/www.atelier-reklama.sk\/blog\/wp-content\/uploads\/2023\/03\/8G.-Suk%C5%88a-s-bodkami-modrotla%C4%8D-kab%C3%A1tik-vizitka-s-gl%C3%B3tu-z%C3%A1stera-z-perk%C3%A1lu-Senohrad-p%C3%B4vodn%C3%BD-vlastn%C3%ADk-nezn%C3%A1my-scaled.jpg?resize=768%2C1040&amp;ssl=1 768w, https:\/\/i0.wp.com\/www.atelier-reklama.sk\/blog\/wp-content\/uploads\/2023\/03\/8G.-Suk%C5%88a-s-bodkami-modrotla%C4%8D-kab%C3%A1tik-vizitka-s-gl%C3%B3tu-z%C3%A1stera-z-perk%C3%A1lu-Senohrad-p%C3%B4vodn%C3%BD-vlastn%C3%ADk-nezn%C3%A1my-scaled.jpg?resize=1134%2C1536&amp;ssl=1 1134w, https:\/\/i0.wp.com\/www.atelier-reklama.sk\/blog\/wp-content\/uploads\/2023\/03\/8G.-Suk%C5%88a-s-bodkami-modrotla%C4%8D-kab%C3%A1tik-vizitka-s-gl%C3%B3tu-z%C3%A1stera-z-perk%C3%A1lu-Senohrad-p%C3%B4vodn%C3%BD-vlastn%C3%ADk-nezn%C3%A1my-scaled.jpg?resize=1512%2C2048&amp;ssl=1 1512w, https:\/\/i0.wp.com\/www.atelier-reklama.sk\/blog\/wp-content\/uploads\/2023\/03\/8G.-Suk%C5%88a-s-bodkami-modrotla%C4%8D-kab%C3%A1tik-vizitka-s-gl%C3%B3tu-z%C3%A1stera-z-perk%C3%A1lu-Senohrad-p%C3%B4vodn%C3%BD-vlastn%C3%ADk-nezn%C3%A1my-scaled.jpg?w=1891&amp;ssl=1 1891w, https:\/\/i0.wp.com\/www.atelier-reklama.sk\/blog\/wp-content\/uploads\/2023\/03\/8G.-Suk%C5%88a-s-bodkami-modrotla%C4%8D-kab%C3%A1tik-vizitka-s-gl%C3%B3tu-z%C3%A1stera-z-perk%C3%A1lu-Senohrad-p%C3%B4vodn%C3%BD-vlastn%C3%ADk-nezn%C3%A1my-scaled.jpg?w=1600&amp;ssl=1 1600w\" sizes=\"auto, (max-width: 756px) 100vw, 756px\" \/><\/figure>\n\n\n\n<figure class=\"wp-block-image size-large\"><img data-recalc-dims=\"1\" loading=\"lazy\" decoding=\"async\" width=\"723\" height=\"1024\" data-attachment-id=\"13326\" data-permalink=\"https:\/\/www.atelier-reklama.sk\/blog\/moj-krekacsky-kroj-a-jeho-prekreslene-vzory-spolu\/8h-sukna-s-bodkami-modrotlac-kabatik-vizitka-s-glotu-zastera-z-perkalu-senohrad-povodny-vlastnik-neznamy\/\" data-orig-file=\"https:\/\/i0.wp.com\/www.atelier-reklama.sk\/blog\/wp-content\/uploads\/2023\/03\/8H.-Suk%C5%88a-s-bodkami-modrotla%C4%8D-kab%C3%A1tik-vizitka-s-gl%C3%B3tu-z%C3%A1stera-z-perk%C3%A1lu-Senohrad-p%C3%B4vodn%C3%BD-vlastn%C3%ADk-nezn%C3%A1my-scaled.jpg?fit=1807%2C2560&amp;ssl=1\" data-orig-size=\"1807,2560\" data-comments-opened=\"1\" data-image-meta=\"{&quot;aperture&quot;:&quot;2&quot;,&quot;credit&quot;:&quot;&quot;,&quot;camera&quot;:&quot;SM-A125F&quot;,&quot;caption&quot;:&quot;&quot;,&quot;created_timestamp&quot;:&quot;1679219368&quot;,&quot;copyright&quot;:&quot;&quot;,&quot;focal_length&quot;:&quot;4.6&quot;,&quot;iso&quot;:&quot;250&quot;,&quot;shutter_speed&quot;:&quot;0.04&quot;,&quot;title&quot;:&quot;&quot;,&quot;orientation&quot;:&quot;1&quot;}\" data-image-title=\"8H.-Suk\u0148a-s-bodkami-modrotla\u010d-kab\u00e1tik-vizitka-s-gl\u00f3tu-z\u00e1stera-z-perk\u00e1lu-Senohrad-p\u00f4vodn\u00fd-vlastn\u00edk-nezn\u00e1my\" data-image-description=\"\" data-image-caption=\"\" data-medium-file=\"https:\/\/i0.wp.com\/www.atelier-reklama.sk\/blog\/wp-content\/uploads\/2023\/03\/8H.-Suk%C5%88a-s-bodkami-modrotla%C4%8D-kab%C3%A1tik-vizitka-s-gl%C3%B3tu-z%C3%A1stera-z-perk%C3%A1lu-Senohrad-p%C3%B4vodn%C3%BD-vlastn%C3%ADk-nezn%C3%A1my-scaled.jpg?fit=212%2C300&amp;ssl=1\" data-large-file=\"https:\/\/i0.wp.com\/www.atelier-reklama.sk\/blog\/wp-content\/uploads\/2023\/03\/8H.-Suk%C5%88a-s-bodkami-modrotla%C4%8D-kab%C3%A1tik-vizitka-s-gl%C3%B3tu-z%C3%A1stera-z-perk%C3%A1lu-Senohrad-p%C3%B4vodn%C3%BD-vlastn%C3%ADk-nezn%C3%A1my-scaled.jpg?fit=723%2C1024&amp;ssl=1\" src=\"https:\/\/i0.wp.com\/www.atelier-reklama.sk\/blog\/wp-content\/uploads\/2023\/03\/8H.-Suk%C5%88a-s-bodkami-modrotla%C4%8D-kab%C3%A1tik-vizitka-s-gl%C3%B3tu-z%C3%A1stera-z-perk%C3%A1lu-Senohrad-p%C3%B4vodn%C3%BD-vlastn%C3%ADk-nezn%C3%A1my.jpg?resize=723%2C1024&#038;ssl=1\" alt=\"\" class=\"wp-image-13326\" srcset=\"https:\/\/i0.wp.com\/www.atelier-reklama.sk\/blog\/wp-content\/uploads\/2023\/03\/8H.-Suk%C5%88a-s-bodkami-modrotla%C4%8D-kab%C3%A1tik-vizitka-s-gl%C3%B3tu-z%C3%A1stera-z-perk%C3%A1lu-Senohrad-p%C3%B4vodn%C3%BD-vlastn%C3%ADk-nezn%C3%A1my-scaled.jpg?resize=723%2C1024&amp;ssl=1 723w, https:\/\/i0.wp.com\/www.atelier-reklama.sk\/blog\/wp-content\/uploads\/2023\/03\/8H.-Suk%C5%88a-s-bodkami-modrotla%C4%8D-kab%C3%A1tik-vizitka-s-gl%C3%B3tu-z%C3%A1stera-z-perk%C3%A1lu-Senohrad-p%C3%B4vodn%C3%BD-vlastn%C3%ADk-nezn%C3%A1my-scaled.jpg?resize=212%2C300&amp;ssl=1 212w, https:\/\/i0.wp.com\/www.atelier-reklama.sk\/blog\/wp-content\/uploads\/2023\/03\/8H.-Suk%C5%88a-s-bodkami-modrotla%C4%8D-kab%C3%A1tik-vizitka-s-gl%C3%B3tu-z%C3%A1stera-z-perk%C3%A1lu-Senohrad-p%C3%B4vodn%C3%BD-vlastn%C3%ADk-nezn%C3%A1my-scaled.jpg?resize=768%2C1088&amp;ssl=1 768w, https:\/\/i0.wp.com\/www.atelier-reklama.sk\/blog\/wp-content\/uploads\/2023\/03\/8H.-Suk%C5%88a-s-bodkami-modrotla%C4%8D-kab%C3%A1tik-vizitka-s-gl%C3%B3tu-z%C3%A1stera-z-perk%C3%A1lu-Senohrad-p%C3%B4vodn%C3%BD-vlastn%C3%ADk-nezn%C3%A1my-scaled.jpg?resize=1084%2C1536&amp;ssl=1 1084w, https:\/\/i0.wp.com\/www.atelier-reklama.sk\/blog\/wp-content\/uploads\/2023\/03\/8H.-Suk%C5%88a-s-bodkami-modrotla%C4%8D-kab%C3%A1tik-vizitka-s-gl%C3%B3tu-z%C3%A1stera-z-perk%C3%A1lu-Senohrad-p%C3%B4vodn%C3%BD-vlastn%C3%ADk-nezn%C3%A1my-scaled.jpg?resize=1445%2C2048&amp;ssl=1 1445w, https:\/\/i0.wp.com\/www.atelier-reklama.sk\/blog\/wp-content\/uploads\/2023\/03\/8H.-Suk%C5%88a-s-bodkami-modrotla%C4%8D-kab%C3%A1tik-vizitka-s-gl%C3%B3tu-z%C3%A1stera-z-perk%C3%A1lu-Senohrad-p%C3%B4vodn%C3%BD-vlastn%C3%ADk-nezn%C3%A1my-scaled.jpg?w=1807&amp;ssl=1 1807w, https:\/\/i0.wp.com\/www.atelier-reklama.sk\/blog\/wp-content\/uploads\/2023\/03\/8H.-Suk%C5%88a-s-bodkami-modrotla%C4%8D-kab%C3%A1tik-vizitka-s-gl%C3%B3tu-z%C3%A1stera-z-perk%C3%A1lu-Senohrad-p%C3%B4vodn%C3%BD-vlastn%C3%ADk-nezn%C3%A1my-scaled.jpg?w=1600&amp;ssl=1 1600w\" sizes=\"auto, (max-width: 723px) 100vw, 723px\" \/><\/figure>\n\n\n\n<figure class=\"wp-block-image size-large\"><img data-recalc-dims=\"1\" loading=\"lazy\" decoding=\"async\" width=\"620\" height=\"1024\" data-attachment-id=\"13327\" data-permalink=\"https:\/\/www.atelier-reklama.sk\/blog\/moj-krekacsky-kroj-a-jeho-prekreslene-vzory-spolu\/8fa-sukna-s-bodkami-modrotlac-kabatik-vizitka-s-glotu-zastera-z-perkalu-senohrad-povodny-vlastnik-neznamy\/\" data-orig-file=\"https:\/\/i0.wp.com\/www.atelier-reklama.sk\/blog\/wp-content\/uploads\/2023\/03\/8FA.-Suk%C5%88a-s-bodkami-modrotla%C4%8D-kab%C3%A1tik-vizitka-s-gl%C3%B3tu-z%C3%A1stera-z-perk%C3%A1lu-Senohrad-p%C3%B4vodn%C3%BD-vlastn%C3%ADk-nezn%C3%A1my-scaled.jpg?fit=1551%2C2560&amp;ssl=1\" data-orig-size=\"1551,2560\" data-comments-opened=\"1\" data-image-meta=\"{&quot;aperture&quot;:&quot;2&quot;,&quot;credit&quot;:&quot;&quot;,&quot;camera&quot;:&quot;SM-A125F&quot;,&quot;caption&quot;:&quot;&quot;,&quot;created_timestamp&quot;:&quot;1679220261&quot;,&quot;copyright&quot;:&quot;&quot;,&quot;focal_length&quot;:&quot;4.6&quot;,&quot;iso&quot;:&quot;250&quot;,&quot;shutter_speed&quot;:&quot;0.0399&quot;,&quot;title&quot;:&quot;&quot;,&quot;orientation&quot;:&quot;1&quot;}\" data-image-title=\"8FA.-Suk\u0148a-s-bodkami-modrotla\u010d-kab\u00e1tik-vizitka-s-gl\u00f3tu-z\u00e1stera-z-perk\u00e1lu-Senohrad-p\u00f4vodn\u00fd-vlastn\u00edk-nezn\u00e1my\" data-image-description=\"\" data-image-caption=\"\" data-medium-file=\"https:\/\/i0.wp.com\/www.atelier-reklama.sk\/blog\/wp-content\/uploads\/2023\/03\/8FA.-Suk%C5%88a-s-bodkami-modrotla%C4%8D-kab%C3%A1tik-vizitka-s-gl%C3%B3tu-z%C3%A1stera-z-perk%C3%A1lu-Senohrad-p%C3%B4vodn%C3%BD-vlastn%C3%ADk-nezn%C3%A1my-scaled.jpg?fit=182%2C300&amp;ssl=1\" data-large-file=\"https:\/\/i0.wp.com\/www.atelier-reklama.sk\/blog\/wp-content\/uploads\/2023\/03\/8FA.-Suk%C5%88a-s-bodkami-modrotla%C4%8D-kab%C3%A1tik-vizitka-s-gl%C3%B3tu-z%C3%A1stera-z-perk%C3%A1lu-Senohrad-p%C3%B4vodn%C3%BD-vlastn%C3%ADk-nezn%C3%A1my-scaled.jpg?fit=620%2C1024&amp;ssl=1\" src=\"https:\/\/i0.wp.com\/www.atelier-reklama.sk\/blog\/wp-content\/uploads\/2023\/03\/8FA.-Suk%C5%88a-s-bodkami-modrotla%C4%8D-kab%C3%A1tik-vizitka-s-gl%C3%B3tu-z%C3%A1stera-z-perk%C3%A1lu-Senohrad-p%C3%B4vodn%C3%BD-vlastn%C3%ADk-nezn%C3%A1my.jpg?resize=620%2C1024&#038;ssl=1\" alt=\"\" class=\"wp-image-13327\" srcset=\"https:\/\/i0.wp.com\/www.atelier-reklama.sk\/blog\/wp-content\/uploads\/2023\/03\/8FA.-Suk%C5%88a-s-bodkami-modrotla%C4%8D-kab%C3%A1tik-vizitka-s-gl%C3%B3tu-z%C3%A1stera-z-perk%C3%A1lu-Senohrad-p%C3%B4vodn%C3%BD-vlastn%C3%ADk-nezn%C3%A1my-scaled.jpg?resize=620%2C1024&amp;ssl=1 620w, https:\/\/i0.wp.com\/www.atelier-reklama.sk\/blog\/wp-content\/uploads\/2023\/03\/8FA.-Suk%C5%88a-s-bodkami-modrotla%C4%8D-kab%C3%A1tik-vizitka-s-gl%C3%B3tu-z%C3%A1stera-z-perk%C3%A1lu-Senohrad-p%C3%B4vodn%C3%BD-vlastn%C3%ADk-nezn%C3%A1my-scaled.jpg?resize=182%2C300&amp;ssl=1 182w, https:\/\/i0.wp.com\/www.atelier-reklama.sk\/blog\/wp-content\/uploads\/2023\/03\/8FA.-Suk%C5%88a-s-bodkami-modrotla%C4%8D-kab%C3%A1tik-vizitka-s-gl%C3%B3tu-z%C3%A1stera-z-perk%C3%A1lu-Senohrad-p%C3%B4vodn%C3%BD-vlastn%C3%ADk-nezn%C3%A1my-scaled.jpg?resize=768%2C1268&amp;ssl=1 768w, https:\/\/i0.wp.com\/www.atelier-reklama.sk\/blog\/wp-content\/uploads\/2023\/03\/8FA.-Suk%C5%88a-s-bodkami-modrotla%C4%8D-kab%C3%A1tik-vizitka-s-gl%C3%B3tu-z%C3%A1stera-z-perk%C3%A1lu-Senohrad-p%C3%B4vodn%C3%BD-vlastn%C3%ADk-nezn%C3%A1my-scaled.jpg?resize=930%2C1536&amp;ssl=1 930w, https:\/\/i0.wp.com\/www.atelier-reklama.sk\/blog\/wp-content\/uploads\/2023\/03\/8FA.-Suk%C5%88a-s-bodkami-modrotla%C4%8D-kab%C3%A1tik-vizitka-s-gl%C3%B3tu-z%C3%A1stera-z-perk%C3%A1lu-Senohrad-p%C3%B4vodn%C3%BD-vlastn%C3%ADk-nezn%C3%A1my-scaled.jpg?resize=1240%2C2048&amp;ssl=1 1240w, https:\/\/i0.wp.com\/www.atelier-reklama.sk\/blog\/wp-content\/uploads\/2023\/03\/8FA.-Suk%C5%88a-s-bodkami-modrotla%C4%8D-kab%C3%A1tik-vizitka-s-gl%C3%B3tu-z%C3%A1stera-z-perk%C3%A1lu-Senohrad-p%C3%B4vodn%C3%BD-vlastn%C3%ADk-nezn%C3%A1my-scaled.jpg?w=1551&amp;ssl=1 1551w\" sizes=\"auto, (max-width: 620px) 100vw, 620px\" \/><\/figure>\n\n\n\n<p>Suk\u0148a svadobn\u00e1, Senohrad, druh\u00e1 pol. 20.stor., vy\u0161it\u00e1 krivou ihlou, p\u00f4vodn\u00fd vlastn\u00edk nezn\u00e1my<\/p>\n\n\n\n<figure class=\"wp-block-image size-large\"><img data-recalc-dims=\"1\" loading=\"lazy\" decoding=\"async\" width=\"800\" height=\"561\" data-attachment-id=\"13748\" data-permalink=\"https:\/\/www.atelier-reklama.sk\/blog\/moj-krekacsky-kroj-a-jeho-prekreslene-vzory-spolu\/sukna-svadobna-senohrad-zozadu\/\" data-orig-file=\"https:\/\/i0.wp.com\/www.atelier-reklama.sk\/blog\/wp-content\/uploads\/2023\/04\/suk%C5%88a-svadobn%C3%A1-Senohrad-zozadu-scaled.jpg?fit=2560%2C1795&amp;ssl=1\" data-orig-size=\"2560,1795\" data-comments-opened=\"1\" data-image-meta=\"{&quot;aperture&quot;:&quot;2&quot;,&quot;credit&quot;:&quot;&quot;,&quot;camera&quot;:&quot;SM-A125F&quot;,&quot;caption&quot;:&quot;&quot;,&quot;created_timestamp&quot;:&quot;1682153702&quot;,&quot;copyright&quot;:&quot;&quot;,&quot;focal_length&quot;:&quot;4.6&quot;,&quot;iso&quot;:&quot;200&quot;,&quot;shutter_speed&quot;:&quot;0.04&quot;,&quot;title&quot;:&quot;&quot;,&quot;orientation&quot;:&quot;1&quot;}\" data-image-title=\"suk\u0148a-svadobn\u00e1-Senohrad-zozadu\" data-image-description=\"\" data-image-caption=\"\" data-medium-file=\"https:\/\/i0.wp.com\/www.atelier-reklama.sk\/blog\/wp-content\/uploads\/2023\/04\/suk%C5%88a-svadobn%C3%A1-Senohrad-zozadu-scaled.jpg?fit=300%2C210&amp;ssl=1\" data-large-file=\"https:\/\/i0.wp.com\/www.atelier-reklama.sk\/blog\/wp-content\/uploads\/2023\/04\/suk%C5%88a-svadobn%C3%A1-Senohrad-zozadu-scaled.jpg?fit=800%2C561&amp;ssl=1\" src=\"https:\/\/i0.wp.com\/www.atelier-reklama.sk\/blog\/wp-content\/uploads\/2023\/04\/suk%C5%88a-svadobn%C3%A1-Senohrad-zozadu.jpg?resize=800%2C561&#038;ssl=1\" alt=\"\" class=\"wp-image-13748\" srcset=\"https:\/\/i0.wp.com\/www.atelier-reklama.sk\/blog\/wp-content\/uploads\/2023\/04\/suk%C5%88a-svadobn%C3%A1-Senohrad-zozadu-scaled.jpg?resize=1024%2C718&amp;ssl=1 1024w, https:\/\/i0.wp.com\/www.atelier-reklama.sk\/blog\/wp-content\/uploads\/2023\/04\/suk%C5%88a-svadobn%C3%A1-Senohrad-zozadu-scaled.jpg?resize=300%2C210&amp;ssl=1 300w, https:\/\/i0.wp.com\/www.atelier-reklama.sk\/blog\/wp-content\/uploads\/2023\/04\/suk%C5%88a-svadobn%C3%A1-Senohrad-zozadu-scaled.jpg?resize=768%2C538&amp;ssl=1 768w, https:\/\/i0.wp.com\/www.atelier-reklama.sk\/blog\/wp-content\/uploads\/2023\/04\/suk%C5%88a-svadobn%C3%A1-Senohrad-zozadu-scaled.jpg?resize=1536%2C1077&amp;ssl=1 1536w, https:\/\/i0.wp.com\/www.atelier-reklama.sk\/blog\/wp-content\/uploads\/2023\/04\/suk%C5%88a-svadobn%C3%A1-Senohrad-zozadu-scaled.jpg?resize=2048%2C1436&amp;ssl=1 2048w, https:\/\/i0.wp.com\/www.atelier-reklama.sk\/blog\/wp-content\/uploads\/2023\/04\/suk%C5%88a-svadobn%C3%A1-Senohrad-zozadu-scaled.jpg?resize=130%2C90&amp;ssl=1 130w, https:\/\/i0.wp.com\/www.atelier-reklama.sk\/blog\/wp-content\/uploads\/2023\/04\/suk%C5%88a-svadobn%C3%A1-Senohrad-zozadu-scaled.jpg?w=1600&amp;ssl=1 1600w, https:\/\/i0.wp.com\/www.atelier-reklama.sk\/blog\/wp-content\/uploads\/2023\/04\/suk%C5%88a-svadobn%C3%A1-Senohrad-zozadu-scaled.jpg?w=2400&amp;ssl=1 2400w\" sizes=\"auto, (max-width: 800px) 100vw, 800px\" \/><\/figure>\n\n\n\n<figure class=\"wp-block-image size-large\"><img data-recalc-dims=\"1\" loading=\"lazy\" decoding=\"async\" width=\"800\" height=\"600\" data-attachment-id=\"13749\" data-permalink=\"https:\/\/www.atelier-reklama.sk\/blog\/moj-krekacsky-kroj-a-jeho-prekreslene-vzory-spolu\/sukna-svadobna-senohrad-detail\/\" data-orig-file=\"https:\/\/i0.wp.com\/www.atelier-reklama.sk\/blog\/wp-content\/uploads\/2023\/04\/suk%C5%88a-svadobn%C3%A1-Senohrad-detail--scaled.jpg?fit=2560%2C1920&amp;ssl=1\" data-orig-size=\"2560,1920\" data-comments-opened=\"1\" data-image-meta=\"{&quot;aperture&quot;:&quot;2&quot;,&quot;credit&quot;:&quot;&quot;,&quot;camera&quot;:&quot;SM-A125F&quot;,&quot;caption&quot;:&quot;&quot;,&quot;created_timestamp&quot;:&quot;1682153744&quot;,&quot;copyright&quot;:&quot;&quot;,&quot;focal_length&quot;:&quot;4.6&quot;,&quot;iso&quot;:&quot;200&quot;,&quot;shutter_speed&quot;:&quot;0.03030303030303&quot;,&quot;title&quot;:&quot;&quot;,&quot;orientation&quot;:&quot;1&quot;}\" data-image-title=\"suk\u0148a-svadobn\u00e1-Senohrad-detail-\" data-image-description=\"\" data-image-caption=\"\" data-medium-file=\"https:\/\/i0.wp.com\/www.atelier-reklama.sk\/blog\/wp-content\/uploads\/2023\/04\/suk%C5%88a-svadobn%C3%A1-Senohrad-detail--scaled.jpg?fit=300%2C225&amp;ssl=1\" data-large-file=\"https:\/\/i0.wp.com\/www.atelier-reklama.sk\/blog\/wp-content\/uploads\/2023\/04\/suk%C5%88a-svadobn%C3%A1-Senohrad-detail--scaled.jpg?fit=800%2C600&amp;ssl=1\" src=\"https:\/\/i0.wp.com\/www.atelier-reklama.sk\/blog\/wp-content\/uploads\/2023\/04\/suk%C5%88a-svadobn%C3%A1-Senohrad-detail-.jpg?resize=800%2C600&#038;ssl=1\" alt=\"\" class=\"wp-image-13749\" srcset=\"https:\/\/i0.wp.com\/www.atelier-reklama.sk\/blog\/wp-content\/uploads\/2023\/04\/suk%C5%88a-svadobn%C3%A1-Senohrad-detail--scaled.jpg?resize=1024%2C768&amp;ssl=1 1024w, https:\/\/i0.wp.com\/www.atelier-reklama.sk\/blog\/wp-content\/uploads\/2023\/04\/suk%C5%88a-svadobn%C3%A1-Senohrad-detail--scaled.jpg?resize=300%2C225&amp;ssl=1 300w, https:\/\/i0.wp.com\/www.atelier-reklama.sk\/blog\/wp-content\/uploads\/2023\/04\/suk%C5%88a-svadobn%C3%A1-Senohrad-detail--scaled.jpg?resize=768%2C576&amp;ssl=1 768w, https:\/\/i0.wp.com\/www.atelier-reklama.sk\/blog\/wp-content\/uploads\/2023\/04\/suk%C5%88a-svadobn%C3%A1-Senohrad-detail--scaled.jpg?resize=1536%2C1152&amp;ssl=1 1536w, https:\/\/i0.wp.com\/www.atelier-reklama.sk\/blog\/wp-content\/uploads\/2023\/04\/suk%C5%88a-svadobn%C3%A1-Senohrad-detail--scaled.jpg?resize=2048%2C1536&amp;ssl=1 2048w, https:\/\/i0.wp.com\/www.atelier-reklama.sk\/blog\/wp-content\/uploads\/2023\/04\/suk%C5%88a-svadobn%C3%A1-Senohrad-detail--scaled.jpg?w=1600&amp;ssl=1 1600w, https:\/\/i0.wp.com\/www.atelier-reklama.sk\/blog\/wp-content\/uploads\/2023\/04\/suk%C5%88a-svadobn%C3%A1-Senohrad-detail--scaled.jpg?w=2400&amp;ssl=1 2400w\" sizes=\"auto, (max-width: 800px) 100vw, 800px\" \/><\/figure>\n\n\n\n<figure class=\"wp-block-image size-large\"><img data-recalc-dims=\"1\" loading=\"lazy\" decoding=\"async\" width=\"800\" height=\"566\" data-attachment-id=\"13754\" data-permalink=\"https:\/\/www.atelier-reklama.sk\/blog\/moj-krekacsky-kroj-a-jeho-prekreslene-vzory-spolu\/sukna-svadobna-senohrad-3\/\" data-orig-file=\"https:\/\/i0.wp.com\/www.atelier-reklama.sk\/blog\/wp-content\/uploads\/2023\/04\/Sukna-svadobn%C3%A1-Senohrad-rotated.jpg?fit=2480%2C1753&amp;ssl=1\" data-orig-size=\"2480,1753\" data-comments-opened=\"1\" data-image-meta=\"{&quot;aperture&quot;:&quot;0&quot;,&quot;credit&quot;:&quot;&quot;,&quot;camera&quot;:&quot;&quot;,&quot;caption&quot;:&quot;&quot;,&quot;created_timestamp&quot;:&quot;0&quot;,&quot;copyright&quot;:&quot;&quot;,&quot;focal_length&quot;:&quot;0&quot;,&quot;iso&quot;:&quot;0&quot;,&quot;shutter_speed&quot;:&quot;0&quot;,&quot;title&quot;:&quot;&quot;,&quot;orientation&quot;:&quot;1&quot;}\" data-image-title=\"Sukna-svadobn\u00e1-Senohrad\" data-image-description=\"\" data-image-caption=\"\" data-medium-file=\"https:\/\/i0.wp.com\/www.atelier-reklama.sk\/blog\/wp-content\/uploads\/2023\/04\/Sukna-svadobn%C3%A1-Senohrad-rotated.jpg?fit=300%2C212&amp;ssl=1\" data-large-file=\"https:\/\/i0.wp.com\/www.atelier-reklama.sk\/blog\/wp-content\/uploads\/2023\/04\/Sukna-svadobn%C3%A1-Senohrad-rotated.jpg?fit=800%2C566&amp;ssl=1\" src=\"https:\/\/i0.wp.com\/www.atelier-reklama.sk\/blog\/wp-content\/uploads\/2023\/04\/Sukna-svadobn%C3%A1-Senohrad.jpg?resize=800%2C566&#038;ssl=1\" alt=\"\" class=\"wp-image-13754\" srcset=\"https:\/\/i0.wp.com\/www.atelier-reklama.sk\/blog\/wp-content\/uploads\/2023\/04\/Sukna-svadobn%C3%A1-Senohrad-rotated.jpg?resize=1024%2C724&amp;ssl=1 1024w, https:\/\/i0.wp.com\/www.atelier-reklama.sk\/blog\/wp-content\/uploads\/2023\/04\/Sukna-svadobn%C3%A1-Senohrad-rotated.jpg?resize=300%2C212&amp;ssl=1 300w, https:\/\/i0.wp.com\/www.atelier-reklama.sk\/blog\/wp-content\/uploads\/2023\/04\/Sukna-svadobn%C3%A1-Senohrad-rotated.jpg?resize=768%2C543&amp;ssl=1 768w, https:\/\/i0.wp.com\/www.atelier-reklama.sk\/blog\/wp-content\/uploads\/2023\/04\/Sukna-svadobn%C3%A1-Senohrad-rotated.jpg?resize=1536%2C1086&amp;ssl=1 1536w, https:\/\/i0.wp.com\/www.atelier-reklama.sk\/blog\/wp-content\/uploads\/2023\/04\/Sukna-svadobn%C3%A1-Senohrad-rotated.jpg?resize=2048%2C1448&amp;ssl=1 2048w, https:\/\/i0.wp.com\/www.atelier-reklama.sk\/blog\/wp-content\/uploads\/2023\/04\/Sukna-svadobn%C3%A1-Senohrad-rotated.jpg?w=1600&amp;ssl=1 1600w, https:\/\/i0.wp.com\/www.atelier-reklama.sk\/blog\/wp-content\/uploads\/2023\/04\/Sukna-svadobn%C3%A1-Senohrad-rotated.jpg?w=2400&amp;ssl=1 2400w\" sizes=\"auto, (max-width: 800px) 100vw, 800px\" \/><\/figure>\n\n\n\n<figure class=\"wp-block-image size-large\"><img data-recalc-dims=\"1\" loading=\"lazy\" decoding=\"async\" width=\"800\" height=\"487\" data-attachment-id=\"13750\" data-permalink=\"https:\/\/www.atelier-reklama.sk\/blog\/moj-krekacsky-kroj-a-jeho-prekreslene-vzory-spolu\/sukna-svadobna-senohrad-plech\/\" data-orig-file=\"https:\/\/i0.wp.com\/www.atelier-reklama.sk\/blog\/wp-content\/uploads\/2023\/04\/suk%C5%88a-svadobn%C3%A1-Senohrad-plech-scaled.jpg?fit=2560%2C1557&amp;ssl=1\" data-orig-size=\"2560,1557\" data-comments-opened=\"1\" data-image-meta=\"{&quot;aperture&quot;:&quot;2&quot;,&quot;credit&quot;:&quot;&quot;,&quot;camera&quot;:&quot;SM-A125F&quot;,&quot;caption&quot;:&quot;&quot;,&quot;created_timestamp&quot;:&quot;1682153749&quot;,&quot;copyright&quot;:&quot;&quot;,&quot;focal_length&quot;:&quot;4.6&quot;,&quot;iso&quot;:&quot;250&quot;,&quot;shutter_speed&quot;:&quot;0.04&quot;,&quot;title&quot;:&quot;&quot;,&quot;orientation&quot;:&quot;1&quot;}\" data-image-title=\"suk\u0148a-svadobn\u00e1-Senohrad-plech\" data-image-description=\"\" data-image-caption=\"\" data-medium-file=\"https:\/\/i0.wp.com\/www.atelier-reklama.sk\/blog\/wp-content\/uploads\/2023\/04\/suk%C5%88a-svadobn%C3%A1-Senohrad-plech-scaled.jpg?fit=300%2C183&amp;ssl=1\" data-large-file=\"https:\/\/i0.wp.com\/www.atelier-reklama.sk\/blog\/wp-content\/uploads\/2023\/04\/suk%C5%88a-svadobn%C3%A1-Senohrad-plech-scaled.jpg?fit=800%2C487&amp;ssl=1\" src=\"https:\/\/i0.wp.com\/www.atelier-reklama.sk\/blog\/wp-content\/uploads\/2023\/04\/suk%C5%88a-svadobn%C3%A1-Senohrad-plech.jpg?resize=800%2C487&#038;ssl=1\" alt=\"\" class=\"wp-image-13750\" srcset=\"https:\/\/i0.wp.com\/www.atelier-reklama.sk\/blog\/wp-content\/uploads\/2023\/04\/suk%C5%88a-svadobn%C3%A1-Senohrad-plech-scaled.jpg?resize=1024%2C623&amp;ssl=1 1024w, https:\/\/i0.wp.com\/www.atelier-reklama.sk\/blog\/wp-content\/uploads\/2023\/04\/suk%C5%88a-svadobn%C3%A1-Senohrad-plech-scaled.jpg?resize=300%2C183&amp;ssl=1 300w, https:\/\/i0.wp.com\/www.atelier-reklama.sk\/blog\/wp-content\/uploads\/2023\/04\/suk%C5%88a-svadobn%C3%A1-Senohrad-plech-scaled.jpg?resize=768%2C467&amp;ssl=1 768w, https:\/\/i0.wp.com\/www.atelier-reklama.sk\/blog\/wp-content\/uploads\/2023\/04\/suk%C5%88a-svadobn%C3%A1-Senohrad-plech-scaled.jpg?resize=1536%2C934&amp;ssl=1 1536w, https:\/\/i0.wp.com\/www.atelier-reklama.sk\/blog\/wp-content\/uploads\/2023\/04\/suk%C5%88a-svadobn%C3%A1-Senohrad-plech-scaled.jpg?resize=2048%2C1246&amp;ssl=1 2048w, https:\/\/i0.wp.com\/www.atelier-reklama.sk\/blog\/wp-content\/uploads\/2023\/04\/suk%C5%88a-svadobn%C3%A1-Senohrad-plech-scaled.jpg?w=1600&amp;ssl=1 1600w, https:\/\/i0.wp.com\/www.atelier-reklama.sk\/blog\/wp-content\/uploads\/2023\/04\/suk%C5%88a-svadobn%C3%A1-Senohrad-plech-scaled.jpg?w=2400&amp;ssl=1 2400w\" sizes=\"auto, (max-width: 800px) 100vw, 800px\" \/><\/figure>\n\n\n\n<figure class=\"wp-block-image size-large\"><img data-recalc-dims=\"1\" loading=\"lazy\" decoding=\"async\" width=\"800\" height=\"567\" data-attachment-id=\"13751\" data-permalink=\"https:\/\/www.atelier-reklama.sk\/blog\/moj-krekacsky-kroj-a-jeho-prekreslene-vzory-spolu\/sukna-svadobna-senohrad\/\" data-orig-file=\"https:\/\/i0.wp.com\/www.atelier-reklama.sk\/blog\/wp-content\/uploads\/2023\/04\/suk%C5%88a-svadobn%C3%A1-Senohrad-scaled.jpg?fit=2560%2C1815&amp;ssl=1\" data-orig-size=\"2560,1815\" data-comments-opened=\"1\" data-image-meta=\"{&quot;aperture&quot;:&quot;2&quot;,&quot;credit&quot;:&quot;&quot;,&quot;camera&quot;:&quot;SM-A125F&quot;,&quot;caption&quot;:&quot;&quot;,&quot;created_timestamp&quot;:&quot;1682153806&quot;,&quot;copyright&quot;:&quot;&quot;,&quot;focal_length&quot;:&quot;4.6&quot;,&quot;iso&quot;:&quot;250&quot;,&quot;shutter_speed&quot;:&quot;0.04&quot;,&quot;title&quot;:&quot;&quot;,&quot;orientation&quot;:&quot;1&quot;}\" data-image-title=\"suk\u0148a-svadobn\u00e1-Senohrad\" data-image-description=\"\" data-image-caption=\"\" data-medium-file=\"https:\/\/i0.wp.com\/www.atelier-reklama.sk\/blog\/wp-content\/uploads\/2023\/04\/suk%C5%88a-svadobn%C3%A1-Senohrad-scaled.jpg?fit=300%2C213&amp;ssl=1\" data-large-file=\"https:\/\/i0.wp.com\/www.atelier-reklama.sk\/blog\/wp-content\/uploads\/2023\/04\/suk%C5%88a-svadobn%C3%A1-Senohrad-scaled.jpg?fit=800%2C567&amp;ssl=1\" src=\"https:\/\/i0.wp.com\/www.atelier-reklama.sk\/blog\/wp-content\/uploads\/2023\/04\/suk%C5%88a-svadobn%C3%A1-Senohrad.jpg?resize=800%2C567&#038;ssl=1\" alt=\"\" class=\"wp-image-13751\" srcset=\"https:\/\/i0.wp.com\/www.atelier-reklama.sk\/blog\/wp-content\/uploads\/2023\/04\/suk%C5%88a-svadobn%C3%A1-Senohrad-scaled.jpg?resize=1024%2C726&amp;ssl=1 1024w, https:\/\/i0.wp.com\/www.atelier-reklama.sk\/blog\/wp-content\/uploads\/2023\/04\/suk%C5%88a-svadobn%C3%A1-Senohrad-scaled.jpg?resize=300%2C213&amp;ssl=1 300w, https:\/\/i0.wp.com\/www.atelier-reklama.sk\/blog\/wp-content\/uploads\/2023\/04\/suk%C5%88a-svadobn%C3%A1-Senohrad-scaled.jpg?resize=768%2C545&amp;ssl=1 768w, https:\/\/i0.wp.com\/www.atelier-reklama.sk\/blog\/wp-content\/uploads\/2023\/04\/suk%C5%88a-svadobn%C3%A1-Senohrad-scaled.jpg?resize=1536%2C1089&amp;ssl=1 1536w, https:\/\/i0.wp.com\/www.atelier-reklama.sk\/blog\/wp-content\/uploads\/2023\/04\/suk%C5%88a-svadobn%C3%A1-Senohrad-scaled.jpg?resize=2048%2C1452&amp;ssl=1 2048w, https:\/\/i0.wp.com\/www.atelier-reklama.sk\/blog\/wp-content\/uploads\/2023\/04\/suk%C5%88a-svadobn%C3%A1-Senohrad-scaled.jpg?w=1600&amp;ssl=1 1600w, https:\/\/i0.wp.com\/www.atelier-reklama.sk\/blog\/wp-content\/uploads\/2023\/04\/suk%C5%88a-svadobn%C3%A1-Senohrad-scaled.jpg?w=2400&amp;ssl=1 2400w\" sizes=\"auto, (max-width: 800px) 100vw, 800px\" \/><\/figure>\n\n\n\n<figure class=\"wp-block-image size-large\"><img data-recalc-dims=\"1\" loading=\"lazy\" decoding=\"async\" width=\"800\" height=\"600\" data-attachment-id=\"13752\" data-permalink=\"https:\/\/www.atelier-reklama.sk\/blog\/moj-krekacsky-kroj-a-jeho-prekreslene-vzory-spolu\/sukna-svadobna-senohrad-2\/\" data-orig-file=\"https:\/\/i0.wp.com\/www.atelier-reklama.sk\/blog\/wp-content\/uploads\/2023\/04\/suk%C5%88a-svadobn%C3%A1-Senohrad--scaled.jpg?fit=2560%2C1921&amp;ssl=1\" data-orig-size=\"2560,1921\" data-comments-opened=\"1\" data-image-meta=\"{&quot;aperture&quot;:&quot;2&quot;,&quot;credit&quot;:&quot;&quot;,&quot;camera&quot;:&quot;SM-A125F&quot;,&quot;caption&quot;:&quot;&quot;,&quot;created_timestamp&quot;:&quot;1682153821&quot;,&quot;copyright&quot;:&quot;&quot;,&quot;focal_length&quot;:&quot;4.6&quot;,&quot;iso&quot;:&quot;200&quot;,&quot;shutter_speed&quot;:&quot;0.04&quot;,&quot;title&quot;:&quot;&quot;,&quot;orientation&quot;:&quot;1&quot;}\" data-image-title=\"suk\u0148a-svadobn\u00e1-Senohrad-\" data-image-description=\"\" data-image-caption=\"\" data-medium-file=\"https:\/\/i0.wp.com\/www.atelier-reklama.sk\/blog\/wp-content\/uploads\/2023\/04\/suk%C5%88a-svadobn%C3%A1-Senohrad--scaled.jpg?fit=300%2C225&amp;ssl=1\" data-large-file=\"https:\/\/i0.wp.com\/www.atelier-reklama.sk\/blog\/wp-content\/uploads\/2023\/04\/suk%C5%88a-svadobn%C3%A1-Senohrad--scaled.jpg?fit=800%2C600&amp;ssl=1\" src=\"https:\/\/i0.wp.com\/www.atelier-reklama.sk\/blog\/wp-content\/uploads\/2023\/04\/suk%C5%88a-svadobn%C3%A1-Senohrad-.jpg?resize=800%2C600&#038;ssl=1\" alt=\"\" class=\"wp-image-13752\" srcset=\"https:\/\/i0.wp.com\/www.atelier-reklama.sk\/blog\/wp-content\/uploads\/2023\/04\/suk%C5%88a-svadobn%C3%A1-Senohrad--scaled.jpg?resize=1024%2C768&amp;ssl=1 1024w, https:\/\/i0.wp.com\/www.atelier-reklama.sk\/blog\/wp-content\/uploads\/2023\/04\/suk%C5%88a-svadobn%C3%A1-Senohrad--scaled.jpg?resize=300%2C225&amp;ssl=1 300w, https:\/\/i0.wp.com\/www.atelier-reklama.sk\/blog\/wp-content\/uploads\/2023\/04\/suk%C5%88a-svadobn%C3%A1-Senohrad--scaled.jpg?resize=768%2C576&amp;ssl=1 768w, https:\/\/i0.wp.com\/www.atelier-reklama.sk\/blog\/wp-content\/uploads\/2023\/04\/suk%C5%88a-svadobn%C3%A1-Senohrad--scaled.jpg?resize=1536%2C1152&amp;ssl=1 1536w, https:\/\/i0.wp.com\/www.atelier-reklama.sk\/blog\/wp-content\/uploads\/2023\/04\/suk%C5%88a-svadobn%C3%A1-Senohrad--scaled.jpg?resize=2048%2C1536&amp;ssl=1 2048w, https:\/\/i0.wp.com\/www.atelier-reklama.sk\/blog\/wp-content\/uploads\/2023\/04\/suk%C5%88a-svadobn%C3%A1-Senohrad--scaled.jpg?w=1600&amp;ssl=1 1600w, https:\/\/i0.wp.com\/www.atelier-reklama.sk\/blog\/wp-content\/uploads\/2023\/04\/suk%C5%88a-svadobn%C3%A1-Senohrad--scaled.jpg?w=2400&amp;ssl=1 2400w\" sizes=\"auto, (max-width: 800px) 100vw, 800px\" \/><\/figure>\n\n\n\n<figure class=\"wp-block-image size-large\"><img data-recalc-dims=\"1\" loading=\"lazy\" decoding=\"async\" width=\"800\" height=\"600\" data-attachment-id=\"13753\" data-permalink=\"https:\/\/www.atelier-reklama.sk\/blog\/moj-krekacsky-kroj-a-jeho-prekreslene-vzory-spolu\/sukna-svadobna-senohrad-1\/\" data-orig-file=\"https:\/\/i0.wp.com\/www.atelier-reklama.sk\/blog\/wp-content\/uploads\/2023\/04\/suk%C5%88a-svadobn%C3%A1-Senohrad-1-scaled.jpg?fit=2560%2C1920&amp;ssl=1\" data-orig-size=\"2560,1920\" data-comments-opened=\"1\" data-image-meta=\"{&quot;aperture&quot;:&quot;2&quot;,&quot;credit&quot;:&quot;&quot;,&quot;camera&quot;:&quot;SM-A125F&quot;,&quot;caption&quot;:&quot;&quot;,&quot;created_timestamp&quot;:&quot;1682153983&quot;,&quot;copyright&quot;:&quot;&quot;,&quot;focal_length&quot;:&quot;4.6&quot;,&quot;iso&quot;:&quot;200&quot;,&quot;shutter_speed&quot;:&quot;0.04&quot;,&quot;title&quot;:&quot;&quot;,&quot;orientation&quot;:&quot;1&quot;}\" data-image-title=\"suk\u0148a-svadobn\u00e1-Senohrad-1\" data-image-description=\"\" data-image-caption=\"\" data-medium-file=\"https:\/\/i0.wp.com\/www.atelier-reklama.sk\/blog\/wp-content\/uploads\/2023\/04\/suk%C5%88a-svadobn%C3%A1-Senohrad-1-scaled.jpg?fit=300%2C225&amp;ssl=1\" data-large-file=\"https:\/\/i0.wp.com\/www.atelier-reklama.sk\/blog\/wp-content\/uploads\/2023\/04\/suk%C5%88a-svadobn%C3%A1-Senohrad-1-scaled.jpg?fit=800%2C600&amp;ssl=1\" src=\"https:\/\/i0.wp.com\/www.atelier-reklama.sk\/blog\/wp-content\/uploads\/2023\/04\/suk%C5%88a-svadobn%C3%A1-Senohrad-1.jpg?resize=800%2C600&#038;ssl=1\" alt=\"\" class=\"wp-image-13753\" srcset=\"https:\/\/i0.wp.com\/www.atelier-reklama.sk\/blog\/wp-content\/uploads\/2023\/04\/suk%C5%88a-svadobn%C3%A1-Senohrad-1-scaled.jpg?resize=1024%2C768&amp;ssl=1 1024w, https:\/\/i0.wp.com\/www.atelier-reklama.sk\/blog\/wp-content\/uploads\/2023\/04\/suk%C5%88a-svadobn%C3%A1-Senohrad-1-scaled.jpg?resize=300%2C225&amp;ssl=1 300w, https:\/\/i0.wp.com\/www.atelier-reklama.sk\/blog\/wp-content\/uploads\/2023\/04\/suk%C5%88a-svadobn%C3%A1-Senohrad-1-scaled.jpg?resize=768%2C576&amp;ssl=1 768w, https:\/\/i0.wp.com\/www.atelier-reklama.sk\/blog\/wp-content\/uploads\/2023\/04\/suk%C5%88a-svadobn%C3%A1-Senohrad-1-scaled.jpg?resize=1536%2C1152&amp;ssl=1 1536w, https:\/\/i0.wp.com\/www.atelier-reklama.sk\/blog\/wp-content\/uploads\/2023\/04\/suk%C5%88a-svadobn%C3%A1-Senohrad-1-scaled.jpg?resize=2048%2C1536&amp;ssl=1 2048w, https:\/\/i0.wp.com\/www.atelier-reklama.sk\/blog\/wp-content\/uploads\/2023\/04\/suk%C5%88a-svadobn%C3%A1-Senohrad-1-scaled.jpg?w=1600&amp;ssl=1 1600w, https:\/\/i0.wp.com\/www.atelier-reklama.sk\/blog\/wp-content\/uploads\/2023\/04\/suk%C5%88a-svadobn%C3%A1-Senohrad-1-scaled.jpg?w=2400&amp;ssl=1 2400w\" sizes=\"auto, (max-width: 800px) 100vw, 800px\" \/><\/figure>\n\n\n\n<h2 class=\"wp-block-heading\">VIII. MU\u017dSK\u00c9 Z\u00c1STERY<\/h2>\n\n\n\n<p>Region\u00e1lny n\u00e1zov fiertuchy<\/p>\n\n\n\n<p>V&nbsp;mojej zbierke s\u00fa v\u0161etky sviato\u010dn\u00e9 mu\u017esk\u00e9 z\u00e1stery u\u0161it\u00e9 z&nbsp;jednej poly&nbsp;\u010dierneho glotu. Maj\u00fa obd\u013a\u017enikov\u00fd tvar, v&nbsp;spodnej \u010dasti ozdoben\u00e9 v\u00fd\u0161ivkou na sieti, alebo kr\u00ed\u017eikmi, zakon\u010den\u00e9 kr\u00e1tkymi strap\u010dekmi, nad nimi je \u0161tepovanie. Z\u00e1stery sa obliekali ku gat\u00e1m, vy\u0161\u00edvan\u00e9 na sviato\u010dn\u00e9 pr\u00edle\u017eitosti, pracovn\u00e9 boli bez v\u00fd\u0161ivky biele, alebo z&nbsp;modrotla\u010de, uv\u00e4zovali sa okolo p\u00e1sa.<\/p>\n\n\n\n<figure class=\"wp-block-image size-large\"><img data-recalc-dims=\"1\" loading=\"lazy\" decoding=\"async\" width=\"660\" height=\"1024\" data-attachment-id=\"13222\" data-permalink=\"https:\/\/www.atelier-reklama.sk\/blog\/moj-krekacsky-kroj-a-jeho-prekreslene-vzory-spolu\/0a-vsetky-muzske-zastery-z-mojej-zbierky-su-zo-senohradu-d-mladonic\/\" data-orig-file=\"https:\/\/i0.wp.com\/www.atelier-reklama.sk\/blog\/wp-content\/uploads\/2023\/03\/0A-V%C5%A1etky-mu%C5%BEsk%C3%A9-z%C3%A1stery-z-mojej-zbierky-s%C3%BA-zo-Senohradu-D.-Mladon%C3%ADc-scaled.jpg?fit=1650%2C2560&amp;ssl=1\" data-orig-size=\"1650,2560\" data-comments-opened=\"1\" data-image-meta=\"{&quot;aperture&quot;:&quot;2&quot;,&quot;credit&quot;:&quot;&quot;,&quot;camera&quot;:&quot;SM-A125F&quot;,&quot;caption&quot;:&quot;&quot;,&quot;created_timestamp&quot;:&quot;1678896049&quot;,&quot;copyright&quot;:&quot;&quot;,&quot;focal_length&quot;:&quot;4.6&quot;,&quot;iso&quot;:&quot;250&quot;,&quot;shutter_speed&quot;:&quot;0.0399&quot;,&quot;title&quot;:&quot;&quot;,&quot;orientation&quot;:&quot;1&quot;}\" data-image-title=\"0A-V\u0161etky-mu\u017esk\u00e9-z\u00e1stery-z-mojej-zbierky-s\u00fa-zo-Senohradu-D.-Mladon\u00edc\" data-image-description=\"\" data-image-caption=\"\" data-medium-file=\"https:\/\/i0.wp.com\/www.atelier-reklama.sk\/blog\/wp-content\/uploads\/2023\/03\/0A-V%C5%A1etky-mu%C5%BEsk%C3%A9-z%C3%A1stery-z-mojej-zbierky-s%C3%BA-zo-Senohradu-D.-Mladon%C3%ADc-scaled.jpg?fit=193%2C300&amp;ssl=1\" data-large-file=\"https:\/\/i0.wp.com\/www.atelier-reklama.sk\/blog\/wp-content\/uploads\/2023\/03\/0A-V%C5%A1etky-mu%C5%BEsk%C3%A9-z%C3%A1stery-z-mojej-zbierky-s%C3%BA-zo-Senohradu-D.-Mladon%C3%ADc-scaled.jpg?fit=660%2C1024&amp;ssl=1\" src=\"https:\/\/i0.wp.com\/www.atelier-reklama.sk\/blog\/wp-content\/uploads\/2023\/03\/0A-V%C5%A1etky-mu%C5%BEsk%C3%A9-z%C3%A1stery-z-mojej-zbierky-s%C3%BA-zo-Senohradu-D.-Mladon%C3%ADc.jpg?resize=660%2C1024&#038;ssl=1\" alt=\"\" class=\"wp-image-13222\" srcset=\"https:\/\/i0.wp.com\/www.atelier-reklama.sk\/blog\/wp-content\/uploads\/2023\/03\/0A-V%C5%A1etky-mu%C5%BEsk%C3%A9-z%C3%A1stery-z-mojej-zbierky-s%C3%BA-zo-Senohradu-D.-Mladon%C3%ADc-scaled.jpg?resize=660%2C1024&amp;ssl=1 660w, https:\/\/i0.wp.com\/www.atelier-reklama.sk\/blog\/wp-content\/uploads\/2023\/03\/0A-V%C5%A1etky-mu%C5%BEsk%C3%A9-z%C3%A1stery-z-mojej-zbierky-s%C3%BA-zo-Senohradu-D.-Mladon%C3%ADc-scaled.jpg?resize=193%2C300&amp;ssl=1 193w, https:\/\/i0.wp.com\/www.atelier-reklama.sk\/blog\/wp-content\/uploads\/2023\/03\/0A-V%C5%A1etky-mu%C5%BEsk%C3%A9-z%C3%A1stery-z-mojej-zbierky-s%C3%BA-zo-Senohradu-D.-Mladon%C3%ADc-scaled.jpg?resize=768%2C1192&amp;ssl=1 768w, https:\/\/i0.wp.com\/www.atelier-reklama.sk\/blog\/wp-content\/uploads\/2023\/03\/0A-V%C5%A1etky-mu%C5%BEsk%C3%A9-z%C3%A1stery-z-mojej-zbierky-s%C3%BA-zo-Senohradu-D.-Mladon%C3%ADc-scaled.jpg?resize=990%2C1536&amp;ssl=1 990w, https:\/\/i0.wp.com\/www.atelier-reklama.sk\/blog\/wp-content\/uploads\/2023\/03\/0A-V%C5%A1etky-mu%C5%BEsk%C3%A9-z%C3%A1stery-z-mojej-zbierky-s%C3%BA-zo-Senohradu-D.-Mladon%C3%ADc-scaled.jpg?resize=1320%2C2048&amp;ssl=1 1320w, https:\/\/i0.wp.com\/www.atelier-reklama.sk\/blog\/wp-content\/uploads\/2023\/03\/0A-V%C5%A1etky-mu%C5%BEsk%C3%A9-z%C3%A1stery-z-mojej-zbierky-s%C3%BA-zo-Senohradu-D.-Mladon%C3%ADc-scaled.jpg?w=1650&amp;ssl=1 1650w, https:\/\/i0.wp.com\/www.atelier-reklama.sk\/blog\/wp-content\/uploads\/2023\/03\/0A-V%C5%A1etky-mu%C5%BEsk%C3%A9-z%C3%A1stery-z-mojej-zbierky-s%C3%BA-zo-Senohradu-D.-Mladon%C3%ADc-scaled.jpg?w=1600&amp;ssl=1 1600w\" sizes=\"auto, (max-width: 660px) 100vw, 660px\" \/><\/figure>\n\n\n\n<ol class=\"wp-block-list\">\n<li>Mu\u017esk\u00e1 z\u00e1stera, Senohrad, prv\u00e1 pol. 20. stor., p\u00f4vodn\u00fd vlastn\u00edk nezn\u00e1my<\/li>\n<\/ol>\n\n\n\n<figure class=\"wp-block-image size-large\"><img data-recalc-dims=\"1\" loading=\"lazy\" decoding=\"async\" width=\"800\" height=\"822\" data-attachment-id=\"13223\" data-permalink=\"https:\/\/www.atelier-reklama.sk\/blog\/moj-krekacsky-kroj-a-jeho-prekreslene-vzory-spolu\/1-muzska-zastera-senohrad-prva-pol-20-stor-povodny-vlastnik-neznamy\/\" data-orig-file=\"https:\/\/i0.wp.com\/www.atelier-reklama.sk\/blog\/wp-content\/uploads\/2023\/03\/1.-Mu%C5%BEsk%C3%A1-z%C3%A1stera-Senohrad-prv%C3%A1-pol.-20.-stor.-p%C3%B4vodn%C3%BD-vlastn%C3%ADk-nezn%C3%A1my-scaled.jpg?fit=2493%2C2560&amp;ssl=1\" data-orig-size=\"2493,2560\" data-comments-opened=\"1\" data-image-meta=\"{&quot;aperture&quot;:&quot;2&quot;,&quot;credit&quot;:&quot;&quot;,&quot;camera&quot;:&quot;SM-A125F&quot;,&quot;caption&quot;:&quot;&quot;,&quot;created_timestamp&quot;:&quot;1678896426&quot;,&quot;copyright&quot;:&quot;&quot;,&quot;focal_length&quot;:&quot;4.6&quot;,&quot;iso&quot;:&quot;250&quot;,&quot;shutter_speed&quot;:&quot;0.0399&quot;,&quot;title&quot;:&quot;&quot;,&quot;orientation&quot;:&quot;1&quot;}\" data-image-title=\"1.-Mu\u017esk\u00e1-z\u00e1stera-Senohrad-prv\u00e1-pol.-20.-stor.-p\u00f4vodn\u00fd-vlastn\u00edk-nezn\u00e1my\" data-image-description=\"\" data-image-caption=\"\" data-medium-file=\"https:\/\/i0.wp.com\/www.atelier-reklama.sk\/blog\/wp-content\/uploads\/2023\/03\/1.-Mu%C5%BEsk%C3%A1-z%C3%A1stera-Senohrad-prv%C3%A1-pol.-20.-stor.-p%C3%B4vodn%C3%BD-vlastn%C3%ADk-nezn%C3%A1my-scaled.jpg?fit=292%2C300&amp;ssl=1\" data-large-file=\"https:\/\/i0.wp.com\/www.atelier-reklama.sk\/blog\/wp-content\/uploads\/2023\/03\/1.-Mu%C5%BEsk%C3%A1-z%C3%A1stera-Senohrad-prv%C3%A1-pol.-20.-stor.-p%C3%B4vodn%C3%BD-vlastn%C3%ADk-nezn%C3%A1my-scaled.jpg?fit=800%2C822&amp;ssl=1\" src=\"https:\/\/i0.wp.com\/www.atelier-reklama.sk\/blog\/wp-content\/uploads\/2023\/03\/1.-Mu%C5%BEsk%C3%A1-z%C3%A1stera-Senohrad-prv%C3%A1-pol.-20.-stor.-p%C3%B4vodn%C3%BD-vlastn%C3%ADk-nezn%C3%A1my.jpg?resize=800%2C822&#038;ssl=1\" alt=\"\" class=\"wp-image-13223\" srcset=\"https:\/\/i0.wp.com\/www.atelier-reklama.sk\/blog\/wp-content\/uploads\/2023\/03\/1.-Mu%C5%BEsk%C3%A1-z%C3%A1stera-Senohrad-prv%C3%A1-pol.-20.-stor.-p%C3%B4vodn%C3%BD-vlastn%C3%ADk-nezn%C3%A1my-scaled.jpg?resize=997%2C1024&amp;ssl=1 997w, https:\/\/i0.wp.com\/www.atelier-reklama.sk\/blog\/wp-content\/uploads\/2023\/03\/1.-Mu%C5%BEsk%C3%A1-z%C3%A1stera-Senohrad-prv%C3%A1-pol.-20.-stor.-p%C3%B4vodn%C3%BD-vlastn%C3%ADk-nezn%C3%A1my-scaled.jpg?resize=292%2C300&amp;ssl=1 292w, https:\/\/i0.wp.com\/www.atelier-reklama.sk\/blog\/wp-content\/uploads\/2023\/03\/1.-Mu%C5%BEsk%C3%A1-z%C3%A1stera-Senohrad-prv%C3%A1-pol.-20.-stor.-p%C3%B4vodn%C3%BD-vlastn%C3%ADk-nezn%C3%A1my-scaled.jpg?resize=768%2C789&amp;ssl=1 768w, https:\/\/i0.wp.com\/www.atelier-reklama.sk\/blog\/wp-content\/uploads\/2023\/03\/1.-Mu%C5%BEsk%C3%A1-z%C3%A1stera-Senohrad-prv%C3%A1-pol.-20.-stor.-p%C3%B4vodn%C3%BD-vlastn%C3%ADk-nezn%C3%A1my-scaled.jpg?resize=1496%2C1536&amp;ssl=1 1496w, https:\/\/i0.wp.com\/www.atelier-reklama.sk\/blog\/wp-content\/uploads\/2023\/03\/1.-Mu%C5%BEsk%C3%A1-z%C3%A1stera-Senohrad-prv%C3%A1-pol.-20.-stor.-p%C3%B4vodn%C3%BD-vlastn%C3%ADk-nezn%C3%A1my-scaled.jpg?resize=1994%2C2048&amp;ssl=1 1994w, https:\/\/i0.wp.com\/www.atelier-reklama.sk\/blog\/wp-content\/uploads\/2023\/03\/1.-Mu%C5%BEsk%C3%A1-z%C3%A1stera-Senohrad-prv%C3%A1-pol.-20.-stor.-p%C3%B4vodn%C3%BD-vlastn%C3%ADk-nezn%C3%A1my-scaled.jpg?w=1600&amp;ssl=1 1600w, https:\/\/i0.wp.com\/www.atelier-reklama.sk\/blog\/wp-content\/uploads\/2023\/03\/1.-Mu%C5%BEsk%C3%A1-z%C3%A1stera-Senohrad-prv%C3%A1-pol.-20.-stor.-p%C3%B4vodn%C3%BD-vlastn%C3%ADk-nezn%C3%A1my-scaled.jpg?w=2400&amp;ssl=1 2400w\" sizes=\"auto, (max-width: 800px) 100vw, 800px\" \/><\/figure>\n\n\n\n<figure class=\"wp-block-image size-large\"><img data-recalc-dims=\"1\" loading=\"lazy\" decoding=\"async\" width=\"800\" height=\"566\" data-attachment-id=\"13224\" data-permalink=\"https:\/\/www.atelier-reklama.sk\/blog\/moj-krekacsky-kroj-a-jeho-prekreslene-vzory-spolu\/1b-muzska-zastera-senohrad-prva-pol-20-stor-povodny-vlastnik-neznamy\/\" data-orig-file=\"https:\/\/i0.wp.com\/www.atelier-reklama.sk\/blog\/wp-content\/uploads\/2023\/03\/1B.-Mu%C5%BEsk%C3%A1-z%C3%A1stera-Senohrad-prv%C3%A1-pol.-20.-stor.-p%C3%B4vodn%C3%BD-vlastn%C3%ADk-nezn%C3%A1my-scaled.jpg?fit=2560%2C1810&amp;ssl=1\" data-orig-size=\"2560,1810\" data-comments-opened=\"1\" data-image-meta=\"{&quot;aperture&quot;:&quot;0&quot;,&quot;credit&quot;:&quot;&quot;,&quot;camera&quot;:&quot;&quot;,&quot;caption&quot;:&quot;&quot;,&quot;created_timestamp&quot;:&quot;0&quot;,&quot;copyright&quot;:&quot;&quot;,&quot;focal_length&quot;:&quot;0&quot;,&quot;iso&quot;:&quot;0&quot;,&quot;shutter_speed&quot;:&quot;0&quot;,&quot;title&quot;:&quot;&quot;,&quot;orientation&quot;:&quot;1&quot;}\" data-image-title=\"1B.-Mu\u017esk\u00e1-z\u00e1stera-Senohrad-prv\u00e1-pol.-20.-stor.-p\u00f4vodn\u00fd-vlastn\u00edk-nezn\u00e1my\" data-image-description=\"\" data-image-caption=\"\" data-medium-file=\"https:\/\/i0.wp.com\/www.atelier-reklama.sk\/blog\/wp-content\/uploads\/2023\/03\/1B.-Mu%C5%BEsk%C3%A1-z%C3%A1stera-Senohrad-prv%C3%A1-pol.-20.-stor.-p%C3%B4vodn%C3%BD-vlastn%C3%ADk-nezn%C3%A1my-scaled.jpg?fit=300%2C212&amp;ssl=1\" data-large-file=\"https:\/\/i0.wp.com\/www.atelier-reklama.sk\/blog\/wp-content\/uploads\/2023\/03\/1B.-Mu%C5%BEsk%C3%A1-z%C3%A1stera-Senohrad-prv%C3%A1-pol.-20.-stor.-p%C3%B4vodn%C3%BD-vlastn%C3%ADk-nezn%C3%A1my-scaled.jpg?fit=800%2C566&amp;ssl=1\" src=\"https:\/\/i0.wp.com\/www.atelier-reklama.sk\/blog\/wp-content\/uploads\/2023\/03\/1B.-Mu%C5%BEsk%C3%A1-z%C3%A1stera-Senohrad-prv%C3%A1-pol.-20.-stor.-p%C3%B4vodn%C3%BD-vlastn%C3%ADk-nezn%C3%A1my.jpg?resize=800%2C566&#038;ssl=1\" alt=\"\" class=\"wp-image-13224\" srcset=\"https:\/\/i0.wp.com\/www.atelier-reklama.sk\/blog\/wp-content\/uploads\/2023\/03\/1B.-Mu%C5%BEsk%C3%A1-z%C3%A1stera-Senohrad-prv%C3%A1-pol.-20.-stor.-p%C3%B4vodn%C3%BD-vlastn%C3%ADk-nezn%C3%A1my-scaled.jpg?resize=1024%2C724&amp;ssl=1 1024w, https:\/\/i0.wp.com\/www.atelier-reklama.sk\/blog\/wp-content\/uploads\/2023\/03\/1B.-Mu%C5%BEsk%C3%A1-z%C3%A1stera-Senohrad-prv%C3%A1-pol.-20.-stor.-p%C3%B4vodn%C3%BD-vlastn%C3%ADk-nezn%C3%A1my-scaled.jpg?resize=300%2C212&amp;ssl=1 300w, https:\/\/i0.wp.com\/www.atelier-reklama.sk\/blog\/wp-content\/uploads\/2023\/03\/1B.-Mu%C5%BEsk%C3%A1-z%C3%A1stera-Senohrad-prv%C3%A1-pol.-20.-stor.-p%C3%B4vodn%C3%BD-vlastn%C3%ADk-nezn%C3%A1my-scaled.jpg?resize=768%2C543&amp;ssl=1 768w, https:\/\/i0.wp.com\/www.atelier-reklama.sk\/blog\/wp-content\/uploads\/2023\/03\/1B.-Mu%C5%BEsk%C3%A1-z%C3%A1stera-Senohrad-prv%C3%A1-pol.-20.-stor.-p%C3%B4vodn%C3%BD-vlastn%C3%ADk-nezn%C3%A1my-scaled.jpg?resize=1536%2C1086&amp;ssl=1 1536w, https:\/\/i0.wp.com\/www.atelier-reklama.sk\/blog\/wp-content\/uploads\/2023\/03\/1B.-Mu%C5%BEsk%C3%A1-z%C3%A1stera-Senohrad-prv%C3%A1-pol.-20.-stor.-p%C3%B4vodn%C3%BD-vlastn%C3%ADk-nezn%C3%A1my-scaled.jpg?resize=2048%2C1448&amp;ssl=1 2048w, https:\/\/i0.wp.com\/www.atelier-reklama.sk\/blog\/wp-content\/uploads\/2023\/03\/1B.-Mu%C5%BEsk%C3%A1-z%C3%A1stera-Senohrad-prv%C3%A1-pol.-20.-stor.-p%C3%B4vodn%C3%BD-vlastn%C3%ADk-nezn%C3%A1my-scaled.jpg?w=1600&amp;ssl=1 1600w, https:\/\/i0.wp.com\/www.atelier-reklama.sk\/blog\/wp-content\/uploads\/2023\/03\/1B.-Mu%C5%BEsk%C3%A1-z%C3%A1stera-Senohrad-prv%C3%A1-pol.-20.-stor.-p%C3%B4vodn%C3%BD-vlastn%C3%ADk-nezn%C3%A1my-scaled.jpg?w=2400&amp;ssl=1 2400w\" sizes=\"auto, (max-width: 800px) 100vw, 800px\" \/><\/figure>\n\n\n\n<figure class=\"wp-block-image size-large\"><img data-recalc-dims=\"1\" loading=\"lazy\" decoding=\"async\" width=\"800\" height=\"340\" data-attachment-id=\"13225\" data-permalink=\"https:\/\/www.atelier-reklama.sk\/blog\/moj-krekacsky-kroj-a-jeho-prekreslene-vzory-spolu\/1c-muzska-zastera-senohrad-prva-pol-20-stor-povodny-vlastnik-neznamy\/\" data-orig-file=\"https:\/\/i0.wp.com\/www.atelier-reklama.sk\/blog\/wp-content\/uploads\/2023\/03\/1C.-Mu%C5%BEsk%C3%A1-z%C3%A1stera-Senohrad-prv%C3%A1-pol.-20.-stor.-p%C3%B4vodn%C3%BD-vlastn%C3%ADk-nezn%C3%A1my-scaled.jpg?fit=2560%2C1087&amp;ssl=1\" data-orig-size=\"2560,1087\" data-comments-opened=\"1\" data-image-meta=\"{&quot;aperture&quot;:&quot;2&quot;,&quot;credit&quot;:&quot;&quot;,&quot;camera&quot;:&quot;SM-A125F&quot;,&quot;caption&quot;:&quot;&quot;,&quot;created_timestamp&quot;:&quot;1678896448&quot;,&quot;copyright&quot;:&quot;&quot;,&quot;focal_length&quot;:&quot;4.6&quot;,&quot;iso&quot;:&quot;320&quot;,&quot;shutter_speed&quot;:&quot;0.0399&quot;,&quot;title&quot;:&quot;&quot;,&quot;orientation&quot;:&quot;1&quot;}\" data-image-title=\"1C.-Mu\u017esk\u00e1-z\u00e1stera-Senohrad-prv\u00e1-pol.-20.-stor.-p\u00f4vodn\u00fd-vlastn\u00edk-nezn\u00e1my\" data-image-description=\"\" data-image-caption=\"\" data-medium-file=\"https:\/\/i0.wp.com\/www.atelier-reklama.sk\/blog\/wp-content\/uploads\/2023\/03\/1C.-Mu%C5%BEsk%C3%A1-z%C3%A1stera-Senohrad-prv%C3%A1-pol.-20.-stor.-p%C3%B4vodn%C3%BD-vlastn%C3%ADk-nezn%C3%A1my-scaled.jpg?fit=300%2C127&amp;ssl=1\" data-large-file=\"https:\/\/i0.wp.com\/www.atelier-reklama.sk\/blog\/wp-content\/uploads\/2023\/03\/1C.-Mu%C5%BEsk%C3%A1-z%C3%A1stera-Senohrad-prv%C3%A1-pol.-20.-stor.-p%C3%B4vodn%C3%BD-vlastn%C3%ADk-nezn%C3%A1my-scaled.jpg?fit=800%2C340&amp;ssl=1\" src=\"https:\/\/i0.wp.com\/www.atelier-reklama.sk\/blog\/wp-content\/uploads\/2023\/03\/1C.-Mu%C5%BEsk%C3%A1-z%C3%A1stera-Senohrad-prv%C3%A1-pol.-20.-stor.-p%C3%B4vodn%C3%BD-vlastn%C3%ADk-nezn%C3%A1my.jpg?resize=800%2C340&#038;ssl=1\" alt=\"\" class=\"wp-image-13225\" srcset=\"https:\/\/i0.wp.com\/www.atelier-reklama.sk\/blog\/wp-content\/uploads\/2023\/03\/1C.-Mu%C5%BEsk%C3%A1-z%C3%A1stera-Senohrad-prv%C3%A1-pol.-20.-stor.-p%C3%B4vodn%C3%BD-vlastn%C3%ADk-nezn%C3%A1my-scaled.jpg?resize=1024%2C435&amp;ssl=1 1024w, https:\/\/i0.wp.com\/www.atelier-reklama.sk\/blog\/wp-content\/uploads\/2023\/03\/1C.-Mu%C5%BEsk%C3%A1-z%C3%A1stera-Senohrad-prv%C3%A1-pol.-20.-stor.-p%C3%B4vodn%C3%BD-vlastn%C3%ADk-nezn%C3%A1my-scaled.jpg?resize=300%2C127&amp;ssl=1 300w, https:\/\/i0.wp.com\/www.atelier-reklama.sk\/blog\/wp-content\/uploads\/2023\/03\/1C.-Mu%C5%BEsk%C3%A1-z%C3%A1stera-Senohrad-prv%C3%A1-pol.-20.-stor.-p%C3%B4vodn%C3%BD-vlastn%C3%ADk-nezn%C3%A1my-scaled.jpg?resize=768%2C326&amp;ssl=1 768w, https:\/\/i0.wp.com\/www.atelier-reklama.sk\/blog\/wp-content\/uploads\/2023\/03\/1C.-Mu%C5%BEsk%C3%A1-z%C3%A1stera-Senohrad-prv%C3%A1-pol.-20.-stor.-p%C3%B4vodn%C3%BD-vlastn%C3%ADk-nezn%C3%A1my-scaled.jpg?resize=1536%2C652&amp;ssl=1 1536w, https:\/\/i0.wp.com\/www.atelier-reklama.sk\/blog\/wp-content\/uploads\/2023\/03\/1C.-Mu%C5%BEsk%C3%A1-z%C3%A1stera-Senohrad-prv%C3%A1-pol.-20.-stor.-p%C3%B4vodn%C3%BD-vlastn%C3%ADk-nezn%C3%A1my-scaled.jpg?resize=2048%2C870&amp;ssl=1 2048w, https:\/\/i0.wp.com\/www.atelier-reklama.sk\/blog\/wp-content\/uploads\/2023\/03\/1C.-Mu%C5%BEsk%C3%A1-z%C3%A1stera-Senohrad-prv%C3%A1-pol.-20.-stor.-p%C3%B4vodn%C3%BD-vlastn%C3%ADk-nezn%C3%A1my-scaled.jpg?w=1600&amp;ssl=1 1600w, https:\/\/i0.wp.com\/www.atelier-reklama.sk\/blog\/wp-content\/uploads\/2023\/03\/1C.-Mu%C5%BEsk%C3%A1-z%C3%A1stera-Senohrad-prv%C3%A1-pol.-20.-stor.-p%C3%B4vodn%C3%BD-vlastn%C3%ADk-nezn%C3%A1my-scaled.jpg?w=2400&amp;ssl=1 2400w\" sizes=\"auto, (max-width: 800px) 100vw, 800px\" \/><\/figure>\n\n\n\n<p>2. Mu\u017esk\u00e1 z\u00e1stera, Senohrad, prv\u00e1 pol. 20. stor., p\u00f4vodn\u00fd vlastn\u00edk nezn\u00e1my<\/p>\n\n\n\n<figure class=\"wp-block-image size-large\"><img data-recalc-dims=\"1\" loading=\"lazy\" decoding=\"async\" width=\"800\" height=\"800\" data-attachment-id=\"13226\" data-permalink=\"https:\/\/www.atelier-reklama.sk\/blog\/moj-krekacsky-kroj-a-jeho-prekreslene-vzory-spolu\/2a-muzska-zastera-senohrad-prva-pol-20-stor-povodny-vlastnik-neznamy\/\" data-orig-file=\"https:\/\/i0.wp.com\/www.atelier-reklama.sk\/blog\/wp-content\/uploads\/2023\/03\/2A.-Mu%C5%BEsk%C3%A1-z%C3%A1stera-Senohrad-prv%C3%A1-pol.-20.-stor.-p%C3%B4vodn%C3%BD-vlastn%C3%ADk-nezn%C3%A1my-scaled.jpg?fit=2560%2C2560&amp;ssl=1\" data-orig-size=\"2560,2560\" data-comments-opened=\"1\" data-image-meta=\"{&quot;aperture&quot;:&quot;2&quot;,&quot;credit&quot;:&quot;&quot;,&quot;camera&quot;:&quot;SM-A125F&quot;,&quot;caption&quot;:&quot;&quot;,&quot;created_timestamp&quot;:&quot;1678896361&quot;,&quot;copyright&quot;:&quot;&quot;,&quot;focal_length&quot;:&quot;4.6&quot;,&quot;iso&quot;:&quot;250&quot;,&quot;shutter_speed&quot;:&quot;0.0399&quot;,&quot;title&quot;:&quot;&quot;,&quot;orientation&quot;:&quot;1&quot;}\" data-image-title=\"2A.-Mu\u017esk\u00e1-z\u00e1stera-Senohrad-prv\u00e1-pol.-20.-stor.-p\u00f4vodn\u00fd-vlastn\u00edk-nezn\u00e1my\" data-image-description=\"\" data-image-caption=\"\" data-medium-file=\"https:\/\/i0.wp.com\/www.atelier-reklama.sk\/blog\/wp-content\/uploads\/2023\/03\/2A.-Mu%C5%BEsk%C3%A1-z%C3%A1stera-Senohrad-prv%C3%A1-pol.-20.-stor.-p%C3%B4vodn%C3%BD-vlastn%C3%ADk-nezn%C3%A1my-scaled.jpg?fit=300%2C300&amp;ssl=1\" data-large-file=\"https:\/\/i0.wp.com\/www.atelier-reklama.sk\/blog\/wp-content\/uploads\/2023\/03\/2A.-Mu%C5%BEsk%C3%A1-z%C3%A1stera-Senohrad-prv%C3%A1-pol.-20.-stor.-p%C3%B4vodn%C3%BD-vlastn%C3%ADk-nezn%C3%A1my-scaled.jpg?fit=800%2C800&amp;ssl=1\" src=\"https:\/\/i0.wp.com\/www.atelier-reklama.sk\/blog\/wp-content\/uploads\/2023\/03\/2A.-Mu%C5%BEsk%C3%A1-z%C3%A1stera-Senohrad-prv%C3%A1-pol.-20.-stor.-p%C3%B4vodn%C3%BD-vlastn%C3%ADk-nezn%C3%A1my.jpg?resize=800%2C800&#038;ssl=1\" alt=\"\" class=\"wp-image-13226\" srcset=\"https:\/\/i0.wp.com\/www.atelier-reklama.sk\/blog\/wp-content\/uploads\/2023\/03\/2A.-Mu%C5%BEsk%C3%A1-z%C3%A1stera-Senohrad-prv%C3%A1-pol.-20.-stor.-p%C3%B4vodn%C3%BD-vlastn%C3%ADk-nezn%C3%A1my-scaled.jpg?resize=1024%2C1024&amp;ssl=1 1024w, https:\/\/i0.wp.com\/www.atelier-reklama.sk\/blog\/wp-content\/uploads\/2023\/03\/2A.-Mu%C5%BEsk%C3%A1-z%C3%A1stera-Senohrad-prv%C3%A1-pol.-20.-stor.-p%C3%B4vodn%C3%BD-vlastn%C3%ADk-nezn%C3%A1my-scaled.jpg?resize=300%2C300&amp;ssl=1 300w, https:\/\/i0.wp.com\/www.atelier-reklama.sk\/blog\/wp-content\/uploads\/2023\/03\/2A.-Mu%C5%BEsk%C3%A1-z%C3%A1stera-Senohrad-prv%C3%A1-pol.-20.-stor.-p%C3%B4vodn%C3%BD-vlastn%C3%ADk-nezn%C3%A1my-scaled.jpg?resize=150%2C150&amp;ssl=1 150w, https:\/\/i0.wp.com\/www.atelier-reklama.sk\/blog\/wp-content\/uploads\/2023\/03\/2A.-Mu%C5%BEsk%C3%A1-z%C3%A1stera-Senohrad-prv%C3%A1-pol.-20.-stor.-p%C3%B4vodn%C3%BD-vlastn%C3%ADk-nezn%C3%A1my-scaled.jpg?resize=768%2C768&amp;ssl=1 768w, https:\/\/i0.wp.com\/www.atelier-reklama.sk\/blog\/wp-content\/uploads\/2023\/03\/2A.-Mu%C5%BEsk%C3%A1-z%C3%A1stera-Senohrad-prv%C3%A1-pol.-20.-stor.-p%C3%B4vodn%C3%BD-vlastn%C3%ADk-nezn%C3%A1my-scaled.jpg?resize=1536%2C1536&amp;ssl=1 1536w, https:\/\/i0.wp.com\/www.atelier-reklama.sk\/blog\/wp-content\/uploads\/2023\/03\/2A.-Mu%C5%BEsk%C3%A1-z%C3%A1stera-Senohrad-prv%C3%A1-pol.-20.-stor.-p%C3%B4vodn%C3%BD-vlastn%C3%ADk-nezn%C3%A1my-scaled.jpg?resize=2048%2C2048&amp;ssl=1 2048w, https:\/\/i0.wp.com\/www.atelier-reklama.sk\/blog\/wp-content\/uploads\/2023\/03\/2A.-Mu%C5%BEsk%C3%A1-z%C3%A1stera-Senohrad-prv%C3%A1-pol.-20.-stor.-p%C3%B4vodn%C3%BD-vlastn%C3%ADk-nezn%C3%A1my-scaled.jpg?w=1600&amp;ssl=1 1600w, https:\/\/i0.wp.com\/www.atelier-reklama.sk\/blog\/wp-content\/uploads\/2023\/03\/2A.-Mu%C5%BEsk%C3%A1-z%C3%A1stera-Senohrad-prv%C3%A1-pol.-20.-stor.-p%C3%B4vodn%C3%BD-vlastn%C3%ADk-nezn%C3%A1my-scaled.jpg?w=2400&amp;ssl=1 2400w\" sizes=\"auto, (max-width: 800px) 100vw, 800px\" \/><\/figure>\n\n\n\n<figure class=\"wp-block-image size-large\"><img data-recalc-dims=\"1\" loading=\"lazy\" decoding=\"async\" width=\"800\" height=\"566\" data-attachment-id=\"13227\" data-permalink=\"https:\/\/www.atelier-reklama.sk\/blog\/moj-krekacsky-kroj-a-jeho-prekreslene-vzory-spolu\/2b-muzska-zastera-senohrad-prva-pol-20-stor-povodny-vlastnik-neznamy\/\" data-orig-file=\"https:\/\/i0.wp.com\/www.atelier-reklama.sk\/blog\/wp-content\/uploads\/2023\/03\/2B.-Mu%C5%BEsk%C3%A1-z%C3%A1stera-Senohrad-prv%C3%A1-pol.-20.-stor.-p%C3%B4vodn%C3%BD-vlastn%C3%ADk-nezn%C3%A1my-scaled.jpg?fit=2560%2C1810&amp;ssl=1\" data-orig-size=\"2560,1810\" data-comments-opened=\"1\" data-image-meta=\"{&quot;aperture&quot;:&quot;0&quot;,&quot;credit&quot;:&quot;&quot;,&quot;camera&quot;:&quot;&quot;,&quot;caption&quot;:&quot;&quot;,&quot;created_timestamp&quot;:&quot;0&quot;,&quot;copyright&quot;:&quot;&quot;,&quot;focal_length&quot;:&quot;0&quot;,&quot;iso&quot;:&quot;0&quot;,&quot;shutter_speed&quot;:&quot;0&quot;,&quot;title&quot;:&quot;&quot;,&quot;orientation&quot;:&quot;1&quot;}\" data-image-title=\"2B.-Mu\u017esk\u00e1-z\u00e1stera-Senohrad-prv\u00e1-pol.-20.-stor.-p\u00f4vodn\u00fd-vlastn\u00edk-nezn\u00e1my\" data-image-description=\"\" data-image-caption=\"\" data-medium-file=\"https:\/\/i0.wp.com\/www.atelier-reklama.sk\/blog\/wp-content\/uploads\/2023\/03\/2B.-Mu%C5%BEsk%C3%A1-z%C3%A1stera-Senohrad-prv%C3%A1-pol.-20.-stor.-p%C3%B4vodn%C3%BD-vlastn%C3%ADk-nezn%C3%A1my-scaled.jpg?fit=300%2C212&amp;ssl=1\" data-large-file=\"https:\/\/i0.wp.com\/www.atelier-reklama.sk\/blog\/wp-content\/uploads\/2023\/03\/2B.-Mu%C5%BEsk%C3%A1-z%C3%A1stera-Senohrad-prv%C3%A1-pol.-20.-stor.-p%C3%B4vodn%C3%BD-vlastn%C3%ADk-nezn%C3%A1my-scaled.jpg?fit=800%2C566&amp;ssl=1\" src=\"https:\/\/i0.wp.com\/www.atelier-reklama.sk\/blog\/wp-content\/uploads\/2023\/03\/2B.-Mu%C5%BEsk%C3%A1-z%C3%A1stera-Senohrad-prv%C3%A1-pol.-20.-stor.-p%C3%B4vodn%C3%BD-vlastn%C3%ADk-nezn%C3%A1my.jpg?resize=800%2C566&#038;ssl=1\" alt=\"\" class=\"wp-image-13227\" srcset=\"https:\/\/i0.wp.com\/www.atelier-reklama.sk\/blog\/wp-content\/uploads\/2023\/03\/2B.-Mu%C5%BEsk%C3%A1-z%C3%A1stera-Senohrad-prv%C3%A1-pol.-20.-stor.-p%C3%B4vodn%C3%BD-vlastn%C3%ADk-nezn%C3%A1my-scaled.jpg?resize=1024%2C724&amp;ssl=1 1024w, https:\/\/i0.wp.com\/www.atelier-reklama.sk\/blog\/wp-content\/uploads\/2023\/03\/2B.-Mu%C5%BEsk%C3%A1-z%C3%A1stera-Senohrad-prv%C3%A1-pol.-20.-stor.-p%C3%B4vodn%C3%BD-vlastn%C3%ADk-nezn%C3%A1my-scaled.jpg?resize=300%2C212&amp;ssl=1 300w, https:\/\/i0.wp.com\/www.atelier-reklama.sk\/blog\/wp-content\/uploads\/2023\/03\/2B.-Mu%C5%BEsk%C3%A1-z%C3%A1stera-Senohrad-prv%C3%A1-pol.-20.-stor.-p%C3%B4vodn%C3%BD-vlastn%C3%ADk-nezn%C3%A1my-scaled.jpg?resize=768%2C543&amp;ssl=1 768w, https:\/\/i0.wp.com\/www.atelier-reklama.sk\/blog\/wp-content\/uploads\/2023\/03\/2B.-Mu%C5%BEsk%C3%A1-z%C3%A1stera-Senohrad-prv%C3%A1-pol.-20.-stor.-p%C3%B4vodn%C3%BD-vlastn%C3%ADk-nezn%C3%A1my-scaled.jpg?resize=1536%2C1086&amp;ssl=1 1536w, https:\/\/i0.wp.com\/www.atelier-reklama.sk\/blog\/wp-content\/uploads\/2023\/03\/2B.-Mu%C5%BEsk%C3%A1-z%C3%A1stera-Senohrad-prv%C3%A1-pol.-20.-stor.-p%C3%B4vodn%C3%BD-vlastn%C3%ADk-nezn%C3%A1my-scaled.jpg?resize=2048%2C1448&amp;ssl=1 2048w, https:\/\/i0.wp.com\/www.atelier-reklama.sk\/blog\/wp-content\/uploads\/2023\/03\/2B.-Mu%C5%BEsk%C3%A1-z%C3%A1stera-Senohrad-prv%C3%A1-pol.-20.-stor.-p%C3%B4vodn%C3%BD-vlastn%C3%ADk-nezn%C3%A1my-scaled.jpg?w=1600&amp;ssl=1 1600w, https:\/\/i0.wp.com\/www.atelier-reklama.sk\/blog\/wp-content\/uploads\/2023\/03\/2B.-Mu%C5%BEsk%C3%A1-z%C3%A1stera-Senohrad-prv%C3%A1-pol.-20.-stor.-p%C3%B4vodn%C3%BD-vlastn%C3%ADk-nezn%C3%A1my-scaled.jpg?w=2400&amp;ssl=1 2400w\" sizes=\"auto, (max-width: 800px) 100vw, 800px\" \/><\/figure>\n\n\n\n<figure class=\"wp-block-image size-large\"><img data-recalc-dims=\"1\" loading=\"lazy\" decoding=\"async\" width=\"800\" height=\"288\" data-attachment-id=\"13228\" data-permalink=\"https:\/\/www.atelier-reklama.sk\/blog\/moj-krekacsky-kroj-a-jeho-prekreslene-vzory-spolu\/2c-muzska-zastera-senohrad-prva-pol-20-stor-povodny-vlastnik-neznamy\/\" data-orig-file=\"https:\/\/i0.wp.com\/www.atelier-reklama.sk\/blog\/wp-content\/uploads\/2023\/03\/2C.-Mu%C5%BEsk%C3%A1-z%C3%A1stera-Senohrad-prv%C3%A1-pol.-20.-stor.-p%C3%B4vodn%C3%BD-vlastn%C3%ADk-nezn%C3%A1my-scaled.jpg?fit=2560%2C921&amp;ssl=1\" data-orig-size=\"2560,921\" data-comments-opened=\"1\" data-image-meta=\"{&quot;aperture&quot;:&quot;2&quot;,&quot;credit&quot;:&quot;&quot;,&quot;camera&quot;:&quot;SM-A125F&quot;,&quot;caption&quot;:&quot;&quot;,&quot;created_timestamp&quot;:&quot;1678896378&quot;,&quot;copyright&quot;:&quot;&quot;,&quot;focal_length&quot;:&quot;4.6&quot;,&quot;iso&quot;:&quot;400&quot;,&quot;shutter_speed&quot;:&quot;0.0399&quot;,&quot;title&quot;:&quot;&quot;,&quot;orientation&quot;:&quot;1&quot;}\" data-image-title=\"2C.-Mu\u017esk\u00e1-z\u00e1stera-Senohrad-prv\u00e1-pol.-20.-stor.-p\u00f4vodn\u00fd-vlastn\u00edk-nezn\u00e1my\" data-image-description=\"\" data-image-caption=\"\" data-medium-file=\"https:\/\/i0.wp.com\/www.atelier-reklama.sk\/blog\/wp-content\/uploads\/2023\/03\/2C.-Mu%C5%BEsk%C3%A1-z%C3%A1stera-Senohrad-prv%C3%A1-pol.-20.-stor.-p%C3%B4vodn%C3%BD-vlastn%C3%ADk-nezn%C3%A1my-scaled.jpg?fit=300%2C108&amp;ssl=1\" data-large-file=\"https:\/\/i0.wp.com\/www.atelier-reklama.sk\/blog\/wp-content\/uploads\/2023\/03\/2C.-Mu%C5%BEsk%C3%A1-z%C3%A1stera-Senohrad-prv%C3%A1-pol.-20.-stor.-p%C3%B4vodn%C3%BD-vlastn%C3%ADk-nezn%C3%A1my-scaled.jpg?fit=800%2C288&amp;ssl=1\" src=\"https:\/\/i0.wp.com\/www.atelier-reklama.sk\/blog\/wp-content\/uploads\/2023\/03\/2C.-Mu%C5%BEsk%C3%A1-z%C3%A1stera-Senohrad-prv%C3%A1-pol.-20.-stor.-p%C3%B4vodn%C3%BD-vlastn%C3%ADk-nezn%C3%A1my.jpg?resize=800%2C288&#038;ssl=1\" alt=\"\" class=\"wp-image-13228\" srcset=\"https:\/\/i0.wp.com\/www.atelier-reklama.sk\/blog\/wp-content\/uploads\/2023\/03\/2C.-Mu%C5%BEsk%C3%A1-z%C3%A1stera-Senohrad-prv%C3%A1-pol.-20.-stor.-p%C3%B4vodn%C3%BD-vlastn%C3%ADk-nezn%C3%A1my-scaled.jpg?resize=1024%2C368&amp;ssl=1 1024w, https:\/\/i0.wp.com\/www.atelier-reklama.sk\/blog\/wp-content\/uploads\/2023\/03\/2C.-Mu%C5%BEsk%C3%A1-z%C3%A1stera-Senohrad-prv%C3%A1-pol.-20.-stor.-p%C3%B4vodn%C3%BD-vlastn%C3%ADk-nezn%C3%A1my-scaled.jpg?resize=300%2C108&amp;ssl=1 300w, https:\/\/i0.wp.com\/www.atelier-reklama.sk\/blog\/wp-content\/uploads\/2023\/03\/2C.-Mu%C5%BEsk%C3%A1-z%C3%A1stera-Senohrad-prv%C3%A1-pol.-20.-stor.-p%C3%B4vodn%C3%BD-vlastn%C3%ADk-nezn%C3%A1my-scaled.jpg?resize=768%2C276&amp;ssl=1 768w, https:\/\/i0.wp.com\/www.atelier-reklama.sk\/blog\/wp-content\/uploads\/2023\/03\/2C.-Mu%C5%BEsk%C3%A1-z%C3%A1stera-Senohrad-prv%C3%A1-pol.-20.-stor.-p%C3%B4vodn%C3%BD-vlastn%C3%ADk-nezn%C3%A1my-scaled.jpg?resize=1536%2C553&amp;ssl=1 1536w, https:\/\/i0.wp.com\/www.atelier-reklama.sk\/blog\/wp-content\/uploads\/2023\/03\/2C.-Mu%C5%BEsk%C3%A1-z%C3%A1stera-Senohrad-prv%C3%A1-pol.-20.-stor.-p%C3%B4vodn%C3%BD-vlastn%C3%ADk-nezn%C3%A1my-scaled.jpg?resize=2048%2C737&amp;ssl=1 2048w, https:\/\/i0.wp.com\/www.atelier-reklama.sk\/blog\/wp-content\/uploads\/2023\/03\/2C.-Mu%C5%BEsk%C3%A1-z%C3%A1stera-Senohrad-prv%C3%A1-pol.-20.-stor.-p%C3%B4vodn%C3%BD-vlastn%C3%ADk-nezn%C3%A1my-scaled.jpg?w=1600&amp;ssl=1 1600w, https:\/\/i0.wp.com\/www.atelier-reklama.sk\/blog\/wp-content\/uploads\/2023\/03\/2C.-Mu%C5%BEsk%C3%A1-z%C3%A1stera-Senohrad-prv%C3%A1-pol.-20.-stor.-p%C3%B4vodn%C3%BD-vlastn%C3%ADk-nezn%C3%A1my-scaled.jpg?w=2400&amp;ssl=1 2400w\" sizes=\"auto, (max-width: 800px) 100vw, 800px\" \/><\/figure>\n\n\n\n<figure class=\"wp-block-image size-large\"><img data-recalc-dims=\"1\" loading=\"lazy\" decoding=\"async\" width=\"800\" height=\"353\" data-attachment-id=\"13229\" data-permalink=\"https:\/\/www.atelier-reklama.sk\/blog\/moj-krekacsky-kroj-a-jeho-prekreslene-vzory-spolu\/2e-muzska-zastera-senohrad-prva-pol-20-stor-povodny-vlastnik-neznamy\/\" data-orig-file=\"https:\/\/i0.wp.com\/www.atelier-reklama.sk\/blog\/wp-content\/uploads\/2023\/03\/2E.-Mu%C5%BEsk%C3%A1-z%C3%A1stera-Senohrad-prv%C3%A1-pol.-20.-stor.-p%C3%B4vodn%C3%BD-vlastn%C3%ADk-nezn%C3%A1my-scaled.jpg?fit=2560%2C1129&amp;ssl=1\" data-orig-size=\"2560,1129\" data-comments-opened=\"1\" data-image-meta=\"{&quot;aperture&quot;:&quot;2&quot;,&quot;credit&quot;:&quot;&quot;,&quot;camera&quot;:&quot;SM-A125F&quot;,&quot;caption&quot;:&quot;&quot;,&quot;created_timestamp&quot;:&quot;1678896365&quot;,&quot;copyright&quot;:&quot;&quot;,&quot;focal_length&quot;:&quot;4.6&quot;,&quot;iso&quot;:&quot;320&quot;,&quot;shutter_speed&quot;:&quot;0.04&quot;,&quot;title&quot;:&quot;&quot;,&quot;orientation&quot;:&quot;1&quot;}\" data-image-title=\"2E.-Mu\u017esk\u00e1-z\u00e1stera-Senohrad-prv\u00e1-pol.-20.-stor.-p\u00f4vodn\u00fd-vlastn\u00edk-nezn\u00e1my\" data-image-description=\"\" data-image-caption=\"\" data-medium-file=\"https:\/\/i0.wp.com\/www.atelier-reklama.sk\/blog\/wp-content\/uploads\/2023\/03\/2E.-Mu%C5%BEsk%C3%A1-z%C3%A1stera-Senohrad-prv%C3%A1-pol.-20.-stor.-p%C3%B4vodn%C3%BD-vlastn%C3%ADk-nezn%C3%A1my-scaled.jpg?fit=300%2C132&amp;ssl=1\" data-large-file=\"https:\/\/i0.wp.com\/www.atelier-reklama.sk\/blog\/wp-content\/uploads\/2023\/03\/2E.-Mu%C5%BEsk%C3%A1-z%C3%A1stera-Senohrad-prv%C3%A1-pol.-20.-stor.-p%C3%B4vodn%C3%BD-vlastn%C3%ADk-nezn%C3%A1my-scaled.jpg?fit=800%2C353&amp;ssl=1\" src=\"https:\/\/i0.wp.com\/www.atelier-reklama.sk\/blog\/wp-content\/uploads\/2023\/03\/2E.-Mu%C5%BEsk%C3%A1-z%C3%A1stera-Senohrad-prv%C3%A1-pol.-20.-stor.-p%C3%B4vodn%C3%BD-vlastn%C3%ADk-nezn%C3%A1my.jpg?resize=800%2C353&#038;ssl=1\" alt=\"\" class=\"wp-image-13229\" srcset=\"https:\/\/i0.wp.com\/www.atelier-reklama.sk\/blog\/wp-content\/uploads\/2023\/03\/2E.-Mu%C5%BEsk%C3%A1-z%C3%A1stera-Senohrad-prv%C3%A1-pol.-20.-stor.-p%C3%B4vodn%C3%BD-vlastn%C3%ADk-nezn%C3%A1my-scaled.jpg?resize=1024%2C452&amp;ssl=1 1024w, https:\/\/i0.wp.com\/www.atelier-reklama.sk\/blog\/wp-content\/uploads\/2023\/03\/2E.-Mu%C5%BEsk%C3%A1-z%C3%A1stera-Senohrad-prv%C3%A1-pol.-20.-stor.-p%C3%B4vodn%C3%BD-vlastn%C3%ADk-nezn%C3%A1my-scaled.jpg?resize=300%2C132&amp;ssl=1 300w, https:\/\/i0.wp.com\/www.atelier-reklama.sk\/blog\/wp-content\/uploads\/2023\/03\/2E.-Mu%C5%BEsk%C3%A1-z%C3%A1stera-Senohrad-prv%C3%A1-pol.-20.-stor.-p%C3%B4vodn%C3%BD-vlastn%C3%ADk-nezn%C3%A1my-scaled.jpg?resize=768%2C339&amp;ssl=1 768w, https:\/\/i0.wp.com\/www.atelier-reklama.sk\/blog\/wp-content\/uploads\/2023\/03\/2E.-Mu%C5%BEsk%C3%A1-z%C3%A1stera-Senohrad-prv%C3%A1-pol.-20.-stor.-p%C3%B4vodn%C3%BD-vlastn%C3%ADk-nezn%C3%A1my-scaled.jpg?resize=1536%2C678&amp;ssl=1 1536w, https:\/\/i0.wp.com\/www.atelier-reklama.sk\/blog\/wp-content\/uploads\/2023\/03\/2E.-Mu%C5%BEsk%C3%A1-z%C3%A1stera-Senohrad-prv%C3%A1-pol.-20.-stor.-p%C3%B4vodn%C3%BD-vlastn%C3%ADk-nezn%C3%A1my-scaled.jpg?resize=2048%2C903&amp;ssl=1 2048w, https:\/\/i0.wp.com\/www.atelier-reklama.sk\/blog\/wp-content\/uploads\/2023\/03\/2E.-Mu%C5%BEsk%C3%A1-z%C3%A1stera-Senohrad-prv%C3%A1-pol.-20.-stor.-p%C3%B4vodn%C3%BD-vlastn%C3%ADk-nezn%C3%A1my-scaled.jpg?w=1600&amp;ssl=1 1600w, https:\/\/i0.wp.com\/www.atelier-reklama.sk\/blog\/wp-content\/uploads\/2023\/03\/2E.-Mu%C5%BEsk%C3%A1-z%C3%A1stera-Senohrad-prv%C3%A1-pol.-20.-stor.-p%C3%B4vodn%C3%BD-vlastn%C3%ADk-nezn%C3%A1my-scaled.jpg?w=2400&amp;ssl=1 2400w\" sizes=\"auto, (max-width: 800px) 100vw, 800px\" \/><\/figure>\n\n\n\n<p>3. Mu\u017esk\u00e1 z\u00e1stera, Senohrad, prv\u00e1 pol. 20. stor., p\u00f4vodn\u00fd vlastn\u00edk nezn\u00e1my<\/p>\n\n\n\n<figure class=\"wp-block-image size-large\"><img data-recalc-dims=\"1\" loading=\"lazy\" decoding=\"async\" width=\"800\" height=\"622\" data-attachment-id=\"13230\" data-permalink=\"https:\/\/www.atelier-reklama.sk\/blog\/moj-krekacsky-kroj-a-jeho-prekreslene-vzory-spolu\/3-muzska-zastera-senohrad-prva-pol-20-stor-povodny-vlastnik-neznamy\/\" data-orig-file=\"https:\/\/i0.wp.com\/www.atelier-reklama.sk\/blog\/wp-content\/uploads\/2023\/03\/3.-Mu%C5%BEsk%C3%A1-z%C3%A1stera-Senohrad-prv%C3%A1-pol.-20.-stor.-p%C3%B4vodn%C3%BD-vlastn%C3%ADk-nezn%C3%A1my-scaled.jpg?fit=2560%2C1989&amp;ssl=1\" data-orig-size=\"2560,1989\" data-comments-opened=\"1\" data-image-meta=\"{&quot;aperture&quot;:&quot;2&quot;,&quot;credit&quot;:&quot;&quot;,&quot;camera&quot;:&quot;SM-A125F&quot;,&quot;caption&quot;:&quot;&quot;,&quot;created_timestamp&quot;:&quot;1678896215&quot;,&quot;copyright&quot;:&quot;&quot;,&quot;focal_length&quot;:&quot;4.6&quot;,&quot;iso&quot;:&quot;640&quot;,&quot;shutter_speed&quot;:&quot;0.0499&quot;,&quot;title&quot;:&quot;&quot;,&quot;orientation&quot;:&quot;1&quot;}\" data-image-title=\"3.-Mu\u017esk\u00e1-z\u00e1stera-Senohrad-prv\u00e1-pol.-20.-stor.-p\u00f4vodn\u00fd-vlastn\u00edk-nezn\u00e1my\" data-image-description=\"\" data-image-caption=\"\" data-medium-file=\"https:\/\/i0.wp.com\/www.atelier-reklama.sk\/blog\/wp-content\/uploads\/2023\/03\/3.-Mu%C5%BEsk%C3%A1-z%C3%A1stera-Senohrad-prv%C3%A1-pol.-20.-stor.-p%C3%B4vodn%C3%BD-vlastn%C3%ADk-nezn%C3%A1my-scaled.jpg?fit=300%2C233&amp;ssl=1\" data-large-file=\"https:\/\/i0.wp.com\/www.atelier-reklama.sk\/blog\/wp-content\/uploads\/2023\/03\/3.-Mu%C5%BEsk%C3%A1-z%C3%A1stera-Senohrad-prv%C3%A1-pol.-20.-stor.-p%C3%B4vodn%C3%BD-vlastn%C3%ADk-nezn%C3%A1my-scaled.jpg?fit=800%2C622&amp;ssl=1\" src=\"https:\/\/i0.wp.com\/www.atelier-reklama.sk\/blog\/wp-content\/uploads\/2023\/03\/3.-Mu%C5%BEsk%C3%A1-z%C3%A1stera-Senohrad-prv%C3%A1-pol.-20.-stor.-p%C3%B4vodn%C3%BD-vlastn%C3%ADk-nezn%C3%A1my.jpg?resize=800%2C622&#038;ssl=1\" alt=\"\" class=\"wp-image-13230\" srcset=\"https:\/\/i0.wp.com\/www.atelier-reklama.sk\/blog\/wp-content\/uploads\/2023\/03\/3.-Mu%C5%BEsk%C3%A1-z%C3%A1stera-Senohrad-prv%C3%A1-pol.-20.-stor.-p%C3%B4vodn%C3%BD-vlastn%C3%ADk-nezn%C3%A1my-scaled.jpg?resize=1024%2C796&amp;ssl=1 1024w, https:\/\/i0.wp.com\/www.atelier-reklama.sk\/blog\/wp-content\/uploads\/2023\/03\/3.-Mu%C5%BEsk%C3%A1-z%C3%A1stera-Senohrad-prv%C3%A1-pol.-20.-stor.-p%C3%B4vodn%C3%BD-vlastn%C3%ADk-nezn%C3%A1my-scaled.jpg?resize=300%2C233&amp;ssl=1 300w, https:\/\/i0.wp.com\/www.atelier-reklama.sk\/blog\/wp-content\/uploads\/2023\/03\/3.-Mu%C5%BEsk%C3%A1-z%C3%A1stera-Senohrad-prv%C3%A1-pol.-20.-stor.-p%C3%B4vodn%C3%BD-vlastn%C3%ADk-nezn%C3%A1my-scaled.jpg?resize=768%2C597&amp;ssl=1 768w, https:\/\/i0.wp.com\/www.atelier-reklama.sk\/blog\/wp-content\/uploads\/2023\/03\/3.-Mu%C5%BEsk%C3%A1-z%C3%A1stera-Senohrad-prv%C3%A1-pol.-20.-stor.-p%C3%B4vodn%C3%BD-vlastn%C3%ADk-nezn%C3%A1my-scaled.jpg?resize=1536%2C1193&amp;ssl=1 1536w, https:\/\/i0.wp.com\/www.atelier-reklama.sk\/blog\/wp-content\/uploads\/2023\/03\/3.-Mu%C5%BEsk%C3%A1-z%C3%A1stera-Senohrad-prv%C3%A1-pol.-20.-stor.-p%C3%B4vodn%C3%BD-vlastn%C3%ADk-nezn%C3%A1my-scaled.jpg?resize=2048%2C1591&amp;ssl=1 2048w, https:\/\/i0.wp.com\/www.atelier-reklama.sk\/blog\/wp-content\/uploads\/2023\/03\/3.-Mu%C5%BEsk%C3%A1-z%C3%A1stera-Senohrad-prv%C3%A1-pol.-20.-stor.-p%C3%B4vodn%C3%BD-vlastn%C3%ADk-nezn%C3%A1my-scaled.jpg?w=1600&amp;ssl=1 1600w, https:\/\/i0.wp.com\/www.atelier-reklama.sk\/blog\/wp-content\/uploads\/2023\/03\/3.-Mu%C5%BEsk%C3%A1-z%C3%A1stera-Senohrad-prv%C3%A1-pol.-20.-stor.-p%C3%B4vodn%C3%BD-vlastn%C3%ADk-nezn%C3%A1my-scaled.jpg?w=2400&amp;ssl=1 2400w\" sizes=\"auto, (max-width: 800px) 100vw, 800px\" \/><\/figure>\n\n\n\n<figure class=\"wp-block-image size-large\"><img data-recalc-dims=\"1\" loading=\"lazy\" decoding=\"async\" width=\"800\" height=\"566\" data-attachment-id=\"13231\" data-permalink=\"https:\/\/www.atelier-reklama.sk\/blog\/moj-krekacsky-kroj-a-jeho-prekreslene-vzory-spolu\/3b-muzska-zastera-senohrad-prva-pol-20-stor-povodny-vlastnik-neznamy\/\" data-orig-file=\"https:\/\/i0.wp.com\/www.atelier-reklama.sk\/blog\/wp-content\/uploads\/2023\/03\/3B.-Mu%C5%BEsk%C3%A1-z%C3%A1stera-Senohrad-prv%C3%A1-pol.-20.-stor.-p%C3%B4vodn%C3%BD-vlastn%C3%ADk-nezn%C3%A1my-scaled.jpg?fit=2560%2C1810&amp;ssl=1\" data-orig-size=\"2560,1810\" data-comments-opened=\"1\" data-image-meta=\"{&quot;aperture&quot;:&quot;0&quot;,&quot;credit&quot;:&quot;&quot;,&quot;camera&quot;:&quot;&quot;,&quot;caption&quot;:&quot;&quot;,&quot;created_timestamp&quot;:&quot;0&quot;,&quot;copyright&quot;:&quot;&quot;,&quot;focal_length&quot;:&quot;0&quot;,&quot;iso&quot;:&quot;0&quot;,&quot;shutter_speed&quot;:&quot;0&quot;,&quot;title&quot;:&quot;&quot;,&quot;orientation&quot;:&quot;1&quot;}\" data-image-title=\"3B.-Mu\u017esk\u00e1-z\u00e1stera-Senohrad-prv\u00e1-pol.-20.-stor.-p\u00f4vodn\u00fd-vlastn\u00edk-nezn\u00e1my\" data-image-description=\"\" data-image-caption=\"\" data-medium-file=\"https:\/\/i0.wp.com\/www.atelier-reklama.sk\/blog\/wp-content\/uploads\/2023\/03\/3B.-Mu%C5%BEsk%C3%A1-z%C3%A1stera-Senohrad-prv%C3%A1-pol.-20.-stor.-p%C3%B4vodn%C3%BD-vlastn%C3%ADk-nezn%C3%A1my-scaled.jpg?fit=300%2C212&amp;ssl=1\" data-large-file=\"https:\/\/i0.wp.com\/www.atelier-reklama.sk\/blog\/wp-content\/uploads\/2023\/03\/3B.-Mu%C5%BEsk%C3%A1-z%C3%A1stera-Senohrad-prv%C3%A1-pol.-20.-stor.-p%C3%B4vodn%C3%BD-vlastn%C3%ADk-nezn%C3%A1my-scaled.jpg?fit=800%2C566&amp;ssl=1\" src=\"https:\/\/i0.wp.com\/www.atelier-reklama.sk\/blog\/wp-content\/uploads\/2023\/03\/3B.-Mu%C5%BEsk%C3%A1-z%C3%A1stera-Senohrad-prv%C3%A1-pol.-20.-stor.-p%C3%B4vodn%C3%BD-vlastn%C3%ADk-nezn%C3%A1my.jpg?resize=800%2C566&#038;ssl=1\" alt=\"\" class=\"wp-image-13231\" srcset=\"https:\/\/i0.wp.com\/www.atelier-reklama.sk\/blog\/wp-content\/uploads\/2023\/03\/3B.-Mu%C5%BEsk%C3%A1-z%C3%A1stera-Senohrad-prv%C3%A1-pol.-20.-stor.-p%C3%B4vodn%C3%BD-vlastn%C3%ADk-nezn%C3%A1my-scaled.jpg?resize=1024%2C724&amp;ssl=1 1024w, https:\/\/i0.wp.com\/www.atelier-reklama.sk\/blog\/wp-content\/uploads\/2023\/03\/3B.-Mu%C5%BEsk%C3%A1-z%C3%A1stera-Senohrad-prv%C3%A1-pol.-20.-stor.-p%C3%B4vodn%C3%BD-vlastn%C3%ADk-nezn%C3%A1my-scaled.jpg?resize=300%2C212&amp;ssl=1 300w, https:\/\/i0.wp.com\/www.atelier-reklama.sk\/blog\/wp-content\/uploads\/2023\/03\/3B.-Mu%C5%BEsk%C3%A1-z%C3%A1stera-Senohrad-prv%C3%A1-pol.-20.-stor.-p%C3%B4vodn%C3%BD-vlastn%C3%ADk-nezn%C3%A1my-scaled.jpg?resize=768%2C543&amp;ssl=1 768w, https:\/\/i0.wp.com\/www.atelier-reklama.sk\/blog\/wp-content\/uploads\/2023\/03\/3B.-Mu%C5%BEsk%C3%A1-z%C3%A1stera-Senohrad-prv%C3%A1-pol.-20.-stor.-p%C3%B4vodn%C3%BD-vlastn%C3%ADk-nezn%C3%A1my-scaled.jpg?resize=1536%2C1086&amp;ssl=1 1536w, https:\/\/i0.wp.com\/www.atelier-reklama.sk\/blog\/wp-content\/uploads\/2023\/03\/3B.-Mu%C5%BEsk%C3%A1-z%C3%A1stera-Senohrad-prv%C3%A1-pol.-20.-stor.-p%C3%B4vodn%C3%BD-vlastn%C3%ADk-nezn%C3%A1my-scaled.jpg?resize=2048%2C1448&amp;ssl=1 2048w, https:\/\/i0.wp.com\/www.atelier-reklama.sk\/blog\/wp-content\/uploads\/2023\/03\/3B.-Mu%C5%BEsk%C3%A1-z%C3%A1stera-Senohrad-prv%C3%A1-pol.-20.-stor.-p%C3%B4vodn%C3%BD-vlastn%C3%ADk-nezn%C3%A1my-scaled.jpg?w=1600&amp;ssl=1 1600w, https:\/\/i0.wp.com\/www.atelier-reklama.sk\/blog\/wp-content\/uploads\/2023\/03\/3B.-Mu%C5%BEsk%C3%A1-z%C3%A1stera-Senohrad-prv%C3%A1-pol.-20.-stor.-p%C3%B4vodn%C3%BD-vlastn%C3%ADk-nezn%C3%A1my-scaled.jpg?w=2400&amp;ssl=1 2400w\" sizes=\"auto, (max-width: 800px) 100vw, 800px\" \/><\/figure>\n\n\n\n<figure class=\"wp-block-image size-large\"><img data-recalc-dims=\"1\" loading=\"lazy\" decoding=\"async\" width=\"800\" height=\"516\" data-attachment-id=\"13232\" data-permalink=\"https:\/\/www.atelier-reklama.sk\/blog\/moj-krekacsky-kroj-a-jeho-prekreslene-vzory-spolu\/3c-muzska-zastera-senohrad-prva-pol-20-stor-povodny-vlastnik-neznamy\/\" data-orig-file=\"https:\/\/i0.wp.com\/www.atelier-reklama.sk\/blog\/wp-content\/uploads\/2023\/03\/3C.-Mu%C5%BEsk%C3%A1-z%C3%A1stera-Senohrad-prv%C3%A1-pol.-20.-stor.-p%C3%B4vodn%C3%BD-vlastn%C3%ADk-nezn%C3%A1my-scaled.jpg?fit=2560%2C1652&amp;ssl=1\" data-orig-size=\"2560,1652\" data-comments-opened=\"1\" data-image-meta=\"{&quot;aperture&quot;:&quot;2&quot;,&quot;credit&quot;:&quot;&quot;,&quot;camera&quot;:&quot;SM-A125F&quot;,&quot;caption&quot;:&quot;&quot;,&quot;created_timestamp&quot;:&quot;1678896229&quot;,&quot;copyright&quot;:&quot;&quot;,&quot;focal_length&quot;:&quot;4.6&quot;,&quot;iso&quot;:&quot;640&quot;,&quot;shutter_speed&quot;:&quot;0.0499&quot;,&quot;title&quot;:&quot;&quot;,&quot;orientation&quot;:&quot;1&quot;}\" data-image-title=\"3C.-Mu\u017esk\u00e1-z\u00e1stera-Senohrad-prv\u00e1-pol.-20.-stor.-p\u00f4vodn\u00fd-vlastn\u00edk-nezn\u00e1my\" data-image-description=\"\" data-image-caption=\"\" data-medium-file=\"https:\/\/i0.wp.com\/www.atelier-reklama.sk\/blog\/wp-content\/uploads\/2023\/03\/3C.-Mu%C5%BEsk%C3%A1-z%C3%A1stera-Senohrad-prv%C3%A1-pol.-20.-stor.-p%C3%B4vodn%C3%BD-vlastn%C3%ADk-nezn%C3%A1my-scaled.jpg?fit=300%2C194&amp;ssl=1\" data-large-file=\"https:\/\/i0.wp.com\/www.atelier-reklama.sk\/blog\/wp-content\/uploads\/2023\/03\/3C.-Mu%C5%BEsk%C3%A1-z%C3%A1stera-Senohrad-prv%C3%A1-pol.-20.-stor.-p%C3%B4vodn%C3%BD-vlastn%C3%ADk-nezn%C3%A1my-scaled.jpg?fit=800%2C516&amp;ssl=1\" src=\"https:\/\/i0.wp.com\/www.atelier-reklama.sk\/blog\/wp-content\/uploads\/2023\/03\/3C.-Mu%C5%BEsk%C3%A1-z%C3%A1stera-Senohrad-prv%C3%A1-pol.-20.-stor.-p%C3%B4vodn%C3%BD-vlastn%C3%ADk-nezn%C3%A1my.jpg?resize=800%2C516&#038;ssl=1\" alt=\"\" class=\"wp-image-13232\" srcset=\"https:\/\/i0.wp.com\/www.atelier-reklama.sk\/blog\/wp-content\/uploads\/2023\/03\/3C.-Mu%C5%BEsk%C3%A1-z%C3%A1stera-Senohrad-prv%C3%A1-pol.-20.-stor.-p%C3%B4vodn%C3%BD-vlastn%C3%ADk-nezn%C3%A1my-scaled.jpg?resize=1024%2C661&amp;ssl=1 1024w, https:\/\/i0.wp.com\/www.atelier-reklama.sk\/blog\/wp-content\/uploads\/2023\/03\/3C.-Mu%C5%BEsk%C3%A1-z%C3%A1stera-Senohrad-prv%C3%A1-pol.-20.-stor.-p%C3%B4vodn%C3%BD-vlastn%C3%ADk-nezn%C3%A1my-scaled.jpg?resize=300%2C194&amp;ssl=1 300w, https:\/\/i0.wp.com\/www.atelier-reklama.sk\/blog\/wp-content\/uploads\/2023\/03\/3C.-Mu%C5%BEsk%C3%A1-z%C3%A1stera-Senohrad-prv%C3%A1-pol.-20.-stor.-p%C3%B4vodn%C3%BD-vlastn%C3%ADk-nezn%C3%A1my-scaled.jpg?resize=768%2C496&amp;ssl=1 768w, https:\/\/i0.wp.com\/www.atelier-reklama.sk\/blog\/wp-content\/uploads\/2023\/03\/3C.-Mu%C5%BEsk%C3%A1-z%C3%A1stera-Senohrad-prv%C3%A1-pol.-20.-stor.-p%C3%B4vodn%C3%BD-vlastn%C3%ADk-nezn%C3%A1my-scaled.jpg?resize=1536%2C991&amp;ssl=1 1536w, https:\/\/i0.wp.com\/www.atelier-reklama.sk\/blog\/wp-content\/uploads\/2023\/03\/3C.-Mu%C5%BEsk%C3%A1-z%C3%A1stera-Senohrad-prv%C3%A1-pol.-20.-stor.-p%C3%B4vodn%C3%BD-vlastn%C3%ADk-nezn%C3%A1my-scaled.jpg?resize=2048%2C1321&amp;ssl=1 2048w, https:\/\/i0.wp.com\/www.atelier-reklama.sk\/blog\/wp-content\/uploads\/2023\/03\/3C.-Mu%C5%BEsk%C3%A1-z%C3%A1stera-Senohrad-prv%C3%A1-pol.-20.-stor.-p%C3%B4vodn%C3%BD-vlastn%C3%ADk-nezn%C3%A1my-scaled.jpg?w=1600&amp;ssl=1 1600w, https:\/\/i0.wp.com\/www.atelier-reklama.sk\/blog\/wp-content\/uploads\/2023\/03\/3C.-Mu%C5%BEsk%C3%A1-z%C3%A1stera-Senohrad-prv%C3%A1-pol.-20.-stor.-p%C3%B4vodn%C3%BD-vlastn%C3%ADk-nezn%C3%A1my-scaled.jpg?w=2400&amp;ssl=1 2400w\" sizes=\"auto, (max-width: 800px) 100vw, 800px\" \/><\/figure>\n\n\n\n<p>4. Mu\u017esk\u00e1 z\u00e1stera, Senohrad, prv\u00e1 pol. 20. stor., p\u00f4vodn\u00fd vlastn\u00edk nezn\u00e1my<\/p>\n\n\n\n<figure class=\"wp-block-image size-large\"><img data-recalc-dims=\"1\" loading=\"lazy\" decoding=\"async\" width=\"800\" height=\"600\" data-attachment-id=\"13234\" data-permalink=\"https:\/\/www.atelier-reklama.sk\/blog\/moj-krekacsky-kroj-a-jeho-prekreslene-vzory-spolu\/4c-muzska-zastera-senohrad-prva-pol-20-stor-povodny-vlastnik-neznamy\/\" data-orig-file=\"https:\/\/i0.wp.com\/www.atelier-reklama.sk\/blog\/wp-content\/uploads\/2023\/03\/4C.-Mu%C5%BEsk%C3%A1-z%C3%A1stera-Senohrad-prv%C3%A1-pol.-20.-stor.-p%C3%B4vodn%C3%BD-vlastn%C3%ADk-nezn%C3%A1my-scaled.jpg?fit=2560%2C1920&amp;ssl=1\" data-orig-size=\"2560,1920\" data-comments-opened=\"1\" data-image-meta=\"{&quot;aperture&quot;:&quot;2&quot;,&quot;credit&quot;:&quot;&quot;,&quot;camera&quot;:&quot;SM-A125F&quot;,&quot;caption&quot;:&quot;&quot;,&quot;created_timestamp&quot;:&quot;1678896543&quot;,&quot;copyright&quot;:&quot;&quot;,&quot;focal_length&quot;:&quot;4.6&quot;,&quot;iso&quot;:&quot;500&quot;,&quot;shutter_speed&quot;:&quot;0.05&quot;,&quot;title&quot;:&quot;&quot;,&quot;orientation&quot;:&quot;1&quot;}\" data-image-title=\"4C.-Mu\u017esk\u00e1-z\u00e1stera-Senohrad-prv\u00e1-pol.-20.-stor.-p\u00f4vodn\u00fd-vlastn\u00edk-nezn\u00e1my\" data-image-description=\"\" data-image-caption=\"\" data-medium-file=\"https:\/\/i0.wp.com\/www.atelier-reklama.sk\/blog\/wp-content\/uploads\/2023\/03\/4C.-Mu%C5%BEsk%C3%A1-z%C3%A1stera-Senohrad-prv%C3%A1-pol.-20.-stor.-p%C3%B4vodn%C3%BD-vlastn%C3%ADk-nezn%C3%A1my-scaled.jpg?fit=300%2C225&amp;ssl=1\" data-large-file=\"https:\/\/i0.wp.com\/www.atelier-reklama.sk\/blog\/wp-content\/uploads\/2023\/03\/4C.-Mu%C5%BEsk%C3%A1-z%C3%A1stera-Senohrad-prv%C3%A1-pol.-20.-stor.-p%C3%B4vodn%C3%BD-vlastn%C3%ADk-nezn%C3%A1my-scaled.jpg?fit=800%2C600&amp;ssl=1\" src=\"https:\/\/i0.wp.com\/www.atelier-reklama.sk\/blog\/wp-content\/uploads\/2023\/03\/4C.-Mu%C5%BEsk%C3%A1-z%C3%A1stera-Senohrad-prv%C3%A1-pol.-20.-stor.-p%C3%B4vodn%C3%BD-vlastn%C3%ADk-nezn%C3%A1my.jpg?resize=800%2C600&#038;ssl=1\" alt=\"\" class=\"wp-image-13234\" srcset=\"https:\/\/i0.wp.com\/www.atelier-reklama.sk\/blog\/wp-content\/uploads\/2023\/03\/4C.-Mu%C5%BEsk%C3%A1-z%C3%A1stera-Senohrad-prv%C3%A1-pol.-20.-stor.-p%C3%B4vodn%C3%BD-vlastn%C3%ADk-nezn%C3%A1my-scaled.jpg?resize=1024%2C768&amp;ssl=1 1024w, https:\/\/i0.wp.com\/www.atelier-reklama.sk\/blog\/wp-content\/uploads\/2023\/03\/4C.-Mu%C5%BEsk%C3%A1-z%C3%A1stera-Senohrad-prv%C3%A1-pol.-20.-stor.-p%C3%B4vodn%C3%BD-vlastn%C3%ADk-nezn%C3%A1my-scaled.jpg?resize=300%2C225&amp;ssl=1 300w, https:\/\/i0.wp.com\/www.atelier-reklama.sk\/blog\/wp-content\/uploads\/2023\/03\/4C.-Mu%C5%BEsk%C3%A1-z%C3%A1stera-Senohrad-prv%C3%A1-pol.-20.-stor.-p%C3%B4vodn%C3%BD-vlastn%C3%ADk-nezn%C3%A1my-scaled.jpg?resize=768%2C576&amp;ssl=1 768w, https:\/\/i0.wp.com\/www.atelier-reklama.sk\/blog\/wp-content\/uploads\/2023\/03\/4C.-Mu%C5%BEsk%C3%A1-z%C3%A1stera-Senohrad-prv%C3%A1-pol.-20.-stor.-p%C3%B4vodn%C3%BD-vlastn%C3%ADk-nezn%C3%A1my-scaled.jpg?resize=1536%2C1152&amp;ssl=1 1536w, https:\/\/i0.wp.com\/www.atelier-reklama.sk\/blog\/wp-content\/uploads\/2023\/03\/4C.-Mu%C5%BEsk%C3%A1-z%C3%A1stera-Senohrad-prv%C3%A1-pol.-20.-stor.-p%C3%B4vodn%C3%BD-vlastn%C3%ADk-nezn%C3%A1my-scaled.jpg?resize=2048%2C1536&amp;ssl=1 2048w, https:\/\/i0.wp.com\/www.atelier-reklama.sk\/blog\/wp-content\/uploads\/2023\/03\/4C.-Mu%C5%BEsk%C3%A1-z%C3%A1stera-Senohrad-prv%C3%A1-pol.-20.-stor.-p%C3%B4vodn%C3%BD-vlastn%C3%ADk-nezn%C3%A1my-scaled.jpg?w=1600&amp;ssl=1 1600w, https:\/\/i0.wp.com\/www.atelier-reklama.sk\/blog\/wp-content\/uploads\/2023\/03\/4C.-Mu%C5%BEsk%C3%A1-z%C3%A1stera-Senohrad-prv%C3%A1-pol.-20.-stor.-p%C3%B4vodn%C3%BD-vlastn%C3%ADk-nezn%C3%A1my-scaled.jpg?w=2400&amp;ssl=1 2400w\" sizes=\"auto, (max-width: 800px) 100vw, 800px\" \/><\/figure>\n\n\n\n<figure class=\"wp-block-image size-large\"><img data-recalc-dims=\"1\" loading=\"lazy\" decoding=\"async\" width=\"800\" height=\"330\" data-attachment-id=\"13433\" data-permalink=\"https:\/\/www.atelier-reklama.sk\/blog\/moj-krekacsky-kroj-a-jeho-prekreslene-vzory-spolu\/20230325_064646-1\/\" data-orig-file=\"https:\/\/i0.wp.com\/www.atelier-reklama.sk\/blog\/wp-content\/uploads\/2023\/03\/20230325_064646-1-scaled.jpg?fit=2560%2C1055&amp;ssl=1\" data-orig-size=\"2560,1055\" data-comments-opened=\"1\" data-image-meta=\"{&quot;aperture&quot;:&quot;2&quot;,&quot;credit&quot;:&quot;&quot;,&quot;camera&quot;:&quot;SM-A125F&quot;,&quot;caption&quot;:&quot;&quot;,&quot;created_timestamp&quot;:&quot;1679726804&quot;,&quot;copyright&quot;:&quot;&quot;,&quot;focal_length&quot;:&quot;4.6&quot;,&quot;iso&quot;:&quot;400&quot;,&quot;shutter_speed&quot;:&quot;0.04&quot;,&quot;title&quot;:&quot;&quot;,&quot;orientation&quot;:&quot;1&quot;}\" data-image-title=\"20230325_064646-1\" data-image-description=\"\" data-image-caption=\"\" data-medium-file=\"https:\/\/i0.wp.com\/www.atelier-reklama.sk\/blog\/wp-content\/uploads\/2023\/03\/20230325_064646-1-scaled.jpg?fit=300%2C124&amp;ssl=1\" data-large-file=\"https:\/\/i0.wp.com\/www.atelier-reklama.sk\/blog\/wp-content\/uploads\/2023\/03\/20230325_064646-1-scaled.jpg?fit=800%2C330&amp;ssl=1\" src=\"https:\/\/i0.wp.com\/www.atelier-reklama.sk\/blog\/wp-content\/uploads\/2023\/03\/20230325_064646-1.jpg?resize=800%2C330&#038;ssl=1\" alt=\"\" class=\"wp-image-13433\" srcset=\"https:\/\/i0.wp.com\/www.atelier-reklama.sk\/blog\/wp-content\/uploads\/2023\/03\/20230325_064646-1-scaled.jpg?resize=1024%2C422&amp;ssl=1 1024w, https:\/\/i0.wp.com\/www.atelier-reklama.sk\/blog\/wp-content\/uploads\/2023\/03\/20230325_064646-1-scaled.jpg?resize=300%2C124&amp;ssl=1 300w, https:\/\/i0.wp.com\/www.atelier-reklama.sk\/blog\/wp-content\/uploads\/2023\/03\/20230325_064646-1-scaled.jpg?resize=768%2C316&amp;ssl=1 768w, https:\/\/i0.wp.com\/www.atelier-reklama.sk\/blog\/wp-content\/uploads\/2023\/03\/20230325_064646-1-scaled.jpg?resize=1536%2C633&amp;ssl=1 1536w, https:\/\/i0.wp.com\/www.atelier-reklama.sk\/blog\/wp-content\/uploads\/2023\/03\/20230325_064646-1-scaled.jpg?resize=2048%2C844&amp;ssl=1 2048w, https:\/\/i0.wp.com\/www.atelier-reklama.sk\/blog\/wp-content\/uploads\/2023\/03\/20230325_064646-1-scaled.jpg?w=1600&amp;ssl=1 1600w, https:\/\/i0.wp.com\/www.atelier-reklama.sk\/blog\/wp-content\/uploads\/2023\/03\/20230325_064646-1-scaled.jpg?w=2400&amp;ssl=1 2400w\" sizes=\"auto, (max-width: 800px) 100vw, 800px\" \/><\/figure>\n\n\n\n<figure class=\"wp-block-image size-large\"><img data-recalc-dims=\"1\" loading=\"lazy\" decoding=\"async\" width=\"800\" height=\"376\" data-attachment-id=\"13434\" data-permalink=\"https:\/\/www.atelier-reklama.sk\/blog\/moj-krekacsky-kroj-a-jeho-prekreslene-vzory-spolu\/20230325_064655-1\/\" data-orig-file=\"https:\/\/i0.wp.com\/www.atelier-reklama.sk\/blog\/wp-content\/uploads\/2023\/03\/20230325_064655-1-scaled.jpg?fit=2560%2C1201&amp;ssl=1\" data-orig-size=\"2560,1201\" data-comments-opened=\"1\" data-image-meta=\"{&quot;aperture&quot;:&quot;2&quot;,&quot;credit&quot;:&quot;&quot;,&quot;camera&quot;:&quot;SM-A125F&quot;,&quot;caption&quot;:&quot;&quot;,&quot;created_timestamp&quot;:&quot;1679726813&quot;,&quot;copyright&quot;:&quot;&quot;,&quot;focal_length&quot;:&quot;4.6&quot;,&quot;iso&quot;:&quot;400&quot;,&quot;shutter_speed&quot;:&quot;0.04&quot;,&quot;title&quot;:&quot;&quot;,&quot;orientation&quot;:&quot;1&quot;}\" data-image-title=\"20230325_064655-1\" data-image-description=\"\" data-image-caption=\"\" data-medium-file=\"https:\/\/i0.wp.com\/www.atelier-reklama.sk\/blog\/wp-content\/uploads\/2023\/03\/20230325_064655-1-scaled.jpg?fit=300%2C141&amp;ssl=1\" data-large-file=\"https:\/\/i0.wp.com\/www.atelier-reklama.sk\/blog\/wp-content\/uploads\/2023\/03\/20230325_064655-1-scaled.jpg?fit=800%2C376&amp;ssl=1\" src=\"https:\/\/i0.wp.com\/www.atelier-reklama.sk\/blog\/wp-content\/uploads\/2023\/03\/20230325_064655-1.jpg?resize=800%2C376&#038;ssl=1\" alt=\"\" class=\"wp-image-13434\" srcset=\"https:\/\/i0.wp.com\/www.atelier-reklama.sk\/blog\/wp-content\/uploads\/2023\/03\/20230325_064655-1-scaled.jpg?resize=1024%2C481&amp;ssl=1 1024w, https:\/\/i0.wp.com\/www.atelier-reklama.sk\/blog\/wp-content\/uploads\/2023\/03\/20230325_064655-1-scaled.jpg?resize=300%2C141&amp;ssl=1 300w, https:\/\/i0.wp.com\/www.atelier-reklama.sk\/blog\/wp-content\/uploads\/2023\/03\/20230325_064655-1-scaled.jpg?resize=768%2C360&amp;ssl=1 768w, https:\/\/i0.wp.com\/www.atelier-reklama.sk\/blog\/wp-content\/uploads\/2023\/03\/20230325_064655-1-scaled.jpg?resize=1536%2C721&amp;ssl=1 1536w, https:\/\/i0.wp.com\/www.atelier-reklama.sk\/blog\/wp-content\/uploads\/2023\/03\/20230325_064655-1-scaled.jpg?resize=2048%2C961&amp;ssl=1 2048w, https:\/\/i0.wp.com\/www.atelier-reklama.sk\/blog\/wp-content\/uploads\/2023\/03\/20230325_064655-1-scaled.jpg?w=1600&amp;ssl=1 1600w, https:\/\/i0.wp.com\/www.atelier-reklama.sk\/blog\/wp-content\/uploads\/2023\/03\/20230325_064655-1-scaled.jpg?w=2400&amp;ssl=1 2400w\" sizes=\"auto, (max-width: 800px) 100vw, 800px\" \/><\/figure>\n\n\n\n<figure class=\"wp-block-image size-large\"><img data-recalc-dims=\"1\" loading=\"lazy\" decoding=\"async\" width=\"800\" height=\"349\" data-attachment-id=\"13435\" data-permalink=\"https:\/\/www.atelier-reklama.sk\/blog\/moj-krekacsky-kroj-a-jeho-prekreslene-vzory-spolu\/20230325_064052-1\/\" data-orig-file=\"https:\/\/i0.wp.com\/www.atelier-reklama.sk\/blog\/wp-content\/uploads\/2023\/03\/20230325_064052-1-scaled.jpg?fit=2560%2C1117&amp;ssl=1\" data-orig-size=\"2560,1117\" data-comments-opened=\"1\" data-image-meta=\"{&quot;aperture&quot;:&quot;2&quot;,&quot;credit&quot;:&quot;&quot;,&quot;camera&quot;:&quot;SM-A125F&quot;,&quot;caption&quot;:&quot;&quot;,&quot;created_timestamp&quot;:&quot;1679726450&quot;,&quot;copyright&quot;:&quot;&quot;,&quot;focal_length&quot;:&quot;4.6&quot;,&quot;iso&quot;:&quot;400&quot;,&quot;shutter_speed&quot;:&quot;0.04&quot;,&quot;title&quot;:&quot;&quot;,&quot;orientation&quot;:&quot;1&quot;}\" data-image-title=\"20230325_064052-1\" data-image-description=\"\" data-image-caption=\"\" data-medium-file=\"https:\/\/i0.wp.com\/www.atelier-reklama.sk\/blog\/wp-content\/uploads\/2023\/03\/20230325_064052-1-scaled.jpg?fit=300%2C131&amp;ssl=1\" data-large-file=\"https:\/\/i0.wp.com\/www.atelier-reklama.sk\/blog\/wp-content\/uploads\/2023\/03\/20230325_064052-1-scaled.jpg?fit=800%2C349&amp;ssl=1\" src=\"https:\/\/i0.wp.com\/www.atelier-reklama.sk\/blog\/wp-content\/uploads\/2023\/03\/20230325_064052-1.jpg?resize=800%2C349&#038;ssl=1\" alt=\"\" class=\"wp-image-13435\" srcset=\"https:\/\/i0.wp.com\/www.atelier-reklama.sk\/blog\/wp-content\/uploads\/2023\/03\/20230325_064052-1-scaled.jpg?resize=1024%2C447&amp;ssl=1 1024w, https:\/\/i0.wp.com\/www.atelier-reklama.sk\/blog\/wp-content\/uploads\/2023\/03\/20230325_064052-1-scaled.jpg?resize=300%2C131&amp;ssl=1 300w, https:\/\/i0.wp.com\/www.atelier-reklama.sk\/blog\/wp-content\/uploads\/2023\/03\/20230325_064052-1-scaled.jpg?resize=768%2C335&amp;ssl=1 768w, https:\/\/i0.wp.com\/www.atelier-reklama.sk\/blog\/wp-content\/uploads\/2023\/03\/20230325_064052-1-scaled.jpg?resize=1536%2C670&amp;ssl=1 1536w, https:\/\/i0.wp.com\/www.atelier-reklama.sk\/blog\/wp-content\/uploads\/2023\/03\/20230325_064052-1-scaled.jpg?resize=2048%2C894&amp;ssl=1 2048w, https:\/\/i0.wp.com\/www.atelier-reklama.sk\/blog\/wp-content\/uploads\/2023\/03\/20230325_064052-1-scaled.jpg?w=1600&amp;ssl=1 1600w, https:\/\/i0.wp.com\/www.atelier-reklama.sk\/blog\/wp-content\/uploads\/2023\/03\/20230325_064052-1-scaled.jpg?w=2400&amp;ssl=1 2400w\" sizes=\"auto, (max-width: 800px) 100vw, 800px\" \/><\/figure>\n\n\n\n<figure class=\"wp-block-image size-large\"><img data-recalc-dims=\"1\" loading=\"lazy\" decoding=\"async\" width=\"800\" height=\"566\" data-attachment-id=\"13549\" data-permalink=\"https:\/\/www.atelier-reklama.sk\/blog\/moj-krekacsky-kroj-a-jeho-prekreslene-vzory-spolu\/4b-muzska-zastera-senohrad-prva-pol-20-stor-povodny-vlastnik-neznamy-2\/\" data-orig-file=\"https:\/\/i0.wp.com\/www.atelier-reklama.sk\/blog\/wp-content\/uploads\/2023\/04\/4B.-Mu%C5%BEsk%C3%A1-z%C3%A1stera-Senohrad-prv%C3%A1-pol.-20.-stor.-p%C3%B4vodn%C3%BD-vlastn%C3%ADk-nezn%C3%A1my-scaled.jpg?fit=2560%2C1810&amp;ssl=1\" data-orig-size=\"2560,1810\" data-comments-opened=\"1\" data-image-meta=\"{&quot;aperture&quot;:&quot;0&quot;,&quot;credit&quot;:&quot;&quot;,&quot;camera&quot;:&quot;&quot;,&quot;caption&quot;:&quot;&quot;,&quot;created_timestamp&quot;:&quot;0&quot;,&quot;copyright&quot;:&quot;&quot;,&quot;focal_length&quot;:&quot;0&quot;,&quot;iso&quot;:&quot;0&quot;,&quot;shutter_speed&quot;:&quot;0&quot;,&quot;title&quot;:&quot;&quot;,&quot;orientation&quot;:&quot;0&quot;}\" data-image-title=\"4B.-Mu\u017esk\u00e1-z\u00e1stera-Senohrad-prv\u00e1-pol.-20.-stor.-p\u00f4vodn\u00fd-vlastn\u00edk-nezn\u00e1my\" data-image-description=\"\" data-image-caption=\"\" data-medium-file=\"https:\/\/i0.wp.com\/www.atelier-reklama.sk\/blog\/wp-content\/uploads\/2023\/04\/4B.-Mu%C5%BEsk%C3%A1-z%C3%A1stera-Senohrad-prv%C3%A1-pol.-20.-stor.-p%C3%B4vodn%C3%BD-vlastn%C3%ADk-nezn%C3%A1my-scaled.jpg?fit=300%2C212&amp;ssl=1\" data-large-file=\"https:\/\/i0.wp.com\/www.atelier-reklama.sk\/blog\/wp-content\/uploads\/2023\/04\/4B.-Mu%C5%BEsk%C3%A1-z%C3%A1stera-Senohrad-prv%C3%A1-pol.-20.-stor.-p%C3%B4vodn%C3%BD-vlastn%C3%ADk-nezn%C3%A1my-scaled.jpg?fit=800%2C566&amp;ssl=1\" src=\"https:\/\/i0.wp.com\/www.atelier-reklama.sk\/blog\/wp-content\/uploads\/2023\/04\/4B.-Mu%C5%BEsk%C3%A1-z%C3%A1stera-Senohrad-prv%C3%A1-pol.-20.-stor.-p%C3%B4vodn%C3%BD-vlastn%C3%ADk-nezn%C3%A1my.jpg?resize=800%2C566&#038;ssl=1\" alt=\"\" class=\"wp-image-13549\" srcset=\"https:\/\/i0.wp.com\/www.atelier-reklama.sk\/blog\/wp-content\/uploads\/2023\/04\/4B.-Mu%C5%BEsk%C3%A1-z%C3%A1stera-Senohrad-prv%C3%A1-pol.-20.-stor.-p%C3%B4vodn%C3%BD-vlastn%C3%ADk-nezn%C3%A1my-scaled.jpg?resize=1024%2C724&amp;ssl=1 1024w, https:\/\/i0.wp.com\/www.atelier-reklama.sk\/blog\/wp-content\/uploads\/2023\/04\/4B.-Mu%C5%BEsk%C3%A1-z%C3%A1stera-Senohrad-prv%C3%A1-pol.-20.-stor.-p%C3%B4vodn%C3%BD-vlastn%C3%ADk-nezn%C3%A1my-scaled.jpg?resize=300%2C212&amp;ssl=1 300w, https:\/\/i0.wp.com\/www.atelier-reklama.sk\/blog\/wp-content\/uploads\/2023\/04\/4B.-Mu%C5%BEsk%C3%A1-z%C3%A1stera-Senohrad-prv%C3%A1-pol.-20.-stor.-p%C3%B4vodn%C3%BD-vlastn%C3%ADk-nezn%C3%A1my-scaled.jpg?resize=768%2C543&amp;ssl=1 768w, https:\/\/i0.wp.com\/www.atelier-reklama.sk\/blog\/wp-content\/uploads\/2023\/04\/4B.-Mu%C5%BEsk%C3%A1-z%C3%A1stera-Senohrad-prv%C3%A1-pol.-20.-stor.-p%C3%B4vodn%C3%BD-vlastn%C3%ADk-nezn%C3%A1my-scaled.jpg?resize=1536%2C1086&amp;ssl=1 1536w, https:\/\/i0.wp.com\/www.atelier-reklama.sk\/blog\/wp-content\/uploads\/2023\/04\/4B.-Mu%C5%BEsk%C3%A1-z%C3%A1stera-Senohrad-prv%C3%A1-pol.-20.-stor.-p%C3%B4vodn%C3%BD-vlastn%C3%ADk-nezn%C3%A1my-scaled.jpg?resize=2048%2C1448&amp;ssl=1 2048w, https:\/\/i0.wp.com\/www.atelier-reklama.sk\/blog\/wp-content\/uploads\/2023\/04\/4B.-Mu%C5%BEsk%C3%A1-z%C3%A1stera-Senohrad-prv%C3%A1-pol.-20.-stor.-p%C3%B4vodn%C3%BD-vlastn%C3%ADk-nezn%C3%A1my-scaled.jpg?w=1600&amp;ssl=1 1600w, https:\/\/i0.wp.com\/www.atelier-reklama.sk\/blog\/wp-content\/uploads\/2023\/04\/4B.-Mu%C5%BEsk%C3%A1-z%C3%A1stera-Senohrad-prv%C3%A1-pol.-20.-stor.-p%C3%B4vodn%C3%BD-vlastn%C3%ADk-nezn%C3%A1my-scaled.jpg?w=2400&amp;ssl=1 2400w\" sizes=\"auto, (max-width: 800px) 100vw, 800px\" \/><\/figure>\n\n\n\n<figure class=\"wp-block-image size-large\"><img data-recalc-dims=\"1\" loading=\"lazy\" decoding=\"async\" width=\"762\" height=\"1024\" data-attachment-id=\"13437\" data-permalink=\"https:\/\/www.atelier-reklama.sk\/blog\/moj-krekacsky-kroj-a-jeho-prekreslene-vzory-spolu\/20230326_084847\/\" data-orig-file=\"https:\/\/i0.wp.com\/www.atelier-reklama.sk\/blog\/wp-content\/uploads\/2023\/03\/20230326_084847-scaled.jpg?fit=1905%2C2560&amp;ssl=1\" data-orig-size=\"1905,2560\" data-comments-opened=\"1\" data-image-meta=\"{&quot;aperture&quot;:&quot;2&quot;,&quot;credit&quot;:&quot;&quot;,&quot;camera&quot;:&quot;SM-A125F&quot;,&quot;caption&quot;:&quot;&quot;,&quot;created_timestamp&quot;:&quot;1679820527&quot;,&quot;copyright&quot;:&quot;&quot;,&quot;focal_length&quot;:&quot;4.6&quot;,&quot;iso&quot;:&quot;25&quot;,&quot;shutter_speed&quot;:&quot;0.0199&quot;,&quot;title&quot;:&quot;&quot;,&quot;orientation&quot;:&quot;1&quot;}\" data-image-title=\"20230326_084847\" data-image-description=\"\" data-image-caption=\"\" data-medium-file=\"https:\/\/i0.wp.com\/www.atelier-reklama.sk\/blog\/wp-content\/uploads\/2023\/03\/20230326_084847-scaled.jpg?fit=223%2C300&amp;ssl=1\" data-large-file=\"https:\/\/i0.wp.com\/www.atelier-reklama.sk\/blog\/wp-content\/uploads\/2023\/03\/20230326_084847-scaled.jpg?fit=762%2C1024&amp;ssl=1\" src=\"https:\/\/i0.wp.com\/www.atelier-reklama.sk\/blog\/wp-content\/uploads\/2023\/03\/20230326_084847.jpg?resize=762%2C1024&#038;ssl=1\" alt=\"\" class=\"wp-image-13437\" srcset=\"https:\/\/i0.wp.com\/www.atelier-reklama.sk\/blog\/wp-content\/uploads\/2023\/03\/20230326_084847-scaled.jpg?resize=762%2C1024&amp;ssl=1 762w, https:\/\/i0.wp.com\/www.atelier-reklama.sk\/blog\/wp-content\/uploads\/2023\/03\/20230326_084847-scaled.jpg?resize=223%2C300&amp;ssl=1 223w, https:\/\/i0.wp.com\/www.atelier-reklama.sk\/blog\/wp-content\/uploads\/2023\/03\/20230326_084847-scaled.jpg?resize=768%2C1032&amp;ssl=1 768w, https:\/\/i0.wp.com\/www.atelier-reklama.sk\/blog\/wp-content\/uploads\/2023\/03\/20230326_084847-scaled.jpg?resize=1143%2C1536&amp;ssl=1 1143w, https:\/\/i0.wp.com\/www.atelier-reklama.sk\/blog\/wp-content\/uploads\/2023\/03\/20230326_084847-scaled.jpg?resize=1524%2C2048&amp;ssl=1 1524w, https:\/\/i0.wp.com\/www.atelier-reklama.sk\/blog\/wp-content\/uploads\/2023\/03\/20230326_084847-scaled.jpg?w=1905&amp;ssl=1 1905w, https:\/\/i0.wp.com\/www.atelier-reklama.sk\/blog\/wp-content\/uploads\/2023\/03\/20230326_084847-scaled.jpg?w=1600&amp;ssl=1 1600w\" sizes=\"auto, (max-width: 762px) 100vw, 762px\" \/><\/figure>\n\n\n\n<figure class=\"wp-block-image size-large\"><img data-recalc-dims=\"1\" loading=\"lazy\" decoding=\"async\" width=\"800\" height=\"348\" data-attachment-id=\"13235\" data-permalink=\"https:\/\/www.atelier-reklama.sk\/blog\/moj-krekacsky-kroj-a-jeho-prekreslene-vzory-spolu\/4b-muzska-zastera-senohrad-prva-pol-20-stor-povodny-vlastnik-neznamy\/\" data-orig-file=\"https:\/\/i0.wp.com\/www.atelier-reklama.sk\/blog\/wp-content\/uploads\/2023\/03\/4B.-Mu%C5%BEsk%C3%A1-z%C3%A1stera-Senohrad-prv%C3%A1-pol.-20.-stor.-p%C3%B4vodn%C3%BD-vlastn%C3%ADk-nezn%C3%A1my-scaled.jpg?fit=2560%2C1112&amp;ssl=1\" data-orig-size=\"2560,1112\" data-comments-opened=\"1\" data-image-meta=\"{&quot;aperture&quot;:&quot;2&quot;,&quot;credit&quot;:&quot;&quot;,&quot;camera&quot;:&quot;SM-A125F&quot;,&quot;caption&quot;:&quot;&quot;,&quot;created_timestamp&quot;:&quot;1678896533&quot;,&quot;copyright&quot;:&quot;&quot;,&quot;focal_length&quot;:&quot;4.6&quot;,&quot;iso&quot;:&quot;500&quot;,&quot;shutter_speed&quot;:&quot;0.04&quot;,&quot;title&quot;:&quot;&quot;,&quot;orientation&quot;:&quot;1&quot;}\" data-image-title=\"4B.-Mu\u017esk\u00e1-z\u00e1stera-Senohrad-prv\u00e1-pol.-20.-stor.-p\u00f4vodn\u00fd-vlastn\u00edk-nezn\u00e1my\" data-image-description=\"\" data-image-caption=\"\" data-medium-file=\"https:\/\/i0.wp.com\/www.atelier-reklama.sk\/blog\/wp-content\/uploads\/2023\/03\/4B.-Mu%C5%BEsk%C3%A1-z%C3%A1stera-Senohrad-prv%C3%A1-pol.-20.-stor.-p%C3%B4vodn%C3%BD-vlastn%C3%ADk-nezn%C3%A1my-scaled.jpg?fit=300%2C130&amp;ssl=1\" data-large-file=\"https:\/\/i0.wp.com\/www.atelier-reklama.sk\/blog\/wp-content\/uploads\/2023\/03\/4B.-Mu%C5%BEsk%C3%A1-z%C3%A1stera-Senohrad-prv%C3%A1-pol.-20.-stor.-p%C3%B4vodn%C3%BD-vlastn%C3%ADk-nezn%C3%A1my-scaled.jpg?fit=800%2C348&amp;ssl=1\" src=\"https:\/\/i0.wp.com\/www.atelier-reklama.sk\/blog\/wp-content\/uploads\/2023\/03\/4B.-Mu%C5%BEsk%C3%A1-z%C3%A1stera-Senohrad-prv%C3%A1-pol.-20.-stor.-p%C3%B4vodn%C3%BD-vlastn%C3%ADk-nezn%C3%A1my.jpg?resize=800%2C348&#038;ssl=1\" alt=\"\" class=\"wp-image-13235\" srcset=\"https:\/\/i0.wp.com\/www.atelier-reklama.sk\/blog\/wp-content\/uploads\/2023\/03\/4B.-Mu%C5%BEsk%C3%A1-z%C3%A1stera-Senohrad-prv%C3%A1-pol.-20.-stor.-p%C3%B4vodn%C3%BD-vlastn%C3%ADk-nezn%C3%A1my-scaled.jpg?resize=1024%2C445&amp;ssl=1 1024w, https:\/\/i0.wp.com\/www.atelier-reklama.sk\/blog\/wp-content\/uploads\/2023\/03\/4B.-Mu%C5%BEsk%C3%A1-z%C3%A1stera-Senohrad-prv%C3%A1-pol.-20.-stor.-p%C3%B4vodn%C3%BD-vlastn%C3%ADk-nezn%C3%A1my-scaled.jpg?resize=300%2C130&amp;ssl=1 300w, https:\/\/i0.wp.com\/www.atelier-reklama.sk\/blog\/wp-content\/uploads\/2023\/03\/4B.-Mu%C5%BEsk%C3%A1-z%C3%A1stera-Senohrad-prv%C3%A1-pol.-20.-stor.-p%C3%B4vodn%C3%BD-vlastn%C3%ADk-nezn%C3%A1my-scaled.jpg?resize=768%2C334&amp;ssl=1 768w, https:\/\/i0.wp.com\/www.atelier-reklama.sk\/blog\/wp-content\/uploads\/2023\/03\/4B.-Mu%C5%BEsk%C3%A1-z%C3%A1stera-Senohrad-prv%C3%A1-pol.-20.-stor.-p%C3%B4vodn%C3%BD-vlastn%C3%ADk-nezn%C3%A1my-scaled.jpg?resize=1536%2C667&amp;ssl=1 1536w, https:\/\/i0.wp.com\/www.atelier-reklama.sk\/blog\/wp-content\/uploads\/2023\/03\/4B.-Mu%C5%BEsk%C3%A1-z%C3%A1stera-Senohrad-prv%C3%A1-pol.-20.-stor.-p%C3%B4vodn%C3%BD-vlastn%C3%ADk-nezn%C3%A1my-scaled.jpg?resize=2048%2C890&amp;ssl=1 2048w, https:\/\/i0.wp.com\/www.atelier-reklama.sk\/blog\/wp-content\/uploads\/2023\/03\/4B.-Mu%C5%BEsk%C3%A1-z%C3%A1stera-Senohrad-prv%C3%A1-pol.-20.-stor.-p%C3%B4vodn%C3%BD-vlastn%C3%ADk-nezn%C3%A1my-scaled.jpg?w=1600&amp;ssl=1 1600w, https:\/\/i0.wp.com\/www.atelier-reklama.sk\/blog\/wp-content\/uploads\/2023\/03\/4B.-Mu%C5%BEsk%C3%A1-z%C3%A1stera-Senohrad-prv%C3%A1-pol.-20.-stor.-p%C3%B4vodn%C3%BD-vlastn%C3%ADk-nezn%C3%A1my-scaled.jpg?w=2400&amp;ssl=1 2400w\" sizes=\"auto, (max-width: 800px) 100vw, 800px\" \/><\/figure>\n\n\n\n<p>5. Mu\u017esk\u00e1 z\u00e1stera, Doln\u00e9 Mladonice, prv\u00e1 pol. 20. stor.,vy\u0161\u00edvan\u00e9 na sieti a \u0161tepovanie, predch\u00e1dzaj\u00faci vlastn\u00edk Anna Sliacka, rod. Mozo\u013eov\u00e1 (1929-2017)<\/p>\n\n\n\n<figure class=\"wp-block-image size-large\"><img data-recalc-dims=\"1\" loading=\"lazy\" decoding=\"async\" width=\"800\" height=\"410\" data-attachment-id=\"13238\" data-permalink=\"https:\/\/www.atelier-reklama.sk\/blog\/moj-krekacsky-kroj-a-jeho-prekreslene-vzory-spolu\/5a-muzska-zastera-dolne-mladonice-prva-pol-20-stor-povodny-vlastnik-anna-sliacka-rod-mozolova-1929-2017\/\" data-orig-file=\"https:\/\/i0.wp.com\/www.atelier-reklama.sk\/blog\/wp-content\/uploads\/2023\/03\/5A.-Mu%C5%BEsk%C3%A1-z%C3%A1stera-Doln%C3%A9-MLadonice-prv%C3%A1-pol.-20.-stor.-p%C3%B4vodn%C3%BD-vlastn%C3%ADk-Anna-Sliacka-rod.-Mozo%C4%BEov%C3%A1-1929-2017-scaled.jpg?fit=2560%2C1312&amp;ssl=1\" data-orig-size=\"2560,1312\" data-comments-opened=\"1\" data-image-meta=\"{&quot;aperture&quot;:&quot;2&quot;,&quot;credit&quot;:&quot;&quot;,&quot;camera&quot;:&quot;SM-A125F&quot;,&quot;caption&quot;:&quot;&quot;,&quot;created_timestamp&quot;:&quot;1678895522&quot;,&quot;copyright&quot;:&quot;&quot;,&quot;focal_length&quot;:&quot;4.6&quot;,&quot;iso&quot;:&quot;400&quot;,&quot;shutter_speed&quot;:&quot;0.05&quot;,&quot;title&quot;:&quot;&quot;,&quot;orientation&quot;:&quot;1&quot;}\" data-image-title=\"5A.-Mu\u017esk\u00e1-z\u00e1stera-Doln\u00e9-MLadonice-prv\u00e1-pol.-20.-stor.-p\u00f4vodn\u00fd-vlastn\u00edk-Anna-Sliacka-rod.-Mozo\u013eov\u00e1-1929-2017\" data-image-description=\"\" data-image-caption=\"\" data-medium-file=\"https:\/\/i0.wp.com\/www.atelier-reklama.sk\/blog\/wp-content\/uploads\/2023\/03\/5A.-Mu%C5%BEsk%C3%A1-z%C3%A1stera-Doln%C3%A9-MLadonice-prv%C3%A1-pol.-20.-stor.-p%C3%B4vodn%C3%BD-vlastn%C3%ADk-Anna-Sliacka-rod.-Mozo%C4%BEov%C3%A1-1929-2017-scaled.jpg?fit=300%2C154&amp;ssl=1\" data-large-file=\"https:\/\/i0.wp.com\/www.atelier-reklama.sk\/blog\/wp-content\/uploads\/2023\/03\/5A.-Mu%C5%BEsk%C3%A1-z%C3%A1stera-Doln%C3%A9-MLadonice-prv%C3%A1-pol.-20.-stor.-p%C3%B4vodn%C3%BD-vlastn%C3%ADk-Anna-Sliacka-rod.-Mozo%C4%BEov%C3%A1-1929-2017-scaled.jpg?fit=800%2C410&amp;ssl=1\" src=\"https:\/\/i0.wp.com\/www.atelier-reklama.sk\/blog\/wp-content\/uploads\/2023\/03\/5A.-Mu%C5%BEsk%C3%A1-z%C3%A1stera-Doln%C3%A9-MLadonice-prv%C3%A1-pol.-20.-stor.-p%C3%B4vodn%C3%BD-vlastn%C3%ADk-Anna-Sliacka-rod.-Mozo%C4%BEov%C3%A1-1929-2017.jpg?resize=800%2C410&#038;ssl=1\" alt=\"\" class=\"wp-image-13238\" srcset=\"https:\/\/i0.wp.com\/www.atelier-reklama.sk\/blog\/wp-content\/uploads\/2023\/03\/5A.-Mu%C5%BEsk%C3%A1-z%C3%A1stera-Doln%C3%A9-MLadonice-prv%C3%A1-pol.-20.-stor.-p%C3%B4vodn%C3%BD-vlastn%C3%ADk-Anna-Sliacka-rod.-Mozo%C4%BEov%C3%A1-1929-2017-scaled.jpg?resize=1024%2C525&amp;ssl=1 1024w, https:\/\/i0.wp.com\/www.atelier-reklama.sk\/blog\/wp-content\/uploads\/2023\/03\/5A.-Mu%C5%BEsk%C3%A1-z%C3%A1stera-Doln%C3%A9-MLadonice-prv%C3%A1-pol.-20.-stor.-p%C3%B4vodn%C3%BD-vlastn%C3%ADk-Anna-Sliacka-rod.-Mozo%C4%BEov%C3%A1-1929-2017-scaled.jpg?resize=300%2C154&amp;ssl=1 300w, https:\/\/i0.wp.com\/www.atelier-reklama.sk\/blog\/wp-content\/uploads\/2023\/03\/5A.-Mu%C5%BEsk%C3%A1-z%C3%A1stera-Doln%C3%A9-MLadonice-prv%C3%A1-pol.-20.-stor.-p%C3%B4vodn%C3%BD-vlastn%C3%ADk-Anna-Sliacka-rod.-Mozo%C4%BEov%C3%A1-1929-2017-scaled.jpg?resize=768%2C393&amp;ssl=1 768w, https:\/\/i0.wp.com\/www.atelier-reklama.sk\/blog\/wp-content\/uploads\/2023\/03\/5A.-Mu%C5%BEsk%C3%A1-z%C3%A1stera-Doln%C3%A9-MLadonice-prv%C3%A1-pol.-20.-stor.-p%C3%B4vodn%C3%BD-vlastn%C3%ADk-Anna-Sliacka-rod.-Mozo%C4%BEov%C3%A1-1929-2017-scaled.jpg?resize=1536%2C787&amp;ssl=1 1536w, https:\/\/i0.wp.com\/www.atelier-reklama.sk\/blog\/wp-content\/uploads\/2023\/03\/5A.-Mu%C5%BEsk%C3%A1-z%C3%A1stera-Doln%C3%A9-MLadonice-prv%C3%A1-pol.-20.-stor.-p%C3%B4vodn%C3%BD-vlastn%C3%ADk-Anna-Sliacka-rod.-Mozo%C4%BEov%C3%A1-1929-2017-scaled.jpg?resize=2048%2C1049&amp;ssl=1 2048w, https:\/\/i0.wp.com\/www.atelier-reklama.sk\/blog\/wp-content\/uploads\/2023\/03\/5A.-Mu%C5%BEsk%C3%A1-z%C3%A1stera-Doln%C3%A9-MLadonice-prv%C3%A1-pol.-20.-stor.-p%C3%B4vodn%C3%BD-vlastn%C3%ADk-Anna-Sliacka-rod.-Mozo%C4%BEov%C3%A1-1929-2017-scaled.jpg?w=1600&amp;ssl=1 1600w, https:\/\/i0.wp.com\/www.atelier-reklama.sk\/blog\/wp-content\/uploads\/2023\/03\/5A.-Mu%C5%BEsk%C3%A1-z%C3%A1stera-Doln%C3%A9-MLadonice-prv%C3%A1-pol.-20.-stor.-p%C3%B4vodn%C3%BD-vlastn%C3%ADk-Anna-Sliacka-rod.-Mozo%C4%BEov%C3%A1-1929-2017-scaled.jpg?w=2400&amp;ssl=1 2400w\" sizes=\"auto, (max-width: 800px) 100vw, 800px\" \/><\/figure>\n\n\n\n<figure class=\"wp-block-image size-large\"><img data-recalc-dims=\"1\" loading=\"lazy\" decoding=\"async\" width=\"800\" height=\"600\" data-attachment-id=\"13239\" data-permalink=\"https:\/\/www.atelier-reklama.sk\/blog\/moj-krekacsky-kroj-a-jeho-prekreslene-vzory-spolu\/5b-muzska-zastera-dolne-mladonice-prva-pol-20-stor-povodny-vlastnik-anna-sliacka-rod-mozolova-1929-2017\/\" data-orig-file=\"https:\/\/i0.wp.com\/www.atelier-reklama.sk\/blog\/wp-content\/uploads\/2023\/03\/5B.-Mu%C5%BEsk%C3%A1-z%C3%A1stera-Doln%C3%A9-MLadonice-prv%C3%A1-pol.-20.-stor.-p%C3%B4vodn%C3%BD-vlastn%C3%ADk-Anna-Sliacka-rod.-Mozo%C4%BEov%C3%A1-1929-2017-scaled.jpg?fit=2560%2C1920&amp;ssl=1\" data-orig-size=\"2560,1920\" data-comments-opened=\"1\" data-image-meta=\"{&quot;aperture&quot;:&quot;2&quot;,&quot;credit&quot;:&quot;&quot;,&quot;camera&quot;:&quot;SM-A125F&quot;,&quot;caption&quot;:&quot;&quot;,&quot;created_timestamp&quot;:&quot;1678895569&quot;,&quot;copyright&quot;:&quot;&quot;,&quot;focal_length&quot;:&quot;4.6&quot;,&quot;iso&quot;:&quot;500&quot;,&quot;shutter_speed&quot;:&quot;0.05&quot;,&quot;title&quot;:&quot;&quot;,&quot;orientation&quot;:&quot;1&quot;}\" data-image-title=\"5B.-Mu\u017esk\u00e1-z\u00e1stera-Doln\u00e9-MLadonice-prv\u00e1-pol.-20.-stor.-p\u00f4vodn\u00fd-vlastn\u00edk-Anna-Sliacka-rod.-Mozo\u013eov\u00e1-1929-2017\" data-image-description=\"\" data-image-caption=\"\" data-medium-file=\"https:\/\/i0.wp.com\/www.atelier-reklama.sk\/blog\/wp-content\/uploads\/2023\/03\/5B.-Mu%C5%BEsk%C3%A1-z%C3%A1stera-Doln%C3%A9-MLadonice-prv%C3%A1-pol.-20.-stor.-p%C3%B4vodn%C3%BD-vlastn%C3%ADk-Anna-Sliacka-rod.-Mozo%C4%BEov%C3%A1-1929-2017-scaled.jpg?fit=300%2C225&amp;ssl=1\" data-large-file=\"https:\/\/i0.wp.com\/www.atelier-reklama.sk\/blog\/wp-content\/uploads\/2023\/03\/5B.-Mu%C5%BEsk%C3%A1-z%C3%A1stera-Doln%C3%A9-MLadonice-prv%C3%A1-pol.-20.-stor.-p%C3%B4vodn%C3%BD-vlastn%C3%ADk-Anna-Sliacka-rod.-Mozo%C4%BEov%C3%A1-1929-2017-scaled.jpg?fit=800%2C600&amp;ssl=1\" src=\"https:\/\/i0.wp.com\/www.atelier-reklama.sk\/blog\/wp-content\/uploads\/2023\/03\/5B.-Mu%C5%BEsk%C3%A1-z%C3%A1stera-Doln%C3%A9-MLadonice-prv%C3%A1-pol.-20.-stor.-p%C3%B4vodn%C3%BD-vlastn%C3%ADk-Anna-Sliacka-rod.-Mozo%C4%BEov%C3%A1-1929-2017.jpg?resize=800%2C600&#038;ssl=1\" alt=\"\" class=\"wp-image-13239\" srcset=\"https:\/\/i0.wp.com\/www.atelier-reklama.sk\/blog\/wp-content\/uploads\/2023\/03\/5B.-Mu%C5%BEsk%C3%A1-z%C3%A1stera-Doln%C3%A9-MLadonice-prv%C3%A1-pol.-20.-stor.-p%C3%B4vodn%C3%BD-vlastn%C3%ADk-Anna-Sliacka-rod.-Mozo%C4%BEov%C3%A1-1929-2017-scaled.jpg?resize=1024%2C768&amp;ssl=1 1024w, https:\/\/i0.wp.com\/www.atelier-reklama.sk\/blog\/wp-content\/uploads\/2023\/03\/5B.-Mu%C5%BEsk%C3%A1-z%C3%A1stera-Doln%C3%A9-MLadonice-prv%C3%A1-pol.-20.-stor.-p%C3%B4vodn%C3%BD-vlastn%C3%ADk-Anna-Sliacka-rod.-Mozo%C4%BEov%C3%A1-1929-2017-scaled.jpg?resize=300%2C225&amp;ssl=1 300w, https:\/\/i0.wp.com\/www.atelier-reklama.sk\/blog\/wp-content\/uploads\/2023\/03\/5B.-Mu%C5%BEsk%C3%A1-z%C3%A1stera-Doln%C3%A9-MLadonice-prv%C3%A1-pol.-20.-stor.-p%C3%B4vodn%C3%BD-vlastn%C3%ADk-Anna-Sliacka-rod.-Mozo%C4%BEov%C3%A1-1929-2017-scaled.jpg?resize=768%2C576&amp;ssl=1 768w, https:\/\/i0.wp.com\/www.atelier-reklama.sk\/blog\/wp-content\/uploads\/2023\/03\/5B.-Mu%C5%BEsk%C3%A1-z%C3%A1stera-Doln%C3%A9-MLadonice-prv%C3%A1-pol.-20.-stor.-p%C3%B4vodn%C3%BD-vlastn%C3%ADk-Anna-Sliacka-rod.-Mozo%C4%BEov%C3%A1-1929-2017-scaled.jpg?resize=1536%2C1152&amp;ssl=1 1536w, https:\/\/i0.wp.com\/www.atelier-reklama.sk\/blog\/wp-content\/uploads\/2023\/03\/5B.-Mu%C5%BEsk%C3%A1-z%C3%A1stera-Doln%C3%A9-MLadonice-prv%C3%A1-pol.-20.-stor.-p%C3%B4vodn%C3%BD-vlastn%C3%ADk-Anna-Sliacka-rod.-Mozo%C4%BEov%C3%A1-1929-2017-scaled.jpg?resize=2048%2C1536&amp;ssl=1 2048w, https:\/\/i0.wp.com\/www.atelier-reklama.sk\/blog\/wp-content\/uploads\/2023\/03\/5B.-Mu%C5%BEsk%C3%A1-z%C3%A1stera-Doln%C3%A9-MLadonice-prv%C3%A1-pol.-20.-stor.-p%C3%B4vodn%C3%BD-vlastn%C3%ADk-Anna-Sliacka-rod.-Mozo%C4%BEov%C3%A1-1929-2017-scaled.jpg?w=1600&amp;ssl=1 1600w, https:\/\/i0.wp.com\/www.atelier-reklama.sk\/blog\/wp-content\/uploads\/2023\/03\/5B.-Mu%C5%BEsk%C3%A1-z%C3%A1stera-Doln%C3%A9-MLadonice-prv%C3%A1-pol.-20.-stor.-p%C3%B4vodn%C3%BD-vlastn%C3%ADk-Anna-Sliacka-rod.-Mozo%C4%BEov%C3%A1-1929-2017-scaled.jpg?w=2400&amp;ssl=1 2400w\" sizes=\"auto, (max-width: 800px) 100vw, 800px\" \/><\/figure>\n\n\n\n<figure class=\"wp-block-image size-large\"><img data-recalc-dims=\"1\" loading=\"lazy\" decoding=\"async\" width=\"800\" height=\"566\" data-attachment-id=\"13240\" data-permalink=\"https:\/\/www.atelier-reklama.sk\/blog\/moj-krekacsky-kroj-a-jeho-prekreslene-vzory-spolu\/6-muzska-zastera-stepovanie-senohrad-vysite-na-mechanickom-sijacom-stroji\/\" data-orig-file=\"https:\/\/i0.wp.com\/www.atelier-reklama.sk\/blog\/wp-content\/uploads\/2023\/03\/6.-Mu%C5%BEsk%C3%A1-z%C3%A1stera-%C5%A1tepovanie-Senohrad-vy%C5%A1it%C3%A9-na-mechanickom-%C5%A1ijacom-stroji-scaled.jpg?fit=2560%2C1810&amp;ssl=1\" data-orig-size=\"2560,1810\" data-comments-opened=\"1\" data-image-meta=\"{&quot;aperture&quot;:&quot;0&quot;,&quot;credit&quot;:&quot;&quot;,&quot;camera&quot;:&quot;&quot;,&quot;caption&quot;:&quot;&quot;,&quot;created_timestamp&quot;:&quot;0&quot;,&quot;copyright&quot;:&quot;&quot;,&quot;focal_length&quot;:&quot;0&quot;,&quot;iso&quot;:&quot;0&quot;,&quot;shutter_speed&quot;:&quot;0&quot;,&quot;title&quot;:&quot;&quot;,&quot;orientation&quot;:&quot;0&quot;}\" data-image-title=\"6.-Mu\u017esk\u00e1-z\u00e1stera-\u0161tepovanie-Senohrad-vy\u0161it\u00e9-na-mechanickom-\u0161ijacom-stroji\" data-image-description=\"\" data-image-caption=\"\" data-medium-file=\"https:\/\/i0.wp.com\/www.atelier-reklama.sk\/blog\/wp-content\/uploads\/2023\/03\/6.-Mu%C5%BEsk%C3%A1-z%C3%A1stera-%C5%A1tepovanie-Senohrad-vy%C5%A1it%C3%A9-na-mechanickom-%C5%A1ijacom-stroji-scaled.jpg?fit=300%2C212&amp;ssl=1\" data-large-file=\"https:\/\/i0.wp.com\/www.atelier-reklama.sk\/blog\/wp-content\/uploads\/2023\/03\/6.-Mu%C5%BEsk%C3%A1-z%C3%A1stera-%C5%A1tepovanie-Senohrad-vy%C5%A1it%C3%A9-na-mechanickom-%C5%A1ijacom-stroji-scaled.jpg?fit=800%2C566&amp;ssl=1\" src=\"https:\/\/i0.wp.com\/www.atelier-reklama.sk\/blog\/wp-content\/uploads\/2023\/03\/6.-Mu%C5%BEsk%C3%A1-z%C3%A1stera-%C5%A1tepovanie-Senohrad-vy%C5%A1it%C3%A9-na-mechanickom-%C5%A1ijacom-stroji.jpg?resize=800%2C566&#038;ssl=1\" alt=\"\" class=\"wp-image-13240\" srcset=\"https:\/\/i0.wp.com\/www.atelier-reklama.sk\/blog\/wp-content\/uploads\/2023\/03\/6.-Mu%C5%BEsk%C3%A1-z%C3%A1stera-%C5%A1tepovanie-Senohrad-vy%C5%A1it%C3%A9-na-mechanickom-%C5%A1ijacom-stroji-scaled.jpg?resize=1024%2C724&amp;ssl=1 1024w, https:\/\/i0.wp.com\/www.atelier-reklama.sk\/blog\/wp-content\/uploads\/2023\/03\/6.-Mu%C5%BEsk%C3%A1-z%C3%A1stera-%C5%A1tepovanie-Senohrad-vy%C5%A1it%C3%A9-na-mechanickom-%C5%A1ijacom-stroji-scaled.jpg?resize=300%2C212&amp;ssl=1 300w, https:\/\/i0.wp.com\/www.atelier-reklama.sk\/blog\/wp-content\/uploads\/2023\/03\/6.-Mu%C5%BEsk%C3%A1-z%C3%A1stera-%C5%A1tepovanie-Senohrad-vy%C5%A1it%C3%A9-na-mechanickom-%C5%A1ijacom-stroji-scaled.jpg?resize=768%2C543&amp;ssl=1 768w, https:\/\/i0.wp.com\/www.atelier-reklama.sk\/blog\/wp-content\/uploads\/2023\/03\/6.-Mu%C5%BEsk%C3%A1-z%C3%A1stera-%C5%A1tepovanie-Senohrad-vy%C5%A1it%C3%A9-na-mechanickom-%C5%A1ijacom-stroji-scaled.jpg?resize=1536%2C1086&amp;ssl=1 1536w, https:\/\/i0.wp.com\/www.atelier-reklama.sk\/blog\/wp-content\/uploads\/2023\/03\/6.-Mu%C5%BEsk%C3%A1-z%C3%A1stera-%C5%A1tepovanie-Senohrad-vy%C5%A1it%C3%A9-na-mechanickom-%C5%A1ijacom-stroji-scaled.jpg?resize=2048%2C1448&amp;ssl=1 2048w, https:\/\/i0.wp.com\/www.atelier-reklama.sk\/blog\/wp-content\/uploads\/2023\/03\/6.-Mu%C5%BEsk%C3%A1-z%C3%A1stera-%C5%A1tepovanie-Senohrad-vy%C5%A1it%C3%A9-na-mechanickom-%C5%A1ijacom-stroji-scaled.jpg?w=1600&amp;ssl=1 1600w, https:\/\/i0.wp.com\/www.atelier-reklama.sk\/blog\/wp-content\/uploads\/2023\/03\/6.-Mu%C5%BEsk%C3%A1-z%C3%A1stera-%C5%A1tepovanie-Senohrad-vy%C5%A1it%C3%A9-na-mechanickom-%C5%A1ijacom-stroji-scaled.jpg?w=2400&amp;ssl=1 2400w\" sizes=\"auto, (max-width: 800px) 100vw, 800px\" \/><figcaption class=\"wp-element-caption\">\u0160tepovanie  z mu\u017esk\u00fdch z\u00e1ster vy\u0161it\u00e9 mechanick\u00fdm \u0161ijac\u00edm strojom<\/figcaption><\/figure>\n\n\n\n<h5 class=\"wp-block-heading has-text-align-center\"><strong>IX.MU\u017dSK\u00c9 KO\u0160ELE A N\u00c1PRSENKY<\/strong><\/h5>\n\n\n\n<p>MU\u017dSK\u00c9 KO\u0160ELE<\/p>\n\n\n\n<p>Mu\u017esk\u00e9 ko\u0161ele na Bzov\u00edku a&nbsp;v&nbsp;okol\u00ed sa \u0161ili z&nbsp;dom\u00e1ceho hrub\u0161ieho, sviato\u010dn\u00e9, z&nbsp;jemnej\u0161ieho tov\u00e1rensk\u00e9ho bavlnen\u00e9ho, alebo \u013eanov\u00e9ho pl\u00e1tna. V&nbsp;prednej \u010dasti, na stoja\u010diku, nesk\u00f4r golieriku, man\u017eet\u00e1ch vy\u0161\u00edvan\u00e9. Predn\u00e1 \u010das\u0165 bola niekedy ozdoben\u00e1 len z\u00e1mikmi. Ruk\u00e1vy nariasen\u00e9, u\u0161it\u00e9&nbsp; z&nbsp;jednej poly, v\u0161it\u00e9 do man\u017eety.<\/p>\n\n\n\n<p>MU\u017dSK\u00c9 N\u00c1PRSENKY<\/p>\n\n\n\n<p>N\u00e1prsenky maj\u00fa obd\u013a\u017enikov\u00fd tvar, obliekaj\u00fa sa na bielu ko\u0161e\u013eu so stoja\u010dikom, na sviato\u010dn\u00fa pr\u00edle\u017eitos\u0165, zap\u00ednanie m\u00e1 vzadu.<\/p>\n\n\n\n<h5 class=\"wp-block-heading\">N\u00c1PRSENKY <\/h5>\n\n\n\n<h6 class=\"wp-block-heading has-text-align-center\">s\u00fa vy\u0161it\u00e9 kr\u00ed\u017eikmi, hrachovinkou a jedna hladkovan\u00edm, pln\u00fdm stehom, ktor\u00fd napodob\u0148uje vytk\u00e1vanie. <\/h6>\n\n\n\n<p>1. Mu\u017esk\u00e1 n\u00e1prsenka, Doln\u00e9 Mladonice, prv\u00e1 pol. 20. stor., p\u00f4vodn\u00fd vlastn\u00edk nezn\u00e1my<\/p>\n\n\n\n<figure class=\"wp-block-image size-large\"><img data-recalc-dims=\"1\" loading=\"lazy\" decoding=\"async\" width=\"597\" height=\"1024\" data-attachment-id=\"13507\" data-permalink=\"https:\/\/www.atelier-reklama.sk\/blog\/moj-krekacsky-kroj-a-jeho-prekreslene-vzory-spolu\/1a-muzska-naprsenka-dolne-mladonice-prva-pol-20-stor-povodny-vlastnik-neznamy\/\" data-orig-file=\"https:\/\/i0.wp.com\/www.atelier-reklama.sk\/blog\/wp-content\/uploads\/2023\/04\/1A.-Mu%C5%BEsk%C3%A1-n%C3%A1prsenka-Doln%C3%A9-Mladonice-prv%C3%A1-pol.-20.-stor.-p%C3%B4vodn%C3%BD-vlastn%C3%ADk-nezn%C3%A1my-scaled.jpg?fit=1492%2C2560&amp;ssl=1\" data-orig-size=\"1492,2560\" data-comments-opened=\"1\" data-image-meta=\"{&quot;aperture&quot;:&quot;2&quot;,&quot;credit&quot;:&quot;&quot;,&quot;camera&quot;:&quot;SM-A125F&quot;,&quot;caption&quot;:&quot;&quot;,&quot;created_timestamp&quot;:&quot;1680433831&quot;,&quot;copyright&quot;:&quot;&quot;,&quot;focal_length&quot;:&quot;4.6&quot;,&quot;iso&quot;:&quot;64&quot;,&quot;shutter_speed&quot;:&quot;0.0199&quot;,&quot;title&quot;:&quot;&quot;,&quot;orientation&quot;:&quot;1&quot;}\" data-image-title=\"1A.-Mu\u017esk\u00e1-n\u00e1prsenka-Doln\u00e9-Mladonice-prv\u00e1-pol.-20.-stor.-p\u00f4vodn\u00fd-vlastn\u00edk-nezn\u00e1my\" data-image-description=\"\" data-image-caption=\"\" data-medium-file=\"https:\/\/i0.wp.com\/www.atelier-reklama.sk\/blog\/wp-content\/uploads\/2023\/04\/1A.-Mu%C5%BEsk%C3%A1-n%C3%A1prsenka-Doln%C3%A9-Mladonice-prv%C3%A1-pol.-20.-stor.-p%C3%B4vodn%C3%BD-vlastn%C3%ADk-nezn%C3%A1my-scaled.jpg?fit=175%2C300&amp;ssl=1\" data-large-file=\"https:\/\/i0.wp.com\/www.atelier-reklama.sk\/blog\/wp-content\/uploads\/2023\/04\/1A.-Mu%C5%BEsk%C3%A1-n%C3%A1prsenka-Doln%C3%A9-Mladonice-prv%C3%A1-pol.-20.-stor.-p%C3%B4vodn%C3%BD-vlastn%C3%ADk-nezn%C3%A1my-scaled.jpg?fit=597%2C1024&amp;ssl=1\" src=\"https:\/\/i0.wp.com\/www.atelier-reklama.sk\/blog\/wp-content\/uploads\/2023\/04\/1A.-Mu%C5%BEsk%C3%A1-n%C3%A1prsenka-Doln%C3%A9-Mladonice-prv%C3%A1-pol.-20.-stor.-p%C3%B4vodn%C3%BD-vlastn%C3%ADk-nezn%C3%A1my.jpg?resize=597%2C1024&#038;ssl=1\" alt=\"\" class=\"wp-image-13507\" srcset=\"https:\/\/i0.wp.com\/www.atelier-reklama.sk\/blog\/wp-content\/uploads\/2023\/04\/1A.-Mu%C5%BEsk%C3%A1-n%C3%A1prsenka-Doln%C3%A9-Mladonice-prv%C3%A1-pol.-20.-stor.-p%C3%B4vodn%C3%BD-vlastn%C3%ADk-nezn%C3%A1my-scaled.jpg?resize=597%2C1024&amp;ssl=1 597w, https:\/\/i0.wp.com\/www.atelier-reklama.sk\/blog\/wp-content\/uploads\/2023\/04\/1A.-Mu%C5%BEsk%C3%A1-n%C3%A1prsenka-Doln%C3%A9-Mladonice-prv%C3%A1-pol.-20.-stor.-p%C3%B4vodn%C3%BD-vlastn%C3%ADk-nezn%C3%A1my-scaled.jpg?resize=175%2C300&amp;ssl=1 175w, https:\/\/i0.wp.com\/www.atelier-reklama.sk\/blog\/wp-content\/uploads\/2023\/04\/1A.-Mu%C5%BEsk%C3%A1-n%C3%A1prsenka-Doln%C3%A9-Mladonice-prv%C3%A1-pol.-20.-stor.-p%C3%B4vodn%C3%BD-vlastn%C3%ADk-nezn%C3%A1my-scaled.jpg?resize=768%2C1318&amp;ssl=1 768w, https:\/\/i0.wp.com\/www.atelier-reklama.sk\/blog\/wp-content\/uploads\/2023\/04\/1A.-Mu%C5%BEsk%C3%A1-n%C3%A1prsenka-Doln%C3%A9-Mladonice-prv%C3%A1-pol.-20.-stor.-p%C3%B4vodn%C3%BD-vlastn%C3%ADk-nezn%C3%A1my-scaled.jpg?resize=895%2C1536&amp;ssl=1 895w, https:\/\/i0.wp.com\/www.atelier-reklama.sk\/blog\/wp-content\/uploads\/2023\/04\/1A.-Mu%C5%BEsk%C3%A1-n%C3%A1prsenka-Doln%C3%A9-Mladonice-prv%C3%A1-pol.-20.-stor.-p%C3%B4vodn%C3%BD-vlastn%C3%ADk-nezn%C3%A1my-scaled.jpg?resize=1193%2C2048&amp;ssl=1 1193w, https:\/\/i0.wp.com\/www.atelier-reklama.sk\/blog\/wp-content\/uploads\/2023\/04\/1A.-Mu%C5%BEsk%C3%A1-n%C3%A1prsenka-Doln%C3%A9-Mladonice-prv%C3%A1-pol.-20.-stor.-p%C3%B4vodn%C3%BD-vlastn%C3%ADk-nezn%C3%A1my-scaled.jpg?w=1492&amp;ssl=1 1492w\" sizes=\"auto, (max-width: 597px) 100vw, 597px\" \/><\/figure>\n\n\n\n<figure class=\"wp-block-image size-large\"><img data-recalc-dims=\"1\" loading=\"lazy\" decoding=\"async\" width=\"626\" height=\"1024\" data-attachment-id=\"13508\" data-permalink=\"https:\/\/www.atelier-reklama.sk\/blog\/moj-krekacsky-kroj-a-jeho-prekreslene-vzory-spolu\/1b-muzska-naprsenka-dolne-mladonice-prva-pol-20-stor-povodny-vlastnik-neznamy\/\" data-orig-file=\"https:\/\/i0.wp.com\/www.atelier-reklama.sk\/blog\/wp-content\/uploads\/2023\/04\/1B.-Mu%C5%BEsk%C3%A1-n%C3%A1prsenka-Doln%C3%A9-Mladonice-prv%C3%A1-pol.-20.-stor.-p%C3%B4vodn%C3%BD-vlastn%C3%ADk-nezn%C3%A1my-scaled.jpg?fit=1565%2C2560&amp;ssl=1\" data-orig-size=\"1565,2560\" data-comments-opened=\"1\" data-image-meta=\"{&quot;aperture&quot;:&quot;2&quot;,&quot;credit&quot;:&quot;&quot;,&quot;camera&quot;:&quot;SM-A125F&quot;,&quot;caption&quot;:&quot;&quot;,&quot;created_timestamp&quot;:&quot;1680433842&quot;,&quot;copyright&quot;:&quot;&quot;,&quot;focal_length&quot;:&quot;4.6&quot;,&quot;iso&quot;:&quot;50&quot;,&quot;shutter_speed&quot;:&quot;0.0199&quot;,&quot;title&quot;:&quot;&quot;,&quot;orientation&quot;:&quot;1&quot;}\" data-image-title=\"1B.-Mu\u017esk\u00e1-n\u00e1prsenka-Doln\u00e9-Mladonice-prv\u00e1-pol.-20.-stor.-p\u00f4vodn\u00fd-vlastn\u00edk-nezn\u00e1my\" data-image-description=\"\" data-image-caption=\"\" data-medium-file=\"https:\/\/i0.wp.com\/www.atelier-reklama.sk\/blog\/wp-content\/uploads\/2023\/04\/1B.-Mu%C5%BEsk%C3%A1-n%C3%A1prsenka-Doln%C3%A9-Mladonice-prv%C3%A1-pol.-20.-stor.-p%C3%B4vodn%C3%BD-vlastn%C3%ADk-nezn%C3%A1my-scaled.jpg?fit=183%2C300&amp;ssl=1\" data-large-file=\"https:\/\/i0.wp.com\/www.atelier-reklama.sk\/blog\/wp-content\/uploads\/2023\/04\/1B.-Mu%C5%BEsk%C3%A1-n%C3%A1prsenka-Doln%C3%A9-Mladonice-prv%C3%A1-pol.-20.-stor.-p%C3%B4vodn%C3%BD-vlastn%C3%ADk-nezn%C3%A1my-scaled.jpg?fit=626%2C1024&amp;ssl=1\" src=\"https:\/\/i0.wp.com\/www.atelier-reklama.sk\/blog\/wp-content\/uploads\/2023\/04\/1B.-Mu%C5%BEsk%C3%A1-n%C3%A1prsenka-Doln%C3%A9-Mladonice-prv%C3%A1-pol.-20.-stor.-p%C3%B4vodn%C3%BD-vlastn%C3%ADk-nezn%C3%A1my.jpg?resize=626%2C1024&#038;ssl=1\" alt=\"\" class=\"wp-image-13508\" srcset=\"https:\/\/i0.wp.com\/www.atelier-reklama.sk\/blog\/wp-content\/uploads\/2023\/04\/1B.-Mu%C5%BEsk%C3%A1-n%C3%A1prsenka-Doln%C3%A9-Mladonice-prv%C3%A1-pol.-20.-stor.-p%C3%B4vodn%C3%BD-vlastn%C3%ADk-nezn%C3%A1my-scaled.jpg?resize=626%2C1024&amp;ssl=1 626w, https:\/\/i0.wp.com\/www.atelier-reklama.sk\/blog\/wp-content\/uploads\/2023\/04\/1B.-Mu%C5%BEsk%C3%A1-n%C3%A1prsenka-Doln%C3%A9-Mladonice-prv%C3%A1-pol.-20.-stor.-p%C3%B4vodn%C3%BD-vlastn%C3%ADk-nezn%C3%A1my-scaled.jpg?resize=183%2C300&amp;ssl=1 183w, https:\/\/i0.wp.com\/www.atelier-reklama.sk\/blog\/wp-content\/uploads\/2023\/04\/1B.-Mu%C5%BEsk%C3%A1-n%C3%A1prsenka-Doln%C3%A9-Mladonice-prv%C3%A1-pol.-20.-stor.-p%C3%B4vodn%C3%BD-vlastn%C3%ADk-nezn%C3%A1my-scaled.jpg?resize=768%2C1256&amp;ssl=1 768w, https:\/\/i0.wp.com\/www.atelier-reklama.sk\/blog\/wp-content\/uploads\/2023\/04\/1B.-Mu%C5%BEsk%C3%A1-n%C3%A1prsenka-Doln%C3%A9-Mladonice-prv%C3%A1-pol.-20.-stor.-p%C3%B4vodn%C3%BD-vlastn%C3%ADk-nezn%C3%A1my-scaled.jpg?resize=939%2C1536&amp;ssl=1 939w, https:\/\/i0.wp.com\/www.atelier-reklama.sk\/blog\/wp-content\/uploads\/2023\/04\/1B.-Mu%C5%BEsk%C3%A1-n%C3%A1prsenka-Doln%C3%A9-Mladonice-prv%C3%A1-pol.-20.-stor.-p%C3%B4vodn%C3%BD-vlastn%C3%ADk-nezn%C3%A1my-scaled.jpg?resize=1252%2C2048&amp;ssl=1 1252w, https:\/\/i0.wp.com\/www.atelier-reklama.sk\/blog\/wp-content\/uploads\/2023\/04\/1B.-Mu%C5%BEsk%C3%A1-n%C3%A1prsenka-Doln%C3%A9-Mladonice-prv%C3%A1-pol.-20.-stor.-p%C3%B4vodn%C3%BD-vlastn%C3%ADk-nezn%C3%A1my-scaled.jpg?w=1565&amp;ssl=1 1565w\" sizes=\"auto, (max-width: 626px) 100vw, 626px\" \/><\/figure>\n\n\n\n<figure class=\"wp-block-image size-large\"><img data-recalc-dims=\"1\" loading=\"lazy\" decoding=\"async\" width=\"800\" height=\"566\" data-attachment-id=\"13509\" data-permalink=\"https:\/\/www.atelier-reklama.sk\/blog\/moj-krekacsky-kroj-a-jeho-prekreslene-vzory-spolu\/1c-muzska-naprsenka-dolne-mladonice-prva-pol-20-stor-povodny-vlastnik-neznamy\/\" data-orig-file=\"https:\/\/i0.wp.com\/www.atelier-reklama.sk\/blog\/wp-content\/uploads\/2023\/04\/1C.-Mu%C5%BEsk%C3%A1-n%C3%A1prsenka-Doln%C3%A9-Mladonice-prv%C3%A1-pol.-20.-stor.-p%C3%B4vodn%C3%BD-vlastn%C3%ADk-nezn%C3%A1my-scaled.jpg?fit=2560%2C1810&amp;ssl=1\" data-orig-size=\"2560,1810\" data-comments-opened=\"1\" data-image-meta=\"{&quot;aperture&quot;:&quot;0&quot;,&quot;credit&quot;:&quot;&quot;,&quot;camera&quot;:&quot;&quot;,&quot;caption&quot;:&quot;&quot;,&quot;created_timestamp&quot;:&quot;0&quot;,&quot;copyright&quot;:&quot;&quot;,&quot;focal_length&quot;:&quot;0&quot;,&quot;iso&quot;:&quot;0&quot;,&quot;shutter_speed&quot;:&quot;0&quot;,&quot;title&quot;:&quot;&quot;,&quot;orientation&quot;:&quot;0&quot;}\" data-image-title=\"1C.-Mu\u017esk\u00e1-n\u00e1prsenka-Doln\u00e9-Mladonice-prv\u00e1-pol.-20.-stor.-p\u00f4vodn\u00fd-vlastn\u00edk-nezn\u00e1my\" data-image-description=\"\" data-image-caption=\"\" data-medium-file=\"https:\/\/i0.wp.com\/www.atelier-reklama.sk\/blog\/wp-content\/uploads\/2023\/04\/1C.-Mu%C5%BEsk%C3%A1-n%C3%A1prsenka-Doln%C3%A9-Mladonice-prv%C3%A1-pol.-20.-stor.-p%C3%B4vodn%C3%BD-vlastn%C3%ADk-nezn%C3%A1my-scaled.jpg?fit=300%2C212&amp;ssl=1\" data-large-file=\"https:\/\/i0.wp.com\/www.atelier-reklama.sk\/blog\/wp-content\/uploads\/2023\/04\/1C.-Mu%C5%BEsk%C3%A1-n%C3%A1prsenka-Doln%C3%A9-Mladonice-prv%C3%A1-pol.-20.-stor.-p%C3%B4vodn%C3%BD-vlastn%C3%ADk-nezn%C3%A1my-scaled.jpg?fit=800%2C566&amp;ssl=1\" src=\"https:\/\/i0.wp.com\/www.atelier-reklama.sk\/blog\/wp-content\/uploads\/2023\/04\/1C.-Mu%C5%BEsk%C3%A1-n%C3%A1prsenka-Doln%C3%A9-Mladonice-prv%C3%A1-pol.-20.-stor.-p%C3%B4vodn%C3%BD-vlastn%C3%ADk-nezn%C3%A1my.jpg?resize=800%2C566&#038;ssl=1\" alt=\"\" class=\"wp-image-13509\" srcset=\"https:\/\/i0.wp.com\/www.atelier-reklama.sk\/blog\/wp-content\/uploads\/2023\/04\/1C.-Mu%C5%BEsk%C3%A1-n%C3%A1prsenka-Doln%C3%A9-Mladonice-prv%C3%A1-pol.-20.-stor.-p%C3%B4vodn%C3%BD-vlastn%C3%ADk-nezn%C3%A1my-scaled.jpg?resize=1024%2C724&amp;ssl=1 1024w, https:\/\/i0.wp.com\/www.atelier-reklama.sk\/blog\/wp-content\/uploads\/2023\/04\/1C.-Mu%C5%BEsk%C3%A1-n%C3%A1prsenka-Doln%C3%A9-Mladonice-prv%C3%A1-pol.-20.-stor.-p%C3%B4vodn%C3%BD-vlastn%C3%ADk-nezn%C3%A1my-scaled.jpg?resize=300%2C212&amp;ssl=1 300w, https:\/\/i0.wp.com\/www.atelier-reklama.sk\/blog\/wp-content\/uploads\/2023\/04\/1C.-Mu%C5%BEsk%C3%A1-n%C3%A1prsenka-Doln%C3%A9-Mladonice-prv%C3%A1-pol.-20.-stor.-p%C3%B4vodn%C3%BD-vlastn%C3%ADk-nezn%C3%A1my-scaled.jpg?resize=768%2C543&amp;ssl=1 768w, https:\/\/i0.wp.com\/www.atelier-reklama.sk\/blog\/wp-content\/uploads\/2023\/04\/1C.-Mu%C5%BEsk%C3%A1-n%C3%A1prsenka-Doln%C3%A9-Mladonice-prv%C3%A1-pol.-20.-stor.-p%C3%B4vodn%C3%BD-vlastn%C3%ADk-nezn%C3%A1my-scaled.jpg?resize=1536%2C1086&amp;ssl=1 1536w, https:\/\/i0.wp.com\/www.atelier-reklama.sk\/blog\/wp-content\/uploads\/2023\/04\/1C.-Mu%C5%BEsk%C3%A1-n%C3%A1prsenka-Doln%C3%A9-Mladonice-prv%C3%A1-pol.-20.-stor.-p%C3%B4vodn%C3%BD-vlastn%C3%ADk-nezn%C3%A1my-scaled.jpg?resize=2048%2C1448&amp;ssl=1 2048w, https:\/\/i0.wp.com\/www.atelier-reklama.sk\/blog\/wp-content\/uploads\/2023\/04\/1C.-Mu%C5%BEsk%C3%A1-n%C3%A1prsenka-Doln%C3%A9-Mladonice-prv%C3%A1-pol.-20.-stor.-p%C3%B4vodn%C3%BD-vlastn%C3%ADk-nezn%C3%A1my-scaled.jpg?w=1600&amp;ssl=1 1600w, https:\/\/i0.wp.com\/www.atelier-reklama.sk\/blog\/wp-content\/uploads\/2023\/04\/1C.-Mu%C5%BEsk%C3%A1-n%C3%A1prsenka-Doln%C3%A9-Mladonice-prv%C3%A1-pol.-20.-stor.-p%C3%B4vodn%C3%BD-vlastn%C3%ADk-nezn%C3%A1my-scaled.jpg?w=2400&amp;ssl=1 2400w\" sizes=\"auto, (max-width: 800px) 100vw, 800px\" \/><\/figure>\n\n\n\n<figure class=\"wp-block-image size-large\"><img data-recalc-dims=\"1\" loading=\"lazy\" decoding=\"async\" width=\"800\" height=\"527\" data-attachment-id=\"13510\" data-permalink=\"https:\/\/www.atelier-reklama.sk\/blog\/moj-krekacsky-kroj-a-jeho-prekreslene-vzory-spolu\/1d-muzska-naprsenka-dolne-mladonice-prva-pol-20-stor-povodny-vlastnik-neznamy\/\" data-orig-file=\"https:\/\/i0.wp.com\/www.atelier-reklama.sk\/blog\/wp-content\/uploads\/2023\/04\/1D.-Mu%C5%BEsk%C3%A1-n%C3%A1prsenka-Doln%C3%A9-Mladonice-prv%C3%A1-pol.-20.-stor.-p%C3%B4vodn%C3%BD-vlastn%C3%ADk-nezn%C3%A1my.jpg?fit=1926%2C1270&amp;ssl=1\" data-orig-size=\"1926,1270\" data-comments-opened=\"1\" data-image-meta=\"{&quot;aperture&quot;:&quot;2&quot;,&quot;credit&quot;:&quot;&quot;,&quot;camera&quot;:&quot;SM-A125F&quot;,&quot;caption&quot;:&quot;&quot;,&quot;created_timestamp&quot;:&quot;1680081006&quot;,&quot;copyright&quot;:&quot;&quot;,&quot;focal_length&quot;:&quot;4.6&quot;,&quot;iso&quot;:&quot;250&quot;,&quot;shutter_speed&quot;:&quot;0.0399&quot;,&quot;title&quot;:&quot;&quot;,&quot;orientation&quot;:&quot;1&quot;}\" data-image-title=\"1D.-Mu\u017esk\u00e1-n\u00e1prsenka-Doln\u00e9-Mladonice-prv\u00e1-pol.-20.-stor.-p\u00f4vodn\u00fd-vlastn\u00edk-nezn\u00e1my\" data-image-description=\"\" data-image-caption=\"\" data-medium-file=\"https:\/\/i0.wp.com\/www.atelier-reklama.sk\/blog\/wp-content\/uploads\/2023\/04\/1D.-Mu%C5%BEsk%C3%A1-n%C3%A1prsenka-Doln%C3%A9-Mladonice-prv%C3%A1-pol.-20.-stor.-p%C3%B4vodn%C3%BD-vlastn%C3%ADk-nezn%C3%A1my.jpg?fit=300%2C198&amp;ssl=1\" data-large-file=\"https:\/\/i0.wp.com\/www.atelier-reklama.sk\/blog\/wp-content\/uploads\/2023\/04\/1D.-Mu%C5%BEsk%C3%A1-n%C3%A1prsenka-Doln%C3%A9-Mladonice-prv%C3%A1-pol.-20.-stor.-p%C3%B4vodn%C3%BD-vlastn%C3%ADk-nezn%C3%A1my.jpg?fit=800%2C527&amp;ssl=1\" src=\"https:\/\/i0.wp.com\/www.atelier-reklama.sk\/blog\/wp-content\/uploads\/2023\/04\/1D.-Mu%C5%BEsk%C3%A1-n%C3%A1prsenka-Doln%C3%A9-Mladonice-prv%C3%A1-pol.-20.-stor.-p%C3%B4vodn%C3%BD-vlastn%C3%ADk-nezn%C3%A1my.jpg?resize=800%2C527&#038;ssl=1\" alt=\"\" class=\"wp-image-13510\" srcset=\"https:\/\/i0.wp.com\/www.atelier-reklama.sk\/blog\/wp-content\/uploads\/2023\/04\/1D.-Mu%C5%BEsk%C3%A1-n%C3%A1prsenka-Doln%C3%A9-Mladonice-prv%C3%A1-pol.-20.-stor.-p%C3%B4vodn%C3%BD-vlastn%C3%ADk-nezn%C3%A1my.jpg?resize=1024%2C675&amp;ssl=1 1024w, https:\/\/i0.wp.com\/www.atelier-reklama.sk\/blog\/wp-content\/uploads\/2023\/04\/1D.-Mu%C5%BEsk%C3%A1-n%C3%A1prsenka-Doln%C3%A9-Mladonice-prv%C3%A1-pol.-20.-stor.-p%C3%B4vodn%C3%BD-vlastn%C3%ADk-nezn%C3%A1my.jpg?resize=300%2C198&amp;ssl=1 300w, https:\/\/i0.wp.com\/www.atelier-reklama.sk\/blog\/wp-content\/uploads\/2023\/04\/1D.-Mu%C5%BEsk%C3%A1-n%C3%A1prsenka-Doln%C3%A9-Mladonice-prv%C3%A1-pol.-20.-stor.-p%C3%B4vodn%C3%BD-vlastn%C3%ADk-nezn%C3%A1my.jpg?resize=768%2C506&amp;ssl=1 768w, https:\/\/i0.wp.com\/www.atelier-reklama.sk\/blog\/wp-content\/uploads\/2023\/04\/1D.-Mu%C5%BEsk%C3%A1-n%C3%A1prsenka-Doln%C3%A9-Mladonice-prv%C3%A1-pol.-20.-stor.-p%C3%B4vodn%C3%BD-vlastn%C3%ADk-nezn%C3%A1my.jpg?resize=1536%2C1013&amp;ssl=1 1536w, https:\/\/i0.wp.com\/www.atelier-reklama.sk\/blog\/wp-content\/uploads\/2023\/04\/1D.-Mu%C5%BEsk%C3%A1-n%C3%A1prsenka-Doln%C3%A9-Mladonice-prv%C3%A1-pol.-20.-stor.-p%C3%B4vodn%C3%BD-vlastn%C3%ADk-nezn%C3%A1my.jpg?w=1926&amp;ssl=1 1926w, https:\/\/i0.wp.com\/www.atelier-reklama.sk\/blog\/wp-content\/uploads\/2023\/04\/1D.-Mu%C5%BEsk%C3%A1-n%C3%A1prsenka-Doln%C3%A9-Mladonice-prv%C3%A1-pol.-20.-stor.-p%C3%B4vodn%C3%BD-vlastn%C3%ADk-nezn%C3%A1my.jpg?w=1600&amp;ssl=1 1600w\" sizes=\"auto, (max-width: 800px) 100vw, 800px\" \/><\/figure>\n\n\n\n<p>2. Mu\u017esk\u00e1 n\u00e1prsenka, Doln\u00e9 Mladonice, prv\u00e1 pol. 20. stor., p\u00f4vodn\u00fd vlastn\u00edk nezn\u00e1my<\/p>\n\n\n\n<figure class=\"wp-block-image size-large\"><img data-recalc-dims=\"1\" loading=\"lazy\" decoding=\"async\" width=\"512\" height=\"1024\" data-attachment-id=\"13511\" data-permalink=\"https:\/\/www.atelier-reklama.sk\/blog\/moj-krekacsky-kroj-a-jeho-prekreslene-vzory-spolu\/2a-muzska-naprsenka-dolne-mladonice-prva-pol-20-stor-povodny-vlastnik-nezna\/\" data-orig-file=\"https:\/\/i0.wp.com\/www.atelier-reklama.sk\/blog\/wp-content\/uploads\/2023\/04\/2A.-Mu%C5%BEsk%C3%A1-n%C3%A1prsenka-Doln%C3%A9-Mladonice-prv%C3%A1-pol.-20.-stor.-p%C3%B4vodn%C3%BD-vlastn%C3%ADk-nezn%C3%A1-scaled.jpg?fit=1280%2C2560&amp;ssl=1\" data-orig-size=\"1280,2560\" data-comments-opened=\"1\" data-image-meta=\"{&quot;aperture&quot;:&quot;2&quot;,&quot;credit&quot;:&quot;&quot;,&quot;camera&quot;:&quot;SM-A125F&quot;,&quot;caption&quot;:&quot;&quot;,&quot;created_timestamp&quot;:&quot;1680081032&quot;,&quot;copyright&quot;:&quot;&quot;,&quot;focal_length&quot;:&quot;4.6&quot;,&quot;iso&quot;:&quot;320&quot;,&quot;shutter_speed&quot;:&quot;0.0399&quot;,&quot;title&quot;:&quot;&quot;,&quot;orientation&quot;:&quot;1&quot;}\" data-image-title=\"2A.-Mu\u017esk\u00e1-n\u00e1prsenka-Doln\u00e9-Mladonice-prv\u00e1-pol.-20.-stor.-p\u00f4vodn\u00fd-vlastn\u00edk-nezn\u00e1\" data-image-description=\"\" data-image-caption=\"\" data-medium-file=\"https:\/\/i0.wp.com\/www.atelier-reklama.sk\/blog\/wp-content\/uploads\/2023\/04\/2A.-Mu%C5%BEsk%C3%A1-n%C3%A1prsenka-Doln%C3%A9-Mladonice-prv%C3%A1-pol.-20.-stor.-p%C3%B4vodn%C3%BD-vlastn%C3%ADk-nezn%C3%A1-scaled.jpg?fit=150%2C300&amp;ssl=1\" data-large-file=\"https:\/\/i0.wp.com\/www.atelier-reklama.sk\/blog\/wp-content\/uploads\/2023\/04\/2A.-Mu%C5%BEsk%C3%A1-n%C3%A1prsenka-Doln%C3%A9-Mladonice-prv%C3%A1-pol.-20.-stor.-p%C3%B4vodn%C3%BD-vlastn%C3%ADk-nezn%C3%A1-scaled.jpg?fit=512%2C1024&amp;ssl=1\" src=\"https:\/\/i0.wp.com\/www.atelier-reklama.sk\/blog\/wp-content\/uploads\/2023\/04\/2A.-Mu%C5%BEsk%C3%A1-n%C3%A1prsenka-Doln%C3%A9-Mladonice-prv%C3%A1-pol.-20.-stor.-p%C3%B4vodn%C3%BD-vlastn%C3%ADk-nezn%C3%A1.jpg?resize=512%2C1024&#038;ssl=1\" alt=\"\" class=\"wp-image-13511\" srcset=\"https:\/\/i0.wp.com\/www.atelier-reklama.sk\/blog\/wp-content\/uploads\/2023\/04\/2A.-Mu%C5%BEsk%C3%A1-n%C3%A1prsenka-Doln%C3%A9-Mladonice-prv%C3%A1-pol.-20.-stor.-p%C3%B4vodn%C3%BD-vlastn%C3%ADk-nezn%C3%A1-scaled.jpg?resize=512%2C1024&amp;ssl=1 512w, https:\/\/i0.wp.com\/www.atelier-reklama.sk\/blog\/wp-content\/uploads\/2023\/04\/2A.-Mu%C5%BEsk%C3%A1-n%C3%A1prsenka-Doln%C3%A9-Mladonice-prv%C3%A1-pol.-20.-stor.-p%C3%B4vodn%C3%BD-vlastn%C3%ADk-nezn%C3%A1-scaled.jpg?resize=150%2C300&amp;ssl=1 150w, https:\/\/i0.wp.com\/www.atelier-reklama.sk\/blog\/wp-content\/uploads\/2023\/04\/2A.-Mu%C5%BEsk%C3%A1-n%C3%A1prsenka-Doln%C3%A9-Mladonice-prv%C3%A1-pol.-20.-stor.-p%C3%B4vodn%C3%BD-vlastn%C3%ADk-nezn%C3%A1-scaled.jpg?resize=768%2C1536&amp;ssl=1 768w, https:\/\/i0.wp.com\/www.atelier-reklama.sk\/blog\/wp-content\/uploads\/2023\/04\/2A.-Mu%C5%BEsk%C3%A1-n%C3%A1prsenka-Doln%C3%A9-Mladonice-prv%C3%A1-pol.-20.-stor.-p%C3%B4vodn%C3%BD-vlastn%C3%ADk-nezn%C3%A1-scaled.jpg?resize=1024%2C2048&amp;ssl=1 1024w, https:\/\/i0.wp.com\/www.atelier-reklama.sk\/blog\/wp-content\/uploads\/2023\/04\/2A.-Mu%C5%BEsk%C3%A1-n%C3%A1prsenka-Doln%C3%A9-Mladonice-prv%C3%A1-pol.-20.-stor.-p%C3%B4vodn%C3%BD-vlastn%C3%ADk-nezn%C3%A1-scaled.jpg?w=1280&amp;ssl=1 1280w\" sizes=\"auto, (max-width: 512px) 100vw, 512px\" \/><\/figure>\n\n\n\n<figure class=\"wp-block-image size-large\"><img data-recalc-dims=\"1\" loading=\"lazy\" decoding=\"async\" width=\"713\" height=\"1024\" data-attachment-id=\"13512\" data-permalink=\"https:\/\/www.atelier-reklama.sk\/blog\/moj-krekacsky-kroj-a-jeho-prekreslene-vzory-spolu\/2b-muzska-naprsenka-dolne-mladonice-prva-pol-20-stor-povodny-vlastnik-nezn\/\" data-orig-file=\"https:\/\/i0.wp.com\/www.atelier-reklama.sk\/blog\/wp-content\/uploads\/2023\/04\/2B.-Mu%C5%BEsk%C3%A1-n%C3%A1prsenka-Doln%C3%A9-Mladonice-prv%C3%A1-pol.-20.-stor.-p%C3%B4vodn%C3%BD-vlastn%C3%ADk-nezn-scaled.jpg?fit=1782%2C2560&amp;ssl=1\" data-orig-size=\"1782,2560\" data-comments-opened=\"1\" data-image-meta=\"{&quot;aperture&quot;:&quot;2&quot;,&quot;credit&quot;:&quot;&quot;,&quot;camera&quot;:&quot;SM-A125F&quot;,&quot;caption&quot;:&quot;&quot;,&quot;created_timestamp&quot;:&quot;1680433773&quot;,&quot;copyright&quot;:&quot;&quot;,&quot;focal_length&quot;:&quot;4.6&quot;,&quot;iso&quot;:&quot;50&quot;,&quot;shutter_speed&quot;:&quot;0.0199&quot;,&quot;title&quot;:&quot;&quot;,&quot;orientation&quot;:&quot;1&quot;}\" data-image-title=\"2B.-Mu\u017esk\u00e1-n\u00e1prsenka-Doln\u00e9-Mladonice-prv\u00e1-pol.-20.-stor.-p\u00f4vodn\u00fd-vlastn\u00edk-nezn\" data-image-description=\"\" data-image-caption=\"\" data-medium-file=\"https:\/\/i0.wp.com\/www.atelier-reklama.sk\/blog\/wp-content\/uploads\/2023\/04\/2B.-Mu%C5%BEsk%C3%A1-n%C3%A1prsenka-Doln%C3%A9-Mladonice-prv%C3%A1-pol.-20.-stor.-p%C3%B4vodn%C3%BD-vlastn%C3%ADk-nezn-scaled.jpg?fit=209%2C300&amp;ssl=1\" data-large-file=\"https:\/\/i0.wp.com\/www.atelier-reklama.sk\/blog\/wp-content\/uploads\/2023\/04\/2B.-Mu%C5%BEsk%C3%A1-n%C3%A1prsenka-Doln%C3%A9-Mladonice-prv%C3%A1-pol.-20.-stor.-p%C3%B4vodn%C3%BD-vlastn%C3%ADk-nezn-scaled.jpg?fit=713%2C1024&amp;ssl=1\" src=\"https:\/\/i0.wp.com\/www.atelier-reklama.sk\/blog\/wp-content\/uploads\/2023\/04\/2B.-Mu%C5%BEsk%C3%A1-n%C3%A1prsenka-Doln%C3%A9-Mladonice-prv%C3%A1-pol.-20.-stor.-p%C3%B4vodn%C3%BD-vlastn%C3%ADk-nezn.jpg?resize=713%2C1024&#038;ssl=1\" alt=\"\" class=\"wp-image-13512\" srcset=\"https:\/\/i0.wp.com\/www.atelier-reklama.sk\/blog\/wp-content\/uploads\/2023\/04\/2B.-Mu%C5%BEsk%C3%A1-n%C3%A1prsenka-Doln%C3%A9-Mladonice-prv%C3%A1-pol.-20.-stor.-p%C3%B4vodn%C3%BD-vlastn%C3%ADk-nezn-scaled.jpg?resize=713%2C1024&amp;ssl=1 713w, https:\/\/i0.wp.com\/www.atelier-reklama.sk\/blog\/wp-content\/uploads\/2023\/04\/2B.-Mu%C5%BEsk%C3%A1-n%C3%A1prsenka-Doln%C3%A9-Mladonice-prv%C3%A1-pol.-20.-stor.-p%C3%B4vodn%C3%BD-vlastn%C3%ADk-nezn-scaled.jpg?resize=209%2C300&amp;ssl=1 209w, https:\/\/i0.wp.com\/www.atelier-reklama.sk\/blog\/wp-content\/uploads\/2023\/04\/2B.-Mu%C5%BEsk%C3%A1-n%C3%A1prsenka-Doln%C3%A9-Mladonice-prv%C3%A1-pol.-20.-stor.-p%C3%B4vodn%C3%BD-vlastn%C3%ADk-nezn-scaled.jpg?resize=768%2C1103&amp;ssl=1 768w, https:\/\/i0.wp.com\/www.atelier-reklama.sk\/blog\/wp-content\/uploads\/2023\/04\/2B.-Mu%C5%BEsk%C3%A1-n%C3%A1prsenka-Doln%C3%A9-Mladonice-prv%C3%A1-pol.-20.-stor.-p%C3%B4vodn%C3%BD-vlastn%C3%ADk-nezn-scaled.jpg?resize=1069%2C1536&amp;ssl=1 1069w, https:\/\/i0.wp.com\/www.atelier-reklama.sk\/blog\/wp-content\/uploads\/2023\/04\/2B.-Mu%C5%BEsk%C3%A1-n%C3%A1prsenka-Doln%C3%A9-Mladonice-prv%C3%A1-pol.-20.-stor.-p%C3%B4vodn%C3%BD-vlastn%C3%ADk-nezn-scaled.jpg?resize=1425%2C2048&amp;ssl=1 1425w, https:\/\/i0.wp.com\/www.atelier-reklama.sk\/blog\/wp-content\/uploads\/2023\/04\/2B.-Mu%C5%BEsk%C3%A1-n%C3%A1prsenka-Doln%C3%A9-Mladonice-prv%C3%A1-pol.-20.-stor.-p%C3%B4vodn%C3%BD-vlastn%C3%ADk-nezn-scaled.jpg?w=1782&amp;ssl=1 1782w, https:\/\/i0.wp.com\/www.atelier-reklama.sk\/blog\/wp-content\/uploads\/2023\/04\/2B.-Mu%C5%BEsk%C3%A1-n%C3%A1prsenka-Doln%C3%A9-Mladonice-prv%C3%A1-pol.-20.-stor.-p%C3%B4vodn%C3%BD-vlastn%C3%ADk-nezn-scaled.jpg?w=1600&amp;ssl=1 1600w\" sizes=\"auto, (max-width: 713px) 100vw, 713px\" \/><\/figure>\n\n\n\n<figure class=\"wp-block-image size-large\"><img data-recalc-dims=\"1\" loading=\"lazy\" decoding=\"async\" width=\"800\" height=\"566\" data-attachment-id=\"13555\" data-permalink=\"https:\/\/www.atelier-reklama.sk\/blog\/moj-krekacsky-kroj-a-jeho-prekreslene-vzory-spolu\/2c-muzska-naprsenka-dol-mladonice-prva-pol-20-stor-povodny-vlastnik-neznamy\/\" data-orig-file=\"https:\/\/i0.wp.com\/www.atelier-reklama.sk\/blog\/wp-content\/uploads\/2023\/04\/2C.-Mu%C5%BEsk%C3%A1-n%C3%A1prsenka-Dol.-Mladonice-prv%C3%A1-pol.-20.-stor.-p%C3%B4vodn%C3%BD-vlastn%C3%ADk-nezn%C3%A1my-scaled.jpg?fit=2560%2C1810&amp;ssl=1\" data-orig-size=\"2560,1810\" data-comments-opened=\"1\" data-image-meta=\"{&quot;aperture&quot;:&quot;0&quot;,&quot;credit&quot;:&quot;&quot;,&quot;camera&quot;:&quot;&quot;,&quot;caption&quot;:&quot;&quot;,&quot;created_timestamp&quot;:&quot;0&quot;,&quot;copyright&quot;:&quot;&quot;,&quot;focal_length&quot;:&quot;0&quot;,&quot;iso&quot;:&quot;0&quot;,&quot;shutter_speed&quot;:&quot;0&quot;,&quot;title&quot;:&quot;&quot;,&quot;orientation&quot;:&quot;0&quot;}\" data-image-title=\"2C.-Mu\u017esk\u00e1-n\u00e1prsenka-Dol.-Mladonice-prv\u00e1-pol.-20.-stor.-p\u00f4vodn\u00fd-vlastn\u00edk-nezn\u00e1my\" data-image-description=\"\" data-image-caption=\"\" data-medium-file=\"https:\/\/i0.wp.com\/www.atelier-reklama.sk\/blog\/wp-content\/uploads\/2023\/04\/2C.-Mu%C5%BEsk%C3%A1-n%C3%A1prsenka-Dol.-Mladonice-prv%C3%A1-pol.-20.-stor.-p%C3%B4vodn%C3%BD-vlastn%C3%ADk-nezn%C3%A1my-scaled.jpg?fit=300%2C212&amp;ssl=1\" data-large-file=\"https:\/\/i0.wp.com\/www.atelier-reklama.sk\/blog\/wp-content\/uploads\/2023\/04\/2C.-Mu%C5%BEsk%C3%A1-n%C3%A1prsenka-Dol.-Mladonice-prv%C3%A1-pol.-20.-stor.-p%C3%B4vodn%C3%BD-vlastn%C3%ADk-nezn%C3%A1my-scaled.jpg?fit=800%2C566&amp;ssl=1\" src=\"https:\/\/i0.wp.com\/www.atelier-reklama.sk\/blog\/wp-content\/uploads\/2023\/04\/2C.-Mu%C5%BEsk%C3%A1-n%C3%A1prsenka-Dol.-Mladonice-prv%C3%A1-pol.-20.-stor.-p%C3%B4vodn%C3%BD-vlastn%C3%ADk-nezn%C3%A1my.jpg?resize=800%2C566&#038;ssl=1\" alt=\"\" class=\"wp-image-13555\" srcset=\"https:\/\/i0.wp.com\/www.atelier-reklama.sk\/blog\/wp-content\/uploads\/2023\/04\/2C.-Mu%C5%BEsk%C3%A1-n%C3%A1prsenka-Dol.-Mladonice-prv%C3%A1-pol.-20.-stor.-p%C3%B4vodn%C3%BD-vlastn%C3%ADk-nezn%C3%A1my-scaled.jpg?resize=1024%2C724&amp;ssl=1 1024w, https:\/\/i0.wp.com\/www.atelier-reklama.sk\/blog\/wp-content\/uploads\/2023\/04\/2C.-Mu%C5%BEsk%C3%A1-n%C3%A1prsenka-Dol.-Mladonice-prv%C3%A1-pol.-20.-stor.-p%C3%B4vodn%C3%BD-vlastn%C3%ADk-nezn%C3%A1my-scaled.jpg?resize=300%2C212&amp;ssl=1 300w, https:\/\/i0.wp.com\/www.atelier-reklama.sk\/blog\/wp-content\/uploads\/2023\/04\/2C.-Mu%C5%BEsk%C3%A1-n%C3%A1prsenka-Dol.-Mladonice-prv%C3%A1-pol.-20.-stor.-p%C3%B4vodn%C3%BD-vlastn%C3%ADk-nezn%C3%A1my-scaled.jpg?resize=768%2C543&amp;ssl=1 768w, https:\/\/i0.wp.com\/www.atelier-reklama.sk\/blog\/wp-content\/uploads\/2023\/04\/2C.-Mu%C5%BEsk%C3%A1-n%C3%A1prsenka-Dol.-Mladonice-prv%C3%A1-pol.-20.-stor.-p%C3%B4vodn%C3%BD-vlastn%C3%ADk-nezn%C3%A1my-scaled.jpg?resize=1536%2C1086&amp;ssl=1 1536w, https:\/\/i0.wp.com\/www.atelier-reklama.sk\/blog\/wp-content\/uploads\/2023\/04\/2C.-Mu%C5%BEsk%C3%A1-n%C3%A1prsenka-Dol.-Mladonice-prv%C3%A1-pol.-20.-stor.-p%C3%B4vodn%C3%BD-vlastn%C3%ADk-nezn%C3%A1my-scaled.jpg?resize=2048%2C1448&amp;ssl=1 2048w, https:\/\/i0.wp.com\/www.atelier-reklama.sk\/blog\/wp-content\/uploads\/2023\/04\/2C.-Mu%C5%BEsk%C3%A1-n%C3%A1prsenka-Dol.-Mladonice-prv%C3%A1-pol.-20.-stor.-p%C3%B4vodn%C3%BD-vlastn%C3%ADk-nezn%C3%A1my-scaled.jpg?w=1600&amp;ssl=1 1600w, https:\/\/i0.wp.com\/www.atelier-reklama.sk\/blog\/wp-content\/uploads\/2023\/04\/2C.-Mu%C5%BEsk%C3%A1-n%C3%A1prsenka-Dol.-Mladonice-prv%C3%A1-pol.-20.-stor.-p%C3%B4vodn%C3%BD-vlastn%C3%ADk-nezn%C3%A1my-scaled.jpg?w=2400&amp;ssl=1 2400w\" sizes=\"auto, (max-width: 800px) 100vw, 800px\" \/><\/figure>\n\n\n\n<figure class=\"wp-block-image size-large\"><img data-recalc-dims=\"1\" loading=\"lazy\" decoding=\"async\" width=\"800\" height=\"649\" data-attachment-id=\"13513\" data-permalink=\"https:\/\/www.atelier-reklama.sk\/blog\/moj-krekacsky-kroj-a-jeho-prekreslene-vzory-spolu\/2d-muzska-naprsenka-dolne-mladonice-prva-pol-20-stor-povodny-vlastnik-nezn\/\" data-orig-file=\"https:\/\/i0.wp.com\/www.atelier-reklama.sk\/blog\/wp-content\/uploads\/2023\/04\/2D.-Mu%C5%BEsk%C3%A1-n%C3%A1prsenka-Doln%C3%A9-Mladonice-prv%C3%A1-pol.-20.-stor.-p%C3%B4vodn%C3%BD-vlastn%C3%ADk-nezn.jpg?fit=2362%2C1917&amp;ssl=1\" data-orig-size=\"2362,1917\" data-comments-opened=\"1\" data-image-meta=\"{&quot;aperture&quot;:&quot;2&quot;,&quot;credit&quot;:&quot;&quot;,&quot;camera&quot;:&quot;SM-A125F&quot;,&quot;caption&quot;:&quot;&quot;,&quot;created_timestamp&quot;:&quot;1680081043&quot;,&quot;copyright&quot;:&quot;&quot;,&quot;focal_length&quot;:&quot;4.6&quot;,&quot;iso&quot;:&quot;250&quot;,&quot;shutter_speed&quot;:&quot;0.0399&quot;,&quot;title&quot;:&quot;&quot;,&quot;orientation&quot;:&quot;1&quot;}\" data-image-title=\"2D.-Mu\u017esk\u00e1-n\u00e1prsenka-Doln\u00e9-Mladonice-prv\u00e1-pol.-20.-stor.-p\u00f4vodn\u00fd-vlastn\u00edk-nezn\" data-image-description=\"\" data-image-caption=\"\" data-medium-file=\"https:\/\/i0.wp.com\/www.atelier-reklama.sk\/blog\/wp-content\/uploads\/2023\/04\/2D.-Mu%C5%BEsk%C3%A1-n%C3%A1prsenka-Doln%C3%A9-Mladonice-prv%C3%A1-pol.-20.-stor.-p%C3%B4vodn%C3%BD-vlastn%C3%ADk-nezn.jpg?fit=300%2C243&amp;ssl=1\" data-large-file=\"https:\/\/i0.wp.com\/www.atelier-reklama.sk\/blog\/wp-content\/uploads\/2023\/04\/2D.-Mu%C5%BEsk%C3%A1-n%C3%A1prsenka-Doln%C3%A9-Mladonice-prv%C3%A1-pol.-20.-stor.-p%C3%B4vodn%C3%BD-vlastn%C3%ADk-nezn.jpg?fit=800%2C649&amp;ssl=1\" src=\"https:\/\/i0.wp.com\/www.atelier-reklama.sk\/blog\/wp-content\/uploads\/2023\/04\/2D.-Mu%C5%BEsk%C3%A1-n%C3%A1prsenka-Doln%C3%A9-Mladonice-prv%C3%A1-pol.-20.-stor.-p%C3%B4vodn%C3%BD-vlastn%C3%ADk-nezn.jpg?resize=800%2C649&#038;ssl=1\" alt=\"\" class=\"wp-image-13513\" srcset=\"https:\/\/i0.wp.com\/www.atelier-reklama.sk\/blog\/wp-content\/uploads\/2023\/04\/2D.-Mu%C5%BEsk%C3%A1-n%C3%A1prsenka-Doln%C3%A9-Mladonice-prv%C3%A1-pol.-20.-stor.-p%C3%B4vodn%C3%BD-vlastn%C3%ADk-nezn.jpg?resize=1024%2C831&amp;ssl=1 1024w, https:\/\/i0.wp.com\/www.atelier-reklama.sk\/blog\/wp-content\/uploads\/2023\/04\/2D.-Mu%C5%BEsk%C3%A1-n%C3%A1prsenka-Doln%C3%A9-Mladonice-prv%C3%A1-pol.-20.-stor.-p%C3%B4vodn%C3%BD-vlastn%C3%ADk-nezn.jpg?resize=300%2C243&amp;ssl=1 300w, https:\/\/i0.wp.com\/www.atelier-reklama.sk\/blog\/wp-content\/uploads\/2023\/04\/2D.-Mu%C5%BEsk%C3%A1-n%C3%A1prsenka-Doln%C3%A9-Mladonice-prv%C3%A1-pol.-20.-stor.-p%C3%B4vodn%C3%BD-vlastn%C3%ADk-nezn.jpg?resize=768%2C623&amp;ssl=1 768w, https:\/\/i0.wp.com\/www.atelier-reklama.sk\/blog\/wp-content\/uploads\/2023\/04\/2D.-Mu%C5%BEsk%C3%A1-n%C3%A1prsenka-Doln%C3%A9-Mladonice-prv%C3%A1-pol.-20.-stor.-p%C3%B4vodn%C3%BD-vlastn%C3%ADk-nezn.jpg?resize=1536%2C1247&amp;ssl=1 1536w, https:\/\/i0.wp.com\/www.atelier-reklama.sk\/blog\/wp-content\/uploads\/2023\/04\/2D.-Mu%C5%BEsk%C3%A1-n%C3%A1prsenka-Doln%C3%A9-Mladonice-prv%C3%A1-pol.-20.-stor.-p%C3%B4vodn%C3%BD-vlastn%C3%ADk-nezn.jpg?resize=2048%2C1662&amp;ssl=1 2048w, https:\/\/i0.wp.com\/www.atelier-reklama.sk\/blog\/wp-content\/uploads\/2023\/04\/2D.-Mu%C5%BEsk%C3%A1-n%C3%A1prsenka-Doln%C3%A9-Mladonice-prv%C3%A1-pol.-20.-stor.-p%C3%B4vodn%C3%BD-vlastn%C3%ADk-nezn.jpg?w=1600&amp;ssl=1 1600w\" sizes=\"auto, (max-width: 800px) 100vw, 800px\" \/><\/figure>\n\n\n\n<p>3.  Mu\u017esk\u00e1 n\u00e1prsenka, Doln\u00e9 Mladonice, prv\u00e1 pol. 20. stor., p\u00f4vodn\u00fd vlastn\u00edk nezn\u00e1my<\/p>\n\n\n\n<figure class=\"wp-block-image size-large\"><img data-recalc-dims=\"1\" loading=\"lazy\" decoding=\"async\" width=\"590\" height=\"1024\" data-attachment-id=\"13514\" data-permalink=\"https:\/\/www.atelier-reklama.sk\/blog\/moj-krekacsky-kroj-a-jeho-prekreslene-vzory-spolu\/3a-muzska-naprsenka-dolne-mladonice-prva-pol-20-stor-povodny-vlastnik-neznamy\/\" data-orig-file=\"https:\/\/i0.wp.com\/www.atelier-reklama.sk\/blog\/wp-content\/uploads\/2023\/04\/3A.-Mu%C5%BEsk%C3%A1-n%C3%A1prsenka-Doln%C3%A9-Mladonice-prv%C3%A1-pol.-20.-stor.-p%C3%B4vodn%C3%BD-vlastn%C3%ADk-nezn%C3%A1my-scaled.jpg?fit=1475%2C2560&amp;ssl=1\" data-orig-size=\"1475,2560\" data-comments-opened=\"1\" data-image-meta=\"{&quot;aperture&quot;:&quot;2&quot;,&quot;credit&quot;:&quot;&quot;,&quot;camera&quot;:&quot;SM-A125F&quot;,&quot;caption&quot;:&quot;&quot;,&quot;created_timestamp&quot;:&quot;1680433713&quot;,&quot;copyright&quot;:&quot;&quot;,&quot;focal_length&quot;:&quot;4.6&quot;,&quot;iso&quot;:&quot;64&quot;,&quot;shutter_speed&quot;:&quot;0.0199&quot;,&quot;title&quot;:&quot;&quot;,&quot;orientation&quot;:&quot;1&quot;}\" data-image-title=\"3A.-Mu\u017esk\u00e1-n\u00e1prsenka-Doln\u00e9-Mladonice-prv\u00e1-pol.-20.-stor.-p\u00f4vodn\u00fd-vlastn\u00edk-nezn\u00e1my\" data-image-description=\"\" data-image-caption=\"\" data-medium-file=\"https:\/\/i0.wp.com\/www.atelier-reklama.sk\/blog\/wp-content\/uploads\/2023\/04\/3A.-Mu%C5%BEsk%C3%A1-n%C3%A1prsenka-Doln%C3%A9-Mladonice-prv%C3%A1-pol.-20.-stor.-p%C3%B4vodn%C3%BD-vlastn%C3%ADk-nezn%C3%A1my-scaled.jpg?fit=173%2C300&amp;ssl=1\" data-large-file=\"https:\/\/i0.wp.com\/www.atelier-reklama.sk\/blog\/wp-content\/uploads\/2023\/04\/3A.-Mu%C5%BEsk%C3%A1-n%C3%A1prsenka-Doln%C3%A9-Mladonice-prv%C3%A1-pol.-20.-stor.-p%C3%B4vodn%C3%BD-vlastn%C3%ADk-nezn%C3%A1my-scaled.jpg?fit=590%2C1024&amp;ssl=1\" src=\"https:\/\/i0.wp.com\/www.atelier-reklama.sk\/blog\/wp-content\/uploads\/2023\/04\/3A.-Mu%C5%BEsk%C3%A1-n%C3%A1prsenka-Doln%C3%A9-Mladonice-prv%C3%A1-pol.-20.-stor.-p%C3%B4vodn%C3%BD-vlastn%C3%ADk-nezn%C3%A1my.jpg?resize=590%2C1024&#038;ssl=1\" alt=\"\" class=\"wp-image-13514\" srcset=\"https:\/\/i0.wp.com\/www.atelier-reklama.sk\/blog\/wp-content\/uploads\/2023\/04\/3A.-Mu%C5%BEsk%C3%A1-n%C3%A1prsenka-Doln%C3%A9-Mladonice-prv%C3%A1-pol.-20.-stor.-p%C3%B4vodn%C3%BD-vlastn%C3%ADk-nezn%C3%A1my-scaled.jpg?resize=590%2C1024&amp;ssl=1 590w, https:\/\/i0.wp.com\/www.atelier-reklama.sk\/blog\/wp-content\/uploads\/2023\/04\/3A.-Mu%C5%BEsk%C3%A1-n%C3%A1prsenka-Doln%C3%A9-Mladonice-prv%C3%A1-pol.-20.-stor.-p%C3%B4vodn%C3%BD-vlastn%C3%ADk-nezn%C3%A1my-scaled.jpg?resize=173%2C300&amp;ssl=1 173w, https:\/\/i0.wp.com\/www.atelier-reklama.sk\/blog\/wp-content\/uploads\/2023\/04\/3A.-Mu%C5%BEsk%C3%A1-n%C3%A1prsenka-Doln%C3%A9-Mladonice-prv%C3%A1-pol.-20.-stor.-p%C3%B4vodn%C3%BD-vlastn%C3%ADk-nezn%C3%A1my-scaled.jpg?resize=768%2C1333&amp;ssl=1 768w, https:\/\/i0.wp.com\/www.atelier-reklama.sk\/blog\/wp-content\/uploads\/2023\/04\/3A.-Mu%C5%BEsk%C3%A1-n%C3%A1prsenka-Doln%C3%A9-Mladonice-prv%C3%A1-pol.-20.-stor.-p%C3%B4vodn%C3%BD-vlastn%C3%ADk-nezn%C3%A1my-scaled.jpg?resize=885%2C1536&amp;ssl=1 885w, https:\/\/i0.wp.com\/www.atelier-reklama.sk\/blog\/wp-content\/uploads\/2023\/04\/3A.-Mu%C5%BEsk%C3%A1-n%C3%A1prsenka-Doln%C3%A9-Mladonice-prv%C3%A1-pol.-20.-stor.-p%C3%B4vodn%C3%BD-vlastn%C3%ADk-nezn%C3%A1my-scaled.jpg?resize=1180%2C2048&amp;ssl=1 1180w, https:\/\/i0.wp.com\/www.atelier-reklama.sk\/blog\/wp-content\/uploads\/2023\/04\/3A.-Mu%C5%BEsk%C3%A1-n%C3%A1prsenka-Doln%C3%A9-Mladonice-prv%C3%A1-pol.-20.-stor.-p%C3%B4vodn%C3%BD-vlastn%C3%ADk-nezn%C3%A1my-scaled.jpg?w=1475&amp;ssl=1 1475w\" sizes=\"auto, (max-width: 590px) 100vw, 590px\" \/><\/figure>\n\n\n\n<figure class=\"wp-block-image size-large\"><img data-recalc-dims=\"1\" loading=\"lazy\" decoding=\"async\" width=\"800\" height=\"555\" data-attachment-id=\"13515\" data-permalink=\"https:\/\/www.atelier-reklama.sk\/blog\/moj-krekacsky-kroj-a-jeho-prekreslene-vzory-spolu\/3b-muzska-naprsenka-dolne-mladonice-prva-pol-20-stor-povodny-vlastnik-neznamy\/\" data-orig-file=\"https:\/\/i0.wp.com\/www.atelier-reklama.sk\/blog\/wp-content\/uploads\/2023\/04\/3B.-Mu%C5%BEsk%C3%A1-n%C3%A1prsenka-Doln%C3%A9-Mladonice-prv%C3%A1-pol.-20.-stor.-p%C3%B4vodn%C3%BD-vlastn%C3%ADk-nezn%C3%A1my-scaled.jpg?fit=2560%2C1778&amp;ssl=1\" data-orig-size=\"2560,1778\" data-comments-opened=\"1\" data-image-meta=\"{&quot;aperture&quot;:&quot;2&quot;,&quot;credit&quot;:&quot;&quot;,&quot;camera&quot;:&quot;SM-A125F&quot;,&quot;caption&quot;:&quot;&quot;,&quot;created_timestamp&quot;:&quot;1680204732&quot;,&quot;copyright&quot;:&quot;&quot;,&quot;focal_length&quot;:&quot;4.6&quot;,&quot;iso&quot;:&quot;800&quot;,&quot;shutter_speed&quot;:&quot;0.0499&quot;,&quot;title&quot;:&quot;&quot;,&quot;orientation&quot;:&quot;1&quot;}\" data-image-title=\"3B.-Mu\u017esk\u00e1-n\u00e1prsenka-Doln\u00e9-Mladonice-prv\u00e1-pol.-20.-stor.-p\u00f4vodn\u00fd-vlastn\u00edk-nezn\u00e1my\" data-image-description=\"\" data-image-caption=\"\" data-medium-file=\"https:\/\/i0.wp.com\/www.atelier-reklama.sk\/blog\/wp-content\/uploads\/2023\/04\/3B.-Mu%C5%BEsk%C3%A1-n%C3%A1prsenka-Doln%C3%A9-Mladonice-prv%C3%A1-pol.-20.-stor.-p%C3%B4vodn%C3%BD-vlastn%C3%ADk-nezn%C3%A1my-scaled.jpg?fit=300%2C208&amp;ssl=1\" data-large-file=\"https:\/\/i0.wp.com\/www.atelier-reklama.sk\/blog\/wp-content\/uploads\/2023\/04\/3B.-Mu%C5%BEsk%C3%A1-n%C3%A1prsenka-Doln%C3%A9-Mladonice-prv%C3%A1-pol.-20.-stor.-p%C3%B4vodn%C3%BD-vlastn%C3%ADk-nezn%C3%A1my-scaled.jpg?fit=800%2C555&amp;ssl=1\" src=\"https:\/\/i0.wp.com\/www.atelier-reklama.sk\/blog\/wp-content\/uploads\/2023\/04\/3B.-Mu%C5%BEsk%C3%A1-n%C3%A1prsenka-Doln%C3%A9-Mladonice-prv%C3%A1-pol.-20.-stor.-p%C3%B4vodn%C3%BD-vlastn%C3%ADk-nezn%C3%A1my.jpg?resize=800%2C555&#038;ssl=1\" alt=\"\" class=\"wp-image-13515\" srcset=\"https:\/\/i0.wp.com\/www.atelier-reklama.sk\/blog\/wp-content\/uploads\/2023\/04\/3B.-Mu%C5%BEsk%C3%A1-n%C3%A1prsenka-Doln%C3%A9-Mladonice-prv%C3%A1-pol.-20.-stor.-p%C3%B4vodn%C3%BD-vlastn%C3%ADk-nezn%C3%A1my-scaled.jpg?resize=1024%2C711&amp;ssl=1 1024w, https:\/\/i0.wp.com\/www.atelier-reklama.sk\/blog\/wp-content\/uploads\/2023\/04\/3B.-Mu%C5%BEsk%C3%A1-n%C3%A1prsenka-Doln%C3%A9-Mladonice-prv%C3%A1-pol.-20.-stor.-p%C3%B4vodn%C3%BD-vlastn%C3%ADk-nezn%C3%A1my-scaled.jpg?resize=300%2C208&amp;ssl=1 300w, https:\/\/i0.wp.com\/www.atelier-reklama.sk\/blog\/wp-content\/uploads\/2023\/04\/3B.-Mu%C5%BEsk%C3%A1-n%C3%A1prsenka-Doln%C3%A9-Mladonice-prv%C3%A1-pol.-20.-stor.-p%C3%B4vodn%C3%BD-vlastn%C3%ADk-nezn%C3%A1my-scaled.jpg?resize=768%2C533&amp;ssl=1 768w, https:\/\/i0.wp.com\/www.atelier-reklama.sk\/blog\/wp-content\/uploads\/2023\/04\/3B.-Mu%C5%BEsk%C3%A1-n%C3%A1prsenka-Doln%C3%A9-Mladonice-prv%C3%A1-pol.-20.-stor.-p%C3%B4vodn%C3%BD-vlastn%C3%ADk-nezn%C3%A1my-scaled.jpg?resize=1536%2C1067&amp;ssl=1 1536w, https:\/\/i0.wp.com\/www.atelier-reklama.sk\/blog\/wp-content\/uploads\/2023\/04\/3B.-Mu%C5%BEsk%C3%A1-n%C3%A1prsenka-Doln%C3%A9-Mladonice-prv%C3%A1-pol.-20.-stor.-p%C3%B4vodn%C3%BD-vlastn%C3%ADk-nezn%C3%A1my-scaled.jpg?resize=2048%2C1422&amp;ssl=1 2048w, https:\/\/i0.wp.com\/www.atelier-reklama.sk\/blog\/wp-content\/uploads\/2023\/04\/3B.-Mu%C5%BEsk%C3%A1-n%C3%A1prsenka-Doln%C3%A9-Mladonice-prv%C3%A1-pol.-20.-stor.-p%C3%B4vodn%C3%BD-vlastn%C3%ADk-nezn%C3%A1my-scaled.jpg?resize=392%2C272&amp;ssl=1 392w, https:\/\/i0.wp.com\/www.atelier-reklama.sk\/blog\/wp-content\/uploads\/2023\/04\/3B.-Mu%C5%BEsk%C3%A1-n%C3%A1prsenka-Doln%C3%A9-Mladonice-prv%C3%A1-pol.-20.-stor.-p%C3%B4vodn%C3%BD-vlastn%C3%ADk-nezn%C3%A1my-scaled.jpg?resize=130%2C90&amp;ssl=1 130w, https:\/\/i0.wp.com\/www.atelier-reklama.sk\/blog\/wp-content\/uploads\/2023\/04\/3B.-Mu%C5%BEsk%C3%A1-n%C3%A1prsenka-Doln%C3%A9-Mladonice-prv%C3%A1-pol.-20.-stor.-p%C3%B4vodn%C3%BD-vlastn%C3%ADk-nezn%C3%A1my-scaled.jpg?w=1600&amp;ssl=1 1600w, https:\/\/i0.wp.com\/www.atelier-reklama.sk\/blog\/wp-content\/uploads\/2023\/04\/3B.-Mu%C5%BEsk%C3%A1-n%C3%A1prsenka-Doln%C3%A9-Mladonice-prv%C3%A1-pol.-20.-stor.-p%C3%B4vodn%C3%BD-vlastn%C3%ADk-nezn%C3%A1my-scaled.jpg?w=2400&amp;ssl=1 2400w\" sizes=\"auto, (max-width: 800px) 100vw, 800px\" \/><\/figure>\n\n\n\n<figure class=\"wp-block-image size-large\"><img data-recalc-dims=\"1\" loading=\"lazy\" decoding=\"async\" width=\"800\" height=\"600\" data-attachment-id=\"13516\" data-permalink=\"https:\/\/www.atelier-reklama.sk\/blog\/moj-krekacsky-kroj-a-jeho-prekreslene-vzory-spolu\/3c-muzska-naprsenka-dolne-mladonice-prva-pol-20-stor-povodny-vlastnik-neznamy\/\" data-orig-file=\"https:\/\/i0.wp.com\/www.atelier-reklama.sk\/blog\/wp-content\/uploads\/2023\/04\/3C.-Mu%C5%BEsk%C3%A1-n%C3%A1prsenka-Doln%C3%A9-Mladonice-prv%C3%A1-pol.-20.-stor.-p%C3%B4vodn%C3%BD-vlastn%C3%ADk-nezn%C3%A1my.jpg?fit=2055%2C1541&amp;ssl=1\" data-orig-size=\"2055,1541\" data-comments-opened=\"1\" data-image-meta=\"{&quot;aperture&quot;:&quot;2&quot;,&quot;credit&quot;:&quot;&quot;,&quot;camera&quot;:&quot;SM-A125F&quot;,&quot;caption&quot;:&quot;&quot;,&quot;created_timestamp&quot;:&quot;1680081080&quot;,&quot;copyright&quot;:&quot;&quot;,&quot;focal_length&quot;:&quot;4.6&quot;,&quot;iso&quot;:&quot;250&quot;,&quot;shutter_speed&quot;:&quot;0.0399&quot;,&quot;title&quot;:&quot;&quot;,&quot;orientation&quot;:&quot;1&quot;}\" data-image-title=\"3C.-Mu\u017esk\u00e1-n\u00e1prsenka-Doln\u00e9-Mladonice-prv\u00e1-pol.-20.-stor.-p\u00f4vodn\u00fd-vlastn\u00edk-nezn\u00e1my\" data-image-description=\"\" data-image-caption=\"\" data-medium-file=\"https:\/\/i0.wp.com\/www.atelier-reklama.sk\/blog\/wp-content\/uploads\/2023\/04\/3C.-Mu%C5%BEsk%C3%A1-n%C3%A1prsenka-Doln%C3%A9-Mladonice-prv%C3%A1-pol.-20.-stor.-p%C3%B4vodn%C3%BD-vlastn%C3%ADk-nezn%C3%A1my.jpg?fit=300%2C225&amp;ssl=1\" data-large-file=\"https:\/\/i0.wp.com\/www.atelier-reklama.sk\/blog\/wp-content\/uploads\/2023\/04\/3C.-Mu%C5%BEsk%C3%A1-n%C3%A1prsenka-Doln%C3%A9-Mladonice-prv%C3%A1-pol.-20.-stor.-p%C3%B4vodn%C3%BD-vlastn%C3%ADk-nezn%C3%A1my.jpg?fit=800%2C600&amp;ssl=1\" src=\"https:\/\/i0.wp.com\/www.atelier-reklama.sk\/blog\/wp-content\/uploads\/2023\/04\/3C.-Mu%C5%BEsk%C3%A1-n%C3%A1prsenka-Doln%C3%A9-Mladonice-prv%C3%A1-pol.-20.-stor.-p%C3%B4vodn%C3%BD-vlastn%C3%ADk-nezn%C3%A1my.jpg?resize=800%2C600&#038;ssl=1\" alt=\"\" class=\"wp-image-13516\" srcset=\"https:\/\/i0.wp.com\/www.atelier-reklama.sk\/blog\/wp-content\/uploads\/2023\/04\/3C.-Mu%C5%BEsk%C3%A1-n%C3%A1prsenka-Doln%C3%A9-Mladonice-prv%C3%A1-pol.-20.-stor.-p%C3%B4vodn%C3%BD-vlastn%C3%ADk-nezn%C3%A1my.jpg?resize=1024%2C768&amp;ssl=1 1024w, https:\/\/i0.wp.com\/www.atelier-reklama.sk\/blog\/wp-content\/uploads\/2023\/04\/3C.-Mu%C5%BEsk%C3%A1-n%C3%A1prsenka-Doln%C3%A9-Mladonice-prv%C3%A1-pol.-20.-stor.-p%C3%B4vodn%C3%BD-vlastn%C3%ADk-nezn%C3%A1my.jpg?resize=300%2C225&amp;ssl=1 300w, https:\/\/i0.wp.com\/www.atelier-reklama.sk\/blog\/wp-content\/uploads\/2023\/04\/3C.-Mu%C5%BEsk%C3%A1-n%C3%A1prsenka-Doln%C3%A9-Mladonice-prv%C3%A1-pol.-20.-stor.-p%C3%B4vodn%C3%BD-vlastn%C3%ADk-nezn%C3%A1my.jpg?resize=768%2C576&amp;ssl=1 768w, https:\/\/i0.wp.com\/www.atelier-reklama.sk\/blog\/wp-content\/uploads\/2023\/04\/3C.-Mu%C5%BEsk%C3%A1-n%C3%A1prsenka-Doln%C3%A9-Mladonice-prv%C3%A1-pol.-20.-stor.-p%C3%B4vodn%C3%BD-vlastn%C3%ADk-nezn%C3%A1my.jpg?resize=1536%2C1152&amp;ssl=1 1536w, https:\/\/i0.wp.com\/www.atelier-reklama.sk\/blog\/wp-content\/uploads\/2023\/04\/3C.-Mu%C5%BEsk%C3%A1-n%C3%A1prsenka-Doln%C3%A9-Mladonice-prv%C3%A1-pol.-20.-stor.-p%C3%B4vodn%C3%BD-vlastn%C3%ADk-nezn%C3%A1my.jpg?resize=2048%2C1536&amp;ssl=1 2048w, https:\/\/i0.wp.com\/www.atelier-reklama.sk\/blog\/wp-content\/uploads\/2023\/04\/3C.-Mu%C5%BEsk%C3%A1-n%C3%A1prsenka-Doln%C3%A9-Mladonice-prv%C3%A1-pol.-20.-stor.-p%C3%B4vodn%C3%BD-vlastn%C3%ADk-nezn%C3%A1my.jpg?w=1600&amp;ssl=1 1600w\" sizes=\"auto, (max-width: 800px) 100vw, 800px\" \/><\/figure>\n\n\n\n<figure class=\"wp-block-image size-large\"><img data-recalc-dims=\"1\" loading=\"lazy\" decoding=\"async\" width=\"800\" height=\"566\" data-attachment-id=\"13552\" data-permalink=\"https:\/\/www.atelier-reklama.sk\/blog\/moj-krekacsky-kroj-a-jeho-prekreslene-vzory-spolu\/3d-muzska-naprsenka-dol-mladonice-prva-pol-20-stor-povodny-vlastnik-neznamy\/\" data-orig-file=\"https:\/\/i0.wp.com\/www.atelier-reklama.sk\/blog\/wp-content\/uploads\/2023\/04\/3D.-Mu%C5%BEsk%C3%A1-n%C3%A1prsenka-Dol.-Mladonice-prv%C3%A1-pol.-20.-stor.-p%C3%B4vodn%C3%BD-vlastn%C3%ADk-nezn%C3%A1my-scaled.jpg?fit=2560%2C1810&amp;ssl=1\" data-orig-size=\"2560,1810\" data-comments-opened=\"1\" data-image-meta=\"{&quot;aperture&quot;:&quot;0&quot;,&quot;credit&quot;:&quot;&quot;,&quot;camera&quot;:&quot;&quot;,&quot;caption&quot;:&quot;&quot;,&quot;created_timestamp&quot;:&quot;0&quot;,&quot;copyright&quot;:&quot;&quot;,&quot;focal_length&quot;:&quot;0&quot;,&quot;iso&quot;:&quot;0&quot;,&quot;shutter_speed&quot;:&quot;0&quot;,&quot;title&quot;:&quot;&quot;,&quot;orientation&quot;:&quot;0&quot;}\" data-image-title=\"3D.-Mu\u017esk\u00e1-n\u00e1prsenka-Dol.-Mladonice-prv\u00e1-pol.-20.-stor.-p\u00f4vodn\u00fd-vlastn\u00edk-nezn\u00e1my\" data-image-description=\"\" data-image-caption=\"\" data-medium-file=\"https:\/\/i0.wp.com\/www.atelier-reklama.sk\/blog\/wp-content\/uploads\/2023\/04\/3D.-Mu%C5%BEsk%C3%A1-n%C3%A1prsenka-Dol.-Mladonice-prv%C3%A1-pol.-20.-stor.-p%C3%B4vodn%C3%BD-vlastn%C3%ADk-nezn%C3%A1my-scaled.jpg?fit=300%2C212&amp;ssl=1\" data-large-file=\"https:\/\/i0.wp.com\/www.atelier-reklama.sk\/blog\/wp-content\/uploads\/2023\/04\/3D.-Mu%C5%BEsk%C3%A1-n%C3%A1prsenka-Dol.-Mladonice-prv%C3%A1-pol.-20.-stor.-p%C3%B4vodn%C3%BD-vlastn%C3%ADk-nezn%C3%A1my-scaled.jpg?fit=800%2C566&amp;ssl=1\" src=\"https:\/\/i0.wp.com\/www.atelier-reklama.sk\/blog\/wp-content\/uploads\/2023\/04\/3D.-Mu%C5%BEsk%C3%A1-n%C3%A1prsenka-Dol.-Mladonice-prv%C3%A1-pol.-20.-stor.-p%C3%B4vodn%C3%BD-vlastn%C3%ADk-nezn%C3%A1my.jpg?resize=800%2C566&#038;ssl=1\" alt=\"\" class=\"wp-image-13552\" srcset=\"https:\/\/i0.wp.com\/www.atelier-reklama.sk\/blog\/wp-content\/uploads\/2023\/04\/3D.-Mu%C5%BEsk%C3%A1-n%C3%A1prsenka-Dol.-Mladonice-prv%C3%A1-pol.-20.-stor.-p%C3%B4vodn%C3%BD-vlastn%C3%ADk-nezn%C3%A1my-scaled.jpg?resize=1024%2C724&amp;ssl=1 1024w, https:\/\/i0.wp.com\/www.atelier-reklama.sk\/blog\/wp-content\/uploads\/2023\/04\/3D.-Mu%C5%BEsk%C3%A1-n%C3%A1prsenka-Dol.-Mladonice-prv%C3%A1-pol.-20.-stor.-p%C3%B4vodn%C3%BD-vlastn%C3%ADk-nezn%C3%A1my-scaled.jpg?resize=300%2C212&amp;ssl=1 300w, https:\/\/i0.wp.com\/www.atelier-reklama.sk\/blog\/wp-content\/uploads\/2023\/04\/3D.-Mu%C5%BEsk%C3%A1-n%C3%A1prsenka-Dol.-Mladonice-prv%C3%A1-pol.-20.-stor.-p%C3%B4vodn%C3%BD-vlastn%C3%ADk-nezn%C3%A1my-scaled.jpg?resize=768%2C543&amp;ssl=1 768w, https:\/\/i0.wp.com\/www.atelier-reklama.sk\/blog\/wp-content\/uploads\/2023\/04\/3D.-Mu%C5%BEsk%C3%A1-n%C3%A1prsenka-Dol.-Mladonice-prv%C3%A1-pol.-20.-stor.-p%C3%B4vodn%C3%BD-vlastn%C3%ADk-nezn%C3%A1my-scaled.jpg?resize=1536%2C1086&amp;ssl=1 1536w, https:\/\/i0.wp.com\/www.atelier-reklama.sk\/blog\/wp-content\/uploads\/2023\/04\/3D.-Mu%C5%BEsk%C3%A1-n%C3%A1prsenka-Dol.-Mladonice-prv%C3%A1-pol.-20.-stor.-p%C3%B4vodn%C3%BD-vlastn%C3%ADk-nezn%C3%A1my-scaled.jpg?resize=2048%2C1448&amp;ssl=1 2048w, https:\/\/i0.wp.com\/www.atelier-reklama.sk\/blog\/wp-content\/uploads\/2023\/04\/3D.-Mu%C5%BEsk%C3%A1-n%C3%A1prsenka-Dol.-Mladonice-prv%C3%A1-pol.-20.-stor.-p%C3%B4vodn%C3%BD-vlastn%C3%ADk-nezn%C3%A1my-scaled.jpg?w=1600&amp;ssl=1 1600w, https:\/\/i0.wp.com\/www.atelier-reklama.sk\/blog\/wp-content\/uploads\/2023\/04\/3D.-Mu%C5%BEsk%C3%A1-n%C3%A1prsenka-Dol.-Mladonice-prv%C3%A1-pol.-20.-stor.-p%C3%B4vodn%C3%BD-vlastn%C3%ADk-nezn%C3%A1my-scaled.jpg?w=2400&amp;ssl=1 2400w\" sizes=\"auto, (max-width: 800px) 100vw, 800px\" \/><\/figure>\n\n\n\n<figure class=\"wp-block-image size-large\"><img data-recalc-dims=\"1\" loading=\"lazy\" decoding=\"async\" width=\"800\" height=\"681\" data-attachment-id=\"13517\" data-permalink=\"https:\/\/www.atelier-reklama.sk\/blog\/moj-krekacsky-kroj-a-jeho-prekreslene-vzory-spolu\/3e-muzska-naprsenka-dolne-mladonice-prva-pol-20-stor-povodny-vlastnik-neznamy\/\" data-orig-file=\"https:\/\/i0.wp.com\/www.atelier-reklama.sk\/blog\/wp-content\/uploads\/2023\/04\/3E.-Mu%C5%BEsk%C3%A1-n%C3%A1prsenka-Doln%C3%A9-Mladonice-prv%C3%A1-pol.-20.-stor.-p%C3%B4vodn%C3%BD-vlastn%C3%ADk-nezn%C3%A1my.jpg?fit=2184%2C1859&amp;ssl=1\" data-orig-size=\"2184,1859\" data-comments-opened=\"1\" data-image-meta=\"{&quot;aperture&quot;:&quot;2&quot;,&quot;credit&quot;:&quot;&quot;,&quot;camera&quot;:&quot;SM-A125F&quot;,&quot;caption&quot;:&quot;&quot;,&quot;created_timestamp&quot;:&quot;1680433724&quot;,&quot;copyright&quot;:&quot;&quot;,&quot;focal_length&quot;:&quot;4.6&quot;,&quot;iso&quot;:&quot;50&quot;,&quot;shutter_speed&quot;:&quot;0.0199&quot;,&quot;title&quot;:&quot;&quot;,&quot;orientation&quot;:&quot;1&quot;}\" data-image-title=\"3E.-Mu\u017esk\u00e1-n\u00e1prsenka-Doln\u00e9-Mladonice-prv\u00e1-pol.-20.-stor.-p\u00f4vodn\u00fd-vlastn\u00edk-nezn\u00e1my\" data-image-description=\"\" data-image-caption=\"\" data-medium-file=\"https:\/\/i0.wp.com\/www.atelier-reklama.sk\/blog\/wp-content\/uploads\/2023\/04\/3E.-Mu%C5%BEsk%C3%A1-n%C3%A1prsenka-Doln%C3%A9-Mladonice-prv%C3%A1-pol.-20.-stor.-p%C3%B4vodn%C3%BD-vlastn%C3%ADk-nezn%C3%A1my.jpg?fit=300%2C255&amp;ssl=1\" data-large-file=\"https:\/\/i0.wp.com\/www.atelier-reklama.sk\/blog\/wp-content\/uploads\/2023\/04\/3E.-Mu%C5%BEsk%C3%A1-n%C3%A1prsenka-Doln%C3%A9-Mladonice-prv%C3%A1-pol.-20.-stor.-p%C3%B4vodn%C3%BD-vlastn%C3%ADk-nezn%C3%A1my.jpg?fit=800%2C681&amp;ssl=1\" src=\"https:\/\/i0.wp.com\/www.atelier-reklama.sk\/blog\/wp-content\/uploads\/2023\/04\/3E.-Mu%C5%BEsk%C3%A1-n%C3%A1prsenka-Doln%C3%A9-Mladonice-prv%C3%A1-pol.-20.-stor.-p%C3%B4vodn%C3%BD-vlastn%C3%ADk-nezn%C3%A1my.jpg?resize=800%2C681&#038;ssl=1\" alt=\"\" class=\"wp-image-13517\" srcset=\"https:\/\/i0.wp.com\/www.atelier-reklama.sk\/blog\/wp-content\/uploads\/2023\/04\/3E.-Mu%C5%BEsk%C3%A1-n%C3%A1prsenka-Doln%C3%A9-Mladonice-prv%C3%A1-pol.-20.-stor.-p%C3%B4vodn%C3%BD-vlastn%C3%ADk-nezn%C3%A1my.jpg?resize=1024%2C872&amp;ssl=1 1024w, https:\/\/i0.wp.com\/www.atelier-reklama.sk\/blog\/wp-content\/uploads\/2023\/04\/3E.-Mu%C5%BEsk%C3%A1-n%C3%A1prsenka-Doln%C3%A9-Mladonice-prv%C3%A1-pol.-20.-stor.-p%C3%B4vodn%C3%BD-vlastn%C3%ADk-nezn%C3%A1my.jpg?resize=300%2C255&amp;ssl=1 300w, https:\/\/i0.wp.com\/www.atelier-reklama.sk\/blog\/wp-content\/uploads\/2023\/04\/3E.-Mu%C5%BEsk%C3%A1-n%C3%A1prsenka-Doln%C3%A9-Mladonice-prv%C3%A1-pol.-20.-stor.-p%C3%B4vodn%C3%BD-vlastn%C3%ADk-nezn%C3%A1my.jpg?resize=768%2C654&amp;ssl=1 768w, https:\/\/i0.wp.com\/www.atelier-reklama.sk\/blog\/wp-content\/uploads\/2023\/04\/3E.-Mu%C5%BEsk%C3%A1-n%C3%A1prsenka-Doln%C3%A9-Mladonice-prv%C3%A1-pol.-20.-stor.-p%C3%B4vodn%C3%BD-vlastn%C3%ADk-nezn%C3%A1my.jpg?resize=1536%2C1307&amp;ssl=1 1536w, https:\/\/i0.wp.com\/www.atelier-reklama.sk\/blog\/wp-content\/uploads\/2023\/04\/3E.-Mu%C5%BEsk%C3%A1-n%C3%A1prsenka-Doln%C3%A9-Mladonice-prv%C3%A1-pol.-20.-stor.-p%C3%B4vodn%C3%BD-vlastn%C3%ADk-nezn%C3%A1my.jpg?resize=2048%2C1743&amp;ssl=1 2048w, https:\/\/i0.wp.com\/www.atelier-reklama.sk\/blog\/wp-content\/uploads\/2023\/04\/3E.-Mu%C5%BEsk%C3%A1-n%C3%A1prsenka-Doln%C3%A9-Mladonice-prv%C3%A1-pol.-20.-stor.-p%C3%B4vodn%C3%BD-vlastn%C3%ADk-nezn%C3%A1my.jpg?w=1600&amp;ssl=1 1600w\" sizes=\"auto, (max-width: 800px) 100vw, 800px\" \/><\/figure>\n\n\n\n<p>4.Mu\u017esk\u00e1 n\u00e1prsenka, Doln\u00e9 Mladonice, prv\u00e1 pol. 20. stor., p\u00f4vodn\u00fd vlastn\u00edk nezn\u00e1my<\/p>\n\n\n\n<figure class=\"wp-block-image size-large\"><img data-recalc-dims=\"1\" loading=\"lazy\" decoding=\"async\" width=\"552\" height=\"1024\" data-attachment-id=\"13518\" data-permalink=\"https:\/\/www.atelier-reklama.sk\/blog\/moj-krekacsky-kroj-a-jeho-prekreslene-vzory-spolu\/4a-muzska-naprsenka-dolne-mladonice-prva-pol-20-stor-povodny-vlastnik-neznam\/\" data-orig-file=\"https:\/\/i0.wp.com\/www.atelier-reklama.sk\/blog\/wp-content\/uploads\/2023\/04\/4A.-Mu%C5%BEsk%C3%A1-n%C3%A1prsenka-Doln%C3%A9-Mladonice-prv%C3%A1-pol.-20.-stor.-p%C3%B4vodn%C3%BD-vlastn%C3%ADk-nezn%C3%A1m-scaled.jpg?fit=1380%2C2560&amp;ssl=1\" data-orig-size=\"1380,2560\" data-comments-opened=\"1\" data-image-meta=\"{&quot;aperture&quot;:&quot;2&quot;,&quot;credit&quot;:&quot;&quot;,&quot;camera&quot;:&quot;SM-A125F&quot;,&quot;caption&quot;:&quot;&quot;,&quot;created_timestamp&quot;:&quot;1680433667&quot;,&quot;copyright&quot;:&quot;&quot;,&quot;focal_length&quot;:&quot;4.6&quot;,&quot;iso&quot;:&quot;64&quot;,&quot;shutter_speed&quot;:&quot;0.0199&quot;,&quot;title&quot;:&quot;&quot;,&quot;orientation&quot;:&quot;1&quot;}\" data-image-title=\"4A.-Mu\u017esk\u00e1-n\u00e1prsenka-Doln\u00e9-Mladonice-prv\u00e1-pol.-20.-stor.-p\u00f4vodn\u00fd-vlastn\u00edk-nezn\u00e1m\" data-image-description=\"\" data-image-caption=\"\" data-medium-file=\"https:\/\/i0.wp.com\/www.atelier-reklama.sk\/blog\/wp-content\/uploads\/2023\/04\/4A.-Mu%C5%BEsk%C3%A1-n%C3%A1prsenka-Doln%C3%A9-Mladonice-prv%C3%A1-pol.-20.-stor.-p%C3%B4vodn%C3%BD-vlastn%C3%ADk-nezn%C3%A1m-scaled.jpg?fit=162%2C300&amp;ssl=1\" data-large-file=\"https:\/\/i0.wp.com\/www.atelier-reklama.sk\/blog\/wp-content\/uploads\/2023\/04\/4A.-Mu%C5%BEsk%C3%A1-n%C3%A1prsenka-Doln%C3%A9-Mladonice-prv%C3%A1-pol.-20.-stor.-p%C3%B4vodn%C3%BD-vlastn%C3%ADk-nezn%C3%A1m-scaled.jpg?fit=552%2C1024&amp;ssl=1\" src=\"https:\/\/i0.wp.com\/www.atelier-reklama.sk\/blog\/wp-content\/uploads\/2023\/04\/4A.-Mu%C5%BEsk%C3%A1-n%C3%A1prsenka-Doln%C3%A9-Mladonice-prv%C3%A1-pol.-20.-stor.-p%C3%B4vodn%C3%BD-vlastn%C3%ADk-nezn%C3%A1m.jpg?resize=552%2C1024&#038;ssl=1\" alt=\"\" class=\"wp-image-13518\" srcset=\"https:\/\/i0.wp.com\/www.atelier-reklama.sk\/blog\/wp-content\/uploads\/2023\/04\/4A.-Mu%C5%BEsk%C3%A1-n%C3%A1prsenka-Doln%C3%A9-Mladonice-prv%C3%A1-pol.-20.-stor.-p%C3%B4vodn%C3%BD-vlastn%C3%ADk-nezn%C3%A1m-scaled.jpg?resize=552%2C1024&amp;ssl=1 552w, https:\/\/i0.wp.com\/www.atelier-reklama.sk\/blog\/wp-content\/uploads\/2023\/04\/4A.-Mu%C5%BEsk%C3%A1-n%C3%A1prsenka-Doln%C3%A9-Mladonice-prv%C3%A1-pol.-20.-stor.-p%C3%B4vodn%C3%BD-vlastn%C3%ADk-nezn%C3%A1m-scaled.jpg?resize=162%2C300&amp;ssl=1 162w, https:\/\/i0.wp.com\/www.atelier-reklama.sk\/blog\/wp-content\/uploads\/2023\/04\/4A.-Mu%C5%BEsk%C3%A1-n%C3%A1prsenka-Doln%C3%A9-Mladonice-prv%C3%A1-pol.-20.-stor.-p%C3%B4vodn%C3%BD-vlastn%C3%ADk-nezn%C3%A1m-scaled.jpg?resize=768%2C1425&amp;ssl=1 768w, https:\/\/i0.wp.com\/www.atelier-reklama.sk\/blog\/wp-content\/uploads\/2023\/04\/4A.-Mu%C5%BEsk%C3%A1-n%C3%A1prsenka-Doln%C3%A9-Mladonice-prv%C3%A1-pol.-20.-stor.-p%C3%B4vodn%C3%BD-vlastn%C3%ADk-nezn%C3%A1m-scaled.jpg?resize=828%2C1536&amp;ssl=1 828w, https:\/\/i0.wp.com\/www.atelier-reklama.sk\/blog\/wp-content\/uploads\/2023\/04\/4A.-Mu%C5%BEsk%C3%A1-n%C3%A1prsenka-Doln%C3%A9-Mladonice-prv%C3%A1-pol.-20.-stor.-p%C3%B4vodn%C3%BD-vlastn%C3%ADk-nezn%C3%A1m-scaled.jpg?resize=1104%2C2048&amp;ssl=1 1104w, https:\/\/i0.wp.com\/www.atelier-reklama.sk\/blog\/wp-content\/uploads\/2023\/04\/4A.-Mu%C5%BEsk%C3%A1-n%C3%A1prsenka-Doln%C3%A9-Mladonice-prv%C3%A1-pol.-20.-stor.-p%C3%B4vodn%C3%BD-vlastn%C3%ADk-nezn%C3%A1m-scaled.jpg?w=1380&amp;ssl=1 1380w\" sizes=\"auto, (max-width: 552px) 100vw, 552px\" \/><\/figure>\n\n\n\n<figure class=\"wp-block-image size-large\"><img data-recalc-dims=\"1\" loading=\"lazy\" decoding=\"async\" width=\"800\" height=\"1019\" data-attachment-id=\"13520\" data-permalink=\"https:\/\/www.atelier-reklama.sk\/blog\/moj-krekacsky-kroj-a-jeho-prekreslene-vzory-spolu\/4b-muzska-naprsenka-dolne-mladonice-prva-pol-20-stor-povodny-vlastnik-neznam\/\" data-orig-file=\"https:\/\/i0.wp.com\/www.atelier-reklama.sk\/blog\/wp-content\/uploads\/2023\/04\/4B.-Mu%C5%BEsk%C3%A1-n%C3%A1prsenka-Doln%C3%A9-Mladonice-prv%C3%A1-pol.-20.-stor.-p%C3%B4vodn%C3%BD-vlastn%C3%ADk-nezn%C3%A1m-scaled.jpg?fit=2011%2C2560&amp;ssl=1\" data-orig-size=\"2011,2560\" data-comments-opened=\"1\" data-image-meta=\"{&quot;aperture&quot;:&quot;2&quot;,&quot;credit&quot;:&quot;&quot;,&quot;camera&quot;:&quot;SM-A125F&quot;,&quot;caption&quot;:&quot;&quot;,&quot;created_timestamp&quot;:&quot;1679990458&quot;,&quot;copyright&quot;:&quot;&quot;,&quot;focal_length&quot;:&quot;4.6&quot;,&quot;iso&quot;:&quot;125&quot;,&quot;shutter_speed&quot;:&quot;0.02&quot;,&quot;title&quot;:&quot;&quot;,&quot;orientation&quot;:&quot;1&quot;}\" data-image-title=\"4B.-Mu\u017esk\u00e1-n\u00e1prsenka-Doln\u00e9-Mladonice-prv\u00e1-pol.-20.-stor.-p\u00f4vodn\u00fd-vlastn\u00edk-nezn\u00e1m\" data-image-description=\"\" data-image-caption=\"\" data-medium-file=\"https:\/\/i0.wp.com\/www.atelier-reklama.sk\/blog\/wp-content\/uploads\/2023\/04\/4B.-Mu%C5%BEsk%C3%A1-n%C3%A1prsenka-Doln%C3%A9-Mladonice-prv%C3%A1-pol.-20.-stor.-p%C3%B4vodn%C3%BD-vlastn%C3%ADk-nezn%C3%A1m-scaled.jpg?fit=236%2C300&amp;ssl=1\" data-large-file=\"https:\/\/i0.wp.com\/www.atelier-reklama.sk\/blog\/wp-content\/uploads\/2023\/04\/4B.-Mu%C5%BEsk%C3%A1-n%C3%A1prsenka-Doln%C3%A9-Mladonice-prv%C3%A1-pol.-20.-stor.-p%C3%B4vodn%C3%BD-vlastn%C3%ADk-nezn%C3%A1m-scaled.jpg?fit=800%2C1019&amp;ssl=1\" src=\"https:\/\/i0.wp.com\/www.atelier-reklama.sk\/blog\/wp-content\/uploads\/2023\/04\/4B.-Mu%C5%BEsk%C3%A1-n%C3%A1prsenka-Doln%C3%A9-Mladonice-prv%C3%A1-pol.-20.-stor.-p%C3%B4vodn%C3%BD-vlastn%C3%ADk-nezn%C3%A1m.jpg?resize=800%2C1019&#038;ssl=1\" alt=\"\" class=\"wp-image-13520\" srcset=\"https:\/\/i0.wp.com\/www.atelier-reklama.sk\/blog\/wp-content\/uploads\/2023\/04\/4B.-Mu%C5%BEsk%C3%A1-n%C3%A1prsenka-Doln%C3%A9-Mladonice-prv%C3%A1-pol.-20.-stor.-p%C3%B4vodn%C3%BD-vlastn%C3%ADk-nezn%C3%A1m-scaled.jpg?resize=804%2C1024&amp;ssl=1 804w, https:\/\/i0.wp.com\/www.atelier-reklama.sk\/blog\/wp-content\/uploads\/2023\/04\/4B.-Mu%C5%BEsk%C3%A1-n%C3%A1prsenka-Doln%C3%A9-Mladonice-prv%C3%A1-pol.-20.-stor.-p%C3%B4vodn%C3%BD-vlastn%C3%ADk-nezn%C3%A1m-scaled.jpg?resize=236%2C300&amp;ssl=1 236w, https:\/\/i0.wp.com\/www.atelier-reklama.sk\/blog\/wp-content\/uploads\/2023\/04\/4B.-Mu%C5%BEsk%C3%A1-n%C3%A1prsenka-Doln%C3%A9-Mladonice-prv%C3%A1-pol.-20.-stor.-p%C3%B4vodn%C3%BD-vlastn%C3%ADk-nezn%C3%A1m-scaled.jpg?resize=768%2C978&amp;ssl=1 768w, https:\/\/i0.wp.com\/www.atelier-reklama.sk\/blog\/wp-content\/uploads\/2023\/04\/4B.-Mu%C5%BEsk%C3%A1-n%C3%A1prsenka-Doln%C3%A9-Mladonice-prv%C3%A1-pol.-20.-stor.-p%C3%B4vodn%C3%BD-vlastn%C3%ADk-nezn%C3%A1m-scaled.jpg?resize=1206%2C1536&amp;ssl=1 1206w, https:\/\/i0.wp.com\/www.atelier-reklama.sk\/blog\/wp-content\/uploads\/2023\/04\/4B.-Mu%C5%BEsk%C3%A1-n%C3%A1prsenka-Doln%C3%A9-Mladonice-prv%C3%A1-pol.-20.-stor.-p%C3%B4vodn%C3%BD-vlastn%C3%ADk-nezn%C3%A1m-scaled.jpg?resize=1608%2C2048&amp;ssl=1 1608w, https:\/\/i0.wp.com\/www.atelier-reklama.sk\/blog\/wp-content\/uploads\/2023\/04\/4B.-Mu%C5%BEsk%C3%A1-n%C3%A1prsenka-Doln%C3%A9-Mladonice-prv%C3%A1-pol.-20.-stor.-p%C3%B4vodn%C3%BD-vlastn%C3%ADk-nezn%C3%A1m-scaled.jpg?w=2011&amp;ssl=1 2011w\" sizes=\"auto, (max-width: 800px) 100vw, 800px\" \/><\/figure>\n\n\n\n<figure class=\"wp-block-image size-large\"><img data-recalc-dims=\"1\" loading=\"lazy\" decoding=\"async\" width=\"800\" height=\"670\" data-attachment-id=\"13521\" data-permalink=\"https:\/\/www.atelier-reklama.sk\/blog\/moj-krekacsky-kroj-a-jeho-prekreslene-vzory-spolu\/4d-muzska-naprsenka-dolne-mladonice-prva-pol-20-stor-povodny-vlastnik-neznam\/\" data-orig-file=\"https:\/\/i0.wp.com\/www.atelier-reklama.sk\/blog\/wp-content\/uploads\/2023\/04\/4D.-Mu%C5%BEsk%C3%A1-n%C3%A1prsenka-Doln%C3%A9-Mladonice-prv%C3%A1-pol.-20.-stor.-p%C3%B4vodn%C3%BD-vlastn%C3%ADk-nezn%C3%A1m-scaled.jpg?fit=2560%2C2145&amp;ssl=1\" data-orig-size=\"2560,2145\" data-comments-opened=\"1\" data-image-meta=\"{&quot;aperture&quot;:&quot;2&quot;,&quot;credit&quot;:&quot;&quot;,&quot;camera&quot;:&quot;SM-A125F&quot;,&quot;caption&quot;:&quot;&quot;,&quot;created_timestamp&quot;:&quot;1679990474&quot;,&quot;copyright&quot;:&quot;&quot;,&quot;focal_length&quot;:&quot;4.6&quot;,&quot;iso&quot;:&quot;125&quot;,&quot;shutter_speed&quot;:&quot;0.02&quot;,&quot;title&quot;:&quot;&quot;,&quot;orientation&quot;:&quot;1&quot;}\" data-image-title=\"4D.-Mu\u017esk\u00e1-n\u00e1prsenka-Doln\u00e9-Mladonice-prv\u00e1-pol.-20.-stor.-p\u00f4vodn\u00fd-vlastn\u00edk-nezn\u00e1m\" data-image-description=\"\" data-image-caption=\"\" data-medium-file=\"https:\/\/i0.wp.com\/www.atelier-reklama.sk\/blog\/wp-content\/uploads\/2023\/04\/4D.-Mu%C5%BEsk%C3%A1-n%C3%A1prsenka-Doln%C3%A9-Mladonice-prv%C3%A1-pol.-20.-stor.-p%C3%B4vodn%C3%BD-vlastn%C3%ADk-nezn%C3%A1m-scaled.jpg?fit=300%2C251&amp;ssl=1\" data-large-file=\"https:\/\/i0.wp.com\/www.atelier-reklama.sk\/blog\/wp-content\/uploads\/2023\/04\/4D.-Mu%C5%BEsk%C3%A1-n%C3%A1prsenka-Doln%C3%A9-Mladonice-prv%C3%A1-pol.-20.-stor.-p%C3%B4vodn%C3%BD-vlastn%C3%ADk-nezn%C3%A1m-scaled.jpg?fit=800%2C670&amp;ssl=1\" src=\"https:\/\/i0.wp.com\/www.atelier-reklama.sk\/blog\/wp-content\/uploads\/2023\/04\/4D.-Mu%C5%BEsk%C3%A1-n%C3%A1prsenka-Doln%C3%A9-Mladonice-prv%C3%A1-pol.-20.-stor.-p%C3%B4vodn%C3%BD-vlastn%C3%ADk-nezn%C3%A1m.jpg?resize=800%2C670&#038;ssl=1\" alt=\"\" class=\"wp-image-13521\" srcset=\"https:\/\/i0.wp.com\/www.atelier-reklama.sk\/blog\/wp-content\/uploads\/2023\/04\/4D.-Mu%C5%BEsk%C3%A1-n%C3%A1prsenka-Doln%C3%A9-Mladonice-prv%C3%A1-pol.-20.-stor.-p%C3%B4vodn%C3%BD-vlastn%C3%ADk-nezn%C3%A1m-scaled.jpg?resize=1024%2C858&amp;ssl=1 1024w, https:\/\/i0.wp.com\/www.atelier-reklama.sk\/blog\/wp-content\/uploads\/2023\/04\/4D.-Mu%C5%BEsk%C3%A1-n%C3%A1prsenka-Doln%C3%A9-Mladonice-prv%C3%A1-pol.-20.-stor.-p%C3%B4vodn%C3%BD-vlastn%C3%ADk-nezn%C3%A1m-scaled.jpg?resize=300%2C251&amp;ssl=1 300w, https:\/\/i0.wp.com\/www.atelier-reklama.sk\/blog\/wp-content\/uploads\/2023\/04\/4D.-Mu%C5%BEsk%C3%A1-n%C3%A1prsenka-Doln%C3%A9-Mladonice-prv%C3%A1-pol.-20.-stor.-p%C3%B4vodn%C3%BD-vlastn%C3%ADk-nezn%C3%A1m-scaled.jpg?resize=768%2C643&amp;ssl=1 768w, https:\/\/i0.wp.com\/www.atelier-reklama.sk\/blog\/wp-content\/uploads\/2023\/04\/4D.-Mu%C5%BEsk%C3%A1-n%C3%A1prsenka-Doln%C3%A9-Mladonice-prv%C3%A1-pol.-20.-stor.-p%C3%B4vodn%C3%BD-vlastn%C3%ADk-nezn%C3%A1m-scaled.jpg?resize=1536%2C1287&amp;ssl=1 1536w, https:\/\/i0.wp.com\/www.atelier-reklama.sk\/blog\/wp-content\/uploads\/2023\/04\/4D.-Mu%C5%BEsk%C3%A1-n%C3%A1prsenka-Doln%C3%A9-Mladonice-prv%C3%A1-pol.-20.-stor.-p%C3%B4vodn%C3%BD-vlastn%C3%ADk-nezn%C3%A1m-scaled.jpg?resize=2048%2C1716&amp;ssl=1 2048w, https:\/\/i0.wp.com\/www.atelier-reklama.sk\/blog\/wp-content\/uploads\/2023\/04\/4D.-Mu%C5%BEsk%C3%A1-n%C3%A1prsenka-Doln%C3%A9-Mladonice-prv%C3%A1-pol.-20.-stor.-p%C3%B4vodn%C3%BD-vlastn%C3%ADk-nezn%C3%A1m-scaled.jpg?w=1600&amp;ssl=1 1600w, https:\/\/i0.wp.com\/www.atelier-reklama.sk\/blog\/wp-content\/uploads\/2023\/04\/4D.-Mu%C5%BEsk%C3%A1-n%C3%A1prsenka-Doln%C3%A9-Mladonice-prv%C3%A1-pol.-20.-stor.-p%C3%B4vodn%C3%BD-vlastn%C3%ADk-nezn%C3%A1m-scaled.jpg?w=2400&amp;ssl=1 2400w\" sizes=\"auto, (max-width: 800px) 100vw, 800px\" \/><\/figure>\n\n\n\n<figure class=\"wp-block-image size-large\"><img data-recalc-dims=\"1\" loading=\"lazy\" decoding=\"async\" width=\"800\" height=\"566\" data-attachment-id=\"13553\" data-permalink=\"https:\/\/www.atelier-reklama.sk\/blog\/moj-krekacsky-kroj-a-jeho-prekreslene-vzory-spolu\/4c-muzska-naprsenka-dol-mladonice-prva-pol-20-stor-povodny-vlastnik-neznamy\/\" data-orig-file=\"https:\/\/i0.wp.com\/www.atelier-reklama.sk\/blog\/wp-content\/uploads\/2023\/04\/4C.-Mu%C5%BEsk%C3%A1-n%C3%A1prsenka-Dol.-Mladonice-prv%C3%A1-pol.-20.-stor.-p%C3%B4vodn%C3%BD-vlastn%C3%ADk-nezn%C3%A1my-scaled.jpg?fit=2560%2C1810&amp;ssl=1\" data-orig-size=\"2560,1810\" data-comments-opened=\"1\" data-image-meta=\"{&quot;aperture&quot;:&quot;0&quot;,&quot;credit&quot;:&quot;&quot;,&quot;camera&quot;:&quot;&quot;,&quot;caption&quot;:&quot;&quot;,&quot;created_timestamp&quot;:&quot;0&quot;,&quot;copyright&quot;:&quot;&quot;,&quot;focal_length&quot;:&quot;0&quot;,&quot;iso&quot;:&quot;0&quot;,&quot;shutter_speed&quot;:&quot;0&quot;,&quot;title&quot;:&quot;&quot;,&quot;orientation&quot;:&quot;1&quot;}\" data-image-title=\"4C.-Mu\u017esk\u00e1-n\u00e1prsenka-Dol.-Mladonice-prv\u00e1-pol.-20.-stor.-p\u00f4vodn\u00fd-vlastn\u00edk-nezn\u00e1my\" data-image-description=\"\" data-image-caption=\"\" data-medium-file=\"https:\/\/i0.wp.com\/www.atelier-reklama.sk\/blog\/wp-content\/uploads\/2023\/04\/4C.-Mu%C5%BEsk%C3%A1-n%C3%A1prsenka-Dol.-Mladonice-prv%C3%A1-pol.-20.-stor.-p%C3%B4vodn%C3%BD-vlastn%C3%ADk-nezn%C3%A1my-scaled.jpg?fit=300%2C212&amp;ssl=1\" data-large-file=\"https:\/\/i0.wp.com\/www.atelier-reklama.sk\/blog\/wp-content\/uploads\/2023\/04\/4C.-Mu%C5%BEsk%C3%A1-n%C3%A1prsenka-Dol.-Mladonice-prv%C3%A1-pol.-20.-stor.-p%C3%B4vodn%C3%BD-vlastn%C3%ADk-nezn%C3%A1my-scaled.jpg?fit=800%2C566&amp;ssl=1\" src=\"https:\/\/i0.wp.com\/www.atelier-reklama.sk\/blog\/wp-content\/uploads\/2023\/04\/4C.-Mu%C5%BEsk%C3%A1-n%C3%A1prsenka-Dol.-Mladonice-prv%C3%A1-pol.-20.-stor.-p%C3%B4vodn%C3%BD-vlastn%C3%ADk-nezn%C3%A1my.jpg?resize=800%2C566&#038;ssl=1\" alt=\"\" class=\"wp-image-13553\" srcset=\"https:\/\/i0.wp.com\/www.atelier-reklama.sk\/blog\/wp-content\/uploads\/2023\/04\/4C.-Mu%C5%BEsk%C3%A1-n%C3%A1prsenka-Dol.-Mladonice-prv%C3%A1-pol.-20.-stor.-p%C3%B4vodn%C3%BD-vlastn%C3%ADk-nezn%C3%A1my-scaled.jpg?resize=1024%2C724&amp;ssl=1 1024w, https:\/\/i0.wp.com\/www.atelier-reklama.sk\/blog\/wp-content\/uploads\/2023\/04\/4C.-Mu%C5%BEsk%C3%A1-n%C3%A1prsenka-Dol.-Mladonice-prv%C3%A1-pol.-20.-stor.-p%C3%B4vodn%C3%BD-vlastn%C3%ADk-nezn%C3%A1my-scaled.jpg?resize=300%2C212&amp;ssl=1 300w, https:\/\/i0.wp.com\/www.atelier-reklama.sk\/blog\/wp-content\/uploads\/2023\/04\/4C.-Mu%C5%BEsk%C3%A1-n%C3%A1prsenka-Dol.-Mladonice-prv%C3%A1-pol.-20.-stor.-p%C3%B4vodn%C3%BD-vlastn%C3%ADk-nezn%C3%A1my-scaled.jpg?resize=768%2C543&amp;ssl=1 768w, https:\/\/i0.wp.com\/www.atelier-reklama.sk\/blog\/wp-content\/uploads\/2023\/04\/4C.-Mu%C5%BEsk%C3%A1-n%C3%A1prsenka-Dol.-Mladonice-prv%C3%A1-pol.-20.-stor.-p%C3%B4vodn%C3%BD-vlastn%C3%ADk-nezn%C3%A1my-scaled.jpg?resize=1536%2C1086&amp;ssl=1 1536w, https:\/\/i0.wp.com\/www.atelier-reklama.sk\/blog\/wp-content\/uploads\/2023\/04\/4C.-Mu%C5%BEsk%C3%A1-n%C3%A1prsenka-Dol.-Mladonice-prv%C3%A1-pol.-20.-stor.-p%C3%B4vodn%C3%BD-vlastn%C3%ADk-nezn%C3%A1my-scaled.jpg?resize=2048%2C1448&amp;ssl=1 2048w, https:\/\/i0.wp.com\/www.atelier-reklama.sk\/blog\/wp-content\/uploads\/2023\/04\/4C.-Mu%C5%BEsk%C3%A1-n%C3%A1prsenka-Dol.-Mladonice-prv%C3%A1-pol.-20.-stor.-p%C3%B4vodn%C3%BD-vlastn%C3%ADk-nezn%C3%A1my-scaled.jpg?w=1600&amp;ssl=1 1600w, https:\/\/i0.wp.com\/www.atelier-reklama.sk\/blog\/wp-content\/uploads\/2023\/04\/4C.-Mu%C5%BEsk%C3%A1-n%C3%A1prsenka-Dol.-Mladonice-prv%C3%A1-pol.-20.-stor.-p%C3%B4vodn%C3%BD-vlastn%C3%ADk-nezn%C3%A1my-scaled.jpg?w=2400&amp;ssl=1 2400w\" sizes=\"auto, (max-width: 800px) 100vw, 800px\" \/><\/figure>\n\n\n\n<p>5. Mu\u017esk\u00e1 n\u00e1prsenka, Doln\u00e9 Mladonice, prv\u00e1 pol. 20. stor., p\u00f4vodn\u00fd vlastn\u00edk nezn\u00e1my<\/p>\n\n\n\n<figure class=\"wp-block-image size-large\"><img data-recalc-dims=\"1\" loading=\"lazy\" decoding=\"async\" width=\"559\" height=\"1024\" data-attachment-id=\"13522\" data-permalink=\"https:\/\/www.atelier-reklama.sk\/blog\/moj-krekacsky-kroj-a-jeho-prekreslene-vzory-spolu\/5a-muzska-naprsenka-dolne-mladonice-prva-pol-20-stor-povodny-vlastnik-neznam\/\" data-orig-file=\"https:\/\/i0.wp.com\/www.atelier-reklama.sk\/blog\/wp-content\/uploads\/2023\/04\/5A.-Mu%C5%BEsk%C3%A1-n%C3%A1prsenka-Doln%C3%A9-Mladonice-prv%C3%A1-pol.-20.-stor.-p%C3%B4vodn%C3%BD-vlastn%C3%ADk-nezn%C3%A1m-scaled.jpg?fit=1397%2C2560&amp;ssl=1\" data-orig-size=\"1397,2560\" data-comments-opened=\"1\" data-image-meta=\"{&quot;aperture&quot;:&quot;2&quot;,&quot;credit&quot;:&quot;&quot;,&quot;camera&quot;:&quot;SM-A125F&quot;,&quot;caption&quot;:&quot;&quot;,&quot;created_timestamp&quot;:&quot;1680433594&quot;,&quot;copyright&quot;:&quot;&quot;,&quot;focal_length&quot;:&quot;4.6&quot;,&quot;iso&quot;:&quot;64&quot;,&quot;shutter_speed&quot;:&quot;0.0199&quot;,&quot;title&quot;:&quot;&quot;,&quot;orientation&quot;:&quot;1&quot;}\" data-image-title=\"5A.-Mu\u017esk\u00e1-n\u00e1prsenka-Doln\u00e9-Mladonice-prv\u00e1-pol.-20.-stor.-p\u00f4vodn\u00fd-vlastn\u00edk-nezn\u00e1m\" data-image-description=\"\" data-image-caption=\"\" data-medium-file=\"https:\/\/i0.wp.com\/www.atelier-reklama.sk\/blog\/wp-content\/uploads\/2023\/04\/5A.-Mu%C5%BEsk%C3%A1-n%C3%A1prsenka-Doln%C3%A9-Mladonice-prv%C3%A1-pol.-20.-stor.-p%C3%B4vodn%C3%BD-vlastn%C3%ADk-nezn%C3%A1m-scaled.jpg?fit=164%2C300&amp;ssl=1\" data-large-file=\"https:\/\/i0.wp.com\/www.atelier-reklama.sk\/blog\/wp-content\/uploads\/2023\/04\/5A.-Mu%C5%BEsk%C3%A1-n%C3%A1prsenka-Doln%C3%A9-Mladonice-prv%C3%A1-pol.-20.-stor.-p%C3%B4vodn%C3%BD-vlastn%C3%ADk-nezn%C3%A1m-scaled.jpg?fit=559%2C1024&amp;ssl=1\" src=\"https:\/\/i0.wp.com\/www.atelier-reklama.sk\/blog\/wp-content\/uploads\/2023\/04\/5A.-Mu%C5%BEsk%C3%A1-n%C3%A1prsenka-Doln%C3%A9-Mladonice-prv%C3%A1-pol.-20.-stor.-p%C3%B4vodn%C3%BD-vlastn%C3%ADk-nezn%C3%A1m.jpg?resize=559%2C1024&#038;ssl=1\" alt=\"\" class=\"wp-image-13522\" srcset=\"https:\/\/i0.wp.com\/www.atelier-reklama.sk\/blog\/wp-content\/uploads\/2023\/04\/5A.-Mu%C5%BEsk%C3%A1-n%C3%A1prsenka-Doln%C3%A9-Mladonice-prv%C3%A1-pol.-20.-stor.-p%C3%B4vodn%C3%BD-vlastn%C3%ADk-nezn%C3%A1m-scaled.jpg?resize=559%2C1024&amp;ssl=1 559w, https:\/\/i0.wp.com\/www.atelier-reklama.sk\/blog\/wp-content\/uploads\/2023\/04\/5A.-Mu%C5%BEsk%C3%A1-n%C3%A1prsenka-Doln%C3%A9-Mladonice-prv%C3%A1-pol.-20.-stor.-p%C3%B4vodn%C3%BD-vlastn%C3%ADk-nezn%C3%A1m-scaled.jpg?resize=164%2C300&amp;ssl=1 164w, https:\/\/i0.wp.com\/www.atelier-reklama.sk\/blog\/wp-content\/uploads\/2023\/04\/5A.-Mu%C5%BEsk%C3%A1-n%C3%A1prsenka-Doln%C3%A9-Mladonice-prv%C3%A1-pol.-20.-stor.-p%C3%B4vodn%C3%BD-vlastn%C3%ADk-nezn%C3%A1m-scaled.jpg?resize=768%2C1408&amp;ssl=1 768w, https:\/\/i0.wp.com\/www.atelier-reklama.sk\/blog\/wp-content\/uploads\/2023\/04\/5A.-Mu%C5%BEsk%C3%A1-n%C3%A1prsenka-Doln%C3%A9-Mladonice-prv%C3%A1-pol.-20.-stor.-p%C3%B4vodn%C3%BD-vlastn%C3%ADk-nezn%C3%A1m-scaled.jpg?resize=838%2C1536&amp;ssl=1 838w, https:\/\/i0.wp.com\/www.atelier-reklama.sk\/blog\/wp-content\/uploads\/2023\/04\/5A.-Mu%C5%BEsk%C3%A1-n%C3%A1prsenka-Doln%C3%A9-Mladonice-prv%C3%A1-pol.-20.-stor.-p%C3%B4vodn%C3%BD-vlastn%C3%ADk-nezn%C3%A1m-scaled.jpg?resize=1117%2C2048&amp;ssl=1 1117w, https:\/\/i0.wp.com\/www.atelier-reklama.sk\/blog\/wp-content\/uploads\/2023\/04\/5A.-Mu%C5%BEsk%C3%A1-n%C3%A1prsenka-Doln%C3%A9-Mladonice-prv%C3%A1-pol.-20.-stor.-p%C3%B4vodn%C3%BD-vlastn%C3%ADk-nezn%C3%A1m-scaled.jpg?w=1397&amp;ssl=1 1397w\" sizes=\"auto, (max-width: 559px) 100vw, 559px\" \/><\/figure>\n\n\n\n<figure class=\"wp-block-image size-large\"><img data-recalc-dims=\"1\" loading=\"lazy\" decoding=\"async\" width=\"800\" height=\"566\" data-attachment-id=\"13554\" data-permalink=\"https:\/\/www.atelier-reklama.sk\/blog\/moj-krekacsky-kroj-a-jeho-prekreslene-vzory-spolu\/5b-muzska-naprsenka-dol-mladonice-prva-pol-20-stor-povodny-vlastnik-neznamy\/\" data-orig-file=\"https:\/\/i0.wp.com\/www.atelier-reklama.sk\/blog\/wp-content\/uploads\/2023\/04\/5B.-Mu%C5%BEsk%C3%A1-n%C3%A1prsenka-Dol.-Mladonice-prv%C3%A1-pol.-20.-stor.-p%C3%B4vodn%C3%BD-vlastn%C3%ADk-nezn%C3%A1my-scaled.jpg?fit=2560%2C1810&amp;ssl=1\" data-orig-size=\"2560,1810\" data-comments-opened=\"1\" data-image-meta=\"{&quot;aperture&quot;:&quot;0&quot;,&quot;credit&quot;:&quot;&quot;,&quot;camera&quot;:&quot;&quot;,&quot;caption&quot;:&quot;&quot;,&quot;created_timestamp&quot;:&quot;0&quot;,&quot;copyright&quot;:&quot;&quot;,&quot;focal_length&quot;:&quot;0&quot;,&quot;iso&quot;:&quot;0&quot;,&quot;shutter_speed&quot;:&quot;0&quot;,&quot;title&quot;:&quot;&quot;,&quot;orientation&quot;:&quot;0&quot;}\" data-image-title=\"5B.-Mu\u017esk\u00e1-n\u00e1prsenka-Dol.-Mladonice-prv\u00e1-pol.-20.-stor.-p\u00f4vodn\u00fd-vlastn\u00edk-nezn\u00e1my\" data-image-description=\"\" data-image-caption=\"\" data-medium-file=\"https:\/\/i0.wp.com\/www.atelier-reklama.sk\/blog\/wp-content\/uploads\/2023\/04\/5B.-Mu%C5%BEsk%C3%A1-n%C3%A1prsenka-Dol.-Mladonice-prv%C3%A1-pol.-20.-stor.-p%C3%B4vodn%C3%BD-vlastn%C3%ADk-nezn%C3%A1my-scaled.jpg?fit=300%2C212&amp;ssl=1\" data-large-file=\"https:\/\/i0.wp.com\/www.atelier-reklama.sk\/blog\/wp-content\/uploads\/2023\/04\/5B.-Mu%C5%BEsk%C3%A1-n%C3%A1prsenka-Dol.-Mladonice-prv%C3%A1-pol.-20.-stor.-p%C3%B4vodn%C3%BD-vlastn%C3%ADk-nezn%C3%A1my-scaled.jpg?fit=800%2C566&amp;ssl=1\" src=\"https:\/\/i0.wp.com\/www.atelier-reklama.sk\/blog\/wp-content\/uploads\/2023\/04\/5B.-Mu%C5%BEsk%C3%A1-n%C3%A1prsenka-Dol.-Mladonice-prv%C3%A1-pol.-20.-stor.-p%C3%B4vodn%C3%BD-vlastn%C3%ADk-nezn%C3%A1my.jpg?resize=800%2C566&#038;ssl=1\" alt=\"\" class=\"wp-image-13554\" srcset=\"https:\/\/i0.wp.com\/www.atelier-reklama.sk\/blog\/wp-content\/uploads\/2023\/04\/5B.-Mu%C5%BEsk%C3%A1-n%C3%A1prsenka-Dol.-Mladonice-prv%C3%A1-pol.-20.-stor.-p%C3%B4vodn%C3%BD-vlastn%C3%ADk-nezn%C3%A1my-scaled.jpg?resize=1024%2C724&amp;ssl=1 1024w, https:\/\/i0.wp.com\/www.atelier-reklama.sk\/blog\/wp-content\/uploads\/2023\/04\/5B.-Mu%C5%BEsk%C3%A1-n%C3%A1prsenka-Dol.-Mladonice-prv%C3%A1-pol.-20.-stor.-p%C3%B4vodn%C3%BD-vlastn%C3%ADk-nezn%C3%A1my-scaled.jpg?resize=300%2C212&amp;ssl=1 300w, https:\/\/i0.wp.com\/www.atelier-reklama.sk\/blog\/wp-content\/uploads\/2023\/04\/5B.-Mu%C5%BEsk%C3%A1-n%C3%A1prsenka-Dol.-Mladonice-prv%C3%A1-pol.-20.-stor.-p%C3%B4vodn%C3%BD-vlastn%C3%ADk-nezn%C3%A1my-scaled.jpg?resize=768%2C543&amp;ssl=1 768w, https:\/\/i0.wp.com\/www.atelier-reklama.sk\/blog\/wp-content\/uploads\/2023\/04\/5B.-Mu%C5%BEsk%C3%A1-n%C3%A1prsenka-Dol.-Mladonice-prv%C3%A1-pol.-20.-stor.-p%C3%B4vodn%C3%BD-vlastn%C3%ADk-nezn%C3%A1my-scaled.jpg?resize=1536%2C1086&amp;ssl=1 1536w, https:\/\/i0.wp.com\/www.atelier-reklama.sk\/blog\/wp-content\/uploads\/2023\/04\/5B.-Mu%C5%BEsk%C3%A1-n%C3%A1prsenka-Dol.-Mladonice-prv%C3%A1-pol.-20.-stor.-p%C3%B4vodn%C3%BD-vlastn%C3%ADk-nezn%C3%A1my-scaled.jpg?resize=2048%2C1448&amp;ssl=1 2048w, https:\/\/i0.wp.com\/www.atelier-reklama.sk\/blog\/wp-content\/uploads\/2023\/04\/5B.-Mu%C5%BEsk%C3%A1-n%C3%A1prsenka-Dol.-Mladonice-prv%C3%A1-pol.-20.-stor.-p%C3%B4vodn%C3%BD-vlastn%C3%ADk-nezn%C3%A1my-scaled.jpg?w=1600&amp;ssl=1 1600w, https:\/\/i0.wp.com\/www.atelier-reklama.sk\/blog\/wp-content\/uploads\/2023\/04\/5B.-Mu%C5%BEsk%C3%A1-n%C3%A1prsenka-Dol.-Mladonice-prv%C3%A1-pol.-20.-stor.-p%C3%B4vodn%C3%BD-vlastn%C3%ADk-nezn%C3%A1my-scaled.jpg?w=2400&amp;ssl=1 2400w\" sizes=\"auto, (max-width: 800px) 100vw, 800px\" \/><\/figure>\n\n\n\n<figure class=\"wp-block-image size-large\"><img data-recalc-dims=\"1\" loading=\"lazy\" decoding=\"async\" width=\"800\" height=\"611\" data-attachment-id=\"13523\" data-permalink=\"https:\/\/www.atelier-reklama.sk\/blog\/moj-krekacsky-kroj-a-jeho-prekreslene-vzory-spolu\/5c-muzska-naprsenka-dolne-mladonice-prva-pol-20-stor-povodny-vlastnik-neznamy\/\" data-orig-file=\"https:\/\/i0.wp.com\/www.atelier-reklama.sk\/blog\/wp-content\/uploads\/2023\/04\/5C.-Mu%C5%BEsk%C3%A1-n%C3%A1prsenka-Doln%C3%A9-Mladonice-prv%C3%A1-pol.-20.-stor.-p%C3%B4vodn%C3%BD-vlastn%C3%ADk-nezn%C3%A1my-scaled.jpg?fit=2560%2C1954&amp;ssl=1\" data-orig-size=\"2560,1954\" data-comments-opened=\"1\" data-image-meta=\"{&quot;aperture&quot;:&quot;2&quot;,&quot;credit&quot;:&quot;&quot;,&quot;camera&quot;:&quot;SM-A125F&quot;,&quot;caption&quot;:&quot;&quot;,&quot;created_timestamp&quot;:&quot;1680433604&quot;,&quot;copyright&quot;:&quot;&quot;,&quot;focal_length&quot;:&quot;4.6&quot;,&quot;iso&quot;:&quot;50&quot;,&quot;shutter_speed&quot;:&quot;0.0199&quot;,&quot;title&quot;:&quot;&quot;,&quot;orientation&quot;:&quot;1&quot;}\" data-image-title=\"5C.-Mu\u017esk\u00e1-n\u00e1prsenka-Doln\u00e9-Mladonice-prv\u00e1-pol.-20.-stor.-p\u00f4vodn\u00fd-vlastn\u00edk-nezn\u00e1my\" data-image-description=\"\" data-image-caption=\"\" data-medium-file=\"https:\/\/i0.wp.com\/www.atelier-reklama.sk\/blog\/wp-content\/uploads\/2023\/04\/5C.-Mu%C5%BEsk%C3%A1-n%C3%A1prsenka-Doln%C3%A9-Mladonice-prv%C3%A1-pol.-20.-stor.-p%C3%B4vodn%C3%BD-vlastn%C3%ADk-nezn%C3%A1my-scaled.jpg?fit=300%2C229&amp;ssl=1\" data-large-file=\"https:\/\/i0.wp.com\/www.atelier-reklama.sk\/blog\/wp-content\/uploads\/2023\/04\/5C.-Mu%C5%BEsk%C3%A1-n%C3%A1prsenka-Doln%C3%A9-Mladonice-prv%C3%A1-pol.-20.-stor.-p%C3%B4vodn%C3%BD-vlastn%C3%ADk-nezn%C3%A1my-scaled.jpg?fit=800%2C611&amp;ssl=1\" src=\"https:\/\/i0.wp.com\/www.atelier-reklama.sk\/blog\/wp-content\/uploads\/2023\/04\/5C.-Mu%C5%BEsk%C3%A1-n%C3%A1prsenka-Doln%C3%A9-Mladonice-prv%C3%A1-pol.-20.-stor.-p%C3%B4vodn%C3%BD-vlastn%C3%ADk-nezn%C3%A1my.jpg?resize=800%2C611&#038;ssl=1\" alt=\"\" class=\"wp-image-13523\" srcset=\"https:\/\/i0.wp.com\/www.atelier-reklama.sk\/blog\/wp-content\/uploads\/2023\/04\/5C.-Mu%C5%BEsk%C3%A1-n%C3%A1prsenka-Doln%C3%A9-Mladonice-prv%C3%A1-pol.-20.-stor.-p%C3%B4vodn%C3%BD-vlastn%C3%ADk-nezn%C3%A1my-scaled.jpg?resize=1024%2C782&amp;ssl=1 1024w, https:\/\/i0.wp.com\/www.atelier-reklama.sk\/blog\/wp-content\/uploads\/2023\/04\/5C.-Mu%C5%BEsk%C3%A1-n%C3%A1prsenka-Doln%C3%A9-Mladonice-prv%C3%A1-pol.-20.-stor.-p%C3%B4vodn%C3%BD-vlastn%C3%ADk-nezn%C3%A1my-scaled.jpg?resize=300%2C229&amp;ssl=1 300w, https:\/\/i0.wp.com\/www.atelier-reklama.sk\/blog\/wp-content\/uploads\/2023\/04\/5C.-Mu%C5%BEsk%C3%A1-n%C3%A1prsenka-Doln%C3%A9-Mladonice-prv%C3%A1-pol.-20.-stor.-p%C3%B4vodn%C3%BD-vlastn%C3%ADk-nezn%C3%A1my-scaled.jpg?resize=768%2C586&amp;ssl=1 768w, https:\/\/i0.wp.com\/www.atelier-reklama.sk\/blog\/wp-content\/uploads\/2023\/04\/5C.-Mu%C5%BEsk%C3%A1-n%C3%A1prsenka-Doln%C3%A9-Mladonice-prv%C3%A1-pol.-20.-stor.-p%C3%B4vodn%C3%BD-vlastn%C3%ADk-nezn%C3%A1my-scaled.jpg?resize=1536%2C1172&amp;ssl=1 1536w, https:\/\/i0.wp.com\/www.atelier-reklama.sk\/blog\/wp-content\/uploads\/2023\/04\/5C.-Mu%C5%BEsk%C3%A1-n%C3%A1prsenka-Doln%C3%A9-Mladonice-prv%C3%A1-pol.-20.-stor.-p%C3%B4vodn%C3%BD-vlastn%C3%ADk-nezn%C3%A1my-scaled.jpg?resize=2048%2C1563&amp;ssl=1 2048w, https:\/\/i0.wp.com\/www.atelier-reklama.sk\/blog\/wp-content\/uploads\/2023\/04\/5C.-Mu%C5%BEsk%C3%A1-n%C3%A1prsenka-Doln%C3%A9-Mladonice-prv%C3%A1-pol.-20.-stor.-p%C3%B4vodn%C3%BD-vlastn%C3%ADk-nezn%C3%A1my-scaled.jpg?w=1600&amp;ssl=1 1600w, https:\/\/i0.wp.com\/www.atelier-reklama.sk\/blog\/wp-content\/uploads\/2023\/04\/5C.-Mu%C5%BEsk%C3%A1-n%C3%A1prsenka-Doln%C3%A9-Mladonice-prv%C3%A1-pol.-20.-stor.-p%C3%B4vodn%C3%BD-vlastn%C3%ADk-nezn%C3%A1my-scaled.jpg?w=2400&amp;ssl=1 2400w\" sizes=\"auto, (max-width: 800px) 100vw, 800px\" \/><\/figure>\n\n\n\n<p>6. Mu\u017esk\u00e1 n\u00e1prsenka, Bzov\u00edk a okolie, p\u00f4vodn\u00fd vlastn\u00edk nezn\u00e1my<\/p>\n\n\n\n<figure class=\"wp-block-image size-large\"><img data-recalc-dims=\"1\" loading=\"lazy\" decoding=\"async\" width=\"639\" height=\"1024\" data-attachment-id=\"13524\" data-permalink=\"https:\/\/www.atelier-reklama.sk\/blog\/moj-krekacsky-kroj-a-jeho-prekreslene-vzory-spolu\/6a-muzska-naprsenka-bzovik-a-okolie-povodny-vlastnik-neznamy\/\" data-orig-file=\"https:\/\/i0.wp.com\/www.atelier-reklama.sk\/blog\/wp-content\/uploads\/2023\/04\/6A.-Mu%C5%BEsk%C3%A1-n%C3%A1prsenka-Bzov%C3%ADk-a-okolie-p%C3%B4vodn%C3%BD-vlastn%C3%ADk-nezn%C3%A1my-scaled.jpg?fit=1597%2C2560&amp;ssl=1\" data-orig-size=\"1597,2560\" data-comments-opened=\"1\" data-image-meta=\"{&quot;aperture&quot;:&quot;2&quot;,&quot;credit&quot;:&quot;&quot;,&quot;camera&quot;:&quot;SM-A125F&quot;,&quot;caption&quot;:&quot;&quot;,&quot;created_timestamp&quot;:&quot;1680433550&quot;,&quot;copyright&quot;:&quot;&quot;,&quot;focal_length&quot;:&quot;4.6&quot;,&quot;iso&quot;:&quot;50&quot;,&quot;shutter_speed&quot;:&quot;0.0199&quot;,&quot;title&quot;:&quot;&quot;,&quot;orientation&quot;:&quot;1&quot;}\" data-image-title=\"6A.-Mu\u017esk\u00e1-n\u00e1prsenka-Bzov\u00edk-a-okolie-p\u00f4vodn\u00fd-vlastn\u00edk-nezn\u00e1my\" data-image-description=\"\" data-image-caption=\"\" data-medium-file=\"https:\/\/i0.wp.com\/www.atelier-reklama.sk\/blog\/wp-content\/uploads\/2023\/04\/6A.-Mu%C5%BEsk%C3%A1-n%C3%A1prsenka-Bzov%C3%ADk-a-okolie-p%C3%B4vodn%C3%BD-vlastn%C3%ADk-nezn%C3%A1my-scaled.jpg?fit=187%2C300&amp;ssl=1\" data-large-file=\"https:\/\/i0.wp.com\/www.atelier-reklama.sk\/blog\/wp-content\/uploads\/2023\/04\/6A.-Mu%C5%BEsk%C3%A1-n%C3%A1prsenka-Bzov%C3%ADk-a-okolie-p%C3%B4vodn%C3%BD-vlastn%C3%ADk-nezn%C3%A1my-scaled.jpg?fit=639%2C1024&amp;ssl=1\" src=\"https:\/\/i0.wp.com\/www.atelier-reklama.sk\/blog\/wp-content\/uploads\/2023\/04\/6A.-Mu%C5%BEsk%C3%A1-n%C3%A1prsenka-Bzov%C3%ADk-a-okolie-p%C3%B4vodn%C3%BD-vlastn%C3%ADk-nezn%C3%A1my.jpg?resize=639%2C1024&#038;ssl=1\" alt=\"\" class=\"wp-image-13524\" srcset=\"https:\/\/i0.wp.com\/www.atelier-reklama.sk\/blog\/wp-content\/uploads\/2023\/04\/6A.-Mu%C5%BEsk%C3%A1-n%C3%A1prsenka-Bzov%C3%ADk-a-okolie-p%C3%B4vodn%C3%BD-vlastn%C3%ADk-nezn%C3%A1my-scaled.jpg?resize=639%2C1024&amp;ssl=1 639w, https:\/\/i0.wp.com\/www.atelier-reklama.sk\/blog\/wp-content\/uploads\/2023\/04\/6A.-Mu%C5%BEsk%C3%A1-n%C3%A1prsenka-Bzov%C3%ADk-a-okolie-p%C3%B4vodn%C3%BD-vlastn%C3%ADk-nezn%C3%A1my-scaled.jpg?resize=187%2C300&amp;ssl=1 187w, https:\/\/i0.wp.com\/www.atelier-reklama.sk\/blog\/wp-content\/uploads\/2023\/04\/6A.-Mu%C5%BEsk%C3%A1-n%C3%A1prsenka-Bzov%C3%ADk-a-okolie-p%C3%B4vodn%C3%BD-vlastn%C3%ADk-nezn%C3%A1my-scaled.jpg?resize=768%2C1231&amp;ssl=1 768w, https:\/\/i0.wp.com\/www.atelier-reklama.sk\/blog\/wp-content\/uploads\/2023\/04\/6A.-Mu%C5%BEsk%C3%A1-n%C3%A1prsenka-Bzov%C3%ADk-a-okolie-p%C3%B4vodn%C3%BD-vlastn%C3%ADk-nezn%C3%A1my-scaled.jpg?resize=958%2C1536&amp;ssl=1 958w, https:\/\/i0.wp.com\/www.atelier-reklama.sk\/blog\/wp-content\/uploads\/2023\/04\/6A.-Mu%C5%BEsk%C3%A1-n%C3%A1prsenka-Bzov%C3%ADk-a-okolie-p%C3%B4vodn%C3%BD-vlastn%C3%ADk-nezn%C3%A1my-scaled.jpg?resize=1278%2C2048&amp;ssl=1 1278w, https:\/\/i0.wp.com\/www.atelier-reklama.sk\/blog\/wp-content\/uploads\/2023\/04\/6A.-Mu%C5%BEsk%C3%A1-n%C3%A1prsenka-Bzov%C3%ADk-a-okolie-p%C3%B4vodn%C3%BD-vlastn%C3%ADk-nezn%C3%A1my-scaled.jpg?w=1597&amp;ssl=1 1597w\" sizes=\"auto, (max-width: 639px) 100vw, 639px\" \/><\/figure>\n\n\n\n<figure class=\"wp-block-image size-large\"><img data-recalc-dims=\"1\" loading=\"lazy\" decoding=\"async\" width=\"800\" height=\"697\" data-attachment-id=\"13525\" data-permalink=\"https:\/\/www.atelier-reklama.sk\/blog\/moj-krekacsky-kroj-a-jeho-prekreslene-vzory-spolu\/6b-muzska-naprsenka-bzovik-a-okolie-prva-pol-20-stor-povodny-vlastnik-neznamy\/\" data-orig-file=\"https:\/\/i0.wp.com\/www.atelier-reklama.sk\/blog\/wp-content\/uploads\/2023\/04\/6B.-Mu%C5%BEsk%C3%A1-n%C3%A1prsenka-Bzov%C3%ADk-a-okolie-prv%C3%A1-pol.-20.-stor.-p%C3%B4vodn%C3%BD-vlastn%C3%ADk-nezn%C3%A1my-scaled.jpg?fit=2560%2C2230&amp;ssl=1\" data-orig-size=\"2560,2230\" data-comments-opened=\"1\" data-image-meta=\"{&quot;aperture&quot;:&quot;2&quot;,&quot;credit&quot;:&quot;&quot;,&quot;camera&quot;:&quot;SM-A125F&quot;,&quot;caption&quot;:&quot;&quot;,&quot;created_timestamp&quot;:&quot;1680433561&quot;,&quot;copyright&quot;:&quot;&quot;,&quot;focal_length&quot;:&quot;4.6&quot;,&quot;iso&quot;:&quot;64&quot;,&quot;shutter_speed&quot;:&quot;0.0199&quot;,&quot;title&quot;:&quot;&quot;,&quot;orientation&quot;:&quot;1&quot;}\" data-image-title=\"6B.-Mu\u017esk\u00e1-n\u00e1prsenka-Bzov\u00edk-a-okolie-prv\u00e1-pol.-20.-stor.-p\u00f4vodn\u00fd-vlastn\u00edk-nezn\u00e1my\" data-image-description=\"\" data-image-caption=\"\" data-medium-file=\"https:\/\/i0.wp.com\/www.atelier-reklama.sk\/blog\/wp-content\/uploads\/2023\/04\/6B.-Mu%C5%BEsk%C3%A1-n%C3%A1prsenka-Bzov%C3%ADk-a-okolie-prv%C3%A1-pol.-20.-stor.-p%C3%B4vodn%C3%BD-vlastn%C3%ADk-nezn%C3%A1my-scaled.jpg?fit=300%2C261&amp;ssl=1\" data-large-file=\"https:\/\/i0.wp.com\/www.atelier-reklama.sk\/blog\/wp-content\/uploads\/2023\/04\/6B.-Mu%C5%BEsk%C3%A1-n%C3%A1prsenka-Bzov%C3%ADk-a-okolie-prv%C3%A1-pol.-20.-stor.-p%C3%B4vodn%C3%BD-vlastn%C3%ADk-nezn%C3%A1my-scaled.jpg?fit=800%2C697&amp;ssl=1\" src=\"https:\/\/i0.wp.com\/www.atelier-reklama.sk\/blog\/wp-content\/uploads\/2023\/04\/6B.-Mu%C5%BEsk%C3%A1-n%C3%A1prsenka-Bzov%C3%ADk-a-okolie-prv%C3%A1-pol.-20.-stor.-p%C3%B4vodn%C3%BD-vlastn%C3%ADk-nezn%C3%A1my.jpg?resize=800%2C697&#038;ssl=1\" alt=\"\" class=\"wp-image-13525\" srcset=\"https:\/\/i0.wp.com\/www.atelier-reklama.sk\/blog\/wp-content\/uploads\/2023\/04\/6B.-Mu%C5%BEsk%C3%A1-n%C3%A1prsenka-Bzov%C3%ADk-a-okolie-prv%C3%A1-pol.-20.-stor.-p%C3%B4vodn%C3%BD-vlastn%C3%ADk-nezn%C3%A1my-scaled.jpg?resize=1024%2C892&amp;ssl=1 1024w, https:\/\/i0.wp.com\/www.atelier-reklama.sk\/blog\/wp-content\/uploads\/2023\/04\/6B.-Mu%C5%BEsk%C3%A1-n%C3%A1prsenka-Bzov%C3%ADk-a-okolie-prv%C3%A1-pol.-20.-stor.-p%C3%B4vodn%C3%BD-vlastn%C3%ADk-nezn%C3%A1my-scaled.jpg?resize=300%2C261&amp;ssl=1 300w, https:\/\/i0.wp.com\/www.atelier-reklama.sk\/blog\/wp-content\/uploads\/2023\/04\/6B.-Mu%C5%BEsk%C3%A1-n%C3%A1prsenka-Bzov%C3%ADk-a-okolie-prv%C3%A1-pol.-20.-stor.-p%C3%B4vodn%C3%BD-vlastn%C3%ADk-nezn%C3%A1my-scaled.jpg?resize=768%2C669&amp;ssl=1 768w, https:\/\/i0.wp.com\/www.atelier-reklama.sk\/blog\/wp-content\/uploads\/2023\/04\/6B.-Mu%C5%BEsk%C3%A1-n%C3%A1prsenka-Bzov%C3%ADk-a-okolie-prv%C3%A1-pol.-20.-stor.-p%C3%B4vodn%C3%BD-vlastn%C3%ADk-nezn%C3%A1my-scaled.jpg?resize=1536%2C1338&amp;ssl=1 1536w, https:\/\/i0.wp.com\/www.atelier-reklama.sk\/blog\/wp-content\/uploads\/2023\/04\/6B.-Mu%C5%BEsk%C3%A1-n%C3%A1prsenka-Bzov%C3%ADk-a-okolie-prv%C3%A1-pol.-20.-stor.-p%C3%B4vodn%C3%BD-vlastn%C3%ADk-nezn%C3%A1my-scaled.jpg?resize=2048%2C1784&amp;ssl=1 2048w, https:\/\/i0.wp.com\/www.atelier-reklama.sk\/blog\/wp-content\/uploads\/2023\/04\/6B.-Mu%C5%BEsk%C3%A1-n%C3%A1prsenka-Bzov%C3%ADk-a-okolie-prv%C3%A1-pol.-20.-stor.-p%C3%B4vodn%C3%BD-vlastn%C3%ADk-nezn%C3%A1my-scaled.jpg?w=1600&amp;ssl=1 1600w, https:\/\/i0.wp.com\/www.atelier-reklama.sk\/blog\/wp-content\/uploads\/2023\/04\/6B.-Mu%C5%BEsk%C3%A1-n%C3%A1prsenka-Bzov%C3%ADk-a-okolie-prv%C3%A1-pol.-20.-stor.-p%C3%B4vodn%C3%BD-vlastn%C3%ADk-nezn%C3%A1my-scaled.jpg?w=2400&amp;ssl=1 2400w\" sizes=\"auto, (max-width: 800px) 100vw, 800px\" \/><\/figure>\n\n\n\n<h6 class=\"wp-block-heading\">N\u00e1prsenky spolu<\/h6>\n\n\n\n<figure class=\"wp-block-image size-large\"><img data-recalc-dims=\"1\" loading=\"lazy\" decoding=\"async\" width=\"709\" height=\"1024\" data-attachment-id=\"13527\" data-permalink=\"https:\/\/www.atelier-reklama.sk\/blog\/moj-krekacsky-kroj-a-jeho-prekreslene-vzory-spolu\/7a-muzske-naprsenky-spolu-dolne-mladonice-bzovik-a-okolie\/\" data-orig-file=\"https:\/\/i0.wp.com\/www.atelier-reklama.sk\/blog\/wp-content\/uploads\/2023\/04\/7A.-Mu%C5%BEsk%C3%A9-n%C3%A1prsenky-spolu-Doln%C3%A9-Mladonice-Bzov%C3%ADk-a-okolie-scaled.jpg?fit=1772%2C2560&amp;ssl=1\" data-orig-size=\"1772,2560\" data-comments-opened=\"1\" data-image-meta=\"{&quot;aperture&quot;:&quot;2&quot;,&quot;credit&quot;:&quot;&quot;,&quot;camera&quot;:&quot;SM-A125F&quot;,&quot;caption&quot;:&quot;&quot;,&quot;created_timestamp&quot;:&quot;1680434330&quot;,&quot;copyright&quot;:&quot;&quot;,&quot;focal_length&quot;:&quot;4.6&quot;,&quot;iso&quot;:&quot;40&quot;,&quot;shutter_speed&quot;:&quot;0.0099&quot;,&quot;title&quot;:&quot;&quot;,&quot;orientation&quot;:&quot;1&quot;}\" data-image-title=\"7A.-Mu\u017esk\u00e9-n\u00e1prsenky-spolu-Doln\u00e9-Mladonice-Bzov\u00edk-a-okolie\" data-image-description=\"\" data-image-caption=\"\" data-medium-file=\"https:\/\/i0.wp.com\/www.atelier-reklama.sk\/blog\/wp-content\/uploads\/2023\/04\/7A.-Mu%C5%BEsk%C3%A9-n%C3%A1prsenky-spolu-Doln%C3%A9-Mladonice-Bzov%C3%ADk-a-okolie-scaled.jpg?fit=208%2C300&amp;ssl=1\" data-large-file=\"https:\/\/i0.wp.com\/www.atelier-reklama.sk\/blog\/wp-content\/uploads\/2023\/04\/7A.-Mu%C5%BEsk%C3%A9-n%C3%A1prsenky-spolu-Doln%C3%A9-Mladonice-Bzov%C3%ADk-a-okolie-scaled.jpg?fit=709%2C1024&amp;ssl=1\" src=\"https:\/\/i0.wp.com\/www.atelier-reklama.sk\/blog\/wp-content\/uploads\/2023\/04\/7A.-Mu%C5%BEsk%C3%A9-n%C3%A1prsenky-spolu-Doln%C3%A9-Mladonice-Bzov%C3%ADk-a-okolie.jpg?resize=709%2C1024&#038;ssl=1\" alt=\"\" class=\"wp-image-13527\" srcset=\"https:\/\/i0.wp.com\/www.atelier-reklama.sk\/blog\/wp-content\/uploads\/2023\/04\/7A.-Mu%C5%BEsk%C3%A9-n%C3%A1prsenky-spolu-Doln%C3%A9-Mladonice-Bzov%C3%ADk-a-okolie-scaled.jpg?resize=709%2C1024&amp;ssl=1 709w, https:\/\/i0.wp.com\/www.atelier-reklama.sk\/blog\/wp-content\/uploads\/2023\/04\/7A.-Mu%C5%BEsk%C3%A9-n%C3%A1prsenky-spolu-Doln%C3%A9-Mladonice-Bzov%C3%ADk-a-okolie-scaled.jpg?resize=208%2C300&amp;ssl=1 208w, https:\/\/i0.wp.com\/www.atelier-reklama.sk\/blog\/wp-content\/uploads\/2023\/04\/7A.-Mu%C5%BEsk%C3%A9-n%C3%A1prsenky-spolu-Doln%C3%A9-Mladonice-Bzov%C3%ADk-a-okolie-scaled.jpg?resize=768%2C1110&amp;ssl=1 768w, https:\/\/i0.wp.com\/www.atelier-reklama.sk\/blog\/wp-content\/uploads\/2023\/04\/7A.-Mu%C5%BEsk%C3%A9-n%C3%A1prsenky-spolu-Doln%C3%A9-Mladonice-Bzov%C3%ADk-a-okolie-scaled.jpg?resize=1063%2C1536&amp;ssl=1 1063w, https:\/\/i0.wp.com\/www.atelier-reklama.sk\/blog\/wp-content\/uploads\/2023\/04\/7A.-Mu%C5%BEsk%C3%A9-n%C3%A1prsenky-spolu-Doln%C3%A9-Mladonice-Bzov%C3%ADk-a-okolie-scaled.jpg?resize=1417%2C2048&amp;ssl=1 1417w, https:\/\/i0.wp.com\/www.atelier-reklama.sk\/blog\/wp-content\/uploads\/2023\/04\/7A.-Mu%C5%BEsk%C3%A9-n%C3%A1prsenky-spolu-Doln%C3%A9-Mladonice-Bzov%C3%ADk-a-okolie-scaled.jpg?w=1772&amp;ssl=1 1772w, https:\/\/i0.wp.com\/www.atelier-reklama.sk\/blog\/wp-content\/uploads\/2023\/04\/7A.-Mu%C5%BEsk%C3%A9-n%C3%A1prsenky-spolu-Doln%C3%A9-Mladonice-Bzov%C3%ADk-a-okolie-scaled.jpg?w=1600&amp;ssl=1 1600w\" sizes=\"auto, (max-width: 709px) 100vw, 709px\" \/><\/figure>\n\n\n\n<figure class=\"wp-block-image size-large\"><img data-recalc-dims=\"1\" loading=\"lazy\" decoding=\"async\" width=\"695\" height=\"1024\" data-attachment-id=\"13528\" data-permalink=\"https:\/\/www.atelier-reklama.sk\/blog\/moj-krekacsky-kroj-a-jeho-prekreslene-vzory-spolu\/7b-naprsenky-s-podobnym-vzorom-na-golieriku\/\" data-orig-file=\"https:\/\/i0.wp.com\/www.atelier-reklama.sk\/blog\/wp-content\/uploads\/2023\/04\/7B.-n%C3%A1prsenky-s-podobn%C3%BDm-vzorom-na-golieriku-scaled.jpg?fit=1738%2C2560&amp;ssl=1\" data-orig-size=\"1738,2560\" data-comments-opened=\"1\" data-image-meta=\"{&quot;aperture&quot;:&quot;2&quot;,&quot;credit&quot;:&quot;&quot;,&quot;camera&quot;:&quot;SM-A125F&quot;,&quot;caption&quot;:&quot;&quot;,&quot;created_timestamp&quot;:&quot;1680204855&quot;,&quot;copyright&quot;:&quot;&quot;,&quot;focal_length&quot;:&quot;4.6&quot;,&quot;iso&quot;:&quot;800&quot;,&quot;shutter_speed&quot;:&quot;0.0499&quot;,&quot;title&quot;:&quot;&quot;,&quot;orientation&quot;:&quot;1&quot;}\" data-image-title=\"7B.-n\u00e1prsenky-s-podobn\u00fdm-vzorom-na-golieriku\" data-image-description=\"\" data-image-caption=\"\" data-medium-file=\"https:\/\/i0.wp.com\/www.atelier-reklama.sk\/blog\/wp-content\/uploads\/2023\/04\/7B.-n%C3%A1prsenky-s-podobn%C3%BDm-vzorom-na-golieriku-scaled.jpg?fit=204%2C300&amp;ssl=1\" data-large-file=\"https:\/\/i0.wp.com\/www.atelier-reklama.sk\/blog\/wp-content\/uploads\/2023\/04\/7B.-n%C3%A1prsenky-s-podobn%C3%BDm-vzorom-na-golieriku-scaled.jpg?fit=695%2C1024&amp;ssl=1\" src=\"https:\/\/i0.wp.com\/www.atelier-reklama.sk\/blog\/wp-content\/uploads\/2023\/04\/7B.-n%C3%A1prsenky-s-podobn%C3%BDm-vzorom-na-golieriku.jpg?resize=695%2C1024&#038;ssl=1\" alt=\"\" class=\"wp-image-13528\" srcset=\"https:\/\/i0.wp.com\/www.atelier-reklama.sk\/blog\/wp-content\/uploads\/2023\/04\/7B.-n%C3%A1prsenky-s-podobn%C3%BDm-vzorom-na-golieriku-scaled.jpg?resize=695%2C1024&amp;ssl=1 695w, https:\/\/i0.wp.com\/www.atelier-reklama.sk\/blog\/wp-content\/uploads\/2023\/04\/7B.-n%C3%A1prsenky-s-podobn%C3%BDm-vzorom-na-golieriku-scaled.jpg?resize=204%2C300&amp;ssl=1 204w, https:\/\/i0.wp.com\/www.atelier-reklama.sk\/blog\/wp-content\/uploads\/2023\/04\/7B.-n%C3%A1prsenky-s-podobn%C3%BDm-vzorom-na-golieriku-scaled.jpg?resize=768%2C1131&amp;ssl=1 768w, https:\/\/i0.wp.com\/www.atelier-reklama.sk\/blog\/wp-content\/uploads\/2023\/04\/7B.-n%C3%A1prsenky-s-podobn%C3%BDm-vzorom-na-golieriku-scaled.jpg?resize=1043%2C1536&amp;ssl=1 1043w, https:\/\/i0.wp.com\/www.atelier-reklama.sk\/blog\/wp-content\/uploads\/2023\/04\/7B.-n%C3%A1prsenky-s-podobn%C3%BDm-vzorom-na-golieriku-scaled.jpg?resize=1391%2C2048&amp;ssl=1 1391w, https:\/\/i0.wp.com\/www.atelier-reklama.sk\/blog\/wp-content\/uploads\/2023\/04\/7B.-n%C3%A1prsenky-s-podobn%C3%BDm-vzorom-na-golieriku-scaled.jpg?w=1738&amp;ssl=1 1738w, https:\/\/i0.wp.com\/www.atelier-reklama.sk\/blog\/wp-content\/uploads\/2023\/04\/7B.-n%C3%A1prsenky-s-podobn%C3%BDm-vzorom-na-golieriku-scaled.jpg?w=1600&amp;ssl=1 1600w\" sizes=\"auto, (max-width: 695px) 100vw, 695px\" \/><figcaption class=\"wp-element-caption\">N\u00e1prsenky z Doln\u00fdch Mladon\u00edc, s podobn\u00fdm vzorom na stoja\u010diku.<\/figcaption><\/figure>\n\n\n\n<figure class=\"wp-block-image size-large\"><img data-recalc-dims=\"1\" loading=\"lazy\" decoding=\"async\" width=\"800\" height=\"600\" data-attachment-id=\"13529\" data-permalink=\"https:\/\/www.atelier-reklama.sk\/blog\/moj-krekacsky-kroj-a-jeho-prekreslene-vzory-spolu\/7c-naprsenky-s-podobnym-vzorom-na-golieriku-detail\/\" data-orig-file=\"https:\/\/i0.wp.com\/www.atelier-reklama.sk\/blog\/wp-content\/uploads\/2023\/04\/7C.-n%C3%A1prsenky-s-podobn%C3%BDm-vzorom-na-golieriku-detail-scaled.jpg?fit=2560%2C1920&amp;ssl=1\" data-orig-size=\"2560,1920\" data-comments-opened=\"1\" data-image-meta=\"{&quot;aperture&quot;:&quot;2&quot;,&quot;credit&quot;:&quot;&quot;,&quot;camera&quot;:&quot;SM-A125F&quot;,&quot;caption&quot;:&quot;&quot;,&quot;created_timestamp&quot;:&quot;1680434617&quot;,&quot;copyright&quot;:&quot;&quot;,&quot;focal_length&quot;:&quot;4.6&quot;,&quot;iso&quot;:&quot;25&quot;,&quot;shutter_speed&quot;:&quot;0.01&quot;,&quot;title&quot;:&quot;&quot;,&quot;orientation&quot;:&quot;1&quot;}\" data-image-title=\"7C.-n\u00e1prsenky-s-podobn\u00fdm-vzorom-na-golieriku-detail\" data-image-description=\"\" data-image-caption=\"\" data-medium-file=\"https:\/\/i0.wp.com\/www.atelier-reklama.sk\/blog\/wp-content\/uploads\/2023\/04\/7C.-n%C3%A1prsenky-s-podobn%C3%BDm-vzorom-na-golieriku-detail-scaled.jpg?fit=300%2C225&amp;ssl=1\" data-large-file=\"https:\/\/i0.wp.com\/www.atelier-reklama.sk\/blog\/wp-content\/uploads\/2023\/04\/7C.-n%C3%A1prsenky-s-podobn%C3%BDm-vzorom-na-golieriku-detail-scaled.jpg?fit=800%2C600&amp;ssl=1\" src=\"https:\/\/i0.wp.com\/www.atelier-reklama.sk\/blog\/wp-content\/uploads\/2023\/04\/7C.-n%C3%A1prsenky-s-podobn%C3%BDm-vzorom-na-golieriku-detail.jpg?resize=800%2C600&#038;ssl=1\" alt=\"\" class=\"wp-image-13529\" srcset=\"https:\/\/i0.wp.com\/www.atelier-reklama.sk\/blog\/wp-content\/uploads\/2023\/04\/7C.-n%C3%A1prsenky-s-podobn%C3%BDm-vzorom-na-golieriku-detail-scaled.jpg?resize=1024%2C768&amp;ssl=1 1024w, https:\/\/i0.wp.com\/www.atelier-reklama.sk\/blog\/wp-content\/uploads\/2023\/04\/7C.-n%C3%A1prsenky-s-podobn%C3%BDm-vzorom-na-golieriku-detail-scaled.jpg?resize=300%2C225&amp;ssl=1 300w, https:\/\/i0.wp.com\/www.atelier-reklama.sk\/blog\/wp-content\/uploads\/2023\/04\/7C.-n%C3%A1prsenky-s-podobn%C3%BDm-vzorom-na-golieriku-detail-scaled.jpg?resize=768%2C576&amp;ssl=1 768w, https:\/\/i0.wp.com\/www.atelier-reklama.sk\/blog\/wp-content\/uploads\/2023\/04\/7C.-n%C3%A1prsenky-s-podobn%C3%BDm-vzorom-na-golieriku-detail-scaled.jpg?resize=1536%2C1152&amp;ssl=1 1536w, https:\/\/i0.wp.com\/www.atelier-reklama.sk\/blog\/wp-content\/uploads\/2023\/04\/7C.-n%C3%A1prsenky-s-podobn%C3%BDm-vzorom-na-golieriku-detail-scaled.jpg?resize=2048%2C1536&amp;ssl=1 2048w, https:\/\/i0.wp.com\/www.atelier-reklama.sk\/blog\/wp-content\/uploads\/2023\/04\/7C.-n%C3%A1prsenky-s-podobn%C3%BDm-vzorom-na-golieriku-detail-scaled.jpg?w=1600&amp;ssl=1 1600w, https:\/\/i0.wp.com\/www.atelier-reklama.sk\/blog\/wp-content\/uploads\/2023\/04\/7C.-n%C3%A1prsenky-s-podobn%C3%BDm-vzorom-na-golieriku-detail-scaled.jpg?w=2400&amp;ssl=1 2400w\" sizes=\"auto, (max-width: 800px) 100vw, 800px\" \/><\/figure>\n\n\n\n<h5 class=\"wp-block-heading has-text-align-center\"><strong>MU\u017dSK\u00c9 KO\u0160ELE<\/strong><\/h5>\n\n\n\n<ol class=\"wp-block-list\">\n<li>Mu\u017esk\u00e1 ko\u0161e\u013ea, okolie Bzov\u00edka, vy\u0161it\u00e9 hladkovan\u00edm, p\u00f4vodn\u00fd vlastn\u00edk nezn\u00e1my.<\/li>\n<\/ol>\n\n\n\n<figure class=\"wp-block-image size-large\"><img data-recalc-dims=\"1\" loading=\"lazy\" decoding=\"async\" width=\"800\" height=\"502\" data-attachment-id=\"13442\" data-permalink=\"https:\/\/www.atelier-reklama.sk\/blog\/moj-krekacsky-kroj-a-jeho-prekreslene-vzory-spolu\/cela-muzs-kosela-evka-durcikova-2\/\" data-orig-file=\"https:\/\/i0.wp.com\/www.atelier-reklama.sk\/blog\/wp-content\/uploads\/2023\/03\/cel%C3%A1-mu%C5%BEs.ko%C5%A1ela-Evka-%C4%8Eur%C4%8D%C3%ADkov%C3%A1.jpg?fit=960%2C602&amp;ssl=1\" data-orig-size=\"960,602\" data-comments-opened=\"1\" data-image-meta=\"{&quot;aperture&quot;:&quot;0&quot;,&quot;credit&quot;:&quot;&quot;,&quot;camera&quot;:&quot;&quot;,&quot;caption&quot;:&quot;&quot;,&quot;created_timestamp&quot;:&quot;0&quot;,&quot;copyright&quot;:&quot;&quot;,&quot;focal_length&quot;:&quot;0&quot;,&quot;iso&quot;:&quot;0&quot;,&quot;shutter_speed&quot;:&quot;0&quot;,&quot;title&quot;:&quot;&quot;,&quot;orientation&quot;:&quot;0&quot;}\" data-image-title=\"cel\u00e1-mu\u017es.ko\u0161ela-Evka-\u010eur\u010d\u00edkov\u00e1\" data-image-description=\"\" data-image-caption=\"\" data-medium-file=\"https:\/\/i0.wp.com\/www.atelier-reklama.sk\/blog\/wp-content\/uploads\/2023\/03\/cel%C3%A1-mu%C5%BEs.ko%C5%A1ela-Evka-%C4%8Eur%C4%8D%C3%ADkov%C3%A1.jpg?fit=300%2C188&amp;ssl=1\" data-large-file=\"https:\/\/i0.wp.com\/www.atelier-reklama.sk\/blog\/wp-content\/uploads\/2023\/03\/cel%C3%A1-mu%C5%BEs.ko%C5%A1ela-Evka-%C4%8Eur%C4%8D%C3%ADkov%C3%A1.jpg?fit=800%2C502&amp;ssl=1\" src=\"https:\/\/i0.wp.com\/www.atelier-reklama.sk\/blog\/wp-content\/uploads\/2023\/03\/cel%C3%A1-mu%C5%BEs.ko%C5%A1ela-Evka-%C4%8Eur%C4%8D%C3%ADkov%C3%A1.jpg?resize=800%2C502&#038;ssl=1\" alt=\"\" class=\"wp-image-13442\" srcset=\"https:\/\/i0.wp.com\/www.atelier-reklama.sk\/blog\/wp-content\/uploads\/2023\/03\/cel%C3%A1-mu%C5%BEs.ko%C5%A1ela-Evka-%C4%8Eur%C4%8D%C3%ADkov%C3%A1.jpg?w=960&amp;ssl=1 960w, https:\/\/i0.wp.com\/www.atelier-reklama.sk\/blog\/wp-content\/uploads\/2023\/03\/cel%C3%A1-mu%C5%BEs.ko%C5%A1ela-Evka-%C4%8Eur%C4%8D%C3%ADkov%C3%A1.jpg?resize=300%2C188&amp;ssl=1 300w, https:\/\/i0.wp.com\/www.atelier-reklama.sk\/blog\/wp-content\/uploads\/2023\/03\/cel%C3%A1-mu%C5%BEs.ko%C5%A1ela-Evka-%C4%8Eur%C4%8D%C3%ADkov%C3%A1.jpg?resize=768%2C482&amp;ssl=1 768w\" sizes=\"auto, (max-width: 800px) 100vw, 800px\" \/><\/figure>\n\n\n\n<figure class=\"wp-block-image size-large\"><img data-recalc-dims=\"1\" loading=\"lazy\" decoding=\"async\" width=\"720\" height=\"960\" data-attachment-id=\"13444\" data-permalink=\"https:\/\/www.atelier-reklama.sk\/blog\/moj-krekacsky-kroj-a-jeho-prekreslene-vzory-spolu\/naprsenka-muzs-kosela-evka-durcikova-2\/\" data-orig-file=\"https:\/\/i0.wp.com\/www.atelier-reklama.sk\/blog\/wp-content\/uploads\/2023\/03\/n%C3%A1prsenka-mu%C5%BEs.ko%C5%A1ela-Evka-%C4%8Eur%C4%8D%C3%ADkov%C3%A1.jpg?fit=720%2C960&amp;ssl=1\" data-orig-size=\"720,960\" data-comments-opened=\"1\" data-image-meta=\"{&quot;aperture&quot;:&quot;0&quot;,&quot;credit&quot;:&quot;&quot;,&quot;camera&quot;:&quot;&quot;,&quot;caption&quot;:&quot;&quot;,&quot;created_timestamp&quot;:&quot;0&quot;,&quot;copyright&quot;:&quot;&quot;,&quot;focal_length&quot;:&quot;0&quot;,&quot;iso&quot;:&quot;0&quot;,&quot;shutter_speed&quot;:&quot;0&quot;,&quot;title&quot;:&quot;&quot;,&quot;orientation&quot;:&quot;0&quot;}\" data-image-title=\"n\u00e1prsenka-mu\u017es.ko\u0161ela-Evka-\u010eur\u010d\u00edkov\u00e1\" data-image-description=\"\" data-image-caption=\"\" data-medium-file=\"https:\/\/i0.wp.com\/www.atelier-reklama.sk\/blog\/wp-content\/uploads\/2023\/03\/n%C3%A1prsenka-mu%C5%BEs.ko%C5%A1ela-Evka-%C4%8Eur%C4%8D%C3%ADkov%C3%A1.jpg?fit=225%2C300&amp;ssl=1\" data-large-file=\"https:\/\/i0.wp.com\/www.atelier-reklama.sk\/blog\/wp-content\/uploads\/2023\/03\/n%C3%A1prsenka-mu%C5%BEs.ko%C5%A1ela-Evka-%C4%8Eur%C4%8D%C3%ADkov%C3%A1.jpg?fit=720%2C960&amp;ssl=1\" src=\"https:\/\/i0.wp.com\/www.atelier-reklama.sk\/blog\/wp-content\/uploads\/2023\/03\/n%C3%A1prsenka-mu%C5%BEs.ko%C5%A1ela-Evka-%C4%8Eur%C4%8D%C3%ADkov%C3%A1.jpg?resize=720%2C960&#038;ssl=1\" alt=\"\" class=\"wp-image-13444\" srcset=\"https:\/\/i0.wp.com\/www.atelier-reklama.sk\/blog\/wp-content\/uploads\/2023\/03\/n%C3%A1prsenka-mu%C5%BEs.ko%C5%A1ela-Evka-%C4%8Eur%C4%8D%C3%ADkov%C3%A1.jpg?w=720&amp;ssl=1 720w, https:\/\/i0.wp.com\/www.atelier-reklama.sk\/blog\/wp-content\/uploads\/2023\/03\/n%C3%A1prsenka-mu%C5%BEs.ko%C5%A1ela-Evka-%C4%8Eur%C4%8D%C3%ADkov%C3%A1.jpg?resize=225%2C300&amp;ssl=1 225w\" sizes=\"auto, (max-width: 720px) 100vw, 720px\" \/><\/figure>\n\n\n\n<figure class=\"wp-block-image size-large\"><img data-recalc-dims=\"1\" loading=\"lazy\" decoding=\"async\" width=\"725\" height=\"567\" data-attachment-id=\"13445\" data-permalink=\"https:\/\/www.atelier-reklama.sk\/blog\/moj-krekacsky-kroj-a-jeho-prekreslene-vzory-spolu\/muzs-kosela-strih-evka-durcikova-2\/\" data-orig-file=\"https:\/\/i0.wp.com\/www.atelier-reklama.sk\/blog\/wp-content\/uploads\/2023\/03\/mu%C5%BEs.ko%C5%A1ela-strih-Evka-%C4%8Eur%C4%8D%C3%ADkov%C3%A1.jpg?fit=725%2C567&amp;ssl=1\" data-orig-size=\"725,567\" data-comments-opened=\"1\" data-image-meta=\"{&quot;aperture&quot;:&quot;0&quot;,&quot;credit&quot;:&quot;&quot;,&quot;camera&quot;:&quot;&quot;,&quot;caption&quot;:&quot;&quot;,&quot;created_timestamp&quot;:&quot;0&quot;,&quot;copyright&quot;:&quot;&quot;,&quot;focal_length&quot;:&quot;0&quot;,&quot;iso&quot;:&quot;0&quot;,&quot;shutter_speed&quot;:&quot;0&quot;,&quot;title&quot;:&quot;&quot;,&quot;orientation&quot;:&quot;0&quot;}\" data-image-title=\"mu\u017es.ko\u0161ela-strih-Evka-\u010eur\u010d\u00edkov\u00e1\" data-image-description=\"\" data-image-caption=\"\" data-medium-file=\"https:\/\/i0.wp.com\/www.atelier-reklama.sk\/blog\/wp-content\/uploads\/2023\/03\/mu%C5%BEs.ko%C5%A1ela-strih-Evka-%C4%8Eur%C4%8D%C3%ADkov%C3%A1.jpg?fit=300%2C235&amp;ssl=1\" data-large-file=\"https:\/\/i0.wp.com\/www.atelier-reklama.sk\/blog\/wp-content\/uploads\/2023\/03\/mu%C5%BEs.ko%C5%A1ela-strih-Evka-%C4%8Eur%C4%8D%C3%ADkov%C3%A1.jpg?fit=725%2C567&amp;ssl=1\" src=\"https:\/\/i0.wp.com\/www.atelier-reklama.sk\/blog\/wp-content\/uploads\/2023\/03\/mu%C5%BEs.ko%C5%A1ela-strih-Evka-%C4%8Eur%C4%8D%C3%ADkov%C3%A1.jpg?resize=725%2C567&#038;ssl=1\" alt=\"\" class=\"wp-image-13445\" srcset=\"https:\/\/i0.wp.com\/www.atelier-reklama.sk\/blog\/wp-content\/uploads\/2023\/03\/mu%C5%BEs.ko%C5%A1ela-strih-Evka-%C4%8Eur%C4%8D%C3%ADkov%C3%A1.jpg?w=725&amp;ssl=1 725w, https:\/\/i0.wp.com\/www.atelier-reklama.sk\/blog\/wp-content\/uploads\/2023\/03\/mu%C5%BEs.ko%C5%A1ela-strih-Evka-%C4%8Eur%C4%8D%C3%ADkov%C3%A1.jpg?resize=300%2C235&amp;ssl=1 300w\" sizes=\"auto, (max-width: 725px) 100vw, 725px\" \/><figcaption class=\"wp-element-caption\">Ko\u0161e\u013eu som k\u00fapila po\u0161koden\u00fa od my\u0161\u00ed.<\/figcaption><\/figure>\n\n\n\n<figure class=\"wp-block-image size-large\"><img data-recalc-dims=\"1\" loading=\"lazy\" decoding=\"async\" width=\"725\" height=\"788\" data-attachment-id=\"13562\" data-permalink=\"https:\/\/www.atelier-reklama.sk\/blog\/moj-krekacsky-kroj-a-jeho-prekreslene-vzory-spolu\/rukav-muzs-kosela-evka-durcikova-2\/\" data-orig-file=\"https:\/\/i0.wp.com\/www.atelier-reklama.sk\/blog\/wp-content\/uploads\/2023\/04\/ruk%C3%A1v-mu%C5%BEs.ko%C5%A1ela-Evka-%C4%8Eur%C4%8D%C3%ADkov%C3%A1.jpg?fit=725%2C788&amp;ssl=1\" data-orig-size=\"725,788\" data-comments-opened=\"1\" data-image-meta=\"{&quot;aperture&quot;:&quot;0&quot;,&quot;credit&quot;:&quot;&quot;,&quot;camera&quot;:&quot;&quot;,&quot;caption&quot;:&quot;&quot;,&quot;created_timestamp&quot;:&quot;0&quot;,&quot;copyright&quot;:&quot;&quot;,&quot;focal_length&quot;:&quot;0&quot;,&quot;iso&quot;:&quot;0&quot;,&quot;shutter_speed&quot;:&quot;0&quot;,&quot;title&quot;:&quot;&quot;,&quot;orientation&quot;:&quot;0&quot;}\" data-image-title=\"ruk\u00e1v-mu\u017es.ko\u0161ela-Evka-\u010eur\u010d\u00edkov\u00e1\" data-image-description=\"\" data-image-caption=\"\" data-medium-file=\"https:\/\/i0.wp.com\/www.atelier-reklama.sk\/blog\/wp-content\/uploads\/2023\/04\/ruk%C3%A1v-mu%C5%BEs.ko%C5%A1ela-Evka-%C4%8Eur%C4%8D%C3%ADkov%C3%A1.jpg?fit=276%2C300&amp;ssl=1\" data-large-file=\"https:\/\/i0.wp.com\/www.atelier-reklama.sk\/blog\/wp-content\/uploads\/2023\/04\/ruk%C3%A1v-mu%C5%BEs.ko%C5%A1ela-Evka-%C4%8Eur%C4%8D%C3%ADkov%C3%A1.jpg?fit=725%2C788&amp;ssl=1\" src=\"https:\/\/i0.wp.com\/www.atelier-reklama.sk\/blog\/wp-content\/uploads\/2023\/04\/ruk%C3%A1v-mu%C5%BEs.ko%C5%A1ela-Evka-%C4%8Eur%C4%8D%C3%ADkov%C3%A1.jpg?resize=725%2C788&#038;ssl=1\" alt=\"\" class=\"wp-image-13562\" srcset=\"https:\/\/i0.wp.com\/www.atelier-reklama.sk\/blog\/wp-content\/uploads\/2023\/04\/ruk%C3%A1v-mu%C5%BEs.ko%C5%A1ela-Evka-%C4%8Eur%C4%8D%C3%ADkov%C3%A1.jpg?w=725&amp;ssl=1 725w, https:\/\/i0.wp.com\/www.atelier-reklama.sk\/blog\/wp-content\/uploads\/2023\/04\/ruk%C3%A1v-mu%C5%BEs.ko%C5%A1ela-Evka-%C4%8Eur%C4%8D%C3%ADkov%C3%A1.jpg?resize=276%2C300&amp;ssl=1 276w\" sizes=\"auto, (max-width: 725px) 100vw, 725px\" \/><\/figure>\n\n\n\n<figure class=\"wp-block-image size-large\"><img data-recalc-dims=\"1\" loading=\"lazy\" decoding=\"async\" width=\"800\" height=\"566\" data-attachment-id=\"13439\" data-permalink=\"https:\/\/www.atelier-reklama.sk\/blog\/moj-krekacsky-kroj-a-jeho-prekreslene-vzory-spolu\/1a-muzska-kosela-okolie-bzovika-vysite-plnym-stehom-povodny-vlastnik-neznamy\/\" data-orig-file=\"https:\/\/i0.wp.com\/www.atelier-reklama.sk\/blog\/wp-content\/uploads\/2023\/03\/1A-Mu%C5%BEsk%C3%A1-ko%C5%A1e%C4%BEa-okolie-Bzov%C3%ADka-vy%C5%A1it%C3%A9-pln%C3%BDm-stehom-p%C3%B4vodn%C3%BD-vlastn%C3%ADk-nezn%C3%A1my-scaled.jpg?fit=2560%2C1810&amp;ssl=1\" data-orig-size=\"2560,1810\" data-comments-opened=\"1\" data-image-meta=\"{&quot;aperture&quot;:&quot;0&quot;,&quot;credit&quot;:&quot;&quot;,&quot;camera&quot;:&quot;&quot;,&quot;caption&quot;:&quot;&quot;,&quot;created_timestamp&quot;:&quot;0&quot;,&quot;copyright&quot;:&quot;&quot;,&quot;focal_length&quot;:&quot;0&quot;,&quot;iso&quot;:&quot;0&quot;,&quot;shutter_speed&quot;:&quot;0&quot;,&quot;title&quot;:&quot;&quot;,&quot;orientation&quot;:&quot;0&quot;}\" data-image-title=\"1A-Mu\u017esk\u00e1-ko\u0161e\u013ea-okolie-Bzov\u00edka-vy\u0161it\u00e9-pln\u00fdm-stehom-p\u00f4vodn\u00fd-vlastn\u00edk-nezn\u00e1my\" data-image-description=\"\" data-image-caption=\"\" data-medium-file=\"https:\/\/i0.wp.com\/www.atelier-reklama.sk\/blog\/wp-content\/uploads\/2023\/03\/1A-Mu%C5%BEsk%C3%A1-ko%C5%A1e%C4%BEa-okolie-Bzov%C3%ADka-vy%C5%A1it%C3%A9-pln%C3%BDm-stehom-p%C3%B4vodn%C3%BD-vlastn%C3%ADk-nezn%C3%A1my-scaled.jpg?fit=300%2C212&amp;ssl=1\" data-large-file=\"https:\/\/i0.wp.com\/www.atelier-reklama.sk\/blog\/wp-content\/uploads\/2023\/03\/1A-Mu%C5%BEsk%C3%A1-ko%C5%A1e%C4%BEa-okolie-Bzov%C3%ADka-vy%C5%A1it%C3%A9-pln%C3%BDm-stehom-p%C3%B4vodn%C3%BD-vlastn%C3%ADk-nezn%C3%A1my-scaled.jpg?fit=800%2C566&amp;ssl=1\" src=\"https:\/\/i0.wp.com\/www.atelier-reklama.sk\/blog\/wp-content\/uploads\/2023\/03\/1A-Mu%C5%BEsk%C3%A1-ko%C5%A1e%C4%BEa-okolie-Bzov%C3%ADka-vy%C5%A1it%C3%A9-pln%C3%BDm-stehom-p%C3%B4vodn%C3%BD-vlastn%C3%ADk-nezn%C3%A1my.jpg?resize=800%2C566&#038;ssl=1\" alt=\"\" class=\"wp-image-13439\" srcset=\"https:\/\/i0.wp.com\/www.atelier-reklama.sk\/blog\/wp-content\/uploads\/2023\/03\/1A-Mu%C5%BEsk%C3%A1-ko%C5%A1e%C4%BEa-okolie-Bzov%C3%ADka-vy%C5%A1it%C3%A9-pln%C3%BDm-stehom-p%C3%B4vodn%C3%BD-vlastn%C3%ADk-nezn%C3%A1my-scaled.jpg?resize=1024%2C724&amp;ssl=1 1024w, https:\/\/i0.wp.com\/www.atelier-reklama.sk\/blog\/wp-content\/uploads\/2023\/03\/1A-Mu%C5%BEsk%C3%A1-ko%C5%A1e%C4%BEa-okolie-Bzov%C3%ADka-vy%C5%A1it%C3%A9-pln%C3%BDm-stehom-p%C3%B4vodn%C3%BD-vlastn%C3%ADk-nezn%C3%A1my-scaled.jpg?resize=300%2C212&amp;ssl=1 300w, https:\/\/i0.wp.com\/www.atelier-reklama.sk\/blog\/wp-content\/uploads\/2023\/03\/1A-Mu%C5%BEsk%C3%A1-ko%C5%A1e%C4%BEa-okolie-Bzov%C3%ADka-vy%C5%A1it%C3%A9-pln%C3%BDm-stehom-p%C3%B4vodn%C3%BD-vlastn%C3%ADk-nezn%C3%A1my-scaled.jpg?resize=768%2C543&amp;ssl=1 768w, https:\/\/i0.wp.com\/www.atelier-reklama.sk\/blog\/wp-content\/uploads\/2023\/03\/1A-Mu%C5%BEsk%C3%A1-ko%C5%A1e%C4%BEa-okolie-Bzov%C3%ADka-vy%C5%A1it%C3%A9-pln%C3%BDm-stehom-p%C3%B4vodn%C3%BD-vlastn%C3%ADk-nezn%C3%A1my-scaled.jpg?resize=1536%2C1086&amp;ssl=1 1536w, https:\/\/i0.wp.com\/www.atelier-reklama.sk\/blog\/wp-content\/uploads\/2023\/03\/1A-Mu%C5%BEsk%C3%A1-ko%C5%A1e%C4%BEa-okolie-Bzov%C3%ADka-vy%C5%A1it%C3%A9-pln%C3%BDm-stehom-p%C3%B4vodn%C3%BD-vlastn%C3%ADk-nezn%C3%A1my-scaled.jpg?resize=2048%2C1448&amp;ssl=1 2048w, https:\/\/i0.wp.com\/www.atelier-reklama.sk\/blog\/wp-content\/uploads\/2023\/03\/1A-Mu%C5%BEsk%C3%A1-ko%C5%A1e%C4%BEa-okolie-Bzov%C3%ADka-vy%C5%A1it%C3%A9-pln%C3%BDm-stehom-p%C3%B4vodn%C3%BD-vlastn%C3%ADk-nezn%C3%A1my-scaled.jpg?w=1600&amp;ssl=1 1600w, https:\/\/i0.wp.com\/www.atelier-reklama.sk\/blog\/wp-content\/uploads\/2023\/03\/1A-Mu%C5%BEsk%C3%A1-ko%C5%A1e%C4%BEa-okolie-Bzov%C3%ADka-vy%C5%A1it%C3%A9-pln%C3%BDm-stehom-p%C3%B4vodn%C3%BD-vlastn%C3%ADk-nezn%C3%A1my-scaled.jpg?w=2400&amp;ssl=1 2400w\" sizes=\"auto, (max-width: 800px) 100vw, 800px\" \/><\/figure>\n\n\n\n<figure class=\"wp-block-image size-large\"><img data-recalc-dims=\"1\" loading=\"lazy\" decoding=\"async\" width=\"800\" height=\"566\" data-attachment-id=\"13440\" data-permalink=\"https:\/\/www.atelier-reklama.sk\/blog\/moj-krekacsky-kroj-a-jeho-prekreslene-vzory-spolu\/1b-muzska-kosela-okolie-bzovika-vysite-plnym-stehom-povodny-vlastnik-neznamy\/\" data-orig-file=\"https:\/\/i0.wp.com\/www.atelier-reklama.sk\/blog\/wp-content\/uploads\/2023\/03\/1B-Mu%C5%BEsk%C3%A1-ko%C5%A1e%C4%BEa-okolie-Bzov%C3%ADka-vy%C5%A1it%C3%A9-pln%C3%BDm-stehom-p%C3%B4vodn%C3%BD-vlastn%C3%ADk-nezn%C3%A1my-scaled.jpg?fit=2560%2C1810&amp;ssl=1\" data-orig-size=\"2560,1810\" data-comments-opened=\"1\" data-image-meta=\"{&quot;aperture&quot;:&quot;0&quot;,&quot;credit&quot;:&quot;&quot;,&quot;camera&quot;:&quot;&quot;,&quot;caption&quot;:&quot;&quot;,&quot;created_timestamp&quot;:&quot;0&quot;,&quot;copyright&quot;:&quot;&quot;,&quot;focal_length&quot;:&quot;0&quot;,&quot;iso&quot;:&quot;0&quot;,&quot;shutter_speed&quot;:&quot;0&quot;,&quot;title&quot;:&quot;&quot;,&quot;orientation&quot;:&quot;0&quot;}\" data-image-title=\"1B-Mu\u017esk\u00e1-ko\u0161e\u013ea-okolie-Bzov\u00edka-vy\u0161it\u00e9-pln\u00fdm-stehom-p\u00f4vodn\u00fd-vlastn\u00edk-nezn\u00e1my\" data-image-description=\"\" data-image-caption=\"\" data-medium-file=\"https:\/\/i0.wp.com\/www.atelier-reklama.sk\/blog\/wp-content\/uploads\/2023\/03\/1B-Mu%C5%BEsk%C3%A1-ko%C5%A1e%C4%BEa-okolie-Bzov%C3%ADka-vy%C5%A1it%C3%A9-pln%C3%BDm-stehom-p%C3%B4vodn%C3%BD-vlastn%C3%ADk-nezn%C3%A1my-scaled.jpg?fit=300%2C212&amp;ssl=1\" data-large-file=\"https:\/\/i0.wp.com\/www.atelier-reklama.sk\/blog\/wp-content\/uploads\/2023\/03\/1B-Mu%C5%BEsk%C3%A1-ko%C5%A1e%C4%BEa-okolie-Bzov%C3%ADka-vy%C5%A1it%C3%A9-pln%C3%BDm-stehom-p%C3%B4vodn%C3%BD-vlastn%C3%ADk-nezn%C3%A1my-scaled.jpg?fit=800%2C566&amp;ssl=1\" src=\"https:\/\/i0.wp.com\/www.atelier-reklama.sk\/blog\/wp-content\/uploads\/2023\/03\/1B-Mu%C5%BEsk%C3%A1-ko%C5%A1e%C4%BEa-okolie-Bzov%C3%ADka-vy%C5%A1it%C3%A9-pln%C3%BDm-stehom-p%C3%B4vodn%C3%BD-vlastn%C3%ADk-nezn%C3%A1my.jpg?resize=800%2C566&#038;ssl=1\" alt=\"\" class=\"wp-image-13440\" srcset=\"https:\/\/i0.wp.com\/www.atelier-reklama.sk\/blog\/wp-content\/uploads\/2023\/03\/1B-Mu%C5%BEsk%C3%A1-ko%C5%A1e%C4%BEa-okolie-Bzov%C3%ADka-vy%C5%A1it%C3%A9-pln%C3%BDm-stehom-p%C3%B4vodn%C3%BD-vlastn%C3%ADk-nezn%C3%A1my-scaled.jpg?resize=1024%2C724&amp;ssl=1 1024w, https:\/\/i0.wp.com\/www.atelier-reklama.sk\/blog\/wp-content\/uploads\/2023\/03\/1B-Mu%C5%BEsk%C3%A1-ko%C5%A1e%C4%BEa-okolie-Bzov%C3%ADka-vy%C5%A1it%C3%A9-pln%C3%BDm-stehom-p%C3%B4vodn%C3%BD-vlastn%C3%ADk-nezn%C3%A1my-scaled.jpg?resize=300%2C212&amp;ssl=1 300w, https:\/\/i0.wp.com\/www.atelier-reklama.sk\/blog\/wp-content\/uploads\/2023\/03\/1B-Mu%C5%BEsk%C3%A1-ko%C5%A1e%C4%BEa-okolie-Bzov%C3%ADka-vy%C5%A1it%C3%A9-pln%C3%BDm-stehom-p%C3%B4vodn%C3%BD-vlastn%C3%ADk-nezn%C3%A1my-scaled.jpg?resize=768%2C543&amp;ssl=1 768w, https:\/\/i0.wp.com\/www.atelier-reklama.sk\/blog\/wp-content\/uploads\/2023\/03\/1B-Mu%C5%BEsk%C3%A1-ko%C5%A1e%C4%BEa-okolie-Bzov%C3%ADka-vy%C5%A1it%C3%A9-pln%C3%BDm-stehom-p%C3%B4vodn%C3%BD-vlastn%C3%ADk-nezn%C3%A1my-scaled.jpg?resize=1536%2C1086&amp;ssl=1 1536w, https:\/\/i0.wp.com\/www.atelier-reklama.sk\/blog\/wp-content\/uploads\/2023\/03\/1B-Mu%C5%BEsk%C3%A1-ko%C5%A1e%C4%BEa-okolie-Bzov%C3%ADka-vy%C5%A1it%C3%A9-pln%C3%BDm-stehom-p%C3%B4vodn%C3%BD-vlastn%C3%ADk-nezn%C3%A1my-scaled.jpg?resize=2048%2C1448&amp;ssl=1 2048w, https:\/\/i0.wp.com\/www.atelier-reklama.sk\/blog\/wp-content\/uploads\/2023\/03\/1B-Mu%C5%BEsk%C3%A1-ko%C5%A1e%C4%BEa-okolie-Bzov%C3%ADka-vy%C5%A1it%C3%A9-pln%C3%BDm-stehom-p%C3%B4vodn%C3%BD-vlastn%C3%ADk-nezn%C3%A1my-scaled.jpg?w=1600&amp;ssl=1 1600w, https:\/\/i0.wp.com\/www.atelier-reklama.sk\/blog\/wp-content\/uploads\/2023\/03\/1B-Mu%C5%BEsk%C3%A1-ko%C5%A1e%C4%BEa-okolie-Bzov%C3%ADka-vy%C5%A1it%C3%A9-pln%C3%BDm-stehom-p%C3%B4vodn%C3%BD-vlastn%C3%ADk-nezn%C3%A1my-scaled.jpg?w=2400&amp;ssl=1 2400w\" sizes=\"auto, (max-width: 800px) 100vw, 800px\" \/><\/figure>\n\n\n\n<p>Preskenovan\u00e1 v\u00fd\u0161ivka 1:1<\/p>\n\n\n\n<figure class=\"wp-block-image size-large\"><img data-recalc-dims=\"1\" loading=\"lazy\" decoding=\"async\" width=\"745\" height=\"1024\" data-attachment-id=\"13559\" data-permalink=\"https:\/\/www.atelier-reklama.sk\/blog\/moj-krekacsky-kroj-a-jeho-prekreslene-vzory-spolu\/scan0002-37\/\" data-orig-file=\"https:\/\/i0.wp.com\/www.atelier-reklama.sk\/blog\/wp-content\/uploads\/2023\/04\/Scan0002.jpg?fit=1700%2C2338&amp;ssl=1\" data-orig-size=\"1700,2338\" data-comments-opened=\"1\" data-image-meta=\"{&quot;aperture&quot;:&quot;0&quot;,&quot;credit&quot;:&quot;&quot;,&quot;camera&quot;:&quot;&quot;,&quot;caption&quot;:&quot;&quot;,&quot;created_timestamp&quot;:&quot;0&quot;,&quot;copyright&quot;:&quot;&quot;,&quot;focal_length&quot;:&quot;0&quot;,&quot;iso&quot;:&quot;0&quot;,&quot;shutter_speed&quot;:&quot;0&quot;,&quot;title&quot;:&quot;&quot;,&quot;orientation&quot;:&quot;0&quot;}\" data-image-title=\"Scan0002\" data-image-description=\"\" data-image-caption=\"\" data-medium-file=\"https:\/\/i0.wp.com\/www.atelier-reklama.sk\/blog\/wp-content\/uploads\/2023\/04\/Scan0002.jpg?fit=218%2C300&amp;ssl=1\" data-large-file=\"https:\/\/i0.wp.com\/www.atelier-reklama.sk\/blog\/wp-content\/uploads\/2023\/04\/Scan0002.jpg?fit=745%2C1024&amp;ssl=1\" src=\"https:\/\/i0.wp.com\/www.atelier-reklama.sk\/blog\/wp-content\/uploads\/2023\/04\/Scan0002.jpg?resize=745%2C1024&#038;ssl=1\" alt=\"\" class=\"wp-image-13559\" srcset=\"https:\/\/i0.wp.com\/www.atelier-reklama.sk\/blog\/wp-content\/uploads\/2023\/04\/Scan0002.jpg?resize=745%2C1024&amp;ssl=1 745w, https:\/\/i0.wp.com\/www.atelier-reklama.sk\/blog\/wp-content\/uploads\/2023\/04\/Scan0002.jpg?resize=218%2C300&amp;ssl=1 218w, https:\/\/i0.wp.com\/www.atelier-reklama.sk\/blog\/wp-content\/uploads\/2023\/04\/Scan0002.jpg?resize=768%2C1056&amp;ssl=1 768w, https:\/\/i0.wp.com\/www.atelier-reklama.sk\/blog\/wp-content\/uploads\/2023\/04\/Scan0002.jpg?resize=1117%2C1536&amp;ssl=1 1117w, https:\/\/i0.wp.com\/www.atelier-reklama.sk\/blog\/wp-content\/uploads\/2023\/04\/Scan0002.jpg?resize=1489%2C2048&amp;ssl=1 1489w, https:\/\/i0.wp.com\/www.atelier-reklama.sk\/blog\/wp-content\/uploads\/2023\/04\/Scan0002.jpg?w=1700&amp;ssl=1 1700w, https:\/\/i0.wp.com\/www.atelier-reklama.sk\/blog\/wp-content\/uploads\/2023\/04\/Scan0002.jpg?w=1600&amp;ssl=1 1600w\" sizes=\"auto, (max-width: 745px) 100vw, 745px\" \/><\/figure>\n\n\n\n<figure class=\"wp-block-image size-large\"><img data-recalc-dims=\"1\" loading=\"lazy\" decoding=\"async\" width=\"745\" height=\"1024\" data-attachment-id=\"13560\" data-permalink=\"https:\/\/www.atelier-reklama.sk\/blog\/moj-krekacsky-kroj-a-jeho-prekreslene-vzory-spolu\/scan0006-16\/\" data-orig-file=\"https:\/\/i0.wp.com\/www.atelier-reklama.sk\/blog\/wp-content\/uploads\/2023\/04\/Scan0006.jpg?fit=1700%2C2338&amp;ssl=1\" data-orig-size=\"1700,2338\" data-comments-opened=\"1\" data-image-meta=\"{&quot;aperture&quot;:&quot;0&quot;,&quot;credit&quot;:&quot;&quot;,&quot;camera&quot;:&quot;&quot;,&quot;caption&quot;:&quot;&quot;,&quot;created_timestamp&quot;:&quot;0&quot;,&quot;copyright&quot;:&quot;&quot;,&quot;focal_length&quot;:&quot;0&quot;,&quot;iso&quot;:&quot;0&quot;,&quot;shutter_speed&quot;:&quot;0&quot;,&quot;title&quot;:&quot;&quot;,&quot;orientation&quot;:&quot;0&quot;}\" data-image-title=\"Scan0006\" data-image-description=\"\" data-image-caption=\"\" data-medium-file=\"https:\/\/i0.wp.com\/www.atelier-reklama.sk\/blog\/wp-content\/uploads\/2023\/04\/Scan0006.jpg?fit=218%2C300&amp;ssl=1\" data-large-file=\"https:\/\/i0.wp.com\/www.atelier-reklama.sk\/blog\/wp-content\/uploads\/2023\/04\/Scan0006.jpg?fit=745%2C1024&amp;ssl=1\" src=\"https:\/\/i0.wp.com\/www.atelier-reklama.sk\/blog\/wp-content\/uploads\/2023\/04\/Scan0006.jpg?resize=745%2C1024&#038;ssl=1\" alt=\"\" class=\"wp-image-13560\" srcset=\"https:\/\/i0.wp.com\/www.atelier-reklama.sk\/blog\/wp-content\/uploads\/2023\/04\/Scan0006.jpg?resize=745%2C1024&amp;ssl=1 745w, https:\/\/i0.wp.com\/www.atelier-reklama.sk\/blog\/wp-content\/uploads\/2023\/04\/Scan0006.jpg?resize=218%2C300&amp;ssl=1 218w, https:\/\/i0.wp.com\/www.atelier-reklama.sk\/blog\/wp-content\/uploads\/2023\/04\/Scan0006.jpg?resize=768%2C1056&amp;ssl=1 768w, https:\/\/i0.wp.com\/www.atelier-reklama.sk\/blog\/wp-content\/uploads\/2023\/04\/Scan0006.jpg?resize=1117%2C1536&amp;ssl=1 1117w, https:\/\/i0.wp.com\/www.atelier-reklama.sk\/blog\/wp-content\/uploads\/2023\/04\/Scan0006.jpg?resize=1489%2C2048&amp;ssl=1 1489w, https:\/\/i0.wp.com\/www.atelier-reklama.sk\/blog\/wp-content\/uploads\/2023\/04\/Scan0006.jpg?w=1700&amp;ssl=1 1700w, https:\/\/i0.wp.com\/www.atelier-reklama.sk\/blog\/wp-content\/uploads\/2023\/04\/Scan0006.jpg?w=1600&amp;ssl=1 1600w\" sizes=\"auto, (max-width: 745px) 100vw, 745px\" \/><\/figure>\n\n\n\n<figure class=\"wp-block-image size-large\"><img data-recalc-dims=\"1\" loading=\"lazy\" decoding=\"async\" width=\"800\" height=\"582\" data-attachment-id=\"13561\" data-permalink=\"https:\/\/www.atelier-reklama.sk\/blog\/moj-krekacsky-kroj-a-jeho-prekreslene-vzory-spolu\/scan0008-9\/\" data-orig-file=\"https:\/\/i0.wp.com\/www.atelier-reklama.sk\/blog\/wp-content\/uploads\/2023\/04\/Scan0008-rotated.jpg?fit=2338%2C1700&amp;ssl=1\" data-orig-size=\"2338,1700\" data-comments-opened=\"1\" data-image-meta=\"{&quot;aperture&quot;:&quot;0&quot;,&quot;credit&quot;:&quot;&quot;,&quot;camera&quot;:&quot;&quot;,&quot;caption&quot;:&quot;&quot;,&quot;created_timestamp&quot;:&quot;0&quot;,&quot;copyright&quot;:&quot;&quot;,&quot;focal_length&quot;:&quot;0&quot;,&quot;iso&quot;:&quot;0&quot;,&quot;shutter_speed&quot;:&quot;0&quot;,&quot;title&quot;:&quot;&quot;,&quot;orientation&quot;:&quot;1&quot;}\" data-image-title=\"Scan0008\" data-image-description=\"\" data-image-caption=\"\" data-medium-file=\"https:\/\/i0.wp.com\/www.atelier-reklama.sk\/blog\/wp-content\/uploads\/2023\/04\/Scan0008-rotated.jpg?fit=300%2C218&amp;ssl=1\" data-large-file=\"https:\/\/i0.wp.com\/www.atelier-reklama.sk\/blog\/wp-content\/uploads\/2023\/04\/Scan0008-rotated.jpg?fit=800%2C582&amp;ssl=1\" src=\"https:\/\/i0.wp.com\/www.atelier-reklama.sk\/blog\/wp-content\/uploads\/2023\/04\/Scan0008.jpg?resize=800%2C582&#038;ssl=1\" alt=\"\" class=\"wp-image-13561\" srcset=\"https:\/\/i0.wp.com\/www.atelier-reklama.sk\/blog\/wp-content\/uploads\/2023\/04\/Scan0008-rotated.jpg?resize=1024%2C745&amp;ssl=1 1024w, https:\/\/i0.wp.com\/www.atelier-reklama.sk\/blog\/wp-content\/uploads\/2023\/04\/Scan0008-rotated.jpg?resize=300%2C218&amp;ssl=1 300w, https:\/\/i0.wp.com\/www.atelier-reklama.sk\/blog\/wp-content\/uploads\/2023\/04\/Scan0008-rotated.jpg?resize=768%2C558&amp;ssl=1 768w, https:\/\/i0.wp.com\/www.atelier-reklama.sk\/blog\/wp-content\/uploads\/2023\/04\/Scan0008-rotated.jpg?resize=1536%2C1117&amp;ssl=1 1536w, https:\/\/i0.wp.com\/www.atelier-reklama.sk\/blog\/wp-content\/uploads\/2023\/04\/Scan0008-rotated.jpg?resize=2048%2C1489&amp;ssl=1 2048w, https:\/\/i0.wp.com\/www.atelier-reklama.sk\/blog\/wp-content\/uploads\/2023\/04\/Scan0008-rotated.jpg?w=1600&amp;ssl=1 1600w\" sizes=\"auto, (max-width: 800px) 100vw, 800px\" \/><\/figure>\n\n\n\n<p class=\"has-text-align-center\">2. Mu\u017esk\u00e1 ko\u0161e\u013ea, Dobr\u00e1 Niva, vy\u0161it\u00e1 na \u0161ijacom stroji \u0161tepovan\u00edm, p\u00f4vodn\u00fd vlastn\u00edk nezn\u00e1my, \u010doskoro dopln\u00edm fotografie<\/p>\n\n\n\n<figure class=\"wp-block-image size-large\"><img data-recalc-dims=\"1\" loading=\"lazy\" decoding=\"async\" width=\"800\" height=\"681\" data-attachment-id=\"13564\" data-permalink=\"https:\/\/www.atelier-reklama.sk\/blog\/moj-krekacsky-kroj-a-jeho-prekreslene-vzory-spolu\/2a-muzska-kosela-dobra-niva-asi-prva-pol-20-stor-vysite-mechanickym-sijacim-strojom-povodny-vlastnik-neznamy\/\" data-orig-file=\"https:\/\/i0.wp.com\/www.atelier-reklama.sk\/blog\/wp-content\/uploads\/2023\/04\/2A.-Mu%C5%BEsk%C3%A1-ko%C5%A1e%C4%BEa-Dobr%C3%A1-Niva-asi-prv%C3%A1-pol.-20.-stor.-vy%C5%A1it%C3%A9-mechanick%C3%BDm-%C5%A1ijac%C3%ADm-strojom-p%C3%B4vodn%C3%BD-vlastn%C3%ADk-nezn%C3%A1my-scaled.jpg?fit=2560%2C2179&amp;ssl=1\" data-orig-size=\"2560,2179\" data-comments-opened=\"1\" data-image-meta=\"{&quot;aperture&quot;:&quot;2&quot;,&quot;credit&quot;:&quot;&quot;,&quot;camera&quot;:&quot;SM-A125F&quot;,&quot;caption&quot;:&quot;&quot;,&quot;created_timestamp&quot;:&quot;1680602389&quot;,&quot;copyright&quot;:&quot;&quot;,&quot;focal_length&quot;:&quot;4.6&quot;,&quot;iso&quot;:&quot;200&quot;,&quot;shutter_speed&quot;:&quot;0.03&quot;,&quot;title&quot;:&quot;&quot;,&quot;orientation&quot;:&quot;1&quot;}\" data-image-title=\"2A.-Mu\u017esk\u00e1-ko\u0161e\u013ea-Dobr\u00e1-Niva-asi-prv\u00e1-pol.-20.-stor.-vy\u0161it\u00e9-mechanick\u00fdm-\u0161ijac\u00edm-strojom-p\u00f4vodn\u00fd-vlastn\u00edk-nezn\u00e1my\" data-image-description=\"\" data-image-caption=\"\" data-medium-file=\"https:\/\/i0.wp.com\/www.atelier-reklama.sk\/blog\/wp-content\/uploads\/2023\/04\/2A.-Mu%C5%BEsk%C3%A1-ko%C5%A1e%C4%BEa-Dobr%C3%A1-Niva-asi-prv%C3%A1-pol.-20.-stor.-vy%C5%A1it%C3%A9-mechanick%C3%BDm-%C5%A1ijac%C3%ADm-strojom-p%C3%B4vodn%C3%BD-vlastn%C3%ADk-nezn%C3%A1my-scaled.jpg?fit=300%2C255&amp;ssl=1\" data-large-file=\"https:\/\/i0.wp.com\/www.atelier-reklama.sk\/blog\/wp-content\/uploads\/2023\/04\/2A.-Mu%C5%BEsk%C3%A1-ko%C5%A1e%C4%BEa-Dobr%C3%A1-Niva-asi-prv%C3%A1-pol.-20.-stor.-vy%C5%A1it%C3%A9-mechanick%C3%BDm-%C5%A1ijac%C3%ADm-strojom-p%C3%B4vodn%C3%BD-vlastn%C3%ADk-nezn%C3%A1my-scaled.jpg?fit=800%2C681&amp;ssl=1\" src=\"https:\/\/i0.wp.com\/www.atelier-reklama.sk\/blog\/wp-content\/uploads\/2023\/04\/2A.-Mu%C5%BEsk%C3%A1-ko%C5%A1e%C4%BEa-Dobr%C3%A1-Niva-asi-prv%C3%A1-pol.-20.-stor.-vy%C5%A1it%C3%A9-mechanick%C3%BDm-%C5%A1ijac%C3%ADm-strojom-p%C3%B4vodn%C3%BD-vlastn%C3%ADk-nezn%C3%A1my.jpg?resize=800%2C681&#038;ssl=1\" alt=\"\" class=\"wp-image-13564\" srcset=\"https:\/\/i0.wp.com\/www.atelier-reklama.sk\/blog\/wp-content\/uploads\/2023\/04\/2A.-Mu%C5%BEsk%C3%A1-ko%C5%A1e%C4%BEa-Dobr%C3%A1-Niva-asi-prv%C3%A1-pol.-20.-stor.-vy%C5%A1it%C3%A9-mechanick%C3%BDm-%C5%A1ijac%C3%ADm-strojom-p%C3%B4vodn%C3%BD-vlastn%C3%ADk-nezn%C3%A1my-scaled.jpg?resize=1024%2C872&amp;ssl=1 1024w, https:\/\/i0.wp.com\/www.atelier-reklama.sk\/blog\/wp-content\/uploads\/2023\/04\/2A.-Mu%C5%BEsk%C3%A1-ko%C5%A1e%C4%BEa-Dobr%C3%A1-Niva-asi-prv%C3%A1-pol.-20.-stor.-vy%C5%A1it%C3%A9-mechanick%C3%BDm-%C5%A1ijac%C3%ADm-strojom-p%C3%B4vodn%C3%BD-vlastn%C3%ADk-nezn%C3%A1my-scaled.jpg?resize=300%2C255&amp;ssl=1 300w, https:\/\/i0.wp.com\/www.atelier-reklama.sk\/blog\/wp-content\/uploads\/2023\/04\/2A.-Mu%C5%BEsk%C3%A1-ko%C5%A1e%C4%BEa-Dobr%C3%A1-Niva-asi-prv%C3%A1-pol.-20.-stor.-vy%C5%A1it%C3%A9-mechanick%C3%BDm-%C5%A1ijac%C3%ADm-strojom-p%C3%B4vodn%C3%BD-vlastn%C3%ADk-nezn%C3%A1my-scaled.jpg?resize=768%2C654&amp;ssl=1 768w, https:\/\/i0.wp.com\/www.atelier-reklama.sk\/blog\/wp-content\/uploads\/2023\/04\/2A.-Mu%C5%BEsk%C3%A1-ko%C5%A1e%C4%BEa-Dobr%C3%A1-Niva-asi-prv%C3%A1-pol.-20.-stor.-vy%C5%A1it%C3%A9-mechanick%C3%BDm-%C5%A1ijac%C3%ADm-strojom-p%C3%B4vodn%C3%BD-vlastn%C3%ADk-nezn%C3%A1my-scaled.jpg?resize=1536%2C1308&amp;ssl=1 1536w, https:\/\/i0.wp.com\/www.atelier-reklama.sk\/blog\/wp-content\/uploads\/2023\/04\/2A.-Mu%C5%BEsk%C3%A1-ko%C5%A1e%C4%BEa-Dobr%C3%A1-Niva-asi-prv%C3%A1-pol.-20.-stor.-vy%C5%A1it%C3%A9-mechanick%C3%BDm-%C5%A1ijac%C3%ADm-strojom-p%C3%B4vodn%C3%BD-vlastn%C3%ADk-nezn%C3%A1my-scaled.jpg?resize=2048%2C1743&amp;ssl=1 2048w, https:\/\/i0.wp.com\/www.atelier-reklama.sk\/blog\/wp-content\/uploads\/2023\/04\/2A.-Mu%C5%BEsk%C3%A1-ko%C5%A1e%C4%BEa-Dobr%C3%A1-Niva-asi-prv%C3%A1-pol.-20.-stor.-vy%C5%A1it%C3%A9-mechanick%C3%BDm-%C5%A1ijac%C3%ADm-strojom-p%C3%B4vodn%C3%BD-vlastn%C3%ADk-nezn%C3%A1my-scaled.jpg?w=1600&amp;ssl=1 1600w, https:\/\/i0.wp.com\/www.atelier-reklama.sk\/blog\/wp-content\/uploads\/2023\/04\/2A.-Mu%C5%BEsk%C3%A1-ko%C5%A1e%C4%BEa-Dobr%C3%A1-Niva-asi-prv%C3%A1-pol.-20.-stor.-vy%C5%A1it%C3%A9-mechanick%C3%BDm-%C5%A1ijac%C3%ADm-strojom-p%C3%B4vodn%C3%BD-vlastn%C3%ADk-nezn%C3%A1my-scaled.jpg?w=2400&amp;ssl=1 2400w\" sizes=\"auto, (max-width: 800px) 100vw, 800px\" \/><\/figure>\n\n\n\n<figure class=\"wp-block-image size-large\"><img data-recalc-dims=\"1\" loading=\"lazy\" decoding=\"async\" width=\"666\" height=\"1024\" data-attachment-id=\"13565\" data-permalink=\"https:\/\/www.atelier-reklama.sk\/blog\/moj-krekacsky-kroj-a-jeho-prekreslene-vzory-spolu\/2b-muzska-kosela-dobra-niva-asi-prva-pol-20-stor-vysite-mechanickym-sijacim-strojom-povodny-vlastnik-neznamy\/\" data-orig-file=\"https:\/\/i0.wp.com\/www.atelier-reklama.sk\/blog\/wp-content\/uploads\/2023\/04\/2B.-Mu%C5%BEsk%C3%A1-ko%C5%A1e%C4%BEa-Dobr%C3%A1-Niva-asi-prv%C3%A1-pol.-20.-stor.-vy%C5%A1it%C3%A9-mechanick%C3%BDm-%C5%A1ijac%C3%ADm-strojom-p%C3%B4vodn%C3%BD-vlastn%C3%ADk-nezn%C3%A1my-scaled.jpg?fit=1665%2C2560&amp;ssl=1\" data-orig-size=\"1665,2560\" data-comments-opened=\"1\" data-image-meta=\"{&quot;aperture&quot;:&quot;2&quot;,&quot;credit&quot;:&quot;&quot;,&quot;camera&quot;:&quot;SM-A125F&quot;,&quot;caption&quot;:&quot;&quot;,&quot;created_timestamp&quot;:&quot;1680602420&quot;,&quot;copyright&quot;:&quot;&quot;,&quot;focal_length&quot;:&quot;4.6&quot;,&quot;iso&quot;:&quot;200&quot;,&quot;shutter_speed&quot;:&quot;0.03&quot;,&quot;title&quot;:&quot;&quot;,&quot;orientation&quot;:&quot;1&quot;}\" data-image-title=\"2B.-Mu\u017esk\u00e1-ko\u0161e\u013ea-Dobr\u00e1-Niva-asi-prv\u00e1-pol.-20.-stor.-vy\u0161it\u00e9-mechanick\u00fdm-\u0161ijac\u00edm-strojom-p\u00f4vodn\u00fd-vlastn\u00edk-nezn\u00e1my\" data-image-description=\"\" data-image-caption=\"\" data-medium-file=\"https:\/\/i0.wp.com\/www.atelier-reklama.sk\/blog\/wp-content\/uploads\/2023\/04\/2B.-Mu%C5%BEsk%C3%A1-ko%C5%A1e%C4%BEa-Dobr%C3%A1-Niva-asi-prv%C3%A1-pol.-20.-stor.-vy%C5%A1it%C3%A9-mechanick%C3%BDm-%C5%A1ijac%C3%ADm-strojom-p%C3%B4vodn%C3%BD-vlastn%C3%ADk-nezn%C3%A1my-scaled.jpg?fit=195%2C300&amp;ssl=1\" data-large-file=\"https:\/\/i0.wp.com\/www.atelier-reklama.sk\/blog\/wp-content\/uploads\/2023\/04\/2B.-Mu%C5%BEsk%C3%A1-ko%C5%A1e%C4%BEa-Dobr%C3%A1-Niva-asi-prv%C3%A1-pol.-20.-stor.-vy%C5%A1it%C3%A9-mechanick%C3%BDm-%C5%A1ijac%C3%ADm-strojom-p%C3%B4vodn%C3%BD-vlastn%C3%ADk-nezn%C3%A1my-scaled.jpg?fit=666%2C1024&amp;ssl=1\" src=\"https:\/\/i0.wp.com\/www.atelier-reklama.sk\/blog\/wp-content\/uploads\/2023\/04\/2B.-Mu%C5%BEsk%C3%A1-ko%C5%A1e%C4%BEa-Dobr%C3%A1-Niva-asi-prv%C3%A1-pol.-20.-stor.-vy%C5%A1it%C3%A9-mechanick%C3%BDm-%C5%A1ijac%C3%ADm-strojom-p%C3%B4vodn%C3%BD-vlastn%C3%ADk-nezn%C3%A1my.jpg?resize=666%2C1024&#038;ssl=1\" alt=\"\" class=\"wp-image-13565\" srcset=\"https:\/\/i0.wp.com\/www.atelier-reklama.sk\/blog\/wp-content\/uploads\/2023\/04\/2B.-Mu%C5%BEsk%C3%A1-ko%C5%A1e%C4%BEa-Dobr%C3%A1-Niva-asi-prv%C3%A1-pol.-20.-stor.-vy%C5%A1it%C3%A9-mechanick%C3%BDm-%C5%A1ijac%C3%ADm-strojom-p%C3%B4vodn%C3%BD-vlastn%C3%ADk-nezn%C3%A1my-scaled.jpg?resize=666%2C1024&amp;ssl=1 666w, https:\/\/i0.wp.com\/www.atelier-reklama.sk\/blog\/wp-content\/uploads\/2023\/04\/2B.-Mu%C5%BEsk%C3%A1-ko%C5%A1e%C4%BEa-Dobr%C3%A1-Niva-asi-prv%C3%A1-pol.-20.-stor.-vy%C5%A1it%C3%A9-mechanick%C3%BDm-%C5%A1ijac%C3%ADm-strojom-p%C3%B4vodn%C3%BD-vlastn%C3%ADk-nezn%C3%A1my-scaled.jpg?resize=195%2C300&amp;ssl=1 195w, https:\/\/i0.wp.com\/www.atelier-reklama.sk\/blog\/wp-content\/uploads\/2023\/04\/2B.-Mu%C5%BEsk%C3%A1-ko%C5%A1e%C4%BEa-Dobr%C3%A1-Niva-asi-prv%C3%A1-pol.-20.-stor.-vy%C5%A1it%C3%A9-mechanick%C3%BDm-%C5%A1ijac%C3%ADm-strojom-p%C3%B4vodn%C3%BD-vlastn%C3%ADk-nezn%C3%A1my-scaled.jpg?resize=768%2C1181&amp;ssl=1 768w, https:\/\/i0.wp.com\/www.atelier-reklama.sk\/blog\/wp-content\/uploads\/2023\/04\/2B.-Mu%C5%BEsk%C3%A1-ko%C5%A1e%C4%BEa-Dobr%C3%A1-Niva-asi-prv%C3%A1-pol.-20.-stor.-vy%C5%A1it%C3%A9-mechanick%C3%BDm-%C5%A1ijac%C3%ADm-strojom-p%C3%B4vodn%C3%BD-vlastn%C3%ADk-nezn%C3%A1my-scaled.jpg?resize=999%2C1536&amp;ssl=1 999w, https:\/\/i0.wp.com\/www.atelier-reklama.sk\/blog\/wp-content\/uploads\/2023\/04\/2B.-Mu%C5%BEsk%C3%A1-ko%C5%A1e%C4%BEa-Dobr%C3%A1-Niva-asi-prv%C3%A1-pol.-20.-stor.-vy%C5%A1it%C3%A9-mechanick%C3%BDm-%C5%A1ijac%C3%ADm-strojom-p%C3%B4vodn%C3%BD-vlastn%C3%ADk-nezn%C3%A1my-scaled.jpg?resize=1332%2C2048&amp;ssl=1 1332w, https:\/\/i0.wp.com\/www.atelier-reklama.sk\/blog\/wp-content\/uploads\/2023\/04\/2B.-Mu%C5%BEsk%C3%A1-ko%C5%A1e%C4%BEa-Dobr%C3%A1-Niva-asi-prv%C3%A1-pol.-20.-stor.-vy%C5%A1it%C3%A9-mechanick%C3%BDm-%C5%A1ijac%C3%ADm-strojom-p%C3%B4vodn%C3%BD-vlastn%C3%ADk-nezn%C3%A1my-scaled.jpg?w=1665&amp;ssl=1 1665w, https:\/\/i0.wp.com\/www.atelier-reklama.sk\/blog\/wp-content\/uploads\/2023\/04\/2B.-Mu%C5%BEsk%C3%A1-ko%C5%A1e%C4%BEa-Dobr%C3%A1-Niva-asi-prv%C3%A1-pol.-20.-stor.-vy%C5%A1it%C3%A9-mechanick%C3%BDm-%C5%A1ijac%C3%ADm-strojom-p%C3%B4vodn%C3%BD-vlastn%C3%ADk-nezn%C3%A1my-scaled.jpg?w=1600&amp;ssl=1 1600w\" sizes=\"auto, (max-width: 666px) 100vw, 666px\" \/><\/figure>\n\n\n\n<figure class=\"wp-block-image size-large\"><img data-recalc-dims=\"1\" loading=\"lazy\" decoding=\"async\" width=\"800\" height=\"566\" data-attachment-id=\"13453\" data-permalink=\"https:\/\/www.atelier-reklama.sk\/blog\/moj-krekacsky-kroj-a-jeho-prekreslene-vzory-spolu\/4-muzska-kosela-dobra-niva-asi-prva-pol-20-stor-vysite-mechanickym-sijacim-strojom-povodny-vlastnik-neznamy\/\" data-orig-file=\"https:\/\/i0.wp.com\/www.atelier-reklama.sk\/blog\/wp-content\/uploads\/2023\/03\/4.-Mu%C5%BEsk%C3%A1-ko%C5%A1e%C4%BEa-Dobr%C3%A1-Niva-asi-prv%C3%A1-pol.-20.-stor.-vy%C5%A1it%C3%A9-mechanick%C3%BDm-%C5%A1ijac%C3%ADm-strojom-p%C3%B4vodn%C3%BD-vlastn%C3%ADk-nezn%C3%A1my-scaled.jpg?fit=2560%2C1810&amp;ssl=1\" data-orig-size=\"2560,1810\" data-comments-opened=\"1\" data-image-meta=\"{&quot;aperture&quot;:&quot;0&quot;,&quot;credit&quot;:&quot;&quot;,&quot;camera&quot;:&quot;&quot;,&quot;caption&quot;:&quot;&quot;,&quot;created_timestamp&quot;:&quot;0&quot;,&quot;copyright&quot;:&quot;&quot;,&quot;focal_length&quot;:&quot;0&quot;,&quot;iso&quot;:&quot;0&quot;,&quot;shutter_speed&quot;:&quot;0&quot;,&quot;title&quot;:&quot;&quot;,&quot;orientation&quot;:&quot;0&quot;}\" data-image-title=\"4.-Mu\u017esk\u00e1-ko\u0161e\u013ea-Dobr\u00e1-Niva-asi-prv\u00e1-pol.-20.-stor.-vy\u0161it\u00e9-mechanick\u00fdm-\u0161ijac\u00edm-strojom-p\u00f4vodn\u00fd-vlastn\u00edk-nezn\u00e1my\" data-image-description=\"\" data-image-caption=\"\" data-medium-file=\"https:\/\/i0.wp.com\/www.atelier-reklama.sk\/blog\/wp-content\/uploads\/2023\/03\/4.-Mu%C5%BEsk%C3%A1-ko%C5%A1e%C4%BEa-Dobr%C3%A1-Niva-asi-prv%C3%A1-pol.-20.-stor.-vy%C5%A1it%C3%A9-mechanick%C3%BDm-%C5%A1ijac%C3%ADm-strojom-p%C3%B4vodn%C3%BD-vlastn%C3%ADk-nezn%C3%A1my-scaled.jpg?fit=300%2C212&amp;ssl=1\" data-large-file=\"https:\/\/i0.wp.com\/www.atelier-reklama.sk\/blog\/wp-content\/uploads\/2023\/03\/4.-Mu%C5%BEsk%C3%A1-ko%C5%A1e%C4%BEa-Dobr%C3%A1-Niva-asi-prv%C3%A1-pol.-20.-stor.-vy%C5%A1it%C3%A9-mechanick%C3%BDm-%C5%A1ijac%C3%ADm-strojom-p%C3%B4vodn%C3%BD-vlastn%C3%ADk-nezn%C3%A1my-scaled.jpg?fit=800%2C566&amp;ssl=1\" src=\"https:\/\/i0.wp.com\/www.atelier-reklama.sk\/blog\/wp-content\/uploads\/2023\/03\/4.-Mu%C5%BEsk%C3%A1-ko%C5%A1e%C4%BEa-Dobr%C3%A1-Niva-asi-prv%C3%A1-pol.-20.-stor.-vy%C5%A1it%C3%A9-mechanick%C3%BDm-%C5%A1ijac%C3%ADm-strojom-p%C3%B4vodn%C3%BD-vlastn%C3%ADk-nezn%C3%A1my.jpg?resize=800%2C566&#038;ssl=1\" alt=\"\" class=\"wp-image-13453\" srcset=\"https:\/\/i0.wp.com\/www.atelier-reklama.sk\/blog\/wp-content\/uploads\/2023\/03\/4.-Mu%C5%BEsk%C3%A1-ko%C5%A1e%C4%BEa-Dobr%C3%A1-Niva-asi-prv%C3%A1-pol.-20.-stor.-vy%C5%A1it%C3%A9-mechanick%C3%BDm-%C5%A1ijac%C3%ADm-strojom-p%C3%B4vodn%C3%BD-vlastn%C3%ADk-nezn%C3%A1my-scaled.jpg?resize=1024%2C724&amp;ssl=1 1024w, https:\/\/i0.wp.com\/www.atelier-reklama.sk\/blog\/wp-content\/uploads\/2023\/03\/4.-Mu%C5%BEsk%C3%A1-ko%C5%A1e%C4%BEa-Dobr%C3%A1-Niva-asi-prv%C3%A1-pol.-20.-stor.-vy%C5%A1it%C3%A9-mechanick%C3%BDm-%C5%A1ijac%C3%ADm-strojom-p%C3%B4vodn%C3%BD-vlastn%C3%ADk-nezn%C3%A1my-scaled.jpg?resize=300%2C212&amp;ssl=1 300w, https:\/\/i0.wp.com\/www.atelier-reklama.sk\/blog\/wp-content\/uploads\/2023\/03\/4.-Mu%C5%BEsk%C3%A1-ko%C5%A1e%C4%BEa-Dobr%C3%A1-Niva-asi-prv%C3%A1-pol.-20.-stor.-vy%C5%A1it%C3%A9-mechanick%C3%BDm-%C5%A1ijac%C3%ADm-strojom-p%C3%B4vodn%C3%BD-vlastn%C3%ADk-nezn%C3%A1my-scaled.jpg?resize=768%2C543&amp;ssl=1 768w, https:\/\/i0.wp.com\/www.atelier-reklama.sk\/blog\/wp-content\/uploads\/2023\/03\/4.-Mu%C5%BEsk%C3%A1-ko%C5%A1e%C4%BEa-Dobr%C3%A1-Niva-asi-prv%C3%A1-pol.-20.-stor.-vy%C5%A1it%C3%A9-mechanick%C3%BDm-%C5%A1ijac%C3%ADm-strojom-p%C3%B4vodn%C3%BD-vlastn%C3%ADk-nezn%C3%A1my-scaled.jpg?resize=1536%2C1086&amp;ssl=1 1536w, https:\/\/i0.wp.com\/www.atelier-reklama.sk\/blog\/wp-content\/uploads\/2023\/03\/4.-Mu%C5%BEsk%C3%A1-ko%C5%A1e%C4%BEa-Dobr%C3%A1-Niva-asi-prv%C3%A1-pol.-20.-stor.-vy%C5%A1it%C3%A9-mechanick%C3%BDm-%C5%A1ijac%C3%ADm-strojom-p%C3%B4vodn%C3%BD-vlastn%C3%ADk-nezn%C3%A1my-scaled.jpg?resize=2048%2C1448&amp;ssl=1 2048w, https:\/\/i0.wp.com\/www.atelier-reklama.sk\/blog\/wp-content\/uploads\/2023\/03\/4.-Mu%C5%BEsk%C3%A1-ko%C5%A1e%C4%BEa-Dobr%C3%A1-Niva-asi-prv%C3%A1-pol.-20.-stor.-vy%C5%A1it%C3%A9-mechanick%C3%BDm-%C5%A1ijac%C3%ADm-strojom-p%C3%B4vodn%C3%BD-vlastn%C3%ADk-nezn%C3%A1my-scaled.jpg?w=1600&amp;ssl=1 1600w, https:\/\/i0.wp.com\/www.atelier-reklama.sk\/blog\/wp-content\/uploads\/2023\/03\/4.-Mu%C5%BEsk%C3%A1-ko%C5%A1e%C4%BEa-Dobr%C3%A1-Niva-asi-prv%C3%A1-pol.-20.-stor.-vy%C5%A1it%C3%A9-mechanick%C3%BDm-%C5%A1ijac%C3%ADm-strojom-p%C3%B4vodn%C3%BD-vlastn%C3%ADk-nezn%C3%A1my-scaled.jpg?w=2400&amp;ssl=1 2400w\" sizes=\"auto, (max-width: 800px) 100vw, 800px\" \/><figcaption class=\"wp-element-caption\">Mu\u017esk\u00e1 ko\u0161e\u013ea z Dobrej Nivy nepatr\u00ed do tzv. krek\u00e1\u010dskeho kroja, nako\u013eko sa mi ve\u013emi p\u00e1\u010di a patr\u00ed v zbierke medzi moje poklady, bola by \u0161koda nezverejni\u0165 \u0161ikovnos\u0165 vy\u0161\u00edva\u010diek, ktor\u00e9 vytvorili t\u00fato kr\u00e1su na mechanickom \u0161ijacom stroji \u0161tepovan\u00edm. <\/figcaption><\/figure>\n\n\n\n<figure class=\"wp-block-image size-large\"><img data-recalc-dims=\"1\" loading=\"lazy\" decoding=\"async\" width=\"800\" height=\"716\" data-attachment-id=\"13566\" data-permalink=\"https:\/\/www.atelier-reklama.sk\/blog\/moj-krekacsky-kroj-a-jeho-prekreslene-vzory-spolu\/2e-muzska-kosela-dobra-niva-asi-prva-pol-20-stor-vysite-mechanickym-sijacim-strojom-povodny-vlastnik-neznamy\/\" data-orig-file=\"https:\/\/i0.wp.com\/www.atelier-reklama.sk\/blog\/wp-content\/uploads\/2023\/04\/2E.-Mu%C5%BEsk%C3%A1-ko%C5%A1e%C4%BEa-Dobr%C3%A1-Niva-asi-prv%C3%A1-pol.-20.-stor.-vy%C5%A1it%C3%A9-mechanick%C3%BDm-%C5%A1ijac%C3%ADm-strojom-p%C3%B4vodn%C3%BD-vlastn%C3%ADk-nezn%C3%A1my-scaled.jpg?fit=2560%2C2290&amp;ssl=1\" data-orig-size=\"2560,2290\" data-comments-opened=\"1\" data-image-meta=\"{&quot;aperture&quot;:&quot;2&quot;,&quot;credit&quot;:&quot;&quot;,&quot;camera&quot;:&quot;SM-A125F&quot;,&quot;caption&quot;:&quot;&quot;,&quot;created_timestamp&quot;:&quot;1680602504&quot;,&quot;copyright&quot;:&quot;&quot;,&quot;focal_length&quot;:&quot;4.6&quot;,&quot;iso&quot;:&quot;250&quot;,&quot;shutter_speed&quot;:&quot;0.03&quot;,&quot;title&quot;:&quot;&quot;,&quot;orientation&quot;:&quot;1&quot;}\" data-image-title=\"2E.-Mu\u017esk\u00e1-ko\u0161e\u013ea-Dobr\u00e1-Niva-asi-prv\u00e1-pol.-20.-stor.-vy\u0161it\u00e9-mechanick\u00fdm-\u0161ijac\u00edm-strojom-p\u00f4vodn\u00fd-vlastn\u00edk-nezn\u00e1my\" data-image-description=\"\" data-image-caption=\"\" data-medium-file=\"https:\/\/i0.wp.com\/www.atelier-reklama.sk\/blog\/wp-content\/uploads\/2023\/04\/2E.-Mu%C5%BEsk%C3%A1-ko%C5%A1e%C4%BEa-Dobr%C3%A1-Niva-asi-prv%C3%A1-pol.-20.-stor.-vy%C5%A1it%C3%A9-mechanick%C3%BDm-%C5%A1ijac%C3%ADm-strojom-p%C3%B4vodn%C3%BD-vlastn%C3%ADk-nezn%C3%A1my-scaled.jpg?fit=300%2C268&amp;ssl=1\" data-large-file=\"https:\/\/i0.wp.com\/www.atelier-reklama.sk\/blog\/wp-content\/uploads\/2023\/04\/2E.-Mu%C5%BEsk%C3%A1-ko%C5%A1e%C4%BEa-Dobr%C3%A1-Niva-asi-prv%C3%A1-pol.-20.-stor.-vy%C5%A1it%C3%A9-mechanick%C3%BDm-%C5%A1ijac%C3%ADm-strojom-p%C3%B4vodn%C3%BD-vlastn%C3%ADk-nezn%C3%A1my-scaled.jpg?fit=800%2C716&amp;ssl=1\" src=\"https:\/\/i0.wp.com\/www.atelier-reklama.sk\/blog\/wp-content\/uploads\/2023\/04\/2E.-Mu%C5%BEsk%C3%A1-ko%C5%A1e%C4%BEa-Dobr%C3%A1-Niva-asi-prv%C3%A1-pol.-20.-stor.-vy%C5%A1it%C3%A9-mechanick%C3%BDm-%C5%A1ijac%C3%ADm-strojom-p%C3%B4vodn%C3%BD-vlastn%C3%ADk-nezn%C3%A1my.jpg?resize=800%2C716&#038;ssl=1\" alt=\"\" class=\"wp-image-13566\" srcset=\"https:\/\/i0.wp.com\/www.atelier-reklama.sk\/blog\/wp-content\/uploads\/2023\/04\/2E.-Mu%C5%BEsk%C3%A1-ko%C5%A1e%C4%BEa-Dobr%C3%A1-Niva-asi-prv%C3%A1-pol.-20.-stor.-vy%C5%A1it%C3%A9-mechanick%C3%BDm-%C5%A1ijac%C3%ADm-strojom-p%C3%B4vodn%C3%BD-vlastn%C3%ADk-nezn%C3%A1my-scaled.jpg?resize=1024%2C916&amp;ssl=1 1024w, https:\/\/i0.wp.com\/www.atelier-reklama.sk\/blog\/wp-content\/uploads\/2023\/04\/2E.-Mu%C5%BEsk%C3%A1-ko%C5%A1e%C4%BEa-Dobr%C3%A1-Niva-asi-prv%C3%A1-pol.-20.-stor.-vy%C5%A1it%C3%A9-mechanick%C3%BDm-%C5%A1ijac%C3%ADm-strojom-p%C3%B4vodn%C3%BD-vlastn%C3%ADk-nezn%C3%A1my-scaled.jpg?resize=300%2C268&amp;ssl=1 300w, https:\/\/i0.wp.com\/www.atelier-reklama.sk\/blog\/wp-content\/uploads\/2023\/04\/2E.-Mu%C5%BEsk%C3%A1-ko%C5%A1e%C4%BEa-Dobr%C3%A1-Niva-asi-prv%C3%A1-pol.-20.-stor.-vy%C5%A1it%C3%A9-mechanick%C3%BDm-%C5%A1ijac%C3%ADm-strojom-p%C3%B4vodn%C3%BD-vlastn%C3%ADk-nezn%C3%A1my-scaled.jpg?resize=768%2C687&amp;ssl=1 768w, https:\/\/i0.wp.com\/www.atelier-reklama.sk\/blog\/wp-content\/uploads\/2023\/04\/2E.-Mu%C5%BEsk%C3%A1-ko%C5%A1e%C4%BEa-Dobr%C3%A1-Niva-asi-prv%C3%A1-pol.-20.-stor.-vy%C5%A1it%C3%A9-mechanick%C3%BDm-%C5%A1ijac%C3%ADm-strojom-p%C3%B4vodn%C3%BD-vlastn%C3%ADk-nezn%C3%A1my-scaled.jpg?resize=1536%2C1374&amp;ssl=1 1536w, https:\/\/i0.wp.com\/www.atelier-reklama.sk\/blog\/wp-content\/uploads\/2023\/04\/2E.-Mu%C5%BEsk%C3%A1-ko%C5%A1e%C4%BEa-Dobr%C3%A1-Niva-asi-prv%C3%A1-pol.-20.-stor.-vy%C5%A1it%C3%A9-mechanick%C3%BDm-%C5%A1ijac%C3%ADm-strojom-p%C3%B4vodn%C3%BD-vlastn%C3%ADk-nezn%C3%A1my-scaled.jpg?resize=2048%2C1832&amp;ssl=1 2048w, https:\/\/i0.wp.com\/www.atelier-reklama.sk\/blog\/wp-content\/uploads\/2023\/04\/2E.-Mu%C5%BEsk%C3%A1-ko%C5%A1e%C4%BEa-Dobr%C3%A1-Niva-asi-prv%C3%A1-pol.-20.-stor.-vy%C5%A1it%C3%A9-mechanick%C3%BDm-%C5%A1ijac%C3%ADm-strojom-p%C3%B4vodn%C3%BD-vlastn%C3%ADk-nezn%C3%A1my-scaled.jpg?w=1600&amp;ssl=1 1600w, https:\/\/i0.wp.com\/www.atelier-reklama.sk\/blog\/wp-content\/uploads\/2023\/04\/2E.-Mu%C5%BEsk%C3%A1-ko%C5%A1e%C4%BEa-Dobr%C3%A1-Niva-asi-prv%C3%A1-pol.-20.-stor.-vy%C5%A1it%C3%A9-mechanick%C3%BDm-%C5%A1ijac%C3%ADm-strojom-p%C3%B4vodn%C3%BD-vlastn%C3%ADk-nezn%C3%A1my-scaled.jpg?w=2400&amp;ssl=1 2400w\" sizes=\"auto, (max-width: 800px) 100vw, 800px\" \/><\/figure>\n\n\n\n<figure class=\"wp-block-image size-large\"><img data-recalc-dims=\"1\" loading=\"lazy\" decoding=\"async\" width=\"800\" height=\"680\" data-attachment-id=\"13567\" data-permalink=\"https:\/\/www.atelier-reklama.sk\/blog\/moj-krekacsky-kroj-a-jeho-prekreslene-vzory-spolu\/2f-muzska-kosela-manzeta-dobra-niva-asi-prva-pol-20-stor-vysite-mechanickym-sijacim-strojom-povodny-vlastnik-neznamy\/\" data-orig-file=\"https:\/\/i0.wp.com\/www.atelier-reklama.sk\/blog\/wp-content\/uploads\/2023\/04\/2F.-Mu%C5%BEsk%C3%A1-ko%C5%A1e%C4%BEa-man%C5%BEeta-Dobr%C3%A1-Niva-asi-prv%C3%A1-pol.-20.-stor.-vy%C5%A1it%C3%A9-mechanick%C3%BDm-%C5%A1ijac%C3%ADm-strojom-p%C3%B4vodn%C3%BD-vlastn%C3%ADk-nezn%C3%A1my-scaled.jpg?fit=2560%2C2178&amp;ssl=1\" data-orig-size=\"2560,2178\" data-comments-opened=\"1\" data-image-meta=\"{&quot;aperture&quot;:&quot;2&quot;,&quot;credit&quot;:&quot;&quot;,&quot;camera&quot;:&quot;SM-A125F&quot;,&quot;caption&quot;:&quot;&quot;,&quot;created_timestamp&quot;:&quot;1680602516&quot;,&quot;copyright&quot;:&quot;&quot;,&quot;focal_length&quot;:&quot;4.6&quot;,&quot;iso&quot;:&quot;250&quot;,&quot;shutter_speed&quot;:&quot;0.0399&quot;,&quot;title&quot;:&quot;&quot;,&quot;orientation&quot;:&quot;1&quot;}\" data-image-title=\"2F.-Mu\u017esk\u00e1-ko\u0161e\u013ea-man\u017eeta-Dobr\u00e1-Niva-asi-prv\u00e1-pol.-20.-stor.-vy\u0161it\u00e9-mechanick\u00fdm-\u0161ijac\u00edm-strojom-p\u00f4vodn\u00fd-vlastn\u00edk-nezn\u00e1my\" data-image-description=\"\" data-image-caption=\"\" data-medium-file=\"https:\/\/i0.wp.com\/www.atelier-reklama.sk\/blog\/wp-content\/uploads\/2023\/04\/2F.-Mu%C5%BEsk%C3%A1-ko%C5%A1e%C4%BEa-man%C5%BEeta-Dobr%C3%A1-Niva-asi-prv%C3%A1-pol.-20.-stor.-vy%C5%A1it%C3%A9-mechanick%C3%BDm-%C5%A1ijac%C3%ADm-strojom-p%C3%B4vodn%C3%BD-vlastn%C3%ADk-nezn%C3%A1my-scaled.jpg?fit=300%2C255&amp;ssl=1\" data-large-file=\"https:\/\/i0.wp.com\/www.atelier-reklama.sk\/blog\/wp-content\/uploads\/2023\/04\/2F.-Mu%C5%BEsk%C3%A1-ko%C5%A1e%C4%BEa-man%C5%BEeta-Dobr%C3%A1-Niva-asi-prv%C3%A1-pol.-20.-stor.-vy%C5%A1it%C3%A9-mechanick%C3%BDm-%C5%A1ijac%C3%ADm-strojom-p%C3%B4vodn%C3%BD-vlastn%C3%ADk-nezn%C3%A1my-scaled.jpg?fit=800%2C680&amp;ssl=1\" src=\"https:\/\/i0.wp.com\/www.atelier-reklama.sk\/blog\/wp-content\/uploads\/2023\/04\/2F.-Mu%C5%BEsk%C3%A1-ko%C5%A1e%C4%BEa-man%C5%BEeta-Dobr%C3%A1-Niva-asi-prv%C3%A1-pol.-20.-stor.-vy%C5%A1it%C3%A9-mechanick%C3%BDm-%C5%A1ijac%C3%ADm-strojom-p%C3%B4vodn%C3%BD-vlastn%C3%ADk-nezn%C3%A1my.jpg?resize=800%2C680&#038;ssl=1\" alt=\"\" class=\"wp-image-13567\" srcset=\"https:\/\/i0.wp.com\/www.atelier-reklama.sk\/blog\/wp-content\/uploads\/2023\/04\/2F.-Mu%C5%BEsk%C3%A1-ko%C5%A1e%C4%BEa-man%C5%BEeta-Dobr%C3%A1-Niva-asi-prv%C3%A1-pol.-20.-stor.-vy%C5%A1it%C3%A9-mechanick%C3%BDm-%C5%A1ijac%C3%ADm-strojom-p%C3%B4vodn%C3%BD-vlastn%C3%ADk-nezn%C3%A1my-scaled.jpg?resize=1024%2C871&amp;ssl=1 1024w, https:\/\/i0.wp.com\/www.atelier-reklama.sk\/blog\/wp-content\/uploads\/2023\/04\/2F.-Mu%C5%BEsk%C3%A1-ko%C5%A1e%C4%BEa-man%C5%BEeta-Dobr%C3%A1-Niva-asi-prv%C3%A1-pol.-20.-stor.-vy%C5%A1it%C3%A9-mechanick%C3%BDm-%C5%A1ijac%C3%ADm-strojom-p%C3%B4vodn%C3%BD-vlastn%C3%ADk-nezn%C3%A1my-scaled.jpg?resize=300%2C255&amp;ssl=1 300w, https:\/\/i0.wp.com\/www.atelier-reklama.sk\/blog\/wp-content\/uploads\/2023\/04\/2F.-Mu%C5%BEsk%C3%A1-ko%C5%A1e%C4%BEa-man%C5%BEeta-Dobr%C3%A1-Niva-asi-prv%C3%A1-pol.-20.-stor.-vy%C5%A1it%C3%A9-mechanick%C3%BDm-%C5%A1ijac%C3%ADm-strojom-p%C3%B4vodn%C3%BD-vlastn%C3%ADk-nezn%C3%A1my-scaled.jpg?resize=768%2C653&amp;ssl=1 768w, https:\/\/i0.wp.com\/www.atelier-reklama.sk\/blog\/wp-content\/uploads\/2023\/04\/2F.-Mu%C5%BEsk%C3%A1-ko%C5%A1e%C4%BEa-man%C5%BEeta-Dobr%C3%A1-Niva-asi-prv%C3%A1-pol.-20.-stor.-vy%C5%A1it%C3%A9-mechanick%C3%BDm-%C5%A1ijac%C3%ADm-strojom-p%C3%B4vodn%C3%BD-vlastn%C3%ADk-nezn%C3%A1my-scaled.jpg?resize=1536%2C1307&amp;ssl=1 1536w, https:\/\/i0.wp.com\/www.atelier-reklama.sk\/blog\/wp-content\/uploads\/2023\/04\/2F.-Mu%C5%BEsk%C3%A1-ko%C5%A1e%C4%BEa-man%C5%BEeta-Dobr%C3%A1-Niva-asi-prv%C3%A1-pol.-20.-stor.-vy%C5%A1it%C3%A9-mechanick%C3%BDm-%C5%A1ijac%C3%ADm-strojom-p%C3%B4vodn%C3%BD-vlastn%C3%ADk-nezn%C3%A1my-scaled.jpg?resize=2048%2C1743&amp;ssl=1 2048w, https:\/\/i0.wp.com\/www.atelier-reklama.sk\/blog\/wp-content\/uploads\/2023\/04\/2F.-Mu%C5%BEsk%C3%A1-ko%C5%A1e%C4%BEa-man%C5%BEeta-Dobr%C3%A1-Niva-asi-prv%C3%A1-pol.-20.-stor.-vy%C5%A1it%C3%A9-mechanick%C3%BDm-%C5%A1ijac%C3%ADm-strojom-p%C3%B4vodn%C3%BD-vlastn%C3%ADk-nezn%C3%A1my-scaled.jpg?w=1600&amp;ssl=1 1600w, https:\/\/i0.wp.com\/www.atelier-reklama.sk\/blog\/wp-content\/uploads\/2023\/04\/2F.-Mu%C5%BEsk%C3%A1-ko%C5%A1e%C4%BEa-man%C5%BEeta-Dobr%C3%A1-Niva-asi-prv%C3%A1-pol.-20.-stor.-vy%C5%A1it%C3%A9-mechanick%C3%BDm-%C5%A1ijac%C3%ADm-strojom-p%C3%B4vodn%C3%BD-vlastn%C3%ADk-nezn%C3%A1my-scaled.jpg?w=2400&amp;ssl=1 2400w\" sizes=\"auto, (max-width: 800px) 100vw, 800px\" \/><\/figure>\n\n\n\n<figure class=\"wp-block-image size-large\"><img data-recalc-dims=\"1\" loading=\"lazy\" decoding=\"async\" width=\"800\" height=\"528\" data-attachment-id=\"13568\" data-permalink=\"https:\/\/www.atelier-reklama.sk\/blog\/moj-krekacsky-kroj-a-jeho-prekreslene-vzory-spolu\/2g-muzska-kosela-manzeta-dobra-niva-asi-prva-pol-20-stor-vysite-mechanickym-sijacim-strojom-povodny-vlastnik-neznamy\/\" data-orig-file=\"https:\/\/i0.wp.com\/www.atelier-reklama.sk\/blog\/wp-content\/uploads\/2023\/04\/2G.-Mu%C5%BEsk%C3%A1-ko%C5%A1e%C4%BEa-man%C5%BEeta-Dobr%C3%A1-Niva-asi-prv%C3%A1-pol.-20.-stor.-vy%C5%A1it%C3%A9-mechanick%C3%BDm-%C5%A1ijac%C3%ADm-strojom-p%C3%B4vodn%C3%BD-vlastn%C3%ADk-nezn%C3%A1my-scaled.jpg?fit=2560%2C1689&amp;ssl=1\" data-orig-size=\"2560,1689\" data-comments-opened=\"1\" data-image-meta=\"{&quot;aperture&quot;:&quot;2&quot;,&quot;credit&quot;:&quot;&quot;,&quot;camera&quot;:&quot;SM-A125F&quot;,&quot;caption&quot;:&quot;&quot;,&quot;created_timestamp&quot;:&quot;1680602477&quot;,&quot;copyright&quot;:&quot;&quot;,&quot;focal_length&quot;:&quot;4.6&quot;,&quot;iso&quot;:&quot;200&quot;,&quot;shutter_speed&quot;:&quot;0.03&quot;,&quot;title&quot;:&quot;&quot;,&quot;orientation&quot;:&quot;1&quot;}\" data-image-title=\"2G.-Mu\u017esk\u00e1-ko\u0161e\u013ea-man\u017eeta-Dobr\u00e1-Niva-asi-prv\u00e1-pol.-20.-stor.-vy\u0161it\u00e9-mechanick\u00fdm-\u0161ijac\u00edm-strojom-p\u00f4vodn\u00fd-vlastn\u00edk-nezn\u00e1my\" data-image-description=\"\" data-image-caption=\"\" data-medium-file=\"https:\/\/i0.wp.com\/www.atelier-reklama.sk\/blog\/wp-content\/uploads\/2023\/04\/2G.-Mu%C5%BEsk%C3%A1-ko%C5%A1e%C4%BEa-man%C5%BEeta-Dobr%C3%A1-Niva-asi-prv%C3%A1-pol.-20.-stor.-vy%C5%A1it%C3%A9-mechanick%C3%BDm-%C5%A1ijac%C3%ADm-strojom-p%C3%B4vodn%C3%BD-vlastn%C3%ADk-nezn%C3%A1my-scaled.jpg?fit=300%2C198&amp;ssl=1\" data-large-file=\"https:\/\/i0.wp.com\/www.atelier-reklama.sk\/blog\/wp-content\/uploads\/2023\/04\/2G.-Mu%C5%BEsk%C3%A1-ko%C5%A1e%C4%BEa-man%C5%BEeta-Dobr%C3%A1-Niva-asi-prv%C3%A1-pol.-20.-stor.-vy%C5%A1it%C3%A9-mechanick%C3%BDm-%C5%A1ijac%C3%ADm-strojom-p%C3%B4vodn%C3%BD-vlastn%C3%ADk-nezn%C3%A1my-scaled.jpg?fit=800%2C528&amp;ssl=1\" src=\"https:\/\/i0.wp.com\/www.atelier-reklama.sk\/blog\/wp-content\/uploads\/2023\/04\/2G.-Mu%C5%BEsk%C3%A1-ko%C5%A1e%C4%BEa-man%C5%BEeta-Dobr%C3%A1-Niva-asi-prv%C3%A1-pol.-20.-stor.-vy%C5%A1it%C3%A9-mechanick%C3%BDm-%C5%A1ijac%C3%ADm-strojom-p%C3%B4vodn%C3%BD-vlastn%C3%ADk-nezn%C3%A1my.jpg?resize=800%2C528&#038;ssl=1\" alt=\"\" class=\"wp-image-13568\" srcset=\"https:\/\/i0.wp.com\/www.atelier-reklama.sk\/blog\/wp-content\/uploads\/2023\/04\/2G.-Mu%C5%BEsk%C3%A1-ko%C5%A1e%C4%BEa-man%C5%BEeta-Dobr%C3%A1-Niva-asi-prv%C3%A1-pol.-20.-stor.-vy%C5%A1it%C3%A9-mechanick%C3%BDm-%C5%A1ijac%C3%ADm-strojom-p%C3%B4vodn%C3%BD-vlastn%C3%ADk-nezn%C3%A1my-scaled.jpg?resize=1024%2C676&amp;ssl=1 1024w, https:\/\/i0.wp.com\/www.atelier-reklama.sk\/blog\/wp-content\/uploads\/2023\/04\/2G.-Mu%C5%BEsk%C3%A1-ko%C5%A1e%C4%BEa-man%C5%BEeta-Dobr%C3%A1-Niva-asi-prv%C3%A1-pol.-20.-stor.-vy%C5%A1it%C3%A9-mechanick%C3%BDm-%C5%A1ijac%C3%ADm-strojom-p%C3%B4vodn%C3%BD-vlastn%C3%ADk-nezn%C3%A1my-scaled.jpg?resize=300%2C198&amp;ssl=1 300w, https:\/\/i0.wp.com\/www.atelier-reklama.sk\/blog\/wp-content\/uploads\/2023\/04\/2G.-Mu%C5%BEsk%C3%A1-ko%C5%A1e%C4%BEa-man%C5%BEeta-Dobr%C3%A1-Niva-asi-prv%C3%A1-pol.-20.-stor.-vy%C5%A1it%C3%A9-mechanick%C3%BDm-%C5%A1ijac%C3%ADm-strojom-p%C3%B4vodn%C3%BD-vlastn%C3%ADk-nezn%C3%A1my-scaled.jpg?resize=768%2C507&amp;ssl=1 768w, https:\/\/i0.wp.com\/www.atelier-reklama.sk\/blog\/wp-content\/uploads\/2023\/04\/2G.-Mu%C5%BEsk%C3%A1-ko%C5%A1e%C4%BEa-man%C5%BEeta-Dobr%C3%A1-Niva-asi-prv%C3%A1-pol.-20.-stor.-vy%C5%A1it%C3%A9-mechanick%C3%BDm-%C5%A1ijac%C3%ADm-strojom-p%C3%B4vodn%C3%BD-vlastn%C3%ADk-nezn%C3%A1my-scaled.jpg?resize=1536%2C1013&amp;ssl=1 1536w, https:\/\/i0.wp.com\/www.atelier-reklama.sk\/blog\/wp-content\/uploads\/2023\/04\/2G.-Mu%C5%BEsk%C3%A1-ko%C5%A1e%C4%BEa-man%C5%BEeta-Dobr%C3%A1-Niva-asi-prv%C3%A1-pol.-20.-stor.-vy%C5%A1it%C3%A9-mechanick%C3%BDm-%C5%A1ijac%C3%ADm-strojom-p%C3%B4vodn%C3%BD-vlastn%C3%ADk-nezn%C3%A1my-scaled.jpg?resize=2048%2C1351&amp;ssl=1 2048w, https:\/\/i0.wp.com\/www.atelier-reklama.sk\/blog\/wp-content\/uploads\/2023\/04\/2G.-Mu%C5%BEsk%C3%A1-ko%C5%A1e%C4%BEa-man%C5%BEeta-Dobr%C3%A1-Niva-asi-prv%C3%A1-pol.-20.-stor.-vy%C5%A1it%C3%A9-mechanick%C3%BDm-%C5%A1ijac%C3%ADm-strojom-p%C3%B4vodn%C3%BD-vlastn%C3%ADk-nezn%C3%A1my-scaled.jpg?w=1600&amp;ssl=1 1600w, https:\/\/i0.wp.com\/www.atelier-reklama.sk\/blog\/wp-content\/uploads\/2023\/04\/2G.-Mu%C5%BEsk%C3%A1-ko%C5%A1e%C4%BEa-man%C5%BEeta-Dobr%C3%A1-Niva-asi-prv%C3%A1-pol.-20.-stor.-vy%C5%A1it%C3%A9-mechanick%C3%BDm-%C5%A1ijac%C3%ADm-strojom-p%C3%B4vodn%C3%BD-vlastn%C3%ADk-nezn%C3%A1my-scaled.jpg?w=2400&amp;ssl=1 2400w\" sizes=\"auto, (max-width: 800px) 100vw, 800px\" \/><\/figure>\n\n\n\n<figure class=\"wp-block-image size-large\"><img data-recalc-dims=\"1\" loading=\"lazy\" decoding=\"async\" width=\"800\" height=\"585\" data-attachment-id=\"13569\" data-permalink=\"https:\/\/www.atelier-reklama.sk\/blog\/moj-krekacsky-kroj-a-jeho-prekreslene-vzory-spolu\/2h-muzska-kosela-manzeta-dobra-niva-asi-prva-pol-20-stor-vysite-mechanickym-sijacim-strojom-povodny-vlastnik-neznamy\/\" data-orig-file=\"https:\/\/i0.wp.com\/www.atelier-reklama.sk\/blog\/wp-content\/uploads\/2023\/04\/2H.-Mu%C5%BEsk%C3%A1-ko%C5%A1e%C4%BEa-man%C5%BEeta-Dobr%C3%A1-Niva-asi-prv%C3%A1-pol.-20.-stor.-vy%C5%A1it%C3%A9-mechanick%C3%BDm-%C5%A1ijac%C3%ADm-strojom-p%C3%B4vodn%C3%BD-vlastn%C3%ADk-nezn%C3%A1my-scaled.jpg?fit=2560%2C1873&amp;ssl=1\" data-orig-size=\"2560,1873\" data-comments-opened=\"1\" data-image-meta=\"{&quot;aperture&quot;:&quot;2&quot;,&quot;credit&quot;:&quot;&quot;,&quot;camera&quot;:&quot;SM-A125F&quot;,&quot;caption&quot;:&quot;&quot;,&quot;created_timestamp&quot;:&quot;1680602468&quot;,&quot;copyright&quot;:&quot;&quot;,&quot;focal_length&quot;:&quot;4.6&quot;,&quot;iso&quot;:&quot;200&quot;,&quot;shutter_speed&quot;:&quot;0.03&quot;,&quot;title&quot;:&quot;&quot;,&quot;orientation&quot;:&quot;1&quot;}\" data-image-title=\"2H.-Mu\u017esk\u00e1-ko\u0161e\u013ea-man\u017eeta-Dobr\u00e1-Niva-asi-prv\u00e1-pol.-20.-stor.-vy\u0161it\u00e9-mechanick\u00fdm-\u0161ijac\u00edm-strojom-p\u00f4vodn\u00fd-vlastn\u00edk-nezn\u00e1my\" data-image-description=\"\" data-image-caption=\"\" data-medium-file=\"https:\/\/i0.wp.com\/www.atelier-reklama.sk\/blog\/wp-content\/uploads\/2023\/04\/2H.-Mu%C5%BEsk%C3%A1-ko%C5%A1e%C4%BEa-man%C5%BEeta-Dobr%C3%A1-Niva-asi-prv%C3%A1-pol.-20.-stor.-vy%C5%A1it%C3%A9-mechanick%C3%BDm-%C5%A1ijac%C3%ADm-strojom-p%C3%B4vodn%C3%BD-vlastn%C3%ADk-nezn%C3%A1my-scaled.jpg?fit=300%2C220&amp;ssl=1\" data-large-file=\"https:\/\/i0.wp.com\/www.atelier-reklama.sk\/blog\/wp-content\/uploads\/2023\/04\/2H.-Mu%C5%BEsk%C3%A1-ko%C5%A1e%C4%BEa-man%C5%BEeta-Dobr%C3%A1-Niva-asi-prv%C3%A1-pol.-20.-stor.-vy%C5%A1it%C3%A9-mechanick%C3%BDm-%C5%A1ijac%C3%ADm-strojom-p%C3%B4vodn%C3%BD-vlastn%C3%ADk-nezn%C3%A1my-scaled.jpg?fit=800%2C585&amp;ssl=1\" src=\"https:\/\/i0.wp.com\/www.atelier-reklama.sk\/blog\/wp-content\/uploads\/2023\/04\/2H.-Mu%C5%BEsk%C3%A1-ko%C5%A1e%C4%BEa-man%C5%BEeta-Dobr%C3%A1-Niva-asi-prv%C3%A1-pol.-20.-stor.-vy%C5%A1it%C3%A9-mechanick%C3%BDm-%C5%A1ijac%C3%ADm-strojom-p%C3%B4vodn%C3%BD-vlastn%C3%ADk-nezn%C3%A1my.jpg?resize=800%2C585&#038;ssl=1\" alt=\"\" class=\"wp-image-13569\" srcset=\"https:\/\/i0.wp.com\/www.atelier-reklama.sk\/blog\/wp-content\/uploads\/2023\/04\/2H.-Mu%C5%BEsk%C3%A1-ko%C5%A1e%C4%BEa-man%C5%BEeta-Dobr%C3%A1-Niva-asi-prv%C3%A1-pol.-20.-stor.-vy%C5%A1it%C3%A9-mechanick%C3%BDm-%C5%A1ijac%C3%ADm-strojom-p%C3%B4vodn%C3%BD-vlastn%C3%ADk-nezn%C3%A1my-scaled.jpg?resize=1024%2C749&amp;ssl=1 1024w, https:\/\/i0.wp.com\/www.atelier-reklama.sk\/blog\/wp-content\/uploads\/2023\/04\/2H.-Mu%C5%BEsk%C3%A1-ko%C5%A1e%C4%BEa-man%C5%BEeta-Dobr%C3%A1-Niva-asi-prv%C3%A1-pol.-20.-stor.-vy%C5%A1it%C3%A9-mechanick%C3%BDm-%C5%A1ijac%C3%ADm-strojom-p%C3%B4vodn%C3%BD-vlastn%C3%ADk-nezn%C3%A1my-scaled.jpg?resize=300%2C220&amp;ssl=1 300w, https:\/\/i0.wp.com\/www.atelier-reklama.sk\/blog\/wp-content\/uploads\/2023\/04\/2H.-Mu%C5%BEsk%C3%A1-ko%C5%A1e%C4%BEa-man%C5%BEeta-Dobr%C3%A1-Niva-asi-prv%C3%A1-pol.-20.-stor.-vy%C5%A1it%C3%A9-mechanick%C3%BDm-%C5%A1ijac%C3%ADm-strojom-p%C3%B4vodn%C3%BD-vlastn%C3%ADk-nezn%C3%A1my-scaled.jpg?resize=768%2C562&amp;ssl=1 768w, https:\/\/i0.wp.com\/www.atelier-reklama.sk\/blog\/wp-content\/uploads\/2023\/04\/2H.-Mu%C5%BEsk%C3%A1-ko%C5%A1e%C4%BEa-man%C5%BEeta-Dobr%C3%A1-Niva-asi-prv%C3%A1-pol.-20.-stor.-vy%C5%A1it%C3%A9-mechanick%C3%BDm-%C5%A1ijac%C3%ADm-strojom-p%C3%B4vodn%C3%BD-vlastn%C3%ADk-nezn%C3%A1my-scaled.jpg?resize=1536%2C1124&amp;ssl=1 1536w, https:\/\/i0.wp.com\/www.atelier-reklama.sk\/blog\/wp-content\/uploads\/2023\/04\/2H.-Mu%C5%BEsk%C3%A1-ko%C5%A1e%C4%BEa-man%C5%BEeta-Dobr%C3%A1-Niva-asi-prv%C3%A1-pol.-20.-stor.-vy%C5%A1it%C3%A9-mechanick%C3%BDm-%C5%A1ijac%C3%ADm-strojom-p%C3%B4vodn%C3%BD-vlastn%C3%ADk-nezn%C3%A1my-scaled.jpg?resize=2048%2C1499&amp;ssl=1 2048w, https:\/\/i0.wp.com\/www.atelier-reklama.sk\/blog\/wp-content\/uploads\/2023\/04\/2H.-Mu%C5%BEsk%C3%A1-ko%C5%A1e%C4%BEa-man%C5%BEeta-Dobr%C3%A1-Niva-asi-prv%C3%A1-pol.-20.-stor.-vy%C5%A1it%C3%A9-mechanick%C3%BDm-%C5%A1ijac%C3%ADm-strojom-p%C3%B4vodn%C3%BD-vlastn%C3%ADk-nezn%C3%A1my-scaled.jpg?w=1600&amp;ssl=1 1600w, https:\/\/i0.wp.com\/www.atelier-reklama.sk\/blog\/wp-content\/uploads\/2023\/04\/2H.-Mu%C5%BEsk%C3%A1-ko%C5%A1e%C4%BEa-man%C5%BEeta-Dobr%C3%A1-Niva-asi-prv%C3%A1-pol.-20.-stor.-vy%C5%A1it%C3%A9-mechanick%C3%BDm-%C5%A1ijac%C3%ADm-strojom-p%C3%B4vodn%C3%BD-vlastn%C3%ADk-nezn%C3%A1my-scaled.jpg?w=2400&amp;ssl=1 2400w\" sizes=\"auto, (max-width: 800px) 100vw, 800px\" \/><\/figure>\n\n\n\n<figure class=\"wp-block-image size-large\"><img data-recalc-dims=\"1\" loading=\"lazy\" decoding=\"async\" width=\"800\" height=\"708\" data-attachment-id=\"13570\" data-permalink=\"https:\/\/www.atelier-reklama.sk\/blog\/moj-krekacsky-kroj-a-jeho-prekreslene-vzory-spolu\/2ch-muzska-kosela-lava-manzeta-dobra-niva-asi-prva-pol-20-stor-vysite-mechanickym-sijacim-strojom-povodny-vlastnik-neznamy\/\" data-orig-file=\"https:\/\/i0.wp.com\/www.atelier-reklama.sk\/blog\/wp-content\/uploads\/2023\/04\/2CH.-Mu%C5%BEsk%C3%A1-ko%C5%A1e%C4%BEa-%C4%BEav%C3%A1-man%C5%BEeta-Dobr%C3%A1-Niva-asi-prv%C3%A1-pol.-20.-stor.-vy%C5%A1it%C3%A9-mechanick%C3%BDm-%C5%A1ijac%C3%ADm-strojom-p%C3%B4vodn%C3%BD-vlastn%C3%ADk-nezn%C3%A1my-scaled.jpg?fit=2560%2C2264&amp;ssl=1\" data-orig-size=\"2560,2264\" data-comments-opened=\"1\" data-image-meta=\"{&quot;aperture&quot;:&quot;2&quot;,&quot;credit&quot;:&quot;&quot;,&quot;camera&quot;:&quot;SM-A125F&quot;,&quot;caption&quot;:&quot;&quot;,&quot;created_timestamp&quot;:&quot;1680602511&quot;,&quot;copyright&quot;:&quot;&quot;,&quot;focal_length&quot;:&quot;4.6&quot;,&quot;iso&quot;:&quot;250&quot;,&quot;shutter_speed&quot;:&quot;0.03&quot;,&quot;title&quot;:&quot;&quot;,&quot;orientation&quot;:&quot;1&quot;}\" data-image-title=\"2CH.-Mu\u017esk\u00e1-ko\u0161e\u013ea-\u013eav\u00e1-man\u017eeta-Dobr\u00e1-Niva-asi-prv\u00e1-pol.-20.-stor.-vy\u0161it\u00e9-mechanick\u00fdm-\u0161ijac\u00edm-strojom-p\u00f4vodn\u00fd-vlastn\u00edk-nezn\u00e1my\" data-image-description=\"\" data-image-caption=\"\" data-medium-file=\"https:\/\/i0.wp.com\/www.atelier-reklama.sk\/blog\/wp-content\/uploads\/2023\/04\/2CH.-Mu%C5%BEsk%C3%A1-ko%C5%A1e%C4%BEa-%C4%BEav%C3%A1-man%C5%BEeta-Dobr%C3%A1-Niva-asi-prv%C3%A1-pol.-20.-stor.-vy%C5%A1it%C3%A9-mechanick%C3%BDm-%C5%A1ijac%C3%ADm-strojom-p%C3%B4vodn%C3%BD-vlastn%C3%ADk-nezn%C3%A1my-scaled.jpg?fit=300%2C265&amp;ssl=1\" data-large-file=\"https:\/\/i0.wp.com\/www.atelier-reklama.sk\/blog\/wp-content\/uploads\/2023\/04\/2CH.-Mu%C5%BEsk%C3%A1-ko%C5%A1e%C4%BEa-%C4%BEav%C3%A1-man%C5%BEeta-Dobr%C3%A1-Niva-asi-prv%C3%A1-pol.-20.-stor.-vy%C5%A1it%C3%A9-mechanick%C3%BDm-%C5%A1ijac%C3%ADm-strojom-p%C3%B4vodn%C3%BD-vlastn%C3%ADk-nezn%C3%A1my-scaled.jpg?fit=800%2C708&amp;ssl=1\" src=\"https:\/\/i0.wp.com\/www.atelier-reklama.sk\/blog\/wp-content\/uploads\/2023\/04\/2CH.-Mu%C5%BEsk%C3%A1-ko%C5%A1e%C4%BEa-%C4%BEav%C3%A1-man%C5%BEeta-Dobr%C3%A1-Niva-asi-prv%C3%A1-pol.-20.-stor.-vy%C5%A1it%C3%A9-mechanick%C3%BDm-%C5%A1ijac%C3%ADm-strojom-p%C3%B4vodn%C3%BD-vlastn%C3%ADk-nezn%C3%A1my.jpg?resize=800%2C708&#038;ssl=1\" alt=\"\" class=\"wp-image-13570\" srcset=\"https:\/\/i0.wp.com\/www.atelier-reklama.sk\/blog\/wp-content\/uploads\/2023\/04\/2CH.-Mu%C5%BEsk%C3%A1-ko%C5%A1e%C4%BEa-%C4%BEav%C3%A1-man%C5%BEeta-Dobr%C3%A1-Niva-asi-prv%C3%A1-pol.-20.-stor.-vy%C5%A1it%C3%A9-mechanick%C3%BDm-%C5%A1ijac%C3%ADm-strojom-p%C3%B4vodn%C3%BD-vlastn%C3%ADk-nezn%C3%A1my-scaled.jpg?resize=1024%2C906&amp;ssl=1 1024w, https:\/\/i0.wp.com\/www.atelier-reklama.sk\/blog\/wp-content\/uploads\/2023\/04\/2CH.-Mu%C5%BEsk%C3%A1-ko%C5%A1e%C4%BEa-%C4%BEav%C3%A1-man%C5%BEeta-Dobr%C3%A1-Niva-asi-prv%C3%A1-pol.-20.-stor.-vy%C5%A1it%C3%A9-mechanick%C3%BDm-%C5%A1ijac%C3%ADm-strojom-p%C3%B4vodn%C3%BD-vlastn%C3%ADk-nezn%C3%A1my-scaled.jpg?resize=300%2C265&amp;ssl=1 300w, https:\/\/i0.wp.com\/www.atelier-reklama.sk\/blog\/wp-content\/uploads\/2023\/04\/2CH.-Mu%C5%BEsk%C3%A1-ko%C5%A1e%C4%BEa-%C4%BEav%C3%A1-man%C5%BEeta-Dobr%C3%A1-Niva-asi-prv%C3%A1-pol.-20.-stor.-vy%C5%A1it%C3%A9-mechanick%C3%BDm-%C5%A1ijac%C3%ADm-strojom-p%C3%B4vodn%C3%BD-vlastn%C3%ADk-nezn%C3%A1my-scaled.jpg?resize=768%2C679&amp;ssl=1 768w, https:\/\/i0.wp.com\/www.atelier-reklama.sk\/blog\/wp-content\/uploads\/2023\/04\/2CH.-Mu%C5%BEsk%C3%A1-ko%C5%A1e%C4%BEa-%C4%BEav%C3%A1-man%C5%BEeta-Dobr%C3%A1-Niva-asi-prv%C3%A1-pol.-20.-stor.-vy%C5%A1it%C3%A9-mechanick%C3%BDm-%C5%A1ijac%C3%ADm-strojom-p%C3%B4vodn%C3%BD-vlastn%C3%ADk-nezn%C3%A1my-scaled.jpg?resize=1536%2C1358&amp;ssl=1 1536w, https:\/\/i0.wp.com\/www.atelier-reklama.sk\/blog\/wp-content\/uploads\/2023\/04\/2CH.-Mu%C5%BEsk%C3%A1-ko%C5%A1e%C4%BEa-%C4%BEav%C3%A1-man%C5%BEeta-Dobr%C3%A1-Niva-asi-prv%C3%A1-pol.-20.-stor.-vy%C5%A1it%C3%A9-mechanick%C3%BDm-%C5%A1ijac%C3%ADm-strojom-p%C3%B4vodn%C3%BD-vlastn%C3%ADk-nezn%C3%A1my-scaled.jpg?resize=2048%2C1811&amp;ssl=1 2048w, https:\/\/i0.wp.com\/www.atelier-reklama.sk\/blog\/wp-content\/uploads\/2023\/04\/2CH.-Mu%C5%BEsk%C3%A1-ko%C5%A1e%C4%BEa-%C4%BEav%C3%A1-man%C5%BEeta-Dobr%C3%A1-Niva-asi-prv%C3%A1-pol.-20.-stor.-vy%C5%A1it%C3%A9-mechanick%C3%BDm-%C5%A1ijac%C3%ADm-strojom-p%C3%B4vodn%C3%BD-vlastn%C3%ADk-nezn%C3%A1my-scaled.jpg?w=1600&amp;ssl=1 1600w, https:\/\/i0.wp.com\/www.atelier-reklama.sk\/blog\/wp-content\/uploads\/2023\/04\/2CH.-Mu%C5%BEsk%C3%A1-ko%C5%A1e%C4%BEa-%C4%BEav%C3%A1-man%C5%BEeta-Dobr%C3%A1-Niva-asi-prv%C3%A1-pol.-20.-stor.-vy%C5%A1it%C3%A9-mechanick%C3%BDm-%C5%A1ijac%C3%ADm-strojom-p%C3%B4vodn%C3%BD-vlastn%C3%ADk-nezn%C3%A1my-scaled.jpg?w=2400&amp;ssl=1 2400w\" sizes=\"auto, (max-width: 800px) 100vw, 800px\" \/><\/figure>\n\n\n\n<figure class=\"wp-block-image size-large\"><img data-recalc-dims=\"1\" loading=\"lazy\" decoding=\"async\" width=\"800\" height=\"600\" data-attachment-id=\"13571\" data-permalink=\"https:\/\/www.atelier-reklama.sk\/blog\/moj-krekacsky-kroj-a-jeho-prekreslene-vzory-spolu\/2i-muzska-kosela-dobra-niva-asi-prva-pol-20-stor-vysite-mechanickym-sijacim-strojom-povodny-vlastnik-neznamy\/\" data-orig-file=\"https:\/\/i0.wp.com\/www.atelier-reklama.sk\/blog\/wp-content\/uploads\/2023\/04\/2i.-Mu%C5%BEsk%C3%A1-ko%C5%A1e%C4%BEa-Dobr%C3%A1-Niva-asi-prv%C3%A1-pol.-20.-stor.-vy%C5%A1it%C3%A9-mechanick%C3%BDm-%C5%A1ijac%C3%ADm-strojom-p%C3%B4vodn%C3%BD-vlastn%C3%ADk-nezn%C3%A1my-scaled.jpg?fit=2560%2C1921&amp;ssl=1\" data-orig-size=\"2560,1921\" data-comments-opened=\"1\" data-image-meta=\"{&quot;aperture&quot;:&quot;2&quot;,&quot;credit&quot;:&quot;&quot;,&quot;camera&quot;:&quot;SM-A125F&quot;,&quot;caption&quot;:&quot;&quot;,&quot;created_timestamp&quot;:&quot;1680602472&quot;,&quot;copyright&quot;:&quot;&quot;,&quot;focal_length&quot;:&quot;4.6&quot;,&quot;iso&quot;:&quot;250&quot;,&quot;shutter_speed&quot;:&quot;0.03&quot;,&quot;title&quot;:&quot;&quot;,&quot;orientation&quot;:&quot;1&quot;}\" data-image-title=\"2i.-Mu\u017esk\u00e1-ko\u0161e\u013ea-Dobr\u00e1-Niva-asi-prv\u00e1-pol.-20.-stor.-vy\u0161it\u00e9-mechanick\u00fdm-\u0161ijac\u00edm-strojom-p\u00f4vodn\u00fd-vlastn\u00edk-nezn\u00e1my\" data-image-description=\"\" data-image-caption=\"\" data-medium-file=\"https:\/\/i0.wp.com\/www.atelier-reklama.sk\/blog\/wp-content\/uploads\/2023\/04\/2i.-Mu%C5%BEsk%C3%A1-ko%C5%A1e%C4%BEa-Dobr%C3%A1-Niva-asi-prv%C3%A1-pol.-20.-stor.-vy%C5%A1it%C3%A9-mechanick%C3%BDm-%C5%A1ijac%C3%ADm-strojom-p%C3%B4vodn%C3%BD-vlastn%C3%ADk-nezn%C3%A1my-scaled.jpg?fit=300%2C225&amp;ssl=1\" data-large-file=\"https:\/\/i0.wp.com\/www.atelier-reklama.sk\/blog\/wp-content\/uploads\/2023\/04\/2i.-Mu%C5%BEsk%C3%A1-ko%C5%A1e%C4%BEa-Dobr%C3%A1-Niva-asi-prv%C3%A1-pol.-20.-stor.-vy%C5%A1it%C3%A9-mechanick%C3%BDm-%C5%A1ijac%C3%ADm-strojom-p%C3%B4vodn%C3%BD-vlastn%C3%ADk-nezn%C3%A1my-scaled.jpg?fit=800%2C600&amp;ssl=1\" src=\"https:\/\/i0.wp.com\/www.atelier-reklama.sk\/blog\/wp-content\/uploads\/2023\/04\/2i.-Mu%C5%BEsk%C3%A1-ko%C5%A1e%C4%BEa-Dobr%C3%A1-Niva-asi-prv%C3%A1-pol.-20.-stor.-vy%C5%A1it%C3%A9-mechanick%C3%BDm-%C5%A1ijac%C3%ADm-strojom-p%C3%B4vodn%C3%BD-vlastn%C3%ADk-nezn%C3%A1my.jpg?resize=800%2C600&#038;ssl=1\" alt=\"\" class=\"wp-image-13571\" srcset=\"https:\/\/i0.wp.com\/www.atelier-reklama.sk\/blog\/wp-content\/uploads\/2023\/04\/2i.-Mu%C5%BEsk%C3%A1-ko%C5%A1e%C4%BEa-Dobr%C3%A1-Niva-asi-prv%C3%A1-pol.-20.-stor.-vy%C5%A1it%C3%A9-mechanick%C3%BDm-%C5%A1ijac%C3%ADm-strojom-p%C3%B4vodn%C3%BD-vlastn%C3%ADk-nezn%C3%A1my-scaled.jpg?resize=1024%2C768&amp;ssl=1 1024w, https:\/\/i0.wp.com\/www.atelier-reklama.sk\/blog\/wp-content\/uploads\/2023\/04\/2i.-Mu%C5%BEsk%C3%A1-ko%C5%A1e%C4%BEa-Dobr%C3%A1-Niva-asi-prv%C3%A1-pol.-20.-stor.-vy%C5%A1it%C3%A9-mechanick%C3%BDm-%C5%A1ijac%C3%ADm-strojom-p%C3%B4vodn%C3%BD-vlastn%C3%ADk-nezn%C3%A1my-scaled.jpg?resize=300%2C225&amp;ssl=1 300w, https:\/\/i0.wp.com\/www.atelier-reklama.sk\/blog\/wp-content\/uploads\/2023\/04\/2i.-Mu%C5%BEsk%C3%A1-ko%C5%A1e%C4%BEa-Dobr%C3%A1-Niva-asi-prv%C3%A1-pol.-20.-stor.-vy%C5%A1it%C3%A9-mechanick%C3%BDm-%C5%A1ijac%C3%ADm-strojom-p%C3%B4vodn%C3%BD-vlastn%C3%ADk-nezn%C3%A1my-scaled.jpg?resize=768%2C576&amp;ssl=1 768w, https:\/\/i0.wp.com\/www.atelier-reklama.sk\/blog\/wp-content\/uploads\/2023\/04\/2i.-Mu%C5%BEsk%C3%A1-ko%C5%A1e%C4%BEa-Dobr%C3%A1-Niva-asi-prv%C3%A1-pol.-20.-stor.-vy%C5%A1it%C3%A9-mechanick%C3%BDm-%C5%A1ijac%C3%ADm-strojom-p%C3%B4vodn%C3%BD-vlastn%C3%ADk-nezn%C3%A1my-scaled.jpg?resize=1536%2C1152&amp;ssl=1 1536w, https:\/\/i0.wp.com\/www.atelier-reklama.sk\/blog\/wp-content\/uploads\/2023\/04\/2i.-Mu%C5%BEsk%C3%A1-ko%C5%A1e%C4%BEa-Dobr%C3%A1-Niva-asi-prv%C3%A1-pol.-20.-stor.-vy%C5%A1it%C3%A9-mechanick%C3%BDm-%C5%A1ijac%C3%ADm-strojom-p%C3%B4vodn%C3%BD-vlastn%C3%ADk-nezn%C3%A1my-scaled.jpg?resize=2048%2C1536&amp;ssl=1 2048w, https:\/\/i0.wp.com\/www.atelier-reklama.sk\/blog\/wp-content\/uploads\/2023\/04\/2i.-Mu%C5%BEsk%C3%A1-ko%C5%A1e%C4%BEa-Dobr%C3%A1-Niva-asi-prv%C3%A1-pol.-20.-stor.-vy%C5%A1it%C3%A9-mechanick%C3%BDm-%C5%A1ijac%C3%ADm-strojom-p%C3%B4vodn%C3%BD-vlastn%C3%ADk-nezn%C3%A1my-scaled.jpg?w=1600&amp;ssl=1 1600w, https:\/\/i0.wp.com\/www.atelier-reklama.sk\/blog\/wp-content\/uploads\/2023\/04\/2i.-Mu%C5%BEsk%C3%A1-ko%C5%A1e%C4%BEa-Dobr%C3%A1-Niva-asi-prv%C3%A1-pol.-20.-stor.-vy%C5%A1it%C3%A9-mechanick%C3%BDm-%C5%A1ijac%C3%ADm-strojom-p%C3%B4vodn%C3%BD-vlastn%C3%ADk-nezn%C3%A1my-scaled.jpg?w=2400&amp;ssl=1 2400w\" sizes=\"auto, (max-width: 800px) 100vw, 800px\" \/><\/figure>\n\n\n\n<p class=\"has-text-align-center\">3. Mu\u017esk\u00e1 ko\u0161e\u013ea, Plie\u0161ovce, vy\u0161it\u00e1 hladkovan\u00edm, len hnedou, p\u00f4vodn\u00fd vlastn\u00edk nezn\u00e1my, \u010doskoro dopln\u00edm fotografie<\/p>\n\n\n\n<figure class=\"wp-block-image size-large\"><img data-recalc-dims=\"1\" loading=\"lazy\" decoding=\"async\" width=\"800\" height=\"600\" data-attachment-id=\"13573\" data-permalink=\"https:\/\/www.atelier-reklama.sk\/blog\/moj-krekacsky-kroj-a-jeho-prekreslene-vzory-spolu\/3a-muzska-kosela-pliesovce-asi-prva-pol-20-stor-vysite-plnym-stehom-povodny-vlastnik-neznamy-2\/\" data-orig-file=\"https:\/\/i0.wp.com\/www.atelier-reklama.sk\/blog\/wp-content\/uploads\/2023\/04\/3A.-Mu%C5%BEsk%C3%A1-ko%C5%A1e%C4%BEa-Plie%C5%A1ovce-asi-prv%C3%A1-pol.-20.-stor.-vy%C5%A1it%C3%A9-pln%C3%BDm-stehom-p%C3%B4vodn%C3%BD-vlastn%C3%ADk-nezn%C3%A1my-scaled.jpg?fit=2560%2C1920&amp;ssl=1\" data-orig-size=\"2560,1920\" data-comments-opened=\"1\" data-image-meta=\"{&quot;aperture&quot;:&quot;2&quot;,&quot;credit&quot;:&quot;&quot;,&quot;camera&quot;:&quot;SM-A125F&quot;,&quot;caption&quot;:&quot;&quot;,&quot;created_timestamp&quot;:&quot;1680601953&quot;,&quot;copyright&quot;:&quot;&quot;,&quot;focal_length&quot;:&quot;4.6&quot;,&quot;iso&quot;:&quot;200&quot;,&quot;shutter_speed&quot;:&quot;0.0399&quot;,&quot;title&quot;:&quot;&quot;,&quot;orientation&quot;:&quot;1&quot;}\" data-image-title=\"3A.-Mu\u017esk\u00e1-ko\u0161e\u013ea-Plie\u0161ovce-asi-prv\u00e1-pol.-20.-stor.-vy\u0161it\u00e9-pln\u00fdm-stehom-p\u00f4vodn\u00fd-vlastn\u00edk-nezn\u00e1my\" data-image-description=\"\" data-image-caption=\"\" data-medium-file=\"https:\/\/i0.wp.com\/www.atelier-reklama.sk\/blog\/wp-content\/uploads\/2023\/04\/3A.-Mu%C5%BEsk%C3%A1-ko%C5%A1e%C4%BEa-Plie%C5%A1ovce-asi-prv%C3%A1-pol.-20.-stor.-vy%C5%A1it%C3%A9-pln%C3%BDm-stehom-p%C3%B4vodn%C3%BD-vlastn%C3%ADk-nezn%C3%A1my-scaled.jpg?fit=300%2C225&amp;ssl=1\" data-large-file=\"https:\/\/i0.wp.com\/www.atelier-reklama.sk\/blog\/wp-content\/uploads\/2023\/04\/3A.-Mu%C5%BEsk%C3%A1-ko%C5%A1e%C4%BEa-Plie%C5%A1ovce-asi-prv%C3%A1-pol.-20.-stor.-vy%C5%A1it%C3%A9-pln%C3%BDm-stehom-p%C3%B4vodn%C3%BD-vlastn%C3%ADk-nezn%C3%A1my-scaled.jpg?fit=800%2C600&amp;ssl=1\" src=\"https:\/\/i0.wp.com\/www.atelier-reklama.sk\/blog\/wp-content\/uploads\/2023\/04\/3A.-Mu%C5%BEsk%C3%A1-ko%C5%A1e%C4%BEa-Plie%C5%A1ovce-asi-prv%C3%A1-pol.-20.-stor.-vy%C5%A1it%C3%A9-pln%C3%BDm-stehom-p%C3%B4vodn%C3%BD-vlastn%C3%ADk-nezn%C3%A1my.jpg?resize=800%2C600&#038;ssl=1\" alt=\"\" class=\"wp-image-13573\" srcset=\"https:\/\/i0.wp.com\/www.atelier-reklama.sk\/blog\/wp-content\/uploads\/2023\/04\/3A.-Mu%C5%BEsk%C3%A1-ko%C5%A1e%C4%BEa-Plie%C5%A1ovce-asi-prv%C3%A1-pol.-20.-stor.-vy%C5%A1it%C3%A9-pln%C3%BDm-stehom-p%C3%B4vodn%C3%BD-vlastn%C3%ADk-nezn%C3%A1my-scaled.jpg?resize=1024%2C768&amp;ssl=1 1024w, https:\/\/i0.wp.com\/www.atelier-reklama.sk\/blog\/wp-content\/uploads\/2023\/04\/3A.-Mu%C5%BEsk%C3%A1-ko%C5%A1e%C4%BEa-Plie%C5%A1ovce-asi-prv%C3%A1-pol.-20.-stor.-vy%C5%A1it%C3%A9-pln%C3%BDm-stehom-p%C3%B4vodn%C3%BD-vlastn%C3%ADk-nezn%C3%A1my-scaled.jpg?resize=300%2C225&amp;ssl=1 300w, https:\/\/i0.wp.com\/www.atelier-reklama.sk\/blog\/wp-content\/uploads\/2023\/04\/3A.-Mu%C5%BEsk%C3%A1-ko%C5%A1e%C4%BEa-Plie%C5%A1ovce-asi-prv%C3%A1-pol.-20.-stor.-vy%C5%A1it%C3%A9-pln%C3%BDm-stehom-p%C3%B4vodn%C3%BD-vlastn%C3%ADk-nezn%C3%A1my-scaled.jpg?resize=768%2C576&amp;ssl=1 768w, https:\/\/i0.wp.com\/www.atelier-reklama.sk\/blog\/wp-content\/uploads\/2023\/04\/3A.-Mu%C5%BEsk%C3%A1-ko%C5%A1e%C4%BEa-Plie%C5%A1ovce-asi-prv%C3%A1-pol.-20.-stor.-vy%C5%A1it%C3%A9-pln%C3%BDm-stehom-p%C3%B4vodn%C3%BD-vlastn%C3%ADk-nezn%C3%A1my-scaled.jpg?resize=1536%2C1152&amp;ssl=1 1536w, https:\/\/i0.wp.com\/www.atelier-reklama.sk\/blog\/wp-content\/uploads\/2023\/04\/3A.-Mu%C5%BEsk%C3%A1-ko%C5%A1e%C4%BEa-Plie%C5%A1ovce-asi-prv%C3%A1-pol.-20.-stor.-vy%C5%A1it%C3%A9-pln%C3%BDm-stehom-p%C3%B4vodn%C3%BD-vlastn%C3%ADk-nezn%C3%A1my-scaled.jpg?resize=2048%2C1536&amp;ssl=1 2048w, https:\/\/i0.wp.com\/www.atelier-reklama.sk\/blog\/wp-content\/uploads\/2023\/04\/3A.-Mu%C5%BEsk%C3%A1-ko%C5%A1e%C4%BEa-Plie%C5%A1ovce-asi-prv%C3%A1-pol.-20.-stor.-vy%C5%A1it%C3%A9-pln%C3%BDm-stehom-p%C3%B4vodn%C3%BD-vlastn%C3%ADk-nezn%C3%A1my-scaled.jpg?w=1600&amp;ssl=1 1600w, https:\/\/i0.wp.com\/www.atelier-reklama.sk\/blog\/wp-content\/uploads\/2023\/04\/3A.-Mu%C5%BEsk%C3%A1-ko%C5%A1e%C4%BEa-Plie%C5%A1ovce-asi-prv%C3%A1-pol.-20.-stor.-vy%C5%A1it%C3%A9-pln%C3%BDm-stehom-p%C3%B4vodn%C3%BD-vlastn%C3%ADk-nezn%C3%A1my-scaled.jpg?w=2400&amp;ssl=1 2400w\" sizes=\"auto, (max-width: 800px) 100vw, 800px\" \/><\/figure>\n\n\n\n<figure class=\"wp-block-image size-large\"><img data-recalc-dims=\"1\" loading=\"lazy\" decoding=\"async\" width=\"800\" height=\"1000\" data-attachment-id=\"13574\" data-permalink=\"https:\/\/www.atelier-reklama.sk\/blog\/moj-krekacsky-kroj-a-jeho-prekreslene-vzory-spolu\/3b-muzska-kosela-pliesovce-asi-prva-pol-20-stor-vysite-plnym-stehom-povodny-vlastnik-neznamy-2\/\" data-orig-file=\"https:\/\/i0.wp.com\/www.atelier-reklama.sk\/blog\/wp-content\/uploads\/2023\/04\/3B.-Mu%C5%BEsk%C3%A1-ko%C5%A1e%C4%BEa-Plie%C5%A1ovce-asi-prv%C3%A1-pol.-20.-stor.-vy%C5%A1it%C3%A9-pln%C3%BDm-stehom-p%C3%B4vodn%C3%BD-vlastn%C3%ADk-nezn%C3%A1my.jpg?fit=2031%2C2538&amp;ssl=1\" data-orig-size=\"2031,2538\" data-comments-opened=\"1\" data-image-meta=\"{&quot;aperture&quot;:&quot;2&quot;,&quot;credit&quot;:&quot;&quot;,&quot;camera&quot;:&quot;SM-A125F&quot;,&quot;caption&quot;:&quot;&quot;,&quot;created_timestamp&quot;:&quot;1680602007&quot;,&quot;copyright&quot;:&quot;&quot;,&quot;focal_length&quot;:&quot;4.6&quot;,&quot;iso&quot;:&quot;200&quot;,&quot;shutter_speed&quot;:&quot;0.03&quot;,&quot;title&quot;:&quot;&quot;,&quot;orientation&quot;:&quot;1&quot;}\" data-image-title=\"3B.-Mu\u017esk\u00e1-ko\u0161e\u013ea-Plie\u0161ovce-asi-prv\u00e1-pol.-20.-stor.-vy\u0161it\u00e9-pln\u00fdm-stehom-p\u00f4vodn\u00fd-vlastn\u00edk-nezn\u00e1my\" data-image-description=\"\" data-image-caption=\"\" data-medium-file=\"https:\/\/i0.wp.com\/www.atelier-reklama.sk\/blog\/wp-content\/uploads\/2023\/04\/3B.-Mu%C5%BEsk%C3%A1-ko%C5%A1e%C4%BEa-Plie%C5%A1ovce-asi-prv%C3%A1-pol.-20.-stor.-vy%C5%A1it%C3%A9-pln%C3%BDm-stehom-p%C3%B4vodn%C3%BD-vlastn%C3%ADk-nezn%C3%A1my.jpg?fit=240%2C300&amp;ssl=1\" data-large-file=\"https:\/\/i0.wp.com\/www.atelier-reklama.sk\/blog\/wp-content\/uploads\/2023\/04\/3B.-Mu%C5%BEsk%C3%A1-ko%C5%A1e%C4%BEa-Plie%C5%A1ovce-asi-prv%C3%A1-pol.-20.-stor.-vy%C5%A1it%C3%A9-pln%C3%BDm-stehom-p%C3%B4vodn%C3%BD-vlastn%C3%ADk-nezn%C3%A1my.jpg?fit=800%2C1000&amp;ssl=1\" src=\"https:\/\/i0.wp.com\/www.atelier-reklama.sk\/blog\/wp-content\/uploads\/2023\/04\/3B.-Mu%C5%BEsk%C3%A1-ko%C5%A1e%C4%BEa-Plie%C5%A1ovce-asi-prv%C3%A1-pol.-20.-stor.-vy%C5%A1it%C3%A9-pln%C3%BDm-stehom-p%C3%B4vodn%C3%BD-vlastn%C3%ADk-nezn%C3%A1my.jpg?resize=800%2C1000&#038;ssl=1\" alt=\"\" class=\"wp-image-13574\" srcset=\"https:\/\/i0.wp.com\/www.atelier-reklama.sk\/blog\/wp-content\/uploads\/2023\/04\/3B.-Mu%C5%BEsk%C3%A1-ko%C5%A1e%C4%BEa-Plie%C5%A1ovce-asi-prv%C3%A1-pol.-20.-stor.-vy%C5%A1it%C3%A9-pln%C3%BDm-stehom-p%C3%B4vodn%C3%BD-vlastn%C3%ADk-nezn%C3%A1my.jpg?resize=819%2C1024&amp;ssl=1 819w, https:\/\/i0.wp.com\/www.atelier-reklama.sk\/blog\/wp-content\/uploads\/2023\/04\/3B.-Mu%C5%BEsk%C3%A1-ko%C5%A1e%C4%BEa-Plie%C5%A1ovce-asi-prv%C3%A1-pol.-20.-stor.-vy%C5%A1it%C3%A9-pln%C3%BDm-stehom-p%C3%B4vodn%C3%BD-vlastn%C3%ADk-nezn%C3%A1my.jpg?resize=240%2C300&amp;ssl=1 240w, https:\/\/i0.wp.com\/www.atelier-reklama.sk\/blog\/wp-content\/uploads\/2023\/04\/3B.-Mu%C5%BEsk%C3%A1-ko%C5%A1e%C4%BEa-Plie%C5%A1ovce-asi-prv%C3%A1-pol.-20.-stor.-vy%C5%A1it%C3%A9-pln%C3%BDm-stehom-p%C3%B4vodn%C3%BD-vlastn%C3%ADk-nezn%C3%A1my.jpg?resize=768%2C960&amp;ssl=1 768w, https:\/\/i0.wp.com\/www.atelier-reklama.sk\/blog\/wp-content\/uploads\/2023\/04\/3B.-Mu%C5%BEsk%C3%A1-ko%C5%A1e%C4%BEa-Plie%C5%A1ovce-asi-prv%C3%A1-pol.-20.-stor.-vy%C5%A1it%C3%A9-pln%C3%BDm-stehom-p%C3%B4vodn%C3%BD-vlastn%C3%ADk-nezn%C3%A1my.jpg?resize=1229%2C1536&amp;ssl=1 1229w, https:\/\/i0.wp.com\/www.atelier-reklama.sk\/blog\/wp-content\/uploads\/2023\/04\/3B.-Mu%C5%BEsk%C3%A1-ko%C5%A1e%C4%BEa-Plie%C5%A1ovce-asi-prv%C3%A1-pol.-20.-stor.-vy%C5%A1it%C3%A9-pln%C3%BDm-stehom-p%C3%B4vodn%C3%BD-vlastn%C3%ADk-nezn%C3%A1my.jpg?resize=1639%2C2048&amp;ssl=1 1639w, https:\/\/i0.wp.com\/www.atelier-reklama.sk\/blog\/wp-content\/uploads\/2023\/04\/3B.-Mu%C5%BEsk%C3%A1-ko%C5%A1e%C4%BEa-Plie%C5%A1ovce-asi-prv%C3%A1-pol.-20.-stor.-vy%C5%A1it%C3%A9-pln%C3%BDm-stehom-p%C3%B4vodn%C3%BD-vlastn%C3%ADk-nezn%C3%A1my.jpg?w=2031&amp;ssl=1 2031w\" sizes=\"auto, (max-width: 800px) 100vw, 800px\" \/><\/figure>\n\n\n\n<figure class=\"wp-block-image size-large\"><img data-recalc-dims=\"1\" loading=\"lazy\" decoding=\"async\" width=\"800\" height=\"566\" data-attachment-id=\"13451\" data-permalink=\"https:\/\/www.atelier-reklama.sk\/blog\/moj-krekacsky-kroj-a-jeho-prekreslene-vzory-spolu\/3a-muzska-kosela-pliesovce-asi-prva-pol-20-stor-vysite-plnym-stehom-povodny-vlastnik-neznamy\/\" data-orig-file=\"https:\/\/i0.wp.com\/www.atelier-reklama.sk\/blog\/wp-content\/uploads\/2023\/03\/3A.-Mu%C5%BEsk%C3%A1-ko%C5%A1e%C4%BEa-PLie%C5%A1ovce-asi-prv%C3%A1-pol.-20.-stor.-vy%C5%A1it%C3%A9-pln%C3%BDm-stehom-p%C3%B4vodn%C3%BD-vlastn%C3%ADk-nezn%C3%A1my-scaled.jpg?fit=2560%2C1810&amp;ssl=1\" data-orig-size=\"2560,1810\" data-comments-opened=\"1\" data-image-meta=\"{&quot;aperture&quot;:&quot;0&quot;,&quot;credit&quot;:&quot;&quot;,&quot;camera&quot;:&quot;&quot;,&quot;caption&quot;:&quot;&quot;,&quot;created_timestamp&quot;:&quot;0&quot;,&quot;copyright&quot;:&quot;&quot;,&quot;focal_length&quot;:&quot;0&quot;,&quot;iso&quot;:&quot;0&quot;,&quot;shutter_speed&quot;:&quot;0&quot;,&quot;title&quot;:&quot;&quot;,&quot;orientation&quot;:&quot;0&quot;}\" data-image-title=\"3A.-Mu\u017esk\u00e1-ko\u0161e\u013ea-PLie\u0161ovce-asi-prv\u00e1-pol.-20.-stor.-vy\u0161it\u00e9-pln\u00fdm-stehom-p\u00f4vodn\u00fd-vlastn\u00edk-nezn\u00e1my\" data-image-description=\"\" data-image-caption=\"\" data-medium-file=\"https:\/\/i0.wp.com\/www.atelier-reklama.sk\/blog\/wp-content\/uploads\/2023\/03\/3A.-Mu%C5%BEsk%C3%A1-ko%C5%A1e%C4%BEa-PLie%C5%A1ovce-asi-prv%C3%A1-pol.-20.-stor.-vy%C5%A1it%C3%A9-pln%C3%BDm-stehom-p%C3%B4vodn%C3%BD-vlastn%C3%ADk-nezn%C3%A1my-scaled.jpg?fit=300%2C212&amp;ssl=1\" data-large-file=\"https:\/\/i0.wp.com\/www.atelier-reklama.sk\/blog\/wp-content\/uploads\/2023\/03\/3A.-Mu%C5%BEsk%C3%A1-ko%C5%A1e%C4%BEa-PLie%C5%A1ovce-asi-prv%C3%A1-pol.-20.-stor.-vy%C5%A1it%C3%A9-pln%C3%BDm-stehom-p%C3%B4vodn%C3%BD-vlastn%C3%ADk-nezn%C3%A1my-scaled.jpg?fit=800%2C566&amp;ssl=1\" src=\"https:\/\/i0.wp.com\/www.atelier-reklama.sk\/blog\/wp-content\/uploads\/2023\/03\/3A.-Mu%C5%BEsk%C3%A1-ko%C5%A1e%C4%BEa-PLie%C5%A1ovce-asi-prv%C3%A1-pol.-20.-stor.-vy%C5%A1it%C3%A9-pln%C3%BDm-stehom-p%C3%B4vodn%C3%BD-vlastn%C3%ADk-nezn%C3%A1my.jpg?resize=800%2C566&#038;ssl=1\" alt=\"\" class=\"wp-image-13451\" srcset=\"https:\/\/i0.wp.com\/www.atelier-reklama.sk\/blog\/wp-content\/uploads\/2023\/03\/3A.-Mu%C5%BEsk%C3%A1-ko%C5%A1e%C4%BEa-PLie%C5%A1ovce-asi-prv%C3%A1-pol.-20.-stor.-vy%C5%A1it%C3%A9-pln%C3%BDm-stehom-p%C3%B4vodn%C3%BD-vlastn%C3%ADk-nezn%C3%A1my-scaled.jpg?resize=1024%2C724&amp;ssl=1 1024w, https:\/\/i0.wp.com\/www.atelier-reklama.sk\/blog\/wp-content\/uploads\/2023\/03\/3A.-Mu%C5%BEsk%C3%A1-ko%C5%A1e%C4%BEa-PLie%C5%A1ovce-asi-prv%C3%A1-pol.-20.-stor.-vy%C5%A1it%C3%A9-pln%C3%BDm-stehom-p%C3%B4vodn%C3%BD-vlastn%C3%ADk-nezn%C3%A1my-scaled.jpg?resize=300%2C212&amp;ssl=1 300w, https:\/\/i0.wp.com\/www.atelier-reklama.sk\/blog\/wp-content\/uploads\/2023\/03\/3A.-Mu%C5%BEsk%C3%A1-ko%C5%A1e%C4%BEa-PLie%C5%A1ovce-asi-prv%C3%A1-pol.-20.-stor.-vy%C5%A1it%C3%A9-pln%C3%BDm-stehom-p%C3%B4vodn%C3%BD-vlastn%C3%ADk-nezn%C3%A1my-scaled.jpg?resize=768%2C543&amp;ssl=1 768w, https:\/\/i0.wp.com\/www.atelier-reklama.sk\/blog\/wp-content\/uploads\/2023\/03\/3A.-Mu%C5%BEsk%C3%A1-ko%C5%A1e%C4%BEa-PLie%C5%A1ovce-asi-prv%C3%A1-pol.-20.-stor.-vy%C5%A1it%C3%A9-pln%C3%BDm-stehom-p%C3%B4vodn%C3%BD-vlastn%C3%ADk-nezn%C3%A1my-scaled.jpg?resize=1536%2C1086&amp;ssl=1 1536w, https:\/\/i0.wp.com\/www.atelier-reklama.sk\/blog\/wp-content\/uploads\/2023\/03\/3A.-Mu%C5%BEsk%C3%A1-ko%C5%A1e%C4%BEa-PLie%C5%A1ovce-asi-prv%C3%A1-pol.-20.-stor.-vy%C5%A1it%C3%A9-pln%C3%BDm-stehom-p%C3%B4vodn%C3%BD-vlastn%C3%ADk-nezn%C3%A1my-scaled.jpg?resize=2048%2C1448&amp;ssl=1 2048w, https:\/\/i0.wp.com\/www.atelier-reklama.sk\/blog\/wp-content\/uploads\/2023\/03\/3A.-Mu%C5%BEsk%C3%A1-ko%C5%A1e%C4%BEa-PLie%C5%A1ovce-asi-prv%C3%A1-pol.-20.-stor.-vy%C5%A1it%C3%A9-pln%C3%BDm-stehom-p%C3%B4vodn%C3%BD-vlastn%C3%ADk-nezn%C3%A1my-scaled.jpg?w=1600&amp;ssl=1 1600w, https:\/\/i0.wp.com\/www.atelier-reklama.sk\/blog\/wp-content\/uploads\/2023\/03\/3A.-Mu%C5%BEsk%C3%A1-ko%C5%A1e%C4%BEa-PLie%C5%A1ovce-asi-prv%C3%A1-pol.-20.-stor.-vy%C5%A1it%C3%A9-pln%C3%BDm-stehom-p%C3%B4vodn%C3%BD-vlastn%C3%ADk-nezn%C3%A1my-scaled.jpg?w=2400&amp;ssl=1 2400w\" sizes=\"auto, (max-width: 800px) 100vw, 800px\" \/><\/figure>\n\n\n\n<figure class=\"wp-block-image size-large\"><img data-recalc-dims=\"1\" loading=\"lazy\" decoding=\"async\" width=\"800\" height=\"566\" data-attachment-id=\"13452\" data-permalink=\"https:\/\/www.atelier-reklama.sk\/blog\/moj-krekacsky-kroj-a-jeho-prekreslene-vzory-spolu\/3b-muzska-kosela-pliesovce-asi-prva-pol-20-stor-vysite-plnym-stehom-povodny-vlastnik-neznamy\/\" data-orig-file=\"https:\/\/i0.wp.com\/www.atelier-reklama.sk\/blog\/wp-content\/uploads\/2023\/03\/3B.-Mu%C5%BEsk%C3%A1-ko%C5%A1e%C4%BEa-PLie%C5%A1ovce-asi-prv%C3%A1-pol.-20.-stor.-vy%C5%A1it%C3%A9-pln%C3%BDm-stehom-p%C3%B4vodn%C3%BD-vlastn%C3%ADk-nezn%C3%A1my-scaled.jpg?fit=2560%2C1810&amp;ssl=1\" data-orig-size=\"2560,1810\" data-comments-opened=\"1\" data-image-meta=\"{&quot;aperture&quot;:&quot;0&quot;,&quot;credit&quot;:&quot;&quot;,&quot;camera&quot;:&quot;&quot;,&quot;caption&quot;:&quot;&quot;,&quot;created_timestamp&quot;:&quot;0&quot;,&quot;copyright&quot;:&quot;&quot;,&quot;focal_length&quot;:&quot;0&quot;,&quot;iso&quot;:&quot;0&quot;,&quot;shutter_speed&quot;:&quot;0&quot;,&quot;title&quot;:&quot;&quot;,&quot;orientation&quot;:&quot;0&quot;}\" data-image-title=\"3B.-Mu\u017esk\u00e1-ko\u0161e\u013ea-PLie\u0161ovce-asi-prv\u00e1-pol.-20.-stor.-vy\u0161it\u00e9-pln\u00fdm-stehom-p\u00f4vodn\u00fd-vlastn\u00edk-nezn\u00e1my\" data-image-description=\"\" data-image-caption=\"\" data-medium-file=\"https:\/\/i0.wp.com\/www.atelier-reklama.sk\/blog\/wp-content\/uploads\/2023\/03\/3B.-Mu%C5%BEsk%C3%A1-ko%C5%A1e%C4%BEa-PLie%C5%A1ovce-asi-prv%C3%A1-pol.-20.-stor.-vy%C5%A1it%C3%A9-pln%C3%BDm-stehom-p%C3%B4vodn%C3%BD-vlastn%C3%ADk-nezn%C3%A1my-scaled.jpg?fit=300%2C212&amp;ssl=1\" data-large-file=\"https:\/\/i0.wp.com\/www.atelier-reklama.sk\/blog\/wp-content\/uploads\/2023\/03\/3B.-Mu%C5%BEsk%C3%A1-ko%C5%A1e%C4%BEa-PLie%C5%A1ovce-asi-prv%C3%A1-pol.-20.-stor.-vy%C5%A1it%C3%A9-pln%C3%BDm-stehom-p%C3%B4vodn%C3%BD-vlastn%C3%ADk-nezn%C3%A1my-scaled.jpg?fit=800%2C566&amp;ssl=1\" src=\"https:\/\/i0.wp.com\/www.atelier-reklama.sk\/blog\/wp-content\/uploads\/2023\/03\/3B.-Mu%C5%BEsk%C3%A1-ko%C5%A1e%C4%BEa-PLie%C5%A1ovce-asi-prv%C3%A1-pol.-20.-stor.-vy%C5%A1it%C3%A9-pln%C3%BDm-stehom-p%C3%B4vodn%C3%BD-vlastn%C3%ADk-nezn%C3%A1my.jpg?resize=800%2C566&#038;ssl=1\" alt=\"\" class=\"wp-image-13452\" srcset=\"https:\/\/i0.wp.com\/www.atelier-reklama.sk\/blog\/wp-content\/uploads\/2023\/03\/3B.-Mu%C5%BEsk%C3%A1-ko%C5%A1e%C4%BEa-PLie%C5%A1ovce-asi-prv%C3%A1-pol.-20.-stor.-vy%C5%A1it%C3%A9-pln%C3%BDm-stehom-p%C3%B4vodn%C3%BD-vlastn%C3%ADk-nezn%C3%A1my-scaled.jpg?resize=1024%2C724&amp;ssl=1 1024w, https:\/\/i0.wp.com\/www.atelier-reklama.sk\/blog\/wp-content\/uploads\/2023\/03\/3B.-Mu%C5%BEsk%C3%A1-ko%C5%A1e%C4%BEa-PLie%C5%A1ovce-asi-prv%C3%A1-pol.-20.-stor.-vy%C5%A1it%C3%A9-pln%C3%BDm-stehom-p%C3%B4vodn%C3%BD-vlastn%C3%ADk-nezn%C3%A1my-scaled.jpg?resize=300%2C212&amp;ssl=1 300w, https:\/\/i0.wp.com\/www.atelier-reklama.sk\/blog\/wp-content\/uploads\/2023\/03\/3B.-Mu%C5%BEsk%C3%A1-ko%C5%A1e%C4%BEa-PLie%C5%A1ovce-asi-prv%C3%A1-pol.-20.-stor.-vy%C5%A1it%C3%A9-pln%C3%BDm-stehom-p%C3%B4vodn%C3%BD-vlastn%C3%ADk-nezn%C3%A1my-scaled.jpg?resize=768%2C543&amp;ssl=1 768w, https:\/\/i0.wp.com\/www.atelier-reklama.sk\/blog\/wp-content\/uploads\/2023\/03\/3B.-Mu%C5%BEsk%C3%A1-ko%C5%A1e%C4%BEa-PLie%C5%A1ovce-asi-prv%C3%A1-pol.-20.-stor.-vy%C5%A1it%C3%A9-pln%C3%BDm-stehom-p%C3%B4vodn%C3%BD-vlastn%C3%ADk-nezn%C3%A1my-scaled.jpg?resize=1536%2C1086&amp;ssl=1 1536w, https:\/\/i0.wp.com\/www.atelier-reklama.sk\/blog\/wp-content\/uploads\/2023\/03\/3B.-Mu%C5%BEsk%C3%A1-ko%C5%A1e%C4%BEa-PLie%C5%A1ovce-asi-prv%C3%A1-pol.-20.-stor.-vy%C5%A1it%C3%A9-pln%C3%BDm-stehom-p%C3%B4vodn%C3%BD-vlastn%C3%ADk-nezn%C3%A1my-scaled.jpg?resize=2048%2C1448&amp;ssl=1 2048w, https:\/\/i0.wp.com\/www.atelier-reklama.sk\/blog\/wp-content\/uploads\/2023\/03\/3B.-Mu%C5%BEsk%C3%A1-ko%C5%A1e%C4%BEa-PLie%C5%A1ovce-asi-prv%C3%A1-pol.-20.-stor.-vy%C5%A1it%C3%A9-pln%C3%BDm-stehom-p%C3%B4vodn%C3%BD-vlastn%C3%ADk-nezn%C3%A1my-scaled.jpg?w=1600&amp;ssl=1 1600w, https:\/\/i0.wp.com\/www.atelier-reklama.sk\/blog\/wp-content\/uploads\/2023\/03\/3B.-Mu%C5%BEsk%C3%A1-ko%C5%A1e%C4%BEa-PLie%C5%A1ovce-asi-prv%C3%A1-pol.-20.-stor.-vy%C5%A1it%C3%A9-pln%C3%BDm-stehom-p%C3%B4vodn%C3%BD-vlastn%C3%ADk-nezn%C3%A1my-scaled.jpg?w=2400&amp;ssl=1 2400w\" sizes=\"auto, (max-width: 800px) 100vw, 800px\" \/><figcaption class=\"wp-element-caption\">Mu\u017esk\u00e1 ko\u0161e\u013ea z Plie\u0161oviec tie\u017e  nepatr\u00ed do tzv. krek\u00e1\u010dskeho kroja, nako\u013eko sa mi ve\u013emi p\u00e1\u010di a patr\u00ed v zbierke medzi moje poklady, bola by \u0161koda nezverejni\u0165 \u0161ikovnos\u0165 vy\u0161\u00edva\u010diek, ktor\u00e9 vytvorili t\u00fato kr\u00e1su pln\u00fdm stehom, hladkovan\u00edm.<\/figcaption><\/figure>\n\n\n\n<figure class=\"wp-block-image size-large\"><img data-recalc-dims=\"1\" loading=\"lazy\" decoding=\"async\" width=\"800\" height=\"652\" data-attachment-id=\"13576\" data-permalink=\"https:\/\/www.atelier-reklama.sk\/blog\/moj-krekacsky-kroj-a-jeho-prekreslene-vzory-spolu\/3g-muzska-kosela-zozadu-manzeta-pliesovce-asi-prva-pol-20-stor-vysite-plnym-stehom-povodny-vlastnik-neznamy\/\" data-orig-file=\"https:\/\/i0.wp.com\/www.atelier-reklama.sk\/blog\/wp-content\/uploads\/2023\/04\/3G.-Mu%C5%BEsk%C3%A1-ko%C5%A1e%C4%BEa-zozadu-man%C5%BEeta-Plie%C5%A1ovce-asi-prv%C3%A1-pol.-20.-stor.-vy%C5%A1it%C3%A9-pln%C3%BDm-stehom-p%C3%B4vodn%C3%BD-vlastn%C3%ADk-nezn%C3%A1my-scaled.jpg?fit=2560%2C2089&amp;ssl=1\" data-orig-size=\"2560,2089\" data-comments-opened=\"1\" data-image-meta=\"{&quot;aperture&quot;:&quot;2&quot;,&quot;credit&quot;:&quot;&quot;,&quot;camera&quot;:&quot;SM-A125F&quot;,&quot;caption&quot;:&quot;&quot;,&quot;created_timestamp&quot;:&quot;1680602074&quot;,&quot;copyright&quot;:&quot;&quot;,&quot;focal_length&quot;:&quot;4.6&quot;,&quot;iso&quot;:&quot;250&quot;,&quot;shutter_speed&quot;:&quot;0.03&quot;,&quot;title&quot;:&quot;&quot;,&quot;orientation&quot;:&quot;1&quot;}\" data-image-title=\"3G.-Mu\u017esk\u00e1-ko\u0161e\u013ea-zozadu-man\u017eeta-Plie\u0161ovce-asi-prv\u00e1-pol.-20.-stor.-vy\u0161it\u00e9-pln\u00fdm-stehom-p\u00f4vodn\u00fd-vlastn\u00edk-nezn\u00e1my\" data-image-description=\"\" data-image-caption=\"\" data-medium-file=\"https:\/\/i0.wp.com\/www.atelier-reklama.sk\/blog\/wp-content\/uploads\/2023\/04\/3G.-Mu%C5%BEsk%C3%A1-ko%C5%A1e%C4%BEa-zozadu-man%C5%BEeta-Plie%C5%A1ovce-asi-prv%C3%A1-pol.-20.-stor.-vy%C5%A1it%C3%A9-pln%C3%BDm-stehom-p%C3%B4vodn%C3%BD-vlastn%C3%ADk-nezn%C3%A1my-scaled.jpg?fit=300%2C245&amp;ssl=1\" data-large-file=\"https:\/\/i0.wp.com\/www.atelier-reklama.sk\/blog\/wp-content\/uploads\/2023\/04\/3G.-Mu%C5%BEsk%C3%A1-ko%C5%A1e%C4%BEa-zozadu-man%C5%BEeta-Plie%C5%A1ovce-asi-prv%C3%A1-pol.-20.-stor.-vy%C5%A1it%C3%A9-pln%C3%BDm-stehom-p%C3%B4vodn%C3%BD-vlastn%C3%ADk-nezn%C3%A1my-scaled.jpg?fit=800%2C652&amp;ssl=1\" src=\"https:\/\/i0.wp.com\/www.atelier-reklama.sk\/blog\/wp-content\/uploads\/2023\/04\/3G.-Mu%C5%BEsk%C3%A1-ko%C5%A1e%C4%BEa-zozadu-man%C5%BEeta-Plie%C5%A1ovce-asi-prv%C3%A1-pol.-20.-stor.-vy%C5%A1it%C3%A9-pln%C3%BDm-stehom-p%C3%B4vodn%C3%BD-vlastn%C3%ADk-nezn%C3%A1my.jpg?resize=800%2C652&#038;ssl=1\" alt=\"\" class=\"wp-image-13576\" srcset=\"https:\/\/i0.wp.com\/www.atelier-reklama.sk\/blog\/wp-content\/uploads\/2023\/04\/3G.-Mu%C5%BEsk%C3%A1-ko%C5%A1e%C4%BEa-zozadu-man%C5%BEeta-Plie%C5%A1ovce-asi-prv%C3%A1-pol.-20.-stor.-vy%C5%A1it%C3%A9-pln%C3%BDm-stehom-p%C3%B4vodn%C3%BD-vlastn%C3%ADk-nezn%C3%A1my-scaled.jpg?resize=1024%2C835&amp;ssl=1 1024w, https:\/\/i0.wp.com\/www.atelier-reklama.sk\/blog\/wp-content\/uploads\/2023\/04\/3G.-Mu%C5%BEsk%C3%A1-ko%C5%A1e%C4%BEa-zozadu-man%C5%BEeta-Plie%C5%A1ovce-asi-prv%C3%A1-pol.-20.-stor.-vy%C5%A1it%C3%A9-pln%C3%BDm-stehom-p%C3%B4vodn%C3%BD-vlastn%C3%ADk-nezn%C3%A1my-scaled.jpg?resize=300%2C245&amp;ssl=1 300w, https:\/\/i0.wp.com\/www.atelier-reklama.sk\/blog\/wp-content\/uploads\/2023\/04\/3G.-Mu%C5%BEsk%C3%A1-ko%C5%A1e%C4%BEa-zozadu-man%C5%BEeta-Plie%C5%A1ovce-asi-prv%C3%A1-pol.-20.-stor.-vy%C5%A1it%C3%A9-pln%C3%BDm-stehom-p%C3%B4vodn%C3%BD-vlastn%C3%ADk-nezn%C3%A1my-scaled.jpg?resize=768%2C627&amp;ssl=1 768w, https:\/\/i0.wp.com\/www.atelier-reklama.sk\/blog\/wp-content\/uploads\/2023\/04\/3G.-Mu%C5%BEsk%C3%A1-ko%C5%A1e%C4%BEa-zozadu-man%C5%BEeta-Plie%C5%A1ovce-asi-prv%C3%A1-pol.-20.-stor.-vy%C5%A1it%C3%A9-pln%C3%BDm-stehom-p%C3%B4vodn%C3%BD-vlastn%C3%ADk-nezn%C3%A1my-scaled.jpg?resize=1536%2C1253&amp;ssl=1 1536w, https:\/\/i0.wp.com\/www.atelier-reklama.sk\/blog\/wp-content\/uploads\/2023\/04\/3G.-Mu%C5%BEsk%C3%A1-ko%C5%A1e%C4%BEa-zozadu-man%C5%BEeta-Plie%C5%A1ovce-asi-prv%C3%A1-pol.-20.-stor.-vy%C5%A1it%C3%A9-pln%C3%BDm-stehom-p%C3%B4vodn%C3%BD-vlastn%C3%ADk-nezn%C3%A1my-scaled.jpg?resize=2048%2C1671&amp;ssl=1 2048w, https:\/\/i0.wp.com\/www.atelier-reklama.sk\/blog\/wp-content\/uploads\/2023\/04\/3G.-Mu%C5%BEsk%C3%A1-ko%C5%A1e%C4%BEa-zozadu-man%C5%BEeta-Plie%C5%A1ovce-asi-prv%C3%A1-pol.-20.-stor.-vy%C5%A1it%C3%A9-pln%C3%BDm-stehom-p%C3%B4vodn%C3%BD-vlastn%C3%ADk-nezn%C3%A1my-scaled.jpg?w=1600&amp;ssl=1 1600w, https:\/\/i0.wp.com\/www.atelier-reklama.sk\/blog\/wp-content\/uploads\/2023\/04\/3G.-Mu%C5%BEsk%C3%A1-ko%C5%A1e%C4%BEa-zozadu-man%C5%BEeta-Plie%C5%A1ovce-asi-prv%C3%A1-pol.-20.-stor.-vy%C5%A1it%C3%A9-pln%C3%BDm-stehom-p%C3%B4vodn%C3%BD-vlastn%C3%ADk-nezn%C3%A1my-scaled.jpg?w=2400&amp;ssl=1 2400w\" sizes=\"auto, (max-width: 800px) 100vw, 800px\" \/><\/figure>\n\n\n\n<figure class=\"wp-block-image size-large\"><img data-recalc-dims=\"1\" loading=\"lazy\" decoding=\"async\" width=\"800\" height=\"691\" data-attachment-id=\"13578\" data-permalink=\"https:\/\/www.atelier-reklama.sk\/blog\/moj-krekacsky-kroj-a-jeho-prekreslene-vzory-spolu\/3g-muzska-kosela-manzeta-pliesovce-asi-prva-pol-20-stor-vysite-plnym-stehom-povodny-vlastnik-neznamy\/\" data-orig-file=\"https:\/\/i0.wp.com\/www.atelier-reklama.sk\/blog\/wp-content\/uploads\/2023\/04\/3G.-Mu%C5%BEsk%C3%A1-ko%C5%A1e%C4%BEa-man%C5%BEeta-Plie%C5%A1ovce-asi-prv%C3%A1-pol.-20.-stor.-vy%C5%A1it%C3%A9-pln%C3%BDm-stehom-p%C3%B4vodn%C3%BD-vlastn%C3%ADk-nezn%C3%A1my-scaled.jpg?fit=2560%2C2209&amp;ssl=1\" data-orig-size=\"2560,2209\" data-comments-opened=\"1\" data-image-meta=\"{&quot;aperture&quot;:&quot;2&quot;,&quot;credit&quot;:&quot;&quot;,&quot;camera&quot;:&quot;SM-A125F&quot;,&quot;caption&quot;:&quot;&quot;,&quot;created_timestamp&quot;:&quot;1680602024&quot;,&quot;copyright&quot;:&quot;&quot;,&quot;focal_length&quot;:&quot;4.6&quot;,&quot;iso&quot;:&quot;400&quot;,&quot;shutter_speed&quot;:&quot;0.04&quot;,&quot;title&quot;:&quot;&quot;,&quot;orientation&quot;:&quot;1&quot;}\" data-image-title=\"3G.-Mu\u017esk\u00e1-ko\u0161e\u013ea-man\u017eeta-Plie\u0161ovce-asi-prv\u00e1-pol.-20.-stor.-vy\u0161it\u00e9-pln\u00fdm-stehom-p\u00f4vodn\u00fd-vlastn\u00edk-nezn\u00e1my\" data-image-description=\"\" data-image-caption=\"\" data-medium-file=\"https:\/\/i0.wp.com\/www.atelier-reklama.sk\/blog\/wp-content\/uploads\/2023\/04\/3G.-Mu%C5%BEsk%C3%A1-ko%C5%A1e%C4%BEa-man%C5%BEeta-Plie%C5%A1ovce-asi-prv%C3%A1-pol.-20.-stor.-vy%C5%A1it%C3%A9-pln%C3%BDm-stehom-p%C3%B4vodn%C3%BD-vlastn%C3%ADk-nezn%C3%A1my-scaled.jpg?fit=300%2C259&amp;ssl=1\" data-large-file=\"https:\/\/i0.wp.com\/www.atelier-reklama.sk\/blog\/wp-content\/uploads\/2023\/04\/3G.-Mu%C5%BEsk%C3%A1-ko%C5%A1e%C4%BEa-man%C5%BEeta-Plie%C5%A1ovce-asi-prv%C3%A1-pol.-20.-stor.-vy%C5%A1it%C3%A9-pln%C3%BDm-stehom-p%C3%B4vodn%C3%BD-vlastn%C3%ADk-nezn%C3%A1my-scaled.jpg?fit=800%2C691&amp;ssl=1\" src=\"https:\/\/i0.wp.com\/www.atelier-reklama.sk\/blog\/wp-content\/uploads\/2023\/04\/3G.-Mu%C5%BEsk%C3%A1-ko%C5%A1e%C4%BEa-man%C5%BEeta-Plie%C5%A1ovce-asi-prv%C3%A1-pol.-20.-stor.-vy%C5%A1it%C3%A9-pln%C3%BDm-stehom-p%C3%B4vodn%C3%BD-vlastn%C3%ADk-nezn%C3%A1my.jpg?resize=800%2C691&#038;ssl=1\" alt=\"\" class=\"wp-image-13578\" srcset=\"https:\/\/i0.wp.com\/www.atelier-reklama.sk\/blog\/wp-content\/uploads\/2023\/04\/3G.-Mu%C5%BEsk%C3%A1-ko%C5%A1e%C4%BEa-man%C5%BEeta-Plie%C5%A1ovce-asi-prv%C3%A1-pol.-20.-stor.-vy%C5%A1it%C3%A9-pln%C3%BDm-stehom-p%C3%B4vodn%C3%BD-vlastn%C3%ADk-nezn%C3%A1my-scaled.jpg?resize=1024%2C884&amp;ssl=1 1024w, https:\/\/i0.wp.com\/www.atelier-reklama.sk\/blog\/wp-content\/uploads\/2023\/04\/3G.-Mu%C5%BEsk%C3%A1-ko%C5%A1e%C4%BEa-man%C5%BEeta-Plie%C5%A1ovce-asi-prv%C3%A1-pol.-20.-stor.-vy%C5%A1it%C3%A9-pln%C3%BDm-stehom-p%C3%B4vodn%C3%BD-vlastn%C3%ADk-nezn%C3%A1my-scaled.jpg?resize=300%2C259&amp;ssl=1 300w, https:\/\/i0.wp.com\/www.atelier-reklama.sk\/blog\/wp-content\/uploads\/2023\/04\/3G.-Mu%C5%BEsk%C3%A1-ko%C5%A1e%C4%BEa-man%C5%BEeta-Plie%C5%A1ovce-asi-prv%C3%A1-pol.-20.-stor.-vy%C5%A1it%C3%A9-pln%C3%BDm-stehom-p%C3%B4vodn%C3%BD-vlastn%C3%ADk-nezn%C3%A1my-scaled.jpg?resize=768%2C663&amp;ssl=1 768w, https:\/\/i0.wp.com\/www.atelier-reklama.sk\/blog\/wp-content\/uploads\/2023\/04\/3G.-Mu%C5%BEsk%C3%A1-ko%C5%A1e%C4%BEa-man%C5%BEeta-Plie%C5%A1ovce-asi-prv%C3%A1-pol.-20.-stor.-vy%C5%A1it%C3%A9-pln%C3%BDm-stehom-p%C3%B4vodn%C3%BD-vlastn%C3%ADk-nezn%C3%A1my-scaled.jpg?resize=1536%2C1326&amp;ssl=1 1536w, https:\/\/i0.wp.com\/www.atelier-reklama.sk\/blog\/wp-content\/uploads\/2023\/04\/3G.-Mu%C5%BEsk%C3%A1-ko%C5%A1e%C4%BEa-man%C5%BEeta-Plie%C5%A1ovce-asi-prv%C3%A1-pol.-20.-stor.-vy%C5%A1it%C3%A9-pln%C3%BDm-stehom-p%C3%B4vodn%C3%BD-vlastn%C3%ADk-nezn%C3%A1my-scaled.jpg?resize=2048%2C1768&amp;ssl=1 2048w, https:\/\/i0.wp.com\/www.atelier-reklama.sk\/blog\/wp-content\/uploads\/2023\/04\/3G.-Mu%C5%BEsk%C3%A1-ko%C5%A1e%C4%BEa-man%C5%BEeta-Plie%C5%A1ovce-asi-prv%C3%A1-pol.-20.-stor.-vy%C5%A1it%C3%A9-pln%C3%BDm-stehom-p%C3%B4vodn%C3%BD-vlastn%C3%ADk-nezn%C3%A1my-scaled.jpg?w=1600&amp;ssl=1 1600w, https:\/\/i0.wp.com\/www.atelier-reklama.sk\/blog\/wp-content\/uploads\/2023\/04\/3G.-Mu%C5%BEsk%C3%A1-ko%C5%A1e%C4%BEa-man%C5%BEeta-Plie%C5%A1ovce-asi-prv%C3%A1-pol.-20.-stor.-vy%C5%A1it%C3%A9-pln%C3%BDm-stehom-p%C3%B4vodn%C3%BD-vlastn%C3%ADk-nezn%C3%A1my-scaled.jpg?w=2400&amp;ssl=1 2400w\" sizes=\"auto, (max-width: 800px) 100vw, 800px\" \/><figcaption class=\"wp-element-caption\">Kr\u00e1sna man\u017eeta a v\u00fd\u0161ivka cez riasy je prekr\u00e1sna<\/figcaption><\/figure>\n\n\n\n<figure class=\"wp-block-image size-large\"><img data-recalc-dims=\"1\" loading=\"lazy\" decoding=\"async\" width=\"800\" height=\"395\" data-attachment-id=\"13577\" data-permalink=\"https:\/\/www.atelier-reklama.sk\/blog\/moj-krekacsky-kroj-a-jeho-prekreslene-vzory-spolu\/3g-muzska-kosela-pliesovce-asi-prva-pol-20-stor-vysite-plnym-stehom-povodny-vlastnik-neznamy\/\" data-orig-file=\"https:\/\/i0.wp.com\/www.atelier-reklama.sk\/blog\/wp-content\/uploads\/2023\/04\/3G.-Mu%C5%BEsk%C3%A1-ko%C5%A1e%C4%BEa-Plie%C5%A1ovce-asi-prv%C3%A1-pol.-20.-stor.-vy%C5%A1it%C3%A9-pln%C3%BDm-stehom-p%C3%B4vodn%C3%BD-vlastn%C3%ADk-nezn%C3%A1my-scaled.jpg?fit=2560%2C1266&amp;ssl=1\" data-orig-size=\"2560,1266\" data-comments-opened=\"1\" data-image-meta=\"{&quot;aperture&quot;:&quot;2&quot;,&quot;credit&quot;:&quot;&quot;,&quot;camera&quot;:&quot;SM-A125F&quot;,&quot;caption&quot;:&quot;&quot;,&quot;created_timestamp&quot;:&quot;1680602104&quot;,&quot;copyright&quot;:&quot;&quot;,&quot;focal_length&quot;:&quot;4.6&quot;,&quot;iso&quot;:&quot;250&quot;,&quot;shutter_speed&quot;:&quot;0.03&quot;,&quot;title&quot;:&quot;&quot;,&quot;orientation&quot;:&quot;1&quot;}\" data-image-title=\"3G.-Mu\u017esk\u00e1-ko\u0161e\u013ea-Plie\u0161ovce-asi-prv\u00e1-pol.-20.-stor.-vy\u0161it\u00e9-pln\u00fdm-stehom-p\u00f4vodn\u00fd-vlastn\u00edk-nezn\u00e1my\" data-image-description=\"\" data-image-caption=\"\" data-medium-file=\"https:\/\/i0.wp.com\/www.atelier-reklama.sk\/blog\/wp-content\/uploads\/2023\/04\/3G.-Mu%C5%BEsk%C3%A1-ko%C5%A1e%C4%BEa-Plie%C5%A1ovce-asi-prv%C3%A1-pol.-20.-stor.-vy%C5%A1it%C3%A9-pln%C3%BDm-stehom-p%C3%B4vodn%C3%BD-vlastn%C3%ADk-nezn%C3%A1my-scaled.jpg?fit=300%2C148&amp;ssl=1\" data-large-file=\"https:\/\/i0.wp.com\/www.atelier-reklama.sk\/blog\/wp-content\/uploads\/2023\/04\/3G.-Mu%C5%BEsk%C3%A1-ko%C5%A1e%C4%BEa-Plie%C5%A1ovce-asi-prv%C3%A1-pol.-20.-stor.-vy%C5%A1it%C3%A9-pln%C3%BDm-stehom-p%C3%B4vodn%C3%BD-vlastn%C3%ADk-nezn%C3%A1my-scaled.jpg?fit=800%2C395&amp;ssl=1\" src=\"https:\/\/i0.wp.com\/www.atelier-reklama.sk\/blog\/wp-content\/uploads\/2023\/04\/3G.-Mu%C5%BEsk%C3%A1-ko%C5%A1e%C4%BEa-Plie%C5%A1ovce-asi-prv%C3%A1-pol.-20.-stor.-vy%C5%A1it%C3%A9-pln%C3%BDm-stehom-p%C3%B4vodn%C3%BD-vlastn%C3%ADk-nezn%C3%A1my.jpg?resize=800%2C395&#038;ssl=1\" alt=\"\" class=\"wp-image-13577\" srcset=\"https:\/\/i0.wp.com\/www.atelier-reklama.sk\/blog\/wp-content\/uploads\/2023\/04\/3G.-Mu%C5%BEsk%C3%A1-ko%C5%A1e%C4%BEa-Plie%C5%A1ovce-asi-prv%C3%A1-pol.-20.-stor.-vy%C5%A1it%C3%A9-pln%C3%BDm-stehom-p%C3%B4vodn%C3%BD-vlastn%C3%ADk-nezn%C3%A1my-scaled.jpg?resize=1024%2C506&amp;ssl=1 1024w, https:\/\/i0.wp.com\/www.atelier-reklama.sk\/blog\/wp-content\/uploads\/2023\/04\/3G.-Mu%C5%BEsk%C3%A1-ko%C5%A1e%C4%BEa-Plie%C5%A1ovce-asi-prv%C3%A1-pol.-20.-stor.-vy%C5%A1it%C3%A9-pln%C3%BDm-stehom-p%C3%B4vodn%C3%BD-vlastn%C3%ADk-nezn%C3%A1my-scaled.jpg?resize=300%2C148&amp;ssl=1 300w, https:\/\/i0.wp.com\/www.atelier-reklama.sk\/blog\/wp-content\/uploads\/2023\/04\/3G.-Mu%C5%BEsk%C3%A1-ko%C5%A1e%C4%BEa-Plie%C5%A1ovce-asi-prv%C3%A1-pol.-20.-stor.-vy%C5%A1it%C3%A9-pln%C3%BDm-stehom-p%C3%B4vodn%C3%BD-vlastn%C3%ADk-nezn%C3%A1my-scaled.jpg?resize=768%2C380&amp;ssl=1 768w, https:\/\/i0.wp.com\/www.atelier-reklama.sk\/blog\/wp-content\/uploads\/2023\/04\/3G.-Mu%C5%BEsk%C3%A1-ko%C5%A1e%C4%BEa-Plie%C5%A1ovce-asi-prv%C3%A1-pol.-20.-stor.-vy%C5%A1it%C3%A9-pln%C3%BDm-stehom-p%C3%B4vodn%C3%BD-vlastn%C3%ADk-nezn%C3%A1my-scaled.jpg?resize=1536%2C760&amp;ssl=1 1536w, https:\/\/i0.wp.com\/www.atelier-reklama.sk\/blog\/wp-content\/uploads\/2023\/04\/3G.-Mu%C5%BEsk%C3%A1-ko%C5%A1e%C4%BEa-Plie%C5%A1ovce-asi-prv%C3%A1-pol.-20.-stor.-vy%C5%A1it%C3%A9-pln%C3%BDm-stehom-p%C3%B4vodn%C3%BD-vlastn%C3%ADk-nezn%C3%A1my-scaled.jpg?resize=2048%2C1013&amp;ssl=1 2048w, https:\/\/i0.wp.com\/www.atelier-reklama.sk\/blog\/wp-content\/uploads\/2023\/04\/3G.-Mu%C5%BEsk%C3%A1-ko%C5%A1e%C4%BEa-Plie%C5%A1ovce-asi-prv%C3%A1-pol.-20.-stor.-vy%C5%A1it%C3%A9-pln%C3%BDm-stehom-p%C3%B4vodn%C3%BD-vlastn%C3%ADk-nezn%C3%A1my-scaled.jpg?w=1600&amp;ssl=1 1600w, https:\/\/i0.wp.com\/www.atelier-reklama.sk\/blog\/wp-content\/uploads\/2023\/04\/3G.-Mu%C5%BEsk%C3%A1-ko%C5%A1e%C4%BEa-Plie%C5%A1ovce-asi-prv%C3%A1-pol.-20.-stor.-vy%C5%A1it%C3%A9-pln%C3%BDm-stehom-p%C3%B4vodn%C3%BD-vlastn%C3%ADk-nezn%C3%A1my-scaled.jpg?w=2400&amp;ssl=1 2400w\" sizes=\"auto, (max-width: 800px) 100vw, 800px\" \/><\/figure>\n\n\n\n<h2 class=\"wp-block-heading has-text-align-center\">KREK\u00c1\u010cI  A HORNIACI<\/h2>\n\n\n\n<h2 class=\"wp-block-heading has-text-align-center\"> V HONTE<\/h2>\n\n\n\n<ol class=\"wp-block-list\">\n<li>Encyklop\u00e9dia \u013eudovej kult\u00fary Slovenska 1, J\u00e1n Bot\u00edk, Peter Slavkovsk\u00fd, Veda, vydavate\u013estvo SAV, 1995<\/li>\n<\/ol>\n\n\n\n<figure class=\"wp-block-image size-large\"><img data-recalc-dims=\"1\" loading=\"lazy\" decoding=\"async\" width=\"784\" height=\"1024\" data-attachment-id=\"13472\" data-permalink=\"https:\/\/www.atelier-reklama.sk\/blog\/moj-krekacsky-kroj-a-jeho-prekreslene-vzory-spolu\/dokument_2023-03-03_150731-2\/\" data-orig-file=\"https:\/\/i0.wp.com\/www.atelier-reklama.sk\/blog\/wp-content\/uploads\/2023\/03\/Dokument_2023-03-03_150731-2-scaled.jpg?fit=1960%2C2560&amp;ssl=1\" data-orig-size=\"1960,2560\" data-comments-opened=\"1\" data-image-meta=\"{&quot;aperture&quot;:&quot;0&quot;,&quot;credit&quot;:&quot;&quot;,&quot;camera&quot;:&quot;&quot;,&quot;caption&quot;:&quot;&quot;,&quot;created_timestamp&quot;:&quot;1677856511&quot;,&quot;copyright&quot;:&quot;&quot;,&quot;focal_length&quot;:&quot;0&quot;,&quot;iso&quot;:&quot;0&quot;,&quot;shutter_speed&quot;:&quot;0&quot;,&quot;title&quot;:&quot;&quot;,&quot;orientation&quot;:&quot;1&quot;}\" data-image-title=\"Dokument_2023-03-03_150731-2\" data-image-description=\"\" data-image-caption=\"\" data-medium-file=\"https:\/\/i0.wp.com\/www.atelier-reklama.sk\/blog\/wp-content\/uploads\/2023\/03\/Dokument_2023-03-03_150731-2-scaled.jpg?fit=230%2C300&amp;ssl=1\" data-large-file=\"https:\/\/i0.wp.com\/www.atelier-reklama.sk\/blog\/wp-content\/uploads\/2023\/03\/Dokument_2023-03-03_150731-2-scaled.jpg?fit=784%2C1024&amp;ssl=1\" src=\"https:\/\/i0.wp.com\/www.atelier-reklama.sk\/blog\/wp-content\/uploads\/2023\/03\/Dokument_2023-03-03_150731-2.jpg?resize=784%2C1024&#038;ssl=1\" alt=\"\" class=\"wp-image-13472\" srcset=\"https:\/\/i0.wp.com\/www.atelier-reklama.sk\/blog\/wp-content\/uploads\/2023\/03\/Dokument_2023-03-03_150731-2-scaled.jpg?resize=784%2C1024&amp;ssl=1 784w, https:\/\/i0.wp.com\/www.atelier-reklama.sk\/blog\/wp-content\/uploads\/2023\/03\/Dokument_2023-03-03_150731-2-scaled.jpg?resize=230%2C300&amp;ssl=1 230w, https:\/\/i0.wp.com\/www.atelier-reklama.sk\/blog\/wp-content\/uploads\/2023\/03\/Dokument_2023-03-03_150731-2-scaled.jpg?resize=768%2C1003&amp;ssl=1 768w, https:\/\/i0.wp.com\/www.atelier-reklama.sk\/blog\/wp-content\/uploads\/2023\/03\/Dokument_2023-03-03_150731-2-scaled.jpg?resize=1176%2C1536&amp;ssl=1 1176w, https:\/\/i0.wp.com\/www.atelier-reklama.sk\/blog\/wp-content\/uploads\/2023\/03\/Dokument_2023-03-03_150731-2-scaled.jpg?resize=1568%2C2048&amp;ssl=1 1568w, https:\/\/i0.wp.com\/www.atelier-reklama.sk\/blog\/wp-content\/uploads\/2023\/03\/Dokument_2023-03-03_150731-2-scaled.jpg?w=1960&amp;ssl=1 1960w\" sizes=\"auto, (max-width: 784px) 100vw, 784px\" \/><\/figure>\n\n\n\n<figure class=\"wp-block-image size-large\"><img data-recalc-dims=\"1\" loading=\"lazy\" decoding=\"async\" width=\"780\" height=\"1024\" data-attachment-id=\"13473\" data-permalink=\"https:\/\/www.atelier-reklama.sk\/blog\/moj-krekacsky-kroj-a-jeho-prekreslene-vzory-spolu\/dokument_2023-03-03_151116-2-1\/\" data-orig-file=\"https:\/\/i0.wp.com\/www.atelier-reklama.sk\/blog\/wp-content\/uploads\/2023\/03\/Dokument_2023-03-03_151116-2-1-scaled.jpg?fit=1949%2C2560&amp;ssl=1\" data-orig-size=\"1949,2560\" data-comments-opened=\"1\" data-image-meta=\"{&quot;aperture&quot;:&quot;0&quot;,&quot;credit&quot;:&quot;&quot;,&quot;camera&quot;:&quot;&quot;,&quot;caption&quot;:&quot;&quot;,&quot;created_timestamp&quot;:&quot;1677856512&quot;,&quot;copyright&quot;:&quot;&quot;,&quot;focal_length&quot;:&quot;0&quot;,&quot;iso&quot;:&quot;0&quot;,&quot;shutter_speed&quot;:&quot;0&quot;,&quot;title&quot;:&quot;&quot;,&quot;orientation&quot;:&quot;1&quot;}\" data-image-title=\"Dokument_2023-03-03_151116-2-1\" data-image-description=\"\" data-image-caption=\"\" data-medium-file=\"https:\/\/i0.wp.com\/www.atelier-reklama.sk\/blog\/wp-content\/uploads\/2023\/03\/Dokument_2023-03-03_151116-2-1-scaled.jpg?fit=228%2C300&amp;ssl=1\" data-large-file=\"https:\/\/i0.wp.com\/www.atelier-reklama.sk\/blog\/wp-content\/uploads\/2023\/03\/Dokument_2023-03-03_151116-2-1-scaled.jpg?fit=780%2C1024&amp;ssl=1\" src=\"https:\/\/i0.wp.com\/www.atelier-reklama.sk\/blog\/wp-content\/uploads\/2023\/03\/Dokument_2023-03-03_151116-2-1.jpg?resize=780%2C1024&#038;ssl=1\" alt=\"\" class=\"wp-image-13473\" srcset=\"https:\/\/i0.wp.com\/www.atelier-reklama.sk\/blog\/wp-content\/uploads\/2023\/03\/Dokument_2023-03-03_151116-2-1-scaled.jpg?resize=780%2C1024&amp;ssl=1 780w, https:\/\/i0.wp.com\/www.atelier-reklama.sk\/blog\/wp-content\/uploads\/2023\/03\/Dokument_2023-03-03_151116-2-1-scaled.jpg?resize=228%2C300&amp;ssl=1 228w, https:\/\/i0.wp.com\/www.atelier-reklama.sk\/blog\/wp-content\/uploads\/2023\/03\/Dokument_2023-03-03_151116-2-1-scaled.jpg?resize=768%2C1009&amp;ssl=1 768w, https:\/\/i0.wp.com\/www.atelier-reklama.sk\/blog\/wp-content\/uploads\/2023\/03\/Dokument_2023-03-03_151116-2-1-scaled.jpg?resize=1170%2C1536&amp;ssl=1 1170w, https:\/\/i0.wp.com\/www.atelier-reklama.sk\/blog\/wp-content\/uploads\/2023\/03\/Dokument_2023-03-03_151116-2-1-scaled.jpg?resize=1559%2C2048&amp;ssl=1 1559w, https:\/\/i0.wp.com\/www.atelier-reklama.sk\/blog\/wp-content\/uploads\/2023\/03\/Dokument_2023-03-03_151116-2-1-scaled.jpg?w=1949&amp;ssl=1 1949w\" sizes=\"auto, (max-width: 780px) 100vw, 780px\" \/><\/figure>\n\n\n\n<figure class=\"wp-block-image size-large\"><img data-recalc-dims=\"1\" loading=\"lazy\" decoding=\"async\" width=\"761\" height=\"1024\" data-attachment-id=\"13474\" data-permalink=\"https:\/\/www.atelier-reklama.sk\/blog\/moj-krekacsky-kroj-a-jeho-prekreslene-vzory-spolu\/dokument_2023-03-03_151341encyklopedia-lud_kultury-na-slovensku-horniaci-a-krekaci-3-1\/\" data-orig-file=\"https:\/\/i0.wp.com\/www.atelier-reklama.sk\/blog\/wp-content\/uploads\/2023\/03\/Dokument_2023-03-03_151341Encyklop%C3%A9dia-%C4%BEud_kult%C3%BAry-na-Slovensku-horniaci-a-krek%C3%A1%C4%8Di-3-1-scaled.jpg?fit=1903%2C2560&amp;ssl=1\" data-orig-size=\"1903,2560\" data-comments-opened=\"1\" data-image-meta=\"{&quot;aperture&quot;:&quot;0&quot;,&quot;credit&quot;:&quot;&quot;,&quot;camera&quot;:&quot;&quot;,&quot;caption&quot;:&quot;&quot;,&quot;created_timestamp&quot;:&quot;1677856512&quot;,&quot;copyright&quot;:&quot;&quot;,&quot;focal_length&quot;:&quot;0&quot;,&quot;iso&quot;:&quot;0&quot;,&quot;shutter_speed&quot;:&quot;0&quot;,&quot;title&quot;:&quot;&quot;,&quot;orientation&quot;:&quot;1&quot;}\" data-image-title=\"Dokument_2023-03-03_151341Encyklop\u00e9dia-\u013eud_kult\u00fary-na-Slovensku-horniaci-a-krek\u00e1\u010di-3-1\" data-image-description=\"\" data-image-caption=\"\" data-medium-file=\"https:\/\/i0.wp.com\/www.atelier-reklama.sk\/blog\/wp-content\/uploads\/2023\/03\/Dokument_2023-03-03_151341Encyklop%C3%A9dia-%C4%BEud_kult%C3%BAry-na-Slovensku-horniaci-a-krek%C3%A1%C4%8Di-3-1-scaled.jpg?fit=223%2C300&amp;ssl=1\" data-large-file=\"https:\/\/i0.wp.com\/www.atelier-reklama.sk\/blog\/wp-content\/uploads\/2023\/03\/Dokument_2023-03-03_151341Encyklop%C3%A9dia-%C4%BEud_kult%C3%BAry-na-Slovensku-horniaci-a-krek%C3%A1%C4%8Di-3-1-scaled.jpg?fit=761%2C1024&amp;ssl=1\" src=\"https:\/\/i0.wp.com\/www.atelier-reklama.sk\/blog\/wp-content\/uploads\/2023\/03\/Dokument_2023-03-03_151341Encyklop%C3%A9dia-%C4%BEud_kult%C3%BAry-na-Slovensku-horniaci-a-krek%C3%A1%C4%8Di-3-1.jpg?resize=761%2C1024&#038;ssl=1\" alt=\"\" class=\"wp-image-13474\" srcset=\"https:\/\/i0.wp.com\/www.atelier-reklama.sk\/blog\/wp-content\/uploads\/2023\/03\/Dokument_2023-03-03_151341Encyklop%C3%A9dia-%C4%BEud_kult%C3%BAry-na-Slovensku-horniaci-a-krek%C3%A1%C4%8Di-3-1-scaled.jpg?resize=761%2C1024&amp;ssl=1 761w, https:\/\/i0.wp.com\/www.atelier-reklama.sk\/blog\/wp-content\/uploads\/2023\/03\/Dokument_2023-03-03_151341Encyklop%C3%A9dia-%C4%BEud_kult%C3%BAry-na-Slovensku-horniaci-a-krek%C3%A1%C4%8Di-3-1-scaled.jpg?resize=223%2C300&amp;ssl=1 223w, https:\/\/i0.wp.com\/www.atelier-reklama.sk\/blog\/wp-content\/uploads\/2023\/03\/Dokument_2023-03-03_151341Encyklop%C3%A9dia-%C4%BEud_kult%C3%BAry-na-Slovensku-horniaci-a-krek%C3%A1%C4%8Di-3-1-scaled.jpg?resize=768%2C1033&amp;ssl=1 768w, https:\/\/i0.wp.com\/www.atelier-reklama.sk\/blog\/wp-content\/uploads\/2023\/03\/Dokument_2023-03-03_151341Encyklop%C3%A9dia-%C4%BEud_kult%C3%BAry-na-Slovensku-horniaci-a-krek%C3%A1%C4%8Di-3-1-scaled.jpg?resize=1142%2C1536&amp;ssl=1 1142w, https:\/\/i0.wp.com\/www.atelier-reklama.sk\/blog\/wp-content\/uploads\/2023\/03\/Dokument_2023-03-03_151341Encyklop%C3%A9dia-%C4%BEud_kult%C3%BAry-na-Slovensku-horniaci-a-krek%C3%A1%C4%8Di-3-1-scaled.jpg?resize=1523%2C2048&amp;ssl=1 1523w, https:\/\/i0.wp.com\/www.atelier-reklama.sk\/blog\/wp-content\/uploads\/2023\/03\/Dokument_2023-03-03_151341Encyklop%C3%A9dia-%C4%BEud_kult%C3%BAry-na-Slovensku-horniaci-a-krek%C3%A1%C4%8Di-3-1-scaled.jpg?w=1903&amp;ssl=1 1903w, https:\/\/i0.wp.com\/www.atelier-reklama.sk\/blog\/wp-content\/uploads\/2023\/03\/Dokument_2023-03-03_151341Encyklop%C3%A9dia-%C4%BEud_kult%C3%BAry-na-Slovensku-horniaci-a-krek%C3%A1%C4%8Di-3-1-scaled.jpg?w=1600&amp;ssl=1 1600w\" sizes=\"auto, (max-width: 761px) 100vw, 761px\" \/><\/figure>\n\n\n\n<p>2. HONT TRAD\u00cdCIE \u013dUDOVEJ KULT\u00daRY, J\u00e1n Bot\u00edk, Vydavate\u013esrvo Osveta Bansk\u00e1 Bystrica, 1988<\/p>\n\n\n\n<figure class=\"wp-block-image size-large\"><img data-recalc-dims=\"1\" loading=\"lazy\" decoding=\"async\" width=\"800\" height=\"976\" data-attachment-id=\"13476\" data-permalink=\"https:\/\/www.atelier-reklama.sk\/blog\/moj-krekacsky-kroj-a-jeho-prekreslene-vzory-spolu\/2023-03-03_070119-1\/\" data-orig-file=\"https:\/\/i0.wp.com\/www.atelier-reklama.sk\/blog\/wp-content\/uploads\/2023\/03\/2023-03-03_070119-1-scaled.jpg?fit=2098%2C2560&amp;ssl=1\" data-orig-size=\"2098,2560\" data-comments-opened=\"1\" data-image-meta=\"{&quot;aperture&quot;:&quot;0&quot;,&quot;credit&quot;:&quot;&quot;,&quot;camera&quot;:&quot;&quot;,&quot;caption&quot;:&quot;&quot;,&quot;created_timestamp&quot;:&quot;1677827578&quot;,&quot;copyright&quot;:&quot;&quot;,&quot;focal_length&quot;:&quot;0&quot;,&quot;iso&quot;:&quot;0&quot;,&quot;shutter_speed&quot;:&quot;0&quot;,&quot;title&quot;:&quot;&quot;,&quot;orientation&quot;:&quot;1&quot;}\" data-image-title=\"2023-03-03_070119-1\" data-image-description=\"\" data-image-caption=\"\" data-medium-file=\"https:\/\/i0.wp.com\/www.atelier-reklama.sk\/blog\/wp-content\/uploads\/2023\/03\/2023-03-03_070119-1-scaled.jpg?fit=246%2C300&amp;ssl=1\" data-large-file=\"https:\/\/i0.wp.com\/www.atelier-reklama.sk\/blog\/wp-content\/uploads\/2023\/03\/2023-03-03_070119-1-scaled.jpg?fit=800%2C976&amp;ssl=1\" src=\"https:\/\/i0.wp.com\/www.atelier-reklama.sk\/blog\/wp-content\/uploads\/2023\/03\/2023-03-03_070119-1.jpg?resize=800%2C976&#038;ssl=1\" alt=\"\" class=\"wp-image-13476\" srcset=\"https:\/\/i0.wp.com\/www.atelier-reklama.sk\/blog\/wp-content\/uploads\/2023\/03\/2023-03-03_070119-1-scaled.jpg?resize=839%2C1024&amp;ssl=1 839w, https:\/\/i0.wp.com\/www.atelier-reklama.sk\/blog\/wp-content\/uploads\/2023\/03\/2023-03-03_070119-1-scaled.jpg?resize=246%2C300&amp;ssl=1 246w, https:\/\/i0.wp.com\/www.atelier-reklama.sk\/blog\/wp-content\/uploads\/2023\/03\/2023-03-03_070119-1-scaled.jpg?resize=768%2C937&amp;ssl=1 768w, https:\/\/i0.wp.com\/www.atelier-reklama.sk\/blog\/wp-content\/uploads\/2023\/03\/2023-03-03_070119-1-scaled.jpg?resize=1259%2C1536&amp;ssl=1 1259w, https:\/\/i0.wp.com\/www.atelier-reklama.sk\/blog\/wp-content\/uploads\/2023\/03\/2023-03-03_070119-1-scaled.jpg?resize=1678%2C2048&amp;ssl=1 1678w, https:\/\/i0.wp.com\/www.atelier-reklama.sk\/blog\/wp-content\/uploads\/2023\/03\/2023-03-03_070119-1-scaled.jpg?w=1600&amp;ssl=1 1600w\" sizes=\"auto, (max-width: 800px) 100vw, 800px\" \/><\/figure>\n\n\n\n<figure class=\"wp-block-image size-large\"><img data-recalc-dims=\"1\" loading=\"lazy\" decoding=\"async\" width=\"797\" height=\"1024\" data-attachment-id=\"13477\" data-permalink=\"https:\/\/www.atelier-reklama.sk\/blog\/moj-krekacsky-kroj-a-jeho-prekreslene-vzory-spolu\/dokument_2023-03-03_070431-2-1\/\" data-orig-file=\"https:\/\/i0.wp.com\/www.atelier-reklama.sk\/blog\/wp-content\/uploads\/2023\/03\/Dokument_2023-03-03_070431-2-1-scaled.jpg?fit=1992%2C2560&amp;ssl=1\" data-orig-size=\"1992,2560\" data-comments-opened=\"1\" data-image-meta=\"{&quot;aperture&quot;:&quot;0&quot;,&quot;credit&quot;:&quot;&quot;,&quot;camera&quot;:&quot;&quot;,&quot;caption&quot;:&quot;&quot;,&quot;created_timestamp&quot;:&quot;1677827580&quot;,&quot;copyright&quot;:&quot;&quot;,&quot;focal_length&quot;:&quot;0&quot;,&quot;iso&quot;:&quot;0&quot;,&quot;shutter_speed&quot;:&quot;0&quot;,&quot;title&quot;:&quot;&quot;,&quot;orientation&quot;:&quot;1&quot;}\" data-image-title=\"Dokument_2023-03-03_070431-2-1\" data-image-description=\"\" data-image-caption=\"\" data-medium-file=\"https:\/\/i0.wp.com\/www.atelier-reklama.sk\/blog\/wp-content\/uploads\/2023\/03\/Dokument_2023-03-03_070431-2-1-scaled.jpg?fit=233%2C300&amp;ssl=1\" data-large-file=\"https:\/\/i0.wp.com\/www.atelier-reklama.sk\/blog\/wp-content\/uploads\/2023\/03\/Dokument_2023-03-03_070431-2-1-scaled.jpg?fit=797%2C1024&amp;ssl=1\" src=\"https:\/\/i0.wp.com\/www.atelier-reklama.sk\/blog\/wp-content\/uploads\/2023\/03\/Dokument_2023-03-03_070431-2-1.jpg?resize=797%2C1024&#038;ssl=1\" alt=\"\" class=\"wp-image-13477\" srcset=\"https:\/\/i0.wp.com\/www.atelier-reklama.sk\/blog\/wp-content\/uploads\/2023\/03\/Dokument_2023-03-03_070431-2-1-scaled.jpg?resize=797%2C1024&amp;ssl=1 797w, https:\/\/i0.wp.com\/www.atelier-reklama.sk\/blog\/wp-content\/uploads\/2023\/03\/Dokument_2023-03-03_070431-2-1-scaled.jpg?resize=233%2C300&amp;ssl=1 233w, https:\/\/i0.wp.com\/www.atelier-reklama.sk\/blog\/wp-content\/uploads\/2023\/03\/Dokument_2023-03-03_070431-2-1-scaled.jpg?resize=768%2C987&amp;ssl=1 768w, https:\/\/i0.wp.com\/www.atelier-reklama.sk\/blog\/wp-content\/uploads\/2023\/03\/Dokument_2023-03-03_070431-2-1-scaled.jpg?resize=1195%2C1536&amp;ssl=1 1195w, https:\/\/i0.wp.com\/www.atelier-reklama.sk\/blog\/wp-content\/uploads\/2023\/03\/Dokument_2023-03-03_070431-2-1-scaled.jpg?resize=1594%2C2048&amp;ssl=1 1594w, https:\/\/i0.wp.com\/www.atelier-reklama.sk\/blog\/wp-content\/uploads\/2023\/03\/Dokument_2023-03-03_070431-2-1-scaled.jpg?w=1992&amp;ssl=1 1992w\" sizes=\"auto, (max-width: 797px) 100vw, 797px\" \/><\/figure>\n\n\n\n<figure class=\"wp-block-image size-large\"><img data-recalc-dims=\"1\" loading=\"lazy\" decoding=\"async\" width=\"800\" height=\"974\" data-attachment-id=\"13478\" data-permalink=\"https:\/\/www.atelier-reklama.sk\/blog\/moj-krekacsky-kroj-a-jeho-prekreslene-vzory-spolu\/dokument_2023-03-03_070805-3-1\/\" data-orig-file=\"https:\/\/i0.wp.com\/www.atelier-reklama.sk\/blog\/wp-content\/uploads\/2023\/03\/Dokument_2023-03-03_070805-3-1-scaled.jpg?fit=2102%2C2560&amp;ssl=1\" data-orig-size=\"2102,2560\" data-comments-opened=\"1\" data-image-meta=\"{&quot;aperture&quot;:&quot;0&quot;,&quot;credit&quot;:&quot;&quot;,&quot;camera&quot;:&quot;&quot;,&quot;caption&quot;:&quot;&quot;,&quot;created_timestamp&quot;:&quot;1677827579&quot;,&quot;copyright&quot;:&quot;&quot;,&quot;focal_length&quot;:&quot;0&quot;,&quot;iso&quot;:&quot;0&quot;,&quot;shutter_speed&quot;:&quot;0&quot;,&quot;title&quot;:&quot;&quot;,&quot;orientation&quot;:&quot;1&quot;}\" data-image-title=\"Dokument_2023-03-03_070805-3-1\" data-image-description=\"\" data-image-caption=\"\" data-medium-file=\"https:\/\/i0.wp.com\/www.atelier-reklama.sk\/blog\/wp-content\/uploads\/2023\/03\/Dokument_2023-03-03_070805-3-1-scaled.jpg?fit=246%2C300&amp;ssl=1\" data-large-file=\"https:\/\/i0.wp.com\/www.atelier-reklama.sk\/blog\/wp-content\/uploads\/2023\/03\/Dokument_2023-03-03_070805-3-1-scaled.jpg?fit=800%2C974&amp;ssl=1\" src=\"https:\/\/i0.wp.com\/www.atelier-reklama.sk\/blog\/wp-content\/uploads\/2023\/03\/Dokument_2023-03-03_070805-3-1.jpg?resize=800%2C974&#038;ssl=1\" alt=\"\" class=\"wp-image-13478\" srcset=\"https:\/\/i0.wp.com\/www.atelier-reklama.sk\/blog\/wp-content\/uploads\/2023\/03\/Dokument_2023-03-03_070805-3-1-scaled.jpg?resize=841%2C1024&amp;ssl=1 841w, https:\/\/i0.wp.com\/www.atelier-reklama.sk\/blog\/wp-content\/uploads\/2023\/03\/Dokument_2023-03-03_070805-3-1-scaled.jpg?resize=246%2C300&amp;ssl=1 246w, https:\/\/i0.wp.com\/www.atelier-reklama.sk\/blog\/wp-content\/uploads\/2023\/03\/Dokument_2023-03-03_070805-3-1-scaled.jpg?resize=768%2C935&amp;ssl=1 768w, https:\/\/i0.wp.com\/www.atelier-reklama.sk\/blog\/wp-content\/uploads\/2023\/03\/Dokument_2023-03-03_070805-3-1-scaled.jpg?resize=1261%2C1536&amp;ssl=1 1261w, https:\/\/i0.wp.com\/www.atelier-reklama.sk\/blog\/wp-content\/uploads\/2023\/03\/Dokument_2023-03-03_070805-3-1-scaled.jpg?resize=1682%2C2048&amp;ssl=1 1682w, https:\/\/i0.wp.com\/www.atelier-reklama.sk\/blog\/wp-content\/uploads\/2023\/03\/Dokument_2023-03-03_070805-3-1-scaled.jpg?w=1600&amp;ssl=1 1600w\" sizes=\"auto, (max-width: 800px) 100vw, 800px\" \/><\/figure>\n\n\n\n<figure class=\"wp-block-image size-large\"><img data-recalc-dims=\"1\" loading=\"lazy\" decoding=\"async\" width=\"800\" height=\"1006\" data-attachment-id=\"13479\" data-permalink=\"https:\/\/www.atelier-reklama.sk\/blog\/moj-krekacsky-kroj-a-jeho-prekreslene-vzory-spolu\/hont-kniha-4-1\/\" data-orig-file=\"https:\/\/i0.wp.com\/www.atelier-reklama.sk\/blog\/wp-content\/uploads\/2023\/03\/Hont-kniha-4-1-scaled.jpg?fit=2036%2C2560&amp;ssl=1\" data-orig-size=\"2036,2560\" data-comments-opened=\"1\" data-image-meta=\"{&quot;aperture&quot;:&quot;0&quot;,&quot;credit&quot;:&quot;&quot;,&quot;camera&quot;:&quot;&quot;,&quot;caption&quot;:&quot;&quot;,&quot;created_timestamp&quot;:&quot;1677827580&quot;,&quot;copyright&quot;:&quot;&quot;,&quot;focal_length&quot;:&quot;0&quot;,&quot;iso&quot;:&quot;0&quot;,&quot;shutter_speed&quot;:&quot;0&quot;,&quot;title&quot;:&quot;&quot;,&quot;orientation&quot;:&quot;1&quot;}\" data-image-title=\"Hont-kniha-4-1\" data-image-description=\"\" data-image-caption=\"\" data-medium-file=\"https:\/\/i0.wp.com\/www.atelier-reklama.sk\/blog\/wp-content\/uploads\/2023\/03\/Hont-kniha-4-1-scaled.jpg?fit=239%2C300&amp;ssl=1\" data-large-file=\"https:\/\/i0.wp.com\/www.atelier-reklama.sk\/blog\/wp-content\/uploads\/2023\/03\/Hont-kniha-4-1-scaled.jpg?fit=800%2C1006&amp;ssl=1\" src=\"https:\/\/i0.wp.com\/www.atelier-reklama.sk\/blog\/wp-content\/uploads\/2023\/03\/Hont-kniha-4-1.jpg?resize=800%2C1006&#038;ssl=1\" alt=\"\" class=\"wp-image-13479\" srcset=\"https:\/\/i0.wp.com\/www.atelier-reklama.sk\/blog\/wp-content\/uploads\/2023\/03\/Hont-kniha-4-1-scaled.jpg?resize=814%2C1024&amp;ssl=1 814w, https:\/\/i0.wp.com\/www.atelier-reklama.sk\/blog\/wp-content\/uploads\/2023\/03\/Hont-kniha-4-1-scaled.jpg?resize=239%2C300&amp;ssl=1 239w, https:\/\/i0.wp.com\/www.atelier-reklama.sk\/blog\/wp-content\/uploads\/2023\/03\/Hont-kniha-4-1-scaled.jpg?resize=768%2C966&amp;ssl=1 768w, https:\/\/i0.wp.com\/www.atelier-reklama.sk\/blog\/wp-content\/uploads\/2023\/03\/Hont-kniha-4-1-scaled.jpg?resize=1222%2C1536&amp;ssl=1 1222w, https:\/\/i0.wp.com\/www.atelier-reklama.sk\/blog\/wp-content\/uploads\/2023\/03\/Hont-kniha-4-1-scaled.jpg?resize=1629%2C2048&amp;ssl=1 1629w, https:\/\/i0.wp.com\/www.atelier-reklama.sk\/blog\/wp-content\/uploads\/2023\/03\/Hont-kniha-4-1-scaled.jpg?w=2036&amp;ssl=1 2036w\" sizes=\"auto, (max-width: 800px) 100vw, 800px\" \/><\/figure>\n\n\n\n<p>3. Drahot\u00edna Kri\u017eko-Kardossov\u00e1 ovplyvnila moju z\u00e1\u013eubu v prekres\u013eovan\u00ed vzorov. <\/p>\n\n\n\n<figure class=\"wp-block-image size-large\"><img data-recalc-dims=\"1\" loading=\"lazy\" decoding=\"async\" width=\"800\" height=\"975\" data-attachment-id=\"13485\" data-permalink=\"https:\/\/www.atelier-reklama.sk\/blog\/moj-krekacsky-kroj-a-jeho-prekreslene-vzory-spolu\/scan0001-43\/\" data-orig-file=\"https:\/\/i0.wp.com\/www.atelier-reklama.sk\/blog\/wp-content\/uploads\/2023\/03\/Scan0001.jpg?fit=853%2C1040&amp;ssl=1\" data-orig-size=\"853,1040\" data-comments-opened=\"1\" data-image-meta=\"{&quot;aperture&quot;:&quot;0&quot;,&quot;credit&quot;:&quot;&quot;,&quot;camera&quot;:&quot;&quot;,&quot;caption&quot;:&quot;&quot;,&quot;created_timestamp&quot;:&quot;0&quot;,&quot;copyright&quot;:&quot;&quot;,&quot;focal_length&quot;:&quot;0&quot;,&quot;iso&quot;:&quot;0&quot;,&quot;shutter_speed&quot;:&quot;0&quot;,&quot;title&quot;:&quot;&quot;,&quot;orientation&quot;:&quot;0&quot;}\" data-image-title=\"Scan0001\" data-image-description=\"\" data-image-caption=\"\" data-medium-file=\"https:\/\/i0.wp.com\/www.atelier-reklama.sk\/blog\/wp-content\/uploads\/2023\/03\/Scan0001.jpg?fit=246%2C300&amp;ssl=1\" data-large-file=\"https:\/\/i0.wp.com\/www.atelier-reklama.sk\/blog\/wp-content\/uploads\/2023\/03\/Scan0001.jpg?fit=800%2C975&amp;ssl=1\" src=\"https:\/\/i0.wp.com\/www.atelier-reklama.sk\/blog\/wp-content\/uploads\/2023\/03\/Scan0001.jpg?resize=800%2C975&#038;ssl=1\" alt=\"\" class=\"wp-image-13485\" srcset=\"https:\/\/i0.wp.com\/www.atelier-reklama.sk\/blog\/wp-content\/uploads\/2023\/03\/Scan0001.jpg?resize=840%2C1024&amp;ssl=1 840w, https:\/\/i0.wp.com\/www.atelier-reklama.sk\/blog\/wp-content\/uploads\/2023\/03\/Scan0001.jpg?resize=246%2C300&amp;ssl=1 246w, https:\/\/i0.wp.com\/www.atelier-reklama.sk\/blog\/wp-content\/uploads\/2023\/03\/Scan0001.jpg?resize=768%2C936&amp;ssl=1 768w, https:\/\/i0.wp.com\/www.atelier-reklama.sk\/blog\/wp-content\/uploads\/2023\/03\/Scan0001.jpg?w=853&amp;ssl=1 853w\" sizes=\"auto, (max-width: 800px) 100vw, 800px\" \/><\/figure>\n\n\n\n<figure class=\"wp-block-image size-large\"><img data-recalc-dims=\"1\" loading=\"lazy\" decoding=\"async\" width=\"800\" height=\"558\" data-attachment-id=\"13486\" data-permalink=\"https:\/\/www.atelier-reklama.sk\/blog\/moj-krekacsky-kroj-a-jeho-prekreslene-vzory-spolu\/scan0002-36\/\" data-orig-file=\"https:\/\/i0.wp.com\/www.atelier-reklama.sk\/blog\/wp-content\/uploads\/2023\/03\/Scan0002.jpg?fit=2055%2C1433&amp;ssl=1\" data-orig-size=\"2055,1433\" data-comments-opened=\"1\" data-image-meta=\"{&quot;aperture&quot;:&quot;0&quot;,&quot;credit&quot;:&quot;&quot;,&quot;camera&quot;:&quot;&quot;,&quot;caption&quot;:&quot;&quot;,&quot;created_timestamp&quot;:&quot;0&quot;,&quot;copyright&quot;:&quot;&quot;,&quot;focal_length&quot;:&quot;0&quot;,&quot;iso&quot;:&quot;0&quot;,&quot;shutter_speed&quot;:&quot;0&quot;,&quot;title&quot;:&quot;&quot;,&quot;orientation&quot;:&quot;0&quot;}\" data-image-title=\"Scan0002\" data-image-description=\"\" data-image-caption=\"\" data-medium-file=\"https:\/\/i0.wp.com\/www.atelier-reklama.sk\/blog\/wp-content\/uploads\/2023\/03\/Scan0002.jpg?fit=300%2C209&amp;ssl=1\" data-large-file=\"https:\/\/i0.wp.com\/www.atelier-reklama.sk\/blog\/wp-content\/uploads\/2023\/03\/Scan0002.jpg?fit=800%2C558&amp;ssl=1\" src=\"https:\/\/i0.wp.com\/www.atelier-reklama.sk\/blog\/wp-content\/uploads\/2023\/03\/Scan0002.jpg?resize=800%2C558&#038;ssl=1\" alt=\"\" class=\"wp-image-13486\" srcset=\"https:\/\/i0.wp.com\/www.atelier-reklama.sk\/blog\/wp-content\/uploads\/2023\/03\/Scan0002.jpg?resize=1024%2C714&amp;ssl=1 1024w, https:\/\/i0.wp.com\/www.atelier-reklama.sk\/blog\/wp-content\/uploads\/2023\/03\/Scan0002.jpg?resize=300%2C209&amp;ssl=1 300w, https:\/\/i0.wp.com\/www.atelier-reklama.sk\/blog\/wp-content\/uploads\/2023\/03\/Scan0002.jpg?resize=768%2C536&amp;ssl=1 768w, https:\/\/i0.wp.com\/www.atelier-reklama.sk\/blog\/wp-content\/uploads\/2023\/03\/Scan0002.jpg?resize=1536%2C1071&amp;ssl=1 1536w, https:\/\/i0.wp.com\/www.atelier-reklama.sk\/blog\/wp-content\/uploads\/2023\/03\/Scan0002.jpg?resize=2048%2C1428&amp;ssl=1 2048w, https:\/\/i0.wp.com\/www.atelier-reklama.sk\/blog\/wp-content\/uploads\/2023\/03\/Scan0002.jpg?resize=392%2C272&amp;ssl=1 392w, https:\/\/i0.wp.com\/www.atelier-reklama.sk\/blog\/wp-content\/uploads\/2023\/03\/Scan0002.jpg?resize=130%2C90&amp;ssl=1 130w, https:\/\/i0.wp.com\/www.atelier-reklama.sk\/blog\/wp-content\/uploads\/2023\/03\/Scan0002.jpg?w=1600&amp;ssl=1 1600w\" sizes=\"auto, (max-width: 800px) 100vw, 800px\" \/><\/figure>\n\n\n\n<figure class=\"wp-block-image size-large\"><img data-recalc-dims=\"1\" loading=\"lazy\" decoding=\"async\" width=\"800\" height=\"570\" data-attachment-id=\"13487\" data-permalink=\"https:\/\/www.atelier-reklama.sk\/blog\/moj-krekacsky-kroj-a-jeho-prekreslene-vzory-spolu\/scan0003-28\/\" data-orig-file=\"https:\/\/i0.wp.com\/www.atelier-reklama.sk\/blog\/wp-content\/uploads\/2023\/03\/Scan0003.jpg?fit=2025%2C1443&amp;ssl=1\" data-orig-size=\"2025,1443\" data-comments-opened=\"1\" data-image-meta=\"{&quot;aperture&quot;:&quot;0&quot;,&quot;credit&quot;:&quot;&quot;,&quot;camera&quot;:&quot;&quot;,&quot;caption&quot;:&quot;&quot;,&quot;created_timestamp&quot;:&quot;0&quot;,&quot;copyright&quot;:&quot;&quot;,&quot;focal_length&quot;:&quot;0&quot;,&quot;iso&quot;:&quot;0&quot;,&quot;shutter_speed&quot;:&quot;0&quot;,&quot;title&quot;:&quot;&quot;,&quot;orientation&quot;:&quot;0&quot;}\" data-image-title=\"Scan0003\" data-image-description=\"\" data-image-caption=\"\" data-medium-file=\"https:\/\/i0.wp.com\/www.atelier-reklama.sk\/blog\/wp-content\/uploads\/2023\/03\/Scan0003.jpg?fit=300%2C214&amp;ssl=1\" data-large-file=\"https:\/\/i0.wp.com\/www.atelier-reklama.sk\/blog\/wp-content\/uploads\/2023\/03\/Scan0003.jpg?fit=800%2C570&amp;ssl=1\" src=\"https:\/\/i0.wp.com\/www.atelier-reklama.sk\/blog\/wp-content\/uploads\/2023\/03\/Scan0003.jpg?resize=800%2C570&#038;ssl=1\" alt=\"\" class=\"wp-image-13487\" srcset=\"https:\/\/i0.wp.com\/www.atelier-reklama.sk\/blog\/wp-content\/uploads\/2023\/03\/Scan0003.jpg?resize=1024%2C730&amp;ssl=1 1024w, https:\/\/i0.wp.com\/www.atelier-reklama.sk\/blog\/wp-content\/uploads\/2023\/03\/Scan0003.jpg?resize=300%2C214&amp;ssl=1 300w, https:\/\/i0.wp.com\/www.atelier-reklama.sk\/blog\/wp-content\/uploads\/2023\/03\/Scan0003.jpg?resize=768%2C547&amp;ssl=1 768w, https:\/\/i0.wp.com\/www.atelier-reklama.sk\/blog\/wp-content\/uploads\/2023\/03\/Scan0003.jpg?resize=1536%2C1095&amp;ssl=1 1536w, https:\/\/i0.wp.com\/www.atelier-reklama.sk\/blog\/wp-content\/uploads\/2023\/03\/Scan0003.jpg?w=2025&amp;ssl=1 2025w, https:\/\/i0.wp.com\/www.atelier-reklama.sk\/blog\/wp-content\/uploads\/2023\/03\/Scan0003.jpg?w=1600&amp;ssl=1 1600w\" sizes=\"auto, (max-width: 800px) 100vw, 800px\" \/><\/figure>\n\n\n\n<figure class=\"wp-block-image size-large\"><img data-recalc-dims=\"1\" loading=\"lazy\" decoding=\"async\" width=\"800\" height=\"545\" data-attachment-id=\"13488\" data-permalink=\"https:\/\/www.atelier-reklama.sk\/blog\/moj-krekacsky-kroj-a-jeho-prekreslene-vzory-spolu\/scan0004-22\/\" data-orig-file=\"https:\/\/i0.wp.com\/www.atelier-reklama.sk\/blog\/wp-content\/uploads\/2023\/03\/Scan0004.jpg?fit=2035%2C1387&amp;ssl=1\" data-orig-size=\"2035,1387\" data-comments-opened=\"1\" data-image-meta=\"{&quot;aperture&quot;:&quot;0&quot;,&quot;credit&quot;:&quot;&quot;,&quot;camera&quot;:&quot;&quot;,&quot;caption&quot;:&quot;&quot;,&quot;created_timestamp&quot;:&quot;0&quot;,&quot;copyright&quot;:&quot;&quot;,&quot;focal_length&quot;:&quot;0&quot;,&quot;iso&quot;:&quot;0&quot;,&quot;shutter_speed&quot;:&quot;0&quot;,&quot;title&quot;:&quot;&quot;,&quot;orientation&quot;:&quot;0&quot;}\" data-image-title=\"Scan0004\" data-image-description=\"\" data-image-caption=\"\" data-medium-file=\"https:\/\/i0.wp.com\/www.atelier-reklama.sk\/blog\/wp-content\/uploads\/2023\/03\/Scan0004.jpg?fit=300%2C204&amp;ssl=1\" data-large-file=\"https:\/\/i0.wp.com\/www.atelier-reklama.sk\/blog\/wp-content\/uploads\/2023\/03\/Scan0004.jpg?fit=800%2C545&amp;ssl=1\" src=\"https:\/\/i0.wp.com\/www.atelier-reklama.sk\/blog\/wp-content\/uploads\/2023\/03\/Scan0004.jpg?resize=800%2C545&#038;ssl=1\" alt=\"\" class=\"wp-image-13488\" srcset=\"https:\/\/i0.wp.com\/www.atelier-reklama.sk\/blog\/wp-content\/uploads\/2023\/03\/Scan0004.jpg?resize=1024%2C698&amp;ssl=1 1024w, https:\/\/i0.wp.com\/www.atelier-reklama.sk\/blog\/wp-content\/uploads\/2023\/03\/Scan0004.jpg?resize=300%2C204&amp;ssl=1 300w, https:\/\/i0.wp.com\/www.atelier-reklama.sk\/blog\/wp-content\/uploads\/2023\/03\/Scan0004.jpg?resize=768%2C523&amp;ssl=1 768w, https:\/\/i0.wp.com\/www.atelier-reklama.sk\/blog\/wp-content\/uploads\/2023\/03\/Scan0004.jpg?resize=1536%2C1047&amp;ssl=1 1536w, https:\/\/i0.wp.com\/www.atelier-reklama.sk\/blog\/wp-content\/uploads\/2023\/03\/Scan0004.jpg?resize=130%2C90&amp;ssl=1 130w, https:\/\/i0.wp.com\/www.atelier-reklama.sk\/blog\/wp-content\/uploads\/2023\/03\/Scan0004.jpg?w=2035&amp;ssl=1 2035w, https:\/\/i0.wp.com\/www.atelier-reklama.sk\/blog\/wp-content\/uploads\/2023\/03\/Scan0004.jpg?w=1600&amp;ssl=1 1600w\" sizes=\"auto, (max-width: 800px) 100vw, 800px\" \/><\/figure>\n\n\n\n<p>4. N\u00e1uka o krojoch a vkuse, \u013dudmila Reichlov\u00e1-Kuch\u00e1rikov\u00e1, Vydala Matica Slovensk\u00e1<\/p>\n\n\n\n<figure class=\"wp-block-image size-large\"><img data-recalc-dims=\"1\" loading=\"lazy\" decoding=\"async\" width=\"743\" height=\"1024\" data-attachment-id=\"13491\" data-permalink=\"https:\/\/www.atelier-reklama.sk\/blog\/moj-krekacsky-kroj-a-jeho-prekreslene-vzory-spolu\/scan-z-knihy-nauka-o-krojoch-cast0001-2\/\" data-orig-file=\"https:\/\/i0.wp.com\/www.atelier-reklama.sk\/blog\/wp-content\/uploads\/2023\/03\/Scan-z-knihy-Nauka-o-krojoch-cast0001.jpg?fit=1246%2C1717&amp;ssl=1\" data-orig-size=\"1246,1717\" data-comments-opened=\"1\" data-image-meta=\"{&quot;aperture&quot;:&quot;0&quot;,&quot;credit&quot;:&quot;&quot;,&quot;camera&quot;:&quot;&quot;,&quot;caption&quot;:&quot;&quot;,&quot;created_timestamp&quot;:&quot;0&quot;,&quot;copyright&quot;:&quot;&quot;,&quot;focal_length&quot;:&quot;0&quot;,&quot;iso&quot;:&quot;0&quot;,&quot;shutter_speed&quot;:&quot;0&quot;,&quot;title&quot;:&quot;&quot;,&quot;orientation&quot;:&quot;0&quot;}\" data-image-title=\"Scan-z-knihy-Nauka-o-krojoch-cast0001\" data-image-description=\"\" data-image-caption=\"\" data-medium-file=\"https:\/\/i0.wp.com\/www.atelier-reklama.sk\/blog\/wp-content\/uploads\/2023\/03\/Scan-z-knihy-Nauka-o-krojoch-cast0001.jpg?fit=218%2C300&amp;ssl=1\" data-large-file=\"https:\/\/i0.wp.com\/www.atelier-reklama.sk\/blog\/wp-content\/uploads\/2023\/03\/Scan-z-knihy-Nauka-o-krojoch-cast0001.jpg?fit=743%2C1024&amp;ssl=1\" src=\"https:\/\/i0.wp.com\/www.atelier-reklama.sk\/blog\/wp-content\/uploads\/2023\/03\/Scan-z-knihy-Nauka-o-krojoch-cast0001.jpg?resize=743%2C1024&#038;ssl=1\" alt=\"\" class=\"wp-image-13491\" srcset=\"https:\/\/i0.wp.com\/www.atelier-reklama.sk\/blog\/wp-content\/uploads\/2023\/03\/Scan-z-knihy-Nauka-o-krojoch-cast0001.jpg?resize=743%2C1024&amp;ssl=1 743w, https:\/\/i0.wp.com\/www.atelier-reklama.sk\/blog\/wp-content\/uploads\/2023\/03\/Scan-z-knihy-Nauka-o-krojoch-cast0001.jpg?resize=218%2C300&amp;ssl=1 218w, https:\/\/i0.wp.com\/www.atelier-reklama.sk\/blog\/wp-content\/uploads\/2023\/03\/Scan-z-knihy-Nauka-o-krojoch-cast0001.jpg?resize=768%2C1058&amp;ssl=1 768w, https:\/\/i0.wp.com\/www.atelier-reklama.sk\/blog\/wp-content\/uploads\/2023\/03\/Scan-z-knihy-Nauka-o-krojoch-cast0001.jpg?resize=1115%2C1536&amp;ssl=1 1115w, https:\/\/i0.wp.com\/www.atelier-reklama.sk\/blog\/wp-content\/uploads\/2023\/03\/Scan-z-knihy-Nauka-o-krojoch-cast0001.jpg?w=1246&amp;ssl=1 1246w\" sizes=\"auto, (max-width: 743px) 100vw, 743px\" \/><\/figure>\n\n\n\n<figure class=\"wp-block-image size-large\"><img data-recalc-dims=\"1\" loading=\"lazy\" decoding=\"async\" width=\"800\" height=\"582\" data-attachment-id=\"13492\" data-permalink=\"https:\/\/www.atelier-reklama.sk\/blog\/moj-krekacsky-kroj-a-jeho-prekreslene-vzory-spolu\/scan-z-knihy-nauka-o-krojoch-cast0002-2\/\" data-orig-file=\"https:\/\/i0.wp.com\/www.atelier-reklama.sk\/blog\/wp-content\/uploads\/2023\/03\/Scan-z-knihy-Nauka-o-krojoch-cast0002.jpg?fit=2338%2C1700&amp;ssl=1\" data-orig-size=\"2338,1700\" data-comments-opened=\"1\" data-image-meta=\"{&quot;aperture&quot;:&quot;0&quot;,&quot;credit&quot;:&quot;&quot;,&quot;camera&quot;:&quot;&quot;,&quot;caption&quot;:&quot;&quot;,&quot;created_timestamp&quot;:&quot;0&quot;,&quot;copyright&quot;:&quot;&quot;,&quot;focal_length&quot;:&quot;0&quot;,&quot;iso&quot;:&quot;0&quot;,&quot;shutter_speed&quot;:&quot;0&quot;,&quot;title&quot;:&quot;&quot;,&quot;orientation&quot;:&quot;0&quot;}\" data-image-title=\"Scan-z-knihy-Nauka-o-krojoch-cast0002\" data-image-description=\"\" data-image-caption=\"\" data-medium-file=\"https:\/\/i0.wp.com\/www.atelier-reklama.sk\/blog\/wp-content\/uploads\/2023\/03\/Scan-z-knihy-Nauka-o-krojoch-cast0002.jpg?fit=300%2C218&amp;ssl=1\" data-large-file=\"https:\/\/i0.wp.com\/www.atelier-reklama.sk\/blog\/wp-content\/uploads\/2023\/03\/Scan-z-knihy-Nauka-o-krojoch-cast0002.jpg?fit=800%2C582&amp;ssl=1\" src=\"https:\/\/i0.wp.com\/www.atelier-reklama.sk\/blog\/wp-content\/uploads\/2023\/03\/Scan-z-knihy-Nauka-o-krojoch-cast0002.jpg?resize=800%2C582&#038;ssl=1\" alt=\"\" class=\"wp-image-13492\" srcset=\"https:\/\/i0.wp.com\/www.atelier-reklama.sk\/blog\/wp-content\/uploads\/2023\/03\/Scan-z-knihy-Nauka-o-krojoch-cast0002.jpg?resize=1024%2C745&amp;ssl=1 1024w, https:\/\/i0.wp.com\/www.atelier-reklama.sk\/blog\/wp-content\/uploads\/2023\/03\/Scan-z-knihy-Nauka-o-krojoch-cast0002.jpg?resize=300%2C218&amp;ssl=1 300w, https:\/\/i0.wp.com\/www.atelier-reklama.sk\/blog\/wp-content\/uploads\/2023\/03\/Scan-z-knihy-Nauka-o-krojoch-cast0002.jpg?resize=768%2C558&amp;ssl=1 768w, https:\/\/i0.wp.com\/www.atelier-reklama.sk\/blog\/wp-content\/uploads\/2023\/03\/Scan-z-knihy-Nauka-o-krojoch-cast0002.jpg?resize=1536%2C1117&amp;ssl=1 1536w, https:\/\/i0.wp.com\/www.atelier-reklama.sk\/blog\/wp-content\/uploads\/2023\/03\/Scan-z-knihy-Nauka-o-krojoch-cast0002.jpg?resize=2048%2C1489&amp;ssl=1 2048w, https:\/\/i0.wp.com\/www.atelier-reklama.sk\/blog\/wp-content\/uploads\/2023\/03\/Scan-z-knihy-Nauka-o-krojoch-cast0002.jpg?w=1600&amp;ssl=1 1600w\" sizes=\"auto, (max-width: 800px) 100vw, 800px\" \/><\/figure>\n\n\n\n<figure class=\"wp-block-image size-large\"><img data-recalc-dims=\"1\" loading=\"lazy\" decoding=\"async\" width=\"800\" height=\"582\" data-attachment-id=\"13493\" data-permalink=\"https:\/\/www.atelier-reklama.sk\/blog\/moj-krekacsky-kroj-a-jeho-prekreslene-vzory-spolu\/scan-z-knihy-nauka-o-krojoch-cast0003-2\/\" data-orig-file=\"https:\/\/i0.wp.com\/www.atelier-reklama.sk\/blog\/wp-content\/uploads\/2023\/03\/Scan-z-knihy-Nauka-o-krojoch-cast0003.jpg?fit=2338%2C1700&amp;ssl=1\" data-orig-size=\"2338,1700\" data-comments-opened=\"1\" data-image-meta=\"{&quot;aperture&quot;:&quot;0&quot;,&quot;credit&quot;:&quot;&quot;,&quot;camera&quot;:&quot;&quot;,&quot;caption&quot;:&quot;&quot;,&quot;created_timestamp&quot;:&quot;0&quot;,&quot;copyright&quot;:&quot;&quot;,&quot;focal_length&quot;:&quot;0&quot;,&quot;iso&quot;:&quot;0&quot;,&quot;shutter_speed&quot;:&quot;0&quot;,&quot;title&quot;:&quot;&quot;,&quot;orientation&quot;:&quot;0&quot;}\" data-image-title=\"Scan-z-knihy-Nauka-o-krojoch-cast0003\" data-image-description=\"\" data-image-caption=\"\" data-medium-file=\"https:\/\/i0.wp.com\/www.atelier-reklama.sk\/blog\/wp-content\/uploads\/2023\/03\/Scan-z-knihy-Nauka-o-krojoch-cast0003.jpg?fit=300%2C218&amp;ssl=1\" data-large-file=\"https:\/\/i0.wp.com\/www.atelier-reklama.sk\/blog\/wp-content\/uploads\/2023\/03\/Scan-z-knihy-Nauka-o-krojoch-cast0003.jpg?fit=800%2C582&amp;ssl=1\" src=\"https:\/\/i0.wp.com\/www.atelier-reklama.sk\/blog\/wp-content\/uploads\/2023\/03\/Scan-z-knihy-Nauka-o-krojoch-cast0003.jpg?resize=800%2C582&#038;ssl=1\" alt=\"\" class=\"wp-image-13493\" srcset=\"https:\/\/i0.wp.com\/www.atelier-reklama.sk\/blog\/wp-content\/uploads\/2023\/03\/Scan-z-knihy-Nauka-o-krojoch-cast0003.jpg?resize=1024%2C745&amp;ssl=1 1024w, https:\/\/i0.wp.com\/www.atelier-reklama.sk\/blog\/wp-content\/uploads\/2023\/03\/Scan-z-knihy-Nauka-o-krojoch-cast0003.jpg?resize=300%2C218&amp;ssl=1 300w, https:\/\/i0.wp.com\/www.atelier-reklama.sk\/blog\/wp-content\/uploads\/2023\/03\/Scan-z-knihy-Nauka-o-krojoch-cast0003.jpg?resize=768%2C558&amp;ssl=1 768w, https:\/\/i0.wp.com\/www.atelier-reklama.sk\/blog\/wp-content\/uploads\/2023\/03\/Scan-z-knihy-Nauka-o-krojoch-cast0003.jpg?resize=1536%2C1117&amp;ssl=1 1536w, https:\/\/i0.wp.com\/www.atelier-reklama.sk\/blog\/wp-content\/uploads\/2023\/03\/Scan-z-knihy-Nauka-o-krojoch-cast0003.jpg?resize=2048%2C1489&amp;ssl=1 2048w, https:\/\/i0.wp.com\/www.atelier-reklama.sk\/blog\/wp-content\/uploads\/2023\/03\/Scan-z-knihy-Nauka-o-krojoch-cast0003.jpg?w=1600&amp;ssl=1 1600w\" sizes=\"auto, (max-width: 800px) 100vw, 800px\" \/><\/figure>\n\n\n\n<figure class=\"wp-block-image size-large\"><img data-recalc-dims=\"1\" loading=\"lazy\" decoding=\"async\" width=\"800\" height=\"582\" data-attachment-id=\"13494\" data-permalink=\"https:\/\/www.atelier-reklama.sk\/blog\/moj-krekacsky-kroj-a-jeho-prekreslene-vzory-spolu\/scan-z-knihy-nauka-o-krojoch-cast0004-2\/\" data-orig-file=\"https:\/\/i0.wp.com\/www.atelier-reklama.sk\/blog\/wp-content\/uploads\/2023\/03\/Scan-z-knihy-Nauka-o-krojoch-cast0004.jpg?fit=2338%2C1700&amp;ssl=1\" data-orig-size=\"2338,1700\" data-comments-opened=\"1\" data-image-meta=\"{&quot;aperture&quot;:&quot;0&quot;,&quot;credit&quot;:&quot;&quot;,&quot;camera&quot;:&quot;&quot;,&quot;caption&quot;:&quot;&quot;,&quot;created_timestamp&quot;:&quot;0&quot;,&quot;copyright&quot;:&quot;&quot;,&quot;focal_length&quot;:&quot;0&quot;,&quot;iso&quot;:&quot;0&quot;,&quot;shutter_speed&quot;:&quot;0&quot;,&quot;title&quot;:&quot;&quot;,&quot;orientation&quot;:&quot;0&quot;}\" data-image-title=\"Scan-z-knihy-Nauka-o-krojoch-cast0004\" data-image-description=\"\" data-image-caption=\"\" data-medium-file=\"https:\/\/i0.wp.com\/www.atelier-reklama.sk\/blog\/wp-content\/uploads\/2023\/03\/Scan-z-knihy-Nauka-o-krojoch-cast0004.jpg?fit=300%2C218&amp;ssl=1\" data-large-file=\"https:\/\/i0.wp.com\/www.atelier-reklama.sk\/blog\/wp-content\/uploads\/2023\/03\/Scan-z-knihy-Nauka-o-krojoch-cast0004.jpg?fit=800%2C582&amp;ssl=1\" src=\"https:\/\/i0.wp.com\/www.atelier-reklama.sk\/blog\/wp-content\/uploads\/2023\/03\/Scan-z-knihy-Nauka-o-krojoch-cast0004.jpg?resize=800%2C582&#038;ssl=1\" alt=\"\" class=\"wp-image-13494\" srcset=\"https:\/\/i0.wp.com\/www.atelier-reklama.sk\/blog\/wp-content\/uploads\/2023\/03\/Scan-z-knihy-Nauka-o-krojoch-cast0004.jpg?resize=1024%2C745&amp;ssl=1 1024w, https:\/\/i0.wp.com\/www.atelier-reklama.sk\/blog\/wp-content\/uploads\/2023\/03\/Scan-z-knihy-Nauka-o-krojoch-cast0004.jpg?resize=300%2C218&amp;ssl=1 300w, https:\/\/i0.wp.com\/www.atelier-reklama.sk\/blog\/wp-content\/uploads\/2023\/03\/Scan-z-knihy-Nauka-o-krojoch-cast0004.jpg?resize=768%2C558&amp;ssl=1 768w, https:\/\/i0.wp.com\/www.atelier-reklama.sk\/blog\/wp-content\/uploads\/2023\/03\/Scan-z-knihy-Nauka-o-krojoch-cast0004.jpg?resize=1536%2C1117&amp;ssl=1 1536w, https:\/\/i0.wp.com\/www.atelier-reklama.sk\/blog\/wp-content\/uploads\/2023\/03\/Scan-z-knihy-Nauka-o-krojoch-cast0004.jpg?resize=2048%2C1489&amp;ssl=1 2048w, https:\/\/i0.wp.com\/www.atelier-reklama.sk\/blog\/wp-content\/uploads\/2023\/03\/Scan-z-knihy-Nauka-o-krojoch-cast0004.jpg?w=1600&amp;ssl=1 1600w\" sizes=\"auto, (max-width: 800px) 100vw, 800px\" \/><\/figure>\n\n\n\n<figure class=\"wp-block-image size-large\"><img data-recalc-dims=\"1\" loading=\"lazy\" decoding=\"async\" width=\"800\" height=\"582\" data-attachment-id=\"13495\" data-permalink=\"https:\/\/www.atelier-reklama.sk\/blog\/moj-krekacsky-kroj-a-jeho-prekreslene-vzory-spolu\/scan-z-knihy-nauka-o-krojoch-cast0005-2\/\" data-orig-file=\"https:\/\/i0.wp.com\/www.atelier-reklama.sk\/blog\/wp-content\/uploads\/2023\/03\/Scan-z-knihy-Nauka-o-krojoch-cast0005.jpg?fit=2338%2C1700&amp;ssl=1\" data-orig-size=\"2338,1700\" data-comments-opened=\"1\" data-image-meta=\"{&quot;aperture&quot;:&quot;0&quot;,&quot;credit&quot;:&quot;&quot;,&quot;camera&quot;:&quot;&quot;,&quot;caption&quot;:&quot;&quot;,&quot;created_timestamp&quot;:&quot;0&quot;,&quot;copyright&quot;:&quot;&quot;,&quot;focal_length&quot;:&quot;0&quot;,&quot;iso&quot;:&quot;0&quot;,&quot;shutter_speed&quot;:&quot;0&quot;,&quot;title&quot;:&quot;&quot;,&quot;orientation&quot;:&quot;0&quot;}\" data-image-title=\"Scan-z-knihy-Nauka-o-krojoch-cast0005\" data-image-description=\"\" data-image-caption=\"\" data-medium-file=\"https:\/\/i0.wp.com\/www.atelier-reklama.sk\/blog\/wp-content\/uploads\/2023\/03\/Scan-z-knihy-Nauka-o-krojoch-cast0005.jpg?fit=300%2C218&amp;ssl=1\" data-large-file=\"https:\/\/i0.wp.com\/www.atelier-reklama.sk\/blog\/wp-content\/uploads\/2023\/03\/Scan-z-knihy-Nauka-o-krojoch-cast0005.jpg?fit=800%2C582&amp;ssl=1\" src=\"https:\/\/i0.wp.com\/www.atelier-reklama.sk\/blog\/wp-content\/uploads\/2023\/03\/Scan-z-knihy-Nauka-o-krojoch-cast0005.jpg?resize=800%2C582&#038;ssl=1\" alt=\"\" class=\"wp-image-13495\" srcset=\"https:\/\/i0.wp.com\/www.atelier-reklama.sk\/blog\/wp-content\/uploads\/2023\/03\/Scan-z-knihy-Nauka-o-krojoch-cast0005.jpg?resize=1024%2C745&amp;ssl=1 1024w, https:\/\/i0.wp.com\/www.atelier-reklama.sk\/blog\/wp-content\/uploads\/2023\/03\/Scan-z-knihy-Nauka-o-krojoch-cast0005.jpg?resize=300%2C218&amp;ssl=1 300w, https:\/\/i0.wp.com\/www.atelier-reklama.sk\/blog\/wp-content\/uploads\/2023\/03\/Scan-z-knihy-Nauka-o-krojoch-cast0005.jpg?resize=768%2C558&amp;ssl=1 768w, https:\/\/i0.wp.com\/www.atelier-reklama.sk\/blog\/wp-content\/uploads\/2023\/03\/Scan-z-knihy-Nauka-o-krojoch-cast0005.jpg?resize=1536%2C1117&amp;ssl=1 1536w, https:\/\/i0.wp.com\/www.atelier-reklama.sk\/blog\/wp-content\/uploads\/2023\/03\/Scan-z-knihy-Nauka-o-krojoch-cast0005.jpg?resize=2048%2C1489&amp;ssl=1 2048w, https:\/\/i0.wp.com\/www.atelier-reklama.sk\/blog\/wp-content\/uploads\/2023\/03\/Scan-z-knihy-Nauka-o-krojoch-cast0005.jpg?w=1600&amp;ssl=1 1600w\" sizes=\"auto, (max-width: 800px) 100vw, 800px\" \/><\/figure>\n\n\n\n<figure class=\"wp-block-image size-large\"><img data-recalc-dims=\"1\" loading=\"lazy\" decoding=\"async\" width=\"800\" height=\"582\" data-attachment-id=\"13496\" data-permalink=\"https:\/\/www.atelier-reklama.sk\/blog\/moj-krekacsky-kroj-a-jeho-prekreslene-vzory-spolu\/scan-z-knihy-nauka-o-krojoch-cast0006-2\/\" data-orig-file=\"https:\/\/i0.wp.com\/www.atelier-reklama.sk\/blog\/wp-content\/uploads\/2023\/03\/Scan-z-knihy-Nauka-o-krojoch-cast0006.jpg?fit=2338%2C1700&amp;ssl=1\" data-orig-size=\"2338,1700\" data-comments-opened=\"1\" data-image-meta=\"{&quot;aperture&quot;:&quot;0&quot;,&quot;credit&quot;:&quot;&quot;,&quot;camera&quot;:&quot;&quot;,&quot;caption&quot;:&quot;&quot;,&quot;created_timestamp&quot;:&quot;0&quot;,&quot;copyright&quot;:&quot;&quot;,&quot;focal_length&quot;:&quot;0&quot;,&quot;iso&quot;:&quot;0&quot;,&quot;shutter_speed&quot;:&quot;0&quot;,&quot;title&quot;:&quot;&quot;,&quot;orientation&quot;:&quot;0&quot;}\" data-image-title=\"Scan-z-knihy-Nauka-o-krojoch-cast0006\" data-image-description=\"\" data-image-caption=\"\" data-medium-file=\"https:\/\/i0.wp.com\/www.atelier-reklama.sk\/blog\/wp-content\/uploads\/2023\/03\/Scan-z-knihy-Nauka-o-krojoch-cast0006.jpg?fit=300%2C218&amp;ssl=1\" data-large-file=\"https:\/\/i0.wp.com\/www.atelier-reklama.sk\/blog\/wp-content\/uploads\/2023\/03\/Scan-z-knihy-Nauka-o-krojoch-cast0006.jpg?fit=800%2C582&amp;ssl=1\" src=\"https:\/\/i0.wp.com\/www.atelier-reklama.sk\/blog\/wp-content\/uploads\/2023\/03\/Scan-z-knihy-Nauka-o-krojoch-cast0006.jpg?resize=800%2C582&#038;ssl=1\" alt=\"\" class=\"wp-image-13496\" srcset=\"https:\/\/i0.wp.com\/www.atelier-reklama.sk\/blog\/wp-content\/uploads\/2023\/03\/Scan-z-knihy-Nauka-o-krojoch-cast0006.jpg?resize=1024%2C745&amp;ssl=1 1024w, https:\/\/i0.wp.com\/www.atelier-reklama.sk\/blog\/wp-content\/uploads\/2023\/03\/Scan-z-knihy-Nauka-o-krojoch-cast0006.jpg?resize=300%2C218&amp;ssl=1 300w, https:\/\/i0.wp.com\/www.atelier-reklama.sk\/blog\/wp-content\/uploads\/2023\/03\/Scan-z-knihy-Nauka-o-krojoch-cast0006.jpg?resize=768%2C558&amp;ssl=1 768w, https:\/\/i0.wp.com\/www.atelier-reklama.sk\/blog\/wp-content\/uploads\/2023\/03\/Scan-z-knihy-Nauka-o-krojoch-cast0006.jpg?resize=1536%2C1117&amp;ssl=1 1536w, https:\/\/i0.wp.com\/www.atelier-reklama.sk\/blog\/wp-content\/uploads\/2023\/03\/Scan-z-knihy-Nauka-o-krojoch-cast0006.jpg?resize=2048%2C1489&amp;ssl=1 2048w, https:\/\/i0.wp.com\/www.atelier-reklama.sk\/blog\/wp-content\/uploads\/2023\/03\/Scan-z-knihy-Nauka-o-krojoch-cast0006.jpg?w=1600&amp;ssl=1 1600w\" sizes=\"auto, (max-width: 800px) 100vw, 800px\" \/><\/figure>\n\n\n\n<figure class=\"wp-block-image size-large\"><img data-recalc-dims=\"1\" loading=\"lazy\" decoding=\"async\" width=\"800\" height=\"582\" data-attachment-id=\"13497\" data-permalink=\"https:\/\/www.atelier-reklama.sk\/blog\/moj-krekacsky-kroj-a-jeho-prekreslene-vzory-spolu\/scan-z-knihy-nauka-o-krojoch-cast0007-2\/\" data-orig-file=\"https:\/\/i0.wp.com\/www.atelier-reklama.sk\/blog\/wp-content\/uploads\/2023\/03\/Scan-z-knihy-Nauka-o-krojoch-cast0007.jpg?fit=2338%2C1700&amp;ssl=1\" data-orig-size=\"2338,1700\" data-comments-opened=\"1\" data-image-meta=\"{&quot;aperture&quot;:&quot;0&quot;,&quot;credit&quot;:&quot;&quot;,&quot;camera&quot;:&quot;&quot;,&quot;caption&quot;:&quot;&quot;,&quot;created_timestamp&quot;:&quot;0&quot;,&quot;copyright&quot;:&quot;&quot;,&quot;focal_length&quot;:&quot;0&quot;,&quot;iso&quot;:&quot;0&quot;,&quot;shutter_speed&quot;:&quot;0&quot;,&quot;title&quot;:&quot;&quot;,&quot;orientation&quot;:&quot;0&quot;}\" data-image-title=\"Scan-z-knihy-Nauka-o-krojoch-cast0007\" data-image-description=\"\" data-image-caption=\"\" data-medium-file=\"https:\/\/i0.wp.com\/www.atelier-reklama.sk\/blog\/wp-content\/uploads\/2023\/03\/Scan-z-knihy-Nauka-o-krojoch-cast0007.jpg?fit=300%2C218&amp;ssl=1\" data-large-file=\"https:\/\/i0.wp.com\/www.atelier-reklama.sk\/blog\/wp-content\/uploads\/2023\/03\/Scan-z-knihy-Nauka-o-krojoch-cast0007.jpg?fit=800%2C582&amp;ssl=1\" src=\"https:\/\/i0.wp.com\/www.atelier-reklama.sk\/blog\/wp-content\/uploads\/2023\/03\/Scan-z-knihy-Nauka-o-krojoch-cast0007.jpg?resize=800%2C582&#038;ssl=1\" alt=\"\" class=\"wp-image-13497\" srcset=\"https:\/\/i0.wp.com\/www.atelier-reklama.sk\/blog\/wp-content\/uploads\/2023\/03\/Scan-z-knihy-Nauka-o-krojoch-cast0007.jpg?resize=1024%2C745&amp;ssl=1 1024w, https:\/\/i0.wp.com\/www.atelier-reklama.sk\/blog\/wp-content\/uploads\/2023\/03\/Scan-z-knihy-Nauka-o-krojoch-cast0007.jpg?resize=300%2C218&amp;ssl=1 300w, https:\/\/i0.wp.com\/www.atelier-reklama.sk\/blog\/wp-content\/uploads\/2023\/03\/Scan-z-knihy-Nauka-o-krojoch-cast0007.jpg?resize=768%2C558&amp;ssl=1 768w, https:\/\/i0.wp.com\/www.atelier-reklama.sk\/blog\/wp-content\/uploads\/2023\/03\/Scan-z-knihy-Nauka-o-krojoch-cast0007.jpg?resize=1536%2C1117&amp;ssl=1 1536w, https:\/\/i0.wp.com\/www.atelier-reklama.sk\/blog\/wp-content\/uploads\/2023\/03\/Scan-z-knihy-Nauka-o-krojoch-cast0007.jpg?resize=2048%2C1489&amp;ssl=1 2048w, https:\/\/i0.wp.com\/www.atelier-reklama.sk\/blog\/wp-content\/uploads\/2023\/03\/Scan-z-knihy-Nauka-o-krojoch-cast0007.jpg?w=1600&amp;ssl=1 1600w\" sizes=\"auto, (max-width: 800px) 100vw, 800px\" \/><\/figure>\n\n\n\n<figure class=\"wp-block-image size-large\"><img data-recalc-dims=\"1\" loading=\"lazy\" decoding=\"async\" width=\"800\" height=\"582\" data-attachment-id=\"13498\" data-permalink=\"https:\/\/www.atelier-reklama.sk\/blog\/moj-krekacsky-kroj-a-jeho-prekreslene-vzory-spolu\/scan-z-knihy-nauka-o-krojoch-cast0008-2\/\" data-orig-file=\"https:\/\/i0.wp.com\/www.atelier-reklama.sk\/blog\/wp-content\/uploads\/2023\/03\/Scan-z-knihy-Nauka-o-krojoch-cast0008.jpg?fit=2338%2C1700&amp;ssl=1\" data-orig-size=\"2338,1700\" data-comments-opened=\"1\" data-image-meta=\"{&quot;aperture&quot;:&quot;0&quot;,&quot;credit&quot;:&quot;&quot;,&quot;camera&quot;:&quot;&quot;,&quot;caption&quot;:&quot;&quot;,&quot;created_timestamp&quot;:&quot;0&quot;,&quot;copyright&quot;:&quot;&quot;,&quot;focal_length&quot;:&quot;0&quot;,&quot;iso&quot;:&quot;0&quot;,&quot;shutter_speed&quot;:&quot;0&quot;,&quot;title&quot;:&quot;&quot;,&quot;orientation&quot;:&quot;0&quot;}\" data-image-title=\"Scan-z-knihy-Nauka-o-krojoch-cast0008\" data-image-description=\"\" data-image-caption=\"\" data-medium-file=\"https:\/\/i0.wp.com\/www.atelier-reklama.sk\/blog\/wp-content\/uploads\/2023\/03\/Scan-z-knihy-Nauka-o-krojoch-cast0008.jpg?fit=300%2C218&amp;ssl=1\" data-large-file=\"https:\/\/i0.wp.com\/www.atelier-reklama.sk\/blog\/wp-content\/uploads\/2023\/03\/Scan-z-knihy-Nauka-o-krojoch-cast0008.jpg?fit=800%2C582&amp;ssl=1\" src=\"https:\/\/i0.wp.com\/www.atelier-reklama.sk\/blog\/wp-content\/uploads\/2023\/03\/Scan-z-knihy-Nauka-o-krojoch-cast0008.jpg?resize=800%2C582&#038;ssl=1\" alt=\"\" class=\"wp-image-13498\" srcset=\"https:\/\/i0.wp.com\/www.atelier-reklama.sk\/blog\/wp-content\/uploads\/2023\/03\/Scan-z-knihy-Nauka-o-krojoch-cast0008.jpg?resize=1024%2C745&amp;ssl=1 1024w, https:\/\/i0.wp.com\/www.atelier-reklama.sk\/blog\/wp-content\/uploads\/2023\/03\/Scan-z-knihy-Nauka-o-krojoch-cast0008.jpg?resize=300%2C218&amp;ssl=1 300w, https:\/\/i0.wp.com\/www.atelier-reklama.sk\/blog\/wp-content\/uploads\/2023\/03\/Scan-z-knihy-Nauka-o-krojoch-cast0008.jpg?resize=768%2C558&amp;ssl=1 768w, https:\/\/i0.wp.com\/www.atelier-reklama.sk\/blog\/wp-content\/uploads\/2023\/03\/Scan-z-knihy-Nauka-o-krojoch-cast0008.jpg?resize=1536%2C1117&amp;ssl=1 1536w, https:\/\/i0.wp.com\/www.atelier-reklama.sk\/blog\/wp-content\/uploads\/2023\/03\/Scan-z-knihy-Nauka-o-krojoch-cast0008.jpg?resize=2048%2C1489&amp;ssl=1 2048w, https:\/\/i0.wp.com\/www.atelier-reklama.sk\/blog\/wp-content\/uploads\/2023\/03\/Scan-z-knihy-Nauka-o-krojoch-cast0008.jpg?w=1600&amp;ssl=1 1600w\" sizes=\"auto, (max-width: 800px) 100vw, 800px\" \/><\/figure>\n\n\n\n<figure class=\"wp-block-image size-large\"><img data-recalc-dims=\"1\" loading=\"lazy\" decoding=\"async\" width=\"800\" height=\"582\" data-attachment-id=\"13499\" data-permalink=\"https:\/\/www.atelier-reklama.sk\/blog\/moj-krekacsky-kroj-a-jeho-prekreslene-vzory-spolu\/scan-z-knihy-nauka-o-krojoch-cast0009-2\/\" data-orig-file=\"https:\/\/i0.wp.com\/www.atelier-reklama.sk\/blog\/wp-content\/uploads\/2023\/03\/Scan-z-knihy-Nauka-o-krojoch-cast0009.jpg?fit=2338%2C1700&amp;ssl=1\" data-orig-size=\"2338,1700\" data-comments-opened=\"1\" data-image-meta=\"{&quot;aperture&quot;:&quot;0&quot;,&quot;credit&quot;:&quot;&quot;,&quot;camera&quot;:&quot;&quot;,&quot;caption&quot;:&quot;&quot;,&quot;created_timestamp&quot;:&quot;0&quot;,&quot;copyright&quot;:&quot;&quot;,&quot;focal_length&quot;:&quot;0&quot;,&quot;iso&quot;:&quot;0&quot;,&quot;shutter_speed&quot;:&quot;0&quot;,&quot;title&quot;:&quot;&quot;,&quot;orientation&quot;:&quot;0&quot;}\" data-image-title=\"Scan-z-knihy-Nauka-o-krojoch-cast0009\" data-image-description=\"\" data-image-caption=\"\" data-medium-file=\"https:\/\/i0.wp.com\/www.atelier-reklama.sk\/blog\/wp-content\/uploads\/2023\/03\/Scan-z-knihy-Nauka-o-krojoch-cast0009.jpg?fit=300%2C218&amp;ssl=1\" data-large-file=\"https:\/\/i0.wp.com\/www.atelier-reklama.sk\/blog\/wp-content\/uploads\/2023\/03\/Scan-z-knihy-Nauka-o-krojoch-cast0009.jpg?fit=800%2C582&amp;ssl=1\" src=\"https:\/\/i0.wp.com\/www.atelier-reklama.sk\/blog\/wp-content\/uploads\/2023\/03\/Scan-z-knihy-Nauka-o-krojoch-cast0009.jpg?resize=800%2C582&#038;ssl=1\" alt=\"\" class=\"wp-image-13499\" srcset=\"https:\/\/i0.wp.com\/www.atelier-reklama.sk\/blog\/wp-content\/uploads\/2023\/03\/Scan-z-knihy-Nauka-o-krojoch-cast0009.jpg?resize=1024%2C745&amp;ssl=1 1024w, https:\/\/i0.wp.com\/www.atelier-reklama.sk\/blog\/wp-content\/uploads\/2023\/03\/Scan-z-knihy-Nauka-o-krojoch-cast0009.jpg?resize=300%2C218&amp;ssl=1 300w, https:\/\/i0.wp.com\/www.atelier-reklama.sk\/blog\/wp-content\/uploads\/2023\/03\/Scan-z-knihy-Nauka-o-krojoch-cast0009.jpg?resize=768%2C558&amp;ssl=1 768w, https:\/\/i0.wp.com\/www.atelier-reklama.sk\/blog\/wp-content\/uploads\/2023\/03\/Scan-z-knihy-Nauka-o-krojoch-cast0009.jpg?resize=1536%2C1117&amp;ssl=1 1536w, https:\/\/i0.wp.com\/www.atelier-reklama.sk\/blog\/wp-content\/uploads\/2023\/03\/Scan-z-knihy-Nauka-o-krojoch-cast0009.jpg?resize=2048%2C1489&amp;ssl=1 2048w, https:\/\/i0.wp.com\/www.atelier-reklama.sk\/blog\/wp-content\/uploads\/2023\/03\/Scan-z-knihy-Nauka-o-krojoch-cast0009.jpg?w=1600&amp;ssl=1 1600w\" sizes=\"auto, (max-width: 800px) 100vw, 800px\" \/><\/figure>\n\n\n\n<figure class=\"wp-block-image size-large\"><img data-recalc-dims=\"1\" loading=\"lazy\" decoding=\"async\" width=\"800\" height=\"582\" data-attachment-id=\"13500\" data-permalink=\"https:\/\/www.atelier-reklama.sk\/blog\/moj-krekacsky-kroj-a-jeho-prekreslene-vzory-spolu\/scan-z-knihy-nauka-o-krojoch-cast0010-2\/\" data-orig-file=\"https:\/\/i0.wp.com\/www.atelier-reklama.sk\/blog\/wp-content\/uploads\/2023\/03\/Scan-z-knihy-Nauka-o-krojoch-cast0010.jpg?fit=2338%2C1700&amp;ssl=1\" data-orig-size=\"2338,1700\" data-comments-opened=\"1\" data-image-meta=\"{&quot;aperture&quot;:&quot;0&quot;,&quot;credit&quot;:&quot;&quot;,&quot;camera&quot;:&quot;&quot;,&quot;caption&quot;:&quot;&quot;,&quot;created_timestamp&quot;:&quot;0&quot;,&quot;copyright&quot;:&quot;&quot;,&quot;focal_length&quot;:&quot;0&quot;,&quot;iso&quot;:&quot;0&quot;,&quot;shutter_speed&quot;:&quot;0&quot;,&quot;title&quot;:&quot;&quot;,&quot;orientation&quot;:&quot;0&quot;}\" data-image-title=\"Scan-z-knihy-Nauka-o-krojoch-cast0010\" data-image-description=\"\" data-image-caption=\"\" data-medium-file=\"https:\/\/i0.wp.com\/www.atelier-reklama.sk\/blog\/wp-content\/uploads\/2023\/03\/Scan-z-knihy-Nauka-o-krojoch-cast0010.jpg?fit=300%2C218&amp;ssl=1\" data-large-file=\"https:\/\/i0.wp.com\/www.atelier-reklama.sk\/blog\/wp-content\/uploads\/2023\/03\/Scan-z-knihy-Nauka-o-krojoch-cast0010.jpg?fit=800%2C582&amp;ssl=1\" src=\"https:\/\/i0.wp.com\/www.atelier-reklama.sk\/blog\/wp-content\/uploads\/2023\/03\/Scan-z-knihy-Nauka-o-krojoch-cast0010.jpg?resize=800%2C582&#038;ssl=1\" alt=\"\" class=\"wp-image-13500\" srcset=\"https:\/\/i0.wp.com\/www.atelier-reklama.sk\/blog\/wp-content\/uploads\/2023\/03\/Scan-z-knihy-Nauka-o-krojoch-cast0010.jpg?resize=1024%2C745&amp;ssl=1 1024w, https:\/\/i0.wp.com\/www.atelier-reklama.sk\/blog\/wp-content\/uploads\/2023\/03\/Scan-z-knihy-Nauka-o-krojoch-cast0010.jpg?resize=300%2C218&amp;ssl=1 300w, https:\/\/i0.wp.com\/www.atelier-reklama.sk\/blog\/wp-content\/uploads\/2023\/03\/Scan-z-knihy-Nauka-o-krojoch-cast0010.jpg?resize=768%2C558&amp;ssl=1 768w, https:\/\/i0.wp.com\/www.atelier-reklama.sk\/blog\/wp-content\/uploads\/2023\/03\/Scan-z-knihy-Nauka-o-krojoch-cast0010.jpg?resize=1536%2C1117&amp;ssl=1 1536w, https:\/\/i0.wp.com\/www.atelier-reklama.sk\/blog\/wp-content\/uploads\/2023\/03\/Scan-z-knihy-Nauka-o-krojoch-cast0010.jpg?resize=2048%2C1489&amp;ssl=1 2048w, https:\/\/i0.wp.com\/www.atelier-reklama.sk\/blog\/wp-content\/uploads\/2023\/03\/Scan-z-knihy-Nauka-o-krojoch-cast0010.jpg?w=1600&amp;ssl=1 1600w\" sizes=\"auto, (max-width: 800px) 100vw, 800px\" \/><\/figure>\n\n\n\n<figure class=\"wp-block-image size-large\"><img data-recalc-dims=\"1\" loading=\"lazy\" decoding=\"async\" width=\"800\" height=\"582\" data-attachment-id=\"13501\" data-permalink=\"https:\/\/www.atelier-reklama.sk\/blog\/moj-krekacsky-kroj-a-jeho-prekreslene-vzory-spolu\/scan-z-knihy-nauka-o-krojoch-cast0011-2\/\" data-orig-file=\"https:\/\/i0.wp.com\/www.atelier-reklama.sk\/blog\/wp-content\/uploads\/2023\/03\/Scan-z-knihy-Nauka-o-krojoch-cast0011.jpg?fit=2338%2C1700&amp;ssl=1\" data-orig-size=\"2338,1700\" data-comments-opened=\"1\" data-image-meta=\"{&quot;aperture&quot;:&quot;0&quot;,&quot;credit&quot;:&quot;&quot;,&quot;camera&quot;:&quot;&quot;,&quot;caption&quot;:&quot;&quot;,&quot;created_timestamp&quot;:&quot;0&quot;,&quot;copyright&quot;:&quot;&quot;,&quot;focal_length&quot;:&quot;0&quot;,&quot;iso&quot;:&quot;0&quot;,&quot;shutter_speed&quot;:&quot;0&quot;,&quot;title&quot;:&quot;&quot;,&quot;orientation&quot;:&quot;0&quot;}\" data-image-title=\"Scan-z-knihy-Nauka-o-krojoch-cast0011\" data-image-description=\"\" data-image-caption=\"\" data-medium-file=\"https:\/\/i0.wp.com\/www.atelier-reklama.sk\/blog\/wp-content\/uploads\/2023\/03\/Scan-z-knihy-Nauka-o-krojoch-cast0011.jpg?fit=300%2C218&amp;ssl=1\" data-large-file=\"https:\/\/i0.wp.com\/www.atelier-reklama.sk\/blog\/wp-content\/uploads\/2023\/03\/Scan-z-knihy-Nauka-o-krojoch-cast0011.jpg?fit=800%2C582&amp;ssl=1\" src=\"https:\/\/i0.wp.com\/www.atelier-reklama.sk\/blog\/wp-content\/uploads\/2023\/03\/Scan-z-knihy-Nauka-o-krojoch-cast0011.jpg?resize=800%2C582&#038;ssl=1\" alt=\"\" class=\"wp-image-13501\" srcset=\"https:\/\/i0.wp.com\/www.atelier-reklama.sk\/blog\/wp-content\/uploads\/2023\/03\/Scan-z-knihy-Nauka-o-krojoch-cast0011.jpg?resize=1024%2C745&amp;ssl=1 1024w, https:\/\/i0.wp.com\/www.atelier-reklama.sk\/blog\/wp-content\/uploads\/2023\/03\/Scan-z-knihy-Nauka-o-krojoch-cast0011.jpg?resize=300%2C218&amp;ssl=1 300w, https:\/\/i0.wp.com\/www.atelier-reklama.sk\/blog\/wp-content\/uploads\/2023\/03\/Scan-z-knihy-Nauka-o-krojoch-cast0011.jpg?resize=768%2C558&amp;ssl=1 768w, https:\/\/i0.wp.com\/www.atelier-reklama.sk\/blog\/wp-content\/uploads\/2023\/03\/Scan-z-knihy-Nauka-o-krojoch-cast0011.jpg?resize=1536%2C1117&amp;ssl=1 1536w, https:\/\/i0.wp.com\/www.atelier-reklama.sk\/blog\/wp-content\/uploads\/2023\/03\/Scan-z-knihy-Nauka-o-krojoch-cast0011.jpg?resize=2048%2C1489&amp;ssl=1 2048w, https:\/\/i0.wp.com\/www.atelier-reklama.sk\/blog\/wp-content\/uploads\/2023\/03\/Scan-z-knihy-Nauka-o-krojoch-cast0011.jpg?w=1600&amp;ssl=1 1600w\" sizes=\"auto, (max-width: 800px) 100vw, 800px\" \/><\/figure>\n\n\n\n<figure class=\"wp-block-image size-large\"><img data-recalc-dims=\"1\" loading=\"lazy\" decoding=\"async\" width=\"800\" height=\"582\" data-attachment-id=\"13502\" data-permalink=\"https:\/\/www.atelier-reklama.sk\/blog\/moj-krekacsky-kroj-a-jeho-prekreslene-vzory-spolu\/scan-z-knihy-nauka-o-krojoch-cast0012-2\/\" data-orig-file=\"https:\/\/i0.wp.com\/www.atelier-reklama.sk\/blog\/wp-content\/uploads\/2023\/03\/Scan-z-knihy-Nauka-o-krojoch-cast0012.jpg?fit=2338%2C1700&amp;ssl=1\" data-orig-size=\"2338,1700\" data-comments-opened=\"1\" data-image-meta=\"{&quot;aperture&quot;:&quot;0&quot;,&quot;credit&quot;:&quot;&quot;,&quot;camera&quot;:&quot;&quot;,&quot;caption&quot;:&quot;&quot;,&quot;created_timestamp&quot;:&quot;0&quot;,&quot;copyright&quot;:&quot;&quot;,&quot;focal_length&quot;:&quot;0&quot;,&quot;iso&quot;:&quot;0&quot;,&quot;shutter_speed&quot;:&quot;0&quot;,&quot;title&quot;:&quot;&quot;,&quot;orientation&quot;:&quot;0&quot;}\" data-image-title=\"Scan-z-knihy-Nauka-o-krojoch-cast0012\" data-image-description=\"\" data-image-caption=\"\" data-medium-file=\"https:\/\/i0.wp.com\/www.atelier-reklama.sk\/blog\/wp-content\/uploads\/2023\/03\/Scan-z-knihy-Nauka-o-krojoch-cast0012.jpg?fit=300%2C218&amp;ssl=1\" data-large-file=\"https:\/\/i0.wp.com\/www.atelier-reklama.sk\/blog\/wp-content\/uploads\/2023\/03\/Scan-z-knihy-Nauka-o-krojoch-cast0012.jpg?fit=800%2C582&amp;ssl=1\" src=\"https:\/\/i0.wp.com\/www.atelier-reklama.sk\/blog\/wp-content\/uploads\/2023\/03\/Scan-z-knihy-Nauka-o-krojoch-cast0012.jpg?resize=800%2C582&#038;ssl=1\" alt=\"\" class=\"wp-image-13502\" srcset=\"https:\/\/i0.wp.com\/www.atelier-reklama.sk\/blog\/wp-content\/uploads\/2023\/03\/Scan-z-knihy-Nauka-o-krojoch-cast0012.jpg?resize=1024%2C745&amp;ssl=1 1024w, https:\/\/i0.wp.com\/www.atelier-reklama.sk\/blog\/wp-content\/uploads\/2023\/03\/Scan-z-knihy-Nauka-o-krojoch-cast0012.jpg?resize=300%2C218&amp;ssl=1 300w, https:\/\/i0.wp.com\/www.atelier-reklama.sk\/blog\/wp-content\/uploads\/2023\/03\/Scan-z-knihy-Nauka-o-krojoch-cast0012.jpg?resize=768%2C558&amp;ssl=1 768w, https:\/\/i0.wp.com\/www.atelier-reklama.sk\/blog\/wp-content\/uploads\/2023\/03\/Scan-z-knihy-Nauka-o-krojoch-cast0012.jpg?resize=1536%2C1117&amp;ssl=1 1536w, https:\/\/i0.wp.com\/www.atelier-reklama.sk\/blog\/wp-content\/uploads\/2023\/03\/Scan-z-knihy-Nauka-o-krojoch-cast0012.jpg?resize=2048%2C1489&amp;ssl=1 2048w, https:\/\/i0.wp.com\/www.atelier-reklama.sk\/blog\/wp-content\/uploads\/2023\/03\/Scan-z-knihy-Nauka-o-krojoch-cast0012.jpg?w=1600&amp;ssl=1 1600w\" sizes=\"auto, (max-width: 800px) 100vw, 800px\" \/><figcaption class=\"wp-element-caption\">Fotografia \u017eeny z Litavy je nespr\u00e1vne umiestnen\u00e1, nepatr\u00ed do Novohradu.<\/figcaption><\/figure>\n\n\n\n<figure class=\"wp-block-image size-large\"><img data-recalc-dims=\"1\" loading=\"lazy\" decoding=\"async\" width=\"800\" height=\"582\" data-attachment-id=\"13503\" data-permalink=\"https:\/\/www.atelier-reklama.sk\/blog\/moj-krekacsky-kroj-a-jeho-prekreslene-vzory-spolu\/scan-z-knihy-nauka-o-krojoch-cast0013-2\/\" data-orig-file=\"https:\/\/i0.wp.com\/www.atelier-reklama.sk\/blog\/wp-content\/uploads\/2023\/03\/Scan-z-knihy-Nauka-o-krojoch-cast0013.jpg?fit=2338%2C1700&amp;ssl=1\" data-orig-size=\"2338,1700\" data-comments-opened=\"1\" data-image-meta=\"{&quot;aperture&quot;:&quot;0&quot;,&quot;credit&quot;:&quot;&quot;,&quot;camera&quot;:&quot;&quot;,&quot;caption&quot;:&quot;&quot;,&quot;created_timestamp&quot;:&quot;0&quot;,&quot;copyright&quot;:&quot;&quot;,&quot;focal_length&quot;:&quot;0&quot;,&quot;iso&quot;:&quot;0&quot;,&quot;shutter_speed&quot;:&quot;0&quot;,&quot;title&quot;:&quot;&quot;,&quot;orientation&quot;:&quot;0&quot;}\" data-image-title=\"Scan-z-knihy-Nauka-o-krojoch-cast0013\" data-image-description=\"\" data-image-caption=\"\" data-medium-file=\"https:\/\/i0.wp.com\/www.atelier-reklama.sk\/blog\/wp-content\/uploads\/2023\/03\/Scan-z-knihy-Nauka-o-krojoch-cast0013.jpg?fit=300%2C218&amp;ssl=1\" data-large-file=\"https:\/\/i0.wp.com\/www.atelier-reklama.sk\/blog\/wp-content\/uploads\/2023\/03\/Scan-z-knihy-Nauka-o-krojoch-cast0013.jpg?fit=800%2C582&amp;ssl=1\" src=\"https:\/\/i0.wp.com\/www.atelier-reklama.sk\/blog\/wp-content\/uploads\/2023\/03\/Scan-z-knihy-Nauka-o-krojoch-cast0013.jpg?resize=800%2C582&#038;ssl=1\" alt=\"\" class=\"wp-image-13503\" srcset=\"https:\/\/i0.wp.com\/www.atelier-reklama.sk\/blog\/wp-content\/uploads\/2023\/03\/Scan-z-knihy-Nauka-o-krojoch-cast0013.jpg?resize=1024%2C745&amp;ssl=1 1024w, https:\/\/i0.wp.com\/www.atelier-reklama.sk\/blog\/wp-content\/uploads\/2023\/03\/Scan-z-knihy-Nauka-o-krojoch-cast0013.jpg?resize=300%2C218&amp;ssl=1 300w, https:\/\/i0.wp.com\/www.atelier-reklama.sk\/blog\/wp-content\/uploads\/2023\/03\/Scan-z-knihy-Nauka-o-krojoch-cast0013.jpg?resize=768%2C558&amp;ssl=1 768w, https:\/\/i0.wp.com\/www.atelier-reklama.sk\/blog\/wp-content\/uploads\/2023\/03\/Scan-z-knihy-Nauka-o-krojoch-cast0013.jpg?resize=1536%2C1117&amp;ssl=1 1536w, https:\/\/i0.wp.com\/www.atelier-reklama.sk\/blog\/wp-content\/uploads\/2023\/03\/Scan-z-knihy-Nauka-o-krojoch-cast0013.jpg?resize=2048%2C1489&amp;ssl=1 2048w, https:\/\/i0.wp.com\/www.atelier-reklama.sk\/blog\/wp-content\/uploads\/2023\/03\/Scan-z-knihy-Nauka-o-krojoch-cast0013.jpg?w=1600&amp;ssl=1 1600w\" sizes=\"auto, (max-width: 800px) 100vw, 800px\" \/><figcaption class=\"wp-element-caption\"><br><\/figcaption><\/figure>\n\n\n\n<h5 class=\"wp-block-heading has-text-align-center\">Zdroj: Chlupov\u00e1, Anna a&nbsp;kol.: Slovensk\u00e1 \u013eudov\u00e1 v\u00fd\u0161ivka. 2. vydanie. Bratislava: \u00dastredie \u013eudovej umeleckej v\u00fdroby, 2011, s. 22, 23, 24, 27, 28, 29, 30.<\/h5>\n\n\n\n<figure class=\"wp-block-image aligncenter size-large\"><img data-recalc-dims=\"1\" loading=\"lazy\" decoding=\"async\" width=\"731\" height=\"198\" data-attachment-id=\"13615\" data-permalink=\"https:\/\/www.atelier-reklama.sk\/blog\/moj-krekacsky-kroj-a-jeho-prekreslene-vzory-spolu\/image-39\/\" data-orig-file=\"https:\/\/i0.wp.com\/www.atelier-reklama.sk\/blog\/wp-content\/uploads\/2023\/04\/image.png?fit=731%2C198&amp;ssl=1\" data-orig-size=\"731,198\" data-comments-opened=\"1\" data-image-meta=\"{&quot;aperture&quot;:&quot;0&quot;,&quot;credit&quot;:&quot;&quot;,&quot;camera&quot;:&quot;&quot;,&quot;caption&quot;:&quot;&quot;,&quot;created_timestamp&quot;:&quot;0&quot;,&quot;copyright&quot;:&quot;&quot;,&quot;focal_length&quot;:&quot;0&quot;,&quot;iso&quot;:&quot;0&quot;,&quot;shutter_speed&quot;:&quot;0&quot;,&quot;title&quot;:&quot;&quot;,&quot;orientation&quot;:&quot;0&quot;}\" data-image-title=\"image\" data-image-description=\"\" data-image-caption=\"\" data-medium-file=\"https:\/\/i0.wp.com\/www.atelier-reklama.sk\/blog\/wp-content\/uploads\/2023\/04\/image.png?fit=300%2C81&amp;ssl=1\" data-large-file=\"https:\/\/i0.wp.com\/www.atelier-reklama.sk\/blog\/wp-content\/uploads\/2023\/04\/image.png?fit=731%2C198&amp;ssl=1\" src=\"https:\/\/i0.wp.com\/www.atelier-reklama.sk\/blog\/wp-content\/uploads\/2023\/04\/image.png?resize=731%2C198&#038;ssl=1\" alt=\"\" class=\"wp-image-13615\" srcset=\"https:\/\/i0.wp.com\/www.atelier-reklama.sk\/blog\/wp-content\/uploads\/2023\/04\/image.png?w=731&amp;ssl=1 731w, https:\/\/i0.wp.com\/www.atelier-reklama.sk\/blog\/wp-content\/uploads\/2023\/04\/image.png?resize=300%2C81&amp;ssl=1 300w\" sizes=\"auto, (max-width: 731px) 100vw, 731px\" \/><\/figure>\n\n\n\n<figure class=\"wp-block-image aligncenter size-large\"><img data-recalc-dims=\"1\" loading=\"lazy\" decoding=\"async\" width=\"387\" height=\"331\" data-attachment-id=\"13616\" data-permalink=\"https:\/\/www.atelier-reklama.sk\/blog\/moj-krekacsky-kroj-a-jeho-prekreslene-vzory-spolu\/image-1\/\" data-orig-file=\"https:\/\/i0.wp.com\/www.atelier-reklama.sk\/blog\/wp-content\/uploads\/2023\/04\/image-1.png?fit=387%2C331&amp;ssl=1\" data-orig-size=\"387,331\" data-comments-opened=\"1\" data-image-meta=\"{&quot;aperture&quot;:&quot;0&quot;,&quot;credit&quot;:&quot;&quot;,&quot;camera&quot;:&quot;&quot;,&quot;caption&quot;:&quot;&quot;,&quot;created_timestamp&quot;:&quot;0&quot;,&quot;copyright&quot;:&quot;&quot;,&quot;focal_length&quot;:&quot;0&quot;,&quot;iso&quot;:&quot;0&quot;,&quot;shutter_speed&quot;:&quot;0&quot;,&quot;title&quot;:&quot;&quot;,&quot;orientation&quot;:&quot;0&quot;}\" data-image-title=\"image-1\" data-image-description=\"\" data-image-caption=\"\" data-medium-file=\"https:\/\/i0.wp.com\/www.atelier-reklama.sk\/blog\/wp-content\/uploads\/2023\/04\/image-1.png?fit=300%2C257&amp;ssl=1\" data-large-file=\"https:\/\/i0.wp.com\/www.atelier-reklama.sk\/blog\/wp-content\/uploads\/2023\/04\/image-1.png?fit=387%2C331&amp;ssl=1\" src=\"https:\/\/i0.wp.com\/www.atelier-reklama.sk\/blog\/wp-content\/uploads\/2023\/04\/image-1.png?resize=387%2C331&#038;ssl=1\" alt=\"\" class=\"wp-image-13616\" srcset=\"https:\/\/i0.wp.com\/www.atelier-reklama.sk\/blog\/wp-content\/uploads\/2023\/04\/image-1.png?w=387&amp;ssl=1 387w, https:\/\/i0.wp.com\/www.atelier-reklama.sk\/blog\/wp-content\/uploads\/2023\/04\/image-1.png?resize=300%2C257&amp;ssl=1 300w\" sizes=\"auto, (max-width: 387px) 100vw, 387px\" \/><\/figure>\n\n\n\n<figure class=\"wp-block-image aligncenter size-large\"><img data-recalc-dims=\"1\" loading=\"lazy\" decoding=\"async\" width=\"382\" height=\"302\" data-attachment-id=\"13617\" data-permalink=\"https:\/\/www.atelier-reklama.sk\/blog\/moj-krekacsky-kroj-a-jeho-prekreslene-vzory-spolu\/image-2-2\/\" data-orig-file=\"https:\/\/i0.wp.com\/www.atelier-reklama.sk\/blog\/wp-content\/uploads\/2023\/04\/image-2.png?fit=382%2C302&amp;ssl=1\" data-orig-size=\"382,302\" data-comments-opened=\"1\" data-image-meta=\"{&quot;aperture&quot;:&quot;0&quot;,&quot;credit&quot;:&quot;&quot;,&quot;camera&quot;:&quot;&quot;,&quot;caption&quot;:&quot;&quot;,&quot;created_timestamp&quot;:&quot;0&quot;,&quot;copyright&quot;:&quot;&quot;,&quot;focal_length&quot;:&quot;0&quot;,&quot;iso&quot;:&quot;0&quot;,&quot;shutter_speed&quot;:&quot;0&quot;,&quot;title&quot;:&quot;&quot;,&quot;orientation&quot;:&quot;0&quot;}\" data-image-title=\"image-2\" data-image-description=\"\" data-image-caption=\"\" data-medium-file=\"https:\/\/i0.wp.com\/www.atelier-reklama.sk\/blog\/wp-content\/uploads\/2023\/04\/image-2.png?fit=300%2C237&amp;ssl=1\" data-large-file=\"https:\/\/i0.wp.com\/www.atelier-reklama.sk\/blog\/wp-content\/uploads\/2023\/04\/image-2.png?fit=382%2C302&amp;ssl=1\" src=\"https:\/\/i0.wp.com\/www.atelier-reklama.sk\/blog\/wp-content\/uploads\/2023\/04\/image-2.png?resize=382%2C302&#038;ssl=1\" alt=\"\" class=\"wp-image-13617\" srcset=\"https:\/\/i0.wp.com\/www.atelier-reklama.sk\/blog\/wp-content\/uploads\/2023\/04\/image-2.png?w=382&amp;ssl=1 382w, https:\/\/i0.wp.com\/www.atelier-reklama.sk\/blog\/wp-content\/uploads\/2023\/04\/image-2.png?resize=300%2C237&amp;ssl=1 300w\" sizes=\"auto, (max-width: 382px) 100vw, 382px\" \/><\/figure>\n\n\n\n<figure class=\"wp-block-image size-large\"><img data-recalc-dims=\"1\" loading=\"lazy\" decoding=\"async\" width=\"788\" height=\"296\" data-attachment-id=\"13618\" data-permalink=\"https:\/\/www.atelier-reklama.sk\/blog\/moj-krekacsky-kroj-a-jeho-prekreslene-vzory-spolu\/image-3-2\/\" data-orig-file=\"https:\/\/i0.wp.com\/www.atelier-reklama.sk\/blog\/wp-content\/uploads\/2023\/04\/image-3.png?fit=788%2C296&amp;ssl=1\" data-orig-size=\"788,296\" data-comments-opened=\"1\" data-image-meta=\"{&quot;aperture&quot;:&quot;0&quot;,&quot;credit&quot;:&quot;&quot;,&quot;camera&quot;:&quot;&quot;,&quot;caption&quot;:&quot;&quot;,&quot;created_timestamp&quot;:&quot;0&quot;,&quot;copyright&quot;:&quot;&quot;,&quot;focal_length&quot;:&quot;0&quot;,&quot;iso&quot;:&quot;0&quot;,&quot;shutter_speed&quot;:&quot;0&quot;,&quot;title&quot;:&quot;&quot;,&quot;orientation&quot;:&quot;0&quot;}\" data-image-title=\"image-3\" data-image-description=\"\" data-image-caption=\"\" data-medium-file=\"https:\/\/i0.wp.com\/www.atelier-reklama.sk\/blog\/wp-content\/uploads\/2023\/04\/image-3.png?fit=300%2C113&amp;ssl=1\" data-large-file=\"https:\/\/i0.wp.com\/www.atelier-reklama.sk\/blog\/wp-content\/uploads\/2023\/04\/image-3.png?fit=788%2C296&amp;ssl=1\" src=\"https:\/\/i0.wp.com\/www.atelier-reklama.sk\/blog\/wp-content\/uploads\/2023\/04\/image-3.png?resize=788%2C296&#038;ssl=1\" alt=\"\" class=\"wp-image-13618\" srcset=\"https:\/\/i0.wp.com\/www.atelier-reklama.sk\/blog\/wp-content\/uploads\/2023\/04\/image-3.png?w=788&amp;ssl=1 788w, https:\/\/i0.wp.com\/www.atelier-reklama.sk\/blog\/wp-content\/uploads\/2023\/04\/image-3.png?resize=300%2C113&amp;ssl=1 300w, https:\/\/i0.wp.com\/www.atelier-reklama.sk\/blog\/wp-content\/uploads\/2023\/04\/image-3.png?resize=768%2C288&amp;ssl=1 768w\" sizes=\"auto, (max-width: 788px) 100vw, 788px\" \/><\/figure>\n\n\n\n<figure class=\"wp-block-image size-large\"><img data-recalc-dims=\"1\" loading=\"lazy\" decoding=\"async\" width=\"793\" height=\"245\" data-attachment-id=\"13620\" data-permalink=\"https:\/\/www.atelier-reklama.sk\/blog\/moj-krekacsky-kroj-a-jeho-prekreslene-vzory-spolu\/image-4-2\/\" data-orig-file=\"https:\/\/i0.wp.com\/www.atelier-reklama.sk\/blog\/wp-content\/uploads\/2023\/04\/image-4.png?fit=793%2C245&amp;ssl=1\" data-orig-size=\"793,245\" data-comments-opened=\"1\" data-image-meta=\"{&quot;aperture&quot;:&quot;0&quot;,&quot;credit&quot;:&quot;&quot;,&quot;camera&quot;:&quot;&quot;,&quot;caption&quot;:&quot;&quot;,&quot;created_timestamp&quot;:&quot;0&quot;,&quot;copyright&quot;:&quot;&quot;,&quot;focal_length&quot;:&quot;0&quot;,&quot;iso&quot;:&quot;0&quot;,&quot;shutter_speed&quot;:&quot;0&quot;,&quot;title&quot;:&quot;&quot;,&quot;orientation&quot;:&quot;0&quot;}\" data-image-title=\"image-4\" data-image-description=\"\" data-image-caption=\"\" data-medium-file=\"https:\/\/i0.wp.com\/www.atelier-reklama.sk\/blog\/wp-content\/uploads\/2023\/04\/image-4.png?fit=300%2C93&amp;ssl=1\" data-large-file=\"https:\/\/i0.wp.com\/www.atelier-reklama.sk\/blog\/wp-content\/uploads\/2023\/04\/image-4.png?fit=793%2C245&amp;ssl=1\" src=\"https:\/\/i0.wp.com\/www.atelier-reklama.sk\/blog\/wp-content\/uploads\/2023\/04\/image-4.png?resize=793%2C245&#038;ssl=1\" alt=\"\" class=\"wp-image-13620\" srcset=\"https:\/\/i0.wp.com\/www.atelier-reklama.sk\/blog\/wp-content\/uploads\/2023\/04\/image-4.png?w=793&amp;ssl=1 793w, https:\/\/i0.wp.com\/www.atelier-reklama.sk\/blog\/wp-content\/uploads\/2023\/04\/image-4.png?resize=300%2C93&amp;ssl=1 300w, https:\/\/i0.wp.com\/www.atelier-reklama.sk\/blog\/wp-content\/uploads\/2023\/04\/image-4.png?resize=768%2C237&amp;ssl=1 768w\" sizes=\"auto, (max-width: 793px) 100vw, 793px\" \/><\/figure>\n\n\n\n<figure class=\"wp-block-image aligncenter size-large\"><img data-recalc-dims=\"1\" loading=\"lazy\" decoding=\"async\" width=\"368\" height=\"307\" data-attachment-id=\"13621\" data-permalink=\"https:\/\/www.atelier-reklama.sk\/blog\/moj-krekacsky-kroj-a-jeho-prekreslene-vzory-spolu\/image-5-2\/\" data-orig-file=\"https:\/\/i0.wp.com\/www.atelier-reklama.sk\/blog\/wp-content\/uploads\/2023\/04\/image-5.png?fit=368%2C307&amp;ssl=1\" data-orig-size=\"368,307\" data-comments-opened=\"1\" data-image-meta=\"{&quot;aperture&quot;:&quot;0&quot;,&quot;credit&quot;:&quot;&quot;,&quot;camera&quot;:&quot;&quot;,&quot;caption&quot;:&quot;&quot;,&quot;created_timestamp&quot;:&quot;0&quot;,&quot;copyright&quot;:&quot;&quot;,&quot;focal_length&quot;:&quot;0&quot;,&quot;iso&quot;:&quot;0&quot;,&quot;shutter_speed&quot;:&quot;0&quot;,&quot;title&quot;:&quot;&quot;,&quot;orientation&quot;:&quot;0&quot;}\" data-image-title=\"image-5\" data-image-description=\"\" data-image-caption=\"\" data-medium-file=\"https:\/\/i0.wp.com\/www.atelier-reklama.sk\/blog\/wp-content\/uploads\/2023\/04\/image-5.png?fit=300%2C250&amp;ssl=1\" data-large-file=\"https:\/\/i0.wp.com\/www.atelier-reklama.sk\/blog\/wp-content\/uploads\/2023\/04\/image-5.png?fit=368%2C307&amp;ssl=1\" src=\"https:\/\/i0.wp.com\/www.atelier-reklama.sk\/blog\/wp-content\/uploads\/2023\/04\/image-5.png?resize=368%2C307&#038;ssl=1\" alt=\"\" class=\"wp-image-13621\" srcset=\"https:\/\/i0.wp.com\/www.atelier-reklama.sk\/blog\/wp-content\/uploads\/2023\/04\/image-5.png?w=368&amp;ssl=1 368w, https:\/\/i0.wp.com\/www.atelier-reklama.sk\/blog\/wp-content\/uploads\/2023\/04\/image-5.png?resize=300%2C250&amp;ssl=1 300w\" sizes=\"auto, (max-width: 368px) 100vw, 368px\" \/><\/figure>\n\n\n\n<figure class=\"wp-block-image size-large\"><img data-recalc-dims=\"1\" loading=\"lazy\" decoding=\"async\" width=\"781\" height=\"323\" data-attachment-id=\"13622\" data-permalink=\"https:\/\/www.atelier-reklama.sk\/blog\/moj-krekacsky-kroj-a-jeho-prekreslene-vzory-spolu\/image-6-2\/\" data-orig-file=\"https:\/\/i0.wp.com\/www.atelier-reklama.sk\/blog\/wp-content\/uploads\/2023\/04\/image-6.png?fit=781%2C323&amp;ssl=1\" data-orig-size=\"781,323\" data-comments-opened=\"1\" data-image-meta=\"{&quot;aperture&quot;:&quot;0&quot;,&quot;credit&quot;:&quot;&quot;,&quot;camera&quot;:&quot;&quot;,&quot;caption&quot;:&quot;&quot;,&quot;created_timestamp&quot;:&quot;0&quot;,&quot;copyright&quot;:&quot;&quot;,&quot;focal_length&quot;:&quot;0&quot;,&quot;iso&quot;:&quot;0&quot;,&quot;shutter_speed&quot;:&quot;0&quot;,&quot;title&quot;:&quot;&quot;,&quot;orientation&quot;:&quot;0&quot;}\" data-image-title=\"image-6\" data-image-description=\"\" data-image-caption=\"\" data-medium-file=\"https:\/\/i0.wp.com\/www.atelier-reklama.sk\/blog\/wp-content\/uploads\/2023\/04\/image-6.png?fit=300%2C124&amp;ssl=1\" data-large-file=\"https:\/\/i0.wp.com\/www.atelier-reklama.sk\/blog\/wp-content\/uploads\/2023\/04\/image-6.png?fit=781%2C323&amp;ssl=1\" src=\"https:\/\/i0.wp.com\/www.atelier-reklama.sk\/blog\/wp-content\/uploads\/2023\/04\/image-6.png?resize=781%2C323&#038;ssl=1\" alt=\"\" class=\"wp-image-13622\" srcset=\"https:\/\/i0.wp.com\/www.atelier-reklama.sk\/blog\/wp-content\/uploads\/2023\/04\/image-6.png?w=781&amp;ssl=1 781w, https:\/\/i0.wp.com\/www.atelier-reklama.sk\/blog\/wp-content\/uploads\/2023\/04\/image-6.png?resize=300%2C124&amp;ssl=1 300w, https:\/\/i0.wp.com\/www.atelier-reklama.sk\/blog\/wp-content\/uploads\/2023\/04\/image-6.png?resize=768%2C318&amp;ssl=1 768w\" sizes=\"auto, (max-width: 781px) 100vw, 781px\" \/><figcaption class=\"wp-element-caption\"><br><\/figcaption><\/figure>\n\n\n\n<figure class=\"wp-block-image aligncenter size-large\"><img data-recalc-dims=\"1\" loading=\"lazy\" decoding=\"async\" width=\"377\" height=\"298\" data-attachment-id=\"13624\" data-permalink=\"https:\/\/www.atelier-reklama.sk\/blog\/moj-krekacsky-kroj-a-jeho-prekreslene-vzory-spolu\/image-7-2\/\" data-orig-file=\"https:\/\/i0.wp.com\/www.atelier-reklama.sk\/blog\/wp-content\/uploads\/2023\/04\/image-7.png?fit=377%2C298&amp;ssl=1\" data-orig-size=\"377,298\" data-comments-opened=\"1\" data-image-meta=\"{&quot;aperture&quot;:&quot;0&quot;,&quot;credit&quot;:&quot;&quot;,&quot;camera&quot;:&quot;&quot;,&quot;caption&quot;:&quot;&quot;,&quot;created_timestamp&quot;:&quot;0&quot;,&quot;copyright&quot;:&quot;&quot;,&quot;focal_length&quot;:&quot;0&quot;,&quot;iso&quot;:&quot;0&quot;,&quot;shutter_speed&quot;:&quot;0&quot;,&quot;title&quot;:&quot;&quot;,&quot;orientation&quot;:&quot;0&quot;}\" data-image-title=\"image-7\" data-image-description=\"\" data-image-caption=\"\" data-medium-file=\"https:\/\/i0.wp.com\/www.atelier-reklama.sk\/blog\/wp-content\/uploads\/2023\/04\/image-7.png?fit=300%2C237&amp;ssl=1\" data-large-file=\"https:\/\/i0.wp.com\/www.atelier-reklama.sk\/blog\/wp-content\/uploads\/2023\/04\/image-7.png?fit=377%2C298&amp;ssl=1\" src=\"https:\/\/i0.wp.com\/www.atelier-reklama.sk\/blog\/wp-content\/uploads\/2023\/04\/image-7.png?resize=377%2C298&#038;ssl=1\" alt=\"\" class=\"wp-image-13624\" srcset=\"https:\/\/i0.wp.com\/www.atelier-reklama.sk\/blog\/wp-content\/uploads\/2023\/04\/image-7.png?w=377&amp;ssl=1 377w, https:\/\/i0.wp.com\/www.atelier-reklama.sk\/blog\/wp-content\/uploads\/2023\/04\/image-7.png?resize=300%2C237&amp;ssl=1 300w\" sizes=\"auto, (max-width: 377px) 100vw, 377px\" \/><\/figure>\n\n\n\n<figure class=\"wp-block-image aligncenter size-large\"><img data-recalc-dims=\"1\" loading=\"lazy\" decoding=\"async\" width=\"389\" height=\"324\" data-attachment-id=\"13625\" data-permalink=\"https:\/\/www.atelier-reklama.sk\/blog\/moj-krekacsky-kroj-a-jeho-prekreslene-vzory-spolu\/image-8-2\/\" data-orig-file=\"https:\/\/i0.wp.com\/www.atelier-reklama.sk\/blog\/wp-content\/uploads\/2023\/04\/image-8.png?fit=389%2C324&amp;ssl=1\" data-orig-size=\"389,324\" data-comments-opened=\"1\" data-image-meta=\"{&quot;aperture&quot;:&quot;0&quot;,&quot;credit&quot;:&quot;&quot;,&quot;camera&quot;:&quot;&quot;,&quot;caption&quot;:&quot;&quot;,&quot;created_timestamp&quot;:&quot;0&quot;,&quot;copyright&quot;:&quot;&quot;,&quot;focal_length&quot;:&quot;0&quot;,&quot;iso&quot;:&quot;0&quot;,&quot;shutter_speed&quot;:&quot;0&quot;,&quot;title&quot;:&quot;&quot;,&quot;orientation&quot;:&quot;0&quot;}\" data-image-title=\"image-8\" data-image-description=\"\" data-image-caption=\"\" data-medium-file=\"https:\/\/i0.wp.com\/www.atelier-reklama.sk\/blog\/wp-content\/uploads\/2023\/04\/image-8.png?fit=300%2C250&amp;ssl=1\" data-large-file=\"https:\/\/i0.wp.com\/www.atelier-reklama.sk\/blog\/wp-content\/uploads\/2023\/04\/image-8.png?fit=389%2C324&amp;ssl=1\" src=\"https:\/\/i0.wp.com\/www.atelier-reklama.sk\/blog\/wp-content\/uploads\/2023\/04\/image-8.png?resize=389%2C324&#038;ssl=1\" alt=\"\" class=\"wp-image-13625\" srcset=\"https:\/\/i0.wp.com\/www.atelier-reklama.sk\/blog\/wp-content\/uploads\/2023\/04\/image-8.png?w=389&amp;ssl=1 389w, https:\/\/i0.wp.com\/www.atelier-reklama.sk\/blog\/wp-content\/uploads\/2023\/04\/image-8.png?resize=300%2C250&amp;ssl=1 300w\" sizes=\"auto, (max-width: 389px) 100vw, 389px\" \/><\/figure>\n\n\n\n<figure class=\"wp-block-image aligncenter size-large\"><img data-recalc-dims=\"1\" loading=\"lazy\" decoding=\"async\" width=\"362\" height=\"287\" data-attachment-id=\"13626\" data-permalink=\"https:\/\/www.atelier-reklama.sk\/blog\/moj-krekacsky-kroj-a-jeho-prekreslene-vzory-spolu\/image-9-2\/\" data-orig-file=\"https:\/\/i0.wp.com\/www.atelier-reklama.sk\/blog\/wp-content\/uploads\/2023\/04\/image-9.png?fit=362%2C287&amp;ssl=1\" data-orig-size=\"362,287\" data-comments-opened=\"1\" data-image-meta=\"{&quot;aperture&quot;:&quot;0&quot;,&quot;credit&quot;:&quot;&quot;,&quot;camera&quot;:&quot;&quot;,&quot;caption&quot;:&quot;&quot;,&quot;created_timestamp&quot;:&quot;0&quot;,&quot;copyright&quot;:&quot;&quot;,&quot;focal_length&quot;:&quot;0&quot;,&quot;iso&quot;:&quot;0&quot;,&quot;shutter_speed&quot;:&quot;0&quot;,&quot;title&quot;:&quot;&quot;,&quot;orientation&quot;:&quot;0&quot;}\" data-image-title=\"image-9\" data-image-description=\"\" data-image-caption=\"\" data-medium-file=\"https:\/\/i0.wp.com\/www.atelier-reklama.sk\/blog\/wp-content\/uploads\/2023\/04\/image-9.png?fit=300%2C238&amp;ssl=1\" data-large-file=\"https:\/\/i0.wp.com\/www.atelier-reklama.sk\/blog\/wp-content\/uploads\/2023\/04\/image-9.png?fit=362%2C287&amp;ssl=1\" src=\"https:\/\/i0.wp.com\/www.atelier-reklama.sk\/blog\/wp-content\/uploads\/2023\/04\/image-9.png?resize=362%2C287&#038;ssl=1\" alt=\"\" class=\"wp-image-13626\" srcset=\"https:\/\/i0.wp.com\/www.atelier-reklama.sk\/blog\/wp-content\/uploads\/2023\/04\/image-9.png?w=362&amp;ssl=1 362w, https:\/\/i0.wp.com\/www.atelier-reklama.sk\/blog\/wp-content\/uploads\/2023\/04\/image-9.png?resize=300%2C238&amp;ssl=1 300w\" sizes=\"auto, (max-width: 362px) 100vw, 362px\" \/><\/figure>\n\n\n\n<figure class=\"wp-block-image aligncenter size-large\"><img data-recalc-dims=\"1\" loading=\"lazy\" decoding=\"async\" width=\"415\" height=\"327\" data-attachment-id=\"13627\" data-permalink=\"https:\/\/www.atelier-reklama.sk\/blog\/moj-krekacsky-kroj-a-jeho-prekreslene-vzory-spolu\/image-10-2\/\" data-orig-file=\"https:\/\/i0.wp.com\/www.atelier-reklama.sk\/blog\/wp-content\/uploads\/2023\/04\/image-10.png?fit=415%2C327&amp;ssl=1\" data-orig-size=\"415,327\" data-comments-opened=\"1\" data-image-meta=\"{&quot;aperture&quot;:&quot;0&quot;,&quot;credit&quot;:&quot;&quot;,&quot;camera&quot;:&quot;&quot;,&quot;caption&quot;:&quot;&quot;,&quot;created_timestamp&quot;:&quot;0&quot;,&quot;copyright&quot;:&quot;&quot;,&quot;focal_length&quot;:&quot;0&quot;,&quot;iso&quot;:&quot;0&quot;,&quot;shutter_speed&quot;:&quot;0&quot;,&quot;title&quot;:&quot;&quot;,&quot;orientation&quot;:&quot;0&quot;}\" data-image-title=\"image-10\" data-image-description=\"\" data-image-caption=\"\" data-medium-file=\"https:\/\/i0.wp.com\/www.atelier-reklama.sk\/blog\/wp-content\/uploads\/2023\/04\/image-10.png?fit=300%2C236&amp;ssl=1\" data-large-file=\"https:\/\/i0.wp.com\/www.atelier-reklama.sk\/blog\/wp-content\/uploads\/2023\/04\/image-10.png?fit=415%2C327&amp;ssl=1\" src=\"https:\/\/i0.wp.com\/www.atelier-reklama.sk\/blog\/wp-content\/uploads\/2023\/04\/image-10.png?resize=415%2C327&#038;ssl=1\" alt=\"\" class=\"wp-image-13627\" srcset=\"https:\/\/i0.wp.com\/www.atelier-reklama.sk\/blog\/wp-content\/uploads\/2023\/04\/image-10.png?w=415&amp;ssl=1 415w, https:\/\/i0.wp.com\/www.atelier-reklama.sk\/blog\/wp-content\/uploads\/2023\/04\/image-10.png?resize=300%2C236&amp;ssl=1 300w\" sizes=\"auto, (max-width: 415px) 100vw, 415px\" \/><\/figure>\n\n\n\n<figure class=\"wp-block-image aligncenter size-large\"><img data-recalc-dims=\"1\" loading=\"lazy\" decoding=\"async\" width=\"425\" height=\"204\" data-attachment-id=\"13628\" data-permalink=\"https:\/\/www.atelier-reklama.sk\/blog\/moj-krekacsky-kroj-a-jeho-prekreslene-vzory-spolu\/image-11-2\/\" data-orig-file=\"https:\/\/i0.wp.com\/www.atelier-reklama.sk\/blog\/wp-content\/uploads\/2023\/04\/image-11.png?fit=425%2C204&amp;ssl=1\" data-orig-size=\"425,204\" data-comments-opened=\"1\" data-image-meta=\"{&quot;aperture&quot;:&quot;0&quot;,&quot;credit&quot;:&quot;&quot;,&quot;camera&quot;:&quot;&quot;,&quot;caption&quot;:&quot;&quot;,&quot;created_timestamp&quot;:&quot;0&quot;,&quot;copyright&quot;:&quot;&quot;,&quot;focal_length&quot;:&quot;0&quot;,&quot;iso&quot;:&quot;0&quot;,&quot;shutter_speed&quot;:&quot;0&quot;,&quot;title&quot;:&quot;&quot;,&quot;orientation&quot;:&quot;0&quot;}\" data-image-title=\"image-11\" data-image-description=\"\" data-image-caption=\"\" data-medium-file=\"https:\/\/i0.wp.com\/www.atelier-reklama.sk\/blog\/wp-content\/uploads\/2023\/04\/image-11.png?fit=300%2C144&amp;ssl=1\" data-large-file=\"https:\/\/i0.wp.com\/www.atelier-reklama.sk\/blog\/wp-content\/uploads\/2023\/04\/image-11.png?fit=425%2C204&amp;ssl=1\" src=\"https:\/\/i0.wp.com\/www.atelier-reklama.sk\/blog\/wp-content\/uploads\/2023\/04\/image-11.png?resize=425%2C204&#038;ssl=1\" alt=\"\" class=\"wp-image-13628\" srcset=\"https:\/\/i0.wp.com\/www.atelier-reklama.sk\/blog\/wp-content\/uploads\/2023\/04\/image-11.png?w=425&amp;ssl=1 425w, https:\/\/i0.wp.com\/www.atelier-reklama.sk\/blog\/wp-content\/uploads\/2023\/04\/image-11.png?resize=300%2C144&amp;ssl=1 300w\" sizes=\"auto, (max-width: 425px) 100vw, 425px\" \/><\/figure>\n\n\n\n<figure class=\"wp-block-image aligncenter size-large\"><img data-recalc-dims=\"1\" loading=\"lazy\" decoding=\"async\" width=\"349\" height=\"418\" data-attachment-id=\"13629\" data-permalink=\"https:\/\/www.atelier-reklama.sk\/blog\/moj-krekacsky-kroj-a-jeho-prekreslene-vzory-spolu\/image-12-2\/\" data-orig-file=\"https:\/\/i0.wp.com\/www.atelier-reklama.sk\/blog\/wp-content\/uploads\/2023\/04\/image-12.png?fit=349%2C418&amp;ssl=1\" data-orig-size=\"349,418\" data-comments-opened=\"1\" data-image-meta=\"{&quot;aperture&quot;:&quot;0&quot;,&quot;credit&quot;:&quot;&quot;,&quot;camera&quot;:&quot;&quot;,&quot;caption&quot;:&quot;&quot;,&quot;created_timestamp&quot;:&quot;0&quot;,&quot;copyright&quot;:&quot;&quot;,&quot;focal_length&quot;:&quot;0&quot;,&quot;iso&quot;:&quot;0&quot;,&quot;shutter_speed&quot;:&quot;0&quot;,&quot;title&quot;:&quot;&quot;,&quot;orientation&quot;:&quot;0&quot;}\" data-image-title=\"image-12\" data-image-description=\"\" data-image-caption=\"\" data-medium-file=\"https:\/\/i0.wp.com\/www.atelier-reklama.sk\/blog\/wp-content\/uploads\/2023\/04\/image-12.png?fit=250%2C300&amp;ssl=1\" data-large-file=\"https:\/\/i0.wp.com\/www.atelier-reklama.sk\/blog\/wp-content\/uploads\/2023\/04\/image-12.png?fit=349%2C418&amp;ssl=1\" src=\"https:\/\/i0.wp.com\/www.atelier-reklama.sk\/blog\/wp-content\/uploads\/2023\/04\/image-12.png?resize=349%2C418&#038;ssl=1\" alt=\"\" class=\"wp-image-13629\" srcset=\"https:\/\/i0.wp.com\/www.atelier-reklama.sk\/blog\/wp-content\/uploads\/2023\/04\/image-12.png?w=349&amp;ssl=1 349w, https:\/\/i0.wp.com\/www.atelier-reklama.sk\/blog\/wp-content\/uploads\/2023\/04\/image-12.png?resize=250%2C300&amp;ssl=1 250w\" sizes=\"auto, (max-width: 349px) 100vw, 349px\" \/><\/figure>\n","protected":false},"excerpt":{"rendered":"<p>Anna \u010cep\u00e1kov\u00e1, \u010d\u00edslo z\u00e1znamu 2023\/5\/154, pr\u00e1vo pou\u017eitia nekomer\u010dn\u00e9 \u00fa\u010dely VZORY SOM PREKRES\u013dOVALA NA FORM\u00c1T A3, PO VYTLA\u010cEN\u00cd BUD\u00da V POMERE<\/p>\n","protected":false},"author":1,"featured_media":13743,"comment_status":"open","ping_status":"open","sticky":true,"template":"","format":"standard","meta":{"_exactmetrics_skip_tracking":false,"_exactmetrics_sitenote_active":false,"_exactmetrics_sitenote_note":"","_exactmetrics_sitenote_category":0,"jetpack_post_was_ever_published":false,"_jetpack_newsletter_access":"","_jetpack_dont_email_post_to_subs":false,"_jetpack_newsletter_tier_id":0,"_jetpack_memberships_contains_paywalled_content":false,"_jetpack_memberships_contains_paid_content":false,"footnotes":"","jetpack_publicize_message":"","jetpack_publicize_feature_enabled":true,"jetpack_social_post_already_shared":true,"jetpack_social_options":{"image_generator_settings":{"template":"highway","enabled":false},"version":2}},"categories":[22,26,4],"tags":[],"class_list":["post-12544","post","type-post","status-publish","format-standard","has-post-thumbnail","hentry","category-krekacsky-kroj","category-ludovy-odev-z-okolia-bzovika","category-zaujimavosti"],"jetpack_publicize_connections":[],"jetpack_featured_media_url":"https:\/\/i0.wp.com\/www.atelier-reklama.sk\/blog\/wp-content\/uploads\/2023\/04\/z%C3%A1stera-Senohrad-svadobna-scaled.jpg?fit=2560%2C1764&ssl=1","jetpack_sharing_enabled":true,"jetpack_shortlink":"https:\/\/wp.me\/paKGI9-3gk","jetpack-related-posts":[],"_links":{"self":[{"href":"https:\/\/www.atelier-reklama.sk\/blog\/wp-json\/wp\/v2\/posts\/12544","targetHints":{"allow":["GET"]}}],"collection":[{"href":"https:\/\/www.atelier-reklama.sk\/blog\/wp-json\/wp\/v2\/posts"}],"about":[{"href":"https:\/\/www.atelier-reklama.sk\/blog\/wp-json\/wp\/v2\/types\/post"}],"author":[{"embeddable":true,"href":"https:\/\/www.atelier-reklama.sk\/blog\/wp-json\/wp\/v2\/users\/1"}],"replies":[{"embeddable":true,"href":"https:\/\/www.atelier-reklama.sk\/blog\/wp-json\/wp\/v2\/comments?post=12544"}],"version-history":[{"count":347,"href":"https:\/\/www.atelier-reklama.sk\/blog\/wp-json\/wp\/v2\/posts\/12544\/revisions"}],"predecessor-version":[{"id":16348,"href":"https:\/\/www.atelier-reklama.sk\/blog\/wp-json\/wp\/v2\/posts\/12544\/revisions\/16348"}],"wp:featuredmedia":[{"embeddable":true,"href":"https:\/\/www.atelier-reklama.sk\/blog\/wp-json\/wp\/v2\/media\/13743"}],"wp:attachment":[{"href":"https:\/\/www.atelier-reklama.sk\/blog\/wp-json\/wp\/v2\/media?parent=12544"}],"wp:term":[{"taxonomy":"category","embeddable":true,"href":"https:\/\/www.atelier-reklama.sk\/blog\/wp-json\/wp\/v2\/categories?post=12544"},{"taxonomy":"post_tag","embeddable":true,"href":"https:\/\/www.atelier-reklama.sk\/blog\/wp-json\/wp\/v2\/tags?post=12544"}],"curies":[{"name":"wp","href":"https:\/\/api.w.org\/{rel}","templated":true}]}}